{"administration":"pref01","administration_name":"Pr\u00e9fecture de l\u2019Ain","content":"AIN\nRECUEIL DES ACTES\nADMINISTRATIFS\nN\u00b001-2026-055\nPUBLI\u00c9 LE 17 F\u00c9VRIER 2026\nSommaire\n84_DREAL_Direction r\u00e9gionale de l'environnement, de l'am\u00e9nagement et\ndu logement d'Auvergne-Rh\u00f4ne-Alpes / Secr\u00e9tariat G\u00e9n\u00e9ral\n01-2026-02-10-00006 - Arr\u00eat\u00e9 interpr\u00e9fectoral portant d\u00e9rogation\naux dispositions de l'article L.411-1 du code de l'environnement\npour\u00a0r\u00e9colte, transport, d\u00e9tention, utilisation et r\u00e9introduction\nd'esp\u00e8ce v\u00e9g\u00e9tale prot\u00e9g\u00e9e Orcanette des sables (Onosma\narenaria)  (5 pages) Page 3\n2\n84_DREAL_Direction r\u00e9gionale de\nl'environnement, de l'am\u00e9nagement et du\nlogement d'Auvergne-Rh\u00f4ne-Alpes\n01-2026-02-10-00006\nArr\u00eat\u00e9 interpr\u00e9fectoral portant d\u00e9rogation aux\ndispositions de l'article L.411-1 du code de\nl'environnement pour\u00a0r\u00e9colte, transport,\nd\u00e9tention, utilisation et r\u00e9introduction d'esp\u00e8ce\nv\u00e9g\u00e9tale prot\u00e9g\u00e9e Orcanette des sables (Onosma\narenaria) \n84_DREAL_Direction r\u00e9gionale de l'environnement, de l'am\u00e9nagement et du logement d'Auvergne-Rh\u00f4ne-Alpes - 01-2026-02-10-00006\n- Arr\u00eat\u00e9 interpr\u00e9fectoral portant d\u00e9rogation aux dispositions de l'article L.411-1 du code de l'environnement pour\u00a0r\u00e9colte, transport,\nd\u00e9tention, utilisation et r\u00e9introduction d'esp\u00e8ce v\u00e9g\u00e9tale prot\u00e9g\u00e9e Orcanette des sables (Onosma arenaria) \n3\n| |PREFETEDE LA REGIONAUVERGNE-RHONE-ALPESLibert\u00e9Egalit\u00e9Fraternit\u00e9\nLyon, le 10 f\u00e9vrier 2026\nArr\u00eat\u00e9 interpr\u00e9fectoral n\u00b0DREAL-AURA-EHN-2026-16\nportant d\u00e9rogation aux dispositions de l'article L.411-1 du code de l'environnement pour\u00a0: \nr\u00e9colte, transport, d\u00e9tention, utilisation et r\u00e9introduction d'esp\u00e8ce v\u00e9g\u00e9tale prot\u00e9g\u00e9e\nOrcanette des sables (Onosma arenaria)\nB\u00e9n\u00e9ficiaire\u00a0: Conservatoire Botanique National Alpin (CBNA)\nLE PR\u00c9FET DU D\u00c9PARTEMENT DE L'AIN\nLA PR\u00c9F\u00c8TE DE LA DR\u00d4ME\nChevalier de la L\u00e9gion d'honneur\nChevalier de l'ordre national du M\u00e9rite\nLA PR\u00c9F\u00c8TE DE LA R\u00c9GION AUVERGNE-RH\u00d4NE-ALPES\nPR\u00c9F\u00c8TE DU RH\u00d4NE\nCommandeur de la L\u00e9gion d'honneur\nCommandeur de l'ordre national du M\u00e9rite\nVU le code de l'environnement, et notamment ses articles L.163-5, L.411-1, L.411-1A, L.411-2 et R.411-1 \u00e0\nR.411-14\u00a0;\nVU le code des relations entre le public et l'administration, notamment les articles L.221-2, L.221-3\u00a0;\nVU l'arr\u00eat\u00e9  interminist\u00e9riel  du  19  f\u00e9vrier  2007  modifi\u00e9  fixant  les  conditions  de  demande  et\nd'instruction des d\u00e9rogations d\u00e9finies au 4\u00b0 de l'article L.411-2 du code de l'environnement portant\nsur les esp\u00e8ces de faune et de flore sauvages prot\u00e9g\u00e9es\u00a0;\nVU l'arr\u00eat\u00e9 interminist\u00e9riel du 20 janvier 1982 modifi\u00e9 relatif \u00e0 la liste des esp\u00e8ces v\u00e9g\u00e9tales prot\u00e9g\u00e9es\nsur l'ensemble du Territoire national\u00a0;\nVU l'arr\u00eat\u00e9 interminist\u00e9riel du 4 d\u00e9cembre 1990 relatif \u00e0 la liste des esp\u00e8ces v\u00e9g\u00e9tales prot\u00e9g\u00e9es en\nr\u00e9gion Rh\u00f4ne-Alpes, compl\u00e9tant la liste nationale\u00a0;\nVU l'arr\u00eat\u00e9 pr\u00e9fecto ral n\u00b001-2026-01-21-00002 du 21 janvier 2026 portant d\u00e9l\u00e9gation de signature \u00e0\nM.\u00a0Olivier  DAVID,  directeur  r\u00e9gional  de  l'environnement,  de  l'am\u00e9nagement  et  du  logement\nAuvergne-Rh\u00f4ne-Alpes, dans le ressort du d\u00e9partement de l'Ain\u00a0;\nVU l'arr\u00eat\u00e9 pr\u00e9fectoral n\u00b0DREAL-SG-2026-005 du 02 f\u00e9vrier 2026 portant subd\u00e9l\u00e9gation de signature\naux agents de la direction r\u00e9gionale de l'environnement, de l'am\u00e9nagement et du logement  (DREAL)\nAuvergne-Rh\u00f4ne-Alpes pour les comp\u00e9tences g\u00e9n\u00e9rales et techniques pour le d\u00e9partement de l'Ain\u00a0;\nVU l'arr\u00eat\u00e9 pr\u00e9fe ctoral n\u00b026-2026-01-00005 du 26 janvier 2026 portant  d\u00e9l\u00e9gation de signature \u00e0\nM.\u00a0Olivier  DAVID,  directeur  r\u00e9gional  de  l'environnement,  de  l'am\u00e9nagement  et  du  logement\nAuvergne-Rh\u00f4ne-Alpes pour le d\u00e9partement de la Dr\u00f4me\u00a0;\nAdresse postale : 69453 LYON CEDEX 06\nStandard : 04 26 28 60 00 - www.auvergne-rhone-alpes.developpement-durable.gouv.fr page 1/5\nDirection r\u00e9gionale de l'environnement,\nde l'am\u00e9nagement et du logement\nAuvergne-Rh\u00f4ne-Alpes\n84_DREAL_Direction r\u00e9gionale de l'environnement, de l'am\u00e9nagement et du logement d'Auvergne-Rh\u00f4ne-Alpes - 01-2026-02-10-00006\n- Arr\u00eat\u00e9 interpr\u00e9fectoral portant d\u00e9rogation aux dispositions de l'article L.411-1 du code de l'environnement pour\u00a0r\u00e9colte, transport,\nd\u00e9tention, utilisation et r\u00e9introduction d'esp\u00e8ce v\u00e9g\u00e9tale prot\u00e9g\u00e9e Orcanette des sables (Onosma arenaria) \n4\nVU l'arr\u00eat\u00e9 pr\u00e9fectoral n\u00b0DREAL-SG-2026-12 du 02 f\u00e9vrier 2026 portant subd\u00e9l\u00e9gation de signature\naux agents de la DREAL Auvergne-Rh\u00f4ne-Alpes pour les comp\u00e9tences g\u00e9n\u00e9rales et techniques pour le\nd\u00e9partement de la Dr\u00f4me\u00a0;\nVU l'arr\u00eat\u00e9 pr\u00e9fectoral n\u00b069-2026-02-02-00003 du 02 f\u00e9vrier 2026 portant d\u00e9l\u00e9gation de signature \u00e0\nM.\u00a0Olivier DAVID, directeur r\u00e9gional  de l'environnement, de l'am\u00e9nagement et du logement de la\nr\u00e9gion Auvergne-Rh\u00f4ne-Alpes dans le ressort du d\u00e9partement du Rh\u00f4ne\u00a0;\nVU l'arr\u00eat\u00e9 pr\u00e9fectoral n\u00b0DREAL-SG-2026-019 du 04 f\u00e9vrier 2026 portant subd\u00e9l\u00e9gation de signature aux\nagents de la DREAL Auvergne-Rh\u00f4ne-Alpes pour les comp\u00e9tences g\u00e9n\u00e9rales et techniques pour  le\nd\u00e9partement du Rh\u00f4ne\u00a0;\nVU les lignes directrices de la DREAL Auvergne-Rh\u00f4ne-Alpes du 30 octobre 2017 pr\u00e9cisant la nature\ndes d\u00e9cisions individuelles, notamment dans le cadre des d\u00e9rogations \u00e0 la protection des esp\u00e8ces,\nsoumises  ou  non  \u00e0  participation  du  public,  au  vu  de  leur  incidence  sur  la  protection  de\nl'environnement, dans l'ensemble des d\u00e9partements de la r\u00e9gion Auvergne-Rh\u00f4ne-Alpes\u00a0;\nVU  la demande  de d\u00e9rogation pou r la  r\u00e9colte, transport,  d\u00e9tention, utilisation et r\u00e9introduction\nd'esp\u00e8ce v\u00e9g\u00e9tale prot\u00e9g\u00e9e  d\u00e9pos\u00e9e le 10 avril 2025 par le  Conservatoire Botanique National Alpin\n(CBNA)  dans le cadre  du plan national d'actions en faveur  des esp\u00e8ces  et habitats de pelouses\nsableuses de la vall\u00e9e du Rh\u00f4ne et de l'Ain\u00a0;\nVU l'avis favorable du Conseil national de la Protection de la nature du 23 octobre\u00a02025\u00a0;\nVU le projet d'arr\u00eat\u00e9 transmis le 29 janvier 2026 au p\u00e9titionnaire, et sa r\u00e9ponse du 03 f\u00e9vrier 2026\u00a0;\nCONSID\u00c9RANT l'absence d'observation du public \u00e0 l'issue de la mise en \u0153uvre de la proc\u00e9dure de\nparticipation du public par le biais de la mise en ligne de la demande sur le site Internet de la DREAL\nAuvergne-Rh\u00f4ne-Alpes du 24 octobre au 08 novembre 2025 inclus\u00a0;\nCONSID\u00c9RANT que la pr\u00e9sente demande est d\u00e9pos\u00e9e\u00a0:\n\u2022 dans l'int\u00e9r\u00eat de la protection de la faune et de la flore sauvages et de la conservation des\nhabitats naturels\u00a0;\n\u2022 \u00e0 des fins de recherche et d'\u00e9ducation, de repeuplement et de r\u00e9introduction de ces esp\u00e8ces\net  pour  des op\u00e9rations  de reproduction n\u00e9cessaires  \u00e0 ces  fins,  y  compris la propagation\nartificielle des plantes.\nCONSID\u00c9RANT qu'il n'existe pas d'autre solution satisfaisante\u00a0;\nCONSID\u00c9RANT que la d\u00e9rogation ne nuit pas au maintien, dans un \u00e9tat de conservation favorable,\ndes populations d'esp\u00e8ces prot\u00e9g\u00e9es concern\u00e9es dans leur aire de r\u00e9partition naturelle compte tenu\ndes prescriptions mises en \u0153uvre, telles que d\u00e9taill\u00e9es \u00e0 l'article 2 ci-apr\u00e8s\u00a0;\nCONSID\u00c9RANT que les personnes habilit\u00e9es disposent de la comp\u00e9tence pour la mise en \u0153uvre des\nop\u00e9rations consid\u00e9r\u00e9es\u00a0;\nSUR proposition du directeur  r\u00e9gional  par  int\u00e9rim  de l'Environnement, de l'Am\u00e9nagement  et du\nLogement de la r\u00e9gion Auvergne-Rh\u00f4ne-Alpes\u00a0;\nARR\u00caTE\nARTICLE 1\u00a0: B\u00e9n\u00e9ficiaire de l'autorisation et objet\u00a0 \nDans le cadre du plan national d'actions en faveur des esp\u00e8ces et habitats de pelouses sableuses de la\nvall\u00e9e du Rh\u00f4ne et de l'Ain, le Conservatoire Botanique National Alpin (CBNA), dont le si\u00e8ge social est\nsitu\u00e9  Domaine de Charance \u00e0 GAP (05000), et l'antenne 148 rue Pasteur \u00e0 CHAMBERY (73000) ,  est\nautoris\u00e9 \u00e0 pratiquer, dans le cadre d\u00e9fini aux articles 2 et suivants du pr\u00e9sent arr\u00eat\u00e9\u00a0:\nAdresse postale : 69453 LYON CEDEX 06\nStandard : 04 26 28 60 00 - www.auvergne-rhone-alpes.developpement-durable.gouv.fr page 2/5\n84_DREAL_Direction r\u00e9gionale de l'environnement, de l'am\u00e9nagement et du logement d'Auvergne-Rh\u00f4ne-Alpes - 01-2026-02-10-00006\n- Arr\u00eat\u00e9 interpr\u00e9fectoral portant d\u00e9rogation aux dispositions de l'article L.411-1 du code de l'environnement pour\u00a0r\u00e9colte, transport,\nd\u00e9tention, utilisation et r\u00e9introduction d'esp\u00e8ce v\u00e9g\u00e9tale prot\u00e9g\u00e9e Orcanette des sables (Onosma arenaria) \n5\n\u2022 la  r\u00e9colte,  le  transport,  la  d\u00e9tention,  l'utilisation  et  la  r\u00e9introduction  d'esp\u00e8ce  v\u00e9g\u00e9tale\nprot\u00e9g\u00e9e\u00a0:\n> FLORE\nOrcanette des sables\n(Onosma arenaria)\nIntroduction \u00e0 des fins conservatoires de semences (3\u00a0000 graines\npar semis) r\u00e9colt\u00e9es sur des populations d'au moins 600 individus\nARTICLE 2\u00a0: Prescriptions techniques\n> Lieux d'intervention\u00a0: d\u00e9partements de l'Ain, de la Dr\u00f4me et du Rh\u00f4ne.\n> Protocole\u00a0:\nLes  op\u00e9rations  de  pr\u00e9l\u00e8vement  sont  strictement  limit\u00e9es  \u00e0 ce  qui  est  n\u00e9cessaire  pour  atteindre\nl'objectif recherch\u00e9.\n> Mo  dalit\u00e9s  \u00a0:\nLes modalit\u00e9s de r\u00e9alisation des op\u00e9rations sont les suivantes\u00a0:\n\u2022 r\u00e9alisation  de  semis  sur  cinq  sites,  en  fonction  des  graines  disponibles  annuellement  sur  les\npopulations sources,  avec r\u00e9colte d'environ 3 \u00a0000 graines par semis (\u00e9quivalent de la production\nd'une quinzaine d'individus de taille moyenne par site)\u00a0;\n\u2022 r\u00e9coltes  r\u00e9alis\u00e9es  sur  des  populations  d'au  moins  600  individus,  ne  d\u00e9passant  pas  10 \u00a0%  de  la\npopulation\u00a0;\n\u2022 r\u00e9coltes pouvant \u00eatre r\u00e9alis\u00e9es ult\u00e9rieurement pour pr\u00e9server les populations sources\u00a0;\n\u2022 p\u00e9riode de r\u00e9colte r\u00e9alis\u00e9e entre les mois d'ao\u00fbt et d'octobre\u00a0;\n\u2022 semis r\u00e9alis\u00e9s au d\u00e9but de l'automne, entre les mois de septembre et de novembre\u00a0;\n\u2022 graines pr\u00e9sentes sur site en hiver et b\u00e9n\u00e9ficiant des premi\u00e8res pluies de printemps pour germer\u00a0;\n\u2022 surveillance des germinations au printemps suivant l 'introduction avec r\u00e9alisation d'un ou plusieurs\narrosages si n\u00e9cessaire\u00a0;\n\u2022 r\u00e9alisation de semis suppl\u00e9mentaires en cas de s\u00e9cheresse  intense et  mortalit\u00e9  importante au\npremier printemps.\nARTICLE 3\u00a0: Personnes habilit\u00e9es\u00a0\nLes personnes habilit\u00e9es pour r\u00e9aliser les op\u00e9rations sont\u00a0: \n\u2022 V\u00e9ronique B ONNET, docteur en \u00e9cologie v\u00e9g\u00e9tale, charg\u00e9e de mission \u00ab conservation \u00bb au\nConservatoire botanique national alpin, responsable du Plan National d'Actions en faveur de\nla flore et des habitats des pelouses sableuses continentales de la vall\u00e9e du Rh\u00f4ne et de l'Ain,\net responsable du Plan r\u00e9gional de conservation de l'Orcanette des sables\u00a0;\n\u2022 Fr\u00e9d\u00e9ric MARQUIS, jardinier botaniste au Conservatoire botanique national alpin.\nEn appui\u00a0:\n\u2022 les agents du Conservatoire botanique national Massif Central pour le site de Miribel-Jonage.\nLes personnes habilit\u00e9es sont porteuses de la pr\u00e9sente autorisation lors des op\u00e9rations vis\u00e9es, et sont\ntenues de la pr\u00e9senter \u00e0 toute demande des agents commissionn\u00e9s au titre de l'environnement.\nAdresse postale : 69453 LYON CEDEX 06\nStandard : 04 26 28 60 00 - www.auvergne-rhone-alpes.developpement-durable.gouv.fr page 3/5\n84_DREAL_Direction r\u00e9gionale de l'environnement, de l'am\u00e9nagement et du logement d'Auvergne-Rh\u00f4ne-Alpes - 01-2026-02-10-00006\n- Arr\u00eat\u00e9 interpr\u00e9fectoral portant d\u00e9rogation aux dispositions de l'article L.411-1 du code de l'environnement pour\u00a0r\u00e9colte, transport,\nd\u00e9tention, utilisation et r\u00e9introduction d'esp\u00e8ce v\u00e9g\u00e9tale prot\u00e9g\u00e9e Orcanette des sables (Onosma arenaria) \n6\nPour tenir compte des mouvements de personnel, le  Conservatoire botanique national alpin  doit\ncommuniquer  annuellement  \u00e0  la  DREAL  Auvergne-Rh\u00f4ne-Alpes  (service  Eau,  Hydro\u00e9lectricit\u00e9  et\nNature  /  p\u00f4le  Pr\u00e9servation  des  milieux  et  des  esp\u00e8ces  -  pme.ehn.dreal-ara@developpement-\ndurable.gouv.fr), la liste des personnels charg\u00e9s de la mise en \u0153uvre de la pr\u00e9sente autorisation.\nARTICLE 4\u00a0: Dur\u00e9e de validit\u00e9 de l'autorisation\nCette autorisation est valable jusqu'au 31 d\u00e9cembre 2028.\nARTICLE 5\u00a0: Mise \u00e0 disposition des donn\u00e9es\nLe b\u00e9n\u00e9ficiaire met ses donn\u00e9es d'observation d'esp\u00e8ces \u00e0 disposition de la DREAL Auvergne-Rh\u00f4ne-\nAlpes  dans  les  conditions  d\u00e9finies  par  le  syst\u00e8me  d'information  sur  la  nature  et  les  paysages,\nnotamment en ce qui concerne les r\u00e8gles de d\u00e9p\u00f4t, de format de donn\u00e9es et de fichiers applicables\naux  m\u00e9tadonn\u00e9es  et  donn\u00e9es  \u00e9l\u00e9mentaire  d'\u00e9change  relatives  aux  occurrences  d'observation\nd'esp\u00e8ces.\nLe b\u00e9n\u00e9ficiaire adresse \u00e0 la DREAL Auvergne-Rh\u00f4ne-Alpes (service EHN / p\u00f4le PME - pme.ehn.dreal-\nara@developpement-durable.gouv.fr),  chaque  ann\u00e9e  avant  le  31  mars,  un  rapport  sur  la  mise en\n\u0153uvre de la d\u00e9rogation au cours de l'ann\u00e9e pr\u00e9c\u00e9dente.\nCe rapport comprend\u00a0:\n\u2022 les dates et les lieux des op\u00e9rations ;\n\u2022 la quantit\u00e9 de graines r\u00e9colt\u00e9es et leurs localisations\u00a0;\n\u2022 les localisations des sites de semis\u00a0;\n\u2022 les r\u00e9sultats des suivis de populations apr\u00e8s renforcement et les publications correspondantes\nle cas \u00e9ch\u00e9ant\u00a0;\n\u2022 dans la mesure du possible, l'\u00e9tude du cort\u00e8ge de pollinisateurs de l'esp\u00e8ce (en abondance et\nen diversit\u00e9)\u00a0;\n\u2022 dans  la  mesure  du  possible,  l'\u00e9tude  de  l'impact  des  mesures  de  gestion  (notamment\nouvertures du milieu, mesures en faveur des pollinisateurs) sur des populations existantes de\nl'esp\u00e8ce (augmentation de l'effectif et am\u00e9lioration du taux de fructification). Ces mesures de\ngestion  pourraient  alors  repr\u00e9senter  une  alternative  satisfaisante  compl\u00e9mentaire  au\nrenforcement des populations\u00a0;\n\u2022 le cas \u00e9ch\u00e9ant,  l'\u00e9volution de la liste  des personnels  charg\u00e9s de la mise en \u0153uvre de la\npr\u00e9sente autorisation (article 3), et la justification de leurs comp\u00e9tences.\nARTICLE 6\u00a0: Contr\u00f4les\nLa mise en \u0153uvre des prescriptions du pr\u00e9sent arr\u00eat\u00e9 peut faire l'objet de contr\u00f4les par les agents\nhabilit\u00e9s.\nARTICLE 7\u00a0: Sanctions\nLe  non-respect  des  prescriptions  du  pr\u00e9sent  arr\u00eat\u00e9  est  passible  des  sanctions  pr\u00e9vues  pour  les\ninfractions  p\u00e9nales  d\u00e9finies  et  r\u00e9prim\u00e9es  par  les  articles  L.415-3  et  R.415-1  du  code  de\nl'environnement.\nAdresse postale : 69453 LYON CEDEX 06\nStandard : 04 26 28 60 00 - www.auvergne-rhone-alpes.developpement-durable.gouv.fr page 4/5\n84_DREAL_Direction r\u00e9gionale de l'environnement, de l'am\u00e9nagement et du logement d'Auvergne-Rh\u00f4ne-Alpes - 01-2026-02-10-00006\n- Arr\u00eat\u00e9 interpr\u00e9fectoral portant d\u00e9rogation aux dispositions de l'article L.411-1 du code de l'environnement pour\u00a0r\u00e9colte, transport,\nd\u00e9tention, utilisation et r\u00e9introduction d'esp\u00e8ce v\u00e9g\u00e9tale prot\u00e9g\u00e9e Orcanette des sables (Onosma arenaria) \n7\nARTICLE 8\u00a0: Autres l\u00e9gislations et r\u00e9glementations\nLa pr\u00e9sente d\u00e9cision ne dispense pas de l'obtention d'autres accords ou autorisations par ailleurs\nn\u00e9cessaires pour la r\u00e9alisation de l'op\u00e9ration susmentionn\u00e9e et du respect des autres dispositions\nl\u00e9gislatives et r\u00e9glementaires susceptibles d'\u00eatre applicables sur les espaces prot\u00e9g\u00e9s du territoire\nd'\u00e9tude.\nARTICLE 9\u00a0: Voies et d\u00e9lais de recours \nLa pr\u00e9sente d\u00e9cision peut faire l'objet d'un recours dans les deux mois qui suivent sa  publication ou\nsa notification\u00a0:\n\u2022 par la voie d'un recours administratif. L'absence de r\u00e9ponse dans le d\u00e9lai de deux mois fait\nna\u00eetre une d\u00e9cision implicite de rejet, qui peut elle-m\u00eame faire l'objet d'un recours devant le\ntribunal administratif comp\u00e9tent,\n\u2022 par la voie d'un recours contentieux devant le tribunal administratif comp\u00e9tent,\n\u2022 par l'application T\u00e9l\u00e9recours citoyens accessible via le site internet www.telerecours.fr.\nARTICLE 10\u00a0: Ex\u00e9cution \nM. le directeur r\u00e9gional de l'environnement, de l'am\u00e9nagement et du logement Auvergne-Rh\u00f4ne-Alpes,\nMM. les chefs des services d\u00e9partementaux de l'Office fran\u00e7ais de la biodiversit\u00e9 de  l'Ain, de la\nDr\u00f4me et du Rh\u00f4ne,\nsont charg\u00e9s, chacun en ce qui le concerne, de l'ex\u00e9cution du pr\u00e9sent arr\u00eat\u00e9 qui sera notifi\u00e9 au\nb\u00e9n\u00e9ficiaire et publi\u00e9 au recueil des actes administratifs des pr\u00e9fec tures de l'Ain, de la Dr\u00f4me, et du\nRh\u00f4ne.\nPour les Pr\u00e9fets et par d\u00e9l\u00e9gation,\nLa cheffe de p\u00f4le pr\u00e9servation des milieux et des\nesp\u00e8ces,\nSIGNE\nCarine Pagliari-Thibert\nAdresse postale : 69453 LYON CEDEX 06\nStandard : 04 26 28 60 00 - www.auvergne-rhone-alpes.developpement-durable.gouv.fr page 5/5\n84_DREAL_Direction r\u00e9gionale de l'environnement, de l'am\u00e9nagement et du logement d'Auvergne-Rh\u00f4ne-Alpes - 01-2026-02-10-00006\n- Arr\u00eat\u00e9 interpr\u00e9fectoral portant d\u00e9rogation aux dispositions de l'article L.411-1 du code de l'environnement pour\u00a0r\u00e9colte, transport,\nd\u00e9tention, utilisation et r\u00e9introduction d'esp\u00e8ce v\u00e9g\u00e9tale prot\u00e9g\u00e9e Orcanette des sables (Onosma arenaria) \n8","date":"2026-02-17","first_seen_on":"2026-02-17T17:05:40+00:00","id":"23878af6985b4f5f023c4bd1999be0dca81d98587e9c445e9e77afcab8e4ab50","name":"recueil-01-2026-055-recueil-des-actes-administratifs-sp\u00e9cial -17-02-2026","pdf_creation_date":"2026-02-17T15:29:54+00:00","pdf_modification_date":null,"timezone":"Europe/Paris","url":"https://www.ain.gouv.fr/contenu/telechargement/34747/242670/file/recueil-01-2026-055-recueil-des-actes-administratifs-sp%C3%A9cial%20-17-02-2026.pdf"}
