{"administration":"pref21","administration_name":"Pr\u00e9fecture de C\u00f4te-d\u2019Or","content":"PR\u00c9FET\nDE LA C\u00d4TE-D'OR\nRECUEIL DES ACTES\nADMINISTRATIFS SP\u00c9CIAL\n(NOMINATIFS)\nN\u00b021-2024-060\nPUBLI\u00c9 LE 22 MAI 2024\nSommaire\nARS Bourgogne-Franche-Comt\u00e9 /\n21-2024-05-03-00005 - DECISION ARS-BFC-DOSA-2024-673 accordant\npr\u00e9alablement le transfert des autorisations initiales de mise en service\nd\u25a1une ambulance et deux VSL au profit de la SAS DEROSSI - CENTRE\nAMBULANCIER DE BEAUNE dans le cadre d\u25a1un compromis de cession de\nfonds artisanal de l\u25a1entreprise de transports sanitaires terrestres\nAMBULANCE DUVERNOIS (2 pages) Page 3\nDirection des services d\u00e9partementaux de l'\u00e9ducation nationale de C\u00f4te-d'Or\n/ Gestion financi\u00e8re et logistique\n21-2024-05-16-00008 -  Arr\u00eat\u00e9 n\u00b0 2024-018-DSDEN-SDJES du 16 mai 2024\nportant reconnaissance du tronc commun d'agr\u00e9ment de LE CRI DE LA\nPLUME (1 page) Page 6\n21-2024-05-16-00010 - Arr\u00eat\u00e9 n\u00b0 2024-015-DSDEN-SDJES du 16 mai 2024\nportant agr\u00e9ment d\u00e9partemental d\u25a1une association de jeunesse et\nd\u25a1\u00e9ducation populaire-ensemble folklorique bourguignon (1 page) Page 8\n21-2024-05-16-00009 - Arr\u00eat\u00e9 n\u00b0 2024-016-DSDEN-SDJES du 16 mai 2024\nportant reconnaissance du tronc commun d\u25a1agr\u00e9ment de ENSEMBLE\nFOLKLORIQUE BOURGUIGNON ARTS ET TRADITIONS POPULAIRES,\nENFANTS DU MORVAN (1 page) Page 10\n21-2024-05-16-00007 - Arr\u00eat\u00e9 n\u00b0 2024-017-DSDEN-SDJES du 16 mai 2024\nportant agr\u00e9ment d\u00e9partemental dune association de jeunesse et\n\u00e9ducation populaire (1 page) Page 12\n2\nARS Bourgogne-Franche-Comt\u00e9\n21-2024-05-03-00005\nDECISION ARS-BFC-DOSA-2024-673 accordant\npr\u00e9alablement le transfert des autorisations\ninitiales de mise en service d\u25a1une ambulance et\ndeux VSL au profit de la SAS DEROSSI - CENTRE\nAMBULANCIER DE BEAUNE dans le cadre d\u25a1un\ncompromis de cession de fonds artisanal de\nl\u25a1entreprise de transports sanitaires terrestres\nAMBULANCE DUVERNOIS\nARS Bourgogne-Franche-Comt\u00e9 - 21-2024-05-03-00005 - DECISION ARS-BFC-DOSA-2024-673 accordant pr\u00e9alablement le transfert des\nautorisations initiales de mise en service d\u25a1une ambulance et deux VSL au profit de la SAS DEROSSI - CENTRE AMBULANCIER DE\nBEAUNE dans le cadre d\u25a1un compromis de cession de fonds artisanal de l\u25a1entreprise de transports sanitaires terrestres AMBULANCE\nDUVERNOIS\n3\nREPUBLIQUE @ ) Agence R\u00e9gionale de S eFRAN\u00c7AISE @ igmeiiindec: eLibert\u00e9 Franche-Comt\u00e9 rs\u00c9galit\u00e9Fraternit\u00e9\nDECISION N\u00b0 ARS-BFC-DOSA-2024-673accordant pr\u00e9alablement le transfert des autorisations initiales de mise en service d''une ambulance et deux VSL au' profit de la SAS DEROSSI - CENTRE AMBULANCIER DE BEAUNE dans le cadre d'un compromis de cession defonds artisanal de l'entreprise de transports sanitaires terrestres AMBULANCE DUVERNOISLe directeur g\u00e9n\u00e9ralde l'Agence R\u00e9gionale de Sant\u00e9 de Bourgogne Franche-Comt\u00e9\nVu le code de la sant\u00e9 publique et, notamment, les articles L 6312-4, L 6312-5 et L 6313-1 et R.6312-29 \u00e0 R.6312-43,Vu la loi n\u00b0 2009-879 du 21 juillet 2009 modifi\u00e9e portant r\u00e9forme de l'h\u00f4pital et relative aux patients, \u00e0 lasant\u00e9 et aux territoires,Vu le d\u00e9cret n\u00b0 2010-336 du 31 mars 2010 portant cr\u00e9ation des agences r\u00e9gionales de sant\u00e9,Vu le d\u00e9cret n\u00b0 2010-344 du 31 mars 2010 tirant les cons\u00e9quences, au niveau r\u00e9glementaire, del'intervention de la loi n\u00b0 2009-879 du 21 juillet 2009 portant r\u00e9forme de I'hdpital et relative aux patients,\u00e0 la sant\u00e9 et aux territoires,Vu le d\u00e9cret n\u00b0 2012-1007 du 29 ao\u00fbt 2012 relatif \u00e0 'agr\u00e9ment n\u00e9cessaire au transport sanitaireterrestre et \u00e0 l'autorisation de mise en service des v\u00e9hicules de transports sanitaires,Vu le d\u00e9cret n\u00b0 2012-1331 du 29 novembre 2012 modifiant certaines r\u00e9glementations prises enapplication de la loi n\u00b02009-879 du 21 juillet 2009 portant r\u00e9forme de l'h\u00f4pital et relative aux patients, \u00e0la sant\u00e9 et aux territoires,Vu le d\u00e9cret n\u00b0 2015-1650 du 11 d\u00e9cembre 2015 adaptant les agences r\u00e9gionales de sant\u00e9 \u00e0 lanouvelle d\u00e9limitation des r\u00e9gions,Vu le d\u00e9cret en date du 2 novembre 2022 portant nomination de M. Jean-Jacques COIPLET, en qualit\u00e9de directeur g\u00e9n\u00e9ral de I'agence r\u00e9gionale de sant\u00e9 de Bourgogne-Franche-Comt\u00e9,Vu l'arr\u00eat\u00e9 du 5 octobre 1995 relatif \u00e0 I'autorisation de mise en service des v\u00e9hicules affect\u00e9s auxtransports sanitaires terrestres,Vu l'arr\u00eat\u00e9 du 12 d\u00e9cembre 2017 fixant les caract\u00e9ristiques et les installations mat\u00e9rielles exig\u00e9es pourles v\u00e9hicules affect\u00e9s aux transports sanitaires terrestres,Vu l'arr\u00eat\u00e9 n\u00b0 ARSB/DOS/SP/14-0137 du 30 juin 2014 fixant le nombre th\u00e9orique de v\u00e9hicules affect\u00e9saux transports sanitaires dans les d\u00e9partements de C\u00f4te d'Or, de la Ni\u00e8vre, de la Sa\u00f4ne et Loire et deI'Yonne et les principes d'\u00e9quipements en mati\u00e8re de transports sanitaires retenus en Bourgogne,Vu la d\u00e9cision n\u00b0 ARSBFC/SG/2024-035 en date du 02 mai 2024 portant d\u00e9l\u00e9gation de signature dudirecteur g\u00e9n\u00e9ral de 'Agence R\u00e9gionale de Sant\u00e9 de Bourgogne Franche-Comt\u00e9,\nVu l'arr\u00eat\u00e9 ARSBFC/DOS/ASPU/22-147 portant modification de l'agr\u00e9ment de l'entreprise de transportssanitaires terrestres \u00ab SAS DEROSSI \u00bb pour son implantation \u00e0 Beaune n\u00b099-21-164 en date du26/08/2022,\nARS Bourgogne-Franche-Comt\u00e9 - 21-2024-05-03-00005 - DECISION ARS-BFC-DOSA-2024-673 accordant pr\u00e9alablement le transfert des\nautorisations initiales de mise en service d\u25a1une ambulance et deux VSL au profit de la SAS DEROSSI - CENTRE AMBULANCIER DE\nBEAUNE dans le cadre d\u25a1un compromis de cession de fonds artisanal de l\u25a1entreprise de transports sanitaires terrestres AMBULANCE\nDUVERNOIS\n4\nVu le compromis de cession de fonds artisanal relatif \u00e0 la cession de I'entreprise de transportssanitaires terrestres \u00ab AMBULANCE DUVERNOIS \u00bb par la SAS DEROSSI en date du 20 mars 2024,Vu le courrier de M Bruno DEROSSI, pr\u00e9sident de la SAS DEROSSI, en date du 03/05/2024 parlequel il sollicite, \u00e0 son profit, le transfert des autorisations initiales de mise en service de m\u00eamecat\u00e9gorie de deux VSL immatricul\u00e9s FW-923-PE et EL-684-PX, et d'une ambulance immatricul\u00e9e CX-200-KN, en vue de les implanter 13 rue des Lev\u00e9es 21200 BEAUNE, dans le cadre de cadre d'uncompromis de de cession de fonds artisanal,Consid\u00e9rant que la situation de l'offre de transports sanitaires par secteur et cat\u00e9gorie de v\u00e9hicules enBourgogne a \u00e9t\u00e9 valid\u00e9e par arr\u00eat\u00e9 du 30 juin 2014 susmentionn\u00e9,Consid\u00e9rant que ces transferts d'autorisation de mises en service n'ont aucune incidence sur le quotade v\u00e9hicules sanitaires du secteur BEAUNE \u00e9tant donn\u00e9 que ces v\u00e9hicules seront maintenus sur leursecteur actuel,Consid\u00e9rant les besoins sanitaires de la population de ce secteur.\nDECIDEArticle 1\u00b0 : Le transfert des autorisations initiales de mise en service de deux VSL immatricul\u00e9s FW-923-PE et EL-684-PX, et d'une ambulance immatricul\u00e9e CX-200-KN appartenant \u00e0 l'entreprise detransports sanitaires terrestres \u00ab AMBULANCE DUVERNOIS \u00bb est accord\u00e9 pr\u00e9alablement, au titre dela m\u00eame cat\u00e9gorie, au profit de la SAS DEROSSI sise 13 rue des Lev\u00e9es 21200 BEAUNE.Article 2 :Les autorisations initiales de mise en service d'une ambulance et deux v\u00e9hicules sanitaires l\u00e9gersseront transf\u00e9r\u00e9es au terme de toutes les op\u00e9rations administratives li\u00e9es \u00e0 la cession.Article 3L'int\u00e9ress\u00e9 dispose d'un d\u00e9lai de deux mois \u00e0 compter de la notification de la pr\u00e9sente d\u00e9cision pourformer un recours devant le tribunal administratif comp\u00e9tent.A l'\u00e9gard des tiers, ces d\u00e9lais courent \u00e0 compter de la date de publication au recueil des actesadministratifs de C\u00f4te d'Or.Le tribunal administratif peut \u00eatre saisi un recours d\u00e9pos\u00e9 via l'application T\u00e9l\u00e9recours citoyensaccessible par le site internet www.t\u00e9l\u00e9recours.fr.Article 4: La directrice de l'organisation des soins et de l'autonomie de l'agence r\u00e9gionale de sant\u00e9 deBourgogne Franche Comt\u00e9 est charg\u00e9e de l'ex\u00e9cution de la pr\u00e9sente d\u00e9cision qui sera notifi\u00e9e \u00e0Monsieur Bruno DEROSSI et publi\u00e9e au recueil des actes administratifs de la Pr\u00e9fecture de la C\u00f4ted'Or.\nFait \u00e0 Dijon, le 03/05/2024Pour le directeur g\u00e9n\u00e9ral,la cheffe du D\u00e9partementRessources et Moyens,\nAnne-Watie GARCIA \u2014\nARS Bourgogne-Franche-Comt\u00e9 - 21-2024-05-03-00005 - DECISION ARS-BFC-DOSA-2024-673 accordant pr\u00e9alablement le transfert des\nautorisations initiales de mise en service d\u25a1une ambulance et deux VSL au profit de la SAS DEROSSI - CENTRE AMBULANCIER DE\nBEAUNE dans le cadre d\u25a1un compromis de cession de fonds artisanal de l\u25a1entreprise de transports sanitaires terrestres AMBULANCE\nDUVERNOIS\n5\nDirection des services d\u00e9partementaux de\nl'\u00e9ducation nationale de C\u00f4te-d'Or\nGestion financi\u00e8re et logistique \n21-2024-05-16-00008\n Arr\u00eat\u00e9 n\u00b0 2024-018-DSDEN-SDJES du 16 mai\n2024 portant reconnaissance du tronc commun\nd'agr\u00e9ment de LE CRI DE LA PLUME\nDirection des services d\u00e9partementaux de l'\u00e9ducation nationale de C\u00f4te-d'Or - 21-2024-05-16-00008 -  Arr\u00eat\u00e9 n\u00b0\n2024-018-DSDEN-SDJES du 16 mai 2024 portant reconnaissance du tronc commun d'agr\u00e9ment de LE CRI DE LA PLUME 6\nACAD \u00c9 M | E Direction des services d\u00e9partementauxde l'\u00e9ducation nationaleDE DIJON de C\u00f4te-d'Or\nFratermit\u00e9\nArr\u00eat\u00e9 n\u00b0 2024-018/DSDEN/SDJES du 16 mai 2024 portant reconnaissance du tronc commund'agr\u00e9ment de LE CRI DE LA PLUMEVu la loi n\u00b0 2001-624 du 17 juillet 2001 portant diverses dispositions d'ordre social, \u00e9ducatif etculturel ;Vu la loi n\u00b0 2021-1109 du 24 ao\u00fbt 2021 confortant le respect des principes de la R\u00e9publique;Vu les articles R. 222-17 et R. 222-17-1 du code de l'\u00e9ducation ;Vu le d\u00e9cret n\u00b0 2002-571 du 22 avril 2002 pris pour |'application du premier alin\u00e9a de l'article8 de la loi n\u00b0 2001-624 du 17 juillet 2001 relatif \u00e0 l'agr\u00e9ment des associations de jeunesse etd'\u00e9ducation populaire;Vu le d\u00e9cret n\u00b0 2021-1947 du 31 d\u00e9cembre 2021 pris pour l'application de l'article 10-1 de la loin\u00b0 2000-321 du 12 avril 2000 et approuvant le contrat d'engagement r\u00e9publicain desassociations et fondations b\u00e9n\u00e9ficiant de subventions publiques ou d'un agr\u00e9ment de l'Etat;Vu le d\u00e9cret n\u00b02020-1542 du 09 d\u00e9cembre 2020 relatif aux comp\u00e9tences des autorit\u00e9sacad\u00e9miques dans le domaine des politiques de la jeunesse, de l'\u00e9ducation populaire, de la vieassociative, de l'engagement civique et des sports et \u00e0 I'organisation des services charg\u00e9s deleur mise en \u0153uvre ;Vu le d\u00e9cret n\u00b0 2020-1543 du 09 d\u00e9cembre 2020 relatif aux services d\u00e9concentr\u00e9s du minist\u00e8rede l'\u00e9ducation nationale, de la jeunesse et des sports et du minist\u00e8re de l''enseignementsup\u00e9rieur, de la recherche et de l'innovation ;Vu le d\u00e9cret de nomination de la rectrice de r\u00e9gion acad\u00e9mique d\u00e9l\u00e9gant;Vu le d\u00e9cret de nomination du recteur d'acad\u00e9mie subd\u00e9l\u00e9gant ;Vu l'acte/ d\u00e9cision de nomination du subd\u00e9l\u00e9gataire;Vu l'arr\u00eat\u00e9 n\u00b0 2024-017/DSDEN/SDJES du 16 mai 2024Article 1erLE CRI DE LA PLUME dont le si\u00e8ge social est situ\u00e9 Maison Phare, 2 all\u00e9e de Grenoble, 21000DIJON Num\u00e9ro RNA W 212006704, satisfait aux conditions pr\u00e9vues par l'article 25-1 de la loidu 12 avril 2000 susvis\u00e9e \u00e0 la date de publication du pr\u00e9sent arr\u00eat\u00e9.Article 2L'association est r\u00e9put\u00e9e remplir ces crit\u00e8res pendant une dur\u00e9e de cing ans \u00e0 compter de ladate de publication du pr\u00e9sent arr\u00eat\u00e9.Article 3Le pr\u00e9sent arr\u00eat\u00e9 peut faire I'objet d'un recours contentieux, aupr\u00e8s du tribunal administratifde Dijon, dans le d\u00e9lai de deux mois, \u00e0 compter de sa notification. Il peut \u00e9galement, dans lem\u00eame d\u00e9lai, faire l'objet d'un recours gracieux et/ou d'un recours hi\u00e9rarchique aupr\u00e8s dudirecteur des services de I'\u00e9ducation nationale de C\u00f4te-d'Or.Article 4La direction des services de l'\u00e9ducation nationale de C\u00f4te-d'Or est charg\u00e9e de l'ex\u00e9cution dupr\u00e9sent arr\u00e9t\u00e9 qui sera publi\u00e9 au recueil des actes administratifs de la C\u00f4te-d'Or et notifi\u00e9 auxint\u00e9ress\u00e9s.Fait \u00e0 Dijon, le 16 mai 2024 Pour la rectrice de r\u00e9gion acad\u00e9mique,et par d\u00e9l\u00e9gation,I'inspecteur d'acad\u00e9mie,directeur acad\u00e9mique des servicesde l'\u00e9ducation nationale\nDavid MULLER\n  \n \nDirection des services d\u00e9partementaux de l'\u00e9ducation nationale de C\u00f4te-d'Or - 21-2024-05-16-00008 -  Arr\u00eat\u00e9 n\u00b0\n2024-018-DSDEN-SDJES du 16 mai 2024 portant reconnaissance du tronc commun d'agr\u00e9ment de LE CRI DE LA PLUME 7\nDirection des services d\u00e9partementaux de\nl'\u00e9ducation nationale de C\u00f4te-d'Or\nGestion financi\u00e8re et logistique \n21-2024-05-16-00010\nArr\u00eat\u00e9 n\u00b0 2024-015-DSDEN-SDJES du 16 mai 2024\nportant agr\u00e9ment d\u00e9partemental d\u25a1une\nassociation de jeunesse et d\u25a1\u00e9ducation\npopulaire-ensemble folklorique bourguignon\nDirection des services d\u00e9partementaux de l'\u00e9ducation nationale de C\u00f4te-d'Or - 21-2024-05-16-00010 - Arr\u00eat\u00e9 n\u00b0\n2024-015-DSDEN-SDJES du 16 mai 2024 portant agr\u00e9ment d\u00e9partemental d\u25a1une association de jeunesse et d\u25a1\u00e9ducation\npopulaire-ensemble folklorique bourguignon\n8\nACAD \u00c9 M | E Direction des services d\u00e9partementauxde l'\u00e9ducation nationaleDE DIJON de C\u00f4te-d'Or\nFratermit\u00e9\nArr\u00e9t\u00e9 n\u00b0 2024-015/DSDEN/SDJES du 16 mai 2024 portant agr\u00e9ment d\u00e9partemental d''uneassociation de jeunesse et d'\u00e9ducation populaireVu la loi n\u00b0 2001-624 du 17 juillet 2001 portant diverses dispositions d'ordre social, \u00e9ducatif etculturel ;Vu la loi n\u00b0 2021-1109 du 24 ao\u00fbt 2021 confortant le respect des principes de la R\u00e9publique;Vu les articles R. 222-17 et R. 222-17-1 du code de l'\u00e9ducation ;Vu le d\u00e9cret n\u00b0 2002-571 du 22 avril 2002 pris pour |'application du premier alin\u00e9a de l'article8 de la loi n\u00b0 2001-624 du 17 juillet 2001 relatif \u00e0 l'agr\u00e9ment des associations de jeunesse etd'\u00e9ducation populaire;Vu le d\u00e9cret n\u00b0 2021-1947 du 31 d\u00e9cembre 2021 pris pour l'application de l'article 10-1 de la loin\u00b0 2000-321 du 12 avril 2000 et approuvant le contrat d'engagement r\u00e9publicain desassociations et fondations b\u00e9n\u00e9ficiant de subventions publiques ou d'un agr\u00e9ment de l'Etat;Vu le d\u00e9cret n\u00b02020-1542 du 09 d\u00e9cembre 2020 relatif aux comp\u00e9tences des autorit\u00e9sacad\u00e9miques dans le domaine des politiques de la jeunesse, de l'\u00e9ducation populaire, de la vieassociative, de l'engagement civique et des sports et \u00e0 I'organisation des services charg\u00e9s deleur mise en \u0153uvre ;Vu le d\u00e9cret n\u00b0 2020-1543 du 09 d\u00e9cembre 2020 relatif aux services d\u00e9concentr\u00e9s du minist\u00e8rede l'\u00e9ducation nationale, de la jeunesse et des sports et du minist\u00e8re de l''enseignementsup\u00e9rieur, de la recherche et de l'innovation ;Vu le d\u00e9cret de nomination de la rectrice de r\u00e9gion acad\u00e9mique d\u00e9l\u00e9gant;Vu le d\u00e9cret de nomination du recteur d'acad\u00e9mie subd\u00e9l\u00e9gant ;Vu l'acte/ d\u00e9cision de nomination du subd\u00e9l\u00e9gataireVu la demande d'agr\u00e9ment re\u00e7ue le 16 mai 2024Article 1L'agr\u00e9ment pr\u00e9vu par le d\u00e9cret susvis\u00e9 du 22 avril 2002 est accord\u00e9 \u00e0 l'association ENSEMBLEFOLKLORIQUE BOURGUIGNON ARTS ET TRADITIONS POPULAIRES, ENFANTS DU MORVANAdresse : Maison des associations, Bo\u00eete P4, 2 rue des Corroyeurs, 21000 DIJONNum\u00e9ro d'agr\u00e9ment 21).2024.005Num\u00e9ro RNA W212001749Article 2Le pr\u00e9sent agr\u00e9ment est attribu\u00e9 pour une dur\u00e9e de cing ans.Article 3Le pr\u00e9sent arr\u00eat\u00e9 peut faire I'objet d'un recours contentieux, aupr\u00e8s du tribunal administratifde Dijon, dans le d\u00e9lai de deux mois, \u00e0 compter de sa notification. Il peut \u00e9galement, dans lem\u00eame d\u00e9lai, faire l'objet d'un recours gracieux et/ou d'un recours hi\u00e9rarchique aupr\u00e8s dudirecteur des services de I'\u00e9ducation nationale de C\u00f4te-d'Or.Article 4La direction des services de l'\u00e9ducation nationale de Cote-d'Or est charg\u00e9e de I'ex\u00e9cution dupr\u00e9sent arr\u00eat\u00e9 qui sera publi\u00e9 au recueil des actes administratifs de la C\u00f4te-d'Or et notifi\u00e9 auxint\u00e9ress\u00e9s.Fait \u00e0 Dijon, le 16 mai 2024 Pour la rectrice de r\u00e9gion acad\u00e9mique,et par d\u00e9l\u00e9gation,L'inspecteur d'acad\u00e9mie,directeur acad\u00e9mique des servicesde l'\u00e9ducation nationale\nDavid MULLER\n  \n \nDirection des services d\u00e9partementaux de l'\u00e9ducation nationale de C\u00f4te-d'Or - 21-2024-05-16-00010 - Arr\u00eat\u00e9 n\u00b0\n2024-015-DSDEN-SDJES du 16 mai 2024 portant agr\u00e9ment d\u00e9partemental d\u25a1une association de jeunesse et d\u25a1\u00e9ducation\npopulaire-ensemble folklorique bourguignon\n9\nDirection des services d\u00e9partementaux de\nl'\u00e9ducation nationale de C\u00f4te-d'Or\nGestion financi\u00e8re et logistique \n21-2024-05-16-00009\nArr\u00eat\u00e9 n\u00b0 2024-016-DSDEN-SDJES du 16 mai 2024\nportant reconnaissance du tronc commun\nd\u25a1agr\u00e9ment de ENSEMBLE FOLKLORIQUE\nBOURGUIGNON ARTS ET TRADITIONS\nPOPULAIRES, ENFANTS DU MORVAN\nDirection des services d\u00e9partementaux de l'\u00e9ducation nationale de C\u00f4te-d'Or - 21-2024-05-16-00009 - Arr\u00eat\u00e9 n\u00b0\n2024-016-DSDEN-SDJES du 16 mai 2024 portant reconnaissance du tronc commun d\u25a1agr\u00e9ment de ENSEMBLE FOLKLORIQUE\nBOURGUIGNON ARTS ET TRADITIONS POPULAIRES, ENFANTS DU MORVAN\n10\nACAD \u00c9 M | E Direction des services d\u00e9partementauxde l'\u00e9ducation nationaleDE DIJON de C\u00f4te-d'Or\nFratermit\u00e9\nArr\u00eat\u00e9 n\u00b0 2024-016/DSDEN/SDJES du 16 mai 2024 portant reconnaissance du tronc commund'agr\u00e9ment de ENSEMBLE FOLKLORIQUE BOURGUGNON ARTS ET TRADITIONSPOPULAIRES, ENFANTS DU MORVANVu la loi n\u00b0 2001-624 du 17 juillet 2001 portant diverses dispositions d'ordre social, \u00e9ducatif etculturel ;Vu la loi n\u00b0 2021-1109 du 24 ao\u00fbt 2021 confortant le respect des principes de la R\u00e9publique;Vu les articles R. 222-17 et R. 222-17-1 du code de l'\u00e9ducation ;Vu le d\u00e9cret n\u00b0 2002-571 du 22 avril 2002 pris pour l'application du premier alin\u00e9a de l'article8 de la loi n\u00b0 2001-624 du 17 juillet 2001 relatif \u00e0 l'agr\u00e9ment des associations de jeunesse etd'\u00e9ducation populaire;Vu le d\u00e9cret n\u00b0 2021-1947 du 31 d\u00e9cembre 2021 pris pour l'application de l'article 10-1 de la loin\u00b0 2000-321 du 12 avril 2000 et approuvant le contrat d'engagement r\u00e9publicain desassociations et fondations b\u00e9n\u00e9ficiant de subventions publiques ou d'un agr\u00e9ment de l'Etat;Vu le d\u00e9cret n\u00b02020-1542 du 09 d\u00e9cembre 2020 relatif aux comp\u00e9tences des autorit\u00e9sacad\u00e9miques dans le domaine des politiques de la jeunesse, de l'\u00e9ducation populaire, de la vieassociative, de l'engagement civique et des sports et \u00e0 I'organisation des services charg\u00e9s deleur mise en \u0153uvre ;Vu le d\u00e9cret n\u00b0 2020-1543 du 09 d\u00e9cembre 2020 relatif aux services d\u00e9concentr\u00e9s du minist\u00e8rede l'\u00e9ducation nationale, de la jeunesse et des sports et du minist\u00e8re de l''enseignementsup\u00e9rieur, de la recherche et de I'innovation ;Vu le d\u00e9cret de nomination de la rectrice de r\u00e9gion acad\u00e9mique d\u00e9l\u00e9gant;Vu le d\u00e9cret de nomination du recteur d'acad\u00e9mie subd\u00e9l\u00e9gant ;Vu l'acte/ d\u00e9cision de nomination du subd\u00e9l\u00e9gataire;Vu l'arr\u00eat\u00e9 n\u00b0 2024-015/DSDEN/SDJES du 16 mai 2024Article 1erL' ENSEMBLE FOLKLORIQUE BOURGUIGNON ARTS ET TRADITIONS POPULAIRES, ENFANTSDU MORVAN dont le siege social est situ\u00e9 Maison des associations, Boite P4, 2 rue desCorroyeurs, 21000 DIJON Num\u00e9ro RNA W212001749, satisfait aux conditions pr\u00e9vues parl'article 25-1 de la loi du 12 avril 2000 susvis\u00e9e \u00e0 la date de publication du pr\u00e9sent arr\u00eat\u00e9.Article 2L'association est r\u00e9put\u00e9e remplir ces crit\u00e8res pendant une dur\u00e9e de cinq ans \u00e0 compter de ladate de publication du pr\u00e9sent arr\u00eat\u00e9.Article 3Le pr\u00e9sent arr\u00eat\u00e9 peut faire I'objet d'un recours contentieux, aupr\u00e8s du tribunal administratifde Dijon, dans le d\u00e9lai de deux mois, \u00e0 compter de sa notification. Il peut \u00e9galement, dans lem\u00eame d\u00e9lai, faire I'objet d'un recours gracieux et/ou d'un recours hi\u00e9rarchique aupr\u00e8s dudirecteur des services de l'\u00e9ducation nationale de C\u00f4te-d'Or.Article 4La direction des services de l'\u00e9ducation nationale de C\u00f4te-d'Or est charg\u00e9e de l'ex\u00e9cution dupr\u00e9sent arr\u00eat\u00e9 qui sera publi\u00e9 au recueil des actes administratifs de la C\u00f4te-d'Or et notifi\u00e9 auxint\u00e9ress\u00e9s.Fait \u00e0 Dijon, le 16 mai 2024 Pour la rectrice de r\u00e9gion acad\u00e9mique,et par d\u00e9l\u00e9gation,L'inspecteur d'acad\u00e9mie,directeur acad\u00e9mique des servicesde l'\u00e9ducation nationale\nDavid MULLER\n  \n \nDirection des services d\u00e9partementaux de l'\u00e9ducation nationale de C\u00f4te-d'Or - 21-2024-05-16-00009 - Arr\u00eat\u00e9 n\u00b0\n2024-016-DSDEN-SDJES du 16 mai 2024 portant reconnaissance du tronc commun d\u25a1agr\u00e9ment de ENSEMBLE FOLKLORIQUE\nBOURGUIGNON ARTS ET TRADITIONS POPULAIRES, ENFANTS DU MORVAN\n11\nDirection des services d\u00e9partementaux de\nl'\u00e9ducation nationale de C\u00f4te-d'Or\nGestion financi\u00e8re et logistique \n21-2024-05-16-00007\nArr\u00eat\u00e9 n\u00b0 2024-017-DSDEN-SDJES du 16 mai 2024\nportant agr\u00e9ment d\u00e9partemental dune\nassociation de jeunesse et \u00e9ducation populaire\nDirection des services d\u00e9partementaux de l'\u00e9ducation nationale de C\u00f4te-d'Or - 21-2024-05-16-00007 - Arr\u00eat\u00e9 n\u00b0\n2024-017-DSDEN-SDJES du 16 mai 2024 portant agr\u00e9ment d\u00e9partemental dune association de jeunesse et \u00e9ducation populaire 12\nACAD \u00c9 M | E Direction des services d\u00e9partementauxde l'\u00e9ducation nationaleDE DIJON de C\u00f4te-d'Or\nFratermit\u00e9\nArr\u00e9t\u00e9 n\u00b0 2024-017/DSDEN/SDJES du 16 mai 2024 portant agr\u00e9ment d\u00e9partemental d''uneassociation de jeunesse et d'\u00e9ducation populaireVu la loi n\u00b0 2001-624 du 17 juillet 2001 portant diverses dispositions d'ordre social, \u00e9ducatif etculturel ;Vu la loi n\u00b0 2021-1109 du 24 ao\u00fbt 2021 confortant le respect des principes de la R\u00e9publique;Vu les articles R. 222-17 et R. 222-17-1 du code de l'\u00e9ducation ;Vu le d\u00e9cret n\u00b0 2002-571 du 22 avril 2002 pris pour |'application du premier alin\u00e9a de l'article8 de la loi n\u00b0 2001-624 du 17 juillet 2001 relatif \u00e0 l'agr\u00e9ment des associations de jeunesse etd'\u00e9ducation populaire;Vu le d\u00e9cret n\u00b0 2021-1947 du 31 d\u00e9cembre 2021 pris pour l'application de l'article 10-1 de la loin\u00b0 2000-321 du 12 avril 2000 et approuvant le contrat d'engagement r\u00e9publicain desassociations et fondations b\u00e9n\u00e9ficiant de subventions publiques ou d'un agr\u00e9ment de l'Etat;Vu le d\u00e9cret n\u00b02020-1542 du 09 d\u00e9cembre 2020 relatif aux comp\u00e9tences des autorit\u00e9sacad\u00e9miques dans le domaine des politiques de la jeunesse, de l'\u00e9ducation populaire, de la vieassociative, de l'engagement civique et des sports et \u00e0 I'organisation des services charg\u00e9s deleur mise en \u0153uvre ;Vu le d\u00e9cret n\u00b0 2020-1543 du 09 d\u00e9cembre 2020 relatif aux services d\u00e9concentr\u00e9s du minist\u00e8rede l'\u00e9ducation nationale, de la jeunesse et des sports et du minist\u00e8re de l''enseignementsup\u00e9rieur, de la recherche et de l'innovation ;Vu le d\u00e9cret de nomination de la rectrice de r\u00e9gion acad\u00e9mique d\u00e9l\u00e9gant;Vu le d\u00e9cret de nomination du recteur d'acad\u00e9mie subd\u00e9l\u00e9gant ;Vu l'acte/ d\u00e9cision de nomination du subd\u00e9l\u00e9gataireVu la demande d'agr\u00e9ment re\u00e7ue le 16 mai 2024Article 1L'agr\u00e9ment pr\u00e9vu par le d\u00e9cret susvis\u00e9 du 22 avril 2002 est accord\u00e9 \u00e0 l'association LE CRI DELA PLUMEAdresse : Maison Phare, 2, all\u00e9e de Grenoble, 21000 DIJONNum\u00e9ro d'agr\u00e9ment 21).2024.006Num\u00e9ro RNA W 212006704Article 2Le pr\u00e9sent agr\u00e9ment est attribu\u00e9 pour une dur\u00e9e de cing ans.Article 3Le pr\u00e9sent arr\u00eat\u00e9 peut faire I'objet d'un recours contentieux, aupr\u00e8s du tribunal administratifde Dijon, dans le d\u00e9lai de deux mois, \u00e0 compter de sa notification. Il peut \u00e9galement, dans lem\u00eame d\u00e9lai, faire l'objet d'un recours gracieux et/ou d'un recours hi\u00e9rarchique aupr\u00e8s dudirecteur des services de I'\u00e9ducation nationale de C\u00f4te-d'Or.Article 4La direction des services de l'\u00e9ducation nationale de Cote-d'Or est charg\u00e9e de I'ex\u00e9cution dupr\u00e9sent arr\u00eat\u00e9 qui sera publi\u00e9 au recueil des actes administratifs de la C\u00f4te-d'Or et notifi\u00e9 auxint\u00e9ress\u00e9s.Fait \u00e0 Dijon, le 16 mai 2024 Pour la rectrice de r\u00e9gion acad\u00e9mique,et par d\u00e9l\u00e9gation,l'inspecteur d'acad\u00e9mie,directeur acad\u00e9mique des servicesde l'\u00e9ducation nationale\nDavid MULLER\n  \n \nDirection des services d\u00e9partementaux de l'\u00e9ducation nationale de C\u00f4te-d'Or - 21-2024-05-16-00007 - Arr\u00eat\u00e9 n\u00b0\n2024-017-DSDEN-SDJES du 16 mai 2024 portant agr\u00e9ment d\u00e9partemental dune association de jeunesse et \u00e9ducation populaire 13","date":"2024-05-22","first_seen_on":"2025-09-14T11:46:26+00:00","id":"239999095cda7e6b40e44c159b0777732909889090f4124c4409ab82db3abdef","name":"RAA n\u00b0 060 du 22 mai 2024","pdf_creation_date":"2024-05-22T14:07:13+00:00","pdf_modification_date":null,"timezone":"Europe/Paris","url":"https://www.cote-dor.gouv.fr/contenu/telechargement/21360/163425/file/recueil-21-2024-060-recueil-des-actes-administratifs-nominatifs.pdf"}
