{"administration":"pref80","administration_name":"Pr\u00e9fecture de la Somme","content":"PR\u00c9FET\nDE LA SOMME\nRECUEIL DES ACTES\nADMINISTRATIFS SP\u00c9CIAL\n(NOMINATIFS)\nN\u00b02024-197\nPUBLI\u00c9 LE  9 OCTOBRE 2024\nSommaire\nDirection D\u00e9partementale des Territoires et de la Mer /\n80-2024-10-08-00003 - arr\u00eat\u00e9 nomination commission d\u00e9partementale\nd'accueil des gens du voyage (3 pages) Page 4\n80-2024-09-30-00013 - Arr\u00eat\u00e9 portant d\u00e9rogation aux plafonds des\nressources d'attribution de logements sociaux dans le quartier Etouvie \u00e0\nAmiens (2 pages) Page 8\nDirection D\u00e9partementale des Territoires et de la Mer / service\nenvironnement et littoral\n80-2024-10-08-00009 - Arr\u00eat\u00e9 ordonnant \u00e0 M. BODDAERT, lieutenant\nde louveterie, de r\u00e9guler par pi\u00e9geage ou par tir le blaireau sur la\ncommune de Bayonvillers (3 pages) Page 11\n80-2024-10-08-00008 - Arr\u00eat\u00e9 ordonnant \u00e0 M. PICARD, lieutenant de\nlouveterie, de r\u00e9guler par pi\u00e9geage ou par tir le blaireau sur les\ncommunes d'Amiens et Dury (3 pages) Page 15\nDirection interr\u00e9gionale de la Mer Manche Est - Mer du Nord /\n80-2024-08-29-00003 - Arr\u00eat\u00e9 n\u00b0132/2024 en date du 29 ao\u00fbt 2024\n- portant subd\u00e9l\u00e9gation de signature du directeur interr\u00e9gional de\nla mer Manche Est - mer du Nord aux personnes plac\u00e9es sous sa\nresponsabilit\u00e9 pour les actes et les d\u00e9cisions en mati\u00e8re de police\nsanitaire pour les zones de p\u00eache des pectinid\u00e9s en Manche Est - mer\ndu Nord (3 pages) Page 19\nEtablissement Public de Sant\u00e9 Mentale de la Somme /\n80-2024-10-07-00013 - D\u00e9l\u00e9gation de signature - Affaires G\u00e9n\u00e9rales\net Communication (1 page) Page 23\n80-2024-10-07-00015 - D\u00e9l\u00e9gation de signature - Direction des\nRessources Humaines et des Affaires M\u00e9dicales (4 pages) Page 25\n80-2024-10-07-00011 - D\u00e9l\u00e9gation de signature - Maison d'Accueil\nSp\u00e9cialis\u00e9e \"La Pommeraie\" (2 pages) Page 30\n80-2024-10-07-00012 - D\u00e9l\u00e9gation de signature - Service Socio-Educatif\n(2 pages) Page 33\n80-2024-10-07-00014 - D\u00e9l\u00e9gation de signature - Syst\u00e8me\nd'Information (2 pages) Page 36\nPr\u00e9fecture de la Somme - Cabinet / Cabinet\n80-2024-10-09-00002 - AP 24/746 portant d\u00e9rogation \u00e0 la SNCF pour\ndes vols d'a\u00e9ronefs t\u00e9l\u00e9pilot\u00e9s sans \u00e9quipage \u00e0 bord de jour et\nde nuit pour des mission op\u00e9rationnelles non programmables (6 pages) Page 39\n80-2024-10-09-00003 - AP 24/747 AP 24/746 portant d\u00e9rogation \u00e0 la\nSNCF pour des vols d'a\u00e9ronefs t\u00e9l\u00e9pilot\u00e9s sans \u00e9quipage \u00e0 bord\nde jour et de nuit pour des mission op\u00e9rationnelles non programmables\n(7 pages) Page 46\n2\n80-2024-10-09-00001 - arr\u00eat\u00e9 autorisant la surveillance VP- concert 30\nans grand A 101024 (3 pages) Page 54\nPr\u00e9fecture de la Somme - Direction de la Citoyennet\u00e9 et de la\nL\u00e9galit\u00e9 /\n80-2024-10-07-00008 - Arr\u00eat\u00e9 pr\u00e9fectoral portant nomination d'un\nr\u00e9gisseur d'\u00c9tat titulaire et d'une mandataire suppl\u00e9ante de police\nmunicipale de la commune de Moreuil (2 pages) Page 58\n80-2024-10-07-00007 - Arr\u00eat\u00e9 pr\u00e9fectoral portant suppression d'une\nr\u00e9gie de recettes de l'\u00c9tat aupr\u00e8s de la police municipale de la\ncommune d'Albert et mettant fin aux fonctions de r\u00e9gisseur et de son\nsuppl\u00e9ant (2 pages) Page 61\nPr\u00e9fecture de la Somme - Sous-pr\u00e9fecture de P\u00e9ronne /\nSous-pr\u00e9fecture de P\u00e9ronne\n80-2024-10-07-00010 - 24 10 AP \u00e9lections compl\u00e9mentaires languevoisin\nquiquery (2 pages) Page 64\n3\nDirection D\u00e9partementale des Territoires et de\nla Mer\n80-2024-10-08-00003\narr\u00eat\u00e9 nomination commission d\u00e9partementale\nd'accueil des gens du voyage\nDirection D\u00e9partementale des Territoires et de la Mer - 80-2024-10-08-00003 - arr\u00eat\u00e9 nomination commission d\u00e9partementale\nd'accueil des gens du voyage 4\nPREFET  a Direction  d\u00e9partementale\nlick: des  territoires  et de la mer\nEgalit\u00e9  |\nFraternit\u00e9  de la Somme\nARR\u00caT\u00c9\nportant  sur  la composition  |\nde la Commission  consultative  d\u00e9partementale\nd'accueil  des  gens  du voyage  \u00a9\nLE PREFET  DE LA SOMME\nCHEVALIER  DE LA LEGION  D'HONNEUR\nVu  la loi n\u00b0 2000-614  du 5 juillet  2000  modifi\u00e9e  relative  \u00e0 l'accueil  et \u00e0 l'habitat  des  gens  du voyage  ;\nVu le d\u00e9cret  interminist\u00e9riel  n\u00b0 2001-540  du 25 juin  2001  modifi\u00e9  relatif  \u00e0 la composition  et au\nfonctionnement  de la commission  d\u00e9partementale  consultative  des  gens  du voyage  ;\nVu le d\u00e9cret  2004-374  du 29 avril  2004  modifi\u00e9  relatif  aux  pouvoirs  des  pr\u00e9fets,  \u00e0 l'organisation  et \u00e0\nl'action  des  services  de l'\u00c9tat  dans  les r\u00e9gions  et d\u00e9partements  ;\nVu le d\u00e9cret  du 13 juillet  2023  portant  nomination  de M. Rollon  Mouchel-Blaisot,  pr\u00e9fet  de la Somme;\nVu la circulaire  minist\u00e9rielle  du 5 juillet  2001  relative  \u00e0 l'application  de la loi susvis\u00e9e  ::\nVu l'arr\u00eat\u00e9  pr\u00e9fectoral  portant  composition  de la commission  consultative  d\u00e9partementale  des  gens  du\nvoyage  du 5 juillet  2017  modifi\u00e9  ;\nVu les d\u00e9signations  du Conseil  d\u00e9partemental  de la Somme  du 5 septembre  2024  ;\nVu les d\u00e9signations  de l'Association  d\u00e9partementale  des  maires  de la Somme  du 20 septembre  2024  ;\nVu les d\u00e9signations  du Directeur  de la Caisse  d'allocations  familiales  de la Somme  du 21 ao\u00fbt  2024  ;\nApr\u00e8s  consultation  des  organisations  et associations  repr\u00e9sentatives  des  gens  du voyage  ;\nSur  proposition  du directeur  d\u00e9partemental  des  territoires  et de la mer  de la Somme  :\nARR\u00caTE\nArticle  ter.  - La Commission  d\u00e9partementale  consultative  d'accueil  des  gens  du voyage  est compos\u00e9e\ncomme  suit  :\nPr\u00e9sidents  conjoints  :\n\u2014 Le pr\u00e9fet  de la Somme  ou son  repr\u00e9sentant  ;\n- Le pr\u00e9sident  du conseil  d\u00e9partemental  de la Somme  ou son repr\u00e9sentant.\nRepr\u00e9sentants  des  services  de l'\u00c9tat  :\n\u2014 Le directeur  d\u00e9partemental  des  territoires  et de la mer  ou son  repr\u00e9sentant  ;\n\u2014 Le directeur  acad\u00e9mique  de l'\u00c9ducation  Nationale  ou son  repr\u00e9sentant  ;\nDirection D\u00e9partementale des Territoires et de la Mer - 80-2024-10-08-00003 - arr\u00eat\u00e9 nomination commission d\u00e9partementale\nd'accueil des gens du voyage 5\n~ Le commandant  du groupement  de gendarmerie  de la Somme  ou son  repr\u00e9sentant  ;\n\u2014 Le directeur  interd\u00e9partemental  de la police  nationale  de la Somme  ou son  repr\u00e9sentant.\nRepr\u00e9sentants  du conseil  d\u00e9partemental  :\nTitulaires  :\n-Mme  Christelle  Hiver,  1\u00b0 vice-pr\u00e9sidente  en charge  des  ressources  humaines,  Conseill\u00e8re\nd\u00e9partementale  du canton  de Doullens  ;\n\u2014Mme  Isabelle  De Waziers,  3\u00b0 vice-pr\u00e9sidente  en charge  des finances  et de l'Europe,  Conseill\u00e8re\nd\u00e9partementale  du canton  de Poix-de-Picardie  ;\n- M. Emmanuel  Noiret,  12\u00b0 vice-pr\u00e9sident  en charge  du d\u00e9veloppement  agricole,  de l'alimentation  et de\nla ruralit\u00e9,  Conseiller  d\u00e9partemental  du canton  de Friville-Escarbotin  ;\n\u2014 M. Jean-Claude  Renaux,  conseiller  d\u00e9partemental  du canton  d'Amiens  Nord  Est.\nSuppl\u00e9ants  :\n\u2014 M. Arnaud  Bihet,  conseiller  d\u00e9partemental  du canton  de Gamaches  :\n\u2014 Mme  Sabrina  Holleville-Milhat,  11\u00b0 vice-pr\u00e9sidente  en charge  du tourisme,  Conseill\u00e8re  d\u00e9partementale\ndu canton  d'Abbeville  2 ;\n\u2014 Mme  Jocelyne  Martin,  conseill\u00e8re  d\u00e9partementale  du canton  de Rue;\n- Mme  Julie  Vast,  conseill\u00e8re  d\u00e9partementale  du canton  d'Abbeville  1.\nRepr\u00e9sentants  des  communes  :\nTitulaire  :\n- Mme  Florence  Rodinger,  adjointe  \u00e0 la ville  d'Amiens.\nSuppl\u00e9ant  :\n- M. Hubert  de Jenlis,  adjoint  \u00e0 la ville  d'Amiens.\nRepr\u00e9sentants  des  EPCI  du d\u00e9partement  :\nTitulaires  :\n- Mme  B\u00e9n\u00e9dicte  Thi\u00e9baut,  pr\u00e9sidente  de la Communaut\u00e9  de Communes  du Grand-Roye  i\n- M. Alain  Babaut,  pr\u00e9sident  de la Communaut\u00e9  de Communes  du Val de Somme  :\n- M. Pascal  Demarthe,  pr\u00e9sident  de la Communaut\u00e9  d'Agglom\u00e9ration  Baie  de Somme  :\n- M. Patrick  Blocklet,  vice-pr\u00e9sident  de la Communaut\u00e9  de Communes  du Territoire  Nord  Picardie.\nSuppl\u00e9ants  :\n- M. Jean-Pierre  Boudinelle,  pr\u00e9sident  de la Communaut\u00e9  de Communes  du Vimeu  ;\n- M. St\u00e9phane  Chevin,  vice-pr\u00e9sident  de la Communaut\u00e9  de Communes  du Val  de Somme  :\nDirection D\u00e9partementale des Territoires et de la Mer - 80-2024-10-08-00003 - arr\u00eat\u00e9 nomination commission d\u00e9partementale\nd'accueil des gens du voyage 6\n- M. Claude  Cliquet,  vice-pr\u00e9sident  \u00e0 la Communaut\u00e9  de Communes  du Pays  du Coquelicot.\n- M. Eric  Fran\u00e7ois,  pr\u00e9sident  de la Communaut\u00e9  de Communes  de la Haute  Somme.\nRepr\u00e9sentants  ou intervenants  aupr\u00e9s  des  gens  du voyage  :\n- M. Eug\u00e8ne  B\u00e9goc,  repr\u00e9sentant  de la Ligue  des droits  de l'Homme  de la Somme  ;\n- M. le Pasteur  Joseph  Charpentier,  pr\u00e9sident  de l'association  SOS Gens  du voyage  ;\n- M. le Pasteur  Jerry Dufresne,  Mission  Vie et Lumi\u00e8re  ; |\n- M. Patrice  Maire,  directeur  g\u00e9n\u00e9ral  de l'association  Saint-Nabor  Services  ;\n- Mme  Nelly  Nebart,  pr\u00e9sidente  de l'ANGVC  (Association  nationale  des  gens  du voyage  citoyens.\nRepr\u00e9sentants  de la Caisse  d'allocations  familiales  ou de la Mutualit\u00e9  sociale  agricole  :\n- Mme  Laura  Martinet,  directrice  adjointe  de la Caisse  d'allocations  familiales  de la Somme;\n- Mme  V\u00e9ronique  Martin,  responsable  du Service  Prestations  de la Caisse  d'allocations  familiales  de la\nSomme.\nArticle  2. - Le mandat  des  membres  ainsi  d\u00e9sign\u00e9s  est de six ans  \u00e0 compter  de la date  du pr\u00e9sent  arr\u00eat\u00e9.\nArticle  3. - L'arr\u00eat\u00e9  pr\u00e9fectoral  du 5 juillet  2017  susvis\u00e9  est abrog\u00e9.\nArticle  4. - Le directeur  de cabinet  du pr\u00e9fet  de la Somme  est charg\u00e9  de l'ex\u00e9cution  du pr\u00e9sent  arr\u00eat\u00e9\nqui sera  publi\u00e9  au recueil  des  actes  administratifs  de la pr\u00e9fecture  de la Somme.\nAmiens,  le 0 8 OCT, 2024\nollon  MOUCHEL-BLAISOT\nVOIES  ET D\u00c9LAIS  DE RECOURS\nLa pr\u00e9sente  d\u00e9cision  est susceptible  de faire,  dans  le d\u00e9lai  de deux  mois  suivant  la notification,  l'objet  des  voies  de recours  suivantes  :\n~ un recours  gracieux,  formul\u00e9  aupr\u00e8s  du Pr\u00e9fet  de la Somme,  Cabinet,  bureau  de la s\u00e9curit\u00e9  int\u00e9rieure,  51 rue  de la R\u00e9publique  80020  Amiens\n\u2014 un recours  hi\u00e9rarchique,  aupr\u00e8s  du Ministre  de l'int\u00e9rieur,  direction  des  libert\u00e9s  publiques  et des  affaires  juridiques  \u2014 sous-direction  des  polices  administratives  \u2014 bureau\ndes  polices  administratives  \u2014 place  Beauvau  75800  Paris  cedex  08.\nCes  recours  sont  d\u00e9pourvus  de caract\u00e8re  suspensif.  En l'absence  de r\u00e9ponse  de l'administration  dans  un d\u00e9lai  de deux  mois  \u00e0 compter  de la date  de r\u00e9ception  de votre\nrecours,  celui-ci  doit  \u00eatre  consid\u00e9r\u00e9  comme  implicitement  rejet\u00e9.\n\u2014 Un recours  contentieux,  devant  le tribunal  administratif  d' Amiens  \u2014 14 rue  Lemerchier  80000  AMIENS  ou par  voie  \u00e9lectronique  par  le site  www.telerecours.fr  _\nCe recours  juridictionnel  doit  \u00eatre  d\u00e9pos\u00e9  au plus  tard  avant  l'expiration  du deuxi\u00e8me  mois  \u00e0 compter  de la date  de notification  de la d\u00e9cision  contest\u00e9e,  ou dans  les deux\nmois  suivant  la date  du rejet  de votre  recours  gracieux  ou hi\u00e9rarchique.\nDirection D\u00e9partementale des Territoires et de la Mer - 80-2024-10-08-00003 - arr\u00eat\u00e9 nomination commission d\u00e9partementale\nd'accueil des gens du voyage 7\nDirection D\u00e9partementale des Territoires et de\nla Mer\n80-2024-09-30-00013\nArr\u00eat\u00e9 portant d\u00e9rogation aux plafonds des\nressources d'attribution de logements sociaux\ndans le quartier Etouvie \u00e0 Amiens\nDirection D\u00e9partementale des Territoires et de la Mer - 80-2024-09-30-00013 - Arr\u00eat\u00e9 portant d\u00e9rogation aux plafonds des ressources\nd'attribution de logements sociaux dans le quartier Etouvie \u00e0 Amiens 8\nE | RANCE\nPREFET  Direction  d\u00e9partementale  'ATION\nrs  SOMME  des territoires  et de ia mer M ERTE  }\nmi  de la Somme\nARR\u00caT\u00c9\nPortant  de d\u00e9rogation  aux  plafonds\ndes  ressources  d'attribution  de logements  sociaux\ndans  le quartier  Etouvie  \u00e0 Amiens\nLE PR\u00c9FET  DE LA SOMME\nCHEVALIER  DE LA L\u00c9GION  D'HONNEUR\nVu le code  de la construction  et de l'habitation,  et notamment  ses articles  R441-1  et suivants  ;\nVu le d\u00e9cret  n\u00b0 2004-374  du 29 avril  2004  modifi\u00e9,  relatif  aux  pouvoirs  des pr\u00e9fets,  \u00e0\nl'organisation  et \u00e0 l'action  des  services  de l'Etat  dans  les r\u00e9gions  et les d\u00e9partements  ;\nVu le d\u00e9cret  n\u00b0 2005/260  du 23 mars  2005  relatif  au comit\u00e9  r\u00e9gional  de l'habitat  et modifiant\nle code  de la construction  et de l'habitation  ;\nVu le d\u00e9cret  du 13 juillet  2023  portant  nomination  du pr\u00e9fet  de la Somme,  M. Rollon\nMOUCHEL-BLAISOT  ;\nVu l'arr\u00eat\u00e9  interminist\u00e9riel  du 29 juillet  1987  modifi\u00e9  relatif  aux  plafonds  de ressources  des\nb\u00e9n\u00e9ficiaires  de la l\u00e9gislation  sur les habitations  \u00e0 loyer  mod\u00e9r\u00e9  et des  nouvelles  aides  de l'Etat\nen secteur  locatif  ;\nVu la demande  de d\u00e9rogation  de la Soci\u00e9t\u00e9  Immobili\u00e8re  Picarde  d'habitations  \u00e0 loyer  mod\u00e9r\u00e9\ndu 13 septembre  2024  ;\nSur proposition  du directeur  d\u00e9partemental  des  territoires  et de la mer  de la Somme  ;\nARR\u00caTE\nArticle  ter. \u2014 Il peut  \u00eatre  d\u00e9rog\u00e9,  pendant  une  dur\u00e9e  de trois  ans \u00e0 compter  de la date  de\nsignature  du pr\u00e9sent  arr\u00eat\u00e9,  aux conditions  de ressources  mentionn\u00e9es  \u00e0 l'article  R441-1  du\ncode  de la construction  et de l'habitation,  en ce qui concerne  l'attribution  des logements  du\nparc  locatif  public,  quartier  \u00c9touvie  \u00e0 Amiens,  appartenant  \u00e0 la Soci\u00e9t\u00e9  Immobili\u00e8re  Picarde\nd'habitations  \u00e0 loyer  mod\u00e9r\u00e9.\nArticle  2. - Les d\u00e9rogations  sont  limit\u00e9es  aux m\u00e9nages  dont  les ressources  sont  sup\u00e9rieures  de\n20 % maximum  aux plafonds  fix\u00e9s  par arr\u00eat\u00e9  du 29 juillet  1987  susvis\u00e9  et \u00e0 50 attributions  sur\nles 3 ans.\nArticle  3. - La direction  d\u00e9partementale  des territoires  et de la mer  de la Somme  (DDTM)  sera\ninform\u00e9e  par le bailleur  de chaque  situation  de m\u00e9nages  se trouvant  dans  le champ  de la\nd\u00e9rogation  et pour  lesquels  un logement  a \u00e9t\u00e9 attribu\u00e9.\nDirection D\u00e9partementale des Territoires et de la Mer - 80-2024-09-30-00013 - Arr\u00eat\u00e9 portant d\u00e9rogation aux plafonds des ressources\nd'attribution de logements sociaux dans le quartier Etouvie \u00e0 Amiens 9\nLe bailleur  adressera  \u00e0 la DDTM  \u00e0 la fin de chaque  semestre  les informations  suivantes  :\n* la liste  des  cas ayant  fait  l'objet  d'une  mise  en \u0153uvre  de la d\u00e9rogation  (nom  du\nb\u00e9n\u00e9ficiaire,  composition  du m\u00e9nage,  logement  attribu\u00e9,  seuil  de revenus,  taux  de\nd\u00e9passement  par  rapport  au plafond,  date  de la demande,  date  d'attribution)  ;\n* La situation  de la vacance  commerciale  sur les logements  concern\u00e9s  par  le pr\u00e9sent\narr\u00eat\u00e9  (nombre  de logements  concern\u00e9s  par  les dur\u00e9es  de vacance  sup\u00e9rieure  \u00e0 3 mois\net sup\u00e9rieure  \u00e0 1 an);\n* la r\u00e9partition  dans  le parc  des  locataires  dont  les ressources  sont  inf\u00e9rieures  \u00e0 60 % des\nplafonds  et de ceux  les d\u00e9passant.\nArticle  4. - Le secr\u00e9taire  g\u00e9n\u00e9ral  de la pr\u00e9fecture  de la Somme  et le directeur  d\u00e9partemental\ndes  territoires  et de la mer  de la Somme  sont  charg\u00e9s,  chacun  en ce qui le concerne,  de\nl'ex\u00e9cution  du pr\u00e9sent  arr\u00eat\u00e9.\nAmiens,  le 3 0 SEP.  2024\nEL-BLAISOT\nDirection D\u00e9partementale des Territoires et de la Mer - 80-2024-09-30-00013 - Arr\u00eat\u00e9 portant d\u00e9rogation aux plafonds des ressources\nd'attribution de logements sociaux dans le quartier Etouvie \u00e0 Amiens 10\nDirection D\u00e9partementale des Territoires et de\nla Mer\n80-2024-10-08-00009\nArr\u00eat\u00e9 ordonnant \u00e0 M. BODDAERT, lieutenant de\nlouveterie, de r\u00e9guler par pi\u00e9geage ou par tir le\nblaireau sur la commune de Bayonvillers\nDirection D\u00e9partementale des Territoires et de la Mer - 80-2024-10-08-00009 - Arr\u00eat\u00e9 ordonnant \u00e0 M. BODDAERT, lieutenant de\nlouveterie, de r\u00e9guler par pi\u00e9geage ou par tir le blaireau sur la commune de Bayonvillers 11\nEs  ts\nPREFET  Direction  d\u00e9partementale  ANCE\nDE LA SOMME  des territoires  et de la mer 'TIONLaben\u00e9 RTE  )\n\u2014  de la Somme  sy nent  eae\nARRETE\nordonnant  \u00e0 M. BODDAERT,  lieutenant  de louveterie,  de r\u00e9guler  par pi\u00e9geage\nou par tir le blaireau  sur la commune  de Bayonvillers\nLE PREFET  DE LA SOMME\nCHEVALIER  DE.LA  LEGION  D'HONNEUR\nVu le code  de l'environnement,  et notamment  ses articles  L. 427-6,  L. 427-8  ;\nVu la loi n\u00b02005-157  du 23 f\u00e9vrier  2005  sur le d\u00e9veloppement  des territoires  ruraux  sur les\ndispositions  relatives  \u00e0 la chasse  ;\nVu le d\u00e9cret  du 13 juillet  2023  portant  nomination  du pr\u00e9fet  de la Somme,  M. Rollon\nMOUCHEL-BLAISOT  ;\nVu le d\u00e9cret  du 3 janvier  2024  portant  nomination  de M. Victor  JOZON,  sous-pr\u00e9fet,  directeur\nde cabinet  du pr\u00e9fet  de la Somme  ;\nVu l'arr\u00eat\u00e9  pr\u00e9fectoral  du 15 janvier  2024  donnant  d\u00e9l\u00e9gation  de signature  \u00e0 M. Victor  JOZON,\ndirecteur  de cabinet  du pr\u00e9fet  de la Somme  ; .\nVu la demande  du 4 septembre  2024,  motiv\u00e9e  par des photos  et chiffrage  des d\u00e9g\u00e2ts\nagricoles,  d\u00e9pos\u00e9e  par M. Karl DELATTRE,  exploitant  agricole,  qui souhaite  le pi\u00e9geage  ou la\ndestruction  par tir du blaireau  par la louveterie  pour  limiter  les d\u00e9g&ts  agricoles  sur ses\nparcelles  agricoles  situ\u00e9es  sur la commune  de Bayonvillers  ;\nVu l'attestation  de M. Xavier  PALPIED,  maire  de la commune  de Bayonvillers,  du 3 septembre\n2024,  qui fait \u00e9tat  des d\u00e9g\u00e2ts  aux cultures  et du risque  accidentog\u00e8ne  accru  par la\nd\u00e9t\u00e9rioration  des sols et la fragilit\u00e9  de ces derniers  de par les galeries  profondes  form\u00e9es  par\nl'activit\u00e9  des blaireaux  ;\nVu le compte-rendu  de l'expertise  du louvetier  du secteur,  re\u00e7u par courriel  du 20 septembre\n2024,  qui conclut  en la pr\u00e9sence  d'une  blaireauti\u00e8re  profonde  et \u00e9tendue  occasionnant  des\nd\u00e9g\u00e2ts  agricoles  sur la commune  de Bayonvillers  ;\nVu l'avis favorable  de la f\u00e9d\u00e9ration  d\u00e9partementale  des chasseurs  de la Somme  du 27\nseptembre  2024  ;\nConsid\u00e9rant  la n\u00e9cessit\u00e9  de pr\u00e9venir  des d\u00e9g\u00e2ts  agricoles  pouvant  intervenir  sur les cultures,\nl'\u00e9levage  bovin  et le mat\u00e9riel  agricole;  ::\nConsid\u00e9rant  que la population  de blaireau  \u00e0 l'\u00e9chelle  du d\u00e9partement  de la Somme  n'est  pas\nmenac\u00e9e,  et que ces op\u00e9rations  de destruction  ponctuelles  n'engendreront  pas l'\u00e9radication\nde cette  esp\u00e8ce  ;\nConsid\u00e9rant  que cette  esp\u00e8ce  aux m\u0153urs  nocturnes  est difficilement  chassable  en saison  ;\nConsid\u00e9rant  que ces op\u00e9rations  de destruction  sont cibl\u00e9es  pr\u00e9cis\u00e9ment,  que l'intervention\nest limit\u00e9e  dans  le temps  et que le nombre  de pr\u00e9l\u00e8vements  de blaireaux  sera limit\u00e9  au strict\nn\u00e9cessaire  ;\nDirection D\u00e9partementale des Territoires et de la Mer - 80-2024-10-08-00009 - Arr\u00eat\u00e9 ordonnant \u00e0 M. BODDAERT, lieutenant de\nlouveterie, de r\u00e9guler par pi\u00e9geage ou par tir le blaireau sur la commune de Bayonvillers 12\nSur proposition  du directeur  d\u00e9partemental  des territoires  et de la mer de la Somme  ;\nARRETE\nArticle  1er.  - M. Dominique  BODDAERT,  lieutenant  de louveterie  de la circonscription  n\u00b06, est\nautoris\u00e9  \u00e0 d\u00e9truire  le blaireau  par tout  moyen  de jour  comme  de nuit ou \u00e0 faire  proc\u00e9der,  par\nd\u00e9l\u00e9gation  \u00e9crite  \u00e0 un pi\u00e9geur  agr\u00e9\u00e9,  \u00e0 l'installation  de pi\u00e8ge  sur la commune  de Bayonvillers.\nArticle  2. - La r\u00e9gulation  vis\u00e9e  \u00e0 l'article  1 est autoris\u00e9e  du 14 au 28 octobre  2024.\nArticle  3. - M. Dominique  BODDAERT  pourra  se faire  repr\u00e9senter  ou accompagner  par tout\nautre  lieutenant  de louveterie  de son choix.\nArticle  4. - Seul le lieutenant  de louveterie  est habilit\u00e9  au tir. L'emploi  sur l'arme  \u00e0 feu d'un\ndispositif  silencieux  ainsi  que l'utilisation  de sources  lumineuses  sont  autoris\u00e9s.  |\nArticle  5. - La r\u00e9gulation  par pi\u00e9geage  est ex\u00e9cut\u00e9e  dans  les conditions  particuli\u00e8res\nsuivantes  :\n- le pi\u00e9geage  est r\u00e9alis\u00e9  uniquement  \u00e0 l'aide  de pi\u00e8ges  collets  munis  d'un arr\u00e9toir  (3\u00b0\ncat\u00e9gorie)  homologu\u00e9s  qui doivent  \u00eatre  identifi\u00e9s  par le num\u00e9ro  d'agr\u00e9ment  du pi\u00e9geur  ;\n- la visite  du pi\u00e8ge  doit  se faire  quotidiennement  dans  les 2 heures  suivant  le lever  du soleil  ;\n- la pose  en coul\u00e9e  est autoris\u00e9e  ;\nEn cas de non-respect  de ces prescriptions,  l'autorisation  de pi\u00e9geage  du blaireau  sera retir\u00e9e\nimm\u00e9diatement.\nLes animaux  abattus  devront  \u00eatre  enterr\u00e9s  sur place  et recouverts  de chaux  vive.\nArticle  6. - Un compte-rendu  des op\u00e9rations  sera adress\u00e9  \u00e0 la direction  d\u00e9partementale  des\nterritoires  et de la mer de la Somme  dans  les 7 jours  suivant  la fin des op\u00e9rations  en pr\u00e9cisant\nnotamment  les dates,  le nombre  de blaireaux  aper\u00e7us,  abattus  et les observations  r\u00e9alis\u00e9es.\nArticle  7. - La pose  de pi\u00e8ges  doit  faire  l'objet,  de la part  du pi\u00e9geur  charg\u00e9  des op\u00e9rations,\nd'une  d\u00e9claration  en mairie  de la commune  o\u00f9 est pratiqu\u00e9  le pi\u00e9geage  si cette  d\u00e9claration\nn'a pas \u00e9t\u00e9 r\u00e9alis\u00e9e  au pr\u00e9alable.\nArticle  8. - Avant  de proc\u00e9der  \u00e0 toute  op\u00e9ration  de r\u00e9gulation,  le lieutenant  de louveterie  en\ninforme  pr\u00e9alablement  : |\n- le commandant  du groupement  de gendarmerie  ou le directeur  d\u00e9partemental  de la\ns\u00e9curit\u00e9  publique,\n- le chef  du service  d\u00e9partemental  de l'OFB.\nArticle  7. - Le pr\u00e9sent  arr\u00eat\u00e9  est susceptible  de faire  l'objet  d'un  recours  contentieux  devant\nle tribunal  administratif  d'Amiens  \u2014 14, rue Lemerchier  \u2014 80011  Amiens  cedex  1 - dans  un d\u00e9lai\nde deux  mois  \u00e0 compter  de sa publication  au recueil  des actes  administratifs  de la Somme.  Le\ntribunal  administratif  peut  \u00e9galement  \u00eatre saisi,  dans  le m\u00eame  d\u00e9lai,  par l'interm\u00e9diaire  de\nl'application  \u00ab t\u00e9l\u00e9recours  citoyen  \u00bb accessible  sur le site www.telerecours.fr.\nDirection D\u00e9partementale des Territoires et de la Mer - 80-2024-10-08-00009 - Arr\u00eat\u00e9 ordonnant \u00e0 M. BODDAERT, lieutenant de\nlouveterie, de r\u00e9guler par pi\u00e9geage ou par tir le blaireau sur la commune de Bayonvillers 13\nArticle  8. \u2014 Le directeur  de cabinet  de la pr\u00e9fecture  de la Somme,  le directeur  d\u00e9partemental\ndes territoires  et de la mer, le chef du service  d\u00e9partemental  de l'office  fran\u00e7ais  de la\nbiodiversit\u00e9,  et tous les agents  charg\u00e9s  de la police  de la chasse  sont charg\u00e9s,  chacun  en ce qui\nle concerne,  de l'ex\u00e9cution  du pr\u00e9sent  arr\u00eat\u00e9  qui sera publi\u00e9  au recueil  des actes  administratifs\nde la pr\u00e9fecture  de la Somme.\nAmiens;  le 08 OCT.  2024\nPour  le pr\u00e9fet  et ar d\u00e9l\u00e9gation,\nLe sous-pr\u00e9fet,  directeur  de cabinet,\n'tor JOZON\nDirection D\u00e9partementale des Territoires et de la Mer - 80-2024-10-08-00009 - Arr\u00eat\u00e9 ordonnant \u00e0 M. BODDAERT, lieutenant de\nlouveterie, de r\u00e9guler par pi\u00e9geage ou par tir le blaireau sur la commune de Bayonvillers 14\nDirection D\u00e9partementale des Territoires et de\nla Mer\n80-2024-10-08-00008\nArr\u00eat\u00e9 ordonnant \u00e0 M. PICARD, lieutenant de\nlouveterie, de r\u00e9guler par pi\u00e9geage ou par tir le\nblaireau sur les communes d'Amiens et Dury\nDirection D\u00e9partementale des Territoires et de la Mer - 80-2024-10-08-00008 - Arr\u00eat\u00e9 ordonnant \u00e0 M. PICARD, lieutenant de\nlouveterie, de r\u00e9guler par pi\u00e9geage ou par tir le blaireau sur les communes d'Amiens et Dury 15\nes FRANCEPR\u00c9FET  Direction  d\u00e9partementale  \"TION\nDE LA SOMME  des territoires  et de la mer RTE )\nLaberee  .\nFgalite  | de la Somme  Agir  - Mobiliser  - Acc\u00e9l\u00e9rer\nFasterattc\nARRETE\nordonnant  a M. PICARD,  lieutenant  de louveterie,  de r\u00e9guler  par pi\u00e9geage  ou\npar tir le blaireau  sur les communes  d'Amiens  et Dury\nLE PREFET  DE LA SOMME\nCHEVALIER  DE LA LEGION  D'HONNEUR\nVu le code  de l'environnement,  et notamment  ses articles  L. 427-6,  L. 427-8  ;\nVu la loi n\u00b02005-157  du 23 f\u00e9vrier  2005  sur le d\u00e9veloppement  des territoires  ruraux  sur les\ndispositions  relatives  \u00e0 la chasse  ;\nVu le d\u00e9cret  du 13 juillet  2023  portant  nomination  du pr\u00e9fet  de la Somme,  M. Rollon\nMOUCHEL-BLAISOT  ;\nVu le d\u00e9cret  du 3 janvier  2024  portant  nomination  de M. Victor  JOZON,  sous-pr\u00e9fet,  directeur\nde cabinet  du pr\u00e9fet  de la Somme  ;\nVu l'arr\u00eat\u00e9  pr\u00e9fectoral  du 15 janvier  2024  donnant  d\u00e9l\u00e9gation  de signature  \u00e0 M. Victor  JOZON,\ndirecteur  de cabinet  du pr\u00e9fet  de la Somme;\nVu la demande  motiv\u00e9e  du 8 ao\u00fbt  2024,  d\u00e9pos\u00e9e  par le Monast\u00e8re  du Carmel,  qui fait \u00e9tat de\nd\u00e9gradations  dues  \u00e0 la pr\u00e9sence  d'une  blaireauti\u00e9re  sur sa propri\u00e9t\u00e9  situ\u00e9e  sur la commune\nd'Amiens  ;\nVu le compte-rendu  de l'expertise  du louvetier  du secteur,  re\u00e7u  par courriel  du 3 septembre\n2024,  qui conclut  en la pr\u00e9sence  d'une  blaireauti\u00e8re  profonde  et \u00e9tendue  occasionnant  des\nd\u00e9g\u00e2ts  sur la propri\u00e9t\u00e9  du Monast\u00e8re  du Carmel  ;\nVu l'avis favorable  de la f\u00e9d\u00e9ration  d\u00e9partementale  des chasseurs  de la Somme  du 1\u00b0 octobr\u00e9\n2024  ;\nConsid\u00e9rant  la n\u00e9cessit\u00e9  de pr\u00e9venir  des d\u00e9g\u00e2ts  pour  la s\u00e9curit\u00e9  des biens  et des personnes  ;\nConsid\u00e9rant  que la propri\u00e9t\u00e9  du monast\u00e8re  du Carmel  est situ\u00e9  \u00e0 proximit\u00e9  de la commune  de\nDury;\nConsid\u00e9rant  que la population  de blaireau  \u00e0 l'\u00e9chelle  du d\u00e9partement  de la Somme  n'est  pas\nmenac\u00e9e,  et que ces op\u00e9rations  de destruction  ponctuelles  n'engendreront  pas l'\u00e9radication\nde cette  esp\u00e8ce  ;\nConsid\u00e9rant  que cette  esp\u00e8ce  aux m\u0153urs  nocturnes  est difficilement  chassable  en saison  ;\nConsid\u00e9rant  que ces op\u00e9rations  de destruction  sont  cibl\u00e9es  pr\u00e9cis\u00e9ment,  que l'intervention\nest limit\u00e9e  dans  le temps  et que le nombre  de pr\u00e9l\u00e8vements  de blaireaux  sera limit\u00e9  au strict\nn\u00e9cessaire  ;\nSur proposition  du directeur  d\u00e9partemental  des territoires  et de la mer de la Somme;\nDirection D\u00e9partementale des Territoires et de la Mer - 80-2024-10-08-00008 - Arr\u00eat\u00e9 ordonnant \u00e0 M. PICARD, lieutenant de\nlouveterie, de r\u00e9guler par pi\u00e9geage ou par tir le blaireau sur les communes d'Amiens et Dury 16\nARRETE\nArticle  Jer. - M. Aur\u00e9lien  PICARD,  lieutenant  de louveterie  de la circonscription  n\u00b04, est\nautoris\u00e9  \u00e0 d\u00e9truire  le blaireau  par tout  moyen  de jour  comme  de nuit ou \u00e0 faire  proc\u00e9der,  par\nd\u00e9l\u00e9gation  \u00e9crite  \u00e0 un pi\u00e9geur  agr\u00e9\u00e9,  \u00e0 l'installation  de pi\u00e8ge  sur la commune  d'Amiens,\nsections  cadastrales  LS et ZV et sur la commune  de Dury,  sections  cadastrales  ZC et ZD.\nArticle  2. - La r\u00e9gulation  vis\u00e9e  \u00e0 l'article  1 est autoris\u00e9e  du 14 au 28 octobre  2024.\nArticle  3. - M. Aur\u00e9lien  PICARD  pourra  se faire  repr\u00e9senter  ou accompagner  par tout  autre\nlieutenant  de louveterie  de son  choix.\nArticle  4. - Seul  le lieutenant  de louveterie  est habilit\u00e9  au tir. L'emploi  sur l'arme  \u00e0 feu d'un\ndispositif  silencieux  ainsi  que l'utilisation  de sources  lumineuses  sont  autoris\u00e9s.\nArticle  5. - La r\u00e9gulation  par pi\u00e9geage  est ex\u00e9cut\u00e9e  dans  les conditions  particuli\u00e8res\nsuivantes  :\n- le pi\u00e9geage  est r\u00e9alis\u00e9  uniquement  \u00e0 l'aide  de pi\u00e8ges  collets  munis  d'un  arr\u00e9toir  (3\u00b0TM\ncat\u00e9gorie)  homologu\u00e9s  qui doivent  \u00eatre  identifi\u00e9s  par le num\u00e9ro  d'agr\u00e9ment  du pi\u00e9geur  ;\n- la visite  du pi\u00e8ge  doit  se faire  quotidiennement  dans  les 2 heures  suivant  le lever  du soleil  ;\n- la pose  en coul\u00e9e  est autoris\u00e9e  ;\nEn cas de non-respect  de ces prescriptions,  l'autorisation  de pi\u00e9geage  du blaireau  sera retir\u00e9e\nimm\u00e9diatement.\nLes animaux  abattus  devront  \u00eatre  enterr\u00e9s  sur place  et recouverts  de chaux  vive.\nArticle  6. - Un compte-rendu  des op\u00e9rations  sera  adress\u00e9  \u00e0 la direction  d\u00e9partementale  des\nterritoires  et de la mer  de la Somme  dans  les 7 jours  suivant  la fin des op\u00e9rations  en pr\u00e9cisant\nnotamment  les dates,  le nombre  de blaireaux  aper\u00e7us,  abattus  et les observations  r\u00e9alis\u00e9es.\nArticle  7. - La pose  de pi\u00e8ges  doit  faire  l'objet,  de la part  du pi\u00e9geur  charg\u00e9  des op\u00e9rations,\nd'une  d\u00e9claration  en mairie  de la commune  o\u00f9 est pratiqu\u00e9  le pi\u00e9geage  si cette  d\u00e9claration\nn'a pas \u00e9t\u00e9 r\u00e9alis\u00e9e  au pr\u00e9alable.\nArticle  8. - Avant  de proc\u00e9der  \u00e0 toute  op\u00e9ration  de r\u00e9gulation,  le lieutenant  de louveterie  en\ninforme  pr\u00e9alablement  :\n- le commandant  du groupement  de gendarmerie  ou le directeur  d\u00e9partemental  de la\ns\u00e9curit\u00e9  publique,\n\u2014 le chef  du service  d\u00e9partemental  de l'OFB.\nArticle  7. - La pr\u00e9sente  d\u00e9cision  est susceptible  de faire  l'objet  d'un  recours  contentieux\ndevant  le tribunal  administratif  d'Amiens  \u2014 14, rue Lemerchier  \u2014 80011  Amiens  cedex  1 \u2014 dans\nun d\u00e9lai  de deux  mois  \u00e0 compter  de sa publication  au recueil  des actes  administratifs  de la\nSomme.  Le tribunal  administratif  peut  \u00e9galement  \u00eatre  saisi,  dans  le m\u00eame  d\u00e9lai,  par\nl'interm\u00e9diaire  de l'application  \u00abt\u00e9l\u00e9recours  citoyen\u00bb  accessible  sur le site\n- www.telerecours.fr.\nDirection D\u00e9partementale des Territoires et de la Mer - 80-2024-10-08-00008 - Arr\u00eat\u00e9 ordonnant \u00e0 M. PICARD, lieutenant de\nlouveterie, de r\u00e9guler par pi\u00e9geage ou par tir le blaireau sur les communes d'Amiens et Dury 17\nArticle  8. - Le directeur  de cabinet  de la pr\u00e9fecture  de la Somme,  le directeur  d\u00e9partemental\ndes territoires  et de la mer,  le chef  du service  d\u00e9partemental  de l'office  fran\u00e7ais  de la\nbiodiversit\u00e9,  et tous  les agents  charg\u00e9s  de la police  de la chasse  sont  charg\u00e9s,  chacun  en ce qui\nle concerne,  de l'ex\u00e9cution  du pr\u00e9sent  arr\u00eat\u00e9  qui sera  publi\u00e9  au recueil  des actes  administratifs\nde la pr\u00e9fecture  de la Somme.\nAmiens,  le 08 OCT.  2024\nPour  le pr\u00e9fet  et par d\u00e9l\u00e9gation,\nLe sous-pr\u00e9fet,  diregteur  de cabinet,\nDirection D\u00e9partementale des Territoires et de la Mer - 80-2024-10-08-00008 - Arr\u00eat\u00e9 ordonnant \u00e0 M. PICARD, lieutenant de\nlouveterie, de r\u00e9guler par pi\u00e9geage ou par tir le blaireau sur les communes d'Amiens et Dury 18\nDirection interr\u00e9gionale de la Mer Manche Est -\nMer du Nord\n80-2024-08-29-00003\nArr\u00eat\u00e9 n\u00b0132/2024 en date du 29 ao\u00fbt 2024 -\nportant subd\u00e9l\u00e9gation de signature du directeur\ninterr\u00e9gional de la mer Manche Est - mer du\nNord aux personnes plac\u00e9es sous sa\nresponsabilit\u00e9 pour les actes et les d\u00e9cisions en\nmati\u00e8re de police sanitaire pour les zones de\np\u00eache des pectinid\u00e9s en Manche Est - mer du\nNord\nDirection interr\u00e9gionale de la Mer Manche Est - Mer du Nord - 80-2024-08-29-00003 - Arr\u00eat\u00e9 n\u00b0132/2024 en date du 29 ao\u00fbt 2024 -\nportant subd\u00e9l\u00e9gation de signature du directeur interr\u00e9gional de la mer Manche Est - mer du Nord aux personnes plac\u00e9es sous sa\nresponsabilit\u00e9 pour les actes et les d\u00e9cisions en mati\u00e8re de police sanitaire pour les zones de p\u00eache des pectinid\u00e9s en Manche Est -\nmer du Nord19\nPREFET  Direction  interr\u00e9gionale  de la Mer\nDE LA REGION  Manche  Est - Mer du Nord\nNORMANDIEii\nFraternit\u00e9\nLe Havre,  le 29/08/2024\nARR\u00caT\u00c9  N\u00b0 132/2024\nportant  subd\u00e9l\u00e9gation  de signature  du directeur  interr\u00e9gional  de la mer  Manche  Est \u2014\nmer  du Nord  aux  personnes  plac\u00e9es  sous  sa responsabilit\u00e9  pour  les actes  et les d\u00e9cisions\nVu\nVu\nVu\nVu\nVu\nVu\nVu\nVuen mati\u00e9re  de police  sanitaire  pour  les zones  de p\u00e9che  des  pectinid\u00e9s  en Manche  Est \u2014\nmer  du Nord\nLe directeur  interr\u00e9gional  de la mer\nManche  Est\u2014  Mer  du Nord\nle reglement  CE/178/2002  du Parlement  europ\u00e9en  et du Conseil  du 28 janvier  2002  modifi\u00e9\n\u00e9tablissant  les principes  g\u00e9n\u00e9raux  et les prescriptions  g\u00e9n\u00e9rales  de la l\u00e9gislation  alimentaire,\ninstituant  l'Autorit\u00e9  europ\u00e9enne  de s\u00e9curit\u00e9  des  aliments  et fixant  les proc\u00e9dures  relatives  a\nla s\u00e9curit\u00e9  des  denr\u00e9es  alimentaires  ;\nle r\u00e8glement  CE/853/2004  du Parlement  europ\u00e9en  et du Conseil  du 29 avril  2004  modifi\u00e9\nfixant  les r\u00e9gles  sp\u00e9cifiques  d'hygi\u00e9ne  applicables  aux  denr\u00e9es  alimentaires  d'origine\nanimale  ;\nle reglement  CE/854/2004  du Parlement  europ\u00e9en  et du Conseil  du 29 avril  2004  modifi\u00e9\nfixant  les r\u00e8gles  sp\u00e9cifiques  d'organisation  des  contr\u00f4les  officiels  concernant  les produits\nd'origine  animale  destin\u00e9s  \u00e0 la consommation  humaine  ;\nle r\u00e8glement  (UE)  2017/625  du Parlement  europ\u00e9en  et du Conseil  du 15 mars  2017  concernant\nles contr\u00f4les  officiels  et les autres  activit\u00e9s  officielles  servant  \u00e0 assurer  le respect  de la\nl\u00e9gislation  alimentaire  et de la l\u00e9gislation  relative  aux  aliments  pour  animaux  ainsi  que  des\nr\u00e8gles  relatives  \u00e0 la sant\u00e9  et au bien-\u00eatre  des  animaux,  \u00e0 la sant\u00e9  des  v\u00e9g\u00e9taux  et aux  produits\nphytopharmaceutiques,  modifiant  les r\u00e8glements  du Parlement  europ\u00e9en  et du Conseil  (CE)\nn\u00b0 999/2001,  (CE)  n\u00b0 396/2005,  (CE)  n\u00b0 1069/2009,  (CE)  n\u00b0 1107/2009,  (UE)  n\u00b0 1151/2012,  (UE)  n\u00b0\n652/2014,  (UE)  2016/429  et (UE)  2016/2031,  les r\u00e8glements  du Conseil  (CE)  n\u00b0 1/2005  et (CE)  n\u00b0\n1099/2009  ainsi  que  les directives  du Conseil  98/58/CE,  1999/74/CE,  2007/43/CE,  2008/119/CE\net 2008/120/CE,  et abrogeant  les r\u00e8glements  du Parlement  europ\u00e9en  et du Conseil  (CE)  n\u00b0\n854/2004  et (CE)  n\u00b0 882/2004,  les directives  du Conseil  89/608/CEE,  89/662/CEE,  90/425/CEE,\n91/496/CEE,  96/23/CE,  96/93/CE  et 97/78/CE  ainsi  que  la d\u00e9cision  92/438/CEE  du Conseil\n(r\u00e8glement  sur les contr\u00f4les  officiels)  Texte  pr\u00e9sentant  de l'int\u00e9r\u00eat  pour  l'EEE  ;\nle code  des  relations  entre  le public  et l'administration,  notamment  son  article  L.221-2  ;\nle code  rural  et de la p\u00eache  maritime,  et notamment  ses articles  R.231-35  et suivants  ;\nla loi n\u00b0 82-213  du 2 mars  1982  modifi\u00e9e  relative  aux  droits  et libert\u00e9s  des  communes,  des\nd\u00e9partements  et des  r\u00e9gions  ;\nla loi d'orientation  n\u00b092-125  du 6 f\u00e9vrier  1992  modifi\u00e9e  relative  \u00e0 l'administration  territoriale\nHorairesd'ouverture  : 09h00-12h00  / 14h00-16h00  1/3\nT\u00e9l.  : 33 (0) 35 19 29 99 -\n4 rue du Colonel  Fabien  \u2014 BP 34 \u2014 76083  LE HAVR  Cedex\nDirection interr\u00e9gionale de la Mer Manche Est - Mer du Nord - 80-2024-08-29-00003 - Arr\u00eat\u00e9 n\u00b0132/2024 en date du 29 ao\u00fbt 2024 -\nportant subd\u00e9l\u00e9gation de signature du directeur interr\u00e9gional de la mer Manche Est - mer du Nord aux personnes plac\u00e9es sous sa\nresponsabilit\u00e9 pour les actes et les d\u00e9cisions en mati\u00e8re de police sanitaire pour les zones de p\u00eache des pectinid\u00e9s en Manche Est -\nmer du Nord20\nVu\nVu\nVu\nVu\nVu\nVu\nVu\nVu\nVu\nVu\nVu\nVu\nVu\nVude la R\u00e9publique  ;\nle d\u00e9cret  n\u00b02004-374  du 29 avril  2004  modifi\u00e9  relatif  aux  pouvoirs  des  pr\u00e9fets,  \u00e0 l'organisation\net \u00e0 l'action  des services  de l'\u00c9tat  dans  les r\u00e9gions  et d\u00e9partements,  et notamment  son\narticle  29 ;\nle d\u00e9cret  n\u00b0 2010-130  du 11 f\u00e9vrier  2010  relatif  a l'organisation  et aux  missions  des  directions\ninterr\u00e9gionales  de la mer  ;\nle d\u00e9cret  n\u00b02010-429  du 29 avril  2010  relatif  \u00e0 l'organisation  et aux  missions  des  directions\nr\u00e9gionales  de l'alimentation,  de l'agriculture  et de la for\u00eat  ;\nle d\u00e9cret  n\u00b02015-510  du 7 mai  2015  portant  charte  de la d\u00e9concentration  ;\nle d\u00e9cret  du 11 janvier  2023  nommant  M. Jean-Beno\u00eet  ALBERTINI  pr\u00e9fet  de la r\u00e9gion\nNormandie,  pr\u00e9fet  de la Seine-Maritime  ;\nl'arr\u00eat\u00e9  du ministre  de la Transition  \u00e9cologique  en date  du 08 ao\u00fbt  2024  renouvelant\nMonsieur  Herv\u00e9  THOMAS,  administrateur  g\u00e9n\u00e9ral  de 2\u00e8me  classe  des  affaires  maritimes,\ndans  les fonctions  de directeur  interr\u00e9gional  de la mer  Manche  Est-mer  du Nord  ;\nl'arr\u00eat\u00e9  pr\u00e9fectoral  du 2 mai  2018  portant  cr\u00e9ation  de la d\u00e9l\u00e9gation  interservices  charg\u00e9e\nd'assurer  la police  sanitaire  de la p\u00eache  des  pectinid\u00e9s  pour  les zones  de p\u00eache  non  class\u00e9es\ndans  les eaux  au large  de la fa\u00e7ade  maritime  Manche-Est  - mer  du Nord  (DIS  Manche\n\u00ab pectinid\u00e9s  \u00bb Manche-Est  - mer  du Nord)  ;\nla convention  de coop\u00e9ration  interservices  du 11 d\u00e9cembre  2017  des  pr\u00e9fets  de la Manche,\ndu Calvados,  de la Somme,  du Pas-de-Calais,  de la pr\u00e9f\u00e9te  de la r\u00e9gion  Normandie,  pr\u00e9f\u00e9te\nde la Seine-Maritime  et du pr\u00e9fet  de la r\u00e9gion  Hauts-de-France,  pour  la cr\u00e9ation  d'une\nd\u00e9l\u00e9gation  interservices  charg\u00e9e  d'assurer  la police  sanitaire  de la p\u00eache  des  pectinid\u00e9s  pour\nles zones  de p\u00eache  non  class\u00e9es  dans  les eaux  au large  de la fa\u00e7ade  maritime  Manche-Est  -\nmer  du Nord,  assur\u00e9e  par  le directeur  interr\u00e9gional  de la mer  Manche  Est - mer  du Nord\n(DIRM  MEMN);\nles circulaires  du Premier  ministre  n\u00b05316/SG  du 7 juillet  2008  et n\u00b05359/SG  du 31 d\u00e9cembre\n2008,  relatives  \u00e0 l'organisation  de l'administration  d\u00e9partementale  de l'\u00c9tat  ;\nla circulaire  du Premier  ministre  n\u00b05506/SG  du 13 d\u00e9cembre  2010  relative  \u00e0 l'application  du\nd\u00e9cret  n\u00b02010-146  du 16 f\u00e9vrier  2010  modifiant  le d\u00e9cret  n\u00b02004-374  du 29 avril  2004  relatif\naux pouvoirs  des pr\u00e9fets,  \u00e0 l'organisation  et \u00e0 l'action  des services  de l'\u00c9tat  dans  les r\u00e9gions  et\nd\u00e9partements  ;\nl'arr\u00eat\u00e9  du pr\u00e9fet  du Pas-de-Calais  du 10 ao\u00fbt  2022  portant  d\u00e9l\u00e9gation  de signature  \u00e0 M.\nHerv\u00e9  THOMAS,  directeur  interr\u00e9gional  de la mer  Manche-Est  - mer  du Nord,  \u00e0 l'effet  de\nsigner  les actes  en rapport  avec  les attributions  de la DIS  \u00ab pectinid\u00e9s  \u00bb Manche-Est  \u2014 mer\ndu Nord  du Pas-de-Calais  ;\nl'arr\u00eat\u00e9  du pr\u00e9fet  de la Somme  du 24 juillet  2023  portant  d\u00e9l\u00e9gation  de signature  \u00e0 M. Herv\u00e9\nTHOMAS,  directeur  interr\u00e9gional  de la mer  Manche-Est  - mer  du Nord,  a l'effet  de signer  les\nactes  en rapport  avec  les attributions  de la DIS  \u00ab pectinid\u00e9s  \u00bb Manche-Est  \u2014 mer  du Nord  de\nla Somme;\nl'arr\u00eat\u00e9  n\u00b0 23-016  du pr\u00e9fet  de la Seine-Maritime  du 30 janvier  2023  portant  d\u00e9l\u00e9gation  de\nsignature  a M. Herv\u00e9  THOMAS,  directeur  interr\u00e9gional  de la mer  Manche-Est  - mer  du Nord,\na l'effet  de signer  les actes  en rapport  avec  les attributions  de la DIS  \u00ab pectinid\u00e9s  \u00bb Manche-\nEst \u2014 mer  du Nord  de la Seine-Maritime  ;\nl'arr\u00eat\u00e9  n\u00b0 2023-60-VN  du pr\u00e9fet  de la Manche  du 21 ao\u00fbt  2023  portant  d\u00e9l\u00e9gation  de\nHorairesd'ouverture  : 09h00-12h00  / 14h00-16h00  2/3\nT\u00e9l.  : 33 (0) 35 19 29 99 -\n4 rue du Colonel  Fabien  - BP 34 - 76083  LE HAVR  Cedex\nDirection interr\u00e9gionale de la Mer Manche Est - Mer du Nord - 80-2024-08-29-00003 - Arr\u00eat\u00e9 n\u00b0132/2024 en date du 29 ao\u00fbt 2024 -\nportant subd\u00e9l\u00e9gation de signature du directeur interr\u00e9gional de la mer Manche Est - mer du Nord aux personnes plac\u00e9es sous sa\nresponsabilit\u00e9 pour les actes et les d\u00e9cisions en mati\u00e8re de police sanitaire pour les zones de p\u00eache des pectinid\u00e9s en Manche Est -\nmer du Nord21\nsignature  a M. Herv\u00e9  THOMAS,  directeur  interr\u00e9gional  de la mer  Manche-Est  - mer  du Nord,\na l'effet  de signer  les actes  en rapport  avec  les attributions  de la d\u00e9l\u00e9gation  interservices  \u00ab\npectinid\u00e9s  \u00bb Manche-Est  \u2014 mer  du Nord  du d\u00e9partement  de la Manche  ;\nVu l'arr\u00eat\u00e9  du Pr\u00e9fet  du Calvados  du 21 ao\u00fbt  2023  portant  d\u00e9l\u00e9gation  de signature  \u00e0 M. Herv\u00e9\nTHOMAS,  Directeur  Interr\u00e9gional  de la mer  Manche-Est  - mer  du Nord,  a l'effet  de signer  les\nactes  en rapport  avec  les attributions  de la DIS  \u00ab pectinid\u00e9s  \u00bb Manche-Est  - mer  du Nord  du\nCalvados  ;\nARRETE:\nArticle  1: Les d\u00e9l\u00e9gations  de signature  au directeur  interr\u00e9gional  de la mer  Manche-Est  - mer  du\nNord  pour  les actes  et les d\u00e9cisions  en mati\u00e9re  de police  sanitaire  pour  les zones  de p\u00e9che  des\npectinid\u00e9s  en Manche  Est \u2014 mer  du Nord  conf\u00e9r\u00e9es  par  les arr\u00e9t\u00e9s  pr\u00e9fectoraux  susvis\u00e9s  des\npr\u00e9fets  des  d\u00e9partements  du Pas-de-Calais,  de la Somme,  de la Seine-Maritime,  du Calvados  et de\nla Manche  sont  subd\u00e9l\u00e9gu\u00e9es  aux  chefs  de service  suivants  de la direction  interr\u00e9gionale  de la mer  :\nThierry  CANTERI  Directeur  Interr\u00e9gional  Adjoint  de la Mer\nLouis  COLLIN  Adjoint  a la cheffe  du service  r\u00e9glementation  et contr\u00f4le  des\nactivit\u00e9s  maritimes,\nElsa  PAFFONI  Cheffe  du service  r\u00e9glementation  et contr\u00f4le  des  activit\u00e9s\nmaritimes,\nMuriel  ROUYER,  Cheffe  du Service  Formation  et Emploi  Maritimes\nSophie  SANQUER  Directrice  Interr\u00e9gionale  adjointe  de la Mer\nArticle  2 : L'arr\u00eat\u00e9  071/2024  du 25 avril  2024  est abrog\u00e9.\nArticle  3 : Le directeur  interr\u00e9gional  de la mer  Manche  Est - Mer  du Nord  est charg\u00e9  de l'ex\u00e9cution\ndu pr\u00e9sent  arr\u00eat\u00e9  qui sera  publi\u00e9  au recueil  des actes  administratifs  de l'\u00c9tat  dans  la r\u00e9gion\nNormandie  ainsi  que  dans  celui  de la pr\u00e9fecture  de la r\u00e9gion  Hauts-de-France  et dans  ceux  des\npr\u00e9fectures  des  d\u00e9partements  du Pas-de-Calais,  de la Somme,  de la Seine-Maritime,  du Calvados  et\nde la Manche.\nDe  NS,\n\\\nLe Directeur  Interr\u00e9gional  de la Mer Manche  Est\n- Mer  du Nord\n))  |\nF OY  |\n( 2  |\n|, See  ia  | Um\n.... Herv\u00e9  THOMAS\nCollection  des  d\u00e9cisions\nAmpliations  : .\nPr\u00e9fet  de Normandie  (SGAR)  ; Pr\u00e9fet  (SG)  62,80,76,14,50\nDAAM  - DASM  - Resp  SFEM  - Resp  SRCAM  + Adjoint\nTs les services  DIRMer  LH\nHorairesd'ouverture  : 09h00-12h00  / 14h00-16h00  3/3\nT\u00e9l.  : 33 (0) 35 19 29 99 -\n4 rue du Colonel  Fabien  \u2014 BP 34 - 76083  LE HAVR  Cedex\nDirection interr\u00e9gionale de la Mer Manche Est - Mer du Nord - 80-2024-08-29-00003 - Arr\u00eat\u00e9 n\u00b0132/2024 en date du 29 ao\u00fbt 2024 -\nportant subd\u00e9l\u00e9gation de signature du directeur interr\u00e9gional de la mer Manche Est - mer du Nord aux personnes plac\u00e9es sous sa\nresponsabilit\u00e9 pour les actes et les d\u00e9cisions en mati\u00e8re de police sanitaire pour les zones de p\u00eache des pectinid\u00e9s en Manche Est -\nmer du Nord22\nEtablissement Public de Sant\u00e9 Mentale de la\nSomme\n80-2024-10-07-00013\nD\u00e9l\u00e9gation de signature - Affaires G\u00e9n\u00e9rales et\nCommunication\nEtablissement Public de Sant\u00e9 Mentale de la Somme - 80-2024-10-07-00013 - D\u00e9l\u00e9gation de signature - Affaires G\u00e9n\u00e9rales et\nCommunication 23\nDECISION  N\u00b0 2024-61\nDELEGATION  DE SIGNATURE\nAFFAIRES  GENERALES  ET COMMUNICATION\nLa directrice  de l'Etablissement  Public  de Sant\u00e9  Mentale  de la Somme,\nVu le code  de la sant\u00e9  publique,  notamment  ses articles  L. 6143-7,  D. 6143-33  et suivants  ;\nVu le d\u00e9cret  n\u00b0 2009-1765  du 30 d\u00e9cembre  2009  relatif  au directeur  et aux membres  du directoire  des \u00e9tablissements\npublics  de sant\u00e9  ;\nVu le Code  Civil  ;\nVu le Code  du Travail  ;\nVu l'arr\u00eat\u00e9  du Centre  National  de Gestion  en date  du 14 juin 2024  nommant  Mme  V\u00e9ronique  GAILLARD  en qualit\u00e9\nde directrice  de I'Etablissement  Public  de Sant\u00e9  Mentale  de la Somme,  \u00e0 compter  du 8 juillet  2024  ;\nVu l'organigramme  g\u00e9n\u00e9ral  de l'\u00e9tablissement  ;\nDECIDE\nARTICLE  1 :\nD\u00e9l\u00e9gation  est donn\u00e9e  \u00e0 Mme  Marie  VINCENT,  attach\u00e9e  d'administration  hospitali\u00e8re,  responsable  des affaires\ng\u00e9n\u00e9rales  et de la communication,  \u00e0 l'effet  de signer  les autorisations  d'absence  et les ordres  de mission  aff\u00e9rents\naux  agents  du service  communication.\nARTICLE  2 :\nCette  d\u00e9l\u00e9gation  annule  et remplace  la pr\u00e9c\u00e9dente.  Elle prend  effet  \u00e0 compter  de sa publication  au recueil  des actes\nadministratifs  de la Pr\u00e9fecture  des Hauts  de France  \u2014 Pr\u00e9fecture  de la Somme.\nLa directrice  L'attach\u00e9e  d'administration\nV. GAILLARD  Fe:\nPublication  :\n- Pr\u00e9fecture  de la Somme  (Recueil  des actes  administratifs)\n- Intranet\nAffichage  :\n- Direction  G\u00e9n\u00e9rale\n- Direction  des Ressources  Humaines\nInformation  :\n- Conseil  de surveillance  de l'\u00e9tablissement\nDestinataires  :\n- Tous  les agents  mentionn\u00e9s  dans  la pr\u00e9sente  d\u00e9l\u00e9gation  (pour  mise  en \u0153uvre)\n- Tr\u00e9sorier  (pour  information)\n- Dossier  administratif  individuel  des agents  mentionn\u00e9s  dans  la pr\u00e9sente  d\u00e9l\u00e9gation\n- Direction  g\u00e9n\u00e9rale\nEtablissement  Public  de Sant\u00e9  Mentale  de la Somme  - D\u00e9l\u00e9gation  de signature  \u2014\nAffaires  G\u00e9n\u00e9rales  et Communication  - Page  1 sur 1\nEtablissement Public de Sant\u00e9 Mentale de la Somme - 80-2024-10-07-00013 - D\u00e9l\u00e9gation de signature - Affaires G\u00e9n\u00e9rales et\nCommunication 24\nEtablissement Public de Sant\u00e9 Mentale de la\nSomme\n80-2024-10-07-00015\nD\u00e9l\u00e9gation de signature - Direction des\nRessources Humaines et des Affaires M\u00e9dicales\nEtablissement Public de Sant\u00e9 Mentale de la Somme - 80-2024-10-07-00015 - D\u00e9l\u00e9gation de signature - Direction des Ressources\nHumaines et des Affaires M\u00e9dicales 25\nDECISION  N\u00b0 2024-63\nDELEGATION  DE SIGNATURE\nDIRECTION  DES RESSOURCES  HUMAINES  ET DES AFFAIRES  MEDICALES\nLa directrice  de l'Etablissement  Public  de Sant\u00e9  Mentale  de la Somme,\nVu le code  de la sant\u00e9  publique,  notamment  ses articles  L. 6143-7,  D. 6143-33  et suivants  ;\nVu le d\u00e9cret  n\u00b0 2009-1765  du 30 d\u00e9cembre  2009  relatif  au directeur  et aux membres  du directoire  des \u00e9tablissements\npublics  de sant\u00e9  ;\nVu le code  civil  ;\nVu le code  du travail  ;\nVu l'arr\u00eat\u00e9  du Centre  National  de Gestion  en date du 14 juin 2024  nommant  Mme  V\u00e9ronique  GAILLARD  en qualit\u00e9\nde directrice  de l'Etablissement  Public  de Sant\u00e9  Mentale  de la Somme,  \u00e0 compter  du 8 juillet  2024  ;\nVu l'arr\u00eat\u00e9  du Centre  National  de Gestion  en date du 4 juillet  2024  portant  int\u00e9gration  de Mme  Aurore  GILLON-\nMOREEL  dans  le corps  des directeurs  d'h\u00f4pital,  \u00e0 l'Etablissement  Public  de Sant\u00e9  Mentale  de la Somme,  \u00e0 compter\ndu 19 septembre  2024  ;\nVu l'organigramme  g\u00e9n\u00e9ral  de l'\u00e9tablissement  ;\nDECIDE\nARTICLE  1 :\nD\u00e9l\u00e9gation  est donn\u00e9e  \u00e0 Mme  Aurore  GILLON-MOREEL,  directrice  adjointe  charg\u00e9e  des ressources  humaines  et des\naffaires  m\u00e9dicales,  \u00e0 l'effet  de signer  au nom de la directrice  de l'Etablissement  Public  de Sant\u00e9  Mentale  de la\nSomme,  au titre  des ressources  humaines  :\nArticle  1.1 :\n1. Les actes,  d\u00e9cisions,  notes  d'information,  pi\u00e8ces  et correspondances  relatifs  \u00e0 la gestion  du personnel  non\nm\u00e9dical,  \u00e0 l'exclusion  des membres  de l'\u00e9quipe  de direction,  \u00e0 l'exception  des correspondances  d'une\nparticuli\u00e8re  importance.  Ils ont trait  :\n\u00e0 la gestion  et au fonctionnement  de la direction  des ressources  humaines,\n- au recrutement  des fonctionnaires  et aux concours,\n- au d\u00e9roulement  des carri\u00e8res  des fonctionnaires,  \u00e0 leur affectation,  aux positions  statutaires,  aux\ncessations  de fonctions  et \u00e0 leur  \u00e9valuation,\n- \u00e0 la gestion  des proc\u00e9dures  disciplinaires  concernant  les fonctionnaires,\n- au recrutement  (contrat  de travail,  avenant),  \u00e0 l'\u00e9valuation,  \u00e0 la discipline  et \u00e0 la cessation  de\nfonctions  des agents  contractuels,  \u00e0 l'exclusion  des personnels  m\u00e9dicaux,  pharmaceutiques  et\nodontologiques  et des membres  de l'\u00e9quipe  de direction,\nEtablissement  Public  de Sant\u00e9  Mentale  de la Somme  - D\u00e9l\u00e9gation  de signature  \u2014\nDirection  des Ressources  Humaines  et des Affaires  M\u00e9dicales  - Page  1 sur 4\nEtablissement Public de Sant\u00e9 Mentale de la Somme - 80-2024-10-07-00015 - D\u00e9l\u00e9gation de signature - Direction des Ressources\nHumaines et des Affaires M\u00e9dicales 26\n- aT organisation  du travail,  cong\u00e9s  de toute  nature  et autorisations  d'absence  des personnels  non\nm\u00e9dicaux  ;\n2. Les d\u00e9cisions  et les contrats  portant  sur les personnels  r\u00e9mun\u00e9r\u00e9s  sur les budgets  annexes  m\u00e9dico-\nsociaux,  sur avis conforme  du directeur  adjoint  charg\u00e9  du p\u00f4le m\u00e9dico-social  et de la directrice  de l'institut\nde formation  aux m\u00e9tiers  de la sant\u00e9  ;\n3. Les certificats  et attestations  int\u00e9ressant  la gestion  des personnels  non m\u00e9dicaux,  les ordres  de mission\net \u00e9tats  de frais  aff\u00e9rents  ;\n4. Les actes,  d\u00e9cisions,  pi\u00e8ces  et correspondances  relatifs  \u00e0 l'exercice  du droit  de gr\u00e8ve  et des droits\nsyndicaux  et les assignations  n\u00e9cessaires  \u00e0 la continuit\u00e9  du service  public  ;\n5. Les attestations  de service  fait sur les factures  et les \u00e9tats  pour  paiement  relatifs  aux dossiers  suivis  par la\ndirection  des ressources  humaines  ;\n6. Les actes,  d\u00e9cisions,  pi\u00e8ces  et correspondances  relatifs  \u00e0 l'hygi\u00e8ne  et \u00e0 la s\u00e9curit\u00e9  des personnels  ;\n7. les pi\u00e8ces  d'ordonnancement  des d\u00e9penses  relatives  \u00e0 la paye  et aux charges  sociales.\nEn cas d'absence,  d'emp\u00e9chement  ou d'indisponibilit\u00e9  simultan\u00e9s  de Mme  V\u00e9ronique  GAILLARD,\ndirectrice  et de Mme  Aurore  GILLON-MOREEL,  directrice  adjointe,  d\u00e9l\u00e9gation  de signature  est donn\u00e9e  a\nMme  Val\u00e9rie  DELEUZE-DORDRON,  directrice  adjointe.\nEn cas d'absence,  d'emp\u00e9chement  ou d'indisponibilit\u00e9  de Mme  Aurore  GILLON-MOREEL,  d\u00e9l\u00e9gation  est donn\u00e9e  a\nMme  Patricia  DUGENY,  attach\u00e9e  d'administration  hospitali\u00e8re,  \u00e0 l'effet  de signer  les points  1 \u00e0 5 mentionn\u00e9s  a\nl'article  1.1, \u00e0 l'exception  des documents  list\u00e9s  \u00e0 l'article  4.\nEn cas d'absence,  d'emp\u00e9chement  ou d'indisponibilit\u00e9  simultan\u00e9s  de Mme  Aurore  GILLON-MOREEL  et\nMme  Patricia  DUGENY,  d\u00e9l\u00e9gation  est donn\u00e9e  \u00e0 Mme  Deborah  WARDZALA,  adjoint  des cadres,  \u00e0 l'effet  de signer  les\npoints  1 \u00e0 5 mentionn\u00e9s  \u00e0 l'article  1.1, \u00e0 l'exception  des documents  list\u00e9s  \u00e0 l'article  4.\nArticle  1.2 :\nD\u00e9l\u00e9gation  est donn\u00e9e  \u00e0 Mme  Aurore  GILLON-MOREEL,  directrice  adjointe  en charge  des ressources  humaines,  pour\npr\u00e9sider  en cas d'absence,  d'emp\u00e9chement  ou d'indisponibilit\u00e9  de la directrice  de l'\u00e9tablissement  :\n- la Formation  Sp\u00e9cialis\u00e9e  en mati\u00e8re  de Sant\u00e9,  S\u00e9curit\u00e9  et Conditions  de Travail  (F3SCT)  ;\n- le Comit\u00e9  Social  d'Etablissement  (CSE)  ;\net pour  signer  les convocations  et documents  relatifs  a ces instances.\nEn cas d'absence,  d'emp\u00e9chement  ou d'indisponibilit\u00e9  de Mme  V\u00e9ronique  GAILLARD,  directrice  et de\nMme  Aurore  GILLON-MOREEL,  directrice  ajointe,  d\u00e9l\u00e9gation  est donn\u00e9e  a Mme  Val\u00e9rie  DELEUZE-DORDRON.\nArticle  1.3 :\nD\u00e9l\u00e9gation  est donn\u00e9e  \u00e0 M. Fr\u00e9d\u00e9ric  MASSART,  attach\u00e9  d'administration  hospitali\u00e8re,  \u00e0 l'effet  de signer  :\n- les conventions  de stage,  \u00e0 l'exclusion  de celles  concernant  les personnels  m\u00e9dicaux,  pharmaceutiques,\nodontologiques  et param\u00e9dicaux  ;\n- tout  document  relatif  \u00e0 la formation  continue  des personnels  non m\u00e9dicaux  ;\n- les ordres  de mission  et formulaires  de demande  de remboursement  de frais li\u00e9s \u00e0 la formation\ncontinue.\nEtablissement  Public  de Sant\u00e9  Mentale  de la Somme  - D\u00e9l\u00e9gation  de signature  \u2014\nDirection  des Ressources  Humaines  et des Affaires  M\u00e9dicales  - Page  2 sur  4\nEtablissement Public de Sant\u00e9 Mentale de la Somme - 80-2024-10-07-00015 - D\u00e9l\u00e9gation de signature - Direction des Ressources\nHumaines et des Affaires M\u00e9dicales 27\nArticle  1.4:\nEn cas d'absence,  d'emp\u00e9chement  ou d'indisponibilit\u00e9  de Mme  Patricia  DUGENY,  attach\u00e9e  d'administration\nhospitali\u00e8re,  d\u00e9l\u00e9gation  est donn\u00e9e  \u00e0 M. Nicolas  CAUVIN,  adjoint  des cadres,  \u00e0 l'effet  de signer  les imprim\u00e9s  et\ndocuments  suivants  :\n1.\nEF MP \u00a9\n12.D @e ND Ou FPF WYNImprim\u00e9s  CAF \u2014 Compl\u00e9ment  de libre  choix  d'activit\u00e9  ;\nImprim\u00e9s  SNCF  \u2014 Abonnement  transport  ;\nImprim\u00e9s  R\u00e9gion  Hauts  de France  \u2014 Aide  aux transports  ;\nFiches  de renseignements  \u00e0 caract\u00e8re  financier  pour  les agents  donnant  des cours  \u00e0 l'ext\u00e9rieur  ;\nAttestations  d'emploi  ;\nAttestations  de salaire  ;\nAttestations  de non versement  du Suppl\u00e9ment  Familial  de Traitement  (SFT)  ;\nCourriers  demandant  des documents  compl\u00e9mentaires  dans  le cadre  du contr\u00f4le  du S.F.T.  ;\nDivers  courriers  demandant  des documents  aux agents  pour  compl\u00e9ter  leur dossier  administratif  ;\nLettres  \u00e0 la CPAM  informant  du changement  de r\u00e9gime  pour  les nouveaux  fonctionnaires  stagiaires  ;\nBillets  annuels  SNCF  ;\nCourriers  d'envoi  de pi\u00e8ces  justificatives  aux organismes  CNRACL  et IRCANTEC.\nARTICLE  2 :\nD\u00e9l\u00e9gation  est donn\u00e9e  \u00e0 Mme  Aurore  GILLON-MOREEL,  directrice  adjointe  charg\u00e9e  des ressources  humaines  et des\naffaires  m\u00e9dicales,  \u00e0 l'effet  de signer  au nom de la directrice  de l'Etablissement  Public  de Sant\u00e9  Mentale  de la\nSomme,  au titre  des affaires  m\u00e9dicales  :\ni.les actes,  d\u00e9cisions,  pi\u00e8ces  et correspondances  relatifs  \u00e0 la gestion  et au fonctionnement  de la Direction\ndes Affaires  m\u00e9dicales,  \u00e0 l'exception  des correspondances  d'une  importance  particuli\u00e8re  ;\nles actes,  d\u00e9cisions,  pi\u00e8ces  et correspondances  relatifs  au recrutement,  aux positions  statutaires  et\ncessation  de fonctions  des personnels  m\u00e9dicaux,  pharmaceutiques  et odontologiques,  internes  et\n\u00e9tudiants  hospitaliers,  \u00e0 l'exception  des correspondances  d'une  importance  particuli\u00e8re  ;\nles actes,  d\u00e9cisions,  pi\u00e8ces  et correspondances,  \u00e0 l'exception  des courriers  d'une  importance  particuli\u00e8re,\nrelatifs  \u00e0 :\n- l'organisation  du travail,  cong\u00e9s  et autorisations  d'absence  des personnels  m\u00e9dicaux,\npharmaceutiques  et odontologiques,  des internes  et \u00e9tudiants  hospitaliers,\nl'exercice  du droit  de gr\u00e8ve  et des droits  syndicaux  des personnels  m\u00e9dicaux,  pharmaceutiques  et\nodontologiques,  internes  et \u00e9tudiants  hospitaliers  et les assignations  n\u00e9cessaires  \u00e0 la continuit\u00e9\ndu service  public  ;\nles certificats  et attestations  int\u00e9ressant  la gestion  des personnels  m\u00e9dicaux,  pharmaceutiques\net odontologiques,  internes  et \u00e9tudiants  hospitaliers,  les ordres  de mission  et \u00e9tats  de frais\naff\u00e9rents.\nEn cas d'absence,  d'emp\u00e9chement  ou d'indisponibilit\u00e9  de Mme  Aurore  GILLON-MOREEL,  d\u00e9l\u00e9gation  est donn\u00e9e  \u00e0\nMme  Patricia  DUGENY,  attach\u00e9e  d'administration  hospitali\u00e8re,  \u00e0 l'effet  de signer  les points  1, 2, 3 et 4 mentionn\u00e9s\n\u00e0 l'article  2.\nEtablissement  Public  de Sant\u00e9  Mentale  de la Somme  - D\u00e9l\u00e9gation  de signature  \u2014\nDirection  des Ressources  Humaines  et des Affaires  M\u00e9dicales  - Page  3 sur 4\nEtablissement Public de Sant\u00e9 Mentale de la Somme - 80-2024-10-07-00015 - D\u00e9l\u00e9gation de signature - Direction des Ressources\nHumaines et des Affaires M\u00e9dicales 28\nARTICLE  3 :\nCette  d\u00e9l\u00e9gation  annule  et remplace  la pr\u00e9c\u00e9dente.  Elle prend  effet  \u00e0 compter  de sa publication  au recueil  des actes\nadministratifs  de la Pr\u00e9fecture  des Hauts  de France  \u2014 Pr\u00e9fecture  de la Somme.\nLa directrice  La directrige  Adjointe  La directrice  adjointe\n| Ua\nV. GAILLARD  V. DELEUZE-DORDRON\n| | = \u2014\nL'attach\u00e9e  d'administration  L'adjoint  des cadres  |\nc hospitali\u00e8re  > =\nee : S =  a  A\nou  ENY D. WARDZALA\nL'adjoint  des  cadres\nN. L VIN\nPublication  :\n- Pr\u00e9fecture  de la Somme  (Recueil  des actes  administratifs)\n- Intranet\nAffichage  :\n- Direction  G\u00e9n\u00e9rale\n- Direction  des Ressources  Humaines\nInformation  :\n- Conseil  de surveillance  de |'\u00e9tablissement\nDestinataires  :\n- Tous  les agents  mentionn\u00e9s  dans  la pr\u00e9sente  d\u00e9l\u00e9gation  (pour  mise  en \u0153uvre)\n- Tr\u00e9sorier  (pour  information)\n- Dossier  administratif  individuel  des agents  mentionn\u00e9s  dans  la pr\u00e9sente  d\u00e9l\u00e9gation\n- Direction  g\u00e9n\u00e9rale\nEtablissement  Public  de Sant\u00e9  Mentale  de la Somme  - D\u00e9l\u00e9gation  de signature  \u2014\nDirection  des Ressources  Humaines  et des Affaires  M\u00e9dicales  - Page  4 sur 4\nEtablissement Public de Sant\u00e9 Mentale de la Somme - 80-2024-10-07-00015 - D\u00e9l\u00e9gation de signature - Direction des Ressources\nHumaines et des Affaires M\u00e9dicales 29\nEtablissement Public de Sant\u00e9 Mentale de la\nSomme\n80-2024-10-07-00011\nD\u00e9l\u00e9gation de signature - Maison d'Accueil\nSp\u00e9cialis\u00e9e \"La Pommeraie\"\nEtablissement Public de Sant\u00e9 Mentale de la Somme - 80-2024-10-07-00011 - D\u00e9l\u00e9gation de signature - Maison d'Accueil Sp\u00e9cialis\u00e9e \"La\nPommeraie\" 30\nDECISION  N\u00b0 2024-59\nDELEGATION  DE SIGNATURE\nMAISON  D'ACCUEIL  SPECIALISEE  \u00ab LA POMMERAIE  \u00bb\nLa directrice  de l'Etablissement  Public  de Sant\u00e9  Mentale  de la Somme,\nVu le code  de la sant\u00e9  publique,  notamment  ses articles  L. 6143-7,  D. 6143-33  et suivants  ;\nVu le d\u00e9cret  n\u00b0 2009-1765  du 30 d\u00e9cembre  2009  relatif  au directeur  et aux membres  du directoire  des \u00e9tablissements\npublics  de sant\u00e9  ;\nVu le code  civil  ;\nVu le code  du travail  ;\nVu l'arr\u00eat\u00e9  du Centre  National  de Gestion  en date du 14 juin 2024  nommant  Mme  V\u00e9ronique  GAILLARD  en qualit\u00e9\nde directrice  de l'Etablissement  Public  de Sant\u00e9  Mentale  de la Somme,  \u00e0 compter  du 8 juillet  2024  ;\nVu l'arr\u00eat\u00e9  du 16 ao\u00fbt  2024  du Centre  National  de Gestion,  modifi\u00e9  par l'arr\u00eat\u00e9  du 11 septembre  2024,  nommant\nMme  Marie-Line  GOMBART,  directrice  d'\u00e9tablissement  sanitaire  social  et m\u00e9dico-social  stagiaire,  en qualit\u00e9  de\ndirectrice  adjointe  \u00e0 l'Etablissement  Public  de Sant\u00e9  Mentale  de la Somme,  \u00e0 compter  du 7 octobre  2024  ;\nVu l'organigramme  g\u00e9n\u00e9ral  de l'\u00e9tablissement  ;\nDECIDE\nARTICLE  1 :\nD\u00e9l\u00e9gation  est donn\u00e9e  \u00e0 Mme  Marie-Line  GOMBART,  directrice  adjointe  charg\u00e9e  de l'offre  m\u00e9dico-sociale  pour\nsigner,  au nom  de la directrice  de l'Etablissement  Public  de Sant\u00e9  Mentale  de la Somme,  les documents  suivants\nrelatifs  \u00e0 la Maison  d'Accueil  Sp\u00e9cialis\u00e9e  \u00ab La Pommeraie  \u00bb :\na les courriers  joints  aux dossiers  de demande  d'admission  \u00e0 la MAS  ;\nles certificats  d'admission  ;\nles contrats  de s\u00e9jour  avec  les r\u00e9sidents  et/ou  leurs  repr\u00e9sentants  l\u00e9gaux  ;\nles dossiers  de s\u00e9jour  th\u00e9rapeutique  ;\nles proc\u00e9dures  internes  de la MAS  ;\nles courriers  adress\u00e9s  aux familles  ou repr\u00e9sentants  l\u00e9gaux  des r\u00e9sidents  ;\nles conventions  relatives  \u00e0 l'animation  socio-culturelle  ;\nles courriers  relatifs  \u00e0 la MAS,  \u00e0 l'exception  des courriers  d'une  particuli\u00e8re  importance  ; pon au pwn les documents  relatifs  \u00e0 l'organisation  du travail,  aux cong\u00e9s  et autorisations  d'absence  du personnel\nplac\u00e9  sous  sa responsabilit\u00e9,  ainsi  que les feuilles  de notation  des agents  ; les demandes  de formation\ncontinue  dans  le cadre  du plan  de formation  ;\nEtablissement  Public  de Sant\u00e9  Mentale  de la Somme  - D\u00e9l\u00e9gation  de signature  \u2014\nMaison  d'Accueil  Sp\u00e9cialis\u00e9e  \u00ab La Pommeraie  \u00bb - Page  1 sur 2\nEtablissement Public de Sant\u00e9 Mentale de la Somme - 80-2024-10-07-00011 - D\u00e9l\u00e9gation de signature - Maison d'Accueil Sp\u00e9cialis\u00e9e \"La\nPommeraie\" 31\n10. les ordres  de mission  \u00e9lectroniques  autorisant  un ou plusieurs  agents  a accompagner  un r\u00e9sident  ou un\ngroupe  de r\u00e9sidents  \u00e0 l'ext\u00e9rieur  de l'\u00e9tablissement,  les ordres  de mission  ponctuels  autorisant  le\nd\u00e9placement  d'un  agent  ;\n11. les convocations  pour  les membres  du conseil  de vie sociale  et le compte-rendu  de la s\u00e9ance  ;\n12. les bordereaux  de facturation  de la MAS.\nARTICLE  2 :\nEn l'absence  de Mme  Marie-Line  GOMBART,  d\u00e9l\u00e9gation  de signature  est donn\u00e9e  \u00e0 M. David  REGNARD,  cadre  socio-\n\u00e9ducatif  affect\u00e9  \u00e0 la Maison  d'Accueil  Sp\u00e9cialis\u00e9e  \u00ab La Pommeraie  \u00bb, pour  les points  1 \u00e0 12 \u00e9num\u00e9r\u00e9s  a l'article  1.\nARTICLE  3 :\nCette  d\u00e9l\u00e9gation  annule  et remplace  la pr\u00e9c\u00e9dente.  Elle prend  effet  \u00e0 compter  de sa publication  au recueil  des actes\nadministratifs  de la Pr\u00e9fecture  des Hauts  de France  \u2014 Pr\u00e9fecture  de la Somme.\nLa directrice  La directrice  adjointe  Le cadre sda ed catif\nV. GAILLARD  M. L.\nPublication  :\n- Pr\u00e9fecture  de la Somme  (Recueil  des actes  administratifs)\n- intranet  et internet\nAffichage  :\n- Direction  G\u00e9n\u00e9rale\n- Direction  des  Ressources  Humaines\ninformation  :\n- Conseil  de surveillance  de I'\u00e9tablissement\nDestinataires  :\n- Tous  les agents  mentionn\u00e9s  dans  la pr\u00e9sente  d\u00e9l\u00e9gation  (pour  mise  en \u0153uvre)\n- Dossier  administratif  individuel  des agents  mentionn\u00e9s  dans  la pr\u00e9sente  d\u00e9l\u00e9gation\n- Direction  g\u00e9n\u00e9rale\nEtablissement  Public  de Sant\u00e9  Mentale  de la Somme  - D\u00e9l\u00e9gation  de signature  \u2014\nMaison  d'Accueil  Sp\u00e9cialis\u00e9e  \u00ab La Pommeraie  \u00bb - Page  2 sur 2\nEtablissement Public de Sant\u00e9 Mentale de la Somme - 80-2024-10-07-00011 - D\u00e9l\u00e9gation de signature - Maison d'Accueil Sp\u00e9cialis\u00e9e \"La\nPommeraie\" 32\nEtablissement Public de Sant\u00e9 Mentale de la\nSomme\n80-2024-10-07-00012\nD\u00e9l\u00e9gation de signature - Service Socio-Educatif\nEtablissement Public de Sant\u00e9 Mentale de la Somme - 80-2024-10-07-00012 - D\u00e9l\u00e9gation de signature - Service Socio-Educatif 33\nDECISION  N\u00b0 2024-60\nDELEGATION  DE SIGNATURE\nSERVICE  SOCIO-EDUCATIF\nLa directrice  de l'Etablissement  Public  de Sant\u00e9  Mentale  de la Somme,\nVu le code  de la sant\u00e9  publique,  notamment  ses articles  L. 6143-7,  D. 6143-33  et suivants  ;\nVu le d\u00e9cret  n\u00b0 2009-1765  du 30 d\u00e9cembre  2009  relatif  au directeur  et aux membres  du directoire  des\n\u00e9tablissements  publics  de sant\u00e9  ;\nVu le code  civil  ;\nVu le code  du travail  ;\nVu larr\u00e9t\u00e9  du Centre  National  de Gestion  en date  du 14 juin 2024  nommant  Mme  V\u00e9ronique  GAILLARD  en\nqualit\u00e9  de directrice  de l'Etablissement  Public  de Sant\u00e9  Mentale  de la Somme,  \u00e0 compter  du 8 juillet  2024  ;\nVu larr\u00e9t\u00e9  du 16 ao\u00fbt  2024  du Centre  National  de Gestion,  modifi\u00e9  par l'arr\u00eat\u00e9  du 11 septembre  2024,\nnommant  Mme  Marie-Line  GOMBART,  directrice  d'\u00e9tablissement  sanitaire  social  et m\u00e9dico-social  stagiaire,\nen qualit\u00e9  de directrice  adjointe  \u00e0 l'Etablissement  Public  de Sant\u00e9  Mentale  de la Somme,  \u00e0 compter  du\n7 octobre  2024  ;\nVu l'organigramme  g\u00e9n\u00e9ral  de l'\u00e9tablissement  ;\nDECIDE\nARTICLE  1 :\nD\u00e9l\u00e9gation  est donn\u00e9e  \u00e0 Mme  Marie-Line  GOMBART,  directrice  adjointe  charg\u00e9e  de l'offre  m\u00e9dico-sociale,\npour  signer,  au nom  de la directrice  de l'Etablissement  Public  de Sant\u00e9  Mentale  de la Somme,  tout  document\nrelatif  au service  socio-\u00e9ducatif,  hormis  les conventions  partenariales  avec  les structures  sociales  et m\u00e9dico-\nsociales.\nARTICLE  2 :\nD\u00e9l\u00e9gation  de signature  permanente  est donn\u00e9e  \u00e0 M. Fabien  DELCROIX,  cadre  sup\u00e9rieur  socio-\u00e9ducatif,\nresponsable  de la fili\u00e8re  \u00e9ducative  et \u00e0 Mme  Emilie  HOUBRON,  f/fonction  de cadre  socio-\u00e9ducative,\nresponsable  de la fili\u00e8re  sociale,  pour  les documents  relevant  du service  socio-\u00e9ducatif,  dont  les conventions\nde mise  en situation  professionnelle  dans  le cadre  du R\u00e9seau  Contact  Entreprises  (R.C.E.)  et les conventions\nindividuelles  de prise  en charge  des patients  dans  les \u00e9tablissements  sociaux,  m\u00e9dico-sociaux  et dans  les\n\u00e9tablissements  scolaires.\nARTICLE  3 :\nCette  d\u00e9l\u00e9gation  annule  et remplace  la pr\u00e9c\u00e9dente.  Elle prend  effet  \u00e0 compter  de sa publication  au recueil\ndes actes  administratifs  de la Pr\u00e9fecture  des Hauts  de France  \u2014 Pr\u00e9fecture  de la Somme.\nEtablissement  Public  de Sant\u00e9  Mentale  de la Somme  - D\u00e9l\u00e9gation  de signature  \u2014\nService  Socio-Educatif  - Page  1 sur 2\nEtablissement Public de Sant\u00e9 Mentale de la Somme - 80-2024-10-07-00012 - D\u00e9l\u00e9gation de signature - Service Socio-Educatif 34\nLa directrice  La directrice  adjointe  Le cadre  sup\u00e9rieur\nV. GAILLARD\nocio-\u00e9ducative\nRON\nPublication  :\n- Pr\u00e9fecture  de la Somme  (Recueil  des actes  administratifs)\n- Intranet  et internet\nAffichage  :\n- Direction  G\u00e9n\u00e9rale\n- Direction  des  Ressources  Humaines\ninformation  :\n- Conseil  de surveillance  de l'\u00e9tablissement\nDestinataires  :\n- Tous  les agents  mentionn\u00e9s  dans  la pr\u00e9sente  d\u00e9l\u00e9gation  (pour  mise  en ceuvre)\n- Dossier  administratif  individuel  des agents  mentionn\u00e9s  dans  la pr\u00e9sente  d\u00e9l\u00e9gation\n- Direction  g\u00e9n\u00e9rale\nEtablissement  Public  de Sant\u00e9  Mentale  de la Somme  - D\u00e9l\u00e9gation  de signature  \u2014\nService  Socio-Educatif  - Page  2 sur 2\nEtablissement Public de Sant\u00e9 Mentale de la Somme - 80-2024-10-07-00012 - D\u00e9l\u00e9gation de signature - Service Socio-Educatif 35\nEtablissement Public de Sant\u00e9 Mentale de la\nSomme\n80-2024-10-07-00014\nD\u00e9l\u00e9gation de signature - Syst\u00e8me d'Information\nEtablissement Public de Sant\u00e9 Mentale de la Somme - 80-2024-10-07-00014 - D\u00e9l\u00e9gation de signature - Syst\u00e8me d'Information 36\nDECISION  N\u00b0 2024-62\nDELEGATION  DE SIGNATURE\nSYSTEME  D'INFORMATION\nLa directrice  de l'Etablissement  Public  de Sant\u00e9  Mentale  de la Somme,\nVu le code  de la sant\u00e9  publique,  notamment  ses articles  L. 6143-7,  D. 6143-33  et suivants  ;\nVu le d\u00e9cret  n\u00b0 2009-1765  du 30 d\u00e9cembre  2009  relatif  au directeur  et aux membres  du directoire  des \u00e9tablissements\npublics  de sant\u00e9  ;\nVu le Code  Civil  ;\nVu le Code  du Travail  ;\nVu l'arr\u00e9t\u00e9  du Centre  National  de Gestion  en date  du 14 juin 2024  nommant  Mme  V\u00e9ronique  GAILLARD  en qualit\u00e9\nde directrice  de l'Etablissement  Public  de Sant\u00e9  Mentale  de la Somme,  \u00e0 compter  du 8 juillet  2024  ;\nVu l'organigramme  g\u00e9n\u00e9ral  de I'\u00e9tablissement  ;\nDECIDE\nARTICLE  1 :\nD\u00e9l\u00e9gation  est donn\u00e9e  \u00e0 M. Jean-Yves  DELATTAIGNANT,  ing\u00e9nieur  informaticien,  responsable  du syst\u00e8me\nd'information,  \u00e0 l'effet  de signer  :\n1. les ordres  de service  pour  les prestations  relevant  de sa comp\u00e9tence  ;\n2. Les courriers  relevant  de la gestion  du service,  \u00e0 l'exception  des courriers  d'une  particuli\u00e8re  importance  ;\n3. Les documents  relatifs  \u00e0 l'organisation  du travail,  aux cong\u00e9s  et autorisations  d'absence  du personnel  de\nla direction  du syst\u00e8me  d'information  ;\n4. Les notes  de service  techniques  relatives  \u00e0 l'organisation  et au fonctionnement  du syst\u00e8me  d'information,\nsous  r\u00e9serve  qu'elles  n'aient  pas d'incidence  sur l'organisation  des comp\u00e9tences  des autres  membres  de\nl'\u00e9quipe  de direction  ;\n5. Les attestations  de service  fait sur les factures  portant  sur les dossiers  suivis  par le service  du syst\u00e8me\nd'information  ;\n6. La d\u00e9claration  des incidents  graves  de s\u00e9curit\u00e9  des syst\u00e8mes  d'information,  sans  pr\u00e9judice  des autres\nd\u00e9clarations  obligatoires  ;\nARTICLE  2 :\nD\u00e9l\u00e9gation  permanente  est donn\u00e9e  \u00e0 M. Nicolas  PERRIN,  technicien  sup\u00e9rieur  hospitalier,  \u00e0 l'effet  de signer  les bons\nde livraison  relatifs  au mat\u00e9riel  informatique.\nEtablissement  Public  de Sant\u00e9  Mentale  de la Somme  - D\u00e9l\u00e9gation  de signature  \u2014\nSyst\u00e8me  d'Information  - Page  1 sur 2\nEtablissement Public de Sant\u00e9 Mentale de la Somme - 80-2024-10-07-00014 - D\u00e9l\u00e9gation de signature - Syst\u00e8me d'Information 37\nARTICLE  3 :\nCette  d\u00e9l\u00e9gation  annule  et remplace  la pr\u00e9c\u00e9dente.  Elle prend  effet  \u00e0 compter  de sa publication  au recueil  des actes\nadministratifs  de la Pr\u00e9fecture  des Hauts  de France  \u2014 Pr\u00e9fecture  de la Somme.\nLa directrice  L'ing\u00e9nieur  informaticien\nResponsable  du Set\nD. Cath.\nV. GAILLARD\nPublication  :\n- Pr\u00e9fecture  de la Somme  (Recueil  des actes  administratifs)\n- intranet\nAffichage  :\n- Direction  G\u00e9n\u00e9rale\n- Direction  des Ressources  Humaines\nInformation  :\n- Conseil  de surveillance  de |'\u00e9tablissement\nDestinataires  :\n- Tous  les agents  mentionn\u00e9s  dans  la pr\u00e9sente  d\u00e9l\u00e9gation  (pour  mise  en \u0153uvre)\n- Tr\u00e9sorier  (pour  information)\n- Dossier  administratif  individuel  des agents  mentionn\u00e9s  dans  la pr\u00e9sente  d\u00e9l\u00e9gation\n- Direction  g\u00e9n\u00e9raleLe technicien  sup\u00e9rieur  hospitalier\nLIT\nN. PERRIN\nEtablissement  Public  de Sant\u00e9  Mentale  de la Somme  - D\u00e9l\u00e9gation  de signature  \u2014\nSyst\u00e8me  d'Information  - Page  2 sur 2\nEtablissement Public de Sant\u00e9 Mentale de la Somme - 80-2024-10-07-00014 - D\u00e9l\u00e9gation de signature - Syst\u00e8me d'Information 38\nPr\u00e9fecture de la Somme - Cabinet\n80-2024-10-09-00002\nAP 24/746 portant d\u00e9rogation \u00e0 la SNCF pour\ndes vols d'a\u00e9ronefs t\u00e9l\u00e9pilot\u00e9s sans \u00e9quipage \u00e0\nbord de jour et de nuit pour des mission\nop\u00e9rationnelles non programmables\nPr\u00e9fecture de la Somme - Cabinet - 80-2024-10-09-00002 - AP 24/746 portant d\u00e9rogation \u00e0 la SNCF pour des vols d'a\u00e9ronefs\nt\u00e9l\u00e9pilot\u00e9s sans \u00e9quipage \u00e0 bord de jour et de nuit pour des mission op\u00e9rationnelles non programmables 39\nArr\u00e9t\u00e9  CAB/BSI/PA  n\u00b0 24/746\nPREFET\nDE LA SOMME\nLibert\u00e9\nEgalit\u00e9\nFratcrnit\u00e9\nArr\u00eat\u00e9  portant  d\u00e9rogation  \u00e0 la SNCF  pour  des  vols  d'a\u00e9ronefs  t\u00e9l\u00e9pilot\u00e9s  sans  \u00e9quipage  \u00e0 bord  de\njour  et de nuit  pour  des  missions  op\u00e9rationnelles  non  programmables\nVu le r\u00e8glement  (UE)  2018/1139  concernant  des  r\u00e8gles  communes  dans  le domaine  de l'aviation  civile\net instituant  une  Agence  de l'Union  europ\u00e9enne  pour  la s\u00e9curit\u00e9  a\u00e9rienne  ;\nVu le code  de l'aviation  civile  et notamment  l'article  R 131-1;\nVu le d\u00e9cret  n\u00b0 2004-374  du 29 avril  2004  modifi\u00e9,  relatif  aux  pouvoirs  des  pr\u00e9fets,  \u00e0 l'organisation  et\n\u00e0 l'action  des services  de l'\u00c9tat  dans  les r\u00e9gions  et d\u00e9partements  ;\nVu le d\u00e9cret  du 13 juillet  2023  nommant  M. Rollon  MOUCHEL-BLAISOT,  pr\u00e9fet  de la Somme  \u00e0\ncompter  du 24 juillet  2023  ;\nVu le d\u00e9cret  du 3 janvier  2024  nommant  M. Victor  JOZON  sous-pr\u00e9fet,  directeur  de cabinet  du\npr\u00e9fet  de la Somme;\nVu l'arr\u00eat\u00e9  minist\u00e9riel  du 15 mai  2007  fixant  la liste  des  zones  interdites  \u00e0 la prise  de vue  a\u00e9rienne  par\nappareil  photographique,  cin\u00e9matographique  ou de tout  autre  capteur  ;\nVu l'arr\u00eat\u00e9  minist\u00e9riel  du 24 juillet  1991  modifi\u00e9  relatif  aux  conditions  d'utilisation  des  a\u00e9ronefs  civils\nen aviation  g\u00e9n\u00e9rale,  et son  annexe  (JO du 30 ao\u00fbt  1991);\nVu l'arr\u00eat\u00e9  interminist\u00e9riel  du 11 d\u00e9cembre  2014  relatif  \u00e0 la mise  en \u0153uvre  du r\u00e8glement  d'ex\u00e9cution\n(UE)  n\u00b0923/2012  ;\nVu l'arr\u00eat\u00e9  du 18 mai  2018  modifi\u00e9  relatif  aux  exigences  applicables  aux  t\u00e9l\u00e9pilotes  qui utilisent  des\na\u00e9ronefs  civils  circulant  sans  personne  \u00e0 bord  \u00e0 des  fins  autres  que  le loisir  ;\nVu l'arr\u00eat\u00e9  du 03 d\u00e9cembre  2020  relatif  \u00e0 la d\u00e9finition  des  sc\u00e9narios  standard  nationaux  et fixant  les\nconditions  applicables  aux  missions  d'a\u00e9ronefs  civils  sans  \u00e9quipage  \u00e0 bord  exclues  du champ\nd'application  du r\u00e8glement  (UE)  2018/1139  ;\nVu l'arr\u00eat\u00e9  du 3 d\u00e9cembre  2020  relatif  \u00e0 l'utilisation  de l'espace  a\u00e9rien  par les a\u00e9ronefs  sans\n\u00e9quipage  \u00e0 bord  et notamment  son  article  9 ;\nVu l'arr\u00eat\u00e9  pr\u00e9fectoral  du 15 janvier  2024  portant  d\u00e9l\u00e9gation  de signature  \u00e0 M, Victor  JOZON  sous-\npr\u00e9fet,  directeur  de cabinet  du pr\u00e9fet  de la Somme  ;\nVu l'autorisation  d'exploitation  en cat\u00e9gorie  sp\u00e9cifique  en date  du 23 mai 2023  d\u00e9livr\u00e9e  par la\ndirection  g\u00e9n\u00e9rale  de l'aviation  civile  portant  sur une  autorisation  permanente  de survol  de jour  et\nde nuit  jusqu'au  22 mai  2025;\nVu la demande  pr\u00e9sent\u00e9e  le 23 septembre  2024  par madame  Magali  DI CRESCENZO,  r\u00e9f\u00e9rente\nnationale  s\u00fbret\u00e9  drones  et appui  tactique  vid\u00e9o  temporaire  \u00e0 la SNCF  bas\u00e9e  \u00e0 PARIS  (10\u00b0\narrondissement),  sollicitant  une  autorisation  permanente  de mise  en \u0153uvre  des a\u00e9ronefs  t\u00e9l\u00e9pilot\u00e9s\nsans  \u00e9quipage  \u00e0 bord  pour  effectuer  des  missions  de surveillance  des emprises  et lignes  SNCF  en\nzone  peupl\u00e9e  de jour  et de nuit  sur le d\u00e9partement  de la Somme  ;\nSur proposition  du directeur  de cabinet  du pr\u00e9fet  de la Somme  ;\nPr\u00e9fecture de la Somme - Cabinet - 80-2024-10-09-00002 - AP 24/746 portant d\u00e9rogation \u00e0 la SNCF pour des vols d'a\u00e9ronefs\nt\u00e9l\u00e9pilot\u00e9s sans \u00e9quipage \u00e0 bord de jour et de nuit pour des mission op\u00e9rationnelles non programmables 40\nARRETE\nArticle  1\u00b0 : La direction  de la s\u00fbret\u00e9  de la SNCF  est autoris\u00e9e  \u00e0 d\u00e9roger  \u00e0 la r\u00e9glementation\nconcernant  l'utilisation  d'a\u00e9ronefs  t\u00e9l\u00e9pilot\u00e9s  sans  \u00e9quipage  \u00e0 bord,  pour  des  prises  de vues  de jour\net de nuit  dans  le d\u00e9partement  de la Somme.  Ces  op\u00e9rations  s'effectueront  exclusivement  dans  le\ncadre  de missions  op\u00e9rationnelles  d'urgence  non  programmables,  afin  de lutter  contre  les actes  de\nmalveillance,  de vols,  de p\u00e9n\u00e9trations  illicites  et autres  infractions  perturbant  le bon\nfonctionnement  des  services  de la SNCF,\nArticle  2 : La pr\u00e9sente  d\u00e9rogation  prend  effet  \u00e0 compter  de la date  du pr\u00e9sent  arr\u00eat\u00e9  et prendra  fin\nle 22 mai  2025,\nArticle  3 : Le p\u00e9titionnaire,  ses t\u00e9l\u00e9pilotes  et accompagnateurs  sont  tenus  de se conformer  aux\nprescriptions  du code  de l'aviation  civile  et \u00e0 l'annexe  jointe  au pr\u00e9sent  arr\u00eat\u00e9  relative  aux\nconditions  techniques  et op\u00e9rationnelles  d\u00e9livr\u00e9e  par  la direction  g\u00e9n\u00e9rale  de l'aviation  civile,\nArticle  4 : Le pr\u00e9avis  de cinq  jours,  pr\u00e9alable  \u00e0 tout  vol en zone  peupl\u00e9e,  ne sera  pas  exig\u00e9  pour  ces\nmissions  non  programmables,  La SNCF  devra  toutefois  informer  la pr\u00e9fecture  de la Somme  du\nd\u00e9roulement  de ces op\u00e9rations  par messagerie  \u00e9lectronique  en pr\u00e9cisant  la date,  l'heure,  le d\u00e9but\nde la mission,  l'adresse,  l'objet  du vol et un contact  sur place  (nom  et t\u00e9l\u00e9phone)  \u00e0 l'adresse\nsuivante  : pref-declaration-drones@somme.gouv.fr.\nArticle  5 : Dans  le cas o\u00f9 les prescriptions  du pr\u00e9sent  arr\u00eat\u00e9  et de ses annexes  ne seraient  pas\nobserv\u00e9es  et si les t\u00e9l\u00e9pilotes  commettaient  des irr\u00e9gularit\u00e9s  ou des imprudences  au cours  des\nsurvols  :\n1) cette  autorisation  cesserait  d'\u00eatre  valable  imm\u00e9diatement  ;\n2) la soci\u00e9t\u00e9  et les personnes  responsables  seraient  traduites  conform\u00e9ment  \u00e0 la r\u00e9glementation  en\nvigueur  devant  la juridiction  comp\u00e9tente.\nArticle  6 : La pr\u00e9sente  autorisation  est accord\u00e9e  aux  frais,  risques  et p\u00e9rils  du p\u00e9titionnaire  qui\ndemeure  responsable  de tous  les accidents  de quelque  nature  qu'ils  soient  et de tous  les dommages\ncaus\u00e9s  aux  tiers.\nLe demandeur  aura  \u00e0 charge  les indemnit\u00e9s  susceptibles  de lui \u00eatre  r\u00e9clam\u00e9es  de ce fait,  sans  que\npuisse  \u00eatre  exerc\u00e9  aucun  recours  contre  l'\u00c9tat,  le d\u00e9partement,  les communes.  Une  assurance  devra\n\u00eatre  contract\u00e9e  \u00e0 cet  effet.\nLes droits  des  tiers  sont  et demeurent  express\u00e9ment  r\u00e9serv\u00e9s,\nArticle  7 : Le sous-pr\u00e9fet,  directeur  du cabinet,  le directeur  zonal  de la police  nationale  Nord,  le\ncommandant  du groupement  de gendarmerie  d\u00e9partementale  de la Somme  et le directeur\ninterd\u00e9partemental  de la police  nationale  de la Somme  sont  charg\u00e9s,  chacun  en ce qui le concerne,\nde l'ex\u00e9cution  du pr\u00e9sent  arr\u00eat\u00e9  qui sera  publi\u00e9  au recueil  des  actes  administratifs  de la pr\u00e9fecture\nde la Somme.  Une  copie  sera  adress\u00e9e  au d\u00e9l\u00e9gu\u00e9  de l'aviation  civile  des  Hauts-de-France  Sud  et au\np\u00e9titionnaire.\nAmiens,  le g OCT, 2024\nPour  le pr\u00e9fet  ef par  d\u00e9l\u00e9gation,\nLe sous-pr\u00e9fet,  difecteur  de cabinet,\nVOIES  ET DELAIS  DE RECOURS\nLa pr\u00e9sente  d\u00e9cision  est susceptible  de faire,  dans  le d\u00e9lai  de deux  mois  suivant  la notification,  l'objet  des voies  de recours  suivantes  :\n\u00ab Un recours  gracieux,  formul\u00e9  aupr\u00e8s  du pr\u00e9fet  de la Somme,  cabinet,  bureau  de la s\u00e9curit\u00e9  int\u00e9rieure,  51 rue de la R\u00e9publique  80020  Amiens,\n- Un recours  hi\u00e9rarchique,  aupr\u00e8s  du ministre  de l'Int\u00e9rieur,  direction  des  libert\u00e9s  publiques  et des  affaires  juridiques  - sous-direction  des  polices\nadministratives  - bureau  des  polices  administratives  - place  Beauvau  75800  Paris  cedex  08,\nCes  recours  sont  d\u00e9pourvus  de caract\u00e8re  suspensif.  En l'absence  de r\u00e9ponse  de l'administration  dans  un d\u00e9lai  de deux  mois  \u00e0 compter  de la\ndate  de r\u00e9ception  de votre  recours,  celui-ci  doit  \u00eatre  consid\u00e9r\u00e9  comme  implicitement  rejet\u00e9.\n- Un recours  contentieux,  devant  le tribunal  administratif  d'Amiens  - 14 rue Lemerchier  80000  Amiens  ou par voie  \u00e9lectronique  par le site\nwww.telerecours,  fr. .\nPr\u00e9fecture de la Somme - Cabinet - 80-2024-10-09-00002 - AP 24/746 portant d\u00e9rogation \u00e0 la SNCF pour des vols d'a\u00e9ronefs\nt\u00e9l\u00e9pilot\u00e9s sans \u00e9quipage \u00e0 bord de jour et de nuit pour des mission op\u00e9rationnelles non programmables 41\nAutorisation  d'exploitation\nen cat\u00e9gorie  Sp\u00e9cifique\n1. Autorit\u00e9  qui d\u00e9livre  l'autorisationMINIST\u00c8RE  gratin\nCHARG\u00c9  Prin\nDES  TRANSPORTS  ed\nLiberi\u00e9\nLgalir\u00e9\nPrateruit\u00e9\n1.1 Autorit\u00e9  de d\u00e9livrance\n1.2 Point  de contact\nCourriela8  \u2014  _ - ee  - = \u2014\u2014  \u2014DSAC  (France)\ndsac-autorisations-drones-bf@aviation-civile.gouv.fr\n2, Donn\u00e9es  concernant  l'exploitant  UAS\n2.1 Num\u00e9ro  d'enregistrement  de l'exploitant  UAS FRAu41olchrdd4i9\n2.2 Nom  de l'exploitant  UAS\n2.3 Point  de contact  op\u00e9rationnel\nNomSNCF  - DIRECTION  DE LA SURETE\nMme  Magali  DI CRESCENZO\n+33  (0)6  29 27 42 51\nT\u00e9l\u00e9phone  \u00e0 '\n; @snct,Courriel  a fens :\n3. Op\u00e9ration  autoris\u00e9e\nZones  contr\u00f4l\u00e9es  au sol sur les emprises  de la SNCF,  au-\ndessus  des voies  ferr\u00e9es  ou de zones  interdites  au public\nqui se trouvent  par essence  au sein  de la r\u00e9glementation\n3.1 Lieu(x)  autoris\u00e9(s)  des risques  ferroviaires  de la SNCF \u00e9tant en zone dite \u00ab\ndangereuse  \u00bb.\nSelon  [1] 82\n3.2 \u00c9tendue  de la zone  adjacente  0,5 km\nee\n3.3 R\u00e9f\u00e9rence  et r\u00e9vision  de l'\u00e9valuation  des risques  (X] SORA  version  2.0\n3.4 Niveau  d'assurance  et d'int\u00e9grit\u00e9  (SAIL)  SAIL  II\n3.5 Type  d'op\u00e9ration  [_] vLos  [><] BVLOS\n3.6 Transport  de marchandises  dangereuses  C] oui FA Non\n3.7 Caract\u00e9risation  des 3.7.1 Zone d'exploitationZone  contr\u00f4l\u00e9e  au sol\nrisques  li\u00e9s au sol 3.7.2  Zone  adjacenteZone  faiblement  peupl\u00e9e\n3.8 Att\u00e9nuation  des risquesfi  3.8.1  Att\u00e9nuations  strat\u00e9giquesCJNon\n(<Joui,  faibles\nD\u00e9tails  : [1] 83.2C] Oui, moyennes  C] Oui  \u00e9lev\u00e9es\nPr\u00e9fecture de la Somme - Cabinet - 80-2024-10-09-00002 - AP 24/746 portant d\u00e9rogation \u00e0 la SNCF pour des vols d'a\u00e9ronefs\nt\u00e9l\u00e9pilot\u00e9s sans \u00e9quipage \u00e0 bord de jour et de nuit pour des mission op\u00e9rationnelles non programmables 42\n3.8.2  Niveau  de l'ERPun ee  \u2014\u2014\u2014\u2014\n3.9 Limite  de hauteur  du volume  op\u00e9rationnel- Les zones  de vol sont  des zones  interdites  d'acc\u00e8s  au\npublic.\n- Une  zone  tampon  au sal de 37 m est pr\u00e9vue  pour  les vols\n\u00e0 une hauteur  de 30 m et est comprise  dans  les emprises\nde la SNCF,\n- Une  zone  tampon  au sol de 43 m est pr\u00e9vue  pour  les vols\n\u00e0 une  hauteur  de 49 m et est comprise  dans  les emprises\nde la SNCF.\n(JERP  absent  [_]faible  D moyen  [] \u00e9lev\u00e9\n49 m (160  ft) AGL\n3.10  Niveau  de risque\na\u00e9rien  r\u00e9siduel\n3.11  Att\u00e9nuation  des\nrisques  a\u00e9riens|3.11.1  Att\u00e9nuations  strat\u00e9giques\n13.11.2  M\u00e9thodes  d'att\u00e9nuation|3.10.1  Volume  d'exploitation  DX] ARC-a  ARC-b  (_] ARC-c  (_] ARC-d\n3.10.2.  Volume  adjacent  5] ARC-a  ARC-b  69 ARC-c  59 ARC-d\nCO] Non 5 Oui\nD\u00e9tails  ; [1] \u00a74 et 5\nL'exploitant  n'entreprend  l'op\u00e9ration  qu'apr\u00e8s  obtention\ndes accords  et/ou  protocoles  avec  les gestionnaires  de\nzones  concern\u00e9es,  et coordination  avec  les usagers\npertinents  de l'espace  a\u00e9rien  (notamment  services  de\nsecours  et d'urgence),  afin de pr\u00e9venir  la p\u00e9n\u00e9tration  de la\nzone  d'op\u00e9ration  par d'autres  a\u00e9ronefs  lorsque  cela  est\nn\u00e9cessaire.\nVoir  et \u00e9viter\ntactique\n3,12 Niveau  de confinement  obtenu  FA Standard  (_] Renforc\u00e9\n3,13  Comp\u00e9tences  du pilote  \u00e0 distance  D\u00e9clar\u00e9\n3.14  Comp\u00e9tences  du personnel,  autre  que  le pilote  \u00e0 D\u00e9clar\u00e9\ndistance,  indispensable  \u00e0 la s\u00e9curit\u00e9  de l'exploitation\n3.15  Type  d'\u00e9v\u00e9nements  \u00e0 notifier  \u00e0 l'autorit\u00e9  comp\u00e9tente\n(en plus  de ceux  requis  par le r\u00e8glement  (UE)  n\u00b0\n376/2014)- Sortie  intempestive  de la zone  d'op\u00e9ration  (\u00e9v\u00e9nement  de\ntype  \u00ab fly away  \u00bb)\n- Perte  de contr\u00f4le  en vol conduisant  \u00e0 une  collision  avec  le\nsol\n- Rapprochement  anormal  o\u00f9 dangereux  avec  un a\u00e9ronef\nhabit\u00e9\n- D\u00e9faillance  d'une  fonction  de s\u00e9curit\u00e9  (ou d\u00e9clenchement\ninternpestif)\n- Intrusion  dans  la zone  contr\u00f4l\u00e9e  au sol\n- Non  r\u00e9cup\u00e9ration  d'un  drone  suite  \u00e0 un crash\nTout  autre  \u00e9v\u00e9nement  anormal  et/ou  impr\u00e9vu  qui conduit,\nou aurait  \u00e9t\u00e9 susceptible  de conduire  dans  des circonstances\ndiff\u00e9rentes,  \u00e0 un accroissement  du risque  de l'op\u00e9ration,\n3.16  Assurance [] Non D Oui\nPr\u00e9fecture de la Somme - Cabinet - 80-2024-10-09-00002 - AP 24/746 portant d\u00e9rogation \u00e0 la SNCF pour des vols d'a\u00e9ronefs\nt\u00e9l\u00e9pilot\u00e9s sans \u00e9quipage \u00e0 bord de jour et de nuit pour des mission op\u00e9rationnelles non programmables 43\n3.17  R\u00e9f\u00e9rence  du manuel  d'exploitation2023-05-10  MANEX  DIRECTION  DE LA SURETE  SNCF\nV,2,5,1  et Annexes\n3.18  R\u00e9f\u00e9rence  du dossier  conformit\u00e9[1] SORA  : 2023-05-10  Dde  autorisation  exploitation  via\nSORA  - DIRECTION  DE LA SURETE  SNCF  V.2,2.1,\n[2] 2023-05-10  Annexes  - Dde  autorisation  exploitation  via\nSORA  DIRECTION  DE LA SURETE  SNCF  V.2.2.1,\n3.19  Remarques  / limitations  suppl\u00e9mentaires S/o\n=\n4. Donn\u00e9es  concernant  les UAS  autoris\u00e9s\n4.1 Constructeur  DJl 4.2 Mod\u00e8le  Mavic  3 Entreprise  Thermal\nC] Avion  [ ] H\u00e9licopt\u00e8re  aa Daenions\n4.3 Type  d'UAS  FT Multirotor  [] Hybride/VTOL  caract\u00e9ristiques  | 0,576  m\n[] Plus l\u00e9ger que l'air / autre PAAAIS\n4.6 Vitesse\n4,5 Masse  au d\u00e9collage  1,013  kg M  15 m/s  (29 kt)\n4.7 Exigences  techniques  suppl\u00e9mentaires- A\u00e9ronef  \u00e9quip\u00e9  d'une  fonction  de g\u00e9ocaging  qui interdit  le\nfranchissement  du p\u00e9rim\u00e8tre  de vol\n- A\u00e9ronef  \u00e9quip\u00e9  d'un  syst\u00e8me  d'interruption  de vol\nind\u00e9pendant  (FTS)\n4,8 Num\u00e9ro  de s\u00e9rie  ou, le cas \u00e9ch\u00e9ant,  immatriculation  de\nl'UAA\u00e9ronefs  enregistr\u00e9s  sur AlphaTango  ayant  un num\u00e9ro  de\nsignalement  \u00e9lectronique  valide  et inscrits  dans  le MANEX.\n4.9 Num\u00e9ro  du certificat  de type  (TC)  ou du rapport  de\nv\u00e9rification  de la conception,  si n\u00e9cessaire  #10\n4.10  Num\u00e9ro  du certificat  de navigabilit\u00e9  (CofA),  si n\u00e9cessaire  | s/o\n4.11  Num\u00e9ro  du certificat  de puissance  acoustique,  si is\nn\u00e9cessaire\nC] Non\n4.12 Att\u00e9nuation  pour  r\u00e9duire  l'effet  de l'impact  au sol (M2)  |[XJOui,  faible  [_]Oui,  moyenne  _[_] Oui, \u00e9lev\u00e9e\nN\u00e9cessaire  pour r\u00e9duire  le risque  au sol C] Oui 5 Non\n4.13 Exigences  techniques  pour  le confinement  FA Standard  [] Renforc\u00e9\n5. Remarques\n=  =\nS/o\n6. Autorisation  d'exploitation\nSNCF  - DIRECTION  DE LA SURETE  est autoris\u00e9  \u00e0 mener  des op\u00e9rations  UAS  avec  le ou les UAS  d\u00e9finis  \u00e0 la section  4 et selon\nles conditions  et limitations  d\u00e9finies  \u00e0 la section  3, tant  qu'il  respecte  la pr\u00e9sente  autorisation  d'exploitation,  le r\u00e8glement\nPr\u00e9fecture de la Somme - Cabinet - 80-2024-10-09-00002 - AP 24/746 portant d\u00e9rogation \u00e0 la SNCF pour des vols d'a\u00e9ronefs\nt\u00e9l\u00e9pilot\u00e9s sans \u00e9quipage \u00e0 bord de jour et de nuit pour des mission op\u00e9rationnelles non programmables 44\n(UE)  2019/947  et toute  r\u00e9glementation  de l'Union  ou nationale  applicable  en mati\u00e8re  de vie priv\u00e9e,  de protection  des\ndonn\u00e9es,  de responsabilit\u00e9,  d'assurance,  de s\u00e9curit\u00e9  et de protection  de l'environnement.\nSNCF  - DIRECTION  DE LA SURETE  informe  la DSAC  de toute  modification  des syst\u00e8mes  utilis\u00e9s  et des proc\u00e9dures  appliqu\u00e9es\nayant  une  incidence  sur l'\u00e9valuation  des risques  et les conditions  de la pr\u00e9sente  autorisation,  || accompagne  cette\nnotification  de la documentation  mise  \u00e0 jour,  et des justificatifs  attestant  du bon fonctionnement  du syst\u00e8me  et du\nmaintien  du niveau  de s\u00e9curit\u00e9.\nAvant  chaque  date  anniversaire  de cette  autorisation,  l'exploitant  fait parvenir  \u00e0 la DSAC  un bilan  de s\u00e9curit\u00e9  des\nop\u00e9rations  r\u00e9alis\u00e9es  durant  l'ann\u00e9e  \u00e9chue.\n6.1 Num\u00e9ro  d'autorisation  d'exploitation  |FRA-OAT-2023SNCF001/000\n6.2 Autorisation  valide  jusqu'au  22/05/2025\nDate\n23/05/2023\nPr\u00e9fecture de la Somme - Cabinet - 80-2024-10-09-00002 - AP 24/746 portant d\u00e9rogation \u00e0 la SNCF pour des vols d'a\u00e9ronefs\nt\u00e9l\u00e9pilot\u00e9s sans \u00e9quipage \u00e0 bord de jour et de nuit pour des mission op\u00e9rationnelles non programmables 45\nPr\u00e9fecture de la Somme - Cabinet\n80-2024-10-09-00003\nAP 24/747 AP 24/746 portant d\u00e9rogation \u00e0 la\nSNCF pour des vols d'a\u00e9ronefs t\u00e9l\u00e9pilot\u00e9s sans\n\u00e9quipage \u00e0 bord de jour et de nuit pour des\nmission op\u00e9rationnelles non programmables\nPr\u00e9fecture de la Somme - Cabinet - 80-2024-10-09-00003 - AP 24/747 AP 24/746 portant d\u00e9rogation \u00e0 la SNCF pour des vols d'a\u00e9ronefs\nt\u00e9l\u00e9pilot\u00e9s sans \u00e9quipage \u00e0 bord de jour et de nuit pour des mission op\u00e9rationnelles non programmables 46\nArr\u00e9t\u00e9  CAB/BSI/PA  n\u00b0 24/747\nPREFET\nDE LA SOMME\nLibert\u00e9\nEgalit\u00e9\nfraternit\u00e9\nArr\u00eat\u00e9  portant  d\u00e9rogation  \u00e0 la SNCF  pour  des vols  d'a\u00e9ronefs  t\u00e9l\u00e9pilot\u00e9s  sans  \u00e9quipage  \u00e0 bord  de\njour  et de nuit  pour  des  missions  op\u00e9rationnelles  non  programmables\nVu le r\u00e8glement  (UE)  2018/1139  concernant  des  r\u00e8gles  communes  dans  le domaine  de l'aviation  civile\net instituant  une  Agence  de l'Union  europ\u00e9enne  pour  la s\u00e9curit\u00e9  a\u00e9rienne  ;\nVu le code  de l'aviation  civile  et notamment  l'article  R 131-1;\nVu le d\u00e9cret  n\u00b0 2004-374  du 29 avril  2004  modifi\u00e9,  relatif  aux  pouvoirs  des  pr\u00e9fets,  \u00e0 l'organisation  et\n\u00e0 l'action  des services  de l'\u00c9tat  dans  les r\u00e9gions  et d\u00e9partements  ;\nVu le d\u00e9cret  du 13 juillet  2023  nommant  M. Rollon  MOUCHEL-BLAISOT,  pr\u00e9fet  de la Somme  \u00e0\ncompter  du 24 juillet  2023  ;\nVu le d\u00e9cret  du 3 janvier  2024  nommant  M. Victor  JOZON  sous-pr\u00e9fet,  directeur  de cabinet  du\npr\u00e9fet  de la Somme  ;\nVu l'arr\u00eat\u00e9  minist\u00e9riel  du 15 mai  2007  fixant  la liste  des  zones  interdites  \u00e0 la prise  de vue  a\u00e9rienne  par\nappareil  photographique,  cin\u00e9matographique  ou de tout  autre  capteur  ;\nVu l'arr\u00eat\u00e9  minist\u00e9riel  du 24 juillet  1991  modifi\u00e9  relatif  aux  conditions  d'utilisation  des  a\u00e9ronefs  civils\nen aviation  g\u00e9n\u00e9rale,  et son annexe  (JO du 30 ao\u00fbt  1991)  ;\nVu l'arr\u00eat\u00e9  interminist\u00e9riel  du 11 d\u00e9cembre  2014  relatif  \u00e0 la mise  en \u0153uvre  du r\u00e8glement  d'ex\u00e9cution\n(UE)  n\u00b0923/2012  ;\nVu l'arr\u00eat\u00e9  du 18 mai  2018  modifi\u00e9  relatif  aux  exigences  applicables  aux t\u00e9l\u00e9pilotes  qui utilisent  des\na\u00e9ronefs  civils  circulant  sans  personne  a bord  a des  fins  autres  que  le loisir  ;\nVu l'arr\u00eat\u00e9  du 03 d\u00e9cembre  2020  relatif  \u00e0 la d\u00e9finition  des  sc\u00e9narios  standard  nationaux  et fixant  les\nconditions  applicables  aux missions  d'a\u00e9ronefs  civils  sans  \u00e9quipage  \u00e0 bord  exclues  du champ\nd'application  du r\u00e8glement  (UE)  2018/1139  ;\nVu l'arr\u00eat\u00e9  du 3 d\u00e9cembre  2020  relatif  \u00e0 l'utilisation  de l'espace  a\u00e9rien  par les a\u00e9ronefs  sans\n\u00e9quipage  \u00e0 bord  et notamment  son  article  9 ;\nVu l'arr\u00eat\u00e9  pr\u00e9fectoral  du 15 janvier  2024  portant  d\u00e9l\u00e9gation  de signature  \u00e0 M, Victor  JOZON  sous-\npr\u00e9fet,  directeur  de cabinet  du pr\u00e9fet  de la Somme  ;\nVu l'autorisation  d'exploitation  en cat\u00e9gorie  sp\u00e9cifique  en date  du 29 juillet  2024  d\u00e9livr\u00e9e  par la\ndirection  g\u00e9n\u00e9rale  de l'aviation  civile  portant  sur une  autorisation  permanente  de survol  de jour  et\nde nuit  jusqu'au  28 juillet  2025  ;\nVu la demande  pr\u00e9sent\u00e9e  le 23 septembre  2024  par madame  Magali  DI CRESCENZO,  r\u00e9f\u00e9rente\nnationale  s\u00fbret\u00e9  drones  et appui  tactique  vid\u00e9o  temporaire  \u00e0 la SNCF  bas\u00e9e  \u00e0 PARIS  (10\u00b07\u00b0\narrondissement),  sollicitant  une  autorisation  permanente  de mise  en \u0153uvre  des  a\u00e9ronefs  t\u00e9l\u00e9pilot\u00e9s\nsans  \u00e9quipage  \u00e0 bord  pour  effectuer  des  missions  de surveillance  des  emprises  et lignes  SNCF  en\nzone  peupl\u00e9e  de jour  et de nuit  sur le d\u00e9partement  de la Somme  ;\nSur proposition  du directeur  de cabinet  du pr\u00e9fet  de la Somme  ;\nPr\u00e9fecture de la Somme - Cabinet - 80-2024-10-09-00003 - AP 24/747 AP 24/746 portant d\u00e9rogation \u00e0 la SNCF pour des vols d'a\u00e9ronefs\nt\u00e9l\u00e9pilot\u00e9s sans \u00e9quipage \u00e0 bord de jour et de nuit pour des mission op\u00e9rationnelles non programmables 47\nARRETE\nArticle  1\" : La direction  de la s\u00fbret\u00e9  de la SNCF  est autoris\u00e9e  a d\u00e9roger  \u00e0 la r\u00e9glementation\nconcernant  l'utilisation  d'a\u00e9ronefs  t\u00e9l\u00e9pilot\u00e9s  sans  \u00e9quipage  \u00e0 bord,  pour  des  prises  de vues  de jour\net de nuit  dans  le d\u00e9partement  de la Somme.  Ces  op\u00e9rations  s'effectueront  exclusivement  dans  le\ncadre  de missions  op\u00e9rationnelles  d'urgence  non  programmables,  afin  de lutter  contre  les actes  de\nmalveillance,  de vols,  de p\u00e9n\u00e9trations  illicites  et autres  infractions  perturbant  le bon\nfonctionnement  des  services  de la SNCF.\nArticle  2 : La pr\u00e9sente  d\u00e9rogation  prend  effet  \u00e0 compter  de la date  du pr\u00e9sent  arr\u00eat\u00e9  et prendra  fin\nle 28 juillet  2025.\nArticle  3 : Le p\u00e9titionnaire,  ses t\u00e9l\u00e9pilotes  et accompagnateurs  sont  tenus  de se conformer  aux\nprescriptions  du code  de l'aviation  civile  et \u00e0 l'annexe  jointe  au pr\u00e9sent  arr\u00eat\u00e9  relative  aux\nconditions  techniques  et op\u00e9rationnelles  d\u00e9livr\u00e9e  par la direction  g\u00e9n\u00e9rale  de l'aviation  civile.\nArticle  4 : Le pr\u00e9avis  de cinq  jours,  pr\u00e9alable  \u00e0 tout  vol en zone  peupl\u00e9e,  ne sera  pas exig\u00e9  pour  ces\nmissions  non  programmables,  La SNCF  devra  toutefois  informer  la pr\u00e9fecture  de la Somme  du\nd\u00e9roulement  de ces op\u00e9rations  par messagerie  \u00e9lectronique  en pr\u00e9cisant  la date,  l'heure,  le d\u00e9but\nde la mission,  l'adresse,  l'objet  du vol et un contact  sur place  (nom  et t\u00e9l\u00e9phone)  \u00e0 l'adresse\nsuivante  : pref-declaration-drones@somme.gouv.fr.\nArticle  5 : Dans  le cas o\u00f9 les prescriptions  du pr\u00e9sent  arr\u00eat\u00e9  et de ses annexes  ne seraient  pas\nobserv\u00e9es  et si les t\u00e9l\u00e9pilotes  commettaient  des irr\u00e9gularit\u00e9s  ou des imprudences  au cours  des\nsurvols  :\n1) cette  autorisation  cesserait  d'\u00eatre  valable  imm\u00e9diatement  ;\n2) la soci\u00e9t\u00e9  et les personnes  responsables  seraient  traduites  conform\u00e9ment  \u00e0 la r\u00e9glementation  en\nvigueur  devant  la juridiction  comp\u00e9tente.\nArticle  6 : La pr\u00e9sente  autorisation  est accord\u00e9e  aux  frais,  risques  et p\u00e9rils  du p\u00e9titionnaire  qui\ndemeure  responsable  de tous  les accidents  de quelque  nature  qu'ils  soient  et de tous  les dommages\ncaus\u00e9s  aux  tiers,\nLe demandeur  aura  \u00e0 charge  les indemnit\u00e9s  susceptibles  de lui \u00eatre  r\u00e9clam\u00e9es  de ce fait,  sans  que\npuisse  \u00eatre  exerc\u00e9  aucun  recours  contre  l'\u00c9tat,  le d\u00e9partement,  les communes.  Une  assurance  devra\n\u00eatre  contract\u00e9e  \u00e0 cet effet.\nLes droits  des  tiers  sont  et demeurent  express\u00e9ment  r\u00e9serv\u00e9s.\nArticle  7 : Le sous-pr\u00e9fet,  directeur  du cabinet,  le directeur  zonal  de Ja police  nationale  Nord,  le\ncommandant  du groupement  de gendarmerie  d\u00e9partementale  de la Somme  et le directeur\ninterd\u00e9partemental  de la police  nationale  de la Somme  sont  charg\u00e9s,  chacun  en ce qui le concerne,\nde l'ex\u00e9cution  du pr\u00e9sent  arr\u00eat\u00e9  qui sera  publi\u00e9  au recueil  des  actes  administratifs  de la pr\u00e9fecture\nde la Somme.  Une  copie  sera  adress\u00e9e  au d\u00e9l\u00e9gu\u00e9  de l'aviation  civile  des Hauts-de-France  Sud  et au\np\u00e9titionnaire,\n0 9 OCT. 2024\nar d\u00e9l\u00e9gation,\ncteur  de cabinet,Amiens,  le\nPour  le pr\u00e9fet  e\nLe sous-pr\u00e9fet,\nVig@br  JOZON\n|\nLa pr\u00e9sente  d\u00e9cision  est susceptible  de faire,  dans  le d\u00e9lai  de deux  mois  suivant  la notification,  l'objet  des voies  de recours  suivantes  }\n- Un recours  gracieux,  formul\u00e9  aupr\u00e8s  du pr\u00e9fet  de la Somme,  cabinet,  bureau  de la s\u00e9curit\u00e9  int\u00e9rieure,  51 rue de la R\u00e9publique  80020  Amiens,\n- un recours  hi\u00e9rarchique,  aupr\u00e8s  du ministre  de l'Int\u00e9rieur,  direction  des libert\u00e9s  publiques  et des affaires  juridiques  - sous-direction  des polices\nadministratives  - bureau  des polices  administratives  - place  Beauvau  75800  Paris  cedex  08,\nCes recours  sont  d\u00e9pourvus  de caract\u00e8re  suspensif.  En l'absence  de r\u00e9ponse  de l'administration  dans  un d\u00e9lai  de deux  mois  \u00e0 compter  de la\ndate  de r\u00e9ception  de votre  recours,  celui-ci  doit  \u00eatre  consid\u00e9r\u00e9  comme  implicitement  rejet\u00e9.\n- Un recours  contentieux,  devant  le tribunal  administratif  d'Amiens  - 14 rue Lemerchier  80000  Amiens  o\u00f9 par voie  \u00e9lectronique  par le site\nCe recours  juridictionnel  doit  \u00eatre  d\u00e9pos\u00e9  au plus  tard  avant  l'expiration  du deuxi\u00e8me  mois  \u00e0 compter  de la date  de notification  de la d\u00e9cision\ncontest\u00e9e,  ou dans  les deux  mois  suivant  la date  du rejet  de votre  recours  gracieux  ou hi\u00e9rarchique,\nPr\u00e9fecture de la Somme - Cabinet - 80-2024-10-09-00003 - AP 24/747 AP 24/746 portant d\u00e9rogation \u00e0 la SNCF pour des vols d'a\u00e9ronefs\nt\u00e9l\u00e9pilot\u00e9s sans \u00e9quipage \u00e0 bord de jour et de nuit pour des mission op\u00e9rationnelles non programmables 48\nsae 150 By\nPr\u00e9fecture de la Somme - Cabinet - 80-2024-10-09-00003 - AP 24/747 AP 24/746 portant d\u00e9rogation \u00e0 la SNCF pour des vols d'a\u00e9ronefs\nt\u00e9l\u00e9pilot\u00e9s sans \u00e9quipage \u00e0 bord de jour et de nuit pour des mission op\u00e9rationnelles non programmables 49\nAutorisation  d'exploitation\nen cat\u00e9gorie  Sp\u00e9cifiqueMINISTERE  vertus\nCHARG\u00c9  termini\nDES  TRANSPORTS  |\nLibert\u00e9\nKretirnit\u00e9\n1. Autorit\u00e9  qui d\u00e9livre  l'autorisation\n1.1 Autorit\u00e9  de d\u00e9livranceDSAC  (France)\n1.2 Point  de contact\nCourriel dsac-autorisations-drones-bf@aviation-civile.gouv.fr\n2. Donn\u00e9es  concernant  l'exploitant  UAS\n2.1 Num\u00e9ro  d'enregistrement  de l'exploitant  UAS FRAud1olchrddd4ig\n2.2 Nom  de l'exploitant  UAS SNCF  - DIRECTION  DE LA SURETE\n2.3 Point  de contact  op\u00e9rationnelMme  Magali  Di CRESCENZO\nNom  +33  (0)6  29 27 42 51\nT\u00e9l\u00e9phone  : ' '\nCourriel  st.nanodrones@snect  tr\n3. Op\u00e9ration  autoris\u00e9e\nZones  contr\u00f4l\u00e9es  au sol sur les emprises  de la SNCF,  au-\ndessus  des voies  ferr\u00e9es  ou de zones  interdites  au public\nqui se trouvent  par essence  au sein  de la r\u00e9glementation\n3.1 Lieu(x)  autoris\u00e9(s)  des risques  ferroviaires  de la SNCF  \u00e9tant  en zone dite \u00ab\ndangereuse  \u00bb,\nSelon  [1] \u00a72\n3.2 Etendue  de la zone  adjacente  5 km\n3.3 R\u00e9f\u00e9rence  et r\u00e9vision  de l'\u00e9valuation  des risques [X] SORA  version  2.0\n3.4 Niveau  d'assurance  et d'int\u00e9grit\u00e9  (SAIL)  SAIL  II\n3.5 Type  d'op\u00e9ration  [] vos  6 BVLOS\n3.6 Transport  de marchandises  dangereuses  C] oui (&] Non\n3.7 Caract\u00e9risation  des 3.7.1 Zone d'exploitationZone  contr\u00f4l\u00e9e  au sol\nrisques  li\u00e9s au sol 3.7.2  Zone  adjacente Zone  peupl\u00e9e\n3.8 Att\u00e9nuation  des risquesmeee  3.8.1  Att\u00e9nuations  strat\u00e9giques[_]Non\nOui,  faibles\nD\u00e9tails  : [1] 83.2[_] Oui, moyennes  [] Oui,\u00e9lev\u00e9es\nPr\u00e9fecture de la Somme - Cabinet - 80-2024-10-09-00003 - AP 24/747 AP 24/746 portant d\u00e9rogation \u00e0 la SNCF pour des vols d'a\u00e9ronefs\nt\u00e9l\u00e9pilot\u00e9s sans \u00e9quipage \u00e0 bord de jour et de nuit pour des mission op\u00e9rationnelles non programmables 50\n- Les zones  de vol sont  des zones  interdites  d'acc\u00e9s  au\npublic.\n- Une  zone  de pr\u00e9vention  des  risques  au sol de 100  rn est\npr\u00e9vue  pour  les vols  4 une  hauteur  de 49 m et est comprise\ndans  les emprises  de la SNCF.\n3.8.2  Niveau  de ERP  (ERP  absent  [Jfaible  [X}moyen  [J\u00e9lev\u00e9\n3.9 Limite  de hauteur  du volume  op\u00e9rationnel  49 m (160  ft) AGL\nah Nivewide  D  3.10.1  Volume  d'exploitation  (XJ ARC-a  (<] ARC-b  [_] ARC-c  (_] ARC-d\na\u00e9rien  r\u00e9siduel  L 10.2.  Volume  adjacent  Barca  March  Bdarce  [Xarcd\n[] Non XJ Oui\nD\u00e9tails  : [1] \u00a74 et 5\nL'exploitant  n'entreprend  l'op\u00e9ration  qu'apr\u00e8s  obtention\n3.11.1  Att\u00e9nuations  strat\u00e9giques  des accords  et/ou  protocoles  avec  les gestionnaires  de\n8-13  Ate\u00e9nuetion  \u00e0 zones  concern\u00e9es,  et coordination  avec  les usagers\n: Laladtintibiddel  pertinents  de l'espace  a\u00e9rien  (notarnment  services  de\nrisques  a\u00e9rienssecours  et d'urgence),  afin de pr\u00e9venir  la p\u00e9n\u00e9tration  de la\nzone  d'op\u00e9ration  par d'autres  a\u00e9ronefs  lorsque  cela  est\nn\u00e9cessaire.\n3.11.2  M\u00e9thodes  d'att\u00e9nuation\nVoir  et \u00e9viter\ndistance,  indispensable  \u00e0 la s\u00e9curit\u00e9  de l'exploitationtactique\n3.12 Niveau  de confinement  obtenu  [_] Standard  DA Renforc\u00e9\n3.13  Comp\u00e9tences  du pilote  \u00e0 distance  D\u00e9clar\u00e9\n3.14  Comp\u00e9tences  du personnel,  autre  que  le pilote  \u00e0 D\u00e9clar\u00e9\n3.15  Type  d'\u00e9v\u00e9nements  \u00e0 notifier  \u00e0 l'autorit\u00e9  comp\u00e9tente\n(en plus  de ceux  requis  par le r\u00e8glement  (UE)  n\u00b0\n376/2014)- Sortie  intempestive  de la zone  d'op\u00e9ration  (\u00e9v\u00e9nement  de\ntype  \u00ab fly away  \u00bb)\n- Perte  de contr\u00f4le  en vol conduisant  \u00e0 une  collision  avec  le\nsol\n- Rapprochement  anormal  ou dangereux  avec  un a\u00e9ronef\nhabit\u00e9\n- D\u00e9faillance  d'une  fonction  de s\u00e9curit\u00e9  (ou d\u00e9clenchement\nintempestif)\n- Intrusion  dans  la zone  contr\u00f4l\u00e9e  au sol\n- Non  r\u00e9cup\u00e9ration  d'un  drone  suite  \u00e0 un crash\n- Tout  autre  \u00e9v\u00e9nement  anormal  et/ou  impr\u00e9vu  qui conduit,\nou aurait  \u00e9t\u00e9 susceptible  de conduire  dans  des circonstances\ndiff\u00e9rentes,  \u00e0 un accroissement  du risque  de l'op\u00e9ration,\n3.16  Assurance [_] Non 4 Oui\n3.17  R\u00e9f\u00e9rence  du manuel  d'exploitation2024-07-25  MANEX  DIRECTION  DE LA SURETE  SNCF\nV,2,5.3.2  et Annexes\nPr\u00e9fecture de la Somme - Cabinet - 80-2024-10-09-00003 - AP 24/747 AP 24/746 portant d\u00e9rogation \u00e0 la SNCF pour des vols d'a\u00e9ronefs\nt\u00e9l\u00e9pilot\u00e9s sans \u00e9quipage \u00e0 bord de jour et de nuit pour des mission op\u00e9rationnelles non programmables 51\n3.18  R\u00e9f\u00e9rence  du dossier  conformit\u00e9[1] SORA  : 2024-07-25  Dde  autorisation  exploitation  via\nSORA  V.2.4.2  et Annexes\n[2] Conformit\u00e9  MoC  2511  : 2024-07-25  - SNCF  DIRECTION\nDE LA SURETE  - Matrice  de conformit\u00e9  MoC2511\nFTS_Clean1  V6, Annexes  et enregistrements  de vol\n3.19  Remarques  / limitations  suppl\u00e9mentairesS/o\n4. Donn\u00e9es  concernant  les UAS  autoris\u00e9s\nnig oe hit  Es\n4.1 Constructeur  DJ| 4.2 Mod\u00e8le  Mavici\u00e9  Enireprise-DusliouAdvanced\nCl Avion  C] H\u00e9licopt\u00e8re  4.4 Dimensions\n4.3 Type  d'UAS  C4 Multirotor  [] Hybride/VTOL  caract\u00e9ristiques  | 0,576  m\n(_] Plus l\u00e9ger que l'air / autre i in\n4.6 Vitesse4.5 Masse  au d\u00e9collage  1,013  kg ET  14 m/s (27 kt)\n4.7 Exigences  techniques  suppl\u00e9mentaires- A\u00e9ronef  \u00e9quip\u00e9  d'une  fonction  de g\u00e9ocaging  qui interdit  le\nfranchissement  du p\u00e9rim\u00e8tre  de vol\n- A\u00e9ronef  \u00e9quip\u00e9  d'un  syst\u00e8me  d'interruption  de vol\nind\u00e9pendant  (FTS)\n4.8 Num\u00e9ro  de s\u00e9rie  ou, le cas \u00e9ch\u00e9ant,  immatriculation  de\nl'UAA\u00e9ronefs  enregistr\u00e9s  sur AlphaTango  ayant  un num\u00e9ro  de\nsignalement  \u00e9lectronique  valide  et inscrits  dans  le MANEX.\n4.9 Num\u00e9ro  du certificat  de type  (TC)  ou du rapport  de\nv\u00e9rification  de la conception,  si n\u00e9cessaires/o\n4.10  Num\u00e9ro  du certificat  de navigabilit\u00e9  (CofA),  si n\u00e9cessaire s/o\n4.11  Num\u00e9ro  du certificat  de puissance  acoustique,  si\nn\u00e9cessaire  s/o\nNon\n4.12 Att\u00e9nuation  pour r\u00e9duire  l'effet  de l'impact  au sol(M2)  |[_]Oui,  faible  (]Oui,  moyenne  [] Oui, \u00e9lev\u00e9e\nN\u00e9cessaire  pour r\u00e9duire  le risque  au sol C] Oui 4 Non\n4,13 Exigences  techniques  pour le confinement  [] Standard  5 Renforc\u00e9\n5, Remarques\nMissions  de surveillance  et de lev\u00e9es  de doute.\n6. Autorisation  d'exploitation\n\u2014  \u2014  _\nSNCF  - DIRECTION  DE LA SURETE  est autoris\u00e9  \u00e0 mener  des op\u00e9rations  UAS  avec  le ou les UAS d\u00e9finis  \u00e0 la section  4 et selon\nles conditions  et limitations  d\u00e9finies  \u00e0 la section  3, tant  qu'il  respecte  la pr\u00e9sente  autorisation  d'exploitation,  le r\u00e8glement\nPr\u00e9fecture de la Somme - Cabinet - 80-2024-10-09-00003 - AP 24/747 AP 24/746 portant d\u00e9rogation \u00e0 la SNCF pour des vols d'a\u00e9ronefs\nt\u00e9l\u00e9pilot\u00e9s sans \u00e9quipage \u00e0 bord de jour et de nuit pour des mission op\u00e9rationnelles non programmables 52\n(UE)  2019/947  et toute  r\u00e9glementation  de l'Union  ou nationale  applicable  en mati\u00e8re  de vie priv\u00e9e,  de protection  des\ndonn\u00e9es,  de responsabilit\u00e9,  d'assurance,  de s\u00e9curit\u00e9  et de protection  de l'environnement,\nToute  op\u00e9ration  fait l'objet  d'une  fiche  mission  conforme  \u00e0 la documentation  de l'exploitant  et aux conditions  et limitations\nde cette  autorisation,  La fiche  mission  est envoy\u00e9e  \u00e0 dsac-autorisations-drones-bf@aviation-civile.gouv.fr  au plus  tard  trois\njours  ouvr\u00e9s  avant  le d\u00e9but  de l'op\u00e9ration.\nSNCF  - DIRECTION  DE LA SURETE  informe  la DSAC  de toute  modification  des syst\u00e8mes  utilis\u00e9s  et des proc\u00e9dures  appliqu\u00e9es\nayant  une incidence  sur l'\u00e9valuation  des risques  et les conditions  de la pr\u00e9sente  autorisation,  || accompagne  cette\nnotification  de la documentation  mise  \u00e0 jour,  et des justificatifs  attestant  du bon fonctionnement  du syst\u00e8me  et du\nmaintien  du niveau  de s\u00e9curit\u00e9.\nAvant  chaque  date  anniversaire  de cette  autorisation,  l'exploitant  fait parvenir  \u00e0 la DSAC  un bilan  de s\u00e9curit\u00e9  des\nop\u00e9rations  r\u00e9alis\u00e9es  durant  l'ann\u00e9e  \u00e9chue.\nL'alin\u00e9a  3 de l'article  9 de l'arr\u00eat\u00e9  du 3 d\u00e9cembre  2020  relatif  \u00e0 l'utilisation  de l'espace  a\u00e9rien  par les a\u00e9ronefs  sans  \u00e9quipage\n\u00e0 bord  dispose  \u00ab des d\u00e9rogations  aux conditions  d'\u00e9volution  de nuit vis\u00e9es  au 3\u00b0 de l'article  3 ou aux exigences  relatives\naux hauteurs  maximales  d'\u00e9volution  vis\u00e9es  au 1\u00b0 de l'article  8 peuvent  \u00eatre  accord\u00e9es  par le pr\u00e9fet  territorialement\ncomp\u00e9tent,  apr\u00e8s  avis du service  de l'aviation  civile  et du service  de la d\u00e9fense  territorialement  comp\u00e9tents  [...] \u00bb. Apr\u00e8s\nexamen  des \u00e9l\u00e9ments  re\u00e7us  et en application  de l'article  9 susvis\u00e9,  la DSAC  a l'honneur  de vous  transmettre,  au nom  du\nservice  de l'aviation  civile  territorialement  comp\u00e9tent,  un avis technique  favorable  pour  la demande  de d\u00e9rogation  a\nl'interdicton  de voler  de nuit  de SNCF  - DIRECTION  DE LA SURETE,  sous  r\u00e9serve  du respect  des conditions  techniques  et\nop\u00e9rationnelles  figurant  dans  la pr\u00e9sente  autorisation  d'exploitation.\n6.1 Num\u00e9ro  d'autorisation  d'exploitation  | FRA-OAT-2024SNCF001/000\n6.2 Autorisation  valide  jusqu'au  28/07/2025\nDate  Signature  et cachet\n29/07/2024  Le directeur  de programme  drones\n\u2014\u2014  \u2014David  COMBY\nPr\u00e9fecture de la Somme - Cabinet - 80-2024-10-09-00003 - AP 24/747 AP 24/746 portant d\u00e9rogation \u00e0 la SNCF pour des vols d'a\u00e9ronefs\nt\u00e9l\u00e9pilot\u00e9s sans \u00e9quipage \u00e0 bord de jour et de nuit pour des mission op\u00e9rationnelles non programmables 53\nPr\u00e9fecture de la Somme - Cabinet\n80-2024-10-09-00001\narr\u00eat\u00e9 autorisant la surveillance VP- concert 30\nans grand A 101024\nPr\u00e9fecture de la Somme - Cabinet - 80-2024-10-09-00001 - arr\u00eat\u00e9 autorisant la surveillance VP- concert 30 ans grand A 101024 54\nE i Arr\u00eat\u00e9  BSI - n\u00b02024/761\nPREFET\nDE LA SOMME\nLibert\u00e9\nEgalit\u00e9\nFraternit\u00e9\nARR\u00caT\u00c9\nportant  autorisation  de surveillance  sur la voie  publique\nsur le territoire  de la commune  de Glisy\nle 10 octobre  2024  dans  le cadre  de la manifestation  \u00abconcert  des  30 ans  du centre\ncommercial  Grand  A\u00bb\nLE PR\u00c9FET  DE LA SOMME\n_ CHEVALIER  DE LA LEGION  D'HONNEUR\nVu le livre  VI du code  de la s\u00e9curit\u00e9  int\u00e9rieure,  notamment  son  article  L. 613-1;\nVu le d\u00e9cret  du 13 juillet  2023 nommant  Monsieur  Rollon  MOUCHEL-BLAISOT,  pr\u00e9fet  de la\nSomme  ;\nVu le d\u00e9cret  du 3 janvier  2024  portant  nomination  Geil  Monsieur  Victor  JOZON,  sous-pr\u00e9fet,\ndirecteur  de cabinet  du pr\u00e9fet  de la Somme  ;\nVu l'arr\u00eat\u00e9  pr\u00e9fectoral  du 15 janvier  2024  portant  d\u00e9l\u00e9gation  de signature  \u00e0 Monsieur  Victor\nJOZON,  sous-pr\u00e9fet,  directeur  de cabinet  du pr\u00e9fet  de la Somme  ;\nVu l'autorisation  d'exercer  n'AUT-094-  2123-04-12-20240738270  d\u00e9livr\u00e9e  \u00e0 la soci\u00e9t\u00e9  ORION\nSECURITY  GUARD  ;\nVu la demande  pr\u00e9sent\u00e9e  par  la soci\u00e9t\u00e9  ORION  SECURITY  GUARD  le 9 octobre  2024,  tendant\n\u00e0 obtenir  une autorisation  pour  des missions  de surveillance  sur la voie  publique,  dans  le cadre\nde la manifestation  \u00ab concert  des  30 ans  du centre  commercial  Grand  A \u00bb pr\u00e9vue  a Glisy  le 10\noctobre.2024  ;\nConsid\u00e9rant  que  la manifestation  est susceptible  de drainer  une  foule  importante  et n\u00e9cessite\nla surveillance  du site  en amont  et durant  la tenue  de l'\u00e9v\u00e9nement,\nSur  proposition  du sous-pr\u00e9fet,  directeur  de cabinet,\nARRETE\nArticle  1% \u2014 La soci\u00e9t\u00e9  ORION  SECURITY  GUARD,  sise  21 rue Eug\u00e8ne  Sue,  \u00e0 Maisons  Alfort\n(94700),  est autoris\u00e9e  a assurer  la surveillance  sur la voie  publique,  dans  le cadre  de la\nmanifestation  \u00ab concert  des 30 ans du centre  commercial  Grand  A\u00bb pr\u00e9vue  \u00e0 Glisy  le 10\noctobre  2024.\nLa surveillance  s'exercera  de 15h00  le 10 octobre  2024  \u00e0 02h00  le 11 octobre  2024,  aux  abords\nimm\u00e9diats  du parking  du centre  commercial  Grand  A situ\u00e9  sur la commune  de Glisy.\nPr\u00e9fecture de la Somme - Cabinet - 80-2024-10-09-00001 - arr\u00eat\u00e9 autorisant la surveillance VP- concert 30 ans grand A 101024 55\nArticle  2 - La surveillance  sera  assur\u00e9e  par  les agents  de s\u00e9curit\u00e9  dont  la liste  figure  en annexe\ndu pr\u00e9sent  arr\u00e9t\u00e9.\nArticle  3 - Les agents  de s\u00e9curit\u00e9  cit\u00e9s  \u00e0 l'article  2 ne pourront  pas  \u00eatre  arm\u00e9s.\nArticle  4 \u2014 Le b\u00e9n\u00e9ficiaire  de la pr\u00e9sente  autorisation  s'engage  \u00e0 respecter  les prescriptions  de\nla loi du 12 juillet  1983  susvis\u00e9e.\nArticle  5 - La pr\u00e9sente  autorisation,  pr\u00e9caire  et r\u00e9vocable  \u00e0 tout  moment,  prendra  fin \u00e0\nl'expiration  de la mission.\nArticle  6 - Monsieur  le sous-pr\u00e9fet,  directeur  de cabinet  du pr\u00e9fet  de la Somme  et le directeur\ninterd\u00e9partemental  de la police  nationale  de la Somme,  le colonel  commandant  du\ngroupement  de gendarmerie  d\u00e9partemental  de la Somme  sont  charg\u00e9s,  chacun  en ce qui le\nconcerne,  de l'ex\u00e9cution  du pr\u00e9sent  arr\u00eat\u00e9,  qui sera  publi\u00e9  au recueil  des actes  administratifs\nde la pr\u00e9fecture.\nAmiens,  le 94 OCT. 2024\nPour  le pr\u00e9fet  et par  d\u00e9l\u00e9gation,\nLe directeur  de cabinet  adjoint,\ndirecteur  de rit\u00e9s\nVOIES  ET DELAIS  DE RECOURS\nLa pr\u00e9sente  d\u00e9cision  est susceptible  de faire,  dans  le d\u00e9lai  de deux  mois  suivant  la notification,  l'objet  des  voies  de recours  suivantes  :\n\u2014 un recours  gracieux,  formul\u00e9  aupr\u00e8s  du Pr\u00e9fet  de la Somme,  Cabinet,  bureau  de la s\u00e9curit\u00e9  int\u00e9rieure,  51 rue de la R\u00e9publique  80 020\nAmiens\n- un recours  hi\u00e9rarchique,  aupr\u00e8s  du Ministre  de l'int\u00e9rieur,  direction  des  libert\u00e9s  publiques  et des  affaires  juridiques  \u2014 sous-direction\ndes  polices  administratives  - bureau  des  polices  administratives  \u2014 place  Beauvau  75 800  Paris  cedex  08.\nCes  recours  sont  d\u00e9pourvus  de caract\u00e8re  suspensif.  En l'absence  d\u00e9 r\u00e9ponse  de l'administration  dans  un d\u00e9lai  de deux  mois  \u00e0 compter\nde la date  de r\u00e9ception  de votre  recours,  celui-ci  doit  \u00eatre  consid\u00e9r\u00e9  comme  implicitement  rejet\u00e9.\n\u2014 un recours  contentieux,  devant  le tribunal  administratif  d'Amiens  -14 rue Lemerchier  80 000  AMIENS  ou par voie  \u00e9lectronique  par le\nsite  www.telerecours.fr\nCe recours  juridictionnel  doit  \u00eatre  d\u00e9pos\u00e9  au plus  tard  avant  l'expiration  du deuxi\u00e8me  mois  \u00e0 compter  de la date  de notification  de la\nd\u00e9cision  contest\u00e9e,  ou dans  les deux  mois  suivant  la date  du rejet  de votre  recours  gracieux  ou hi\u00e9rarchique.\nPr\u00e9fecture de la Somme - Cabinet - 80-2024-10-09-00001 - arr\u00eat\u00e9 autorisant la surveillance VP- concert 30 ans grand A 101024 56\nFeuille\nARHAMOUZ  MOHAMED  02/03/65  |CAR-080-2029-01-18-20240006208\nSERAF  _ IBRAHIM  18/12/82  |CAR-080-2029-03-11-20240406970\n|ZITOUNI  MOHAMED  04/05/84  |CAR-080-2028-09-13-20230329475\nMESSAOUDI  KHALED  20/04/79  |CAR-080-2026-07-01-20210511792\nGRANDSIR  VIRGINIE  07/06/69  |CAR-080-2029-04-16-20240407544\nDACRUZMORAIS  ANTONIO  24/02/61  |CAR-080-2025-05-18-20200396516\nYACINE  KARIM  15/12/94  |CAR-080-2024-08-20-20190689340\nDEGOUY  SOPHIE  14/08/80  |CAR-080-2025-02-21-20200159725\nASMANI  AMMAR  29/01/77  |CAR-080-2024-10-11-20190051350\nAKAFFOU  ASSA  13/03/82  |CAR-080-2025-06-11-20200694466\nALSHIEKH  OTHMAN  HAMZA  15/01/04  |CAR-080-2029-09-05-20240897595\nFROIDURE  OLIVIER  19/05/82  |CAR-080-2024-12-24-20190031671\nDINE  BILAL  04/12/97  |CAR-080-2028-04-18-20230845128\nBENNANI  YOUNESS  18/04/66  |CAR-080-2027-02-03-20220784550\nBEDDIAR  MOHAMED  16/07/72  |CAR-080-2029-06-05-20240620283\nGERVAIS  NICOLAS  22/10/00  |CAR-080-2028-01-31-20230839407\nGRARI  _|MOHAMED  03/08/82  |CAR-080-2027-06-20-20220406814\nBENHAMOU  ABDERRAHMANE  05/09/72  |CAR-080-2027-06-28-20220584778\nCERF  AMANDINE  16/10/85  |CAR-080-2027-01-06-20220005560\nSUBTIL  . SEBASTTIEN  15/12/76  |CAR-080-2025-08-18-20200069244\nABD  RAZAK  DJABIR  18/06/1992  |CAR-095-2027-03-24-20220564781\nBAH  AMADOU  25/06/1988  |CAR-094-2029-09-17-20240381591\nAKA  MIEZAN  GAUCALET  13/12/1970  |CAR-094-2025-09-04-20200218802\nBAMBA  KOROTOUMOU  02/03/1974  |CAR-060-2029-07-05-20240901598\nBARY  LOUIS  28/09/2000  |CAR-075-2029-07-22-20240925609\nMBACK  MAYAN  _ {MICHELLE  18/08/1978  |CAR-075-2026-01-29-20210530125\nNKOUATCHET  [ERIC  21/09/1973  |CAR-075-2027-02-01-20220240359\nFOFANA  | ASSA  30/09/1977  |CAR-094-2028-11-22-20230676131\nTOURE  BASSAMORY  24/08/1990  |CAR-093-2026-06-04-20210761235\nPage  1\nPr\u00e9fecture de la Somme - Cabinet - 80-2024-10-09-00001 - arr\u00eat\u00e9 autorisant la surveillance VP- concert 30 ans grand A 101024 57\nPr\u00e9fecture de la Somme - Direction de la\nCitoyennet\u00e9 et de la L\u00e9galit\u00e9\n80-2024-10-07-00008\nArr\u00eat\u00e9 pr\u00e9fectoral portant nomination d'un\nr\u00e9gisseur d'\u00c9tat titulaire et d'une mandataire\nsuppl\u00e9ante de police municipale de la commune\nde Moreuil\nPr\u00e9fecture de la Somme - Direction de la Citoyennet\u00e9 et de la L\u00e9galit\u00e9 - 80-2024-10-07-00008 - Arr\u00eat\u00e9 pr\u00e9fectoral portant nomination\nd'un r\u00e9gisseur d'\u00c9tat titulaire et d'une mandataire suppl\u00e9ante de police municipale de la commune de Moreuil 58\nPRE FET\nDE LA SOMME  Arr\u00e9t\u00e9  n\u00b0 DCL/BCL/2024-1173\nLibert\u00e9\nEgalit\u00e9Fraternit\u00e9  A R R E T E\nportant  nomination  d'un  r\u00e9gisseur  d'\u00c9tat  titulaire  et d'une  mandataire  suppl\u00e9ante  de\npolice  municipale  de la commune  de MOREUIL\nLE PR\u00c9FET  DE LA SOMME\nCHEVALIER  DE LA L\u00c9GION  D'HONNEUR\nVu le code  de la route  et notamment  son  article  R. 130-2  ;\nVu le code  g\u00e9n\u00e9ral  des  collectivit\u00e9s  territoriales  et notamment  son  article  L. 2212-5  ;\nVu le code  de la s\u00e9curit\u00e9  int\u00e9rieure  :\nVu le d\u00e9cret  n\u00b0 2004-374  du 29 avril  2004  modifi\u00e9  relatif  aux  pouvoirs  des  pr\u00e9fets,  \u00e0\nl'organisation  et \u00e0 l'action  des services  de l'\u00c9tat  dans  les r\u00e9gions  et d\u00e9partements  ;\nVu le d\u00e9cret  n\u00b0 2012-1246  du 7 novembre  2012  modifi\u00e9  relatif  \u00e0 la gestion  budg\u00e9taire\net comptable  publique  ;\nVu le d\u00e9cret  n\u00b0 2019-798  du 26 juillet  2019 modifi\u00e9  relatif  aux r\u00e9gies  de recettes  et\naux  r\u00e9gies  d'avance  des  organismes  publics  ;\nVu le d\u00e9cret  n\u00b0 2012-1247  du 7 novembre  2012  modifi\u00e9  portant  adaptation  de divers\ntextes  aux  nouvelles  r\u00e8gles  de la gestion  budg\u00e9taire  et comptable  publique  ;\nVu le d\u00e9cret  du 13 juillet  2023  nommant  Monsieur  Rollon  MOUCHEL-BLAISOT  pr\u00e9fet\nde la Somme  \u00e0 compter  du 24 juillet  2023  ;\nVu le d\u00e9cret  du 21 juillet  2023  nommant  Monsieur  Emmanuel  MOULARD,  secr\u00e9taire\ng\u00e9n\u00e9ral  de la pr\u00e9fecture  de la Somme  ;\nVu l'arr\u00eat\u00e9  du 28 mai  1993  modifi\u00e9  par  arr\u00eat\u00e9  du 3 septembre  2001  relatif  aux  taux  de\nl'indemnit\u00e9  de responsabilit\u00e9  susceptible  d'\u00eatre  allou\u00e9e  aux  r\u00e9gisseurs  d'avances  et\naux  r\u00e9gisseurs  de recettes  relevant  des  organismes  publics  et montant  du\ncautionnement  impos\u00e9  \u00e0 ces agents  ;\nVu l'arr\u00eat\u00e9  interminist\u00e9riel  du 17 juin  2005  fixant  les conditions  du remboursement\npar l'\u00c9tat  des indemnit\u00e9s  de responsabilit\u00e9s  vers\u00e9es  par les communes  et\ngroupements  de communes  aux  r\u00e9gisseur  des  r\u00e9gies  de recettes  au nom  et pour  le\ncompte  de l'\u00c9tat  ;\nVu l'arr\u00eat\u00e9  interminist\u00e9riel  du 13 f\u00e9vrier  2013  modifi\u00e9  habilitant  les pr\u00e9fets  \u00e0 instituer\ndes  r\u00e9gies  de recettes  et des  r\u00e9gies  d'avances  aupr\u00e8s  des  services  d\u00e9concentr\u00e9s  du\nminist\u00e8re  de l'int\u00e9rieur  ;\nVu l'arr\u00eat\u00e9  pr\u00e9fectoral  du 26 juin  2003  instituant  une  r\u00e9gie  de recettes  aupr\u00e8s  de la\npolice  municipale  de Moreuil  ;\nVu l'arr\u00eat\u00e9  pr\u00e9fectoral  du 17 ao\u00fbt  2015  portant  nomination  de Monsieur  Christophe\nGOUDIN  en tant  que  r\u00e9gisseur  titulaire  et de Monsieur  Thomas  TRAVERSE  en tant\nque  r\u00e9gisseur  suppl\u00e9ant  ;\n1/2\nPr\u00e9fecture de la Somme - Direction de la Citoyennet\u00e9 et de la L\u00e9galit\u00e9 - 80-2024-10-07-00008 - Arr\u00eat\u00e9 pr\u00e9fectoral portant nomination\nd'un r\u00e9gisseur d'\u00c9tat titulaire et d'une mandataire suppl\u00e9ante de police municipale de la commune de Moreuil 59\nVu l'arr\u00eat\u00e9  pr\u00e9fectoral  du 15 janvier  2024  portant  d\u00e9l\u00e9gation  de signature  a\nMonsieur  Emmanuel  MOULARD,  secr\u00e9taire  g\u00e9n\u00e9ral  de la pr\u00e9fecture  de la Somme  ;\nVu la lettre  du 21 ao\u00fbt  2024  par laquelle  le maire  de Moreuil  sollicite  le\nremplacement  du r\u00e9gisseur  titulaire  aupr\u00e8s  de la r\u00e9gie  de police  municipale  de sa\ncommune  et du mandataire  suppl\u00e9ant  ;\nVu l'agr\u00e9ment  du comptable  public  assignataire  en date  du 18 septembre  2024  ;\nSur  proposition  du secr\u00e9taire  g\u00e9n\u00e9ral  de la pr\u00e9fecture  de la Somme  ;\nARR\u00caTE\nArticle  1\u00b0 : L'arr\u00eat\u00e9  pr\u00e9fectoral  du 17 ao\u00fbt 2015 portant  nomination  de\nMonsieur  Christophe  GOUDIN  en tant  que  r\u00e9gisseur  titulaire  et de Monsieur  Thomas\nTRAVERSE  en tant  que  r\u00e9gisseur  suppl\u00e9ant  est abrog\u00e9.\nArticle  2 : Monsieur  Didier  VERICEL,  brigadier-chef  principal  de la police  municipale,\nest nomm\u00e9  r\u00e9gisseur  titulaire  pour  percevoir  le produit  des  amendes  forfaitaires  de\nla police  de la circulation,  en application  de l'article  L. 2212-5  du code  g\u00e9n\u00e9ral  des\ncollectivit\u00e9s  territoriales  et le produit  des  consignations  pr\u00e9vues  par  l'article  L121-4\ndu code  de la route,  en remplacement  de Monsieur  Christophe  GOUDIN.\nArticle  3 : En cas  d'absence  du r\u00e9gisseur  pour  maladie,  cong\u00e9  ou tout  autre\nemp\u00eachement  exceptionnel,  Madame  Aurore  PREUVOT,  brigadi\u00e8re  cheffe\nprincipale,  est nomm\u00e9e  mandataire  suppl\u00e9ante,  afin  de r\u00e9aliser  pour  le compte  du\nr\u00e9gisseur  toutes  les op\u00e9rations  aff\u00e9rentes  \u00e0 la r\u00e9gie  dans  les conditions  fix\u00e9es  par le\nd\u00e9cret  du 26 juillet  2019  relatif  aux  r\u00e9gies  de recettes  et d'avances  des  organismes\npublics,  en remplacement  de Monsieur  Thomas  TRAVERSE.\nArticle  4: Le r\u00e9gisseur  percevra  une  indemnit\u00e9  de maniement  de fonds  dont  le\nmontant  est fix\u00e9  par  l'arr\u00eat\u00e9  du 28 mai  1993  modifi\u00e9  susmentionn\u00e9.\nArticle  5: Le secr\u00e9taire  g\u00e9n\u00e9ral  de la pr\u00e9fecture  de la Somme,  la directrice\nd\u00e9partementale  des  finances  publiques  de la Somme  et le maire  de Moreuil  sont\ncharg\u00e9s,  chacun  en ce qui le concerne,  de l'ex\u00e9cution  du pr\u00e9sent  arr\u00eat\u00e9  qui sera\npubli\u00e9  au recueil  des  actes  administratifs  de la pr\u00e9fecture  de la Somme.\nAmiens,  le 97 Gti. 2024\nPour  le Pr\u00e9fet  et par  d\u00e9l\u00e9gation,\nLe Secr\u00e9taire  G\u00e9n\u00e9ral\nEmmanuel  MOULARD  ~~ *.\n2/2\nPr\u00e9fecture de la Somme - Direction de la Citoyennet\u00e9 et de la L\u00e9galit\u00e9 - 80-2024-10-07-00008 - Arr\u00eat\u00e9 pr\u00e9fectoral portant nomination\nd'un r\u00e9gisseur d'\u00c9tat titulaire et d'une mandataire suppl\u00e9ante de police municipale de la commune de Moreuil 60\nPr\u00e9fecture de la Somme - Direction de la\nCitoyennet\u00e9 et de la L\u00e9galit\u00e9\n80-2024-10-07-00007\nArr\u00eat\u00e9 pr\u00e9fectoral portant suppression d'une\nr\u00e9gie de recettes de l'\u00c9tat aupr\u00e8s de la police\nmunicipale de la commune d'Albert et mettant\nfin aux fonctions de r\u00e9gisseur et de son\nsuppl\u00e9ant\nPr\u00e9fecture de la Somme - Direction de la Citoyennet\u00e9 et de la L\u00e9galit\u00e9 - 80-2024-10-07-00007 - Arr\u00eat\u00e9 pr\u00e9fectoral portant suppression\nd'une r\u00e9gie de recettes de l'\u00c9tat aupr\u00e8s de la police municipale de la commune d'Albert et mettant fin aux fonctions de r\u00e9gisseur et\nde son suppl\u00e9ant61\nPRE FET\nDE LA SOMME  Arr\u00e9t\u00e9  n\u00b0 DCL/BCL/2024-1174\nLibert\u00e9\nEgalit\u00e9\nFraternit\u00e9\nARR\u00caT\u00c9\nportant  suppression  d'une  r\u00e9gie  de recettes  de l'\u00c9tat  aupr\u00e8s  de la police  municipale\nde la commune  d'Albert  et mettant  fin aux  fonctions  du r\u00e9gisseur  et de son\nsuppl\u00e9ant\nLE PR\u00c9FET  DE LA SOMME\nVu le code  de la route  ;\nVu le code  g\u00e9n\u00e9ral  des collectivit\u00e9s  territoriales  ;\nVu le code  de la s\u00e9curit\u00e9  int\u00e9rieure  ;\nVu le d\u00e9cret  n\u00b0 2004-374  du 29 avril  2004  modifi\u00e9  relatif  aux  pouvoirs  des  pr\u00e9fets,  a\nl'organisation  et \u00e0 l'action  des services  de l'\u00c9tat  dans  les r\u00e9gions  et d\u00e9partements  ;\nVu le d\u00e9cret  n\u00b0 2019-798  du 26 juillet  2019  relatif  aux  r\u00e9gies  de recettes  et aux  r\u00e9gies\nd'avance  des  organismes  publics  ;\nVu le d\u00e9cret  n\u00b0 2012-1246  du 7 novembre  2012  relatif  \u00e0 la gestion  budg\u00e9taire  et\ncomptable  publique  ;\nVu le d\u00e9cret  n\u00b0 2012-1247  du 7 novembre  2012  portant  adaptation  de divers  textes\naux  nouvelles  r\u00e8gles  de la gestion  budg\u00e9taire  et comptable  publique  ;\nVu le d\u00e9cret  du 13 juillet  2023  nommant  Monsieur  Rollon  MOUCHEL-BLAISOT  pr\u00e9fet\nde la Somme  \u00e0 compter  du 24 juillet  2023  ;\nVu le d\u00e9cret  du 21 juillet  2023  nommant  Monsieur  Emmanuel  MOULARD,  secr\u00e9taire\ng\u00e9n\u00e9ral  de la pr\u00e9fecture  de la Somme;\nVu l'arr\u00eat\u00e9  pr\u00e9fectoral  du 15 janvier  2024 porta  d\u00e9l\u00e9gation  de signature  a\nMonsieur  Emmanuel  MOULARD,  secr\u00e9taire  g\u00e9n\u00e9ral  de la pr\u00e9fecture  de la Somme  ;\nVu l'arr\u00eat\u00e9  pr\u00e9fectoral  du 15 f\u00e9vrier  2013  portant  cr\u00e9ation  d'une  r\u00e9gie  de recettes\nd'Etat  aupr\u00e8s  de la commune  d'Albert  ;\nVu l'arr\u00eat\u00e9  pr\u00e9fectoral  du 18 f\u00e9vrier  2013  nommant  Monsieur  Pascal  COURTOIS,\nr\u00e9gisseur  titulaire  et Monsieur  Beno\u00eet  GANTOIS,  r\u00e9gisseur  suppl\u00e9ant  pour  percevoir  le\nproduit  des  contraventions  au code  de la route  ;\nVu la lettre  de la commune  d'Albert,  en date  du 10 septembre  2024  sollicitant  la\nsuppression  de la r\u00e9gie  de police  municipale  de sa commune  ;\nPr\u00e9fecture de la Somme - Direction de la Citoyennet\u00e9 et de la L\u00e9galit\u00e9 - 80-2024-10-07-00007 - Arr\u00eat\u00e9 pr\u00e9fectoral portant suppression\nd'une r\u00e9gie de recettes de l'\u00c9tat aupr\u00e8s de la police municipale de la commune d'Albert et mettant fin aux fonctions de r\u00e9gisseur et\nde son suppl\u00e9ant62\nVu l'avis  conforme  de la directrice  d\u00e9partementale  des  finances  publiques  de la\nSomme  en date  du 24 septembre  2024  ;\nSur  proposition  du secr\u00e9taire  g\u00e9n\u00e9ral  de la pr\u00e9fecture  de la Somme  ;\nARR\u00caTE\nArticle  1\u00b0 - Il est mis fin \u00e0 la r\u00e9gie  de recettes  de l'\u00c9tat  institu\u00e9e  aupr\u00e8s  de la police\nmunicipale  de la commune  d'Albert  pour  percevoir  le produit  des  contraventions  au\ncode  de la route.\nArticle  2- || est mis  fin aux  fonctions  de Monsieur  Pascal  COURTOIS,  r\u00e9gisseur\ntitulaire.\nArticle  3- Il est mis  fin aux  fonctions  de Monsieur  Benoit  GANTOIS,  r\u00e9gisseur\nsuppl\u00e9ant.\nArticle  4 - L'arr\u00eat\u00e9  pr\u00e9fectoral  du 15 f\u00e9vrier  2013  susvis\u00e9,  portant  cr\u00e9ation  d'une  r\u00e9gie\nde recettes  d'\u00c9tat  aupr\u00e8s  de la commune  d'Albert,  est abrog\u00e9  ;\nArticle  5- L'arr\u00eat\u00e9  pr\u00e9fectoral  du 18 f\u00e9vrier  susvis\u00e9,  nommant  Monsieur  Pascal\nCOURTOIS  r\u00e9gisseur  titulaire  et Monsieur  Beno\u00eet  GANTOIS  r\u00e9gisseur  suppl\u00e9ant  pour\npercevoir  le produit  des  contraventions  au code  de la route,  est abrog\u00e9  ;\nArticle  6- Le secr\u00e9taire  g\u00e9n\u00e9ral  de la pr\u00e9fecture  de la Somme,  la sous-pr\u00e9f\u00e8te\nd'Abbeville,  la directrice  d\u00e9partementale  des  finances  publiques  de la Somme  et le\nmaire  de la commune  d'Albert  sont  charg\u00e9s,  chacun  en ce qui le concerne,  de\nl'ex\u00e9cution  du pr\u00e9sent  arr\u00eat\u00e9  qui sera  publi\u00e9  au recueil  des  actes  administratifs  de la\npr\u00e9fecture  de la Somme.\nAmiens,  le (7 OCT.  2024\nPour  le Pr\u00e9fet  et par d\u00e9l\u00e9gation,\nLe Secr\u00e9taire  G\u00e9n\u00e9ralen,\n' \u00a2Ja\nEmmanuel  MOULARD  ~~~\nPr\u00e9fecture de la Somme - Direction de la Citoyennet\u00e9 et de la L\u00e9galit\u00e9 - 80-2024-10-07-00007 - Arr\u00eat\u00e9 pr\u00e9fectoral portant suppression\nd'une r\u00e9gie de recettes de l'\u00c9tat aupr\u00e8s de la police municipale de la commune d'Albert et mettant fin aux fonctions de r\u00e9gisseur et\nde son suppl\u00e9ant63\nPr\u00e9fecture de la Somme - Sous-pr\u00e9fecture de\nP\u00e9ronne\n80-2024-10-07-00010\n24 10 AP \u00e9lections compl\u00e9mentaires languevoisin\nquiquery\nPr\u00e9fecture de la Somme - Sous-pr\u00e9fecture de P\u00e9ronne - 80-2024-10-07-00010 - 24 10 AP \u00e9lections compl\u00e9mentaires languevoisin\nquiquery 64\nPREFET  |\nDE LA SOMME  Sous-pr\u00e9fecture  de P\u00e9ronne\nLibert\u00e9\n\u00c9galit\u00e9\nFraternit\u00e9\nARR\u00caT\u00c9\nPortant  convocation  des  \u00e9lecteurs  de Languevoisin-Quiquery\n\u00e0 une  \u00e9lection  municipale  partielle  compl\u00e9mentaire\nles 24 novembre  et 1\u00b0 d\u00e9cembre  2024  et fixant  les dates  de d\u00e9p\u00f4t  des d\u00e9clarations\nde candidature  pour  l'\u00e9lection  de deux  conseillers  municipaux\nLA SOUS-PR\u00c9F\u00c8TE  DE P\u00c9RONNE\nVu le code  \u00e9lectoral,  et notamment  les articles  L.247,  L.255-2  \u00e0 L.255-5  et L.258  ;\nVu le code  g\u00e9n\u00e9ral  des collectivit\u00e9s  territoriales  et notamment  l'article  L.2122-8  ;\nVu le d\u00e9cret  du 4 novembre  2022  portant  nomination  de Mme  Laurence  Lecoustre,  sous-pr\u00e9f\u00e9te  de\nP\u00e9ronne  ;\nVu  l'arr\u00eat\u00e9  pr\u00e9fectoral  du 24 juillet  2023  portant  d\u00e9l\u00e9gation  de signature  a Mme  Laurence  Lecoustre,\nsous-pr\u00e9f\u00e8te  de P\u00e9ronne  ;\nVu la d\u00e9mission  de Mme  Laure  D\u00f4ring,  de son mandat  de conseill\u00e8re  municipale  ;\nVu le d\u00e9c\u00e8s  de M. Jacques  Gravet,  maire  de la commune  ;\nConsid\u00e9rant  qu'il  y a lieu de compl\u00e9ter  le conseil  municipal  de Languevoisin-Quiquery  conform\u00e9ment\naux  dispositions  de l'article  L.2122-8  du code  g\u00e9n\u00e9ral  des collectivit\u00e9s  territoriales  et l'article  L.258  du\ncode  \u00e9lectoral  ;\nSur proposition  de M. le secr\u00e9taire  g\u00e9n\u00e9ral  de la sous-pr\u00e9fecture  de P\u00e9ronne  ;\nARR\u00caTE\nArticle  1er. - Les \u00e9lecteurs  et \u00e9lectrices  de la commune  de Languevoisin-Quiquery  sont  convoqu\u00e9s  le\ndimanche  24 novembre  2024  \u00e0 l'effet  de proc\u00e9der  \u00e0 l'\u00e9lection  de deux  conseillers  municipaux.\nLe scrutin  sera  ouvert  de 8 heures  \u00e0 18 heures  sans  interruption,  au lieu mentionn\u00e9  sur l'arr\u00eat\u00e9\npr\u00e9fectoral  portant  d\u00e9signation  des  bureaux  de vote  pour  l'ann\u00e9e  2024.\nLes enveloppes  utilis\u00e9es  sont  de couleur  violette.\nLes listes  \u00e9lectorales  utilis\u00e9es  seront  extraites  du r\u00e9pertoire  \u00e9lectoral  unique  et \u00e0 jour  des inscriptions\nintervenues  jusqu'au  sixi\u00e8me  vendredi  pr\u00e9c\u00e9dant  le scrutin  (article  L17 du code  \u00e9lectoral),  soit\nle 18 octobre  2024,  ainsi  que  des inscriptions  d\u00e9rogatoires  intervenues  jusqu'au  14 novembre  2024\n(article  L.30  du code  \u00e9lectoral)  et, le cas \u00e9ch\u00e9ant,  des d\u00e9cisions  d'inscription  ou de radiation  rendues\npar le tribunal  judiciaire  (article  L.20  du code  \u00e9lectoral).\nPr\u00e9fecture de la Somme - Sous-pr\u00e9fecture de P\u00e9ronne - 80-2024-10-07-00010 - 24 10 AP \u00e9lections compl\u00e9mentaires languevoisin\nquiquery 65\nLa commission  de contr\u00f4le  des listes  \u00e9lectorales  devra  se r\u00e9unir  imp\u00e9rativement  entre  le jeudi  31\noctobre  et le dimanche  3 novembre  2024  (article  L.19,  III du code  \u00e9lectoral).\nArticle  2. - Au cas o\u00f9 un second  tour  serait  n\u00e9cessaire,  il y sera  proc\u00e9d\u00e9  dans  la m\u00eame  forme  le\ndimanche  1\u00b0 d\u00e9cembre  2024.\nArticle  3. - Apr\u00e8s  la cl\u00f4ture  des op\u00e9rations  \u00e9lectorales,  un extrait  du proc\u00e8s-verbal  de l'\u00e9lection  sera\nimm\u00e9diatement  affich\u00e9  \u00e0 la porte  de la mairie  et le second  exemplaire  adress\u00e9  le lendemain  \u00e0 la sous-\npr\u00e9fecture  de P\u00e9ronne.\nArticle  4. - Le d\u00e9p\u00f4t  d'une  candidature  est obligatoire  pour  tous  les candidats  aux \u00e9lections\nmunicipales.\nDans  les communes  de moins  de 1000  habitants,  le d\u00e9p\u00f4t  d'une  candidature  est obligatoire\nuniquement  pour  le 1\u00b0 tour  de scrutin.  Pour le second  tour,  et uniquement  dans  le cas o\u00f9 le nombre  de\ncandidats  pr\u00e9sents  au 1\u00b0 tour  aurait  \u00e9t\u00e9 inf\u00e9rieur  au nombre  de si\u00e8ges  de conseillers  municipaux  \u00e0\npourvoir,  \u00e0 savoir  2, les candidats  qui ne se seraient  pas pr\u00e9sent\u00e9s  au 1\u00b0 tour  doivent  d\u00e9poser  une\nd\u00e9claration  de candidature.\nL'enregistrement  des candidatures  s'effectue  \u00e0 la sous-pr\u00e9fecture  de P\u00e9ronne,  25 avenue  Charles\nBoulanger,  selon  le calendrier  suivant  :\nPour  le 1\u00b0 tour  du lundi  4 novembre  2024  au jeudi  7 novembre  2024  de 10h \u00e0 12h et de 14h \u00e0 16h30\nexcept\u00e9  le jeudi  7 novembre  2024  jusqu'\u00e0  18h.\nPour  le 2\u00e8me  tour  du lundi  25 novembre  2024  de 10h \u00e0 12h et de 14h \u00e0 16h30  au mardi  26 novembre\n2024  de 10h  \u00e0 12h  et de 14h  \u00e0 18h.\nLe d\u00e9p\u00f4t  des candidatures  se fera sur rendez-vous  en appelant  le 03 22 97 83 54.\nArticle  5. - La campagne  \u00e9lectorale  est ouverte  \u00e0 partir  du lundi  11 novembre  2024  jusqu'au  samedi  23\nnovembre  2024  \u00e0 z\u00e9ro  heure  pour  le premier  tour  et du lundi  25 novembre  2024  au samedi  30\nnovembre  2024  \u00e0 z\u00e9ro  heure  en cas de second  tour.\nArticle  6. - Les emplacements  d'affichage  seront  attribu\u00e9s  dans  l'ordre  d'arriv\u00e9e  des demandes  en\nmairie,  \u00e0 partir  du lundi  11 novembre  2024  et au plus  tard  le mercredi  20 novembre  2024  \u00e0 12 heures\npour  le premier  tour,  et le mercredi  27 novembre  2024  \u00e0 12 heures  au plus  tard  pour  le second  tour.\nArticle  7. - Mme  la sous-pr\u00e9f\u00e8te  de P\u00e9ronne  et Mme  la premi\u00e8re  adjointe  au maire  de Languevoisin-\nQuiquery  sont  charg\u00e9es,  chacune  en ce qui les concerne,  de l'ex\u00e9cution  du pr\u00e9sent  arr\u00eat\u00e9  qui sera\nimm\u00e9diatement  affich\u00e9  dans  les formes  et lieux  accoutum\u00e9s,  et publi\u00e9  au RAA.\nP\u00e9ronne,  le 7 octobre  2024\nLa sous-pr\u00e9f\u00e8te  d P\u00e9ronne,\nPr\u00e9fecture de la Somme - Sous-pr\u00e9fecture de P\u00e9ronne - 80-2024-10-07-00010 - 24 10 AP \u00e9lections compl\u00e9mentaires languevoisin\nquiquery 66","date":"2024-10-09","first_seen_on":"2024-10-09T16:47:39+00:00","id":"23fd2d444c117a70e9eaedc2955983223407716cfe2af825c16b40fcf1addc66","name":"RAA n\u00b0197 sp\u00e9cial (nominatifs) du 9 octobre 2024","pdf_creation_date":"2024-10-09T15:52:32+00:00","pdf_modification_date":null,"timezone":"Europe/Paris","url":"https://www.somme.gouv.fr/contenu/telechargement/49652/330316/file/recueil-2024-197-recueil-des-actes-administratifs-nominatifs.pdf"}
