{"administration":"pref09","administration_name":"Pr\u00e9fecture de l\u2019Ari\u00e8ge","content":"ARI\u00c8GE\nRECUEIL DES ACTES\nADMINISTRATIFS SP\u00c9CIAL\nN\u00b009-2026-023\nPUBLI\u00c9 LE 12 F\u00c9VRIER 2026\nSommaire\n09 - PREFECTURE - DIRECTION DU CABINET / PREFECTURE - SERVICE\nINTERMINISTERIEL DE DEFENSE ET DE PROTECTION CIVILES\n09-2026-02-11-00002 - Arr\u00eat\u00e9 pr\u00e9fectoral portant r\u00e9glementation\ntemporaire de la circulation sur le r\u00e9seau routier du d\u00e9partement de\nl'Ari\u00e8ge (3 pages) Page 3\n2\nE =PR\u00c9FET |DE L'ARI\u00c8GELibert\u00e9Egalit\u00e9Fraternit\u00e9\nCabinet\nDirection des s\u00e9curit\u00e9s\nService interminist\u00e9riel de d\u00e9fense et de protection civile\nCourriel\u00a0:\u00a0pref-defense-protection-civile@ariege.gouv.fr\nArr\u00eat\u00e9 pr\u00e9fectoral portant r\u00e9glementation temporaire de la circulation\nsur le r\u00e9seau routier du d\u00e9partement de l'Ari\u00e8ge\nLe pr\u00e9fet de l'Ari\u00e8ge\nVu\u00a0le\u00a0Code\u00a0de\u00a0la\u00a0d\u00e9fense\u00a0;\nVu\u00a0le\u00a0Code\u00a0de\u00a0la\u00a0s\u00e9curit\u00e9\u00a0int\u00e9rieure,\u00a0notamment\u00a0ses\u00a0articles\u00a0R. 122-1\u00a0et\u00a0suivants\u00a0;\nVu\u00a0le\u00a0Code\u00a0g\u00e9n\u00e9ral\u00a0des\u00a0collectivit\u00e9s\u00a0territoriales,\u00a0notamment\u00a0son\u00a0article\u00a0L.2215-1\u00a0;\nVu le\u00a0Code\u00a0de\u00a0la\u00a0route\u00a0et\u00a0notamment\u00a0ses\u00a0articles\u00a0R.311-1,\u00a0R.411-18,\u00a0R.413-8\u00a0;\nVu\u00a0le\u00a0Code\u00a0de\u00a0la\u00a0voirie\u00a0routi\u00e8re\u00a0;\nVu\u00a0le\u00a0Code\u00a0p\u00e9nal\u00a0;\nVu\u00a0 le\u00a0d\u00e9cret\u00a0n\u00b02004-37 4\u00a0du\u00a029\u00a0avril\u00a02004\u00a0modifi\u00e9,\u00a0relatif\u00a0au\u00a0pouvoir\u00a0des\u00a0pr\u00e9fets,\u00a0\u00e0\u00a0l'organisation\u00a0et\u00a0\u00e0\u00a0\nl'action\u00a0des\u00a0services\u00a0de\u00a0l'\u00c9tat,\u00a0dans\u00a0les\u00a0r\u00e9gions\u00a0et\u00a0les\u00a0d\u00e9partements\u00a0;\nVu le\u00a0d\u00e9cret\u00a0du\u00a0Pr\u00e9sident\u00a0de\u00a0la\u00a0R\u00e9publique\u00a0du\u00a022\u00a0octobre\u00a02025,\u00a0nommant\u00a0Monsieur\u00a0Herv\u00e9\u00a0BRABANT\u00a0\nen\u00a0qualit\u00e9\u00a0de\u00a0pr\u00e9fet\u00a0de\u00a0l'Ari\u00e8ge\u00a0;\nVu\u00a0 l'arr\u00eat\u00e9\u00a0 interminist\u00e9riel \u00a0 du \u00a0 24 \u00a0 novembre \u00a0 1967 \u00a0 modifi\u00e9 \u00a0 relatif \u00a0 \u00e0 \u00a0 la \u00a0 signalisation \u00a0 des \u00a0 routes \u00a0 et\u00a0\nautoroutes\u00a0;\nVu l'arr\u00eat\u00e9\u00a0 pr\u00e9fectoral\u00a0 du \u00a0 20 \u00a0 janvier \u00a0 2026 \u00a0 portant \u00a0 d\u00e9l\u00e9gation \u00a0 de \u00a0 signature \u00a0 \u00e0\u00a0 Madame \u00a0 Delphine\u00a0\nLEMAIRE,\u00a0directrice\u00a0de\u00a0cabinet\u00a0du\u00a0pr\u00e9fet\u00a0de\u00a0l'Ari\u00e8ge\u00a0;\nVu\u00a0 l'arr\u00eat\u00e9\u00a0 n\u00b0886\u00a0 portant \u00a0 r\u00e9glementation \u00a0 temporaire\u00a0 de \u00a0 la \u00a0 circulation \u00a0 des \u00a0 v\u00e9hicules \u00a0 sur \u00a0 le \u00a0 r\u00e9seau\u00a0\nstructurant\u00a0du\u00a011\u00a0f\u00e9vrier\u00a02026\u00a0du\u00a0Pr\u00e9fet\u00a0de\u00a0zone\u00a0de\u00a0d\u00e9fense\u00a0et\u00a0de\u00a0s\u00e9curit\u00e9\u00a0sud\u00a0;\nConsid\u00e9rant le\u00a0bulletin\u00a0de\u00a0suivi\u00a0vigilance\u00a0d\u00e9partemental\u00a0\u00e9mis\u00a0le\u00a0mercredi\u00a011\u00a0f\u00e9vrier\u00a02026\u00a0\u00e0\u00a016h04\u00a0par\u00a0le\u00a0\nCentre\u00a0National\u00a0de\u00a0Pr\u00e9vision\u00a0;\nConsid\u00e9rant que\u00a0le\u00a0bulletin\u00a0pr\u00e9cit\u00e9\u00a0fait\u00a0\u00e9tat\u00a0d'une\u00a0vigilance\u00a0\u00ab\u00a0vent\u00a0\u00bb\u00a0au\u00a0niveau\u00a0orange\u00a0et\u00a0de\u00a0vigilances\u00a0\njaunes\u00a0pour\u00a0pluie-inondation,\u00a0avalanches\u00a0et\u00a0orages\u00a0;\nConsid\u00e9rant\u00a0 les \u00a0 difficult\u00e9s \u00a0 de \u00a0 circulation \u00a0 envisageables \u00a0 sur \u00a0 l'ensemble \u00a0 du \u00a0 r\u00e9seau \u00a0 routier \u00a0 du\u00a0\nd\u00e9partement\u00a0de\u00a0l'Ari\u00e8ge\u00a0;\nConsid\u00e9rant\u00a0 la \u00a0 n\u00e9cessit\u00e9 \u00a0 de \u00a0 compl\u00e9ter \u00a0 les \u00a0 mesures \u00a0 pr\u00e9cis\u00e9es \u00a0 dans \u00a0 l'arr\u00eat\u00e9 \u00a0n\u00b0886\u00a0 portant\u00a0\nr\u00e9glementation\u00a0temporaire\u00a0de\u00a0la\u00a0circulation\u00a0des\u00a0v\u00e9hicules\u00a0sur\u00a0le\u00a0r\u00e9seau\u00a0structurant\u00a0du\u00a011\u00a0f\u00e9vrier\u00a02026\u00a0\ndu\u00a0Pr\u00e9fet\u00a0de\u00a0zone\u00a0de\u00a0d\u00e9fense\u00a0et\u00a0de\u00a0s\u00e9curit\u00e9\u00a0sud\u00a0;\nSur\u00a0proposition\u00a0de\u00a0la\u00a0sous-pr\u00e9f\u00e8te,\u00a0directrice\u00a0de\u00a0cabinet\u00a0;\n09 - PREFECTURE - DIRECTION DU CABINET - 09-2026-02-11-00002 - Arr\u00eat\u00e9 pr\u00e9fectoral portant r\u00e9glementation temporaire de la\ncirculation sur le r\u00e9seau routier du d\u00e9partement de l'Ari\u00e8ge 3\nA R R \u00ca T E\nArticle\u00a01\u00a0:\u00a0\nLa\u00a0circulation\u00a0des\u00a0transports\u00a0de\u00a0marchandises\u00a0y\u00a0compris\u00a0les\u00a0mati\u00e8res\u00a0dangereuses,\u00a0dont\u00a0le\u00a0PTAC\u00a0est\u00a0\nsup\u00e9rieur\u00a0\u00e0\u00a07 .5\u00a0tonnes,\u00a0est\u00a0limit\u00e9e\u00a0\u00e0\u00a070\u00a0km/h\u00a0avec\u00a0interdiction\u00a0de\u00a0d\u00e9passer ,\u00a0sur\u00a0l'ensemble\u00a0du\u00a0r\u00e9seau\u00a0\nroutier\u00a0d\u00e9partemental\u00a0et\u00a0communal\u00a0ari\u00e9geois \u00a0dont\u00a0la\u00a0vitesse\u00a0maximale\u00a0est\u00a0habituellement\u00a0au-dessus\u00a0\nde\u00a070km/h,\u00a0\u00e0\u00a0compter\u00a0du\u00a0jeudi\u00a012\u00a0f\u00e9vrier\u00a02026\u00a0\u00e0\u00a0partir\u00a000h00\u00a0jusqu'au\u00a0jeudi\u00a012\u00a0f\u00e9vrier\u00a0\u00e0\u00a010h00\u00a0dans\u00a0le\u00a0\nd\u00e9partement\u00a0de\u00a0l'Ari\u00e8ge.\nLa\u00a0vitesse\u00a0des\u00a0v\u00e9hicules\u00a0l\u00e9gers\u00a0est\u00a0abaiss\u00e9e\u00a0de\u00a020km/h\u00a0sur\u00a0l'ensemble\u00a0des\u00a0routes\u00a0d\u00e9partementales\u00a0due\u00a0\nl'Ari\u00e8ge,\u00a0dans\u00a0les\u00a0deux\u00a0sens\u00a0de\u00a0circulation,\u00a0\u00e0\u00a0compter\u00a0du\u00a0jeudi\u00a012\u00a0f\u00e9vrier\u00a02026\u00a0\u00e0\u00a000h00\u00a0jusqu'au\u00a0jeudi\u00a012\u00a0\nf\u00e9vrier\u00a0\u00e0\u00a010h00.\nArticle\u00a02\u00a0:\nDans\u00a0les\u00a0deux\u00a0mois\u00a0\u00e0\u00a0compter\u00a0de\u00a0la\u00a0publication\u00a0du\u00a0pr\u00e9sent\u00a0arr\u00eat\u00e9,\u00a0les\u00a0recours\u00a0suivants\u00a0peuvent\u00a0\u00eatre\u00a0\nintroduits\u00a0:\n\u2022 un\u00a0recours\u00a0gracieux,\u00a0adress\u00e9\u00a0au\u00a0cabinet\u00a0de\u00a0monsieur\u00a0le\u00a0Pr\u00e9fet\u00a0;\n\u2022 un \u00a0 recours\u00a0 hi\u00e9rarchique,\u00a0 adress\u00e9\u00a0 \u00e0 \u00a0 M. \u00a0 le \u00a0 Ministre\u00a0 de \u00a0 l'Int\u00e9rieur\u00a0\u2013\u00a0 Secr\u00e9tariat\u00a0 g\u00e9n\u00e9ral\u00a0\u2013\u00a0 Place\u00a0\nBeauvau\u00a0\u2013\u00a075800\u00a0Paris\u00a0cedex\u00a008\u00a0;\n\u2022 un\u00a0recours\u00a0contentieux,\u00a0adress\u00e9\u00a0au\u00a0tribunal\u00a0administratif\u00a0de\u00a0Toulouse.\u00a0Le\u00a0tribunal\u00a0administratif\u00a0\npeut \u00a0 \u00eatre \u00a0 saisi \u00a0 par \u00a0 l'application\u00a0 informatique \u00a0 \u00ab\u00a0T\u00e9l\u00e9recours\u00a0 citoyens\u00a0\u00bb \u00a0 accessible\u00a0 par \u00a0 le \u00a0 site\u00a0\ninternet\u00a0www.telerecours.fr.\nLe \u00a0 recours \u00a0 juridictionnel \u00a0 doit \u00a0 \u00eatre \u00a0 d\u00e9pos\u00e9 \u00a0 au \u00a0 plus \u00a0 tard \u00a0 avant \u00a0 l'expiration\u00a0 du \u00a0 2e\u00a0 mois \u00a0 suivant \u00a0 la\u00a0\npublication\u00a0de\u00a0l'arr\u00eat\u00e9.\nArticle\u00a03\u00a0 \u00a0\u00a0\u00a0\u00a0:\u00a0\u00a0\nLa\u00a0directrice\u00a0de\u00a0cabinet\u00a0de\u00a0la\u00a0pr\u00e9fecture\u00a0de\u00a0l'Ari\u00e8ge,\u00a0la\u00a0directrice\u00a0d\u00e9partementale\u00a0des\u00a0territoires\u00a0de\u00a0\nl'Ari\u00e8ge,\u00a0la\u00a0pr\u00e9sidente\u00a0du\u00a0conseil\u00a0d\u00e9partemental\u00a0de\u00a0l'Ari\u00e8ge,\u00a0le\u00a0directeur\u00a0d\u00e9partemental\u00a0de\u00a0la\u00a0police\u00a0\nnationale,\u00a0 le\u00a0 colonel\u00a0 commandant\u00a0 le\u00a0 groupement\u00a0 de \u00a0 gendarmerie\u00a0 d\u00e9partementale\u00a0 de \u00a0 l'Ari\u00e8ge\u00a0 sont\u00a0\ncharg\u00e9s\u00a0chacun\u00a0en\u00a0ce\u00a0qui\u00a0le\u00a0concerne,\u00a0de\u00a0l'ex\u00e9cution\u00a0du\u00a0pr\u00e9sent\u00a0arr\u00eat\u00e9\u00a0qui\u00a0sera\u00a0publi\u00e9\u00a0au\u00a0recueil\u00a0des\u00a0\nactes\u00a0administratifs\u00a0de\u00a0la\u00a0pr\u00e9fecture.\nFait\u00a0\u00e0\u00a0Foix,\u00a0le\u00a011\u00a0f\u00e9vrier\u00a02026\nPour\u00a0le\u00a0pr\u00e9fet\u00a0et\u00a0par\u00a0d\u00e9l\u00e9gation,\nla\u00a0directrice\u00a0de\u00a0cabinet,\nSIGNE\nDelphine\u00a0LEMAIRE\n09 - PREFECTURE - DIRECTION DU CABINET - 09-2026-02-11-00002 - Arr\u00eat\u00e9 pr\u00e9fectoral portant r\u00e9glementation temporaire de la\ncirculation sur le r\u00e9seau routier du d\u00e9partement de l'Ari\u00e8ge 4\n09 - PREFECTURE - DIRECTION DU CABINET - 09-2026-02-11-00002 - Arr\u00eat\u00e9 pr\u00e9fectoral portant r\u00e9glementation temporaire de la\ncirculation sur le r\u00e9seau routier du d\u00e9partement de l'Ari\u00e8ge 5","date":"2026-02-12","first_seen_on":"2026-02-12T07:07:26+00:00","id":"23fdc07276bddbab9cf86ccc30a5f34f382a5df47e7c4a07c9f638a44968e603","name":"recueil-09-2026-023-recueil-des-actes-administratifs-special","pdf_creation_date":"2026-02-12T06:41:02+00:00","pdf_modification_date":null,"timezone":"Europe/Paris","url":"https://www.ariege.gouv.fr/contenu/telechargement/34334/233796/file/recueil-09-2026-023-recueil-des-actes-administratifs-special.pdf"}
