{"administration":"prefidf","administration_name":"Pr\u00e9fecture de la r\u00e9gion \u00cele-de-France","content":"PREFECTURE\nREGION ILE DE\nFRANCE\nRECUEIL DES ACTES\nADMINISTRATIFS SP\u00c9CIAL\nN\u00b0IDF-063-2025-09\nPUBLI\u00c9 LE 29 SEPTEMBRE 2025\nSommaire\nAssistance Publique-H\u00f4pitaux de Paris / H\u00f4pitaux universitaires Paris\nSeine-Saint-Denis\nIDF-2025-09-18-00015 - Arr\u00eat\u00e9 n\u00b0 2025-91 portant d\u00e9l\u00e9gation de\nsignature au titre de l'article R.6147-10 du code de la sant\u00e9 publique\n(8 pages) Page 3\nDirection r\u00e9gionale et interd\u00e9partementale de l'\u00e9conomie, de l'emploi,\ndu travail et des solidarit\u00e9s d'\u00cele-de-France / secr\u00e9tariat de direction\nIDF-2025-09-26-00007 - D\u00e9cision n\u00b0 2025- 184 du 26 septembre\n2025\nPortant subd\u00e9l\u00e9gation de signature de Monsieur Fabrice Masi,\ndirecteur r\u00e9gional et\ninterd\u00e9partemental de l'\u00e9conomie, de\nl'emploi, du travail et des solidarit\u00e9s d'\u00cele-de-France,\naux agents\nde l'unit\u00e9 r\u00e9gionale (7 pages) Page 12\nIDF-2025-09-24-00003 - D\u00e9cision n\u00b0 2025-182 du 24 septembre\n2025\nPortant subd\u00e9l\u00e9gation de signature de Monsieur Fabrice MASI,\nDirecteur r\u00e9gional et interd\u00e9partemental de\nl'\u00c9conomie, de\nl'Emploi, du Travail et des Solidarit\u00e9s d'\u00cele-de-France (4 pages) Page 20\nMinist\u00e8re de la Justice / Cabinet de direction\nIDF-2025-09-29-00001 - Arr\u00eat\u00e9 portant subd\u00e9l\u00e9gation de la signature\ndu Directeur interr\u00e9gional de la protection judiciaire de la jeunesse Ile de\nFrance et Outre-Mer (10 pages) Page 25\nRectorat de la r\u00e9gion acad\u00e9mique d'Ile-de-France, rectorat de\nl'acad\u00e9mie de Paris /\nIDF-2025-09-17-00006 - Arr\u00eat\u00e9 n\u00b02025-124-RA portant\nsubd\u00e9l\u00e9gation de signature en mati\u00e8re de contr\u00f4le de l\u00e9galit\u00e9\ndes actes des \u00e9tablissements publics locaux d'enseignement rattach\u00e9s\n\u00e0 la r\u00e9gion d'Ile de France  (3 pages) Page 36\n2\nAssistance Publique-H\u00f4pitaux de Paris\nIDF-2025-09-18-00015\nArr\u00eat\u00e9 n\u00b0 2025-91 portant d\u00e9l\u00e9gation de\nsignature au titre de l'article R.6147-10 du code\nde la sant\u00e9 publique\n \nAssistance Publique-H\u00f4pitaux de Paris - IDF-2025-09-18-00015 - Arr\u00eat\u00e9 n\u00b0 2025-91 portant d\u00e9l\u00e9gation de signature au titre de l'article\nR.6147-10 du code de la sant\u00e9 publique\n \n3\n \n1/8 \n \nArr\u00eat\u00e9 de d\u00e9l\u00e9gation de signature \nau titre de l'article R.6147-10 du code de la sant\u00e9 publique \nArr\u00eat\u00e9 n\u00b0 2025-91 \n \nLa directrice  du groupe hospitalier H\u00f4pitaux Universitaires Paris Seine Saint -\nDenis, \nVu le code de la sant\u00e9 publique et notamment ses articles L.6143 -7, L.6147 -1, \nL.6147-6, R.6147-1, R. 6147-2, R. 6147-5, R. 6147-10 et R.6147-11 \nVu la loi n\u00b0 83-634 du 13 juillet 1983 portant droits et obligations des fonctionnaires, \nVu la loi n\u00b0 86 -33 du 9 janvier 1986 portant dispositions statutaires relatives \u00e0 la \nfonction publique hospitali\u00e8re, \nVu le d\u00e9cret du 4 juillet 2022 portant nomination du directeur g\u00e9n\u00e9ral de \nl'Assistance publique-h\u00f4pitaux de Paris, \nVu l'arr\u00eat\u00e9 directorial n\u00b0 20122114 -0001 du 1 er ao\u00fbt 2012 portant nouvelle \nd\u00e9nomination des groupes hospitaliers de l'AP-HP, \nVu l'arr\u00eat\u00e9 directorial n\u00b0 2019-030 du 3 juillet 2019 modifiant l'organisation interne \nde l'AP-HP, \nVu l'arr\u00eat\u00e9 du Centre National de Gestion nommant Mme B\u00e9n\u00e9dicte ISABEY dans \nl'emploi fonctionnel de directrice du Groupe Hospitalo -Universitaire Paris Seine -Saint-\nDenis \u00e0 l'Assistance Publique-H\u00f4pitaux de Paris, \u00e0 compter du 16 septembre 2024, \nVu l'arr\u00eat\u00e9 directorial n\u00b075 -2022-07-05-00014 du 5 juillet 2022 modifi\u00e9 fixant les \nmati\u00e8res d\u00e9l\u00e9gu\u00e9es par le directeur g\u00e9n\u00e9ral de l'AP -HP aux directeurs de groupes \nhospitalo-universitaires et aux directeurs des h\u00f4pitaux ne relevant p as d'un groupe \nhospitalo-universitaire, au directeur de l'HAD et \u00e0 certains directeurs de p\u00f4les d'int\u00e9r\u00eat \ncommun, \n \nA R R E T E \nARTICLE 1er : D\u00e9l\u00e9gation de signature est donn\u00e9e \u00e0  Mme Marie-C\u00e9cile PONCET , adjointe \u00e0 la \ndirectrice du Groupe Hospitalier et directrice de l'h\u00f4pital Avicenne, Mme Sonia BENMAHIDDINE, \nsecr\u00e9taire g\u00e9n\u00e9rale-directrice de projets, \u00e0 l'effet de signer en cas d'absence ou d'emp\u00eachement \nde Mme B\u00e9n\u00e9dicte ISABEY tous les actes relevant de la gestion du groupe hospitalier H\u00f4pitaux \nUniversitaires Paris Seine Saint -Denis, dans le champ d'attribution d\u00e9termin\u00e9 par l'arr\u00eat\u00e9 n\u00b075 -\n2022-07-05-00014 du 5 juillet 2022 susvis\u00e9. \n \n \nARTICLE 2 : D\u00e9l\u00e9gation de signature est donn\u00e9e , dans le champ de ses attributions , \u00e0 Mme \nMarie-C\u00e9cile PONCET , adjointe \u00e0 la directrice du Groupe Hospitalier et directrice de l'h\u00f4pital \nAvicenne, pour les mati\u00e8res \u00e9nonc\u00e9es aux paragraphes A, B, C, E, F, G et H de l'arr\u00eat\u00e9 n\u00b075-2022-\n07-05-00014 du 5 juillet 2022 susvis\u00e9. \nAssistance Publique-H\u00f4pitaux de Paris - IDF-2025-09-18-00015 - Arr\u00eat\u00e9 n\u00b0 2025-91 portant d\u00e9l\u00e9gation de signature au titre de l'article\nR.6147-10 du code de la sant\u00e9 publique\n \n4\n \n2/8 \nEn cas d'absence ou d'emp\u00eachement de Mme Marie -C\u00e9cile PONCET , d\u00e9l\u00e9gation est donn\u00e9e, \npour les mati\u00e8res \u00e9nonc\u00e9es aux paragraphes A, B, C, E, F , G et H dans le champ de ses \nattributions de l'arr\u00eat\u00e9 n\u00b075 -2022-07-05-00014 du 5 juillet 2022 susvis\u00e9, au cadre de direction \nd\u00e9sign\u00e9 pour assurer l'int\u00e9rim de l a direction de l'h\u00f4pital Avicenne, pendant ladite p\u00e9riode \nd'int\u00e9rim. \nD\u00e9l\u00e9gation de signature est donn\u00e9e, en cas d'absence ou d'emp\u00eachement de Mme Marie-C\u00e9cile \nPONCET, exclusivement pour les mati\u00e8res \u00e9nonc\u00e9es aux paragraphes E 5\u00b0 et pour les relations \navec la police et la justice ainsi qu'aux d\u00e9p\u00f4ts de plainte \u00e9nonc\u00e9s au paragraphe G 3\u00b0, pour \nl'h\u00f4pital Avicenne, \u00e0 : \n \n- M. Henri BOUSQUET, charg\u00e9 de mission, s\u00e9curit\u00e9 anti-malveillance \u00e0 l'h\u00f4pital Avicenne, \n- M. Laurent BOILLET, charg\u00e9 de mission, adjoint s\u00e9curit\u00e9 anti -malveillance \u00e0 l'h\u00f4pital \nAvicenne. \n \n \nARTICLE 3 : D\u00e9l\u00e9gation de signature est donn \u00e9e \u00e0 M. Vincent KINDT, directeur des ressources \nhumaines, \u00e0 l'effet de signer les actes et d\u00e9cisions , dans le champ de ses attributions , pour les \nmati\u00e8res \u00e9nonc\u00e9es aux paragraphes A, B , C, E, F , G, de l'arr\u00eat\u00e9 n\u00b075 -2022-07-05-00014 du 5 \njuillet 2022 susvis\u00e9. \nEn cas d'absence ou d'emp\u00eachement de M. Vincent KINDT , d\u00e9l\u00e9gation est donn\u00e9e , dans le \nchamp de ses attributions , \u00e0 M. Romain BOURRELIER , directeur adjoint des ressources \nhumaines, pour les mati\u00e8res \u00e9nonc\u00e9es aux paragraphes  A, B, C, E, F , G, de l'arr\u00eat\u00e9 n\u00b075 -2022-\n07-05-00014 du 5 juillet 2022 susvis\u00e9. \nEn cas d'absence ou d'emp\u00eachement de M. Vincent KINDT  et de M. Romain BOURRELIER , \nd\u00e9l\u00e9gation est donn\u00e9e pour l'ensemble des mati\u00e8res pour lesquelles eux -m\u00eames re\u00e7oivent \nd\u00e9l\u00e9gation, dans le champ de leurs attributions, \u00e0 : \n- M. Anis HAOUCHINE, adjoint aux directeurs des ressources humaines, \n- Mme Marie Flore DEGUE, responsable d\u00e9partement attractivit\u00e9, \n- Mme Nadia GUEMISE-FAREAU, adjointes des cadres hospitaliers, \n- Mme Hamel MEZIANE, responsable formation, \n- Mme Nadia ZEROUALI, adjointe des cadres hospitaliers. \n \n \nARTICLE 4 : D\u00e9l\u00e9gation de signature est donn\u00e9e \u00e0 Mme Clarisse BOQUET, directrice des affaires \nm\u00e9dicales, de la recherche et de la strat\u00e9gie, \u00e0 l'effet de signer les actes et d\u00e9cisions pour les \nmati\u00e8res \u00e9nonc\u00e9es aux paragraphes A, C, F, G, dans le champ de ses attribution s, de l'arr\u00eat\u00e9 n\u00b0 \n75-2022-07-05-00014 du 5 juillet 2022 susvis\u00e9. \n \nEn cas d'absence ou d'emp\u00eachement de Mme Clarisse BOQUET , d\u00e9l\u00e9gation est donn\u00e9e  \u00e0 M. \nNathan JUDAIS, directeur adjoint des affaires m\u00e9dicales, de la recherche et de la strat\u00e9gie, pour \nles mati\u00e8res \u00e9nonc\u00e9es aux paragraphes A, C, F, G, dans le champ de ses at tributions, de l'arr\u00eat\u00e9 \nn\u00b075-2022-07-05-00014 du 5 juillet 2022 susvis\u00e9. \n \nAssistance Publique-H\u00f4pitaux de Paris - IDF-2025-09-18-00015 - Arr\u00eat\u00e9 n\u00b0 2025-91 portant d\u00e9l\u00e9gation de signature au titre de l'article\nR.6147-10 du code de la sant\u00e9 publique\n \n5\n \n3/8 \nEn cas d'absence ou d'emp\u00eachement de Mme Clarisse BOQUET  et de M. Nathan JUDAIS , \nd\u00e9l\u00e9gation est donn\u00e9e pour  les mati\u00e8res \u00e9nonc\u00e9es aux paragraphes A, C 1\u00b0 \u00e0 3\u00b0 (contrats et \nconventions), C 1\u00b0 et 4\u00b0 (actes pris en qualit\u00e9 d'ordonnateur), F 1\u00b0, 2\u00b0 et 6\u00b0, 10\u00b0 \u00e0 28\u00b0, 30\u00b0 \u00e0 32\u00b0, 34\u00b0 \net 35\u00b0, G 4\u00b0, dans le champ de leurs attributions, \u00e0 : \n \n- M. Guillaume CARITA, responsable cellule recherche et innovation, \n- Mme Morgane HUREZ, responsable paie \u2013 gestion administrative affaires m\u00e9dicales, \n \n \nARTICLE 5 : D\u00e9l\u00e9gation de signature est donn\u00e9e \u00e0 M. Jean-Gabriel MASTRANGELO, directeur de \nl'H\u00f4pital Jean-Verdier et du projet Nouvel H\u00f4pital Jean -Verdier, \u00e0 l'effet de signer les actes et \nd\u00e9cisions, dans le champ de ses attributions, pour les mati\u00e8res \u00e9nonc\u00e9es aux paragraphes A, B, \nC, E, F, G et H, , de l'arr\u00eat\u00e9 n\u00b075-2022-07-05-00014 du 5 juillet 2022 susvis\u00e9. \n \nEn cas d'absence ou d'emp\u00eachement de M. Jean -Gabriel MASTRANGELO , d\u00e9l\u00e9gation est \ndonn\u00e9e, pour l'ensemble des mati\u00e8res pour lesquelles elle -m\u00eame re\u00e7oit d\u00e9l\u00e9gation, \u00e0  Mme \nSarah BENISTI, adjointe au directeur de l'h\u00f4pital Jean Verdier et du projet Nouvel H\u00f4pital Jean \nVerdier. \n \nEn cas d'absence ou d'emp\u00eachement de  M. Jean -Gabriel MASTRANGELO  et de Mme Sarah \nBENISTI, d\u00e9l\u00e9gation est donn\u00e9e, dans le champ de leurs attributions, pour les mati\u00e8res \u00e9nonc\u00e9es \naux paragraphes A, B, C, E, F, G et H, de l'arr\u00eat\u00e9 n\u00b075-2022-07-05-00014 du 5 juillet 2022 susvis\u00e9, \nau cadre de direction  d\u00e9sign\u00e9 pour assurer l'int\u00e9rim de la direction de l'h\u00f4pital Jean Verdier, \npendant ladite p\u00e9riode d'int\u00e9rim. \n \nEn cas d'absence ou d'emp\u00eachement de M. Jean -Gabriel MASTRANGELO  et de Mme Sarah \nBENISTI, d\u00e9l\u00e9gation est donn\u00e9e exclusivement pour les mati\u00e8res \u00e9nonc\u00e9es aux paragraphes E \n5\u00b0 et pour les relations avec la police et la justice ainsi qu'aux d\u00e9p\u00f4ts de plainte \u00e9nonc\u00e9s au \nparagraphe G 3\u00b0, pour l'h\u00f4pital Jean-Verdier, \u00e0 : \n \n- M. Bari ALLOUCHI, responsable de la s\u00e9curit\u00e9 anti-malveillance \u00e0 l'h\u00f4pital Jean Verdier, \n- M. Farid NABTI, adjoint au responsable de la s\u00e9curit\u00e9 anti -malveillance \u00e0 l'h\u00f4pital Jean \nVerdier. \n \n \nARTICLE 6 : D\u00e9l\u00e9gation de signature est donn \u00e9e \u00e0 M. Axel JULIEN, directeur des finances et du \ncontr\u00f4le de gestion, \u00e0 l'effet de signer les actes et d\u00e9cisions , dans le champ de ses attributions, \npour les mati\u00e8res \u00e9nonc\u00e9es au paragraphe C , E, F, G  de l'arr\u00eat\u00e9 n\u00b075 -2022-07-05-00014 du 5 \njuillet 2022 susvis\u00e9. \n \nEn cas d'abse nce ou d'emp\u00eachement de M. Axel JULIEN , d\u00e9l\u00e9gation est donn\u00e9e, pour \nl'ensemble des mati\u00e8res pour lesquelles lui -m\u00eame re\u00e7oit d\u00e9l\u00e9gation, \u00e0 Mme Am\u00e9lie CANTAT , \ndirectrice adjointe des finances et du contr\u00f4le de gestion. \nAssistance Publique-H\u00f4pitaux de Paris - IDF-2025-09-18-00015 - Arr\u00eat\u00e9 n\u00b0 2025-91 portant d\u00e9l\u00e9gation de signature au titre de l'article\nR.6147-10 du code de la sant\u00e9 publique\n \n6\n \n4/8 \n \nEn cas d'absence ou d'emp\u00eachement de M. Axel JULIEN et de Mme Am\u00e9lie CANTAT, d\u00e9l\u00e9gation \nest donn\u00e9e pour l'ensemble des mati\u00e8res pour lesquelles lui-m\u00eame re\u00e7oit d\u00e9l\u00e9gation \u00e0 : \n \n - M. J\u00e9r\u00f4me VANTORHOUDT, charg\u00e9 de mission, \n- Mme Rachida OUKHERFELLAH, charg\u00e9e de mission. \n \nEn cas d'absence ou d'em p\u00eachement de M. Axel JULIEN , Mme Am\u00e9lie CANTAT,  Mme Rachida \nOUKHERFELLAH, et M. J\u00e9r\u00f4me VANTORHOUDT , d\u00e9l\u00e9gation est donn\u00e9e, pour les mati\u00e8res \n\u00e9nonc\u00e9es au paragraphe G 2\u00b0, et pour les formalit\u00e9s relatives aux pr\u00e9l\u00e8vements d'organes et aux \nd\u00e9c\u00e8s \u00e9nonc\u00e9es au paragraphe G 3\u00b0, \u00e0 : \n \n- Mme A\u00efni LAOUDI, adjointe administrative, \n- Mme Monique JANDIA, adjointe des cadres hospitaliers, \n- Mme Joana RODRIGUES, adjointe des cadres hospitaliers, \n- Mme Lovely PAUL, charg\u00e9e de mission, \n- Mme Jamila KADDOUR, adjointe des cadres hospitaliers. \n \n \nARTICLE 7 : D\u00e9l\u00e9gation de signature est donn\u00e9e \u00e0 M. Jacques SULBERT, ing\u00e9nieur charg\u00e9 des \ninvestissements et de la maintenance, \u00e0 l'effet de signer les actes et d\u00e9cisions , dans le champ \nde ses attributions, pour les mati\u00e8res \u00e9nonc\u00e9es au paragraphe C et G, de l'arr\u00eat\u00e9 n\u00b075-2022-07-\n05-00014 du 5 juillet 2022 susvis\u00e9. \n \nEn cas d'absence ou d'emp\u00eachement de M. Jacques SULBERT , d\u00e9l\u00e9gation est donn\u00e9e, pour \nl'ensemble des mati\u00e8res pour lesquelles lui-m\u00eame re\u00e7oit d\u00e9l\u00e9gation, \u00e0 : \n \n- M. Boubacar DIAKITE, ing\u00e9nieur hospitalier. \n \n \nARTICLE 8 : D \u00e9l\u00e9gation de signature est donn \u00e9e \u00e0 M. J\u00e9r\u00e9my LECLERT , charg\u00e9 de mission, \ndirecteur du syst\u00e8me d'information, \u00e0 l'effet de signer les actes et d\u00e9cisions , dans le champ de \nses attributions, pour les mati\u00e8res \u00e9nonc\u00e9es aux paragraphes C , D, G, de l'arr\u00eat\u00e9 n\u00b075-2022-07-\n05-00014 du 5 juillet 2022 susvis\u00e9. \n \nEn cas d'absence ou d'emp\u00eachement de M. J\u00e9r\u00e9my LECLERT , d\u00e9l\u00e9gation est donn\u00e9e, pour \nl'ensemble des mati\u00e8res pour lesquelles lui-m\u00eame re\u00e7oit d\u00e9l\u00e9gation, \u00e0  M. Ahc\u00e8ne KALI, charg\u00e9 \nde mission.  \n \n \n \nAssistance Publique-H\u00f4pitaux de Paris - IDF-2025-09-18-00015 - Arr\u00eat\u00e9 n\u00b0 2025-91 portant d\u00e9l\u00e9gation de signature au titre de l'article\nR.6147-10 du code de la sant\u00e9 publique\n \n7\n \n5/8 \nARTICLE 9 : D\u00e9l\u00e9gation de signature est donn\u00e9e \u00e0 M. Adrien PINTE, directeur des achats, de la \nlogistique et du d\u00e9veloppement durable, \u00e0 l'effet de signer les actes et d\u00e9cisions, dans le champ \nde ses attributions, pour les mati\u00e8res \u00e9nonc\u00e9es aux paragraphes C et G, de l'arr\u00eat\u00e9 n\u00b075-2022-\n07-05-00014 du 5 juillet 2022 susvis\u00e9. \n \nEn cas d'absence ou d'emp\u00eachement de M. Adrien PINTE , d\u00e9l\u00e9gation est donn\u00e9e, pour \nl'ensemble des mati\u00e8res pour lesquelles lui -m\u00eame re\u00e7oit d\u00e9l\u00e9gation, \u00e0 Mme St\u00e9phanie \nMARTINEZ, adjointe au directeur des achats, de la logistique et du d\u00e9veloppement durable.  \n \nEn cas d'absence ou d'emp\u00eachement de  M. Adrien PINT E et de Mme St\u00e9phanie MARTINEZ , \nd\u00e9l\u00e9gation est donn\u00e9e, pour l'ensemble des mati\u00e8res \u00e9nonc\u00e9es aux paragraphes C 1\u00b0 et 9\u00b0 (actes \npris en qualit\u00e9 d'ordonnateur) et G 4\u00b0 (dans le champ de leurs attributions) de l'arr\u00eat\u00e9 n\u00b075-2022-\n07-05-00014 du 5 juillet 2022 susvis\u00e9, \u00e0 : \n \n- M. Reda GAOUA, ing\u00e9nieur logistique, \n- Mme Delphine LEVON, ing\u00e9nieure hospitalier principal. \n- M. Rafael MARTIN, responsable des magasins, \n- Mme Le\u00efla SEFIANE, adjointe au responsable des achats. \n \n \nARTICLE 10 : D\u00e9l\u00e9gation de signature est donn\u00e9e \u00e0 Mme Ga\u00efa GANS, directrice de la qualit\u00e9, de \nla gestion des risques et de l'exp\u00e9rience patients, \u00e0 l'effet de signer les actes et d\u00e9cisions, dans \nle champ de ses attributions, pour les mati\u00e8res \u00e9nonc\u00e9es aux paragraphes  G et H, de l'arr\u00eat\u00e9 \nn\u00b075-2022-07-05-00014 du 5 juillet 2022 susvis\u00e9, ainsi que les d\u00e9cisions relatives au r\u00e8glement \namiable pr\u00e9vues au paragraphe E1\u00b0 se rattachant aux droits des patients.  \n \nEn cas d'absence ou d'emp\u00eachement de Mme Ga\u00efa GANS,  d\u00e9l\u00e9gation est donn\u00e9e, pour \nl'ensemble des mati\u00e8res pour lesquelles elle -m\u00eame re\u00e7oit d\u00e9l\u00e9gation, \u00e0 Mme Edith SAKPA  et \nMme Nad\u00e8ge GUIRAUD,  adjointes \u00e0 la directrice de la qualit\u00e9,  respectivement sur le volet \nqualit\u00e9, gestion des risques et sur le volet exp\u00e9rience patients. \n  \nEn cas d'absence ou d'emp\u00eachement de Mme Ga\u00efa GANS  et de Mme Edith SAKPA  et Mme \nNad\u00e8ge GUIRAUD, d\u00e9l\u00e9gation est donn\u00e9e , exclusivement pour les relations avec la police et la \njustice ou les formalit\u00e9s relatives aux d\u00e9c\u00e8s \u00e9nonc\u00e9es au paragraphe G 3\u00b0, ainsi que les d\u00e9cisions \nrelatives au r\u00e8glement amiable pr\u00e9vues au paragraphe E1\u00b0 se rattachant aux droits des patients, \n\u00e0 : \n  \n-        Mme Zahra AYACHE, charg\u00e9e des relations avec les usagers de l'h\u00f4pital Jean Verdier,  \n-        Mme Karen BOUDAU D, cadre socio -\u00e9ducatif, s'agissant exclusivement des formalit\u00e9s \nrelatives aux d\u00e9c\u00e8s, \n-        Mme Clara CTORZA, charg\u00e9e des relations avec les usagers et les associations de l'h\u00f4pital \nAvicenne, \nAssistance Publique-H\u00f4pitaux de Paris - IDF-2025-09-18-00015 - Arr\u00eat\u00e9 n\u00b0 2025-91 portant d\u00e9l\u00e9gation de signature au titre de l'article\nR.6147-10 du code de la sant\u00e9 publique\n \n8\n \n6/8 \n-        Mme Lovely PAUL, charg\u00e9e des relations avec les usagers et les associations de l'h\u00f4pital \nRen\u00e9-Muret. \n \n \nARTICLE 11 : D\u00e9l\u00e9gation de signature est donn\u00e9e \u00e0 M. Ahmed EL DJERBI , directeur de l'h\u00f4pital \nRen\u00e9-Muret, directeur des affaires g\u00e9n\u00e9rales du Groupe Hospitalier, pour les mati\u00e8res \nsuivantes : \nA \u2013 Au titre de la direction du site Ren\u00e9 Muret, d\u00e9l\u00e9gation \u00e0 l'effet de signer les actes et d\u00e9cisions, \ndans le champ de ses attribution s, pour les mati\u00e8res \u00e9nonc\u00e9es aux paragraphes A, B , C, E, F, G, \nH de l'arr\u00eat\u00e9 n\u00b075-2022-07-05-00014 du 5 juillet 2022 susvis\u00e9. \n \nB \u2013 Au titre des affaires g\u00e9n\u00e9rales, d\u00e9l\u00e9gation \u00e0 l'effet de signer les actes et d\u00e9cisions , dans le \nchamp de ses attributions, pour les mati\u00e8res \u00e9nonc\u00e9es aux paragraphes E et G, de l'arr\u00eat\u00e9 n\u00b075-\n2022-07-05-00014 du 5 juillet 2022 susvis\u00e9. \n \nEn cas d'absence ou d'emp\u00eachement de M. Ahmed EL DJERBI , d\u00e9l\u00e9gation est donn\u00e9e, dans le \nchamp de ses attributions , pour les mati\u00e8res \u00e9nonc\u00e9es aux paragraphes A, B , C, E, F, G, H  de \nl'arr\u00eat\u00e9 n\u00b075 -2022-07-05-00014 du 5 juillet 2022 susvis\u00e9, au cadre de direction d \u00e9sign\u00e9 pour \nassurer l'int\u00e9rim de la direction de l'h\u00f4pital Ren\u00e9-Muret, pendant ladite p\u00e9riode d'int\u00e9rim. \nEn cas d'absence ou d'emp\u00eachement de M. Ahmed EL DJERBI, d\u00e9l\u00e9gation est donn\u00e9e, pour les \nd\u00e9cisions de permissions temporaires de sortie des malades \u00e0 Mme D\u00e9borah CARLE, assistante \nm\u00e9dico-administrative. \n \nEn cas d'absence ou d'emp\u00eachement de M. Ahmed EL DJERBI , d\u00e9l\u00e9gation est donn\u00e9e \nexclusivement pour les mati\u00e8res \u00e9nonc\u00e9es aux paragraphes E 5\u00b0 et pour les relations avec la \npolice et la justice ainsi qu'au x d\u00e9p\u00f4ts de plainte \u00e9nonc\u00e9s au paragraphe G 3\u00b0, pour l'h\u00f4pital \nRen\u00e9-Muret, \u00e0 : \n \n- M. Eku\u00e9 EKUE -HETTAH, responsable de la s\u00e9curit\u00e9 anti -malveillance \u00e0 l'h\u00f4pital Ren\u00e9 \nMuret, \n- M. Antonio DA SILVA, adjoint au responsable s\u00e9curit\u00e9 anti-malveillance \u00e0 l'h\u00f4pital Ren\u00e9 \nMuret. \n \n \nARTICLE 1 2 : D \u00e9l\u00e9gation de signature est donn \u00e9e \u00e0 Mme Alexandra ANDRO -MELIN, \ncoordinatrice g\u00e9n\u00e9rale des soins, \u00e0 l'effet de signer les actes et d\u00e9cisions , dans le champ de ses \nattributions, pour les mati\u00e8res \u00e9nonc\u00e9es aux paragraphes B 4\u00b0 et G 4\u00b0, de l'arr\u00eat\u00e9 n\u00b075-2022-07-\n05-00014 du 5 juillet 2022 susvis\u00e9. \nEn cas d'absence ou d'emp\u00eachement de Mme Alexandra ANDRO -MELIN, d\u00e9l\u00e9gation est \ndonn\u00e9e, pour l'ensemble des mati\u00e8res pour lesquelles elle-m\u00eame re\u00e7oit d\u00e9l\u00e9gation, \u00e0 Mme Anne \nKLEISS, adjointe \u00e0 la coordinatrice g\u00e9n\u00e9rale des soins. \n \n \n \nAssistance Publique-H\u00f4pitaux de Paris - IDF-2025-09-18-00015 - Arr\u00eat\u00e9 n\u00b0 2025-91 portant d\u00e9l\u00e9gation de signature au titre de l'article\nR.6147-10 du code de la sant\u00e9 publique\n \n9\n \n7/8 \nARTICLE 13 : D\u00e9l\u00e9gation de signature est donn\u00e9e \u00e0 M. Arnaud FEVRIER, directeur des op\u00e9rations, \ndu parcours patients et des relations Ville-H\u00f4pital, \u00e0 l'effet de signer les actes et d\u00e9cisions pour \nles mati\u00e8res \u00e9nonc\u00e9es au paragraphe G 4\u00b0 (dans le champ de ses attributions) de l'arr\u00eat\u00e9 n\u00b075 -\n2022-07-05-00014 du 5 juillet 2022 susvis\u00e9. \nEn cas d'absence ou d'emp\u00eachement de  M. Arnaud FEVRIER , d\u00e9l\u00e9gation est donn\u00e9e \nexclusivement pour les mati\u00e8res \u00e9nonc\u00e9es au paragraphe G 4 \u00b0 (dans le champ de ses \nattributions) de l'arr\u00eat\u00e9 n\u00b075 -2022-07-05-00014 du 5 juillet 2022 susvis\u00e9 \u00e0 Mme Rakia SALLAH, \nadjointe au directeur des op\u00e9rations, du parcours patients et des relations Ville-H\u00f4pital. \n \n \nARTICLE 1 4 : Conform \u00e9ment \u00e0 l'article 3 de l 'arr\u00eat\u00e9 n\u00b075-2022-07-05-00014 du 5 juillet 2022 \nsusvis\u00e9, d\u00e9l\u00e9gation de signature est donn\u00e9e pour les mati\u00e8res \u00e9num\u00e9r\u00e9es aux paragraphes A \u00e0 \nJ, dans le cadre du service de garde administrative et exclusivement en cas d'urgence ou de \nn\u00e9cessit\u00e9, \u00e0 : \n- L'ensemble des b\u00e9n\u00e9ficiaires d'une d\u00e9l\u00e9gation de signature identifi\u00e9s aux articles pr\u00e9c\u00e9dents \ndu pr \u00e9sent arr\u00eat\u00e9, \u00e0 l'exception de  M. Bari ALLOUCHI, Mme Zahra AYACHE, M. Laurent \nBOILLET, M. Henri BOUSQUET, M. Guillaume CARITA, Mme D\u00e9borah CARLE, Mme Clara \nCTORZA, M. Antonio DA SILVA, Mme Marie Flore DEGUE, M. Boubaca r DIAKITE, M. Eku\u00e9 \nEKUE-HETTAH, M. Reda GAOUA, Mme Nadia GUEMISE -FAREAU, Mme Nad\u00e8ge GUIRAUD , \nMme Morgane HUREZ, Mme Monique JANDIA, Mme A\u00efni LAOUDI, Mme Delphine LEVON, M. \nRafael MARTI N, Mme Hamel MEZIANE, M. Farid NABTI , Mme Edith SAKPA, Mme Le\u00efla \nSEFIANE, M. Jacques SULBERT. \n- Mme Marie AUDUBERT -QUENOT, directrice du d\u00e9partement sant\u00e9, qualit\u00e9 de vie et des \nconditions de travail, \u00e0 la DRH de l'AP-HP, \n- Mme Nadia BENGAS, cadre sup\u00e9rieure de sant\u00e9, \n- M. Bernard BOCQUILLON, directeur d'h\u00f4pital , Direction \u00e9conomique, financi\u00e8re, de \nl'investissement et du patrimoine de l'AP-HP, \n- Mme Karen BOUDAUD, cadre socio-\u00e9ducatif, \n- Mme Nadia BOULHAROUF, cheffe du d\u00e9partement de gestion des directeurs de la fonction \npublique hospitali\u00e8re Centre national de gestion des praticiens hospitaliers et des personnels \nde direction de la fonction publique hospitali\u00e8re, \n- Mme Catherine DE MICHIELI, cadre de sant\u00e9, \n- M. Pascal DE WILDE, directeur d'h\u00f4pital, \u00e0 la Direction g\u00e9n\u00e9rale de l'AP-HP,  \n- Mme Christine DUFEAL, adjointe des cadres hospitaliers, \n- Mme Annick DUPIN , directrice d'h\u00f4pital, Responsable du domaine Logistique au \nd\u00e9partement gestion \u00e0 la direction des Syst\u00e8mes d'Information du Site Picpus et de l'h\u00f4pital \nRothschild, \n- Mme Fran\u00e7oise GAILLARD, attach\u00e9e d'administration hospitali\u00e8re, \n- M. Julien GALLAUD, directeur du d\u00e9partement du statut et de la r\u00e9mun\u00e9ration, Direction des \naffaires m\u00e9dicales de l'AP-HP, \n- M. Anis HAOUCHINE, adjoint aux directeurs des ressources humaines, \n- Mme Jamila KADDOUR, adjointe des cadres hospitaliers, \n- M. Ahc\u00e8ne KALI, charg\u00e9 de mission, \nAssistance Publique-H\u00f4pitaux de Paris - IDF-2025-09-18-00015 - Arr\u00eat\u00e9 n\u00b0 2025-91 portant d\u00e9l\u00e9gation de signature au titre de l'article\nR.6147-10 du code de la sant\u00e9 publique\n \n10\n \n8/8 \n- Mme Hayette LE BRUCHEC, cadre sup\u00e9rieure de sant\u00e9, \n- Mme Aude LOILIER, responsable des relations ville-h\u00f4pital, \n- Mme St\u00e9phanie MARTINEZ, charg\u00e9e de mission, \n- M. Fabien MIGNOT, cadre expert en soins, \n- Mme S\u00e9verine OUADAH, cadre socio-\u00e9ducatif, \n- Mme Rachida OUKHERFELLAH, charg\u00e9e de mission, \n- Mme Lovely PAUL, charg\u00e9e de mission, \n- M. Pascal PINGEON, ing\u00e9nieur biom\u00e9dical, \n- Mme Joana RODRIGUES, charg\u00e9e de mission, \n- Mme Rakia SALLAH , adjointe au directeur des op\u00e9rations, du parcours patients et des \nrelations Ville-H\u00f4pital, \n- Mme Laure TEPENIER, cadre sup\u00e9rieure de sant\u00e9, \n- Mme Evelyne TRILLARD, adjointe des cadres hospitaliers, \n- M. J\u00e9r\u00f4me VANTORHOUDT, charg\u00e9 de mission, \n- Mme Laure WALLON, directrice du p\u00f4le Ressources humaines en sant\u00e9 au sein de la Direction \nde l'offre de soins de l'ARS IDF, \n- Mme Nadia ZEROUALI, adjointe des cadres hospitaliers. \n \n \nARTICLE 15 : L'arr\u00eat\u00e9 n\u00b0 2025-56 du 20 mars 2025 portant d\u00e9l\u00e9gation de signature de la directrice \ndu groupe hospitalier H\u00f4pitaux Universitaires Paris-Seine Saint-Denis est abrog\u00e9. \n \n \nARTICLE 16 : Le pr\u00e9sent arr\u00eat\u00e9 qui sera publi\u00e9 au recueil des actes administratifs de la pr\u00e9fecture \nde la r\u00e9gion d'Ile de France, pr\u00e9fecture de Paris et de la Pr\u00e9fecture de police de Paris peut faire \nl'objet d'un recours devant le Tribunal administratif de Montreuil, dans un d\u00e9lai de deux mois \u00e0 \ncompter du jour de sa publication. \n \n \nFait \u00e0 Bobigny, le 18 septembre 2025 \n \n \n La Directrice du Groupe Hospitalier \n H\u00f4pitaux Universitaires Paris Seine Saint-Denis, \n  \n B\u00e9n\u00e9dicte ISABEY \nAssistance Publique-H\u00f4pitaux de Paris - IDF-2025-09-18-00015 - Arr\u00eat\u00e9 n\u00b0 2025-91 portant d\u00e9l\u00e9gation de signature au titre de l'article\nR.6147-10 du code de la sant\u00e9 publique\n \n11\nDirection r\u00e9gionale et interd\u00e9partementale de\nl'\u00e9conomie, de l'emploi, du travail et des\nsolidarit\u00e9s d'\u00cele-de-France\nIDF-2025-09-26-00007\nD\u00e9cision n\u00b0 2025- 184 du 26 septembre 2025\nPortant subd\u00e9l\u00e9gation de signature de Monsieur\nFabrice Masi, directeur r\u00e9gional et\ninterd\u00e9partemental de l'\u00e9conomie, de l'emploi,\ndu travail et des solidarit\u00e9s d'\u00cele-de-France,\naux agents de l'unit\u00e9 r\u00e9gionale\nDirection r\u00e9gionale et interd\u00e9partementale de l'\u00e9conomie, de l'emploi, du travail et des solidarit\u00e9s d'\u00cele-de-France -\nIDF-2025-09-26-00007 - D\u00e9cision n\u00b0 2025- 184 du 26 septembre 2025\nPortant subd\u00e9l\u00e9gation de signature de Monsieur Fabrice Masi, directeur r\u00e9gional et\ninterd\u00e9partemental de l'\u00e9conomie, de l'emploi, du travail et des solidarit\u00e9s d'\u00cele-de-France,\naux agents de l'unit\u00e9 r\u00e9gionale\n12\n \nDRIEETS Ile de France  \n21 rue Madeleine Vionnet  \n93 300 AUBERVILLIERS \n \n \n \n \n \n \n \n \n \n \n \n \nDirection r\u00e9gionale et interd\u00e9partementale \nde l'\u00e9conomie, de l'emploi, \ndu travail et des solidarit\u00e9s  \n \n \n             \nD\u00c9CISION n\u00b0 2025- 184 du 26 septembre 2025 \n \nPortant subd\u00e9l\u00e9gation de signature de Monsieur Fabrice Masi, directeur r\u00e9gional et \ninterd\u00e9partemental de l'\u00e9conomie, de l'emploi, du travail et des solidarit\u00e9s d'\u00cele -de-France, \naux agents de l'unit\u00e9 r\u00e9gionale \n \n \nVu le code du commerce ;  \n \nVu le code de la consommation ; \n \nVu le code de la sant\u00e9 publique ; \n \nVu le code du tourisme ; \n \nVu le code du travail ; \n \nVu la loi n\u00b0 82 -213 du 2 mars 1982 relative aux droits et libert\u00e9s des communes, des \nd\u00e9partements et des r\u00e9gions, modifi\u00e9e ; \n \nVu la loi d'orientation n\u00b0 92 -125 du 6 f\u00e9vrier 1992 modifi\u00e9e relative \u00e0 l'administration \nterritoriale de la R\u00e9publique, notamment ses articles 4 et 6 ;  \n \nVu le d\u00e9cret n\u00b0 97 -34 du 15 janvier 1997 relatif \u00e0 la d\u00e9concentration des d\u00e9cisions \nadministratives individuelles ;  \n \nVu le d\u00e9cret n\u00b02001-387 du 3 mai 2001 relatif au contr\u00f4le des instruments de mesure ;  \n \nDirection r\u00e9gionale et interd\u00e9partementale de l'\u00e9conomie, de l'emploi, du travail et des solidarit\u00e9s d'\u00cele-de-France -\nIDF-2025-09-26-00007 - D\u00e9cision n\u00b0 2025- 184 du 26 septembre 2025\nPortant subd\u00e9l\u00e9gation de signature de Monsieur Fabrice Masi, directeur r\u00e9gional et\ninterd\u00e9partemental de l'\u00e9conomie, de l'emploi, du travail et des solidarit\u00e9s d'\u00cele-de-France,\naux agents de l'unit\u00e9 r\u00e9gionale\n13\n2 / 7 \nVu le d\u00e9cret n\u00b0 2004 -374 du 29 avril 2004 modifi\u00e9 relatif aux pouvoirs des pr\u00e9fets, \u00e0 \nl'organisation et \u00e0 l'action des services de l'\u00c9tat dans les r\u00e9gions et d\u00e9partements ; \n \nVu le d\u00e9cret n\u00b0 2009-360 du 31 mars 2009 relatif aux emplois de direction de l'administration \nterritoriale de l'\u00c9tat ; \n \nVu le d\u00e9cret n\u00b02010-146 du 16 f\u00e9vrier 2010 modifiant le d\u00e9cret n\u00b0 2004 -374 du 29 avril 2004 \nrelatif aux pouvoirs des pr\u00e9fets, \u00e0 l'organisation et \u00e0 l'action des services de l' \u00c9tat dans les \nr\u00e9gions et d\u00e9partements ; \n \nVu le d\u00e9cret n\u00b0 2010-687 du 24 juin 2010 relatif \u00e0 l'organisation et \u00e0 l'action des services de \nl'\u00e9tat dans la r\u00e9gion et les d\u00e9partements d'Ile de France ; \n \nVu le d\u00e9cret n\u00b02015 -1689 du 17 d\u00e9cembre 2015 portant diverses mesures d'organisation et \nde fonctionnement dans les r\u00e9gions de l'administration territoriale de l' \u00c9tat et de \ncommissions administratives ; \n \nVu le d\u00e9cret n\u00b0 2020 -1545 du 9 d\u00e9cembre 2020 relatif \u00e0 l'organisation et aux missions des \ndirections r\u00e9gionales de l'\u00e9conomie, de l'emploi, du travail et des solidarit\u00e9s, des directions \nd\u00e9partementales de l'emploi, du travail et des solidarit\u00e9s et des directions d\u00e9partementales \nde l'emploi, du travail, des solidarit\u00e9s et de la protection des populations ;  \n \nVu le d\u00e9cret du 22 juillet 2020 portant nomination de Monsieur Marc GUILLAUME en qualit\u00e9 \nde pr\u00e9fet de la r\u00e9gion d'Ile-de-France, pr\u00e9fet de Paris ; \n \nVu le d\u00e9cret du 6 septembre 2023 portant nomination de Monsieur Pierre ORY en qualit\u00e9 \nde pr\u00e9fet de Seine-et-Marne ; \n \nVu le d\u00e9cret du 7 f\u00e9vrier 2024 portant nomination de Monsieur Fr\u00e9d\u00e9ric ROSE en qualit\u00e9 de \npr\u00e9fet des Yvelines ; \n \nVu le d\u00e9cret du 27 ao\u00fbt 2025  portant nomination de Madame Fabienne BALUSSOU  en \nqualit\u00e9 de pr\u00e9f\u00e8te de l'Essonne ; \n \nVu le d\u00e9cret du 31 octobre 2024  portant nomination de Monsieur Alexandre BRUG\u00c8RE en \nqualit\u00e9 de pr\u00e9fet des Hauts-de-Seine ; \n \nVu le d\u00e9cret du 6 novembre 2024 portant nomination de  Monsieur Julien CHARLES en \nqualit\u00e9 de pr\u00e9fet de la Seine-Saint-Denis ; \n \nVu le d\u00e9cret du 6 novembre 2024 portant nomination de Monsieur \u00c9tienne STOSKOPF en \nqualit\u00e9 de pr\u00e9fet du Val-de-Marne ; \n \nVu le d\u00e9cret du 9 mars 2022 portant nomination de Monsieur Philippe COURT en qualit\u00e9 de \npr\u00e9fet du Val-d'Oise ; \n \nVu l'arr\u00eat\u00e9 interminist\u00e9riel du 28 f\u00e9vrier 2025 reconduisant Madame Murielle LIZZI directeur \nr\u00e9gional et interd\u00e9partemental adjoint  de l'\u00e9conomie, de l'emploi, du  travail et des \nsolidarit\u00e9s d'\u00cele -de-France, charg\u00e9  des fonctions de responsable du p\u00f4le concurrence \nconsommation r\u00e9pression des fraudes et m\u00e9trologie ;  \n \nVu l'arr\u00eat\u00e9 interminist\u00e9riel du 6 f\u00e9vrier 2023 nommant Monsieur Marc ROHFRITSCH \ndirecteur r\u00e9gional et interd\u00e9partemental adjoint de l'\u00e9conomie, de l'emploi, du travail et \ndes solidarit\u00e9s d'\u00cele -de-France, charg\u00e9 des fonctions de responsable du p\u00f4le entrepri ses, \nemploi et solidarit\u00e9s ; \n \nVu l'arr\u00eat\u00e9 interminist\u00e9riel du 24 mai 2023 nommant Monsieur Alexandre MARTINET \ndirecteur r\u00e9gional et interd\u00e9partemental adjoint de l'\u00e9conomie, de l'emploi, du travail et \ndes solidarit\u00e9s d'\u00cele-de-France, charg\u00e9 des fonctions de directeur r\u00e9gional d\u00e9l\u00e9gu\u00e9 ; \n \nDirection r\u00e9gionale et interd\u00e9partementale de l'\u00e9conomie, de l'emploi, du travail et des solidarit\u00e9s d'\u00cele-de-France -\nIDF-2025-09-26-00007 - D\u00e9cision n\u00b0 2025- 184 du 26 septembre 2025\nPortant subd\u00e9l\u00e9gation de signature de Monsieur Fabrice Masi, directeur r\u00e9gional et\ninterd\u00e9partemental de l'\u00e9conomie, de l'emploi, du travail et des solidarit\u00e9s d'\u00cele-de-France,\naux agents de l'unit\u00e9 r\u00e9gionale\n14\n3 / 7 \nVu l'arr\u00eat\u00e9 interminist\u00e9riel du 29 ao\u00fbt 2023  nommant Monsieur Erwan SAMYN  directeur \nr\u00e9gional et interd\u00e9partemental adjoint de l'\u00e9conomie, de l'emploi, du travail et des \nsolidarit\u00e9s d'\u00cele -de-France, charg\u00e9 des fonctions d'adjoint au responsable du p\u00f4le \nentreprises, emploi et solidarit\u00e9s ; \n \nVu l'arr\u00eat\u00e9 interminist\u00e9riel du 14 f\u00e9vrier 2025 nommant  Monsieur Jean-Fran\u00e7ois DALVAI \ndirecteur r\u00e9gional et interd\u00e9partemental adjoint de l'\u00e9conomie, de l'emploi, du travail et \ndes solidarit\u00e9s d'\u00cele -de-France, charg\u00e9 des fonctions de responsable du p\u00f4le politique du \ntravail ; \n \nVu l'arr\u00eat\u00e9 interminist\u00e9riel du 12 ao\u00fbt  2025 nommant Fabrice MASI  directeur r\u00e9gional et \ninterd\u00e9partemental de l'\u00e9conomie, de l'emploi, du travail et des solidarit\u00e9s d'\u00cele -de-France \u00e0 \ncompter du 25 ao\u00fbt 2025, \n \nVu l'arr\u00eat\u00e9 pr\u00e9fectoral n\u00b0 75-2025-08-27-00005 du 27 ao\u00fbt 2025 par lequel le pr\u00e9fet de Paris \nd\u00e9l\u00e8gue sa signature Fabrice MASI, directeur r\u00e9gional et interd\u00e9partemental de l'\u00e9conomie, \nde l'emploi, du travail et des solidarit\u00e9s d'\u00cele-de-France ; \n \nVu l'arr\u00eat\u00e9 pr\u00e9fectoral n\u00b025/BC/070 du 27 ao\u00fbt 2025 par lequel le pr\u00e9fet de Seine-et-Marne \nd\u00e9l\u00e8gue sa signature \u00e0 Fabrice MASI , directeur r\u00e9gional et interd\u00e9partemental de \nl'\u00e9conomie, de l'emploi, du travail et des solidarit\u00e9s d'\u00cele-de-France ; \n \nVu l'arr\u00eat\u00e9 pr\u00e9fectoral n\u00b0 78-2025-08-25-00001 du 25 ao\u00fbt 2025 par lequel le Pr\u00e9fet des \nYvelines d\u00e9l\u00e8gue sa signature \u00e0 Monsieur Fabrice MASI , directeur r\u00e9gional et \ninterd\u00e9partemental de l'\u00e9conomie, de l'emploi, du travail et des solidarit\u00e9s d'\u00cele-de-France ; \n \nVu l'arr\u00eat\u00e9 pr\u00e9fectoral n\u00b02025-PREF-DCPPAT-BCA-325 du 22 septembre 2025 par lequel l a \npr\u00e9f\u00e8te de l'Essonne d\u00e9l\u00e8gue sa signature \u00e0 Fabrice MASI , directeur r\u00e9gional et \ninterd\u00e9partemental de l'\u00e9conomie, de l'emploi, du travail et des solidarit\u00e9s d'\u00cele-de-France ; \n \nVu l'arr\u00eat\u00e9 pr\u00e9fectoral n\u00b0 2025-33 du 22 ao\u00fbt 2025 par lequel le pr\u00e9fet des Hauts-de-Seine \nd\u00e9l\u00e8gue sa signature \u00e0 Fabrice MASI , directeur r\u00e9gional et interd\u00e9partemental de \nl'\u00e9conomie, de l'emploi, du travail et des solidarit\u00e9s d'\u00cele-de-France ; \n \nVu l'arr\u00eat\u00e9 pr\u00e9fectoral n\u00b0 2025-3388 du 29 ao\u00fbt 2025 par lequel le pr\u00e9fet de la Seine-Saint-\nDenis, d\u00e9l\u00e8gue sa signature \u00e0 Fabrice MASI , directeur r\u00e9gional et interd\u00e9partemental de \nl'\u00e9conomie, de l'emploi, du travail et des solidarit\u00e9s d'\u00cele-de-France ; \n \nVu l'arr\u00eat\u00e9 pr\u00e9fectoral n\u00b0 2025/03344 du 25 ao\u00fbt 2025 par lequel le pr\u00e9fet du Val-de-Marne \nd\u00e9l\u00e8gue sa signature \u00e0 Fabrice MASI , directeur r\u00e9gional et interd\u00e9partemental de \nl'\u00e9conomie, de l'emploi, du travail et des solidarit\u00e9s d'\u00cele-de-France ; \n \nVu l'arr\u00eat\u00e9 pr\u00e9fectoral n\u00b0 25-057 du 19 ao\u00fbt 2025 par lequel le Pr\u00e9fet du Val-d'Oise d\u00e9l\u00e8gue \nsa signature \u00e0 Monsieur Fabrice MASI , directeur r\u00e9gional et interd\u00e9partemental de \nl'\u00e9conomie, de l'emploi, du travail et des solidarit\u00e9s d'\u00cele-de-France ; \n \n \nD\u00e9cide \n \n \nArticle 1er \n \nSubd\u00e9l\u00e9gation de signature est donn\u00e9e \u00e0 Jean-Fran\u00e7ois DALVAI, responsable du P\u00f4le Politique du \ntravail, \u00e0 effet de signer, les d\u00e9cisions, actes administratifs et correspondances relatives aux \nd\u00e9rogations au repos dominical dont l'attribution a \u00e9t\u00e9 confi\u00e9e \u00e0 Fabrice MASI, directeur r\u00e9gional \net interd\u00e9partemental de l'\u00e9conomie, de l'emploi, du travail et des solidarit\u00e9s d'\u00cele -de-France par \nle pr\u00e9fet de Seine -et-Marne, le pr\u00e9fet des Yvelines, la pr\u00e9f\u00e8te de l'Essonne, le pr\u00e9fet de la Seine -\nSaint-Denis, la pr\u00e9f\u00e8te du Val-de-Marne, le pr\u00e9fet du Val d'Oise : \n \nDirection r\u00e9gionale et interd\u00e9partementale de l'\u00e9conomie, de l'emploi, du travail et des solidarit\u00e9s d'\u00cele-de-France -\nIDF-2025-09-26-00007 - D\u00e9cision n\u00b0 2025- 184 du 26 septembre 2025\nPortant subd\u00e9l\u00e9gation de signature de Monsieur Fabrice Masi, directeur r\u00e9gional et\ninterd\u00e9partemental de l'\u00e9conomie, de l'emploi, du travail et des solidarit\u00e9s d'\u00cele-de-France,\naux agents de l'unit\u00e9 r\u00e9gionale\n15\n4 / 7 \nRepos \ndominical \nD\u00e9rogation au repos dominical Articles \nL.3132-20 et L. \n3132-21 du \ncode du travail  \n \n \nSubd\u00e9l\u00e9gation est \u00e9galement donn\u00e9e \u00e0 Jean-Fran\u00e7ois DALVAI \u00e0 effet de signer les m\u00e9moires en \nd\u00e9fense produits devant les juridictions administratives dans le cadre de proc\u00e9dures \ncontentieuses \u00e0 l'encontre des d\u00e9cisions mentionn\u00e9es ci-dessus. \n \nCette subd\u00e9l\u00e9gation se limite aux chantiers situ\u00e9s dans les d\u00e9partements cit\u00e9s ci -dessus relevant \nde la comp\u00e9tence de l'unit\u00e9 r\u00e9gionale d'appui et de contr\u00f4le des grands chantiers. \n \nEn cas d'absence ou d'emp\u00eachement de Jean-Fran\u00e7ois DALVAI, subd\u00e9l\u00e9gation de signature est \ndonn\u00e9e Dominique-Anne MICHEL, \u00e0 Val\u00e9rie VICENS et \u00e0 Thierry DAB\u00c9E afin de signer les d\u00e9cisions \net les m\u00e9moires en d\u00e9fense mentionn\u00e9s ci-dessus. \n \nArticle 2 \n \nSubd\u00e9l\u00e9gation de signature est donn\u00e9e \u00e0  Marc ROHFRITSCH, en qualit\u00e9 de responsable du p\u00f4le \nEES de la DRIEETS d'Ile -de-France, et \u00e0 Erwan SAMYN son adjoint,  \u00e0 effet de signer les d\u00e9cisions, \nactes administratifs et correspondances relatifs au x demandes d'activit\u00e9 partielle  dont \nl'attribution a \u00e9t\u00e9 confi\u00e9e \u00e0 Fabrice MASI, par le pr\u00e9fet de la r\u00e9gion d'\u00cele-de-France, pr\u00e9fet de Paris,  \nle pr\u00e9fet de Seine -et-Marne, le pr\u00e9fet des Yvelines,  l a pr\u00e9f\u00e8te de l'Essonne,  le pr\u00e9fet des Hauts -\nde-Seine, le pr\u00e9fet de la Seine-Saint-Denis, le pr\u00e9fet du Val-de-Marne, le pr\u00e9fet du Val d'Oise : \n \nActivit\u00e9 partielle  de \ndroit commun \nTous les actes, avis, observations, propositions, \npr\u00e9paratoires aux d\u00e9cisions d'octroi ou de refus \ndu b\u00e9n\u00e9fice du dispositif d'activit\u00e9 partielle, ainsi \nque les d\u00e9cisions relatives au retrait du b\u00e9n\u00e9fice \ndu dispositif (tous les d\u00e9partements)  \nTous recours juridictionnel s et m\u00e9moires s'y \nrapportant (tous les d\u00e9partements except\u00e9 Paris) \nArt. L.5122 -1 et 2, \nR.5122-1 \u00e0 29  \n \nEn cas d'absence ou d'emp\u00eachement de Marc ROHFRITSCH et de Erwan SAMYN , subd\u00e9l\u00e9gation \nde signature est donn\u00e9e \u00e0 Geoffrey HOUPERT \u00e0 compter du 1er octobre 2025, Cl\u00e9ment MAYOT, \nMohammed EL KAHODI, Florenta POTHORA et Abdel-Malik BENLAZAR ; \n \nSubd\u00e9l\u00e9gation est \u00e9galement donn\u00e9e \u00e0 Marc ROHFRITSCH et \u00e0 Erwan SAMYN \u00e0 effet de signer les \nm\u00e9moires en d\u00e9fense produits devant les juridictions administratives dans le cadre de proc\u00e9dures \ncontentieuses \u00e0 l'encontre des d\u00e9cisions mentionn\u00e9es ci-dessus. \n \n \nArticle 3 \n \nSubd\u00e9l\u00e9gation de signature est donn\u00e9e \u00e0 Murielle LIZZI, directrice r\u00e9gionale adjointe, responsable \ndu P\u00f4le concurrence, consommation, r\u00e9pression des fraudes et m\u00e9trologie ( P\u00f4le C), \u00e0 l'effet de \nsigner, les d\u00e9cisions, actes administratifs et correspondances concernant les attributions de la \ndirection r\u00e9gionale et interd\u00e9partementale de l'\u00e9conomie, de l'emploi, du travail et des solidarit\u00e9s \nd'\u00cele-de-France (DRIEETS) dont l'attribution a \u00e9t\u00e9 confi\u00e9e \u00e0 Fabrice MASI par le pr\u00e9fet de la r\u00e9gion \nd'\u00cele-de-France, pr\u00e9fet de Paris,  le pr\u00e9fet de Seine -et-Marne, le pr\u00e9fet des Yvelines,  la pr\u00e9f\u00e8te de \nl'Essonne, le pr\u00e9fet des Hauts -de-Seine, le pr\u00e9fet de la Seine -Saint-Denis, la pr\u00e9f\u00e8te du Val de \nMarne, le pr\u00e9fet du Val d'Oise. \n \nDirection r\u00e9gionale et interd\u00e9partementale de l'\u00e9conomie, de l'emploi, du travail et des solidarit\u00e9s d'\u00cele-de-France -\nIDF-2025-09-26-00007 - D\u00e9cision n\u00b0 2025- 184 du 26 septembre 2025\nPortant subd\u00e9l\u00e9gation de signature de Monsieur Fabrice Masi, directeur r\u00e9gional et\ninterd\u00e9partemental de l'\u00e9conomie, de l'emploi, du travail et des solidarit\u00e9s d'\u00cele-de-France,\naux agents de l'unit\u00e9 r\u00e9gionale\n16\n5 / 7 \nM\u00e9trologie L\u00e9gale Attribution, refus d'attribution  ou retrait de \nmarque d'identification aux fabricants, \nr\u00e9parateurs et installateurs d'instruments de \nmesure et aux organismes agr\u00e9\u00e9s ou d\u00e9sign\u00e9s \nArr\u00eat\u00e9 du 31/12/01 \narticle 45 \nM\u00e9trologie L\u00e9gale Approbation, suspension ou retrait \nd'approbation des syst\u00e8mes d'assurance de la \nqualit\u00e9 des fabricants, r\u00e9parateurs et installateurs \ndes instruments de mesure (en cas d'absence \nd'organisme d\u00e9sign\u00e9) \nArticles 18 et 23 \nd\u00e9cret 2001 -387 du \n03/05/01 \nM\u00e9trologie L\u00e9gale Injonction aux installateurs d'instruments de \nmesure \nArticle 26 d\u00e9cret \n2001-387 du \n03/05/01 \nM\u00e9trologie L\u00e9gale D\u00e9rogation aux dispositions r\u00e9glementaires \nnormalement applicables aux instruments de \nmesure \nD\u00e9cret n\u00b02001-387 \ndu 3 mai 2001 \nmodifi\u00e9 (article 41) \nM\u00e9trologie L\u00e9gale Am\u00e9nagement aux dispositions de v\u00e9rification de \nmoyens d'essais \nArticle 5 d\u00e9cret du \n03/05/01 et article 3 \narr\u00eat\u00e9 du 31/12/01 \nM\u00e9trologie L\u00e9gale Invitation d'un op\u00e9rateur \u00e9conomique \u00e0 mettre \nun terme \u00e0 une non-conformit\u00e9 constat\u00e9e ; ordre \nde remise en conformit\u00e9, de rappel ou de retrait \ndu march\u00e9 d'un instrument de mesure non \nconforme ; interdiction ou restriction de mise sur \nle march\u00e9, de mise en service ou d'utilisation d'un \ninstrument de mesure non conforme \nArticle 5 -20 du \nd\u00e9cret du 3 mai 2001 \nM\u00e9trologie L\u00e9gale D\u00e9livrance de certificat d'examen de type en \nl'absence d'organisme d\u00e9sign\u00e9. \nArticles 7 et 8 du \nd\u00e9cret du 3 mai 2001 \nM\u00e9trologie L\u00e9gale Autorisation de mise en service d'un nombre \nlimit\u00e9 d'instruments d'un type pour lequel une \ndemande d'examen de type a \u00e9t\u00e9 pr\u00e9sent\u00e9e. \nArticle 12 du d\u00e9cret \ndu 3 mai 2001 \nM\u00e9trologie L\u00e9gale Injonction au titulaire d'un certificat d'examen de \ntype de porter rem\u00e8de aux d\u00e9fauts constat\u00e9s et \nde demander un nouvel examen de type ; \nsuspension du b\u00e9n\u00e9fice de la marque d'examen \nde type et suspension de la mise sur le march\u00e9 \ndes instruments du type pr \u00e9sentant des d\u00e9fauts. \nMise en demeure d'un b\u00e9n\u00e9ficiaire de certificat \nd'examen de type de rem\u00e9dier aux d\u00e9fauts \nconstat\u00e9s sur les instruments en service ; \ninterdiction d'utilisation des instruments restant \nd\u00e9fectueux. \nArticle 13 du d\u00e9cret \ndu 3 mai 2001 \nM\u00e9trologie L\u00e9gale Suspension de la v\u00e9rification primitive et de la \nmise sur le march\u00e9 des instruments d'un mod\u00e8le \ndonn\u00e9. \nArticle 21 du d\u00e9cret \ndu 3 mai 2001 \nM\u00e9trologie L\u00e9gale Suspension de la mise sur le march\u00e9 et de la mise \nen service d'instruments pr\u00e9sentant \u00e0 l'usage un \nd\u00e9faut qui les rend impropres \u00e0 leur destination \n(instruments ayant fait l'objet d'une approbation \nCEE de mod\u00e8le) \nIV de l'article 10 du \nd\u00e9cret du 4 ao\u00fbt \n1973 \nDirection r\u00e9gionale et interd\u00e9partementale de l'\u00e9conomie, de l'emploi, du travail et des solidarit\u00e9s d'\u00cele-de-France -\nIDF-2025-09-26-00007 - D\u00e9cision n\u00b0 2025- 184 du 26 septembre 2025\nPortant subd\u00e9l\u00e9gation de signature de Monsieur Fabrice Masi, directeur r\u00e9gional et\ninterd\u00e9partemental de l'\u00e9conomie, de l'emploi, du travail et des solidarit\u00e9s d'\u00cele-de-France,\naux agents de l'unit\u00e9 r\u00e9gionale\n17\n6 / 7 \nM\u00e9trologie L\u00e9gale D\u00e9signation d'organismes et retrait de \nd\u00e9signation d'organismes d\u00e9sign\u00e9s. \nArticle 36  \ndu d\u00e9cret du 3 mai \n2001 \nM\u00e9trologie L\u00e9gale D\u00e9signation d'organismes pour l'approbation \nCEE de mod\u00e8le et pour la v\u00e9rification primitive \nCEE \nArticle 1 de l'arr\u00eat\u00e9 \ndu 8 novembre 1973 \nM\u00e9trologie L\u00e9gale D\u00e9cision d'agr\u00e9ment, suspension ou retrait \nd'agr\u00e9ment, mise en demeure des organismes \nagr\u00e9\u00e9s. \nArticles 37 et 39  \ndu d\u00e9cret du 3 mai \n2001 \nArticles 40 et 43  \nde l'arr\u00eat\u00e9 du 31 \nd\u00e9cembre 2001  \nArr\u00eat\u00e9s du \n01/10/1981, du \n14/09/1981 et du \n07/07/2004 \nM\u00e9trologie L\u00e9gale Am\u00e9nagement ou retrait des dispenses de \nv\u00e9rification p\u00e9riodique et de v\u00e9rification apr\u00e8s \nr\u00e9paration ou modification accord\u00e9es aux \nd\u00e9tenteurs d'instruments de mesure. \nArticle 62.3 de \nl'arr\u00eat\u00e9 \ndu 31 d\u00e9cembre \n2001 \nM\u00e9trologie L\u00e9gale D\u00e9cision autorisant le contr\u00f4le des instruments \npar leur d\u00e9tenteur \nArticle 18 de l'arr\u00eat\u00e9 \ndu 6 mars 2007 ; \narticle 25 de l'arr\u00eat\u00e9 \ndu 1er ao\u00fbt 2013 ; \narticle 25 de l'arr\u00eat\u00e9 \ndu 21 octobre 2010 \nM\u00e9trologie L\u00e9gale D\u00e9cision validant les conditions de pr\u00e9l\u00e8vement \ndes compteurs d'eau \nArticle 8 arr\u00eat\u00e9 du \n06/03/2007 \n \n \nEn cas d'absence ou d'emp\u00eachement de Murielle LIZZI, subd\u00e9l\u00e9gation de signature est donn\u00e9e \u00e0 \nNathalie CAUVIN, cheffe du service m\u00e9trologie.  \n \nEn cas d'absence de Murielle LIZZI ou de Nathalie CAUVIN, subd\u00e9l\u00e9gation est donn\u00e9e \u00e0 M. Arnaud \nMAUDRY, adjoint de la cheffe du service m\u00e9trologie. \n \nArticle 4 \n \n \nSubd\u00e9l\u00e9gation de signature est donn\u00e9e \u00e0 Alexandre MARTINET, directeur r\u00e9gional adjoint, charg\u00e9 \ndes fonctions de directeur r\u00e9gional d\u00e9l\u00e9gu\u00e9 , \u00e0 Anne SCANDELLA, secr\u00e9taire g\u00e9n\u00e9rale,  \u00e0 Jacky \nHAZIZA, responsable du service interd\u00e9partemental des conseils m\u00e9dicaux  du P\u00f4le d'Appui aux \nM\u00e9tiers, et \u00e0 Zahira MONJOIN , adjointe au responsable du service interd\u00e9partemental conseils \nm\u00e9dicaux, \u00e0 effet de signer les d\u00e9cisions, actes administratifs et correspondances relatives aux \nconseils m\u00e9dicaux, d\u00e9rogations dont l'attribution a \u00e9t\u00e9 confi\u00e9e \u00e0 Fabrice MASI par le pr\u00e9fet de la \nr\u00e9gion d'\u00cele-de-France, pr\u00e9fet de Paris, le pr\u00e9fet des Hauts -de-Seine, le pr\u00e9fet de Seine-Saint-Denis \net la pr\u00e9f\u00e8te du Val-de-Marne. \n \nDirection r\u00e9gionale et interd\u00e9partementale de l'\u00e9conomie, de l'emploi, du travail et des solidarit\u00e9s d'\u00cele-de-France -\nIDF-2025-09-26-00007 - D\u00e9cision n\u00b0 2025- 184 du 26 septembre 2025\nPortant subd\u00e9l\u00e9gation de signature de Monsieur Fabrice Masi, directeur r\u00e9gional et\ninterd\u00e9partemental de l'\u00e9conomie, de l'emploi, du travail et des solidarit\u00e9s d'\u00cele-de-France,\naux agents de l'unit\u00e9 r\u00e9gionale\n18\n7 / 7 \nConseils m\u00e9dicaux Organisation et fonctionnement des \nconseils m\u00e9dicaux  aux conditions \nd'aptitude physique pour l'admission aux \nemplois publics et au r\u00e9gime de cong\u00e9s de \nmaladie des fonctionnaires. \nArticles 6 et 12 du \nd\u00e9cret n\u00b086-442 du 14 \nmars 1986 modifi\u00e9 \nrelatif \u00e0 la d\u00e9signation \ndes m\u00e9decins agr\u00e9\u00e9s, \n\u00e0 l'organisation des \nconseils m\u00e9dicaux , \naux conditions \nd'aptitude physique  \npour l'admission aux \nemplois publics et au \nr\u00e9gime de cong\u00e9s de \nmaladie des \nfonctionnaires  \n \nEn cas d'absence ou d'emp \u00eachement d 'Alexandre MARTINE T, d'Anne SCANDELLA, de Jacky \nHAZIZA et de Zahira MONJOIN, subd\u00e9l\u00e9gation de signature est donn\u00e9e \u00e0 : \n \n\u2212 Isabelle POIRIER \u2013 Coordinatrice CM92 \n\u2212 Myriane-Andr\u00e9e TH\u00c9R\u00c8SE \u2013 Coordinatrice CM94 \n \nArticle 5 \n \nUne copie de cette d\u00e9cision de subd\u00e9l\u00e9gation sera adress\u00e9e aux pr\u00e9fets de Paris, de la Seine -et-\nMarne, des Yvelines, de l'Essonne, des Hauts-de-Seine, de la Seine-Saint-Denis, du Val-de-Marne et \ndu Val d'Oise.  \n \n \n \n \n \nArticle 6 \n \nLa pr\u00e9sente d\u00e9cision abroge l' arr\u00eat\u00e9 n\u00b0 2025-170 du 05 septembre 2025 portant subd\u00e9l\u00e9gation de \nsignature de Monsieur Fabrice MASI, Directeur r\u00e9gional et interd\u00e9partemental de l'\u00e9conomie, de \nl'emploi, du travail et des solidarit\u00e9s d'\u00cele-de-France aux agents de l'unit\u00e9 r\u00e9gionale. \n \nArticle 7 \n \nLe Directeur r\u00e9gional et interd\u00e9partemental de l'\u00e9conomie, de l'emploi, du travail et des solidarit\u00e9s \nd'\u00cele-de-France, et les subd\u00e9l\u00e9gataires mentionn\u00e9s  ci-dessus, sont charg\u00e9s, chacun  en ce qui l e \nconcerne, de l'ex\u00e9cution de la pr\u00e9sente d\u00e9cision  qui sera publi\u00e9 e aux recueils des actes \nadministratifs de la pr\u00e9fecture de la r\u00e9gion  d'\u00cele-de-France, ainsi qu'aux recueils administratifs des \npr\u00e9fectures des d\u00e9partements de la r\u00e9gion d'\u00cele-de-France. \n \n \n \nFait \u00e0 Aubervilliers, le 26 septembre 2025 \n \nPour les pr\u00e9fets et par d\u00e9l\u00e9gation, \nLe Directeur r\u00e9gional et interd\u00e9partemental de \nl'\u00e9conomie, de l'emploi, du travail et des \nsolidarit\u00e9s d'\u00cele-de-France, \n \n        SIGN\u00c9 \n \nFabrice MASI \nDirection r\u00e9gionale et interd\u00e9partementale de l'\u00e9conomie, de l'emploi, du travail et des solidarit\u00e9s d'\u00cele-de-France -\nIDF-2025-09-26-00007 - D\u00e9cision n\u00b0 2025- 184 du 26 septembre 2025\nPortant subd\u00e9l\u00e9gation de signature de Monsieur Fabrice Masi, directeur r\u00e9gional et\ninterd\u00e9partemental de l'\u00e9conomie, de l'emploi, du travail et des solidarit\u00e9s d'\u00cele-de-France,\naux agents de l'unit\u00e9 r\u00e9gionale\n19\nDirection r\u00e9gionale et interd\u00e9partementale de\nl'\u00e9conomie, de l'emploi, du travail et des\nsolidarit\u00e9s d'\u00cele-de-France\nIDF-2025-09-24-00003\nD\u00e9cision n\u00b0 2025-182 du 24 septembre 2025\nPortant subd\u00e9l\u00e9gation de signature de Monsieur\nFabrice MASI, Directeur r\u00e9gional et\ninterd\u00e9partemental de\nl'\u00c9conomie, de l'Emploi, du Travail et des\nSolidarit\u00e9s d'\u00cele-de-France\nDirection r\u00e9gionale et interd\u00e9partementale de l'\u00e9conomie, de l'emploi, du travail et des solidarit\u00e9s d'\u00cele-de-France -\nIDF-2025-09-24-00003 - D\u00e9cision n\u00b0 2025-182 du 24 septembre 2025\nPortant subd\u00e9l\u00e9gation de signature de Monsieur Fabrice MASI, Directeur r\u00e9gional et interd\u00e9partemental de\nl'\u00c9conomie, de l'Emploi, du Travail et des Solidarit\u00e9s d'\u00cele-de-France\n20\n \nDRIEETS Ile de France  \n21 rue Madeleine Vionnet  \n93300 AUBERVILLIERS \n \n \n \n \n \n \n \n \n \n \n \nDirection r\u00e9gionale et interd\u00e9partementale \nde l'\u00e9conomie, de l'emploi, \ndu travail et des solidarit\u00e9s  \n \n \n \n            \nD\u00c9CISION n\u00b0 2025-182 du 24 septembre 2025 \n \nPortant subd\u00e9l\u00e9gation de signature de Monsieur Fabrice MASI, Directeur r\u00e9gional et interd\u00e9partemental de \nl'\u00c9conomie, de l'Emploi, du Travail et des Solidarit\u00e9s d'\u00cele-de-France  \n \n \nVu le code du commerce ;  \n \nVu le code de la consommation ; \n \nVu le code de la sant\u00e9 publique ; \n \nVu le code du tourisme ; \n \nVu le code du travail ; \n \nVu la loi n\u00b0 82-213 du 2 mars 1982 relative aux droits et libert\u00e9s des communes, des d\u00e9partements \net des r\u00e9gions, modifi\u00e9e ; \n \nVu la loi d'orientation n\u00b0 92 -125 du 6 f\u00e9vrier 1992 modifi\u00e9e relative \u00e0 l'administration territoriale \nde la R\u00e9publique, notamment ses articles 4 et 6 ;  \n \nVu le d\u00e9cret n\u00b0 97-34 du 15 janvier 1997 relatif \u00e0 la d\u00e9concentration des d\u00e9cisions administratives \nindividuelles ;  \n \nVu le d\u00e9cret n\u00b02001-387 du 3 mai 2001 relatif au contr\u00f4le des instruments de mesure ;  \n \nDirection r\u00e9gionale et interd\u00e9partementale de l'\u00e9conomie, de l'emploi, du travail et des solidarit\u00e9s d'\u00cele-de-France -\nIDF-2025-09-24-00003 - D\u00e9cision n\u00b0 2025-182 du 24 septembre 2025\nPortant subd\u00e9l\u00e9gation de signature de Monsieur Fabrice MASI, Directeur r\u00e9gional et interd\u00e9partemental de\nl'\u00c9conomie, de l'Emploi, du Travail et des Solidarit\u00e9s d'\u00cele-de-France\n21\n2 / 4 \nVu le d\u00e9cret n\u00b0 2004-374 du 29 avril 2004 modifi\u00e9 relatif aux pouvoirs des pr\u00e9fets, \u00e0 l'organisation \net \u00e0 l'action des services de l'\u00c9tat dans les r\u00e9gions et d\u00e9partements ; \n \nVu le d\u00e9cret n\u00b0 2009 -360 du 31 mars 2009 relatif aux emplois de direction de l'administration \nterritoriale de l'\u00c9tat ; \n \nVu le d\u00e9cret n\u00b02010-146 du 16 f\u00e9vrier 2010 modifiant le d\u00e9cret n\u00b0 2004-374 du 29 avril 2004 relatif \naux pouvoirs des pr\u00e9fets, \u00e0 l'organisation et \u00e0 l'action des services de l' \u00c9tat dans les r\u00e9gions et \nd\u00e9partements ; \n \nVu le d\u00e9cret n\u00b0 2010-687 du 24 juin 2010 relatif \u00e0 l'organisation et \u00e0 l'action des services de l'\u00e9tat \ndans la r\u00e9gion et les d\u00e9partements d'Ile de France ; \n \nVu le d\u00e9cret n\u00b02015 -1689 du 17 d\u00e9cembre 2015 portant diverses mesures d'organisation et de \nfonctionnement dans les r\u00e9gions de l'administration territoriale de l' \u00c9tat et de commissions \nadministratives ; \n \nVu le d\u00e9cret n\u00b0 2020 -1545 du 9 d\u00e9cembre 2020 relatif \u00e0 l'organisation et aux missions des \ndirections r\u00e9gionales de l'\u00e9conomie, de l'emploi, du travail et des solidarit\u00e9s, des directions \nd\u00e9partementales de l'emploi, du travail et des solidarit\u00e9s et des direct ions d\u00e9partementales de \nl'emploi, du travail, des solidarit\u00e9s et de la protection des populations ;  \n \nVu le d\u00e9cret du 22 juillet 2020 portant nomination de Monsieur Marc GUILLAUME en qualit\u00e9 de \npr\u00e9fet de la r\u00e9gion d'Ile-de-France, pr\u00e9fet de Paris ; \n \nVu le d\u00e9cret du 6 septembre 2023 portant nomination de M. Pierre ORY, pr\u00e9fet de Seine-et-Marne \n; \n \nVu le d\u00e9cret du 7 f\u00e9vrier 2024 portant nomination de Monsieur Fr\u00e9d\u00e9ric ROSE en qualit\u00e9 de Pr\u00e9fet \ndes Yvelines ; \n \nVu le d\u00e9cret du 27 ao\u00fbt 2025 portant nomination de Madame Fabienne BALUSSOU en qualit\u00e9 de \nPr\u00e9f\u00e8te de l'Essonne ; \n \nVu le d\u00e9cret du 31 octobre 2024 portant nomination de Monsieur Alexandre BRUGERE en qualit\u00e9 \nde Pr\u00e9fet des Hauts-de-Seine ; \n \nVu le d\u00e9cret du 6 novembre 2024 portant nomination de Monsieur Julien CHARLES en qualit\u00e9 de \nPr\u00e9fet de la Seine-Saint-Denis ; \n \nVu le d\u00e9cret du 6 novembre 2024 portant nomination de Monsieur \u00c9tienne STOSKOPF en qualit\u00e9 \nde Pr\u00e9fet du Val-de-Marne ; \n \nVu le d\u00e9cret du 9 mars 2022 portant nomination de M. Philippe COURT en qualit\u00e9 de pr\u00e9fet du  \nVal-d'Oise ; \n \nVu l'arr\u00eat\u00e9 interminist\u00e9riel du 23 d\u00e9cembre 2022 nommant Madame Martine BAUDOIN directrice \nadjointe de l'unit\u00e9 d\u00e9partementale de Paris ; \nVu l'arr\u00eat\u00e9 interminist\u00e9riel du 15 mai 2025 nommant Monsieur Riad BOUHAFS, directeur r\u00e9gional \net interd\u00e9partemental adjoint de l'\u00e9conomie, de l'emploi, du travail et des solidarit\u00e9s d'\u00cele -de-\nFrance, sur l'emploi de directeur de l'unit\u00e9 d\u00e9partementale du Paris ; \nVu l'arr\u00eat\u00e9 interminist\u00e9riel du 12 ao\u00fbt  2025 nommant Fabrice MASI  directeur r\u00e9gional et \ninterd\u00e9partemental de l'\u00e9conomie, de l'emploi, du travail et des solidarit\u00e9s d'\u00cele -de-France \u00e0 \ncompter du 25 ao\u00fbt 2025 : \n \nDirection r\u00e9gionale et interd\u00e9partementale de l'\u00e9conomie, de l'emploi, du travail et des solidarit\u00e9s d'\u00cele-de-France -\nIDF-2025-09-24-00003 - D\u00e9cision n\u00b0 2025-182 du 24 septembre 2025\nPortant subd\u00e9l\u00e9gation de signature de Monsieur Fabrice MASI, Directeur r\u00e9gional et interd\u00e9partemental de\nl'\u00c9conomie, de l'Emploi, du Travail et des Solidarit\u00e9s d'\u00cele-de-France\n22\n3 / 4 \nVu l'arr\u00eat\u00e9 pr\u00e9fectoral n\u00b0 75-2025-08-27-00005 du 27/08/2025 par lequel le Pr\u00e9fet de Paris d\u00e9l\u00e8gue \nsa signature \u00e0 Monsieur Fabrice MASI, directeur r\u00e9gional et interd\u00e9partemental de l'\u00e9conomie, de \nl'emploi, du travail et des solidarit\u00e9s d'\u00cele-de-France ; \n \nVu l'arr\u00eat\u00e9 pr\u00e9fectoral n\u00b02 5/BC/070 du 27 ao\u00fbt  2025 par lequel le pr\u00e9fet de Seine -et-Marne \nd\u00e9l\u00e8gue sa signature \u00e0 Monsieur Fabrice MASI , directeur r\u00e9gional et interd\u00e9partemental de \nl'\u00e9conomie, de l'emploi, du travail et des solidarit\u00e9s d'\u00cele-de-France ; \n \nVu l'arr\u00eat\u00e9 pr\u00e9fectoral n\u00b0 78-2025-08-25-00001 du 25 ao\u00fbt 2025 par lequel le Pr\u00e9fet des Yvelines \nd\u00e9l\u00e8gue sa signature \u00e0 Monsieur Fabrice MASI , directeur r\u00e9gional et interd\u00e9partemental de \nl'\u00e9conomie, de l'emploi, du travail et des solidarit\u00e9s d'\u00cele-de-France ; \n \nVu l'arr\u00eat\u00e9 pr\u00e9fectoral n\u00b02025-PREF-DCPPAT-BCA-325 du 22 septembre 2025 par lequel la Pr\u00e9f\u00e8te \nde l'Essonne d\u00e9l\u00e8gue sa signature \u00e0 Monsieur Fabrice MASI , directeur r\u00e9gional et \ninterd\u00e9partemental de l'\u00e9conomie, de l'emploi, du travail et des solidarit\u00e9s d'\u00cele -de-France ; \n \nVu l'arr\u00eat\u00e9 pr\u00e9fectoral n\u00b0 2025-33 du 22 ao\u00fbt 2025 par lequel le Pr\u00e9fet des Hauts-de-Seine d\u00e9l\u00e8gue \nsa signature \u00e0 Monsieur Fabrice MASI, directeur r\u00e9gional et interd\u00e9partemental de l'\u00e9conomie, de \nl'emploi, du travail et des solidarit\u00e9s d'\u00cele-de-France ; \n \nVu l'arr\u00eat\u00e9 pr\u00e9fectoral n\u00b0 2025-3388 du 29 ao\u00fbt 2025 par lequel le pr\u00e9fet de la Seine-Saint-Denis, \nd\u00e9l\u00e8gue sa signature \u00e0 Fabrice MASI, directeur r\u00e9gional et interd\u00e9partemental de l'\u00e9conomie, de \nl'emploi, du travail et des solidarit\u00e9s d'\u00cele-de-France ; \n \nVu l'arr\u00eat\u00e9 pr\u00e9fectoral n\u00b0  2025/03344 du 25 ao\u00fbt 2025 par lequel l e Pr\u00e9fet du Val -de-Marne \nd\u00e9l\u00e8gue sa signature \u00e0 Monsieur Fabrice MASI , directeur r\u00e9gional et interd\u00e9partemental de \nl'\u00e9conomie, de l'emploi, du travail et des solidarit\u00e9s d'\u00cele-de-France ; \n \nVu l'arr\u00eat\u00e9 pr\u00e9fectoral n\u00b0  25-057 du 19 ao\u00fbt 2025 par lequel le Pr\u00e9fet du Val d'Oise  d\u00e9l\u00e8gue sa \nsignature \u00e0 Monsieur Fabrice MASI, directeur r\u00e9gional et interd\u00e9partemental de l'\u00e9conomie, de \nl'emploi, du travail et des solidarit\u00e9s d'\u00cele-de-France ; \n \n \nD\u00c9CIDE \n \nArticle 1er \n \nSubd\u00e9l\u00e9gation de signature est donn\u00e9e \u00e0 Riad BOUHAFS, directeur de l'unit\u00e9 d\u00e9partementale de \nParis, \u00e0 effet de signer les d\u00e9cisions, actes administratifs et correspondances relatives aux enfants \ndu spectacle  dont l'attribution a \u00e9t\u00e9 confi\u00e9e \u00e0 Fabrice MASI , directeur r\u00e9gional et \ninterd\u00e9partemental de l'\u00e9conomie, de l'emploi, du travail et des solidarit\u00e9s d'\u00cele-de-France, par le \npr\u00e9fet de la r\u00e9gion d'\u00cele -de-France, pr\u00e9fet de Paris, le pr\u00e9fet de Seine -et-Marne, le pr\u00e9fet des \nYvelines, la pr\u00e9f\u00e8te de l'Essonne, le pr\u00e9fet des Hauts-de-Seine, le pr\u00e9fet de la Seine-Saint-Denis, le \npr\u00e9fet du Val-de-Marne, le pr\u00e9fet du Val d'Oise : \n \nD\u00e9livrance, retrait des autorisations individuelles d'emploi des enfants dans les spectacles, les \nprofessions ambulantes et comme mannequins dans la publicit\u00e9 et la mode - article L.7124-1 \u00e0 \nL.7124-19 du code du travail. \n \nD\u00e9livrance, renouvellement, retrait, suspension de l'agr\u00e9ment de l'agence de mannequins \npermettant d'engager des enfants - Articles L.7124-5 et R.7124-1 du code du travail. \n \nAttribution, renouvellement, suspension, retrait de la licence d'agence de mannequins - L7123-14, \nR7123-8 \u00e0 R7123-17 du code du travail \n \nDirection r\u00e9gionale et interd\u00e9partementale de l'\u00e9conomie, de l'emploi, du travail et des solidarit\u00e9s d'\u00cele-de-France -\nIDF-2025-09-24-00003 - D\u00e9cision n\u00b0 2025-182 du 24 septembre 2025\nPortant subd\u00e9l\u00e9gation de signature de Monsieur Fabrice MASI, Directeur r\u00e9gional et interd\u00e9partemental de\nl'\u00c9conomie, de l'Emploi, du Travail et des Solidarit\u00e9s d'\u00cele-de-France\n23\n4 / 4 \nLa subd\u00e9l\u00e9gation est donn\u00e9e \u00e0 Riad BOUHAFS \u00e0 effet de signer les m\u00e9moires en d\u00e9fense produits \ndevant les juridictions administratives dans le cadre de proc\u00e9dures contentieuses \u00e0 l'encontre des \nd\u00e9cisions mentionn\u00e9es ci-dessus.  \n \nEn cas d'absence ou d'emp\u00eachement de Riad BOUHAFS, subd\u00e9l\u00e9gation de signature est donn\u00e9e \n\u00e0 : \n- Mme Martine BAUDOIN, directrice adjointe de l'unit\u00e9 d\u00e9partementale de Paris  \n- Marie MARCENA, cheffe du p\u00f4le entreprises, emplois et solidarit\u00e9s ; \n- V\u00e9ronique DELARUE, adjointe \u00e0 la cheffe du p\u00f4le entreprises, emplois et solidarit\u00e9s ; \n- Patricia RENUCCI, responsable du d\u00e9partement protection et insertion des jeunes ; \n- Franck LEPERTEL, responsable adjoint du d\u00e9partement protection et insertion des jeunes  \n- Karine RIVIERE, responsable de la mission emploi des enfants du spectacle et agences de \nmannequins (EESAM). \n \nArticle 2 \n \nUne copie de cette d\u00e9cision de subd\u00e9l\u00e9gation sera adress\u00e9e aux pr\u00e9fets de Paris, de la Seine-et-\nMarne, des Yvelines, de l'Essonne, d es Hauts-de-Seine, de la Seine -Saint-Denis, du Val-de-Marne \net du Val d'Oise.  \n \nArticle 3 \n \nLa d\u00e9cision n\u00b0 2025-179 du 03 septembre 2025 est abrog\u00e9e. \n \nArticle 4 \n \nLe Directeur r\u00e9gional et interd\u00e9partemental de l'\u00e9conomie, de l'emploi, du travail et des solidarit\u00e9s \nd'\u00cele-de-France, et les subd\u00e9l\u00e9gataires mentionn\u00e9 s ci -dessus, sont charg\u00e9s, chacun  en ce qui l e \nconcerne, de l'ex\u00e9cution de la pr\u00e9sente d\u00e9cision  qui sera publi\u00e9 e aux recueils des actes \nadministratifs de la pr\u00e9fecture de la r\u00e9gion  d'\u00cele-de-France, ainsi qu'aux recueils administratifs des \npr\u00e9fectures des d\u00e9partements de la r\u00e9gion d'\u00cele-de-France. \n \n \n \n \nFait \u00e0 Aubervilliers le 24 septembre 2025 \n \nLe Directeur r\u00e9gional et interd\u00e9partemental \nde l'\u00e9conomie, de l'emploi, du travail et des \nsolidarit\u00e9s  \nSIGN\u00c9 \n \n \nFabrice MASI \n \nDirection r\u00e9gionale et interd\u00e9partementale de l'\u00e9conomie, de l'emploi, du travail et des solidarit\u00e9s d'\u00cele-de-France -\nIDF-2025-09-24-00003 - D\u00e9cision n\u00b0 2025-182 du 24 septembre 2025\nPortant subd\u00e9l\u00e9gation de signature de Monsieur Fabrice MASI, Directeur r\u00e9gional et interd\u00e9partemental de\nl'\u00c9conomie, de l'Emploi, du Travail et des Solidarit\u00e9s d'\u00cele-de-France\n24\nMinist\u00e8re de la Justice\nIDF-2025-09-29-00001\nArr\u00eat\u00e9 portant subd\u00e9l\u00e9gation de la signature du\nDirecteur interr\u00e9gional de la protection judiciaire\nde la jeunesse Ile de France et Outre-Mer\nMinist\u00e8re de la Justice - IDF-2025-09-29-00001 - Arr\u00eat\u00e9 portant subd\u00e9l\u00e9gation de la signature du Directeur interr\u00e9gional de la\nprotection judiciaire de la jeunesse Ile de France et Outre-Mer 25\n \n1 \n \n \n \n \nDIRECTION \nDE LA PROTECTION JUDICIAIRE DE LA JEUNESSE \nDIRECTION INTERREGIONALE \n\u00ceLE DE FRANCE - OUTRE-MER \nARRETE  \nPortant Subd\u00e9l\u00e9gation De La Signature Du Directeur Interr\u00e9gional  \nDe La Protection Judiciaire De La Jeunesse  \n\u00cele-De-France Et Outre-Mer \nVU le d\u00e9cret n\u00b066-614 du 10 ao\u00fbt 1966 modifi\u00e9 relatif \u00e0 l'organisation des services de l'Etat dans \nla r\u00e9gion parisienne ;  \nVU le d\u00e9cret n\u00b02004 -374 du 29 avril 2004 modifi\u00e9 relatif aux pouvoirs des pr\u00e9fets, \u00e0 \nl'organisation et \u00e0 l'action des services de l'Etat dans les r\u00e9gions et d\u00e9partements  ; \nVU l'arr\u00eat\u00e9 du 5 novembre 2020 du garde des sceaux, ministre de la justice, portant nomination \nde monsieur Herv\u00e9 DUPLENNE en qualit\u00e9 de directeur interr\u00e9gional de la protection judiciaire \nde la jeunesse \u00cele-de-France et Outre-Mer, \u00e0 compter du 1er janvier 2021 ; \nVU l'arr\u00eat\u00e9 3 d\u00e9cembre 2024 du garde des sceaux, ministre de la justice, portant sur le \nrenouvellement de Monsieur Herv\u00e9 DUPLENNE dans l'emploi de directeur interr\u00e9gional de la \nprotection judiciaire de la jeunesse Ile-de-France/Outre-mer, \u00e0 compter du 1er janvier 2025 \nVU l'arr\u00eat\u00e9 IDF-2020-11-27-003 portant d\u00e9l\u00e9gation de signature \u00e0 monsieur Herv\u00e9 DUPLENNE \nen qualit\u00e9 de directeur interr\u00e9gional de la protection judiciaire de la jeunesse \u00cele -de-France \u2013 \nOutre-mer, en mati\u00e8re d'ordonnancement secondaire ;  \nArr\u00eate \nArticle 1er \nDans le cadre de la d\u00e9l\u00e9gation de signature institu\u00e9e par l'arr\u00eat\u00e9 IDF-2020-11-27-003 susvis\u00e9, et \nen cas d'absence ou d'emp\u00eachement de Monsieur Herv\u00e9 DUPLENNE , subd\u00e9l\u00e9gation de \nsignature est donn\u00e9e \u00e0 : \n  \nMinist\u00e8re de la Justice - IDF-2025-09-29-00001 - Arr\u00eat\u00e9 portant subd\u00e9l\u00e9gation de la signature du Directeur interr\u00e9gional de la\nprotection judiciaire de la jeunesse Ile de France et Outre-Mer 26\n \n2 \n \n \nDEPARTEMENT FONCTION NOM \n75 Directrice interr\u00e9gionale adjointe Mme S\u00e9verine DEVAUX \n75 Secr\u00e9taire g\u00e9n\u00e9ral M. Michael PEREIRA \n75 Directeur des Ressources Humaines Mme Bathilde GROH \n75 Directrice des Ressources Humaines adjointe Poste vacant \n75 \nDirectrice de l'Evaluation et de la \nProgrammation des Affaire Financi\u00e8res et \nImmobili\u00e8res \nMme Laure PAVY \n75 \nDirectrice de l'Evaluation et de la \nProgrammation des Affaire Financi\u00e8res et \nImmobili\u00e8res Adjointe \nMme D\u00e9borah ADAM \n75 \nResponsable Unit\u00e9 Ex\u00e9cution Budg\u00e9taire de \nla Direction de l'Evaluation et de la \nProgrammation des Affaire Financi\u00e8res et \nImmobili\u00e8res \nMme Pascale LEPROVOST \nA l'effet de signer, \u00e0 compter du 1er Octobre 2025, au nom du Pr\u00e9fet de la r\u00e9gion d'\u00cele -de-\nFrance, Pr\u00e9fet de Paris toutes d\u00e9cisions mentionn\u00e9es \u00e0 l'article 1 de l'arr\u00eat\u00e9 IDF-2020-11-27-003 \nsusvis\u00e9. \nArticle 2 \nDans le cadre de la d\u00e9l\u00e9gation de signature institu\u00e9e par l'arr\u00eat\u00e9 IDF-2020-11-27-003, et en cas \nd'absence ou d'emp\u00eachement de Monsieur Herv\u00e9 DUPLENNE, subd\u00e9l\u00e9gation de signature est \ndonn\u00e9e \u00e0 : \nDEPARTEMENT FONCTION NOM \n75 Directrice interr\u00e9gionale adjointe Mme S\u00e9verine DEVAUX \n75 Secr\u00e9taire g\u00e9n\u00e9ral M. Michael PEREIRA \n75 Directeur des ressources humaines Mme Bathilde GROH \n75 Directrice des ressources humaines \nadjointe Poste vacant  \nMinist\u00e8re de la Justice - IDF-2025-09-29-00001 - Arr\u00eat\u00e9 portant subd\u00e9l\u00e9gation de la signature du Directeur interr\u00e9gional de la\nprotection judiciaire de la jeunesse Ile de France et Outre-Mer 27\n \n3 \n \n75 \nDirectrice de l'\u00e9valuation et de la \nprogrammation des affaire financi\u00e8res et \nimmobili\u00e8res \nMme Laure PAVY \n75 \nDirectrice de l'Evaluation et de la \nProgrammation des Affaire Financi\u00e8res et \nImmobili\u00e8res Adjointe \nMme D\u00e9borah ADAM \nAinsi qu'aux personnes indiqu\u00e9es dans la liste nominative en annexe 1. \nA l'effet de signer, \u00e0 compter du  1er Octobre 2025, au nom du pr\u00e9fet  de la r\u00e9gion d'\u00cele -de-\nFrance, Pr\u00e9fet de Paris toutes d\u00e9cisions mentionn\u00e9es \u00e0 l'article 2 de l'arr\u00eat\u00e9 IDF-2020-11-27-003 \nsusvis\u00e9.  \n \nArticle 2 Bis  \nIl est donn\u00e9 d\u00e9l\u00e9gation de signature :  \nAux assistants r esponsables de l'appui au pilotage territorial,  adjoints administratifs et \nsecr\u00e9taires administratifs, dont la liste figure en annexe 2, pour c ertifier le service fait dans le \nprogiciel Chorus Formulaires. \nArticle 3 \nDans le cadre de la d\u00e9l\u00e9gation de signature institu \u00e9e par l'arr\u00eat\u00e9 IDF-2020-11-27-003, et en cas \nd'absence ou d'emp\u00eachement de Monsieur Herv\u00e9 DUPLENNE, subd\u00e9l\u00e9gation de signature est \ndonn\u00e9e \u00e0 : \nD\u00e9partement Fonction Nom \n75 Directrice interr\u00e9gionale adjointe Mme S\u00e9verine DEVAUX \n75 Secr\u00e9taire g\u00e9n\u00e9ral M. Michael PEREIRA \n75 \nDirectrice de l'\u00e9valuation et de la \nprogrammation des affaire financi\u00e8res et \nimmobili\u00e8res \nMme Laure PAVY \n75 \nDirectrice de l'Evaluation et de la \nProgrammation des Affaire Financi\u00e8res et \nImmobili\u00e8res Adjointe \nMme D\u00e9borah ADAM \n75 \nResponsable de l'unit\u00e9 immobilier de la \ndirection de l'\u00e9valuation et de la \nprogrammation des affaire financi\u00e8res et \nimmobili\u00e8res \nM. Robert KOREZ \nMinist\u00e8re de la Justice - IDF-2025-09-29-00001 - Arr\u00eat\u00e9 portant subd\u00e9l\u00e9gation de la signature du Directeur interr\u00e9gional de la\nprotection judiciaire de la jeunesse Ile de France et Outre-Mer 28\n \n4 \n \nA l'effet de signer, \u00e0 compter 1er Octobre 2025, au nom du pr\u00e9fet de la r\u00e9gion d'\u00cele -de-France, \nPr\u00e9fet de Paris toutes d\u00e9cisions mentionn\u00e9es \u00e0 l'article 3 de l'arr\u00eat\u00e9 IDF-2020-11-27-003 susvis\u00e9.  \n \nArticle 4 \nDans le cadre de la d\u00e9l\u00e9gation de signature institu\u00e9e par l'arr\u00eat\u00e9 IDF-2020-11-27-003, et en cas \nd'absence ou d'emp\u00eachement de Monsieur Herv\u00e9 DUPLENNE, subd\u00e9l\u00e9gation de signature est \ndonn\u00e9e \u00e0 : \nD\u00e9partement Fonction Nom \n75 Directrice interr\u00e9gionale adjointe Mme S\u00e9verine DEVAUX \n75 Secr\u00e9taire g\u00e9n\u00e9ral M. Michael PEREIRA \nE75 Directrice de l'\u00e9valuation et de la programmation \ndes affaire financi\u00e8res et immobili\u00e8res Mme Laure PAVY \n75 Directrice de l'Evaluation et de la Programmation \ndes Affaire Financi\u00e8res et Immobili\u00e8res Adjointe Mme D\u00e9borah ADAM \n75 Directeur des Ressources Humaines Mme Bathilde GROH \n75 Directrice des Ressources Humaines adjointe  POSTE VACANT \n75 \nResponsable de l'unit\u00e9 commande publique de la \ndirection de l'\u00e9valuation et de la programmation \ndes affaire financi\u00e8res et immobili\u00e8res \nPOSTE VACANT \nA l'effet de signer, \u00e0 compter du  1er Octobre 2025, au nom du pr\u00e9fet de la r\u00e9gion d'\u00cele -de-\nFrance, Pr\u00e9fet de Paris toutes d\u00e9cisions mentionn\u00e9es \u00e0 l'article 4 de l'arr\u00eat\u00e9 IDF-2020-11-27-003 \nsusvis\u00e9.  \nArticle 5 \nDans le cadre de la d\u00e9l\u00e9gation de signature institu\u00e9e par l'arr\u00eat\u00e9 IDF -2020-11-27-003, et en cas \nd'absence ou d'emp\u00eachement de Monsieur Herv\u00e9 DUPLENNE, subd\u00e9l\u00e9gation de signature est \ndonn\u00e9e \u00e0 : \nD\u00e9partement Fonction Nom \n75 Directrice Interr\u00e9gionale Adjointe Mme S\u00e9verine DEVAUX \n75 Secr\u00e9taire G\u00e9n\u00e9ral M. Michael PEREIRA \nMinist\u00e8re de la Justice - IDF-2025-09-29-00001 - Arr\u00eat\u00e9 portant subd\u00e9l\u00e9gation de la signature du Directeur interr\u00e9gional de la\nprotection judiciaire de la jeunesse Ile de France et Outre-Mer 29\n \n5 \n \nA l'effet de signer, \u00e0 compter du  1er Octobre 2025, au nom du pr\u00e9fet de la r\u00e9gion d'\u00cele -de-\nFrance, Pr\u00e9fet de Paris toutes d\u00e9cisions mentionn\u00e9es \u00e0 l'article 5 de l'arr\u00eat\u00e9 IDF-2020-11-27-003 \nsusvis\u00e9.  \nArticle 6 \nUne ampliation de cet arr\u00eat\u00e9 est adress\u00e9e au Pr\u00e9fet de la R\u00e9gion d'\u00cele-de-France, Pr\u00e9fet de Paris \n\u2013 direction des services administratifs du secr\u00e9tariat g\u00e9n\u00e9ral pour les affaires r\u00e9gionales.  \nArticle 7 \nEst abrog\u00e9, \u00e0 compter du  1er Octobre, l'arr\u00eat\u00e9 IDF-2025-09-04-00002 du 04 Septembre 2025 \nportant d\u00e9l\u00e9gation de signature du directeur interr\u00e9gional d e la  protection judiciaire de la \njeunesse \u00cele-de-France et Outre-mer.  \nArticle 8 \nLe directeur interr\u00e9gional de la protection judiciaire de la jeunesse \u00cele-de-France et Outre-mer \net les personnes mentionn\u00e9es aux articles  de ce pr\u00e9sent arr\u00eat\u00e9  sont charg\u00e9s,  \u00e0 compter du                         \n1er Octobre 2025, chacun en ce qui le concerne, de l'ex\u00e9cution du pr\u00e9sent arr\u00eat\u00e9 qui sera publi\u00e9 \nau recueil des actes administratifs de la pr\u00e9fecture de la r\u00e9gion d'\u00cele-de-France. \nFait \u00e0 Paris, le 29 Septembre 2025 \nPour le Pr\u00e9fet de la r\u00e9gion d'\u00cele-de-France, pr\u00e9fet de Paris, et par d\u00e9l\u00e9gation, \nLe directeur interr\u00e9gional de la protection judiciaire de la jeunesse \u00cele-de-France et Outre-mer. \n \nSign\u00e9 \nHerv\u00e9 DUPLENNE \n \n \n \n \nMinist\u00e8re de la Justice - IDF-2025-09-29-00001 - Arr\u00eat\u00e9 portant subd\u00e9l\u00e9gation de la signature du Directeur interr\u00e9gional de la\nprotection judiciaire de la jeunesse Ile de France et Outre-Mer 30\n \n6 \n \nANNEXE 1 : Liste nominative relative \u00e0 l'article 2 du pr\u00e9sent arr\u00eat\u00e9 \n \n \n \nDirection Structure d'affectation Unit\u00e9 \u00e9ducative Fonction Noms Nom marital Pr\u00e9noms\nDTPJJ 75 DTPJJ 75 DTPJJ 75 Directeur territorial KIEFFER MEIGNAN Anne\nDTPJJ 75 DTPJJ 75 DTPJJ 75 Directeur territorial adjoint Poste vacant\nDTPJJ 75 DTPJJ 75 DTPJJ 75 Responsable de l'appui au pilotage territorial BAROT Thomas\nDTPJJ 75 DTPJJ 75 DTPJJ 75 Responsable des politiques institutionnelles RUELLAND Richard\nDTPJJ 75 DTPJJ 75 DTPJJ 75 Responsable des politiques institutionnelles COUEDOR Anne\nDTPJJ 75 EPE Paris EPE Paris Directeur de service TAIL Djamila\nDTPJJ 75 EPE Paris EPE Paris RUE VILLETTE C\u00e9cilia\nDTPJJ 75 STEMO EST PARISIEN UEMO GOUBET Directeur de service MORDELET Oriane\nDTPJJ 75 STEMO EST PARISIEN UEMO GOUBET Responsable d'unit\u00e9 \u00e9ducative GODECHOT Elodie\nDTPJJ 75 STEMO EST PARISIEN UEMO CHEMIN VERT Responsable d'unit\u00e9 \u00e9ducative Poste vacant\nDTPJJ 75 STEMO PARIS MNA STEMO PARIS MNA Directeur de service MARCQ Julie\nDTPJJ 75 STEMO PARIS MNA UEMO PARIS MNA Responsable d'unit\u00e9 \u00e9ducative PISANIAS Tifany\nDTPJJ 75 STEMO PARIS MNA UEMO PARIS MNA Responsable d'unit\u00e9 \u00e9ducative DESSEN Laetitia\nDTPJJ 75 STEMO PARIS CENTRE STEMO PARIS CENTRE Directeur de service REYNAL Lila-Lou\nDTPJJ 75 STEMO PARIS CENTRE UEAT PARIS Responsable d'unit\u00e9 \u00e9ducative SAOULI Tifany\nDTPJJ 75 STEMO PARIS CENTRE UEMO LAFAYETTE - APPROCHE SYSTEMIQUE Responsable d'unit\u00e9 \u00e9ducative BAUJARD Marie-H\u00e9l\u00e9ne\nDTPJJ 75 STEMO SUD PARISIEN STEMO SUD PARISIEN Directeur de service VALEMBOIS Aude\nDTPJJ 75 STEMO SUD PARISIEN UEMO FRIANT Responsable d'unit\u00e9 \u00e9ducative PINON Claire\nDTPJJ 75 STEMO SUD PARISIEN UEMO BASTILLE Responsable d'unit\u00e9 \u00e9ducative GUAMIS Th\u00e9r\u00e8se\nDTPJJ 75 STEI DE PARIS STEI DE PARIS Directeur de service ARCHICH Mohamed\nDTPJJ 75 STEI DE PARIS UEAJ FONTAINE AU ROI Responsable d'unit\u00e9 \u00e9ducative JEAN V\u00e9ronique\nDTPJJ 75 STEI DE PARIS UEAJ ROMAINVILLE Responsable d'unit\u00e9 \u00e9ducative SER Patrick\nDTPJJ 75 STEMO NORD PARISIEN STEMO NORD PARISIEN Directeur de service PREVOST Typhaine\nDTPJJ 75 STEMO NORD PARISIEN UEMO PORTE DES LILAS Responsable d'unit\u00e9 \u00e9ducative STEPHAN C\u00e9cile\nDTPJJ 75 STEMO NORD PARISIEN UEMO PORTE DES LILAS Responsable d'unit\u00e9 \u00e9ducative BOUANANI Amina\nDirection Structure d'affectation Unit\u00e9 \u00e9ducative Fonction Noms Nom marital Pr\u00e9noms\nDTPJJ 77 DTPJJ 77 DTPJJ77 Directeur territorial RAULET Christelle\nDTPJJ 77 DTPJJ 77 DTPJJ77 Directeur territorial adjoint LEHRY Michel\nDTPJJ 77 DTPJJ 77 DTPJJ77 Responsable des politiques institutionnelles COPPRY Nadia\nDTPJJ 77 DTPJJ 77 DTPJJ 77 Responsable de l'appui au pilotage territorial LAUTRU Corinne\nDTPJJ 77 DTPJJ 77 DTPJJ77 Responsable des politiques institutionnelles FOUIDEN Hamid\nDTPJJ 77 STEMOI SUD 77 STEMOI SUD 77 Directeur de service AMRI AYARI In\u00e8s\nDTPJJ 77 STEMOI SUD 77 UEMO MELUN Responsable d'unit\u00e9 \u00e9ducative BEN ALLAL ESTIVAL Lynda\nDTPJJ 77 STEMOI SUD 77 UEMO MONTEREAU Responsable d'unit\u00e9 \u00e9ducative GAGNE GUIGNAT Nathalie\nDTPJJ 77 STEMOI SUD 77 UEAT MELUN Responsable d'unit\u00e9 \u00e9ducative ROSE - Anne\nDTPJJ 77 STEMOI SUD 77 UEAJ MELUN Responsable d'unit\u00e9 \u00e9ducative AMAR BOUSSARD Aur\u00e9lie\nDTPJJ 77 EPEI MEAUX EPEI MEAUX Directeur de service BUFFIERE Laurine\nDTPJJ 77 EPEI MEAUX UEHC MEAUX Responsable d'unit\u00e9 \u00e9ducative D'ENTRAYGUES Sandrine\nDTPJJ 77 EPEI MEAUX UEAJ CHELLES Responsable d'unit\u00e9 \u00e9ducative GEMAIN LUNION France-Lise\nDTPJJ 77 STEMO NORD 77 STEMO NORD 77 Directeur de service OLIVIER Muriel\nDTPJJ 77 STEMO NORD 77 UEMO MEAUX ARISTIDE BRIAND Responsable d'unit\u00e9 \u00e9ducative CECCALDI-REGNIER REGNIER Aline\nDTPJJ 77 STEMO NORD 77 UEMO - PEAT MEAUX Responsable d'unit\u00e9 \u00e9ducative Poste vacant\nDTPJJ 77 STEMO NORD 77 UEMO LAGNY SUR MARNE Responsable d'unit\u00e9 \u00e9ducative PICART Aur\u00e9lia\nDTPJJ 77 STEMOI CENTRE 77 STEMOI CENTRE 77 Directeur de service DEBAIN St\u00e9phanie\nDTPJJ 77 STEMOI CENTRE 77 UEMO LIEUSAINT Responsable d'unit\u00e9 \u00e9ducative COSKUN KARTAL Servet\nDTPJJ 77 STEMOI CENTRE 77 UEMO TORCY Responsable d'unit\u00e9 \u00e9ducative GLOUBI Jaoiad\nDTPJJ 77 STEMOI CENTRE 77 UEAJ COMBS LA VILLE Responsable d'unit\u00e9 \u00e9ducative BEN ESSAVY Abdel\nDirection Structure d'affectation Unit\u00e9 \u00e9ducative Fonction Noms Nom marital Pr\u00e9noms\nDTPJJ 78 DTPJJ 78 DTPJJ 78 Directeur territorial LEBOUC Denis\nDTPJJ 78 DTPJJ 78 DTPJJ 78 Directeur territorial adjoint CERVERA Catherine\nDTPJJ 78 DTPJJ 78 DTPJJ 78 Responsable des politiques institutionnelles DEHAUDT Elise \nDTPJJ 78 DTPJJ 78 DTPJJ 78 Responsable de l'appui de pilotage MUTOMBO Bilonda\nDTPJJ 78 STEMO SUD YVELINES STEMO SUD YVELINES Directeur de service FERNANDES Daniel\nDTPJJ 78 STEMO SUD YVELINES UEMO DE VOISINS Responsable d'unit\u00e9 \u00e9ducative ROCHETTE Dominique\nDTPJJ 78 STEMO SUD YVELINES UEMO DE VERSAILLES Responsable d'unit\u00e9 \u00e9ducative ROSSELLI Estelle\nDTPJJ 78 STEMO SUD YVELINES UEAT VERSAILLES Responsable d'unit\u00e9 \u00e9ducative GOFRON Mathilde\nDTPJJ 78 EPEI SUD YVELINES EPEI SUD YVELINES Directeur de service DE BOURAYNE Maylis\nDTPJJ 78 EPEI SUD YVELINES UEHDR VOISIN LE BRETONNEUX Responsable d'unit\u00e9 \u00e9ducative LELOUEY Nathalie\nDTPJJ 78 EPEI SUD YVELINES UEAJ PS VILLEPREUX Responsable d'unit\u00e9 \u00e9ducative MAGOTTEAUX Aurore\nDTPJJ 78 EPEI SUD YVELINES UEAJ DE VERSAILLES Responsable d'unit\u00e9 \u00e9ducative GUERIN Magali\nDTPJJ 78 STEMO VAL DE SEINE STEMO VAL DE SEINE Directeur de service SAR Fabienne\nDTPJJ 78 STEMO VAL DE SEINE UEMO POISSY Responsable d'unit\u00e9 \u00e9ducative SAINT-MARTIN Ghislaine\nDTPJJ 78 STEMO VAL DE SEINE UEMO MANTES Responsable d'unit\u00e9 \u00e9ducative AUBRY St\u00e9phanie\nDTPJJ 78 EPEI NORD YVELINES EPEI NORD YVELINES Directeur de service BLACHON Jean-Baptiste\nDTPJJ 78 EPEI NORD YVELINES UEHC AUBERGENVILLE Responsable d'unit\u00e9 \u00e9ducative FALL Mansour\nDTPJJ 78 EPEI NORD YVELINES UEAJ POISSY Responsable d'unit\u00e9 \u00e9ducative BINET Yann\nDTPJJ 78 SEEPM 78 SEEPM PORCHEVILLE Directeur de Service CADIN Julie\nDTPJJ 78 SEEPM 78 SEEPM PORCHEVILLE Responsable d'unit\u00e9 \u00e9ducative VIGOUROUX Fran\u00e7oise\nDTPJJ 78 SEEPM 78 SEEPM PORCHEVILLE Responsable d'unit\u00e9 \u00e9ducative AYAT Abdelkader\nDTPJJ 78 SEEPM 78 SEEPM PORCHEVILLE Responsable d'unit\u00e9 \u00e9ducative SAGON Audrey\nMinist\u00e8re de la Justice - IDF-2025-09-29-00001 - Arr\u00eat\u00e9 portant subd\u00e9l\u00e9gation de la signature du Directeur interr\u00e9gional de la\nprotection judiciaire de la jeunesse Ile de France et Outre-Mer 31\n \n7 \n \n \n \n \nDirection Structure d'affectation Unit\u00e9 \u00e9ducative Fonction Noms Nom marital Pr\u00e9noms\nDTPJJ 91 DTPJJ 91 DTPJJ91 Directeur territorial TILOUCH Hakim\nDTPJJ 91 DTPJJ 91 DTPJJ91 Directeur territorial adjoint MORINEAU Eglantine\nDTPJJ 91 DTPJJ 91 DTPJJ91 Responsable de l'appui au pilotage territorial MEIGNAN Philippe\nDTPJJ 91 DTPJJ 91 DTPJJ91 Responsable de l'appui au pilotage territorial - RH DELATTRE Nicolas\nDTPJJ 91 DTPJJ 91 DTPJJ91 Responsable des politiques institutionnelles LECHAIN K\u00e9vin\nDTPJJ 91 CEF BURES SUR YVETTE CEF BURES SUR YVETTE Directeur de service MARTINAT Laurence\nDTPJJ 91 CEF BURES SUR YVETTE CEF BURES SUR YVETTE Responsable d'unit\u00e9 \u00e9ducative ARRAMI Sonia\nDTPJJ 91 CEF BURES SUR YVETTE CEF BURES SUR YVETTE Responsable d'unit\u00e9 \u00e9ducative LIEVENS PEMPIE \u00c9milie\nDTPJJ 91 CEF SAVIGNY SUR ORGE CEF SAVIGNY SUR ORGE Directeur de service GALLOIS Clarisse\nDTPJJ 91 CEF SAVIGNY SUR ORGE CEF SAVIGNY SUR ORGE Responsable d'unit\u00e9 \u00e9ducative DJOMBE Thomas\nDTPJJ 91 CEF SAVIGNY SUR ORGE CEF SAVIGNY SUR ORGE Responsable d'unit\u00e9 \u00e9ducative KOUASSI Evelyne\nDTPJJ 91 EPE 91 EPE 91 Directeur de service AYVI-HOUEDO Aur\u00e8le\nDTPJJ 91 EPE 91 UEHC DRAVEIL Responsable d'unit\u00e9 \u00e9ducative POSTE VACANT\nDTPJJ 91 EPE 91 UEHC EPINAY SUR ORGE Responsable d'unit\u00e9 \u00e9ducative CORTESE MANKASSA-NKOUNKOU \u00c9milie\nDTPJJ 91 STEI ESSONNE STEI ESSONNE Directeur de service DIABIRA Gniaki\nDTPJJ 91 STEI ESSONNE UEAJ SAVIGNY SUR ORGE Responsable d'unit\u00e9 \u00e9ducative GOUAL M'Hamed\nDTPJJ 91 STEI ESSONNE UEAJ BURES SUR YVETTE Responsable d'unit\u00e9 \u00e9ducative POSTE VACANT \nDTPJJ 91 STEI ESSONNE UEAJ LES ULIS Responsable d'unit\u00e9 \u00e9ducative FREREJACQUE DELECOURT Muriel\nDTPJJ 91 SECJD SAINTE GENEVIEVE DES BOIS SECJD Directeur de service PAINDORGE Fran\u00e7ois\nDTPJJ 91 SECJD SAINTE GENEVIEVE DES BOIS SECJD Responsable d'unit\u00e9 \u00e9ducative GERY Isabelle\nDTPJJ 91 SECJD SAINTE GENEVIEVE DES BOIS SECJD Responsable d'unit\u00e9 \u00e9ducative BEY Anne-Pauline\nDTPJJ 91 STEMO BRETIGNY SUR ORGE STEMO BRETIGNY SUR ORGE Directeur de service PRIEST Carole\nDTPJJ 91 STEMO BRETIGNY SUR ORGE UEMO BRETIGNY SUR ORGE Responsable d'unit\u00e9 \u00e9ducative RIGHELE MUNOZ No\u00e9mie\nDTPJJ 91 STEMO BRETIGNY SUR ORGE UEMO PALAISEAU Responsable d'unit\u00e9 \u00e9ducative BOUGAULT BLANCHARD Anne\nDTPJJ 91 STEMO BRETIGNY SUR ORGE UEMO JUVISY SUR ORGE Responsable d'unit\u00e9 \u00e9ducative TIKHERBATINE MEHABLI Zelahika\nDTPJJ 91 STEMO COURCOURONNES STEMO COURCOURONNES Directeur de service MAUNOURY H\u00e9l\u00e8ne\nDTPJJ 91 STEMO COURCOURONNES UEMO COURCOURONNES Responsable d'unit\u00e9 \u00e9ducative COURBE DAUDRE Chryst\u00e8le\nDTPJJ 91 STEMO COURCOURONNES UEMO CORBEIL ESSONNE Responsable d'unit\u00e9 \u00e9ducative OULION Sophie\nDTPJJ 91 STEMO COURCOURONNES UEAT EVRY Responsable d'unit\u00e9 \u00e9ducative TOURE Mamadou\nDirection Structure d'affectation Unit\u00e9 \u00e9ducative Fonction Noms Nom marital Pr\u00e9noms\nDTPJJ 92 DTPJJ 92 DTPJJ 92 Directeur territorial POSTE VACANT\nDTPJJ 92 DTPJJ 92 DTPJJ 92 Directrice territoriale Adjointe COLLIN Sandrine\nDTPJJ 92 DTPJJ 92 DTPJJ 92 Responsable de l'appui au pilotage territorial LARGLANTIER Axelle\nDTPJJ 92 DTPJJ 92 DTPJJ 92 Responsable des politiques institutionnelles TROQUET Nadine\nDTPJJ 92 DTPJJ 92 STEMO NORD 92 Directeur de service ORLANDI Jean-Yves\nDTPJJ 92 STEMO NORD 92 UEMO LA GARENNE COLOMBES Responsable d'unit\u00e9 \u00e9ducative POSTE VACANT\nDTPJJ 92 STEMO NORD 92 UEMO VILLENEUVE LA GARENNE Responsable d'unit\u00e9 \u00e9ducative CHADLI Kheira\nDTPJJ 92 STEMO Centre 92 STEMO CENTRE 92 Directeur de service BOMANE-SA\u00cfB G\u00e9rard\nDTPJJ 92 STEMO Centre 92 UEMO NANTERRE Responsable d'unit\u00e9 \u00e9ducative FALCONNET Corinne\nDTPJJ 92 STEMO Centre 92 UEMO SURESNES Responsable d'unit\u00e9 \u00e9ducative THEETEN Peggy\nDTPJJ 92 STEMO Centre 92 UEAT NANTERRE Responsable d'unit\u00e9 \u00e9ducative FLOUME Caroline\nDTPJJ 92 STEMO SUD 92 STEMO SUD 92 Directeur de service BOUNAB Sara\nDTPJJ 92 STEMO SUD 92 UEMO BOURG LA REINE Responsable d'unit\u00e9 \u00e9ducative PHILIPPEAU V\u00e9ronique\nDTPJJ 92 STEMO SUD 92 UEMO MALAKOFF Responsable d'unit\u00e9 \u00e9ducative FELIX Fanny\nDTPJJ 92 EPEI ASNIERES EPEI ASNIERES Directeur de service MONNEREAU Justine\nDTPJJ 92 EPEI ASNIERES UEHC ASNIERES Responsable d'unit\u00e9 \u00e9ducative CHEVRIER Olivier\nDTPJJ 92 EPEI ASNIERES UEAJ LEVALLOIS-PERRET  Responsable d'unit\u00e9 \u00e9ducative COUCHY Christophe\nDTPJJ 92 EPEI BAGNEUX EPEI BAGNEUX Directeur de service LEAL Sarah\nDTPJJ 92 EPEI BAGNEUX UEHC BAGNEUX Responsable d'unit\u00e9 \u00e9ducative COMPAN Chryst\u00e8le\nDTPJJ 92 EPEI BAGNEUX UEAJ MALAKOFF Responsable d'unit\u00e9 \u00e9ducative MAILLOT Khadija\nDTPJJ 92 DTPJJ HAUTS DE SEINE si\u00e8ge \u00e0 LA GARENNE COLOMBES Conseiller technique formation LE GOFF Jean-Emmanuel\nDTPJJ 92 DTPJJ HAUTS DE SEINE si\u00e8ge \u00e0 LA GARENNE COLOMBES Conseill\u00e8re technique sant\u00e9 LASNIER Ma\u00ebva\nDirection Structure d'affectation Unit\u00e9 \u00e9ducative Fonction Noms Nom marital Pr\u00e9noms\nDTPJJ 93 DTPJJ 93 DTPJJ 93 Directeur territorial MECHEHAR Hannifa\nDTPJJ 93 DTPJJ 93 DTPJJ 93 Directeur territorial adjoint NTIFI Sophia\nDTPJJ 93 DTPJJ 93 DTPJJ 93 Responsable de l'appui au pilotage territorial DESSIS Pauline\nDTPJJ 93 DTPJJ 93 DTPJJ 93 Responsable de l'appui au pilotage territorial RABIAT Chlo\u00e9\nDTPJJ 93 DTPJJ 93 DTPJJ 93 Responsable des politiques institutionnelles Poste vacant\nDTPJJ 93 DTPJJ 93 DTPJJ 93 Responsable des politiques institutionnelles GARCIA Lydie\nDTPJJ 93 STEMO PANTIN STEMO/UEMO PANTIN Directeur de service MOUSTACHE Yves\nDTPJJ 93 STEMO PANTIN UEMO PANTIN Responsable d'unit\u00e9 \u00e9ducative CROAJOU Anaelle\nDTPJJ 93 STEMO PANTIN UEMO AUBERVILLIERS Responsable d'unit\u00e9 \u00e9ducative LECORCHER Pierre\nDTPJJ 93 STEMO LE RAINCY STEMO/UEMO LE RAINCY Directeur de service GHARBI Maxime\nDTPJJ 93 STEMO LE RAINCY UEMO NOISY LE GRAND Responsable d'unit\u00e9 \u00e9ducative DALACHE Elodie\nDTPJJ 93 STEMO LE RAINCY UEMO LE RAINCY Responsable d'unit\u00e9 \u00e9ducative BELMER Christelle\nDTPJJ 93 STEMO LE RAINCY UEMO MONTREUIL Responsable d'unit\u00e9 \u00e9ducative POSADZKI Aur\u00e9lie\nDTPJJ 93 STEMO PIERREFITTE STEMO PIERREFITTE Directeur de service NAKIB Omar\nDTPJJ 93 STEMO PIERREFITTE UEMO PIERREFITTE Responsable d'unit\u00e9 \u00e9ducative EL  GAROUANI Said\nDTPJJ 93 STEMO PIERREFITTE UEMO PIERREFITTE Responsable d'unit\u00e9 \u00e9ducative BEY Anne Pauline\nDTPJJ 93 STEMO PIERREFITTE UEMO SAINT-OUEN Responsable d'unit\u00e9 \u00e9ducative FRERET Corinne\nDTPJJ 93 STEMO PIERREFITTE UEMO SAINT-DENIS Responsable d'unit\u00e9 \u00e9ducative PROVOT Maxime\nDTPJJ 93 STEMO DRANCY STEMO DRANCY Directeur de service MASSON Oc\u00e9ane\nDTPJJ 93 STEMO DRANCY UEMO DRANCY Responsable d'unit\u00e9 \u00e9ducative LAURET Andr\u00e9a\nDTPJJ 93 STEMO DRANCY UEMO AULNAY Responsable d'unit\u00e9 \u00e9ducative CHERIFA MENIRI Soraya\nDTPJJ 93 STEMO DRANCY QUARTIERS MINEURS Villepinte Responsable d'unit\u00e9 \u00e9ducative LINEY LUBELO Patricia\nDTPJJ 93 CEF EPINAY CEF EPINAY Directeur de service MAHOUCHE Zakya\nDTPJJ 93 CEF EPINAY CEF EPINAY Responsable d'unit\u00e9 \u00e9ducative FOFANA Youssouph\nDTPJJ 93 CEF EPINAY CEF EPINAY Responsable d'unit\u00e9 \u00e9ducative ZEROUALI Djamal\nDTPJJ 93 CEF EPINAY CEF EPINAY Responsable d'unit\u00e9 \u00e9ducative OUBAALI S'mail\nDTPJJ 93 EPE PANTIN EPE/UEHC PANTIN Directeur de service NOURINE ELAID Rachida \nDTPJJ 93 EPE PANTIN UEHC PANTIN Responsable d'unit\u00e9 \u00e9ducative SLIFI Fatima\nDTPJJ 93 EPE PANTIN UEHD PANTIN Responsable d'unit\u00e9 \u00e9ducative DZIAN Dimitri\nDTPJJ 93 EPE ROSNY- SOUS -BOIS EPE ROSNY- SOUS -BOIS Directeur de service CHAPIN Angelina\nDTPJJ 93 EPE ROSNY- SOUS -BOIS UEHDM d'aubervilliers Responsable d'unit\u00e9 \u00e9ducative ARRAMI Sonia\nDTPJJ 93 SEAT BOBIGNY SEAT BOBIGNY Directeur de service YSABEL Maiwenn\nDTPJJ 93 STEI DE VILLEMOMBLE STEI DE VILLEMOMBLE Directeur de service ANGWE-NZE Julien \nDTPJJ 93 STEI DE VILLEMOMBLE UEAJ VILLEMOMBLE Responsable d'unit\u00e9 \u00e9ducative BELKEDIEM Afif\nDTPJJ 93 STEI DE VILLEMOMBLE UEAJ DE SAINT-DENIS Responsable d'unit\u00e9 \u00e9ducative TOULORGE MAGALI\nDTPJJ 93 STEI DE VILLEMOMBLE UEAJ DE PANTIN Responsable d'unit\u00e9 \u00e9ducative FERGUENIS Abd-Mallek\nMinist\u00e8re de la Justice - IDF-2025-09-29-00001 - Arr\u00eat\u00e9 portant subd\u00e9l\u00e9gation de la signature du Directeur interr\u00e9gional de la\nprotection judiciaire de la jeunesse Ile de France et Outre-Mer 32\n \n8 \n \n \n \n \n \n \n \n \n \nDirection Structure d'affectation Unit\u00e9 \u00e9ducative Fonction Noms Nom marital Pr\u00e9noms\nDTPJJ 94 DTPJJ 94 DTPJJ 94 Directeur territorial LAPENE Caroline\nDTPJJ 94 DTPJJ 94 DTPJJ 94 Directeur territorial adjoint BARTHE VIEILLEVIGNE Florence\nDTPJJ 94 DTPJJ 94 DTPJJ 94 Responsable de l'appui au pilotage territorial MIALON Virginie\nDTPJJ 94 DTPJJ 94 DTPJJ 94 Responsable des politiques institutionnelles OLIVE-MARINO Sonia\nDTPJJ 94 EPE ARCUEIL EPE ARCUEIL Directeur de service DURUAL Jenna\nDTPJJ 94 EPE ARCUEIL UEHC Arcueil Responsable d'unit\u00e9 \u00e9ducative LE FOULGOC Tristan\nDTPJJ 94 EPE ARCUEIL UEHD CRETEIL Responsable d'unit\u00e9 \u00e9ducative HOUBRON Benoit\nDTPJJ 94 EPE VAL-DE-MARNE EPE VAL-DE-MARNE Directeur de service SAMSON Nicolas\nDTPJJ 94 EPE VAL-DE-MARNE UEHC NOGENT-SUR-MARNE Responsable d'unit\u00e9 \u00e9ducative GAABOUR Adil\nDTPJJ 94 EPE VAL-DE-MARNE UEHC VILLIERS-SUR-MARNE Responsable d'unit\u00e9 \u00e9ducative PETIT C\u00e9cile\nDTPJJ 94 STEI CRETEIL STEI CRETEIL Directeur de service MATHONNIERE Catherine\nDTPJJ 94 STEI CRETEIL UEAJ CRETEIL Responsable d'unit\u00e9 \u00e9ducative DA SILVA Nathalie\nDTPJJ 94 STEI CRETEIL UEAJ LE-PERREUX-SUR-MARNE Responsable d'unit\u00e9 \u00e9ducative KOFFI EBANDA Raoul\nDTPJJ 94 STEI CRETEIL UEAJ CRETEIL RA \"du soleil plien l'assiette\" Responsable d'unit\u00e9 \u00e9ducative GUIGUET Jean-S\u00e9bastien\nDTPJJ 94 STEMO CENTRE 94 STEMO CENTRE 94 Directeur de service JAZANI Carla\nDTPJJ 94 STEMO CENTRE 94 UEMO CRETEIL Responsable d'unit\u00e9 \u00e9ducative TURRIERE C\u00e9line \nDTPJJ 94 STEMO CENTRE 94 UEMO VILLENEUVE-ST-GEORGES Responsable d'unit\u00e9 \u00e9ducative RAMBLADO Adeline\nDTPJJ 94 STEMO EST 94 STEMO EST 94 Directeur de service COTE Thomas\nDTPJJ 94 STEMO EST 94 UEMO NOGENT-SUR-MARNE Responsable d'unit\u00e9 \u00e9ducative LACOUX C\u00e9line \nDTPJJ 94 STEMO EST 94 UEAT CRETEIL Responsable d'unit\u00e9 \u00e9ducative MOREY Caroline\nDTPJJ 94 STEMO OUEST 94 STEMO OUEST 94 Directeur de service BERTHIER Diane\nDTPJJ 94 STEMO OUEST 94 UEMO VITRY-SUR-SEINE Responsable d'unit\u00e9 \u00e9ducative DIAWARA Makumba\nDTPJJ 94 STEMO OUEST 94 UEMO ARCUEIL Responsable d'unit\u00e9 \u00e9ducative DEMBELE Fatoumata\nDirection Structure d'affectation Unit\u00e9 \u00e9ducative Fonction Noms Nom marital Pr\u00e9noms\nDTPJJ 95 DTPJJ 95 DTPJJ 95 Directeur territorial BOUBKER Abdelaziz\nDTPJJ 95 DTPJJ 95 DTPJJ 95 Directeur territorial adjoint MARREC Gr\u00e9gory\nDTPJJ 95 DTPJJ 95 DTPJJ 95 Responsable de l'appui au pilotage territorial ALEXANDRE Talencia\nDTPJJ 95 DTPJJ 95 DTPJJ 95 Responsable des politiques institutionnelles ORTEGA-PELLETIER Cl\u00e9ment \nDTPJJ 95 EPEI DE VILLIERS-LE-BEL EPEI VILLIERS-LE-BEL Directeur de service XAVIER XAVIER-GRELET St\u00e9phane\nDTPJJ 95 EPEI DE VILLIERS-LE-BEL UEHC VILLIERS LE BEL Responsable d'unit\u00e9 \u00e9ducative POSTE VACANT\nDTPJJ 95 EPEI DE VILLIERS-LE-BEL UEAJ VILLIERS LE BEL Responsable d'unit\u00e9 \u00e9ducative BEN AMRAMNE Majda\nDTPJJ 95 EPEI DE PONTOISE EPEI PONTOISE Directeur de service NESTORET Marie-Nella\nDTPJJ 95 EPEI DE PONTOISE UEHC PONTOISE Responsable d'unit\u00e9 \u00e9ducative BOUCHTA Jennifer\nDTPJJ 95 EPEI DE PONTOISE UEAJ COURDIMANCHE Responsable d'unit\u00e9 \u00e9ducative POSTE VACANT\nDTPJJ 95 CEF SAINT-BRICE CEF SAINT-BRICE Directeur de service DENY Alice\nDTPJJ 95 CEF SAINT-BRICE CEF SAINT BRICE Responsable d'unit\u00e9 \u00e9ducative GRECO Cl\u00e9lia\nDTPJJ 95 CEF SAINT-BRICE CEF SAINT BRICE Responsable d'unit\u00e9 \u00e9ducative POSTE VACANT\nDTPJJ 95 STEMO EST STEMO EST Directeur de service POSTE VACANT\nDTPJJ 95 STEMO EST UEMO SARCELLES Responsable d'unit\u00e9 \u00e9ducative REMBAUD Maggy\nDTPJJ 95 STEMO EST UEMO ARNOUVILLE Responsable d'unit\u00e9 \u00e9ducative OURO DJOBO Abdel Malik\nDTPJJ 95 STEMO OUEST STEMO OUEST Directeur de service FADIGA Mamadou\nDTPJJ 95 STEMO OUEST UEMO COURDIMANCHE Responsable d'unit\u00e9 \u00e9ducative BEY VAZELLE Angeline\nDTPJJ 95 STEMO OUEST UEMO ARGENTEUIL Responsable d'unit\u00e9 \u00e9ducative LE NOZERH Joanna\nDTPJJ 95 STEMO OUEST UEAT PONTOISE Responsable d'unit\u00e9 \u00e9ducative DUBARD Corinne\nDirection Structure d'affectation Fonction Noms Nom marital Pr\u00e9noms\nDIRPJJ DIRECTION Directeur interr\u00e9gional adjoint DEVAUX S\u00e9verine\nDIRPJJ DIRECTION Secr\u00e9taire g\u00e9n\u00e9ral PEREIRA Michael\nDIRPJJ CABINET Chef de cabinet PAJOU DEHRI-PAJOU R\u00e9jane\nDIRPJJ CABINET Chef de cabinet adjoint TEMBELY Aminata\nDIRPJJ DRH Directeur des ressources humaines GROH DEGENEVE Bathilde\nDIRPJJ DRH Directeur adjoint des ressources humaines POSTE VACANT\nDIRPJJ DRH Responsable gestion administrative et financi\u00e8re LUCE Marie-Claire\nDIRPJJ DRH Chef de p\u00f4le de la gestion administrative et Financi\u00e8re DEMAY Marie-Ange\nDIRPJJ DRH Chef de p\u00f4le de la gestion administrative et Financi\u00e8re DRIGUET Vincent\nDIRPJJ DRH Chef de p\u00f4le de la gestion administrative et Financi\u00e8re CORNU Traicy\nDIRPJJ DRH Responsable contr\u00f4le interne paie TECHER Sonia\nDIRPJJ DRH Responsable de la gestion pr\u00e9visionnelle des emploi, des effectifs et des comp\u00e9tences GARCIA Emilie\nDIRPJJ DRH Responsable juridique contentieux OULMOKTAR In\u00e8s\nDIRPJJ DRH Responsable Gestion Parcours Comp\u00e9tences HUMATH Nista\nDIRPJJ DIRECTION Responsable ma\u00eetrise des risques MILLET \u00a0 B\u00e9atrice \nDIRPJJ DIRECTION Charg\u00e9 de mission Outre-mer TETU-DUMAS Steevens\nDIRPJJ DEPAFI Directeur de l'\u00e9valuation et de la programmation des affaires financi\u00e8res et immobili\u00e8res PAVY Laure\nDIRPJJ DEPAFI Directeur adjoint de l'\u00e9valuation et de la programmation des affaires financi\u00e8res et immobili\u00e8res SAUGNER ADAM D\u00e9borah\nDIRPJJ DEPAFI Responsable contr\u00f4le interne financier JENDOUBI Najete\nDIRPJJ DEPAFI Responsable unit\u00e9 tarification SAH SINQUIN LARVENT Audrey\nDIRPJJ DEPAFI Gestionnaire unit\u00e9 tarification SAH POSTE VACANT\nDIRPJJ DEPAFI GESTIONNAIRE BUD ET FINANCIER GENOUD Emilie\nDIRPJJ DEPAFI Gestionnaire unit\u00e9 tarification SAH NOUTSA Nicolas\nDIRPJJ DEPAFI APPRENTI SALIM Khalid\nDIRPJJ DEPAFI Responsable unit\u00e9 facturation SAH FEBVRE Caroline\nDIRPJJ DEPAFI Responsable unit\u00e9 immobilier KOREZ Robert\nDIRPJJ DEPAFI Responsable unit\u00e9 ex\u00e9cution Budg\u00e9taire LEPROVOST Pascale\nDIRPJJ DEPAFI Responsable unit\u00e9 Commande Publique POSTE VACANT\nDIRPJJ DEPAFI Gestionnaire valideur unit\u00e9 commande publique SAFFAR Karine\nDIRPJJ DEPAFI Gestionnaire valideur unit\u00e9 ex\u00e9cution budg\u00e9taire EGUREN Amada\nDIRPJJ DEPAFI Gestionnaire valideur unit\u00e9 ex\u00e9cution budg\u00e9taire BAPT Val\u00e9rie\nDIRPJJ DEPAFI Gestionnaire valideur unit\u00e9 ex\u00e9cution budg\u00e9taire DIATTA Binta\nDIRPJJ DEPAFI Gestionnaire valideur immobilier CHAFA Thania\nDIRPJJ DEPAFI Directeur au Syst\u00e8me d'information POSTE VACANT\nDIRPJJ RLC R\u00e9f\u00e9rente La\u00efcit\u00e9 Citoyennet\u00e9 POSTE VACANT\nDIRPJJ RLC R\u00e9f\u00e9rente La\u00efcit\u00e9 Citoyennet\u00e9 MABILLE Guillaume\nDIRPJJ DME Directeur des missions \u00e9ducatives BASSINOT Jean-Yves\nDIRPJJ DME Directeur adjoint des missions \u00e9ducatives GAONAC'H St\u00e9phanie\nDIRPJJ DRH GESTIONNAIRE RH QUERREC Isabelle \nDIRPJJ DRH GESTIONNAIRE RH GONDAO Rosa\nDIRPJJ DRH GESTIONNAIRE RH JAY Sylvain\nMinist\u00e8re de la Justice - IDF-2025-09-29-00001 - Arr\u00eat\u00e9 portant subd\u00e9l\u00e9gation de la signature du Directeur interr\u00e9gional de la\nprotection judiciaire de la jeunesse Ile de France et Outre-Mer 33\n \n9 \n \nANNEXE 2 : Liste nominative relative \u00e0 l'article 2 bis du pr\u00e9sent arr\u00eat\u00e9 \n \n \n \n \n \nDTPJJ 75 DTPJJ PARIS si\u00e8ge \u00e0 PARIS ASSISTANT RAPT (Certification service fait) Poste vacant\nDTPJJ 75 DTPJJ PARIS si\u00e8ge \u00e0 PARIS ASSISTANT RAPT (Certification service fait) AHMED RABI Nema\nDTPJJ 75 DTPJJ PARIS si\u00e8ge \u00e0 PARIS ADJ. ADM. EN DT (Certification service fait) GOMIS Kakabindouthe\nDTPJJ 75 EPE PARIS UEHC SALOMON DE CAUS SECRETAIRE (Certification service fait) BARRY Marie Laure\nDTPJJ 75 STEI PARIS UEAJ FONTAINE AU ROI ADJ. ADM. (Certification service fait) GHALLAB Adam\nDTPJJ 75 STEI PARIS UEAJ RUE DE ROMAINVILLE SECRETAIRE (Certification service fait) TISSIER Guylaine\nDTPJJ 75 STEMO NORD PARISIEN UEMO CH\u00c2TEAU D'EAU ADJ. ADM. (Certification service fait) ATTELY Jeanne\nDTPJJ 75 STEMO NORD PARISIEN UEMO PORTE DES LILAS SECRETAIRE (Certification service fait) IFOUDINE Rabha\nDTPJJ 75 STEMO PARIS CENTRE UEAT PARIS SECRETAIRE (Certification service fait) MOKRANE IDANI Nadia\nDTPJJ 75 STEMO PARIS CENTRE UEAT PARIS SECRETAIRE (Certification service fait) VADIMON Myrella\nDTPJJ 75 STEMO PARIS EST UEMO PARIS CHEMIN VERT SECRETAIRE (Certification service fait) SOUICI Lotfi\nDTPJJ 75 STEMO PARIS EST UEMO PARIS GOUBET SECRETAIRE (Certification service fait) BOUAROUA Hayet\nDTPJJ 75 STEMO DEROGATOIRE PARIS MNA UEMO PARIS MNA SECRETAIRE (Certification service fait) RAMKUMAR Saranya\nDTPJJ 75 STEMO PARIS SUD UEMO PARIS BASTILLE SECRETAIRE (Certification service fait) LEROY Gaelle\nDTPJJ 75 STEMO PARIS SUD UEMO PARIS FRIANT SECRETAIRE (Certification service fait) BRUNE Dilan\nDTPJJ 77 DTPJJ SEINE ET MARNE si\u00e8ge \u00e0 MELUN DTPJJ77 ADJ. ADM. EN DT (certification service fait) BLIRANDO Laura\nDTPJJ 77 DTPJJ SEINE ET MARNE si\u00e8ge \u00e0 MELUN DTPJJ77 ADJ. ADM. EN DT (certification service fait) THEBAUD Yves\nDTPJJ 77 DTPJJ SEINE ET MARNE si\u00e8ge \u00e0 MELUN DTPJJ77 ASSISTANT RAPT (certification service fait) MARREAU Isabelle\nDTPJJ 77 DTPJJ SEINE ET MARNE si\u00e8ge \u00e0 MELUN DTPJJ77 ASSISTANT RAPT (certification service fait) JACQUELIN RONDEAU Marie-Jose\nDTPJJ 77 EPEI MEAUX UEAJ CHELLES SECRETAIRE (certification service fait) WISNY SELLALI Betty\nDTPJJ 77 EPEI MEAUX UEHC MEAUX SECRETAIRE (certification service fait) poste vacant\nDTPJJ 77 STEMO NORD SEINE ET MARNE si\u00e8ge \u00e0 MEAUX UEMO LAGNY SUR MARNE SECRETAIRE (certification service fait) MESSIBA NIAKATE Theresa\nDTPJJ 77 STEMO NORD SEINE ET MARNE si\u00e8ge \u00e0 MEAUX UEMO MEAUX ARISTIDE BRIAND SECRETAIRE (certification service fait) COQUIL Karine\nDTPJJ 77 STEMO NORD SEINE ET MARNE si\u00e8ge \u00e0 MEAUX UEMO MEAUX GAMBETTA SECRETAIRE (certification service fait) DOUKALI ABDICHE Nawel\nDTPJJ 77 STEMOI CENTRE SEINE ET MARNE LIEUSAINT UEAJ COMBS LA VILLE SECRETAIRE (certification service fait) SAPIENZA Jocelyne\nDTPJJ 77 STEMOI CENTRE SEINE ET MARNE LIEUSAINT UEMO LIEUSAINT SECRETAIRE (certification service fait) PECHINE LELOUP Bernadette\nDTPJJ 77 STEMOI CENTRE SEINE ET MARNE LIEUSAINT UEMO TORCY SECRETAIRE (certification service fait) NIAKATE Sale\nDTPJJ 77 STEMOI MELUN SUD SEINE ET MARNE VAUX LE PENIL UEAJ MELUN DUGUESCLIN SECRETAIRE (certification service fait) RIVOIRE Stephanie\nDTPJJ 77 STEMOI MELUN SUD SEINE ET MARNE VAUX LE PENIL UEAT MELUN SECRETAIRE (certification service fait) BOMBELENGUA Marie-Jose\nDTPJJ 77 STEMOI MELUN SUD SEINE ET MARNE VAUX LE PENIL UEAT MELUN SECRETAIRE (certification service fait) HACHIM BAROUDI Radia\nDTPJJ 77 STEMOI MELUN SUD SEINE ET MARNE VAUX LE PENIL UEMO MELUN SECRETAIRE (certification service fait) BYTYQI Marina\nDTPJJ 77 STEMOI MELUN SUD SEINE ET MARNE VAUX LE PENIL STEMOI SUD 77 SECRETAIRE (certification service fait) LEFAIT LEFAIT JENNIFER\nDTPJJ 77 STEMOI MELUN SUD SEINE ET MARNE VAUX LE PENIL UEMO MELUN SECRETAIRE (certification service fait) OBENG Majorie\nDTPJJ 77 STEMOI MELUN SUD SEINE ET MARNE VAUX LE PENIL UEMO MONTEREAU SECRETAIRE (certification service fait) TELCIDE Laeticia\nDTPJJ 78 DTPJJ YVELINES si\u00e8ge \u00e0 VERSAILLES ADJ. ADM. EN DT (Certification service fait) TAU A\u00efcha\nDTPJJ 78 DTPJJ YVELINES si\u00e8ge \u00e0 VERSAILLES ADJ. ADM. EN DT (Certification service fait) Poste vacant\nDTPJJ 78 DTPJJ YVELINES si\u00e8ge \u00e0 VERSAILLES Assistant RAPT (Certification service fait) GAUTHIER Odette\nDTPJJ 78 DTPJJ YVELINES si\u00e8ge \u00e0 VERSAILLES Assistant RAPT (Certification service fait) LEUDIERE Viriginie\nDTPJJ 78 EPEI NORD YVELINES si\u00e8ge \u00e0 AUBERGENVILLE UEHC AUBERGENVILLE SECRETAIRE (Certification service fait) HAMEL Estelle\nDTPJJ 78 EPEI VILLEPREUX SUD YVELINES UEHDR VOISIN LE BRETONNEUX SECRETAIRE (Certification service fait) MONTOUT Gladys\nDTPJJ 78 EPEI VILLEPREUX SUD YVELINES UEAJ VILLEPREUX SECRETAIRE (Certification service fait) BELARBI BOUBCHIR Warda\nDTPJJ 78 EPEI VILLEPREUX SUD YVELINES UEAJ VERSAILLES SUD YVELINES SECRETAIRE (Certification service fait) TOURNIER Sandrine\nDTPJJ 78 SE-EPM PORCHEVILLE UESEEPM PORCHEVILLE SECRETAIRE (Certification service fait) BERTIN B\u00e9reng\u00e8re\nDTPJJ 78 SE-EPM PORCHEVILLE UESEEPM PORCHEVILLE SECRETAIRE (Certification service fait) KARI Razera\nDTPJJ 78 STEMO SUD YVELINES si\u00e8ge VERSAILLES UEAT VERSAILLES SECRETAIRE (Certification service fait) RIET Sandrine\nDTPJJ 78 STEMO SUD YVELINES si\u00e8ge VERSAILLES UEMO VERSAILLES SECRETAIRE (Certification service fait) NIAKATE Fatoumata\nDTPJJ 78 STEMO SUD YVELINES si\u00e8ge VERSAILLES UEMO VOISINS LE BRETONNEUX SECRETAIRE (Certification service fait) TANDIA DELACOUX Diari\u00e9tou\nDTPJJ 78 STEMO VAL DE SEINE POISSY UEMO MANTES LA JOLIE SECRETAIRE (Certification service fait) GOLD DALG Thomas\nDTPJJ 78 STEMO VAL DE SEINE POISSY UEMO POISSY SECRETAIRE (Certification service fait) FRIHA Benjamin\nDTPJJ 91 CEF BURES SUR YVETTE UECEF BURES SUR YVETTE SECRETAIRE (Certification service fait) KAZUMBA-ILUNGA WASSO Mamina\nDTPJJ 91 CEF SAVIGNY SUR ORGE UECEF SAVIGNY SUR ORGE SECRETAIRE (Certification service fait) MILARD PEOLAT Michele\nDTPJJ 91 DTPJJ ESSONNE si\u00e8ge \u00e0 EPINAY SUR ORGE ADJ. ADM. EN DT (Certification service fait) COMMERGNAT Laure \nDTPJJ 91 DTPJJ ESSONNE si\u00e8ge \u00e0 EPINAY SUR ORGE ADJ. ADM. EN DT (Certification service fait) SCARANO Lydia\nDTPJJ 91 DTPJJ ESSONNE si\u00e8ge \u00e0 EPINAY SUR ORGE ASSISTANT RAPT (Certification service fait) VINCENT DUPONT Stella\nDTPJJ 91 DTPJJ ESSONNE si\u00e8ge \u00e0 EPINAY SUR ORGE ASSISTANT RAPT (Certification service fait) ZAMMIT M\u00e9lisa\nDTPJJ 91 DTPJJ ESSONNE si\u00e8ge \u00e0 EPINAY SUR ORGE ASSISTANT RAPT (Certification service fait) NTSIKABAKA MASSAMBA NAKAVOUA Estelle\nDTPJJ 91 EPE ESSONNE DRAVEIL UEHC DRAVEIL SECRETAIRE (Certification service fait) BELAIR Malika\nDTPJJ 91 EPE ESSONNE DRAVEIL UEHC EPINAY SUR ORGE SECRETAIRE (Certification service fait) KENGUEMBAT Genevie\nDTPJJ 91 SE-CJD SAINTE GENEVIEVE DES BOIS UESECJD SAINTE GENEVIEVE DES BOIS SECRETAIRE (Certification service fait) YANSOUNOU LINYON Joelle\nDTPJJ 91 SE-CJD SAINTE GENEVIEVE DES BOIS UESECJD SAINTE GENEVIEVE DES BOIS SECRETAIRE (Certification service fait) SAVELLI Priscilla\nDTPJJ 91 STEI ESSONNE SAVIGNY SUR ORGE UEAJ LES ULIS SECRETAIRE (Certification service fait) VINCENT St\u00e9phanie\nDTPJJ 91 STEI ESSONNE SAVIGNY SUR ORGE UEAJ SAVIGNY SUR ORGE SECRETAIRE (Certification service fait) SMAIL CIAVARELLA Sabrina\nDTPJJ91 STEI ESSONNE SAVIGNY SUR ORGE UEAJ BURES SUR YVETTE SECRETAIRE (Certification service fait) LAFORET Priscilla\nDTPJJ 91 STEMO BRETIGNY SUR ORGE UEMO BRETIGNY SUR ORGE SECRETAIRE (Certification service fait) GUETTROT Estelle\nDTPJJ 91 STEMO BRETIGNY SUR ORGE UEMO JUVISY SUR ORGE SECRETAIRE (Certification service fait) LI FUT WAH Richard\nDTPJJ 91 STEMO BRETIGNY SUR ORGE UEMO PALAISEAU SECRETAIRE (Certification service fait) VADEE Cassandra\nDTPJJ 91 STEMO COURCOURONNES UEAT EVRY SECRETAIRE (Certification service fait) MOHAMED DIAKANA-NGAI Tamhine\nDTPJJ 91 STEMO COURCOURONNES UEMO CORBEIL ESSONNE SECRETAIRE (Certification service fait) BOUDON DESSAGNE Sylvie\nDTPJJ 91 STEMO COURCOURONNES UEMO COURCOURONNES SECRETAIRE (Certification service fait) ADDA REZIG Linda\nDTPJJ 92 DTPJJ HAUTS DE SEINE si\u00e8ge \u00e0 LA GARENNE COLOMBES ADJ. ADM. EN DT (certification service fait) LOUISON Esther\nDTPJJ 92 DTPJJ HAUTS DE SEINE si\u00e8ge \u00e0 LA GARENNE COLOMBES ASSISTANT RAPT (certification service fait) SY Jennifer\nDTPJJ 92 DTPJJ HAUTS DE SEINE si\u00e8ge \u00e0 LA GARENNE COLOMBES ASSISTANT RAPT (certification service fait) RIOS VERA Manuel\nDTPJJ 92 EPEI ASNIERES SUR SEINE UEAJ LEVALLOIS PERRET SECRETAIRE (certification service fait) BORIES SCOTT Eric\nDTPJJ 92 EPEI ASNIERES SUR SEINE UEHC ASNIERES SUR SEINE SECRETAIRE (certification service fait) KHORCHID Soraya\nDTPJJ 92 EPEI BAGNEUX UEAJ MALAKOFF SECRETAIRE (certification service fait) MICHEL DUCALCON Cathy\nDTPJJ 92 EPEI BAGNEUX UEHC BAGNEUX SECRETAIRE (certification service fait) NEBAHAT Celik\nDTPJJ 92 STEMO BOURG LA REINE SUD HAUTS DE SEINE UEMO BOURG LA REINE SECRETAIRE (certification service fait) BOUDARENE NEGROUCHE Rosa\nDTPJJ 92 STEMO BOURG LA REINE SUD HAUTS DE SEINE UEMO MALAKOFF SECRETAIRE (certification service fait) VIRGINIE Saahra\nDTPJJ 92 STEMO LA GARENNE COLOMBES NORD HAUTS DE SEINE UEMO LA GARENNE COLOMBES SECRETAIRE (certification service fait) KOUTTI Fatima\nDTPJJ 92 STEMO LA GARENNE COLOMBES NORD HAUTS DE SEINE UEMO VILLENEUVE LA GARENNE SECRETAIRE (certification service fait) NASRI Sonia\nDTPJJ 92 STEMO NANTERRE CENTRE HAUTS DE SEINE UEAT NANTERRE SECRETAIRE (certification service fait) MERAOUNA Nadia\nDTPJJ 92 STEMO NANTERRE CENTRE HAUTS DE SEINE UEMO NANTERRE SECRETAIRE (certification service fait) DA COSTA BORDA Michelle\nDTPJJ 92 STEMO NANTERRE CENTRE HAUTS DE SEINE UEMO SURESNES SECRETAIRE (certification service fait) SILVAIN Nathalie\nMinist\u00e8re de la Justice - IDF-2025-09-29-00001 - Arr\u00eat\u00e9 portant subd\u00e9l\u00e9gation de la signature du Directeur interr\u00e9gional de la\nprotection judiciaire de la jeunesse Ile de France et Outre-Mer 34\n \n10 \n \n \n \n \n \n \nDTPJJ 93 DTPJJ93 DTPJJ 93 SECRETAIRE (certification service fait) Poste vacant\nDTPJJ 93 CEF EPINAY SUR SEINE UECEF EPINAY SUR SEINE SECRETAIRE (certification service fait) ZOUARH Samia\nDTPJJ 93 DTPJJ SEINE ST DENIS si\u00e8ge \u00e0 PANTIN ASSISTANT RAPT (certification service fait) CHERRAD Sonia\nDTPJJ 93 DTPJJ SEINE ST DENIS si\u00e8ge \u00e0 PANTIN ADJ. ADM. EN DT (certification service fait) Poste vacant\nDTPJJ 93 DTPJJ SEINE ST DENIS si\u00e8ge \u00e0 PANTIN SECRETAIRE (certification service fait) NAMILOS Manuella\nDTPJJ 93 DTPJJ SEINE ST DENIS si\u00e8ge \u00e0 PANTIN ADJ. ADM. EN DT (certification service fait) JEAN LOUIS Cecilia\nDTPJJ 93 DTPJJ SEINE ST DENIS si\u00e8ge \u00e0 PANTIN ADJ. ADM. EN DT (certification service fait) BEN FREDJ Zied\nDTPJJ 93 EPE PANTIN UEHC PANTIN SECRETAIRE (certification service fait) Poste vacant\nDTPJJ 93 EPE PANTIN UEHC PANTIN Edacateur (certification service fait) HACHMI Zakarya\nDTPJJ 93 EPE PANTIN UEHC PANTIN Edacateur (certification service fait) BONY Maximilien\nDTPJJ 93 EPE PANTIN UEHC PANTIN Edacateur (certification service fait) BADIANE Nyohor\nDTPJJ 93 EPE PANTIN UEHD PANTIN SECRETAIRE (certification service fait) CHAJID TRINQUIER Djamila\nDTPJJ 93 EPE SEINE SAINT DENIS UEHC ROSNY SOUS BOIS SECRETAIRE (certification service fait) Poste vacant\nDTPJJ 93 EPE SEINE SAINT DENIS UEHD AUBERVILLIERS SECRETAIRE (certification service fait) MASSOL HERON Prisca\nDTPJJ 93 SEAT BOBIGNY UESEAT BOBIGNY SECRETAIRE (certification service fait) TEROSIET Jean Pierre\nDTPJJ 93 SEAT BOBIGNY UESEAT BOBIGNY SECRETAIRE (certification service fait) REGHDAL Sania\nDTPJJ 93 SEAT BOBIGNY UESEAT BOBIGNY SECRETAIRE (certification service fait) COQUET Serena\nDTPJJ 93 SEAT BOBIGNY UESEAT BOBIGNY Edacateur (certification service fait) BRAUN Alexandre\nDTPJJ 93 SEAT BOBIGNY UESEAT BOBIGNY Edacateur (certification service fait) PAQUEMAR Ketsiat\nDTPJJ 93 STEI VILLEMOMBLE UEAJ VILLEMOMBLE SECRETAIRE (certification service fait) CARRAUD DART Marie Christine\nDTPJJ 93 STEI VILLEMOMBLE STEI DE VILLEMOMBLE SECRETAIRE (certification service fait) CHAVATTE Bruno\nDTPJJ 93 STEI VILLEMOMBLE UEAJ PANTIN SECRETAIRE (certification service fait) HENRY Marine \nDTPJJ 93 STEI VILLEMOMBLE UEAJ SAINT-DENIS SECRETAIRE (certification service fait) RICHOL Sira\nDTPJJ 93 STEMO DRANCY UEMO AULNAY SOUS BOIS SECRETAIRE (certification service fait) CHAHID SELLOU Fouzia\nDTPJJ 93 STEMO DRANCY UEMO DRANCY SECRETAIRE (certification service fait) BERNA SULTAN Coralie\nDTPJJ 93 STEMO DRANCY UEQM VILLEPINTE SECRETAIRE (certification service fait) UGAR Gadem\nDTPJJ 93 STEMO DRANCY UEQM VILLEPINTE SECRETAIRE (certification service fait) SEBIANE Hakima\nDTPJJ 94 STEMO DRANCY UEQM VILLEPINTE Edacateur (certification service fait) BELQASMI Yanis\nDTPJJ 93 STEMO LE RAINCY UEMO LE RAINCY SECRETAIRE (certification service fait) LEMOINE In\u00e8s\nDTPJJ 93 STEMO LE RAINCY UEMO LE RAINCY SECRETAIRE (certification service fait) ANDRE-FLORENTIN Lorraine\nDTPJJ 93 STEMO LE RAINCY UEMO MONTREUIL Edacateur (certification service fait) HALTER Gwenaelle \nDTPJJ 93 STEMO LE RAINCY UEMO MONTREUIL Edacateur (certification service fait) CAZENAVE Christelle\nDTPJJ 93 STEMO LE RAINCY UEMO MONTREUIL SECRETAIRE (certification service fait) DURANTEAU Christine\nDTPJJ 93 STEMO LE RAINCY UEMO NOISY LE GRAND ADJ. ADM (certification service fait) BESUBE Oriana\nDTPJJ 93 STEMO LE RAINCY UEMO NOISY LE GRAND SECRETAIRE (certification service fait) SILVA Caroline\nDTPJJ 93 STEMO PANTIN UEMO AUBERVILLIERS SECRETAIRE (certification service fait) VIGILANT Aline\nDTPJJ 93 STEMO PANTIN UEMO PANTIN Edacateur (certification service fait) GOMEZ Brice\nDTPJJ 93 STEMO PANTIN UEMO PANTIN SECRETAIRE (certification service fait) CALO Marina\nDTPJJ 93 STEMO PIERREFITTE SUR SEINE UEMO PIERREFITTE SECRETAIRE (certification service fait) BEN AMOR Amma\nDTPJJ 93 STEMO PIERREFITTE SUR SEINE UEMO ST DENIS SECRETAIRE (certification service fait) BRUMANT Nathalie\nDTPJJ 93 STEMO PIERREFITTE SUR SEINE UEMO ST DENIS Edacateur (certification service fait) FOFANA Issa\nDTPJJ 93 STEMO PIERREFITTE SUR SEINE UEMO SAINT OUEN SECRETAIRE (certification service fait) LEBRETON Samantha\nDTPJJ 94 DTPJJ VAL DE MARNE si\u00e8ge \u00e0 CRETEIL ADJ. ADM. EN DT  (certification service fait) ZMIEFF Alexia\nDTPJJ 94 DTPJJ VAL DE MARNE si\u00e8ge \u00e0 CRETEIL ADJ. ADM. EN DT (certification service fait) VILMEN LAVENETTE Jocelyne\nDTPJJ 94 DTPJJ VAL DE MARNE si\u00e8ge \u00e0 CRETEIL ASSISTANT RAPT (certification service fait) POULOLO Clarisse\nDTPJJ 94 DTPJJ VAL DE MARNE si\u00e8ge \u00e0 CRETEIL ASSISTANT RAPT (certification service fait) HAUDIQUET Valerie\nDTPJJ 94 EPE ARCUEIL UEHC ARCUEIL SECRETAIRE (certification service fait) TEROSIET Jean-Pierre\nDTPJJ 94 EPE ARCUEIL UEHD CRETEIL SECRETAIRE (certification service fait) SAINT ANDRE Angeline\nDTPJJ 94 EPE VAL DE MARNE si\u00e8ge \u00e0 Nogent sur Marne UEHC NOGENT SUR MARNE SECRETAIRE (certification service fait) FRIGERE Liliane\nDTPJJ 94 EPE VAL DE MARNE si\u00e8ge \u00e0 Nogent sur Marne UEHC VILLIERS SUR MARNE SECRETAIRE (certification service fait) HARTOUN Fatiha\nDTPJJ 94 STEI CRETEIL UEAJ RESTAURANT D'APPLICATION CRETEIL SECRETAIRE (certification service fait) RICHARD Carolyne\nDTPJJ 94 UEAJ RESTAURANT D'APPLICATION CRETEIL SECRETAIRE (certification service fait) MARGUERITE Lea\nDTPJJ 94 STEI CRETEIL UEAJ LE PERREUX SUR MARNE SECRETAIRE (certification service fait) JAMES Nathalie\nDTPJJ 94 STEI CRETEIL SECRETAIRE (certification service fait) BEUST HOUCHOT Carine\nDTPJJ 94 STEMO CENTRE VAL DE MARNE si\u00e8ge \u00e0 CRETEIL UEMO CRETEIL SECRETAIRE (certification service fait) KHANJY Liela\nDTPJJ 94 STEMO CENTRE VAL DE MARNE si\u00e8ge \u00e0 CRETEIL UEMO VILLENEUVE ST GEORGES SECRETAIRE (certification service fait) PALAZOT Lucie\nDTPJJ 94 STEMO EST VAL DE MARNE si\u00e8ge \u00e0 NOGENT SUR MARNE UEAT CRETEIL SECRETAIRE (certification service fait) BOULERHCHA RENAUDEAU Nassera\nDTPJJ 94 STEMO EST VAL DE MARNE si\u00e8ge \u00e0 NOGENT SUR MARNE UEMO NOGENT SUR MARNE SECRETAIRE (certification service fait) YATERA Fatoumata\nDTPJJ 94 STEMO OUEST VAL DE MARNE si\u00e8ge \u00e0 VITRY SUR SEINE UEMO ARCUEIL SECRETAIRE (certification service fait) KANOR Frederique\nDTPJJ 94 STEMO OUEST VAL DE MARNE si\u00e8ge \u00e0 VITRY SUR SEINE UEMO ARCUEIL SECRETAIRE (certification service fait) CAMARA Assa\nDTPJJ 94 STEMO OUEST VAL DE MARNE si\u00e8ge \u00e0 VITRY SUR SEINE UEMO VITRY SUR SEINE SECRETAIRE (certification service fait) POULIN Steffy\nDTPJJ 95 DTPJJ VAL D'OISE si\u00e8ge \u00e0 CERGY PONTOISE DTPJJ 95 ADJ. ADM. EN DT (certification service fait) GUERIN Fr\u00e9d\u00e9ric\nDTPJJ 95 DTPJJ VAL D'OISE si\u00e8ge \u00e0 CERGY PONTOISE DTPJJ 95 ASSISTANT RAPT (certification service fait) TINARD Stephane\nDTPJJ 95 DTPJJ VAL D'OISE si\u00e8ge \u00e0 CERGY PONTOISE DTPJJ 95 ASSISTANT RAPT (certification service fait) IL YAM Issouf\nDTPJJ 95 CEF ST BRICE SOUS FORET UECEF ST BRICE SOUS FORET SA (certification service fait) LAPORAL Marie France\nDTPJJ 95 EPEI PONTOISE UEAJ COURDIMANCHE ADJ-A (certification service fait) TINOT Myriane\nDTPJJ 95 EPEI PONTOISE UEHC PONTOISE SECRETAIRE (certification service fait) BOURAS GLET Souad\nDTPJJ 95 EPEI VILLIERS LE BEL UEAJ VILLIERS LE BEL SECRETAIRE (certification service fait) SEYMOUR ZELINE Sophie\nDTPJJ 95 EPEI VILLIERS LE BEL UEHC VILLIERS LE BEL SECRETAIRE (certification service fait) Poste vacant\nDTPJJ 95 STEMO COURDIMANCHE OUEST VAL D'OISE UEAT PONTOISE SECRETAIRE (certification service fait) SELLIER DURAND Liliane\nDTPJJ 95 STEMO COURDIMANCHE OUEST VAL D'OISE UEMO ARGENTEUIL SECRETAIRE (certification service fait) MEUDEUF Elianne\nDTPJJ 95 STEMO COURDIMANCHE OUEST VAL D'OISE UEMO COURDIMANCHE SECRETAIRE (certification service fait) PAUMIER Belinda\nDTPJJ 95 STEMO SARCELLES EST VAL D'OISE UEMO ARNOUVILLE SECRETAIRE (certification service fait) PEREIRA Sylvie\nDTPJJ 95 STEMO SARCELLES EST VAL D'OISE UEMO SARCELLES SECRETAIRE (certification service fait) RODRIGUES CARVALHO CARRICO Maria Amelia\nDIRPJJ DEPAFI GESTIONNAIRE BUD ET FINANCIER (certification service fait) GONZALEZ CARAGLIANO ESPERANCE\nDIRPJJ DEPAFI AA BUD ET FINANCIER (certification service fait) NTCHORERE SABRINA\nDIRPJJ DEPAFI AA BUD ET FINANCIER SAH (certification service fait) GENOUD FABIEN\nDIRPJJ DEPAFI AA BUD ET FINANCIER SAH (certification service fait) MARIE-SAINTE Sylvie\nDIRPJJ DEPAFI AA BUD ET FINANCIER (certification service fait) MILLET Timoth\u00e9e\nDIRPJJ DEPAFI AA BUD ET FINANCIER (certification service fait) PLACIDE Marie Paule\nDIRPJJ DEPAFI APPRENTI ARSLAN Christian\nDIRPJJ DEPAFI CIR VAUTIER Christophe\nDIRPJJ DEPAFI CIR LALCON Marc\nDIRPJJ DEPAFI GESTIONNAIRE TRAVAUX (certification service fait) MERCIER Jo\u00ebl\nDIRPJJ DEPAFI CHARGE D'OI/ENERGY MANAGER (certification service fait) NOBLET Fabrice\nDIRPJJ DEPAFI GESTIONNAIRE REFERENTIEL IMMOBILIER (certification service fait) EL HAMAMMI Abla\nDIRPJJ DRH SECRETAIRE (certification service fait) LAMBERT CORINNE\nDIRPJJ DME ADJ. ADM. EN DIR (certification service fait) BARONTINI LUDIVINE\nDIRPJJ DIRECTION ADJ. ADM. EN DIR (certification service fait) AHAMED Youmna\nDIRPJJ DIRECTION ADJ. ADM. EN DIR (certification service fait) ABED C\u00e9lia\nMinist\u00e8re de la Justice - IDF-2025-09-29-00001 - Arr\u00eat\u00e9 portant subd\u00e9l\u00e9gation de la signature du Directeur interr\u00e9gional de la\nprotection judiciaire de la jeunesse Ile de France et Outre-Mer 35\nRectorat de la r\u00e9gion acad\u00e9mique\nd'Ile-de-France, rectorat de l'acad\u00e9mie de Paris\nIDF-2025-09-17-00006\nArr\u00eat\u00e9 n\u00b02025-124-RA portant subd\u00e9l\u00e9gation de\nsignature en mati\u00e8re de contr\u00f4le de l\u00e9galit\u00e9 des\nactes des \u00e9tablissements publics locaux\nd'enseignement rattach\u00e9s \u00e0 la r\u00e9gion d'Ile de\nFrance \nRectorat de la r\u00e9gion acad\u00e9mique d'Ile-de-France, rectorat de l'acad\u00e9mie de Paris - IDF-2025-09-17-00006 - Arr\u00eat\u00e9 n\u00b02025-124-RA\nportant subd\u00e9l\u00e9gation de signature en mati\u00e8re de contr\u00f4le de l\u00e9galit\u00e9 des actes des \u00e9tablissements publics locaux d'enseignement\nrattach\u00e9s \u00e0 la r\u00e9gion d'Ile de France \n36\n                         \n             \n      \n \nArr\u00eat\u00e9 n\u00b02025-124-RA \nportant subd\u00e9l\u00e9gation de signature en mati\u00e8re de contr\u00f4le de l\u00e9galit\u00e9 des actes des \n\u00e9tablissements publics locaux d'enseignement rattach\u00e9s \u00e0 la r\u00e9gion d'Ile de France \n \nLA RECTRICE DE LA REGION ACADEMIQUE ILE-DE-FRANCE, \nRECTRICE DE L'ACADEMIE DE PARIS \n    \n \nVu le code de l'\u00e9ducation, et notamment les articles L. 421-14 alin\u00e9a I et R. 421-54 ; \n \nVu le d\u00e9cret n\u00b0 2004-374 du 29 avril 2004 modifi\u00e9 relatif aux pouvoirs des pr\u00e9fets, \u00e0 \nl'organisation et \u00e0 l'action des services de l'Etat dans les r\u00e9gions et d\u00e9partements ; \n \nVu le d\u00e9cret n\u00b0 2012 -1246 du 7 novembre 2012 modifi\u00e9 relatif \u00e0 la gestion budg\u00e9taire et \ncomptable publique ; \n \nVu le d\u00e9cret du Pr\u00e9sident de la R\u00e9publique du 12 mars 2025 portant nomination de Mme Julie \nBENETTI en qualit\u00e9 de rectrice de la r\u00e9gion acad\u00e9mique Ile-de-France, rectrice de l'acad\u00e9mie \nde Paris ; \n \nVu le d\u00e9cret du Pr\u00e9sident de la R\u00e9publique du 26 f\u00e9vrier 2025  portant nomination de                  \nM. Laurent NOE, e n qualit\u00e9 de directeur de l'acad\u00e9mie de Paris \u00e0 compter du 3 mars 2025, \npour une dur\u00e9e de quatre ans ; \n \nVu l'arr\u00eat\u00e9 minist\u00e9riel en date du 18 juillet 2022 portant nomination de Mme Delphine VIOT, \nattach\u00e9e d'administration de l'Etat hors classe, dans l'empl oi de secr\u00e9taire g\u00e9n\u00e9rale de \nl'acad\u00e9mie de Paris, en charge de l'enseignement scolaire, pour une premi\u00e8re p\u00e9riode de \nquatre ans, du 25 ao\u00fbt 2022 au 24 ao\u00fbt 2026 ; \n \nVu l'arr\u00eat\u00e9 minist\u00e9riel du 19 juillet 2024  portant nomination et classement de M. Jonathan \nDUVAL, attach\u00e9 statisticien principal de l'Insee, dans l'emploi d'adjoint au secr\u00e9taire g\u00e9n\u00e9ral \nd'acad\u00e9mie, en charge du p\u00f4le programmation scolaire, pilotage et fonctions supports  au \nrectorat de l'acad\u00e9mie de Paris pour une premi\u00e8re p\u00e9riode de 4 ans du 1er septembre 2024 au \n31 ao\u00fbt 2028 ; \n \nVu l'arr\u00eat\u00e9 minist\u00e9riel du 21 novembre 2024  portant nomination de M. Henrick YERBE, \nattach\u00e9 d'administration de l'Etat, en qualit\u00e9 de chef du service interacad\u00e9mique des affaires \njuridiques de la r\u00e9gion acad\u00e9mique Ile-de-France \u00e0 compter du 1er janvier 2025 ; \n \nVu l'arr\u00eat\u00e9 minist\u00e9riel en date du 25 mai 2021 portant mutation de M. J\u00e9r\u00f4me POISON, attach\u00e9 \nprincipal d'administration, au rectorat de l'acad\u00e9mie de Paris, en qualit\u00e9  de chef de division \ndes affaires financi\u00e8res de l'acad\u00e9mie de Paris, \u00e0 compter du 12 juillet 2021 ; \n \nVu l'arr\u00eat\u00e9 n\u00b0 IDF -2025-03-26-00002 du 26 mars 2025 de M. le pr\u00e9fet de la r\u00e9gion d'Ile -de-\nFrance, pr\u00e9fet de Paris, portant d\u00e9l\u00e9gation de signature \u00e0 Mme Julie BENETTI, rectrice de la \nr\u00e9gion acad\u00e9mique Ile-de-France, rectrice de l'acad\u00e9mie de Paris, en mati\u00e8re de contr\u00f4le de \nl\u00e9galit\u00e9 des \u00e9tablissements publics locaux d'enseignement rattach\u00e9s \u00e0 la r\u00e9gion d' Ile-de-\nFrance ; \nRectorat de la r\u00e9gion acad\u00e9mique d'Ile-de-France, rectorat de l'acad\u00e9mie de Paris - IDF-2025-09-17-00006 - Arr\u00eat\u00e9 n\u00b02025-124-RA\nportant subd\u00e9l\u00e9gation de signature en mati\u00e8re de contr\u00f4le de l\u00e9galit\u00e9 des actes des \u00e9tablissements publics locaux d'enseignement\nrattach\u00e9s \u00e0 la r\u00e9gion d'Ile de France \n37\n \n \n \nARRETE \n \n \nArticle 1 er \u2014 Au titre du contr\u00f4le de l\u00e9galit\u00e9, en cas d'absence ou d'emp\u00eachement de            \nMme Julie BENETTI, rectrice de la r\u00e9gion acad\u00e9mique Ile -de-France, rectrice de l'acad\u00e9mie \nde Paris, d\u00e9l\u00e9gation de signature est donn\u00e9e \u00e0 M. Laurent NO\u00c9, directeur de l'acad \u00e9mie de \nParis, pour recevoir et signer les accus\u00e9s de r\u00e9ception des actes des \u00e9tablissements publics \nlocaux d'enseignement rattach\u00e9s \u00e0 la r\u00e9gion d'Ile-de-France dans le ressort de l'acad\u00e9mie de \nParis, ci-apr\u00e8s \u00e9num\u00e9r\u00e9s : \n \na) les d\u00e9lib\u00e9rations du conseil d'administration relatives : \n- \u00e0 la passation des conventions et contrats, et notamment des march\u00e9s ; \n- au recrutement de personnels ; \n- au financement des voyages scolaires ; \n \nb) les d\u00e9cisions du chef d'\u00e9tablissement relatives : \n- aux march\u00e9s et aux conventions comportant des incidences financi\u00e8res, \u00e0  l'exception \ndes march\u00e9s pass\u00e9s selon une proc\u00e9dure adapt\u00e9e en raison de leur montant \nconform\u00e9ment aux dispositions de l'article 28 du code des march\u00e9s publics ; \n- au recrutement et au lice nciement des personnels li\u00e9s par contrat \u00e0 l'\u00e9tablissement \nainsi qu'aux mesures disciplinaires prises \u00e0 l'encontre de ces personnels ; \n \nc) les d\u00e9cisions du chef d'\u00e9tablissement relatives : \n- aux march\u00e9s et aux conventions comportant des incidences financi\u00e8res, \u00e0 l'exception \ndes march\u00e9s pass\u00e9s selon une proc\u00e9dure adapt\u00e9e en raison de leur montant \nconform\u00e9ment aux dispositions de l'article 28 du code des march\u00e9s publics ; \n- au recrutement et au licenciement des personnels li\u00e9s par contrat \u00e0 l'\u00e9tablissement \nainsi qu'aux mesures disciplinaires prises \u00e0 l'encontre de ces personnels ; \n \nArticle 2 \u2014 D\u00e9l\u00e9gation est donn\u00e9e \u00e0 M. Laurent NO\u00c9, directeur de l'acad\u00e9mie de Paris, \u00e0 \nl'effet de signer les demandes de pi\u00e8ces compl\u00e9mentaires, lettres d'observations et recours \ngracieux form\u00e9s \u00e0 l'encontre des actes \u00e9num\u00e9r\u00e9s \u00e0 l'article 1er.  \n \nArticle 3 \u2014 En cas d'absence ou d'emp\u00eachement de M. Laurent NO\u00c9, directeur de l'acad\u00e9mie \nde Paris, la m\u00eame d\u00e9l\u00e9gation de signature qui lui est donn\u00e9e par Mme Julie BENETTI, rectrice \nde l'acad\u00e9mie d e Paris, e st accord\u00e9e \u00e0 Mme Delphine VIOT , secr\u00e9taire g\u00e9n\u00e9rale de \nl'enseignement scolaire. \n \nArticle 4 \u2014 A l'exception des actes relatifs aux march\u00e9s publics, en cas d'absence ou \nd'emp\u00eachement de Mme Delphine VIOT , d\u00e9l\u00e9gation est donn\u00e9e \u00e0 M. Jonathan DUVAL,  \nsecr\u00e9taire g\u00e9n\u00e9ral adjoint en charge du p\u00f4le programmation scolaire, pilotage et fonctions \nsupports. En cas d'absence de M. Jonathan DUVAL, d\u00e9l\u00e9gation est donn\u00e9e \u00e0             M. \nHenrick YERBE, chef du service interacad\u00e9mique des affaires juridiques.  \nEn cas d'absence ou d'emp\u00eachement de M. Henrick YERBE, subd\u00e9l\u00e9gation est donn\u00e9e \u00e0 \nMme Claire PINGARD, cheffe de bureau de la cellule financi\u00e8re de la division des affaires \njuridiques.  \n \nArticle 5 \u2014 En ce qui concerne les demandes de pi\u00e8ces compl\u00e9mentaires, le ttres \nd'observations et recours gracieux form\u00e9s contre les actes relatifs aux march\u00e9s publics, en \ncas d'absence ou d'emp \u00eachement de Mme Delphine VIOT , d\u00e9l\u00e9gation est donn\u00e9e \u00e0 M. \nJonathan DUVAL, secr\u00e9taire g\u00e9n\u00e9ral adjoint en charge du p\u00f4le programmation sco laire, \npilotage et fonctions supports.  \nEn cas d'absence de M. Jonathan DUVAL, d\u00e9l\u00e9gation est donn\u00e9e \u00e0 M. J\u00e9r\u00f4me POISON, chef \nde la division des affaires financi\u00e8res.  \n \nRectorat de la r\u00e9gion acad\u00e9mique d'Ile-de-France, rectorat de l'acad\u00e9mie de Paris - IDF-2025-09-17-00006 - Arr\u00eat\u00e9 n\u00b02025-124-RA\nportant subd\u00e9l\u00e9gation de signature en mati\u00e8re de contr\u00f4le de l\u00e9galit\u00e9 des actes des \u00e9tablissements publics locaux d'enseignement\nrattach\u00e9s \u00e0 la r\u00e9gion d'Ile de France \n38\n \n \n \n \nArticle 6 \u2014 Les d\u00e9l\u00e9gations de signature indiqu\u00e9es aux articles 2, 3, 4 et 5 s'appliquent \n\u00e9galement aux actes des \u00e9tablissements publics locaux d'enseignement rattach\u00e9s \u00e0 la r\u00e9gion \nd'Ile de France, non soumis \u00e0 l'obligation de transmission. \n \nArticle 7 \u2014 L'arr\u00eat\u00e9 n\u00b0 2024-111-RA du 28 mars 2025 portant subd\u00e9l\u00e9gation de signature en \nmati\u00e8re de contr\u00f4le de l\u00e9galit\u00e9 des actes des EPLE rattach\u00e9s \u00e0 la r\u00e9g ion d'Ile de France est \nabrog\u00e9. \n \nArticle 8 \u2014 La secr\u00e9taire g\u00e9n\u00e9rale de l'enseignement scolaire est charg\u00e9e de l'application du \npr\u00e9sent arr\u00eat\u00e9 qui sera publi\u00e9 au recueil des actes administratifs de la pr\u00e9fecture de la r\u00e9gion \nd'Ile de France, pr\u00e9fecture de Paris. \n \nFait \u00e0 Paris, le 17 septembre 2025 \n \n \n \n \nLa Rectrice de la r\u00e9gion acad\u00e9mique d'\u00cele-de-France, \nRectrice de l'acad\u00e9mie de Paris, \nChanceli\u00e8re des universit\u00e9s de Paris et d'\u00cele-de France, \n \n                      Sign\u00e9 \n \nJulie BENETTI \n \n \n            \n            \n            \n             \nRectorat de la r\u00e9gion acad\u00e9mique d'Ile-de-France, rectorat de l'acad\u00e9mie de Paris - IDF-2025-09-17-00006 - Arr\u00eat\u00e9 n\u00b02025-124-RA\nportant subd\u00e9l\u00e9gation de signature en mati\u00e8re de contr\u00f4le de l\u00e9galit\u00e9 des actes des \u00e9tablissements publics locaux d'enseignement\nrattach\u00e9s \u00e0 la r\u00e9gion d'Ile de France \n39","date":"2025-09-29","first_seen_on":"2025-09-29T17:26:49+00:00","id":"2400abbc4bd5c4e3b353aa0456c1b69418406be587f2806d4ba21b543da3b267","name":"recueilDS-idf-063-2025-09-recueil-des-actes-administratifs-special du 29.09.2025","pdf_creation_date":"2025-09-29T14:59:38+00:00","pdf_modification_date":null,"timezone":"Europe/Paris","url":"https://www.prefectures-regions.gouv.fr/ile-de-france/irecontenu/telechargement/131375/964930/file/recueilDS-idf-063-2025-09-recueil-des-actes-administratifs-special%20du%2029.09.2025.pdf"}
