{"administration":"pref55","administration_name":"Pr\u00e9fecture de la Meuse","content":"PREFETDE LA MEUSELibert\u00e9Egalit\u00e9Fraternit\u00e9\nRECUEIL DES ACTES ADMINISTRATIFS\nDE LA\nPR\u00c9FECTURE DE LA MEUSE\nRecueil N\u00b0 76 31/07/05\n  \n- SOMMAIRE -\nPR\u00c9FECTURE DE LA MEUSE\nDIRECTION DE LA CITOYENNET\u00c9\nET DE LA L\u00c9GALIT\u00c9\nBUREAU DES RELATIONS AVEC\nLES COLLECTIVIT\u00c9S TERRITORIALES\nArr\u00eat\u00e9  inter-pr\u00e9fectoral  n\u00b052-2025-07-00158  du  29  juillet  2025  portant  adh\u00e9sion  du  Syndicat\nintercommunal du Nord Bassigny au Syndicat D\u00e9partemental d'\u00c9nergie et des D\u00e9chets 52, transfert de\nla comp\u00e9tence \"Technologies de l'Information et de la Communication\" et actualisation des statuts.\nBUREAU DE LA R\u00c9GLEMENTATION, DES \u00c9LECTIONS \nET DES RELATIONS AVEC LE PUBLIC\nArr\u00eat\u00e9 n\u00b0 2025 - 1655  du 28 juillet 2025 fixant les modalit\u00e9s d'organisation et le calendrier \u00e9lectoral en\nvue de l'\u00e9lection des juges du Tribunal de commerce de Bar-le-Duc au titre de l'ann\u00e9e 2025 et portant\nconvocation des \u00e9lecteurs.\nDIRECTION DE LA COORDINATION DES\nPOLITIQUES PUBLIQUES ET DE L'APPUI\nTERRITORIAL\nBUREAU DE L'INTERMINIST\u00c9RIALIT\u00c9\nArr\u00eat\u00e9 n\u00b0 2025 \u2013 1669 du 31 juillet 2025 accordant d\u00e9l\u00e9gation de signature \u00e0 M. Eric LE ROUX, Sous-Pr\u00e9fet\nde COMMERCY.\n\nArr\u00eat\u00e9 n\u00b0 2025 - 1670 du 31 juillet 2025 accordant d\u00e9l\u00e9gation de signature, au titre des permanences, \u00e0 :\n\u2013 M. Christian ROBBE-GRILLET, Secr\u00e9taire G\u00e9n\u00e9ral de la pr\u00e9fecture,\n\u2013 M. Xavier PANNECOUCKE, Sous-Pr\u00e9fet de Verdun,\n\u2013 M. Eric LE ROUX, Sous-Pr\u00e9fet de Commercy,\n\u2013 M. Cyril CHARBONNIER, Sous-Pr\u00e9fet charg\u00e9 de mission aupr\u00e8s du Pr\u00e9fet de la Meuse,\n\u2013 Mme Sara JANSSEN, Directrice de cabinet\nArr\u00eat\u00e9 n\u00b0 2025 - 1671 du 31 juillet 2025 accordant d\u00e9l\u00e9gation de signature \u00e0 M. Christian ROBBE-GRILLET,\nSecr\u00e9taire G\u00e9n\u00e9ral de la pr\u00e9fecture de la Meuse.\nArr\u00eat\u00e9 n\u00b0 2025 \u2013 1672 du 31 juillet 2025 accordant d\u00e9l\u00e9gation de signature \u00e0 M. Xavier PANNECOUCKE,\nSous-Pr\u00e9fet de VERDUN.\nArr\u00eat\u00e9  pr\u00e9fectoral  n\u00b0  2025 - 1677  du 31 juillet 2025  accordant d \u00e9l\u00e9gation de signature \u00e0 M.  Fabrice\nGROSSIR, directeur d\u00e9partemental de la police nationale de la Meuse, et chef de la circonscription de\npolice nationale de Bar-le-Duc,  \u00e0 l'effet  de signer  les immobilisations  et  les mises en fourri\u00e8re des\nv\u00e9hicules.\nArr\u00eat\u00e9  pr\u00e9fectoral n\u00b0  2025 - 1678 du 31 juillet 2025  accordant d\u00e9l\u00e9gation de signature \u00e0 M. Fabrice\nGROSSIR, directeur d\u00e9partemental de la police nationale de la Meuse, et chef de la circonscription de\npolice nationale de Bar-le-Duc, en mati\u00e8re d'ordonnancement secondaire.\nArr\u00eat\u00e9  pr\u00e9fectoral  n\u00b0  2025 - 1679 du 31 juillet 2025  accordant d\u00e9l\u00e9gation de signature \u00e0 M. Fabrice\nGROSSIR, directeur d\u00e9partemental de la police nationale de la Meuse, et chef de la circonscription de\npolice nationale de Bar-le-Duc, pour les sanctions du premier groupe.\nSECR\u00c9TARIAT G\u00c9N\u00c9RAL COMMUN D\u00c9PARTEMENTAL\nDIRECTION D\u00c9PARTEMENTALE DES TERRITOIRES\nArr\u00eat\u00e9 n\u00b0 11167-2025-DDT-UTN du 29 juillet 2025portant le renouvellement du bureau de l'Association\nFonci\u00e8re de Remembrement des PRES DE SORCY-SAINT-MARTIN et EUVILLE.\nArr\u00eat\u00e9 n\u00b011169-2025 DDT-SEA du 24 juillet 2025 fixant la compostion de la formation sp\u00e9cialis\u00e9e de la\nCommission D\u00e9partementale d'Orientation de l'Agriculture (CDOA) appel\u00e9e \u00e0 donner son avis sur les\ndossiers relatifs aux groupements agricoles d'exploitation en commun (GAEC).\nArr\u00eat\u00e9  n\u00b011170-2025-DDT-SE  du  31  juillet  2025  autorisant  l'abattage  d'all\u00e9es  d'arbres  ou  d'arbres\nd'alignement qui bordent les voies ouvertes \u00e0 la circulation publique RD 120A dans la travers\u00e9e de\nNan\u00e7ois-sur-Ornain.\nDIRECTION D\u00c9PARTEMENTALE DE L'EMPLOI, DU\nTRAVAIL, DES SOLIDARIT\u00c9S, ET DE LA\nPROTECTION DES POPULATIONS\nArr\u00eat\u00e9 DDETSPP n\u00b0 2025-081 portant subd\u00e9l\u00e9gation de signature en mati\u00e8re d'administration g\u00e9n\u00e9rale.\nSERVICES D\u00c9CONCENTR\u00c9S DE L'\u00c9TAT\nD\u00c9L\u00c9GATION TERRITORIALE DE LA MEUSE \u2013\nAGENCE R\u00c9GIONALE DE SANT\u00c9 GRAND EST\nArr\u00eat\u00e9  n\u00b02025-1664 du 30 juillet 2025  portant r\u00e9quisition de pharmaciens titulaires d'une officine de\npharmacie pour assurer les services de garde et d'urgence.\nD\u00e9cision tarifaire n\u00b011942 portant fixation du forfait global de soins pour 2025 de ehpad les C\u00e9pages Bar\nle Duc \u2013 550006340.\nD\u00e9cision  tarifaire  n\u00b011943  portant  fixation  du  forfait  global  de  soins  pour  2025  de  unit\u00e9  d'accueil\nsp\u00e9cialis\u00e9 Alzheimer \u2013 550004949.\nD\u00e9cision  tarifaire n\u00b011944  portant  fixation  du forfait  global  de soins  pour  2025  de  ehpad  Maurice\nCharlier - ch de Commercy \u2013 550004618.\nD\u00e9cision  tarifaire  n\u00b011947  portant  fixation  de  la  dotation  globale  de  soins  pour  2025  de  ssiad  de\nCommercy \u2013 550005847 .\nD\u00e9cision tarifaire n\u00b015558 portant fixation du forfait global de soins pour 2025 de samsah les Trois\ndomaines \u2013 550007660.\nD\u00e9cision tarifaire n\u00b015559 portant fixation du forfait global de soins pour 2025 de fam adosse au fo\n( assoc perce neige ) - 550007041.\nD\u00e9cision tarifaire n\u00b015560 portant fixation du prix de journ\u00e9e globalise pour 2025 de maison d'accueil\nsp\u00e9cialis\u00e9e Stanislas \u2013 550005862.\nD\u00e9cision  tarifaire  n\u00b015561  portant  fixation  du  prix  de  journ\u00e9e  globalise  pour  2025  de  mas  pour\npolyhandicap\u00e9s Fains-V\u00e9eel \u2013 550005193.\nD\u00e9cision tarifaire n\u00b015562 portant fixation du prix de journ\u00e9e globalise pour 2025 de  itep l'avenir \u2013\n550003792.\nD\u00e9cision tarifaire n\u00b015563 portant fixation de la dotation globale de financement pour 2025 de sessad\nd\u00e9ficients auditifs \u2013 550003545.\nD\u00e9cision tarifaire n\u00b015564 portant fixation de la dotation globale de financement pour 2025 de camsp\ndu sud meusien - 550003248.\nD\u00e9cision tarifaire n\u00b015565 portant fixation de la dotation globale de financement pour 2025 de sessad\ndu ch de Commercy \u2013 550002828.\nD\u00e9cision tarifaire n\u00b015566 portant fixation de la dotation globale de financement pour 2025 de sessad\nprofessionnel de l'itep \u2013 550001838.\nD\u00e9cision tarifaire n\u00b015567 portant fixation du prix de journ\u00e9e globalise pour 2025 de centre d'accueil\npour polyhandicap\u00e9s \u2013 550000814.\nD\u00e9cision tarifaire n\u00b015568 portant fixation du prix de journ\u00e9e globalise pour 2025 de cmpp de Bar le Duc\n\u2013 550000160.\nR\u00c9GION GRAND-EST\nDIRECTION INTERR\u00c9GIONALE DE LA\nPROTECTION JUDICIAIRE DE LA JEUNESSE \u2013\nGRAND EST\nArr\u00eat\u00e9  relatif  \u00e0  la  tarification  2025  applicable  \u00e0   l'Association  Meusienne  pour  la  Sauvegarde  de\nl'Enfance,  de  l'Adolescence  et  des  Adultes  (AMSEAA)  pour  l'Action  d'Education  en  Milieu  Ouvert\n(AEMO). \nArr\u00eat\u00e9  relatif  \u00e0  la  tarification  2025  applicable  \u00e0   l'Association  Meusienne  pour  la  Sauvegarde  de\nl'Enfance, de l'Adolescence et des Adultes (AMSEAA) pour les Maisons d'Enfants \u00e0 Caract\u00e8re Social pour\nles 14 \u2013 18 ans (AMSEAA - MECS)\nAVIS DIVERS\nAvis d'appel \u00e0 projet pour la cr\u00e9ation d'un dispositif d'Accompagnement \u00c9ducatif \u00e0 Domicile (AERD) et\nActions \u00c9ducatives en milieu Ouvert Renforc\u00e9es avec H\u00e9bergement (AEMO-R-H).\n                                                                                                                                                                                                \nRECUEIL DES ACTES ADMINISTRATIFS DE LA PR\u00c9FECTURE DE LA MEUSE - ISSN 0750-3969\nDirecteur de la publication  : M. le secr\u00e9taire g\u00e9n\u00e9ral de la pr\u00e9fecture de la Meuse\nR\u00c9ALISATION ET COMPOSITION : BUREAU DE L'INTERMINIST\u00c9RIALIT\u00c9\npref-raa@meuse.gouv.fr \u2013 03.29.77 .56.16\nLe recueil des actes administratifs est consultable sur le site internet de la Pr\u00e9fecture :\nwww.meuse.gouv.fr\nPREFET | PR\u00c9FETDE LA HAUTE-MARNE . DE LA MEUSE\nFraternit\u00e9 Fraternit\u00e9\nBUREAU DES COLLECTIVIT\u00c9S LOCALESET DE L'INTERCOMMUNALIT\u00c9ARR\u00caT\u00c9 INTERPREFECTORAL N\u00b052-2025-07-00153 DU 2 9 JUIL, 2125portant adh\u00e9sion du Syndicat Intercommunal du Nord Bassignyau Syndicat D\u00e9partemental d'Energie et des D\u00e9chets 52,transfert de la comp\u00e9tence \u00abTechnologies de l'Information et de la Communication\u00bbet actualisation des statutsLa Pr\u00e9f\u00e8te de la Haute-Marne Le Pr\u00e9fet de la MeuseChevalier de la L\u00e9gion d'HonneurOfficier de l'Ordre National du M\u00e9rite . Chevalier de l'Ordre National du M\u00e9rite\n4\nVU le code g\u00e9n\u00e9ral des collectivit\u00e9s territoriales (CGCT), notamment les articles L5211-18,L5211-20 et L5711-1 ;VU l'arr\u00eat\u00e9 pr\u00e9fectoral n\u00b0 2724 du 13 novembre 2015 modifi\u00e9 portant cr\u00e9ation du SyndicatD\u00e9partemental d'Energie et des D\u00e9chets 52 (SDED 52) ;VU l'arr\u00eat\u00e9 pr\u00e9fectoral n\u00b02023-1331 du 7 juin 2023 accordant d\u00e9l\u00e9gation de signature \u00e0Monsieur Christian ROBBE-GRILLET, Secr\u00e9taire G\u00e9n\u00e9ral de la Pr\u00e9fecture de la Meuse ;VU l'arr\u00eat\u00e9 pr\u00e9fectoral n\u00b0 52-2024-01-00146 du 31 janvier 2024 portant d\u00e9l\u00e9gation de signature\u00e0 Monsieur Guillaume THIRARD, Secr\u00e9taire G\u00e9n\u00e9ral de la Pr\u00e9fecture de la Haute-Marne ;VU la d\u00e9lib\u00e9ration du 29 janvier 2025 du conseil syndical du Syndicat Intercommunal du NordBassigny sollicitant son adh\u00e9sion au SDED 52 ainsi que le transfert de la comp\u00e9tence Technologies del'Information et de la Communication au syndicat ;VU la d\u00e9lib\u00e9ration du 27 mars 2025 du comit\u00e9 syndical du SDED 52 acceptant l'adh\u00e9sion duSyndicat Intercommunal du Nord Bassigny au syndicat et actualisant les statuts ;VU les d\u00e9lib\u00e9rations des membres du SDED 52 sur la demande d'adh\u00e9sion du SyndicatIntercommunal du Nord Bassigny au syndicat et sur les modifications statutaires propos\u00e9es ;CONSID\u00c9RANT que les conditions de majorit\u00e9 qualifi\u00e9e requises par le code g\u00e9n\u00e9ral descollectivit\u00e9s territoriales sont remplies ;\n\nSUR proposition du Secr\u00e9taire g\u00e9n\u00e9ral de la Pr\u00e9fecture de la Haute-Marne,\nARR\u00caTENT :\nArticle 1: Il est proc\u00e9d\u00e9 \u00e0 l'adh\u00e9sion au Syndicat D\u00e9partemental d'\u00c9nergie et des D\u00e9chets 52du Syndicat Intercommunal du Nord Bassigny et au transfert de la comp\u00e9tence \u00ab Technologies del'Information et de la Communication \u00bb.\nArticle 2: Les annexes des statuts du Syndicat D\u00e9partemental d'Energie et des D\u00e9chets 52mises \u00e0 jour sont annex\u00e9es au pr\u00e9sent arr\u00eat\u00e9.Article 3: Les Secr\u00e9taires G\u00e9n\u00e9raux des Pr\u00e9fectures de la Haute-Marne et de la Meuse, lesDirecteurs D\u00e9partementaux des Finances Publiques de la Haute-Marne et de la Meuse, le Pr\u00e9sident duSDED 52 et le Pr\u00e9sident du Syndicat Intercommunal du Nord Bassigny sont charg\u00e9s, chacun en ce qui leconcerne, de l'ex\u00e9cution du pr\u00e9sent arr\u00eat\u00e9 dont une copie leur sera transmise, ainsi qu'aux DirecteursD\u00e9partementaux des Territoires et qui sera publi\u00e9 aux Recueils des Actes Administratifs de laPr\u00e9fecture de la Haute-Marne et de la Meuse.\nChaumont, le ? 9 JUIL. 2025 Barle Duc,le 99 JUIL, 2025\nPour la pr\u00e9f\u00e8te et par d\u00e9l\u00e9gation, Pour le pr\u00e9fet et par d\u00e9l\u00e9gation,Le secr\u00e9taire g\u00e9n\u00e9ral de la Pr\u00e9fecture, Le secr\u00e9taire g\u00e9n\u00e9ral de la Pr\u00e9fecture,\n\u2014\u2014\u2014\u2014\u2014_\u2014 \u00c0Guillaume THIRARD Christian ROBBE-G\nLe pr\u00e9sent arr\u00eat\u00e9 peut faire l'objet d'un recours contentieux devant le tribunal administratif de Ch\u00e2lons-en-Champagne dans und\u00e9lai de deux mois \u00e0 compter de sa publication. Le cas \u00e9ch\u00e9ant, le tribunal administratif peut \u00eatre saisi par l'application\u00ab T\u00e9l\u00e9recours citoyens \u00bb (www.telerecours.fr). Ce d\u00e9lai est prorog\u00e9 si un recours administratif (gracieux ou hi\u00e9rarchique) est introduit.dans le m\u00eame d\u00e9lai de deux mois \u00e0 compter de sa publication et/ou notification.\n\nVu pour \u00eatre annex\u00e9 \u00e0 l'arr\u00eat\u00e9 interpr\u00e9fectoral n\u00b0 $2 . 2025. OF OOUSSen date du 29 Avillet 2525Pour la Pr\u00e9f\u00e8te et par d\u00e9l\u00e9gation, Pour le Pr\u00e9fet et par d\u00e9l\u00e9gation,Le Secr\u00e9taire g\u00e9n\u00e9ral de la Pr\u00e9fecture les r\u00e9taire \u00e9p\u00e9ral de la Pr\u00e9fecture\nlaure THIRARD Christian ROBBE*GRILLETAnnexe 1 aux statuts - Liste des membresAgevilleAigremontAillianvilleAingoulaincourtAizanvilleAllichampsAmbonvilleAndelot-BlanchevilleAndilly-en-BassignyAnn\u00e9ville-la-PrairieAnnonvilleAnroseyApreyArbigny-sous-VarennesArbotArc-en-BarroisArnancourtAttancourtAubepierre-sur-AubeAuberiveAudeloncourtAujeurresAulnoy-sur-AubeAutigny-le-GrandAutigny-le-PetitAutreville-sur-la-RenneAvrecourtBailly-aux-ForgesBaissey ,BannesBassoncourtBaudrecourtBayard-sur-MarneBay-sur-AubeBeaucheminBelmontBettancourt-la-Ferr\u00e9eBieslesBizeBlaisyBl\u00e9courtBlessonvilleBlumerayBologneBonnecourtBourbonne-les-BainsBourdons-sur-RognonBourgBourg-Sainte-MarieBourmont entre Meuse et MouzonBouzancourtBrachayBrainville-sur-M\u00e9useBraux-le-ChatelBrennes\n\nBrethenayBreuvannes-en-BassignyBriaucourtBriconBroussevalBugni\u00e8resBussonBuxi\u00e8res-l\u00e8s-ClefmontBuxi\u00e8res-l\u00e8s-VilliersCeffondsCelles-en-BassignyCelsoyCerisi\u00e8resChalanceyChalindreyChalvrainesChamarandes-ChoignesChambroncourtChamouilleyChampigneulles-en-BassignyChampigny-l\u00e9s-LangresChampigny-sous-VarennesChampsevraine_ ChancenayChangeyChanoyChantrainesCharmesCharmes-en-l'AngleCharmes-la-GrandeChassignyChateauvillainChatenay-MacheronChatenay-VaudinChatonrupt-SommermontChaudenayChauffourtChaumontChaumont-la-VilleChevillonCh\u00e9zeauxChoilley-DardenayChoiseulCirey-l\u00e9s-MareillesCirey-sur-BlaiseCirfontaines-en-AzoisCirfontaines-en-OrnoisClefmontClinchampCohonsCoiffy-le-BasCoiffy-le-HautColmier-le-BasColmier-le-HautColombey-les-Deux-\u00e9glisesCondes\n\nConsignyCoublancCouprayCourcelles-en-MontagneCourcelles-sur-BlaiseCour-l'\u00e9v\u00eaqueCulmontCurelCurmontCuseyCuvesDaillancourtDaillecourtDammartin-sur-MeuseDampierreDamr\u00e9montDancevoirDarmannesDintevilleDomblainDommarienDommartin-le-FrancDommartin-le-Saint-P\u00e9reDomremy-Land\u00e9villeDoncourt-sur-MeuseDonjeuxDoulaincourt-SaucourtDoulevant-le-Ch\u00e2teauDoulevant-le-PetitEchenayEclaron-Braucourt-Sainte-Livi\u00e8reEcot-la-CombeEffincourtEnfonvelleEpizonEsnouveauxEuffigneixEurville-BienvilleFarincourtFaverollesFayl-BillotFaysFerri\u00e9re-et-LafolieFlageyFlammer\u00e9courtFontaines-sur-MarneForceyFoulainFrampasFr\u00e9courtFresnes-sur-ApanceFronclesFronvilleGenevri\u00e9resGermainesGermainvilliers\n\nGermayGermisayGiey-sur-AujonGillancourtGillaum\u00e9GilleyGraffigny-CheminGrandchampGrenantGudmont-VilliersGuindrecourt-aux-OrmesGuindrecourt-sur-BlaiseGuyonvelleHacourtHallignicourtHarr\u00e9ville-les-ChanteursHaute-AmanceHeuilley-le-GrandHuilli\u00e9courtHumb\u00e9courtHumbervilleHumes-JorquenayIlloudIs-en-BassignyIs\u00f4mesJoinvilleJoncheryJuzennecourtLa GenevroyeLachapelle-en-BlaisyLafaucheLafert\u00e9-sur-AmanceLafert\u00e9-sur-AubeLamancineLaneuvelleLaneuville-a-R\u00e9my* Laneuville-au-PontLangresLanques-sur-RognonLanty-sur-AubeLa Porte du DerLarivi\u00e8re-ArnoncourtLatrecey-Ormoy-sur-AubeLavernoyLaville-aux-BoisLavilleneuveLavilleneuve-au-RoiLe Ch\u00e2telet-sur-MeuseLe PaillyLe Val-d'EsnomsLeceyLeffonds |Le MontsaugeonnaisLes LogesLesch\u00e8res-sur-le-BlaiseronLeuchey\n\nLeurvilleLev\u00e9court:Lez\u00e9villeLiffol-le-PetitLongchampLongeau-PerceyLouvemontLouvi\u00e8resLuzy-sur-Marne\" MaatzMagneuxMaisoncellesMaizi\u00e8resMaizi\u00e8res-sur-AmanceMalaincourt-sur-MeuseMandres-la-C\u00f4teManois .MaracMaranvilleMarb\u00e9villeMarcilly-en-BassignyMardorMareillesMarnay-sur-MarneMathonsMelayMennouveauxMerreyMertrudMeuresMilli\u00e8resMirbelMo\u00ebslainsMontcharvotMontheriesMontot-sur-RognonMontreuil-sur-BlaiseMontreuil-sur-ThonnanceMorancourtMorionvilliers. MouilleronMussey-sur-MarneNarcyNeuilly-l'\u00e9v\u00eaqueNeuilly-sur-SuizeNeuvelle-l\u00e8s-VoiseyNinvilleNogentNoidant-ChatenoyNoidant-le-RocheuxNom\u00e9courtNoncourt-sur-le-RongeantNoyersNullyOcceyOrbigny-au-Mont\n\nOrbigny-au-ValOrcevauxOrgesOrmanceyOrmoy-l\u00e9s-SexfontainesOrquevauxOsne-le-ValOudincourtOutrem\u00e9courtOzi\u00e9resPalaiseulPanseyParnoy-en-BassignyParoy-sur-SaulxPeigney :Perrancey-les-Vieux-MoulinsPerrogney-les-FontainesPerrussePerthesPierremont-sur-AmancePisseloupPlanruptPlesnoyPoinsenotPoinson-l\u00e8s-FaylPoinson-l\u00e8s-GranceyPoinson-l\u00e8s-NogentPoiseulPoissonsPont-la-VillePoulangyPraslayPressignyPrez-sous-LafaucheRachecourt-sur-MarneRachecourt-Suz\u00e9montRan\u00e7onni\u00e8resRangecourtRennepontReynelRiaucourtRichebourgRimaucourtRives DervoisesRivi\u00e8re-les-FossesRivi\u00e8res-le-BoisRizaucourt-BucheyRochefort-sur-la-C\u00f4teRoches-BettaincourtRoches-sur-MarneRochetaill\u00e9eRolampontRomain-sur-MeuseRou\u00e9courtRouellesRougeux\n\nRouvres-sur-AubeRouvroy-sur-MarneRuptSaillySaint-BlinSaint-Broingt-le-BoisSaint-Broingt-les-FossesSaint-CierguesSaint-DizierSaint-Loup-sur-AujonSaint-Martin-l\u00e8s-LangresSaint-MauriceSaints-GeosmesSaint-Thi\u00e9baultSaint-Urbain-MaconcourtSaint-Vallier-sur-MarneSarceySarreySaudronSaullesSaulxuresSavignySemillySemoutiers-MontsaonSerqueuxSexfontainesSign\u00e9villeSilvarouvresSommancourtSommer\u00e9courtSommevoireSoncourt-sur-MarneSoulaucourt-sur-MouzonSoyersSuzannecourtTernatThilleuxThivetThol-l\u00e8s-Milli\u00e8resThonnance-l\u00e8s-JoinvilleThonnance-les-MoulinsTorcenayTornayTreixTr\u00e9millyTroisfontaines-la-VilleVaillantValcourtVal-de-Meuse .ValleretValleroyVals-des-TillesVarennes-sur-AmanceVaudrecourtVaudr\u00e9montVauxbons\n\nVaux-sur-BlaiseVaux-sur-Saint-UrbainVecquevilleVellesVerbieslesVerseilles-le-BasVerseilles-le-HautVesaignes-sous-LafaucheVesaignes-sur-MarneVesvres-sous-ChalanceyVicqVi\u00e9villeVignes-la-C\u00f4teVignoryVillars-en-AzoisVillars-SantenogeVille-en-BlaisoisVillegusien-le-LacVilliers-en-LieuVilliers-l\u00e8s-ApreyVilliers-le-SecVilliers-sur-SuizeViolotVitry-en-MontagneVitry-l\u00e8s-NogentViveyVoillecomteVoiseyVoisinesVoncourtVou\u00e9courtVraincourtVroncourt-la-C\u00f4teWassySMICTOM de la R\u00e9gion de LangresSMICTOM de la R\u00e9gion de Saint-DizierCommunaut\u00e9 de Communes des Savoir FaireCommunaut\u00e9 de Communes des 3 For\u00eatsCommunaut\u00e9 de Communes Meuse RognonAgglom\u00e9ration de ChaumontCommunaut\u00e9 de Communes d'Auberive VingeanneMontsaugeonnaisCommunaut\u00e9 de Communes du Grand LangresCommunaut\u00e9 de Communes du Bassin de Joinville enChampagneCommunaut\u00e9 de Communes des Portes de MeuseSIAE Marne RognonPETR du Pays de LangresSIE Leffonds-Richebourg - SemoutiersSI du Nord Bassigny\n\nAnnexe 2 - liste des transferts de comp\u00e9tencesBloc Ener:ie\nNom de la commune\nAgevilleAigremontAillianvilleAingoulaincourtAizanvilleAllichampsAmbonvilleAndelot-BlanchevilleAndilly-en-BassignyAnn\u00e9ville-la-PrairieAnnonvilleAnroseyApreyArbigny-sous-VarennesArbotArc-en-BarroisAmancourtAttancourtAubepierre-sur-AubeAuberiveAudeloncourtAujeurresAulnoy-sur-AubeAutigny-le-GrandAutigny-le-PetitAutreville-sur-la-RenneAvrecourtBailly-aux-ForgesBaisseyBannesBassoncourtBaudrecourtBay-sur-AubeBayard-sur-MarneBeaucheminBelmontBettancourt-la-Ferr\u00e9eBiesles 'BizeBlaisyBl\u00e9courtBlessonvilleBlumerayBonnecourtBologneBourbonne-les-BainsBourdons-sur-RognonBourgBourg-Sainte-MarieBourmont-entre Meuse et Mouzon(Goncourt, Bourmont, Nijon)BouzancourtBrachayBrainville-sur-MeuseBraux-le-Ch\u00e2telBrennesBrethenayBreuvannes-en-BassignyBriaucourtBriconBroussevalBugni\u00e8resChampsevraineBussonBuxi\u00e8res-l\u00e8s-ClefmontBuxi\u00e8res-l\u00e8s-VilliersCeffondsCelles-en-BassignyCelsoyCerisi\u00e8resChalanceyChalindreyChalvrainesChamarandes-ChoignesChambroncourtChamouilleyChampigneulles-en-BassignyChampigny-l\u00e8s-LangresChampigny-sous-VarennesChancenayChangeyChanoyChantrainesCharmesCharmes-en-l'AngleCharmes-la-GrandeChassigny\nTransfert de lacomp\u00e9tence distributionpublique d'\u00e9lectricit\u00e9\nTransfert delacomp\u00e9tencegaz\noui\ntransfert \u00e9clairagepublictransfert TIC\noui\noui\noui\noui\noui\nouioui\noui\noui\noui\noui\ntransfert IRVE\n* pour Nijon* pour Goncourt\n\n\nChateauvillainLe Ch\u00e2telet-sur-MeuseChatenay-MacheronChatenay-VaudinChatonrupt-SommermontChaudenayChauffourtChaumontChaumont-la-VilleChevillonCh\u00e9zeauxChoilley-DardenayChoiseulCirey-l\u00e8s-MareillesCirey-sur-BlaiseCirfontaines-en-AzoisCirfontaines-en-OrnoisClefmontClinchampCohonsCoiffy-le-BasCoiffy-le-HautColmier-le-BasColmier-le-HautColombey-les-Deux-\u00e9glisesCondesConsignyCoublancCouprayCourcelles-en-MontagneCourcelles-sur-BlaiseCour-l'\u00e9v\u00eaqueCulmontCurelCurmontCuseyCuvesDaillancourtDaillecourtDammartin-sur-MeuseDampierreDamr\u00e9montDancevoirDarmannesDintevilleDomblainDommarienDommartin-le-FrancDommartin-le-Saint-P\u00e8reDomremy-Land\u00e9villeDoncourt-sur-MeuseDonjeuxDoulaincourt-SaucourtDoulevant-le-ChateauDoulevant-le-PetitEchenayEclaron -Broncourt-Sainte-Livi\u00e9reEcot-la-CombeEffincourtEnfonvelleEpizonEsnouveauxEuffigneixEclaron territoire de BraucourtEurville-BienvilleFarincourtFaverollesFayl-BillotFaysFerri\u00e9re-et-LafolieFlageyFlammer\u00e9courtFontaines-sur-MarneForceyFoulainFrampasFr\u00e9courtFresnes-sur-ApanceFronclesFronvilleGenevri\u00e8resLa GenevroyeGermainesGermainvilliersGermayGermisayGiey-sur-AujonGillancourtGillaum\u00e9GilleyGraffigny-CheminGrandchamp\nBraucourt\nouloui\noui\noul\noui\nouiouioui\nouiouioui\noui\nouiouioui\nouioui\noui\noui\nouioui\noui\n\nGrenantGudmont-VilliersGuindrecourt-aux-OrmesGuindrecourt-sur-BlaiseGuyonvelleHacourtHallignicourtHarr\u00e9ville-les-ChanteursH\u00e9uilley-le-GrandHaute-AmanceHuilli\u00e9courtHumb\u00e9courtHumbervilleHumes-JorquenayIlloud :Is-en-BassignyIs\u00f4mesJoinvilleJoncheryJuzennecourtLachapelle-en-BlaisyLafaucheLafert\u00e9-sur-AmanceLafert\u00e9-sur-AubeLamancineLaneuvelleLa Porte du Der\nLaneuville-a-R\u00e9myLaneuville-au-PontLangresLanques-sur-RognonLanty-sur-AubeLarivi\u00e9re-ArnoncourtLatrecey-Ormoy-sur-AubeLavernoyLaville-aux-BoisLavilleneuveLavilleneuve au RoiLeceyLeffondsLe MontsaugeonnaisLesch\u00e9res-sur-le-BlaiseronLeucheyLeurvilleLev\u00e9courtLez\u00e9villeLiffol-le-PetitLes LogesLongchamp les Milli\u00e8resLongeau-PerceyLouvemontLouvi\u00e8resLuzy-sur-MarneMaatzMagneuxMaisoncellesMaizi\u00e9resMaizi\u00e9res-sur-AmanceMalaincourt-sur-MeuseMandres-la-C\u00f4teManoisMaracMaranvilleMarb\u00e9villeMarcilly-en-BassignyMardorMareillesMarnay-sur-MarneMathonsMelayMennouveauxMerreyMertrudMeuresMilli\u00e8resMirbelMo\u00ebslainsMontcharvotMontheries .Montot-sur-RognonMontreuil-sur-BlaiseMontreuil-sur-ThonnanceMorancourtMorionvilliersMouilleronMussey-sur-MarneNarcyNeuilly-l'\u00e9v\u00e8queNeuilly-sur-SuizeNeuvelle-l\u00e8s-VoiseyNinville\nMontier-en-DerRobert-Magny\noui\noul\noui\nouioui\noui\nouioui\nouioui\noul\nouiouioui\nouioui\n\nNogentNoidant-ChatenoyNoidant-le-RocheuxNom\u00e9courtNoncourt-sur-le-RongeantNoyersNullyOcceyOrbigny-au-MontOrbigny-au-ValOrcevauxOrgesOrmanceyOrmoy-l\u00e8s-SexfontainesOrquevauxOsne-le-ValOudincourtOutrem\u00e9courtOzi\u00e8resLe PaillyPalaiseulPanseyParnoy-en-BassignyParoy-sur-SaulxPeigneyPerrancey-les-Vieux-MoulinsPerrogney-les-FontainesPerrussePerthesPierremont-sur-AmancePisseloupPlanruptPlesnoyPoinsenotPoinson-l\u00e9s-FaylPoinson-l\u00e9s-GranceyPoinson-l\u00e8s-NogentPoiseulPoissonsPont-la-VillePoulangyPraslayPressignyPrez-sous-LafaucheRachecourt-Suz\u00e9montRachecourt-sur-MarneRan\u00e7onni\u00e8resRangecourtRennepontReynelRiaucourtRichebourgRimaucourtRives DervoisesRivi\u00e8res-le-BoisRivi\u00e8re-les-FossesRizaucourt-BucheyRochefort-sur-la-C\u00f4teRoches-BettaincourtRoches-sur-MarneRochetaill\u00e9eRolampontRomain-sur-MeuseRou\u00e9courtRouellesRougeuxRouvres-sur-AubeRouvroy-sur-MarneRuptSaillySaint-BlinSaint-Broingt-le-BoisSaint-Broingt-les-FossesSaint-CierguesSaint-DizierSaints-GeosmesSaint-Loup-sur-AujonSaint-Martin-l\u00e9s-LangresSaint-MauriceSaint-Thi\u00e9baultSaint-Urbain-MaconcourtSaint-Vallier-sur-MarneSarceySarreySaudronSaullesSaulxuresSavignySemillySemoutiers-MontsaonSerqueuxSexfontainesSign\u00e9ville\noui oui\n\nSilvarouvres|SommancourtSommer\u00e9courtSommevoireSoncourt-sur-MarneSoulaucourt-sur-MouzonSoyersSuzannecourtTernat |ThilleuxThivetThol-l\u00e8s-Milli\u00e8resThonnance-l\u00e8s-JoinvilleThonnance-les-MoulinsTorcenayTornayTreixTr\u00e9millyTroisfontaines-la-VilleVaillantLe Val-d'EsnomsVals-des-TillesValcourtVal-de-MeuseValleretValleroyVarennes-sur-AmanceVaudrecourtVaudr\u00e9montVauxbonsVaux-sur-BlaiseVaux-sur-Saint-UrbainVecquevilleVellesVerbiesiesVerseilles-le-BasVerseilles-le-HautVesaignes-sous-LafaucheVesaignes-sur-MarneVesvres-sous-ChalanceyVieqVi\u00e9villeVignes-la-C\u00f4teVignoryVillars-en-AzoisVillars-SantenogeVille-en-BlaisoisVillegusien-le-LacVilliers-en-LieuVilliers-le-SecVilliers-l\u00e8s-ApreyVilliers-sur-SuizeViolotVitry-en-MontagneVitry-l\u00e8s-NogentViveyVoillecomteVoisey - Vaux-La-DouceVoisey 'VoisinesVoncourtVou\u00e9courtVraincourtVroncourt-la-C\u00f4teWassySIAE Marne RognonCC des Savoir FaireCC des 3 For\u00eatsCC du Bassin de Joinville en ChampagneCC d'Auberive Vingeanne MontsaugeonnaisPETR du Pays de LangresCA Chaumont| SIE Leffonds - Richebourg - Semoutiers[SI du Nord Bassigny\n*sur les zones d'activit\u00e9s\n\nInoasnea|| 8p S8WOq Sap SeUNWWOD Sp ejneunWWOD0581105 SIUSJOUUIODe| op yajsuelyIno ino seibue7] puels np seunwiwoy ap syjneunwwoyIno Ino juouneu9 ep uolesawolbhyIno Ino uouboy esnayy SeuNWIWOD ap ayneunwWwoyDIno ino S}2104 \u20ac SOP SOUNWWOD sp sjneunwwoyDIno Seifue7 ep uolbey e| 8p WOLOIINSIno JIZIQHUIES 2P WOLOINSTUSWSHER SSUSjeduI0Se] op HaJSUBILsjueleupyS}9u99Q 9019seoue}9dW09 ap S}iajsues} Sap 98] -\u00a3 2XOUUY\n\nAnnexe 4 - liste des commissions locales\nAmanceCommunes rurales.du Nord du d\u00e9partementGrandes villesR\u00e9gion d'Andelot et Saint-BlinR\u00e9gion de Bourbonne-les-BainsR\u00e9gion de ChaumontR\u00e9gion de Nogent- [R\u00e9gion de PoissonsR\u00e9gion langroiseRives de la BlaiseTrois MontsVall\u00e9es Marne et BlaiseVilles moyennes\n\nAnnexe 5 composition des commissions localesCommission locale communes/intercommunalit\u00e9 adh\u00e9rentes a la commission locale\nAMANCE\nANDILLY-EN-BASSIGNYANROSEYARBIGNY-SOUS-VARENNESBELMONTBIZECHAMPSEVRAINESCELLES-EN-BASSIGNYCELSOYCHAMPIGNY-SOUS-VARENNESCHAUDENAYCHEZEAUXFARINCOURTFAYL-BILLOTGENEVRIERESGILLEYGRENANTGUYONVELLEHAUTE-AMANCELAFERTE-SUR-AMNCELAVERNOYLES LOGESMAIZIERES-SUR-AMANCEMARCILLY-EN-BASSIGNYNEUVELLE-LES-VOISEYPIERREMONT-SUT-AMNCEPISSELOUPPLESNOYPOINSON-LES-FAYLPRESSIGNYRANCONNIERESROUGEUXSAULLESSAVIGNYSOYERSTORCENAYTORNAYVALLEROYVARENNES-SUR-AMANCEVELLESVICQVONCOURTCC DES SAVOIR FAIRE\nMARNE ET BLAISE\nAMBONVILLEANNEVILLE-LA-PRAIRIEARNANCOURTBAUDRECOURTBLECOURTBLUMERAYBOLOGNEBOUZANCOURTBRACHAYBRIAUCOURTCERISIERESCHARMES-EN-l'ANGLECHARMES-LA-GRANDECIREY-SUR-BLAISECOLOMBEY-LES-DEUX-EGLISESCOURCELLES-SUR-BLAISECURMONTDAILLANCOURTDOMMARTIN-le-SAINT-P\u00c8\u00e8REDOULAINCOURT-SAUCOURTDOULEVANT-LE-CHATEAUFERRI\u00e8RE-ET-LAFOLIEFLAMMERECOURTFRONCLESFRONVILLELA GENEVROYEGUDMONT-VILLIERSGUINDRECOURT-SUR-BLAISELAMANCINELESCHERES-SUR-LE-BLAISERONMARBEVILLEMEURESMIRBELMUSSEY-SUR-MARNENULLYORMOY-LES-SEXFONTAINESOUDINCOURTRIAUCOURTRIZAUCOURT-BUCHEYROCHEFORT-SUR-LA-COTEROUECOURTSEXFONTAINESSONCOURT-SUR-MARNETREMILLYVIEVILLEVIGNORYVOUECOURTVRAINCOURT\n\nREGION DE POISSONS\nAINGOULAINCOURTANNONVILLECIRFONTAINES-EN-ORNOISDOMREMY-LANDEVILLEDONJEUXECHENAYEFFINCOURTEPIZONGERMAYGERMISAYGILLAUMELEZEVILLEMONTREUIL-SUR-THONNANCENONCOURT-SUR-LE-RONGEANTOSNE-LE-VALPANSEYPAROY-SUR-SAULXPOISSONSROUVROY-SUR-MARNERUPTSAILLYSAINT-URBAIN-MACONCOURTSAUDRONSUZANNECOURTTHONNANCE-LES-JOINVILLETHONNANCE-LES-MOULINSVAUX-SUR-SAINT-URBAINVECQUEVILLE\nREGION LANGROISE\nAPREYARBOTARC-EN-BARROISAUBEPIERRE-SUR-AUBEAUBERIVEAUJEURRESAULNOY-SUR-AUBEBAISSEYBANNESBAY-SUR-AUBEBEAUCHEMINBOURG-SAINTE-MARIEBRENNESBUGNIERESCHALANCEYCHALINDREYCHAMPIGNY-LES-LANGRESCHANGEYCHANOYCHARMESCHASSIGNYCHATENY-MACHERONCHATENAY-VAUDINCHOILLEY-DARDENAYCOHONSCOLMIER-LE-BASCOLMIER-LE-HAUTCOUBLANCCOUPRAYCOURCELLES-EN-MONTAGNECOUR L'EVEQUECULMONTCUSEYDAMPIERREDANCEVOIRDOMMARIENFAVEROLLESFLAGEYGERMAINES'|GIEY-SUR-AUJONGRANDCHAMPHEUILLEY-LE-GRANDHUMES-JORQUENAYISOMES 5LECEYLEFFONDSLEUCHEYLE VAL-D'ESNOMSLONGEAU-PERCEYMAATZMARACMARDORMARNAY-SUR-MARNEMOUILLERONLE MONTSAUGEONNAISNEUILLY-L'EVEQUENOIDANT-CHATENOYNOIDANT-LE-ROCHEUXOCCEYORBIGNY-AU-MONTORBIGNY-AU-VALORCEVAUXORMANCEYLE PAILLYPALAISEUL\n\nPEIGNEYPERRANCEY-LES-VIEUX-MOULINSPERROGNEY-LES-FONTAINESPOINSENOTPOINSON-LES-GRANCEYPRASLAYRIVIERES-LE-BOISRIVIERE-LES-FOSSESROCHETAILLEEROLAMPONTROUELLESROUVRES-SUR-AUBESAINT-BROINGT-LE-BOISSAINT-BROINGT-LES-FOSSESSAINT-CIERGUESSAINTS-GEOSMESSAINT-LOUP-SUR-AUJONSAINT-MARTIN-LES-LANGRESSAINT-MAURICESAINT-VALLIER-SUR-MARNETERNATTHIVETVAILLANTVALS-DES-TILLESVAUXBONSVERSEILLES-LE-BASVERSEILLES-LE-HAUTVESAIGNES-SUR-MARNEVESVRES-SOUS-CHALANCEYVILLARS-SANTENOGEVILLEGUSIEN-LE-LACVILLIERS-LES-APREYVILLIERS-SUR-SUIZEVIOLOTVITRY-EN-MONTAGNEVIVEYVOISINESSI DU NORD BASSIGNYSIE LEFFONDS-RICHEBOURG-SEMOUTIERSNNAIS\nRIVES DE LA BLAISE\nATTANCOURTAUTIGNY-LE-PETITBROUSSEVALCEFFONDSCHATONRUPT-SOMMERMONTCUREL \u00e0DOMBLAINDOMMARTIN-LE-FRANCDOULEVANT-LE-PETITFAYS :FRAMPASGUINDRECOURT-AUX-ORMESLANEUVILLE-A-REMYLOUVEMONTMAGNEUXMAIZIERESMATHONSMERTRUDMONTREUIL-SUR-BLAISEMORANCOURTNOMECOURTPLANRUPTRACHECOURT-SUZ\u00e9MONTRIVES DERVOISESSOMMANCOURTSOMMEVOIRETHILLEUXTROISFONTAINES-LA-VILLEVALLERETVAUX-SUR-BLAISEVILLE-EN-BLAISOISVOILLECOMTEAUDELONCOURTAVRECOURTBASSONCOURTBONNECOURTBOURG-SAINTE-MARIEBOURMONT ENTRE MEUSE ET MOUZONBRAINVILLE-SUR-MEUSEBREUVANNES-EN-BASSIGNYBUXI\u00e8RES-l\u00e8s-CLEFMONTCHAMPIGNEULLES-EN-BASSIGNYCHAUFFOURTCHAUMONT-LA-VILLECHOISEULCLEFMONTCLINCHAMPCONSIGNYCUVESDAILLECOURTDONCOURT-SUR-MEUSEECOT-LA-COMBEFRECOURT\n\nTROIS MONTS\nGERMAINVILLIERSGRAFFIGNY-CHEMINHACOURTHARREVILLE-LES-CHANTEURSHUILLIECOURTILLOUDIS-EN-BASSIGNYLAVILLENEUVELEVECOURTLONGCHAMPMAISONCELLESMALAINCOURT-SUR-MEUSEMENNOUVEAUXMERREYMILLIERESNINVILLENOYERSOUTREMECOURTOZIERESPERRUSSEPOISEULRANGECOURTROMAIN-SUR-MEUSESAINT-THIEBAULTSARREYSAULXURESSOMMERECOURTSOULAUCOURT-SUR-MOUZONTHOL-LES-MILLIERESVAL-DE-MEUSEVAUDRECOURTVRONCOURT-LA-COTE\nREGION DE CHAUMONT\nAIZANVILLEAUTREVILLE-SUR-LA-RENNEBLAISYBLESSONVILLEBRAUX-LE-CHaTELBRETHENAYBRICONBUXIERES-LES-VILLIERSCH\u00c2TEAUVILLAINCHAMARANDES-CHOIGNESCIRFONTAINES-EN-AZOISCONDESDARMANNESDINTEVILLEEUFFIGNEIXFOULAINGILLANCOURTJONCHERYJUZENNECOURTLACHAPELLE-EN-BLAISYLAFERTE-SUR-AUBELANTY-SUR-AUBELATRECEY-ORMOY-SUR-AUBELAVILLE-AUX-BOISLAVILLENEUVE-AU-ROILUZY-SUR-MARNEMARANVILLEMONTHERIESNEUILLY-SUR-SUIZEORGESPONT-LA-VILLERENNEPONTRICHEBOURGSEMOUTIERS-MONTSAONSILVAROUVRESTREIXVAUDREMONTVERBIESLESVILLARS-EN-AZOISVILLIERS-LE-SECCC DES 3 FORETSSIAE MARNE ROGNON.\nVILLESMOYENNES\nBETTANCOURT LA FERREEECLARON - BRAUCOURT -STE LIVIEREEURVILLE-BIENVILLEJOINVILLEMOESLAINSLA PORTE DU DERVALCOURTVILLIERS-EN-LIEUWASSYCC DU BASSIN DE JOINVILLE EN CHAMPAGNE\nGRANDmS VILLESCHAUMONTLANGRESSAINT-DIZIERPETR DU PAYS DE LANGRES\nESNORDMENT\nALLICHAMPSAUTIGNY-LE-GRANDBAILLY-AUX-FORGESBAYARD-SUR-MARNE[CHAMOUILLEY\n\nCOMMUNRURALES DUDU DEPARTE\nCHANCENAYCHEVILLONFONTAINES-SUR-MARNEHALLIGNICOURTHUMBECOURTLANEUVILLE-AU-PONTNARCYPERTHESRACHECOURT-SUR-MARNEROCHES-SUR-MARNE\nREGION DEBOURBONNE\nAIGREMONTBOURBONNE-LES-BAINSCOIFFY-LE-BASCOIFFY-LE-HAUTDAMMARTIN-SUR-MEUSEDAMREMONTENFONVELLEFRESNES-SUR-APANCELANEUVELLELARIVIERE-ARNONCOURTLE CHATELET-SUR-MEUSEMELAYMONTCHARVOTPARNOY-EN-BASSIGNYSERQUEUXVOISEY\nREGION DENOGENT\nAGEVILLEBIESLESBOURDONS-SUR-ROGNONESNOUVEAUXFORCEYLANQUES-SUR-ROGNONLOUVIERESMANDRES-LA-COTENOGENTPOINSON-LES-NOGENTPOULANGYSARCEYVITRY-LES-NOGENT\nREGION D'ANDELOT ET SAINT-BLIN\nAILLIANVILLEANDELOT-BLANCHEVILLEBUSSONCHALVRAINESCHAMBRONCOURTCHANTRAINESCIREY-LES-MAREILLESHUMBERVILLELAFAUCHELEURVILLELIFFOL-LE-PETITMANOISMAREILLESMONTOT-SUR-ROGNONMORIONVILLIERSORQUEVAUXPREZ-SOUS-LAFAUCHEREYNELRIMAUCOURTROCHES-BETTAINCOURTSAINT-BLINSEMILLYSIGNEVILLEVESAIGNES-SOUS-LAFAUCHEVIGNES-LA-COTE\n\n(45) GE xnejo}8 FA \u00ff esnen 2p Sepod S8p DDZL \u20ac v SaJbue] ep UdIbay e| ep WO}IWS6 \u20ac \u20ac Se1Pue7 puelg np 999 rd \u20ac uouboy SN 99\u20ac Le \u20ac S}910} \u20ac Sep 99Le \u00a3 L juouneu9 ep uonesawolbby\u00a3e \u00a3 LL JeIZIQ-UIES ap WODIWS1830} XIOA Op SIQUON enBslsp/xIoA ep eIQUUON | senbelep ap eiquion JueeupyZS GAGS np Sjey22p 90/q ne sjuasaype sep a}IANeUasaiday - 9 exouuy\n\nXIOA Z6 = enbejep Jed XIOA Lc6 1810}9 Seuus/ON SATII\nco\nS]UOW SIO1 L\no\nasielg \u20ac] ap SSAINesiojbue] uol5oy\nNa\nSUOSSIOd ep UOIDSyJUSDON ap uolbeyyuowneyy ap uoibeysuleg-se|-euuoginog ep UuolbeyUlIg IS 38 J0[8PUV,P UOIDeYasielg je suey SealeSeIIIA SOPUBI\nWOOD  OID ID /LO;O\ndep np PJON np sajeiny seunwwo58 SOUR LUY[GdIDUAS SUIS Ne2290] UOISSILALUOS \u20ac] ep senBaiep ap SIQUON SOOT] MOSSZS GAS np aibseue 90/q ne sjusJeype sep ayANejueseidey - 2 exouuy\n\n\nDELA MEUSE | Secr\u00e9tariat g\u00e9n\u00e9ralLibert\u00e9\u00c9galit\u00e9Fraternit\u00e9\nArr\u00eat\u00e9 n\u00b0 2025-1629 du 28 JUL. 205fixant les modalit\u00e9s d'organisation et le calendrier \u00e9lectoral en vue de l'\u00e9lection des juges du Tribunalde commerce de Bar-le-Duc au titre de l'ann\u00e9e 2025 et portant convocation des \u00e9lecteurs\nLe Pr\u00e9fet de la Meuse,Chevalier de l'Ordre National du M\u00e9rite,\nVu le Code de commerce ;\nVu le Code \u00e9lectoral ;\nVu la loi n\u00b0 2019-486 du 22 mai 2019 relative \u00e0 la croissance et la transformation des entreprises :\nVu la loi n\u00b0 2021-1317 du 11 octobre 2021 permettant la r\u00e9\u00e9lection des juges consulaires dans lestribunaux de commerce ;\nVu la loi 2023-1059 du 20 novembre 2023 d'orientation et de programmation du minist\u00e8re de la justice2023-2027 ; |\nVu le d\u00e9cret n\u00b0 2022-1172 du 22 ao\u00fbt 2022 modifiant l'annexe 7-2 du livre VII du Code de commercefixant le nombre des juges et le nombre des chambres des tribunaux de commerce ;\nVu le d\u00e9cret n\u00b0 2022-1211 du 1\u00b0 septembre 2022 relatif aux modalit\u00e9s d'\u00e9lection des juges des tribunauxde commerce et au report exceptionnel des \u00e9lections ;\nVu le d\u00e9cret du 15 f\u00e9vrier 2023 portant nomination de M. Xavier DELARUE, Pr\u00e9fet de la Meuse :\nVu le d\u00e9cret n\u00b02024-675 du 3 juillet 2024 relatif \u00e0 la formation sp\u00e9cialis\u00e9e des pr\u00e9sidents des tribunauxde commerce ;\nVu le d\u00e9cret n\u00b02024-1224 du 30 d\u00e9cembre 2024 relatif au refus de si\u00e9ger des juges des tribunaux decommerce et au refus de servir des assesseurs des tribunaux judiciaires sp\u00e9cialement d\u00e9sign\u00e9s \u00e0 l'articleL.211-16 du Code de l'organisation judiciaire.\nVu l'arr\u00eat\u00e9 minist\u00e9riel du 24 mai 2011 relatif aux bulletins de vote pour l'\u00e9lection des juges des tribunauxde commerce ;\nVu la liste des \u00e9lecteurs appel\u00e9s \u00e0 d\u00e9signer les membres du Tribunal de commerce de Bar-le-Duc,arr\u00eat\u00e9e \u00e0 la date du 3 juillet 2025 ;\nVu l'expiration du mandat de deux ans de Madame C\u00e9lia BERTIN, en tant que juge du Tribunal decommerce de Bar-le-Duc ;\nPr\u00e9fecture de la MeuseDirection de la citoyennet\u00e9 et de la l\u00e9galit\u00e9Bureau de la r\u00e9glementation et des \u00e9lections40 rue du Bourg - CS 30512$5012 Bar-le-Duc C\u00e9dex\n\nVu l'expiration du mandat de quatre ans de Monsieur Nicolas BERTRAND, en tant que juge du Tribunalde commerce de Bar-le-Duc ;\nVu l'expiration du mandat de quatre ans de Monsieur Attemane SLIMANE, en tant que juge du Tribunalde commerce de Bar-le-Duc ;\nConsid\u00e9rant qu'au titre de l'ann\u00e9e 2025, trois si\u00e8ges de juges sont donc \u00e0 pourvoir au Tribunal decommerce de Bar-le-Duc ;\nConsid\u00e9rant qu'en vertu de l'article L. 723-11 du Code du commerce, des \u00e9lections ont lieu tous les ansdans chaque Tribunal de commerce o\u00f9 il y a des si\u00e8ges \u00e0 pourvoir pour quelque cause que ce soit ;\nConsid\u00e9rant que la derni\u00e8re \u00e9lection des juges du Tribunal de commerce a eu lieu en 2024 ;\nSur proposition du secr\u00e9taire g\u00e9n\u00e9ral de la pr\u00e9fecture de la Meuse :\nARR\u00caTE\nArticle ler: Le coll\u00e8ge \u00e9lectoral charg\u00e9 d'\u00e9lire les juges du Tribunal de commerce de Bar-le-Duc,compos\u00e9 des membres \u00e9lus des chambres de commerce et d'industrie et de la chambre des m\u00e9tiers etde l'artisanat dans le ressort du Tribunal de commerce de Bar-le-Duc, des juges en exercice au sein duTribunal de commerce ainsi que des anciens juges des tribunaux de commerce de Bar-le-Duc et deVerdun, est convoqu\u00e9 \u00e0 l'effet de proc\u00e9der \u00e0 l'\u00e9lection de trois juges au Tribunal de commerce de Bar-le-Duc.\nArticle 2 : Les op\u00e9rations de d\u00e9pouillement et de recensement des votes se d\u00e9rouleront le vendredi 3octobre 2025 \u00e0 10 heures au Tribunal de commerce de Bar-le-Duc pour le premier tour de scrutin et lejeudi 16 octobre 2025 \u00e0 10 heures au m\u00eame lieu en cas d'\u00e9ventuel second tour.\nArticle 3 : La commission d'organisation des \u00e9lections est charg\u00e9e de veiller \u00e0 la r\u00e9gularit\u00e9 du scrutin etde proclamer les r\u00e9sultats. Elle est pr\u00e9sid\u00e9e par Un magistrat de l'ordre judiciaire d\u00e9sign\u00e9 par le premierpr\u00e9sident de la Cour d'appel de Nancy et comprend, outre son pr\u00e9sident, un juge du Tribunal judiciaired\u00e9sign\u00e9 par le premier pr\u00e9sident de la Cour d'appel de Nancy et un fonctionnaire d\u00e9sign\u00e9 par le pr\u00e9fet.\nLe secr\u00e9tariat de la commission est assur\u00e9 par le greffier du Tribunal de commerce de Bar-le-Duc.\nArticle 4: Les candidats aux fonctions de juge du Tribunal de commerce doivent d\u00e9poser leurd\u00e9claration de candidature \u00e0 la pr\u00e9fecture de la Meuse, direction de la citoyennet\u00e9 et de la l\u00e9galit\u00e9, auplus tard le vingti\u00e8me jour pr\u00e9c\u00e9dant celui du d\u00e9pouillement du premier tour de scrutin, soit le samedi13 septembre 2025 \u00e0 18 heures.Les personnes souhaitant se porter candidat sont invit\u00e9es \u00e0 prendre rendez-vous \u00e0 l'adresse suivante :\nLa d\u00e9claration de candidature doit \u00eatre faite par \u00e9crit et sign\u00e9e par le candidat. Elle peut \u00eatreindividuelle ou collective. Elle peut \u00eatre d\u00e9pos\u00e9e par le candidat lui-m\u00eame ou par un mandataire.Chaque candidat doit, \u00e0 l'appui de sa candidature, joindre une copie d'un titre d'identit\u00e9 et d\u00e9poserune d\u00e9claration \u00e9crite attestant sur l'honneur :*__ qu'il remplit toutes les conditions d'\u00e9ligibilit\u00e9 fix\u00e9es aux point 1\u00b0 \u00e0 5\u00b0 de l'article L. 723-4 duCode du commerce ou, pour les juges, anciens juges et les cadres-dirigeants, les conditionsd'\u00e9ligibilit\u00e9 fix\u00e9es aux points 2\u00b0 \u00e0 5\u00b0 de l'article L. 233-4 du code du commerce ; 2/4\n\n* qu'il n'est pas frapp\u00e9 de l'une des incapacit\u00e9s, incompatibilit\u00e9s, d\u00e9ch\u00e9ances ou in\u00e9ligibilit\u00e9spr\u00e9vues aux articles L. 722-6-1, L. 722-6-2, L. 723-7, L. 724-3-1, L. 724-3-2 du Code du commerce etaux articles 1\u00b0 \u00e0 4\u00b0 de l'article L. 723-2 du code du commerce ;* qu'il ne fait pas l'objet d'une mesure de suspension prise en application de l'article L. 724-4 duCode de commerce;* qu'il n'est pas candidat dans un autre Tribunal de commerce.\nPour les candidatures d\u00e9pos\u00e9es sur le fondement du dernier alin\u00e9a de l'article L. 723-4 du Code decommerce, la d\u00e9claration \u00e9crite sur l'honneur comprend les m\u00eames \u00e9l\u00e9ments que ceux pr\u00e9cit\u00e9s, \u00e0l'exception de la condition prescrite au 1\u00b0 du | de l'article L. 723-4. Elle comprend en outre lad\u00e9claration de candidature du candidat attestant qu'il remplit les conditions fix\u00e9es au I! de l'article L.723-4 du Code du commerce.\nLa pr\u00e9fecture enregistre les candidatures et en donne r\u00e9c\u00e9piss\u00e9. Aucun retrait ou remplacement d'unecandidature n'est accept\u00e9 apr\u00e8s son enregistrement.\nLa liste des candidatures enregistr\u00e9es est affich\u00e9e \u00e0 la pr\u00e9fecture le lendemain de la date limite ded\u00e9p\u00f4t et port\u00e9e \u00e0 la connaissance du procureur g\u00e9n\u00e9ral pr\u00e8s la cour d'appel de Nancy, soit le dimanche14 septembre 2025.\nArticle S : Le vote se fait uniquement par correspondance, aucun d\u00e9p\u00f4t \u00e0 la pr\u00e9fecture n'est accept\u00e9.La pr\u00e9fecture adresse aux \u00e9lecteurs, douze jours au moins avant la date du d\u00e9pouillement du premiertour de scrutin, soit le dimanche 21 septembre 2025, le mat\u00e9riel de vote pour les deux tours de scrutin.\nLe vote est clos le jeudi 2 octobre 2025 \u00e0 18h00 pour le premier tour de scrutin et le mercredi 15octobre 2025 \u00e0 18h00 pour le second tour \u00e9ventuel.\nEn cas de second tour, aucune convocation ne sera adress\u00e9e aux \u00e9lecteurs qui devront, d\u00e8s lors,s'enqu\u00e9rir par leurs propres moyens de la n\u00e9cessit\u00e9 d'un second tour de scrutin.\nChaque \u00e9lecteur peut voter :- soit en utilisant l''Un des bulletins imprim\u00e9s mis \u00e0 disposition par les candidats. Ce bulletinimprim\u00e9 peut \u00eatre modifi\u00e9 de fa\u00e7on manuscrite par les \u00e9lecteurs qui souhaitent en retrancherou y ajouter des noms ;- soit \u00e0 l'aide d'un bulletin qu'il r\u00e9dige lui-m\u00eame, sous r\u00e9serve du respect des normes pos\u00e9es parl'arr\u00eat\u00e9 du 24 mai 2011 susvis\u00e9.Les bulletins imprim\u00e9s mis \u00e0 disposition par les candidats devront \u00eatre livr\u00e9s \u00e0 la Pr\u00e9fecture en quantit\u00e9suffisante, au plus tard le 15 septembre 2025 \u00e0 18h. Apr\u00e8s cette date, aucun bulletin ne sera accept\u00e9.Ceux-ci devront respecter les conditions de pr\u00e9sentation et les mentions pr\u00e9vues par l'arr\u00eat\u00e9 du24 mai 2011:- \u00eatre imprim\u00e9 sur papier blanc ;- ne pas d\u00e9passer les formats 148 mm X 210 mm pour ceux comportant jusqu'\u00e0 trente et unnoms et 210 X 297 mm pour ceux comportant plus de trente et un noms;- mentionner uniquement la juridiction, la date de d\u00e9pouillement du scrutin, le nom et lepr\u00e9nom du ou des candidats.\nNe peuvent donc appara\u00eetre, sous peine de nullit\u00e9, notamment, la profession, l'appartenancesyndicale, associative ou politique du candidat.Les bulletins imprim\u00e9s par les candidats doivent \u00eatre valid\u00e9s par la commission d'organisation des\u00e9lections, y compris ceux qui sont envoy\u00e9s par les candidats eux-m\u00eames, conform\u00e9ment \u00e0 l'articleR. 723-11 du Code du commerce.\n3/4\n\nArticle 6 : Sont d\u00e9clar\u00e9s \u00e9lus au premier tour de scrutin les candidats ayant obtenu un nombre de voixau moins \u00e9gal \u00e0 la majorit\u00e9 des suffrages exprim\u00e9s et au quart des \u00e9lecteurs inscrits.Si aucun candidat n'est \u00e9lu ou s'il reste des si\u00e8ges \u00e0 pourvoir, l'\u00e9lection est acquise au second tour \u00e0 lamajorit\u00e9 relative des suffrages exprim\u00e9s. :Si plusieurs candidats obtiennent le m\u00eame nombre de voix au second tour, le plus \u00e2g\u00e9 est proclam\u00e9 \u00e9lu.\nArticle 7 : Le recensement des votes est effectu\u00e9 par la commission d'organisation des \u00e9lections.Les r\u00e9sultats sont proclam\u00e9s publiquement par le pr\u00e9sident de cette commission.La liste des candidats \u00e9lus, \u00e9tablie dans l'ordre d\u00e9croissant du nombre de voix obtenu par chacund'entre eux, est imm\u00e9diatement affich\u00e9e au greffe du Tribunal de commerce.\nLe proc\u00e8s-verbal des op\u00e9rations \u00e9lectorales est \u00e9tabli en trois exemplaires. Le premier exemplaire estadress\u00e9 au Procureur g\u00e9n\u00e9ral, pr\u00e8s la Cour d'appel de Nancy, le second au Pr\u00e9fet de la Meuse et letroisi\u00e8me est conserv\u00e9 au greffe du Tribunal de commerce.Le secr\u00e9tariat de la commission d'organisation des \u00e9lections adresse les r\u00e9sultats des \u00e9lections auGarde des Sceaux, ministre de la Justice sans d\u00e9lai et au plus tard le 4 novembre 2025.\nArticle 8 : La liste d'\u00e9margement, sign\u00e9e par le pr\u00e9sident de la commission d'organisation des \u00e9lections,demeure d\u00e9pos\u00e9e pendant huit jours au greffe du Tribunal de commerce o\u00f9 elle est communiqu\u00e9e \u00e0tout \u00e9lecteur qui en fait la demande.Dans un d\u00e9lai de huit jours \u00e0 compter de la proclamation des r\u00e9sultats, tout \u00e9lecteur peut contester lar\u00e9gularit\u00e9 des op\u00e9rations \u00e9lectorales devant le Tribunal judiciaire de Bar-le-Duc.Le recours est \u00e9galement ouvert au Pr\u00e9fet et au Procureur de la R\u00e9publique dans un d\u00e9lai de quinzejours \u00e0 compter de la r\u00e9ception du proc\u00e8s-verbal des op\u00e9rations \u00e9lectorales.\nArticle 9: Le secr\u00e9taire g\u00e9n\u00e9ral de la pr\u00e9fecture de la Meuse et le pr\u00e9sident de la commissiond'organisation des \u00e9lections institu\u00e9e pour l'\u00e9lection des juges du Tribunal de commerce de Bar-le-Duc,sont charg\u00e9s, chacun en ce qui le concerne, de l'ex\u00e9cution du pr\u00e9sent arr\u00eat\u00e9, dont copie est adress\u00e9e \u00e0chaque \u00e9lecteur, et qui sera publi\u00e9 au recueil des actes administratifs de la pr\u00e9fecture.\n|Le pr\u00e9sent arr\u00eat\u00e9 peut faire l'objet, dans un d\u00e9lai de deux mois \u00e0 compter de sa notification ou de sapublication, des recours suivants qui doivent \u00eatre introduits en recommand\u00e9 avec accus\u00e9 der\u00e9ception (application des articles L 411-2 du code des relations entre le public et l'administration et R421-1 et suivants du Code de justice administrative) :\n- soit Un recours gracieux, adress\u00e9 a Monsieur le Pr\u00e9fet de la Meuse, 40 rue du Bourg- 55012 Bar-le-Duc;\u2014 soit un recours hi\u00e9rarchique, adress\u00e9 \u00e0 Monsieur le Ministre de l'Int\u00e9rieur, Place Beauvau - 75800Paris Cedex 08 ;\u2014 soit Un recours contentieux, adress\u00e9 \u00e0 Monsieur le Pr\u00e9sident du Tribunal administratif de Nancy - 5,place de la Carri\u00e8re - CO 20038 - 54036 Nancy Cedex - Le Tribunal administratif peut aussi \u00eatre saisipar l'application informatique \u00ab T\u00e9l\u00e9recours citoyens \u00bb accessible par le site Internetwww.telerecours.fr,Apr\u00e9s un recours gracieux ou hi\u00e9rarchique, le d\u00e9lai du recours contentieux ne court qu'a compter durejet explicite ou implicite de l'un de ces deux recours. Le rejet implicite intervient, suite au silencegard\u00e9 par l'administration, \u00e0 l'issue d'une p\u00e9riode de deux mois.\n4/4\n\nDEA M EUSE Secr\u00e9tariat g\u00e9n\u00e9ralLibert\u00e9\u00c9galit\u00e9Fraternit\u00e9\nArr\u00eat\u00e9 n\u00b0 2025- 166% du 34 il Ke 2025accordant d\u00e9l\u00e9gation de signature'a M. Eric LE ROUX,Sous-Pr\u00e9fet de COMMERCY\nLe Pr\u00e9fet de la Meuse,Chevalier de l'Ordre National du M\u00e9rite,\nVu la loi organique n\u00b0 2001-692 du 1\u00b0 ao\u00fbt 2001 relative aux lois de finances ;Vu la loi n\u00b0 82-213 du 2 mars 1982, modifi\u00e9e, relative aux droits et libert\u00e9s des communes, desd\u00e9partements et des r\u00e9gions ;Vu la loi d'orientation n\u00b0 92-125 du 6 f\u00e9vrier 1992, modifi\u00e9e, relative \u00e0 l'administration territoriale de laR\u00e9publique ;Vu la loi n\u00b0 2000-321 du 12 avril 2000, modifi\u00e9e, relative aux droits des citoyens dans leurs relations avecles administrations ;Vu le d\u00e9cret n\u00b0 64-260 du 14 mars 1964, modifi\u00e9, portant statut des sous-pr\u00e9fets ;Vu le d\u00e9cret n\u00b0 97-34 du 15 janvier 1997 modifi\u00e9, relatif \u00e0 la d\u00e9concentration des d\u00e9cisionsadministratives individuelles ;Vu le d\u00e9cret n\u00b02003-1101 du 20 novembre 2003 modifiant le d\u00e9cret n\u00b0 64-805 du 29 juillet 1964 fixantles dispositions r\u00e9glementaires applicables aux pr\u00e9fets.Vu le d\u00e9cret n\u00b0 2004-374 du 29 avril 2004 modifi\u00e9 relatif aux pouvoirs des pr\u00e9fets, \u00e0 l'organisation et \u00e0l'action des services de L'\u00c9tat dans les r\u00e9gions et d\u00e9partements, notamment ses articles 43, 44 et 45 ;Vu le d\u00e9cret n\u00b0 2004-1085 du 14 octobre 2004 relatif \u00e0 la d\u00e9l\u00e9gation de gestion dans les services deL'\u00c9tat ;Vu le d\u00e9cret du 9 avril 2021 portant nomination de M. Christian ROBBE-GRILLET en qualit\u00e9 desecr\u00e9taire g\u00e9n\u00e9ral de la pr\u00e9fecture de la Meuse ;Vu le d\u00e9cret du 15 f\u00e9vrier 2023 portant nomination de M. Xavier DELARUE en qualit\u00e9 de Pr\u00e9fet de laMeuse ;Vu le d\u00e9cret du 27 juillet 2023 portant nomination de M. Xavier PANNECOUCKE en qualit\u00e9 de sous-pr\u00e9fet de Verdun ;Vu le d\u00e9cret du 10 juillet 2025 portant nomination de M. Eric LE ROUX en qualit\u00e9 de sous-pr\u00e9fet deCommercy ;Sur proposition du secr\u00e9taire g\u00e9n\u00e9ral de la pr\u00e9fecture de la Meuse,\nPr\u00e9fecture de la Meuse40 rue du BourgCS 3051255012 Bar-le-Duc C\u00e9dex\n\nARRETEArticle 1\u00b0': D\u00e9l\u00e9gation de signature est donn\u00e9e \u00e0 M. Eric LE ROUX, sous-pr\u00e9fet de Commercy, \u00e0 l'effetde signer \u00e0 compter du 11 ao\u00fbt 2025 tous documents et d\u00e9cisions dans les mati\u00e8res suivantes :| - POLICE GENERALE :1.\n10.\nOctroi ou refus du concours de la force publique pour proc\u00e9der \u00e0 l'ex\u00e9cution des jugements ouordonnances judiciaires d'expulsion immobili\u00e8re,Autorisation ou \u00e9mission d'un avis concernant le concours de la gendarmerie ou d'un corpsmilitaire,D\u00e9livrance de toute autorisation relative \u00e0 la police de la voie publique, des caf\u00e9s, d\u00e9bits deboissons, bals, spectacles et autres lieux publics exc\u00e9dant la comp\u00e9tence des autorit\u00e9smunicipales, et fermeture administrative pour non-respect des dispositions du Code de la sant\u00e9publique,Arr\u00eat\u00e9s autorisant l'usage des haut-parleurs sur la voie publique, lorsque plusieurs communes del'arrondissement sont concern\u00e9es, et les qu\u00eates sur la voie publique,D\u00e9livrance des cartes d'identit\u00e9 de maire et d'adjoint au maire,Arr\u00eat\u00e9s de transport de corps et d'urnes fun\u00e9raires \u00e0 l'\u00e9tranger, ainsi que les arr\u00eat\u00e9s portantd\u00e9rogation aux d\u00e9lais d'inhumation,D\u00e9cisions et courriers li\u00e9s au dessaisissement d'armes de cat\u00e9gorie B, C et D justifi\u00e9 par undanger grave ou imm\u00e9diat ou une atteinte \u00e0 l'ordre public,R\u00e9c\u00e9piss\u00e9s de d\u00e9claration de feux d'artifice et arr\u00eat\u00e9s de d\u00e9rogation autorisant les feuxd'artifice,Arr\u00eat\u00e9s d'autorisation et r\u00e9c\u00e9piss\u00e9s de d\u00e9claration de manifestations sportives se d\u00e9roulant. dans l'arrondissement,11.\n12.13.14.15.\n16.\nPr\u00e9sidence de la commission d\u00e9partementale de s\u00e9curit\u00e9 routi\u00e8re (\u00e9preuves sportives), toutesd\u00e9cisions et correspondances relatives \u00e0 des concentrations, des manifestations ou des circuitscomportant des v\u00e9hicules \u00e0 moteur,Autorisations relatives aux manifestations a\u00e9riennes,Autorisations de lachers de ballons,Attestation pr\u00e9fectorale de d\u00e9livrance initiale d'un permis de chasser original ou duplicata,Agr\u00e9ment et retrait d'agr\u00e9ment de gardes particuliers, arr\u00eat\u00e9s reconnaissant l'aptitudetechnique de gardes particuliers,Pr\u00e9sidence du conseil d'\u00e9valuation du centre de d\u00e9tention de Saint-Mihiel.11 - ADMINISTRATION LOCALE :1.\n2.\nAccus\u00e9 de r\u00e9ception des actes administratifs des collectivit\u00e9s territoriales de l'arrondissementet de leurs \u00e9tablissements publics, et toute correspondance portant appr\u00e9ciation sur la l\u00e9galit\u00e9desdits actes \u00e9manant:o des communes,o des commissions administratives, des conseils d'administration et autorit\u00e9sadministratives diverses, des \u00e9tablissements publics communaux et intercommunaux etdes offices d'H.L.M. ayant leur si\u00e8ge dans l'arrondissement,o des associations fonci\u00e8res d'am\u00e9nagement foncier agricole et forestier,o des associations syndicales autoris\u00e9es.Substitution au maire dans les cas pr\u00e9vus par les articles L.2122-34 et L.2215-1 du Code g\u00e9n\u00e9raldes collectivit\u00e9s territoriales,\n\n3. Enqu\u00e9tes en vue de la modification des limites territoriales des communes ou du transfert deleurs chefs-lieux (article L.2112-2 du Code g\u00e9n\u00e9ral des collectivit\u00e9s territoriales),4. Institution de la commission syndicale pr\u00e9vue \u00e0 l'article L.2112-3 du Code g\u00e9n\u00e9ral descollectivit\u00e9s territoriales,5. Cr\u00e9ation des commissions syndicales pr\u00e9vues \u00e0 l'article L.52221 du Code g\u00e9n\u00e9ral descollectivit\u00e9s territoriales, lorsque les communes font partie du m\u00eame arrondissement,6. Cr\u00e9ation ou dissolution des syndicats de communes (SIVOM, SIVU), modification de leursconditions de fonctionnement, lorsque toutes les communes font partie de l'arrondissement deCommercy,7. Constitution, renouvellement et dissolution des associations fonci\u00e8res d'am\u00e9nagement foncieragricole et forestier,8. Accus\u00e9s de r\u00e9ception des dossiers de demande de subventions, arr\u00eat\u00e9s attributifs desubvention et notifications correspondantes,9. Actes relatifs \u00e0 la gestion du fonds national de revitalisation des territoires (FNRT)10. D\u00e9cisions d'autorisation d'occupation et d'utilisation du sol prises au nom de l'\u00c9tat (permis deconstruire, permis d'am\u00e9nager, d\u00e9clarations pr\u00e9alables, certificats d'urbanisme, permis ded\u00e9molir), lorsque le maire et le responsable du service de l'\u00c9tat charg\u00e9 de l'urbanisme dans led\u00e9partement ont \u00e9mis des avis divergents.Ii! - ADMINISTRATION GENERALE :1. R\u00e9quisition de logements (signature, notification, ex\u00e9cution, renouvellement, annulation etmainlev\u00e9e des ordres de r\u00e9quisition, actes de proc\u00e9dure divers),Attribution de logements aux fonctionnaires,Autorisation d'extraction de d\u00e9tenus du centre de d\u00e9tention,D\u00e9cision prescrivant l'escorte et la garde de d\u00e9tenus hospitalis\u00e9s,nh wnRe\u00e7u de d\u00e9p\u00f4t de candidature aux \u00e9lections municipales, r\u00e9c\u00e9piss\u00e9 d\u00e9finitif de d\u00e9claration decandidature aux \u00e9lections municipales, refus de d\u00e9livrance du r\u00e9c\u00e9piss\u00e9 de d\u00e9claration decandidature aux \u00e9lections municipales ; tirage au sort des emplacements r\u00e9serv\u00e9s \u00e0 l'affichage\u00e9lectoral dans les conditions pr\u00e9vues \u00e0 l'article R 28 du Code \u00e9lectoral.Article 2 : Dans la limite de l'enveloppe qui lui est notifi\u00e9e, d\u00e9l\u00e9gation de signature est donn\u00e9e \u00e0 M. EricLE ROUX, Sous-Pr\u00e9fet de Commercy, \u00e0 l'effet de signer les engagements juridiques et de viser leurex\u00e9cution sur les programmes 354, hors titre 2, du minist\u00e8re de l'int\u00e9rieur.Article 3; En l'absence ou en cas d'emp\u00eachement de M. Eric LE ROUX, Sous-Pr\u00e9fet de Commercy, lad\u00e9l\u00e9gation de signature qui lui est conf\u00e9r\u00e9e par les articles 1 et 2 du pr\u00e9sent arr\u00eat\u00e9 sera exerc\u00e9e parM. Xavier PANNECOUCKE, Sous-Pr\u00e9fet de Verdun ou par M. Christian ROBBE-GRILLET, Secr\u00e9taireG\u00e9n\u00e9ral de la pr\u00e9fecture de la Meuse.Article 4 : L'arr\u00eat\u00e9 pr\u00e9fectoral n\u00b0 2025-1258 du 11 juin 2025 chargeant M. Xavier PANNECOUCKE, Sous-Pr\u00e9fet de Verdun, des fonctions de Sous-Pr\u00e9fet de Commercy par int\u00e9rim, est abrog\u00e9 \u00e0 compter del'entr\u00e9e en vigueur du pr\u00e9sent arr\u00eat\u00e9.Article 5 : Le Secr\u00e9taire G\u00e9n\u00e9ral de la pr\u00e9fecture, le Sous-Pr\u00e9fet de Commercy et le Sous-Pr\u00e9fet deVerdun sont charg\u00e9s de l'ex\u00e9cution du pr\u00e9sent arr\u00eat\u00e9, qui sera publi\u00e9 au recueil des actes administratifsde la pr\u00e9fecture de la Meuse.\nr D\u00c9LARUE\n\nVoies et d\u00e9lais de recours(application des articles L.411-2 du Code des relations entre le public et |' administrationet R.421-1 et suivants du Code de justice administrative)\nDans un d\u00e9lai de deux mois \u00e0 compter de la notification du pr\u00e9sent arr\u00eat\u00e9, les recours suivants peuvent \u00eatreintroduits en recommand\u00e9 avec accus\u00e9 de r\u00e9ception : ;- soit Un recours gracieux, adress\u00e9 au Pr\u00e9fet de la Meuse, 40 rue du Bourg - 55012 Bar-le-Duc ;- soit un recours hi\u00e9rarchique, adress\u00e9 au Ministre de l'Int\u00e9rieur, Place Beauvau - 75800 Paris cedex 08 ;- soit Un recours contentieux, en saisissant le Tribunal Administratif de NANCY - 5, place de la Carri\u00e8re \u2014CO 20038 - 54036 NANCY Cedex - Le Tribunal ACTE MEN fase \u00c9tE saisi par l'application informatique\u00ab T\u00e9l\u00e9recours citoyens \u00bb accessible par le site Internet www.te: Irs.fr.Apr\u00e8s un recours gracieux ou hi\u00e9rarchique, le d\u00e9lai du recours contentieux ne court qu'\u00e0 compter du rejet expliciteou implicite de l'un de ces deux recours. Le rejet implicite intervient, suite au silence gard\u00e9 par l'adrninistration, \u00e0l'issue d'une p\u00e9riode de deux mois.\n\nOE LAM EUSE Secr\u00e9tariat g\u00e9n\u00e9ralLibert\u00e9\u00c9galit\u00e9Fraternit\u00e9\nArr\u00eat\u00e9 n\u00b0 2025-46 bdu >\\ pair 2025accordant d\u00e9l\u00e9gation de signature, au titre des permanences, \u00e0 :- M. Christian ROBBE-GRILLET, Secr\u00e9taire G\u00e9n\u00e9ral de la pr\u00e9fecture,- M. Xavier PANNECOUCKE, Sous-Pr\u00e9fet de Verdun,- M. Eric LE ROUX, Sous-Pr\u00e9fet de Commercy,- M. Cyril CHARBONNIER, Sous-Pr\u00e9fet charg\u00e9 de mission aupr\u00e8s du Pr\u00e9fet de la Meuse,- Mme Sara JANSSEN, Directrice de cabinet\nLe Pr\u00e9fet de la Meuse,Chevalier de l'Ordre National du M\u00e9rite,\nVu la loi organique n\u00b0 2001-692 du 1\u00b0 ao\u00fbt 2001, modifi\u00e9e, relative aux lois de finances ;Vu la loi n\u00b0 82-213 du 2 mars 1982, modifi\u00e9e, relative aux droits et libert\u00e9s des communes, desd\u00e9partements et des r\u00e9gions ;Vu la loi d'orientation n\u00b0 92-125 du 6 f\u00e9vrier 1992, modifi\u00e9e, relative \u00e0 l'administration territoriale de laR\u00e9publique ;Vu la loi n\u00b0 2000-321 du 12 avril 2000, modifi\u00e9e, relative aux droits des citoyens dans leurs relations avecles administrations ;Vu le d\u00e9cret n\u00b0 97-34 du 15 janvier 1997, modifi\u00e9, relatif \u00e0 la d\u00e9concentration des d\u00e9cisionsadministratives individuelles ;Vu le d\u00e9cret n\u00b0 2004-374 du 29 avril 2004, modifi\u00e9, relatif aux pouvoirs des pr\u00e9fets, \u00e0 l'organisation et \u00e0l'action des services de l'\u00c9tat dans les r\u00e9gions et d\u00e9partements ;Vu le d\u00e9cret du 9 avril 2021 nommant M. Christian ROBBE-GRILLET Secr\u00e9taire G\u00e9n\u00e9ral de la pr\u00e9fecturede la Meuse;Vu le d\u00e9cret du 15 f\u00e9vrier 2023 portant nomination de M. Xavier DELARUE en qualit\u00e9 de Pr\u00e9fet de laMeuse ;Vu le d\u00e9cret du 27 juillet 2023 portant nomination de M. Xavier PANNECOUCKE en qualit\u00e9 de Sous-Pr\u00e9fet de Verdun ;Vu le d\u00e9cret du 19 juin 2024 portant nomination de M. Cyril CHARBONNIER en qualit\u00e9 de Sous-Pr\u00e9fetcharg\u00e9 de mission aupr\u00e8s du Pr\u00e9fet de la Meuse ;Vu le d\u00e9cret du 21 mars 2025 portant nomination de Mme Sara JANSSEN en qualit\u00e9 de Directrice decabinet du Pr\u00e9fet de la Meuse ;\nPr\u00e9fecture de la Meuse40 rue du BourgCS 3051255012 Bar-le-Duc C\u00e9dex\n\nVu le d\u00e9cret du 10 juillet 2025 portant nomination de M. Eric LE ROUX en qualit\u00e9 de Sous-Pr\u00e9fet deCommercy ;Vu l'arr\u00eat\u00e9 n\u00b02025-712 du 2 mai 2025 accordant d\u00e9l\u00e9gation de signature, au titre des permanences, aM. Christian ROBBE-GRILLET, Secr\u00e9taire G\u00e9n\u00e9ral de la Pr\u00e9fecture, 4 M. Xavier PANNECOUCKE, Sous-Pr\u00e9fet de Verdun, \u00e0 M. Pierre-Yves ARGAT, Sous-Pr\u00e9fet de Commercy, \u00e0 M. Cyril CHARBONNIER, Sous-Pr\u00e9fet charg\u00e9 de mission aupr\u00e8s du Pr\u00e9fet de la Meuse, et \u00e0 Mme Sara JANSSEN, Directrice de cabinet ;Consid\u00e9rant que la continuit\u00e9 du service public doit \u00e9tre assur\u00e9e dans le cadre des permanences ;Consid\u00e9rant qu'il est n\u00e9cessaire de permettre aux sous-pr\u00e9fets et \u00e0 la directrice de cabinet d'exercer lesresponsabilit\u00e9s induites par cette exigence sur l'ensemble du territoire du d\u00e9partement de la Meuse ;\nARR\u00caTE\nArticle 1\u00b0 : D\u00e9l\u00e9gation de signature est donn\u00e9e \u00e0 M. Christian ROBBE-GRILLET, Secr\u00e9taire G\u00e9n\u00e9ral de laPr\u00e9fecture, \u00e0 M. Xavier PANNECOUCKE, Sous-Pr\u00e9fet de Verdun, \u00e0 M. Eric LE ROUX, Sous-Pr\u00e9fet deCommercy, \u00e0 M. Cyril CHARBONNIER, Sous-Pr\u00e9fet charg\u00e9 de mission aupr\u00e8s du Pr\u00e9fet de la Meuse, et \u00e0Mme Sara JANSSEN, Directrice du cabinet, \u00e0 l'effet de signer, pour l'ensemble du d\u00e9partement de laMeuse, au titre des permanences qu'ils sont amen\u00e9s a assurer, les actes suivants :En mati\u00e8re d'\u00e9loignement des \u00e9trangers en situation irr\u00e9guli\u00e8re :+ les d\u00e9cisions de refus de s\u00e9jour,* les d\u00e9cisions faisant obligation de quitter le territoire fran\u00e7ais,* les d\u00e9cisions fixant le pays de renvoi,+ les d\u00e9cisions refusant ou prolongeant le d\u00e9lai de d\u00e9part volontaire,+ les d\u00e9cisions faisant interdiction de retour sur le territoire fran\u00e7ais,\u00b0 les d\u00e9cisions ordonnant l'assignation \u00e0 r\u00e9sidence,* les d\u00e9cisions cr\u00e9ant les locaux de r\u00e9tention administrative provisoire,* les d\u00e9cisions ordonnant le placement ou le maintien en r\u00e9tention administrative,* les saisines du juge des libert\u00e9s et de la d\u00e9tention des demandes de prolongation der\u00e9tention, .+ les m\u00e9moires en d\u00e9fense pr\u00e9sent\u00e9s dans le cadre des contentieux introduits \u00e0l'encontre des mesures d'\u00e9loignement et des placements en r\u00e9tention,+ les mandats de repr\u00e9sentation de l'\u00c9tat devant les juridictions administratives etjudiciaires,* Les saisines du juge des libert\u00e9s et de la d\u00e9tention pour demandes d'autorisation derecourir \u00e0 la force publique ;Et, en outre,= les d\u00e9cisions de suspension de permis de conduire, les arr\u00eat\u00e9s d'immobilisation et/ou demise en fourri\u00e8re \u00e0 titre provisoire des v\u00e9hicules, et leur notification,= les mati\u00e8res relevant des soins psychiatriques sur d\u00e9cision du repr\u00e9sentant de l'\u00c9tat, etdes soins psychiatriques des personnes d\u00e9tenues atteintes de troubles mentaux, envertu des articles L 3211-1 et suivants, L 3213-1 et suivants, L 3214-1 et suivants du Codede la sant\u00e9 publique, et de l'article D 398 du Code de proc\u00e9dure p\u00e9nale,\" les r\u00e9quisitions des forces de l'ordre,= les autorisations de transport de corps \u00e0 l'\u00e9tranger,a les d\u00e9rogations exceptionnelles de courte dur\u00e9e \u00e0 l'interdiction de circulation desv\u00e9hicules de transport de marchandises, ainsi que toute d\u00e9cision n\u00e9cessit\u00e9e par unesituation d'urgence.\n\nArticle 2: L'arr\u00eat\u00e9 pr\u00e9fectoral n\u00b02025-712 du 2 mai 2025 accordant d\u00e9l\u00e9gation de signature, au titre despermanences, \u00e0 M. Christian ROBBE-GRILLET, Secr\u00e9taire G\u00e9n\u00e9ral de la pr\u00e9fecture, \u00e0 M. XavierPANNECOUCKE, Sous-Pr\u00e9fet de VERDUN, \u00e0 M. Pierre-Yves ARGAT, Sous-Pr\u00e9fet de Commercy, \u00e0 M. CyrilCHARBONNIER, Sous-Pr\u00e9fet charg\u00e9 de mission aupr\u00e8s du Pr\u00e9fet de la Meuse, et \u00e0 Mme Sara JANSSEN,Directrice du cabinet, est abrog\u00e9 \u00e0 compter de l'entr\u00e9e en vigueur du pr\u00e9sent arr\u00eat\u00e9.\nArticle 3; Le Secr\u00e9taire G\u00e9n\u00e9ral de la pr\u00e9fecture de la Meuse, le Sous-Pr\u00e9fet de Verdun, le Sous-Pr\u00e9fetde Commercy, le Sous-Pr\u00e9fet charg\u00e9 de mission aupr\u00e8s du Pr\u00e9fet de la Meuse, et la Directrice ducabinet du Pr\u00e9fet sont charg\u00e9s, chacun en ce qui le concerne, de l'ex\u00e9cution du pr\u00e9sent arr\u00eat\u00e9 qui serapubli\u00e9 au recueil des actes administratifs de la pr\u00e9fecture de la Meuse.\nXavier DELARUE\nVoies et d\u00e9lais de recours(application des articles L.411-2 du Code des relations entre le public et l'administrationet R.421-1 et suivants du Code de justice administrative)\nDans un d\u00e9lai de deux mois \u00e0 compter de la notification du pr\u00e9sent arr\u00eat\u00e9, les recours suivants peuvent \u00eatreintroduits en recommand\u00e9 avec accus\u00e9 de r\u00e9ception :- soit Un recours gracieux, adress\u00e9 au Pr\u00e9fet de la Meuse, 40 rue du Bourg - 55012 Bar-le-Duc ;- soit un recours hi\u00e9rarchique, adress\u00e9 au Ministre de l'int\u00e9rieur, Place Beauvau - 75800 Paris cedex 08 ;\u2014 soit un recours contentieux, en saisissant le Tribunal administratif de NANCY - 5 place de la Carri\u00e8re -CO 20038 - 54036 NANCY Cedex - Le Tribunal administratif peut \u00eatre saisi par l'application informatique\u00ab T\u00e9l\u00e9recours citoyens \u00bb accessible par le site Internet www.telerecours.fr.\nApr\u00e8s un recours gracieux ou hi\u00e9rarchique, le d\u00e9lai du recours contentieux ne court qu'\u00e0 compter du rejet expliciteou implicite de l'un de ces deux recours. Le rejet implicite intervient, suite au silence gard\u00e9 par l'administration, al'issue d'une p\u00e9riode de deux mois.\n\nSR EUSE Secr\u00e9tariat g\u00e9n\u00e9ralLibert\u00e9Egalit\u00e9Fraternit\u00e9\nArr\u00eat\u00e9 n\u00b0 2025- 4674 du 34 udlee 2626accordant d\u00e9l\u00e9gation de signature 4 M. Christian ROBBE-GRILLET,Secr\u00e9taire G\u00e9n\u00e9ral de la pr\u00e9fecture de la Meuse\nLe Pr\u00e9fet de la Meuse,Chevalier de l'Ordre National du M\u00e9rite,\nVu la loi organique n\u00b0 2001-692 du 1\u00b0 ao\u00fbt 2001, modifi\u00e9e, relative aux lois de finances ;Vu la loi n\u00b0 82-213 du 2 mars 1982, modifi\u00e9e, relative aux droits et libert\u00e9s des communes, desd\u00e9partements et des r\u00e9gions ;Vu la loi d'orientation n\u00b0 92-125 du 6 f\u00e9vrier 1992, modifi\u00e9e, relative \u00e0 l'administration territoriale de laR\u00e9publique ;Vu la loi n\u00b0 2000-321 du 12 avril 2000, modifi\u00e9e, relative aux droits des citoyens dans leurs relations avecles administrations ;Vu le d\u00e9cret n\u00b0 97-34 du 15 janvier 1997 modifi\u00e9, relatif \u00e0 la d\u00e9concentration des d\u00e9cisionsadministratives individuelles ;Vu le d\u00e9cret n\u00b0 2004-374 du 29 avril 2004, modifi\u00e9, relatif aux pouvoirs des pr\u00e9fets, \u00e0 l'organisation et \u00e0l'action des services de l'\u00c9tat dans les r\u00e9gions et d\u00e9partements ;Vu le d\u00e9cret n\u00b0 2004-1085 du 14 octobre 2004 relatif \u00e0 la d\u00e9l\u00e9gation de gestion dans les services del'\u00c9tat ;Vu le d\u00e9cret n\u00b0 2012-1246 du 7 novembre 2012 relatif \u00e0 la gestion budg\u00e9taire et comptable publique ;Vu le d\u00e9cret du 9 avril 2021 nommant M. Christian ROBBE-GRILLET Secr\u00e9taire G\u00e9n\u00e9ral de la pr\u00e9fecturede la Meuse ;Vu le d\u00e9cret du 15 f\u00e9vrier 2023 portant nomination de M. Xavier DELARUE, Pr\u00e9fet de la Meuse ;Vu le d\u00e9cret du 27 juillet 2023 portant nomination de M. Xavier PANNECOUCKE en qualit\u00e9 de Sous-Pr\u00e9fet de Verdun ;Vu le d\u00e9cret du 10 juillet 2025 portant nomination de M. Eric LE ROUX en qualit\u00e9 de Sous-Pr\u00e9fet deCommercy ;Vu l'arr\u00eat\u00e9 interminist\u00e9riel du 8 d\u00e9cembre 1993, modifi\u00e9, portant r\u00e8glement de comptabilit\u00e9 duminist\u00e8re de l'Int\u00e9rieur et de l'am\u00e9nagement du territoire pour la d\u00e9signation des ordonnateurssecondaires et de leurs d\u00e9l\u00e9gu\u00e9s ;\nPr\u00e9fecture de la Meuse40 rue du BourgCS 3051255012 Bar-le-Duc C\u00e9dex\n\nVu l'arr\u00eat\u00e9 du 16 d\u00e9cembre 2013 relatif au cadre de la gestion budg\u00e9taire et au contr\u00f4le budg\u00e9taire desminist\u00e8res de l'Int\u00e9rieur et des outre-mer,ARR\u00caTEArticle 1\u00b0 : D\u00e9l\u00e9gation de signature est donn\u00e9e \u00e0 M. Christian ROBBE-GRILLET, secr\u00e9taire g\u00e9n\u00e9ral de lapr\u00e9fecture de la Meuse, \u00e0 l'effet de signer tous arr\u00eat\u00e9s, d\u00e9cisions, circulaires, rapports, tout recoursjuridictionnel et m\u00e9moire s'y rapportant et toutes correspondances relatives aux attributions de l'\u00c9tatdans le d\u00e9partement de la Meuse, \u00e0 l'exception :+ des d\u00e9clinatoires de comp\u00e9tence et des arr\u00eat\u00e9s de conflit,+ des d\u00e9cisions de d\u00e9f\u00e9rer au juge administratif les actes des autorit\u00e9s d\u00e9centralis\u00e9es,+ des d\u00e9cisions de saisine de la chambre r\u00e9gionale des comptes dans le cadre du contr\u00f4lebudg\u00e9taire.Article 2: D\u00e9l\u00e9gation de signature est donn\u00e9e \u00e0 M. Christian ROBBE-GRILLET, secr\u00e9taire g\u00e9n\u00e9ral de lapr\u00e9fecture de la Meuse, \u00e0 l'effet de signer les requ\u00eates et correspondances li\u00e9es \u00e0 l'ex\u00e9cution desmesures d'\u00e9loignement des \u00e9trangers en situation irr\u00e9guli\u00e8re, comprenant notamment les demandes deprolongation de r\u00e9tention administrative aupr\u00e8s du juge des libert\u00e9s et de la d\u00e9tention territorialementcomp\u00e9tent.Article 3: En cas d'absence ou d'emp\u00e9chement de M. Christian ROBBE-GRILLET, la suppl\u00e9ance dusecr\u00e9taire g\u00e9n\u00e9ral de la pr\u00e9fecture de la Meuse est assur\u00e9e par :+ M. Xavier PANNECOUCKE, sous-pr\u00e9fet de VERDUN,+ M. Eric LE ROUX, sous-pr\u00e9fet de COMMERCY.La d\u00e9l\u00e9gation de signature pr\u00e9vue \u00e0 l'article 1\u00b0 est accord\u00e9e au sous-pr\u00e9fet qui assure la suppl\u00e9ance dusecr\u00e9taire g\u00e9n\u00e9ral de la pr\u00e9fecture de la Meuse en application des dispositions de l'alin\u00e9a pr\u00e9c\u00e9dent.Article 4: En cas d'absence ou d'emp\u00eachement de M. Xavier DELARUE, pr\u00e9fet de la Meuse, sasuppl\u00e9ance est assur\u00e9e de droit par M. Christian ROBBE-GRILLET, secr\u00e9taire g\u00e9n\u00e9ral de la pr\u00e9fecture dela Meuse, qui exerce \u00e0 ce titre l'ensemble des comp\u00e9tences \u00e9num\u00e9r\u00e9es \u00e0 l'article 1\".Article 5: En cas d'absence ou d'emp\u00e9chement concomitant de M. Xavier DELARUE, pr\u00e9fet de laMeuse, et de M. Christian ROBBE-GRILLET, secr\u00e9taire g\u00e9n\u00e9ral de la pr\u00e9fecture de la Meuse, lasuppl\u00e9ance est assur\u00e9e par :+ M. Xavier PANNECOUCKE, sous-pr\u00e9fet de VERDUN+ M. Eric LE ROUX, sous-pr\u00e9fet de COMMERCY.Le sous-pr\u00e9fet qui assure la suppl\u00e9ance du pr\u00e9fet de d\u00e9partement en application des dispositions del'alin\u00e9a pr\u00e9c\u00e9dent exerce l'int\u00e9gralit\u00e9 de ses pouvoirs.Article 6: L'arr\u00eat\u00e9 n\u00b0 2023-2130 du 21 ao\u00fbt 2023 accordant d\u00e9l\u00e9gation de signature \u00e0 M. ChristianROBBE-GRILLET, secr\u00e9taire g\u00e9n\u00e9ral de la pr\u00e9fecture de la Meuse, est abrog\u00e9 .Article 7 : Le secr\u00e9taire g\u00e9n\u00e9ral de la pr\u00e9fecture est charg\u00e9 de l'ex\u00e9cution du pr\u00e9sent arr\u00eat\u00e9 qui serapubli\u00e9 au recueil des actes administratifs de la pr\u00e9fecture de la Meuse.\nELARUE\n\nVoies et d\u00e9lais de recours(application des articles L.411-2 du code des relations entre le public et l'administration et R.421-1 etsuivants du Code de justice administrative)\nDans un d\u00e9lai de deux mois \u00e0 compter de la notification du pr\u00e9sent arr\u00eat\u00e9, les recours suivants peuvent\u00eatre introduits en recommand\u00e9 avec accus\u00e9 de r\u00e9ception :- soit Un recours gracieux, adress\u00e9 \u00e0 Monsieur le Pr\u00e9fet de la Meuse, 40 rue du Bourg \u2014 55012Bar-le-Duc ;\u2014 soit un recours hi\u00e9rarchique, adress\u00e9 \u00e0 Monsieur le Ministre de l'Int\u00e9rieur, Place Beauvau -75800 - Paris Cedex 08 ;\u2014 soit Un recours contentieux, en saisissant le Tribunal Administratif de NANCY - 5, place de laCarri\u00e8re - CO 20038 - 54036 NANCY Cedex - Le Tribunal Administratif peut \u00eatre saisi parl'application informatique \u00abT\u00e9l\u00e9recours citoyens\u00bb accessible par le site Internetwww.telerecours.fr.Apr\u00e9s un recours gracieux ou hi\u00e9rarchique, le d\u00e9lai du recours contentieux ne court qu'a compter durejet explicite ou implicite de l'un de ces deux recours. Le rejet implicite intervient, suite au silencegard\u00e9 par l'administration, \u00e0 l'issue d'une p\u00e9riode de deux mois.\n\n\nDELA MEUSE Secr\u00e9tariat g\u00e9n\u00e9ralLibert\u00e9Egalit\u00e9Fraternit\u00e9\nArr\u00eat\u00e9 n\u00b0 2025-4672 du 31 a let 2xaccordant d\u00e9l\u00e9gation de signature\u00e0 M. Xavier PANNECOUCKE,Sous-Pr\u00e9fet de VERDUN\nLe Pr\u00e9fet de la Meuse,Chevalier de l'Ordre National du M\u00e9rite,\nVu la loi organique n\u00b0 2001-692 du 1\u00b0' ao\u00fbt 2001 relative aux lois de finances ;Vu la loi n\u00b0 82-213 du 2 mars 1982, modifi\u00e9e, relative aux droits et libert\u00e9s des communes, des=. d\u00e9partements et des r\u00e9gions ;Vu la loi d'orientation n\u00b0 92-125 du 6 f\u00e9vrier 1992, modifi\u00e9e, relative \u00e0 l'administration territoriale de laR\u00e9publique ;Vu la loi n\u00b0 2000-321 du 12 avril 2000, modifi\u00e9e, relative aux droits des citoyens dans leurs relations avecles administrations :Vu le d\u00e9cret n\u00b0 64-260 du 14 mars 1964, modifi\u00e9, portant statut des sous-pr\u00e9fets ;Vu le d\u00e9cret n\u00b0 97-34 du 15 janvier 1997, modifi\u00e9, relatif \u00e0 la d\u00e9concentration des d\u00e9cisionsadministratives individuelles ;Vu le d\u00e9cret n\u00b02003-1101 du 20 novembre 2003 modifiant le d\u00e9cret n\u00b0 64-805 du 29 juillet 1964 fixantles dispositions r\u00e9glementaires applicables aux pr\u00e9fets ;Vu le d\u00e9cret n\u00b0 2004-374 du 29 avril 2004, modifi\u00e9, relatif aux pouvoirs des pr\u00e9fets, \u00e0 l'organisation et \u00e0l'action des services de L'\u00c9tat dans les r\u00e9gions et d\u00e9partements, notamment ses articles 43, 44 et 45 ;Vu le d\u00e9cret n\u00b0 2004-1085 du 14 octobre 2004 relatif \u00e0 la d\u00e9l\u00e9gation de gestion dans les services del'\u00c9tat ;Vu le d\u00e9cret n\u00b02022-491 du 6 avril 2022 relatif aux emplois de pr\u00e9fet et de sous-pr\u00e9fet ;Vu le d\u00e9cret du 9 avril 2021 portant nomination de M. Christian ROBBE-GRILLET en qualit\u00e9 desecr\u00e9taire g\u00e9n\u00e9ral de la pr\u00e9fecture de la Meuse ;Vu le d\u00e9cret du 15 f\u00e9vrier 2023 portant nomination de M. Xavier DELARUE, Pr\u00e9fet de la Meuse ;Vu le d\u00e9cret du 27 juillet 2023 portant nomination de M. Xavier PANNECOUCKE, en qualit\u00e9 de Sous-Pr\u00e9fet de Verdun ;Vu le d\u00e9cret du 10 juillet 2025 portant nomination de M. Eric LE ROUX en qualit\u00e9 de Sous-Pr\u00e9fet deCommercy ;\nPr\u00e9fecture de la Meuse40 rue du BourgCS 3051255012 Bar-le-Duc C\u00e9dex\n\nArticle 2: Dans la limite de l'enveloppe qui lui est notifi\u00e9e, d\u00e9l\u00e9gation de signature est donn\u00e9e \u00e0M. Xavier PANNECOUCKE, Sous-Pr\u00e9fet de Verdun, \u00e0 l'effet de signer les engagements juridiques et deviser leur ex\u00e9cution sur le programme 354 hors titre 2.Article 3: Dans la limite de l'enveloppe qui lui est notifi\u00e9e, en mati\u00e8re de politique de la ville,d\u00e9l\u00e9gation de signature est donn\u00e9e \u00e0 M. Xavier PANNECOUCKE, Sous-Pr\u00e9fet de Verdun, \u00e0 l'effet designer pour le d\u00e9partement :\u00b0 les d\u00e9cisions d'irrecevabilit\u00e9 ou de rejet de demandes de subvention ;+ les d\u00e9cisions et conventions de subventions ainsi que leurs avenants ;+ la d\u00e9clinaison des programmes sp\u00e9cifiques d'intervention en faveur des quartiers prioritaires dela politique de la ville ;* tout document d'ex\u00e9cution financi\u00e9re du budget du d\u00e9partement (engagement, liquidation,mandatement des cr\u00e9dits du programme 147).Article 4: En l'absence ou en cas d'emp\u00eachement de M. Xavier PANNECOUCKE, Sous-Pr\u00e9fet de Verdun,la d\u00e9l\u00e9gation de signature qui lui est conf\u00e9r\u00e9e par les articles 1 et 2 du pr\u00e9sent arr\u00e9t\u00e9 sera exerc\u00e9e parM. Eric LE ROUX, Sous-Pr\u00e9fet de Commercy ou M. Christian ROBBE-GRILLET, Secr\u00e9taire G\u00e9n\u00e9ral de lapr\u00e9fecture de la Meuse.Article 5: L'arr\u00eat\u00e9 n\u00b0 2023-2131 du 21 ao\u00fbt 2023 accordant d\u00e9l\u00e9gation de signature \u00e0 M. XavierPANNECOUCKE, sous-pr\u00e9fet de Verdun, est abrog\u00e9.Article 6: Le secr\u00e9taire g\u00e9n\u00e9ral de la pr\u00e9fecture, le sous-pr\u00e9fet de Verdun et le sous-pr\u00e9fet deCommercy sont charg\u00e9s de l'ex\u00e9cution du pr\u00e9sent arr\u00eat\u00e9 qui sera publi\u00e9 au recueil des actesadministratifs de la pr\u00e9fecture de la Meuse.\nRUE\nVoies et d\u00e9lais de recours(application des articles L.411-2 du Code des relations entre le public et l'administrationet R.421-1 et suivants du Code de justice administrative)\nDans un d\u00e9lai de deux mois \u00e0 compter de la notification du pr\u00e9sent arr\u00eat\u00e9, les recours suivants peuvent \u00eatreintroduits en recommand\u00e9 avec accus\u00e9 de r\u00e9ception :~ soit un recours gracieux, adress\u00e9 \u00e0 Monsieur le Pr\u00e9fet de la Meuse, 40 rue du Bourg - 55012 Bar-le-Duc ;\u2014 soit un recours hi\u00e9rarchique, adress\u00e9 \u00e0 Monsieur le Ministre de l'int\u00e9rieur, Place Beauvau - 75800Paris Cedex 08;\u2014 soit Un recours contentieux, en saisissant le Tribunal Administratif de NANCY - 5, place de la Carri\u00e8re -CO 20038 - 54036 NANCY Cedex - Le Tribunal Administratif peut \u00eatre saisi par l'application informatique\u00ab T\u00e9l\u00e9recours citoyens \u00bb accessible par le site Internet wwwtelerecours.fr.\nApr\u00e8s un recours gracieux ou hi\u00e9rarchique, le d\u00e9lai du recours contentieux ne court qu'\u00e0 compter du rejet expliciteou implicite de l'un de ces deux recours. Le rejet implicite intervient, suite au silence gard\u00e9 par l'administration, \u00e0l'issue d'une p\u00e9riode de deux mois.\n\nEuMA MEUSE Secr\u00e9tariat g\u00e9n\u00e9ralLibert\u00e9\u00c9galit\u00e9Fraternit\u00e9\nArr\u00eat\u00e9 pr\u00e9fectoral n\u00b0 2025- AoF4 du 3 A A ZolS'accordant d\u00e9l\u00e9gation de signature \u00e0 M. A je GROSSIR,directeur d\u00e9partemental de la police nationale de la Meuse,et chef de la circonscription de police nationale de Bar-le-Duc,\u00e0 l'effet de signer les immobilisations et les mises en fourri\u00e8re des v\u00e9hicules\n' Le Pr\u00e9fet de la Meuse,Chevalier de l'Ordre National du M\u00e9rite,\nVu le Code de la route et notamment ses articles L 325-1 et suivants ;Vu la loi n\u00b0 82-213 du 2 mars 1982, modifi\u00e9e, relative aux droits et libert\u00e9s des communes, desd\u00e9partements et des r\u00e9gions ;Vu la loi d'orientation n\u00b0 92-125 du 6 f\u00e9vrier 1992 modifi\u00e9e relative \u00e0 l'administration territoriale de laR\u00e9publique ;Vu le d\u00e9cret n\u00b0 2004-374 du 29 avril 2004, modifi\u00e9, relatif aux pouvoirs des pr\u00e9fets, \u00e0 l'organisation et \u00e0l'action des services de l'\u00c9tat dans les r\u00e9gions et d\u00e9partements ;Vu le d\u00e9cret n\u00b0 2023-1013 du 2 novembre 2023, modifi\u00e9, relatif aux services d\u00e9concentr\u00e9s et \u00e0l'organisation de la police nationale ;Vu le d\u00e9cret du 15 f\u00e9vrier 2023 portant nomination de M. Xavier DELARUE, Pr\u00e9fet de la Meuse ;Vu l'arr\u00eat\u00e9 minist\u00e9riel n\u00b0 U12823971089886 du 10 juillet 2025 portant changement d'affectation avecchangement de r\u00e9sidence en m\u00e9tropole de M. Fabrice GROSSIR, commissaire divisionnaire de police,affect\u00e9 en qualit\u00e9 de directeur d\u00e9partemental de la police nationale de la Meuse et chef de lacirconscription de police nationale de Bar-le-Duc, \u00e0 compter du 25 ao\u00fbt 2025;Vu la circulaire minist\u00e9rielle du 1% ao\u00fbt 2011 portant mise en \u0153uvre du pouvoir d'immobilisation et demise en fourri\u00e8re des v\u00e9hicules ;Sur proposition du Secr\u00e9taire G\u00e9n\u00e9ral de la pr\u00e9fecture de la Meuse,\nARR\u00caTE\nArticle 1\u00b0 : D\u00e9l\u00e9gation de signature est donn\u00e9e \u00e0 M. Fabrice GROSSIR, directeur d\u00e9partemental de lapolice nationale de la Meuse, \u00e0 l'effet de signer les immobilisations et les mises en fourri\u00e8re desv\u00e9hicules telles que pr\u00e9vues \u00e0 l'article L 325-1-2 du Code de la route.\nPr\u00e9fecture de la Meuse40 rue du BourgCS 3051255012 Bar-le-Duc C\u00e9dex\n\nArticle 2: En application des dispositions de l'article 44 du d\u00e9cret n\u00b0 2004-374 du 29 avril 2004,modifi\u00e9, M. Fabrice GROSSIR, directeur d\u00e9partemental de la police nationale de la Meuse, est autoris\u00e9,en cas d'absence ou d'emp\u00e9chement, \u00e0 subd\u00e9l\u00e9guer sa signature \u00e0 ses subordonn\u00e9s, par arr\u00eat\u00e9 pris enson nom. Cette subd\u00e9l\u00e9gation fera l'objet d'une publication au recueil des actes administratifs de lapr\u00e9fecture de la Meuse.\nArticle 3: L'arr\u00eat\u00e9 pr\u00e9fectoral n\u00b0 2025-1263 du 11 juin 2025 accordant d\u00e9l\u00e9gation de signature \u00e0M. Philippe BAUNE, adjoint au directeur d\u00e9partemental de la police nationale de la Meuse, charg\u00e9 del'int\u00e9rim des fonctions de directeur d\u00e9partemental de la police nationale de la Meuse, \u00e0 l'effet designer les immobilisations et les mises en fourri\u00e8re des v\u00e9hicules, est abrog\u00e9 \u00e0 compter du 25 ao\u00fbt 2025,date \u00e0 laquelle le pr\u00e9sent arr\u00eat\u00e9 prend effet.\nArticle 4: Le Secr\u00e9taire G\u00e9n\u00e9ral de la pr\u00e9fecture de la Meuse, la Directrice du cabinet du Pr\u00e9fet de laMeuse et le Directeur d\u00e9partemental de la police nationale de la Meuse, sont charg\u00e9s, chacun en ce quile concerne, de l'ex\u00e9cution du pr\u00e9sent arr\u00eat\u00e9 qui sera publi\u00e9 au recueil des actes administratifs de lapr\u00e9fecture de la Meuse.\nD\u00e9lais et voies de recours(application des articles L.411-2 du Code des relations entre le public et l'administrationet R.421-1 et suivants du Code de justice administrative)\nDans un d\u00e9lai de deux mois \u00e0 compter de la notification du pr\u00e9sent arr\u00eat\u00e9, les recours suivants peuvent \u00eatreintroduits en recommand\u00e9 avec accus\u00e9 de r\u00e9ception : .\u2014 soit un recours gracieux, adress\u00e9 au Pr\u00e9fet de la Meuse, 40 rue du Bourg \u2014 55012 Bar-le-Duc ;\u2014 soit un recours hi\u00e9rarchique, adress\u00e9 au Ministre de l'Int\u00e9rieur, place Beauvau - 75800 Paris cedex 08 ;\u2014 soit Un recours contentieux, en saisissant le Tribunal administratif de NANCY - 5 place de la Carri\u00e8re -CO 20038 - 54036 NANCY Cedex - le Tribunal Administratif peut \u00eatre saisi par l'application informatique\u00ab T\u00e9l\u00e9recours citoyens \u00bb accessible par le site Internet wwwtelerecours.fr.Apr\u00e8s un recours gracieux ou hi\u00e9rarchique, le d\u00e9lai du recours contentieux ne court qu'\u00e0 compter du rejet expliciteou implicite de l'un de ces deux recours. Le rejet implicite intervient, suite au silence gard\u00e9 par l'administration, \u00e0l'issue d'une p\u00e9riode de deux mois.\n\nDE LAN EUSE Secr\u00e9tariat g\u00e9n\u00e9ralLibert\u00e9\u00c9galit\u00e9Fraternit\u00e9\nArr\u00eat\u00e9 pr\u00e9fectoral n\u00b0 2025- AGTR du 21 A le) Saccordant d\u00e9l\u00e9gation de signature a M. Fabfice GROSSIR,directeur d\u00e9partemental de la police nationale de la Meuse,et chef de la circonscription de police nationale de Bar-le-Duc,en mati\u00e8re d'ordonnancement secondaire\nLe Pr\u00e9fet de la Meuse,Chevalier de l'Ordre National du M\u00e9rite,\nVu la loi organique n\u00b0 2001-692 du 1\u00b0 ao\u00fbt 2001, modifi\u00e9e, relative aux lois de finances ;Vu la loi n\u00b0 82-213 du 2 mars 1982, modifi\u00e9e, relative aux droits et libert\u00e9s des communes, desd\u00e9partements et des r\u00e9gions ;Vu la loi d'orientation n\u00b0 92-125 du 6 f\u00e9vrier 1992, modifi\u00e9e, relative \u00e0 l'administration territoriale de laR\u00e9publique ;Vu la loi n\u00b0 2002-1094 du 29 ao\u00fbt 2002 d'orientation et de programmation pour la s\u00e9curit\u00e9 int\u00e9rieure ;Vu le d\u00e9cret n\u00b0 2004-374 du 29 avril 2004, modifi\u00e9 relatif aux pouvoirs des pr\u00e9fets, \u00e0 l'organisation et \u00e0l'action des services de l'\u00c9tat dans les r\u00e9gions et d\u00e9partements ;Vu le d\u00e9cret n\u00b0 2004-1085, modifi\u00e9, du 14 octobre 2004 relatif \u00e0 la d\u00e9l\u00e9gation de gestion des services del'Etat ;Vu le d\u00e9cret n\u00b0 2012-1246 du 7 novembre 2012, modifi\u00e9, relatif \u00e0 la gestion budg\u00e9taire et comptablepublique ;Vu le d\u00e9cret n\u00b0 2012-1247 du 7 novembre 2012 portant adaptation de divers textes aux nouvelles r\u00e8glesde la gestion budg\u00e9taire et comptable publique ;Vu le d\u00e9cret n\u00b0 2023-1013 du 2 novembre 2023, modifi\u00e9, relatif aux services d\u00e9concentr\u00e9s et \u00e0l'organisation de la police nationale ;Vu le d\u00e9cret du 15 f\u00e9vrier 2023 portant nomination de M. Xavier DELARUE, Pr\u00e9fet de la Meuse ;Vu l'arr\u00eat\u00e9 interminist\u00e9riel du 8 d\u00e9cembre 1993 modifi\u00e9 portant r\u00e8glement de comptabilit\u00e9 duminist\u00e8re de l'int\u00e9rieur et de l'am\u00e9nagement du territoire pour la d\u00e9signation des ordonnateurssecondaires et de leurs d\u00e9l\u00e9gu\u00e9s ;Vu l'arr\u00eat\u00e9 du 16 d\u00e9cembre 2013 relatif au cadre de la gestion budg\u00e9taire et au contr\u00f4le budg\u00e9taire desminist\u00e8res de l'int\u00e9rieur et des outre-mer pris en application de l'article 105 du d\u00e9cret n\u00b0 2012-1246 du7 novembre 2012 relatif \u00e0 la gestion budg\u00e9taire et comptable publique ;\nPr\u00e9fecture de la Meuse40 rue du BourgCS 3051255012 Bar-le-Duc C\u00e9dex\n\nVu l'arr\u00eat\u00e9 n\u00b0 2014-DRMM-481 du 5 d\u00e9cembre 2014 portant titularisation de Mme Ombeline GUILLART-: BRUNI au grade d'adjoint administratif de 2\u00b0 classe de l'int\u00e9rieur et de l'outre-mer ;Vu l'arr\u00eat\u00e9 n\u00b0U14576580243136 du 6 avril 2021 portant nomination de Mme Doroth\u00e9e POUANINE augrade de secr\u00e9taire administratif de l'int\u00e9rieur et de l'outre-mer ;Vu l'arr\u00eat\u00e9 n\u00b0U1440850483810 du 12 septembre 2022 portant nomination de Mme FlorianePETITDEMANGE au grade de secr\u00e9taire administratif de l'int\u00e9rieur et l'outre-mer ;Vu l'arr\u00eat\u00e9 minist\u00e9riel n\u00b0 U12823971089886 du 10 juillet 2025 portant changement d'affectation avecchangement de r\u00e9sidence en m\u00e9tropole de M. Fabrice GROSSIR, commissaire divisionnaire de police,affect\u00e9 en qualit\u00e9 de directeur d\u00e9partemental de la police nationale de la Meuse et chef de lacirconscription de police nationale de Bar-le-Duc, \u00e0 compter du 25 ao\u00fbt 2025;Consid\u00e9rant que Mme Doroth\u00e9e POUANINE, secr\u00e9taire administratif de classe normale, est affect\u00e9e auservice budget au sein de la direction d\u00e9partementale de la police nationale de la Meuse, depuis le6 janvier 2021 ; |Consid\u00e9rant que Mme Floriane PETITDEMANGE, secr\u00e9taire administratif de classe normale, estaffect\u00e9e au service budget au sein de la direction d\u00e9partementale de la police nationale de la Meuse,depuis le 1\u00b0 septembre 2022.Sur proposition du Secr\u00e9taire G\u00e9n\u00e9ral de la pr\u00e9fecture de la Meuse,\nARRETE\nArticle 1%: D\u00e9l\u00e9gation de signature est donn\u00e9e en qualit\u00e9 d'ordonnateur secondaire d\u00e9l\u00e9gu\u00e9 \u00e0M. Fabrice GROSSIR, directeur d\u00e9partemental de la police nationale de la Meuse, pour proc\u00e9der al'ordonnancement secondaire des recettes et des d\u00e9penses, n\u00e9cessaires au fonctionnement de sonservice, relevant du programme 176 Police nationale.\nArticle 2: M. Fabrice GROSSIR peut, dans le respect des dispositions du d\u00e9cret n\u00b0 2004-1085 du14 octobre 2004 susvis\u00e9, d\u00e9l\u00e9guer la gestion des op\u00e9rations pr\u00e9vues \u00e0 l'article 1\u00b0 du pr\u00e9sent arr\u00eat\u00e9 ausecr\u00e9tariat g\u00e9n\u00e9ral pour l'administration de la police de la zone de d\u00e9fense dont il d\u00e9pend.Les op\u00e9rations aff\u00e9rentes seront assign\u00e9es sur la caisse du directeur r\u00e9gional des finances publiques duGrand Est, comptable assignataire.\nArticle 3: Un compte rendu d'utilisation des cr\u00e9dits pour l'exercice budg\u00e9taire sera adress\u00e9annuellement au Pr\u00e9fet de la Meuse.\nArticle 4 : La d\u00e9l\u00e9gation de gestion sera soumise \u00e0 l'approbation pr\u00e9alable du Pr\u00e9fet de la Meuse.\nArticle 5: D\u00e9l\u00e9gation de signature est donn\u00e9e \u00e0 Mme Ombeline GUILLART-BRUNI afin de saisir,contr\u00f4ler et valider les demandes d'achats dans Chorus. formulaire, et constater le service fait dansl'application.\nArticle 6 : D\u00e9l\u00e9gation de signature est donn\u00e9e \u00e0 Mme Doroth\u00e9e POUANINE afin de saisir, contr\u00f4ler etvalider les demandes d'achats dans Chorus formulaire, et constater le service fait dans l'application.\nArticle 7 : D\u00e9l\u00e9gation de signature est donn\u00e9e \u00e0 Mme Floriane PETITDEMANGE afin de saisir, contr\u00f4leret valider les demandes d'achats dans Chorus formulaire, et constater le service fait dans l'application.\n\nArticle 8: L'arr\u00eat\u00e9 pr\u00e9fectoral n\u00b0 2025-1262 du 11 juin 2025 accordant d\u00e9l\u00e9gation de signature \u00e0M. Philippe BAUNE, adjoint au directeur d\u00e9partemental de la police nationale de la Meuse, charg\u00e9 del'int\u00e9rim des fonctions de directeur d\u00e9partemental de la police nationale de la Meuse, en mati\u00e8red'ordonnancement secondaire, est abrog\u00e9 \u00e0 compter du 25 ao\u00fbt 2025, date \u00e0 laquelle le pr\u00e9sent arr\u00eat\u00e9prend effet.\nArticle 9: Le Secr\u00e9taire G\u00e9n\u00e9ral de la pr\u00e9fecture, le Directeur d\u00e9partemental de la police nationale, laDirectrice d\u00e9partementale des finances publiques de la Meuse et le Directeur r\u00e9gional des financespubliques du Grand Est sont charg\u00e9s, chacun en ce qui le concerne, de l'ex\u00e9cution du pr\u00e9sent arr\u00eat\u00e9,qui sera publi\u00e9 au recueil des actes administratifs de la pr\u00e9fecture de la Meuse.\nPE\"A\nnn\nD\u00e9lais et voies de recours{application des articles L.411-2 du Code des relations entre le public et l'administrationet R.421-1 et suivants du Code de justice administrative)\nDans un d\u00e9lai de deux mois \u00e0 compter de la notification du pr\u00e9sent arr\u00eat\u00e9, les recours suivants peuvent \u00eatreintroduits en recommand\u00e9 avec accus\u00e9 de r\u00e9ception :\u2014 soit Un recours gracieux, adress\u00e9 au Pr\u00e9fet de la Meuse, 40 rue du Bourg \u2014 55012 Bar-le-Duc ;~ soit un recours hi\u00e9rarchique, adress\u00e9 au Ministre de l'Int\u00e9rieur, place Beauvau \u2014 75800 Paris cedex 08 ;- soit un recours contentieux, en saisissant le Tribunal administratif de NANCY - 5 place de la Carri\u00e8re -CO 20038 - 54036 NANCY Cedex - le Tribunal Agministati\u00e9 pau pile. saisi par l'application informatique\u00ab T\u00e9l\u00e9recours citoyens \u00bb accessible par le site Internet www telere: |Apr\u00e8s un recours gracieux ou hi\u00e9rarchique, le d\u00e9lai du recours contentieux ne court qu'\u00e0 compter du rejet expliciteou implicite de l'un de ces deux recours. Le rejet implicite intervient, suite au silence gard\u00e9 par l'administration, \u00e0l'issue d'une p\u00e9riode de deux mois.\n\nDELA MEUSE _ Secr\u00e9tariat g\u00e9n\u00e9ralLibert\u00e9Egalit\u00e9Fraternit\u00e9\nArr\u00e9t\u00e9 pr\u00e9fectoral n\u00b0 2025 - AGTS du 34 VS 2625\"accordant d\u00e9l\u00e9gation de signature \u00e0 M. Fabrice GROSSIR,directeur d\u00e9partemental de la police nationale de la Meuse,et chef de la circonscription de police nationale de Bar-le-Duc,pour les sanctions du premier groupe\nLe Pr\u00e9fet de la Meuse, |Chevalier de l'Ordre National du M\u00e9rite,\nVu la loi n\u00b0 82-213 du 2 mars 1982 modifi\u00e9e relative aux droits et libert\u00e9s des communes, desd\u00e9partements et des r\u00e9gions ;Vu la loi d'orientation n\u00b0 92-125 du 6 f\u00e9vrier 1992 modifi\u00e9e relative \u00e0 l'administration territoriale de laR\u00e9publique ;Vu le Code g\u00e9n\u00e9ral de la fonction publique ;Vu le d\u00e9cret n\u00b0 95-1197 du 6 novembre 1995, modifi\u00e9, et notamment son article 4, portantd\u00e9concentration en mati\u00e8re de gestion des personnels de la police nationale ;Vu le d\u00e9cret n\u00b0 97-34 du 15 janvier 1997, modifi\u00e9, relatif \u00e0 la d\u00e9concentration des d\u00e9cisionsadministratives individuelles ;Vu le d\u00e9cret n\u00b0 2004-374 du 29 avril 2004, modifi\u00e9, relatif aux pouvoirs des pr\u00e9fets, \u00e0 l'organisation et \u00e0l'action des services de l'\u00c9tat dans les r\u00e9gions et d\u00e9partements ;Vu le d\u00e9cret n\u00b0 2015-510 du 7 mai 2015, modifi\u00e9, portant charte de d\u00e9concentration ;Vu le d\u00e9cret n\u00b0 2023-1013 du 2 novembre 2023, modifi\u00e9, relatif aux services d\u00e9concentr\u00e9s et al'organisation de la police nationale ;Vu le d\u00e9cret n\u00b0 2023-1108 du 29 novembre 2023 portant cr\u00e9ation des services d\u00e9concentr\u00e9s de la po-lice nationale ;Vu le d\u00e9cret n\u00b0 2023-1109 du 29 novembre 2023 modifiant diverses dispositions relatives a la police na-tionale ;Vu le d\u00e9cret du 15 f\u00e9vrier 2023 portant nomination de M. Xavier DELARUE, Pr\u00e9fet de la Meuse ;Vu l'arr\u00eat\u00e9 minist\u00e9riel n\u00b0 U12823971089886 du 10 juillet 2025 portant changement d'affectation avecchangement de r\u00e9sidence en m\u00e9tropole de M. Fabrice GROSSIR, commissaire divisionnaire de police,affect\u00e9 en qualit\u00e9 de directeur d\u00e9partemental de la police nationale de la Meuse et chef de lacirconscription de police nationale de Bar-le-Duc, \u00e0 compter du 25 ao\u00fbt 2025;Sur proposition du Secr\u00e9taire G\u00e9n\u00e9ral de la pr\u00e9fecture de la Meuse,\nPr\u00e9fecture de la Meuse40 rue du BourgCS 3051255012 Bar-le-Duc C\u00e9dex\n\nARRETE\nArticle 1\u00b0 : D\u00e9l\u00e9gation de signature est donn\u00e9e \u00e0 M. Fabrice GROSSIR, directeur d\u00e9partemental de lapolice nationale de la Meuse, \u00e0 l'effet de signer les d\u00e9cisions :- d'avertissements et de blames prises \u00e0 l'encontre des grad\u00e9s, gardiens de la paix, des personnelsadministratifs, techniques et scientifiques des cat\u00e9gories B et C, et des adjoints de s\u00e9curit\u00e9 plac\u00e9s sousson autorit\u00e9,- de l'exclusion temporaire de fonctions (ETF) pour une dur\u00e9e maximale de 3 jours pour les agents ducorps d'encadrement et d'application (CEA).\nArticle 2: L'arr\u00eat\u00e9 pr\u00e9fectoral n\u00b0 2025-1261 du 11 juin 2025 accordant d\u00e9l\u00e9gation de signature \u00e0M. Philippe BAUNE, adjoint au directeur d\u00e9partemental de la police nationale de la Meuse, charg\u00e9 del'int\u00e9rim des fonctions de directeur d\u00e9partemental de la police nationale de la Meuse, pour lessanctions du premier groupe, est abrog\u00e9 \u00e0 compter du 25 ao\u00fbt 2025, date \u00e0 laquelle le pr\u00e9sent arr\u00eat\u00e9prend effet.\nArticle 3 : Le Secr\u00e9taire G\u00e9n\u00e9ral de la pr\u00e9fecture de la Meuse, la Directrice du cabinet du Pr\u00e9fet de laMeuse, et le Directeur d\u00e9partemental de la police nationale, sont charg\u00e9s, chacun en ce qui leconcerne, de l'ex\u00e9cution du pr\u00e9sent arr\u00eat\u00e9, qui sera publi\u00e9 au recueil des actes administratifs de lapr\u00e9fecture de la Meuse.\nD\u00c9LARUE\nD\u00e9lais et voies de recours(application des articles L.411-2 du Code des relations entre le public et l'administrationet R.421-1 et suivants du Code de justice administrative)\nDans un d\u00e9lai de deux mois \u00e0 compter de la notification du pr\u00e9sent arr\u00eat\u00e9, les recours suivants peuvent \u00eatreintroduits en recommand\u00e9 avec accus\u00e9 de r\u00e9ception :\u2014 soit un recours gracieux, adress\u00e9 au Pr\u00e9fet de la Meuse, 40 rue du Bourg - 55012 Bar-le-Duc ;\u2014 soit un recours hi\u00e9rarchique, adress\u00e9 au Ministre de l'Int\u00e9rieur, place Beauvau \u2014 75800 Paris cedex 08 ;\u2014 soit Un recours contentieux, en saisissant le Tribunal administratif de NANCY - 5 place de la Carri\u00e8re -CO 20038 - 54036 NANCY Cedex - le Tribunal Administratif peut \u00eatre saisi par l'application informatique\u00ab T\u00e9l\u00e9recours citoyens \u00bb accessible par le site Internet wwwtelerecours.fr.Apr\u00e8s un recours gracieux ou hi\u00e9rarchique, le d\u00e9lai du recours contentieux ne court qu'\u00e0 compter du rejet expliciteou implicite de l'un de ces deux recours. Le rejet implicite intervient, suite au silence gard\u00e9 par l'administration, \u00e0l'issue d'une p\u00e9riode de deux mois.\n\nBELA EUSE Direction d\u00e9partementaleLibert\u00e9 des territoiresEgalit\u00e9Fraternit\u00e9\nArr\u00eat\u00e9 n\u00b0 14 AG 4 - 1025 - DDi- DTN du 2 9 JUIL. 2025portant le renouvellement du bureau de l'Association Fonci\u00e8re de Remembrementdes PRES DE SORCY-SAINT-MARTIN et EUVILLE\nLe Pr\u00e9fet de la Meuse,Chevalier de l'Ordre National du M\u00e9rite,\nVU le livre |, Titre III du Code Rural, Chapitre III sur les associations fonci\u00e8res d'am\u00e9nagementfoncier agricole et forestier ;VU l'ordonnance n\u00b0 2004-632 modifi\u00e9e du 1\u00b0 juillet 2004 relative aux associations syndicales depropri\u00e9taires ;VU le d\u00e9cret n\u00b0 2006-504 du 3 mai 2006 portant application de l'ordonnance n\u00b0 2004-632 du1\u00b0 juillet 2004 relative aux associations syndicales de propri\u00e9taires ;VU le d\u00e9cret du 15 f\u00e9vrier 2023 portant nomination de Monsieur Xavier DELARUE, Pr\u00e9fet de laMeuse ;VU L'arr\u00eat\u00e9 pr\u00e9fectoral 2025-713 du 2 mai 2025 accordant d\u00e9l\u00e9gation de signature \u00e0 MonsieurFabrice DROUHOT Directeur D\u00e9partemental des Territoires de la Meuse ;VU l'arr\u00eat\u00e9 pr\u00e9fectoral n\u00b0 10896-2025-DDT-DIR du 13 mai 2025 portant subd\u00e9l\u00e9gation de signatureen mati\u00e8re d'administration g\u00e9n\u00e9rale ;VU l'arr\u00eat\u00e9 du 14 novembre 1988 portant constitution de l'association Fonci\u00e8re de Remembrementdes Pr\u00e8s de Sorcy-Saint-Martin et Euville ;VU la liste des propri\u00e9taires d\u00e9sign\u00e9s par d\u00e9lib\u00e9rations du Conseil Municipal de Sorcy-Saint-Martinen date du 26 octobre 2023 et du 9 septembre 2024 ;VU la liste des propri\u00e9taires d\u00e9sign\u00e9s par d\u00e9lib\u00e9ration du Conseil Municipal d'Euvilleen date du 26 juin 2025 ;VU la liste des propri\u00e9taires d\u00e9sign\u00e9s par la Chambre d'Agriculture de la Meuse en date du30 septembre 2024 ;Sur proposition du Directeur D\u00e9partemental des Territoires,(en 8) T\u00e9l : 03.29.86.97..42M\u00e9l : bruno.clivio@meuse gouv.frDirection D\u00e9partementale des Territoires de la Meuse14 rue Antoine Durenne - CS 10501 - 55012 Bar le Duc Cedex\n\nARRETE\nArticle ter : Le bureau de l'Association Fonci\u00e8re de Remembrement des Pr\u00e8s de Sorcy-Saint-Martin etEuville, qui a son si\u00e8ge \u00e0 la mairie de Sorcy-Saint-Martin est renouvel\u00e9 comme suitpour une p\u00e9riode de six ans \u00e0 compter de ce jour ;\na) le maire de la commune de Sorcy-Saint-Martin ou un conseiller municipald\u00e9sign\u00e9 par lui,\nb) le maire de la commune d'Euville ou un conseiller municipal d\u00e9sign\u00e9 par lui,c) le d\u00e9l\u00e9gu\u00e9 du Directeur D\u00e9partemental des Territoires de la Meuse,\nd) les propri\u00e9taires d\u00e9sign\u00e9s par la Chambre d'Agriculture de la Meuse :Pour Sorcy-Saint-Martin- M. Nicolas MOUTILLARD domicili\u00e9 \u00e0 Sorcy-saint-Martin- M. Vincent WIRTH domicili\u00e9 \u00e0 Sorcy-Saint-Martin- M. Yves LAURENT domicili\u00e9 \u00e0 Sorcy-Saint-Martin\nPour Euville- M. Nicolas BILLON domicili\u00e9 \u00e0 Euville- M. Antoine WINGE domicili\u00e9 \u00e0 Vertuzey- Mme Ang\u00e9lique PARGNY domicili\u00e9e \u00e0 Vertuzey\ne) les propri\u00e9taires d\u00e9sign\u00e9s par le Conseil Municipal :Pour Sorcy-Saint-Martin- M. Gabriel MASSON domicili\u00e9 \u00e0 Sorcy-Saint-Martin- M. Fran\u00e7ois LAURAIN domicili\u00e9 \u00e0 Sorcy-Saint-Martin- M. Robert DELOGE domicili\u00e9 \u00e0 Sorcy-Saint-Martin\nPour Euville- M. Denis BARBIER domicili\u00e9 \u00e0 Ville-Issey- M. Lionel VINGERT domicili\u00e9 \u00e0 Vertuzey- M. Daniel ANDRE domicili\u00e9 \u00e0 Ville-Issey\nArticle 2 Le bureau \u00e9lira parmi les membres d\u00e9sign\u00e9s aux alin\u00e9as a, b, d, e ci-dessus, un pr\u00e9sident, unvice-pr\u00e9sident et un secr\u00e9taire.\nArticle 3 : M le receveur municipal de Sorcy-Saint-Martin est nomm\u00e9 tr\u00e9sorier de l'association fonci\u00e8re.\nArticle 4 : L'arr\u00eat\u00e9 n\u00b0 5947-2017 du 16 octobre 2017 est abrog\u00e9.\nArticle 5 : D\u00e9lais et voies de recoursD\u00e9lais et voies de recours (application des articles L.411-2 du code des relations entre le public etl'administration et R.421-1 et suivants du Code de justice administrative).\nDans un d\u00e9lai de deux mois \u00e0 compter de la notification du pr\u00e9sent arr\u00eat\u00e9, les recours suivants peuvent\u00eatre introduits en recommand\u00e9 avec accus\u00e9 de r\u00e9ception :\n2\n\n- soit Un recours gracieux, adress\u00e9 \u00e0 Monsieur le Pr\u00e9fet de la Meuse, 40 rue du Bourg - 55012 Bar-le-Duc ;- soit un recours hi\u00e9rarchique, adress\u00e9 \u00e0 Monsieur le Ministre de l'Int\u00e9rieur, Place Beauvau \u2014 75800 -Paris Cedex 08;- soit Un recours contentieux, en saisissant le Tribunal Administratif de NANCY - 5, place de la Carri\u00e8re -CO 20038 - 54036 NANCY Cedex - le Tribunal Administratif peut \u00eatre saisi par l'applicationinformatique \"T\u00e9l\u00e9-recours citoyens\" accessible par le site Internet www.telerecours.fr\".\nApr\u00e8s Un recours gracieux ou hi\u00e9rarchique, le d\u00e9lai du recours contentieux ne court qu'\u00e0compter du rejet explicite ou implicite de l'un de ces deux recours. Le rejet implicite intervient, suite ausilence gard\u00e9 par l'administration, \u00e0 l'issue d'une p\u00e9riode de deux mois.\nArticle 6: Monsieur le Secr\u00e9taire G\u00e9n\u00e9ral de la Pr\u00e9fecture, Monsieur le sous-Pr\u00e9fet de Commercy,Monsieur le Directeur D\u00e9partemental des Territoires de la Meuse, et Messieurs les Maires de Sorcy-Saint-Martin et Euville, sont charg\u00e9s, chacun en ce qui les concerne, de l'ex\u00e9cution, de l'ex\u00e9cution du pr\u00e9sentarr\u00eat\u00e9 qui sera affich\u00e9 en mairie et notifi\u00e9 \u00e0 chacun des membres du bureau et au receveur municipal.Cet arr\u00eat\u00e9 fera l'objet d'une publication au recueil des actes administratifs de la Pr\u00e9fecture de la Meuse.\nFait \u00e0 Bar-le-Duc, le 29 JUIL. 2025\nLe Pr\u00e9fet,Pour le Pr\u00e9fet et par d\u00e9l\u00e9gation,La Directrice D\u00e9partementale Adjointedes Territoires de la Meuse\npascale DELAMARRE\n\nSus Au ee\n\nPREFET |DE LA MEUSE Direction d\u00e9partementaleLibert\u00e9 des territoiresEgalit\u00e9Fraternit\u00e9\nArr\u00eat\u00e9 n\u00b0 11183-202$ DDT-SEA du 24 jeu AS) olsfixant la composition de la \u00ab formation sp\u00e9cialis\u00e9e \u00bb de la Commission D\u00e9partementale d'Orientationde l'Agriculture (CDOA) appel\u00e9e \u00e0 donner son avis sur les dossiers relatifs aux groupements agricolesd'exploitation en commun (GAEC)\nLe Pr\u00e9fet de la Meuse,Chevalier de l'Ordre national du m\u00e9rite\nVU le Code rural et de la p\u00eache maritime et notamment ses articles L. 323-7, L. 323-11, L. 323-12et L. 323-13, et R. 313-7-1, R. 313-7-2 ;\nVU Je Code des relations entre le public et l'administration, notamment les articles R133-1 \u00e0R133-15 ;\nVU la loi n\u00b0 2014-1170 du 13 octobre 2014 d'avenir pour l'agriculture l'alimentation et la for\u00eat etnotamment son article 11 ;\nVU la loi n\u00b0 2000-321 du 12 avril 2000 relative aux droits des citoyens dans leurs relations avec lesadministrations et notamment son article premier ;\nVU le d\u00e9cret n\u00b02006-665 du 7 juin 2006 relatif \u00e0 la r\u00e9duction du nombre et \u00e0 la simplification dela composition de diverses commissions administratives et notamment ses articles 8 et 9;\nvu le d\u00e9cret n\u00b0 2015-215 du 25 f\u00e9vrier 2015 relatif aux conditions et modalit\u00e9s d'agr\u00e9ment desgroupements d'exploitation en commun et portant diverses propositions d'adaptationr\u00e9glementaire ;\nVU le d\u00e9cret du 15 f\u00e9vrier 2023 portant nomination de Monsieur Xavier DELARUE, Pr\u00e9fet de laMeuse ;\nVU l'arr\u00eat\u00e9 pr\u00e9fectoral n\u00b0 10383-2025-DDT-SEA du 25 f\u00e9vrier 2025 \u00e9tablissant la liste desorganisations syndicales \u00e0 vocation g\u00e9n\u00e9rale d'exploitants agricoles habilit\u00e9es \u00e0 si\u00e9ger dansles commissions, comit\u00e9s professionnels ou organismes mentionn\u00e9s au | de l'article 2 de la loin\u00b099-574 du 9 juillet 1999 d'orientation agricole ;\nVU l'arr\u00eat\u00e9 pr\u00e9fectoral n\u00b0 2022-9053 du 2 juin 2022 fixant la composition de la formationsp\u00e9cialis\u00e9e (GAEC) de la Commission D\u00e9partementale d'Orientation de l'Agriculture(CDOA) ;\n\nConsid\u00e9rant la proposition de la F\u00e9d\u00e9ration D\u00e9partementale des Syndicats d'Exploitants Agricoles dela Meuse en date du 17 mars 2025;Consid\u00e9rant la proposition des Jeunes Agriculteurs de la Meuse en date du 28 mars 2025 ;Consid\u00e9rant la proposition de la Coordination Rurale de la Meuse en date du 24 juin 2025 ;Consid\u00e9rant la proposition de l'Association Nationale des Soci\u00e9t\u00e9s et Groupements Agricoles Pourl'Exploitation en Commun en date du 3 juillet 2025 ;\nSUR proposition du Directeur D\u00e9partemental des Territoires ;\n- ARR\u00caTE -\nARTICLE 1: Composition de la formation sp\u00e9cialis\u00e9e GAEC de la CDOALa formation sp\u00e9cialis\u00e9e de la commission d\u00e9partementale d'orientation de l'agriculture exer\u00e7ant desattributions consultatives pour les d\u00e9cisions individuelles relatives aux groupements agricolesd'exploitation en commun, plac\u00e9e sous la pr\u00e9sidence du Pr\u00e9fet ou de son repr\u00e9sentant, est compos\u00e9ecomme suit :- Trois repr\u00e9sentants des services d\u00e9concentr\u00e9s de l'\u00c9tat charg\u00e9s de l'Agriculture comp\u00e9tents dans leressort de la commission ;- Trois exploitants agricoles d\u00e9sign\u00e9s sur proposition des repr\u00e9sentants des organisations syndicalesd'exploitants agricoles membres de la Commission D\u00e9partementale d'Orientation de l'Agriculture ;* Un repr\u00e9sentant des Jeunes Agriculteurs :Titulaire :M. Guillaume BURTEAUXSuppl\u00e9ant :M. Thomas VOISIN* Un repr\u00e9sentant de la F\u00e9d\u00e9ration D\u00e9partementale des Svndicats d'Exploitants Agricoles :Titulaire : M. R\u00e9my LANTERNESuppl\u00e9ant :M. Emmanuel GINI* Un repr\u00e9sentant de la Coordination Rurale :Titulaire :M. Laurent GODINSuppl\u00e9ant : M. Nicolas HERVELIN- Un agriculteur repr\u00e9sentant les agriculteurs travaillant en commun dans le d\u00e9partement, d\u00e9sign\u00e9 surproposition de l'Association Nationale des Soci\u00e9t\u00e9s et Groupements Agricoles pour l'Exploitation enCommun : |* Un repr\u00e9sentant des Groupements Agricoles d'Exploitation en Commun:Titulaire : Mme Val\u00e9rie PALINSuppl\u00e9ante :Mme Marie-Claude GUICHARD\nARTICLE 2: Dur\u00e9e du mandat\nConform\u00e9ment \u00e0 l'article R. 313-7-2 du Code rural et de la p\u00eache maritime, les membres de la\u00ab formation sp\u00e9cialis\u00e9e GAEC \u00bb de la CDOA sont nomm\u00e9s pour une dur\u00e9e de trois ans \u00e0 compter de ladate d'entr\u00e9e en vigueur du pr\u00e9sent arr\u00eat\u00e9. En cas de d\u00e9c\u00e8s ou de d\u00e9mission d'un membre, sonrempla\u00e7ant est d\u00e9sign\u00e9 pour la dur\u00e9e du mandat restant \u00e0 courir.\n\nARTICLE 3: Fonctionnement de la formation sp\u00e9cialis\u00e9e GAEC de la CDOA\nConform\u00e9ment \u00e0 l'article R. 313-7-2 du Code rural et de la p\u00eache maritime, le pr\u00e9sident peut, avecl'accord de la formation sp\u00e9cialis\u00e9e, inviter \u00e0 assister avec voix consultative aux d\u00e9lib\u00e9rations de celle-ci, toute personne dont l'avis para\u00eet utile, compte tenu de son expertise en mati\u00e8re de gestion et defonctionnement des exploitations agricoles.\nLe secr\u00e9tariat de la formation sp\u00e9cialis\u00e9e de la commission d\u00e9partementale d'orientation pourl'agriculture exer\u00e7ant des attributions consultatives pour les d\u00e9cisions individuelles relatives auxgroupements agricoles d'exploitation en commun est assur\u00e9 par la Direction D\u00e9partementale desTerritoires de la Meuse.\nARTICLE 4: Voies et d\u00e9lais de recours\nDans un d\u00e9lai de deux mois \u00e0 compter de la notification du pr\u00e9sent arr\u00eat\u00e9, les recours suivants peuvent\u00eatre introduits en recommand\u00e9 avec accus\u00e9 de r\u00e9ception :- soit Un recours gracieux, adress\u00e9 \u00e0 Monsieur le Pr\u00e9fet de la Meuse, 40 rue du Bourg - 55012 Bar-le- \u00a9Duc; .\u2014 soit un recours hi\u00e9rarchique, adress\u00e9 \u00e0 Monsieur le Ministre de l'Int\u00e9rieur, Place Beauvau \u2014 75800 -Paris Cedex 08;- soit un recours contentieux, en saisissant le Tribunal Administratif de NANCY - 5, place de la Carri\u00e8re -CO 20038 - 54036 NANCY Cedex - le Tribunal Administratif peut \u00eatre saisi par l'applicationinformatique \"T\u00e9l\u00e9recours citoyens\" accessible par le site Internet www.telerecours.fr\" . |Apr\u00e8s un recours gracieux ou hi\u00e9rarchique, le d\u00e9lai du recours contentieux ne court qu'\u00e0 compter durejet explicite ou implicite de l'un de ces deux recours. Le rejet implicite intervient, suite au silencegard\u00e9 par l'administration, \u00e0 l'issue d'une p\u00e9riode de deux mois.ARTICLES: Abrogation\nL'arr\u00eat\u00e9 pr\u00e9fectoral n\u00b0 2022-9053 du 2 juin 2022 fixant la composition de la formation sp\u00e9cialis\u00e9e(GAEC) de la Commission D\u00e9partementale d'Orientation de l'Agriculture (CDOA) est abrog\u00e9.\nARTICLE6: Ex\u00e9cution et diffusionLe Secr\u00e9taire G\u00e9n\u00e9ral de la Pr\u00e9fecture de la Meuse et le Directeur D\u00e9partemental des Territoires de laMeuse sont charg\u00e9s, chacun en ce qui le concerne, de l'ex\u00e9cution du pr\u00e9sent arr\u00eat\u00e9 qui sera publi\u00e9 aurecueil des actes administratifs de la pr\u00e9fecture.\nFait \u00e0 Bar-le-Duc, le 2.4 {us \\\\eb LoL\nXavier DELARUE\n\n\nPREFET . . .DE LA MEUSE Direction d\u00e9partementaleLibert\u00e9 des territoires\u00c9galit\u00e9Lraternit\u00e9\nArr\u00eat\u00e9 n\u00b0 11170-2025-DDT-SE du 31 juillet 2025autorisant l'abattage d'all\u00e9es d'arbres ou d'arbres d'alignement qui bordent les voies ouvertes \u00e0 lacirculation publiqueRD 120A dans la travers\u00e9e de Nan\u00e7ois-sur-Ornain\nLe Pr\u00e9fet de la Meuse,Chevalier de l'Ordre National du M\u00e9rite\nVU le Code de l'Environnement, notamment ses articles L. 350-3 et R. 350-28 \u00e0 30;VU le d\u00e9cret n\u00b0 2023-384 du 19 mai 2023 relatif au r\u00e9gime de protection des all\u00e9es d'arbres etalignements d'arbres bordant les voies ouvertes \u00e0 la circulation publique ;VU la demande d'autorisation d\u00e9pos\u00e9e compl\u00e8te le 11 juillet 2025 par le Conseil D\u00e9partemental dela Meuse relative \u00e0 l'abattage d'arbres d'alignement li\u00e9 \u00e0 la reconfiguration de la RD 120A dans latravers\u00e9e de Nancois-sur-Ornain ;Consid\u00e9rant que la reconfiguration de la route d\u00e9partementale n\u00e9cessite la coupe des fr\u00e9nesexistants (qui par ailleurs sont atteints de la chalarose, avec fort risque de d\u00e9p\u00e9rissement \u00e0 courtterme);\nConsid\u00e9rant que la configuration de la route d\u00e9partementale ne permet pas la replantation d'arbresdans de bonnes conditions de s\u00e9curit\u00e9 ; qu'en compensation un nombre d'arbres \u00e9quivalent sera plant\u00e9le long de la RD 966 (d\u00e9laiss\u00e9 entre Tr\u00e9veray et Saint-Amand-sur-Ornain) ;\nSur proposition du Directeur D\u00e9partemental des Territoires,\nDirection D\u00e9partementale des Territoires de la Meuse14 rue Antoine Durenne \u2014 CS 10501 - 55012 Bar le Duc Cedex\n\nARRETE\nArticle ler: Les travaux d'abattage de 17 fr\u00e9nes le long de la RD 120A dans la travers\u00e9e Nancois-sur-Ornain sont autoris\u00e9s. La plantation compensatoire d'un nombre d'arbres \u00e9quivalent a Tr\u00e9veray estvalid\u00e9e, sous r\u00e9serve d'un suivi rigoureux et du remplacement des arbres non repris.Article 2: D\u00e9lais et voies de recours (application des articles L.411-2 du code des relations entre lepublic et l'administration et R.421-1 et suivants du Code de justice administrative).\nDans un d\u00e9lai de deux mois \u00e0 compter de la notification du pr\u00e9sent arr\u00eat\u00e9, les recours suivants peuvent\u00eatre introduits en recommand\u00e9 avec accus\u00e9 de r\u00e9ception :\n* soit Un recours gracieux, adress\u00e9 \u00e0 Monsieur le Pr\u00e9fet de la Meuse, 40 rue du Bourg - 55012 Bar-le-Duc : |* soit un recours hi\u00e9rarchique, adress\u00e9 \u00e0 Monsieur le Ministre de la Transition \u00e9cologique et de lacoh\u00e9sion des territoires, 246 boulevard Saint-Germain \u2014 75007 PARIS ;* soit Un recours contentieux, en saisissant le Tribunal Administratif de NANCY - 5, place de la| Carri\u00e8re - CO 20038 - 54036 NANCY Cedex: le Tribunal Administratif peut \u00eatre saisi parl'application informatique \"T\u00e9l\u00e9recours citoyens\" accessible par le site Internetwww.telerecours.fr.\nApr\u00e8s un recours gracieux ou hi\u00e9rarchique, le d\u00e9lai du recours contentieux ne court qu'\u00e0 compter durejet explicite ou implicite de l'un de ces deux recours. Le rejet implicite intervient, suite au silencegard\u00e9 par l'administration, \u00e0 l'issue d'une p\u00e9riode de deux mois.Article 3 : Monsieur le Secr\u00e9taire G\u00e9n\u00e9ral de la pr\u00e9fecture de la Meuse et Monsieur le DirecteurD\u00e9partemental des Territoires sont charg\u00e9s, chacun en ce qui le concerne, de l'ex\u00e9cution du pr\u00e9sentarr\u00eat\u00e9 qui sera :| *__ notifi\u00e9 au Conseil D\u00e9partemental de la Meuse,* _ publi\u00e9 au recueil des actes administratifs de la Pr\u00e9fecture de la Meuse,et dont copie sera adress\u00e9e \u00e0 la commune de Nancois-sur-Ornain.\nFait \u00e0 Bar-le-Duc, le 31 juillet 2025\nLe Pr\u00e9fet\nPour le Pr\u00e9fet et par d\u00e9l\u00e9gation,l'adjoint \u00e0 la Cheffe du Servi nvironnement\nin GILLOT\n\n= 2 Direction d\u00e9partementalePREFET de l'emploi, du travail, des solidarit\u00e9s\nArr\u00e9t\u00e9 DDETSPP n\u00b0 2025-081portant subd\u00e9l\u00e9gation de signature en mati\u00e8re d'administration g\u00e9n\u00e9rale\nLe directeur d\u00e9partemental adjoint de l'emploi, du travail, des solidarit\u00e9s et de la protection despopulations de la Meuse assurant les fonctions d'int\u00e9rim du directeur d\u00e9partemental de l'emploi, dutravail, des solidarit\u00e9s et de la protection des populations de la Meuse\nVu la loi n\u00b0 82-213 du 2 mars 1982 modifi\u00e9e relative aux droits et libert\u00e9s des communes, desd\u00e9partements et des r\u00e9gions ;Vu le d\u00e9cret n\u00b02004-374 du 29 avril 2004 modifi\u00e9 relatif aux pouvoirs des pr\u00e9fets, \u00e0 l'organisation et \u00e0l'action des services de l'\u00c9tat dans les r\u00e9gions et d\u00e9partements ;VU le d\u00e9cret n\u00b02009-1484 du 3 d\u00e9cembre 2009 relatif aux directions d\u00e9partementalesinterminist\u00e9rielles ;Vu le d\u00e9cret n\u00b02012-1246 du 7 novembre 2012 relatif \u00e0 la gestion budg\u00e9taire et comptable publique ;Vu le d\u00e9cret n\u00b02015-510 du 7 mai 2015 portant charte de la d\u00e9concentration ;Vu le d\u00e9cret n\u00b02020-1545 du 9 d\u00e9cembre 2020 relatif \u00e0 l'organisation et aux missions des directionsr\u00e9gionales de l'\u00e9conomie, de l'emploi, du travail et des solidarit\u00e9s, des directions d\u00e9partementales del'emploi, du travail et des solidarit\u00e9s et des directions d\u00e9partementales de l'emploi, du travail, dessolidarit\u00e9s et de la protection des populations ;Vu le d\u00e9cret du Pr\u00e9sident de la R\u00e9publique du 15 f\u00e9vrier 2023 nommant Monsieur Xavier DELARUE,Pr\u00e9fet de la Meuse :Vu l'arr\u00eat\u00e9 interminist\u00e9riel du 31 mars 2011 portant d\u00e9concentration des d\u00e9cisions relatives \u00e0 lasituation individuelle des fonctionnaires et agents non-titulaires exer\u00e7ant leurs fonctions dans lesdirections d\u00e9partementales interminist\u00e9rielles ;VU l'arr\u00eat\u00e9 pr\u00e9fectoral n\u00b0 2021-643 du 30 mars 2021 portant organisation de la directiond\u00e9partementale de l'emploi, du travail, des solidarit\u00e9s et de la protection des populations de la Meuse ;Vu l'arr\u00eat\u00e9 du Ministre de l'Int\u00e9rieur du 17 juin 2024 nommant Monsieur Guillaume REISSIER directeurd\u00e9partemental adjoint de l'emploi, du travail, des solidarit\u00e9s et de la protection des populations de laMeuse ;\nVu l'arr\u00eat\u00e9 pr\u00e9fectoral n\u00b0 2025-576 du 7 avril 2025 confiant l'int\u00e9rim du directeur d\u00e9partemental del'emploi, du travail, des solidarit\u00e9s et de la protection des populations de la Meuse \u00e0 MonsieurGuillaume REISSIER \u00e0 compter du 14 avril 2025 ;Vu l'arr\u00eat\u00e9 pr\u00e9fectoral n\u00b0 2025-577 du 7 avril 2025 accordant d\u00e9l\u00e9gation de signature \u00e0 MonsieurGuillaume REISSIER, directeur d\u00e9partemental adjoint de l'emploi, du travail, des solidarit\u00e9s et de laprotection des populations de la Meuse, assurant les fonctions d'int\u00e9rim du directeur d\u00e9partementalde l'emploi, du travail, des solidarit\u00e9s et de la protection des populations de la Meuse \u00e0 compter du14 avril 2025 ;\n\nARRETE\nArticle 1\u00b0 : En mon absence ou en cas d'emp\u00e9chement, subd\u00e9l\u00e9gation de signature est accord\u00e9e danstous les domaines vis\u00e9s par l'arr\u00eat\u00e9 n\u00b0 2025-577 du 7 avril 2025 susvis\u00e9 \u00e0 :Monsieur Daniel GROSJEAN, directeur d\u00e9partemental adjoint.\nArticle 2 : En cas d'absence ou d'emp\u00e9chement de Monsieur Daniel GROSJEAN, directeurd\u00e9partemental adjoint, subd\u00e9l\u00e9gation de signature est donn\u00e9e dans les conditions fix\u00e9es par l'arr\u00eat\u00e9 n\u00b0l'arr\u00eat\u00e9 n\u00b0 2025-577 du 7 avril 2025 3:\nP\u00e9rim\u00e9tre Protection des Populations :Pour les missions relatives au service Sant\u00e9, Protection Animales et Environnement :=\" Monsieur \u00c9douard GENDRIN, chef du service sant\u00e9, protection animales et environnement ;= Madame Floriane RENAUD, adjointe au chef du service sant\u00e9, protection animales etenvironnement ;Pour les missions relatives au service Sanitaire de l'Alimentation, Concurrence, Consommation etR\u00e9pression des Fraudes : |= Madame Elisa RAPENNE, cheffe du service s\u00e9curit\u00e9 sanitaire de l'alimentation - concurrence,consommation et r\u00e9pression des fraudes ;= Madame Nathalie SIRANTOINE, adjointe concurrence, consommation et r\u00e9pression desfraudes.\nP\u00e9rim\u00e8tre Solidarit\u00e9s, \u00c9conomie, Emploi et Entreprises :Pour les missions relatives au p\u00f4le Solidarit\u00e9s :=\" Monsieur Julien PILLOT, responsable du p\u00f4le Solidarit\u00e9s ;= Madame Christelle BOUCHON, adjointe au responsable du p\u00f4le Solidarit\u00e9s ;=\" Monsieur Thomas COLIN, adjoint au responsable du p\u00f4le Solidarit\u00e9s ;\nPour les missions relatives aux pupilles de l'\u00c9tat :e Monsieur Julien PILLOT, responsable du p\u00f4le Solidarit\u00e9s ;*# Madame Christelle BOUCHON, adjointe au responsable du p\u00f4le Solidarit\u00e9s ;\nConcernant les ouvertures de comptes et les demandes de titres d'identit\u00e9 des pupilles de l'Etat, encas d'absence ou d'emp\u00eachement de Monsieur PILLOT et de Madame Christelle BOUCHON :+ Madame Virginie TOLLITTE ;\nPour les missions relatives au p\u00f4le Economie, Emploi et Entreprises :e Monsieur Arthur DELOUBRIERES, responsable du p\u00f4le \u00e9conomie, emploi et entreprises.Pour les missions relatives aux missions entreprises et mutations \u00e9conomiques :e Madame Marie-Anne JOURON, responsable du service entreprises, mutations \u00e9conomiques ;Pour les missions relatives aux missions Inclusion dans l'Emploi :e Madame Rose-Marie LETT, responsable du service inclusion dans l'emploi.\n\nP\u00e9rim\u00e8tre Politique du travail :e Monsieur Pascal BRENON, responsable du service politique du travail.Direction :Pour les missions relatives \u00e0 la cellule d'appui \u00e0 la direction et les correspondances et avis relatifs \u00e0 lagestion du conseil m\u00e9dical en formation restreinte et en formation pl\u00e9ni\u00e8re+ Madame Fabienne PHILIPPE, cheffe de la cellule d'appui \u00e0 la direction et instances m\u00e9dicales.\nArticle 3 : La subd\u00e9l\u00e9gation de signature est donn\u00e9e, pour tous les domaines, aux agents qui assurentle service de permanence pour prendre toute d\u00e9cision n\u00e9cessit\u00e9e par une situation d'urgence.Article 4 : L'arr\u00eat\u00e9 DDETSPP n\u00b0 2025-034 est abrog\u00e9.Article 5 : Le pr\u00e9sent arr\u00eat\u00e9 sera publi\u00e9 au recueil des actes administratifs de la Pr\u00e9fecture de la Meuse.\nBar-le-Duc, le 28 juillet 2025\nLe directeur d\u00e9partemental par int\u00e9rimde l'emploi, du travail,des solidarit\u00e9s et de la protection des populations\nLAUV Vv\n<Guitaums Resse\nD\u00e9lais et voies de recours (application des articles L.411-2 du code des relations entre le public etl'administration et R.421-1 et suivants du Code de justice administrative).Dans un d\u00e9lai de deux mois \u00e0 compter de la notification du pr\u00e9sent arr\u00eat\u00e9, les recours suivants peuvent\u00eatre introduits en recommand\u00e9 :- soit Un recours gracieux, adress\u00e9 \u00e0 Monsieur le Pr\u00e9fet de la Meuse, 40 rue du Bourg \u2014 55012Bar-le-Duc ;- soit un recours hi\u00e9rarchique, adress\u00e9 \u00e0 Monsieur le Ministre de l'int\u00e9rieur, Place Beauvau -75800 \u2014 Paris Cedex 08;- soit un recours contentieux, en saisissant le Tribunal Administratif de NANCY - 5, place de laCarri\u00e8re - CO 20038 - 54036 NANCY Cedex - le Tribunal Administratif peut \u00eatre saisi parl'application informatique \"T\u00e9l\u00e9recours citoyens\" accessible par le site Internet\nApr\u00e9s un recours gracieux ou hi\u00e9rarchique, le d\u00e9lai du recours contentieux ne court qu'a compter durejet explicite ou implicite de l'un de ces deux recours. Le rejet implicite intervient, suite au silencegard\u00e9 par l'administration, \u00e0 l'issue d'une p\u00e9riode de deux mois.\n\n=\"PREFET a fDE LA MEUSE \u00a9 D Agence R\u00e9gionale de Sant\u00e9Libert\u00e9Egalit\u00e9Fraternit\u00e9\nGrand Est\nARRETE n\u00b02025-1664 du 30 juillet 2025PORTANT REQUISITION DE PHARMACIENS TITULAIRES D'UNE OFFICINE DE PHARMACIE\nVU\nVUVU\nVU\nVU\nVU\nVU\nVU\nVU\nPOUR ASSURER LES SERVICES DE GARDE ET D'URGENCE\nLE PR\u00c9FET DE LA MEUSEChevalier de l'Ordre national du m\u00e9rite\nle Code de sant\u00e9 publique, et notamment les articles L. 5125-17, L. 5424-3 et R. 4235-49 ;le Code g\u00e9n\u00e9ral des collectivit\u00e9s territoriales, et notamment l'article L. 2215-1 ;la loi n\u00b082-213 du 2 mars 1982 modifi\u00e9e relative aux droits et libert\u00e9s des communes,des d\u00e9partements et des r\u00e9gions et notamment son article 34 ;le d\u00e9cret n\u00b0 2004-374 du 29 avril 2004 modifi\u00e9 relatif aux pouvoirs des pr\u00e9fets, \u00e0l'organisation et \u00e0 l'action des services de l'Etat dans les r\u00e9gions et d\u00e9partements,notamment son article 11;le d\u00e9cret n\u00b0 2010-336 du 31 mars 2010 portant cr\u00e9ation des agences r\u00e9gionales desant\u00e9 ; .le d\u00e9cret du 15 f\u00e9vrier 2023 portant nomination de Monsieur Xavier DELARUE, pr\u00e9fetdu d\u00e9partement de la Meuse;l'appel \u00e0 la gr\u00e8ve de la participation aux services de garde et d'urgence port\u00e9 parl'Union Syndicale des Pharmaciens d'Officine en date du 25 juin 2025 ;le courriel adress\u00e9 le 30/06/2025 \u00e0 l'ensemble des officines participant aux services degarde et d'urgence leur demandant de confirmer leur participation effective au tableaude garde sur la p\u00e9riode du 01/07/2025 au 31/08/2025 ;les courriels des titulaires d'officine se d\u00e9clarant gr\u00e9vistes r\u00e9ceptionn\u00e9s en date du 30juin 2025 ;CONSIDERANT que l'article L.5125-17 du Code de la sant\u00e9 publique dispose que \u00ab Toutes lesofficines de la zone (...) sont tenues de participer \u00e0 ces services de garde et d'urgence \u00bb;CONSIDERANT que l'article R.4235-49 du Code de la sant\u00e9 publique dispose que \u00ab Lespharmaciens sont tenus de participer aux services de garde et d'urgence (...) \u00bb et que \u00ab lespharmaciens titulaires veillent \u00e0 ce que leur officine satisfasse aux obligations impos\u00e9es par ceservice \u00bb.CONSIDERANT que l'Union Syndicale des Pharmaciens d'Officine a lanc\u00e9 un appel \u00e0 cesserla participation aux services de garde et d'urgence pour une dur\u00e9e illimit\u00e9e ;\nCONSIDERANT les plannings de garde transmis par les organisations repr\u00e9sentatives de laprofession en charge de l'organisation du service de garde et d'urgence des officines depharmacie pour le d\u00e9partement de la Meuse en date du 28/07/2025 ;\n\nEsPR\u00c9FET a fDE LA MEUSE \u00a9 DAgence R\u00e9gionale de Sant\u00e9. . Grand EstLibert\u00e9\u00c9galit\u00e9Fraternit\u00e9\nCONSIDERANT qu'un service de garde et d'urgence des pharmacies d'officines correspondpar d\u00e9finition, \u00e0 la mise en \u0153uvre d'un service minimum permettant de r\u00e9pondre auxdemandes urgentes en dehors des jours et des heures d'ouverture g\u00e9n\u00e9ralement pratiqu\u00e9spar les officines de pharmacie ; |CONSIDERANT que la cessation d'activit\u00e9 de ces officines, normalement en charge desservices de garde et d'urgence, en cette p\u00e9riode estivale pendant laquelle l'offre de soins estd\u00e9j\u00e0 par d\u00e9finition r\u00e9duite, remet en cause la permanence des soins dans son ensemble etcompromet, de ce fait, la s\u00e9curit\u00e9 sanitaire de la population du d\u00e9partement de la Meuse ;CONSIDERANT l'imp\u00e9rieuse n\u00e9cessit\u00e9 d'assurer la protection de la sant\u00e9 publique et lacontinuit\u00e9 de cette mission de service public ;CONSIDERANT que la situation rev\u00eat un caract\u00e8re d'urgence dans le d\u00e9partement de laMeuse ; |CONSIDERANT qu'il convient, d\u00e8s lors d'assurer la continuit\u00e9 et la permanence des soinsdans le d\u00e9partement et dans l'int\u00e9r\u00eat de la population concern\u00e9e par le biais de lar\u00e9quisition ;CONSIDERANT l'impossibilit\u00e9 pour les pouvoirs publics, face au risque grave pour la sant\u00e9publique, d'assurer une permanence des soins par la mise en. \u0153uvre de mesures moinscontraignantes ;\nSUR proposition de la directrice g\u00e9n\u00e9rale de l'Agence r\u00e9gionale de sant\u00e9 Grand Est ;\nARRETEArticle 1er - Les pharmaciens titulaires d'une officine de pharmacie dont les noms figurentdans le tableau annex\u00e9 au pr\u00e9sent arr\u00eat\u00e9 sont r\u00e9quisitionn\u00e9s aux dates et horaires pr\u00e9cis\u00e9sen annexe afin d'assurer les services de garde et d'urgence permettant d'assurer unepermanence des soins.\nArticle 2 - Les pharmaciens titulaires d'une pharmacie d'officine ainsi r\u00e9quisitionn\u00e9s sontcharg\u00e9s de l'ex\u00e9cution de cet arr\u00eat\u00e9, c'est-\u00e0-dire sont responsables de l'organisation de lacontinuit\u00e9 du fonctionnement de leur officine de pharmacie pendant la p\u00e9riode der\u00e9quisition.\nArticle 3 - \u00c0 d\u00e9faut d'ex\u00e9cution du pr\u00e9sent arr\u00eat\u00e9 de r\u00e9quisition, il pourra \u00eatre proc\u00e9d\u00e9 \u00e0son ex\u00e9cution d'office. Toute personne requise n'ex\u00e9cutant pas cet ordre de r\u00e9quisitions'expose aux sanctions pr\u00e9vues \u00e0 l'article L. 2215-1 du code g\u00e9n\u00e9ral des collectivit\u00e9sterritoriales susvis\u00e9 ainsi qu'\u00e0 l'application d'une sanction financi\u00e8re en application desdispositions de l'article L. 5424-3 du Code de la sant\u00e9 publique.Article 4 - Le pr\u00e9sent arr\u00eat\u00e9 peut faire l'objet d'un recours contentieux devant le tribunaladministratif comp\u00e9tent dans un d\u00e9lai de deux mois \u00e0 compter de sa'notification. Lajuridiction peut notamment \u00eatre saisie via une requ\u00eate remise ou envoy\u00e9e au greffe dutribunal administratif ou aussi par l'application \u00ab T\u00e9l\u00e9 recours citoyens \u00bb accessible \u00e0 partirdu site www.telerecours.fr.\n\nArticle 5 - Le pr\u00e9fet de la Meuse, la directrice g\u00e9n\u00e9rale de l'Agence r\u00e9gionale de sant\u00e9 GrandEst, le directeur d\u00e9partemental de la s\u00e9curit\u00e9 publique, le commandant du groupement degendarmerie d\u00e9partementale sont charg\u00e9s, chacun en ce qui le concerne, de l'ex\u00e9cution dupr\u00e9sent arr\u00eat\u00e9, qui sera publi\u00e9 au recueil des actes administratifs de la pr\u00e9fecture de la Meuseet notifi\u00e9 aux pharmaciens titulaires d'une officine de pharmacie r\u00e9quisitionn\u00e9s.\nFait \u00e0 Bar-le-Duc, le 29 juillet 2025\nCette r\u00e9quisition a \u00e9t\u00e9 remise en main propre le :Date :Heure :\nANom :Pr\u00e9nom :Signature et cachet de l'officine\n\nANNEXE 1 LISTANT LES PHARMACIENS TITULAIRES D'UNE OFFICINE DE PHARMACIEREQUISITIONNES\nP\u00e9riode de r\u00e9quisition : Du vendredi 01/08/2025 19h au samedi 02/08/2025 9hNOM Pr\u00e9nom Adresse de l'officine de pharmacie concern\u00e9e. Pharmacie Legros, 8 place de l'H\u00f4tel de Ville 55130Legros Nathalie Gondrecourt le Chateau. \u00e8! . . .Francois Patricia Pharmacie du Faubourg, 75 in de la 42\u00b0TM\u00b0 Division 55100erdunLeli\u00e8vre Laetitia Pharmacie Leli\u00e8vre Rouprich, 12 rue Jean Thiriot 55200 Vignot. za Pharmacie Mousseaux Martin, 72 bis rue Raymond Poincar\u00e9Martin vengme 55210 Vigneulles les Hattonchatel. Pharmacie de la Gare, 22 rue du G\u00e9n\u00e9ral de Gaulle 55000 BarJosselin Isabelle le DucBourniche Emmanuelle Pharmacie de Bouliany, 21 1 5 de la Lib\u00e9ration 55240. Pharmacie Kennel, 16 avenue du G\u00e9n\u00e9ral Sarrail 55800Kennel Daniel Revigny sur Ornain\nP\u00e9riode de r\u00e9quisition : Du samedi 02/08/2025 12h au dimanche 03/08/2025 9hNOM Pr\u00e9nomAdresse de l'officine de pharmacie concern\u00e9ePoiratV\u00e9roniquePharmacie Saint Sauveur, 12 rue sur l'eau 55100 Verdun\nP\u00e9riode de r\u00e9quisition : Du samedi 02/08/2025 17h au dimanche 03/08/2025 9hNOM Pr\u00e9nom Adresse de l'officine de pharmacie concern\u00e9ePharmacie Faltot, 23 place Charles de Gaulle 55200Faltot Laurent CommercyMichaud Benjamin Pharmacie Poincar\u00e9, 28 rue des Romains 55000 Bar le Duc\nP\u00e9riode de r\u00e9quisition : Du dimanche 03/08/2025 9h au dimanche 03/08/2025 19hNOM Pr\u00e9nom Adresse de l'officine de pharmacie concern\u00e9e\n. eme . . .Francois Patricia Pharmacie du Faubourg, 75 venue de la 42\u00b0\" Division 55100Pharmacie Faltot, 23 place Charles de Gaulle 55200Faltot Laurent CommercyMichaud BenjaminPharmacie Poincar\u00e9, 28 rue des Romains 55000 Bar le Duc\nP\u00e9riode de r\u00e9quisition : Du dimanche 03/08/2025 19h au lundi 04/08/2025 9h\n\nNOM Pr\u00e9nom Adresse de l'officine de pharmacie concern\u00e9e\n. \u00e8me . . .Francois Patricia Pharmacie du Faubourg, 75 ohne de la 42\u00b0\"\u00b0 Division 55100Faltot Datrent Pharmacie Faltot, 23 place Charles de Gaulle 55200| CommercyMichaud Benjamin Pharmacie Poincar\u00e9, 28 rue des Romains 55000 Bar le Duc\nP\u00e9riode de r\u00e9quisition : Du lundi 04/08/2025 19h au mardi 05/08/2025 9hNOM Pr\u00e9nom Adresse de l'officine de pharmacie concern\u00e9eValette Hugues Pharmacie Simon Valette, 54 rue Jeanne d'Arc 55140Vaucouleurs: . Pharmacie Jardin Fontaine, 13 bis avenue Pierre GoubetPerrin Pierre-Yves 55840 Thierville sur MeuseFaltot Laurent Pharmacie Faltot, 23 place Charles de Gaulle 55200CommercyMarchal Samuel Pharmacie Marchal, 9 rue Notre Dame 55300 Saint MihielPierrot-Darmois Marie-Rose | Pharmacie des Sources, 6 Place de la mairie 55000 Fains Veel\nP\u00e9riode de r\u00e9quisition : Du mardi 05/08/2025 19h au mercredi 06/08/2025 9hNOM Pr\u00e9nom Adresse de l'officine de pharmacie concern\u00e9ePharmacie Simon Valette, 54 rue Jeanne d'Arc 55140sise eee VaucouleursCiret Jean-Claude Pharmacie Vauban, 6 avenue Garibaldi 55100 VerdunCoquillaud Virginie Pharmacie Centrale, 1 \u00d4 place Charles de Gaulle 55200ommercyMarchal Samuel Pharmacie Marchal, 9 rue Notre Dame 55300 Saint MihielPouppart Aur\u00e9lien Pharmacie Marbot, 65 rue de Saint Mihiel 55000 Bar le Duc\nP\u00e9riode de r\u00e9quisition : Du mercredi 06/08/2025 19h au jeudi 07/08/2025 9hNOM Pr\u00e9nom Adresse de l'officine de pharmacie concern\u00e9eValette Hugues Pharmacie Simon Lu  Jeanne d'Arc 55140\nCollinot Christine Pharmacie Collinot, 26 rue Poincar\u00e9 55100 VerdunGardeur Florian Pharmacie Gardeur, 11 rue Nationale 55200 LerouvilleSon = Marie-Paule Pharmacie Soncourt, 3 rue pe 55260 Pierrefitte surGeorge Marie Pharmacie George, 26 rue de Gironde 55000 Robert EspagneMinster Joel SELARL Pharmacie Minster, 116 rue du G\u00e9n\u00e9ral de Gauile55500 Ligny en Barrois\n\nP\u00e9riode de r\u00e9quisition : Du jeudi 07/08/2025 19h au vendredi 08/08/2025 9hNOM Pr\u00e9nom Adresse de l'officine de pharmacie concern\u00e9ePharmacie Simon Valette, 54 rue Jeanne d'Arc 55140VELSUS pes VaucouleursFran\u00e7ois Olivier Pharmacie Fran\u00e7ois, 8 place Foch 55100 VerdunHery Carole Pharmacie Hery, 7 rue des Bots 55300 Lacroix sur MeuseLeli\u00e8vre Laetitia Pharmacie Leli\u00e8vre Rouprich, 12 rue Jean Thiriot 55200 VignotMartin Julie Pharmacie du Boulevard, re de la Rochelle 55000 Bar lePierre Alexis Pharmacie (Maginot) Pierre, 6 rue Aristide Briand 55800Revigny sur Ornain\nP\u00e9riode de r\u00e9quisition : Du vendredi 08/08/2025 19h au samedi 09/08/2025 9hNOM Pr\u00e9nom Adresse de l'officine de pharmacie concern\u00e9ePharmacie Simon Valette, 54 rue Jeanne d'Arc 55140Valette Hugues VaucolleursVaugier/Husson | Aur\u00e9lie Pharmacie Porte de France, 82 rue Pierre Demathieu 55100erdunNavel Catherine Pharmacie Lorraine, 1 rue des Capucins 55200 Commercy. as: Pharmacie Mousseaux Martin, 72 bis rue Raymond Poincar\u00e9van Jerome 55210 Vigneulles les Hattonch\u00e2telThillement Delphine Pharmacie Sainte Catherine, Place Sainte Catherine 55000Bar le DucPierre Alexis Pharmacie (Maginot) Pierre, 6 rue Aristide Briand 55800Revigny sur Ornain\nP\u00e9riode de r\u00e9quisition : Du samedi 09/08/2025 12h au dimanche 10/08/2025 9hNOM Pr\u00e9nom Adresse de l'officine de pharmacie concern\u00e9eQuencez Genin _ M\u00e9lanie Pharmacie des Eparges, 8 avenue de Metz 55100 VerdunBoumiche Emmanuelle Pharmacie de Bouligny, 217 rue de la Lib\u00e9ration 55240Bouligny\nP\u00e9riode de r\u00e9quisition : Du samedi 09/08/2025 17h au dimanche 10/08/2025 9hNOM Pr\u00e9nom Adresse de l'officine de pharmacie concern\u00e9eHenry Emmanuelle Pharmacie Henry, 19 rue Notre Dame 55190 Void Vacon. _ Pharmacie Mousseaux Martin, 72 bis rue Raymond Poincar\u00e9scl Sete 55210 Vigneulles les HattonchatelRichard Benoit Pharmacie de l'Esp\u00e9rance, 64 route Nationale 55310 Tronvilleen Barrois\n\nP\u00e9riode de r\u00e9quisition : Du dimanche 10/08/2025 9h au dimanche 10/08/2025 19hNOM Pr\u00e9nom Adresse de l'officine de pharmacie concern\u00e9eHenry Emmanuelle Pharmacie Henry, 19 rue Notre Dame 55190 Void VaconLaurent Benoit Pharmacie des Cytises, 6A avenue de Verdun 55700 Stenay. Pharmacie de Dombasle, 21 carrefour de la Lib\u00e9ration 55120Cambresy Davia Dombasle en ArgonneAlthen Isabelle Pharmacie du centre, 21 rue Raymond Poincar\u00e9 55400 Etainnon Pharmacie Mousseaux Martin, 72 bis rue Raymond Poincar\u00e9Martin Jerome 55210 Vigneulles les Hattonchatel: . Pharmacie de l'Esp\u00e9rance, 64 route Nationale 55310 TronvilleRichard Benoit en Barrois\nP\u00e9riode de r\u00e9quisition : Du dimanche 10/08/2025 19h au lundi 11/08/2025 9hNOM Pr\u00e9nom Adresse de l'officine de pharmacie concern\u00e9eHenry Emmanuelle Pharmacie Henry, 19 rue Notre Dame 55190 Void Vacon .Laurent Benoit Pharmacie des Cytises, 6A avenue de Verdun 55700 StenayCambres David Pharmacie de Dombasle, 21 carrefour de la Lib\u00e9ration 55120: Dombasle en ArgonneAlthen Isabelle Pharmacie du centre, 21 rue Raymond Poincar\u00e9 55400 EtainMartin J\u00e9r\u00f4me Pharmacie Mousseaux Martin, 72 bis rue Raymond Poincar\u00e955210 Vigneulles les Hattonchatel. . Pharmacie de l'Esp\u00e9rance, 64 route Nationale 55310 TronvilleRichard Benoit | en Barrois\n\n\nExR\u00c9PUBLIQUEFRAN\u00c7AISELibert\u00e9 \u00a9 DAgence R\u00e9gionale de Sant\u00e9Grand Est\u00c9galit\u00e9Fraternit\u00e9\n   \n \nDECISION TARIFAIRE N \u00b011942 PORTANT FIXATION\nDU FORFAIT GLOBAL DE SOINS POUR 2025 DE\nEHPAD LES CEPAGES BAR LE DUC - 550006340\n \nLa Directrice G\u00e9n\u00e9rale de l'ARS Grand Est\n \nVU le Code de l'Action Sociale et des Familles\n  \nVU le Code de la S\u00e9curit\u00e9 Sociale ;\n  \nVU la loi n\u00b02025-199 du 28 f\u00e9vrier 2025 de financement de la S\u00e9curit\u00e9 Sociale pour 2025 publi\u00e9e\nau Journal Officiel du 28/02/2025 ;\n  \nVU l'arr\u00eat\u00e9 minist\u00e9riel du 02/06/2025 publi\u00e9 au Journal Officiel du 06/06/2025 pris en\napplication de l'article L314-3 du Code de l'Action Sociale et des Familles fixant, pour\nl'ann\u00e9e 2025 l'objectif global de d\u00e9penses d'assurance maladie et le montant total de\nd\u00e9penses pour les \u00e9tablissements et services relevant de la Caisse nationale de solidarit\u00e9\npour l'autonomie ;\n \nVU la d\u00e9cision du 02/06/2025 publi\u00e9e au Journal Officiel du 06/06/2025 relative aux dotations\nr\u00e9gionales limitatives 2025 et \u00e0 la moyenne nationale des besoins en soins requis 2025 ;\n  \nVU l'arr\u00eat\u00e9 du 28/05/2025 fixant pour 2025 les valeurs du point mentionn\u00e9es \u00e0 l'article\nR.314-162 du code de l'action sociale et des familles publi\u00e9 au Journal Officiel du\n31/05/2025 ;\n  \nVU le d\u00e9cret du 21 mai 2024 portant nomination de Madame, RATIGNIER-CARBONNEIL,\nChristelle en qualit\u00e9 de Directrice G\u00e9n\u00e9rale de l'agence r\u00e9gionale de sant\u00e9 Grand Est ;\n  \nVU la d\u00e9cision de d\u00e9l\u00e9gation de signature de la Directrice G\u00e9n\u00e9rale de l'ARS vers la Directrice\nde MEUSE en date du 22/05/2025 ;\n \nVU l'autorisation d'autorisation en date du 21/12/2009 de la structure Etablissement\nd'h\u00e9bergement pour personnes \u00e2g\u00e9es d\u00e9pendantes d\u00e9nomm \u00e9e EHPAD LES CEPAGES BAR\nLE DUC (550006340) sise 1 BD D'ARGONNE 55012 Bar-le-Duc et g\u00e9r\u00e9e par l'entit\u00e9\nd\u00e9nomm \u00e9e CH DE BAR-LE-DUC FAINS-VEEL (550003354)  ;\n  \n \n \nDECIDE\n \nArticle 1er A compter du 01/01/2025, le forfait global de soins est fix\u00e9 \u00e0 1 470 035,65 \u20ac au titre\nde 2025, dont 0,00 \u20ac au titre des cr\u00e9dits non reconductible vers\u00e9s en une seule fois.\n \n \nLa fraction forfaitaire mensuelle s'\u00e9tablit \u00e0 122 502,97 \u20ac.\n \n \nPour 2025, les tarifs sont d\u00e9compos\u00e9s comme suit :\n \n Forfait global\nde soins Prix de journ\u00e9e (en \u20ac)\nH\u00e9bergement\nPermanent\n1 470 035,65 68,98\nUHR\n0,00  \nPASA\n0,00  \nH\u00e9bergement\nTemporaire\n0,00 0,00\nAccueil de jour\n0,00 0,00\nPlateforme de r\u00e9pit\n0,00  \n \n \nArticle 2 A compter du 1er janvier 2026 , en application de l'article L.314-7 du CASF, le forfait\nglobal de soins est fix\u00e9, \u00e0 titre transitoire, \u00e0 1 470 035,65 \u20ac.\n  \n Les tarifs de reconduction sont fix\u00e9s \u00e0 :\n \n Forfait global\nde soins Prix de journ\u00e9e (en \u20ac)\nH\u00e9bergement\nPermanent\n1 470 035,65 68,98\nUHR\n0,00  \nPASA\n0,00  \nH\u00e9bergement\nTemporaire\n0,00 0,00\nAccueil de jour\n0,00 0,00\nPlateforme de r\u00e9pit\n0,00  \n \n \n La fraction forfaitaire mensuelle s'\u00e9tablit \u00e0 122 502,97 \u20ac.\n \n  \nArticle 3 Les recours contentieux dirig\u00e9s contre la pr\u00e9sente d\u00e9cision doivent \u00eatre port\u00e9s devant\nle Tribunal Administratif sis 6 Rue du Haut Bourgeois 54035 NANCY dans un d\u00e9lai\nde deux mois \u00e0 compter de sa publication ou, pour les personnes auxquelles elle sera\nnotifi\u00e9e, \u00e0 compter de sa notification. Le tribunal administratif peut \u00eatre saisi par\nl'application \u00ab T\u00e9l\u00e9recours citoyens \u00bb accessible par le site www.telerecours.fr.\n  \nArticle 4 La pr\u00e9sente d\u00e9cision sera publi\u00e9e au recueil des actes administratifs.\n  \nArticle 5 La Directrice G\u00e9n\u00e9rale de l'ARS Grand Est est charg\u00e9e de l'ex\u00e9cution de la pr\u00e9sente\nd\u00e9cision qui sera notifi\u00e9e \u00e0 l'entit\u00e9 gestionnaire CH DE BAR-LE-DUC FAINS-VEEL\n(550003354) et \u00e0 l'\u00e9tablissement concern\u00e9.\n \nFait \u00e0 Bar-Le-Duc, le 03 juillet 2025\n \n \nLa Directrice\n \n \n \n                           #signature#\n \n \nExR\u00c9PUBLIQUEFRAN\u00c7AISELibert\u00e9 \u00a9 DAgence R\u00e9gionale de Sant\u00e9Grand Est\u00c9galit\u00e9Fraternit\u00e9\n   \n \nDECISION TARIFAIRE N \u00b011943 PORTANT FIXATION\nDU FORFAIT GLOBAL DE SOINS POUR 2025 DE\nUNITE D'ACCUEIL SPECIALISE ALZHEIMER - 550004949\n \nLa Directrice G\u00e9n\u00e9rale de l'ARS Grand Est\n \nVU le Code de l'Action Sociale et des Familles\n  \nVU le Code de la S\u00e9curit\u00e9 Sociale ;\n  \nVU la loi n\u00b02025-199 du 28 f\u00e9vrier 2025 de financement de la S\u00e9curit\u00e9 Sociale pour 2025 publi\u00e9e\nau Journal Officiel du 28/02/2025 ;\n  \nVU l'arr\u00eat\u00e9 minist\u00e9riel du 02/06/2025 publi\u00e9 au Journal Officiel du 06/06/2025 pris en\napplication de l'article L314-3 du Code de l'Action Sociale et des Familles fixant, pour\nl'ann\u00e9e 2025 l'objectif global de d\u00e9penses d'assurance maladie et le montant total de\nd\u00e9penses pour les \u00e9tablissements et services relevant de la Caisse nationale de solidarit\u00e9\npour l'autonomie ;\n \nVU la d\u00e9cision du 02/06/2025 publi\u00e9e au Journal Officiel du 06/06/2025 relative aux dotations\nr\u00e9gionales limitatives 2025 et \u00e0 la moyenne nationale des besoins en soins requis 2025 ;\n  \nVU l'arr\u00eat\u00e9 du 28/05/2025 fixant pour 2025 les valeurs du point mentionn\u00e9es \u00e0 l'article\nR.314-162 du code de l'action sociale et des familles publi\u00e9 au Journal Officiel du\n31/05/2025 ;\n  \nVU le d\u00e9cret du 21 mai 2024 portant nomination de Madame, RATIGNIER-CARBONNEIL,\nChristelle en qualit\u00e9 de Directrice G\u00e9n\u00e9rale de l'agence r\u00e9gionale de sant\u00e9 Grand Est ;\n  \nVU la d\u00e9cision de d\u00e9l\u00e9gation de signature de la Directrice G\u00e9n\u00e9rale de l'ARS vers la Directrice\nde MEUSE en date du 22/05/2025 ;\n \nVU l'autorisation d'autorisation en date du 29/04/2008 de la structure Etablissement\nd'h\u00e9bergement pour personnes \u00e2g\u00e9es d\u00e9pendantes d\u00e9nomm \u00e9e UNITE D'ACCUEIL\nSPECIALISE ALZHEIMER (550004949) sise 36 RTE DE BAR 55000 Fains-V\u00e9el et g\u00e9r\u00e9e\npar l'entit\u00e9 d\u00e9nomm \u00e9e CH DE BAR-LE-DUC FAINS-VEEL (550003354)  ;\n  \n \n \nDECIDE\n \nArticle 1er A compter du 01/01/2025, le forfait global de soins est fix\u00e9 \u00e0 589 465,51 \u20ac au titre de\n2025, dont 0,00 \u20ac au titre des cr\u00e9dits non reconductible vers\u00e9s en une seule fois.\n \n \nLa fraction forfaitaire mensuelle s'\u00e9tablit \u00e0 49 122,13 \u20ac.\n \n \nPour 2025, les tarifs sont d\u00e9compos\u00e9s comme suit :\n \n Forfait global\nde soins Prix de journ\u00e9e (en \u20ac)\nH\u00e9bergement\nPermanent\n477 924,51 0,00\nUHR\n0,00  \nPASA\n0,00  \nH\u00e9bergement\nTemporaire\n32 901,00 0,00\nAccueil de jour\n78 640,00 299,01\nPlateforme de r\u00e9pit\n0,00  \n \n \nArticle 2 A compter du 1er janvier 2026 , en application de l'article L.314-7 du CASF, le forfait\nglobal de soins est fix\u00e9, \u00e0 titre transitoire, \u00e0 589 465,51 \u20ac.\n  \n Les tarifs de reconduction sont fix\u00e9s \u00e0 :\n \n Forfait global\nde soins Prix de journ\u00e9e (en \u20ac)\nH\u00e9bergement\nPermanent\n477 924,51 0,00\nUHR\n0,00  \nPASA\n0,00  \nH\u00e9bergement\nTemporaire\n32 901,00 0,00\nAccueil de jour\n78 640,00 299,01\nPlateforme de r\u00e9pit\n0,00  \n \n \n La fraction forfaitaire mensuelle s'\u00e9tablit \u00e0 49 122,13 \u20ac.\n \n  \nArticle 3 Les recours contentieux dirig\u00e9s contre la pr\u00e9sente d\u00e9cision doivent \u00eatre port\u00e9s devant\nle Tribunal Administratif sis 6 Rue du Haut Bourgeois 54035 NANCY dans un d\u00e9lai\nde deux mois \u00e0 compter de sa publication ou, pour les personnes auxquelles elle sera\nnotifi\u00e9e, \u00e0 compter de sa notification. Le tribunal administratif peut \u00eatre saisi par\nl'application \u00ab T\u00e9l\u00e9recours citoyens \u00bb accessible par le site www.telerecours.fr.\n  \nArticle 4 La pr\u00e9sente d\u00e9cision sera publi\u00e9e au recueil des actes administratifs.\n  \nArticle 5 La Directrice G\u00e9n\u00e9rale de l'ARS Grand Est est charg\u00e9e de l'ex\u00e9cution de la pr\u00e9sente\nd\u00e9cision qui sera notifi\u00e9e \u00e0 l'entit\u00e9 gestionnaire CH DE BAR-LE-DUC FAINS-VEEL\n(550003354) et \u00e0 l'\u00e9tablissement concern\u00e9.\n \nFait \u00e0 Bar-Le-Duc, le 03 juillet 2025\n \n \nLa Directrice\n \n \n \n                           #signature#\n \n \nExR\u00c9PUBLIQUEFRAN\u00c7AISELibert\u00e9 \u00a9 DAgence R\u00e9gionale de Sant\u00e9Grand Est\u00c9galit\u00e9Fraternit\u00e9\n   \n \nDECISION TARIFAIRE N \u00b011944 PORTANT FIXATION\nDU FORFAIT GLOBAL DE SOINS POUR 2025 DE\nEHPAD MAURICE CHARLIER-CH DE COMMERCY - 550004618\n \nLa Directrice G\u00e9n\u00e9rale de l'ARS Grand Est\n \nVU le Code de l'Action Sociale et des Familles\n  \nVU le Code de la S\u00e9curit\u00e9 Sociale ;\n  \nVU la loi n\u00b02025-199 du 28 f\u00e9vrier 2025 de financement de la S\u00e9curit\u00e9 Sociale pour 2025 publi\u00e9e\nau Journal Officiel du 28/02/2025 ;\n  \nVU l'arr\u00eat\u00e9 minist\u00e9riel du 02/06/2025 publi\u00e9 au Journal Officiel du 06/06/2025 pris en\napplication de l'article L314-3 du Code de l'Action Sociale et des Familles fixant, pour\nl'ann\u00e9e 2025 l'objectif global de d\u00e9penses d'assurance maladie et le montant total de\nd\u00e9penses pour les \u00e9tablissements et services relevant de la Caisse nationale de solidarit\u00e9\npour l'autonomie ;\n \nVU la d\u00e9cision du 02/06/2025 publi\u00e9e au Journal Officiel du 06/06/2025 relative aux dotations\nr\u00e9gionales limitatives 2025 et \u00e0 la moyenne nationale des besoins en soins requis 2025 ;\n  \nVU l'arr\u00eat\u00e9 du 28/05/2025 fixant pour 2025 les valeurs du point mentionn\u00e9es \u00e0 l'article\nR.314-162 du code de l'action sociale et des familles publi\u00e9 au Journal Officiel du\n31/05/2025 ;\n  \nVU le d\u00e9cret du 21 mai 2024 portant nomination de Madame, RATIGNIER-CARBONNEIL,\nChristelle en qualit\u00e9 de Directrice G\u00e9n\u00e9rale de l'agence r\u00e9gionale de sant\u00e9 Grand Est ;\n  \nVU la d\u00e9cision de d\u00e9l\u00e9gation de signature de la Directrice G\u00e9n\u00e9rale de l'ARS vers la Directrice\nde MEUSE en date du 22/05/2025 ;\n \nVU le renouvellement d'autorisation en date du 03/01/2017 de la structure Etablissement\nd'h\u00e9bergement pour personnes \u00e2g\u00e9es d\u00e9pendantes d\u00e9nomm \u00e9e EHPAD MAURICE\nCHARLIER-CH DE COMMERCY (550004618) sise 1 R HENRI GARNIER 55205\nCommercy et g \u00e9r\u00e9e par l'entit\u00e9 d\u00e9nomm \u00e9e CENTRE HOSPITALIER ST-CHARLES\nCOMMERCY (550000046)  ;\n  \n \n \nDECIDE\n \nArticle 1er A compter du 01/01/2025, le forfait global de soins est fix\u00e9 \u00e0 2 927 592,99 \u20ac au titre\nde 2025, dont 0,00 \u20ac au titre des cr\u00e9dits non reconductible vers\u00e9s en une seule fois.\n \n \nLa fraction forfaitaire mensuelle s'\u00e9tablit \u00e0 243 966,08 \u20ac.\n \n \nPour 2025, les tarifs sont d\u00e9compos\u00e9s comme suit :\n \n Forfait global\nde soins Prix de journ\u00e9e (en \u20ac)\nH\u00e9bergement\nPermanent\n2 748 183,99 63,79\nUHR\n0,00  \nPASA\n90 738,00  \nH\u00e9bergement\nTemporaire\n49 351,00 171,95\nAccueil de jour\n39 320,00 131,07\nPlateforme de r\u00e9pit\n0,00  \n \n \nArticle 2 A compter du 1er janvier 2026 , en application de l'article L.314-7 du CASF, le forfait\nglobal de soins est fix\u00e9, \u00e0 titre transitoire, \u00e0 2 927 592,99 \u20ac.\n  \n Les tarifs de reconduction sont fix\u00e9s \u00e0 :\n \n Forfait global\nde soins Prix de journ\u00e9e (en \u20ac)\nH\u00e9bergement\nPermanent\n2 748 183,99 63,79\nUHR\n0,00  \nPASA\n90 738,00  \nH\u00e9bergement\nTemporaire\n49 351,00 171,95\nAccueil de jour\n39 320,00 131,07\nPlateforme de r\u00e9pit\n0,00  \n \n \n La fraction forfaitaire mensuelle s'\u00e9tablit \u00e0 243 966,08 \u20ac.\n \n  \nArticle 3 Les recours contentieux dirig\u00e9s contre la pr\u00e9sente d\u00e9cision doivent \u00eatre port\u00e9s devant\nle Tribunal Administratif sis 6 Rue du Haut Bourgeois 54035 NANCY dans un d\u00e9lai\nde deux mois \u00e0 compter de sa publication ou, pour les personnes auxquelles elle sera\nnotifi\u00e9e, \u00e0 compter de sa notification. Le tribunal administratif peut \u00eatre saisi par\nl'application \u00ab T\u00e9l\u00e9recours citoyens \u00bb accessible par le site www.telerecours.fr.\n  \nArticle 4 La pr\u00e9sente d\u00e9cision sera publi\u00e9e au recueil des actes administratifs.\n  \nArticle 5 La Directrice G\u00e9n\u00e9rale de l'ARS Grand Est est charg\u00e9e de l'ex\u00e9cution de la pr\u00e9sente d\u00e9cision\nqui sera notifi\u00e9e \u00e0 l'entit\u00e9 gestionnaire CENTRE HOSPITALIER ST-CHARLES\nCOMMERCY (550000046) et \u00e0 l'\u00e9tablissement concern\u00e9.\n \nFait \u00e0 Bar-Le-Duc, le 03 juillet 2025\n \n \nLa Directrice\n \n \n \n                           #signature#\n \n \nEsREPUBLIQUEFRAN\u00c7AISELibers\u00e9 exgence R\u00e9gionale de Sant\u00e9\nDECISION TARIFAIRE N \u00b011947 PORTANT FIXATION\nDE LA DOTATION GLOBALE DE SOINS POUR 2025 DE\nSSIAD DE COMMERCY - 550005847\n \nLa Directrice G\u00e9n\u00e9rale de l'ARS Grand Est\n \nVU le Code de l'Action Sociale et des Familles ;\n  \nVU le Code de la S\u00e9curit\u00e9 Sociale ;\n  \nVU la loi n\u00b0 2025-199 du 28 f\u00e9vrier 2025 de financement de la S\u00e9curit\u00e9 Sociale pour 2025 publi\u00e9e\nau Journal Officiel du 28/02/2025 ;\n  \nVU l'arr\u00eat\u00e9 minist\u00e9riel du 02/06/2025 publi\u00e9 au Journal Officiel du 06/06/2025 pris en application\nde l'article L314-3 du Code de l'Action Sociale et des Familles fixant, pour l'ann\u00e9e 2025\nl'objectif global de d\u00e9penses d'assurance maladie et le montant total de d\u00e9penses pour les\n\u00e9tablissements et services relevant de la Caisse nationale de solidarit\u00e9 pour l'autonomie;\n  \nVU la d\u00e9cision du 02/06/2025 publi\u00e9e au Journal Officiel du 06/06/2025 relative aux dotations\nr\u00e9gionales limitatives 2025 et \u00e0 la moyenne nationale des besoins en soins requis 2025 ;\n \nVU le d\u00e9cret n\u00b0 2023-323 relatif \u00e0 la tarification des soins infirmiers \u00e0 domicile pour les personnes\n\u00e2g\u00e9es et personnes handicap\u00e9es publi\u00e9 au Journal Officiel du 28 avril 2023 ;\n \nVU l'arr\u00eat\u00e9 du 28 mai 2025 fixant pour 2025 les montants forfaitaires mentionn\u00e9s aux II et III de\nl'article R. 314-138 du code de l'action sociale et des familles et le taux de revalorisation des\nproduits de la tarification reconductibles aff\u00e9rents aux soins applicables aux services proposant\ndes prestations de soins infirmiers \u00e0 domicile pour les personnes \u00e2g\u00e9es et les personnes en\nsituation de handicap ;\n \nVU l'arr\u00eat\u00e9 du 28 mai 2025 fixant pour 2025 le taux de revalorisation des produits de la tarification\nreconductibles aff\u00e9rents aux soins applicables aux services proposant des prestations de soins\ninfirmiers \u00e0 domicile pour les personnes \u00e2g\u00e9es et les personnes en situation de handicap ;\n \nVU le d\u00e9cret du 21 mai 2024 portant nomination de Madame RATIGNIER-CARBONNEIL\nChristelle en qualit\u00e9 de Directrice G\u00e9n\u00e9rale de l'agence r\u00e9gionale de sant\u00e9 Grand Est ;\n \nVU la d\u00e9cision de d\u00e9l\u00e9gation de signature Directrice G\u00e9n\u00e9rale de l'ARS vers la Directrice de\nMEUSE en date du 22/05/2025 ;\n \nVU le renouvellement d'autorisation en date du 03/01/2017 de la structure Service de Soins\nInfirmiers A Domicile (S.S.I.A.D) d\u00e9nomm \u00e9e SSIAD DE COMMERCY (550005847) sise\n1 R HENRI GARNIER 55205 Commercy   et g\u00e9r\u00e9e par l'entit\u00e9 d\u00e9nomm \u00e9e CENTRE\nHOSPITALIER ST-CHARLES COMMERCY (550000046);\n \n \n \nDECIDE\n \n \nArticle\n1er\nA compter du 01/01/2025, la dotation globale de soins est fix\u00e9e \u00e0 822 681,29 \u20ac au titre de\n2025 dont 0,00 \u20ac de cr\u00e9dits non reconductibles vers\u00e9s en une seule fois. Elle se r\u00e9partit\ncomme suit :\n \n1\n \n - pour l'accueil de personnes \u00e2g\u00e9es : 766 405,17 \u20ac (fraction forfaitaire s'\u00e9levant \u00e0\n63 867,10 \u20ac) dont 0,00 \u20ac de cr\u00e9dits non reconductibles vers\u00e9s en une seule fois. Le prix\nde journ\u00e9e est fix\u00e9 \u00e0 61,31 \u20ac.\n - pour l'accueil de personnes handicap\u00e9es : 56 276,12 \u20ac (fraction forfaitaire s'\u00e9levant \u00e0\n4 689,68 \u20ac) dont 0,00 \u20ac de cr\u00e9dits non reconductibles vers\u00e9s en une seule fois. Le prix\nde journ\u00e9e est fix\u00e9 \u00e0 70,35 \u20ac.\n  \nArticle 2 A compter du 1er janvier 2026, en application de l'article L.314-7 du CASF, la dotation\nglobale de soins est fix\u00e9e, \u00e0 titre transitoire, \u00e0 822 681,29 \u20ac :\n  \n- Pour l'accueil de personnes \u00e2g\u00e9es : 766 405,17 \u20ac (douzi\u00e8me applicable s'\u00e9levant \u00e0\n63 867,10 \u20ac). Le prix de journ\u00e9e de reconduction est fix\u00e9 \u00e0 61,31 \u20ac.\n \n  \n- pour l'accueil de personnes handicap\u00e9es : 56 276,12 \u20ac (douzi\u00e8me applicable\ns'\u00e9levant \u00e0 4 689,68 \u20ac). Le prix de journ\u00e9e de reconduction est fix\u00e9 \u00e0 70,35 \u20ac.\n \nArticle 3 Les recours contentieux dirig\u00e9s contre la pr\u00e9sente d\u00e9cision doivent \u00eatre port\u00e9s devant le\nTribunal Administratif sis 6, Rue du Haut Bourgeois, 54035 NANCY dans un d\u00e9lai de\ndeux mois \u00e0 compter de sa publication ou, pour les personnes auxquelles elle sera notifi\u00e9e,\n\u00e0 compter de sa notification. Le tribunal administratif peut \u00eatre saisi par l'application \u00ab\nT\u00e9l\u00e9recours citoyens \u00bb accessible par le site www.telerecours.fr.\n  \nArticle 4 La pr\u00e9sente d\u00e9cision sera publi\u00e9e au recueil des actes administratifs.\n  \nArticle 5 La Directrice G\u00e9n\u00e9rale de l'ARS Grand Est est charg\u00e9e de l'ex\u00e9cution de la pr\u00e9sente d\u00e9cision\nqui sera notifi\u00e9e \u00e0 l'entit\u00e9 gestionnaire CENTRE HOSPITALIER ST-CHARLES\nCOMMERCY (550000046) et \u00e0 l'\u00e9tablissement concern\u00e9.\n \n \nFait \u00e0 Bar-Le-Duc, le 03 juillet 2025\n \n \nLa Directrice\n \n \n#signature#\n \n \n \n \n \n \n2\n \nEnREPUBLIQUEFRANCAISEBaepsras\nareDP Apoar Rega 85Garde\nDECISION TARIFAIRE N\u00b015558 PORTANT FIXATION DU FORFAIT GLOBAL DE SOINSPOUR 2025 DESAMSAH LES TROIS DOMAINES - 550007660La Directrice G\u00e9n\u00e9rale de l' ARS Grand Est\nVUle Code de I' Action Sociale et des Familles ;le Code de la S\u00e9curit\u00e9 Sociale ;la loi n\u00b0' 2025-199 du 28 f\u00e9vrier 2025 de financement de la S\u00e9curit\u00e9 Sociale pour 2025publi\u00e9e au Journal Officiel du 28/02/2025 ;l'arr\u00eat\u00e9 minist\u00e9riel du 02/06/2025 publi\u00e9 au Journal Officiel du 06/06/2025 pris enapplication de l'article L314-3 du Code de l'Action Sociale et des Familles fixant, pourl'ann\u00e9e 2025 l'objectif global de d\u00e9penses d'assurance maladie et le montant total ded\u00e9penses pour les \u00e9tablissements et services relevant de la Caisse nationale de solidarit\u00e9pour l'autonomie ;la d\u00e9cision du 02/06/2025 publi\u00e9e au Journal Officiel du 06/06/2025 relative aux dotationsr\u00e9gionales limitatives 2025 et \u00e0 la moyenne nationale des besoins en soins requis 2025 ;le d\u00e9cret du 21 mai 2024 portant nomination de Madame RATIGNIER-CARBONNEILChristelle en qualit\u00e9 de Directrice G\u00e9n\u00e9rale de l'agence r\u00e9gionale de sant\u00e9 Grand Est ;la d\u00e9cision de d\u00e9l\u00e9gation de signature de la Directrice G\u00e9n\u00e9rale de l' ARS vers le Directeuradjoint de MEUSE en date du 02/07/2025 ;l'autorisation en date du 29/04/2019 de la structure Service d'accompagnement m\u00e9dico-social adultes handicap\u00e9s d\u00e9nomm\u00e9e SAMSAH LES. TROIS DOMAINES (550007660)sise ZI MEUSE TGV 55220 Trois-Domaines et g\u00e9r\u00e9e par l'entit\u00e9 d\u00e9nomm\u00e9eASSOCIATION LADAPT (930019484) ;Consid\u00e9rant la transmission des propositions budg\u00e9taires et de ses annexes en date du31/10/2024 par la personne ayant qualit\u00e9 pour repr\u00e9senter la structure d\u00e9nomm\u00e9eSAMSAH LES TROIS DOMAINES (550007660) pour 2025 ;Consid\u00e9rant les propositions de modifications budg\u00e9taires transmises par courrier en date du08/07/2025, par l'ARS la d\u00e9l\u00e9gation territoriale de la Meuse ;Consid\u00e9rant la d\u00e9cision d'autorisation budg\u00e9taire finale en date du 24/07/2025 ;\nDECIDE\nArticle 1\u00b0 A compter du 01/01/2025, le forfait global de soins est fix\u00e9 \u00e0 187 857,07 \u20ac au titre de2025, dont 0,00 de cr\u00e9dits non reconductibles vers\u00e9s en une seule fois.\n\nArticle 2\nArticle 3\nArticle 4Article 5\nPour 2025, la fraction forfaitaire mensuelle s'\u00e9tablit, en application de l'article R314-111 du CASF, \u00e0 15 654,76 \u20ac.Soit un forfait journalier de soins de 74,84 \u20ac.A compter du 1% janvier 2026, en application de l'article L.314-7 du CASF, les tarifsde reconduction sont fix\u00e9s, \u00e0 titre transitoire, \u00e0:e forfait annuel global de soins 2026: 187 857,07 \u20ac (douzi\u00e8me applicables'\u00e9levant \u00e0 15 654,76 \u20ac)e forfait journalier de soins de reconduction de 74,84 \u20acLes recours contentieux dirig\u00e9s contre la pr\u00e9sente d\u00e9cision doivent \u00eatre port\u00e9s devantle Tribunal Administratif sis 6 Rue du Haut Bourgeois 54035 NANCY dans un d\u00e9laide deux mois \u00e0 compter de sa publication ou, pour les personnes auxquelles elle seranotifi\u00e9e, \u00e0 compter de sa notification. Le tribunal administratif peut \u00eatre saisi parl'application \u00ab T\u00e9l\u00e9recours citoyens \u00bb accessible par le site www.telerecours.fr.La pr\u00e9sente d\u00e9cision sera publi\u00e9e au recueil des actes administratifs.La Directrice G\u00e9n\u00e9rale de l'ARS Grand Est est charg\u00e9e de l'ex\u00e9cution de la pr\u00e9sented\u00e9cision qui sera notifi\u00e9e \u00e0 l'entit\u00e9 gestionnaire ASSOCIATION LADAPT (930019484)et \u00e0 l'\u00e9tablissement concern\u00e9.\nFait \u00e0 BAR LE DUC, le 24 juillet 2025\nLe Directeur adjointpla Directrice G\u00e9n\u00e9ralede l'ARS Grand Estet paf d\u00e9l\u00e9gation.je Del\u00e9gue Territorial Adjoint de MeuseJean-Marc KIMENAU\n\nEx LSR\u00c9PUBLIQUEFRAN\u00c7AISEA @ Pierre free. LSre\nDECISION TARIFAIRE N\u00b015559 PORTANT FIXATION DU FORFAIT GLOBAL DE SOINSPOUR 2025 DEFAM ADOSSE AU FO ( ASSOC PERCE NEIGE ) - 550007041La Directrice G\u00e9n\u00e9rale de 1? ARS Grand EstVU le Code de 1'Action Sociale et des Familles ;VU le Code de la S\u00e9curit\u00e9 Sociale ;VU la loi n\u00b0 2025-199 du 28 f\u00e9vrier 2025 de financement de la S\u00e9curit\u00e9 Sociale pour 2025publi\u00e9e au Journal Officiel du 28/02/2025 ;VU Parr\u00e9t\u00e9 minist\u00e9riel du 02/06/2025 publi\u00e9 au Journal Officiel du 06/06/2025 pris enapplication de l'article L314-3 du Code de l'Action Sociale et des Familles fixant, pourl'ann\u00e9e 2025 l'objectif global de d\u00e9penses d'assurance maladie et le montant total ded\u00e9penses pour les \u00e9tablissements et services relevant de la Caisse nationale de solidarit\u00e9pour l'autonomie ;VU la d\u00e9cision du 02/06/2025 publi\u00e9e au Journal Officiel du 06/06/2025 relative aux dotationsr\u00e9gionales limitatives 2025 et \u00e0 la moyenne nationale des besoins en soins requis 2025 ;VU le d\u00e9cret du 21 mai 2024 portant nomination de Madame RATIGNIER-CARBONNEILChristelle en qualit\u00e9 de Directrice G\u00e9n\u00e9rale de l'agence r\u00e9gionale de sant\u00e9 Grand Est ;VU la d\u00e9cision de d\u00e9l\u00e9gation de signature de la Directrice G\u00e9n\u00e9rale de l'ARS vers le Directeuradjoint de MEUSE en date du 02/07/2025 ;VU l'autorisation d'autorisation en date du 19/09/2014 de la structure Foyer d'AccueilM\u00e9dicalis\u00e9 pour Adultes Handicap\u00e9s (F.A.M.) d\u00e9nomm\u00e9e FAM ADOSSE AU FO (ASSOC PERCE NEIGE ) (550007041) sise 2 R DE L'ABBAYE 55600 Juvigny-sur-Loisonet g\u00e9r\u00e9e par l'entit\u00e9 d\u00e9nomm\u00e9e FONDATION PERCE NEIGE (920809829) ;Consid\u00e9rant la transmission des propositions budg\u00e9taires et de ses annexes en date du30/10/2024 par la personne ayant qualit\u00e9 pour repr\u00e9senter la structure d\u00e9nomm\u00e9eFAM ADOSSE AU FO ( ASSOC PERCE NEIGE ) (550007041) pour 2025 ;Consid\u00e9rant les propositions de modifications budg\u00e9taires transmises par courrier en date du08/07/2025, par l' ARS la d\u00e9l\u00e9gation territoriale de la Meuse ;Consid\u00e9rant la r\u00e9ponse \u00e0 la proc\u00e9dure contradictoire en date 18/07/2025 ;Consid\u00e9rant la d\u00e9cision d'autorisation budg\u00e9taire finale en date du 22/07/2025 ;\nDECIDE\nArticle 1* A compter du 01/01/2025, le forfait global de soins est fix\u00e9 \u00e0 317 966,44 \u20ac au titre de2025, dont 0,00 de cr\u00e9dits non reconductibles vers\u00e9s en une seule fois.1\n\nPour 2025, la fraction forfaitaire mensuelle s'\u00e9tablit, en application de l'article R314-111 du CASF, a 26 497,20 \u20ac.Soit un forfait journalier de soins de 87,59 \u20ac.Article2 A compter du 1\u00b0 janvier 2026, en application de l'article L.314-7 du CASF, les tarifsde reconduction sont fix\u00e9s, a titre transitoire, a:e forfait annuel global de soins 2026: 317 966,44 \u20ac (douzi\u00e8me applicables'\u00e9levant \u00e0 26 497,20 \u20ac)e forfait journalier de soins de reconduction de 87,59 \u20acArticle 3 Les recours contentieux dirig\u00e9s contre la pr\u00e9sente d\u00e9cision doivent \u00eatre port\u00e9s devantle Tribunal Administratif sis 6 Rue du Haut Bourgeois 54035 NANCY dans un d\u00e9laide deux mois \u00e0 compter de sa publication ou, pour les personnes auxquelles elle seranotifi\u00e9e, \u00e0 compter de sa notification. Le tribunal administratif peut \u00eatre saisi parl'application \u00ab T\u00e9l\u00e9recours citoyens \u00bb accessible par le site www.telerecours.fr.Article 4 La pr\u00e9sente d\u00e9cision sera publi\u00e9e au recueil des actes administratifs.Article 5 La Directrice G\u00e9n\u00e9rale de l'ARS Grand Est est charg\u00e9e de l'ex\u00e9cution de la pr\u00e9sented\u00e9cision qui sera notifi\u00e9e \u00e0 l'entit\u00e9 gestionnaire FONDATION PERCE NEIGE(920809829) et \u00e0 l'\u00e9tablissement concern\u00e9.\nFait \u00e0 BAR LE DUC, le 24 juillet 2025\nLe Directeur adjoint\niiARS grand Esecrice G25 ale ce 'pla Direct\" tva gelegaie ' de MeuseDa\u00ebgu\u00e9] fife\\e DE 8)jean-Mare KIMENA\n\nEs ComaREPUBLIQUEFRANCAISEps e 'ne -priere\nDECISION TARIFAIRE N\u00b015560 PORTANT FIXATION DU PRIX DE JOURNEE GLOBALISEPOUR 2025 DEMAISON D'ACCUEIL SPECIALISEE STANISLAS - 550005862\nLa Directrice G\u00e9n\u00e9rale de l'ARS Grand EstVU le Code de l' Action Sociale et des Familles ;VU le Code de la S\u00e9curit\u00e9 Sociale ;VU la loi n\u00b0 2025-199 du 28 f\u00e9vrier 2025 de financement de la S\u00e9curit\u00e9 Sociale pour 2025publi\u00e9e au Journal Officiel du 28/02/2025 ;VU Parr\u00e9t\u00e9 minist\u00e9riel du 02/06/2025 publi\u00e9 au Journal Officiel du 06/06/2025 pris enapplication de l'article L314-3 du Code de l'Action Sociale et des Familles fixant, pourl'ann\u00e9e 2025 l'objectif global de d\u00e9penses d'assurance maladie et le montant total ded\u00e9penses pour les \u00e9tablissements et services relevant de la Caisse nationale de solidarit\u00e9 pourl'autonomie ;VU la d\u00e9cision du 02/06/2025 publi\u00e9e au Journal Officiel du 06/06/2025 relative aux dotationsr\u00e9gionales limitatives 2025 et \u00e0 la moyenne nationale des besoins en soins requis 2025 ;VU le d\u00e9cret du 21 mai 2024 portant nomination de Madame RATIGNIER-CARBONNEILChristelle en qualit\u00e9 de Directrice G\u00e9n\u00e9rale de l'agence r\u00e9gionale de sant\u00e9 Grand Est ;VU la d\u00e9cision de d\u00e9l\u00e9gation de signature de la Directrice G\u00e9n\u00e9rale de l'ARS vers le Directeuradjoint de MEUSE en date du 02/07/2025 ;VU le renouvellement d'autorisation en date du 03/01/2017 de la structure Maison d'AccueilSp\u00e9cialis\u00e9e (M.A.S.) d\u00e9nomm\u00e9e MAISON D'ACCUEIL SPECIALISEE STANISLAS(550005862) sise 1 R HENRI GARNIER 55200 Commercy et g\u00e9r\u00e9e par l'entit\u00e9 d\u00e9nomm\u00e9eCENTRE HOSPITALIER ST-CHARLES COMMERCY (550000046);Consid\u00e9rant la transmission des propositions budg\u00e9taires et de ses annexes en date du31/10/2024 par la personne ayant qualit\u00e9 pour repr\u00e9senter la structure d\u00e9nomm\u00e9eMAISON D'ACCUEIL SPECIALISEE STANISLAS (550005862) pour 2025 ;Consid\u00e9rant les propositions de modifications budg\u00e9taires transmises par courrier en date du08/07/2025, par la d\u00e9l\u00e9gation territoriale de la Meuse ;Consid\u00e9rant la d\u00e9cision d'autorisation budg\u00e9taire finale en date du 24/07/2025 ;\nDECIDE\nArticle 1* A compter du 01/01/2025, au titre de 2025, la dotation globalis\u00e9e est fix\u00e9e \u00e01 485 276,37 \u20ac dont 0,00 de cr\u00e9dits non reconductibles vers\u00e9s en une seule fois.\n\nLes recettes et les d\u00e9penses pr\u00e9visionnelles de la structure sont autoris\u00e9es commesuit :\nMONTANTSGROUPES FONCTIONNELS NDSGroupe I 292 207,44D\u00e9penses aff\u00e9rentes \u00e0 l'exploitation courante- dont CNR 0,00Groupe II 1 250 423,78D\u00e9penses aff\u00e9rentes au personnelDEPENSES |- dont CNR -30 000,00Groupe III 124 371,85D\u00e9penses aff\u00e9rentes \u00e0 la structure- dont CNR 0,00Reprise de d\u00e9ficits 0,00TOTAL D\u00e9penses 1 667 003,07Groupe IProduits de la tarification 1527657- dont CNR -30 000,00Groupe II 126 554,50RECETTES | Autres produits relatifs \u00e0 l'exploitationGroupe III 55 172,20Produits financiers et produits non encaissablesReprise d'exc\u00e9dents 0,00TOTAL Recettes 1 667 003,07\nArticle 2\nArticle 3\nArticle 4\nD\u00e9penses exclues du tarif : 0,00 \u20acPour 2025, la fraction forfaitaire mensuelle s'\u00e9tablit \u00e0 123 773,03 \u20ac. Soit un prix dejourn\u00e9e globalis\u00e9 de 265,23 \u20ac.A compter du 1* janvier 2026, en application de l'article L.314-7 du CASF, les tarifsde reconduction sont fix\u00e9s, \u00e0 titre transitoire, \u00e0:e dotation globalis\u00e9e 2026: 1 515 276,37 \u20ac (douzi\u00e8me applicable s'\u00e9levant a126 273,03 \u20ac)e prix de journ\u00e9e de reconduction de 270,59 \u20acLes recours contentieux dirig\u00e9s contre la pr\u00e9sente d\u00e9cision doivent \u00eatre port\u00e9s devant leTribunal Administratif sis 6 Rue du Haut Bourgeois 54035 NANCY dans un d\u00e9lai dedeux mois \u00e0 compter de sa publication ou, pour les personnes auxquelles elle seranotifi\u00e9e, \u00e0 compter de sa notification. Le tribunal administratif peut \u00eatre saisi parl'application \u00ab T\u00e9l\u00e9recours citoyens \u00bb accessible par le site www.telerecours.fr.La pr\u00e9sente d\u00e9cision sera publi\u00e9e au recueil des actes administratifs.\n\nArticle 5 La Directrice G\u00e9n\u00e9rale de l'ARS Grand Est est charg\u00e9e de l'ex\u00e9cution de la pr\u00e9sented\u00e9cision qui sera notifi\u00e9e \u00e0 l'entit\u00e9 gestionnaire CENTRE HOSPITALIER ST-CHARLES COMMERCY (550000046) et \u00e0 l'\u00e9tablissement concern\u00e9.\nFait \u00e0 BAR LE DUC, le 24 juillet 2025\nLe Directeur adjoint\nPla Direct'ze G\u00e9n\u00e9rale de l'ARS Grand Estar d\u00e9l\u00e9gation.torial Acjoint de Meuse\nJean-Marc KIMENAU\n\nRE oRuIGUE 1 reFRAN\u00c7AISEDELLEonefore\nDECISION TARIFAIRE N\u00b015561 PORTANT FIXATION DU PRIX DE JOURNEE GLOBALISEPOUR 2025 DEMAS POUR POLYHANDICAPES FAINS-VEEL - 550005193\nLa Directrice G\u00e9n\u00e9rale de l' ARS Grand EstVU le Code de 1' Action Sociale et des Familles ;VU le Code de la S\u00e9curit\u00e9 Sociale ;VU \u00a9 la loi n\u00b0 2025-199 du 28 f\u00e9vrier 2025 de financement de la S\u00e9curit\u00e9 Sociale pour 2025publi\u00e9e au Journal Officiel du 28/02/2025 ;VU l'arr\u00e9t\u00e9 minist\u00e9riel du 02/06/2025 publi\u00e9 au Journal Officiel du 06/06/2025 pris enapplication de l'article L314-3 du Code de l'Action Sociale et des Familles fixant, pourl'ann\u00e9e 2025 l'objectif global de d\u00e9penses d'assurance maladie et le montant total ded\u00e9penses pour les \u00e9tablissements et services relevant de la Caisse nationale de solidarit\u00e9 pourl'autonomie ;VU la d\u00e9cision du 02/06/2025 publi\u00e9e au Journal Officiel du 06/06/2025 relative aux dotationsr\u00e9gionales limitatives 2025 et \u00e0 la moyenne nationale des besoins en soins requis 2025 ;VU le d\u00e9cret du 21 mai 2024 portant nomination de Madame RATIGNIER-CARBONNEILChristelle en qualit\u00e9 de Directrice G\u00e9n\u00e9rale de l'agence r\u00e9gionale de sant\u00e9 Grand Est ;VU la d\u00e9cision de d\u00e9l\u00e9gation de signature de la Directrice G\u00e9n\u00e9rale de l'ARS vers le Directeuradjoint de MEUSE en date du 02/07/2025 ;VU l'autorisation ou le renouvellement d'autorisation en date du 03/01/2017 de la structureMaison d'Accueil Sp\u00e9cialis\u00e9e (M.A.S.) d\u00e9nomm\u00e9e MAS POUR POLYHANDICAPESFAINS-VEEL (550005193) sise 36 R DE BAR 55000 Fains-V\u00e9el et g\u00e9r\u00e9e par l'entit\u00e9d\u00e9nomm\u00e9e CH DE BAR-LE-DUC FAINS-VEEL (550003354);Consid\u00e9rant la transmission des propositions budg\u00e9taires et de ses annexes en date du20/01/2025 par la personne ayant qualit\u00e9 pour repr\u00e9senter la structure d\u00e9nomm\u00e9eMAS POUR POLYHANDICAPES FAINS-VEEL (550005193) pour 2025 ;Consid\u00e9rant les propositions de modifications budg\u00e9taires transmises par courrier(s) en date du08/07/2025, par la d\u00e9l\u00e9gation territoriale de la Meuse ;Consid\u00e9rant la d\u00e9cision d'autorisation budg\u00e9taire finale en date du 24/07/2025 ;\nDECIDE\nArticle 1% A compter du 01/01/2025, au titre de 2025, la dotation globalis\u00e9e est fix\u00e9e \u00e04 880 438,97 \u20ac dont 0,00 de cr\u00e9dits non reconductibles vers\u00e9s en une seule fois.\n\nLes recettes et les d\u00e9penses pr\u00e9visionnelles de la structure sont autoris\u00e9es commesuit :\nGROUPES FONCTIONNELS MONEANTSEN EUROSGroupe I 1 271 405,50D\u00e9penses aff\u00e9rentes \u00e0 l'exploitation courante- dont CNR 0,00Groupe IT 3 775 987,07D\u00e9penses aff\u00e9rentes au personnelDEPENSES |- dont CNR -300 000,00Groupe TI 259 568,68D\u00e9penses aff\u00e9rentes \u00e0 la structure- dont CNR 0,00Reprise de d\u00e9ficits 0,00TOTAL D\u00e9penses 5 306 961,25Groupe IProduits de la tarification 4 880 438,97- dont CNR -300 000,00Groupe IT 402 660,00RECETTES | Autres produits relatifs \u00e0 l'exploitationGroupe III 23 862,28Produits financiers et produits non encaissablesReprise d'exc\u00e9dents 0,00TOTAL Recettes 5 306 961,25\nArticle 2\nArticle 3\nArticle 4\nD\u00e9penses exclues du tarif : 0,00 \u20acPour 2025, la fraction forfaitaire mensuelle s'\u00e9tablit \u00e0 406 703,25 \u20ac. Soit un prix dejourn\u00e9e globalis\u00e9 de 245,21 \u20ac.A compter du 1\u00b0 janvier 2026, en application de l'article L.314-7 du CASF, les tarifsde reconduction sont fix\u00e9s, \u00e0 titre transitoire, \u00e0:e dotation globalis\u00e9e 2026: 5 180 438,97 \u20ac (douzi\u00e8me applicable s'\u00e9levant \u00e0431 703,25 \u20ac)e prix de journ\u00e9e de reconduction de 260,28 \u20acLes recours contentieux dirig\u00e9s contre la pr\u00e9sente d\u00e9cision doivent \u00eatre port\u00e9s devant leTribunal Administratif sis 6 Rue du Haut Bourgeois 54035 NANCY dans un d\u00e9lai dedeux mois \u00e0 compter de sa publication ou, pour les personnes auxquelles elle seranotifi\u00e9e, \u00e0 compter de sa notification. Le tribunal administratif peut \u00eatre saisi parl'application \u00ab T\u00e9l\u00e9recours citoyens \u00bb accessible par le site www.telerecours.fr.La pr\u00e9sente d\u00e9cision sera publi\u00e9e au recueil des actes administratifs.\n\nArticle 5 La Directrice G\u00e9n\u00e9rale de l'ARS Grand Est est charg\u00e9e de l'ex\u00e9cution de la pr\u00e9sented\u00e9cision qui sera notifi\u00e9e \u00e0 l'entit\u00e9 gestionnaire CH DE BAR-LE-DUC FAINS-VEEL(550003354) et \u00e0 l'\u00e9tablissement concern\u00e9.\nFait \u00e0 BAR LE DUC, le 24 juillet 2025\nLe D One re de [ARS Grand Est_ et par d\u00e9irial Adjoinle D\u00e9l\u00e9gu\u00e9 Territg tde\nJean-Marc\n\nEs PaREPUBLIQUEFRANCAISEtie @2kmebe re | &ps NEo\nDECISION TARIFAIRE N\u00b015562 PORTANT FIXATION DU PRIX DE JOURNEE GLOBALISEPOUR 2025 DEITEP L'AVENIR - 550003792\nLa Directrice G\u00e9n\u00e9rale de 1? ARS Grand EstVU le Code de!'Action Sociale et des Familles ;VU \u00a9 le Code de la S\u00e9curit\u00e9 Sociale ;VU | la loi n\u00b0 2025-199 du 28 f\u00e9vrier 2025 de financement de la S\u00e9curit\u00e9 Sociale pour 2025publi\u00e9e au Journal Officiel du 28/02/2025 ;VU l'arr\u00eat\u00e9 minist\u00e9riel du 02/06/2025 publi\u00e9 au Journal Officiel du 06/06/2025 pris enapplication de l'article L314-3 du Code de l'Action Sociale et des Familles fixant, pourl'ann\u00e9e 2025 l'objectif global de d\u00e9penses d'assurance maladie et le montant total ded\u00e9penses pour les \u00e9tablissements et services relevant de la Caisse nationale de solidarit\u00e9 pourl'autonomie ;VU la d\u00e9cision du 02/06/2025 publi\u00e9e au Journal Officiel du 06/06/2025 relative aux dotationsr\u00e9gionales limitatives 2025 et \u00e0 la moyenne nationale des besoins en soins requis 2025 ;VU le d\u00e9cret du 21 mai 2024 portant nomination de Madame RATIGNIER-CARBONNEILChristelle en qualit\u00e9 de Directrice G\u00e9n\u00e9rale de l'agence r\u00e9gionale de sant\u00e9 Grand Est ;VU la d\u00e9cision de d\u00e9l\u00e9gation de signature de la Directrice G\u00e9n\u00e9rale de l'ARS vers le Directeuradjoint de MEUSE en date du 02/07/2025 ;VU Je renouvellement d'autorisation en date du 03/01/2017 de la structure Institut Th\u00e9rapeutique\u00c9ducatif et P\u00e9dagogique (LT.E.P.) d\u00e9nomm\u00e9e ITEP L'AVENIR (550003792) sise 55000Montplonne et g\u00e9r\u00e9e par l'entit\u00e9 d\u00e9nomm\u00e9e ASSOCIATION L'AVENIR MONTPLONNE(550000483);Consid\u00e9rant la transmission des propositions budg\u00e9taires et de ses annexes en date du24/10/2024 par la personne ayant qualit\u00e9 pour repr\u00e9senter la structure d\u00e9nomm\u00e9eITEP L'AVENIR (550003792) pour 2025 ;Consid\u00e9rant les propositions de modifications budg\u00e9taires transmises par courrier en date du08/07/2025, par la d\u00e9l\u00e9gation territoriale de la Meuse ;Consid\u00e9rant la d\u00e9cision d'autorisation budg\u00e9taire finale en date du 24/07/2025 ;\nDECIDE\nArticle 1* A compter du 01/01/2025, au titre de 2025, la dotation globalis\u00e9e est fix\u00e9e \u00e01 509 932,52 \u20ac dont 0,00 de cr\u00e9dits non reconductibles vers\u00e9s en une seule fois.\n\nLes recettes et les d\u00e9penses pr\u00e9visionnelles de la structure sont autoris\u00e9es commesuit :\nMONTANTSGROUPES FONCTIONNELS EN EUROSGroupe I 261 432,93D\u00e9penses aff\u00e9rentes \u00e0 l'exploitation courante- dont CNR 0,00Groupe II 1 149 251,89D\u00e9penses aff\u00e9rentes au personnelDEPENSES |- dont CNR _ 0,00Groupe III 196 024,85D\u00e9penses aff\u00e9rentes \u00e0 la structure- dont CNR 0,00Reprise de d\u00e9ficits 0,00TOTAL D\u00e9penses 1 606 709,67Groupe IProduits de la tarification 1 509 932,52- dont CNR 0,00Groupe IT 0,00RECETTES | Autres produits relatifs \u00e0 l'exploitationGroupe III 96 777,15Produits financiers et produits non encaissablesReprise d'exc\u00e9dents 0,00TOTAL Recettes 1 606 709,67\nArticle 2\nArticle 3\nArticle 4\nD\u00e9penses exclues du tarif : 0,00 \u20acPour 2025, la fraction forfaitaire mensuelle s'\u00e9tablit \u00e0 125 827,71 \u20ac. Soit un prix dejourn\u00e9e globalis\u00e9 de 296,07 \u20ac.A compter du 1\u00b0 janvier 2026, en application de l'article L.314-7 du CASF, les tarifsde reconduction sont fix\u00e9s, a titre transitoire, a:e dotation globalis\u00e9e 2026: 1 509 932,52 \u20ac (douzi\u00e8me applicable s'\u00e9levant \u00e0125 827,71 \u20ac)e prix de journ\u00e9e de reconduction de 296,07 \u20acLes recours contentieux dirig\u00e9s contre la pr\u00e9sente d\u00e9cision doivent \u00e9tre port\u00e9s devant leTribunal Administratif sis 6 Rue du Haut Bourgeois 54035 NANCY dans un d\u00e9lai dedeux mois 4 compter de sa publication ou, pour les personnes auxquelles elle seranotifi\u00e9e, \u00e0 compter de sa notification. Le tribunal administratif peut \u00eatre saisi parl'application \u00ab T\u00e9l\u00e9recours citoyens \u00bb accessible par le site www.telerecours.fr.La pr\u00e9sente d\u00e9cision sera publi\u00e9e au recueil des actes administratifs.\n\nArticle 5 La Directrice G\u00e9n\u00e9rale de l'ARS Grand Est est charg\u00e9e de l'ex\u00e9cution de la pr\u00e9sented\u00e9cision qui sera notifi\u00e9e \u00e0 l'entit\u00e9 gestionnaire ASSOCIATION L'AVENIRMONTPLONNE (550000483) et \u00e0 l'\u00e9tablissement concern\u00e9.\nFait \u00e0 BAR LE DUC, le 24 juillet 2025\nLe Directeur adjoint. yas Grand Estraie Ce |rec eqationaia Dire peg Ent de Meuse1e Delest\nJean-Marc KIMENAD\n\nShare  otrod Est 4REPUBLIQUE \u00bbFRAN\u00c7AISE onsLatentredpres\nDECISION TARIFAIRE N\u00b015563 PORTANT FIXATION DE LA DOTATION GLOBALE DEFINANCEMENT POUR 2025 DESESSAD DEFICIENTS AUDITIFS - 550003545\nLa Directrice G\u00e9n\u00e9rale de l'ARS Grand EstVU le Code de l'Action Sociale et des Familles ;VU le Code de la S\u00e9curit\u00e9 Sociale ;VU la loi n\u00b0 2025-199 du 28 f\u00e9vrier 2025 de financement de la S\u00e9curit\u00e9 Sociale pour 2025publi\u00e9e au Journal Officiel du 28/02/2025 ;VU l'arr\u00eat\u00e9 minist\u00e9riel du 02/06/2025 publi\u00e9 au Journal Officiel du 06/06/2025 pris enapplication de l'article L314-3 du Code de l'Action Sociale et des Familles fixant, pourl'ann\u00e9e 2025 l'objectif global de d\u00e9penses d'assurance maladie et le montant total ded\u00e9penses pour les \u00e9tablissements et services relevant de la Caisse nationale de solidarit\u00e9pour l'autonomie ;VU la d\u00e9cision du 02/06/2025 publi\u00e9e au Journal Officiel du 06/06/2025 relative auxdotations r\u00e9gionales limitatives 2025 et \u00e0 la moyenne nationale des besoins en soinsrequis 2025 ;\nVU le d\u00e9cret du 21 mai 2024 portant nomination de Madame RATIGNIER-CARBONNEILChristelle en qualit\u00e9 de Directrice G\u00e9n\u00e9rale de l'agence r\u00e9gionale de sant\u00e9 Grand Est ;\nVU la d\u00e9cision de d\u00e9l\u00e9gation de signature de la Directrice G\u00e9n\u00e9rale de l'ARS vers leDirecteur adjoint de MEUSE en date du 02/07/2025 ;VU le renouvellement d'autorisation en date du 03/01/2017 de la structure Serviced'\u00c9ducation Sp\u00e9ciale et de Soins \u00e0 Domicile d\u00e9nomm\u00e9e SESSAD DEFICIENTSAUDITIFS (550003545) sise 43 R DE CHAMPAGNE 55000 Bar-le-Duc et g\u00e9r\u00e9e parl'entit\u00e9 d\u00e9nomm\u00e9e ASS PUPILLES ENSEIGNEMENT PUBLIC (550003933) ;Consid\u00e9rant la transmission des propositions budg\u00e9taires et de ses annexes en date du24/10/2024 par la personne ayant qualit\u00e9 pour repr\u00e9senter la structure d\u00e9nomm\u00e9eSESSAD DEFICIENTS AUDITIFS (550003545) pour 2025 ;Consid\u00e9rant les propositions de modifications budg\u00e9taires transmises par courrier en date du08/07/2025, par la d\u00e9l\u00e9gation territoriale de la Meuse ;Consid\u00e9rant la d\u00e9cision d'autorisation budg\u00e9taire finale en date du 24/07/2025 ;\nDECIDE\nArticle 1* A compter du 01/01/2025, au titre de 2025, la dotation globale de financement estfix\u00e9e \u00e0 984 908,38 \u20ac dont 0,00 de cr\u00e9dits non reconductibles vers\u00e9s en une seule fois.1\n\nLes recettes et les d\u00e9penses pr\u00e9visionnelles de la structure sont autoris\u00e9es comme suit :\nGROUPES FONCTIONNELS DONSEN EUROSGroupe I 42 393,82D\u00e9penses aff\u00e9rentes \u00e0 l'exploitation courante- dont CNR 0,00Groupe II . 889 391,38D\u00e9penses aff\u00e9rentes au personnelDEPENSES - dont CNR 0,00Groupe II 64 723,18D\u00e9penses aff\u00e9rentes \u00e0 la structure- dont CNR 0,00Reprise de d\u00e9ficits -0,00TOTAL D\u00e9penses 996 508,38Groupe IProduits de la tarification 984 908,38- dont CNR 0,00Groupe II 0,00RECETTES Autres produits relatifs \u00e0 i exploitationGroupe HT 11 600,00Produits financiers et produits non encaissablesReprise d'exc\u00e9dents 0,00TOTAL Recettes 996 508,38\nD\u00e9penses exclues du tarif : 0,00 \u20acPour 2025, la fraction forfaitaire mensuelle s'\u00e9tablit 4 82 075,70 \u20ac.Le prix de journ\u00e9e est de 98,79 \u20ac.Atticle 2 A compter du 1% janvier 2026; en application de l'article L.314-7 du CASF, les tarifs dereconduction sont fix\u00e9s, a titre transitoire, a :e dotation globale de financement 2026: 984 908,38 \u20ac (douzi\u00e8me applicable s'\u00e9levant \u00e082 075,70 \u20ac)e prix de journ\u00e9e de reconduction : 98,79 \u20acArticle 3 Les recours contentieux dirig\u00e9s contre la pr\u00e9sente d\u00e9cision doivent \u00eatre port\u00e9s devant le TribunalAdministratif sis 6, Rue du Haut Bourgeois 54035 NANCY dans un d\u00e9lai de deux mois \u00e0compter de sa publication ou, pour les personnes auxquelles elle sera notifi\u00e9e, \u00e0 compter de sanotification. Le tribunal administratif peut \u00eatre saisi par l'application \u00ab T\u00e9l\u00e9recours citoyens \u00bbaccessible par le site www.telerecours.fr.Article 4 La pr\u00e9sente d\u00e9cision sera publi\u00e9e au recueil des actes administratifs.\n\nArticle 5 La Directrice G\u00e9n\u00e9rale de l'ARS Grand Est est charg\u00e9e de l'ex\u00e9cution de la pr\u00e9sente d\u00e9cision quisera notifi\u00e9e \u00e0 l'entit\u00e9 gestionnaire ASS PUPILLES ENSEIGNEMENT PUBLIC (550003933) et\u00e0 l'\u00e9tablissement concern\u00e9.\nFait \u00e0 BAR LE DUC, le 24 juillet 2025\nLe Directeur adjoint\n\nLn\nLE DEPARTEMENTmeuse\nEsREPUBLIQUEFRAN\u00c7AISE 4rence Regonale de Sante\n      \nDECISION TARIFAIRE N \u00b015564 PORTANT FIXATION DE LA\nDOTATION GLOBALE DE FINANCEMENT POUR 2025 DE\nCAMSP DU SUD MEUSIEN -  550003248\n \nLa Directrice G\u00e9n\u00e9rale de l'ARS Grand Est\nLe Pr\u00e9sident du Conseil D\u00e9partemental Meuse\n \nVU le Code de l'Action Sociale et des Familles ;\n  \nVU le Code de la S\u00e9curit\u00e9 Sociale ;\n  \nVU la loi n\u00b0 2025-199 du 28 f\u00e9vrier 2025 de financement de la S\u00e9curit\u00e9 Sociale pour 2025 publi\u00e9e\nau Journal Officiel du 28/02/2025 ;\n  \nVU l'arr\u00eat\u00e9 minist\u00e9riel du 02/06/2025 publi\u00e9 au Journal Officiel du 06/06/2025 pris en application\nde l'article L314-3 du Code de l'Action Sociale et des Familles fixant, pour l'ann\u00e9e 2025\nl'objectif global de d\u00e9penses d'assurance maladie et le montant total de d\u00e9penses pour les\n\u00e9tablissements et services relevant de la Caisse nationale de solidarit\u00e9 pour l'autonomie ;\n  \nVU la d\u00e9cision du 02/06/2025 publi\u00e9e au Journal Officiel du 06/06/2025 relative aux dotations\nr\u00e9gionales limitatives 2025 et \u00e0 la moyenne nationale des besoins en soins requis 2025;\n  \nVU le d\u00e9cret du 21 mai 2024 portant nomination de Madame Christelle RATIGNIER-\nCARBONNEIL en qualit \u00e9 de Directrice G\u00e9n\u00e9rale de l'agence r\u00e9gionale de sant\u00e9 Grand Est;\n \nVU la d\u00e9cision de d\u00e9l\u00e9gation de signature de la Directrice G\u00e9n\u00e9rale de l'ARS vers le Directeur\nadjoint de MEUSE en date du 02/07/2025 ;\n \nVU l'autorisation ou le renouvellement d'autorisation en date du 10/10/2007 de la structure Centre\nAction M\u00e9dico-Sociale Pr\u00e9coce (C.A.M.S.P.) d\u00e9nomm \u00e9e CAMSP DU SUD MEUSIEN\n(550003248) sise 116 RTE DEPARTEMENTALE 55000 Behonne et g \u00e9r\u00e9e par l'entit\u00e9\nd\u00e9nomm \u00e9e CH DE BAR-LE-DUC FAINS-VEEL (550003354) ;\n \nConsid\u00e9rant\n \nla transmission des propositions budg\u00e9taires et de ses annexes en date du 20/01/2025\npar la personne ayant qualit\u00e9 pour repr\u00e9senter la structure d\u00e9nomm \u00e9e CAMSP DU\nSUD MEUSIEN (550003248) pour 2025;\n  \nConsid\u00e9rant les propositions de modifications budg\u00e9taires transmises par courrier en date du\n08/07/2025, par la d\u00e9l\u00e9gation territoriale de la Meuse ;\n \nConsid\u00e9rant la d\u00e9cision d'autorisation budg\u00e9taire finale en date du 24/07/2025 ;\n \n \n \nDECIDENT\n \nArticle 1er A compter du 01/01/2025, la dotation globale de financement est fix\u00e9e \u00e0 400 836,92 \u20ac\ndont 0,00 de cr\u00e9dits non reconductibles vers\u00e9s en une seule fois.\n  \n Les recettes et les d\u00e9penses pr\u00e9visionnelles de la structure sont autoris\u00e9es comme suit :\n \n Groupes fonctionnels Montants\nen Euros\n \n   \n      \nGroupe I\nD\u00e9penses aff\u00e9rentes \u00e0 l'exploitation courante\n79 782,50\n- dont CNR 0,00\nGroupe II\nD\u00e9penses aff\u00e9rentes au personnel\n457 611,72\n- dont CNR 0,00\nGroupe III\nD\u00e9penses aff\u00e9rentes \u00e0 la structure\n60 797,86\n- dont CNR 0,00\nReprise de d\u00e9ficits 0,00\nD\u00e9penses\nTOTAL D\u00e9penses 598 192,08\nGroupe I\nProduits de la tarification 400 836,92\n- dont CNR 0,00\nGroupe II\nAutres produits relatifs \u00e0 l'exploitation\n0,00\nGroupe III\nProduits financiers et produits non encaissables\n9 855,16\nReprise d'exc\u00e9dents 187 500,00\nRecettes\nTOTAL Recettes 598 192,08\n \n D \u00e9penses exclues du tarif : 0,00 \u20ac\n  \n La dotation globale de financement est vers\u00e9e en application des dispositions de l'article R.314-123\nCASF  :\n\u25cf    par le d\u00e9partement d'implantation, pour un montant de 66 339,73 \u20ac.\n\u25cf    par l'Assurance Maladie, pour un montant de 334 497,19 \u20ac.\n  \n  \nArticle 2 La fraction forfaitaire imputable \u00e0 l'Assurance Maladie, en application de l'article R314-111 du\nCASF, s'\u00e9tablit \u00e0 27 874,77 \u20ac.\n  \n La fraction forfaitaire imputable au D\u00e9partement s'\u00e9tablit quant \u00e0 elle \u00e0 5 528,31 \u20ac.\n  \nArticle 3 A compter du 1er janvier 2026, en application de l'article L.314-7 du CASF, les tarifs de\nreconduction sont fix\u00e9s, \u00e0 titre transitoire, \u00e0 :\n\u25cf    dotation globale de financement 2026 : 588 336,92 \u20ac, vers\u00e9e :\n- par le d\u00e9partement d'implantation, pour un montant de 103 839,73 \u20ac (douzi\u00e8me applicable\ns'\u00e9levant \u00e0 8 653,31 \u20ac).\n \n- par l'Assurance Maladie, pour un montant de 484 497,19 \u20ac (douzi\u00e8me applicable s'\u00e9levant\n\u00e0 40 374,77 \u20ac).\n \n \n  \nArticle 4 Les recours contentieux dirig\u00e9s contre la pr\u00e9sente d\u00e9cision doivent \u00eatre port\u00e9s devant le Tribunal\nAdministratif sis 6, Rue du Haut Bourgeois, 54035 NANCY dans un d\u00e9lai de deux mois \u00e0 compter\nde sa publication ou, pour les personnes auxquelles elle sera notifi\u00e9e, \u00e0 compter de sa notification.\nLe tribunal administratif peut \u00eatre saisi par l'application \u00ab T\u00e9l\u00e9recours citoyens \u00bb accessible par le\nsite www.telerecours.fr.\n  \nArticle 5 La pr\u00e9sente d\u00e9cision sera publi\u00e9e au recueil des actes administratifs.\n  \n2\n \n   \n      \nArticle 6 La Directrice G\u00e9n\u00e9rale de l'ARS Grand Est et le pr\u00e9sident du D\u00e9partement sont charg\u00e9s de l'ex\u00e9cution\nde la pr\u00e9sente d\u00e9cision qui sera notifi\u00e9e \u00e0 l'entit\u00e9 gestionnaire CH DE BAR-LE-DUC FAINS-\nVEEL (550003354) et \u00e0 l'\u00e9tablissement concern\u00e9.\n \n \nFait \u00e0 BAR LE DUC, le 24 juillet 2025\n \n \nLe Directeur adjoint\n \n \n \n \n#signature#\n \n \n \n \n3\n \nga aR\u00c9PUBLIQUEFRAN\u00c7AISELED bese .etLeveltrenras\nDECISION TARIFAIRE N\u00b015565 PORTANT FIXATION DE LA DOTATION GLOBALE DEFINANCEMENT POUR 2025 DESESSAD DU CH DE COMMERCY - 550002828\nLa Directrice G\u00e9n\u00e9rale de l'ARS Grand EstVU le Code de l' Action Sociale et des Familles ;VU le Code de la S\u00e9curit\u00e9 Sociale ;VU la loi n\u00b0 2025-199 du 28 f\u00e9vrier 2025 de financement de la S\u00e9curit\u00e9 Sociale pour 2025publi\u00e9e au Journal Officiel du 28/02/2025 ;VU l'arr\u00eat\u00e9 minist\u00e9riel du 02/06/2025 publi\u00e9 au Journal Officiel du 06/06/2025 pris enapplication de l'article L314-3 du Code de l'Action Sociale et des Familles fixant, pourl'ann\u00e9e 2025 l'objectif global de d\u00e9penses d'assurance maladie et le montant total ded\u00e9penses pour les \u00e9tablissements et services relevant de la Caisse nationale de solidarit\u00e9pour l'autonomie ;VU la d\u00e9cision du 02/06/2025 publi\u00e9e au Journal Officiel du 06/06/2025 relative auxdotations r\u00e9gionales limitatives 2025 et \u00e0 la moyenne nationale des besoins en soinsrequis 2025 ;VU le d\u00e9cret du 21 mai 2024 portant nomination de Madame RATIGNIER-CARBONNEILChristelle en qualit\u00e9 de Directrice G\u00e9n\u00e9rale de l'agence r\u00e9gionale de sant\u00e9 Grand Est ;\nVU la d\u00e9cision de d\u00e9l\u00e9gation de signature de la Directrice G\u00e9n\u00e9rale de l'ARS vers leDirecteur adjoint de MEUSE en date du 02/07/2025 ;VU l'autorisation en date du 26/04/2007 de la structure Service d'\u00c9ducation Sp\u00e9ciale et deSoins \u00e0 Domicile d\u00e9nomm\u00e9e SESSAD DU CH DE COMMERCY (550002828) sise 52R RAYMOND POINCARE 55200 Commercy et g\u00e9r\u00e9e par l'entit\u00e9 d\u00e9nomm\u00e9eCENTRE HOSPITALIER ST-CHARLES COMMERCY (550000046) ;Consid\u00e9rant la transmission des propositions budg\u00e9taires et de ses annexes en date du31/10/2024 par la personne ayant qualit\u00e9 pour repr\u00e9senter la structure d\u00e9nomm\u00e9eSESSAD DU CH DE COMMERCY (550002828) pour 2025 ;Consid\u00e9rant les propositions de modifications budg\u00e9taires transmises par courrier en date du08/07/2025, par la d\u00e9l\u00e9gation territoriale de la Meuse ;Consid\u00e9rant la d\u00e9cision d'autorisation budg\u00e9taire finale en date du 24/07/2025 ;\nDECIDE\n\nArticle 1 A compter du 01/01/2025, au titre de 2025, la dotation globale de financement estfix\u00e9e \u00e0 244 653,70 \u20ac dont 0,00 de cr\u00e9dits non reconductibles vers\u00e9s en une seule fois.Les recettes et les d\u00e9penses pr\u00e9visionnelles de la structure sont autoris\u00e9es comme suit :G MONTANTSROUPES FONCTIONNELS EN EUROSGroupe I 39 428,53D\u00e9penses aff\u00e9rentes \u00e0 l'exploitation courante- dont CNR 0,00Groupe II 181 832,67D\u00e9penses aff\u00e9rentes au personnelDEPENSES - dont CNR -20 000,00Groupe III 26 276,30D\u00e9penses aff\u00e9rentes \u00e0 la structure- dont CNR : 0,00Reprise de d\u00e9ficits 0,00TOTAL D\u00e9penses 247 537,50Groupe IProduits de la tarification 244 653,70- dont CNR -20 000,00Groupe II 1 100,00RECETTES Autres produits relatifs \u00e0 l'exploitationGroupe III | 1 783,80Produits financiers et produits non encaissablesReprise d'exc\u00e9dents 0,00TOTAL Recettes 247 537,50\nD\u00e9penses exclues du tarif : 0,00 \u20acPour 2025, la fraction forfaitaire mensuelle s'\u00e9tablit \u00e0 20 387,81 \u20ac.Le prix de journ\u00e9e est de 56,83 \u20ac.Article 2 A compter du 1% janvier 2026, en application de l'article L.314-7 du CASF, les tarifs dereconduction sont fix\u00e9s, \u00e0 titre transitoire, \u00e0 :e dotation globale de financement 2026: 264 653,70 \u20ac (douzi\u00e8me applicable s'\u00e9levant \u00e022 054,48 \u20ac)e prix de journ\u00e9e de reconduction : 61,48 \u20acArticle 3 Les recours contentieux dirig\u00e9s contre la pr\u00e9sente d\u00e9cision doivent \u00eatre port\u00e9s devant le TribunalAdministratif sis 6, Rue du Haut Bourgeois 54035 NANCY dans un d\u00e9lai de deux mois \u00e0compter de sa publication ou, pour les personnes auxquelles elle sera notifi\u00e9e, \u00e0 compter de sanotification. Le tribunal administratif peut \u00eatre saisi par l'application \u00ab T\u00e9l\u00e9recours citoyens \u00bbaccessible par le site www.telerecours.fr.Article 4 La pr\u00e9sente d\u00e9cision sera publi\u00e9e au recueil des actes administratifs.\n\nArticle 5 La Directrice G\u00e9n\u00e9rale de l'ARS Grand Est est charg\u00e9e de l'ex\u00e9cution de la pr\u00e9sente d\u00e9cision quisera notifi\u00e9e \u00e0 l'entit\u00e9 gestionnaire CENTRE HOSPITALIER ST-CHARLES COMMERCY(550000046) et \u00e0 l'\u00e9tablissement concern\u00e9.\nFait \u00e0 BAR LE DUC, le 24 juillet 2025\nLe Directeur adjoint\nPJla Directrice G\u00e9\"\u00e9et par |Aajoint de Meusele D\u00e9l\u00e9gu\u00e9 TerriJai \u2014Jean-Marc KIMENAU\n\nERREPUBLIQUEFRANGAISEFa \u00a9 Pherae Begperaie dr SardLeeck CutisFem\nDECISION TARIFAIRE N\u00b015566 PORTANT FIXATION DE LA DOTATION GLOBALE DEFINANCEMENT POUR 2025 DESESSAD PROFESSIONNEL DE L'ITEP - 550001838\nLa Directrice G\u00e9n\u00e9rale de 1' ARS Grand EstVU le Code de I' Action Sociale et des Familles ;VU le Code de la S\u00e9curit\u00e9 Sociale ;VU la loi n\u00b0 2025-199 du 28 f\u00e9vrier 2025 de financement de la S\u00e9curit\u00e9 Sociale pour 2025publi\u00e9e au Journal Officiel du 28/02/2025 ;VU l'arr\u00eat\u00e9 minist\u00e9riel du 02/06/2025 publi\u00e9 au Journal Officiel du 06/06/2025 pris enapplication de l'article L314-3 du Code de l'Action Sociale et des Familles fixant, pourl'ann\u00e9e 2025 l'objectif global de d\u00e9penses d'assurance maladie et le montant total ded\u00e9penses pour les \u00e9tablissements et services relevant de la Caisse nationale de solidarit\u00e9pour l'autonomie ;VU la d\u00e9cision du 02/06/2025 publi\u00e9e au Journal Officiel du 06/06/2025 relative auxdotations r\u00e9gionales limitatives 2025 et \u00e0 la moyenne nationale des besoins en soinsrequis 2025 ;VU le d\u00e9cret du 21 mai 2024 portant nomination de Madame RATIGNIER-CARBONNEILChristelle en qualit\u00e9 de Directrice G\u00e9n\u00e9rale de l'agence r\u00e9gionale de sant\u00e9 Grand Est ;\nVU la d\u00e9cision de d\u00e9l\u00e9gation de signature de la Directrice G\u00e9n\u00e9rale de l'ARS vers leDirecteur adjoint de MEUSE en date du 02/07/2025 ;VU l'autorisation en date du 28/10/2005 de la structure Service d'\u00c9ducation Sp\u00e9ciale et deSoins \u00e0 Domicile d\u00e9nomm\u00e9e SESSAD PROFESSIONNEL DE L'ITEP (550001838) sise55000 Montplonne et g\u00e9r\u00e9e par l'entit\u00e9 d\u00e9nomm\u00e9e ASSOCIATION L'AVENIRMONTPLONNE (550000483) ;Consid\u00e9rant a transmission des propositions budg\u00e9taires et de ses annexes en date du24/10/2024 par la personne ayant qualit\u00e9 pour repr\u00e9senter la structure d\u00e9nomm\u00e9eSESSAD PROFESSIONNEL DE L'ITEP (550001838) pour 2025 ;Consid\u00e9rant les propositions de modifications budg\u00e9taires transmises par courrier(s) en datedu 08/07/2025, par la d\u00e9l\u00e9gation territoriale de la Meuse ;Consid\u00e9rant la d\u00e9cision d'autorisation budg\u00e9taire finale en date du 24/07/2025 ;\nDECIDE\nArticle 1% A compter du 01/01/2025, au titre de 2025, la dotation globale de financement estfix\u00e9e \u00e0 227 474,05 \u20ac dont 0,00 de cr\u00e9dits non reconductibles vers\u00e9s en une seule fois.1\n\nLes recettes et les d\u00e9penses pr\u00e9visionnelles de la structure sont autoris\u00e9es comme suit :GROUPES FONCTIONNELS MONTANTSEN EUROSGroupe I 11 596,91D\u00e9penses aff\u00e9rentes \u00e0 l'exploitation courante- dont CNR 0,00Groupe II 237 115,56D\u00e9penses aff\u00e9rentes au personnelDEPENSES - dont CNR 0,00Groupe III 18 253,78D\u00e9penses aff\u00e9rentes \u00e0 la structure- dont CNR 0,00Reprise de d\u00e9ficits 0,00TOTAL D\u00e9penses 266 966,25Groupe IProduits de la tarification 227 474,05- dont CNR 0,00Groupe II 2 090,24RECETTES Autres produits relatifs \u00e0 l'exploitationGroupe III 17 401,96Produits financiers et produits non encaissablesReprise d'exc\u00e9dents 20 000,00TOTAL Recettes 266 966,25\nD\u00e9penses exclues du tarif : 0,00 \u20acPour 2025, la fraction forfaitaire mensuelle s'\u00e9tablit \u00e0 18 956,17 \u20ac.Le prix de journ\u00e9e est de 257,91 \u20ac.Article 2 A compter du 1\u00b0 janvier 2026, en application de l'article L.314-7 du CASF, les tarifs dereconduction sont fix\u00e9s, \u00e0 titre transitoire, \u00e0 :e dotation globale de financement 2026: 247 474,05 \u20ac (douzi\u00e8me applicable s'\u00e9levant a20 622,84 \u20ac)e prix de journ\u00e9e de reconduction : 280,58 \u20acArticle 3 Les recours contentieux dirig\u00e9s contre la pr\u00e9sente d\u00e9cision doivent \u00eatre port\u00e9s devant le TribunalAdministratif sis 6, Rue du Haut Bourgeois 54035 NANCY dans un d\u00e9lai de deux mois \u00e0compter de sa publication ou, pour les personnes auxquelles elle sera notifi\u00e9e, \u00e0 compter de sanotification. Le tribunal administratif peut \u00eatre saisi par l'application \u00ab T\u00e9l\u00e9recours citoyens \u00bbaccessible par le site www.telerecours.fr.Article 4 La pr\u00e9sente d\u00e9cision sera publi\u00e9e au recueil des actes administratifs.\n\nArticle 5 La Directrice G\u00e9n\u00e9rale de l' ARS Grand Est est charg\u00e9e de l'ex\u00e9cution de la pr\u00e9sente d\u00e9cision quisera notifi\u00e9e \u00e0 l'entit\u00e9 gestionnaire ASSOCIATION L'AVENIR MONTPLONNE (550000483) et\u00e0 l'\u00e9tablissement concern\u00e9.\nFait \u00e0 BAR LE DUC, le 24 juillet 2025\nLe Directeur adjoint\nPila Directrice G\u00e9n\u00e9rale de l'ARS Grand Estet par d\u00e9l\u00e9gation.le D\u00e9l\u00e9gu\u00e9 Territorial Acicint d\u00e9 Meuse\nJean-Marc KIMENAU\n\nLenPrec\nES aREPUBLIQUE &FRAN\u00c7AISE \u00e0re BI Mt whetwet \u00ab =\nDECISION TARIFAIRE N\u00b015567 PORTANT FIXATION DU PRIX DE JOURNEE GLOBALISEPOUR 2025 DECENTRE D'ACCUEIL POUR POLYHANDICAPES - 550000814\nLa Directrice G\u00e9n\u00e9rale de l' ARS Grand EstVU le Code de l'Action Sociale et des Familles ;VU le Code de la S\u00e9curit\u00e9 Sociale ;VU Ja loi n\u00b0 2025-199 du 28 f\u00e9vrier 2025 de financement de la S\u00e9curit\u00e9 Sociale pour 2025publi\u00e9e au Journal Officiel du 28/02/2025 ;VU l'arr\u00eat\u00e9 minist\u00e9riel du 02/06/2025 publi\u00e9 au Journal Officiel du 06/06/2025 pris enapplication de l'article L314-3 du Code de l'Action Sociale et des Familles fixant, pourl'ann\u00e9e 2025 l'objectif global de d\u00e9penses d'assurance maladie et le montant total ded\u00e9penses pour les \u00e9tablissements et services relevant de la Caisse nationale de solidarit\u00e9 pourl'autonomie ;VU la d\u00e9cision du 02/06/2025 publi\u00e9e au Journal Officiel du 06/06/2025 relative aux dotationsr\u00e9gionales limitatives 2025 et \u00e0 la moyenne nationale des besoins en soins requis 2025 ;VU le d\u00e9cret du 21 mai 2024 portant nomination de Madame RATIGNIER-CARBONNEILChristelle en qualit\u00e9 de Directrice G\u00e9n\u00e9rale de l'agence r\u00e9gionale de sant\u00e9 Grand Est ;VU la d\u00e9cision de d\u00e9l\u00e9gation de signature de la Directrice G\u00e9n\u00e9rale de l'ARS vers le Directeuradjoint de MEUSE en date du 02/07/2025 ;VU le renouvellement d'autorisation en date du 03/01/2017 de la structure Etablissement pourEnfants ou Adolescents Polyhandicap\u00e9s d\u00e9nomm\u00e9e CENTRE D'ACCUEIL POURPOLYHANDICAPES (550000814) sise 1 R HENRI GARNIER 55205 Commercy et g\u00e9r\u00e9epar l'entit\u00e9 d\u00e9nomm\u00e9e CENTRE HOSPITALIER ST-CHARLES COMMERCY(550000046);Consid\u00e9rant la transmission des propositions budg\u00e9taires et de ses annexes en date du31/10/2024 par la personne ayant qualit\u00e9 pour repr\u00e9senter la structure d\u00e9nomm\u00e9eCENTRE D'ACCUEIL POUR POLYHANDICAPES (550000814) pour 2025 ;Consid\u00e9rant les propositions de modifications budg\u00e9taires transmises par courrier en date du08/07/2025, par la d\u00e9l\u00e9gation territoriale de la Meuse ;Consid\u00e9rant la d\u00e9cision d'autorisation budg\u00e9taire finale en date du 24/07/2025 ;\n| DECIDE\nArticle 1* A compter du 01/01/2025, au titre de 2025, la dotation globalis\u00e9e est fix\u00e9e \u00e01 581 547,91 \u20ac dont 0,00 de cr\u00e9dits non reconductibles vers\u00e9s en une seule fois.\n\nLes recettes et les d\u00e9penses pr\u00e9visionnelles de la structure sont autoris\u00e9es commesuit :\nGROUPES FONCTIONNELS oresEN EUROSGroupe I 331 719,10D\u00e9penses aff\u00e9rentes \u00e0 l'exploitation courante- dont CNR 0,00Groupe II 1 239 382,71D\u00e9penses aff\u00e9rentes au personnelDEPENSES |- dont CNR 0,00Groupe III 90 696,28D\u00e9penses aff\u00e9rentes \u00e0 la structure- dont CNR 0,00Reprise de d\u00e9ficits 0,00TOTAL D\u00e9penses 1 661 798,09Groupe IProduits de la tarification 1 581 547,91- dont CNR 0,00Groupe II 40 450,18RECETTES | Autres produits relatifs \u00e0 l'exploitationGroupe III 39 800,00Produits financiers et produits non encaissablesReprise d'exc\u00e9dents 0,00TOTAL Recettes 1 661 798,09\nArticle 2\nArticle 3\nArticle 4\nD\u00e9penses exclues du tarif : 0,00 \u20acPour 2025, la fraction forfaitaire mensuelle s'\u00e9tablit \u00e0 131 795,66 \u20ac. Soit un prix dejourn\u00e9e globalis\u00e9 de 343,14 \u20ac.A compter du 1* janvier 2026, en application de l'article L.314-7 du CASF, les tarifsde reconduction sont fix\u00e9s, \u00e0 titre transitoire, \u00e0:e dotation globalis\u00e9e 2026: 1 581 547,91 \u20ac (douzi\u00e8me applicable s'\u00e9levant \u00e0131 795,66 \u20ac)e prix de journ\u00e9e de reconduction de 343,14 \u20acLes recours contentieux dirig\u00e9s contre la pr\u00e9sente d\u00e9cision doivent \u00eatre port\u00e9s devant leTribunal Administratif sis 6 Rue du Haut Bourgeois 54035 NANCY dans un d\u00e9lai dedeux mois \u00e0 compter de sa publication ou, pour les personnes auxquelles elle seranotifi\u00e9e, \u00e0 compter de sa notification. Le tribunal administratif peut \u00eatre saisi parl'application \u00ab T\u00e9l\u00e9recours citoyens \u00bb accessible par le site www.telerecours.fr.La pr\u00e9sente d\u00e9cision sera publi\u00e9e au recueil des actes administratifs.\n\nArticle 5 La Directrice G\u00e9n\u00e9rale de 1' ARS Grand Est est charg\u00e9e de l'ex\u00e9cution de la pr\u00e9sented\u00e9cision qui sera notifi\u00e9e \u00e0 l'entit\u00e9 gestionnaire CENTRE HOSPITALIER ST-CHARLES COMMERCY (550000046) et \u00e0 l'\u00e9tablissement concern\u00e9.\nFait \u00e0 BAR LE DUC, le 24 juillet 2025\nLe Directeur adjoint\nPlla Direct*ze G\u00e9n\u00e9rale de l'ARS Grand Estpar d\u00e9l\u00e9gation.erritorjal Adjoint de Meuse\nLAJean-Marc KIMENAU\nle D\u00e9l\u00e9gus\n\nEsR\u00c9PUBLIQUEFRAN\u00c7AISE\u00a9 Der Ber +CRTLepusps\nDECISION TARIFAIRE N\u00b015568 PORTANT FIXATION DU PRIX DE JOURNEE GLOBALISEPOUR 2025 DECMPP DE BAR LE DUC - 550000160\nLa Directrice G\u00e9n\u00e9rale de l'ARS Grand EstVU le Code de l'Action Sociale et des Familles ;VU le Code de la S\u00e9curit\u00e9 Sociale ;VU la loi n\u00b0 2025-199 du 28 f\u00e9vrier 2025 de financement de la S\u00e9curit\u00e9 Sociale pour 2025publi\u00e9e au Journal Officiel du 28/02/2025 ;VU l'arr\u00eat\u00e9 minist\u00e9riel du 02/06/2025 publi\u00e9 au Journal Officiel du 06/06/2025 pris enapplication de l'article L314-3 du Code de l'Action Sociale et des Familles fixant, pourl'ann\u00e9e 2025 l'objectif global de d\u00e9penses d'assurance maladie et le montant total ded\u00e9penses pour les \u00e9tablissements et services relevant de la Caisse nationale de solidarit\u00e9 pourl'autonomie ;VU la d\u00e9cision du 02/06/2025 publi\u00e9e au Journal Officiel du 06/06/2025 relative aux dotationsr\u00e9gionales limitatives 2025 et \u00e0 la moyenne nationale des besoins en soins requis 2025 ;VU le d\u00e9cret du 21 mai 2024 portant nomination de Madame RATIGNIER-CARBONNEILChristelle en qualit\u00e9 de Directrice G\u00e9n\u00e9rale de l'agence r\u00e9gionale de sant\u00e9 Grand Est ;VU la d\u00e9cision de d\u00e9l\u00e9gation de signature de la Directrice G\u00e9n\u00e9rale de l'ARS vers le Directeuradjoint de MEUSE en date du 02/07/2025 ;VU le renouvellement d'autorisation en date du 03/01/2017 de la structure Centre M\u00e9dico-Psycho-P\u00e9dagogique (C.M.P.P.) d\u00e9nomm\u00e9e CMPP DE BAR LE DUC (550000160) sise 33R DU PORT 55000 Bar-le-Duc et g\u00e9r\u00e9e par l'entit\u00e9 d\u00e9nomm\u00e9e ASSOCIATION DES CMPPDE LA MEUSE (550000285);Consid\u00e9rant la transmission des propositions budg\u00e9taires et de ses annexes en date du22/10/2024 par la personne ayant qualit\u00e9 pour repr\u00e9senter la structure d\u00e9nomm\u00e9eCMPP DE BAR LE DUC (550000160) pour 2025 ;Consid\u00e9rant les propositions de modifications budg\u00e9taires transmises par courrier en date du08/07/2025, par la d\u00e9l\u00e9gation territoriale de la Meuse ;Consid\u00e9rant la r\u00e9ponse \u00e0 la proc\u00e9dure contradictoire en date du 16/07/2025 ;Consid\u00e9rant la d\u00e9cision d'autorisation budg\u00e9taire finale en date du 22/07/2025 ;\nDECIDE\nArticle 1* A compter du 01/01/2025, au titre de 2025, la dotation globalis\u00e9e est fix\u00e9e \u00e02 183 940,51 \u20ac dont 0,00 de cr\u00e9dits non reconductibles vers\u00e9s en une seule fois.1\n\nLes recettes et les d\u00e9penses pr\u00e9visionnelles de la structure sont autoris\u00e9es commesuit :\nMONTANTSGROUPES FONCTIONNELS EN EUROSGroupe I 88 875,00D\u00e9penses aff\u00e9rentes \u00e0 l'exploitation courante- dont CNR 0,00Groupe II 2 078 504,51D\u00e9penses aff\u00e9rentes au personnelDEPENSES |- dont CNR 0,00Groupe III 238 799,56D\u00e9penses aff\u00e9rentes \u00e0 la structure- dont CNR 0,00Reprise de d\u00e9ficits 0,00TOTAL D\u00e9penses 2 406 179,07Groupe IProduits de la tarification 2 183 940,51- dont CNR 0,00Groupe II 8 900,00RECETTES | Autres produits relatifs \u00e0 l'exploitationGroupe III 83 079,75Produits financiers et produits non encaissablesReprise d'exc\u00e9dents 0,00TOTAL Recettes 2 275 920,26\nArticle 2\nArticle 3\nArticle 4\nD\u00e9penses exclues du tarif : 130 258,81 \u20acPour 2025, la fraction forfaitaire mensuelle s'\u00e9tablit \u00e0 181 995,04 \u20ac. Soit un prix dejourn\u00e9e globalis\u00e9 de 118,24 \u20ac.A compter du 1\u00b0 janvier 2026, en application de l'article L.314-7 du CASF, les tarifsde reconduction sont fix\u00e9s, \u00e0 titre transitoire, \u00e0:e dotation globalis\u00e9e 2026: 2 183 940,51 \u20ac (douzi\u00e8me applicable s'\u00e9levant \u00e0181 995,04 \u20ac)e prix de journ\u00e9e de reconduction de 118,24 \u20acLes recours contentieux dirig\u00e9s contre la pr\u00e9sente d\u00e9cision doivent \u00eatre port\u00e9s devant leTribunal Administratif sis 6 Rue du Haut Bourgeois 54035 NANCY dans un d\u00e9lai dedeux mois \u00e0 compter de sa publication ou, pour les personnes auxquelles elle seranotifi\u00e9e, \u00e0 compter de sa notification. Le tribunal administratif peut \u00eatre saisi parl'application \u00ab T\u00e9l\u00e9recours citoyens \u00bb accessible par le site www.telerecours.fr.La pr\u00e9sente d\u00e9cision sera publi\u00e9e au recueil des actes administratifs.\n\nArticle 5 La Directrice G\u00e9n\u00e9rale de l' ARS Grand Est est charg\u00e9e de l'ex\u00e9cution de la pr\u00e9sented\u00e9cision qui sera notifi\u00e9e \u00e0 l'entit\u00e9 gestionnaire ASSOCIATION DES CMPP DE LAMEUSE (550000285) et \u00e0 l'\u00e9tablissement concern\u00e9.\nFait \u00e0 BAR LE DUC, le 24 juillet 2025\nLe Directeur adjoint\na \"ARS Grand Estirectrice G\u00e8r\u00e9\" :PAa Dire st par delegation.\nle D\u00e9l\u00e9gu\u00e9 ww Adjoint de Meuse\nLAJean-Marc ENAU\n\nE 3PR\u00c9FETDE LA MEUSELibert\u00e9\u00c9saiit\u00e9Frateruit\u00e9\nLE PREFET DE LA MEUSE P\u00d4LE VIE FAMILIALE ET SOCIALESERVICE ETABLISSEMENTS ET SERVICESSOCIAUX ET MEDICO-SOCIAUX\nARRETE RELATIF A LA TARIFICATION 2025APPLICABLE AL'Association Meusienne pour la Sauvegarde de l'Enfance,de l'Adolescence et des Adultes(AMSEAA)\npour l'Action d'Education en Milieu Ouvert{AEMO)\nLe PREFET DE LA MEUSE LE PRESIDENT DU CONSEILChevalier de l'ordre national du M\u00e9rite DEPARTEMENTAL DE LA MEUSEChevalier de la L\u00e9gion d'honneurVU\nVU\nVU\nVU\nVU\nVU\nVU\nVU\nVU\nle code de l'action sociale et des familles, notamment les articles L 313-8, L 314-3 etsuivant, L 314-7 et R 314-1 et suivants :l'arr\u00eat\u00e9 de cr\u00e9ation et d'habilitation \u00e0 l'Aide Sociale :le code civil relatif \u00e0 l'assistance \u00e9ducative, notamment les articles 375 \u00e0 375-9 3la loi n\u00b0 82-213 du 2 mars 1982 relative aux droits et libert\u00e9s des communes, desd\u00e9partements et des r\u00e9gions :la loi n\u00b0 83-663 du 22 juillet 1983 compl\u00e9tant la loi n\u00b0 83-8 du 7 janvier 1983 relative \u00e0la r\u00e9partition de comp\u00e9tences entre les communes, les d\u00e9partements, les r\u00e9gions etl'Etat ;la loi n\u00b0 2002-2 du 2 janvier 2002 r\u00e9novant l'action sociale et m\u00e9dico-sociale :la loi n\u00b0 2004-809 du 13 ao\u00fbt 2004 relative aux libert\u00e9s et responsabilit\u00e9s locales :le d\u00e9cret n\u00b0 2006-422 du 7 avril 2006 relatif \u00e0 la gestion budg\u00e9taire, comptoble etfinanci\u00e8re, et aux modalit\u00e9s de financement et de tarification des \u00e9tablissements etservices sociaux et m\u00e9dico-sociaux et des lieux de vie et d'accueil, et modifiant lecode de l'action sociale et des familles (partie r\u00e9glementaire) :le d\u00e9cret du 15 f\u00e9vrier 2023 du Pr\u00e9sident de la R\u00e9publique nommant M. XavierDELARUE pr\u00e9fet de la Meuse :\n\nVU l'arr\u00eat\u00e9 du Ministre de la justice en date du 19 d\u00e9cembre 2003 relatif aux modes detarification applicables aux prestations d'action \u00e9ducative d\u00e9livr\u00e9es par les\u00e9tablissements et services concourant \u00e0 la protection judiciaire de la jeunesse etsous comp\u00e9tence tarifaire conjointe du repr\u00e9sentant de l'\u00c9tat dans le d\u00e9partementet du pr\u00e9sident du conseil d\u00e9partemental ;VU l'arr\u00eat\u00e9 du pr\u00e9fet et du pr\u00e9sident du conseil d\u00e9partemental de la Meuse du 3 mai2019, portant renouvellement d'autorisation et changement d'associationgestionnaire du Service d'Action Educative en Milieu Ouvert \u00e0 Verdun, d\u00e9sormaisg\u00e9r\u00e9 par l'Association Meusienne pour la Sduvegarde de l'Enfance, del'Adolescence et des Adultes (AMSEAA) ;VU l'arr\u00eat\u00e9 n\u00b0 2021-1287 de la pr\u00e9f\u00e8te et du pr\u00e9sident du conseil d\u00e9partemental du25 juin 2021 portant modification d'autorisation du Service d'Action Educative enMilieu Ouvert \u00e0 Verdun, g\u00e9r\u00e9 par l'Association Meusienne pour la Sauvegarde del'Enfance, de l'Adolescence et des Adultes (AMSEAA) :VU l'arr\u00eat\u00e9 n\u00b0 2021-1720 de la pr\u00e9f\u00e8te de la Meuse du 5 juillet 2021 portantrenouvellement d'habilitation justice du Service d'Action Educative en Milieu Ouvert\u00e0 Verdun, g\u00e9r\u00e9 par l'Association Meusienne pour la Sauvegarde de l'Enfance, del'Adolescence et des Adultes (AMSEAA) ;VU la d\u00e9lib\u00e9ration du Conseil d\u00e9partemental de la Meuse en date du 27/03/2025 fixantl'objectif annuel d'\u00e9volution des d\u00e9penses concernant la tarification desEtablissements et Services Sociaux et M\u00e9dico-Sociaux :VU les propositions budg\u00e9taires pr\u00e9sent\u00e9es par l'\u00e9tablissement sollicitant un prix dejourn\u00e9e h\u00e9bergement 2025 \u00e0 11,89 \u20ac:VU le courrier de l'autorit\u00e9 de tarification de la proc\u00e9dure contradictoire du 06 juin 2025et la r\u00e9ponse apport\u00e9e par l'\u00e9tablissement :VU la convention de versement d'une dotation globalis\u00e9e d\u00e9partementale du 2 mars2023.SUR proposition du Directeur G\u00e9n\u00e9ral des Services D\u00e9partementaux et du DirecteurTerritorial de la Protection Judiciaire de la Jeunesse Meurthe et Moselle, Meuse etVosges\n\nARTICLE 1: ARRETENTPour l'exercice budg\u00e9taire 2025, les recettes et les _d\u00e9pensespr\u00e9visionnelles de l'\u00e9tablissement Action d'Education en Milieu Ouvertsont autoris\u00e9es comme suit :\nD\u00e9penses\nDr AK Ma NT NEAS a 2Groupe I D\u00e9penses aff\u00e9rentes \u00e0 l'exploitation courant 7051629Groupe D\u00e9penses aff\u00e9rentes au personnel 1 400 915,06Groupe Ii D\u00e9penses aff\u00e9rentes \u00e0 la structure 200 838,27| RETRO  aaIN\nRecettesGroupe | Produits de la tarification 1 641 205,13Groupe Il Produits relatifs \u00e0 l'exploitationGroupe Ill Produits financiers et produits non encaissables\nARTICLE 2:\nARTICLE 3 :\nARTICLE 4 :\nLes tarifs pr\u00e9cis\u00e9s \u00e0 l'article 3 sont calcul\u00e9s en inf\u00e9grant les r\u00e9sultatssuivants : ;Reprise d'exc\u00e9dent 33 064,49Reprise de d\u00e9ficit -2 000\nLa participation du D\u00e9partement au fonctionnement du Service AEMOde l'AMSEAA est fix\u00e9e \u00e0 1 494 645,51 \u20ac pour 2025.Cette dotation sera vers\u00e9e mensuellement \u00e0 terme \u00e0 \u00e9choir, \u00e0l'\u00e9tablissement par fractions forfaitaires \u00e9gales au douzi\u00e8me de sonmontant. .Conform\u00e9ment \u00e0 l'art. 3 de la convention du 2/3/2023, une r\u00e9gularisationsera faite sur l'activit\u00e9 \u00ab meusienne \u00bb r\u00e9ellement constat\u00e9e pour 2025.Le prix de joum\u00e9e applicable \u00e0 compter du le juillet 2025 \u00e0 l'Actiond'Education en Milieu Ouvert (AEMO) s'\u00e9tablit \u00e0 11,31 \u20ac, pour les nonMeusiens.\nDans l'attente de la tarification 2026, le montant de la dotation globale,pour 2025, sera \u00e9gale au douzi\u00e8me de celle calcul\u00e9e pour l'ann\u00e9e 2025,\u00e0 savoir 124 553,79 \u20ac A compter du le janvier 2026, en application duL314-7 du CASF, le prix de joum\u00e9e applicable pour les non meusienss'\u00e9l\u00e8vera \u00e0 titre transitoire \u00e0 11,31 \u20ac.\nLes recours dirig\u00e9s contre le pr\u00e9sent arr\u00eat\u00e9 doivent \u00eatre port\u00e9s devant leTribunal Administratif de Nancy - 5, place Carri\u00e8re 54000 NANCY, dans led\u00e9lai d'un mois \u00e0 compter de sa publication ou, pour les personnesauxquelles il est notifi\u00e9, \u00e0 compter de sa notification. Les recours peuvent\u00e9galement \u00eatre faits par voie \u00e9lectronique au Tribunal Administratif \u00e0partir de l'application intemet d\u00e9nomm\u00e9e \u00ab T\u00e9l\u00e9recours citoyens \u00bbaccessible par le site de t\u00e9l\u00e9proc\u00e9dures : http://wwwielerecoursfr/\n\nARTICLE 5: Messieurs le Directeur G\u00e9n\u00e9ral des Services du D\u00e9partement, le DirecteurTerritorial de la Protection Judiciaire de la Jeunesse Meurthe et Moselle,Meuse et Vosges et le Directeur de l'\u00e9tablissement sont charg\u00e9s, chacunen ce qui le conceme, de l'ex\u00e9cution du pr\u00e9sent arr\u00eat\u00e9, qui sera affich\u00e9\u00e0 la Pr\u00e9fecture et publi\u00e9 aux Recueils des Actes Administratifs de laPr\u00e9fecture et du D\u00e9partement de la Meuse.\nFait \u00e0 Bar le Duc, le a MA Zoo >Le Pr\u00e9fet, Pour le Pr\u00e9sident du Conseil d\u00e9partemental\n= an\nXavier DELARUE G\u00e9rard ABBASVice-Pr\u00e9sident du Conseil d\u00e9partemental\nTransmis au contr\u00f4le de l\u00e9galit\u00e9 le : datementionn\u00e9e dons le courriel d'accus\u00e9 r\u00e9ceptionPr\u00e9fectureNotifi\u00e9 por voie \u00e9lectronique le : date d'accus\u00e9r\u00e9ception du courriel de notification\n\nPREFETDE LA MEUSEfot 34 meuseRy ===\nLE PREFET DE LA MEUSE P\u00d4LE VIE FAMILIALE ET SOCIALESERVICE ETABLISSEMENTS ET SERVICESSOCIAUX ET MEDICO-SOCIAUX\nARRETE RELATIF A LA TARIFICATION 2025APPLICABLE AL'Association Meusienne pour la Sauvegarde de l'Enfance,de l'Adolescence et des Adultes(AMSEAA}pour les Maisons d'Enfants \u00e0 Caract\u00e8re Social pour les 14 \u2014 18 ans(AMSEAA - MECS)\nLe PREFET DE LA MEUSE LE PRESIDENT DU CONSEILChevalier de l'ordre national du M\u00e9rite DEPARTEMENTAL DE LA MEUSEChevalier de la L\u00e9gion d'honneurVU le Code de l'action sociale et des familles :VU le Code Civil, notamment les articles 375 \u00e0 375-8 concemant l'assistance \u00e9ducative :VU le Code de la Justice P\u00e9nale des Mineurs :VU la loi n\u00b0 82-213 du 2 mars 1982 relative aux droits et libert\u00e9s des communes, desd\u00e9partements et des r\u00e9gions :VU la loi n\u00b0 83-8 du 7 janvier 1983 relative \u00e0 la r\u00e9partition des comp\u00e9tences entre lescommunes, les d\u00e9partements, les r\u00e9gions et l'Etat :VU la loi n\u00b083-663 du 22 juillet 1983 compl\u00e9tant la loi n\u00b083-8 du 7 janvier pr\u00e9cit\u00e9e :VU la loi 86-17 du 6 janvier 1986 adaptant la l\u00e9gislation sanitaire et sociale aux transfertsde comp\u00e9tences en mati\u00e8re d'aide sociale et de sant\u00e9, modifiant la loi n\u00b0 75-535relative aux institutions sociales et m\u00e9dico-sociales :VU la loi n\u00b0 2002-2 du 2 janvier 2002 r\u00e9novant l'action sociale et m\u00e9dico-sociale ;VU Ia loi n\u00b0 2004-809 du 13 ao\u00fbt 2004 relative aux libert\u00e9s et responsabilit\u00e9s locales :VU le d\u00e9cret 83-1067 du 8 d\u00e9cembre 1983 relatif aux transferts de comp\u00e9tences enmati\u00e9re d'action sociale et de sant\u00e9. |VU le d\u00e9cret n\u00b0 2006-422 du 7 avril 2006 relatif \u00e0 le gestion budg\u00e9taire, comptable etfinanci\u00e8re, et aux modalit\u00e9s de financement et de tarification des \u00e9tablissementset services sociaux et m\u00e9dico-sociaux et des lieux de vie et d'accueil, et modifiantle code de l'action sociale et des familles (partie r\u00e9glementaire) :\n\nVU\nVU\nVU\nVU\nVU\nVU\nVU\nVU\nVU\nVU\nVU\nle d\u00e9cret du 15 f\u00e9vrier 2023 du Pr\u00e9sident de la R\u00e9publique nommant M. XavierDELARUE pr\u00e9fet de la Meuse :l'or\u00eat\u00e9 du Ministre de la justice en date du 19 d\u00e9cembre 2003 relatif aux modes detarification applicables aux prestations d'action \u00e9ducative d\u00e9livr\u00e9es par les\u00e9tablissements et services concourant \u00e0 la protection judiciaire de la jeunesse etsous comp\u00e9tence tarifaire conjointe du. repr\u00e9sentant de l'\u00c9tat dans led\u00e9partement et du pr\u00e9sident du conseil d\u00e9partemental :l'arr\u00eat\u00e9 n\u00b0 2000-616 du pr\u00e9fet et du pr\u00e9sident du conseil d\u00e9partemental de la Meusedu 7 avril 2000 portant autorisation de cr\u00e9ation d'une Maison d'Enfants \u00e0Caract\u00e8re Social (MECS) sur 3 sites, Verdun, Bar-le-Duc et Commercy, g\u00e9r\u00e9e parl'Association Meusienne pour la Sauvegarde de l'Enfance, de l''Adolescence etdes Adultes (AMSEAA] :l'arr\u00eat\u00e9 n\u00b0 2019-1869 du pr\u00e9fet et du pr\u00e9sident du conseil d\u00e9partemental d\u00e9 laMeuse du 25 juillet 2019 portant transfert et extension de capacit\u00e9 des MECS,g\u00e9r\u00e9es par l'Association Meusienne pour la Sauvegarde de l'Enfance, del'Adolescence et des Adultes (AMSEAA) ;l'arr\u00eat\u00e9 n\u00b0 2021-437 de la pr\u00e9f\u00e8te et du pr\u00e9sident du conseil d\u00e9partemental de laMeuse du 8 mars 2021 portant modification d'autorisation des MECS de l'AMSEAAde Verdun, Bar-le-Duc er Commercy, g\u00e9r\u00e9es par l'Association Meusienne pour laSauvegarde de l'Enfance, de l'Adolescence et des Adultes (AMSEAA) :l'arr\u00eat\u00e9 n\u00b0 2022-2073 de la pr\u00e9f\u00e8te du 5 octobre 2022 portant modification del'habilitation justice des Maisons d'Enfants \u00e0 Caract\u00e8re Social (MECS) \u00e0 Verdun,Bar-le-Duc et Commercy, g\u00e9r\u00e9es par l'Association Meusienne pour ia Sauvegardede l'Enfance, de l'Adolescence et des Adultes (AMSEAA) :la d\u00e9lib\u00e9ration du Conseil d\u00e9partemental de la Meuse en date du 27/03/2025fixant l'objectif annuel d'\u00e9volution des d\u00e9penses concernant la tarification desEtablissements et Services Sociaux et M\u00e9dico-Sociaux :les propositions budg\u00e9taires pr\u00e9sent\u00e9es par l'\u00e9tablissement sollicitant un prix dejourn\u00e9e h\u00e9bergement 2025 \u00e0 218,29 \u20ac;le courrier de l'autorit\u00e9 de tarification de la proc\u00e9dure contradictoire du 06 juin2025 et la r\u00e9ponse apport\u00e9e par l'\u00e9tablissement ;les subventions d'investissement allou\u00e9es par le D\u00e9partement, lors de iacommission permanente du 19/10/17 d'un montant de 5 647,74 \u20ac en vue definancer des \u00e9tudes de travaux et lors de la commission permanente du 31/05/18d'un montant de 216 730.90 \u20ac en vue de financer les travaux du FEJM ;l'arr\u00eat\u00e9 n\u00b0 2025-619 du Pr\u00e9fet et du Pr\u00e9sident du conseil d\u00e9partemental de la Meusedu 14 avril 2025 portant modification de l'autorisation du \u00ab Dispositif MECS del'AMSEAA \u00bb \u00e0 Verdun, Bar-le-Duc et Commercy., g\u00e9r\u00e9 par l'Association Meusiennepour la Sauvegarde de l'Enfance, de l'Adolescence et des Adultes (AMSEAA),passant la capacit\u00e9 totale de la MECS M\u00e9diation de 12 \u00e0 8 places autoris\u00e9es :SUR proposition du Directeur G\u00e9n\u00e9ral des Services D\u00e9partementaux et du DirecteurTerritorial de la Protection Judiciaire de la Jeunesse Meurihe et Moselle, Meuse etVosges.\n\nARRETENTARTICLE 1: Pour l'exercice budg\u00e9taire 2025, les recettes et les d\u00e9pensespr\u00e9visionnelles de l'\u00e9tablissement Maison d'Enfants \u00e0 Caract\u00e8re Socialsont autoris\u00e9es comme suit :\nD\u00e9penses Groupe | D\u00e9penses aff\u00e9rentes \u00e0 l'exploitation courante 899 938,32se Groupe Il D\u00e9penses aff\u00e9rentes au personnel 4 902 167,22Groupe Ii! D\u00e9penses aff\u00e9rentes a la structure 1 196 842,36Total 6 998 947,90Groupe | Produits de la tarification 6 975 226,90Recettes |Groupe Il Produits relatifs \u00e0 l'exploitationGroupe til Produits financiers et produits non encaissables 23 721,00Total 6 998.947,90\nARTICLE 2: Les tarifs pr\u00e9cis\u00e9s \u00e0 l'article 3 sont calcul\u00e9s en int\u00e9grant les r\u00e9sultatssuivants :\nReprise d'exc\u00e9dent N\u00e9antReprise de d\u00e9ficit N\u00e9ant _\nARTICLE 3: La participation du D\u00e9partement au fonctionnement des MECS del'AMSEAA est fix\u00e9e \u00e0 6 274 590,00 \u20ac pour 2025.Cette dotation sera vers\u00e9e mensuellement \u00e0 terme \u00e0 \u00e9choir, \u00e0l'\u00e9tablissement par fractions forfaitaires \u00e9gales au douzi\u00e8me de sonmontant.\nConform\u00e9ment \u00e0 l'art. 3 de la convention du 2/3/2023, une r\u00e9gularisationsera faite sur l'activit\u00e9 \u00ab meusienne \u00bb r\u00e9ellement constat\u00e9e pour 2025.Les prix de journ\u00e9es applicables \u00e0 compter du 1er juillet 2025 aux Maisonsd'Enfants \u00e0 Caract\u00e8re Social {MECS) de l'AMSEAA pour les non Meusienssont fix\u00e9s comme suit :\nA compter du 1er juillet 2025 |D2A 107,19 \u20ac/jA compter du 1er juillet 2025 |MECS Voltaire-Breuil-FEJM 224,44 \u20acjjA compter du 1er juillet 2025 |MECS M\u00e9diation 397,82 \u20ac/j\nARTICLE 4: Dans l'attente de la tarification 2026, le montant de la dotation globale,pour 2025, sera \u00e9gale au douzi\u00e8me de celle calcul\u00e9e pour l'ann\u00e9e 2025,\u00e0 savoir 522 882,50 \u20ac A compter du ler janvier 2026, en application duL314-7 du CASF, les prix de journ\u00e9es applicables pour les non meusienss'\u00e9l\u00e8veront \u00e0 titre transitoire \u00e0 :\n\nARTICLE 5:\nARTICLE 6 :\nD2A 105,90 \u20ac/jMECS Voltaire-Breuil-FEJM 220,68 \u20ac/jMECS M\u00e9diation \u2014 | 388,14 @j\nLes recours dirig\u00e9s contre le pr\u00e9sent arr\u00eat\u00e9 doivent \u00e9tre port\u00e9s devant leTibunal Administratif de Nancy - 5, place Carri\u00e8re 54000 NANCY, dans led\u00e9lai d'un mois \u00e0 compter de sa publication ou. pour les personnesauxquelles il est notifi\u00e9, \u00e0 compter de sa notification. Les recours peuvent\u00e9galement \u00eatre faits par voie \u00e9lectronique au Tribunal Administratif \u00e0'partir de l'application internet d\u00e9nomm\u00e9e \u00ab T\u00e9l\u00e9recours citoyens \u00bbaccessible par le site de t\u00e9l\u00e9proc\u00e9dures : htin://www.telerecours.fr/\nMessieurs le Directeur G\u00e9n\u00e9ral des Services du D\u00e9partement, le DirecteurTerritorial de la Protection Judiciaire de la Jeunesse Meurthe et Moselle,Meuse et Vosges et le Directeur de l'\u00e9tablissement sont charg\u00e9s, chacunen ce qui le concerne, de l'ex\u00e9cution du pr\u00e9sent arr\u00eat\u00e9, qui sera affich\u00e9\u00e0 la Pr\u00e9fecture et publi\u00e9 aux Recueils des Actes Administratifs de laPr\u00e9fecture et du D\u00e9partement de la Meuse.\n\nFait \u00e0 Barle Duc, le 2.5 youll rs\nLe Pr\u00e9fet, Pour le Pr\u00e9sident du Conseil d\u00e9partementalet par d\u00e9l\u00e9gation,\nDELARUE G\u00e9rard ABBAS: Vice-Pr\u00e9sident du Conseil d\u00e9partementol\nTronsmis au contr\u00f4le de l\u00e9galit\u00e9 le : dotementionn\u00e9e dans le courriel d'accus\u00e9 r\u00e9ceptionPr\u00e9fectureNo\u00effifi\u00e9 par voie \u00e9lectronique le : date d'accus\u00e9r\u00e9ception  du courriel de notification\n\nPREFET |DE LA MEUSE LE DEPARTEMENTLibert\u00e9 meuseEgalit\u00e9 .Fraternit\u00e9\nLE PREFET DE LA MEUSE P\u00d4LE VIE FAMILIALE ET SOCIALESERVICE ETABLISSEMENTS ET SERVICESSOCIAUX ET MEDICO-SOCIAUX _Avis d'appel \u00e0 projet pour la cr\u00e9ation d'un dispositifd'Accompagnement Educatif \u00e0 Domicile (AED) et ActionsEducatives en Milieu Ouvert Renforc\u00e9es avec H\u00e9bergement(AEMO-R-H)Cl\u00f4ture de l'appel \u00e0 projet :Annexe 1 : cahier des chargesAnnexe 2: Crit\u00e8res de s\u00e9lection et de notation1 Qualit\u00e9 et adresse des autorit\u00e9s comp\u00e9tentes pour d\u00e9livrer l'autorisationD\u00e9partement de la MeuseDirection Enfance FamilleBP 50 514 - Place Pierre-Fran\u00e7ois GOSSIN55012 BAR-LE-DUC - CedexMonsieur le pr\u00e9fet de MeusePr\u00e9fecture de la Meuse40 rue du Bourg550000 BAR LE DUC2 Contenu du projet et objectifs poursuivisLe pr\u00e9sent appel \u00e0 projet s'inscrit dans le cadre du code de l'action sociale et des familles (CASF)et s'adresse aux \u00e9tablissements relevant du | 1\u00b0de l'article L312-1. Il a pour objet la cr\u00e9ation d'undispositif permettant l'accompagnement, au sein de leur domicile, de 80 mineurs, sur l'ensembledu territoire meusien, r\u00e9parti en 4 secteurs g\u00e9ographiques, soit 20 mesures par secteur.Une mesure correspond \u00e0 un enfant.3 Cadre juridique de l'appel \u00e0 projetsConcernant la proc\u00e9dure d'appel \u00e0 projet :Articles L313-1-1, L313-4 et R313-1 \u00e0 R313-7-8 du code de l'action sociale et des familles,Loi n\u00b0 2002-2 du 02 janvier 2002 r\u00e9novant l'action sociale et m\u00e9dico-sociale,Loi n\u00b0 2009-879 du 21 juillet 2009 modifi\u00e9e portant r\u00e9forme de l'h\u00f4pital et relative auxpatients, \u00e0 la sant\u00e9 et aux territoires (HPST),Loi n\u00b0 2019-774 du 24 juillet 2019 relative \u00e0 l'organisation et \u00e0 la transformation du syst\u00e8mede sant\u00e9D\u00e9cret n\u00b0 2010-870 du 26 juillet 2010 relatif \u00e0 la proc\u00e9dure d'appel \u00e0 projet et d'autorisationmentionn\u00e9e \u00e0 l'article L313-1-1 du code de l'action sociale et des familles,D\u00e9cret n\u00b0 2014-565 du 30 mai 2014 modifiant la proc\u00e9dure d'appel \u00e0 projet et d'autorisationmentionn\u00e9e \u00e0 l'article L.313-1-1 du code de l'action sociale et des familles,_ D\u00e9cret n\u00b0 2016-801 du 15 juin 2016 modifiant la proc\u00e9dure d'appel \u00e0 projet et d'autorisation.mentionn\u00e9e \u00e0 l'article L. 313-1-1 du code de l'action sociale et des familles\nPage 1 sur 12\n\n- D\u00e9cret n\u00b0 2020-147 du 21 f\u00e9vrier 2020 relatif \u00e0 la proc\u00e9dure d'appel \u00e0 projet et d'autorisationmentionn\u00e9e \u00e0 l'article L. 313-1-1 du code de l'action sociale et des familles- D\u00e9cret n\u00b0 2019-854 du 20 ao\u00fbt 2019 portant diverses mesures de simplification dans lesdomaines de la sant\u00e9 et des affaires sociales- Arr\u00e9t\u00e9 du 30 ao\u00fbt 2010 relatif au contenu minimal de l'\u00e9tat descriptif des principalescaract\u00e9ristiques du projet d\u00e9pos\u00e9 dans le cadre de la proc\u00e9dure de l'appel \u00e0 projetmentionn\u00e9e \u00e0 l'article L. 313-1-1 du code de l'action sociale et des familles.- Concernant l'objet du service \u00e0 cr\u00e9er, il s'inscrit dans le cadre :- De l'article L311-1 2\u00b0 du code de l'action sociale et des familles (CASF) concernant laprotection administrative ou judiciaire de l'enfance, la famille et la jeunesse- Des articles L226-1 et suivants du CASF concernant la protection des mineurs en danger,- Des articles 375 et suivants du code civil relatifs \u00e0 l'assistance \u00e9ducative._- Concernant l'autorisation, l'habilitation et le financement, il s'inscrit dans le cadre :- De l'article L228-3 du CASF relatif \u00e0 la prise en charge financi\u00e8re des d\u00e9penses d'entretien,d'\u00e9ducation et de conduite des mineurs confi\u00e9s,- : Des articles L313-1 et suivants du CASF relatif \u00e0 l'autorisation,- Du d\u00e9cret n\u00b0 88-949 du 6 octobre 1988 modifi\u00e9 relatif \u00e0 l'habilitation des personnes.physiques, \u00e9tablissements services ou organismes publics ou priv\u00e9s auxquels l'autorit\u00e9judiciaire confie habituellement des mesures ou l'ex\u00e9cution des mesures les concernant.4 Cahier des chargesLe cahier des charges est annex\u00e9 au pr\u00e9sent avis. ll pourra \u00e9galement \u00eatre t\u00e9l\u00e9charg\u00e9 sur- le site internet du Conseil D\u00e9partemental de la Meuse (http://www.meuse. fr)- et surle site internet de la Pr\u00e9fecture de la Meuse. (http://www.meuse.gouv.fr)\u00e0 compter du jour de la publication du pr\u00e9sent avis d'appel \u00e0 projetLes projets devront r\u00e9pondre imp\u00e9rativement au cahier des charges conform\u00e9ment \u00e0 l'article L.313-4 du code de l'action sociale et des familles.5 Modalit\u00e9s d'instruction des projetsLes projets seront analys\u00e9s par des instructeurs d\u00e9sign\u00e9s par le Pr\u00e9sident du conseil d\u00e9partementalde Meuse et par le Pr\u00e9fet de la Meuse.Les dossiers parvenus ou d\u00e9pos\u00e9s apr\u00e8s la date limite de d\u00e9p\u00f4t des dossiers ne seront pasrecevables.La v\u00e9rification des dossiers re\u00e7us dans la p\u00e9riode de d\u00e9p\u00f4t se fait selon deux \u00e9tapes :- v\u00e9rification de la r\u00e9gularit\u00e9 administrative et de la compl\u00e9tude du dossier conform\u00e9ment \u00e0l'article R.313-5-1-1e' alin\u00e9a du CASF ; le cas \u00e9ch\u00e9ant il peut \u00eatre demand\u00e9 aux candidatsde compl\u00e9ter le dossier de candidature pour les informations administratives pr\u00e9vues \u00e0l'article R.313-4-3-1\u00b0 du CASF dans un d\u00e9lai de 15 jours.- les dossiers re\u00e7us complets \u00e0 la date de cl\u00f4ture de la p\u00e9riode de d\u00e9p\u00f4t et ceux qui auront\u00e9t\u00e9 compl\u00e9t\u00e9s dans le d\u00e9lai indiqu\u00e9 ci-dessus seront analys\u00e9s sur le fond du projet enfonction des crit\u00e8res de s\u00e9lection et de notation des projets dont la liste est jointe en annexe2 du pr\u00e9sent avis.Les projets seront examin\u00e9s et class\u00e9s par une Commission d'information et de s\u00e9lection d'appel \u00e0projet. \u00a9Les instructeurs \u00e9tabliront un compte rendu d'instruction motiv\u00e9 sur chacun des projets qu'ilspr\u00e9senteront \u00e0 la Commission de s\u00e9lection d'appel \u00e0 projet. Sur la demande des co-Pr\u00e9sidents de\nPage 2 sur 12\n\nla Commission, les instructeurs pourront proposer un classement des projets selon les crit\u00e8res des\u00e9lection pr\u00e9vus pour l'appel \u00e0 projet.Le candidat (ou porteur du projet) ou son repr\u00e9sentant est (sont) entendu (s) par la commissiond'information et de s\u00e9lection d'appel \u00e0 projet, sauf si son projet a \u00e9t\u00e9 refus\u00e9 au pr\u00e9alable (articlesR313-2-4 et R 313-6-3\u00b0 du CASF).L'audition du porteur de projet est de droit.Le candidat est inform\u00e9 de son audition quinze jours avant la r\u00e9union de la commissiond'information et de s\u00e9lection d'appel \u00e0 projet selon un horaire et un temps de pr\u00e9sentation limit\u00e9set d\u00e9finis dans la convocation.Le candidat ne peut pas apporter de modifications substantielles \u00e0 son projet le jour de l'audition.ll sera amen\u00e9 \u00e0 r\u00e9pondre oralement \u00e0 toutes les questions des membres de la commission, sansaucun support compl\u00e9mentaire.L'arr\u00eat\u00e9 conjoint d'autorisation du Pr\u00e9sident du Conseil d\u00e9partemental et du Pr\u00e9fet de la Meusesera publi\u00e9 et notifi\u00e9 au candidat retenu par lettre recommand\u00e9e avec avis de r\u00e9ception et seranotifi\u00e9-par simple lettre aux autres candidats.En application de l'article R.313-6 du CASF, les d\u00e9cisions de refus pr\u00e9alable de projets serontnotifi\u00e9es dans un d\u00e9lai de huit jours suivant la r\u00e9union de la Commission. Elles concernent les dossiers ~d\u00e9pos\u00e9s hors d\u00e9lai, les dossiers ne respectant pas les conditions de r\u00e9gularit\u00e9 administrative ou lesdossiers manifestement \u00e9trangers \u00e0 l'objet de l'appel \u00e0 projet.6 Modalit\u00e9s de transmission du dossier du candidatChaque candidat devra adresser, en une seule fois, un dossier de candidature par courrierrecommand\u00e9 avec demande d'avis de r\u00e9ception.En application de l'arr\u00eat\u00e9 du 30 ao\u00fbt 2010 et de l'article R313-4-3 du CASF, chaque candidatsoumet, au Pr\u00e9sident du conseil d\u00e9partemental de Meuse un dossier complet. Le Pr\u00e9sident duconseil d\u00e9partemental de Meuse transmettra ce dossier au directeur territorial de la protectionjudiciaire de la jeunesse.Le dossier sera constitu\u00e9 de :- 2 exemplaires en version \u00ab papier \u00bb,- | exemplaire en version d\u00e9mat\u00e9rialis\u00e9e {cl\u00e9 USB).Le dossier de candidature (version papier et version d\u00e9mat\u00e9rialis\u00e9e) devra \u00eatre adress\u00e9 :D\u00e9partement de la MeuseDirection Enfance FamilleBP 50 514 - Place Pierre-Fran\u00e7ois GOSSIN55012 BAR-LE-DUC - CedexOu sur la messagerie : tarif-essms@meuse.frLe dossier de candidature pourra \u00e9galement \u00eatre d\u00e9pos\u00e9 en main propre, contre r\u00e9c\u00e9piss\u00e9, auD\u00e9partement, les jours ouvr\u00e9s de 9h \u00e0 12h et de 14h \u00e0 16h.Qu'ils soient envoy\u00e9s ou d\u00e9pos\u00e9s, le dossier de candidature sera dans une enveloppe cachet\u00e9eportant la mention \u00ab NE PAS OUVRIR \u00bb et \u00ab appel \u00e0 projet 2025 - AED AEMO-R-H \u00bb qui comprendradeux enveloppes :- une sous enveloppe portant la mention \u00abappel \u00e0 projet 2025 - AED AEMO-R-H \u2014candidature \u00bb,- une sous enveloppe portant la mention \u00ab appel \u00e0 projet 2025 \u2014 AED AEMO-R-H \u2014 projet \u00bb.La date limite de r\u00e9ception des dossiers au D\u00e9partement est fix\u00e9e au vendredi 3 octobre 2025 - 16h.\nPage 3 sur 12\n\n7 Composition du dossier :Le candidat doit soumettre un dossier complet, comprenant deux parties distinctes (candidatureet projet), conform\u00e9ment aux dispositions de l'arr\u00eat\u00e9 du 30 ao\u00fbt 2010.et de l'article R.313-4-3 selonles items suivants :\nfils]7.1 - Concernant la candidatureLes documents permettant de l'identifier, notamment un exemplaire des statuts s'il s'agit. d'Une personne morale de droit priv\u00e9 ;Une d\u00e9claration sur l'honneur certifiant qu'il n'est pas l'objet d'une condamnation devenued\u00e9finitive mentionn\u00e9e au livre Ill du Code de l'action sociale et des familles ;Une d\u00e9claration sur l'honneur certifiant qu'il n'est l'objet d'aucune des proc\u00e9duresmentionn\u00e9es aux articles L313-16, L331-5, L471-3, L474-2 ou L474-5 du code de l'actionsociale et des familles ;Une copie de la derni\u00e8re certification aux comptes s'il y est tenu en vertu du code ducommerce ;Des \u00e9l\u00e9ments descriptifs de son activit\u00e9 dans le domaine social et m\u00e9dicosocial et de lasituation financi\u00e9re de cette activit\u00e9 ou de son but social ou m\u00e9dico-social tel que r\u00e9sultantde ses statuts lorsqu'il ne dispose pas encore d'une telle activit\u00e9.La liste des r\u00e9f\u00e9rences de l'organisme en mati\u00e8re de protection de l'enfance et d'actionsociale s'il y a lieu7.2 Concernant la r\u00e9ponse au projetLe candidat devra pr\u00e9senter de fa\u00e7on distincte Un projet comportant les \u00e9l\u00e9ments et pi\u00e8cesjustificatives ci-dessous.Tout document permettant de d\u00e9crire de mani\u00e8re compl\u00e8te le projet en r\u00e9ponse aux besoinsd\u00e9crits par le cahier des charges.Un \u00e9tat descriptif des principales caract\u00e9ristiques auxquelles le projet doit satisfaire conform\u00e9ment\u00e0 l'arr\u00eat\u00e9 du 30 ao\u00fbt 2010 ci-dessus mentionn\u00e9, \u00e0 savoir :EE A Un dossier relatif aux d\u00e9marches et proc\u00e9dures propres \u00e0 garantir la qualit\u00e9 de la prise encharge comprenant :7.2.1.1 Un avant-projet de service mentionn\u00e9 \u00e0 l'article L311-8 du CASF7.2.1.2 l'\u00e9nonc\u00e9 des dispositions propres \u00e0 garantir les droits des usagers en application desarticles L311-3 \u00e0 L311-8 CASF ainsi que l'ensemble des documents relatifs aux droitsdes usagers et la place de la famille dans le projet d'intervention7.2.1.3 Le projet p\u00e9dagogique pr\u00e9sentant d'une part \"les suivis individuels et les projetsd'actions collectives, ainsi qu'une journ\u00e9e type et Un exemple d'organisation sur lasemaine et le mois, avec un descriptif des temps forts, des temps de r\u00e9f\u00e9rence etde la mobilisation des personnels ; |7.2.1.4 l'insertion territoriale du service d'action \u00e9ducative en milieu ouvert et les relationsavec les dispositifs de droits communs du territoire,7.2.1.5 Le partenariat local organis\u00e9 avec les \u00e9quipes de professionnels des territoiresd'action sociale du D\u00e9partement si celui-ci est d\u00e9j\u00e0 effectif, ou les conditions de samise en \u0153uvre si cela n'est pas encore formalis\u00e9.7.2.1.6 Le cadre de l'accompagnement, \u00e0 savoir, nombre d'interventions pr\u00e9vues,adaptation \u00e9ventuelle de celui-ci en fonction des probl\u00e9matiques, les| d\u00e9placements, la tra\u00e7abilit\u00e9 des visites, etc. ;7.2.1.7 Les outils et r\u00e9f\u00e9rentiels sur lesquels le candidat souhaite s'appuyer ;7.2.1.8 La m\u00e9thode d'\u00e9valuation pr\u00e9vue pour l'application du premier alin\u00e9a de {l'article L.312-8 ou le r\u00e9sultat des \u00e9valuations faites en application du m\u00eame article dans le\nPage 4 sur 12\n\n722\n723\n7.2.4\n7:29\ncas d'une extension ou d'une transformation ay \u00e0 l'article 1 1\u00b0 de l'arr\u00eat\u00e9 du30/08/2010)Un dossier relatif aux personnels comprenant :12.2.)72227.2497.2.2.472:2512,2670227\nUne r\u00e9partition pr\u00e9visionnelle des effectifs par type de qualification et d'emploisLes recrutements envisag\u00e9s en termes de comp\u00e9tence et d'exp\u00e9rienceprofessionnelle ;Le ratio temps d'intervention directe/temps de travail total, ainsi que le rapporttemps de travail/dur\u00e9e l\u00e9gale du travail(1607 h par an) ;Un plan de d\u00e9veloppement des comp\u00e9tences;L'organigramme envisag\u00e9 et les projets de fiche de posteUn planning type envisag\u00e9 sur une semaine ;Les \u00e9ventuels intervenants ext\u00e9rieurs ; (cela n'\u00e9tait pas mentionn\u00e9 comme un sousarticle dans la version transmise)Un dossier financier comprenant outre le bilan financier du projet et le plan de financementde l'op\u00e9ration, mentionn\u00e9s au 29 de l'article R313-4-3 2\u00b0 du m\u00eame code :7.2317.2.3.272837.2.3.4\n1.233855\n7.2.3:6\n7.231\nLes comptes annuels N-l et N-2 consolid\u00e9s de Oe  gestionnaire lorsqu'ils sontobligatoires ;Le programme d'investissement \u00e9ventuel bracuant la nature des op\u00e9rations, leursco\u00fbts, leurs modes de financement et un planning de r\u00e9alisation ;En cas d'extension ou de transformation d'un \u00e9tablissement existant, le bilancomptable de cet \u00e9tablissement ou service ;Le budget pr\u00e9visionnel en ann\u00e9e pleine de l'\u00e9tablissement ou du service pour sapremi\u00e8re ann\u00e9e de fonctionnement, ainsi qu'une m\u00e9thodologie de construction dubudget ;La mention le cas \u00e9ch\u00e9ant de l'existence d'un si\u00e8ge social et pr\u00e9cision de la naturedes missions que celui-ci accomplit au b\u00e9n\u00e9fice du candidat avec indication desfrais aff\u00e9rents ;Dans le cas o\u00f9 plusieurs personnes Es. ou morales gestionnaires s'associentpour proposer un projet, un \u00e9tat descriptif des modalit\u00e9s de coop\u00e9ration envisag\u00e9esLes projets annexes (financier et organisationnel) pour les prises en chargecompl\u00e9mentaires et/ou innovantes ;Un calendrier de r\u00e9alisation pr\u00e9visionnelle pr\u00e9voyant le phasage de mise en \u0153uvre etd'ouverture des dispositifs ;Un dossier pr\u00e9sentant le lieu d'implantation et le plan des locaux propos\u00e9s dans le cadre dece projet. ;Afin de faciliter l'\u00e9tude des documents, il est demand\u00e9 candidat de pr\u00e9senter leur dossier en suivantla pr\u00e9sentation et la num\u00e9rotation expos\u00e9es ci-dessus.8 Publication et modalit\u00e9s de consultation de l'avis d'appel \u00e0 projetLe pr\u00e9sent avis d'appel \u00e0 projet est publi\u00e9 au recueil des actes administratifs du D\u00e9partement dela Meuse et de la Pr\u00e9fecture de la Meuse.Cet avis (avec l'ensemble des documents qui le composent) est consultable et t\u00e9l\u00e9chargeable surle site internet du conseil d\u00e9partemental de la Meuse (htip://www.meuse.fr} et de la pr\u00e9fecture(http://www.meuse.gouv.frLa date de publication sur le site internet vaut ouverture de la p\u00e9riode de d\u00e9p\u00f4t des dossiers jusqu'\u00e0la date de cl\u00f4ture fix\u00e9e le vendredi 3 octobre 2025 \u00e0 16h00 {r\u00e9c\u00e9piss\u00e9 de d\u00e9p\u00f4t faisant foi).\nPage 5 sur 12\n\n9 Pr\u00e9cisions compl\u00e9mentairesDes pr\u00e9cisions compl\u00e9mentaires pourront \u00eatre sollicit\u00e9es jusqu'au vendredi 19 septembre 2025exclusivement par messagerie \u00e9lectronique aux adresses suivantes :ASE-Pilotage@meuse.fr ; tarif-essms@meuse.fr et dtpjj-nancy@justice.frLes candidats mentionneront dans l'objet du courriel, la r\u00e9f\u00e9rence de l'appel \u00e0 projet \u00ab appel \u00e0projet 2025 \u2014 AED AEMO-R-H \u00bb.Le D\u00e9partement et la Pr\u00e9fecture de la Meuse pourront communiquer les r\u00e9ponses \u00e0 caract\u00e8reg\u00e9n\u00e9ral \u00e0 l'ensemble des candidats, dans un souci de respect des principes d'\u00e9quit\u00e9 entre lescandidats et de transparence.10 Calendrier pr\u00e9visionnelPublication de l'appel \u00e0 projet28 juillet 2025Date limite de r\u00e9ception ou de d\u00e9p\u00f4t desdossiers 3 octobre 2025Etude des candidatures, incluant la r\u00e9union dela commission d'information et de s\u00e9lectiond'appel \u00e0 projets social et m\u00e9dico-socialEntre le 6 octobre et 5 d\u00e9cembre 2025Envoi des r\u00e9ponses aux candidats et d\u00e9but del'autorisation du/des service(s)la pr\u00e9paration des d\u00e9marches n\u00e9cessaires \u00e0 |mi-d\u00e9cembre 2025Ouverture pr\u00e9visionnelle du serviceJanvier 2026\nLes dates mentionn\u00e9es ci-dessous sont pr\u00e9visionnelles et susceptibles de modification.\nXavier DELARUELe Pr\u00e9fet de la Meuse\nPage 6 sur 12\n\nAnnexe 1 : Cahier des charges\nAvis d'appel \u00e0 projet pour la cr\u00e9ation d'un dispositif d'AED et AEMO renforc\u00e9es avech\u00e9bergement\nPREAMBULEPar Un arr\u00eat du 02 octobre 2024, la Cour de cassation a signifi\u00e9 que le placement \u00e0 domicile, enaccordant un droit d'h\u00e9berger un mineur \u00e0 temps complet \u00e0 ses parents, \u00e9tait contraire auxdispositions du Code civil (article 375 et suivants).La Cour de cassation a donc signifi\u00e9 l'interdiction du placement \u00e0 domicile, confirmant ainsi un 1eravis rendu en f\u00e9vrier 2024. :Cet arr\u00eat vient remettre en cause l'ensemble des dispositifs de placement \u00e0 domicile de tous lesd\u00e9partements fran\u00e7ais. N\u00e9anmoins, il est d\u00e9montr\u00e9 l'int\u00e9r\u00eat de mesures intensives visant \u00e0 soutenirla parentalit\u00e9 et \u00e0 permettre le maintien du mineur \u00e0 domicile, le placement \u00e0 l'Aide Sociale \u00e0l'Enfance devant rester la derni\u00e8re solution \u00e0 envisager pour un mineur. Ce principe a notamment\u00e9t\u00e9 renforc\u00e9 dans la derni\u00e8re loi de protection de l'enfance, dite Loi Taquet, en 2022, privil\u00e9giant lemaintien de l'enfant dans un environnement familial et non institutionnel.A ce jour, l'offre de mesures en milieu ouvert en Meuse est d\u00e9pourvue d'un dispositif renforc\u00e9, endehors des enfants de 0 \u00e0 6 ans qui peuvent b\u00e9n\u00e9ficier d'un plateau technique visant \u00e0 intensifierl'intervention dans le cadre des Actions Educatives \u00e0 Domicile (AED) et Action Educative en MilieuOuvert (AEMO).Par ailleurs, le D\u00e9partement de la Meuse est confront\u00e9 \u00e0 une augmentation croissante du nombred'enfants confi\u00e9s qui entraine une tension sur son offre d'h\u00e9bergement avec des accueils ensurcapacit\u00e9, notamment chez les assistants familiaux, ainsi que des non mises en \u0153uvre deplacements en raison d'une saturation des dispositifs d'accueil d 'urgence.Ces diff\u00e9rents \u00e9l\u00e9ments de contexte nous am\u00e8nent donc \u00e0 repenser l'offre d'accompagnement \u00e0domicile en proposant une modalit\u00e9 renforc\u00e9e, avec h\u00e9bergement possible, des mesures d'AED etd'AEMO.L'enjeu in fine est de d\u00e9velopper les actions de soutien \u00e0 la parentalit\u00e9, afin de tendre vers une :diminution du recours au placement institutionnel. La possibilit\u00e9 d'h\u00e9bergement offerte dans cedispositif doit permettre de penser la crise et la rupture comme un temps de la mesure,ind\u00e9pendamment d'une mesure de placement au long cours.\n1.- CADRE JURIDIQUEArt.375-2 alin\u00e9a 2 du Code Civilies> Art. L222-3 du Code de l'Action Sociale et des Familles\n2- CARACTERISTIQUES DU PROJET2-1 Population cibleLes mesures d'AED et AEMO renforc\u00e9es sont destin\u00e9es aux enfants de 3 \u00e0 17 ans r\u00e9volus.Les mesures d'AED peuvent cependant se poursuivre au-del\u00e0 de 18 ans dans la continuit\u00e9 del'action \u00e9ducative d\u00e9j\u00e0 engag\u00e9e, et jusque 21 ans.\nPage 7 sur 12\n\nElles sont orient\u00e9es par les services de l'ASE via la contractualisation d'une AED ou par les juges desenfants qui ordonnent une mesure d'AEMO.Elles visent \u00e0 prendre en charge les situations complexes qui cumulent plusieurs facteurs de fragilit\u00e9familiale, amenant \u00e0 un danger ou risque de danger pour l'enfant.Parmi les probl\u00e9matiques cibl\u00e9es, nous pouvons citer de fa\u00e7on non exhaustive :- Enfants en bas \u00e2ge avec probl\u00e9matique d'attachement- N\u00e9gligences ou carences \u00e9ducatives graves compromettant le bon d\u00e9veloppement del'enfant dans son quotidien- Parents en situation de handicap- Adolescents en situation de d\u00e9crochage scolaire ou de d\u00e9socialisation- Adolescents mettant en \u00e9chec leur placement par des fugues r\u00e9p\u00e9t\u00e9esLe caract\u00e8re intensif de la mesure n\u00e9cessitera une pleine adh\u00e9sion de la part des familles, l'essentieldes interventions se d\u00e9roulant \u00e0 leur domicile. Ainsi, naturellement, le cadre administratifd'intervention - via une AED - devra \u00eatre privil\u00e9gi\u00e9 \u00e0 toutes les \u00e9tapes, dans le respect des droits desfamilles et de leur pouvoir d'agir. Cette adh\u00e9sion devra \u00eatre recherch\u00e9e \u00e9galement dans le cadrejudiciaire.\n2-2 Objectifs attendusLes objectifs des mesures renforc\u00e9es sont les suivants :- Faire cesser la situation de danger et prot\u00e9ger l'enfant- Accompagner les familles dans leur r\u00f4le \u00e9ducatif- D\u00e9velopper le soutien parental par la mobilisation de l'environnement familial et \u00e9largi- Travailler sur les liens familiaux et la probl\u00e9matique intrafamiliale-._ Accompagner les parents dans le d\u00e9veloppement de leurs comp\u00e9tences parentales,restaurer leur place dans le sch\u00e9ma familial |- Pr\u00e9venir la d\u00e9gradation des situations, g\u00e9rer les situations de crise et limiter les ruptures enprivil\u00e9giant un temps d'accueil ponctuel \u00e0 une mesure de placement- S\u00e9curiser le retour \u00e0 domicile d'enfants actuellement confi\u00e9s \u00e0 l'ASE2-3 Capacit\u00e9 d'accueilCe dispositif devra permettre l'accompagnement, au sein de leur domicile, de 80 mineurs, surl'ensemble du territoire meusien, r\u00e9parti en 4 secteurs, soit 20 mesures par secteur. Une mesurecorrespond \u00e0 un enfant. Une fongibilit\u00e9 du nombre de mesures est possible si m\u00e9me gestionnaire.ll devra \u00eatre ouvert sur des amplitudes larges et adaptables. Les interventions pourront se d\u00e9roulerdu lundi au vendredi de 8h \u00e0 20h et le samedi en journ\u00e9e au besoin Au-del\u00e0 de ces horaires unnum\u00e9ro t\u00e9l\u00e9phonique d'astreinte sera mis en place avec une mobilisation d'un professionnel encas d'urgence pour g\u00e9rer les crises et \u00e9ventuellement effectuer un accueil ponciuel d'un ENen tant que de besoin, et en priorit\u00e9 dans l'environnement familial.L'accueil ponctuel regroupe plusieurs motifs : repli et mise \u00e0 l'abri en cas de danger imm\u00e9diat ; r\u00e9pitponctuel ou r\u00e9gulier pour la famille et l'enfant ; accueil li\u00e9 au projet de l'enfant r\u00e9pondant \u00e0 unbesoin identifi\u00e9 ind\u00e9pendamment d'un format d'urgence.2-4 Locaux et localisationL'accompagnement des familles doit s'organiser en proximit\u00e9 de leur lieu de vie pour permettreune plus grande r\u00e9activit\u00e9 et limiter le temps pass\u00e9 dans les d\u00e9placements au regard de l'intensivit\u00e9attendue.Ainsi, il est pr\u00e9vu une implantation sur 4 secteurs g\u00e9ographiques, constitutifs des 4 lots du march\u00e9 :- Commercy, pour le secteur Sud-Est Meusien- Barle Duc, pour le secteur Sud-Ouest Meusien- Verdun, pour le secteur Nord\nPage 8 sur 12\n\n- Stenay, pour le secteur Nord-Est et extr\u00eame nord meusienLe lieu d'implantation peut \u00eatre diff\u00e9rent des villes cibl\u00e9es d\u00e8s l'instant qu'il permet de couvrir lebassin g\u00e9ographique envisag\u00e9, avec le lieu d'accueil ponctuel d\u00e9di\u00e9 sur le secteur en question.En effet, l'accueil ponctuel du mineur ne doit pas engendrer une rupture dans son mode de viehabituel (maintien de la scolarisation/formation, maintien des activit\u00e9s extra-scolaires, maintien desliens affectifs, travail de proximit\u00e9 avec les titulaires de l'autorit\u00e9 parentale OU tuteurs pourrem\u00e9diation suite \u00e0 l'\u00e9pisode ayant conduit au repli).Les p\u00e9rim\u00e8tres peuvent \u00eatre mouvants en fonction des besoins d'activit\u00e9.\n2-5 Prestations et activit\u00e9s attenduesLa mesure renforc\u00e9e a vocation \u00e0 proposer une intervention individualis\u00e9e aux besoins sp\u00e9cifiquesde chaque enfant.Elle doit proposer des interventions de professionnels qualifi\u00e9s au domicile du lieu de vie de l'enfant.Sont attendus au cours de la mesure diff\u00e9rents axes de travail :e Observer et \u00e9valuer : r\u00e9aliser le rep\u00e9rage des comp\u00e9tences et des capacit\u00e9s parentalesainsi que le mode de fonctionnement des relations intrafamiliales, \u00e0 l'aide d'outilsd'\u00e9valuation confirm\u00e9s. Identifier \u00e9galement les ressources dans l'environnement del'enfant et de la famille, mobilisable au long cours ou en cas de besoin ponctuel (relais,soutien...)e - Impliquer et susciter le changement : rendre actif l'enfant et sa famille dans la r\u00e9solutiondes difficult\u00e9s familiales et susciter et/ou soutenir leur dynamique d'\u00e9volution, en utilisant leFAIRE AVEC, plut\u00f4t que l'entretien \u00e9ducatif.e __ Prot\u00e9ger : d\u00e9ployer les moyens de m\u00e9diation et de protection adapt\u00e9s au danger ou aurisque de danger \u00e9valu\u00e9, aupr\u00e8s de l'enfant et de la cellule familiale, y compris en ayantrecours si n\u00e9cessaire \u00e0 un accueil ponctuel en dehors du domicile. Penser la gestion de criseen amont avec des modes d'intervention partag\u00e9es avec la famille d\u00e8s le d\u00e9marrage dela mesure.e Ins\u00e9rer : proposer des techniques et des actions d'accompagnement psycho-\u00e9ducatif quis'appuient et d\u00e9veloppent l'environnement familial, social et culturel de la famillePour r\u00e9pondre aux missions, le temps de travail des r\u00e9f\u00e9rents \u00e9ducatifs privil\u00e9giera des interventionssoutenues au sein de la famille se r\u00e9partissant selon ces proportions : a minima 2/3 de travail directaupr\u00e8s du mineur et de sa famille, au domicile ou autres lieux. 1/3 de travail indirect : liaison interneet externes, \u00e9crits, r\u00e9unions et d\u00e9marches diverses.L'accompagnement ne devra pas reposer prioritairement sur des entretiens \u00e9ducatifs.L'accompagnement devra soutenir le pouvoir d'agir des familles, des parents et des enfants, ens'appuyant sur leur point de vue et leurs ressources, et en sortant de la logique de l'expertise surautrui induite par une approche verticale (type conseils, injonctions, contr\u00e9le...). Il s'agit ded\u00e9velopper le FAIRE AVEC (cf. Rapport de la d\u00e9marche de consensus relative aux interventions deprotection de l'enfance \u00e0 domicile de 2019).ll est attendu de la part de l'op\u00e9rateur des techniques innovantes, telles que les conf\u00e9rencesfamiliales, des actions collectives \u00e0 destination des parents (caf\u00e9 des parents ou groupes de parolespar exemple) et des jeunes accompagn\u00e9s, y compris si n\u00e9cessaire via un plateau d'activit\u00e9 de jourqui permettra aux enfants d\u00e9scolaris\u00e9s de b\u00e9n\u00e9ficier d'actions de m\u00e9diation \u00e9ducative. Ou encorela mobilisation du parrainage, comme ressource et soutien \u00e0 la famille. Le candidat devra faire despropositions d'appui \u00e0 l'activit\u00e9 de jour via les dispositifs de droit commun par exemple ou despartenaires.\nPage 9 sur 12\n\nLe service devra disposer de v\u00e9hicules permettant aux professionnels de se d\u00e9placer seul ou avecles enfants et leur famille.Les locaux devront permettre une prise en charge de l'ensemble de ces activit\u00e9s, y comprisl'accueil ponctuel, sur la base d'un lit pour 10 mesures. AU cours de ce temps d'accueil l'\u00e9quipe\u00e9ducative mandat\u00e9e devra poursuivre son accompagnement.L'accueil de l'enfant doit donc \u00eatre pens\u00e9 \u00e0 l'interne et ne pourra pas se faire dans d'autres\u00e9tablissements de l'ASE ou chez des assistants familiaux. Ces places doivent \u00eatre distinctes desplaces autoris\u00e9es dans le dispositif actuel.\n2-6 Fonctionnement et organisation des prises en charge individuelles :La prise en charge s'effectuera en coordination avec le Projet pour l'enfant qui fixe les orientationsg\u00e9n\u00e9rales de l'accompagnement ainsi que les objectifs \u00e0 atteindre. Pour cela, le serviced'accompagnement r\u00e9alise un projet d'accompagnement personnalis\u00e9 avec la famille.Un r\u00e9f\u00e9rent \u00e9ducatif sera nomm\u00e9 aupr\u00e8s de chaque enfant. Toutefois il est indispensable que letravail aupr\u00e8s de chaque famille soit pens\u00e9 en \u00e9quipe et qu'une intervention des autresprofessionnels de l'\u00e9quipe soit organis\u00e9e en plus du r\u00e9f\u00e9rent de la mesure.Deux interventions directement aupr\u00e8s de l'enfant et de sa famille sont attendus a minima parsemaine. Les interventions d'accompagnement prendront la forme de temps de pr\u00e9sence activeaupr\u00e8s du jeune et de sa famille. Il ne s'agit pas que de temps d'entretien mais principalementd'accompagnement et de faire ensemble. Le rythme sera ajust\u00e9 selon la temporalit\u00e9 d'interventionet les besoins identifi\u00e9s. Une pr\u00e9sence plus soutenue en d\u00e9but de mesure ou lors de difficult\u00e9sponctuelles sera \u00e0 envisager, avec une d\u00e9gressivit\u00e9 possible en fin de parcours.La mesure sera prise pour 6 mois, renouvelable en fonction du besoin de maintenir le caract\u00e8reintensif. :La mesure sera modulable en intensit\u00e9, selon les besoins \u00e9volutifs de la situation.Un retour vers Une mesure classique doit \u00eatre envisag\u00e9 d\u00e8s que possible afin de limiterl'engorgement du dispositif renforc\u00e9 et de permettre une fluidit\u00e9 dans les accompagnements.\n3 - COOPERATION ET PARTENARIATLes professionnels devront avoir Une tr\u00e8s bonne connaissance du territoire afin de mobiliser lesdiff\u00e9rents acteurs en tant que de besoins.L'objectif est de cr\u00e9er un r\u00e9seau autour de l'enfant et de sa famille et de lui permettre uneautonomie de gestion. C'est pourquoi la mobilisation du droit commun devra \u00eatre privil\u00e9gi\u00e9e \u00e0chaque fois. Les professionnels devront accompagner la famille et les enfants \u00e0 trouver des solutionspar eux m\u00eame au sein de leur environnement. Cela demandera \u00e9galement une capacit\u00e9 \u00e0identifier le r\u00e9seau familial et social de proximit\u00e9.Les modalit\u00e9s de mise en \u0153uvre de ce r\u00e9seau devront \u00eatre d\u00e9crites dans l'avant-projet de service(cf. Point 4 ci-dessous).Le travail men\u00e9 dans le cadre de ces mesures sera assur\u00e9 en lien avec les services du D\u00e9partement(Direction de la Pr\u00e9vention et Accompagnement et Direction Enfance Famille), conform\u00e9ment \u00e0l'article L 221-4 du Code l'Action Sociale et des Familles, qui confie au D\u00e9partement un r\u00f4le decoordination en amont, pendant et en fin de ces mesures d'AEMO (et de d\u00e9cideur en AED), afinde garantir la continuit\u00e9 et la coh\u00e9rence des actions.En ce sens, la gouvernance sera d\u00e9finie comme suit :- Une commission de pr\u00e9vention des ruptures de parcours, tous les 15 jours, avec les servicesmandat\u00e9s, ASE et de secteur, afin d'\u00e9tudier toutes les modifications de plan d'action et\nPage 10 sur 12\n\nLe]\nnotamment celles risquant de d\u00e9boucher sur un placement (ou encore sur l'enjeu ded\u00e9judiciarisation...) et afin de piloter le dispositif globalement, notamment l'articulationavec les mesures AED et AEMO dites \"classiques\" et les autres mesures de protection del'enfance.- Un COPIL annuel visant \u00e0 \u00e9valuer le dispositif- Une participation r\u00e9guli\u00e8re aux instances partenariales anim\u00e9es par Direction EnfanceFamille, dont l'Observatoire D\u00e9partemental de la Protection de l'Enfance (ODPE)- Une inscription dans le plan de formation pluri-institutionnel port\u00e9 par le ConseilD\u00e9partemental\n4 - GARANTIE DES DROITS DES USAGERS : OUTILS DE LA LOI 2002-2Le candidat pr\u00e9sentera les modalit\u00e9s de mise en \u0153uvre des outils pr\u00e9vus pour garantir les droits desusagers (loi n\u00b02002-2 du 2 janvier 2002 r\u00e9novant l'action sociale et m\u00e9dico-sociale) :e Le livret d'accueil ;La charte des droits et libert\u00e9s de la personne accueillie ;Le r\u00e8glement de fonctionnement :Le document individuel de prise en charge ;Un avant-projet de service comprenant les \u00e9l\u00e9ments pr\u00e9conis\u00e9s par la l\u00e9gislation : objectifs enmati\u00e8re de coordination, de coop\u00e9ration et d'\u00e9valuation des activit\u00e9s ; objectifs en mati\u00e8re dequalit\u00e9 des prestations ; modalit\u00e9s d'organisation et de fonctionnement.e Les modalit\u00e9s de fonctionnement du Conseil de la Vie Sociale ou les formes de participationdes jeunes accueillis.Le candidat pr\u00e9cisera les modalit\u00e9s d'\u00e9valuation interne et externe envisag\u00e9es en r\u00e9f\u00e9rence auxrecommandations de bonnes pratiques professionnelles de l'ANESM.\n5 - RESSOURCES HUMAINESLa structure devra disposer d'une \u00e9quipe compos\u00e9e de personnels pluridisciplinaires qualifi\u00e9s etdipl\u00f4m\u00e9s (\u00e9ducateurs sp\u00e9cialis\u00e9s, assistants de service social, \u00e9ducateurs de jeunes enfants,moniteurs-\u00e9ducateurs, CESF, TISF), ayant une bonne connaissance des probl\u00e9matiques sp\u00e9cifiques\u00e0 la protection de l'enfance. Ils devront \u00eatre titulaires du permis de conduire de cat\u00e9gorie B.Un temps de psychologue est \u00e9galement \u00e0 planifier. Une exp\u00e9rience pr\u00e9alable en protection del'enfance est conseill\u00e9e. Un plan de formation en approche syst\u00e9mique, m\u00e9diation, \u00e0l'attachement est \u00e0 privil\u00e9gier. A cet \u00e9gard, l'avant-projet d'\u00e9tablissement devra pr\u00e9voir la mise en\u0153uvre de formations continues et r\u00e9guli\u00e8res en lien avec la prise en charge des mineurs.Les effectifs de personnel seront quantifi\u00e9s en \u00e9quivalent temps plein (ETP) sous forme de tableauxd\u00e9taill\u00e9s. Les fiches de postes et l'organigramme pr\u00e9visionnel seront joints.Le candidat pr\u00e9cisera de quel statut ou convention collective rel\u00e8ve ce personnel.\n6 \u2014 DELAI DE MISE EN OEUVRE\nL'ouverture des services est souhait\u00e9e au 1\u00b0'; janvier 2026.ll devra \u00eatre propos\u00e9 par le candidat une modalit\u00e9 sp\u00e9cifique de reidis pour les situations deDispositif de Placement et d' Accompagnement \u00e0 Domicile de l'Enfant (DIPADE) en cours, afin dene pas interrompre la prise en charge, y compris en cas de changement d'op\u00e9rateur.7 \u2014 BUDGET PREVISIONNEL7.1 - Investissement\nPage 11 sur 12\n\nLe candidat pr\u00e9cisera le co\u00fbt d\u00e9taill\u00e9 des am\u00e9nagements et les modalit\u00e9s de financement, dansle dossier financier.7.2 \u2014 FonctionnementLe budget pr\u00e9visionnel de chaque entit\u00e9 territoriale, en ann\u00e9e pleine, est estim\u00e9 \u00e0 265 000 \u20ac. Lecandidat proposera un co\u00fbt de fonctionnement ne d\u00e9passant pas ce montant. Les projets quipr\u00e9senteront un budget de fonctionnement sup\u00e9rieur ne apron pas recevables, conform\u00e9ment au4\u00b0 de l'article R313-6 du CASF.Le candidat mentionnera le cas \u00e9ch\u00e9ant l'existence d'un si\u00e8ge social et devra pr\u00e9ciser la naturedes missions qu'accomplit le si\u00e8ge pour le compte de l'\u00e9tablissement.Le financement sera assur\u00e9 par le D\u00e9partement au titre de l'aide sociale sous forme d'une dotationglobale de fonctionnement (incluant les places d'h\u00e9bergement de repli), correspondant \u00e0 un tauxd'occupation minimum de 95 %.\n- Annexe 2: crit\u00e8res de s\u00e9lection et de notation:\nCrit\u00e9resSous crit\u00e9res NoteCapacit\u00e9 4 mettre enceuvre le projetExp\u00e9riences du candidat dans la prise encharge du public d\u00e9fini dans le cahier descharges 15 /10Capacit\u00e9 financi\u00e8re du candidat \u00e0 r\u00e9aliser leprojet /5\nQualit\u00e9 du projetd'accompagnement desusagers\nRessources humaines : composition del'\u00e9quipe pluridisciplinaire, qualification, plande formation /10Am\u00e9nagement des locaux et r\u00e9partition deslieux de r\u00e9pit /20Avant-projet d'\u00e9tablissement : prestations,objectifs d'accompagnement, organisation,fonctionnement, prise en charge individuelle,outils d'\u00e9valuation et d'intervention /d\u00e9finition du relais avec les DIPADE actuels[15/60\nMobilisation de m\u00e9thodes innovantes sur lesth\u00e8mes du pouvoir d'agir, de la gestion decrise et de l'accueil ponctuel/10Droits des usagers et respects des outils de laloi 2002 15.\nMa\u00eetrise \u00e9conomique duprojet\nBudget pr\u00e9visionnel de fonctionnement/10Coh\u00e9rence du budget pr\u00e9visionnel au regarddes prestations propos\u00e9es[15Co\u00fbt des investissements pris en charge parlecandidat, plan de financement et incidencessur le budget d'exploitation15 /30\nTOTAL /100\nPage 12 sur 12","date":"2025-07-31","first_seen_on":"2025-07-31T14:20:33+00:00","id":"24fc5eb65d99d39d814c2d8e29986ee5539ca8aae8a687bf9bcb18c2bbd14a03","name":"RAA n\u00b076 du 31 juillet 2025","pdf_creation_date":null,"pdf_modification_date":"2025-07-31T13:26:39+00:00","timezone":"Europe/Paris","url":"https://www.meuse.gouv.fr/contenu/telechargement/33455/240065/file/RAA%20n%C2%B076%20du%2031%20juillet%202025.pdf"}
