{"administration":"pref50","administration_name":"Pr\u00e9fecture de la Manche","content":"D\u00e9l\u00e9gation signature pr\u00e9fet\nPage 1\nRecueils sp\u00e9ciaux d\u00e9l\u00e9gation de signature \u2013 M. Fr\u00e9d\u00e9ric PERISSAT\npage Date de publication\nN\u00b019\nArr\u00eat\u00e9 n\u00b0 2023 \u2013 01 \u2013 VN du 19 janvier 2023 donnant d\u00e9l\u00e9gation de signature \u00e0 Mme Martine CAVALLERA-LEVI, directrice d\u00e9partementale des territoires et de la mer 2\n23/01/23Arr\u00eat\u00e9 n\u00b0 2023 \u2013 02 \u2013 VN du 19 janvier 2023 donnant d\u00e9l\u00e9gation de signature \u00e0 M. Rapha\u00ebl FAYAZ-POUR, directeur d\u00e9partemental de la protection des populations 10\nArr\u00eat\u00e9 n\u00b02023-03-VN du 19 janvier 2023 donnant d\u00e9l\u00e9gation de signature \u00e0 M. Christophe LECOMTE, directeur d\u00e9partemental de l'emploi, du travail et des solidarit\u00e9s 13\nN\u00b020 Arr\u00eat\u00e9 n\u00b02023 - 02 \u2013 VN du 6 avril 2023 donnant d\u00e9l\u00e9gation de signature \u00e0 M. Julien MINICONI - Sous-pr\u00e9fet de Coutances 2 06/04/23Arr\u00eat\u00e9 n\u00b0 2023 - 03 \u2013 VN du 6 avril 2023 donnant d\u00e9l\u00e9gation de signature aux sous-pr\u00e9fets dans le cadre des permanences 3\nN\u00b021\nArr\u00eat\u00e9 n\u00b02023 - 06 \u2013 VN du 19 avril 2023 donnant d\u00e9l\u00e9gation de signature \u00e0 M. Pierre CHAULEUR, Sous-pr\u00e9fet d'Avranches 2\n20/04/23Arr\u00eat\u00e9 n\u00b02023 - 07 \u2013 VN du 19 avril 2023 donnant d\u00e9l\u00e9gation de signature \u00e0 M. Julien MINICONI, Sous-pr\u00e9fet de Coutances 3\nArr\u00eat\u00e9 n\u00b0 2023 - 08 \u2013 VN du 19 avril 2023 donnant d\u00e9l\u00e9gation de signature aux sous-pr\u00e9fets dans le cadre des permanences 4\nN\u00b022 Arr\u00eat\u00e9 n\u00b02023-09 \u2013 VN du 24 avril 2023 confiant la suppl\u00e9ance du poste de M. le Pr\u00e9fet de la Manche du 29 avril au 1er mai 2023 inclus 2 25/04/23\nN\u00b023\nArr\u00eat\u00e9 n\u00b02023-13 \u2013 VN du 2 mai 2023 confiant la suppl\u00e9ance du poste de M. le Pr\u00e9fet de la Manche le 5 mai 2023 2\n03/05/23Arr\u00eat\u00e9 n\u00b0 2023 - 12 \u2013VN du 2 mai 2023 donnant d\u00e9l\u00e9gation de signature aux sous-pr\u00e9fets dans le cadre des permanences 2\nArr\u00eat\u00e9 n\u00b0 2023 - 10 \u2013VN du 2 mai 2023 portant d\u00e9l\u00e9gation de signature \u00e0 Mme Perrine SERRE - Secr\u00e9taire g\u00e9n\u00e9rale de la pr\u00e9fecture 3\nN\u00b024\nArr\u00eat\u00e9 n\u00b0 2023 - 14 \u2013 VN du 26 mai 2023 portant d\u00e9l\u00e9gation de signature \u00e0 Mme Perrine SERRE - Secr\u00e9taire g\u00e9n\u00e9rale de la pr\u00e9fecture 2\n31/05/23Arr\u00eat\u00e9 n\u00b02023 - 15 \u2013 VN du 26 mai 2023 donnant d\u00e9l\u00e9gation de signature \u00e0 M. Pierre CHAULEUR - Sous-pr\u00e9fet d'Avranches 2\nArr\u00eat\u00e9 n\u00b02023-16 \u2013 VN du 26 mai 2023 donnant d\u00e9l\u00e9gation de signature \u00e0 Mme \u00c9lisabeth CASTELLOTTI - Sous-pr\u00e9f\u00e8te de Cherbourg 3\nN\u00b025\n2\n13/07/23Arr\u00eat\u00e9 n\u00b0 2023 - 18 \u2013 VN du 13 juillet 2023 donnant d\u00e9l\u00e9gation de signature \u00e0 Mme Esther DAVID - directrice des collectivit\u00e9s, de la citoyennet\u00e9 et de la l\u00e9galit\u00e9 4\n5\nN\u00b026 Arr\u00eat\u00e9 n\u00b0 2023 - 20 \u2013 VN du 20 juillet 2023 portant d\u00e9signation du sous-pr\u00e9fet charg\u00e9 d'assurer l'int\u00e9rim du sous-pr\u00e9fet de Cherbourg \u00e0 compter du 24 juillet 2023 2\n24/07/23Arr\u00eat\u00e9 n\u00b02023 \u2013 43 \u2013 VN du 20 juillet 2023 donnant d\u00e9l\u00e9gation de signature \u00e0 Mme Perrine SERRE en charge de l'int\u00e9rim du sous-pr\u00e9fet de Cherbourg 2\nN\u00b027 Arr\u00eat\u00e9 n\u00b0 2023 - 71 \u2013 VN du 2 ao\u00fbt 2023 portant d\u00e9signation du sous-pr\u00e9fet charg\u00e9 d'assurer l'int\u00e9rim du sous-pr\u00e9fet de Cherbourg du 4 au 18 ao\u00fbt 2023 inclus 2 02/08/23Arr\u00eat\u00e9 n\u00b02023 - 72 \u2013 VN du 2 ao\u00fbt 2023 donnant d\u00e9l\u00e9gation de signature \u00e0 M. Julien MINICONI, sous-pr\u00e9fet de Coutances en charge de l'int\u00e9rim du Sous-pr\u00e9fet de Cherbourg 2\nN\u00b028 2 03/08/23\nRecueils sp\u00e9ciaux d\u00e9l\u00e9gation de signature \u2013 M. Xavier BRUNETIERE\nN\u00b01\nArr\u00eat\u00e9 n\u00b0 2023 - 21 \u2013 VN du 21 ao\u00fbt 2023 portant d\u00e9l\u00e9gation de signature \u00e0 Mme Perrine SERRE - Secr\u00e9taire g\u00e9n\u00e9rale de la pr\u00e9fecture 3\n21/08/23\nArr\u00eat\u00e9 n\u00b0 2023 -22 \u2013 VN du 21 ao\u00fbt 2023 donnant d\u00e9l\u00e9gation de signature \u00e0 M. Fran\u00e7ois FLAHAUT - Sous-pr\u00e9fet, directeur de cabinet 3\nArr\u00eat\u00e9 n\u00b02023 - 23 \u2013 VN du 21 ao\u00fbt 2023 donnant d\u00e9l\u00e9gation de signature \u00e0 M. Pierre CHAULEUR - Sous-pr\u00e9fet d'Avranches 6\nArr\u00eat\u00e9 n\u00b02023 - 24 \u2013 VN du 21 ao\u00fbt 2023 donnant d\u00e9l\u00e9gation de signature \u00e0 M. Julien MINICONI - Sous-pr\u00e9fet de Coutances 7\nArr\u00eat\u00e9 n\u00b0 2023 - 25 \u2013 VN du 21 ao\u00fbt 2023 donnant d\u00e9l\u00e9gation de signature aux sous-pr\u00e9fets dans le cadre des permanences 8\n9\nArr\u00eat\u00e9 n\u00b0 2023 - 27 \u2013 VN du 21 ao\u00fbt 2023 donnant d\u00e9l\u00e9gation de signature \u00e0 Mme Esther DAVID - Directrice des collectivit\u00e9s, de la citoyennet\u00e9 et de la l\u00e9galit\u00e9 11\n12\n13\n13\nArr\u00eat\u00e9 n\u00b0 2023 \u2013 31\u2013 VN du 21 ao\u00fbt 2023 donnant d\u00e9l\u00e9gation de signature \u00e0 Mme Maryl\u00e8ne LESOUEF - Cheffe du bureau de l'environnement et de la concertation publique 14\n14\nArr\u00eat\u00e9 n\u00b0 2023 -33 \u2013 VN du 21 ao\u00fbt 2023 donnant d\u00e9l\u00e9gation de signature \u00e0 Mme Martine CAVALLERA-LEVI - Directrice d\u00e9partementale des territoires et de la mer 14\n23\n24\nArr\u00eat\u00e9 n\u00b02023- 34 \u2013 VN du 21 ao\u00fbt 2023 donnant d\u00e9l\u00e9gation de signature \u00e0 M. Rapha\u00ebl FAYAZ-POUR - Directeur d\u00e9partemental de la protection des populations 24\n28\nrr\u00eat\u00e9 n\u00b0 2023 - 35 \u2013 VN du 21 ao\u00fbt 2023 donnant d\u00e9l\u00e9gation de signature \u00e0 M. Christophe LECOMTE - Directeur d\u00e9partemental de l'emploi, du travail et des solidarit\u00e9s 28\n30\nArr\u00eat\u00e9 n\u00b0 2023 \u2013 17 \u2013 VN du 11 juillet 2023 de d\u00e9l\u00e9gation de signature et d'ordonnancement secondaire pour les personnels de direction et les agents du secr\u00e9tariat g\u00e9n\u00e9ral \ncommun de la Manche\nArr\u00eat\u00e9 n\u00b0 2023 - 19 VN du 13 juillet 2023 donnant d\u00e9l\u00e9gation de signature \u00e0 Mme V\u00e9ronique NA\u00cbL - cheffe du service de la coordination des politiques publiques et de l'appui \nterritorial \u00e0 la pr\u00e9fecture de la Manche\nArr\u00eat\u00e9 n\u00b02023 - 72 \u2013 VN du 2 ao\u00fbt 2023 donnant d\u00e9l\u00e9gation de signature \u00e0 M. Julien MINICONI, sous-pr\u00e9fet de Coutances en charge de l'int\u00e9rim du Sous-pr\u00e9fet de Cherbourg \u2013 \nANNULE ET REMPLACE\nArr\u00eat\u00e9 n\u00b0 2023 \u2013 26 \u2013 VN du 21 ao\u00fbt 2023 de d\u00e9l\u00e9gation de signature et d'ordonnancement secondaire pour les personnels de direction et les agents du secr\u00e9tariat g\u00e9n\u00e9ral \ncommun de la Manche\nArr\u00eat\u00e9 n\u00b0 2023 - 28 -VN du 21 ao\u00fbt 2023 donnant d\u00e9l\u00e9gation de signature \u00e0 Mme Marianne FRAN\u00c7OIS - Cheffe du bureau des finances locales de la direction des collectivit\u00e9s, \nde la citoyennet\u00e9 et de la l\u00e9galit\u00e9\nArr\u00eat\u00e9 n\u00b0 2023- 29 -VN du 21 ao\u00fbt 2023 donnant d\u00e9l\u00e9gation de signature \u00e0 M. Christophe LOYANT - Adjoint au chef du bureau des finances locales de la direction des \ncollectivit\u00e9s, de la citoyennet\u00e9 et de la l\u00e9galit\u00e9\nArr\u00eat\u00e9 n\u00b0 2023 \u2013 30 \u2013 VN du 21 ao\u00fbt 2023 donnant d\u00e9l\u00e9gation de signature \u00e0 Mme V\u00e9ronique NA\u00cbL - Cheffe du service de la coordination des politiques publiques et de l'appui \nterritorial \u00e0 la pr\u00e9fecture de la Manche\nArr\u00eat\u00e9 n\u00b0 2023\u2013 70\u2013 VN du 21 ao\u00fbt 2023 donnant d\u00e9l\u00e9gation de signature \u00e0 Mme Vanessa MANIER cheffe du centre d'expertise et de ressources des titres (CERT) \u00ab permis de \nconduire internationaux \u00bb\nArr\u00eat\u00e9 n\u00b0 2023 \u2013 48 \u2013 VN du 21 ao\u00fbt 2023 portant d\u00e9l\u00e9gation de signature \u00e0 Mme Martine CAVALLERA-LEVI - Directrice d\u00e9partementale des territoires et de la mer pour \nl'ordonnancement secondaire des recettes et des d\u00e9penses imput\u00e9es sur les programmes du budget de l'\u00c9tat\nArr\u00eat\u00e9 n\u00b0 2023 \u2013 49 \u2013 VN du 21 ao\u00fbt 2023 portant d\u00e9signation de Mme Martine CAVALLERA-LEVI - Directrice d\u00e9partementale des territoires et de la mer en tant que \nrepr\u00e9sentant du pouvoir adjudicateur\nArr\u00eat\u00e9 n\u00b0 2023 \u2013 73\u2013 VN du 21 ao\u00fbt 2023 donnant d\u00e9l\u00e9gation de signature \u00e0 M. Rapha\u00ebl FAYAZ-POUR - Directeur d\u00e9partemental de la protection des populations pour \nl'ordonnancement secondaire des recettes et des d\u00e9penses imput\u00e9es sur les programmes cit\u00e9s \u00e0 l'article 1 du pr\u00e9sent arr\u00eat\u00e9 du budget de l'\u00c9tat\nArr\u00eat\u00e9 n\u00b0 2023-46 -VN du 21 ao\u00fbt 2023 donnant d\u00e9l\u00e9gation de signature \u00e0 M. Gr\u00e9gory LABORDE - Directeur d\u00e9partemental adjoint de l'emploi, du travail et des solidarit\u00e9s dans \nle cadre des comp\u00e9tences de la commission de surendettement des particuliers en tant que repr\u00e9sentant du pr\u00e9fet\nD\u00e9l\u00e9gation signature pr\u00e9fet\nPage 2\nN\u00b01\n30\n21/08/23\nArr\u00eat\u00e9 n\u00b0 2023 \u2013 36 \u2013 VN du 21 ao\u00fbt 2033 donnant d\u00e9l\u00e9gation de signature \u00e0 M. Herv\u00e9 BRABANT - Directeur d\u00e9partemental des finances publiques 31\n32\n32\n33\n33\n33\nArr\u00eat\u00e9 n\u00b0 2023 \u2013 42 \u2013 VN du 21 ao\u00fbt 2023 portant d\u00e9l\u00e9gation de signature des actes relevant du pouvoir adjudicateur 34\n34\nArr\u00eat\u00e9 n\u00b0 2023\u2013 69 \u2013 VN du 21 ao\u00fbt 2023 donnant d\u00e9l\u00e9gation de signature \u00e0 M. St\u00e9phane VAUTIER - Directeur acad\u00e9mique des services de l'\u00e9ducation nationale de la Manche 35\n36\nArr\u00eat\u00e9 n\u00b0 2023 \u2013 56 \u2013 VN donnant d\u00e9l\u00e9gation de signature \u00e0 M. Jean-Baptiste AUZEL - Directeur du service d\u00e9partemental des archives de la Manche 36\nArr\u00eat\u00e9 n\u00b0 2023 \u2013 51 \u2013 VN du 21 ao\u00fbt 2023 donnant d\u00e9l\u00e9gation de signature \u00e0 M. Patrick ROUSSEL - Directeur d\u00e9partemental de la s\u00e9curit\u00e9 publique 37\n37\nArr\u00eat\u00e9 n\u00b0 2023 \u2013 53 \u2013 VN du 21 ao\u00fbt 2023 donnant d\u00e9l\u00e9gation de signature \u00e0 M. Hugues TOULLIOU - Directeur interd\u00e9partemental de la police aux fronti\u00e8res de Cherbourg 37\n38\nArr\u00eat\u00e9 n\u00b0 2023 \u2013 55\u2013 VN du 21 ao\u00fbt 2023 donnant d\u00e9l\u00e9gation de signature \u00e0 M. Patrick SORIEUL - Directeur d\u00e9partemental des services d'incendie et de secours de la Manche 38\nArr\u00eat\u00e9 n\u00b0 2023 \u2013 57 \u2013 VN du 21 ao\u00fbt 2023 donnant d\u00e9l\u00e9gation de pouvoirs \u00e0 M. le directeur de l'agence territoriale de l'office national des for\u00eats d'Alen\u00e7on 38\n39\n40\n40\n41\nArr\u00eat\u00e9 n\u00b0 2023 \u2013 61 \u2013 VN du 21 ao\u00fbt 2023 donnant d\u00e9l\u00e9gation de signature \u00e0 M. Pascal GABET - Directeur interd\u00e9partemental des routes Nord-Ouest 41\nArr\u00eat\u00e9 n\u00b0 2023 \u2013 62 \u2013 VN du 21 ao\u00fbt 2023 portant d\u00e9l\u00e9gation de signature \u00e0 M. Samuel VERON - Directeur interr\u00e9gional de la protection judiciaire de la jeunesse Grand-Ouest 44\nArr\u00eat\u00e9 n\u00b0 2023 \u2013 63 \u2013 VN du 21 ao\u00fbt 2023 donnant d\u00e9l\u00e9gation de signature \u00e0 Mme Fr\u00e9d\u00e9rique BOURA - Directrice r\u00e9gionale des affaires culturelles de Normandie 44\n44\n48\n49\nArr\u00eat\u00e9 n\u00b0 2023 \u2013 58 \u2013 VN du 21 ao\u00fbt 2023 portant d\u00e9l\u00e9gation de signature \u00e0 M. Thomas DEROCHE - Directeur g\u00e9n\u00e9ral de l'Agence R\u00e9gionale de Sant\u00e9 de Normandie 49\nN\u00b0 2 Arr\u00eat\u00e9 n\u00b0 2023 - 74 \u2013 VN du 21 ao\u00fbt 2023 portant d\u00e9signation du sous-pr\u00e9fet charg\u00e9 d'assurer l'int\u00e9rim du sous-pr\u00e9fet de Cherbourg \u00e0 compter du 21 ao\u00fbt 2023 2 21/08/23Arr\u00eat\u00e9 n\u00b02023-75 \u2013 VN du 21 ao\u00fbt 2023 donnant d\u00e9l\u00e9gation de signature \u00e0 Mme Perrine SERRE en charge de l'int\u00e9rim du sous-pr\u00e9fet de Cherbourg 2\nN\u00b0 3\n2\n24/08/23\nArr\u00eat\u00e9 n\u00b0 2023 \u2013 76 \u2013 VN du 23 ao\u00fbt 2023 donnant d\u00e9l\u00e9gation de signature \u00e0 M. Herv\u00e9 BRABANT, Directeur d\u00e9partemental des finances publiques 3\n4\n4\n4\n4\nArr\u00eat\u00e9 n\u00b0 2022 \u2013 50 \u2013 VN du 21 ao\u00fbt 2023 portant d\u00e9l\u00e9gation de signature \u00e0 M. Christophe LECOMTE - directeur d\u00e9partemental de l'emploi, du travail et des solidarit\u00e9s pour \nl'ordonnancement secondaire des recettes et des d\u00e9penses imput\u00e9es sur les programmes cit\u00e9s \u00e0 l'article 1 du pr\u00e9sent arr\u00eat\u00e9 du budget de l'\u00c9tat\nArr\u00eat\u00e9 n\u00b0 2023 \u2013 37 \u2013 VN du 21 ao\u00fbt 2023 portant d\u00e9l\u00e9gation de signature \u00e0 M. Herv\u00e9 BRABANT - Directeur d\u00e9partemental des finances publiques pour la gestion financi\u00e8re de \nla cit\u00e9 administrative\nArr\u00eat\u00e9 n\u00b0 2023 \u2013 38 \u2013 VN du 21 ao\u00fbt 2023 portant d\u00e9l\u00e9gation de signature en mati\u00e8re de transmission aux collectivit\u00e9s locales des \u00e9l\u00e9ments de fiscalit\u00e9 directe locale \u00e0 M. Herv\u00e9 \nBRABANT - Directeur d\u00e9partemental des finances publiques\nArr\u00eat\u00e9 n\u00b0 2023 \u2013 39 \u2013 VN du 21 ao\u00fbt 2023 donnant d\u00e9l\u00e9gation du pouvoir d'homologuer les r\u00f4les d'imp\u00f4ts directs aux collaborateurs de M. Herv\u00e9 BRABANT, administrateur \ng\u00e9n\u00e9ral des finances publiques, directeur d\u00e9partemental des finances publiques\nArr\u00eat\u00e9 n\u00b0 2023 \u2013 40 \u2013 VN du 21 ao\u00fbt 2023 portant d\u00e9l\u00e9gation de signature en mati\u00e8re d'ouverture ou de fermeture des services d\u00e9concentr\u00e9s de la direction d\u00e9partementale des \nfinances publiques \u00e0 M. Herv\u00e9 BRABANT, directeur d\u00e9partementale des finances publiques\nArr\u00eat\u00e9 n\u00b0 2023 \u2013 41 \u2013 VN du 21 ao\u00fbt 2023 portant d\u00e9l\u00e9gation de signature en mati\u00e8re d'ordonnancement secondaire \u00e0 M. Emmanuel BAZIN, administrateur des finances \npubliques adjoint, responsable du p\u00f4le \u00ab\u00a0ressources humaines et moyens\u00a0\u00bb de la direction d\u00e9partementale des finances publiques\nArr\u00eat\u00e9 n\u00b0 2023 \u2013 44 \u2013 VN du 21 ao\u00fbt 2023 portant d\u00e9l\u00e9gation de signature \u00e0 M. St\u00e9phane VAUTIER, directeur acad\u00e9mique des services de l'\u00e9ducation nationale de la Manche \npour l'ordonnancement secondaire des recettes et des d\u00e9penses imput\u00e9es aux titres 2, 3, 5 et 6 du budget de l'\u00c9tat\nArr\u00eat\u00e9 n\u00b0 2023 \u2013 47 \u2013 VN du 21 ao\u00fbt 2023 donnant d\u00e9l\u00e9gation de signature \u00e0 Madame Nathalie DANGLES - Cheffe de l'unit\u00e9 d\u00e9partementale de l'architecture et du patrimoine \nde la Manche\nArr\u00eat\u00e9 n\u00b0 2023 \u2013 52 \u2013 VN du 21 ao\u00fbt 2023 portant d\u00e9l\u00e9gation de signature \u00e0 M. Patrick ROUSSEL - Directeur d\u00e9partemental de la s\u00e9curit\u00e9 publique pour l'ordonnancement \nsecondaire des recettes et des d\u00e9penses du budget de l'\u00c9tat\nArr\u00eat\u00e9 n\u00b0 2023 \u2013 54 \u2013 VN du 21 ao\u00fbt 2023 portant d\u00e9l\u00e9gation de signature \u00e0 M. le colonel S\u00e9bastien LESAGE - Commandant du groupement de gendarmerie d\u00e9partementale de \nla Manche\nArr\u00eat\u00e9 n\u00b0 2023 \u2013 45 \u2013 VN du 21 ao\u00fbt 2023 donnant d\u00e9l\u00e9gation de signature \u00e0 Mme Christine GAVINI-CHEVET - Rectrice de la r\u00e9gion acad\u00e9mique Normandie - Rectrice de \nl'acad\u00e9mie de Normandie\nArr\u00eat\u00e9 n\u00b0 2023 \u2013 59 \u2013 VN du 21 ao\u00fbt 2023 donnant d\u00e9l\u00e9gation de signature \u00e0 M. Thierry BUTTIN - Directeur de la s\u00e9curit\u00e9 de l'aviation civile Ouest et \u00e0 certains agents plac\u00e9s \nsous son autorit\u00e9\nArr\u00eat\u00e9 n\u00b0 2023 \u2013 60 \u2013 VN du 21 ao\u00fbt 2023 portant d\u00e9l\u00e9gation de signature \u00e0 M. Herv\u00e9 THOMAS - Directeur interr\u00e9gional de la mer Manche-Est - mer du Nord, \u00e0 l'effet de signer \nles actes en rapport avec les attributions de la d\u00e9l\u00e9gation interservices \u00ab pectinid\u00e9s \u00bb Manche-Est \u2013 mer du Nord du d\u00e9partement de la Manche\nArr\u00eat\u00e9 n\u00b0 2023 \u2013 67 \u2013 VN du 21 ao\u00fbt 2023 portant d\u00e9l\u00e9gation de signature \u00e0 M. Herv\u00e9 THOMAS - Directeur interr\u00e9gional de la mer Manche Est \u2013 Mer du Nord, pour \nl'ordonnancement secondaire des d\u00e9penses imput\u00e9es sur le programme 362 \u00ab Plan France Relance \u00bb\nArr\u00eat\u00e9 n\u00b0 2023 \u2013 64 \u2013 VN du 21 ao\u00fbt 2023 portant d\u00e9l\u00e9gation de signature \u00e0 M. Olivier MORZELLE - Directeur r\u00e9gional de l'environnement, de l'am\u00e9nagement et du logement de \nNormandie en mati\u00e8re d'activit\u00e9s de niveau d\u00e9partemental\nArr\u00eat\u00e9 n\u00b0 2023 \u2013 65 \u2013 VN du 21 ao\u00fbt 2023 portant d\u00e9l\u00e9gation de signature \u00e0 Mme Mich\u00e8le LAILLER BEAULIEU - Directrice r\u00e9gionale de l'\u00e9conomie, de l'emploi, du travail et des \nsolidarit\u00e9s de Normandie, en mati\u00e8re de m\u00e9trologie l\u00e9gale\nArr\u00eat\u00e9 n\u00b0 2023 \u2013 66 \u2013 VN du 21 ao\u00fbt 2023 portant d\u00e9l\u00e9gation de signature en mati\u00e8re domaniale \u00e0 M. Hugues BIED-CHARRETON, administrateur g\u00e9n\u00e9ral des finances \npubliques, directeur r\u00e9gional des finances publiques de la r\u00e9gion Bretagne et du d\u00e9partement d'Ille-et-Vilaine\nArr\u00eat\u00e9 n\u00b0 2023 \u2013 84 \u2013 VN du 23 ao\u00fbt 2023 portant d\u00e9l\u00e9gation de signature \u00e0 M. Christophe LECOMTE , directeur d\u00e9partemental de l'emploi, du travail et des solidarit\u00e9s pour \nl'ordonnancement secondaire des recettes et des d\u00e9penses imput\u00e9es sur les programmes cit\u00e9s \u00e0 l'article 1 du pr\u00e9sent arr\u00eat\u00e9 du budget de l'\u00c9tat\nArr\u00eat\u00e9 n\u00b0 2023 \u2013 77 \u2013 VN du 23 ao\u00fbt 2023 portant d\u00e9l\u00e9gation de signature \u00e0 M. Herv\u00e9 BRABANT, directeur d\u00e9partemental des finances publiques pour la gestion financi\u00e8re de la \ncit\u00e9 administrative\nArr\u00eat\u00e9 n\u00b0 2023 \u2013 78 \u2013 VN du 23 ao\u00fbt 2023 portant d\u00e9l\u00e9gation de signature en mati\u00e8re de transmission aux collectivit\u00e9s locales des \u00e9l\u00e9ments de fiscalit\u00e9 directe locale \u00e0 M. Herv\u00e9 \nBRABANT, directeur d\u00e9partemental des finances publiques\nArr\u00eat\u00e9 n\u00b0 2023 \u2013 79 \u2013 VN du 23 ao\u00fbt 2023 donnant d\u00e9l\u00e9gation du pouvoir d'homologuer les r\u00f4les d'imp\u00f4ts directs aux collaborateurs de M. Herv\u00e9 BRABANT, administrateur de \nl'Etat, directeur d\u00e9partemental des finances publiques\nArr\u00eat\u00e9 n\u00b0 2023 \u2013 80 \u2013 VN du 23 ao\u00fbt 2023 portant d\u00e9l\u00e9gation de signature en mati\u00e8re d'ouverture ou de fermeture des services d\u00e9concentr\u00e9s de la direction d\u00e9partementale des \nfinances publiques \u00e0 M. Herv\u00e9 BRABANT, directeur d\u00e9partemental des finances publiques\nD\u00e9l\u00e9gation signature pr\u00e9fet\nPage 3\nN\u00b0 3\n5\n24/08/23\nArr\u00eat\u00e9 n\u00b0 2023 \u2013 82 \u2013 VN du 23 ao\u00fbt 2023 portant d\u00e9l\u00e9gation de signature des actes relevant du pouvoir adjudicateur 5\n6\nN\u00b0 4 Arr\u00eat\u00e9 n\u00b02023-85 \u2013 VN du 30 ao\u00fbt 2023 donnant d\u00e9l\u00e9gation de signature \u00e0 M. Jean RAMPON - Sous-pr\u00e9fet de Cherbourg 2 31/08/23\nN\u00b0 5\nArr\u00eat\u00e9 n\u00b0 2023 -86 \u2013 VN du 30 ao\u00fbt 2023 donnant d\u00e9l\u00e9gation de signature \u00e0 Mme St\u00e9phanie PETITJEAN - Sous-pr\u00e9f\u00e8te, directrice de cabinet 2\n01/09/23Arr\u00eat\u00e9 n\u00b0 2023 - 88 \u2013 VN du 30 ao\u00fbt 2023 donnant d\u00e9l\u00e9gation de signature aux sous-pr\u00e9fets dans le cadre des permanences 4\nArr\u00eat\u00e9 n\u00b0 2023 -89 \u2013 VN du 31 ao\u00fbt 2023 donnant d\u00e9l\u00e9gation de signature \u00e0 Mme Martine CAVALLERA-LEVI - Directrice d\u00e9partementale des territoires et de la mer 5\nN\u00b0 6 Arr\u00eat\u00e9 n\u00b0 2023 - 87 \u2013 VN du 1er septembre 2023 portant d\u00e9l\u00e9gation de signature \u00e0 Mme Perrine SERRE - Secr\u00e9taire g\u00e9n\u00e9rale de la pr\u00e9fecture 2 04/09/23\nN\u00b07 Arr\u00eat\u00e9 n\u00b0 2023 \u2013 90 \u2013 VN du 11 septembre 2023 portant d\u00e9l\u00e9gation de signature des actes relevant du pouvoir adjudicateur 2 13/09/23\nN\u00b08 2 21/09/23\nN\u00b09\nArr\u00eat\u00e9 n\u00b02023-93 \u2013 VN du 16 octobre 2023 donnant d\u00e9l\u00e9gation de signature \u00e0 M. Jean RAMPON - Sous-pr\u00e9fet de Cherbourg 2\n17/10/23\n3\nN\u00b0 10 2 23/10/23\nArr\u00eat\u00e9 n\u00b0 2023 \u2013 81 \u2013 VN du 23 ao\u00fbt 2023 portant d\u00e9l\u00e9gation de signature en mati\u00e8re d'ordonnancement secondaire \u00e0 M. Emmanuel BAZIN, administrateur des finances \npubliques adjoint, responsable du p\u00f4le \u00ab ressources humaines et moyens \u00bb de la direction d\u00e9partementale des finances publiques\nArr\u00eat\u00e9 n\u00b0 2023 \u2013 83 \u2013 VN du 23 ao\u00fbt 2023 portant d\u00e9l\u00e9gation de signature \u00e0 M. le colonel S\u00e9bastien LESAGE, commandant du groupement de gendarmerie d\u00e9partementale de \nla Manche\nArr\u00eat\u00e9 n\u00b0 2023 \u2013 91\u2013 VN du 20 septembre 2023 donnant d\u00e9l\u00e9gation de signature \u00e0 M. Patrick SORIEUL, directeur d\u00e9partemental des services d'incendie et de secours de la \nManche\nArr\u00eat\u00e9 n\u00b0 2023 \u2013 92\u2013 VN du 16 octobre 2023 donnant d\u00e9l\u00e9gation de signature \u00e0 M. Rapha\u00ebl FAYAZ-POUR - Directeur d\u00e9partemental de la protection des populations pour \nl'ordonnancement secondaire des recettes et des d\u00e9penses imput\u00e9es sur les programmes cit\u00e9s \u00e0 l'article 1 du pr\u00e9sent arr\u00eat\u00e9 du budget de l'\u00c9tat\nArr\u00eat\u00e9 n\u00b0 2023 \u2013 94\u2013 VN du 23 octobre 2023 donnant d\u00e9l\u00e9gation de signature \u00e0 M. Patrick SORIEUL - Directeur d\u00e9partemental des services d'incendie et de secours de la \nManche\nCABINET\nPage 4\npage publi\u00e9 le\nArr\u00eat\u00e9 n\u00b022-325 du 23 d\u00e9cembre 2022 portant nomination d'un Maire honoraire - SAINT-SAUVEUR-LENDELIN 2 SP 01 janv. 05/01/23\nArr\u00eat\u00e9 n\u00b022-183 du 12 juillet 2022 portant attribution de la m\u00e9daille d'honneur du Travail - Promotion du 14 juillet 2022 2 SP 03 janv. 11/01/23\nArr\u00eat\u00e9 n\u00b022 \u2013 309 du 15 d\u00e9cembre 2022 accordant la m\u00e9daille d'honneur agricole \u00e0 l'occasion de la promotion du 1er janvier 2023 50 SP 03 janv. 11/01/23\n53 SP 03 janv. 11/01/23\nArr\u00eat\u00e9 n\u00b0 22-313 du 15 d\u00e9cembre 2022 portant attribution de la m\u00e9daille d'honneur du Travail - Promotion du 01 janvier 2023 63 SP 03 janv. 11/01/23\nArr\u00eat\u00e9 n\u00b0 23-005 du 6 janvier 2023 portant nomination d'un Maire honoraire \u2013 SAINT-PIERRE \u00c9GLISE 2 SP 04 janv. 13/01/23\nArr\u00eat\u00e9 n\u00b0 23-006 du 6 janvier 2023 portant nomination d'un Maire honoraire \u2013 PICAUVILLE 2 SP 04 janv. 13/01/23\n2 SP 05 janv. 17/01/23\n3 janv. 01/02/23\n2 SP 10 fev. 09/02/23\n2 SP 14 fev. 17/02/23\n2 fev. 01/03/23\nArr\u00eat\u00e9 du 17 f\u00e9vrier 2023 portant renouvellement de l'agr\u00e9ment d'un gardien de fourri\u00e8re 3 fev. 01/03/23\nArr\u00eat\u00e9 du 20 f\u00e9vrier 2023 du portant agr\u00e9ment d'un m\u00e9decin relatif \u00e0 l'organisation du contr\u00f4le m\u00e9dical de l'aptitude \u00e0 la conduite 3 fev. 01/03/23\nArr\u00eat\u00e9 du 22 f\u00e9vrier 2023 modifiant l'arr\u00eat\u00e9 portant composition de la Commission D\u00e9partementale de la S\u00e9curit\u00e9 Routi\u00e8re 3 fev. 01/03/23\n3 fev. 01/03/23\n3 fev. 01/03/23\nArr\u00eat\u00e9 du 17 f\u00e9vrier 2023 portant composition du comit\u00e9 op\u00e9rationnel d\u00e9partemental anti-fraude de la Manche 2 SP 22 mars 22/03/23\n2 SP 22 mars 22/03/23\n2 SP 23 mars 24/03/23\n2 SP 25 mars 31/03/23\nArr\u00eat\u00e9 du 14 mars 2023 portant attribution de la m\u00e9daille de l'enfance et des familles - Promotion 2023 2 mars 03/04/23\nArr\u00eat\u00e9 n\u00b023-058 du 21 mars 2023 portant nomination d'un Maire honoraire (MEAUTIS) 6 mars 03/04/23\nArr\u00eat\u00e9 n\u00b0 23-059 du 23 mars 2023 portant nomination d'un Maire honoraire (SAINT-JEAN-DE-LA-HAIZE) 6 mars 03/04/23\n2 SP 27 avril 05/04/23\n2 SP 27 avril 05/04/23\n2 SP 27 avril 05/04/23\n3 SP 27 avril 05/04/23\n3 SP 27 avril 05/04/23\nArr\u00eat\u00e9 du 5 avril 2023 instaurant un p\u00e9rim\u00e8tre de protection aux abords de la commune du Mont-Saint-Michel 3 SP 27 avril 05/04/23\nArr\u00eat\u00e9 du 6 avril 2023 portant interdiction d'une manifestation sur une partie du p\u00e9rim\u00e8tre de protection du Mont-Saint-Michel le 7 avril 2023 2 SP 28 avril 06/04/23\n2 SP 30 avril 12/04/23\nArr\u00eat\u00e9 du 11 avril 2023 autorisant les agents agr\u00e9\u00e9s du service interne de s\u00e9curit\u00e9 de la SNCF \u00e0 proc\u00e9der \u00e0 des palpations de s\u00e9curit\u00e9 3 SP 30 avril 12/04/23\nArr\u00eat\u00e9 pr\u00e9fectoral du 28 avril 2023 portant r\u00e9partition par canton et par commune du nombre des jur\u00e9s d'assises pour l'ann\u00e9e 2024 2 SP 35 avril 28/04/23\n4\nSP 35 avril 28/04/23\n2 avril 05/05/23\n3 avril 05/05/23\nArr\u00eat\u00e9 n\u00b023-073 du 4 avril 2023 portant nomination d'un Maire honoraire - SAINT-QUENTIN-SUR-LE-HOMME 3 avril 05/05/23\nArr\u00eat\u00e9 n\u00b0 22 \u2013 311 du 15 d\u00e9cembre 2022 accordant la m\u00e9daille d'honneur R\u00e9gionale, D\u00e9partementale et Communale \u00e0 l'occasion de la \npromotion du 1er janvier 2023\nArr\u00eat\u00e9 n\u00b0 1 du 12 janvier 2023 autorisant l'utilisation temporaire en statut \u00ab\u00a0cote ville\u00a0\u00bb d'une partie \u00ab\u00a0cote piste\u00a0\u00bb de l'a\u00e9rodrome \nd'Avranches \u2013 le Val Saint-P\u00e8re\nArr\u00eat\u00e9 du 30 janvier 2023 portant agr\u00e9ment d'un \u00e9tablissement d'enseignement de la conduite des v\u00e9hicules \u00e0 moteur et de la s\u00e9curit\u00e9 \nrouti\u00e8re -ACC\u00c8S PERMIS (COUTANCES)\nArr\u00eat\u00e9 pr\u00e9fectoral 2023 - 04 SIDPC du 9 f\u00e9vrier 2023 portant renouvellement d'agr\u00e9ment \u00e0 l'Union G\u00e9n\u00e9rale Sportive de l'Enseignement \nLibre (UGSEL) de la Manche pour la formation aux premiers secours.\nArr\u00eat\u00e9 du 17 f\u00e9vrier 2023 portant des mesures provisoires relatives \u00e0 l'achat, la vente, la cession, l'utilisation, le port et le transport \nd'artifices de divertissement et d'articles pyrotechniques lors des \u00e9v\u00e9nements li\u00e9s au carnaval de Granville de 2023\nArr\u00eat\u00e9 n\u00b0 2023-02-SIDPC/BSR du 7 f\u00e9vrier 2023 portant autorisation de transporter des produits explosifs \u00e0 la Soci\u00e9t\u00e9 LEMARECHAL \nCELESTIN (LMC)\nArr\u00eat\u00e9 modificatif du 28 f\u00e9vrier 2023 d'agr\u00e9ment d'un organisme charg\u00e9 de la formation sp\u00e9cifique des conducteurs responsables \nd'infractions - ATTITUDE PERMIS (Regn\u00e9ville sur Mer)\nArr\u00eat\u00e9 modificatif du 28 f\u00e9vrier 2023 d'agr\u00e9ment d'un organisme charg\u00e9 de la formation sp\u00e9cifique des conducteurs responsables \nd'infractions - SARL ACTIROUTE (Fontenay Le Comte)\nArr\u00eat\u00e9 n\u00b0 13 du 13 mars 2023 autorisant l'utilisation temporaire en statut \u00ab\u00a0cote ville\u00a0\u00bb d'une partie \u00ab\u00a0cote piste\u00a0\u00bb de l'a\u00e9rodrome lessay\nArr\u00eat\u00e9 n\u00b0PAEFPS/2023/14/SIDPC du 22 mars 2023 portant organisation d'un jury de certification d'une unit\u00e9 d'enseignement \u00ab p\u00e9dagogie \nappliqu\u00e9e \u00e0 l'emploi de formateur aux premiers secours \u00bb par le Service D\u00e9partemental d'Incendie et de Secours de la Manche\nArr\u00eat\u00e9 du 31 mars 2023 portant r\u00e9glementation temporaire du port et transport des artifices de divertissement, des articles pyrotechniques \net des substances ou produits incendiaires, sur tout le territoire des arrondissements de Saint-L\u00f4 et d'Avranches, lors des manifestations se \nd\u00e9roulant le 1er avril 2023\nArr\u00eat\u00e9 du 6 mars 2023 portant renouvellement de l'agr\u00e9ment d'un \u00e9tablissement de la conduite des v\u00e9hicules terrestres \u00e0 moteur et de la \ns\u00e9curit\u00e9 routi\u00e8re - AUTO \u00c9COLE OBJECTIF PLUS (VALOGNES)\nArr\u00eat\u00e9 du 6 mars 2023 portant renouvellement de l'agr\u00e9ment d'un \u00e9tablissement de la conduite des v\u00e9hicules terrestres \u00e0 moteur et de la \ns\u00e9curit\u00e9 routi\u00e8re - AUTO \u00c9COLE MONTEMBAULT (AVRANCHES)\nArr\u00eat\u00e9 du 6 mars 2023 portant renouvellement de l'agr\u00e9ment d'un \u00e9tablissement de la conduite des v\u00e9hicules terrestres \u00e0 moteur et de la \ns\u00e9curit\u00e9 routi\u00e8re - AUTO \u00c9COLE MONTEMBAULT (LA HAYE-PESNEL)\nArr\u00eat\u00e9 du 6 mars 2023 portant renouvellement de l'agr\u00e9ment d'un \u00e9tablissement de la conduite des v\u00e9hicules terrestres \u00e0 moteur et de la \ns\u00e9curit\u00e9 routi\u00e8re - AUTO \u00c9COLE MONTEMBAULT (SAINT-JAMES)\nArr\u00eat\u00e9 du 29 mars 2023 portant prorogation du mandat des membres du conseil d\u00e9partemental de la Manche pour les anciens combattants \net victimes de guerre et la m\u00e9moire de la Nation\nArr\u00eat\u00e9 SIDPC-2023-29 du 7 avril 2023 portant agr\u00e9ment d'un organisme pour la formation du personnel permanent de s\u00e9curit\u00e9 incendie \ndans les \u00e9tablissements recevant du public et immeubles de grandes hauteurs\nArr\u00eat\u00e9 du 28 avril 2023 portant interdiction des rassemblements festifs \u00e0 caract\u00e8re musical n'ayant pas fait l'objet d'une autorisation et de la \ncirculation de tout v\u00e9hicule transportant du mat\u00e9riel de diffusion de musique amplifi\u00e9e \u00e0 destination d'un rassemblement festif \u00e0 caract\u00e8re \nmusical n'ayant pas fait l'objet d'une autorisation\nArr\u00eat\u00e9 du 4 avril 2023 portant renouvellement de l'agr\u00e9ment d'un \u00e9tablissement de la conduite des v\u00e9hicules terrestres \u00e0 moteur et de la \ns\u00e9curit\u00e9 routi\u00e8re - AUTO \u00c9COLE DES MARAIS (SAINT SAUVEUR VILLAGES)\nArr\u00eat\u00e9 pr\u00e9fectoral n\u00b0 2023-10 du 4 avril 2023 fixant les listes des consommateurs de gaz naturel de plus de 5 Gwh/an, pr\u00e9vues \u00e0 l'article \nR.434-4 du Code de l'Energie,\nCABINET\nPage 5\n3 avril 05/05/23\n8 avril 05/05/23\n2 SP 36 mai 05/05/23\n2 SP 36 mai 05/05/23\n3 SP 36 mai 05/05/23\n3 SP 36 mai 05/05/23\n2 SP 39 mai 17/05/23\n2 SP 39 mai 17/05/23\n2 SP 40 mai 17/05/23\n2 SP 40 mai 17/05/23\n2 SP 44 mai 31/05/23\nArr\u00eat\u00e9 du 30 mai 2023 instaurant un p\u00e9rim\u00e8tre de protection aux abords de la commune du Mont-Saint-Michel 2 SP 44 mai 31/05/23\n2 mai 01/06/23\n2 mai 01/06/23\n3 mai 01/06/23\n2 SP 45 juin 02/06/23\n2 SP 46 juin 05/06/23\nArr\u00eat\u00e9 du 9 juin 2023 modificatif d'agr\u00e9ment d'un organisme charg\u00e9 de la formation sp\u00e9cifique des conducteurs responsables d'infractions. 2 SP 47 juin 12/06/23\n2 SP 48 juin 15/06/23\n Arr\u00eat\u00e9 du 29 juin 2023 autorisant les agents agr\u00e9\u00e9s du service interne de s\u00e9curit\u00e9 de la SNCF \u00e0 proc\u00e9der \u00e0 des palpations de s\u00e9curit\u00e9 2 SP 55 juin 30/06/23\nArr\u00eat\u00e9 du 30 juin 2023 instaurant un p\u00e9rim\u00e8tre de protection aux abords de la commune du Mont-Saint-Michel 2 SP 55 juin 30/06/23\n2 SP 56 juin 30/06/23\n2 SP 56 juin 30/06/23\nArr\u00eat\u00e9 du 30 juin 2023 portant interdiction d'une manifestation \u00e0 Saint-L\u00f4 le 30 juin 2023 2 SP 56 juin 30/06/23\n2 SP 57 juillet 03/07/23\n2 SP 57 juillet 03/07/23\n2 SP 59 juillet 05/07/23\n2 SP 59 juillet 05/07/23\n2 SP 60 juillet 07/07/23\nArr\u00eat\u00e9 du 29 mai 2023 portant attribution de la m\u00e9daille d'honneur des sapeurs-pompiers - Promotion du 14 juillet 2023 2 juin 10/07/23\nArr\u00eat\u00e9 n\u00b0 23-164 du 31 mai 2023 portant nomination d'un Maire honoraire (VIRANDEVILLE) 4 juin 10/07/23\n4 juin 10/07/23\nArr\u00eat\u00e9 n\u00b023-184 du 19 juin 2023 accordant la M\u00e9daille de bronze pour Acte de Courage et de D\u00e9vouement 4 juin 10/07/23\nArr\u00eat\u00e9 n\u00b023-194 du 27 juin 2023 accordant la M\u00e9daille d'argent de 2e classe pour Acte de Courage et de D\u00e9vouement 4 juin 10/07/23\nArr\u00eat\u00e9 n\u00b023-195 du 27 juin 2023 accordant la M\u00e9daille de bronzee pour Acte de Courage et de D\u00e9vouement 4 juin 10/07/23\n2 SP 64 juillet 24/07/23\nArr\u00eat\u00e9 2023-016-SIDPC du 19 avril 2023 relatif \u00e0 la liste des terrains de camping et de stationnement de caravanes situ\u00e9s en zones \u00e0 \nrisques naturels ou technologiques pr\u00e9visibles\nArr\u00eat\u00e9 pr\u00e9fectoral 2023/017/SIDPC du 25 avril 2023 r\u00e9glementant la pr\u00e9vention contre les risques sur les terrains de campings, caravanage, \nparcs r\u00e9sidentiels de loisirs \u00e0 gestion h\u00f4teli\u00e8re et installations assimil\u00e9es\nArr\u00eat\u00e9 pr\u00e9fectoral du 3 mai 2023 modifiant l'arr\u00eat\u00e9 pr\u00e9fectoral du 28 avril 2023 portant r\u00e9partition par canton et par commune du nombre des \njur\u00e9s d'assises pour l'ann\u00e9e 2024\u00a0\nArr\u00eat\u00e9 du 5 mai 2023 portant interdiction temporaire des rassemblements festifs \u00e0 caract\u00e8re musical n'ayant pas fait l'objet d'une \nautorisation dans le d\u00e9partement de la Manche\nArr\u00eat\u00e9 du 5 mai 2023 portant interdiction temporaire de circulation de tout v\u00e9hicule transportant du mat\u00e9riel de diffusion de musique \namplifi\u00e9e \u00e0 destination d'un rassemblement festif \u00e0 caract\u00e8re musical non autoris\u00e9e dans le d\u00e9partement de la Manche\nArr\u00eat\u00e9 du 5 mai 2023 portant autorisation de proc\u00e9der \u00e0 la captation, \u00e0 l'enregistrement et \u00e0 la transmission d'images au moyen de cam\u00e9ras \ninstall\u00e9es sur des a\u00e9ronefs\nArr\u00eat\u00e9 pr\u00e9fectoral du 11 mai 2023 interdisant le port et le transport dans les lieux publics de tous objets ayant l'apparence d'une arme \u00e0 feu \n\u00e0 l'occasion des comm\u00e9morations de l'anniversaire du D\u00e9barquement\nArr\u00eat\u00e9 du 16 mai 2023 portant autorisation de proc\u00e9der \u00e0 la captation, \u00e0 l'enregistrement et \u00e0 la transmission d'images au moyen de \ncam\u00e9ras install\u00e9es sur des a\u00e9ronefs\n Arr\u00eat\u00e9 pr\u00e9fectoral du 17 mai 2023 portant interdiction temporaire des rassemblements festifs \u00e0 caract\u00e8re musical n'ayant pas fait l'objet \nd'une autorisation dans le d\u00e9partement de la Manche\n  Arr\u00eat\u00e9 du 17 mai 2023 portant interdiction temporaire de circulation de tout v\u00e9hicule transportant du mat\u00e9riel de diffusion de musique \namplifi\u00e9e \u00e0 destination d'un rassemblement festif \u00e0 caract\u00e8re musical non autoris\u00e9e dans le d\u00e9partement de la Manche\nPAE FPS\u00a0: Certification du 30 mars 2023 organis\u00e9e par le SDIS (arr\u00eat\u00e9 PAEFPS/2023/14/SIDPC modifi\u00e9 du 22 mars 2023)\nArr\u00eat\u00e9 du 4 mai 2023 portant agr\u00e9ment d'un \u00e9tablissement d'enseignement de la conduite des v\u00e9hicules \u00e0 moteur et de la s\u00e9curit\u00e9 routi\u00e8re - \n\u00c9COLE DE CONDUITE DESFEUX (TORIGNY LES VILLES)\nArr\u00eat\u00e9 du 9 mai 2023 portant agr\u00e9ment d'une association d'enseignement de la conduire des v\u00e9hicules \u00e0 moteur et de la s\u00e9curit\u00e9 routi\u00e8re - \nSERVICE DE FORMATION ET D \u00c9DUCATION ROUTI\u00c8RE (AGNEAUX)\nArr\u00eat\u00e9 n\u00b0 21 du 12 mai 2023 autorisant l'utilisation temporaire en statut \u00ab\u00a0cote ville\u00a0\u00bb d'une partie \u00ab\u00a0cote piste\u00a0\u00bb de l'a\u00e9rodrome de Lessay\nArr\u00eat\u00e9 du 2 juin 2023 portant autorisation de proc\u00e9der \u00e0 la captation, \u00e0 l'enregistrement et \u00e0 la transmission d'images au moyen de cam\u00e9ras \ninstall\u00e9es sur des a\u00e9ronefs\nArr\u00eat\u00e9 du 3 juin 2023 portant modification de l'arr\u00eat\u00e9 du 1er juin 2023 portant interdiction temporaire du port et du transport d'armes, toutes \ncat\u00e9gories confondues, de munitions et d'objets pouvant constituer une arme par destination\nArr\u00eat\u00e9 pr\u00e9fectoral n\u00b0 23-177 du 12 juin 2023 portant constitution du comit\u00e9 op\u00e9rationnel de lutte contre le racisme, l'antis\u00e9mitisme et la \nhaine anti-lgbt+ (CORAH) de la Manche\nArr\u00eat\u00e9 du 30 juin 2023 interdisant temporairement la vente, la d\u00e9tention et l'utilisation de certains engins pyrotechniques dans le \nd\u00e9partement de la Manche\nArr\u00eat\u00e9 du 30 juin 2023 r\u00e9glementant temporairement la distribution et la vente de carburants et de produits chimiques, inflammables ou \nexplosifs\nArr\u00eat\u00e9 du 3 juillet 2023 r\u00e9glementant temporairement la distribution et la vente de carburants et de produits chimiques, inflammables ou \nexplosifs\nArr\u00eat\u00e9 du 3 juillet 2023 interdisant temporairement la vente, la d\u00e9tention et l'utilisation de certains engins pyrotechniques dans le \nd\u00e9partement de la Manche\nArr\u00eat\u00e9 du 5 juillet 2023 interdisant temporairement la vente, la d\u00e9tention et l'utilisation de certains engins pyrotechniques dans le \nd\u00e9partement de la Manche\nArr\u00eat\u00e9 du 5 juillet 2023 r\u00e9glementant temporairement la distribution et la vente de carburants et de produits chimiques, inflammables ou \nexplosifs\nArr\u00eat\u00e9 du 7 juillet 2023 portant interdiction du port, du transport et du maniement de r\u00e9pliques d'armes \u00e0 feu, d'imitations ou d'armes \nfactices et de tout objet ayant l'apparence d'une arme \u00e0 feu\nArr\u00eat\u00e9 du 19 juin 2023 portant agr\u00e9ment d'un \u00e9tablissement d'enseignement de la conduite des v\u00e9hicules \u00e0 moteur et de la s\u00e9curit\u00e9 routi\u00e8re \n- AUTO \u00c9COLE CESR PRO (EQUEURDREVILLE - CHERBOURG-EN-COTENTIN)\nArr\u00eat\u00e9 temporaire du 22 juillet 2023 portant interdiction de la circulation fluviale sur la Vire entre la base de cano\u00eb kayak situ\u00e9e \u00e0 Cond\u00e9 sur \nVire et la commune de Tessy-Bocage\nCABINET\nPage 6\n2 SP 65 juillet 25/07/23\n2 SP 65 juillet 25/07/23\nArr\u00eat\u00e9 pr\u00e9fectoral du 12 juin 2023 autorisant la soci\u00e9t\u00e9 Le Carr\u00e9 des Affaires SARL \u00e0 exercer l'activit\u00e9 de domiciliation 3 juillet 02/08/23\n3 juillet 02/08/23\n4 juillet 02/08/23\n4 juillet 02/08/23\n4 juillet 02/08/23\n2 SP 68 Ao\u00fbt 04/08/23\n2 SP 70 Ao\u00fbt 18/08/23\nArr\u00eat\u00e9 n\u00b0 23-219 du 9 ao\u00fbt 2023 portant nomination d'un Maire honoraire \u2013 SAINT-SAUVEUR-VILLAGES 2 SP 71 Ao\u00fbt 23/08/23\nArr\u00eat\u00e9 n\u00b0 23-220 du 10 ao\u00fbt 2023 portant nomination d'un Maire honoraire - LA CHAPELLE-UREE 2 SP 71 Ao\u00fbt 23/08/23\nArr\u00eat\u00e9 n\u00b0 23-221 du 11 ao\u00fbt 2023 portant nomination d'un Maire honoraire - SAINT-PIERRE-DE-SEMILLY 2 SP 71 Ao\u00fbt 23/08/23\nArr\u00eat\u00e9 n\u00b0 23 \u2013 178 du 10 juillet 2023 accordant la m\u00e9daille d'honneur agricole - promotion du 14 juillet 2023 2 Ao\u00fbt 01/09/23\nArr\u00eat\u00e9 n\u00b0 23 \u2013 199 du 10 juillet 2023 portant attribution de la m\u00e9daille d'honneur du Travail - Promotion du 14 juillet 2023 8 Ao\u00fbt 01/09/23\n53 Ao\u00fbt 01/09/23\n61 Ao\u00fbt 01/09/23\n62 Ao\u00fbt 01/09/23\n62 Ao\u00fbt 01/09/23\nArr\u00eat\u00e9 pr\u00e9fectoral n\u00b0 23-34 du 18 septembre 2023 relatif \u00e0 la suppl\u00e9ance des pr\u00e9sidents des commissions de s\u00e9curit\u00e9 d'arrondissement 2 SP 80 Sept. 19/09/23\nArr\u00eat\u00e9 du 3 octobre 2023 instaurant un p\u00e9rim\u00e8tre de protection aux abords de la commune du Mont-Saint-Michel 2 SP 85 Oct. 03/10/23\nArr\u00eat\u00e9 n\u00b023-245 BV du 22 septembre 2023 accordant la lettre de f\u00e9licitations pour Acte de Courage et de D\u00e9vouement 2 Sept. 03/10/23\nArr\u00eat\u00e9 n\u00b0 23-246 BV du 22 septembre 2023 accordant la m\u00e9daille de Vermeil pour Acte de Courage et de D\u00e9vouement 2 Sept. 03/10/23\nArr\u00eat\u00e9 du 16 octobre 2023 instaurant un p\u00e9rim\u00e8tre de protection aux abords de la commune du Mont-Saint-Michel 2 SP 88 Oct. 17/10/23\n2 SP 90 Oct. 20/10/23 Non index\u00e9\n2 SP 90 Oct. 20/10/23 Non index\u00e9\n3 Oct. 07/11/23\n3 Oct. 07/11/23\n4 Oct. 07/11/23\n4 Oct. 07/11/23\n4 Oct. 07/11/23\nArr\u00eat\u00e9 du 31 octobre 2023 instaurant un p\u00e9rim\u00e8tre de protection aux abords de la commune du Mont-Saint-Michel 4 Oct. 07/11/23\n2 SP 94 Nov. 13/11/23\n2 SP 95 Nov. 14/11/23 Non index\u00e9\n2 SP 96 Nov. 14/11/23\n3 Nov. 01/12/23\n3 Nov. 01/12/23\nArr\u00eat\u00e9 n\u00b023-305 BV du 21 novembre 2023 accordant la lettre de f\u00e9licitations pour Acte de Courage et de D\u00e9vouement 3 Nov. 01/12/23\nArr\u00eat\u00e9 du 24 juillet 2023 portant cr\u00e9ation d'une zone d'interdiction temporaire de survol du cimeti\u00e8re militaire am\u00e9ricain de Saint-James, \u00e0 \nMontjoie-Saint-Martin\nArr\u00eat\u00e9 du 24 juillet 2023 portant interdiction temporaire du port et du transport d'armes, toutes cat\u00e9gories confondues, de munitions et \nd'objets pouvant constituer une arme par destination\nArr\u00eat\u00e9 pr\u00e9fectoral du 16 juin 2023 autorisant la communaut\u00e9 de communes de Granville Terre et Mer \u00e0 exercer l'activit\u00e9 de domiciliation \ndans le cadre de l'incubateur \u00ab\u00a0Le G\u00e9n\u00e9rateur de Granville Terre et Mer\u00a0\u00bb\nArr\u00eat\u00e9 du 4 juillet 2023 portant renouvellement de l'agr\u00e9ment d'un \u00e9tablissement d'enseignement de la conduite des v\u00e9hicules terrestres \u00e0 \nmoteur et de la s\u00e9curit\u00e9 routi\u00e8re\nArr\u00eat\u00e9 du 17 juillet 2023 portant modification d'un agr\u00e9ment d'un \u00e9tablissement d'enseignement de la conduite des v\u00e9hicules \u00e0 moteur et de \nla s\u00e9curit\u00e9 routi\u00e8re \u2013 ACCES PERMIS (COUTANCES)\nArr\u00eat\u00e9 du 28 juillet 2023 portant autorisation de proc\u00e9der \u00e0 la captation, \u00e0 l'enregistrement et \u00e0 la transmission d'images au moyen de \ncam\u00e9ras install\u00e9es sur des a\u00e9ronefs\nArr\u00eat\u00e9 pr\u00e9fectoral SIDPC-2023-30 du 3 ao\u00fbt 2023 portant renouvellement de l'agr\u00e9ment d'un organisme pour la formation du personnel \npermanent de s\u00e9curit\u00e9 incendie dans les \u00e9tablissements recevant du public et immeubles de grande hauteur\nArr\u00eat\u00e9 du 17 ao\u00fbt 2023 portant interdiction permanente de l\u00e2cher de ballons et de l\u00e2chers de lanternes volantes dans le d\u00e9partement de la \nManche\nArr\u00eat\u00e9 n\u00b0 23 \u2013 202 du 10 juillet 2023 accordant la m\u00e9daille d'honneur R\u00e9gionale, D\u00e9partementale et Communale \u00e0 l'occasion de la \npromotion du 14 juillet 2023\nArr\u00eat\u00e9 du 1er ao\u00fbt 2023 portant renouvellement de l'agr\u00e9ment d'un \u00e9tablissement d'enseignement de la conduite des v\u00e9hicules terrestres \u00e0 \nmoteur et de la s\u00e9curit\u00e9 routi\u00e8re - BOULAY FORMATION (ISIGNY LE BUAT)\nArr\u00eat\u00e9 du 1er ao\u00fbt 2023 portant renouvellement de l'agr\u00e9ment d'un \u00e9tablissement d'enseignement de la conduite des v\u00e9hicules terrestres \u00e0 \nmoteur et de la s\u00e9curit\u00e9 routi\u00e8re - AUTO \u00c9COLE ERIC BOURDIN (VILLEDIEU LES PO\u00caLES ROUFFIGNY)\nArr\u00eat\u00e9 du 1er ao\u00fbt 2023 portant renouvellement de l'agr\u00e9ment d'un \u00e9tablissement d'enseignement de la conduite des v\u00e9hicules terrestres \u00e0 \nmoteur et de la s\u00e9curit\u00e9 routi\u00e8re - AGNES SARL (LESSAY)\nArr\u00eat\u00e9 du 19 octobre 2023 portant agr\u00e9ment d'un \u00e9tablissement d'enseignement de la conduite des v\u00e9hicules \u00e0 moteur et de la s\u00e9curit\u00e9 \nrouti\u00e8re\nArr\u00eat\u00e9 du 28 septembre 2023 portant agr\u00e9ment d'un \u00e9tablissement d'enseignement de la conduite des v\u00e9hicules \u00e0 moteur et de la s\u00e9curit\u00e9 \nrouti\u00e8re\nArr\u00eat\u00e9 du 19 octobre 2023 portant renouvellement de l'agr\u00e9ment d'un \u00e9tablissement d'enseignement de la conduite de v\u00e9hicules terrestres \n\u00e0 moteur et de la s\u00e9curit\u00e9 routi\u00e8re - AUTO MOTO \u00c9COLE DUCHET (BRICQUEBEC-EN-COTENTIN)\nArr\u00eat\u00e9 du 19 octobre 2023 portant renouvellement de l'agr\u00e9ment d'un \u00e9tablissement d'enseignement de la conduite de v\u00e9hicules terrestres \n\u00e0 moteur et de la s\u00e9curit\u00e9 routi\u00e8re - AUTO \u00c9COLE F. COSTENTIN (SAINT PAIR SUR MER)\nArr\u00eat\u00e9 du 19 octobre 2023 portant agr\u00e9ment d'une association d'enseignement de la conduire des v\u00e9hicules \u00e0 moteur et de la s\u00e9curit\u00e9 \nrouti\u00e8re - Association Cherbourgeoise (CHERBOURG-EN-COTENTIN)\nArr\u00eat\u00e9 du 30 octobre 2023 portant agr\u00e9ment d'un gardien de fourri\u00e8re - \u00ab\u00a0ASSISTANCE DEPANNAGE CANTREL\u00a0\u00bb (MARTINVAST)\nArr\u00eat\u00e9 n\u00b023-288 BV du 30 octobre 2023 portant nomination d'un Maire honoraire - NOTRE-DAME-D'ELLE, commune d\u00e9l\u00e9gu\u00e9e de SAINT-\nJEAN-D'ELLE.\nArr\u00eat\u00e9 pr\u00e9fectoral n\u00b0 2023-35 \u2013 SIDPC du 23 octobre 2023 fixant les listes des usagers du service prioritaire de l'\u00e9lectricit\u00e9 en cas de \nd\u00e9lestage sur les r\u00e9seaux publics d'\u00e9lectricit\u00e9\nArr\u00eat\u00e9 n\u00b023-291 FM du 7 novembre 2023 portant attribution de la m\u00e9daille d'honneur des sapeurs-pompiers - Promotion du 4 d\u00e9cembre \n2023\nArr\u00eat\u00e9 n\u00b0PAEFPS/2023/36/SIDPC du 14 novembre 2023 portant organisation d'un jury de certification d'une unit\u00e9 d'enseignement \np\u00e9dagogie appliqu\u00e9e \u00e0 l'emploi de formateur aux premiers secours organis\u00e9 par la Compagnie des Marins Pompiers de Cherbourg\nArr\u00eat\u00e9 du 9 novembre 2023 portant renouvellement de l'agr\u00e9ment d'enseignement de la conduite des v\u00e9hicules terrestres \u00e0 moteur et de la \ns\u00e9curit\u00e9 routi\u00e8re - AUTO \u00c9COLE INITIATIVE PERMIS (CHERBOURG-EN-COTENTIN)\nArr\u00eat\u00e9 du 20 novembre 2023 portant renouvellement de l'agr\u00e9ment d'enseignement de la conduite des v\u00e9hicules terrestres \u00e0 moteur et de \nla s\u00e9curit\u00e9 routi\u00e8re - AUTO \u00c9COLE FOUCHARD (SAINT LO)\nCABINET\nPage 7\nArr\u00eat\u00e9 n\u00b023-306 BV du 21 novembre 2023 accordant la lettre de f\u00e9licitations pour Acte de Courage et de D\u00e9vouement 4 Nov. 01/12/23\n4 Nov. 01/12/23\n4 Nov. 01/12/23\n4 Nov. 01/12/23\nArr\u00eat\u00e9 du 13 d\u00e9cembre 2023 instaurant un p\u00e9rim\u00e8tre de protection aux abords de la commune du Mont-Saint-Michel 2 SP 107 D\u00e9c. 15/12/23\n2 SP 108 D\u00e9c. 20/12/23\n2 SP 109 D\u00e9c. 22/12/23\n3 SP 109 D\u00e9c. 22/12/23\n3 D\u00e9c. 03/01/24\n4 D\u00e9c. 03/01/24\nArr\u00eat\u00e9 n\u00b023-320 BV du 12 d\u00e9cembre 2023 portant nomination d'un Maire honoraire - PONT-HEBERT 4 D\u00e9c. 03/01/24\nArr\u00eat\u00e9 n\u00b023-338 BV du 22 d\u00e9cembre 2023 portant nomination d'un Maire honoraire \u2013 SAINTE-MARIE-DU-MONT 4 D\u00e9c. 03/01/24\nArr\u00eat\u00e9 n\u00b023-339 BV du 22 d\u00e9cembre 2023 portant nomination d'un Maire honoraire \u2013 PICAUVILLE 4 D\u00e9c. 03/01/24\n4 D\u00e9c. 03/01/24\nArr\u00eat\u00e9 n\u00b0 23-309 BV du 24 novembre 2023 compl\u00e9tant et modifiant l'arr\u00eat\u00e9 pr\u00e9fectoral portant attribution de la m\u00e9daille d'honneur des \nsapeurs-pompiers - Promotion du 4 d\u00e9cembre 2023\nArr\u00eat\u00e9 du 27 novembre 2023 portant agr\u00e9ment d'un \u00e9tablissement d'enseignement de la conduite des v\u00e9hicules \u00e0 moteur et de la s\u00e9curit\u00e9 \nrouti\u00e8re - \u00c9COLE DE CONDUITE CHERBOURGEOISE (TOLLEVAST)\nArr\u00eat\u00e9 du 30 novembre 2023 portant renouvellement de l'agr\u00e9ment d'un \u00e9tablissement d'enseignement de la conduite des v\u00e9hicules \u00e0 \nmoteur et de la s\u00e9curit\u00e9 routi\u00e8re - AUTO \u00c9COLE DU BRECOURT (CHERBOURG-EN-COTENTIN)\nArr\u00eat\u00e9 du 18 d\u00e9cembre 2023 autorisant la captation, l'enregistrement et la transmission d'images au moyen de cam\u00e9ras install\u00e9es sur des \na\u00e9ronefs\nArr\u00eat\u00e9 pr\u00e9fectoral du 22 d\u00e9cembre 2023 portant r\u00e9glementation de l'achat, de la vente, de la cession, de l'utilisation, du port et du transport \ndes artifices de divertissement et articles pyrotechniques\nArr\u00eat\u00e9 du 22 d\u00e9cembre 2023 - R\u00e9glementant temporairement la distribution et la vente de carburants et de produits chimiques, \ninflammables ou explosifs \nArr\u00eat\u00e9 n\u00b023-316 BV du 5 d\u00e9cembre 2023 portant attribution de la M\u00e9daille de la Mutualit\u00e9, de la Coop\u00e9ration et du Cr\u00e9dit Agricoles - Ann\u00e9e \n2023\nArr\u00eat\u00e9 du 7 d\u00e9cembre 2023 portant modification d'un agr\u00e9ment d'un \u00e9tablissement d'enseignement de la conduite des v\u00e9hicules \u00e0 moteur et \nde la s\u00e9curit\u00e9 routi\u00e8re\nArr\u00eat\u00e9 n\u00b023-340 BV du 22 d\u00e9cembre 2023 portant nomination d'un Maire honoraire \u2013 SAINT-URSIN (commune associ\u00e9e \u00e0 SAINT-JEAN-\nDES-CHAMPS)\nSP Cherbourg\nPage 8\npage num\u00e9ro mois publi\u00e9 le\nArr\u00eat\u00e9 SF / n\u00b022 \u2013 68 du 20 d\u00e9cembre 2022 portant abrogation d'une habilitation dans le domaine fun\u00e9raire - SAS Pompes Fun\u00e8bres de La Hague (LES PIEUX) 3 janv. 01/02/23\n3 janv. 01/02/23\n3 janv. 01/02/23\n3 janv. 01/02/23\n4 janv. 01/02/23\n4 fev. 01/03/23\n6 mars 03/04/23\n6 mars 03/04/23\nArr\u00eat\u00e9 n\u00b0 23-363 du 22 mars 2023 portant renouvellement d'habilitation dans le domaine fun\u00e9raire - \u00abRequier Pompes Fun\u00e8bres et Marbrerie\u00bb (MARTINVAST) 6 mars 03/04/23\nArr\u00eat\u00e9 SF n\u00b0 23-364 du 22 mars 2023 portant renouvellement d'habilitation dans le domaine fun\u00e9raire - \u00abREQUIER Pompes Fun\u00e8bres et Marbrerie\u00bb (VALOGNES) 7 mars 03/04/23\nArr\u00eat\u00e9 n\u00b0 23-414 du 13 avril 2023 portant renouvellement d'habilitation dans le domaine fun\u00e9raire - SARL JMEMBALMER (Saint-Hilaire-du-Harcou\u00ebt) 11 avril 05/05/23\nArr\u00eat\u00e9 n\u00b023-426 du 17 avril 2023 portant renouvellement d'habilitation dans le domaine fun\u00e9raire - Pompes Fun\u00e8bres FLEURY David (Saint-Sauveur-le-Vicomte) 12 avril 05/05/23\nConvention du 12 mai 2023 de subd\u00e9l\u00e9gation de gestion en mati\u00e8re de permis de conduire 3 SP 39 mai 17/05/23\n5 juin 10/07/23\n2 SP 77 sept. 08/09/23\n5 SP 78 sept. 14/09/23\n6 SP 78 sept. 14/09/23\n6 SP 78 sept. 14/09/23\n6 SP 78 sept. 14/09/23\n6 SP 78 sept. 14/09/23\n7 SP 78 sept. 14/09/23\n7 SP 78 sept. 14/09/23\n7 SP 78 sept. 14/09/23\n7 SP 78 sept. 14/09/23\n8 SP 78 sept. 14/09/23\n8 SP 78 sept. 14/09/23\n8 SP 78 sept. 14/09/23\n8 SP 78 sept. 14/09/23\n9 SP 78 sept. 14/09/23\n9 SP 78 sept. 14/09/23\n9 SP 78 sept. 14/09/23\n9 SP 78 sept. 14/09/23\n10 SP 78 sept. 14/09/23\n10 SP 78 sept. 14/09/23\n10 SP 78 sept. 14/09/23\nArr\u00eat\u00e9\u00a0 SF n\u00b022 \u2013 75 du 20 d\u00e9cembre 2022 portant habilitation dans le domaine fun\u00e9raire - SARL POMPE FUN\u00c8BRE LEPRESLE (MONTEBOURG)\nArr\u00eat\u00e9\u00a0 SF n\u00b022 \u2013 78 du 22 d\u00e9cembre 2022 portant abrogation d'une habilitation dans le domaine fun\u00e9raire - \u00abMAISON FUNERAIRE DU MORTAINAIS\u00a0\u00bb (LE \nNEUFBOURG)\nArr\u00eat\u00e9 \u00a0SF n\u00b022 \u2013 79 du 22 d\u00e9cembre 2022 portant habilitation dans le domaine fun\u00e9raire - \u00abMAISON FUNERAIRE DU MORTAINAIS\u00a0\u00bb- - - (LE NEUFBOURG)\nArr\u00eat\u00e9\u00a0 SF / n\u00b022 \u2013 80 du 22 d\u00e9cembre 2022 portant renouvellement d'habilitation dans le domaine fun\u00e9raire - SARL A.DELACOTTE (SAINT-SAUVEUR-LE-\nVICOMTE)\nArr\u00eat\u00e9 n\u00b0\u00a0SF/ N\u00b023 -305 du 17 f\u00e9vrier 2023 portant habilitation dans le domaine fun\u00e9raire - S.A.R.L. POMPES FUNEBRES HARDY (AVRANCHES)\nArr\u00eat\u00e9 n\u00b0 23-361du 22 mars 2023 portant renouvellement d'habilitation dans le domaine fun\u00e9raire - \u00abREQUIER Pompes Fun\u00e8bres et Marbrerie\u00bb(BARNEVILLE-\nCARTERET)\nArr\u00eat\u00e9 n\u00b0 23-362 du 22 mars 2023 portant renouvellement d'habilitation dans le domaine fun\u00e9raire - \u00abPFG Pompes Fun\u00e8bres G\u00e9n\u00e9rales\u00bb (BRICQUEBEC-EN-\nCOTENTIN)\nArr\u00eat\u00e9 SF/ n\u00b023 -572 du 9 juin 2023 portant habilitation dans le domaine fun\u00e9raire - MAISON PLESSIS-LETELLIER\u00a0(VILLEDIEU-LES-PO\u00caLES-ROUFFIGNY)\nArr\u00eat\u00e9 n\u00b0 SF/2023-648 portant modification de la nomination des membres de la commission de contr\u00f4le charg\u00e9e de la r\u00e9gularit\u00e9 des listes \u00e9lectorales dans la \ncommune de Surtainville (communes de 1 000 habitants et plus avec 2 et 3 listes)\nArr\u00eat\u00e9 n\u00b0 2023-CRLE- 1 du 4 juillet 2023 portant nomination des membres de la commission de contr\u00f4le charg\u00e9e de la r\u00e9gularit\u00e9 des listes \u00e9lectorales dans la \ncommune de Anneville-en-Saire (communes de moins de 1 000 habitants et assimil\u00e9es)\nArr\u00eat\u00e9 n\u00b0 2023-CRLE- 2 du 21 juillet 2023 portant nomination des membres de la commission de contr\u00f4le charg\u00e9e de la r\u00e9gularit\u00e9 des listes \u00e9lectorales dans la \ncommune de Audouville-la-Hubert (communes de moins de 1 000 habitants et assimil\u00e9es)\nArr\u00eat\u00e9 n\u00b0 2023-CRLE- 3 du 6 juillet 2023 portant nomination des membres de la commission de contr\u00f4le charg\u00e9e de la r\u00e9gularit\u00e9 des listes \u00e9lectorales dans la \ncommune de Aumeville-Lestre (communes de moins de 1 000 habitants et assimil\u00e9es)\nArr\u00eat\u00e9 n\u00b0 2023-CRLE- 4 du 6 juillet 2023 du 6 juillet 2023 portant nomination des membres de la commission de contr\u00f4le charg\u00e9e de la r\u00e9gularit\u00e9 des listes \n\u00e9lectorales dans la commune de Azeville (communes de moins de 1 000 habitants et assimil\u00e9es)\nArr\u00eat\u00e9 n\u00b0 2023-CRLE- 5 du 21 juillet 2023 portant nomination des membres de la commission de contr\u00f4le charg\u00e9e de la r\u00e9gularit\u00e9 des listes \u00e9lectorales dans la \ncommune de Barfleur (communes de moins de 1 000 habitants et assimil\u00e9es)\nArr\u00eat\u00e9 n\u00b0 SF/2023-579 du 21 juillet 2023 portant nomination des membres de la commission de contr\u00f4le charg\u00e9e de la r\u00e9gularit\u00e9 des listes \u00e9lectorales dans la \ncommune de Barneville-Carteret (communes de 1 000 habitants et plus avec 2 et 3 listes)\nArr\u00eat\u00e9 n\u00b0 2023-CRLE- 6 du 6 juillet 2023 portant nomination des membres de la commission de contr\u00f4le charg\u00e9e de la r\u00e9gularit\u00e9 des listes \u00e9lectorales dans la \ncommune de Baubigny (communes de moins de 1 000 habitants et assimil\u00e9es)\nArr\u00eat\u00e9 n\u00b0 2023-CRLE- 7 du 6 juillet 2023 portant nomination des membres de la commission de contr\u00f4le charg\u00e9e de la r\u00e9gularit\u00e9 des listes \u00e9lectorales dans la \ncommune de Benoistville (communes de moins de 1 000 habitants et assimil\u00e9es)\nArr\u00eat\u00e9 n\u00b0 2023-CRLE- 8 du 6 juillet 2023 portant nomination des membres de la commission de contr\u00f4le charg\u00e9e de la r\u00e9gularit\u00e9 des listes \u00e9lectorales dans la \ncommune de Besneville (communes de moins de 1 000 habitants et assimil\u00e9es)\nArr\u00eat\u00e9 n\u00b0 2023-CRLE- 9 du 21 juillet 2023 portant nomination des membres de la commission de contr\u00f4le charg\u00e9e de la r\u00e9gularit\u00e9 des listes \u00e9lectorales dans la \ncommune de Beuzeville-la-Bastille (communes de moins de 1 000 habitants et assimil\u00e9es)\nArr\u00eat\u00e9 n\u00b0 2023-CRLE- 10 du 6 juillet 2023 portant nomination des membres de la commission de contr\u00f4le charg\u00e9e de la r\u00e9gularit\u00e9 des listes \u00e9lectorales dans la \ncommune de Biniville (communes de moins de 1 000 habitants et assimil\u00e9es)\nArr\u00eat\u00e9 n\u00b0 2023-CRLE- 11 du 21 juillet 2023 portant nomination des membres de la commission de contr\u00f4le charg\u00e9e de la r\u00e9gularit\u00e9 des listes \u00e9lectorales dans la \ncommune de Blosville (communes de moins de 1 000 habitants et assimil\u00e9es)\nArr\u00eat\u00e9 n\u00b0 2023-CRLE- 12 du 6 juillet 2023 portant nomination des membres de la commission de contr\u00f4le charg\u00e9e de la r\u00e9gularit\u00e9 des listes \u00e9lectorales dans la \ncommune de Boutteville (communes de moins de 1 000 habitants et assimil\u00e9es)\nArr\u00eat\u00e9 n\u00b0 SF/2023-580 du 4 juillet 2023 portant nomination des membres de la commission de contr\u00f4le charg\u00e9e de la r\u00e9gularit\u00e9 des listes \u00e9lectorales dans la \ncommune de Bretteville (communes de 1 000 habitants et plus avec 2 et 3 listes)\nArr\u00eat\u00e9 n\u00b0 2023-CRLE- 13 du 21 juillet 2023 portant nomination des membres de la commission de contr\u00f4le charg\u00e9e de la r\u00e9gularit\u00e9 des listes \u00e9lectorales dans la \ncommune de Breuville (communes de moins de 1 000 habitants et assimil\u00e9es)\nArr\u00eat\u00e9 n\u00b0 SF/2023-581 du 4 juillet 2023 portant nomination des membres de la commission de contr\u00f4le charg\u00e9e de la r\u00e9gularit\u00e9 des listes \u00e9lectorales dans la \ncommune de Bricquebec-en-Cotentin (communes de 1 000 habitants et plus avec 2 et 3 listes)\nArr\u00eat\u00e9 n\u00b0 2023-CRLE- 14 du 6 juillet 2023 portant nomination des membres de la commission de contr\u00f4le charg\u00e9e de la r\u00e9gularit\u00e9 des listes \u00e9lectorales dans la \ncommune de Bricqueboscq (communes de moins de 1 000 habitants et assimil\u00e9es)\nArr\u00eat\u00e9 n\u00b0 2023-CRLE- 15 du 6 juillet 2023 portant nomination des membres de la commission de contr\u00f4le charg\u00e9e de la r\u00e9gularit\u00e9 des listes \u00e9lectorales dans la \ncommune de Brillevast (communes de moins de 1 000 habitants et assimil\u00e9es)\nArr\u00eat\u00e9 n\u00b0 SF/2023-582 du 4 juillet 2023 portant nomination des membres de la commission de contr\u00f4le charg\u00e9e de la r\u00e9gularit\u00e9 des listes \u00e9lectorales dans la \ncommune de Brix (communes de 1 000 habitants et plus avec 2 et 3 listes)\nArr\u00eat\u00e9 n\u00b0 2023-CRLE- 16 du 21 juillet 2023 portant nomination des membres de la commission de contr\u00f4le charg\u00e9e de la r\u00e9gularit\u00e9 des listes \u00e9lectorales dans la \ncommune de Canteloup (communes de moins de 1 000 habitants et assimil\u00e9es)\nSP Cherbourg\nPage 9\n10 SP 78 sept. 14/09/23\n11 SP 78 sept. 14/09/23\n11 SP 78 sept. 14/09/23\n11 SP 78 sept. 14/09/23\n12 SP 78 sept. 14/09/23\n12 SP 78 sept. 14/09/23\n12 SP 78 sept. 14/09/23\n12 SP 78 sept. 14/09/23\n13 SP 78 sept. 14/09/23\n13 SP 78 sept. 14/09/23\n13 SP 78 sept. 14/09/23\n14 SP 78 sept. 14/09/23\n14 SP 78 sept. 14/09/23\n14 SP 78 sept. 14/09/23\n14 SP 78 sept. 14/09/23\n15 SP 78 sept. 14/09/23\n15 SP 78 sept. 14/09/23\n15 SP 78 sept. 14/09/23\n15 SP 78 sept. 14/09/23\n16 SP 78 sept. 14/09/23\n16 SP 78 sept. 14/09/23\n16 SP 78 sept. 14/09/23\n17 SP 78 sept. 14/09/23\n17 SP 78 sept. 14/09/23\n17 SP 78 sept. 14/09/23\n17 SP 78 sept. 14/09/23\n18 SP 78 sept. 14/09/23\n18 SP 78 sept. 14/09/23\n18 SP 78 sept. 14/09/23\n19 SP 78 sept. 14/09/23\nArr\u00eat\u00e9 n\u00b0 2023-CRLE- 17 du 6 juillet 2023 portant nomination des membres de la commission de contr\u00f4le charg\u00e9e de la r\u00e9gularit\u00e9 des listes \u00e9lectorales dans la \ncommune de Canville-la-Rocque (communes de moins de 1 000 habitants et assimil\u00e9es)\nArr\u00eat\u00e9 n\u00b0 2023-CRLE- 18 du 6 juillet 2023 portant nomination des membres de la commission de contr\u00f4le charg\u00e9e de la r\u00e9gularit\u00e9 des listes \u00e9lectorales dans la \ncommune de Carneville (communes de moins de 1 000 habitants et assimil\u00e9es)\nArr\u00eat\u00e9 n\u00b0 2023-CRLE- 19 du 6 juillet 2023 portant nomination des membres de la commission de contr\u00f4le charg\u00e9e de la r\u00e9gularit\u00e9 des listes \u00e9lectorales dans la \ncommune de Catteville (communes de moins de 1 000 habitants et assimil\u00e9es)\nArr\u00eat\u00e9 n\u00b0 SF/2023-584 du 4 juillet 2023 portant nomination des membres de la commission de contr\u00f4le charg\u00e9e de la r\u00e9gularit\u00e9 des listes \u00e9lectorales dans la \ncommune de Cherbourg-en-Cotentin (communes de 1 000 habitants et plus avec 2 et 3 listes)\nArr\u00eat\u00e9 n\u00b0 2023-CRLE- 20 du 6 juillet 2023 portant nomination des membres de la commission de contr\u00f4le charg\u00e9e de la r\u00e9gularit\u00e9 des listes \u00e9lectorales dans la \ncommune de Clitourps (communes de moins de 1 000 habitants et assimil\u00e9es)\nArr\u00eat\u00e9 n\u00b0 2023-CRLE- 21 du 6 juillet 2023 portant nomination des membres de la commission de contr\u00f4le charg\u00e9e de la r\u00e9gularit\u00e9 des listes \u00e9lectorales dans la \ncommune de Colomby (communes de moins de 1 000 habitants et assimil\u00e9es)\nArr\u00eat\u00e9 n\u00b0 SF/2023-585 du 4 juillet 2023 portant nomination des membres de la commission de contr\u00f4le charg\u00e9e de la r\u00e9gularit\u00e9 des listes \u00e9lectorales dans la \ncommune de Couville (communes de 1 000 habitants et plus avec 2 et 3 listes)\nArr\u00eat\u00e9 n\u00b0 2023-CRLE- 22 du 6 juillet 2023 portant nomination des membres de la commission de contr\u00f4le charg\u00e9e de la r\u00e9gularit\u00e9 des listes \u00e9lectorales dans la \ncommune de Crasville (communes de moins de 1 000 habitants et assimil\u00e9es)\nArr\u00eat\u00e9 n\u00b0 2023-CRLE- 23 du 6 juillet 2023 portant nomination des membres de la commission de contr\u00f4le charg\u00e9e de la r\u00e9gularit\u00e9 des listes \u00e9lectorales dans la \ncommune de Crosville-sur-Douve (communes de moins de 1 000 habitants et assimil\u00e9es)\nArr\u00eat\u00e9 n\u00b0 2023-CRLE- 24 du 6 juillet 2023 portant nomination des membres de la commission de contr\u00f4le charg\u00e9e de la r\u00e9gularit\u00e9 des listes \u00e9lectorales dans la \ncommune de Digosville (communes de moins de 1 000 habitants et assimil\u00e9es)\nArr\u00eat\u00e9 n\u00b0 2023-CRLE- 25 du 6 juillet 2023 portant nomination des membres de la commission de contr\u00f4le charg\u00e9e de la r\u00e9gularit\u00e9 des listes \u00e9lectorales dans la \ncommune de Ecausseville (communes de moins de 1 000 habitants et assimil\u00e9es)\nArr\u00eat\u00e9 n\u00b0 2023-CRLE- 26 du 6 juillet 2023 portant nomination des membres de la commission de contr\u00f4le charg\u00e9e de la r\u00e9gularit\u00e9 des listes \u00e9lectorales dans la \ncommune de Emondeville (communes de moins de 1 000 habitants et assimil\u00e9es)\nArr\u00eat\u00e9 n\u00b0 2023-CRLE- 27 du 6 juillet 2023 portant nomination des membres de la commission de contr\u00f4le charg\u00e9e de la r\u00e9gularit\u00e9 des listes \u00e9lectorales dans la \ncommune de Eroudeville (communes de moins de 1 000 habitants et assimil\u00e9es)\nArr\u00eat\u00e9 n\u00b0 2023-CRLE- 28 du 6 juillet 2023 portant nomination des membres de la commission de contr\u00f4le charg\u00e9e de la r\u00e9gularit\u00e9 des listes \u00e9lectorales dans la \ncommune de Etienville (communes de moins de 1 000 habitants et assimil\u00e9es)\nArr\u00eat\u00e9 n\u00b0 SF/2023-586 du 4 juillet 2023 portant nomination des membres de la commission de contr\u00f4le charg\u00e9e de la r\u00e9gularit\u00e9 des listes \u00e9lectorales dans la \ncommune de Fermanville (communes de 1 000 habitants et plus avec 2 et 3 listes)\nArr\u00eat\u00e9 n\u00b0 2023-CRLE- 29 du 6 juillet 2023 portant nomination des membres de la commission de contr\u00f4le charg\u00e9e de la r\u00e9gularit\u00e9 des listes \u00e9lectorales dans la \ncommune de Fierville-les-Mines (communes de moins de 1 000 habitants et assimil\u00e9es)\nArr\u00eat\u00e9 n\u00b0 SF/2023-587 du 4 juillet 2023 portant nomination des membres de la commission de contr\u00f4le charg\u00e9e de la r\u00e9gularit\u00e9 des listes \u00e9lectorales dans la \ncommune de Flamanville (communes de 1 000 habitants et plus avec 2 et 3 listes)\nArr\u00eat\u00e9 n\u00b0 2023-CRLE- 30 du 21 juillet 2023 portant nomination des membres de la commission de contr\u00f4le charg\u00e9e de la r\u00e9gularit\u00e9 des listes \u00e9lectorales dans la \ncommune de Flottemanville (communes de moins de 1 000 habitants et assimil\u00e9es)\nArr\u00eat\u00e9 n\u00b0 2023-CRLE- 31 du 6 juillet 2023 portant nomination des membres de la commission de contr\u00f4le charg\u00e9e de la r\u00e9gularit\u00e9 des listes \u00e9lectorales dans la \ncommune de Fontenay-sur-Mer (communes de moins de 1 000 habitants et assimil\u00e9es)\nArr\u00eat\u00e9 n\u00b0 2023-CRLE- 32 du 6 juillet 2023 portant nomination des membres de la commission de contr\u00f4le charg\u00e9e de la r\u00e9gularit\u00e9 des listes \u00e9lectorales dans la \ncommune de Fresville (communes de moins de 1 000 habitants et assimil\u00e9es)\nArr\u00eat\u00e9 n\u00b0 2023-CRLE- 33 du 6 juillet 2023 portant nomination des membres de la commission de contr\u00f4le charg\u00e9e de la r\u00e9gularit\u00e9 des listes \u00e9lectorales dans la \ncommune de Gatteville-le-Phare (communes de moins de 1 000 habitants et assimil\u00e9es)\nArr\u00eat\u00e9 n\u00b0 2023-CRLE- 34 du 6 juillet 2023 portant nomination des membres de la commission de contr\u00f4le charg\u00e9e de la r\u00e9gularit\u00e9 des listes \u00e9lectorales dans la \ncommune de Golleville (communes de moins de 1 000 habitants et assimil\u00e9es)\nArr\u00eat\u00e9 n\u00b0 SF/2023-588 du 4 juillet 2023 portant nomination des membres de la commission de contr\u00f4le charg\u00e9e de la r\u00e9gularit\u00e9 des listes \u00e9lectorales dans la \ncommune de Gonneville-Le Theil (communes de 1 000 habitants et plus avec 2 et 3 listes)\nArr\u00eat\u00e9 n\u00b0 2023-CRLE- 35 du 6 juillet 2023 portant nomination des membres de la commission de contr\u00f4le charg\u00e9e de la r\u00e9gularit\u00e9 des listes \u00e9lectorales dans la \ncommune de Grosville (communes de moins de 1 000 habitants et assimil\u00e9es)\nArr\u00eat\u00e9 n\u00b0 2023-CRLE- 36 du 6 juillet 2023 portant nomination des membres de la commission de contr\u00f4le charg\u00e9e de la r\u00e9gularit\u00e9 des listes \u00e9lectorales dans la \ncommune de Hardinvast (communes de moins de 1 000 habitants et assimil\u00e9es)\nArr\u00eat\u00e9 n\u00b0 2023-CRLE- 37 du 6 juillet 2023 portant nomination des membres de la commission de contr\u00f4le charg\u00e9e de la r\u00e9gularit\u00e9 des listes \u00e9lectorales dans la \ncommune de Hautteville-Bocage (communes de moins de 1 000 habitants et assimil\u00e9es)\nArr\u00eat\u00e9 n\u00b0 2023-CRLE- 38 du 6 juillet 2023 portant nomination des membres de la commission de contr\u00f4le charg\u00e9e de la r\u00e9gularit\u00e9 des listes \u00e9lectorales dans la \ncommune de Heauville (communes de moins de 1 000 habitants et assimil\u00e9es)\nArr\u00eat\u00e9 n\u00b0 2023-CRLE- 39 du 6 juillet 2023 portant nomination des membres de la commission de contr\u00f4le charg\u00e9e de la r\u00e9gularit\u00e9 des listes \u00e9lectorales dans la \ncommune de Helleville (communes de moins de 1 000 habitants et assimil\u00e9es)\nArr\u00eat\u00e9 n\u00b0 2023-CRLE- 40 du 6 juillet 2023 portant nomination des membres de la commission de contr\u00f4le charg\u00e9e de la r\u00e9gularit\u00e9 des listes \u00e9lectorales dans la \ncommune de Hemevez (communes de moins de 1 000 habitants et assimil\u00e9es)\nArr\u00eat\u00e9 n\u00b0 2023-CRLE- 41 du 6 juillet 2023 portant nomination des membres de la commission de contr\u00f4le charg\u00e9e de la r\u00e9gularit\u00e9 des listes \u00e9lectorales dans la \ncommune de Hiesville (communes de moins de 1 000 habitants et assimil\u00e9es)\nSP Cherbourg\nPage 10\n19 SP 78 sept. 14/09/23\n19 SP 78 sept. 14/09/23\n19 SP 78 sept. 14/09/23\n20 SP 78 sept. 14/09/23\n20 SP 78 sept. 14/09/23\n20 SP 78 sept. 14/09/23\n21 SP 78 sept. 14/09/23\n21 SP 78 sept. 14/09/23\n21 SP 78 sept. 14/09/23\n21 SP 78 sept. 14/09/23\n22 SP 78 sept. 14/09/23\n22 SP 78 sept. 14/09/23\n22 SP 78 sept. 14/09/23\n22 SP 78 sept. 14/09/23\n23 SP 78 sept. 14/09/23\n23 SP 78 sept. 14/09/23\n23 SP 78 sept. 14/09/23\n24 SP 78 sept. 14/09/23\n24 SP 78 sept. 14/09/23\n24 SP 78 sept. 14/09/23\n24 SP 78 sept. 14/09/23\n25 SP 78 sept. 14/09/23\n25 SP 78 sept. 14/09/23\n25 SP 78 sept. 14/09/23\n25 SP 78 sept. 14/09/23\n26 SP 78 sept. 14/09/23\n26 SP 78 sept. 14/09/23\n26 SP 78 sept. 14/09/23\n27 SP 78 sept. 14/09/23\n27 SP 78 sept. 14/09/23\nArr\u00eat\u00e9 n\u00b0 2023-CRLE- 42 du 6 juillet 2023 portant nomination des membres de la commission de contr\u00f4le charg\u00e9e de la r\u00e9gularit\u00e9 des listes \u00e9lectorales dans la \ncommune de Huberville (communes de moins de 1 000 habitants et assimil\u00e9es)\nArr\u00eat\u00e9 n\u00b0 2023-CRLE- 43 du 6 juillet 2023 portant nomination des membres de la commission de contr\u00f4le charg\u00e9e de la r\u00e9gularit\u00e9 des listes \u00e9lectorales dans la \ncommune de Joganville (communes de moins de 1 000 habitants et assimil\u00e9es)\nArr\u00eat\u00e9 n\u00b0 2023-CRLE- 44 du 6 juillet 2023 portant nomination des membres de la commission de contr\u00f4le charg\u00e9e de la r\u00e9gularit\u00e9 des listes \u00e9lectorales dans la \ncommune de La Bonneville (communes de moins de 1 000 habitants et assimil\u00e9es)\nArr\u00eat\u00e9 n\u00b0 SF/2023-589 du 4 juillet 2023 portant nomination des membres de la commission de contr\u00f4le charg\u00e9e de la r\u00e9gularit\u00e9 des listes \u00e9lectorales dans la \ncommune de La Hague (communes de 1 000 habitants et plus avec 2 et 3 listes)\nArr\u00eat\u00e9 n\u00b0 2023-CRLE- 45 du 6 juillet 2023 portant nomination des membres de la commission de contr\u00f4le charg\u00e9e de la r\u00e9gularit\u00e9 des listes \u00e9lectorales dans la \ncommune de La Haye d'Ectot (communes de moins de 1 000 habitants et assimil\u00e9es)\nArr\u00eat\u00e9 n\u00b0 2023-CRLE- 46 du 6 juillet 2023 portant nomination des membres de la commission de contr\u00f4le charg\u00e9e de la r\u00e9gularit\u00e9 des listes \u00e9lectorales dans la \ncommune de La Pernelle (communes de moins de 1 000 habitants et assimil\u00e9es)\nArr\u00eat\u00e9 n\u00b0 2023-CRLE- 47 du 6 juillet 2023 portant nomination des membres de la commission de contr\u00f4le charg\u00e9e de la r\u00e9gularit\u00e9 des listes \u00e9lectorales dans la \ncommune de Le Ham (communes de moins de 1 000 habitants et assimil\u00e9es)\nArr\u00eat\u00e9 n\u00b0 2023-CRLE- 48 du 21 juillet 2023 portant nomination des membres de la commission de contr\u00f4le charg\u00e9e de la r\u00e9gularit\u00e9 des listes \u00e9lectorales dans la \ncommune de Le Mesnil (communes de moins de 1 000 habitants et assimil\u00e9es)\nArr\u00eat\u00e9 n\u00b0 2023-CRLE- 49 du 21 juillet 2023 portant nomination des membres de la commission de contr\u00f4le charg\u00e9e de la r\u00e9gularit\u00e9 des listes \u00e9lectorales dans la \ncommune de Le Mesnil-au-Val (communes de moins de 1 000 habitants et assimil\u00e9es)\nArr\u00eat\u00e9 n\u00b0 2023-CRLE- 50 du 21 juillet 2023 portant nomination des membres de la commission de contr\u00f4le charg\u00e9e de la r\u00e9gularit\u00e9 des listes \u00e9lectorales dans la \ncommune de Le Rozel (communes de moins de 1 000 habitants et assimil\u00e9es)\nArr\u00eat\u00e9 n\u00b0 2023-CRLE- 51 du 6 juillet 2023 portant nomination des membres de la commission de contr\u00f4le charg\u00e9e de la r\u00e9gularit\u00e9 des listes \u00e9lectorales dans la \ncommune de Le Vast (communes de moins de 1 000 habitants et assimil\u00e9es)\nArr\u00eat\u00e9 n\u00b0 2023-CRLE- 52 du 6 juillet 2023 portant nomination des membres de la commission de contr\u00f4le charg\u00e9e de la r\u00e9gularit\u00e9 des listes \u00e9lectorales dans la \ncommune de Le Vicel (communes de moins de 1 000 habitants et assimil\u00e9es)\nArr\u00eat\u00e9 n\u00b0 2023-CRLE- 53 du 6 juillet 2023 portant nomination des membres de la commission de contr\u00f4le charg\u00e9e de la r\u00e9gularit\u00e9 des listes \u00e9lectorales dans la \ncommune de Les Moitiers-d'Allonne (communes de moins de 1 000 habitants et assimil\u00e9es)\nArr\u00eat\u00e9 n\u00b0 2023-CRLE- 54 du 6 juillet 2023 portant nomination des membres de la commission de contr\u00f4le charg\u00e9e de la r\u00e9gularit\u00e9 des listes \u00e9lectorales dans la \ncommune de Les Pieux (communes de moins de 1 000 habitants et assimil\u00e9es)\nArr\u00eat\u00e9 n\u00b0 2023-CRLE- 55 du 6 juillet 2023 portant nomination des membres de la commission de contr\u00f4le charg\u00e9e de la r\u00e9gularit\u00e9 des listes \u00e9lectorales dans la \ncommune de Lestre (communes de moins de 1 000 habitants et assimil\u00e9es)\nArr\u00eat\u00e9 n\u00b0 2023-CRLE- 56 du 6 juillet 2023 portant nomination des membres de la commission de contr\u00f4le charg\u00e9e de la r\u00e9gularit\u00e9 des listes \u00e9lectorales dans la \ncommune de L'Etang-Bertrand (communes de moins de 1 000 habitants et assimil\u00e9es)\nArr\u00eat\u00e9 n\u00b0 2023-CRLE- 57 du 6 juillet 2023 portant nomination des membres de la commission de contr\u00f4le charg\u00e9e de la r\u00e9gularit\u00e9 des listes \u00e9lectorales dans la \ncommune de Liesville-sur-Douve (communes de moins de 1 000 habitants et assimil\u00e9es)\nArr\u00eat\u00e9 n\u00b0 2023-CRLE- 58 du 6 juillet 2023 portant nomination des membres de la commission de contr\u00f4le charg\u00e9e de la r\u00e9gularit\u00e9 des listes \u00e9lectorales dans la \ncommune de Lieusaint (communes de moins de 1 000 habitants et assimil\u00e9es)\nArr\u00eat\u00e9 n\u00b0 2023-CRLE- 59 du 6 juillet 2023 portant nomination des membres de la commission de contr\u00f4le charg\u00e9e de la r\u00e9gularit\u00e9 des listes \u00e9lectorales dans la \ncommune de Magneville (communes de moins de 1 000 habitants et assimil\u00e9es)\nArr\u00eat\u00e9 n\u00b0 2023-CRLE- 60 du 6 juillet 2023 portant nomination des membres de la commission de contr\u00f4le charg\u00e9e de la r\u00e9gularit\u00e9 des listes \u00e9lectorales dans la \ncommune de Martinvast (communes de moins de 1 000 habitants et assimil\u00e9es)\nArr\u00eat\u00e9 n\u00b0 2023-CRLE- 61 du 6 juillet 2023 portant nomination des membres de la commission de contr\u00f4le charg\u00e9e de la r\u00e9gularit\u00e9 des listes \u00e9lectorales dans la \ncommune de Maupertus-sur-Mer (communes de moins de 1 000 habitants et assimil\u00e9es)\nArr\u00eat\u00e9 n\u00b0 2023-CRLE- 62 du 6 juillet 2023 portant nomination des membres de la commission de contr\u00f4le charg\u00e9e de la r\u00e9gularit\u00e9 des listes \u00e9lectorales dans la \ncommune de Montaigu-la-Brisette (communes de moins de 1 000 habitants et assimil\u00e9es)\nArr\u00eat\u00e9 n\u00b0 SF/2023-590 du 4 juillet 2023 portant nomination des membres de la commission de contr\u00f4le charg\u00e9e de la r\u00e9gularit\u00e9 des listes \u00e9lectorales dans la \ncommune de Montebourg (communes de 1 000 habitants et plus avec 2 et 3 listes)\nArr\u00eat\u00e9 n\u00b0 2023-CRLE- 63 du 6 juillet 2023 portant nomination des membres de la commission de contr\u00f4le charg\u00e9e de la r\u00e9gularit\u00e9 des listes \u00e9lectorales dans la \ncommune de Montfarville (communes de moins de 1 000 habitants et assimil\u00e9es)\nArr\u00eat\u00e9 n\u00b0 2023-CRLE- 64 du 6 juillet 2023 portant nomination des membres de la commission de contr\u00f4le charg\u00e9e de la r\u00e9gularit\u00e9 des listes \u00e9lectorales dans la \ncommune de Morville (communes de moins de 1 000 habitants et assimil\u00e9es)\nArr\u00eat\u00e9 n\u00b0 2023-CRLE- 65 du 6 juillet 2023 portant nomination des membres de la commission de contr\u00f4le charg\u00e9e de la r\u00e9gularit\u00e9 des listes \u00e9lectorales dans la \ncommune de Negreville (communes de moins de 1 000 habitants et assimil\u00e9es)\nArr\u00eat\u00e9 n\u00b0 2023-CRLE- 66 du 21 juillet 2023 portant nomination des membres de la commission de contr\u00f4le charg\u00e9e de la r\u00e9gularit\u00e9 des listes \u00e9lectorales dans la \ncommune de N\u00e9hou (communes de moins de 1 000 habitants et assimil\u00e9es)\nArr\u00eat\u00e9 n\u00b0 2023-CRLE- 67 du 6 juillet 2023 portant nomination des membres de la commission de contr\u00f4le charg\u00e9e de la r\u00e9gularit\u00e9 des listes \u00e9lectorales dans la \ncommune de Neuville-au-Plain (communes de moins de 1 000 habitants et assimil\u00e9es)\nArr\u00eat\u00e9 n\u00b0 2023-CRLE- 68 du 6 juillet 2023 portant nomination des membres de la commission de contr\u00f4le charg\u00e9e de la r\u00e9gularit\u00e9 des listes \u00e9lectorales dans la \ncommune de Neuville-en-Beaumont (communes de moins de 1 000 habitants et assimil\u00e9es)\nArr\u00eat\u00e9 n\u00b0 2023-CRLE- 69 du 6 juillet 2023 portant nomination des membres de la commission de contr\u00f4le charg\u00e9e de la r\u00e9gularit\u00e9 des listes \u00e9lectorales dans la \ncommune de Nouainville (communes de moins de 1 000 habitants et assimil\u00e9es)\nSP Cherbourg\nPage 11\n27 SP 78 sept. 14/09/23\n27 SP 78 sept. 14/09/23\n28 SP 78 sept. 14/09/23\n28 SP 78 sept. 14/09/23\n28 SP 78 sept. 14/09/23\n29 SP 78 sept. 14/09/23\n29 SP 78 sept. 14/09/23\n29 SP 78 sept. 14/09/23\n29 SP 78 sept. 14/09/23\n30 SP 78 sept. 14/09/23\n30 SP 78 sept. 14/09/23\n30 SP 78 sept. 14/09/23\n30 SP 78 sept. 14/09/23\n31 SP 78 sept. 14/09/23\n31 SP 78 sept. 14/09/23\n31 SP 78 sept. 14/09/23\n31 SP 78 sept. 14/09/23\n32 SP 78 sept. 14/09/23\n32 SP 78 sept. 14/09/23\n32 SP 78 sept. 14/09/23\n32 SP 78 sept. 14/09/23\n33 SP 78 sept. 14/09/23\n33 SP 78 sept. 14/09/23\n33 SP 78 sept. 14/09/23\n34 SP 78 sept. 14/09/23\n34 SP 78 sept. 14/09/23\n34 SP 78 sept. 14/09/23\n34 SP 78 sept. 14/09/23\n35 SP 78 sept. 14/09/23\n35 SP 78 sept. 14/09/23\nArr\u00eat\u00e9 n\u00b0 2023-CRLE- 70 du 21 juillet 2023 portant nomination des membres de la commission de contr\u00f4le charg\u00e9e de la r\u00e9gularit\u00e9 des listes \u00e9lectorales dans la \ncommune de Octeville L'Avenel (communes de moins de 1 000 habitants et assimil\u00e9es)\nArr\u00eat\u00e9 n\u00b0 2023-CRLE- 71 du 6 juillet 2023 portant nomination des membres de la commission de contr\u00f4le charg\u00e9e de la r\u00e9gularit\u00e9 des listes \u00e9lectorales dans la \ncommune de Orglandes (communes de moins de 1 000 habitants et assimil\u00e9es)\nArr\u00eat\u00e9 n\u00b0 2023-CRLE- 72 du 6 juillet 2023 portant nomination des membres de la commission de contr\u00f4le charg\u00e9e de la r\u00e9gularit\u00e9 des listes \u00e9lectorales dans la \ncommune de Ozevillle (communes de moins de 1 000 habitants et assimil\u00e9es)\nArr\u00eat\u00e9 n\u00b0 2023-CRLE- 73 du 6 juillet 2023 portant nomination des membres de la commission de contr\u00f4le charg\u00e9e de la r\u00e9gularit\u00e9 des listes \u00e9lectorales dans la \ncommune de Picauville (communes de moins de 1 000 habitants et assimil\u00e9es)\nArr\u00eat\u00e9 n\u00b0 2023-CRLE- 74 du 6 juillet 2023 portant nomination des membres de la commission de contr\u00f4le charg\u00e9e de la r\u00e9gularit\u00e9 des listes \u00e9lectorales dans la \ncommune de Pierreville (communes de moins de 1 000 habitants et assimil\u00e9es)\nArr\u00eat\u00e9 n\u00b0 SF/2023-591 du 4 juillet 2023 portant nomination des membres de la commission de contr\u00f4le charg\u00e9e de la r\u00e9gularit\u00e9 des listes \u00e9lectorales dans la \ncommune de Port-Bail-sur-Mer (communes de 1 000 habitants et plus avec 2 et 3 listes)\nArr\u00eat\u00e9 n\u00b0 SF/2023-592 du 4 juillet 2023 portant nomination des membres de la commission de contr\u00f4le charg\u00e9e de la r\u00e9gularit\u00e9 des listes \u00e9lectorales dans la \ncommune de Quettehou (communes de 1 000 habitants et plus avec 2 et 3 listes)\nArr\u00eat\u00e9 n\u00b0 2023-CRLE- 75 du 6 juillet 2023 portant nomination des membres de la commission de contr\u00f4le charg\u00e9e de la r\u00e9gularit\u00e9 des listes \u00e9lectorales dans la \ncommune de Quin\u00e9ville (communes de moins de 1 000 habitants et assimil\u00e9es)\nArr\u00eat\u00e9 n\u00b0 2023-CRLE- 76 du 6 juillet 2023 portant nomination des membres de la commission de contr\u00f4le charg\u00e9e de la r\u00e9gularit\u00e9 des listes \u00e9lectorales dans la \ncommune de Rauville-la-Bigot (communes de moins de 1 000 habitants et assimil\u00e9es)\nArr\u00eat\u00e9 n\u00b0 2023-CRLE- 77 du 6 juillet 2023 portant nomination des membres de la commission de contr\u00f4le charg\u00e9e de la r\u00e9gularit\u00e9 des listes \u00e9lectorales dans la \ncommune de Rauville-la-Place (communes de moins de 1 000 habitants et assimil\u00e9es)\nArr\u00eat\u00e9 n\u00b0 2023-CRLE- 78 du 6 juillet 2023 portant nomination des membres de la commission de contr\u00f4le charg\u00e9e de la r\u00e9gularit\u00e9 des listes \u00e9lectorales dans la \ncommune de Reigneville-Bocage (communes de moins de 1 000 habitants et assimil\u00e9es)\nArr\u00eat\u00e9 n\u00b0 SF/2023-593 du 4 juillet 2023 portant nomination des membres de la commission de contr\u00f4le charg\u00e9e de la r\u00e9gularit\u00e9 des listes \u00e9lectorales dans la \ncommune de R\u00e9ville (communes de 1 000 habitants et plus avec 2 et 3 listes)\nArr\u00eat\u00e9 n\u00b0 2023-CRLE- 79 du 6 juillet 2023 portant nomination des membres de la commission de contr\u00f4le charg\u00e9e de la r\u00e9gularit\u00e9 des listes \u00e9lectorales dans la \ncommune de Rocheville (communes de moins de 1 000 habitants et assimil\u00e9es)\nArr\u00eat\u00e9 n\u00b0 2023-CRLE- 80 du 21 juillet 2023 portant nomination des membres de la commission de contr\u00f4le charg\u00e9e de la r\u00e9gularit\u00e9 des listes \u00e9lectorales dans la \ncommune de Saussemesnil (communes de moins de 1 000 habitants et assimil\u00e9es)\nArr\u00eat\u00e9 n\u00b0 2023-CRLE- 81 du 21 juillet 2023 portant nomination des membres de la commission de contr\u00f4le charg\u00e9e de la r\u00e9gularit\u00e9 des listes \u00e9lectorales dans la \ncommune de S\u00e9beville (communes de moins de 1 000 habitants et assimil\u00e9es)\nArr\u00eat\u00e9 n\u00b0 2023-CRLE- 82 du 6 juillet 2023 portant nomination des membres de la commission de contr\u00f4le charg\u00e9e de la r\u00e9gularit\u00e9 des listes \u00e9lectorales dans la \ncommune de S\u00e9noville (communes de moins de 1 000 habitants et assimil\u00e9es)\nArr\u00eat\u00e9 n\u00b0 2023-CRLE- 83 du 6 juillet 2023 portant nomination des membres de la commission de contr\u00f4le charg\u00e9e de la r\u00e9gularit\u00e9 des listes \u00e9lectorales dans la \ncommune de Sideville (communes de moins de 1 000 habitants et assimil\u00e9es)\nArr\u00eat\u00e9 n\u00b0 2023-CRLE- 84 du 6 juillet 2023 portant nomination des membres de la commission de contr\u00f4le charg\u00e9e de la r\u00e9gularit\u00e9 des listes \u00e9lectorales dans la \ncommune de Siouville-Hague (communes de moins de 1 000 habitants et assimil\u00e9es)\nArr\u00eat\u00e9 n\u00b0 2023-CRLE- 85 du 6 juillet 2023 portant nomination des membres de la commission de contr\u00f4le charg\u00e9e de la r\u00e9gularit\u00e9 des listes \u00e9lectorales dans la \ncommune de Sortosville (communes de moins de 1 000 habitants et assimil\u00e9es)\nArr\u00eat\u00e9 n\u00b0 2023-CRLE- 86 du 6 juillet 2023 portant nomination des membres de la commission de contr\u00f4le charg\u00e9e de la r\u00e9gularit\u00e9 des listes \u00e9lectorales dans la \ncommune de Sortosville-en-Beaumont (communes de moins de 1 000 habitants et assimil\u00e9es)\nArr\u00eat\u00e9 n\u00b0 2023-CRLE- 87 du 6 juillet 2023 portant nomination des membres de la commission de contr\u00f4le charg\u00e9e de la r\u00e9gularit\u00e9 des listes \u00e9lectorales dans la \ncommune de Sotteville (communes de moins de 1 000 habitants et assimil\u00e9es)\nArr\u00eat\u00e9 n\u00b0 2023-CRLE- 88 du 6 juillet 2023 portant nomination des membres de la commission de contr\u00f4le charg\u00e9e de la r\u00e9gularit\u00e9 des listes \u00e9lectorales dans la \ncommune de Saint-Christophe-du-Foc (communes de moins de 1 000 habitants et assimil\u00e9es)\nArr\u00eat\u00e9 n\u00b0 2023-CRLE- 89 du 6 juillet 2023 portant nomination des membres de la commission de contr\u00f4le charg\u00e9e de la r\u00e9gularit\u00e9 des listes \u00e9lectorales dans la \ncommune de Saint-Cyr (communes de moins de 1 000 habitants et assimil\u00e9es)\nArr\u00eat\u00e9 n\u00b0 2023-CRLE- 90 du 6 juillet 2023 portant nomination des membres de la commission de contr\u00f4le charg\u00e9e de la r\u00e9gularit\u00e9 des listes \u00e9lectorales dans la \ncommune de Sainte-Colombe (communes de moins de 1 000 habitants et assimil\u00e9es)\nArr\u00eat\u00e9 n\u00b0 2023-CRLE- 91 du 6 juillet 2023 portant nomination des membres de la commission de contr\u00f4le charg\u00e9e de la r\u00e9gularit\u00e9 des listes \u00e9lectorales dans la \ncommune de Sainte-Genevi\u00e8ve (communes de moins de 1 000 habitants et assimil\u00e9es)\nArr\u00eat\u00e9 n\u00b0 2023-CRLE- 92 du 6 juillet 2023 portant nomination des membres de la commission de contr\u00f4le charg\u00e9e de la r\u00e9gularit\u00e9 des listes \u00e9lectorales dans la \ncommune de Sainte-Marie-du-Mont (communes de moins de 1 000 habitants et assimil\u00e9es)\nArr\u00eat\u00e9 n\u00b0 2023-CRLE- 93 du 6 juillet 2023 portant nomination des membres de la commission de contr\u00f4le charg\u00e9e de la r\u00e9gularit\u00e9 des listes \u00e9lectorales dans la \ncommune de Saint-Floxel (communes de moins de 1 000 habitants et assimil\u00e9es)\nArr\u00eat\u00e9 n\u00b0 2023-CRLE- 94 du 6 juillet 2023 portant nomination des membres de la commission de contr\u00f4le charg\u00e9e de la r\u00e9gularit\u00e9 des listes \u00e9lectorales dans la \ncommune de Saint-Georges-de-la-Rivi\u00e8re (communes de moins de 1 000 habitants et assimil\u00e9es)\nArr\u00eat\u00e9 n\u00b0 2023-CRLE- 95 du 6 juillet 2023 portant nomination des membres de la commission de contr\u00f4le charg\u00e9e de la r\u00e9gularit\u00e9 des listes \u00e9lectorales dans la \ncommune de Saint-Germain-de-Tournebut (communes de moins de 1 000 habitants et assimil\u00e9es)\nArr\u00eat\u00e9 n\u00b0 2023-CRLE- 96 du 6 juillet 2023 portant nomination des membres de la commission de contr\u00f4le charg\u00e9e de la r\u00e9gularit\u00e9 des listes \u00e9lectorales dans la \ncommune de Saint-Germain-de-Varreville (communes de moins de 1 000 habitants et assimil\u00e9es)\nSP Cherbourg\nPage 12\n35 SP 78 sept. 14/09/23\n35 SP 78 sept. 14/09/23\n36 SP 78 sept. 14/09/23\n36 SP 78 sept. 14/09/23\n36 SP 78 sept. 14/09/23\n36 SP 78 sept. 14/09/23\n37 SP 78 sept. 14/09/23\n37 SP 78 sept. 14/09/23\n37 SP 78 sept. 14/09/23\n38 SP 78 sept. 14/09/23\n38 SP 78 sept. 14/09/23\n38 SP 78 sept. 14/09/23\n38 SP 78 sept. 14/09/23\n39 SP 78 sept. 14/09/23\n39 SP 78 sept. 14/09/23\n39 SP 78 sept. 14/09/23\n39 SP 78 sept. 14/09/23\n40 SP 78 sept. 14/09/23\n40 SP 78 sept. 14/09/23\n40 SP 78 sept. 14/09/23\n40 SP 78 sept. 14/09/23\n41 SP 78 sept. 14/09/23\n41 SP 78 sept. 14/09/23\n41 SP 78 sept. 14/09/23\n41 SP 78 sept. 14/09/23\n42 SP 78 sept. 14/09/23\n42 SP 78 sept. 14/09/23\n42 SP 78 sept. 14/09/23\n42 SP 78 sept. 14/09/23\n43 SP 78 sept. 14/09/23\nArr\u00eat\u00e9 n\u00b0 2023-CRLE- 97 du 6 juillet 2023 portant nomination des membres de la commission de contr\u00f4le charg\u00e9e de la r\u00e9gularit\u00e9 des listes \u00e9lectorales dans la \ncommune de Saint-Germain-le-Gaillard (communes de moins de 1 000 habitants et assimil\u00e9es)\nArr\u00eat\u00e9 n\u00b0 2023-CRLE- 98 du 6 juillet 2023 portant nomination des membres de la commission de contr\u00f4le charg\u00e9e de la r\u00e9gularit\u00e9 des listes \u00e9lectorales dans la \ncommune de Saint-Jacques-de-N\u00e9hou (communes de moins de 1 000 habitants et assimil\u00e9es)\nArr\u00eat\u00e9 n\u00b0 2023-CRLE- 99 du 6 juillet 2023 portant nomination des membres de la commission de contr\u00f4le charg\u00e9e de la r\u00e9gularit\u00e9 des listes \u00e9lectorales dans la \ncommune de Saint-Jean-de-la-Rivi\u00e8re (communes de moins de 1 000 habitants et assimil\u00e9es)\nArr\u00eat\u00e9 n\u00b0 2023-CRLE- 100 du 6 juillet 2023 portant nomination des membres de la commission de contr\u00f4le charg\u00e9e de la r\u00e9gularit\u00e9 des listes \u00e9lectorales dans la \ncommune de Saint-Joseph (communes de moins de 1 000 habitants et assimil\u00e9es)\nArr\u00eat\u00e9 n\u00b0 2023-CRLE- 101 du 21 juillet 2023 portant nomination des membres de la commission de contr\u00f4le charg\u00e9e de la r\u00e9gularit\u00e9 des listes \u00e9lectorales dans la \ncommune de Saint-Marcouf (communes de moins de 1 000 habitants et assimil\u00e9es)\nArr\u00eat\u00e9 n\u00b0 2023-CRLE- 102 du 6 juillet 2023 portant nomination des membres de la commission de contr\u00f4le charg\u00e9e de la r\u00e9gularit\u00e9 des listes \u00e9lectorales dans la \ncommune de Saint-Martin d'Audouville (communes de moins de 1 000 habitants et assimil\u00e9es)\nArr\u00eat\u00e9 n\u00b0 2023-CRLE- 103 du 21 juillet 2023 portant nomination des membres de la commission de contr\u00f4le charg\u00e9e de la r\u00e9gularit\u00e9 des listes \u00e9lectorales dans la \ncommune de Saint-Martin-de-Varreville (communes de moins de 1 000 habitants et assimil\u00e9es)\nArr\u00eat\u00e9 n\u00b0 2023-CRLE- 104 du 6 juillet 2023 portant nomination des membres de la commission de contr\u00f4le charg\u00e9e de la r\u00e9gularit\u00e9 des listes \u00e9lectorales dans la \ncommune de Saint-Martin-le-Gr\u00e9ard (communes de moins de 1 000 habitants et assimil\u00e9es)\nArr\u00eat\u00e9 n\u00b0 2023-CRLE- 105 du 6 juillet 2023 portant nomination des membres de la commission de contr\u00f4le charg\u00e9e de la r\u00e9gularit\u00e9 des listes \u00e9lectorales dans la \ncommune de Saint-Maurice-en-Cotentin (communes de moins de 1 000 habitants et assimil\u00e9es)\nArr\u00eat\u00e9 n\u00b0 2023-CRLE- 106 du 6 juillet 2023 portant nomination des membres de la commission de contr\u00f4le charg\u00e9e de la r\u00e9gularit\u00e9 des listes \u00e9lectorales dans la \ncommune de Saint-Pierre-d'Arth\u00e9glise (communes de moins de 1 000 habitants et assimil\u00e9es)\nArr\u00eat\u00e9 n\u00b0 2023-CRLE- 107 du 6 juillet 2023 portant nomination des membres de la commission de contr\u00f4le charg\u00e9e de la r\u00e9gularit\u00e9 des listes \u00e9lectorales dans la \ncommune de Saint-Pierre-Eglise (communes de moins de 1 000 habitants et assimil\u00e9es)\nArr\u00eat\u00e9 n\u00b0 SF/2023-594 du 4 juillet 2023 portant nomination des membres de la commission de contr\u00f4le charg\u00e9e de la r\u00e9gularit\u00e9 des listes \u00e9lectorales dans la \ncommune de Sainte-M\u00e8re-Eglise (communes de 1 000 habitants et plus avec 2 et 3 listes)\nArr\u00eat\u00e9 n\u00b0 SF/2023-595 du 4 juillet 2023 du 4 juillet 2023 portant nomination des membres de la commission de contr\u00f4le charg\u00e9e de la r\u00e9gularit\u00e9 des listes \n\u00e9lectorales dans la commune de Saint-Vaast-la-Hougue (communes de 1 000 habitants et plus avec 2 et 3 listes)\nArr\u00eat\u00e9 n\u00b0 SF/2023-596 du 4 juillet 2023 portant nomination des membres de la commission de contr\u00f4le charg\u00e9e de la r\u00e9gularit\u00e9 des listes \u00e9lectorales dans la \ncommune de Sottevast (communes de 1 000 habitants et plus avec 2 et 3 listes)\nArr\u00eat\u00e9 n\u00b0 SF/2023-597 du 4 juillet 2023 portant nomination des membres de la commission de contr\u00f4le charg\u00e9e de la r\u00e9gularit\u00e9 des listes \u00e9lectorales dans la \ncommune de Saint-Sauveur-le-Vicomte (communes de 1 000 habitants et plus avec 2 et 3 listes)\nArr\u00eat\u00e9 n\u00b0 SF/2023-598 du 4 juillet 2023 portant nomination des membres de la commission de contr\u00f4le charg\u00e9e de la r\u00e9gularit\u00e9 des listes \u00e9lectorales dans la \ncommune de Surtainville (communes de 1 000 habitants et plus avec 2 et 3 listes)\nArr\u00eat\u00e9 n\u00b0 2023-CRLE- 108 du 21 juillet 2023 portant nomination des membres de la commission de contr\u00f4le charg\u00e9e de la r\u00e9gularit\u00e9 des listes \u00e9lectorales dans la \ncommune de Taillepied (communes de moins de 1 000 habitants et assimil\u00e9es)\nArr\u00eat\u00e9 n\u00b0 2023-CRLE- 109 du 6 juillet 2023 portant nomination des membres de la commission de contr\u00f4le charg\u00e9e de la r\u00e9gularit\u00e9 des listes \u00e9lectorales dans la \ncommune de Tamerville (communes de moins de 1 000 habitants et assimil\u00e9es)\nArr\u00eat\u00e9 n\u00b0 2023-CRLE- 110 du 6 juillet 2023 portant nomination des membres de la commission de contr\u00f4le charg\u00e9e de la r\u00e9gularit\u00e9 des listes \u00e9lectorales dans la \ncommune de Teurtheville-Bocage (communes de moins de 1 000 habitants et assimil\u00e9es)\nArr\u00eat\u00e9 n\u00b0 2023-CRLE- 111 du 6 juillet 2023 portant nomination des membres de la commission de contr\u00f4le charg\u00e9e de la r\u00e9gularit\u00e9 des listes \u00e9lectorales dans la \ncommune de Teurtheville-Hague (communes de moins de 1 000 habitants et assimil\u00e9es)\nArr\u00eat\u00e9 n\u00b0 2023-CRLE- 112 du 6 juillet 2023 portant nomination des membres de la commission de contr\u00f4le charg\u00e9e de la r\u00e9gularit\u00e9 des listes \u00e9lectorales dans la \ncommune de Theville (communes de moins de 1 000 habitants et assimil\u00e9es)\nArr\u00eat\u00e9 n\u00b0 2023-CRLE- 113 du 6 juillet 2023 portant nomination des membres de la commission de contr\u00f4le charg\u00e9e de la r\u00e9gularit\u00e9 des listes \u00e9lectorales dans la \ncommune de Tocqueville (communes de moins de 1 000 habitants et assimil\u00e9es)\nArr\u00eat\u00e9 n\u00b0 2023-CRLE- 114 du 6 juillet 2023 portant nomination des membres de la commission de contr\u00f4le charg\u00e9e de la r\u00e9gularit\u00e9 des listes \u00e9lectorales dans la \ncommune de Tollevast (communes de moins de 1 000 habitants et assimil\u00e9es)\nArr\u00eat\u00e9 n\u00b0 2023-CRLE- 115 du 6 juillet 2023 portant nomination des membres de la commission de contr\u00f4le charg\u00e9e de la r\u00e9gularit\u00e9 des listes \u00e9lectorales dans la \ncommune de Tr\u00e9auville (communes de moins de 1 000 habitants et assimil\u00e9es)\nArr\u00eat\u00e9 n\u00b0 2023-CRLE- 116 du 6 juillet 2023 portant nomination des membres de la commission de contr\u00f4le charg\u00e9e de la r\u00e9gularit\u00e9 des listes \u00e9lectorales dans la \ncommune de Turqueville (communes de moins de 1 000 habitants et assimil\u00e9es)\nArr\u00eat\u00e9 n\u00b0 2023-CRLE- 117 du 6 juillet 2023 portant nomination des membres de la commission de contr\u00f4le charg\u00e9e de la r\u00e9gularit\u00e9 des listes \u00e9lectorales dans la \ncommune de Urville (communes de moins de 1 000 habitants et assimil\u00e9es)\nArr\u00eat\u00e9 n\u00b0 2023-CRLE- 118 du 6 juillet 2023 portant nomination des membres de la commission de contr\u00f4le charg\u00e9e de la r\u00e9gularit\u00e9 des listes \u00e9lectorales dans la \ncommune de Valcanville (communes de moins de 1 000 habitants et assimil\u00e9es)\nArr\u00eat\u00e9 n\u00b0 SF/2023-599 du 4 juillet 2023 portant nomination des membres de la commission de contr\u00f4le charg\u00e9e de la r\u00e9gularit\u00e9 des listes \u00e9lectorales dans la \ncommune de Valognes (communes de 1 000 habitants et plus avec 2 et 3 listes)\nArr\u00eat\u00e9 n\u00b0 2023-CRLE- 119 du 6 juillet 2023 portant nomination des membres de la commission de contr\u00f4le charg\u00e9e de la r\u00e9gularit\u00e9 des listes \u00e9lectorales dans la \ncommune de Varouville (communes de moins de 1 000 habitants et assimil\u00e9es)\nArr\u00eat\u00e9 n\u00b0 2023-CRLE- 120 du 6 juillet 2023 portant nomination des membres de la commission de contr\u00f4le charg\u00e9e de la r\u00e9gularit\u00e9 des listes \u00e9lectorales dans la \ncommune de Vaudreville (communes de moins de 1 000 habitants et assimil\u00e9es)\nSP Cherbourg\nPage 13\n43 SP 78 sept. 14/09/23\n43 SP 78 sept. 14/09/23\n43 SP 78 sept. 14/09/23\n44 SP 78 sept. 14/09/23\nArr\u00eat\u00e9 SF / n\u00b023-632 du 27 juillet 2023 portant renouvellement d'habilitation dans le domaine fun\u00e9raire - SARL LEMONNIER (BRICQUEBEC-EN-COTENTIN) 3 Sept. 03/10/23\nArr\u00eat\u00e9 SF / n\u00b023-640 du 4 ao\u00fbt 2023 portant modification d'une habilitation dans le domaine fun\u00e9raire - \u00abCr\u00e9matorium du Cotentin\u00bb (BRIX) 3 Sept. 03/10/23\nArr\u00eat\u00e9 SF / n\u00b0 23-660 du 12 septembre 2023 portant modification d'une habilitation dans le domaine fun\u00e9raire - \u00abLE CHOIX FUNERAIRE\u00bb (GRANDPARIGNY) 3 Sept. 03/10/23\nArr\u00eat\u00e9 SF n\u00b0 23-713 du 25 septembre 2023 portant modification d'une habilitation dans le domaine fun\u00e9raire 3 Sept. 03/10/23\n3 SP 104 D\u00e9c. 08/12/23\n4 D\u00e9c. 03/01/24\n4 D\u00e9c. 03/01/24\n5 D\u00e9c. 03/01/24\n5 D\u00e9c. 03/01/24\n5 D\u00e9c. 03/01/24\n5 D\u00e9c. 03/01/24\n6 D\u00e9c. 03/01/24\n6 D\u00e9c. 03/01/24\n6 D\u00e9c. 03/01/24\n7 D\u00e9c. 03/01/24\n7 D\u00e9c. 03/01/24\n7 D\u00e9c. 03/01/24\nArr\u00eat\u00e9 SF / N\u00b0 23-812 du 28 novembre 2023 portant modification d'une habilitation dans le domaine fun\u00e9raire - \u00abPFG - Pompes Fun\u00e8bres G\u00e9n\u00e9rales\u00bb (VALOGNES) 8 D\u00e9c. 03/01/24\n8 D\u00e9c. 03/01/24\nArr\u00eat\u00e9 SF / N\u00b0 23-814 du 28 novembre 2023 portant modification d'une habilitation dans le domaine fun\u00e9raire - \u00abPFG \u2013 SERVICES FUNERAIRES\u00bb (SAINT-L\u00d4) 8 D\u00e9c. 03/01/24\n9 D\u00e9c. 03/01/24\n9 D\u00e9c. 03/01/24\n9 D\u00e9c. 03/01/24\n9 D\u00e9c. 03/01/24\n10 D\u00e9c. 03/01/24\n11 D\u00e9c. 03/01/24\nArr\u00eat\u00e9 SF / N\u00b0 23-854 du 14 d\u00e9cembre 2023 portant renouvellement d'une habilitation dans le domaine fun\u00e9raire - \u00abLe Choix Fun\u00e9raire\u00bb(MORTAIN-BOCAGE) 11 D\u00e9c. 03/01/24\nArr\u00eat\u00e9 SF / N\u00b0 23-854 du 14 d\u00e9cembre 2023 portant renouvellement d'une habilitation dans le domaine fun\u00e9raire - \u00abLe Choix Fun\u00e9raire\u00bb (GRANDPARIGNY) 11 D\u00e9c. 03/01/24\n12 D\u00e9c. 03/01/24\nArr\u00eat\u00e9 n\u00b0 2023-CRLE- 121 du 6 juillet 2023 portant nomination des membres de la commission de contr\u00f4le charg\u00e9e de la r\u00e9gularit\u00e9 des listes \u00e9lectorales dans la \ncommune de Vicq-sur-Mer (communes de moins de 1 000 habitants et assimil\u00e9es)\nArr\u00eat\u00e9 n\u00b0 2023-CRLE- 122 du 21 juillet 2023 portant nomination des membres de la commission de contr\u00f4le charg\u00e9e de la r\u00e9gularit\u00e9 des listes \u00e9lectorales dans la \ncommune de Videcosville (communes de moins de 1 000 habitants et assimil\u00e9es)\nArr\u00eat\u00e9 n\u00b0 2023-CRLE- 123 du 6 juillet 2023 portant nomination des membres de la commission de contr\u00f4le charg\u00e9e de la r\u00e9gularit\u00e9 des listes \u00e9lectorales dans la \ncommune de Virandeville (communes de moins de 1 000 habitants et assimil\u00e9es)\nArr\u00eat\u00e9 n\u00b0 2023-CRLE- 124 le 6 juillet 2023 portant nomination des membres de la commission de contr\u00f4le charg\u00e9e de la r\u00e9gularit\u00e9 des listes \u00e9lectorales dans la \ncommune de Yvetot-le-Bocage (communes de moins de 1 000 habitants et assimil\u00e9es)\nArr\u00eat\u00e9 modificatif n\u00b0 SF/2023-852 du 5 d\u00e9cembre 2023 portant nomination des membres de la commission de contr\u00f4le charg\u00e9e de la r\u00e9gularit\u00e9 des listes \u00e9lectorales \ndans la commune de Quettehou (communes de 1 000 habitants et plus avec 2 et 3 listes)\nArr\u00eat\u00e9 SF / N\u00b0 23-796 du 28 novembre 2023 portant modification d'une habilitation dans le domaine fun\u00e9raire - \u00ab\u00a0JAUMAUX-MAZURIER Pompes Fun\u00e8bres et \nMarbrerie \u00bb (79 rue du Val de Saire- CHERBOURG-EN-COTENTIN)\nArr\u00eat\u00e9 SF / N\u00b0 23-797 du 28 novembre 2023 portant modification d'une habilitation dans le domaine fun\u00e9raire - \u00ab\u00a0JAUMAUX-MAZURIER Pompes Fun\u00e8bres et \nMarbrerie \u00bb (54 rue du Mar\u00e9chal Leclerc - CHERBOURG-EN-COTENTIN)\nArr\u00eat\u00e9 SF / N\u00b0 23-797 du 28 novembre 2023 portant modification d'une habilitation dans le domaine fun\u00e9raire - \u00ab\u00a0JAUMAUX-MAZURIER Pompes Fun\u00e8bres et \nMarbrerie \u00bb (98 Avenue de Verdun \u00e0 TOURLAVILLE - CHERBOURG-EN-COTENTIN)\nArr\u00eat\u00e9 SF / N\u00b0 23-798 du 28 novembre 2023 portant modification d'une habilitation dans le domaine fun\u00e9raire - \u00ab\u00a0JAUMAUX-MAZURIER Pompes Fun\u00e8bres et \nMarbrerie \u00bb (3 All\u00e9e du T\u00f4t Neuf \u00e0 EQUEURDREVILLE-HAINNEVILLE - CHERBOURG-EN-COTENTIN)\nArr\u00eat\u00e9 SF / N\u00b0 23-800 du 28 novembre 2023 portant modification d'une habilitation dans le domaine fun\u00e9raire - \u00abPFG \u2013 SERVICES FUN\u00c9RAIRES\u00bb, \n(CHERBOURG-EN-COTENTIN)\nArr\u00eat\u00e9 SF / N\u00b0 23-801 du 28 novembre 2023 portant modification d'une habilitation dans le domaine fun\u00e9raire - \u00abPOMPES FUN\u00c8BRES LIBRES Didier LAHAYE\u00bb \n(CHERBOURG-EN-COTENTIN)\nArr\u00eat\u00e9 SF / N\u00b0 23-802 du 28 novembre 2023 portant modification d'une habilitation dans le domaine fun\u00e9raire - \u00abFOUCHER & Fils Pompes Fun\u00e8bres et Marbrerie\u00bb \n(P\u00c9RIERS)\nArr\u00eat\u00e9 SF / N\u00b0 23-803 du 28 novembre 2023 portant modification d'une habilitation dans le domaine fun\u00e9raire - \u00abPFG-Pompes Fun\u00e8bres G\u00e9n\u00e9rales\u00bb \n(BRICQUEBEC-EN-COTENTIN)\nArr\u00eat\u00e9 SF / N\u00b0 23-808 du 28 novembre 2023 portant modification d'une habilitation dans le domaine fun\u00e9raire - \u00abREQUIER Pompes Fun\u00e8bres et Marbrerie\u00bb \n(VALOGNES)\nArr\u00eat\u00e9 SF / N\u00b0 23-809 du 28 novembre 2023 portant modification d'une habilitation dans le domaine fun\u00e9raire - \u00abREQUIER Pompes Fun\u00e8bres et Marbrerie\u00bb \n(MARTINVAST)\nArr\u00eat\u00e9 SF / N\u00b0 23-810 du 28 novembre 2023 portant modification d'une habilitation dans le domaine fun\u00e9raire - \u00abREQUIER Pompes Fun\u00e8bres et Marbrerie\u00bb \n(BARNEVILLE-CARTERET)\nArr\u00eat\u00e9 SF / N\u00b0 23-811 du 28 novembre 2023 portant modification d'une habilitation dans le domaine fun\u00e9raire - \u00abLEMOINE Pompes Fun\u00e8bres et Marbrerie\u00bb \n(COUTANCES)\nArr\u00eat\u00e9 SF / N\u00b0 23-813 du 28 novembre 2023 portant modification d'une habilitation dans le domaine fun\u00e9raire - \u00abPFG - Pompes Fun\u00e8bres G\u00e9n\u00e9rales\u00bb \n(COUTANCES)\nArr\u00eat\u00e9 SF / N\u00b0 23-818 du 28 novembre 2023 portant modification d'une habilitation dans le domaine fun\u00e9raire - \u00abPFG \u2013 SERVICES FUNERAIRES\u00bb (CARENTAN-\nLES-MARAIS)\nArr\u00eat\u00e9 SF / N\u00b0 23-819 du 28 novembre 2023 portant modification d'une habilitation dans le domaine fun\u00e9raire - \u00abPFG \u2013 SERVICES FUNERAIRES\u00bb (19 cours \nJonville \u00e0 GRANVILLE)\nArr\u00eat\u00e9 SF / N\u00b0 23-819 du 28 novembre 2023 portant modification d'une habilitation dans le domaine fun\u00e9raire - \u00abPFG-Pompes Fun\u00e8bres G\u00e9n\u00e9rales\u00bb (30 chemin du \nCouvent \u00e0 GRANVILLE)\nArr\u00eat\u00e9 SF / N\u00b0 23-821 du 28 novembre 2023 portant modification d'une habilitation dans le domaine fun\u00e9raire - \u00abPFG \u2013 SERVICES FUNERAIRES\u00bb (8 rue de la \nLibert\u00e9 \u00e0 AVRANCHES)\nArr\u00eat\u00e9 SF/N\u00b023-849 du 1er d\u00e9cembre 2023 Fixant la liste d\u00e9partementale des personnes retenues en vue de constituer le jury charg\u00e9 de la d\u00e9livrance des dipl\u00f4mes \ndans le secteur fun\u00e9raire\nArr\u00eat\u00e9 SF / N\u00b023 \u2013 869 du 12 d\u00e9cembre 2023 portant modification d'habilitation dans le domaine fun\u00e9raire - \u00abPompes Fun\u00e8bres GUILLOUF\u00bb (CARENTAN-LES-\nMARAIS)\nArr\u00eat\u00e9 SF / N\u00b023 \u2013 868 du 18 d\u00e9cembre 2023 portant modification d'habilitation dans le domaine fun\u00e9raire - \u00abPompes Fun\u00e8bres GUILLOUF\u00bb (SAINTE-M\u00c8RE-\n\u00c9GLISE)\nSP Avranches\nPage 14\npage mensuel ou SP publi\u00e9 le\nArr\u00eat\u00e9 du 3 avril 2023 portant modification des statuts du P\u00f4le d'Equilibre Territorial Sud-Manche-Baie du Mont-Saint-Michel 11 avril 05/05/23\nArr\u00eat\u00e9 n\u00b0 2023-91 du 26 juin 2023 portant cr\u00e9ation d'une commission d'\u00e9valuation des risques de la travers\u00e9e de la Baie du Mont-Saint-Michel 4 juin 10/07/23\nArr\u00eat\u00e9 n\u00b0 2022-236 du 29 septembre 2023 portant renouvellement d'un syst\u00e8me de vid\u00e9oprotection - Boulangerie Le Reverend \u00e0 SAINT-PIERRE-EGLISE 5 SP 74 31/08/23\nArr\u00eat\u00e9 n\u00b0 2022-237 du 29 septembre 2022 portant renouvellement d'un syst\u00e8me de vid\u00e9oprotection - Ville de Coutances \u00e0 COUTANCES 5 SP 74 31/08/23\nArr\u00eat\u00e9 n\u00b0 2022-238 du 29 septembre 2022 portant renouvellement d'un syst\u00e8me de vid\u00e9oprotection - Marine Nationale \u00e0 MARTINVAST 6 SP 74 31/08/23\nArr\u00eat\u00e9 n\u00b0 2022-239 du 29 septembre 2022 portant renouvellement d'un syst\u00e8me de vid\u00e9oprotection - LIDL \u00e0 COUTANCES 6 SP 74 31/08/23\nArr\u00eat\u00e9 n\u00b0 2022-240 du 29 septembre 2022 portant renouvellement d'un syst\u00e8me de vid\u00e9oprotection - CREDIT AGRICOLE NORMANDIE \u00e0 VILLEDIEU-LES-POELES-ROUFFIGNY 6 SP 74 31/08/23\nArr\u00eat\u00e9 n\u00b0 2022-241 du 29 septembre 2022 portant renouvellement d'un syst\u00e8me de vid\u00e9oprotection - CREDIT AGRICOLE NORMANDIE \u00e0 SAINTE-MERE-EGLISE 6 SP 74 31/08/23\nArr\u00eat\u00e9 n\u00b0 2022-242 du 29 septembre 2022 portant renouvellement d'un syst\u00e8me de vid\u00e9oprotection - CREDIT AGRICOLE NORMANDIE \u00e0 SAINT-PIERRE-EGLISE 7 SP 74 31/08/23\nArr\u00eat\u00e9 n\u00b0 2022-243 du 29 septembre 2022 portant renouvellement d'un syst\u00e8me de vid\u00e9oprotection - CREDIT AGRICOLE NORMANDIE \u00e0 MONTMARTIN-SUR-MER 7 SP 74 31/08/23\nArr\u00eat\u00e9 n\u00b0 2022-244 du 29 septembre 2022 portant renouvellement d'un syst\u00e8me de vid\u00e9oprotection - CREDIT AGRICOLE NORMANDIE \u00e0 MONTEBOURG 7 SP 74 31/08/23\nArr\u00eat\u00e9 n\u00b0 2022-245 du 29 septembre 2022 portant renouvellement d'un syst\u00e8me de vid\u00e9oprotection - CREDIT AGRICOLE NORMANDIE \u00e0 LE TEILLEUL 8 SP 74 31/08/23\nArr\u00eat\u00e9 n\u00b0 2022-246 du 29 septembre 2022 portant renouvellement d'un syst\u00e8me de vid\u00e9oprotection - CREDIT AGRICOLE NORMANDIE \u00e0 ISIGNY-LE-BUAT 8 SP 74 31/08/23\nArr\u00eat\u00e9 n\u00b0 2022-247 du 29 septembre 2022 portant renouvellement d'un syst\u00e8me de vid\u00e9oprotection - CREDIT AGRICOLE NORMANDIE \u00e0 BRICQUEBEC-EN-COTENTIN 8 SP 74 31/08/23\nArr\u00eat\u00e9 n\u00b0 2022-248 du 29 septembre 2022 portant renouvellement d'un syst\u00e8me de vid\u00e9oprotection - CREDIT AGRICOLE NORMANDIE \u00e0 VALOGNES 9 SP 74 31/08/23\nArr\u00eat\u00e9 n\u00b0 2022-249 du 29 septembre 2022 portant renouvellement d'un syst\u00e8me de vid\u00e9oprotection - CREDIT AGRICOLE NORMANDIE \u00e0 TESSY-BOCAGE 9 SP 74 31/08/23\nArr\u00eat\u00e9 n\u00b0 2022-250 du 29 septembre 2022 portant renouvellement d'un syst\u00e8me de vid\u00e9oprotection - CAISSE REGIONALE DU CREDIT AGRICOLE MUTUEL DE NORMANDIE \u00e0 SOURDEVAL 9 SP 74 31/08/23\nArr\u00eat\u00e9 n\u00b0 2022-251 du 29 septembre 2022 portant renouvellement d'un syst\u00e8me de vid\u00e9oprotection - CREDIT AGRICOLE NORMANDIE \u00e0 SARTILLY-BAIE-BOCAGE 10 SP 74 31/08/23\nArr\u00eat\u00e9 n\u00b0 2022-252 du 29 septembre 2022 portant renouvellement d'un syst\u00e8me de vid\u00e9oprotection - CREDIT AGRICOLE NORMANDIE \u00e0 SAINT-VAAST-LA-HOUGUE 10 SP 74 31/08/23\nArr\u00eat\u00e9 n\u00b0 2022-253 du 29 septembre 2022 portant renouvellement d'un syst\u00e8me de vid\u00e9oprotection - CREDIT AGRICOLE NORMANDIE \u00e0 BRECEY 10 SP 74 31/08/23\nArr\u00eat\u00e9 n\u00b0 2022-254 du 29 septembre 2022 portant renouvellement d'un syst\u00e8me de vid\u00e9oprotection - CREDIT AGRICOLE NORMANDIE \u00e0 BARENTON 11 SP 74 31/08/23\nArr\u00eat\u00e9 n\u00b0 2022-255 du 29 septembre 2022 portant renouvellement d'un syst\u00e8me de vid\u00e9oprotection - CREDIT AGRICOLE NORMANDIE \u00e0 SAINT-SAUVEUR-LE-VICOMTE 11 SP 74 31/08/23\nArr\u00eat\u00e9 n\u00b0 2022-257 du 29 septembre 2022 portant renouvellement d'un syst\u00e8me de vid\u00e9oprotection - CREDIT AGRICOLE NORMANDIE \u00e0 SAINT-CLAIR-SUR-L'ELLE 11 SP 74 31/08/23\nArr\u00eat\u00e9 n\u00b0 2022-258 du 29 septembre 2022 portant renouvellement d'un syst\u00e8me de vid\u00e9oprotection - CREDIT AGRICOLE DE NORMANDIE \u00e0 QUETTEHOU 11 SP 74 31/08/23\nArr\u00eat\u00e9 n\u00b0 2022-259 du 29 septembre 2022 portant renouvellement d'un syst\u00e8me de vid\u00e9oprotection - CREDIT AGRICOLE NORMANDIE \u00e0 PORT-BAIL-SUR-MER 12 SP 74 31/08/23\nArr\u00eat\u00e9 n\u00b0 2022-260 du 29 septembre 2022 portant renouvellement d'un syst\u00e8me de vid\u00e9oprotection - CREDIT AGRICOLE NORMANDIE \u00e0 PONT-HEBERT 12 SP 74 31/08/23\nArr\u00eat\u00e9 n\u00b0 2022-261 du 29 septembre 2022 portant renouvellement d'un syst\u00e8me de vid\u00e9oprotection - CREDIT AGRICOLE NORMANDIE \u00e0 PIROU 12 SP 74 31/08/23\nArr\u00eat\u00e9 n\u00b0 2022-262 du 29 septembre 2022 portant renouvellement d'un syst\u00e8me de vid\u00e9oprotection - CREDIT AGRICOLE NORMANDIE \u00e0 MORTAIN-BOCAGE 13 SP 74 31/08/23\nArr\u00eat\u00e9 n\u00b0 2022-263 du 29 septembre 2022 portant renouvellement d'un syst\u00e8me de vid\u00e9oprotection - CREDIT AGRICOLE NORMANDIE \u00e0 MARIGNY-LE-LOZON 13 SP 74 31/08/23\nArr\u00eat\u00e9 n\u00b0 2022-264 du 29 septembre 2022 portant renouvellement d'un syst\u00e8me de vid\u00e9oprotection - CREDIT AGRICOLE NORMANDIE \u00e0 LESSAY 13 SP 74 31/08/23\nArr\u00eat\u00e9 n\u00b0 2022-265 du 29 septembre 2022 portant renouvellement d'un syst\u00e8me de vid\u00e9oprotection - CREDIT AGRICOLE NORMANDIE \u00e0 LA HAYE 14 SP 74 31/08/23\nArr\u00eat\u00e9 n\u00b0 2022-266 du 29 septembre 2022 portant renouvellement d'un syst\u00e8me de vid\u00e9oprotection - CREDIT AGRICOLE NORMANDIE \u00e0 GAVRAY-SUR-SIENNE 14 SP 74 31/08/23\nArr\u00eat\u00e9 n\u00b0 2022-267 du 29 septembre 2022 portant renouvellement d'un syst\u00e8me de vid\u00e9oprotection - CREDIT AGRICOLE NORMANDIE \u00e0 FLAMANVILLE 14 SP 74 31/08/23\nArr\u00eat\u00e9 n\u00b0 2022-268 du 29 septembre 2022 portant renouvellement d'un syst\u00e8me de vid\u00e9oprotection - CREDIT AGRICOLE NORMANDIE \u00e0 DUCEY-LES CHERIS 15 SP 74 31/08/23\nArr\u00eat\u00e9 n\u00b0 2022-269 du 29 septembre 2022 portant renouvellement d'un syst\u00e8me de vid\u00e9oprotection - CREDIT AGRICOLE NORMANDIE \u00e0 CREANCES 15 SP 74 31/08/23\nArr\u00eat\u00e9 n\u00b0 2022-270 du 29 septembre 2022 portant renouvellement d'un syst\u00e8me de vid\u00e9oprotection - CREDIT AGRICOLE NORMANDIE \u00e0 CONDE-SUR-VIRE 15 SP 74 31/08/23\nArr\u00eat\u00e9 n\u00b0 2022-271 du 29 septembre 2022 portant renouvellement d'un syst\u00e8me de vid\u00e9oprotection - CREDIT AGRICOLE NORMANDIE \u00e0 CERISY-LA-SALLE 16 SP 74 31/08/23\nArr\u00eat\u00e9 n\u00b0 2022-272 du 29 septembre 2022 portant renouvellement d'un syst\u00e8me de vid\u00e9oprotection - CREDIT AGRICOLE DE NORMANDIE \u00e0 LA HAGUE 16 SP 74 31/08/23\nArr\u00eat\u00e9 n\u00b0 2022-273 du 29 septembre 2022 portant modification d'un syst\u00e8me de vid\u00e9oprotection - SELARL CENTRE DE LA BAIE - Service de Radioth\u00e9rapie \u00e0 AVRANCHES 16 SP 74 31/08/23\nArr\u00eat\u00e9 n\u00b0 2022-274 du 29 septembre 2022 portant modification d'un syst\u00e8me de vid\u00e9oprotection - Coutances Mer et Bocage \u00e0 GRATOT 17 SP 74 31/08/23\nArr\u00eat\u00e9 n\u00b0 2022-275 du 3 novembre 2022 portant modification d'un syst\u00e8me de vid\u00e9oprotection - Commune de Hardinvast \u00e0 HARDINVAST 17 SP 74 31/08/23\nArr\u00eat\u00e9 n\u00b0 2022-276 du 29 septembre 2022 portant modification d'un syst\u00e8me de vid\u00e9oprotection - Commune de La Haye \u00e0 LA HAYE 17 SP 74 31/08/23\nArr\u00eat\u00e9 n\u00b0 2022-277 du 29 septembre 2022 portant modification d'un syst\u00e8me de vid\u00e9oprotection - DECATHLON \u00e0 SAINT-LO 18 SP 74 31/08/23\nArr\u00eat\u00e9 n\u00b0 2022\u2013278 du 29 septembre 2022 portant modification d'un syst\u00e8me de vid\u00e9oprotection - Boulangerie SARL Le Fournil de St Pierre \u00e0 SAINT-PIERRE-EGLISE 18 SP 74 31/08/23\nArr\u00eat\u00e9 n\u00b0 2022-279 du 29 septembre 2022 portant modification d'un syst\u00e8me de vid\u00e9oprotection - D\u00e9chetterie d'Ouville \u00e0 OUVILLE 18 SP 74 31/08/23\nArr\u00eat\u00e9 n\u00b0 2022-280 du 29 septembre 2022 portant modification d'un syst\u00e8me de vid\u00e9oprotection - Distribution Casino France \u00e0 DONVILLE-LES-BAINS 19 SP 74 31/08/23\nArr\u00eat\u00e9 n\u00b0 2022-281 du 29 septembre 2022 portant modification d'un syst\u00e8me de vid\u00e9oprotection - PICARD \u00e0 CHERBOURG-EN-COTENTIN 19 SP 74 31/08/23\nArr\u00eat\u00e9 n\u00b0 2022-282 du 29 septembre 2022 portant modification d'un syst\u00e8me de vid\u00e9oprotection - SAS CHAUSSEA \u00e0 AGNEAUX 19 SP 74 31/08/23\nArr\u00eat\u00e9 n\u00b0 2022-283 du 29 septembre 2022 portant modification d'un syst\u00e8me de vid\u00e9oprotection COMMUNE DE LESSAY\u00e0 LESSAY 20 SP 74 31/08/23\nArr\u00eat\u00e9 n\u00b0 2022-284 du 29 septembre 2022 portant autorisation d'un syst\u00e8me de vid\u00e9oprotection - Communaut\u00e9 d'Agglom\u00e9ration du Cotentin \u00e0 LES PIEUX 20 SP 74 31/08/23\nArr\u00eat\u00e9 n\u00b0 2022-285 du 29 septembre 2022 portant autorisation d'un syst\u00e8me de vid\u00e9oprotection - SAS SOMATUR Intermarch\u00e9 \u00e0 CHERBOURG-EN-COTENTIN 21 SP 74 31/08/23\nArr\u00eat\u00e9 n\u00b0 2022-286 du 29 septembre 2022 portant autorisation d'un syst\u00e8me de vid\u00e9oprotection - SAS VIMOND MATERIAUX \u00e0 LONGUEVILLE 21 SP 74 31/08/23\nArr\u00eat\u00e9 n\u00b0 2022-287 du 29 septembre 2022 portant autorisation d'un syst\u00e8me de vid\u00e9oprotection - SNC LECARPENTIER \u00e0 CHERBOURG-EN-COTENTIN 21 SP 74 31/08/23\nArr\u00eat\u00e9 n\u00b0 2022-288 du 6 janvier 2023 portant autorisation d'un syst\u00e8me de vid\u00e9oprotection - Carrefour Contact \u00e0 BARFLEUR 22 SP 74 31/08/23\nArr\u00eat\u00e9 n\u00b0 2022-289 du 29 septembre 2022 portant autorisation d'un syst\u00e8me de vid\u00e9oprotection - NATURELLEMENT GM \u00e0 CHERBOURG-EN-COTENTIN 22 SP 74 31/08/23\nArr\u00eat\u00e9 n\u00b0 2022-290 du 29 septembre 2022 portant autorisation d'un syst\u00e8me de vid\u00e9oprotection - SARL PPARFAIT \u00e0 SAINT-LO 23 SP 74 31/08/23\nSP Avranches\nPage 15\nArr\u00eat\u00e9 n\u00b0 2022-291 du 29 septembre 2022 portant autorisation d'un syst\u00e8me de vid\u00e9oprotection - Sarl Lefauconnier fr\u00e8res \u00e0 TREAUVILLE 23 SP 74 31/08/23\nArr\u00eat\u00e9 n\u00b0 2022-292 du 3 octobre 2022 portant autorisation d'un syst\u00e8me de vid\u00e9oprotection - Pharmacie de Barfleur \u00e0 BARFLEUR 23 SP 74 31/08/23\nArr\u00eat\u00e9 n\u00b0 2022-293 du 29 septembre 2022 portant autorisation d'un syst\u00e8me de vid\u00e9oprotection - Eurl Le Poulailler \u00e0 COUTANCES 24 SP 74 31/08/23\nArr\u00eat\u00e9 n\u00b0 2022-294 du 29 septembre 2022 portant autorisation d'un syst\u00e8me de vid\u00e9oprotection - Pharmacie Lev\u00e9e \u00e0 CHERBOURG-EN-COTENTIN 24 SP 74 31/08/23\nArr\u00eat\u00e9 n\u00b0 2022-295 du 29 septembre 2022 portant autorisation d'un syst\u00e8me de vid\u00e9oprotection - COALLIA \u00e0 CHERBOURG-EN-COTENTIN 25 SP 74 31/08/23\nArr\u00eat\u00e9 n\u00b0 2022-297 du 19 d\u00e9cembre 2022 portant autorisation d'un syst\u00e8me de vid\u00e9oprotection - COALLIA \u00e0 VALOGNES 25 SP 74 31/08/23\nArr\u00eat\u00e9 n\u00b0 2022-298 du 29 septembre 2022 portant autorisation d'un syst\u00e8me de vid\u00e9oprotection - COALLIA \u00e0 SAINT-LO 26 SP 74 31/08/23\nArr\u00eat\u00e9 n\u00b0 2022-299 du 29 septembre 2022 portant autorisation d'un syst\u00e8me de vid\u00e9oprotection - COALLIA \u00e0 BARENTON 26 SP 74 31/08/23\nArr\u00eat\u00e9 n\u00b0 2022-300 du 29 septembre 2022 portant autorisation d'un syst\u00e8me de vid\u00e9oprotection - COALLIA \u00e0 CHERBOURG-EN-COTENTIN 26 SP 74 31/08/23\nArr\u00eat\u00e9 n\u00b0 2022-301 du 20 octobre 2022 portant autorisation d'un syst\u00e8me de vid\u00e9oprotection - Commune de Muneville-sur-mer \u00e0 MUNEVILLE-SUR-MER 27 SP 74 31/08/23\nArr\u00eat\u00e9 n\u00b0 2022-302 du 29 septembre 2022 portant autorisation d'un syst\u00e8me de vid\u00e9oprotection - La Ferme Neuve SAS \u00e0 BEAUVOIR 27 SP 74 31/08/23\nArr\u00eat\u00e9 n\u00b0 2022-303 du 29 septembre 2022 portant autorisation d'un syst\u00e8me de vid\u00e9oprotection - Carrefour Express \u00e0 SAINT-LO 28 SP 74 31/08/23\nArr\u00eat\u00e9 n\u00b0 2022-305 du 29 septembre 2022 portant autorisation d'un syst\u00e8me de vid\u00e9oprotection - COMMUNE D'AVRANCHES \u00e0 AVRANCHES 28 SP 74 31/08/23\nArr\u00eat\u00e9 n\u00b0 2022-306 du 29 septembre 2022 portant autorisation d'un syst\u00e8me de vid\u00e9oprotection - RESIDE ETUDES SENIORS \u00e0 CHERBOURG-EN-COTENTIN 28 SP 74 31/08/23\nArr\u00eat\u00e9 n\u00b0 2022-307 du 29 septembre 2022 portant autorisation d'un syst\u00e8me de vid\u00e9oprotection - O'Douceurs Sucr\u00e9es \u00e0 SOURDEVAL 29 SP 74 31/08/23\nArr\u00eat\u00e9 n\u00b0 2022-324 du 12 janvier 2023 portant renouvellement d'un syst\u00e8me de vid\u00e9oprotection - CREDIT MUTUEL MAINE ANJOU BASSE NORMANDIE \u00e0 SAINT-LO 29 SP 74 31/08/23\nArr\u00eat\u00e9 n\u00b0 2022-325 du 12 janvier 2023 portant renouvellement d'un syst\u00e8me de vid\u00e9oprotection - Direction du r\u00e9seau la Poste de Basse-Normandie \u00e0 CHERBOURG-EN-COTENTIN 30 SP 74 31/08/23\nArr\u00eat\u00e9 n\u00b0 2022-326 du 12 janvier 2023 portant renouvellement d'un syst\u00e8me de vid\u00e9oprotection - POLICE AUX FRONTIERES \u00e0 CHERBOURG-EN-COTENTIN 30 SP 74 31/08/23\nArr\u00eat\u00e9 n\u00b0 2022-327 du 12 janvier 2023 portant renouvellement d'un syst\u00e8me de vid\u00e9oprotection - Direction du r\u00e9seau la Poste de Basse Normandie \u00e0 SAINT-LO 30 SP 74 31/08/23\nArr\u00eat\u00e9 n\u00b0 2022-328 du 12 janvier 2023 portant renouvellement d'un syst\u00e8me de vid\u00e9oprotection - Direction du r\u00e9seau la Poste de Basse-Normandie \u00e0 LA HAYE-PESNEL 31 SP 74 31/08/23\nArr\u00eat\u00e9 n\u00b0 2022-329 du 12 janvier 2023 portant renouvellement d'un syst\u00e8me de vid\u00e9oprotection - Caisse Epargne Normandie \u00e0 DUCEY-LES CHERIS 31 SP 74 31/08/23\nArr\u00eat\u00e9 n\u00b0 2022-330 du 12 janvier 2023 portant renouvellement d'un syst\u00e8me de vid\u00e9oprotection - Caisse Epargne Normandie \u00e0 MONTEBOURG 31 SP 74 31/08/23\nArr\u00eat\u00e9 n\u00b0 2022-331du 12 janvier 2023 portant renouvellement d'un syst\u00e8me de vid\u00e9oprotection - Sarl MALLVEN Services \u00e0 GRANVILLE 32 SP 74 31/08/23\nArr\u00eat\u00e9 n\u00b0 2022-332 du 12 janvier 2023 portant renouvellement d'un syst\u00e8me de vid\u00e9oprotection - Direction du r\u00e9seau le Poste de Basse-Normandie \u00e0 RAUVILLE-LA-BIGOT 32 SP 74 31/08/23\nArr\u00eat\u00e9 n\u00b0 2022-333 du 12 janvier 2023 portant renouvellement d'un syst\u00e8me de vid\u00e9oprotection Direction du r\u00e9seau la Poste de Basse-Normandie \u00e0 GER 32 SP 74 31/08/23\nArr\u00eat\u00e9 n\u00b0 2022-334 du 12 janvier 2023 portant renouvellement d'un syst\u00e8me de vid\u00e9oprotection - Direction du r\u00e9seau la Poste de Basse-Normandie \u00e0 Urville-Nacqueville 32 SP 74 31/08/23\nArr\u00eat\u00e9 n\u00b0 2022-335 du 12 janvier 2023 portant renouvellement d'un syst\u00e8me de vid\u00e9oprotection - CARREFOUR MARKET \u00e0 BLAINVILLE-SUR-MER 33 SP 74 31/08/23\nArr\u00eat\u00e9 n\u00b0 2022-336 du 12 janvier 2023 portant renouvellement d'un syst\u00e8me de vid\u00e9oprotection - sarl Mallven Services Laverie automatique \u00e0 SAINT-PAIR-SUR-MER 33 SP 74 31/08/23\nArr\u00eat\u00e9 n\u00b0 2022-337 du 12 janvier 2023 portant renouvellement d'un syst\u00e8me de vid\u00e9oprotection - Centre m\u00e9dico-chirurgical des ophtalmologues de la Baie \u00e0 AVRANCHES 33 SP 74 31/08/23\nArr\u00eat\u00e9 n\u00b0 2022-338 du 12 janvier 2023 portant renouvellement d'un syst\u00e8me de vid\u00e9oprotection - Restaurant Burger King \u00e0 CHERBOURG-EN-COTENTIN 34 SP 74 31/08/23\nArr\u00eat\u00e9 n\u00b0 2022-339 du 12 janvier 2023 portant renouvellement d'un syst\u00e8me de vid\u00e9oprotection - Sarl FELIA H\u00f4tel la Renaissance \u00e0 CHERBOURG-EN-COTENTIN 34 SP 74 31/08/23\nArr\u00eat\u00e9 n\u00b0 2022-340 du 12 janvier 2023 portant renouvellement d'un syst\u00e8me de vid\u00e9oprotection - ACTION FRANCE SAS \u00e0 SAINT-LO 34 SP 74 31/08/23\nArr\u00eat\u00e9 n\u00b0 2022-341 du 10 janvier 2023 portant modification d'un syst\u00e8me de vid\u00e9oprotection - INTERMARCHE Saint-Martin-des-Champs \u00e0 Avranches 35 SP 74 31/08/23\nArr\u00eat\u00e9 n\u00b0 2022-342 du 12 janvier 2023 portant modification d'un syst\u00e8me de vid\u00e9oprotection - CIC NORD OUEST \u00e0 CHERBOURG-EN-COTENTIN 35 SP 74 31/08/23\nArr\u00eat\u00e9 n\u00b0 2022-343 du 10 janvier 2023 portant modification d'un syst\u00e8me de vid\u00e9oprotection - INTERMARCHE \u00e0 CARENTAN-LES-MARAIS 35 SP 74 31/08/23\nArr\u00eat\u00e9 n\u00b0 2022-344 du 12 janvier 2023 portant modification d'un syst\u00e8me de vid\u00e9oprotection - Caisse d'Epargne Normandie \u00e0 GRANVILLE 36 SP 74 31/08/23\nArr\u00eat\u00e9 n\u00b0 2022-345 du 10 janvier 2023 portant modification d'un syst\u00e8me de vid\u00e9oprotection - Caisse d'Epargne Normandie \u00e0 LA HAYE 36 SP 74 31/08/23\nArr\u00eat\u00e9 n\u00b0 2022-346 du 10 janvier 2023 portant modification d'un syst\u00e8me de vid\u00e9oprotection - Caisse Epargne Normandie \u00e0 BARNEVILLE-CARTERET 37 SP 74 31/08/23\nArr\u00eat\u00e9 n\u00b0 2022-347 du 12 janvier 2023 portant modification d'un syst\u00e8me de vid\u00e9oprotection - Caisse Epargne Normandie \u00e0 CHERBOURG-EN-COTENTIN 37 SP 74 31/08/23\nArr\u00eat\u00e9 n\u00b0 2022-348 du 10 janvier 2023 portant modification d'un syst\u00e8me de vid\u00e9oprotection - TRANSPORT SIMON SARL \u00e0 CERISY-LA-SALLE 37 SP 74 31/08/23\nArr\u00eat\u00e9 n\u00b0 2022-349 du 10 janvier 2023 portant modification d'un syst\u00e8me de vid\u00e9oprotection - Bar tabac presse \u00e0 LE CANARD AGON-COUTAINVILLE 38 SP 74 31/08/23\nArr\u00eat\u00e9 n\u00b0 2022-350 du 10 janvier 2023 portant modification d'un syst\u00e8me de vid\u00e9oprotection - BOULANGERIE LOUISE \u00e0 AVRANCHES 38 SP 74 31/08/23\nArr\u00eat\u00e9 n\u00b0 2022-351 du 10 janvier 2023 portant modification d'un syst\u00e8me de vid\u00e9oprotection - Ville de Coutances \u00e0 COUTANCES 38 SP 74 31/08/23\nArr\u00eat\u00e9 n\u00b0 2022-352 du 12 janvier 2023 portant modification d'un syst\u00e8me de vid\u00e9oprotection - Boulangerie Louise \u00e0 GRANVILLE 39 SP 74 31/08/23\nArr\u00eat\u00e9 n\u00b0 2022-353 du 12 janvier 2023 portant modification d'un syst\u00e8me de vid\u00e9oprotection - LHOMER BEAUTE \u00e0 SAINT-LO 39 SP 74 31/08/23\nArr\u00eat\u00e9 n\u00b0 2022-354 du 12 janvier 2023 portant modification d'un syst\u00e8me de vid\u00e9oprotection - D\u00e9chetterie de Hyenville \u00e0 Quettreville-sur-Sienne 39 SP 74 31/08/23\nArr\u00eat\u00e9 n\u00b0 2022-355 du 6 janvier 2023 portant autorisation d'un syst\u00e8me de vid\u00e9oprotection - SAS AFCO \u00e0 VALOGNES 40 SP 74 31/08/23\nArr\u00eat\u00e9 n\u00b0 2022-356 du 6 janvier 2023 portant autorisation d'un syst\u00e8me de vid\u00e9oprotection - Sarl JMM Leroy \u00e0 ORGLANDES 40 SP 74 31/08/23\nArr\u00eat\u00e9 n\u00b0 2022-357 du 6 janvier 2023 portant autorisation d'un syst\u00e8me de vid\u00e9oprotection - Coccimarket \u00e0 QUETTEHOU 40 SP 74 31/08/23\nArr\u00eat\u00e9 n\u00b0 2022-358 du 6 janvier 2023 portant autorisation d'un syst\u00e8me de vid\u00e9oprotection - MUTUALITE FRANCAISE NORMANDIE SSA \u00e0 CHERBOURG-EN-COTENTIN 41 SP 74 31/08/23\nArr\u00eat\u00e9 n\u00b0 2022-359 du 6 janvier 2023 portant autorisation d'un syst\u00e8me de vid\u00e9oprotection - Nocib\u00e9 France Distribution \u00e0 SAINT-LO 41 SP 74 31/08/23\nArr\u00eat\u00e9 n\u00b0 2022-360 du 6 janvier 2023 portant autorisation d'un syst\u00e8me de vid\u00e9oprotection - Nocib\u00e9 France Distribution \u00e0 CHERBOURG-EN-COTENTIN 42 SP 74 31/08/23\nArr\u00eat\u00e9 n\u00b0 2022-361 du 6 janvier 2023 portant autorisation d'un syst\u00e8me de vid\u00e9oprotection - EI CESNEUT BRUNO \u00e0 SAINT-HILAIRE-DU-HARCOUET 42 SP 74 31/08/23\nArr\u00eat\u00e9 n\u00b0 2022-362 du 6 janvier 2023 portant autorisation d'un syst\u00e8me de vid\u00e9oprotection - APPARTCITY \u00e0 CHERBOURG-EN-COTENTIN 43 SP 74 31/08/23\nArr\u00eat\u00e9 n\u00b0 2022-363 du 6 janvier 2023 portant autorisation d'un syst\u00e8me de vid\u00e9oprotection - L'ANANAS PRIMEUR \u00e0 CHERBOURG-EN-COTENTIN 43 SP 74 31/08/23\nArr\u00eat\u00e9 n\u00b0 2022-364 du 12 janvier 2023 portant autorisation d'un syst\u00e8me de vid\u00e9oprotection - SARL LES GOELANDS \u00e0 GRANVILLE 43 SP 74 31/08/23\nArr\u00eat\u00e9 n\u00b0 2022-365 du 6 janvier 2023 portant autorisation d'un syst\u00e8me de vid\u00e9oprotection - FORMAPREVENTION \u00e0 CHERBOURG-EN-COTENTIN 44 SP 74 31/08/23\nArr\u00eat\u00e9 n\u00b0 2022-366 du 6 janvier 2023 portant autorisation d'un syst\u00e8me de vid\u00e9oprotection - SAS Les Coques d'Or \u00e0 GENETS 44 SP 74 31/08/23\nSP Avranches\nPage 16\nArr\u00eat\u00e9 n\u00b0 2022-367 du 6 janvier 2023 portant autorisation d'un syst\u00e8me de vid\u00e9oprotection - LAGARDERE TRAVEL RETAIL FRANCE \u00e0 CHERBOURG-EN-COTENTIN 45 SP 74 31/08/23\nArr\u00eat\u00e9 n\u00b0 2022-368 du 12 janvier 2023 portant autorisation d'un syst\u00e8me de vid\u00e9oprotection - EI Au Lait Bouilli \u00e0 SAINT-QUENTIN-SUR-LE-HOMME 45 SP 74 31/08/23\nArr\u00eat\u00e9 n\u00b0 2022-369 du 6 janvier 2023 portant autorisation d'un syst\u00e8me de vid\u00e9oprotection - TENNIS CLUB DE COUTAINVILLE \u00e0 AGON-COUTAINVILLE 46 SP 74 31/08/23\nArr\u00eat\u00e9 n\u00b0 2022-370 du 6 janvier 2023 portant autorisation d'un syst\u00e8me de vid\u00e9oprotection - CIC NORD OUEST GAB HORS SITE JULLOUVILLE \u00e0 JULLOUVILLE 46 SP 74 31/08/23\nArr\u00eat\u00e9 n\u00b0 2022-371 du 12 janvier 2023 portant autorisation d'un syst\u00e8me de vid\u00e9oprotection - Optique Leroyer \u00e0 TORIGNY-LES-VILLES 46 SP 74 31/08/23\nArr\u00eat\u00e9 n\u00b0 2022-372 du 12 janvier 2023 portant autorisation d'un syst\u00e8me de vid\u00e9oprotection- SARL AIT IRH \u2013 COCCIMARKET \u00e0 GRANVILLE 47 SP 74 31/08/23\nArr\u00eat\u00e9 n\u00b0 2022-373 du 6 janvier 2023 portant autorisation d'un syst\u00e8me de vid\u00e9oprotection - SFR DISTRIBUTION \u00e0 CHERBOURG-EN-COTENTIN 47 SP 74 31/08/23\nArr\u00eat\u00e9 n\u00b0 2022-374 du 6 janvier 2023 portant autorisation d'un syst\u00e8me de vid\u00e9oprotection - Bar Tabac Epicerie \u00e0 CHERBOURG-EN-COTENTIN 48 SP 74 31/08/23\nArr\u00eat\u00e9 n\u00b0 2022-375 du 6 janvier 2023 portant autorisation d'un syst\u00e8me de vid\u00e9oprotection - Eurl Simonella \u2013 Centrakor \u00e0 AVRANCHES 48 SP 74 31/08/23\nArr\u00eat\u00e9 n\u00b0 2022-376 du 6 janvier 2023 portant autorisation d'un syst\u00e8me de vid\u00e9oprotection - SAS EQP \u00e0 CHERBOURG-EN-COTENTIN 49 SP 74 31/08/23\nArr\u00eat\u00e9 n\u00b0 2022-377 du 12 janvier 2023 portant autorisation d'un syst\u00e8me de vid\u00e9oprotection - Saint-L\u00f4 Agglo \u00e0 SAINT-LO 49 SP 74 31/08/23\nArr\u00eat\u00e9 n\u00b0 2022-378 du 10 janvier 2023 portant autorisation d'un syst\u00e8me de vid\u00e9oprotection - Nocib\u00e9 France SAS \u00e0 CHERBOURG-EN-COTENTIN 49 SP 74 31/08/23\nArr\u00eat\u00e9 n\u00b0 2022-379 du 10 janvier 2023 portant autorisation d'un syst\u00e8me de vid\u00e9oprotection - Nocib\u00e9 France SAS \u00e0 COUTANCES 50 SP 74 31/08/23\nArr\u00eat\u00e9 n\u00b0 2022-380 du 10 janvier 2023 portant autorisation d'un syst\u00e8me de vid\u00e9oprotection - NORMANDY \u00e0 GRANVILLE 50 SP 74 31/08/23\nArr\u00eat\u00e9 n\u00b0 2022-381 du 10 janvier 2023 portant autorisation d'un syst\u00e8me de vid\u00e9oprotection - Boulangerie Louise \u00e0 SAINT-PAIR-SUR-MER 51 SP 74 31/08/23\nArr\u00eat\u00e9 n\u00b0 2022-382 du 10 janvier 2023 portant autorisation d'un syst\u00e8me de vid\u00e9oprotection - Boulangerie Louise \u00e0 SAINT-LO 51 SP 74 31/08/23\nArr\u00eat\u00e9 n\u00b0 2022-383 du 10 janvier 2023 portant autorisation d'un syst\u00e8me de vid\u00e9oprotection - LE NAPOLI \u00e0 SAINTE-CECILE 51 SP 74 31/08/23\nArr\u00eat\u00e9 n\u00b0 2022-384 du 12 janvier 2023 portant autorisation d'un syst\u00e8me de vid\u00e9oprotection - Coutances Mer et Bocage \u00e0 COUTANCES 52 SP 74 31/08/23\nArr\u00eat\u00e9 n\u00b0 2022-385 du 12 janvier 2023 portant autorisation d'un syst\u00e8me de vid\u00e9oprotection - Coutances Mer et Bocage \u00e0 MONTMARTIN-SUR-MER 52 SP 74 31/08/23\nArr\u00eat\u00e9 n\u00b0 2022-386 du 12 janvier 2023 portant autorisation d'un syst\u00e8me de vid\u00e9oprotection - Commune de Blainville-sur-Mer camping de la Melette \u00e0 BLAINVILLE-SUR-MER 53 SP 74 31/08/23\nArr\u00eat\u00e9 n\u00b0 2022-387 du 10 janvier 2023 portant autorisation d'un syst\u00e8me de vid\u00e9oprotection - CULTURE & VOUS \u00e0 CHERBOURG-EN-COTENTIN 53 SP 74 31/08/23\nArr\u00eat\u00e9 n\u00b0 2022-388 du 10 janvier 2023 portant autorisation d'un syst\u00e8me de vid\u00e9oprotection - Tabac LE MONTGOMERY \u00e0 SAINT-MALO-DE-LA-LANDE 54 SP 74 31/08/23\nArr\u00eat\u00e9 n\u00b0 2022-389 du 10 janvier 2023 portant autorisation d'un syst\u00e8me de vid\u00e9oprotection - BRICO DEPOT \u00e0 BRICQUEBEC-EN-COTENTIN 54 SP 74 31/08/23\nArr\u00eat\u00e9 n\u00b0 2023-240 du 17 octobre 2023 portant constitution d'une sous-commission technique au sein de la commission d'\u00e9valuation des risques de la travers\u00e9e de la Baie du Mont-Saint-Michel 6 Oct. 07/11/23\n6 Oct. 07/11/23\n6 Oct. 07/11/23\n6 Oct. 07/11/23\n8 SP 100 22/11/23\nArr\u00eat\u00e9 n\u00b0 2023-11 du 5 avril 2023 portant renouvellement d'un syst\u00e8me de vid\u00e9oprotection - CREDIT MUTUEL MAINE ANJOU BASSE NORMANDIE \u00e0 TOURLAVILLE (CHERBOURG-EN-COTENTIN) 8\nArr\u00eat\u00e9 n\u00b0 2023-12 du 5 avril 2023 portant renouvellement d'un syst\u00e8me de vid\u00e9oprotection - CREDIT MUTUEL MAINE ANJOU BASSE NORMANDIE \u00e0 BREHAL 8\nArr\u00eat\u00e9 n\u00b0 2023-13 du 17 avril 2023 portant renouvellement d'un syst\u00e8me de vid\u00e9oprotection CREDIT MUTUEL MAINE ANJOU BASSE NORMANDIE \u00e0 GOUVILLE-SUR-MER 9\nArr\u00eat\u00e9 n\u00b0 2023-14 du 5 avril 2023 portant renouvellement d'un syst\u00e8me de vid\u00e9oprotection - CREDIT MUTUEL MAINE ANJOU BASSE NORMANDIE \u00e0 MARIGNY-LE-LOZON 9\nArr\u00eat\u00e9 n\u00b0 2023-15 du 5 avril 2023 portant renouvellement d'un syst\u00e8me de vid\u00e9oprotection - Caisse Epargne Normandie \u00e0 SAINT-HILAIRE-DU-HARCOUET 9\nArr\u00eat\u00e9 n\u00b0 2023-16 du 5 avril 2023 portant renouvellement d'un syst\u00e8me de vid\u00e9oprotection - Caisse Epargne Normandie \u00e0 VALOGNES 10\nArr\u00eat\u00e9 n\u00b0 2023-17 portant renouvellement d'un syst\u00e8me de vid\u00e9oprotection - Caisse Epargne Normandie \u00e0 VILLEDIEU-LES-POELES-ROUFFIGNY 10\nArr\u00eat\u00e9 n\u00b0 2023-18 du 5 avril 2023 portant renouvellement d'un syst\u00e8me de vid\u00e9oprotection - Sarl MALLVEN services \u00e0 GRANVILLE 10\nArr\u00eat\u00e9 n\u00b0 2023-19 du 5 avril 2023 portant renouvellement d'un syst\u00e8me de vid\u00e9oprotection - PHARMACIE PASTEUR \u00e0 CHERBOURG-EN-COTENTIN 11\nArr\u00eat\u00e9 n\u00b0 2023-21 du 5 avril 2023 portant renouvellement d'un syst\u00e8me de vid\u00e9oprotection - La Civette bar-tabac-journaux \u00e0 CHERBOURG-EN-COTENTIN 11\nArr\u00eat\u00e9 n\u00b0 2023-22 du 5 avril 2023 portant renouvellement d'un syst\u00e8me de vid\u00e9oprotection - Boulangerie P\u00e2tisserie SARL CARRE GUERIN \u00e0 BREHAL 11\nArr\u00eat\u00e9 n\u00b0 2023-23 du 5 avril 2023 portant renouvellement d'un syst\u00e8me de vid\u00e9oprotection - SAS Complexe Aquatique des 3 Provinces \u00e0 SAINT-HILAIRE-DU-HARCOUET 12\nArr\u00eat\u00e9 n\u00b0 2023-24 du 5 avril 2023 portant renouvellement d'un syst\u00e8me de vid\u00e9oprotection - Lavance Exploitation station de lavage \u00e0 GRANDPARIGNY 12\nArr\u00eat\u00e9 n\u00b0 2023-25 du 5 avril 2023 portant renouvellement d'un syst\u00e8me de vid\u00e9oprotection - LIDL \u00e0 LA COLOMBE 12\nArr\u00eat\u00e9 n\u00b0 2023-26 du 5 avril 2023 portant renouvellement d'un syst\u00e8me de vid\u00e9oprotection - Usine de La Divette \u00e0 CHERBOURG-EN-COTENTIN 13\nArr\u00eat\u00e9 n\u00b0 2023-27 du 5 avril 2023 portant renouvellement d'un syst\u00e8me de vid\u00e9oprotection - sarl LHPC El\u00e9phant Bleu \u00e0 CHERBOURG-EN-COTENTIN 13\nArr\u00eat\u00e9 n\u00b0 2023-30 du 5 avril 2023 portant modification d'un syst\u00e8me de vid\u00e9oprotection - BNP PARIBAS \u00e0 CHERBOURG-EN-COTENTIN 13\nArr\u00eat\u00e9 n\u00b0 2023-32 du 5 avril 2023 portant modification d'un syst\u00e8me de vid\u00e9oprotection - Direction D\u00e9partementale de la S\u00e9curit\u00e9 Publique de la MANCHE \u00e0 CHERBOURG-EN-COTENTIN 14\nArr\u00eat\u00e9 n\u00b0 2023-33 du 5 avril 2023 portant modification d'un syst\u00e8me de vid\u00e9oprotection - Direction D\u00e9partementale de la S\u00e9curit\u00e9 Publique de la Manche \u00e0 SAINT-LO 14\nArr\u00eat\u00e9 n\u00b0 2023-34 du 5 avril 2023 portant modification d'un syst\u00e8me de vid\u00e9oprotection - Direction d\u00e9partementale de la s\u00e9curit\u00e9 publique \u00e0 GRANVILLE 14\nArr\u00eat\u00e9 n\u00b0 2023-35 du 5 avril 2023 portant modification d'un syst\u00e8me de vid\u00e9oprotection - Direction D\u00e9partementale de la S\u00e9curit\u00e9 Publique de la Manche \u00e0 COUTANCES 15\nArr\u00eat\u00e9 n\u00b0 2023-36 du 5 avril 2023 portant modification d'un syst\u00e8me de vid\u00e9oprotection - MAISON DE LA PRESSE bar tabac presse \u00e0 LES PIEUX 15\nArr\u00eat\u00e9 n\u00b0 2023-38 du 5 avril 2023 portant modification d'un syst\u00e8me de vid\u00e9oprotection - K\u00e9olis Mont-Saint-Michel \u00e0 BEAUVOIR 15\nArr\u00eat\u00e9 n\u00b0 2023-39 du 5 avril 2023 portant modification d'un syst\u00e8me de vid\u00e9oprotection - MAISON DE LA PRESSE / SNC Davenas \u00e0 CHERBOURG-EN-COTENTIN 16\nArr\u00eat\u00e9 n\u00b0 2023-40 du 5 avril 2023 portant modification d'un syst\u00e8me de vid\u00e9oprotection - CASTEL PUB \u00e0 SAINT-LO 16\nArr\u00eat\u00e9 n\u00b0 2023-41 du 5 avril 2023 portant modification d'un syst\u00e8me de vid\u00e9oprotection - CENTRE COMMERCIAL AUCHAN \u00e0 CHERBOURG-EN-COTENTIN 16\nArr\u00eat\u00e9 du 30 octobre 2023 portant nomination des membres de la commission de contr\u00f4le charg\u00e9e de la r\u00e9gularit\u00e9 des listes \u00e9lectorales dans la commune de HUDIMESNIL (communes de moins de 1 \n000 habitants et assimil\u00e9es).\nArr\u00eat\u00e9 du 30 octobre 2023 portant nomination des membres de la commission de contr\u00f4le charg\u00e9e de la r\u00e9gularit\u00e9 des listes \u00e9lectorales dans la commune de SAINT PIERRE LANGERS (communes de \nmoins de 1 000 habitants et assimil\u00e9es)\nArr\u00eat\u00e9 du 30 octobre 2023 portant nomination des membres de la commission de contr\u00f4le charg\u00e9e de la r\u00e9gularit\u00e9 des listes \u00e9lectorales dans la commune de LES LOGES SUR BRECEY (communes \nde moins de 1 000 habitants et assimil\u00e9es)\nArr\u00eat\u00e9 n\u00b0 2023-10 du 5 avril 2023 portant renouvellement d'un syst\u00e8me de vid\u00e9oprotection - CREDIT MUTUEL MAINE ANJOU BASSE NORMANDIE \u00e0 EQUEURDREVILLE-HAINNEVILLE \n(CHERBOURG-EN-COTENTIN)\nSP Avranches\nPage 17\nArr\u00eat\u00e9 n\u00b0 2023-42 du 5 avril 2023 portant modification d'un syst\u00e8me de vid\u00e9oprotection - LIDL \u00e0 GRANVILLE 17\nArr\u00eat\u00e9 n\u00b0 2023-43 du 5 avril 2023 portant modification d'un syst\u00e8me de vid\u00e9oprotection - BAR TABAC PRESSE LOTO - SNC DELACOUDRE \u00e0 SAINT-SAUVEUR-LE-VICOMTE 17\nArr\u00eat\u00e9 n\u00b0 2023-44 du 5 avril 2023 portant modification d'un syst\u00e8me de vid\u00e9oprotection - Ville de Cherbourg-en-Cotentin 17\nArr\u00eat\u00e9 n\u00b0 2023-45 du 5 avril 2023 portant modification d'un syst\u00e8me de vid\u00e9oprotection - Boulangerie Louise \u00e0 AVRANCHES 18\nArr\u00eat\u00e9 n\u00b0 2023-46 du 5 avril 2023 portant modification d'un syst\u00e8me de vid\u00e9oprotection - Commune de SAINT-SAUVEUR-LE-VICOMTE 18\nArr\u00eat\u00e9 n\u00b0 2023-48 du 5 avril 2023 portant autorisation d'un syst\u00e8me de vid\u00e9oprotection - Centre hospitalier de proximit\u00e9 \u00e0 CARENTAN-LES-MARAIS 18\nArr\u00eat\u00e9 n\u00b0 2023-49 du 5 avril 2023 portant autorisation d'un syst\u00e8me de vid\u00e9oprotection - SAS GTFL \u00e0 CHERBOURG-EN-COTENTIN 19\nArr\u00eat\u00e9 n\u00b0 2023-51 du 5 avril 2023 portant autorisation d'un syst\u00e8me de vid\u00e9oprotection - SELARL PHARMACIE DES CAPS \u00e0 LES PIEUX 19\nArr\u00eat\u00e9 n\u00b0 2023-52 du 5 avril 2023 portant autorisation d'un syst\u00e8me de vid\u00e9oprotection - LS Tubes \u00e0 SAINT-QUENTIN-SUR-LE-HOMME 20\nArr\u00eat\u00e9 n\u00b0 2023-53 du 5 avril 2023 portant autorisation d'un syst\u00e8me de vid\u00e9oprotection - M.L.D.V \u00e0 DONVILLE-LES-BAINS 20\nArr\u00eat\u00e9 n\u00b0 2023-54 du 5 avril 2023 portant autorisation d'un syst\u00e8me de vid\u00e9oprotection - DOMITYS LES SALINES \u00e0 CHERBOURG-EN-COTENTIN 21\nArr\u00eat\u00e9 n\u00b0 2023-55 du 5 avril 2023 portant autorisation d'un syst\u00e8me de vid\u00e9oprotection - SNC HOUVET-DEMANGE \u00e0 CHERBOURG-EN-COTENTIN 21\nArr\u00eat\u00e9 n\u00b0 2023-56 du 5 avril 2023 portant autorisation d'un syst\u00e8me de vid\u00e9oprotection - SARL SAINT VAAST MARINE \u00e0 SAINT-VAAST-LA-HOUGUE 21\nArr\u00eat\u00e9 n\u00b0 2023-57 du 5 avril 2023 portant autorisation d'un syst\u00e8me de vid\u00e9oprotection - SARL YANNICK GERVAISE \u00e0 GRIMESNIL 22\nArr\u00eat\u00e9 n\u00b0 2023-58 du 5 avril 2023 portant autorisation d'un syst\u00e8me de vid\u00e9oprotection - H\u00f4tel Les Montois \u00e0 CEAUX 22\nArr\u00eat\u00e9 n\u00b0 2023-59 du 5 avril 2023 portant autorisation d'un syst\u00e8me de vid\u00e9oprotection - SARL La cit\u00e9 de la bi\u00e8re \u00e0 CARENTAN-LES-MARAIS 23\nArr\u00eat\u00e9 n\u00b0 2023-60 du 5 avril 2023 portant autorisation d'un syst\u00e8me de vid\u00e9oprotection - SARL lesauvage \u00e0 RAUVILLE-LA-BIGOT 23\nArr\u00eat\u00e9 n\u00b0 2023-61 du 5 avril 2023 portant autorisation d'un syst\u00e8me de vid\u00e9oprotection - EURL D.E'VINS \u00e0 CHERBOURG-EN-COTENTIN 24\nArr\u00eat\u00e9 n\u00b0 2023-62 du 5 avril 2023 portant autorisation d'un syst\u00e8me de vid\u00e9oprotection - SARL HARDY OPTIC 2000 \u00e0 SAINT-LO 24\nArr\u00eat\u00e9 n\u00b0 2023-63 du 5 avril 2023 portant autorisation d'un syst\u00e8me de vid\u00e9oprotection - Mondial Relay - Consigne N\u00b0 30891 \u00e0 LA HAGUE 24\nArr\u00eat\u00e9 n\u00b0 2023-64 du 5 avril 2023portant autorisation d'un syst\u00e8me de vid\u00e9oprotection - Mondial Relay - Consigne N\u00b0 61746 \u00e0 SOTTEVAST 25\nArr\u00eat\u00e9 n\u00b0 2023-65 du 5 avril 2023 portant autorisation d'un syst\u00e8me de vid\u00e9oprotection - Mondial Relay - Consigne N\u00b0 67826 \u00e0 CHERBOURG-EN-COTENTIN 25\nArr\u00eat\u00e9 n\u00b0 2023-66 du 5 avril 2023 portant autorisation d'un syst\u00e8me de vid\u00e9oprotection - Mondial Relay - Consigne N\u00b0 38535 \u00e0 BRECEY 26\nArr\u00eat\u00e9 n\u00b0 2023-67 du 5 avril 2023 portant autorisation d'un syst\u00e8me de vid\u00e9oprotection - Mondial Relay - Consigne N\u00b0 14903 \u00e0 SAINTE-MERE-EGLISE 26\nArr\u00eat\u00e9 n\u00b0 2023-68 du 5 avril 2023 portant autorisation d'un syst\u00e8me de vid\u00e9oprotection - Mondial Relay - Consigne N\u00b0 71037 \u00e0 COUTANCES 26\nArr\u00eat\u00e9 n\u00b0 2023-69 du 5 avril 2023 portant autorisation d'un syst\u00e8me de vid\u00e9oprotection - Mondial Relay - consigne n\u00b016458 \u00e0 CARENTAN-LES-MARAIS 27\nArr\u00eat\u00e9 n\u00b0 2023-70 du 5 avril 2023 portant autorisation d'un syst\u00e8me de vid\u00e9oprotection - Mondial Relay - consigne n\u00b014809 \u00e0 CHERBOURG-EN-COTENTIN 27\nArr\u00eat\u00e9 n\u00b0 2023-71 du 5 avril 2023 portant autorisation d'un syst\u00e8me de vid\u00e9oprotection - ADSEAM \u00e0 CHERBOURG-EN-COTENTIN 28\nArr\u00eat\u00e9 n\u00b0 2023-72 du 5 avril 2023 portant autorisation d'un syst\u00e8me de vid\u00e9oprotection - Foyer des Jeunes Travailleurs \u00e0 GRANVILLE 28\nArr\u00eat\u00e9 n\u00b0 2023-73 du 5 avril 2023 portant autorisation d'un syst\u00e8me de vid\u00e9oprotection - NALEAL \u00e0 CHERBOURG-EN-COTENTIN 29\nArr\u00eat\u00e9 n\u00b0 2023-74 du 5 avril 2023 portant autorisation d'un syst\u00e8me de vid\u00e9oprotection - Mondial Relay - Consigne N\u00b0 14925 \u00e0 BREHAL 29\nArr\u00eat\u00e9 n\u00b0 2023-75 du 5 avril 2023 portant autorisation d'un syst\u00e8me de vid\u00e9oprotection - Mondial Relay - consigne n\u00b0 16244 \u00e0 LA HAYE 29\nArr\u00eat\u00e9 n\u00b0 2023-76 du 5 avril 2023 portant autorisation d'un syst\u00e8me de vid\u00e9oprotection - Mondial Relay - consigne n\u00b015010 \u00e0 SARTILLY-BAIE-BOCAGE 30\nArr\u00eat\u00e9 n\u00b0 2023-77 du 5 avril 2023 portant autorisation d'un syst\u00e8me de vid\u00e9oprotection - Mondial Relay - consigne n\u00b014902 \u00e0 BRICQUEBEC-EN-COTENTIN 30\nArr\u00eat\u00e9 n\u00b0 2023-78 du 5 avril 2023 portant autorisation d'un syst\u00e8me de vid\u00e9oprotection - Mairie \u00e0 SAINT-JACQUES-DE-NEHOU 31\nArr\u00eat\u00e9 n\u00b0 2023-79 du 5 avril 2023 portant autorisation d'un syst\u00e8me de vid\u00e9oprotection - SARL Auto Net \u00e0 VALOGNES 31\nArr\u00eat\u00e9 n\u00b0 2023-80 du 5 avril 2023 portant autorisation d'un syst\u00e8me de vid\u00e9oprotection - TLC Lavage \u00e0 SAINT-JEAN-DE-DAYE 32\nArr\u00eat\u00e9 n\u00b0 2023-81 du 5 avril 2023 portant autorisation d'un syst\u00e8me de vid\u00e9oprotection - ASSOCIATION CHARLES SHAY \u00e0 PICAUVILLE 32\nArr\u00eat\u00e9 n\u00b0 2023-82 du 5 avril 2023 portant autorisation d'un syst\u00e8me de vid\u00e9oprotection - Mondial Relay - Consigne N\u00b0 40936 \u00e0 JULLOUVILLE 32\nArr\u00eat\u00e9 n\u00b0 2023-83 du 5 avril 2023 portant autorisation d'un syst\u00e8me de vid\u00e9oprotection - Mondial Relay - Consigne N\u00b0 14744 \u00e0 LESSAY 33\nArr\u00eat\u00e9 n\u00b0 2023-84 du 5 avril 2023 portant autorisation d'un syst\u00e8me de vid\u00e9oprotection - Commune de Carentan-Les-Marais \u00e0 CARENTAN-LES-MARAIS 33\nArr\u00eat\u00e9 n\u00b0 2023-85 du 5 avril 2023 portant autorisation d'un syst\u00e8me de vid\u00e9oprotection - SOLIDUR \u00e0 ROMAGNY FONTENAY 34\nArr\u00eat\u00e9 n\u00b0 2023-86 du 5 avril 2023 portant autorisation d'un syst\u00e8me de vid\u00e9oprotection - FDAAPPMA 50 \u00e0 PONT-HEBERT 34\nArr\u00eat\u00e9 n\u00b0 2023-88 du 5 avril 2023 portant autorisation d'un syst\u00e8me de vid\u00e9oprotection - Sarl ABELA-NEGAA \u00e0 PONTORSON 35\nArr\u00eat\u00e9 n\u00b0 2023-89 du 5 avril 2023 portant autorisation d'un syst\u00e8me de vid\u00e9oprotection - SAS Maison Gu\u00e9rin Pompes Fun\u00e8bres \u00e0 GRANVILLE 35\nArr\u00eat\u00e9 n\u00b0 2023-20 du 17 avril 2023 portant renouvellement d'un syst\u00e8me de vid\u00e9oprotection - communaut\u00e9 d'agglom\u00e9ration du cotentin \u00e0 CHERBOURG-EN-COTENTIN 35\nArr\u00eat\u00e9 n\u00b0 2023-31 du 17 avril 2023 portant modification d'un syst\u00e8me de vid\u00e9oprotection - LE ROLLON \u00e0 CHERBOURG-EN-COTENTIN 36\nArr\u00eat\u00e9 n\u00b0 2023-37 du 17 avril 2023 portant modification d'un syst\u00e8me de vid\u00e9oprotection - Ville de Carentan \u00e0 CARENTAN-LES-MARAIS 36\nArr\u00eat\u00e9 n\u00b0 2023-50 du 17 avril 2023 portant autorisation d'un syst\u00e8me de vid\u00e9oprotection - SARL MAKALO \u00e0 SAINT-PIERRE-LANGERS 37\nArr\u00eat\u00e9 n\u00b0 2023-87 du 17 avril 2023 portant autorisation d'un syst\u00e8me de vid\u00e9oprotection - Commune de M\u00e9autis \u00e0 MEAUTIS 37\nArr\u00eat\u00e9 n\u00b0 2023-90 du 17 avril 2023 portant autorisation d'un syst\u00e8me de vid\u00e9oprotection - Sous-Pr\u00e9fecture de Coutances \u00e0 COUTANCES 38\nArr\u00eat\u00e9 n\u00b0 2023-92 du 20 avril 2023 portant renouvellement d'un syst\u00e8me de vid\u00e9oprotection - CARREFOUR MARKET \u00e0 BLAINVILLE-SUR-MER 38\nArr\u00eat\u00e9 n\u00b0 2023-116 du 3 juillet 2023 portant modification d'un syst\u00e8me de vid\u00e9oprotection - CAFE DE LA GARE \u00e0 GRANVILLE 38\nArr\u00eat\u00e9 n\u00b0 2023-117 du 3 juillet 2023 portant modification d'un syst\u00e8me de vid\u00e9oprotection - H2S Formation \u00e0 CRASVILLE 39\nArr\u00eat\u00e9 n\u00b0 2023-118 du 3 juillet 2023 portant modification d'un syst\u00e8me de vid\u00e9oprotection - CREDIT MUTUEL MAINE-ANJOU BASSE NORMANDIE \u00e0 SAINT-POIS 39\nArr\u00eat\u00e9 n\u00b0 2023-119 du 3 juillet 2023 portant modification d'un syst\u00e8me de vid\u00e9oprotection - Carrefour contact \u00e0 PICAUVILLE 40\nArr\u00eat\u00e9 n\u00b0 2023-120 du 3 juillet 2023 portant modification d'un syst\u00e8me de vid\u00e9oprotection - Caisse d'Epargne Normandie \u00e0 SAINT-PAIR-SUR-MER 40\nArr\u00eat\u00e9 n\u00b0 2023-121 du 3 juillet 2023 portant modification d'un syst\u00e8me de vid\u00e9oprotection - GROUPE GIFI \u00e0 CHERBOURG-EN-COTENTIN 40\nSP Avranches\nPage 18\nArr\u00eat\u00e9 n\u00b0 2023-122 du 3 juillet 2023 portant modification d'un syst\u00e8me de vid\u00e9oprotection - Commune de La Haye \u00e0 LA HAYE 41\nArr\u00eat\u00e9 n\u00b0 2023-124 du 3 juillet 2023 portant modification d'un syst\u00e8me de vid\u00e9oprotection - GIFI \u00e0 GRANVILLE 41\nArr\u00eat\u00e9 n\u00b0 2023-125 du 3 juillet 2023 portant modification d'un syst\u00e8me de vid\u00e9oprotection - Ports de Normandie \u00e0 CHERBOURG-EN-COTENTIN 41\nArr\u00eat\u00e9 n\u00b0 2023-126 du 3 juillet 2023 portant modification d'un syst\u00e8me de vid\u00e9oprotection - Ports de Granville \u00e0 GRANVILLE 42\nArr\u00eat\u00e9 n\u00b0 2023-127 du 3 juillet 2023 portant modification d'un syst\u00e8me de vid\u00e9oprotection - SNC LE PENALTY \u00e0 AGNEAUX 42\nArr\u00eat\u00e9 n\u00b0 2023-128 du 3 juillet 2023 portant modification d'un syst\u00e8me de vid\u00e9oprotection - Commune de Br\u00e9hal \u00e0 BREHAL 42\nArr\u00eat\u00e9 n\u00b0 2023-129 du 3 juillet 2023 portant autorisation d'un syst\u00e8me de vid\u00e9oprotection - La Maison.fr \u00e0 VILLEDIEU-LES-POELES-ROUFFIGNY 43\nArr\u00eat\u00e9 n\u00b0 2023-130 du 3 juillet 2023 portant autorisation d'un syst\u00e8me de vid\u00e9oprotection - MAISON DE RETRAITE EHPAD \u00e0 SAINT JOSEPH SOURDEVAL 43\nArr\u00eat\u00e9 n\u00b0 2023-131 du 3 juillet 2023 portant autorisation d'un syst\u00e8me de vid\u00e9oprotection - SAS COOP SAVEURS \u00e0 SAINT-LO 44\nArr\u00eat\u00e9 n\u00b0 2023-132 du 3 juillet 2023 portant autorisation d'un syst\u00e8me de vid\u00e9oprotection - Mondial Relay - Consigne N\u00b0 27334 \u00e0 SAINT-LO 44\nArr\u00eat\u00e9 n\u00b0 2023-133 du 3 juillet 2023 portant autorisation d'un syst\u00e8me de vid\u00e9oprotection - Mondial Relay - Consigne N\u00b027333 \u00e0 SAINT-LO 45\nArr\u00eat\u00e9 n\u00b0 2023-134 du 3 juillet 2023 portant autorisation d'un syst\u00e8me de vid\u00e9oprotection - Mondial Relay - Consigne N\u00b0 27349 \u00e0 AVRANCHES 45\nArr\u00eat\u00e9 n\u00b0 2023-135 du 3 juillet 2023 portant autorisation d'un syst\u00e8me de vid\u00e9oprotection - SNC LES GARSMELLES \u00e0 NOTRE-DAME-DE-CENILLY 45\nArr\u00eat\u00e9 n\u00b0 2023-136 du 3 juillet 2023 portant autorisation d'un syst\u00e8me de vid\u00e9oprotection - Mondial Relay - Consigne N\u00b0 66055 \u00e0 CHERBOURG-EN-COTENTIN 46\nArr\u00eat\u00e9 n\u00b0 2023-137 du 3 juillet 2023 portant autorisation d'un syst\u00e8me de vid\u00e9oprotection - Mondial Relay - Consigne N\u00b0 37149 \u00e0 GAVRAY-SUR-SIENNE 46\nArr\u00eat\u00e9 n\u00b0 2023-138 du 3 juillet 2023 portant autorisation d'un syst\u00e8me de vid\u00e9oprotection - Mondial Relay - Consigne N\u00b0 16147 \u00e0 CARENTAN-LES-MARAIS 47\n47\n47\n48\n48\n48\n48\n49\n49\n49\n49\n50\n50\n50\n50\n51\n51\n51\n51\n52\n52\n52\n52\n53\n53\n53\n53\n54\nArr\u00eat\u00e9 du 11 juillet 2023 portant nomination des membres de la commission de contr\u00f4le charg\u00e9e de la r\u00e9gularit\u00e9 des listes \u00e9lectorales dans la commune de BRICQUEVILLE SUR MER (communes de 1 \n000 habitants et plus avec 1 liste)\nArr\u00eat\u00e9 du 11 juillet 2023 portant nomination des membres de la commission de contr\u00f4le charg\u00e9e de la r\u00e9gularit\u00e9 des listes \u00e9lectorales dans la commune de FOLLIGNY (communes de 1 000 habitants et \nplus avec 1 liste)\nArr\u00eat\u00e9 du 11 juillet 2023 portant nomination des membres de la commission de contr\u00f4le charg\u00e9e de la r\u00e9gularit\u00e9 des listes \u00e9lectorales dans la commune de GRANDPARIGNY (communes de 1 000 \nhabitants et plus avec 1 liste)\nArr\u00eat\u00e9 du 11 juillet 2023 portant nomination des membres de la commission de contr\u00f4le charg\u00e9e de la r\u00e9gularit\u00e9 des listes \u00e9lectorales dans la commune de LE TEILLEUL (communes de 1 000 \nhabitants et plus avec 1 liste)\nArr\u00eat\u00e9 du 11 juillet 2023 portant nomination des membres de la commission de contr\u00f4le charg\u00e9e de la r\u00e9gularit\u00e9 des listes \u00e9lectorales dans la commune de LE VAL-SAINT-P\u00c8RE (communes de 1 000 \nhabitants et plus avec 1 liste)\nArr\u00eat\u00e9 du 11 juillet 2023 portant nomination des membres de la commission de contr\u00f4le charg\u00e9e de la r\u00e9gularit\u00e9 des listes \u00e9lectorales dans la commune de MARCEY-LES-GREVES (communes de 1 \n000 habitants et plus avec 1 liste)\nArr\u00eat\u00e9 du 11 juillet 2023 portant nomination des membres de la commission de contr\u00f4le charg\u00e9e de la r\u00e9gularit\u00e9 des listes \u00e9lectorales dans la commune de MORTAIN-BOCAGE (communes de 1 000 \nhabitants et plus avec 1 liste)\nArr\u00eat\u00e9 du 11 juillet 2023 portant nomination des membres de la commission de contr\u00f4le charg\u00e9e de la r\u00e9gularit\u00e9 des listes \u00e9lectorales dans la commune de ROMAGNY-FONTENAY (communes de 1 \n000 habitants et plus avec 1 liste)\nArr\u00eat\u00e9 du 11 juillet 2023 portant nomination des membres de la commission de contr\u00f4le charg\u00e9e de la r\u00e9gularit\u00e9 des listes \u00e9lectorales dans la commune de SAINT-JEAN-DES-CHAMPS (communes de \n1 000 habitants et plus avec 1 liste)\nArr\u00eat\u00e9 du 11 juillet 2023 portant nomination des membres de la commission de contr\u00f4le charg\u00e9e de la r\u00e9gularit\u00e9 des listes \u00e9lectorales dans la commune de SAINT-QUENTIN-SUR-LE-HOMME \n(communes de 1 000 habitants et plus avec 1 liste)\nArr\u00eat\u00e9 du 11 juillet 2023 portant nomination des membres de la commission de contr\u00f4le charg\u00e9e de la r\u00e9gularit\u00e9 des listes \u00e9lectorales dans la commune de YQUELON (communes de 1 000 habitants et \nplus avec 1 liste)\nArr\u00eat\u00e9 du 11 juillet 2023 portant nomination des membres de la commission de contr\u00f4le charg\u00e9e de la r\u00e9gularit\u00e9 des listes \u00e9lectorales dans la commune de (communes de 1 000 habitants et plus avec \n1 liste)\nArr\u00eat\u00e9 du 11 juillet 2023 portant nomination des membres de la commission de contr\u00f4le charg\u00e9e de la r\u00e9gularit\u00e9 des listes \u00e9lectorales dans la commune de ANCTOVILLE SUR BOSCQ (communes de \nmoins de 1 000 habitants et assimil\u00e9es)\nArr\u00eat\u00e9 du 11 juillet 2023 portant nomination des membres de la commission de contr\u00f4le charg\u00e9e de la r\u00e9gularit\u00e9 des listes \u00e9lectorales dans la commune de AUCEY LA PLAINE (communes de moins de \n1 000 habitants et assimil\u00e9es)\nArr\u00eat\u00e9 du 11 juillet 2023 portant nomination des membres de la commission de contr\u00f4le charg\u00e9e de la r\u00e9gularit\u00e9 des listes \u00e9lectorales dans la commune de BACILLY (communes de moins de 1 000 \nhabitants et assimil\u00e9es)\nArr\u00eat\u00e9 du 11 juillet 2023 portant nomination des membres de la commission de contr\u00f4le charg\u00e9e de la r\u00e9gularit\u00e9 des listes \u00e9lectorales dans la commune de BEAUCHAMPS (communes de moins de 1 \n000 habitants et assimil\u00e9es)\nArr\u00eat\u00e9 du 11 juillet 2023 portant nomination des membres de la commission de contr\u00f4le charg\u00e9e de la r\u00e9gularit\u00e9 des listes \u00e9lectorales dans la commune de BEAUFICEL (communes de moins de 1 000 \nhabitants et assimil\u00e9es)\nArr\u00eat\u00e9 du 11 juillet 2023 portant nomination des membres de la commission de contr\u00f4le charg\u00e9e de la r\u00e9gularit\u00e9 des listes \u00e9lectorales dans la commune de BEAUVOIR (communes de moins de 1 000 \nhabitants et assimil\u00e9es)\nArr\u00eat\u00e9 du 11 juillet 2023 portant nomination des membres de la commission de contr\u00f4le charg\u00e9e de la r\u00e9gularit\u00e9 des listes \u00e9lectorales dans la commune de BOISYVON (communes de moins de 1 000 \nhabitants et assimil\u00e9es)\nArr\u00eat\u00e9 du 11 juillet 2023 portant nomination des membres de la commission de contr\u00f4le charg\u00e9e de la r\u00e9gularit\u00e9 des listes \u00e9lectorales dans la commune de BREVILLE SUR MER (communes de moins \nde 1 000 habitants et assimil\u00e9es)\nArr\u00eat\u00e9 du 11 juillet 2023 portant nomination des membres de la commission de contr\u00f4le charg\u00e9e de la r\u00e9gularit\u00e9 des listes \u00e9lectorales dans la commune de BROUAINS (communes de moins de 1 000 \nhabitants et assimil\u00e9es)\nArr\u00eat\u00e9 du 11 juillet 2023 portant nomination des membres de la commission de contr\u00f4le charg\u00e9e de la r\u00e9gularit\u00e9 des listes \u00e9lectorales dans la commune de BUAIS-LES MONTS (communes de moins \nde 1 000 habitants et assimil\u00e9es)\nArr\u00eat\u00e9 du 11 juillet 2023 portant nomination des membres de la commission de contr\u00f4le charg\u00e9e de la r\u00e9gularit\u00e9 des listes \u00e9lectorales dans la commune de CAROLLES (communes de moins de 1 000 \nhabitants et assimil\u00e9es)\nArr\u00eat\u00e9 du 11 juillet 2023 portant nomination des membres de la commission de contr\u00f4le charg\u00e9e de la r\u00e9gularit\u00e9 des listes \u00e9lectorales dans la commune de CEAUX (communes de moins de 1 000 \nhabitants et assimil\u00e9es)\nArr\u00eat\u00e9 du 11 juillet 2023 portant nomination des membres de la commission de contr\u00f4le charg\u00e9e de la r\u00e9gularit\u00e9 des listes \u00e9lectorales dans la commune de CHAMPEAUX (communes de moins de 1 \n000 habitants et assimil\u00e9es)\nArr\u00eat\u00e9 du 11 juillet 2023 portant nomination des membres de la commission de contr\u00f4le charg\u00e9e de la r\u00e9gularit\u00e9 des listes \u00e9lectorales dans la commune de CHANTELOUP (communes de moins de 1 \n000 habitants et assimil\u00e9es)\nArr\u00eat\u00e9 du 11 juillet 2023 portant nomination des membres de la commission de contr\u00f4le charg\u00e9e de la r\u00e9gularit\u00e9 des listes \u00e9lectorales dans la commune de CHAULIEU (communes de moins de 1 000 \nhabitants et assimil\u00e9es)\nSP Avranches\nPage 19\n54\n54\n54\n55\n55\n55\n55\n56\n56\n56\n56\n57\n57\n57\n57\n58\n58\n58\n58\n59\n59\n59\n59\n60\n60\n60\n60\n61\n61\n61\n61\n62\n62\n62\n62\n63\n63\n63\nArr\u00eat\u00e9 du 11 juillet 2023 portant nomination des membres de la commission de contr\u00f4le charg\u00e9e de la r\u00e9gularit\u00e9 des listes \u00e9lectorales dans la commune de CHAVOY (communes de moins de 1 000 \nhabitants et assimil\u00e9es)\nArr\u00eat\u00e9 du 11 juillet 2023 portant nomination des membres de la commission de contr\u00f4le charg\u00e9e de la r\u00e9gularit\u00e9 des listes \u00e9lectorales dans la commune de COUDEVILLE SUR MER (communes de \nmoins de 1 000 habitants et assimil\u00e9es)\nArr\u00eat\u00e9 du 11 juillet 2023 portant nomination des membres de la commission de contr\u00f4le charg\u00e9e de la r\u00e9gularit\u00e9 des listes \u00e9lectorales dans la commune de COULOUVRAY-BOISBENATRE (communes \nde moins de 1 000 habitants et assimil\u00e9es)\nArr\u00eat\u00e9 du 11 juillet 2023 portant nomination des membres de la commission de contr\u00f4le charg\u00e9e de la r\u00e9gularit\u00e9 des listes \u00e9lectorales dans la commune de COURTILS (communes de moins de 1 000 \nhabitants et assimil\u00e9es)\nArr\u00eat\u00e9 du 11 juillet 2023 portant nomination des membres de la commission de contr\u00f4le charg\u00e9e de la r\u00e9gularit\u00e9 des listes \u00e9lectorales dans la commune de CROLLON (communes de moins de 1 000 \nhabitants et assimil\u00e9es)\nArr\u00eat\u00e9 du 11 juillet 2023 portant nomination des membres de la commission de contr\u00f4le charg\u00e9e de la r\u00e9gularit\u00e9 des listes \u00e9lectorales dans la commune de CUVES (communes de moins de 1 000 \nhabitants et assimil\u00e9es)\nArr\u00eat\u00e9 du 11 juillet 2023 portant nomination des membres de la commission de contr\u00f4le charg\u00e9e de la r\u00e9gularit\u00e9 des listes \u00e9lectorales dans la commune de DRAGEY-RONTHON (communes de moins \nde 1 000 habitants et assimil\u00e9es)\nArr\u00eat\u00e9 du 11 juillet 2023 portant nomination des membres de la commission de contr\u00f4le charg\u00e9e de la r\u00e9gularit\u00e9 des listes \u00e9lectorales dans la commune de EQUILLY (communes de moins de 1 000 \nhabitants et assimil\u00e9es)\nArr\u00eat\u00e9 du 11 juillet 2023 portant nomination des membres de la commission de contr\u00f4le charg\u00e9e de la r\u00e9gularit\u00e9 des listes \u00e9lectorales dans la commune de GATHEMO (communes de moins de 1 000 \nhabitants et assimil\u00e9es)\nArr\u00eat\u00e9 du 11 juillet 2023 portant nomination des membres de la commission de contr\u00f4le charg\u00e9e de la r\u00e9gularit\u00e9 des listes \u00e9lectorales dans la commune de GENETS (communes de moins de 1 000 \nhabitants et assimil\u00e9es)\nArr\u00eat\u00e9 du 11 juillet 2023 portant nomination des membres de la commission de contr\u00f4le charg\u00e9e de la r\u00e9gularit\u00e9 des listes \u00e9lectorales dans la commune de GER (communes de moins de 1 000 \nhabitants et assimil\u00e9es)\nArr\u00eat\u00e9 du 11 juillet 2023 portant nomination des membres de la commission de contr\u00f4le charg\u00e9e de la r\u00e9gularit\u00e9 des listes \u00e9lectorales dans la commune de HAMELIN (communes de moins de 1 000 \nhabitants et assimil\u00e9es)\nArr\u00eat\u00e9 du 11 juillet 2023 portant nomination des membres de la commission de contr\u00f4le charg\u00e9e de la r\u00e9gularit\u00e9 des listes \u00e9lectorales dans la commune de HOCQUIGNY (communes de moins de 1 \n000 habitants et assimil\u00e9es)\nArr\u00eat\u00e9 du 11 juillet 2023 portant nomination des membres de la commission de contr\u00f4le charg\u00e9e de la r\u00e9gularit\u00e9 des listes \u00e9lectorales dans la commune de HUDIMESNIL (communes de moins de 1 \n000 habitants et assimil\u00e9es)\nArr\u00eat\u00e9 du 11 juillet 2023 portant nomination des membres de la commission de contr\u00f4le charg\u00e9e de la r\u00e9gularit\u00e9 des listes \u00e9lectorales dans la commune de HUISNES SUR MER (communes de moins \nde 1 000 habitants et assimil\u00e9es)\nArr\u00eat\u00e9 du 11 juillet 2023 portant nomination des membres de la commission de contr\u00f4le charg\u00e9e de la r\u00e9gularit\u00e9 des listes \u00e9lectorales dans la commune de JUILLEY (communes de moins de 1 000 \nhabitants et assimil\u00e9es)\nArr\u00eat\u00e9 du 11 juillet 2023 portant nomination des membres de la commission de contr\u00f4le charg\u00e9e de la r\u00e9gularit\u00e9 des listes \u00e9lectorales dans la commune de LA CHAISE-BAUDOUIN (communes de \nmoins de 1 000 habitants et assimil\u00e9es)\nArr\u00eat\u00e9 du 11 juillet 2023 portant nomination des membres de la commission de contr\u00f4le charg\u00e9e de la r\u00e9gularit\u00e9 des listes \u00e9lectorales dans la commune de LA CHAPELLE-CECELIN (communes de \nmoins de 1 000 habitants et assimil\u00e9es)\nArr\u00eat\u00e9 du 11 juillet 2023 portant nomination des membres de la commission de contr\u00f4le charg\u00e9e de la r\u00e9gularit\u00e9 des listes \u00e9lectorales dans la commune de LA CHAPELLE-UREE (communes de moins \nde 1 000 habitants et assimil\u00e9es)\nArr\u00eat\u00e9 du 11 juillet 2023 portant nomination des membres de la commission de contr\u00f4le charg\u00e9e de la r\u00e9gularit\u00e9 des listes \u00e9lectorales dans la commune de LA GODEFROY (communes de moins de 1 \n000 habitants et assimil\u00e9es)\nArr\u00eat\u00e9 du 11 juillet 2023 portant nomination des membres de la commission de contr\u00f4le charg\u00e9e de la r\u00e9gularit\u00e9 des listes \u00e9lectorales dans la commune de LA LUCERNE D'OUTREMER (communes \nde moins de 1 000 habitants et assimil\u00e9es)\nArr\u00eat\u00e9 du 11 juillet 2023 portant nomination des membres de la commission de contr\u00f4le charg\u00e9e de la r\u00e9gularit\u00e9 des listes \u00e9lectorales dans la commune de LA MEURDRAQUIERE (communes de \nmoins de 1 000 habitants et assimil\u00e9es)\nArr\u00eat\u00e9 du 11 juillet 2023 portant nomination des membres de la commission de contr\u00f4le charg\u00e9e de la r\u00e9gularit\u00e9 des listes \u00e9lectorales dans la commune de LA MOUCHE (communes de moins de 1 000 \nhabitants et assimil\u00e9es)\nArr\u00eat\u00e9 du 11 juillet 2023 portant nomination des membres de la commission de contr\u00f4le charg\u00e9e de la r\u00e9gularit\u00e9 des listes \u00e9lectorales dans la commune de LAPENTY (communes de moins de 1 000 \nhabitants et assimil\u00e9es)\nArr\u00eat\u00e9 du 11 juillet 2023 portant nomination des membres de la commission de contr\u00f4le charg\u00e9e de la r\u00e9gularit\u00e9 des listes \u00e9lectorales dans la commune de LE FRESNE-PORET (communes de moins \nde 1 000 habitants et assimil\u00e9es)\nArr\u00eat\u00e9 du 11 juillet 2023 portant nomination des membres de la commission de contr\u00f4le charg\u00e9e de la r\u00e9gularit\u00e9 des listes \u00e9lectorales dans la commune de LE GRAND CELLAND (communes de moins \nde 1 000 habitants et assimil\u00e9es)\nArr\u00eat\u00e9 du 11 juillet 2023 portant nomination des membres de la commission de contr\u00f4le charg\u00e9e de la r\u00e9gularit\u00e9 des listes \u00e9lectorales dans la commune de LE GRIPPON (communes de moins de 1 \n000 habitants et assimil\u00e9es)\nArr\u00eat\u00e9 du 11 juillet 2023 portant nomination des membres de la commission de contr\u00f4le charg\u00e9e de la r\u00e9gularit\u00e9 des listes \u00e9lectorales dans la commune de LE LOREUR (communes de moins de 1 000 \nhabitants et assimil\u00e9es)\nArr\u00eat\u00e9 du 11 juillet 2023 portant nomination des membres de la commission de contr\u00f4le charg\u00e9e de la r\u00e9gularit\u00e9 des listes \u00e9lectorales dans la commune de LE LUOT (communes de moins de 1 000 \nhabitants et assimil\u00e9es)\nArr\u00eat\u00e9 du 11 juillet 2023 portant nomination des membres de la commission de contr\u00f4le charg\u00e9e de la r\u00e9gularit\u00e9 des listes \u00e9lectorales dans la commune de LE MESNIL-ADELEE (communes de moins \nde 1 000 habitants et assimil\u00e9es)\nArr\u00eat\u00e9 du 11 juillet 2023 portant nomination des membres de la commission de contr\u00f4le charg\u00e9e de la r\u00e9gularit\u00e9 des listes \u00e9lectorales dans la commune de LE MESNIL-AUBERT (communes de moins \nde 1 000 habitants et assimil\u00e9es)\nArr\u00eat\u00e9 du 11 juillet 2023 portant nomination des membres de la commission de contr\u00f4le charg\u00e9e de la r\u00e9gularit\u00e9 des listes \u00e9lectorales dans la commune de LE MESNIL-GILBERT (communes de moins \nde 1 000 habitants et assimil\u00e9es)\nArr\u00eat\u00e9 du 11 juillet 2023 portant nomination des membres de la commission de contr\u00f4le charg\u00e9e de la r\u00e9gularit\u00e9 des listes \u00e9lectorales dans la commune de LE MESNIL-OZENNE (communes de moins \nde 1 000 habitants et assimil\u00e9es)\nArr\u00eat\u00e9 du 11 juillet 2023 portant nomination des membres de la commission de contr\u00f4le charg\u00e9e de la r\u00e9gularit\u00e9 des listes \u00e9lectorales dans la commune de LE MESNILLARD (communes de moins de 1 \n000 habitants et assimil\u00e9es)\nArr\u00eat\u00e9 du 11 juillet 2023 portant nomination des membres de la commission de contr\u00f4le charg\u00e9e de la r\u00e9gularit\u00e9 des listes \u00e9lectorales dans la commune de LE MONT-SAINT-MICHEL (communes de \nmoins de 1 000 habitants et assimil\u00e9es)\nArr\u00eat\u00e9 du 11 juillet 2023 portant nomination des membres de la commission de contr\u00f4le charg\u00e9e de la r\u00e9gularit\u00e9 des listes \u00e9lectorales dans la commune de LE NEUFBOURG (communes de moins de 1 \n000 habitants et assimil\u00e9es)\nArr\u00eat\u00e9 du 11 juillet 2023 portant nomination des membres de la commission de contr\u00f4le charg\u00e9e de la r\u00e9gularit\u00e9 des listes \u00e9lectorales dans la commune de LE PARC (communes de moins de 1 000 \nhabitants et assimil\u00e9es)\nArr\u00eat\u00e9 du 11 juillet 2023 portant nomination des membres de la commission de contr\u00f4le charg\u00e9e de la r\u00e9gularit\u00e9 des listes \u00e9lectorales dans la commune de LE PETIT-CELLAND (communes de moins \nde 1 000 habitants et assimil\u00e9es)\nSP Avranches\nPage 20\n63\n64\n64\n64\n64\n65\n65\n65\n65\n66\n66\n66\n66\n67\n67\n67\n67\n68\n68\n68\n68\n69\n69\n69\n69\n70\n70\n70\n70\n71\n71\n71\n71\n72\n72\n72\n72\n73\nArr\u00eat\u00e9 du 11 juillet 2023 portant nomination des membres de la commission de contr\u00f4le charg\u00e9e de la r\u00e9gularit\u00e9 des listes \u00e9lectorales dans la commune de LE TANU \u2013 NOIRPALU (communes de \nmoins de 1 000 habitants et assimil\u00e9es)\nArr\u00eat\u00e9 du 11 juillet 2023 portant nomination des membres de la commission de contr\u00f4le charg\u00e9e de la r\u00e9gularit\u00e9 des listes \u00e9lectorales dans la commune de LES CRESNAYS (communes de moins de 1 \n000 habitants et assimil\u00e9es)\nArr\u00eat\u00e9 du 11 juillet 2023 portant nomination des membres de la commission de contr\u00f4le charg\u00e9e de la r\u00e9gularit\u00e9 des listes \u00e9lectorales dans la commune de LES LOGES-MARCHIS (communes de \nmoins de 1 000 habitants et assimil\u00e9es)\nArr\u00eat\u00e9 du 11 juillet 2023 portant nomination des membres de la commission de contr\u00f4le charg\u00e9e de la r\u00e9gularit\u00e9 des listes \u00e9lectorales dans la commune de LES LOGES-SUR-BRECEY (communes de \nmoins de 1 000 habitants et assimil\u00e9es)\nArr\u00eat\u00e9 du 11 juillet 2023 portant nomination des membres de la commission de contr\u00f4le charg\u00e9e de la r\u00e9gularit\u00e9 des listes \u00e9lectorales dans la commune de LINGEARD (communes de moins de 1 000 \nhabitants et assimil\u00e9es)\nArr\u00eat\u00e9 du 11 juillet 2023 portant nomination des membres de la commission de contr\u00f4le charg\u00e9e de la r\u00e9gularit\u00e9 des listes \u00e9lectorales dans la commune de LOLIF (communes de moins de 1 000 \nhabitants et assimil\u00e9es)\nArr\u00eat\u00e9 du 11 juillet 2023 portant nomination des membres de la commission de contr\u00f4le charg\u00e9e de la r\u00e9gularit\u00e9 des listes \u00e9lectorales dans la commune de LONGUEVILLE (communes de moins de 1 \n000 habitants et assimil\u00e9es)\nArr\u00eat\u00e9 du 11 juillet 2023 portant nomination des membres de la commission de contr\u00f4le charg\u00e9e de la r\u00e9gularit\u00e9 des listes \u00e9lectorales dans la commune de MARCILLY (communes de moins de 1 000 \nhabitants et assimil\u00e9es)\nArr\u00eat\u00e9 du 11 juillet 2023 portant nomination des membres de la commission de contr\u00f4le charg\u00e9e de la r\u00e9gularit\u00e9 des listes \u00e9lectorales dans la commune de MONTJOIE-ST-MARTIN (communes de \nmoins de 1 000 habitants et assimil\u00e9es)\nArr\u00eat\u00e9 du 11 juillet 2023 portant nomination des membres de la commission de contr\u00f4le charg\u00e9e de la r\u00e9gularit\u00e9 des listes \u00e9lectorales dans la commune de MOULINES (communes de moins de 1 000 \nhabitants et assimil\u00e9es)\nArr\u00eat\u00e9 du 11 juillet 2023 portant nomination des membres de la commission de contr\u00f4le charg\u00e9e de la r\u00e9gularit\u00e9 des listes \u00e9lectorales dans la commune de MUNEVILLE SUR MER (communes de \nmoins de 1 000 habitants et assimil\u00e9es)\nArr\u00eat\u00e9 du 11 juillet 2023 portant nomination des membres de la commission de contr\u00f4le charg\u00e9e de la r\u00e9gularit\u00e9 des listes \u00e9lectorales dans la commune de NOTRE-DAME-DE-LIVOYE (communes de \nmoins de 1 000 habitants et assimil\u00e9es)\nArr\u00eat\u00e9 du 11 juillet 2023 portant nomination des membres de la commission de contr\u00f4le charg\u00e9e de la r\u00e9gularit\u00e9 des listes \u00e9lectorales dans la commune de PERRIERS-EN-BEAUFICEL (communes de \nmoins de 1 000 habitants et assimil\u00e9es)\nArr\u00eat\u00e9 du 11 juillet 2023 portant nomination des membres de la commission de contr\u00f4le charg\u00e9e de la r\u00e9gularit\u00e9 des listes \u00e9lectorales dans la commune de POILLEY (communes de moins de 1 000 \nhabitants et assimil\u00e9es)\nArr\u00eat\u00e9 du 11 juillet 2023 portant nomination des membres de la commission de contr\u00f4le charg\u00e9e de la r\u00e9gularit\u00e9 des listes \u00e9lectorales dans la commune de PONTAUBAULT (communes de moins de 1 \n000 habitants et assimil\u00e9es)\nArr\u00eat\u00e9 du 11 juillet 2023 portant nomination des membres de la commission de contr\u00f4le charg\u00e9e de la r\u00e9gularit\u00e9 des listes \u00e9lectorales dans la commune de PONTS (communes de moins de 1 000 \nhabitants et assimil\u00e9es)\nArr\u00eat\u00e9 du 11 juillet 2023 portant nomination des membres de la commission de contr\u00f4le charg\u00e9e de la r\u00e9gularit\u00e9 des listes \u00e9lectorales dans la commune de PRECEY (communes de moins de 1 000 \nhabitants et assimil\u00e9es)\nArr\u00eat\u00e9 du 11 juillet 2023 portant nomination des membres de la commission de contr\u00f4le charg\u00e9e de la r\u00e9gularit\u00e9 des listes \u00e9lectorales dans la commune de REFFUVEILLE (communes de moins de 1 \n000 habitants et assimil\u00e9es)\nArr\u00eat\u00e9 du 11 juillet 2023 portant nomination des membres de la commission de contr\u00f4le charg\u00e9e de la r\u00e9gularit\u00e9 des listes \u00e9lectorales dans la commune de SACEY (communes de moins de 1 000 \nhabitants et assimil\u00e9es)\nArr\u00eat\u00e9 du 11 juillet 2023 portant nomination des membres de la commission de contr\u00f4le charg\u00e9e de la r\u00e9gularit\u00e9 des listes \u00e9lectorales dans la commune de SAINT-AUBIN-DE-TERREGATTE \n(communes de moins de 1 000 habitants et assimil\u00e9es)\nArr\u00eat\u00e9 du 11 juillet 2023 portant nomination des membres de la commission de contr\u00f4le charg\u00e9e de la r\u00e9gularit\u00e9 des listes \u00e9lectorales dans la commune de SAINT-AUBIN-DES-PREAUX (communes \nde moins de 1 000 habitants et assimil\u00e9es)\nArr\u00eat\u00e9 du 11 juillet 2023 portant nomination des membres de la commission de contr\u00f4le charg\u00e9e de la r\u00e9gularit\u00e9 des listes \u00e9lectorales dans la commune de SAINT-BARTHELEMY (communes de moins \nde 1 000 habitants et assimil\u00e9es)\nArr\u00eat\u00e9 du 11 juillet 2023 portant nomination des membres de la commission de contr\u00f4le charg\u00e9e de la r\u00e9gularit\u00e9 des listes \u00e9lectorales dans la commune de SAINT-BRICE (communes de moins de 1 \n000 habitants et assimil\u00e9es)\nArr\u00eat\u00e9 du 11 juillet 2023 portant nomination des membres de la commission de contr\u00f4le charg\u00e9e de la r\u00e9gularit\u00e9 des listes \u00e9lectorales dans la commune de SAINT-BRICE-DE-LANDELLES (communes \nde moins de 1 000 habitants et assimil\u00e9es)\nArr\u00eat\u00e9 du 11 juillet 2023 portant nomination des membres de la commission de contr\u00f4le charg\u00e9e de la r\u00e9gularit\u00e9 des listes \u00e9lectorales dans la commune de SAINT-CLEMENT-RANCOUDRAY \n(communes de moins de 1 000 habitants et assimil\u00e9es)\nArr\u00eat\u00e9 du 11 juillet 2023 portant nomination des membres de la commission de contr\u00f4le charg\u00e9e de la r\u00e9gularit\u00e9 des listes \u00e9lectorales dans la commune de SAINT-CYR-DU-BAILLEUL (communes de \nmoins de 1 000 habitants et assimil\u00e9es)\nArr\u00eat\u00e9 du 11 juillet 2023 portant nomination des membres de la commission de contr\u00f4le charg\u00e9e de la r\u00e9gularit\u00e9 des listes \u00e9lectorales dans la commune de SAINT-GEORGES-DE-LIVOYE (communes \nde moins de 1 000 habitants et assimil\u00e9es)\nArr\u00eat\u00e9 du 11 juillet 2023 portant nomination des membres de la commission de contr\u00f4le charg\u00e9e de la r\u00e9gularit\u00e9 des listes \u00e9lectorales dans la commune de SAINT-GEORGES-DE-ROUELLEY \n(communes de moins de 1 000 habitants et assimil\u00e9es)\nArr\u00eat\u00e9 du 11 juillet 2023 portant nomination des membres de la commission de contr\u00f4le charg\u00e9e de la r\u00e9gularit\u00e9 des listes \u00e9lectorales dans la commune de SAINT-JEAN-DE-LA-HAIZE (communes de \nmoins de 1 000 habitants et assimil\u00e9es)\nArr\u00eat\u00e9 du 11 juillet 2023 portant nomination des membres de la commission de contr\u00f4le charg\u00e9e de la r\u00e9gularit\u00e9 des listes \u00e9lectorales dans la commune de SAINT-JEAN-DU-CORAIL-DES-BOIS \n(communes de moins de 1 000 habitants et assimil\u00e9es)\nArr\u00eat\u00e9 du 11 juillet 2023 portant nomination des membres de la commission de contr\u00f4le charg\u00e9e de la r\u00e9gularit\u00e9 des listes \u00e9lectorales dans la commune de SAINT-JEAN-LE-THOMAS (communes de \nmoins de 1 000 habitants et assimil\u00e9es)\nArr\u00eat\u00e9 du 11 juillet 2023 portant nomination des membres de la commission de contr\u00f4le charg\u00e9e de la r\u00e9gularit\u00e9 des listes \u00e9lectorales dans la commune de SAINT-LAURENT-DE-CUVES (communes \nde moins de 1 000 habitants et assimil\u00e9es)\nArr\u00eat\u00e9 du 11 juillet 2023 portant nomination des membres de la commission de contr\u00f4le charg\u00e9e de la r\u00e9gularit\u00e9 des listes \u00e9lectorales dans la commune de SAINT-LAURENT-DE-TERREGATTE \n(communes de moins de 1 000 habitants et assimil\u00e9es)\nArr\u00eat\u00e9 du 11 juillet 2023 portant nomination des membres de la commission de contr\u00f4le charg\u00e9e de la r\u00e9gularit\u00e9 des listes \u00e9lectorales dans la commune de SAINT-LOUP (communes de moins de 1 000 \nhabitants et assimil\u00e9es)\nArr\u00eat\u00e9 du 11 juillet 2023 portant nomination des membres de la commission de contr\u00f4le charg\u00e9e de la r\u00e9gularit\u00e9 des listes \u00e9lectorales dans la commune de SAINT-MARTIN-LE-BOUILLANT \n(communes de moins de 1 000 habitants et assimil\u00e9es)\nArr\u00eat\u00e9 du 11 juillet 2023 portant nomination des membres de la commission de contr\u00f4le charg\u00e9e de la r\u00e9gularit\u00e9 des listes \u00e9lectorales dans la commune de SAINT-MAUR-DES-BOIS (communes de \nmoins de 1 000 habitants et assimil\u00e9es)\nArr\u00eat\u00e9 du 11 juillet 2023 portant nomination des membres de la commission de contr\u00f4le charg\u00e9e de la r\u00e9gularit\u00e9 des listes \u00e9lectorales dans la commune de SAINT-MICHEL-DE-MONTJOIE (communes \nde moins de 1 000 habitants et assimil\u00e9es)\nArr\u00eat\u00e9 du 11 juillet 2023 portant nomination des membres de la commission de contr\u00f4le charg\u00e9e de la r\u00e9gularit\u00e9 des listes \u00e9lectorales dans la commune de SAINT-NICOLAS DES BOIS (communes de \nmoins de 1 000 habitants et assimil\u00e9es)\nSP Avranches\nPage 21\n73\n73\n73\n74\n74\n74\n74\n75\n75\n75\n75\n76\n76\nArr\u00eat\u00e9 n\u00b0 2023-152 du 11 juillet 2023 portant autorisation d'un syst\u00e8me de vid\u00e9oprotection - MAIRIE DE TORIGNY LES VILLES TORIGNY-LES-VILLES 76\nArr\u00eat\u00e9 n\u00b0 2023-154 du 11 juillet 2023 portant autorisation d'un syst\u00e8me de vid\u00e9oprotection - TRANSDEV NORMANDIE MANCHE \u00e0 GRANVILLE 77\nArr\u00eat\u00e9 n\u00b0 2023-155 du 11 juillet 2023 portant autorisation d'un syst\u00e8me de vid\u00e9oprotection - GROUPE Nocib\u00e9 \u00e0 AVRANCHES 77\nArr\u00eat\u00e9 n\u00b0 2023-156 du 11 juillet 2023 portant autorisation d'un syst\u00e8me de vid\u00e9oprotection - PHARMACIE DE LA SELUNE \u00e0 DUCEY-LES CHERIS 78\nArr\u00eat\u00e9 n\u00b0 2023-157 du 11 juillet 2023 portant autorisation d'un syst\u00e8me de vid\u00e9oprotection - Sas le bambou \u00e0 JULLOUVILLE 78\nArr\u00eat\u00e9 n\u00b0 2023-159 du 11 juillet 2023 portant autorisation d'un syst\u00e8me de vid\u00e9oprotection - AXEL LOCATION \u00e0 TORIGNY-LES-VILLES 78\nArr\u00eat\u00e9 n\u00b0 2023-160 du 11 juillet 2023 portant autorisation d'un syst\u00e8me de vid\u00e9oprotection - WELDOM LE CAP \u00e0 LES PIEUX 79\nArr\u00eat\u00e9 n\u00b0 2023-161 du 11 juillet 2023 portant autorisation d'un syst\u00e8me de vid\u00e9oprotection - L'ESTAMINET \u00e0 MARTINVAST 79\nArr\u00eat\u00e9 n\u00b0 2023-162 du 11 juillet 2023 portant autorisation d'un syst\u00e8me de vid\u00e9oprotection - CAMPING BELLE ETOILE \u00e0 GOUVILLE-SUR-MER 80\nArr\u00eat\u00e9 n\u00b0 2023-163 du 11 juillet 2023 portant autorisation d'un syst\u00e8me de vid\u00e9oprotection - Commune de Barfleur - Camping Municipal La Blanche Nef \u00e0 GATTEVILLE-LE-PHARE 80\nArr\u00eat\u00e9 n\u00b0 2023-123 du 12 juillet 2023 portant modification d'un syst\u00e8me de vid\u00e9oprotection - GROUPE GIFI \u00e0 AVRANCHES 81\nArr\u00eat\u00e9 n\u00b0 2023-139 du 12 juillet 2023 portant autorisation d'un syst\u00e8me de vid\u00e9oprotection - Mondial Relay - Consigne N\u00b0 16154 \u00e0 COUTANCES 81\nArr\u00eat\u00e9 n\u00b0 2023-140 du 12 juillet 2023 portant autorisation d'un syst\u00e8me de vid\u00e9oprotection Mondial Relay - Consigne N\u00b0 16146 \u00e0 LA COLOMBE 81\nArr\u00eat\u00e9 n\u00b0 2023-141 du 12 juillet 2023 portant autorisation d'un syst\u00e8me de vid\u00e9oprotection - Mondial Relay - Consigne N\u00b0 16182 \u00e0 SAINT-HILAIRE-DU-HARCOUET 82\nArr\u00eat\u00e9 n\u00b0 2023-142 du 12 juillet 2023 portant autorisation d'un syst\u00e8me de vid\u00e9oprotection - Mondial Relay - Consigne N\u00b0 93288 \u00e0 SAINT-HILAIRE-DU-HARCOUET 82\nArr\u00eat\u00e9 n\u00b0 2023-143 du 12 juillet portant autorisation d'un syst\u00e8me de vid\u00e9oprotection - Mondial Relay - Consigne N\u00b0 17847 \u00e0 SAINT-AMAND-VILLAGES 83\nArr\u00eat\u00e9 n\u00b0 2023-144 du 12 juillet 2023 portant autorisation d'un syst\u00e8me de vid\u00e9oprotection - Mondial Relay - Consigne N\u00b0 15715 \u00e0 LES PIEUX 83\nArr\u00eat\u00e9 n\u00b0 2023-145 du 12 juillet 2023 portant autorisation d'un syst\u00e8me de vid\u00e9oprotection - AU ROT D'LA ME \u00e0 CHERBOURG-EN-COTENTIN 83\nArr\u00eat\u00e9 n\u00b0 2023-146 du 12 juillet 2023 portant autorisation d'un syst\u00e8me de vid\u00e9oprotection - CAMPING LES CAROLINS \u00e0 PORT-BAIL-SUR-MER 84\nArr\u00eat\u00e9 n\u00b0 2023-147 du 12 juillet 2023 portant autorisation d'un syst\u00e8me de vid\u00e9oprotection - CIC NORD OUEST LA HAYE DU PUITS REPLI L \u00e0 LA HAYE 84\nArr\u00eat\u00e9 n\u00b0 2023-148 du 12 juillet 2023 portant autorisation d'un syst\u00e8me de vid\u00e9oprotection - MUTUALITE FRANCAISE NORMANDIE \u00e0 YQUELON 85\nArr\u00eat\u00e9 n\u00b0 2023-149 du 12 juillet 2023 portant autorisation d'un syst\u00e8me de vid\u00e9oprotection - SAS TERACTIVE AUTOMOBILES \u00e0 ROMAGNY FONTENAY 85\nArr\u00eat\u00e9 n\u00b0 2023-150 du 12 juillet 2023 portant autorisation d'un syst\u00e8me de vid\u00e9oprotection - CAMPING-CAR PARK \u00e0 BEAUVOIR 86\nArr\u00eat\u00e9 n\u00b0 2023-151 du 12 juillet 2023 portant autorisation d'un syst\u00e8me de vid\u00e9oprotection - MARIE Didier Automobiles \u00e0 JUVIGNY LES VALLEES 86\nArr\u00eat\u00e9 n\u00b0 2023-153 du 12 juillet 2023 portant autorisation d'un syst\u00e8me de vid\u00e9oprotection - La Boh\u00e8me \u00e0 BOURGVALLEES 86\nArr\u00eat\u00e9 n\u00b0 2023-107 du 13 juillet 2023 portant renouvellement d'un syst\u00e8me de vid\u00e9oprotection - SARL Garage Dep\u00e9riers \u00e0 SAINT-SAUVEUR-VILLAGES 87\nArr\u00eat\u00e9 n\u00b0 2023-108 du 13 juillet 2023 portant renouvellement d'un syst\u00e8me de vid\u00e9oprotection - tabac du Parvis \u00e0 COUTANCES 87\nArr\u00eat\u00e9 n\u00b0 2023-109 du 13 juillet 2023 portant renouvellement d'un syst\u00e8me de vid\u00e9oprotection - commune de Montbray \u00e0 MONTBRAY 87\nArr\u00eat\u00e9 n\u00b0 2023-110 du 13 juillet 2023 portant renouvellement d'un syst\u00e8me de vid\u00e9oprotection - LIDL \u00e0 SAINT-SENIER-SOUS-AVRANCHES 88\nArr\u00eat\u00e9 n\u00b0 2023-111 du 13 juillet 2023 portant renouvellement d'un syst\u00e8me de vid\u00e9oprotection - Ville de P\u00e9riers \u00e0 PERIERS 88\nArr\u00eat\u00e9 n\u00b0 2023-112 du 13 juillet 2023 portant renouvellement d'un syst\u00e8me de vid\u00e9oprotection - Bar du D\u00e9part \u00e0 MOON-SUR-ELLE 88\nArr\u00eat\u00e9 n\u00b0 2023-113 du 13 juillet 2023 portant modification d'un syst\u00e8me de vid\u00e9oprotection - CREDIT MUTUEL MAINE ANJOU BASSE NORMANDIE \u00e0 AGON-COUTAINVILLE 89\nArr\u00eat\u00e9 n\u00b0 2023-106 du 17 juillet 2023 portant renouvellement d'un syst\u00e8me de vid\u00e9oprotection - Bar Tabac SNC Robert Le Saint-Thomas \u00e0 SAINT-LO 89\nArr\u00eat\u00e9 n\u00b0 2013-114 du 17 juillet 2023 portant modification d'un syst\u00e8me de vid\u00e9oprotection - BNP PARIBAS \u00e0 SAINT-LO 89\nArr\u00eat\u00e9 n\u00b0 2023-115 du 17 juillet 2023 portant modification d'un syst\u00e8me de vid\u00e9oprotection - Caisse \u00e9pargne Normandie \u00e0 CHERBOURG-EN-COTENTIN 90\nArr\u00eat\u00e9 n\u00b0 2013-158 du 17 juillet 2023 portant autorisation d'un syst\u00e8me de vid\u00e9oprotection - PROXYMED \u00e0 GRANVILLE 90\n91\nArr\u00eat\u00e9 du 11 juillet 2023 portant nomination des membres de la commission de contr\u00f4le charg\u00e9e de la r\u00e9gularit\u00e9 des listes \u00e9lectorales dans la commune de SAINT-OVIN (communes de moins de 1 000 \nhabitants et assimil\u00e9es)\nArr\u00eat\u00e9 du 11 juillet 2023 portant nomination des membres de la commission de contr\u00f4le charg\u00e9e de la r\u00e9gularit\u00e9 des listes \u00e9lectorales dans la commune de SAINT-PIERRE LANGERS (communes de \nmoins de 1 000 habitants et assimil\u00e9es)\nArr\u00eat\u00e9 du 11 juillet 2023 portant nomination des membres de la commission de contr\u00f4le charg\u00e9e de la r\u00e9gularit\u00e9 des listes \u00e9lectorales dans la commune de SAINT-POIS (communes de moins de 1 000 \nhabitants et assimil\u00e9es)\nArr\u00eat\u00e9 du 11 juillet 2023 portant nomination des membres de la commission de contr\u00f4le charg\u00e9e de la r\u00e9gularit\u00e9 des listes \u00e9lectorales dans la commune de SAINT-SAUVEUR-LA POMMERAYE \n(communes de moins de 1 000 habitants et assimil\u00e9es)\nArr\u00eat\u00e9 du 11 juillet 2023 portant nomination des membres de la commission de contr\u00f4le charg\u00e9e de la r\u00e9gularit\u00e9 des listes \u00e9lectorales dans la commune de SAINT-SENIER-DE-BEUVRON (communes \nde moins de 1 000 habitants et assimil\u00e9es)\nArr\u00eat\u00e9 du 11 juillet 2023 portant nomination des membres de la commission de contr\u00f4le charg\u00e9e de la r\u00e9gularit\u00e9 des listes \u00e9lectorales dans la commune de SAVIGNY-LE-VIEUX (communes de moins \nde 1 000 habitants et assimil\u00e9es)\nArr\u00eat\u00e9 du juillet 2023 portant nomination des membres de la commission de contr\u00f4le charg\u00e9e de la r\u00e9gularit\u00e9 des listes \u00e9lectorales dans la commune de SERVON (communes de moins de 1 000 \nhabitants et assimil\u00e9es)\nArr\u00eat\u00e9 du 11 juillet 2023 portant nomination des membres de la commission de contr\u00f4le charg\u00e9e de la r\u00e9gularit\u00e9 des listes \u00e9lectorales dans la commune de SUBLIGNY (communes de moins de 1 000 \nhabitants et assimil\u00e9es)\nArr\u00eat\u00e9 du 11 juillet 2023 portant nomination des membres de la commission de contr\u00f4le charg\u00e9e de la r\u00e9gularit\u00e9 des listes \u00e9lectorales dans la commune de TANIS (communes de moins de 1 000 \nhabitants et assimil\u00e9es)\nArr\u00eat\u00e9 du 11 juillet 2023 portant nomination des membres de la commission de contr\u00f4le charg\u00e9e de la r\u00e9gularit\u00e9 des listes \u00e9lectorales dans la commune de TIREPIED-SUR-S\u00c9E (communes de moins \nde 1 000 habitants et assimil\u00e9es)\nArr\u00eat\u00e9 du 11 juillet 2023 portant nomination des membres de la commission de contr\u00f4le charg\u00e9e de la r\u00e9gularit\u00e9 des listes \u00e9lectorales dans la commune de VAINS (communes de moins de 1 000 \nhabitants et assimil\u00e9es)\nArr\u00eat\u00e9 du 11 juillet 2023 portant nomination des membres de la commission de contr\u00f4le charg\u00e9e de la r\u00e9gularit\u00e9 des listes \u00e9lectorales dans la commune de VERNIX (communes de moins de 1 000 \nhabitants et assimil\u00e9es)\nArr\u00eat\u00e9 du 11 juillet 2023 portant nomination des membres de la commission de contr\u00f4le charg\u00e9e de la r\u00e9gularit\u00e9 des listes \u00e9lectorales dans la commune de (communes de moins de 1 000 habitants et \nassimil\u00e9es)\nArr\u00eat\u00e9 du 21 ao\u00fbt 2023 portant nomination des membres de la commission de contr\u00f4le charg\u00e9e de la r\u00e9gularit\u00e9 des listes \u00e9lectorales dans la commune de ROMAGNY-FONTENAY (communes de 1 \n000 habitants et plus avec 1 liste)\nSP Avranches\nPage 22\n91\n91\n91\n92\n92\n92\n92\n93\n93\n93\n93\n94\n94\n94\n94\n95\n95\n95\n95\n96\n96\nArr\u00eat\u00e9 du 10 novembre 2023 portant nomination des membres de la commission de contr\u00f4le charg\u00e9e de la r\u00e9gularit\u00e9 des listes \u00e9lectorales dans la commune de LE MESNILLARD 2 SP 104 08/12/23\nArr\u00eat\u00e9 du 10 novembre 2023 portant nomination des membres de la commission de contr\u00f4le charg\u00e9e de la r\u00e9gularit\u00e9 des listes \u00e9lectorales dans la commune de LOLIF 2 SP 104 08/12/23\nArr\u00eat\u00e9 du 4 d\u00e9cembre 2023 portant nomination des membres de la commission de contr\u00f4le charg\u00e9e de la r\u00e9gularit\u00e9 des listes \u00e9lectorales dans la commune de GATHEMO 3 SP 104 08/12/23\nArr\u00eat\u00e9 n\u00b0 2023-177 du 3 octobre 2023 portant autorisation d'un syst\u00e8me de vid\u00e9oprotection - LE PELICAN GRANVILLAIS \u00e0 GRANVILLE 3 SP 105 11/12/23\nArr\u00eat\u00e9 n\u00b0 2023-178 du 29 septembre 2023 portant autorisation d'un syst\u00e8me de vid\u00e9oprotection - VIVECO \u00e0 THEREVAL 3 SP 105 11/12/23\nArr\u00eat\u00e9 n\u00b0 2023-179 du 3 octobre 2023 portant autorisation d'un syst\u00e8me de vid\u00e9oprotection - MPL AGNEAUX \u00e0 AGNEAUX 4 SP 105 11/12/23\nArr\u00eat\u00e9 n\u00b0 2023-180 du 3 octobre 2023 portant autorisation d'un syst\u00e8me de vid\u00e9oprotection - BAR DE L'ABBAYE \u00e0 CERISY-LA-FORET 4 SP 105 11/12/23\nArr\u00eat\u00e9 n\u00b0 2023-181 du 29 septembre 2023 portant autorisation d'un syst\u00e8me de vid\u00e9oprotection - SARL Method'Art \u00e0 ISIGNY-LE-BUAT 5 SP 105 11/12/23\nArr\u00eat\u00e9 n\u00b0 2023-182 du 29 septembre 2023 portant autorisation d'un syst\u00e8me de vid\u00e9oprotection - SAS COSITEL \u00e0 COUTANCES 5 SP 105 11/12/23\nArr\u00eat\u00e9 n\u00b0 2023-183 du 29 septembre 2023 portant autorisation d'un syst\u00e8me vid\u00e9oprotection - BLACKSTORE \u00e0 GRANVILLE 5 SP 105 11/12/23\nArr\u00eat\u00e9 n\u00b0 2023-184 du 29 septembre 2023 portant autorisation d'un syst\u00e8me de vid\u00e9oprotection - L'ELODIE \u00e0 SAINT-LO 6 SP 105 11/12/23\nArr\u00eat\u00e9 n\u00b0 2023-185 du 29 septembre 2023 portant autorisation d'un syst\u00e8me de vid\u00e9oprotection - Mondial Relay - Consigne N\u00b0 33648 \u00e0 CHERBOURG-EN-COTENTIN 6 SP 105 11/12/23\nArr\u00eat\u00e9 n\u00b0 2023-186 du 29 septembre 2023 portant autorisation d'un syst\u00e8me de vid\u00e9oprotection 7 SP 105 11/12/23\nArr\u00eat\u00e9 n\u00b0 2023-187 du 3 octobre 2023 portant autorisation d'un syst\u00e8me de vid\u00e9oprotection- \u00c9tablissement CASSERON \u00e0 MARCEY-LES-GREVES 7 SP 105 11/12/23\nArr\u00eat\u00e9 n\u00b0 2023-188 du 3 octobre 2023 portant autorisation d'un syst\u00e8me de vid\u00e9oprotection - ALDI MARCHE HONFLEUR \u00e0 SAINT-LO 7 SP 105 11/12/23\nArr\u00eat\u00e9 n\u00b0 2023-189 du 3 octobre 2023 portant autorisation d'un syst\u00e8me de vid\u00e9oprotection - MONDIAL RELAY - CONSIGNE N\u00b020905 \u00e0 PERCY-EN-NORMANDIE 8 SP 105 11/12/23\nArr\u00eat\u00e9 n\u00b0 2023-190 du 3 octobre 2023 portant autorisation d'un syst\u00e8me de vid\u00e9oprotection - MONDIAL RELAY - CONSIGNE N\u00b0 20675 \u00e0 SAINT-PIERRE-EGLISE 8 SP 105 11/12/23\nArr\u00eat\u00e9 n\u00b0 2023-191 du 3 octobre 2023 portant autorisation d'un syst\u00e8me de vid\u00e9oprotection - Etablissement Passerelles vers l'emploi \u00e0 LE PETIT-CELLAND 9 SP 105 11/12/23\nArr\u00eat\u00e9 n\u00b0 2023-192 du 3 octobre 2023 portant autorisation d'un syst\u00e8me de vid\u00e9oprotection - MPR MARTINVAST SAS \u00e0 MARTINVAST 9 SP 105 11/12/23\nArr\u00eat\u00e9 n\u00b0 2023-193du 29 septembre 2023 portant autorisation d'un syst\u00e8me de vid\u00e9oprotection - LE WELCOME & LA BIEN VENUE\u00e0 SAINT-JAMES 10 SP 105 11/12/23\nArr\u00eat\u00e9 n\u00b0 2023-194 du 29 septembre 2023 portant autorisation d'un syst\u00e8me de vid\u00e9oprotection - PHARMACIE HARDEL \u00e0 VILLEDIEU-LES-POELES-ROUFFIGNY 10 SP 105 11/12/23\nArr\u00eat\u00e9 n\u00b0 2023-195 du 29 septembre 2023 portant autorisation d'un syst\u00e8me de vid\u00e9oprotection - SARL JOLEIN \u00e0 LA LUCERNE-D'OUTREMER 10 SP 105 11/12/23\nArr\u00eat\u00e9 n\u00b0 2023-196 du 29 septembre 2023 portant autorisation d'un syst\u00e8me de vid\u00e9oprotection - SAS DOMEX \u00e0 SAINT-LO 11 SP 105 11/12/23\n11 SP 105 11/12/23\nArr\u00eat\u00e9 n\u00b0 2023-198 du 29 septembre 2023 portant autorisation d'un syst\u00e8me de vid\u00e9oprotection - SAS LA MARINE \u00e0 BARNEVILLE-CARTERET 12 SP 105 11/12/23\nArr\u00eat\u00e9 du 28 ao\u00fbt 2023 portant nomination des membres de la commission de contr\u00f4le charg\u00e9e de la r\u00e9gularit\u00e9 des listes \u00e9lectorales dans la commune de LA CHAISE-BAUDOUIN (communes de \nmoins de 1 000 habitants et assimil\u00e9es)\nArr\u00eat\u00e9 du 28 ao\u00fbt 2023 portant nomination des membres de la commission de contr\u00f4le charg\u00e9e de la r\u00e9gularit\u00e9 des listes \u00e9lectorales dans la commune de LA GODEFROY (communes de moins de 1 \n000 habitants et assimil\u00e9es)\nArr\u00eat\u00e9 du 28 ao\u00fbt 2023 portant nomination des membres de la commission de contr\u00f4le charg\u00e9e de la r\u00e9gularit\u00e9 des listes \u00e9lectorales dans la commune de LA LUCERNE D'OUTREMER (communes de \nmoins de 1 000 habitants et assimil\u00e9es)\nArr\u00eat\u00e9 du 28 ao\u00fbt 2023 portant nomination des membres de la commission de contr\u00f4le charg\u00e9e de la r\u00e9gularit\u00e9 des listes \u00e9lectorales dans la commune de LA MEURDRAQUIERE (communes de moins \nde 1 000 habitants et assimil\u00e9es)\nArr\u00eat\u00e9 du 28 ao\u00fbt 2023 portant nomination des membres de la commission de contr\u00f4le charg\u00e9e de la r\u00e9gularit\u00e9 des listes \u00e9lectorales dans la commune de LES LOGES-MARCHIS (communes de \nmoins de 1 000 habitants et assimil\u00e9es)\nArr\u00eat\u00e9 du 28 ao\u00fbt 2023 portant nomination des membres de la commission de contr\u00f4le charg\u00e9e de la r\u00e9gularit\u00e9 des listes \u00e9lectorales dans la commune de NOTRE-DAME-DE-LIVOYE (communes de \nmoins de 1 000 habitants et assimil\u00e9es)\nArr\u00eat\u00e9 du 28 ao\u00fbt 2023 portant nomination des membres de la commission de contr\u00f4le charg\u00e9e de la r\u00e9gularit\u00e9 des listes \u00e9lectorales dans la commune de REFFUVEILLE (communes de moins de 1 \n000 habitants et assimil\u00e9es)\nArr\u00eat\u00e9 du 28 ao\u00fbt 2023 portant nomination des membres de la commission de contr\u00f4le charg\u00e9e de la r\u00e9gularit\u00e9 des listes \u00e9lectorales dans la commune de SACEY (communes de moins de 1 000 \nhabitants et assimil\u00e9es)\nArr\u00eat\u00e9 du 28 ao\u00fbt 2023 portant nomination des membres de la commission de contr\u00f4le charg\u00e9e de la r\u00e9gularit\u00e9 des listes \u00e9lectorales dans la commune de SAINT-CLEMENT-RANCOUDRAY \n(communes de moins de 1 000 habitants et assimil\u00e9es)\nArr\u00eat\u00e9 du 28 ao\u00fbt 2023 portant nomination des membres de la commission de contr\u00f4le charg\u00e9e de la r\u00e9gularit\u00e9 des listes \u00e9lectorales dans la commune de SAINT-JEAN-DU-CORAIL-DES-BOIS \n(communes de moins de 1 000 habitants et assimil\u00e9es)\nArr\u00eat\u00e9 du 28 ao\u00fbt 2023 portant nomination des membres de la commission de contr\u00f4le charg\u00e9e de la r\u00e9gularit\u00e9 des listes \u00e9lectorales dans la commune de SAVIGNY-LE-VIEUX (communes de moins \nde 1 000 habitants et assimil\u00e9es)\nArr\u00eat\u00e9 du 28 ao\u00fbt 2023 portant nomination des membres de la commission de contr\u00f4le charg\u00e9e de la r\u00e9gularit\u00e9 des listes \u00e9lectorales dans la commune de SERVON (communes de moins de 1 000 \nhabitants et assimil\u00e9es)\nArr\u00eat\u00e9 du 11 septembre 2023 portant nomination des membres de la commission de contr\u00f4le charg\u00e9e de la r\u00e9gularit\u00e9 des listes \u00e9lectorales dans la commune de SOURDEVAL (communes de 1 000 \nhabitants et plus avec 2 ou 3 listes)\nArr\u00eat\u00e9 du 21 septembre 2023 portant nomination des membres de la commission de contr\u00f4le charg\u00e9e de la r\u00e9gularit\u00e9 des listes \u00e9lectorales dans la commune de GENETS (communes de moins de 1 \n000 habitants et assimil\u00e9es)\nArr\u00eat\u00e9 du 21 septembre 2023 portant nomination des membres de la commission de contr\u00f4le charg\u00e9e de la r\u00e9gularit\u00e9 des listes \u00e9lectorales dans la commune de HAMELIN (communes de moins de 1 \n000 habitants et assimil\u00e9es)\nArr\u00eat\u00e9 du 21 septembre 2023 portant nomination des membres de la commission de contr\u00f4lecharg\u00e9e de la r\u00e9gularit\u00e9 des listes \u00e9lectorales dans la commune de LES CRESNAYS (communes de moins \nde 1 000 habitants et assimil\u00e9es)\nArr\u00eat\u00e9 du 21 septembre 2023 portant nomination des membres de la commission de contr\u00f4le charg\u00e9e de la r\u00e9gularit\u00e9 des listes \u00e9lectorales dans la commune de SAINT BRICE (communes de moins de \n1 000 habitants et assimil\u00e9es)\nArr\u00eat\u00e9 du 21 septembre 2023 portant nomination des membres de la commission de contr\u00f4le charg\u00e9e de la r\u00e9gularit\u00e9 des listes \u00e9lectorales dans la commune de SAINT JEAN LE THOMAS (communes \nde moins de 1 000 habitants et assimil\u00e9es)\nArr\u00eat\u00e9 du 5 octobre 2023 portant nomination des membres de la commission de contr\u00f4le charg\u00e9e de la r\u00e9gularit\u00e9 des listes \u00e9lectorales dans la commune de DUCEY LES CHERIS (communes de 1 000 \nhabitants et plus avec 2 ou 3 listes)\nArr\u00eat\u00e9 du 5 octobre 2023 portant nomination des membres de la commission de contr\u00f4le charg\u00e9e de la r\u00e9gularit\u00e9 des listes \u00e9lectorales dans la commune de DUCEY LES CHERIS (communes de 1 000 \nhabitants et plus avec 2 ou 3 listes)\nArr\u00eat\u00e9 du 11 octobre 2023 portant nomination des membres de la commission de contr\u00f4le charg\u00e9e de la r\u00e9gularit\u00e9 des listes \u00e9lectorales dans la commune de CHAVOY (communes de moins de 1 000 \nhabitants et assimil\u00e9es)\nArr\u00eat\u00e9 n\u00b0 2023-197 du 29 septembre 2023 portant autorisation d'un syst\u00e8me de vid\u00e9oprotection - LA POSTE DIRECTION DU COURRIER COLIS DE BASSE NORMANDIE \u00e0 SAINT-AMAND-\nVILLAGES\nSP Avranches\nPage 23\nArr\u00eat\u00e9 n\u00b0 2023-199 du 4 octobre 2023 portant autorisation d'un syst\u00e8me de vid\u00e9oprotection - SAS LES HALLES BLACHERE BERNARD \u00e0 SAINT-LO 12 SP 105 11/12/23\nArr\u00eat\u00e9 n\u00b0 2023-200 du 4 octobre 2023 portant autorisation d'un syst\u00e8me de vid\u00e9oprotection - SAS BOULANGERIE BG \u00e0 SAINT-LO 13 SP 105 11/12/23\nArr\u00eat\u00e9 n\u00b0 2023-201 du 29 septembre 2023 portant autorisation d'un syst\u00e8me de vid\u00e9oprotection - Mondial Relay - Consigne N\u00b0 21460 20 \u00e0 LA HAYE-PESNEL 13 SP 105 11/12/23\nArr\u00eat\u00e9 n\u00b0 2023-202 du 29 septembre 2023 portant autorisation d'un syst\u00e8me de vid\u00e9oprotection - Mondial Relay - Consigne N\u00b0 18340 \u00e0 CHERBOURG-EN-COTENTIN 13 SP 105 11/12/23\nArr\u00eat\u00e9 n\u00b0 2023-203 du 29 septembre 2023 portant autorisation d'un syst\u00e8me de vid\u00e9oprotection - TABAC LE EMBRUNS \u00e0 QUINEVILLE 14 SP 105 11/12/23\nArr\u00eat\u00e9 n\u00b0 2023-204 du 3 octobre 2023 portant autorisation d'un syst\u00e8me de vid\u00e9oprotection - SARL Blandine Dujardin \u00e0 SAINT-LO 14 SP 105 11/12/23\nArr\u00eat\u00e9 n\u00b0 2023-205 du 29 septembre 2023 portant autorisation d'un syst\u00e8me de vid\u00e9oprotection - Commune de SAINTE MERE EGLISE - CENTRE HISTORIQUE 15 SP 105 11/12/23\nArr\u00eat\u00e9 n\u00b0 2023-206 du 29 septembre 2023 portant autorisation d'un syst\u00e8me de vid\u00e9oprotection - Flexi Baby \u00e0 CHERBOURG-EN-COTENTIN 15 SP 105 11/12/23\nArr\u00eat\u00e9 n\u00b0 2023-207 du 29 septembre 2023 portant autorisation d'un syst\u00e8me de vid\u00e9oprotection - ADP AGON \u00e0 AGON-COUTAINVILLE 16 SP 105 11/12/23\nArr\u00eat\u00e9 n\u00b0 2023-208 du 29 septembre 2023 portant autorisation d'un syst\u00e8me de vid\u00e9oprotection - LA POSTE DIRECTION DU COURRIER COLIS BASSE NORMANDIE \u00e0 LES PIEUX 16 SP 105 11/12/23\nArr\u00eat\u00e9 n\u00b0 2023-209 du 9 octobre 2023 - portant modification d'un syst\u00e8me de vid\u00e9oprotection - BNP PARIBAS \u00e0 COUTANCES 16 SP 105 11/12/23\nArr\u00eat\u00e9 n\u00b0 2023-210 du 9 octobre 2023 portant modification d'un syst\u00e8me de vid\u00e9oprotection - CIC NORD OUEST \u00e0 SAINT-HILAIRE-DU-HARCOUET 17 SP 105 11/12/23\nArr\u00eat\u00e9 n\u00b0 2023-211 du 9 octobre 2023 portant modification d'un syst\u00e8me de vid\u00e9oprotection - CASINO DE COUTAINVILLE \u00e0 AGON-COUTAINVILLE 17 SP 105 11/12/23\nArr\u00eat\u00e9 n\u00b0 2023-212 du 10 octobre 2023 portant modification d'un syst\u00e8me de vid\u00e9oprotection - SARL CHERBOURG BL centre commercial LES ELEIS \u00e0 CHERBOURG-EN-COTENTIN 18 SP 105 11/12/23\nArr\u00eat\u00e9 n\u00b0 2023-213 du 9 octobre 2023 portant modification d'un syst\u00e8me de vid\u00e9oprotection - CENTRE COURRIER DE CARENTAN ZA de la Pommenauque \u00e0 CARENTAN-LES-MARAIS 18 SP 105 11/12/23\nArr\u00eat\u00e9 n\u00b0 2023-214 du 10 octobre 2023 portant modification d'un syst\u00e8me de vid\u00e9oprotection - CARREFOUR MARKET \u00e0 MARIGNY-LE-LOZON 18 SP 105 11/12/23\nArr\u00eat\u00e9 n\u00b0 2023-215 du 9 octobre 2023 portant modification d'un syst\u00e8me de vid\u00e9oprotection - R\u00e9sidence s\u00e9niors DOMITYS LE PUPITRE D'OR \u00e0 SAINT-JAMES 19 SP 105 11/12/23\nArr\u00eat\u00e9 n\u00b0 2023-216 du 10 octobre 2023 portant modification d'un syst\u00e8me de vid\u00e9oprotection - MUTUALITE FRANCAISE NORMANDIE \u00e0 CHERBOURG-EN-COTENTIN 19 SP 105 11/12/23\nArr\u00eat\u00e9 n\u00b0 2023-217 du 10 octobre 2023 portant modification d'un syst\u00e8me de vid\u00e9oprotection - SARL LECLER \u00e0 CONDE-SUR-VIRE 19 SP 105 11/12/23\nArr\u00eat\u00e9 n\u00b0 2023-218 du 9 octobre 2023 portant modification d'un syst\u00e8me de vid\u00e9oprotection - Syndicat mixte du point fort Centre d'enfouissement de Saint Fromond \u00e0 SAINT-FROMOND 20 SP 105 11/12/23\nArr\u00eat\u00e9 n\u00b0 2023-219 du 3 octobre 2023 portant renouvellement d'un syst\u00e8me de vid\u00e9oprotection - Pharmacie de l'H\u00f4tel de Ville \u00e0 CHERBOURG-EN-COTENTIN 20 SP 105 11/12/23\nArr\u00eat\u00e9 n\u00b0 2023-220 du 3 octobre 2023 portant renouvellement d'un syst\u00e8me de vid\u00e9oprotection - BEAUTY SUCCESS SAS \u00e0 AVRANCHES 20 SP 105 11/12/23\nArr\u00eat\u00e9 n\u00b0 2023-221 du 3 octobre 2023 portant renouvellement d'un syst\u00e8me de vid\u00e9oprotection - BOULANGERIE D'AUTREFOIS \u00e0 CHERBOURG-EN-COTENTIN 21 SP 105 11/12/23\nArr\u00eat\u00e9 n\u00b0 2023-222 du 3 octobre 2023 portant renouvellement d'un syst\u00e8me de vid\u00e9oprotection - LIDL \u00e0 CHERBOURG-EN-COTENTIN 21 SP 105 11/12/23\nArr\u00eat\u00e9 n\u00b0 2023-223 du 3 octobre 2023 portant renouvellement d'un syst\u00e8me de vid\u00e9oprotection - HOTEL IBIS BUDGET \u00e0 GRANVILLE 21 SP 105 11/12/23\nArr\u00eat\u00e9 n\u00b0 2023-224 du 3 octobre 2023 portant renouvellement d'un syst\u00e8me de vid\u00e9oprotection - CENTRE COURRIER DE VALOGNES \u00e0 VALOGNES 22 SP 105 11/12/23\nArr\u00eat\u00e9 n\u00b0 2023-225 du 3 octobre 2023 portant renouvellement d'un syst\u00e8me de vid\u00e9oprotection - CENTRE COURRIER DE TOURLAVILLE \u00e0 CHERBOURG-EN-COTENTIN 22 SP 105 11/12/23\nArr\u00eat\u00e9 n\u00b0 2023-226 du 4 octobre 2023 portant renouvellement d'un syst\u00e8me de vid\u00e9oprotection - CENTRE COURRIER DE CHERBOURG OCTEVILLE \u00e0 CHERBOURG-EN-COTENTIN 22 SP 105 11/12/23\nArr\u00eat\u00e9 n\u00b0 2023-227 du 4 octobre 2023 portant renouvellement d'un syst\u00e8me de vid\u00e9oprotection - SARL CHANTEREYNE \u00e0 CHERBOURG-EN-COTENTIN 23 SP 105 11/12/23\nArr\u00eat\u00e9 n\u00b0 2023-228 du 4 octobre 2023 portant renouvellement d'un syst\u00e8me de vid\u00e9oprotection - Boulangerie de Marie \u00e0 CARENTAN-LES-MARAIS 23 SP 105 11/12/23\nArr\u00eat\u00e9 n\u00b0 2023-229 du 4 octobre 2023 portant renouvellement d'un syst\u00e8me de vid\u00e9oprotection - ACTION FRANCE \u00e0 GRANVILLE 23 SP 105 11/12/23\nArr\u00eat\u00e9 n\u00b0 2023-230 du 4 octobre 2023 portant renouvellement d'un syst\u00e8me de vid\u00e9oprotection - DOMINO'S PIZZA \u00e0 CHERBOURG-EN-COTENTIN 23 SP 105 11/12/23\nArr\u00eat\u00e9 n\u00b0 2023-231 du 4 octobre 2023 portant renouvellement d'un syst\u00e8me de vid\u00e9oprotection - IBIS BUDGET \u00e0 SAINT-LO 24 SP 105 11/12/23\nArr\u00eat\u00e9 n\u00b0 2023-232 du 4 octobre 2023 portant renouvellement d'un syst\u00e8me de vid\u00e9oprotection - GRAND FRAIS \u00e0 CHERBOURG-EN-COTENTIN 24 SP 105 11/12/23\nArr\u00eat\u00e9 pr\u00e9fectoral n\u00b0 2023-243 du 12 octobre 2023 portant autorisation provisoire d'un syst\u00e8me de vid\u00e9oprotection - Cr\u00e9dit Mutuel \u00e0 GRANVILLE 24 SP 105 11/12/23\nSP Avranches\nPage 24\nNon index\u00e9\nSP Avranches\nPage 25\nNON INDEXE\nNON INDEXE\nNON INDEXE\nNON INDEXE\nNON INDEXE\nNON INDEXE\nNON INDEXE\nNON INDEXE\nNON INDEXE\nNON INDEXE\nNON INDEXE\nNON INDEXE\nNON INDEXE\nNON INDEXE\nNON INDEXE\nNON INDEXE\nNON INDEXE\nNON INDEXE\nNON INDEXE\nNON INDEXE\nNON INDEXE\nNON INDEXE\nSP Avranches\nPage 26\nNON INDEXE\nNON INDEXE\nNON INDEXE\nNON INDEXE\nNON INDEXE\nNON INDEXE\nNON INDEXE\nNON INDEXE\nNON INDEXE\nNON INDEXE\nNON INDEXE\nNON INDEXE\nNON INDEXE\nNON INDEXE\nNON INDEXE\nNON INDEXE\nNON INDEXE\nNON INDEXE\nNON INDEXE\nNON INDEXE\nNON INDEXE\nNON INDEXE\nNON INDEXE\nNON INDEXE\nNON INDEXE\nNON INDEXE\nNON INDEXE\nNON INDEXE\nNON INDEXE\nNON INDEXE\nNON INDEXE\nNON INDEXE\nNON INDEXE\nNON INDEXE\nNON INDEXE\nSP Coutances\nPage 27\npage num\u00e9ro mois publi\u00e9 le \n2 SP 53 juin 26/06/23\n2 SP 53 juin 26/06/23\n2 SP 53 juin 26/06/23\n4 SP 55 juin 30/06/23\n2 SP 69 Ao\u00fbt 11/08/23\n2 SP 69 Ao\u00fbt 11/08/23\n3 SP 69 Ao\u00fbt 11/08/23\n4 Sept. 03/10/23\nArr\u00eat\u00e9 du 4 septembre 2023 portant modification statutaire du Syndicat Intercommunal d'Alimentation en Eau Potable des Sources du Pierrepontais 4 Sept. 03/10/23\n7 Oct. 07/11/23\n2 SP 102 Nov. 28/11/23\n Arr\u00eat\u00e9 du 19 juin 2023 portant nomination des membres de la commission de contr\u00f4le charg\u00e9e de la r\u00e9gularit\u00e9 des listes \u00e9lectorales dans la commune de LA \nFEUILLIE (communes de moins de 1 000 habitants et assimil\u00e9es)\n  Arr\u00eat\u00e9 du 19 juin 2023 portant nomination des membres de la commission de contr\u00f4le charg\u00e9e de la r\u00e9gularit\u00e9 des listes \u00e9lectorales dans la commune de \nMONTCUIT (communes de moins de 1 000 habitants et assimil\u00e9es)\n  Arr\u00eat\u00e9 du 21 juin 2023 portant nomination des membres de la commission de contr\u00f4le charg\u00e9e de la r\u00e9gularit\u00e9 des listes \u00e9lectorales dans la commune de \nRONCEY (communes de moins de 1 000 habitants et assimil\u00e9es)\n Arr\u00eat\u00e9 du 29 juin 2023 portant nomination des membres de la commission de contr\u00f4le charg\u00e9e de la r\u00e9gularit\u00e9 des listes \u00e9lectorales dans la commune de \nGONFREVILLE (communes de moins de 1 000 habitants et assimil\u00e9es)\n Arr\u00eat\u00e9 du 7 ao\u00fbt 2023 portant nomination des membres de la commission de contr\u00f4le charg\u00e9e de la r\u00e9gularit\u00e9 des listes \u00e9lectorales dans la commune de LA \nBALEINE (communes de moins de 1 000 habitants et assimil\u00e9es)\n  Arr\u00eat\u00e9 du 7 ao\u00fbt 2023 portant nomination des membres de la commission de contr\u00f4le charg\u00e9e de la r\u00e9gularit\u00e9 des listes \u00e9lectorales dans la commune de \nQUETTREVILLE-SUR-SIENNE (communes de moins de 1 000 habitants et assimil\u00e9es)\n  Arr\u00eat\u00e9 du 7 ao\u00fbt 2023 portant rectification d'une erreur mat\u00e9rielle concernant la constitution de la commission de contr\u00f4le charg\u00e9e de la r\u00e9gularit\u00e9 des listes \n\u00e9lectorales dans la commune de GORGES (communes de moins de 1 000 habitants et assimil\u00e9es)\nArr\u00eat\u00e9 du 4 septembre 2023 portant nomination des membres de la commission de contr\u00f4le charg\u00e9e de la r\u00e9gularit\u00e9 des listes \u00e9lectorales dans la commune \nde LA VENDELEE (communes de moins de 1 000 habitants et assimil\u00e9es)\nArr\u00eat\u00e9 du 20 octobre 2023 portant nomination des membres de la commission de contr\u00f4le charg\u00e9e de la r\u00e9gularit\u00e9 des listes \u00e9lectorales dans la commune de \nLE MESNIL VILLEMAN (communes de moins de 1 000 habitants et assimil\u00e9es)\nArr\u00eat\u00e9 du 24 novembre 2023 portant convocation des \u00e9lecteurs pour des \u00e9lections municipales partielles int\u00e9grales et communautaires dans la commune de \nHAMBYE\nDCCL\nPage 28\npage publi\u00e9 le\nArr\u00eat\u00e9 n\u00b0 2023-1 du 6 janvier 2023 portant pr\u00e9somption de biens vacants et sans ma\u00eetre - Commune de Fermanville 4 janv. 01/02/23\nArr\u00eat\u00e9 du 6 janvier 2023 r\u00e9glementant la fermeture hebdomadaire au public des \u00e9tablissements proc\u00e9dant \u00e0 la vente de pain. 4 janv. 01/02/23\n5 janv. 01/02/23\n4 fev. 01/03/23\n2 SP 18 mars 03/03/23\n2 SP 23 mars 24/03/23\n2\n2\nSP 24 mars 30/03/23\nArr\u00eat\u00e9 pr\u00e9fectoral n\u00b0 2023-2 du 4 avril 2023 portant pr\u00e9somption de bien vacant et sans ma\u00eetre (Bois) - Commune de Saint-Denis le Gast 2 SP 33 avril 21/04/23\n2 SP 33 avril 21/04/23\n2 SP 33 avril 21/04/23\n3 SP 33 avril 21/04/23\n3 SP 36 mai 05/05/23\n3 SP 36 mai 05/05/23\n4 SP 36 mai 05/05/23\nArr\u00eat\u00e9 n\u00b0 2023-05-NB du 15 mai 2023 portant modification des statuts du syndicat de la Vire 3 SP 39 mai 17/05/23\n3 SP 39 mai 17/05/23\n3 SP 39 mai 17/05/23\n2 SP 43 mai 25/05/23\nArr\u00eat\u00e9 pr\u00e9fectoral n\u00b0 2023-4 du 25 mai 2023 portant pr\u00e9somption de biens vacants et sans ma\u00eetre - Commune de BESNEVILLE 5 mai 01/06/23\n3 SP 53 juin 26/06/23\n2 SP 54 juin 28/06/23\n4 SP 55 juin 30/06/23\n4 SP 55 juin 30/06/23\n4 SP 55 juin 30/06/23\n2 SP 57 juillet 03/07/23\nArr\u00eat\u00e9 pr\u00e9fectoral du 5 juillet 2023 modifiant le tableau des \u00e9lecteurs pour les \u00e9lections s\u00e9natoriales du 24 septembre 2023 2 SP 58 juillet 05/07/23\n2 SP 60 juillet 07/07/23\nArr\u00eat\u00e9 pr\u00e9fectoral du 7 juillet 2023 modifiant le tableau des \u00e9lecteurs pour les \u00e9lections s\u00e9natoriales du 24 septembre 2023 2 SP 60 juillet 07/07/23\n4 SP 62 juillet 18/07/23\nArr\u00eat\u00e9 n\u00b0 2023-01 du 10 janvier 2023 autorisant l'adh\u00e9sion de membres du syndicat d\u00e9partemental d'\u00e9nergies de la- Manche (SDEM50) \naux comp\u00e9tences optionnelles \u00ab\u00a0\u00e9clairage public\u00bb, \u00ab infrastructures de charges pour v\u00e9hicules \u00e9lectriques et hybrides rechargeables\u00a0\u00bb, \u00ab \ninfrastructures de recharge \u00e0 l'usage de v\u00e9hicules au gaz (GNV) ou hydrog\u00e8ne\u00bb, \u00abautorit\u00e9 organisatrice de distribution de gaz\u00a0\u00bb et \nmodifiant l'annexe 1 des statuts (liste des membres et des comp\u00e9tences transf\u00e9r\u00e9es)\nArr\u00eat\u00e9 n\u00b0 2023-02-NB du 21 f\u00e9vrier 2023 autorisant l'adh\u00e9sion de la commune du Mesnil et le retrait de la commune de la Lucerne \nd'Outremer au syndicat mixte Manche Num\u00e9rique, au titre de la comp\u00e9tence \u00abservices num\u00e9riques\u00bb\nArr\u00eat\u00e9 n\u00b0 2023-62-MF du 2 mars 2023 fixant le bar\u00e8me d\u00e9partemental de l'indemnit\u00e9 repr\u00e9sentative de logement des instituteurs (IRL) \nexer\u00e7ant dans les \u00e9coles publiques au titre de l'ann\u00e9e 2022\nArr\u00eat\u00e9 du 23 mars 2023 autorisant l'adh\u00e9sion de membres du syndicat d\u00e9partemental d'\u00e9nergies de la Manche (SDEM50) aux \ncomp\u00e9tences optionnelles \u00ab\u00e9clairage public\u00bb, \u00abinfrastructures de charges pour v\u00e9hicules \u00e9lectriques et hybrides rechargeables\u00bb,\u00abautorit\u00e9 \norganisatrice de distribution de gaz\u00bb, \u00abr\u00e9seau public de chaleur\u00bb et modifiant l'annexe 1 des statuts (liste des membres et des \ncomp\u00e9tences transf\u00e9r\u00e9es)\nArr\u00eat\u00e9 du 30 mars 2023 portant convocation des \u00e9lecteurs pour l'\u00e9lection d\u00e9partementale partielle du canton de Bricquebec-en-Cotentin - \n\u00c9lection d\u00e9partementale partielle - Canton de BRICQUEBEC-EN-COTENTIN - 14 et 21 mai 2023\nArr\u00eat\u00e9 du 30 mars 2023 fixant les modalit\u00e9s de d\u00e9p\u00f4t des candidatures et fixant les dates limites de d\u00e9p\u00f4t de la propagande \u00e0 la \ncommission pour chaque tour de scrutin - \u00c9lection d\u00e9partementale partielle - Canton de BRICQUEBEC-EN-COTENTIN - 14 et 21 mai \n2023\nArr\u00eat\u00e9 pr\u00e9fectoral n\u00b0 2023-3 du 4 avril 2023 portant pr\u00e9somption de biens vacants et sans ma\u00eetre - Commune de SAINT-JEAN DE LA \nRIVIERE\nArr\u00eat\u00e9 du 17 avril 2023 portant constitution de la commission de propagande - \u00c9lections d\u00e9partementales partielles canton de \nBRICQUEBEC-EN-COTENTIN les 14 et 21 mai 2023\nArr\u00eat\u00e9 du 21 avril 2023 portant publication de la liste des candidats pour le 1er tour de scrutin - \u00c9lections d\u00e9partementales partielles - \nCanton de BRICQUEBEC-EN-COTENTIN - les 14 et 21 mai 2023\nArr\u00eat\u00e9 pr\u00e9fectoral du 5 mai 2023 relatif \u00e0 la composition de la commission charg\u00e9e de l'\u00e9tablissement de la liste \u00e9lectorale dans le ressort \ndu tribunal de commerce de Coutances\nArr\u00eat\u00e9 pr\u00e9fectoral du 5 mai 2023 relatif \u00e0 la composition de la commission charg\u00e9e de l'\u00e9tablissement de la liste \u00e9lectorale dans le ressort \ndu tribunal de commerce de Cherbourg\nArr\u00eat\u00e9 pr\u00e9fectoral MODIFICATIF PROVISOIRE du 5 mai 2023 relatif aux changements provisoires de lieu des bureaux de vote de La \nBonneville et de Golleville\nArr\u00eat\u00e9 du 17 mai 2023 portant publication de la liste des candidats pour le 2\u00e8me tour de scrutin - \u00e9lection d\u00e9partementale partielle - canton \nde BRICQUEBEC-EN-COTENTIN - les 14 et 21 mai 2023\nArr\u00eat\u00e9 pr\u00e9fectoral du 17 mai 2023 fixant le nombre des d\u00e9l\u00e9gu\u00e9s titulaires, d\u00e9l\u00e9gu\u00e9s suppl\u00e9mentaires et d\u00e9l\u00e9gu\u00e9s suppl\u00e9ants ainsi que le \nmode de scrutin en vue de l'\u00e9lection des s\u00e9nateurs de la Manche le 24 septembre 2023\nArr\u00eat\u00e9 modificatif du 24 mai 2023 de l'arr\u00eat\u00e9 du 17 mai 2023 fixant le nombre des d\u00e9l\u00e9gu\u00e9s titulaires, d\u00e9l\u00e9gu\u00e9s suppl\u00e9mentaires et \nd\u00e9l\u00e9gu\u00e9s suppl\u00e9ants ainsi que le mode de scrutin en vue de l'\u00e9lection des s\u00e9nateurs de la Manche le 24 septembre 2023\nArr\u00eat\u00e9 du 26 juin 2023 portant convocation des conseils municipaux des communes d'Auxais, Brainville, Ducey-les-Ch\u00e9ris, Orval-sur-\nSienne, Saint-Pair-sur-Mer, Tirepied-sur-S\u00e9e, aux fins de d\u00e9signer les d\u00e9l\u00e9gu\u00e9s et les suppl\u00e9ants en vue des \u00e9lections s\u00e9natoriales du 24 \nseptembre 2023\nArr\u00eat\u00e9 du 28 juin 2023 portant convocation des conseils municipaux des communes d'Avranches, Couville, Donville-les-Bains, Mortain-\nBocage, Saint-Senier-sous-Avranches, aux fins de d\u00e9signer les d\u00e9l\u00e9gu\u00e9s et les suppl\u00e9ants en vue des \u00e9lections s\u00e9natoriales du \n24\u00a0septembre 2023\nArr\u00eat\u00e9 n\u00b0 2023-06-NB du 26 juin 2023 autorisant l'adh\u00e9sion de membres du syndicat d\u00e9partemental d'\u00e9nergies de la Manche (SDEM50) \naux comp\u00e9tences optionnelles \u00ab\u00e9clairage public\u00bb et \u00abinfrastructures de charges pour v\u00e9hicules \u00e9lectriques et hybrides rechargeables\u00bb et \nmodifiant l'annexe 1 des statuts (liste des membres et des comp\u00e9tences transf\u00e9r\u00e9es)\nArr\u00eat\u00e9 n\u00b0 2023-08 NB du 26 juin 2023 autorisant le retrait de la commune d'Etienville du syndicat mixte Manche Num\u00e9rique, au titre de la \ncomp\u00e9tence \u00abservices num\u00e9riques\u00bb\nArr\u00eat\u00e9 n\u00b0 2023-09 NB du 28 juin 2023 portant dissolution du syndicat intercommunal pour la gestion des affaires scolaires \u00abTribehou-les-\nBohons\u00bb\nArr\u00eat\u00e9 pr\u00e9fectoral du 3 juillet 2023 modificatif provisoire relatif \u00e0 la composition de la commission charg\u00e9e de l'\u00e9tablissement de la liste \n\u00e9lectorale dans le ressort du tribunal de commerce de Coutances\nArr\u00eat\u00e9 interpr\u00e9fectoral du 30 juin 2023 portant modification des statuts du syndicat mixte \u00ab\u00a0Vigipol\u00a0\u00bb\nArr\u00eat\u00e9 du 13 juillet 2023 portant nomination des membres de la commission de contr\u00f4le charg\u00e9e de la r\u00e9gularit\u00e9 des listes \u00e9lectorales \ndans la commune de CARENTAN-LES-MARAIS - (communes de 1 000 habitants et plus avec 2 ou 3 listes)\nDCCL\nPage 29\n4 SP 62 juillet 18/07/23\n4 SP 62 juillet 18/07/23\nArr\u00eat\u00e9 du 13 juillet 2023 portant nomination des membres de la commission de contr\u00f4le charg\u00e9e de la r\u00e9gularit\u00e9 des listes \u00e9lectorales 4 SP 62 juillet 18/07/23\ndans la commune de REMILLY-LES-MARAIS (communes de 1 000 habitants et plus avec 2 ou 3 listes) 4 SP 62 juillet 18/07/23\n4 SP 62 juillet 18/07/23\n5 SP 62 juillet 18/07/23\n5 SP 62 juillet 18/07/23\n5 SP 62 juillet 18/07/23\n5 SP 62 juillet 18/07/23\n6 SP 62 juillet 18/07/23\n6 SP 62 juillet 18/07/23\n6 SP 62 juillet 18/07/23\n6 SP 62 juillet 18/07/23\n6 SP 62 juillet 18/07/23\n7 SP 62 juillet 18/07/23\n7 SP 62 juillet 18/07/23\n7 SP 62 juillet 18/07/23\n7 SP 62 juillet 18/07/23\n8 SP 62 juillet 18/07/23\n8 SP 62 juillet 18/07/23\n8 SP 62 juillet 18/07/23\n8 SP 62 juillet 18/07/23\n8 SP 62 juillet 18/07/23\n9 SP 62 juillet 18/07/23\n9 SP 62 juillet 18/07/23\n9 SP 62 juillet 18/07/23\n9 SP 62 juillet 18/07/23\n10 SP 62 juillet 18/07/23\n10 SP 62 juillet 18/07/23\n10 SP 62 juillet 18/07/23\n10 SP 62 juillet 18/07/23\nArr\u00eat\u00e9 du 13 juillet 2023 portant nomination des membres de la commission de contr\u00f4le charg\u00e9e de la r\u00e9gularit\u00e9 des listes \u00e9lectorales \ndans la commune de CERISY-LA-FORET (communes de 1 000 habitants et plus avec 2 ou 3 listes)\nArr\u00eat\u00e9 du 13 juillet 2023 portant nomination des membres de la commission de contr\u00f4le charg\u00e9e de la r\u00e9gularit\u00e9 des listes \u00e9lectorales \ndans la commune de PONT-HEBERT (communes de 1 000 habitants et plus avec 2 ou 3 listes)\nArr\u00eat\u00e9 du 13 juillet 2023 portant nomination des membres de la commission de contr\u00f4le charg\u00e9e de la r\u00e9gularit\u00e9 des listes \u00e9lectorales \ndans la commune de SAINT JEAN D'ELLE (communes de 1 000 habitants et plus avec 2 ou 3 listes)\nArr\u00eat\u00e9 du 13 juillet 2023 portant nomination des membres de la commission de contr\u00f4le charg\u00e9e de la r\u00e9gularit\u00e9 des listes \u00e9lectorales \ndans la commune de SAINT LO (communes de 1 000 habitants et plus avec 2 ou 3 listes)\nArr\u00eat\u00e9 du 13 juillet 2023 portant nomination des membres de la commission de contr\u00f4le charg\u00e9e de la r\u00e9gularit\u00e9 des listes \u00e9lectorales \ndans la commune de TERRE-ET-MARAIS (communes de 1 000 habitants et plus avec 2 ou 3 listes)\nArr\u00eat\u00e9 du 13 juillet 2023 portant nomination des membres de la commission de contr\u00f4le charg\u00e9e de la r\u00e9gularit\u00e9 des listes \u00e9lectorales \ndans la commune de TESSY-BOCAGE (communes de 1 000 habitants et plus avec 2 ou 3 listes)\nArr\u00eat\u00e9 du 13 juillet 2023 portant nomination des membres de la commission de contr\u00f4le charg\u00e9e de la r\u00e9gularit\u00e9 des listes \u00e9lectorales \ndans la commune de THEREVAL (communes de 1 000 habitants et plus avec 2 ou 3 listes)\nArr\u00eat\u00e9 du 13 juillet 2023 portant nomination des membres de la commission de contr\u00f4le charg\u00e9e de la r\u00e9gularit\u00e9 des listes \u00e9lectorales \ndans la commune de TORIGNY-LES-VILLES (communes de 1 000 habitants et plus avec 2 ou 3 listes)\nArr\u00eat\u00e9 du 13 juillet 2023 portant nomination des membres de la commission de contr\u00f4le charg\u00e9e de la r\u00e9gularit\u00e9 des listes \u00e9lectorales \ndans la commune de VILLEDIEU-LES-POELES-ROUFFIGNY (communes de 1 000 habitants et plus avec 2 ou 3 listes)\nArr\u00eat\u00e9 du 13 juillet 2023 portant nomination des membres de la commission de contr\u00f4le charg\u00e9e de la r\u00e9gularit\u00e9 des listes \u00e9lectorales \ndans la commune de AIREL (communes de moins de 1 000 habitants et assimil\u00e9es)\nArr\u00eat\u00e9 du 13 juillet 2023 portant nomination des membres de la commission de contr\u00f4le charg\u00e9e de la r\u00e9gularit\u00e9 des listes \u00e9lectorales \ndans la commune de AMIGNY (communes de moins de 1 000 habitants et assimil\u00e9es)\nArr\u00eat\u00e9 du 13 juillet 2023 portant nomination des membres de la commission de contr\u00f4le charg\u00e9e de la r\u00e9gularit\u00e9 des listes \u00e9lectorales \ndans la commune de AUVERS (communes de moins de 1 000 habitants et assimil\u00e9es)\nArr\u00eat\u00e9 du 13 juillet 2023 portant nomination des membres de la commission de contr\u00f4le charg\u00e9e de la r\u00e9gularit\u00e9 des listes \u00e9lectorales \ndans la commune de BAUDRE (communes de moins de 1 000 habitants et assimil\u00e9es)\nArr\u00eat\u00e9 du 13 juillet 2023 portant nomination des membres de la commission de contr\u00f4le charg\u00e9e de la r\u00e9gularit\u00e9 des listes \u00e9lectorales \ndans la commune de BEAUCOUDRAY (communes de moins de 1 000 habitants et assimil\u00e9es)\nArr\u00eat\u00e9 du 13 juillet 2023 portant nomination des membres de la commission de contr\u00f4le charg\u00e9e de la r\u00e9gularit\u00e9 des listes \u00e9lectorales \ndans la commune de BERIGNY (communes de moins de 1 000 habitants et assimil\u00e9es)\nArr\u00eat\u00e9 du 13 juillet 2023 portant nomination des membres de la commission de contr\u00f4le charg\u00e9e de la r\u00e9gularit\u00e9 des listes \u00e9lectorales \ndans la commune de BESLON (communes de moins de 1 000 habitants et assimil\u00e9es)\nArr\u00eat\u00e9 du 13 juillet 2023 portant nomination des membres de la commission de contr\u00f4le charg\u00e9e de la r\u00e9gularit\u00e9 des listes \u00e9lectorales \ndans la commune de BEUVRIGNY (communes de moins de 1 000 habitants et assimil\u00e9es)\nArr\u00eat\u00e9 du 13 juillet 2023 portant nomination des membres de la commission de contr\u00f4le charg\u00e9e de la r\u00e9gularit\u00e9 des listes \u00e9lectorales \ndans la commune de BOURGUENOLLES (communes de moins de 1 000 habitants et assimil\u00e9es)\nArr\u00eat\u00e9 du 13 juillet 2023 portant nomination des membres de la commission de contr\u00f4le charg\u00e9e de la r\u00e9gularit\u00e9 des listes \u00e9lectorales \ndans la commune de CARANTILLY (communes de moins de 1 000 habitants et assimil\u00e9es)\nArr\u00eat\u00e9 du 13 juillet 202 portant nomination des membres de la commission de contr\u00f4le charg\u00e9e de la r\u00e9gularit\u00e9 des listes \u00e9lectorales dans \nla commune de CHERENCE-LE-HERON (communes de moins de 1 000 habitants et assimil\u00e9es)\nArr\u00eat\u00e9 du 13 juillet 2023 portant nomination des membres de la commission de contr\u00f4le charg\u00e9e de la r\u00e9gularit\u00e9 des listes \u00e9lectorales \ndans la commune de COUVAINS (communes de moins de 1 000 habitants et assimil\u00e9es)\nArr\u00eat\u00e9 du 13 juillet 2023 portant nomination des membres de la commission de contr\u00f4le charg\u00e9e de la r\u00e9gularit\u00e9 des listes \u00e9lectorales \ndans la commune de DANGY (communes de moins de 1 000 habitants et assimil\u00e9es)\nArr\u00eat\u00e9 du 13 juillet 2023 portant nomination des membres de la commission de contr\u00f4le charg\u00e9e de la r\u00e9gularit\u00e9 des listes \u00e9lectorales \ndans la commune de FOURNEAUX (communes de moins de 1 000 habitants et assimil\u00e9es)\nArr\u00eat\u00e9 du 13 juillet 2023 portant nomination des membres de la commission de contr\u00f4le charg\u00e9e de la r\u00e9gularit\u00e9 des listes \u00e9lectorales \ndans la commune de GOUVETS (communes de moins de 1 000 habitants et assimil\u00e9es)\nArr\u00eat\u00e9 du 13 juillet 2023 portant nomination des membres de la commission de contr\u00f4le charg\u00e9e de la r\u00e9gularit\u00e9 des listes \u00e9lectorales \ndans la commune de GRAIGNES-MESNIL-ANGOT (communes de moins de 1 000 habitants et assimil\u00e9es)\nArr\u00eat\u00e9 du 13 juillet 2023 portant nomination des membres de la commission de contr\u00f4le charg\u00e9e de la r\u00e9gularit\u00e9 des listes \u00e9lectorales \ndans la commune de LA BLOUTIERE (communes de moins de 1 000 habitants et assimil\u00e9es)\nArr\u00eat\u00e9 du 13 juillet 2023 portant nomination des membres de la commission de contr\u00f4le charg\u00e9e de la r\u00e9gularit\u00e9 des listes \u00e9lectorales \ndans la commune de LA COLOMBE (communes de moins de 1 000 habitants et assimil\u00e9es)\nArr\u00eat\u00e9 du 13 juillet 2023 portant nomination des membres de la commission de contr\u00f4le charg\u00e9e de la r\u00e9gularit\u00e9 des listes \u00e9lectorales \ndans la commune de LA LUZERNE (communes de moins de 1 000 habitants et assimil\u00e9es)\nArr\u00eat\u00e9 du 13 juillet 2023 portant nomination des membres de la commission de contr\u00f4le charg\u00e9e de la r\u00e9gularit\u00e9 des listes \u00e9lectorales \ndans la commune de LA TRINITE (communes de moins de 1 000 habitants et assimil\u00e9es)\nDCCL\nPage 30\n10 SP 62 juillet 18/07/23\n11 SP 62 juillet 18/07/23\n11 SP 62 juillet 18/07/23\n11 SP 62 juillet 18/07/23\n11 SP 62 juillet 18/07/23\n12 SP 62 juillet 18/07/23\n12 SP 62 juillet 18/07/23\n12 SP 62 juillet 18/07/23\n12 SP 62 juillet 18/07/23\n12 SP 62 juillet 18/07/23\n13 SP 62 juillet 18/07/23\n13 SP 62 juillet 18/07/23\n13 SP 62 juillet 18/07/23\n13 SP 62 juillet 18/07/23\n13 SP 62 juillet 18/07/23\n14 SP 62 juillet 18/07/23\n14 SP 62 juillet 18/07/23\n14 SP 62 juillet 18/07/23\n14 SP 62 juillet 18/07/23\n15 SP 62 juillet 18/07/23\n15 SP 62 juillet 18/07/23\n15 SP 62 juillet 18/07/23\n15 SP 62 juillet 18/07/23\n15 SP 62 juillet 18/07/23\n16 SP 62 juillet 18/07/23\n16 SP 62 juillet 18/07/23\n16 SP 62 juillet 18/07/23\n16 SP 62 juillet 18/07/23\n17 SP 62 juillet 18/07/23\n17 SP 62 juillet 18/07/23\nArr\u00eat\u00e9 du 13 juillet 2023 portant nomination des membres de la commission de contr\u00f4lecharg\u00e9e de la r\u00e9gularit\u00e9 des listes \u00e9lectorales dans \nla commune de LAMBERVILLE (communes de moins de 1 000 habitants et assimil\u00e9es)\nArr\u00eat\u00e9 du 13 juillet 2023 portant nomination des membres de la commission de contr\u00f4le charg\u00e9e de la r\u00e9gularit\u00e9 des listes \u00e9lectorales \ndans la commune de LE MESNIL-AMEY (communes de moins de 1 000 habitants et assimil\u00e9es)\nArr\u00eat\u00e9 du 13 juillet 2023 portant nomination des membres de la commission de contr\u00f4le charg\u00e9e de la r\u00e9gularit\u00e9 des listes \u00e9lectorales \ndans la commune de LE MESNIL-EURY (communes de moins de 1 000 habitants et assimil\u00e9es)\nArr\u00eat\u00e9 du 13 juillet 2023 portant nomination des membres de la commission de contr\u00f4le charg\u00e9e de la r\u00e9gularit\u00e9 des listes \u00e9lectorales \ndans la commune de LE MESNIL-ROUXELIN (communes de moins de 1 000 habitants et assimil\u00e9es)\nArr\u00eat\u00e9 du 13 juillet 2023 portant nomination des membres de la commission de contr\u00f4le charg\u00e9e de la r\u00e9gularit\u00e9 des listes \u00e9lectorales \ndans la commune de LE MESNIL-VENERON (communes de moins de 1 000 habitants et assimil\u00e9es)\nArr\u00eat\u00e9 du 13 juillet 2023 portant nomination des membres de la commission de contr\u00f4le charg\u00e9e de la r\u00e9gularit\u00e9 des listes \u00e9lectorales \ndans la commune de LE PERRON (communes de moins de 1 000 habitants et assimil\u00e9es)\nArr\u00eat\u00e9 du 13 juillet 2023 portant nomination des membres de la commission de contr\u00f4le charg\u00e9e de la r\u00e9gularit\u00e9 des listes \u00e9lectorales \ndans la commune de MAUPERTUIS (communes de moins de 1 000 habitants et assimil\u00e9es)\nArr\u00eat\u00e9 du 13 juillet 2023 portant nomination des membres de la commission de contr\u00f4le charg\u00e9e de la r\u00e9gularit\u00e9 des listes \u00e9lectorales \ndans la commune de MEAUTIS (communes de moins de 1 000 habitants et assimil\u00e9es)\nArr\u00eat\u00e9 du 13 juillet 2023 portant nomination des membres de la commission de contr\u00f4le charg\u00e9e de la r\u00e9gularit\u00e9 des listes \u00e9lectorales \ndans la commune de MONTBRAY (communes de moins de 1 000 habitants et assimil\u00e9es)\nArr\u00eat\u00e9 du 13 juillet 2023 portant nomination des membres de la commission de contr\u00f4le charg\u00e9e de la r\u00e9gularit\u00e9 des listes \u00e9lectorales \ndans la commune de MONTRABOT (communes de moins de 1 000 habitants et assimil\u00e9es)\nArr\u00eat\u00e9 du 13 juillet 2023 portant nomination des membres de la commission de contr\u00f4le charg\u00e9e de la r\u00e9gularit\u00e9 des listes \u00e9lectorales \ndans la commune de MONTREUIL-SUR-LOZON (communes de moins de 1 000 habitants et assimil\u00e9es)\nArr\u00eat\u00e9 du 13 juillet 2023 portant nomination des membres de la commission de contr\u00f4le charg\u00e9e de la r\u00e9gularit\u00e9 des listes \u00e9lectorales \ndans la commune de MOON-SUR-ELLE (communes de moins de 1 000 habitants et assimil\u00e9es)\nArr\u00eat\u00e9 du 13 juillet 2023 portant nomination des membres de la commission de contr\u00f4le charg\u00e9e de la r\u00e9gularit\u00e9 des listes \u00e9lectorales \ndans la commune de MORIGNY (communes de moins de 1 000 habitants et assimil\u00e9es)\nArr\u00eat\u00e9 du 13 juillet 2023 portant nomination des membres de la commission de contr\u00f4le charg\u00e9e de la r\u00e9gularit\u00e9 des listes \u00e9lectorales \ndans la commune de RAMPAN (communes de moins de 1 000 habitants et assimil\u00e9es)\nArr\u00eat\u00e9 du 13 juillet 2023 portant nomination des membres de la commission de contr\u00f4le charg\u00e9e de la r\u00e9gularit\u00e9 des listes \u00e9lectorales \ndans la commune de SAINT ANDRE DE BOHON (communes de moins de 1 000 habitants et assimil\u00e9es)\nArr\u00eat\u00e9 du 13 juillet 2023 portant nomination des membres de la commission de contr\u00f4le charg\u00e9e de la r\u00e9gularit\u00e9 des listes \u00e9lectorales \ndans la commune de SAINT ANDRE DE L'EPINE (communes de moins de 1 000 habitants et assimil\u00e9es)\nArr\u00eat\u00e9 du 13 juillet 2023 portant nomination des membres de la commission de contr\u00f4le charg\u00e9e de la r\u00e9gularit\u00e9 des listes \u00e9lectorales \ndans la commune de SAINT CLAIR SUR L'ELLE (communes de moins de 1 000 habitants et assimil\u00e9es)\nArr\u00eat\u00e9 du 13 juillet 2023 portant nomination des membres de la commission de contr\u00f4le charg\u00e9e de la r\u00e9gularit\u00e9 des listes \u00e9lectorales \ndans la commune de SAINT FROMOND (communes de moins de 1 000 habitants et assimil\u00e9es)\nArr\u00eat\u00e9 du 13 juillet 2023 portant nomination des membres de la commission de contr\u00f4le charg\u00e9e de la r\u00e9gularit\u00e9 des listes \u00e9lectorales \ndans la commune de SAINT GERMAIN D'ELLE (communes de moins de 1 000 habitants et assimil\u00e9es)\nArr\u00eat\u00e9 du 13 juillet 2023 portant nomination des membres de la commission de contr\u00f4le charg\u00e9e de la r\u00e9gularit\u00e9 des listes \u00e9lectorales \ndans la commune de SAINT JEAN DE DAYE (communes de moins de 1 000 habitants et assimil\u00e9es)\nArr\u00eat\u00e9 du 13 juillet 2023 portant nomination des membres de la commission de contr\u00f4le charg\u00e9e de la r\u00e9gularit\u00e9 des listes \u00e9lectorales \ndans la commune de SAINT JEAN DE SAVIGNY (communes de moins de 1 000 habitants et assimil\u00e9es)\nArr\u00eat\u00e9 du 13 juillet 2023 portant nomination des membres de la commission de contr\u00f4le charg\u00e9e de la r\u00e9gularit\u00e9 des listes \u00e9lectorales \ndans la commune de SAINT LOUET SUR VIRE (communes de moins de 1 000 habitants et assimil\u00e9es)\nArr\u00eat\u00e9 du 13 juillet 2023 portant nomination des membres de la commission de contr\u00f4le charg\u00e9e de la r\u00e9gularit\u00e9 des listes \u00e9lectorales \ndans la commune de SAINT PIERRE DE SEMILLY (communes de moins de 1 000 habitants et assimil\u00e9es)\nArr\u00eat\u00e9 du 13 juillet 2023 portant nomination des membres de la commission de contr\u00f4le charg\u00e9e de la r\u00e9gularit\u00e9 des listes \u00e9lectorales \ndans la commune de SAINT VIGOR DES MONTS (communes de moins de 1 000 habitants et assimil\u00e9es)\nArr\u00eat\u00e9 du 13 juillet 2023 portant nomination des membres de la commission de contr\u00f4le charg\u00e9e de la r\u00e9gularit\u00e9 des listes \u00e9lectorales \ndans la commune de SAINTE CECILE (communes de moins de 1 000 habitants et assimil\u00e9es)\nArr\u00eat\u00e9 du 13 juillet 2023 portant nomination des membres de la commission de contr\u00f4le charg\u00e9e de la r\u00e9gularit\u00e9 des listes \u00e9lectorales \ndans la commune de TRIBEHOU (communes de moins de 1 000 habitants et assimil\u00e9es)\nArr\u00eat\u00e9 du 13 juillet 2023 portant nomination des membres de la commission de contr\u00f4le charg\u00e9e de la r\u00e9gularit\u00e9 des listes \u00e9lectorales \ndans la commune de VILLIERS-FOSSARD (communes de moins de 1 000 habitants et assimil\u00e9es)\nArr\u00eat\u00e9 du 13 juillet 2023 portant nomination des membres de la commission de contr\u00f4le charg\u00e9e de la r\u00e9gularit\u00e9 des listes \u00e9lectorales \ndans la commune de AGNEAUX (communes de moins de 1 000 habitants et assimil\u00e9es)\nArr\u00eat\u00e9 du 13 juillet 2023 portant nomination des membres de la commission de contr\u00f4le charg\u00e9e de la r\u00e9gularit\u00e9 des listes \u00e9lectorales \ndans la commune de BOURGVALLEES (communes de moins de 1 000 habitants et assimil\u00e9es)\nArr\u00eat\u00e9 du 13 juillet 2023 portant nomination des membres de la commission de contr\u00f4le charg\u00e9e de la r\u00e9gularit\u00e9 des listes \u00e9lectorales \ndans la commune de CONDE-SUR-VIRE (communes de moins de 1 000 habitants et assimil\u00e9es)\nDCCL\nPage 31\n17 SP 62 juillet 18/07/23\n17 SP 62 juillet 18/07/23\n17 SP 62 juillet 18/07/23\n18 SP 62 juillet 18/07/23\n18 SP 62 juillet 18/07/23\n18 SP 62 juillet 18/07/23\nArr\u00eat\u00e9 du 3 ao\u00fbt 2023 portant modification des statuts de la communaut\u00e9 de communes de Villedieu Intercom 3 SP 68 Ao\u00fbt 04/08/23\n3 SP 69 Ao\u00fbt 11/08/23\n4 SP 69 Ao\u00fbt 11/08/23\n4 SP 69 Ao\u00fbt 11/08/23\n2 SP 70 Ao\u00fbt 18/08/23\nArr\u00eat\u00e9 du 28 juillet 2023 instituant la commission de propagande - \u00e9lections s\u00e9natoriales - renouvellement 2023 54 SP 74 Ao\u00fbt 31/08/23\nArr\u00eat\u00e9 du 30 ao\u00fbt 2023 instituant les bureaux de vote dans le d\u00e9partement de la Manche pour les \u00e9lections se d\u00e9roulant en 2024 63 Ao\u00fbt 01/09/23\n44 SP 78 sept. 14/09/23\n44 SP 78 sept. 14/09/23\nArr\u00eat\u00e9 du 12 septembre 2023 portant publication de la liste des candidats \u00e0 l'\u00e9lection s\u00e9natoriale du 24 septembre 2023 45 SP 78 sept. 14/09/23\n3 SP 85 Sept. 03/10/23\n2 SP 87 Oct. 13/10/23\n2 SP 91 Oct. 27/10/23\n7 Oct. 07/11/23\n7 Oct. 07/11/23\n7 Oct. 07/11/23\n8 Oct. 07/11/23\n8 Oct. 07/11/23\n8 Oct. 07/11/23\n8 Oct. 07/11/23\n9 Oct. 07/11/23\n9 Oct. 07/11/23\n9 Oct. 07/11/23\n9 Oct. 07/11/23\n9 Oct. 07/11/23\n10 Oct. 07/11/23\nArr\u00eat\u00e9 du 13 juillet 2023 portant nomination des membres de la commission de contr\u00f4le charg\u00e9e de la r\u00e9gularit\u00e9 des listes \u00e9lectorales \ndans la commune de FLEURY (communes de moins de 1 000 habitants et assimil\u00e9es)\nArr\u00eat\u00e9 du 13 juillet 2023 portant nomination des membres de la commission de contr\u00f4le charg\u00e9e de la r\u00e9gularit\u00e9 des listes \u00e9lectorales \ndans la commune de LA BARRE DE SEMILLY (communes de moins de 1 000 habitants et assimil\u00e9es)\nArr\u00eat\u00e9 du 13 juillet 2023 portant nomination des membres de la commission de contr\u00f4le charg\u00e9e de la r\u00e9gularit\u00e9 des listes \u00e9lectorales \ndans la commune de LA MEAUFFE (communes de moins de 1 000 habitants et assimil\u00e9es)\nArr\u00eat\u00e9 du 13 juillet 2023 portant nomination des membres de la commission de contr\u00f4le charg\u00e9e de la r\u00e9gularit\u00e9 des listes \u00e9lectorales \ndans la commune de MOYON-VILLAGES (communes de moins de 1 000 habitants et assimil\u00e9es)\nArr\u00eat\u00e9 du 13 juillet 2023 portant nomination des membres de la commission de contr\u00f4le charg\u00e9e de la r\u00e9gularit\u00e9 des listes \u00e9lectorales \ndans la commune de PERCY-EN-NORMANDIE (communes de moins de 1 000 habitants et assimil\u00e9es)\nArr\u00eat\u00e9 du 13 juillet 2023 portant nomination des membres de la commission de contr\u00f4le charg\u00e9e de la r\u00e9gularit\u00e9 des listes \u00e9lectorales \ndans la commune de MARIGNY-LE-LOZON (communes de moins de 1 000 habitants et assimil\u00e9es)\nArr\u00eat\u00e9 du 9 ao\u00fbt 2023 fixant les date, heure et lieu des op\u00e9rations de vote et de recensement des votes pour l'\u00e9lection en 2023 d'un juge \ndu tribunal de commerce de Cherbourg\n  Arr\u00eat\u00e9 du 9 ao\u00fbt 2023 portant convocation des \u00e9lecteurs \u00e0 l'\u00e9lection municipale partielle compl\u00e9mentaire de la commune de La\u00a0Colombe\n  Arr\u00eat\u00e9 du 9 ao\u00fbt 2023 fixant les date, heure et lieu des op\u00e9rations de vote et de recensement des votes pour l'\u00e9lection en 2023 de 6\u00a0juges \ndu tribunal de commerce de Coutances\n Arr\u00eat\u00e9 du 11 ao\u00fbt 2023 autorisant l'adh\u00e9sion de la commune de La Haye-Bellefonds \u00e0 la comp\u00e9tence optionnelle \u00abinfrastructures de \ncharges pour v\u00e9hicules \u00e9lectriques et hybrides rechargeables\u00bb du syndicat d\u00e9partemental d'\u00e9nergie de la Manche (SDEM) et modifiant \nl'annexe 1 des statuts (liste des membres et des comp\u00e9tences transf\u00e9r\u00e9es)\nArr\u00eat\u00e9 du 12 septembre 2023 portant composition de la commission d'organisation pour l'\u00e9lection 2023 de 6 juges du tribunal de \ncommerce de Coutances\nArr\u00eat\u00e9 du 12 septembre 2023 portant composition de la commission d'organisation pour l'\u00e9lection 2023 d'un juge du tribunal de commerce \nde Cherbourg\nArr\u00eat\u00e9 du 2 octobre 2023 portant nomination de l'agent comptable de l'\u00e9tablissement public industriel et commercial \u00ab\u00a0Office de tourisme \u2013 \nVitrine des m\u00e9tiers d'art de Villedieu Intercom\u00a0\u00bb\nArr\u00eat\u00e9 n\u00b0 2023-224-MF du 9 octobre 2023 portant composition de la commission locale de recensement des votes en vue du \nrenouvellement des membres \u00e9lus du comit\u00e9 des finances locales\nArr\u00eat\u00e9 du 24 octobre 2023 portant constitution de la commission de propagande - \u00c9lection municipale partielle int\u00e9grale des 3 et 10 \nd\u00e9cembre 2023 - Commune de SOURDEVAL\nArr\u00eat\u00e9 du 29 ao\u00fbt 2023 portant nomination des membres de la commission de contr\u00f4le charg\u00e9e de la r\u00e9gularit\u00e9 des listes \u00e9lectorales dans \nla commune de CERISY-LA-FORET (communes de 1 000 habitants et plus avec 2 ou 3 listes)\nArr\u00eat\u00e9 du 29 ao\u00fbt 2023 portant nomination des membres de la commission de contr\u00f4le charg\u00e9e de la r\u00e9gularit\u00e9 des listes \u00e9lectorales dans \nla commune de SAINT MARTIN DE BONFOSSE (communes de moins de 1 000 habitants et assimil\u00e9es)\nArr\u00eat\u00e9 du 29 ao\u00fbt 2023 portant nomination des membres de la commission de contr\u00f4le charg\u00e9e de la r\u00e9gularit\u00e9 des listes \u00e9lectorales dans \nla commune de LA LANDE-D'AIROU (communes de moins de 1 000 habitants et assimil\u00e9es)\nArr\u00eat\u00e9 du 29 ao\u00fbt 2023 portant nomination des membres de la commission de contr\u00f4le charg\u00e9e de la r\u00e9gularit\u00e9 des listes \u00e9lectorales dans \nla commune de MONTABOT (communes de moins de 1 000 habitants et assimil\u00e9es)\nArr\u00eat\u00e9 du 29 ao\u00fbt 2023 portant nomination des membres de la commission de contr\u00f4le charg\u00e9e de la r\u00e9gularit\u00e9 des listes \u00e9lectorales dans \nla commune de SAINTE SUZANNE SUR VIRE (communes de moins de 1 000 habitants et assimil\u00e9es)\nArr\u00eat\u00e9 du 29 ao\u00fbt 2023 portant nomination des membres de la commission de contr\u00f4le charg\u00e9e de la r\u00e9gularit\u00e9 des listes \u00e9lectorales dans \nla commune de CANISY (communes de moins de 1 000 habitants et assimil\u00e9es)\nArr\u00eat\u00e9 du 29 ao\u00fbt 2023 portant nomination des membres de la commission de contr\u00f4le charg\u00e9e de la r\u00e9gularit\u00e9 des listes \u00e9lectorales dans \nla commune de SAINT GEORGES D'ELLE (communes de moins de 1 000 habitants et assimil\u00e9es)\nArr\u00eat\u00e9 du 29 ao\u00fbt 2023 portant nomination des membres de la commission de contr\u00f4le charg\u00e9e de la r\u00e9gularit\u00e9 des listes \u00e9lectorales dans \nla commune de MARGUERAY (communes de moins de 1 000 habitants et assimil\u00e9es)\nArr\u00eat\u00e9 du 29 ao\u00fbt 2023 portant nomination des membres de la commission de contr\u00f4le charg\u00e9e de la r\u00e9gularit\u00e9 des listes \u00e9lectorales dans \nla commune de DOMJEAN (communes de moins de 1 000 habitants et assimil\u00e9es)\nArr\u00eat\u00e9 du 29 ao\u00fbt 2023 portant nomination des membres de la commission de contr\u00f4le charg\u00e9e de la r\u00e9gularit\u00e9 des listes \u00e9lectorales dans \nla commune de LA HAYE-BELLEFOND (communes de moins de 1 000 habitants et assimil\u00e9es)\nArr\u00eat\u00e9 du 29 ao\u00fbt 2023 portant nomination des membres de la commission de contr\u00f4le charg\u00e9e de la r\u00e9gularit\u00e9 des listes \u00e9lectorales dans \nla commune de SAINT GILLES (communes de moins de 1 000 habitants et assimil\u00e9es)\nArr\u00eat\u00e9 du 29 ao\u00fbt 2023 portant nomination des membres de la commission de contr\u00f4le charg\u00e9e de la r\u00e9gularit\u00e9 des listes \u00e9lectorales dans \nla commune de SAINT AMAND VILLAGES (communes de moins de 1 000 habitants et assimil\u00e9es)\nArr\u00eat\u00e9 du 20 octobre 2023 portant nomination des membres de la commission de contr\u00f4le charg\u00e9e de la r\u00e9gularit\u00e9 des listes \u00e9lectorales \ndans la commune de BIEVILLE (communes de moins de 1 000 habitants et assimil\u00e9es)\nDCCL\nPage 32\n10 Oct. 07/11/23\n10 Oct. 07/11/23\n10 Oct. 07/11/23\n11 Oct. 07/11/23\n11 Oct. 07/11/23\n11 Oct. 07/11/23\n11 Oct. 07/11/23\n11 Oct. 07/11/23\n4 Nov. 01/12/23\n5 Nov. 01/12/23\n12 Nov. 01/12/23\n13 Nov. 01/12/23\n12 D\u00e9c. 03/01/24\nArr\u00eat\u00e9 du 20 octobre 2023 portant nomination des membres de la commission de contr\u00f4le charg\u00e9e de la r\u00e9gularit\u00e9 des listes \u00e9lectorales \ndans la commune de CHAMPREPUS (communes de moins de 1 000 habitants et assimil\u00e9es)\nArr\u00eat\u00e9 du 20 octobre 2023 portant nomination des membres de la commission de contr\u00f4le charg\u00e9e de la r\u00e9gularit\u00e9 des listes \u00e9lectorales \ndans la commune de LE GUISLAIN (communes de moins de 1 000 habitants et assimil\u00e9es)\nArr\u00eat\u00e9 du 20 octobre 2023 portant nomination des membres de la commission de contr\u00f4le charg\u00e9e de la r\u00e9gularit\u00e9 des listes \u00e9lectorales \ndans la commune de LE LOREY (communes de moins de 1 000 habitants et assimil\u00e9es)\nArr\u00eat\u00e9 du 20 octobre 2023 portant nomination des membres de la commission de contr\u00f4le charg\u00e9e de la r\u00e9gularit\u00e9 des listes \u00e9lectorales \ndans la commune de SAINT GEORGES MONTCOCQ (communes de moins de 1 000 habitants et assimil\u00e9es)\nArr\u00eat\u00e9 du 20 octobre 2023 portant nomination des membres de la commission de contr\u00f4le charg\u00e9e de la r\u00e9gularit\u00e9 des listes \u00e9lectorales \ndans la commune de VILLEBAUDON (communes de moins de 1 000 habitants et assimil\u00e9es)\nArr\u00eat\u00e9 du 25 octobre 2023 portant nomination des membres de la commission de contr\u00f4le charg\u00e9e de la r\u00e9gularit\u00e9 des listes \u00e9lectorales \ndans la commune de CAVIGNY (communes de moins de 1 000 habitants et assimil\u00e9es)\nArr\u00eat\u00e9 du 25 octobre 2023 portant nomination des membres de la commission de contr\u00f4le charg\u00e9e de la r\u00e9gularit\u00e9 des listes \u00e9lectorales \ndans la commune de LE DEZERT (communes de moins de 1 000 habitants et assimil\u00e9es)\nArr\u00eat\u00e9 n\u00b0 2023-12-LM du 27 octobre 2023 autorisant l'adh\u00e9sion des communes de Carentan-les-Marais et de Nay au syndicat mixte \nManche Num\u00e9rique, au titre de la comp\u00e9tence \u00abservices num\u00e9riques\u00bb\nArr\u00eat\u00e9 interpr\u00e9fectoral n\u00b0 2023-11 NB du 7 novembre 2023 portant modification statutaire du syndicat d\u00e9partemental de l'eau de la Manche \n(Sdeau50)\nArr\u00eat\u00e9 du 16 novembre 2023 fixant la liste des communes rurales de la Manche au sens des articles L.2335-9, L.3334-8 et R.3334-8 du \ncode g\u00e9n\u00e9ral des collectivit\u00e9s territoriales\nArr\u00eat\u00e9 n\u00b0 2022-11 du 23 novembre 2023 portant modification des statuts du syndicat intercommunal scolaire Le Mesnil-Raoult -Troisgots - \nSaint-Romphaire\nArr\u00eat\u00e9 du 23 novembre 2023 portant nomination des membres de la commission de contr\u00f4le charg\u00e9e de la r\u00e9gularit\u00e9 des listes \u00e9lectorales \ndans la commune de QUIBOU (communes de moins de 1 000 habitants et assimil\u00e9es)\nArr\u00eat\u00e9 n\u00b0 2023-14-LM du 26 d\u00e9cembre 2023 autorisant l'adh\u00e9sion de membres du syndicat d\u00e9partemental d'\u00e9nergies de la Manche \n(SDEM50) \u00e0 la comp\u00e9tence optionnelle \u00ab\u00e9clairage public\u00bb et modifiant l'annexe 1 des statuts (liste des membres et des comp\u00e9tences \ntransf\u00e9r\u00e9es)\nSCPPAT\nPage 33\npage publi\u00e9 le\n4 SP 05 janv. 17/01/23\nArr\u00eat\u00e9 n\u00b02023-020-JS du 19 janvier 2023 relatif a la composition de la commission d\u00e9partementale de la nature, des paysages et des sites de la Manche 5 janv. 01/02/23\n2 SP 10 fev. 09/02/23\n2 SP 12 fev. 14/02/23\n4 fev. 01/03/23\n5 fev. 01/03/23\nArr\u00eat\u00e9 du 13 f\u00e9vrier 2023 portant cr\u00e9ation d'un p\u00e9rim\u00e8tre de pr\u00e9emption au b\u00e9n\u00e9fice du conservatoire du littoral sur la commune de CHAMPEAUX 5 fev. 01/03/23\n6\nfev. 01/03/23\n7 mars 03/04/23\n3 SP 31 avril 14/04/23\nArr\u00eat\u00e9 n\u00b0 2023-10-ARS50 du 12 avril 2023 portant d\u00e9rogation \u00e0 l'arr\u00eat\u00e9 pr\u00e9fectoral permanent r\u00e9glementant le br\u00fblage de v\u00e9g\u00e9taux du 8 f\u00e9vrier 2005 3 SP 31 avril 14/04/23\nCommission nationale d'am\u00e9nagement commercial du jeudi 9 mars 2023 4 SP 33 avril 21/04/23\nCommission d\u00e9partementale d'am\u00e9nagement commercial du jeudi 6 avril 2023 4 SP 33 avril 21/04/23\nArr\u00eat\u00e9 n\u00b005-2023 du 5 avril 2023 portant composition de la commission d\u00e9partementale consultative des gens du voyage 12 avril 05/05/23\n13 avril 05/05/23\n13 avril 05/05/23\n14 avril 05/05/23\n14 avril 05/05/23\n6 mai 01/06/23\n8 mai 01/06/23\n2 SP 58 juillet 05/07/23\n Arr\u00eat\u00e9 n\u00b023-104 du 5 juillet 2023 portant renouvellement de la composition de la commission d\u00e9partementale de surendettement des particuliers 3 SP 60 juillet 07/07/23\nCommission d\u00e9partementale d'am\u00e9nagement commercial du mardi 13 juin 2023 6 juin 10/07/23\n6\njuin 10/07/23\n4 juillet 02/08/23\n5 juillet 02/08/23\nArr\u00eat\u00e9 n\u00b0 2023-118-NB du 31 juillet 2023 modifiant la composition de la commission d\u00e9partementale de surendettement des particuliers 5 juillet 02/08/23\nArr\u00eat\u00e9 pr\u00e9fectoral n\u00b0 23-123 du 17 ao\u00fbt 2023 portant agr\u00e9ment de la F\u00e9d\u00e9ration de la Manche pour la P\u00eache et la Protection du Milieu Aquatique 3 SP 71 Ao\u00fbt 23/08/23\n3 SP 71 Ao\u00fbt 23/08/23\n3 SP 71 Ao\u00fbt 23/08/23\n64\nAo\u00fbt 01/09/23\nArr\u00eat\u00e9 pr\u00e9fectoral n\u00b0 23-018-MQ du 17 janvier 2023 autorisant la soci\u00e9t\u00e9 SNCF RESEAU \u00e0 ex\u00e9cuter des travaux de nuit et les week-ends sur la commune \nde GRANVILLE\nArr\u00eat\u00e9 n\u00b0 2022-211 du 6 d\u00e9cembre 2022 portant report du d\u00e9lai du point de d\u00e9part de la dur\u00e9e de validit\u00e9 de la convention de concession d'occupation du \ndomaine public maritime en dehors des ports \u00e9tablie en entre l'\u00c9tat et la soci\u00e9t\u00e9 RTE \u00ab\u00a0R\u00e9seau de Transport d'Electricit\u00e9\u00a0\u00bb en vue de l'am\u00e9nagement de la \npartie fran\u00e7aise d'une interconnexion \u00e9lectrique sous-marine entre la France et la Grande-Bretagne et prorogation du d\u00e9lai de d\u00e9marrage des travaux\nCommission d\u00e9partementale d'am\u00e9nagement commercial du jeudi 9 f\u00e9vrier 2023 \u2013 Avis\u00a0: Favorable\nArr\u00eat\u00e9 du 1er f\u00e9vrier 2023 portant autorisation de p\u00e9n\u00e9trer dans les propri\u00e9t\u00e9s priv\u00e9es et publiques situ\u00e9es sur le territoire de la commune de \nBOURGVALLEES (COMMUNE DELEGUEE DE GOURFALEUR) pour r\u00e9aliser des lev\u00e9s topographiques\nArr\u00eat\u00e9 n\u00b0 23-028 DB du 2 f\u00e9vrier 2023 portant autorisation de p\u00e9n\u00e9trer dans les propri\u00e9t\u00e9s priv\u00e9es et publiques situ\u00e9es sur le territoire de la commune de \nCerisy-la-F\u00f4ret pour r\u00e9aliser des travaux topographiques\nArr\u00eat\u00e9 n\u00b0 22-187-JS du 27 f\u00e9vrier 2023 portant cr\u00e9ation de l'Association Syndicale Autoris\u00e9e (ASA) d\u00e9nomm\u00e9e \u00ab\u00a0Association syndicale autoris\u00e9e de \nDenneville-Plage \u00bb (ASDP) par transformation de l'Association Syndicale Libre (ASL) \u00ab\u00a0Association syndicale de Denneville-Plage\u00a0\u00bb en ASA avec extension \ndu p\u00e9rim\u00e8tre et nommant un administrateur provisoire pour la tenue de la premi\u00e8re assembl\u00e9e\nArr\u00eat\u00e9 n\u00b0 2023 \u2013 045 du 20 mars 2023 modifiant la composition de la commission d\u00e9partementale de la nature, des paysages et des sites de la manche - \nFormation \u00ab\u00a0Faune sauvage captive\u00a0\u00bb\nArr\u00eat\u00e9 N\u00b023-058-GG du 12 avril 2023 autorisant les travaux de renaturation du Gorget dans la r\u00e9serve naturelle nationale de la Sangsuri\u00e8re et de \nl'Adriennerie\nArr\u00eat\u00e9 n\u00b02023-04-MNJ du 14 avril 2023 abrogeant l'arr\u00eat\u00e9 pr\u00e9fectoral n\u00b02020-47 du 14 septembre 2020 portant homologation de la convention-cadre \n\u00ab\u00a0Action C\u0153ur de Ville\u00a0\u00bb de Saint-L\u00f4 en convention d'op\u00e9ration de revitalisation de territoire\nArr\u00eat\u00e9 n\u00b0\u00a02023-06-ARS50 du 18 avril 2023 autorisant la SARL Camping LEZ EAUX \u00e0 utiliser l'eau pr\u00e9lev\u00e9e du Forage F2 situ\u00e9 sur la commune de Saint-\nAubin-des-Pr\u00e9aux en vue de la consommation humaine\nArr\u00eat\u00e9 pr\u00e9fectoral n\u00b0 2023 \u2013 063 du 20 avril 2023 d\u00e9limitant le domaine public du conservatoire du littoral sur le site du havre de Surville sur la commune de \nLa Haye\nArr\u00eat\u00e9 n\u00b0\u00a0: 2023-07-ARS50 du 21 avril 2023 d\u00e9clarant d'utilit\u00e9 publique la d\u00e9rivation des eaux (article L.215-13 du code de l'environnement) - d\u00e9clarant \nd'utilit\u00e9 publique l'instauration de p\u00e9rim\u00e8tres de protection et \u00e9tablissant les servitudes y aff\u00e9rant (article L.1321-2 du code de la sant\u00e9 publique) - Captage \ndu puits \u00e0 drains rayonnants P1 \u00e0 Br\u00e9ville-sur-Mer - Forages F1, F2 de La Baleine et F3, F4 du Stand de Tir \u00e0 Br\u00e9ville-sur-Mer - Exploit\u00e9s par le Syndicat \nde\u00a0Mutualisation de l'eau\u00a0Potable du\u00a0Granvillais et de l'Avranchin (SMPGA)\nArr\u00eat\u00e9 n\u00b023-086 du 22 mai 2023 relatif \u00e0 la lutte obligatoire contre les ambroisies (Ambrosia artemisiifolia, A. trifida, A. psilostachya), la berce du Caucase \n(Heracleum mantegazzianum) et les chenilles processionnaires urticantes (Thaumetopoea pityocampa et Thaumetopoea processionea L.) dans le \nd\u00e9partement de la Manche\nArr\u00eat\u00e9 pr\u00e9fectoral n\u00b0 2023 \u2013 089 du 31 mai 2023 d\u00e9limitant le domaine public du conservatoire du littoral sur le site de la pointe du brick sur la commune de \nFermanville\nArr\u00eat\u00e9 n\u00b023-99 du 30 juin 2023 portant modification de l'arr\u00eat\u00e9 18-104-EM du 11 avril 2018 interdisant la p\u00e9n\u00e9tration et la circulation dans l'emprise de la \nretenue de Vezins\nArr\u00eat\u00e9 n\u00b0 23-096 du 19 juin 2023 portant autorisation de p\u00e9n\u00e9trer dans les propri\u00e9t\u00e9s priv\u00e9es et publiques situ\u00e9es sur le territoire des communes de \nGranville, Saint-Pair-Sur-Mer, Jullouville, Carolles, Champeaux, Saint-Jean-Le-Thomas, Dragey-Ronthon, Gen\u00eats, Vains et Marcey-Les-Gr\u00e8ves pour \nr\u00e9aliser des lev\u00e9s topographiques, des inventaires et des investigations de terrain dans le cadre de l'\u00e9tude du r\u00e9seau cyclable d'int\u00e9r\u00eat d\u00e9partemental (rcid) \nentre Avranches et Granville\nArr\u00eat\u00e9 n\u00b0 2023-22-ARS50 du 20 juillet 2023 ortant habilitation de Mme Emeline LEGER \u00e0 constater des infractions au code de la sant\u00e9 publique et au code \nde l'environnement\nArr\u00eat\u00e9 n\u00b0 2023-23-ARS50 du 20 juillet 2023 portant habilitation de Mme Laure SYFFERT \u00e0 constater des infractions au code de la sant\u00e9 publique et au \ncode de l'environnement\nArr\u00eat\u00e9 pr\u00e9fectoral n\u00b0 23-124 du 17 ao\u00fbt 2023 portant agr\u00e9ment de l'association\u00a0\u00ab\u00a0Comit\u00e9 de R\u00e9flexion, d'Information et de Lutte Anti-Nucl\u00e9aire\u00a0\u00bb (CRILAN) \nau titre de l'article L.141-1 du code de l'environnement\nArr\u00eat\u00e9 pr\u00e9fectoral n\u00b0 23-125 du 17 ao\u00fbt 2023 portant agr\u00e9ment de l'association \u00ab\u00a0MANCHE NATURE\u00a0\u00bb au titre de l'article L.141-1 du code de \nl'environnement\nArr\u00eat\u00e9 n\u00b023-117 du 2 ao\u00fbt 2023 portant autorisation de p\u00e9n\u00e9trer dans les propri\u00e9t\u00e9s priv\u00e9es et publiques situ\u00e9es sur le territoire des communes de \nHeugueville-sur-Sienne, Bricqueville-la-Blouette et Orval-sur-Sienne pour r\u00e9aliser des lev\u00e9s topographiques, des inventaires et des investigations de terrain \ndans le cadre du projet du raccordement de la voie verte de la Soulles avec le r\u00e9seau cyclable d'int\u00e9r\u00eat d\u00e9partemental au niveau du Pont de la Roque\nSCPPAT\nPage 34\n6 Sept. 03/10/23\n7 Sept. 03/10/23\n7\nSept. 03/10/23\n9\nSept. 03/10/23\n2 SP 90 Oct. 20/10/23 Non index\u00e9\n12 Oct. 07/11/23\nArr\u00eat\u00e9 n\u00b0 2023-175 du 14 novembre 2023 portant d\u00e9rogation temporaire aux p\u00e9riodes minimales d'interdiction d'\u00e9pandage 2 SP 97 Nov. 15/11/23\n13 Nov. 01/12/23\n13 Nov. 01/12/23\n14 Nov. 01/12/23\n14\nNov. 01/12/23\n3 SP 107 D\u00e9c. 15/12/23\n12 D\u00e9c. 03/01/24\n13 D\u00e9c. 03/01/24\n13 D\u00e9c. 03/01/24\n13 D\u00e9c. 03/01/24\nArr\u00eat\u00e9 n\u00b0 23-200 du 29 d\u00e9cembre 2023 interdisant la p\u00e9n\u00e9tration et la circulation sur les berges de l'Yvrande, \u00e0 la confluence avec la S\u00e9lune 13 D\u00e9c. 03/01/24\nArr\u00eat\u00e9 n\u00b023-126 du 1er septembre 2023 portant renouvellement de la composition de la commission de suivi de site pour le centre de stockage de d\u00e9chets \nultimes non dangereux d' Ecausseville, Eroudeville et le Ham\nArr\u00eat\u00e9 pr\u00e9fectoral n\u00b0 2023 \u2013 133 FG du 12 septembre 2023 d\u00e9limitant le domaine public du conservatoire du littoral sur le site de la Tourbi\u00e8re de Mathon sur \nla commune de LESSAY\nArr\u00eat\u00e9 n\u00b0 SRN-23-01012-041-002 du 20 septembre 2023 modifiant l'arr\u00eat\u00e9 n\u00b0 SRN-22-19-01012-041-001 du 21 juillet 2022 autorisant la perturbation et la \ndestruction de milieux particuliers \u00e0 certaines esp\u00e8ces animales prot\u00e9g\u00e9es dans le cadre des travaux de restauration \u00e9cologique d'une zone humide par \nORANO Cycle \u00e0 La Hague.\nArr\u00eat\u00e9 n\u00b0 23-141 DU 29 septembre 2023 portant autorisation de p\u00e9n\u00e9trer dans les propri\u00e9t\u00e9s priv\u00e9es et publiques situ\u00e9es sur le territoire des communes \nd'Avranches, de Granville, Lolif, Marcey-les-Gr\u00e8ves, Ponts, Saint-Aubin-des-Pr\u00e9aux, Saint-Jean-de-la-Haize, Saint-Pair-sur-mer, Saint-Pierre-Langers et \nSartilly-Baie-bocage pour r\u00e9aliser des lev\u00e9s topographiques et des \u00e9tudes diverses (g\u00e9otechniques, environnementales, air, bruit) dans le cadre de l'\u00e9tude \nde l'am\u00e9nagement de l'itin\u00e9raire Granville \u2013 Avranches\nArr\u00eat\u00e9 n\u00b0 2023-25-ARS50 du 18 octobre 2023 portant habilitation de M. Jean CAMUS \u00e0 constater des infractions au code de la sant\u00e9 publique et au code \nde l'environnement\nArr\u00eat\u00e9 n\u00b0 23-142 du 2 octobre 2023 portant approbation du 5\u00e8me plan de gestion de la r\u00e9serve naturelle nationale de la tourbi\u00e8re de Mathon pour la p\u00e9riode \n2023-2032\nArr\u00eat\u00e9 n\u00b023-147 du 13 octobre 2023 approuvant l'avenant n\u00b0 1 \u00e0 la convention de concession d'utilisation du domaine public maritime en dehors des ports \nportant sur l'installation, l'exploitation et la maintenance d'un c\u00e2ble \u00e9lectrique destin\u00e9 \u00e0 l'acheminement \u00e0 terre par la soci\u00e9t\u00e9 ENEDIS de l'\u00e9lectricit\u00e9 \nproduite par les hydroliennes de la soci\u00e9t\u00e9 Normandie Hydroliennes dans le Raz Blanchard\nArr\u00eat\u00e9 n\u00b023-148 du 13 octobre 2023 approuvant l'avenant n\u00b0 1 \u00e0 la convention de concession d'utilisation du domaine public maritime en dehors des ports \nportant sur l'installation, l'exploitation et la maintenance d'un c\u00e2ble \u00e9lectrique destin\u00e9 \u00e0 l'acheminement \u00e0 terre par la soci\u00e9t\u00e9 ENEDIS de l'\u00e9lectricit\u00e9 \nproduite par les hydroliennes de la soci\u00e9t\u00e9 FLOWATT dans le Raz Blanchard\nArr\u00eat\u00e9 n\u00b023-150 du 13 octobre 2023 approuvant l'avenant n\u00b0 1 \u00e0 la convention de concession d'utilisation du domaine public maritime en dehors des ports \nportant sur l'installation d'hydroliennes en mer de production d'\u00e9lectricit\u00e9, dans le Raz Blanchard au large de la commune de La Hague au b\u00e9n\u00e9fice au \nb\u00e9n\u00e9fice de la soci\u00e9t\u00e9 Normandie Hydroliennes SAS\nArr\u00eat\u00e9 n\u00b023-151 du 13 octobre 2023 approuvant l'avenant n\u00b0 1\u00e0 la convention de concession d'utilisation du domaine public maritime en dehors des ports \nportant sur l'installation d'hydroliennes en mer de production d'\u00e9lectricit\u00e9, dans le Raz Blanchard au large de la commune de La Hague au b\u00e9n\u00e9fice de la \nsoci\u00e9t\u00e9 FLOWATT SAS\nArr\u00eat\u00e9 n\u00b0 2023-189 du 14 d\u00e9cembre 2023 portant prolongation de la d\u00e9rogation temporaire aux p\u00e9riodes minimales d'interdiction d'\u00e9pandage suivant \nl'arr\u00eat\u00e9 pr\u00e9fectoral n\u00b02023-175 du 14 novembre 2023\nArr\u00eat\u00e9 pr\u00e9fectoral n\u00b023 \u2013 187 FG du 14 d\u00e9cembre 2023 d\u00e9limitant le domaine public du conservatoire du littoral sur le site de l'\u00e9tang de Gattemare sur la \ncommune de Gatteville-le-Phare\nArr\u00eat\u00e9 pr\u00e9fectoral n\u00b023-190 DB du 18 d\u00e9cembre 2023 portant publication pour l'ann\u00e9e 2024 de la liste des journaux et services de presse en ligne (SPEL) \nhabilit\u00e9s \u00e0 recevoir les annonces judiciaires et l\u00e9gales dans le d\u00e9partement de la Manche\nArr\u00eat\u00e9 n\u00b0 23-198 du 29 d\u00e9cembre 2023 abrogeant l'arr\u00eat\u00e9 pr\u00e9fectoral n\u00b0 2020-107 du 30 juillet 2020 interdisant la p\u00e9n\u00e9tration et la circulation dans l'emprise \nde la retenue du barrage de la Roche-qui-Boit pendant les travaux li\u00e9s \u00e0 sa vidange\nArr\u00eat\u00e9 n\u00b0 23-199 du 29 d\u00e9cembre 2023 portant modification de l'arr\u00eat\u00e9 18-104-EM du 11 avril 2018 modifi\u00e9 interdisant la p\u00e9n\u00e9tration et la circulation dans \nl'emprise de la retenue de Vezins\nSGC\nPage 35\npage publi\u00e9 le\nArr\u00eat\u00e9 n\u00b0 2023-079du 12 juin 2023 fixant la composition nominative de la Commission Locale d'Action Sociale (CLAS) 62 Ao\u00fbt 01/09/23\nARS\nPage 36\npage publi\u00e9 le\n2 SP 01 janv. 05/01/23\n2 SP 06 janv. 19/01/23\n2 SP 07 janv. 27/01/23\n5 janv. 01/02/23\n8 janv. 01/02/23\n8 janv. 01/02/23\n9 janv. 01/02/23\n9 janv. 01/02/23\n10 janv. 01/02/23\n10 janv. 01/02/23\n11 janv. 01/02/23\n6 fev. 01/03/23\n7 fev. 01/03/23\n8 fev. 01/03/23\n3 SP 23 mars 24/03/23\n3 SP 23 mars 24/03/23\nArr\u00eat\u00e9 du 16 mars 2023 portant modification de l'arr\u00eat\u00e9 de composition de la Commission D\u00e9partementale des Soins Psychiatriques de la Manche 2 SP 43 mai 25/05/23\n9 mai 01/06/23\n2 SP 47 juin 12/06/23\nArr\u00eat\u00e9 du 25 mai 2023 portant d\u00e9signation des associations mentionn\u00e9es au 3\u00b0) de l'article R.2123-2 du code de la sant\u00e9 publique 11 SP 47 juin 12/06/23\n12 SP 47 juin 12/06/23\n12 SP 47 juin 12/06/23\n4 SP 55 juin 30/06/23\n7 juin 10/07/23\n12 juin 10/07/23\n5 juillet 02/08/23\n7 juillet 02/08/23\n3 SP 68 Ao\u00fbt 04/08/23\nArr\u00eat\u00e9 n\u00b0 DOS/EFF/2022/107 du 5 d\u00e9cembre 2022 portant rejet de la demande de transfert de la pharmacie MEUNIER-GRUET situ\u00e9e 134 rue \npierre Brossolette, Oree de Senart 91210 DRAVEIL VERS LE CENTRE COMMERCIAL, route de Saint-L\u00f4, ZI de LA DETOURBE 50160 SAINT-\nAMAND- VILLAGES\nArr\u00eat\u00e9 du 3 janvier 2023 fixant le tour de garde des entreprises de transports sanitaires terrestres agr\u00e9\u00e9es de la Manche pour la p\u00e9riode du 1er au \n31 janvier 2023\nArr\u00eat\u00e9 n\u00b0 2023-01-ARS50 du 24 janvier 2023 portant lev\u00e9e de l'interdiction de la p\u00eache de loisirs de coquillages fouisseurs sur tout ou partie des \ncommunes de Sainte-Marie-du-Mont, Audouville-la-Hubert, Saint-Martin-de-Varreville, Saint-Germain-de-Varreville, Sainte-M\u00e8re-Eglise \n(Foucarville, Ravenoville), Saint-Marcouf, Fontenay-sur-mer, Quin\u00e9ville\nArr\u00eat\u00e9 du 5 octobre 2022 portant programmation des \u00e9valuations de la qualit\u00e9 des \u00e9tablissements et services sociaux et m\u00e9dico-sociaux relevant \ndu d) de l'article L. 313-3 du code de l'action sociale et des familles pour les ann\u00e9es 2023 \u00e0 2027, conform\u00e9ment aux articles L. 312-8 et D. 312-\n204 du m\u00eame code\nD\u00e9cision du 23 d\u00e9cembre 2022 relative \u00e0 l'actualisation du PRogramme Interd\u00e9partemental d'ACcompagnement (PRIAC) des handicaps et de la \nperte d'autonomie de Normandie 2022-2026\nD\u00e9cision modificative n\u00b01 du 29 d\u00e9cembre 2022 portant fixation de la dotation globale de fonctionnement pour l'ann\u00e9e 2022 du centre d'accueil et \nd'accompagnement \u00e0 la r\u00e9duction des risques pour les usagers de drogues - Sis 6 Rue Becquerel \u00e0 Cherbourg-en-Cotentin (50 100), g\u00e9r\u00e9 par la \nFondation Bon Sauveur -FINESS\u00a0: 50 002 354 4\nD\u00e9cision modificative n\u00b01 du 29 d\u00e9cembre 2022 portant fixation de la dotation globale de fonctionnement pour l'ann\u00e9e 2022 du centre de soins, \nd'accompagnement et de pr\u00e9vention en addictologie - Sis 10 rue de Franche Comt\u00e9 \u00e0 Cherbourg en Cotentin (50130), g\u00e9r\u00e9 par la Fondation Bon \nSauveur - FINESS\u00a0: 50 001 874 2\nD\u00e9cision modificative n\u00b01 du 29 d\u00e9cembre 2022 portant fixation de la dotation globale de fonctionnement pour l'ann\u00e9e 2022 des lits halte soins \nsant\u00e9 - Sis au 60 rue Robert Lecouvey \u00e0 Cherbourg-en-Cotentin (50100), g\u00e9r\u00e9s par l'association ADSEAM - FINESS\u00a0: 50 002 122 5\nD\u00e9cision modificative n\u00b01 du 29 d\u00e9cembre 2022 portant fixation de la dotation globale de fonctionnement pour l'ann\u00e9e 2022 des appartements de \ncoordination th\u00e9rapeutique - Sis \u00e0 Cherbourg-en-Cotentin (50100), g\u00e9r\u00e9s par l'association ADSEAM - FINESS\u00a0: 50 002 356 9\nD\u00e9cision modificative n\u00b01 du 29 d\u00e9cembre 2022 portant fixation de la dotation globale de fonctionnement pour l'ann\u00e9e 2022 des lits halte soins \nsant\u00e9 - Sis au 2 rue Cotis Capel \u00e0 Cherbourg-en-Cotentin (50100), g\u00e9r\u00e9s par l'association \"Femmes\" - FINESS\u00a0: 50 002 089 6\nD\u00e9cision modificative n\u00b01 du 29 d\u00e9cembre 2022 portant fixation de la dotation globale de fonctionnement pour l'ann\u00e9e 2022 des appartements de \ncoordination th\u00e9rapeutique - Sis \u00e0 Cherbourg-en-Cotentin (50100), g\u00e9r\u00e9s par l'association \"Femmes\" - FINESS\u00a0: 50 002 355 1\nD\u00e9cision du 7 f\u00e9vrier 2023 portant constatation de la cessation d\u00e9finitive d'activit\u00e9 de l'officine de pharmacie \u00ab Pharmacie Rigauleau \u00bb \u00e0 \nVILLEDIEU-LES-POELES-ROUFFIGNY\nD\u00e9cision du 9 f\u00e9vrier 2023 portant extension de la capacit\u00e9 du service de soutien \u00e0 l'\u00e9ducation familiale et a la scolarisation (SSEFS) de \nBretteville-sur-odon et de ses antennes g\u00e9r\u00e9 par la fondation Abbe Pierre-Fran\u00e7ois JAMET\nArr\u00eat\u00e9 du 13 f\u00e9vrier 2023 portant habilitation des Ing\u00e9nieurs du g\u00e9nie sanitaire -Ing\u00e9nieurs d'\u00e9tudes sanitaires \u2013 Techniciens sanitaires et de \ns\u00e9curit\u00e9 sanitaire de l'Agence R\u00e9gionale de Sant\u00e9 de Normandie \u00e0 la recherche et/ou constats d'infraction au titre du code de la sant\u00e9 publique\nArr\u00eat\u00e9 du 23 f\u00e9vrier 2023 portant approbation de l'avenant n\u00b010 \u00e0 la convention constitutive du groupement de coop\u00e9ration sanitaire \u00ab \nNORMAND'E-SANTE \u00bb\nArr\u00eat\u00e9 du 27 f\u00e9vrier 2023 modifiant l'arr\u00eat\u00e9 du 19 septembre 2022 fixant la liste des postes \u00e9ligibles \u00e0 la prime d'engagement de carri\u00e8re \nhospitali\u00e8re pour des sp\u00e9cialit\u00e9s dans lesquelles l'offre de soins est ou risque d'\u00eatre insuffisante\nD\u00e9cision du 17 mai 2023 portant transfert de l'officine de pharmacie BRIOVERA (NOM COMMERCIAL\u00a0: PHARMACIE DES REMPARTS) situ\u00e9e \u00e0 \nSaint-L\u00f4 (50 000)\nD\u00e9cision du 15 mai 2023 portant d\u00e9l\u00e9gation de signature du directeur g\u00e9n\u00e9ral de l'agence r\u00e9gionale de sant\u00e9 de Normandie \u00e0 compter du 15 mai \n2023\nD\u00e9cision du 30 mai 2023 portant modification de la d\u00e9cision du 4 avril 2023 portant autorisation du regroupement et transfert des officines de \npharmacies de la marine et panassie situ\u00e9es \u00e0 Cherbourg-en-Cotentin (50100)\nArr\u00eat\u00e9 du 30 mai 2023 portant composition du comite d'experts de Normandie charge de donner un avis sur une m\u00e9thode de contraception \nd\u00e9finitive (st\u00e9rilisation) des personnes incapables majeures prot\u00e9g\u00e9es\nArr\u00eat\u00e9 du 26 Juin 2023 fixant le tour de garde des entreprises de transports sanitaires terrestres agr\u00e9\u00e9es de la Manche pour la p\u00e9riode du 1er \nJuillet au 30 Septembre 2023\nArr\u00eat\u00e9 pr\u00e9fectoral du 8 juin 2023 autorisant l'extension d'un Centre Provisoire d'H\u00e9bergement (CPH) g\u00e9r\u00e9 par l'Association France Terre d'Asile \npour une capacit\u00e9 suppl\u00e9mentaire de 15 places \u00e0 Saint-L\u00f4\nArr\u00eat\u00e9 d'autorisation du 20 juin 2023 d'extension du Centre d'H\u00e9bergement et de R\u00e9insertion Sociale (CHRS) \u00ab\u00a0Louise Michel\u00a0\u00bb g\u00e9r\u00e9 par \nl'Association \u00ab\u00a0Femmes\u00a0\u00bb pour une capacit\u00e9 suppl\u00e9mentaire de deux places d'urgence d\u00e9di\u00e9es aux femmes victimes de violence\nD\u00e9cision du 19 juillet 2023 portant modification de l'autorisation du SESSAD de l'association pour l'aide aux adultes et aux jeunes en difficulte \n(AAJD)\nD\u00e9cision du 19 juillet 2023 portant d\u00e9signation des membres ayant un mandat permanent pour si\u00e9ger au sein de la commission d'information et de \ns\u00e9lection d'appel a projet m\u00e9dico-social sous comp\u00e9tence conjointe de l' ARS de Normandie et du conseil d\u00e9partemental de la Manche\nArr\u00eat\u00e9 du 28 juillet 2023 fixant le tour de garde des entreprises de transports sanitaires terrestres agr\u00e9\u00e9es de la Manche pour le secteur de Saint-\nL\u00f4 - p\u00e9riode du 31 juillet au 30 septembre 2023 pour une deuxi\u00e8me ligne de garde sur la tranche horaire de 10h a 18h du lundi au dimanche\nARS\nPage 37\n5 SP 69 Ao\u00fbt 11/08/23\n5 SP 69 Ao\u00fbt 11/08/23\n4 SP 71 Ao\u00fbt 23/08/23\n5 SP 71 Ao\u00fbt 23/08/23\n5 SP 71 Ao\u00fbt 23/08/23\n6 SP 71 Ao\u00fbt 23/08/23\n7 SP 71 Ao\u00fbt 23/08/23\n2 SP 72 Ao\u00fbt 25/08/23\n2 SP 73 Ao\u00fbt 28/08/23\n64 Ao\u00fbt 01/09/23\n65 Ao\u00fbt 01/09/23\n2 SP 79 Sept. 15/09/23\n10 Sept. 03/10/23\n2 SP 87 Oct. 13/10/23\n2 SP 91 Oct. 27/10/23\n12 Oct. 07/11/23\n13 Oct. 07/11/23\n13 Oct. 07/11/23\n13 Oct. 07/11/23\n14 Oct. 07/11/23\nD\u00e9cision du 20 avril 2023 portant renouvellement d'autorisation du d\u00e9p\u00f4t de sang au profit de la polyclinique du Cotentin 15 Nov. 01/12/23\n16 Nov. 01/12/23\n3 SP 104 D\u00e9c. 08/12/23\n4 SP 109 D\u00e9c. 22/12/23\n15 D\u00e9c. 03/01/24\n19 D\u00e9c. 03/01/24\n19 D\u00e9c. 03/01/24\n20 D\u00e9c. 03/01/24\n20 D\u00e9c. 03/01/24\n Arr\u00eat\u00e9 N\u00b0 10 du 28 juillet 2023 portant modification de l'arr\u00eat\u00e9 du 2 juin 2010 relatif \u00e0 la composition du conseil de surveillance du centre \nhospitalier de SAINT-HILAIRE-DU-HARCOUET\n  Arr\u00eat\u00e9 N\u00b0 21 du 28 juillet 2023 portant modification de l'arr\u00eat\u00e9 du 2 juin 2010 relatif \u00e0 la composition du conseil de surveillance du centre \nhospitalier de COUTANCES\nD\u00e9cision du 2 ao\u00fbt 2023 portant cr\u00e9ation de 8 places d'appartements de coordination th\u00e9rapeutique (ACT) hors les murs au sein de \nl'\u00e9tablissement d' ACT g\u00e9r\u00e9 par l'association FEMMES (FINESS\u00a0: 50 002 355 1)\nD\u00e9cision du 2 ao\u00fbt 2023 portant cr\u00e9ation de 10 places d'appartements de coordination th\u00e9rapeutique (ACT) hors les murs au sein de \nl'\u00e9tablissement d' ACT g\u00e9r\u00e9 par l'association ADSEAM (FINESS\u00a0: 50 002 356 9)\nD\u00e9cision du 2 ao\u00fbt 2023 portant d\u00e9ploiement d'une activit\u00e9 de lits halte soins sant\u00e9 (LHSS) mobiles au sein de l'\u00e9tablissement de LHSS g\u00e9r\u00e9 par \nl'association FEMMES (FINESS\u00a0: 50 002 089 6)\nD\u00e9cision du 2 ao\u00fbt 2023 portant d\u00e9ploiement d'une activit\u00e9 de lits halte soins sant\u00e9 (LHSS) mobiles au sein de l'\u00e9tablissement de LHSS g\u00e9r\u00e9 par \nl'association ADSEAM (FINESS\u00a0: 50 002 122 5)\nD\u00e9cision du 16 ao\u00fbt 2023 portant d\u00e9l\u00e9gation de signature du directeur g\u00e9n\u00e9ral de l'agence r\u00e9gionale de sant\u00e9 de Normandie \u00e0 compter du 16 ao\u00fbt \n2023\nD\u00e9cision du 24 ao\u00fbt 2023 portant subd\u00e9l\u00e9gation de signature du Directeur g\u00e9n\u00e9ral de l'agence r\u00e9gionale de sant\u00e9 de Normandie pour conduire les \nentretiens d'\u00e9valuation de certains personnels de direction des \u00e9tablissements publics de sant\u00e9 et des \u00e9tablissements sociaux et m\u00e9dico-sociaux \npublics au titre de l'ann\u00e9e 2023\nD\u00e9cision du 25 ao\u00fbt 2023 pronon\u00e7ant suspension des autorisations de chirurgie en hospitalisation compl\u00e8te, d'anesth\u00e9sie et chirurgie ambulatoire \net de traitement du cancer par la pratique th\u00e9rapeutique de la chirurgie, d\u00e9tenues par l'h\u00f4pital priv\u00e9 centre manche - site de SAINT-L\u00d4\nD\u00e9cision du 11 ao\u00fbt 2023 portant constatation de la cessation d\u00e9finitive d'activit\u00e9 de l'officine de pharmacie \u00ab PHARMACIE LEGRAS \u00bb \u00e0 \nAvranches\nArr\u00eat\u00e9 tripartite du 18 ao\u00fbt 2023 fixant la liste et le mode de saisine des Personnes qualifi\u00e9es pr\u00e9vue par la loi du 2 janvier 2002 r\u00e9novant l'Action \nsociale et m\u00e9dico-sociale\nD\u00e9cision du 6 septembre 2023 pronon\u00e7ant la lev\u00e9e de suspension des autorisations de chirurgie en hospitalisation compl\u00e8te, d'anesth\u00e9sie et \nchirurgie ambulatoire et de traitement du cancer par la pratique th\u00e9rapeutique de la chirurgie, d\u00e9tenues par l'h\u00f4pital priv\u00e9 Centre Manche - Site de \nSaint-L\u00f4\nD\u00e9cision du 21 septembre 2023 portant placement sous administration provisoire de l'\u00e9tablissement d'h\u00e9bergement pour personnes \u00e2g\u00e9es \nd\u00e9pendantes \u00ab\u00a0LES JARDINS D'HENRIETTE\u00a0\u00bb sis 23 PLACE DE LA GARE \u00e0 JULLOUVILLE (50610)\nArr\u00eat\u00e9 du 28 septembre 2024 fixant le tour de garde des entreprises de transports sanitaires terrestres agr\u00e9\u00e9es de la Manche pour la p\u00e9riode du \n1er octobre au 31 octobre 2023\nArr\u00eat\u00e9 du 16 octobre 2023 fixant le tour de garde des entreprises de transports sanitaires terrestres agr\u00e9\u00e9es de la Manche pour la p\u00e9riode du 1er \nnovembre au 31 d\u00e9cembre 2023\nArr\u00eat\u00e9 du 29 septembre 2023 modifiant le cahier des charges pour l'organisation de la garde et de la r\u00e9ponse \u00e0 la demande de transports \nsanitaires urgents dans le d\u00e9partement de la Manche\nD\u00e9cision du 13 octobre 2023 portant abrogation de l'autorisation de commerce \u00e9lectronique de m\u00e9dicaments et de cr\u00e9ation d'un site internet de \ncommerce \u00e9lectronique de m\u00e9dicaments de la SELARL \u00ab\u00a0pharmacie WELMANE RAGAIN \u00bb a Granville (50400)\nD\u00e9cision du 19 octobre 2023 portant autorisation de transfert d'une officine de pharmacie - PHARMACIE \u00ab\u00a0LE GRAND LARGE \u00bb situ\u00e9e 9-11 rue \ndes portes \u00e0 CHERBOURG EN COTENTIN (50100) vers le 39 RUE DES PORTES \u00e0 CHERBOURG EN COTENTIN (50100)\nD\u00e9cision du 19 octobre 2023 portant autorisation de transfert d'une officine de pharmacie - pharmacie capelle situ\u00e9e 32 place du march\u00e9 - \nLingreville \u00e0 Tourneville sur mer (50660) vers le 16 rue des \u00e9coles - Lingreville \u00e0 Tourneville sur mer (50660)\u00a0\nArr\u00eat\u00e9 du 27 octobre 2023 portant approbation de l'avenant n\u00b011 a la convention constitutive du groupement de coop\u00e9ration sanitaire \u00ab \nNORMAND'E-SANTE \u00bb\nArr\u00eat\u00e9 du 24 novembre 2023 portant adoption du dispositif d'organisation de la r\u00e9ponse du syst\u00e8me de sant\u00e9 aux situations sanitaires \nexceptionnelles\nD\u00e9cision du 7 d\u00e9cembre 2023 portant d\u00e9l\u00e9gation de signature du directeur g\u00e9n\u00e9ral de l'agence r\u00e9gionale de sant\u00e9 de Normandie \u00e0 compter du 07 \nd\u00e9cembre 2023\nD\u00e9cision du 2 d\u00e9cembre 2023 portant suspension de l'activit\u00e9 de st\u00e9rilisation de la pharmacie \u00e0 usage int\u00e9rieur au sein l'h\u00f4pital priv\u00e9 centre \nManche, site de Coutances \nArr\u00eat\u00e9 du 1er d\u00e9cembre 2023 modifiant l'arr\u00eat\u00e9 du 6 octobre 2023 fixant la liste des postes \u00e9ligibles \u00e0 la prime d'engagement de carri\u00e8re \nhospitali\u00e8re pour des sp\u00e9cialit\u00e9s dans lesquelles l'offre de soins est ou risque d'\u00eatre insuffisante\nD\u00e9cision du 4 d\u00e9cembre 2023 portant autorisation de transfert d'une officine de pharmacie \u00ab\u00a0PHARMACIE DU MARAIS \u00bb situ\u00e9e 100 rue Holgate \u00e0 \nCARENTAN LES MARAIS (50500) vers le 13 A rue de la guinguette lieu dit TRIPIEVILLE \u00e0 CARENTAN LES MARAIS (50500)\nD\u00e9cision du 14 d\u00e9cembre 2023 portant renouvellement d'habilitation de l'Union de Caisses \u2013 Institut Interr\u00e9gional pour la sant\u00e9 (UC-IRSA) en tant \nque centre gratuit d'information, de d\u00e9pistage et de diagnostic des infections par les virus de l'immunod\u00e9ficience humaine et des h\u00e9patites virales \net des infections sexuellement transmissibles (CeGIDD) de Cherbourg-en-Cotentin et de ses antennes de Saint-L\u00f4 et Avranches\nD\u00e9cision du 20 d\u00e9cembre 2023 portant constatation de la cessation d\u00e9finitive d'activit\u00e9 de l'officine de pharmacie SELARL \u00ab PHARMACIE DES \nCOUPLETS \u00bb \u00e0 CHERBOURG-EN-COTENTIN\nArr\u00eat\u00e9 du 27 d\u00e9cembre fixant le tour de garde des entreprises de transports sanitaires terrestres agr\u00e9\u00e9es de la Manche pour la p\u00e9riode du 1er \njanvier au 31 mars 2024 pour les secteurs de CHERBOURG, VALOGNES, LES PIEUX, CARENTAN, LA HAYE, SAINT LO, COUTANCES, du 1er \njanvier au 31 janvier 2024 pour le secteur de GRANVILLE, du 1er janvier au 29 f\u00e9vrier 2024 pour le secteur d'AVRANCHES, du 1er janvier au 31 \nmars 2024 avec la couverture nocturne de 19h a 7h du lundi au vendredi, pour le secteur de ST HILAIRE DU HARCOUET\nDDETS\nPage 38\npage n\u00b0 mois date publi\n3 SP 01 janv. 05/01/23\nAppel \u00e0 candidature du 3 janvier 2023- Composition de la commission d'information et de s\u00e9lection d'appels \u00e0 projets sociaux 3 SP 01 janv. 05/01/23\n4 SP 01 janv. 05/01/23\nArr\u00eat\u00e9 modificatif n\u00b0 6 du 21 d\u00e9cembre 2022 fixant la composition de la Commission D\u00e9partementale de l'Emploi et de l'Insertion (CDEI) 2 SP 02 janv. 06/01/23\nArr\u00eat\u00e9 du 28 d\u00e9cembre 2022 relatif a la fermeture hebdomadaire des \u00e9tablissements d'ameublement pour l'ann\u00e9e 2023 2 SP 02 janv. 06/01/23\nArr\u00eat\u00e9 pr\u00e9fectoral du 16 janvier 2023 modifiant l'arr\u00eat\u00e9 du 19 f\u00e9vrier 2021 fixant la liste des conseillers du salari\u00e9 de la Manche 11 janv. 01/02/23\n11 janv. 01/02/23\n2 SP 11 fev. 13/02/23\nArr\u00eat\u00e9 modificatif du 10 f\u00e9vrier 2023 portant composition de la commission de m\u00e9diation 2 SP 12 fev. 14/02/23\n2 SP 14 fev. 17/02/23\nAppel \u00e0 candidature n\u00b02 du 15 f\u00e9vrier 2023 - Composition de la commission d'information et de s\u00e9lection d'appels \u00e0 projets sociaux 3 SP 14 fev. 17/02/23\n9 fev. 01/03/23\n2 SP 18 mars 03/03/23\n2 SP 21 mars 14/03/23\n2 SP 21 mars 14/03/23\n7 mars 03/04/23\nArr\u00eat\u00e9 du 13 mars 2023 portant composition du conseil m\u00e9dical relatif aux agents des collectivit\u00e9s territoriales 8 mars 03/04/23\n11 mars 03/04/23\n17 avril 05/05/23\nArr\u00eat\u00e9 modificatif n\u00b0 7 du 17 avril 2023 fixant la composition de la Commission D\u00e9partementale de l'Emploi et de l'Insertion (CDEI) 17 avril 05/05/23\n2 SP 42 mai 24/05/23\n2 SP 48 juin 15/06/23\n Arr\u00eat\u00e9 du 7 juillet 2023 portant d\u00e9rogation au repos dominical de certains salari\u00e9s de la Manche pour le dimanche 9 juillet 2023 3 SP 60 juillet 07/07/23\n5 SP 68 Ao\u00fbt 04/08/23\n17 SP 71 Ao\u00fbt 23/08/23\nArr\u00eat\u00e9 modificatif du 9 ao\u00fbt 2023 portant composition de la commission de m\u00e9diation 4 SP 72 Ao\u00fbt 25/08/23\nArr\u00eat\u00e9 du 24 ao\u00fbt 2023 donnant subd\u00e9l\u00e9gation de signature du directeur d\u00e9partemental de l'emploi, du travail et des solidarit\u00e9s de la Manche 4 SP 72 Ao\u00fbt 25/08/23\n7 SP 72 Ao\u00fbt 25/08/23\nArr\u00eat\u00e9 du 1er septembre 2023 relatif au renouvellement des membres de la commission des droits et de l'autonomie des personnes handicap\u00e9es 2 SP 75 Sept. 04/09/23\n2 SP 80 Sept. 19/09/23\n2 SP 81 Sept. 21/09/23\n2 SP 81 Sept. 21/09/23\n3 SP 85 Sept. 03/10/23\nArr\u00eat\u00e9 du 3 octobre 2023 donnant subd\u00e9l\u00e9gation de signature du directeur d\u00e9partemental de l'emploi, du travail et des solidarit\u00e9s de la Manche 9 SP 85 Sept. 03/10/23\n12 SP 85 Sept. 03/10/23\nArr\u00eat\u00e9 du 9 octobre 2023 portant agr\u00e9ment de l'APEI Centre-Manche pour des activit\u00e9s d'interm\u00e9diation locative et de gestion locative sociale 8 SP 87 Oct. 13/10/23\nD\u00e9cision du 3 janvier 2023 d\u00e9signant l'instructeur des projets sociaux d\u00e9pos\u00e9s dans le cadre des appels \u00e0 projets et des campagnes d'ouverture \nde places 2023\nAvis d'appel \u00e0 projets du 3 janvier 2023 pour la cr\u00e9ation de 15 places de centre provisoire d'h\u00e9bergement (CPH) en 2023 dans le d\u00e9partement de \nla Manche\nArr\u00eat\u00e9 du 1er f\u00e9vrier 2023 du donnant subd\u00e9l\u00e9gation de signature du directeur d\u00e9partemental de l'emploi, du travail et des solidarit\u00e9s de la \nManche\nArr\u00eat\u00e9 du 8 f\u00e9vrier 2023 fixant la liste des mandataires judiciaires \u00e0 la protection des majeurs et d\u00e9l\u00e9gu\u00e9s aux prestations familiales pour le \nd\u00e9partement de la Manche\nArr\u00eat\u00e9 n\u00b02023-018 du 14 f\u00e9vrier 2023 portant d\u00e9signation des membres du comit\u00e9 social de la DDETS de la Manche et de sa formation \nsp\u00e9cialis\u00e9e\nArr\u00eat\u00e9 du 23 f\u00e9vrier 2023 portant agr\u00e9ment de l'Association d'Insertion Sociale de Granville pour des activit\u00e9s d'interm\u00e9diation locative et de \ngestion locative sociale\nArr\u00eat\u00e9 du 1er mars 2023 modificatif \u00e0 l'arr\u00eat\u00e9 du 5 septembre 2019 relatif au renouvellement des membres de la commission des droits et de \nl'autonomie des personnes handicap\u00e9es\nArr\u00eat\u00e9 du 13 mars 2023 portant nomination des membres permanents de la commission d'information et de s\u00e9lection d'appel \u00e0 projet social au \ntitre des activit\u00e9s autoris\u00e9es par le Pr\u00e9fet\nArr\u00eat\u00e9 du 13 mars 2023 d\u00e9signant les membres non permanents de la commission d'information et de s\u00e9lection d'appel \u00e0 projets pour l'appel \u00e0 \nprojet portant sur la cr\u00e9ation de 15 places de Centre Provisoire d'H\u00e9bergement (CPH)\nArr\u00eat\u00e9 du 9 mars 2023 fixant la composition de l'observatoire d'analyse et d'appui au dialogue social et \u00e0 la n\u00e9gociation du d\u00e9partement de la \nManche\nArr\u00eat\u00e9 du 30 mars 2023 autorisant la cr\u00e9ation d'un Centre d'Accueil pour Demandeurs d'Asile, g\u00e9r\u00e9 par l'association COALLIA, pour une capacit\u00e9 \nde 80 places\nAvis du 13 avril 2023 de la commission d'information et de s\u00e9lection d'appel \u00e0 projets sociaux portant classement des projets re\u00e7us dans le cadre \nde l'appel \u00e0 projets publi\u00e9 en vue de la cr\u00e9ation de 15 places de Centre Provisoire d'H\u00e9bergement (CPH)\nArr\u00eat\u00e9 du 22 mai 2023 donnant subd\u00e9l\u00e9gation de signature du directeur d\u00e9partemental de l'emploi, du travail et des solidarit\u00e9s de la Manche en \nmati\u00e8re de droit du travail\nArr\u00eat\u00e9 du 14 juin 2023 donnant subd\u00e9l\u00e9gation de signature du directeur d\u00e9partemental de l'emploi, du travail et des solidarit\u00e9s pour \nl'ordonnancement secondaire des recettes et des d\u00e9penses imput\u00e9es sur les programmes cit\u00e9s \u00e0 l'article 1 du pr\u00e9sent arr\u00eat\u00e9 du budget de l'Etat\nArr\u00eat\u00e9 du 28 juillet 2023 fixant la liste des mandataires judiciaires \u00e0 la protection des majeurs et d\u00e9l\u00e9gu\u00e9s aux prestations familiales pour le \nd\u00e9partement de la Manche\nArr\u00eat\u00e9 du 2 ao\u00fbt 2023 relatif \u00e0 la d\u00e9claration de la convention constitutive du groupement de coop\u00e9ration sociale et m\u00e9dico-sociale (GCSMS) \n\u00ab\u00a0Plateforme de Service M\u00e9dico-Social du Sud Manche\u00bb\nArr\u00eat\u00e9 du 24 ao\u00fbt 2023 donnant subd\u00e9l\u00e9gation de signature du directeur d\u00e9partemental de l'emploi, du travail et des solidarit\u00e9s pour \nl'ordonnancement secondaire des recettes et des d\u00e9penses imput\u00e9es sur les programmes cit\u00e9s \u00e0 l'article 1 du pr\u00e9sent arr\u00eat\u00e9 du budget de l'Etat\nArr\u00eat\u00e9 du 13 septembre 2023 d\u00e9signant le comptable du groupement de coop\u00e9ration sociale et m\u00e9dico-sociale (GCSMS) \u00abInter \u00e9tablissement du \nSud Manche\u00bb\nArr\u00eat\u00e9 du 20 septembre 2023 portant inscription d'un pr\u00e9pos\u00e9 d'\u00e9tablissement, en qualit\u00e9 de mandataire judiciaire \u00e0 la protection des majeurs \npour le centre hospitalier de l'Estran, sur la liste mentionn\u00e9e \u00e0 l'article L.471-2 du code de l'action sociale et des familles\nArr\u00eat\u00e9 du 20 septembre 2023 fixant la liste des mandataires judiciaires \u00e0 la protection des majeurs et d\u00e9l\u00e9gu\u00e9s aux prestations familiales pour le \nd\u00e9partement de la Manche\nArr\u00eat\u00e9 du 2 octobre 2023 donnant subd\u00e9l\u00e9gation de signature du directeur d\u00e9partemental de l'emploi, du travail et des solidarit\u00e9s de la Manche en \nmati\u00e8re de droit du travail\nArr\u00eat\u00e9 du 3 octobre 2023 donnant subd\u00e9l\u00e9gation de signature du directeur d\u00e9partemental de l'emploi, du travail et des solidarit\u00e9s pour \nl'ordonnancement secondaire des recettes et des d\u00e9penses imput\u00e9es sur les programmes cit\u00e9s \u00e0 l'article 1 du pr\u00e9sent arr\u00eat\u00e9 du budget de l'Etat\nDDETS\nPage 39\n2 SP 89 Oct. 20/10/23\nArr\u00eat\u00e9 du 20 octobre 2023 portant composition du conseil m\u00e9dical relatif aux agents des collectivit\u00e9s territoriales 2 SP 92 Oct. 27/10/23 Non index\u00e9\n14 Oct. 07/11/23\nArr\u00eat\u00e9 modificatif du 18 octobre 2023 portant composition de la commission de m\u00e9diation 14 Oct. 07/11/23\n2 SP 99 Nov. 20/11/23\n2 SP 106 D\u00e9c. 12/12/23\n4 SP 106 D\u00e9c. 12/12/23\nD\u00e9cision du 18 d\u00e9cembre 2023 portant d\u00e9rogation au repos dominical des salari\u00e9s de la soci\u00e9t\u00e9 CHLOMON Sarl (PICAUVILLE) 2 SP 108 D\u00e9c. 20/12/23\n45 D\u00e9c. 03/01/24\n45 D\u00e9c. 03/01/24\nArr\u00eat\u00e9 du 19 octobre 2023 portant avis d'appel \u00e0 candidatures aux fins d'agr\u00e9ment en qualit\u00e9 de mandataire judiciaire \u00e0 la protection des majeurs \nexer\u00e7ant \u00e0 titre individuel pour le d\u00e9partement de la Manche\nArr\u00eat\u00e9 modificatif du 13 octobre 2023 portant d\u00e9signation des membres du comit\u00e9 social d'administration de la DDETS de la Manche et de sa \nformation sp\u00e9cialis\u00e9e\nArr\u00eat\u00e9 du 14 novembre 2023 modifiant l'arr\u00eat\u00e9 du 4 novembre 2022, portant nomination des membres du comit\u00e9 d\u00e9partemental des services aux \nfamilles\nArr\u00eat\u00e9 du 11 d\u00e9cembre 2023 donnant subd\u00e9l\u00e9gation de signature du directeur d\u00e9partemental de l'emploi, du travail et des solidarit\u00e9s de la \nManche\nArr\u00eat\u00e9 du 11 d\u00e9cembre 2023 donnant subd\u00e9l\u00e9gation de signature du directeur d\u00e9partemental de l'emploi, du travail et des solidarit\u00e9s pour \nl'ordonnancement secondaire des recettes et des d\u00e9penses imput\u00e9es sur les programmes cit\u00e9s \u00e0 l'article 1 du pr\u00e9sent arr\u00eat\u00e9 du budget de l'Etat\nArr\u00eat\u00e9 du 3 d\u00e9cembre 2023 reconnaissant la qualit\u00e9 d'Entreprise Solidaire d'Utilit\u00e9 Sociale - Association \u00ab\u00a0ACCES CITE \u00e0 SAINT-LO\nArr\u00eat\u00e9 du 3 d\u00e9cembre 2023 reconnaissant la qualit\u00e9 d'Entreprise Solidaire d'Utilit\u00e9 Sociale - \u00ab\u00a0FIL ET TERRE \u00bb \u00e0 CHERBOURG-EN-COTENTIN\nDREETS\nPage 40\npage n\u00b0 mois date publi\nD\u00e9cision du 31 janvier 2023 portant subd\u00e9l\u00e9gation de signature en mati\u00e8re de m\u00e9trologie l\u00e9gale 2 SP 10 fev. 09/02/23\n3 SP 24 mars 30/03/23\n9 SP 24 mars 30/03/23\nD\u00e9cision du 22 ao\u00fbt 2023 portant subd\u00e9l\u00e9gation de signature en mati\u00e8re de m\u00e9trologie l\u00e9gale 17 SP 71 Ao\u00fbt 23/08/23\n8 SP 87 Oct. 13/10/23\nArr\u00eat\u00e9 du 10 mars 2023 relatif \u00e0 la localisation et \u00e0 la d\u00e9limitation territoriale des unit\u00e9s de contr\u00f4le et des sections d'inspection du travail au sein \nde la direction d\u00e9partementale de l'emploi, du travail et des solidarit\u00e9s de la Manche\nD\u00e9cision du 29 mars 2023 portant affectation des responsables d'unit\u00e9 de contr\u00f4le et des agents de contr\u00f4le et organisation de leur int\u00e9rim dans \nles unit\u00e9s de contr\u00f4le de la direction d\u00e9partementale de l'emploi, du travail et des solidarit\u00e9s de la Manche\nD\u00e9cision du 5 octobre 2023 portant affectation des responsables d'unit\u00e9 de contr\u00f4le et des agents de contr\u00f4le et organisation de leur int\u00e9rim dans \nles unit\u00e9s de contr\u00f4le de la direction d\u00e9partementale de l'emploi, du travail et des solidarit\u00e9s de la Manche\nDDPP\nPage 41\npage num\u00e9ro mois publi\u00e9 le\nArr\u00eat\u00e9 n\u00b0DDPP/2022-490 du 28 d\u00e9cembre 2022 d\u00e9terminant une zone r\u00e9glement\u00e9e suite \u00e0 une d\u00e9claration d'infection d'influenza aviaire hautement pathog\u00e8ne 2 SP 02 janv. 06/01/23\n2 SP 07 janv. 27/01/23\nArr\u00eat\u00e9 pr\u00e9fectoral n\u00b0DDPP/2023-004 du 3 janvier 2023 attribuant l'habilitation sanitaire \u00e0 Monsieur L\u00e9onor BRUNEAU 14 janv. 01/02/23\nArr\u00eat\u00e9 pr\u00e9fectoral n\u00b0DDPP/2023-005 du 3 janvier 2023 attribuant l'habilitation sanitaire \u00e0 Madame Morgane LELIGOIS 14 janv. 01/02/23\n14 janv. 01/02/23\nArr\u00eat\u00e9 pr\u00e9fectoral N\u00b0DDPP/2023-037 du 24 janvier 2023 attribuant l'habilitation sanitaire \u00e0 Monsieur Damien POTIEZ 15 janv. 01/02/23\nArr\u00eat\u00e9 n\u00b02023-019 du 14 f\u00e9vrier 2023 portant d\u00e9signation des membres du comit\u00e9 social de la DDPP de la Manche et de sa formation sp\u00e9cialis\u00e9e 4 SP 14 fev. 17/02/23\nArr\u00eat\u00e9 pr\u00e9fectoral n\u00b0DDPP/2023-095 du 15 f\u00e9vrier 2023 attribuant l'habilitation sanitaire \u00e0 Madame Alice ASSEMAT 9 fev. 01/03/23\n9 fev. 01/03/23\nArr\u00eat\u00e9 pr\u00e9fectoral n\u00b0DDPP/2023-154 du 13 mars 2023 , attribuant l'habilitation sanitaire \u00e0 Madame Emma LECOSTEY 11 mars 03/04/23\n8 SP 42 mai 24/05/23\n10 SP 42 mai 24/05/23\nArr\u00eat\u00e9 pr\u00e9fectoral n\u00b0DDPP/2023-249 du 31 mai 2023 attribuant l'habilitation sanitaire \u00e0 Madame M\u00e9lin\u00e9e BR\u00c9GAND 17 juin 10/07/23\n2 SP 61 juillet 13/07/23\nArr\u00eat\u00e9 pr\u00e9fectoral n\u00b0DDPP/2023-276 du 5 juillet 2023 attribuant l'habilitation sanitaire \u00e0 Monsieur L\u00e9onor BRUNEAU 8 juillet 02/08/23\nArr\u00eat\u00e9 pr\u00e9fectoral n\u00b0 DDPP/2023-279 du 6 juillet 2023 abrogeant l'arr\u00eat\u00e9 d'attribution de l'habilitation sanitaire \u00e0 Madame Chlo\u00e9 HERFROY 9 juillet 02/08/23\nArr\u00eat\u00e9 pr\u00e9fectoral n\u00b0 DDPP/2023-280 du 6 juillet 2023 abrogeant l'arr\u00eat\u00e9 d'attribution de l'habilitation sanitaire \u00e0 Monsieur Hadrien MANET 9 juillet 02/08/23\nArr\u00eat\u00e9 pr\u00e9fectoral n\u00b0 DDPP/2023-282 du 6 juillet 2023 abrogeant l'arr\u00eat\u00e9 d'attribution de l'habilitation sanitaire \u00e0 Monsieur Denis LEROUX 9 juillet 02/08/23\nArr\u00eat\u00e9 pr\u00e9fectoral n\u00b0 DDPP/2023-283 du 6 juillet 2023 abrogeant l'arr\u00eat\u00e9 d'attribution de l'habilitation sanitaire \u00e0 Madame Suzanne CLERGUE 9 juillet 02/08/23\nArr\u00eat\u00e9 pr\u00e9fectoral n\u00b0 DDPP/2023-284 du 6 juillet 2023 abrogeant l'arr\u00eat\u00e9 d'attribution de l'habilitation sanitaire \u00e0 Madame Jacqueline DELAVENNE 9 juillet 02/08/23\nArr\u00eat\u00e9 pr\u00e9fectoral n\u00b0 DDPP/2023-285 du 6 juillet 2023 abrogeant l'arr\u00eat\u00e9 d'attribution de l'habilitation sanitaire \u00e0 Madame Sophie RESPAUT 9 juillet 02/08/23\nArr\u00eat\u00e9 pr\u00e9fectoral n\u00b0DDPP/2023-286 du 6 juillet 2023 attribuant l'habilitation sanitaire \u00e0 Monsieur Thomas BROWN 10 juillet 02/08/23\nArr\u00eat\u00e9 pr\u00e9fectoral n\u00b0 DDPP/2023-295 du 17 juillet 2023 abrogeant l'arr\u00eat\u00e9 d'attribution de l'habilitation sanitaire \u00e0 Monsieur Pierrick GUENNOC 10 juillet 02/08/23\nArr\u00eat\u00e9 pr\u00e9fectoral n\u00b0DDPP/2023-297 du 18 juillet 2023 attribuant l'habilitation sanitaire \u00e0 Madame Laur\u00e8ne DUPONT 10 juillet 02/08/23\nArr\u00eat\u00e9 pr\u00e9fectoral n\u00b0DDPP/2023-298 du 19 juillet 2023 attribuant l'habilitation sanitaire \u00e0 Monsieur Micha\u00ebl GODENIR 10 juillet 02/08/23\nArr\u00eat\u00e9 pr\u00e9fectoral n\u00b0DDPP/2023-301 du 20 juillet 2023 attribuant l'habilitation sanitaire \u00e0 Monsieur Roel VAN GRINSVEN 11 juillet 02/08/23\n55 SP 74 Ao\u00fbt 31/08/23\nArr\u00eat\u00e9 pr\u00e9fectoral n\u00b0DDPP/2023-333 du 29 ao\u00fbt 2023 attribuant l'habilitation sanitaire \u00e0 Monsieur Cl\u00e9ment LEBRONNEC 65 Ao\u00fbt 01/09/23\nArr\u00eat\u00e9 pr\u00e9fectoral n\u00b0DDPP/2023-335 du 29 ao\u00fbt 2023 attribuant l'habilitation sanitaire \u00e0 Monsieur Patrice NAZAC 65 Ao\u00fbt 01/09/23\nArr\u00eat\u00e9 pr\u00e9fectoral n\u00b0DDPP/2023-337 du 29 ao\u00fbt 2023 attribuant l'habilitation sanitaire \u00e0 Madame Fany VAN DER VORST 66 Ao\u00fbt 01/09/23\n2 SP 77 Sept. 08/09/23\nArr\u00eat\u00e9 pr\u00e9fectoral n\u00b0 DDPP/2023-344 du 1er septembre 2023 abrogeant l'arr\u00eat\u00e9 d'attribution de l'habilitation sanitaire \u00e0 Madame Axelle POIRET-PAYA 11 Sept. 03/10/23\nArr\u00eat\u00e9 pr\u00e9fectoral n\u00b0DDPP/2023-357 du 7 septembre 2023 attribuant l'habilitation sanitaire \u00e0 Madame Karine ZIMMERMANN 11 Sept. 03/10/23\nArr\u00eat\u00e9 pr\u00e9fectoral N\u00b0DDPP/2023-384 du 29 septembre 2023 attribuant l'habilitation sanitaire \u00e0 Monsieur Martin DESMOTTES 12 Sept. 03/10/23\n9 SP 89 Oct. 20/10/23\nArr\u00eat\u00e9 pr\u00e9fectoral n\u00b0DDPP/2023-384 du 29 septembre 2023 attribuant l'habilitation sanitaire \u00e0 Monsieur Martin DESMOTTES 15 Oct. 07/11/23\nArr\u00eat\u00e9 pr\u00e9fectoral n\u00b0 DDPP/2023-401 du 10 octobre 2023 abrogeant l'arr\u00eat\u00e9 d'attribution de l'habilitation sanitaire \u00e0 Monsieur T\u00e9ri BASTIEN 15 Oct. 07/11/23\nArr\u00eat\u00e9 pr\u00e9fectoral n\u00b0DDPP/2023-402 du 11 octobre 2023 attribuant l'habilitation sanitaire \u00e0 Monsieur Simon GAUDOT 15 Oct. 07/11/23\nArr\u00eat\u00e9 pr\u00e9fectoral n\u00b0DDPP/2023-405 du 11 octobre 2023 attribuant l'habilitation sanitaire \u00e0 Madame Justine GUIHARD 15 Oct. 07/11/23\n16 Oct. 07/11/23\nArr\u00eat\u00e9 pr\u00e9fectoral n\u00b0DDPP/2023-408 du 20 octobre 2023 attribuant l'habilitation sanitaire \u00e0 Madame Anne Sophie ROSIER 22 Oct. 07/11/23\nArr\u00eat\u00e9 pr\u00e9fectoral n\u00b0DDPP/2023-450 du 30 novembre 2023 attribuant l'habilitation sanitaire \u00e0 Madame Mathilde PARFAIT 16 Nov. 01/12/23\nArr\u00eat\u00e9 pr\u00e9fectoral DDPP n\u00b02023-038 du 24 janvier 2023 portant subd\u00e9l\u00e9gation de signature de M. Rapha\u00ebl FAYAZ-POUR, directeur d\u00e9partemental de la protection \ndes populations, en mati\u00e8re d'administration g\u00e9n\u00e9rale\nArr\u00eat\u00e9 pr\u00e9fectoral n\u00b0DDPP/2022-475 du 3 janvier 2023 fixant les mesures techniques relatives \u00e0 la prophylaxie de la brucellose ovine et caprine et \u00e0 la surveillance de \nla tuberculose des caprins dans le d\u00e9partement de la Manche\nArr\u00eat\u00e9 n\u00b02023-124 du 28 f\u00e9vrier 2023 portant d\u00e9signation des membres du comit\u00e9 social d'administration de la direction d\u00e9partementale de la protection des \npopulations de la Manche et de sa formation sp\u00e9cialis\u00e9e\nArr\u00eat\u00e9 pr\u00e9fectoral DDPP n\u00b02023-236 du 4 mai 2023 portant subd\u00e9l\u00e9gation de signature de M. Rapha\u00ebl FAYAZ-POUR, directeur d\u00e9partemental de la protection des \npopulations, en mati\u00e8re d'administration g\u00e9n\u00e9rale\nArr\u00eat\u00e9 pr\u00e9fectoral DDPP n\u00b02023-238 du 4 mai 2023 portant subd\u00e9l\u00e9gation de signature de M. Rapha\u00ebl FAYAZ-POUR, directeur d\u00e9partemental de la protection des \npopulations, en mati\u00e8re d'ordonnancement secondaire\nArr\u00eat\u00e9 pr\u00e9fectoral n\u00b0 2023-293 du 13 juillet 2023 modifiant l'arr\u00eat\u00e9 pr\u00e9fectoral n\u00b0229-05-SV du 10 novembre 2005 d\u00e9signant les experts charg\u00e9s de l'estimation des \nanimaux abattus sur ordre de l'administration\nArr\u00eat\u00e9 pr\u00e9fectoral DDPP n\u00b02023-343 du 31 ao\u00fbt 2023 portant subd\u00e9l\u00e9gation de signature de M. Rapha\u00ebl FAYAZ-POUR, directeur d\u00e9partemental de la protection des \npopulations, en mati\u00e8re d'ordonnancement secondaire des recettes et des d\u00e9penses imput\u00e9es sur les programmes 206, 134 et 181\nArr\u00eat\u00e9 pr\u00e9fectoral DDPP n\u00b02023 -356 du 6 septembre 2023 portant subd\u00e9l\u00e9gation de signature de M. Rapha\u00ebl FAYAZ-POUR, directeur d\u00e9partemental de la protection \ndes populations, en mati\u00e8re d'administration g\u00e9n\u00e9rale\nArr\u00eat\u00e9 pr\u00e9fectoral DDPP n\u00b02023-409 du 20 octobre 2023 portant subd\u00e9l\u00e9gation de signature de M. Rapha\u00ebl FAYAZ-POUR, directeur d\u00e9partemental de la protection \ndes populations, en mati\u00e8re d'ordonnancement secondaire des recettes et des d\u00e9penses imput\u00e9es sur les programmes 206, 134, 181 et 382\nArr\u00eat\u00e9 pr\u00e9fectoral n\u00b0DDPP/2023-380 du 12 octobre 2023 fixant les mesures techniques relatives \u00e0 la prophylaxie de la brucellose bovine, de la leucose bovine \nenzootique, de la tuberculose bovine, de la rhinotrach\u00e9ite infectieuse bovine et de la maladie des muqueuses/diarrh\u00e9e virale bovine dans le d\u00e9partement de la Manche\nDDPP\nPage 42\n3 SP 107 D\u00e9c. 15/12/23\n5 SP 107 D\u00e9c. 15/12/23\n6 SP 107 D\u00e9c. 15/12/23\n6 SP 107 D\u00e9c. 15/12/23\nArr\u00eat\u00e9 pr\u00e9fectoral n\u00b0DDPP/2023-451 du 30 novembre 2023 attribuant l'habilitation sanitaire \u00e0 Madame Clarisse DELENTE 45 D\u00e9c. 03/01/24\nArr\u00eat\u00e9 pr\u00e9fectoral n\u00b0DDPP/2023-452 du 19 d\u00e9cembre 2023 attribuant l'habilitation sanitaire \u00e0 Monsieur Johan TOMAZ 45 D\u00e9c. 03/01/24\nArr\u00eat\u00e9 pr\u00e9fectoral DDPP n\u00b02023 -478 du 13 d\u00e9cembre 2023 portant subd\u00e9l\u00e9gation de signature de M. Rapha\u00ebl FAYAZ-POUR, directeur d\u00e9partemental de la \nprotection des populations, en mati\u00e8re d'administration g\u00e9n\u00e9rale\nArr\u00eat\u00e9 du 15 d\u00e9cembre 2023 portant d\u00e9rogation au repos dominical des salari\u00e9s de certains commerces du d\u00e9partement de la Manche pour les dimanches 24 et 31 \nd\u00e9cembre 2023\nArr\u00eat\u00e9 du 15 d\u00e9cembre 2023 portant d\u00e9rogation au repos dominical des salari\u00e9s au b\u00e9n\u00e9fice des instituts de beaut\u00e9 situ\u00e9s sur le d\u00e9partement de la Manche pour les \ndimanches 24 et 31 d\u00e9cembre 2023\nArr\u00eat\u00e9 du 15 d\u00e9cembre 2023 portant d\u00e9rogation au repos dominical des salari\u00e9s au b\u00e9n\u00e9fice des salons de coiffure et salons de coiffure-instituts de beaut\u00e9 situ\u00e9s sur \nle d\u00e9partement de la Manche pour les dimanches 24 et 31 d\u00e9cembre 2023\nDDTM\nPage 43\npage n\u00b0 mois publi\u00e9 le\n9 SP 01 janv. 05/01/23\n12 SP 01 janv. 05/01/23\n2\nSP 04 janv. 13/01/23\n4 SP 07 janv. 27/01/23\n4 SP 07 janv. 27/01/23\n5 SP 07 janv. 27/01/23\n5 SP 07 janv. 27/01/23\n5 SP 07 janv. 27/01/23\n4 SP 11 fev. 13/02/23\n4 SP 11 fev. 13/02/23\n5 SP 11 fev. 13/02/23\nArr\u00eat\u00e9 n\u00b0DDTM-DIR \u2013 2023-02 du 13 f\u00e9vrier 2023 donnant subd\u00e9l\u00e9gation de signature de Mme Martine CAVALLERA-LEVI aux ordonnateurs secondaires d\u00e9l\u00e9gu\u00e9s 10 SP 11 fev. 13/02/23\nArr\u00eat\u00e9 du 16 f\u00e9vrier 2023 modifiant la date de cl\u00f4ture de la chasse du sanglier pour la campagne 2022 \u2013 2023 2 SP 13 fev. 16/02/23\n2 SP 15 fev. 23/02/23\n2 SP 15 fev. 23/02/23\nBar\u00e8me d'indemnisation des d\u00e9g\u00e2ts de gibier - Remise en \u00e9tat des prairies et r\u00e9ensemencement des principales cultures pour l'ann\u00e9e 2023 10 fev. 01/03/23\n2 SP 17 mars 02/03/23\n2 SP 17 mars 02/03/23\n3 SP 17 mars 02/03/23\n2 SP 20 mars 10/03/23\nArr\u00eat\u00e9 n\u00b0 2023 \u2013 DDTM \u2013 SE \u2013 0032 du 9 mars 2023 r\u00e9glementaire permanent relatif \u00e0 l'exercice de la p\u00eache en eau douce dans le d\u00e9partement de la Manche 3 SP 20 mars 10/03/23\n12 SP 20 mars 10/03/23\n4 SP 22 mars 22/03/23\n11 SP 24 mars 30/03/23\nArr\u00eat\u00e9 n\u00b0\u00b0 2023-DDTM-SE-0037 du 20 mars 2023 portant dissolution de l'association fonci\u00e8re de remembrement de Barneville-Carteret 11 mars 03/04/23\nArr\u00eat\u00e9 n\u00b0 2023-DDTM-SE-0038 du 20 mars 2023 portant dissolution de l'association fonci\u00e8re de remembrement de Geffosses 12 mars 03/04/23\nArr\u00eat\u00e9 n\u00b0 2023-DDTM-SE-0039 du 20 mars 2023 portant dissolution de l'association fonci\u00e8re de remembrement de Huisnes sur mer 12 mars 03/04/23\nArr\u00eat\u00e9 n\u00b0 2023-DDTM-SE-0041 du 20 mars 2023 portant dissolution de l'association fonci\u00e8re de remembrement de Juilley et Crollon 12 mars 03/04/23\n5 SP 27 avril 05/04/23\n5 SP 27 avril 05/04/23\n4 SP 31 avril 14/04/23\n4 SP 31 avril 14/04/23\n5 SP 31 avril 14/04/23\nArr\u00eat\u00e9 n\u00b0DDTM-DTS-2022-52 du 19 d\u00e9cembre 2022 approuvant la convention de transfert de gestion d'une d\u00e9pendance du domaine public maritime au b\u00e9n\u00e9fice de la \ncommune de Marcey-les-Gr\u00e8ves pour trois voies c\u00f4ti\u00e8res dites \u00ab\u00a0chemin du Rivage\u00a0\u00bb, \u00ab\u00a0chemin des Gr\u00e8ves\u00a0\u00bb et \u00ab\u00a0chemin de l'hippodrome\u00a0\u00bb\nArr\u00eat\u00e9 n\u00b0 DDTM CM-S-2023-001 du 4 janvier 2023 portant interdiction temporaire de la p\u00eache, du ramassage, du transport, de la purification, de l'exp\u00e9dition, du \nstockage, de la distribution, de la commercialisation et de la mise \u00e0 la consommation humaine des coquillages issus de la zone de production\u00a0n\u00b050-14.03 Blainville et \nprescrivant des mesures compl\u00e9mentaires de gestion li\u00e9es \u00e0 une contamination de ces coquillages par des norovirus\nArr\u00eat\u00e9 n\u00b0DDTM CM-S-2023-002 du 13 janvier 2023 abrogeant l'arr\u00eat\u00e9 n\u00b0 CM-S-2023-001 du 4 janvier 2023 portant interdiction temporaire de la p\u00eache, du ramassage, du \ntransport, de la purification, de l'exp\u00e9dition, du stockage, de la distribution, de la commercialisation et de la mise \u00e0 la consommation humaine des coquillages issus de la \nzone de production\u00a0n\u00b050-14.03 Blainville et prescrivant des mesures compl\u00e9mentaires de gestion li\u00e9es \u00e0 une contamination de ces coquillages par des norovirus\nArr\u00eat\u00e9 n\u00b0 SH-2023-0012 du 24 janvier 2023 relatif \u00e0 la prorogation du d\u00e9lai de mise en \u0153uvre du sch\u00e9ma d\u00e9partemental d'accueil des gens du voyage - Communaut\u00e9 \nd'agglom\u00e9ration Le Cotentin\nArr\u00eat\u00e9 n\u00b0 SH-2023-0013 du 24 janvier 2023 relatif a la prorogation du d\u00e9lai de mise en \u0153uvre du sch\u00e9ma d\u00e9partemental d'accueil des gens du voyage - Communaut\u00e9 \nd'agglom\u00e9ration Mont-Saint-Michel-Normandie\nArr\u00eat\u00e9 n\u00b0SH-2023-0014 en date du 24 janvier 2023 relatif a la prorogation du d\u00e9lai de mise en \u0153uvre du sch\u00e9ma d\u00e9partemental d'accueil des gens du voyage - \nCommunaut\u00e9 de communes C\u00f4te Ouest Centre Manche\nArr\u00eat\u00e9 n\u00b0 SH-2023-0015 en date du 24 janvier 2023 relatif a la prorogation du d\u00e9lai de mise en \u0153uvre du sch\u00e9ma d\u00e9partemental d'accueil des gens du voyage - \nCommunaut\u00e9 de communes Granville Terre et Mer\nArr\u00eat\u00e9 n\u00b0 SH-2023-0016 en date du 24 janvier 2023 relatif a la prorogation du d\u00e9lai de mise en \u0153uvre du sch\u00e9ma d\u00e9partemental d'accueil des gens du voyage - \nCommunaut\u00e9 d'agglom\u00e9ration Saint-L\u00f4 Agglo\nArr\u00eat\u00e9 n\u00b0 2023-017 du 8 f\u00e9vrier 2023, portant approbation du document-cadre fixant les orientations d'attribution de logements sociaux de la communaut\u00e9 \nd'agglom\u00e9ration Mont-Saint-Michel Normandie.\nArr\u00eat\u00e9 n\u00b0 2023\u2013DDTM-SE\u20130013 en date du 10 f\u00e9vrier 2023 approuvant l'agr\u00e9ment n\u00b0 50-2015-0005 de la SARL PATRICK POISSON TP pour la r\u00e9alisation des vidanges \ndes installations d'assainissement non collectif\nArr\u00eat\u00e9 n\u00b0DDTM\u00a0-DIR-\u00a02023-01 du 13 f\u00e9vrier 2023 donnant subd\u00e9l\u00e9gation de signature de Mme Martine CAVALLERA-LEVI \u00e0 certains de ses collaborateurs\nArr\u00eat\u00e9 n\u00b0 DDTM-2023-018 du 22 f\u00e9vrier 2023 relatif \u00e0 la d\u00e9rogation aux plafonds de ressources pour l'attribution de logements sociaux sur l'ensemble du d\u00e9partement, \nhors quartiers prioritaires de la politique de la ville\nArr\u00eat\u00e9 n\u00b0 DDTM-2023-019 du 22 f\u00e9vrier 2023 relatif \u00e0 la d\u00e9rogation aux plafonds de ressources pour l'attribution de logements sociaux sur l'ensemble du d\u00e9partement, en \nquartiers prioritaires de la politique de la ville\nArr\u00eat\u00e9 n\u00b02023-DDTM-SE-0022 du 27 f\u00e9vrier 2023 portant d\u00e9claration d'int\u00e9r\u00eat g\u00e9n\u00e9ral au titre de l'article l.211-7 du code de l'environnement de travaux issus du \nprogramme de restauration des cours d'eau du bassin versant de la Berence\nArr\u00eat\u00e9 n\u00b02023-DDTM-SE-0023 du 28 f\u00e9vrier 2023 portant d\u00e9claration d'int\u00e9r\u00eat g\u00e9n\u00e9ral au titre de l'article l.211-7 du code de l'environnement de travaux issus du \nprogramme de restauration des cours d'eau du bassin versant de la Sinope.\nArr\u00eat\u00e9 n\u00b02023-DDTM-SE-0024 du 28 f\u00e9vrier 2023 portant d\u00e9claration d'int\u00e9r\u00eat g\u00e9n\u00e9ral au titre de l'article l.211-7 du code de l'environnement de travaux issus du \nprogramme de restauration des cours d'eau du bassin versant de la Douve Amont.\nArr\u00eat\u00e9 n\u00b0 2023\u2013DDTM-SE\u20130030 en date du 9 mars 2023 approuvant l'agr\u00e9ment n\u00b0 50-2023-001 de la SARL BAGOT pour la r\u00e9alisation des vidanges des installations \nd'assainissement non collectif\nArr\u00eat\u00e9 n\u00b0 2023 \u2013 DDTM \u2013 SE \u2013 0033 du 9 mars 2023 relatif \u00e0 l'exercice de la p\u00eache en eau douce des poissons migrateurs pour l'ann\u00e9e 2023 dans le d\u00e9partement de la \nManche\nArr\u00eat\u00e9 DDTM-2023 \u2013 03 en date du 16 mars 2023 portant d\u00e9signation des membres du comit\u00e9 social d'administration, formation sp\u00e9cialis\u00e9e en mati\u00e8re de sant\u00e9, de \ns\u00e9curit\u00e9 et de conditions de travail de la direction d\u00e9partementale des territoires et de la mer\nArr\u00eat\u00e9 n\u00b02023-DDTM\u00a0-\u00a0SE-0025 du 28 f\u00e9vrier 2023 relatif au syst\u00e8me d'assainissement de Ducey-les-Ch\u00e9ris, Poilley et Saint-Quentin-sur-le-Homme\nArr\u00eat\u00e9 modificatif n\u00b0 DDTM\u00a0-\u00a02023-DDTM-SE-0035 du 8 mars 2023 portant modification de l'arr\u00eat\u00e9 n\u00b0 DDTM-SE-0018 du 24 d\u00e9cembre 2021 portant autorisation \nenvironnementale pour le d\u00e9placement de la prise d'eau du Pont de la D\u00eeme et l'extension de la capacit\u00e9 de pr\u00e9l\u00e8vement sur la Sienne \u00e0 Sainte-C\u00e9cile\nArr\u00eat\u00e9 n\u00b0 DDTM-SH-2023-020 du 31 mars 2023 relatif a l'autorisation de mise a disposition de logements sociaux pour le centre hospitalier public du Cotentin et \nd\u00e9rogation aux plafonds de ressources pour l'attribution de logements sociaux\nArr\u00eat\u00e9 N\u00b0 DDTM-SEAT-2023-01 en date du 12 avril 2023 fixant la composition de la Commission D\u00e9partementale d'Orientation de l'Agriculture (C.D.O.A.) 8\u00e8me \nmodification\nArr\u00eat\u00e9 N\u00b0 DDTM-SEAT-2023-02 Commission D\u00e9partementale d'Orientation de l'Agriculture (C.D.O.A.) Section sp\u00e9cialis\u00e9e \"Economie - Structures \u2013 Coop\u00e9rative \u2013 \nagriculture durable \u2013 agriculteurs en difficult\u00e9\" 8\u00e8me modification\nArr\u00eat\u00e9 N\u00b0 DDTM-SEAT-2023-03 en date du 12 avril 2023 portant composition de la formation sp\u00e9cialis\u00e9e de la Commission d\u00e9partementale d'orientation de l'agriculture \nappel\u00e9e \u00e0 donner son avis sur les dossiers relatifs aux Groupements Agricoles d'Exploitation en Commun (GAEC) 3\u00e8me modification\nDDTM\nPage 44\n5 SP 31 avril 14/04/23\n4 SP 33 avril 21/04/23\nArr\u00eat\u00e9 pr\u00e9fectoral n\u00b02023-DDTM-SE-0047 du 6 avril 2023 relatif \u00e0 l'arr\u00eat de la station d'\u00e9puration de Martinvast 17 avril 05/05/23\n18 avril 05/05/23\n19 avril 05/05/23\n19 avril 05/05/23\n4 SP 36 mai 05/05/23\n2 SP 41 mai 22/05/23\nArr\u00eat\u00e9 n\u00b0 DDTM-DIR \u2013 2023-05 donnant subd\u00e9l\u00e9gation de signature de Mme Martine CAVALLERA-LEVI aux ordonnateurs secondaires d\u00e9l\u00e9gu\u00e9s 7 SP 41 mai 22/05/23\n11\nSP 41 mai 22/05/23\n11 SP 42 mai 24/05/23\nArr\u00eat\u00e9 n\u00b02023-DDTM-SE-0063 du 22 mai 2023 relatif a l'ouverture anticip\u00e9e de la chasse des cervid\u00e9s dans le d\u00e9partement de la Manche - saison 2023-2024 11 SP 42 mai 24/05/23\n12 SP 42 mai 24/05/23\nArr\u00eat\u00e9 2023-10 du 15 mai 2023 portant d\u00e9signation des membres du comit\u00e9 social de la direction d\u00e9partementale des territoires et de la mer 2 SP 43 mai 25/05/23\n2 SP 43 mai 25/05/23\n11 mai 01/06/23\n11 mai 01/06/23\n3 SP 48 juin 15/06/23\nArr\u00eat\u00e9 n\u00b0DDTM-DIR \u2013 2023-15 du 12 juin 2023 donnant subd\u00e9l\u00e9gation de signature de Mme Martine CAVALLERA-LEVI aux ordonnateurs secondaires d\u00e9l\u00e9gu\u00e9s 3 SP 48 juin 15/06/23\n2 SP 51 juin 19/06/23\n20 SP 51 juin 19/06/23\n34 SP 55 juin 30/06/23\nArr\u00eat\u00e9 n\u00b0 2023-ddtm-se-0088 du 28 juin 2023 fixant la liste des secteurs ou la pr\u00e9sence de la loutre est av\u00e9r\u00e9e dans le d\u00e9partement de la Manche 35 SP 55 juin 30/06/23\n17 juin 10/07/23\n20 juin 10/07/23\n21 juin 10/07/23\n22 juin 10/07/23\n18 SP 62 juillet 18/07/23\n19 SP 62 juillet 18/07/23\n2 SP 64 juillet 24/07/23\n4 SP 64 juillet 24/07/23\nArr\u00eat\u00e9 n\u00b0DDTM-DIR \u2013 2023-17 du 24 juillet 2023 donnant subd\u00e9l\u00e9gation de signature de Mme Martine CAVALLERA-LEVI aux ordonnateurs secondaires d\u00e9l\u00e9gu\u00e9s 9 SP 64 juillet 24/07/23\n11 juillet 02/08/23\nArr\u00eat\u00e9 N\u00b0 2023\u2013DDTM-SE\u20130049 en date du 13 avril 2023 approuvant l'agr\u00e9ment N\u00b0 50-2023-0002 de la SARL BAZIRE pour la r\u00e9alisation des vidanges des Installations \nd'assainissement non collectif\nArr\u00eat\u00e9 pr\u00e9fectoral du 21 mars 2023 portant approbation du plan de pr\u00e9vention des risques littoraux sur les communes de SAINT-JEAN-LE-THOMAS, DRAGEY-\nRONTHON ET GEN\u00caTS\nArr\u00eat\u00e9 du 19 avril 2023 relatif a la modification de l'arr\u00eat\u00e9 n\u00b02022-DDTM-SE-0013 du 24 f\u00e9vrier 2022 de mise en demeure de r\u00e9gulariser la situation administrative au titre \ndes articles L214-1 \u00e0 L214-6 du code de l'environnement du syst\u00e8me d'assainissement de MARIGNY LE LOZON\nArr\u00eat\u00e9 n\u00b0 DDTM-SML-GL n\u00b0 2023-0108 du 19 avril 2023 approuvant la convention de concession d'utilisation du domaine public maritime en dehors des ports portant sur \nl'exploitation d'un c\u00e2ble cuivre de t\u00e9l\u00e9communications du rivage de la commune de Saint-Vaast-la-Hougue \u00e0 l'\u00eele Tatihou\nArr\u00eat\u00e9 n\u00b0 DDTM-DTS-2023-01 du 25 avril 2023 approuvant la convention de concession d'utilisation du domaine public maritime en dehors des ports pour la mise en \nplace d'une protection contre la mer en enrochements sur le littoral des communes de Carolles et Jullouville\nArr\u00eat\u00e9 pr\u00e9fectoral n\u00b02023-DDTM-SE-0014 du 28 f\u00e9vrier 2023 de prescriptions au titre de l'article l 214-3 du code de l'environnement concernant le projet de renaturation \ndu cours d'eau \" Le Gorget \" - Commune de Saint-Sauveur-de-Pierrepont\nArr\u00eat\u00e9 n\u00b0 DDTM\u00a0-DIR-\u00a02023-04 du 22 mai 2023 donnant subd\u00e9l\u00e9gation de signature de Mme Martine CAVALLERA-LEVI \u00e0 certains de ses collaborateurs\nArr\u00eat\u00e9 n\u00b0DDTM-DIR-2023-06 du 22 mai 2023 portant d\u00e9l\u00e9gation de signature de la directrice d\u00e9partementale des territoires et de la mer de la Manche \u00e0 certains agents \nen mati\u00e8re de fiscalit\u00e9 de l'urbanisme\nArr\u00eat\u00e9 n\u00b02023-DDTM\u00a0-\u00a0SE-0062 du 22 mai 2023 relatif a l'ouverture anticip\u00e9e de la chasse du sanglier en 2023 dans le d\u00e9partement de la Manche\nArr\u00eat\u00e9 n\u00b02023-DDTM-SE-0064 du 22 mai 2023 fixant pour les esp\u00e8ces de grand gibier soumises a plan de chasse le nombre minimum et maximum d'animaux \u00e0 pr\u00e9lever \ndans le d\u00e9partement de la manche pour la saison 2023-2024\nArr\u00eat\u00e9 DDTM-2023-12 du 15 mai 2023 portant d\u00e9signation des membres du comit\u00e9 social d'administration, formation sp\u00e9cialis\u00e9e en mati\u00e8re de sant\u00e9, de s\u00e9curit\u00e9 et de \nconditions de travail de la direction d\u00e9partementale des territoires et de la mer\nArr\u00eat\u00e9 n\u00b0DDTM-SETRIS-2023-09 du 9 mai 2023 Portant approbation du Plan de Pr\u00e9vention du Bruit dans l'Environnement du r\u00e9seau routier national de la Manche (3e \n\u00e9ch\u00e9ance)\nArr\u00eat\u00e9 pr\u00e9fectoral du 13 mars 2023 de prescriptions n\u00b0 2022-DDTM-SE-0236 au titre de l'article l 214-3 du code de l'environnement concernant la r\u00e9gularisation d'un \nremblai en zone humide (parcelle cadastrale ZR106) avec mise en place d'une mesure compensatoire ( parcelle cadastrale ZI110) sur la commune de Romagny \nFontenay\nArr\u00eat\u00e9 du 26 mai 2023 n\u00b0DDTM-DIR-2023-07 portant d\u00e9l\u00e9gation de signature de la directrice d\u00e9partementale des territoires et de la mer de la Manche \u00e0 certains \ncollaborateurs concernant les missions non d\u00e9concentr\u00e9es du SML\nArr\u00eat\u00e9 cadre pr\u00e9fectoral n\u00b0 2023-DDTM-SE-0087 du 16 juin 2023 relatif a la d\u00e9finition des seuils et des territoires hydrographiques pour la mise en \u0153uvre des mesures \nde restriction des usages de l'eau en p\u00e9riode de s\u00e9cheresse\nArr\u00eat\u00e9 n\u00b0 DDTM-SML-AM-2023-0525 du 16 juin 2023 d\u00e9finissant les conditions d'exploitation de la cueillette des salicornes \u00e0 titre professionnel dans le d\u00e9partement de \nla Manche pour l'ann\u00e9e 2023\nArr\u00eat\u00e9 2023-DDTM-SE-0089 du 28 juin 2023 relatif au classement des animaux susceptibles d'occasionner des d\u00e9g\u00e2ts du 1er juillet 2023 au 30 juin 2024 dans le \nd\u00e9partement de la Manche\nArr\u00eat\u00e9 pr\u00e9fectoral du 23 avril 2023 de prescriptions n\u00b0 2023-DDTM-SE-0053 au titre de l'article l 214-3 du code de l'environnement concernant l'exp\u00e9rimentation de \npompage visant a d\u00e9finir les besoins en eau du marais de Saint-Fromond, alimente par le canal Vire \u2013 Taute \u2013 Commune de Saint-Fromond\nArr\u00eat\u00e9 n\u00b0 2023-DDTM-SE-0079 du 6 juin 2023 portant d\u00e9claration d'int\u00e9r\u00eat g\u00e9n\u00e9ral au titre de l'article l.211-7 du code de l'environnement de travaux issus du programme \nde restauration des cours d'eau du bassin versant du Beaucoudray, du Precorbin / du Torigny et de la Vire moyenne\nArr\u00eat\u00e9 pr\u00e9fectoral de prescriptions n\u00b0 2023-DDTM-SE-0076 du 12 juin 2023 au titre de l'article l 214-3 du code de l'environnement concernant la r\u00e9fection de l'aqueduc de \nCourcy 50200\nArr\u00eat\u00e9 n\u00b0 DDTM\u00a0-\u00a0SH-2023-023 du 22 juin 2023 portant r\u00e9siliation unilat\u00e9rale de la convention APL num\u00e9ro 50/3/03.2003/80-129/1015 annulant et modifiant l'arr\u00eat\u00e9 n\u00b0 \n2023-001.\nArr\u00eat\u00e9 n\u00b02023-DDTM-SE-0101 du 13 juillet 2023 portant d\u00e9claration d'int\u00e9r\u00eat g\u00e9n\u00e9ral au titre de l'article l.211-7 du code de l'environnement de travaux issus du \nprogramme de restauration des cours d'eau du bassin versant du Merderet\nArr\u00eat\u00e9 n\u00b0 DDTM\u00a0-\u00a0SETRIS-2023-12 du 13 juillet 2023 autorisant la d\u00e9rogation \u00e0 l'arr\u00eat\u00e9 du 27 d\u00e9cembre 2022 modifi\u00e9 portant interdiction des concentrations ou \nmanifestations sportives sur les routes \u00e0 grande circulation \u00e0 certaines p\u00e9riodes de l'ann\u00e9e 2023\u00a0\nArr\u00eat\u00e9 n\u00b0 DDTM CM-S-2023-003 du19 juillet 2023 portant autorisation d'ouverture et d'exploitation provisoire de la p\u00eache de palourdes (Venerupis decussata) dans la \nzone 50-18-19 Bricqueville \u00e0 Coudeville\nArr\u00eat\u00e9 n\u00b0DDTM\u00a0-DIR-\u00a02023-16 du 24 juillet 2023 donnant subd\u00e9l\u00e9gation de signature de Mme Martine CAVALLERA-LEVI \u00e0 certains de ses collaborateurs\nArr\u00eat\u00e9 n\u00b0 DDTM\u00a0-\u00a02023 -\u00a0022 du 7 juillet 2023 fixant le montant du pr\u00e9l\u00e8vement pr\u00e9vu a l'article l. 302-7 du code de la construction et de l' habitation au titre de l'ann\u00e9e \n2023 pour la commune d'AGNEAUX\nDDTM\nPage 45\n11\njuillet 02/08/23\n12\njuillet 02/08/23\nArr\u00eat\u00e9 n\u00b0 CM23-169 du 20 juillet 2023 portant composition de la commission des cultures marines du d\u00e9partement de la Manche 13 juillet 02/08/23\nArr\u00eat\u00e9 CM-S-2023-004 du 20 juillet 2023 portant composition de la commission d\u00e9partementale de suivi de la salubrit\u00e9 des zones de production de coquillages vivants 14 juillet 02/08/23\nArr\u00eat\u00e9 n\u00b02023-DDTM-SE-0111 du 4 ao\u00fbt 2023 portant mise en demeure de r\u00e9gulariser la situation du syst\u00e8me d'assainissement de PORTBAIL 6 SP 69 Ao\u00fbt 11/08/23\n5 SP 69 Ao\u00fbt 11/08/23\n18 SP 71 Ao\u00fbt 23/08/23\n19 SP 71 Ao\u00fbt 23/08/23\nArr\u00eat\u00e9 n\u00b0 2023-DDTM-SE-0106 du 21 juillet 2023 instituant un plan de chasse li\u00e8vre sur plusieurs communes du d\u00e9partement de la MANCHE 19 SP 71 Ao\u00fbt 23/08/23\n20 SP 71 Ao\u00fbt 23/08/23\n28 SP 71 Ao\u00fbt 23/08/23\n28 SP 71 Ao\u00fbt 23/08/23\n7 SP 72 Ao\u00fbt 25/08/23\nArr\u00eat\u00e9 n\u00b0 DDTM-DIR \u2013 2023-19 du 30 ao\u00fbt 2023 donnant subd\u00e9l\u00e9gation de signature de Mme Martine CAVALLERA-LEVI aux ordonnateurs secondaires d\u00e9l\u00e9gu\u00e9s 56 SP 74 Ao\u00fbt 31/08/23\n66 Ao\u00fbt 01/09/23\n4 SP 75 Sept. 04/09/23\n4 SP 75 Sept. 04/09/23\n6 SP 75 Sept. 04/09/23\n2 SP 76 Sept. 05/09/23\n4 SP 76 Sept. 05/09/23\n3 SP 80 Sept. 19/09/23\n12 Sept. 03/10/23\n13 Sept. 03/10/23\nArr\u00eat\u00e9 n\u00b0 DDTM-DIR \u2013 2023-23 du 18 octobre 2023 donnant subd\u00e9l\u00e9gation de signature de Mme Martine CAVALLERA-LEVI aux ordonnateurs secondaires d\u00e9l\u00e9gu\u00e9s 10 SP 89 Oct. 20/10/23\n22 Oct. 07/11/23\nBar\u00eame d'indemnisation des d\u00e9g\u00e2ts de gibier du 5 octobre 2023 \u2013 Perte de r\u00e9colte des prairies naturelles et temporaires 22 Oct. 07/11/23\nBar\u00eame d'indemnisation des d\u00e9g\u00e2ts de gibier sur plants de pommiers du 5 octobre 2023 24 Oct. 07/11/23\nBar\u00eame d'indemnisation des d\u00e9g\u00e2ts de gibier du 16 octobre 2023 \u2013 Cultures l\u00e9gumi\u00e8res de plein champs 25 Oct. 07/11/23\n26 Oct. 07/11/23\n26 Oct. 07/11/23\n27 Oct. 07/11/23\n27 Oct. 07/11/23\n27 Oct. 07/11/23\nArr\u00eat\u00e9 n\u00b0 2023-DDTM-SE-0080 du 13 juillet 2023 modifiant l' arr\u00eat\u00e9 n\u00b0 97-1457-IG-MJJ portant d\u00e9claration d'utilit\u00e9 publique et \u00e9tablissement de servitudes et modifiant \nl'arr\u00eat\u00e9 compl\u00e9mentaire n\u00b0 07-118-GH portant Autorisation de d\u00e9rivation des eaux avec actualisation des p\u00e9rim\u00e8tres de protection existants et autorisation de \npr\u00e9l\u00e8vement des eaux\nArr\u00eat\u00e9 n\u00b0 2023-DDTM-SE-81 du 13 juillet 2023 modifiant l'arr\u00eat\u00e9 n\u00b0 06-121-GH portant d\u00e9claration d'utilit\u00e9 publique et \u00e9tablissement de servitudes (Syndicat \nintercommunal d'alimentation en eau potable de Sartilly Sud) et l'arr\u00eat\u00e9 n\u00b0 16-30-MHL portant d\u00e9claration d'utilit\u00e9 publique des travaux de d\u00e9rivation des eaux, \ninstauration des p\u00e9rim\u00e8tres de protection et \u00e9tablissement de servitudes y aff\u00e9rant, autorisation d'utiliser l'eau en vue de la consommation humaine, pour le captage \nHamel S3 \u2013 LOLIF, exploit\u00e9 par le syndicat intercommunal d'alimentation en eau potable (SIAEP) de Sartilly Sud\n  Arr\u00eat\u00e9 n\u00b0DDTM-CM-S-2020-006 du 10 ao\u00fbt 2023 portant modification temporaire du classement de salubrit\u00e9 de la zone de production 50.07 (Saint-Vaast-la-Hougue) \npour les coquillages du groupe 3 (bivalves non fouisseurs)\nArr\u00eat\u00e9 pr\u00e9fectoral de prescriptions n\u00b0 2023-DDTM-SE-0096 du 30 juin 2023 au titre de l'article l 214-3 du code de l'environnement concernant la travers\u00e9e du cours d'eau \nla S\u00e9lune par l'association ISIGNY RUNNING dans le cadre d'un trail sur la commune LES BIARDS\nArr\u00eat\u00e9 pr\u00e9fectoral de prescriptions n\u00b0 2023-DDTM-SE-0099 du 6 juillet 2023 au titre de l'article l 214-3 du code de l'environnement concernant la r\u00e9paration du parapet du \npont de la Poste situe sur les parcelles cadastr\u00e9es B266 ET B268 sur la commune de BERIGNY\nArr\u00eat\u00e9 n\u00b0 2023-DDTM-SE- 015 du 21 juillet 2023 d\u00e9finissant les dates d'ouverture et de cl\u00f4ture de la chasse pour la campagne 2023-2024 dans le d\u00e9partement de la \nmanche\nArr\u00eat\u00e9 n\u00b0 2023-DDTM-SE-0118 du 18 ao\u00fbt 2023 portant mise en demeure de r\u00e9gulariser la situation au titre des articles L214-1 \u00e0 L214-6 du code de l'environnement de \nl'autorisation de pr\u00e9l\u00e8vement des onze ouvrages sur les communes de Gonneville Le Theil, Clitourps, Brillevast et Th\u00e9ville au b\u00e9n\u00e9fice de la Communaut\u00e9 \nd'Agglom\u00e9ration du Cotentin\nArr\u00eat\u00e9 n\u00b0 DDTM\u00a0-DIR-\u00a02023-18 du 22 ao\u00fbt 2023 donnant subd\u00e9l\u00e9gation de signature de Mme Martine CAVALLERA-LEVI \u00e0 certains de ses collaborateurs\nArr\u00eat\u00e9 n\u00b0DDTM\u00a0-\u00a0CM-S-2023-007 du 25 ao\u00fbt 2023 portant lev\u00e9e de la modification temporaire du classement de salubrit\u00e9 de la zone de production 50.07 (Saint-Vaast-la-\nHougue) pour les coquillages du groupe 3 (bivalves non fouisseurs) et abrogeant l'arr\u00eat\u00e9 pr\u00e9fectoral n\u00b0 CM-S-2023-006 du 10 ao\u00fbt 2023\nArr\u00eat\u00e9 pr\u00e9fectoral de prescriptions n\u00b0 2023-DDTM-SE-0104 du 2 ao\u00fbt 2023 au titre de l'article l 214-3 du code de l'environnement concernant le projet d'extension de la \npiscine du camping lez eaux conduisant au d\u00e9placement d'un cours d'eau buse nomme le ru motel sur la commune de SAINT AUBIN DES PREAUX\nArr\u00eat\u00e9 n\u00b02023-DDTM-SE-0044 en date du 10 juillet 2023 portant mise en demeure de remettre en \u00e9tat les parcelles cadastr\u00e9es ZN72, situ\u00e9es sur la commune de Br\u00e9cey \nau titre de l'article L171-7 et L171-8 du code de l'environnement, dans le cadre du non-respect de l'arr\u00eat\u00e9 de mise en demeure N\u00b0 2021-DDTM-0160, concernant la \nr\u00e9alisation d'un remblai en lit majeur de cours d'eau et en zone humide par la SCI TROIS Y.\nArr\u00eat\u00e9 n\u00b02023\u2013DDTM-SE\u20130123 du 29 ao\u00fbt 2023 approuvant l'agr\u00e9ment n\u00b050-2023-0002 de la SARL BAZIRE pour la r\u00e9alisation des vidanges des installations \nd'assainissement non collectif\nArr\u00eat\u00e9 n\u00b0DDTM\u00a0-DIR-\u00a02023-20 du 4 septembre 2023 donnant subd\u00e9l\u00e9gation de signature de Mme Martine CAVALLERA-LEVI \u00e0 certains de ses collaborateurs\nD\u00e9cision n\u00b0DDTM-DIR-2023-22 du 5 septembre 2023 de nomination du d\u00e9l\u00e9gu\u00e9 adjoint et de d\u00e9l\u00e9gation de signature du d\u00e9l\u00e9gu\u00e9 de l'Agence Nationale de l'Habitat \u00e0 ses \ncollaborateurs.\nArr\u00eat\u00e9 n\u00b0 DDTM-DIR-2023-\u00a021 du 5 septembre 2023 portant d\u00e9l\u00e9gation de signature \u2013 Agence Nationale pour la R\u00e9novation Urbaine\nArr\u00eat\u00e9 N\u00b0 DDTM50/SEAT/2023-06 du 13 septembre 2023 constatant la variation pour l'ann\u00e9e 2023 des minima et maxima des loyers des terres nues et des b\u00e2timents \nd'exploitation\nArr\u00eat\u00e9 n\u00b0 2023-DDTM-SE-121 du 5 septembre 2023 portant d\u00e9claration d'int\u00e9r\u00eat g\u00e9n\u00e9ral au titre de l'article l.211-7 du code de l'environnement les travaux de gestion et \nde restauration des milieux aquatiques sur les secteurs sud et nord du havre de Regneville sur le territoire de la communaut\u00e9 de communes Coutances mer et bocage\nArr\u00eat\u00e9 n\u00b0 2023-DDTM-SE-0107 du 22 septembre 2023 relatif \u00e0 la d\u00e9claration d'int\u00e9r\u00eat g\u00e9n\u00e9ral du programme de travaux de restauration et de cr\u00e9ation de mares sur les \ncommunes de Berigny, Moon-Sur-Elle et Airel pr\u00e9sent\u00e9 par la Communaut\u00e9 d'agglom\u00e9ration Saint-L\u00f4 Agglo\nArr\u00eat\u00e9 n\u00b0 SGCD\u00a0-\u00a02023-115 du 17 octobre 2023 portant d\u00e9finition des postes de la direction d\u00e9partementale des territoires et de la mer de la Manche \u00e9ligibles \u00e0 la \nnouvelle bonification indiciaire\nArr\u00eat\u00e9 n\u00b0 DDTM50/SEAT/2023-08 du 24 octobre 2023 portant autorisation au titre de l'article L. 333-3 du code rural et de la p\u00eache maritime de prise de contr\u00f4le de la \nsoci\u00e9t\u00e9 du GAEC du Tour\nArr\u00eat\u00e9 n\u00b0 2023-05 du 27 octobre 2023 approuvant la convention de transfert de gestion d'une d\u00e9pendance du domaine public maritime au b\u00e9n\u00e9fice de la commune de \nQUIN\u00c9VILLE pour son camping municipal\nArr\u00eat\u00e9 n\u00b0 2023-12 du 27 octobre 2023 approuvant la convention de transfert de gestion de d\u00e9pendances du domaine public maritime au b\u00e9n\u00e9fice de la commune de \nBARNEVILLE-CARTERET afin de permettre les am\u00e9nagements n\u00e9cessaires \u00e0 la r\u00e9alisation d'une voie douce\nArr\u00eat\u00e9 n\u00b0DDTM-DTS-2023-020 du 27 octobre 2023 approuvant la convention de concession d'utilisation du domaine public maritime en dehors des ports destin\u00e9e \u00e0 la \nr\u00e9gularisation de la digue de protection contre la mer sur le littoral des communes de Br\u00e9hal et de Coudeville-sur-Mer\nArr\u00eat\u00e9 n\u00b0DDTM-DTS-2023-021 du 27 octobre 2023 approuvant la convention de concession d'utilisation du domaine public maritime en dehors des ports destin\u00e9e \u00e0 la \nr\u00e9gularisation des cales d'acc\u00e8s \u00e0 la mer sur le littoral de la commune de Br\u00e9hal\nDDTM\nPage 46\n28 Oct. 07/11/23\n2 SP 94 Nov. 13/11/23\n3 SP 94 Nov. 13/11/23\n5 SP 94 Nov. 13/11/23\n2 SP 96 Nov. 14/11/23\n2 SP 97 Nov. 15/11/23\n2 SP 98 Nov. 16/11/23\n2 SP 101 Nov. 24/11/23\n16 Nov. 01/12/23\nBar\u00eame d'indemnisation du 16 novembre 2023 des d\u00e9g\u00e2ts de gibier - C\u00e9r\u00e9ales \u2013 ol\u00e9agineux \u2013 prot\u00e9agineux de culture biologique - Prix \u00e0 la Tonne 16 Nov. 01/12/23\nBar\u00eame d'indemnisation du 17 novembre 2023 des d\u00e9g\u00e2ts de gibier \u2013 Ann\u00e9e 2023 17 Nov. 01/12/23\n17 Nov. 01/12/23\n13 SP 104 D\u00e9c. 08/12/23\nArr\u00eat\u00e9 2023-DDTM-SE-00140 du 5 d\u00e9cembre 2023 relatif au tir du chevreuil dans le D\u00e9partement de la Manche 13 SP 104 D\u00e9c. 08/12/23\n6 SP 107 D\u00e9c. 15/12/23\n2 SP 110 D\u00e9c. 29/12/23\n45 D\u00e9c. 03/01/24\n46 D\u00e9c. 03/01/24\n46 D\u00e9c. 03/01/24\n46 D\u00e9c. 03/01/24\nArr\u00eat\u00e9 n\u00b0DDTM-DTS-2023-022 du 27 octobre 2023 approuvant la convention de concession d'utilisation du domaine public maritime en dehors des ports destin\u00e9e \u00e0 la \nr\u00e9gularisation de la cale d'acc\u00e8s \u00e0 la mer sur le littoral de la commune de Coudeville-sur-Mer\nArr\u00eat\u00e9 n\u00b0 DDTM\u00a0-\u00a0SADT-2023- du 08 novembre 2023 d\u00e9finissant le bar\u00e8me d\u00e9partemental et la liste des \u00e9tablissements publics b\u00e9n\u00e9ficiaires du concours particulier cr\u00e9\u00e9 \nau sein de la dotation g\u00e9n\u00e9rale de d\u00e9centralisation au titre de l'\u00e9tablissement et de la mise en \u0153uvre des documents d'urbanisme pour l'exercice 2023.\nArr\u00eat\u00e9 n\u00b0DDTM CM-S-2023-009 du 10 novembre 2023 portant autorisation d'ouverture partielle et d'exploitation provisoire de la p\u00eache d'hu\u00eetres plates (Ostrea edulis) \ndans la zone 50-21 Ouest et Nord Cotentin\nArr\u00eat\u00e9 n\u00b0 2023-DDTM-SE-0138 du 13 novembre 2023 PORTANT dissolution de l'association fonci\u00e8re de remembrement des communes de Saint Senier de Beuvron, \nSaint Aubin de Terregatte, Juilley et Poilley\nArr\u00eat\u00e9 n\u00b023-172 du 10 novembre 2023 portant d\u00e9rogation aux dispositions de l'article r.122-2 du code de l'environnement concernant les travaux de rechargements \nd'urgence au droit de la digue d'Hauteville sur la commune d'Hauteville-sur-mer en r\u00e9ponse a un enjeu de s\u00e9curisation de l'ouvrage\nArr\u00eat\u00e9 n\u00b02023-DDTM-SE-0139 du 14 novembre 2023 portant d\u00e9rogation aux p\u00e9riodes minimales d'interdiction d'\u00e9pandage des fertilisants azot\u00e9s et au maintien d'une \nquantit\u00e9 minimale de couverture v\u00e9g\u00e9tale au cours des p\u00e9riodes pluvieuses dans le d\u00e9partement de la Manche\nArr\u00eat\u00e9 n\u00b0 DDTM CM-S-2023-010 du 16 novembre 2023 portant modification de l'arr\u00eat\u00e9 du 19 juillet 2023 n\u00b0 DDTM CM-S-2023-003 portant autorisation d'ouverture et \nd\u00a0'exploitation provisoire de la p\u00eache de palourdes (Venerupis decussata) dans la zone 50-18-19 Bricqueville \u00e0 Coudeville\nArr\u00eat\u00e9 n\u00b0 DDTM-DIR-2023-24 du 22 novembre 2023 portant d\u00e9l\u00e9gation de signature de la directrice d\u00e9partementale des territoires et de la mer de la Manche \u00e0 certains \ncollaborateurs concernant les missions non d\u00e9concentr\u00e9es du SML\nArr\u00eat\u00e9 n\u00b0 23-167 du 10 novembre 2023 modifiant la composition de la commission locale de l'eau du sch\u00e9ma d'am\u00e9nagement et de gestion des eaux des bassins \nversants de la Douve et de la Taute\nArr\u00eat\u00e9 n\u00b0 DDTM\u00a0-DIR-\u00a02023-25 du 30 novembre 2023 donnant subd\u00e9l\u00e9gation de signature de Mme Martine CAVALLERA-LEVI \u00e0 certains de ses collaborateurs\nArr\u00eat\u00e9 n\u00b0 DDTM - SH - 2023 -\u00a0024 du 29 novembre 2023 pronon\u00e7ant la carence d\u00e9finie par l'article L302-9-1 du code de la construction et de l'habitation au titre de la \np\u00e9riode triennale 2020-2022 pour la commune d'Agneaux\nArr\u00eat\u00e9 n\u00b0 2023-DDTM-SE-0144 du 14 d\u00e9cembre 2023 portant prolongation de la d\u00e9rogation aux p\u00e9riodes minimales d'interdiction d'\u00e9pandage des fertilisants azot\u00e9s dans \nle d\u00e9partement de la Manche suivant l'arr\u00eat\u00e9 2023-DDTM-SE-0139 du 14 novembre 2023\nArr\u00eat\u00e9 pr\u00e9fectoral du 29 d\u00e9cembre 2023 portant autorisation de prolongation d'ouverture et d'exploitation provisoire de la p\u00eache de palourdes (Venerupis philippinarum) \ndans la zone 50-18-19 Bricqueville \u00e0 Coudeville\nArr\u00eat\u00e9 DDTM-SEAT-2023-10 du 11 novembre 2023 portant d\u00e9signation de deux experts ind\u00e9pendants pour participer \u00e0 la mission d'expertise diligent\u00e9e dans le cadre de \nla proposition de reconnaissance des pertes de r\u00e9colte au titre de l'indemnisation fond\u00e9e sur la solidarit\u00e9 nationale\nArr\u00eat\u00e9 n\u00b0 DDTM-SETRIS-2023-23 du 20 d\u00e9cembre 2023 approuvant le r\u00e8glement de s\u00e9curit\u00e9 de l'exploitation, version IV du 31 octobre 2023, et le r\u00e8glement de police \nde l'exploitation, version II du 07 mai 2020, du Train Touristique du Cotentin\nArr\u00eat\u00e9 n\u00b02023-DDTM-SE-0146 du 28 d\u00e9cembre 2023 modifiant l'arr\u00eat\u00e9 n\u00b02019-DDTM-SE-2156 en date du 28 novembre 2019 mettant en demeure la communaut\u00e9 \nd'agglom\u00e9ration MONT SAINT-MICHEL NORMANDIE de r\u00e9gulariser la situation administrative du syst\u00e8me d'assainissement de Mortain\nArr\u00eat\u00e9 n\u00b02023-DDTM\u00a0-SE-0147 du 28 d\u00e9cembre 2023 modifiant l'arr\u00eat\u00e9 n\u00b02020-DDTM-SE-0097 du 24 juillet 2020 mettant en demeure la communaut\u00e9 d'agglom\u00e9ration \nMONT SAINT-MICHEL NORMANDIE de r\u00e9gulariser la situation administrative du syst\u00e8me d'assainissement de Sourdeval au titre des articles l 214-1 a l 214-6 du code \nde l'environnement\nAcad\u00e9mie Normandie\nPage 47\npage num\u00e9ro mois publi\u00e9 le\nCH Estran Pontorson\nPage 48\npage publi\u00e9 le\nConseil D\u00e9partemental 50\nPage 49\npage num\u00e9ro mois publi\u00e9 le\nDDFIP\nPage 50\npage n\u00b0 mois date publi\nArr\u00eat\u00e9 du 24 janvier 2023 relatif au r\u00e9gime de fermeture exceptionnelle au public des services du centre des finances publiques de Granville 15 janv. 01/02/23\n15 janv. 01/02/23\nArr\u00eat\u00e9 d'ouverture des travaux du 27 janvier 2023 pour le remaniement partiel du cadastre sur la commune d'Ardevon 16 janv. 01/02/23\nD\u00e9l\u00e9gation de signature du 1er f\u00e9vrier 2023 en mati\u00e8re de contentieux et de gracieux fiscal \u2013 Tr\u00e9sorerie de Cherbourg en Cotentin 2 SP 15 fev. 23/02/23\nArr\u00eat\u00e9 du 10 mars 2023 relatif au r\u00e9gime de fermeture exceptionnelle des services de la Tr\u00e9sorerie de Les Pieux 15 SP 20 mars 10/03/23\nArr\u00eat\u00e9 du 14 mars 2023 relatif au r\u00e9gime de fermeture exceptionnelle des services de la Tr\u00e9sorerie de Valognes 5 SP 22 mars 22/03/23\n2 SP 26 avril 03/04/23\nD\u00e9l\u00e9gation de signature en mati\u00e8re de contentieux et gracieux fiscal du 3 avril 2023- P\u00f4le Contr\u00f4le Expertise Saint-L\u00f4 2 SP 26 avril 03/04/23\n3 SP 26 avril 03/04/23\nD\u00e9l\u00e9gation de signature en mati\u00e8re de contentieux et gracieux fiscal du 3 avril 2023 - P\u00f4le Contr\u00f4le Expertise Avranches 3 SP 26 avril 03/04/23\nD\u00e9l\u00e9gation de signature en mati\u00e8re de contentieux et gracieux fiscal du 3 avril 2023 - Service des Imp\u00f4ts des Entreprises de Saint-L\u00f4 3 SP 26 avril 03/04/23\nD\u00e9l\u00e9gation de signature du 17 mai 2023 en mati\u00e8re de contentieux et de gracieux fiscal pour le service des imp\u00f4ts des entreprises d'Avranches 3 SP 44 mai 31/05/23\nD\u00e9l\u00e9gation de signature du 12 juin 2023 en mati\u00e8re de contentieux et de gracieux fiscal 13 SP 47 juin 12/06/23\nArr\u00eat\u00e9 du 9 juin 2023 relatif au r\u00e9gime de fermeture exceptionnelle au public du Centre des finances publiques de Carentan 22 juin 10/07/23\nD\u00e9l\u00e9gation de signature en mati\u00e8re de contentieux et de gracieux fiscal du 28 ao\u00fbt 2023 - SIE d'AVRANCHES 11 SP 75 Sept. 04/09/23\n13 SP 75 Sept. 04/09/23\nD\u00e9l\u00e9gation de signature en mati\u00e8re de contentieux et de gracieux fiscal du 28 ao\u00fbt 2023 - Service des imp\u00f4ts des entreprises de SAINT LO. 13 SP 75 Sept. 04/09/23\nD\u00e9l\u00e9gation de signature en mati\u00e8re de contentieux et de gracieux fiscal du 29 ao\u00fbt 2023 - Service des imp\u00f4ts des particuliers de Cherbourg 14 SP 75 Sept. 04/09/23\nD\u00e9l\u00e9gation de signature en mati\u00e8re de contentieux et de gracieux fiscal du 31 ao\u00fbt 2023 - SIP d'AVRANCHES 16 SP 75 Sept. 04/09/23\n17 SP 75 Sept. 04/09/23\n18 SP 75 Sept. 04/09/23\n18 SP 75 Sept. 04/09/23\n20 SP 75 Sept. 04/09/23\n21 SP 75 Sept. 04/09/23\n21 SP 75 Sept. 04/09/23\n21 SP 75 Sept. 04/09/23\n22 SP 75 Sept. 04/09/23\nD\u00e9l\u00e9gation de signature en mati\u00e8re de contentieux et de gracieux fiscal du 4 septembre 2023 - P\u00f4le Contr\u00f4le et Expertise d'Avranches. 4 SP 76 Sept. 05/09/23\nD\u00e9l\u00e9gation de signature en mati\u00e8re de contentieux et de gracieux fiscal du 4 septembre 2023 - P\u00f4le Contr\u00f4le et Expertise de Cherbourg. 5 SP 76 Sept. 05/09/23\nD\u00e9l\u00e9gation de signature en mati\u00e8re de contentieux et de gracieux fiscal du 4 septembre 2023 - P\u00f4le Contr\u00f4le et Expertise de Saint L\u00f4. 5 SP 76 Sept. 05/09/23\nArr\u00eat\u00e9 du 25 ao\u00fbt 2023 portant d\u00e9l\u00e9gation de signature 6 SP 76 Sept. 05/09/23\nD\u00e9cision de d\u00e9l\u00e9gation de signature en mati\u00e8re d'ordonnancement secondaire du 4 septembre 2023 7 SP 76 Sept. 05/09/23\nArr\u00eat\u00e9 du 14 septembre 2023 relatif au r\u00e9gime de fermeture exceptionnelle au public du Service des Imp\u00f4ts des Particuliers de Saint-L\u00f4 3 SP 80 Sept. 19/09/23\n4 SP 77 sept. 08/09/23\nD\u00e9cision du 4 septembre 2023 portant d\u00e9l\u00e9gation de signature en mati\u00e8re de gestion financi\u00e8re de la cit\u00e9 administrative 5 SP 77 sept. 08/09/23\nD\u00e9cision de d\u00e9l\u00e9gation g\u00e9n\u00e9rale de signature \u00e0 l'adjoint du directeur d\u00e9partemental des finances publiques du 7 septembre 2023 5 SP 77 sept. 08/09/23\n6 SP 77 sept. 08/09/23\n6 SP 77 sept. 08/09/23\nD\u00e9cision de d\u00e9l\u00e9gations sp\u00e9ciales de signature pour le p\u00f4le contr\u00f4le, expertise et soutien \u00e9conomique du 7 septembre 2023 7 SP 77 sept. 08/09/23\nD\u00e9cision de d\u00e9l\u00e9gations sp\u00e9ciales de signature pour le p\u00f4le ressources humaines et moyens du 7 septembre 2023 8 SP 77 sept. 08/09/23\nD\u00e9cision de d\u00e9l\u00e9gations sp\u00e9ciales de signature pour le p\u00f4le secteur public local et \u00c9tat du 7 septembre 2023 8 SP 77 sept. 08/09/23\n3 SP 80 Sept. 19/09/23\nArr\u00eat\u00e9 du 14 septembre 2023 relatif au r\u00e9gime de fermeture exceptionnelle au public du Centre des finances publiques de Carentan 3 SP 80 Sept. 19/09/23\nArr\u00eat\u00e9 du 24 janvier 2023 relatif au r\u00e9gime de fermeture exceptionnelle au public des services de la direction d\u00e9partementale des finances \npubliques de la Manche\nListe rectifi\u00e9e des responsables de service disposant de la d\u00e9l\u00e9gation de signature en mati\u00e8re de contentieux et de gracieux fiscal pr\u00e9vue par le \nIII de l'article 408 de l'annexe II au code g\u00e9n\u00e9ral des imp\u00f4ts au 03 avril 2023.\nD\u00e9l\u00e9gation de signature en mati\u00e8re de contentieux et gracieux fiscal du 3 avril 2023 -\u00a0 P\u00f4le Contr\u00f4le Expertise Cherbourg\nD\u00e9l\u00e9gation de signature en mati\u00e8re de contentieux et de gracieux fiscal du 28 ao\u00fbt 2023 - Service des imp\u00f4ts des entreprises de CHERBOURG \nEN COTENTIN\nD\u00e9l\u00e9gation de signature en mati\u00e8re de contentieux et de gracieux fiscal du 1er septembre 2023- Service d\u00e9partemental de la publicit\u00e9 fonci\u00e8re \net de l'enregistrement de Coutances\nD\u00e9l\u00e9gation de signature en mati\u00e8re de v\u00e9rification du bureau des documents modificatifs du parcellaire cadastral (DMPC) du 1er septembre \n2023 - service d\u00e9partemental des imp\u00f4ts foncier de la manche\nArr\u00eat\u00e9 du 1er septembre 2023 portant d\u00e9l\u00e9gation de signature en mati\u00e8re de contentieux et de gracieux fiscal - Service des imp\u00f4ts des \nparticuliers de Saint-L\u00f4\nD\u00e9l\u00e9gation de signature du 1er septembre 2023 en mati\u00e8re de contentieux et de gracieux fiscal - Service D\u00e9partemental des Imp\u00f4ts Foncier de \nla Manche\nD\u00e9l\u00e9gation de signature du 1er septembre 2023 en mati\u00e8re de contentieux et de gracieux fiscal - Service de Gestion Comptable Municipal et \nAmendes de Cherbourg en Cotentin - Madame B\u00e9r\u00e9nice CHEVILLOTTE\nD\u00e9l\u00e9gation de signature du 1er eptembre 2023 en mati\u00e8re de contentieux et de gracieux fiscal - Service de Gestion Comptable Municipal et \nAmendes de Cherbourg en Cotentin - Madame Brigitte LECONTE\nD\u00e9l\u00e9gation de signature du 1er septembre 2023 en mati\u00e8re de contentieux et de gracieux fiscal - Service de Gestion Comptable Municipal et \nAmendes de Cherbourg en Cotentin - Madame Justine BONNEMAINS\nD\u00e9l\u00e9gation de signature du 1er septembre 2023 en mati\u00e8re de contentieux et de gracieux fiscal - Service de Gestion Comptable Municipal et \nAmendes de Cherbourg en Cotentin - Madame Amandine BLOT\nListe rectifi\u00e9e des responsables de service disposant de la d\u00e9l\u00e9gation de signature en mati\u00e8re de contentieux et de gracieux fiscal pr\u00e9vue par le \nIII de l'article 408 de l'annexe II au code g\u00e9n\u00e9ral des imp\u00f4ts au 5 septembre 2023 \u2013 Compl\u00e9ment des arr\u00eat\u00e9s parus au recueils des actes \nadministratifs sp\u00e9ciaux n\u00b0 75 et n\u00b076 les 4 et et 5 septembre 2023\nD\u00e9cision de d\u00e9l\u00e9gation g\u00e9n\u00e9rale de signature du 7 septembre 2023 aux responsables des p\u00f4les suivants\u00a0: Ressources humaines et moyens, \nAnimation et recouvrement des particuliers et des professionnels, Contr\u00f4le, expertise et soutien \u00e9conomique, Secteur public local et Etat\nD\u00e9cision de d\u00e9l\u00e9gations sp\u00e9ciales de signature pour le p\u00f4le animation et recouvrement des particuliers et des professionnels du 7 septembre \n2023\nArr\u00eat\u00e9 du 14 septembre 2023 relatif au r\u00e9gime de fermeture exceptionnelle au public de l'antenne de Coutances du Service des Imp\u00f4ts des \nParticuliers de Saint-L\u00f4,\nDDFIP\nPage 51\nD\u00e9cision de d\u00e9l\u00e9gation de signature du 15 septembre 2023 en mati\u00e8re d'ordonnancement secondaire 4 SP 80 Sept. 19/09/23\nD\u00e9cision de nomination d'une conciliatrice fiscale en date du lundi 25 septembre 2023 \u2013 Mme Erika CHAPELAIN 2 SP 82 Sept. 25/09/23\nD\u00e9l\u00e9gation de signature au b\u00e9n\u00e9fice de la conciliatrice fiscale en date du lundi 25 septembre 2023 2 SP 82 Sept. 25/09/23\nD\u00e9cision de d\u00e9l\u00e9gation de signature pour le responsable du SDIF de la Manche en date du 25 septembre 2023 2 SP 82 Sept. 25/09/23\nD\u00e9l\u00e9gation de signature en mati\u00e8re de contentieux et gracieux fiscal PCRP AVRANCHES du 29 septembre 2023 2 SP 84 Oct. 02/10/23\nD\u00e9l\u00e9gation de signature en mati\u00e8re de contentieux et gracieux fiscal PCRP SAINT \u2013 L\u00d4 du 29 septembre 2023 2 SP 84 Oct. 02/10/23\nArr\u00eat\u00e9 du 4 octobre 2023 relatif au r\u00e9gime de fermeture exceptionnelle au public du Service de Gestion Comptable de Coutances 2 SP 86 Oct. 06/10/23\n2 SP 86 Oct. 06/10/23\nArr\u00eat\u00e9 du 4 octobre 2023 relatif au r\u00e9gime de fermeture exceptionnelle au public du Service des Imp\u00f4ts des Entreprises de Saint-L\u00f4 2 SP 86 Oct. 06/10/23\n10 SP 87 Oct. 13/10/23\nD\u00e9cision de 13 novembre 2023 de d\u00e9l\u00e9gation de signature en mati\u00e8re d'ordonnancement secondaire 3 SP 96 Nov. 14/11/23\nArr\u00eat\u00e9 du 4 d\u00e9cembre 2023 relatif au r\u00e9gime de fermeture exceptionnelle au public du Service des Imp\u00f4ts des Particuliers de Saint-L\u00f4 14 SP 104 D\u00e9c. 08/12/23\n14 SP 104 D\u00e9c. 08/12/23\nArr\u00eat\u00e9 du 4 d\u00e9cembre 2023 relatif au r\u00e9gime de fermeture exceptionnelle au public du Centre des finances publiques de Carentan 14 SP 104 D\u00e9c. 08/12/23\n14 SP 104 D\u00e9c. 08/12/23\nMise \u00e0 jour des param\u00e8tres d'\u00e9valuation des locaux professionnels pour les impositions 2024 14 SP 104 D\u00e9c. 08/12/23\n7 SP 107 D\u00e9c. 15/12/23\n47 D\u00e9c. 03/01/24\nArr\u00eat\u00e9 du 4 octobre 2023 relatif au r\u00e9gime de fermeture exceptionnelle au public du Service de la Publicit\u00e9 Fonci\u00e8re et de l'Enregistrement de \nCoutances\nArr\u00eat\u00e9 de subd\u00e9l\u00e9gation de signature du 11 octobre 2023 en mati\u00e8re d'administration provisoire des successions non r\u00e9clam\u00e9es, de curatelle \ndes successions vacantes, de gestion et de liquidation des successions en d\u00e9sh\u00e9rence dans le d\u00e9partement de la Manche\nArr\u00eat\u00e9 du 4 d\u00e9cembre 2023 relatif au r\u00e9gime de fermeture exceptionnelle au public de l'antenne de Coutances du Service des Imp\u00f4ts des \nParticuliers de Saint-L\u00f4\nArr\u00eat\u00e9 du 4 d\u00e9cembre 2023 relatif au r\u00e9gime de fermeture exceptionnelle au public du Service de la Publicit\u00e9 Fonci\u00e8re et de l'Enregistrement de \nla Manche\nArr\u00eat\u00e9 du 11 d\u00e9cembre 2023 relatif au r\u00e9gime de fermeture exceptionnelle au public de la caisse de la Direction d\u00e9partementale des Finances \npubliques de Saint-L\u00f4\nD\u00e9l\u00e9gation de signature en mati\u00e8re de contentieux et de gracieux fiscal du 28 d\u00e9cembre 2023 - Service des imp\u00f4ts des particuliers de \nCherbourg\nDDSP\nPage 52\npage publi\u00e9 le\nDSDEN\nPage 53\npage num\u00e9ro publi\u00e9 le\n15 SP 01 janv. 05/01/23\n2 SP 04 janv. 13/01/23\n12 SP 07 janv. 27/01/23\nArr\u00eat\u00e9 du 25 janvier 2023 autorisant la d\u00e9saffectation de biens immeubles 12 SP 07 janv. 27/01/23\nArr\u00eat\u00e9 du 1er mars 2023 portant composition du conseil d\u00e9partemental de l'\u00e9ducation nationale 2 SP 16 mars 01/03/23\n4 SP 17 mars 02/03/23\n Arr\u00eat\u00e9 du 13 avril 2023 sur les mesures de carte scolaire pour la rentr\u00e9e 2023 6 SP 31 avril 14/04/23\n13 mai 01/06/23\nArr\u00eat\u00e9 du 7 juin 2023 portant composition du conseil d\u00e9partemental de l'\u00e9ducation nationale 2 SP 54 juin 28/06/23\n30 juin 10/07/23\n3 66 Juillet 28/07/23\n22 juillet 02/08/23\nArr\u00eat\u00e9 n\u00b0 2023-TCA-001 du 30 mars 2023 portant reconnaissance du tronc commun d'agr\u00e9ment d'une association (TCA) 23 juillet 02/08/23\nArr\u00eat\u00e9 n\u00b0 J-50-002-2023 du 12 juillet 2023 portant agr\u00e9ment d\u00e9partemental d'une association de jeunesse et d'\u00e9ducation populaire 23 juillet 02/08/23\nArr\u00eat\u00e9 n\u00b0 2023-TCA-002 du 12 juillet 2023 portant reconnaissance du tronc commun d'agr\u00e9ment d'une association (TCA) 23 juillet 02/08/23\nArr\u00eat\u00e9 n\u00b0 J-50-003-2023 du 12 juillet 2023 portant agr\u00e9ment d\u00e9partemental d'une association de jeunesse et d'\u00e9ducation populaire 23 juillet 02/08/23\nArr\u00eat\u00e9 n\u00b0 2023-TCA-003 du 12 juillet 2023 portant reconnaissance du tronc commun d'agr\u00e9ment d'une association (TCA) 23 juillet 02/08/23\nArr\u00eat\u00e9 n\u00b0 J-50-004-2023 du 12 juillet 2023 portant agr\u00e9ment d\u00e9partemental d'une association de jeunesse et d'\u00e9ducation populaire 23 juillet 02/08/23\nArr\u00eat\u00e9 n\u00b0 2023-TCA-004 du 12 juillet 2023 portant reconnaissance du tronc commun d'agr\u00e9ment d'une association (TCA) 24 juillet 02/08/23\nArr\u00eat\u00e9 n\u00b0 J-50-005-2023 du 12 juillet 2023 portant agr\u00e9ment d\u00e9partemental d'une association de jeunesse et d'\u00e9ducation populaire 24 juillet 02/08/23\nArr\u00eat\u00e9 n\u00b0 2023-TCA-005 du 12 juillet 2023 portant reconnaissance du tronc commun d'agr\u00e9ment d'une association (TCA) 24 juillet 02/08/23\nArr\u00eat\u00e9 n\u00b0 J-50-006-2023 du 12 juillet 2023 portant agr\u00e9ment d\u00e9partemental d'une association de jeunesse et d'\u00e9ducation populaire 24 juillet 02/08/23\nArr\u00eat\u00e9 n\u00b0 2023-TCA-006 du 12 juillet 2023 portant reconnaissance du tronc commun d'agr\u00e9ment d'une association (TCA) 24 juillet 02/08/23\nArr\u00eat\u00e9 n\u00b0 J-50-007-2023 du 12 juillet 2023 portant agr\u00e9ment d\u00e9partemental d'une association de jeunesse et d'\u00e9ducation populaire 24 juillet 02/08/23\nArr\u00eat\u00e9 n\u00b0 2023-TCA-007 du 12 juillet 2023 portant reconnaissance du tronc commun d'agr\u00e9ment d'une association (TCA) 24 juillet 02/08/23\nArr\u00eat\u00e9 n\u00b0 J-50-008-2023 du 12 juillet 2023 portant agr\u00e9ment d\u00e9partemental d'une association de jeunesse et d'\u00e9ducation populaire 25 juillet 02/08/23\nArr\u00eat\u00e9 n\u00b0 2023-TCA-008 du 12 juillet 2023 portant reconnaissance du tronc commun d'agr\u00e9ment d'une association (TCA) 25 juillet 02/08/23\nArr\u00eat\u00e9 n\u00b0 J-50-009-2023 du 12 juillet 2023 portant agr\u00e9ment d\u00e9partemental d'une association de jeunesse et d'\u00e9ducation populaire 25 juillet 02/08/23\nArr\u00eat\u00e9 n\u00b0 2023-TCA-009 du 12 juillet 2023 portant reconnaissance du tronc commun d'agr\u00e9ment d'une association (TCA) 25 juillet 02/08/23\nArr\u00eat\u00e9 n\u00b0 J-50-010-2023 du 12 juillet 2023 portant agr\u00e9ment d\u00e9partemental d'une association de jeunesse et d'\u00e9ducation populaire 25 juillet 02/08/23\nArr\u00eat\u00e9 n\u00b0 2023-TCA-010 du 12 juillet 2023 portant reconnaissance du tronc commun d'agr\u00e9ment d'une association (TCA) 25 juillet 02/08/23\nArr\u00eat\u00e9 n\u00b0 J-50-011-2023 du 12 juillet 2023 portant agr\u00e9ment d\u00e9partemental d'une association de jeunesse et d'\u00e9ducation populaire 26 juillet 02/08/23\nArr\u00eat\u00e9 n\u00b0 2023-TCA-011 du 12 juillet 2023 portant reconnaissance du tronc commun d'agr\u00e9ment d'une association (TCA) 26 juillet 02/08/23\nArr\u00eat\u00e9 n\u00b0 J-50-012-2023 du 12 juillet 2023 portant agr\u00e9ment d\u00e9partemental d'une association de jeunesse et d'\u00e9ducation populaire 26 juillet 02/08/23\nArr\u00eat\u00e9 n\u00b0 2023-TCA-012 du 12 juillet 2023 portant reconnaissance du tronc commun d'agr\u00e9ment d'une association (TCA) 26 juillet 02/08/23\nArr\u00eat\u00e9 n\u00b0 J-50-013-2023 du 12 juillet 2023 portant agr\u00e9ment d\u00e9partemental d'une association de jeunesse et d'\u00e9ducation populaire 26 juillet 02/08/23\nArr\u00eat\u00e9 n\u00b0 2023-TCA-013 du 12 juillet 2023 portant reconnaissance du tronc commun d'agr\u00e9ment d'une association (TCA) 26 juillet 02/08/23\nArr\u00eat\u00e9 n\u00b0 J-50-014-2023 du 12 juillet 2023 portant agr\u00e9ment d\u00e9partemental d'une association de jeunesse et d'\u00e9ducation populaire 26 juillet 02/08/23\nArr\u00eat\u00e9 n\u00b0 2023-TCA-014 du 12 juillet 2023 portant reconnaissance du tronc commun d'agr\u00e9ment d'une association (TCA) 27 juillet 02/08/23\nArr\u00eat\u00e9 n\u00b0 J-50-015-2023 du 12 juillet 2023 portant agr\u00e9ment d\u00e9partemental d'une association de jeunesse et d'\u00e9ducation populaire 27 juillet 02/08/23\nArr\u00eat\u00e9 n\u00b0 2023-TCA-015 du 12 juillet 2023 portant reconnaissance du tronc commun d'agr\u00e9ment d'une association (TCA) 27 juillet 02/08/23\nArr\u00eat\u00e9 n\u00b0 J-50-016-2023 du 12 juillet 2023 portant agr\u00e9ment d\u00e9partemental d'une association de jeunesse et d'\u00e9ducation populaire 27 juillet 02/08/23\nArr\u00eat\u00e9 n\u00b0 2023-TCA-016 du 12 juillet 2023 portant reconnaissance du tronc commun d'agr\u00e9ment d'une association (TCA) 27 juillet 02/08/23\nArr\u00eat\u00e9 n\u00b0 J-50-017-2023 du 12 juillet 2023 portant agr\u00e9ment d\u00e9partemental d'une association de jeunesse et d'\u00e9ducation populaire 27 juillet 02/08/23\nArr\u00eat\u00e9 n\u00b0 2023-TCA-017 du 12 juillet 2023 portant reconnaissance du tronc commun d'agr\u00e9ment d'une association (TCA) 28 juillet 02/08/23\nArr\u00eat\u00e9 n\u00b0 J-50-018-2023 du 12 juillet 2023 portant agr\u00e9ment d\u00e9partemental d'une association de jeunesse et d'\u00e9ducation populaire 28 juillet 02/08/23\nArr\u00eat\u00e9 n\u00b0 2023-TCA-018 du 12 juillet 2023 portant reconnaissance du tronc commun d'agr\u00e9ment d'une association (TCA) 28 juillet 02/08/23\nArr\u00eat\u00e9 n\u00b0 J-50-019-2023 du 12 juillet 2023 portant agr\u00e9ment d\u00e9partemental d'une association de jeunesse et d'\u00e9ducation populaire 28 juillet 02/08/23\nArr\u00eat\u00e9 n\u00b0 2023-TCA-019 du 12 juillet 2023 portant reconnaissance du tronc commun d'agr\u00e9ment d'une association (TCA) 28 juillet 02/08/23\nArr\u00eat\u00e9 n\u00b0 J-50-020-2023 du 12 juillet 2023 portant agr\u00e9ment d\u00e9partemental d'une association de jeunesse et d'\u00e9ducation populaire 28 juillet 02/08/23\nArr\u00eat\u00e9 du 3 janvier 2023 portant d\u00e9signation de la liste des organisations ou f\u00e9d\u00e9rations syndicales autoris\u00e9es \u00e0 d\u00e9signer des repr\u00e9sentants pour le comit\u00e9 social d'administration sp\u00e9cial \nd\u00e9partemental et sa formation sp\u00e9cialis\u00e9e\nArr\u00eat\u00e9 du 6 janvier 2023 portant d\u00e9signation des membres du comit\u00e9 social d'administration sp\u00e9cial d\u00e9partemental et des membres de la formation sp\u00e9cialis\u00e9e du comit\u00e9 social d'administration \nsp\u00e9cial d\u00e9partemental de la direction des services d\u00e9partementaux de l'\u00e9ducation nationale de la Manche\nArr\u00eat\u00e9 du 24 janvier 2023 portant nomination des membres du coll\u00e8ge d\u00e9partemental consultatif de la commission r\u00e9gionale du fonds pour le d\u00e9veloppement de la vie associative du \nd\u00e9partement de la Manche\nArr\u00eat\u00e9 pr\u00e9fectoral du 2 mars 2023 portant interdiction d'exercer quelque fonction que ce soit aupr\u00e8s de mineurs accueillis dans le cadre de l'article L.227-4 et suivants du code de l'action sociale \net des familles \u2013 M. Xavier DOUBLET\nArr\u00eat\u00e9 du 17 mai 2023 modifiant l'arr\u00eat\u00e9 du 6 janvier 2023 portant d\u00e9signation des membres du comit\u00e9 social d'administration sp\u00e9cial d\u00e9partemental et des membres de la formation sp\u00e9cialis\u00e9e \ndu comit\u00e9 social d'administration sp\u00e9cial d\u00e9partemental de la direction des services d\u00e9partementaux de l'\u00e9ducation nationale de la Manche\nArr\u00eat\u00e9 n\u00b0 SUSPENSION-SADOT/2023 du\u00a0 12 juin 2023 portant suspension d'exercer quelque fonction que ce soit aupr\u00e8s de mineurs accueillis dans le cadre de l'article L.227-4 et suivants du \ncode de l'action sociale et des familles\nArr\u00eat\u00e9 n\u00b0 INTERDICTION-BIHET/2023 du\u00a0 20 juillet 2023 portant interdiction d'exercer quelque fonction que ce soit aupr\u00e8s de mineurs accueillis dans le cadre de l'article L.227-4 et suivants du \ncode de l'action sociale et des familles\nArr\u00eat\u00e9 n\u00b0 J-50-001-2023 du\u00a030 mars 2023 portant agr\u00e9ment d\u00e9partemental d'une association de jeunesse et d'\u00e9ducation populaire\nDSDEN\nPage 54\nArr\u00eat\u00e9 n\u00b0 2023-TCA-020 du 12 juillet 2023 portant reconnaissance du tronc commun d'agr\u00e9ment d'une association (TCA) 28 juillet 02/08/23\nArr\u00eat\u00e9 n\u00b0 J-50-021-2023 du 12 juillet 2023 portant agr\u00e9ment d\u00e9partemental d'une association de jeunesse et d'\u00e9ducation populaire 29 juillet 02/08/23\nArr\u00eat\u00e9 n\u00b0 2023-TCA-021 du 12 juillet 2023 portant reconnaissance du tronc commun d'agr\u00e9ment d'une association (TCA) 29 juillet 02/08/23\nArr\u00eat\u00e9 n\u00b0 J-50-022-2023 du 12 juillet 2023 portant agr\u00e9ment d\u00e9partemental d'une association de jeunesse et d'\u00e9ducation populaire 29 juillet 02/08/23\nArr\u00eat\u00e9 n\u00b0 2023-TCA-022 du 12 juillet 2023 portant reconnaissance du tronc commun d'agr\u00e9ment d'une association (TCA) 29 juillet 02/08/23\nArr\u00eat\u00e9 n\u00b0 J-50-023-2023 du 12 juillet 2023 portant agr\u00e9ment d\u00e9partemental d'une association de jeunesse et d'\u00e9ducation populaire 29 juillet 02/08/23\nArr\u00eat\u00e9 n\u00b0 2023-TCA-023 du 12 juillet 2023 portant reconnaissance du tronc commun d'agr\u00e9ment d'une association (TCA) 29 juillet 02/08/23\nArr\u00eat\u00e9 n\u00b0 J-50-024-2023 du 12 juillet 2023 portant agr\u00e9ment d\u00e9partemental d'une association de jeunesse et d'\u00e9ducation populaire 30 juillet 02/08/23\nArr\u00eat\u00e9 n\u00b0 2023-TCA-024 du 12 juillet 2023 portant reconnaissance du tronc commun d'agr\u00e9ment d'une association (TCA) 30 juillet 02/08/23\nArr\u00eat\u00e9 n\u00b0 J-50-025-2023 du 12 juillet 2023 portant agr\u00e9ment d\u00e9partemental d'une association de jeunesse et d'\u00e9ducation populaire 30 juillet 02/08/23\nArr\u00eat\u00e9 n\u00b0 2023-TCA-025 du 12 juillet 2023 portant reconnaissance du tronc commun d'agr\u00e9ment d'une association (TCA) 30 juillet 02/08/23\nArr\u00eat\u00e9 n\u00b0 J-50-026-2023 du 12 juillet 2023 portant agr\u00e9ment d\u00e9partemental d'une association de jeunesse et d'\u00e9ducation populaire 30 juillet 02/08/23\nArr\u00eat\u00e9 n\u00b0 2023-TCA-026 du 12 juillet 2023 portant reconnaissance du tronc commun d'agr\u00e9ment d'une association (TCA) 30 juillet 02/08/23\n9 SP 72 Ao\u00fbt 25/08/23\nArr\u00eat\u00e9 du 28 ao\u00fbt 2023 concernant les mesures d'ajustements de carte scolaire pour la rentr\u00e9e 2023 60 SP 74 Ao\u00fbt 31/08/23\n15 Sept. 03/10/23\nArr\u00eat\u00e9 du 22 ao\u00fbt 2023 portant d\u00e9l\u00e9gation et subd\u00e9l\u00e9gation de signature de monsieur St\u00e9phane VAUTIER, inspecteur d'acad\u00e9mie, directeur acad\u00e9mique des services de l'Education nationale de 3 SP 86 Oct. 06/10/23\nArr\u00eat\u00e9 du 22 ao\u00fbt 2023 portant subd\u00e9l\u00e9gation de signature de monsieur St\u00e9phane VAUTIER, inspecteur d'acad\u00e9mie, directeur acad\u00e9mique des services de l'Education nationale de la Manche, en 3 SP 86 Oct. 06/10/23\nArr\u00eat\u00e9 du 22 ao\u00fbt 2023 portant d\u00e9l\u00e9gation de signature de monsieur St\u00e9phane VAUTIER, inspecteur d'acad\u00e9mie, directeur acad\u00e9mique des services de l'\u00e9ducation nationale de la Manche \u00e0 Ma 4 SP 86 Oct. 06/10/23\n4 SP 86 Oct. 06/10/23\n9 SP 91 Oct. 27/10/23\nArr\u00eat\u00e9 n\u00b0J-50-029-2023 du 03 novembre 2023 portant agr\u00e9ment d\u00e9partemental d'une association de jeunesse et d'\u00e9ducation populaire - Ecole de musique (LA HAYE) 41 Nov. 01/12/23\nArr\u00eat\u00e9 n\u00b0 2023-TCA- 028 du 03 novembre 2023 portant reconnaissance du tronc commun d'agr\u00e9ment d'une association (TCA) - - Ecole de musique (LA HAYE) 42 Nov. 01/12/23\nArr\u00eat\u00e9 n\u00b0J-50-033-2023 du 03 novembre 2023 portant agr\u00e9ment d\u00e9partemental d'une association de jeunesse et d'\u00e9ducation populaire - Association pour la gestion et l'animation du centre soci 42 Nov. 01/12/23\nArr\u00eat\u00e9 n\u00b0 2023-TCA- 033 du 03 novembre 2023 portant reconnaissance du tronc commun d'agr\u00e9ment d'une association (TCA) - - Association pour la gestion et l'animation du centre social Marc 42 Nov. 01/12/23\n42 Nov. 01/12/23\n42 Nov. 01/12/23\nArr\u00eat\u00e9 n\u00b0J-50-032-2023 du 04 novembre 2023 portant agr\u00e9ment d\u00e9partemental d'une association de jeunesse et d'\u00e9ducation populaire - Association communautaire pour la coordination et un 42 Nov. 01/12/23\nArr\u00eat\u00e9 n\u00b0 2023-TCA- 032 du 03 novembre 2023 portant reconnaissance du tronc commun d'agr\u00e9ment d'une association (TCA) - - Association communautaire pour la coordination et une \u00e9merg 43 Nov. 01/12/23\n43 Nov. 01/12/23\n43 Nov. 01/12/23\n43 Nov. 01/12/23\n43 Nov. 01/12/23\n43 Nov. 01/12/23\n44 Nov. 01/12/23\n44 Nov. 01/12/23\n44 Nov. 01/12/23\n44 Nov. 01/12/23\n44 Nov. 01/12/23\n44 Nov. 01/12/23\n45 Nov. 01/12/23\n45 Nov. 01/12/23\n45 Nov. 01/12/23\n45 Nov. 01/12/23\n4 SP 108 D\u00e9c. 20/12/23\n4 SP 108 D\u00e9c. 20/12/23\n4 SP 108 D\u00e9c. 20/12/23\nArr\u00eat\u00e9 n\u00b0J-50-038-2023 du 3 novembre 2023 portant agr\u00e9ment d\u00e9partemental d'une association de jeunesse et d'\u00e9ducation populaire- Aiki club granvillais (GRANVILLE) 57 D\u00e9c. 03/01/24\nArr\u00eat\u00e9 n\u00b0 2023-TCA- 038 du 3 novembre 2023 portant reconnaissance du tronc commun d'agr\u00e9ment d'une association (TCA) - Aiki club granvillais (GRANVILLE) 57 D\u00e9c. 03/01/24\nArr\u00eat\u00e9 n\u00b0J-50-039-2023 du 7 d\u00e9cembre 2023 portant agr\u00e9ment d\u00e9partemental d'une association de jeunesse et d'\u00e9ducation populaire - Evolutions (MORTAIN BOCAGE) 58 D\u00e9c. 03/01/24\nArr\u00eat\u00e9 n\u00b0 2023-TCA- 039 du 7 d\u00e9cembre 2023 portant reconnaissance du tronc commun d'agr\u00e9ment d'une association (TCA) - Evolutions (MORTAIN BOCAGE) 58 D\u00e9c. 03/01/24\nArr\u00eat\u00e9 n\u00b0 SUSPENSION-PREYNAT/2023 du 24 ao\u00fbt 2023 portant suspension d'exercer quelque fonction que ce soit aupr\u00e8s de mineurs accueillis dans le cadre de l'article L.227-4 et suivants \ndu code de l'action sociale et des familles\nArr\u00eat\u00e9 du 22 septembre 2023 annulant et rempla\u00e7ant l'arr\u00eat\u00e9 du 17 mai 2023 portant d\u00e9signation des membres du comit\u00e9 social d'administration sp\u00e9cial d\u00e9partemental et des membres de la \nformation sp\u00e9cialis\u00e9e du comit\u00e9 social d'administration sp\u00e9cial d\u00e9partemental de la direction des services d\u00e9partementaux de l'\u00e9ducation nationale de la Manche\nArr\u00eat\u00e9 du 5 octobre 2023 portant d\u00e9l\u00e9gation de signature de monsieur St\u00e9phane VAUTIER, inspecteur d'acad\u00e9mie, directeur acad\u00e9mique des services de l'\u00c9ducation nationale de la Manche, \u00e0 \nMonsieur Jean-Philippe CHAPELLE, inspecteur jeunesse et sport, chef du SDJES\nArr\u00eat\u00e9 pr\u00e9fectoral du 25 octobre 2023 ortant interdiction temporaire d'exercer les fonctions pr\u00e9vues \u00e0 l'article L.212-1 du code du sport, selon la proc\u00e9dure d'urgence pr\u00e9vue \u00e0 l'article L.212-13 \ndu code du sport\nArr\u00eat\u00e9 n\u00b0J-50-031-2023 du 03 novembre 2023 portant agr\u00e9ment d\u00e9partemental d'une association de jeunesse et d'\u00e9ducation populaire - \u00ab\u00a0Juv'anim \u00bb (JUVIGNY-LES-VALLEES)\nArr\u00eat\u00e9 n\u00b0 2023-TCA- 031 du 03 novembre 2023 portant reconnaissance du tronc commun d'agr\u00e9ment d'une association (TCA) - - \u00ab\u00a0Juv'anim \u00bb (JUVIGNY-LES-VALLEES)\nArr\u00eat\u00e9 n\u00b0J-50-035-2023 du 03 novembre 2023 portant agr\u00e9ment d\u00e9partemental d'une association de jeunesse et d'\u00e9ducation populaire - \u00ab\u00a0Amstramgram\u00a0\u00bb (SARTILLY-BAIE-BOCAGE)\nArr\u00eat\u00e9 n\u00b0 2023-TCA- 035 du 03 novembre 2023 portant reconnaissance du tronc commun d'agr\u00e9ment d'une association (TCA) - \u00ab\u00a0Amstramgram\u00a0\u00bb (SARTILLY-BAIE-BOCAGE)\nArr\u00eat\u00e9 n\u00b0J-50-036-2023 du 03 novembre 2023 portant agr\u00e9ment d\u00e9partemental d'une association de jeunesse et d'\u00e9ducation populaire - \u00ab\u00a0Association maison de pays de Lessay\u00a0\u00bb (LESSAY)\nArr\u00eat\u00e9 n\u00b0 2023-TCA- 036 du 03 novembre 2023 portant reconnaissance du tronc commun d'agr\u00e9ment d'une association (TCA) - - \u00ab\u00a0Association maison de pays de Lessay\u00a0\u00bb (LESSAY)\nArr\u00eat\u00e9 n\u00b0J-50-037-2023 du 03 novembre 2023 portant agr\u00e9ment d\u00e9partemental d'une association de jeunesse et d'\u00e9ducation populaire - \u00ab Association Rejouets\u00a0\u00bb (CERENCES)\nArr\u00eat\u00e9 n\u00b0 2023-TCA- 037 du 03 novembre 2023 portant reconnaissance du tronc commun d'agr\u00e9ment d'une association (TCA) - \u00ab Association Rejouets\u00a0\u00bb (CERENCES)\nArr\u00eat\u00e9 n\u00b0J-50-030-2023 du 03 novembre 2023 portant agr\u00e9ment d\u00e9partemental d'une association de jeunesse et d'\u00e9ducation populaire - \u00ab\u00a0Canton jeunes\u00a0\u00bb (LES PIEUX)\nArr\u00eat\u00e9 n\u00b0 2023-TCA- 030 du 3 novembre portant reconnaissance du tronc commun d'agr\u00e9ment d'une association (TCA) - \u00ab\u00a0Canton jeunes\u00a0\u00bb (LES PIEUX)\nArr\u00eat\u00e9 n\u00b0J-50-027-2023 du 03 novembre 2023 portant agr\u00e9ment d\u00e9partemental d'une association de jeunesse et d'\u00e9ducation populaire - \u00ab\u00a0Musique Exp\u00e9rience\u00a0\u00bb (DUCEY-LES-CHERIS)\nArr\u00eat\u00e9 n\u00b0 2023-TCA- 027 du 03 novembre 2023 portant reconnaissance du tronc commun d'agr\u00e9ment d'une association (TCA) - \u00ab\u00a0Musique Exp\u00e9rience\u00a0\u00bb (DUCEY-LES-CHERIS)\nArr\u00eat\u00e9 n\u00b0J-50-028-2023 du 03 novembre 2023 portant agr\u00e9ment d\u00e9partemental d'une association de jeunesse et d'\u00e9ducation populaire - \u00ab Association pour la gestion et l'animation du centre Nelson Mandela\u00a0\u00bb (SAINT-L\u00d4)\nArr\u00eat\u00e9 n\u00b0 2023-TCA- 028 du 03 novembre 2023 portant reconnaissance du tronc commun d'agr\u00e9ment d'une association (TCA) - \u00ab Association pour la gestion et l'animation du centre Nelson Mandela\u00a0\u00bb (SAINT-L\u00d4)\nArr\u00eat\u00e9 n\u00b0J-50-034-2023 du 03 novembre 2023 portant agr\u00e9ment d\u00e9partemental d'une association de jeunesse et d'\u00e9ducation populaire - \u00ab Actionaid peuples solidaires Saint-L\u00f4\u00a0\u00bb (SAINT-L\u00d4)\nArr\u00eat\u00e9 n\u00b0 2023-TCA- 034 3 novembre 2023 portant reconnaissance du tronc commun d'agr\u00e9ment d'une association (TCA) - \u00ab Actionaid peuples solidaires Saint-L\u00f4\u00a0\u00bb (SAINT-L\u00d4)\nArr\u00eat\u00e9 du 17 novembre 2023 portant nomination des membres du coll\u00e8ge d\u00e9partemental consultatif de la commission r\u00e9gionale du fonds pour le d\u00e9veloppement de la vie associative du \nd\u00e9partement de la Manche\nArr\u00eat\u00e9 du 13 d\u00e9cembre 2023 autorisant la d\u00e9saffectation de biens immeubles - Coll\u00e8ge \u00ab\u00a0Les Courtils\u00a0\u00bb\u00a0de MONTMARTIN-SUR-MER\nArr\u00eat\u00e9 du 13 d\u00e9cembre 2023 autorisant la d\u00e9saffectation de biens immeubles - Coll\u00e8ge \u00ab\u00a0Robert de Mortain\u00a0\u00bb\u00a0de MORTAIN-BOCAGE\nArr\u00eat\u00e9 du 13 d\u00e9cembre 2023 autorisant la d\u00e9saffectation de biens immeubles - Coll\u00e8ge \u00ab\u00a0Gabriel de Montgomery\u00a0\u00bb \u00e0 DUCEY-LES-CH\u00c9RIS\nDRFIP Bretagne Ille et Vilaine\nPage 55\npage publi\u00e9 le\n60 SP 74 31/08/23\n2 SP 86 Oct. 06/10/23\nArr\u00eat\u00e9 de subd\u00e9l\u00e9gation de signature du 29 ao\u00fbt 2023 en mati\u00e8re d'administration provisoire des successions non r\u00e9clam\u00e9es, de curatelle des successions vacantes, de gestion et de \nliquidation des successions en d\u00e9sh\u00e9rence dans le d\u00e9partement de la Manche\nArr\u00eat\u00e9 de subd\u00e9l\u00e9gation de signature du 4 octobre 2023 en mati\u00e8re d'administration provisoire des successions non r\u00e9clam\u00e9es, de curatelle des successions vacantes, de gestion et de \nliquidation des successions en d\u00e9sh\u00e9rence dans le d\u00e9partement de la Manche\nDR DOUANES\nPage 56\npage n\u00b0 mois publi\u00e9 le\nD\u00e9cision n\u00b0 1 / 2023 du 13 juillet 2023 portant fermeture d\u00e9finitive d'un d\u00e9bit de tabac ordinaire permanent (Saint-Vaast la Hougue) 2 63 Juillet 19/07/23\nDIRM\nPage 57\npage SP mois publication\n20\nSP 62 juillet\n18/07/23\n20\nSP 62 juillet\n18/07/23\n20 SP 62 juillet\n18/07/23\nD\u00e9cision n\u00b0 1306 / 2023 du 17 juillet 2023 fixant la liste des navires autoris\u00e9s \u00e0 p\u00eacher des p\u00e9toncles blancs-vanneaux en zone soumise \u00e0 restriction 21 SP 62 juillet 18/07/23\n2\n63 Juillet 19/07/23\n2\n63 Juillet 19/07/23\n2 66 Juillet 28/07/23\n7 SP 68 Ao\u00fbt 04/08/23\n7 SP 68 Ao\u00fbt 04/08/23\n Arr\u00eat\u00e9 n\u00b0 139 / 2023 du 8 ao\u00fbt 2023 fixant les modalit\u00e9s de d\u00e9rogation \u00e0 la pes\u00e9e au d\u00e9barquement, pour une pes\u00e9e apr\u00e8s transport 8 SP 69 Ao\u00fbt 11/08/23\n8\nSP 72 Ao\u00fbt 25/08/23\nArr\u00eat\u00e9 n\u00b0 123/2023 du 17 juillet 2023 Portant r\u00e9glementation des conditions de d\u00e9barquement, de transport, d'exp\u00e9dition, de stockage, de commercialisation et \nde mise \u00e0 la consommation humaine des p\u00e9toncles blancs \u2013 vanneaux (Aequipecten opercularis) en provenance de la zone des Hanois au large du \nd\u00e9partement de la Manche\nArr\u00eat\u00e9 n\u00b0 125 / 2023 du 17 juillet 2023 \u00e9glementant le d\u00e9corticage sanitaire des p\u00e9toncles, en application de l'article 3 de l'arr\u00eat\u00e9 pr\u00e9fectoral n\u00b0122/2023 du 13 \njuillet 2023 portant r\u00e9glementation des conditions de d\u00e9barquement, de transport, d'exp\u00e9dition, de stockage, de commercialisation et de mise \u00e0 la \nconsommation humaine des p\u00e9toncles blancs \u2013 vanneaux (Aequipecten opercularis) en provenance de la zone des Casquets au large du d\u00e9partement de la \nManche\nArr\u00eat\u00e9 n\u00b0 126 / 2023 du 17 juillet 2023 R\u00e9glementant le d\u00e9corticage sanitaire des p\u00e9toncles, en application de l'article 3 de l'arr\u00eat\u00e9 pr\u00e9fectoral n\u00b0123/2023 du \n17 juillet 2023 portant r\u00e9glementation des conditions de d\u00e9barquement, de transport, d'exp\u00e9dition, de stockage, de commercialisation et de mise \u00e0 la \nconsommation humaine des p\u00e9toncles blancs \u2013 vanneaux (Aequipecten opercularis) en provenance de la zone des Hanois au large du d\u00e9partement de la \nManche\nArr\u00eat\u00e9 n\u00b0 127 / 2023 du 18 juillet 2023 portant modification de l'arr\u00eat\u00e9 n\u00b0125/2023 r\u00e9glementant le d\u00e9corticage sanitaire des p\u00e9toncles, en application de \nl'article 3 de l'arr\u00eat\u00e9 pr\u00e9fectoral n\u00b0122/2023 du 13 juillet 2023 portant r\u00e9glementation des conditions de d\u00e9barquement, de transport, d'exp\u00e9dition, de stockage, \nde commercialisation et de mise \u00e0 la consommation humaine des p\u00e9toncles blancs \u2013 vanneaux (Aequipecten opercularis) en provenance de la zone des \nCasquets au large du d\u00e9partement de la Manche\nArr\u00eat\u00e9 n\u00b0 128 / 2023 du 18 juillet 2023 portant modification de l'arr\u00eat\u00e9 n\u00b0126/2023 r\u00e9glementant le d\u00e9corticage sanitaire des p\u00e9toncles, en application de \nl'article 3 de l'arr\u00eat\u00e9 pr\u00e9fectoral n\u00b0123/2023 du 17 juillet 2023 portant r\u00e9glementation des conditions de d\u00e9barquement, de transport, d'exp\u00e9dition, de stockage, \nde commercialisation et de mise \u00e0 la consommation humaine des p\u00e9toncles blancs \u2013 vanneaux (Aequipecten opercularis) en provenance de la zone des \nHanois au large du d\u00e9partement de la Manche\nArr\u00eat\u00e9 n\u00b0 130/2023 du 26 juillet 2023 portant subd\u00e9l\u00e9gation de signature du directeur interr\u00e9gional de la mer Manche Est \u2014 mer du Nord aux personnes \nplac\u00e9es sous sa responsabilit\u00e9 pour les actes et les d\u00e9cisions en mati\u00e8re de police sanitaire pour les zones de p\u00eache des pectinid\u00e9s en Manche Est \u2014 mer du \nNord\nArr\u00eat\u00e9 n\u00b0 136 / 2023 du 4 ao\u00fbt 2023 abrogeant l'arr\u00eat\u00e9 n\u00b0125/2023 du 17 juillet 2023 r\u00e9glementant le d\u00e9corticage sanitaire des p\u00e9toncles en provenance de la \nzone des Casquets au large du d\u00e9partement de la Manche\nArr\u00eat\u00e9 n\u00b0 137 / 2023 4 ao\u00fbt 2023 abrogeant l'arr\u00eat\u00e9 n\u00b0126/2023 du 17 juillet 2023 r\u00e9glementant le d\u00e9corticage sanitaire des p\u00e9toncles en provenance de la \nzone des Hanois au large du d\u00e9partement de la Manche\nArr\u00eat\u00e9 n\u00b0 144/2023 du 23 ao\u00fbt 2023 portant subd\u00e9l\u00e9gation de signature du directeur interr\u00e9gional de la mer Manche Est \u2014 mer du Nord aux personnes \nplac\u00e9es sous sa responsabilit\u00e9 pour les actes et les d\u00e9cisions en mati\u00e8re de police sanitaire pour les zones de p\u00eache des pectinid\u00e9s en Manche Est \u2014 mer du \nNord\nDIRNO\nPage 58\npage num\u00e9ro mois publi\u00e9 le\n6 SP 31 avril 14/04/23\n2 SP 45 juin 02/06/23\n33 SP 71 Ao\u00fbt 23/08/23\n2 SP 103 D\u00e9c. 01/12/23\nArr\u00eat\u00e9 n\u00b0 2023-19 du 12 avril 2023 portant subd\u00e9l\u00e9gation de signature en mati\u00e8re de gestion du domaine public et police de la circulation dans le d\u00e9partement de \nla Manche\nArr\u00eat\u00e9 n\u00b0 2023-33 du 1er juin 2023 portant subd\u00e9l\u00e9gation de signature en mati\u00e8re de gestion du domaine public et police de la circulation dans le d\u00e9partement de \nla Manche\nArr\u00eat\u00e9 n\u00b0 2023-51 du 21 ao\u00fbt 2023 portant subd\u00e9l\u00e9gation de signature en mati\u00e8re de gestion du domaine public et police de la circulation dans le d\u00e9partement de \nla Manche\nArr\u00eat\u00e9 n\u00b0 2023-71 du 1er d\u00e9cembre 2023 portant subd\u00e9l\u00e9gation de signature en mati\u00e8re de gestion du domaine public et police de la circulation dans le \nd\u00e9partement de la Manche\nDISP sces p\u00e9nit.\nPage 59\npage publi\u00e9 le\n15\n2 SP 08 janv. 31/01/23\n2 SP 08 janv. 31/01/23\n15 SP 20 mars 10/03/23\n3 SP 21 mars 14/03/23\n2 SP 37 mai 09/05/23\n2 SP 37 mai 09/05/23\n3 SP 37 mai 09/05/23\n2 SP 46 juin 05/06/23\n13 SP 47 juin 12/06/23\n14 SP 47 juin 12/06/23\n14 SP 64 juillet 24/07/23\n14 SP 64 juillet 24/07/23\n7 SP 68 Ao\u00fbt 04/08/23\n12 SP 69 Ao\u00fbt 11/08/23\n3 SP 73 Ao\u00fbt 28/08/23\nArr\u00eat\u00e9 portant d\u00e9l\u00e9gation de signature du 1er septembre 2023 7 SP 76 Sept. 05/09/23\nArr\u00eat\u00e9 portant d\u00e9l\u00e9gation de signature du 2 octobre 2023 10 SP 87 Oct. 13/10/23\n13 SP 89 Oct. 20/10/23\nANNULE ET REMPLACE PUBLICATION DU 13 OCTOBRE 2023- Arr\u00eat\u00e9 portant d\u00e9l\u00e9gation de signature du 2 octobre 2023 14 SP 89 Oct. 20/10/23\nArr\u00eat\u00e9 du 12 d\u00e9cembre 2023 portant d\u00e9l\u00e9gation de signature 57 D\u00e9c. 03/01/24\n57 D\u00e9c. 03/01/24\nArr\u00eat\u00e9 du 2 janvier 2023 portant d\u00e9l\u00e9gation de signature \u00e0 Madame Marilyn BENOOTen qualit\u00e9 de cheffe d'\u00e9tablissement de la maison d'arr\u00eat de CHERBOURG \u00e0 \ncompter du 18 janvier 2023\nArr\u00eat\u00e9 du 30 janvier 2023 portant d\u00e9l\u00e9gation de signature \u00e0 Madame Marilyn BENOOT en qualit\u00e9 de cheffe d'\u00e9tablissement de la maison d'arr\u00eat de CHERBOURG \u00e0 \ncompter du 6 f\u00e9vrier 2023\nArr\u00eat\u00e9 du 30 janvier 2023 portant d\u00e9l\u00e9gation de signature \u00e0 Monsieur Lionel LE FRAN\u00c7OIS en qualit\u00e9 de chef d'\u00e9tablissement de la maison d'arr\u00eat de \nCOUTANCES\nArr\u00eat\u00e9 du 9 mars 2023 portant d\u00e9l\u00e9gation de signature \u00e0 Madame Marilyn BENOOT en qualit\u00e9 de cheffe d'\u00e9tablissement de la maison d'arr\u00eat de CHERBOURG \u00e0 \ncompter du 20 mars 2023\nArr\u00eat\u00e9 du 10 mars 2023 portant d\u00e9l\u00e9gation de signature \u00e0 Madame Delphine FOURNIER en qualit\u00e9 de Directrice fonctionnelle des services p\u00e9nitentiaires d'insertion \net de probation de la MANCHE\nArr\u00eat\u00e9 du 3 mai 2023 portant d\u00e9l\u00e9gation de signature \u00e0 Monsieur Lionel LE FRAN\u00c7OIS en qualit\u00e9 de chef d'\u00e9tablissement de la maison d'arr\u00eat de COUTANCES \u00e0 \ncompter du 14 mai 2023\nArr\u00eat\u00e9 du 5 mai 2023 portant d\u00e9l\u00e9gation de signature \u00e0 Madame Marilyn BENOOT en qualit\u00e9 de cheffe d'\u00e9tablissement de la maison d'arr\u00eat de CHERBOURG \u00e0 \ncompter du 01 mai 2023\nArr\u00eat\u00e9 du 5 mai 2023 portant d\u00e9l\u00e9gation de signature \u00e0 Madame Marilyn BENOOT en qualit\u00e9 de cheffe d'\u00e9tablissement de la maison d'arr\u00eat de CHERBOURG \u00e0 \ncompter du 29 mai 2023\nArr\u00eat\u00e9 du 2 juin 2023 portant d\u00e9l\u00e9gation de signature \u00e0 Madame Marilyn BENOOT en qualit\u00e9 de cheffe d'\u00e9tablissement de la maison d'arr\u00eat de CHERBOURG \u00e0 \ncompter du 15 juin 2023\nArr\u00eat\u00e9 du 7 juin 2023 portant d\u00e9l\u00e9gation de signature \u00e0 Madame Marilyn BENOOT en qualit\u00e9 de cheffe d'\u00e9tablissement de la maison d'arr\u00eat de CHERBOURG \u00e0 \ncompter du 30 juin 2023\nArr\u00eat\u00e9 du 7 juin 2023 portant d\u00e9l\u00e9gation de signature \u00e0 Madame Marilyn BENOOT en qualit\u00e9 de cheffe d'\u00e9tablissement de la maison d'arr\u00eat de CHERBOURG \u00e0 \ncompter du 14 juillet 2023\nArr\u00eat\u00e9 du 21 juillet 2023 portant d\u00e9l\u00e9gation de signature \u00e0 Madame Marilyn BENOOT en qualit\u00e9 de cheffe d'\u00e9tablissement de la maison d'arr\u00eat de CHERBOURG \u00e0 \ncompter du 28 juillet 2023\nArr\u00eat\u00e9 du 21 juillet 2023 portant d\u00e9l\u00e9gation de signature \u00e0 Madame Marilyn BENOOT en qualit\u00e9 de cheffe d'\u00e9tablissement de la maison d'arr\u00eat de CHERBOURG \u00e0 \ncompter du 18 ao\u00fbt 2023\nArr\u00eat\u00e9 du 1er ao\u00fbt 2023 portant d\u00e9l\u00e9gation de signature \u00e0 Madame Marilyn BENOOT en qualit\u00e9 de cheffe d'\u00e9tablissement de la maison d'arr\u00eat de CHERBOURG \u00e0 \ncompter du 28 ao\u00fbt 2023\nArr\u00eat\u00e9 du 7 ao\u00fbt 2023 portant d\u00e9l\u00e9gation de signature \u00e0 Madame Marilyn BENOOT en qualit\u00e9 de cheffe d'\u00e9tablissement de la maison d'arr\u00eat de CHERBOURG \u00e0 \ncompter du 1er septembre 2023\nArr\u00eat\u00e9 du 25 ao\u00fbt 2023 portant d\u00e9l\u00e9gation de signature \u00e0 Monsieur Pascal LECUYER en qualit\u00e9 de Directeur fonctionnel des services p\u00e9nitentiaires d'insertion et \nde probation de la MANCHE\nArr\u00eat\u00e9 du 16 octobre 2023 portant d\u00e9l\u00e9gation de signature \u00e0 Madame Marilyn BENOOT en qualit\u00e9 de cheffe d'\u00e9tablissement de la maison d'arr\u00eat de CHERBOURG \n\u00e0 compter du 27 octobre 2023\nArr\u00eat\u00e9 du 21 d\u00e9cembre 2023 portant d\u00e9l\u00e9gation de signature \u00e0 Madame Marilyn BENOOT en qualit\u00e9 de cheffe d'\u00e9tablissement de la maison d'arr\u00eat de \nCHERBOURG \u00e0 compter du 2 janvier 2024\nDIRPJJ\nPage 60\npage publi\u00e9 le\nArr\u00eat\u00e9 du 17 avril 2023 portant tarification 2023 du Centre \u00c9ducatif et d'Insertion LE BIGARD 19 avril 05/05/23\n2 SP 110 D\u00e9c. 29/12/23\nArr\u00eat\u00e9 pr\u00e9fectoral du 29 d\u00e9cembre 2023 portant cession d'autorisation de l'\u00e9tablissement d\u00e9nomm\u00e9 \u00ab\u00a0Centre \u00e9ducatif et d'insertion\u00a0Le Bigard \u00bb \u00e0 l'Association Institution \nFamiliale Sainte Th\u00e9r\u00e8se (AIFST)\nDRAC\nPage 61\npage num\u00e9ro mois publi\u00e9 le\nArr\u00eat\u00e9 n\u00b0 28-2023-131 du 16 mars 2023 portant d\u00e9limitation de zonage arch\u00e9ologique sur la commune de LE MONT-SAINT-MICHEL (Manche) 12 mars 03/04/23\n23 juin 10/07/23\n9 SP 77 Sept. 08/09/23\nArr\u00eat\u00e9 n\u00b0 28-2023-328 du 23 juin 2023 portant d\u00e9limitation de zonage arch\u00e9ologique sur la commune de VALOGNES (MANCHE) et modifiant \nl'arr\u00eat\u00e9 Z-2007-02 du 17 septembre 2007\nArr\u00eat\u00e9 du 21 ao\u00fbt 2023 portant subd\u00e9l\u00e9gation de la d\u00e9l\u00e9gation de signature pour le d\u00e9partement de la Manche donn\u00e9e par le Pr\u00e9fet de la Manche \n\u00e0 la directrice r\u00e9gionale des affaires culturelles\nDREAL\nPage 62\npage num\u00e9ro mois publi\u00e9 le\n4 SP 05 janv. 17/01/23\nD\u00e9cision n\u00b02023-10 du 9 janvier 2023 Subd\u00e9l\u00e9gation de signature en mati\u00e8re d'activit\u00e9s de niveau d\u00e9partemental \u2013 Manche 5 SP 07 janv. 27/01/23\n11 fev. 01/03/23\n14 fev. 01/03/23\n14 fev. 01/03/23\n7 SP 23 mars 24/03/23\n2 SP 25 mars 31/03/23\n16 mars 03/04/23\n16 mars 03/04/23\n19 mars 03/04/23\n19 mars 03/04/23\n20 avril 05/05/23\n21 avril 05/05/23\n6 SP 58 juillet 05/07/23\n6 SP 58 juillet 05/07/23\n29 juin 10/07/23\nArr\u00eat\u00e9 n\u00b0 SRN/UAPP/2023-00537-051-001 du 23 juin 2023 autorisant la cueillette et le transport de Zost\u00e8res naines \u2013 CNAM Intechmer - Manche 14 juillet 02/08/23\n15 juillet 02/08/23\n19 juillet 02/08/23\n21 juillet 02/08/23\nD\u00e9cision n\u00b02023-72 du 22 ao\u00fbt 2023 de subd\u00e9l\u00e9gation de signature en mati\u00e8re d'activit\u00e9s de niveau d\u00e9partemental \u2013 Manche 34 SP 71 Ao\u00fbt 23/08/23\nD\u00e9cision n\u00b02023-81 du 31 ao\u00fbt 2023 de Subd\u00e9l\u00e9gation de signature en mati\u00e8re d'activit\u00e9s de niveau d\u00e9partemental \u2013 Manche 22 SP 75 Sept. 04/09/23\n21 SP 89 Oct. 20/10/23\n28 Oct. 07/11/23\n30 Oct. 07/11/23\nD\u00e9cision n\u00b02023-125 du 28 novembre 2023 portant subd\u00e9l\u00e9gation de signature en mati\u00e8re d'activit\u00e9s de niveau d\u00e9partemental \u2013 Manche 3 SP 102 Nov. 28/11/23\n37 Nov. 01/12/23\nArr\u00eat\u00e9 modificatif n\u00b0 SRN/UAPP/2022-0074-011-003 du 11 janvier 2023 modifiant l'arr\u00eat\u00e9 de d\u00e9rogation n\u00b0 SRN/UAPP/2022-0074-011-001 du 23 novembre 2022 - \nCapture, transport et rel\u00e2cher d'amphibiens \u2013 ORANO Recyclage - Projet de piscine d'entreposage centralis\u00e9e (PEC), Pr\u00e9paration de la plateforme\nArr\u00eat\u00e9 n\u00b0 SRN/2023-00001-051-001 du 16 f\u00e9vrier 2023 autorisant la capture temporaire avec rel\u00e2cher sur place de sp\u00e9cimens d'esp\u00e8ces animales prot\u00e9g\u00e9es \n(amphibiens et reptiles), le pr\u00e9l\u00e8vement de mat\u00e9riel biologique de sp\u00e9cimens d'animaux vivants ou morts, la d\u00e9tention et le transport de sp\u00e9cimens d'animaux \nmorts, par l'Union r\u00e9gionale des centres permanents d'initiatives pour l'environnement (CPIE) de Normandie, pour la r\u00e9gion Normandie\nD\u00e9cision du 23 f\u00e9vrier 2023 portant habilitation au titre de l'article R.8111-8 du code du travail des agents de contr\u00f4le de l'inspection du travail dans les carri\u00e8res \nsouterraines de la r\u00e9gion Normandie\nArr\u00eat\u00e9 n\u00b0 SRN/UAPP/2023-00177-011-001 du 23 f\u00e9vrier 2023 autorisant la capture temporaire avec rel\u00e2cher sur place de sp\u00e9cimens d'esp\u00e8ces animales \nprot\u00e9g\u00e9es\u00a0: amphibiens et Orvet commun \u2013 SyMEL\nArr\u00eat\u00e9 du 21 mars 2023 portant d\u00e9rogation exceptionnelle \u00e0 titre temporaire \u00e0 l'interdiction de circulation \u00e0 certaines p\u00e9riodes des v\u00e9hicules de transport de \nmarchandises de plus de 7,5 tonnes de PTAC pour la gestion d'\u00e9pizootie d'Influenza aviaire hautement pathog\u00e8ne (IAHP)\nArr\u00eat\u00e9 du 31 mars 2023 portant d\u00e9rogation exceptionnelle \u00e0 titre temporaire \u00e0 l'interdiction de circulation \u00e0 certaines p\u00e9riodes des v\u00e9hicules de transport de \nmarchandises de plus de 7,5 tonnes de PTAC\nArr\u00eat\u00e9 du 2 mars 2023 autorisant les membres de l'association Groupe Ornithologique Normand (GONm) \u00e0 p\u00e9n\u00e9trer sur les propri\u00e9t\u00e9s priv\u00e9es non closes de 19 \ncommunes du d\u00e9partement de la Manche aux fins de prospections et d'inventaires scientifiques\nArr\u00eat\u00e9 n\u00b0 SRN/UAPP/2023-00269-011-001 du 13 mars 2023 autorisant la capture temporaire avec rel\u00e2cher sur place de sp\u00e9cimens d'esp\u00e8ces animales prot\u00e9g\u00e9es \n(amphibiens, l\u00e9zards, insectes) par le Syndicat Mixte du Parc Naturel R\u00e9gional (PNR) Normandie Maine\nArr\u00eat\u00e9 du 24 mars 2023 portant d\u00e9rogation exceptionnelle \u00e0 titre temporaire \u00e0 l'interdiction de circulation \u00e0 certaines p\u00e9riodes des v\u00e9hicules de transport de \nmarchandises de plus de 7,5 tonnes de PTAC - R\u00e9gularisation\nArr\u00eat\u00e9 n\u00b0 SRN/UAPP/2023-00350-011-001 du 29 mars 2023 autorisant la capture temporaire avec rel\u00e2cher sur place de sp\u00e9cimens d'esp\u00e8ces animales \nprot\u00e9g\u00e9es\u00a0: amphibiens et odonates (libellules) \u2013 Communaut\u00e9 de Communes COUTANCES MER ET BOCAGE\nArr\u00eat\u00e9 du 3 avril 2023 autorisant, \u00e0 des fins de prospections et d'analyses scientifiques, des agents du CPIE (Centre Permanent d'initiatives pour l'environnement) \ndes Collines Normandes, en charge de la d\u00e9clinaison normande du PNA en faveur de la mulette perli\u00e8re, \u00e0 p\u00e9n\u00e9trer sur les propri\u00e9t\u00e9s priv\u00e9es non closes des \ncommunes du d\u00e9partement de la Manche concern\u00e9es par le bassin versant de l'Airou\nArr\u00eat\u00e9 n\u00b0 SRN/UAPP/2023-00403-011-001 du 20 avril 2023 autorisant la capture temporaire avec rel\u00e2cher sur place de sp\u00e9cimens d'esp\u00e8ces animales prot\u00e9g\u00e9es : \namphibiens et odonates (libellules), par le Comit\u00e9 r\u00e9gional d'\u00e9tude pour la protection et l'am\u00e9nagement de la nature en Normandie (CREPAN), pour la r\u00e9gion \nNormandie\nArr\u00eat\u00e9 n\u00b0 SRN/UAPP/2023-15-00505-030-025 du 3 juillet 2023 autorisant des op\u00e9rations d'effarouchement du Go\u00e9land argent\u00e9 (Larus argentatus) sur les zones \nconchylicoles de l'archipel de Chausey\nArr\u00eat\u00e9 n\u00b0 SRN/UAPP/2023-15-00505-030-026 du 3 juillet 2023 autorisant des op\u00e9rations d'effarouchement du Go\u00e9land argent\u00e9 (Larus argentatus) sur les zones \nconchylicoles c\u00f4ti\u00e8res du d\u00e9partement de la Manche\nArr\u00eat\u00e9 n\u00b0\u00a0SRN/UAPP/2023-00428-011-001 du 23 juin 2023 autorisant l'enl\u00e8vement et la destruction d'animaux vivants de l'esp\u00e8ce Bythinelle des moulins \n(Bythinella viridis), par le Groupe d'\u00e9tude des Invert\u00e9br\u00e9s armoricains (GRETIA), pour la r\u00e9gion Normandie\nArr\u00eat\u00e9 inter-pr\u00e9fectoral compl\u00e9mentaire du 10 juillet 2023 modifiant l'arr\u00eat\u00e9 inter-pr\u00e9fectoral du 30 juin 2022 portant autorisation environnementale au titre des \narticles L. 181-1 et suivants du code de l'environnement \u2013 Syst\u00e8me d'endiguement de la Baie du Mont-Saint-Michel\nArr\u00eat\u00e9 n\u00b0 SRN/UAPP/2018-00678-011-003 du 19 juillet 2023 autorisant la capture temporaire avec rel\u00e2cher sur place de sp\u00e9cimens d'esp\u00e8ces animales \nprot\u00e9g\u00e9es\u00a0: amphibiens et odonates \u2013 Association AVRIL\nArr\u00eat\u00e9 n\u00b0 SRN/UAPP/23-20-00372-011-003 du 26 juillet 2023 autorisant la capture ou l'enl\u00e8vement de sp\u00e9cimens d'esp\u00e8ces animales prot\u00e9g\u00e9es\u00a0: chiropt\u00e8res \u2013 \n\u00c9cosph\u00e8re\nArr\u00eat\u00e9 n\u00b02016-00179-051-003 du 20 octobre 2023 autorisant la capture et la conservation de sp\u00e9cimens d'esp\u00e8ces animales prot\u00e9g\u00e9es\u00a0: Planorbe naine \u2013 PNR \ndes marais du Cotentin et du Bessin et GRETIA\nArr\u00eat\u00e9 n\u00b0 2023-00774-011-001 du 7 juillet 2023 autorisant la destruction, l'alt\u00e9ration ou la d\u00e9gradation de sites de reproduction ou d'aires de repos d'animaux \nd'esp\u00e8ces animales prot\u00e9g\u00e9es \u2013 Commune de Saint-Hilaire du Harcou\u00ebt \u2013 Dossier SCEA de Leplu\nArr\u00eat\u00e9 n\u00b0 2023-00774-011-002 du 5 septembre 2023 autorisant la destruction, l'alt\u00e9ration ou la d\u00e9gradation de sites de reproduction ou d'aires de repos d'animaux \nd'esp\u00e8ces animales prot\u00e9g\u00e9es ainsi que la perturbation intentionnelle de sp\u00e9cimens d'esp\u00e8ces animales prot\u00e9g\u00e9es \u2013 Commune de MONTHUCHON \u2013 Dossier \nGAEC Perrey\nArr\u00eat\u00e9 n\u00b0 SRN - 2023-00774-011-009 du 27 novembre 2023 autorisant la destruction, l'alt\u00e9ration ou la d\u00e9gradation de sites de reproduction ou d'aires de repos \nd'animaux d'esp\u00e8ces animales prot\u00e9g\u00e9es \u2013 Commune de Beslon \u2013 J\u00e9r\u00e9my Leroy\nEHPAD DUCEY\nPage 63\nPage num\u00e9ro mois publi\u00e9 le\nDREAL Bretagne\nPage 64\npage publi\u00e9 le\npage num\u00e9ro mois publi\u00e9 le\nGroupe Hospi. Mt Saint-Michel\nPage 65\npage publi\u00e9 le\nMin transi. \u00e9cologique - Min Mer\nPage 66\npage publi\u00e9 le\nPr\u00e9fecture Maritime Manche et Mer du Nord\nPage 67\npage mois publi\u00e9 le\n16 fev. 01/03/23\n2 SP 61 juillet 13/07/23\n31 juillet 02/08/23\n4 SP 81 sept. 21/09/23\n9 SP 91 oct. 27/10/23\n31 oct. 07/11/23\nArr\u00eat\u00e9 inter-pr\u00e9fectoral n\u00b0 23-154 du 26 octobre 2023 portant protection du biotope des \u00eeles Saint-Marcouf (Manche) 34 oct. 07/11/23\n4 SP 99 Nov. 20/11/23\nArr\u00eat\u00e9 inter-pr\u00e9fectoral n\u00b0 6/2023/PREMAR MANCHE/AEM/NP du 13 f\u00e9vrier 2023 portant protection du biotope de Castel Vendon commune \nde la Hague (Manche)\nArr\u00eat\u00e9 inter-pr\u00e9fectoral n\u00b048/2023/PREMAR MANCHE/AEM/NP du 26 juin 2023 portant approbation de l'occupation temporaire du domaine \npublic maritime pour une zone de mouillages et d'\u00e9quipements l\u00e9gers au lieu-dit \u00abl'anse de Blainville - le Rocher aux \u00e2nes\u00bb sur le littoral de \nla commune d'Agon-Coutainville.\nArr\u00eat\u00e9 inter-pr\u00e9fectoral n\u00b071/2023/PRE MAR MANCHE/AEM/NP du 25 juillet 2023 portant r\u00e8glement de la police de la zone des mouillages \net d'\u00e9quipements l\u00e9gers au lieu-dit \u00ab\u00a0l'anse de Blainville-le-Rocher aux \u00e2nes\u00a0\u00bb sur le littoral de la commune d'Agon-Coutainville au b\u00e9n\u00e9fice \nde l'association de l'anse de l'herbet.\nArr\u00eat\u00e9 inter-pr\u00e9fectoral du 14 septembre 2023 fixant la composition du comit\u00e9 de pilotage de la zone sp\u00e9ciale de conservation (n\u00b0 \nFR2500077) et de la zone de protection sp\u00e9ciale (n\u00b0 FR2510048) \u00ab\u00a0Baie du Mont-Saint-Michel\u00a0\u00bb.\nArr\u00eat\u00e9 inter-pr\u00e9fectoral du 12 octobre 2023 portant r\u00e9glementation de la p\u00eache maritime professionnelle dans le secteur de la Baie de Seine \noccidentale.\nArr\u00eat\u00e9 inter-pr\u00e9fectoral n\u00b0 103/2023/PR\u00c9MAR MANCHE/AEM/NP du 24 octobre 2023 portant autorisation d'occupation temporaire d'une \nzone de mouillages et d'\u00e9quipements l\u00e9gers au b\u00e9n\u00e9fice de l'association des usagers de l'anse de Landemer, commune de Montfarville et \nabrogeant l'arr\u00eat\u00e9 inter-pr\u00e9fectoral n\u00b0 81/2020 des 18 et 29 d\u00e9cembre 2020.\nArr\u00eat\u00e9 n\u00b0 201/2023 du 16 novembre 2023 portant subd\u00e9l\u00e9gation de signature du directeur interr\u00e9gional de la mer Manche Est \u2014 mer du \nNord aux personnes plac\u00e9es sous sa responsabilit\u00e9 pour les actes et les d\u00e9cisions en mati\u00e8re de police sanitaire pour les zones de p\u00eache \ndes pectinid\u00e9s en Manche Est \u2014 mer du Nord\nMaison d'arr\u00eat de Cherbourg\nPage 68\npages num\u00e9ro mois publi\u00e9 le\n12 SP 07 janv. 27/01/23\nArr\u00eat\u00e9 du 25 janvier 2023 portant nomination des membres au comit\u00e9 social d'administration sp\u00e9cial de la maison d'arr\u00eat de \nCherbourg\nMaison d'arr\u00eat de Coutances\nPage 69\npages num\u00e9ro mois publi\u00e9 le\n16 janv. 01/02/23\nArr\u00eat\u00e9 du 10 f\u00e9vrier 2023 portant d\u00e9l\u00e9gation de signature 2 SP 12 fev. 14/02/23\n2 SP 13 fev. 16/02/23\n47 SP 78 sept. 14/09/23\nArr\u00eat\u00e9 du 18 Janvier 2023 portant nomination des membres au comit\u00e9 social d'administration \nsp\u00e9cial de la Maison d'arr\u00eat de Coutances\nArr\u00eat\u00e9 du 15 f\u00e9vrier 2023 portant d\u00e9l\u00e9gation de signature \u00e0 Monsieur Lionel LE FRAN\u00c7OIS en \nqualit\u00e9 de chef d'\u00e9tablissement de la maison d'arr\u00eat de COUTANCES \u00e0 compter du 20 f\u00e9vrier \n2023\nArr\u00eat\u00e9 du 11 septembre 2023 portant d\u00e9l\u00e9gation de signature \u00e0 Monsieur Lionel LE FRAN\u00c7OIS en \nqualit\u00e9 de chef d'\u00e9tablissement de la maison d'arr\u00eat de COUTANCES \u00e0 compter du 1er octobre \n2023\nMarine Nationale CDT\nPage 70\npage publi\u00e9 le\nPr\u00e9fectures 44 et 50\nPage 71\npage n\u00b0 mois publi\u00e9 le\nPr\u00e9f des C\u00f4tes d'Armor\nPage 72\npage num\u00e9ro mois publi\u00e9 le\nSGAMI - pref ZDS Ouest\nPage 73\npage mois publi\u00e9 le\n3 SP 04 janv. 31/01/23\n3 SP 04 janv. 31/01/23\nArr\u00eat\u00e9 du 30 janvier 2023 donnant d\u00e9l\u00e9gation de signature \u00e0 madame Charlotte BOUZAT, secr\u00e9taire g\u00e9n\u00e9rale par int\u00e9rim du SGAMI OUEST 3 SP 04 janv. 31/01/23\n5 SP 04 janv. 31/01/23\n16 janv. 01/02/23\n16 janv. 01/02/23\nArr\u00eat\u00e9 16 janvier 2023 portant d\u00e9l\u00e9gation de signature carte achat et Chorus DT 27 fev. 01/03/23\n2 SP 19 mars 06/03/23\n2 SP 19 mars 06/03/23\n21 SP 62 Juillet 18/07/23\nArr\u00eat\u00e9 du 27 janvier 2023 portant approbation du plan de mont\u00e9e en puissance relatif au centre op\u00e9rationnel de la zone de d\u00e9fense et de \ns\u00e9curit\u00e9 ouest\nArr\u00eat\u00e9 du 30 janvier 2023 nommant madame Charlotte BOUZAT, secr\u00e9taire g\u00e9n\u00e9rale pour l'administration du minist\u00e8re de l'int\u00e9rieur de la \nzone ouest par interim aupr\u00e8s du pr\u00e9fet de la zone de d\u00e9fense et de s\u00e9curit\u00e9 ouest\nArr\u00eat\u00e9 du 30 janvier 2023 donnant d\u00e9l\u00e9gation de signature \u00e0 madame Charlotte BOUZAT, secr\u00e9taire g\u00e9n\u00e9rale par int\u00e9rim de l'administration \ndu minist\u00e8re de l'int\u00e9rieur de la zone ouest aupr\u00e8s du pr\u00e9fet de la zone de d\u00e9fense et de s\u00e9curit\u00e9 ouest\nArr\u00eat\u00e9 du 15 d\u00e9cembre 2022 portant approbation du plan de continuit\u00e9 d'activit\u00e9 de la pr\u00e9fecture de zone de d\u00e9fense et de s\u00e9curit\u00e9 ouest, site \n\u00ab\u00a0BORDERIE\u00a0\u00bb\nArr\u00eat\u00e9 du 28 d\u00e9cembre 2022 portant approbation du document ORSEC \u00ab\u00a0RETAP RESEAUX\u00a0\u00bb relatif au r\u00e9tablissement et \u00e0 \nl'approvisionnement d'urgence des r\u00e9seaux \u00e9lectricit\u00e9, communications \u00e9lectroniques, eaux, gaz et hydrocarbures de la zone de d\u00e9fense et \nde s\u00e9curit\u00e9 ouest\nArr\u00eat\u00e9 du 06 mars 2023 donnant d\u00e9l\u00e9gation de signature \u00e0 Monsieur Herv\u00e9 TOURMENTE, pr\u00e9fet d\u00e9l\u00e9gu\u00e9 pour la d\u00e9fense et la s\u00e9curit\u00e9 \naupr\u00e8s du pr\u00e9fet de zone\nArr\u00eat\u00e9 du 6 mars 2023 donnant d\u00e9l\u00e9gation de signature \u00e0 Monsieur Herv\u00e9 TOURMENTE, secr\u00e9taire g\u00e9n\u00e9ral pour l'administration du minist\u00e8re \nde l'int\u00e9rieur de la zone ouest aupr\u00e8s du pr\u00e9fet de la zone de d\u00e9fense et de s\u00e9curit\u00e9 ouest\nArr\u00eat\u00e9 du 18 juillet 2023 donnant d\u00e9l\u00e9gation de signature \u00e0 monsieur Herv\u00e9 TOURMENTE, secr\u00e9taire g\u00e9n\u00e9ral pour l'administration du \nminist\u00e8re de l'int\u00e9rieur de la zone ouest aupr\u00e8s du pr\u00e9fet de la zone de d\u00e9fense et de s\u00e9curit\u00e9 ouest\nPref ZDS Ouest\nPage 74\npage publi\u00e9 le\n2 SP 29 avril 07/04/23\n3 SP 29 avril 07/04/23\n2 SP 32 avril 14/04/23\n4 SP 33 avril 21/04/23\n23 avril 05/05/23\n25 avril 05/05/23\n14 mai 01/06/23\nArr\u00eat\u00e9 du 7 avril 2023 portant d\u00e9rogation exceptionnelle \u00e0 titre temporaire \u00e0 l'interdiction de circulation \u00e0 certaines p\u00e9riodes des \nv\u00e9hicules de transport de marchandises de plus de 7,5 tonnes de PTAC pour les v\u00e9hicules en provenance ou \u00e0 destination de la zone \nindustrialo-portuaire du Havre\n Arr\u00eat\u00e9 du 7 avril 2023 portant d\u00e9rogation exceptionnelle \u00e0 titre temporaire \u00e0 l'interdiction de circulation \u00e0 certaines p\u00e9riodes des \nv\u00e9hicules de transport de marchandises de plus de 7,5 tonnes de PTAC pour le transport de carburants \u00e0 partir du d\u00e9p\u00f4t p\u00e9trolier DPO \u00e0 \nSaint-Jean-de-Braye (45)\nArr\u00eat\u00e9 du 14 avril 2023 portant d\u00e9rogation exceptionnelle \u00e0 titre temporaire \u00e0 l'interdiction de circulation \u00e0 certaines p\u00e9riodes des \nv\u00e9hicules de transport de marchandises de plus de 7,5 tonnes de PTAC pour les v\u00e9hicules en provenance ou \u00e0 destination de la zone \nindustrialo-portuaire du HAVRE\nArr\u00eat\u00e9 du 20 avril 2023 confiant la suppl\u00e9ance du pr\u00e9fet de zone de d\u00e9fense et de s\u00e9curit\u00e9 ouest \u00e0 monsieur Philippe MAH\u00c9, pr\u00e9fet du \nFinist\u00e8re du vendredi 21 avril 2023 \u00e0 12h00 au vendredi 21 avril 2023 \u00e0 21h00\nArr\u00eat\u00e9 du 17 avril 2023 portant d\u00e9rogation exceptionnelle \u00e0 titre temporaire AUX interdictions de circulation, \u00e0 certaines p\u00e9riodes, des \nv\u00e9hicules de transport de marchandises de plus de 7,5 tonnes de PTAC, affect\u00e9s au transport d'aliments pour animaux de rente\nArr\u00eat\u00e9 du 17 avril 2023 portant d\u00e9signation des membres de la conf\u00e9rence de s\u00e9curit\u00e9 int\u00e9rieure de la zone de d\u00e9fense et de s\u00e9curit\u00e9 \nouest\nArr\u00eat\u00e9 du 17 mai 2023 portant nomination des r\u00e9f\u00e9rents techniques et du commandant des syst\u00e8mes d'information et de communication \nde la zone de d\u00e9fense et de s\u00e9curit\u00e9 OUEST\nSGAR\nPage 75\npage num\u00e9ro mois publi\u00e9 le\nSDIS 50\nPage 76\npage num\u00e9ro mois publi\u00e9 le\nD\u00e9claration du 22 f\u00e9vrier 2023 des personnes re\u00e7ues \u00e0 l'examen du BNSSA 27 fev. 01/03/23\nEHPAD DUCEY LES CHERIS\nPage 77\npage publi\u00e9 le\nEHPAD Georges Peuvrel La Haye Pesnel\nPage 78\npubli\u00e9 le \nANAH - Manche\nPage 79\npage num\u00e9ro mois publi\u00e9 le\n2 SP 48 juin 15/06/23\nD\u00e9cision n\u00b0 2023-09 DDTM-DIR du 30 mai 2023 de nomination du d\u00e9l\u00e9gu\u00e9 adjoint et de d\u00e9l\u00e9gation de signature \ndu d\u00e9l\u00e9gu\u00e9 de l'Agence \u00e0 ses collaborateurs.\nANRU - Manche\nPage 80\npage num\u00e9ro mois publi\u00e9 le\nArr\u00eat\u00e9 n\u00b0 DDTM-DIR-2023-13 du 8 juin 2023 portant d\u00e9l\u00e9gation de signature 13 SP 47 juin 12/06/23\nArchives d\u00e9partementales\nPage 81\npages num\u00e9ro publi\u00e9 le \nPr\u00e9fecture de la Mayenne\nPage 82\npage publi\u00e9 le\nCentre hospitalier Avranches-Granville\nPage 83\npage publi\u00e9 le \n13 SP 06 janv. 19/01/23\nD\u00e9cision de d\u00e9l\u00e9gation de signature du 6 novembre 2023 \u2013 Version 5 23 Nov. 01/12/23\nAvenant n\u00b05 du 1er janvier 2023 \u00e0 la d\u00e9cision portant d\u00e9l\u00e9gation de signature - Version n\u00b03 du 25/10/2021 \n(DG/DI/031)\nCentre hospitalier de l'Estran\nPage 84\npage publi\u00e9 le \nD\u00e9cision n\u00b0 2023/09 \u2013 DG du 17 avril 2023 portant d\u00e9l\u00e9gation de signature - d\u00e9l\u00e9gation g\u00e9n\u00e9rale 4 SP 39 mai 17/05/23\n5 SP 39 mai 17/05/23\n5 SP 39 mai 17/05/23\n6 SP 39 mai 17/05/23\n6 SP 39 mai 17/05/23\n7 SP 39 mai 17/05/23\n7 SP 39 mai 17/05/23\n8 SP 39 mai 17/05/23\n8 SP 39 mai 17/05/23\n9 SP 39 mai 17/05/23\n9 SP 39 mai 17/05/23\n10 SP 39 mai 17/05/23\n10 SP 39 mai 17/05/23\n12 SP 41 mai 22/05/23\n12 SP 41 mai 22/05/23\n13 SP 41 mai 22/05/23\n13 SP 41 mai 22/05/23\n4 SP 58 juillet 05/07/23\n4 SP 58 juillet 05/07/23\n4 SP 58 juillet 05/07/23\n5 SP 58 juillet 05/07/23\n5 SP 58 juillet 05/07/23\n68 ao\u00fbt 01/09/23\n68 ao\u00fbt 01/09/23\n14 sept. 03/10/23\nD\u00e9cision n\u00b0 2023/10 \u2013 DG du 17 avril 2023 portant d\u00e9l\u00e9gation de signature pour les fonctions d'administrateur \nde garde\nD\u00e9cision n\u00b0 2023/12 \u2013 DG du 17 avril 2023 portant d\u00e9l\u00e9gation de signature pour les fonctions d'administrateur \nde garde\nD\u00e9cision n\u00b0 2023/13 \u2013 DG du 17 avril 2023 portant d\u00e9l\u00e9gation de signature pour les fonctions d'administrateur \nde garde\nD\u00e9cision n\u00b0 2023/14 \u2013 DG du 17 avril 2023 portant d\u00e9l\u00e9gation de signature pour les fonctions d'administrateur \nde garde\nD\u00e9cision n\u00b0 2023/17 \u2013 DG du 17 avril 2023 portant d\u00e9l\u00e9gation de signature pour les fonctions d'administrateur \nde garde\nD\u00e9cision n\u00b0 2023/19 \u2013 DG du 17 avril 2023 portant d\u00e9l\u00e9gation de signature pour les fonctions de Directrice du \np\u00f4le op\u00e9rations, affaires m\u00e9dicales, coordination fili\u00e8res, parcours de soins et coop\u00e9rations\nD\u00e9cision n\u00b0 2023/20 \u2013 DG du 17 avril 2023 portant d\u00e9l\u00e9gation de signature pour les fonctions de Directeur \nAdjoint Charg\u00e9 du p\u00f4le gestion financi\u00e8res, performance et dialogue de gestion\nD\u00e9cision n\u00b02023/21 \u2013 DG du 17 avril 2023 portant d\u00e9l\u00e9gation de signature pour les fonctions de Directeur \nadjoint en charge des affaires juridiques et du comit\u00e9 d'\u00e9thique\nD\u00e9cision n\u00b0 2023/22 \u2013 DG du 17 avril 2023 portant d\u00e9l\u00e9gation de signature pour les fonctions de Directeur \nAdjoint en charge du p\u00f4le strat\u00e9gie, innovation et projets\nD\u00e9cision n\u00b0 2023/24 \u2013 DG du 17 avril 2023 portant d\u00e9l\u00e9gation de signature pour les fonctions de Responsable \ndu d\u00e9partement de l'information m\u00e9dicale (DIM) & du dossier patient informatis\u00e9 (DPI)\nD\u00e9cision n\u00b0 2023/28 \u2013 DG du 4 mai 2023 portant d\u00e9l\u00e9gation de signature pour les fonctions d'adjoint \nadministratif au bureau des entr\u00e9es et soins sans consentement\nD\u00e9cision n\u00b0 2023/32 - DG du 17 avril 2023 portant d\u00e9l\u00e9gation de signature pour les fonctions d'attach\u00e9e \nd'administration hospitali\u00e8re \u00e0 la direction des affaires g\u00e9n\u00e9rales\nD\u00e9cision n\u00b0 2023/16 \u2013 DG du 17 avril 2023 portant d\u00e9l\u00e9gation de signature pour les fonctions d'administrateur \nde garde\nD\u00e9cision n\u00b0 2023/25 \u2013 DG du 17 avril 2023 portant d\u00e9l\u00e9gation de signature pour les fonctions d'attach\u00e9 \nd'administration au p\u00f4le gestion financi\u00e8re, performance et dialogue de gestion\nD\u00e9cision n\u00b0 2023/27- DG du 17 avril 2023 portant d\u00e9l\u00e9gation de signature pour les fonctions d'adjoint \nadministratif au bureau des entr\u00e9es et soins sans consentement\nD\u00e9cision n\u00b0 2023/29 \u2013 DG du 17 avril 2023 portant d\u00e9l\u00e9gation de signature pour les fonctions d'adjoint \nadministratif au bureau des entr\u00e9es\nD\u00e9cision n\u00b0 2023/11 \u2013 DG du 17 avril 2023 portant d\u00e9l\u00e9gation de signature pour les fonctions d'administrateur \nde garde\n D\u00e9cision n\u00b0 2023/18 \u2013 DG du 17 avril 2023 portant d\u00e9l\u00e9gation de signature pour les fonctions d'administrateur \nde garde\nD\u00e9cision n\u00b02023/23 \u2013 DG du 17 avril 2023 portant d\u00e9l\u00e9gation de signature pour les fonctions de responsable du \nservice num\u00e9rique\nD\u00e9cision n\u00b0 2023/30 \u2013 DG du 17 avril 2023 portant d\u00e9l\u00e9gation de signature pour les fonctions de faisant-fonction \nDirectrice des soins\nD\u00e9cision n\u00b0 2023/31 \u2013 DG du 17 avril 2023 portant d\u00e9l\u00e9gation de signature du 17 avril 2023 pour les fonctions \nde de faisant-fonction directrice des soins\nD\u00e9cision n\u00b0 2023/15 \u2013 DG du 17 avril 2023 portant d\u00e9l\u00e9gation de signature pour les fonctions d'administrateur \nde garde\nD\u00e9cision n\u00b0 2023/26- DG du 17 avril 2023 portant d\u00e9l\u00e9gation de signature pour les fonctions de responsable des \naffaires m\u00e9dico-sociales, soins sans consentement, isolement contention, et gestion des plaintes et \nr\u00e9clamations\nD\u00e9cision n\u00b0 2023/07/38 \u2013 DG du 5 juillet 2023 portant d\u00e9l\u00e9gation de signature pour les fonctions de Directeur \nAdjoint en charge du p\u00f4le strat\u00e9gie, innovation et projets\nTribunal Administratif de Caen\nPage 85\npage publi\u00e9 le \nD\u00e9cision du 1er septembre 2023 portant d\u00e9l\u00e9gation de signature \u00e0 Mme C\u00e9cile SILVANI 14 SP 76 Sept. 05/09/23\nD\u00e9cision du 1er septembre 2023 portant d\u00e9l\u00e9gation de signature \u00e0 M. Pierre MARTINEZ 14 SP 76 Sept. 05/09/23\nD\u00e9cision du 1er septembre 2023 portant d\u00e9l\u00e9gation de signature \u00e0 Mme Mireille PILLAIS 14 SP 76 Sept. 05/09/23\nD\u00e9cision du 1er septembre 2023 portant d\u00e9l\u00e9gation de signature \u00e0 Mme Val\u00e9rie CREANTOR 15 SP 76 Sept. 05/09/23\nD\u00e9cision du 2 octobre 2023 portant d\u00e9l\u00e9gation de signature \u00e0 M. Xavier RIVIERE 22 SP 89 Oct 20/10/23\n45 Nov. 01/12/23\nmensuel ou \nSP\nListe d'aptitude du 22 novembre 2023 aux fonctions de commissaire-enqu\u00eateur pour l'ann\u00e9e 2024 - \nd\u00e9partement de la manche\nPr\u00e9fecture de la r\u00e9gion Pays de la Loire\nPage 86\npage num\u00e9ro mois publi\u00e9 le \nMinist\u00e8re des arm\u00e9es\nPage 87\npage num\u00e9ro mois publi\u00e9 le \nUDSP 50\nPage 88\npage num\u00e9ro mois publi\u00e9 le \nD\u00e9claration des personnes re\u00e7ues \u00e0 l'examen du BNSSA 16 janv. 01/02/23\n58 D\u00e9c. 03/01/04\nListe des candidats re\u00e7us \u00e0 l'examen du Brevet National de S\u00e9curit\u00e9 et de Sauvetage Aquatique \n(BNSSA) du 23 juin 2023\nSNCF R\u00e9seau\nPage 89\npage num\u00e9ro mois publi\u00e9 le \n7 68 Ao\u00fbt 04/08/23\nD\u00e9cision du 16 mars 2023 pronon\u00e7ant le d\u00e9classement du domaine public ferroviaire d'un terrain sis \nlieudit La Besnouvi\u00e8re sur la commune de QUIBOU, parcelle cadastr\u00e9e C 277\nDirection de l'administration p\u00e9nitentiaire \u2013 SPIP de la Manche\nPage 90\npage num\u00e9ro mois publi\u00e9 le \n15 Sept. 03/10/23\nArr\u00eat\u00e9 du 26 septembre 2023 portant nomination des membres au comit\u00e9 social d'administration \nsp\u00e9cial du SPIP de la Manche","date":"2024-01-04","first_seen_on":"2025-07-18T11:34:12+00:00","id":"2506ff63803c40e4c0f3a1f7d96d5ed5ce471b32bdc167c6cd33031428cecfaa","name":"Sommaire 2023","pdf_creation_date":"2024-01-04T14:45:10+00:00","pdf_modification_date":null,"timezone":"Europe/Paris","url":"https://www.manche.gouv.fr/contenu/telechargement/59098/457417/file/SOMMAIRE%202023.pdf"}
