{"administration":"pref30","administration_name":"Pr\u00e9fecture du Gard","content":"PR\u00c9FET\nDU GARD\nRECUEIL DES ACTES\nADMINISTRATIFS SP\u00c9CIAL\nN\u00b030-2026-003\nPUBLI\u00c9 LE  8 JANVIER 2026\nSommaire\nDirection r\u00e9gionale de l'\u00e9conomie, de l'emploi, du travail et des\nsolidarit\u00e9s d'Occitanie /\n30-2026-01-07-00003 - ARRETE CPHSCT Agricole Gard  (2 pages) Page 3\nPrefecture du Gard / SAPSI\n30-2026-01-07-00004 - Arr\u00eat\u00e9 N\u00b030-2026-01-07-00004\nportant\ninterdiction des rassemblements festifs \u00e0 caract\u00e8re musical et\ninterdiction de circulation des poids lourds transportant du mat\u00e9riel de\nsons \u00e0 destination d'un rassemblement festif \u00e0 caract\u00e8re musical\nnon autoris\u00e9 dans le d\u00e9partement du Gard\ndu vendredi 9 janvier au\nlundi 12 janvier 2026AP RAVE PARTY DU 9 AU 12-01-26 (6 pages) Page 6\n2\nDirection r\u00e9gionale de l'\u00e9conomie, de l'emploi,\ndu travail et des solidarit\u00e9s d'Occitanie\n30-2026-01-07-00003\nARRETE CPHSCT Agricole Gard \nDirection r\u00e9gionale de l'\u00e9conomie, de l'emploi, du travail et des solidarit\u00e9s d'Occitanie - 30-2026-01-07-00003 - ARRETE CPHSCT\nAgricole Gard 3\nMINISTEREDU TRAVAIL |ET DES SOLIDARIT\u00c9SLibert\u00e9Egalit\u00e9Fraternit\u00e9\n  \nDirection r\u00e9gionale \nde l'\u00e9conomie, de l'emploi, du travail \net des solidarit\u00e9s - Occitanie \n  \n \n \n \n1  \n \nARRETE N\u00b0 \nportant modification de la Commission Paritaire  \nd'Hygi\u00e8ne, de S\u00e9curit\u00e9 et des Conditions de Travail en agriculture du Gard \n \n \n \nLe directeur r\u00e9gional de l'\u00e9conomie, de l'emploi, du travail et des solidarit\u00e9s \nde la r\u00e9gion Occitanie  \n \n \nVu le code du travail, notamment ses articles R. 8122-1 et suivants ; \nVu le code du travail, notamment les articles L4643.4, L4161-1 et suivants du code du travail ; \nVu le code rural, notamment l'article L717.7 ; \nVu l'accord national du 16 janvier 2001 sur les conditions de travail en agriculture \u00e9tendu le 12 juillet \n2001 ; \nVu l'accord du 23 d\u00e9cembre 2008 \u00e9tendu par arr\u00eat\u00e9 du 11 septembre 2009 ;  \nVu le d\u00e9cret N\u00b02023-705 du 31 juillet 2023 et les articles D717.76 \u00e0 D717.76.8 du code rural  ; \nVu la d\u00e9cision N\u00b0 30- 2023-03-20-00008 portant modification de la composition de la CPHSCTA en \nagriculture du Gard ; \nVu les nouvelles propositions de d\u00e9signations des repr\u00e9sentants de la CPHSCTA du G ard par la \nCPNACTA en date du 09/12/2025 ; \n \nARRETE \n \n \nARTICLE 1  \n \nLa d\u00e9cision N\u00b0 30-2023-03-20-00008 portant modification de la composition de la CPHSCTA du Gard \nest modifi\u00e9e comme suit en ce qui concerne les repr\u00e9sentants des organisations d'employeurs et de \nsalari\u00e9s : \n \nDirection r\u00e9gionale de l'\u00e9conomie, de l'emploi, du travail et des solidarit\u00e9s d'Occitanie - 30-2026-01-07-00003 - ARRETE CPHSCT\nAgricole Gard 4\nL\u00c9\n2  \nColl\u00e8ge EMPLOYEURS \n Nom Adresse Organisation repr\u00e9sent\u00e9e \nTitulaires \nSylvie Amalric  \nRoute des C\u00e9vennes \u2013 30700 \nFoissac  \namalricjoel@sfr.fr \nFDSEA \nJ\u00e9r\u00e9my Avond  \nSoci\u00e9t\u00e9 Avond et Jardins- 340bis, \nav. de la Calmette \u2013 30250 \nVillevieille \navondetjardins@gmail.com \nUNEP \nAntoine Capaldi  \nSARL P\u00e8re et Fils, 7 impasse Puits \nde cour \u2013 30610 Sauve  \nantoine.capaldi@orange.fr \nFDSEA \nMarie-Christine Niel  \nMas Borne \u2013 30720 Ribaute-les-\nTavernes  \nmariechristineniel@gmail.com  \nFDSEA \n \nColl\u00e8ge SALARIES \n Nom Adresse Organisation repr\u00e9sent\u00e9e \nTitulaires \nFlorian Bernard  \n2, rue Honor\u00e9 d'Estienne \nd'Orves \u2013 30220 Aigues Mortes \nflorianbernard30@icloud.com \nCGT \nDavid Dufix  \n \ndavid.dufix@mfr.asso.fr  \n \nCGC \nSt\u00e9phane Zornig  \nMas Ste Olympe \u2013 30129 \nManduel  \nstephanezornig@free.fr \nCGC \nAlex Mazauric  \n177 impasse des piverts \u2013 30900 \nN\u00eemes  \nsgacfdt3048@gmail.com \nCFDT \nSuppl\u00e9ant Jean-Claude Garrigues  \n3, chemin de Valbourne \u2013 30620 \nAubord  \n0607509425@orange.fr \nCFDT \n \nARTICLE 2  \n \nLe directeur r\u00e9gional de l'\u00e9conomie, de l'emploi, du travail et des solidarit\u00e9s d'Occitanie, la directrice \nd\u00e9partementale de l'emploi, du travail et des solidarit\u00e9s du Gard, le directeur de la Mutualit\u00e9 sociale \nagricole Languedoc sont charg\u00e9s, chacun en ce qui le concerne, de l'ex\u00e9cution du pr\u00e9sent arr\u00eat\u00e9 qui \nsera publi\u00e9 au recueil des actes administratifs. \n \nFait \u00e0 Toulouse, le 7 janvier 2026 \n \nLe directeur r\u00e9gional de l'\u00e9conomie, de l'emploi, du \ntravail et des solidarit\u00e9s d'Occitanie \n \nJulien TOGNOLA \nDirection r\u00e9gionale de l'\u00e9conomie, de l'emploi, du travail et des solidarit\u00e9s d'Occitanie - 30-2026-01-07-00003 - ARRETE CPHSCT\nAgricole Gard 5\nPrefecture du Gard\n30-2026-01-07-00004\nArr\u00eat\u00e9 N\u00b030-2026-01-07-00004\nportant interdiction des rassemblements festifs \u00e0\ncaract\u00e8re musical et interdiction de circulation\ndes poids lourds transportant du mat\u00e9riel de\nsons \u00e0 destination d'un rassemblement festif \u00e0\ncaract\u00e8re musical non autoris\u00e9 dans le\nd\u00e9partement du Gard\ndu vendredi 9 janvier au lundi 12 janvier 2026AP\nRAVE PARTY DU 9 AU 12-01-26\nPrefecture du Gard - 30-2026-01-07-00004 - Arr\u00eat\u00e9 N\u00b030-2026-01-07-00004\nportant interdiction des rassemblements festifs \u00e0 caract\u00e8re musical et interdiction de circulation des poids lourds transportant du\nmat\u00e9riel de sons \u00e0 destination d'un rassemblement festif \u00e0 caract\u00e8re musical non autoris\u00e9 dans le d\u00e9partement du Gard\ndu vendredi 9 janvier au lundi 12 janvier 2026AP RAVE PARTY DU 9 AU 12-01-26\n6\nCabinetfl Direction des s\u00e9curit\u00e9sDU GARD Service d'animation des politiques de s\u00e9curit\u00e9 int\u00e9rieureLibert\u00e9\u00c9galit\u00e9Fraternit\u00e9\nArr\u00eat\u00e9 N\u00b030-2026-01-portant interdiction des rassemblements festifs \u00e0 caract\u00e8re musical et interdiction decirculation des poids lourds transportant du mat\u00e9riel de sons \u00e0 destination d'unrassemblement festif \u00e0 caract\u00e8re musical non autoris\u00e9 dans le d\u00e9partement du Garddu vendredi 9 janvier au lundi 12 janvier 2026Le Pr\u00e9fet,Chevalier de la L\u00e9gion d'Honneur,Officier de l'Ordre National du M\u00e9rite,Vu le Code de la s\u00e9curit\u00e9 int\u00e9rieure, notamment ses articles L.211-1, L.211-5 et suivants,L.211-15, R.211-2 et suivants et R.211-27 et suivants ;Vu le Code de la route ;Vu le Code de la voirie routi\u00e9re ;Vu le Code g\u00e9n\u00e9ral de collectivit\u00e9s territoriales, notamment son article L.2215-1 ;Vu le Code p\u00e9nal, notamment son article 431-9;Vu le d\u00e9cret n\u00b02025-723 du 30juillet 2025 modifiant le d\u00e9cret n\u00b02004-374 du 29 avril 2004modifi\u00e9 relatif aux pouvoirs des pr\u00e9fets \u00e0 l'organisation et \u00e0 l'action des services de l'\u00c9tatdans les r\u00e9gions et les d\u00e9partements ;Vu le d\u00e9cret du Pr\u00e9sident de la R\u00e9publique du 13 juillet 2023, nommantMonsieur J\u00e9r\u00f4me BONET, pr\u00e9fet du Gard;Vu l'arr\u00eat\u00e9 pr\u00e9fectoral n\u00b030-2024-10-18-00007 du 18 octobre 2024 donnant d\u00e9l\u00e9gation designature a Monsieur Emile SOUMBO, sous-pr\u00e9fet de l'arrondissement d'Al\u00e9s ;Vu l'arr\u00eat\u00e9 pr\u00e9fectoral n\u00b030-2024-10-18-00008 du 18 octobre 2024 donnant d\u00e9l\u00e9gation designature \u00e0 Madame Anne LEVASSEUR, sous-pr\u00e9f\u00e8te de l'arrondissement du Vigan ;Vu l'arr\u00eat\u00e9 pr\u00e9fectoral n\u00b030-2024-10-18-00009 du 18 octobre 2024 donnant d\u00e9l\u00e9gation designature \u00e0 Madame Marie-Charlotte EUVRARD, sous-pr\u00e9f\u00e8te, directrice de cabinet dupr\u00e9fet du Gard ;Vu l'arr\u00eat\u00e9 pr\u00e9fectoral n\u00b030-2024-10-18-00005 du 18 octobre 2024 donnant d\u00e9l\u00e9gation designature a Monsieur Yann GERARD, secr\u00e9taire g\u00e9n\u00e9ral de la pr\u00e9fecture du Gard,sous-pr\u00e9fet de l'arrondissement de Nimes ;Vu l'arr\u00eat\u00e9 pr\u00e9fectoral n\u00b030-2024-10-18-00006 du 18 octobre 2024 donnant d\u00e9l\u00e9gation designature \u00e0 Monsieur Mathias NIEPS, sous-pr\u00e9fet, charg\u00e9 de mission aupr\u00e8s du pr\u00e9fet duGard, secr\u00e9taire g\u00e9n\u00e9ral adjoint de la pr\u00e9fecture du Gard ;Vu l'arr\u00eat\u00e9 minist\u00e9riel du 16 avril 2021 relatif \u00e0 l'interdiction de circulation des v\u00e9hicules detransports de marchandises \u00e0 certaines p\u00e9riodes;\nPrefecture du Gard - 30-2026-01-07-00004 - Arr\u00eat\u00e9 N\u00b030-2026-01-07-00004\nportant interdiction des rassemblements festifs \u00e0 caract\u00e8re musical et interdiction de circulation des poids lourds transportant du\nmat\u00e9riel de sons \u00e0 destination d'un rassemblement festif \u00e0 caract\u00e8re musical non autoris\u00e9 dans le d\u00e9partement du Gard\ndu vendredi 9 janvier au lundi 12 janvier 2026AP RAVE PARTY DU 9 AU 12-01-26\n7\nVu l'instruction minist\u00e9rielle du 16 juillet 2021 relative aux mesures a mettre en \u0153uvre dansle cas de rassemblements festifs de jeunes de type festivals (tout type de musique) ou derassemblements festifs de type free party ;Vu l'arr\u00eat\u00e9 pr\u00e9fectoral du 31 ao\u00fbt 2012 relatif \u00e0 l'emploi du feu dans le d\u00e9partement duGard ;Vu l'arr\u00eat\u00e9 pr\u00e9fectoral du 8 janvier 2013 relatif au d\u00e9broussaillement r\u00e9glementaire destin\u00e9\u00e0 diminuer l'intensit\u00e9 des incendies de for\u00eat et \u00e0 en limiter la propagation dans le:d\u00e9partement du Gard ;Consid\u00e9rant que selon les \u00e9l\u00e9ments d'informations disponibles, notamment lesinformations recueillies aupr\u00e9s des services de la Police Nationale, de la GendarmerieNationale, des rassemblements festifs a caract\u00e9re musical de type rave-party sontsusceptibles de regrouper plusieurs milliers de participants, sont a pr\u00e9voir dans led\u00e9partement du Gard ;Consid\u00e9rant que plusieurs rassemblements festifs a caract\u00e9re musical de type rave-party;teknival, multi-sons, se sont d\u00e9roul\u00e9s partout sur le territoire national et que, notammentdans le d\u00e9partement du Gard, 4 rassemblements ont \u00e9t\u00e9 recens\u00e9s en 2023 et1 en 2024;Consid\u00e9rant qu'un rassemblement musical ill\u00e9gal s'est tenu dans le d\u00e9partement du Garddu 19 au 22 avril 2025 r\u00e9unissant 3000 festivaliers, le risque qu'un tel \u00e9v\u00e9nement sereproduise sur le d\u00e9partement du Gard est par cons\u00e9quent av\u00e9r\u00e9 ;Consid\u00e9rant que des effectifs des forces de l'ordre ont \u00e9t\u00e9 pris a partie et bless\u00e9s lors de laprise de contact avec les organisateurs du rassemblement ill\u00e9gal du 19 au 22 avril 2025 ;Consid\u00e9rant qu'un rassemblement musical ill\u00e9gal regroupant 10 000 personnes s'est tenudans le d\u00e9partement du Lot du 7 au 11 mai 2025;Consid\u00e9rant qu'un rassemblement musical ill\u00e9gal regroupant environ 200 personnes s'esttenu dans le d\u00e9partement de la Loz\u00e8re du 29 mai 2025 occasionnant des heurts avec lesagriculteurs, n\u00e9cessitant l'intervention des forces de l'ordre ;Consid\u00e9rant qu'un rassemblement musical ill\u00e9gal regroupant environ 3000 personnes s'esttenu dans le d\u00e9partement de l'H\u00e9rault du 6 au 9 juin 2025;Consid\u00e9rant qu'un rassemblement musical ill\u00e9gal regroupant jusqu'\u00e0 12 000 personness'est tenu dans le d\u00e9partement de la Loz\u00e8re du 12 au 14 juillet 2025 ; qu'il a \u00e9t\u00e9 d\u00e9nombr\u00e953 bless\u00e9s l\u00e9gers, 41 personnes en urgence relative et une en urgence absolue ;Consid\u00e9rant qu'un rassemblement musical ill\u00e9gal regroupant 1200 personnes s'est tenudans le d\u00e9partement de la Dr\u00f4me du 1\u00b0 au 4 ao\u00fbt 2025 dans un parc \u00e9olien, sur une zoneclass\u00e9e \u00ab zone naturelle d'int\u00e9r\u00eat \u00e9cologique, faunistique et floristique \u00bb ;Consid\u00e9rant qu'un rassemblement musical ill\u00e9gal regroupant 2500 personnes s'est tenudans le d\u00e9partement de l'Aude du 29 au 31 ao\u00fbt 2025 dans sur une zone class\u00e9e \u00ab Natura2000 \u00bb, zone ayant subi des incendies en ao\u00fbt 2025;Consid\u00e9rant qu'un rassemblement musical ill\u00e9gal s'est tenu du 27 au 28 septembre 2025dans le d\u00e9partement de l'H\u00e9rault;\nPrefecture du Gard - 30-2026-01-07-00004 - Arr\u00eat\u00e9 N\u00b030-2026-01-07-00004\nportant interdiction des rassemblements festifs \u00e0 caract\u00e8re musical et interdiction de circulation des poids lourds transportant du\nmat\u00e9riel de sons \u00e0 destination d'un rassemblement festif \u00e0 caract\u00e8re musical non autoris\u00e9 dans le d\u00e9partement du Gard\ndu vendredi 9 janvier au lundi 12 janvier 2026AP RAVE PARTY DU 9 AU 12-01-26\n8\nConsid\u00e9rant qu'un rassemblement musical ill\u00e9gal s'est tenu du 11 au 12 octobre 2025 dansle d\u00e9partement de l'H\u00e9rault ;Consid\u00e9rant l'installation, au cours de la nuit du samedi 29 au dimanche 30 novembre2025, d'un rassemblement festif non autoris\u00e9 se tenant sur le site de la salle de spectacleL'Usine, situ\u00e9e sur le territoire de la commune d'Istres (Bouches-du-Rh\u00f4ne) et ayantentra\u00een\u00e9 des blessures sur 9 fonctionnaires de police ;Consid\u00e9rant l'installation illicite sur un terrain priv\u00e9 dans la commune de Saint-Victor-la-Coste le 31 d\u00e9cembre 2025, qu'une cinquantaine de militaires ont \u00e9t\u00e9 mobilis\u00e9s pour fairecesser l'infraction ainsi que l'arriv\u00e9e de nouveaux festivaliers ;Consid\u00e9rant que sur les dates concern\u00e9es par l'\u00e9v\u00e9nement projet\u00e9, les forces de l'ordre etles services de secours seront particuli\u00e8rement mobilis\u00e9s sur des \u00e9v\u00e9nementsconcomitants, notamment :Ram\u00e8ne ta galette le 9 janvier \u00e0 l'Urban Parc \u00e0 Al\u00e8s,Voeux \u00e0 la population le 9 janvier \u00e0 Salindres,Nuits musicales \u2014 Les trois contre-t\u00e9nors Airs d'op\u00e9ra le 10 janvier \u00e0 Uz\u00e8s,Les Samedis des halles le 10 janvier \u00e0 Al\u00e8s,Projection de concert le 10 janvier au Carr\u00e9 d'Art \u00e0 N\u00eemes,Performance in situ : Chely La Torito au centre commercial La Couple \u00e0 N\u00eemes,Voeux du maire le 10 janvier \u00e0 Saint-Maurice-de-Cazevieille et M\u00e9jannes-le-Clap,Rencontre de Tennis de table le 10 janvier \u00e0 Salindres,Ouverture de la ludo-m\u00e9diath\u00e8que Jean d'Ormesson le 10 janvier \u00e0 Nimes,Trail du Calvaire le 11 janvier \u00e0 Aramon,Concert \u00e0 deux violes esgales improvis\u00e9es le 11 janvier au Carr\u00e9 d'Art \u00e0 N\u00eemes,Rando des rois le 11 janvier \u00e0 Chusclan,Exposition LEGO du 10 au 11 janvier \u00e0 Saint-Privat-des-Vieux,Festival des H\u00e9misph\u00e8res 2026: M\u00e9moires plurielles du 9 au 11 janvier au Carr\u00e9 d'Art \u00e0N\u00eemes,Festival de Flamenco 2026 - Le Off du 9 au 18 janvier \u00e0 Nimes,Cr\u00e8che Proven\u00e7ale de No\u00ebl - 19\u00b0\" \u00e9dition du 3 au 25 janvier \u00e0 Comps,La f\u00eate foraine d'Al\u00e9s du 6 d\u00e9cembre au 11 janvier,La s\u00e9curisation des lieux de culte au premier semestre 2026,ainsi que les f\u00eates traditionnelles sur l'ensemble du d\u00e9partement du Gard du 9 au 12janvier 2026 inclus;Consid\u00e9rant qu'\u00e0 ce jour aucune manifestation de ce type n'a fait l'objet d'une d\u00e9clarationpr\u00e9alable en pr\u00e9fecture du Gard, telle que pr\u00e9vue par l'article L.211-5 et suivants du Codede la s\u00e9curit\u00e9 int\u00e9rieure, et qu'\u00e0 d\u00e9faut d'une telle d\u00e9claration, l'organisation d'unemanifestation non d\u00e9clar\u00e9e est un d\u00e9lit pr\u00e9vu par l'article 431-9 alin\u00e9a 1 du Code p\u00e9nal ;Consid\u00e9rant que l'absence d'un tel formalisme, en plus de pas \u00eatre conforme auxdispositions pr\u00e9cit\u00e9es, ne permet pas de conna\u00eetre le niveau de s\u00e9curit\u00e9 du rassemblementprojet\u00e9, ni les mesures envisag\u00e9es par l'organisateur pour garantir la s\u00e9curit\u00e9, la salubrit\u00e9,l'hygi\u00e8ne et la tranquillit\u00e9 publique des personnes ainsi que le respect du droit depropri\u00e9t\u00e9 pour le ou les terrains occup\u00e9s ;Consid\u00e9rant qu'en l'absence de toute prise de contact pr\u00e9alable des organisateurs avec lesservices pr\u00e9fectoraux ou les collectivit\u00e9s territoriales concern\u00e9es, la missiond'accompagnement des organisateurs du rassemblement projet\u00e9, conduite par les servicesde l'\u00c9tat et pr\u00e9vue par instruction du 16 juillet 2021, n'a pu \u00eatre mise en \u0153uvre ;Consid\u00e9rant les risques de troubles graves \u00e0 l'ordre public, \u00e0 la s\u00fbret\u00e9, \u00e0 la s\u00e9curit\u00e9 et \u00e0 la\nPrefecture du Gard - 30-2026-01-07-00004 - Arr\u00eat\u00e9 N\u00b030-2026-01-07-00004\nportant interdiction des rassemblements festifs \u00e0 caract\u00e8re musical et interdiction de circulation des poids lourds transportant du\nmat\u00e9riel de sons \u00e0 destination d'un rassemblement festif \u00e0 caract\u00e8re musical non autoris\u00e9 dans le d\u00e9partement du Gard\ndu vendredi 9 janvier au lundi 12 janvier 2026AP RAVE PARTY DU 9 AU 12-01-26\n9\nsalubrit\u00e9 publique que pr\u00e9senterait le d\u00e9roulement d'un rassemblement d\u00e9pourvu d'unservice d'ordre et d'un dispositif sanitaire, et auquel pourraient participer plusieurs milliersde personnes dans un lieu non am\u00e9nag\u00e9 pour recevoir ce type de rassemblement et n'afait l'objet d'aucune organisation pr\u00e9alable coordonn\u00e9e;Consid\u00e9rant la n\u00e9cessit\u00e9 de pr\u00e9venir les risques de troubles \u00e0 l'ordre public et que lesmoyens appropri\u00e9s de lutte contre l'incendie et de secours aux personnes, ainsi qu'enmati\u00e8re de s\u00e9curit\u00e9 sanitaire et routi\u00e8re ne sont pas r\u00e9unis dans le cadre durassemblement projet\u00e9;Consid\u00e9rant que le regroupement de plus de 500 personnes dans des rassemblements nond\u00e9clar\u00e9s repr\u00e9sente un risque grave pour la s\u00e9curit\u00e9 des participants et qu'il y a lieu deprendre toutes les mesures n\u00e9cessaires ;Consid\u00e9rant que dans ces circonstances, de tels rassemblements sont de nature \u00e0provoquer des troubles s\u00e9rieux \u00e0 l'ordre public et \u00e0 la tranquillit\u00e9 publique et qu'il y a lieude prendre toutes les mesures n\u00e9cessaires;Consid\u00e9rant la posture du plan VIGIPIRATE \u00e0 son stade maximal \u00ab Urgence attentat \u00bb surl'ensemble du territoire applicable depuis le 7 mai 2024, r\u00e9\u00e9valu\u00e9e le 5 janvier 2026 enraison du conflit au Proche-Orient, laissant craindre une forme de polarisation pouvantengendrer des cons\u00e9quences sur le territoire national, notamment de possibles troubles \u00e0l'ordre public et actions cibl\u00e9es contre certaines communaut\u00e9s, leurs b\u00e2timents etrepr\u00e9sentants symboliques; que par cons\u00e9quent les forces de s\u00e9curit\u00e9 sont fortementmobilis\u00e9es;Consid\u00e9rant que les forces de s\u00e9curit\u00e9 ainsi que les moyens de secours ne pourront faireface en termes de moyens, a de telles manifestations susceptibles de s'installer sansautorisation pr\u00e9alable en divers points du d\u00e9partement;Consid\u00e9rant l'urgence \u00e0 pr\u00e9venir ces atteintes et \u00e0 assurer la s\u00e9curit\u00e9 des personnes et desbiens ;\nSur proposition de Madame la directrice de cabinet du pr\u00e9fet de Gard :\nARR\u00caTE\nArticle 1 - La tenue des rassemblements festifs \u00e0 caract\u00e8re musical r\u00e9pondant \u00e0l'ensemble des caract\u00e9ristiques \u00e9nonc\u00e9s \u00e0 l'article R.211-2 du Code de s\u00e9curit\u00e9 int\u00e9rieure,autres que ceux l\u00e9galement d\u00e9clar\u00e9s et autoris\u00e9s, est interdite sur l'ensemble dud\u00e9partement du Gard du vendredi 9 janvier 2026 \u00e0 08h00 au lundi 12 janvier 2026 \u00e008h00.Article 2 - La circulation des v\u00e9hicules transportant du mat\u00e9riel susceptible d'\u00eatre utilis\u00e9pour un rassemblement festif non autoris\u00e9 est interdite durant la m\u00eame p\u00e9riode.Article 3 - Toute infraction au pr\u00e9sent arr\u00eat\u00e9 est passible de sanctions pr\u00e9vues par le Codep\u00e9nal et par les dispositions des articles L.211-15, R.211-30 du Code de la s\u00e9curit\u00e9 int\u00e9rieureet peut donner lieu notamment \u00e0 la saisie du mat\u00e9riel en vue de sa confiscation par letribunal.\nPrefecture du Gard - 30-2026-01-07-00004 - Arr\u00eat\u00e9 N\u00b030-2026-01-07-00004\nportant interdiction des rassemblements festifs \u00e0 caract\u00e8re musical et interdiction de circulation des poids lourds transportant du\nmat\u00e9riel de sons \u00e0 destination d'un rassemblement festif \u00e0 caract\u00e8re musical non autoris\u00e9 dans le d\u00e9partement du Gard\ndu vendredi 9 janvier au lundi 12 janvier 2026AP RAVE PARTY DU 9 AU 12-01-26\n10\nArticle 4 - Le pr\u00e9sent arr\u00eat\u00e9 pr\u00e9fectoral entre en vigueur \u00e0 compter de sa publication aurecueil des actes administratifs de la pr\u00e9fecture du Gard. Il est publi\u00e9 sur le site internet etles r\u00e9seaux sociaux de la pr\u00e9fecture pour l'information du public.Article 5 - Le pr\u00e9sent arr\u00eat\u00e9 peut faire l'objet d'un recours gracieux aupr\u00e8s de Monsieur lepr\u00e9fet du Gard (Pr\u00e9fecture du Gard 30045 Nimes Cedex 9), d'un recours hi\u00e9rarchiqueadress\u00e9 \u00e0 Monsieur le ministre de l'Int\u00e9rieur place Beauvau 75008 Paris ou d'un recourscontentieux devant le tribunal administratif de N\u00eemes, dans un d\u00e9lai de deux mois suivantsa publication. Le tribunal administratif peut aussi \u00eatre saisi par l'application informatique\u00abTelerecours Citoyens\u00bb accessible par le site internet www.telerecours.fr.Article 6 - Madame la directrice de cabinet du pr\u00e9fet du Gard, Madame la sous-pr\u00e9f\u00e8te del'arrondissement du Vigan, Monsieur le sous-pr\u00e9fet de l'arrondissement d'Al\u00e9s, Monsieur lesecr\u00e9taire g\u00e9n\u00e9ral de la pr\u00e9fecture du Gard, Monsieur le secr\u00e9taire g\u00e9n\u00e9ral adjoint de lapr\u00e9fecture du Gard, Monsieur le Colonel, commandant le groupement de gendarmeried\u00e9partementale du Gard, Monsieur le directeur interd\u00e9partemental de la police nationaledu Gard, Monsieur le directeur interd\u00e9partemental de la police nationale du Vaucluse,Monsieur le directeur interd\u00e9partemental de la police nationale des Bouches du Rh\u00f4nesont charg\u00e9s, chacun en ce qui les concerne, de l'ex\u00e9cution du pr\u00e9sent arr\u00eat\u00e9.N\u00eemes, leLe pr\u00e9fet,Pour Je pr\u00e9fet,la so \u00e9f\u00e8te\nMarie-Charlotte EUVRARD\nPrefecture du Gard - 30-2026-01-07-00004 - Arr\u00eat\u00e9 N\u00b030-2026-01-07-00004\nportant interdiction des rassemblements festifs \u00e0 caract\u00e8re musical et interdiction de circulation des poids lourds transportant du\nmat\u00e9riel de sons \u00e0 destination d'un rassemblement festif \u00e0 caract\u00e8re musical non autoris\u00e9 dans le d\u00e9partement du Gard\ndu vendredi 9 janvier au lundi 12 janvier 2026AP RAVE PARTY DU 9 AU 12-01-26\n11\nJjgisig 3110\"aheieid-2u0e Biondes ab sonisantJAAAVUA ato6dc-5tr6i\nPrefecture du Gard - 30-2026-01-07-00004 - Arr\u00eat\u00e9 N\u00b030-2026-01-07-00004\nportant interdiction des rassemblements festifs \u00e0 caract\u00e8re musical et interdiction de circulation des poids lourds transportant du\nmat\u00e9riel de sons \u00e0 destination d'un rassemblement festif \u00e0 caract\u00e8re musical non autoris\u00e9 dans le d\u00e9partement du Gard\ndu vendredi 9 janvier au lundi 12 janvier 2026AP RAVE PARTY DU 9 AU 12-01-26\n12","date":"2026-01-08","first_seen_on":"2026-01-08T17:20:52+00:00","id":"256acab1aba83b8ac29112355f8c15f0f959240c8197715cfd88aa52faf0e48f","name":"recueil-30-2026-003-special du 08 01 2026","pdf_creation_date":"2026-01-08T15:34:00+00:00","pdf_modification_date":null,"timezone":"Europe/Paris","url":"https://www.gard.gouv.fr/contenu/telechargement/66491/488973/file/recueil-30-2026-003-special%20du%2008%2001%202026.pdf"}
