{"administration":"pref58","administration_name":"Pr\u00e9fecture de la Ni\u00e8vre","content":"NI\u00c8VRE\nRECUEIL DES ACTES\nADMINISTRATIFS SP\u00c9CIAL\nN\u00b058-2024-243\nPUBLI\u00c9 LE  4 OCTOBRE 2024\nSommaire\nEcole nationale des finances publiques /\n58-2024-09-01-00003 - Modification de la d\u00e9cision de d\u00e9l\u00e9gation de\nsignature du 29 avril 2024 publi\u00e9 au RAA sp\u00e9cial n\u00b058-2024-101 du 03\nmai 2024 (4 pages) Page 3\nGROUPEMENT HOSPITALIER DU TERRITOIRE DE LA NIEVRE /\n58-2024-09-26-00007 - D\u00e9cision 16-2024 - D\u00e9saffection et\nd\u00e9classement Jaur\u00e8s Cosne.pdf (2 pages) Page 8\nPREFECTURE DE LA NIEVRE / SGCD-BRH\n58-2024-10-02-00003 - arr\u00eat\u00e9 portant attribution d'une subvention \u00e0\nl'association sportive culturelle et d'entraide de la Ni\u00e8vre (2 pages) Page 11\nPREFECTURE DE LA REGION BOURGOGNE FRANCHE COMTE /\n58-2024-10-02-00002 - Arr\u00eat\u00e9 n\u00b024-279 BAG portant d\u00e9l\u00e9gatio de\nsignature  \u00e0 M. Johann MOUGENOT (2 pages) Page 14\n2\nEcole nationale des finances publiques\n58-2024-09-01-00003\nModification de la d\u00e9cision de d\u00e9l\u00e9gation de\nsignature du 29 avril 2024 publi\u00e9 au RAA sp\u00e9cial\nn\u00b058-2024-101 du 03 mai 2024\n{signataire}\nEcole nationale des finances publiques - 58-2024-09-01-00003 - Modification de la d\u00e9cision de d\u00e9l\u00e9gation de signature du 29 avril 2024\npubli\u00e9 au RAA sp\u00e9cial n\u00b058-2024-101 du 03 mai 2024 3\nExREPUBLIQUEFRAN\u00c7AISELibert\u00e9Egalit\u00e9Fraternit\u00e9\nTFINANCES PUBLIQUES\n DIRECTION G\u00c9N\u00c9RALE DES FINANCES PUBLIQUES\n\u00c9COLE NATIONALE DES FINANCES PUBLIQUES\nP\u00d4LE DU PILOTAGE ET DES RESSOURCES\n10, rue du Centre\n93464 Noisy-le-Grand CEDEX\nNoisy-le-Grand, le 1er septembre 2024                \nModification de la d\u00e9cision de d\u00e9l\u00e9gation de signature du 29 avril 2024 \npubli\u00e9e dans le RAA sp\u00e9cial N\u00b0 58-2024-101 du 3 mai 2024\n -----------------\nL'administrateur de l'\u00c9tat, directeur de l'\u00c9cole nationale des Finances publiques,\nVu le d\u00e9cret n\u00b0 97-464 du 9 mai 1997 modifi\u00e9 relatif \u00e0 la cr\u00e9ation et \u00e0 l'organisation des services\n\u00e0 comp\u00e9tence nationale ; \nVu le d\u00e9cret n\u00b0 2008-310 du 3 avril 2008 relatif \u00e0 la direction g\u00e9n\u00e9rale des Finances publiques ;\nVu  le  d\u00e9cret  n\u00b0  2009-707  du  16  juin  2009  modifi\u00e9  relatif  aux  services  d\u00e9concentr\u00e9s  de  la\ndirection g\u00e9n\u00e9rale des Finances publiques ;\nVu  le  d\u00e9cret  n\u00b0  2012-1246  du  7  novembre  2012  modifi\u00e9  relatif  \u00e0  la  gestion  budg\u00e9taire  et\ncomptable publique ; \nVu le d\u00e9cret du 23 novembre 2020 portant d\u00e9tachement et nomination de M. Yannick GIRAULT\nen qualit\u00e9 de directeur de l'\u00c9cole nationale des Finances publiques ;\nVu l'arr\u00eat\u00e9 du 4 ao\u00fbt 2010 portant cr\u00e9ation d'un service \u00e0 comp\u00e9tence nationale d\u00e9nomm\u00e9\n\u00ab \u00c9cole nationale des finances publiques \u00bb .\nD\u00e9cide:\nArticle 1. \u2013 D\u00e9l\u00e9gation de signature \u00e0 l'\u00e9tablissement de l'ENFiP d\u00e9nomm\u00e9 Centre de Formation\nprofessionnelle de Nevers et ses antennes\nLe directeur du Centre de Formation professionnelle  de Nevers  assure, sous mon autorit\u00e9, la\ndirection de l'\u00e9tablissement de Nevers et de ses antennes \u00e0 Noisy-le-Grand et \u00e0 Noisiel.\nA ce titre, d\u00e9l\u00e9gation de signature lui est donn\u00e9e \u00e0 l'effet de signer les pi\u00e8ces ou documents\nrelatifs aux attributions de l'\u00e9tablissement et de ses antennes, dans les limites mentionn\u00e9es dans\nle tableau renseign\u00e9 en annexe 1. \nENFIP-PPR-32-2024 DS Nevers_Sign\u00e9e Y.G.odt 1\nEcole nationale des finances publiques - 58-2024-09-01-00003 - Modification de la d\u00e9cision de d\u00e9l\u00e9gation de signature du 29 avril 2024\npubli\u00e9 au RAA sp\u00e9cial n\u00b058-2024-101 du 03 mai 2024 4\nArticle 2 - D\u00e9l\u00e9gations n\u00e9cessaires \u00e0 l'exercice des fonctions au sein de l'\u00e9tablissement Centre\nde Formation professionnelle de Nevers et de ses antennes\nD\u00e9l\u00e9gation de signature pour signer les pi\u00e8ces ou documents relatifs aux attributions de leur\nservice est donn\u00e9e aux personnes recens\u00e9es dans les tableaux aux conditions pr\u00e9cis\u00e9es ci-apr\u00e8s.\n2.1.  D\u00e9l\u00e9gation de signature en mati\u00e8re de d\u00e9penses, de recettes et de march\u00e9s : \nSous r\u00e9serve de l'article 1 organisant la continuit\u00e9 de service de la d\u00e9cision  du 1 er septembre\n2024 ci-dessus, demeurent r\u00e9serv\u00e9s \u00e0 ma signature quel qu'en soit le montant :\no les contrats relevant de la programmation immobili\u00e8re ; \no en cas d'avis pr\u00e9alable d\u00e9favorable de l'autorit\u00e9 charg\u00e9e du contr\u00f4le financier, le\ncourrier  informant  cette  autorit\u00e9,  des  motifs  de  la  d\u00e9cision  de  ne  pas  se\nconformer \u00e0 l'avis donn\u00e9 ;\no les ordres de r\u00e9quisition du comptable public ;\no les d\u00e9cisions de passer outre. \nLes d\u00e9cisions de march\u00e9s et de d\u00e9penses inf\u00e9rieures ou \u00e9gales \u00e0 20 000\u20ac HT sont d\u00e9cid\u00e9es de\nfa\u00e7on autonome, dans le cadre du circuit interne retenu par l'\u00e9tablissement.\nLes porteurs de carte effectuent les achats dans le cadre du circuit interne de d\u00e9cision retenu\ndans l'\u00e9tablissement. \nLa  signature  des  agents  habilit\u00e9s  doit  \u00eatre  accr\u00e9dit\u00e9e  aupr\u00e8s  des  comptables  payeurs\nassignataires. \n2.2. D\u00e9l\u00e9gation de signature en mati\u00e8re de gestion des personnels : \nD\u00e9l\u00e9gation de signature est donn\u00e9e pour signer les actes de gestion courante des personnels\nainsi que les \u00e9tats liquidatifs de r\u00e9mun\u00e9rations ou d'indemnit\u00e9s des intervenants, aux personnes\nd\u00e9sign\u00e9es et dans les limites pr\u00e9cis\u00e9es pour chacune d'elles dans les tableaux ci-apr\u00e8s.\nArticle 3. \u2013 La pr\u00e9sente d\u00e9cision prend effet  le 1er septembre 2024. Elle sera publi\u00e9e au recueil\ndes actes administratifs de la Ni\u00e8vre.\n              Le directeur de l'ENFIP \n                                                                                              Yannick GIRAULT   \nENFIP-PPR-32-2024 DS Nevers_Sign\u00e9e Y.G.odt 2\nEcole nationale des finances publiques - 58-2024-09-01-00003 - Modification de la d\u00e9cision de d\u00e9l\u00e9gation de signature du 29 avril 2024\npubli\u00e9 au RAA sp\u00e9cial n\u00b058-2024-101 du 03 mai 2024 5\nAnnexe 1  \nStructure Nom du d\u00e9l\u00e9gataire Grade du d\u00e9l\u00e9gataire Fonction du d\u00e9l\u00e9gataire Objet de la d\u00e9l\u00e9gation\nCentre de \nFormation \nProfessionnelle\nSt\u00e9phanie AUGE Administratrice de l'\u00c9tat Directrice de \nl'\u00e9tablissement par int\u00e9rim \n\u00e0 compter du 1er juin 2024\n-  tous  actes  relatifs  \u00e0  la  gestion  administrative  de\nl'\u00e9tablissement et de ses antennes;\n-  d\u00e9cisions  de  d\u00e9penses  de  l'\u00e9tablissement   et  de  ses\nantennes d'un montant inf\u00e9rieur ou \u00e9gal \u00e0 20 000\u20ac HT .\nSophie THUILLIER Directrice  hors  classe\ndes  services  de  greffe\njudiciaires  d\u00e9tach\u00e9e\ndans  le  grade  des\nAdministrateurs  des\nFinances  publiques\nadjoints\nadjointe \u00e0 la directrice de\nl'\u00e9tablissement.\n-   re\u00e7oit  les  m\u00eames  pouvoirs  en  cas  d'absence  ou\nd'emp\u00eachement de Mme St\u00e9phanie AUGE \u00e0 compter du\n1er juin 2024.  \n- valide les frais d\u00e9placements\nMiriam AMZIANE inspectrice  principale\ndes Finances publiques \nCharg\u00e9  organisation  et\ncoordination stages\n-   re\u00e7oit  les  m\u00eames  pouvoirs  en  cas  d'absence  ou\nd'emp\u00eachement  de  Mme  St\u00e9phanie  AUGE  et  de  Mme\nSophie THUILLIER \u00e0 compter du 1er juin 2024\nV\u00e9ronique\nMATHEVET\nInspectrice  principale\ndes Finances publiques\nCharg\u00e9e  organisation  et\ncoordination stages \n-   re\u00e7oit  les  m\u00eames  pouvoirs  en  cas  d'absence  ou\nd'emp\u00eachement  de  Mme  St\u00e9phanie  AUGE  et  de  Mme\nSophie THUILLIER \u00e0 compter du 1er juin 2024\nStructure Nom du d\u00e9l\u00e9gataire Grade du d\u00e9l\u00e9gataire Fonction du d\u00e9l\u00e9gataire Objet de la d\u00e9l\u00e9gation\nCentre  de\nformation\nprofessionnelle\n\u00c9meline BRISSAUD Inspectrice des Finances\npubliques\nporteur de carte d'achat -   re\u00e7oit  les  m\u00eames  pouvoirs  en  cas  d'absence  ou\nd'emp\u00eachement  de  Mme  St\u00e9phanie  AUG\u00c9  et  de  Mme\nSophie THUILLIER \u00e0 compter du 1er juin 2024\n-  expression  des  besoins  d'achats  et  constatations  du\nservice fait achat par carte\n-  validation  des  frais  de  d\u00e9placements,  d\u00e9cisions  de\nd\u00e9penses  de  l'\u00e9tablissement  et  de  ses  antennes  d'un\nmontant inf\u00e9rieur ou \u00e9gal \u00e0 10 000\u20ac HT\nENFIP-PPR-32-2024 DS Nevers_Sign\u00e9e Y.G.odt 3\nEcole nationale des finances publiques - 58-2024-09-01-00003 - Modification de la d\u00e9cision de d\u00e9l\u00e9gation de signature du 29 avril 2024\npubli\u00e9 au RAA sp\u00e9cial n\u00b058-2024-101 du 03 mai 2024 6\nAnnexe 1  \nFran\u00e7ois\nDUPHIL-BELLON\ninspecteur des Finances \npubliques\nporteur de carte d'achat - achats par carte\nDominique BAUDY contr\u00f4leur  principal  des\nFinances publiques\nmembre  de  l'\u00e9quipe  en\ncharge  des  ressources\nhumaines  et  budg\u00e9taires ;\napprovisionneur-\nr\u00e9ceptionneur ; \nporteur de carte d'achat\n-  expression des besoins d'achat et constatation du \nservice fait\n-  achats par carte\nMagali DOUSSOT contr\u00f4leuse  principale\ndes Finances publiques\nmembre  de  l'\u00e9quipe  en\ncharge  des  ressources\nhumaines  et  budg\u00e9taires ;\napprovisionneur-\nr\u00e9ceptionneur\n-  expression des besoins d'achat et constatation du \nservice fait\nIsabelle BELESTIN agente  administrative\nprincipale  des  Finances\npubliques\nmembre  de  l'\u00e9quipe  en\ncharge  des  ressources\nhumaines ; \nporteur de carte d'achat ;\napprovisionneur-\nr\u00e9ceptionneur\n- achats par carte\n- expression des besoins d'achat et constatation du service\nfait\n- validation des frais de d\u00e9placements\nStructure Nom du d\u00e9l\u00e9gataire Grade du d\u00e9l\u00e9gataire Fonction du d\u00e9l\u00e9gataire Objet de la d\u00e9l\u00e9gation\nSylvie GRANDFOND agente  administrative\nprincipale  des  Finances\npubliques\nmembre  de  l'\u00e9quipe  en\ncharge  des  ressources\nhumaines \n- validation des frais d\u00e9placements\nBrigitte VEAUX agente  administrative\ndes Finances publiques\nsecr\u00e9tariat du directeur\nporteur de carte d'achat\n- achats par carte\nENFIP-PPR-32-2024 DS Nevers_Sign\u00e9e Y.G.odt 4\nEcole nationale des finances publiques - 58-2024-09-01-00003 - Modification de la d\u00e9cision de d\u00e9l\u00e9gation de signature du 29 avril 2024\npubli\u00e9 au RAA sp\u00e9cial n\u00b058-2024-101 du 03 mai 2024 7\nGROUPEMENT HOSPITALIER DU TERRITOIRE DE\nLA NIEVRE\n58-2024-09-26-00007\nD\u00e9cision 16-2024 - D\u00e9saffection et d\u00e9classement\nJaur\u00e8s Cosne.pdf\n{signataire}\nGROUPEMENT HOSPITALIER DU TERRITOIRE DE LA NIEVRE - 58-2024-09-26-00007 - D\u00e9cision 16-2024 - D\u00e9saffection et d\u00e9classement\nJaur\u00e8s Cosne.pdf 8\n'yCentre Hospitalier Pierre L\u00f4o ,\n\u2014\n_ w4*Etablissement Public \u00a5 de Sant\u00e9 Mentale de La Ni\u00e8vre t '\u00caGDirection Ni\u00e8vre \u2014\u2014m\" \u00ae\nD\u00e9cision 2024.16\nACTE DE DESAFFECTATION ET DECLASSEMENT EN VUE DE SA VENTEDU BIEN IMMOBILIER SUR LA PARCELLE CADASTREE AD 969SIS 87 BIS RUE JEAN JAURES A COSNE-COURS-SUR-LOIRE\nVu les articles L.6143-1, L.6143-7.9 et L.61434.2 du Code de la Sant\u00e9 Publique ;Vu l'article L2141-1 du Code g\u00e9n\u00e9ral de la propri\u00e9t\u00e9 des personnes publiques ;Vu l'avis du directoire en date du 10 Septembre 2024 ;Vu l'avis du Conseil de Surveillance en date du 23 Septembre 2024 ;Consid\u00e9rant les orientations strat\u00e9giques d\u00e9termin\u00e9es dans le Projet d'Etablissement 2018-2022 du Centre HospitalierPierre L\u00f4o, axe n\u00b01 du Projet m\u00e9dical, fiche action n\u00b04 qui pr\u00e9voient le regroupement sur un seul site, rue Jean Jaur\u00e8s \u00e0Cosne-Cours-sur-Loire, de I'ensemble des activit\u00e9s ambulatoires de Cosne-Cours-sur-Loire ;Consid\u00e9rant que le bien immobilier, propri\u00e9t\u00e9 du Centre Hospitalier Pierre L\u00f4o depuis le 29 d\u00e9cembre 2017, sis 87 bisrue Jean Jaur\u00e8s \u00e0 Cosne-Cours-sur-Loire sur la parcelle cadastr\u00e9e n\u00b0 AD 969, ne corespond plus aux besoins deI'\u00e9tablissement tels que d\u00e9finis dans son Projet d'Etablissement ;Consid\u00e9rant qu'il r\u00e9sulte de cette situation le constat de la d\u00e9saffectation de ce bien ;Consid\u00e9rant la prise en compte au Plan Global de Financement Pluriannuel du Centre Hospitalier Pierre L\u00f4o, approuv\u00e9par 'Agence R\u00e9gionale de Sant\u00e9 le 19 janvier 2024, du produit de la vente du bien immobilier sis 87 bis rue Jean Jaur\u00e8s\u00e0 Cosne-Cours-sur-Loire ;Consid\u00e9rant que pr\u00e9alablement \u00e0 tout projet de vente, il convient de constater la d\u00e9saffectation mat\u00e9rielle du bien et deconfirmer formellement son d\u00e9classement ;\nLe Directeur du Centre Hospitalier Pierre L\u00f4o :\nArticle 1% : constate la d\u00e9saffectation dubien immobilier sur la parcelle AD 969 sis 87 bis rue Jean Jaur\u00e8s \u00e0 Cosne-Cours-sur-Loire ;Article 2 : prononce le d\u00e9classement du bien immobilier sur la parcelle AD 969 sis 87 bis rue Jean Jaur\u00e8s \u00e0 Cosne-Cours-sur-Loire ;Article 3 : confirme I'appartenance du bien immobilier sur la parcelle AD 969 sis 87 bis rue Jean Jaur\u00e8s \u00e0 Cosne-Cours-sur-Loire au domaine priv\u00e9 du Centre Hospitalier Pierre L\u00f4o ;Article 4 : d\u00e9cide la mise en vente du bien immobilier sur la parcelle AD 969 sis 87 bis rue Jean Jaur\u00e8s \u00e0 Cosne-Cours-sur-Loire.\n\\ Centre Hospitalier Plerre L\u00f4o - T\u00e9l. : 03 86 69 40 02 - Fax : 03 86 69 40 21\u00b0\u2014\u00ae... 51, Rue des Hotelleries - B.P. 137 - 58405 - LA CHARITE-SUR-LOIRE - N\u00b0 FINESS 58 0780971\nGROUPEMENT HOSPITALIER DU TERRITOIRE DE LA NIEVRE - 58-2024-09-26-00007 - D\u00e9cision 16-2024 - D\u00e9saffection et d\u00e9classement\nJaur\u00e8s Cosne.pdf 9\nArticle 5 : Publicit\u00e9La pr\u00e9sente d\u00e9cisionsera communiqu\u00e9e \u00e0 Monsieur le Directeur G\u00e9n\u00e9ral de l''Agence R\u00e9gionale de Sant\u00e9 de Bourgogne -Franche-Comt\u00e9. Elle fait l'objet d'un affichage public au sein du Centre Hospitalier Pierre L\u00f4o. Elle est archiv\u00e9e ausecr\u00e9tariat de direction du Centre Hospitalier Pierre L\u00f4o et sera publi\u00e9e au Recueil des Actes administratifs de laPr\u00e9fecture de la Ni\u00e8vre.\nArticle 6 : Voies de recoursConform\u00e9ment aux dispositions de 'article R421-1 du Code Justice Administrative, la pr\u00e9sente d\u00e9cision est susceptiblede recours devant le Tribunal Administratif de Dijon, dans un d\u00e9lai de deux mois \u00e0 compter de sa publication au Recueildes actes administratifs de la Pr\u00e9fecture de la Ni\u00e8vre. Ce recours peut \u00eatre d\u00e9pos\u00e9 via l'app lication \u00abT\u00e9l\u00e9recours citoyens\u00bb- www.telerecours.fr.\nFait \u00e0 La Charit\u00e9 sur Loire, le 26 Septembre 2024Le Directeur,\n\"'/\nCopies:- M. le Directeur G\u00e9n\u00e9ral ARS-BFC- M. le Tr\u00e9sorier\nPage 2 Centre Hospitalier Pierre L\u00f4oage sur 2 \u00c9tablissement Public \u00a5 de Sant\u00e9 Mentale de La Ni\u00e8vre 51, Rue des H\u00f4telleries - B.P. 137Direction 58405 LA CHARITE-SUR-LOIRE CedexN\u00b0 FINESS 58 0780971\nGROUPEMENT HOSPITALIER DU TERRITOIRE DE LA NIEVRE - 58-2024-09-26-00007 - D\u00e9cision 16-2024 - D\u00e9saffection et d\u00e9classement\nJaur\u00e8s Cosne.pdf 10\nPREFECTURE DE LA NIEVRE\n58-2024-10-02-00003\narr\u00eat\u00e9 portant attribution d'une subvention \u00e0\nl'association sportive culturelle et d'entraide de\nla Ni\u00e8vre\n{signataire}\nPREFECTURE DE LA NIEVRE - 58-2024-10-02-00003 - arr\u00eat\u00e9 portant attribution d'une subvention \u00e0 l'association sportive culturelle et\nd'entraide de la Ni\u00e8vre 11\nPREFET .?.bE L A NIEVRE Secr\u00e9tariat G\u00e9n\u00e9ral Commun\u00c9;:\u00ceI\u00ca' D\u00e9partementalFraternit\u00e9\nBureau des ressources humainesAffaire suivie par Z\u00e9lia LABORIERef: 036.ZL.24RAA N\u00b0\nArr\u00eat\u00e9Portant attribution d'une subvention \u00e0 l'Association Sportive Culturelle et d'entraide de la Ni\u00e8vre\nVu la loi du 1\" juillet 1901 relative au contrat d'association,Vu la loi n\u00b02000-321 du 12 avril 2000 relative aux droits des citoyens dans leurs relations avec lesadministrations, notamment son article 10 ;Vu le d\u00e9cret n\u00b062-1587 du 29 d\u00e9cembre 1962 portant r\u00e8glement g\u00e9n\u00e9ral sur la comptabilit\u00e9 publique ;Vu le d\u00e9cret n\u00b02001-495 du 6 juin 2001 pris pour l'application de l'article 10 de la loi n\u00b02000-321 du 12 avril 2000et relatif \u00e0 la transparence financi\u00e8re des aides octroy\u00e9es par les personnes publiques, notamment son article 3 ;Vu le d\u00e9cret n\u00b02005-54 du 27 janvier 2005 relatif au contr\u00f4le financier au sein des administrations de l'\u00c9tat ;Vu l'arr\u00eat\u00e9 du 11 octobre 2006 relatif au compte-rendu financier pr\u00e9vu par l'article 10 de la loi du 12 avril 2000relative aux droits des citoyens dans leurs relations avec les administrations ;Vu la circulaire du premier ministre du 24 d\u00e9cembre 2002 relative aux subventions de I'Etat aux associations ;Vu la circulaire du premier ministre du 29 septembre 2015 relative aux nouvelles relations entre les pouvoirspublics et les associations: d\u00e9clinaison de la Charte des engagements r\u00e9ciproques et soutien public auxassociations ;Vu la convention nationale pluriannuelle d'objectifs et de ses annexes sign\u00e9e le 5 juin 2019 entre les- Minist\u00e9resde la Transition Ecologique et Solidaire et de la Coh\u00e9sion des Territoires et des Relations avec les Collectivit\u00e9sTerritoriales et la F\u00e9d\u00e9ration Nationale des Associations Sportives, Culturelles et d'Entraide ;Vu la convention locale et de ses annexes sign\u00e9e le 14 ao\u00fbt 2024 entre le Directeur D\u00e9partemental desTerritoires de la Ni\u00e8vre et le Pr\u00e9sident de l'Association Sportive Culturelle et d'entraide de la Ni\u00e8vre ;\nSur proposition de Monsieur le Directeur D\u00e9partemental des Territoires de la Ni\u00e8vre ;\nPr\u00e9fecture de jia Ni\u00e8vreT\u00e9l. 03 86 60 70 86Courrie! sgc-action-socilale@nievre.gouvfr\nPREFECTURE DE LA NIEVRE - 58-2024-10-02-00003 - arr\u00eat\u00e9 portant attribution d'une subvention \u00e0 l'association sportive culturelle et\nd'entraide de la Ni\u00e8vre 12\nARRETE\nArticle 1er :Une subvention d'un montant de 2 000\u20ac est accord\u00e9e \u00e0 I'Association Sportive Culturelle et d'entraide de laNi\u00e8vre pour permettre aux membres du bureau, responsables d'activit\u00e9s et adh\u00e9rents b\u00e9n\u00e9voles de participeraux diff\u00e9rentes r\u00e9unions et d'organiser les activit\u00e9s pr\u00e9vues.Article 2 :Cette subvention s'impute sur les cr\u00e9dits du programme 354, groupe\u00e9 marchandises 15.01.02, activit\u00e9035402011101, domaine fonctionnel 0354-05 et sera vers\u00e9e, en une fois, directement \u00e0 l'Association SportiveCulturelle et d'entraide de la Ni\u00e8vre.Article 3 :Monsieur le Directeur du Secr\u00e9tariat G\u00e9n\u00e9ral Commun D\u00e9partfhental de la Ni\u00e8vre est charg\u00e9 de I'ex\u00e9cution dupr\u00e9sent arr\u00eat\u00e9 dont copie sera adress\u00e9e \u00e0 l'Association Sportive Culturelle et d'entraide de la Ni\u00e8vre.\n\u00c0 Nevers, le \u00dc 2 OCT. 202k\nLe Pr\u00e9fet,\nemental des Territoir=3rtementale des TorritoirasP/Le Directeur D\u00e9La Directrice D\u00e9\nPr\u00e9fecture de la Ni\u00e8vreT\u00e9l. 03 86 60 70 86Courriel sgc-action-socilale@nievre.gouv.fr\nPREFECTURE DE LA NIEVRE - 58-2024-10-02-00003 - arr\u00eat\u00e9 portant attribution d'une subvention \u00e0 l'association sportive culturelle et\nd'entraide de la Ni\u00e8vre 13\nPREFECTURE DE LA REGION BOURGOGNE\nFRANCHE COMTE\n58-2024-10-02-00002\nArr\u00eat\u00e9 n\u00b024-279 BAG portant d\u00e9l\u00e9gatio de\nsignature  \u00e0 M. Johann MOUGENOT\n{signataire}\nPREFECTURE DE LA REGION BOURGOGNE FRANCHE COMTE - 58-2024-10-02-00002 - Arr\u00eat\u00e9 n\u00b024-279 BAG portant d\u00e9l\u00e9gatio de\nsignature  \u00e0 M. Johann MOUGENOT 14\nPR\u00c9FET _DE LA R\u00c9GIONBOURGOGNE- ,FRANCHE-COMT\u00c9\nFraternit\u00e9\nArr\u00eat\u00e9 N\u00b024-279 BAG portant d\u00e9l\u00e9gation de signature \u00e0 Monsieur Johann MOUGENOT,secr\u00e9taire g\u00e9n\u00e9ral de la pr\u00e9fecture de la C\u00f4te-d'Or en mati\u00e8re de gestion des personnelsadministratifs relevant du minist\u00e8re de l'Int\u00e9rieur pour les d\u00e9partements de la r\u00e9gionBourgogne-Franche-Comt\u00e9\nLe pr\u00e9fet de la r\u00e9gion Bourgogne-Franche-Comt\u00e9 par int\u00e9rim,Pr\u00e9fet du Jura\nVU la loi n\u00b02015-29 du 16 janvier 2015 relative \u00e0 la d\u00e9limitation des r\u00e9gions, aux \u00e9lections r\u00e9gionaleset d\u00e9partementales et modifiant le calendrier \u00e9lectoral, notamment en son article 1er ;VU le d\u00e9cret n\u00b0 2004-374 du 29 avril 2004 modifi\u00e9, relatif au pouvoir des pr\u00e9fets, \u00e0 l'organisation et\u00e0 l'action des services de I'Etat dans les r\u00e9gions et les d\u00e9partements, et notamment son article 39pr\u00e9voyant qu'en cas de vacance momentan\u00e9e du poste de pr\u00e9fet de r\u00e9gion, le pr\u00e9fet du rang le plus\u00e9lev\u00e9 en fonction dans la r\u00e9gion assure l'int\u00e9rim ;VU le d\u00e9cret n\u00b02015-510 du 7 mai 2015 portant charte de la d\u00e9concentration ;VU le d\u00e9cret du 29juillet 2022 portant nomination de Monsieur Serge CASTEL, Pr\u00e9fet du Jura ;VU, le d\u00e9cret du 03 janvier 2024 portant nomination de Monsieur Johann MOUGENOT, secr\u00e9taireg\u00e9n\u00e9ral de la pr\u00e9fecture de la C\u00f4te-d'Or, sous-pr\u00e9fet de Dijon ;VU le d\u00e9cret du 1\" octobre 2024 portant cessation de fonctions du pr\u00e9fet de la r\u00e9gion Bourgogne-Franche-Comt\u00e9, Monsieur Franck ROBINE, \u00e0 compter du 21 septembre 2024;VU l'arr\u00eat\u00e9 minist\u00e9riel du 29 d\u00e9cembre 2016 modifi\u00e9, portant d\u00e9concentration des actes relatifs \u00e0 lasituation individuelle des agents publics exer\u00e7ant leurs fonctions dans les services d\u00e9concentr\u00e9s desadministrations civiles de l'\u00c9tat au sens de l'article 15 du d\u00e9cret n\u00b02004-374 du 29 avril 2004 modifi\u00e9relatif aux pouvoirs des pr\u00e9fets, \u00e0 l'organisation et \u00e0 l'action des services de l'\u00c9tat dans les r\u00e9gions etd\u00e9partements ;VU l'arr\u00e9t\u00e9 minist\u00e9riel du 28 d\u00e9cembre 2017 portant d\u00e9l\u00e9gation de pouvoir en mati\u00e8re derecrutement et de gestion des personnels administratifs du minist\u00e8re de l'Int\u00e9rieur ;VU l'arr\u00e9t\u00e9 du 21 septembre 2024 portant nomination de Monsieur Franck ROBINE au cabinet duministre de l'Int\u00e9rieur;SUR proposition de la secr\u00e9taire g\u00e9n\u00e9rale pour les affaires r\u00e9gionales de Bourgogne-Franche-Comt\u00e9;\nSecr\u00e9tariat G\u00e9n\u00e9ral\npour les Affaires R\u00e9gionales\nPREFECTURE DE LA REGION BOURGOGNE FRANCHE COMTE - 58-2024-10-02-00002 - Arr\u00eat\u00e9 n\u00b024-279 BAG portant d\u00e9l\u00e9gatio de\nsignature  \u00e0 M. Johann MOUGENOT 15\nARRETE\nArticle 1er :D\u00e9l\u00e9gation est donn\u00e9e \u00e0 compter du 21 septembre 2024 \u00e0 Monsieur Johann MOUGENOT, secr\u00e9taireg\u00e9n\u00e9ral de la pr\u00e9fecture de la C\u00f4te-d'Or, \u00e0 l'effet de signer tout acte, d\u00e9cision, document etcorrespondance relatif \u00e0 la gestion des personnels administratifs relevant du minist\u00e8re de l'Int\u00e9rieur,et notamment au recrutement et la gestion des fonctionnaires titulaires, stagiaires, \u00e9l\u00e8vesfonctionnaires des cat\u00e9gories A, B et C et des agents non titulaires, relevant des d\u00e9partements de lar\u00e9gion Bourgogne-Franche-Comt\u00e9.\nArticle 2 :\nEn cas d'absence ou d'emp\u00eachement de Monsieur Johann MOUGENOT, la d\u00e9l\u00e9gation de signaturepourra \u00eatre exerc\u00e9e par Madame Nathalie BERGET, directrice du secr\u00e9tariat g\u00e9n\u00e9ral commun deC\u00f4te-d'Or.\nArticle 3L'arr\u00e9t\u00e9 pr\u00e9fectoral n\u00b024-43 BAG du 8 avril 2024 est abrog\u00e9.\nArticle 4 :Le secr\u00e9taire g\u00e9n\u00e9ral de la pr\u00e9fecture de la C\u00f4te-d'Or est charg\u00e9 de l'application du pr\u00e9sent arr\u00eat\u00e9,qui sera notifi\u00e9 aux pr\u00e9fets des d\u00e9partements du Doubs, du Jura, de la Haute-Sa\u00f4ne, de la Ni\u00e8vre,de la Sa\u00f4ne-et-Loire, du Territoire de Belfort et de l'Yonne, et publi\u00e9 aux recueils des actesadministratifs de la pr\u00e9fecture de r\u00e9gion Bourgogne-Franche-Comt\u00e9 et des pr\u00e9fectures desd\u00e9partements concern\u00e9s.\nFait \u00e0 Lons-le-Saunier, le (J 2 OCT. 2024\nLe pr\u00e9fet de r\u00e9gion Bourgogne-Franche-Comt\u00e9 par int\u00e9rim,Pr\u00e9fet du Jura,\nSerge CASTEL\nPREFECTURE DE LA REGION BOURGOGNE FRANCHE COMTE - 58-2024-10-02-00002 - Arr\u00eat\u00e9 n\u00b024-279 BAG portant d\u00e9l\u00e9gatio de\nsignature  \u00e0 M. Johann MOUGENOT 16","date":"2024-10-04","first_seen_on":"2025-09-23T20:37:48+00:00","id":"25940d0949c4457982dd4ad002d2a82dd7a4d083b253fed2b995d4b4150cd43b","name":"n\u00b058-2024-243 sp\u00e9cial du 04 octobre 2024","pdf_creation_date":"2024-10-04T12:41:15+00:00","pdf_modification_date":null,"timezone":"Europe/Paris","url":"https://www.nievre.gouv.fr/contenu/telechargement/19465/162452/file/recueil-58-2024-243-sp%C3%A9cial%20du%2004%20octobre%202024.pdf"}
