{"administration":"prefidf","administration_name":"Pr\u00e9fecture de la r\u00e9gion \u00cele-de-France","content":"PREFECTURE\nREGION ILE DE\nFRANCE\nRECUEIL DES ACTES\nADMINISTRATIFS SP\u00c9CIAL\nN\u00b0IDF-043-2026-01\nPUBLI\u00c9 LE 23 JANVIER 2026\nSommaire\nAgence R\u00e9gionale de Sant\u00e9 /\nIDF-2026-01-15-00007 - Arr\u00eat\u00e9 n\u00b0 2026 -MS- 009 portant autorisation\nd'extension de 3 places d'ESA du SSIAD sis 96 rue de Paris \u00e0\nLieusaint (77127) g\u00e9r\u00e9 par l'association du Service de Maintien \u00e0\nDomicile (SMAD) (3 pages) Page 3\nIDF-2026-01-13-00009 - Arr\u00eat\u00e9 n\u00b0 2026-MS-007 portant changement de\nlocalisation de l'EHPAD Les Jardins d'Astr\u00e9e au 63ter, rue\nBeaumarchais - 93100 Montreuil g\u00e9r\u00e9 par la SAS DOMIDEP et\nr\u00e9duction de 57 \u00e0 50 places d'h\u00e9bergement permanent\n (3\npages) Page 7\nPr\u00e9fecture de la R\u00e9gion d'Ile de France, Pr\u00e9fecture de Paris  / Bureau\ndes \u00e9lections du m\u00e9c\u00e9nat et de la r\u00e9gl\u00e9mentation \u00e9conomique\nIDF-2026-01-23-00003 - Arr\u00eat\u00e9 portant affectation provisoire de l'annexe\nFriant du Lyc\u00e9e Lucas de Nehou Paris 14\u00e9me (1 page) Page 11\nIDF-2026-01-23-00001 - Arr\u00eat\u00e9 portant d\u00e9saffectation de l'annexe,sise\n82 rue M\u00e9nilmontant du Coll\u00e8ge Jean-Baptiste Cl\u00e9ment (75020 Paris)\n(1 page) Page 13\nIDF-2026-01-23-00002 - Arr\u00eat\u00e9 pr\u00e9fectoral n\u00b0 portant changement\nd'affectation des locaux du lyc\u00e9e  Brassa\u00ef  (1 page) Page 15\nRectorat de la r\u00e9gion acad\u00e9mique d'Ile-de-France, rectorat de\nl'acad\u00e9mie de Paris /\nIDF-2026-01-13-00008 - Arr\u00eat\u00e9 n\u00b0 2026-001-RRA modifiant la liste des\n\u00e9tablissements d'enseignement sup\u00e9rieur de la r\u00e9gion\nacad\u00e9mique pr\u00e9vue \u00e0 l'article R. 822-1-1 du code de\nl'\u00e9ducation au titre de l'ann\u00e9e universitaire 2025-2026 (3 pages) Page 17\n2\nAgence R\u00e9gionale de Sant\u00e9\nIDF-2026-01-15-00007\nArr\u00eat\u00e9 n\u00b0 2026 -MS- 009 portant autorisation\nd'extension de 3 places d'ESA du SSIAD sis 96\nrue de Paris \u00e0 Lieusaint (77127) g\u00e9r\u00e9 par\nl'association du Service de Maintien \u00e0 Domicile\n(SMAD)\nAgence R\u00e9gionale de Sant\u00e9 - IDF-2026-01-15-00007 - Arr\u00eat\u00e9 n\u00b0 2026 -MS- 009 portant autorisation d'extension de 3 places d'ESA du\nSSIAD sis 96 rue de Paris \u00e0 Lieusaint (77127) g\u00e9r\u00e9 par l'association du Service de Maintien \u00e0 Domicile (SMAD) 3\nREPUBLIQUEFRANCAISELibert\u00e9Egalit\u00e9Fraternit\u00e9 @ D Agence R\u00e9gionale de Sant\u00e9\u00cele-de-France\n \n                                                               \n \n \n \n \n \nAGENCE R\u00c9GIONALE DE SANT\u00c9 \u00ceLE-DE-FRANCE \nARR\u00caT\u00c9 N\u00b0 2026 -MS- 009 \nportant autorisation d'extension de 3 places d'\u00e9quipe sp\u00e9cialis\u00e9e Alzheimer (ESA) du \nService de Soins Infirmiers \u00e0 Domicile (SSIAD) sis 96 rue de Paris \u00e0 Lieusaint (77127)   \ng\u00e9r\u00e9 par l'association du Service de Maintien \u00e0 Domicile (SMAD) \n    \n \nLE DIRECTEUR G\u00c9N\u00c9RAL DE L'AGENCE R\u00c9GIONALE DE SANT\u00c9 \u00ceLE-DE-FRANCE  \n \n \nVU le code de l'action sociale et des familles et notamment les articles L312-1, L313-1, L314-3 \net suivants ; \n \nVU \n \n \nVU \nle d\u00e9cret du 10 avril 2024 portant nomination de Monsieur Denis ROBIN, Directeur g\u00e9n\u00e9ral \nde l'Agence r\u00e9gionale de sant\u00e9 \u00cele-de-France \u00e0 compter du 29 avril 2024 ; \n \nl'arr\u00eat\u00e9 DS N\u00b0029/2025 du 18 d\u00e9cembre 2025 portant d\u00e9l\u00e9gation de signature \u00e0 Madame \nSt\u00e9phanie TALBOT, Directrice de l'autonomie ; \n  \nVU l'arr\u00eat\u00e9 n\u00b0 DIRNOV -2023/08 du 26 octobre 2023 de la Directrice g\u00e9n\u00e9rale de l'Agence \nr\u00e9gionale de sant\u00e9 \u00cele-de-France portant modification du cadre d'orientation strat\u00e9gique \n2018-2028 du projet r\u00e9gional de sant\u00e9 \u00cele-de-France ; \n \nVU l'arr\u00eat\u00e9 n\u00b0 DIRNOV -2023/09 du 26 octobre 2023 de la Directrice g\u00e9n\u00e9rale de l'Agence \nr\u00e9gionale de sant\u00e9 \u00cele-de-France portant adoption du sch\u00e9ma r\u00e9gional de sant\u00e9 2023-2028 \ndu projet r\u00e9gional de sant\u00e9 \u00cele-de-France ; \n \nVU l'arr\u00eat\u00e9 n\u00b0 2023-162 de la Directrice g\u00e9n\u00e9rale de l'Agence r\u00e9gionale de sant\u00e9 \u00cele-de-France \ndu 19 juin 2023 \u00e9tablissant le programme interd\u00e9partemental d'accompagnement des \nhandicaps et de la perte d'autonomie (PRIAC) 2022-2026 pour la r\u00e9gion \u00cele-de-France ; \n \nVU \n \n \n \nVU \n \nl'arr\u00eat\u00e9 n\u00b0 2017-362 en date du 2 novembre 2017 portant autorisation d'extension 10 places \npour personnes \u00e2g\u00e9es atteintes de la maladie d'Alzheimer  (de soins de r \u00e9habilitation et \nd'accompagnement) du SSIAD \u00e0 Lieusaint g\u00e9r\u00e9 par l'association du SMAD ; \n \nl'arr\u00eat\u00e9 n\u00b0  2024-349 en date du 20 novembre 2024 portant approbation de cession \nd'autorisation du SSIAD sis 17 rue Petit de Beauverger \u00e0 Brie -Comte-Robert (77255) g\u00e9r\u00e9 \npar le Groupe Hospitalier Sud \u00cele-de-France au profit de l'association du SMAD \u00e0 Lieusaint \net regroupement des places de SSIAD ;  \n  \n \nCONSID\u00c9RANT que des cr\u00e9dits pour renforcer les \u00e9quipes sp\u00e9cialis\u00e9es Alzheimer (ESA) ont \u00e9t\u00e9 \nd\u00e9l\u00e9gu\u00e9s \u00e0 l'Agence r\u00e9gionale de sant\u00e9 \u00cele-de-France pour l'ann\u00e9e 2025 ; \n \nCONSID\u00c9RANT  \n \nque le projet pr\u00e9sent\u00e9 par le SSIAD du SMAD permet de r\u00e9pondre au besoin de \ndiversification des prises en charge \u00e0 domicile pour les personnes \u00e2g\u00e9es \natteintes de la maladie neuro-d\u00e9g\u00e9n\u00e9rative ; \n \nAgence R\u00e9gionale de Sant\u00e9 - IDF-2026-01-15-00007 - Arr\u00eat\u00e9 n\u00b0 2026 -MS- 009 portant autorisation d'extension de 3 places d'ESA du\nSSIAD sis 96 rue de Paris \u00e0 Lieusaint (77127) g\u00e9r\u00e9 par l'association du Service de Maintien \u00e0 Domicile (SMAD) 4\nCONSID\u00c9RANT \n \nque du fait de la r\u00e9forme des SAD, les zones d'intervention sont susceptibles \nd'\u00eatre modifi\u00e9es ; \n \nCONSID\u00c9RANT que le financement de ces 3 places nouvelles  d'ESA du service  de soins \ninfirmiers \u00e0 domicile allou\u00e9 par l'ARS est de 51 000 \u20ac annuel ; \n \nCONSID\u00c9RANT que ces nouvelles places sont financ\u00e9es \u00e0 compter du 1er d\u00e9cembre 2025 ; \n  \n \nARR\u00caTE  \n \n \nARTICLE 1er : L'autorisation visant l'extension de 3 places pour l'ESA du SSIAD du SMAD sis \n96 rue de Paris \u00e0 Lieusaint (77127) est accord\u00e9e au SMAD pour  r\u00e9aliser une \nprestation de soins de r\u00e9habilitation et d'accompagnement aupr\u00e8s de personnes \natteintes de la maladie d'Alzheimer ou de maladies apparent\u00e9es. \n  \nARTICLE 2e : La capacit\u00e9 totale du SSIAD est fix\u00e9e \u00e0 258 places r\u00e9parties de la mani\u00e8re \nsuivante : \n- 232 places pour personnes \u00e2g\u00e9es   \n- 3 places pour personnes handicap\u00e9es    \n- 23 places d'\u00e9quipe sp\u00e9cialis\u00e9e Alzheimer. \n  \nARTICLE 3e : Cette structure est r\u00e9pertori\u00e9e dans le Fichier National des Etablissements \nSanitaires et Sociaux (FINESS) de la fa\u00e7on suivante : \n \nN\u00b0 FINESS \u00e9tablissement : 77 081 248 5 \n \nCode cat\u00e9gorie : [354] Service de Soins Infirmiers A Domicile (S.S.I.A.D) \n \nCode discipline : [358] Soins infirmiers \u00e0 Domicile \nCode fonctionnement : [16] Prestation en milieu ordinaire \nCode client\u00e8le : [700] Personnes Ag\u00e9es \nCapacit\u00e9 : 232 places            \n \nCode discipline : [358] Soins infirmiers \u00e0 Domicile \nCode fonctionnement : [16] Prestation en milieu ordinaire \nCode client\u00e8le : [010] Tous Types de D\u00e9ficiences Personnes Handicap\u00e9es \nCapacit\u00e9 : 3 places            \n \nCode discipline : [357] Activit\u00e9 soins d'accompagnement et de r\u00e9habilitation \nCode fonctionnement : [16] Prestation en milieu ordinaire \nCode client\u00e8le : [436] Personnes Alzheimer ou maladies apparent\u00e9es  \nCapacit\u00e9 : 23 places \n \nN\u00b0 FINESS du gestionnaire : 77 081 247 7 \n \nCode statut : [60] Association Loi 1901 non reconnue d'utilit\u00e9 publique \n  \nARTICLE 4e : Le pr\u00e9sent arr\u00eat\u00e9 est sans effet concernant la dur\u00e9e d'autorisation accord\u00e9e \u00e0 \nl'\u00e9tablissement pour 15 ans \u00e0 compter de sa date de cr\u00e9ation ou de \nrenouvellement d'autorisation conform\u00e9ment aux conditions pr\u00e9vues aux articles \nL.312-8 et L.313-5 du code de l'action sociale et des familles. \n \nAgence R\u00e9gionale de Sant\u00e9 - IDF-2026-01-15-00007 - Arr\u00eat\u00e9 n\u00b0 2026 -MS- 009 portant autorisation d'extension de 3 places d'ESA du\nSSIAD sis 96 rue de Paris \u00e0 Lieusaint (77127) g\u00e9r\u00e9 par l'association du Service de Maintien \u00e0 Domicile (SMAD) 5\nsig\nARTICLE 5e : Conform\u00e9ment aux dispositions de l'article D. 313-12-1 du code de l'action sociale \net des familles, la pr\u00e9sente autorisation est valable sous r\u00e9serve de la \ntransmission, aux autorit\u00e9s comp\u00e9tentes, avant la date d'entr\u00e9e en service de la \nnouvelle capacit\u00e9 autoris\u00e9e, d'une d \u00e9claration sur l'honneur attestant de la \nconformit\u00e9 de l'\u00e9tablissement ou du service aux conditions techniques minimales \nd'organisation et de fonctionnement mentionn\u00e9es au II de l'article L.  312-1 du \nm\u00eame code. \n \nARTICLE 6e : \n \nElle est r\u00e9put\u00e9e caduque en l'absence d'ouverture au public dans un d\u00e9lai de \nquatre ans \u00e0 compter de sa notification conform\u00e9ment aux articles L .313-1 et \nD.313-7-2 du code de l'action sociale et des familles. \n \nARTICLE 7e : Tout changement important dans l'activit\u00e9, l'installation, l'organisation, la direction \nou le fonctionnement de l'\u00e9tablissement ou du service doit \u00eatre port\u00e9 \u00e0 la \nconnaissance des autorit\u00e9s comp\u00e9tentes. \n  \nARTICLE 8e : Un recours contre le pr\u00e9sent arr\u00eat\u00e9 peut \u00eatre form\u00e9 devant le tribunal administratif \ncomp\u00e9tent dans un d\u00e9lai de deux mois \u00e0 compter de sa notification.   \n  \nARTICLE 9e : La directrice de la d\u00e9l\u00e9gation d\u00e9partementale de Seine -et-Marne de l'Agence \nr\u00e9gionale de sant\u00e9 \u00cele-de-France est charg\u00e9e de l'ex\u00e9cution du pr\u00e9sent arr\u00eat\u00e9 qui \nsera notifi\u00e9 au demandeur, publi\u00e9 aux recueils des actes administratifs de la \nR\u00e9gion \u00cele-de-France et du D\u00e9partement de Seine-et-Marne. \n \n \n          Fait \u00e0 Saint-Denis, le 15/01/2026 \n \n \n  Pour le Directeur g\u00e9n\u00e9ral \nde l'Agence r\u00e9gionale sant\u00e9 \n\u00cele-de-France et par d\u00e9l\u00e9gation \n   \nSt\u00e9phanie TALBOT \nDirectrice de l'autonomie \n \n \n \nAgence R\u00e9gionale de Sant\u00e9 - IDF-2026-01-15-00007 - Arr\u00eat\u00e9 n\u00b0 2026 -MS- 009 portant autorisation d'extension de 3 places d'ESA du\nSSIAD sis 96 rue de Paris \u00e0 Lieusaint (77127) g\u00e9r\u00e9 par l'association du Service de Maintien \u00e0 Domicile (SMAD) 6\nAgence R\u00e9gionale de Sant\u00e9\nIDF-2026-01-13-00009\nArr\u00eat\u00e9 n\u00b0 2026-MS-007 portant changement de\nlocalisation de l'EHPAD Les Jardins d'Astr\u00e9e au\n63ter, rue Beaumarchais - 93100 Montreuil g\u00e9r\u00e9\npar la SAS DOMIDEP et r\u00e9duction de 57 \u00e0 50\nplaces d'h\u00e9bergement permanent\nAgence R\u00e9gionale de Sant\u00e9 - IDF-2026-01-13-00009 - Arr\u00eat\u00e9 n\u00b0 2026-MS-007 portant changement de localisation de l'EHPAD Les\nJardins d'Astr\u00e9e au 63ter, rue Beaumarchais - 93100 Montreuil g\u00e9r\u00e9 par la SAS DOMIDEP et r\u00e9duction de 57 \u00e0 50 places d'h\u00e9bergement\npermanent\n7\nREPUBLIQUE a 4 seine SaillT bensFRANCAISE \u00a9 D Agence R\u00e9gionale deSant\u00e9 LE D\u00c9PARTEMENTLibert\u00e9 \u00cele-de-FranceEgalit\u00e9Fraternit\u00e9\n \n1 \n \n \n \n \n \n \nARR\u00caT\u00c9 N\u00b0 2026-MS-007 \nportant autorisation de changement de localisation \nde l'\u00e9tablissement d'h\u00e9bergement pour personnes \u00e2g\u00e9es d\u00e9pendantes  \n(EHPAD) Les Jardins d'Astr\u00e9e situ\u00e9 3, all\u00e9e des Belles Vues \u2013 93160 Noisy-le-Grand  \nau 63ter, rue Beaumarchais \u2013 93100 Montreuil  \ng\u00e9r\u00e9 par la SAS DOMIDEP  \n \net autorisation de r\u00e9duction de 57 \u00e0 50 places d'h\u00e9bergement permanent \n  \nLE DIRECTEUR G\u00c9N\u00c9RAL DE L'AGENCE R\u00c9GIONALE DE SANT\u00c9 \u00ceLE-DE-FRANCE \nLE PR\u00c9SIDENT DU CONSEIL D\u00c9PARTEMENTAL DE SEINE-SAINT-DENIS \n \n \nVU le Code de l'action sociale et des familles et notamment les articles L312-1, L313-1, L314-3 et \nsuivants ; \n \nVU le Code g\u00e9n\u00e9ral des collectivit\u00e9s territoriales ; \n \nVU le d\u00e9cret du 10 avril 2024 portant nomination de Monsieur Denis ROBIN, Directeur g\u00e9n\u00e9ral de \nl'Agence r\u00e9gionale de sant\u00e9 \u00cele-de-France \u00e0 compter du 29 avril 2024 ; \n \nVU l'arr\u00eat\u00e9 n\u00b0 DIRNOV -2023/08 du 26 octobre 2023 de la Directrice g\u00e9n\u00e9rale de l'Agence \nr\u00e9gionale de sant\u00e9 Ile-de-France portant modification du cadre d'orientation strat\u00e9gique 2018-\n2028 du projet r\u00e9gional de sant\u00e9 \u00cele-de-France ; \n \nVU l'arr\u00eat\u00e9 n\u00b0 DIRNOV -2023/09 du 26 octobre 2023 de la Directrice g\u00e9n\u00e9rale de l'Agence \nr\u00e9gionale de sant\u00e9 Ile-de-France portant adoption du sch\u00e9ma r\u00e9gional de sant\u00e9 2023-2028 du \nprojet r\u00e9gional de sant\u00e9 \u00cele-de-France ; \n \nVU l'arr\u00eat\u00e9 n\u00b0 2023-162 du 19 juin 2023 de la Directrice g\u00e9n\u00e9rale de l'Agence r\u00e9gionale de sant\u00e9 \nIle-de-France du 19 juin 2023 \u00e9tablissant le programme interd\u00e9partemental \nd'accompagnement des handicaps et de la perte d'autonomie (PRIAC) 2022 -2026 pour la \nr\u00e9gion \u00cele-de-France ; \n \nVU l'\u00e9lection le 1er juillet 2021 de M. St\u00e9phane Troussel \u00e0 la pr\u00e9sidence du Conseil D\u00e9partemental \nde la Seine-Saint-Denis ; \n \nVU l'arr\u00eat\u00e9 du Pr\u00e9sident du Conseil d\u00e9partemental n\u00b02024 -446 du 29 novembre 2024 donnant \nd\u00e9l\u00e9gation de signature \u00e0 Monsieur Olivier Veber, Directeur g\u00e9n\u00e9ral des services du \nD\u00e9partement ; \n  \nVU le sch\u00e9ma d\u00e9partemental Autonomie et Inclusion 2019-2024 ; \n \nVU le r\u00e8glement d\u00e9partemental d'aide sociale en faveur des personnes \u00e2g\u00e9es et personnes \nhandicap\u00e9es ; \n \nVU l'arr\u00eat\u00e9 n\u00b0 04-5139 du 21 octobre 2004 portant la capacit\u00e9 totale de l'EHPAD \u00e0 57 places ; \nAgence R\u00e9gionale de Sant\u00e9 - IDF-2026-01-13-00009 - Arr\u00eat\u00e9 n\u00b0 2026-MS-007 portant changement de localisation de l'EHPAD Les\nJardins d'Astr\u00e9e au 63ter, rue Beaumarchais - 93100 Montreuil g\u00e9r\u00e9 par la SAS DOMIDEP et r\u00e9duction de 57 \u00e0 50 places d'h\u00e9bergement\npermanent\n8\nVU la demande de la soci\u00e9t\u00e9 \u00ab  DOMIDEP \u00bb visant \u00e0 relocaliser l'EHPAD actuellement situ\u00e9 3, \nall\u00e9e des Belles Vues \u2013 93160 Noisy-le-Grand sur un nouveau site sis 63ter, rue Beaumarchais \n\u2013 93100 Montreuil, avec diminution de sa capacit\u00e9 d'accueil ; \n \n \nCONSID\u00c9RANT  \n \n \n \nque la v\u00e9tust\u00e9 du site actuel ne permet r\u00e9ellement d'exploiter que 33 places \nsur les 57 places autoris\u00e9es et que le d\u00e9m\u00e9nagement sur le nouveau site d\u00e9j\u00e0 \nconstruit permettra l'exploitation totale de  50 places d'h\u00e9bergement  suite \u00e0 \nune p\u00e9riode de travaux ; \nCONSID\u00c9RANT que le projet est compatible avec les objectifs et r\u00e9pond aux besoins sociaux \net m\u00e9dico-sociaux fix\u00e9s par le sch\u00e9ma r\u00e9gional de sant\u00e9 ;  \n \nCONSID\u00c9RANT qu'il satisfait aux r\u00e8gles d'organisation et de fonctionnement pr\u00e9vues par le \ncode de l'action sociale et des familles ; \n \n \n \nARR\u00caTENT \n \n \nARTICLE 1er : L'autorisation de changement de localisation  de l'EHPAD Les Jardins d'Astr\u00e9e , \nsitu\u00e9 3, all\u00e9e des Belles Vues \u2013 93160 Noisy-le-Grand, sur un nouveau site sis  \n63ter, rue Beaumarchais \u2013 93100 Montreuil est accord\u00e9e \u00e0 la SAS DOMIDEP. \n  \nARTICLE 2 :  L'autorisation de r\u00e9duction de capacit\u00e9 de 7 places d'h\u00e9bergement permanent de \nl'EHPAD \u00ab Les Jardins d'astr\u00e9e \u00bb est accord\u00e9e \u00e0 la SAS DOMIDEP. \n \nARTICLE 3 : La cap acit\u00e9 totale de l'\u00e9tablissement est fix\u00e9e \u00e0 50 places d'h\u00e9bergement \npermanent.  \n  \nARTICLE 4 : Cette structure est r\u00e9pertori\u00e9e dans le Fichier National des Etablissements \nSanitaires et Sociaux (FINESS) de la fa\u00e7on suivante : \n \nN\u00b0 FINESS de l'\u00e9tablissement : 93 070 183 4 \n \nCode cat\u00e9gorie : 500 \nCode discipline : 924  \nCode fonctionnement (type d'activit\u00e9) : 11  \nCode client\u00e8le : 711 \n \nN\u00b0 FINESS du gestionnaire : 38 000 303 8 \n \nCode statut : 95 \n \nARTICLE 5 :   La pr\u00e9sente autorisation est r\u00e9put\u00e9e caduque en l'absence d'ouverture au public \ndans un d\u00e9lai de quatre ans \u00e0 compter de sa notification conform\u00e9ment aux articles \nL313-1 et D313-7-2 du code de l'action sociale et des familles. \n \nARTICLE 6 : La mise en \u0153uvre de l'autorisation est subordonn\u00e9e au r\u00e9sultat de la visite de \nconformit\u00e9 aux conditions techniques minimales d'organisation et de \nfonctionnement fix\u00e9es par le d\u00e9cret n\u00b02003-1136 du 26 novembre 2003. \n  \nAgence R\u00e9gionale de Sant\u00e9 - IDF-2026-01-13-00009 - Arr\u00eat\u00e9 n\u00b0 2026-MS-007 portant changement de localisation de l'EHPAD Les\nJardins d'Astr\u00e9e au 63ter, rue Beaumarchais - 93100 Montreuil g\u00e9r\u00e9 par la SAS DOMIDEP et r\u00e9duction de 57 \u00e0 50 places d'h\u00e9bergement\npermanent\n9\nGI sig\nARTICLE 7 : Le pr\u00e9sent arr\u00eat\u00e9 est sans effet concernant la dur\u00e9e d'autorisation accord\u00e9e \u00e0 \nl'\u00e9tablissement pour 15 ans \u00e0 compter de sa date de cr\u00e9ation ou de renouvellement \nd'autorisation conform\u00e9ment aux conditions pr\u00e9vues aux articles L.312 -8 et                                     \nL.313-5 du code de l'action sociale et des familles. \n  \nARTICLE 8 : Tout changement important dans l'activit\u00e9, l'installation, l'organisation, la direction \nou le fonctionnement de l'\u00e9tablissement ou du service doit \u00eatre port\u00e9 \u00e0 la \nconnaissance des autorit\u00e9s comp\u00e9tentes. \n  \nARTICLE 9 : Un recours contre le pr\u00e9sent arr\u00eat\u00e9 peut \u00eatre form\u00e9 devant le tribunal administratif \ncomp\u00e9tent dans un d\u00e9lai de deux mois \u00e0 compter de sa notification.   \n  \nARTICLE 10 : La Directrice de la D\u00e9l\u00e9gation d\u00e9partementale de Seine -Saint-Denis de l'Agence \nr\u00e9gionale de sant\u00e9 \u00cele-de-France et le Directeur G\u00e9n\u00e9ral des Services du Conseil \nD\u00e9partemental de Seine-Saint-Denis sont charg\u00e9s, chacun en ce qui le concerne, \nde l'ex\u00e9cution du pr\u00e9sent arr\u00eat\u00e9 qui sera notifi\u00e9 au demandeur, publi\u00e9 au  recueil \ndes actes administratifs de la R\u00e9gion \u00cele-de-France et publi\u00e9 sur le site internet du \nD\u00e9partement de Seine-Saint-Denis. \n \n       Fait \u00e0 Saint-Denis, le 13/01/2026 \n \n \nPour le Directeur g\u00e9n\u00e9ral  \nde l'Agence r\u00e9gionale de sant\u00e9 \n\u00cele-de-France et par d\u00e9l\u00e9gation \n \nSt\u00e9phanie TALBOT \nDirectrice de l'autonomie \n Le Pr\u00e9sident du Conseil d\u00e9partemental                          \nde Seine-Saint-Denis \net par d\u00e9l\u00e9gation \n           \n \n           Olivier VEBER \n \n \nAgence R\u00e9gionale de Sant\u00e9 - IDF-2026-01-13-00009 - Arr\u00eat\u00e9 n\u00b0 2026-MS-007 portant changement de localisation de l'EHPAD Les\nJardins d'Astr\u00e9e au 63ter, rue Beaumarchais - 93100 Montreuil g\u00e9r\u00e9 par la SAS DOMIDEP et r\u00e9duction de 57 \u00e0 50 places d'h\u00e9bergement\npermanent\n10\nPr\u00e9fecture de la R\u00e9gion d'Ile de France,\nPr\u00e9fecture de Paris \nIDF-2026-01-23-00003\nArr\u00eat\u00e9 portant affectation provisoire de l'annexe\nFriant du Lyc\u00e9e Lucas de Nehou Paris 14\u00e9me\nPr\u00e9fecture de la R\u00e9gion d'Ile de France, Pr\u00e9fecture de Paris  - IDF-2026-01-23-00003 - Arr\u00eat\u00e9 portant affectation provisoire de l'annexe\nFriant du Lyc\u00e9e Lucas de Nehou Paris 14\u00e9me 11\nPREFET \u00a9DE LA REGIOND'\u00ceLE-DE-FRANCELibert\u00e9Egalit\u00e9Fraternit\u00e9\n  \nCABINET  \nService de la coordination des affaires parisiennes \nBureau des \u00e9lections, du m\u00e9c\u00e9nat et de la r\u00e9glementation \u00e9conomique  \nPr\u00e9fecture de Paris  \n5 rue Leblanc \u2013 75911 PARIS cedex 15  \nT\u00e9l : 01 82 52 40 40 \n \n \nArr\u00eat\u00e9 pr\u00e9fectoral n\u00b0 \nportant affectation provisoire de biens immeubles  \n \n \nLe pr\u00e9fet de la r\u00e9gion d'\u00cele-de-France, \nPr\u00e9fet de Paris, \nGrand Officier de la L\u00e9gion d'honneur, \nOfficier de l'ordre national du M\u00e9rite  \n  \n \nVu le code g\u00e9n\u00e9ral des collectivit\u00e9s territoriales,  et notamment les articles L .1111-1 \u00e0 L .111-10, L. 1321-1 \net suivants  ; \nVu le code de l'\u00e9ducation et notamment les articles L. 421-17 \u00e0 L. 421-19  ; \nVu le d\u00e9cret n\u00b0 2004-374 du 29 avril 2004 modifi\u00e9, relatif aux pouvoirs des pr\u00e9fets, \u00e0 l'organisation et \u00e0 \nl'action des services de l'\u00c9tat dans les r\u00e9gions et d\u00e9partements  ; \nVu la circulaire interminist\u00e9rielle du 9 mai 1989, relative aux proc\u00e9dures de d\u00e9saffectation  ; \nVu la d\u00e9lib\u00e9ration du Conseil r\u00e9gional d'\u00cele-de-France n\u00b0 CP 2025-234 en date du 25 septembre 2025  ; \nVu l'avis favorable de la rectrice d'acad\u00e9mie de Paris, en date du 5 janvier 2026  ; \n \nARR\u00caTE \n \nArticle 1 \ner  : L'annexe Friant du lyc\u00e9e Lucas de Nehou, sise 19 rue Friant (Paris 14\u00e8me) est \ntemporairement affect\u00e9e au service public de l'ense ignement pour l'accueil du lyc\u00e9e Fresnel situ\u00e9 \u00e0 \nParis 15\u00e8me. \n \nArticle 2  : Le pr\u00e9sent arr\u00eat\u00e9 sera notifi\u00e9 \u00e0 la ville de Paris. \n \nArticle 3 : Le pr\u00e9sent arr\u00eat\u00e9 peut faire l'objet, d ans un d\u00e9lai de deux mois \u00e0 compter de la date de s a \nnotification, d'un recours gracieux aupr\u00e8s du pr\u00e9fet de la r\u00e9gion d'\u00cele-de-France, pr\u00e9fet de Paris et/ou d'un \nrecours hi\u00e9rarchique aupr\u00e8s du ministre de l'\u00c9ducation nationale, de la Jeunesse et des Sports. \nLe recours gracieux et/ou hi\u00e9rarchique prolonge le d\u00e9lai de recours contentieux qui doit \u00eatre introduit dans \nles deux mois suivant la d\u00e9cision implicite ou expl icite de l'autorit\u00e9 comp\u00e9tente (le silence de \nl'administration pendant un d\u00e9lai de deux mois valant d\u00e9cision implicite de rejet). \n \nArticle 4  : Le pr\u00e9fet de la r\u00e9gion d'\u00cele-de-France, pr\u00e9fet de  Paris, et la rectrice de l'acad\u00e9mie de Paris \nassurent, chacun en ce qui le concerne, l'ex\u00e9cution du pr\u00e9sent arr\u00eat\u00e9, qui sera publi\u00e9 au recueil des actes \nadministratifs de la pr\u00e9fecture de la r\u00e9gion d'\u00cele-de-France, pr\u00e9fecture de Paris.  \n \nFait \u00e0 Paris, le 23/01/2026 \n \nLa pr\u00e9f\u00e8te, directrice de Cabinet, \n \nSign\u00e9e \n \nKarine DELAMARCHE  \nPr\u00e9fecture de la R\u00e9gion d'Ile de France, Pr\u00e9fecture de Paris  - IDF-2026-01-23-00003 - Arr\u00eat\u00e9 portant affectation provisoire de l'annexe\nFriant du Lyc\u00e9e Lucas de Nehou Paris 14\u00e9me 12\nPr\u00e9fecture de la R\u00e9gion d'Ile de France,\nPr\u00e9fecture de Paris \nIDF-2026-01-23-00001\nArr\u00eat\u00e9 portant d\u00e9saffectation de l'annexe,sise 82\nrue M\u00e9nilmontant du Coll\u00e8ge Jean-Baptiste\nCl\u00e9ment (75020 Paris)\nPr\u00e9fecture de la R\u00e9gion d'Ile de France, Pr\u00e9fecture de Paris  - IDF-2026-01-23-00001 - Arr\u00eat\u00e9 portant d\u00e9saffectation de l'annexe,sise 82\nrue M\u00e9nilmontant du Coll\u00e8ge Jean-Baptiste Cl\u00e9ment (75020 Paris) 13\nPREFET \u00a9DE LA REGIOND'\u00ceLE-DE-FRANCELibert\u00e9Egalit\u00e9Fraternit\u00e9\n  \nCABINET  \nService de la coordination des affaires parisiennes \nBureau des \u00e9lections, du m\u00e9c\u00e9nat et de la r\u00e9glementation \u00e9conomique  \nPr\u00e9fecture de Paris  \n5 rue Leblanc \u2013 75911 PARIS cedex 15  \nT\u00e9l : 01 82 52 40 40  \n \n \nArr\u00eat\u00e9 pr\u00e9fectoral n\u00b0 \nportant d\u00e9saffectation de biens immeubles \n \n \n \nLe pr\u00e9fet de la r\u00e9gion d'\u00cele-de-France, \nPr\u00e9fet de Paris, \nGrand Officier de la L\u00e9gion d'honneur, \nOfficier de l'ordre national du M\u00e9rite  \n  \n \nVu le code g\u00e9n\u00e9ral des collectivit\u00e9s territoriales,  et notamment les articles L .1111-1 \u00e0 L .111-10, L. 1321-1 \net suivants  ; \nVu le code de l'\u00e9ducation et notamment les articles L .421-17 \u00e0 L .421-19  ; \nVu le d\u00e9cret n\u00b0 2004-374 du 29 avril 2004 modifi\u00e9, relatif aux pouvoirs des pr\u00e9fets, \u00e0 l'organisation et \u00e0 \nl'action des services de l'\u00c9tat dans les r\u00e9gions et d\u00e9partements  ; \nVu la circulaire interminist\u00e9rielle du 9 mai 1989, relative aux proc\u00e9dures de d\u00e9saffectation  ; \nVu l'avis favorable de la rectrice d'acad\u00e9mie de Paris, en date du 14 janvier 2026  ; \n \nARR\u00caTE \n \nArticle 1 \ner  : L'annexe, sise 82 rue M\u00e9nilmontant (Paris 20\u00e8me) du coll\u00e8ge Jean-Baptiste Cl\u00e9ment (26 rue \nHenri Chevreau 75020  Paris) est d\u00e9saffect\u00e9e. \n \nArticle 2 : Le pr\u00e9sent arr\u00eat\u00e9 peut faire l'objet, d ans un d\u00e9lai de deux mois \u00e0 compter de la date de s a \nnotification, d'un recours gracieux aupr\u00e8s du pr\u00e9fet de la r\u00e9gion d'\u00cele-de-France, pr\u00e9fet de Paris et/ou d'un \nrecours hi\u00e9rarchique aupr\u00e8s du ministre de l'\u00c9ducation nationale, de la Jeunesse   et des Sports. \nLe recours gracieux et/ou hi\u00e9rarchique prolonge le d\u00e9lai de recours contentieux qui doit \u00eatre introduit dans \nles deux mois suivant la d\u00e9cision implicite ou expl icite de l'autorit\u00e9 comp\u00e9tente (le silence de \nl'administration pendant un d\u00e9lai de deux mois valant d\u00e9cision implicite de rejet). \n \nArticle 3  : Le pr\u00e9fet de la r\u00e9gion d'\u00cele-de-France, pr\u00e9fet de Paris, et la rectrice de l'acad\u00e9mie de Paris sont \ncharg\u00e9s, chacun en ce qui le concerne, de l'ex\u00e9cution du pr\u00e9sent arr\u00eat\u00e9, lequel sera publi\u00e9 au recueil des \nactes administratifs de la pr\u00e9fecture de la r\u00e9gion d'\u00cele-de-France, pr\u00e9fecture de Paris.  \n \n \nFait \u00e0 Paris, le  23/01/2026  \n \n     La pr\u00e9f\u00e8te, directrice de Cabinet \n \nSign\u00e9e \n \nKarine DELAMARCHE \n \nPr\u00e9fecture de la R\u00e9gion d'Ile de France, Pr\u00e9fecture de Paris  - IDF-2026-01-23-00001 - Arr\u00eat\u00e9 portant d\u00e9saffectation de l'annexe,sise 82\nrue M\u00e9nilmontant du Coll\u00e8ge Jean-Baptiste Cl\u00e9ment (75020 Paris) 14\nPr\u00e9fecture de la R\u00e9gion d'Ile de France,\nPr\u00e9fecture de Paris \nIDF-2026-01-23-00002\nArr\u00eat\u00e9 pr\u00e9fectoral n\u00b0 portant changement\nd'affectation des locaux du lyc\u00e9e  Brassa\u00ef \nPr\u00e9fecture de la R\u00e9gion d'Ile de France, Pr\u00e9fecture de Paris  - IDF-2026-01-23-00002 - Arr\u00eat\u00e9 pr\u00e9fectoral n\u00b0 portant changement\nd'affectation des locaux du lyc\u00e9e  Brassa\u00ef 15\n|PREFET _DE LA REGIOND'\u00ceLE-DE-FRANCELibert\u00e9Egalit\u00e9Fraternit\u00e9\n  \nCABINET \nService de la coordination des affaires parisiennes \nBureau des \u00e9lections, du m\u00e9c\u00e9nat et de la r\u00e9glementation \u00e9conomique  \n \nPr\u00e9fecture de Paris \n5 rue Leblanc \u2013 75911 PARIS cedex 15  \nT\u00e9l : 01 82 52 40 40 \n \n \nArr\u00eat\u00e9 pr\u00e9fectoral n\u00b0 \nportant changement d'affectation de biens immeubles \n \n \nLe pr\u00e9fet de la r\u00e9gion d'Ile-de-France, \nPr\u00e9fet de Paris, \nGrand Officier de la L\u00e9gion d'honneur, \nOfficier de l'ordre national du M\u00e9rite \n  \n \nVu le code g\u00e9n\u00e9ral des collectivit\u00e9s territoriales,  et notamment les articles L .1111-1 \u00e0 L .111-10, L. 1321-1 \net suivants  ; \nVu le code de l'\u00e9ducation et notamment les articles L. 421-17 \u00e0 L. 421-19  ; \nVu le d\u00e9cret n\u00b0 2004-374 du 29 avril 2004 modifi\u00e9, relatif aux pouvoirs des pr\u00e9fets, \u00e0 l'organisation et \u00e0 \nl'action des services de l'\u00c9tat dans les r\u00e9gions et d\u00e9partements  ; \nVu la circulaire interminist\u00e9rielle du 9 mai 1989, relative aux proc\u00e9dures de d\u00e9saffectation  ; \nVu la d\u00e9lib\u00e9ration du Conseil r\u00e9gional d'Ile-de-France n\u00b0 CP 2024-113 en date du 27 mars 2025 ; \nVu l'avis favorable de la rectrice de l'acad\u00e9mie de Paris, en date du 14 janvier 2026; \n \nARRETE \n \nArticle 1 \ner  : Les locaux du lyc\u00e9e Brassa\u00ef, sise 6 rue Quinault  \u00e0 Paris 15 \u00e8me  sont temporairement affect\u00e9s \naux enseignements g\u00e9n\u00e9raux du lyc\u00e9e Jean Drouant(Paris 17\u00e8me)  \n \nArticle 2  : Le pr\u00e9sent arr\u00eat\u00e9 sera notifi\u00e9 \u00e0 la ville de Paris. \n \nArticle 3 : Le pr\u00e9sent arr\u00eat\u00e9 peut faire l'objet, d ans un d\u00e9lai de deux mois \u00e0 compter de la date de s a \nnotification, d'un recours gracieux aupr\u00e8s du pr\u00e9fet de la r\u00e9gion d'Ile-de-France, pr\u00e9fet de Paris et/ou d'un \nrecours hi\u00e9rarchique aupr\u00e8s du ministre de l'\u00c9ducation nationale, de la Jeunesse et des Sports. \nLe recours gracieux et/ou hi\u00e9rarchique prolonge le d\u00e9lai de recours contentieux qui doit \u00eatre introduit dans \nles deux mois suivant la d\u00e9cision implicite ou expl icite de l'autorit\u00e9 comp\u00e9tente (le silence de \nl'administration pendant un d\u00e9lai de deux mois valant d\u00e9cision implicite de rejet). \n \nArticle 4  : Le pr\u00e9fet de la r\u00e9gion d'Ile-de-France, pr\u00e9fet de Paris et la rectrice de l'acad\u00e9mie de Paris, sont \ncharg\u00e9s, chacun en ce qui le concerne, de l'ex\u00e9cution du pr\u00e9sent arr\u00eat\u00e9 qui sera publi\u00e9 au recueil des actes \nadministratifs de la pr\u00e9fecture de la r\u00e9gion d'\u00cele-de-France, pr\u00e9fecture de Paris. \n \nFait \u00e0 Paris, le  23/01/2026 \n \nLa Pr\u00e9f\u00e8te, directrice de Cabinet, \n \nSign\u00e9e \n \nKarine DELAMARCHE \nPr\u00e9fecture de la R\u00e9gion d'Ile de France, Pr\u00e9fecture de Paris  - IDF-2026-01-23-00002 - Arr\u00eat\u00e9 pr\u00e9fectoral n\u00b0 portant changement\nd'affectation des locaux du lyc\u00e9e  Brassa\u00ef 16\nRectorat de la r\u00e9gion acad\u00e9mique\nd'Ile-de-France, rectorat de l'acad\u00e9mie de Paris\nIDF-2026-01-13-00008\nArr\u00eat\u00e9 n\u00b0 2026-001-RRA modifiant la liste des\n\u00e9tablissements d'enseignement sup\u00e9rieur de la\nr\u00e9gion acad\u00e9mique pr\u00e9vue \u00e0 l'article R. 822-1-1\ndu code de l'\u00e9ducation au titre de l'ann\u00e9e\nuniversitaire 2025-2026\nRectorat de la r\u00e9gion acad\u00e9mique d'Ile-de-France, rectorat de l'acad\u00e9mie de Paris - IDF-2026-01-13-00008 - Arr\u00eat\u00e9 n\u00b0 2026-001-RRA\nmodifiant la liste des \u00e9tablissements d'enseignement sup\u00e9rieur de la r\u00e9gion acad\u00e9mique pr\u00e9vue \u00e0 l'article R. 822-1-1 du code de\nl'\u00e9ducation au titre de l'ann\u00e9e universitaire 2025-2026\n17\nREGION ACADEMIQUE\u00ceLE-DE-FRANCELibert\u00e9\u00c9galit\u00e9Fraternit\u00e9\n \n \n \n \nArr\u00eat\u00e9 n\u00b02026-001-RRA modifiant la liste des \u00e9tablissements d'enseignement \nsup\u00e9rieur de la r\u00e9gion acad\u00e9mique pr\u00e9vue \u00e0 l'article R. 822-1-1 du code de \nl'\u00e9ducation au titre de l'ann\u00e9e universitaire 2025-2026 \nLA RECTRICE DE LA R\u00c9GION ACAD\u00c9MIQUE \u00ceLE-DE-FRANCE, \nRECTRICE DE L'ACAD\u00c9MIE DE PARIS, \nCHANCELI\u00c8RE DES UNIVERSIT\u00c9S DE PARIS \nET D'\u00ceLE-DE-FRANCE \n \nVu le code de l'\u00e9ducation, notamment ses articles L. 822 -1-1, R. 222 -24-2 \u00e0 R. 222 -24-9 et \nR.822-1-1 ; \nVu le d\u00e9cret du Pr\u00e9sident de la R\u00e9publique en date du 12 mars 2025, nommant Mme Julie \nBENETTI en tant que rectrice de la r\u00e9gion acad\u00e9mique d'\u00cele -de-France, rectrice de \nl'acad\u00e9mie de Paris, chanceli\u00e8re des universit\u00e9s de Paris et d'\u00cele-de-France ; \nVu le d\u00e9cret du Pr\u00e9sident de la R\u00e9publique du 16 juillet 2024 portant nomination de Mme \nIsabelle PRAT en qualit\u00e9 de rectrice d\u00e9l\u00e9gu\u00e9e pour l'enseignement sup\u00e9rieur, la recherche \net l'innovation de la r\u00e9gion acad\u00e9mique \u00cele-de-France ; \nVu l'arr\u00eat\u00e9 du 21 n ovembre 2024 fixant les modalit\u00e9s de versement de l'aide financi\u00e8re \npr\u00e9vue \u00e0 l'article L. 822-1-1 du code de l'\u00e9ducation ; \nVu l'arr\u00eat\u00e9 rectoral du 1er mars 2020 portant organisation de l'administration du rectorat de \nla r\u00e9gion acad\u00e9mique d'\u00cele-de-France ; \nVu l'arr\u00eat\u00e9 du ministre de l'Education nationale, de la Jeunesse et des Sports et de la ministre \nde l'Enseignement sup\u00e9rieur, de la Recherche et de l'Innovation du 15 mars 2022 portant \nnomination de M. Alexandre BOSCH en qualit\u00e9 de secr\u00e9taire g\u00e9n\u00e9ral, chef  du service \nr\u00e9gional de l'enseignement sup\u00e9rieur, de la recherche et de l'innovation de la r\u00e9gion \nacad\u00e9mique \u00cele-de-France et secr\u00e9taire g\u00e9n\u00e9ral de l'\u00e9tablissement public Chancellerie des \nuniversit\u00e9s de Paris ; \nVu l'arr\u00eat\u00e9 n\u00b02025-144-RRA du 30 septembre 20 25 fixant la liste des \u00e9tablissements \nd'enseignement sup\u00e9rieur de la r\u00e9gion acad\u00e9mique pr\u00e9vue \u00e0 l'article R.822 -1-1 du code de \nl'\u00e9ducation ; \nSur la proposition des centres r\u00e9gionaux des \u0153uvres universitaires de Paris, Versailles et \nCr\u00e9teil ; \nARR\u00caTE \n \nRectorat de la r\u00e9gion acad\u00e9mique d'Ile-de-France, rectorat de l'acad\u00e9mie de Paris - IDF-2026-01-13-00008 - Arr\u00eat\u00e9 n\u00b0 2026-001-RRA\nmodifiant la liste des \u00e9tablissements d'enseignement sup\u00e9rieur de la r\u00e9gion acad\u00e9mique pr\u00e9vue \u00e0 l'article R. 822-1-1 du code de\nl'\u00e9ducation au titre de l'ann\u00e9e universitaire 2025-2026\n18\n \n \nARTICLE 1  \nLes \u00e9tablissements indiqu\u00e9s en annexe du pr\u00e9sent arr\u00eat\u00e9 sont retir\u00e9s/ajout\u00e9s de \nl'arr\u00eat\u00e9 du 30 septembre 2025 fixant la liste des \u00e9tablissements d'enseignement \nsup\u00e9rieur de la r\u00e9gion acad\u00e9mique pr\u00e9vue \u00e0 l'article R.822-1-1 du code de \nl'\u00e9ducation. \n \nARTICLE 2  \nLa liste annex\u00e9e au pr\u00e9sent arr\u00eat\u00e9 est consultable au si\u00e8ge de la r\u00e9gion acad\u00e9mique      \n\u00cele-de-France.  \nARTICLE 3  \nLe pr\u00e9sent arr\u00eat\u00e9 sera transmis aux cheffes et chefs, directrices et directeurs des \n\u00e9tablissements d'enseignement sup\u00e9rieur figurant au sein de la liste annex\u00e9e. \nARTICLE 4  \nLe secr\u00e9taire g\u00e9n\u00e9ral, chef du service r\u00e9gional de l'enseignement sup\u00e9rieur, de la \nrecherche et de l'innovation de la r\u00e9gion acad\u00e9mique \u00cele -de-France et secr\u00e9taire \ng\u00e9n\u00e9ral de l'\u00e9tablissement public Chancellerie des universit\u00e9s de Paris, mesdames et \nmessieurs les chefs d'\u00e9tablissement, sont charg\u00e9(e)s, chacun en ce qui les concerne, \nde l'ex\u00e9cution du pr\u00e9sent arr\u00eat\u00e9 qui sera publi\u00e9 au recueil des actes administratifs \nde la pr\u00e9fecture de r\u00e9gion d'\u00cele-de-France, pr\u00e9fecture de Paris.  \n \nFait \u00e0 Paris, le 13 janvier 2026 \n \nPour la Rectrice de la r\u00e9gion acad\u00e9mique d'\u00cele-de-\nFrance,  \nRectrice de l'acad\u00e9mie de Paris,  \nChanceli\u00e8re des universit\u00e9s de Paris et d'\u00cele-de-France, \net par d\u00e9l\u00e9gation, \nLa Rectrice d\u00e9l\u00e9gu\u00e9e pour l'enseignement sup\u00e9rieur, \nla recherche et l'innovation de la r\u00e9gion acad\u00e9mique \nIle-de-France, \n \n \nSign\u00e9 \n \nIsabelle PRAT \nRectorat de la r\u00e9gion acad\u00e9mique d'Ile-de-France, rectorat de l'acad\u00e9mie de Paris - IDF-2026-01-13-00008 - Arr\u00eat\u00e9 n\u00b0 2026-001-RRA\nmodifiant la liste des \u00e9tablissements d'enseignement sup\u00e9rieur de la r\u00e9gion acad\u00e9mique pr\u00e9vue \u00e0 l'article R. 822-1-1 du code de\nl'\u00e9ducation au titre de l'ann\u00e9e universitaire 2025-2026\n19\nAnnexe \u00e0 l'arr\u00eat\u00e9 n\u00b02026-001-RRA modifiant la liste des \u00e9tablissements \nd'enseignement sup\u00e9rieur de la r\u00e9gion acad\u00e9mique pr\u00e9vue \u00e0 l'article R. 822-1-1 du \ncode de l'\u00e9ducation au titre de l'ann\u00e9e universitaire 2025-2026 \n \n1- Liste des \u00e9tablissements d'enseignement sup\u00e9rieur de la r\u00e9gion \nacad\u00e9mique d'\u00cele-de-France retir\u00e9s de l'arr\u00eat\u00e9 du 30 septembre 2025 \n \nACAD\u00c9MIE UAI DENOMINATION \n\u00c9TABLISSEMENT \nADRESSE DU SITE DE \nFORMATION \nVersailles 0922252Y \nAntenne d'Antony de \nl'Institut national \nsup\u00e9rieur du professorat \net de l'\u00e9ducation de \nl'acad\u00e9mie de Versailles \n26 Av Leon Jouhaux, \n92002 - ANTONY \n \n \n \n \n2- Liste des \u00e9tablissements d'enseignement sup\u00e9rieur de la r\u00e9gion \nacad\u00e9mique d'\u00cele-de-France ajout\u00e9s \u00e0 l'arr\u00eat\u00e9 du 30 septembre 2025 \n \nACAD\u00c9MIE UAI DENOMINATION \n\u00c9TABLISSEMENT \nADRESSE DU SITE DE \nFORMATION \nParis 0754107G \nEcole sup\u00e9rieure des arts \net techniques de la \nmode Campus Paris \n(ESMOD) \n30 avenue Jean Lolive, \n93500 -  PANTIN \nVersailles 0782117C \nInstitut Universitaire de \nTechnologie de Mantes \nEn Yvelines de \nl'Universit\u00e9 Versailles \nSaint Quentin en \nYvelines \n7 rue Jean Hoet, 78200  - \nMANTES-LA-JOLIE \nVersailles 0782104N \nInstitut de Sciences et \nTechniques des Yvelines \nde l'Universit\u00e9 de \nVersailles Saint Quentin \nen Yvelines (ISTY) \n28 Bd Roger Salengro, \n78711 - MANTES-LA-\nVILLE \n \nRectorat de la r\u00e9gion acad\u00e9mique d'Ile-de-France, rectorat de l'acad\u00e9mie de Paris - IDF-2026-01-13-00008 - Arr\u00eat\u00e9 n\u00b0 2026-001-RRA\nmodifiant la liste des \u00e9tablissements d'enseignement sup\u00e9rieur de la r\u00e9gion acad\u00e9mique pr\u00e9vue \u00e0 l'article R. 822-1-1 du code de\nl'\u00e9ducation au titre de l'ann\u00e9e universitaire 2025-2026\n20","date":"2026-01-23","first_seen_on":"2026-01-23T16:49:47+00:00","id":"2599ecf70c8e30a99e310649c004a4409183b865bca67b016b16e27b0cd79045","name":"rrecueil-idf-043-2026-01-recueil-des-actes-administratifs-special du 23.01.2026","pdf_creation_date":"2026-01-23T15:58:29+00:00","pdf_modification_date":null,"timezone":"Europe/Paris","url":"https://www.prefectures-regions.gouv.fr/ile-de-france/irecontenu/telechargement/134905/987839/file/rrecueil-idf-043-2026-01-recueil-des-actes-administratifs-special%20du%2023.01.2026.pdf"}
