{"administration":"pref83","administration_name":"Pr\u00e9fecture du Var","content":"VAR\nRECUEIL DES ACTES\nADMINISTRATIFS\nN\u00b083-2026-062\nPUBLI\u00c9 LE 19 F\u00c9VRIER 2026\nSommaire\nPr\u00e9fecture du VAR / Direction des s\u00e9curit\u00e9s\n83-2026-02-18-00005 - Arr\u00eat\u00e9 pr\u00e9fectoral n\u00b02026-02-001 ESC du 18\nf\u00e9vrier 2026 portant r\u00e9glementation temporaire de la circulation sur\nl'autoroute A8 sur le territoire des communes des Adrets-de-l'Est\u00e9rel et\nde Fr\u00e9jus (3 pages) Page 3\n83-2026-02-18-00006 - Arr\u00eat\u00e9 pr\u00e9fectoral n\u00b02026-02-002 ESC du 18\nf\u00e9vrier 2026 portant r\u00e9glementation temporaire de la circulation sur\nl'autoroute A8 sur le territoire des communes des Adrets-de-l'Est\u00e9rel,\nFr\u00e9jus et Tanneron (3 pages) Page 7\n2\nPr\u00e9fecture du VAR\n83-2026-02-18-00005\nArr\u00eat\u00e9 pr\u00e9fectoral n\u00b02026-02-001 ESC du 18\nf\u00e9vrier 2026 portant r\u00e9glementation temporaire\nde la circulation sur l'autoroute A8 sur le\nterritoire des communes des Adrets-de-l'Est\u00e9rel\net de Fr\u00e9jus\nPr\u00e9fecture du VAR - 83-2026-02-18-00005 - Arr\u00eat\u00e9 pr\u00e9fectoral n\u00b02026-02-001 ESC du 18 f\u00e9vrier 2026 portant r\u00e9glementation\ntemporaire de la circulation sur l'autoroute A8 sur le territoire des communes des Adrets-de-l'Est\u00e9rel et de Fr\u00e9jus 3\n=mPREFETDU VARLibert\u00e9Egalit\u00e9Fraternit\u00e9\nDirection des s\u00e9curit\u00e9s\nService de l'\u00e9ducation et\nde la s\u00e9curit\u00e9 routi\u00e8res\nP\u00f4le \u00e9tudes et ing\u00e9nierie\n                      ARR\u00caT\u00c9 PR\u00c9FECTORAL n\u00b0 2026 \u2013 02 \u2013 001 ESC du 18 f\u00e9vrier 2026 02/07/2020\nportant r\u00e9glementation temporaire de la circulation sur l'autoroute A8\nsur le territoire des communes des Adrets-de-l'Est\u00e9rel et de Fr\u00e9jus.\nLe Pr\u00e9fet du Var,\nChevalier de la L\u00e9gion d'Honneur,\nChevalier de l'Ordre National du M\u00e9rite,\nVu le Code de la route ;\nVu le Code de la voirie routi\u00e8re ;\nVu  le d\u00e9cret du 29 novembre 1982 approuvant la convention de concession pass\u00e9e entre  \nl'\u00c9tat et la soci\u00e9t\u00e9 de l'autoroute Est\u00e9rel, C\u00f4te d'Azur, Provence Alpes (ESCOTA) en vue de la  \nconstruction, de l'entretien et de l'exploitation des autoroutes conc\u00e9d\u00e9es et ses avenants  \nult\u00e9rieurs ;\nVu le d\u00e9cret n\u00b0 2015-1045 du 21 ao\u00fbt 2015 approuvant le transfert de la travers\u00e9e autorouti\u00e8re \nde  Toulon  entre  l'\u00c9tat  et  la  soci\u00e9t\u00e9  des  autoroutes  Est\u00e9rel,  C\u00f4te  d'Azur,  Provence  Alpes \n(ESCOTA) ;\nVu le d\u00e9cret du Pr\u00e9sident de la R\u00e9publique du 15 mai 2025 portant nomination de M. Simon  \nBABRE, pr\u00e9fet du Var ;\nVu  l'arr\u00eat\u00e9  interminist\u00e9riel  du  24  novembre  1967  relatif  \u00e0  la  signalisation  des  routes  et  \nautoroutes et des textes subs\u00e9quents ;\nVu  l'arr\u00eat\u00e9 pr\u00e9fectoral n\u00b0 2020-12-001 BR du 16 d\u00e9cembre 2020, portant modification de  \nl'arr\u00eat\u00e9 pr\u00e9fectoral n\u00b0 2523 du 20 mars 2018, portant r\u00e9glementation de la circulation des  \nv\u00e9hicules de transport de bois ronds dans le d\u00e9partement du Var ;\nVu  l'arr\u00eat\u00e9 pr\u00e9fectoral n\u00b0 2023-06-004 en date du 26 juin 2023, autorisant l'ouverture de  \nchantiers d'entretien courant ou de r\u00e9paration sur les autoroutes A8, A50 et A57 dans la  \ntravers\u00e9e du d\u00e9partement du Var ;\nVu l'arr\u00eat\u00e9 pr\u00e9fectoral n\u00b0 2025-06-001 PC du 05 juin 2025 portant r\u00e9glementation de la police  \nde circulation sur les autoroutes A8, A50 et A57 ;\nVu l'arr\u00eat\u00e9 pr\u00e9fectoral n\u00b0 2026/07/MCI du 18 f\u00e9vrier 2026 portant d\u00e9l\u00e9gation de signature \u00e0  \nMme Jos\u00e9phine GUIGLIANO-BOUTONNET, directrice de cabinet du pr\u00e9fet du Var ;\nVu la note technique du 14 avril 2016 du minist\u00e8re de l'Environnement, de l'\u00c9nergie et de la  \nMer (DGITM/DIT) relative \u00e0 la coordination des chantiers sur le r\u00e9seau routier national (RRN) ;\nVu le r\u00e8glement d'exploitation de la soci\u00e9t\u00e9 des autoroutes ESCOTA en date du 02 juin 2025 ;\nVu la demande de la Soci\u00e9t\u00e9 des autoroutes ESCOTA en date du 03 f\u00e9vrier 2026 ;\nVu  l'avis  favorable  de  la  Direction  G\u00e9n\u00e9rale  des  Infrastructures,  des  Transports  et  des  \nMobilit\u00e9s sur le dossier d'exploitation sous chantier n\u00b0 2026-008 en date 06 f\u00e9vrier 2026;\nVu l'avis favorable du conseil d\u00e9partemental du Var en date du 10 f\u00e9vrier 2026;\nArr\u00eat\u00e9 pr\u00e9fectoral n\u00b0 2026 \u2013 02 \u2013 001 ESC Page 1/3\nPr\u00e9fecture du VAR - 83-2026-02-18-00005 - Arr\u00eat\u00e9 pr\u00e9fectoral n\u00b02026-02-001 ESC du 18 f\u00e9vrier 2026 portant r\u00e9glementation\ntemporaire de la circulation sur l'autoroute A8 sur le territoire des communes des Adrets-de-l'Est\u00e9rel et de Fr\u00e9jus 4\nConsid\u00e9rant que pour assurer la s\u00e9curit\u00e9 des usagers de l'autoroute, des agents de la soci\u00e9t\u00e9  \ndes  autoroutes  Est\u00e9rel,  C\u00f4te  d'Azur,  Provence  Alpes  (ESCOTA)  et  des  personnels  de  \nl'entreprise charg\u00e9s d'effectuer des  travaux de grenaillage de chauss\u00e9es  au diffuseur N\u00b039  \n\u00ab Les  Adrets-de-l'Est\u00e9rel \u00bb  au  PR  145.500,  il  convient  de  r\u00e9glementer  la  circulation  sur  le  \nterritoire du d\u00e9partement du Var, sur l'autoroute A8, dans le sens de circulation Nice vers Aix-\nen-Provence, la semaine 10/2026. La semaine 11/2026 constitue la semaine de r\u00e9serve.\nSur proposition de la directrice de cabinet du pr\u00e9fet du Var,\nARR\u00caTE :\nArticle 1  er   : En raison des travaux de grenaillage de chauss\u00e9es au diffuseur N\u00b0 39 \u00ab Les Adrets-\nde-l'Est\u00e9rel  \u00bb  au  PR  145.500,  sur  l'autoroute  A8,  la  circulation  de  tous  les  v\u00e9hicule s  est \nr\u00e9glement\u00e9e, dans le sens de circulation Nice vers Aix-en-Provence, de 21h00 \u00e0 05h00 du  \nmatin, la nuit du lundi 02 mars 2026 au mardi 03 mars 2026.  La semaine 11/2026 constitue la  \nsemaine de r\u00e9serve.\nArticle 2 : Ces travaux n\u00e9cessitent de mettre en place les itin\u00e9raires de d\u00e9viations suivants :\nAutoroute A8\nSens Nice vers Aix-en-Provence\nDe 21h00 \u00e0 05h00, du lundi 02 mars 2026 au mardi 03 mars 2026\n- Fermeture des bretelles d'entr\u00e9e et de sortie du diffuseur N\u00b039 \u00ab Les Adrets-de-l'Est\u00e9rel \u00bb\nau PR 145.500\nFermeture de la bretelle d'entr\u00e9e du diffuseur N\u00b0 39 \u00ab Les Adrets-de-l'Est\u00e9rel \u00bb\nItin\u00e9raire pour les v\u00e9hicules l\u00e9gers     :  \nLes v\u00e9hicules l\u00e9gers souhaitant entrer sur l'autoroute A8 au diffuseur N\u00b039 \u00ab  Les Adrets-de-\nl'Est\u00e9rel \u00bb au PR 145. 500, doivent emprunter la route de Montauroux (D837) afin de rejoindre la \nD237 . Ils doivent ensuite suivre la DN7 et la D4A pour rejoindre l'autoroute A8  au diffuseur N\u00b0 \n38 \u00ab Fr\u00e9jus-Est \u00bb au PR 134.000 en direction d'Aix-en-Provence. \nItin\u00e9raire pour les poids-lourds     :   \nLes  poids-lourds  souhaitant  entrer  sur  l'autoroute  A8  au  diffuseur  N\u00b039  \u00ab  Les  Adrets-de-\nl'Est\u00e9rel \u00bb au PR 145.500, doivent prendre la bretelle d'entr\u00e9e N\u00b039 \u00ab Les Adrets-de-l'Est\u00e9rel \u00bb au \nPR 145.500 dans le sens inverse Aix-en-Provence vers Nice, rester sur l'autoroute A8 et prendre  \nla sortie N\u00b041 \u00ab Mandelieu-Est \u00bb au PR 159.400. Au rond-point, op\u00e9rer un demi-tour et reprendre \nl'autoroute  A8  au  diffuseur  N\u00b041  \u00ab  Mandelieu-Est \u00bb  au  PR  159.400  en  direction  d'Aix-en-\nProvence.\nFermeture de la bretelle de sortie du diffuseur N\u00b039 \u00ab Les Adrets-de-l'Est\u00e9rel     \u00bb  \nItin\u00e9raire pour les v\u00e9hicules l\u00e9gers     :  \nLes v\u00e9hicules l\u00e9gers en provenance de Nice et souhaitant sortir au diffuseur N\u00b039 \u00ab Les Adrets-\nde-l'Est\u00e9rel \u00bb au PR 145.500, doivent sortir au diffuseur N\u00b040 \u00ab  Mandelieu \u00bb au PR 157 .200,  \nprendre la D6007 , puis la RDN7 , la RD237 et enfin la D837 jusqu'aux Adrets-de-l'Est\u00e9rel. \nItin\u00e9raire pour les poids-lourds :\nLes poids-lourds en provenance de Nice et souhaitant sortir au diffuseur N\u00b039 \u00ab Les Adrets-de-\nl'Est\u00e9rel \u00bb au PR 145.500, doivent sortir au diffuseur   N\u00b038 \u00ab  Fr\u00e9jus-Est \u00bb au PR 134.000 puis  \nreprendre l'autoroute A8 dans le sens inverse Aix-en-Provence vers Nice et sortir au diffuseur  \nN\u00b039 \u00ab Les Adrets-de-l'Est\u00e9rel \u00bb au PR 145.500.\nArr\u00eat\u00e9 pr\u00e9fectoral n\u00b0 2026 \u2013 02 \u2013 001 ESC Page 2/3\nPr\u00e9fecture du VAR - 83-2026-02-18-00005 - Arr\u00eat\u00e9 pr\u00e9fectoral n\u00b02026-02-001 ESC du 18 f\u00e9vrier 2026 portant r\u00e9glementation\ntemporaire de la circulation sur l'autoroute A8 sur le territoire des communes des Adrets-de-l'Est\u00e9rel et de Fr\u00e9jus 5\nArticle 3  : Au regard des contraintes de phasage, l'arr\u00eat\u00e9 pr\u00e9fectoral n\u00b02023-06-004 en date  \ndu 26 juin 2023 autorisant l'ouverture de chantiers d'entretien courant ou de r\u00e9paration sur  \nles autoroutes A8, A50 et A57 dans la travers\u00e9e du d\u00e9partement du Var est d\u00e9rog\u00e9 .\nL'inter-distance avec tout chantier n\u00e9cessaire \u00e0 l'entretien de l'autoroute A8, est ramen\u00e9e \u00e0  \nz\u00e9ro (0) kilom\u00e8tre, dans le sens Nice vers Aix-en-Provence, pendant la dur\u00e9e de ces travaux. \nArticle  4  :  Une  information  concernant  l'avancement  des  travaux  est  transmise  \nhebdomadairement le vendredi, avant 09h00, aux destinataires suivants :\n\uf0b7 Pr\u00e9fecture du Var (pref-derogations-routes@var.gouv.fr)\n\uf0b7 Conseil d\u00e9partemental du Var (bce@var.fr)\n\uf0b7 Direction d\u00e9partementale des territoires et de la mer du Var\n\uf0b7 Radio Vinci-Autoroutes (107 .7)\nArticle  5  : Les  signalisations  temporaires  et  l'information  des  usagers,  r\u00e9pondant  \u00e0  la  \ndescription du pr\u00e9sent arr\u00eat\u00e9, sont mises en place, entretenues et surveill\u00e9es par les services  \nd'exploitation de la soci\u00e9t\u00e9 des autoroutes Est\u00e9rel, C\u00f4te d'Azur, Provence Alpes (ESCOTA)  \npendant toute la p\u00e9riode des travaux.\nLes usagers sont inform\u00e9s des travaux et des modifications des conditions de circulation :\n-  prioritairement par la diffusion de messages sur Radio Vinci Autoroutes (107 .7).\n-  par  affichage  sur  Panneau  \u00e0  Messages  Variables  (PMV)  (sous  r\u00e9serve  d'informations  \nd'urgence).\nLes d\u00e9viations sont annonc\u00e9es suffisamment en amont pour permettre \u00e0 l'usager d'anticiper \nle changement d'itin\u00e9raire.\nLe cas \u00e9ch\u00e9ant, ces messages sont compl\u00e9t\u00e9s par des panneaux d'affichage temporaires et  \npar  une  information  sur  le  site  internet  \u00ab  Vinci  Autoroutes/Infos  Travaux  \u00bb  www.vinci-\nautoroutes.com/fr-infos-travaux/\nArticle 6 : La directrice de cabinet du pr\u00e9fet du Var, le pr\u00e9sident du conseil d\u00e9partemental du \nVar,  le  directeur  interd\u00e9partemental  de  la  police  nationale  du  Var,  le  commandant  du  \ngroupement de gendarmerie d\u00e9partementale du Var, le directeur d\u00e9partemental des services  \nd'incendie et de secours du Var, les maires des communes des Adrets-de-l'Est\u00e9rel et de Fr\u00e9jus, \nle directeur de la soci\u00e9t\u00e9 des autoroutes Est\u00e9rel, C\u00f4te d'Azur, Provence Alpes, sont charg\u00e9s,  \nchacun en ce qui le concerne, de l'ex\u00e9cution du pr\u00e9sent arr\u00eat\u00e9 qui sera publi\u00e9 au recueil des  \nactes administratifs de la pr\u00e9fecture du Var.\nFait \u00e0 Toulon, le 18 f\u00e9vrier 2026\n    Pour le Pr\u00e9fet et par d\u00e9l\u00e9gation, \n                                                                La Directrice de Cabinet\n                                                                           sign\u00e9 :  Jos\u00e9phine GUIGLIANO-BOUTONNET\nConform\u00e9ment aux dispositions de l'article R. 421-1 et suivants du code de justice administrative, le pr\u00e9sent arr\u00eat\u00e9 peut faire l'objet dans un d\u00e9lai de  \ndeux mois \u00e0 compter de sa parution :\n\u2013  d'un recours administratif (recours gracieux aupr\u00e8s du pr\u00e9fet du Var ou recours hi\u00e9rarchique aupr\u00e8s du ministre de l'int\u00e9rieur)\n\u2013 d'un  recours  contentieux  devant  le  tribunal  administratif  de  Toulon.  Le  tribunal  administratif  peut  \u00eatre  saisi  par  l'application  informatique  \n\u00ab T\u00e9l\u00e9recours citoyens \u00bb accessible par le site Internet www.telerecours.fr\nArr\u00eat\u00e9 pr\u00e9fectoral n\u00b0 2026 \u2013 02 \u2013 001 ESC Page 3/3\nPr\u00e9fecture du VAR - 83-2026-02-18-00005 - Arr\u00eat\u00e9 pr\u00e9fectoral n\u00b02026-02-001 ESC du 18 f\u00e9vrier 2026 portant r\u00e9glementation\ntemporaire de la circulation sur l'autoroute A8 sur le territoire des communes des Adrets-de-l'Est\u00e9rel et de Fr\u00e9jus 6\nPr\u00e9fecture du VAR\n83-2026-02-18-00006\nArr\u00eat\u00e9 pr\u00e9fectoral n\u00b02026-02-002 ESC du 18\nf\u00e9vrier 2026 portant r\u00e9glementation temporaire\nde la circulation sur l'autoroute A8 sur le\nterritoire des communes des Adrets-de-l'Est\u00e9rel,\nFr\u00e9jus et Tanneron\nPr\u00e9fecture du VAR - 83-2026-02-18-00006 - Arr\u00eat\u00e9 pr\u00e9fectoral n\u00b02026-02-002 ESC du 18 f\u00e9vrier 2026 portant r\u00e9glementation\ntemporaire de la circulation sur l'autoroute A8 sur le territoire des communes des Adrets-de-l'Est\u00e9rel, Fr\u00e9jus et Tanneron 7\n=mPREFETDU VARLibert\u00e9Egalit\u00e9Fraternit\u00e9\nDirection des s\u00e9curit\u00e9s\nService de l'\u00e9ducation et\nde la s\u00e9curit\u00e9 routi\u00e8res\nP\u00f4le \u00e9tudes et ing\u00e9nierie\n                   ARR\u00caT\u00c9 PR\u00c9FECTORAL n\u00b0 2026 \u2013 02 \u2013 002 ESC du 18 f\u00e9vrier 202602/07/2020\nportant r\u00e9glementation temporaire de la circulation sur l'autoroute A8\nsur le territoire des communes des Adrets-de-l'Est\u00e9rel, Fr\u00e9jus et Tanneron\nLe Pr\u00e9fet du Var,\nChevalier de la L\u00e9gion d'Honneur,\nChevalier de l'Ordre National du M\u00e9rite,\nVu le Code de la route ;\nVu le Code de la voirie routi\u00e8re ;\nVu  le d\u00e9cret du 29 novembre 1982 approuvant la convention de concession pass\u00e9e entre  \nl'\u00c9tat et la soci\u00e9t\u00e9 de l'autoroute Est\u00e9rel, C\u00f4te d'Azur, Provence Alpes (ESCOTA) en vue de la  \nconstruction, de l'entretien et de l'exploitation des autoroutes conc\u00e9d\u00e9es et ses avenants  \nult\u00e9rieurs ;\nVu le d\u00e9cret n\u00b0 2015-1045 du 21 ao\u00fbt 2015 approuvant le transfert de la travers\u00e9e autorouti\u00e8re \nde  Toulon  entre  l'\u00c9tat  et  la  soci\u00e9t\u00e9  des  autoroutes  Est\u00e9rel,  C\u00f4te  d'Azur,  Provence  Alpes \n(ESCOTA) ;\nVu le d\u00e9cret du Pr\u00e9sident de la R\u00e9publique du 15 mai 2025 portant nomination de M. Simon  \nBABRE, pr\u00e9fet du Var ;\nVu  l'arr\u00eat\u00e9  interminist\u00e9riel  du  24  novembre  1967  relatif  \u00e0  la  signalisation  des  routes  et  \nautoroutes et des textes subs\u00e9quents ;\nVu  l'arr\u00eat\u00e9 pr\u00e9fectoral n\u00b0 2020-12-001 BR du 16 d\u00e9cembre 2020, portant modification de  \nl'arr\u00eat\u00e9 pr\u00e9fectoral n\u00b0 2523 du 20 mars 2018, portant r\u00e9glementation de la circulation des  \nv\u00e9hicules de transport de bois ronds dans le d\u00e9partement du Var ;\nVu  l'arr\u00eat\u00e9 pr\u00e9fectoral n\u00b0 2023-06-004 en date du 26 juin 2023, autorisant l'ouverture de  \nchantiers d'entretien courant ou de r\u00e9paration sur les autoroutes A8, A50 et A57 dans la  \ntravers\u00e9e du d\u00e9partement du Var ;\nVu l'arr\u00eat\u00e9 pr\u00e9fectoral n\u00b0 2025-06-001 PC du 05 juin 2025 portant r\u00e9glementation de la police  \nde circulation sur les autoroutes A8, A50 et A57 ;\nVu l'arr\u00eat\u00e9 pr\u00e9fectoral n\u00b0 2026/07/MCI du 18 f\u00e9vrier 2026 portant d\u00e9l\u00e9gation de signature \u00e0  \nMme Jos\u00e9phine GUIGLIANO-BOUTONNET, directrice de cabinet du pr\u00e9fet du Var ;\nVu la note technique du 14 avril 2016 du minist\u00e8re de l'Environnement, de l'\u00c9nergie et de la  \nMer (DGITM/DIT) relative \u00e0 la coordination des chantiers sur le r\u00e9seau routier national (RRN) ;\nVu le r\u00e8glement d'exploitation de la soci\u00e9t\u00e9 des autoroutes ESCOTA en date du 02 juin 2025 ;\nVu la demande de la Soci\u00e9t\u00e9 des autoroutes ESCOTA en date du 03 f\u00e9vrier 2026 ;\nVu  l'avis  favorable  de  la  Direction  G\u00e9n\u00e9rale  des  Infrastructures,  des  Transports  et  des  \nMobilit\u00e9s sur le dossier d'exploitation sous chantier n\u00b0 2026-014 en date 06 f\u00e9vrier 2026.\nArr\u00eat\u00e9 pr\u00e9fectoral n\u00b0 2026 \u2013 02 \u2013 002 ESC Page 1/3\nPr\u00e9fecture du VAR - 83-2026-02-18-00006 - Arr\u00eat\u00e9 pr\u00e9fectoral n\u00b02026-02-002 ESC du 18 f\u00e9vrier 2026 portant r\u00e9glementation\ntemporaire de la circulation sur l'autoroute A8 sur le territoire des communes des Adrets-de-l'Est\u00e9rel, Fr\u00e9jus et Tanneron 8\nConsid\u00e9rant que pour assurer la s\u00e9curit\u00e9 des usagers de l'autoroute, des agents de la soci\u00e9t\u00e9  \ndes  autoroutes  Est\u00e9rel,  C\u00f4te  d'Azur,  Provence  Alpes  (ESCOTA)  et  des  personnels  de  \nl'entreprise charg\u00e9s d'effectuer des travaux de renforcement du talus au PR 149.200, \u00e0 hauteur \nde  la  commune  des  Adrets-de-l'Est\u00e9rel,  il  convient  de  r\u00e9glementer  la  circulation  sur  le  \nterritoire du d\u00e9partement du Var, sur l'autoroute A8, dans le sens de circulation Nice vers Aix-\nen-Provence, les semaines 10/2026 et 11/2026. La semaine 12/2026 constitue la semaine de  \nr\u00e9serve.\nSur proposition de la directrice de cabinet du pr\u00e9fet du Var,\nARR\u00caTE :\nArticle 1  er   : En raison des travaux  de  renforcement du talus \u00e0 hauteur de la commune des  \nAdrets-de-l'Est\u00e9rel au PR 149.200, la circulation de tous les v\u00e9hicule s est r\u00e9glement\u00e9e, de jour  \ncomme de nuit, hors week-end, dans le sens de circulation Nice vers Aix-en-Provence, du  \nlundi 02 mars 2026 \u00e0 9h00 au vendredi 06 mars 2026 \u00e0 15h00 et du lundi 09 mars 2026 \u00e0  \n09h00 au vendredi 13 mars 2026 \u00e0 15h00. La semaine 12/2026 constitue la semaine de r\u00e9serve.\nArticle 2     : Afin d'offrir un maximum de s\u00e9curit\u00e9 aux usagers et aux personnels \u00e9voluant sur le  \nchantier, les modes d'exploitation retenus, de jour comme de nuit, hors week-end, du lundi 02 \nmars 2026 \u00e0 09h00 au vendredi 06 mars 2026 \u00e0 15h00 et du lundi 09 mars 2026 \u00e0 09h00 au  \nvendredi 13 mars 2026 \u00e0 15h00, dans le sens Nice vers Aix-en-Provence sont les suivants : \n\uf0a7 Neutralisation de la voie de droite et de la bande d'arr\u00eat d'urgence, du PR 150.600  \nau PR 149.000, avec une mise en place de s\u00e9parateur modulaire de voie (SMV) du PR \n149.300 au PR 149.200, \n\uf0a7 Chaque vendredi, les s\u00e9parateurs modulaires de voies seront retir\u00e9s et entrepos\u00e9s  \nsur la bande d'arr\u00eat d'urgence au PR 149.500.  \nArticle 3  : L'arr\u00eat\u00e9 pr\u00e9fectoral n\u00b0 2023-06-004 en date du 26 juin 2023 autorisant l'ouverture  \nde chantiers d'entretien courant ou de r\u00e9paration sur les autoroutes A8, A50 et A57 dans la  \ntravers\u00e9e du d\u00e9partement du Var est d\u00e9rog\u00e9, de jour comme de nuit, hors week-end, du lundi \n02 mars 2026 \u00e0 09h00 au vendredi 06 mars 2026 \u00e0 15h00 et du lundi 09 mars 2026 \u00e0 09h00 au  \nvendredi 13 mars 2026 \u00e0 15h00.\nL'inter-distance  de  jour  comme  de  nuit  avec  tout  chantier  n\u00e9cessaire  \u00e0  l'entretien  de  \nl'autoroute A8, est ramen\u00e9e \u00e0 z\u00e9ro (0) kilom\u00e8tre, dans le sens Nice vers Aix-en-Provence,  \npendant la dur\u00e9e de ces travaux.\nLa longueur de restriction de capacit\u00e9 est de 10 kilom\u00e8tres sur toute la dur\u00e9e des travaux.\nArticle  4  :  Une  information  concernant  l'avancement  des  travaux  ainsi  que  le  planning  \npr\u00e9visionnel des fermetures est transmise hebdomadairement le vendredi, avant 09h00, aux  \ndestinataires suivants :\n\uf0b7 Pr\u00e9fecture du Var (pref-derogations-routes@var.gouv.fr)\n\uf0b7 Conseil d\u00e9partemental du Var (bce@var.fr)\n\uf0b7 Direction d\u00e9partementale des territoires et de la mer du Var\n\uf0b7 Radio Vinci-Autoroutes (107 .7)\nArr\u00eat\u00e9 pr\u00e9fectoral n\u00b0 2026 \u2013 02 \u2013 002 ESC Page 2/3\nPr\u00e9fecture du VAR - 83-2026-02-18-00006 - Arr\u00eat\u00e9 pr\u00e9fectoral n\u00b02026-02-002 ESC du 18 f\u00e9vrier 2026 portant r\u00e9glementation\ntemporaire de la circulation sur l'autoroute A8 sur le territoire des communes des Adrets-de-l'Est\u00e9rel, Fr\u00e9jus et Tanneron 9\nArticle  5  : Les  signalisations  temporaires  et  l'information  des  usagers,  r\u00e9pondant  \u00e0  la  \ndescription du pr\u00e9sent arr\u00eat\u00e9, sont mises en place, entretenues et surveill\u00e9es par les services  \nd'exploitation de la soci\u00e9t\u00e9 des autoroutes Est\u00e9rel, C\u00f4te d'Azur, Provence Alpes (ESCOTA)  \npendant toute la p\u00e9riode des travaux.\nLes usagers sont inform\u00e9s des travaux et des modifications des conditions de circulation :\n-  prioritairement par la diffusion de messages sur Radio Vinci Autoroutes (107 .7).\n-  par  affichage  sur  Panneau  \u00e0  Messages  Variables  (PMV)  (sous  r\u00e9serve  d'informations  \nd'urgence).\nLes d\u00e9viations sont annonc\u00e9es suffisamment en amont pour permettre \u00e0 l'usager d'anticiper \nle changement d'itin\u00e9raire.\nLe cas \u00e9ch\u00e9ant, ces messages sont compl\u00e9t\u00e9s par des panneaux d'affichage temporaires et  \npar  une  information  sur  le  site  internet  \u00ab  Vinci  Autoroutes/Infos  Travaux  \u00bb  www.vinci-\nautoroutes.com/fr-infos-travaux/\nArticle 6 : La directrice de cabinet du pr\u00e9fet du Var, le pr\u00e9sident du conseil d\u00e9partemental du \nVar,  le  directeur  interd\u00e9partemental  de  la  police  nationale  du  Var,  le  commandant  du  \ngroupement de gendarmerie d\u00e9partementale du Var, le directeur d\u00e9partemental des services  \nd'incendie et de secours du Var,  les maires des communes des Adrets-de-l'Est\u00e9rel , Fr\u00e9jus et  \nTanneron, le directeur de la soci\u00e9t\u00e9 des autoroutes Est\u00e9rel, C\u00f4te d'Azur, Provence Alpes, sont  \ncharg\u00e9s, chacun en ce qui le concerne, de l'ex\u00e9cution du pr\u00e9sent arr\u00eat\u00e9 qui sera publi\u00e9 au  \nrecueil des actes administratifs de la pr\u00e9fecture du Var.\nFait \u00e0 Toulon, le 18 f\u00e9vrier 2026\n                                                                 Pour le Pr\u00e9fet et par d\u00e9l\u00e9gation, \n                                                              La Directrice de Cabinet\n                                                          sign\u00e9 :  Jos\u00e9phine GUIGLIANO-BOUTONNET\nConform\u00e9ment aux dispositions de l'article R. 421-1 et suivants du code de justice administrative, le pr\u00e9sent arr\u00eat\u00e9 peut faire l'objet  \ndans un d\u00e9lai de deux mois \u00e0 compter de sa parution :\n\u2013  d'un recours administratif (recours gracieux aupr\u00e8s du pr\u00e9fet du Var ou recours hi\u00e9rarchique aupr\u00e8s du ministre de l'int\u00e9rieur)\n\u2013 d'un recours contentieux devant le tribunal administratif de Toulon. Le tribunal administratif peut \u00eatre saisi par l'application  \ninformatique \u00ab T\u00e9l\u00e9recours citoyens \u00bb accessible par le site Internet www.telerecours.fr\nArr\u00eat\u00e9 pr\u00e9fectoral n\u00b0 2026 \u2013 02 \u2013 002 ESC Page 3/3\nPr\u00e9fecture du VAR - 83-2026-02-18-00006 - Arr\u00eat\u00e9 pr\u00e9fectoral n\u00b02026-02-002 ESC du 18 f\u00e9vrier 2026 portant r\u00e9glementation\ntemporaire de la circulation sur l'autoroute A8 sur le territoire des communes des Adrets-de-l'Est\u00e9rel, Fr\u00e9jus et Tanneron 10","date":"2026-02-19","first_seen_on":"2026-02-19T15:50:33+00:00","id":"264704872f129c2aba186019a07abd026ddd3a219ca0ce1609642ea4875ad341","name":"RAA N\u00b062 du 19 f\u00e9vrier 2026","pdf_creation_date":"2026-02-19T15:06:00+00:00","pdf_modification_date":null,"timezone":"Europe/Paris","url":"https://www.var.gouv.fr/contenu/telechargement/45028/293715/file/RAA%20N%C2%B062%20du%2019%20f%C3%A9vrier%202026.pdf"}
