{"administration":"pref83","administration_name":"Pr\u00e9fecture du Var","content":"VAR\nRECUEIL DES ACTES\nADMINISTRATIFS\nN\u00b083-2025-191\nPUBLI\u00c9 LE  6 JUIN 2025\nSommaire\nDirection d\u00e9partementale des territoires et de la mer du Var / Service mer\net littoral de la DDTM\n83-2025-06-05-00007 - Arr\u00eat\u00e9 pr\u00e9fectoral n\u00b0 DDTM/SML/BLO\n2025-03 du 05-06-2025 accordant l'avenant n\u00b01 au transfert de gestion du\ndomaine public maritime de l'arri\u00e8re-plage des Charmettes \u00e0 la\ncommune de Six-Fours-les-Plages (2 pages) Page 3\nPr\u00e9fecture du VAR / Direction des s\u00e9curit\u00e9s\n83-2025-05-16-00007 - 2025-05-16-FRJ Recyclages-10h-r\u00e9sultats-PREF (2\npages) Page 6\n83-2025-05-16-00008 - 2025-05-16-FRJ-Initiaux-08h-r\u00e9sultats-PREF (2 pages) Page 9\n2\nDirection d\u00e9partementale des territoires et de la\nmer du Var\n83-2025-06-05-00007\nArr\u00eat\u00e9 pr\u00e9fectoral n\u00b0 DDTM/SML/BLO 2025-03 du\n05-06-2025 accordant l'avenant n\u00b01 au transfert\nde gestion du domaine public maritime de\nl'arri\u00e8re-plage des Charmettes \u00e0 la commune de\nSix-Fours-les-Plages\nDirection d\u00e9partementale des territoires et de la mer du Var - 83-2025-06-05-00007 - Arr\u00eat\u00e9 pr\u00e9fectoral n\u00b0 DDTM/SML/BLO 2025-03\ndu 05-06-2025 accordant l'avenant n\u00b01 au transfert de gestion du domaine public maritime de l'arri\u00e8re-plage des Charmettes \u00e0 la\ncommune de Six-Fours-les-Plages\n3\nPREFET Direction d\u00e9partementaleDU VAR | des territoires et de la mer du Var\nFraternit\u00e9\nARR\u00caT\u00c9 PR\u00c9FECTORAL n\u00b0 DDTM/SML/BLO/2025-03 du 05/06/2025accordant l'avenant n\u00b01 au transfert de gestion du domaine public maritimenaturel li\u00e9 \u00e0 l'arri\u00e8re-plage des Charmettes\u00e0 la commune de Six-Fours-les-Plages\nLe pr\u00e9fet du Var,Vu le code g\u00e9n\u00e9ral de la propri\u00e9t\u00e9 des personnes publiques ;Vu le code de l'environnement ;Vu le code du commerce ; |Vu l'arr\u00eat\u00e9 pr\u00e9fectoral du 17 ao\u00fbt 2005 accordant le transfert de gestion de l'arri\u00e8re-plage desCharmettes \u00e0 la commune de Six-Fours-les-Plages ;Vu la d\u00e9lib\u00e9ration du conseil municipal n\u00b0 16814 en date du 12 mars 2025 par laquelle leconseil municipal sollicite l'avenant n\u00b01 au transfert de gestion de l'arri\u00e8re-plage desCharmettes ;Vu l'avis du directeur d\u00e9partemental des finances publiques en date du 14 novembre 2024 :Consid\u00e9rant que le transfert de gestion initial pr\u00e9voit des locaux d\u00e9montables n\u00e9cessairestoute l'ann\u00e9e \u00e0 l'\u00e9cole de voile ainsi qu'un parking ;Consid\u00e9rant qu'une aire de fitness ainsi qu'une promenade pi\u00e9tonne agr\u00e9ment\u00e9e d'espacevert ont \u00e9t\u00e9 r\u00e9alis\u00e9es sur une partie de l'aire de stationnement existante ;Consid\u00e9rant que la partie de parking restante a \u00e9t\u00e9 rendue payante ;Consid\u00e9rant l'absence de modification substantielle du domaine public maritime, cet avenantn\u00b01 au transfert de gestion est r\u00e9alis\u00e9 sans enqu\u00eate publique ;Sur proposition du directeur d\u00e9partemental des territoires et de la mer,\n1/2\nPR\u00c9FET Direction d\u00e9partementale \nDU VAR des territoires et de la mer du Var \ne Fraternit\u00e9 \nARRETE PREFECTORAL n\u00b0 DDTM/SML/BLO/2025-03 du 05/06/2025 \naccordant I'avenant n\u00b01 au transfert de gestion du domaine public maritime \nnaturel li\u00e9 \u00e0 l'arri\u00e8re-plage des Charmettes \n\u00e0 la commune de Six-Fours-les-Plages \nLe pr\u00e9fet du Var, \nVu le code g\u00e9n\u00e9ral de la propri\u00e9t\u00e9 des personnes publiques ; \nVu le code de l'environnement ; \nVu le code du commerce ; \nVu l'arr\u00eat\u00e9 pr\u00e9fectoral du 17 ao\u00fbt 2005 accordant le transfert de gestion de l'arri\u00e8re-plage des \nCharmettes \u00e0 la commune de Six-Fours-les-Plages ; \nVu la d\u00e9lib\u00e9ration du conseil municipal n\u00b0 16814 en date du 12 mars 2025 par laquelle le \nconseil municipal sollicite l'avenant n\u00b01 au transfert de gestion de l'arri\u00e8re-plage des \nCharmettes ; \nVu l'avis du directeur d\u00e9partemental des finances publiques en date du 14 novembre 2024 ; \nConsid\u00e9rant que le transfert de gestion initial pr\u00e9voit des locaux d\u00e9montables n\u00e9cessaires \ntoute I'ann\u00e9e \u00e0 l'\u00e9cole de voile ainsi qu'un parking ; \nConsid\u00e9rant qu'une aire de fitness ainsi qu'une promenade pi\u00e9tonne agr\u00e9ment\u00e9e d'espace \nvert ont \u00e9t\u00e9 r\u00e9alis\u00e9es sur une partie de l'aire de stationnement existante ; \nConsid\u00e9rant que la partie de parking restante a \u00e9t\u00e9 rendue payante ; \nConsid\u00e9rant I'absence de modification substantielle du domaine public maritime, cet avenant \nn\u00b01 au transfert de gestion est r\u00e9alis\u00e9 sans enqu\u00eate publique ; \nSur proposition du directeur d\u00e9partemental des territoires et de la mer, \n12\nDirection d\u00e9partementale des territoires et de la mer du Var - 83-2025-06-05-00007 - Arr\u00eat\u00e9 pr\u00e9fectoral n\u00b0 DDTM/SML/BLO 2025-03\ndu 05-06-2025 accordant l'avenant n\u00b01 au transfert de gestion du domaine public maritime de l'arri\u00e8re-plage des Charmettes \u00e0 la\ncommune de Six-Fours-les-Plages\n4\nARRETEArticle 1\" L'avenant n\u00b01 au transfert de gestion du domaine public maritime li\u00e9 \u00e0 l'arri\u00e8re-plage des Charmettes est accord\u00e9 a la commune de Six-Fours-les-Plages selon les dispositionsfix\u00e9es dans la convention et selon le plan annex\u00e9. ;Article 2 Le pr\u00e9sent arr\u00e9t\u00e9 sera affich\u00e9 en mairie de Six-Fours-les-Plages, et en tous lieuxaccoutum\u00e9s de la commune.Article 3 La pr\u00e9sente d\u00e9cision pourra faire l'objet d'un recours gracieux devant l'auteur del'acte, ou contentieux devant le tribunal administratif qui peut \u00eatre saisi par l'applicationinformatique \u00ab T\u00e9l\u00e9recours citoyen \u00bb accessible par le site internet www.telerecours.fr, dans und\u00e9lai de deux mois \u00e0 compter de l'accomplissement des mesures de publicit\u00e9.Article 4 Le secr\u00e9taire g\u00e9n\u00e9ral de la pr\u00e9fecture du Var, le maire de la commune deSix-Fours-les-Plages, le directeur d\u00e9partemental des finances publiques du Var, le directeurd\u00e9partemental des territoires et de la mer du Var sont charg\u00e9s, chacun en ce qui le concerne,de l'ex\u00e9cution du pr\u00e9sent arr\u00eat\u00e9 qui sera publi\u00e9 au recueil des actes administratifs de lapr\u00e9fecture du Var. |Fait \u00e0 Toulon, le \u00a9$ ys ZotLe Pr\u00e9fet\nd\u00e9l\u00e9gation,le secr\u00e9tai g\u00e9n\u00e9ral,Lucien GIUDICELEI\n2/2\nARR\u00caTE \nArticle 1 L'avenant n\u00b01 au transfert de gestion du domaine public maritime li\u00e9 \u00e0 l'arri\u00e8re- \nplage des Charmettes est accord\u00e9 \u00e0 la commune de Six-Fours-les-Plages selon les dispositions \nfix\u00e9es dans la convention et selon le plan annex\u00e9. \nArticle 2 Le pr\u00e9sent arr\u00eat\u00e9 sera affich\u00e9 en mairie de Six-Fours-les-Plages, et en tous lieux \naccoutum\u00e9s de la commune. \nArticle 3 La pr\u00e9sente d\u00e9cision pourra faire l'objet d'un recours gracieux devant l'auteur de \nl'acte, ou contentieux devant le tribunal administratif qui peut \u00eatre saisi par l'application \ninformatique \u00ab T\u00e9l\u00e9recours citoyen \u00bb accessible par le site internet www.telerecours.fr, dans un \nd\u00e9lai de deux mois \u00e0 compter de l'accomplissement des mesures de publicit\u00e9. \nArticle 4 Le secr\u00e9taire g\u00e9n\u00e9ral de la pr\u00e9fecture du Var, le maire de la commune de \nSix-Fours-les-Plages, le directeur d\u00e9partemental des finances publiques du Var, le directeur \nd\u00e9partemental des territoires et de la mer du Var sont charg\u00e9s, chacun en ce qui le concerne, \nde l'ex\u00e9cution du pr\u00e9sent arr\u00eat\u00e9 qui sera publi\u00e9 au recueil des actes administratifs de la \npr\u00e9fecture du Var. \nFait\u00e0 Toulon, le OS 5vin Zows \nLe Pr\u00e9fet \nPour le Pr\u00e9fet e pa d\u00e9l\u00e9gation, \nle secr\u00e9taire \u00e9ral, \nLucien GIUDICELH \n2/2\nDirection d\u00e9partementale des territoires et de la mer du Var - 83-2025-06-05-00007 - Arr\u00eat\u00e9 pr\u00e9fectoral n\u00b0 DDTM/SML/BLO 2025-03\ndu 05-06-2025 accordant l'avenant n\u00b01 au transfert de gestion du domaine public maritime de l'arri\u00e8re-plage des Charmettes \u00e0 la\ncommune de Six-Fours-les-Plages\n5\nPr\u00e9fecture du VAR\n83-2025-05-16-00007\n2025-05-16-FRJ Recyclages-10h-r\u00e9sultats-PREF\nPr\u00e9fecture du VAR - 83-2025-05-16-00007 - 2025-05-16-FRJ Recyclages-10h-r\u00e9sultats-PREF 6\nzsPREFETDU VARLibert\u00e9Egalit\u00e9Fraternit\u00e9\n \n \n\u00a0\n\u00a0\nEXAMEN\u00a0DE\u00a0CONTR\u00d4LE\u00a0DU\u00a0BREVET\u00a0\u00a0NATIONAL \nDE\u00a0S\u00c9CURIT\u00c9\u00a0ET\u00a0DE\u00a0SAUVETAGE\u00a0AQUATIQUE \n (B.N.S.S.A) \n\u00a0\nPROC\u00c8S\u00a0VERBAL\u00a0D'EXAMEN\u00a0\n\u00a0\n\u00a0\n\u00a0\nL'an\u00a0deux\u00a0mille\u00a0vingt-cinq\u00a0(2025),\u00a0le\u00a0vendredi\u00a016\u00a0mai\u00a0\u00e0\u00a008h00.\u00a0\n\u00a0\nLe\u00a0jury,\u00a0constitu\u00e9\u00a0en\u00a0application\u00a0des\u00a0dispositions\u00a0du\u00a0d\u00e9cret\u00a0n\u00b091-834\u00a0du\u00a030\u00a0ao\u00fbt\u00a01991\u00a0modifi\u00e9\u00a0et\u00a0de\u00a0\nl'arr\u00eat\u00e9\u00a0du\u00a023\u00a0janvier\u00a01979\u00a0modifi\u00e9,\u00a0fixant\u00a0les\u00a0modalit\u00e9s\u00a0de\u00a0d\u00e9livrance\u00a0du\u00a0brevet\u00a0national\u00a0de\u00a0s\u00e9curit\u00e9\u00a0\net\u00a0sauvetage\u00a0aquatique,\u00a0sous\u00a0la\u00a0pr\u00e9sidence\u00a0du\u00a0 Lieutenant\u00a0R\u00e9mi\u00a0TINTANE\u00a0s'est\u00a0r\u00e9uni\u00a0\u00e0\u00a0 la\u00a0piscine\u00a0\nGalli\u00e9ni\u00a0de\u00a0la\u00a0commune\u00a0de\u00a0Fr\u00e9jus\u00a0pour\u00a0proc\u00e9der\u00a0aux\u00a0d\u00e9lib\u00e9rations.\u00a0\n\u00a0\nParticipait\u00a0aux\u00a0travaux\u00a0du\u00a0jury\u00a0:\u00a0\nNom-Pr\u00e9nom\u00a0 Qualification\u00a0 Organisme\u00a0d'appartenance\u00a0\nAdjudant-chef\u00a0Lionel\u00a0AHMED\u00a0 BNSSA\u00a0\u2013\u00a0Formateur\u00a0PAE1\u00a0 SDIS-83\u00a0\nAdjudant-chef\u00a0David\u00a0CORGNAC\u00a0 BNSSA\u00a0\u2013\u00a0Formateur\u00a0PAE1\u00a0 SDIS-83\u00a0\nSapeur\u00a0Jean-Yves\u00a0GABRIEL\u00a0 BEESAN\u00a0 SDIS-83\u00a0\n\u00a0\n\u00c0\u00a0l'issue\u00a0de\u00a0cet\u00a0examen,\u00a0sont\u00a0d\u00e9clar\u00e9s\u00a0admis\u00a0les\u00a0personnes\u00a0figurant\u00a0sur\u00a0le\u00a0tableau\u00a0joint\u00a0en\u00a0annexe\u00a01\u00a0\nayant\u00a0satisfait\u00a0aux\u00a02\u00a0\u00e9preuves\u00a0et\u00a0dont\u00a0le\u00a0nom\u00a0est\u00a0suivi\u00a0de\u00a0la\u00a0mention\u00a0\u00ab\u00a0admis\u00a0\u00bb.\u00a0\n\u00a0\nEn\u00a0application\u00a0de\u00a0l'article\u00a010\u00a0bis\u00a0de\u00a0l'arr\u00eat\u00e9\u00a0du\u00a023\u00a0janvier\u00a01979,\u00a0modifi\u00e9,\u00a0la\u00a0liste\u00a0des\u00a0candidats\u00a0re\u00e7us\u00a0\n\u00e0\u00a0l'examen\u00a0du\u00a0brevet\u00a0national\u00a0de\u00a0s\u00e9curit\u00e9\u00a0et\u00a0de\u00a0sauvetage\u00a0aquatique\u00a0est\u00a0publi\u00e9e\u00a0au\u00a0recueil\u00a0des\u00a0\nactes\u00a0administratifs\u00a0de\u00a0la\u00a0pr\u00e9fecture\u00a0de\u00a0d\u00e9partement. \n \n\u00a0\nLe\u00a0pr\u00e9sident,\u00a0\nLieutenant\u00a0R\u00e9mi\u00a0TINTANE\u00a0\n\u00a0\n\u00a0\nLes\u00a0membres\u00a0du\u00a0jury,\u00a0\nAdjudant-chef\u00a0Lionel\u00a0AHMED\u00a0\nA d j u d a n t - c h e f \u00a0 D a v i d \u00a0 C O R G N A C \u00a0 \u00a0\u00a0\u00a0\u00a0\u00a0\u00a0\u00a0\u00a0\u00a0\u00a0\u00a0\u00a0\u00a0\u00a0\nSapeur\u00a0Jean-Yves\u00a0GABRIEL\u00a0\n\u00a0\n\u00a0\n\u00a0\n\u00a0\nOriginal\u00a0sign\u00e9\u00a0le\u00a0vendredi\u00a016\u00a0mai\u00a02025\u00a0\n\u00a0\nPr\u00e9fecture du VAR - 83-2025-05-16-00007 - 2025-05-16-FRJ Recyclages-10h-r\u00e9sultats-PREF 7\nAnnexe\u00a01\u00a0\u2010\u00a0Liste\u00a0des\u00a0candidats\u00a0admis\u00a0\u00e0\u00a0l'EXAMEN\u00a0DE\u00a0CONTR\u00d4LE\u00a0DU\u00a0BREVET\u00a0NATIONAL\u00a0\nDE\u00a0S\u00c9CURIT\u00c9\u00a0ET\u00a0DE\u00a0SAUVETAGE\u00a0AQUATIQUE\u00a0\nSession\u00a0du\u00a0vendredi\u00a016\u00a0mai\u00a02025\u00a0\u00e0\u00a0la\u00a0piscine\u00a0Galli\u00e9ni\u00a0commune\u00a0de\u00a0Fr\u00e9jus\u00a0\n\u00a0\nNOM\u00a0 PR\u00c9NOM\u00a0 R\u00c9SULTAT\u00a0\n(ADMIS,\u00a0NON\u00a0ADMIS,\u00a0ABSENT)\u00a0\nCASSAT\u00a0 Guillaume\u00a0 ABSENT\u00a0\nDECROMBECQUE\u00a0 Eva\u00a0 ADMIS\u00a0\nGHILLIAZA\u00a0 Pierre-Yves\u00a0 NON\u00a0ADMIS\u00a0\nGRIFFART\u00a0 Laurent\u00a0 ADMIS\u00a0\nLAURENT\u00a0 Christophe\u00a0 ABSENT\u00a0\nCASSAT\u00a0 Guillaume\u00a0 ABSENT\u00a0\nPENNAU\u00a0 Bastien\u00a0 ADMIS\u00a0\n\u00a0\u00a0 \u00a0\n\u00a0\u00a0 \u00a0\n\u00a0\u00a0 \u00a0\n\u00a0\u00a0 \u00a0\n\u00a0\u00a0 \u00a0\n\u00a0\u00a0 \u00a0\n\u00a0\u00a0 \u00a0\n\u00a0\u00a0 \u00a0\n\u00a0  \u00a0\n\u00a0 \u00a0\n\u00a0 \u00a0\n\u00a0 \u00a0\n\u00a0 \u00a0\n\u00a0 \u00a0\n\u00a0\u00a0\u00a0\n\u00a0\u00a0\u00a0\n\u00a0\u00a0\u00a0\n\u00a0\n\u00a0\nLe\u00a0pr\u00e9sident,\u00a0\nLieutenant\u00a0R\u00e9mi\u00a0TINTANE\u00a0\n\u00a0\n\u00a0\nLes\u00a0membres\u00a0du\u00a0jury,\u00a0\nAdjudant-chef\u00a0Lionel\u00a0AHMED\u00a0\nA d j u d a n t - c h e f \u00a0 D a v i d \u00a0 C O R G N A C \u00a0 \u00a0\u00a0\u00a0\u00a0\u00a0\u00a0\u00a0\u00a0\u00a0\u00a0\u00a0\u00a0\u00a0\u00a0\nSapeur\u00a0Jean-Yves\u00a0GABRIEL\u00a0\n\u00a0\nOriginal\u00a0sign\u00e9\u00a0le\u00a0vendredi\u00a016\u00a0mai\u00a02025\u00a0\nPr\u00e9fecture du VAR - 83-2025-05-16-00007 - 2025-05-16-FRJ Recyclages-10h-r\u00e9sultats-PREF 8\nPr\u00e9fecture du VAR\n83-2025-05-16-00008\n2025-05-16-FRJ-Initiaux-08h-r\u00e9sultats-PREF\nPr\u00e9fecture du VAR - 83-2025-05-16-00008 - 2025-05-16-FRJ-Initiaux-08h-r\u00e9sultats-PREF 9\n=ePREFETDU VARLibert\u00e9Egalit\u00e9Fraternit\u00e9\n \n \n \n \n\u00a0\nBREVET\u00a0NATIONAL\u00a0DE\u00a0S\u00c9CURIT\u00c9\u00a0\nET\u00a0DE\u00a0SAUVETAGE\u00a0AQUATIQUE\u00a0\n (B.N.S.S.A) \n\u00a0\n\u00a0\nPROC\u00c8S\u00a0VERBAL\u00a0D'EXAMEN\u00a0\n\u00a0\n\u00a0\n\u00a0\nL'an\u00a0deux\u00a0mille\u00a0vingt-cinq\u00a0(2025),\u00a0le\u00a0vendredi\u00a016\u00a0mai\u00a0\u00e0\u00a008h00.\u00a0\n\u00a0\nLe\u00a0jury,\u00a0constitu\u00e9\u00a0en\u00a0application\u00a0des\u00a0dispositions\u00a0du\u00a0d\u00e9cret\u00a0n\u00b091-834\u00a0du\u00a030\u00a0ao\u00fbt\u00a01991\u00a0modifi\u00e9\u00a0et\u00a0de\u00a0\nl'arr\u00eat\u00e9\u00a0du\u00a023\u00a0janvier\u00a01979\u00a0modifi\u00e9,\u00a0fixant\u00a0les\u00a0modalit\u00e9s\u00a0de\u00a0d\u00e9livrance\u00a0du\u00a0brevet\u00a0national\u00a0de\u00a0s\u00e9curit\u00e9\u00a0\net\u00a0sauvetage\u00a0aquatique,\u00a0sous\u00a0la\u00a0pr\u00e9sidence\u00a0du \u00a0Lieutenant\u00a0R\u00e9mi\u00a0TINTANE\u00a0s'est\u00a0r\u00e9uni\u00a0\u00e0\u00a0 la\u00a0piscine\u00a0\nGalli\u00e9ni\u00a0de\u00a0la\u00a0commune\u00a0de\u00a0Fr\u00e9jus\u00a0pour\u00a0proc\u00e9der\u00a0aux\u00a0d\u00e9lib\u00e9rations.\u00a0\n\u00a0\nParticipait\u00a0aux\u00a0travaux\u00a0du\u00a0jury\u00a0:\u00a0\n\u00a0\n\u00c0\u00a0l'issue\u00a0de\u00a0cet\u00a0examen,\u00a0sont\u00a0d\u00e9clar\u00e9s\u00a0admis\u00a0les\u00a0personnes\u00a0figurant\u00a0sur\u00a0le\u00a0tableau\u00a0joint\u00a0en\u00a0annexe\u00a01\u00a0\nayant\u00a0satisfait\u00a0aux\u00a04\u00a0\u00e9preuves\u00a0et\u00a0dont\u00a0le\u00a0nom\u00a0est\u00a0suivi\u00a0de\u00a0la\u00a0mention\u00a0\u00ab\u00a0admis\u00a0\u00bb.\u00a0\n\u00a0\nEn\u00a0application\u00a0de\u00a0l'article\u00a010\u00a0bis\u00a0de\u00a0l'arr\u00eat\u00e9\u00a0du\u00a023\u00a0janvier\u00a01979,\u00a0modifi\u00e9,\u00a0la\u00a0liste\u00a0des\u00a0candidats\u00a0re\u00e7us\u00a0\u00e0\u00a0\nl'examen\u00a0du\u00a0brevet\u00a0national\u00a0de\u00a0s\u00e9curit\u00e9\u00a0et\u00a0de\u00a0sauvetage\u00a0aquatique\u00a0est\u00a0publi\u00e9e\u00a0au\u00a0recueil\u00a0des\u00a0actes\u00a0\nadministratifs\u00a0de\u00a0la\u00a0pr\u00e9fecture\u00a0de\u00a0d\u00e9partement.\u00a0\n\u00a0\nLe\u00a0pr\u00e9sident,\u00a0\nLieutenant\u00a0R\u00e9mi\u00a0TINTANE\u00a0\n\u00a0\n\u00a0\nLes\u00a0membres\u00a0du\u00a0jury,\u00a0\nAdjudant-chef\u00a0Lionel\u00a0AHMED\u00a0\nA d j u d a n t - c h e f \u00a0 D a v i d \u00a0 C O R G N A C \u00a0 \u00a0\u00a0\u00a0\u00a0\u00a0\u00a0\u00a0\u00a0\u00a0\u00a0\u00a0\u00a0\u00a0\u00a0\nSapeur\u00a0Jean-Yves\u00a0GABRIEL\u00a0\n\u00a0\n\u00a0\n\u00a0\nOriginal\u00a0sign\u00e9\u00a0le\u00a0vendredi\u00a016\u00a0mai\u00a02025\u00a0\n\u00a0\n\u00a0\nNom-Pr\u00e9nom\u00a0 Qualification\u00a0 Organisme\u00a0d'appartenance\u00a0\nAdjudant-chef\u00a0Lionel\u00a0AHMED\u00a0 BNSSA\u00a0\u2013\u00a0Formateur\u00a0PAE1\u00a0 SDIS-83\u00a0\nAdjudant-chef\u00a0David\u00a0CORGNAC\u00a0 BNSSA\u00a0\u2013\u00a0Formateur\u00a0PAE1\u00a0 SDIS-83\u00a0\nSapeur\u00a0Jean-Yves\u00a0GABRIEL\u00a0 BEESAN\u00a0 SDIS-83\u00a0\nPr\u00e9fecture du VAR - 83-2025-05-16-00008 - 2025-05-16-FRJ-Initiaux-08h-r\u00e9sultats-PREF 10\nAnnexe\u00a01\u00a0\u2010\u00a0Liste\u00a0des\u00a0candidats\u00a0admis\u00a0au\u00a0\u00a0\u00a0\nBREVET\u00a0NATIONAL\u00a0DE\u00a0S\u00c9CURIT\u00c9\u00a0ET\u00a0DE\u00a0SAUVETAGE\u00a0AQUATIQUE\u00a0\nSession\u00a0du\u00a0vendredi\u00a016\u00a0mai\u00a02025\u00a0\u00e0\u00a0la\u00a0piscine\u00a0Galli\u00e9ni\u00a0commune\u00a0de\u00a0Fr\u00e9jus\u00a0\n\u00a0\nNOM\u00a0 PR\u00c9NOM\u00a0 R\u00c9SULTAT\u00a0\n(ADMIS,\u00a0NON\u00a0ADMIS,\u00a0ABSENT)\u00a0\nBOUCHE\u00a0 Loris\u00a0 ABSENT\u00a0\nGROHIN\u00a0 Mathis\u00a0 ADMIS\u00a0\nLARCHER\u00a0 Ugo\u00a0 ADMIS\u00a0\nMOHAMAD\u00a0 Noah\u00a0 NON\u00a0ADMIS\u00a0\nRAY\u00a0 L\u00e9a\u00a0 NON\u00a0ADMIS\u00a0\nBRUNO\u00a0 Manon\u00a0 NON\u00a0ADMIS\u00a0\n\u00a0\u00a0\u00a0\n\u00a0\u00a0\u00a0\n\u00a0\u00a0\u00a0\n\u00a0\u00a0\u00a0\n\u00a0\u00a0\u00a0\n\u00a0\u00a0\u00a0\n\u00a0\u00a0\u00a0\n\u00a0\u00a0\u00a0\n\u00a0\u00a0\u00a0\n\u00a0\u00a0\u00a0\n\u00a0\u00a0\u00a0\n\u00a0\u00a0\u00a0\n\u00a0\u00a0\u00a0\n\u00a0\u00a0\u00a0\n\u00a0\u00a0\u00a0\n\u00a0\u00a0\u00a0\n\u00a0\nLe\u00a0pr\u00e9sident,\u00a0\nLieutenant\u00a0R\u00e9mi\u00a0TINTANE\u00a0\n\u00a0\n\u00a0\nLes\u00a0membres\u00a0du\u00a0jury,\u00a0\nAdjudant-chef\u00a0Lionel\u00a0AHMED\u00a0\nA d j u d a n t - c h e f \u00a0 D a v i d \u00a0 C O R G N A C \u00a0 \u00a0\u00a0\u00a0\u00a0\u00a0\u00a0\u00a0\u00a0\u00a0\u00a0\u00a0\u00a0\u00a0\u00a0\nSapeur\u00a0Jean-Yves\u00a0GABRIEL\u00a0\n\u00a0\n\u00a0\n\u00a0\nOriginal\u00a0sign\u00e9\u00a0le\u00a0vendredi\u00a016\u00a0mai\u00a02025\u00a0\n\u00a0\nPr\u00e9fecture du VAR - 83-2025-05-16-00008 - 2025-05-16-FRJ-Initiaux-08h-r\u00e9sultats-PREF 11","date":"2025-06-06","first_seen_on":"2025-06-06T16:45:12+00:00","id":"264e792f5d452a8fdf845eec04b3f94a9ed25231f45d0ed987bb46b76d9c2863","name":"RAA N\u00b0191 du 6 juin 2025","pdf_creation_date":"2025-06-06T15:07:44+00:00","pdf_modification_date":null,"timezone":"Europe/Paris","url":"https://www.var.gouv.fr/contenu/telechargement/41274/270088/file/RAA%20N%C2%B0191%20du%206%20juin%202025%20.pdf"}
