{"administration":"pref01","administration_name":"Pr\u00e9fecture de l\u2019Ain","content":"AIN\nRECUEIL DES ACTES\nADMINISTRATIFS SP\u00c9CIAL\nN\u00b001-2025-430\nPUBLI\u00c9 LE 16 D\u00c9CEMBRE 2025\nSommaire\n01_DDT_Direction d\u00e9partementale des territoires de l'Ain /\n01-2025-12-12-00007 - Arr\u00eat\u00e9 relatif aux modalit\u00e9s de mise en oeuvre\ndu fonds d'urgence visant \u00e0 soutenir la prise en pension de bovins\nretenus en zone r\u00e9glement\u00e9e apr\u00e8s leur retour d'estive au titre de\nla lutte contre la dermatose nodulaire contagieuse (deuxi\u00e8me volet) (7\npages) Page 3\n2\n01_DDT_Direction d\u00e9partementale des\nterritoires de l'Ain\n01-2025-12-12-00007\nArr\u00eat\u00e9 relatif aux modalit\u00e9s de mise en oeuvre\ndu fonds d'urgence visant \u00e0 soutenir la prise en\npension de bovins retenus en zone r\u00e9glement\u00e9e\napr\u00e8s leur retour d'estive au titre de la lutte\ncontre la dermatose nodulaire contagieuse\n(deuxi\u00e8me volet)\n01_DDT_Direction d\u00e9partementale des territoires de l'Ain - 01-2025-12-12-00007 - Arr\u00eat\u00e9 relatif aux modalit\u00e9s de mise en oeuvre du\nfonds d'urgence visant \u00e0 soutenir la prise en pension de bovins retenus en zone r\u00e9glement\u00e9e apr\u00e8s leur retour d'estive au titre de la\nlutte contre la dermatose nodulaire contagieuse (deuxi\u00e8me volet)\n3\nE =PREFETEDE LAINLibert\u00e9Egalit\u00e9Fraternit\u00e9\nA R R \u00ca T \u00c9\nrelatif aux modalit\u00e9s de mise en \u0153uvre du fonds d'urgence visant \u00e0 soutenir la prise en\npension de bovins retenus en zone r\u00e9glement\u00e9e apr\u00e8s leur retour d'estive au titre de la lutte\ncontre la dermatose nodulaire contagieuse (deuxi\u00e8me volet)\nLa pr\u00e9f\u00e8te de l'Ain,\nChevalier de la L\u00e9gion d'honneur,\nOfficier de l'Ordre national du M\u00e9rite\nVu le  r\u00e8glement  (UE)  n\u00b01408/2013  de  la  Commission  du  18  d\u00e9cembre  2013  relatif  \u00e0\nl'application des articles 107 et 108 du trait\u00e9 sur le fonctionnement de l'Union europ\u00e9enne\naux aides de minimis dans le secteur de l'agriculture, modifi\u00e9 par le r\u00e8glement (UE) 2024/3118\nde la Commission du 10 d\u00e9cembre 2024, dit \u00ab r\u00e8glement de minimis agricole \u00bb ;\nVu la loi organique n\u00b02001-692 du 1er ao\u00fbt 2001 relative aux lois de finances  ;\nVu le d\u00e9cret n\u00b0 2004-374 du 29 avril 2004 modifi\u00e9, relatif aux pouvoirs des pr\u00e9fets et \u00e0\nl'action des services et organismes publics de l'\u00c9tat dans les r\u00e9gions et d\u00e9partements  ;\nVu le d\u00e9cret n\u00b0 2012-1246 du 7 novembre 2012 modifi\u00e9, relatif \u00e0 la gestion budg\u00e9taire et\ncomptable publique ;\nVu le d\u00e9cret du 22 mars 2023 portant nomination de Mme Chantal MAUCHET, en qualit\u00e9 de\npr\u00e9f\u00e8te de l'Ain ;\nVu l'instruction  technique  DGPE/SDC/2020-616  du  7  octobre  2020  relative  \u00e0  la  mise  en\n\u0153uvre des aides de minimis appliqu\u00e9es au secteur agricole et forestier  ;\nVu l'instruction du Gouvernement CAB/BCAB/2025-607 du 2 octobre 2025 relative \u00e0 la mise\nen \u0153uvre d'un \u00ab  fonds d'urgence \u00bb visant \u00e0 soutenir la prise en pension de bovins retenus en\nzone r\u00e9glement\u00e9e apr\u00e8s leur retour d'estive au titre de la lutte contre la dermatose nodulaire\ncontagieuse ;\nVu l'instruction du Gouvernement CAB/BCAB/2025-758 du 18 novembre 2025 relative \u00e0 la\nmise en \u0153uvre du \u00ab fonds d'urgence \u00bb visant \u00e0 soutenir la prise en pension de bovins retenus\nen zone r\u00e9glement\u00e9e apr\u00e8s  leur  retour  d'estive au titre de la lutte contre la Dermatose\nNodulaire Contagieuse (DNC) - extension aux estives des ZR 3 (Pyr\u00e9n\u00e9es-Orientales), 4 (Jura)\net 5 (Ain) ;\n1/7\nService Agriculture et For\u00eat\nDirection d\u00e9partementale\ndes territoires\n01_DDT_Direction d\u00e9partementale des territoires de l'Ain - 01-2025-12-12-00007 - Arr\u00eat\u00e9 relatif aux modalit\u00e9s de mise en oeuvre du\nfonds d'urgence visant \u00e0 soutenir la prise en pension de bovins retenus en zone r\u00e9glement\u00e9e apr\u00e8s leur retour d'estive au titre de la\nlutte contre la dermatose nodulaire contagieuse (deuxi\u00e8me volet)\n4\nVu le courrier  de la Ministre  de l'Agriculture  et de la Souverainet\u00e9 alimentaire  aux\nPr\u00e9fets  de  R\u00e9gion  et  aux  Pr\u00e9fets  de  d\u00e9partement  en  date  du  30  septembre  2025\nmettant  en \u0153uvre  un  \u00ab fonds  d'urgence \u00bb  visant  \u00e0 soutenir  la prise en pension  de\nbovins  retenus  en  zone r\u00e9glement\u00e9e  apr\u00e8s  leur  retour  d'estive  au  titre  de  la  lutte\ncontre la dermatose nodulaire contagieuse ;\nVu l'arr\u00eat\u00e9 pr\u00e9fectoral de la Pr\u00e9f\u00e8te de l'Ain n\u00b0DDPP01-25-373 d\u00e9terminant une zone\nr\u00e9glement\u00e9e  suite  aux  foyers  de  dermatose  nodulaire  contagieuse  bovine  (DNCB)\nsurvenus dans l'Ain, la Savoie et la Haute-Savoie ;\nVu l'arr\u00eat\u00e9 pr\u00e9fectoral de la Pr\u00e9f\u00e8te de l'Is\u00e8re n\u00b038-2025-08-25-00013 d\u00e9terminant une\nzone  r\u00e9glement\u00e9e  suite  \u00e0  un  foyer  de  dermatose  nodulaire  contagieuse  bovine\n(DNCB) ;\nVu l'arr\u00eat\u00e9  pr\u00e9fectoral  du  Pr\u00e9fet  du  Jura  n\u00b0392025128  d\u00e9terminant  une  zone\nr\u00e9glement\u00e9e suite \u00e0 un foyer de dermatose nodulaire contagieuse bovine (DNCB)  ;\nVu l'arr\u00eat\u00e9  pr\u00e9fectoral  de  la  Pr\u00e9f\u00e8te  de  Savoie  n\u00b0  DDETSPP-PV-PSA-20251004-01\nd\u00e9terminant  une  zone  r\u00e9glement\u00e9e  suite  \u00e0  un  foyer  de  dermatose  nodulaire\ncontagieuse bovine (DNCB) ;\nVu l'arr\u00eat\u00e9 pr\u00e9fectoral de la Pr\u00e9f\u00e8te de la Haute Savoie n\u00b02025-03246 d\u00e9terminant une\nzone  r\u00e9glement\u00e9e  suite  \u00e0  un  foyer  de  dermatose  nodulaire  contagieuse  bovine\n(DNCB) ;\nVu l'arr\u00eat\u00e9 pr\u00e9fectoral de la Pr\u00e9f\u00e8te de l'Ain n\u00b0DDPP01-25-343 d\u00e9terminant une zone\nr\u00e9glement\u00e9e  suite  \u00e0  un  foyer  de  dermatose  nodulaire  contagieuse  bovine  (DNCB)\nsurvenu dans le Rh\u00f4ne ;\nVu l'arr\u00eat\u00e9 pr\u00e9fectoral de la Pr\u00e9f\u00e8te de l'Is\u00e8re n\u00b0DDPP-SPA-20250919-01 d\u00e9terminant\nune zone r\u00e9glement\u00e9e suite \u00e0 un foyer de dermatose nodulaire contagieuse bovine\n(DNCB) ;\nVu l'arr\u00eat\u00e9 pr\u00e9fectoral de la Pr\u00e9f\u00e8te de la Loire n\u00b0299-DDPP-25 d\u00e9terminant une zone\nr\u00e9glement\u00e9e suite \u00e0 un foyer de dermatose nodulaire contagieuse bovine (DNCB)  ;\nVu l'arr\u00eat\u00e9 pr\u00e9fectoral de la Pr\u00e9f\u00e8te du Rh\u00f4ne n\u00b0SPA 2025-179 d\u00e9terminant une zone\nr\u00e9glement\u00e9e suite \u00e0 un foyer de dermatose nodulaire contagieuse bovine (DNCB)  ;\nVu l'arr\u00eat\u00e9 pr\u00e9fectoral de la Pr\u00e9f\u00e8te de l'Ain n\u00b0DDPP01-25-402 d\u00e9terminant une zone\nr\u00e9glement\u00e9e  suite  \u00e0  un  foyer  de  dermatose  nodulaire  contagieuse  bovine  (DNCB)\nsurvenu dans l'Ain ;\nVu l'arr\u00eat\u00e9 pr\u00e9fectoral de la Pr\u00e9f\u00e8te de l'Is\u00e8re n\u00b0DDPP-SPA-20251016-01 d\u00e9terminant\nune zone r\u00e9glement\u00e9e suite \u00e0 un foyer de dermatose nodulaire contagieuse bovine\n(DNCB) ;\nVu l'arr\u00eat\u00e9 pr\u00e9fectoral de la Pr\u00e9f\u00e8te du Rh\u00f4ne n\u00b0SPA-DNC-2025-155 d\u00e9terminant une\nzone r\u00e9glement\u00e9e suite \u00e0 un foyer de dermatose nodulaire contagieuse bovine (DNCB)\nsurvenu dans le Rh\u00f4ne ;\n2/7\n01_DDT_Direction d\u00e9partementale des territoires de l'Ain - 01-2025-12-12-00007 - Arr\u00eat\u00e9 relatif aux modalit\u00e9s de mise en oeuvre du\nfonds d'urgence visant \u00e0 soutenir la prise en pension de bovins retenus en zone r\u00e9glement\u00e9e apr\u00e8s leur retour d'estive au titre de la\nlutte contre la dermatose nodulaire contagieuse (deuxi\u00e8me volet)\n5\nVu l'arr\u00eat\u00e9 pr\u00e9fectoral de la Pr\u00e9f\u00e8te du Rh\u00f4ne n\u00b0SPA-DNC-2025-156 d\u00e9terminant une\nzone r\u00e9glement\u00e9e suite \u00e0 un foyer de dermatose nodulaire contagieuse bovine (DNCB)\nsurvenu dans le Rh\u00f4ne ;\nSur la proposition du directeur d\u00e9partemental des territoires de l'Ain  ;\nARR\u00caTE\nArticle 1er \u2013 Objet\nLe premier foyer de dermatose nodulaire contagieuse (DNC) a \u00e9t\u00e9 d\u00e9clar\u00e9 en France le\n29 juin dans le d\u00e9partement de la Savoie. \u00c0 la date du 22 septembre 2025, 79 foyers de\nDNC ont \u00e9t\u00e9 recens\u00e9s en France dans quatre d\u00e9partements (Savoie, Haute-Savoie, Ain\net Rh\u00f4ne).\nConform\u00e9ment \u00e0 la r\u00e9glementation europ\u00e9enne, des mesures sanitaires ont \u00e9t\u00e9 prises\nafin  d'\u00e9radiquer  cette  maladie  class\u00e9e  en  cat\u00e9gorie  ADE,  c'est-\u00e0-dire  soumise  \u00e0\n\u00e9radication  obligatoire,  \u00e0  restriction  de  mouvements  entre  \u00c9tats  membres  et  \u00e0\nsurveillance. En particulier, les \u00e9levages foyers sont d\u00e9peupl\u00e9s en totalit\u00e9 et une zone\nr\u00e9glement\u00e9e (ZR)  d'un  rayon  de 50  km est mise en place autour  de chaque  foyer,\ninstaurant des mesures de pr\u00e9vention par renforcement de la surveillance v\u00e9t\u00e9rinaire,\nainsi que des restrictions notamment sur les d\u00e9placements des bovins. Cinq ZR ont \u00e9t\u00e9\nd\u00e9finies  : deux  zones  \u00e9taient d\u00e9j\u00e0 d\u00e9finies  \u00e0 date  du  30 septembre  2025 \u2013  la ZR1\ns'\u00e9tend \u00e0 l'Est, sur les d\u00e9partements de Savoie, de Haute-Savoie, de l'Is\u00e8re, de l'Ain et\ndu Jura et la ZR2 s'\u00e9tend \u00e0 l'Ouest, sur les d\u00e9partements de l'Is\u00e8re, de l'Ain, du Rh\u00f4ne et\nde la Loire. Au 22 octobre 2025, la ZR1 est pass\u00e9e en zone vaccinale, \u00e0 l'exception de la\npartie de la ZR1 recoup\u00e9e par la ZR5. Trois nouvelles ZR ont \u00e9t\u00e9 d\u00e9finies depuis la\ntransmission de la circulaire du 30 septembre 2025 : la ZR3 a \u00e9t\u00e9 mise en place dans les\nPyr\u00e9n\u00e9es-Orientales le 16 octobre 2025 et s'\u00e9tend sur les d\u00e9partements de l'Ari\u00e8ge et\nde l'Aude, la ZR4 a \u00e9t\u00e9 mise en place le 11 octobre 2025 dans le Jura et s'\u00e9tend sur les\nd\u00e9partements du Doubs, de la Haute-Sa\u00f4ne, de la C\u00f4te-d'Or et de la Sa\u00f4ne-et-Loire, la\nZR5 a \u00e9t\u00e9 mise en place le 15 octobre 2025 dans l'Ain et s'\u00e9tend sur les d\u00e9partements\ndu Jura, de Sa\u00f4ne-et-Loire, du Rh\u00f4ne et de l'Is\u00e8re.\nDans les zones r\u00e9glement\u00e9es (ZR) qui ont \u00e9t\u00e9 arr\u00eat\u00e9es, les mouvements des bovins sont\nfortement restreints : tous les mouvements \u00e0 des fins d'\u00e9levage et d'engraissement de\nla zone indemne (ZI) \u00e0 partir ou \u00e0 destination de la ZR pour \u00e9levage sont, notamment,\ninterdits, sauf rares d\u00e9rogations sous conditions de la zone indemne (ZI) vers la ZR.\nAvec l'avanc\u00e9e de la saison et l'arriv\u00e9e de l'hiver, des bovins situ\u00e9s dans des estives de\nla ZR doivent retourner dans leurs sites principaux d'\u00e9levage, parfois situ\u00e9s en dehors\nde la ZR concern\u00e9e. Dans ce cas, l'interdiction de quitter  la ZR et le maintien des\nanimaux en estives pose des difficult\u00e9s en termes notamment de conduite d'\u00e9levage et\nde respect du  bien-\u00eatre animal  (froid,  alimentation insuffisante,  vaches ou g\u00e9nisses\ndevant v\u00ealer, risque de pr\u00e9dation des veaux nouveau-n\u00e9s, etc.) et de conditions de\ntravail des \u00e9leveurs (traite, v\u00ealage en conditions d\u00e9grad\u00e9es, etc.). Des solutions sont\nainsi  recherch\u00e9es  pour  qu'ils  puissent  \u00eatre  accueillis  en  pension  dans  des  \u00e9levages\nsitu\u00e9s  en plaine et dans  l'une des  ZR, le temps que les restrictions  de mouvement\nsoient lev\u00e9es. \n3/7\n01_DDT_Direction d\u00e9partementale des territoires de l'Ain - 01-2025-12-12-00007 - Arr\u00eat\u00e9 relatif aux modalit\u00e9s de mise en oeuvre du\nfonds d'urgence visant \u00e0 soutenir la prise en pension de bovins retenus en zone r\u00e9glement\u00e9e apr\u00e8s leur retour d'estive au titre de la\nlutte contre la dermatose nodulaire contagieuse (deuxi\u00e8me volet)\n6\nAussi, afin d'inciter les \u00e9leveurs de la ZR \u00e0 prendre en pension ces animaux, un fonds\nd'urgence dot\u00e9 d'un maximum de 400  000 \u20ac a \u00e9t\u00e9 mis en place au 30 septembre 2025.\nPour r\u00e9pondre aux nouveaux besoins d\u00e9tect\u00e9s en ZR3, ZR4 et ZR5, le fonds d'urgence\nest \u00e9tendu dans le cadre d'un second volet aux ZR3, ZR4 et ZR5, tout en maintenant le\nmontant global de l'enveloppe \u00e0 400  000 \u20ac en cumul\u00e9 sur les deux volets compte-tenu\ndes estimations actualis\u00e9es d'animaux susceptibles d'\u00eatre concern\u00e9s.\nLe pr\u00e9sent arr\u00eat\u00e9 a pour objet de fixer les modalit\u00e9s de mise en \u0153uvre de ce Fonds\nd'urgence au titre du deuxi\u00e8me volet visant \u00e0 soutenir la prise en pension de bovins\nretenus en zone r\u00e9glement\u00e9e apr\u00e8s leur retour d'estive au titre de la lutte contre la\ndermatose nodulaire contagieuse dans le d\u00e9partement de l'Ain, qui sont communes\naux  autres  d\u00e9partements  de  la  r\u00e9gion  Auvergne  Rh\u00f4ne-Alpes  ainsi  qu'aux\nd\u00e9partements de la r\u00e9gion Bourgogne Franche-Comt\u00e9.\nArticle 2 \u2013 Enveloppe financi\u00e8re et d\u00e9termination du montant de l'aide\nL'indemnisation est d\u00e9termin\u00e9e sur la base d'un forfait journalier appliqu\u00e9 au nombre\nde bovins accueillis issus des estives de la ZR et ne pouvant retourner dans leur site\nprincipal d'\u00e9levage (situ\u00e9 en dehors de la ZR concern\u00e9e). Le dispositif est constitu\u00e9 de\ndeux volets :\nVolet P\u00e9riode indemnis\u00e9e Zones\nconcern\u00e9es\nPremier\nvolet\nD\u00e9but : au plus t\u00f4t le 22/09/2025 \nFin : \u00e0 la date de fin des restrictions de mouvements et au\nplus tard le 10/11/2025\nDate limite de d\u00e9p\u00f4t des demandes d'aide : 10/11/2025\nDur\u00e9e maximale d'indemnisation : 45 jours\nZR1 et ZR2\nDeuxi\u00e8me\nvolet\nD\u00e9but : au plus t\u00f4t le 21/10/2025\nFin : \u00e0 la date de fin des restrictions de mouvements et au\nplus tard le 09/01/2026\nDate limite de d\u00e9p\u00f4t des demandes d'aide : 09/01/2026\nDur\u00e9e maximale d'indemnisation : 45 jours\nZR3, ZR4, et\nZR5\n\u00c0 noter que, les bovins ayant \u00e9t\u00e9 accueillis dans les ZR1 ou ZR2 recoup\u00e9s par la ZR5\nsont \u00e9ligibles aux deux volets de l'indemnisation. Une premi\u00e8re demande d'aide devra\n\u00eatre d\u00e9pos\u00e9e au titre du premier volet de l'indemnisation et une deuxi\u00e8me demande\nd'aide pourra \u00eatre d\u00e9pos\u00e9e au titre du deuxi\u00e8me volet. Aussi, afin d'\u00e9viter tout double\nfinancement, pour les exploitations d'\u00e9levages situ\u00e9es dans le recoupement entre la\nZR5 et la ZR1 ou la ZR2, qui auront b\u00e9n\u00e9fici\u00e9 d'une aide au titre du premier volet, le\nd\u00e9but de la p\u00e9riode d'\u00e9ligibilit\u00e9 au titre du deuxi\u00e8me volet est fix\u00e9 au 11 novembre\n2025.\nLe montant de l'aide pour une demande donn\u00e9e est le r\u00e9sultat du produit entre le\nmontant du forfait journalier par bovin, d'un montant maximal de 2 euros par jour  ; la\ndur\u00e9e de la p\u00e9riode de pension durant la p\u00e9riode de restriction en nombre de jours\n(dans la limite de 45 jours), et le nombre de bovins accueillis sur l'exploitation et issus\ndes estives de la ZR et ne pouvant retourner dans l'exploitation de leur propri\u00e9taire\n(situ\u00e9e en dehors de cette ZR). \nL'aide  sera  vers\u00e9e  dans  le  cadre  du  r\u00e8glement  de  \u00ab minimis  agricole \u00bb,  pr\u00e9voyant\nnotamment  que le cumul  des  aides  accord\u00e9es  ne doit  pas  exc\u00e9der  un  plafond  de\n50 000 \u20ac sur une p\u00e9riode de trois ans.\n4/7\n01_DDT_Direction d\u00e9partementale des territoires de l'Ain - 01-2025-12-12-00007 - Arr\u00eat\u00e9 relatif aux modalit\u00e9s de mise en oeuvre du\nfonds d'urgence visant \u00e0 soutenir la prise en pension de bovins retenus en zone r\u00e9glement\u00e9e apr\u00e8s leur retour d'estive au titre de la\nlutte contre la dermatose nodulaire contagieuse (deuxi\u00e8me volet)\n7\nLa date de fin des restrictions de mouvements pour une ZR donn\u00e9e correspond \u00e0 la\ndate  de  lev\u00e9e  des  restrictions  de  mouvements  au  sens  du  r\u00e8glement  d\u00e9l\u00e9gu\u00e9\n(UE)2020/687.\nEn cas de d\u00e9passement de l'enveloppe totale pr\u00e9vue pour ce dispositif, un stabilisateur\nbudg\u00e9taire sera appliqu\u00e9 \u00e0 l'ensemble des demandes d'aide de chaque volet en cas de\nd\u00e9passement  de  l'enveloppe  pr\u00e9vue  pour  chacun  des  volets.  Celle  consacr\u00e9e  au\nsecond  volet  d\u00e9coulera  du  montant  consacr\u00e9  au  premier  volet  dans  la  limite  du\nmontant pr\u00e9vu en pr\u00e9ambule.\nPar ailleurs, dans le cadre de ce deuxi\u00e8me volet et de mani\u00e8re exceptionnelle du fait de\nconditions  m\u00e9t\u00e9orologiques  d\u00e9grad\u00e9es  \u00e0  l'approche  de  l'hiver,  les  bovins  issus  de\np\u00e2tures en ZR, qui pour des raisons de bien-\u00eatre animal n\u00e9cessitent d'\u00eatre d\u00e9plac\u00e9s et\ndont les sites principaux d'\u00e9levages sont situ\u00e9s hors ZR sont \u00e9galement \u00e9ligibles \u00e0 l'aide.\nL'\u00e9ligibilit\u00e9  de  ces  bovins  sera  \u00e9valu\u00e9e  au  cas  par  cas  et  valid\u00e9e  par  la  DRAAF\ncomp\u00e9tente en transmettant \u00e0 la DGPE les raisons justifiant cette \u00e9ligibilit\u00e9.\nArticle 3 \u2013 Crit\u00e8res d'\u00e9ligibilit\u00e9\nSeuls les bovins de plus de 6  mois \u00e0 la date de leur entr\u00e9e dans l'exploitation d'accueil\nsont \u00e9ligibles \u00e0 l'aide.\nPourront  b\u00e9n\u00e9ficier  de  la  mesure,  les  exploitants  agricoles  \u00e0  titre  principal,  les\ngroupements  agricoles  d'exploitation  en  commun  (GAEC)  avec  application  de  la\ntransparence  GAEC,  les  exploitations  agricoles  \u00e0  responsabilit\u00e9  limit\u00e9e  (EARL),  les\nautres personnes morales ayant pour objet l'exploitation agricole et dont au moins\n50 %  du  capital  est  d\u00e9tenu  par  des  exploitations  \u00e0 titre  principal  (directement  ou\nindirectement).\nLes  entreprises  faisant  l'objet  d'une  proc\u00e9dure  de  sauvegarde  ou  de  redressement\njudiciaire doivent disposer d'un plan arr\u00eat\u00e9 par le tribunal de Commerce au moment\ndu paiement pour b\u00e9n\u00e9ficier de la mesure d'aide. Les entreprises concern\u00e9es par une\nproc\u00e9dure de liquidation judiciaire sont exclues de la mesure d'aide, que la proc\u00e9dure\nde liquidation soit connue au moment du d\u00e9p\u00f4t du dossier ou qu'elle intervienne apr\u00e8s\ncelui-ci  (lors  des  phases  d'instruction  et  de  contr\u00f4les  administratifs).  Seules  les\nexploitations ayant leur si\u00e8ge social en r\u00e9gion Auvergne Rh\u00f4ne-Alpes sont \u00e9ligibles.\nArticle 4 \u2013 Gestion administrative de la mesure\nLa  demande  d'aide  doit  \u00eatre  d\u00e9pos\u00e9e  via  la  plateforme  \u00ab D\u00e9marches  simplifi\u00e9es \u00bb\nouverte  par  la  Direction  d\u00e9partementale  des  territoires  du  si\u00e8ge  de  l'exploitation,\naccompagn\u00e9e des pi\u00e8ces justificatives n\u00e9cessaires, \u00e0 l'adresse suivante  :\nhttps://www.demarches-simplifiees.fr/commencer/ddt01-fonds-urgence-dnc-  volet2  \nUn seul dossier par num\u00e9ro SIRET doit \u00eatre d\u00e9pos\u00e9.\nLa demande d'aide doit \u00eatre d\u00e9pos\u00e9e sur le site D\u00e9marche num\u00e9rique au plus tard le 9\njanvier 2026 \u00e0 23h59. Dans le cas o\u00f9 le dossier transmis s'av\u00e8re incomplet, les \u00e9l\u00e9ments\nmanquants doivent \u00eatre communiqu\u00e9s avant cette m\u00eame date, sous peine de rejet.\n5/7\n01_DDT_Direction d\u00e9partementale des territoires de l'Ain - 01-2025-12-12-00007 - Arr\u00eat\u00e9 relatif aux modalit\u00e9s de mise en oeuvre du\nfonds d'urgence visant \u00e0 soutenir la prise en pension de bovins retenus en zone r\u00e9glement\u00e9e apr\u00e8s leur retour d'estive au titre de la\nlutte contre la dermatose nodulaire contagieuse (deuxi\u00e8me volet)\n8\nLa DDT r\u00e9alise l'instruction des dossiers des exploitations dont le si\u00e8ge est situ\u00e9 dans\nson d\u00e9partement. Elle pourra demander toute pi\u00e8ce compl\u00e9mentaire qu'elle juge utile\nau contr\u00f4le et \u00e0 la compr\u00e9hension du dossier, en fixant un d\u00e9lai de r\u00e9ponse au-del\u00e0\nduquel le dossier pourra \u00eatre rejet\u00e9.\nApr\u00e8s instruction, la DDT transmet le tableau d'instruction \u00e0 la DRAAF Auvergne Rh\u00f4ne\nqui d\u00e9termine les enveloppes d\u00e9partementales.\nLa  DDT  proc\u00e8de  \u00e0  l'engagement  et  au  paiement  des  dossiers  retenus  dans  son\nd\u00e9partement. Une fois le paiement r\u00e9alis\u00e9, la DDT adresse \u00e0 chaque b\u00e9n\u00e9ficiaire un\ncourrier  de  notification  du  paiement.  Elle  est  responsable  de  la  l\u00e9galit\u00e9  et  de  la\nr\u00e9gularit\u00e9 de la mise en \u0153uvre des d\u00e9penses.\nArticle 5 \u2013 Contr\u00f4les\nDes  contr\u00f4les  administratifs  et  physiques  pourront  \u00eatre  diligent\u00e9s  par  les  services\ncomp\u00e9tents, et un contr\u00f4le approfondi des informations communiqu\u00e9es pourra \u00eatre\nr\u00e9alis\u00e9 par les administrations comp\u00e9tentes apr\u00e8s paiement.\n\u00c0 cette fin, le b\u00e9n\u00e9ficiaire doit tenir \u00e0 la disposition des administrations comp\u00e9tentes\nl'ensemble des documents permettant de justifier le versement de l'aide jusqu'\u00e0 la fin\nde la dixi\u00e8me ann\u00e9e civile suivant celle du versement de l'aide demand\u00e9e au titre du\npr\u00e9sent dispositif.\nCes  contr\u00f4les  peuvent aboutir  \u00e0 remettre en cause  l'\u00e9ligibilit\u00e9 \u00e0 l'aide et entra\u00eener\nl'application de r\u00e9duction du montant de l'aide et/ou de sanctions.\nArticle 6 \u2013 Remboursement de l'aide ind\u00fbment per\u00e7ue et sanctions\nEn  cas  d'irr\u00e9gularit\u00e9  d\u00e9tect\u00e9e  apr\u00e8s  paiement,  il  est  demand\u00e9  au  b\u00e9n\u00e9ficiaire  le\nreversement de tout ou partie de l'aide attribu\u00e9e.\nSi l'irr\u00e9gularit\u00e9 est relev\u00e9e avant paiement, l'aide sollicit\u00e9e pourrait ne pas \u00eatre vers\u00e9e.\nEn cas de fourniture intentionnelle de donn\u00e9es fausses ou de documents falsifi\u00e9s avant\nou apr\u00e8s paiement, une sanction administrative est appliqu\u00e9e.\nElle correspond \u00e0 20 % du montant de l'aide ind\u00fbment pay\u00e9e ou qui aurait \u00e9t\u00e9 pay\u00e9e si\nl'irr\u00e9gularit\u00e9 intentionnelle n'avait pas \u00e9t\u00e9 d\u00e9tect\u00e9e.\nArticle 7 \u2013 Recours\nLe  pr\u00e9sent  arr\u00eat\u00e9  peut  faire  l'objet  d'un  recours  contentieux  devant  le  tribunal\nadministratif  de Lyon,  dans  le d\u00e9lai de deux  mois  \u00e0 compter  de sa publication.  La\njuridiction administrative peut aussi \u00eatre saisie par l'application T\u00e9l\u00e9recours citoyens,\naccessible \u00e0 partir du site www.telerecours.fr.\nArticle 8 \u2013 Entr\u00e9e en vigueur\nLe pr\u00e9sent arr\u00eat\u00e9 entrera en vigueur le lendemain de sa publication au recueil des actes\nadministratifs de la pr\u00e9fecture.\n6/7\n01_DDT_Direction d\u00e9partementale des territoires de l'Ain - 01-2025-12-12-00007 - Arr\u00eat\u00e9 relatif aux modalit\u00e9s de mise en oeuvre du\nfonds d'urgence visant \u00e0 soutenir la prise en pension de bovins retenus en zone r\u00e9glement\u00e9e apr\u00e8s leur retour d'estive au titre de la\nlutte contre la dermatose nodulaire contagieuse (deuxi\u00e8me volet)\n9\nArticle 9 \u2013 Ex\u00e9cution du pr\u00e9sent arr\u00eat\u00e9\nLe directeur d\u00e9partemental des territoires et la secr\u00e9taire g\u00e9n\u00e9rale de la pr\u00e9fecture\nsont charg\u00e9s, chacun en ce qui le concerne, de l'ex\u00e9cution du pr\u00e9sent arr\u00eat\u00e9 qui sera\npubli\u00e9 au recueil des actes administratifs de la pr\u00e9fecture de l'Ain.\nFait \u00e0 Bourg en Bresse, le 12 d\u00e9cembre 2025\nSIGNE\nLa pr\u00e9f\u00e8te\nChantal MAUCHET\n7/7\n01_DDT_Direction d\u00e9partementale des territoires de l'Ain - 01-2025-12-12-00007 - Arr\u00eat\u00e9 relatif aux modalit\u00e9s de mise en oeuvre du\nfonds d'urgence visant \u00e0 soutenir la prise en pension de bovins retenus en zone r\u00e9glement\u00e9e apr\u00e8s leur retour d'estive au titre de la\nlutte contre la dermatose nodulaire contagieuse (deuxi\u00e8me volet)\n10","date":"2025-12-16","first_seen_on":"2025-12-16T17:05:03+00:00","id":"269ee9747aa271fec2341b12b8e8a64020c382bbabd8de22ad5ed7d3bd528c71","name":"recueil-01-2025-430-recueil-des-actes-administratifs-special 16-12-2025","pdf_creation_date":"2025-12-16T16:24:31+00:00","pdf_modification_date":null,"timezone":"Europe/Paris","url":"https://www.ain.gouv.fr/contenu/telechargement/34062/237807/file/recueil-01-2025-430-recueil-des-actes-administratifs-special%2016-12-2025%20.pdf"}
