{"administration":"pref83","administration_name":"Pr\u00e9fecture du Var","content":"VAR\nRECUEIL DES ACTES\nADMINISTRATIFS SP\u00c9CIAL\n(NOMINATIFS)\nN\u00b083-2025-003\nPUBLI\u00c9 LE  6 JANVIER 2025\nSommaire\nPr\u00e9fecture du VAR / Direction de la citoyennet\u00e9 et de la l\u00e9galit\u00e9\n83-2024-12-31-00002 - ARRETE n\u00b0 DCL/BERG/2024/452 du 31 d\u00e9cembre\n2024 portant autorisation d'appel \u00e0 la g\u00e9n\u00e9rosit\u00e9 publique pour\nle fonds de dotation \u00ab\u00a0OEUVRE L\u00c9ON B\u00c9RARD\u00a0\u00bb,\n dont le\nsi\u00e8ge social est situ\u00e9 \u00e0 l'h\u00f4pital L\u00e9on B\u00e9rard \u00e0 Hy\u00e8res\n(83418). (2 pages) Page 3\n83-2025-01-03-00001 - ARR\u00caT\u00c9 PR\u00c9FECTORAL n\u00b0 DCL/BERG/2024/421\ndu 3 janvier 2025\nportant autorisation de cr\u00e9ation d'une chambre\nfun\u00e9raire\n35 Chemin de la Ritorte - 83400 HYERES (2 pages) Page 6\n2\nPr\u00e9fecture du VAR\n83-2024-12-31-00002\nARRETE n\u00b0 DCL/BERG/2024/452 du 31 d\u00e9cembre\n2024 portant autorisation d'appel \u00e0 la g\u00e9n\u00e9rosit\u00e9\npublique pour le fonds de dotation \u00ab\u00a0OEUVRE\nL\u00c9ON B\u00c9RARD\u00a0\u00bb,\n dont le si\u00e8ge social est situ\u00e9 \u00e0 l'h\u00f4pital L\u00e9on\nB\u00e9rard \u00e0 Hy\u00e8res (83418).\nPr\u00e9fecture du VAR - 83-2024-12-31-00002 - ARRETE n\u00b0 DCL/BERG/2024/452 du 31 d\u00e9cembre 2024 portant autorisation d'appel \u00e0 la\ng\u00e9n\u00e9rosit\u00e9 publique pour le fonds de dotation \u00ab\u00a0OEUVRE L\u00c9ON B\u00c9RARD\u00a0\u00bb,\n dont le si\u00e8ge social est situ\u00e9 \u00e0 l'h\u00f4pital L\u00e9on B\u00e9rard \u00e0 Hy\u00e8res (83418).3\n=m\nPREFET\nDU  VAR\nLibert\u00e9\nEgalit\u00e9\nFraternit\u00e9\nDirection de la citoyennet\u00e9 et de la l\u00e9galit\u00e9\nBureau des \u00e9lections et de la r\u00e9glementation g\u00e9n\u00e9rale\nARRETE n\u00b0 DCL/BERG/2024/452 du 31 d\u00e9cembre 2024\nportant autorisation d'appel \u00e0 la g\u00e9n\u00e9rosit\u00e9 publique \npour le fonds de dotation \u00ab OEUVRE L\u00c9ON B\u00c9RARD \u00bb,\n dont le si\u00e8ge social est situ\u00e9 \u00e0 l'h\u00f4pital L\u00e9on B\u00e9rard \u00e0 Hy\u00e8res (83418).\nLe Pr\u00e9fet du Var,\nVu  la  loi  n\u00b0  91-772  du  7  ao\u00fbt  1991  relative  au  cong\u00e9  de  repr\u00e9sentation  en  faveur  des  \nassociations et des mutuelles et au contr\u00f4le des comptes des organismes faisant appel \u00e0 la  \ng\u00e9n\u00e9rosit\u00e9 publique  ;\nVu la loi n\u00b0 2008-776 du 4 ao\u00fbt 2008 de modernisation de l'\u00e9conomie, notamment son article  \n140 ;\nVu le d\u00e9cret n\u00b0 92-1011 du 17 septembre 1992 relatif au contr\u00f4le des comptes des organismes  \nfaisant appel \u00e0 la g\u00e9n\u00e9rosit\u00e9 publique  ;\nVu le d\u00e9cret n\u00b02009-158 du 11 f\u00e9vrier 2009 relatif aux fonds de dotation  ;\nVu  le  d\u00e9cret  du  Pr\u00e9sident  de  la  R\u00e9publique  du  13  juillet  2023  portant  nomination  de  \nM. Philippe MAH\u00c9, pr\u00e9fet du Var  ;\nVu  l'arr\u00eat\u00e9  minist\u00e9riel  du  22  mai  2019  fixant  les  modalit\u00e9s  de  pr\u00e9sentation  du  compte  \nd'emploi annuel des ressources collect\u00e9es aupr\u00e8s du public par des organismes faisant appel \u00e0  \nla g\u00e9n\u00e9rosit\u00e9 ;\nVu l'arr\u00eat\u00e9 n\u00b0 2024/56/MCI du 10 d\u00e9cembre 2024 portant d\u00e9l\u00e9gation de signature \u00e0 M. Lucien  \nGIUDICELLI, secr\u00e9taire g\u00e9n\u00e9ral de la pr\u00e9fecture du Var, sous-pr\u00e9fet de l'arrondissement de  \nToulon ;\nVu la demande re\u00e7ue le 23 d\u00e9cembre 2024 \u00e0 la pr\u00e9fecture, par laquelle le fonds de dotation  \n\u00ab OEUVRE L\u00c9ON B\u00c9RARD \u00bb, dont le si\u00e8ge social est situ\u00e9 \u00e0 l'h\u00f4pital L\u00e9on B\u00e9rard - avenue du  \nDocteur Marcel Armanet - CS 10121 \u00e0 Hy\u00e8res (83418), repr\u00e9sent\u00e9 par son pr\u00e9sident, Monsieur  \nPierre JEANTET, demande l'autorisation d'appel \u00e0 la g\u00e9n\u00e9rosit\u00e9 publique, pour l'ann\u00e9e 2025  ;\nConsid\u00e9rant que la demande pr\u00e9sent\u00e9e est conforme aux textes en vigueur  ;\nConsid\u00e9rant que les demandes pr\u00e9alables d'autorisation d'appel \u00e0 la g\u00e9n\u00e9rosit\u00e9 publique ne  \nconcernent que les campagnes annuelles d'appel \u00e0 la g\u00e9n\u00e9rosit\u00e9 publique programm\u00e9es au  \ncours de la m\u00eame ann\u00e9e civile  ;\nSur proposition du secr\u00e9taire g\u00e9n\u00e9ral de la pr\u00e9fecture ;\n1/2\nPr\u00e9fecture du VAR - 83-2024-12-31-00002 - ARRETE n\u00b0 DCL/BERG/2024/452 du 31 d\u00e9cembre 2024 portant autorisation d'appel \u00e0 la\ng\u00e9n\u00e9rosit\u00e9 publique pour le fonds de dotation \u00ab\u00a0OEUVRE L\u00c9ON B\u00c9RARD\u00a0\u00bb,\n dont le si\u00e8ge social est situ\u00e9 \u00e0 l'h\u00f4pital L\u00e9on B\u00e9rard \u00e0 Hy\u00e8res (83418).4\nA R R E T E\nARTICLE 1 : Le fonds de dotation \u00ab OEUVRE L\u00c9ON B\u00c9RARD \u00bb, dont le si\u00e8ge social est situ\u00e9 \u00e0  \nl'h\u00f4pital  L\u00e9on  B\u00e9rard  - avenue  du  Docteur  Marcel  Armanet  - CS  10121  \u00e0  Hy\u00e8res  (83418),  \nrepr\u00e9sent\u00e9  par  son  pr\u00e9sident,  Monsieur  Pierre  JEANTET,  est  autoris\u00e9  \u00e0  faire  appel  \u00e0  la  \ng\u00e9n\u00e9rosit\u00e9 publique \u2013 campagne 2025, men\u00e9e \u00e0 l'\u00e9chelon national \u2013 pour la p\u00e9riode comprise  \nentre le 1  er   janvier 2025 et le 31 d\u00e9cembre 2025  .\nARTICLE 2 : L'objectif du pr\u00e9sent appel \u00e0 la g\u00e9n\u00e9rosit\u00e9 publique est de soutenir tout projet ou  \naction d'int\u00e9r\u00eat g\u00e9n\u00e9ral \u00e0 caract\u00e8re sanitaire et social ou \u00e0 caract\u00e8re scientifique incluant des  \nactivit\u00e9s de recherches et des activit\u00e9s connexes port\u00e9es par l'association Oeuvre Lyonnaise  \ndes  H\u00f4pitaux  Climatiques  et  l'Association  Varoise  H\u00f4pital  L\u00e9on  B\u00e9rard  ou  toute  autre  \nstructure d'int\u00e9r\u00eat g\u00e9n\u00e9ral poursuivant une activit\u00e9 similaire ou compl\u00e9mentaire.\nARTICLE 3 : Les modalit\u00e9s  d'appel \u00e0 la g\u00e9n\u00e9rosit\u00e9 publique sont les suivantes  : journaux, \ntracts, plaquettes, revues, radio, sites Internet, plateformes de financement participatif.\nARTICLE 4 : Conform\u00e9ment \u00e0 la r\u00e9glementation en vigueur, le fonds de dotation a l'obligation  \nd'int\u00e9grer dans ses comptes annuels, un compte d'emploi annuel des ressources collect\u00e9es  \naupr\u00e8s du public qui pr\u00e9cise notamment l'affectation des dons par type de d\u00e9penses et qui  \nmentionne les informations relatives \u00e0 son \u00e9laboration.\nLe compte d'emploi des ressources doit \u00eatre pr\u00e9sent\u00e9 suivant les modalit\u00e9s fix\u00e9es par l'arr\u00eat\u00e9  \nminist\u00e9riel du 22 mai 2019 susvis\u00e9.\nARTICLE 5 : La pr\u00e9sente autorisation pourra \u00eatre retir\u00e9e ou abrog\u00e9e en cas de manquement  \naux r\u00e8gles r\u00e9gissant les fonds de dotation et/ou \u00e0 la r\u00e9glementation relative aux appels \u00e0 la  \ng\u00e9n\u00e9rosit\u00e9 publique.\nARTICLE 6 : Le secr\u00e9taire g\u00e9n\u00e9ral de la pr\u00e9fecture du Var est charg\u00e9 de l'ex\u00e9cution du pr\u00e9sent  \narr\u00eat\u00e9 qui sera publi\u00e9 au recueil des actes administratifs de la pr\u00e9fecture du Var et notifi\u00e9 au  \npr\u00e9sident du fonds de dotation \u00ab OEUVRE L\u00c9ON B\u00c9RARD \u00bb.\nToulon, le 31 d\u00e9cembre 2024\nPour le Pr\u00e9fet et par d\u00e9l\u00e9gation,\nLe secr\u00e9taire g\u00e9n\u00e9ral,\nSign\u00e9 : Lucien GIUDICELLI\nDans un d\u00e9lai de deux mois \u00e0 compter de la date de notification du pr\u00e9sent arr\u00eat\u00e9, les recours suivants peuvent \u00eatre introduits  \nconform\u00e9ment aux dispositions des articles R. 421-1 et suivants du code de justice administrative :\n- un recours gracieux, adress\u00e9 \u00e0 : M. le pr\u00e9fet du Var \u2013 Bd du 112 \u00e8me r\u00e9giment d'infanterie- CS 31209 - 83070 TOULON CEDEX\nDans ce cas, le silence de l'administration vaut rejet implicite au terme d'un d\u00e9lai de deux mois.\nApr\u00e8s un recours gracieux ou hi\u00e9rarchique, le d\u00e9lai du recours contentieux ne court qu'\u00e0 compter du rejet explicite ou implicite  \nde l'un des recours.\n- un recours contentieux, en saisissant le Tribunal Administratif de Toulon  : 5 rue Racine -BP 40510 - 83  041 TOULON CEDEX 9\nLe tribunal administratif peut \u00eatre saisi par l'application informatique \u00ab  T\u00e9l\u00e9recours citoyens \u00bb accessible par le site internet  \n\u00ab www.telerecours.fr \u00bb.\n2/2Pr\u00e9fecture du VAR - 83-2024-12-31-00002 - ARRETE n\u00b0 DCL/BERG/2024/452 du 31 d\u00e9cembre 2024 portant autorisation d'appel \u00e0 la\ng\u00e9n\u00e9rosit\u00e9 publique pour le fonds de dotation \u00ab\u00a0OEUVRE L\u00c9ON B\u00c9RARD\u00a0\u00bb,\n dont le si\u00e8ge social est situ\u00e9 \u00e0 l'h\u00f4pital L\u00e9on B\u00e9rard \u00e0 Hy\u00e8res (83418).5\nPr\u00e9fecture du VAR\n83-2025-01-03-00001\nARR\u00caT\u00c9 PR\u00c9FECTORAL n\u00b0 DCL/BERG/2024/421 du\n3 janvier 2025\nportant autorisation de cr\u00e9ation d'une chambre\nfun\u00e9raire\n35 Chemin de la Ritorte - 83400 HYERES\nPr\u00e9fecture du VAR - 83-2025-01-03-00001 - ARR\u00caT\u00c9 PR\u00c9FECTORAL n\u00b0 DCL/BERG/2024/421 du 3 janvier 2025\nportant autorisation de cr\u00e9ation d'une chambre fun\u00e9raire\n35 Chemin de la Ritorte - 83400 HYERES6\n=m\nPREFET\nDU  VAR\nLibert\u00e9\nEgalit\u00e9\nFraternit\u00e9\nDirection de la citoyennet\u00e9 et de la l\u00e9galit\u00e9\nBureau des \u00e9lections et de la r\u00e9glementation g\u00e9n\u00e9rale\nARR\u00caT\u00c9 PR\u00c9FECTORAL  n\u00b0 DCL/BERG/2024/421 du 3 janvier 2025\nportant autorisation de cr\u00e9ation d'une chambre fun\u00e9raire\n35 Chemin de la Ritorte \u2013 83400 HYERES \nLe Pr\u00e9fet du Var,\nVu le  code  g\u00e9n\u00e9ral  des  collectivit\u00e9s  territoriales  et  notamment  les  articles  L.2223-38,  \nL.2223-43, R.2223-74 et D2223-80 \u00e0 D2223-88 ;\nVu l'article 6 du d\u00e9cret n\u00b0 99-662 du 28 juillet 1999 \u00e9tablissant les prescriptions techniques  \napplicables aux chambres fun\u00e9raires  ;\nVu le d\u00e9cret du Pr\u00e9sident de la R\u00e9publique du 13 juillet 2023, portant nomination de Monsieur  \nPhilippe MAHE, pr\u00e9fet du Var  ;\nVu l'arr\u00eat\u00e9 pr\u00e9fectoral n\u00b0 2024/56/MCI du 10 d\u00e9cembre 2024 portant d\u00e9l\u00e9gation de signature  \n\u00e0 Monsieur Lucien GIUDICELLI, secr\u00e9taire g\u00e9n\u00e9ral de la pr\u00e9fecture du Var, sous-pr\u00e9fet de  \nl'arrondissement de Toulon  ;\nVu  la  demande  pr\u00e9sent\u00e9e  par  Monsieur  Xavier  THOUMIEUX,  pr\u00e9sident  de  la  soci\u00e9t\u00e9  \n\u00ab FUNIMMO \u00bb sise 17 rue de l'Arriv\u00e9e \u00e0 Paris (75015), filiale de la soci\u00e9t\u00e9 \u00ab  FUNECAP SUD EST  \u00bb \nsise rue du Souvenie Fran\u00e7ais, Quartier Saint-Roch \u00e0 Cuers (83390), en vue de la cr\u00e9ation d'une  \nchambre fun\u00e9raire sur la commune de Hy\u00e8res (83400) et dont il a \u00e9t\u00e9 accus\u00e9 r\u00e9ception  \nle 10 septembre 2024  ;\nVu l'avis favorable du 11 octobre 2024 \u00e9mis par le conseil municipal de Hy\u00e8res  ;\nVu  l'avis  favorable  \u00e9mis  par  le  conseil  d\u00e9partemental  de  l'environnement  et  des  risques  \nsanitaires et technologiques lors de sa s\u00e9ance du 11 d\u00e9cembre 2024  ;\nConsid\u00e9rant la conformit\u00e9 du dossier pr\u00e9sent\u00e9  ;\nSur proposition du  secr\u00e9taire g\u00e9n\u00e9ral de la pr\u00e9fecture  ;\nARR\u00caTE :\nArticle 1 : Monsieur Xavier THOUMIEUX, pr\u00e9sident de la soci\u00e9t\u00e9 \u00ab  FUNIMMO \u00bb, est autoris\u00e9, \nsous r\u00e9serve des \u00e9ventuelles autorisations n\u00e9cessaires en mati\u00e8re d'urbanisme, \u00e0 cr\u00e9er une  \nchambre fun\u00e9raire sur la commune de Hy\u00e8res, sise 35 Chemin de la Ritorte \u00e0 Hy\u00e8res (83400).\nCette chambre fun\u00e9raire est destin\u00e9e \u00e0 recevoir avant inhumation ou cr\u00e9mation, les corps des  \npersonnes dont le d\u00e9c\u00e8s n'a pas \u00e9t\u00e9 caus\u00e9 par une maladie contagieuse.\nArticle 2     : La gestion de cet \u00e9tablissement est assujettie \u00e0 l'obtention de l'habilitation pr\u00e9vue  \n\u00e0 l'article L.2223-23 du code g\u00e9n\u00e9ral des collectivit\u00e9s territoriales.\n1/2\nPr\u00e9fecture du VAR - 83-2025-01-03-00001 - ARR\u00caT\u00c9 PR\u00c9FECTORAL n\u00b0 DCL/BERG/2024/421 du 3 janvier 2025\nportant autorisation de cr\u00e9ation d'une chambre fun\u00e9raire\n35 Chemin de la Ritorte - 83400 HYERES7\nArticle 3     : Les conditions d'exploitation de cette chambre fun\u00e9raire devront \u00eatre conformes \u00e0  \nla r\u00e9glementation en vigueur relative aux prescriptions techniques applicables aux chambres  \nfun\u00e9raires.\nArticle 4     : Le secr\u00e9taire g\u00e9n\u00e9ral de la pr\u00e9fecture du Var, le maire de Hy\u00e8res et le directeur  \nd\u00e9partemental de la police nationale du Var sont charg\u00e9s, chacun en ce qui le concerne, de  \nl'ex\u00e9cution de cet arr\u00eat\u00e9, qui sera publi\u00e9 au recueil des actes administratifs de la pr\u00e9fecture  \ndu Var.\nToulon, le 3 janvier 2025\nPour le pr\u00e9fet et par d\u00e9l\u00e9gation,\nle secr\u00e9taire g\u00e9n\u00e9ral,\nSign\u00e9\nLucien GIUDICELLI\nDans un d\u00e9lai de deux mois \u00e0 compter de la date de la notification ou de la publication du pr\u00e9sent arr\u00eat\u00e9 au recueil des actes administratifs de la pr\u00e9fecture, les recours suivants peuvent \u00eatre introduits conform\u00e9ment aux dispositions des articles R. 421-1 et suivants du code de justice administrative :-un recours gracieux, adress\u00e9 \u00e0 :M. le Pr\u00e9fet du Var - Boulevard du 112 \u00e8me r\u00e9giment d'infanterie - CS 31209 - 83070 TOULON CEDEX-un recours hi\u00e9rarchique, adress\u00e9  au(x) ministre(s) concern\u00e9(s)  ;Dans ces deux cas, le silence de l'Administration vaut rejet implicite au terme d'un d\u00e9lai de deux mois.Apr\u00e8s un recours gracieux ou hi\u00e9rarchique, le d\u00e9lai du recours contentieux ne court qu'\u00e0 compter du rejet explicite ou implicite de l'un de ces recours.-un recours contentieux, en saisissant le Tribunal Administratif de Toulon : 5 rue Racine -BP 40510 - 83  041 TOULON CEDEX 9Le tribunal administratif peut \u00eatre saisi par l'application informatique \u00ab  T\u00e9l\u00e9cours \u00bb accessible par le site internet www.telecours.fr.\n2/2Pr\u00e9fecture du VAR - 83-2025-01-03-00001 - ARR\u00caT\u00c9 PR\u00c9FECTORAL n\u00b0 DCL/BERG/2024/421 du 3 janvier 2025\nportant autorisation de cr\u00e9ation d'une chambre fun\u00e9raire\n35 Chemin de la Ritorte - 83400 HYERES8","date":"2025-01-06","first_seen_on":"2025-01-06T15:32:18+00:00","id":"26fa0922ffb9177fc4b30d7d953aaa31f07390f13bca30da15ac166decea516c","name":"RAA N\u00b0003 du 6 janvier 2025","pdf_creation_date":"2025-01-06T15:15:23+00:00","pdf_modification_date":null,"timezone":"CET","url":"https://www.var.gouv.fr/contenu/telechargement/38522/253394/file/RAA%20N%C2%B0003%20du%206%20janvier%202025%20NOMINATIF.pdf"}
