{"administration":"prefidf","administration_name":"Pr\u00e9fecture de la r\u00e9gion \u00cele-de-France","content":"PREFECTURE\nREGION ILE DE\nFRANCE\nRECUEIL DES ACTES\nADMINISTRATIFS SP\u00c9CIAL\nN\u00b0IDF-051-2025-05\nPUBLI\u00c9 LE 27 MAI 2025\nSommaire\nRectorat de l'acad\u00e9mie de Versailles /\nIDF-2025-05-27-00006 - Arr\u00eat\u00e9 portant subd\u00e9l\u00e9gation de signature\ndu recteur du service de mutualisation des frais de d\u00e9placement \u00e0\nMonsieur Olivier WAMBECKE, directeur acad\u00e9mique des services de\nl'\u00e9ducation\nnationale du Val d'Oise (3 pages) Page 3\nIDF-2025-05-27-00005 - Arr\u00eat\u00e9 portant subd\u00e9l\u00e9gation financi\u00e8re de\nsignature du recteur \u00e0 Monsieur Olivier WAMBECKE, directeur\nacad\u00e9mique des services de l'\u00e9ducation nationale du Val d'Oise\n(4 pages) Page 7\n2\nRectorat de l'acad\u00e9mie de Versailles\nIDF-2025-05-27-00006\nArr\u00eat\u00e9 portant subd\u00e9l\u00e9gation de signature du\nrecteur du service de mutualisation des frais de\nd\u00e9placement \u00e0 Monsieur Olivier WAMBECKE,\ndirecteur acad\u00e9mique des services de\nl'\u00e9ducation\nnationale du Val d'Oise\nRectorat de l'acad\u00e9mie de Versailles - IDF-2025-05-27-00006 - Arr\u00eat\u00e9 portant subd\u00e9l\u00e9gation de signature du recteur du service de\nmutualisation des frais de d\u00e9placement \u00e0 Monsieur Olivier WAMBECKE, directeur acad\u00e9mique des services de l'\u00e9ducation\nnationale du Val d'Oise\n3\nEsACADEMIEDE VERSAILLESLibert\u00e9Egalit\u00e9Fraternit\u00e9\n \n \n \n \n \nARR\u00caT\u00c9 \n \n \nportant subd\u00e9l\u00e9gation de signature du recteur  \ndu service de mutualisation des frais de d\u00e9placement \n\u00e0 Monsieur Olivier WAMBECKE, directeur acad\u00e9mique des services de l'\u00e9ducation \nnationale du Val d'Oise \n \n \n \nLe Recteur de l'acad\u00e9mie de Versailles, \n \n \n \nVU le Code de l'Education, notamment son article D.222-20, ses articles R.222-18 et suivants et \nR.222-36-1 et suivants ; \n \nVU le d\u00e9cret 90-437 du 28 mai 1990 fixant les conditions et les modalit\u00e9s de r\u00e8glement des frais \noccasionn\u00e9s par les d\u00e9placements des personnels civils sur le territoire m\u00e9tropolitain de la France \nlorsqu'ils sont \u00e0 la charge des budgets de l'Etat, des \u00e9tablissements publics nationaux \u00e0 caract\u00e8re \nadministratif de certains organismes subventionn\u00e9s ; \n \nVU le d\u00e9cret 2006-781 du 3 juillet 2006 fixant les conditions et les modalit\u00e9s de r\u00e8glement des frais \noccasionn\u00e9s par les d\u00e9placements temporaires des personnels civils de l'Etat ; \n \nVU le d\u00e9cret 2012-16 du 5 janvier 2012 relatif \u00e0 l'organisation acad\u00e9mique ; \n \nVU le d\u00e9cret n\u00b02019-1200 du 20 novembre 2019 relatif \u00e0 l'organisation des services d\u00e9concentr\u00e9s des \nministres charg\u00e9s de l'\u00e9ducation nationale et de l'enseignement sup\u00e9rieur, de la recherche et de \nl'innovation ; \n \nVU l'arr\u00eat\u00e9 rectoral du 25 juin 2009 portant cr\u00e9ation du service acad\u00e9mique mutualis\u00e9 des frais de \nd\u00e9placements ; \n \nVU le d\u00e9cret du Pr\u00e9sident de la R\u00e9publique du 13 juillet 2023 portant nomination de Monsieur \u00c9tienne \nCHAMPION en qualit\u00e9 de Recteur de l'acad\u00e9mie de Versailles ; \n \nVU  l'arr\u00eat\u00e9 n\u00b0IDF-2023-07-19-00002 du 19 juillet 2023 portant d\u00e9l\u00e9gation de signature du Pr\u00e9fet de la \nR\u00e9gion d'Ile-de-France \u00e0 Monsieur \u00c9tienne CHAMPION, Recteur de l'acad\u00e9mie de Versailles, en \nmati\u00e8re d'ordonnancement secondaire ; \n \nVU les d\u00e9cisions n\u00b0MENF1900457S, MENF1900459S, MENF1900460S, MENF1900458S et \nMENF1900461S du 4 d\u00e9cembre 2019 par lesquelles les responsables de programmes du \nminist\u00e8re de l'\u00c9ducation nationale et de la Jeunesse nomment le Recteur de l'acad\u00e9mie de \nVersailles en qualit\u00e9 de responsable de budget op\u00e9rationnel de programme des programmes \n139, 140, 141 et 230 et en qualit\u00e9 de responsable d'unit\u00e9 op\u00e9rationnelle du programme 214 ; \n \nRectorat de l'acad\u00e9mie de Versailles - IDF-2025-05-27-00006 - Arr\u00eat\u00e9 portant subd\u00e9l\u00e9gation de signature du recteur du service de\nmutualisation des frais de d\u00e9placement \u00e0 Monsieur Olivier WAMBECKE, directeur acad\u00e9mique des services de l'\u00e9ducation\nnationale du Val d'Oise\n4\nenACADEMIEDE VERS \\ILLESLibert\u00e9Egalit\u00e9Fraternit\u00e9\n \n2/3 \n \n \nVU les d\u00e9cisions n\u00b0 ESRF2036756S et ESRF1900302S des 21 d\u00e9cembre 2020 et 9 d\u00e9cembre 2019 \npar lesquelles le responsable de programmes du minist\u00e8re de l'Enseignement sup\u00e9rieur, de la \nRecherche et de l'Innovation nomme le Recteur de l'acad\u00e9mie Versailles en qualit\u00e9 de responsable \nd'unit\u00e9 op\u00e9rationnelle des programmes 150 et 231. \n \nVU le d\u00e9cret du Pr\u00e9sident de la R\u00e9publique en date du 4 ao\u00fbt 2022 portant nomination de Monsieur \nOlivier WAMBECKE en qualit\u00e9 de directeur acad\u00e9mique des services de l'\u00e9ducation nationale du \nVal d'Oise ; \n \n \nARRETE \n \nARTICLE 1 \nLe service acad\u00e9mique des frais de d\u00e9placements est plac\u00e9 sous l'autorit\u00e9 de Monsieur Olivier \nWAMBECKE, directeur acad\u00e9mique des services de l'\u00e9ducation nationale du Val d'Oise, qui re\u00e7oit \nd\u00e9l\u00e9gation de signature \u00e0 l'effet de signer l'ensemble des actes, arr\u00eat\u00e9s, correspondances et \nd\u00e9cisions \u00e0 caract\u00e8re administratif ou financier relatifs au fonctionnement de ce service, \u00e0 l'exception \ndes frais de d\u00e9placement relevant d'actions de formation. \n \n \nARTICLE 2 \nEn cas d'absence ou d'emp\u00eachement de Monsieur Olivier WAMBECKE, d\u00e9l\u00e9gation de signature est \ndonn\u00e9e \u00e0, Madame Val\u00e9rie LEGALLICIER, directrice acad\u00e9mique adjointe, \u00e0 Monsieur Jacques-\nEmmanuel DAUGE, directeur acad\u00e9mique adjoint, \u00e0 Madame Isabel ALBAR, directrice acad\u00e9mique \nadjointe et \u00e0 Monsieur Matthieu POINTREAU, secr\u00e9taire g\u00e9n\u00e9ral, sur le m\u00eame champ de \ncomp\u00e9tences. \n \n \nARTICLE 3 \nEn cas d'absence ou d'emp\u00eachement de Madame Val\u00e9rie LEGALLICIER, de Monsieur Jacques-\nEmmanuel DAUGE, de Madame Isabel ALBAR, de Monsieur Matthieu POINTREAU, d\u00e9l\u00e9gation de \nsignature est donn\u00e9e \u00e0 Madame Caroline CONSEIL, cheffe de la division acad\u00e9mique des \nd\u00e9placements temporaires, sur le m\u00eame champ de comp\u00e9tence. \n \n \nARTICLE 4 \nEn cas d'absence ou d'emp\u00eachement de Madame Caroline CONSEIL, d\u00e9l\u00e9gation de signature est \ndonn\u00e9e \u00e0 : \n \n- Madame Sophie ALEXANDRE-CARBON ; \n- Madame Sophie CHERRADOU ; \n- Madame Lydie CHARIN ; \n- Madame Nathalie LAVERT ; \n- Madame Florence GERMANO-CONCHOU ; \n- Madame Andr\u00e9a RACAT ; \n- Madame Morgane FRITSCH. \n \n\u00e0 l'effet de signer, dans le cadre du syst\u00e8me d'information Chorus-DT, toutes les op\u00e9rations relatives \naux ordres de mission et aux \u00e9tats de frais relevant du p\u00e9rim\u00e8tre de l'acad\u00e9mie de Versailles. \n \nRectorat de l'acad\u00e9mie de Versailles - IDF-2025-05-27-00006 - Arr\u00eat\u00e9 portant subd\u00e9l\u00e9gation de signature du recteur du service de\nmutualisation des frais de d\u00e9placement \u00e0 Monsieur Olivier WAMBECKE, directeur acad\u00e9mique des services de l'\u00e9ducation\nnationale du Val d'Oise\n5\nenACADEMIEDE VERS \\ILLESLibert\u00e9Egalit\u00e9Fraternit\u00e9\n \n3/3 \n \n \n \n \nARTICLE 5 \nL'arr\u00eat\u00e9 rectoral n\u00b0IDF-2024-06-21-00010 du 21 juin 2024 portant d\u00e9l\u00e9gation de signature est abrog\u00e9. \n \n \n \nARTICLE 6 \nLe directeur acad\u00e9mique des services de l'\u00e9ducation nationale du Val d'Oise est charg\u00e9e de \nl'ex\u00e9cution de cet arr\u00eat\u00e9 qui sera publi\u00e9 au recueil des actes administratifs de la pr\u00e9fecture de la \nr\u00e9gion Ile-de-France. \n \n \nFait \u00e0 Versailles, le 27 mai 2025. \n \n \nLe Recteur \n \nSign\u00e9 \n \n\u00c9tienne CHAMPION \n \nRectorat de l'acad\u00e9mie de Versailles - IDF-2025-05-27-00006 - Arr\u00eat\u00e9 portant subd\u00e9l\u00e9gation de signature du recteur du service de\nmutualisation des frais de d\u00e9placement \u00e0 Monsieur Olivier WAMBECKE, directeur acad\u00e9mique des services de l'\u00e9ducation\nnationale du Val d'Oise\n6\nRectorat de l'acad\u00e9mie de Versailles\nIDF-2025-05-27-00005\nArr\u00eat\u00e9 portant subd\u00e9l\u00e9gation financi\u00e8re de\nsignature du recteur \u00e0 Monsieur Olivier\nWAMBECKE, directeur acad\u00e9mique des services\nde l'\u00e9ducation nationale du Val d'Oise\nRectorat de l'acad\u00e9mie de Versailles - IDF-2025-05-27-00005 - Arr\u00eat\u00e9 portant subd\u00e9l\u00e9gation financi\u00e8re de signature du recteur \u00e0\nMonsieur Olivier WAMBECKE, directeur acad\u00e9mique des services de l'\u00e9ducation nationale du Val d'Oise 7\nEsACADEMIEDE VERSAILLESLibert\u00e9Egalit\u00e9Fraternit\u00e9\n \n \n \nARR\u00caT\u00c9 \n \nportant subd\u00e9l\u00e9gation financi\u00e8re de signature du recteur \n\u00e0 Monsieur Olivier WAMBECKE, directeur acad\u00e9mique des services de \nl'\u00e9ducation nationale du Val d'Oise \n \nLe Recteur de l'acad\u00e9mie de Versailles, \n \nVU la loi organique n\u00b0 2001-692 du 1er ao\u00fbt 2001, relative aux lois de finances ; \n \nVU  le Code de l'\u00e9ducation, notamment son article D.222-20 ; \n \nVU le Code de la s\u00e9curit\u00e9 sociale ; \n \nVU  la loi n\u00b0 68-1250 du 31 d\u00e9cembre 1968 relative \u00e0 la prescription quadriennale ; \n \nVU  la loi de d\u00e9centralisation n\u00b0 2004-809 modifi\u00e9e du 13 ao\u00fbt 2004 relative aux libert\u00e9s et \nresponsabilit\u00e9s locales, notamment ses articles 105 \u00e0 109 ; \n \nVU  le d\u00e9cret du n\u00b0 94-874 du 7 octobre 1994 portant statut des fonctionnaires stagiaires ; \n \nVU le d\u00e9cret n\u00b0 2012-16 du 5 janvier 2012 relatif \u00e0 l'organisation acad\u00e9mique ; \n \nVU le d\u00e9cret n\u00b0 2012-1246 du 7 novembre 2012 relatif \u00e0 la gestion budg\u00e9taire et comptable \npublique ; \n \nVU le d\u00e9cret n\u00b0 2015-1616 du 10 d\u00e9cembre 2015 relatif aux r\u00e9gions acad\u00e9miques ; \n \nVU  le d\u00e9cret n\u00b02019-1200 du 20 novembre 2019 relatif \u00e0 l'organisation des services \nd\u00e9concentr\u00e9s des ministres charg\u00e9s de l'\u00e9ducation nationale et de l'enseignement sup\u00e9rieur, \nde la recherche et de l'innovation ; \n \nVU l'arr\u00eat\u00e9 portant organisation de l'Acad\u00e9mie de Versailles en date du 11 janvier 2013 ; \n \nVU  le d\u00e9cret du Pr\u00e9sident de la R\u00e9publique en date du 13 juillet 2023 portant nomination de \nMonsieur \u00c9tienne CHAMPION en qualit\u00e9 de Recteur de l'acad\u00e9mie de Versailles ; \n \nVU l'arr\u00eat\u00e9 n\u00b0IDF-2023-07-19-00002 du 19 juillet 2023 portant d\u00e9l\u00e9gation de signature du Pr\u00e9fet \nde la R\u00e9gion d'Ile-de-France \u00e0 Monsieur \u00c9tienne CHAMPION, Recteur de l'acad\u00e9mie de \nVersailles, en mati\u00e8re d'ordonnancement secondaire ; \n \nVU les d\u00e9cisions n\u00b0MENF1900457S, MENF1900459S, MENF1900460S, MENF1900458S et \nMENF1900461S du 4 d\u00e9cembre 2019 par lesquelles les responsables de programmes du \nminist\u00e8re de l'\u00c9ducation nationale et de la Jeunesse nomment le Recteur de l'acad\u00e9mie de \nVersailles en qualit\u00e9 de responsable de budget op\u00e9rationnel de programme des \nprogrammes 139, 140, 141 et 230 et en qualit\u00e9 de responsable d'unit\u00e9 op\u00e9rationnelle du \nprogramme 214 ; \n \nRectorat de l'acad\u00e9mie de Versailles - IDF-2025-05-27-00005 - Arr\u00eat\u00e9 portant subd\u00e9l\u00e9gation financi\u00e8re de signature du recteur \u00e0\nMonsieur Olivier WAMBECKE, directeur acad\u00e9mique des services de l'\u00e9ducation nationale du Val d'Oise 8\nenACADEMIEDE VER! AILLESLibert\u00e9Egalit\u00e9Fraternit\u00e9\n \n \n \n \n \nVU  les d\u00e9cisions n\u00b0 ESRF2036756S et ESRF1900302S des 21 d\u00e9cembre 2020 et 9 d\u00e9cembre \n2019 par lesquelles le responsable de programmes du minist\u00e8re de l'Enseignement \nsup\u00e9rieur, de la Recherche et de l'Innovation nomme le Recteur de l'acad\u00e9mie Versailles en \nqualit\u00e9 de responsable d'unit\u00e9 op\u00e9rationnelle des programmes 150 et 231. \n \nVU le d\u00e9cret du Pr\u00e9sident de la R\u00e9publique en date du 4 ao\u00fbt 2022 portant nomination de \nMonsieur Olivier WAMBECKE en qualit\u00e9 de directeur acad\u00e9mique des services de \nl'\u00e9ducation nationale du Val d'Oise ; \n \n \n \nARRETE \n \nARTICLE 1 \nSubd\u00e9l\u00e9gation de signature est donn\u00e9e \u00e0 Monsieur Olivier WAMBECKE, directeur acad\u00e9mique \ndes services de l'\u00e9ducation nationale du Val d'Oise \u00e0 l'effet de signer, pour les personnels affect\u00e9s \ndans le d\u00e9partement, tous les actes relevant de l'ex\u00e9cution des recettes et de l'ordonnancement \ndes d\u00e9penses de personnels sur les unit\u00e9s op\u00e9rationnelles plac\u00e9es sous l'autorit\u00e9 du recteur pour \nles mati\u00e8res suivantes : \n- pour les personnels enseignants du 1er degr\u00e9 et personnels non titulaires charg\u00e9s d'assurer les \nfonctions d'enseignement du 1er degr\u00e9 dans le ressort du d\u00e9partement du Val d'Oise, ainsi que les \naccompagnants d'\u00e9l\u00e8ves en situation de handicap, les assistants d'\u00e9ducation et les intervenants \next\u00e9rieurs engag\u00e9s au titre de l'accompagnement \u00e9ducatif :  \n\u25cb les actes \u00e0 caract\u00e8re financier relatifs \u00e0 la gestion individuelle de ces personnels ; \n\u25cb les d\u00e9cisions visant \u00e0 assurer la prise en charge financi\u00e8re des nouveaux arrivants ; \n\u25cb les certificats administratifs ; \n \n- pour les actes \u00e0 caract\u00e8re financier relatifs \u00e0 ces personnels : \n\u25cb pour les personnels enseignants titulaires et non titulaires charg\u00e9s d'assurer les fonctions \nd'enseignement, r\u00e9mun\u00e9r\u00e9s sur le BOP 140, ces actes comprennent l'ensemble des actes \nayant trait \u00e0 la r\u00e9mun\u00e9ration des personnels et notamment les listings de paye, mouvements \nmanuels d'ordonnancement et d\u00e9comptes de rappel ; \n\u25cb pour les personnels enseignants titulaires du 1er degr\u00e9 et non titulaires charg\u00e9s d'assurer \nles fonctions d'enseignement du 1er degr\u00e9, r\u00e9mun\u00e9r\u00e9s sur le BOP 141, ces actes \ncomprennent les pi\u00e8ces justificatives individuelles, les d\u00e9comptes de rappel et les \nmouvements manuels d'ordonnancement \u00e0 l'exclusion des listings de paye ; \n\u25cb pour les accompagnants d'\u00e9l\u00e8ves en situation de handicap, les assistants d'\u00e9ducation et \nles intervenants ext\u00e9rieurs engag\u00e9s au titre de l'accompagnement \u00e9ducatif r\u00e9mun\u00e9r\u00e9s sur le \nBOP 230, ces actes comprennent les pi\u00e8ces justificatives individuelles, les d\u00e9comptes de \nrappel et les mouvements manuels d'ordonnancement, \u00e0 l'exclusion des listings de paie ; \n \n- les r\u00e9mun\u00e9rations li\u00e9es aux prestations de formation relevant du BOP 140 ; \n \n- les d\u00e9penses li\u00e9es aux accidents du travail et maladies professionnelles des personnels affect\u00e9s \ndans les services de l'\u00e9ducation nationale et \u00e9tablissements d'enseignement rattach\u00e9s au \nd\u00e9partement du Val d'Oise. \n \n \n \nRectorat de l'acad\u00e9mie de Versailles - IDF-2025-05-27-00005 - Arr\u00eat\u00e9 portant subd\u00e9l\u00e9gation financi\u00e8re de signature du recteur \u00e0\nMonsieur Olivier WAMBECKE, directeur acad\u00e9mique des services de l'\u00e9ducation nationale du Val d'Oise 9\nenACADEMIEDE VER! AILLESLibert\u00e9Egalit\u00e9Fraternit\u00e9\n \n \n \n \n \nARTICLE 2 \nEn cas d'absence ou d'emp\u00eachement de Monsieur Olivier WAMBECKE, d\u00e9l\u00e9gation de signature \nest donn\u00e9e \u00e0 Madame Val\u00e9rie LEGALLICIER directrice acad\u00e9mique adjointe, \u00e0 Monsieur \nJacques-Emmanuel DAUGE, directeur acad\u00e9mique adjoint, \u00e0 Madame Isabel ALBAR, directrice \nacad\u00e9mique adjointe et Monsieur Matthieu POINTREAU, secr\u00e9taire g\u00e9n\u00e9ral, \u00e0 l'effet de signer \ntous les actes vis\u00e9s \u00e0 l'article 1. \n \n \nARTICLE 3 \nEn cas d'absence ou d'emp\u00eachement de, Madame Val\u00e9rie LEGALLICIER, de Monsieur Jacques-\nEmmanuel DAUGE, de Madame Isabel ALBAR, de Monsieur Matthieu POINTREAU, d\u00e9l\u00e9gation de \nsignature est donn\u00e9e \u00e0 Monsieur Cl\u00e9ment BOUTIN, responsable de la division des personnels, \u00e0 \nMadame St\u00e9phanie TREMA, cheffe du service de la gestion individuelle, \u00e0 Madame Concetta \nBINANTE, coordonnatrice et \u00e0 Mesdames Alexandra ROBY, Christ\u00e8le GUIBERT, cheffes de \nbureau, \u00e0 effet de signer les actes \u00e0 caract\u00e8re financier vis\u00e9s \u00e0 l'article 1 relatifs aux intervenants \next\u00e9rieurs engag\u00e9s au titre de l'accompagnement \u00e9ducatif, \u00e0 l'exclusion des d\u00e9comptes de rappel \nde r\u00e9mun\u00e9ration sup\u00e9rieurs \u00e0 10 000 \u20ac. \n \n \nARTICLE 4 \nEn cas d'absence ou d'emp\u00eachement de, Madame Val\u00e9rie LEGALLICIER, de Monsieur Jacques-\nEmmanuel DAUGE, de Madame Isabel ALBAR et de Monsieur Matthieu POINTREAU, d\u00e9l\u00e9gation \nde signature est donn\u00e9e \u00e0 Monsieur Cl\u00e9ment BOUTIN, responsable de la division des \npersonnels, \u00e0 Madame St\u00e9phanie TREMA, cheffe du service de la gestion individuelle, \u00e0 Madame \nConcetta BINANTE, coordonnatrice et \u00e0 Mesdames Alexandra ROBY, Christ\u00e8le GUIBERT, \ncheffes de bureau, \u00e0 l'effet de signer l'ensemble des actes \u00e0 caract\u00e8re financier vis\u00e9s \u00e0 l'article 1 \nrelatifs aux personnels du 1er degr\u00e9 et personnels non titulaires r\u00e9mun\u00e9r\u00e9s sur les BOP 140 et 141, \nles certificats administratifs y compris ceux de prolongation de cong\u00e9s de longue maladie, longue \ndur\u00e9e et prime sp\u00e9cifique d'installation et les d\u00e9cisions visant \u00e0 assurer la prise en charge \nfinanci\u00e8re des nouveaux arrivants, \u00e0 l'exclusion des d\u00e9comptes de rappel de r\u00e9mun\u00e9ration \nsup\u00e9rieur \u00e0 10 000 \u20ac. \n \n \nARTICLE 5 \nEn cas d'absence ou d'emp\u00eachement de Madame Val\u00e9rie LEGALLICIER, de Monsieur Jacques-\nEmmanuel DAUGE, de Madame Isabel ALBAR et de Monsieur Matthieu POINTREAU, d\u00e9l\u00e9gation \nde signature est donn\u00e9e \u00e0 Monsieur Cl\u00e9ment BOUTIN, responsable de la division des \npersonnels, \u00e0 Madame St\u00e9phanie TREMA, cheffe du service de la gestion individuelle, \u00e0 Madame \nConcetta BINANTE, coordonnatrice et \u00e0 Mesdames Alexandra ROBY, Christ\u00e8le GUIBERT, \ncheffes de bureau, \u00e0 effet de signer les actes \u00e0 caract\u00e8re financier vis\u00e9s \u00e0 l'article 1 relatifs aux \naccompagnants d'\u00e9l\u00e8ves en situation de handicap individuels, \u00e0 l'exclusion des d\u00e9comptes de \nrappel de r\u00e9mun\u00e9ration sup\u00e9rieurs \u00e0 10 000 \u20ac. \n \nRectorat de l'acad\u00e9mie de Versailles - IDF-2025-05-27-00005 - Arr\u00eat\u00e9 portant subd\u00e9l\u00e9gation financi\u00e8re de signature du recteur \u00e0\nMonsieur Olivier WAMBECKE, directeur acad\u00e9mique des services de l'\u00e9ducation nationale du Val d'Oise 10\nenACADEMIEDE VER! AILLESLibert\u00e9Egalit\u00e9Fraternit\u00e9\n \n \n \n \n \n \nARTICLE 6 \nL'arr\u00eat\u00e9 rectoral n\u00b0IDF-2024-11-14-00008 du 14 novembre 2024 portant d\u00e9l\u00e9gation de signature \nest abrog\u00e9. \n \n \n \nARTICLE 7 \nLe secr\u00e9taire g\u00e9n\u00e9ral de l'acad\u00e9mie et le directeur acad\u00e9mique des services de l'\u00e9ducation \nnationale du Val d'Oise sont charg\u00e9s, chacun en ce qui le concerne, de l'ex\u00e9cution du pr\u00e9sent \narr\u00eat\u00e9 qui sera publi\u00e9 au recueil des actes administratifs de la r\u00e9gion Ile-de-France. \n \n \nFait \u00e0 Versailles, le 27 mai 2025. \n \n \n \n \n \n \n \n \nLe Recteur \n \nSign\u00e9 \n \n\u00c9tienne CHAMPION \nRectorat de l'acad\u00e9mie de Versailles - IDF-2025-05-27-00005 - Arr\u00eat\u00e9 portant subd\u00e9l\u00e9gation financi\u00e8re de signature du recteur \u00e0\nMonsieur Olivier WAMBECKE, directeur acad\u00e9mique des services de l'\u00e9ducation nationale du Val d'Oise 11","date":"2025-05-27","first_seen_on":"2025-05-27T16:43:21+00:00","id":"26fe64eee5acbc0acb56edf76080de33eb5faf762d1d51d5f2ac1af5ff78e282","name":"recueilDS-idf-051-2025-05-recueil-des-actes-administratifs-special du 27.05.2025","pdf_creation_date":"2025-05-27T15:18:23+00:00","pdf_modification_date":null,"timezone":"Europe/Paris","url":"https://www.prefectures-regions.gouv.fr/ile-de-france/irecontenu/telechargement/128056/944324/file/recueilDS-idf-051-2025-05-recueil-des-actes-administratifs-special%20du%2027.05.2025.pdf"}
