{"administration":"pref83","administration_name":"Pr\u00e9fecture du Var","content":"VAR\nRECUEIL DES ACTES\nADMINISTRATIFS\nN\u00b083-2025-394\nPUBLI\u00c9 LE 25 NOVEMBRE 2025\nSommaire\nPr\u00e9fecture du VAR / Direction de la citoyennet\u00e9 et de la l\u00e9galit\u00e9\n83-2025-11-21-00007 - ARR\u00caT\u00c9 PR\u00c9FECTORAL N\u00b0 DCL-BFL-2025-257\ndu 21 novembre 2025 relatif au produit des amendes de police relev\u00e9es\npar les radars automatiques\nAnn\u00e9e 2025 (2 pages) Page 4\n83-2025-11-21-00002 - ARRETE PREFECTORAL N\u00b0 DCL/BFL/2025-239 du 21\nnovembre 2025 portant compensation au profit du conseil\nd\u00e9partemental du Var au titre de l'augmentation des tranches des\nbar\u00e8mes des taxes additionnelles aux droits d'enregistrement\napplicables lors des cessions de fonds de commerce - Ann\u00e9e 2025 (2\npages) Page 7\n83-2025-11-21-00003 - ARRETE PREFECTORAL N\u00b0 DCL/BFL/2025-240 du 21\nnovembre 2025 portant compensation au profit du fonds de\np\u00e9r\u00e9quation d\u00e9partemental\ndes taxes additionnelles aux droits\nd'enregistrement applicables lors des cessions de fonds de commerce -\nAnn\u00e9e 2025 (2 pages) Page 10\n83-2025-11-21-00004 - ARRETE PREFECTORAL N\u00b0 DCL/BFL/2025-241 et son\nannexe, du 21 novembre 2025 portant compensation au profit de\ncommunes b\u00e9n\u00e9ficiaires au titre de l'augmentation\ndes tranches\ndes bar\u00e8mes des taxes additionnelles aux droits\nd'enregistrement\napplicables lors des cessions de fonds de commerce\n- Ann\u00e9e 2025 (3 pages) Page 13\n83-2025-11-21-00005 - ARR\u00caT\u00c9 PR\u00c9FECTORAL N\u00b0 DCL/BFL/2025-242\ndu 21 novembre 2025 relatif au second versement du Fonds de\ncompensation de la fiscalit\u00e9 transf\u00e9r\u00e9e (FCFT)\nExercice 2025 (2\npages) Page 17\n83-2025-11-21-00006 - ARR\u00caT\u00c9 PR\u00c9FECTORAL N\u00b0 DCL/BFL/2025-256 et\nson annexe, du 21 novembre 2025 relatif au remboursement par l'\u00c9tat\ndes indemnit\u00e9s\nde responsabilit\u00e9 dues aux r\u00e9gisseurs de police\nmunicipale au titre de 2025 (3 pages) Page 20\nPr\u00e9fecture du VAR / Direction de la coordination des politiques publiques\net de l'appui territorial\n83-2025-11-24-00002 - Arr\u00eat\u00e9 pr\u00e9fectoral modificatif de l'arr\u00eat\u00e9\npr\u00e9fectoral du 6 novembre 2025 (3 pages) Page 24\nPr\u00e9fecture du VAR / Direction des s\u00e9curit\u00e9s\n83-2025-11-25-00001 - AP renouv Agr\u00e9ment sign\u00e9 (2 pages) Page 28\n83-2025-11-25-00002 - AP renouv Agr\u00e9ment sign\u00e9 (2 pages) Page 31\n83-2025-11-25-00003 - AP renouv Agr\u00e9ment sign\u00e9 (2 pages) Page 34\n2\n83-2025-11-25-00005 - Arr\u00eat\u00e9 autorisant la captation,\nl'enregistrement et la transmission \nd'images au moyen de\ncam\u00e9ras install\u00e9es sur des a\u00e9ronefs (4 pages) Page 37\n83-2025-11-25-00004 - Arr\u00eat\u00e9 pr\u00e9fectoral n\u00b02025-11-002 ESC du 25\nnovembre 2025 portant r\u00e9glementation temporaire de la circulation sur\nl'autoroute A8 sur le territoire des communes du Cannet-des-Maures, du\nLuc-en-Provence, du Muy et de Puget-sur-Argens (4 pages) Page 42\n3\nPr\u00e9fecture du VAR\n83-2025-11-21-00007\nARR\u00caT\u00c9 PR\u00c9FECTORAL N\u00b0 DCL-BFL-2025-257 du\n21 novembre 2025 relatif au produit des\namendes de police relev\u00e9es par les radars\nautomatiques\nAnn\u00e9e 2025\nPr\u00e9fecture du VAR - 83-2025-11-21-00007 - ARR\u00caT\u00c9 PR\u00c9FECTORAL N\u00b0 DCL-BFL-2025-257 du 21 novembre 2025 relatif au produit des\namendes de police relev\u00e9es par les radars automatiques\nAnn\u00e9e 2025\n4\nDirection de la citoyennet\u00e9 et de la l\u00e9galit\u00e9\nBureau des finances locales\nARR\u00caT\u00c9 PR\u00c9FECTORAL N\u00b0 DCL-BFL-2025-257 du 21 novemb re 2025\nrelatif au produit des amendes de police relev\u00e9es par les radars automatiques\nAnn\u00e9e 2025\nLe pr\u00e9fet du Var,\nVu l'article 49 de la loi n\u00b0 2005-1719 du 30 d\u00e9cembre 2005 de finances pour 2006, modifi\u00e9 par\nla loi n\u00b0 2023-1322 du 29 d\u00e9cembre 2023 ;\nVu le d\u00e9cret n\u00b0 2009-115 du 30 janvier 2009 relatif au x investissements susceptibles d'\u00eatre\nfinanc\u00e9s  par  le  produit  des  amendes  de  police  per\u00e7u es  par  la  voie  de  syst\u00e8mes\nautomatiques, modifi\u00e9 par le d\u00e9cret n\u00b0 2021-1291 du 4 octobre 2021 ;\nV u le d\u00e9cret n\u00b0 2021-1291 du 4 octobre 2021 relatif aux dotations de l'\u00c9tat aux collectivit\u00e9s\nterritoriales et \u00e0 la p\u00e9r\u00e9quation des ressources fiscales ;\nVu le d\u00e9cret du Pr\u00e9sident de la R\u00e9publique du 15 mai 2 025 portant nomination de M. Simon\nBABRE en qualit\u00e9 de pr\u00e9fet du Var ;\nVu l'arr\u00eat\u00e9  pr\u00e9fectoral  n\u00b02025/12/MCI  du  2  juin  2025 p ortant  d\u00e9l\u00e9gation  de  signature  \u00e0\nM. Lucien GIUDICELLI, secr\u00e9taire g\u00e9n\u00e9ral de la pr\u00e9fecture du Var ;\nVu la note d'information du 10 novembre 2025 concernan t la r\u00e9partition du produit des\namendes de police relev\u00e9es par les radars automatiques au titre de l'exercice 2025 ;\nVu la d\u00e9l\u00e9gation de cr\u00e9dit d'engagement et de paiement  n\u00b0 2000068912 du 17 novembre\n2025 d'un montant de 485 519 \u20ac   (quatre cent quatre-vingt-cinq mille cinq cent dix-neuf\neuros) ;\nConsid\u00e9rant que le comit\u00e9 des finances locales, lors de sa s\u00e9ance du 15 octobre 2025, a fix\u00e9 la\nvaleur unitaire du produit des amendes de police revers\u00e9 aux d\u00e9partements \u00e0 163,3755 \u20ac ;\n1/2\n- Centre financier  : 0754-C001-DP83\n- Centre de co\u00fbt  : PRFSPCL083\n- Domaine fonctionnel  : 0754-01\n- Activit\u00e9 : 0754010101A1\n- EJ : 2104878019 \nPr\u00e9fecture du VAR - 83-2025-11-21-00007 - ARR\u00caT\u00c9 PR\u00c9FECTORAL N\u00b0 DCL-BFL-2025-257 du 21 novembre 2025 relatif au produit des\namendes de police relev\u00e9es par les radars automatiques\nAnn\u00e9e 2025\n5\nSur proposition du secr\u00e9taire g\u00e9n\u00e9ral de la pr\u00e9fecture du Var,\nARR\u00caTE :\nARTICLE 1er : La somme de 485 519 \u20ac   (quatre cent quatre-vingt-cinq mille cinq cent dix-neuf\neuros) est attribu\u00e9e au conseil d\u00e9partemental du Var au t itre de la dotation des amendes de\npolice relev\u00e9es par les radars automatiques \u2013 Ann\u00e9e 2025.\nARTICLE 2  : Ce montant est \u00e0 imputer sur le programme 754  \u00abContribution \u00e0 l'\u00e9quipement\ndes collectivit\u00e9s territoriales pour l'am\u00e9lioration des transports en commun, de la s\u00e9curit\u00e9 et\nde la circulation routi\u00e8res\u00bb inscrite \u00e0 l'action n\u00b01 (non interfac\u00e9).\nARTICLE 3 : Le secr\u00e9taire g\u00e9n\u00e9ral de la pr\u00e9fecture du Var, la directrice r\u00e9gionale des finances\npubliques de la r\u00e9gion Provence-Alpes-C\u00f4te-d'Azur, directrice d\u00e9partementale des finances\npubliques des Bouches-du-Rh\u00f4ne sont charg\u00e9s, chacun  en ce qui le concerne, de l'ex\u00e9cution\ndu pr\u00e9sent arr\u00eat\u00e9 qui sera publi\u00e9 au recueil des actes administratifs de la pr\u00e9fecture du Var.\nDans un d\u00e9lai de deux mois \u00e0 compter de la date de notification de la pr\u00e9sente d\u00e9cision, les recours suivants peuvent \u00eatre\nintroduits conform\u00e9ment aux dispositions des articles R. 421-1 et suivants du code de justice administrative :\n- un recours gracieux, adress\u00e9 \u00e0 : M. le Pr\u00e9fet du Var \u2013 Bd du 112\u00e8me r\u00e9giment d'infanterie- CS 31209 - 83070 TOULON CEDEX\nDans ce cas, le silence de l'administration vaut rejet implicite au terme d'un d\u00e9lai de deux mois.\nApr\u00e8s un recours gracieux, le d\u00e9lai du recours contentieux ne court qu'\u00e0 compter du rejet explicite ou implicite de ce recours.\n- un recours contentieux, en saisissant le Tribunal Administratif de Toulon : 5 rue Racine -BP 40510 - 83 041 TOULON CEDEX 9\nLe tribunal administratif peut \u00eatre saisi par l'app lication informatique : T\u00e9l\u00e9recours citoyens ; acce ssible par le site internet :\nwww.telerecours.fr.\n2/2\nPour le pr\u00e9fet et par d\u00e9l\u00e9gation,\nle secr\u00e9taire g\u00e9n\u00e9ral\nSign\u00e9\nLucien GIUDICELLI\nPr\u00e9fecture du VAR - 83-2025-11-21-00007 - ARR\u00caT\u00c9 PR\u00c9FECTORAL N\u00b0 DCL-BFL-2025-257 du 21 novembre 2025 relatif au produit des\namendes de police relev\u00e9es par les radars automatiques\nAnn\u00e9e 2025\n6\nPr\u00e9fecture du VAR\n83-2025-11-21-00002\nARRETE PREFECTORAL N\u00b0 DCL/BFL/2025-239 du\n21 novembre 2025 portant compensation au\nprofit du conseil d\u00e9partemental du Var au titre\nde l'augmentation des tranches des bar\u00e8mes des\ntaxes additionnelles aux droits d'enregistrement\napplicables lors des cessions de fonds de\ncommerce - Ann\u00e9e 2025\nPr\u00e9fecture du VAR - 83-2025-11-21-00002 - ARRETE PREFECTORAL N\u00b0 DCL/BFL/2025-239 du 21 novembre 2025 portant compensation\nau profit du conseil d\u00e9partemental du Var au titre de l'augmentation des tranches des bar\u00e8mes des taxes additionnelles aux droits\nd'enregistrement applicables lors des cessions de fonds de commerce - Ann\u00e9e 2025\n7\nDirection de la citoyennet\u00e9 et de la l\u00e9galit\u00e9 \nBureau des finances locales\nARRETE PREFECTORAL N\u00b0 DCL/BFL/2025-239 du 21 novemb re 2025\nportant compensation au profit du conseil d\u00e9partemental du Var au titre de l'augmentation \ndes tranches des bar\u00e8mes des taxes additionnelles aux droits d'enregistrement \napplicables lors des cessions de fonds de commerce - Ann\u00e9e 2025\nLe pr\u00e9fet du Var,\nVu la loi n\u00b0 93-859 du 22 juin 1993 de finances rectificative pour 1993, notamment son\narticle 4 modifi\u00e9 par ordonnance n\u00b0 2018-75 du 8 f\u00e9vrier 2018 - article 7 ;\nVu l e  d\u00e9cret  du  Pr\u00e9sident  de  la  R\u00e9publique  du  15  mai  2025  portant  nomination  de\nM. Simon BABRE en qualit\u00e9 de pr\u00e9fet du Var ;\nVu l'arr\u00eat\u00e9 pr\u00e9fectoral  n\u00b02025/12/MCI  du 2  juin  2025 portant  d\u00e9l\u00e9gation  de  signature  \u00e0\nM. Lucien GIUDICELLI, secr\u00e9taire g\u00e9n\u00e9ral de la pr\u00e9fecture du Var ;\nVu l'\u00e9tat de r\u00e9partition des compensations \u00e0 allouer aux collectivit\u00e9s, communiqu\u00e9 par la\ndirection d\u00e9partementale des finances publiques du Var le 12 novembre 2025 ;\nSur proposition du secr\u00e9taire g\u00e9n\u00e9ral de la pr\u00e9fecture du Var,\nARRETE :\nARTICLE 1er\n : Le conseil d\u00e9partemental du Var b\u00e9n\u00e9ficie d'une attribution  de  147 390 \u20ac\n(cent quarante-sept mille trois cent quatre-vingt-dix euros) afin de compenser la diminution\ndes  taux  des  droits  de  mutation  sur  les  fonds  de  commerce  pour  la  p\u00e9riode  du\n1er octobre 2024 au 30 septembre 2025.\nARTICLE  2 :  Le  versement  sera  imput\u00e9  sur  le  compte  465-1100000  - COL  0303000  (non\ninterfac\u00e9) - ann\u00e9e 2025.\n1/2\nPr\u00e9fecture du VAR - 83-2025-11-21-00002 - ARRETE PREFECTORAL N\u00b0 DCL/BFL/2025-239 du 21 novembre 2025 portant compensation\nau profit du conseil d\u00e9partemental du Var au titre de l'augmentation des tranches des bar\u00e8mes des taxes additionnelles aux droits\nd'enregistrement applicables lors des cessions de fonds de commerce - Ann\u00e9e 2025\n8\nARTICLE 3 : Le secr\u00e9taire g\u00e9n\u00e9ral de la pr\u00e9fecture du Var et le directeur d\u00e9partemental des\nfinances publiques sont charg\u00e9s, chacun en ce qui le concerne, de l'ex\u00e9cution du pr\u00e9sent\narr\u00eat\u00e9 qui sera publi\u00e9 au recueil des actes administratifs de la pr\u00e9fecture du Var.\nDans un d\u00e9lai de deux mois \u00e0 compter de la date de notification de la pr\u00e9sente d\u00e9cision, les recours suivants peuvent \u00eatre\nintroduits conform\u00e9ment aux dispositions des articles R. 421-1 et suivants du code de justice administrative :\n- un recours gracieux, adress\u00e9 \u00e0 : M. le Pr\u00e9fet du Var \u2013 Bd du 112\u00e8me r\u00e9giment d'infanterie- CS 31209 - 83070 TOULON CEDEX\nDans ce cas, le silence de l'administration vaut rejet implicite au terme d'un d\u00e9lai de deux mois.\nApr\u00e8s un recours gracieux, le d\u00e9lai du recours contentieux ne court qu'\u00e0 compter du rejet explicite ou implicite de ce recours.\n- un recours contentieux, en saisissant le Tribunal Administratif de Toulon : 5 rue Racine -BP 40510 - 83 041 TOULON CEDEX 9\nLe tribunal administratif peut \u00eatre saisi par l'application informatique : T\u00e9l\u00e9recours citoyens ; accessible par le site internet :\nwww.telerecours.fr.\n2/2\nPour le pr\u00e9fet et par d\u00e9l\u00e9gation,\nle secr\u00e9taire g\u00e9n\u00e9ral\nSign\u00e9\nLucien GIUDICELLI\nPr\u00e9fecture du VAR - 83-2025-11-21-00002 - ARRETE PREFECTORAL N\u00b0 DCL/BFL/2025-239 du 21 novembre 2025 portant compensation\nau profit du conseil d\u00e9partemental du Var au titre de l'augmentation des tranches des bar\u00e8mes des taxes additionnelles aux droits\nd'enregistrement applicables lors des cessions de fonds de commerce - Ann\u00e9e 2025\n9\nPr\u00e9fecture du VAR\n83-2025-11-21-00003\nARRETE PREFECTORAL N\u00b0 DCL/BFL/2025-240 du\n21 novembre 2025 portant compensation au\nprofit du fonds de p\u00e9r\u00e9quation d\u00e9partemental\ndes taxes additionnelles aux droits\nd'enregistrement applicables lors des cessions de\nfonds de commerce - Ann\u00e9e 2025\nPr\u00e9fecture du VAR - 83-2025-11-21-00003 - ARRETE PREFECTORAL N\u00b0 DCL/BFL/2025-240 du 21 novembre 2025 portant compensation\nau profit du fonds de p\u00e9r\u00e9quation d\u00e9partemental\ndes taxes additionnelles aux droits d'enregistrement applicables lors des cessions de fonds de commerce - Ann\u00e9e 2025\n10\nDirection de la citoyennet\u00e9 et de la l\u00e9galit\u00e9 \nBureau des finances locales\nARRETE PREFECTORAL N\u00b0 DCL/BFL/2025-240 du 21 novembre 2025\nportant compensation au profit du fonds de p\u00e9r\u00e9quation d\u00e9partemental\n des taxes additionnelles aux droits d'enregistrement applicables \nlors des cessions de fonds de commerce - Ann\u00e9e 2025\nLe pr\u00e9fet du Var,\nVu la loi n\u00b0 93-859 du 22 juin 1993 de finances rectificative pour 1993, notamment son\narticle 4 modifi\u00e9 par ordonnance n\u00b0 2018-75 du 8 f\u00e9vrier 2018 - article 7 ;\nVu l e  d\u00e9cret  du  Pr\u00e9sident  de  la  R\u00e9publique  du  15  mai  2025  portant  nomination  de\nM. Simon BABRE en qualit\u00e9 de pr\u00e9fet du Var ;\nVu l'arr\u00eat\u00e9 pr\u00e9fectoral  n\u00b02025/12/MCI  du 2  juin  2025  portant d\u00e9l\u00e9gation  de  signature \u00e0\nM. Lucien GIUDICELLI, secr\u00e9taire g\u00e9n\u00e9ral de la pr\u00e9fecture du Var ;\nVu l'\u00e9tat de r\u00e9partition des compensations \u00e0 allouer aux collectivit\u00e9s, communiqu\u00e9 par la\ndirection d\u00e9partementale des finances publiques du Var le 12 novembre 2025 ;\nSur proposition du secr\u00e9taire g\u00e9n\u00e9ral de la pr\u00e9fecture du Var,\nARRETE :\nARTICLE 1er\n : Une dotation au titre de la compensation des pertes de recettes inh\u00e9rentes aux\ntaxes additionnelles aux droits de mutation sur les fonds de commerce est vers\u00e9e au profit du\nfonds de p\u00e9r\u00e9quation d\u00e9partemental des taxes additionnelles aux droits d'enregistrement,\npour la p\u00e9riode du 1eroctobre 2024 au 30 septembre 2025.\nARTICLE 2 : Le montant total de ce versement s'\u00e9l\u00e8ve \u00e0 9 993 \u20ac (neuf mille neuf cent quatre-\nvingt-treize euros) sera pr\u00e9lev\u00e9 sur le compte 465-1100000 - COL 0303000 (non interfac\u00e9) -\nann\u00e9e 2025.\n1/2\nPr\u00e9fecture du VAR - 83-2025-11-21-00003 - ARRETE PREFECTORAL N\u00b0 DCL/BFL/2025-240 du 21 novembre 2025 portant compensation\nau profit du fonds de p\u00e9r\u00e9quation d\u00e9partemental\ndes taxes additionnelles aux droits d'enregistrement applicables lors des cessions de fonds de commerce - Ann\u00e9e 2025\n11\nARTICLE 3 : Le secr\u00e9taire g\u00e9n\u00e9ral de la pr\u00e9fecture du Var et le directeur d\u00e9partemental des\nfinances publiques sont charg\u00e9s, chacun en ce qui le concerne, de l'ex\u00e9cution du pr\u00e9sent\narr\u00eat\u00e9 qui sera publi\u00e9 au recueil des actes administratifs de la pr\u00e9fecture du Var.\nDans un d\u00e9lai de deux mois \u00e0 compter de la date de notification de la pr\u00e9sente d\u00e9cision, les recours suivants peuvent \u00eatre\nintroduits conform\u00e9ment aux dispositions des articles R. 421-1 et suivants du code de justice administrative :\n- un recours gracieux, adress\u00e9 \u00e0 : M. le Pr\u00e9fet du Var \u2013 Bd du 112\u00e8me r\u00e9giment d'infanterie- CS 31209 - 83070 TOULON CEDEX\nDans ce cas, le silence de l'administration vaut rejet implicite au terme d'un d\u00e9lai de deux mois.\nApr\u00e8s un recours gracieux, le d\u00e9lai du recours contentieux ne court qu'\u00e0 compter du rejet explicite ou implicite de ce recours.\n- un recours contentieux, en saisissant le Tribunal Administratif de Toulon : 5 rue Racine -BP 40510 - 83 041 TOULON CEDEX 9\nLe tribunal administratif peut \u00eatre saisi par l'application informatique : T\u00e9l\u00e9recours citoyens ; accessible par le site internet :\nwww.telerecours.fr.\n2/2\nPour le pr\u00e9fet et par d\u00e9l\u00e9gation,\nle secr\u00e9taire g\u00e9n\u00e9ral\nSign\u00e9\nLucien GIUDICELLI\nPr\u00e9fecture du VAR - 83-2025-11-21-00003 - ARRETE PREFECTORAL N\u00b0 DCL/BFL/2025-240 du 21 novembre 2025 portant compensation\nau profit du fonds de p\u00e9r\u00e9quation d\u00e9partemental\ndes taxes additionnelles aux droits d'enregistrement applicables lors des cessions de fonds de commerce - Ann\u00e9e 2025\n12\nPr\u00e9fecture du VAR\n83-2025-11-21-00004\nARRETE PREFECTORAL N\u00b0 DCL/BFL/2025-241 et\nson annexe, du 21 novembre 2025 portant\ncompensation au profit de communes\nb\u00e9n\u00e9ficiaires au titre de l'augmentation\ndes tranches des bar\u00e8mes des taxes\nadditionnelles aux droits d'enregistrement\napplicables lors des cessions de fonds de\ncommerce - Ann\u00e9e 2025\nPr\u00e9fecture du VAR - 83-2025-11-21-00004 - ARRETE PREFECTORAL N\u00b0 DCL/BFL/2025-241 et son annexe, du 21 novembre 2025 portant\ncompensation au profit de communes b\u00e9n\u00e9ficiaires au titre de l'augmentation\ndes tranches des bar\u00e8mes des taxes additionnelles aux droits d'enregistrement\napplicables lors des cessions de fonds de commerce - Ann\u00e9e 2025\n13\nDirection de la citoyennet\u00e9 et de la l\u00e9galit\u00e9\nBureau des finances locales\nARRETE PREFECTORAL N\u00b0 DCL/BFL/2025-241 et son annexe, du 21 novembre 2025\nportant compensation au profit de communes b\u00e9n\u00e9ficiaires au titre de l'augmentation \ndes tranches des bar\u00e8mes des taxes additionnelles aux droits d'enregistrement \napplicables lors des cessions de fonds de commerce - Ann\u00e9e 2025\nLe pr\u00e9fet du Var,\nVu la loi n\u00b0 93-859 du 22 juin 1993 de finances rectificative pour 1993, notamment son\narticle 4 modifi\u00e9 par ordonnance n\u00b0 2018-75 du 8 f\u00e9vrier 2018 - article 7 ;\nVu l e  d\u00e9cret  du  Pr\u00e9sident  de  la  R\u00e9publique  du  15  mai  2025  portant  nomination  de\nM. Simon BABRE en qualit\u00e9 de pr\u00e9fet du Var ;\nVu l'arr\u00eat\u00e9 pr\u00e9fectoral  n\u00b02025/12/MCI  du 2  juin  2025  portant d\u00e9l\u00e9gation  de  signature \u00e0\nM. Lucien GIUDICELLI, secr\u00e9taire g\u00e9n\u00e9ral de la pr\u00e9fecture du Var ;\nVu l'\u00e9tat de r\u00e9partition des compensations \u00e0 allouer aux collectivit\u00e9s, communiqu\u00e9 par la\ndirection d\u00e9partementale des finances publiques du Var le 12 novembre 2025 ;\nSur proposition du secr\u00e9taire g\u00e9n\u00e9ral de la pr\u00e9fecture du Var,\nARRETE \n:\nARTICLE 1  er    : Les communes b\u00e9n\u00e9ficient d'une attribution d'un montant total de 97 642 \u20ac\n(quatre-vingt-dix-sept mille six cent quarante-deux euros) r\u00e9parti selon la liste figurant en\nannexe au pr\u00e9sent arr\u00eat\u00e9, afin de compenser la diminution des taux des droits de mutation\nsur les fonds de commerce pour la p\u00e9riode du 1er octobre 2024 au 30 septembre 2025.\nARTICLE  2     :    Le  versement  sera  imput\u00e9  sur  le  compte  465-1100000  - COL  0303000  (non\ninterfac\u00e9) \u2013 ann\u00e9e 2025.\n1/2\nPr\u00e9fecture du VAR - 83-2025-11-21-00004 - ARRETE PREFECTORAL N\u00b0 DCL/BFL/2025-241 et son annexe, du 21 novembre 2025 portant\ncompensation au profit de communes b\u00e9n\u00e9ficiaires au titre de l'augmentation\ndes tranches des bar\u00e8mes des taxes additionnelles aux droits d'enregistrement\napplicables lors des cessions de fonds de commerce - Ann\u00e9e 2025\n14\nARTICLE 3 : Le secr\u00e9taire g\u00e9n\u00e9ral de la pr\u00e9fecture du Var et le directeur d\u00e9partemental des\nfinances publiques sont charg\u00e9s, chacun en ce qui le concerne, de l'ex\u00e9cution du pr\u00e9sent\narr\u00eat\u00e9 qui sera publi\u00e9 au recueil des actes administratifs de la pr\u00e9fecture du Var.\nDans un d\u00e9lai de deux mois \u00e0 compter de la date de notification de la pr\u00e9sente d\u00e9cision, les recours suivants peuvent \u00eatre\nintroduits conform\u00e9ment aux dispositions des articles R. 421-1 et suivants du code de justice administrative :\n- un recours gracieux, adress\u00e9 \u00e0 : M. le Pr\u00e9fet du Var \u2013 Bd du 112\u00e8me r\u00e9giment d'infanterie- CS 31209 - 83070 TOULON CEDEX\nDans ce cas, le silence de l'administration vaut rejet implicite au terme d'un d\u00e9lai de deux mois.\nApr\u00e8s un recours gracieux, le d\u00e9lai du recours contentieux ne court qu'\u00e0 compter du rejet explicite ou implicite de ce recours.\n- un recours contentieux, en saisissant le Tribunal Administratif de Toulon : 5 rue Racine -BP 40510 - 83 041 TOULON CEDEX 9\nLe tribunal administratif peut \u00eatre saisi par l'application informatique : T\u00e9l\u00e9recours citoyens ; accessible par le site internet :\nwww.telerecours.fr.\n2/2\nPour le pr\u00e9fet et par d\u00e9l\u00e9gation,\nle secr\u00e9taire g\u00e9n\u00e9ral\nSign\u00e9\nLucien GIUDICELLI\nPr\u00e9fecture du VAR - 83-2025-11-21-00004 - ARRETE PREFECTORAL N\u00b0 DCL/BFL/2025-241 et son annexe, du 21 novembre 2025 portant\ncompensation au profit de communes b\u00e9n\u00e9ficiaires au titre de l'augmentation\ndes tranches des bar\u00e8mes des taxes additionnelles aux droits d'enregistrement\napplicables lors des cessions de fonds de commerce - Ann\u00e9e 2025\n15\nAnnexe \u00e0 l'arr\u00eat\u00e9 pr\u00e9fectoral N\u00b0 DCL/BFL/2025-241\nINSEE Communes b\u00e9n\u00e9ficiaires Montant en euros\n83004 A rcs (Les)\n83009 Bandol\n83016 Beausset (Le)\n83019 Borm es-Les-M im osas\n83023 Brignoles\n83027 C adi\u00e8re d'A zur (La) 510\n83034 C arqueiranne\n83035 C astellet (Le) 241\n83036 C avalaire-sur-M er\n83042 C ogolin\n83047 C rau (La)\n83048 C roix-V alm er (La) 742\n83049 C uers 421\n83050 D raguignan\n83054 Farl\u00e8de (La) 750\n83055 Fayence 485\n83061 Fr\u00e9jus\n83062 G arde (La)\n83064 G ar\u00e9oult 166\n83065 G assin 596\n83068 G rim aud\n83069 H y\u00e8res\n83070 Lavandou (Le)\n83071 Londe-Les-M aures (La)\n83072 Lorgues\n83073 Luc (Le) 865\n83081 M ontauroux 421\n83086 M uy (Le)\n83087 N ans-les-Pins 173\n83090 O llioules\n83091 Pierrefeu-du-V ar 718\n83097 Pourri\u00e8res 371\n83098 Pradet (Le)\n83099 Puget-sur-A rgens 506\n83101 Ram atuelle 371\n83106 Rocbaron 100\n83107 Roquebrune-sur-A rgens\n83112 Saint-C yr-sur-M er\n83115 Sainte-M axim e\n83116 Saint-M axim in-la-Sainte-Baum e\n83118 Saint-Rapha\u00ebl\n83119 Saint-Tropez\n83120 Saint-Zacharie 273\n83123 Sanary-sur-M er\n83126 Seyne-sur-M er (La)\n83129 Six-Fours-Les-Plages\n83130 Solli\u00e8s-Pont 981\n83131 Solli\u00e8s-Toucas 173\n83137 Toulon\n83140 Tourves 259\n83141 Trans-en-Provence 824\n83144 V alette du V ar (La)\n83148 V idauban 248\n83153 Saint-M andrier-sur M er 200\nTOTAL A VERSER\n1 005\n3 070\n1 024\n2 129\n2 146\n1 200\n2 157\n2 340\n1 679\n3 562\n5 971\n2 804\n1 873\n5 943\n2 455\n1 592\n1 022\n1 153\n2 432\n1 237\n1 938\n1 253\n3 054\n1 523\n4 551\n1 668\n4 674\n4 908\n3 899\n11 539\n1 447\n97 642 \u20ac\nPr\u00e9fecture du VAR - 83-2025-11-21-00004 - ARRETE PREFECTORAL N\u00b0 DCL/BFL/2025-241 et son annexe, du 21 novembre 2025 portant\ncompensation au profit de communes b\u00e9n\u00e9ficiaires au titre de l'augmentation\ndes tranches des bar\u00e8mes des taxes additionnelles aux droits d'enregistrement\napplicables lors des cessions de fonds de commerce - Ann\u00e9e 2025\n16\nPr\u00e9fecture du VAR\n83-2025-11-21-00005\nARR\u00caT\u00c9 PR\u00c9FECTORAL N\u00b0 DCL/BFL/2025-242 du\n21 novembre 2025 relatif au second versement\ndu Fonds de compensation de la fiscalit\u00e9\ntransf\u00e9r\u00e9e (FCFT)\nExercice 2025\nPr\u00e9fecture du VAR - 83-2025-11-21-00005 - ARR\u00caT\u00c9 PR\u00c9FECTORAL N\u00b0 DCL/BFL/2025-242 du 21 novembre 2025 relatif au second\nversement du Fonds de compensation de la fiscalit\u00e9 transf\u00e9r\u00e9e (FCFT)\nExercice 2025\n17\nDirection de la citoyennet\u00e9 et de la l\u00e9galit\u00e9\nBureau des finances locales\nARR\u00caT\u00c9 PR\u00c9FECTORAL N\u00b0 DCL/BFL/2025-242 du 21 novembre 2025\nrelatif au second versement du Fonds de compensation de la fiscalit\u00e9 transf\u00e9r\u00e9e (FCFT)\nExercice 2025\nLe pr\u00e9fet du Var,\nVu le code g\u00e9n\u00e9ral des collectivit\u00e9s territoriales et notamment l'article L. 1614-4 ;\nVu l a loi de finances initiale pour 1997 et notamment l'article 31 ;\nVu l a loi de finances pour 2012  et notamment l'article 30 ;\nVu l e d\u00e9cret du Pr\u00e9sident de la R\u00e9publique du 15 mai 2025 portant nomination de M. Simon\nBABRE en qualit\u00e9 de pr\u00e9fet du Var ;\nVu l'arr\u00eat\u00e9  pr\u00e9fectoral  n\u00b02025/12/MCI  du  2  juin  2025 portant  d\u00e9l\u00e9gation  de  signature  \u00e0\nM. Lucien GIUDICELLI, secr\u00e9taire g\u00e9n\u00e9ral de la pr\u00e9fecture du Var ;\nVu la note d'information de la direction g\u00e9n\u00e9rale des collectivit\u00e9s locales du 18 mars 2025\nrelative \u00e0 la Dotation g\u00e9n\u00e9rale de d\u00e9centralisation (DGD) des d\u00e9partements et fonds de\ncompensation de la fiscalit\u00e9 transf\u00e9r\u00e9e (FCFT) pour 2025 ;\nVu l'arr\u00eat\u00e9 pr\u00e9fectoral du 24 avril 2025 relatif au versement de la somme de 1 749 253 \u20ac (un\nmillion sept cent quarante-neuf mille deux cent cinquante-trois euros) au titre de la\ndotation g\u00e9n\u00e9rale de d\u00e9centralisation en faveur des d\u00e9partements pour 2025 ;\nConsid\u00e9rant que le montant du Fonds de compensation de la fiscalit\u00e9 transf\u00e9r\u00e9e est fix\u00e9 \u00e0\n1 008 874 \u20ac (un million huit mille huit cent soixante-quatorze euros) pour 2025 ;\nConsid\u00e9rant qu'un premier versement de  504  437 \u20ac (cinq cent quatre mille quatre cent\ntrente-sept euros)  correspondant \u00e0 50 % de la somme allou\u00e9e, a \u00e9t\u00e9 effectu\u00e9 par arr\u00eat\u00e9\npr\u00e9fectoral n\u00b0 DCL/BFL/2025-179 en date du 22 ao\u00fbt 2025 ;\nSur proposition du secr\u00e9taire g\u00e9n\u00e9ral de la pr\u00e9fecture du Var,\nARR\u00caTE\n :\nARTICLE 1     : Sur la somme de 1 008 874 \u20ac (un million huit mille huit cent soixante-quatorze\neuros)  attribu\u00e9e  au  conseil  d\u00e9partemental  du  Var au  titre  de  la  dotation  g\u00e9n\u00e9rale  de\nd\u00e9centralisation, sur les cr\u00e9dits du Fonds de compensation de la fiscalit\u00e9 transf\u00e9r\u00e9e pour\nl'ann\u00e9e 2025, il est proc\u00e9d\u00e9 au  versement du solde, d'un montant de  504 437 \u20ac (cinq cent\nquatre mille quatre cent trente-sept euros).\n1/2\nPr\u00e9fecture du VAR - 83-2025-11-21-00005 - ARR\u00caT\u00c9 PR\u00c9FECTORAL N\u00b0 DCL/BFL/2025-242 du 21 novembre 2025 relatif au second\nversement du Fonds de compensation de la fiscalit\u00e9 transf\u00e9r\u00e9e (FCFT)\nExercice 2025\n18\nARTICLE  2     : Ce  montant  sera  imput\u00e9  sur  le  compte  PCE  n\u00b0  4651100000  code  CDR :\nCOL 3101000 (non interfac\u00e9e) - exercice 2025.\nARTICLE 3  \n   : Le secr\u00e9taire g\u00e9n\u00e9ral de la pr\u00e9fecture du Var et le directeur d\u00e9partemental des\nfinances publiques du Var sont charg\u00e9s, chacun en ce qui le concerne, de l'ex\u00e9cution du\npr\u00e9sent arr\u00eat\u00e9 qui sera publi\u00e9 au recueil des actes administratifs du Var.\nDans un d\u00e9lai de deux mois \u00e0 compter de la date de notification de la pr\u00e9sente d\u00e9cision, les recours suivants peuvent \u00eatre\nintroduits conform\u00e9ment aux dispositions des articles R. 421-1 et suivants du code de justice administrative :\n- un recours gracieux, adress\u00e9 \u00e0 : M. le Pr\u00e9fet du Var \u2013 Bd du 112\u00e8me r\u00e9giment d'infanterie- CS 31209 - 83070 TOULON CEDEX\nDans ce cas, le silence de l'administration vaut rejet implicite au terme d'un d\u00e9lai de deux mois.\nApr\u00e8s un recours gracieux, le d\u00e9lai du recours contentieux ne court qu'\u00e0 compter du rejet explicite ou implicite de ce recours.\n- un recours contentieux, en saisissant le Tribunal Administratif de Toulon : 5 rue Racine -BP 40510 - 83 041 TOULON CEDEX 9\nLe tribunal administratif peut \u00eatre saisi par l'application informatique : T\u00e9l\u00e9recours citoyens ; accessible par le site internet :\nwww.telerecours.fr.\n2/2\nPour le pr\u00e9fet et par d\u00e9l\u00e9gation,\nle secr\u00e9taire g\u00e9n\u00e9ral\nSign\u00e9\nLucien GIUDICELLI\nPr\u00e9fecture du VAR - 83-2025-11-21-00005 - ARR\u00caT\u00c9 PR\u00c9FECTORAL N\u00b0 DCL/BFL/2025-242 du 21 novembre 2025 relatif au second\nversement du Fonds de compensation de la fiscalit\u00e9 transf\u00e9r\u00e9e (FCFT)\nExercice 2025\n19\nPr\u00e9fecture du VAR\n83-2025-11-21-00006\nARR\u00caT\u00c9 PR\u00c9FECTORAL N\u00b0 DCL/BFL/2025-256 et\nson annexe, du 21 novembre 2025 relatif au\nremboursement par l'\u00c9tat des indemnit\u00e9s\nde responsabilit\u00e9 dues aux r\u00e9gisseurs de police\nmunicipale au titre de 2025\nPr\u00e9fecture du VAR - 83-2025-11-21-00006 - ARR\u00caT\u00c9 PR\u00c9FECTORAL N\u00b0 DCL/BFL/2025-256 et son annexe, du 21 novembre 2025 relatif au\nremboursement par l'\u00c9tat des indemnit\u00e9s\nde responsabilit\u00e9 dues aux r\u00e9gisseurs de police municipale au titre de 2025\n20\nDirection de la citoyennet\u00e9 et de la l\u00e9galit\u00e9\nBureau des finances locales\nARR\u00caT\u00c9 PR\u00c9FECTORAL N\u00b0 DCL/BFL/2025-256 et son annexe, du 21 novembre 2025\nrelatif au remboursement par l'\u00c9tat des indemnit\u00e9s\nde responsabilit\u00e9 dues aux r\u00e9gisseurs de police municipale\nau titre de 2025\n- Centre financier  : 0119-C001-DP83\n- Centre de co\u00fbt  : PRFSPCL083\n- Domaine fonctionnel  : 0119-01-03\n- Activit\u00e9  : 0119010101A3\nLe pr\u00e9fet du Var,\nVu le code g\u00e9n\u00e9ral des collectivit\u00e9s territoriales, notamment son article L. 2212-5-1 ; \nVu l'arr\u00eat\u00e9  minist\u00e9riel  du  28  mai  1993  modifi\u00e9  relatif aux  taux  de  l'indemnit\u00e9  de  \nresponsabilit\u00e9 susceptible d'\u00eatre allou\u00e9e aux r\u00e9gisseurs d'avances et aux r\u00e9gisseurs de \nrecettes relevant des organismes publics et au montant du cautionnement impos\u00e9 \u00e0 ces\nagents ;\nVu le  d\u00e9cret  du  Pr\u00e9sident  de  la  R\u00e9publique  du  15  mai  2025  portant  nomination  de\nM. Simon BABRE en qualit\u00e9 de pr\u00e9fet du Var ;\nVu l'arr\u00eat\u00e9 pr\u00e9fectoral n\u00b02025/12/MCI du 2 juin 2025  portant d\u00e9l\u00e9gation de signature \u00e0\nM. Lucien GIUDICELLI, secr\u00e9taire g\u00e9n\u00e9ral de la pr\u00e9fecture du Var ;\nVu la note d'information N\u00b02025D/211 du 25 juin relative au recensement des r\u00e9gies pour le\nremboursement de l'indemnit\u00e9 de maniement de fonds due aux r\u00e9gisseurs d'\u00c9tat au sein des\npolices municipales au titre de l'exercice 2024 ;\nVu la d\u00e9l\u00e9gation de cr\u00e9dit d'engagement et de paiement\n n\u00b0 2000065016 du 5 novembre 2025\nd'un montant de 1 486,20 euros (mille quatre cent quatre-vingt-six euros et vingt centimes) ;\nSUR  PROPOSITION  du secr\u00e9taire g\u00e9n\u00e9ral de la pr\u00e9fecture ;\nPr\u00e9fecture du VAR - 83-2025-11-21-00006 - ARR\u00caT\u00c9 PR\u00c9FECTORAL N\u00b0 DCL/BFL/2025-256 et son annexe, du 21 novembre 2025 relatif au\nremboursement par l'\u00c9tat des indemnit\u00e9s\nde responsabilit\u00e9 dues aux r\u00e9gisseurs de police municipale au titre de 2025\n21\nARR\u00caTE  :\nArticle 1  er   : Il est vers\u00e9 en 2025, au b\u00e9n\u00e9fice des collectivit\u00e9s dot\u00e9es d'une r\u00e9gie de recettes\nd'\u00c9tat aupr\u00e8s de leur police municipale, au titre de l'exercice 2024, la somme de 1 486,20 \u20ac\n(mille quatre cent quatre-vingt-six euros et vingt centimes) correspondant aux indemnit\u00e9s de\nresponsabilit\u00e9 qu'elles ont avanc\u00e9es.\nArticle 2\n : Cette somme doit \u00eatre r\u00e9partie entre lesdites collectivit\u00e9s, conform\u00e9ment \u00e0 l'\u00e9tat\nci-annex\u00e9.\nArticle 3\n : Le secr\u00e9taire g\u00e9n\u00e9ral de la pr\u00e9fecture du Var et la directrice r\u00e9gionale des finances\npubliques de la r\u00e9gion Provence-Alpes-C\u00f4te-d'Azur, directrice d\u00e9partementale des finances\npubliques des Bouches-du-Rh\u00f4ne, sont charg\u00e9s, chacun en ce qui le concerne, de l'ex\u00e9cution\ndu pr\u00e9sent arr\u00eat\u00e9 qui sera publi\u00e9 au recueil des actes administratifs de la pr\u00e9fecture du Var.\nDans un d\u00e9lai de deux mois \u00e0 compter de la date de notification de la pr\u00e9sente d\u00e9cision, les recours suivants peuvent \u00eatre\nintroduits conform\u00e9ment aux dispositions des articles R. 421-1 et suivants du code de justice administrative :\n- un recours gracieux, adress\u00e9 \u00e0 : M. le Pr\u00e9fet du Var \u2013 Bd du 112\u00e8me r\u00e9giment d'infanterie- CS 31209 - 83070 TOULON CEDEX\nDans ce cas, le silence de l'administration vaut rejet implicite au terme d'un d\u00e9lai de deux mois.\nApr\u00e8s un recours gracieux, le d\u00e9lai du recours contentieux ne court qu'\u00e0 compter du rejet explicite ou implicite de ce recours.\n- un recours contentieux, en saisissant le Tribunal Administratif de Toulon : 5 rue Racine -BP 40510 - 83 041 TOULON CEDEX 9\nLe tribunal administratif peut \u00eatre saisi par l'application informatique : T\u00e9l\u00e9recours citoyens ; accessible par le site internet :\nwww.telerecours.fr.\nPour le pr\u00e9fet et par d\u00e9l\u00e9gation,\nle secr\u00e9taire g\u00e9n\u00e9ral\nSign\u00e9\nLucien GIUDICELLI\nPr\u00e9fecture du VAR - 83-2025-11-21-00006 - ARR\u00caT\u00c9 PR\u00c9FECTORAL N\u00b0 DCL/BFL/2025-256 et son annexe, du 21 novembre 2025 relatif au\nremboursement par l'\u00c9tat des indemnit\u00e9s\nde responsabilit\u00e9 dues aux r\u00e9gisseurs de police municipale au titre de 2025\n22\nPr\u00e9fecture du Var\nDCL / BFL 21/11/2025\nANNEXE \u00e0 l'arr\u00eat\u00e9 n\u00b0 DCL-BFL-2025-256\nMONTANT N\u00b0EJ \nBAGNOLS-EN-FOR\u00caT 110,00 \u20ac 2104877567\nCANNET-DES-MAURES (LE) 110,00 \u20ac 2104878054\nCOGOLIN 110,00 \u20ac 2104878058\n110,00 \u20ac 2104878065\nCRAU (LA) 95,87 \u20ac 2104878070\nFREJUS 110,00 \u20ac 2104878074\nGARDE (LA) 110,00 \u20ac 2104878163\nGONFARON 110,00 \u20ac 2104878167\nMOLE (LA) 70,33 \u20ac 2104878171\nPIGNANS 110,00 \u20ac 2104878173\nSAINT-ZACHARIE 110,00 \u20ac 2104878175\nSAINTE-MAXIME 110,00 \u20ac 2104878180\nTOULON 110,00 \u20ac 2104878183\nTOURVES 110,00 \u20ac 2104878188\nTOTAL        1 486,20 \u20ac \nRemboursement par l'\u00c9tat des indemnit\u00e9s de responsabilit\u00e9 dues aux r\u00e9gisseurs de police \nmunicipale au titre de 2025\nCollectivit\u00e9 \n(communes ou EPCI)\nDrac\u00e9nie Provence Verdon Agglom\u00e9ration \u2013 DPVA (Ampus, \nCh\u00e2teaudouble, Claviers, Montferrat)\nPr\u00e9fecture du VAR - 83-2025-11-21-00006 - ARR\u00caT\u00c9 PR\u00c9FECTORAL N\u00b0 DCL/BFL/2025-256 et son annexe, du 21 novembre 2025 relatif au\nremboursement par l'\u00c9tat des indemnit\u00e9s\nde responsabilit\u00e9 dues aux r\u00e9gisseurs de police municipale au titre de 2025\n23\nPr\u00e9fecture du VAR\n83-2025-11-24-00002\nArr\u00eat\u00e9 pr\u00e9fectoral modificatif de l'arr\u00eat\u00e9\npr\u00e9fectoral du 6 novembre 2025\nPr\u00e9fecture du VAR - 83-2025-11-24-00002 - Arr\u00eat\u00e9 pr\u00e9fectoral modificatif de l'arr\u00eat\u00e9 pr\u00e9fectoral du 6 novembre 2025 24\n=mPREFETDU VARLibert\u00e9Egalit\u00e9Fraternit\u00e9\nDirection de la coordination\ndes politiques publiques et \nde l'appui territorial\nBureau de l'environnement et du d\u00e9veloppement durable\nARR\u00caT\u00c9 PR\u00c9FECTORAL modificatif de l'arr\u00eat\u00e9 pr\u00e9fectoral du 6 novembre 2025\nportant l'ouverture d'enqu\u00eates parcellaires compl\u00e9mentaires simplifi\u00e9es \npr\u00e9alables \u00e0 la cessibilit\u00e9, en tout ou partie, d'immeubles ou de droits r\u00e9els immobiliers \nn\u00e9cessaires \u00e0 la r\u00e9alisation  des travaux de la phase 1 de la ligne nouvelle Provence C\u00f4te d'Azur \n(LNPCA), sur les territoires des communes de La Garde et Saint-Cyr-sur-Mer,\nau b\u00e9n\u00e9fice du ma\u00eetre d'ouvrage SNCF R\u00e9seau.\nLe pr\u00e9fet du Var,\nVu le code de l'expropriation pour cause d'utilit\u00e9 publique notamment les articles L1, L131-1,  \nR131-1 et suivants et R131-12 et suivants ;\nVu la d\u00e9cision minist\u00e9rielle du 7 juin 2021 portant sur les phases 1 et 2 de la ligne nouvelle  \nProvence C\u00f4te d'Azur ;\nVu  le  d\u00e9cret  du  Pr\u00e9sident  de  la  R\u00e9publique  du  15  mai  2025  portant  nomination  de \nM.  Simon BABRE pr\u00e9fet du Var ;\nVu le d\u00e9cret du Pr\u00e9sident de la R\u00e9publique du 15 avril 2022 nommant M. Lucien GIUDICELLI,  \nsecr\u00e9taire g\u00e9n\u00e9ral de la pr\u00e9fecture du Var, sous-pr\u00e9fet de l'arrondissement de Toulon ; \nVu  l'arr\u00eat\u00e9  pr\u00e9fectoral  n\u00b02025/12/MCI  du  2  juin  2025  portant  d\u00e9l\u00e9gation  de  signature  \u00e0 \nM.  Lucien  GIUDICELLI,  secr\u00e9taire  g\u00e9n\u00e9ral  de  la  pr\u00e9fecture  du  Var,  sous-pr\u00e9fet  de  \nl'arrondissement de Toulon ;\nVu l'arr\u00eat\u00e9 inter-pr\u00e9fectoral et ses annexes du 13 octobre 2022 d\u00e9clarant d'utilit\u00e9 publique le  \nprojet concernant la r\u00e9alisation des phases 1 et 2 de La Ligne Nouvelle Provence C\u00f4te d'Azur  \npar SNCF R\u00e9seau et SNCF Gares & Connexions  et emportant mise en compatibilit\u00e9 des plans  \nlocaux  d'urbanisme  des  communes  de  Marseille,  Saint-Cyr-sur-Mer,  La  Garde,  La  Crau, \nCarnoules et Cannes ;\nVu  l'arr\u00eat\u00e9  pr\u00e9fectoral  du  11  f\u00e9vrier  2025  portant  l'ouverture  d'enqu\u00eates  parcellaires \npr\u00e9alables  \u00e0  la  cessibilit\u00e9,  en  tout  ou  partie,  d'immeubles  ou  de  droits  r\u00e9els  immobiliers \nn\u00e9cessaires \u00e0 la r\u00e9alisation des travaux de la phase 1 de la ligne nouvelle Provence C\u00f4te d'Azur \n(LNPCA),  sur  les  territoires  des  communes  de  La  Crau,  La  Garde  et  Saint-Cyr-sur-Mer,  au \nb\u00e9n\u00e9fice des ma\u00eetres d'ouvrages SNCF R\u00e9seau et SNCF Gares & Connexions ;\n1/3\nPr\u00e9fecture du VAR - 83-2025-11-24-00002 - Arr\u00eat\u00e9 pr\u00e9fectoral modificatif de l'arr\u00eat\u00e9 pr\u00e9fectoral du 6 novembre 2025 25\nVu  l'arr\u00eat\u00e9  pr\u00e9fectoral  du  6  novembre  2025  portant  l'ouverture  d'enqu\u00eates  parcellaires \ncompl\u00e9mentaires simplifi\u00e9es pr\u00e9alables \u00e0 la cessibilit\u00e9, en tout ou partie, d'immeubles ou de  \ndroits r\u00e9els immobiliers n\u00e9cessaires \u00e0 la r\u00e9alisation   des travaux de la phase 1 de la ligne  \nnouvelle Provence C\u00f4te d'Azur (LNPCA), sur les territoires des communes de La Garde et  \nSaint-Cyr-sur-Mer, au b\u00e9n\u00e9fice du ma\u00eetre d'ouvrage SNCF R\u00e9seau ;\nVu la d\u00e9cision du 8 juillet 2025 portant d\u00e9l\u00e9gation de pouvoirs au directeur de l'agence Ligne  \nNouvelle Provence C\u00f4te 'Azur (LNPCA) et Haute Performance Marseille Vintimille, DGGP-DP-\nE2-0040, pour le compte de SNCF R\u00e9seau ;\nVu la lettre du 6 novembre 2025 par laquelle le d\u00e9l\u00e9gataire de pouvoir pour SNCF R\u00e9seau  \nsollicite l'ouverture des enqu\u00eates parcellaires compl\u00e9mentaires simplifi\u00e9es ;\nVu les pi\u00e8ces constitutives des dossiers de La Garde et de Saint-Cyr-sur-Mer soumis \u00e0 enqu\u00eates \nparcellaires compl\u00e9mentaires simplifi\u00e9es comprenant la notice explicative, l'\u00e9tat et le plan  \nparcellaires,  constitu\u00e9s  en  application  des  dispositions  combin\u00e9es  des  articles  R131-3  et \nR131-12 du code de l'expropriation pour cause d'utilit\u00e9 publique ;\nVu la liste d\u00e9partementale d'aptitude aux fonctions de commissaire enqu\u00eateur pour l'ann\u00e9e  \n2025 ;\nConsid\u00e9rant l'erreur mat\u00e9rielle sur l'adresse de messagerie figurant \u00e0 l'article 5 de l'arr\u00eat\u00e9  \npr\u00e9fectoral du 6 novembre 2025  ;\nSur proposition du secr\u00e9taire g\u00e9n\u00e9ral de la pr\u00e9fecture ;\nARR\u00caTE :\nArticle 1 :  l'article 5 de l'arr\u00eat\u00e9 pr\u00e9fectoral du 6 novembre 2025 est ainsi modifi\u00e9 :\nl'adresse de messagerie ln-pca-sncf-reseau-epvar@administration.net est retir\u00e9e et remplac\u00e9e  \npar l'adresse suivante : ln-pca-sncf-reseau-epvar@administrations83.net\naux alin\u00e9as suivants de l'article 5 :\n- par  courriel,  du  1er jour  de  l'enqu\u00eate  0  heure  au  dernier  jour  24  heures, \u00e0  l'adresse  de \nmessagerie suivante : ln-pca-sncf-reseau-epvar@administrations83.net\n- par entretien t\u00e9l\u00e9phonique avec le commissaire enqu\u00eateur  : les personnes int\u00e9ress\u00e9es sont  \ninvit\u00e9es  \u00e0  \u00e9crire  un  courriel  \u00e0  l'adresse  num\u00e9rique  susmentionn\u00e9e  \nln-pca-sncf-reseau-epvar@administrations83.net  en pr\u00e9cisant le jour et l'heure demand\u00e9s de  \ncet entretien parmi les cr\u00e9neaux pr\u00e9-d\u00e9finis ci-apr\u00e8s.\nLes autres alin\u00e9as restent inchang\u00e9s.\n2/3\nPr\u00e9fecture du VAR - 83-2025-11-24-00002 - Arr\u00eat\u00e9 pr\u00e9fectoral modificatif de l'arr\u00eat\u00e9 pr\u00e9fectoral du 6 novembre 2025 26\nArticle 2 :  Notification individuelle du pr\u00e9sent arr\u00eat\u00e9 modificatif \nLa notification individuelle du pr\u00e9sent arr\u00eat\u00e9 modificatif  sera faite par le ma\u00eetre d'ouvrage  \nSNCF  R\u00e9seau,  sous  pli  recommand\u00e9  avec  demande  d'avis  de  r\u00e9ception, au  propri\u00e9taire \nfigurant sur la liste jointe au dossier d'enqu\u00eate, lorsque son domicile est connu d'apr\u00e8s les  \nrenseignements recueillis par l'expropriant ou \u00e0 son mandataire, g\u00e9rant, administrateur ou  \nsyndic. \nCes notifications seront justifi\u00e9es aupr\u00e8s du commissaire enqu\u00eateur.\nArticle 3     :   Les autres articles de l'arr\u00eat\u00e9 pr\u00e9fectoral du 6 novembre 2025 restent inchang\u00e9s.\nArticle 4     :   Publication au recueil des actes administratifs de la pr\u00e9fecture du Var\nCet  arr\u00eat\u00e9  pr\u00e9fectoral  modificatif  sera  ins\u00e9r\u00e9  au  recueil  des  actes  administratifs  de  la \npr\u00e9fecture du Var.\nArticle 5 :  Ex\u00e9cution du pr\u00e9sent arr\u00eat\u00e9\nLe pr\u00e9fet du Var, le d\u00e9l\u00e9gataire de pouvoirs de SNCF R\u00e9seau et le commissaire enqu\u00eateur sont \ncharg\u00e9s, chacun en ce qui le concerne, de l'ex\u00e9cution du pr\u00e9sent arr\u00eat\u00e9.\nFait \u00e0 Toulon, le 24 novembre 2025\nPour le pr\u00e9fet et par d\u00e9l\u00e9gation\nle secr\u00e9taire g\u00e9n\u00e9ral,\nSign\u00e9\nLucien GIUDICELLI      \n3/3\nPr\u00e9fecture du VAR - 83-2025-11-24-00002 - Arr\u00eat\u00e9 pr\u00e9fectoral modificatif de l'arr\u00eat\u00e9 pr\u00e9fectoral du 6 novembre 2025 27\nPr\u00e9fecture du VAR\n83-2025-11-25-00001\nAP renouv Agr\u00e9ment sign\u00e9\nPr\u00e9fecture du VAR - 83-2025-11-25-00001 - AP renouv Agr\u00e9ment sign\u00e9 28\n=mPREFETDU VARLibert\u00e9Egalit\u00e9Fraternit\u00e9\nDirection des s\u00e9curit\u00e9s\nService de l'\u00e9ducation et\n de la s\u00e9curit\u00e9 routi\u00e8res\nP\u00f4le \u00e9ducation routi\u00e8re\nARR\u00caT\u00c9 PR\u00c9FECTORAL n\u00b0 2025- 11-52\nportant renouvellement d'agr\u00e9ment d'un \u00e9tablissement d'enseignement \nde la conduite des v\u00e9hicules \u00e0 moteur et de la s\u00e9curit\u00e9 routi\u00e8re\nLe pr\u00e9fet du Var,\nChevalier de la L\u00e9gion d'honneur\nChevalier de l'Ordre National du M\u00e9rite\nVu le Code de la Route et notamment ses articles L 213-1 \u00e0 L 213-8 et R 213-1 \u00e0 R 213-6 ;\nVu l'arr\u00eat\u00e9 du 8 janvier 2001 relatif \u00e0 l'exploitation des \u00e9tablissements d'enseignement, \u00e0 titre  \non\u00e9reux, de la conduite des v\u00e9hicules \u00e0 moteur et de la s\u00e9curit\u00e9 routi\u00e8re ;\nVu l'arr\u00eat\u00e9 du 8 janvier 2001 cr\u00e9ant un registre national de l'enseignement de la conduite des  \nv\u00e9hicules \u00e0 moteur et de la s\u00e9curit\u00e9 routi\u00e8re ;\nVu l'arr\u00eat\u00e9 pr\u00e9fectoral n\u00b0 2025/54/MCI du 15 juillet 2025 portant d\u00e9l\u00e9gation de signature \u00e0  \nMadame Jos\u00e9phine GUIGLIANO-BOUTONNET, directrice de cabinet du pr\u00e9fet du Var ;\nVu  l'arr\u00eat\u00e9  pr\u00e9fectoral  du  26  novembre  2020  autorisant  Madame  S\u00e9verine  LANDRY,  \u00e0 \nexploiter, \u00e0 titre on\u00e9reux, l'\u00e9tablissement d'enseignement de la conduite des v\u00e9hicules \u00e0  \nmoteur et de la s\u00e9curit\u00e9 routi\u00e8re  identifi\u00e9 sous le num\u00e9ro  E 20 083 0014 0   et  d\u00e9nomm\u00e9 \n\u00abAUTO-ECOLE DE HYERES LE PYANET\u00bb, situ\u00e9 37 Avenue du XV\u00e8me corps 83400 HYERES ;\nConsid\u00e9rant la demande r\u00e9ceptionn\u00e9e le 19 novembre 2025 par laquelle Madame S\u00e9verine \nLANDRY,  exploitante de ladite auto-\u00e9cole, sollicite le renouvellement de son agr\u00e9ment  \nd'exploitation ;\nSur proposition de Madame la directrice de cabinet du pr\u00e9fet du Var ;\nARR  \u00ca  TE  \nARTICLE 1er     :\nL'arr\u00eat\u00e9  pr\u00e9fectoral  du  26  novembre  2020  autorisant  Madame  S\u00e9verine  LANDRY,  \u00e0 \nexploiter, \u00e0 titre on\u00e9reux, l'\u00e9tablissement d'enseignement de la conduite des v\u00e9hicules \u00e0  \nmoteur et de la s\u00e9curit\u00e9 routi\u00e8re identifi\u00e9 sous le num\u00e9ro  E 20 083 0014 0   et d\u00e9nomm\u00e9  \n\u00abAUTO-ECOLE DE HYERES LE PYANET\u00bb, situ\u00e9 37 Avenue du XV\u00e8me corps 83400 HYERES,  \nest renouvel\u00e9 pour une dur\u00e9e de cinq ans \u00e0 compter de la date du pr\u00e9sent arr\u00eat\u00e9.\n1/2\nPr\u00e9fecture du VAR - 83-2025-11-25-00001 - AP renouv Agr\u00e9ment sign\u00e9 29\nARTICLE 2 :\nL'\u00e9tablissement  est  habilit\u00e9,  au  vu  des  moyens  p\u00e9dagogiques  justifi\u00e9s,  \u00e0  dispenser  les \nformations de cat\u00e9gorie :\n- AAC/B/B1 ;\nARTICLE 3 :\nMadame la directrice de cabinet du pr\u00e9fet du Var est charg\u00e9e de l'ex\u00e9cution du pr\u00e9sent  \narr\u00eat\u00e9 qui sera publi\u00e9 au recueil des actes administratifs de la Pr\u00e9fecture du Var.\nARTICLE 4 :\nLe pr\u00e9sent arr\u00eat\u00e9 peut faire l'objet d'un recours gracieux aupr\u00e8s du pr\u00e9fet du Var dans un  \nd\u00e9lai de deux mois \u00e0 compter de sa notification ou d'un recours contentieux devant le  \ntribunal administratif territorialement comp\u00e9tent dans les m\u00eames conditions de d\u00e9lai.\nFait \u00e0 Toulon, le 25 Novembre 2025\nPour le pr\u00e9fet et par d\u00e9l\u00e9gation,\nPour le d\u00e9l\u00e9gu\u00e9 \u00e0 l'\u00e9ducation routi\u00e8re\net par d\u00e9l\u00e9gation\nl'adjoint au d\u00e9l\u00e9gu\u00e9\nsign\u00e9\nRoland ESQUIVA\nConform\u00e9ment aux dispositions de l'article R. 421-1 et suivants du code de justice administrative, le pr\u00e9sent arr\u00eat\u00e9 peut faire l'objet dans un d\u00e9lai de deux mois \u00e0  \ncompter de sa parution :\n\u2013  d'un recours administratif (recours gracieux aupr\u00e8s du pr\u00e9fet du Var ou recours hi\u00e9rarchique aupr\u00e8s du ministre de l'int\u00e9rieur)\n\u2013 d'un recours contentieux devant le tribunal administratif de Toulon. Le tribunal administratif peut \u00eatre saisi par l'application informatique \u00ab  T\u00e9l\u00e9recours citoyens \u00bb \naccessible par le site Internet www.telerecours.fr\n2/2\nPr\u00e9fecture du VAR - 83-2025-11-25-00001 - AP renouv Agr\u00e9ment sign\u00e9 30\nPr\u00e9fecture du VAR\n83-2025-11-25-00002\nAP renouv Agr\u00e9ment sign\u00e9\nPr\u00e9fecture du VAR - 83-2025-11-25-00002 - AP renouv Agr\u00e9ment sign\u00e9 31\n=mPREFETDU VARLibert\u00e9Egalit\u00e9Fraternit\u00e9\nDirection des s\u00e9curit\u00e9s\nService de l'\u00e9ducation et\n de la s\u00e9curit\u00e9 routi\u00e8res\nP\u00f4le \u00e9ducation routi\u00e8re\nARR\u00caT\u00c9 PR\u00c9FECTORAL n\u00b0 2025- 11-53\nportant renouvellement d'agr\u00e9ment d'un \u00e9tablissement d'enseignement \nde la conduite des v\u00e9hicules \u00e0 moteur et de la s\u00e9curit\u00e9 routi\u00e8re\nLe pr\u00e9fet du Var,\nChevalier de la L\u00e9gion d'honneur\nChevalier de l'Ordre National du M\u00e9rite\nVu le Code de la Route et notamment ses articles L 213-1 \u00e0 L 213-8 et R 213-1 \u00e0 R 213-6 ;\nVu l'arr\u00eat\u00e9 du 8 janvier 2001 relatif \u00e0 l'exploitation des \u00e9tablissements d'enseignement, \u00e0 titre  \non\u00e9reux, de la conduite des v\u00e9hicules \u00e0 moteur et de la s\u00e9curit\u00e9 routi\u00e8re ;\nVu l'arr\u00eat\u00e9 du 8 janvier 2001 cr\u00e9ant un registre national de l'enseignement de la conduite des  \nv\u00e9hicules \u00e0 moteur et de la s\u00e9curit\u00e9 routi\u00e8re ;\nVu l'arr\u00eat\u00e9 pr\u00e9fectoral n\u00b0 2025/54/MCI du 15 juillet 2025 portant d\u00e9l\u00e9gation de signature \u00e0  \nMadame Jos\u00e9phine GUIGLIANO-BOUTONNET, directrice de cabinet du pr\u00e9fet du Var ;\nVu l'arr\u00eat\u00e9 pr\u00e9fectoral du 22 janvier 2021 autorisant Madame Sandrine FINET, \u00e0 exploiter, \u00e0 \ntitre on\u00e9reux, l'\u00e9tablissement d'enseignement de la conduite des v\u00e9hicules \u00e0 moteur et de  \nla s\u00e9curit\u00e9 routi\u00e8re  identifi\u00e9 sous le num\u00e9ro  E 21 083 0001 0   et  d\u00e9nomm\u00e9  \u00abAUTO-ECOLE \nTOUCAS\u00bb, situ\u00e9 2 Rue de Guiran 83210 SOLLIES-TOUCAS ;\nConsid\u00e9rant la demande r\u00e9ceptionn\u00e9e le 12 novembre 2025 par laquelle Madame Sandrine \nFINET,  exploitante  de  ladite  auto-\u00e9cole,  sollicite  le  renouvellement  de  son  agr\u00e9ment \nd'exploitation ;\nSur proposition de Madame la directrice de cabinet du pr\u00e9fet du Var ;\nARR  \u00ca  TE  \nARTICLE 1er     :\nL'arr\u00eat\u00e9 pr\u00e9fectoral du 22 janvier 2021 autorisant Madame Sandrine FINET, \u00e0 exploiter, \u00e0  \ntitre on\u00e9reux, l'\u00e9tablissement d'enseignement de la conduite des v\u00e9hicules \u00e0 moteur et de  \nla s\u00e9curit\u00e9 routi\u00e8re identifi\u00e9 sous le num\u00e9ro  E 21 083 0001 0   et d\u00e9nomm\u00e9  \u00abAUTO-ECOLE \nTOUCAS\u00bb, situ\u00e9 2 Rue de Guiran 83210 SOLLIES-TOUCAS,  est renouvel\u00e9 pour une dur\u00e9e de \ncinq ans \u00e0 compter de la date du pr\u00e9sent arr\u00eat\u00e9.\n1/2\nPr\u00e9fecture du VAR - 83-2025-11-25-00002 - AP renouv Agr\u00e9ment sign\u00e9 32\nARTICLE 2 :\nL'\u00e9tablissement  est  habilit\u00e9,  au  vu  des  moyens  p\u00e9dagogiques  justifi\u00e9s,  \u00e0  dispenser  les \nformations de cat\u00e9gorie :\n- AAC/B/B1 ;\n- AM Quadricycle\nARTICLE 3 :\nMadame la directrice de cabinet du pr\u00e9fet du Var est charg\u00e9e de l'ex\u00e9cution du pr\u00e9sent  \narr\u00eat\u00e9 qui sera publi\u00e9 au recueil des actes administratifs de la Pr\u00e9fecture du Var.\nARTICLE 4 :\nLe pr\u00e9sent arr\u00eat\u00e9 peut faire l'objet d'un recours gracieux aupr\u00e8s du pr\u00e9fet du Var dans un  \nd\u00e9lai de deux mois \u00e0 compter de sa notification ou d'un recours contentieux devant le  \ntribunal administratif territorialement comp\u00e9tent dans les m\u00eames conditions de d\u00e9lai.\nFait \u00e0 Toulon, le 25 Novembre 2025\nPour le pr\u00e9fet et par d\u00e9l\u00e9gation,\nPour le d\u00e9l\u00e9gu\u00e9 \u00e0 l'\u00e9ducation routi\u00e8re\net par d\u00e9l\u00e9gation\nl'adjoint au d\u00e9l\u00e9gu\u00e9\nsign\u00e9\nRoland ESQUIVA\nConform\u00e9ment aux dispositions de l'article R. 421-1 et suivants du code de justice administrative, le pr\u00e9sent arr\u00eat\u00e9 peut faire l'objet dans un d\u00e9lai de deux mois \u00e0  \ncompter de sa parution :\n\u2013  d'un recours administratif (recours gracieux aupr\u00e8s du pr\u00e9fet du Var ou recours hi\u00e9rarchique aupr\u00e8s du ministre de l'int\u00e9rieur)\n\u2013 d'un recours contentieux devant le tribunal administratif de Toulon. Le tribunal administratif peut \u00eatre saisi par l'application informatique \u00ab  T\u00e9l\u00e9recours citoyens \u00bb \naccessible par le site Internet www.telerecours.fr\n2/2\nPr\u00e9fecture du VAR - 83-2025-11-25-00002 - AP renouv Agr\u00e9ment sign\u00e9 33\nPr\u00e9fecture du VAR\n83-2025-11-25-00003\nAP renouv Agr\u00e9ment sign\u00e9\nPr\u00e9fecture du VAR - 83-2025-11-25-00003 - AP renouv Agr\u00e9ment sign\u00e9 34\n=mPREFETDU VARLibert\u00e9Egalit\u00e9Fraternit\u00e9\nDirection des s\u00e9curit\u00e9s\nService de l'\u00e9ducation et\n de la s\u00e9curit\u00e9 routi\u00e8res\nP\u00f4le \u00e9ducation routi\u00e8re\nARR\u00caT\u00c9 PR\u00c9FECTORAL n\u00b0 2025- 11-54\nportant renouvellement d'agr\u00e9ment d'un \u00e9tablissement d'enseignement \nde la conduite des v\u00e9hicules \u00e0 moteur et de la s\u00e9curit\u00e9 routi\u00e8re\nLe pr\u00e9fet du Var,\nChevalier de la L\u00e9gion d'honneur\nChevalier de l'Ordre National du M\u00e9rite\nVu le Code de la Route et notamment ses articles L 213-1 \u00e0 L 213-8 et R 213-1 \u00e0 R 213-6 ;\nVu l'arr\u00eat\u00e9 du 8 janvier 2001 relatif \u00e0 l'exploitation des \u00e9tablissements d'enseignement, \u00e0 titre  \non\u00e9reux, de la conduite des v\u00e9hicules \u00e0 moteur et de la s\u00e9curit\u00e9 routi\u00e8re ;\nVu l'arr\u00eat\u00e9 du 8 janvier 2001 cr\u00e9ant un registre national de l'enseignement de la conduite des  \nv\u00e9hicules \u00e0 moteur et de la s\u00e9curit\u00e9 routi\u00e8re ;\nVu l'arr\u00eat\u00e9 pr\u00e9fectoral n\u00b0 2025/54/MCI du 15 juillet 2025 portant d\u00e9l\u00e9gation de signature \u00e0  \nMadame Jos\u00e9phine GUIGLIANO-BOUTONNET, directrice de cabinet du pr\u00e9fet du Var ;\nVu l'arr\u00eat\u00e9 pr\u00e9fectoral du 12 novembre 2020 autorisant Madame Magali CONIO \u00e9pouse  \nTORCHEUX, \u00e0 exploiter, \u00e0 titre on\u00e9reux, l'\u00e9tablissement d'enseignement de la conduite des \nv\u00e9hicules \u00e0 moteur et de la s\u00e9curit\u00e9 routi\u00e8re identifi\u00e9 sous le num\u00e9ro  E 20 083 0012 0  et \nd\u00e9nomm\u00e9 \u00abECSR MAG\u00bb, situ\u00e9  95 Chemin des Aires 83560 VINON-sur-VERDON ;\nConsid\u00e9rant la demande r\u00e9ceptionn\u00e9e le 17 novembre 2025 par laquelle Madame Magali \nCONIO \u00e9pouse TORCHEUX, exploitante de ladite auto-\u00e9cole, sollicite le renouvellement de \nson agr\u00e9ment d'exploitation ;\nSur proposition de Madame la directrice de cabinet du pr\u00e9fet du Var ;\nARR  \u00ca  TE  \nARTICLE 1er     :\nL'arr\u00eat\u00e9  pr\u00e9fectoral  du  12  novembre  2020  autorisant  Madame  Magali  CONIO  \u00e9pouse \nTORCHEUX, \u00e0 exploiter, \u00e0 titre on\u00e9reux, l'\u00e9tablissement d'enseignement de la conduite des \nv\u00e9hicules \u00e0 moteur et de la s\u00e9curit\u00e9 routi\u00e8re identifi\u00e9 sous le num\u00e9ro  E 20 083 0012 0  et \nd\u00e9nomm\u00e9  \u00abECSR  MAG\u00bb,  situ\u00e9  95  Chemin  des  Aires  83560  VINON-sur-VERDON,   est \nrenouvel\u00e9 pour une dur\u00e9e de cinq ans \u00e0 compter de la date du pr\u00e9sent arr\u00eat\u00e9.\n1/2\nPr\u00e9fecture du VAR - 83-2025-11-25-00003 - AP renouv Agr\u00e9ment sign\u00e9 35\nARTICLE 2 :\nL'\u00e9tablissement  est  habilit\u00e9,  au  vu  des  moyens  p\u00e9dagogiques  justifi\u00e9s,  \u00e0  dispenser  les \nformations de cat\u00e9gorie :\n- AAC/B/B1 ;\n- AM Quadricycle\nARTICLE 3 :\nMadame la directrice de cabinet du pr\u00e9fet du Var est charg\u00e9e de l'ex\u00e9cution du pr\u00e9sent  \narr\u00eat\u00e9 qui sera publi\u00e9 au recueil des actes administratifs de la Pr\u00e9fecture du Var.\nARTICLE 4 :\nLe pr\u00e9sent arr\u00eat\u00e9 peut faire l'objet d'un recours gracieux aupr\u00e8s du pr\u00e9fet du Var dans un  \nd\u00e9lai de deux mois \u00e0 compter de sa notification ou d'un recours contentieux devant le  \ntribunal administratif territorialement comp\u00e9tent dans les m\u00eames conditions de d\u00e9lai.\nFait \u00e0 Toulon, le 25 Novembre 2025\nPour le pr\u00e9fet et par d\u00e9l\u00e9gation,\nPour le d\u00e9l\u00e9gu\u00e9 \u00e0 l'\u00e9ducation routi\u00e8re\net par d\u00e9l\u00e9gation\nl'adjoint au d\u00e9l\u00e9gu\u00e9\nsign\u00e9\nRoland ESQUIVA\nConform\u00e9ment aux dispositions de l'article R. 421-1 et suivants du code de justice administrative, le pr\u00e9sent arr\u00eat\u00e9 peut faire l'objet dans un d\u00e9lai de deux mois \u00e0  \ncompter de sa parution :\n\u2013  d'un recours administratif (recours gracieux aupr\u00e8s du pr\u00e9fet du Var ou recours hi\u00e9rarchique aupr\u00e8s du ministre de l'int\u00e9rieur)\n\u2013 d'un recours contentieux devant le tribunal administratif de Toulon. Le tribunal administratif peut \u00eatre saisi par l'application informatique \u00ab  T\u00e9l\u00e9recours citoyens \u00bb \naccessible par le site Internet www.telerecours.fr\n2/2\nPr\u00e9fecture du VAR - 83-2025-11-25-00003 - AP renouv Agr\u00e9ment sign\u00e9 36\nPr\u00e9fecture du VAR\n83-2025-11-25-00005\nArr\u00eat\u00e9 autorisant la captation, l'enregistrement\net la transmission \nd'images au moyen de cam\u00e9ras install\u00e9es sur des\na\u00e9ronefs\nPr\u00e9fecture du VAR - 83-2025-11-25-00005 - Arr\u00eat\u00e9 autorisant la captation, l'enregistrement et la transmission \nd'images au moyen de cam\u00e9ras install\u00e9es sur des a\u00e9ronefs 37\nCabinet du Pr\u00e9fet\nDirection des s\u00e9curit\u00e9s\nBureau de la s\u00e9curit\u00e9 publique\nArr\u00eat\u00e9 n\u00b0 2025-BSP-OP-105\nautorisant la captation, l'enregistrement et la transmission \nd'images au moyen de cam\u00e9ras install\u00e9es sur des a\u00e9ronefs\nVu le code de la s\u00e9curit\u00e9 int\u00e9rieure et notamment ses articles L. 242-1 \u00e0 L. 242-8 et R. 242-8 \u00e0\nR. 242-14 ;\nVu  le d\u00e9cret n\u00b0 2004-374 du 29 avril 2004 relatif aux pouvoirs des pr\u00e9fets, \u00e0 l'organisation et \u00e0\nl'action des services de l'\u00c9tat dans les r\u00e9gions et d\u00e9partements ;\nVu  le d\u00e9cret du Pr\u00e9sident de la R\u00e9publique du 15 mai 2025 portant nomination de M. Simon\nBABRE, pr\u00e9fet du Var ;\nVu  le d\u00e9cret du Pr\u00e9sident de la R\u00e9publique du 3 avril 2024 portant nomination de Mme\nJos\u00e9phine GUIGLIANO-BOUTONNET, en qualit\u00e9 de sous-pr\u00e9f\u00e8te, directrice de cabinet du\npr\u00e9fet du Var ;\nVu  l'arr\u00eat\u00e9 pr\u00e9fectoral n\u00b02025/54/MCI du 15 juillet 2025 portant d\u00e9l\u00e9gation de signature \u00e0\nMme Jos\u00e9phine GUIGLIANO-BOUTONNET, directrice de Cabinet du pr\u00e9fet du Var ;\nVu  l'arr\u00eat\u00e9 du ministre de l'Int\u00e9rieur et des Outre-mer, en date du 19 avril 2023 relatif au\nnombre maximal de cam\u00e9ras install\u00e9es sur des a\u00e9ronefs pouvant \u00eatre simultan\u00e9ment utilis\u00e9es\ndans chaque d\u00e9partement et collectivit\u00e9 d'outre-mer ;\nVu  la demande en date du 10 novembre 2025, formul\u00e9e par la direction interd\u00e9partementale\nde la police nationale du Var, visant \u00e0 obtenir l'autorisation de capter, d'enregistrer et de\ntransmettre des images au moyen de deux cam\u00e9ras install\u00e9es sur des drones aux fins de\nr\u00e9aliser des op\u00e9rations de pr\u00e9vention  de la  d\u00e9linquance et  de surveillance, autour de la\nmaison d'arr\u00eat de Draguignan, du mardi 25 novembre 2025 \u00e0 22 heures au mercredi 26\nnovembre 2025 \u00e0 2 heures ;\nConsid\u00e9rant que le 1\u00b0 de l'article L. 242-5 du code de la s\u00e9curit\u00e9 int\u00e9rieure permet aux forces\nde s\u00e9curit\u00e9 int\u00e9rieure, dans le cadre de la pr\u00e9vention des atteintes \u00e0 la s\u00e9curit\u00e9 des personnes\net des biens dans des lieux particuli\u00e8rement expos\u00e9s, en raison de leurs caract\u00e9ristiques ou\ndes faits qui s'y sont d\u00e9j\u00e0 d\u00e9roul\u00e9s, des risques d'agressions, de vols ou de trafics d'armes,\nPr\u00e9fecture du VAR - 83-2025-11-25-00005 - Arr\u00eat\u00e9 autorisant la captation, l'enregistrement et la transmission \nd'images au moyen de cam\u00e9ras install\u00e9es sur des a\u00e9ronefs 38\nd'\u00eatres humains ou de stup\u00e9fiants, de proc\u00e9der \u00e0 la captation, \u00e0 l'enregistrement et \u00e0 la\ntransmission d'images au moyen de cam\u00e9ras install\u00e9es sur des a\u00e9ronefs  ;\nConsid\u00e9rant que les forces de l'ordre ont conduit de nombreuses op\u00e9rations de police visant\n\u00e0 lutter contre le trafic de stup\u00e9fiants aux abords de la maison d'arr\u00eat de Draguignan et le\nsurvol de l'\u00e9tablissement par drone \u00e0 des fins de livraison ; que, le 1er ao\u00fbt et le 6 octobre\n2025, un drone a \u00e9t\u00e9 observ\u00e9 survolant la maison d'arr\u00eat de Draguignan ; que le 14 ao\u00fbt 2025,\nun drone transportant des stup\u00e9fiants a \u00e9t\u00e9 intercept\u00e9 lors d'une op\u00e9ration de surveillance\nmen\u00e9e aux abords de l'\u00e9tablissement et qu'un autre drone a \u00e9t\u00e9 saisi le 17 novembre 2025 ;\nConsid\u00e9rant que, dans ce contexte et compte tenu de l'int\u00e9r\u00eat pour les forces de l'ordre de\ndisposer d'une vision en grand angle au regard de l'ampleur de la zone \u00e0 s\u00e9curiser et de la\nconfiguration particuli\u00e8re des lieux, le recours aux dispositifs de captation install\u00e9s sur des\na\u00e9ronefs est n\u00e9cessaire et adapt\u00e9 ; qu'il n'existe pas de dispositif moins intrusif permettant\nde parvenir aux m\u00eames fins ;\nConsid\u00e9rant que la demande porte sur l'engagement de deux cam\u00e9ras a\u00e9roport\u00e9es dans la\nzone  strictement  d\u00e9finie  limit\u00e9e  au  p\u00e9rim\u00e8tre  en  annexe ;  que  les  lieux  surveill\u00e9s  sont\nstrictement limit\u00e9s \u00e0 la zone o\u00f9 sont susceptibles de se commettre les atteintes que l'usage\ndes cam\u00e9ras a\u00e9roport\u00e9es vise \u00e0 pr\u00e9venir ;\nConsid\u00e9rant qu'en vertu de l'article R. 242-13 du code de la s\u00e9curit\u00e9 int\u00e9rieure, il y a lieu de\nd\u00e9roger  au  principe  d'information  du  public  d\u00e8s  lors  que  cette  information  entre  en\ncontradiction avec les finalit\u00e9s pour lesquelles le dispositif est autoris\u00e9 ; que cependant, cet\narr\u00eat\u00e9 fera l'objet d'une publication au recueil des actes administratifs de la pr\u00e9fecture,\nSur proposition de la sous-pr\u00e9f\u00e8te, directrice de cabinet du Var ;\nARR\u00caTE\nArticle  1\ner \u2013  La  captation,  l'enregistrement  et  la  transmission  d'images  par  la  direction\ninterd\u00e9partementale de la Police Nationale du Var, sont autoris\u00e9s au titre de la lutte contre le\ntrafic de stup\u00e9fiants dans la zone autour de la maison d'arr\u00eat de Draguignan du mardi 25\nnovembre 2025 \u00e0 22 heures au mercredi 26 novembre 2025 \u00e0 2 heures.\nArticle 2 \u2013 Le nombre maximal de cam\u00e9ras pouvant proc\u00e9der simultan\u00e9ment aux traitements\nmentionn\u00e9s \u00e0 l'article 1er est fix\u00e9 \u00e0 deux, install\u00e9es sur un drone DJI Mavic 3T et sur un drone\nDJI Mavic 4T.\nArticle 3 \u2013 La pr\u00e9sente autorisation est limit\u00e9e au p\u00e9rim\u00e8tre g\u00e9ographique figurant sur le plan\njoint en annexe, zone situ\u00e9e dans le secteur Avenue Fred SCAMARONI 83300 Draguignan.\nArticle 4\u2013   Le registre mentionn\u00e9 \u00e0 l'article L. 242-4 du code de la s\u00e9curit\u00e9 int\u00e9rieure sera\ntransmis au repr\u00e9sentant de l'Etat dans le d\u00e9partement \u00e0 l'issue de l'op\u00e9ration.\nArticle 5 \u2013 Le pr\u00e9sent arr\u00eat\u00e9 est publi\u00e9 au recueil des actes administratifs de la pr\u00e9fecture et\npeut faire l'objet d'un recours devant le tribunal administratif de  Toulon dans un d\u00e9lai de\ndeux mois \u00e0 compter de sa publication.\nPr\u00e9fecture du VAR - 83-2025-11-25-00005 - Arr\u00eat\u00e9 autorisant la captation, l'enregistrement et la transmission \nd'images au moyen de cam\u00e9ras install\u00e9es sur des a\u00e9ronefs 39\nArticle 6 \u2013 La sous-pr\u00e9f\u00e8te, directrice de cabinet du pr\u00e9fet du Var et le commandant du\ngroupement de gendarmerie d\u00e9partementale du Var, sont charg\u00e9s, chacun en ce qui les\nconcerne, de l'ex\u00e9cution du pr\u00e9sent arr\u00eat\u00e9.\nToulon, le 25 novembre 2025\nPour le pr\u00e9fet et par d\u00e9l\u00e9gation,\n      La Directrice de Cabinet\nSign\u00e9\n       Jos\u00e9phine GUIGLIANO-BOUTONNET\nPr\u00e9fecture du VAR - 83-2025-11-25-00005 - Arr\u00eat\u00e9 autorisant la captation, l'enregistrement et la transmission \nd'images au moyen de cam\u00e9ras install\u00e9es sur des a\u00e9ronefs 40\nPr\u00e9fecture du VAR - 83-2025-11-25-00005 - Arr\u00eat\u00e9 autorisant la captation, l'enregistrement et la transmission \nd'images au moyen de cam\u00e9ras install\u00e9es sur des a\u00e9ronefs 41\nPr\u00e9fecture du VAR\n83-2025-11-25-00004\nArr\u00eat\u00e9 pr\u00e9fectoral n\u00b02025-11-002 ESC du 25\nnovembre 2025 portant r\u00e9glementation\ntemporaire de la circulation sur l'autoroute A8\nsur le territoire des communes du\nCannet-des-Maures, du Luc-en-Provence, du Muy\net de Puget-sur-Argens\nPr\u00e9fecture du VAR - 83-2025-11-25-00004 - Arr\u00eat\u00e9 pr\u00e9fectoral n\u00b02025-11-002 ESC du 25 novembre 2025 portant r\u00e9glementation\ntemporaire de la circulation sur l'autoroute A8 sur le territoire des communes du Cannet-des-Maures, du Luc-en-Provence, du Muy et\nde Puget-sur-Argens\n42\n=mPREFETDU VARLibert\u00e9Egalit\u00e9Fraternit\u00e9\nDirection des s\u00e9curit\u00e9s\nService de l'\u00e9ducation et\nde la s\u00e9curit\u00e9 routi\u00e8res\nP\u00f4le \u00e9tudes et ing\u00e9nierie\n                    ARR\u00caT\u00c9 PR\u00c9FECTORAL n\u00b0 2025-11-002 ESC du 25 novembre 202502/07/2020\nportant r\u00e9glementation temporaire de la circulation sur l'autoroute A8\nsur le territoire des communes du Cannet-des-Maures, du Luc-en-Provence, \ndu Muy et de Puget-sur-Argens\nLe Pr\u00e9fet du Var,\nChevalier de la L\u00e9gion d'Honneur,\nChevalier de l'Ordre National du M\u00e9rite,\nVu le Code de la route ;\nVu le Code de la voirie routi\u00e8re ;\nVu  le d\u00e9cret du 29 novembre 1982 approuvant la convention de concession pass\u00e9e entre  \nl'\u00c9tat et la soci\u00e9t\u00e9 de l'autoroute Est\u00e9rel, C\u00f4te d'Azur, Provence Alpes (ESCOTA) en vue de la  \nconstruction, de l'entretien et de l'exploitation des autoroutes conc\u00e9d\u00e9es et ses avenants  \nult\u00e9rieurs ;\nVu le d\u00e9cret n\u00b0 2015-1045 du 21 ao\u00fbt 2015 approuvant le transfert de la travers\u00e9e autorouti\u00e8re \nde  Toulon  entre  l'\u00c9tat  et  la  soci\u00e9t\u00e9  des  autoroutes  Est\u00e9rel,  C\u00f4te  d'Azur,  Provence  Alpes \n(ESCOTA) ;\nVu le d\u00e9cret du Pr\u00e9sident de la R\u00e9publique du 15 mai 2025 portant nomination de M. Simon  \nBABRE, pr\u00e9fet du Var ;\nVu  l'arr\u00eat\u00e9  interminist\u00e9riel  du  24  novembre  1967  relatif  \u00e0  la  signalisation  des  routes  et \nautoroutes et des textes subs\u00e9quents ;\nVu  l'arr\u00eat\u00e9 pr\u00e9fectoral n\u00b0 2020-12-001 BR du 16 d\u00e9cembre 2020, portant modification de  \nl'arr\u00eat\u00e9 pr\u00e9fectoral n\u00b0 2523 du 20 mars 2018, portant r\u00e9glementation de la circulation des  \nv\u00e9hicules de transport de bois ronds dans le d\u00e9partement du Var ;\nVu  l'arr\u00eat\u00e9 pr\u00e9fectoral n\u00b0 2023-06-004 en date du 26 juin 2023, autorisant l'ouverture de  \nchantiers d'entretien courant ou de r\u00e9paration sur les autoroutes A8, A50 et A57 dans la  \ntravers\u00e9e du d\u00e9partement du Var ;\nVu l'arr\u00eat\u00e9 pr\u00e9fectoral n\u00b02025-06-001 PC du 05 juin 2025 portant r\u00e9glementation de la police  \nde circulation sur les autoroutes A8, A50 et A57 ;\nVu  l'arr\u00eat\u00e9 pr\u00e9fectoral n\u00b0 2025/54/MCI du 15 juillet 2025 portant d\u00e9l\u00e9gation de signature \u00e0  \nMme Jos\u00e9phine GUIGLIANO-BOUTONNET, directrice de cabinet du pr\u00e9fet du Var ;\nVu la note technique du 14 avril 2016 du minist\u00e8re de l'Environnement, de l'\u00c9nergie et de la  \nMer (DGITM/DIT) relative \u00e0 la coordination des chantiers sur le r\u00e9seau routier national (RRN) ;\nVu le r\u00e8glement d'exploitation de la soci\u00e9t\u00e9 des autoroutes ESCOTA en date du 02 juin 2025 ;\nVu la demande de la Soci\u00e9t\u00e9 des autoroutes ESCOTA en date du 07 novembre 2025 ;\nVu  l'avis  favorable  de  la  Direction  G\u00e9n\u00e9rale  des  Infrastructures,  des  Transports  et  des \nMobilit\u00e9s sur le dossier d'exploitation sous chantier n\u00b02025-139 en date du 12 novembre 2025 ;\nVu l'avis favorable du conseil d\u00e9partemental du Var en date du 17 novembre 2025 ;\nArr\u00eat\u00e9 pr\u00e9fectoral n\u00b0 2025-11-002 ESC Page 1/4\nPr\u00e9fecture du VAR - 83-2025-11-25-00004 - Arr\u00eat\u00e9 pr\u00e9fectoral n\u00b02025-11-002 ESC du 25 novembre 2025 portant r\u00e9glementation\ntemporaire de la circulation sur l'autoroute A8 sur le territoire des communes du Cannet-des-Maures, du Luc-en-Provence, du Muy et\nde Puget-sur-Argens\n43\nConsid\u00e9rant que pour assurer la s\u00e9curit\u00e9 des usagers de l'autoroute, des agents de la soci\u00e9t\u00e9  \ndes  autoroutes  Est\u00e9rel,  C\u00f4te  d'Azur,  Provence  Alpes  (ESCOTA)  et  des  personnels  de \nl'entreprise charg\u00e9s d'effectuer des travaux de lev\u00e9e de r\u00e9serves et de r\u00e9fection des chauss\u00e9es \naux diffuseurs N\u00b036 \u00ab  Le Muy  \u00bb au PR 117 .600 et N\u00b037 \u00ab Puget-sur-Argens \u00bb au PR 129.200, il  \nconvient de r\u00e9glementer la circulation sur le territoire du d\u00e9partement du Var, sur l'autoroute \nA8, dans les deux sens de circulation, les semaines 49/2025 et 50/2025. Les semaines 50/2025  \net 51/2025 constituent les semaines de r\u00e9serve.\nSur proposition de la directrice de cabinet du pr\u00e9fet du Var,\nARR\u00caTE :\nArticle 1  er   : En raison des travaux  de lev\u00e9e de r\u00e9serves et de r\u00e9fection des chauss\u00e9es aux  \ndiffuseurs N\u00b036 \u00ab  Le Muy  \u00bb au PR 117 .600 et N\u00b037 \u00ab  Puget-sur-Argens \u00bb au PR 129.200 , sur  \nl'autoroute A8,  la circulation de tous les v\u00e9hicule s est r\u00e9glement\u00e9e, dans les deux sens de  \ncirculation, de 21h00 \u00e0 05h00 du matin hors week-end, du lundi 01 d\u00e9cembre 2025 au  \nvendredi 12 d\u00e9cembre 2025. Les semaines 50/2025 et 51/2025 constituent les semaines de  \nr\u00e9serve. \nArticle 2 : Ces travaux n\u00e9cessitent de mettre en place les itin\u00e9raires de d\u00e9viation suivants :\nAutoroute A8\nDans les deux sens de circulation     \nDe 21h00 \u00e0 05h00, du lundi 01 d\u00e9cembre 2025 au vendredi 05 d\u00e9cembre 2025\n- Fermeture des bretelles d'entr\u00e9e et de sortie du diffuseur N\u00b037 \u00ab Puget-sur-Argens \u00bb\nau PR 129.200\nLa semaine 50/2025 constitue la semaine de r\u00e9serve\nDans le sens d'Aix-en-Provence vers Nice\nFermeture de la bretelle d'entr\u00e9e du diffuseur N\u00b037 \u00ab     Puget-sur-Argens     \u00bb     :  \nLes v\u00e9hicules souhaitant rentrer sur l'autoroute A8 au diffuseur N\u00b037 \u00ab  Puget-sur-Argens \u00bb au \nPR  129.200,  doivent  emprunter  la  RDN7 ,  puis  la  RD4  puis  rejoindre  l'autoroute  A8  au \ndiffuseur N\u00b0 38 \u00ab Fr\u00e9jus-Est \u00bb au PR 134.000 en direction de Nice.\nFermeture de la bretelle de sortie du diffuseur N\u00b037 \u00ab     Puget-sur-Argens     \u00bb     :  \nLes v\u00e9hicules en provenance d'Aix-en-Provence et souhaitant sortir au diffuseur N\u00b037 \u00ab Puget-\nsur-Argens\u00bb au PR 129.200, doivent sortir au diffuseur N\u00b036 \u00ab  Le Muy \u00bb au PR 117 .600 et suivre \nla RDN7 jusqu'\u00e0 Puget-sur-Argens.\nDans le sens Nice vers Aix-en-Provence \nFermeture de la bretelle d'entr\u00e9e du diffuseur N\u00b037 \u00ab     Puget-sur-Argens     \u00bb     :  \nLes v\u00e9hicules souhaitant rentrer sur l'autoroute A8 au diffuseur N\u00b0 37 \u00ab Puget-sur-Argens \u00bb au \nPR 129.200, doivent emprunter la RDN7 puis rejoindre l'autoroute A8 au diffuseur N\u00b036 \u00ab  Le \nMuy \u00bb au PR 117 .600 en direction d'Aix-en-Provence.\nFermeture de la bretelle de sortie du diffuseur N\u00b037 \u00ab     Puget-sur-Argens     \u00bb     :  \nLes v\u00e9hicules en provenance de Nice et souhaitant sortir diffuseur N\u00b037 \u00ab  Puget-sur-Argens \u00bb \nau PR 129.200, doivent sortir au diffuseur N\u00b038 \u00ab  Fr\u00e9jus-Est \u00bb au PR 134.000 et suivre la RD4  \npuis la RDN7 jusqu'\u00e0 Puget-sur-Argens.\nArr\u00eat\u00e9 pr\u00e9fectoral n\u00b0 2025-11-002 ESC Page 2/4\nPr\u00e9fecture du VAR - 83-2025-11-25-00004 - Arr\u00eat\u00e9 pr\u00e9fectoral n\u00b02025-11-002 ESC du 25 novembre 2025 portant r\u00e9glementation\ntemporaire de la circulation sur l'autoroute A8 sur le territoire des communes du Cannet-des-Maures, du Luc-en-Provence, du Muy et\nde Puget-sur-Argens\n44\nAutoroute A8\nDans les deux sens de circulation\nDe 21h00 \u00e0 05h00, du lundi 08 d\u00e9cembre 2025 au vendredi 12 d\u00e9cembre 2025\n- Fermeture des bretelles d'entr\u00e9e et de sortie du diffuseur N\u00b036 \u00ab Le Muy \u00bb au PR 117 .600\nLa semaine 51/2025 constitue la semaine de r\u00e9serve\nDans le sens Aix-en-Provence vers Nice \nFermeture de la bretelle d'entr\u00e9e du diffuseur N\u00b036 \u00ab     Le Muy     \u00bb  \nLes  v\u00e9hicules  souhaitant  rentrer  sur  l'autoroute  A8  au  diffuseur  N\u00b036  \u00ab Le  Muy \u00bb  au  PR \n117 .600, doivent emprunter la RDN7 puis rejoindre l'autoroute A8 au diffuseur N\u00b037 \u00ab Puget-\nsur-Argens \u00bb au PR 129.200 en direction de Nice.\nFermeture de la bretelle de sortie du diffuseur N\u00b036 \u00ab     Le Muy     \u00bb  \nLes v\u00e9hicules en provenance d'Aix-en-Provence et souhaitant sortir au diffuseur N\u00b036 \u00ab  Le \nMuy \u00bb au PR 117 .600, doivent sortir au n\u0153ud A8/A57 au PR 98.800 puis prendre l'A57 pour  \nrejoindre le diffuseur N\u00b0 13  \u00ab Le Luc / Le Cannet-des-Maures  \u00bb au PR 51.400 sur l'autoroute  \nA57 et suivre la RDN7 jusqu'au Muy.\nDans le sens de Nice vers Aix-en-Provence\nFermeture de la bretelle d'entr\u00e9e du diffuseur N\u00b036 \u00ab     Le Muy     \u00bb  \nLes  v\u00e9hicules  souhaitant  rentrer  sur  l'autoroute  A8  au  diffuseur  N\u00b036  \u00ab Le  Muy \u00bb  au  PR \n117 .600, doivent emprunter la RDN7 puis rejoindre l'autoroute A8 via le diffuseur N\u00b013 \u00ab Le \nLuc /  Le  Cannet-des-Maures \u00bb au  PR  51.400  sur  l'autoroute  A57  en  direction  d'Aix-en-\nProvence. \nFermeture de la bretelle de sortie du diffuseur N\u00b036 \u00ab     Le Muy     \u00bb   \nLes v\u00e9hicules en provenance de Nice et souhaitant sortir au diffuseur  N\u00b036 \u00ab Le Muy \u00bb au PR \n117 .600, doivent sortir au diffuseur N\u00b0 37 \u00ab  Puget-sur-Argens \u00bb au PR 129.200 et suivre la  \nRDN7 jusqu'au Muy.\nArticle 3  : Au regard des contraintes de phasage, l'arr\u00eat\u00e9 pr\u00e9fectoral n\u00b02023-06-004 en date  \ndu 26 juin 2023 autorisant l'ouverture de chantiers d'entretien courant ou de r\u00e9paration sur  \nles autoroutes A8, A50 et A57 dans la travers\u00e9e du d\u00e9partement du Var est d\u00e9rog\u00e9 .\nL'inter-distance  de  jour  comme  de  nuit  avec  tout  chantier  n\u00e9cessaire  \u00e0  l'entretien  de \nl'autoroute A8, est ramen\u00e9e \u00e0 z\u00e9ro (0) kilom\u00e8tre, dans les deux sens de circulation, pendant  \nla dur\u00e9e de ces travaux.\nArticle  4 :  Une  information  concernant  l'avancement  des  travaux  ainsi  que  le  planning \npr\u00e9visionnel des fermetures est transmise hebdomadairement le vendredi, avant 09h00, aux  \ndestinataires suivants :\n\uf0b7 Pr\u00e9fecture du Var (pref-derogations-routes@var.gouv.fr)\n\uf0b7 Conseil d\u00e9partemental du Var (bce@var.fr)\n\uf0b7 Direction d\u00e9partementale des territoires et de la mer du Var\n\uf0b7 Radio Vinci-Autoroutes (107 .7)\nArr\u00eat\u00e9 pr\u00e9fectoral n\u00b0 2025-11-002 ESC Page 3/4\nPr\u00e9fecture du VAR - 83-2025-11-25-00004 - Arr\u00eat\u00e9 pr\u00e9fectoral n\u00b02025-11-002 ESC du 25 novembre 2025 portant r\u00e9glementation\ntemporaire de la circulation sur l'autoroute A8 sur le territoire des communes du Cannet-des-Maures, du Luc-en-Provence, du Muy et\nde Puget-sur-Argens\n45\nArticle  5 : Les  signalisations  temporaires  et  l'information  des  usagers,  r\u00e9pondant  \u00e0  la \ndescription du pr\u00e9sent arr\u00eat\u00e9, sont mises en place, entretenues et surveill\u00e9es par les services  \nd'exploitation de la soci\u00e9t\u00e9 des autoroutes Est\u00e9rel, C\u00f4te d'Azur, Provence Alpes (ESCOTA)  \npendant toute la p\u00e9riode des travaux.\nLes usagers sont inform\u00e9s des travaux et des modifications des conditions de circulation :\n-  prioritairement par la diffusion de messages sur Radio Vinci Autoroutes (107 .7).\n-  par  affichage  sur  Panneau  \u00e0  Messages  Variables  (PMV)  (sous  r\u00e9serve  d'informations \nd'urgence).\nLes d\u00e9viations sont annonc\u00e9es suffisamment en amont pour permettre \u00e0 l'usager d'anticiper \nle changement d'itin\u00e9raire.\nLe cas \u00e9ch\u00e9ant, ces messages sont compl\u00e9t\u00e9s par des panneaux d'affichage temporaires et  \npar  une  information  sur  le  site  internet  \u00ab Vinci  Autoroutes/Infos  Travaux \u00bb  www.vinci-\nautoroutes.com/fr-infos-travaux/\nArticle 6 : La directrice de cabinet du pr\u00e9fet du Var, le pr\u00e9sident du conseil d\u00e9partemental du \nVar, le directeur d\u00e9partemental des services incendie et secours du Var, le commandant du  \ngroupement  de  gendarmerie  d\u00e9partementale  du  Var,  la  directrice  d\u00e9partementale  de  la \ns\u00e9curit\u00e9  publique  du  Var,  les  maires  des  communes,  Le  Cannet-des-Maures,  Le  Luc-en-\nProvence, Le Muy et Puget-sur-Argens , le directeur de la soci\u00e9t\u00e9 des autoroutes Est\u00e9rel, C\u00f4te  \nd'Azur, Provence Alpes, sont charg\u00e9s, chacun en ce qui le concerne, de l'ex\u00e9cution du pr\u00e9sent \narr\u00eat\u00e9 qui sera publi\u00e9 au recueil des actes administratifs de la pr\u00e9fecture du Var.\nFait \u00e0 Toulon, le 25 novembre 2025\n                                                                    Pour le Pr\u00e9fet et par d\u00e9l\u00e9gation, \n                                                                  La cheffe du service \n                                                           de l'\u00e9ducation et de la s\u00e9curit\u00e9 routi\u00e8res\n                                                             sign\u00e9 :  Sophie BARASTIER\nConform\u00e9ment aux dispositions de l'article R. 421-1 et suivants du code de justice administrative, le pr\u00e9sent arr\u00eat\u00e9 peut faire l'objet  \ndans un d\u00e9lai de deux mois \u00e0 compter de sa parution :\n\u2013  d'un recours administratif (recours gracieux aupr\u00e8s du pr\u00e9fet du Var ou recours hi\u00e9rarchique aupr\u00e8s du ministre de l'int\u00e9rieur)\n\u2013 d'un recours contentieux devant le tribunal administratif de Toulon. Le tribunal administratif peut \u00eatre saisi par l'application  \ninformatique \u00ab T\u00e9l\u00e9recours citoyens \u00bb accessible par le site Internet www.telerecours.fr\nArr\u00eat\u00e9 pr\u00e9fectoral n\u00b0 2025-11-002 ESC Page 4/4\nPr\u00e9fecture du VAR - 83-2025-11-25-00004 - Arr\u00eat\u00e9 pr\u00e9fectoral n\u00b02025-11-002 ESC du 25 novembre 2025 portant r\u00e9glementation\ntemporaire de la circulation sur l'autoroute A8 sur le territoire des communes du Cannet-des-Maures, du Luc-en-Provence, du Muy et\nde Puget-sur-Argens\n46","date":"2025-11-25","first_seen_on":"2025-11-25T15:40:36+00:00","id":"27d707929672eb54044170134bfd4cff9c8cf40edf755e2f3fa356674a010da2","name":"RAA N\u00b0394 du 25 novembre 2025","pdf_creation_date":"2025-11-25T15:31:18+00:00","pdf_modification_date":null,"timezone":"Europe/Paris","url":"https://www.var.gouv.fr/contenu/telechargement/43728/285642/file/RAA%20N%C2%B0394%20du%2025%20novembre%202025.pdf"}
