{"administration":"pref83","administration_name":"Pr\u00e9fecture du Var","content":"VAR\nRECUEIL DES ACTES\nADMINISTRATIFS\nN\u00b083-2026-041\nPUBLI\u00c9 LE  2 F\u00c9VRIER 2026\nSommaire\nDirection d\u00e9partementale des territoires et de la mer du Var / Service\nagriculture et for\u00eat de la DDTM\n83-2026-02-02-00001 - arr\u00eat\u00e9 pr\u00e9fectoral autorisant des battues\nadministratives aux sangliers (1 page) Page 3\nDirection d\u00e9partementale des territoires et de la mer du Var / Service mer\net littoral de la DDTM\n83-2026-01-28-00003 - ARR\u00caT\u00c9 PR\u00c9FECTORAL portant prescriptions\nsp\u00e9cifiques relatif au projet de rechargement de plages sur la\ncommune\nde Bormes-les-Mimosas 2026 - 2034 (8 pages) Page 5\nPr\u00e9fecture du VAR / Direction de la coordination des politiques publiques\net de l'appui territorial\n83-2026-02-02-00002 - ARR\u00caT\u00c9 PR\u00c9FECTORAL n\u00b0 2026/10/MCI du 2\nf\u00e9vrier 2026 portant d\u00e9l\u00e9gation de signature \u00e0 Mme Isabelle\nCATHERINEAU, directrice de la citoyennet\u00e9 et de la l\u00e9galit\u00e9 de la\npr\u00e9fecture du Var. (4 pages) Page 14\n2\nDirection d\u00e9partementale des territoires et de la\nmer du Var\n83-2026-02-02-00001\narr\u00eat\u00e9 pr\u00e9fectoral autorisant des battues\nadministratives aux sangliers\nDirection d\u00e9partementale des territoires et de la mer du Var - 83-2026-02-02-00001 - arr\u00eat\u00e9 pr\u00e9fectoral autorisant des battues\nadministratives aux sangliers 3\nDirection d\u00e9partementale\ndes territoires et de la mer du Var\nARR\u00caT\u00c9 PR\u00c9FECTORAL N\u00b0DDTM/SAF/BCFSP/2026 \u2013 008 DU 02/02/2026\nAUTORISANT DES BATTUES ADMINISTRATIVES AUX SANGLIERS\nLe pr\u00e9fet,\nVU  le code de l'environnement et notamment ses articles L. 427-1 \u00e0 -7, R. 427-1 \u00e0 -3 ;\nVU  l'arr\u00eat\u00e9 minist\u00e9riel du 27 mars 1973, fixant les modalit\u00e9s d'application de la loi du\n9 juillet 1971 ;\nVU  l'arr\u00eat\u00e9 pr\u00e9fectoral du 15 d\u00e9cembre 2025 relatif \u00e0 la nomination des lieutenants\nde louveterie pour la p\u00e9riode 2025-2029 ;\nVU  l'arr\u00eat\u00e9  pr\u00e9fectoral  n\u00b02025/25/MCI  du  2  juin  2025  portant  d\u00e9l\u00e9gation  de\nsignature \u00e0 M. Laurent Boulet, directeur d\u00e9partemental des territoires et de la mer ;\nVU  l'arr\u00eat\u00e9  pr\u00e9fectoral  n\u00b0DDTM/MPCA/  2025-04  du  5  juin  2025  donnant\nsubd\u00e9l\u00e9gation  de  signature  \u00e0  des  agents  de  la  direction  d\u00e9partementale  des\nterritoires et de la mer du Var ;\nCONSID\u00c9RANT  l'importance des d\u00e9g\u00e2ts de sangliers commis sur  la commune du\nCannet-des-Maures ;\nSUR proposition du directeur d\u00e9partemental des territoires et de la mer ;\nARR\u00caTE\nARTICLE  1er\n :  des  battues  administratives  aux  sangliers  seront effectu\u00e9es  sur  la\ncommune du Cannet-des-Maures, dans la limite de deux par semaine. Cette mission\nest valable pour une dur\u00e9e de deux mois \u00e0 compter de la signature du pr\u00e9sent arr\u00eat\u00e9.\nARTICLE 2 : Christian Augero, lieutenant de louveterie, est charg\u00e9 d'organiser et de\ndiriger les battues. Cependant, pour l'exercice de celles-ci, il pourra s'adjoindre ou se\nfaire  remplacer  par  tout  autre  lieutenant  de  louveterie  d\u00e9sign\u00e9  par  l'arr\u00eat\u00e9\npr\u00e9fectoral du 15 d\u00e9cembre 2025 susvis\u00e9.\nARTICLE  3\n : les  battues  pourront \u00eatre effectu\u00e9es avec  traqueurs  ou \u00e0 l'aide  des\nchiens ou les deux simultan\u00e9ment et s'exerceront en tous lieux \u00e0 l'exception des\nterrains clos et attenants \u00e0 une habitation.\nDans  le  cadre  de  ses  missions,  Christian  Augero pourra  \u00e9quiper  son  v\u00e9hicule\nd'intervention d'un gyrophare.\nARTICLE 4\n :  les sangliers abattus  seront partag\u00e9s entre tous les participants \u00e0 la\nbattue.\nARTICLE 5\n : le lieutenant de louveterie du secteur pr\u00e9viendra au moins 24 heures \u00e0\nl'avance de la date, de l'heure et du lieu du rendez-vous de la battue, le directeur\nd\u00e9partemental  des  territoires  et  de  la  mer,  le  pr\u00e9sident  de  la  f\u00e9d\u00e9ration\nd\u00e9partementale des chasseurs, le chef de la brigade de gendarmerie, le chef du\nservice d\u00e9partemental de l'office fran\u00e7ais de la biodiversit\u00e9 et, lorsque la battue\nint\u00e9resse une for\u00eat soumise au r\u00e9gime forestier, le chef du service d\u00e9partemental de\nl'office national des for\u00eats.\nARTICLE 6\n : le secr\u00e9taire g\u00e9n\u00e9ral de la pr\u00e9fecture du Var, le directeur d\u00e9partemental\ndes territoires et de la mer,  Christian Augero sont charg\u00e9s, chacun en ce qui les\nconcerne, de l'ex\u00e9cution du pr\u00e9sent arr\u00eat\u00e9 dont une ampliation sera transmise au\npr\u00e9sident de la f\u00e9d\u00e9ration d\u00e9partementale des chasseurs du Var, au commandant du\ngroupement de gendarmerie du Var, au commandant de la brigade de gendarmerie\nterritorialement comp\u00e9tente, au chef du service d\u00e9partemental de l'office fran\u00e7ais\nde la biodiversit\u00e9, au pr\u00e9sident de l'association d\u00e9partementale des lieutenants de\nlouveterie et au maire de la commune du Cannet-des-Maures, pour affichage.\nFait \u00e0 Toulon, le 02/02/2026\nPour le pr\u00e9fet et par d\u00e9l\u00e9gation,\nLa cheffe du bureau chasse faune \nsauvage et pastoralisme\nsign\u00e9\nAlison Pesson\nDestinataires :\n- M.Augero, louvetier,\n- le pr\u00e9sident de l'association \nd\u00e9partementale de la louveterie du Var,\n- le commandant de la brigade de \ngendarmerie,\n- l'O.F.B,\n- la F.D.C.V,\n- Le maire de la commune du Cannet-des-\nMaures\nDirection d\u00e9partementale des territoires et de la mer du Var - 83-2026-02-02-00001 - arr\u00eat\u00e9 pr\u00e9fectoral autorisant des battues\nadministratives aux sangliers 4\nDirection d\u00e9partementale des territoires et de la\nmer du Var\n83-2026-01-28-00003\nARR\u00caT\u00c9 PR\u00c9FECTORAL portant prescriptions\nsp\u00e9cifiques relatif au projet de rechargement de\nplages sur la commune\nde Bormes-les-Mimosas 2026 - 2034\nDirection d\u00e9partementale des territoires et de la mer du Var - 83-2026-01-28-00003 - ARR\u00caT\u00c9 PR\u00c9FECTORAL portant prescriptions\nsp\u00e9cifiques relatif au projet de rechargement de plages sur la commune\nde Bormes-les-Mimosas 2026 - 2034\n5\nPREFETDU VARLibert\u00e9Egalit\u00e9Fraternit\u00e9\nARR\u00caT\u00c9 PR\u00c9FECTORAL n\u00b0 DDTM/SML/BEM/2025-08 du 28 janvier 2026                    \nportant prescriptions sp\u00e9cifiques au dossier de d\u00e9claration Loi sur l'eau en application de \nl'article L.214-3 du code de l'environnement,\nrelatif au projet de rechargement de plages sur la commune \nde Bormes-les-Mimosas 2026 - 2034\nLe pr\u00e9fet du Var,\nVu le code de l'environnement et notamment les articles L. 211-1, L. 214-1 \u00e0 L. 214-10, R. 214-1 \u00e0 \nR. 214-5, R. 214-32 \u00e0 R. 214-56 ;\nVu le d\u00e9cret du Pr\u00e9sident de la R\u00e9publique du 15 mai 2025 portant nomination de Monsieur  \nSimon BABRE en qualit\u00e9 de Pr\u00e9fet du Var ;\nVu l'arr\u00eat\u00e9 minist\u00e9riel du 6 d\u00e9cembre 1990 relatif \u00e0 la police des eaux marines et notamment  \nson article 2 ;\nVu  l'arr\u00eat\u00e9  du  Premier  ministre  et  du  ministre  de  l'Int\u00e9rieur  du  4  mars  2022  portant \nnomination  de  Monsieur  Laurent  BOULET,  ing\u00e9nieur  des  ponts,  des  eaux  et  des  for\u00eats, \ndirecteur d\u00e9partemental des territoires et de la mer du Var \u00e0 compter du 1er avril 2022 ;\nVu l'arr\u00eat\u00e9 minist\u00e9riel du 23 f\u00e9vrier 2001 fixant les prescriptions g\u00e9n\u00e9rales applicables aux  \ntravaux  d'am\u00e9nagement  portuaires  et  autres  ouvrages  r\u00e9alis\u00e9s  en  contact  avec  le  milieu \naquatique soumis \u00e0 d\u00e9claration sous la rubrique 4.1.2.0 ;\nVu l'arr\u00eat\u00e9 minist\u00e9riel du 23 f\u00e9vrier 2001 fixant les prescriptions g\u00e9n\u00e9rales applicables aux  \ntravaux de dragage et rejet y aff\u00e9rent soumis \u00e0 d\u00e9claration ;\nVu l'arr\u00eat\u00e9 interminist\u00e9riel du 9 ao\u00fbt 2006 modifi\u00e9 relatif aux niveaux \u00e0 prendre en compte  \nlors d'une analyse de rejets dans les eaux de surface ou de s\u00e9diments marins, estuariens ou  \nextraits de cours d'eau ou canaux relevant respectivement des rubriques 2.2.3.0, 4.1.3.0 et  \n3.2.1.0 de la nomenclature annex\u00e9e \u00e0 l'article R. 214-1 du code de l'environnement ;\nVu l'arr\u00eat\u00e9 du pr\u00e9fet coordonnateur de bassin n\u00b022-064 du 21 mars 2022 portant approbation \ndu sch\u00e9ma directeur d'am\u00e9nagement et de gestion des eaux du bassin Rh\u00f4ne-M\u00e9diterran\u00e9e et \narr\u00eatant le programme pluriannuel de mesures correspondant ;\n1\nDirection d\u00e9partementale\ndes territoires et de la mer du Var\nService mer et littoral\nBureau environnement marin\nDirection d\u00e9partementale des territoires et de la mer du Var - 83-2026-01-28-00003 - ARR\u00caT\u00c9 PR\u00c9FECTORAL portant prescriptions\nsp\u00e9cifiques relatif au projet de rechargement de plages sur la commune\nde Bormes-les-Mimosas 2026 - 2034\n6\nVu l'arr\u00eat\u00e9 inter-pr\u00e9fectoral du 28 octobre 2025 portant  approbation des deux premi\u00e8res  \nparties  (strat\u00e9gie  de  fa\u00e7ade  maritime  M\u00e9diterran\u00e9e)  du  document  strat\u00e9gique  de  fa\u00e7ade \nM\u00e9diterran\u00e9e ;\nVu  l'arr\u00eat\u00e9  pr\u00e9fectoral  n\u00b0  2025/25/MCI  du  2  juin  2025  portant  d\u00e9l\u00e9gation  de  signature  \u00e0 \nM. Laurent BOULET, directeur d\u00e9partemental des territoires et de la mer du Var ;\nVu  l'arr\u00eat\u00e9 pr\u00e9fectoral n\u00b0 DDTM/MPCA/2025-04 du 5 juin 2025 donnant subd\u00e9l\u00e9gation de  \nsignature \u00e0 des agents de la direction d\u00e9partementale des territoires et de la mer du Var ;\nVu l'arr\u00eat\u00e9 pr\u00e9fectoral n\u00b0 DDTM/SML/BEM/2025-01 du 30 janvier 2025 annulant et rempla\u00e7ant \nl'arr\u00eat\u00e9 du 7 mars 2019 portant prescriptions particuli\u00e8res en application de l'article R.214-35  \ndu  yacht-Club  International  de  Bormes-les-Mimosas  relative  aux  travaux  de  dragage  \nd'entretien pluriannuels 2019-2028 du port de Bormes-les-Mimosas ;\nVu l'arr\u00eat\u00e9  n\u00b0  AE-F09324P0258  du  22  ao\u00fbt  2024  du  pr\u00e9fet  de  R\u00e9gion  portant  d\u00e9cision \nd'examen  au  cas  par  cas,  concluant  \u00e0  l'absence  de  soumission  du  projet  \u00e0  \u00e9valuation \nenvironnementale ;\nVu la circulaire n\u00b0 2000-621 du 14 juin 2000 relative aux conditions d'utilisation du r\u00e9f\u00e9rentiel  \nde qualit\u00e9 des s\u00e9diments marins ou estuariens pr\u00e9sents en milieu naturel ou portuaire ;\nVu la circulaire du 4 juillet 2008 concernant les proc\u00e9dures relatives \u00e0 la gestion des s\u00e9diments \nlors de travaux ou d'op\u00e9rations impliquant des dragages ou curages maritimes et fluviaux ;\nVu le dossier de d\u00e9claration d\u00e9cennale d\u00e9pos\u00e9 au titre de l'article L. 214-3 du Code de  \nl'environnement,  enregistr\u00e9  au  guichet  MISEN  le  17  d\u00e9cembre  2024,  par  la  commune  de \nBormes-les-Mimosas, relatif au rechargement de cinq plages ;\nVu le courrier du 31 mars 2025, adress\u00e9 au maire du Bormes-les-Mimosas par le pr\u00e9fet du Var,  \nautorisant les travaux de rechargements pour l'ann\u00e9e 2025 ;\nVu les observations du demandeur sur le projet d'arr\u00eat\u00e9 pr\u00e9fectoral ;\nConsid\u00e9rant que le projet, par sa nature et ses modalit\u00e9s, est soumis \u00e0 d\u00e9claration au titre de  \nla rubrique 4.1.2.0 et respecte les prescriptions g\u00e9n\u00e9rales applicables ainsi que les objectifs du \nSDAGE Rh\u00f4ne-M\u00e9diterran\u00e9e 2022-2027 ;\nSur proposition du directeur d\u00e9partemental des territoires et de la mer du Var ;\nARR\u00caTE \nArticle 1  e  r : Objet\nLa commune de Bormes-les-Mimosas, est autoris\u00e9e, au titre de la loi sur l'eau, en application  \nde l'article L. 214-3 du code de l'environnement, sous r\u00e9serve des prescriptions \u00e9nonc\u00e9es aux  \narticles suivants, \u00e0 r\u00e9aliser l'op\u00e9ration de rechargement de sable sur les plages \u00e9num\u00e9r\u00e9es \u00e0  \nl'article 2 du pr\u00e9sent arr\u00eat\u00e9.\n2\nDirection d\u00e9partementale des territoires et de la mer du Var - 83-2026-01-28-00003 - ARR\u00caT\u00c9 PR\u00c9FECTORAL portant prescriptions\nsp\u00e9cifiques relatif au projet de rechargement de plages sur la commune\nde Bormes-les-Mimosas 2026 - 2034\n7\nLes ouvrages constitutifs de ces am\u00e9nagements rentrent dans la nomenclature des op\u00e9rations \nsoumises \u00e0 d\u00e9claration au titre de l'article L. 214-3 du code de l'environnement.\nLa rubrique d\u00e9finie au tableau de l'article R. 214-1 du code de l'environnement concern\u00e9es par \ncette op\u00e9ration est la suivante : \nRubrique Intitul\u00e9 R\u00e9gime Arr\u00eat\u00e9 de prescriptions \ng\u00e9n\u00e9rales\n4.1.2.0\nTravaux d'am\u00e9nagement portuaire \net autres ouvrages r\u00e9alis\u00e9s en \ncontact avec le milieu marin et \nayant une incidence directe sur ce \nmilieu :\n 2\u00b0 D'un montant sup\u00e9rieur ou \n\u00e9gal \u00e0 160 000 euros mais inf\u00e9rieur \n\u00e0 1 900 000 euros \nD\u00e9claration (D) Arr\u00eat\u00e9 du 23 f\u00e9vrier 2001 \nmodifi\u00e9\nArticle 2 : Localisation des travaux\nLes  op\u00e9rations  s'effectueront  exclusivement  sur  les  plages  suivantes  de  la  commune  de \nBormes-les-Mimosas :\n1 \u2013 plage de la Favi\u00e8re\n2 \u2013 plage du Camp du Domaine\n3 \u2013 plage de Gaou\n4 \u2013 plage des Cigales\n5 \u2013 plage de Porto Fino\nArticle 3 : Nature et volume des travaux\nLes op\u00e9rations de rechargement s'effectueront par apports de sables ressuy\u00e9s issus du port  \nde Bormes-les-Mimosas, d'un volume total de 5 200 m\u00b3 de sable par an, sur la p\u00e9riode 2026-\n2034, pouvant \u00eatre r\u00e9parti sur les plages cit\u00e9es \u00e0 l'article 2 du pr\u00e9sent arr\u00eat\u00e9.\nSur l'ensemble de la p\u00e9riode 2026-2034 les rechargements ne pourront pas d\u00e9passer une  \n\u00e9paisseur moyenne de 50 cm par rapport au profil topographique et bathym\u00e9trique initial  \ncorrespondant \u00e0 la premi\u00e8re ann\u00e9e avant rechargement. \nLes diff\u00e9rentes campagnes de rechargement devront s 'inscrire dans une logique d'entretien  \ndes plages avec une pr\u00e9servation du profil topographique et bathym\u00e9trique des plages. \nArticle 4 : Origine des mat\u00e9riaux\nLes s\u00e9diments utilis\u00e9s doivent \u00eatre d'origine marine, avoir une granulom\u00e9trie compatible avec  \nla plage concern\u00e9e par l'op\u00e9ration et \u00eatre de bonne qualit\u00e9 physico-chimique.\n3\nDirection d\u00e9partementale des territoires et de la mer du Var - 83-2026-01-28-00003 - ARR\u00caT\u00c9 PR\u00c9FECTORAL portant prescriptions\nsp\u00e9cifiques relatif au projet de rechargement de plages sur la commune\nde Bormes-les-Mimosas 2026 - 2034\n8\nLes s\u00e9diments utilis\u00e9s pour le rechargement pourront notamment \u00eatre issus du dragage du  \nport  de  Bormes-les-Mimosas,  extraits  conform\u00e9ment  aux  dispositions  de  l 'arr\u00eat\u00e9 \nn\u00b0DDTM/SML/BEM/2025-01 du 30 janvier 2025.\nChaque ann\u00e9e, le b\u00e9n\u00e9ficiaire devra transmettre au service en charge de la police des eaux  \nlittorales les r\u00e9sultats d'analyse des s\u00e9diments destin\u00e9s au rechargement, au moins un mois  \navant le d\u00e9but des travaux. Ces \u00e9l\u00e9ments devront \u00eatre accompagn\u00e9s du protocole de gestion  \ndes s\u00e9diments ainsi que du volume pr\u00e9vu, afin d'obtenir la validation pr\u00e9alable du service. \nPar ailleurs, dans l'\u00e9ventualit\u00e9 o\u00f9 les s\u00e9diments utilis\u00e9s pour les op\u00e9rations de rechargement  \nproviendraient d'une autre commune, la convention liant la commune de Bormes-les-Mimosas \n\u00e0 cette collectivit\u00e9 sera adress\u00e9e au service en charge de la police des eaux littorales, chaque  \nann\u00e9e, au moins deux mois avant le d\u00e9but des travaux.\nArticle 5     : Modalit\u00e9 de d\u00e9p\u00f4ts\nLes modalit\u00e9s de d\u00e9p\u00f4t sont les suivantes :\nLes s\u00e9diments sont extraits \u00e0 la drague hydraulique. Les mat\u00e9riaux sont ensuite ressuy\u00e9s dans  \nun bassin de d\u00e9cantation situ\u00e9 sur la Pointe Gouron pour le dragage de la passe d'entr\u00e9e nord \n(chenal d'acc\u00e8s) et sur la plage de la Favi\u00e8re pour les zones \u00e0 draguer au sud. Le sable est  \nstock\u00e9  temporairement  dans  ces  bassins,  dans  l'attente  de  son  export  vers  des  sites  de \nrechargement communaux ou extra-communaux. \nLe  rechargement  devra  se  faire,  pour  sa  proportion  la  plus  importante,  sur  les  parties \n\u00e9merg\u00e9es des plages et en extr\u00e9mit\u00e9 haute de la plage afin de garantir un profil de plage  \ncoh\u00e9rent. \nA  rticle   6   : Calendrier d'ex\u00e9cution\nLes rechargements sont autoris\u00e9s, chaque ann\u00e9e, hors saison baln\u00e9aire et hors p\u00e9riode de  \nreproduction de faune marine.\nArticle 7     :   Mesures de protection et de suivi des bioc\u00e9noses\nDes mesures permettant d'\u00e9viter, r\u00e9duire ou compenser tout impact sur les sites concern\u00e9s  \npar  les  rechargements  projet\u00e9s  sont  expos\u00e9es  dans  le  dossier  de  d\u00e9claration  d\u00e9pos\u00e9  le \n8 novembre 2024.\nLe porteur de projet doit veiller \u00e0 ce que l'ensemble du projet, tant en phase travaux qu'en  \nmati\u00e8re de suivi, demeure conforme au contenu du dossier, sous r\u00e9serve du respect des  \nprescriptions sp\u00e9cifiques port\u00e9es par le pr\u00e9sent arr\u00eat\u00e9.\nConsid\u00e9rant l'ann\u00e9e 2025 comme \u00e9tant la r\u00e9f\u00e9rence N0, seront mis en place :\n- concernant les bioc\u00e9noses :\n\u25aa Un suivi de la vitalit\u00e9 des herbiers marins aux ann\u00e9es N0, N+1, N+3, N+5 et  \nN+10 ;\n4\nDirection d\u00e9partementale des territoires et de la mer du Var - 83-2026-01-28-00003 - ARR\u00caT\u00c9 PR\u00c9FECTORAL portant prescriptions\nsp\u00e9cifiques relatif au projet de rechargement de plages sur la commune\nde Bormes-les-Mimosas 2026 - 2034\n9\n\u25aa Une cartographie de la limite sup\u00e9rieure de l'herbier marin au droit des plages  \nrecharg\u00e9es aux ann\u00e9es N0, N+5 et N+10 ;\n \n- concernant le profil des plages :\n\u25aa La  r\u00e9alisation  d'un  relev\u00e9  topographique  (profils  de  plages  et  lev\u00e9s  \nbathym\u00e9triques par sections repr\u00e9sentatives de la morphologie de la plage) et  \nd'un \u00e9tat des lieux du trait de c\u00f4te avant chaque campagne de rechargement ; \n\u25aa La r\u00e9alisation d'un relev\u00e9 topographique et deux suivis du trait de c\u00f4te apr\u00e8s  \nchaque campagne de rechargement (un apr\u00e8s le rechargement et un apr\u00e8s la  \nsaison estivale) ;\n\u25aa Un contr\u00f4le granulom\u00e9trique aux ann\u00e9es N+5 et N+10.\nLes profils de plage \u00e9tablis pour chaque plage avant tout rechargement, dits \u00ab  r\u00e9f\u00e9rents \u00bb, \nainsi que leur positionnement, les volumes et surfaces impact\u00e9es par le rechargement, seront  \nadress\u00e9s  au  service  en  charge  de  la  police  des  eaux  littorales,  accompagn\u00e9s  des  profils \nprojet\u00e9s, au moins un mois avant le d\u00e9but des travaux.\nLes r\u00e9sultats de l'ensemble des suivis feront l'objet de bilans transmis au service en charge de  \nla  police  des  eaux  littorales,  assortis,  le  cas  \u00e9ch\u00e9ant,  de  propositions  d'ajustements  \ntechniques.\nUn rapport annuel comportant les volumes de mat\u00e9riaux recharg\u00e9s, les r\u00e9sultats d'analyses et  \nles  documents  photographiques  sera  \u00e9galement  transmis  au  service  en  charge  des  eaux \nlittorales dans un d\u00e9lai maximum de trois mois apr\u00e8s la fin des travaux. \nPour chaque profil, la mat\u00e9rialisation du rechargement r\u00e9alis\u00e9 devra \u00eatre transmise, une fois  \nles travaux achev\u00e9s, dans un d\u00e9lai de trois mois au service pr\u00e9cit\u00e9. \nPar ailleurs, les prescriptions suivantes devront \u00eatre respect\u00e9es :\nPendant la phase de travaux :\n\u2022 Des filets anti-turbidit\u00e9 seront d\u00e9ploy\u00e9s, si n\u00e9cessaire, entre la limite sup\u00e9rieure  \ndes herbiers et la zone de plage, afin de limiter la dispersion des mati\u00e8res en  \nsuspension ;\n\u2022 Le suivi microbiologique de la qualit\u00e9 des eaux sera assur\u00e9 pendant toute la  \ndur\u00e9e des op\u00e9rations de rechargement ;\n\u2022 La circulation des engins sera strictement limit\u00e9e aux zones \u00e0 recharger. Des  \nplots  seront  install\u00e9s  \u00e0  une  distance  minimale  d'un  m\u00e8tre  du  rivage  afin \nd'interdire  tout  passage  d'engins  sur  cette  bande  littorale.  Les  op\u00e9rations \nd'approvisionnement en carburant des engins de chantier seront r\u00e9alis\u00e9es sur  \nsite, en prenant toutes les pr\u00e9cautions n\u00e9cessaires pour \u00e9viter toute pollution  \naccidentelle, notamment par la mise en place de nattes absorbantes et de bacs  \nde r\u00e9tention des hydrocarbures ;\n5\nDirection d\u00e9partementale des territoires et de la mer du Var - 83-2026-01-28-00003 - ARR\u00caT\u00c9 PR\u00c9FECTORAL portant prescriptions\nsp\u00e9cifiques relatif au projet de rechargement de plages sur la commune\nde Bormes-les-Mimosas 2026 - 2034\n10\n\u00c0 l'issue des travaux :\n\u2022 Une  analyse  de  la  qualit\u00e9  sanitaire  des  eaux  de  baignades  suite  \u00e0  chaque \nop\u00e9ration de rechargement, en tant que de besoin.\nArticle 8     :   Gestion des banquettes de Posidonies\nLa destruction des banquettes de Posidonie est proscrite. \nLeur gestion peut prendre la forme d'un transfert vers d'autres sites littoraux proches, de  \npr\u00e9f\u00e9rence  sujets  \u00e0  \u00e9rosion,  avec  repositionnement  en  p\u00e9riode  hivernale  ou  d'un  \nd\u00e9placement vers la partie haute des plages.\nPour le reprofilage des plages, la technique dite du \u00ab mille-feuille \u00bb pourra \u00eatre privil\u00e9gi\u00e9e, y  \ncompris en recourant, si n\u00e9cessaire, \u00e0 de la Posidonie issue d'autres sites. \nArticle 9 : D\u00e9but et fin des travaux\nLe b\u00e9n\u00e9ficiaire devra informer le service en charge de la police  des eaux littorales , de son  \nintention de commencer les travaux au moins 15 jours avant le d\u00e9but de ceux-ci, en pr\u00e9cisant  \nle calendrier pr\u00e9visionnel d'ex\u00e9cution et les plages concern\u00e9es.\nLa cellule contr\u00f4le de la police des eaux littorales sera invit\u00e9e \u00e0 la r\u00e9union de d\u00e9marrage des  \ntravaux.\nChaque ann\u00e9e, le b\u00e9n\u00e9ficiaire devra transmettre au service en charge de la police des eaux  \nlittorales les r\u00e9sultats d'analyse des s\u00e9diments destin\u00e9s au rechargement, au moins deux mois  \navant le d\u00e9but des travaux. Ces \u00e9l\u00e9ments devront \u00eatre accompagn\u00e9s du protocole de gestion  \ndes s\u00e9diments ainsi que du volume pr\u00e9vu, afin d'obtenir la validation pr\u00e9alable du service.\nUne d\u00e9claration de fin de travaux devra \u00eatre transmise au m\u00eame service, dans un d\u00e9lai de  \ntrois mois, apr\u00e8s chaque op\u00e9ration annuelle de rechargement. \nCe document synth\u00e9tique comprendra :\n\u2022 le protocole de gestion des s\u00e9diments mis en \u0153uvre ;\n\u2022 les r\u00e9sultats des analyses sur s\u00e9diments ;\n\u2022 les r\u00e9sultats du contr\u00f4le de la qualit\u00e9 des eaux ;\n\u2022 les profils de plage et les lev\u00e9s bathym\u00e9triques r\u00e9alis\u00e9s avant et apr\u00e8s travaux ;\n\u2022 les volumes mis en jeu et le protocole de gestion de l'origine des s\u00e9diments ;\n\u2022 les informations consign\u00e9es journellement par l'entreprise ; \n\u2022 une note de synth\u00e8se sur le d\u00e9roulement de l'op\u00e9ration.\n6\nDirection d\u00e9partementale des territoires et de la mer du Var - 83-2026-01-28-00003 - ARR\u00caT\u00c9 PR\u00c9FECTORAL portant prescriptions\nsp\u00e9cifiques relatif au projet de rechargement de plages sur la commune\nde Bormes-les-Mimosas 2026 - 2034\n11\nArticle   10  :   \u00c9l\u00e9ments \u00e0 transmettre au service en charge de la police des eaux littorales\n\u00c9ch\u00e9ance Article Objet\nAu plus tard un mois avant le \nd\u00e9marrage des travaux 4 Le  protocole  de  gestion  de  l'origine  des  s\u00e9diments  et  les  volumes \nr\u00e9cup\u00e9r\u00e9s par site et les r\u00e9sultats d'analyses. \nAu plus tard un mois avant le \nd\u00e9marrage des travaux \nchaque ann\u00e9e\n7 Les profils de plage \u00e9tablis avant l'op\u00e9ration et les profils projet\u00e9s.\nAu plus tard un mois avant le \nd\u00e9marrage des travaux \nchaque ann\u00e9e\n7 Le  protocole  permettant  d'assurer  l'absence  d'impact  direct  du  \nrechargement sur les herbiers.\nD\u00e8s la r\u00e9alisation 7 Le r\u00e9sultat du suivi des herbiers marins pour les ann\u00e9es N+1, N+3, N+5  \net N+10.\nTrois mois au plus tard apr\u00e8s \nla date de fin des travaux \nchaque ann\u00e9e\n9 Un rapport annuel de fin de travaux.\nAu plus tard 15 jours avant le \nd\u00e9marrage des travaux \nchaque ann\u00e9e\n9 Intention  de  commencer  les  travaux,  en  pr\u00e9cisant  le  calendrier  \npr\u00e9visionnel et les plages concern\u00e9es.\nArticle 11     :   Dur\u00e9e de validit\u00e9\nLa d\u00e9claration est valable 10 ans \u00e0 compter de sa notification et le pr\u00e9sent arr\u00eat\u00e9 s'appliquera \nsur la p\u00e9riode 2026-2034.\nArticle 12     :   Voies et d\u00e9lais de recours\nLa pr\u00e9sente autorisation est susceptible d'\u00eatre d\u00e9f\u00e9r\u00e9e devant le tribunal administratif de  \nToulon, dans un d\u00e9lai de deux mois, par les titulaires, \u00e0 compter de sa notification et dans un  \nd\u00e9lai de deux mois, par les tiers, \u00e0 compter de la derni\u00e8re formalit\u00e9 de publicit\u00e9 accomplie, en \napplication de l'article R.181-50 du code de l'environnement.\nLe tribunal administratif peut \u00eatre saisi par l'application informatique \u00abt\u00e9l\u00e9recours citoyens\u00bb  \naccessible par le site internet www.telerecours.fr.\nDans le m\u00eame d\u00e9lai de deux mois, les titulaires peuvent pr\u00e9senter un recours gracieux aupr\u00e8s  \ndu Pr\u00e9fet. Le silence gard\u00e9 par l'administration pendant plus de deux mois sur la demande de  \nrecours gracieux emporte d\u00e9cision implicite de rejet de cette demande, conform\u00e9ment \u00e0  \nl'article R.421-2 du code de justice administrative.\nArticle 13     :   Information du public et des tiers\n \nUne copie du pr\u00e9sent arr\u00eat\u00e9 sera transmise pour tenue \u00e0 la disposition du public \u00e0 la mairie de \nBormes-les-Mimosas, pendant toute la dur\u00e9e de validit\u00e9 de la d\u00e9claration. \nCes informations sont mises \u00e0 disposition du public sur le site internet de la pr\u00e9fecture du Var \npendant une dur\u00e9e d'au moins six mois.\n7\nDirection d\u00e9partementale des territoires et de la mer du Var - 83-2026-01-28-00003 - ARR\u00caT\u00c9 PR\u00c9FECTORAL portant prescriptions\nsp\u00e9cifiques relatif au projet de rechargement de plages sur la commune\nde Bormes-les-Mimosas 2026 - 2034\n12\nLes droits des tiers sont et demeurent express\u00e9ment r\u00e9serv\u00e9s.\nArticle 14     :   Responsabilit\u00e9\nLa pr\u00e9sente d\u00e9claration ne dispense pas le b\u00e9n\u00e9ficiaire d'obtenir toute autre autorisation  \n\u00e9ventuellement requise au titre d'autres r\u00e9glementations.\nLe p\u00e9titionnaire est responsable de la bonne ex\u00e9cution des travaux et de leurs \u00e9ventuelles  \ncons\u00e9quences sur les tiers et l'environnement, conform\u00e9ment \u00e0 l'article L.160-1 du code de  \nl'environnement.\nArticle 15 : Mise en service \nLa mise en \u0153uvre des rechargements est autoris\u00e9e \u00e0 compter de la notification du pr\u00e9sent  \narr\u00eat\u00e9 et dans les conditions fix\u00e9es \u00e0 l'article 4. Aucune op\u00e9ration ne pourra d\u00e9buter avant la  \ntransmission de la premi\u00e8re d\u00e9claration d'engagement de travaux.\nArticle 16 : Ex\u00e9cution \nLe secr\u00e9taire g\u00e9n\u00e9ral de la pr\u00e9fecture du Var, le directeur d\u00e9partemental des territoires et de  \nla mer du Var, et le maire de Bormes-les-Mimosas sont charg\u00e9s chacun en ce qui le concerne,  \nde l'ex\u00e9cution du pr\u00e9sent arr\u00eat\u00e9.\nFait \u00e0 Toulon, le 28 janvier 2026\nPour le Pr\u00e9fet et par d\u00e9l\u00e9gation,\npour le Directeur D\u00e9partemental des Territoires et \nde la Mer,\nle Chef du Service Mer et Littoral\nsign\u00e9\nOlivier VAROQUI\n8\nDirection d\u00e9partementale des territoires et de la mer du Var - 83-2026-01-28-00003 - ARR\u00caT\u00c9 PR\u00c9FECTORAL portant prescriptions\nsp\u00e9cifiques relatif au projet de rechargement de plages sur la commune\nde Bormes-les-Mimosas 2026 - 2034\n13\nPr\u00e9fecture du VAR\n83-2026-02-02-00002\nARR\u00caT\u00c9 PR\u00c9FECTORAL n\u00b0 2026/10/MCI du 2\nf\u00e9vrier 2026 portant d\u00e9l\u00e9gation de signature \u00e0\nMme Isabelle CATHERINEAU, directrice de la\ncitoyennet\u00e9 et de la l\u00e9galit\u00e9 de la pr\u00e9fecture du\nVar.\nPr\u00e9fecture du VAR - 83-2026-02-02-00002 - ARR\u00caT\u00c9 PR\u00c9FECTORAL n\u00b0 2026/10/MCI du 2 f\u00e9vrier 2026 portant d\u00e9l\u00e9gation de signature \u00e0\nMme Isabelle CATHERINEAU, directrice de la citoyennet\u00e9 et de la l\u00e9galit\u00e9 de la pr\u00e9fecture du Var. 14\n=mPREFETDU VARLibert\u00e9Egalit\u00e9Fraternit\u00e9\nDirection de la coordination des politiques publiques\net de l'appui territorial\nMission de coordination interminist\u00e9rielle\nARR\u00caT\u00c9 PR\u00c9FECTORAL n\u00b0 2026/10/MCI du 2 f\u00e9vrier 2026\nportant d\u00e9l\u00e9gation de signature \u00e0 Mme Isabelle CATHERINEAU,\ndirectrice de la citoyennet\u00e9 et de la l\u00e9galit\u00e9 de la pr\u00e9fecture du Var.\nLe Pr\u00e9fet du Var,\nChevalier de la L\u00e9gion d'Honneur,\nChevalier de l'Ordre National du M\u00e9rite,\nVu la loi n\u00b0 82-213 du 2 mars 1982 modifi\u00e9e, relative aux droits et libert\u00e9s des communes, des \nd\u00e9partements et des r\u00e9gions ;\nVu la loi n\u00b0 83-8 du 7 janvier 1983 modifi\u00e9e, relative \u00e0 la r\u00e9partition des comp\u00e9tences entre les \ncommunes, les d\u00e9partements, les r\u00e9gions et l'\u00c9tat ;\nVu  la  loi  d'orientation  n\u00b0  92-125  du  6  f\u00e9vrier  1992  modifi\u00e9e  relative  \u00e0  l'administration \nterritoriale de la R\u00e9publique ;\nVu la loi n\u00b0 2004-809 du 13 ao\u00fbt 2004 modifi\u00e9e relative aux libert\u00e9s et responsabilit\u00e9s locales ;\nVu  le  d\u00e9cret  n\u00b0  2004-374  du  29  avril  2004  modifi\u00e9  relatif  aux  pouvoirs  des  pr\u00e9fets,  \u00e0 \nl'organisation et \u00e0 l'action des services de l'\u00c9tat dans les r\u00e9gions et d\u00e9partements ;\nVu le d\u00e9cret n\u00b0 2015-510 du 7 mai 2015 portant charte de la d\u00e9concentration ;\nVu  le  d\u00e9cret  du  Pr\u00e9sident  de  la  R\u00e9publique  du  15  avril  2022  portant  nomination  de \nM.  Lucien  GIUDICELLI,  secr\u00e9taire  g\u00e9n\u00e9ral  de  la  pr\u00e9fecture  du  Var,  sous-pr\u00e9fet  de  \nl'arrondissement de Toulon ; \nVu le d\u00e9cret du Pr\u00e9sident de la R\u00e9publique du 15 mai 2025 portant nomination de M. Simon  \nBABRE, pr\u00e9fet du Var ;\nVu  l'arr\u00eat\u00e9  pr\u00e9fectoral  n\u00b02025/72/MCI  du  17  d\u00e9cembre  2025  portant  organisation  de  la \npr\u00e9fecture du Var ;\nVu  la  d\u00e9cision  favorable  du  28  janvier  2026  portant  affectation  de  Madame  Isabelle \nCatherineau en qualit\u00e9 de directrice de la citoyennet\u00e9 et de la l\u00e9galit\u00e9 de la pr\u00e9fecture du Var  \n\u00e0 compter du 1er f\u00e9vrier 2026 ;\nSur proposition du secr\u00e9taire g\u00e9n\u00e9ral de la pr\u00e9fecture du Var,\nARR\u00caTE :\nARTICLE 1  er      : L'arr\u00eat\u00e9 pr\u00e9fectoral n\u00b0 2026/02/MCI du 19 janvier 2026  portant d\u00e9l\u00e9gation de  \nsignature \u00e0 M. Lionel GARENTE , directeur de la citoyennet\u00e9 et de la l\u00e9galit\u00e9 de la pr\u00e9fecture  \ndu Var par int\u00e9rim, est abrog\u00e9.\n1/4\nPr\u00e9fecture du VAR - 83-2026-02-02-00002 - ARR\u00caT\u00c9 PR\u00c9FECTORAL n\u00b0 2026/10/MCI du 2 f\u00e9vrier 2026 portant d\u00e9l\u00e9gation de signature \u00e0\nMme Isabelle CATHERINEAU, directrice de la citoyennet\u00e9 et de la l\u00e9galit\u00e9 de la pr\u00e9fecture du Var. 15\nARTICLE  2  :  D\u00e9l\u00e9gation  est  donn\u00e9e  \u00e0  Mme  Isabelle  CATHERINEAU,  conseill\u00e8re  \nd'administration de l'int\u00e9rieur et de l'outre-mer, directrice de la citoyennet\u00e9 et de la l\u00e9galit\u00e9,  \naux fins de signer, dans les limites des attributions de cette direction,  tous actes, documents \net correspondances ne pr\u00e9sentant pas un caract\u00e8re d\u00e9cisionnel, \u00e0 l'exclusion des requ\u00eates et  \nm\u00e9moires devant les juridictions, des lettres circulaires et des lettres personnelles aux \u00e9lus.\nARTICLE 3 : D\u00e9l\u00e9gation est \u00e9galement donn\u00e9e \u00e0 Mme Isabelle CATHERINEAU pour signer les  \nactes \u00e9num\u00e9r\u00e9s ci-apr\u00e8s,  \u00e0 l'exclusion des d\u00e9cisions d\u00e9favorables ou des d\u00e9cisions portant  \nretrait d'autorisation ou retrait d'agr\u00e9ment :\na)    le s d\u00e9cisions relatives \u00e0 l'activit\u00e9 de conducteur de taxi,  de conducteur de voiture de  \ntransport avec chauffeur (VTC), de conducteur de v\u00e9hicule motoris\u00e9 \u00e0 deux ou trois roues,  \n(VMDTR), les cartes professionnelles correspondantes ;\nb)   l'agr\u00e9ment des centres de formation habilit\u00e9s \u00e0 dispenser la formation initiale et continue \ndes conducteurs de taxi et des conducteurs de voiture de transport avec chauffeur (VTC) et \u00e0 \ndispenser la formation \u00e0 la mobilit\u00e9 des conducteurs de taxi ;\nc)   les cartes de guide conf\u00e9rencier, les r\u00e9c\u00e9piss\u00e9s de d\u00e9claration de revendeur  d'objets \nmobiliers ;\nd) les attestations en vue de l'\u00e9tablissement d'un duplicata de permis de chasser ;\ne) les  actes  relatifs  \u00e0  l'instruction  des  demandes  de  remboursement  de  frais  \nd'indemnisation des gardiens de fourri\u00e8res automobiles et leur mise en recouvrement aupr\u00e8s  \ndes propri\u00e9taires des v\u00e9hicules abandonn\u00e9s ;\nf)  l'agr\u00e9ment des soci\u00e9t\u00e9s domiciliataires d'entreprises ;\ng) les titres de ma\u00eetre-restaurateur ;\nh)     les d\u00e9cisions relatives aux appels \u00e0 la g\u00e9n\u00e9rosit\u00e9 publique, les qu\u00eates ;\ni) l'habilitation des entreprises fun\u00e9raires ;\nj) les laissez-passer de corps et urnes cin\u00e9raires vers l'\u00e9tranger, les autorisations de transport \nde corps et urnes cin\u00e9raires vers l'\u00e9tranger, les d\u00e9rogations au d\u00e9lai r\u00e9glementaire de quatorze \njours en vue de l'inhumation ou de l'incin\u00e9ration des corps des personnes d\u00e9c\u00e9d\u00e9es, les  \nautorisations d'inhumation en propri\u00e9t\u00e9 priv\u00e9e ;\nk) les  r\u00e9c\u00e9piss\u00e9s  de  d\u00e9p\u00f4t  d'une  d\u00e9claration  de  mandataire  financier  d'un  candidat \npotentiel aux \u00e9lections politiques, les re\u00e7us de d\u00e9p\u00f4t d'une d\u00e9claration de candidature pour  \nle 1er tour de scrutin et les r\u00e9c\u00e9piss\u00e9s d\u00e9finitifs d'une d\u00e9claration de candidature pour le 2\u00e8me \ntour de scrutin aux \u00e9lections politiques ;\nl) les d\u00e9cisions relatives aux d\u00e9clarations d'option pour l'incorporation dans les services  \nnationaux fran\u00e7ais des jeunes bi-nationaux ;\nm)  les lettres de demande de pi\u00e8ces et d'informations compl\u00e9mentaires en mati\u00e8re de  \ncontr\u00f4le de l\u00e9galit\u00e9 et budg\u00e9taire ne valant pas recours gracieux ;\n2/4\nPr\u00e9fecture du VAR - 83-2026-02-02-00002 - ARR\u00caT\u00c9 PR\u00c9FECTORAL n\u00b0 2026/10/MCI du 2 f\u00e9vrier 2026 portant d\u00e9l\u00e9gation de signature \u00e0\nMme Isabelle CATHERINEAU, directrice de la citoyennet\u00e9 et de la l\u00e9galit\u00e9 de la pr\u00e9fecture du Var. 16\nn) toutes  correspondances  relatives  aux  certificats  d'immatriculation  ainsi  que  les  \nconventions d'habilitation et d'agr\u00e9ment au syst\u00e8me d'immatriculation des v\u00e9hicules (S.I.V) ;\no) l'autorisation de qu\u00eate sur la voie publique ;\np) l'habilitation des agents de police judiciaire adjoints et des gardes champ\u00eatres en vue de  \nl'acc\u00e8s au SIV.\nARTICLE 4     :   D\u00e9l\u00e9gation de signature est donn\u00e9e \u00e0 M. Lionel GARENTE, attach\u00e9 principal  \nd'administration de l'\u00c9tat, adjoint \u00e0 la directrice, chef du bureau du contr\u00f4le de l\u00e9galit\u00e9 et de  \nl'intercommunalit\u00e9, pour les actes vis\u00e9s \u00e0 l'article 1 ci-dessus relevant des missions de ce  \nbureau et pour les attributions mentionn\u00e9es au m) de l'article 2 ci-dessus en mati\u00e8re de  \ncontr\u00f4le de l\u00e9galit\u00e9.\nEn  cas  d'absence  ou  d'emp\u00eachement  de  M.  Lionel  GARENTE,  la  d\u00e9l\u00e9gation  qui  lui  est \naccord\u00e9e  par  le  pr\u00e9sent  article  est  exerc\u00e9e  dans  les  m\u00eames  conditions  par  Mme  Rachel \nBOURDARIAT, attach\u00e9e d'administration de l'\u00c9tat, adjointe au chef de bureau.\nARTICLE  5     :  D\u00e9l\u00e9gation  de  signature  est  donn\u00e9e  \u00e0  Mme  Nicole  VIEL-SORGUS,  attach\u00e9e \nprincipale d'administration de l'\u00c9tat,  cheffe du bureau des fondations et des associations , \npour les actes vis\u00e9s \u00e0 l'article 1 ci-dessus relevant des attributions de ce bureau,  pour la  \ngestion du greffe des associations Lois 1901, 1905 et 1907 et le suivi des dossiers associatifs  \nsp\u00e9cifiques : dons et legs, ARUP , FRUP , fondations et fonds de dotation etc... \nARTICLE  6 : D\u00e9l\u00e9gation  de  signature  est  donn\u00e9e  \u00e0  M.  Thibaud  RIVIECCIO,  attach\u00e9  \nd'administration de l'\u00c9tat, chef du bureau des \u00e9lections et de la r\u00e9glementation g\u00e9n\u00e9rale,  \npour les actes vis\u00e9s \u00e0 l'article 1 ci-dessus relevant des attributions de ce bureau et pour les  \nattributions mentionn\u00e9es aux a), c), d), e), h), j), k), l), n), o) et p) de l'article 2 ci-dessus.\nEn cas d'absence ou d'emp\u00eachement de M. Thibaud RIVIECCIO, la d\u00e9l\u00e9gation qui lui est  \naccord\u00e9e  par  le  pr\u00e9sent  article  est  exerc\u00e9e  dans  les  m\u00eames  conditions  par Mme  Nobla  \nBEN GARA, attach\u00e9e principale d'administration de l'\u00c9tat, adjointe au chef de bureau.\nEn cas d'absence ou d'emp\u00eachement simultan\u00e9s de M. Thibaud RIVIECCIO et de Mme Nobla  \nBEN GARA, d\u00e9l\u00e9gation est donn\u00e9e \u00e0 M. Thomas GRIMMELPONT, secr\u00e9taire administratif de  \nclasse normale, chef de la section \u00ab  \u00c9lections \u00bb, et en son absence, \u00e0 M. Jean-Manuel PAIS,  \nagent contractuel de cat\u00e9gorie B, chef de la section \u00ab  r\u00e9glementation g\u00e9n\u00e9rale \u00bb, pour les  \nactes vis\u00e9s \u00e0 l'article 1 ci-dessus relevant des attributions de ce bureau et pour les attributions \nmentionn\u00e9es aux c), d), j), l) et o) de l'article 2 ci-dessus.\nARTICLE  7 : D\u00e9l\u00e9gation  de  signature  est  donn\u00e9e  \u00e0  Mme  Laure  RESSEGUIER,  attach\u00e9e \nd'administration de l'\u00c9tat, cheffe du bureau des finances locales, pour les actes mentionn\u00e9s \u00e0  \nl'article 1 ci-dessus relevant des missions de ce bureau et pour les attributions mentionn\u00e9es au \nm) de l'article 2 ci-dessus en mati\u00e8re de contr\u00f4le budg\u00e9taire.\n3/4\nPr\u00e9fecture du VAR - 83-2026-02-02-00002 - ARR\u00caT\u00c9 PR\u00c9FECTORAL n\u00b0 2026/10/MCI du 2 f\u00e9vrier 2026 portant d\u00e9l\u00e9gation de signature \u00e0\nMme Isabelle CATHERINEAU, directrice de la citoyennet\u00e9 et de la l\u00e9galit\u00e9 de la pr\u00e9fecture du Var. 17\nEn cas d'absence ou d'emp\u00eachement de Mme Laure RESSEGUIER, la d\u00e9l\u00e9gation qui lui est  \naccord\u00e9e par le pr\u00e9sent article, est exerc\u00e9e dans les m\u00eames conditions par  M. Jean-Fran\u00e7ois \nRUIZ, secr\u00e9taire administratif de classe sup\u00e9rieure, adjoint \u00e0 la cheffe de bureau.\nARTICLE  8 : En  cas  d'absence  ou  d'emp\u00eachement  de  Mme  Isabelle  CATHERINEAU,  la \nd\u00e9l\u00e9gation qui lui est consentie aux articles 1 et 2 du pr\u00e9sent arr\u00eat\u00e9 est exerc\u00e9e dans les  \nm\u00eames conditions dans l'ordre suivant par :\n- M. Lionel GARENTE, attach\u00e9 principal d'administration de l'\u00c9tat, adjoint \u00e0 la directrice, chef  \ndu bureau du contr\u00f4le de l\u00e9galit\u00e9 et de l'intercommunalit\u00e9 ;\n- M. Thibaud RIVIECCIO, attach\u00e9 d'administration de l'\u00c9tat, chef du bureau des \u00e9lections et  \nde la r\u00e9glementation g\u00e9n\u00e9rale ;\n- Mme Laure RESSEGUIER, attach\u00e9e d'administration de l'\u00c9tat, cheffe du bureau des finances  \nlocales ;\n- Mme Nicole VIEL-SORGUS, attach\u00e9e principale d'administration de l'\u00c9tat, cheffe du bureau  \ndes fondations et des associations.\nARTICLE 9 : Le secr\u00e9taire g\u00e9n\u00e9ral de la pr\u00e9fecture e t la directrice de la citoyennet\u00e9 et de la  \nl\u00e9galit\u00e9, sont charg\u00e9s, chacun en ce qui le concerne, de l'ex\u00e9cution du pr\u00e9sent arr\u00eat\u00e9 qui  sera \npubli\u00e9 au recueil des actes administratifs de la pr\u00e9fecture du Var.\nFait \u00e0 Toulon, le 2 f\u00e9vrier 2026\nLe Pr\u00e9fet du Var\nSign\u00e9\nSimon BABRE\n4/4\nPr\u00e9fecture du VAR - 83-2026-02-02-00002 - ARR\u00caT\u00c9 PR\u00c9FECTORAL n\u00b0 2026/10/MCI du 2 f\u00e9vrier 2026 portant d\u00e9l\u00e9gation de signature \u00e0\nMme Isabelle CATHERINEAU, directrice de la citoyennet\u00e9 et de la l\u00e9galit\u00e9 de la pr\u00e9fecture du Var. 18","date":"2026-02-02","first_seen_on":"2026-02-02T15:58:38+00:00","id":"28b6da210d1b04607c1ff7cb1a7c038d7ae915bd9cf6f13dd4c630a494e440f3","name":"RAA N\u00b041 du 2 f\u00e9vrier 2026","pdf_creation_date":"2026-02-02T15:33:12+00:00","pdf_modification_date":null,"timezone":"Europe/Paris","url":"https://www.var.gouv.fr/contenu/telechargement/44748/292128/file/RAA%20N%C2%B041%20du%202%20f%C3%A9vrier%202026%20(Actes%20non%20nominatifs).pdf"}
