{"administration":"pref50","administration_name":"Pr\u00e9fecture de la Manche","content":"RECUEIL DES ACTES\nADMINISTRATIFS\nDE LA MANCHE\nDOCUMENTATION\nET\nINFORMATIONS\nMAI 2023\nNUMERO SPECIAL N\u00b0 41\nLe contenu int\u00e9gral des textes et/ou les documents et plans annex\u00e9s\npeut \u00eatre consult\u00e9 aupr\u00e8s du service sous le timbre duquel la publication\nest r\u00e9alis\u00e9e et sur le site Internet de la pr\u00e9fecture :\nhttp://www.manche.gouv.fr\nRubrique : Publications - Annonces et avis - Recueil des actes administratifs\n\nS O M M A I R E\nDIRECTION DEPARTEMENTALE DES TERRITOIRES ET DE LA MER.................................................................................................................2\nArr\u00eat\u00e9 n\u00b0 DDTM -DIR- 2023-04 du 22 mai 2023 donnant subd\u00e9l\u00e9gation de signature de Mme Martine CAVALLERA-LEVI \u00e0 certains de \nses collaborateurs........................................................................................................................................................................................................2\nArr\u00eat\u00e9 n\u00b0 DDTM-DIR \u2013 2023-05 donnant subd\u00e9l\u00e9gation de signature de Mme Martine CAVALLERA-LEVI aux ordonnateurs \nsecondaires d\u00e9l\u00e9gu\u00e9s..................................................................................................................................................................................................7\nArr\u00eat\u00e9 n\u00b0DDTM-DIR-2023-06 du 22 mai 2023 portant d\u00e9l\u00e9gation de signature de la directrice d\u00e9partementale des territoires et de la \nmer de la Manche \u00e0 certains agents en mati\u00e8re de fiscalit\u00e9 de l'urbanisme............................................................................................................11\nDIVERS......................................................................................................................................................................................................................12\nCENTRE HOSPITALIER DE L'ESTRAN.............................................................................................................................................................................12\nD\u00e9cision n\u00b0 2023/16 \u2013 DG du 17 avril 2023 portant d\u00e9l\u00e9gation de signature pour les fonctions d'administrateur de garde............................... 12\nD\u00e9cision n\u00b0 2023/25 \u2013 DG du 17 avril 2023 portant d\u00e9l\u00e9gation de signature pour les fonctions d'attach\u00e9 d'administration au p\u00f4le \ngestion financi\u00e8re, performance et dialogue de gestion............................................................................................................................................12\nD\u00e9cision n\u00b0 2023/27- DG du 17 avril 2023 portant d\u00e9l\u00e9gation de signature pour les fonctions d'adjoint administratif au bureau des \nentr\u00e9es et soins sans consentement.........................................................................................................................................................................13\nD\u00e9cision n\u00b0 2023/29 \u2013 DG du 17 avril 2023 portant d\u00e9l\u00e9gation de signature pour les fonctions d'adjoint administratif au bureau des \nentr\u00e9es.......................................................................................................................................................................................................................13\n\uf0bf\nDIRECTION DEPARTEMENTALE DES TERRITOIRES ET DE LA MER\nArr\u00eat\u00e9 n\u00b0 DDTM -DIR- 2023-04 du 22 mai 2023 donnant subd\u00e9l\u00e9gation de signature de Mme Martine CAVALLERA-LEVI \u00e0 certains de ses\ncollaborateurs\nVu le d\u00e9cret n\u00b02004-374 du 29 avril 2004 modifi\u00e9, relatif aux pouvoirs des pr\u00e9fets, \u00e0 l'organisation et \u00e0 l'action des services de l'\u00c9tat dans les \nr\u00e9gions et d\u00e9partements ; \nVu le d\u00e9cret n\u00b02008-158 du 22 f\u00e9vrier 2008 relatif \u00e0 la suppl\u00e9ance des pr\u00e9fets de r\u00e9gion et \u00e0 la d\u00e9l\u00e9gation de signature des pr\u00e9fets, hauts-\ncommissaires de la r\u00e9publique en Polyn\u00e9sie fran\u00e7aise et en Nouvelle-Cal\u00e9donie ; \nVu le d\u00e9cret n\u00b02009-1484 du 3 d\u00e9cembre 2009 relatif aux directions d\u00e9partementales interminist\u00e9rielles ; \nVu la circulaire du 5 mars 2008 du ministre de l'int\u00e9rieur, de l'outre-mer et des collectivit\u00e9s territoriales, portant sur la modification du r\u00e9gime de \nd\u00e9l\u00e9gation de signature des pr\u00e9fets ;\nVu la circulaire du premier ministre n\u00b05389/SG du 15 juin 2009 relative \u00e0 la r\u00e9forme de l'administration territoriale de la mer et du littoral ;\nVu l'arr\u00eat\u00e9 de la Premi\u00e8re ministre et du ministre de l'int\u00e9rieur et des outre-mer du 28 avril 2023 portant nomination de M. Pierre-Arnaud \nMARTIN, en qualit\u00e9 de directeur d\u00e9partemental adjoint des territoires et de la mer de la Manche ; \nVu l'arr\u00eat\u00e9 du Premier ministre et du ministre de l'int\u00e9rieur du 14 janvier 2022 portant nomination de Mme Marianne PIQUERET, en qualit\u00e9 de \ndirectrice d\u00e9partementale adjointe des territoires et de la mer, d\u00e9l\u00e9gu\u00e9e \u00e0 la mer et au littoral de la Manche ;\nVu l'arr\u00eat\u00e9 pr\u00e9fectoral du 4 janvier 2010 modifi\u00e9 portant organisation de la direction d\u00e9partementale des territoires et de la mer de la Manche ; \nVu l'arr\u00eat\u00e9 pr\u00e9fectoral n\u00b0 2023-01 VN du 19 janvier 2023 donnant d\u00e9l\u00e9gation de signature \u00e0 Mme Martine CAVALLERA-LEVI, directrice \nd\u00e9partementale des territoires et de la mer de la Manche ;\nArt. 1 : Subd\u00e9l\u00e9gation de signature est donn\u00e9e \u00e0 :\nM. Pierre-Arnaud MARTIN, attach\u00e9 d'administration de l'Etat hors classe, directeur d\u00e9partemental adjoint des territoires et de la mer de la \nManche, \u00e0 l'effet de signer toutes correspondances administratives, arr\u00eat\u00e9s, d\u00e9cisions portant sur les mati\u00e8res \u00e9num\u00e9r\u00e9es en annexe de la \nd\u00e9l\u00e9gation de signature n\u00b0 2023-01 VN du 19 janvier 2023 conf\u00e9r\u00e9e \u00e0 Mme Martine CAVALLERA-LEVI.\nMme Marianne PIQUERET, ing\u00e9nieure des travaux publics de l'\u00c9tat Hors Classe, directrice d\u00e9partementale adjointe des territoires et de la mer,\nd\u00e9l\u00e9gu\u00e9e \u00e0 la mer et au littoral de la Manche, \u00e0 l'effet de signer toutes correspondances administratives, arr\u00eat\u00e9s, d\u00e9cisions portant sur les \nmati\u00e8res \u00e9num\u00e9r\u00e9es en annexe de la d\u00e9l\u00e9gation de signature n\u00b0 2023-01 VN du 19 janvier 2023 conf\u00e9r\u00e9e \u00e0 Mme Martine CAVALLERA-LEVI.\nArt. 2 : Subd\u00e9l\u00e9gation de signature est donn\u00e9e aux personnes d\u00e9sign\u00e9es ci-apr\u00e8s dans la limite des r\u00e9f\u00e9rences indiqu\u00e9es pour chacun et \nfigurant en annexe de la d\u00e9l\u00e9gation de signature n\u00b0 2023-01 VN du 19 janvier 2023 conf\u00e9r\u00e9e \u00e0 Mme Martine CAVALLERA-LEVI.\nDIRECTION \nPersonnes concern\u00e9es Service/unit\u00e9 D\u00e9l\u00e9gations consenties\nMme Cassandre SIMON attach\u00e9e d'administration,\nen tant que charg\u00e9e de mission juridique.\nDIR/JUR Administration et organisation g\u00e9n\u00e9rale\nA1-b1 \u00e0 A1-b2, A1-d1\nSERVICE EXPERTISE TERRITORIALE RISQUES ET S\u00c9CURIT\u00c9\nPersonnes concern\u00e9es Service/unit\u00e9 D\u00e9l\u00e9gations consenties\nM. Erwan BLONDEL, architecte urbaniste de \nl'\u00c9tat,\nen tant que chef du service Expertise Territoriale\nRisques et S\u00e9curit\u00e9.\nSETRIS/DIR Administration et organisation g\u00e9n\u00e9rale\nparagraphe 1 de A1-a1\nA1-b1 (uniquement pour le r\u00e8glement des litiges r\u00e9gis\npar convention du 2/02/93)\nparagraphe 1 de A1-d1\n\u00c9ducation et circulation routi\u00e8res, transports\nA3-a1 \u00e0 A3-d1\nAm\u00e9nagement et urbanisme\nA5-a6 et A5-a7\ndans le cadre des astreintes : Transports\nA3-c4\nMme Marianne LECONTE, ing\u00e9nieure des \ntravaux publics de l'\u00c9tat,\nen tant que responsable de l'unit\u00e9 gestion des \nconnaissances.\nSETRIS/GC Administration et organisation g\u00e9n\u00e9rale\nparagraphe 1 de A1-a1\nPersonnes concern\u00e9es Service/unit\u00e9 D\u00e9l\u00e9gations consenties\nMme Alexandra ISKRA, d\u00e9l\u00e9gu\u00e9e au permis de conduire \net \u00e0 la s\u00e9curit\u00e9 routi\u00e8re,\nen tant que responsable de l'unit\u00e9 \u00e9ducation routi\u00e8re.\nEn cas d'absence ou d'emp\u00eachement de Mme Alexandra \nISKRA, la d\u00e9l\u00e9gation qui lui est conf\u00e9r\u00e9e est donn\u00e9e \u00e0 \nMme Nathalie BRIDEL, inspecteur du permis de conduire \nen tant qu'adjointe de l'unit\u00e9 \u00c9ducation Routi\u00e8re.\nSETRIS/ER Administration et organisation g\u00e9n\u00e9rale\nparagraphe 1 de A1-a1\n\u00c9ducation routi\u00e8re\nA3-a1 \u00e0 A3-a2\nMme M\u00e9lanie LEFRANCOIS secr\u00e9taire administratif de \nclasse normale,\nen tant que responsable de l'unit\u00e9 S\u00e9curit\u00e9 Routi\u00e8re par \ninterim.\nSETRIS/SR Administration et organisation g\u00e9n\u00e9rale\nparagraphe 1 de A1-a1\nA1-b2\n\u00c9ducation et circulation routi\u00e8res, transports\nA3-b1 \u00e0 A3-c1\nA3-c3 \u00e0 A3-d1\nM. Pierre-Henri BAZIN, ing\u00e9nieur des travaux publics de \nl'\u00c9tat,\nen tant que responsable de l'unit\u00e9 risques et soutien crise.\nEn cas d'absence ou d'emp\u00eachement de M. Pierre-\nHenri BAZIN, la d\u00e9l\u00e9gation qui lui est conf\u00e9r\u00e9e est donn\u00e9e \n\u00e0 Mme Lydie MARC, technicien sup\u00e9rieur en chef du \nd\u00e9veloppement durable, en tant qu'adjointe \u00e0 la \nresponsable de l'unit\u00e9.\nSETRIS/RISC Administration et organisation g\u00e9n\u00e9rale\nparagraphe 1 de A1-a1\n\u00c9ducation et circulation routi\u00e8res, transports\nA3-c2 \u00e0 A3-d1\ndans le cadre des astreintes : Transports\nA3-c4\nSERVICE AM\u00c9NAGEMENT DURABLE DES TERRITOIRES\nPersonnes concern\u00e9es Service/unit\u00e9 D\u00e9l\u00e9gations consenties\nM. R\u00e9mi POCHEZ ing\u00e9nieur des ponts, des eaux \net des for\u00eats,\nen tant que chef du service Am\u00e9nagement \nDurable des Territoires \nSADT/DIR Administration et organisation g\u00e9n\u00e9rale\nparagraphe 1 de A1-a1, A1-b1 (uniquement pour le \nr\u00e8glement des litiges r\u00e9gis par convention du 2/02/93)\nparagraphe 1 de A1-d1, A1-e1\nConstruction\nA4-d1 et A4-e1\nAm\u00e9nagement et urbanisme\nA5-a1 \u00e0 A5-a4, A5-a8, A5-a10 \u00e0 A5-d1\nA5-f1 \u00e0 A5-g1, A5-i1 \u00e0 A5-i5, \nA5-j1, A5-j2 uniquement b), A5-j3 \nIng\u00e9nierie publique\nA6-a1 et A6-b1\nSubventions d'investissement \nA10-a1 et A10-b1\ndans le cadre des astreintes : Transports\nA3-c4\nM. Jean-Michel MARC, ing\u00e9nieur des travaux \npublics de l'\u00c9tat,\nen tant qu' adjoint au chef du SADT.\nSADT/DIR Administration et organisation g\u00e9n\u00e9rale\nparagraphe 1 de A1-a1\nparagraphe 1 de A1-d1\nConstruction\nA4-d1 et A4-e1\nAm\u00e9nagement et urbanisme\nA5-a1 \u00e0 A5-a4\nA5-a8, A5-a10 \u00e0 A5-d1\nA5-i1 \u00e0 A5-i4, \nA5-j1, A5-j2 uniquement b), A5-j3 \nSubventions d'investissement \nA10-a1 et A10-b1\nM. Gilles BERREE, ing\u00e9nieur divisionnaire des \ntravaux publics de l'\u00c9tat,\nen tant que responsable de l'unit\u00e9 droits des sols \net fiscalit\u00e9 de l'am\u00e9nagement.\nMme Anne-Marie BASNIER, secr\u00e9taire \nd'administration et de contr\u00f4le du d\u00e9veloppement \ndurable de classe normale, en tant que \nresponsable du p\u00f4le instruction ADS au \nSADT/DSFA \nSADT/ DSFA Administration et organisation g\u00e9n\u00e9rale\nparagraphe 1 de A1-a1\nAm\u00e9nagement et urbanisme\nA5-a3, A5-a8 \nA5-b1 \u00e0 A5-b7\nA5-d1\nAm\u00e9nagement et urbanisme \nA5-b1 \u00e0 A5-b6\nA5-d1 \u00e0 A5-e1 ; A5-k1 \nMme Nathalie FERRAND, attach\u00e9e \nd'administration,\nen tant que responsable de l'unit\u00e9 qualit\u00e9 de la construction.\nSADT/QC Administration et organisation g\u00e9n\u00e9rale\nparagraphe 1 de A1-a1\nConstruction\nA4-d1\nAm\u00e9nagement et urbanisme\nA5-i1, A5-i2, A5-j1 \nPersonnes concern\u00e9es Service/unit\u00e9 D\u00e9l\u00e9gations consenties\nIng\u00e9nierie publique\nA6-a1 et A6-b1\nMme C\u00e9cile LEPETIT, technicien sup\u00e9rieur en chef du \nd\u00e9veloppement durable,\nen tant que responsable de la fili\u00e8re accessibilit\u00e9.\nSADT/QC Am\u00e9nagement et urbanisme\nA5-i2\nM. Bernard LEPETIT, technicien sup\u00e9rieur en chef\ndu d\u00e9veloppement durable,\nen tant que responsable de la fili\u00e8re qualit\u00e9 \nb\u00e2timent.\nSADT/QC  Construction\nA4-d2\nM. Jean Michel MARC, ing\u00e9nieur des travaux \npublics de l'\u00c9tat,\nen tant que responsable de l'unit\u00e9 \naccompagnement des territoires et planification\nSADT/ATeP Administration et organisation g\u00e9n\u00e9rale\nparagraphe 1 de A1-a1\nSERVICE ENVIRONNEMENT\nPersonnes concern\u00e9es Service/unit\u00e9 D\u00e9l\u00e9gations consenties\nM. Olivier CATTIAUX, ing\u00e9nieur divisionnaire de \nl'agriculture et de l'environnement, \nen tant que chef du service environnement.\nEn cas d'absence ou d'emp\u00eachement de M. \nOlivier CATTIAUX, la d\u00e9l\u00e9gation qui lui est \nconf\u00e9r\u00e9e est donn\u00e9e \u00e0 M. Laurent VATTIER, \ning\u00e9nieur divisionnaire de l'agriculture et de \nl'environnement, except\u00e9 pour la partie \n\u00ab transports \u00bb\nSE/DIR Administration et organisation g\u00e9n\u00e9rale\nparagraphe 1 de A1-a1\nA1-b1 (uniquement pour le r\u00e8glement des litiges r\u00e9gis\npar convention du 2/02/93)\nparagraphe 1 de A1-d1\nA1-e1\nGestion et conservation du domaine public\nA2-c4, A2-c9, A2-c10 et A2-d1\nAm\u00e9nagement et urbanisme\nA5-h1, A5-k1 , A5-n1\nIng\u00e9nierie publique\nA6-a1 et A6-b1\nEnvironnement\nA8-a1 \u00e0 A8-h1\ndans le cadre des astreintes : Transports\nA3-c4\nMme Nathalie LETELLIER, attach\u00e9e \nd'administration de l'\u00c9tat,\nen tant que charg\u00e9e de mission MISEN.\nSE/DIR Environnement\nA8-a10\nM. Hugo WAGNEUR, ing\u00e9nieur des travaux \npublics de l'\u00c9tat,\nen tant que responsable de la mission barrage de \nla S\u00e9lune.\nSE/MBS Administration et organisation g\u00e9n\u00e9rale\nparagraphe 1 de A1-a1\nIng\u00e9nierie publique\nA6-a1, A6-b1\nMme Marie BATAILLE attach\u00e9e d'administration de l'\u00c9tat,\nen tant que responsable de l'unit\u00e9 protection de la ressource\net am\u00e9nagement.\nSE/ PRA Administration et organisation g\u00e9n\u00e9rale\nparagraphe 1 de A1-a1\nAm\u00e9nagement et urbanisme\nA5-h1, A5-k1\nA5-n1\nEnvironnement\nA8-a2, A8-a4 \u00e0 A8-a9 et A8-h1\nGestion des services publics d'eau et assainissement\nA8-g1\nM. Laurent VATTIER, ing\u00e9nieur divisionnaire de \nl'agriculture et de l'environnement,\nen tant que responsable de l'unit\u00e9 for\u00eat, nature et \nbiodiversit\u00e9.\nSE/FNB Administration et organisation g\u00e9n\u00e9rale\nparagraphe 1 de A1-a1\nEnvironnement\nA8-a9\nChasse, For\u00eat, Biodiversit\u00e9\n A8-c1 \u00e0 A8-e1 et A8-h1\nM. Yann DUWELZ, ing\u00e9nieur des travaux \nm\u00e9t\u00e9orologiques,\nen tant que responsable de l'unit\u00e9 Eaux et Milieux \nAquatiques.\nSE/ EMA Administration et organisation g\u00e9n\u00e9rale\nparagraphe 1 de A1-a1\nGestion et conservation du domaine public\nA2-c4, A2-c9, A2-c10 et A2-d1\nEnvironnement\nA8-a1 \u00e0 A8-a7, A8-a9, A8-b1, \nA8-f1 et A8-h1\nSERVICE HABITAT\nPersonnes concern\u00e9es Service/unit\u00e9 D\u00e9l\u00e9gations consenties\nMme Isabelle DENIS, attach\u00e9e principale d'administration \nde l'\u00c9tat,\nen tant que cheffe du service habitat.\nSH/DIR Administration et organisation g\u00e9n\u00e9rale\nparagraphe 1 de A1-a1\nparagraphe 1 de A1-d1 et A1-e1\nConstruction\nA4-a1 \u00e0 A4-c5 et A4-e1\ndans le cadre des astreintes : Transports\nA3-c4\nM. St\u00e9phane HEARD, ing\u00e9nieur des travaux publics de \nl'\u00c9tat,\nen tant que chef de l'unit\u00e9 politique de l'habitat social et \nrenouvellement urbain\nSH/PHSRU Administration et organisation g\u00e9n\u00e9rale\nparagraphe 1 de A1-a1\nConstruction\nA4-a1, A4-a6 \u00e0 A4-a7,\nA4-a11 - A4-a17\nA4-b2 \u00e0 A4-b4, A4-e1\nM. Eric MARIE, attach\u00e9 d'administration de l'Etat\nen tant que chef de l'unit\u00e9 habitat et territoires.\nSH/HT Administration et organisation g\u00e9n\u00e9rale\nparagraphe 1 de A1-a1\nConstruction\nA4-a1, A4-a6 \u00e0 A4-a7,\nA4-a11 - A4-a17\nA4-b2 \u00e0 A4-b4, A4-e1\nSERVICE \u00c9CONOMIE AGRICOLE ET DES TERRITOIRES\nPersonnes concern\u00e9es Service/unit\u00e9 D\u00e9l\u00e9gations consenties\nMme SIMON Catherine, inspecteur en chef de sant\u00e9 \npublique v\u00e9t\u00e9rinaire,\nen tant que cheffe du service \u00e9conomie agricole et des \nterritoires.\nEn cas d'absence ou d'emp\u00eachement de Mme SIMON, la \nd\u00e9l\u00e9gation qui lui est conf\u00e9r\u00e9e est donn\u00e9e \u00e0 Mme Sylviane \nROLLAND, ing\u00e9nieure de l'agriculture et de l'environnement,\nen tant qu'adjointe \u00e0 la cheffe du service, except\u00e9 pour la \npartie\n\u00ab transports \u00bb\nEn cas d'absence ou d'emp\u00eachement de Mme SIMON et de \nMme Sylviane ROLLAND, la d\u00e9l\u00e9gation qui leur est conf\u00e9r\u00e9e\nest donn\u00e9e \u00e0 Marie-Catherine MONIER, ing\u00e9nieure \ndivisionnaire de l'agriculture et de l'environnement en tant \nque cheffe d'unit\u00e9 des aides directes, except\u00e9 pour la partie \n\u00ab transports \u00bb.\nSEAT/DIR Administration et organisation g\u00e9n\u00e9rale\nparagraphe 1 de A1-a1\nparagraphe 1 de A1-d1\n A1-e1\nProduction-organisation \u00e9conomique et conjoncture\nA9-a1 \u00e0 A9-o1\nSubventions d'investissement \nA10-a1 et A10-b1\ndans le cadre des astreintes : Transports\nA3-c4\nMme Marie-Catherine MONIER, ing\u00e9nieure divisionnaire de \nl'agriculture et de l'environnement, \nen tant que responsable de l'unit\u00e9 aides directes.\nSEAT/ aides directes Administration et organisation g\u00e9n\u00e9rale\nparagraphe 1 de A1-a1\nA1-e1\nProduction-organisation \u00e9conomique et conjoncture\nA9-a1 \u00e0 A9-o1\nSubventions d'investissement \nA10-a1 et A10-b1\nM. Pascal BRUN, ing\u00e9nieur divisionnaire de l'agriculture et \nde l'environnement,\nen tant que responsable de l'unit\u00e9 Projets et Vie des \nExploitations Agricoles.\nSEAT/ PVEA Administration et organisation g\u00e9n\u00e9rale\nparagraphe 1 de A1-a1, \nA1-e1\nProduction-organisation \u00e9conomique et conjoncture\nA9-a1 \u00e0 A9-o1\nSubventions d'investissement \nA10-a1 et A10-b1\nSERVICE MER ET LITTORAL\nPersonnes concern\u00e9es Service/unit\u00e9 D\u00e9l\u00e9gations consenties\nMme Anna MILESI administrateur principal des affaires \nmaritimes,\nen tant que cheffe du service mer et littoral, \nEn cas d'absence ou d'emp\u00eachement de Mme MILESI, la \nd\u00e9l\u00e9gation qui lui est conf\u00e9r\u00e9e est donn\u00e9e \u00e0 Aude DUVAL-\nMOLINOS administratrice 2\u00e8me classe des affaires \nmaritimes, en tant que responsable du p\u00f4le affaires \nmaritimes except\u00e9 pour la partie \u00ab transports \u00bb \nSML/DIR Administration et organisation g\u00e9n\u00e9rale\nparagraphe 1 de A1-a1\nparagraphe 1 de A1-d1 ;A1-e1\nGestion et conservation du domaine public\nA2-b2 \u00e0 A2-b5\nA2-b7 \u00e0 A2-b9\nA2-b11 \nA2-d1\nAm\u00e9nagement et urbanisme\nA5-e1\nDomaine maritime\nA7-a1 \u00e0 A7-i2\nEnvironnement\nA8-a1 \u00e0 A8-a7, A8-f1 et A8-h1, A8-a9\ndans le cadre des astreintes : Transports\nA3-c4\nPersonnes concern\u00e9es Service/unit\u00e9 D\u00e9l\u00e9gations consenties\nM. Laurent de FARCY de PONTFARCY, ing\u00e9nieur des \ntravaux publics de l'\u00c9tat,  en tant que responsable du p\u00f4le \ngestion du littoral\nEn cas d'absence ou d'emp\u00eachement de M. Laurent de \nFARCY de PONTFARCY, la d\u00e9l\u00e9gation qui lui est conf\u00e9r\u00e9e \nest donn\u00e9e  \u00e0 M. Ludovic PESNEL, technicien sup\u00e9rieur de\nla m\u00e9t\u00e9orologie, en tant que adjoint au responsable du p\u00f4le\ngestion du littoral,\nSML/ p\u00f4le GL Administration et organisation g\u00e9n\u00e9rale\nparagraphe 1 de A1-a1\nA1-e1\nGestion et conservation du domaine public\nA2-b2 \u00e0 a2-b4a et A2-b5\nA2-b7 \u00e0 A2-b9, A2-b11, A2-d1\nAm\u00e9nagement et urbanisme\nA5-e1\nEnvironnement\nA8-a1 \u00e0 A8-a7, A8-f1 et A8-h1, A8-a9\nMme V\u00e9ronique LE BRIS, ing\u00e9nieure des travaux publics \nde l'\u00c9tat,\nen tant que responsable du p\u00f4le Cultures Marines.\nSML / p\u00f4le CM Administration et organisation g\u00e9n\u00e9rale\nparagraphe 1 de A1-a1\nA1-e1\nDomaine maritime\nA7-f1 \u00e0 A7-f6, A7-g4 et A7-g5\nMme St\u00e9phanie LAGOUCHE, technicien sup\u00e9rieur principal\ndu d\u00e9veloppement durable,\nM. David ETASSE, technicien sup\u00e9rieur principal du \nd\u00e9veloppement durable,\nMme Julie RIVIERE, technicien sup\u00e9rieur du \nd\u00e9veloppement durable.\nSML / p\u00f4le CM Domaine maritime\n A7-f5 et A7-g5 \nMme Aude DUVAL-MOLINOS, administratrice 2\u00e8me classe \ndes affaires maritimes, en tant que responsable du p\u00f4le \naffaires maritimes\nEn cas d'absence ou d'emp\u00eachement de Mme DUVAL-\nMOLINOS la d\u00e9l\u00e9gation qui lui est conf\u00e9r\u00e9e est donn\u00e9e \u00e0 \nMme R\u00e9gine TAVERNIER, secr\u00e9taire d'administration et de\ncontr\u00f4le du d\u00e9veloppement durable de classe \nexceptionnelle, en tant qu'adjointe au responsable du p\u00f4le \nAffaires Maritimes pour la partie administration et \norganisation g\u00e9n\u00e9rale\nuniquement pour la partie administration g\u00e9n\u00e9rale et A7-c2 \n\u00e0 A7-e2 du domaine maritime.\nSML/\np\u00f4le AM \nAdministration et organisation g\u00e9n\u00e9rale\nparagraphe 1 de A1-a1\nA1-e1\nGestion et conservation du domaine public\nA2-d1\nDomaine maritime\nA7-a1 \u00e0 A7-a2\n A7-c1 \u00e0 A7-e2 \nA7-g1 \u00e0 A7-g6\nA7-i1 \u00e0 A7-i2\nMme R\u00e9gine TAVERNIER, secr\u00e9taire d'administration et de\ncontr\u00f4le du d\u00e9veloppement durable de classe \nexceptionnelle, en tant que responsable du bureau p\u00eaches \net r\u00e9glementation des usages.\nSML/ p\u00f4le AM Administration et organisation g\u00e9n\u00e9rale\nparagraphe 1 de A1-a1, A1-e1\nM. Morgan GARNAUD, technicien sup\u00e9rieur en chef du \nd\u00e9veloppement durable en tant que responsable de l'unit\u00e9 \nlittorale des affaires maritimes\nSML/ p\u00f4le AM Administration et organisation g\u00e9n\u00e9rale\nparagraphe 1 de A1-a1, A1-e1\nM. Fran\u00e7ois MONTAGNE, capitaine de port de 2\u00e8 classe ,\nen tant que commandant de la capitainerie du port de \nCherbourg.\nEn cas d'absence ou d'emp\u00eachement de M. MONTAGNE, \nla d\u00e9l\u00e9gation qui lui est conf\u00e9r\u00e9e est donn\u00e9e \u00e0 Jean-Luc \nMONIN, lieutenant de port 1\u00e8re classe, en tant que \ncommandant adjoint de la capitainerie du port de \nCherbourg par int\u00e9rim.\nSML/\nCapitainerie\nAdministration et organisation g\u00e9n\u00e9rale\nparagraphe 1 de A1-a1\nA1-e1\nD\u00c9L\u00c9GATIONS TERRITORIALES\nPersonnes concern\u00e9es Service/unit\u00e9 D\u00e9l\u00e9gations consenties\nMme Yannick L\u00dcTHI-MAIRE, ing\u00e9nieure divisionnaire des \ntravaux publics de l'\u00c9tat,\nen tant que responsable de la d\u00e9l\u00e9gation territoriale Nord.\nMme Corinne TESNIERE, attach\u00e9e d'administration de \nl'\u00c9tat,\nen tant que charg\u00e9 de mission nouveau conseil au territoire\nen tant que responsable de la d\u00e9l\u00e9gation territoriale Centre \npar int\u00e9rim,\nMme Sandra GRIDAINE, attach\u00e9e principale d'administration de \nl'\u00c9tat,\nen tant que responsable de la d\u00e9l\u00e9gation territoriale Sud. \nDT Nord\nDT Centre\nDT Sud\nAdministration et organisation g\u00e9n\u00e9rale\nparagraphe 1 de A1-a1\nGestion et conservation du domaine public\nA2-b2 \u00e0 A2-b4a\nParagraphe 1 de A2-b7 \u2013 A2-b8\nA2-b9 et A2-b11\nA2-c4 ;A2-d1\nAm\u00e9nagement et urbanisme \nA5-d1 \u00e0 A5-e1 ; A5-k1 \n dans le cadre des astreintes : Transports\nA3-c4 \nMme Patricia STAB, secr\u00e9taire d'administration et de \ncontr\u00f4le du d\u00e9veloppement durable de classe \nexceptionnelle,\nen tant qu'adjointe au chef de la d\u00e9l\u00e9gation territoriale \nCentre,\nMme Sandra GRIDAINE, attach\u00e9e principale d'administration \nde l'\u00c9tat, en cas d'absence d'absence ou d'emp\u00eachement de \nMme Corinne TESNIERE, responsable de la d\u00e9l\u00e9gation \nterritoriale Centre par int\u00e9rim,\nM. Thierry DURAND, attach\u00e9 d'administration de l'\u00c9tat,\nen tant que charg\u00e9 de mission adaptation au changement \nclimatique \u00e0 la DT Sud,\nM. S\u00e9bastien MAZIERES, ing\u00e9nieur de l'agriculture et de \nl'environnement,\nen tant que charg\u00e9 de d\u00e9veloppement de la baie du Mont-\nSt-Michel \u00e0 la DT Sud pour la partie gestion et conservation \ndu domaine public et A5-k1.\nDT Centre\nDT Sud\nDT Sud\nAdministration et organisation g\u00e9n\u00e9rale\nparagraphe 1 de A1-a1\nGestion et conservation du domaine public\nA2-b2 \u00e0 A2-b4a\nParagraphe 1 de A2-b7 \u2013 A2-b8\nA2-b9 et A2-b11\nA2-c4 ;A2-d1\nAm\u00e9nagement et urbanisme \nA5-d1 \u00e0 A5-e1 ; A5-k1 \nEn cas d'absence ou d'emp\u00eachement de Mme Isabelle DENIS, M. Erwan BLONDEL, M. R\u00e9mi POHEZ, M. Olivier CATTIAUX, Mme Catherine \nSIMON, Mme Anna MILESI la subd\u00e9l\u00e9gation qui leur est attribu\u00e9e pourra \u00eatre exerc\u00e9e par Mme Isabelle DENIS, M. Erwan BLONDEL, M. R\u00e9mi \nPOCHEZ, M. Olivier CATTIAUX, Mme Catherine SIMON, Mme Anna MILESI.\nArt. 3 : La subd\u00e9l\u00e9gation de signature est accord\u00e9e nominativement. Elle devient caduque en cas de changement du d\u00e9l\u00e9gant ou du \nd\u00e9l\u00e9gataire.\nLe fonctionnaire charg\u00e9 de l'int\u00e9rim (ou le suppl\u00e9ant) re\u00e7oit la subd\u00e9l\u00e9gation de signature, \u00e0 condition qu'il ait \u00e9t\u00e9 nominativement identifi\u00e9 dans \nle pr\u00e9sent arr\u00eat\u00e9 et dans la limite des r\u00e9f\u00e9rences qui lui ont \u00e9t\u00e9 indiqu\u00e9es.\nArt. 4 : Toutes dispositions contraires au pr\u00e9sent arr\u00eat\u00e9 sont abrog\u00e9es.\nSign\u00e9 : Pour le Pr\u00e9fet, la Directrice d\u00e9partementale des territoires et de la mer : Martine CAVALLERA-LEVI\n\uf0bf\nArr\u00eat\u00e9 n\u00b0 DDTM-DIR \u2013 2023-05 donnant subd\u00e9l\u00e9gation de signature de Mme Martine CAVALLERA-LEVI aux ordonnateurs secondaires\nd\u00e9l\u00e9gu\u00e9s\nVu le code des collectivit\u00e9s territoriales et le code des march\u00e9s publics ;\nVu la loi organique n\u00b02001-692 du 1er ao\u00fbt 2001 relative aux lois de finances, modifi\u00e9e par la loi organique n\u00b02005-779 du 12 juillet 2005 ; \nVu la loi n\u00b082-213 du 2 mars 1982 relative aux droits et libert\u00e9s des communes, des d\u00e9partements et des r\u00e9gions ; \nVu le d\u00e9cret n\u00b02004-374 du 29 avril 2004 modifi\u00e9, relatif aux pouvoirs des pr\u00e9fets, \u00e0 l'organisation et \u00e0 l'action des services de l'\u00c9tat dans les \nr\u00e9gions et d\u00e9partements ; \nVu le d\u00e9cret n\u00b02005-54 du 27 janvier 2005 modifi\u00e9 relatif au contr\u00f4le financier au sein des administrations de l'\u00c9tat ;\nVu le d\u00e9cret n\u00b02012-1246 du 7 novembre 2012 relatif \u00e0 la gestion budg\u00e9taire et comptable publique ;\nVu la circulaire n\u00b02005-20 du 2 mars 2005 du minist\u00e8re de l'\u00e9quipement, des transports, de l'am\u00e9nagement du territoire, du tourisme et de la \nmer, relative \u00e0 la constatation et \u00e0 la liquidation des d\u00e9penses ;\nVu l'arr\u00eat\u00e9 du 2 mai 2002 portant r\u00e8glement de comptabilit\u00e9 du minist\u00e8re de l'agriculture et de la p\u00eache pour la d\u00e9signation des ordonnateurs \nsecondaires et de leurs d\u00e9l\u00e9gu\u00e9s, modifi\u00e9s par les arr\u00eat\u00e9s du 18 juin 2005 et du 25 octobre 2005 ;\nVu l'arr\u00eat\u00e9 de la Premi\u00e8re ministre et du ministre de l'int\u00e9rieur et des outre-mer du 28 avril 2023 portant nomination de M. Pierre-Arnaud \nMARTIN, en qualit\u00e9 de directeur d\u00e9partemental adjoint des territoires et de la mer de la Manche ;  \nVu l'arr\u00eat\u00e9 du Premier ministre et du ministre de l'int\u00e9rieur du 14 janvier 2022 portant nomination de Mme Marianne PIQUERET, en qualit\u00e9 de \ndirectrice d\u00e9partementale adjointe des territoires et de la mer, d\u00e9l\u00e9gu\u00e9e \u00e0 la mer et au littoral de la Manche ; \nVu l'arr\u00eat\u00e9 pr\u00e9fectoral n\u00b0 2020/072 du 22 d\u00e9cembre 2020 portant organisation du secr\u00e9tariat g\u00e9n\u00e9ral commun du d\u00e9partement de la Manche ;\nVu l'arr\u00eat\u00e9 pr\u00e9fectoral n\u00b0 2020/077/BRH du 22 d\u00e9cembre 2020 portant affectation au secr\u00e9tariat g\u00e9n\u00e9ral commun du d\u00e9partement de la \nManche ;\nVu l'arr\u00eat\u00e9 pr\u00e9fectoral du 4 janvier 2010 modifi\u00e9 portant organisation de la direction d\u00e9partementale des territoires et de la mer de la Manche ; \nVu l'arr\u00eat\u00e9 pr\u00e9fectoral n\u00b0 2021-80-VN du 22 novembre 2021 portant d\u00e9l\u00e9gation de signature de Mme Martine CAVALLERA-LEVI, ing\u00e9nieure \ndes travaux publics de l'\u00c9tat Hors Classe, directrice d\u00e9partementale des territoires et de la mer de la Manche pour l'ordonnancement \nsecondaire des recettes et des d\u00e9penses imput\u00e9es sur les programmes du budget de l'\u00c9tat ; \nVu la convention en date du 31 mai 2021 entre le directeur r\u00e9gional de l'environnement, de l'am\u00e9nagement et du logement et la directrice \nd\u00e9partementale des territoires et de la Mer de la Manche relative \u00e0 la d\u00e9l\u00e9gation de gestion et \u00e0 l'utilisation des cr\u00e9dits du plan France Relance \net son avenant en date du 10 novembre;\nArt. 1 : subd\u00e9l\u00e9gation de signature est donn\u00e9e \u00e0 :\n- M. Pierre-Arnaud MARTIN, attach\u00e9 d'administration de l'Etat hors classe, directeur d\u00e9partemental adjoint des territoires et de la mer, \u00e0 l'effet \nde signer, toute pi\u00e8ce relative \u00e0 l'exercice de la comp\u00e9tence d'ordonnateur secondaire d\u00e9l\u00e9gu\u00e9, tant pour les d\u00e9penses que pour les recettes, \npour la totalit\u00e9 des programmes identifi\u00e9s dans l'arr\u00eat\u00e9 pr\u00e9fectoral n\u00b0 2021-80-VN du 22 novembre 2021.\n- Mme Marianne PIQUERET ing\u00e9nieure des travaux publics de l'\u00c9tat Hors Classe, directrice d\u00e9partementale adjointe des territoires et de la \nmer, d\u00e9l\u00e9gu\u00e9e \u00e0 la mer et au littoral de la Manche, \u00e0 l'effet de signer, toute pi\u00e8ce relative \u00e0 l'exercice de la comp\u00e9tence d'ordonnateur \nsecondaire d\u00e9l\u00e9gu\u00e9, tant pour les d\u00e9penses que pour les recettes, pour la totalit\u00e9 des programmes identifi\u00e9s dans l'arr\u00eat\u00e9 pr\u00e9fectoral n\u00b0 2021-\n80-VN du 22 novembre 2021.\nArt. 2 : subd\u00e9l\u00e9gation de signature est donn\u00e9e \u00e0 l'effet de signer dans le cadre de leurs attributions et comp\u00e9tences, en tant que gestionnaires, \nles pi\u00e8ces comptables et documents relatifs \u00e0 l'engagement comptable et juridique, \u00e0 la constatation et \u00e0 la liquidation apr\u00e8s constatation du \nservice fait des d\u00e9penses, \u00e0 :\n- M. Erwan BLONDEL, architecte urbaniste de l'\u00c9tat, chef du service expertise territoriale risques et s\u00e9curit\u00e9,\n- M. R\u00e9mi POCHEZ, ing\u00e9nieur des ponts, des eaux et des for\u00eats, chef du service am\u00e9nagement durable des territoires,\n- M. Olivier CATTIAUX, ing\u00e9nieur divisionnaire de l'agriculture et de l'environnement, chef du service environnement,\n- Mme Isabelle DENIS, attach\u00e9e principale d'administration, cheffe du service habitat,\n- Mme Catherine SIMON, inspecteur en chef de sant\u00e9 publique v\u00e9t\u00e9rinaire, cheffe du service \u00e9conomie agricole et des territoires,\n- Mme Anna MILESI, administrateur principal des affaires maritimes, cheffe du service mer et littoral.\nArt. 3 : sur proposition de la directrice d\u00e9partementale des territoires et de la mer de la Manche, les agents dont les noms suivent, dans les \nlimites de leurs attributions et cr\u00e9dits d\u00e9l\u00e9gu\u00e9s, passent et signent \u00e0 cet effet les engagements juridiques mat\u00e9rialis\u00e9s par des bons ou lettres de\ncommandes et constatent les services faits pour un montant maximum, dans leurs domaines respectifs, d\u00e9fini comme suit : \nService/unit\u00e9 NOM Pr\u00e9nom Macrograde Plafond TTC\nSADT\nSADT/DIR POCHEZ R\u00e9mi A tech 30.000 \u20ac\nSADT/DIR MARC Jean-Michel A tech 5.000 \u20ac\nSADT/DSFA BRIAND V\u00e9ronique C adm 5.000 \u20ac\nSE\nSE/DIR CATTIAUX Olivier A tech 50.000 \u20ac\nSE/MBS WAGNEUR Hugo A tech 30.000 \u20ac\nSE/MBS PALLY Isabelle B Adm 5.000 \u20ac\nSE/EMA DUWELZ Yann A tech 5.000 \u20ac\nSETRIS\nSETRIS/DIR BLONDEL Erwan A tech 30.000 \u20ac\nSETRIS/RISC BAZIN Pierre Henri A Adm 5.000 \u20ac\nSETRIS/RISC MARC Lydie B tech 5.000 \u20ac\nSETRIS/SR LEFRANCOIS M\u00e9lanie B adm 5.000 \u20ac\nSETRIS/ER ISKRA Alexandra A adm 5.000 \u20ac\nSETRIS/ER BRIDEL Nathalie B Tech 5.000 \u20ac\nSH\nSH/DIR DENIS Isabelle A adm 30.000 \u20ac\nSH/PHSRU HEARD St\u00e9phane A tech 5.000 \u20ac\nSH/HT MARIE \u00c9ric A adm 5.000 \u20ac\nSEAT\nSEAT/DIR SIMON Catherine A tech 30.000 \u20ac\nSEAT/DIR ROLLAND Sylviane A Tech 20.000 \u20ac\nSEAT/PVEA BRUN Pascal A Tech 20.000 \u20ac\nSML\nSML/DIR MILESI Anna A tech 30.000 \u20ac\nSML/GL DE FARCY DE PONTFARCY Laurent A tech 5.000 \u20ac\nSML/AM GARNAUD Morgan B tech 500 \u20ac (BOP 205 \u2013 Carte achat)\nD\u00e9l\u00e9gations territoriales\nCentre LENOIR Perrine C adm 500 \u20ac (BOP 354 \u2013 Carte achat)\nSud BOUQUILLON Bernard B tech 500 \u20ac (BOP 354 \u2013 Carte achat)\nArt. 4 : subd\u00e9l\u00e9gation de signature est donn\u00e9e aux utilisateurs ci-dessous \u00e0 l'effet d'engager dans CHORUS Formulaires, les d\u00e9penses de la \nDDTM 50, par des demandes d'achat ou de subvention et d'en constater le service fait, apr\u00e8s validation par leur hi\u00e9rarchie.\nSERVICE UNITE NOM-PRENOM PROFIL SAISISSEUR PROFIL VALIDEUR\nDIR\nMARTIN Pierre-Arnaud OUI OUI\nPIQUERET Marianne OUI OUI\nSML\nDIR MILESI Anna OUI OUI \nGL DE FARCY DE PONTFARCY \nLaurent OUI (BOP 113, 203, 205) OUI (BOP 113, 203, 205)\nDIR LETERRIER Claudine OUI (BOP 113, 203, 205, \n181)\nOUI (BOP 113, 203, 205, 181) pour \nacc\u00e8s Fiches Com\nGL ODOARD Catherine OUI (BOP 113, 203, 205, \n181) NON (BOP 113, 203, 205, 181)\nSADT\nDIR POCHEZ R\u00e9mi OUI OUI \nDIR MARC Jean-Michel OUI OUI \nDSFA BERREE Gilles OUI (BOP 135) NON\nDSFA BRANS Sylvie OUI OUI (BOP 135-203) pour acc\u00e8s \nFiches Com\nDSFA BRIAND V\u00e9ronique OUI OUI\nSE \nDIR CATTIAUX Olivier OUI OUI\nMBS WAGNEUR Hugo OUI OUI\nMBS GIRET Aurore OUI (BOP 113) NON\nMBS PALLY Isabelle OUI OUI\nEMA DUWELZ Yann OUI (BOP 113) OUI (BOP 113)\nEMA LELANDAIS Erik OUI (BOP 113) OUI (BOP 113) pour acc\u00e8s Fiches \nCom\nSETRIS\nDIR BLONDEL Erwan OUI OUI \nER ISKRA Alexandra OUI (BOP 207) OUI (BOP 207)\nER BRIDEL Natahlie OUI (BOP 207) OUI (BOP 207)\nER POMMIER Elodie OUI (BOP 207) OUI (BOP 207) pour acc\u00e8s Fiches \nCom\nRISC MARC Lydie OUI OUI\nRISC BAZIN Pierre-Henri OUI (BOP 181) OUI\nRISC DECASTILLE Sandra OUI (BOP 181) Oui pour acc\u00e8s Fiches Com\nSR LEFRANCOIS M\u00e9lanie OUI (BOP 207) OUI (BOP 207)\nSH DIR DENIS Isabelle OUI OUI\nSH SH/PHSRU HEARD St\u00e9phane OUI OUI \nSH\nSH/PHSRU GARDIE Gis\u00e8le OUI OUI pour acc\u00e8s Fiches Com\nSH/HT MARIE Eric OUI OUI\nSEAT DIR SIMON Catherine OUI OUI\nSEAT DIR ROLLAND Sylviane OUI (BOP 149) OUI(BOP 149)\nSEAT PVEA BRUN Pascal OUI (BOP 149) OUI(BOP 149)\nArt. 5 : subd\u00e9l\u00e9gation de signature est donn\u00e9e aux utilisateurs ci-dessous \u00e0 l'effet d'engager les d\u00e9penses de la DDTM 50 \u00e0 l'aide de leur carte \nd'achat et d'en contr\u00f4ler l'utilisation.\nLISTE DES UTILISATEURS D'UNE CARTE D'ACHAT :\nAgents Service Proc\u00e9dure de d\u00e9pense Montant TTC \nautoris\u00e9 par \ntransaction\nPerrine LENOIR DT Centre\nAchat de petites fournitures, achat de proximit\u00e9 \nsur le BOP 354\n500 \u20ac\nBernard BOUQUILLON DT Sud 500 \u20ac\nAlexandra ISKRA SETRIS/ER Achat de fournitures de proximit\u00e9 pour le BOP 207\nuniquement 500 \u20ac\nM\u00e9lanie LEFRANCOIS SETRIS/SR Achat de fournitures de proximit\u00e9 pour le BOP 207\nuniquement 500 \u20ac\nMorgan GARNAUD SML/AM achat de fournitures, de proximit\u00e9 pour le BOP 500 \u20ac\nAgents Service Proc\u00e9dure de d\u00e9pense Montant TTC \nautoris\u00e9 par \ntransaction\n205 uniquement\nResponsables de programme ( = gestionnaire des cartes : cr\u00e9ation, param\u00e9trage... ) :\n- principal : Isabelle PALLY au SE,\n- secondaire : Aline BESSIN \u00e0 la Direction.\nGestion des relev\u00e9s mensuels des d\u00e9penses faites par carte achat :\n- BOP 354 : SGC 50,\n- BOP M\u00e9tier (205 et 207) : DDTM 50 (Isabelle PALLY au SE)\nArt. 6 : subd\u00e9l\u00e9gation de signature est donn\u00e9e aux utilisateurs ci-dessous \u00e0 l'effet d'engager dans CHORUS DT, les d\u00e9penses de la DDTM 50, \npar la validation des ordres de mission :\nSERVICE UNITE NOM-PRENOM PROFIL VH1 PROFIL SERVICE GESTIONNAIRE\nDIR DIR CAVALLERA-LEVI MARTINE OUI\nDIR DIR MARTIN PIERRE-ARNAUD OUI\nDIR DIR PIQUERET MARIANNE OUI\nSML DIR MILESI ANNA OUI\nSML DIR LETERRIER CLAUDINE OUI (BOP 205 et 113)\nSML GL DE FARCY DE PONTFARCY LAURENT OUI\nSML AM DUVAL-MOLINOS AUDE OUI\nSML CM LE BRIS VERONIQUE OUI\nSML CPT MONTAGNE FRANCOIS OUI\nSADT DIR POCHEZ REMI OUI\nSADT DIR MARC JEAN-MICHEL OUI\nSADT DSFA BRIAND VERONIQUE OUI\nSE DIR CATTIAUX OLIVIER OUI\nSE MBS PALLY ISABELLE OUI\nSE FNB VATTIER LAURENT OUI\nSE EMA LELANDAIS Erik OUI (BOP 113)\nSETRIS DIR BLONDEL ERWAN OUI\nSETRIS ER ISKRA ALEXANDRA OUI OUI (BOP 207)\nSETRIS ER BRIDEL NATHALIE OUI OUI (BOP 207)\nSETRIS ER POMMIER ELODIE OUI (BOP 207)\nSH DIR DENIS ISABELLE OUI\nSEAT DIR SIMON CATHERINE OUI\nSEAT DIR ROLLAND Sylviane OUI\nDT NORD DT L\u00dcTHI-MAIRE YANNICK OUI\nDT CENTRE DT TESNIERE CORINNE OUI\nDT SUD DT GRIDAINE SANDRA OUI\nArt. 7 : Subd\u00e9l\u00e9gation de signature est donn\u00e9e aux utilisateurs ci-dessous \u00e0 l'effet d'engager dans CHORUS DT, les d\u00e9penses de la DDTM 50, \npar la validation des \u00e9tats de frais.\nSERVICE UNITE NOM - PRENOM PROFIL VH1 PROFIL GESTIONNAIRE \nCONTROLEUR\nPROFIL \nGESTIONNAIRE \nVALIDEUR\nDIR DIR CAVALLERA-LEVI MARTINE OUI OUI\nDIR DIR MARTIN PIERRE-ARNAUD OUI OUI\nDIR DIR PIQUERET MARIANNE OUI OUI (BOP 205) OUI\nSML DIR MILESI ANNA OUI OUI \u2013 Valideur 1\nSML DIR LETERRIER CLAUDINE OUI  (BOP 205 et 113)\nSML GL DE FARCY DE PONTFARCY LAURENT OUI OUI en l'absence du \nvalideur 1\nSML AM DUVAL-MOLINOS AUDE OUI\nSERVICE UNITE NOM - PRENOM PROFIL VH1 PROFIL GESTIONNAIRE \nCONTROLEUR\nPROFIL \nGESTIONNAIRE \nVALIDEUR\nSML CM LE BRIS VERONIQUE OUI\nSML CPT MONTAGNE FRANCOIS OUI\nSADT DIR POCHEZ REMI OUI\nSADT DIR MARC JEAN-MICHEL OUI\nSADT DSFA BRIAND VERONIQUE OUI \nSE DIR CATTIAUX OLIVIER OUI OUI \u2013 Valideur 1\nSE MBS PALLY ISABELLE OUI\nSE FNB VATTIER LAURENT OUI OUI en l'absence du \nvalideur 1\nSE EMA LELANDAIS Erik OUI  (BOP 113)\nSETRIS DIR BLONDEL ERWAN OUI OUI \u2013 Valideur 1\nSETRIS ER ISKRA Alexandra OUI OUI en l'absence du \nvalideur 1 = V2\nSETRIS ER BRIDEL NATHALIE OUI (BOP 207) OUI en l'absence du \nvalideur 2 = V3\nSETRIS ER POMMIER ELODIE OUI (BOP 207)\nSH DIR DENIS ISABELLE OUI\nSEAT DIR SIMON CATHERINE OUI\nSEAT DIR ROLLAND Sylviane OUI\nDT NORD DT L\u00dcTHI-MAIRE YANNICK OUI\nDT CENTRE DT TESNIERE CORINNE OUI\nDT SUD DT GRIDAINE SANDRA OUI\nArt. 8 : subd\u00e9l\u00e9gation de signature est donn\u00e9e \u00e0 l'effet de signer l'ordonnancement des recettes relatives aux d\u00e9comptes des concours de \nservice de la DDTM pour le compte des collectivit\u00e9s et tiers \u00e0 :\n \u2022 M. Pierre-Arnaud MARTIN attach\u00e9 d'administration de l'\u00c9tat Hors Classe, directeur d\u00e9partemental adjoint des territoires et de la mer.\n \u2022 Mme Marianne PIQUERET ing\u00e9nieure des travaux publics de l'\u00c9tat Hors Classe, directrice d\u00e9partementale adjointe des territoires et de la \nmer, d\u00e9l\u00e9gu\u00e9e \u00e0 la mer et au littoral.\nArt. 9 : en cas d'absence ou d'emp\u00eachement de Mme Isabelle DENIS, M. Erwan BLONDEL, M. R\u00e9mi POCHEZ, M. Olivier CATTIAUX, Mme \nCatherine SIMON, Mme Anna MILESI la subd\u00e9l\u00e9gation qui leur est attribu\u00e9e pourra \u00eatre exerc\u00e9e par Mme Isabelle DENIS, M. Erwan \nBLONDEL, M. R\u00e9mi POCHEZ, M. Olivier CATTIAUX, Mme Catherine SIMON, Mme Anna MILESI.\nArt. 10 : toutes dispositions contraires au pr\u00e9sent arr\u00eat\u00e9 sont abrog\u00e9es.\nSign\u00e9 : Pour le Pr\u00e9fet, la Directrice d\u00e9partementale des territoires et de la mer : Martine CAVALLERA-LEVI\n\uf0bf\nArr\u00eat\u00e9 n\u00b0DDTM-DIR-2023-06 du 22 mai 2023 portant d\u00e9l\u00e9gation de signature de la directrice d\u00e9partementale des territoires et de la mer\nde la Manche \u00e0 certains agents en mati\u00e8re de fiscalit\u00e9 de l'urbanisme\nVu le livre des proc\u00e9dures fiscales, notamment son article L. 255-A, \nVu le code du patrimoine, notamment ses articles L. 524-1 et suivants relatifs \u00e0 la d\u00e9termination de l'assiette et la liquidation de la redevance \nd'arch\u00e9ologie pr\u00e9ventive ; \nVu le code de l'urbanisme, notamment ses articles L. 331-1 et suivants relatifs \u00e0 la d\u00e9termination de l'assiette et la liquidation de la taxe \nd'am\u00e9nagement et du versement pour sous densit\u00e9, ainsi que ses articles L. 520-1 \u00e0 L. 520-11 relatifs \u00e0 la d\u00e9termination de l'assiette et la \nliquidation de la redevance pour cr\u00e9ation de locaux \u00e0 usage de bureaux, de locaux commerciaux et de locaux de stockage ;\nVu notamment les articles R. 331-9 et R. 331-14 du code de l'urbanisme relatifs au traitement des r\u00e9clamations contentieuses li\u00e9es \u00e0 \nl'\u00e9tablissement des taxes d'urbanisme\nVu les articles R. 333-1 et suivants du code de l'urbanisme relatifs \u00e0 la liquidation et \u00e0 la d\u00e9termination du versement r\u00e9sultant du d\u00e9passement \ndu plafond l\u00e9gal de densit\u00e9 ; \nVu notamment l'article R. 620-1 du code de l'urbanisme qui autorise le directeur d\u00e9partemental des territoires et de la mer \u00e0 d\u00e9l\u00e9guer sa \nsignature en ce qui concerne les mati\u00e8res relevant en propre de ses attributions ; \nVu le d\u00e9cret n\u00b02012-1246 du 7 novembre 2012 relatif \u00e0 la gestion budg\u00e9taire et comptable publique ;\nVu l'arr\u00eat\u00e9 du Premier ministre et du ministre de l'int\u00e9rieur du 1er d\u00e9cembre 2020 portant nomination de Mme Martine CAVALLERA-LEVI en \nqualit\u00e9 de directrice d\u00e9partementale des territoires et de la mer de la Manche ; \nArt. 1: D\u00e9l\u00e9gation de signature est donn\u00e9e \u00e0 :\n- Monsieur Pierre-Arnaud MARTIN, attach\u00e9 d'administration de l'Etat hors classe, directeur d\u00e9partemental adjoint des territoires et de la mer de \nla Manche,\n- Madame Marianne PIQUERET, ing\u00e9nieure des travaux publics Hors Classe, directrice d\u00e9partementale adjointe des territoires et de la mer de \nla Manche, d\u00e9l\u00e9gu\u00e9e \u00e0 la mer et au littoral,\n- Monsieur R\u00e9mi POCHEZ ing\u00e9nieur des ponts, des eaux et des for\u00eats, chef du service am\u00e9nagement durable des territoires, en cas d'absence \nou d'emp\u00eachement de M. POCHEZ, la d\u00e9l\u00e9gation qui lui est conf\u00e9r\u00e9e est donn\u00e9e \u00e0 Monsieur Jean-Michel MARC, ing\u00e9nieur des travaux publics \nde l'\u00c9tat, en tant qu'adjoint au chef du service am\u00e9nagement durable des territoires,\n\u00e0 effet de signer les actes, d\u00e9cisions et documents de toute nature en mati\u00e8re de d\u00e9termination de l'assiette et de liquidation : \n- de la taxe d'am\u00e9nagement, \n- du versement pour sous densit\u00e9, \n- de la redevance pour cr\u00e9ation de locaux \u00e0 usage de bureau, de locaux commerciaux et locaux  de stockage,\n- de la redevance d'arch\u00e9ologie pr\u00e9ventive, \n- du versement r\u00e9sultant du d\u00e9passement du plafond l\u00e9gal de densit\u00e9, \n- des avis d'admissions en non valeur,\n- de la taxe locale d'\u00e9quipement pour les autorisations d\u00e9pos\u00e9es ant\u00e9rieurement au 1er mars 2012.\nArt. 2: D\u00e9l\u00e9gation de signature est donn\u00e9e \u00e0 :\n- Monsieur R\u00e9mi POCHEZ, ing\u00e9nieur des ponts, des eaux et des for\u00eats, chef du service am\u00e9nagement durable des territoires, en cas d'absence\nou d'emp\u00eachement de M. POCHEZ, la d\u00e9l\u00e9gation qui lui est conf\u00e9r\u00e9e est donn\u00e9e \u00e0 :\n- Monsieur Jean-Michel MARC, ing\u00e9nieur des travaux publics de l'\u00c9tat, en tant qu'adjoint au chef du service am\u00e9nagement durable des \nterritoires,\n- Monsieur Gilles BERREE, ing\u00e9nieur des travaux publics de l'\u00c9tat, responsable de l'unit\u00e9 Droit des sols et Fiscalit\u00e9 de l'Am\u00e9nagement,\n- Madame Florence DANIEL, secr\u00e9taire d'administration et de contr\u00f4le du d\u00e9veloppement durable de classe sup\u00e9rieure, responsable du bureau\nfiscalit\u00e9 de l'unit\u00e9 Droit des sols et Fiscalit\u00e9 de l'Am\u00e9nagement, \n\u00e0 effet de signer les r\u00e9ponses relatives aux r\u00e9clamations contentieuses li\u00e9es \u00e0 la d\u00e9termination de l'assiette et de liquidation : \n- de la taxe d'am\u00e9nagement, \n- du versement pour sous densit\u00e9, \n- de la redevance d'arch\u00e9ologie pr\u00e9ventive, \n- du versement r\u00e9sultant du d\u00e9passement du plafond l\u00e9gal de densit\u00e9,\n- de la taxe locale d'\u00e9quipement pour les autorisations d\u00e9pos\u00e9es ant\u00e9rieurement au 1er mars 2012.\nArt. 3: Toutes dispositions contraires au pr\u00e9sent arr\u00eat\u00e9 sont abrog\u00e9es.\nSign\u00e9 : La Directrice d\u00e9partementale des territoires et de la mer : Martine CAVALLERA-LEVI\n\uf0bf\nDIVERS\nCentre Hospitalier de l'estran\nD\u00e9cision n\u00b0 2023/16 \u2013 DG du 17 avril 2023 portant d\u00e9l\u00e9gation de signature pour les fonctions d'administrateur de garde\nVu le Code de la Sant\u00e9 Publique et notamment dans ses articles L6143-7, L6145-16 et D6143-33 \u00e0 D6143-36 ;\nVu le Code de l'Action Sociale et des Famlles et notamment l'article L315-17 relatif aux attributions du directeur et les articles D315-67 \u00e0 D315-\n70 relatifs \u00e0 la d\u00e9l\u00e9gation de signature d'un direteur d'\u00e9tablissement Social et M\u00e9dico-Social;\nVu le d\u00e9cret n\u00b02009-1765 du 30 d\u00e9cembre 2009 relatif au directeur et aux membres du directoire des \u00e9tablissements publics de sant\u00e9 ;\nVu la Loi n\u00b0 2019-774 du 24 juillet 2019 relative \u00e0 l'organisation et \u00e0 la transformation du syst\u00e8me de sant\u00e9 ;\nVu l'arr\u00eat\u00e9 de Madame la directrice g\u00e9n\u00e9rale de l'Agence r\u00e9gionale de sant\u00e9 en date du 6 juillet 2016 nommant Monsieur St\u00e9phane BLOT en\nqualit\u00e9 de directeur du Centre hospitalier de l'estran \u00e0 compter du 5 septembre 2016 ;\nVu l'organisation de la direction du centre hospitalier de l'estran \u00e0 compte du 12 d\u00e9cembre 2022 ;\nArt. 1: Une d\u00e9l\u00e9gation de signature est accord\u00e9e \u00e0 :\n- Madame CRON, Responsable de la formation continue\n\u00e0 l'effet de signer au nom du Directeur tout document de quelque nature qu'il soit, pr\u00e9sentant un caract\u00e8re d'urgence pour le fonctionnement du\nCentre Hospitalier de l'estran ou l'int\u00e9r\u00eat des patients, dans le cadre de la garde administrative, s'agissant notamment : \n- De l'exercice du pouvoir de police au sein de l'\u00e9tablissement\n- De la mise en \u0153uvre du r\u00e8glement int\u00e9rieur de l'\u00e9tablissement \n- De l'admission des patients\n- De la sortie des patients \n- Du d\u00e9c\u00e8s des patients\n- De la s\u00e9curit\u00e9 des personnels et des biens\n- Des autorit\u00e9s de police ou gendarmerie, et notamment les d\u00e9p\u00f4ts de plaintes pour le compte de l'\u00e9tablissement, \n- Des moyens de l'\u00e9tablissement, notamment en situation de crise \n- Du d\u00e9clenchement des plans d'urgences et des cellules de crise\n- De la gestion des personnels.\nArt. 2: La signature du d\u00e9l\u00e9gataire vis\u00e9 \u00e0 l'article 1 doit \u00eatre pr\u00e9c\u00e9d\u00e9e de la mention \u00ab  Pour le Directeur et par d\u00e9l\u00e9gation  \u00bb suivie du grade\net des fonctions du signataire. Le pr\u00e9nom et le nom dactylographi\u00e9s du signataire devront suivre sa signature.\nArt. 3: Le d\u00e9l\u00e9gataire doit rendre compte des actes pris dans l'exercice de cette d\u00e9l\u00e9gation au d\u00e9l\u00e9gant.\nLe d\u00e9l\u00e9gant conserve son pouvoir d'\u00e9vocation et ne se trouve pas dessaisi par la pr\u00e9sente d\u00e9cision de d\u00e9l\u00e9gation.\nArt. 4: La pr\u00e9sente d\u00e9l\u00e9gation sera publi\u00e9e au Recueil des Actes Administratifs du d\u00e9partement et notifi\u00e9e au d\u00e9l\u00e9gataire. Elle sera port\u00e9e \u00e0\nl'affichage au sein de l'\u00e9tablissement et transmise au comptable de l'\u00e9tablissement.\nArt. 5: Cette d\u00e9cision prendra effet \u00e0 compter de sa publication et abroge toute d\u00e9cision ant\u00e9rieur sur le m\u00eame objet. La d\u00e9l\u00e9gation consentie en\napplication de la pr\u00e9sente d\u00e9cision cesse de plein droit \u00e0 la cessation de fonctions du d\u00e9l\u00e9gant ou du d\u00e9l\u00e9gataire.\nSign\u00e9 : Le Directeur : St\u00e9phane BLOT\n\uf0bf\nD\u00e9cision n\u00b0 2023/25 \u2013 DG du 17 avril 2023 portant d\u00e9l\u00e9gation de signature pour les fonctions d'attach\u00e9 d'administration au p\u00f4le\ngestion financi\u00e8re, performance et dialogue de gestion\nVu le Code de la Sant\u00e9 Publique et notamment dans ses articles L6143-7, L6145-16 et D6143-33 \u00e0 D6143-36 ;\nVu le Code de l'Action Sociale et des Famlles et notamment l'article L315-17 relatif aux attributions du directeur et les articles D315-67 \u00e0 D315-\n70 relatifs \u00e0 la d\u00e9l\u00e9gation de signature d'un direteur d'\u00e9tablissement Social et M\u00e9dico-Social;\nVu le d\u00e9cret n\u00b02009-1765 du 30 d\u00e9cembre 2009 relatif au directeur et aux membres du directoire des \u00e9tablissements publics de sant\u00e9 ;\nVu la Loi n\u00b0 2019-774 du 24 juillet 2019 relative \u00e0 l'organisation et \u00e0 la transformation du syst\u00e8me de sant\u00e9 ;\nVu l'arr\u00eat\u00e9 de Madame la directrice g\u00e9n\u00e9rale de l'Agence r\u00e9gionale de sant\u00e9 en date du 6 juillet 2016 nommant Monsieur St\u00e9phane BLOT en\nqualit\u00e9 de directeur du Centre hospitalier de l'estran \u00e0 compter du 5 septembre 2016 ;\nVu l'arr\u00eat\u00e9 de Mme la Directrice du Centre National de gestion des praticiens hospitaliers et des personnels de direction de la fonction publique\nhospitali\u00e8re en date du 28 juillet 2020, nommant Monsieur Yvan LE BARON en qualit\u00e9 de directeur adjoint au Centre hospitalier de l'estran \u00e0\nPontorson \u00e0 compter du 1er  septembre 2020 ;\nVu l'organisation de la direction du Centre Hospitalier de l'estran \u00e0 compter du 12 d\u00e9cembre 2022 ;\nArt. 1: En cas d'absence ou d'emp\u00eachement de Monsieur Yvan LE BARON, directeur adjoint en charge du p\u00f4le gestion financi\u00e8re, performance\net dialogue de gestion, d\u00e9l\u00e9gation est donn\u00e9e \u00e0 Madame Laurence NAVET, attach\u00e9e d'administration hospitali\u00e8re, \u00e0 l'effet de signer en lieu et\nplace du directeur les documents suivants :\n- Les actes se rapportant \u00e0 la fonction d'ordonnateur des d\u00e9penses et des recettes  : mandats et pi\u00e8ces justificatives, tous titres de recettes et\nbordereaux d'\u00e9mission, \u00e0 l'exclusion de la d\u00e9cision de ventilation des autorisations de d\u00e9penses et des pr\u00e9visions de recettes approuv\u00e9es, du\ncompte financier, des d\u00e9cisions modificatives de cr\u00e9dits, des d\u00e9cisions de virements de cr\u00e9dits, des d\u00e9cisions d'admission en non-valeur ;\n- Les notes d'information, les courriers, les actes et les correspondances internes ou externes \u00e0 l'\u00e9tablissement  li\u00e9es \u00e0 l'activit\u00e9 de sa\ndirection autres que celles vis\u00e9es \u00e0 l'article 1 de la d\u00e9l\u00e9gation g\u00e9n\u00e9rale n\u00b0 2023/09 ;\n- Les bordereaux d'envoi des pi\u00e8ces li\u00e9es \u00e0 l'activit\u00e9 du p\u00f4le gestion financi\u00e8re, performance et dialogue de gestion\n- Les tarifs ;\n- La tenue de la comptabilit\u00e9 des stocks ;\n- L'inventaire ;\n- Accuser r\u00e9ception des actes d'huissiers ;\n- Toutes autorisations de sorties ou s\u00e9jours th\u00e9rapeutiques ;\n- Les autorisations d'absence et de cong\u00e9s des agents relevant de son service d'affectation.\nArt. 2: La signature du d\u00e9l\u00e9gataire vis\u00e9 aux articles pr\u00e9c\u00e9dents doit \u00eatre pr\u00e9c\u00e9d\u00e9e de la mention \u00ab  Pour le directeur et par d\u00e9l\u00e9gation \u00bb suivie de\nla fonction du signataire. Le pr\u00e9nom et le nom dactylographi\u00e9s du signataire devront suivre sa signature. \nArt. 3 : Le d\u00e9l\u00e9gataire doit rendre compte au d\u00e9l\u00e9gant des actes pris dans l'exercice de cette d\u00e9l\u00e9gation. Le d\u00e9l\u00e9gant conserve son pouvoir\nd'\u00e9vocation et ne se trouve pas dessaisi par la pr\u00e9sente d\u00e9cision de d\u00e9l\u00e9gation.\nArt. 4: La pr\u00e9sente d\u00e9l\u00e9gation sera publi\u00e9e au Recueil des actes administratifs de la Manche et notifi\u00e9e au d\u00e9l\u00e9gataire. Elle sera affich\u00e9e au\nsein de l'\u00e9tablissement et transmise au tr\u00e9sorier de l'\u00e9tablissement.\nArt. 5: Cette d\u00e9cision prendra effet \u00e0 compter de sa publication et abroge les pr\u00e9c\u00e9dentes d\u00e9cisions portant sur le m\u00eame objet. La d\u00e9l\u00e9gation\nconsentie en application de la pr\u00e9sente d\u00e9cision cesse de plein droit \u00e0 la cessation de fonctions du d\u00e9l\u00e9gant ou du d\u00e9l\u00e9gataire.\nSign\u00e9 : Le Directeur : St\u00e9phane BLOT\n\uf0bf\nD\u00e9cision n\u00b0 2023/27- DG du 17 avril 2023 portant d\u00e9l\u00e9gation de signature pour les fonctions d'adjoint administratif au bureau des\nentr\u00e9es et soins sans consentement\nVu le Code de la Sant\u00e9 Publique et notamment dans ses articles L6143-7, L6145-16 et D6143-33 \u00e0 D6143-36 ;\nVu le Code de l'Action Sociale et des Famlles et notamment l'article L315-17 relatif aux attributions du directeur et les articles D315-67 \u00e0 D315-\n70 relatifs \u00e0 la d\u00e9l\u00e9gation de signature d'un direteur d'\u00e9tablissement Social et M\u00e9dico-Social;\nVu le d\u00e9cret n\u00b02009-1765 du 30 d\u00e9cembre 2009 relatif au directeur et aux membres du directoire des \u00e9tablissements publics de sant\u00e9 ;\nVu la Loi n\u00b0 2019-774 du 24 juillet 2019 relative \u00e0 l'organisation et \u00e0 la transformation du syst\u00e8me de sant\u00e9 ;\nVu l'arr\u00eat\u00e9 de Madame la directrice g\u00e9n\u00e9rale de l'Agence r\u00e9gionale de sant\u00e9 en date du 6 juillet 2016 nommant Monsieur St\u00e9phane BLOT en\nqualit\u00e9 de directeur du Centre hospitalier de l'estran \u00e0 compter du 5 septembre 2016 ;\nVu l'organisation de la direction du Centre Hospitalier de l'estran \u00e0 compter du 12 d\u00e9cembre 2022 ;\nArt. 1: Une d\u00e9l\u00e9gation permanente de signature est donn\u00e9e \u00e0 Madame Lydie LEGENDRE, adjoint administratif au bureau des entr\u00e9es et soins\nsans consentement, \u00e0 l'effet de signer en lieu et place du directeur les documents suivants:\n- Les d\u00e9clarations de d\u00e9c\u00e8s d'hospitalis\u00e9s ou r\u00e9sidents ; \n- Les autorisations de transport de corps avant mise en bi\u00e8re ; \n- Les documents destin\u00e9s \u00e0 la Caisse d'Allocations Familiales ou la Mutualit\u00e9 Sociale Agricole relatifs \u00e0 l'Allocation logement des r\u00e9sidents ou\nau forfait journalier des patients ; \n- Tout acte relatif \u00e0 l'application de la loi relative aux droits et \u00e0 la protection des personnes faisant l'objet de soins psychiatriques et aux\nmodalit\u00e9s de leur prise en charge.\n- Les formulaires \u00ab  isolement / contention  \u00bb sur la p\u00e9riode d'astreinte (soir\u00e9es, nuits, week-ends et jour f\u00e9ri\u00e9s), et en cas d'abscence des\nsecr\u00e9taire m\u00e9dicales en journ\u00e9e.\n- Les contrats de s\u00e9jour, les conventions li\u00e9es \u00e0 la fili\u00e8re personne \u00e2g\u00e9e ou handicap\u00e9e ;\n-  Les  autorisations  d'admission  en  \u00e9tablissement  d'h\u00e9bergement  pour  personnes  \u00e2g\u00e9es  d\u00e9pendantes  (EHPAD)  et  en  maison  d'accueil\nsp\u00e9cialis\u00e9e (MAS).\nArt. 2: La signature du d\u00e9l\u00e9gataire vis\u00e9 \u00e0 l'article pr\u00e9c\u00e9dent doit \u00eatre pr\u00e9c\u00e9d\u00e9e de la mention \u00ab  Pour le directeur et par d\u00e9l\u00e9gation  \u00bb suivie de la\nfonction du signataire. Le pr\u00e9nom et le nom du signataire devront suivre sa signature. \nArt. 3 : Le d\u00e9l\u00e9gataire doit rendre compte au d\u00e9l\u00e9gant des actes pris dans l'exercice de cette d\u00e9l\u00e9gation. Le d\u00e9l\u00e9gant conserve son pouvoir\nd'\u00e9vocation et ne se trouve pas dessaisi par la pr\u00e9sente d\u00e9cision de d\u00e9l\u00e9gation.\nArt. 4: La pr\u00e9sente d\u00e9l\u00e9gation sera publi\u00e9e au Recueil des actes administratifs de la Manche et notifi\u00e9e au d\u00e9l\u00e9gataire. Elle sera affich\u00e9e au\nsein de l'\u00e9tablissement et transmise au tr\u00e9sorier de l'\u00e9tablissement.\nArt. 5: Cette d\u00e9cision prendra effet \u00e0 compter de sa publication et abroge les pr\u00e9c\u00e9dentes d\u00e9cisions portant sur le m\u00eame objet. La d\u00e9l\u00e9gation\nconsentie en application de la pr\u00e9sente d\u00e9cision cesse de plein droit \u00e0 la cessation de fonctions du d\u00e9l\u00e9gant ou du d\u00e9l\u00e9gataire.\nSign\u00e9 : Le Directeur : St\u00e9phane BLOT\n\uf0bf\nD\u00e9cision n\u00b0 2023/29 \u2013 DG du 17 avril 2023 portant d\u00e9l\u00e9gation de signature pour les fonctions d'adjoint administratif au bureau des\nentr\u00e9es \nVu le Code de la Sant\u00e9 Publique et notamment dans ses articles L6143-7, L6145-16 et D6143-33 \u00e0 D6143-36 ;\nVu le Code de l'Action Sociale et des Famlles et notamment l'article L315-17 relatif aux attributions du directeur et les articles D315-67 \u00e0 D315-\n70 relatifs \u00e0 la d\u00e9l\u00e9gation de signature d'un direteur d'\u00e9tablissement Social et M\u00e9dico-Social;\nVu le d\u00e9cret n\u00b02009-1765 du 30 d\u00e9cembre 2009 relatif au directeur et aux membres du directoire des \u00e9tablissements publics de sant\u00e9 ;\nVu la Loi n\u00b0 2019-774 du 24 juillet 2019 relative \u00e0 l'organisation et \u00e0 la transformation du syst\u00e8me de sant\u00e9 ;\nVu l'arr\u00eat\u00e9 de Madame la directrice g\u00e9n\u00e9rale de l'Agence r\u00e9gionale de sant\u00e9 en date du 6 juillet 2016 nommant Monsieur St\u00e9phane BLOT en\nqualit\u00e9 de directeur du Centre hospitalier de l'estran \u00e0 compter du 5 septembre 2016 ;\nVu l'organisation de la direction du Centre Hospitalier de l'estran \u00e0 compter du 12 d\u00e9cembre 2022 ;\nArt. 1: Une d\u00e9l\u00e9gation permanente de signature est donn\u00e9e \u00e0 Madame Laurence BOITOUZET, adjoint administratif au bureau des entr\u00e9es, \u00e0\nl'effet de signer en lieu et place du directeur les documents suivants:\n- Les d\u00e9clarations de d\u00e9c\u00e8s d'hospitalis\u00e9s ou r\u00e9sidents ;\n- Les autorisations de transport de corps avant mise en bi\u00e8re ;\n- Les documents destin\u00e9s \u00e0 la Caisse d'Allocations Familiales ou la Mutualit\u00e9 Sociale Agricole relatifs \u00e0 l'Allocation logement des r\u00e9sidents ou\nau forfait journalier des patients ;\n- Les contrats de s\u00e9jour, les conventions li\u00e9es \u00e0 la fili\u00e8re personne \u00e2g\u00e9e ou handicap\u00e9e ;\n-  Les  autorisations  d'admission  en  \u00e9tablissement  d'h\u00e9bergement  pour  personnes  \u00e2g\u00e9es  d\u00e9pendantes  (EHPAD)  et  en  maison  d'accueil\nsp\u00e9cialis\u00e9e (MAS).\n- Tous courriers relatifs au recouvrement\nArt. 2 : La signature du d\u00e9l\u00e9gataire vis\u00e9 \u00e0 l'article pr\u00e9c\u00e9dent doit \u00eatre pr\u00e9c\u00e9d\u00e9e de la mention \u00ab  Pour le directeur et par d\u00e9l\u00e9gation \u00bb suivie de la\nfonction du signataire. Le pr\u00e9nom et le nom du signataire devront suivre sa signature. \nArt. 3 : Le d\u00e9l\u00e9gataire doit rendre compte au d\u00e9l\u00e9gant des actes pris dans l'exercice de cette d\u00e9l\u00e9gation. Le d\u00e9l\u00e9gant conserve son pouvoir\nd'\u00e9vocation et ne se trouve pas dessaisi par la pr\u00e9sente d\u00e9cision de d\u00e9l\u00e9gation.\nArt. 4 : La pr\u00e9sente d\u00e9l\u00e9gation sera publi\u00e9e au Recueil des actes administratifs de la Manche et notifi\u00e9e au d\u00e9l\u00e9gataire. Elle sera affich\u00e9e au\nsein de l'\u00e9tablissement et transmise au tr\u00e9sorier de l'\u00e9tablissement.\nArt. 5: Cette d\u00e9cision prendra effet \u00e0 compter de sa publication et abroge les pr\u00e9c\u00e9dentes d\u00e9cisions portant sur le m\u00eame objet. La d\u00e9l\u00e9gation\nconsentie en application de la pr\u00e9sente d\u00e9cision cesse de plein droit \u00e0 la cessation de fonctions du d\u00e9l\u00e9gant ou du d\u00e9l\u00e9gataire.\nSign\u00e9 : Le Directeur : St\u00e9phane BLOT\n\uf0bf\nD\u00e9partement de la Manche - Imprimerie administrative - Directeur de la publication : Mme la secr\u00e9taire g\u00e9n\u00e9rale de la pr\u00e9fecture","date":"2023-05-22","first_seen_on":"2025-07-18T11:51:04+00:00","id":"292b1872e20aa61050b617a1c7ff4efd1ff53bc9a4bddb35438612ff786e599b","name":"RAA SP n\u00b0 41","pdf_creation_date":"2023-05-22T15:03:40+00:00","pdf_modification_date":null,"timezone":"Europe/Paris","url":"https://www.manche.gouv.fr/contenu/telechargement/56357/438635/file/SP%2041.pdf"}
