{"administration":"pref21","administration_name":"Pr\u00e9fecture de C\u00f4te-d\u2019Or","content":"PR\u00c9FET\nDE LA C\u00d4TE-D'OR\nRECUEIL DES ACTES\nADMINISTRATIFS SP\u00c9CIAL\nN\u00b021-2025-186\nPUBLI\u00c9 LE 23 D\u00c9CEMBRE 2025\nSommaire\nDirection d\u00e9partementale des territoires de la C\u00f4te-d'Or /\n21-2025-12-23-00001 - Arr\u00eat\u00e9 n\u00b01872\nportant dispositions\nparticuli\u00e8res de circulation sur le r\u00e9seau d\u00e9partemental en\nC\u00f4te-d'Or \u00e0 l'occasion des manifestations des agriculteurs (3\npages) Page 3\n2\nDirection d\u00e9partementale des territoires de la\nC\u00f4te-d'Or\n21-2025-12-23-00001\nArr\u00eat\u00e9 n\u00b01872\nportant dispositions particuli\u00e8res de circulation\nsur le r\u00e9seau d\u00e9partemental en C\u00f4te-d'Or \u00e0\nl'occasion des manifestations des agriculteurs\nDirection d\u00e9partementale des territoires de la C\u00f4te-d'Or - 21-2025-12-23-00001 - Arr\u00eat\u00e9 n\u00b01872\nportant dispositions particuli\u00e8res de circulation sur le r\u00e9seau d\u00e9partemental en C\u00f4te-d'Or \u00e0 l'occasion des manifestations des\nagriculteurs\n3\nExPREFETDE LACOTE-D'ORLibert\u00e9Egalit\u00e9Fraternit\u00e9\nDirection d\u00e9partementale des territoires\nde la C\u00f4te-d'Or\n              Dijon, le 23 d\u00e9cembre 2025\nArr\u00eat\u00e9 n\u00b01872\nportant dispositions particuli\u00e8res de circulation sur le r\u00e9seau d\u00e9partemental en C\u00f4te-d'Or \u00e0 \nl'occasion des manifestations des agriculteurs\nLe pr\u00e9fet de la r\u00e9gion Bourgogne-Franche-Comt\u00e9\nPr\u00e9fet de la C\u00f4te-d'Or\nVU le code de la route, et notamment les articles R. 411-18, R.421-1 \u00e0 R421-10 ,\nVU le d\u00e9cret n\u00b02005-1499 du 5 d\u00e9cembre 2005 relatif \u00e0 la consistance du r\u00e9seau national,\nVU le d\u00e9cret n\u00b02004-374 du 29 avril 2004 relatif aux pouvoirs des pr\u00e9fets, \u00e0 l'organisation et \u00e0  \nl'action des services de l'\u00c9tat dans les r\u00e9gions et les d\u00e9partements,\nVU le d\u00e9cret du 10 octobre 2024 portant nomination de Monsieur Paul MOURIER, pr\u00e9fet de la  \nr\u00e9gion Bourgogne-Franche-Comt\u00e9, pr\u00e9fet de la C\u00f4te-d'Or ;\nVU l'arr\u00eat\u00e9 interminist\u00e9riel du 24 novembre 1967 modifi\u00e9, relatif \u00e0 la signalisation des routes  \net autoroutes,\nVU l'arr\u00eat\u00e9 pr\u00e9fectoral n\u00b0 813/SG du 13 juin 2025 donnant d\u00e9l\u00e9gation de signature \u00e0 Monsieur  \nDenis BRUEL, Secr\u00e9taire g\u00e9n\u00e9ral de la pr\u00e9fecture de la C\u00f4te-d'Or,\nVU le mouvement social des professionnels de l'agriculture d\u00e9but\u00e9 le 22 d\u00e9cembre 2025 sur  \nle d\u00e9partement de la C\u00f4te-d'Or et notamment sur la commune de Dijon,\nConsid\u00e9rant qu'il  y  a  lieu  de  r\u00e9glementer  la  circulation  afin  de  garantir  la  s\u00e9curit\u00e9  des \nusagers ,\nARR\u00caTE\n'\nDirection d\u00e9partementale des territoires de la C\u00f4te-d'Or\n57, rue de Mulhouse - BP 53317 - 21033 Dijon CEDEX\nT\u00e9l. : 03 80 29 44 44\nCourriel : ddt@cote-dor.gouv.fr\nDirection d\u00e9partementale des territoires de la C\u00f4te-d'Or - 21-2025-12-23-00001 - Arr\u00eat\u00e9 n\u00b01872\nportant dispositions particuli\u00e8res de circulation sur le r\u00e9seau d\u00e9partemental en C\u00f4te-d'Or \u00e0 l'occasion des manifestations des\nagriculteurs\n4\nArticle 1er :\nA compter du mardi 23 d\u00e9cembre  2025 \u00e0 9h30 , la circulation est interdite pour tous les  \nv\u00e9hicules de plus de 7,5 T :\n- sur la RD903 dans le sens IS/TILLE-DIJON depuis l'intersection avec la RD901 jusqu'au  \ngiratoire avenue de Langres/M974/M274\n- sur  la  RD974  dans  le  sens  LANGRES-DIJON  depuis  le  giratoire  avec  la  RD959, \ncommune de TIL CHATEL, jusqu'au giratoire avenue de Langres/M974/M274.\nArticle 2 : \nUne d\u00e9viation est mise en place pour les v\u00e9hicules de plus de 7,5 T empruntant :\n- la RD901 : par la RD903 en direction d'IS-SUR-TILLE puis la RD959 en direction de TIL-\nCHATEL jusqu'\u00e0 LUX puis la RD28 jusqu'\u00e0 DIJON\n- la RD974 : par la RD959 \u00e0 TIL-CHATEL jusqu'\u00e0 LUX puis la RD28 jusqu'\u00e0 DIJON\nArticle 3 : \nLes services de gendarmerie pourront, en fonction des circonstances, all\u00e9ger ou renforcer les  \nmesures pr\u00e9vues et prendre toutes initiatives utiles afin de pourvoir \u00e0 la s\u00e9curit\u00e9 des usagers  \nde l'autoroute et faciliter l'\u00e9coulement de la circulation.\nArticle 4 : \nDes  mesures  d'information  des  usagers  seront  prises  par  le  canal  de  messages  sur  les \nPanneaux \u00e0 Messages Variables (PMV) situ\u00e9s sur l'A31.\nArticle 5 : \nLe pr\u00e9sent arr\u00eat\u00e9 peut faire l'objet d'un recours gracieux aupr\u00e8s du pr\u00e9fet et/ou d'un recours  \ncontentieux  devant  le  tribunal  administratif  dans  un  d\u00e9lai  de  2  mois  \u00e0  compter  de  sa \nnotification. Le tribunal administratif peut \u00eatre saisi par un recours d\u00e9pos\u00e9 via l'application  \nT\u00e9l\u00e9recours citoyens accessible par le site internet www.telerecours.fr \u00bb.\nArticle 6 : \n- la Directrice de Cabinet du pr\u00e9fet de la C\u00f4te-d'Or,\n- le Pr\u00e9sident du Conseil D\u00e9partemental de C\u00f4te-d'Or,\n- le Pr\u00e9sident de Dijon M\u00e9tropole,\n- le Commandant  de  la  R\u00e9gion  de  Gendarmerie  de  Bourgogne-Franche-Comt\u00e9  et  du \nGroupement de C\u00f4te-d'Or,\n- le Directeur Interd\u00e9partemental de la Police Nationale,\nsont charg\u00e9s, chacun en ce qui le concerne, de l'ex\u00e9cution du pr\u00e9sent arr\u00eat\u00e9.\nLe pr\u00e9sent arr\u00eat\u00e9 sera publi\u00e9 au recueil des actes administratifs de la Pr\u00e9fecture de C\u00f4te  \nd'Or.\nDirection d\u00e9partementale des territoires de la C\u00f4te-d'Or\n57, rue de Mulhouse - BP 53317 - 21033 Dijon CEDEX\nT\u00e9l. : 03 80 29 44 44\nCourriel : ddt@cote-dor.gouv.fr\nDirection d\u00e9partementale des territoires de la C\u00f4te-d'Or - 21-2025-12-23-00001 - Arr\u00eat\u00e9 n\u00b01872\nportant dispositions particuli\u00e8res de circulation sur le r\u00e9seau d\u00e9partemental en C\u00f4te-d'Or \u00e0 l'occasion des manifestations des\nagriculteurs\n5\nUne copie du pr\u00e9sent arr\u00eat\u00e9 sera adress\u00e9e pour information:\n- au Directeur D\u00e9partemental des Services d'Incendie et de Secours de la C\u00f4te-d'Or,\n- au SAMU de Dijon,\n- \u00e0 la pr\u00e9fecture de la zone de d\u00e9fense Est.\nFait \u00e0 Dijon, le 23 d\u00e9cembre 2025\nLe pr\u00e9fet,\npour le pr\u00e9fet et par d\u00e9l\u00e9gation,\nla secr\u00e9taire g\u00e9n\u00e9rale adjointe\nORIGINAL SIGNE\nMagalie MALERBA\nDirection d\u00e9partementale des territoires de la C\u00f4te-d'Or\n57, rue de Mulhouse - BP 53317 - 21033 Dijon CEDEX\nT\u00e9l. : 03 80 29 44 44\nCourriel : ddt@cote-dor.gouv.fr\nDirection d\u00e9partementale des territoires de la C\u00f4te-d'Or - 21-2025-12-23-00001 - Arr\u00eat\u00e9 n\u00b01872\nportant dispositions particuli\u00e8res de circulation sur le r\u00e9seau d\u00e9partemental en C\u00f4te-d'Or \u00e0 l'occasion des manifestations des\nagriculteurs\n6","date":"2025-12-23","first_seen_on":"2025-12-23T09:12:30+00:00","id":"297162314718cefd1abce874c3dc6982385e7e43bca33f9bd57f1f974baad517","name":"RAA n\u00b0 186 du 23 d\u00e9cembre 2025","pdf_creation_date":"2025-12-23T08:38:43+00:00","pdf_modification_date":null,"timezone":"Europe/Paris","url":"https://www.cote-dor.gouv.fr/contenu/telechargement/25299/193579/file/recueil-21-2025-186-recueil-des-actes-administratifs-special-1.pdf"}
