{"administration":"pref30","administration_name":"Pr\u00e9fecture du Gard","content":"PR\u00c9FET\nDU GARD\nRECUEIL DES ACTES\nADMINISTRATIFS SP\u00c9CIAL\nN\u00b030-2026-018\nPUBLI\u00c9 LE 29 JANVIER 2026\nSommaire\nPrefecture du Gard /\n30-2026-01-29-00006 - Arr\u00eat\u00e9 donnant d\u00e9l\u00e9gation de signature \u00e0\nM. Fabrice LEVASSORT, Directeur D\u00e9partemental des Territoires e de la\nMer de l'H\u00e9rault (5 pages) Page 3\n30-2026-01-29-00002 - Arr\u00eat\u00e9 N\u00b030-2026-01-29-00002\nportant\ninterdiction des rassemblements festifs \u00e0 caract\u00e8re musical et\ninterdiction de circulation des poids lourds transportant du mat\u00e9riel de\nsons \u00e0 destination d'un rassemblement festif \u00e0 caract\u00e8re musical\nnon autoris\u00e9 dans le d\u00e9partement du Gard\ndu vendredi 30 janvier au\nlundi 2 f\u00e9vier 2026 (6 pages) Page 9\n30-2026-01-29-00001 - ARR\u00caT\u00c9 PR\u00c9FECTORAL DE VIDEOPROTECTIONJ -\nMAIRIE ST MAXIMIN 2026 (6 pages) Page 16\nPrefecture du Gard / CABINET\n30-2026-01-29-00004 - arr\u00eat\u00e9 autorisant la captation, l'enregistrement et\nla transmission d'images au moyen de cam\u00e9ras install\u00e9es sur des\na\u00e9ronefs (6 pages) Page 23\n2\nPrefecture du Gard\n30-2026-01-29-00006\nArr\u00eat\u00e9 donnant d\u00e9l\u00e9gation de signature \u00e0 M.\nFabrice LEVASSORT, Directeur D\u00e9partemental\ndes Territoires e de la Mer de l'H\u00e9rault\nPrefecture du Gard - 30-2026-01-29-00006 - Arr\u00eat\u00e9 donnant d\u00e9l\u00e9gation de signature \u00e0 M. Fabrice LEVASSORT, Directeur\nD\u00e9partemental des Territoires e de la Mer de l'H\u00e9rault 3\nPREFETDU GARDLibert\u00e9Egalit\u00e9Fraternit\u00e9\nDirection d\u00e9partementale\ndes territoires et de la mer\nService mer et littoral\nAffaire suivie par\u00a0: H\u00e9lie MONTAN\u00c9 de La ROQUE\nT\u00e9l\u00e9phone\u00a0: 06 26 22 21 70\nM\u00e9l\u00a0: helie.montane-de-la-roque@herault.gouv.fr\nARR\u00caT\u00c9 N\u00b0\ndonnant d\u00e9l\u00e9gation de signature \u00e0 Monsieur Fabrice LEVASSORT\nDirecteur D\u00e9partemental des Territoires et de la Mer de l'H\u00e9rault\nLe pr\u00e9fet du Gard\nChevalier de la L\u00e9gion d'honneur,\nOfficier de l'ordre national du M\u00e9rite\nVU le d\u00e9cret 82-635 du 21 juillet 1982 modifi\u00e9 relatif aux pouvoirs des Pr\u00e9fets sur les services des affaires  \nmaritimes\u00a0;\nVU le d\u00e9cret n\u00b0 97 .34 du 15 janvier 1997 modifi\u00e9 relatif \u00e0 la d\u00e9concentration des d\u00e9cisions administratives \nindividuelles\u00a0;\nVU le d\u00e9cret n\u00b0 97-156 du 19 f\u00e9vrier 1997 portant organisation des services d\u00e9concentr\u00e9s des affaires  \nmaritimes\u00a0;\nVU le d\u00e9cret n\u00b0 2004-374 du 29 avril 2004 relatif aux pouvoirs des Pr\u00e9fets, \u00e0 l'organisation et \u00e0 l'action des \nservices de l'\u00c9tat dans les r\u00e9gions et d\u00e9partements\u00a0;\nVU le d\u00e9cret n\u00b0 2008-158 du 22 f\u00e9vrier 2008 relatif \u00e0 la suppl\u00e9ance des Pr\u00e9fets de r\u00e9gion et \u00e0 la d\u00e9l\u00e9gation \nde  signature  des  Pr\u00e9fets  et  des  Hauts  Commissaires  de  la  R\u00e9publique  en  Polyn\u00e9sie  fran\u00e7aise  et  en \nNouvelle-Cal\u00e9donie\u00a0;\nVU le d\u00e9cret n\u00b0 2009-176 du 16 f\u00e9vrier 2009 modifiant le d\u00e9cret n\u00b0 64-805 du 29 juillet 1964 fixant les  \ndispositions r\u00e9glementaires  applicables aux pr\u00e9fets et le d\u00e9cret n\u00b0 2004-374 du 29 avril 2004 relatif aux  \npouvoirs des Pr\u00e9fets, \u00e0 l'organisation et \u00e0 l'action des services de l'Etat dans les r\u00e9gions et d\u00e9partements\u00a0;\nVU le d\u00e9cret n\u00b0 2009-1484 du 3 d\u00e9cembre 2009 relatif aux directions d\u00e9partementales interminist\u00e9rielles\u00a0;\nVU le d\u00e9cret n\u00b0 2010-146 du 16 f\u00e9vrier 2010 modifiant le d\u00e9cret n\u00b0 2004-374 du 29 avril 2004 relatif aux  \npouvoirs des Pr\u00e9fets, \u00e0 l'organisation et \u00e0 l'action des services de l'Etat dans les r\u00e9gions et d\u00e9partements\u00a0;\nVU le d\u00e9cret n\u00b0 2015-510 du 7 mai 2015 portant charte de la d\u00e9concentration\u00a0;\n89, rue Weber \u2013 30907 NIMES CEDEX 2\nT\u00e9l\u00a0: 04 66 62 62 00 - Fax\u00a0: 04 66 23 28 79 - www.gard.gouv.fr\nPrefecture du Gard - 30-2026-01-29-00006 - Arr\u00eat\u00e9 donnant d\u00e9l\u00e9gation de signature \u00e0 M. Fabrice LEVASSORT, Directeur\nD\u00e9partemental des Territoires e de la Mer de l'H\u00e9rault 4\nVU le d\u00e9cret du 13 juillet 2023 nommant M. J\u00e9r\u00f4me BONET, pr\u00e9fet du Gard\u00a0;\nVU l'arr\u00eat\u00e9  du  Premier  Ministre  du  12  janvier  2010  relatif  aux  missions  interd\u00e9partementales  des \ndirections d\u00e9partementales interminist\u00e9rielles\u00a0;\nVU l'arr\u00eat\u00e9 de la Premi\u00e8re Ministre et du Ministre de l'Int\u00e9rieur et des Outre-mer du 23 mars 2023, publi\u00e9  \nau Journal officiel du 25 mars 2023, nommant  M. Fabrice LEVASSORT , Directeur D\u00e9partemental des  \nTerritoires et de la Mer de l'H\u00e9rault, \u00e0 compter du 1er avril 2023\u00a0;\nVU l'arr\u00eat\u00e9 de la pr\u00e9f\u00e8te du Gard n\u00b030-2023-04-04-0001 du 4 avril 2023 donnant d\u00e9l\u00e9gation de signature \u00e0 \nM. Fabrice LEVASSORT, Directeur D\u00e9partemental des Territoires et de la Mer de l'H\u00e9rault\u00a0;\nSUR PROPOSITION du directeur d\u00e9partemental des territoires et de la mer de l'H\u00e9rault\u00a0;\nARR\u00caTE\nARTICLE 1\u00a0:\nPour le d\u00e9partement du Gard, d\u00e9l\u00e9gation de signature est donn\u00e9e \u00e0  M. Fabrice LEVASSORT, Directeur \nd\u00e9partemental des Territoires et de la Mer de l'H\u00e9rault, \u00e0 l'effet de signer toutes les pi\u00e8ces, y compris les  \nd\u00e9cisions, qui entrent dans le cadre de ses attributions et comp\u00e9tences concernant\u00a0: \nI \u2212 P\u00eache maritime\u00a0:\n1-1  Autorisation  particuli\u00e8re  de  p\u00eache  dans  les  installations  portuaires  (Code  rural  et  de  la  p\u00eache \nmaritime \u2013 R921-66)\u00a0;\n1-2 Coop\u00e9ratives maritimes (Code rural et de la p\u00eache maritime \u2013 D931-1, R931-3 et 4) \u00a0: inscription sur la  \nliste  des  soci\u00e9t\u00e9s  coop\u00e9ratives  maritimes,  mise  en  demeure  de  la  soci\u00e9t\u00e9  coop\u00e9rative  maritime  de \nr\u00e9gulariser sa situation en cas de violation des obligations l\u00e9gislatives et r\u00e9glementaires, et fixation d'un  \nd\u00e9lai, d\u00e9cision portant retrait d'inscription sur la liste des soci\u00e9t\u00e9s coop\u00e9ratives maritimes\u00a0;\n1-3 Fixation des lieux de d\u00e9barquement des captures d'anguille par les p\u00eacheurs professionnels (Code de  \nl'environnement \u2013R436-65-1 \u00e0 R436-65-9).\n1-4 \u2013\u00a0Tutelle du comit\u00e9 d\u00e9partemental des p\u00eaches maritimes et des \u00e9levages marins (Code rural et de la  \np\u00eache maritime \u2013 R912-36 \u00e0 48) \u00a0: approbation du r\u00e8glement int\u00e9rieur, fixation de la composition du  \nconseil et de la r\u00e9partition des si\u00e8ges du conseil, nomination des membres du conseil\u00a0;\nII \u2013 Transport et navigation maritimes :\n2-1 Navire (Code des transports \u2013 \u00a0L5112-1 \u00e0 L5112-1-28\u00a0; R5112-1 A \u00e0 R5112-2-10)\u00a0: d\u00e9livrance et retrait des  \ncertificats d'enregistrements des navires\u00a0;\n2-2 Navigation maritime (Code des transports \u2013\u00a0L5232-1 \u00e0 L5232-4\u00a0; R5232-1 \u00e0 R5232-25)\u00a0: d\u00e9livrance, refus, \nsuspension ou retrait du permis d'armement, d\u00e9cision d'infliger une amende administrative et \u00e9mission  \ndu titre de perception correspondant\u00a0;\n89, rue Weber \u2013 30907 NIMES CEDEX 2\nT\u00e9l\u00a0: 04 66 62 62 00 - Fax\u00a0: 04 66 23 28 79 - www.gard.gouv.fr\nPrefecture du Gard - 30-2026-01-29-00006 - Arr\u00eat\u00e9 donnant d\u00e9l\u00e9gation de signature \u00e0 M. Fabrice LEVASSORT, Directeur\nD\u00e9partemental des Territoires e de la Mer de l'H\u00e9rault 5\n2-3 Formation \u00e0 la conduite des navires et bateaux de plaisance \u00e0 moteur (Code des transports \u2014 L5211-1 \n\u00e0 L5273-4 \u00a0; D\u00e9cret n\u00b02007-1167 du 2 ao\u00fbt 2007 relatif au permis de conduire et \u00e0 la formation \u00e0 la  \nconduite des bateaux de plaisance \u00e0 moteur \u2013\u00a04 \u00e0 33)\u00a0:\n\u2013\u00a0D\u00e9livrance du permis de conduire les bateaux de plaisance \u00e0 moteur\u00a0;\n\u2013\u00a0Retrait temporaire ou d\u00e9finitif du permis de conduire les bateaux de plaisance \u00e0 moteur\u00a0;\n\u2013\u00a0Choix des examinateurs et personnes charg\u00e9es de la surveillance des \u00e9preuves\u00a0;\n\u2013\u00a0Agr\u00e9ment des \u00e9tablissements de formation \u00e0 la conduite en mer des bateaux de plaisance \u00e0 moteur\u00a0;\n\u2013\u00a0Suspension ou retrait des agr\u00e9ments des \u00e9tablissements de formation \u00e0 la conduite en mer des bateaux \nde plaisance \u00e0 moteur\u00a0;\n\u2013\u00a0Habilitation des agents publics qualifi\u00e9s pour proc\u00e9der au contr\u00f4le de l'application des programmes de \nformation et du respect des conditions relatives \u00e0 l'agr\u00e9ment\u00a0;\n\u2013\u00a0d\u00e9livrance, suspension ou retrait des autorisations d'enseigner aux formateurs \u00e0 la conduite en mer des  \nbateaux de plaisance \u00e0 moteur\u00a0;\n2-4 Initiation et randonn\u00e9e encadr\u00e9es en v\u00e9hicules nautiques \u00e0 moteur (Arr\u00eat\u00e9 du 1er avril 2008 relatif \u00e0  \nl'initiation et \u00e0 la randonn\u00e9e encadr\u00e9es en v\u00e9hicule nautique \u00e0 moteur \u2013 1) \u00a0: d\u00e9livrance, suspension et  \nretrait  des  agr\u00e9ments  des  \u00e9tablissements  proposant  initiation  et  randonn\u00e9e  encadr\u00e9es  en  v\u00e9hicules \nnautiques \u00e0 moteur\u00a0;\n2-5 Exercice de la pr\u00e9sidence des commissions nautiques locales constitu\u00e9es au sein du d\u00e9partement de  \nl'H\u00e9rault et nomination de ses membres temporaires (d\u00e9cret n\u00b086-606 du 14 mars 1986 modifi\u00e9 relatif aux \ncommissions nautiques).\nIII \u2013 P\u00eache \u00e0 pied et aquaculture marine\u00a0:\n3-1 P\u00eache \u00e0 pied professionnelle (Code rural et de la p\u00eache maritime \u2013 R921-68)\u00a0: d\u00e9livrance et retrait d'un \npermis de p\u00eache maritime \u00e0 pied professionnel\u00a0;\n3-2 Cultures marines\u00a0:\n\u2013\u00a0Autorisation de suivre un stage de formation agr\u00e9\u00e9 en cultures marines (Code rural et de la p\u00eache  \nmaritime \u2013 R923-15),\n\u2013\u00a0Agr\u00e9ment du stage de formation en cultures marines (Code rural et de la p\u00eache maritime \u2013 R923-15)\u00a0;\n\u2013\u00a0D\u00e9cision d'octroi de la concession pour l'exploitation de cultures marines (Code rural et de la p\u00eache  \nmaritime \u2013\u00a0R923-10, R923-26)\u00a0;\n\u2013\u00a0Rejet d'une demande d'autorisation d'exploitation de cultures marines (Code rural et de la p\u00eache  \nmaritime \u2013 R923-23)\u00a0;\n\u2013\u00a0Autorisation de prise d'eau de mer (Code rural et de la p\u00eache maritime \u2013\u00a0R923-10, R923-45)\u00a0;\n\u2013\u00a0Autorisation d'exploitation d'un vivier flottant (Code rural et de la p\u00eache maritime \u2013\u00a0R923-10, R923-46)\u00a0;\n\u2013\u00a0Annulation de l'acte de concession pour l'exploitation de cultures marines suite \u00e0 renonciation r\u00e9put\u00e9e \nou explicite, du concessionnaire (Code rural et de la p\u00eache maritime \u2013 R923-27)\u00a0;\n\u2013\u00a0Autorisation de constitution de concessionnaires en soci\u00e9t\u00e9 (Code rural et de la p\u00eache maritime \u2013  \nR923-29)\u00a0;\n\u2013\u00a0Mise en demeure des soci\u00e9taires de satisfaire aux conditions d'exploitation ou de dissoudre la soci\u00e9t\u00e9  \net, pour chaque concessionnaire, de prendre l'exploitation \u00e0 titre individuel (Code rural et de la p\u00eache  \nmaritime \u2013 R923-30)\u00a0;\n\u2013\u00a0Modification, suspension temporaire ou retrait des concessions pour l'exploitation de cultures marines  \nsuite \u00e0 d\u00e9faillance (Code rural et de la p\u00eache maritime \u2013 R923-40)\u00a0;\n89, rue Weber \u2013 30907 NIMES CEDEX 2\nT\u00e9l\u00a0: 04 66 62 62 00 - Fax\u00a0: 04 66 23 28 79 - www.gard.gouv.fr\nPrefecture du Gard - 30-2026-01-29-00006 - Arr\u00eat\u00e9 donnant d\u00e9l\u00e9gation de signature \u00e0 M. Fabrice LEVASSORT, Directeur\nD\u00e9partemental des Territoires e de la Mer de l'H\u00e9rault 6\n\u2013\u00a0Mise en demeure du concessionnaire de se conformer aux mesures correctives qui lui sont prescrites  \n(Code rural et de la p\u00eache maritime \u2013 R923-40)\u00a0;\n\u2013\u00a0Retrait ou modification des concessions pour l'exploitation de cultures marines pour motif d'utilit\u00e9  \npublique (Code rural et de la p\u00eache maritime \u2013 R923-41)\u00a0;\n\u2013\u00a0Mise en demeure de payer les cotisations professionnelles obligatoires (Code rural et de la p\u00eache  \nmaritime \u2013 R923-40)\u00a0;\n\u2013\u00a0Notification  pr\u00e9alable  dans  le  cadre  d'une  proc\u00e9dure  de  retrait,  suspension  ou  modification  de \nl'autorisation si la parcelle se trouve expos\u00e9e \u00e0 des causes d'insalubrit\u00e9 non imputables au b\u00e9n\u00e9ficiaire de \nl'autorisation (Code rural et de la p\u00eache maritime \u2013 R923-40)\u00a0;\n\u2013\u00a0Notification  pr\u00e9alable  dans  le  cadre  d'une  proc\u00e9dure  retrait,  suspension  ou  modification  de \nl'autorisation pour un motif d'utilit\u00e9 publique reconnu (Code rural et de la p\u00eache maritime \u2013 R923-41)\u00a0;\n\u2013\u00a0D\u00e9claration de vacance d'une concession pour l'exploitation de cultures marines (Code rural et de la  \np\u00eache maritime \u2013 R923-43)\u00a0;\n\u2013\u00a0D\u00e9signation des membres de la commission de cultures marines (Arr\u00eat\u00e9 du 6 juillet 2010 relatif \u00e0  \nl'\u00e9tendue  des  circonscriptions  des  commissions  de  cultures  marines,  modes  de  d\u00e9signation  des \nd\u00e9l\u00e9gations professionnelles et conditions de fonctionnement des commissions \u2013 2)\u00a0;\n\u2013\u00a0Convocation des membres de la commission des cultures marines (Arr\u00eat\u00e9 du 6 juillet 2010 relatif \u00e0  \nl'\u00e9tendue  des  circonscriptions  des  commissions  de  cultures  marines,  modes  de  d\u00e9signation  des \nd\u00e9l\u00e9gations professionnelles et conditions de fonctionnement des commissions\u00a0\u2013\u00a04)\u00a0;\n3-3 S\u00e9curit\u00e9 sanitaire\u00a0:\n\u2013\u00a0D\u00e9termination  de  l'emplacement,  des  limites  et  du  classement  des  zones  de  production  des \nmollusques bivalves vivants et de l'emplacement et des limites des zones de reparcage (Code rural et de  \nla p\u00eache maritime \u2013 \u00a0R231-37\u00a0; Arr\u00eat\u00e9 du 6 novembre 2013 relatif au classement, \u00e0 la surveillance et \u00e0 la  \ngestion sanitaire des zones de production et des zones de reparcage de coquillages vivants \u2013\u00a04)\u00a0;\n\u2013\u00a0Autorisation de reparcage des coquillages provenant de zones C pour une dur\u00e9e inf\u00e9rieure \u00e0 deux mois \n(Code rural et de la p\u00eache maritime \u2013 \u00a0R231-41\u00a0; Arr\u00eat\u00e9 du 6 novembre 2013 relatif au classement, \u00e0 la  \nsurveillance et \u00e0 la gestion sanitaire des zones de production et des zones de reparcage de coquillages  \nvivants \u2013 9)\u00a0;\n\u2013\u00a0Autorisation de captage et de r\u00e9colte des naissains hors zones class\u00e9es pour effectuer leur transfert  \nvers une zone de production (Code rural et de la p\u00eache maritime \u2013 \u00a0R231-40\u00a0; Arr\u00eat\u00e9 du 6 novembre 2013 \nrelatif au classement, \u00e0 la surveillance et \u00e0 la gestion sanitaire des zones de production et des zones de  \nreparcage de coquillages vivants \u2013 2).\nARTICLE 2\u00a0:\nD\u00e9l\u00e9gation de signature est donn\u00e9e \u00e0 M. Fabrice LEVASSORT pour signer toutes les correspondances et  \ndocuments relevant de la comp\u00e9tence de ses services, n\u00e9cessaires \u00e0 la pr\u00e9paration des d\u00e9cisions autres  \nque celles mentionn\u00e9es \u00e0 l'article 3 devant \u00eatre soumises \u00e0 la signature de M. le Pr\u00e9fet.\nARTICLE 3\u00a0:\nSont r\u00e9serv\u00e9es \u00e0 la signature de M. le Pr\u00e9fet les correspondances adress\u00e9es\u00a0:\n- aux parlementaires,\n- au pr\u00e9sident du Conseil D\u00e9partemental du Gard,\n- aux maires des villes principales du d\u00e9partement.\nUne copie des courriers adress\u00e9s aux autres \u00e9lus sera adress\u00e9e \u00e0 M. le Pr\u00e9fet.\nARTICLE 4\u00a0:\n89, rue Weber \u2013 30907 NIMES CEDEX 2\nT\u00e9l\u00a0: 04 66 62 62 00 - Fax\u00a0: 04 66 23 28 79 - www.gard.gouv.fr\nPrefecture du Gard - 30-2026-01-29-00006 - Arr\u00eat\u00e9 donnant d\u00e9l\u00e9gation de signature \u00e0 M. Fabrice LEVASSORT, Directeur\nD\u00e9partemental des Territoires e de la Mer de l'H\u00e9rault 7\nM. Fabrice LEVASSORT  Directeur d\u00e9partemental des Territoires et de la Mer de l'H\u00e9rault, peut sous sa  \nresponsabilit\u00e9,  subd\u00e9l\u00e9guer  sa  signature  \u00e0  ses  collaborateurs,  \u00e0  l'effet  de  signer  toutes  les  d\u00e9cisions \nconcernant les mati\u00e8res \u00e9num\u00e9r\u00e9es aux articles 1 et 2, sous r\u00e9serve des dispositions de l'article 3. Il  \nd\u00e9finira, \u00e0 cet effet, par arr\u00eat\u00e9, pris en mon nom, la liste de ses collaborateurs habilit\u00e9s \u00e0 signer les actes,  \n\u00e0 sa place. Cette d\u00e9cision sera publi\u00e9e au recueil des actes administratifs de la pr\u00e9fecture et visera le  \npr\u00e9sent arr\u00eat\u00e9.\nARTICLE 5\u00a0:\nLa signature du d\u00e9l\u00e9gataire ou du subd\u00e9l\u00e9gataire et sa qualit\u00e9 devront \u00eatre pr\u00e9c\u00e9d\u00e9es de la mention  \nsuivante\u00a0: \u00ab\u00a0pour le Pr\u00e9fet et par d\u00e9l\u00e9gation\u00a0\u00bb.\nARTICLE 6\u00a0:\nToutes dispositions relatives \u00e0 une d\u00e9l\u00e9gation de signature ant\u00e9rieure en la mati\u00e8re sont abrog\u00e9es.\nARTICLE 7\u00a0:\nLe pr\u00e9sent arr\u00eat\u00e9 prend effet d\u00e8s sa publication.\nARTICLE 8\u00a0:\nLe Secr\u00e9taire G\u00e9n\u00e9ral de la Pr\u00e9fecture du Gard et le directeur d\u00e9partemental des territoires et de la mer  \nde l'H\u00e9rault sont charg\u00e9s, chacun en ce qui les concerne, de l'ex\u00e9cution du pr\u00e9sent arr\u00eat\u00e9, qui sera publi\u00e9 \nau recueil des actes administratifs de la Pr\u00e9fecture du Gard.\nN\u00eemes, le  29 janvier 2026\n  Le pr\u00e9fet,\n     sign\u00e9\nJ\u00e9r\u00f4me BONET\n89, rue Weber \u2013 30907 NIMES CEDEX 2\nT\u00e9l\u00a0: 04 66 62 62 00 - Fax\u00a0: 04 66 23 28 79 - www.gard.gouv.fr\nPrefecture du Gard - 30-2026-01-29-00006 - Arr\u00eat\u00e9 donnant d\u00e9l\u00e9gation de signature \u00e0 M. Fabrice LEVASSORT, Directeur\nD\u00e9partemental des Territoires e de la Mer de l'H\u00e9rault 8\nPrefecture du Gard\n30-2026-01-29-00002\nArr\u00eat\u00e9 N\u00b030-2026-01-29-00002\nportant interdiction des rassemblements festifs \u00e0\ncaract\u00e8re musical et interdiction de circulation\ndes poids lourds transportant du mat\u00e9riel de\nsons \u00e0 destination d'un rassemblement festif \u00e0\ncaract\u00e8re musical non autoris\u00e9 dans le\nd\u00e9partement du Gard\ndu vendredi 30 janvier au lundi 2 f\u00e9vier 2026\nPrefecture du Gard - 30-2026-01-29-00002 - Arr\u00eat\u00e9 N\u00b030-2026-01-29-00002\nportant interdiction des rassemblements festifs \u00e0 caract\u00e8re musical et interdiction de circulation des poids lourds transportant du\nmat\u00e9riel de sons \u00e0 destination d'un rassemblement festif \u00e0 caract\u00e8re musical non autoris\u00e9 dans le d\u00e9partement du Gard\ndu vendredi 30 janvier au lundi 2 f\u00e9vier 2026\n9\nCabineta Direction des s\u00e9curit\u00e9sDU GARD Service d'animation des politiques de s\u00e9curit\u00e9 int\u00e9rieureLibert\u00e9\u00c9galit\u00e9Fraternit\u00e9\nArr\u00eat\u00e9 N\u00b030-2026-01-portant interdiction des rassemblements festifs \u00e0 caract\u00e8re musical et interdiction decirculation des poids lourds transportant du mat\u00e9riel de sons \u00e0 destination d'unrassemblement festif \u00e0 caract\u00e8re musical non autoris\u00e9 dans le d\u00e9partement du Garddu vendredi 30 janvier au lundi 2 f\u00e9vier 2026\nLe Pr\u00e9fet,Chevalier de la L\u00e9gion d'Honneur,Officier de l'Ordre National du M\u00e9rite,\nVu le Code de la s\u00e9curit\u00e9 int\u00e9rieure, notamment ses articles L.211-1, L.211-5 et suivants,L.211-15, R.211-2 et suivants et R.211-27 et suivants ;Vu le Code de la route;Vu le Code de la voirie routi\u00e8re ;Vu le Code g\u00e9n\u00e9ral de collectivit\u00e9s territoriales, notamment son article L.2215-1 ;Vu le Code p\u00e9nal, notamment son article 431-9;Vu le d\u00e9cret n\u00b02025-723 du 30juillet 2025 modifiant le d\u00e9cret n\u00b02004-374 du 29 avril 2004modifi\u00e9 relatif aux pouvoirs des pr\u00e9fets \u00e0 l'organisation et \u00e0 l'action des services de l'\u00c9tatdans les r\u00e9gions et les d\u00e9partements ;Vu le d\u00e9cret du Pr\u00e9sident de la R\u00e9publique du 13 juillet 2023, nommantMonsieur J\u00e9r\u00f4me BONET, pr\u00e9fet du Gard ;Vu l'arr\u00eat\u00e9 pr\u00e9fectoral n\u00b030-2024-10-18-00007 du 18 octobre 2024 donnant d\u00e9l\u00e9gation designature \u00e0 Monsieur Emile SOUMBO, sous-pr\u00e9fet de l'arrondissement d'Al\u00e8s ;Vu l'arr\u00eat\u00e9 pr\u00e9fectoral n\u00b030-2024-10-18-00008 du 18 octobre 2024 donnant d\u00e9l\u00e9gation designature a Madame Anne LEVASSEUR, sous-pr\u00e9f\u00e8te de l'arrondissement du Vigan ;Vu l'arr\u00eat\u00e9 pr\u00e9fectoral n\u00b030-2024-10-18-00009 du 18 octobre 2024 donnant d\u00e9l\u00e9gation designature \u00e0 Madame Marie-Charlotte EUVRARD, sous-pr\u00e9f\u00e8te, directrice de cabinet dupr\u00e9fet du Gard;Vu l'arr\u00eat\u00e9 pr\u00e9fectoral n\u00b030-2024-10-18-00005 du 18 octobre 2024 donnant d\u00e9l\u00e9gation designature \u00e0 Monsieur Yann GERARD, secr\u00e9taire g\u00e9n\u00e9ral de la pr\u00e9fecture du Gard, sous-pr\u00e9fet de l'arrondissement de N\u00eemes ;\nPrefecture du Gard - 30-2026-01-29-00002 - Arr\u00eat\u00e9 N\u00b030-2026-01-29-00002\nportant interdiction des rassemblements festifs \u00e0 caract\u00e8re musical et interdiction de circulation des poids lourds transportant du\nmat\u00e9riel de sons \u00e0 destination d'un rassemblement festif \u00e0 caract\u00e8re musical non autoris\u00e9 dans le d\u00e9partement du Gard\ndu vendredi 30 janvier au lundi 2 f\u00e9vier 2026\n10\nVu l'arr\u00eat\u00e9 pr\u00e9fectoral n\u00b030-2024-10-18-00006 du 18 octobre 2024 donnant d\u00e9l\u00e9gation designature \u00e0 Monsieur Mathias NIEPS, sous-pr\u00e9fet, charg\u00e9 de mission aupr\u00e8s du pr\u00e9fet duGard, secr\u00e9taire g\u00e9n\u00e9ral adjoint de la pr\u00e9fecture du Gard ;Vu l'arr\u00eat\u00e9 minist\u00e9riel du 16 avril 2021 relatif \u00e0 l'interdiction de circulation des v\u00e9hicules detransports de marchandises \u00e0 certaines p\u00e9riodes;Vu l'instruction minist\u00e9rielle du 16 juillet 2021 relative aux mesures \u00e0 mettre en \u0153uvre dansle cas de rassemblements festifs de jeunes de type festivals (tout type de musique) ou derassemblements festifs de type free party;Vu l'arr\u00eat\u00e9 pr\u00e9fectoral du 31 ao\u00fbt 2012 relatif \u00e0 l'emploi du feu dans le d\u00e9partement duGard;Vu l'arr\u00eat\u00e9 pr\u00e9fectoral du 8 janvier 2013 relatif au d\u00e9broussaillement r\u00e9glementaire destin\u00e9\u00e0 diminuer l'intensit\u00e9 des incendies de for\u00eat et \u00e0 en limiter la propagation dans led\u00e9partement du Gard;Consid\u00e9rant que selon les \u00e9l\u00e9ments d'informations disponibles, notamment lesinformations recueillies aupr\u00e8s des services de la Police Nationale, de la GendarmerieNationale, des rassemblements festifs \u00e0 caract\u00e8re musical de type rave-party sontsusceptibles de regrouper plusieurs milliers de participants, sont \u00e0 pr\u00e9voir dans led\u00e9partement du Gard;Consid\u00e9rant que plusieurs rassemblements festifs \u00e0 caract\u00e8re musical de type rave-party;teknival, multi-sons, se sont d\u00e9roul\u00e9s partout sur le territoire national et que, notammentdans le d\u00e9partement du Gard, 4 rassemblements ont \u00e9t\u00e9 recens\u00e9s en 2023 et 1 en 2024;Consid\u00e9rant qu'un rassemblement musical ill\u00e9gal s'est tenu dans le d\u00e9partement du Garddu 19 au 22 avril 2025 r\u00e9unissant 3000 festivaliers, le risque qu'un tel \u00e9v\u00e9nement sereproduise sur le d\u00e9partement du Gard est par cons\u00e9quent av\u00e9r\u00e9 ;Consid\u00e9rant que des effectifs des forces de l'ordre ont \u00e9t\u00e9 pris a partie et bless\u00e9s lors de laprise de contact avec les organisateurs du rassemblement ill\u00e9gal du 19 au 22 avril 2025 ;Consid\u00e9rant qu'un rassemblement musical ill\u00e9gal regroupant 10 000 personnes s'est tenudans le d\u00e9partement du Lot du 7 au 11 mai 2025;Consid\u00e9rant qu'un rassemblement musical ill\u00e9gal regroupant environ 200 personnes s'esttenu dans le d\u00e9partement de la Loz\u00e8re du 29 mai 2025 occasionnant des heurts avec lesagriculteurs, n\u00e9cessitant l'intervention des forces de l'ordre ;Consid\u00e9rant qu'un rassemblement musical ill\u00e9gal regroupant environ 3000 personnes s'esttenu dans le d\u00e9partement de l'H\u00e9rault du 6 au 9 juin 2025 ;Consid\u00e9rant qu'un rassemblement musical ill\u00e9gal regroupant jusqu'\u00e0 12 000 personness'est tenu dans le d\u00e9partement de la Loz\u00e8re du 12 au 14juillet 2025 ; qu'il a \u00e9t\u00e9 d\u00e9nombr\u00e953 bless\u00e9s l\u00e9gers, 41 personnes en urgence relative et une en urgence absolue ;Consid\u00e9rant qu'un rassemblement musical ill\u00e9gal regroupant 1200 personnes s'est tenudans le d\u00e9partement de la Dr\u00f4me du 1\u00b0 au 4 ao\u00fbt 2025 dans un parc \u00e9olien, sur une zoneclass\u00e9e \u00ab zone naturelle d'int\u00e9r\u00eat \u00e9cologique, faunistique et floristique \u00bb ;\nPrefecture du Gard - 30-2026-01-29-00002 - Arr\u00eat\u00e9 N\u00b030-2026-01-29-00002\nportant interdiction des rassemblements festifs \u00e0 caract\u00e8re musical et interdiction de circulation des poids lourds transportant du\nmat\u00e9riel de sons \u00e0 destination d'un rassemblement festif \u00e0 caract\u00e8re musical non autoris\u00e9 dans le d\u00e9partement du Gard\ndu vendredi 30 janvier au lundi 2 f\u00e9vier 2026\n11\nConsid\u00e9rant qu'un rassemblement musical ill\u00e9gal regroupant 2500 personnes s'est tenudans le d\u00e9partement de l'Aude du 29 au 31 ao\u00fbt 2025 dans sur une zone class\u00e9e \u00ab Natura2000 \u00bb, zone ayant subi des incendies en ao\u00fbt 2025;Consid\u00e9rant qu'un rassemblement musical ill\u00e9gal s'est tenu du 27 au 28 septembre 2025dans le d\u00e9partement de l'H\u00e9rault;Consid\u00e9rant qu'un rassemblement musical ill\u00e9gal s'est tenu du 11 au 12 octobre 2025 dansle d\u00e9partement de l'H\u00e9rault;Consid\u00e9rant l'installation, au cours de la nuit du samedi 29 au dimanche 30 novembre2025, d'un rassemblement festif non autoris\u00e9 se tenant sur le site de la salle de spectacleL'Usine, situ\u00e9e sur le territoire de la commune d'Istres (Bouches-du-Rh\u00f4ne) et ayantentrain\u00e9 des blessures sur 9 fonctionnaires de police ;Consid\u00e9rant l'installation illicite sur un terrain priv\u00e9 dans la commune de Saint-Victor-la-Coste le 31 d\u00e9cembre 2025, qu'une cinquantaine de militaires ont \u00e9t\u00e9 mobilis\u00e9s pour fairecesser l'infraction ainsi que l'arriv\u00e9e de nouveaux festivaliers ;Consid\u00e9rant que sur les dates concern\u00e9es par l'\u00e9v\u00e9nement projet\u00e9, les forces de l'ordre etles services de secours seront particuli\u00e8rement mobilis\u00e9s sur des \u00e9v\u00e9nementsconcomitants, notamment :Course \u2014 Infinity Trail 2\u00b0\" \u00e9dition \u00e0 Remoulins le 30 janvier,Soir\u00e9e DJ \u00e0 l'Urban Parc \u00e0 Al\u00e8s le 30janvier,Spectacle \u2014 Laurent Baffie se pose des questions \u2014 le 30 janvier \u00e0 Beaucaire,Portes ouvertes de la Maison familiale rurale \u00e0 Uz\u00e8s le 31 janvier,Chantier participatif : Au jardin de Bizac \u00e0 Calvisson le 31 janvier,Rando Sociale 5\u00b0\"* \u00e9dition \u00e0 Saint-Bonnet-du-Gard le 31 janvier,Rando Raquettes Nocturnes \u2014 Raclette aL'Esp\u00e9rou le 31 janvier,Journ\u00e9e Portes ouvertes Domitys R\u00e9sidence S\u00e9nior \u00e0 Uz\u00e8s le 31 janvier,18\u00b0\" \u00e9dition \u2014 Les Randos Natura \u00e0 Saint-Laurent-la-Vern\u00e9de le 1\u00b0 f\u00e9vrier,4\u00e8me Hivern'Aigoual Trail \u00e0 L'Esp\u00e9rou le 1\u00b0 f\u00e9vrier,Festival Flamenca des Sables au Grau-du-Roi du 30 au 31 janvier,Salon des Arts 2026 a Saint-Christol-l\u00e8s-Al\u00e8s du 31 janvier au 1\u00b0 f\u00e9vrier,Cr\u00e8che Proven\u00e7ale de No\u00ebl - 19\u00b0\" \u00e9dition du 3 au 25 janvier \u00e0 Comps,La s\u00e9curisation des lieux de culte au premier semestre 2026,ainsi que les f\u00eates traditionnelles sur l'ensemble du d\u00e9partement du Gard du 17 au 19janvier 2026 inclus ;Consid\u00e9rant qu'\u00e0 ce jour aucune manifestation de ce type n'a fait l'objet d'une d\u00e9clarationpr\u00e9alable en pr\u00e9fecture du Gard, telle que pr\u00e9vue par l'article L.211-5 et suivants du Codede la s\u00e9curit\u00e9 int\u00e9rieure, et qu'\u00e0 d\u00e9faut d'une telle d\u00e9claration, l'organisation d'unemanifestation non d\u00e9clar\u00e9e est un d\u00e9lit pr\u00e9vu par l'article 431-9 alin\u00e9a 1 du Code p\u00e9nal ;Consid\u00e9rant que l'absence d'un tel formalisme, en plus de pas \u00eatre conforme auxdispositions pr\u00e9cit\u00e9es, ne permet pas de conna\u00eetre le niveau de s\u00e9curit\u00e9 du rassemblementprojet\u00e9, ni les mesures envisag\u00e9es par l'organisateur pour garantir la s\u00e9curit\u00e9, la salubrit\u00e9,l'hygi\u00e8ne et la tranquillit\u00e9 publique des personnes ainsi que le respect du droit depropri\u00e9t\u00e9 pour le ou les terrains occup\u00e9s ;Consid\u00e9rant qu'en l'absence de toute prise de contact pr\u00e9alable des organisateurs avec lesservices pr\u00e9fectoraux ou les collectivit\u00e9s territoriales concern\u00e9es, la missiond'accompagnement des organisateurs du rassemblement projet\u00e9, conduite par les servicesde l'\u00c9tat et pr\u00e9vue par instruction du 16 juillet 2021, n'a pu \u00eatre mise en \u0153uvre ;\nPrefecture du Gard - 30-2026-01-29-00002 - Arr\u00eat\u00e9 N\u00b030-2026-01-29-00002\nportant interdiction des rassemblements festifs \u00e0 caract\u00e8re musical et interdiction de circulation des poids lourds transportant du\nmat\u00e9riel de sons \u00e0 destination d'un rassemblement festif \u00e0 caract\u00e8re musical non autoris\u00e9 dans le d\u00e9partement du Gard\ndu vendredi 30 janvier au lundi 2 f\u00e9vier 2026\n12\nConsid\u00e9rant les risques de troubles graves a l'ordre public, \u00e0 la s\u00fbret\u00e9, \u00e0 la s\u00e9curit\u00e9 et \u00e0 lasalubrit\u00e9 publique que pr\u00e9senterait le d\u00e9roulement d'un rassemblement d\u00e9pourvu d'unservice d'ordre et d'un dispositif sanitaire, et auquel pourraient participer plusieurs milliersde personnes dans un lieu non am\u00e9nag\u00e9 pour recevoir ce type de rassemblement et n'afait l'objet d'aucune organisation pr\u00e9alable coordonn\u00e9e;Consid\u00e9rant la n\u00e9cessit\u00e9 de pr\u00e9venir les risques de troubles \u00e0 l'ordre public et que lesmoyens appropri\u00e9s de lutte contre l'incendie et de secours aux personnes, ainsi qu'enmati\u00e8re de s\u00e9curit\u00e9 sanitaire et routi\u00e8re ne sont pas r\u00e9unis dans le cadre durassemblement projet\u00e9;Consid\u00e9rant que le regroupement de plus de 500 personnes dans des rassemblements nond\u00e9clar\u00e9s repr\u00e9sente un risque grave pour la s\u00e9curit\u00e9 des participants et qu'il y a lieu deprendre toutes les mesures n\u00e9cessaires ;Consid\u00e9rant que dans ces circonstances, de tels rassemblements sont de nature \u00e0provoquer des troubles s\u00e9rieux \u00e0 l'ordre public et \u00e0 la tranquillit\u00e9 publique et qu'il y a lieude prendre toutes les mesures n\u00e9cessaires;Consid\u00e9rant la posture du plan VIGIPIRATE \u00e0 son stade maximal \u00ab Urgence attentat \u00bb surl'ensemble du territoire applicable depuis le 7 mai 2024, r\u00e9\u00e9valu\u00e9e le 5 janvier 2026 enraison du conflit au Proche-Orient, laissant craindre une forme de polarisation pouvantengendrer des cons\u00e9quences sur le territoire national, notamment de possibles troubles \u00e0l'ordre public et actions cibl\u00e9es contre certaines communaut\u00e9s, leurs b\u00e2timents etrepr\u00e9sentants symboliques; que par cons\u00e9quent les forces de s\u00e9curit\u00e9 sont fortementmobilis\u00e9es;Consid\u00e9rant que les forces de s\u00e9curit\u00e9 ainsi que les moyens de secours ne pourront faireface en termes de moyens, a de telles manifestations susceptibles de s'installer sansautorisation pr\u00e9alable en divers points du d\u00e9partement;Consid\u00e9rant l'urgence \u00e0 pr\u00e9venir ces atteintes et \u00e0 assurer la s\u00e9curit\u00e9 des personnes et desbiens ;\nSur proposition de Madame la directrice de cabinet du pr\u00e9fet de Gard:\nARRETE\nArticle 1 - La tenue des rassemblements festifs \u00e0 caract\u00e8re musical r\u00e9pondant al'ensemble des caract\u00e9ristiques \u00e9nonc\u00e9s \u00e0 l'article R.211-2 du Code de s\u00e9curit\u00e9 int\u00e9rieure,autres que ceux l\u00e9galement d\u00e9clar\u00e9s et autoris\u00e9s, est interdite sur l'ensemble dud\u00e9partement du Gard du vendredi 30 janvier 2026 \u00e0 08h00 au lundi 2 f\u00e9vrier 2026 \u00e008h00.Article 2 - La circulation des v\u00e9hicules transportant du mat\u00e9riel susceptible d'\u00eatre utilis\u00e9pour un rassemblement festif non autoris\u00e9 est interdite durant la m\u00eame p\u00e9riode.Article 3 - Toute infraction au pr\u00e9sent arr\u00eat\u00e9 est passible de sanctions pr\u00e9vues par le Codep\u00e9nal et par les dispositions des articles L.211-15, R.211-30 du Code de la s\u00e9curit\u00e9 int\u00e9rieureet peut donner lieu notamment \u00e0 la saisie du mat\u00e9riel en vue de sa confiscation par le\nPrefecture du Gard - 30-2026-01-29-00002 - Arr\u00eat\u00e9 N\u00b030-2026-01-29-00002\nportant interdiction des rassemblements festifs \u00e0 caract\u00e8re musical et interdiction de circulation des poids lourds transportant du\nmat\u00e9riel de sons \u00e0 destination d'un rassemblement festif \u00e0 caract\u00e8re musical non autoris\u00e9 dans le d\u00e9partement du Gard\ndu vendredi 30 janvier au lundi 2 f\u00e9vier 2026\n13\ntribunal.\nArticle 4 - Le pr\u00e9sent arr\u00eat\u00e9 pr\u00e9fectoral entre en vigueur a compter de sa publication aurecueil des actes administratifs de la pr\u00e9fecture du Gard. Il est publi\u00e9 sur le site internet etles r\u00e9seaux sociaux de la pr\u00e9fecture pour l'information du public.Article 5 - Le pr\u00e9sent arr\u00eat\u00e9 peut faire l'objet d'un recours gracieux aupr\u00e8s de Monsieur lepr\u00e9fet du Gard (Pr\u00e9fecture du Gard 30045 Nimes Cedex 9), d'un recours hi\u00e9rarchiqueadress\u00e9 \u00e0 Monsieur le ministre de l'Int\u00e9rieur place Beauvau 75008 Paris ou d'un recourscontentieux devant le tribunal administratif de N\u00eemes, dans un d\u00e9lai de deux mois suivantsa publication. Le tribunal administratif peut aussi \u00eatre saisi par l'application informatique\u00abTelerecours Citoyens\u00bb accessible par le site internet www.telerecours.fr.Article 6 - Madame la directrice de cabinet du pr\u00e9fet du Gard, Madame la sous-pr\u00e9f\u00e9te del'arrondissement du Vigan, Monsieur le sous-pr\u00e9fet de l'arrondissement d'Al\u00e8s, Monsieur lesecr\u00e9taire g\u00e9n\u00e9ral de la pr\u00e9fecture du Gard, Monsieur le secr\u00e9taire g\u00e9n\u00e9ral adjoint de lapr\u00e9fecture du Gard, Monsieur le Colonel, commandant le groupement de gendarmeried\u00e9partementale du Gard, Monsieur le directeur interd\u00e9partemental de la police nationaledu Gard, Monsieur le directeur interd\u00e9partemental de la police nationale du Vaucluse,Monsieur le directeur interd\u00e9partemental de la police nationale des Bouches du Rh\u00f4nesont charg\u00e9s, chacun en ce qui les concerne, de l'ex\u00e9cution du pr\u00e9sent arr\u00eat\u00e9.N\u00eemes, le 29 JAN 2026Le pr\u00e9fet,\n\u2014\u20ac. :Marie-Charlotte EUVRARD\nPrefecture du Gard - 30-2026-01-29-00002 - Arr\u00eat\u00e9 N\u00b030-2026-01-29-00002\nportant interdiction des rassemblements festifs \u00e0 caract\u00e8re musical et interdiction de circulation des poids lourds transportant du\nmat\u00e9riel de sons \u00e0 destination d'un rassemblement festif \u00e0 caract\u00e8re musical non autoris\u00e9 dans le d\u00e9partement du Gard\ndu vendredi 30 janvier au lundi 2 f\u00e9vier 2026\n14\nii vf HOT3191S1g eure? Bi\nDAAAVUA atghedd liam\nPrefecture du Gard - 30-2026-01-29-00002 - Arr\u00eat\u00e9 N\u00b030-2026-01-29-00002\nportant interdiction des rassemblements festifs \u00e0 caract\u00e8re musical et interdiction de circulation des poids lourds transportant du\nmat\u00e9riel de sons \u00e0 destination d'un rassemblement festif \u00e0 caract\u00e8re musical non autoris\u00e9 dans le d\u00e9partement du Gard\ndu vendredi 30 janvier au lundi 2 f\u00e9vier 2026\n15\nPrefecture du Gard\n30-2026-01-29-00001\nARR\u00caT\u00c9 PR\u00c9FECTORAL DE VIDEOPROTECTIONJ -\nMAIRIE ST MAXIMIN 2026\nPrefecture du Gard - 30-2026-01-29-00001 - ARR\u00caT\u00c9 PR\u00c9FECTORAL DE VIDEOPROTECTIONJ - MAIRIE ST MAXIMIN 2026 16\nPREFET CabinetDU GARD Direction des S\u00e9curit\u00e9sLibert\u00e9 Service de l'Animation des PolitiquesEgalit\u00e9 de S\u00e9curit\u00e9 Int\u00e9rieureFraternit\u00e9 Bureau des Polices Administratives\nArr\u00eat\u00e9 n\u00b0 30-2026-01-29-01portant autorisation de fonctionnement d'un syst\u00e8me de vid\u00e9oprotectionLe pr\u00e9fet du Gard,Chevalier de la L\u00e9gion d'honneur,Officier de l'ordre national du M\u00e9rite,\nVu le titre V du livre II de la partie l\u00e9gislative et de la partie r\u00e9glementaire du code de la s\u00e9curit\u00e9int\u00e9rieure;Vu le code civil et notamment son article 9 ;Vu le nouveau code p\u00e9nal et notamment son article 226-1 ;Vu le d\u00e9cret n\u00b0 2015-489 du 29 avril 2015 relatif \u00e0 la vid\u00e9oprotection ;Vu le d\u00e9cret du 13juillet 2023 nommant M. J\u00e9r\u00f4me BONET, pr\u00e9fet du Gard;Vu l'arr\u00eat\u00e9 minist\u00e9riel et la circulaire du 3 ao\u00fbt 2007 portant d\u00e9finition des normes techniques dessyst\u00e8mes de vid\u00e9oprotection ;Vu l'arr\u00eat\u00e9 pr\u00e9fectoral n\u00b0 30-2024-10-18-00005 du 18 octobre 2024 donnant d\u00e9l\u00e9gation de signature \u00e0M. Yann GERARD, secr\u00e9taire g\u00e9n\u00e9ral de la pr\u00e9fecture du Gard, sous-pr\u00e9fet de N\u00eemes ;Vu l'arr\u00eat\u00e9 pr\u00e9fectoral n\u00b0 30-2024-10-18-00009 du 18 octobre 2024 donnant d\u00e9l\u00e9gation de signature \u00e0Mme Marie-Charlotte EUVRARD, sous-pr\u00e9f\u00e8te, directrice de cabinet du pr\u00e9fet du Gard ;Vu l'arr\u00eat\u00e9 pr\u00e9fectoral n\u00b0 30-2024-11-28-00004 du 28 novembre 2024 donnant d\u00e9l\u00e9gation de signature\u00e0 M. Franck LACOSTE, directeur des s\u00e9curit\u00e9s, directeur de cabinet adjoint du pr\u00e9fet du Gard;Vu la circulaire n\u00b0 INT DO9/00057/Cdu 12 mars 2009 relative aux conditions de d\u00e9ploiement dessyst\u00e8mes de vid\u00e9oprotection ;Vu la demande d'autorisation d'installation d'un syst\u00e8me de vid\u00e9oprotection pr\u00e9sent\u00e9e par lemaire de SAINT-MAXIMIN ;Vu l'avis du r\u00e9f\u00e9rent s\u00fbret\u00e9 ;Vu l'avis de la commission d\u00e9partementale des syst\u00e8mes de vid\u00e9oprotection r\u00e9unie le 28 janvier2026;Sur proposition de la directrice de cabinet du pr\u00e9fet du Gard.\nH\u00f4tel de la Pr\u00e9fecture \u2014 10 avenue Feuch\u00e8res \u2014 30045 NIMES CEDEX 9T\u00e9l : 04.66.36.43.90 \u2014 Fax : 04.66.36.00.87 \u2014 www.gard.gouv.fr\nPrefecture du Gard - 30-2026-01-29-00001 - ARR\u00caT\u00c9 PR\u00c9FECTORAL DE VIDEOPROTECTIONJ - MAIRIE ST MAXIMIN 2026 17\nArr\u00e9te :Article 1: Le maire de SAINT-MAXIMIN est autoris\u00e9 \u00e0 installer un syst\u00e8me de vid\u00e9oprotectioncompos\u00e9 de 1 cam\u00e9ra int\u00e9rieure et 17 cam\u00e9ras voie publique. Cette autorisation est valable pourune dur\u00e9e de cinq ans renouvelable, dans les conditions pr\u00e9cis\u00e9es.La pr\u00e9sente autorisation est d\u00e9livr\u00e9e sans pr\u00e9judice des droits des tiers.Article 2: Ce dispositif de vid\u00e9oprotection ne peut \u00eatre utilis\u00e9 qu'en vue d'assurer la protectiondes b\u00e2timents et installations publics et la surveillance de leurs abords, \u00e0 la constatation desinfractions aux r\u00e8gles de la circulation, \u00e0 la pr\u00e9vention des atteintes \u00e0 la s\u00e9curit\u00e9 des personnes etdes biens dans des lieux particuli\u00e8rement expos\u00e9s \u00e0 des risques d'agression et de vol ou de traficde stup\u00e9fiant, \u00e0 la pr\u00e9vention et constatation des infractions relatives \u00e0 l'abandon d'ordures, ded\u00e9chets, de mat\u00e9riaux ou d'autres objets, \u00e0 la pr\u00e9vention des atteintes \u00e0 la s\u00e9curit\u00e9 des personneset des biens dans des lieux et \u00e9tablissements ouverts au public particuli\u00e8rement expos\u00e9s \u00e0 desrisques d'agression ou de vol, \u00e0 la protection des abords imm\u00e9diats des b\u00e2timents et desinstallations de lieux et \u00e9tablissements relevant d'une personne morale de droit priv\u00e9 expos\u00e9s \u00e0des actes de terrorisme et \u00e0 la pr\u00e9vention d'actes de terroristes.Article 3 : Le public est inform\u00e9 de la pr\u00e9sence de ces cam\u00e9ras par une signal\u00e9tique appropri\u00e9e demani\u00e8re claire, permanente et significative, \u00e0 chaque point d'acc\u00e8s du public, de l'existence dusyst\u00e8me de vid\u00e9oprotection. En outre \u00e0 chaque point d'acc\u00e8s du public, des affichettesmentionnent les finalit\u00e9s poursuivies, les r\u00e9f\u00e9rences des articles du code de la s\u00e9curit\u00e9 int\u00e9rieure, laloi informatique et libert\u00e9s n\u00b078-17 du 6 janvier 1978, le r\u00e8glement europ\u00e9en 2016/679, la dur\u00e9e deconservation des images ainsi que les coordonn\u00e9es des directeurs des \u00e9tablissements aupr\u00e8sdesquels s'exerce le droit d'acc\u00e8s aux images.Article 4: Hormis le cas d'une enqu\u00eate de flagrant d\u00e9lit, d'une enqu\u00eate pr\u00e9liminaire ou d'uneinformation judiciaire, les enregistrements sont d\u00e9truits dans un d\u00e9lai maximal de 15 jours. Letitulaire de l'autorisation tient un registre mentionnant les enregistrements r\u00e9alis\u00e9s, la date dedestruction des images et, le cas \u00e9ch\u00e9ant, la date de leur transmission au parquet.Article 5: Les responsables de la mise en \u0153uvre du syst\u00e8me devront se porter garant despersonnes susceptibles d'intervenir dans l'exploitation ou le visionnage des images, ainsi que dansla maintenance du syst\u00e8me mis en place. Des consignes tr\u00e8s pr\u00e9cises sur la confidentialit\u00e9 desimages capt\u00e9es et / ou enregistr\u00e9es et des atteintes \u00e0 la vie priv\u00e9e qu'elles peuvent \u00e9ventuellementimpliquer seront donn\u00e9es \u00e0 toutes les personnes concern\u00e9es.Article 6: Toute modification pr\u00e9sentant un caract\u00e8re substantiel doit faire l'objet d'uned\u00e9claration aupr\u00e8s des services pr\u00e9fectoraux, notamment un changement d'activit\u00e9 dans des lieuxprot\u00e9g\u00e9s, un changement dans la configuration des lieux ou un changement affectant laprotection des images.Articles 7 : Sans pr\u00e9judice des sanctions p\u00e9nales applicables, la pr\u00e9sente autorisation peut, apr\u00e8sque les int\u00e9ress\u00e9s aient \u00e9t\u00e9 mis \u00e0 m\u00eame de pr\u00e9senter leurs observations, \u00eatre retir\u00e9e en cas demanquement aux dispositions figurant aux articles L251-2, L251-3, L252-1 \u00e0 L252-6, L253-1 \u00e0 L253-5et R252-11 du code de la s\u00e9curit\u00e9 int\u00e9rieure ou encore en cas de modification des conditions au vudesquelles cette autorisation a \u00e9t\u00e9 d\u00e9livr\u00e9e.\nPrefecture du Gard - 30-2026-01-29-00001 - ARR\u00caT\u00c9 PR\u00c9FECTORAL DE VIDEOPROTECTIONJ - MAIRIE ST MAXIMIN 2026 18\nArticles 8: La pr\u00e9sente autorisation peut faire l'objet d'un recours gracieux aupr\u00e8s des servicespr\u00e9fectoraux ou d'un recours contentieux devant le tribunal administratif de Nimes dans un d\u00e9laide deux mois a compter de la date de sa notification \u00e0 l'int\u00e9ress\u00e9 ou de sa publication.Article 9 : la directrice de cabinet du pr\u00e9fet du Gard, le directeur interd\u00e9partemental de la policenationale du Gard, le commandant du groupement de gendarmerie d\u00e9partementale du Gard sontcharg\u00e9s, chacun en ce qui le concerne, de l'ex\u00e9cution du pr\u00e9sent arr\u00eat\u00e9 qui sera publi\u00e9 au recueildes actes administratifs de la pr\u00e9fecture. Un exemplaire de cette d\u00e9cision sera notifi\u00e9 au maire dela commune de SAINT-MAXIMIN.\nLe pr\u00e9fet,\u00c0 AUS Sign\u00e9 \u00e9lectroniquement parE LL | LAURENCE FRANCESETTOee \u00c0 \"le 29 janv. 2026 11:02:12 GMT\nPrefecture du Gard - 30-2026-01-29-00001 - ARR\u00caT\u00c9 PR\u00c9FECTORAL DE VIDEOPROTECTIONJ - MAIRIE ST MAXIMIN 2026 19\nPrefecture du Gard - 30-2026-01-29-00001 - ARR\u00caT\u00c9 PR\u00c9FECTORAL DE VIDEOPROTECTIONJ - MAIRIE ST MAXIMIN 2026 20\nNum\u00e9rotationListe des cam\u00e9ras autoris\u00e9es sur SAINT-MAXIMIN\nCam\u00e9ra 01L'int\u00e9rieur de l'agence Postale CommunaleLa Cam\u00e9ra n\u00b001 : fixe sera install\u00e9e \u00e0 l'int\u00e9rieur de l' Agence Postale Communale endirection de l'entr\u00e9e de cette banque. Elle permettra, en ce lieu, de pr\u00e9venir les atteintesaux biens et aux personnes, tout en y visualisant les flux pi\u00e9tons.Cam\u00e9ra 02Carrefour de la MairieLa Cam\u00e9ra n\u00b002 : fixe multicapteurs 360\u00b0 sera install\u00e9e sur un d\u00e9port fix\u00e9 au cand\u00e9labred'\u00e9clairage public existant situ\u00e9 au niveau du carrefour de la mairie form\u00e9 par la rue de laBarque, le Chemin de la Croix Rouge, la rue des Ecoles et la D305 Chemin Neuf. Ellepermettra, en ces lieux et sur les abords de la Mairie et de son Agence PostaleCommunale, d'y pr\u00e9venir les atteintes aux biens et aux personnes, tout en y visualisantles flux pi\u00e9tons et routiers.Cam\u00e9ra 03Entr\u00e9e Ecole \u2014 D305 Chemin NeufLa Cam\u00e9ra n\u00b003 : fixe sera install\u00e9e sur un cand\u00e9labre d'\u00e9clairage public existant situ\u00e9au niveau d'une des entr\u00e9es de l'\u00e9cole aux abords de la D305 Chemin du Pont Neuf. Ellepermettra, de prot\u00e9ger dans le cadre Vigipirate cet \u00e9tablissement solaire et d'y pr\u00e9venir,ainsi que sur l'abri-bus voisin, les atteintes aux biens et aux personnes, tout en yvisualisant les flux pi\u00e9tons et routiers sur le Chemin du Pont Neuf (D305).Cam\u00e9ras04 \u00e0 06 Entr\u00e9e NordLa Cam\u00e9ra _ n\u00b004: fixe contextuelle sera install\u00e9e sur un mat existant situ\u00e9 \u00e0l'intersection de la D305 (Route de Saint Siffret) entr\u00e9e Nord et de l' Avenue des Ch\u00eanesVerts, m\u00eame support que la cam\u00e9ra n\u00b005 fixe de circulation \u00e0 champ \u00e9troit (VPI) alaquelle elle est associ\u00e9e. Elle permettra, sur les axes pr\u00e9-cit\u00e9s, sur les points d'apportsvolontaires et sur l'abri-bus, d'y pr\u00e9venir les atteintes aux biens et aux personnes, tout eny visualisant les flux pi\u00e9tons et routiers.La Cam\u00e9ra n\u00b005: fixe de circulation \u00e0 champ \u00e9troit (VPI) sera install\u00e9e sur un matexistant situ\u00e9 \u00e0 l'intersection de la D305 (Route de Saint Siffret) entr\u00e9e Nord et del'Avenue des Ch\u00eanes Verts, m\u00eame support que la cam\u00e9ra n\u00b004 fixe de circulation achamps \u00e9troit (VPI) \u00e0 laquelle elle est associ\u00e9e. Elle permettra, sur la D305 (Route deSaint Siffret de faire un focus sur les plaques d'immatriculation des v\u00e9hicules circulantsur cet axe dans ses deux sens de circulation.La Cam\u00e9ra n\u00b006 : fixe sera install\u00e9e sur un mat existant situ\u00e9 \u00e0 l'intersection de la D305(Route de Saint Siffret) entr\u00e9e Nord et de l' Avenue des Ch\u00eanes Verts, m\u00eame support queles cam\u00e9ras n\u00b004 et 05. Elle permettra sur l' Avenue du Ch\u00eanes Verts et le Chemin desCades, d'y pr\u00e9venir les atteintes aux biens et aux personnes, tout en y visualisant les fluxpi\u00e9tons et routiers.Cam\u00e9ras07 et 08 Intersection Chemin Neuf (D305) /Chemin du Castagnier (D365)La Cam\u00e9ra n\u00b007: fixe \u00e0 champ large contextuelle sera install\u00e9e sur un cand\u00e9labred'\u00e9clairage public existant \u00e0 l'intersection du Chemin Neuf (D305) et du Chemin duCastagnier (D365), m\u00eame support que la cam\u00e9ra n\u00b008 fixe de circulation \u00e0 champ \u00e9troit(VPI) \u00e0 laquelle elle est associ\u00e9e. Elle permettra, au niveau de cette intersection d'ypr\u00e9venir les atteintes aux biens et aux personnes, tout en y visualisant les flux pi\u00e9tons etroutiers.La Cam\u00e9ra n\u00b008: fixe de circulation \u00e0 champ \u00e9troit (VPI) sera install\u00e9e sur uncand\u00e9labre d'\u00e9clairage public existant \u00e0 l'intersection du Chemin Neuf (D305) et duChemin du Castagnier (D365), m\u00eame support que la cam\u00e9ra n\u00b007 fixe de circulation \u00e0champs \u00e9troit (VPI) \u00e0 laquelle elle est associ\u00e9e. Elle permettra, sur la D305 Chemin Neufde faire un focus sur les plaques d'immatriculation des v\u00e9hicules circulant sur cet axedans ses deux sens de circulation.Cam\u00e9ras09 et 10 Intersection Chemin de la Croix Rouge/Chemin de la Coste/Chemin des CasersLa Cam\u00e9ra n\u00b009 : fixe \u00e0 champ large contextuelle sera install\u00e9e sur un d\u00e9port fix\u00e9 \u00e0 un\nPrefecture du Gard - 30-2026-01-29-00001 - ARR\u00caT\u00c9 PR\u00c9FECTORAL DE VIDEOPROTECTIONJ - MAIRIE ST MAXIMIN 2026 21\nm\u00e2t existant situ\u00e9 au niveau de |' intersection form\u00e9s par les Chemins de la Croix Rouge,de la Coste et des Casers, m\u00eame support que la cam\u00e9ra n\u00b010 fixe de circulation \u00e0 champ\u00e9troit (VPI) \u00e0 laquelle elle est associ\u00e9e. Elle permettra, au niveau de cette intersection d'ypr\u00e9venir les atteintes aux biens et aux personnes, tout en y visualisant les flux pi\u00e9tons etroutiers.La Cam\u00e9ra n\u00b010 : fixe de circulation \u00e0 champ \u00e9troit (VPI) sera install\u00e9e sur un d\u00e9portfix\u00e9 \u00e0 un m\u00e2t existant situ\u00e9 au niveau de |' intersection form\u00e9s par les Chemins de la CroixRouge, de la Coste et des Casers, m\u00e9me support que la cam\u00e9ra n\u00b009 fixe a champ largecontextuelle a laquelle elle est associ\u00e9e. Elle permettra, sur le Chemin de la Croix Rougede faire un focus sur les plaques d'immatriculation des v\u00e9hicules circulant sur cet axedans ses deux sens de circulation.Cam\u00e9ras11 et 12 Intersection Chemin du Castagnier (D365) /Rue du Grand PlantierLa Cam\u00e9ra n\u00b011 : fixe sera install\u00e9e sur un cand\u00e9labre d'\u00e9clairage public existant situ\u00e9entre la D365 et le Centre de retraitement des Eaux, m\u00eame support que la cam\u00e9ra n\u00b012fixe de circulation \u00e0 champ \u00e9troit (VPI) \u00e0 laquelle elle est associ\u00e9e. Elle permettra, auniveau de l'intersection form\u00e9e par la D365, la rue des Grands Plantiers, de l'Impasse desSantolines et du Chemin de la Boissi\u00e9re d'y pr\u00e9venir les atteintes aux biens et auxpersonnes, tout en y visualisant les flux pi\u00e9tons et routiers.La Cam\u00e9ra n\u00b012 : fixe de circulation \u00e0 champ \u00e9troit (VPI) sera install\u00e9e sur un d\u00e9portfix\u00e9 a un cand\u00e9labre d'\u00e9clairage public existant situ\u00e9 entre la D365 et le Centre deretraitement des Eaux, m\u00e9me support que la cam\u00e9ra n\u00b011 fixe contextuelle a laquelle elleest associ\u00e9e. Elle permettra sur la D365 de faire un focus sur les plaquesd'immatriculation des v\u00e9hicules circulant sur cet axe dans ses deux sens de circulation.Cam\u00e9ra 13Centre de retraitement des EauxLa Cam\u00e9ra n\u00b013 : fixe \u00e0 champ large sera install\u00e9e sur un cand\u00e9labre d'\u00e9clairage publicexistant situ\u00e9 entre la D365 et le Centre de retraitement des Eaux, m\u00e9me support que lescam\u00e9ras n\u00b011 et 12. Elle permettra, sur les points d'apports volontaires et sur le centre deretraitement des eaux, d'y pr\u00e9venir les atteintes aux biens et aux personnes et lesd\u00e9tournements d' espace, tout en y visualisant les flux pi\u00e9tons et routiers.Cam\u00e9ra 14Carrefour Chemin du Grand Plantier/Chemin de BornegreLa Cam\u00e9ra n\u00b014 : fixe \u00e0 champ large sera install\u00e9e sur un m\u00e2t neuf situ\u00e9 \u00e0 l'intersectionde la Chemin du Grand Plantier et du Chemin de Bornegre. Elle permettra, sur les deuxchemins pr\u00e9cit\u00e9s, d'y pr\u00e9venir les atteintes aux biens et aux personnes et lesd\u00e9tournements d'espace, tout en y visualisant les flux pi\u00e9tons et routiers.Cam\u00e9ras15 \u00e0 17 Rond-Point D981/ Chemin de F\u00e9rigouill\u00e8reLa Cam\u00e9ra n\u00b015 : fixe \u00e0 champ large contextuelle sera install\u00e9e sur un m\u00e2t neuf existant\u00e0 l'intersection de la D981 et du Chemin de F\u00e9rigouill\u00e8re, m\u00eame support que les cam\u00e9rasn\u00b016 et 17 fixes de circulation \u00e0 champ \u00e9troit (VPI) auxquelles elle est associ\u00e9e. Ellepermettra, sur la partie Sud du rond-point de la D981 et du Chemin de la F\u00e9rigouill\u00e8red'y pr\u00e9venir les atteintes aux biens et aux personnes, tout en y visualisant les flux pi\u00e9tonset routiers.Les Cam\u00e9ras n\u00b016 et n\u00b017: fixes de circulation \u00e0 champ \u00e9troit (VPI) sur un mat neufexistant \u00e0 l'intersection de la D981 et du Chemin de F\u00e9rigouill\u00e8re, m\u00eame support que lacam\u00e9ra n\u00b015 fixe \u00e0 champ large contextuelle \u00e0 laquelle elles sont associ\u00e9es. La cam\u00e9ran\u00b016 de faire un focus sur les plaques d'immatriculation des v\u00e9hicules circulant sur laD981 dans le sens Uzes-Remoulins et la cam\u00e9ra n\u00b017 pour les v\u00e9hicules circulant sur leChemin de F\u00e9rigouill\u00e8re dans ses deux sens de circulation.Cam\u00e9ra 18Intersection Chemin du Gavot/Chemin de MarsillarguesLa Cam\u00e9ra n\u00b018: fixe sera install\u00e9e sur un d\u00e9port fix\u00e9 \u00e0 un cand\u00e9labre d'\u00e9clairagepublic existant \u00e0 l'intersection du Chemin du Gavot et du Chemin de Marsillargues,m\u00eame support que la cam\u00e9ra n\u00b019. Elle permettra sur le lieu pr\u00e9-cit\u00e9 d'y pr\u00e9venir lesatteintes aux biens et aux personnes et les d\u00e9tournements d'espace, tout en y visualisantles flux pi\u00e9tons et routiers.\nPrefecture du Gard - 30-2026-01-29-00001 - ARR\u00caT\u00c9 PR\u00c9FECTORAL DE VIDEOPROTECTIONJ - MAIRIE ST MAXIMIN 2026 22\nPrefecture du Gard\n30-2026-01-29-00004\narr\u00eat\u00e9 autorisant la captation, l'enregistrement\net la transmission d'images au moyen de\ncam\u00e9ras install\u00e9es sur des a\u00e9ronefs\nPrefecture du Gard - 30-2026-01-29-00004 - arr\u00eat\u00e9 autorisant la captation, l'enregistrement et la transmission d'images au moyen de\ncam\u00e9ras install\u00e9es sur des a\u00e9ronefs 23\n| 3H CABINETPREFET DIRECTION DES SECURITESan 'SAR Service d'animation des politiquesEealit\u00e9 de s\u00e9curit\u00e9 int\u00e9rieurerss Bureau des polices administratives\nARR\u00caT\u00c9 N\u00b030-2026-01-29-0001autorisant la captation, l'enregistrement et la transmission d'imagesau moyen de cam\u00e9ras install\u00e9es sur des a\u00e9ronefs\nLe Pr\u00e9fet du GardChevalier de la L\u00e9gion d'HonneurOfficier de l'Ordre National du M\u00e9riteVu le code de la s\u00e9curit\u00e9 int\u00e9rieure et notamment ses articles L. 242-1 \u00e0 L. 242-8 et R. 242-8 \u00e0R. 242-14 ;Vu le d\u00e9cret n\u00b0 2004-374 du 29 avril 2004 relatif aux pouvoirs des pr\u00e9fets, \u00e0 l'organisation et \u00e0l'action des services de l'\u00c9tat dans les r\u00e9gions et d\u00e9partements ;Vu le d\u00e9cret du 13juillet 2023 nommant M. J\u00e9r\u00f4me BONET, pr\u00e9fet du Gard,Vu l'arr\u00eat\u00e9 pr\u00e9fectoral du 18 octobre 2024 n\u00b030-2024-10-18-00005 donnant d\u00e9l\u00e9gation designature \u00e0 M. Yann GERARD, secr\u00e9taire g\u00e9n\u00e9ral de la pr\u00e9fecture du Gard, sous-pr\u00e9fet de N\u00eemes ;Vu l'arr\u00eat\u00e9 pr\u00e9fectoral du 18 octobre 2024 n\u00b030-2024-10-18-00006 donnant d\u00e9l\u00e9gation designature \u00e0 M. Mathias NIEPS, sous-pr\u00e9fet, charg\u00e9 de mission aupr\u00e8s du pr\u00e9fet du Gard,secr\u00e9taire g\u00e9n\u00e9ral adjoint de la pr\u00e9fecture du Gard ;Vu l'arr\u00eat\u00e9 pr\u00e9fectoral n\u00b030-2024-10-18-00009 du 18 octobre 2024 donnant d\u00e9l\u00e9gation designature a Madame Charlotte EUVRARD, sous-pr\u00e9f\u00e8te, directrice de cabinet du pr\u00e9fet du Gard ;Vu l'arr\u00eat\u00e9 pr\u00e9fectoral n\u00b0 30-2024-11-28-00004 du 28 novembre 2024 donnant d\u00e9l\u00e9gation de signature\u00e0 M. Franck LACOSTE, directeur des s\u00e9curit\u00e9s, directeur de cabinet adjoint du pr\u00e9fet du Gard ;Vu l'activation du plan Vigipirate au niveau urgence attentat;Vu l'arr\u00eat\u00e9 du ministre de l'Int\u00e9rieur et des outre-mer, en date du 19 avril 2023 relatif au nombremaximal de cam\u00e9ras install\u00e9es sur des a\u00e9ronefs pouvant \u00eatre simultan\u00e9ment utilis\u00e9es danschaque d\u00e9partement et collectivit\u00e9 d'outre-mer ;Vu l'arr\u00eat\u00e9 n\u00b030-2024-07-05 du 7 mai 2024 autorisant la captation, l'enregistrement et latransmission d'images au moyen de cam\u00e9ras install\u00e9es sur des a\u00e9ronefs ;Vu la demande en date du 28 janvier 2026, form\u00e9e par la direction interd\u00e9partementale de lapolice nationale, visant \u00e0 obtenir l'autorisation de capter, d'enregistrer et de transmettre desimages au moyen de deux drones portant chacun une cam\u00e9ra, afin de pr\u00e9venir les atteintes \u00e0 las\u00e9curit\u00e9 des personnes et des biens au sein du p\u00e9rim\u00e8tre pr\u00e9cis\u00e9 en annexe du pr\u00e9sent arr\u00eat\u00e9, \u00e0\nH\u00f4tel de la Pr\u00e9fecture 10 avenue Feuch\u00e8res \u2014 30045 NIMES CEDEX 9T\u00e9l : 04.66.36.43.90- Fax : 04.66.36.00.87 \u2014 www.gard.gouv.fr\nPrefecture du Gard - 30-2026-01-29-00004 - arr\u00eat\u00e9 autorisant la captation, l'enregistrement et la transmission d'images au moyen de\ncam\u00e9ras install\u00e9es sur des a\u00e9ronefs 24\nNimes dans le quartier de Saint-C\u00e9zaire du vendredi 30 janvier \u00e0 20h00 au samedi 31 janvier2026 \u00e0 1h00 ;Consid\u00e9rant que les dispositions susvis\u00e9es permettent aux forces de s\u00e9curit\u00e9 int\u00e9rieure, dansl'exercice de leurs missions de protection de la s\u00e9curit\u00e9 des personnes et des biens, de proc\u00e9der\u00e0 la captation, \u00e0 l'enregistrement et a la transmission d'images au moyen de cam\u00e9ras install\u00e9essur des a\u00e9ronefs; que notamment, le 1\u00b0 de l'article L. 242-5 susvis\u00e9 pr\u00e9voit que ces dispositifspeuvent \u00eatre mis en \u0153uvre au titre de la pr\u00e9vention des atteintes \u00e0 la s\u00e9curit\u00e9 des personnes etdes biens dans des lieux particuli\u00e8rement expos\u00e9s, en raison de leurs caract\u00e9ristiques ou des faitsqui s'y sont d\u00e9j\u00e0 d\u00e9roul\u00e9s, \u00e0 des risques d'agression, de vol ou de trafics d'armes, d'\u00eatres humainsou de stup\u00e9fiants, ainsi que la protection des b\u00e2timents et installations publics et de leursabords imm\u00e9diats, lorsqu'ils sont particuli\u00e8rement expos\u00e9s \u00e0 des risques d'intrusion ou ded\u00e9gradations ;Consid\u00e9rant que depuis plusieurs mois, le quartier de Saint-Cezaire \u00e0 N\u00eemes conna\u00eet uner\u00e9currence de rassemblements illicites de v\u00e9hicules ;Consid\u00e9rant que lors de ces rassemblements de nombreux v\u00e9hicules ( voitures, motos ) seregroupent afin de participer \u00e0 des courses sauvages ;Consid\u00e9rant qu'au cours des derniers \u00ab run \u00bb de multiples infractions au code de la route ont \u00e9t\u00e9constat\u00e9es ( vitesse excessive, emploi des voies de circulation... ) ainsi que des mises en dangerde la vie d'autrui avec la pr\u00e9sence d'un public nombreux r\u00e9uni le long des voies de circulation ;Consid\u00e9rant que la gravit\u00e9 des faits de d\u00e9linquance de voie publique mobilise de fa\u00e7onsignificative les forces de l'ordre ainsi que les moyens de secours ;Consid\u00e9rant que l'architecture du quartier n'est pas favorable aux interventions de la police;qu'il s'agit d'une zone industrielle desservie par de nombreuses avenues et rues facilitant la fuitedes participants et compliquant le travail des forces de l'ordre ;Consid\u00e9rant que, compte tenu du risque d'atteintes \u00e0 la s\u00e9curit\u00e9 des personnes et des biens, durisque de troubles \u00e0 l'ordre public et \u00e0 la s\u00e9curit\u00e9 publique, de la sensibilit\u00e9 du quartier, del'ampleur de la zone \u00e0 s\u00e9curiser et de la topographie urbaine des lieux concern\u00e9s, de l'int\u00e9r\u00eat dedisposer d'une vision en grand angle pour permettre le maintien et le r\u00e9tablissement de l'ordrepublic et le suivi de la concentration des flux et des mouvements de personnes tout en limitantl'engagement des forces au sol, le recours au dispositif de captation install\u00e9 sur un drone estn\u00e9cessaire et adapt\u00e9 ;Consid\u00e9rant que la demande porte sur l'engagement de deux drones munis d'une cam\u00e9raa\u00e9roport\u00e9e pour une dur\u00e9e de 5 heures seulement dans les secteurs d\u00e9limit\u00e9s par le plan joint aupr\u00e9sent arr\u00eat\u00e9 ; que les lieux surveill\u00e9s sont strictement limit\u00e9s au p\u00e9rim\u00e8tre sur lequel les risquespour la s\u00e9curit\u00e9 des personnes sont susceptibles de survenir; qu'au regard des circonstancessusmentionn\u00e9es, la demande n'appara\u00eet pas disproportionn\u00e9e ;Consid\u00e9rant que le recours \u00e0 la captation, l'enregistrement et la transmission d'images feral'objet d'une publication au recueil des actes administratifs de la pr\u00e9fecture du Gard; quetoutefois, en vertu de l'article R. 242-13 du code de la s\u00e9curit\u00e9 int\u00e9rieure, il y a lieu de d\u00e9roger auprincipe d'information du public d\u00e8s lors que cette information est en contradiction avec lafinalit\u00e9 pour laquelle le dispositif est autoris\u00e9 ;\nSur proposition de la directrice de cabinet du pr\u00e9fet du Gard;\nPrefecture du Gard - 30-2026-01-29-00004 - arr\u00eat\u00e9 autorisant la captation, l'enregistrement et la transmission d'images au moyen de\ncam\u00e9ras install\u00e9es sur des a\u00e9ronefs 25\nArr\u00e9te\nArticle 1: La captation, l'enregistrement et la transmission d'images par la directioninterd\u00e9partementale de la police nationale, est autoris\u00e9e au titre de la pr\u00e9vention des atteintes ala s\u00e9curit\u00e9 des personnes et des biens et de l'appui des forces au sol en vue de leur permettre demaintenir ou de r\u00e9tablir l'ordre public.Article 2: Le nombre maximal de cam\u00e9ras pouvant proc\u00e9der simultan\u00e9ment aux traitementsmentionn\u00e9s \u00e0 l'article 1\" est fix\u00e9 a 2 (mod\u00e8le DJI Matrice 4T).Article 3 : La pr\u00e9sente autorisation est limit\u00e9e au p\u00e9rim\u00e8tre g\u00e9ographique figurant sur le planjoint en annexe.Article 4: La pr\u00e9sente autorisation est d\u00e9livr\u00e9e du vendredi 30 janvier \u00e0 20h00 au samedi 31janvier 2026 \u00e0 1h00, pour proc\u00e9der aux traitements mentionn\u00e9s \u00e0 l'article 1\" entre 20h00 et1h00.Article 5 : Le registre mentionn\u00e9 \u00e0 l'article L. 242-4 du code de la s\u00e9curit\u00e9 int\u00e9rieure est transmisau repr\u00e9sentant de l'\u00c9tat dans le d\u00e9partement \u00e0 l'issue de l'\u00e9v\u00e8nement.Article 6 : Le pr\u00e9sent arr\u00eat\u00e9 est publi\u00e9 au recueil des actes administratifs de la pr\u00e9fecture et peut\u00eatre contest\u00e9 dans les deux mois suivant sa notification :- soit par voie de recours gracieux form\u00e9 aupr\u00e8s de M. le Pr\u00e9fet du Gard;- soit par voie de recours hi\u00e9rarchique form\u00e9 aupr\u00e8s de M. le Ministre de l'Int\u00e9rieur ;- soit par voie de recours contentieux d\u00e9pos\u00e9 devant le tribunal Administratif deN\u00eemes.Le tribunal administratif peut aussi \u00eatre saisi par l'application informatique 'TelerecoursCitoyens', accessible par le site internet www.telerecours.fr.Article 7 : la directrice de cabinet du pr\u00e9fet du Gard et le directeur interd\u00e9partemental de lapolice nationale sont charg\u00e9s, chacun en ce qui le concerne, de l'ex\u00e9cution du pr\u00e9sent arr\u00eat\u00e9.\nN\u00eemes, le 29 janvier 2026\nLe pr\u00e9fet,Pour l\u00e8pr\u00e9fet,\nMarie-Charlotte EUVRARD\nPrefecture du Gard - 30-2026-01-29-00004 - arr\u00eat\u00e9 autorisant la captation, l'enregistrement et la transmission d'images au moyen de\ncam\u00e9ras install\u00e9es sur des a\u00e9ronefs 26\nJ9181g af wed218199q-euN02 pilsn\u00cfd89 9b gaitineicGAAAVUS MHohado-sish :\nPrefecture du Gard - 30-2026-01-29-00004 - arr\u00eat\u00e9 autorisant la captation, l'enregistrement et la transmission d'images au moyen de\ncam\u00e9ras install\u00e9es sur des a\u00e9ronefs 27\nZone d\u00e9limit\u00e9e par les axes suivants :- avenue Kennedy- avenue Mar\u00e9chal Lyautey- avenue Mar\u00e9chal Fayolle- rue de l'esp\u00e9rance- voie ferr\u00e9e- chemin de la roussillonne\nPrefecture du Gard - 30-2026-01-29-00004 - arr\u00eat\u00e9 autorisant la captation, l'enregistrement et la transmission d'images au moyen de\ncam\u00e9ras install\u00e9es sur des a\u00e9ronefs 28\ncineteea Bohr?#0 Saa =\nPret\nre.TaliaeeLisasshe\n1%.\n37,\u00ca Heures 'ih\nPrefecture du Gard - 30-2026-01-29-00004 - arr\u00eat\u00e9 autorisant la captation, l'enregistrement et la transmission d'images au moyen de\ncam\u00e9ras install\u00e9es sur des a\u00e9ronefs 29","date":"2026-01-29","first_seen_on":"2026-01-29T17:18:39+00:00","id":"297768d97836f796cf639e5b465c5212413e51519c3264029b309aeb0426c5a0","name":"recueil-30-2026-018-special du 29 01 2026","pdf_creation_date":"2026-01-29T16:13:45+00:00","pdf_modification_date":null,"timezone":"Europe/Paris","url":"https://www.gard.gouv.fr/contenu/telechargement/66743/490693/file/recueil-30-2026-018-special%20du%2029%2001%202026.pdf"}
