{"administration":"pref13","administration_name":"Pr\u00e9fecture des Bouches-du-Rh\u00f4ne","content":"PREFETDES BOUCHES-DU-RHONELibert\u00e9Egalit\u00e9Fraternit\u00e9\nDirection d\u00e9partementale\ndes territoires et de la mer\ndes Bouches-du-Rh\u00f4ne\nArr\u00eat\u00e9 portant mise en application de l'arr\u00eat\u00e9 pr\u00e9fectoral du 22 avril 2025 r\u00e9glementant \nl'acc\u00e8s, la circulation, la pr\u00e9sence des personnes et l'usage de mat\u00e9riels ou engins pouvant \n\u00eatre \u00e0 l'origine d'un d\u00e9part de feu dans les espaces expos\u00e9s aux risques d'incendies de for\u00eat\ndans les Bouches-du-Rh\u00f4ne\nVU le code forestier et notamment les articles L. 131-6, R. 131-4, R.163-2 et R.163-6 ;\nVU le code g\u00e9n\u00e9ral des collectivit\u00e9s territoriales et notamment les articles L. 2212- 1, L.2212-\n2, L. 2215-1 et L. 2215-3;\nVU le d\u00e9cret du 3 janvier 2025 portant nomination de Georges-Fran\u00e7ois LECLERC en qualit\u00e9  \nde pr\u00e9fet de la r\u00e9gion de la r\u00e9gion Provence-Alpes-C\u00f4te d'Azur,  pr\u00e9fet de la zone de  \nd\u00e9fense et de s\u00e9curit\u00e9 Sud, pr\u00e9fet des Bouches-du-Rh\u00f4ne ;\nVU l'arr\u00eat\u00e9 minist\u00e9riel du 20 mai 2025 classant les bois et for\u00eats expos\u00e9s au risque incendie  \nau titre des articles L132-1 et 133-1 du code forestier ;\nVU l'arr\u00eat\u00e9 pr\u00e9fectoral du 22 avril 2025 r\u00e9glementant l'acc\u00e8s, la circulation, la pr\u00e9sence des  \npersonnes et l'usage de mat\u00e9riels ou engins pouvant \u00eatre \u00e0 l'origine d'un d\u00e9part de feu  \ndans les espaces expos\u00e9s aux risques d'incendies de for\u00eat dans les Bouches-du-Rh\u00f4ne ;\nCONSID\u00c9RANT la tr\u00e8s forte s\u00e9cheresse impactant l'ensemble du d\u00e9partement ;\nCONSID\u00c9RANT les nombreux d\u00e9parts de feux depuis le 8 juillet 2025 ;\nCONSID\u00c9RANT la  vuln\u00e9rabilit\u00e9  des  p\u00e9rim\u00e8tres  particuli\u00e8rement  expos\u00e9s  aux  risques\nd'incendies de for\u00eat du d\u00e9partement des Bouches-du-Rh\u00f4ne, le r\u00f4le et les \nmissions des diff\u00e9rents services appel\u00e9s \u00e0 y intervenir, les risques\nencourus par les personnes en cas d'incendie, la n\u00e9cessit\u00e9 de faciliter la \nlutte contre les incendies et d'en limiter les cons\u00e9quences ; \nCONSID\u00c9RANT que l'usage de certains mat\u00e9riels ou engins dans les massifs ou \u00e0\nproximit\u00e9 peut \u00eatre \u00e0 l'origine d'un d\u00e9part de feu par \u00e9chauffement ou \nproduction d'\u00e9tincelles et qu'il y a lieu d'imposer la mise en \u0153uvre de \ndispositifs et moyens de s\u00e9curit\u00e9 appropri\u00e9s voire d'en interdire l'usage \nlorsque le risque est tr\u00e8s important ;\nCONSID\u00c9RANT la  probabilit\u00e9  de  fr\u00e9quentation  importante  des  massifs  en  p\u00e9riode \nestivale ; \n\nARRETE\nARTICLE 1  er     :   \nDu jeudi 10 juillet 2025 au lundi 14 juillet 2025 inclus, sur l'ensemble du territoire des Bouches-\ndu-Rh\u00f4ne, sont interdits toute la journ\u00e9e :\n\u2022 l'acc\u00e8s, la circulation, et la pr\u00e9sence dans les massifs forestiers expos\u00e9s aux risques  \nd'incendies de for\u00eat. Les zones d'accueil du public en for\u00eat restent ouvertes ;\n\u2022 l'usage  de  mat\u00e9riels  ou  engins  pouvant  \u00eatre  \u00e0  l'origine  d'un  d\u00e9part  de  feu  par \n\u00e9chauffement  ou  production  d'\u00e9tincelles  (engins  \u00e9quip\u00e9s  de  broyeurs,  \nd\u00e9broussailleuses et tron\u00e7onneuses \u00e0 moteur, appareils et mat\u00e9riels n\u00e9cessaires aux  \ntravaux de d\u00e9coupe et d'abrasion, groupe \u00e9lectrog\u00e8ne, etc.) dans les espaces expos\u00e9s  \n(massifs forestiers et les zones situ\u00e9es \u00e0 moins de 200 m\u00e8tres de ces massifs) aux  \nrisques d'incendie de for\u00eat.\nARTICLE 2     : \nLes dispositions du pr\u00e9sent arr\u00eat\u00e9 ne s'appliquent pas aux personnes ou \u00e9tablissements list\u00e9s  \ndans l'article 5 de l'arr\u00eat\u00e9 pr\u00e9fectoral du 22 avril 2025. \nARTICLE 3 :\nLes infractions aux dispositions du pr\u00e9sent arr\u00eat\u00e9 seront passibles des peines pr\u00e9vues par  \nl'article R.163-2 du Code forestier.\nARTICLE 4     : publication et recours\nLe pr\u00e9sent arr\u00eat\u00e9 sera publi\u00e9 au recueil des actes administratifs de la pr\u00e9fecture des Bouches-\ndu-Rh\u00f4ne. Il pourra faire l'objet d'un recours devant le tribunal administratif de Marseille dans \nle d\u00e9lai de deux mois \u00e0 compter de sa publication, par le moyen t\u00e9l\u00e9-recours citoyen.\nARTICLE 5     : ex\u00e9cution\nLe pr\u00e9fet des Bouches-du-Rh\u00f4ne, le secr\u00e9taire g\u00e9n\u00e9ral des affaires r\u00e9gionales,  le secr\u00e9taire  \ng\u00e9n\u00e9ral de la pr\u00e9fecture des Bouches-du-Rh\u00f4ne, les sous-pr\u00e9fets, les maires des communes du \nd\u00e9partement, et toute autorit\u00e9 de police du d\u00e9partement sont  charg\u00e9s, chacun en ce qui le  \nconcerne, de l'ex\u00e9cution du pr\u00e9sent arr\u00eat\u00e9.  \nMarseille, le 10 juillet 2025\nLe pr\u00e9fet des Bouches-du-Rh\u00f4ne\nSign\u00e9\nGeorges-Fran\u00e7ois LECLERC\n16, rue Antoine Zattara  \u2013 13332 Marseille Cedex 3\nT\u00e9l\u00e9phone : 04 91 28 40 40\nwww.bouches-du-rhone.gouv.fr","date":"2025-07-11","first_seen_on":"2025-07-11T20:06:47+00:00","id":"2a3ba00a8bb0b74907512d667a526118a813dc92ff989c9f4d75cb8a5e27cb6d","name":"recueil-13-2025-207 Quinter-recueil-des-actes-administratifs-special du 11 juillet 2025","pdf_creation_date":"2025-07-11T10:08:54+00:00","pdf_modification_date":null,"timezone":"Europe/Paris","url":"https://www.bouches-du-rhone.gouv.fr/contenu/telechargement/60354/427030/file/recueil-13-2025-207%20Quinter-recueil-des-actes-administratifs-special%20du%2011%20juillet%202025%20.pdf"}
