{"administration":"pref83","administration_name":"Pr\u00e9fecture du Var","content":"VAR\nRECUEIL DES ACTES\nADMINISTRATIFS SP\u00c9CIAL\n(NOMINATIFS)\nN\u00b083-2026-004\nPUBLI\u00c9 LE  6 JANVIER 2026\nSommaire\nPr\u00e9fecture du VAR / Direction de la citoyennet\u00e9 et de la l\u00e9galit\u00e9\n83-2026-01-05-00001 - ARR\u00caT\u00c9 PR\u00c9FECTORAL n\u00b0\nDCL/BERG/2026/0001 du 05 janvier 2026 modifiant l'habilitation de\nl'\u00e9tablissement \u00ab\u00a0POMPES FUN\u00c8BRES LEVEQUE\u00a0\u00bb\n11 Avenue\ndu Docteur Mazen - Rue Ernest Reyer - 83500 LA\nSEYNE-SUR-MER\ng\u00e9r\u00e9 par la SAS \u00ab\u00a0POMPES FUN\u00c8BRES\nLEVEQUE\u00a0\u00bb\nHabilitation N\u00b0 26-83-0136 (2 pages) Page 3\nPr\u00e9fecture du VAR / Direction de la coordination des politiques publiques\net de l'appui territorial\n83-2025-12-31-00003 - Arr\u00eat\u00e9 pr\u00e9fectoral du 31 d\u00e9cembre 2025\nproc\u00e9dant au retrait de l'arr\u00eat pr\u00e9fectoral du 6 f\u00e9vrier 2024 rendant\nredevable d'une astreinte administrative Monsieur Philippe VIARD,\npropri\u00e9taire de la parcelle AB36, situ\u00e9e sur la commune de Toulon,\nconcernant des constructions, installations et divers d\u00e9p\u00f4ts pr\u00e9sents\nsur cette propri\u00e9t\u00e9 (3 pages) Page 6\n2\nPr\u00e9fecture du VAR\n83-2026-01-05-00001\nARR\u00caT\u00c9 PR\u00c9FECTORAL n\u00b0 DCL/BERG/2026/0001\ndu 05 janvier 2026 modifiant l'habilitation de\nl'\u00e9tablissement \u00ab\u00a0POMPES FUN\u00c8BRES LEVEQUE\u00a0\u00bb\n11 Avenue du Docteur Mazen - Rue Ernest Reyer -\n83500 LA SEYNE-SUR-MER\ng\u00e9r\u00e9 par la SAS \u00ab\u00a0POMPES FUN\u00c8BRES LEVEQUE\u00a0\u00bb\nHabilitation N\u00b0 26-83-0136\nPr\u00e9fecture du VAR - 83-2026-01-05-00001 - ARR\u00caT\u00c9 PR\u00c9FECTORAL n\u00b0 DCL/BERG/2026/0001 du 05 janvier 2026 modifiant l'habilitation\nde l'\u00e9tablissement \u00ab\u00a0POMPES FUN\u00c8BRES LEVEQUE\u00a0\u00bb\n11 Avenue du Docteur Mazen - Rue Ernest Reyer - 83500 LA SEYNE-SUR-MER\ng\u00e9r\u00e9 par la SAS \u00ab\u00a0POMPES FUN\u00c8BRES LEVEQUE\u00a0\u00bb\nHabilitation N\u00b0 26-83-0136\n3\n=mPREFETDU VARLibert\u00e9Egalit\u00e9Fraternit\u00e9\nDirection de la citoyennet\u00e9 et de la l\u00e9galit\u00e9\nBureau des \u00e9lections et de la r\u00e9glementation g\u00e9n\u00e9rale\nARR\u00caT\u00c9 PR\u00c9FECTORAL n\u00b0 DCL/BERG/2026/0001 du 05 janvier 2026\nmodifiant l'habilitation de l'\u00e9tablissement \u00ab POMPES FUN\u00c8BRES LEVEQUE \u00bb\n11 Avenue du Docteur Mazen \u2013 Rue Ernest Reyer \u2013 83500 LA SEYNE-SUR-MER\ng\u00e9r\u00e9 par la SAS \u00ab POMPES FUN\u00c8BRES LEVEQUE \u00bb\nHabilitation N\u00b0 26-83-0136\nLe Pr\u00e9fet du Var,\nVu le code g\u00e9n\u00e9ral des collectivit\u00e9s territoriales  et notamment ses articles L2223-19, L2223-23 \net suivants ;\nVu la loi n\u00b0 2008-1350 du 19 d\u00e9cembre 2008 relative \u00e0 la l\u00e9gislation fun\u00e9raire ;\nVu le d\u00e9cret du Pr\u00e9sident de la R\u00e9publique du 15 mai 2025, portant nomination de Monsieur  \nSimon BABRE, pr\u00e9fet du Var ;\nVu  l'arr\u00eat\u00e9  pr\u00e9fectoral  n\u00b0  2025/12/MCI  du  2  juin  2025  portant  d\u00e9l\u00e9gation  de  signature  \u00e0 \nMonsieur  Lucien  GIUDICELLI,  secr\u00e9taire  g\u00e9n\u00e9ral  de  la  pr\u00e9fecture  du  Var,  sous-pr\u00e9fet  de \nl'arrondissement de Toulon ;\nVu l'arr\u00eat\u00e9 pr\u00e9fectoral n\u00b0 2025/53/MCI du 15 juillet 2025 portant d\u00e9l\u00e9gation de signature \u00e0  \nMonsieur Thibaut DARGON, directeur de la citoyennet\u00e9 et de la l\u00e9galit\u00e9 de la pr\u00e9fecture du  \nVar ;\nVu  l'arr\u00eat\u00e9  pr\u00e9fectoral  n\u00b0  DCL/BERG/2025/0233  du  31  d\u00e9cembre  2025,  portant  \nrenouvellement  de  l'habilitation  de  l'\u00e9tablissement  \u00ab POMPES  FUN\u00c8BRES  LEVEQUE \u00bb \nsis 11, avenue du docteur Mazen, Rue Ernest Reyer \u00e0 La Seyne-sur-Mer (83500) ;\nConsid\u00e9rant qu'une erreur mat\u00e9rielle est intervenue sur la liste des activit\u00e9s exerc\u00e9es par  \nl'\u00e9tablissement et  notamment  la  mention  de  l'activit\u00e9  n\u00b06,  gestion  et  utilisation  d'une \nchambre fun\u00e9raire, qu'il y a lieu d'ajouter, conform\u00e9ment \u00e0 la demande du 27 octobre 2025,  \nformul\u00e9e  par  Monsieur  Alexandre  DE  CARLO,  pr\u00e9sident de  la  SAS  \u00ab POMPES  FUN\u00c8BRES \nLEVEQUE \u00bb ;\nSur proposition du secr\u00e9taire g\u00e9n\u00e9ral de la pr\u00e9fecture ;\nARR\u00caTE\nArticle 1     :   L'article 1 de l'arr\u00eat\u00e9 pr\u00e9fectoral n\u00b0 DCL/BERG/2025/0233 du 31 d\u00e9cembre 2025  \nsusvis\u00e9 est modifi\u00e9 comme suit :\nL'\u00e9tablissement  \u00ab POMPES FUN\u00c8BRES LEVEQUE  \u00bb, situ\u00e9 11, avenue du docteur Mazen, Rue  \nErnest Reyer \u00e0 La Seyne-sur-Mer (83500), g\u00e9r\u00e9 par la SAS  \u00ab POMPES FUN\u00c8BRES LEVEQUE  \u00bb \ndont le si\u00e8ge est situ\u00e9 \u00e0 la m\u00eame adresse, repr\u00e9sent\u00e9 par son pr\u00e9sident, Monsieur Alexandre  \nDE CARLO, est habilit\u00e9e pour exercer les activit\u00e9s suivantes :\n1/2\nPr\u00e9fecture du VAR - 83-2026-01-05-00001 - ARR\u00caT\u00c9 PR\u00c9FECTORAL n\u00b0 DCL/BERG/2026/0001 du 05 janvier 2026 modifiant l'habilitation\nde l'\u00e9tablissement \u00ab\u00a0POMPES FUN\u00c8BRES LEVEQUE\u00a0\u00bb\n11 Avenue du Docteur Mazen - Rue Ernest Reyer - 83500 LA SEYNE-SUR-MER\ng\u00e9r\u00e9 par la SAS \u00ab\u00a0POMPES FUN\u00c8BRES LEVEQUE\u00a0\u00bb\nHabilitation N\u00b0 26-83-0136\n4\n1 - Transport  de  corps  avant  et  apr\u00e8s  mise  en  bi\u00e8re,  en  sous-traitance  avec  la  soci\u00e9t\u00e9 \n\u00ab POMPES FUN\u00c8BRES DELESSE  \u00bb, sise 139 boulevard Saint-Anne \u00e0 Toulon (83000), habilit\u00e9e  \nsous le num\u00e9ro 25-83-0213,\n2 - Organisation des obs\u00e8ques,\n3 - Soins de con servation, en sous-traitance avec la soci\u00e9t\u00e9 \u00ab  OL\u00c9A SERVICES FUN\u00c9RAIRES  \u00bb, \nsise 51 Avenue des Anciens Combattants d'Indochine \u00e0 La Seyne-sur-Mer (83500), habilit\u00e9e  \nsous le num\u00e9ro 22-83-0097 ,\n4 - Fourniture des housses, cercueils et accessoires int\u00e9rieur et ext\u00e9rieur ainsi que des urnes\ncin\u00e9raires,\n6 - Gestion et utilisation d'une chambre fun\u00e9raire,\n7 - Fourniture des corbillards et voitures de deuil , en sous-traitance avec la soci\u00e9t\u00e9 \u00ab  POMPES \nFUN\u00c8BRES  DELESSE \u00bb,  sise  139  boulevard  Saint-Anne  \u00e0  Toulon  (83000),  habilit\u00e9e  sous  le \nnum\u00e9ro 25-83-0213,\n8 - Fourniture  de  personnel  et  des  objets  et  prestations  n\u00e9cessaires  aux  obs\u00e8ques, \ninhumations,  exhumations  et  cr\u00e9mations,  en  sous-traitance  avec  la  soci\u00e9t\u00e9  \u00ab POMPES \nFUN\u00c8BRES  DELESSE \u00bb,  sise  139  boulevard  Saint-Anne  \u00e0  Toulon  (83000),  habilit\u00e9e  sous  le \nnum\u00e9ro 25-83-0213.\nArticle 2     : Les autres dispositions de l'arr\u00eat\u00e9 restent inchang\u00e9es.\nArticle 3     : Le secr\u00e9taire g\u00e9n\u00e9ral de la pr\u00e9fecture du Var est charg\u00e9 de l'ex\u00e9cution du pr\u00e9sent  \narr\u00eat\u00e9 qui sera publi\u00e9 au recueil des actes administratifs de la pr\u00e9fecture du Var et dont une  \ncopie sera adress\u00e9e au maire de la commune de La Seyne-sur-Mer pour information.\nFait \u00e0 Toulon, le 05 janvier 2026\nPour le pr\u00e9fet et par d\u00e9l\u00e9gation,\nLe directeur de la citoyennet\u00e9\net de la l\u00e9galit\u00e9\nSign\u00e9\nThibaut DARGON\nDans un d\u00e9lai de deux mois \u00e0 compter de la date de la notification ou de la publication du pr\u00e9sent arr\u00eat\u00e9 au recueil des actes administratifs de la \npr\u00e9fecture, les recours suivants peuvent \u00eatre introduits conform\u00e9ment aux dispositions des articles R. 421-1 et suivants du code de justice \nadministrative :\n- un recours gracieux, adress\u00e9 \u00e0 :\nM. le Pr\u00e9fet du Var - Boulevard du 112\u00e8me r\u00e9giment d'infanterie - CS 31209 - 83070 TOULON CEDEX\n- un recours hi\u00e9rarchique, adress\u00e9 au(x) ministre(s) concern\u00e9(s) ;\nDans ces deux cas, le silence de l'Administration vaut rejet implicite au terme d'un d\u00e9lai de deux mois.\nApr\u00e8s un recours gracieux ou hi\u00e9rarchique, le d\u00e9lai du recours contentieux ne court qu'\u00e0 compter du rejet explicite ou implicite de l'un de ces \nrecours.\n- un recours contentieux, en saisissant le Tribunal Administratif de Toulon : 5 rue Racine -BP 40510 - 83 041 TOULON CEDEX 9\nLe tribunal administratif peut \u00eatre saisi par l'application informatique \u00ab T\u00e9l\u00e9cours \u00bb accessible par le site internet www.telecours.fr.\n2/2\nPr\u00e9fecture du VAR - 83-2026-01-05-00001 - ARR\u00caT\u00c9 PR\u00c9FECTORAL n\u00b0 DCL/BERG/2026/0001 du 05 janvier 2026 modifiant l'habilitation\nde l'\u00e9tablissement \u00ab\u00a0POMPES FUN\u00c8BRES LEVEQUE\u00a0\u00bb\n11 Avenue du Docteur Mazen - Rue Ernest Reyer - 83500 LA SEYNE-SUR-MER\ng\u00e9r\u00e9 par la SAS \u00ab\u00a0POMPES FUN\u00c8BRES LEVEQUE\u00a0\u00bb\nHabilitation N\u00b0 26-83-0136\n5\nPr\u00e9fecture du VAR\n83-2025-12-31-00003\nArr\u00eat\u00e9 pr\u00e9fectoral du 31 d\u00e9cembre 2025\nproc\u00e9dant au retrait de l'arr\u00eat pr\u00e9fectoral du 6\nf\u00e9vrier 2024 rendant redevable d'une astreinte\nadministrative Monsieur Philippe VIARD,\npropri\u00e9taire de la parcelle AB36, situ\u00e9e sur la\ncommune de Toulon, concernant des\nconstructions, installations et divers d\u00e9p\u00f4ts\npr\u00e9sents sur cette propri\u00e9t\u00e9\nPr\u00e9fecture du VAR - 83-2025-12-31-00003 - Arr\u00eat\u00e9 pr\u00e9fectoral du 31 d\u00e9cembre 2025 proc\u00e9dant au retrait de l'arr\u00eat pr\u00e9fectoral du 6\nf\u00e9vrier 2024 rendant redevable d'une astreinte administrative Monsieur Philippe VIARD, propri\u00e9taire de la parcelle AB36, situ\u00e9e sur la\ncommune de Toulon, concernant des constructions, installations et divers d\u00e9p\u00f4ts pr\u00e9sents sur cette propri\u00e9t\u00e9\n6\n=mPREFETDU VARLibert\u00e9Egalit\u00e9Fraternit\u00e9\nDirection R\u00e9gionale de l'Environnement, \nde l'Am\u00e9nagement et du Logement\nService Biodiversit\u00e9, Eau et Paysages\nARR\u00caT\u00c9 PREFECTORAL\nproc\u00e9dant au retrait de l'arr\u00eat\u00e9 pr\u00e9fectoral du 6 f\u00e9vrier 2024 rendant redevable d'une \nastreinte administrative Monsieur Philippe VIARD, propri\u00e9taire de la parcelle AB 36, situ\u00e9e sur \nla commune de Toulon, concernant des constructions, installations et divers d\u00e9p\u00f4ts pr\u00e9sents \nsur cette propri\u00e9t\u00e9\nLe pr\u00e9fet du Var,\nVu le code de l'environnement, notamment les articles L.  171-6 et suivants, L.  341-10, R. 341-10 \n\u00e0 13 ;\nVu  le  d\u00e9cret  du  1 er f\u00e9vrier  1991  portant  classement  parmi  les  sites  pittoresques  du  \nd\u00e9partement du Var l'ensemble form\u00e9 par le Mont Faron sur le territoire de la commune de  \nToulon ;\nVu le d\u00e9cret du Pr\u00e9sident de la R\u00e9publique du 15 avril 2022 nommant M. Lucien GIUDICELLI,  \nsecr\u00e9taire g\u00e9n\u00e9ral de la pr\u00e9fecture du Var, sous-pr\u00e9fet de l'arrondissement de Toulon ;\nVu le d\u00e9cret du Pr\u00e9sident de la R\u00e9publique du 15 mai 2025 nommant Monsieur Simon Babre  \nPr\u00e9fet du VAR ;\nVu  l'arr\u00eat\u00e9 pr\u00e9fectoral n\u00b0 2025/12/MCI du 2 juin 2025  portant d\u00e9l\u00e9gation de signature \u00e0 M.  \nLucien GIUDICELLI, secr\u00e9taire g\u00e9n\u00e9ral de la pr\u00e9fecture du Var ;\nVu l'arr\u00eat\u00e9 pr\u00e9fectoral du 28 octobre 2022 mettant en demeure  Monsieur Philippe VIARD,  \npropri\u00e9taire de la parcelle AB 36 sur la commune de Toulon, de proc\u00e9der \u00e0 la r\u00e9gularisation  \nadministrative des constructions, installations et d\u00e9p\u00f4ts divers ;\nVu l'arr\u00eat\u00e9 pr\u00e9fectoral du 6 f\u00e9vrier 2024 rendant redevable d'une astreinte administrative  \nMonsieur Philippe VIARD, propri\u00e9taire de la parcelle AB 36 situ\u00e9e sur la commune de Toulon,  \nconcernant les constructions, installations et divers d\u00e9p\u00f4ts pr\u00e9sents sur cette propri\u00e9t\u00e9 ;\nVu les constats d'huissier en date du 13 mars 2024 et du 19 juin 2024 ;\nVu le  constat de  la  DREAL,  en  date  du  18  septembre  2024,  \u00e9tablissant  l'ex\u00e9cution  des  \nmesures  sollicit\u00e9es  dans  la  cadre  de  la  mise  en  demeure  de  r\u00e9gularisation  par  l'arr\u00eat\u00e9  \npr\u00e9fectoral du 28 octobre 2022;\nBld du 112\u00e8me R\u00e9giment d'Infanterie\nCS 31 209 - 83070 TOULON CEDEX\n1/3\nPr\u00e9fecture du VAR - 83-2025-12-31-00003 - Arr\u00eat\u00e9 pr\u00e9fectoral du 31 d\u00e9cembre 2025 proc\u00e9dant au retrait de l'arr\u00eat pr\u00e9fectoral du 6\nf\u00e9vrier 2024 rendant redevable d'une astreinte administrative Monsieur Philippe VIARD, propri\u00e9taire de la parcelle AB36, situ\u00e9e sur la\ncommune de Toulon, concernant des constructions, installations et divers d\u00e9p\u00f4ts pr\u00e9sents sur cette propri\u00e9t\u00e9\n7\nConsid\u00e9rant qu'\u00e0  la  date  du  13  mars  2024,  les  constats  d'huissier  produits  par  le  fils  de \nMonsieur VIARD faisaient \u00e9tat d'une remise en \u00e9tat partielle de la parcelle, puis \u00e0 la date du  \n19 juin 2024, d'une remise en \u00e9tat totale de la parcelle de Monsieur VIARD ;\nConsid\u00e9rant que la parcelle a retrouv\u00e9 son caract\u00e8re naturel conform\u00e9ment au classement du \nsite et ne porte plus d'atteinte aux \u00e9l\u00e9ments ayant justifi\u00e9 le classement de ce site ;\nConsid\u00e9rant que l'ex\u00e9cution des mesures sollicit\u00e9es dans la cadre de la mise en demeure de  \nr\u00e9gularisation a \u00e9t\u00e9 \u00e9tablie par un constat de la DREAL en date du 18 septembre 2024 ;\nConsid\u00e9rant qu'il y a lieu, dans ces conditions, d'abroger l'arr\u00eat\u00e9 du 28 octobre 2022 par  \nlequel Monsieur VIARD a \u00e9t\u00e9 mis en demeure de proc\u00e9der \u00e0 la r\u00e9gularisation administrative  \ndes constructions, installations et d\u00e9p\u00f4ts divers pr\u00e9sents sur la parcelle ;\nConsid\u00e9rant par ailleurs, au vu du contexte de ce dossier et en particulier des d\u00e9marches  \nmises en \u0153uvre par le fils du propri\u00e9taire des parcelles, qu'il n'y a pas lieu de poursuivre la  \nliquidation de l'astreinte  et de maintenir une mesure coercitive \u00e0 l'encontre de l'auteur du  \nmanquement ;\nConsid\u00e9rant, dans ces circonstances , qu'il convient, de proc\u00e9der au retrait de l'arr\u00eat\u00e9 rendant \nMonsieur VIARD Philippe redevable d'une astreinte, devenu sans objet ;\nSur proposition du directeur r\u00e9gional de l'environnement, de l'am\u00e9nagement et du logement ;\nARR\u00caTE\nArticle 1 - Objet\nIl est proc\u00e9d\u00e9 : \n- \u00e0 l'abrogation de l'arr\u00eat\u00e9 du 28 octobre 2022 par lequel le pr\u00e9fet du Var a mis Monsieur  \nVIARD en demeure de proc\u00e9der \u00e0 la r\u00e9gularisation administrative des installations et d\u00e9p\u00f4ts  \ndivers pr\u00e9sents sur la parcelle cadastr\u00e9e section AB n\u00b0 36, situ\u00e9e sur la commune de Toulon, \u00e0  \ncompter de la date de remise en \u00e9tat de la parcelle, achev\u00e9e le 19 juin 2024 ;\n- au retrait de l'arr\u00eat\u00e9 en date du 6 f\u00e9vrier 2024 rendant Monsieur VIARD redevable d'une  \nastreinte administrative concernant des constructions, installations et divers d\u00e9p\u00f4ts pr\u00e9sents  \nsur la parcelle ;\nArticle 2- D\u00e9lais et voies de recours\nLe pr\u00e9sent arr\u00eat\u00e9 peut faire l'objet d'un  recours gracieux adress\u00e9 au pr\u00e9fet du Var, ou d'un  \nrecours hi\u00e9rarchique aupr\u00e8s du ministre de tutelle ou d'un  recours contentieux devant le  \ntribunal  administratif  de  Toulon,  dans  un  d\u00e9lai  de  deux  mois  \u00e0  compter  de  sa  date  de  \nnotification ou de publication. Le rejet d'un recours gracieux peut \u00e9galement \u00eatre contest\u00e9  \ndevant le tribunal administratif de Toulon dans un d\u00e9lai de deux mois.\nDans  le  cas  o\u00f9  un  recours  contentieux  serait  engag\u00e9  devant  le  tribunal  administratif  de \nToulon, il intervient par un d\u00e9p\u00f4t de requ\u00eate, soit aupr\u00e8s de l'accueil de la juridiction, soit par \ncourrier ou au moyen de l'application informatique \"T\u00e9l\u00e9recours citoyen\" accessible par le site \nBld du 112\u00e8me R\u00e9giment d'Infanterie\nCS 31 209 - 83070 TOULON CEDEX\n2/3\nPr\u00e9fecture du VAR - 83-2025-12-31-00003 - Arr\u00eat\u00e9 pr\u00e9fectoral du 31 d\u00e9cembre 2025 proc\u00e9dant au retrait de l'arr\u00eat pr\u00e9fectoral du 6\nf\u00e9vrier 2024 rendant redevable d'une astreinte administrative Monsieur Philippe VIARD, propri\u00e9taire de la parcelle AB36, situ\u00e9e sur la\ncommune de Toulon, concernant des constructions, installations et divers d\u00e9p\u00f4ts pr\u00e9sents sur cette propri\u00e9t\u00e9\n8\ninternet www.telerecours.fr  .  \nArticle 3 - Ex\u00e9cution \nLe pr\u00e9sent arr\u00eat\u00e9 sera notifi\u00e9 \u00e0 Monsieur Philippe VIARD et, en application de l'article R171-1  \ndu code de l'environnement, sera publi\u00e9  sur le site Internet de la pr\u00e9fecture pendant une  \ndur\u00e9e minimale de deux mois.\nLe secr\u00e9taire g\u00e9n\u00e9ral de la pr\u00e9fecture du Var, le directeur r\u00e9gional de l'environnement, de  \nl'am\u00e9nagement et du logement Provence-Alpes-C\u00f4te d'Azur sont charg\u00e9s, chacun en ce qui le \nconcerne, de l'ex\u00e9cution du pr\u00e9sent arr\u00eat\u00e9, dont copie sera adress\u00e9e \u00e0 madame la maire de  \nToulon, au directeur d\u00e9partemental des territoires et de la mer et \u00e0 la cheffe de l'unit\u00e9  \nd\u00e9partementale de l'architecture et du patrimoine du Var.\nFait \u00e0 Toulon, le 31 d\u00e9cembre 2025\nLe pr\u00e9fet\nSIGNE : Simon BABRE\nBld du 112\u00e8me R\u00e9giment d'Infanterie\nCS 31 209 - 83070 TOULON CEDEX\n3/3\nPr\u00e9fecture du VAR - 83-2025-12-31-00003 - Arr\u00eat\u00e9 pr\u00e9fectoral du 31 d\u00e9cembre 2025 proc\u00e9dant au retrait de l'arr\u00eat pr\u00e9fectoral du 6\nf\u00e9vrier 2024 rendant redevable d'une astreinte administrative Monsieur Philippe VIARD, propri\u00e9taire de la parcelle AB36, situ\u00e9e sur la\ncommune de Toulon, concernant des constructions, installations et divers d\u00e9p\u00f4ts pr\u00e9sents sur cette propri\u00e9t\u00e9\n9","date":"2026-01-06","first_seen_on":"2026-01-06T15:57:49+00:00","id":"2a41ba20eb35adf4e731d67a551631dad19ec10b66ee3eb7f4335b6b48bb6a12","name":"RAA N\u00b0004 du 6 janvier 2026","pdf_creation_date":"2026-01-06T15:44:34+00:00","pdf_modification_date":null,"timezone":"Europe/Paris","url":"https://www.var.gouv.fr/contenu/telechargement/44264/289015/file/RAA%20N%C2%B0004%20du%206%20janvier%202026%20NOMINATIF.pdf"}
