{"administration":"pref30","administration_name":"Pr\u00e9fecture du Gard","content":"PR\u00c9FET\nDU GARD\nRECUEIL DES ACTES\nADMINISTRATIFS SP\u00c9CIAL\nN\u00b030-2025-159\nPUBLI\u00c9 LE  8 SEPTEMBRE 2025\nSommaire\nPrefecture du Gard /\n30-2025-09-08-00001 - Arr\u00eat\u00e9 donnant d\u00e9l\u00e9gation de signature \u00e0\nM. le colonel Thierry CARRET, directeur d\u00e9partemental des services\nd'incendie et de secours du Gard par interim (2 pages) Page 3\n2\nPrefecture du Gard\n30-2025-09-08-00001\nArr\u00eat\u00e9 donnant d\u00e9l\u00e9gation de signature \u00e0 M. le\ncolonel Thierry CARRET, directeur\nd\u00e9partemental des services d'incendie et de\nsecours du Gard par interim\nPrefecture du Gard - 30-2025-09-08-00001 - Arr\u00eat\u00e9 donnant d\u00e9l\u00e9gation de signature \u00e0 M. le colonel Thierry CARRET, directeur\nd\u00e9partemental des services d'incendie et de secours du Gard par interim 3\nEuPREFETDU GARDLibert\u00e9Egalit\u00e9Fraternit\u00e9\nDirection de la citoyennet\u00e9, de la l\u00e9galit\u00e9 et de la coordination administrative\nService de la coordination des politiques publiques \net de l'appui territorial\nArr\u00eat\u00e9\ndonnant d\u00e9l\u00e9gation de signature \u00e0 M. le colonel Thierry CARRET,\ndirecteur d\u00e9partemental des services d'incendie et de secours du Gard par interim \nLe pr\u00e9fet du Gard\nChevalier de la L\u00e9gion d'honneur,\nOfficier de l'ordre national du M\u00e9rite \nVu le code g\u00e9n\u00e9ral des collectivit\u00e9s territoriales, article L. 1424-33\u00a0;\nVu la  loi  n\u00b0  82-213  du  2  mars  1982  relative  aux  droits  et  libert\u00e9s  des  communes,  des \nd\u00e9partements et des r\u00e9gions, notamment son article 34\u00a0;\nVu la loi n\u00b0 87-565 du 22 juillet 1987 relative \u00e0 l'organisation de la s\u00e9curit\u00e9 civile, \u00e0 la \nprotection de la for\u00eat contre l'incendie et la pr\u00e9vention des risques majeurs\u00a0;\nVu le d\u00e9cret n\u00b0 97-34 du 15 janvier 1997 modifi\u00e9 relatif \u00e0 la d\u00e9concentration des d\u00e9cisions ad -\nministratives individuelles ;\nVu le d\u00e9cret n\u00b0 97-1225 du 26 d\u00e9cembre 1997 relatif \u00e0 l'organisation des services d'incendie  \net de secours\u00a0;\nVu le d\u00e9cret n\u00b0 2004-374 du 29 avril 2004 relatif aux pouvoirs des pr\u00e9fets, \u00e0 l'organisation et \u00e0  \nl'action des services de l'Etat dans les r\u00e9gions et d\u00e9partements ;\nVu le d\u00e9cret n\u00b0 2008-158 du 22 f\u00e9vrier  2008 relatif \u00e0 la suppl\u00e9ance des pr\u00e9fets de r\u00e9gion et \u00e0  \nla  d\u00e9l\u00e9gation  de  signature  des  pr\u00e9fets  et  des  hauts  commissaires  de  la  R\u00e9publique  en \nPolyn\u00e9sie fran\u00e7aise et en Nouvelle-Cal\u00e9donie\u00a0;\nVu le d\u00e9cret n\u00b0 2009-176 du 16 f\u00e9vrier 2009 modifiant le d\u00e9cret n\u00b0 64-805 du 29 juillet 1964  \nfixant les dispositions r\u00e9glementaires applicables aux pr\u00e9fets et le d\u00e9cret n\u00b0 2004-374 du 29  \navril 2004 relatif aux pouvoirs des pr\u00e9fets, \u00e0 l'organisation et \u00e0 l'action des services de l'Etat  \ndans les r\u00e9gions et d\u00e9partements\u00a0;\nVu le d\u00e9cret n\u00b0 2015-510 du 7 mai 2015 portant charte de la d\u00e9concentration ;\nVu le d\u00e9cret n\u00b0 2016-2003 du 30 d\u00e9cembre 2016 relatif \u00e0 l'emploi de directeur d\u00e9partemental  \net directeur d\u00e9partemental adjoint des services d'incendie et de secours\u00a0; \nVu le d\u00e9cret du 13 juillet 2023 nommant M. J\u00e9r\u00f4me BONET, pr\u00e9fet du Gard\u00a0;\nVu l'arr\u00eat\u00e9 n\u00b02022-3291-DC du  21 novembre 2022 portant int\u00e9rim sur l'emploi de directeur  \nd\u00e9partemental des services d'incendie et de secours de M. le colonel Thierry CARRET;\nVu l'arr\u00eat\u00e9 n\u00b030-2025-06-06-00001 du  6 juin 2025  donnant d\u00e9l\u00e9gation de signature \u00e0  M. le  \ncolonel  Thierry CARRET ,  directeur d\u00e9partemental des services d'incendie et de secours du  \nGard par interim ;\nConsid\u00e9rant la gestion administrative interne des subd\u00e9l\u00e9gations de signature au sein des  \nservices d'incendie et de secours du Gard ;\nSur proposition du secr\u00e9taire g\u00e9n\u00e9ral de la pr\u00e9fecture du Gard\u00a0;\nPrefecture du Gard - 30-2025-09-08-00001 - Arr\u00eat\u00e9 donnant d\u00e9l\u00e9gation de signature \u00e0 M. le colonel Thierry CARRET, directeur\nd\u00e9partemental des services d'incendie et de secours du Gard par interim 4\nArr\u00eate\nArticle 1\u00a0: D\u00e9l\u00e9gation de signature est donn\u00e9e \u00e0 M. Thierry CARRET colonel des sapeurs-pom-\npiers professionnels,   directeur d\u00e9partemental des services d'incendie et de secours du Gard  \npar interim, \u00e0 l'effet de signer les documents et correspondances n\u00e9cessaires \u00e0 l'exercice des  \nmissions qu'il assure sous l'autorit\u00e9 du pr\u00e9fet du Gard, \u00e0 savoir :\n-la direction op\u00e9rationnelle du corps d\u00e9partemental des sapeurs-pompiers,\n-la direction des actions de pr\u00e9vention relevant du service d\u00e9partemental d'incendie \net de secours,\n-la mise en oeuvre op\u00e9rationnelle de l'ensemble des moyens de secours et de lutte  \ncontre contre l'incendie.\nCette d\u00e9l\u00e9gation s'exerce \u00e0 l'exception :\n- des arr\u00eat\u00e9s \u00e0 caract\u00e8re r\u00e9glementaire ;\n- des actes portant nomination des membres de comit\u00e9s, conseils et commissions ;\n- des d\u00e9cisions attributives de subventions ;\n- des correspondances destin\u00e9es aux administrations centrales, aux parlementaires,\nau pr\u00e9sident du conseil d\u00e9partemental et \u00e9lus lorsqu'elles n'ont pas le caract\u00e8re de \ncorrespondances relatives \u00e0 la gestion courante ou au fonctionnement du service. \nArticle 2\u00a0: M. le colonel Thierry CARRET,  directeur d\u00e9partemental des services d'incendie et  \nde secours du Gard par interim peut, sous sa responsabilit\u00e9, subd\u00e9l\u00e9guer sa signature \u00e0 ses  \ncollaborateurs, \u00e0 l'effet de signer toutes les d\u00e9cisions concernant les mati\u00e8res \u00e9num\u00e9r\u00e9es \u00e0  \nl'article 1er\n du pr\u00e9sent arr\u00eat\u00e9. \nIl d\u00e9finira, \u00e0 cet effet, par d\u00e9cision, prise au nom du pr\u00e9fet, la liste de ses collaborateurs  \nhabilit\u00e9s \u00e0 signer les actes, \u00e0 sa place.\nCette d\u00e9cision, dont un exemplaire sera adress\u00e9 au pr\u00e9fet et publi\u00e9 au recueil des actes  \nadministratifs de la pr\u00e9fecture, visera le pr\u00e9sent arr\u00eat\u00e9.\nArticle  3\u00a0:  La  signature  du  d\u00e9l\u00e9gataire  ou  du  subd\u00e9l\u00e9gataire  et  sa  qualit\u00e9  devront  \u00eatre \npr\u00e9c\u00e9d\u00e9es de la mention suivante\u00a0: \u00ab\u00a0pour le pr\u00e9fet et par d\u00e9l\u00e9gation\u00a0\u00bb.\nArticle  4\u00a0:  Toutes  dispositions  ant\u00e9rieures  relatives  \u00e0  une  d\u00e9l\u00e9gation  de  signature  sont \nabrog\u00e9es.\nArticle 6 : Le pr\u00e9sent arr\u00eat\u00e9 prend effet d\u00e8s sa publication.\nArticle 7 : Le secr\u00e9taire g\u00e9n\u00e9ral de la pr\u00e9fecture  du Gard et le directeur d\u00e9partemental des  \nservices d'incendie et de secours par interim sont charg\u00e9s, chacun en ce qui le concerne, de  \nl'ex\u00e9cution du pr\u00e9sent arr\u00eat\u00e9, qui sera publi\u00e9 au recueil des actes administratifs de la pr\u00e9fec -\nture.\nN\u00eemes, le 8 septembre 2025     Le pr\u00e9fet,\n                                        sign\u00e9\n  J\u00e9r\u00f4me BONET\nPrefecture du Gard - 30-2025-09-08-00001 - Arr\u00eat\u00e9 donnant d\u00e9l\u00e9gation de signature \u00e0 M. le colonel Thierry CARRET, directeur\nd\u00e9partemental des services d'incendie et de secours du Gard par interim 5","date":"2025-09-08","first_seen_on":"2025-09-08T15:10:17+00:00","id":"2a4663619e211ca068c48e48d002bb14cb81a0dc9770a9035ac902f12c3135ed","name":"recueil-30-2025-159-special du 8 09 2025","pdf_creation_date":"2025-09-08T14:45:37+00:00","pdf_modification_date":null,"timezone":"Europe/Paris","url":"https://www.gard.gouv.fr/contenu/telechargement/65280/480496/file/recueil-30-2025-159-special%20du%208%2009%202025.pdf"}
