{"administration":"pref83","administration_name":"Pr\u00e9fecture du Var","content":"VAR\nRECUEIL DES ACTES\nADMINISTRATIFS\nN\u00b083-2024-164\nPUBLI\u00c9 LE  6 JUILLET 2024\nSommaire\nPr\u00e9fecture du VAR / Direction de la citoyennet\u00e9 et de la l\u00e9galit\u00e9\n83-2024-07-05-00001 - Arr\u00eat\u00e9 pr\u00e9fectoral N\u00b0DCL/BERG/2024/218 du 5 juillet\n2024 portant institution de la commission d\u00e9partementale de recensement\ndes votes pour l'\u00e9lection des d\u00e9put\u00e9s \u00e0 l'Assembl\u00e9e nationale du 20 juin et\n7 juillet 2024 - D\u00e9signation au titre du second tour de scrutin (7 juillet 2024)\n(2 pages) Page 3\n2\nPr\u00e9fecture du VAR\n83-2024-07-05-00001\nArr\u00eat\u00e9 pr\u00e9fectoral N\u00b0DCL/BERG/2024/218 du 5\njuillet 2024 portant institution de la commission\nd\u00e9partementale de recensement des votes pour\nl'\u00e9lection des d\u00e9put\u00e9s \u00e0 l'Assembl\u00e9e nationale\ndu 20 juin et 7 juillet 2024 - D\u00e9signation au titre\ndu second tour de scrutin (7 juillet 2024)\nPr\u00e9fecture du VAR - 83-2024-07-05-00001 - Arr\u00eat\u00e9 pr\u00e9fectoral N\u00b0DCL/BERG/2024/218 du 5 juillet 2024 portant institution de la\ncommission d\u00e9partementale de recensement des votes pour l'\u00e9lection des d\u00e9put\u00e9s \u00e0 l'Assembl\u00e9e nationale du 20 juin et 7 juillet 2024\n- D\u00e9signation au titre du second tour de scrutin (7 juillet 2024)3\n=m\nPREFET\nDU  VAR\nLibert\u00e9\nEgalit\u00e9\nFraternit\u00e9\nDirection de la citoyennet\u00e9 et de la l\u00e9galit\u00e9\nBureau des \u00e9lections et de la r\u00e9glementation g\u00e9n\u00e9rale\n \nARR\u00caT\u00c9 PR\u00c9FECTORAL N\u00b0 DCL/BERG/2024/2 18 DU 5 JUILLET 2024\nportant institution de la commission d\u00e9partementale de recensement des votes\npour l'\u00e9lection des d\u00e9put\u00e9s \u00e0 l'Assembl\u00e9e nationale du 30  juin et 7 juillet 2024\n- D\u00c9SIGNATION AU TITRE DU 2ND TOUR DE SCRUTIN (7 JUILLET 2024) -\nLe pr\u00e9fet du Var,\nVu le code \u00e9lectoral et notamment ses articles L. 175 et R. 107  ;  \n \nVu le d\u00e9cret n\u00b02024-527 du 9 juin 2024 portant convocation des \u00e9lecteurs pour l'\u00e9lection des\nd\u00e9put\u00e9s \u00e0 l'Assembl\u00e9e Nationale  ;\nVu  le  d\u00e9cret  du  Pr\u00e9sident  de  la  R\u00e9publique  du  13  juillet  2023,  portant  nomination  de\nMonsieur Philippe MAHE, pr\u00e9fet du Var  ;\nVu l'arr\u00eat\u00e9 pr\u00e9fectoral n\u00b02024/14/MCI du 12 avril 2024 portant d\u00e9l\u00e9gation de signature \u00e0\nMonsieur Lucien GIUDICELLI, secr\u00e9taire g\u00e9n\u00e9ral de la pr\u00e9fecture du Var  ;\nVu l'ordonnance du 21 juin 2024 d u premier pr\u00e9sident de la cour d'appel d'Aix-en-Provence\nportant  d\u00e9signation  du  pr\u00e9sident  et  de  son  suppl\u00e9ant  (2nd tour),  de  la  commission  de\nrecensement des votes lors des \u00e9lections des d\u00e9put\u00e9s \u00e0 l'Assembl\u00e9e nationale  ;\nVu les d\u00e9signations du pr\u00e9sident du conseil d\u00e9partemental du Var  ;\nVu les d\u00e9signations du pr\u00e9fet du Var  ;\nSur proposition du secr\u00e9taire g\u00e9n\u00e9ral de la pr\u00e9fecture du Var,\nA R R \u00ca T E\nARTICLE 1 :\nPour  l'\u00e9lection  des  d\u00e9put\u00e9s  \u00e0  l'Assembl\u00e9e  nationale  du  30  juin  et  7  juillet  2024,  une\ncommission  locale  de  recensement  des  votes,  charg\u00e9e  de  proc\u00e9der  aux  travaux  de\nv\u00e9rification des op\u00e9rations de d\u00e9pouillement de l'ensemble des r\u00e9sultats des communes du\nd\u00e9partement, est institu\u00e9e \u00e0 la pr\u00e9fecture du Var \u00e0 Toulon.\n1/2\nPr\u00e9fecture du VAR - 83-2024-07-05-00001 - Arr\u00eat\u00e9 pr\u00e9fectoral N\u00b0DCL/BERG/2024/218 du 5 juillet 2024 portant institution de la\ncommission d\u00e9partementale de recensement des votes pour l'\u00e9lection des d\u00e9put\u00e9s \u00e0 l'Assembl\u00e9e nationale du 20 juin et 7 juillet 2024\n- D\u00e9signation au titre du second tour de scrutin (7 juillet 2024)4\nARTICLE 2 : \nLa commission est compos\u00e9e comme suit pour le deuxi\u00e8me tour     (7 juillet 2024)   :\nPr\u00e9sidente :\n\u2022Madame  Alexandra  MATTIOLI,  Premi\u00e8re  vice-pr\u00e9sidente  du tribunal  judiciaire  de\nDraguignan, titulaire ;\n\u2022Madame  Anne  LEZER,  P remi\u00e8re  vice-pr\u00e9sident  du tribunal  judiciaire  de  Toulon,\nsuppl\u00e9ante.\nMembre d\u00e9sign\u00e9 par le conseil d\u00e9partemental     :\n\u2022Monsieur Bruno AYCARD, Conseiller d\u00e9partemental du Var, canton de Solli\u00e8s-Pont,\nMaire de Belgentier  ;\nMembre d\u00e9sign\u00e9 par le pr\u00e9fet     :\n\u2022Monsieur Thibaut DARGON, Directeur de la citoyennet\u00e9 et de la l\u00e9galit\u00e9, pr\u00e9fecture du\nVar, titulaire ;\n\u2022Monsieur Thibaud RIVIECCIO, Chef du bureau des \u00e9lections et le la r\u00e9glementation\ng\u00e9n\u00e9rale, pr\u00e9fecture du Var, suppl\u00e9ant  ;\nARTICLE 3 :\nLa commission se r\u00e9unira \u00e0 la Pr\u00e9fecture du Var, salle Georges Clemenceau, le 7 juillet 2024 \u00e0\ncompter de 22h heures et jusqu'\u00e0 l'ach\u00e8vement des travaux.\nLes  travaux  de  la  commission  ne  sont  pas  publics  mais  un  repr\u00e9sentant  de  chacun  des\ncandidats,  r\u00e9guli\u00e8rement  mandat\u00e9,  pourra  assister  aux  op\u00e9rations  de  la  commission  et\ndemander, \u00e9ventuellement, l'inscription au proc\u00e8s-verbal de ses r\u00e9clamations.\nARTICLE 4 :\nLe secr\u00e9taire g\u00e9n\u00e9ral de la pr\u00e9fecture du Var et la pr\u00e9sidente de la commission locale de\nrecensement sont charg\u00e9s, chacun en ce qui le concerne, de l'ex\u00e9cution du pr\u00e9sent arr\u00eat\u00e9 qui\nsera notifi\u00e9 \u00e0 chaque membre de la commission et publi\u00e9 au recueil des actes administratifs\nde la pr\u00e9fecture.\n Pour le pr\u00e9fet et par d\u00e9l\u00e9gation,\nLe secr\u00e9taire g\u00e9n\u00e9ral,\n                    \nSign\u00e9 : Lucien GIUDICELLI\nDans un d\u00e9lai de deux mois \u00e0 compter de la date de la notification ou de la publication du pr\u00e9sent arr\u00eat\u00e9 au recueil des actes administratifs de la pr\u00e9fecture, les recours suivants peuvent \u00eatre introduits conform\u00e9ment aux dispositions des articles R. 421-1 et suivants du code de justice administrative  :- un recours gracieux, adress\u00e9 \u00e0 :Monsieur le Pr\u00e9fet du Var \u2013 Bd du 112\u00e8me r\u00e9giment d'infanterie- 83070 TOULON CEDEX- un recours hi\u00e9rarchique, adress\u00e9  au(x) ministre(s) concern\u00e9(s) ;Dans ces deux cas, le silence de l'Administration vaut rejet implicite au terme d'un d\u00e9lai de deux mois.Apr\u00e8s un recours gracieux ou hi\u00e9rarchique, le d\u00e9lai du recours contentieux ne court qu'\u00e0 compter du rejet explicite ou implicite de l'un de ces recours.- un recours contentieux, en saisissant le Tribunal Administratif de Toulon  : 5 rue Racine -BP 40510 - 83 041 TOULON CEDEX\n2/2Pr\u00e9fecture du VAR - 83-2024-07-05-00001 - Arr\u00eat\u00e9 pr\u00e9fectoral N\u00b0DCL/BERG/2024/218 du 5 juillet 2024 portant institution de la\ncommission d\u00e9partementale de recensement des votes pour l'\u00e9lection des d\u00e9put\u00e9s \u00e0 l'Assembl\u00e9e nationale du 20 juin et 7 juillet 2024\n- D\u00e9signation au titre du second tour de scrutin (7 juillet 2024)5","date":"2024-07-06","first_seen_on":"2024-07-05T22:55:38+00:00","id":"2a4b30a7e9df60c13905af2e6fad9937cf85b8c280af26395a7c984583092a9f","name":"RAA N\u00b0164 du 6 juillet 2024","pdf_creation_date":"2024-07-05T22:04:24+00:00","pdf_modification_date":null,"timezone":"Europe/Paris","url":"https://www.var.gouv.fr/contenu/telechargement/35406/235292/file/recueil-83-2024-164-recueil-des-actes-administratifs.pdf"}
