{"administration":"pref83","administration_name":"Pr\u00e9fecture du Var","content":"VAR\nRECUEIL DES ACTES\nADMINISTRATIFS SP\u00c9CIAL\n(NOMINATIFS)\nN\u00b083-2026-087\nPUBLI\u00c9 LE 10 MARS 2026\nSommaire\nSecr\u00e9tariat g\u00e9n\u00e9ral commun d\u00e9partemental / Direction du SGCD\n83-2026-02-18-00014 - Arr\u00eat\u00e9 N\u00b02026/06 fixant la nouvelle composition\ndes membres du CSA de la DDTM du Var (2 pages) Page 3\n83-2026-03-03-00005 - Arr\u00eat\u00e9 n\u00b02026/10 fixant la nouvelle\nd\u00e9signation des membres de la formation sp\u00e9cialis\u00e9e du CSA de la\nDDTM du Var (2 pages) Page 6\n2\nSecr\u00e9tariat g\u00e9n\u00e9ral commun d\u00e9partemental\n83-2026-02-18-00014\nArr\u00eat\u00e9 N\u00b02026/06 fixant la nouvelle composition\ndes membres du CSA de la DDTM du Var\nSecr\u00e9tariat g\u00e9n\u00e9ral commun d\u00e9partemental - 83-2026-02-18-00014 - Arr\u00eat\u00e9 N\u00b02026/06 fixant la nouvelle composition des membres du\nCSA de la DDTM du Var 3\nPREFETDU VARLibert\u00e9Egalit\u00e9Fraternit\u00e9\nSecr\u00e9tariat g\u00e9n\u00e9ral commun d\u00e9partemental\nARR\u00caTE N\u00b0 2026/06\nFixant  la  nouvelle  composition  des  membres  du  comit\u00e9  social  d'administration  (CSA)  de  la \nDirection D\u00e9partementale des Territoires et de la Mer (DDTM) du Var\nLe Pr\u00e9fet du Var,\nVu le code g\u00e9n\u00e9ral de la fonction publique ;\nVu le  d\u00e9cret  n\u00b02009-1484  du  3  d\u00e9cembre  2009  relatif  aux  directions  d\u00e9partementales  \ninterminist\u00e9rielles\u00a0;\nVu le d\u00e9cret n\u00b02020-1427 du 20 novembre 2020 relatif aux comit\u00e9s sociaux d'administration  \ndans les administrations et les \u00e9tablissements publics de l'\u00c9tat\u00a0;\nVu l'arr\u00eat\u00e9 du 3 juin 2022 instituant des comit\u00e9s sociaux d'administration au sein du minist\u00e8re  \nde l'int\u00e9rieur et des outre-mer ;\nVu l'arr\u00eat\u00e9 du 6 octobre 2022 relatif aux modalit\u00e9s d'organisation du vote \u00e9lectronique par  \ninternet pour l'\u00e9lection des repr\u00e9sentants du personnel au sein des instances de repr\u00e9sentation  \ndu minist\u00e8re de l'int\u00e9rieur et des outre-mer ;\nVu l'arr\u00eat\u00e9  NOR  TFPX2234445A  du  30  novembre  2022  modifiant  l'arr\u00eat\u00e9  du  9  mars  2022  \nportant d\u00e9rogation \u00e0 l'utilisation du vote \u00e9lectronique en vue du prochain renouvellement  \ng\u00e9n\u00e9ral des instances de dialogue social dans la fonction publique de l'\u00c9tat ;\nVu le proc\u00e8s-verbal de d\u00e9pouillement et de proclamation des r\u00e9sultats du 8 d\u00e9cembre 2022;\nVu l'arr\u00eat\u00e9 pr\u00e9fectoral n\u00b0 DDTM/MPCA/2025-08 du 13 novembre 2025 fixant la composition du  \ncomit\u00e9 social d'administration de la DDTM du Var ;\nConsid\u00e9rant la perte de la qualit\u00e9 de repr\u00e9sentante titulaire au titre du Syndicat FO au CSA de  \nla DDTM du Var de Madame H\u00e9l\u00e8ne VIRGIL au motif qu'elle ne remplit plus les conditions  \nd'\u00e9ligibilit\u00e9 fix\u00e9es \u00e0 l'article R.211-19 du code de la fonction publique, suite \u00e0 son d\u00e9part \u00e0 la  \nretraite en date du 5 d\u00e9cembre 2025 ; \nConsid\u00e9rant  la  n\u00e9cessit\u00e9  de  remplacer  Madame  H\u00e9l\u00e8ne  VIRGIL  au  CSA  de  la  DDTM  en  \napplication de l'article R.252-26\u00a0;\nSur proposition du directeur d\u00e9partemental des territoires et de la mer du Var\u00a0;\nSecr\u00e9tariat g\u00e9n\u00e9ral commun d\u00e9partemental - 83-2026-02-18-00014 - Arr\u00eat\u00e9 N\u00b02026/06 fixant la nouvelle composition des membres du\nCSA de la DDTM du Var 4\nARR\u00caTE\nArticle  1er\n:  L'arr\u00eat\u00e9  pr\u00e9fectoral  n\u00b0  DDTM/MPCA/2025-08  du  13  novembre  2025  fixant  la  \ncomposition du comit\u00e9 social d'administration de la DDTM du Var est abrog\u00e9 ;\nArticle 2: La nouvelle composition de la formation sp\u00e9cialis\u00e9e est \u00e9tablie comme suit\u00a0: \nMembres titulaires Membres suppl\u00e9ants\nAu titre de FO\nBORGHINI Estelle CUVELIER Karine\nSTEPHANOPOLI Jean-No\u00ebl PERRAS Fabrice\nAu titre de UFSE-CGT Solidaires\nGALLETTI Armelle CLAVERIE Isabelle\nGRASSELLI Patrick DRUMEAUX C\u00e9dric\nAu titre de l'UNSA\nNECAS B\u00e9atrice MILIANI Annick\nAu titre de la CFDT\nLUCAS Maryline LE BRUN J\u00e9r\u00f4me\nArticle 3 : Le pr\u00e9sent arr\u00eat\u00e9 sera notifi\u00e9 aux membres du CSA de la DDTM du Var.\nArticle 4 : Le directeur de la DDTM du Var est charg\u00e9 de l'ex\u00e9cution du pr\u00e9sent arr\u00eat\u00e9.\nArticle 5 : En vertu des articles R 421-1 \u00e0 R 421-5 du code de justice administrative, le pr\u00e9sent  \nacte peut faire l'objet d'un recours pour exc\u00e8s de pouvoir devant le tribunal administratif de  \nToulon \u2014 5 rue Racine - CS 40510 - 83041 Toulon Cedex 9 - dans un d\u00e9lai de deux mois \u00e0  \ncompter  de  sa  notification.  Le  tribunal  administratif  peut  \u00eatre  saisi  par  l'application  \ninformatique \"T\u00e9l\u00e9recours citoyens\" accessible par le site internet www.telerecours.fr.\n Fait \u00e0 Toulon, le 18 f\u00e9vrier 2026\n\u00a0\u00a0\u00a0\u00a0\u00a0\u00a0\u00a0\u00a0\u00a0\u00a0\u00a0\u00a0\u00a0\u00a0\u00a0\u00a0\u00a0\u00a0\u00a0\u00a0\u00a0\u00a0\u00a0\u00a0\u00a0\u00a0\u00a0\u00a0\u00a0\u00a0\u00a0Le\u00a0Directeur\u00a0D\u00e9partemental\n\u00a0\u00a0\u00a0\u00a0\u00a0\u00a0\u00a0\u00a0\u00a0\u00a0\u00a0\u00a0\u00a0\u00a0\u00a0\u00a0\u00a0\u00a0\u00a0\u00a0\u00a0\u00a0\u00a0\u00a0\u00a0\u00a0\u00a0\u00a0\u00a0\u00a0\u00a0\u00a0des\u00a0Territoires\u00a0et\u00a0de\u00a0la\u00a0Mer\n\u00a0\u00a0\u00a0\u00a0\u00a0\u00a0\u00a0\u00a0\u00a0\u00a0\u00a0\u00a0\u00a0\u00a0\u00a0\u00a0\u00a0\u00a0\u00a0\u00a0\u00a0\u00a0\u00a0\u00a0\u00a0\u00a0\u00a0\u00a0\u00a0\u00a0\u00a0\u00a0\u00a0\u00a0\u00a0\u00a0\u00a0\u00a0\u00a0\u00a0\u00a0\u00a0\u00a0\u00a0\u00a0\u00a0\u00a0\u00a0sign\u00e9\n\u00a0\u00a0\u00a0\u00a0\u00a0\u00a0\u00a0\u00a0\u00a0\u00a0\u00a0\u00a0\u00a0\u00a0\u00a0\u00a0\u00a0\u00a0\u00a0\u00a0\u00a0\u00a0\u00a0\u00a0\u00a0\u00a0\u00a0\u00a0\u00a0\u00a0\u00a0\u00a0\u00a0\u00a0\u00a0\u00a0\u00a0\u00a0\u00a0\u00a0\u00a0Laurent\u00a0BOULET\nSecr\u00e9tariat g\u00e9n\u00e9ral commun d\u00e9partemental - 83-2026-02-18-00014 - Arr\u00eat\u00e9 N\u00b02026/06 fixant la nouvelle composition des membres du\nCSA de la DDTM du Var 5\nSecr\u00e9tariat g\u00e9n\u00e9ral commun d\u00e9partemental\n83-2026-03-03-00005\nArr\u00eat\u00e9 n\u00b02026/10 fixant la nouvelle d\u00e9signation\ndes membres de la formation sp\u00e9cialis\u00e9e du CSA\nde la DDTM du Var\nSecr\u00e9tariat g\u00e9n\u00e9ral commun d\u00e9partemental - 83-2026-03-03-00005 - Arr\u00eat\u00e9 n\u00b02026/10 fixant la nouvelle d\u00e9signation des membres de\nla formation sp\u00e9cialis\u00e9e du CSA de la DDTM du Var 6\nPREFETDU VARLibert\u00e9Egalit\u00e9Fraternit\u00e9\nSecr\u00e9tariat g\u00e9n\u00e9ral commun d\u00e9partemental\nARR\u00caTE N\u00b0 2026/10\nFixant  la  nouvelle  d\u00e9signation  des  membres  de  la  formation  sp\u00e9cialis\u00e9e  (FS)  du  comit\u00e9  social  \nd'administration (CSA) de la Direction D\u00e9partementale des Territoires et de la Mer (DDTM) du Var\nLe Pr\u00e9fet du Var,\nVu le code g\u00e9n\u00e9ral de la fonction publique ;\nVu le  d\u00e9cret  n\u00b02009-1484  du  3  d\u00e9cembre  2009  relatif  aux  directions  d\u00e9partementales  \ninterminist\u00e9rielles\u00a0;\nVu le d\u00e9cret n\u00b02020-1427 du 20 novembre 2020 relatif aux comit\u00e9s sociaux d'administration dans les \nadministrations et les \u00e9tablissements publics de l'\u00c9tat\u00a0;\nVu l'arr\u00eat\u00e9 du 3 juin 2022 instituant des comit\u00e9s sociaux d'administration au sein du minist\u00e8re de  \nl'int\u00e9rieur et des outre-mer ;\nVu l'arr\u00eat\u00e9 du 6 octobre 2022 relatif aux modalit\u00e9s d'organisation du vote \u00e9lectronique par internet  \npour l'\u00e9lection des repr\u00e9sentants du personnel au sein des instances de repr\u00e9sentation du minist\u00e8re  \nde l'int\u00e9rieur et des outre-mer ;\nVu l'arr\u00eat\u00e9 NOR TFPX2234445A du 30 novembre 2022 modifiant l'arr\u00eat\u00e9 du 9 mars 2022 portant  \nd\u00e9rogation \u00e0 l'utilisation du vote \u00e9lectronique en vue du prochain renouvellement g\u00e9n\u00e9ral des  \ninstances de dialogue social dans la fonction publique de l'\u00c9tat ;\nVu le proc\u00e8s-verbal de d\u00e9pouillement et de proclamation des r\u00e9sultats du 8 d\u00e9cembre 2022;\nVu l'arr\u00eat\u00e9 pr\u00e9fectoral n\u00b0 2026/07 du 02 f\u00e9vrier 2026 fixant la nouvelle d\u00e9signation des membres de  \nla  formation  sp\u00e9cialis\u00e9e  (FS)  du  comit\u00e9  social  d'administration  (CSA)  de  la  Direction  \nD\u00e9partementale des Territoires et de la Mer (DDTM) du Var\u00a0;\nConsid\u00e9rant le courriel du 4 f\u00e9vrier 2026 du syndicat CFDT d\u00e9signant Madame Maryline LUCAS en  \nqualit\u00e9 de membre titulaire de la FS de la DDTM du Var et Monsieur J\u00e9r\u00f4me LE BRUN en qualit\u00e9 de  \nmembre suppl\u00e9ant de la FS de la DDTM du Var\u00a0;\nSur proposition du directeur d\u00e9partemental des territoires et de la mer du Var\u00a0;\nSecr\u00e9tariat g\u00e9n\u00e9ral commun d\u00e9partemental - 83-2026-03-03-00005 - Arr\u00eat\u00e9 n\u00b02026/10 fixant la nouvelle d\u00e9signation des membres de\nla formation sp\u00e9cialis\u00e9e du CSA de la DDTM du Var 7\nARR\u00caTE\nArticle 1 er\n: L'arr\u00eat\u00e9 pr\u00e9fectoral n\u00b0 2026/07 du 02 f\u00e9vrier 2026 fixant la nouvelle d\u00e9signation des  \nmembres de la formation sp\u00e9cialis\u00e9e (FS) du comit\u00e9 social d'administration (CSA) de la Direction  \nD\u00e9partementale des Territoires et de la Mer (DDTM) du Var est abrog\u00e9 ;\nArticle 2: La nouvelle composition de la formation sp\u00e9cialis\u00e9e est \u00e9tablie comme suit\u00a0: \nMembres titulaires Membres suppl\u00e9ants\nAu titre de FO\nTUREK Laurent STEPHANOPOLI Jean-No\u00ebl\nBORGHINI Estelle DELEGLISE Sandrine\nAu titre de UFSE-CGT Solidaires\nGRASSELLI Patrick ARTAL Nicolas\nALBERT Yo\u00ebl GERY Nicolas\nAu titre de l'UNSA\nNECAS B\u00e9atrice MILIANI Annick\nAu titre de la CFDT\nLUCAS Maryline LE BRUN J\u00e9r\u00f4me\nArticle 3 : Le pr\u00e9sent arr\u00eat\u00e9 sera notifi\u00e9 aux membres de la formation sp\u00e9cialis\u00e9e du CSA de la  \nDDTM du Var.\nArticle 4 : Le directeur de la DDTM du Var est charg\u00e9 de l'ex\u00e9cution du pr\u00e9sent arr\u00eat\u00e9.\nArticle 5 : En vertu des articles R 421-1 \u00e0 R 421-5 du code de justice administrative, le pr\u00e9sent acte  \npeut faire l'objet d'un recours pour exc\u00e8s de pouvoir devant le tribunal administratif de Toulon \u2014 5  \nrue Racine - CS 40510 - 83041 Toulon Cedex 9 - dans un d\u00e9lai de deux mois \u00e0 compter de sa  \nnotification. Le tribunal administratif peut \u00eatre saisi par l'application informatique \"T\u00e9l\u00e9recours  \ncitoyens\" accessible par le site internet www.telerecours.fr.\n Fait \u00e0 Toulon, le 3 mars 2026\n\u00a0\u00a0\u00a0\u00a0\u00a0\u00a0\u00a0\u00a0\u00a0\u00a0\u00a0\u00a0\u00a0\u00a0\u00a0\u00a0\u00a0\u00a0\u00a0\u00a0\u00a0\u00a0\u00a0\u00a0\u00a0\u00a0\u00a0\u00a0\u00a0\u00a0\u00a0Le\u00a0Directeur\u00a0D\u00e9partemental\n\u00a0\u00a0\u00a0\u00a0\u00a0\u00a0\u00a0\u00a0\u00a0\u00a0\u00a0\u00a0\u00a0\u00a0\u00a0\u00a0\u00a0\u00a0\u00a0\u00a0\u00a0\u00a0\u00a0\u00a0\u00a0\u00a0\u00a0\u00a0\u00a0\u00a0\u00a0\u00a0des\u00a0Territoires\u00a0et\u00a0de\u00a0la\u00a0Mer\n\u00a0\u00a0\u00a0\u00a0\u00a0\u00a0\u00a0\u00a0\u00a0\u00a0\u00a0\u00a0\u00a0\u00a0\u00a0\u00a0\u00a0\u00a0\u00a0\u00a0\u00a0\u00a0\u00a0\u00a0\u00a0\u00a0\u00a0\u00a0\u00a0\u00a0\u00a0\u00a0\u00a0\u00a0\u00a0\u00a0\u00a0\u00a0\u00a0\u00a0\u00a0\u00a0\u00a0\u00a0\u00a0\u00a0\u00a0\u00a0sign\u00e9\n\u00a0\u00a0\u00a0\u00a0\u00a0\u00a0\u00a0\u00a0\u00a0\u00a0\u00a0\u00a0\u00a0\u00a0\u00a0\u00a0\u00a0\u00a0\u00a0\u00a0\u00a0\u00a0\u00a0\u00a0\u00a0\u00a0\u00a0\u00a0\u00a0\u00a0\u00a0\u00a0\u00a0\u00a0\u00a0\u00a0\u00a0\u00a0\u00a0\u00a0\u00a0Laurent\u00a0BOULET\nSecr\u00e9tariat g\u00e9n\u00e9ral commun d\u00e9partemental - 83-2026-03-03-00005 - Arr\u00eat\u00e9 n\u00b02026/10 fixant la nouvelle d\u00e9signation des membres de\nla formation sp\u00e9cialis\u00e9e du CSA de la DDTM du Var 8","date":"2026-03-10","first_seen_on":"2026-03-10T18:05:54+00:00","id":"2ade77c5b0ad9b461870d5c12870dd51dd005dda8e00f3a42170ef14e8ad79d5","name":"RAA N\u00b087 du 10 mars 2026","pdf_creation_date":"2026-03-10T15:51:40+00:00","pdf_modification_date":null,"timezone":"Europe/Paris","url":"https://www.var.gouv.fr/contenu/telechargement/45414/296045/file/RAA%20N%C2%B087%20du%2010%20mars%202026%20NOMINATIF.pdf"}
