{"administration":"pref50","administration_name":"Pr\u00e9fecture de la Manche","content":"MANCHE\nRECUEIL DES ACTES\nADMINISTRATIFS SP\u00c9CIAL\nN\u00b050-2026-051\nPUBLI\u00c9 LE  9 MARS 2026\nSommaire\nDirection d\u00e9partementale des territoires et de la mer /\n50-2026-03-09-00002 - Arr\u00eat\u00e9 n\u00b0 2026-042 du 9 mars 2026 portant\nnomination et d\u00e9signation des repr\u00e9sentants de l'administration et du\npersonnel du CLAS de la DDTM de la Manche (2 pages) Page 3\nPr\u00e9fecture de la Manche /\n50-2026-03-09-00001 - Arr\u00eat\u00e9 modificatif communes assistance\ntechnique pour 2025 (1 page) Page 6\n2\nDirection d\u00e9partementale des territoires et de la\nmer\n50-2026-03-09-00002\nArr\u00eat\u00e9 n\u00b0 2026-042 du 9 mars 2026 portant\nnomination et d\u00e9signation des repr\u00e9sentants de\nl'administration et du personnel du CLAS de la\nDDTM de la Manche\nDirection d\u00e9partementale des territoires et de la mer - 50-2026-03-09-00002 - Arr\u00eat\u00e9 n\u00b0 2026-042 du 9 mars 2026 portant nomination\net d\u00e9signation des repr\u00e9sentants de l'administration et du personnel du CLAS de la DDTM de la Manche 3\nPREFETDE LA MANCHELibert\u00e9\u00c9galit\u00e9Fraternit\u00e9\nArr\u00eat\u00e9 n\u00b0 2026-042 \nportant nomination et d\u00e9signation des repr\u00e9sentants de l 'administration\net du personnel du CLAS de la DDTM de la Manche\nLe directeur d\u00e9partemental des territoires et de la mer,\nVu\u00a0le\u00a0code\u00a0g\u00e9n\u00e9ral\u00a0de\u00a0la\u00a0fonction\u00a0publique,\u00a0notamment\u00a0ses\u00a0articles\u00a0L.\u00a0731-1\u00a0et\u00a0suivants\u00a0;\nVu\u00a0\u00a0le\u00a0d\u00e9cret\u00a0n\u00b02006-21\u00a0du\u00a06\u00a0janvier\u00a02006\u00a0relatif\u00a0\u00e0\u00a0l'action\u00a0sociale\u00a0au\u00a0b\u00e9n\u00e9fice\u00a0des\u00a0personnels\u00a0de\u00a0\nl'Etat\u00a0\u00a0;\nVu\u00a0l'arr\u00eat\u00e9\u00a0du\u00a09\u00a0octobre\u00a02014\u00a0modifi\u00e9\u00a0relatif\u00a0au\u00a0comit\u00e9\u00a0central\u00a0d'action\u00a0sociale,\u00a0aux\u00a0commis-\nsions\u00a0r\u00e9gionales\u00a0de\u00a0concertation\u00a0de\u00a0l'action\u00a0sociale\u00a0et\u00a0aux\u00a0comit\u00e9s\u00a0locaux\u00a0d'action\u00a0sociale,\u00a0au\u00a0\nminist\u00e8re\u00a0de\u00a0la\u00a0transition\u00a0\u00e9cologique\u00a0et\u00a0de\u00a0la\u00a0coh\u00e9sion\u00a0des\u00a0territoires\u00a0(MTECT)\u00a0et\u00a0au\u00a0minist\u00e8re\u00a0\nde\u00a0la\u00a0transition\u00a0\u00e9nerg\u00e9tique\u00a0(MTE)\u00a0;\nVu l'arr\u00eat\u00e9-cadre\u00a0du\u00a030\u00a0juin\u00a02022\u00a0relatif\u00a0aux\u00a0comit\u00e9s\u00a0sociaux\u00a0d'administration\u00a0et\u00a0aux\u00a0formations\u00a0\nsp\u00e9cialis\u00e9es \u00a0 au \u00a0 sein \u00a0 du \u00a0 minist\u00e8re\u00a0 charg\u00e9 \u00a0 de \u00a0 la \u00a0 transition \u00a0 \u00e9cologique \u00a0 et \u00a0 de \u00a0 la \u00a0 coh\u00e9sion \u00a0 des\u00a0\nterritoires\u00a0et\u00a0du\u00a0minist\u00e8re\u00a0charg\u00e9\u00a0de\u00a0la\u00a0transition\u00a0\u00e9nerg\u00e9tique\u00a0;\nVu le \u00a0 proc\u00e8s-verbal\u00a0 des \u00a0 op\u00e9rations \u00a0 \u00e9lectorales \u00a0 r\u00e9alis\u00e9es \u00a0 du \u00a0 1er \u00a0 au \u00a0 8 \u00a0 d\u00e9cembre \u00a0 2022 \u00a0 et \u00a0 la\u00a0\npublication\u00a0en\u00a0ligne\u00a0des\u00a0r\u00e9sultats\u00a0\u00e9lectoraux\u00a0pour\u00a0les\u00a0comit\u00e9s\u00a0sociaux\u00a0d'administration\u00a0au\u00a0sein\u00a0\ndes\u00a0services\u00a0du\u00a0minist\u00e8re\u00a0de\u00a0la\u00a0transition\u00a0\u00e9cologique\u00a0et\u00a0de\u00a0la\u00a0coh\u00e9sion\u00a0des\u00a0territoires\u00a0et\u00a0du\u00a0\nminist\u00e8re\u00a0de\u00a0la\u00a0transition\u00a0\u00e9nerg\u00e9tique\u00a0et\u00a0de\u00a0certains\u00a0services\u00a0du\u00a0Secr\u00e9tariat\u00a0d'Etat\u00a0\u00e0\u00a0la\u00a0mer\u00a0;\nVu les\u00a0d\u00e9signations\u00a0de\u00a0leurs\u00a0repr\u00e9sentants\u00a0titulaires\u00a0et\u00a0suppl\u00e9ants\u00a0par\u00a0chaque\u00a0organisation\u00a0syn-\ndicale\u00a0au\u00a0sein\u00a0du\u00a0CLAS\u00a0;\nVu l'arr\u00eat\u00e9\u00a0n\u00b0\u00a02024-178\u00a0du\u00a030\u00a0septembre\u00a02024\u00a0portant \u00a0portant\u00a0nomination\u00a0et\u00a0d\u00e9signation\u00a0des\u00a0\nrepr\u00e9sentants\u00a0de\u00a0l\u00a0'administration\u00a0et\u00a0du\u00a0personnel\u00a0du\u00a0CLAS\u00a0de\u00a0la\u00a0DDTM\u00a0de\u00a0la\u00a0Manche\u00a0;\nVU\u00a0l'arr\u00eat\u00e9\u00a0du\u00a0Premier\u00a0ministre\u00a0et\u00a0du\u00a0ministre\u00a0de\u00a0l'int\u00e9rieur\u00a0du\u00a05\u00a0juin\u00a02025\u00a0portant\u00a0nomination\u00a0\nde \u00a0 M. \u00a0 S\u00e9bastien \u00a0 ROYER, \u00a0 administrateur\u00a0 en \u00a0 chef \u00a0 de \u00a0 2\u00e8me \u00a0 classe \u00a0 des \u00a0 affaires\u00a0 maritimes, \u00a0 en\u00a0\nqualit\u00e9\u00a0de\u00a0directeur\u00a0d\u00e9partemental\u00a0adjoint,\u00a0d\u00e9l\u00e9gu\u00e9\u00a0\u00e0\u00a0la\u00a0mer\u00a0et\u00a0au\u00a0littoral,\u00a0de\u00a0la\u00a0Manche\u00a0;\nA R R \u00ca T E\nArticle 1\u00a0:\u00a0Sont\u00a0nomm\u00e9s\u00a0au\u00a0Comit\u00e9\u00a0Local\u00a0d'Action\u00a0Sociale\u00a0(CLAS)\u00a0de\u00a0la\u00a0DDTM\u00a0de\u00a0la\u00a0Manche,\u00a0\na)-\u00a0en\u00a0qualit\u00e9\u00a0de\u00a0repr\u00e9sentants\u00a0du\u00a0personnel,\u00a0les\u00a0membres\u00a0titulaires\u00a0et\u00a0suppl\u00e9ants\u00a0d\u00e9sign\u00e9s\u00a0par\u00a0\nles\u00a0organisations\u00a0syndicales\u00a0Force\u00a0Ouvri\u00e8re\u00a0et\u00a0Solidaires\u00a0Fonction\u00a0Publique\u00a0\u2013\u00a0FSU\u00a0:\nDirection\u00a0d\u00e9partementale\u00a0des\u00a0territoires\u00a0et\u00a0de\u00a0la\u00a0mer\n477\u00a0Boulevard\u00a0de\u00a0la\u00a0Doll\u00e9e\u00a0\u2013\u00a0BP\u00a060355\u00a0\u2013\u00a050015\u00a0Saint-L\u00f4\u00a0Cedex\u00a0\u2013\u00a0T\u00e9l\u00a0:\u00a002\u00a033\u00a006\u00a039\u00a000\u00a0\u2013\u00a0Fax\u00a0:\u00a002\u00a033\u00a006\u00a039\u00a009\nSite\u00a0internet\u00a0:\u00a0www.manche.gouv.fr\u00a0\u2013\u00a0Horaires\u00a0d'ouverture\u00a0au\u00a0public\u00a0:\u00a009h00-12h00\u00a0/\u00a013h30-16h30\nDirection d\u00e9partementale des territoires et de la mer - 50-2026-03-09-00002 - Arr\u00eat\u00e9 n\u00b0 2026-042 du 9 mars 2026 portant nomination\net d\u00e9signation des repr\u00e9sentants de l'administration et du personnel du CLAS de la DDTM de la Manche 4\nAu titre du Syndicat Force Ouvri\u00e8re\nMembres titulaires Membres suppl\u00e9ants\nM.\u00a0JOL Y\u00a0Rapha\u00ebl Mme\u00a0GUESNON\u00a0Isabelle\nMme\u00a0LECONTE\u00a0Marianne Mme\u00a0LE\u00a0BOUTEILLER\u00a0\u00a0Chlo\u00e9\nMme\u00a0MONIER\u00a0Marie-Catherine Mme\u00a0PALL Y\u00a0Isabelle\nMme\u00a0PIOCHE\u00a0\u00a0Adeline M.\u00a0ROBIN\u00a0Patrice\nAu titre du Syndicat  Solidaires Fonction Publique - FSU\nMembres titulaires Membres suppl\u00e9ants\nM.\u00a0DUVAL\u00a0Yannick Mme\u00a0BABIN\u00a0St\u00e9phanie\nMme\u00a0CARIOU\u00a0St\u00e9phanie M.\u00a0MONTREUIL\u00a0C\u00e9dric\nb)-\u00a0en\u00a0qualit\u00e9\u00a0de\u00a0repr\u00e9sentant\u00a0d'association\u00a0reconnue\u00a0comme\u00a0\u0153uvrant\u00a0pour\u00a0l'action\u00a0sociale\u00a0mi-\nnist\u00e9rielle\u00a0au\u00a0niveau\u00a0local\u00a0:\nAu titre de l'ASCE 50\nMembre titulaire Membre suppl\u00e9ant\nMme\u00a0BALNY\u00a0Chantal M.\u00a0EUDES\u00a0G\u00e9rald\nc)-\u00a0en\u00a0qualit\u00e9\u00a0de\u00a0repr\u00e9sentant\u00a0de\u00a0l'administration\u00a0\u00a0:\nMembres titulaires Membre(s) suppl\u00e9ant(s)\nM.\u00a0BARRON\u00a0\u00a0Guillaume M.\u00a0MARTIN\u00a0Pierre-Arnaud\nM.\u00a0ROYER\u00a0S\u00e9bastien\nd)-\u00a0en\u00a0qualit\u00e9\u00a0de\u00a0professionnel\u00a0repr\u00e9sentant\u00a0du\u00a0service\u00a0social\u00a0:\u00a0\nMembre titulaire Membre suppl\u00e9ant\nMme\u00a0DEBIEU\u00a0Sophie\nAssistante\u00a0de\u00a0service\u00a0social\u00a0\u00a0\nMme\u00a0Vanina\u00a0HUGUET\u00a0\u00a0\nConseill\u00e8re\u00a0Technique\u00a0de\u00a0service\u00a0\nsocial\nArticle 2\u00a0:\u00a0Le\u00a0pr\u00e9sent\u00a0arr\u00eat\u00e9\u00a0annule\u00a0et\u00a0remplace\u00a0l'arr\u00eat\u00e9\u00a0n\u00b0\u00a02024-178\u00a0du\u00a030\u00a0septembre\u00a02025.\nArticle 3\u00a0:\u00a0Le\u00a0directeur\u00a0d\u00e9partemental\u00a0des\u00a0territoires\u00a0et\u00a0de\u00a0la\u00a0mer\u00a0est\u00a0charg\u00e9\u00a0de\u00a0l'ex\u00e9cution\u00a0du\u00a0\npr\u00e9sent\u00a0arr\u00eat\u00e9\u00a0qui\u00a0sera\u00a0publi\u00e9\u00a0au\u00a0RAA\u00a0de\u00a0la\u00a0Pr\u00e9fecture\u00a0de\u00a0la\u00a0Manche\n\u00c0 Saint-L\u00f4, le 9 mars 2026\nLe directeur d\u00e9partemental des territoires \net de la mer\nSign\u00e9\nGuillaume BARRON\n2/2\nDirection d\u00e9partementale des territoires et de la mer - 50-2026-03-09-00002 - Arr\u00eat\u00e9 n\u00b0 2026-042 du 9 mars 2026 portant nomination\net d\u00e9signation des repr\u00e9sentants de l'administration et du personnel du CLAS de la DDTM de la Manche 5\nPr\u00e9fecture de la Manche\n50-2026-03-09-00001\nArr\u00eat\u00e9 modificatif communes assistance\ntechnique pour 2025\nPr\u00e9fecture de la Manche - 50-2026-03-09-00001 - Arr\u00eat\u00e9 modificatif communes assistance technique pour 2025 6\nSecr\u00e9tariat g\u00e9n\u00e9ral\nDirection des collectivit\u00e9s, de la citoyennet\u00e9 et de la l\u00e9galit\u00e9\nBureau des finances locales\nAffaire suivie par pref-finances-locales@manche.gouv.fr\nN\u00b0 2026-32-MF\nArr\u00eat\u00e9 Modificatif \nfixant la liste des communes qui peuvent b\u00e9n\u00e9ficier\nde l'assistance technique mise \u00e0 disposition par le d\u00e9partement\nau sens de l'article R.3232-1 du CGCT\nen 2025\nLe pr\u00e9fet de la Manche,\nChevalier de l'Ordre National du M\u00e9rite \nVU l'arr\u00eat\u00e9 fixant la liste des communes qui peuvent b \u00e9n\u00e9ficier de l'assistance technique\nmise \u00e0 disposition par le d\u00e9partement au sens de l'article R.3232-1 du CGCT en 2025\nA R R \u00ca T E\nArticle 1  er   :  L'annexe de l'arr\u00eat\u00e9 n\u00b0 2025-216-MF du 4 septembre 2025 fixant la liste des\ncommunes  qui  peuvent  b\u00e9n\u00e9ficier  de  l'assistance  technique  mise  \u00e0 disposition  par  le\nd\u00e9partement au sens de l'article R.3232-1 du CGCT en 2025 est modifi\u00e9e (liste jointe).\nArticle  2  : Conform\u00e9ment  aux  dispositions  de  l'article  R  421-5  du  code  de  justice\nadministrative, la pr\u00e9sente d\u00e9cision peut faire l'o bjet d'un recours contentieux devant le\ntribunal administratif de Caen dans le d\u00e9lai de 2 mois courant \u00e0 compter de la notification\nde celle-ci.\nArticle 3\n : Le secr\u00e9taire g\u00e9n\u00e9ral de la pr\u00e9fecture est charg\u00e9 de l'ex\u00e9cution du pr\u00e9sent arr\u00eat\u00e9\nqui sera publi\u00e9 au recueil des actes administratifs.\nSaint-L\u00f4 le 9 mars 2026\nPour le pr\u00e9fet, \nLe secr\u00e9taire g\u00e9n\u00e9ral\nPhilippe BRUGNOT\nPr\u00e9fecture de la Manche \u2013 BP 70522 \u2013 50002 SAINT-L\u00d4 \u2013 T\u00e9l. : 02.33.75.49.50 \u2013 M\u00e9l. : prefecture@manche.gouv.fr\nAccueil du public les lundi, mardi, jeudi et vendredi : \n- point accueil num\u00e9rique de 8h30 \u00e0 12h uniquement sur rendez-vous\nAccueil g\u00e9n\u00e9ral ouvert du lundi au vendredi de 8h30 \u00e0 12h et de 13h30 \u00e0 16h30\nPr\u00e9fecture de la Manche - 50-2026-03-09-00001 - Arr\u00eat\u00e9 modificatif communes assistance technique pour 2025 7","date":"2026-03-09","first_seen_on":"2026-03-09T15:28:54+00:00","id":"2b0284d08c6b5776f1f53a198dcc1438b49532508e7078fdb0fff098357ef1d5","name":"RAA sp\u00e9cial-50-2026-051 PDF - 0,50 Mb - 09/03/2026","pdf_creation_date":"2026-03-09T14:44:47+00:00","pdf_modification_date":null,"timezone":"Europe/Paris","url":"https://www.manche.gouv.fr/contenu/telechargement/69249/530691/file/RAA%20sp%C3%A9cial-50-2026-051.pdf"}
