{"administration":"pref72","administration_name":"Pr\u00e9fecture de la Sarthe","content":"SARTHE\nRECUEIL DES ACTES\nADMINISTRATIFS\nN\u00b0122 DU 21 08 2024 \nPUBLI\u00c9 LE 21 AO\u00dbT 2024\nSommaire\nDSDEN / Division des Finances et des Affaires G\u00e9n\u00e9rales\n72-2024-07-10-00003 - Arrete_Carte_Scolaire_R2024_10_07_2024 (2 pages) Page 3\n2\nDSDEN\n72-2024-07-10-00003\nArrete_Carte_Scolaire_R2024_10_07_2024\nDSDEN - 72-2024-07-10-00003 - Arrete_Carte_Scolaire_R2024_10_07_2024 3\nACADEMIEDE NANTESL'ibert\u00e9Egalit\u00e9Fraternit\u00e9\nDirection des services d\u00e9partementauxde l'\u00e9ducation nationalede la Sarthe\nARR\u00caT\u00c9 DU 10 JUILLET 2024 RELATIF A LA PR\u00c9PARATION DE LA RENTR\u00c9E 2024L'Inspectrice d'Acad\u00e9mie, Directrice Acad\u00e9mique des Services de l'\u00c9ducation NationaleVu le d\u00e9cret du 11 juillet 1979 portant d\u00e9l\u00e9gation de pouvoirsVu l'avis du Comit\u00e9 Social d'Administration Sp\u00e9cial D\u00e9partemental du 15 f\u00e9vrier et 9 juillet 2024Vu l'avis du Conseil D\u00e9partemental de l'\u00c9ducation Nationale du 19 f\u00e9vrier 2024ARR\u00caTEA) ENSEIGNEMENT PR\u00c9\u00c9L\u00c9MENTAIRE ET \u00c9L\u00c9MENTAIREARTICLE 1 - Est prononc\u00e9 dans le d\u00e9partement de la Sarthe, \u00e0 compter de la rentr\u00e9e scolaire 2024,l'ajout d'un poste dans les \u00e9coles suivantes :0720613A | \u00c9cole maternelle publique ADRIENNE BOLLAND LE MANS0720610x | \u00c9cole maternelle publique DOCTEUR CALMETTE LE MANS0720614B | \u00c9cole maternelle publique JULES FERRY LE MANS0720291A | \u00c9cole maternelle d'application | PAULINE KERGOMARD LE MANS0721368W | \u00c9cole primaire publique CLAUDE CHAPPE BRULON0721075C | \u00c9cole primaire publique CONLIE0720398S | \u00c9cole primaire publique FILL\u00c9 SUR SARTHE0720206H | \u00c9cole primaire publique FELIX LEMAIRE MARIGN\u00c9 LAILL\u00c90721200N | \u00c9cole primaire publique GAI LEVANT SABL\u00c9 SUR SARTHE0721073A | \u00c9cole \u00e9l\u00e9mentaire publique DE L'EPAU CHANG\u00c90720277K | \u00c9cole \u00e9l\u00e9mentaire publique JEAN DE LA FONTAINE PARIGN\u00c9 L'\u00c9V\u00caQUEARTICLE 2 - Est prononc\u00e9 dans le d\u00e9partement de la Sarthe, \u00e0 compter de la rentr\u00e9e scolaire 2024, leretrait d'un poste dans les \u00e9coles suivantes :0720505H | \u00c9cole maternelle publique GERARD PHILIPE ARNAGE0720395N | \u00c9cole maternelle publique PAUL KLEE LA FERTE BERNARD0720615C | \u00c9cole maternelle publique HAUREAU LE MANS0720607U | \u00c9cole maternelle publique MARYSE BASTIE LE MANS0720479E | Ecole maternelle publique | VICTOR HUGO MAMERS0721394Z | \u00c9cole maternelle publique ROLAND DERET ST GERVAIS EN BELIN0721062N | \u00c9cole \u00e9l\u00e9mentaire publique | GROUPE SCOLAIRE LYAUTEY | ALLONNES0720887Y | \u00c9cole \u00e9l\u00e9mentaire publique | JULES FERRY ALLONNES0721249S | \u00c9cole \u00e9l\u00e9mentaire publique | CAMILLE SOUCHU CERANS FOULLETOURTE0720154B | \u00c9cole \u00e9l\u00e9mentaire publique | RAYMOND DRONNE ECOMMOY0720999V | \u00c9cole \u00e9l\u00e9mentaire publique | CLAIREFONTAINE LE MANS0720704Z | \u00c9cole \u00e9l\u00e9mentaire publique | JEAN MERMOZ LE MANS0721024X | \u00c9cole \u00e9l\u00e9mentaire publique | MARCEAU LE MANS0720730C | \u00c9cole \u00e9l\u00e9mentaire publique | MICHEL ANGE LE MANS0720719R | \u00c9cole \u00e9l\u00e9mentaire publique | PIERRE PHILIPPEAUX LE MANS0721069W | \u00c9cole \u00e9l\u00e9mentaire publique LOUE0720227F | \u00c9cole \u00e9l\u00e9mentaire publique MONCE EN BELIN\n1 \n \n \nDSDEN - 72-2024-07-10-00003 - Arrete_Carte_Scolaire_R2024_10_07_2024 4\n0720100T | Ecole \u00e9l\u00e9mentaire publique | BEAUREGARD MONTVAL SUR LOIR0721035) | Ecole primaire publique ANCINNES0720500C | Ecole primaire publique ARCONNAY0720107A | Ecole primaire publique LES P'TITS GAUDINOIS CHEMIRE LE GAUDIN0720112F \u00c9cole primaire publique CHERRE CHERRE AU0720191S \u00c9cole primaire publique MARCEL PAGNOL COURTILLERS0720145S | \u00c9cole primaire publique DE FAY FAY0720406A | \u00c9cole primaire publique GEORGES DURAND FRESNAY SUR SARTHE0721402H | \u00c9cole primaire publique LES CHATAIGNIERS LA SUZE SUR SARTHE0721027A | \u00c9cole primaire publique LA MERIZE LE BREIL SUR MERIZE0721071Y | \u00c9cole primaire publique SOULIGNE SOUS BALLON0720295E | \u00c9cole primaire publique PIERRE GANEAU ST JEAN D ASSE0720757G | \u00c9cole primaire publique E\u00cb_\u00caI\u00cb\u00ca\u00ca PERRAULT ST ST PATERNE LE CHEVAIN0720346K | \u00c9cole primaire publique JACQUES YVES COUSTEAU THORIGNE SUR DUE0720367H | \u00c9cole primaire publique CATHERINE PAYSAN VIBRAYERPIC 49 THOREE LES PINSBEAUMONT PIED DERPID 8 B\u0152UF/JUPILLESCOULANS SUR GEE/BRAINSRPID 44 SUR GEERPID 45 MEZIERES/COURCEMONT\nB) AUTRES POSTESARTICLE 3 - Est prononc\u00e9 dans le d\u00e9partement de la Sarthe, \u00e0 compter de la rentr\u00e9e scolaire 2024, lacr\u00e9ation d'un poste de r\u00e9f\u00e9rent ASH.ARTICLE 4 - Est prononc\u00e9e dans le d\u00e9partement de la Sarthe, \u00e0 compter de la rentr\u00e9e scolaire 2024, lacr\u00e9ation d'un poste de r\u00e9f\u00e9rent UPE2AARTICLE 5 - Est prononc\u00e9 dans le d\u00e9partement de la Sarthe, \u00e0 compter de la rentr\u00e9e scolaire 2024, lacr\u00e9ation d'un poste itin\u00e9rant pour l'accompagnement des \u00e9l\u00e8ves avec troubles de la fonction visuelleARTICLE 6 - Est prononc\u00e9 dans le d\u00e9partement de la Sarthe, \u00e0 compter de la rentr\u00e9e scolaire 2024, lacr\u00e9ation de 3 postes de conseillers p\u00e9dagogiques de circonscription.\nC) POSTES DE REMPLACEMENTSARTICLE 7 - Est prononc\u00e9 dans le d\u00e9partement de la Sarthe, \u00e0 compter de la rentr\u00e9e scolaire 2024,l'ajout de 10 postes de remplacement.\nL'Inspectrice d'Acad\u00e9mie,Directrice Acad\u00e9mique des Servicesde I'Education Nationale,SIGN\u00c9Dominique POGLIO\n2 \n \n \n \nDSDEN - 72-2024-07-10-00003 - Arrete_Carte_Scolaire_R2024_10_07_2024 5","date":"2024-08-21","first_seen_on":"2025-08-31T00:51:43+00:00","id":"2bdf13ee0ade53eeee71c3e3c426375efdd37f8b8ab24610eaa5870701a646b8","name":"RAA N\u00b0128 du 21 ao\u00fbt 2024","pdf_creation_date":"2024-08-21T14:03:09+00:00","pdf_modification_date":null,"timezone":"Europe/Paris","url":"https://www.sarthe.gouv.fr/contenu/telechargement/22078/139612/file/recueil-122-du-21-08-2024-recueil-des-actes-administratifs.pdf"}
