{"administration":"pref37","administration_name":"Pr\u00e9fecture d\u2019Indre-et-Loire","content":"Direction des S\u00e9curit\u00e9s\nService Interminist\u00e9riel de D\u00e9fense\net de Protection Civiles\nARR\u00caT\u00c9 du 16 ao\u00fbt 2025, n\u00b02025-077\nPortant interdiction de circulation des v\u00e9hicules transportant du mat\u00e9riel de sons \u00e0 \ndestination d'un rassemblement festif \u00e0 caract\u00e8re musical non autoris\u00e9 dans le \nd\u00e9partement d'Indre et Loire\nLe pr\u00e9fet d'Indre-et-Loire\nChevalier de la L\u00e9gion d'honneur\nChevalier de l'Ordre National du M\u00e9rite\nVU le code g\u00e9n\u00e9ral des collectivit\u00e9s territoriales, notamment son article L. 2215-1\u00a0;\nVU le code de la s\u00e9curit\u00e9 int\u00e9rieure, notamment ses articles L.211-5 \u00e0 L.211-8, L.211-15, R.211-2 \u00e0 R.211-8\net R.211-27 \u00e0 R.211-30 ;\nVU le Code p\u00e9nal, notamment son article 431-9 ;\nVU le code de la route\u00a0;\nVU le code de la voirie routi\u00e8re\u00a0;\nVU le d\u00e9cret n\u00b02004-374 du 29 avril 2004 modifi\u00e9 relatif aux pouvoirs des pr\u00e9fets, \u00e0 l'organisation et \u00e0\nl'action des services de l'\u00c9tat dans les r\u00e9gions et d\u00e9partements ;\nVU le d\u00e9cret du 6 novembre 2024 portant nomination de M. Thomas CAMPEAUX en qualit\u00e9 de pr\u00e9fet\nd'Indre-et-Loire ;\nVU l'arr\u00eat\u00e9  du  02  mars  2015  relatif  \u00e0  l'interdiction  de  circulation  des  v\u00e9hicules  de  transport  de  \nmarchandises \u00e0 certaines p\u00e9riodes\u00a0;\nVU l'arr\u00eat\u00e9 pr\u00e9fectoral du 16 ao\u00fbt 2025 portant interdiction temporaire de rassemblements festifs \u00e0  \ncaract\u00e8re musical (Teknival, rave party) du same di 16 ao\u00fbt 2025 \u00e0 10h au lundi 18 ao\u00fbt 2025 \u00e0  12h dans \nle d\u00e9partement d'Indre-et-Loire.\nConsid\u00e9rant que, selon les renseignements obtenus par le Groupement de Gendarmerie d'Indre-et-\nLoire, un rassemblement festif \u00e0 caract\u00e8re musical regroupant une centaine de participants se d\u00e9roule  \ndepuis la nuit du 15 au 16 ao\u00fbt dans le d\u00e9partement d'Indre-et-Loire, sur le territoire de la commune de \nRilly sur Vienne\u00a0;\nConsid\u00e9rant le risque s\u00e9v\u00e8re de feux de for\u00eat sur le d\u00e9partement\u00a0;\nConsid\u00e9rant que cette manifestation n'a pas fait l'objet de la d\u00e9claration en pr\u00e9fecture exig\u00e9e par la  \nr\u00e9glementation en vigueur et qu'elle n'a par cons\u00e9quent pas fait l'objet d'autorisation administrative\u00a0;\nConsid\u00e9rant que les forces de s\u00e9curit\u00e9 ainsi que les moyens de secours ne pourront faire face en termes \nde moyens, \u00e0 une telle manifestation, susceptible de s'installer sans autorisation pr\u00e9alable en divers  \npoints du d\u00e9partement\u00a0;\nARR\u00caTE\n15, rue Bernard Palissy\n37925 Tours Cedex 9\nT\u00e9l.\u00a0: 02 47 64 37 37\nM\u00e9l\u00a0: prefecture@indre-et-loire.gouv.fr\nwww.indre-et-loire.gouv.fr 1/2\nARTICLE 1 er\u00a0\n:  La circulation des v\u00e9hicules transportant du mat\u00e9riel susceptible d'\u00eatre utilis\u00e9 pour une  \nmanifestation  non  autoris\u00e9e,  notamment  des  groupes  \u00e9lectrog\u00e8nes  de  puissance  sup\u00e9rieure  \u00e0  10  \nkilovoltamp\u00e8res et de poids sup\u00e9rieur \u00e0 100 \u00a0kg, sonorisation, sound system, amplificateurs, est interdite  \nsur l'ensemble des r\u00e9seaux routiers (r\u00e9seau routier national et r\u00e9seau secondaire) du d\u00e9partement d'Indre-\net-Loire et cela \u00e0 compter du samedi 16 ao\u00fbt 2025 \u00e0 10h au lundi 18 ao\u00fbt 2025 \u00e0 12h\nARTICLE 2\u00a0\n: Les infractions au pr\u00e9sent arr\u00eat\u00e9 sont constat\u00e9es par proc\u00e8s-verbaux dress\u00e9s par les forces de \nl'ordre.\nARTICLE 3\u00a0: Le pr\u00e9sent arr\u00eat\u00e9 sera\u00a0:\n- publi\u00e9 au recueil des actes administratifs de la pr\u00e9fecture d'Indre-et-Loire,\n- diffus\u00e9 sur le site internet de la pr\u00e9fecture,\nARTICLE 4\u00a0: Le pr\u00e9sent arr\u00eat\u00e9 est susceptible, dans un d\u00e9lai de deux mois \u00e0 compter de sa notification ou  \nde sa publication de faire l'objet\u00a0:\n\u2022 d'un recours gracieux devant le pr\u00e9fet d'Indre-et-Loire\u00a0;\n\u2022 d'un recours hi\u00e9rarchique devant le ministre de l'Int\u00e9rieur\u00a0;\n\u2022 d'un recours contentieux devant le tribunal administratif d'Orl\u00e9ans \u2013 28, rue de la Bretonnerie \u2013  \n45057 Orl\u00e9ans Cedex 1 par voie postale ou par voie d\u00e9mat\u00e9rialis\u00e9e via \u00ab \u00a0t\u00e9l\u00e9recours citoyen\u00a0\u00bb \naccessible sur le site Internet www.telerecours.fr.\nARTICLE 5\u00a0: Le secr\u00e9taire g\u00e9n\u00e9ral de la pr\u00e9fecture, les sous-pr\u00e9fets de Chinon et Loches, le commandant  \ndu groupement de gendarmerie d\u00e9partementale,  la directrice d\u00e9partementale de la s\u00e9curit\u00e9 publique , \nsont charg\u00e9s, chacun en ce qui le concerne, de l'ex\u00e9cution du pr\u00e9sent arr\u00eat\u00e9, qui sera publi\u00e9 au recueil  \ndes actes administratifs et sur le site internet des services de l'\u00c9tat dans le d\u00e9partement d'Indre-et-Loire.\nTOURS, le 16 ao\u00fbt 2025\nPour le pr\u00e9fet et par d\u00e9l\u00e9gation,\nla sous-pr\u00e9f\u00e8te de l'arrondissement de Chinon\nsign\u00e9\u00a0: Emmanuelle DRIEU LEMOINE","date":"2025-08-16","first_seen_on":"2025-09-15T21:38:25+00:00","id":"2c4afa77330c3e24783d9c7f399dc0dd6a2ee699d0debd6249eca46fb01414b0","name":"20250816_RAA sp\u00e9cial-interdiction transport son","pdf_creation_date":"2025-08-16T08:12:40+00:00","pdf_modification_date":null,"timezone":"Europe/Paris","url":"https://www.indre-et-loire.gouv.fr/contenu/telechargement/46727/323137/file/20250816_RAA%20sp%C3%A9cial-interdiction%20transport%20son.pdf"}
