{"administration":"prefidf","administration_name":"Pr\u00e9fecture de la r\u00e9gion \u00cele-de-France","content":"PREFECTURE\nREGION ILE DE\nFRANCE\nRECUEIL DES ACTES\nADMINISTRATIFS SP\u00c9CIAL\nN\u00b0IDF-065-2025-03\nPUBLI\u00c9 LE 31 MARS 2025\nSommaire\nPr\u00e9fecture de la r\u00e9gion d'Ile-de-France, pr\u00e9fecture de\nParis-Secr\u00e9tariat g\u00e9n\u00e9ral aux politiques publiques / Direction des\naffaires juridiques\nIDF-2025-03-31-00001 - Arr\u00eat\u00e9 portant d\u00e9l\u00e9gation de signature aux\nagents de la pr\u00e9fecture de la r\u00e9gion d'Ile-de-France, pr\u00e9fecture de\nParis, de la\ndirection r\u00e9gionale et interd\u00e9partementale de\nl'alimentation, de l'agriculture et de la for\u00eat d'Ile-de-France et de\nla\ndirection d\u00e9partementale de la protection des populations de Paris,\nporteurs ou r\u00e9f\u00e9rents de la carte d'achat (6 pages) Page 4\nRectorat de la r\u00e9gion acad\u00e9mique d'Ile-de-France, rectorat de\nl'acad\u00e9mie de Paris /\nIDF-2025-03-27-00032 - Arr\u00eat\u00e9 n\u00b0 2025-023-RRA portant\nd\u00e9l\u00e9gation de signature des dipl\u00f4mes aux recteurs des acad\u00e9mies\nde Cr\u00e9teil et Versailles (2 pages) Page 11\nIDF-2025-03-27-00033 - Arr\u00eat\u00e9 n\u00b0 2025-024-RRA portant\nsubd\u00e9l\u00e9gation\nde signature de la Rectrice de la r\u00e9gion\nacad\u00e9mique Ile-de-France, Rectrice de l'acad\u00e9mie de Paris au\nSecr\u00e9taire g\u00e9n\u00e9ral de la r\u00e9gion acad\u00e9mique Ile-de-France (M.\nFabien OPPERMANN) et \u00e0 la DRAJES (Mme C\u00e9cile NICOL) en mati\u00e8re\nadministrative pour la mise en oeuvre des missions de jeunesse,\nd'engagement et de sports\n (3 pages) Page 14\nIDF-2025-03-27-00034 - Arr\u00eat\u00e9 n\u00b0 2025-027-RRA portant\nd\u00e9l\u00e9gation de\nsignature en mati\u00e8re administrative au Secr\u00e9taire\nG\u00e9n\u00e9ral de la r\u00e9gion acad\u00e9mique Ile-de-France et aux recteurs\nd'acad\u00e9mies ainsi que subd\u00e9l\u00e9gation de signature en mati\u00e8re\nd'ordonnancement secondaire au Secr\u00e9taire G\u00e9n\u00e9ral de la\nr\u00e9gion acad\u00e9mique Ile-de-France et aux recteurs d'acad\u00e9mies (4\npages) Page 18\nIDF-2025-03-27-00035 - Arr\u00eat\u00e9 n\u00b0 2025-028-RRA portant\nd\u00e9l\u00e9gation de\nsignature de la Rectrice de la r\u00e9gion acad\u00e9mique\nIle-de-France, rectrice de l'acad\u00e9mie de Paris,\nchanceli\u00e8re des\nuniversit\u00e9s aux Recteurs de Cr\u00e9teil et Versailles \u00e0 fin d'attribution\nde cartes\nd'achat dans le cadre de l'ex\u00e9cution des d\u00e9penses sur\nl'action 6 (service national universel SNU) de l'UO r\u00e9gionale 163 \u00ab\njeunesse et vie associative \u00bb (3 pages) Page 23\nIDF-2025-03-27-00037 - Arr\u00eat\u00e9 n\u00b0 2025-033-RRA portant\nsubd\u00e9l\u00e9gation\nde signature de la Rectrice de la r\u00e9gion\nacad\u00e9mique Ile-de-France, Rectrice de l'acad\u00e9mie de Paris, en mati\u00e8re\nadministrative \u00e0 M. Laurent NOE, Directeur de l'acad\u00e9mie de Paris et \u00e0\nMme Jeanne DELACOURT, cheffe du service d\u00e9partemental \u00e0 la\njeunesse, \u00e0 l'engagement et aux sports de Paris, pour la mise en oeuvre\ndes missions de jeunesse, d'engagement et de sports (SDJES75) (3 pages) Page 27\n2\nIDF-2025-03-27-00038 - Arr\u00eat\u00e9 n\u00b0 2025-034-RRA portant\nd\u00e9l\u00e9gation de\nsignature \u00e0 caract\u00e8re administratif de la Rectrice de\nla r\u00e9gion acad\u00e9mique Ile-de-France, rectrice de l'acad\u00e9mie de Paris\n\u00e0 M. Jean-Fran\u00e7ois CHANET, recteur de l'acad\u00e9mie de Cr\u00e9teil, \u00e0 M.\nEtienne CHAMPION, recteur de l'acad\u00e9mie de Versailles et \u00e0 M. Laurent\nNOE, directeur de l'acad\u00e9mie de Paris (3 pages) Page 31\nIDF-2025-03-27-00036 - Arr\u00eat\u00e9 n\u00b02025-029-RRA portant d\u00e9signation\ndu repr\u00e9sentant du ma\u00eetre d'ouvrage au comit\u00e9 artistique du\nmarch\u00e9 de d\u00e9coration des constructions publiques relatif au nouveau\nsi\u00e8ge du rectorat de Cr\u00e9teil (2 pages) Page 35\n3\nPr\u00e9fecture de la r\u00e9gion d'Ile-de-France,\npr\u00e9fecture de Paris-Secr\u00e9tariat g\u00e9n\u00e9ral aux\npolitiques publiques\nIDF-2025-03-31-00001\nArr\u00eat\u00e9 portant d\u00e9l\u00e9gation de signature aux\nagents de la pr\u00e9fecture de la r\u00e9gion\nd'Ile-de-France, pr\u00e9fecture de Paris, de la\ndirection r\u00e9gionale et interd\u00e9partementale de\nl'alimentation, de l'agriculture et de la for\u00eat\nd'Ile-de-France et de la\ndirection d\u00e9partementale de la protection des\npopulations de Paris, porteurs ou r\u00e9f\u00e9rents de la\ncarte d'achat\nPr\u00e9fecture de la r\u00e9gion d'Ile-de-France, pr\u00e9fecture de Paris-Secr\u00e9tariat g\u00e9n\u00e9ral aux politiques publiques - IDF-2025-03-31-00001 - Arr\u00eat\u00e9\nportant d\u00e9l\u00e9gation de signature aux agents de la pr\u00e9fecture de la r\u00e9gion d'Ile-de-France, pr\u00e9fecture de Paris, de la\ndirection r\u00e9gionale et interd\u00e9partementale de l'alimentation, de l'agriculture et de la for\u00eat d'Ile-de-France et de la\ndirection d\u00e9partementale de la protection des populations de Paris, porteurs ou r\u00e9f\u00e9rents de la carte d'achat\n4\nEPREFET |DE LA REGIOND'\u00ceLE-DE-FRANCELibert\u00e9Egalit\u00e9Fraternit\u00e9\nSecr\u00e9tariat g\u00e9n\u00e9ral aux politiques publiques\nDirection des affaires juridiques\nArr\u00eat\u00e9 \nportant d\u00e9l\u00e9gation de signature aux agents de la pr\u00e9fecture de la r\u00e9gion d'Ile-de-France, pr\u00e9fecture de Paris, de la\ndirection r\u00e9gionale et interd\u00e9partementale de l'alimentation, de l'agriculture et de la for\u00eat d'Ile-de-France et de la\ndirection d\u00e9partementale de la protection des populations de Paris, porteurs ou r\u00e9f\u00e9rents de la carte d'achat\nLe pr\u00e9fet de la r\u00e9gion d'Ile-de-France,\nPr\u00e9fet de Paris,\nCommandeur de la L\u00e9gion d'honneur,\nOfficier de l'ordre national du M\u00e9rite\nVu le d\u00e9cret n\u00b02004-374 du 29 avril 2004 modifi\u00e9 re latif aux pouvoirs des pr\u00e9fets, \u00e0 l'organisation et  \u00e0 l'action des\nservices de l'Etat dans les r\u00e9gions et d\u00e9partements ;\nVu le d\u00e9cret n\u00b02012-1246 du 7 novembre 2012 modifi\u00e9 relatif \u00e0 la gestion budg\u00e9taire et comptable publique ;\nVu le d\u00e9cret n\u00b02023-209 du 27 mars 2023 relatif \u00e0 l'ex\u00e9cution de la d\u00e9pense publique par carte d'achat ;\nVu l'arr\u00eat\u00e9 minist\u00e9riel du 5 mai 2021 portant nomenclature des pi\u00e8ces justificatives des d\u00e9penses de l'Etat ;\nVu l'arr\u00eat\u00e9 pr\u00e9fectoral n\u00b0IDF-2023-12-20-00005-75-2 023-12-20-00010 du 20 d\u00e9cembre 2023  portant organi sation de\nla pr\u00e9fecture de la r\u00e9gion d'Ile-de-France, pr\u00e9fecture de Paris ;\nVu le d\u00e9cret du 22 juillet 2020 portant nomination de Monsieur Marc GUILLAUME en qualit\u00e9 de pr\u00e9fet de la r\u00e9gion\nd'Ile-de-France, pr\u00e9fet de Paris ;\nVu le d\u00e9cret du 30 janvier 2024 portant nomination de Monsieur Marc ZARROUATI en qualit\u00e9 de directeur adjoint de\ncabinet du pr\u00e9fet de la r\u00e9gion Ile-de-France, pr\u00e9fet de Paris ;\nVu le d\u00e9cret du 6 novembre 2024 portant nomination de la pr\u00e9f\u00e8te, secr\u00e9taire g\u00e9n\u00e9rale aux politiques p ubliques \u00e0 la\npr\u00e9fecture de la r\u00e9gion d'Ile-de-France - Mme GAUTIER-MELLERAY Marie ;\nVu le d\u00e9cret du 6 novembre 2024 portant nomination du pr\u00e9fet, secr\u00e9taire g\u00e9n\u00e9ral aux moyens mutualis\u00e9s  de la\npr\u00e9fecture de la r\u00e9gion d'Ile-de-France, pr\u00e9fecture de Paris - M. BRUNOT St\u00e9phane ;\nVu le d\u00e9cret du 8 janvier 2025 portant nomination d u pr\u00e9fet, directeur de cabinet du pr\u00e9fet de la r\u00e9gi on d'Ile-de-\nFrance, pr\u00e9fet de Paris - M. ROLLAND (Baptiste) ;\nVu le d\u00e9cret du 6 f\u00e9vrier 2025 portant nomination de la cheffe de cabinet du pr\u00e9fet de la r\u00e9gion d'Ile -de-France, pr\u00e9fet\nde Paris - Mme de WITASSE THEZY (Camille) ;\nVu l'arr\u00eat\u00e9 du Premier ministre du 13 octobre 2021 portant nomination (directions d\u00e9partementales inte rminist\u00e9rielles)\n(Mme Marie-H\u00e9l\u00e8ne TREBILLON, directrice d\u00e9partementale de la protection des populations de Paris) ;\nVu  l'arr\u00eat\u00e9  du  Premier  ministre  du  4  novembre  2021,  portant  nomination  (directions  d\u00e9partementales\ninterminist\u00e9rielles) (M. Olivier HERY, directeur d\u00e9partemental adjoint de la protection des populations de Paris) ;\nVu l'arr\u00eat\u00e9 minist\u00e9riel du 29 ao\u00fbt 2022 portant nom ination de M. Christophe JEAN, administrateur de l' Etat hors\nclasse, en qualit\u00e9 d'adjoint \u00e0 la pr\u00e9f\u00e8te, secr\u00e9tai re g\u00e9n\u00e9rale aux moyens mutualis\u00e9s de la pr\u00e9fecture de la r\u00e9gion d'Ile-\nde-France, pr\u00e9fecture de Paris ;\nVu l'arr\u00eat\u00e9 minist\u00e9riel du 30 janvier 2024 portant nomination de Mme H\u00e9l\u00e8ne CROZE, adjointe au pr\u00e9fet,  secr\u00e9taire\ng\u00e9n\u00e9ral aux politiques publiques \u00e0 la pr\u00e9fecture de la r\u00e9gion d'Ile-de-France, pr\u00e9fecture de Paris ;\nSur proposition du pr\u00e9fet, secr\u00e9taire g\u00e9n\u00e9rale aux moyens mutualis\u00e9s de la pr\u00e9fecture de la r\u00e9gion d'I le-de-France,\npr\u00e9fecture de Paris ;\nARRETE\nArticle 1\n : D\u00e9l\u00e9gation de signature est accord\u00e9e aux agents de la pr\u00e9fecture de la r\u00e9gion d'Ile-de-France, pr\u00e9fect ure\nde Paris, de la direction r\u00e9gionale et interd\u00e9parte mentale de l'alimentation, de l'agriculture et de l a for\u00eat d'Ile-de-\nFrance et direction d\u00e9partementale de la protection  des populations de Paris, qui sont porteurs de la carte d'achat\nnominative et qui figurent dans le tableau en annex e 1 du pr\u00e9sent arr\u00eat\u00e9, afin d'utiliser cette carte pour ordonnancer\nles d\u00e9penses qu'ils r\u00e8glent au profit d'un prestata ire ou d'un fournisseur, dans le cadre de leurs att ributions et de leurs\ncomp\u00e9tences respectives ainsi que dans la limite fix\u00e9e par cette annexe.\n1\nPr\u00e9fecture de la r\u00e9gion d'Ile-de-France, pr\u00e9fecture de Paris-Secr\u00e9tariat g\u00e9n\u00e9ral aux politiques publiques - IDF-2025-03-31-00001 - Arr\u00eat\u00e9\nportant d\u00e9l\u00e9gation de signature aux agents de la pr\u00e9fecture de la r\u00e9gion d'Ile-de-France, pr\u00e9fecture de Paris, de la\ndirection r\u00e9gionale et interd\u00e9partementale de l'alimentation, de l'agriculture et de la for\u00eat d'Ile-de-France et de la\ndirection d\u00e9partementale de la protection des populations de Paris, porteurs ou r\u00e9f\u00e9rents de la carte d'achat\n5\nArticle 2 : D\u00e9l\u00e9gation de signature est accord\u00e9e aux agents de la pr\u00e9fecture de la r\u00e9gion d'Ile-de-France, pr\u00e9fect ure\nde Paris, qui sont  r\u00e9f\u00e9rents de la carte d'achat et  qui figurent dans le tableau en annexe 2 du pr\u00e9sen t arr\u00eat\u00e9, afin\nd'ordonnancer vis-\u00e0-vis du comptable les d\u00e9penses r \u00e9alis\u00e9es par les agents de la pr\u00e9fecture de la r\u00e9gi on d'Ile-de-\nFrance, pr\u00e9fecture de Paris, porteurs de la carte d 'achat et qui sont rattach\u00e9s au centre de facturati on FAC7500075 -\nCHORUS PARIS, dont ils ont la responsabilit\u00e9.\nArticle 3 : L'arr\u00eat\u00e9 n\u00b0 IDF-2025-02-20-00001 du 20 f\u00e9vrier 2 025 portant d\u00e9l\u00e9gation de signature aux agents de l a\npr\u00e9fecture de la r\u00e9gion d'Ile-de-France,  pr\u00e9fecture  de Paris  de la direction r\u00e9gionale et  interd\u00e9parte mentale de\nl'alimentation, de l'agriculture et de la for\u00eat d'I le-de-France et de la direction d\u00e9partementale de l a protection des\npopulations de Paris, porteurs ou r\u00e9f\u00e9rents de la carte d'achat est abrog\u00e9. \nArticle  4 :  Le  pr\u00e9fet,  secr\u00e9taire  g\u00e9n\u00e9ral  aux  moyens  mutualis\u00e9s  de  la  pr\u00e9fecture de la  r\u00e9gion d'Ile-de-France,\npr\u00e9fecture de Paris, est charg\u00e9 de l'ex\u00e9cution du p r\u00e9sent arr\u00eat\u00e9 qui sera publi\u00e9 aux recueils des acte s administratifs\nde la pr\u00e9fecture de la r\u00e9gion d'Ile-de-France, pr\u00e9f ecture de Paris (\u00e9chelons de la r\u00e9gion d'Ile-de-Fra nce et de Paris),\naccessibles sur le site internet de la pr\u00e9fecture \u00e0  l'adresse : www.prefectures-regions.gouv.fr/ile-de -france, et qui\nentrera en vigueur le lendemain de sa publication.\nFait \u00e0 Paris, le 31 mars 2025\nLe pr\u00e9fet de la r\u00e9gion d'Ile-de-France,\nPr\u00e9fet de Paris,\nSign\u00e9\nMarc GUILLAUME\n2\nPr\u00e9fecture de la r\u00e9gion d'Ile-de-France, pr\u00e9fecture de Paris-Secr\u00e9tariat g\u00e9n\u00e9ral aux politiques publiques - IDF-2025-03-31-00001 - Arr\u00eat\u00e9\nportant d\u00e9l\u00e9gation de signature aux agents de la pr\u00e9fecture de la r\u00e9gion d'Ile-de-France, pr\u00e9fecture de Paris, de la\ndirection r\u00e9gionale et interd\u00e9partementale de l'alimentation, de l'agriculture et de la for\u00eat d'Ile-de-France et de la\ndirection d\u00e9partementale de la protection des populations de Paris, porteurs ou r\u00e9f\u00e9rents de la carte d'achat\n6\nAnnexe 1 de l'arr\u00eat\u00e9 du \nportant d\u00e9l\u00e9gation de signature aux agents de la pr\u00e9fecture de la r\u00e9gion d'Ile-de-France, pr\u00e9fecture de Paris, de la \ndirection r\u00e9gionale et interd\u00e9partementale de l'alimentation, de l'agriculture et de la for\u00eat d'Ile-de-France et de la \ndirection d\u00e9partementale de la protection des populations de Paris, porteurs ou r\u00e9f\u00e9rents de la carte d'achat\nPorteurs de carte d'achat\nServices de la pr\u00e9fecture\nde la r\u00e9gion d'Ile-de-\nFrance, pr\u00e9fecture de\nParis\nProgramme\ncarte d'achat\nMontant TTC\nmaximum par\ntransaction \nMontant TTC\nmaximum par\ntransaction \nNiveaux 1 et\n 1 bis Niveau 3\n(d\u00e9penses non\ncouvertes par un\nmarch\u00e9 public\nformalis\u00e9)\n(d\u00e9penses\ncouvertes par un\nmarch\u00e9 public ou\nune convention\nUGAP)\nCabinet\nBapste ROLLAND Cabinet\nMININT - ATE\nREGION IDF 2000,00 \u20ac  \nMarc ZARROUATI Cabinet\nMININT - ATE\nREGION IDF 500,00 \u20ac  \nCamille DE WITASSE \nTHEZY Cabinet\nMININT - ATE\nREGION IDF 2 000,00 \u20ac\nAlexandre DIE\nCabinet/Service de la \nrepr\u00e9sentation de l'Etat\nMININT - ATE\nREGION IDF 2000,00 \u20ac\nAlicia SALAUN\nCabinet/Service de la \nrepr\u00e9sentation de l'Etat\nMININT - ATE\nREGION IDF 2 000,00 \u20ac\nHenri BOURGEOIS\nCabinet/Service de la \nrepr\u00e9sentation de \nl'Etat/Bureau du protocole \net des d\u00e9placements\nMININT - ATE\nREGION IDF 3 000,00 \u20ac\n \nHugo MARIN\nCabinet/Service de la \nrepr\u00e9sentation de \nl'Etat/Bureau du protocole \net des d\u00e9placements\nMININT - ATE\nREGION IDF\n500,00 \u20ac\nCharles XARDEL\nCabinet/Service r\u00e9gional \nde la communication \ninterminist\u00e9rielle\nMININT - ATE\nREGION IDF 2 000,00 \u20ac\nSecr\u00e9tariat g\u00e9n\u00e9ral aux politiques publiques (SGAPP )\nMarie GAUTIER-\nMELLERAY SGAPP\nMININT - ATE\nREGION IDF 2 000,00 \u20ac 2 000,00 \u20ac\nH\u00e9l\u00e8ne CROZE SGAPP\nMININT - ATE\nREGION IDF 500,00 \u20ac  \nSecr\u00e9tariat g\u00e9n\u00e9ral aux moyens mutualis\u00e9s (SGAMM)\nSt\u00e9phane BRUNOT SGAMMMININT - ATE\nREGION IDF 2 000,00 \u20ac  \nChristophe JEAN SGAMM MININT - ATE\nREGION IDF 1 000,00 \u20ac  \nMagali MASSA SGAMM/Service g\u00e9n\u00e9ral \ndu soutien op\u00e9rationnel\nMININT - ATE\nREGION IDF\n 3 000,00\u20ac \n3 000,00\u20ac\n3\nPr\u00e9fecture de la r\u00e9gion d'Ile-de-France, pr\u00e9fecture de Paris-Secr\u00e9tariat g\u00e9n\u00e9ral aux politiques publiques - IDF-2025-03-31-00001 - Arr\u00eat\u00e9\nportant d\u00e9l\u00e9gation de signature aux agents de la pr\u00e9fecture de la r\u00e9gion d'Ile-de-France, pr\u00e9fecture de Paris, de la\ndirection r\u00e9gionale et interd\u00e9partementale de l'alimentation, de l'agriculture et de la for\u00eat d'Ile-de-France et de la\ndirection d\u00e9partementale de la protection des populations de Paris, porteurs ou r\u00e9f\u00e9rents de la carte d'achat\n7\nPorteurs de carte d'achat\n(suite)\nServices de la pr\u00e9fecture\nde la r\u00e9gion d'Ile-de-\nFrance, pr\u00e9fecture de \nParis\nProgramme\ncarte d'achat\nMontant TTC\nmaximum par\ntransaction \nMontant TTC\nmaximum par\ntransaction \nNiveaux 1 et\n 1 bis Niveau 3\n(d\u00e9penses non\ncouvertes par un\nmarch\u00e9 public\nformalis\u00e9)\n(d\u00e9penses\ncouvertes par un\nmarch\u00e9 public ou\nune convention\nUGAP)\nSecr\u00e9tariat g\u00e9n\u00e9ral aux moyens mutualis\u00e9s (SGAMM) (suite)\nBrice BOINOT SGAMM/Service g\u00e9n\u00e9ral \ndu souen \nop\u00e9raonnel/Bureau des \naffaires administraves et \nfinanci\u00e8res\nMININT - ATE\nREGION IDF\n40 000,00 \u20ac\nFabrice D'HERTOGE\nSGAMM/Service g\u00e9n\u00e9ral \ndu soutien \nop\u00e9rationnel/Bureau du \nsoutien de la DRAC\nMININT - ATE\nREGION IDF 4 000,00 \u20ac 4000,00 \u20ac\nS\u00e9bastien L'AMOUR \nSGAMM/Service g\u00e9n\u00e9ral \ndu soutien op\u00e9rationnel/ \nBureau des moyens et de \nla logistique\nMININT - ATE\nREGION IDF 5 000,00 \u20ac  \nThierry LAIGLE \nSGAMM/Service g\u00e9n\u00e9ral \ndu soutien \nop\u00e9rationnel/Bureau des \nmoyens et de la logistique\nMININT - ATE\nREGION IDF 5 000,00 \u20ac  \nPatrice LE CLECH\nSGAMM/ service g\u00e9n\u00e9ral \ndu soutien \nop\u00e9rationnel/Bureau des \nmoyens et de la logistique\nMININT - ATE\nREGION IDF 2000,00 \u20ac  \nClaudine MEHENNAOUI \nSGAMM/Service g\u00e9n\u00e9ral \ndu soutien \nop\u00e9rationnel/Bureau des \nmoyens et de la logistique\nMININT - ATE\nREGION IDF 2000,00 \u20ac 2000,00 \u20ac\nNadir MOUTFI \nSGAMM / Service g\u00e9n\u00e9ral \ndu soutien op\u00e9rationnel/ \nBureau des moyens et de \nla logistique\nMININT - ATE\nREGION IDF 2 000,00 \u20ac 2 000,00 \u20ac\nTejpal SINGH \nSGAMM/Service g\u00e9n\u00e9ral \ndu soutien \nop\u00e9rationnel/Bureau des \nmoyens et de la logistique\nMININT - ATE\nREGION IDF\n2 000,00 \u20ac 2 000,00 \u20ac\nRafik SASSI\nSGAMM/Service g\u00e9n\u00e9ral \ndu soutien \nop\u00e9rationnel/Bureau des \nmoyens et de la logistique\nMININT - ATE\nREGION IDF\n2 000,00 \u20ac\nThibault JOURDAIN DE \nMUIZON\nSGAMM/Service \nRessources HumainesMININT - ATE\nREGION IDF 500,00 \u20ac\n4\nPr\u00e9fecture de la r\u00e9gion d'Ile-de-France, pr\u00e9fecture de Paris-Secr\u00e9tariat g\u00e9n\u00e9ral aux politiques publiques - IDF-2025-03-31-00001 - Arr\u00eat\u00e9\nportant d\u00e9l\u00e9gation de signature aux agents de la pr\u00e9fecture de la r\u00e9gion d'Ile-de-France, pr\u00e9fecture de Paris, de la\ndirection r\u00e9gionale et interd\u00e9partementale de l'alimentation, de l'agriculture et de la for\u00eat d'Ile-de-France et de la\ndirection d\u00e9partementale de la protection des populations de Paris, porteurs ou r\u00e9f\u00e9rents de la carte d'achat\n8\nPorteurs de carte d'achat\n(suite)\nServices de la pr\u00e9fecture\nde la r\u00e9gion d'Ile-de-\nFrance, pr\u00e9fecture de \nParis\nProgramme\ncarte d'achat\nMontant TTC\nmaximum par\ntransaction \nMontant TTC\nmaximum\npar\ntransaction \nNiveaux 1 et\n 1 bis Niveau 3\n(d\u00e9penses non\ncouvertes par un\nmarch\u00e9 public\nformalis\u00e9)\n(d\u00e9penses\ncouvertes\npar un\nmarch\u00e9\npublic ou\nune\nconvention\nUGAP)\nDRIAAF d'Ile-de-France\nMyl\u00e8ne TESTUT-NEVESDRIAAF\nMININT - ATE\nREGION IDF 1 000,00 \u20ac\nDDPP de Paris\nMarie-H\u00e9l\u00e8ne TREBILLONDDPP\nMININT - ATE\nREGION IDF 5 000,00 \u20ac\nOlivier HERY DDPP\nMININT - ATE\nREGION IDF 5 000,00 \u20ac 5 000,00 \u20ac\n5\nPr\u00e9fecture de la r\u00e9gion d'Ile-de-France, pr\u00e9fecture de Paris-Secr\u00e9tariat g\u00e9n\u00e9ral aux politiques publiques - IDF-2025-03-31-00001 - Arr\u00eat\u00e9\nportant d\u00e9l\u00e9gation de signature aux agents de la pr\u00e9fecture de la r\u00e9gion d'Ile-de-France, pr\u00e9fecture de Paris, de la\ndirection r\u00e9gionale et interd\u00e9partementale de l'alimentation, de l'agriculture et de la for\u00eat d'Ile-de-France et de la\ndirection d\u00e9partementale de la protection des populations de Paris, porteurs ou r\u00e9f\u00e9rents de la carte d'achat\n9\nAnnexe 2  de l'arr\u00eat\u00e9 du \nportant d\u00e9l\u00e9gation de signature aux agents de la pr\u00e9fecture de la r\u00e9gion d'Ile-de-France, pr\u00e9fecture de Paris, de la\ndirection r\u00e9gionale et interd\u00e9partementale de l'alimentation, de l'agriculture et de la for\u00eat d'Ile-de-France et de la\ndirection d\u00e9partementale de la protection des populations de Paris, porteurs ou r\u00e9f\u00e9rents de la carte d'achat\nR\u00e9f\u00e9rents carte\nd'achat\nService de la pr\u00e9fecture de\nla r\u00e9gion d'Ile-de-France,\npr\u00e9fecture de Paris\nProgramme carte d'achat Centre de\nfacturation\nSandrine IRAGABA Secr\u00e9tariat  g\u00e9n\u00e9ral  aux\nmoyens  mutualis\u00e9s/Service\ndes achats et des finances\nMININT - ATE REGION IDF FAC7500075  -\nCHORUS PARIS\nAnne LAVERGNE Secr\u00e9tariat  g\u00e9n\u00e9ral  aux\nmoyens  mutualis\u00e9s/Service\ndes achats et des finances\nMININT - ATE REGION IDF FAC7500075  -\nCHORUS PARIS\nNathalie HARLES Secr\u00e9tariat  g\u00e9n\u00e9ral  aux\nmoyens  mutualis\u00e9s/Service\ndes achats et des finances\nMININT - ATE REGION IDF FAC7500075  -\nCHORUS PARIS\nLorine ANDRIEU Secr\u00e9tariat  g\u00e9n\u00e9ral  aux\nmoyens  mutualis\u00e9s/Service\ndes achats et des finances\nMININT - ATE REGION IDF FAC7500075  -\nCHORUS PARIS\nNadine SANT'ANA \nSIMOES\nSecr\u00e9tariat  g\u00e9n\u00e9ral  aux\nmoyens  mutualis\u00e9s/Service\ndes achats et des finances\nMININT - ATE REGION IDF FAC7500075  -\nCHORUS PARIS\n6\nPr\u00e9fecture de la r\u00e9gion d'Ile-de-France, pr\u00e9fecture de Paris-Secr\u00e9tariat g\u00e9n\u00e9ral aux politiques publiques - IDF-2025-03-31-00001 - Arr\u00eat\u00e9\nportant d\u00e9l\u00e9gation de signature aux agents de la pr\u00e9fecture de la r\u00e9gion d'Ile-de-France, pr\u00e9fecture de Paris, de la\ndirection r\u00e9gionale et interd\u00e9partementale de l'alimentation, de l'agriculture et de la for\u00eat d'Ile-de-France et de la\ndirection d\u00e9partementale de la protection des populations de Paris, porteurs ou r\u00e9f\u00e9rents de la carte d'achat\n10\nRectorat de la r\u00e9gion acad\u00e9mique\nd'Ile-de-France, rectorat de l'acad\u00e9mie de Paris\nIDF-2025-03-27-00032\nArr\u00eat\u00e9 n\u00b0 2025-023-RRA portant d\u00e9l\u00e9gation de\nsignature des dipl\u00f4mes aux recteurs des\nacad\u00e9mies de Cr\u00e9teil et Versailles\nRectorat de la r\u00e9gion acad\u00e9mique d'Ile-de-France, rectorat de l'acad\u00e9mie de Paris - IDF-2025-03-27-00032 - Arr\u00eat\u00e9 n\u00b0 2025-023-RRA\nportant d\u00e9l\u00e9gation de signature des dipl\u00f4mes aux recteurs des acad\u00e9mies de Cr\u00e9teil et Versailles 11\n=a .REGION ACADEMIQUEILE-DE-FRANCELibert\u00e9Egalit\u00e9Fraternit\u00e9\n \n1 \n                                                          \n \n \n \n \n \n \n \nArr\u00eat\u00e9 n\u00b0 2025-023-RRA portant d\u00e9l\u00e9gation \nde signature des dipl\u00f4mes aux recteurs d'acad\u00e9mie \n \nLA RECTRICE DE LA REGION ACADEMIQUE \u00ceLE-DE-FRANCE, \n RECTRICE DE L'ACAD\u00c9MIE DE PARIS \nCHANCELIERE DES UNIVERSIT\u00c9S DE PARIS  \nET D'\u00ceLE-DE-FRANCE \n \nVu la loi n\u00b0 82 -213 du 2 mars 1982 modifi\u00e9e relative aux droits et libert\u00e9s des communes, des \nd\u00e9partements et des r\u00e9gions, et notamment son article 34  ; \nVu le code de l'\u00e9ducation et notamment ses articles R222-17 \u00e0 R222-17-2 et son article R222-24-3 ; \nVu l'arr\u00eat\u00e9 du 23 janvier 2020 portant d\u00e9l\u00e9gation d'attribution aux recteurs de r\u00e9gion acad\u00e9mique de la \nministre de l'enseignement sup\u00e9rieur, de la recherche et de l'innovation ; \nVu le d\u00e9cret du Pr\u00e9sident de la R\u00e9publique du 12 mars 2025 nommant Mme Julie BENETTI rectrice de la \nr\u00e9gion acad\u00e9mique Ile-de-France, rectrice de l'acad\u00e9mie de Paris ; \nVu le d\u00e9cret du Pr\u00e9sident de la R\u00e9publique du 12 mars 2025  portant nomination de M. Jean-Fran\u00e7ois \nCHANET en qualit\u00e9 de recteur de l'acad\u00e9mie de Cr\u00e9teil ; \nVu le d\u00e9cret d u Pr\u00e9sident de la R\u00e9publique du 13 juillet 2023  portant nomination de  M. Etienne \nCHAMPION en qualit\u00e9 de recteur de l'acad\u00e9mie de Versailles ; \n \n \nARRETE \nARTICLE 1 : \nDans le cadre des attributions d\u00e9finies par l'arr\u00eat\u00e9 du 23 janvier 2020 portant d\u00e9l\u00e9gation \nd'attribution aux recteurs de r\u00e9gion acad\u00e9mique de la ministre de l'enseignement sup\u00e9rieur, de la \nrecherche et de l'innovation, d\u00e9l \u00e9gation de signature est donn\u00e9e \u00e0 M. Jean -Fran\u00e7ois CHANET , \nrecteur de l'acad\u00e9mie de Cr\u00e9teil, \u00e0 effet de signer ou viser les dipl\u00f4mes mentionn\u00e9s \u00e0 l'article 1 de \nl'arr\u00eat\u00e9 du 23 janvier 2020 d\u00e9livr\u00e9s par les \u00e9tablissements d'enseignement sup\u00e9rieur ayant leur  \nsi\u00e8ge sur le territoire de l'acad\u00e9mie de Cr\u00e9teil.  \nARTICLE 2 : \nDans le cadre des attributions d\u00e9finies par l'arr\u00eat\u00e9 du 23 janvier 2020 portant d\u00e9l\u00e9gation \nd'attribution aux recteurs de r\u00e9gion acad\u00e9mique de la ministre de l'enseignement sup\u00e9rieur, de la \nrecherche et de l'innovation, d\u00e9l\u00e9gation de signature est donn\u00e9e \u00e0 M. Etienne CHAMPION, recteur \nde l'acad\u00e9mie de Versailles  \u00e0 effet de signer ou viser les dipl\u00f4mes mentionn\u00e9s \u00e0 l'article 1 de \nl'arr\u00eat\u00e9 du 23 janvier 2020 d\u00e9livr\u00e9s par les \u00e9tablissements d'enseignement sup\u00e9rieur ayant leur \nsi\u00e8ge sur le territoire de l'acad\u00e9mie de Versailles. \n \nRectorat de la r\u00e9gion acad\u00e9mique d'Ile-de-France, rectorat de l'acad\u00e9mie de Paris - IDF-2025-03-27-00032 - Arr\u00eat\u00e9 n\u00b0 2025-023-RRA\nportant d\u00e9l\u00e9gation de signature des dipl\u00f4mes aux recteurs des acad\u00e9mies de Cr\u00e9teil et Versailles 12\n \n2 \nARTICLE 3 : \nL'arr\u00eat\u00e9 n\u00b02024-031-RRA du 5 avril 2024 portant d\u00e9l\u00e9gation de signature des dipl\u00f4mes aux recteurs \nd'acad\u00e9mie est abrog\u00e9. \nARTICLE 4 : \nLe secr\u00e9taire g\u00e9n\u00e9ral de la r\u00e9gion acad\u00e9mique Ile-de-France est charg\u00e9 de l'ex\u00e9cution du pr\u00e9sent \narr\u00eat\u00e9 qui sera publi\u00e9 au recueil des actes administratifs de la pr\u00e9fecture de r\u00e9gion d'Ile-de-France. \n \nFait \u00e0 Paris, le 27 mars 2025 \n \nLa rectrice de la r\u00e9gion acad\u00e9mique d'\u00cele-de-France, \nRectrice de l'acad\u00e9mie de Paris, \nChanceli\u00e8re des universit\u00e9s de Paris et d'\u00cele-de France \n \n \nSign\u00e9 \n \nJulie BENETTI \nRectorat de la r\u00e9gion acad\u00e9mique d'Ile-de-France, rectorat de l'acad\u00e9mie de Paris - IDF-2025-03-27-00032 - Arr\u00eat\u00e9 n\u00b0 2025-023-RRA\nportant d\u00e9l\u00e9gation de signature des dipl\u00f4mes aux recteurs des acad\u00e9mies de Cr\u00e9teil et Versailles 13\nRectorat de la r\u00e9gion acad\u00e9mique\nd'Ile-de-France, rectorat de l'acad\u00e9mie de Paris\nIDF-2025-03-27-00033\nArr\u00eat\u00e9 n\u00b0 2025-024-RRA portant subd\u00e9l\u00e9gation\nde signature de la Rectrice de la r\u00e9gion\nacad\u00e9mique Ile-de-France, Rectrice de\nl'acad\u00e9mie de Paris au Secr\u00e9taire g\u00e9n\u00e9ral de la\nr\u00e9gion acad\u00e9mique Ile-de-France (M. Fabien\nOPPERMANN) et \u00e0 la DRAJES (Mme C\u00e9cile\nNICOL) en mati\u00e8re administrative pour la mise\nen oeuvre des missions de jeunesse,\nd'engagement et de sports\nRectorat de la r\u00e9gion acad\u00e9mique d'Ile-de-France, rectorat de l'acad\u00e9mie de Paris - IDF-2025-03-27-00033 - Arr\u00eat\u00e9 n\u00b0 2025-024-RRA\nportant subd\u00e9l\u00e9gation\nde signature de la Rectrice de la r\u00e9gion acad\u00e9mique Ile-de-France, Rectrice de l'acad\u00e9mie de Paris au Secr\u00e9taire g\u00e9n\u00e9ral de la r\u00e9gion\nacad\u00e9mique Ile-de-France (M. Fabien OPPERMANN) et \u00e0 la DRAJES (Mme C\u00e9cile NICOL) en mati\u00e8re administrative pour la mise en\noeuvre des missions de jeunesse, d'engagement et de sports\n14\nEs .REGION ACADEMIQUEILE-DE-FRANCELibert\u00e9Egalit\u00e9Fraternit\u00e9\n \n1 \n \n \n \n \n \n \n \n \nArr\u00eat\u00e9 n\u00b02025-024- RRA portant d\u00e9l\u00e9gation et subd\u00e9l\u00e9gation \nde signature en mati\u00e8re administrative pour la mise en \u0153uvre  \ndes missions de jeunesse, d'engagement et de sports \n \n \nLA RECTRICE DE LA REGION ACADEMIQUE \u00ceLE-DE-FRANCE, \nRECTRICE DE L'ACAD\u00c9MIE DE PARIS \nCHANCELIERE DES UNIVERSIT\u00c9S DE PARIS  \nET D'\u00ceLE-DE-FRANCE \n \n \nVu le code de l'\u00e9ducation, notamment ses articles R.222-17 3\u00b0 et 4\u00b0, R.222-24-2, R.335-5 et R. 551-13 ; \nVu le code du service national et notamment ses articles L.120-2, R.120.9 et R.121-35 ;  \nVu le code de l'action sociale et des familles, notamment ses articles L. 432-1, R.227-21, R.227-22, D.432-11 \net D.432-18; \nVu le code du sport, notamment ses articles L 131-12, II de l'article R.114 -13, R.114-17, R.114-18, R.114-22 \n(dernier alin\u00e9a) et R.114-37, R.212-10-8 \u00e0 R.212-10-16, D.211-83 \u00e0 90; \nVu la loi n\u00b092-125 du 6 f\u00e9vrier 1992 modifi\u00e9e relative \u00e0 l'administration territoriale de la R\u00e9publique ; \nVu la loi n\u00b02001-624 du 17 juillet 2001 portant diverses dispositions d'ordre social, \u00e9ducatif et culturel ; \nVu la loi n\u00b02006-586 du 23 mai 2006 relative \u00e0 l'engagement \u00e9ducatif ; \nVu la loi n\u00b0 2008-1249 du 1er  d\u00e9cembre 2008 g\u00e9n\u00e9ralisant le revenu de solidarit\u00e9 active et r\u00e9formant les \npolitiques d'insertion et notamment son article 25 ; \nVu le d\u00e9cret n\u00b0  2002-571 du 22 avril 2002 relatif \u00e0 l'agr\u00e9ment des associations de jeunesse et d'\u00e9ducation \npopulaire ; \nVu le d\u00e9cret n\u00b02004-374 du 29 avril 2004 modifi\u00e9 relatif aux pouvoirs des pr\u00e9fets, \u00e0 l'organisation et \u00e0 l'action \ndes services de l'\u00c9tat dans les r\u00e9gions et d\u00e9partements et notamment le I de son article 33 ; \nVu le d\u00e9cret n\u00b0 2015-510 du 7 mai 2015 modifi\u00e9 portant charte de la d\u00e9concentration ; \nVu le d\u00e9cret n\u00b02017-574 du 19 avril 2017 relatif \u00e0 la lab\u00e9lisation des structures information jeunesse ; \nVu le d\u00e9cret n\u00b0 2020 -922 du 29 juillet 2020 portant diverses dispositions relatives au service national \nuniversel, notamment ses articles 3, 4, et 5 ; \nVu le d\u00e9cret n\u00b0 2020-870 du 15 juillet 2020 relatif aux attributions du ministre de l'\u00e9ducation nationale, de la \njeunesse et des sports ;  \nVu le d\u00e9cret n\u00b0 2019 -1200 du 20 novembre 2019 relatif \u00e0 l'organisation des service s d\u00e9concentr\u00e9s des \nministres charg\u00e9s de l'\u00e9ducation nationale et de l'enseignement sup\u00e9rieur, de la recherche et de l'innovation ; \nVu le d\u00e9cret n\u00b0 2020-1542 du 9 d\u00e9cembre 2020 relatif aux comp\u00e9tences des autorit\u00e9s acad\u00e9miques dans le \ndomaine des politiques de la jeunesse, de l'\u00e9ducation populaire, de la vie associative, de l'engagement civique \net des sports et \u00e0 l'organisation des services charg\u00e9s de leur mise en \u0153uvre ; \nRectorat de la r\u00e9gion acad\u00e9mique d'Ile-de-France, rectorat de l'acad\u00e9mie de Paris - IDF-2025-03-27-00033 - Arr\u00eat\u00e9 n\u00b0 2025-024-RRA\nportant subd\u00e9l\u00e9gation\nde signature de la Rectrice de la r\u00e9gion acad\u00e9mique Ile-de-France, Rectrice de l'acad\u00e9mie de Paris au Secr\u00e9taire g\u00e9n\u00e9ral de la r\u00e9gion\nacad\u00e9mique Ile-de-France (M. Fabien OPPERMANN) et \u00e0 la DRAJES (Mme C\u00e9cile NICOL) en mati\u00e8re administrative pour la mise en\noeuvre des missions de jeunesse, d'engagement et de sports\n15\n \n2 \nVu l'arr\u00eat\u00e9 n\u00b0 2020 -32 du 21 d\u00e9cembre 2020  modifi\u00e9 portant organisation de la d\u00e9l\u00e9gation r\u00e9gionale \nacad\u00e9mique \u00e0 la jeunesse, \u00e0 l'engagement et aux sports et des services d\u00e9partementaux \u00e0 la jeunesse, \u00e0 \nl'engagement et aux sports ; \nVu le d\u00e9cret du Pr\u00e9sident de la R\u00e9publique du 12 mars 2025 nommant Mme Julie BENETTI rectrice de la r\u00e9gion \nacad\u00e9mique Ile-de-France, rectrice de l'acad\u00e9mie de Paris ; \nVu l'arr\u00eat\u00e9 interminist\u00e9riel en date du 31 janvier  2025 nommant M. Fabien OPPERMANN  dans l'emploi de \nsecr\u00e9taire g\u00e9n\u00e9ral de la r\u00e9gion acad\u00e9mique \u00cele-de-France ; \nVu l'arr\u00eat\u00e9 minist\u00e9riel du 8 d\u00e9cembre 2023  portant nomination de Mme C\u00e9cile NICOL dans l'emploi de \nd\u00e9l\u00e9gu\u00e9e r\u00e9gionale \u00e0 la jeunesse, \u00e0 l'engagement et aux sports d'\u00cele-de-France ; \n \nARR\u00caTE \nARTICLE 1 \nD\u00e9l\u00e9gation de signature est donn\u00e9e \u00e0 M. Fabien OPPERMANN, secr\u00e9taire g\u00e9n\u00e9ral  de la r\u00e9gion \nacad\u00e9mique d' \u00cele-de-France et \u00e0 Mme C\u00e9cile NICOL, d\u00e9l\u00e9gu\u00e9 e r\u00e9gionale \u00e0 la jeunesse, \u00e0 \nl'engagement et aux sports d'\u00cele-de-France, \u00e0 l'effet de signer au nom de la rectrice  de la r\u00e9gion \nacad\u00e9mique d'\u00cele-de-France, tous actes arr\u00eat\u00e9s et d\u00e9cisions, et correspondances dans les domaines \nsuivants : \n\uf0b7 les partenariats et r\u00e9seaux formations aux m\u00e9tiers de l'animation et du sport ; \n\uf0b7 la d\u00e9livrance des dipl\u00f4mes professionnels dans les champs de l'animation et du sport ; \n\uf0b7 la d\u00e9livrance des dipl\u00f4mes de l'animation volontaire ; \n\uf0b7 la validation des acquis de l'exp\u00e9rience pour les dipl\u00f4mes du champ des professions de \nl'animation et du sport ; \n\uf0b7 la qualit\u00e9 des formations du champ des professions de l'animation et du sport ; \n\uf0b7 l'agr\u00e9ment des centres de formation des clubs sportifs professionnels ; \n\uf0b7 les observations et \u00e9tudes du champ de la jeunesse, de l'\u00e9ducation populaire et de la vie \nassociative et du sport ; \n\uf0b7 l'inspection, le contr\u00f4le et l'\u00e9valuation des formations aux m\u00e9tiers de l'animation, du champ \ndes professions du sport et aux dipl\u00f4mes de l'animation volontaire ; \n\uf0b7 les exp\u00e9rimentations sociales ; \n\uf0b7 la mobilit\u00e9 des jeunes ;  \n\uf0b7 le soutien au d\u00e9veloppement des politiques locales en faveur de la jeunesse et de l'\u00e9ducation \npopulaire (BOP 163) ; \n\uf0b7 l'attribution des subventions d'appui au secteur associatif vers\u00e9es par l'interm\u00e9diaire du \nFonds de coop\u00e9ration de la jeunesse et d'\u00e9ducation populaire (FONJEP) ; \n\uf0b7 la qualit\u00e9 \u00e9ducative dans les accueils collectifs des mineurs ; \n\uf0b7 la gestion et la mise en \u0153uvre du service national universel et sa r\u00e9serve ; \n\uf0b7 l'acc\u00e8s des jeunes \u00e0 l'information ; \n\uf0b7 la gestion des conseillers techniques sportifs ; \n\uf0b7 le contr\u00f4le budg\u00e9taire des actes du centre de ressources, d'expertise et de performance \nsportives de la r\u00e9gion d'\u00cele-de-France \n\uf0b7 les habilitations des maisons sport-sant\u00e9 \n  \nRectorat de la r\u00e9gion acad\u00e9mique d'Ile-de-France, rectorat de l'acad\u00e9mie de Paris - IDF-2025-03-27-00033 - Arr\u00eat\u00e9 n\u00b0 2025-024-RRA\nportant subd\u00e9l\u00e9gation\nde signature de la Rectrice de la r\u00e9gion acad\u00e9mique Ile-de-France, Rectrice de l'acad\u00e9mie de Paris au Secr\u00e9taire g\u00e9n\u00e9ral de la r\u00e9gion\nacad\u00e9mique Ile-de-France (M. Fabien OPPERMANN) et \u00e0 la DRAJES (Mme C\u00e9cile NICOL) en mati\u00e8re administrative pour la mise en\noeuvre des missions de jeunesse, d'engagement et de sports\n16\n \n3 \nARTICLE 2 \nMme C\u00e9cile NICOL, d\u00e9l\u00e9gu\u00e9e r\u00e9gionale acad\u00e9mique \u00e0 la jeunesse, \u00e0 l'engagement et aux sports peut, \nsous sa responsabilit\u00e9, subd\u00e9l\u00e9guer sa signature \u00e0 ses collaborateurs, \u00e0 l'exclusion des m\u00e9moires en \nd\u00e9fense devant les juridictions administratives pour les cas d'absence et d'emp\u00eachement, dans la \nlimite de leurs attributions. \nUne copie de cette d\u00e9cision de subd\u00e9l\u00e9gation sera adress\u00e9e \u00e0 la rectrice de la r\u00e9gion acad\u00e9mique \n\u00cele-de-France. Cette d\u00e9cision de subd\u00e9l\u00e9gation sera publi\u00e9e au recueil des actes administratifs de la \npr\u00e9fecture de la r\u00e9gion d'Ile-de-France, pr\u00e9fecture de Paris. \nARTICLE 3 \nSont exclues de la d\u00e9l\u00e9gation consentie \u00e0 l'article 1er du pr\u00e9sent arr\u00eat\u00e9 les correspondances avec les \nparlementaires, les anciens ministres, les conseillers r\u00e9gionaux et  d\u00e9partementaux, les pr\u00e9sidents \ndes associations de maires, la maire de Paris et les maires des commu nes chefs -lieux de \nd\u00e9partement. \nARTICLE 4  \nL'arr\u00eat\u00e9 n\u00b02025-009-RRA portant subd\u00e9l\u00e9gation de signature en mati\u00e8re administrative pour la mise \nen \u0153uvre des missions de jeunesse, d'engagement et de sports du 3 f\u00e9vrier 2025 est abrog\u00e9. \nARTICLE 5 \nLe secr\u00e9taire g\u00e9n\u00e9ral de la r\u00e9gion acad\u00e9mique est charg\u00e9 de l'ex\u00e9cution du pr\u00e9sent arr\u00eat\u00e9 qui sera \npubli\u00e9 au recueil des actes administratifs de la pr\u00e9fecture de la r\u00e9gion d'\u00cele-de-France. \n \n \nFait \u00e0 Paris, le 27 mars 2025 \n \n \nLa Rectrice de la r\u00e9gion acad\u00e9mique d'\u00cele-de-France, \nRectrice de l'acad\u00e9mie de Paris, \nChanceli\u00e8re des universit\u00e9s de Paris et d'\u00cele-de France \n \n \nSign\u00e9 \n \nJulie BENETTI \nRectorat de la r\u00e9gion acad\u00e9mique d'Ile-de-France, rectorat de l'acad\u00e9mie de Paris - IDF-2025-03-27-00033 - Arr\u00eat\u00e9 n\u00b0 2025-024-RRA\nportant subd\u00e9l\u00e9gation\nde signature de la Rectrice de la r\u00e9gion acad\u00e9mique Ile-de-France, Rectrice de l'acad\u00e9mie de Paris au Secr\u00e9taire g\u00e9n\u00e9ral de la r\u00e9gion\nacad\u00e9mique Ile-de-France (M. Fabien OPPERMANN) et \u00e0 la DRAJES (Mme C\u00e9cile NICOL) en mati\u00e8re administrative pour la mise en\noeuvre des missions de jeunesse, d'engagement et de sports\n17\nRectorat de la r\u00e9gion acad\u00e9mique\nd'Ile-de-France, rectorat de l'acad\u00e9mie de Paris\nIDF-2025-03-27-00034\nArr\u00eat\u00e9 n\u00b0 2025-027-RRA portant d\u00e9l\u00e9gation de\nsignature en mati\u00e8re administrative au Secr\u00e9taire\nG\u00e9n\u00e9ral de la r\u00e9gion acad\u00e9mique Ile-de-France et\naux recteurs d'acad\u00e9mies ainsi que\nsubd\u00e9l\u00e9gation de signature en mati\u00e8re\nd'ordonnancement secondaire au Secr\u00e9taire\nG\u00e9n\u00e9ral de la r\u00e9gion acad\u00e9mique Ile-de-France et\naux recteurs d'acad\u00e9mies\nRectorat de la r\u00e9gion acad\u00e9mique d'Ile-de-France, rectorat de l'acad\u00e9mie de Paris - IDF-2025-03-27-00034 - Arr\u00eat\u00e9 n\u00b0 2025-027-RRA\nportant d\u00e9l\u00e9gation de\nsignature en mati\u00e8re administrative au Secr\u00e9taire G\u00e9n\u00e9ral de la r\u00e9gion acad\u00e9mique Ile-de-France et aux recteurs d'acad\u00e9mies ainsi\nque subd\u00e9l\u00e9gation de signature en mati\u00e8re d'ordonnancement secondaire au Secr\u00e9taire G\u00e9n\u00e9ral de la r\u00e9gion acad\u00e9mique\nIle-de-France et aux recteurs d'acad\u00e9mies\n18\nwie .REGION ACADEMIQUEILE DE-FRANCELiberteEgalit\u00e9Fraternit\u00e9\n1 \n \n \n! \n \n \nArr\u00eat\u00e9 n\u00b0 2025-027-RRA portant d\u00e9l\u00e9gation de signature en mati\u00e8re administrative au \nsecr\u00e9taire g\u00e9n\u00e9ral de la r\u00e9gion acad\u00e9mique Ile-de-France et aux recteurs d'acad\u00e9mies ainsi \nque subd\u00e9l\u00e9gation de signature en mati\u00e8re d'ordonnancement secondaire au \nsecr\u00e9taire g\u00e9n\u00e9ral de la r\u00e9gion acad\u00e9mique Ile-de-France et aux recteurs d'acad\u00e9mies \n \nLA RECTRICE DE LA REGION ACADEMIQUE \u00ceLE-DE-FRANCE, \n RECTRICE DE L'ACAD\u00c9MIE DE PARIS \nCHANCELIERE DES UNIVERSIT\u00c9S DE PARIS  \nET D'\u00ceLE-DE-FRANCE \n \nVu la loi organique n\u00b02001-692 du 1er ao\u00fbt 2001 modifi\u00e9e relative aux lois de finances  ; \nVu le code de l'\u00e9ducation, et notamment les articles R.222-17 et R.222-24-2 ; \nVu le code de la commande publique ; \nVu la loi n\u00b068 -1250 du 31 d\u00e9cembre 1968 modifi\u00e9e relative \u00e0 la prescription des cr\u00e9ances sur l'Etat, les \nd\u00e9partements, les communes et les \u00e9tablissements publics ; \nVu la loi n\u00b072 -619 du 5 juillet 1972 modifi\u00e9e portant cr\u00e9ation et organisation des r\u00e9gions, no tamment son \narticle 21-1 ; \nVu la loi n\u00b082-213 du 2 mars 1982 modifi\u00e9e relative aux droits et libert\u00e9s des communes, des d\u00e9partements et \ndes r\u00e9gions, et notamment son article 34  ; \nVu le d\u00e9cret n\u00b098-81 du 11 f\u00e9vrier 1998 modifi\u00e9 ; \nVu le d\u00e9cret n\u00b099 -89 du 8 f\u00e9vrier 1999 modifi\u00e9 pris pour l'application de l'article 3 du d\u00e9cret n \u00b0 98-81 du 11 \nf\u00e9vrier 1998 ; \nVu le d\u00e9cret n\u00b02004-374 du 29 avril 2004 modifi\u00e9 relatif aux pouvoirs des pr\u00e9fets, \u00e0   l'organisation et \u00e0 l'action \ndes services de l'Etat dans les r\u00e9gions et d\u00e9partements ; \nVu le d\u00e9cret n\u00b02012-1246 du 7 novembre 2012 relatif \u00e0 la gestion budg\u00e9taire et comptable publique ; \nVu le d\u00e9cret n\u00b02019-1200 du 20 novembre 2019 relatif \u00e0 l'organisation des services d\u00e9concentr\u00e9s des ministres \ncharg\u00e9s de l'\u00e9ducation nationale et de l'enseignement sup\u00e9rieur, de la recherche et de l'innovation ; \nVu le d\u00e9cret n\u00b02020 -139 du 19 f\u00e9vrier 2020 modifiant certaines dispositions relatives \u00e0 la pr\u00e9fecture de la \nr\u00e9gion d'\u00cele de France, pr\u00e9fecture de Paris ;  \nVu le d\u00e9cret du 22 juill et 2020 portant nomination de M. Marc GUILLAUME en qualit\u00e9 de pr\u00e9fet de la r\u00e9gion \nd'\u00cele-de-France, pr\u00e9fet de Paris ;  \nVu le d\u00e9cret du Pr\u00e9sident de la R\u00e9publique du 12 mars 2025 nommant Mme Julie BENETTI rectrice de la r\u00e9gion \nacad\u00e9mique Ile-de-France, rectrice de l'acad\u00e9mie de Paris ; \nRectorat de la r\u00e9gion acad\u00e9mique d'Ile-de-France, rectorat de l'acad\u00e9mie de Paris - IDF-2025-03-27-00034 - Arr\u00eat\u00e9 n\u00b0 2025-027-RRA\nportant d\u00e9l\u00e9gation de\nsignature en mati\u00e8re administrative au Secr\u00e9taire G\u00e9n\u00e9ral de la r\u00e9gion acad\u00e9mique Ile-de-France et aux recteurs d'acad\u00e9mies ainsi\nque subd\u00e9l\u00e9gation de signature en mati\u00e8re d'ordonnancement secondaire au Secr\u00e9taire G\u00e9n\u00e9ral de la r\u00e9gion acad\u00e9mique\nIle-de-France et aux recteurs d'acad\u00e9mies\n19\n2 \n \nVu le d\u00e9cret du Pr\u00e9sident de la R\u00e9publique en date du 12 mars 2025 portant nomination de M. Jean-Fran\u00e7ois \nCHANET en qualit\u00e9 de recteur de l'acad\u00e9mie de Cr\u00e9teil ; \nVu le d\u00e9cret du Pr\u00e9sident de la R\u00e9publique en date du 13 juillet 2023 portant nomination de M. Etienne \nCHAMPION en qualit\u00e9 de recteur de l'acad\u00e9mie de Versailles ; \nVu l'arr\u00eat\u00e9 du 3 juillet 2009 portant r\u00e8glement de comptabilit\u00e9 pour la d\u00e9signation des ordonnateurs \nsecondaires et de leurs d\u00e9l\u00e9gu\u00e9s en ce qui concerne le minist\u00e8re de l'\u00e9ducation nationale ; \nVu l'arr\u00eat\u00e9 du 26 juillet 2019 relatif aux r\u00e8gles de la comptabilit\u00e9 budg\u00e9taire de l'Etat pris en application de \nl'article 54 du d\u00e9cret 2012 -1246 du 7 novembre 2012 modifi\u00e9 relatif \u00e0 la gestion budg\u00e9taire et comptable \npublique ; \nVu l'arr\u00eat\u00e9 interminist\u00e9riel en date du 31 janvier 2025 nommant M. Fabien OPPERMANN dans l'emploi \nde secr\u00e9taire g\u00e9n\u00e9ral de la r\u00e9gion acad\u00e9mique \u00cele-de-France ; \nVu l'arr\u00eat\u00e9 du pr\u00e9fet de la r\u00e9gion Ile -de-France n\u00b0IDF-2025-03-26-00003 du 26 mars 2025 portant d\u00e9l\u00e9gation \nde signature \u00e0 Mme Julie BENETTI rectrice de la r\u00e9gion acad\u00e9mique Ile -de-France, rectrice de l'acad\u00e9mie de \nParis, en mati\u00e8re administrative  \nVu l'arr\u00eat\u00e9 du pr\u00e9fet de la r\u00e9gion Ile -de-France n\u00b0IDF-2025-03-26-00005 du 26 mars 2025 portant d\u00e9l\u00e9gation \nde signature \u00e0 Mme Julie BENETTI rectrice de la r\u00e9gion acad\u00e9mique Ile -de-France, rectrice de l'acad\u00e9mie de \nParis en mati\u00e8re d'ordonnancement secondaire sur les programmes de la mission \u00ab Plan de relance \u00bb ; \nVu la d\u00e9cision minist\u00e9rielle NOR ME NF2036122S du 11 d\u00e9cembre 2020 et par laquelle le responsable de \nprogramme nomme le Recteur de la r\u00e9gion acad\u00e9mique \u00cele -de-France, Recteur de l'acad\u00e9mie de Paris en \nqualit\u00e9 de responsable de budget op\u00e9rationnel de programme et d'unit\u00e9s op\u00e9rationnelles des programmes \n\u00ab Soutien de la politique de l'\u00e9ducation nationale \u00bb (n\u00b0214) ; \nVu les d\u00e9cisions NOR MENF2033683S du 27 novembre 2020 et NOR MENV2406106S du 11 mars 2024 par \nlesquelles le s responsables de programme s nomment le Recteur de la r\u00e9gion acad\u00e9mique \u00cele -de-France, \nRecteur de l'acad\u00e9mie de Paris en qualit\u00e9 de responsable des unit\u00e9s op\u00e9rationnelles des programmes \u00ab \nJeunesse et vie associative \u00bb (n\u00b0163) et \u00ab Sports \u00bb (n\u00b0219) ; \nVu la d\u00e9cision minist\u00e9rielle n\u00b0ESRF2036756S du 21 d\u00e9cembre 2020 par laquelle le responsable de programme \ndu minist\u00e8re de l'Enseignement sup\u00e9rieur, de la Recherche et de l'Innovation nomme le recteur de la r\u00e9gion \nacad\u00e9mique d'\u00cele-de-France, recteur de l'acad\u00e9mie de Paris en qualit\u00e9 de responsable de budget op\u00e9rationnel \nde programme et d'unit\u00e9s op\u00e9rationnelles du programme 150  \u00ab Formations sup\u00e9rieures et recherche \nuniversitaire \u00bb ; \nVu la d\u00e9cision minist\u00e9rielle n\u00b0ESRF2106747S du 24 f\u00e9vrier 2021 portant nomination des responsables de \nbudget op\u00e9rationnel de programme (BOP) et d'unit\u00e9s op\u00e9rationnelles (UO) pour le programme 172 \n\u00ab Recherches scientifiques et technologiques pluridisciplinaires \u00bb ; \nVu la convention entre le minist\u00e8re de l'enseignement sup\u00e9rieur et de l'insertion professionnelle et la r\u00e9gion \nacad\u00e9mique d'Ile-de-France relative \u00e0 la subd\u00e9l\u00e9gation de gestion et \u00e0 l'utilisation des cr\u00e9dits du programme \n362 \u00ab Ecologie \u00bb du Plan France Relance publi\u00e9 le 27 avril 2021 au recueil des actes administratifs sp\u00e9cial n\u00b0 \nIDF-059-2021-04 de la pr\u00e9fecture de r\u00e9gion Ile-de-France ; \nVu la con vention relative \u00e0 la d\u00e9l\u00e9gation de gestion et \u00e0 l'utilisation des cr\u00e9dits du programme 348 \n\u00ab Performance et r\u00e9silience des b\u00e2timents de l'Etat et de ses op\u00e9rateurs \u00bb du 18 janvier 2024 entre  la direction \nde l'immobilier de l'Etat (DIE) et le minist\u00e8re de l'Enseignement sup\u00e9rieur et de la Recherche ; \nVu la convention de d\u00e9l\u00e9gation de gestion du 6 juin 2024 entre le minist\u00e8re de l'enseignement sup\u00e9rieur et de \nla recherche et la r\u00e9gion acad\u00e9mique \u00cele-de-France relative \u00e0 la subd\u00e9l\u00e9gation de gestion et \u00e0 l'utilisation des \ncr\u00e9dits du programme 348 \u00ab Performance et r\u00e9silience des b\u00e2timents de l'Etat et de ses op\u00e9rateurs \u00bb ; \nRectorat de la r\u00e9gion acad\u00e9mique d'Ile-de-France, rectorat de l'acad\u00e9mie de Paris - IDF-2025-03-27-00034 - Arr\u00eat\u00e9 n\u00b0 2025-027-RRA\nportant d\u00e9l\u00e9gation de\nsignature en mati\u00e8re administrative au Secr\u00e9taire G\u00e9n\u00e9ral de la r\u00e9gion acad\u00e9mique Ile-de-France et aux recteurs d'acad\u00e9mies ainsi\nque subd\u00e9l\u00e9gation de signature en mati\u00e8re d'ordonnancement secondaire au Secr\u00e9taire G\u00e9n\u00e9ral de la r\u00e9gion acad\u00e9mique\nIle-de-France et aux recteurs d'acad\u00e9mies\n20\n3 \n \nVu la convention de d\u00e9l\u00e9gation de gestion du 15 juillet 2024 entre le minist\u00e8re de de l'Education nationale et \nde la Jeunesse et la r\u00e9gion acad\u00e9mique \u00cele-de-France relative \u00e0 la subd\u00e9l\u00e9gation de gestion et \u00e0 l'utilisation des \ncr\u00e9dits du programme 349 \u00ab Transformation publique \u00bb ; \n \nARRETE \nARTICLE 1 \nD\u00e9l\u00e9gation de signature est donn\u00e9e \u00e0 M. Fabien OPPERMANN, secr\u00e9taire g\u00e9n\u00e9ral de la r\u00e9gion acad\u00e9mique Ile-\nde-France, \u00e0 l'effet de signer, dans la limite de ses attributions et comp\u00e9tences, tous arr\u00eat\u00e9s, circulaires, \nd\u00e9cisions, pi\u00e8ces, conventions et correspondances relatifs \u00e0 la mise en \u0153uvre des comp\u00e9tences \u00e9num\u00e9r\u00e9es \ndans l'article R222-24-2 du code de l'\u00e9ducation, \u00e0 l'exception du 3e du I de l'article R 222-24-2 pr\u00e9cit\u00e9. \nARTICLE 2 \nD\u00e9l\u00e9gation de signature est donn\u00e9e \u00e0 M. Fabien OPPERMANN, secr\u00e9taire g\u00e9n\u00e9ral de la r\u00e9gion acad\u00e9mique Ile-\nde-France, \u00e0 l'effet de signer, dans la limite de ses  attributions et comp\u00e9tences, tous arr\u00eat\u00e9s, circulaires, \nd\u00e9cisions, pi\u00e8ces, conventions et correspondances relatifs \u00e0 la passation et l'ex\u00e9cution des accords -cadres et \ndes march\u00e9s publics entrant dans le champ des comp\u00e9tences pr\u00e9cit\u00e9es de l'article R 222 -24-2 du code de \nl'\u00e9ducation, sous r\u00e9serve des attributions d\u00e9volues au pr\u00e9fet de r\u00e9gion et au pr\u00e9fet de d\u00e9partement. \nD\u00e9l\u00e9gation de signature est donn\u00e9e \u00e0 M. Jean-Fran\u00e7ois CHANET, recteur de l'acad\u00e9mie de Cr\u00e9teil, et \u00e0 M. \nEtienne CHAMPION, recteur de l'acad\u00e9 mie de Versailles, dans les limites de leurs attributions, \u00e0 l'effet de \nsigner les march\u00e9s publics inf\u00e9rieurs \u00e0 40 000 \u20ac HT. \nM. Jean-Fran\u00e7ois CHANET, recteur de l'acad\u00e9mie de Cr\u00e9teil, et M. Etienne CHAMPION, recteur de l'acad\u00e9mie \nde Versailles, peuvent, so us leur responsabilit\u00e9, donner subd\u00e9l\u00e9gation de signature pour l'application du \ndeuxi\u00e8me alin\u00e9a dans les conditions pr\u00e9vues par le d\u00e9cret n\u00b02004-374 du 29 avril 2004 modifi\u00e9. \nARTICLE 3 \nSubd\u00e9l\u00e9gation de signature est donn\u00e9e \u00e0 M. Fabien OPPERMANN, secr\u00e9taire g\u00e9n\u00e9ral de la r\u00e9gion acad\u00e9mique \nIle-de-France, \u00e0 l'effet, sur les budgets op\u00e9rationnels de programme et les unit\u00e9s op\u00e9rationnelles ci-apr\u00e8s, de \nrecevoir et de mettre \u00e0 disposition les cr\u00e9dits et les emplois  ; r\u00e9partir ces cr\u00e9dits entre les unit\u00e9s \nop\u00e9rationnelles et proc\u00e9der \u00e0 des r\u00e9allocations en cours d'exercice budg\u00e9taire ; proc\u00e9der \u00e0 l'ordonnancement \nsecondaire : \n\u00ab Formations sup\u00e9rieures et recherche universitaire \u00bb (n\u00b0150) \n\u00ab Jeunesse et vie associative \u00bb (n\u00b0163)  \n\u00ab Soutien de la politique de l'\u00e9ducation nationale \u00bb (n\u00b0214)  \n\u00ab Sports \u00bb (n\u00b0219) ; \net de proc\u00e9der \u00e0 l'ordonnancement secondaire sur les unit\u00e9s op\u00e9rationnelles ci-apr\u00e8s : \n\u00ab Performance et r\u00e9silience des b\u00e2timents de l'Etat et de ses op\u00e9rateurs \u00bb (n\u00b0348) \n\u00ab Transformation publique \u00bb (n\u00b0349) \n\u00ab France Relance \u2013 Ecologie \u00bb (n\u00b0362) \n\u00ab France Relance \u2013 Comp\u00e9titivit\u00e9 \u00bb (n\u00b0363) \n \n \nRectorat de la r\u00e9gion acad\u00e9mique d'Ile-de-France, rectorat de l'acad\u00e9mie de Paris - IDF-2025-03-27-00034 - Arr\u00eat\u00e9 n\u00b0 2025-027-RRA\nportant d\u00e9l\u00e9gation de\nsignature en mati\u00e8re administrative au Secr\u00e9taire G\u00e9n\u00e9ral de la r\u00e9gion acad\u00e9mique Ile-de-France et aux recteurs d'acad\u00e9mies ainsi\nque subd\u00e9l\u00e9gation de signature en mati\u00e8re d'ordonnancement secondaire au Secr\u00e9taire G\u00e9n\u00e9ral de la r\u00e9gion acad\u00e9mique\nIle-de-France et aux recteurs d'acad\u00e9mies\n21\n4 \n \nARTICLE 4 : \nSubd\u00e9l\u00e9gation de signature est donn\u00e9e \u00e0 M. Jean-Fran\u00e7ois CHANET, recteur de l'acad\u00e9mie de Cr\u00e9teil, et M. \nEtienne CHAMPION, recteur de l'acad\u00e9mie de Versailles, \u00e0 l'effet de signer toutes pi\u00e8ces pour proc\u00e9der \u00e0 \nl'ordonnancement secondaire des d\u00e9penses relatives : \n- au programme 362 \u00ab Ecologie \u00bb du Plan France Relance dans la limite de leur enveloppe respective, sur le \nterritoire de leur acad\u00e9mie, dans les conditions pr\u00e9vues par le d\u00e9cret n\u00b02004-374 du 29 avril 2004 modifi\u00e9 ; \n- \u00e0 l'activit\u00e9 \u00ab Continuit\u00e9 p\u00e9dagogique \u00bb de l'unit\u00e9 op\u00e9rationnelle 0363-MENJ-NUPA du programme plan de \nrelance n\u00b0363 \u00ab Comp\u00e9titivit\u00e9 \u00bb au titre des appels \u00e0 projets pour un socle num\u00e9rique dans les \u00e9coles \n\u00e9l\u00e9mentaires retenus et ayant fait l'objet d'une notification, dans les conditions pr\u00e9vues par le d\u00e9cret \nn\u00b02004-374 du 29 avril 2004 modifi\u00e9. \nM. Jean-Fran\u00e7ois CHANET, recteur de l'acad\u00e9mie de Cr\u00e9teil, et M. Etienne CHAMPION, recteur de l'acad\u00e9mie \nde Versailles, peuvent, sous leur responsabilit\u00e9, donner subd\u00e9l\u00e9gation de signature pour l'application du \npremier alin\u00e9a dans les conditions pr\u00e9vues par le d\u00e9cret n\u00b02004-374 du 29 avril 2004 modifi\u00e9. \nARTICLE 5 : \nL'arr\u00eat\u00e9 n\u00b02025-008-RRA du 3 f\u00e9vrier 2025 portant d\u00e9l\u00e9gation de signature au secr\u00e9taire g\u00e9n\u00e9ral de la r\u00e9gion \nacad\u00e9mique Ile-de-France est abrog\u00e9. \nARTICLE 6 \nLe secr\u00e9taire g\u00e9n\u00e9ral de la r\u00e9gion acad\u00e9mique Ile-de-France est charg\u00e9 de l'ex\u00e9cution du pr\u00e9sent arr\u00eat\u00e9 qui \nsera publi\u00e9 au recueil des actes administratifs de la pr\u00e9fecture de r\u00e9gion d'Ile-de-France. \n \n \nFait \u00e0 Paris, le 27 mars 2025 \n \n \nLa rectrice de la r\u00e9gion acad\u00e9mique d'\u00cele-de-France, \nRectrice de l'acad\u00e9mie de Paris, \nChanceli\u00e8re des universit\u00e9s de Paris et d'\u00cele-de France \n \nSign\u00e9 \n \n \nJulie BENETTI \n \nRectorat de la r\u00e9gion acad\u00e9mique d'Ile-de-France, rectorat de l'acad\u00e9mie de Paris - IDF-2025-03-27-00034 - Arr\u00eat\u00e9 n\u00b0 2025-027-RRA\nportant d\u00e9l\u00e9gation de\nsignature en mati\u00e8re administrative au Secr\u00e9taire G\u00e9n\u00e9ral de la r\u00e9gion acad\u00e9mique Ile-de-France et aux recteurs d'acad\u00e9mies ainsi\nque subd\u00e9l\u00e9gation de signature en mati\u00e8re d'ordonnancement secondaire au Secr\u00e9taire G\u00e9n\u00e9ral de la r\u00e9gion acad\u00e9mique\nIle-de-France et aux recteurs d'acad\u00e9mies\n22\nRectorat de la r\u00e9gion acad\u00e9mique\nd'Ile-de-France, rectorat de l'acad\u00e9mie de Paris\nIDF-2025-03-27-00035\nArr\u00eat\u00e9 n\u00b0 2025-028-RRA portant d\u00e9l\u00e9gation de\nsignature de la Rectrice de la r\u00e9gion acad\u00e9mique\nIle-de-France, rectrice de l'acad\u00e9mie de Paris,\nchanceli\u00e8re des universit\u00e9s aux Recteurs de\nCr\u00e9teil et Versailles \u00e0 fin d'attribution de cartes\nd'achat dans le cadre de l'ex\u00e9cution des\nd\u00e9penses sur l'action 6 (service national universel\nSNU) de l'UO r\u00e9gionale 163 \u00ab jeunesse et vie\nassociative \u00bb\nRectorat de la r\u00e9gion acad\u00e9mique d'Ile-de-France, rectorat de l'acad\u00e9mie de Paris - IDF-2025-03-27-00035 - Arr\u00eat\u00e9 n\u00b0 2025-028-RRA\nportant d\u00e9l\u00e9gation de\nsignature de la Rectrice de la r\u00e9gion acad\u00e9mique Ile-de-France, rectrice de l'acad\u00e9mie de Paris,\nchanceli\u00e8re des universit\u00e9s aux Recteurs de Cr\u00e9teil et Versailles \u00e0 fin d'attribution de cartes\nd'achat dans le cadre de l'ex\u00e9cution des d\u00e9penses sur l'action 6 (service national universel SNU) de l'UO r\u00e9gionale 163 \u00ab jeunesse et vie\nassociative \u00bb\n23\nEs |REGION ACADEMIQUEILE-DE-FRANCELibert\u00e9Egalit\u00e9Fraternit\u00e9\n \n1 \n \n \n \n \nArr\u00eat\u00e9 n\u00b0 2025-028-RRA portant d\u00e9l\u00e9gation de signature \u00e0 fin d'attribution  \nde cartes d'achat \npour l'ex\u00e9cution des d\u00e9penses sur l'action 6 (service national universel) \nde l'UO r\u00e9gionale 163 \u00ab jeunesse et vie associative \u00bb \n \nLA RECTRICE DE LA REGION ACADEMIQUE \u00ceLE-DE-FRANCE, \n RECTRICE DE L'ACAD\u00c9MIE DE PARIS \nCHANCELIERE DES UNIVERSIT\u00c9S DE PARIS  \nET D'\u00ceLE-DE-FRANCE \n \nVu le code de l'\u00e9ducation et notamment ses articles R. 222-16-4, R 222-17, R222-17-1 et notamment son \n1er alin\u00e9a, R. 222-20 et suivants ;  \nVu la loi organique n\u00b02001-692 du 1er ao\u00fbt 2001 modifi\u00e9e relative aux lois de finances  ; \nVu le code de la commande publique ; \nVu le d\u00e9cret n\u00b02004 -374 du 29 avril 2004 modifi\u00e9 relatif aux pouvoirs des pr\u00e9fets, \u00e0 l'organisation et \u00e0 \nl'action des services de l'Etat dans les r\u00e9gions et d\u00e9partements ; \nVu le d\u00e9cret n\u00b0 2004-1085 du 14 octobre 2004 relatif \u00e0 la d\u00e9l\u00e9gation de gestion dans les services de l'Etat, \nmodifi\u00e9 ; \nVu le d\u00e9cret n\u00b0  2012-1246 du 7 novembre 2012 relatif \u00e0 la gestion budg\u00e9taire et comptable publique, \nmodifi\u00e9 ; \nVu le d\u00e9cret n\u00b0 2019 -1200 du 20 novembre 2019 relatif \u00e0 l'organisation des services d\u00e9concentr\u00e9s des \nministres charg\u00e9s de l'\u00e9ducation nationale et de l'enseignement sup\u00e9rieur, de la recherche et de \nl'innovation ; \nVu le d\u00e9cret du Pr\u00e9sident de la R\u00e9publique du 12 mars 2025 nommant Mme Julie BENETTI rectrice de la \nr\u00e9gion acad\u00e9mique Ile-de-France, rectrice de l'acad\u00e9mie de Paris ; \nVu le d\u00e9cret du Pr\u00e9sident de la R\u00e9publique en date du 12 mars 2025  portant nomination de  \nM. Jean-Fran\u00e7ois CHANET en qualit\u00e9 de recteur de l'acad\u00e9mie de Cr\u00e9teil ; \nVu le d\u00e9cret du Pr\u00e9sident de la R\u00e9publique en date du 13 juillet 2023 portant nomination de  \nM. Etienne CHAMPION en qualit\u00e9 de recteur de l'acad\u00e9mie de Versailles ; \nVu l'arr\u00eat\u00e9 du 3 juillet 2009 portant r\u00e8glement de comptabilit\u00e9 pour la d\u00e9signation des ordonnateurs \nsecondaires et de leurs d\u00e9l\u00e9gu\u00e9s en ce qui concerne le minist\u00e8re de l'\u00e9ducation nationale ; \nVu l'arr\u00eat\u00e9 du 26 juillet 2019 relatif aux r\u00e8gles de la comptabilit\u00e9 budg\u00e9taire de l'Etat pris en application \nde l'article 54 du d\u00e9cret 2012 -1246 du 7 novembre 2012 modifi\u00e9 relatif \u00e0 la gestion budg\u00e9taire et \ncomptable publique ; \nVu l'arr\u00eat\u00e9 du pr\u00e9fet de la r\u00e9gion Ile -de-France n\u00b0 IDF -2025-03-26-00004 du 26 mars 2025  portant \nd\u00e9l\u00e9gation de signature Mme Julie BENETTI, rectrice de la r\u00e9gion acad\u00e9mique \u00cele -de-France, rectrice de \nl'acad\u00e9mie de Paris, en mati\u00e8re d'ordonnancement secondaire ;  \n  \nRectorat de la r\u00e9gion acad\u00e9mique d'Ile-de-France, rectorat de l'acad\u00e9mie de Paris - IDF-2025-03-27-00035 - Arr\u00eat\u00e9 n\u00b0 2025-028-RRA\nportant d\u00e9l\u00e9gation de\nsignature de la Rectrice de la r\u00e9gion acad\u00e9mique Ile-de-France, rectrice de l'acad\u00e9mie de Paris,\nchanceli\u00e8re des universit\u00e9s aux Recteurs de Cr\u00e9teil et Versailles \u00e0 fin d'attribution de cartes\nd'achat dans le cadre de l'ex\u00e9cution des d\u00e9penses sur l'action 6 (service national universel SNU) de l'UO r\u00e9gionale 163 \u00ab jeunesse et vie\nassociative \u00bb\n24\n \n2 \n \nARR\u00caTE \nARTICLE 1 : \nSubd\u00e9l\u00e9gation de signature est donn\u00e9e \u00e0 M. Jean-Fran\u00e7ois CHANET, recteur de l'acad\u00e9mie de \nCr\u00e9teil, et \u00e0 M. Etienne CHAMPION, recteur de l'acad\u00e9mie de Versailles, \u00e0 l'effet de d\u00e9livrer, \ndans la limite de leurs attributions et dans la limite des plafonds de d\u00e9penses mentionn\u00e9 dans \nle tableau n\u00b01 joint en annexe, les cartes d'acha t portant sur l'unit\u00e9 op\u00e9rationnelle n\u00b00163-\nD075-DSNU du BOP r\u00e9gional 163 \u00ab jeunesse et vie associative \u00bb. \nARTICLE 2 : \nM. Jean-Fran\u00e7ois CHANET, recteur de l'acad\u00e9mie de Cr\u00e9teil, et M. Etienne CHAMPION, recteur \nde l'acad\u00e9mie de Versailles, peuvent, sous leur responsabilit\u00e9, donner d\u00e9l\u00e9gation de signature \npour l'application de l'article 1 er du pr\u00e9sent arr\u00eat\u00e9, dans les conditions pr\u00e9vues par le d\u00e9cret \nn\u00b02004-374 du 29 avril 2004 modifi\u00e9. \nARTICLE 3 : \nL'arr\u00eat\u00e9 n\u00b02024-045-RRA du 23 avril 2024 portant d\u00e9livrance des cartes d'achat pour l'ex\u00e9cution \ndes d\u00e9penses sur l'action 6 (service national universel) de l'UO r\u00e9gionale 163 \u00ab jeunesse et vie \nassociative \u00bb est abrog\u00e9. \nARTICLE 4 : \nLe secr\u00e9taire g\u00e9n\u00e9ral de la r\u00e9gion acad\u00e9mique \u00cele-de-France est charg\u00e9 de l'ex\u00e9cution du pr\u00e9sent \narr\u00eat\u00e9 qui sera publi\u00e9 au recueil des actes administratifs de la pr\u00e9fecture de r\u00e9gion d'\u00cele-de-France, \npr\u00e9fecture de Paris. \n \nFait \u00e0 Paris, le 27 mars 2025 \n \n \nLa rectrice de la r\u00e9gion acad\u00e9mique d'\u00cele-de-France, \nRectrice de l'acad\u00e9mie de Paris, \nChanceli\u00e8re des universit\u00e9s de Paris et d'\u00cele-de France \n \n \nSign\u00e9 \n \nJulie BENETTI \n  \nRectorat de la r\u00e9gion acad\u00e9mique d'Ile-de-France, rectorat de l'acad\u00e9mie de Paris - IDF-2025-03-27-00035 - Arr\u00eat\u00e9 n\u00b0 2025-028-RRA\nportant d\u00e9l\u00e9gation de\nsignature de la Rectrice de la r\u00e9gion acad\u00e9mique Ile-de-France, rectrice de l'acad\u00e9mie de Paris,\nchanceli\u00e8re des universit\u00e9s aux Recteurs de Cr\u00e9teil et Versailles \u00e0 fin d'attribution de cartes\nd'achat dans le cadre de l'ex\u00e9cution des d\u00e9penses sur l'action 6 (service national universel SNU) de l'UO r\u00e9gionale 163 \u00ab jeunesse et vie\nassociative \u00bb\n25\n \n3 \n \nAnnexe \u00e0 l'arr\u00eat\u00e9 2024-045-RRA portant d\u00e9livrance des cartes d'achat \npour l'ex\u00e9cution des d\u00e9penses sur l'UO 0163-D075-DSNU du BOP \nr\u00e9gional 163 \u00ab jeunesse et vie associative \u00bb \nTableau n\u00b01 : plafonds de d\u00e9penses \nJauges des centres Montant des \nd\u00e9penses \nautoris\u00e9es \nR\u00e9serve Plafond de la \ncarte achat Mini Max \n1 99 5 000 \u20ac \n2000 \u20ac \n7 000 \u20ac \n100 149 5 000 \u20ac 7 000 \u20ac \n150 199 5 000 \u20ac 7 000 \u20ac \n200 249 5 000 \u20ac 7 000 \u20ac \n250 299 5 000 \u20ac 7 000 \u20ac \n300  6 000 \u20ac 8 000 \u20ac \n \n \nRectorat de la r\u00e9gion acad\u00e9mique d'Ile-de-France, rectorat de l'acad\u00e9mie de Paris - IDF-2025-03-27-00035 - Arr\u00eat\u00e9 n\u00b0 2025-028-RRA\nportant d\u00e9l\u00e9gation de\nsignature de la Rectrice de la r\u00e9gion acad\u00e9mique Ile-de-France, rectrice de l'acad\u00e9mie de Paris,\nchanceli\u00e8re des universit\u00e9s aux Recteurs de Cr\u00e9teil et Versailles \u00e0 fin d'attribution de cartes\nd'achat dans le cadre de l'ex\u00e9cution des d\u00e9penses sur l'action 6 (service national universel SNU) de l'UO r\u00e9gionale 163 \u00ab jeunesse et vie\nassociative \u00bb\n26\nRectorat de la r\u00e9gion acad\u00e9mique\nd'Ile-de-France, rectorat de l'acad\u00e9mie de Paris\nIDF-2025-03-27-00037\nArr\u00eat\u00e9 n\u00b0 2025-033-RRA portant subd\u00e9l\u00e9gation\nde signature de la Rectrice de la r\u00e9gion\nacad\u00e9mique Ile-de-France, Rectrice de\nl'acad\u00e9mie de Paris, en mati\u00e8re administrative \u00e0\nM. Laurent NOE, Directeur de l'acad\u00e9mie de Paris\net \u00e0 Mme Jeanne DELACOURT, cheffe du service\nd\u00e9partemental \u00e0 la jeunesse, \u00e0 l'engagement et\naux sports de Paris, pour la mise en oeuvre des\nmissions de jeunesse, d'engagement et de sports\n(SDJES75)\nRectorat de la r\u00e9gion acad\u00e9mique d'Ile-de-France, rectorat de l'acad\u00e9mie de Paris - IDF-2025-03-27-00037 - Arr\u00eat\u00e9 n\u00b0 2025-033-RRA\nportant subd\u00e9l\u00e9gation\nde signature de la Rectrice de la r\u00e9gion acad\u00e9mique Ile-de-France, Rectrice de l'acad\u00e9mie de Paris, en mati\u00e8re administrative \u00e0 M.\nLaurent NOE, Directeur de l'acad\u00e9mie de Paris et \u00e0 Mme Jeanne DELACOURT, cheffe du service d\u00e9partemental \u00e0 la jeunesse, \u00e0\nl'engagement et aux sports de Paris, pour la mise en oeuvre des missions de jeunesse, d'engagement et de sports (SDJES75)\n27\nce:REGION ACADEMIQUEILE-DE-FRANCELibert\u00e9Egalit\u00e9Fraternit\u00e9\n \n1 \n \n \n \nArr\u00eat\u00e9 n\u00b0 2025-033-RRA portant subd\u00e9l\u00e9gation \nde signature en mati\u00e8re administrative pour la mise en \u0153uvre  \ndes missions de jeunesse, d'engagement et de sports \n \n \nLA RECTRICE DE LA REGION ACADEMIQUE \u00ceLE-DE-FRANCE, \n RECTRICE DE L'ACAD\u00c9MIE DE PARIS \nCHANCELIERE DES UNIVERSIT\u00c9S DE PARIS  \nET D'\u00ceLE-DE-FRANCE \n \nVu la loi organique n\u00b02001-692 du 1er ao\u00fbt 2001 modifi\u00e9e relative aux lois de finances ; \nVu le code de justice administrative ; \nVu le code du sport ; \nVu le code de l'action sociale et des familles ; \nVu le code de l'\u00e9ducation ; \nVu le code de la sant\u00e9 publique ; \nVu le code du travail ; \nVu le code g\u00e9n\u00e9ral des collectivit\u00e9s territoriales ; \nVu la loi n\u00b072-619 du 5 juillet 1972 modifi\u00e9e portant cr\u00e9ation et organisation des r\u00e9gions ; \nVu la loi n\u00b082-213 du 2 mars 1982 modifi\u00e9e relative aux droits et libert\u00e9s des communes, des d\u00e9partements et des \nr\u00e9gions ; \nVu la loi n\u00b092-125 du 6 f\u00e9vrier 1992 modifi\u00e9e relative \u00e0 l'administration territoriale de la R\u00e9publique ; \nVu le d\u00e9cret n\u00b097-34 du 15 janvier 1997 modifi\u00e9 relatif \u00e0 la d\u00e9concentration des d\u00e9cisions administratives \nindividuelles ; \nVu le d\u00e9cret n\u00b02004-374 du 29 avril 2004 modifi\u00e9 relatif aux pouvoirs des pr\u00e9fets, \u00e0 l'organisation et \u00e0 l'action des \nservices de l'Etat dans les r\u00e9gions et d\u00e9partements ; \nVu le d\u00e9cret no 2010-687 du 24 juin 2010 modifi\u00e9 relatif \u00e0 l'organisation et aux missions des services de l'Etat dans \nla r\u00e9gion et les d\u00e9partements d'Ile-de-France ; \nVu le d\u00e9cret n\u00b02020-139 du 19 f\u00e9vrier 2020 modifiant certaines dispositions relatives \u00e0 la pr\u00e9fecture de la r\u00e9gion \nd'Ile-de-France, pr\u00e9fecture de Paris ; \nVu le d\u00e9cret n\u00b02020-1542 du 9 d\u00e9cembre 2020 relatif aux comp\u00e9tences des autorit\u00e9s acad\u00e9miques da ns le \ndomaine des politiques de jeunesse, de l'\u00e9ducation populaire, de la vie associative, de l'engagement civique et des \nsports et \u00e0 l'organisation des services charg\u00e9s de leur mise en \u0153uvre et notamment les articles 5 \u00e0 8 ; \nVu le d\u00e9cret du Pr\u00e9sident de la R\u00e9publique du 22 juillet 2020 portant nomination de M. Marc GUILLAUME en \nqualit\u00e9 de pr\u00e9fet de la r\u00e9gion d'Ile-de-France, pr\u00e9fet de Paris ;  \nRectorat de la r\u00e9gion acad\u00e9mique d'Ile-de-France, rectorat de l'acad\u00e9mie de Paris - IDF-2025-03-27-00037 - Arr\u00eat\u00e9 n\u00b0 2025-033-RRA\nportant subd\u00e9l\u00e9gation\nde signature de la Rectrice de la r\u00e9gion acad\u00e9mique Ile-de-France, Rectrice de l'acad\u00e9mie de Paris, en mati\u00e8re administrative \u00e0 M.\nLaurent NOE, Directeur de l'acad\u00e9mie de Paris et \u00e0 Mme Jeanne DELACOURT, cheffe du service d\u00e9partemental \u00e0 la jeunesse, \u00e0\nl'engagement et aux sports de Paris, pour la mise en oeuvre des missions de jeunesse, d'engagement et de sports (SDJES75)\n28\n \n2 \nVu le d\u00e9cret du Pr\u00e9sident de la R\u00e9publique du 12 mars 2025 nommant Mme Julie BENETTI  rectrice de la r\u00e9gion \nacad\u00e9mique Ile-de-France, rectrice de l'acad\u00e9mie de Paris ; \nVu le d\u00e9cret du Pr\u00e9sident de la R\u00e9publique du 26 f\u00e9vrier 2025 portant nomination de M. Laurent NOE en qualit\u00e9 \nde directeur de l'acad\u00e9mie de Paris ; \nVu l'arr\u00eat\u00e9 minist\u00e9riel en date du 4 mai 2021 nommant Mme Jeanne DELACOURT dans l'emploi de conseill\u00e8re du \ndirecteur acad\u00e9mique des services de l'\u00e9ducation nationale en mati\u00e8re de jeunesse, d'engagement et de sports \nde Paris ; \nVu le protocole national du 15 d\u00e9cembre 2020 conclu entre le minist\u00e8re de l'int\u00e9rieur et le minist\u00e8re de l'\u00e9ducation \nnationale, de la jeunesse et des sports relatif \u00e0 l'articulation des comp\u00e9tences entre les pr\u00e9fets et les recteurs pour \nla mise en \u0153uvre des missions de jeunesse, d'engagement et de sports ; \nVu l'arr\u00eat\u00e9 n\u00b02020-32 du 21 d\u00e9cembre 2020 portant organisation de la d\u00e9l\u00e9gation r\u00e9gionale acad\u00e9mique \u00e0 la \njeunesse, \u00e0 l'engagement et aux sports d'Ile-de-France ; \nVu le protocole r\u00e9gional et d\u00e9partemental conclu entre le pr\u00e9fet de la r\u00e9gion d'Ile-de-France, pr\u00e9fet de Paris, et le \nrecteur de la r\u00e9gion acad\u00e9mique d'\u00cele-de-France, recteur de l'acad\u00e9mie de Paris, le 24 d\u00e9cembre 2020 ; \nVu l'arr\u00eat\u00e9 du pr\u00e9fet de la r\u00e9gion Ile -de-France n\u00b0IDF-2025-03-26-00003 du 26 mars 2025 portant d\u00e9l\u00e9gatio n de \nsignature \u00e0 Mme Julie BENETTI rectrice de la r\u00e9gion acad\u00e9mique Ile-de-France, rectrice de l'acad\u00e9mie de Paris, en \nmati\u00e8re administrative; \n \nARRETE \n \nARTICLE 1 \nSubd\u00e9l\u00e9gation de signature , en mati\u00e8re administrative,  est donn\u00e9e \u00e0 M. Laurent NOE , directeur de \nl'acad\u00e9mie de Paris, \u00e0 l'effet de signer tous actes, d\u00e9cisions, circulaires, rapports, correspondances dans le \ndomaine des politiques de la jeunesse, de l'\u00e9ducation populaire, de la vie associative, de l'engagement \ncivique et des sports relevant du d\u00e9cret n\u00b02004-374 du 29 avril 2004 susvis\u00e9, dans les conditions et r\u00e9serves \nfix\u00e9es aux articles 1er et 2 de l'arr\u00eat\u00e9 pr\u00e9fectoral n\u00b0IDF-2025-03-26-00003 du 26 mars 2025 pr\u00e9cit\u00e9. \nARTICLE 2 \nEn cas d'absence ou d'emp\u00eachement de M. Laurent NOE, directeur de l'acad\u00e9mie de Paris, subd\u00e9l\u00e9gation \nde signature , en mati\u00e8re administrative,  est donn\u00e9e, \u00e0 Mme Jeanne DELACOURT, cheffe du service \nd\u00e9partemental \u00e0 la jeunesse, \u00e0 l'engagement et aux sports de Paris (SDJES 75), \u00e0 l'effet de signer les arr\u00eat\u00e9s, \nd\u00e9cisions, pi\u00e8ces ou conventions e t dans les conditions et r\u00e9serves fix\u00e9es aux articles 1 er et 2 de l'arr\u00eat\u00e9  \nn\u00b0IDF-2025-03-26-00003 du 26 mars 2025 5 pr\u00e9cit\u00e9. \nARTICLE 3 \nEn cas d'absence ou d'emp\u00eachement de M. Laurent NOE, directeur  de l'acad\u00e9mie de Paris et de Mme \nJeanne DELACOURT, cheffe du service d\u00e9partemental \u00e0 la jeunesse, \u00e0 l'engagement et aux sports de Paris \n(SDJES 75) , subd\u00e9l\u00e9gation de signature, en mati\u00e8re administrative, est donn\u00e9e, dans la limite de leurs \nattributions fonctionnelles, \u00e0 l'effet de signer les arr\u00eat\u00e9s, d\u00e9cisions, pi \u00e8ces ou conventions et dans les \nconditions et r\u00e9serves fix\u00e9es aux articles 1 er et 2 de l'arr\u00eat\u00e9 n\u00b0IDF-2025-03-26-00003 du 26 mars 2025 \npr\u00e9cit\u00e9, \u00e0 : \n- M. Bertrand GALLET, adjoint \u00e0 la cheffe de service d\u00e9partemental, chef du p\u00f4le sport ; \n- M. Emmanuel SARRAZIN, coordinateur des enqu\u00eates administratives, inspection, contr\u00f4le ; \n- Mme Elodie TARDY, coordinatrice des enqu\u00eates administratives, inspection, contr\u00f4le. \n \n \nRectorat de la r\u00e9gion acad\u00e9mique d'Ile-de-France, rectorat de l'acad\u00e9mie de Paris - IDF-2025-03-27-00037 - Arr\u00eat\u00e9 n\u00b0 2025-033-RRA\nportant subd\u00e9l\u00e9gation\nde signature de la Rectrice de la r\u00e9gion acad\u00e9mique Ile-de-France, Rectrice de l'acad\u00e9mie de Paris, en mati\u00e8re administrative \u00e0 M.\nLaurent NOE, Directeur de l'acad\u00e9mie de Paris et \u00e0 Mme Jeanne DELACOURT, cheffe du service d\u00e9partemental \u00e0 la jeunesse, \u00e0\nl'engagement et aux sports de Paris, pour la mise en oeuvre des missions de jeunesse, d'engagement et de sports (SDJES75)\n29\n \n3 \nARTICLE 4 \nL'arr\u00eat\u00e9 n\u00b02025-020-RRA du 18 mars 2025 portant subd\u00e9l\u00e9gation de signature en mati\u00e8re administrative est \nabrog\u00e9. \n \nARTICLE 5 \nLe secr\u00e9taire g\u00e9n\u00e9ral de la r\u00e9gion acad\u00e9mique \u00cele-de-France est charg\u00e9 de l'ex\u00e9cution du pr\u00e9sent arr\u00eat\u00e9 qui \nsera publi\u00e9 au recueil des actes administratif s de la pr\u00e9fecture de r\u00e9gion d'\u00cele-de-France, pr\u00e9fecture de \nParis. \nFait \u00e0 Paris, le 27 mars 2025 \n \n \nLa rectrice de la r\u00e9gion acad\u00e9mique d'\u00cele-de-France, \nRectrice de l'acad\u00e9mie de Paris, \nChanceli\u00e8re des universit\u00e9s de Paris et d'\u00cele-de France \n \n \nSign\u00e9 \n \nJulie BENETTI \n \nRectorat de la r\u00e9gion acad\u00e9mique d'Ile-de-France, rectorat de l'acad\u00e9mie de Paris - IDF-2025-03-27-00037 - Arr\u00eat\u00e9 n\u00b0 2025-033-RRA\nportant subd\u00e9l\u00e9gation\nde signature de la Rectrice de la r\u00e9gion acad\u00e9mique Ile-de-France, Rectrice de l'acad\u00e9mie de Paris, en mati\u00e8re administrative \u00e0 M.\nLaurent NOE, Directeur de l'acad\u00e9mie de Paris et \u00e0 Mme Jeanne DELACOURT, cheffe du service d\u00e9partemental \u00e0 la jeunesse, \u00e0\nl'engagement et aux sports de Paris, pour la mise en oeuvre des missions de jeunesse, d'engagement et de sports (SDJES75)\n30\nRectorat de la r\u00e9gion acad\u00e9mique\nd'Ile-de-France, rectorat de l'acad\u00e9mie de Paris\nIDF-2025-03-27-00038\nArr\u00eat\u00e9 n\u00b0 2025-034-RRA portant d\u00e9l\u00e9gation de\nsignature \u00e0 caract\u00e8re administratif de la Rectrice\nde la r\u00e9gion acad\u00e9mique Ile-de-France, rectrice\nde l'acad\u00e9mie de Paris \u00e0 M. Jean-Fran\u00e7ois\nCHANET, recteur de l'acad\u00e9mie de Cr\u00e9teil, \u00e0 M.\nEtienne CHAMPION, recteur de l'acad\u00e9mie de\nVersailles et \u00e0 M. Laurent NOE, directeur de\nl'acad\u00e9mie de Paris\nRectorat de la r\u00e9gion acad\u00e9mique d'Ile-de-France, rectorat de l'acad\u00e9mie de Paris - IDF-2025-03-27-00038 - Arr\u00eat\u00e9 n\u00b0 2025-034-RRA\nportant d\u00e9l\u00e9gation de\nsignature \u00e0 caract\u00e8re administratif de la Rectrice de la r\u00e9gion acad\u00e9mique Ile-de-France, rectrice de l'acad\u00e9mie de Paris \u00e0 M.\nJean-Fran\u00e7ois CHANET, recteur de l'acad\u00e9mie de Cr\u00e9teil, \u00e0 M. Etienne CHAMPION, recteur de l'acad\u00e9mie de Versailles et \u00e0 M. Laurent\nNOE, directeur de l'acad\u00e9mie de Paris\n31\nww .REGION ACADEMIQUEILE-DE-FRANCELibert\u00e9Egalit\u00e9Fraternit\u00e9\n \n \n \n \n \n \n \nArr\u00eat\u00e9 n\u00b02025-034-RRA portant d\u00e9l\u00e9gation \n de signature \u00e0 caract\u00e8re administratif \n \nLA RECTRICE DE LA REGION ACADEMIQUE \u00ceLE-DE-FRANCE, \n RECTRICE DE L'ACAD\u00c9MIE DE PARIS \nCHANCELIERE DES UNIVERSIT\u00c9S DE PARIS  \nET D'\u00ceLE-DE-FRANCE \n \nVu le code de l'\u00e9ducation, notamment ses articles R.335-5 et R. 551-13 ; \nVu le code du service national et notamment ses articles L.120-2, R.120.9 et R.121-35 ;  \nVu le code de l'action sociale et des familles, notamment ses articles L. 432-1, R.227-21, R.227-22, D.432-11 et \nD.432-18 ; \nVu le code du sport, notamment ses articles R.114-13, R.114-17, R.114-18, R.114-22 (dernier alin\u00e9a) et R.114-\n37, R.212-10-8 \u00e0 R.212-10-16 ; \nVu la loi n\u00b092-125 du 6 f\u00e9vrier 1992 modifi\u00e9e relative \u00e0 l'administration territoriale de la R\u00e9publique ; \nVu la loi n\u00b02001-624 du 17 juillet 2001 portant diverses dispositions d'ordre social, \u00e9ducatif et culturel ; \nVu la loi n\u00b02006-586 du 23 mai 2006 relative \u00e0 l'engagement \u00e9ducatif et notamment son article 19 ; \nVu la loi n\u00b02008-1249 du 1er d\u00e9cembre 2008 g\u00e9n\u00e9ralisant le revenu de solidarit\u00e9 active et r\u00e9formant les \npolitiques d'insertion et notamment son article 25 ; \nVu le d\u00e9cret n\u00b02002-571 du 22 avril 2002 relatif \u00e0 l'agr\u00e9ment des associations d e jeunesse et d'\u00e9ducation \npopulaire ; \nVu le d\u00e9cret n\u00b02004-374 du 29 avril 2004 modifi\u00e9 relatif aux pouvoirs des pr\u00e9fets, \u00e0 l'organisation et \u00e0 l'action \ndes services de l'\u00c9tat dans les r\u00e9gions et d\u00e9partements et notamment le I de son article 33 ; \nVu le d\u00e9cret n\u00b02015-510 du 7 mai 2015 modifi\u00e9 portant charte de la d\u00e9concentration ; \nVu le d\u00e9cret n\u00b02017-574 du 19 avril 2017 relatif \u00e0 la lab\u00e9lisation des structures information jeunesse ; \nVu le d\u00e9cret n\u00b02020-922 du 29 juillet 2020 portant diverses dispositions relatives au service national universel, \nnotamment ses articles 3, 4, et 5 ; \nVu le d\u00e9cret n\u00b02020-870 du 15 juillet 2020 relatif aux attributions du ministre de l'\u00e9ducation nationale, de la \njeunesse et des sports ;  \nVu le d\u00e9cret n\u00b02019-1200 du 20 novembre 2019 relatif \u00e0 l'organisation des services d\u00e9concentr\u00e9s des ministres \ncharg\u00e9s de l'\u00e9ducation nationale et de l'enseignement sup\u00e9rieur, de la recherche et de l'innovation ; \nVu le d\u00e9cret n\u00b02020-1542 du 9 d\u00e9cembre 2020 relatif aux comp\u00e9tences des autorit\u00e9s acad\u00e9m iques dans le \ndomaine des politiques de la jeunesse, de l'\u00e9ducation populaire, de la vie associative, de l'engagement civique \net des sports et \u00e0 l'organisation des services charg\u00e9s de leur mise en \u0153uvre et notamment son article 8 ; \nRectorat de la r\u00e9gion acad\u00e9mique d'Ile-de-France, rectorat de l'acad\u00e9mie de Paris - IDF-2025-03-27-00038 - Arr\u00eat\u00e9 n\u00b0 2025-034-RRA\nportant d\u00e9l\u00e9gation de\nsignature \u00e0 caract\u00e8re administratif de la Rectrice de la r\u00e9gion acad\u00e9mique Ile-de-France, rectrice de l'acad\u00e9mie de Paris \u00e0 M.\nJean-Fran\u00e7ois CHANET, recteur de l'acad\u00e9mie de Cr\u00e9teil, \u00e0 M. Etienne CHAMPION, recteur de l'acad\u00e9mie de Versailles et \u00e0 M. Laurent\nNOE, directeur de l'acad\u00e9mie de Paris\n32\n \n \nVu l'arr\u00eat\u00e9 n\u00b02020-32 du 21 d\u00e9cembre 2020 portant organisation de la d\u00e9l\u00e9gation r\u00e9gionale acad\u00e9mique \u00e0 la \njeunesse, \u00e0 l'engagement et aux sports et des services d\u00e9partementaux \u00e0 la jeunesse, \u00e0 l'engagement et aux \nsports ; \nVu le protocole national du 15 d\u00e9cembre 2020 conclu entre le minist\u00e8re de l'int\u00e9rieur et le minist\u00e8re de \nl'\u00e9ducation nationale, de la jeunesse et des sports relatif \u00e0 l'articulation des comp\u00e9tences entre les pr\u00e9fets et \nles recteurs pour la mise en \u0153uvre des missions de jeunesse, d'engagement et de sports ;  \nVu les protocoles territoriaux conclus entre le pr\u00e9fet de r\u00e9gion, pr\u00e9fet de Paris, les pr\u00e9fets de d\u00e9partement et \nle recteur de la r\u00e9gion acad\u00e9mique d'\u00cele-de-France pr\u00e9sent\u00e9s en CAR le 16 d\u00e9cembre 2020 ; \nVu le protocole r\u00e9gional et d\u00e9partemental conclu entre le pr\u00e9fet de r\u00e9gion, pr\u00e9fet de Paris et le recteur de la \nr\u00e9gion acad\u00e9mique d'\u00cele-de-France et de l'acad\u00e9mie de Paris le 24 d\u00e9cembre 2020 ; \nVu le d\u00e9cret du Pr\u00e9sident de la R\u00e9publique du 12 mars 2025 nommant Mme Julie BENETTI rectrice de la r\u00e9gion \nacad\u00e9mique Ile-de-France, rectrice de l'acad\u00e9mie de Paris ; \nVu le d\u00e9cret du Pr\u00e9sident de la R\u00e9publique en date du 12 mars 2025  portant nomination de  \nM. Jean-Fran\u00e7ois CHANET en qualit\u00e9 de recteur de l'acad\u00e9mie de Cr\u00e9teil ; \nVu le d\u00e9cret du Pr\u00e9sident de la R\u00e9publique en date du 13 juillet 2023 portant nomination de  \nM. Etienne CHAMPION en qualit\u00e9 de recteur de l'acad\u00e9mie de Versailles ; \nVu le d\u00e9cret du Pr\u00e9sident de la R\u00e9publique en date du 26 f\u00e9vrier 2025 portant nomination de M. Laurent NOE \nen tant que directeur de l'acad\u00e9mie de Paris; \n \nARRETE \nARTICLE 1 \nD\u00e9l\u00e9gation de signature est donn\u00e9e \u00e0 M. Jean-Fran\u00e7ois CHANET, recteur de l'acad\u00e9mie de Cr\u00e9teil, M . \nEtienne CHAMPION, recteur de l'acad\u00e9mie de Versailles , M. Laurent NOE , directeur de l'acad\u00e9mie de \nParis, \u00e0 l 'effet de signer , au nom de la rectrice  de la r\u00e9gion acad\u00e9mique d'\u00cele -de-France, tous actes, \narr\u00eat\u00e9s, d\u00e9cisions et correspondances dans la limite de leurs attributions, dans les domaines suivants: \n- l'organisation des s\u00e9jours de coh\u00e9sion du service national universel (SNU), le recrutement et la \ngestion des personnes physiques participant \u00e0 des fonctions d'animation ou de direction de ce \ns\u00e9jour , l'approbation dans le cadre de la r\u00e9serve du SNU des missions d'int\u00e9r\u00eat g\u00e9n\u00e9ral, \nl'inscription, l'affectation des r\u00e9servistes et le contr\u00f4le des conditions de mise en \u0153uvre de la \nr\u00e9serve ; \n- l'agr\u00e9ment des associations de jeunesse et d'\u00e9ducation populaire ; \n- l'attribution des subventions d'appui au secteur associatif vers\u00e9es par l'interm\u00e9diaire du Fonds \nde coop\u00e9ration de la jeunesse et d'\u00e9ducation populaire (FONJEP) ; \n- la d\u00e9livrance du brevet d'aptitude aux fonctions d'animateur (BAFA) . \n  \nARTICLE 2 \nM. Jean -Fran\u00e7ois CHANET, recteur  de l'acad\u00e9mie de Cr\u00e9teil, M. Etienne CHAMPION, recteur  de \nl'acad\u00e9mie de Versailles, M. Laurent NOE , directeur de l'acad\u00e9mie de Paris, peuvent, sous leur \nresponsabilit\u00e9, subd\u00e9l\u00e9guer leur signature  dans les conditions pr\u00e9vues aux articles R .222-17 et R .222-\n17-1 du code de l'\u00e9ducation. \n \nRectorat de la r\u00e9gion acad\u00e9mique d'Ile-de-France, rectorat de l'acad\u00e9mie de Paris - IDF-2025-03-27-00038 - Arr\u00eat\u00e9 n\u00b0 2025-034-RRA\nportant d\u00e9l\u00e9gation de\nsignature \u00e0 caract\u00e8re administratif de la Rectrice de la r\u00e9gion acad\u00e9mique Ile-de-France, rectrice de l'acad\u00e9mie de Paris \u00e0 M.\nJean-Fran\u00e7ois CHANET, recteur de l'acad\u00e9mie de Cr\u00e9teil, \u00e0 M. Etienne CHAMPION, recteur de l'acad\u00e9mie de Versailles et \u00e0 M. Laurent\nNOE, directeur de l'acad\u00e9mie de Paris\n33\n \n \nARTICLE 3 \nL'arr\u00eat\u00e9 n\u00b02025-019-RRA du 18 mars 2025 portant subd\u00e9l\u00e9gation de signature \u00e0 caract\u00e8re administratif \nest abrog\u00e9. \n \nARTICLE 4  \nLe secr\u00e9taire g\u00e9n\u00e9ral de la r\u00e9gion acad\u00e9mique d'\u00cele de France est charg\u00e9 de l'ex\u00e9cution du pr\u00e9sent arr\u00eat\u00e9 \nqui sera publi\u00e9 au recueil des actes administratifs de la pr\u00e9fecture de r\u00e9gion d'Ile de France. \n \nFait \u00e0 Paris, le 27 mars 2025 \n \n \nLa rectrice de la r\u00e9gion acad\u00e9mique d'\u00cele-de-France, \nRectrice de l'acad\u00e9mie de Paris, \nChanceli\u00e8re des universit\u00e9s de Paris et d'\u00cele-de France \n \n \nSign\u00e9 \n \nJulie BENETTI \n \n \n \n \nRectorat de la r\u00e9gion acad\u00e9mique d'Ile-de-France, rectorat de l'acad\u00e9mie de Paris - IDF-2025-03-27-00038 - Arr\u00eat\u00e9 n\u00b0 2025-034-RRA\nportant d\u00e9l\u00e9gation de\nsignature \u00e0 caract\u00e8re administratif de la Rectrice de la r\u00e9gion acad\u00e9mique Ile-de-France, rectrice de l'acad\u00e9mie de Paris \u00e0 M.\nJean-Fran\u00e7ois CHANET, recteur de l'acad\u00e9mie de Cr\u00e9teil, \u00e0 M. Etienne CHAMPION, recteur de l'acad\u00e9mie de Versailles et \u00e0 M. Laurent\nNOE, directeur de l'acad\u00e9mie de Paris\n34\nRectorat de la r\u00e9gion acad\u00e9mique\nd'Ile-de-France, rectorat de l'acad\u00e9mie de Paris\nIDF-2025-03-27-00036\nArr\u00eat\u00e9 n\u00b02025-029-RRA portant d\u00e9signation du\nrepr\u00e9sentant du ma\u00eetre d'ouvrage au comit\u00e9\nartistique du march\u00e9 de d\u00e9coration des\nconstructions publiques relatif au nouveau si\u00e8ge\ndu rectorat de Cr\u00e9teil\nRectorat de la r\u00e9gion acad\u00e9mique d'Ile-de-France, rectorat de l'acad\u00e9mie de Paris - IDF-2025-03-27-00036 - Arr\u00eat\u00e9 n\u00b02025-029-RRA\nportant d\u00e9signation du repr\u00e9sentant du ma\u00eetre d'ouvrage au comit\u00e9 artistique du march\u00e9 de d\u00e9coration des constructions publiques\nrelatif au nouveau si\u00e8ge du rectorat de Cr\u00e9teil\n35\nww .REGION ACADEMIQUEILE-DE-FRANCELibert\u00e9Egalit\u00e9Fraternit\u00e9\n \n1 \n                                                          \n \n \n \n \n \n \n \n \n \n \n \nArr\u00eat\u00e9 n\u00b02025-029-RRA portant d\u00e9signation du repr\u00e9sentant du ma\u00eetre d'ouvrage \nau comit\u00e9 artistique du march\u00e9 de d\u00e9coration des constructions publiques \nrelatif au nouveau si\u00e8ge du rectorat de Cr\u00e9teil \n \nLA RECTRICE DE LA REGION ACADEMIQUE \u00ceLE-DE-FRANCE, \n RECTRICE DE L'ACAD\u00c9MIE DE PARIS \nCHANCELIERE DES UNIVERSIT\u00c9S DE PARIS  \nET D'\u00ceLE-DE-FRANCE \n \nVu la loi organique n\u00b02001-692 du 1 er ao\u00fbt 2001 modifi\u00e9e relative aux lois de finances  ; \nVu le code de l'\u00e9ducation et notamment les articles R.222-24-2 et suivants ; \nVu le code de la commande publique , et notamment son article R2172 -18 relatif \u00e0 la composition et au \nfonctionnement du comit\u00e9 artistique ; \nVu la loi n\u00b072-619 du 5 juillet 1972 modifi\u00e9e portant cr\u00e9ation et organisation des r\u00e9gions, notamment son \narticle 21-1 ; \nVu le d\u00e9cret n\u00b02004-374 du 29 avril 2004 modifi\u00e9 relatif aux pouvoirs des pr\u00e9fets, \u00e0 l'organisation et \u00e0 \nl'action des services de l'Etat dans les r\u00e9gions et d\u00e9partements, et notamment les articles 37-1 et 69-5 ; \nVu le d\u00e9cret n\u00b02010-687 du 24 juin 2010 modifi\u00e9 relatif \u00e0 l'organisation et aux missions des  services de \nl'Etat dans la r\u00e9gion et les d\u00e9partements d'Ile-de-France ; \nVu le d\u00e9cret n\u00b02012-1246 du 7 novembre 2012 relatif \u00e0 la gestion budg\u00e9taire et comptable publique ; \nVu le d\u00e9cret n\u00b02019 -1200 du 20 novembre 2019 relatif \u00e0 l'organisation des services d\u00e9concentr\u00e9s des \nministres charg\u00e9s de l'\u00e9ducation  nationale et de l'enseignement sup\u00e9rieur, de la recherche et de \nl'innovation ; \nVu le d\u00e9cret du Pr\u00e9sident de la R\u00e9publique du 12 mars 2025 nommant Mme Julie BENETTI rectrice de la \nr\u00e9gion acad\u00e9mique Ile-de-France, rectrice de l'acad\u00e9mie de Paris ;  \nVu le d\u00e9 cret du Pr\u00e9sident de la R\u00e9publique en date du 12 mars 2025  portant nomination de M. Jean -\nFran\u00e7ois CHANET en qualit\u00e9 de recteur de l'acad\u00e9mie de Cr\u00e9teil ; \nVu l'arr\u00eat\u00e9 du pr\u00e9fet de la r\u00e9gion Ile -de-France n\u00b0IDF -2025-03-26-00003 du 26 mars 2025 portant \nd\u00e9l\u00e9gation de signature \u00e0 Mme Julie BENETTI rectrice de la r\u00e9gion acad\u00e9mique Ile -de-France, rectrice de \nl'acad\u00e9mie de Paris, en mati\u00e8re administrative ; \n \nARRETE \nARTICLE 1 : \nM. Jean-Fran\u00e7ois CHANET est d\u00e9sign\u00e9 repr\u00e9sentant du ma\u00eetre d'ouvrage au comit\u00e9 artistique du \nmarch\u00e9 de d\u00e9coration des constructions publiques relatif au nouvea u si\u00e8ge du rectorat de \nCr\u00e9teil \u00ab X24 \u00bb, dont il assurera la pr\u00e9sidence. \n \nRectorat de la r\u00e9gion acad\u00e9mique d'Ile-de-France, rectorat de l'acad\u00e9mie de Paris - IDF-2025-03-27-00036 - Arr\u00eat\u00e9 n\u00b02025-029-RRA\nportant d\u00e9signation du repr\u00e9sentant du ma\u00eetre d'ouvrage au comit\u00e9 artistique du march\u00e9 de d\u00e9coration des constructions publiques\nrelatif au nouveau si\u00e8ge du rectorat de Cr\u00e9teil\n36\n \n2 \nARTICLE 2 : \nL'arr\u00eat\u00e9 n\u00b02024-091-RRA du 5 juillet 2024 portant d\u00e9signation du repr\u00e9sentant du ma\u00eetre d'ouvrage \nau comit\u00e9 artistique du march\u00e9 de d\u00e9coration des constructions publiques relatif au nouveau si\u00e8ge \ndu rectorat de Cr\u00e9teil est abrog\u00e9. \nARTICLE 3 : \nLe secr\u00e9taire g\u00e9n\u00e9ral de la r\u00e9gion acad\u00e9mique \u00cele-de-France est charg\u00e9 de l'ex\u00e9cution du pr\u00e9sent \narr\u00eat\u00e9 qui sera publi\u00e9 au recueil des actes administratifs de la pr\u00e9fecture de r\u00e9gion d'\u00cele -de-\nFrance, pr\u00e9fecture de Paris. \n \n \nFait \u00e0 Paris, le 27 mars 2025 \nLa rectrice de la r\u00e9gion acad\u00e9mique d'\u00cele-de-France, \nRectrice de l'acad\u00e9mie de Paris, \nChanceli\u00e8re des universit\u00e9s de Paris et d'\u00cele-de France \n \n \nSign\u00e9 \n \nJulie BENETTI \nRectorat de la r\u00e9gion acad\u00e9mique d'Ile-de-France, rectorat de l'acad\u00e9mie de Paris - IDF-2025-03-27-00036 - Arr\u00eat\u00e9 n\u00b02025-029-RRA\nportant d\u00e9signation du repr\u00e9sentant du ma\u00eetre d'ouvrage au comit\u00e9 artistique du march\u00e9 de d\u00e9coration des constructions publiques\nrelatif au nouveau si\u00e8ge du rectorat de Cr\u00e9teil\n37","date":"2025-03-31","first_seen_on":"2025-03-31T16:44:27+00:00","id":"2c5c0b76c83c752644e97fa05cabc30e3ce2f7c897b6b659f48893deac80d12e","name":"recueilDS-idf-065-2025-03-recueil-des-actes-administratifs-special du 31.03.2025","pdf_creation_date":"2025-03-31T15:24:37+00:00","pdf_modification_date":null,"timezone":"Europe/Paris","url":"https://www.prefectures-regions.gouv.fr/ile-de-france/irecontenu/telechargement/126648/935406/file/recueilDS-idf-065-2025-03-recueil-des-actes-administratifs-special%20du%2031.03.2025.pdf"}
