{"administration":"pref21","administration_name":"Pr\u00e9fecture de C\u00f4te-d\u2019Or","content":"PR\u00c9FET\nDE LA C\u00d4TE-D'OR\nRECUEIL DES ACTES\nADMINISTRATIFS SP\u00c9CIAL\nN\u00b021-2025-063\nPUBLI\u00c9 LE  7 MAI 2025\nSommaire\nDirection d\u00e9partementale de l'emploi, du travail et des solidarit\u00e9s de\nC\u00f4te-d'Or /\n21-2025-05-05-00005 - R\u00e9c\u00e9piss\u00e9 d\u00e9claration SAP - n\u00b0908210024\nBOURGOIN Alexis (2 pages) Page 4\n21-2025-05-05-00002 - R\u00e9c\u00e9piss\u00e9 d\u00e9claration SAP n\u00b0823939210 -\nMORIAU Mylene (2 pages) Page 7\n21-2025-05-05-00004 - R\u00e9c\u00e9piss\u00e9 d\u00e9claration SAP n\u00b0932358948 -\nSandra GUILLERME (2 pages) Page 10\n21-2025-05-05-00003 - R\u00e9c\u00e9piss\u00e9 d\u00e9claration SAP n\u00b0942995754 -\nAgn\u00e8s FILIPE (2 pages) Page 13\nDirection d\u00e9partementale des territoires de la C\u00f4te-d'Or /\n21-2025-05-05-00001 - AP 640 du 05 mai 2025 portant sur la composition de\nla Commission Locale d'Am\u00e9lioration de l'Habitat de la C\u00f4te-d'Or (4\npages) Page 16\nDirection d\u00e9partementale des territoires de la C\u00f4te-d'Or / Service\n\u00c9conomie Agricole et Environnement des Exploitations\n21-2025-05-25-00001 - Arr\u00eat\u00e9 pr\u00e9fectoral n\u00b0  618\nrejetant\nl'autorisation au titre de l'article L. 333-3 du Code rural et de la\np\u00eache maritime de prise de contr\u00f4le de la soci\u00e9t\u00e9 SCEA DE\nCHAMBERNE au b\u00e9n\u00e9fice de la SCI DE LA SAONE en l'absence de\nproposition de mesures compensatoires. (3 pages) Page 21\n21-2025-04-30-00003 - Arr\u00eat\u00e9 pr\u00e9fectoral n\u00b0 653\nportant\nautorisation au titre de l'article L. 333-3 du Code rural et de la p\u00eache\nmaritime de prise de contr\u00f4le de la soci\u00e9t\u00e9 SCEA DOMAINE LOUIS\nBOILLOT ET FILS (2 pages) Page 25\nDirection d\u00e9partementale des territoires de la C\u00f4te-d'Or / Service\nS\u00e9curit\u00e9 et Education Routi\u00e8re\n21-2025-05-06-00011 - AP 646 20250506 RAA A6 RepriseTPC (4 pages) Page 28\n21-2025-05-06-00012 - AP 647 20250506 RAA A39 R\u00e9parationPortique (4\npages) Page 33\n21-2025-05-06-00013 - AP 648 20250506 RAA M274\nRenouvellementJointsChauss\u00e9e (4 pages) Page 38\n21-2025-05-06-00014 - AP 649 20250506 RAA M274 D\u00e9pendancesVertes\nVF (10 pages) Page 43\n21-2025-05-06-00001 - Arr\u00eat\u00e9 N\u00b0 643 portant modification de\nl'arr\u00eat\u00e9 pr\u00e9fectoral n\u00b0 785 portant homologation d'un circuit\nde moto-cross \u00e0 Auxonne (4 pages) Page 54\n2\n21-2025-05-07-00001 - Arr\u00eat\u00e9 Pr\u00e9fectoral N\u00b0656 portant\nd\u00e9rogation \u00e0 titre temporaire \u00e0 l'interdiction de circulation des\nv\u00e9hicules de transport de marchandises \u00e0 certaines p\u00e9riodes pour les\nv\u00e9hicules\nde plus de 7,5 tonnes de PTAC exploit\u00e9s par la soci\u00e9t\u00e9\nSECULA LOGISTIQUE domicili\u00e9e\n\u00e0 BEAUNE (21) (5 pages) Page 59\nPr\u00e9fecture de la C\u00f4te-d'Or / Direction de la coordination, des politiques\npubliques et de l'appui territorial\n21-2025-05-05-00006 - Arr\u00eat\u00e9 n\u00b0645 du 5 mai 2025\nportant\nd\u00e9cision de passer outre un avis d'\u00e9valuation domaniale\npour une\nacquisition par l'\u00c9tat d'une partie des parcelles C31 et C 72\nsur la\ncommune de Vandenesse-en-Auxois (2 pages) Page 65\nPr\u00e9fecture de la C\u00f4te-d'Or / Direction des s\u00e9curit\u00e9s\n21-2025-05-07-00002 - Arr\u00eat\u00e9 Pr\u00e9fectoral n\u00b0 657 r\u00e9glementant la\ncirculation et le stationnement \u00e0 l'occasion du \"2\u00e8me rallye national de\nBligny-sur-Ouche\" les vendredi 9 et samedi 10 mai 2025 (4 pages) Page 68\n21-2025-05-07-00004 - Arr\u00eat\u00e9 pr\u00e9fectoral N\u00b0660\nautorisant la\ncaptation, l'enregistrement et la transmission d'images\nau moyen\nde cam\u00e9ras install\u00e9es sur des a\u00e9ronefs (4 pages) Page 73\nSous-pr\u00e9fecture de Beaune /\n21-2025-05-07-00003 - Arr\u00eat\u00e9 pr\u00e9fectoral n\u00b0 650 portant autorisation\nde la manifestation sportive avec participation de v\u00e9hicules terrestres \u00e0\nmoteur\nd\u00e9nomm\u00e9e \u00ab Rallye national de Bligny-sur-Ouche\u00bb\norganis\u00e9e les 9 et 10 mai 2025 (13 pages) Page 78\n3\nDirection d\u00e9partementale de l'emploi, du travail\net des solidarit\u00e9s de C\u00f4te-d'Or\n21-2025-05-05-00005\nR\u00e9c\u00e9piss\u00e9 d\u00e9claration SAP - n\u00b0908210024\nBOURGOIN Alexis\nDirection d\u00e9partementale de l'emploi, du travail et des solidarit\u00e9s de C\u00f4te-d'Or - 21-2025-05-05-00005 - R\u00e9c\u00e9piss\u00e9 d\u00e9claration SAP -\nn\u00b0908210024 BOURGOIN Alexis 4\nPREFETDE LACOTE-D'ORLibert\u00e9\u00c9galit\u00e9Fraternit\u00e9\nDirection D\u00e9partementale de l'Emploi, \ndu Travail et des Solidarit\u00e9s - DDETS \nDDETS 21, 21 Bd Voltaire, BP 81110 - 21011 DIJON Cedex \nT\u00e9l. : 03 80 45 75 45 (Accueil) \nwww.cote-dor.gouv.fr \nAffaire suivie par Sophie LACROIX                          Dijon, le 05/05/2025 \nP\u00f4le Emploi-Coh\u00e9sion Territoriale, \nT\u00e9l : 03 80 45 75 07 // 06 84 89 20 33 \nCourriel : sophie.lacroix@cote-dor.gouv.fr \nM. BOURGOIN Alexis \n2 avenue Raymond Poincar\u00e9 \n21000 DIJON \n \n \n \nRECEPISSE DE DECLARATION \nd'un Organisme de Services \u00e0 la Personne \nEnregistr\u00e9 sous le n\u00b0 SAP/908210024 \n \n \nLe Pr\u00e9fet de la C\u00f4te-d'Or, et par subd\u00e9l\u00e9gation de la Directrice D\u00e9partementale de la DDETS, la \nCheffe du P\u00f4le Emploi et Coh\u00e9sion Territoriale/la Responsable de l'Unit\u00e9 Formation, Emploi, Insertion \n \n \nVU la loi n\u00b0 2015-1776 du 28 d\u00e9cembre 2015 relative \u00e0 l'adaptation de la soci\u00e9t\u00e9 au vieillissement, \n \nVU le d\u00e9cret n\u00b0 2016-750 du 6 juin 2016 relatif \u00e0 la liste des activit\u00e9s de services \u00e0 la personne soumises \n\u00e0 agr\u00e9ment ou \u00e0 autorisation dans le cadre du r\u00e9gime commun de la d\u00e9claration, \n \nVU le code du travail et notamment les articles L 7231-1 \u00e0 L 7233-2, R 7232-16 \u00e0 R 7232-22, D7231-1 \net D 7233-1 \u00e0 D 7233-5. \n \n \nConstate \n \nQu'une d\u00e9claration d'activit\u00e9s de services \u00e0 la personne a \u00e9t\u00e9 d\u00e9pos\u00e9e sous le n\u00b0 908210024 aupr\u00e8s \nde la DDETS de la C\u00f4te d'Or, le 26 mars 2025, par M. BOURGOIN Alexis, dans le cadre d'une micro-\nentreprise, repr\u00e9sent\u00e9e par M. BOURGOIN Alexis, dont le si\u00e8ge social est situ\u00e9 2 avenue Raymond \nPoincar\u00e9 21000 DIJON et enregistr\u00e9e sous le n\u00b0 SAP/908210024 pour l' activit\u00e9 suivante \u00e0 l'exclusion \nde toute autre :  \n \n1. Soutien scolaire ou cours \u00e0 domicile \n \nCette activit\u00e9 est exerc\u00e9e en qualit\u00e9 de prestataire. \nL'\u00e9tablissement principal, \u00e9galement si\u00e8ge social, se situe \u00e0 l'adresse ci-dessus et poss\u00e8de le num\u00e9ro \nSIRET suivant, 908 210 024 00018. \nToute modification concernant l'activit\u00e9 exerc\u00e9e devra faire l'objet d'une d\u00e9claration modificative \npr\u00e9alable. \nDirection d\u00e9partementale de l'emploi, du travail et des solidarit\u00e9s de C\u00f4te-d'Or - 21-2025-05-05-00005 - R\u00e9c\u00e9piss\u00e9 d\u00e9claration SAP -\nn\u00b0908210024 BOURGOIN Alexis 5\nDDETS 21, 21 Bd Voltaire, BP 81110 - 21011 DIJON Cedex \nT\u00e9l. : 03 80 45 75 45 (Accueil) \nwww.cote-dor.gouv.fr \nSous r\u00e9serve d'\u00eatre exerc\u00e9e \u00e0 titre exclusif (ou sous r\u00e9serve d'une comptabilit\u00e9 s\u00e9par\u00e9e pour les \npersonnes morales dispens\u00e9es de cette condition), ces activit\u00e9s ouvrent droit au b\u00e9n\u00e9fice des \ndispositions des articles L. 7233-2 du code du travail et L. 241 -10 du code de la s\u00e9curit\u00e9 sociale dans \nles conditions pr\u00e9vues par ces articles. \nLes effets de la d\u00e9claration courent \u00e0 compter du jour de d\u00e9p\u00f4t de la demande, conform\u00e9ment \u00e0 l'article \nR.7232-18 du code du travail. \nL'enregistrement de la d\u00e9claration peut \u00eatre retir\u00e9 dans les conditions fix\u00e9es aux articles R.7232 -20 \u00e0 \nR.7232-22 du code du travail. \nLe pr\u00e9sent r\u00e9c\u00e9piss\u00e9 n'est pas limit\u00e9 dans le temps et sera publi\u00e9 au recueil des actes administratifs de \nla pr\u00e9fecture de la C\u00f4te d'Or. \n \nPour le Pr\u00e9fet de C\u00f4te d'Or \nEt par subd\u00e9l\u00e9gation de \nla Directrice D\u00e9partementale emp\u00each\u00e9e, \n   \nLa Responsable de l'Unit\u00e9, Formation, Emploi et Insertion, \nSIGNE  \nMarie BEGRAND \nDirection d\u00e9partementale de l'emploi, du travail et des solidarit\u00e9s de C\u00f4te-d'Or - 21-2025-05-05-00005 - R\u00e9c\u00e9piss\u00e9 d\u00e9claration SAP -\nn\u00b0908210024 BOURGOIN Alexis 6\nDirection d\u00e9partementale de l'emploi, du travail\net des solidarit\u00e9s de C\u00f4te-d'Or\n21-2025-05-05-00002\nR\u00e9c\u00e9piss\u00e9 d\u00e9claration SAP n\u00b0823939210 -\nMORIAU Mylene\nDirection d\u00e9partementale de l'emploi, du travail et des solidarit\u00e9s de C\u00f4te-d'Or - 21-2025-05-05-00002 - R\u00e9c\u00e9piss\u00e9 d\u00e9claration SAP\nn\u00b0823939210 - MORIAU Mylene 7\nPREFETDE LACOTE-D'ORLibert\u00e9\u00c9galit\u00e9Fraternit\u00e9\nDirection D\u00e9partementale de l'Emploi, \ndu Travail et des Solidarit\u00e9s - DDETS \nDDETS 21, 21 Bd Voltaire, BP 81110 - 21011 DIJON Cedex \nT\u00e9l. : 03 80 45 75 45 (Accueil) \nwww.cote-dor.gouv.fr \nAffaire suivie par Sophie LACROIX                          Dijon, le 05/05/2025 \nP\u00f4le Emploi-Coh\u00e9sion Territoriale, \nT\u00e9l : 03 80 45 75 07 // 06 84 89 20 33 \nCourriel : sophie.lacroix@cote-dor.gouv.fr \nMme MORIAU Myl\u00e8ne \n2 all\u00e9e du s\u00e9quoia \n21110 IZIER \n \n \n \nRECEPISSE DE DECLARATION \nd'un Organisme de Services \u00e0 la Personne \nEnregistr\u00e9 sous le n\u00b0 SAP/ 823939210 \n \n \nLe Pr\u00e9fet de la C\u00f4te-d'Or, et par subd\u00e9l\u00e9gation de la Directrice D\u00e9partementale de la DDETS, la \nCheffe du P\u00f4le Emploi et Coh\u00e9sion Territoriale/la Responsable de l'Unit\u00e9 Formation, Emploi, Insertion \n \n \n \nVU la loi n\u00b0 2015-1776 du 28 d\u00e9cembre 2015 relative \u00e0 l'adaptation de la soci\u00e9t\u00e9 au vieillissement, \n \nVU le d\u00e9cret n\u00b0 2016-750 du 6 juin 2016 relatif \u00e0 la liste des activit\u00e9s de services \u00e0 la personne soumises \n\u00e0 agr\u00e9ment ou \u00e0 autorisation dans le cadre du r\u00e9gime commun de la d\u00e9claration, \n \nVU le code du travail et notamment les articles L 7231-1 \u00e0 L 7233-2, R 7232-16 \u00e0 R 7232-22, D7231-1 \net D 7233-1 \u00e0 D 7233-5. \n \n \nConstate \n \nQu'une d\u00e9claration d'activit\u00e9s de services \u00e0 la personne a \u00e9t\u00e9 d\u00e9pos\u00e9e sous le n\u00b0 2177300 aupr\u00e8s de \nla DDETS de la C\u00f4te d'Or, le 2 3 avril 2025, par Mme MORIAU Myl\u00e8ne, dans le cadre de l'entreprise \nindividuelle \" MH CLEAN SERVICES\", repr\u00e9sent\u00e9e par Mme MORIAU Myl\u00e8ne, dont le si\u00e8ge social est \nsitu\u00e9 2 all\u00e9e du sequoia 21110 IZIER et enregistr\u00e9e sous le n\u00b0 SAP/823939210 pour l'activit\u00e9 suivante \n\u00e0 l'exclusion de toute autre :  \n \n1. Entretien de la maison et travaux m\u00e9nagers \n \nCette activit\u00e9 est exerc\u00e9e en qualit\u00e9 de prestataire. \nL'\u00e9tablissement principal, \u00e9galement si\u00e8ge social, se situe \u00e0 l'adresse ci-dessus et poss\u00e8de le num\u00e9ro \nSIRET suivant, 823 939 210 00022. \nDirection d\u00e9partementale de l'emploi, du travail et des solidarit\u00e9s de C\u00f4te-d'Or - 21-2025-05-05-00002 - R\u00e9c\u00e9piss\u00e9 d\u00e9claration SAP\nn\u00b0823939210 - MORIAU Mylene 8\nDDETS 21, 21 Bd Voltaire, BP 81110 - 21011 DIJON Cedex \nT\u00e9l. : 03 80 45 75 45 (Accueil) \nwww.cote-dor.gouv.fr \nToute modification concernant l'activit\u00e9 exerc\u00e9e devra faire l'objet d'une d\u00e9claration modificative \npr\u00e9alable. \nSous r\u00e9serve d'\u00eatre exerc\u00e9e \u00e0 titre exclusif (ou sous r\u00e9serve d'une comptabilit\u00e9 s\u00e9par\u00e9e pour les \npersonnes morales dispens\u00e9es de cette c ondition), ces activit\u00e9s ouvrent droit au b\u00e9n\u00e9fice des \ndispositions des articles L. 7233-2 du code du travail et L. 241 -10 du code de la s\u00e9curit\u00e9 sociale dans \nles conditions pr\u00e9vues par ces articles. \nLes effets de la d\u00e9claration courent \u00e0 compter du jour de d\u00e9p\u00f4t de la demande, conform\u00e9ment \u00e0 l'article \nR.7232-18 du code du travail. \nL'enregistrement de la d\u00e9claration peut \u00eatre retir\u00e9 dans les conditions fix\u00e9es aux articles R.7232 -20 \u00e0 \nR.7232-22 du code du travail. \nLe pr\u00e9sent r\u00e9c\u00e9piss\u00e9 n'est pas limit\u00e9 dans le temps et sera publi\u00e9 au recueil des actes administratifs de \nla pr\u00e9fecture de la C\u00f4te d'Or. \n \nPour le Pr\u00e9fet de C\u00f4te d'Or \nEt par subd\u00e9l\u00e9gation de \nla Directrice D\u00e9partementale emp\u00each\u00e9e, \n   \nLa Responsable de l'Unit\u00e9, Formation, Emploi et Insertion, \nSIGNE  \nMarie BEGRAND \nDirection d\u00e9partementale de l'emploi, du travail et des solidarit\u00e9s de C\u00f4te-d'Or - 21-2025-05-05-00002 - R\u00e9c\u00e9piss\u00e9 d\u00e9claration SAP\nn\u00b0823939210 - MORIAU Mylene 9\nDirection d\u00e9partementale de l'emploi, du travail\net des solidarit\u00e9s de C\u00f4te-d'Or\n21-2025-05-05-00004\nR\u00e9c\u00e9piss\u00e9 d\u00e9claration SAP n\u00b0932358948 - Sandra\nGUILLERME\nDirection d\u00e9partementale de l'emploi, du travail et des solidarit\u00e9s de C\u00f4te-d'Or - 21-2025-05-05-00004 - R\u00e9c\u00e9piss\u00e9 d\u00e9claration SAP\nn\u00b0932358948 - Sandra GUILLERME 10\nPREFETDE LACOTE-D'ORLibert\u00e9\u00c9galit\u00e9Fraternit\u00e9\nDirection D\u00e9partementale de l'Emploi, \ndu Travail et des Solidarit\u00e9s - DDETS \nDDETS 21, 21 Bd Voltaire, BP 81110 - 21011 DIJON Cedex \nT\u00e9l. : 03 80 45 75 45 (Accueil) \nwww.cote-dor.gouv.fr \nAffaire suivie par Sophie LACROIX                          Dijon, le 05/05/2025 \nP\u00f4le Emploi-Coh\u00e9sion Territoriale, \nT\u00e9l : 03 80 45 75 07 // 06 84 89 20 33 \nCourriel : sophie.lacroix@cote-dor.gouv.fr \nMme GUILLERME Sandra \n1 impasse Calendini \n21600 LONGVIC \n \n \n \nRECEPISSE DE DECLARATION \nd'un Organisme de Services \u00e0 la Personne \nEnregistr\u00e9 sous le n\u00b0 SAP/ 932358948 \n \n \nLe Pr\u00e9fet de la C\u00f4te-d'Or, et par subd\u00e9l\u00e9gation de la Directrice D\u00e9partementale de la DDETS, la \nCheffe du P\u00f4le Emploi et Coh\u00e9sion Territoriale/la Responsable de l'Unit\u00e9 Formation, Emploi, Insertion \n \n \n \nVU la loi n\u00b0 2015-1776 du 28 d\u00e9cembre 2015 relative \u00e0 l'adaptation de la soci\u00e9t\u00e9 au vieillissement, \n \nVU le d\u00e9cret n\u00b0 2016-750 du 6 juin 2016 relatif \u00e0 la liste des activit\u00e9s de services \u00e0 la personne soumises \n\u00e0 agr\u00e9ment ou \u00e0 autorisation dans le cadre du r\u00e9gime commun de la d\u00e9claration, \n \nVU le code du travail et notamment les articles L 7231-1 \u00e0 L 7233-2, R 7232-16 \u00e0 R 7232-22, D7231-1 \net D 7233-1 \u00e0 D 7233-5. \n \n \nConstate \n \nQu'une d\u00e9claration d'activit\u00e9s de services \u00e0 la personne a \u00e9t\u00e9 d\u00e9pos\u00e9e sous le n\u00b0 2144381 aupr\u00e8s de \nla DDETS de la C\u00f4te d'Or, le 13 avril 2025, par Mme GUILLERME Sandra, dans le cadre de l'entreprise \nindividuelle \" SANDRA HOME SERVICE \", repr\u00e9sent\u00e9e par Mme GUILLERME Sandra, dont le si\u00e8ge \nsocial est situ\u00e9 1 impasse Calendini 21600 LONGVIC et enregistr\u00e9e sous le n\u00b0 SAP/ 932358948 pour \nles activit\u00e9s suivantes \u00e0 l'exclusion de toute autre :  \n \n1. Garde d'enfants de plus de 3 ans \u00e0 domicile \n2. Entretien de la maison et travaux m\u00e9nagers \n \nCes activit\u00e9s sont exerc\u00e9es en qualit\u00e9 de prestataire. \nL'\u00e9tablissement principal, \u00e9galement si\u00e8ge social, se situe \u00e0 l'adresse ci-dessus et poss\u00e8de le num\u00e9ro \nSIRET suivant, 932 358 948 00010. \nDirection d\u00e9partementale de l'emploi, du travail et des solidarit\u00e9s de C\u00f4te-d'Or - 21-2025-05-05-00004 - R\u00e9c\u00e9piss\u00e9 d\u00e9claration SAP\nn\u00b0932358948 - Sandra GUILLERME 11\nDDETS 21, 21 Bd Voltaire, BP 81110 - 21011 DIJON Cedex \nT\u00e9l. : 03 80 45 75 45 (Accueil) \nwww.cote-dor.gouv.fr \nToute modification concernant l'activit\u00e9 exerc\u00e9e devra faire l'objet d'une d\u00e9claration modificative \npr\u00e9alable. \nSous r\u00e9serve d'\u00eatre exerc\u00e9e \u00e0 titre exclusif (ou sous r\u00e9serve d'une comptabilit\u00e9 s\u00e9par\u00e9e pour les \npersonnes morales dispens\u00e9es de cette condition), ces activit\u00e9s ouvrent droit au b\u00e9n\u00e9fice des \ndispositions des articles L. 7233-2 du code du travail et L. 241 -10 du code de la s\u00e9curit\u00e9 sociale dans \nles conditions pr\u00e9vues par ces articles. \nLes effets de la d\u00e9claration courent \u00e0 compter du jour de d\u00e9p\u00f4t de la demande, conform\u00e9ment \u00e0 l'article \nR.7232-18 du code du travail. \nL'enregistrement de la d\u00e9claration peut \u00eatre retir\u00e9 dans les conditions fix\u00e9es aux articles R.7232 -20 \u00e0 \nR.7232-22 du code du travail. \nLe pr\u00e9sent r\u00e9c\u00e9piss\u00e9 n'est pas limit\u00e9 dans le temps et sera publi\u00e9 au recueil des actes administratifs de \nla pr\u00e9fecture de la C\u00f4te d'Or. \n \nPour le Pr\u00e9fet de C\u00f4te d'Or \nEt par subd\u00e9l\u00e9gation de \nla Directrice D\u00e9partementale emp\u00each\u00e9e, \n   \nLa Responsable de l'Unit\u00e9, Formation, Emploi et Insertion, \nSIGNE  \nMarie BEGRAND \nDirection d\u00e9partementale de l'emploi, du travail et des solidarit\u00e9s de C\u00f4te-d'Or - 21-2025-05-05-00004 - R\u00e9c\u00e9piss\u00e9 d\u00e9claration SAP\nn\u00b0932358948 - Sandra GUILLERME 12\nDirection d\u00e9partementale de l'emploi, du travail\net des solidarit\u00e9s de C\u00f4te-d'Or\n21-2025-05-05-00003\nR\u00e9c\u00e9piss\u00e9 d\u00e9claration SAP n\u00b0942995754 - Agn\u00e8s\nFILIPE\nDirection d\u00e9partementale de l'emploi, du travail et des solidarit\u00e9s de C\u00f4te-d'Or - 21-2025-05-05-00003 - R\u00e9c\u00e9piss\u00e9 d\u00e9claration SAP\nn\u00b0942995754 - Agn\u00e8s FILIPE 13\nPREFETDE LACOTE-D'ORLibert\u00e9\u00c9galit\u00e9Fraternit\u00e9\nDirection D\u00e9partementale de l'Emploi, \ndu Travail et des Solidarit\u00e9s - DDETS \nDDETS 21, 21 Bd Voltaire, BP 81110 - 21011 DIJON Cedex \nT\u00e9l. : 03 80 45 75 45 (Accueil) \nwww.cote-dor.gouv.fr \nAffaire suivie par Sophie LACROIX                          Dijon, le 05/05/2025 \nP\u00f4le Emploi-Coh\u00e9sion Territoriale, \nT\u00e9l : 03 80 45 75 07 // 06 84 89 20 33 \nCourriel : sophie.lacroix@cote-dor.gouv.fr \nMme FILIPE Agn\u00e8s \n13 boulevard des Clomiers \n21000 DIJON \n \n \n \nRECEPISSE DE DECLARATION \nd'un Organisme de Services \u00e0 la Personne \nEnregistr\u00e9 sous le n\u00b0 SAP/ 942995754 \n \n \nLe Pr\u00e9fet de la C\u00f4te-d'Or, et par subd\u00e9l\u00e9gation de la Directrice D\u00e9partementale de la DDETS, la \nCheffe du P\u00f4le Emploi et Coh\u00e9sion Territoriale/la Responsable de l'Unit\u00e9 Formation, Emploi, Insertion \n \n \n \nVU la loi n\u00b0 2015-1776 du 28 d\u00e9cembre 2015 relative \u00e0 l'adaptation de la soci\u00e9t\u00e9 au vieillissement, \n \nVU le d\u00e9cret n\u00b0 2016-750 du 6 juin 2016 relatif \u00e0 la liste des activit\u00e9s de services \u00e0 la personne soumises \n\u00e0 agr\u00e9ment ou \u00e0 autorisation dans le cadre du r\u00e9gime commun de la d\u00e9claration, \n \nVU le code du travail et notamment les articles L 7231-1 \u00e0 L 7233-2, R 7232-16 \u00e0 R 7232-22, D7231-1 \net D 7233-1 \u00e0 D 7233-5. \n \n \nConstate \n \nQu'une d\u00e9claration d'activit\u00e9s de services \u00e0 la personne a \u00e9t\u00e9 d\u00e9pos\u00e9e sous le n\u00b0 2129640 aupr\u00e8s de \nla DDETS de la C\u00f4te d'Or, le 08 avril 2025, par Mme FILIPE Agn\u00e8s, dans le cadre d'une entreprise  \nindividuelle, repr\u00e9sent\u00e9e par Mme FILIPE Agn\u00e8s , dont le si\u00e8ge social est situ\u00e9 13 boulevard des \nClomiers 21000 DIJON et enregistr\u00e9e sous le n\u00b0 SAP/ 942995754 pour les activit\u00e9s suivantes \u00e0 \nl'exclusion de toute autre :  \n \n1. Entretien de la maison et travaux m\u00e9nagers \n2. Pr\u00e9paration de repas \u00e0 domicile \n3. Livraison de repas \u00e0 domicile \n4. Livraison de courses \u00e0 domicile \n5. Assistance administrative \u00e0 domicile \n6. Soins d'esth\u00e9tique \u00e0 domicile pour personnes d\u00e9pendantes \nDirection d\u00e9partementale de l'emploi, du travail et des solidarit\u00e9s de C\u00f4te-d'Or - 21-2025-05-05-00003 - R\u00e9c\u00e9piss\u00e9 d\u00e9claration SAP\nn\u00b0942995754 - Agn\u00e8s FILIPE 14\nDDETS 21, 21 Bd Voltaire, BP 81110 - 21011 DIJON Cedex \nT\u00e9l. : 03 80 45 75 45 (Accueil) \nwww.cote-dor.gouv.fr \n7. Soins et promenade(s) d'animaux pour personnes d\u00e9pendantes \n8. Conduite du v\u00e9hicule des personnes en cas d'invalidit\u00e9 temporaire \n9. Accompagnement des personnes pr\u00e9sentant une invalidit\u00e9 temporaire \n \nCes activit\u00e9s sont exerc\u00e9es en qualit\u00e9 de prestataire. \nL'\u00e9tablissement principal, \u00e9galement si\u00e8ge social, se situe \u00e0 l'adresse ci-dessus et poss\u00e8de le num\u00e9ro \nSIRET suivant, 942 995 754 00010. \nToute modification concernant l'activit\u00e9 exerc\u00e9e devra faire l'objet d'une d\u00e9claration modificative \npr\u00e9alable. \nSous r\u00e9serve  d'\u00eatre exerc\u00e9e \u00e0 titre exclusif (ou sous r\u00e9serve d'une comptabilit\u00e9 s\u00e9par\u00e9e pour les \npersonnes morales dispens\u00e9es de cette condition), ces activit\u00e9s ouvrent droit au b\u00e9n\u00e9fice des \ndispositions des articles L. 7233-2 du code du travail et L. 241 -10 du code de la s\u00e9curit\u00e9 sociale dans \nles conditions pr\u00e9vues par ces articles. \nLes effets de la d\u00e9claration courent \u00e0 compter du jour de d\u00e9p\u00f4t de la demande, conform\u00e9ment \u00e0 l'article \nR.7232-18 du code du travail. \nL'enregistrement de la d\u00e9claration peut \u00eatre retir\u00e9 d ans les conditions fix\u00e9es aux articles R.7232 -20 \u00e0 \nR.7232-22 du code du travail. \nLe pr\u00e9sent r\u00e9c\u00e9piss\u00e9 n'est pas limit\u00e9 dans le temps et sera publi\u00e9 au recueil des actes administratifs de \nla pr\u00e9fecture de la C\u00f4te d'Or. \n \nPour le Pr\u00e9fet de C\u00f4te d'Or \nEt par subd\u00e9l\u00e9gation de \nla Directrice D\u00e9partementale emp\u00each\u00e9e, \n   \nLa Responsable de l'Unit\u00e9, Formation, Emploi et Insertion, \nSIGNE  \nMarie BEGRAND \nDirection d\u00e9partementale de l'emploi, du travail et des solidarit\u00e9s de C\u00f4te-d'Or - 21-2025-05-05-00003 - R\u00e9c\u00e9piss\u00e9 d\u00e9claration SAP\nn\u00b0942995754 - Agn\u00e8s FILIPE 15\nDirection d\u00e9partementale des territoires de la\nC\u00f4te-d'Or\n21-2025-05-05-00001\nAP 640 du 05 mai 2025 portant sur la\ncomposition de la Commission Locale\nd'Am\u00e9lioration de l'Habitat de la C\u00f4te-d'Or\nDirection d\u00e9partementale des territoires de la C\u00f4te-d'Or - 21-2025-05-05-00001 - AP 640 du 05 mai 2025 portant sur la composition de\nla Commission Locale d'Am\u00e9lioration de l'Habitat de la C\u00f4te-d'Or 16\nE . Direction D\u00e9partementale des Territoiresb de la Cote-d'OrPREFETDE LACOTE-D'ORLibert\u00e9Egalit\u00e9Fraternit\u00e9\nAffaire suivie par : Christel COULON Dijon, le 5 mai \u00ef\u00fc\")_SService habitat et construction/Bureaulogement social et am\u00e9lioration du parcpriv\u00e9T\u00e9l. : 03 80 29 43 49M\u00e9l : christel.coulon@cote-dor.gouv.fr\nArr\u00e9t\u00e9 N\u00b06 LOportant sur la composition de la Commission Locale d'Am\u00e9lioration de l'Habitat de laC\u00f4te-d'Or |Le Pr\u00e9fet de la C\u00f4te-d'Or\nVU le code de la construction et de l'habitation, notamment son article R321-10,VU le d\u00e9cret n\u00b0 2017-831 du 5 mai 2017 relatif \u00e0 l'organisation et aux aides de l'Anah,modifiant la composition de la commission locale d'am\u00e9lioration de l'habitat,VU les propositions des diff\u00e9rents organismes consult\u00e9s pour si\u00e9ger \u00e0 la CLAH de la C\u00f4te-d'Or,\nSUR proposition de Madame la Directrice d\u00e9partementale des territoires,\nARR\u00caTE\nDirection d\u00e9partementale des territoires de la C\u00f4te-d'Or57 rue de Mulhouse- BP 53317 - 21033 DIJON cedext\u00e9l : 03 80 29 44 44 - Courriel : ddt@cote-dor.gouv.fr\nDirection d\u00e9partementale des territoires de la C\u00f4te-d'Or - 21-2025-05-05-00001 - AP 640 du 05 mai 2025 portant sur la composition de\nla Commission Locale d'Am\u00e9lioration de l'Habitat de la C\u00f4te-d'Or 17\nArticle 1er :La Commission locale d'am\u00e9lioration de l'habitat de C\u00f4te-d'Or est constitu\u00e9e ainsi qu''ilsuit :\nA/ Membre de droitle D\u00e9l\u00e9gu\u00e9 de l'agence dans le d\u00e9partement ou son repr\u00e9sentant, pr\u00e9sident ;\nB/ Membres nomm\u00e9s1. en qualit\u00e9 de repr\u00e9sentants des propri\u00e9taires :Membres d\u00e9sign\u00e9s par la Chambre Syndicale des Propri\u00e9taires Immobiliers \u2014 (UNPI)Membre titulaireMonsieur Herv\u00e9 le Gouz de Saint Seine, 21 boulevard Carnot, 21000 DIJONMembre suppl\u00e9antMonsieur Claude Nadin, 21 boulevard Carnot, 21000 DIJON\n2. en qualit\u00e9 de repr\u00e9sentant des locataires :Membres d\u00e9sign\u00e9s par la Conf\u00e9d\u00e9ration Nationale du Logement - F\u00e9d\u00e9ration de la C\u00f4te-d'OrMembre titulaireMadame Pascale Masson, 7 rue du pr\u00e9 haut, 21 120 Marey-sur-TilleMembre suppl\u00e9ant 'Conf\u00e9d\u00e9ration Nationale du Logement - F\u00e9d\u00e9ration de la C\u00f4te-d'Or\n3. en qualit\u00e9 de personne qualifi\u00e9e pour ses comp\u00e9tences dans le domaine du logement :Membre d\u00e9sign\u00e9 par I'ADIL de la C\u00f4te-d'OrMembre titulaireMadame Guylaine Chapuis, 4 rue Paul Cabet, 21000 DIJONMembre d\u00e9sign\u00e9 par la FNAIM de la C\u00f4te-d'OrMembre suppl\u00e9antMonsieur Fr\u00e9d\u00e9ric POUHIN, 10 place des ducs, 21000 DIJON\nDirection d\u00e9partementale des territoires de la C\u00f4te-d'Or57 rue de Mulhouse- BP 53317 - 21033 DIJON cedext\u00e9l : 03 80 29 44 44 - Courriel : ddt@cote-dor.gouv.fr\nDirection d\u00e9partementale des territoires de la C\u00f4te-d'Or - 21-2025-05-05-00001 - AP 640 du 05 mai 2025 portant sur la composition de\nla Commission Locale d'Am\u00e9lioration de l'Habitat de la C\u00f4te-d'Or 18\n4. en qualit\u00e9 de personne qualifi\u00e9e pour ses comp\u00e9tences dans le domaine social :Membres d\u00e9sign\u00e9s par Habitat et HumanismeMembre titulaireMadame Sol\u00e8ne NAVEOS, 14 boulevard Bachelard, 21 000 DIJONMembre suppl\u00e9antMonsieur Jean-Fran\u00e7ois CHOCHOIS, 14 boulevard Bachelard, 21 000 DIJON\nMembres d\u00e9sign\u00e9s par les Restos du C\u0153urMembre titulaireMonsieur Andr\u00e9-Paul POUSSARDIN, 21000 DIJONMembre suppl\u00e9antMonsieur Joseph LONGHINI, 21000 DIJON\n4. en qualit\u00e9 de personne repr\u00e9sentant des associ\u00e9s collecteurs de l'union d'\u00e9conomiesociale pour le logements :Membres d\u00e9sign\u00e9s par Action logementMembre titulaireMonsieur Christophe GRAS, 28 boulevard Cl\u00e9menceau - BP 37824 - 21078 DIJON cedexMembre suppl\u00e9antMadame Nathalie QUEGUINER, 28 boulevard Cl\u00e9menceau \u2014 BP 37824 - 21078 DIJON cedex\nArticle 2 : |Le pr\u00e9sent arr\u00eat\u00e9 prend effet \u00e0 partir de sa publication au recueil des actes administratifsdu d\u00e9partement de la C\u00f4te-d'Or.\nArticle 3 :Monsieur le Secr\u00e9taire g\u00e9n\u00e9ral de la pr\u00e9fecture et Madame la Directrice d\u00e9partementaledes territoires de la C\u00f4te-d'Or sont charg\u00e9s chacun(e) en ce qui le (la) concerne del'ex\u00e9cution du pr\u00e9sent arr\u00eat\u00e9, qui sera notifi\u00e9 aux int\u00e9ress\u00e9s et publi\u00e9 au recueil desactes administratifs de la pr\u00e9fecture de C\u00f4te-d'Or.\nDirection d\u00e9partementale des territoires de la C\u00f4te-d'Or57 rue de Mulhouse- BP 53317 - 21033 DIJON cedext\u00e9l : 03 80 29 44 44 - Courriel : ddt@cote-dor.gouv.fr\nDirection d\u00e9partementale des territoires de la C\u00f4te-d'Or - 21-2025-05-05-00001 - AP 640 du 05 mai 2025 portant sur la composition de\nla Commission Locale d'Am\u00e9lioration de l'Habitat de la C\u00f4te-d'Or 19\nArticle 4 :Conform\u00e9ment aux articles R,421-1 et R,421-5 du code de justice administrative, dans und\u00e9lai de deux mois \u00e0 compter de la publication du pr\u00e9sent arr\u00eat\u00e9, toute personneint\u00e9ress\u00e9e peut adresser un recours gracieux \u00e0 M. le Pr\u00e9fet de la C\u00f4te d'Or.En cas de rejet du recours gracieux, qui intervient de mani\u00e8re implicite en cas d'absencede r\u00e9ponse de l'administration dans un d\u00e9lai de deux mois, un recours contentieux devantle tribunal administratif de Dijon peut \u00eatre form\u00e9 dans les deux mois suivant la date durejet.\nFait\u00e0 Dijon, le 5 moi 295Le pr\u00e9fet,Paul MOURIER\nDirection d\u00e9partementale des territoires de la C\u00f4te-d'Or57 rue de Mulhouse- BP 53317 - 21033 DIJON cedext\u00e9l : 03 80 29 44 44 - Courriel : ddt@cote-dor.gouv.fr\nDirection d\u00e9partementale des territoires de la C\u00f4te-d'Or - 21-2025-05-05-00001 - AP 640 du 05 mai 2025 portant sur la composition de\nla Commission Locale d'Am\u00e9lioration de l'Habitat de la C\u00f4te-d'Or 20\nDirection d\u00e9partementale des territoires de la\nC\u00f4te-d'Or\nService \u00c9conomie Agricole et Environnement des\nExploitations\n21-2025-05-25-00001\nArr\u00eat\u00e9 pr\u00e9fectoral n\u00b0  618\nrejetant l'autorisation au titre de l'article L. 333-3\ndu Code rural et de la p\u00eache maritime de prise\nde contr\u00f4le de la soci\u00e9t\u00e9 SCEA DE CHAMBERNE\nau b\u00e9n\u00e9fice de la SCI DE LA SAONE en l'absence\nde proposition de mesures compensatoires.\nDirection d\u00e9partementale des territoires de la C\u00f4te-d'Or - 21-2025-05-25-00001 - Arr\u00eat\u00e9 pr\u00e9fectoral n\u00b0  618\nrejetant l'autorisation au titre de l'article L. 333-3 du Code rural et de la p\u00eache maritime de prise de contr\u00f4le de la soci\u00e9t\u00e9 SCEA DE\nCHAMBERNE au b\u00e9n\u00e9fice de la SCI DE LA SAONE en l'absence de proposition de mesures compensatoires.\n21\nDirection d\u00e9partementale des territoires de la C\u00f4te-d'Or - 21-2025-05-25-00001 - Arr\u00eat\u00e9 pr\u00e9fectoral n\u00b0  618\nrejetant l'autorisation au titre de l'article L. 333-3 du Code rural et de la p\u00eache maritime de prise de contr\u00f4le de la soci\u00e9t\u00e9 SCEA DE\nCHAMBERNE au b\u00e9n\u00e9fice de la SCI DE LA SAONE en l'absence de proposition de mesures compensatoires.\n22\nConsid\u00e9rant que cette op\u00e9ration a pour cons\u00e9quence une prise de contr\u00f4le, au sens du IV del'article L. 333-2, de la soci\u00e9t\u00e9 SCEA DE CHAMBERNE au b\u00e9n\u00e9fice de la SCI DE LA SAONE contr\u00f4l\u00e9epar Monsieur Damien ROUX qui d\u00e9tiendra ainsi 60 % du capital social et des droits de vote en sonsein.Consid\u00e9rant que la surface exploit\u00e9e ou d\u00e9tenue directement ou indirectement par MonsieurDamien LEROUX suite \u00e0 l'op\u00e9ration sera de 2622,8488 hectares en surface pond\u00e9r\u00e9e et d\u00e9passerale seuil d'agrandissement significatif fix\u00e9 \u00e0 227 hectares ;Consid\u00e9rant que la soci\u00e9t\u00e9 faisant l'objet de la prise de contr\u00f4le ou le b\u00e9n\u00e9ficiaire de cette prise decontr\u00f4le n'a pas propos\u00e9 de mesure compensatoire dans les d\u00e9lais, suite au courrier du 17/02/2025,notifi\u00e9 le 21/02/2025, l'informant de cette possibilit\u00e9 ;Consid\u00e9rant que, l'op\u00e9ration envisag\u00e9e porte atteinte aux objectifs d\u00e9finis \u00e0 l'article L. 333-1 duCode rural et de la p\u00eache maritime et l'emporte sur la contribution de l'op\u00e9ration aud\u00e9veloppement du territoire et \u00e0 la diversit\u00e9 des syst\u00e8mes de production, pour les motifs suivants :Pr\u00e9sence d'une pression fonci\u00e8re forte sur le territoire concern\u00e9 par l''op\u00e9ration soci\u00e9taireenvisag\u00e9e. Cette pression est constat\u00e9e tant sur la demande en foncier que sur les prixconstat\u00e9s. Plusieurs exploitants du secteur ont subi des pertes de foncier et quelquefois noncompens\u00e9es;Des projets d'installation ou de besoins de consolidation r\u00e9currents sont identifi\u00e9s sur leterritoire.ARR\u00caTEArticle 1*: Rejet de la demandeLa demande d'autorisation au titre de l'article L. 333-3 du Code rural et de la p\u00e9che maritimepr\u00e9sent\u00e9e par Monsieur Damien LEROUX agissant en qualit\u00e9 de repr\u00e9sentant de la soci\u00e9t\u00e9 civiled'exploitation agricole DE CHAMBERNE du 25/10/2024 est rejet\u00e9e.\nArticle 2 : PublicationLe pr\u00e9sent arr\u00eat\u00e9 sera publi\u00e9 au recueil des actes administratifs de la pr\u00e9fecture de la C\u00f4te-d'Or.Article 3 : RecoursEn cas de contestation, la pr\u00e9sente d\u00e9cision peut faire l'objet d'un recours contentieux aupr\u00e8s dutribunal administratif de DIJON :< soit directement dans le d\u00e9lai de deux mois \u00e0 compter de sa notification ;< soit, \u00e0 l'issue d'un recours administratif, dans les deux mois \u00e0 compter de la date de notificationde la r\u00e9ponse de l'administration ou au terme d'un silence gard\u00e9 par celle-ci pendant trois mois \u00e0compter de la notification des motifs qui s'opposent, en l'\u00e9tat, \u00e0 la r\u00e9alisation de l'op\u00e9ration,pr\u00e9vue \u00e0 l'article R.333-12 du code rural et de la p\u00eache maritime.Le tribunal administratif peut \u00eatre saisi via l'application T\u00e9l\u00e9recours citoyens accessible \u00e0 partir dusite www.telerecours.fr ou par requ\u00eate d\u00e9pos\u00e9e sur place ou envoy\u00e9e par courrier au greffe de lajuridiction comp\u00e9tente.En cas de recours administratif, celui-ci doit \u00eatre adress\u00e9 :- \u00c0 l'auteur de la d\u00e9cision pr\u00e9fectorale ;- ou au ministre en charge de l'agriculture (DGPE/SCPE).\nDirection d\u00e9partementale des territoires de la C\u00f4te-d'Or57, rue de Mulhouse \u2014 BP 53317 \u2014 21033 DIJON Cedex\n-\n-\nDirection d\u00e9partementale des territoires de la C\u00f4te-d'Or - 21-2025-05-25-00001 - Arr\u00eat\u00e9 pr\u00e9fectoral n\u00b0  618\nrejetant l'autorisation au titre de l'article L. 333-3 du Code rural et de la p\u00eache maritime de prise de contr\u00f4le de la soci\u00e9t\u00e9 SCEA DE\nCHAMBERNE au b\u00e9n\u00e9fice de la SCI DE LA SAONE en l'absence de proposition de mesures compensatoires.\n23\nArticle 4 : Ex\u00e9cutionLe Secr\u00e9taire g\u00e9n\u00e9ral de la pr\u00e9fecture et la directrice d\u00e9partementale des territoires de la C\u00f4te-d'Or sont charg\u00e9s de l'ex\u00e9cution du pr\u00e9sent arr\u00eat\u00e9.\nFait \u00e0 Dijon, le 25/04/2025\nPour le pr\u00e9fet et par d\u00e9l\u00e9gation,la directrice d\u00e9partementale des territoires\nSIGNE\nManuelle DUPUY\nDirection d\u00e9partementale des territoires de la C\u00f4te-d'Or57, rue de Mulhouse \u2014 BP 53317 \u2014 21033 DIJON CedexCourriel : ddt@cote-dor.gouv.fr3/3\nDirection d\u00e9partementale des territoires de la C\u00f4te-d'Or - 21-2025-05-25-00001 - Arr\u00eat\u00e9 pr\u00e9fectoral n\u00b0  618\nrejetant l'autorisation au titre de l'article L. 333-3 du Code rural et de la p\u00eache maritime de prise de contr\u00f4le de la soci\u00e9t\u00e9 SCEA DE\nCHAMBERNE au b\u00e9n\u00e9fice de la SCI DE LA SAONE en l'absence de proposition de mesures compensatoires.\n24\nDirection d\u00e9partementale des territoires de la\nC\u00f4te-d'Or\nService \u00c9conomie Agricole et Environnement des\nExploitations\n21-2025-04-30-00003\nArr\u00eat\u00e9 pr\u00e9fectoral n\u00b0 653\nportant autorisation au titre de l'article L. 333-3\ndu Code rural et de la p\u00eache maritime de prise\nde contr\u00f4le de la soci\u00e9t\u00e9 SCEA DOMAINE LOUIS\nBOILLOT ET FILS\nDirection d\u00e9partementale des territoires de la C\u00f4te-d'Or - 21-2025-04-30-00003 - Arr\u00eat\u00e9 pr\u00e9fectoral n\u00b0 653\nportant autorisation au titre de l'article L. 333-3 du Code rural et de la p\u00eache maritime de prise de contr\u00f4le de la soci\u00e9t\u00e9 SCEA\nDOMAINE LOUIS BOILLOT ET FILS\n25\nDirection d\u00e9partementale des territoires de la C\u00f4te-d'Or - 21-2025-04-30-00003 - Arr\u00eat\u00e9 pr\u00e9fectoral n\u00b0 653\nportant autorisation au titre de l'article L. 333-3 du Code rural et de la p\u00eache maritime de prise de contr\u00f4le de la soci\u00e9t\u00e9 SCEA\nDOMAINE LOUIS BOILLOT ET FILS\n26\nConsid\u00e9rant que la contribution apport\u00e9e par l'op\u00e9ration envisag\u00e9e au d\u00e9veloppement du territoireou \u00e0 la diversit\u00e9 de ses syst\u00e8mes de production I'emporte sur les atteintes aux objectifs d\u00e9finis \u00e0l'article L. 333-1, pour les motifs suivants :\nL'op\u00e9ration consiste en l'apport de l'exploitation individuelle de la m\u00e8re \u00e0 une soci\u00e9t\u00e9d'exploitation int\u00e9gralement d\u00e9tenue par le fils.L'op\u00e9ration s'inscrit dans Un contexte de restructuration des entreprises d\u00e9tenues par lesmembres de la famille BOILLOT en vue de pr\u00e9parer et de faciliter la transmission int\u00e9gralede l'exploitation familiale au fils ;L'op\u00e9ration ne modifie pas le p\u00e9rim\u00e8tre foncier d\u00e9j\u00e0 contr\u00f4l\u00e9 directement ouindirectement par le Domaine Louis BOILLOT et fils;\nARR\u00caTE\nArticle 1\u00b0: L'autorisation n\u00b0 OS-2025-01 au titre de l'article L. 333-3 du Code rural et de la p\u00eachemaritime est accord\u00e9e \u00e0 la SCEA DOMAINE LOUIS BOILLOT ET FILS.Article 2 : Le pr\u00e9sent arr\u00eat\u00e9 sera publi\u00e9 au recueil des actes administratifs de la pr\u00e9fecture de laC\u00f4te-d'Or.Article 3 : Le Secr\u00e9taire g\u00e9n\u00e9ral de la pr\u00e9fecture et la directrice d\u00e9partementale des territoires,chacun en ce qui les concerne, sont charg\u00e9s de I'ex\u00e9cution du pr\u00e9sent arr\u00e9t\u00e9.\nDijon, le 30/04/2025\nLe pr\u00e9fet\nSIGNE\nPaul MOURIER\nLe pr\u00e9sent arr\u00e9t\u00e9 peut \u00e9tre contest\u00e9 dans un d\u00e9lai de deux mois a compter de sa publication soit par un recoursgracieux aupr\u00e8s de l'auteur de la d\u00e9cision ou un recours hi\u00e9rarchique aupr\u00e9s du ministre charg\u00e9 de l'agriculturesoit par un recours contentieux devant le tribunal administratif territorialement comp\u00e9tent (Tribunaladministratif de Dijon) via T\u00e9l\u00e9recours citoyens accessible par le site internet www.telerecours.fr.\nDirection d\u00e9partementale des territoires de la C\u00f4te-d'Or57 rue de Mulhouse - BP 53317 - 21033 DIJON CedexCourriel : ddt@cote-dor.gouv.fr2/2\n\u2022\n\u2022\n\u2022\nDirection d\u00e9partementale des territoires de la C\u00f4te-d'Or - 21-2025-04-30-00003 - Arr\u00eat\u00e9 pr\u00e9fectoral n\u00b0 653\nportant autorisation au titre de l'article L. 333-3 du Code rural et de la p\u00eache maritime de prise de contr\u00f4le de la soci\u00e9t\u00e9 SCEA\nDOMAINE LOUIS BOILLOT ET FILS\n27\nDirection d\u00e9partementale des territoires de la\nC\u00f4te-d'Or\nService S\u00e9curit\u00e9 et Education Routi\u00e8re\n21-2025-05-06-00011\nAP 646 20250506 RAA A6 RepriseTPC\nDirection d\u00e9partementale des territoires de la C\u00f4te-d'Or - 21-2025-05-06-00011 - AP 646 20250506 RAA A6 RepriseTPC 28\nExPREFETDE LACOTE-D'ORL,z'berte'Egalit\u00e9Fraternit\u00e9\n Direction d\u00e9partementale des territoires\nde la C\u00f4te-d'Or\nService de la S\u00e9curit\u00e9 et de l'\u00c9ducation Routi\u00e8re\nBureau de la S\u00e9curit\u00e9 Routi\u00e8re\nDijon, le 6 mai 2025 \nArr\u00eat\u00e9 N\u00b0 646\nportant r\u00e9glementation temporaire de la circulation sur l'autoroute A6 \u00e0 l'occasion de \ntravaux de reprise de caniveau \u00e0 fente de type satujo en terre-plein central\nau PR237 sens Paris/Lyon\nLe pr\u00e9fet de la C\u00f4te-d'Or\nVU le Code de la Route, notamment ses articles R411-8 et R411-25 ;\nVU l'Arr\u00eat\u00e9  Interminist\u00e9riel  du  24  novembre  1967  modifi\u00e9  relatif  \u00e0  la  signalisation  des \nroutes et autoroutes ;\nVU l'Instruction  Interminist\u00e9rielle  sur  la  signalisation  routi\u00e8re  (Livre  1,  8\u00e8me  partie, \nsignalisation  temporaire)  approuv\u00e9e  par  l'Arr\u00eat\u00e9  Interminist\u00e9riel  du  6  novembre  1992 \nmodifi\u00e9 ;\nVU la note technique du 14 avril 2016 du Minist\u00e8re de l'Environnement de l'\u00c9nergie et de la \nMer, relative \u00e0 la coordination des chantiers sur le r\u00e9seau national ;\nVU l'arr\u00eat\u00e9 pr\u00e9fectoral n\u00b0612 du 20 ao\u00fbt 2019 portant r\u00e9glementation permanente de la  \ncirculation pour l'exploitation des chantiers courants sur les autoroutes conc\u00e9d\u00e9es \u00e0 APRR  \ndans le d\u00e9partement de la C\u00f4te-d'Or ;\nVU l'arr\u00eat\u00e9 pr\u00e9fectoral n\u00b0507 du 28 mars 2025 donnant d\u00e9l\u00e9gation de signature \u00e0 Madame \nManuelle DUPUY, Directrice D\u00e9partementale des Territoires ;\nVU l'arr\u00eat\u00e9 pr\u00e9fectoral n\u00b0512 du 7 avril 2025 portant subd\u00e9l\u00e9gation de signature aux agents \nde la Direction D\u00e9partementale des Territoires de la C\u00f4te-d'Or ;\nVU la note du 23 janvier 2025 du Minist\u00e8re de l'Am\u00e9nagement du Territoire et de la  \nD\u00e9centralisation,  Minist\u00e8re  charg\u00e9  des  Transports,  fixant  le  calendrier  des  jours  hors \nchantiers pour l'ann\u00e9e 2025 ;\nVU la demande en date du 25 avril 2025 de Monsieur le Directeur d'exploitation d'APRR ;\nVU l'information communiqu\u00e9e au service d\u00e9partemental d'incendie et de secours de la  \nC\u00f4te-d'Or en date du 25 avril 2025 ;\nDirection d\u00e9partementale des territoires de la C\u00f4te-d'Or\n57 rue de Mulhouse- BP 53317 - 21033 DIJON cedex\nt\u00e9l : 03 80 29 44 44 \u2013 Courriel : ddt@cote-dor.gouv.fr\nDirection d\u00e9partementale des territoires de la C\u00f4te-d'Or - 21-2025-05-06-00011 - AP 646 20250506 RAA A6 RepriseTPC 29\n2/4\nVU l'avis  favorable  de  Monsieur  le  Sous-Directeur  de  la  gestion  du  r\u00e9seau  autoroutier \nconc\u00e9d\u00e9 des Minist\u00e8res de l'Am\u00e9nagement du Territoire et de la Transition \u00c9cologique  en \ndate du 30 avril 2025 ;\nVU l'avis r\u00e9put\u00e9 favorable du Peloton Motoris\u00e9 de Gendarmerie de Pouilly-En-Auxois ;\nCONSID\u00c9RANT  que  le  chantier  ne  remplit  pas  l'une  ou  plusieurs  des  conditions \ncaract\u00e9ristiques des chantiers courants au sens de la note technique du 14 avril relative \u00e0 la \ncoordination  des  chantiers  sur  le  r\u00e9seau  routier  national  et  qu'il  est  donc  class\u00e9  en \n\u00ab chantier non courant \u00bb ;\nCONSID\u00c9RANT  qu'il y a lieu d'assurer la s\u00e9curit\u00e9 et la protection des usagers, des agents  \nd'APRR et des entreprises charg\u00e9es de l'ex\u00e9cution des travaux et de r\u00e9duire, autant que  \npossible, les entraves \u00e0 la circulation provoqu\u00e9es par les travaux ;\nSUR proposition de Madame la Directrice D\u00e9partementale des Territoires de la C\u00f4te-d'Or ;\nARR\u00caTE\nArticle 1  er     :  \nLes travaux concernent des travaux de reprise de satujo (caniveau \u00e0 fente coul\u00e9 en place)  \nen terre-plein central sur l'autoroute A6 au PR237 sens 1 (Paris/Lyon).\nLes mesures d'exploitation, de police et de gestion de trafic mises en \u0153uvre \u00e0 l'occasion  \nde ces travaux s'appliqueront du lundi 12 mai au jeudi 5 juin.\nArticle 2     :  \nLe chantier est class\u00e9 en \u00ab  chantier non courant \u00bb en raison de la d\u00e9rogation aux articles 9  \net 12 de l'arr\u00eat\u00e9 permanent d'exploitation sous chantier n\u00b0612 du 20 ao\u00fbt 2019, \u00e0 savoir :\n\uf0b7 L'inter distance entre ce chantier et un autre chantier pourra \u00eatre r\u00e9duite \u00e0 3 km,\n\uf0b7 Le  trafic  par  voie  laiss\u00e9e  libre  \u00e0  la  circulation  pourra  \u00eatre  sup\u00e9rieur  \u00e0  1200 \nv\u00e9hicules par heure.\nArticle 3     :   \nPour l'ex\u00e9cution des travaux, les mesures d'exploitation et de police suivantes seront mises \nen \u0153uvre :\nSemaine P\u00e9riode Balisage Sens PR D\u00e9but de \nbalisage\nPR Fin de \nbalisage\n20 12/05 au \n16/05\nNeutralisation de voie de \ngauche\n1 236+300 238\n2 237+700 236+200\nDirection d\u00e9partementale des territoires de la C\u00f4te-d'Or\n57 rue de Mulhouse- BP 53317 - 21033 DIJON cedex\nt\u00e9l : 03 80 29 44 44 \u2013 Courriel : ddt@cote-dor.gouv.fr\nDirection d\u00e9partementale des territoires de la C\u00f4te-d'Or - 21-2025-05-06-00011 - AP 646 20250506 RAA A6 RepriseTPC 30\n3/4\nSemaine P\u00e9riode Balisage Sens PR D\u00e9but de \nbalisage\nPR Fin de \nbalisage\n21 19/05 au \n23/05\nNeutralisation de voie de \ngauche\n1 236+300 238\n2 237+700 236+200\n22 26/05 au \n27/05\nNeutralisation de voie de \ngauche\n1 236+300 238\n2 237+700 236+200\n23 02/06 au \n05/06\nNeutralisation de voie de \ngauche\n1 236+300 238\n2 237+700 236+200\nArticle 4 :\nDes mesures d'information des usagers seront prises par le canal :\n- de messages sur les Panneaux \u00e0 Messages Variables (PMV) situ\u00e9s en section courante de \nl'autoroute,\n- de messages sur PMVA situ\u00e9 en entr\u00e9e des gares de p\u00e9age,\n- de messages sur \u00ab Autoroute Info 107 .7 \u00bb,\n- du service d'information vocale autoroutier,\n- du site internet www.aprr.fr.\nArticle 5 :\nLa Direction D\u00e9partementale des Territoires de la C\u00f4te-d'Or sera avertie de la mise en  \nplace ou du report et en temps r\u00e9el de la fin des mesures d'exploitation, ainsi qu'en cas  \nd'\u00e9v\u00e9nement entra\u00eenant une g\u00eane importante \u00e0 la circulation, particuli\u00e8rement en cas  \nd'application du Plan de Gestion de Trafic, et des mesures prises \u00e0 cet effet.\nArticle 6     :  \nLa signalisation des chantiers devra \u00eatre conforme aux prescriptions r\u00e9glementaires, en  \nparticulier \u00e0 celles de l'Instruction Interminist\u00e9rielle sur la  Signalisation Routi\u00e8re (8\u00e8me  \npartie - Signalisation Temporaire) ainsi qu'aux guides techniques du SETRA subs\u00e9quents :\n- Routes \u00e0 chauss\u00e9es s\u00e9par\u00e9es \u2013 Manuel du Chef de Chantier\n- Choix d'un mode d'exploitation.\nLa mise en place et le maintien de la signalisation temporaire de ces chantiers seront  \nassur\u00e9s sous le contr\u00f4le et la responsabilit\u00e9 des services d'APRR.\nDirection d\u00e9partementale des territoires de la C\u00f4te-d'Or\n57 rue de Mulhouse- BP 53317 - 21033 DIJON cedex\nt\u00e9l : 03 80 29 44 44 \u2013 Courriel : ddt@cote-dor.gouv.fr\nDirection d\u00e9partementale des territoires de la C\u00f4te-d'Or - 21-2025-05-06-00011 - AP 646 20250506 RAA A6 RepriseTPC 31\n4/4\nLes forces de l'ordre seront pr\u00e9sentes pour accompagner les agents d'APRR afin de faire  \nrespecter  les  mesures  de  police  n\u00e9cessaires  \u00e0  la  mise  en  place  des  balisages  et \nsignalisations temporaires (ralentissement de la circulation, fermeture de section courante \nou de bretelles) ainsi qu'\u00e0 la r\u00e9alisation des travaux.\nToutefois,  dans  l'hypoth\u00e8se  o\u00f9,  une  fois  requises,  les  forces  de  l'ordre,  seraient  dans \nl'impossibilit\u00e9  d'\u00eatre  pr\u00e9sentes,  les  agents  d'APRR  seront  autoris\u00e9s  \u00e0  r\u00e9aliser  seuls  ces \nop\u00e9rations.\nArticle 7     :  \nLe pr\u00e9sent arr\u00eat\u00e9 peut faire l'objet d'un recours gracieux aupr\u00e8s du pr\u00e9fet et/ou d'un  \nrecours contentieux devant le tribunal administratif dans un d\u00e9lai de 2 mois \u00e0 compter de  \nsa notification.\nLe tribunal administratif peut \u00eatre saisi par un recours d\u00e9pos\u00e9 via l'application T\u00e9l\u00e9recours  \ncitoyens accessible par le site internet www.telerecours.fr \u00bb.\nArticle 8     :  \n- La Directrice de Cabinet du pr\u00e9fet de la C\u00f4te-d'Or,\n- Le  Commandant  de  la  R\u00e9gion  de  Gendarmerie  de  Bourgogne-Franche-Comt\u00e9,  du \nGroupement de la C\u00f4te-d'Or,\n- Le Directeur d'exploitation d'APRR,\nsont charg\u00e9s, chacun en ce qui le concerne, de l'ex\u00e9cution du pr\u00e9sent arr\u00eat\u00e9.\nLe pr\u00e9sent arr\u00eat\u00e9 sera publi\u00e9 au recueil des actes administratifs de la Pr\u00e9fecture de la C\u00f4te-\nd'Or.\nUne copie du pr\u00e9sent arr\u00eat\u00e9 sera adress\u00e9e pour information :\n- au Directeur G\u00e9n\u00e9ral des Infrastructures des Transports et de la Mer des MATTE,\n- au Directeur D\u00e9partemental des Services d'Incendie et de Secours de la C\u00f4te-  \nd'Or,\n- au SAMU de Dijon.\nFait \u00e0 Dijon, le 6 mai 2025\nLe pr\u00e9fet,\nPour le pr\u00e9fet, par d\u00e9l\u00e9gation,\nLa directrice d\u00e9partementale\ndes territoires,\nSIGN\u00c9\nManuelle DUPUY\nDirection d\u00e9partementale des territoires de la C\u00f4te-d'Or\n57 rue de Mulhouse- BP 53317 - 21033 DIJON cedex\nt\u00e9l : 03 80 29 44 44 \u2013 Courriel : ddt@cote-dor.gouv.fr\nDirection d\u00e9partementale des territoires de la C\u00f4te-d'Or - 21-2025-05-06-00011 - AP 646 20250506 RAA A6 RepriseTPC 32\nDirection d\u00e9partementale des territoires de la\nC\u00f4te-d'Or\nService S\u00e9curit\u00e9 et Education Routi\u00e8re\n21-2025-05-06-00012\nAP 647 20250506 RAA A39 R\u00e9parationPortique\nDirection d\u00e9partementale des territoires de la C\u00f4te-d'Or - 21-2025-05-06-00012 - AP 647 20250506 RAA A39 R\u00e9parationPortique 33\nExPREFETDE LACOTE-D'ORL,z'berte'Egalit\u00e9Fraternit\u00e9\n Direction d\u00e9partementale des territoires\nde la C\u00f4te-d'Or\nService de la S\u00e9curit\u00e9 et de l'\u00c9ducation Routi\u00e8re\nBureau de la S\u00e9curit\u00e9 Routi\u00e8re\nDijon, le 6 mai 2025 \nArr\u00eat\u00e9 N\u00b0 647\nportant r\u00e9glementation temporaire de la circulation sur l'autoroute A39 \u00e0 l'occasion de \ntravaux de r\u00e9paration d'un portique de signalisation au PR 0+650 dans le sens Dole-Dijon.\nLe pr\u00e9fet de la C\u00f4te-d'Or\nVU le Code de la Route, notamment ses articles R411-8 et R411-25 ;\nVU l'Arr\u00eat\u00e9  Interminist\u00e9riel  du  24  novembre  1967  modifi\u00e9  relatif  \u00e0  la  signalisation  des \nroutes et autoroutes ;\nVU l'Instruction  Interminist\u00e9rielle  sur  la  signalisation  routi\u00e8re  (Livre  1,  8\u00e8me  partie, \nsignalisation  temporaire)  approuv\u00e9e  par  l'Arr\u00eat\u00e9  Interminist\u00e9riel  du  6  novembre  1992 \nmodifi\u00e9 ;\nVU la note technique du 14 avril 2016 du Minist\u00e8re de l'Environnement de l'\u00c9nergie et de la \nMer, relative \u00e0 la coordination des chantiers sur le r\u00e9seau national ;\nVU l'arr\u00eat\u00e9 pr\u00e9fectoral n\u00b0612 du 20 ao\u00fbt 2019 portant r\u00e9glementation permanente de la  \ncirculation pour l'exploitation des chantiers courants sur les autoroutes conc\u00e9d\u00e9es \u00e0 APRR  \ndans le d\u00e9partement de la C\u00f4te-d'Or ;\nVU l'arr\u00eat\u00e9 pr\u00e9fectoral n\u00b0507 du 28 mars 2025 donnant d\u00e9l\u00e9gation de signature \u00e0 Madame \nManuelle DUPUY, Directrice D\u00e9partementale des Territoires ;\nVU l'arr\u00eat\u00e9 pr\u00e9fectoral n\u00b0512 du 7 avril 2025 portant subd\u00e9l\u00e9gation de signature aux agents \nde la Direction D\u00e9partementale des Territoires de la C\u00f4te-d'Or ;\nVU la note du 23 janvier 2025 du Minist\u00e8re de l'Am\u00e9nagement du Territoire et de la  \nD\u00e9centralisation,  Minist\u00e8re  charg\u00e9  des  Transports,  fixant  le  calendrier  des  jours  hors \nchantiers pour l'ann\u00e9e 2025 ;\nVU la demande en date du 17 avril 2025 de Monsieur le Directeur d'exploitation d'APRR ;\nVU l'information communiqu\u00e9e au service d\u00e9partemental d'incendie et de secours de la  \nC\u00f4te-d'Or en date du 17 avril 2025 ;\nDirection d\u00e9partementale des territoires de la C\u00f4te-d'Or\n57 rue de Mulhouse- BP 53317 - 21033 DIJON cedex\nt\u00e9l : 03 80 29 44 44 \u2013 Courriel : ddt@cote-dor.gouv.fr\nDirection d\u00e9partementale des territoires de la C\u00f4te-d'Or - 21-2025-05-06-00012 - AP 647 20250506 RAA A39 R\u00e9parationPortique 34\n2/4\nVU l'avis favorable du Peloton Motoris\u00e9 de Gendarmerie de Chevigny-Saint-Sauveur en  \ndate du 17 avril 2025 ;\nVU l'avis  favorable  de  Monsieur  le  Sous-Directeur  de  la  gestion  du  r\u00e9seau  autoroutier \nconc\u00e9d\u00e9 des Minist\u00e8res de l'Am\u00e9nagement du Territoire et de la Transition \u00c9cologique  en \ndate du 18 avril 2025 ;\nVU l'avis favorable de la M\u00e9tropole de Dijon en date du 29 avril 2025 ;\nCONSID\u00c9RANT  que  le  chantier  ne  remplit  pas  l'une  ou  plusieurs  des  conditions \ncaract\u00e9ristiques des chantiers courants au sens de la note technique du 14 avril relative \u00e0 la \ncoordination  des  chantiers  sur  le  r\u00e9seau  routier  national  et  qu'il  est  donc  class\u00e9  en \n\u00ab chantier non courant \u00bb ;\nCONSID\u00c9RANT  qu'il y a lieu d'assurer la s\u00e9curit\u00e9 et la protection des usagers, des agents \nd'APRR et des entreprises charg\u00e9es de l'ex\u00e9cution des travaux et de r\u00e9duire, autant que  \npossible, les entraves \u00e0 la circulation provoqu\u00e9es par les travaux ;\nSUR proposition de Madame la Directrice D\u00e9partementale des Territoires de la C\u00f4te-d'Or ;\nARR\u00caTE\nArticle 1  er     :  \nLes travaux concernent la r\u00e9paration d'un portique de signalisation au PR0+650 sur l'A39  \nsens 2 (Dole/Dijon).\nLes mesures d'exploitation, de police et de gestion de trafic mises en \u0153uvre \u00e0 l'occasion  \nde ces travaux s'appliqueront du mercredi 14 mai, 21 h au jeudi 15 mai, 6h.\nArticle 2     :  \nLe chantier est class\u00e9 en \u00ab  chantier non courant \u00bb en raison de la d\u00e9rogation aux articles 9  \net 12 de l'arr\u00eat\u00e9 permanent d'exploitation sous chantier n\u00b0612 du 20 ao\u00fbt 2019, \u00e0 savoir :\n\uf0b7 L'inter distance entre ce chantier et un autre chantier pourra \u00eatre r\u00e9duite \u00e0  \n3 km,\n\uf0b7 Une d\u00e9viation pourra \u00eatre mise en place.\nArticle 3     :   \nPour l'ex\u00e9cution des travaux, les mesures d'exploitation et de police suivantes seront mises \nen \u0153uvre :\n\u2022 Du mercredi 14 au jeudi 15 mai 2025 de 21h \u00e0 6h, neutralisation de la voie de droite \ndu PR 1+700 au PR 0 d'A39 sens 2 (Dole/Dijon),\n\u2022 Fermeture de la bretelle d'entr\u00e9e sens 2 du diffuseur n\u00b02 de Neuilly-les-Dijon du \nmercredi 14 au jeudi 15 mai de 21h \u00e0 6h. Une d\u00e9viation par la M905B direction Dijon \nsera mise en place.\nDirection d\u00e9partementale des territoires de la C\u00f4te-d'Or\n57 rue de Mulhouse- BP 53317 - 21033 DIJON cedex\nt\u00e9l : 03 80 29 44 44 \u2013 Courriel : ddt@cote-dor.gouv.fr\nDirection d\u00e9partementale des territoires de la C\u00f4te-d'Or - 21-2025-05-06-00012 - AP 647 20250506 RAA A39 R\u00e9parationPortique 35\n3/4\nEn  cas  d'al\u00e9as  m\u00e9t\u00e9orologiques  ou  techniques,  le  chantier  pour  \u00eatre  report\u00e9  dans  les \nm\u00eames conditions d'exploitation sans d\u00e9passer le vendredi 16 mai 2025.\nLe concessionnaire sera alors tenu d'en informer par courriel la direction d\u00e9partementale  \nde la C\u00f4te-d'Or ainsi que les services consult\u00e9s pour la signature de cet arr\u00eat\u00e9.\nArticle 4 :\nDes mesures d'information des usagers seront prises par le canal :\n- de messages sur les Panneaux \u00e0 Messages Variables (PMV) situ\u00e9s en section courante de \nl'autoroute,\n- de messages sur PMVA situ\u00e9 en entr\u00e9e des gares de p\u00e9age,\n- de messages sur \u00ab Autoroute Info 107 .7 \u00bb,\n- du service d'information vocale autoroutier,\n- du site internet www.aprr.fr.\nArticle 5 :\nLa Direction D\u00e9partementale des Territoires de la C\u00f4te-d'Or sera avertie \u00e0 l'avance de la  \nmise en place ou du report et en temps r\u00e9el de la fin des mesures d'exploitation, ainsi  \nqu'en cas d'\u00e9v\u00e9nement entra\u00eenant une g\u00eane importante \u00e0 la circulation, particuli\u00e8rement  \nen cas d'application du Plan de Gestion de Trafic, et des mesures prises \u00e0 cet effet.\nArticle 6     :  \nLa signalisation des chantiers devra \u00eatre conforme aux prescriptions r\u00e9glementaires, en  \nparticulier \u00e0 celles de l'Instruction Interminist\u00e9rielle sur la  Signalisation Routi\u00e8re (8\u00e8me  \npartie - Signalisation Temporaire) ainsi qu'aux guides techniques du SETRA subs\u00e9quents :\n- Routes \u00e0 chauss\u00e9es s\u00e9par\u00e9es \u2013 Manuel du Chef de Chantier\n- Choix d'un mode d'exploitation.\nLa mise en place et le maintien de la signalisation temporaire de ces chantiers seront  \nassur\u00e9s sous le contr\u00f4le et la responsabilit\u00e9 des services d'APRR.\nLes forces de l'ordre seront pr\u00e9sentes pour accompagner les agents d'APRR afin de faire  \nrespecter  les  mesures  de  police  n\u00e9cessaires  \u00e0  la  mise  en  place  des  balisages  et \nsignalisations temporaires (ralentissement de la circulation, fermeture de section courante \nou de bretelles) ainsi qu'\u00e0 la r\u00e9alisation des travaux.\nToutefois,  dans  l'hypoth\u00e8se  o\u00f9,  une  fois  requises,  les  forces  de  l'ordre,  seraient  dans \nl'impossibilit\u00e9  d'\u00eatre  pr\u00e9sentes,  les  agents  d'APRR  seront  autoris\u00e9s  \u00e0  r\u00e9aliser  seuls  ces \nop\u00e9rations.\nArticle 7     :  \nLe pr\u00e9sent arr\u00eat\u00e9 peut faire l'objet d'un recours gracieux aupr\u00e8s du pr\u00e9fet et/ou d'un  \nrecours contentieux devant le tribunal administratif dans un d\u00e9lai de 2 mois \u00e0 compter de  \nsa notification.\nLe tribunal administratif peut \u00eatre saisi par un recours d\u00e9pos\u00e9 via l'application T\u00e9l\u00e9recours  \ncitoyens accessible par le site internet www.telerecours.fr \u00bb.\nDirection d\u00e9partementale des territoires de la C\u00f4te-d'Or\n57 rue de Mulhouse- BP 53317 - 21033 DIJON cedex\nt\u00e9l : 03 80 29 44 44 \u2013 Courriel : ddt@cote-dor.gouv.fr\nDirection d\u00e9partementale des territoires de la C\u00f4te-d'Or - 21-2025-05-06-00012 - AP 647 20250506 RAA A39 R\u00e9parationPortique 36\n4/4\nArticle 8     :  \n- La Directrice de Cabinet du pr\u00e9fet de la C\u00f4te-d'Or,\n- Le  Commandant  de  la  R\u00e9gion  de  Gendarmerie  de  Bourgogne-Franche-Comt\u00e9,  du \nGroupement de la C\u00f4te-d'Or,\n- Le Directeur d'exploitation d'APRR,\nsont charg\u00e9s, chacun en ce qui le concerne, de l'ex\u00e9cution du pr\u00e9sent arr\u00eat\u00e9.\nLe pr\u00e9sent arr\u00eat\u00e9 sera publi\u00e9 au recueil des actes administratifs de la Pr\u00e9fecture de la C\u00f4te-\nd'Or.\nUne copie du pr\u00e9sent arr\u00eat\u00e9 sera adress\u00e9e pour information :\n- au Directeur G\u00e9n\u00e9ral des Infrastructures des Transports et de la Mer des MATTE,\n- au Directeur D\u00e9partemental des Services d'Incendie et de Secours de la C\u00f4te-  \nd'Or,\n- \u00e0 la M\u00e9tropole de Dijon,\n- au SAMU de Dijon.\nFait \u00e0 Dijon, le 6 mai 2025\nLe pr\u00e9fet,\nPour le pr\u00e9fet, par d\u00e9l\u00e9gation,\nLa directrice d\u00e9partementale\ndes territoires,\nSIGN\u00c9\nManuelle DUPUY\nDirection d\u00e9partementale des territoires de la C\u00f4te-d'Or\n57 rue de Mulhouse- BP 53317 - 21033 DIJON cedex\nt\u00e9l : 03 80 29 44 44 \u2013 Courriel : ddt@cote-dor.gouv.fr\nDirection d\u00e9partementale des territoires de la C\u00f4te-d'Or - 21-2025-05-06-00012 - AP 647 20250506 RAA A39 R\u00e9parationPortique 37\nDirection d\u00e9partementale des territoires de la\nC\u00f4te-d'Or\nService S\u00e9curit\u00e9 et Education Routi\u00e8re\n21-2025-05-06-00013\nAP 648 20250506 RAA M274\nRenouvellementJointsChauss\u00e9e\nDirection d\u00e9partementale des territoires de la C\u00f4te-d'Or - 21-2025-05-06-00013 - AP 648 20250506 RAA M274\nRenouvellementJointsChauss\u00e9e 38\nExPREFETDE LACOTE-D'ORL,z'berte'Egalit\u00e9Fraternit\u00e9\nDirection d\u00e9partementale des territoires\nde la C\u00f4te-d'Or\nService de la S\u00e9curit\u00e9 et de l'\u00c9ducation Routi\u00e8re\nBureau de la S\u00e9curit\u00e9 Routi\u00e8re\n Dijon, le 6 mai 2025\nArr\u00eat\u00e9 N\u00b0 648\nportant r\u00e9glementation temporaire de la circulation pour la r\u00e9alisation de travaux de \nrenouvellement des joints des ouvrages d'art 107 et 106 situ\u00e9s entre les \u00e9changeurs n\u00b038 \nPompidou, n\u00b039 Valmy/Z\u00e9nith et n\u00b040 Malines entra\u00eenant des coupures d'axe sur la M274, \nsur les communes de Dijon, Ruffey-les-Echirey et Saint-Apollinaire.\nLe pr\u00e9fet de la C\u00f4te-d'Or\nVU le Code de la Route ;\nVU le Code de la Voirie Routi\u00e8re ;\nVU la loi n\u00b02022-217 du 21 f\u00e9vrier 2022 relative \u00e0 la diff\u00e9renciation, la d\u00e9centralisation, la  \nd\u00e9concentration et portant diverses mesures de simplification de l'action publique locale ;\nVU le d\u00e9cret en Conseil d'\u00c9tat du 6 f\u00e9vrier 1980 d\u00e9clarant d'utilit\u00e9 publique la construction \nde la rocade Est de Dijon et lui conf\u00e9rant le statut de route express ;\nVU le d\u00e9cret 2009- 615 du 3 juin 2009 modifi\u00e9, fixant la liste des routes class\u00e9es \u00e0 grande  \ncirculation ;\nVU le d\u00e9cret n\u00b02022-459 du 30 mars 2022 fixant la liste des voies non conc\u00e9d\u00e9es du  \ndomaine  public  routier  national  qui  peuvent  \u00eatre  transf\u00e9r\u00e9es  aux  d\u00e9partements  et \nm\u00e9tropoles ou mises \u00e0 disposition des r\u00e9gions dans les conditions pr\u00e9vues aux articles 38  \net 40 de la loi n\u00b02022-217 du 21 f\u00e9vrier 2022 ;\nVU le d\u00e9cret du 10 octobre 2024 nommant Paul MOURIER, pr\u00e9fet de la r\u00e9gion Bourgogne-\nFranche-Comt\u00e9, pr\u00e9fet de la C\u00f4te-d'Or ;\nVU  l'arr\u00eat\u00e9 interminist\u00e9riel du 24 novembre 1967 modifi\u00e9, relatif \u00e0 la signalisation des  \nroutes et autoroutes ;\nVU  l'arr\u00eat\u00e9 interminist\u00e9riel du 6 novembre 1992 modifi\u00e9, approuvant les dispositions de  \nl'instruction interminist\u00e9rielle sur la signalisation routi\u00e8re ;\nVU l'arr\u00eat\u00e9  pr\u00e9fectoral  n\u00b021-2023-05-02-00001  du  2  mai  2023  relatif  au  transfert  au \nd\u00e9partement de C\u00f4te-d'Or de sections de routes et autoroutes class\u00e9es dans le domaine  \npublic routier national ;\nDirection d\u00e9partementale des territoires de la C\u00f4te-d'Or\n57 rue de Mulhouse- BP 53317 - 21033 DIJON cedex\nt\u00e9l : 03 80 29 44 44 \u2013 Courriel : ddt@cote-dor.gouv.fr\nDirection d\u00e9partementale des territoires de la C\u00f4te-d'Or - 21-2025-05-06-00013 - AP 648 20250506 RAA M274\nRenouvellementJointsChauss\u00e9e 39\n2/4\nVU  l'arr\u00eat\u00e9  pr\u00e9fectoral  n\u00b021-2023-05-02-00002  du  2  mai  2023  relatif  au  transfert  \u00e0  la \nM\u00e9tropole de Dijon de sections de routes et autoroutes class\u00e9es dans le domaine public  \nroutier national ;\nVU  l'arr\u00eat\u00e9 pr\u00e9fectoral n\u00b0  443/SG du 17 mars 2025 donnant d\u00e9l\u00e9gation de signature \u00e0  \nMadame Aur\u00e9lie CONTRECIVILE, directrice de cabinet du pr\u00e9fet de la C\u00f4te-d'Or ;\nVU la note du 23 janvier 2025 du Minist\u00e8re de l'Am\u00e9nagement du Territoire et de la  \nD\u00e9centralisation,  Minist\u00e8re  charg\u00e9  des  Transports,  fixant  le  calendrier  des  jours  hors \nchantiers pour l'ann\u00e9e 2025 ;\nVU la demande pr\u00e9sent\u00e9e par la M\u00e9tropole de Dijon - CEI de Dijon le 22 avril 2025 ;\nVU l'avis favorable de la Direction Interd\u00e9partementale de la Police Nationale en date du  \n16 avril 2025 ;\nCONSID\u00c9RANT que pendant les travaux de renouvellement des joints de chauss\u00e9es sur les \nOA 106 et 107 r\u00e9alis\u00e9s de nuit sur le r\u00e9seau de la M274, avec coupures d'axe dans le sens 2  \n(Paris->Lyon),  du  PR12+500  au  PR9+500  au  niveau  des  l'\u00e9changeur  n\u00b038  Pompidou \n(PR12+070), n\u00b039 Valmy/Z\u00e9nith (PR11+350) et n\u00b040 Malines (PR9+625), il y a lieu de pr\u00e9ciser  \nles conditions de circulation afin de pr\u00e9venir tout risque d'accident, de faciliter la bonne  \nex\u00e9cution des travaux et d'assurer un \u00e9coulement satisfaisant du trafic ;\nCONSID\u00c9RANT que la section concern\u00e9e par les travaux est situ\u00e9e hors agglom\u00e9ration ;\nSUR proposition de Madame la Directrice D\u00e9partementale des Territoires de la C\u00f4te-d'Or ;\nARR\u00caTE\nArticle 1 :\nLes travaux de renouvellement des joints de chauss\u00e9es sur les OA (ouvrages d'art) 106 et  \n107 concernent la M274 dans le sens 2 PARIS-LYON du PR 12+500 au PR 9+500.\nLes dispositions du pr\u00e9sent arr\u00eat\u00e9 s'appliqueront les nuits de 21h \u00e0 6h, hors samedis,  \ndimanches et jours f\u00e9ri\u00e9s, du lundi 19 mai au vendredi 13 juin 2025.\nArticle 2 :\nPendant l'ex\u00e9cution des travaux ci-dessus d\u00e9sign\u00e9s sur la M274, la circulation s'effectuera  \ndans les conditions suivantes :\nCoupure d'axe et fermetures de bretelles :\nLa circulation des usagers sur la M274 sera interdite :\n\u2022 du PR12+500 au PR9+500 dans le sens 2 (Paris->Lyon), au niveau de l'\u00e9changeur n\u00b038 \nPompidou (PR12+070), sortie obligatoire par la bretelle n\u00b03,\n\u2022 dans les bretelles d'entr\u00e9es n\u00b04 des \u00e9changeurs n\u00b038 Pompidou (PR12+070), n\u00b039 \nValmy/Z\u00e9nith (PR11+350),\n\u2022 sur le shunt entre la zone commerciale Toison d'Or et l'\u00e9changeur n\u00b038 Pompidou \n(PR12+070).\nDirection d\u00e9partementale des territoires de la C\u00f4te-d'Or\n57 rue de Mulhouse- BP 53317 - 21033 DIJON cedex\nt\u00e9l : 03 80 29 44 44 \u2013 Courriel : ddt@cote-dor.gouv.fr\nDirection d\u00e9partementale des territoires de la C\u00f4te-d'Or - 21-2025-05-06-00013 - AP 648 20250506 RAA M274\nRenouvellementJointsChauss\u00e9e 40\n3/4\nLes usagers emprunteront les d\u00e9viations suivantes :\ndepuis l'\u00e9changeur n\u00b038 Pompidou (PR12+070)     :  \n\u25aa Av de Langres,\n\u25aa Bd Joffre,\n\u25aa Place Saint Exupery,\n\u25aa Bd des martyrs de la r\u00e9sistance,\n\u25aa Av de Dallas,\n\u25aa rue de Cracovie,\n\u25aa retour M274 via \u00e9changeur n\u00b041 Cracovie (PR6+830).\ndepuis l'\u00e9changeur n\u00b039 Valmy (PR11+350)     :  \n\u25aa Parc Commercial de la Toison d'Or,\n\u25aa Rue de Clochide,\n\u25aa Bd W Churchill,\n\u25aa rue de Malines,\n\u25aa retour M274 via \u00e9changeur n\u00b040 Malines (PR9+625).\nArticle 3 :\nCertaines  phases  pr\u00e9paratoires  ou  de  mise  en  place  de  la  signalisation  du  chantier \npourront  n\u00e9cessiter  des  r\u00e9ductions  momentan\u00e9es  de  chauss\u00e9e  ou  des  interruptions \ncourtes de circulation.\nArticle 4 :\nSur le parcours des sections soumises \u00e0 ces restrictions provisoires, les conducteurs des  \nv\u00e9hicules devront le cas \u00e9ch\u00e9ant, se conformer aux indications des services de police et  \ndes  agents  de  la  direction  interd\u00e9partementale  des  routes  Centre-Est,  tant  en  ce  qui \nconcerne le trajet \u00e0 suivre que l'arr\u00eat s'il leur est prescrit.\nArticle 5 :\nLe passage des convois exceptionnels sera interdit sur l'itin\u00e9raire de d\u00e9viation.\nArticle 6 :\nLa signalisation r\u00e9glementaire, conforme \u00e0 l'instruction interminist\u00e9rielle (Livre I \u2013 8e partie) \napprouv\u00e9e par arr\u00eat\u00e9 interminist\u00e9riel le 6 novembre 1992 et aux manuels du chef de  \nchantier, sera fournie, mise en place et maintenue par le CEI de Dijon.\nArticle 7 :\nLes infractions au pr\u00e9sent arr\u00eat\u00e9 seront constat\u00e9es par proc\u00e8s-verbaux dress\u00e9s par les  \nforces de l'ordre.\nArticle 8 :\nLors de l'ach\u00e8vement des travaux et avant le r\u00e9tablissement normal de la circulation, la  \nchauss\u00e9e devra \u00eatre propre et satisfaire aux conditions normales de s\u00e9curit\u00e9.\nDirection d\u00e9partementale des territoires de la C\u00f4te-d'Or\n57 rue de Mulhouse- BP 53317 - 21033 DIJON cedex\nt\u00e9l : 03 80 29 44 44 \u2013 Courriel : ddt@cote-dor.gouv.fr\nDirection d\u00e9partementale des territoires de la C\u00f4te-d'Or - 21-2025-05-06-00013 - AP 648 20250506 RAA M274\nRenouvellementJointsChauss\u00e9e 41\n4/4\nArticle 9 :\nLe pr\u00e9sent arr\u00eat\u00e9 sera affich\u00e9 aux abords imm\u00e9diats du chantier.\nArticle 10 :\nLe pr\u00e9sent arr\u00eat\u00e9 peut faire l'objet d'un recours gracieux aupr\u00e8s du pr\u00e9fet et/ou d'un  \nrecours contentieux devant le tribunal administratif dans un d\u00e9lai de 2 mois \u00e0 compter de  \nsa notification.\nLe tribunal administratif peut \u00eatre saisi par un recours d\u00e9pos\u00e9 via l'application T\u00e9l\u00e9recours  \ncitoyens accessible par le site internet www.telerecours.fr \u00bb.\nArticle 11 :\n- La Directrice de Cabinet du pr\u00e9fet de la C\u00f4te-d'Or,\n- Le Pr\u00e9sident de Dijon M\u00e9tropole,\n- Le Directeur Interd\u00e9partemental de la Police Nationale,\nsont charg\u00e9s, chacun en ce qui le concerne, de l'ex\u00e9cution du pr\u00e9sent arr\u00eat\u00e9.\nLe pr\u00e9sent arr\u00eat\u00e9 sera publi\u00e9 au recueil des actes administratifs de la Pr\u00e9fecture de la C\u00f4te-\nd'Or.\nUne copie du pr\u00e9sent arr\u00eat\u00e9 sera adress\u00e9e pour information :\n- au  Commandant  de  la  R\u00e9gion  de  Gendarmerie  de  Bourgogne-Franche-Comt\u00e9  et  du \nGroupement de C\u00f4te-d'Or,\n  au Service D\u00e9partemental d'Incendie et de Secours de la C\u00f4te-d'Or,\n  \u00e0 la direction du SAMU de Dijon,\n- au CEI de Dijon M\u00e9tropole,\n- \u00e0 la direction de l'exploitation de Dijon M\u00e9tropole,\n- aux communes de Dijon, Saint-Apollinaire et Ruffey-les-Echirey.\nFait \u00e0 Dijon, le 6 mai 2025\nLe pr\u00e9fet,\nPour le pr\u00e9fet et par d\u00e9l\u00e9gation ,\nLa directrice de cabinet,\nSIGN\u00c9\nAur\u00e9lie CONTRECIVILE\nDirection d\u00e9partementale des territoires de la C\u00f4te-d'Or\n57 rue de Mulhouse- BP 53317 - 21033 DIJON cedex\nt\u00e9l : 03 80 29 44 44 \u2013 Courriel : ddt@cote-dor.gouv.fr\nDirection d\u00e9partementale des territoires de la C\u00f4te-d'Or - 21-2025-05-06-00013 - AP 648 20250506 RAA M274\nRenouvellementJointsChauss\u00e9e 42\nDirection d\u00e9partementale des territoires de la\nC\u00f4te-d'Or\nService S\u00e9curit\u00e9 et Education Routi\u00e8re\n21-2025-05-06-00014\nAP 649 20250506 RAA M274\nD\u00e9pendancesVertes VF\nDirection d\u00e9partementale des territoires de la C\u00f4te-d'Or - 21-2025-05-06-00014 - AP 649 20250506 RAA M274 D\u00e9pendancesVertes VF 43\nExPREFETDE LACOTE-D'ORL,z'berte'Egalit\u00e9Fraternit\u00e9\nDirection d\u00e9partementale des territoires\nde la C\u00f4te-d'Or\nService de la S\u00e9curit\u00e9 et de l'\u00c9ducation Routi\u00e8re\nBureau de la S\u00e9curit\u00e9 Routi\u00e8re\n Dijon, le 6 mai 2025\nArr\u00eat\u00e9 N\u00b0 649\nportant r\u00e9glementation temporaire de la circulation pour la r\u00e9alisation de travaux \nd'entretien des d\u00e9pendances vertes, passe de s\u00e9curit\u00e9, sur la M274 sur les communes de \nDijon, Ruffey les Echirey et Saint Apollinaire.\nLe pr\u00e9fet de la C\u00f4te-d'Or\nVU le Code de la Route ;\nVU le Code de la Voirie Routi\u00e8re ;\nVU la loi n\u00b02022-217 du 21 f\u00e9vrier 2022 relative \u00e0 la diff\u00e9renciation, la d\u00e9centralisation, la  \nd\u00e9concentration et portant diverses mesures de simplification de l'action publique locale ;\nVU le d\u00e9cret en Conseil d'\u00c9tat du 6 f\u00e9vrier 1980 d\u00e9clarant d'utilit\u00e9 publique la construction \nde la rocade Est de Dijon et lui conf\u00e9rant le statut de route express ;\nVU le d\u00e9cret 2009- 615 du 3 juin 2009 modifi\u00e9, fixant la liste des routes class\u00e9es \u00e0 grande  \ncirculation ;\nVU le d\u00e9cret n\u00b02022-459 du 30 mars 2022 fixant la liste des voies non conc\u00e9d\u00e9es du  \ndomaine  public  routier  national  qui  peuvent  \u00eatre  transf\u00e9r\u00e9es  aux  d\u00e9partements  et  \nm\u00e9tropoles ou mises \u00e0 disposition des r\u00e9gions dans les conditions pr\u00e9vues aux articles 38  \net 40 de la loi n\u00b02022-217 du 21 f\u00e9vrier 2022 ;\nVU le d\u00e9cret du 10 octobre 2024 nommant Paul MOURIER, pr\u00e9fet de la r\u00e9gion Bourgogne-\nFranche-Comt\u00e9, pr\u00e9fet de la C\u00f4te-d'Or ;\nVU  l'arr\u00eat\u00e9 interminist\u00e9riel du 24 novembre 1967 modifi\u00e9, relatif \u00e0 la signalisation des  \nroutes et autoroutes ;\nDirection d\u00e9partementale des territoires de la C\u00f4te-d'Or\n57 rue de Mulhouse- BP 53317 - 21033 DIJON cedex\nt\u00e9l : 03 80 29 44 44 \u2013 Courriel : ddt@cote-dor.gouv.fr\nDirection d\u00e9partementale des territoires de la C\u00f4te-d'Or - 21-2025-05-06-00014 - AP 649 20250506 RAA M274 D\u00e9pendancesVertes VF 44\n2/10\nVU  l'arr\u00eat\u00e9 interminist\u00e9riel du 6 novembre 1992 modifi\u00e9, approuvant les dispositions de  \nl'instruction interminist\u00e9rielle sur la signalisation routi\u00e8re ;\nVU l'arr\u00eat\u00e9  pr\u00e9fectoral  n\u00b021-2023-05-02-00001  du  2  mai  2023  relatif  au  transfert  au \nd\u00e9partement de C\u00f4te-d'Or de sections de routes et autoroutes class\u00e9es dans le domaine  \npublic routier national ;\nVU  l'arr\u00eat\u00e9  pr\u00e9fectoral  n\u00b021-2023-05-02-00002  du  2  mai  2023  relatif  au  transfert  \u00e0  la \nM\u00e9tropole de Dijon de sections de routes et autoroutes class\u00e9es dans le domaine public  \nroutier national ;\nVU  l'arr\u00eat\u00e9 pr\u00e9fectoral n\u00b0  443/SG du 17 mars 2025 donnant d\u00e9l\u00e9gation de signature \u00e0  \nMadame Aur\u00e9lie CONTRECIVILE, directrice de cabinet de la pr\u00e9fecture de la C\u00f4te-d'Or ;\nVU la note du 23 janvier 2025 du Minist\u00e8re de l'Am\u00e9nagement du Territoire et de la  \nD\u00e9centralisation,  Minist\u00e8re  charg\u00e9  des  Transports,  fixant  le  calendrier  des  jours  hors \nchantiers pour l'ann\u00e9e 2025 ;\nVU la demande pr\u00e9sent\u00e9e par la M\u00e9tropole de Dijon - CEI de Dijon le 23 avril 2025 ;\nVU l'avis favorable de la Direction Interd\u00e9partementale de la Police Nationale en date du  \n16 avril 2025 ;\nVU l'avis favorable de la soci\u00e9t\u00e9 APRR en date du 18 avril 2025 ;\nCONSID\u00c9RANT que pendant les travaux  d'entretien des d\u00e9pendances vertes, passe de  \ns\u00e9curit\u00e9, il y a lieu de pr\u00e9ciser les conditions de circulation afin de pr\u00e9venir tout risque  \nd'accident,  de  faciliter  la  bonne  ex\u00e9cution  des  travaux  et  d'assurer  un  \u00e9coulement \nsatisfaisant du trafic,\nCONSID\u00c9RANT que la section concern\u00e9e par les travaux est situ\u00e9e hors agglom\u00e9ration ;\nSUR proposition de Madame la Directrice D\u00e9partementale des Territoires de la C\u00f4te-d'Or ;\nARR\u00caTE\nArticle 1 :\nLes travaux  d'entretien des d\u00e9pendances vertes, passe de s\u00e9curit\u00e9, concernent la M274  \ndans  les deux sens de circulation d u PR4+250 au PR13+200 et dans les \u00e9changeurs de  \nBeauregard PR0+010 de Longvic PR 1+685.\nLes dispositions du pr\u00e9sent arr\u00eat\u00e9 s'appliqueront les nuits de 21h \u00e0 6h :\n\u2022 phase 1, du lundi 12 au mardi 13 mai 2025,\n\u2022 phase 2, du mardi 13 au mercredi 14 mai 2025,\n\u2022 phase 3, du mercredi 14 au jeudi 15 mai 2025,\n\u2022 phase 4,du jeudi 15 au vendredi 16 mai 2025,\n\u2022 phase 5, du lundi 19 au mardi 20 mai 2025.\nDirection d\u00e9partementale des territoires de la C\u00f4te-d'Or\n57 rue de Mulhouse- BP 53317 - 21033 DIJON cedex\nt\u00e9l : 03 80 29 44 44 \u2013 Courriel : ddt@cote-dor.gouv.fr\nDirection d\u00e9partementale des territoires de la C\u00f4te-d'Or - 21-2025-05-06-00014 - AP 649 20250506 RAA M274 D\u00e9pendancesVertes VF 45\n3/10\nArticle 2 :\nPendant l'ex\u00e9cution des travaux ci-dessus d\u00e9sign\u00e9s sur la M274, la circulation s'effectuera  \ndans les conditions suivantes :\nPhase 1\nCoupure d'axe et fermetures de bretelles\nDe l'\u00e9changeur n\u00b037 Ahuy (PR13+200) \u00e0 l'\u00e9changeur n\u00b042 Arc (PR6+830), la circulation des \nusagers sur la M274 sera interdite :\n\u2022 du PR 13+300 au PR 7+000, dans le sens 2 (Paris\u2192Lyon),\n\u2022 dans les bretelles n\u00b04 des \u00e9changeurs n\u00b037 -- Ahuy (PR 13+050), n\u00b038 -- Pompidou \n(PR 12+700), n\u00b039 -- Z\u00e9nith (PR 11+200) et n\u00b040 -- Malines (PR 9+625),\n\u2022 dans le shunt du centre commercial de la Toison d'Or / M274,\n\u2022 dans la bretelle n\u00b03 de l'\u00e9changeur n\u00b041 -- Cracovie (PR 8+530).\nLes usagers emprunteront les d\u00e9viations suivantes :\nDe  puis l'\u00e9changeur 37 \u2013 Ahuy ( 13+200)     :  \n\u25aa sortie obligatoire \u00e0 l'\u00e9changeur 37 -- Ahuy (PR 13+200),\n\u25aa M107A route d'Ahuy,\n\u25aa Bd Gallieni,\n\u25aa Bd Pascal,\n\u25aa Bd des Martyrs de la R\u00e9sistance,\n\u25aa Av Champollion,\n\u25aa Rue Jean Moulin,\n\u25aa Retour M274 via la bretelle n\u00b04 \u00e9changeur 42 \u2013 l'Arc (PR 6+830).\nDe  puis l'\u00e9changeur 38 \u2013 Pompidou (PR 12+070)     :  \n\u25aa Av de Langres,\n\u25aa Av du Drapeau,\n\u25aa Bd Pascal,\n\u25aa Bd des Martyrs de la R\u00e9sistance,\n\u25aa Av Champollion,\n\u25aa Rue Jean Moulin,\n\u25aa Retour M274 via la bretelle n\u00b04 \u00e9changeur 42 \u2013 l'Arc (PR 6+830).\nDe  puis l'\u00e9changeur 39 \u2013 Z\u00e9nith (PR 11+200)     :  \n\u25aa Parc Commercial de la Toison d'Or,\n\u25aa Bd W Churchill,\n\u25aa Rue de Malines,\n\u25aa Rue Dr Quignard,\n\u25aa Rue de Mayence,\n\u25aa Av de Dallas,\n\u25aa Bd des Martyrs de la R\u00e9sistance,\n\u25aa Av Champollion,\n\u25aa Rue Jean Moulin,\n\u25aa Retour M274 via la bretelle n\u00b04 \u00e9changeur 42 \u2013 l'Arc (PR 6+830).\nDe  puis l'\u00e9changeur 40 \u2013 Malines (PR 9+625)     :  \nDirection d\u00e9partementale des territoires de la C\u00f4te-d'Or\n57 rue de Mulhouse- BP 53317 - 21033 DIJON cedex\nt\u00e9l : 03 80 29 44 44 \u2013 Courriel : ddt@cote-dor.gouv.fr\nDirection d\u00e9partementale des territoires de la C\u00f4te-d'Or - 21-2025-05-06-00014 - AP 649 20250506 RAA M274 D\u00e9pendancesVertes VF 46\n4/10\n\u25aa Rue du Dr Quignard,\n\u25aa Rue de Mayence,\n\u25aa Av de Dallas,\n\u25aa Bd des Martyrs de la R\u00e9sistance,\n\u25aa Av de Champollion,\n\u25aa Rue Jean Moulin,\n\u25aa Retour M274 via la bretelle n\u00b04 \u00e9changeur 42 \u2013 l'Arc (PR 6+830).\nDe  puis l'\u00e9changeur 41 \u2013 Cracovie (PR 8+530)     :  \n\u25aa Rue de Cracovie,\n\u25aa Av de Dallas,\n\u25aa Av de Champollion,\n\u25aa Rue Jean Moulin,\n\u25aa Retour M274 via la bretelle n\u00b04 \u00e9changeur 42 \u2013 l'Arc (PR 6+830).\nPhase 2\nCoupure d'axe et fermeture de bretelles\nDe l'\u00e9changeur n\u00b042 Arc (PR6+830) \u00e0 l'\u00e9changeur n\u00b037 Ahuy (PR13+200), la circulation des \nusagers sur la M274 sera interdite :\n\u2022 du PR 5+700 au PR 13+200, dans le sens 1 (Lyon\u2192Paris),\n\u2022 dans les bretelles n\u00b02 des \u00e9changeurs n\u00b043 -- Qu\u00e9tigny (PR 5+625), n\u00b042 -- l'Arc \n(PR 6+830), n\u00b040 -- Malines (PR 9+625), n\u00b039 -- Valmy (PR 11+200) et n\u00b038 -- Pompidou \n(PR 12+700) seront interdites \u00e0 la circulation.\nLes usagers emprunteront les d\u00e9viations suivantes :\nDepuis l'\u00e9changeur 43 \u2013 Qu\u00e9tigny (PR 5+625)     :  \n\u25e6 Rue Alain Bombard,\n\u25e6 Rue Champeau, \n\u25e6 M125 Bd de l'Europe,\n\u25e6 M125D,\n\u25e6 M700,\n\u25e6 Rue Jean Moulin,\n\u25e6 Av Champollion,\n\u25e6 Bd des Martyrs de la R\u00e9sistance,\n\u25e6 Bd Pascal,\n\u25e6 Bd Gallieni,\n\u25e6 M107A (route d'Ahuy) \n\u25e6 Retour M274 via la bretelle Nord Ouest \u00e9changeur 37 \u2013 Ahuy (PR 13+200).\nDepuis l'\u00e9changeur 42 \u2013 l'Arc (PR 6+830)     :  \n\u25e6 Sortie obligatoire par la bretelle n\u00b01 de l'\u00e9changeur 42 -- l'Arc (PR 6+830),\n\u25e6 Rue Jean Moulin,\n\u25e6 Av Champollion, \n\u25e6 Bd des Martyrs de la R\u00e9sistance,\n\u25e6 Bd Pascal,\n\u25e6 Bd Gallieni, \n\u25e6 M107A (route d'Ahuy),\n\u25e6 Retour M274 via la bretelle Nord Ouest \u00e9changeur 37 \u2013 Ahuy (PR 13+200).\nDirection d\u00e9partementale des territoires de la C\u00f4te-d'Or\n57 rue de Mulhouse- BP 53317 - 21033 DIJON cedex\nt\u00e9l : 03 80 29 44 44 \u2013 Courriel : ddt@cote-dor.gouv.fr\nDirection d\u00e9partementale des territoires de la C\u00f4te-d'Or - 21-2025-05-06-00014 - AP 649 20250506 RAA M274 D\u00e9pendancesVertes VF 47\n5/10\nDepuis l'\u00e9changeur 40 \u2013 Malines ((PR 9+625)     :  \n\u25e6 Rue de Malines,\n\u25e6 Rue du Dr Quignard,\n\u25e6 Av de Mayence,\n\u25e6 Av de Dallas,\n\u25e6 Bd des Martyrs de la R\u00e9sistance,\n\u25e6 Bd Pascal,\n\u25e6 Bd Gallieni,\n\u25e6 M107A (route d'Ahuy),\n\u25e6 Retour M274 via la bretelle Nord Ouest \u00e9changeur 37 \u2013 Ahuy (PR 13+200).\nDepuis l'\u00e9changeur 39 \u2013 Z\u00e9nith (PR 11+200)     :  \n\u25e6 Parc Commercial de la Toison d'Or,\n\u25e6 Rue de Clochide,\n\u25e6 Bd Winston Churchill,\n\u25e6 Rue de Malines,\n\u25e6 Rue Dr Quignard,\n\u25e6 Rue de Mayence,\n\u25e6 Av de Dallas,\n\u25e6 Bd des Martyrs de la R\u00e9sistance,\n\u25e6 Bd Pascal,\n\u25e6 Bd Gallieni,\n\u25e6 M107A (route d'Ahuy)\n\u25e6 Retour M274 via la bretelle Nord Ouest \u00e9changeur 37 \u2013 Ahuy (PR 13+200).\nDepuis l'\u00e9changeur 38 \u2013 Pompidou (PR 12+070)     :  \n\u25e6 Av de Langres,\n\u25e6 Av du Drapeau,\n\u25e6 Bd Gallieni,\n\u25e6 M107A (route d'Ahuy),\n\u25e6 Retour M274 via la bretelle Nord Ouest \u00e9changeur 37 \u2013 Ahuy (PR 13+200).\nRestriction de circulation\nLa voie rapide de la M274 sera interdite \u00e0 la circulation 500 m en amont de la bretelle de \nsortie obligatoire n\u00b01 de l'\u00e9changeur 42 -- Arc (PR 6+830).\nPhase 3\nCoupure d'axe et fermetures de bretelles     :  \nDe l'\u00e9changeur n\u00b045 Franche-Comt\u00e9 (PR4+250) \u00e0 l'\u00e9changeur n\u00b042 Arc (PR6+820), la \ncirculation des usagers sur la M274 sera interdite :\n\u2022 du PR3+800 au PR7+000 dans le sens 1 (Lyon->Paris), au niveau de l'\u00e9changeur n\u00b045 \nFranche Comt\u00e9 (PR4+250), sortie obligatoire par la bretelle n\u00b01, jusqu'\u00e0 l'\u00e9changeur \nn\u00b042 Arc (PR6+820),\n\u2022 dans les bretelles d'entr\u00e9es n\u00b02 des \u00e9changeurs n\u00b045 Franche Comt\u00e9 (PR4+250), n\u00b044 \nMirande (PR5+340) et n\u00b043 Qu\u00e9tigny (PR5+625),\n\u2022 dans la bretelle d'entr\u00e9e n\u00b04 de l'\u00e9changeur n\u00b045 Franche Comt\u00e9 (PR4+250), ferm\u00e9e \npar APRR.\nDirection d\u00e9partementale des territoires de la C\u00f4te-d'Or\n57 rue de Mulhouse- BP 53317 - 21033 DIJON cedex\nt\u00e9l : 03 80 29 44 44 \u2013 Courriel : ddt@cote-dor.gouv.fr\nDirection d\u00e9partementale des territoires de la C\u00f4te-d'Or - 21-2025-05-06-00014 - AP 649 20250506 RAA M274 D\u00e9pendancesVertes VF 48\n6/10\nLes usagers emprunteront les d\u00e9viations suivantes :\nDepuis l'\u00e9changeur 45 -- Franche-Comt\u00e9 (B2 ferm\u00e9e)     :  \n\u25e6 Sortie  obligatoire  par  la  bretelle  n\u00b01  de  l'\u00e9changeur  45  \u2013  Franche-Comt\u00e9  \n(PR 4+250),\n\u25e6 A39 sortie n\u00b02,\n\u25e6 M905B (Av du Mont Blanc),\n\u25e6 M122A (route de Chevigny),\n\u25e6 M107 (route de Dijon, Bd J Jaur\u00e8s,),\n\u25e6 M125 (Bd de l'Europe),\n\u25e6 M125D,\n\u25e6 M700,\n\u25e6 Retour M274 via la bretelle n\u00b02 de l'\u00e9changeur 42 \u2013 d'Arc (PR 6+830).\nDepuis l'\u00e9changeur 45 \u2013 Franche-Comt\u00e9 (B4 ferm\u00e9e)     :  \n\u25e6 M905,\n\u25e6 Rue de Neuilly,\n\u25e6 M905,\n\u25e6 A39 sortie n\u00b02,\n\u25e6 M905B (Av du Mont Blanc),\n\u25e6 M122A(route de Chevigny),\n\u25e6 M107 (route de Dijon, Bd J Jaur\u00e8s,),\n\u25e6 M125 (Bd de l'Europe),\n\u25e6 M125D,\n\u25e6 M700,\n\u25e6 Retour M274 via la bretelle n\u00b02 de l'\u00e9changeur 42 \u2013 d'Arc (PR 6+830).\nDepuis l'\u00e9changeur 44 \u2013 Mirande (PR 5+340)     :  \n\u25e6 M126 (rue Pierre de Coubertin),\n\u25e6 Rue Alain Bombard,\n\u25e6 Rue Champeau,\n\u25e6 M125 (Bd de l'Europe), \n\u25e6 M125D,\n\u25e6 M700,\n\u25e6 Retour M274 via la bretelle n\u00b02 de l'\u00e9changeur 42 \u2013 d'Arc (PR 6+830).\nDepuis l'\u00e9changeur 43 \u2013 Qu\u00e9tigny (PR 5+625)     :  \n\u25e6 Rue Alain Bombard,\n\u25e6 Rue Champeau,\n\u25e6 M125 Bd de l'Europe,\n\u25e6 M125D, \n\u25e6 M700,\n\u25e6 Retour M274 via la bretelle n\u00b02 de l'\u00e9changeur 42 \u2013 d'Arc (PR 6+830).\nRestriction de circulation\nLa voie rapide de la M274 sera interdite \u00e0 la circulation 500 m en amont de la bretelle de \nsortie obligatoire n\u00b01 de l'\u00e9changeur 45 -- Franche-Comt\u00e9 (PR 4+250).\nDirection d\u00e9partementale des territoires de la C\u00f4te-d'Or\n57 rue de Mulhouse- BP 53317 - 21033 DIJON cedex\nt\u00e9l : 03 80 29 44 44 \u2013 Courriel : ddt@cote-dor.gouv.fr\nDirection d\u00e9partementale des territoires de la C\u00f4te-d'Or - 21-2025-05-06-00014 - AP 649 20250506 RAA M274 D\u00e9pendancesVertes VF 49\n7/10\nPhase 4\nCoupure d'axe et fermeture de bretelles.\nDe l'\u00e9changeur n\u00b042 Arc (PR6+830) \u00e0 l'\u00e9changeur n\u00b045 Franche-Comt\u00e9 (PR4+250), la \ncirculation des usagers sur la M274 sera interdite :\n\u2022 du PR 7+000 au PR 4+000 dans le sens 2 (Paris\u2192Lyon),\n\u2022 dans les bretelles d'entr\u00e9e n\u00b04 des \u00e9changeurs 42 -- l'Arc (PR 6+830), n\u00b043  -- \nQuetigny (PR 5+620) et n\u00b044 -- Mirande (PR 5+340),\n\u2022 dans la bretelle d'entr\u00e9e n\u00b06 de l'\u00e9changeur 45 -- Franche-Comt\u00e9 (PR 4+250).\nLes usagers emprunteront les d\u00e9viations suivantes :\nDepuis l'\u00e9changeur 42 \u2013 l'Arc (PR 6+380)     :  \n\u25e6 Sortie obligatoire par la bretelle n\u00b03 de l'\u00e9changeur 42 -- Arc (PR 6+830),\n\u25e6 M700,\n\u25e6 M125D,\n\u25e6 M125 (bd de l'Europe),\n\u25e6 M107 (Bd Jean Jaur\u00e8s, route de Dijon),\n\u25e6 M122A (route de Chevigny),\n\u25e6 M905B (Av de Mont Blanc),\n\u25e6 M905,\n\u25e6 Retour M274 via la bretelle n\u00b08 de l'\u00e9changeur 45 -- Franche-Comt\u00e9 (PR 4+250).\nDepuis l'\u00e9changeur 43 \u2013 Qu\u00e9tigny (PR 5+625)     :  \n\u25e6 M107 (rue de Sully),\n\u25e6 Av de l'Universit\u00e9, \n\u25e6 M107 (Bd Jean Jaur\u00e8s, route de Dijon),\n\u25e6 M122A (route de Chevigny),\n\u25e6 M905B (Av de Mont Blanc),\n\u25e6 M905,\n\u25e6 Retour M274 via la bretelle n\u00b08 de l'\u00e9changeur 45 -- Franche-Comt\u00e9 (PR 4+250).\nDepuis l'\u00e9changeur 44 \u2013 Mirande (PR 5+340)     :  \n\u25e6 Rue Recteur Marcel Bouchard,\n\u25e6 M107(rue de Sully), \n\u25e6 Av de l'Universit\u00e9,\n\u25e6 M107 (Bd Jean Jaur\u00e8s, route de Dijon),\n\u25e6 M122A (route de Chevigny),\n\u25e6 M905B (Av de Mont Blanc),\n\u25e6 M905,\n\u25e6 Retour M274 via bretelle n\u00b08 de l'\u00e9changeur45 -- Franche-Comt\u00e9 (PR 4+250).\nDepuis l'\u00e9changeur 45 Franche-Comt\u00e9 (PR 4+250, B6 ferm\u00e9e)     :  \n\u25e6 M905,\n\u25e6 Rue de Neuilly,\n\u25e6 M905\n\u25e6 Retour M274 via bretelle n\u00b08 de l'\u00e9changeur 45 -- Franche-Comt\u00e9 (PR 4+250).\nDirection d\u00e9partementale des territoires de la C\u00f4te-d'Or\n57 rue de Mulhouse- BP 53317 - 21033 DIJON cedex\nt\u00e9l : 03 80 29 44 44 \u2013 Courriel : ddt@cote-dor.gouv.fr\nDirection d\u00e9partementale des territoires de la C\u00f4te-d'Or - 21-2025-05-06-00014 - AP 649 20250506 RAA M274 D\u00e9pendancesVertes VF 50\n8/10\nRestriction de circulation\nLa voie rapide de la M274 sera interdite \u00e0 la circulation 500 m en amont de la bretelle de \nsortie obligatoire n\u00b03 de l'\u00e9changeur 42 -- Arc (PR 6+830).\nPhase 5\nFermetures de bretelles\nFermetures cons\u00e9cutives des bretelles n\u00b0 2, 3, 4, 6 et 7 de l'\u00e9changeur 47 -- Beauregard (PR \n0+010), les usagers emprunteront la d\u00e9viation suivante :\nDepuis la bretelle n\u00b02     :  \n\u25aa M122R,\n\u25aa M122A,\n\u25aa Retour sur la M274 via bretelle d'entr\u00e9e n\u00b03.\nDepuis la bretelle n\u00b06     :  \n\u25aa M122A,\n\u25aa Retour M274 /A311 via bretelle n\u00b05.\nDepuis la bretelle n\u00b03     :  \n\u25aa M122A,\n\u25aa M122R,\n\u25aa Giratoire de Palissy,\n\u25aa M122R,\n\u25aa Retour M274 via bretelle n\u00b02 .\nDepuis la bretelle n\u00b04     :  \n\u25aa Bretelle n\u00b07 de l'\u00e9changeur n\u00b047 \u2013 Beauregard (PR 0+010),\n\u25aa M122R\n\u25aa Giratoire Palissy,\n\u25aa M122R.\nDepuis la bretelle n\u00b07     :  \n\u25aa Bretelle n\u00b04 de l'\u00e9changeur n\u00b047 \u2013 Beauregard (PR 0+010).\nFermeture  de  la  bretelle  n\u00b01  de  l'\u00e9changeur  46  --  Longvic  (PR  1+685),  l es  usagers \nemprunteront la d\u00e9viation suivante:\n\u25aa Bretelle de sortie n\u00b04 de l'\u00e9changeur n\u00b047 de Beauregard,\n\u25aa M122A,\n\u25aa Bd Eiffel,\n\u25aa Bd des Industries.\nFermeture de la bretelle n\u00b08 de l'\u00e9changeur 45 -- Franche-comt\u00e9   (PR 4+250), l es usagers \nemprunteront la d\u00e9viation suivante:\n\u25aa M905,\n\u25aa Bretelle n\u00b02,\n\u25aa Puis bretelle n\u00b03,\n\u25aa Puis bretelle n\u00b06 de l'\u00e9changeur 45 \u2013 Franche-Comt\u00e9 (PR4+250).\nDirection d\u00e9partementale des territoires de la C\u00f4te-d'Or\n57 rue de Mulhouse- BP 53317 - 21033 DIJON cedex\nt\u00e9l : 03 80 29 44 44 \u2013 Courriel : ddt@cote-dor.gouv.fr\nDirection d\u00e9partementale des territoires de la C\u00f4te-d'Or - 21-2025-05-06-00014 - AP 649 20250506 RAA M274 D\u00e9pendancesVertes VF 51\n9/10\nRestriction de circulation\nLa voie lente de la M274 sera interdite \u00e0 la circulation 500 m en amont de la bretelle \nd'entr\u00e9e n\u00b02 de l'\u00e9changeur 47 \u2013 Beauregard (PR 0+010).\nArticle 3 :\nCertaines  phases  pr\u00e9paratoires  ou  de  mise  en  place  de  la  signalisation  du  chantier \npourront  n\u00e9cessiter  des  r\u00e9ductions  momentan\u00e9es  de  chauss\u00e9e  ou  des  interruptions \ncourtes de circulation.\nArticle 4 :\nSur le parcours des sections soumises \u00e0 ces restrictions provisoires, les conducteurs des  \nv\u00e9hicules devront le cas \u00e9ch\u00e9ant, se conformer aux indications des services de police et  \ndes  agents  de  la  direction  interd\u00e9partementale  des  routes  Centre-Est,  tant  en  ce  qui \nconcerne le trajet \u00e0 suivre que l'arr\u00eat s'il leur est prescrit.\nArticle 5 :\nLe passage des convois exceptionnels sera interdit sur l'itin\u00e9raire de d\u00e9viation.\nArticle 6 :\nLa signalisation r\u00e9glementaire, conforme \u00e0 l'instruction interminist\u00e9rielle (Livre I \u2013 8e partie) \napprouv\u00e9e par arr\u00eat\u00e9 interminist\u00e9riel le 6 novembre 1992 et aux manuels du chef de  \nchantier, sera fournie, mise en place et maintenue par le CEI de Dijon.\nArticle 7 :\nLes infractions au pr\u00e9sent arr\u00eat\u00e9 seront constat\u00e9es par proc\u00e8s-verbaux dress\u00e9s par les  \nforces de l'ordre.\nArticle 8 :\nLors de l'ach\u00e8vement des travaux et avant le r\u00e9tablissement normal de la circulation, la  \nchauss\u00e9e devra \u00eatre propre et satisfaire aux conditions normales de s\u00e9curit\u00e9.\nArticle 9 :\nLe pr\u00e9sent arr\u00eat\u00e9 sera affich\u00e9 aux abords imm\u00e9diats du chantier.\nArticle 10 :\nLe pr\u00e9sent arr\u00eat\u00e9 peut faire l'objet d'un recours gracieux aupr\u00e8s du pr\u00e9fet et/ou d'un  \nrecours contentieux devant le tribunal administratif dans un d\u00e9lai de 2 mois \u00e0 compter de  \nsa notification.\nLe tribunal administratif peut \u00eatre saisi par un recours d\u00e9pos\u00e9 via l'application T\u00e9l\u00e9recours  \ncitoyens accessible par le site internet www.telerecours.fr \u00bb.\nArticle 11 :\n- La Directrice de Cabinet du pr\u00e9fet de la C\u00f4te-d'Or,\nDirection d\u00e9partementale des territoires de la C\u00f4te-d'Or\n57 rue de Mulhouse- BP 53317 - 21033 DIJON cedex\nt\u00e9l : 03 80 29 44 44 \u2013 Courriel : ddt@cote-dor.gouv.fr\nDirection d\u00e9partementale des territoires de la C\u00f4te-d'Or - 21-2025-05-06-00014 - AP 649 20250506 RAA M274 D\u00e9pendancesVertes VF 52\n10/10\n- Le Pr\u00e9sident de Dijon M\u00e9tropole,\n- Le Directeur Interd\u00e9partemental de la Police Nationale,\nsont charg\u00e9s, chacun en ce qui le concerne, de l'ex\u00e9cution du pr\u00e9sent arr\u00eat\u00e9.\nLe pr\u00e9sent arr\u00eat\u00e9 sera publi\u00e9 au recueil des actes administratifs de la Pr\u00e9fecture de la C\u00f4te-\nd'Or.\nUne copie du pr\u00e9sent arr\u00eat\u00e9 sera adress\u00e9e pour information :\n- au  Commandant  de  la  R\u00e9gion  de  Gendarmerie  de  Bourgogne-Franche-Comt\u00e9  et  du \nGroupement de C\u00f4te-d'Or,\n- au Service D\u00e9partemental d'Incendie et de Secours de la C\u00f4te-d'Or,\n- \u00e0 la direction du SAMU de Dijon,\n-- au CEI de Dijon M\u00e9tropole,\n- \u00e0 la direction de l'exploitation de Dijon M\u00e9tropole,\n- aux communes de Dijon, Saint-Apollinaire et Ruffey l\u00e8s Echirey.\nFait \u00e0 Dijon, le 6 mai 2025\nLe pr\u00e9fet,\nPour le pr\u00e9fet et par d\u00e9l\u00e9gation ,\nLa directrice de cabinet,\nSIGN\u00c9\nAur\u00e9lie CONTRECIVILE\nDirection d\u00e9partementale des territoires de la C\u00f4te-d'Or\n57 rue de Mulhouse- BP 53317 - 21033 DIJON cedex\nt\u00e9l : 03 80 29 44 44 \u2013 Courriel : ddt@cote-dor.gouv.fr\nDirection d\u00e9partementale des territoires de la C\u00f4te-d'Or - 21-2025-05-06-00014 - AP 649 20250506 RAA M274 D\u00e9pendancesVertes VF 53\nDirection d\u00e9partementale des territoires de la\nC\u00f4te-d'Or\nService S\u00e9curit\u00e9 et Education Routi\u00e8re\n21-2025-05-06-00001\nArr\u00eat\u00e9 N\u00b0 643 portant modification de l'arr\u00eat\u00e9\npr\u00e9fectoral n\u00b0 785 portant homologation d'un\ncircuit de moto-cross \u00e0 Auxonne\nDirection d\u00e9partementale des territoires de la C\u00f4te-d'Or - 21-2025-05-06-00001 - Arr\u00eat\u00e9 N\u00b0 643 portant modification de l'arr\u00eat\u00e9\npr\u00e9fectoral n\u00b0 785 portant homologation d'un circuit de moto-cross \u00e0 Auxonne 54\nExPREFETDE LACOTE-D'ORL,z'berte'Egalit\u00e9Fraternit\u00e9\nDirection d\u00e9partementale des territoires\nde la C\u00f4te-d'Or\nService S\u00e9curit\u00e9 et \u00c9ducation Routi\u00e8re\nBureau S\u00e9curit\u00e9 Routi\u00e8re\n   Dijon, le 6 mai 2025                   \nArr\u00eat\u00e9 N\u00b0 643\nportant modification de l'arr\u00eat\u00e9 pr\u00e9fectoral n\u00b0 785 portant homologation\nd'un circuit de moto-cross \u00e0 Auxonne\nLe pr\u00e9fet de la C\u00f4te-d'Or\nVU le Code du Sport et notamment ses articles R331-18 \u00e0 R331-45 ;\nVU le Code de la sant\u00e9 publique, et notamment ses articles R1334-32 et suivants ;\nVU le d\u00e9cret n\u00b0 2006-554 du 16 mai 2006 relatif aux concentrations et manifestations\norganis\u00e9es sur les voies ouvertes ou dans les lieux non ouverts \u00e0 la circulation publique et\ncomportant la participation de v\u00e9hicules terrestres \u00e0 moteur ; \nVU le d\u00e9cret n\u00b0 2010-365 du 9 avril 2010 relatif \u00e0 l'\u00e9valuation des incidences Natura 2000 ;\nVU le  d\u00e9cret  n\u00b0  2017-1279  du  09  ao\u00fbt  2017  portant  simplification  de  la  police  des\nmanifestations sportives ; \nVU  l'arr\u00eat\u00e9  minist\u00e9riel  du  24  novembre  2017  relatif  aux  manifestations  sportives\ncomportant des v\u00e9hicules terrestres \u00e0 moteur ; \nVU l'arr\u00eat\u00e9 pr\u00e9fectoral n\u00b0 785 en date du 27 juin 2022 portant homologation d'un circuit\nde moto-cross \u00e0 Auxonne ;\nVU  l'arr\u00eat\u00e9 pr\u00e9fectoral n\u00b0 443/SG du 17 mars 2025 donnant d\u00e9l\u00e9gation de signature \u00e0\nMadame Aur\u00e9lie CONTRECIVILE, Sous-pr\u00e9f\u00e8te, directrice de cabinet du pr\u00e9fet ; \nVU l'attestation de mise en conformit\u00e9 de la F\u00e9d\u00e9ration Fran\u00e7aise de Motocyclisme en\ndate du 19 mars 2025 ;\nVU la demande d\u00e9pos\u00e9e sur la plateforme SIMS le 17 mars 2025  par M. Fabien DUMONT,\nPr\u00e9sident de la Section Moto-cross de l' Etoile Auxonnaise \u2013 30  rue du port - 21130 LES\nDirection d\u00e9partementale des territoires de la C\u00f4te-d'Or\n57 rue de Mulhouse- BP 53317 - 21033 DIJON cedex\nt\u00e9l : 03 80 29 44 44 \u2013 Courriel : ddt@cote-dor.gouv.fr\nDirection d\u00e9partementale des territoires de la C\u00f4te-d'Or - 21-2025-05-06-00001 - Arr\u00eat\u00e9 N\u00b0 643 portant modification de l'arr\u00eat\u00e9\npr\u00e9fectoral n\u00b0 785 portant homologation d'un circuit de moto-cross \u00e0 Auxonne 55\n2/4\nMAILLYS, sollicite la modification de l'homologation du circuit de moto-cross situ\u00e9 lieu-dit\n\u00abLe Baivot\u00bb - Route de Chevigny \u2013 21130 AUXONNE ;\nVU l'autorisation  de  la  mairie  d'  AUXONNE  en  date  du  30  avril  2025  autorisant\nl'association \u00abEtoile Auxonnaise \u2013 Section moto\u00bb \u00e0 faire proc\u00e9der \u00e0 la modification de\nl'homologation de son terrain pour l'organisation d'\u00e9preuves et d'entra\u00eenements de moto-\ncross ;\nVU la visite terrain effectu\u00e9e le mardi 22 avril 2025 par la commission d\u00e9partementale de\nla s\u00e9curit\u00e9 routi\u00e8re - section \u00ab\u00e9preuves et comp\u00e9titions sportives\u00bb ;\nVU l'attestation d'assurance souscrite \u00e0 AXA par la section moto Etoile Auxonnaise en\ndate du 16 janvier 2025 ;\nCONSID\u00c9RANT que  la  commission  d\u00e9partementale  de  la  s\u00e9curit\u00e9  routi\u00e8re  \u00absection\nsp\u00e9cialis\u00e9e pour les \u00e9preuves et comp\u00e9titions sportives\u00bb a \u00e9mis le mardi 29 avril 2025 un\navis favorable \u00e0 la demande de modification de l'homologation ;\nSUR proposition de la directrice d\u00e9partementale des territoires ; \nARR\u00caTE\nArticle 1er : \nLe  circuit  de  moto-cross  situ\u00e9  lieu-dit  \u00abLe  Baivot\u00bb  \u00e0  AUXONNE  est  homologu\u00e9\nconform\u00e9ment  au  nouveau  trac\u00e9  figurant  sur  le  plan  annex\u00e9  au  pr\u00e9sent  arr\u00eat\u00e9  pour\nl'organisation d'\u00e9preuves et d'entra\u00eenements.\nLe nombre de pilotes admis simultan\u00e9ment en course est de 40 pilotes solos ou 25 pilotes\npour les 3 ou 4 roues. Le nombre de commissaires de piste est de 14.\nArticle 2 : \nLes am\u00e9nagements de cette piste pour le d\u00e9roulement des \u00e9preuves devront r\u00e9pondre aux\nnormes  fix\u00e9es  par  le  r\u00e8glement  national  des  manifestations  de  moto-cross  et  aux\ndispositions de protection pr\u00e9cis\u00e9es ci-apr\u00e8s :\nLe transfert des pilotes, du parc de stationnement qui leur est r\u00e9serv\u00e9 \u00e0 la piste, se fera\n\u00ab moteur \u00e0 l'arr\u00eat \u00bb.\nL'entretien courant des v\u00e9hicules est interdit sur le site, except\u00e9 lors des comp\u00e9titions;\ndans ce cas, une b\u00e2che imperm\u00e9able devra \u00eatre mise en place sous les v\u00e9hicules pour\nr\u00e9cup\u00e9rer les \u00e9ventuelles fuites de carburants, huiles... Des bacs \u00e9tanches (type bidon)\ndevront \u00eatre mis \u00e0 disposition pour le vidage de la b\u00e2che. Ces bidons devront \u00eatre enlev\u00e9s\net envoy\u00e9s dans des sites de d\u00e9charges adapt\u00e9s. \nLes \u00e9mergences sonores en limite des propri\u00e9t\u00e9s voisines les plus proches devront \u00eatre\nconformes \u00e0 celles pr\u00e9vues par les articles 1336-6 et suivants du code de la sant\u00e9 publique.\nDirection d\u00e9partementale des territoires de la C\u00f4te-d'Or\n57 rue de Mulhouse- BP 53317 - 21033 DIJON cedex\nt\u00e9l : 03 80 29 44 44 \u2013 Courriel : ddt@cote-dor.gouv.fr\nDirection d\u00e9partementale des territoires de la C\u00f4te-d'Or - 21-2025-05-06-00001 - Arr\u00eat\u00e9 N\u00b0 643 portant modification de l'arr\u00eat\u00e9\npr\u00e9fectoral n\u00b0 785 portant homologation d'un circuit de moto-cross \u00e0 Auxonne 56\n3/4\nArticle 3 : \nLe gestionnaire du circuit est tenu de respecter les dispositions des articles R.1334.32 \u00e0\nR.1334.35 du code la sant\u00e9 publique relatif \u00e0 la lutte contre les bruits de voisinage.\nArticle 4 : \nL'acc\u00e8s et une circulation ais\u00e9s pour les engins de secours et de lutte contre l'incendie\ndevra \u00eatre assur\u00e9 en tout temps et en toutes circonstances.\nArticle 5 : \nUn  contrat  d'assurance  devra  \u00eatre  souscrit  par  la  section  moto-cross  de  l'association\n\u00abEtoile Auxonnaise\u00bb pour l'ensemble des manifestations sportives.\nArticle 6 : \nLe respect des conditions ayant permis l'homologation peut \u00eatre v\u00e9rifi\u00e9 \u00e0 tout moment.\nL'homologation  peut  \u00eatre  rapport\u00e9e,  apr\u00e8s  audition  du  gestionnaire,  si  la  commission\nd\u00e9partementale de la s\u00e9curit\u00e9 routi\u00e8re a constat\u00e9 qu'une ou plusieurs des conditions\nqu'elle avait impos\u00e9es ne sont pas respect\u00e9es.\nArticle 7 : \nLe  pr\u00e9sent  arr\u00eat\u00e9  peut  faire  l'objet  d'un  recours  contentieux  devant  le  tribunal\nadministratif de Dijon dans un d\u00e9lai de deux mois \u00e0 compter de sa publication. Un recours\npeut  \u00eatre  d\u00e9pos\u00e9  via  l'application  T\u00e9l\u00e9recours  citoyens  accessible  par  le  site  internet\nwww.telerecours.fr  .  \nArticle 8 : \n- La directrice d\u00e9partementale des territoires,\n- La rectrice de l'acad\u00e9mie de Dijon  (service d\u00e9partemental \u00e0 la jeunesse, \u00e0 l'engagement\net aux sports de C\u00f4te- d'Or),\n- Le  commandant  de  la  r\u00e9gion  de  gendarmerie  de  Bourgogne-Franche-Comt\u00e9  et  du\ngroupement de C\u00f4te-d'Or,\nsont charg\u00e9s chacun en ce qui le concerne, de l'ex\u00e9cution du pr\u00e9sent arr\u00eat\u00e9 dont copie\nsera adress\u00e9e au pr\u00e9sident de la section de moto-cross de l'Etoile Auxonnaise et sera\npubli\u00e9 au recueil des actes administratifs de la Pr\u00e9fecture de la C\u00f4te-d'Or.\nFait \u00e0 Dijon, le 6 mai 2025\nLe pr\u00e9fet,\npour le pr\u00e9fet et par d\u00e9l\u00e9gation,\nla directrice de cabinet\nSIGN\u00c9\nAur\u00e9lie CONTRECIVILE\nDirection d\u00e9partementale des territoires de la C\u00f4te-d'Or\n57 rue de Mulhouse- BP 53317 - 21033 DIJON cedex\nt\u00e9l : 03 80 29 44 44 \u2013 Courriel : ddt@cote-dor.gouv.fr\nDirection d\u00e9partementale des territoires de la C\u00f4te-d'Or - 21-2025-05-06-00001 - Arr\u00eat\u00e9 N\u00b0 643 portant modification de l'arr\u00eat\u00e9\npr\u00e9fectoral n\u00b0 785 portant homologation d'un circuit de moto-cross \u00e0 Auxonne 57\n74 Avenue Pormentier75011 PARIS01 49 23 77 00ffmoto.org\n4/4\nFait \u00e0 Dijon, le 6 mai 2025\nLe pr\u00e9fet,\npour le pr\u00e9fet et par d\u00e9l\u00e9gation,\nla directrice de cabinet\nSIGN\u00c9\nAur\u00e9lie CONTRECIVILE\nDirection d\u00e9partementale des territoires de la C\u00f4te-d'Or - 21-2025-05-06-00001 - Arr\u00eat\u00e9 N\u00b0 643 portant modification de l'arr\u00eat\u00e9\npr\u00e9fectoral n\u00b0 785 portant homologation d'un circuit de moto-cross \u00e0 Auxonne 58\nDirection d\u00e9partementale des territoires de la\nC\u00f4te-d'Or\nService S\u00e9curit\u00e9 et Education Routi\u00e8re\n21-2025-05-07-00001\nArr\u00eat\u00e9 Pr\u00e9fectoral N\u00b0656 portant d\u00e9rogation \u00e0\ntitre temporaire \u00e0 l'interdiction de circulation\ndes v\u00e9hicules de transport de marchandises \u00e0\ncertaines p\u00e9riodes pour les v\u00e9hicules\nde plus de 7,5 tonnes de PTAC exploit\u00e9s par la\nsoci\u00e9t\u00e9 SECULA LOGISTIQUE domicili\u00e9e\n\u00e0 BEAUNE (21)\nDirection d\u00e9partementale des territoires de la C\u00f4te-d'Or - 21-2025-05-07-00001 - Arr\u00eat\u00e9 Pr\u00e9fectoral N\u00b0656 portant d\u00e9rogation \u00e0 titre\ntemporaire \u00e0 l'interdiction de circulation des v\u00e9hicules de transport de marchandises \u00e0 certaines p\u00e9riodes pour les v\u00e9hicules\nde plus de 7,5 tonnes de PTAC exploit\u00e9s par la soci\u00e9t\u00e9 SECULA LOGISTIQUE domicili\u00e9e\n\u00e0 BEAUNE (21)\n59\nnPREFETDE LAC\u00d4TE-D'ORLidertdEgaliseFr\u00e6terertt\nDirection d\u00e9partementale des territoires\nde la C\u00f4te-d'Or\nAffaire suivie par Manon BEAULIEU\nService de la s\u00e9curit\u00e9 et de l'\u00e9ducation routi\u00e8re\nBureau de la s\u00e9curit\u00e9 routi\u00e8re\nT\u00e9l : 03 80 29 44 23\nm\u00e9l : ddt-transports@cote-dor.gouv.fr\nArr\u00eat\u00e9 Pr\u00e9fectoral N\u00b0656\nportant d\u00e9rogation \u00e0 titre temporaire \u00e0 l'interdiction de circulation des v\u00e9hicules \nde transport de marchandises \u00e0 certaines p\u00e9riodes pour les v\u00e9hicules\nde plus de 7,5 tonnes de PTAC exploit\u00e9s par la soci\u00e9t\u00e9 SECULA LOGISTIQUE domicili\u00e9e\n\u00e0 BEAUNE (21)\nLe pr\u00e9fet de la r\u00e9gion Bourgogne-Franche-Comt\u00e9\nPr\u00e9fet de la C\u00f4te-d'Or\nVU le Code g\u00e9n\u00e9ral des collectivit\u00e9s territoriales, notamment son article L. 2215-1 ;\nVU le Code de la route, notamment son article R. 411-18 ; \nVU la loi n\u00b0 82-213 du 2 mars 1982 modifi\u00e9e relative aux droits et libert\u00e9s des communes, des  \nd\u00e9partements et des r\u00e9gions, notamment son article 34 ;\nVU le d\u00e9cret n\u00b02004-374 du 29 avril 2004 relatif aux pouvoirs des pr\u00e9fets, \u00e0 l'organisation et \u00e0  \nl'action des services de l'\u00c9tat dans les r\u00e9gions et les d\u00e9partements ;\nVU le d\u00e9cret n\u00b0 97-34 du 15 janvier 1997 modifi\u00e9 relatif \u00e0 la d\u00e9concentration des d\u00e9cisions  \nadministratives individuelles ;\nVU l'arr\u00eat\u00e9 interminist\u00e9riel du 16 avril 2021 relatif \u00e0 l'interdiction de circulation des v\u00e9hicules  \nde transport de marchandises \u00e0 certaines p\u00e9riodes et notamment son article 5 ;\nVU l'arr\u00eat\u00e9 du 20 d\u00e9cembre 2024 relatif aux interdictions compl\u00e9mentaires de circulation des \nv\u00e9hicules de transport de marchandises pour l'ann\u00e9e 2025 ;\nVU l'arr\u00eat\u00e9 pr\u00e9fectoral n\u00b0 507 / SG du 28 mars 2025 donnant d\u00e9l\u00e9gation de signature \u00e0 Mme  \nManuelle Dupuy, directrice d\u00e9partementale des territoires de la C\u00f4te-d'Or ;\nDirection d\u00e9partementale des territoires de la C\u00f4te-d'Or\n57, rue de Mulhouse - BP 53317 - 21033 Dijon CEDEX\nT\u00e9l. : 03 80 29 44 44\nCourriel : ddt@cote-dor.gouv.fr\nDirection d\u00e9partementale des territoires de la C\u00f4te-d'Or - 21-2025-05-07-00001 - Arr\u00eat\u00e9 Pr\u00e9fectoral N\u00b0656 portant d\u00e9rogation \u00e0 titre\ntemporaire \u00e0 l'interdiction de circulation des v\u00e9hicules de transport de marchandises \u00e0 certaines p\u00e9riodes pour les v\u00e9hicules\nde plus de 7,5 tonnes de PTAC exploit\u00e9s par la soci\u00e9t\u00e9 SECULA LOGISTIQUE domicili\u00e9e\n\u00e0 BEAUNE (21)\n60\nVU l'arr\u00eat\u00e9 pr\u00e9fectoral n\u00b0 512 du 7 avril 2025 portant subd\u00e9l\u00e9gation de signature aux agents  \nde la direction d\u00e9partementale des territoires de C\u00f4te-d'Or ;\nVU la demande pr\u00e9sent\u00e9e le 28 avril 2025 par l'entreprise SECULA LOGISTIQUE domicili\u00e9e \u00e0 \nBP 50193 BEAUNE (21) ;\nConsid\u00e9rant que la circulation des v\u00e9hicules exploit\u00e9s par l'entreprise susvis\u00e9e permet de  \ncontribuer  \u00e0  l'ex\u00e9cution  de  services  publics  a n  de  r\u00e9pondre  \u00e0  des  besoins  collectifsfi  \nimm\u00e9diats, conform\u00e9ment \u00e0 l'article 5-II- 4 de l'arr\u00eat\u00e9 interminist\u00e9riel du 16 avril 2021;\nSUR proposition de Madame la directrice d\u00e9partementale des territoires de la C\u00f4te-d'Or ;\nARRETE\nArticle 1er : \nLes v\u00e9hicules  dont les num\u00e9ros d'immatriculation figurent dans l'annexe jointe au pr\u00e9sent  \narr\u00eat\u00e9,  exploit\u00e9s  par  l'entreprise  SECULA  LOGISTIQUE  domicili\u00e9e  \u00e0  BEAUNE  (21),  sont  \nautoris\u00e9s \u00e0 circuler en d\u00e9rogation aux articles 1 et 2 de l'arr\u00eat\u00e9 interminist\u00e9riel du 16 avril 2021 \nrelatif \u00e0 l'interdiction de circulation des v\u00e9hicules de transport de marchandises \u00e0 certaines  \np\u00e9riodes.\nArticle 2 : \nCette d\u00e9rogation est accord\u00e9e pour l'\u00e9vacuation de point d'apports volontaires (PAV) :\n\u2022 point de d\u00e9part : Ruffey-les-Beaune (21), Voudenay (21), Aisy-sous-Thil (21), Longvic (21), \nArnay le duc (21)\n\u2022 points de chargement : Communes de Sa\u00f4ne et Loire (71)\n\u2022 points de d\u00e9chargement : Ruffey-les-Beaune (21), Longvic (21)\nCette d\u00e9rogation est valable de 7h \u00e0 19h les jours suivants : \n\u2022 lundi 21 avril 2025, jeudi 8 mai 2025, jeudi 29 mai 2025, lundi 9 juin 2025, lundi 14 juillet \n2025, vendredi 15 ao\u00fbt 2025, samedi 1er novembre 2025, mardi 11 novembre 2025\n\u2022 les samedis de juillet et ao\u00fbt 2025, hormis le samedi 2 ao\u00fbt 2025 en raison d'une  \npr\u00e9vision de trafic particuli\u00e8rement dense par Bison fut\u00e9 (journ\u00e9e class\u00e9e \u00ab noire \u00bb)\nArticle 3 :\nLe responsable du v\u00e9hicule doit pouvoir justifier, en cas de contr\u00f4le, aupr\u00e8s des agents de  \nl'autorit\u00e9 comp\u00e9tente de la conformit\u00e9 du transport effectu\u00e9 au regard des dispositions de la \npr\u00e9sente d\u00e9rogation.\nDirection d\u00e9partementale des territoires de la C\u00f4te-d'Or\n57, rue de Mulhouse - BP 53317 - 21033 Dijon CEDEX\nT\u00e9l. : 03 80 29 44 44\nCourriel : ddt@cote-dor.gouv.fr\nDirection d\u00e9partementale des territoires de la C\u00f4te-d'Or - 21-2025-05-07-00001 - Arr\u00eat\u00e9 Pr\u00e9fectoral N\u00b0656 portant d\u00e9rogation \u00e0 titre\ntemporaire \u00e0 l'interdiction de circulation des v\u00e9hicules de transport de marchandises \u00e0 certaines p\u00e9riodes pour les v\u00e9hicules\nde plus de 7,5 tonnes de PTAC exploit\u00e9s par la soci\u00e9t\u00e9 SECULA LOGISTIQUE domicili\u00e9e\n\u00e0 BEAUNE (21)\n61\nUne  copie  du  pr\u00e9sent  arr\u00eat\u00e9  et  de  son  annexe  doivent  se  trouver  \u00e0  bord  du  v\u00e9hicule.  \nL'original de l'arr\u00eat\u00e9 est archiv\u00e9 par la direction d\u00e9partementale des territoires de la C\u00f4te-\nd'Or.\nArticle 4 :\nLe pr\u00e9sent arr\u00eat\u00e9 peut faire l'objet d'un recours contentieux devant le tribunal administratif  \nde Dijon dans un d\u00e9lai de deux mois \u00e0 compter de sa publication. Un recours peut \u00eatre  \nd\u00e9pos\u00e9  via  l'application  T\u00e9l\u00e9recours  citoyens  accessible  par  le  site  internet  \nwww.telerecours.fr\nArticle 5 :\nLe  directeur  de  cabinet  du  pr\u00e9fet  de  la  C\u00f4te-d'Or  et  la  directrice  d\u00e9partementale  des  \nterritoires de la C\u00f4te-d'Or sont charg\u00e9s de l'ex\u00e9cution du pr\u00e9sent arr\u00eat\u00e9 qui sera publi\u00e9 au  \nrecueil des actes administratifs de la pr\u00e9fecture de la C\u00f4te-d'Or et notifi\u00e9 au responsable  \nl\u00e9gal de l'entreprise SECULA LOGISTIQUE domicili\u00e9e \u00e0 BEAUNE (21).\nFait \u00e0 Dijon, le 7 mai 2025\nPour le Pr\u00e9fet et par d\u00e9l\u00e9gation,\nLe chef de bureau de la s\u00e9curit\u00e9 routi\u00e8re\nSIGNE\nPhilippe MUNIER\nDirection d\u00e9partementale des territoires de la C\u00f4te-d'Or\n57, rue de Mulhouse - BP 53317 - 21033 Dijon CEDEX\nT\u00e9l. : 03 80 29 44 44\nCourriel : ddt@cote-dor.gouv.fr\nDirection d\u00e9partementale des territoires de la C\u00f4te-d'Or - 21-2025-05-07-00001 - Arr\u00eat\u00e9 Pr\u00e9fectoral N\u00b0656 portant d\u00e9rogation \u00e0 titre\ntemporaire \u00e0 l'interdiction de circulation des v\u00e9hicules de transport de marchandises \u00e0 certaines p\u00e9riodes pour les v\u00e9hicules\nde plus de 7,5 tonnes de PTAC exploit\u00e9s par la soci\u00e9t\u00e9 SECULA LOGISTIQUE domicili\u00e9e\n\u00e0 BEAUNE (21)\n62\nANNEXE\n\u00e0 l'arr\u00eat\u00e9 pr\u00e9fectoral n\u00b0656 du 7 mai 2025\nArticle R. 411-18 du Code de la route \u2013 Article 5-II de l'arr\u00eat\u00e9 interminist\u00e9riel du 16 avril 2021.\nD\u00e9rogation temporaire aux interdictions de circulations g\u00e9n\u00e9rales et compl\u00e9mentaires \npr\u00e9vues par les articles 1 et 2 de l'arr\u00eat\u00e9 interminist\u00e9riel du 16 avril 2021.\nConform\u00e9ment \u00e0 l'article 8 de l'arr\u00eat\u00e9 interminist\u00e9riel du 16 avril 2021, la d\u00e9rogation \nindividuelle \u00e0 titre temporaire doit \u00eatre obligatoirement compl\u00e9t\u00e9e par son titulaire avant le \nd\u00e9part du v\u00e9hicule en indiquant la date du d\u00e9placement et le num\u00e9ro d'immatriculation du \nv\u00e9hicule.\nDate du d\u00e9placement : 7h \u00e0 19h les jours suivants : \n- lundi 21 avril 2025, jeudi 8 mai 2025, jeudi 29 mai 2025, lundi 9 juin 2025, lundi 14  \njuillet 2025, vendredi 15 ao\u00fbt 2025, samedi 1er novembre 2025, mardi 11 novembre 2025\n-  les samedis de juillet et ao\u00fbt 2025, hormis le samedi 2 ao\u00fbt 2025\nV\u00e9hicules concern\u00e9s (le cas \u00e9ch\u00e9ant)\nType N\u00b0 immatriculation Type N\u00b0 immatriculation\nPORTEUR DA 413 HL REMORQUE GG 495 TZ\nPORTEUR FP 994 FH REMORQUE DS 273 ZE\nPORTEUR CS 748 VZ REMORQUE 945 WN 21\nPORTEUR DF 129 TD REMORQUE BT 993 KV\nPORTEUR DF 711 TC REMORQUE BT 347 ZV\nPORTEUR EY 312 KW REMORQUE DG 040 VG\nPORTEUR FG 587 XG REMORQUE EL 154 JZ\nPORTEUR FJ 470 BM REMORQUE BV 650 BF\nPORTEUR FM 123 GA REMORQUE GV 6001 YS\nPORTEUR GG 102 WB REMORQUE EL 776 JY\nPORTEUR GG 113 REMORQUE 2637 TV ZI\nPORTEUR GG 840 WE REMORQUE CR 746 DK\nPORTEUR GH 254 TT REMORQUE AV 794 RS\nPORTEUR GJ 425 MY REMORQUE 9736 CP 21\nPORTEUR GL 963 EE REMORQUE 9683 CP 21\nPORTEUR GM 073 MZ\nPORTEUR EM 670 DQ\nDirection d\u00e9partementale des territoires de la C\u00f4te-d'Or\n57, rue de Mulhouse - BP 53317 - 21033 Dijon CEDEX\nT\u00e9l. : 03 80 29 44 44\nCourriel : ddt@cote-dor.gouv.fr\nDirection d\u00e9partementale des territoires de la C\u00f4te-d'Or - 21-2025-05-07-00001 - Arr\u00eat\u00e9 Pr\u00e9fectoral N\u00b0656 portant d\u00e9rogation \u00e0 titre\ntemporaire \u00e0 l'interdiction de circulation des v\u00e9hicules de transport de marchandises \u00e0 certaines p\u00e9riodes pour les v\u00e9hicules\nde plus de 7,5 tonnes de PTAC exploit\u00e9s par la soci\u00e9t\u00e9 SECULA LOGISTIQUE domicili\u00e9e\n\u00e0 BEAUNE (21)\n63\nPORTEUR GX 307 RG\nPORTEUR EJ 088 JY \nPORTEUR GH 466 BF\nPORTEUR BP 061 JW\nPORTEUR DF 212 TO\nPORTEUR DF 624 TD\nPORTEUR EN 594 QQ\nPORTEUR FK 422 WF\nPORTEUR GW 060 BE \nPORTEUR GL 078 FW\nPORTEUR GP 489 CJ\nPORTEUR HB 085 SN\nUne copie de l'arr\u00eat\u00e9 pr\u00e9fectoral et son annexe doivent se trouver \u00e0 bord du v\u00e9hicule\net pouvoir \u00eatre pr\u00e9sent\u00e9s aux agents charg\u00e9s du contr\u00f4le.\nL'original de l'arr\u00eat\u00e9 est archiv\u00e9 par la direction d\u00e9partementale des territoires de la C\u00f4te-\nd'Or.\nDirection d\u00e9partementale des territoires de la C\u00f4te-d'Or\n57, rue de Mulhouse - BP 53317 - 21033 Dijon CEDEX\nT\u00e9l. : 03 80 29 44 44\nCourriel : ddt@cote-dor.gouv.fr\nDirection d\u00e9partementale des territoires de la C\u00f4te-d'Or - 21-2025-05-07-00001 - Arr\u00eat\u00e9 Pr\u00e9fectoral N\u00b0656 portant d\u00e9rogation \u00e0 titre\ntemporaire \u00e0 l'interdiction de circulation des v\u00e9hicules de transport de marchandises \u00e0 certaines p\u00e9riodes pour les v\u00e9hicules\nde plus de 7,5 tonnes de PTAC exploit\u00e9s par la soci\u00e9t\u00e9 SECULA LOGISTIQUE domicili\u00e9e\n\u00e0 BEAUNE (21)\n64\nPr\u00e9fecture de la C\u00f4te-d'Or\nDirection de la coordination, des politiques\npubliques et de l'appui territorial\n21-2025-05-05-00006\nArr\u00eat\u00e9 n\u00b0645 du 5 mai 2025\nportant d\u00e9cision de passer outre un avis\nd'\u00e9valuation domaniale\npour une acquisition par l'\u00c9tat d'une partie des\nparcelles C31 et C 72\nsur la commune de Vandenesse-en-Auxois\nPr\u00e9fecture de la C\u00f4te-d'Or - 21-2025-05-05-00006 - Arr\u00eat\u00e9 n\u00b0645 du 5 mai 2025\nportant d\u00e9cision de passer outre un avis d'\u00e9valuation domaniale\npour une acquisition par l'\u00c9tat d'une partie des parcelles C31 et C 72\nsur la commune de Vandenesse-en-Auxois\n65\nExPREFETDE LACOTE-D'ORLibert\u00e9Egalit\u00e9Fraternit\u00e9\nDirection de la coordination des politiques publiques\net de l'appui aux territoires\nArr\u00eat\u00e9 n\u00b0645 du 5 mai 2025 \nportant d\u00e9cision de passer outre un avis d'\u00e9valuation domaniale\npour une acquisition par l'\u00c9tat d'une partie des parcelles C31 et C 72\nsur la commune de Vandenesse-en-Auxois\nLe pr\u00e9fet de la C\u00f4te-d'Or\nVU le Code g\u00e9n\u00e9ral de la propri\u00e9t\u00e9 des personnes publiques et notamment les articles R. 1211-1 et  \nsuivants ;\nVU le d\u00e9cret du 10 octobre 2024 nommant Monsieur Paul MOURIER, pr\u00e9fet de la r\u00e9gion Bourgogne-\nFranche-Comt\u00e9, pr\u00e9fet de la C\u00f4te-d'Or ;\nVU l'arr\u00eat\u00e9 du Ministre de l'\u00c9conomie et des finances et le Ministre d\u00e9l\u00e9gu\u00e9 aupr\u00e8s du Ministre de  \nl'\u00c9conomie et des finances, charg\u00e9 du budget, du 6 ao\u00fbt 2012 fixant les montants pr\u00e9vus aux articles  \nR. 1211-6 et R. 4111-5 du code g\u00e9n\u00e9ral de la propri\u00e9t\u00e9 des personnes publiques ;\nVU l'arr\u00eat\u00e9 pr\u00e9fectoral n\u00b0 444 / SG du 17 mars 2025 donnant d\u00e9l\u00e9gation de signature \u00e0 Monsieur  \nDenis BRUEL, secr\u00e9taire g\u00e9n\u00e9ral de la pr\u00e9fecture de C\u00f4te-d'Or \nVU les avis de la Directrice r\u00e9gionale des finances publiques de Bourgogne-Franche-Comt\u00e9  et du  \nd\u00e9partement de la C\u00f4te d'Or , p\u00f4le d'\u00e9valuation domaniale, en date des 1 er f\u00e9vrier 2024 et 31 mars  \n2025\nVU la demande de passer outre les \u00e9valuations de la direction r\u00e9gionale des finances publiques  \nformul\u00e9e par le Directeur territorial Centre-Bourgogne de Voies navigables de France ;\nCONSID\u00c9RANT que Voies navigables de France a pr\u00e9vu la r\u00e9alisation de travaux de r\u00e9habilitation du  \nbarrage r\u00e9servoir de Panthier  \u00e0 Vandenesse-en-Auxois; impliquant l'acquisition de deux parties de  \nparcelles C31 et C72 pour d'une part la cr\u00e9ation d'une nouvelle p\u00eacherie et d'autre part, la cr\u00e9ation  \nd'un nouvel \u00e9vacuateur de crue ;\nCONSID\u00c9RANT que Voies navigables de France a demand\u00e9 pour la parcelle C72, aux propri\u00e9taires  \nindivis d'acqu\u00e9rir 0.3815 ha soit 3  815 m\u00b2 de la parcelle C72 d'une contenance cadastrale totale de  \n3 ha 89 a 10 ca soit 38  910 m\u00b2; et pour la parcelle C31 \u00e0 la propri\u00e9taire d'acqu\u00e9rir 0.0687 ha soit  \n687 m\u00b2 de la parcelle C31 d'une contenance cadastrale totale de 5 ha 61a et 59 ca soit 56 159 m\u00b2 ;\nCONSIDERANT qu'\u00e0 la suite de l'avis datant du 31 mars 2025, les services de la Direction r\u00e9gionale  \ndes finances publiques ont estim\u00e9 la valeur de la parcelle C72 \u00e0 1335.25\u20ac (0.35\u20ac/m\u00b2) et de la parcelle  \nC31 \u00e0 329,76 (0.48\u20ac/m\u00b2) ;\nCONSID\u00c9RANT  par ailleurs que les terrains concern\u00e9s par les ventes font actuellement l'objet de  \nbaux ruraux ;\nCONSID\u00c9RANT qu'au regard du co\u00fbt que repr\u00e9sentent les ventes des terrains pour les propri\u00e9taires  \nindivis de la parcelle C72 et la propri\u00e9taire de la parcelle C31 et de la g\u00eane occasionn\u00e9e, les parties  \nont finalement act\u00e9 d'un prix de vente de 12  627,00 \u20ac pour la parcelle C72 et d'un prix de vente de  \n2 274,00 \u20ac, sup\u00e9rieur \u00e0 l'\u00e9valuation domaniale des parcelles du 14 d\u00e9cembre 2023 ;\nPr\u00e9fecture de la C\u00f4te-d'Or - 21-2025-05-05-00006 - Arr\u00eat\u00e9 n\u00b0645 du 5 mai 2025\nportant d\u00e9cision de passer outre un avis d'\u00e9valuation domaniale\npour une acquisition par l'\u00c9tat d'une partie des parcelles C31 et C 72\nsur la commune de Vandenesse-en-Auxois\n66\nCONSID\u00c9RANT l'int\u00e9r\u00eat g\u00e9n\u00e9ral justifiant l'acquisition de ces parcelles ;\nCONSID\u00c9RANT la s\u00e9curit\u00e9 pour voies navigables de France de proc\u00e9der le plus rapidement possible  \n\u00e0 la construction d'un \u00e9vacuateur de crue dans le cadre de la r\u00e9habilitation du barrage de Panthier,\nCONSID\u00c9RANT  que ce projet, et l'acquisition des parcelles de terrain qui en d\u00e9coule, constituent  \nl'option la moins on\u00e9reuse pour voies navigables de France; \nCONSID\u00c9RANT qu'en  application  de  l'article  R.  1211-6  du  Code  g\u00e9n\u00e9ral  de  la  propri\u00e9t\u00e9  des  \npersonnes publiques et au regard des seuils fix\u00e9s par l'arr\u00eat\u00e9 du 6 ao\u00fbt 2012 susvis\u00e9, il y a lieu, dans  \nces conditions, d'autoriser la cession sur les bases ainsi n\u00e9goci\u00e9es ;\nSUR PROPOSITION de M. le Directeur territorial Centre-Bourgogne de Voies navigables de France ;\nARR\u00caTE\nArticle  1  er   :  Il  est  d\u00e9cid\u00e9  de  passer  outre  les  montants  fix\u00e9s  par  l'\u00e9valuation  domaniale  pour  \nl'acquisition d'une partie des parcelles cadastr\u00e9es C 72 et C 31 sur la commune de Vandenesse-en-\nAuxois et de proposer aux propri\u00e9taires les montants suivants :\nParcelle Surface \u00e0 \nacqu\u00e9rir (m\u00b2) \u00c9valuation domaniale Prix d'acquisition propos\u00e9 \nau(x) propri\u00e9taire(s)\nC 72 3815 0.35\u20ac/m\u00b2, soit pour la surface \u00e0 \nacqu\u00e9rir : 1 335.25 \u20ac 12 627 \u20ac net vendeur\nC 31 687 0.48\u20ac/m\u00b2, soit pour la surface \u00e0 \nacqu\u00e9rir : 329.76 \u20ac 2 274,00 \u20ac net vendeur\nIl est pr\u00e9vu un seuil de tol\u00e9rance 1% des surfaces r\u00e9elles \u00e0 acqu\u00e9rir. Les surfaces d\u00e9finitives \u00e0  \nacqu\u00e9rir seront connues lors de la division des parcelles \u00e0 intervenir. Une variation de plus ou moins  \n1% des surfaces \u00e0 acqu\u00e9rir par rapport aux surfaces mentionn\u00e9es ci-dessus sera tenue pour admise  \nlors des divisions parcellaires \u00e0 intervenir et le prix sera actualis\u00e9.\nArticle  2 :  Cette  d\u00e9cision  sera  transmise  \u00e0  la  Directrice  r\u00e9gionale  des  finances  publiques  de  \nBourgogne-Franche-Comt\u00e9 et  du d\u00e9partement  de la C\u00f4te d'Or et  au Directeur territorial  Centre-\nBourgogne de Voies navigables de France.\nArticle 3 : M. le secr\u00e9taire g\u00e9n\u00e9ral de la pr\u00e9fecture et M. le Directeur territorial Centre-Bourgogne  de \nVoies navigables de France, sont charg\u00e9s en ce qui les concerne, de l'ex\u00e9cution du pr\u00e9sent arr\u00eat\u00e9 qui  \nsera publi\u00e9 au recueil des actes administratifs de la pr\u00e9fecture.\nFait \u00e0 Dijon, le 5 mai 2025\nLe pr\u00e9fet\nPour le pr\u00e9fet et par d\u00e9l\u00e9gation,\nle secr\u00e9taire g\u00e9n\u00e9ral\nsign\u00e9\nDenis BRUEL\nLe pr\u00e9sent arr\u00eat\u00e9 peut \u00eatre contest\u00e9 dans un d\u00e9lai de deux mois \u00e0 compter de sa notification ou de sa publication : \n- Soit par un recours gracieux aupr\u00e8s de l'auteur de la d\u00e9cision et/ou un recours hi\u00e9rarchique aupr\u00e8s du ministre de  \nl'Int\u00e9rieur. L'absence de r\u00e9ponse dans un d\u00e9lai de deux mois fait na\u00eetre une d\u00e9cision implicite de rejet qui peut elle-\nm\u00eame \u00eatre d\u00e9f\u00e9r\u00e9e au tribunal administratif territorialement comp\u00e9tent dans les deux mois suivant son intervention. Il  \nen est de m\u00eame en cas de d\u00e9cision explicite \u00e0 compter de sa notification.\n- Soit par un recours contentieux devant le tribunal administratif territorialement comp\u00e9tent. Les particuliers et les  \npersonnes  morales  de  droit  priv\u00e9  peuvent  d\u00e9poser  leur  recours  aupr\u00e8s  du  tribunal  administratif  via  l'application \nT\u00e9l\u00e9recours citoyens, accessible par le site internet www.telerecours.fr\n2/2\nPr\u00e9fecture de la C\u00f4te-d'Or - 21-2025-05-05-00006 - Arr\u00eat\u00e9 n\u00b0645 du 5 mai 2025\nportant d\u00e9cision de passer outre un avis d'\u00e9valuation domaniale\npour une acquisition par l'\u00c9tat d'une partie des parcelles C31 et C 72\nsur la commune de Vandenesse-en-Auxois\n67\nPr\u00e9fecture de la C\u00f4te-d'Or\nDirection des s\u00e9curit\u00e9s\n21-2025-05-07-00002\nArr\u00eat\u00e9 Pr\u00e9fectoral n\u00b0 657 r\u00e9glementant la\ncirculation et le stationnement \u00e0 l'occasion du\n\"2\u00e8me rallye national de Bligny-sur-Ouche\" les\nvendredi 9 et samedi 10 mai 2025\nPr\u00e9fecture de la C\u00f4te-d'Or - 21-2025-05-07-00002 - Arr\u00eat\u00e9 Pr\u00e9fectoral n\u00b0 657 r\u00e9glementant la circulation et le stationnement \u00e0\nl'occasion du \"2\u00e8me rallye national de Bligny-sur-Ouche\" les vendredi 9 et samedi 10 mai 2025 68\nExPREFETDE LACOTE-D'ORL,z'berte'Egalit\u00e9Fraternit\u00e9\nDirection d\u00e9partementale des territoires\nde la C\u00f4te-d'Or\nService de la S\u00e9curit\u00e9 et de l'\u00c9ducation Routi\u00e8re\nBureau de la S\u00e9curit\u00e9 Routi\u00e8re\nDijon, le 07mai 2025\nArr\u00eat\u00e9 n\u00b0 657\nr\u00e9glementant la circulation et le stationnement \u00e0 l'occasion du \u00ab 2e Rallye national de\nBLIGNY-SUR-OUCHE \u00bb les vendredi 9 et samedi 10 mai 2025\nLe pr\u00e9fet de la C\u00f4te-d'Or\nVU le code de la route ;\nVU l'arr\u00eat\u00e9  interminist\u00e9riel  du  24  novembre  1967  modifi\u00e9  relatif  \u00e0  la  signalisation  des\nroutes et autoroutes ;\nVU l'instruction  interminist\u00e9rielle  relative  \u00e0  la  signalisation  routi\u00e8re-huiti\u00e8me  partie,\nsignalisation  temporaire  approuv\u00e9e  par  l'arr\u00eat\u00e9  interminist\u00e9riel  du  6  novembre  1992\nmodifi\u00e9 ;\nVU le  d\u00e9cret  n\u00b02009-615  du  3  juin  2009  modifi\u00e9  fixant  la  liste  des  routes  \u00e0  grande\ncirculation ;\nVU l'arr\u00eat\u00e9 interminist\u00e9riel du 20 d\u00e9cembre 2010 relatif \u00e0 l'interdiction de certaines routes\naux concentrations et manifestations sportives ;\nVU l'arr\u00eat\u00e9 minist\u00e9riel du 20 d\u00e9cembre 2024 portant interdiction des concentrations ou\nmanifestations sportives sur les routes \u00e0 grande circulation ;\nVU l'arr\u00eat\u00e9 municipal de la commune de VIC DES PRES en date du 14 avril 2025 ;\nVU le dossier d\u00e9pos\u00e9 sur la plateforme SIMS le 19 f\u00e9vrier 2025 par l'Association Sportive\nAutomobile PRENOIS BOURGOGNE ;\nVU la  visite  de  reconnaissance  du  parcours  effectu\u00e9e  le  lundi 17  mars  2025 par  les\nmembres de la Commission D\u00e9partementale de la S\u00e9curit\u00e9 Routi\u00e8re de C\u00f4te-d'Or\nDirection d\u00e9partementale des territoires de la C\u00f4te-d'Or\n57 rue de Mulhouse- BP 53317 - 21033 DIJON cedex\nt\u00e9l : 03 80 29 44 44 \u2013 Courriel : ddt@cote-dor.gouv.fr\nPr\u00e9fecture de la C\u00f4te-d'Or - 21-2025-05-07-00002 - Arr\u00eat\u00e9 Pr\u00e9fectoral n\u00b0 657 r\u00e9glementant la circulation et le stationnement \u00e0\nl'occasion du \"2\u00e8me rallye national de Bligny-sur-Ouche\" les vendredi 9 et samedi 10 mai 2025 69\n2\nVU  l'avis favorable de la Commission D\u00e9partementale de la S\u00e9curit\u00e9 Routi\u00e8re de C\u00f4te-\nd'Or - section \u00ab \u00e9preuves et comp\u00e9titions sportives \u00bb r\u00e9unie le mardi 25 mars 2025 ;\nVU les avis favorables de M. le pr\u00e9sident du Conseil D\u00e9partemental de la C\u00f4te-d'Or en\ndate du 3 avril 2025 et du 5 mai 2025;\nVU l'avis favorable de la commune de PAINBLANC en date du 19 mars 2025 ;\nVU l'avis favorable de la commune de VEILLY en date du 24 mars 2025 ;\nVU l'avis favorable de la commune de COLOMBIER en date du 28 mars 2025 ;\nVU l'avis favorable de la commune de BLIGNY-SUR-OUCHE en date du 5 mai 2025 ;\nVU l'avis r\u00e9put\u00e9 favorable des communes d' AUXANT, CHAUDENAY-LA-VILLE, CULETRE,\nCUSSY-LE-CHATEL, THOREY-SUR-OUCHE, et VIC-DES-PRES ;\nVU l'avis favorable du Commandant du groupement de gendarmerie d\u00e9partemental de la\nC\u00f4te-d'Or en date du 26 mars 2025 ;\nCONSID\u00c9RANT qu'il y a lieu, pour des raisons de s\u00e9curit\u00e9 routi\u00e8re, de r\u00e9glementer la\ncirculation et le stationnement lors du  \u00ab2e Rallye national de BLIGNY-SUR-OUCHE  \u00bb les\nvendredi 9 et samedi 10 mai 2025 ;\nSUR proposition de Madame la directrice d\u00e9partementale des territoires de la C\u00f4te-d'Or ;\nARR\u00caTE\nArticle 1  er   : Mesures de circulation et de stationnement\n\uf06e  Le vendredi 9 mai \u00e0 12h au plus t\u00f4t au vendredi 9 mai \u00e0 18h au plus tard,  la circulation\ng\u00e9n\u00e9rale de tous les v\u00e9hicules y compris celle des pi\u00e9tons ainsi que le stationnement, tant\nsur  la  chauss\u00e9e  que  sur  les  accotements,  seront  interdits  sur  les  sections  de\nroutes suivantes :\nParcours de l'\u00e9preuve Shakedown\uf0a7  (commune de VIC -DES-PRES) :\n- Grande rue (voies communales et RD111) du carrefour avec la RD 970 jusqu'\u00e0 la rue\nd'Auxant\n- Rue d'Auxant de la Grande rue jusqu'au carrefour avec la RD 17\n\uf06e  Du vendredi 09 mai \u00e0 18h30 au plus t\u00f4t au samedi 10 mai \u00e0 01h00 au plus tard  et du\nsamedi 10 mai de 7h30 au plus t\u00f4t au samedi 10 mai \u00e0 22h au plus tard,  la  circulation\ng\u00e9n\u00e9rale de tous les v\u00e9hicules y compris celle des pi\u00e9tons ainsi que le stationnement, tant\nsur  la  chauss\u00e9e  que  sur  les  accotements,  seront  interdits  sur  les  sections  de  routes\nsuivantes :\nParcours de l'\u00e9preuve sp\u00e9ciale COLOMBIER-PAINBLANC (D\u00e9part CHAUDENAY-LA-VILLE)\uf0a7  :\n- RD  115  du  PR  31+824  au  PR  34+361  (Communes  de  CHAUDENAY-LA-VILLE  hors\nagglom\u00e9ration et COLOMBIER en et hors agglom\u00e9ration)\nDirection d\u00e9partementale des territoires de la C\u00f4te-d'Or\n57 rue de Mulhouse- BP 53317 - 21033 DIJON cedex\nt\u00e9l : 03 80 29 44 44 \u2013 Courriel : ddt@cote-dor.gouv.fr\nPr\u00e9fecture de la C\u00f4te-d'Or - 21-2025-05-07-00002 - Arr\u00eat\u00e9 Pr\u00e9fectoral n\u00b0 657 r\u00e9glementant la circulation et le stationnement \u00e0\nl'occasion du \"2\u00e8me rallye national de Bligny-sur-Ouche\" les vendredi 9 et samedi 10 mai 2025 70\n3\n- Voies communales entre BUISSON (carrefour avec la RD115i) et THOREY SUR OUCHE (de\nBUISSON jusqu'au chemin des bois des Chaumes, chemin des bois des chaumes jusqu'au\nchemin des apprehis, chemin des apprehis jusqu'\u00e0 BUISSON)\n- RD115i du PR 8 +142 au PR 0+426 (Communes de COLOMBIER, PAINBLANC en et hors\nagglom\u00e9ration, THOREY-SUR-OUCHE, BLIGNY-SUR-OUCHE hors agglom\u00e9ration)\n\uf0a7 Parcours de l'\u00e9preuve sp\u00e9ciale PASQUIER-AUXANT (d\u00e9part PAINBLANC) :\n- RD14D du PR 0+000 au PR 2+889 (Communes de PAINBLANC, CUSSY-LE-CHATEL, en et\nhors agglom\u00e9ration)\n- RD14 du PR 8+052 au PR 10+280 (Communes de CUSSY-LE-CHATEL et CULETRE en et\nhors agglom\u00e9ration)\n- RD115L du PR 10+082 au PR 10+278 (Commune de CULETRE en et hors agglom\u00e9ration)\n- RD17N du PR 0+000 au PR 2+950 (Communes de CULETRE hors agglom\u00e9ration, VEILLY en\net hors agglom\u00e9ration)\n- Voies communales (Rue d'Enfer, rue Chirot) entre la RD17N et la RD33G\n- RD33G du carrefour avec la RD17N  jusq'au PR 7+076 (Communes de VEILLY et AUXANT\nen et hors agglom\u00e9ration)\n- Voie communale (rue d'Amont) entre le carrefour avec la RD33G et le carrefour avec la\nrue du terreau \u00e0 AUXANT\n\uf0a7 Stockage des concurrents avant le d\u00e9part :\n- RD 115B du PR 5+800 au PR 6+277 (commune de PAINBLANC)\nArticl  e   2  :   D\u00e9viations\nUne d\u00e9viation sera mise en place par les voies suivantes :\nD\u00e9viation pour le p\uf0a7 arcours de l'\u00e9preuve sp\u00e9ciale n\u00b01: \nRD 115 du PR 29+617 au PR 30+345, RD115B du PR 0+000 au PR 3+0430, RD18 du PR 11+390\nau PR 14+580 et RD115 du PR 34+360 au PR 36+550\n\uf0a7 D\u00e9viation pour le parcours de l'\u00e9preuve sp\u00e9ciale n\u00b02 :\nRD970 du PR 35+198 au PR 38+398, RD17C du PR 6+270 au PR 11+835, RD17 du PR 31+730\nau PR37+465\nArticle   3   : Signalisation\nLa signalisation de position et de d\u00e9viation sera pos\u00e9e par le Conseil D\u00e9partemental.\nArticle   4   : Acc\u00e8s des secours\nLes services de secours pourront en cas de n\u00e9cessit\u00e9 emprunter les sections des voies\ninterdites figurant \u00e0 l'article 1er dans le sens de circulation de la course.\nLes organisateurs devront alors prendre toute disposition, notamment l'arr\u00eat de la course,\npour faciliter la progression en toute s\u00e9curit\u00e9 des v\u00e9hicules en question.\nDirection d\u00e9partementale des territoires de la C\u00f4te-d'Or\n57 rue de Mulhouse- BP 53317 - 21033 DIJON cedex\nt\u00e9l : 03 80 29 44 44 \u2013 Courriel : ddt@cote-dor.gouv.fr\nPr\u00e9fecture de la C\u00f4te-d'Or - 21-2025-05-07-00002 - Arr\u00eat\u00e9 Pr\u00e9fectoral n\u00b0 657 r\u00e9glementant la circulation et le stationnement \u00e0\nl'occasion du \"2\u00e8me rallye national de Bligny-sur-Ouche\" les vendredi 9 et samedi 10 mai 2025 71\n4\nArtic  le   5   : Nettoyage des voies\nEn cas de besoin et pr\u00e9alablement \u00e0 la r\u00e9ouverture des voies \u00e0 la circulation publique, un\nnettoyage de la chauss\u00e9e devra \u00eatre r\u00e9alis\u00e9 par l'organisateur.\nUne attention particuli\u00e8re sera port\u00e9e aux endroits o\u00f9 des chicanes en bottes de paille\nauront \u00e9t\u00e9 install\u00e9es, afin que tous les r\u00e9sidus de paille soient retir\u00e9s.\nArticle     6   : \u00c9volution des mesures\nLes services de gendarmerie pourront, en fonction des circonstances, all\u00e9ger ou renforcer\nles  mesures  pr\u00e9vues  et  prendre  toutes  initiatives  pour  faciliter  l'\u00e9coulement  de  la\ncirculation.\nArticle 7     : Recours\nLe  pr\u00e9sent  arr\u00eat\u00e9  peut  faire  l'objet  d'un  recours  contentieux  devant  le  tribunal\nadministratif de Dijon dans un d\u00e9lai de deux mois \u00e0 compter de sa publication. Un recours\npeut  \u00eatre  d\u00e9pos\u00e9  via  l'application  t\u00e9l\u00e9recours  citoyens  accessible  par  le  site  internet\nhttp://ww.telerecours.fr./ \nArticle     8   : Ex\u00e9cution\n- La Directrice de Cabinet du pr\u00e9fet de la C\u00f4te-d'Or,\n- Le Pr\u00e9sident du Conseil d\u00e9partemental de la C\u00f4te-d'Or,\n- Les  maires  des  communes  de  BLIGNY-SUR-OUCHE,  AUXANT,  CHAUDENAY-LA-VILLE,\nCOLOMBIER, CULETRE, CUSSY-LE-CHATEL, PAINBLANC, THOREY-SUR-OUCHE, VEILLY, et\nVIC-DES-PRES,\n- Le Commandant du Groupement de gendarmerie d\u00e9partemental de C\u00f4te-d'Or,\n- Le Pr\u00e9sident de l'Association Sportive Automobile PRENOIS BOURGOGNE\nsont charg\u00e9s, chacun en ce qui le concerne, de l'ex\u00e9cution du pr\u00e9sent arr\u00eat\u00e9.\nLe pr\u00e9sent arr\u00eat\u00e9 sera publi\u00e9 au recueil des actes administratifs de la Pr\u00e9fecture de C\u00f4te-\nd'Or.\nUne copie du pr\u00e9sent arr\u00eat\u00e9 sera adress\u00e9e pour information :\n- au Service D\u00e9partemental d'Incendie et de Secours\n- au Service d'Aide M\u00e9dicale d'Urgence\nFait \u00e0 Dijon, le 07 mai 2025\nLe pr\u00e9fet,\nPour le pr\u00e9fet, par d\u00e9l\u00e9gation,\nLa directrice de cabinet,\nSign\u00e9\nAur\u00e9lie CONTRECIVILE\nDirection d\u00e9partementale des territoires de la C\u00f4te-d'Or\n57 rue de Mulhouse- BP 53317 - 21033 DIJON cedex\nt\u00e9l : 03 80 29 44 44 \u2013 Courriel : ddt@cote-dor.gouv.fr\nPr\u00e9fecture de la C\u00f4te-d'Or - 21-2025-05-07-00002 - Arr\u00eat\u00e9 Pr\u00e9fectoral n\u00b0 657 r\u00e9glementant la circulation et le stationnement \u00e0\nl'occasion du \"2\u00e8me rallye national de Bligny-sur-Ouche\" les vendredi 9 et samedi 10 mai 2025 72\nPr\u00e9fecture de la C\u00f4te-d'Or\nDirection des s\u00e9curit\u00e9s\n21-2025-05-07-00004\nArr\u00eat\u00e9 pr\u00e9fectoral N\u00b0660\nautorisant la captation, l'enregistrement et la\ntransmission d'images\nau moyen de cam\u00e9ras install\u00e9es sur des a\u00e9ronefs\nPr\u00e9fecture de la C\u00f4te-d'Or - 21-2025-05-07-00004 - Arr\u00eat\u00e9 pr\u00e9fectoral N\u00b0660\nautorisant la captation, l'enregistrement et la transmission d'images\nau moyen de cam\u00e9ras install\u00e9es sur des a\u00e9ronefs\n73\nPr\u00e9fecture de la C\u00f4te-d'Or - 21-2025-05-07-00004 - Arr\u00eat\u00e9 pr\u00e9fectoral N\u00b0660\nautorisant la captation, l'enregistrement et la transmission d'images\nau moyen de cam\u00e9ras install\u00e9es sur des a\u00e9ronefs\n74\nCONSIDERANT, d'une part, que les \u00ab rod\u00e9os urbains \u00bb, qui se caract\u00e9risent par des comportementsill\u00e9gaux sur la voie publique r\u00e9alis\u00e9s par les conducteurs de deux roues, au m\u00e9pris des r\u00e9gles deprudence et du code de la route, compromettant la s\u00e9curit\u00e9 des usagers et des riverains, rendentn\u00e9cessaire une r\u00e9gulation des flux de transports en vue de pr\u00e9venir des accidents graves dont ilscr\u00e9ent directement les conditions; que, d'autre part, compte tenu des risques extr\u00eames qu'ilsengendrent pour la s\u00e9curit\u00e9 des personnes, des nuisances sonores consid\u00e9rables qu'ils causent pourle voisinage et du ph\u00e9nom\u00e8ne de privatisation agressive de |'espace public qu'ils impliquent, ilsg\u00e9n\u00e8rent des tensions tr\u00e8s importantes entre riverains et exposent les lieux o\u00f9 ils se d\u00e9roulent \u00e0 desrisques d'agression au sens des dispositions pr\u00e9cit\u00e9es du 1\u00b0 de l'article L. 242-5 du code de las\u00e9curit\u00e9 int\u00e9rieure ;CONSID\u00c9RANT que compte tenu du risque s\u00e9rieux de troubles \u00e0 l'ordre public r\u00e9sultant du \u00ab rod\u00e9ourbain \u00bb projet\u00e9, le recours \u00e0 des dispositifs de captation install\u00e9s sur des a\u00e9ronefs pr\u00e9sente l'int\u00e9r\u00eatde permettre aux forces de s\u00e9curit\u00e9 de b\u00e9n\u00e9ficier d'une vision en grand angle pour pouvoiridentifier et pr\u00e9venir rapidement le risque d'incident tout en limitant l''engagement des forces ausol, permettant de prot\u00e9ger leur int\u00e9grit\u00e9 physique du risque d'altercation ou de refusd'obtemp\u00e9rer; qu'il n'existe pas de dispositif moins intrusif permettant de parvenir aux m\u00eamesfins;CONSIDERANT que la demande porte sur l'engagement de deux cam\u00e9ras a\u00e9roport\u00e9es pendant ladur\u00e9e des op\u00e9rations de lutte contre les \u00ab rod\u00e9os urbains \u00bb ; que les lieux surveill\u00e9s sont strictementlimit\u00e9s au secteur d\u00e9finir par les forces de s\u00e9curit\u00e9 int\u00e9rieure pour ces op\u00e9rations au regard despr\u00e9c\u00e9dents \u00ab rod\u00e9os \u00bb d\u00e9ja constat\u00e9s, o\u00f9 sont susceptibles de se commettre les atteintes quel'usage des cam\u00e9ras a\u00e9roport\u00e9es vise \u00e0 pr\u00e9venir ; qu'au regard des circonstances sus mentionn\u00e9es, lademande n'appara\u00eet pas disproportionn\u00e9e ;CONSID\u00c9RANT que les op\u00e9rations doivent \u00eatre men\u00e9es avec la plus grande discr\u00e9tion; quel'information du public du public entrerait en contradiction avec les objectifs poursuivis ;SUR proposition de madame le directrice de cabinet du pr\u00e9fet de la r\u00e9gion Bourgogne-Franche-Comt\u00e9, pr\u00e9fet de la C\u00f4te-d'Or,\nARR\u00caTE\nArticle 1ler: La captation, l'enregistrement et la transmission d'images par la directioninterd\u00e9partementale de la police nationale de la C\u00f4te-d'Or, est autoris\u00e9e au titre des op\u00e9rations delutte contre les rod\u00e9os urbains pr\u00e9vues entre le 12 mai 2025 et le 10 ao\u00fbt 2025 inclus sur lacommune de Longvic;\nArticle 2: Le nombre maximal de cam\u00e9ras pouvant proc\u00e9der simultan\u00e9ment aux traitementsmentionn\u00e9s \u00e0 l'article 1\u00b0\" est fix\u00e9 \u00e0 2, install\u00e9es sur deux drones :- Mavic 2 Enterprise de marque DJI, num\u00e9ro de s\u00e9rie 276 CH3NROA024B,- Mavic 2 Enterprise de marque DJI, num\u00e9ro de s\u00e9rie 2763]270H1HO016.\nArticle 3 : La pr\u00e9sente autorisation est accord\u00e9e pour le secteur list\u00e9 ci-dessous et dans les limitesdu p\u00e9rim\u00e8tre g\u00e9ographique figurant en annexe du pr\u00e9sent arr\u00eat\u00e9 :- boulevard des industries- boulevard Eiffel- route de Seurre- route de Dijon- rue Jules Guesde- rue Malraux- rue des Pr\u00e9vots-rue du quai\nPr\u00e9fecture de la C\u00f4te-d'Or - 21-2025-05-07-00004 - Arr\u00eat\u00e9 pr\u00e9fectoral N\u00b0660\nautorisant la captation, l'enregistrement et la transmission d'images\nau moyen de cam\u00e9ras install\u00e9es sur des a\u00e9ronefs\n75\nArticle 4 : Le pr\u00e9sent arr\u00e9t\u00e9 est publi\u00e9 au recueil des actes administratifs de la pr\u00e9fecture et peutfaire l'objet d'un recours contentieux devant le tribunal administratif de Dijon dans un d\u00e9lai dedeux mois \u00e0 compter de sa publication.Article 5 : Le directrice de cabinet du pr\u00e9fet de la r\u00e9gion Bourgogne-Franche-Comt\u00e9, pr\u00e9fet de laC\u00f4te-d'Or, le secr\u00e9taire g\u00e9n\u00e9ral de la pr\u00e9fecture de la C\u00f4te-d'Or et le directeur interd\u00e9partementalde la police nationale de la C\u00f4te-d'Or sont charg\u00e9s, chacun en ce qui le concerne, de l'ex\u00e9cution dupr\u00e9sent arr\u00e9t\u00e9 qui sera adress\u00e9 pour copie au maire de la commune de Longvic et \u00e0 monsieur leprocureur de la R\u00e9publique pr\u00e8s le tribunal judiciaire de Dijon.\nFait \u00e0 Dijon, le 07 mai 2025\nLe pr\u00e9fet,Pour le pr\u00e9fet et par d\u00e9l\u00e9gation,La sous-pr\u00e9f\u00e8te, directrice de cabinet,\noriginal sign\u00e9\nAur\u00e9lie CONTREVICILE\nPr\u00e9fecture de la C\u00f4te-d'Or - 21-2025-05-07-00004 - Arr\u00eat\u00e9 pr\u00e9fectoral N\u00b0660\nautorisant la captation, l'enregistrement et la transmission d'images\nau moyen de cam\u00e9ras install\u00e9es sur des a\u00e9ronefs\n76\nAnnexe\nPr\u00e9fecture de la C\u00f4te-d'Or - 21-2025-05-07-00004 - Arr\u00eat\u00e9 pr\u00e9fectoral N\u00b0660\nautorisant la captation, l'enregistrement et la transmission d'images\nau moyen de cam\u00e9ras install\u00e9es sur des a\u00e9ronefs\n77\nSous-pr\u00e9fecture de Beaune\n21-2025-05-07-00003\nArr\u00eat\u00e9 pr\u00e9fectoral n\u00b0 650 portant autorisation de\nla manifestation sportive avec participation de\nv\u00e9hicules terrestres \u00e0 moteur\nd\u00e9nomm\u00e9e \u00ab Rallye national de\nBligny-sur-Ouche\u00bb organis\u00e9e les 9 et 10 mai 2025\nSous-pr\u00e9fecture de Beaune - 21-2025-05-07-00003 - Arr\u00eat\u00e9 pr\u00e9fectoral n\u00b0 650 portant autorisation de la manifestation sportive avec\nparticipation de v\u00e9hicules terrestres \u00e0 moteur\nd\u00e9nomm\u00e9e \u00ab Rallye national de Bligny-sur-Ouche\u00bb organis\u00e9e les 9 et 10 mai 2025\n78\n| SOUS-PREFECTUREPREFET DE BEAUNEDE LACOTE-D'ORLibert\u00e9Egalit\u00e9Fraternit\u00e9\nAffaire suivie par C\u00e9cile RAVRY Beaune, le 7 mai 2025T\u00e9l : 03 45 43 80 11m\u00e9l : cecile.ravry@cote-dor.gouv.fr\nArr\u00eat\u00e9 pr\u00e9fectoral n\u00b0 650 portant autorisation de la manifestation sportiveavec participation de v\u00e9hicules terrestres \u00e0 moteurd\u00e9nomm\u00e9e \u00ab Rallye national de Bligny-sur-Ouche\u00bborganis\u00e9e les 9 et 10 mai 2025dans les communes d'Auxant, Bligny-sur-Ouche,Chaudenay-la-Ville, Colombier, Cul\u00eatre, Cussy-le-Chatel, Painblanc,Thorey-sur-Ouche, Veilly et Vic-Des-Pr\u00e8s\nLe sous-pr\u00e9fet de Beaune\nVU le code de la route, notamment ses articles R. 411-5 et R. 411-10 :VU le code du sport, notamment ses articles L. 331-1 \u00e0 L. 331-12, L. 332-1 \u00e0 L. 332-21, R. 331-18 \u00e0 R. 331-45-1, A. 331-16 \u00e0 A. 331-23 et A. 331-32 ;VU le code de I'environnement, notamment ses articles R. 414-19 \u00e0 R. 414-26 ;VU le d\u00e9cret n\u00b0 2010-365 du 9 avril 2010 relatif \u00e0 l'\u00e9valuation des incidences Natura 2000 ;VU le d\u00e9cret du 6 juill\u00e8t 2023 du Pr\u00e9sident de la R\u00e9publique portant nomination de M. Beno\u00eet BYRSKI, sous-pr\u00e9fet de Beaune ;VU l'arr\u00eat\u00e9 pr\u00e9fectoral n\u00b0 445/SG du 17 mars 2025 donnant d\u00e9l\u00e9gation de signature \u00e0 M. Benoit BYRSKI,sous-pr\u00e9fet de Beaune ;VU l'arr\u00eat\u00e9 pr\u00e9fectoral n\u00b0 657 en date du 7 mai 2025 r\u00e9glementant la circulation et le stationnement \u00e0l'occasion du \" Rallye national de Bligny-sur-Ouche\", le vendredi 9 et le samedi 10 mai 2025 ;VU le dossier d\u00e9pos\u00e9 sur la plateforme SIMS le 30 janvier 2025 par l'association sportive automobile PrenoisBourgogne et amend\u00e9 les 19 f\u00e9vrier et 24 mars 2025 ;VU le permis d'organisation n\u00b0 204 d\u00e9livr\u00e9 le 10 mars 2025 par la F\u00e9d\u00e9ration Fran\u00e7aise de Sport Automobile(FFSA) pour le r\u00e8glement particulier du rallye national de Bligny-sur-Ouche ;VU l'attestation d'assurance d\u00e9livr\u00e9e le 17 f\u00e9vrier 2025 par AXA France IARD ;- VU la visite sur site r\u00e9alis\u00e9e le 17 mars 2025 par la commission d\u00e9partementale de s\u00e9curit\u00e9 routi\u00e8re - sectionsp\u00e9cialis\u00e9e \"\u00e9preuves et comp\u00e9titions sportives\" ;\nSous-pr\u00e9fecture de Beaune - 21-2025-05-07-00003 - Arr\u00eat\u00e9 pr\u00e9fectoral n\u00b0 650 portant autorisation de la manifestation sportive avec\nparticipation de v\u00e9hicules terrestres \u00e0 moteur\nd\u00e9nomm\u00e9e \u00ab Rallye national de Bligny-sur-Ouche\u00bb organis\u00e9e les 9 et 10 mai 2025\n79\n2VU les avis des maires consult\u00e9s :Auxant, Bligny-sur-Ouche, Chaudenay-la-Ville, Colombier, Cul\u00eatre, Cussy-le-Chatel, Painblanc, Thorey-sur-Ouche, Veilly et Vic-Des-Pr\u00e8s ; 'VU l'avis favorable de la commission d\u00e9partementale de s\u00e9curit\u00e9 routi\u00e8re - section sp\u00e9cialis\u00e9e \"\u00e9preuves etcomp\u00e9titions sportives\" lors de sa r\u00e9union en salle du 25 mars 2025;CONSIDERANT que le dossier est complet ;CONSID\u00c9RANT que la commission d\u00e9partementale de la s\u00e9curit\u00e9 routi\u00e8re a \u00e9mis un avis favorable lors desa r\u00e9union en salle du 25 mars 2025; '\nARRETE :\nArticle 1er: La manifestation sportive intitul\u00e9e \u00ab Rallye national de Bligny-sur-Ouche \u00bb organis\u00e9e parl'association sportive automobile Prenois-Bourgogne (sise 5 A, rue de la grande fin 21 121 FONTAINE-LES-DIJON) est autoris\u00e9e a se d\u00e9rouler les 9 et 10 mai 2025, conform\u00e9ment aux modalit\u00e9s expos\u00e9es dans lademande susvis\u00e9e et dans le strict respect des r\u00e8gles techniques et de s\u00e9curit\u00e9 \u00e9dict\u00e9es par la f\u00e9d\u00e9rationfran\u00e7aise de sport automobile.Article 2 : Les essais pr\u00e9vus le vendredi 9 mai 2025 de 13 heures \u00e0 17 heures dans la commune de Vic-des-Pr\u00e9s doivent respecter l'arr\u00eat\u00e9 municipal de M. le maire de Vic-des-Pr\u00e9s pris le 14 avril 2025 interdisant lacirculation et le stationnement (voir annexe) ;Article 3: Conform\u00e9ment \u00e0 l'itin\u00e9raire annex\u00e9 au pr\u00e9sent arr\u00e9t\u00e9, les conditions de passage des \u00e9preuveschronom\u00e9tr\u00e9es de cette manifestation qui se d\u00e9rouleront le vendredi 9 mai 2025 et le samedi 10 mai 2025sont fix\u00e9es par l'arr\u00eat\u00e9 pr\u00e9fectoral n\u00b0 en date du mai 2025 pris apr\u00e8s avis du conseil d\u00e9partemental et desmaires concern\u00e9s (voir annexe).Le num\u00e9ro de t\u00e9l\u00e9phone du PC est le :06 80 15 13 07Article 4 : Les zones autoris\u00e9es pour le public' sont prot\u00e9g\u00e9es et d\u00e9limit\u00e9es par de la rubalise ;\nArticle 5 : le trac\u00e9 passe au sein de l'emprise de la zone Natura 2000 \"Arri\u00e8re C\u00f4te de Dijon et de Beaune\".Il n'est pas fait opposition au d\u00e9roulement de la manifestation sous r\u00e9serve du suivi des prescriptionssuivantes :-les itin\u00e9raires doivent \u00eatre balis\u00e9s afin de canaliser les participants et le public spectateur et d'enemp\u00eacher la divagation en dehors des secteurs qui leur sont d\u00e9di\u00e9s ;-l'utilisation de peintures pour le balisage est interdite, le marquage dans l'\u00e9corce des arbres estproscrit. Seul un balisage temporaire (rubans, rubalises, marquages biod\u00e9gradables, balisestemporaires d'orientation...) peut \u00eatre r\u00e9alis\u00e9. Il devra \u00eatre retir\u00e9 d\u00e8s la fin de la manifestation ;-les stockages de produits dommageables pour l'environnement seront s\u00e9curis\u00e9s ;-le d\u00e9p\u00f4t d'ordures en dehors des zones pr\u00e9vues \u00e0 cet effet est interdit. Les d\u00e9chets devront \u00eatreramass\u00e9s, ramen\u00e9s et tri\u00e9s ;-les v\u00e9hicules doivent \u00eatre stationn\u00e9s sur des surfaces imperm\u00e9abilis\u00e9es de fa\u00e7on \u00e0 \u00e9viter les fuitesd'hydrocarbures dans l'environnement ;\nArticle 6 : La pr\u00e9sente autorisation est accord\u00e9e sous r\u00e9serve que l'organisateur prenne \u00e0 sa charge les fraisn\u00e9cessit\u00e9s par la mise en place des dispositifs destin\u00e9s au maintien de la s\u00e9curit\u00e9 \u00e0 l'occasion dud\u00e9roulement de l'\u00e9preuve et assure la r\u00e9paration des dommages, d\u00e9gradations, modifications de toutessortesde la voie publique ou de ses d\u00e9pendances, imputables aux concurrents, aux organisateurs ou \u00e0 leurspr\u00e9pos\u00e9s.\nArticle 7: En aucun cas la responsabilit\u00e9 de l'Etat et des communes ne pourra \u00eatre engag\u00e9e et aucunrecours ne pourra \u00e9ventuellement \u00eatre exerc\u00e9 contre eux.\nSous-pr\u00e9fecture de Beaune - 21-2025-05-07-00003 - Arr\u00eat\u00e9 pr\u00e9fectoral n\u00b0 650 portant autorisation de la manifestation sportive avec\nparticipation de v\u00e9hicules terrestres \u00e0 moteur\nd\u00e9nomm\u00e9e \u00ab Rallye national de Bligny-sur-Ouche\u00bb organis\u00e9e les 9 et 10 mai 2025\n80\n3Article 8: La pr\u00e9sente autorisation peut \u00e9tre suspendue ou rapport\u00e9e a tout moment s'il apparait que lesconditions de s\u00e9curit\u00e9 ne se trouvent plus r\u00e9unies ou que l'organisateur, malgr\u00e9 la mise en demeure qui lui enest faite par l'autorit\u00e9 administrative, ne respecte plus ou ne fait plus respecter par les participants et lesspectateurs les dispositions pr\u00e9vues par le r\u00e8glement partlculler de la manifestation en vue d'assurer leurprotection.\nArticle 9: L'organisateur doit assurer et garantir l'acc\u00e8s et une circulation ais\u00e9e pour les engins de secours etde lutte contre l'incendie.En cas d'accident entra\u00eenant le sauvetage ou l'\u00e9vacuation de personnes, l'organisateur doit pr\u00e9venir lessapeurs-pompiers qui interviennent par appel au 18 ou au 112.Article 10 : Avant la manifestation, les organisateurs doivent interroger M\u00e9t\u00e9o France (notamment par lebiais du r\u00e9pondeur t\u00e9l\u00e9phonique: 08.99.71.02.21 ou par internet : www.meteofrance.com) afin de conna\u00eetre lacouleur de la carte de vigilance m\u00e9t\u00e9o et prendre toute mesure adapt\u00e9e. Dans l'hypoth\u00e8se d'une carteorange ou rouge, il leur appartient de prendre les dispositions qui s'imposent (voire d'annuler lamanifestation) et d'informer l'autorit\u00e9 municipale.Article 11: L'organisateur technique d\u00e9sign\u00e9 doit attester (attestation jointe) que l'ensemble des mesuressont prises conform\u00e9ment aux prescriptions contenues dans l'arr\u00eat\u00e9 pr\u00e9fectoral d'autorisation de l'\u00e9preuve.L'organisateur technique est charg\u00e9 de v\u00e9rifier et d'exiger, avant le commencement de la manifestation, quel'ensemble des conditions mises \u00e0 l'octroi de la pr\u00e9sente autorisation est effectivement respect\u00e9 et d'interdirela manifestation si ces conditions ne sont pas remplies.L'attestation ci-jointe devra \u00eatre transmise imm\u00e9diatement \u00e0 la sous-pr\u00e9fecture de Beaune par courriel \u00e0 sp-beaune@cote-dor.gouv.frArticle 12 : Le sous-pr\u00e9fet de l'arrondissement de Beaune, le pr\u00e9sident du conseil d\u00e9partemental de laC\u00f4te-d'Or, les maires d'Auxant, Bligny-sur-Ouche, Chaudenay-la-Ville, Colombier, Cul\u00eatre, Cussy-le-Chatel,Painblanc, Thorey-sur-Ouche, Veilly et Vic-Des-Pr\u00e8s, le directeur d\u00e9partemental des services d'incendie etde secours, le directeur des services d\u00e9partementaux de l'\u00e9ducation nationale, la directrice d\u00e9partementaledes territoires, le lieutenant-colonel commandant la compagnie de gendarmerie de Beaune, sont charg\u00e9s,chacun en ce qui le concerne, de l'ex\u00e9cution du pr\u00e9sent arr\u00eat\u00e9 dont copie sera adress\u00e9e aux representantsd\u00e9partementaux de la f\u00e9d\u00e9ration fran\u00e7aise de sport automobile et \u00e0 l'organisateur.Le pr\u00e9sent arr\u00e9t\u00e9 sera publi\u00e9 au recueil des actes administratifs de la pr\u00e9fecture de la C\u00f4te-d'Or.\nLe sous-pr\u00e9fet de Beaune,\nsigh\u00e9\nBenoit BYRSKI\nANNEXES :- trac\u00e9 du circuit des essais- trac\u00e9s du circuit du rallye et des \u00e9preuves chronom\u00e9tr\u00e9es- arr\u00eat\u00e9 de M. le maire de Vic-des-Pr\u00e8s du 14 avril 2025 r\u00e9glementant la circulation et le stationnement- arr\u00eat\u00e9 pr\u00e9fectoral r\u00e9glementant la circulation et le stationnement \u00e0 l'occasion du \"Rallye national de Bligny-sur-Ouche\"- fiche Itin\u00e9raires-Horaires\nSous-pr\u00e9fecture de Beaune - 21-2025-05-07-00003 - Arr\u00eat\u00e9 pr\u00e9fectoral n\u00b0 650 portant autorisation de la manifestation sportive avec\nparticipation de v\u00e9hicules terrestres \u00e0 moteur\nd\u00e9nomm\u00e9e \u00ab Rallye national de Bligny-sur-Ouche\u00bb organis\u00e9e les 9 et 10 mai 2025\n81\nhttps://declaration-manifestations.gouv.fr/carto/route/print/d b A \u00e0\nbs\n%z\n{ MO Vnde imprimer\nDistance D\u00e9nivel\u00e9 + D\u00e9nivel\u00e9 - Altitude min. Altitude max.2.60 km 14 m 23 m 352 m 367 m\n&(.\noe B 2_\\\\)Q\u2014' \u0153\nrrx; BN Je Rue'?Ue Collin\nV\n21/02/2025. 14:51\n:100 mLeaflet, Editeur \u00a9 OpenRunner | Maps \u00a9 Thunderforest thunderforest.com - Data \u00a9 OpenStreetMap contributors\n| sur|\nSous-pr\u00e9fecture de Beaune - 21-2025-05-07-00003 - Arr\u00eat\u00e9 pr\u00e9fectoral n\u00b0 650 portant autorisation de la manifestation sportive avec\nparticipation de v\u00e9hicules terrestres \u00e0 moteur\nd\u00e9nomm\u00e9e \u00ab Rallye national de Bligny-sur-Ouche\u00bb organis\u00e9e les 9 et 10 mai 2025\n82\nhttps://declaration-manifestations.gouv.fr/carto/route/print/; 20 M ',-_? L4 T' ; , imprimer\nAltitude min. Altitude max.D\u00e9nivel\u00e9 -\n\" - ~ 5\nD\u00e9nivel\u00e9 +13.69 km 253 m 346 m 370 m 530 mH _V Rv, TSR A  \\ Ty *\u00e6 ; Z Crugey ;s t ,I \\.a? ,\" // Ae | / \\$ ; \\\u00ea, : { = - %3 . =o \u00bb p e o e @Chaudenay-le-Ch\u00e2teau 4 \\\\} // \\4 !1 - \u2014  \\\" _// N% \\= P  .  // ,5% 4 \\\" \\\u2014\u2014\\\\ \\\nv\u00e2 m  \\7 TM~ kvo o) )-4 _/ d3 >3 \u00ae E sviero La Montagne ( ( ; l?\u00ab\"sl BR / rs Pont d'Oucrr ?Chaudenay-la-Ville o %1Pont d'Ouche \u20ac\u00b0 v/ k\u00ff\u00bb. \u00cf> '= e: ,- B ; \\; 00 |g \\BN / \\. Py\\\n\u00c9n E l1 q AA ; WAsB / \u00b0 | Vi Thorey-sur-C \u00eaa //'\\ \"} \\\\ = 4 - yB [ = T \u2014 \u2014Eo2 +& ; 3 'v._\u00a9 gi 'Bi ; ' ;\u00c9 s}> /' l / Tt\u2014 \u00b0 . o /Montagne 2 } /' b -de Nuas n ; 7 bF\u00c7 4 /\\ fA L .\"N // |\u00ef // A \u20ac|; I //! / ;! / !\u00cf ! ;7 ; |-3 # |; /, | 1} \u00e67 0\\\\0 / itES? $ % Ti / 173  / \\< A\\\\e\\A\\Auxant ' %LEn Cruot $>Oucherotte.Montot ]))|\\x.\\.Les Ch\u00e2telets ' e \"$ 2 \u2014=%% - =Gts , Bligny-sur-Ouche -~ ,a ') o Jay \" F Ii ce/ \u00c61; Bligny-sur-Ouche$ _ }733 >tqs* La Patte _d\"Oie500 mLeaflet, Editeur \u00a9 OpenRunner | Maps \u00a9 Thunderforest thunderforest.com - Data \u00a9 OpenStreetMap contributors\n21/02/2025, 15:021 sur!\nSous-pr\u00e9fecture de Beaune - 21-2025-05-07-00003 - Arr\u00eat\u00e9 pr\u00e9fectoral n\u00b0 650 portant autorisation de la manifestation sportive avec\nparticipation de v\u00e9hicules terrestres \u00e0 moteur\nd\u00e9nomm\u00e9e \u00ab Rallye national de Bligny-sur-Ouche\u00bb organis\u00e9e les 9 et 10 mai 2025\n83\nImpression \"\\e ~\u00a7.Ces m\u00b02 - https://declaration-manifestations.gouv.fr/carto/route/print/Vevdnech \u00c0tna\u00ef da 200 \u20ac Z\u00ef\u00e2\\uimprimerDistance D\u00e9nivel\u00e9 + D\u00e9nivel\u00e9 - Altitude min. Altitude max.11.61 km 82 m 84 m 381 m 452 m2A 5 D .o \u00c0& 4\nCussy\u2014le-'af tel ;(s Ae - Chatel A :\n__%' \u00c7i3O&we2s|o&\nPainblance  SE\noo=m&Bl\nZ ; U\n=0\u00bbQ_p\\g\u00e7edo.eBeau\u00f1e 017 Bs , ; .;rlyAntigny-le-Chateau Auxant\nLLe Mont\nChancelay500 mLeaflet, Editeur \u00a9 OpenRunner | Maps \u00a9 Thunderforest thunderforest.com - Data \u00a9 OpenStreetMap contributors\n1l sur l 21/02/2025, 15:03\nSous-pr\u00e9fecture de Beaune - 21-2025-05-07-00003 - Arr\u00eat\u00e9 pr\u00e9fectoral n\u00b0 650 portant autorisation de la manifestation sportive avec\nparticipation de v\u00e9hicules terrestres \u00e0 moteur\nd\u00e9nomm\u00e9e \u00ab Rallye national de Bligny-sur-Ouche\u00bb organis\u00e9e les 9 et 10 mai 2025\n84\nE . | Direction d\u00e9partementale des territoires- la Cote-d'OrPREFET de la Cote-dDE LACOTE-D'ORLibert\u00e9Egalit\u00e9Fraternit\u00e9\nService de la S\u00e9curit\u00e9 et de I'Education Routi\u00e8re Dijon, le 07mai 2025Bureau de la S\u00e9curit\u00e9 Routi\u00e8re\n- Arr\u00e9t\u00e9 n\u00b0 657r\u00e9glementant la circulation et le stationnement \u00e0 l'occasion du \u00ab 2\u00b0 Rallye national deBLIGNY-SUR-OUCHE \u00bb les vendredi 9 et samedi 10 mai 2025Le pr\u00e9fet de la C\u00f4te-d'OrVU le code de la route;VU l'arr\u00eat\u00e9 interminist\u00e9riel du 24 novembre 1967 modifi\u00e9 relatif \u00e0 la signalisation desroutes et autoroutes ; 'VU l'instruction interminist\u00e9rielle relative \u00e0 la signalisation routi\u00e8re-huiti\u00e8me partie,signalisation temporaire approuv\u00e9e par l'arr\u00eat\u00e9 interminist\u00e9riel du 6 novembre 1992modifi\u00e9 ;VU le d\u00e9cret n\u00b02009-615 du 3 juin 2009 modifi\u00e9 fixant la liste des routes \u00e0 grandecirculation ;VU l'arr\u00eat\u00e9 interminist\u00e9riel du 20 d\u00e9cembre 2010 relatif \u00e0 l'interdiction de certaines routes-aux concentrations et manifestations sportives ;VU l'arr\u00eat\u00e9 minist\u00e9riel du 20 d\u00e9cembre 2024 portant interdiction des concentrations ouMmanifestations sportives sur les routes \u00e0 grande circulation ;VU l'arr\u00eat\u00e9 municipal de la commune de VIC DES PRES en date du 14 avril 2025;VU le dossier d\u00e9pos\u00e9 sur la plateforme SIMS le 19 f\u00e9vrier 2025 par l'Association SportiveAutomobile PRENOIS BOURGOGNE; 'VU la visite de reconnaissance du parcours effectu\u00e9e le lundi 17 mars 2025 par lesmembres de la Commission D\u00e9partementale de la S\u00e9curit\u00e9 Routi\u00e8re de C\u00f4te-d'Or\nDirection d\u00e9partementale des territoires de la C\u00f4te-d'Or57 rue de Mulhouse- BP 53317 - 21033 DIJON cedext\u00e9l : 03 80 29 44 44 - Courriel : ddt@cote-dor.gouv.fr\nSous-pr\u00e9fecture de Beaune - 21-2025-05-07-00003 - Arr\u00eat\u00e9 pr\u00e9fectoral n\u00b0 650 portant autorisation de la manifestation sportive avec\nparticipation de v\u00e9hicules terrestres \u00e0 moteur\nd\u00e9nomm\u00e9e \u00ab Rallye national de Bligny-sur-Ouche\u00bb organis\u00e9e les 9 et 10 mai 2025\n85\n2VU l'avis favorable de la Commission D\u00e9partementale de la S\u00e9curit\u00e9 Routi\u00e8re de C\u00f4te-d'Or - section \u00ab \u00e9preuves et comp\u00e9titions sportives \u00bb r\u00e9unie le mardi 25 mars 2025 ;VU les avis favorables de M. le pr\u00e9sident du Conseil D\u00e9partemental de la C\u00f4te-d'Or endate du 3 avril 2025 et du 5 mai 2025;VU l'avis favorable de la commune de PAINBLANC en date du 19 mars 2025 ;VU l'avis favorable de la commune de VEILLY en date du 24 mars 2025 ;VU l'avis favorable de la commune de COLOMBIER en date du 28 mars 2025 ;VU l'avis favorable de Ia- commune de BLIGNY-SUR-OUCHE en date du 5 mai 2025 :VU l'avis r\u00e9put\u00e9 favorable des communes d'AUXANT, CHAUDENAY\u2014LA-VILL'E, CULETRE,CUSSY-LE-CHATEL, THOREY-SUR-OUCHE, et VIC-DES-PRES ;VU l'avis favorable du Commandant du groupement de gendarmerie d\u00e9partemental de laC\u00f4te-d'Or en date du 26 mars 2025;CONSID\u00c9RANT qu'il y a lieu, pour des raisons de s\u00e9curit\u00e9 routi\u00e8re, de r\u00e9glementer lacirculation et le stationnement lors du \u00ab2\u00b0 Rallye national de BLIGNY-SUR-OUCHE \u00bb lesvendredi 9 et samedi 10 mai 2025;SUR proposition de Madame la directrice d\u00e9partementale des territoires de la C\u00f4te-d'Or ;ARR\u00caTE .Article 1*': Mesures de circulation et de stationnement\u00ae Le vendredi 9 mai \u00e0 12h au plus t\u00f4t au vendredi 9 mai \u00e0 18h au plus tard, la circulationg\u00e9n\u00e9rale de tous les v\u00e9hicules y compris celle des pi\u00e9tons ainsi que le stationnement, tantsur la chauss\u00e9e que sur les accotements, seront interdits sur les sections deroutes suivantes :BParcours de l'\u00e9preuve Shakedown (commune de VIC -DES-PRES) :- Grande rue (voies communales et RD111) du carrefour avec la RD 970 jusqu'\u00e0 la rued'Auxant- Rue d'Auxant de la Grande rue jusqu'au carrefour avec la RD 17@ Du vendredi 09 mai \u00e0 18h30 au plus t\u00f4t au samedi 10-mai \u00e0 01h00 au plus tard-et dusamedi 10 mai de 7h30 au plus t\u00f4t au samedi 10 mai \u00e0 22h au plus tard, la circulationg\u00e9n\u00e9rale de tous les v\u00e9hicules y compris celle des pi\u00e9tons ainsi que le stationnement, tantsur la chauss\u00e9e que sur les accotements, seront interdits sur les sections de routessuivantes :_ BParcours de I'\u00e9preuve sp\u00e9ciale COLOMBIER-PAINBLANC (D\u00e9part CHAUDENAY-LA-VILLE) :-RD 115 du PR 31+824 au PR 34+361 (Communes de CHAUDENAY-LA-VILLE hors'agglom\u00e9ration et COLOMBIER en et hors agglom\u00e9ration)Direction d\u00e9partementale des territoires de la C\u00f4te-d'Or57 rue de Mulhouse- BP 53317 - 21033 DIJON cedext\u00e9l : 03 80 29 44 44 - Courriel : ddt@cote-dor.gouv.fr\nSous-pr\u00e9fecture de Beaune - 21-2025-05-07-00003 - Arr\u00eat\u00e9 pr\u00e9fectoral n\u00b0 650 portant autorisation de la manifestation sportive avec\nparticipation de v\u00e9hicules terrestres \u00e0 moteur\nd\u00e9nomm\u00e9e \u00ab Rallye national de Bligny-sur-Ouche\u00bb organis\u00e9e les 9 et 10 mai 2025\n86\n3- Voies corfimunaies entre BUISSON (c\u00e0rrefour avec la RD115i) et THOREY SUR OUCHE (deBUISSON jusqu'au chemin des bois des Chaumes, chemin des bois des chaumes jusqu'auchemin des apprehis, chemin des apprehis jusqu'a BUISSON)- RD115i du PR 8 +142 au PR 0+426 (Communes de COLOMBIER, PAINBLANC en et horsagglom\u00e9ration, THOREY\u2014SUR-OUCHE BLIGNY-SUR-OUCHE hors agglom\u00e9ration)*Parcours de l'\u00e9preuve sp\u00e9ciale PASQUIER\u2014AUXANT (d\u00e9part PAINBLANC) :- RD14D du PR 0+000 au PR 2+889 (Communes de PAINBLANC, CUSSY-LE-CHATEL, en ethors agglom\u00e9ration)- RD14 du PR 8+052 au PR 10+280 (Communes de CUSSY-LE-CHATEL et CULETRE en et horsagglom\u00e9ration)- RD115L du PR 10+082 au PR 10+278 (Commune de CULETRE en et hors agglom\u00e9ration)- RD17N du PR 0+000 au PR 2+950 (Communes de CULETRE hors agglom\u00e9ration, VEILLY enet hors agglom\u00e9ration)- Voies communales (Rue d'Enfer, rue Chirot) entre la RD17N et la RD33G- RD33G du carrefour avec la RD17N jusq'au PR 7+076 (Communes de VEILLY et AUXANTen et hors agglom\u00e9ration) ...- Voie communale (rue d'Amont) entre le carrefour avec la RD33G et le carrefour avec larue du terreau \u00e0 AUXANT -\"Stockage des concurrents avant le d\u00e9part :- RD 115B du PR 5+800 au PR 6+277 (commune de PAINBLANC)Article 2: D\u00e9viationsUne d\u00e9viation sera mise en place par les voies suivantes :\"D\u00e9viation pourle parcours de l'\u00e9preuve sp\u00e9ciale n\u00b01:RD 115 du PR 29+617 au PR 30+345, RD115B du PR 0+000 au PR 3+0430, RD18 du PR 11+390au PR 14+580 et RD115 du PR 34+360 au PR 36+550sD\u00e9viation pour le parcoursde l'\u00e9preuve sp\u00e9ciale n\u00b02 :RD970 du PR 35+198 au PR 38+398, RD17C du PR 6+270 au PR 11+835, RD17 du PR 31+730au PR37+465 | _Article3 : SignalisationLa signalisation de position et de d\u00e9viation sera pos\u00e9e par le Conseil D\u00e9partemental.Article 4 : Acc\u00e9s des secoursLes services de secours pourront en cas de n\u00e9cessit\u00e9 emprunter les sections des voies .interdites figurant \u00e0 l'article 1% .dans le sens de circulation de la course.Les organisateurs devront alors prendre toute disposition, notamment l'arr\u00eat de la course,pour faciliter la progression en toute s\u00e9curit\u00e9 des v\u00e9hicules en question.\nDirection v*_{.ur\u2014 LR57 rue de Mulhouse- 2P \"\u00ee\u00b0\u00ee\" 2\"\"';\u00bb .,,,)J\u00c7\":\\\u00c8 cedext\u00e9l: 53 B029 44 44 - Courriel: ddt@cote-dor.gouv.fr\nSous-pr\u00e9fecture de Beaune - 21-2025-05-07-00003 - Arr\u00eat\u00e9 pr\u00e9fectoral n\u00b0 650 portant autorisation de la manifestation sportive avec\nparticipation de v\u00e9hicules terrestres \u00e0 moteur\nd\u00e9nomm\u00e9e \u00ab Rallye national de Bligny-sur-Ouche\u00bb organis\u00e9e les 9 et 10 mai 2025\n87\nArticle 5 : Nettoyage des voiesEn cas de besoin et pr\u00e9alablement \u00e0 la r\u00e9ouverture des voies \u00e0 la circulation publique, unnettoyage de la chauss\u00e9e devra \u00eatre r\u00e9alis\u00e9 par l'organisateur.Une attention particuli\u00e8re sera port\u00e9e aux endroits o\u00f9 des chicanes en bottes de pailleauront \u00e9t\u00e9 install\u00e9es, afin que tous les r\u00e9sidus de paille soient retir\u00e9s.Article 6 : \u00c9volution des mesuresLes services de gendarmerie pourront, en fonction des circonstances, all\u00e9ger ou renforcerles mesures pr\u00e9vues et prendre toutes initiatives pour faciliter l'\u00e9coulement de (acirculation.Article 7 : RecoursLe pr\u00e9sent arr\u00e9t\u00e9 peut faire l'objet d'un recours contentieux devant le tribunaladministratif de Dijon dans un d\u00e9lai de deux mois a compter de sa publication. Un recourspeut \u00e9tre d\u00e9pos\u00e9 via l'application t\u00e9l\u00e9recours citoyens accessible par le site internethtto://ww.telerecours.fr./Article 8 : Ex\u00e9cution- La Directrice de Cabinet du pr\u00e9fet de la C\u00f4te-d'Or,- Le Pr\u00e9sident du Conseil d\u00e9partemental de la C\u00f4te-d'Or,-Les maires des communes de BLIGNY-SUR-OUCHE, AUXANT, CHAUDENAY\u2014LA\u2014VILLECOLOMBIER, CULETRE, CUSSY-LE-CHATEL, PAINBLANC, THOREY-SUR-OUCHE, VEILLY, etVIC-DES-PRES,- Le Commandant du Groupement de gendarmerie d\u00e9partemental de C\u00f4te-d'Or,- Le Pr\u00e9sident de l'Association Sportive Automobile PRENOIS BOURGOGNEsont charg\u00e9s, chacun en ce qui le concerne, de l'ex\u00e9cution du pr\u00e9sent arr\u00eat\u00e9.Le pr\u00e9sent arr\u00eat\u00e9 sera publi\u00e9 au recueil des actes admlnlstratlfs de la Pr\u00e9fecture de C\u00f4te-d'Or.Une copie du pr\u00e9sent arr\u00eat\u00e9 sera adress\u00e9e pour information :- au Service D\u00e9partemental d'Incendie et de Secours-au Service d'Aide M\u00e9dicale d'Urgence\nFait\u00e0 Dijon, le Q7 MAI 2025Le pr\u00e9fet,Pour le pr\u00e9fet, par d\u00e9l\u00e9gation,\nLs rst. ddt@cote-dorgouv.fr\nSous-pr\u00e9fecture de Beaune - 21-2025-05-07-00003 - Arr\u00eat\u00e9 pr\u00e9fectoral n\u00b0 650 portant autorisation de la manifestation sportive avec\nparticipation de v\u00e9hicules terrestres \u00e0 moteur\nd\u00e9nomm\u00e9e \u00ab Rallye national de Bligny-sur-Ouche\u00bb organis\u00e9e les 9 et 10 mai 2025\n88\nSYHOZ6vH6LLLH6LCSH8L6vHBL6ZHB8L6ZHZLSHYNLIOA00LISSEHZLSZHOL\u00a3oHaL8\u00a3HSLSEHSLSLHSLSLHbL.\nL370N09JYNLIOAOLA8VISSZHtLOLHEL8vHZLECHZLOZHZL00HZL00HLLHlOSIGFHONIAO9V6ISX.OOHLZ].O0HLZ00HLZFNH34OYVd31LH0S6lH0ZOLH8LssH9LYIFLLNO\u0178WMS+SINHLLINIWNIdNOHOZYOYVd3341N3LvH6L8EHLL\u20acTHIL(STYFLLNOYWML+SINH\u20acLINVXNYHAIND3aZZH6ELELHZLL8SHSLIEWMS0ONVTENIVdYFIEWOTO6LH6LOLHZLSSGHSL|0ZWMLLITTAVTAVNZONVHOYVd\u00a5319N010D6SH8LosHaLSEHSL|09WMS'O\u00a5JONVLSISSYILLHOS\u00a5FONVLSISSV334N3/INHTHOHVdFILHOSJONVLSISSY33H1N3/INYIF4OYVdFLLHOSvrHOLSEHYLOZHEL|22H3ILNOYWXS+S3MLLNINSZLNIW3dNOHOTYOuvd3391N3ZTHILELHYL8SHZL|S2ZYIILNO\u0178WXL+SFWH\u20acLINVXNY\u00a53INO1SHSLSvHELCEHTL|EINMS0ONVTENIVdYIJI9WOTO0SS:VSHSLSYHEL0EHZL(02NLL3TIAV1AVNZONVHOYVdYa1gVEHS|STHEL0LHZ1|09WXS'ONIW09\u20acFONVLSISSV3ILHOSOLHLL\u20acJONVLSISSY3341N3/INFWIdNOH93HFlLHOSJONVLSISSY3341N3/INFINIFdNOHOIYFILHOS6LHELOLHLLSSH6|ZZYIILNOYN\u00c0S+STXLLNINSZININZdNOHOFYOHVdISHLNILSHZL8vHOL\u00a3CH6|SZ,HIILNOYWML+STINMELLNVXNYHAINOSV/HVd3CZEHZL\u00a3ZHOLgoH6|\u20acNS0ONVIENIVdH3I8NO[6ZHZL0ZHOLSOH6|0ZMLL3TIIAV1AVNZONVHOYVdH3IEWO10960HZL00H0LSvH8|09WMS0NIN09ZFONVLSISSV3ILHOS\nJUNIAON848L3H01051H1JONVLSIGAM0\u00a2FONVLSISSY3341N3/INYTOUVdJILH0S4SCHOZ|EZHIILNOHWMG+SFWHLL3dVLI93431NIdOUVdF3HLN\u00a3OHOZ|SCAIILNOYWML+S3NHELcoHez\u20acsHoz\"8EH6L|\u20acWMS0:13180100LS.|6SHec0SHOZSEH6L|0CNMLLITNAV1AVNIANYHDYVd\u00a5319NO0100WMS0.NIN0\u20acLIDONVLSISSYFILHOSWX0JONVLSISSYI3HLINT/INHF4OUVdFILHOS\nSdN3L+N3NIN62JFONVLSIG\nd\n>\ng......../\u00db&\u00a27m\nSous-pr\u00e9fecture de Beaune - 21-2025-05-07-00003 - Arr\u00eat\u00e9 pr\u00e9fectoral n\u00b0 650 portant autorisation de la manifestation sportive avec\nparticipation de v\u00e9hicules terrestres \u00e0 moteur\nd\u00e9nomm\u00e9e \u00ab Rallye national de Bligny-sur-Ouche\u00bb organis\u00e9e les 9 et 10 mai 2025\n89\nDEPARTEMENT DE COTE D'ORARRONDISSEMENT DE BEAUNEVIC DES PRES\nARRETE DU MAIRE NON PERMANENTPORTANT SURL'INTERDICTION DE LA CIRCULATIONET DE STATIONNEMENTRUE D'AUXANTRUE DE CHENE (ou dit rue des Craslots)RUE MAREYLe Maire,- Vu le Code G\u00e9n\u00e9ral des Collectivit\u00e9s et notamment les articles L 2213-1 et suivants,- Vu le Code de la route et notamment les articles R 225,- Vu les articles 25 et 108 de la loi n\u00b0 82-213 du 02 mars 1982 relative auxdroits et libert\u00e9s des communes, des d\u00e9partements et des r\u00e9gions,- Vu la demande des organisateurs du Rallye AUTO de Bligny sur Ouche-21360 dansle cadre de l'organisation des essais automobilesARRETEArticle 1 : INTERDICTION _de CIRCULATION et _ deSTATIONNEMENT :-rue d' Auxant '-rue de Ch\u00eane dit rue des Craslots-rue Mareyde la commune de Vic des Pr\u00e9s le vendredi 9 mai 2025 de 12 heures \u00e018 heures, sur la demande des organisateurs du Rallye Automobile deBligny sur Ouche pour les essais pr\u00e9vus dans le cadre du rallyeautomobile de Bligny Sur Ouche. \u2014Article 2 : Un dispositif de signalisation s\u00e9curitaire (barri\u00e8res/ panneaux et balises)sera mis en place par l'int\u00e9ress\u00e9 charg\u00e9 de l'organisation. La circulation sera r\u00e9tablied\u00e8s la fin de l'\u00e9v\u00e8nement.Article 3 : Les infractions au pr\u00e9sent arr\u00e9t\u00e9 seront constat\u00e9es et poursuiviesconform\u00e9ment aux Lois.\nSous-pr\u00e9fecture de Beaune - 21-2025-05-07-00003 - Arr\u00eat\u00e9 pr\u00e9fectoral n\u00b0 650 portant autorisation de la manifestation sportive avec\nparticipation de v\u00e9hicules terrestres \u00e0 moteur\nd\u00e9nomm\u00e9e \u00ab Rallye national de Bligny-sur-Ouche\u00bb organis\u00e9e les 9 et 10 mai 2025\n90\nATTESTATION\n(A SCANNER A LA SOUS-PREFECTURE DE BEAUNE 3sp-beaune@cote-dor.gouv.fr |AVANT LE DEBUT DE LA MANIFESTATION)\nConform\u00e9ment \u00e0 l'article R 331-27 du Code du sport, j'atteste, en ma qualit\u00e9d'organisateur technique d\u00e9sign\u00e9 par \"l'association The Mosquitos Street Race\",que l'ensemble des prescriptions mentionn\u00e9es dans l'arr\u00eat\u00e9 pr\u00e9fectorald'autorisation de la manifestation \u00abRallye national de Bligny-sur-Ouche\u00bb qui sed\u00e9roule les 9 et 10 mai 2025 ont \u00e9t\u00e9 respect\u00e9es.Cet arr\u00eat\u00e9 est affich\u00e9 ce jour en mairie.\nA ,LEL'ORGANISATEUR TECHNIQUE :\nSous-pr\u00e9fecture de Beaune - 21-2025-05-07-00003 - Arr\u00eat\u00e9 pr\u00e9fectoral n\u00b0 650 portant autorisation de la manifestation sportive avec\nparticipation de v\u00e9hicules terrestres \u00e0 moteur\nd\u00e9nomm\u00e9e \u00ab Rallye national de Bligny-sur-Ouche\u00bb organis\u00e9e les 9 et 10 mai 2025\n91","date":"2025-05-07","first_seen_on":"2025-09-14T03:21:58+00:00","id":"2c951bed90e7448e3e2202858153fe09e336973caa6af5d6083a4bfba79d805f","name":"RAA n\u00b0 063 du 07 mai 2025","pdf_creation_date":"2025-05-07T14:29:04+00:00","pdf_modification_date":null,"timezone":"Europe/Paris","url":"https://www.cote-dor.gouv.fr/contenu/telechargement/23252/177459/file/recueil-21-2025-063-recueil-des-actes-administratifs-special.pdf"}
