{"administration":"pref30","administration_name":"Pr\u00e9fecture du Gard","content":"PR\u00c9FET\nDU GARD\nRECUEIL DES ACTES\nADMINISTRATIFS SP\u00c9CIAL\nN\u00b030-2024-071\nPUBLI\u00c9 LE  6 MAI 2024\nSommaire\nCour d'Appel de N\u00eemes /\n30-2024-05-02-00002 - D\u00e9l\u00e9gation de signature Ordonnancement\nsecondaire 02 mai 2024.doc (7 pages) Page 3\n30-2024-05-02-00003 - D\u00e9l\u00e9gation de signature SAR 02 mai 2024.doc (8\npages) Page 11\nPrefecture du Gard /\n30-2024-05-06-00003 - Arr\u00eat\u00e9 donnant d\u00e9l\u00e9gation de signature \u00e0 M. Emile\nSOUMBO, sous-pr\u00e9fet de l'arrondissement d'Al\u00e8s (9 pages) Page 20\n30-2024-05-06-00002 - Arr\u00eat\u00e9 donnant d\u00e9l\u00e9gation de signature \u00e0 M. Mathias\nNIEPS, sous-pr\u00e9fet, charg\u00e9 de mission aupr\u00e8s du pr\u00e9fet du Gard, secr\u00e9taire\ng\u00e9n\u00e9ral adjoint de la pr\u00e9fecture du Gard (4 pages) Page 30\n30-2024-05-06-00001 - Arr\u00eat\u00e9 donnant d\u00e9l\u00e9gation de signature \u00e0 M. Yann\nGERARD, secr\u00e9taire g\u00e9n\u00e9ral de la pr\u00e9fecture du Gard, sous-pr\u00e9fet de N\u00eemes\n(3 pages) Page 35\n30-2024-05-06-00004 - Arr\u00eat\u00e9 donnant d\u00e9l\u00e9gation de signature \u00e0 Mme Anne\nLEVASSEUR, sous-pr\u00e9f\u00e8re de l'arrondissement du Vigan (7 pages) Page 39\n2\nCour d'Appel de N\u00eemes\n30-2024-05-02-00002\nD\u00e9l\u00e9gation de signature Ordonnancement\nsecondaire 02 mai 2024.doc\nCour d'Appel de N\u00eemes - 30-2024-05-02-00002 - D\u00e9l\u00e9gation de signature Ordonnancement secondaire 02 mai 2024.doc 3\nExMINISTEREDE LA JUSTICELibert\u00e9Egalit\u00e9Fraternit\u00e9\nCOUR D'APPEL DE N\u00ceMESD\u00c9CISION PORTANT D\u00c9L\u00c9GATION DE SIGNATUREORDONNANCEMENT SECONDAIRE\nLE PREMIER PR\u00c9SIDENT DE LA COUR D'APPEL DE N\u00ceMESEtLE PROCUREUR G\u00c9N\u00c9RAL PR\u00c8S LADITE COUR\nVu le d\u00e9cret n\u00b0 2007-352 du 14 mars 2007 relatif aux services administratifs r\u00e9gionauxjudiciaires ;Vu l'article D 312-66 du code de l'organisation judiciaire relatif aux comp\u00e9tences d\u00e9volues enqualit\u00e9 d'ordonnateurs secondaires au premier pr\u00e9sident et procureur g\u00e9n\u00e9ral de la courd'appel ;Vu l'arr\u00eat\u00e9 du 21 septembre 2006 fixant le seuil pr\u00e9vu \u00e0 l'article D 312-66 du code del'organisation judiciaire ;Vu les articles R 312-70 et suivants du code de l'organisation judiciaire relatifs aux missions, \u00e0l'organisation et au fonctionnement des services administratifs r\u00e9gionaux ;D\u00c9CIDENT\n \n1 \n \n \n \n \n \n \nCour d'Appel de N\u00eemes - 30-2024-05-02-00002 - D\u00e9l\u00e9gation de signature Ordonnancement secondaire 02 mai 2024.doc 4\nExMINISTEREDE LA JUSTICELibert\u00e9Egalit\u00e9Fraternit\u00e9ARTICLE 1 : D\u00e9l\u00e9gation conjointe de leur signature est donn\u00e9e pour la signature de tous lesactes relevant de la gestion des d\u00e9penses de personnel sans ordonnancement pr\u00e9alable(titre 2 PSOP) \u00e0 :Madame Florence BROCHARD, Directrice d\u00e9l\u00e9gu\u00e9e \u00e0 l'administration r\u00e9gionalejudiciaire du Service Administratif R\u00e9gional de la Cour d'appel de N\u00eemes ;Monsieur Vincent BOYER, Responsable de la gestion des ressources humaines auService Administratif R\u00e9gional de la Cour d'Appel de N\u00eemes ;Madame Karine SALERNO, Responsable de la gestion des ressources humainesadjointe au Service Administratif R\u00e9gional de la Cour d'Appel de N\u00eemes ;Monsieur Pascal LAGUILLIEZ, Gestionnaire au service des ressources humaines duService Administratif R\u00e9gional de la Cour d'appel de N\u00eemes ;Madame Morgane LE GARRERES, Gestionnaire au service des ressources humaines duService Administratif R\u00e9gional de la Cour d'appel de N\u00eemes ;Madame Alexa VALENTIN, Gestionnaire au service des ressources humaines duService Administratif R\u00e9gional de la Cour d'appel de N\u00eemes ;ARTICLE 2 : D\u00e9l\u00e9gation conjointe de signature est donn\u00e9e pour la formalisation d'un bonde commande \u00ab papier \u00bb, lorsque des circonstances graves ou exceptionnelles n\u00e9cessitentune intervention urgente ou rapide d'un ou plusieurs tiers fournisseur ou prestataire \u00e0 :Madame Florence BROCHARD, Directrice d\u00e9l\u00e9gu\u00e9e \u00e0 l'administration r\u00e9gionalejudiciaire du Service Administratif R\u00e9gional de la Cour d'appel de N\u00eemes ;Monsieur Vincent BOYER, Responsable de la gestion des ressources humaines auService Administratif R\u00e9gional de la Cour d'Appel de NimesMonsieur Guillaume YESELNICK, Responsable de la gestion budg\u00e9taire au ServiceAdministratif R\u00e9gional de la Cour d'appel de N\u00eemes ;Monsieur Vincent COULON, Responsable de la gestion informatique au ServiceAdministratif R\u00e9gional de la Cour d'appel de N\u00eemes ;\n \n2 \n \n \n \n- \n \n- \n- \n- \n \n- \n \n- \n \n \n  \n- \n \n- \n- \n \n- \n \nCour d'Appel de N\u00eemes - 30-2024-05-02-00002 - D\u00e9l\u00e9gation de signature Ordonnancement secondaire 02 mai 2024.doc 5\nExMINIST\u00c8REDE LA JUSTICELibert\u00e9Egalit\u00e9Fraternit\u00e9Madame Charl\u00e8ne BOUTY, Responsable de la gestion du patrimoine immobilier auService Administratif R\u00e9gional de la Cour d'appel de N\u00eemes ;ARTICLE 3: D\u00e9l\u00e9gation conjointe de leur signature est donn\u00e9e pour le visa des \u00e9tatsd'emploi d'avance de r\u00e9gie et des certificats administratifs justifiant des \u00e9carts constat\u00e9s,Pour la r\u00e9gie d'avance et de recette de la Cour d'appel :Madame Corinne FEREZ, Directrice de greffe de la Cour d'appel de N\u00eemes ;Monsieur Fr\u00e9d\u00e9ric LAUGIER, Directeur de greffe adjoint de la cour d'appel de N\u00eemes ;Pour la r\u00e9gie d'avance et de recette du Tribunal judiciaire de Nimes, du site Feuch\u00e8res et duTribunal de proximit\u00e9 d'Uz\u00e8s :Madame Catherine THEROND, Directrice de greffe du Tribunal Judiciaire de N\u00eemes ;Madame Martine LASCOMBE, greffi\u00e8re fonctionnelle cheffe du service du tribunal deproximit\u00e9 d'Uz\u00e8s.Pour la r\u00e9gie d'avance et de recette du Tribunal judiciaire d'Al\u00e8s :Madame Virginie LOEUL, Directrice de greffe plac\u00e9e par int\u00e9rim au Tribunal Judiciaired'Al\u00e8s ;Madame Marjolaine BRUNET, Directrice de greffe adjointe du Tribunal Judiciaired'Al\u00e8s.Pour la r\u00e9gie d'avance et de recette du Tribunal judiciaire de Mende :Madame B\u00e9atrice CARRIERE, Directrice de greffe du Tribunal Judiciaire de Mende ;Pour la r\u00e9gie d'avance et de recette du Tribunal judiciaire d'Avignon :Madame B\u00e9rang\u00e8re LEON, Directrice de greffe du Tribunal Judiciaire d'Avignon ;\n \n3 \n \n \n \n \n-  \n-  \n \n-  \n- \n- \n \n- \n- \n \n- \n-  \nCour d'Appel de N\u00eemes - 30-2024-05-02-00002 - D\u00e9l\u00e9gation de signature Ordonnancement secondaire 02 mai 2024.doc 6\nExMINISTEREDE LA JUSTICELibert\u00e9Egalit\u00e9Fraternit\u00e9\nMadame Suzette YAKAR, Directrice de greffe adjointe du Tribunal Judiciaired'Avignon ;Pour la r\u00e9gie d'avance et de recette du Tribunal de proximit\u00e9 de Pertuis :Madame B\u00e9rang\u00e8re LEON, Directrice de greffe du Tribunal Judiciaire d'Avignon ;Madame Isabelle PANIGUTTI, Cheffe de service du Tribunal Judiciaire d'AvignonPour la r\u00e9gie d'avance et de recette du Tribunal judiciaire de Carpentras, du site distant et duTribunal de proximit\u00e9 d'Orange :Madame Kelly LOMBARDI, Directrice des services de greffe judiciaire du TribunalJudiciaire de CARPENTRAS ;Madame Nathalie NAVARRO, Directrice de greffe adjointe du Tribunal Judiciaire deCARPENTRAS ;Madame Brigitte ROUSSIN, greffier fonctionnel, site annexe du Tribunal judiciaire deCARPENTRASMadame Nathalie QUAGLIA, greffier fonctionnel, tribunal de proximit\u00e9 d'Orange\nPour la r\u00e9gie d'avance et de recette du Tribunal judiciaire de Privas et des Tribunaux deproximit\u00e9 d'Annonay et d'Aubenas :Madame B\u00e9atrice ALET, Directrice de greffe du Tribunal Judiciaire de Privas ;Monsieur Damien GUITON, Directeur de greffe Adjoint du Tribunal Judiciaire dePRIVAS ;Madame SALVADORI Nadine, Directrice de greffe Adjointe du Tribunal Judiciaire dePRIVAS ;\n \n4 \n \n \n-  \n- \n \n- \n- \n- \n- \n \n-  \n- \n \nCour d'Appel de N\u00eemes - 30-2024-05-02-00002 - D\u00e9l\u00e9gation de signature Ordonnancement secondaire 02 mai 2024.doc 7\nExMINISTEREDE LA JUSTICELibert\u00e9Egalit\u00e9Fraternit\u00e9\nMadame TERRASSE Murielle, Directrice, chef de service du Tribunal de proximit\u00e9d'Aubenas ;Madame DAUBRICOURT Ghislaine, greffier, chef de service du Tribunal de proximit\u00e9d'Annonay ;\nARTICLE 4: D\u00e9l\u00e9gation conjointe de leur signature est donn\u00e9e pour la certification des\u00e9tats r\u00e9capitulatifs des facturations relevant du circuit de paiement centralis\u00e9 des frais dejustice,\u00e0 :Madame Corinne FEREZ, Directrice de greffe de la Cour d'appel de N\u00eemesMadame Catherine THEROND, Directrice de greffe du Tribunal Judiciaire de N\u00eemesMadame Aur\u00e9lie SANCHEZ, Secr\u00e9taire administrative au Tribunal Judiciaire de N\u00eemesMadame Virginie LOEUL, Directrice de greffe plac\u00e9e par int\u00e9rim au Tribunal Judiciaired'Al\u00e8sMadame Marjolaine BRUNET, Directrice de greffe adjointe du Tribunal Judiciaired'Al\u00e8sMadame B\u00e9atrice CARRIERE, Directrice de greffe du Tribunal Judiciaire de MendeMadame B\u00e9rang\u00e8re LEON, Directrice de greffe du Tribunal Judiciaire d'Avignon ;Madame Suzette YAKAR, Directrice de greffe adjointe du Tribunal Judiciaired''AvignonMadame Nathalie NAVARRO, Directrice de greffe adjointe du Tribunal Judiciaire deCarpentrasMadame Kelly LOMBARDI, Directrice de greffe du Tribunal Judiciaire de CARPENTRASMadame B\u00e9atrice ALET, Directrice de greffe du Tribunal Judiciaire de PrivasMadame SALVADORI Nadine, Directrice de greffe Adjointe du Tribunal Judiciaire dePRIVAS\n \n5 \n \n- \n \n- \n \n \n \n-  \n-  \n- \n- \n \n- \n-  \n- \n- \n \n- \n \n- \n-  \n- \nCour d'Appel de N\u00eemes - 30-2024-05-02-00002 - D\u00e9l\u00e9gation de signature Ordonnancement secondaire 02 mai 2024.doc 8\nExMINISTEREDE LA JUSTICELibert\u00e9Egalit\u00e9Fraternit\u00e9\nARTICLE 5 : D\u00e9l\u00e9gation conjointe de leur signature est donn\u00e9e pour I'\u00e9mission des titres derecouvrement des programmes 101 et 166, et les titres de r\u00e9duction, d'annulation etd'admission en non-valeur du programme 101 \u00e0 :Madame Florence BROCHARD Directrice d\u00e9l\u00e9gu\u00e9e \u00e0 l'administration r\u00e9gionalejudiciaire du Service Administratif R\u00e9gional de la Cour d'appel de N\u00eemes ;Monsieur Guillaume YESELNICK, Responsable de la gestion budg\u00e9taire au ServiceAdministratif R\u00e9gional de la Cour d'appel de N\u00eemes ;ARTICLE 6 : La pr\u00e9sente d\u00e9cision annule et remplace la d\u00e9cision du 04 mars 2024ARTICLE 7: La pr\u00e9sente d\u00e9cision sera transmise aux d\u00e9l\u00e9gataires d\u00e9sign\u00e9s ci-dessus et aucomptable assignataire et sera publi\u00e9e au recueil des actes administratifs des Pr\u00e9fectures duGard, de la Loz\u00e8re, du Vaucluse et de l'Ard\u00e8che.Fait \u00e0 N\u00eemes, le 02 mai 2024LE PROCUREUR GENERAL, LE PREMIER PR\u00c9SIDENT,Sign\u00e9 Xavier BONHOMME Sign\u00e9 Michel ALLAIX\n \n6 \n \n \n \n- \n \n- \n \n  ; \n \nCour d'Appel de N\u00eemes - 30-2024-05-02-00002 - D\u00e9l\u00e9gation de signature Ordonnancement secondaire 02 mai 2024.doc 9\n \n \n \n \n7 \n \nCour d'Appel de N\u00eemes - 30-2024-05-02-00002 - D\u00e9l\u00e9gation de signature Ordonnancement secondaire 02 mai 2024.doc 10\nCour d'Appel de N\u00eemes\n30-2024-05-02-00003\nD\u00e9l\u00e9gation de signature SAR 02 mai 2024.doc\nCour d'Appel de N\u00eemes - 30-2024-05-02-00003 - D\u00e9l\u00e9gation de signature SAR 02 mai 2024.doc 11\nEsMINISTEREDE LA JUSTICELibert\u00e9Egalit\u00e9Fraternit\u00e9\nCOUR D'APPEL DE N\u00ceMESD\u00c9CISION PORTANT D\u00c9L\u00c9GATION DE SIGNATURELE PREMIER PR\u00c9SIDENT DE LA COUR D'APPEL DE N\u00ceMESEtLE PROCUREUR G\u00c9N\u00c9RAL PR\u00c8S LADITE COURVu le d\u00e9cret 2004-374 du 29 avril 2004 relatif aux pouvoirs des pr\u00e9fets, \u00e0 l'organisationet \u00e0 l'action des services de l'Etat dans les r\u00e9gions et les d\u00e9partements ;Vu le d\u00e9cret 2004-435 du 24 mai 2004 relatif aux comp\u00e9tences d'ordonnateurssecondaires des premiers pr\u00e9sidents et procureurs g\u00e9n\u00e9raux de cour d'appel ;Vu le d\u00e9cret 2006-806 du 6 juillet 2006 relatif aux comp\u00e9tences d\u00e9volues en qualit\u00e9d'ordonnateurs secondaires aux premiers pr\u00e9sidents et procureurs g\u00e9n\u00e9raux de courd'appel;Vu l'arr\u00eat\u00e9 du ministre de la justice en date du 8 septembre 2004, pris en application del'article 4 du d\u00e9cret 2004-435 du 24 mai 2004 ;Vu le d\u00e9cret n\u00b0 2007-352 du 14 mars 2007 relatif aux services administratifs r\u00e9gionauxjudiciaires ;Vu les articles R 312-70 et suivants du code de l'organisation judiciaire relatifs auxmissions, \u00e0 l'organisation et au fonctionnement des services administratifs r\u00e9gionaux ;\n1 \n \n \n \n \n \n \nCour d'Appel de N\u00eemes - 30-2024-05-02-00003 - D\u00e9l\u00e9gation de signature SAR 02 mai 2024.doc 12\nVu l'arr\u00e9t\u00e9 du 21 septembre 2006 fixant le seuvil pr\u00e9vu \u00e0 l'article D 312-66 du Code del'organisation judiciaire ;\nD\u00c9CIDENT\nARTICLE 1 :\nD\u00e9l\u00e9gation conjointe de signature est donn\u00e9e \u00e0 Madame Florence BROCHARD,Directrice D\u00e9l\u00e9gu\u00e9e \u00e0 l'Administration R\u00e9gionale Judiciaire, pour la signature descontrats de l'ensemble des agents contractuels et pour la signature des d\u00e9cisionsd'habilitation \u00e0 utiliser un v\u00e9hicule personnel.\nARTICLE 2:\nD\u00e9l\u00e9gation conjointe de signature est donn\u00e9e \u00e0 Madame Florence BROCHARD,Directrice D\u00e9l\u00e9gu\u00e9e \u00e0 l'Administration R\u00e9gionale Judiciaire, pour les actes les pluscourants relevant de la comp\u00e9tence dudit service, \u00e0 savoir :\nDans le domaine des ressources humaines et de la formation des fonctionnaires :I'ensemble des d\u00e9p\u00eaches portant diffusion de notes ou circulaires necomportant pas d'instructions particuli\u00e8res adress\u00e9es aux chefs de juridiction etaux directeurs de greffe du ressort ;les courriers n'appelant aucun avis ou d\u00e9cision des chefs de cour, les bordereauxde transmission de pi\u00e8ces administratives ou dossiers adress\u00e9s \u00e0 la Chancellerie,aux chefs de juridictions et aux directeurs de greffe du ressort, et auxadministrations ext\u00e9rieures ;les convocations des fonctionnaires \u00e0 des regroupements ou r\u00e9unions ;la gestion du titre 2 du programme 166 (d\u00e9penses de personnel du programme\u00abjustice judiciaire\u00bb PSOP et HPSOP y compris la gestion des allocations pourperte d'emploi) ;la gestion des pensions (validations de service, affiliation r\u00e9troactive, pensionsdiverses);\n2 \n \n \n \n \n\uf0b7 \n\uf0b7 \n\uf0b7  \n\uf0b7 \n\uf0b7 \nCour d'Appel de N\u00eemes - 30-2024-05-02-00003 - D\u00e9l\u00e9gation de signature SAR 02 mai 2024.doc 13\nla gestion du programme 310, s'agissant des prestations et cr\u00e9dits d'actionsociale (s\u00e9jours d'enfants, aide aux m\u00e8res, enfants handicap\u00e9s et restaurationcollective) ;les autorisations de cong\u00e9 de maladie ordinaire dont le cumul sur une ann\u00e9e der\u00e9f\u00e9rence est inf\u00e9rieur \u00e0 90 jours, pour les magistrats, les fonctionnaires et lesagents non titulaires ;les autorisations de cong\u00e9s (maternit\u00e9, pathologiques, paternit\u00e9, garde d'enfantmalade, accidents de service) des magistrats, des fonctionnaires et des agentsnon titulairesles attestations de l'IRCANTEC pour les agents non titulaires ;la saisine des conseils m\u00e9dicaux pour les fonctionnaires et les agents nontitulaires ;la gestion des d\u00e9penses li\u00e9es \u00e0 la saisine des conseils m\u00e9dicaux pour l''ensembledes personnels ;les ententes pr\u00e9alables pour la prise en charge des actes m\u00e9dicaux prescrits suiteaux accidents de service ;les notifications des actes administratifs \u00e0 caract\u00e8re individuel concernant lesfonctionnaires et agents non titulaires ;les convocations aux concours ;les avis portant sur les candidatures de formation continue dispens\u00e9e par I'EcoleNationale des Greffes ;les convocations des fonctionnaires \u00e0 des sessions r\u00e9gionales et interr\u00e9gionalesde formation continue ;les attestations de stage et de formation continue ;la gestion du budget de la formation r\u00e9gionale et interr\u00e9gionale ;la gestion des indemnit\u00e9s de conf\u00e9rencier ou d'enseignement ;\nDans le domaine de la gestion des d\u00e9placements temporaires :les ordres de mission \u00e9tablis dans le cadre de d\u00e9placements des jugesconsulaires, agents contractuels, des conseillers prud'homaux, des conciliateurset des assesseurs ;les \u00e9tats de frais de d\u00e9placement et de changements de r\u00e9sidence ;\n3 \n \n\uf0b7 \n\uf0b7 \n\uf0b7 \n\uf0b7  \n\uf0b7 \n \n\uf0b7 \n\uf0b7 \n\uf0b7 \n\uf0b7 \n\uf0b7 \n\uf0b7 \n\uf0b7 \n\uf0b7  \n\uf0b7  \n \n\uf0b7 \n \n\uf0b7  \nCour d'Appel de N\u00eemes - 30-2024-05-02-00003 - D\u00e9l\u00e9gation de signature SAR 02 mai 2024.doc 14\nDans le domaine de la gestion budg\u00e9taire et des march\u00e9s publicsI'ensemble des d\u00e9p\u00eaches portant diffusion de notes ou circulaires necomportant pas d'instructions particuli\u00e8res adress\u00e9es aux chefs de juridiction etaux directeurs de greffe du ressort ;les courriers n'appelant aucun avis ou d\u00e9cision des chefs de cour, les bordereauxde transmission de pi\u00e8ces administratives ou dossiers adress\u00e9s \u00e0 la Chancellerie,aux chefs de juridictions et aux directeurs de greffe du ressort, et auxadministrations ext\u00e9rieures ;la gestion du titre 3 relevant du budget op\u00e9rationnel de programme 166 \u00abjusticejudiciaire\u00bb ;la gestion des titres 3 et 6 relevant du budget op\u00e9rationnel de programme 101\u00abacc\u00e8s au droit et \u00e0 la justice\u00bb ;le contr\u00f4le interne comptable (CIC) ;la gestion des recettes non fiscales et r\u00e9tablissements de cr\u00e9dits desprogrammes 101 \u00abacc\u00e8s au droit et \u00e0 la justice et 166 \u00abjustice judiciaire\u00bb ;les contestations portant sur l'existence d'une cr\u00e9ance \u00e0 recouvrer, son montantet son exigibilit\u00e9, en mati\u00e8re d'aide juridictionnelle.\nDans le domaine de la gestion informatiquel'ensemble des d\u00e9p\u00eaches portant diffusion de notes ou circulaires necomportant pas d'instructions particuli\u00e8res adress\u00e9es aux chefs de juridiction etaux directeurs du ressort;les courriers n'appelant aucun avis ou d\u00e9cision des chefs de cour, les bordereauxde transmission de pi\u00e8ces administratives ou dossiers adress\u00e9s \u00e0 la Chancellerie,aux chefs de juridictions et aux directeurs de greffe du ressort, et auxadministrations ext\u00e9rieures ;les convocations des fonctionnaires \u00e0 des regroupements, r\u00e9unions ouformations ;les convocations des fonctionnaires \u00e0 des sessions r\u00e9gionales de formationinformatique;les attestations de stage et de formation informatique ;la gestion du budget informatique et de la formation informatique ;la gestion du parc informatique ;la messagerie.\n4 \n \n\uf0b7 \n\uf0b7 \n\uf0b7 \n\uf0b7 \n \n\uf0b7  \n\uf0b7 \n \n\uf0b7 \n\uf0b7 \n\uf0b7 \n\uf0b7 \n \n\uf0b7 \n\uf0b7 \n\uf0b7  \n\uf0b7  \n\uf0b7 \nCour d'Appel de N\u00eemes - 30-2024-05-02-00003 - D\u00e9l\u00e9gation de signature SAR 02 mai 2024.doc 15\nDans le domaine de la gestion immobili\u00e8reI'ensemble des d\u00e9p\u00eaches portant diffusion de notes ou circulaires necomportant pas d'instructions particuli\u00e8res adress\u00e9es aux chefs de juridiction etaux directeurs de greffe du ressort ;les courriers n'appelant aucun avis ou d\u00e9cision des chefs de cour, les bordereauxde transmission de pi\u00e8ces administratives ou dossiers adress\u00e9s \u00e0 la Chancellerie,aux chefs de juridictions et aux directeurs de greffe du ressort, et auxadministrations ext\u00e9rieures ;la gestion du budget d\u00e9di\u00e9 \u00e0 l'entretien immobilier des b\u00e2timents judiciaires enapplication des dispositions de l'article D312-66 du COJ.\nARTICLE 3:\nD\u00e9l\u00e9gation conjointe de signature est donn\u00e9e \u00e0 Monsieur Vincent BOYER, responsablede la gestion des ressources humaines, \u00e0 Madame Karine SALERNO, responsable de lagestion des ressources humaines adjointe, \u00e0 Monsieur Yves LHERMITTE, gestionnaireRH, Madame Corinne GALHAUT, gestionnaire RH, Monsieur Pascal LAGUILLIEZ,gestionnaire RH, Madame Alexa VALENTIN, gestionnaire RH et Madame Morgane LEGARRERES, gestionnaire RH pour les actes les plus courants relevant du service de lagestion des ressources humaines et de la formation des fonctionnaires, tels qu'\u00e9nonc\u00e9s\u00e0 l'article 2.\nARTICLE 4 :\nD\u00e9l\u00e9gation conjointe de signature est donn\u00e9e \u00e0 Monsieur Vincent COULON,responsable de la gestion informatique, \u00e0 Madame Charl\u00e8ne BOUTY, responsable de lagestion du patrimoine immobilier et \u00e0 Monsieur Guillaume YESELNICK, responsable dela gestion budg\u00e9taire, \u00e0 Madame Nina LAFUENTE, secr\u00e9taire administrative, pour lesactes les plus courants relevant du service des frais de d\u00e9placement, tels qu'\u00e9nonc\u00e9s \u00e0l'article 2.\n5 \n \n\uf0b7 \n\uf0b7 \n\uf0b7 \nCour d'Appel de N\u00eemes - 30-2024-05-02-00003 - D\u00e9l\u00e9gation de signature SAR 02 mai 2024.doc 16\nARTICLE 5 :D\u00e9l\u00e9gation conjointe de signature est donn\u00e9e \u00e0 Monsieur Guillaume YESELNICK,responsable de la gestion budg\u00e9taire, \u00e0 Monsieur Yves FORMA, Responsable de lagestion budg\u00e9taire adjoint, et \u00e0 Madame Catherine BINOT (MORATALLA), gestionnairebudget et \u00e0 Madame Nina LAFUENTE, secr\u00e9taire administrative, pour les actes les pluscourants relevant du service de la gestion budg\u00e9taire et des march\u00e9s publics, telsqu'\u00e9nonc\u00e9s \u00e0 l'article 2.\nARTICLE 6 :\nD\u00e9l\u00e9gation conjointe de signature est donn\u00e9e \u00e0 Monsieur Vincent COULON,responsable de la gestion informatique, \u00e0 Madame Sophie PALETTA, responsable de lagestion informatique adjointe, \u00e0 Monsieur Guillaume BRESSON et \u00e0 Madame Gis\u00e8leCHEYRON, Ambassadeurs de la Transformation Num\u00e9rique pour les actes les pluscourants relevant du service de la gestion informatique, tels qu'\u00e9nonc\u00e9s \u00e0 l'article 2.\nARTICLE 7 :D\u00e9l\u00e9gation de signature est donn\u00e9e \u00e0 Madame Charl\u00e8ne BOUTY, responsable de lagestion du patrimoine immobilier et \u00e0 Madame Marie-Jos\u00e9e MATHOUILLET, gestionnairebudget pour les actes les plus courants relevant du service de la gestion immobili\u00e8re,tels qu'\u00e9nonc\u00e9s \u00e0 l'article 2.\nARTICLE 8:La pr\u00e9sente d\u00e9cision annule et remplace la d\u00e9cision du 04 mars 2024\n6 \n \n \n \n.\nCour d'Appel de N\u00eemes - 30-2024-05-02-00003 - D\u00e9l\u00e9gation de signature SAR 02 mai 2024.doc 17\nARTICLE 9:La pr\u00e9sente d\u00e9cision sera transmise aux d\u00e9l\u00e9gataires d\u00e9sign\u00e9s ci-dessus et au comptableassignataire et sera publi\u00e9e au recueil des actes administratifs des Pr\u00e9fectures du Gard,de la Loz\u00e8re, du Vaucluse et de l'Ard\u00e8che.\nFait a Nimes, le 02 mai 2024\nLE PROCUREUR GENERAL, LE PREMIER PRESIDENT,\nSign\u00e9 Xavier BONHOMME Sign\u00e9 Michel ALLAIX\n7 \n \n \n \n \n \n \n \n \n \n \n \n \n \n \n \nCour d'Appel de N\u00eemes - 30-2024-05-02-00003 - D\u00e9l\u00e9gation de signature SAR 02 mai 2024.doc 18\nMINISTEREDE LA JUSTICELibert\u00e9Egalit\u00e9Fraternit\u00e9\n \n \n \n \n8 \n \n \n \n \n \n \n \n \nCour d'Appel de N\u00eemes - 30-2024-05-02-00003 - D\u00e9l\u00e9gation de signature SAR 02 mai 2024.doc 19\nPrefecture du Gard\n30-2024-05-06-00003\nArr\u00eat\u00e9 donnant d\u00e9l\u00e9gation de signature \u00e0 M.\nEmile SOUMBO, sous-pr\u00e9fet de l'arrondissement\nd'Al\u00e8s\nPrefecture du Gard - 30-2024-05-06-00003 - Arr\u00eat\u00e9 donnant d\u00e9l\u00e9gation de signature \u00e0 M. Emile SOUMBO, sous-pr\u00e9fet de\nl'arrondissement d'Al\u00e8s 20\n=PREFETDU GARDLibert\u00e9\u00c9galit\u00e9Fraternit\u00e9\nPr\u00e9fecture- Direction de la citoyennet\u00e9, \nde la l\u00e9galit\u00e9 et de la coordination\nService de la coordination \ndes politiques publiques \net de l'appui territorial \nArr\u00eat\u00e9 \ndonnant d\u00e9l\u00e9gation de signature \u00e0 M. Emile SOUMBO\nsous-pr\u00e9fet de l'arrondissement d'Al\u00e8s \nLe pr\u00e9fet du Gard\nChevalier de la L\u00e9gion d'honneur,\nChevalier de l'ordre national du M\u00e9rite \nVu la  loi  n\u00b0  82-213  du  2  mars  1982  relative  aux  droits  et  libert\u00e9s  des  communes,  des\nd\u00e9partements et des r\u00e9gions, notamment son article 34 ;\nVu la loi  n\u00b02020-856 du 9 juillet 2020 organisant la sortie de l'\u00e9tat d'urgence et ses d\u00e9crets\nd'application ;\nVu le d\u00e9cret n\u00b0 97.34 du 15 janvier 1997 modifi\u00e9 relatif \u00e0 la d\u00e9concentration des d\u00e9cisions\nadministratives individuelles ;\nVu le  d\u00e9cret  n\u00b0  2004-374  du  29  avril  2004  modifi\u00e9  relatif  aux  pouvoirs  des  pr\u00e9fets,  \u00e0\nl'organisation et \u00e0 l'action des services de l'\u00c9tat dans les r\u00e9gions et d\u00e9partements  ;\nVu le d\u00e9cret n\u00b0 2008-158 du 22 f\u00e9vrier  2008 relatif \u00e0 la suppl\u00e9ance des Pr\u00e9fets de r\u00e9gion et \u00e0\nla  d\u00e9l\u00e9gation  de  signature  des  Pr\u00e9fets  et  des  Hauts  Commissaires  de  la  R\u00e9publique  en\nPolyn\u00e9sie fran\u00e7aise et en Nouvelle-Cal\u00e9donie ;\nVu le d\u00e9cret n\u00b0 2009-176 du 16 f\u00e9vrier 2009 modifiant le d\u00e9cret n\u00b0 64-805 du 29 juillet 1964\nfixant les dispositions r\u00e9glementaires applicables aux pr\u00e9fets et le d\u00e9cret n\u00b0 2004-374 du 29\navril 2004 relatif aux pouvoirs des pr\u00e9fets, \u00e0 l'organisation et \u00e0 l'action des services de l'\u00c9tat\ndans les r\u00e9gions et d\u00e9partements ;\nVu le d\u00e9cret n\u00b0 2015-510 du 7 mai 2015 portant charte de la d\u00e9concentration  ;\nVu le d\u00e9cret du 21 juin 2022, nommant M. Gr\u00e9goire PIERRE-DESSAUX,  sous-pr\u00e9fet, directeur\nde cabinet de la pr\u00e9f\u00e8te du Gard ;\nVu le d\u00e9cret du 2 mars 2023, nommant  Mme Anne LEVASSEUR , inspectrice hors classe de\nl'action sanitaire et sociale, sous-pr\u00e9f\u00e8te du Vigan ;\nVu le d\u00e9cret du 13 juillet 2023 nommant M. J\u00e9r\u00f4me BONET, pr\u00e9fet du Gard ;\nVu le d\u00e9cret du 22 ao\u00fbt 2023 nommant M. Emile SOUMBO, sous-pr\u00e9fet d'Al\u00e8s ; \nVu le d\u00e9cret du 25 octobre 2023 nommant M. Mathias NIEPS, sous-pr\u00e9fet charg\u00e9 de mission\naupr\u00e8s du pr\u00e9fet du Gard, secr\u00e9taire g\u00e9n\u00e9ral adjoint de la pr\u00e9fecture du Gard  ;\nVu le d\u00e9cret du 24 avril 2024 nommant  M. Yann GERARD, secr\u00e9taire g\u00e9n\u00e9ral de la pr\u00e9fecture\ndu Gard, sous-pr\u00e9fet de N\u00eemes ;\nVu la d\u00e9cision du ministre de l'int\u00e9rieur du 3 janvier 2020 portant d\u00e9signation des respon -\nsables de BOP et d'UO pour le programme 354 .\nVu l'arr\u00eat\u00e9 30-2021-06-23-00007 du 23 juin 2021 portant organisation en directions, services\net bureaux de la pr\u00e9fecture du Gard, \nPrefecture du Gard - 30-2024-05-06-00003 - Arr\u00eat\u00e9 donnant d\u00e9l\u00e9gation de signature \u00e0 M. Emile SOUMBO, sous-pr\u00e9fet de\nl'arrondissement d'Al\u00e8s 21\nVu l'arr\u00eat\u00e9 n\u00b0  30-2024-05-06-00004 du 6 mai 2024.d onnant d\u00e9l\u00e9gation de signature \u00e0  Mme\nAnne LEVASSEUR, sous-pr\u00e9f\u00e8te du Vigan ;\nVu la convention de d\u00e9l\u00e9gation de gestion entre la direction d\u00e9partementale de la coh\u00e9sion\nsociale du Gard et la sous-pr\u00e9fecture d'Al\u00e8s en date du 27 mars 2017  ;\nVu la note de service du 1 er ao\u00fbt 2016 affectant Mme Isabelle LEBEAU secr\u00e9taire g\u00e9n\u00e9rale de\nla sous-pr\u00e9fecture d'Al\u00e8s \u00e0 compter du 1 er septembre 2016 ;\nSur proposition du secr\u00e9taire g\u00e9n\u00e9ral de la pr\u00e9fecture du Gard  ;\nArr\u00eate\nTITRE I\nDELEGATION DANS LES LIMITES DE SON ARRONDISSEMENT\nArticle 1 : D\u00e9l\u00e9gation de signature est donn\u00e9e \u00e0  M. Emile SOUMBO  administrateur civil hors\nclasse d\u00e9tach\u00e9 en qualit\u00e9 de sous-pr\u00e9fet hors classe, sous-pr\u00e9fet de l'arrondissement d'Al\u00e8s ,\n\u00e0 l'effet de signer dans les limites de son arrondissement les actes relevant des mati\u00e8res ci-\ndessous :\nA \u2013 EN MATI\u00c8RE DE POLICE G\u00c9N\u00c9RALE ET DE POLICES SP\u00c9CIALES\n\u2013 tous les actes relatifs \u00e0 la commission d'arrondissement d'Al\u00e8s pour la s\u00e9curit\u00e9 contre les\nrisques d'incendie et de panique dans les ERP. \n\u2013 l'octroi  du  concours  de  la  force  publique  pour  l'ex\u00e9cution  des  jugements  d'expulsion\nimmobili\u00e8re ;\n\u2013 l'indemnisation des bailleurs pour refus d'octroi de la force publique pour l'ex\u00e9cution des\njugements d'expulsion immobili\u00e8re ;\n\u2013 la d\u00e9livrance de toutes autorisations relatives \u00e0 la police de la voie publique, exc\u00e9dant la\ncomp\u00e9tence des autorit\u00e9s municipales ;\n\u2013 les  d\u00e9cisions  d'expulsions  commerciales,  de  fermetures  administratives  de  commerces\npour vente illicite de boissons alcoolis\u00e9es, de tabacs, de trafic de stup\u00e9fiants, d'emplois\nclandestins et de main d'\u0153uvre ill\u00e9gale pour une dur\u00e9e maximale de trois mois  ;\n\u2013 tous actes relatifs \u00e0 la proc\u00e9dure de sanction administrative des d\u00e9bits de boissons et les    \n  d\u00e9rogations aux horaires de fermeture des d\u00e9bits de boissons ;\n\u2013 les mesures de police administrative prises en application de la loi n\u00b02020-856 du 9 juillet\n2020 organisant la sortie de l'\u00e9tat d'urgence et de ses d\u00e9crets d'application  ;\n\u2013 les r\u00e9c\u00e9piss\u00e9s de revendeurs d'objets mobiliers ;\nB \u2013 EN MATI\u00c8RE D'ADMINISTRATION LOCALE\n\u2013 la substitution au maire dans les cas pr\u00e9vus par les articles L 2122.34 et L.2215.1 du code\ng\u00e9n\u00e9ral des collectivit\u00e9s territoriales ;\n\u2013 l'information, \u00e0 sa demande, de l'autorit\u00e9 locale de l'intention de ne pas saisir le tribunal\nadministratif dans le cadre du contr\u00f4le administratif pr\u00e9vu par la loi du 2 mars 1982  ;\n\u2013 la cr\u00e9ation de la commission syndicale pr\u00e9vue \u00e0 l'article L.5222.1 du code g\u00e9n\u00e9ral des\ncollectivit\u00e9s  territoriales,  charg\u00e9e  de  l'administration  des  biens  et  droits  indivis  entre\nplusieurs communes ;\n\u2013 les lettres d'observation et recours gracieux relatifs aux actes des collectivit\u00e9s locales  ;\nPrefecture du Gard - 30-2024-05-06-00003 - Arr\u00eat\u00e9 donnant d\u00e9l\u00e9gation de signature \u00e0 M. Emile SOUMBO, sous-pr\u00e9fet de\nl'arrondissement d'Al\u00e8s 22\n- l'autorisation de constitution, de modification et de dissolution des associations syndicales\nautoris\u00e9es;\n-  La signature des  courriers et  des  m\u00e9moires en r\u00e9ponse dans le cadre des  contentieux\ndevant le tribunal administratif .\nC \u2013 EN MATI\u00c8RE D'ADMINISTRATION G\u00c9N\u00c9RALE\n\uf0a8 Environnement, salubrit\u00e9 et sant\u00e9 publique  \n-  Pour les sujets relevant du code de l'environnement et du code minier, et notamment en\nmati\u00e8re d'installations class\u00e9es pour la protection de l'environnement, la d\u00e9livrance de tous\nles  actes  administratifs  (arr\u00eat\u00e9s,  r\u00e9c\u00e9piss\u00e9s  \u2026)  pour  les  \u00e9tablissements  situ\u00e9s  dans\nl'arrondissement d'Al\u00e8s ;\n- La signature de tous les actes n\u00e9cessaires au d\u00e9roulement des enqu\u00eates publiques li\u00e9es au\ncode de l'environnement \u00e0 organiser dans l'arrondissement d'Al\u00e8s  ;\n- La cr\u00e9ation, la modification ou le renouvellement des commissions de suivi de site et des\ndiverses autres commissions d'information ;\n-  La signature des  courriers et  des  m\u00e9moires en r\u00e9ponse dans le cadre des  contentieux\ndevant le tribunal administratif .\n\uf0a8 D\u00e9clarations d'utilit\u00e9 publique et servitudes  \n\u2013 la proc\u00e9dure d'int\u00e9r\u00eat g\u00e9n\u00e9ral pr\u00e9vue aux articles 175 et 176 du code rural pour les travaux\nde  d\u00e9fense des  for\u00eats  contre l'incendie,  la  proc\u00e9dure de  protection  contre les  risques\nd'inondations ;\n\u2013 les proc\u00e9dures relatives \u00e0 la mise en compatibilit\u00e9 d'un plan local d'urbanisme, pr\u00e9vue \u00e0\nl'article 123-16 du code de l'urbanisme ;\n\u2013 les  proc\u00e9dures  d'expropriation  pour  cause  d'utilit\u00e9  publique  pr\u00e9vues  par  le  code  de\nl'expropriation ;\n\u2013 la proc\u00e9dure de d\u00e9claration d'utilit\u00e9 publique des travaux d'\u00e9lectricit\u00e9 et de gaz qui ne\nn\u00e9cessitent  que  l'\u00e9tablissement  des  servitudes  ainsi  que  les  conditions  d'\u00e9tablissement\ndesdites servitudes ;\n\u2013 la proc\u00e9dure d'\u00e9tablissement des servitudes d'appui, de passage, d'\u00e9lagage et d'abattage\nen vue de la construction ou de l'extension des lignes d'\u00e9nergie \u00e9lectrique  ;\n\u2013 les autorisations de p\u00e9n\u00e9trer dans les propri\u00e9t\u00e9s priv\u00e9es pour l'\u00e9tablissement et l'entretien\ndes lignes et installations \u00e9lectriques et de t\u00e9l\u00e9communications ;\n\u2013 la  proc\u00e9dure  d'\u00e9tablissement  d'une  servitude  sur  les  fonds  priv\u00e9s  pour  la  pose  de\ncanalisations publiques d'eau ou d'assainissement pr\u00e9vue par la loi n\u00b0 62.904 du 4 ao\u00fbt\n1962 ;\n\u2013 les autorisations d'occupation temporaire des propri\u00e9t\u00e9s priv\u00e9es pr\u00e9vues par la loi du 29\nd\u00e9cembre 1892 ;\n\u2013 les r\u00e9quisitions de logements ;\n\uf0a8 Urbanisme  \n\u2013 la  constitution  des  associations  fonci\u00e8res  de  remembrement  et  approbation  de  leurs\nd\u00e9lib\u00e9rations, budgets ;\n\u2013 les lettres d'observations et recours gracieux concernant  :\n- les documents d'urbanisme\n- les actes relatifs \u00e0 l'occupation des sols \n- les zones d'am\u00e9nagement diff\u00e9r\u00e9 (Z.A.D.) ;\n\u2013 les plans de pr\u00e9vention des risques naturels et technologiques (P.P.R.N.T)  ;\n\u2013 les actes relatifs \u00e0 l'occupation des sols :\n- d\u00e9livrance  des  certificats  d'urbanisme  et  des  permis  de  construire,  d'am\u00e9nager,  de\nd\u00e9molir, projet faisant l'objet d'une d\u00e9claration pr\u00e9alable pour les communes non dot\u00e9es\nPrefecture du Gard - 30-2024-05-06-00003 - Arr\u00eat\u00e9 donnant d\u00e9l\u00e9gation de signature \u00e0 M. Emile SOUMBO, sous-pr\u00e9fet de\nl'arrondissement d'Al\u00e8s 23\nd'un plan local d'urbanisme ou de tout autre document en tenant lieu, et lorsqu'il y a une\ndivergence d'avis entre le maire et l'autorit\u00e9 administrative comp\u00e9tente du d\u00e9partement\nen mati\u00e8re d'urbanisme.\n\u2013 d\u00e9livrance  des  certificats  d'urbanisme  et  des  permis  de  construire,  d'am\u00e9nager,  de\nd\u00e9molir,  projet  faisant  l'objet  d'une  d\u00e9claration  pr\u00e9alable  dans  les  cas  \u00e9num\u00e9r\u00e9s\nlimitativement au code de l'urbanisme, o\u00f9 l'autorit\u00e9 administrative comp\u00e9tente demeure\nle pr\u00e9fet.\n\u2013 d\u00e9livrance  des  certificats  d'urbanisme  et  des  permis  de  construire,  d'am\u00e9nager,  de\nd\u00e9molir, projet faisant l'objet d'une d\u00e9claration pr\u00e9alable, lorsque les communes se sont\ndot\u00e9es d'une carte communale mais que le conseil municipal n'a pas d\u00e9lib\u00e9r\u00e9 pour le\ntransfert de comp\u00e9tence en mati\u00e8re d'urbanisme pour son propre compte.\nD \u2013 EN MATIERE ECONOMIQUE\n\u2013 toutes les d\u00e9cisions d'attribution des aides du fonds d'industrialisation du bassin minier\n(F.I.B.M.) ;\n\u2013 les  observations  et  contr\u00f4les  effectu\u00e9s  en  tant  que  commissaire  du  gouvernement  du\ngroupement d'int\u00e9r\u00eat public (GIP) Politique de la Ville Al\u00e8s C\u00e9vennes ;\n- les accus\u00e9s de r\u00e9ception des dossiers de demandes de subvention d'investissement, au sens\nde l'article 4 du d\u00e9cret du 16 d\u00e9cembre 1999 ;\n- la  signature  des  arr\u00eat\u00e9s  attributifs  de  subvention  en  ce  qui  concerne  la  dotation\nd'\u00e9quipement des territoires ruraux (DETR)  ;\nE \u2013 EN MATIERE IMMOBILIERE\n\u2013 l'authenticit\u00e9 des actes int\u00e9ressant le domaine priv\u00e9 immobilier de l'\u00c9tat, \u00e0 l'exception de\nceux comprenant des immeubles d\u00e9pendant de plusieurs arrondissements (l'ensemble des\nminutes  de  ces  actes  continueront  d'\u00eatre  archiv\u00e9es,  apr\u00e8s  publication,  dans  les\nconservations des hypoth\u00e8ques, au chef-lieu du d\u00e9partement).\nF \u2013 COMPETENCES AFFERENTES AU FONCTIONNEMENT  DE LA SOUS \u2013 PREFECTURE\n\u2013 l'octroi des cong\u00e9s annuels des agents de la sous-pr\u00e9fecture  ;\n\u2013 Programme 354   hors titre 2  : L'engagement des d\u00e9penses faites par cartes d'achats et la\nvalidation des devis dans la limite de l'enveloppe budg\u00e9taire allou\u00e9e \u00e0 la sous-pr\u00e9fecture.\nG- MISSION TEMPORAIRE : MA\u00ceTRISE D'OUVRAGE\n\u2013 tous les actes administratifs relatifs au lancement, \u00e0 la r\u00e9alisation et au suivi des \u00e9tudes et\ntravaux de s\u00e9curisation de la falaise dite \u00ab  la Royale \u00bb situ\u00e9e en lisi\u00e8re de la for\u00eat domaniale\ndu Rouvergue sur la commune de Saint Martin de Valgalgues, pour lesquels M. le sous-pr\u00e9fet\nd'Al\u00e8s a \u00e9t\u00e9 d\u00e9sign\u00e9 repr\u00e9sentant du ma\u00eetre d'ouvrage,\n\u2013 tous  les  actes  n\u00e9cessaires  \u00e0  l'engagement  des  d\u00e9penses  inh\u00e9rentes  \u00e0  cette  ma\u00eetrise\nd'ouvrage,  dans  la  limite  du  budget  attribu\u00e9  par  le  minist\u00e8re  de  l'agriculture,  de\nl'agroalimentaire et de la for\u00eat sur le BOP 723 pour la r\u00e9alisation des travaux de s\u00e9curisation.\nPrefecture du Gard - 30-2024-05-06-00003 - Arr\u00eat\u00e9 donnant d\u00e9l\u00e9gation de signature \u00e0 M. Emile SOUMBO, sous-pr\u00e9fet de\nl'arrondissement d'Al\u00e8s 24\nArticle  2     :    D\u00e9l\u00e9gation  de  signature  est  donn\u00e9e  \u00e0  M.  Emile  SOUMBO, sous-pr\u00e9fet  de\nl'arrondissement d'Al\u00e8s, pour les actes relatifs au BOP 147 \u00ab  politique de la ville  \u00bb pour les\nop\u00e9rations relevant de son arrondissement, dans la limite des cr\u00e9dits qui lui sont allou\u00e9s.\nTITRE II\nD\u00c9L\u00c9GATION POUR L'ENSEMBLE DU D\u00c9PARTEMENT\nArticle 3 : Pour les comp\u00e9tences exerc\u00e9es par la sous-pr\u00e9fecture d'Al\u00e8s pour l'ensemble du\nd\u00e9partement  du  Gard,  d\u00e9l\u00e9gation  est  donn\u00e9e  \u00e0  M.  Emile  SOUMBO, sur  l'ensemble  du\nd\u00e9partement \u00e0 l'effet de signer :\n\u2022  la d\u00e9livrance pour la totalit\u00e9 du d\u00e9partement des actes relatifs aux manifestations\nsportives :\n\u2013 l'autorisation des \u00e9preuves, courses ou comp\u00e9titions sportives devant se disputer en \ntotalit\u00e9 ou en partie sur une voie publique ou ouverte \u00e0 la circulation publique, en  \napplication du code des sports,  ;\n\u2013l'organisation de la commission d\u00e9partementale de s\u00e9curit\u00e9 routi\u00e8re  ;\n\u2013 l'autorisation des \u00e9preuves, comp\u00e9titions ou manifestations de caract\u00e8re sportif ou  \nnon, comportant la participation de v\u00e9hicules \u00e0 moteurs, organis\u00e9es dans un lieu non \nouvert \u00e0 la circulation publique, en application du code des sports  ;\n\u2013 l'homologation des terrains o\u00f9 doivent se d\u00e9rouler  des  \u00e9preuves, comp\u00e9titions et  \nmanifestations comportant la participation de v\u00e9hicules \u00e0 moteur, en application du  \ncode des sports ;\n\u2013 l'autorisation des \u00e9preuves ne comportant pas la participation de v\u00e9hicules \u00e0 moteur, \nen application du code des sports ;\n\u2013 l'homologation des circuits de karting et l'autorisation des essais ou courses de karting \n(application de l'arr\u00eat\u00e9 du 16 octobre 1996 relatif au r\u00e8glement national des circuits de \nkarting) ;\n\u2013 les autorisations d'utilisation conjointe de plusieurs polices municipales \u00e0 l'occasion de \nmanifestations exceptionnelles, notamment \u00e0 caract\u00e8re culturel, r\u00e9cr\u00e9atif ou sportif  ;\n- la d\u00e9livrance, \u00e0 titre exceptionnel, aux agents exer\u00e7ant une activit\u00e9 mentionn\u00e9e au n\u00b0 1 \nde l'article 1er de la loi n\u00b0 83-629 du 12 juillet 1983,  de l'autorisation d'exercer sur la voie \npublique des missions m\u00eame itin\u00e9rantes, de surveillance contre les vols, d\u00e9gradations et \neffractions visant les biens dont ils ont la charge ;\n\u2022 la  d\u00e9livrance,  pour  la  totalit\u00e9  du  d\u00e9partement,  des  autorisations  relatives  aux\nmanifestations a\u00e9riennes suivantes :\n- l\u00e2cher de ballonnets/lanternes,\n- pr\u00e9sentation de montgolfi\u00e8re en vol captif ou libre,\n- d\u00e9monstration de sauts en parachutes,\n-  cr\u00e9ation  d'h\u00e9lisurfaces  pour  bapt\u00eame  de  l'air  ou  d\u00e9monstration  a\u00e9rienne  en  \nh\u00e9licopt\u00e8re,\n- autorisation d'utilisation des h\u00e9lisurfaces, h\u00e9listations et hydrosurfaces,\n- d\u00e9monstration a\u00e9rienne en ULM,\n- meeting a\u00e9rien,\n- enregistrement des d\u00e9clarations de survol de drones.\n- autorisations de survol \u00e0 basse altitude pour les prises de vue a\u00e9riennes et les grands \nrassemblements,\n- autorisations relatives aux a\u00e9rodromes. \n\u2022 la d\u00e9livrance pour la totalit\u00e9 du d\u00e9partement des actes en mati\u00e8re de d\u00e9tention et\nd'utilisation  d'explosifs  :  habilitations,  agr\u00e9ments,  autorisations  individuelles\nd'exploiter un d\u00e9p\u00f4t, cessation d'activit\u00e9 des d\u00e9p\u00f4ts, certificats d'acquisition, bons de\ncommande et transports des produits.\nPrefecture du Gard - 30-2024-05-06-00003 - Arr\u00eat\u00e9 donnant d\u00e9l\u00e9gation de signature \u00e0 M. Emile SOUMBO, sous-pr\u00e9fet de\nl'arrondissement d'Al\u00e8s 25\n\u2022 l'instruction des dossiers et la d\u00e9livrance des autorisations relatives aux manifestations\nnautiques ;\nArticle  4     :  D\u00e9l\u00e9gation  de  signature  est  donn\u00e9e  \u00e0 M.  Emile  SOUMBO, sous-pr\u00e9fet  de\nl'arrondissement d'Al\u00e8s, pour la totalit\u00e9 du d\u00e9partement :\n\u2013 pour les versements au titre du fonds de compensation de la T.V.A  ;\n\u2013 pour tout acte ou toute d\u00e9cision concernant le greffe des associations de type loi 1901 et\nconseil aux usagers, les fondations, associations cultuelles, associations reconnues d'utilit\u00e9\npublique, congr\u00e9gations, fonds de dotation, rescrits, dons et legs, emprunts, acquisitions et\nali\u00e9nations ;\n\u2013 pour tout acte ou toute d\u00e9cision en mati\u00e8re de l\u00e9gislation fun\u00e9raire.\nArticle  5     :   Afin  de  pouvoir  assurer  la  permanence  pr\u00e9fectorale  qu'il  est  amen\u00e9  \u00e0  tenir\npendant  les  jours  non  ouvrables  (samedi,  dimanche  et  jours  f\u00e9ri\u00e9s)  ou  de  fermeture\nexceptionnelle de la pr\u00e9fecture, M.Emile SOUMBO , sous-pr\u00e9fet de l'arrondissement d'Al\u00e8s,\nd\u00e9sign\u00e9  dans  le  tableau  hebdomadaire  arr\u00eat\u00e9  par  le  pr\u00e9fet  du  Gard,  a  d\u00e9l\u00e9gation  de\nsignature  pour  l'ensemble  du  d\u00e9partement  du  Gard  \u00e0  l'effet  de  signer  les  documents\nsuivants : \n\u2013 les arr\u00eat\u00e9s de suspension des permis de conduire ;\n\u2013 les arr\u00eat\u00e9s de refus de s\u00e9jour, d'invitations \u00e0 quitter le territoire, d'obligations de\nquitter le territoire, d'assignation \u00e0 r\u00e9sidence, d'interdiction de retour et de circulation,\nde r\u00e9admission ;\n\u2013 les arr\u00eat\u00e9s de placement et de maintien en r\u00e9tention administrative et les d\u00e9cisions de \nsortie ainsi que toutes les r\u00e9quisitions \u00e0 ces fins, les demandes consulaires, les saisines \ndes juges judiciaires en mati\u00e8re de prolongation de r\u00e9tention administrative  ;\n\u2013 les  m\u00e9moires  et  requ\u00eates  d\u00e9pos\u00e9s  devant  les  juridictions  judiciaires  et\nadministratives ;\n\u2013 les arr\u00eat\u00e9s, d\u00e9cisions, actes, correspondances et documents en mati\u00e8re de soins \npsychiatriques sur d\u00e9cision du repr\u00e9sentant de l'\u00c9tat  ;\n\u2013 les actes pris en application de la r\u00e9glementation de la circulation conform\u00e9ment\naux dispositions des articles R225 et R225-1 du Code de la route  ;\n\u2013 les arr\u00eat\u00e9s d'immobilisation et de mise en fourri\u00e8re des v\u00e9hicules pour certaines\ninfractions, dans le cadre de la LOPPSI ;\n\u2013 les mesures d'opposition \u00e0 sortie du territoire.\n\u2013 les  instructions  et  r\u00e9quisitions  de  forces  de  police  et  de  gendarmerie  en  vue\nd'assurer des missions de maintien de l'ordre public  ;\n\u2013 les arr\u00eat\u00e9s autorisant un transport de corps \u00e0 l'\u00e9tranger  ;\n\u2013 les arr\u00eat\u00e9s autorisant une incin\u00e9ration ;\n\u2013 les  arr\u00eat\u00e9s  interdisant  une  manifestation  publique  (manifestations  a\u00e9riennes,\nconcerts, spectacles, etc.) ;\n\u2013 les  arr\u00eat\u00e9s  autorisant  ou  interdisant  une  manifestation  sportive  sur  route  ou  \u00e0\ncaract\u00e8re nautique ;\n\u2013 les mesures de police administrative prises en application de la loi n\u00b02020-856 du 9\njuillet 2020 organisant la sortie de l'\u00e9tat d'urgence et de ses d\u00e9crets d'application .\nPrefecture du Gard - 30-2024-05-06-00003 - Arr\u00eat\u00e9 donnant d\u00e9l\u00e9gation de signature \u00e0 M. Emile SOUMBO, sous-pr\u00e9fet de\nl'arrondissement d'Al\u00e8s 26\nTITRE III\nEXCLUSION DU CHAMP DE COMPETENCE\nArticle 6 :     demeurent r\u00e9serv\u00e9es \u00e0 la signature de la pr\u00e9f\u00e8te :\n\u2013 toutes correspondances adress\u00e9es aux cabinets minist\u00e9riels ainsi que celles destin\u00e9es aux\nadministrations centrales ;\n\u2013 toutes  correspondances  adress\u00e9es  aux  pr\u00e9sidents  des  assembl\u00e9es  r\u00e9gionales  et\nd\u00e9partementales ainsi que les r\u00e9ponses aux interventions des parlementaires, des conseillers\nd\u00e9partementaux et r\u00e9gionaux  ;\u2013 toutes correspondances adress\u00e9es au pr\u00e9fet de r\u00e9gion et\naux directeurs r\u00e9gionaux.\nTITRE IV\nDELEGATION EN CAS D'ABSENCE OU EMPECHEMENT\nArti  cle  7     :   En  cas  d'absence  ou  d'emp\u00eachement  de  M.  Emile  SOUMBO, sous-pr\u00e9fet  de\nl'arrondissement d'Al\u00e8s, la d\u00e9l\u00e9gation de signature qui lui est consentie pour les actes et les\nmati\u00e8res faisant l'objet des articles 1, 2, 3 et 4 du pr\u00e9sent arr\u00eat\u00e9, pourra \u00eatre exerc\u00e9e par\nMme Anne LEVASSEUR, sous-pr\u00e9f\u00e8te du Vigan.\nArti  cle 8 :   En cas d'absence ou d'emp\u00eachement de M. Emile SOUMBO, Mme Isabelle LEBEAU,\nsecr\u00e9taire g\u00e9n\u00e9rale de la sous-pr\u00e9fecture, a d\u00e9l\u00e9gation de signature pour les actes et les\nmati\u00e8res faisant l'objet des articles 1, 2, 3 et 4 du pr\u00e9sent arr\u00eat\u00e9, \u00e0 l'exception des mati\u00e8res\nci-apr\u00e8s d\u00e9sign\u00e9es     :  \nA \u2013 EN MATI\u00c8RE DE POLICE GENERALE ET DE POLICES SPECIALES\n\u2013 l'octroi du concours de la force publique pour l'ex\u00e9cution des jugements d'expulsion.\nB \u2013 EN MATI\u00c8RE D'ADMINISTRATION LOCALE\n\u2013 la substitution aux maires dans les cas pr\u00e9vus par les articles L.2122.34 et L.2215.1 du code\ng\u00e9n\u00e9ral des collectivit\u00e9s territoriales ;\n\u2013 l'information, \u00e0 sa demande, de l'autorit\u00e9 locale de l'intention de ne pas saisir le tribunal\nadministratif dans le cadre du contr\u00f4le administratif pr\u00e9vu par la loi du 2 mars 1982  ;\n\u2013 la cr\u00e9ation de la  commission syndicale pr\u00e9vue \u00e0 l'article L.5221.1  du  code g\u00e9n\u00e9ral des\ncollectivit\u00e9s  territoriales,  charg\u00e9e  de  l'administration  des  biens  et  droits  indivis  entre\nplusieurs communes.\nC \u2013 EN MATI\u00c8RE D'ADMINISTRATION G\u00c9N\u00c9RALE\n\u2013 l'autorisation de cr\u00e9ation, d'agrandissement, de transfert et de fermeture des cimeti\u00e8res,\nchambres fun\u00e9raires et cr\u00e9matoriums concernant l'ensemble du d\u00e9partement.\n\uf0a8 Environnement, salubrit\u00e9 et sant\u00e9 publique  \n\u2013 en mati\u00e8re d'installations class\u00e9es pour la protection de l'environnement  :\nPrefecture du Gard - 30-2024-05-06-00003 - Arr\u00eat\u00e9 donnant d\u00e9l\u00e9gation de signature \u00e0 M. Emile SOUMBO, sous-pr\u00e9fet de\nl'arrondissement d'Al\u00e8s 27\n1/  tous  les  actes  concernant  l'enqu\u00eate publique pour  les  installations\nsoumises \u00e0 autorisation (arr\u00eat\u00e9s d'ouverture, reports\u2026),\n2/ les arr\u00eat\u00e9s de prescription, de mise en demeure et de prorogation de\nd\u00e9lai,\n3/ les arr\u00eat\u00e9s d'autorisation et les arr\u00eat\u00e9s compl\u00e9mentaires,\n4/ les arr\u00eat\u00e9s de consignation.\n\u2013 la cr\u00e9ation et le renouvellement des commissions de suivi des sites CSS.\n\uf0a8 D\u00e9clarations d'utilit\u00e9 publique et servitudes  \n\u2013 la proc\u00e9dure d'int\u00e9r\u00eat g\u00e9n\u00e9ral pr\u00e9vue aux articles 175 et 176 du code rural pour les travaux\nde  d\u00e9fense des  for\u00eats  contre l'incendie,  la  proc\u00e9dure de  protection  contre les  risques\nd'inondations ;\n\u2013 les  proc\u00e9dures  d'expropriation  pour  cause  d'utilit\u00e9  publique  pr\u00e9vues  par  le  code  de\nl'expropriation ;\n\u2013 la proc\u00e9dure de d\u00e9claration d'utilit\u00e9 publique des travaux d'\u00e9lectricit\u00e9 et de gaz qui ne\nn\u00e9cessitent  que  l'\u00e9tablissement  des  servitudes  ainsi  que  les  conditions  d'\u00e9tablissement\ndesdites servitudes ;\n\u2013 la proc\u00e9dure d'\u00e9tablissement des servitudes d'appui, de passage, d'\u00e9lagage et d'abattage\nen vue de la construction ou de l'extension des lignes d'\u00e9nergie \u00e9lectrique  ;\n\u2013 les autorisations de p\u00e9n\u00e9trer dans les propri\u00e9t\u00e9s priv\u00e9es pour l'\u00e9tablissement et l'entretien\ndes lignes et installations \u00e9lectriques et de t\u00e9l\u00e9communications ;\n\u2013 la  proc\u00e9dure  d'\u00e9tablissement  d'une  servitude  sur  les  fonds  priv\u00e9s  pour  la  pose  de\ncanalisations publiques d'eau ou d'assainissement pr\u00e9vue par la loi n\u00b0 62.904 du 4 ao\u00fbt\n1962;\n\u2013 les autorisations d'occupation temporaire des propri\u00e9t\u00e9s priv\u00e9es pr\u00e9vues par la loi du 29\nd\u00e9cembre 1892 .\nD \u2013 EN MATI\u00c8RE \u00c9CONOMIQUE\n\u2013 toutes les d\u00e9cisions d'attribution des aides du fonds d'industrialisation du bassin minier\n(F.I.B.M.);\n- les  observations  et  contr\u00f4les  effectu\u00e9s  en  tant  que  commissaire  du  gouvernement  du\ngroupement d'int\u00e9r\u00eat public (GIP) Politique de la Ville Al\u00e8s C\u00e9vennes ;\n\u2013 la  signature  des  arr\u00eat\u00e9s  attributifs  de  subvention  en  ce  qui  concerne  la  dotation\nd'\u00e9quipement des territoires ruraux (DETR)  ;\nE \u2013 EN MATI\u00c8RE IMMOBILI\u00c8RE\n\u2013 l'authenticit\u00e9 des actes int\u00e9ressant le domaine priv\u00e9 immobilier de l'\u00c9tat.\nArticle  9     :   En  cas  d'absence  ou  d'emp\u00eachement  de  M.  Emile  SOUMBO, sous-pr\u00e9fet  de\nl'arrondissement  d'Al\u00e8s, ou  de  Mme  Isabelle  LEBEAU,  secr\u00e9taire  g\u00e9n\u00e9rale  de  la  sous-\npr\u00e9fecture d'Al\u00e8s, Mme Nathalie FERNANDEZ  , M. Bruno AMAT  et M. Alain POUGET, chefs\nde  bureau,  re\u00e7oivent  d\u00e9l\u00e9gation  de  signature  pour  les  lettres  de  transmission  et  de\ndemandes  d'avis  ainsi  que  pour  toutes  correspondances  courantes  n'emportant  pas\nd\u00e9cisions.\nLes chefs de bureau pr\u00e9-cit\u00e9s re\u00e7oivent \u00e9galement d\u00e9l\u00e9gation de signature pour les actes et\nmati\u00e8res ci-apr\u00e8s d\u00e9sign\u00e9s :\nPrefecture du Gard - 30-2024-05-06-00003 - Arr\u00eat\u00e9 donnant d\u00e9l\u00e9gation de signature \u00e0 M. Emile SOUMBO, sous-pr\u00e9fet de\nl'arrondissement d'Al\u00e8s 28\n\u2013 les r\u00e9c\u00e9piss\u00e9s de revendeurs d'objets mobiliers ;\n\u2013 l'autorisation des transports de corps ou d'urne en dehors du territoire m\u00e9tropolitain\n(comp\u00e9tence d\u00e9partementale) ;\n\u2013 les d\u00e9rogations au d\u00e9lai d'inhumation/de cr\u00e9mation et les inhumations en propri\u00e9t\u00e9s\npriv\u00e9es (comp\u00e9tence d\u00e9partementale) ;\n\u2013 les  actes  relatifs  au  greffe  des  associations  de  type  loi  1901  aux fondations,\nassociations cultuelles, associations reconnues d'utilit\u00e9 publique, congr\u00e9gations, fonds\nde dotation, rescrits, dons et legs, emprunts, acquisitions et ali\u00e9nations pour la totalit\u00e9\ndu d\u00e9partement.\nArticle    10     :   L'arr\u00eat\u00e9  du 11  janvier  2024 publi\u00e9  au  recueil  des  actes  administratifs  de  la\npr\u00e9fecture du Gard sous le n\u00b0  30-2024-01-11-00001 portant d\u00e9l\u00e9gation de signature de  M.\nEmile SOUMBO., sous-pr\u00e9fet de l'arrondissement d'Al\u00e8s est abrog\u00e9.\nArticle   11   : Le pr\u00e9sent arr\u00eat\u00e9 prend effet d\u00e8s sa publication.\nArticle 12 :  Le sous-pr\u00e9fet d'Al\u00e8s et la sous-pr\u00e9f\u00e8te du Vigan sont charg\u00e9s, chacun en ce qui\nle  concerne,  de  l'ex\u00e9cution  du  pr\u00e9sent  arr\u00eat\u00e9,  qui  sera  publi\u00e9  au  recueil  des  actes\nadministratifs de la pr\u00e9fecture.\nN\u00eemes, le 6 mai 2024\n    Le Pr\u00e9fet,\n                                sign\u00e9\n  J\u00e9r\u00f4me BONET\nPrefecture du Gard - 30-2024-05-06-00003 - Arr\u00eat\u00e9 donnant d\u00e9l\u00e9gation de signature \u00e0 M. Emile SOUMBO, sous-pr\u00e9fet de\nl'arrondissement d'Al\u00e8s 29\nPrefecture du Gard\n30-2024-05-06-00002\nArr\u00eat\u00e9 donnant d\u00e9l\u00e9gation de signature \u00e0 M.\nMathias NIEPS, sous-pr\u00e9fet, charg\u00e9 de mission\naupr\u00e8s du pr\u00e9fet du Gard, secr\u00e9taire g\u00e9n\u00e9ral\nadjoint de la pr\u00e9fecture du Gard\nPrefecture du Gard - 30-2024-05-06-00002 - Arr\u00eat\u00e9 donnant d\u00e9l\u00e9gation de signature \u00e0 M. Mathias NIEPS, sous-pr\u00e9fet, charg\u00e9 de\nmission aupr\u00e8s du pr\u00e9fet du Gard, secr\u00e9taire g\u00e9n\u00e9ral adjoint de la pr\u00e9fecture du Gard 30\n=PREFETDU GARDLibert\u00e9\u00c9galit\u00e9Fraternit\u00e9\nDirection de la citoyennet\u00e9, de la l\u00e9galit\u00e9 et de la coordination\nService de la coordination des politiques publiques et de l'appui territorial\nArr\u00eat\u00e9 \ndonnant d\u00e9l\u00e9gation de signature \u00e0 M. Mathias NIEPS\nsous-pr\u00e9fet, charg\u00e9 de mission aupr\u00e8s du pr\u00e9fet du Gard, \nsecr\u00e9taire g\u00e9n\u00e9ral adjoint de la pr\u00e9fecture du Gard\nLe pr\u00e9fet du Gard\nChevalier de la L\u00e9gion d'honneur,\nChevalier de l'ordre national du M\u00e9rite \nVu la  loi  n\u00b0  82-213  du  2  mars  1982  relative  aux  droits  et  libert\u00e9s  des  communes,  des\nd\u00e9partements et des r\u00e9gions, notamment son article 34 ;\nVu la loi n\u00b0 2003-710 du 1 er ao\u00fbt 2003 modifi\u00e9e d'orientation et de programmation pour la\nville et la r\u00e9novation urbaine ;\nVu la loi n\u00b02006-396 du 31 mars 2006 modifi\u00e9e pour l'\u00e9galit\u00e9 des chances ;\nVu la loi n\u00b02020-856 du 9 juillet 2020 organisant la sortie de l'\u00e9tat d'urgence et ses d\u00e9crets\nd'application ;\nVu le d\u00e9cret n\u00b0 97.34 du 15 janvier 1997 modifi\u00e9 relatif \u00e0 la d\u00e9concentration des d\u00e9cisions\nadministratives individuelles ;\nVu le  d\u00e9cret  n\u00b0  2004-374  du  29  avril  2004  modifi\u00e9  relatif  aux  pouvoirs  des  pr\u00e9fets,  \u00e0\nl'organisation et \u00e0 l'action des services de l'\u00c9tat dans les r\u00e9gions et d\u00e9partements ;\nVu le d\u00e9cret n\u00b0 2015-510 du 7 mai 2015 portant charte de la d\u00e9concentration ;\nVu le d\u00e9cret du 21 juin 2022, nommant M. Gr\u00e9goire PIERRE-DESSAUX, sous-pr\u00e9fet, directeur\nde cabinet de la pr\u00e9f\u00e8te du Gard ;\nVu  le d\u00e9cret du 2 mars 2023, nommant  Mme Anne LEVASSEUR , inspectrice hors classe de\nl'action sanitaire et sociale, sous-pr\u00e9f\u00e8te du Vigan ;\nVu le d\u00e9cret du 13 juillet 2023 nommant M. J\u00e9r\u00f4me BONET, pr\u00e9fet du Gard ;\nVu le d\u00e9cret du 22 ao\u00fbt 2023 nommant M. Emile SOUMBO, sous-pr\u00e9fet d'Al\u00e8s ; \nVu le d\u00e9cret du 25 octobre 2023 nommant M. Mathias NIEPS, sous-pr\u00e9fet charg\u00e9 de mission\naupr\u00e8s du pr\u00e9fet du Gard, secr\u00e9taire g\u00e9n\u00e9ral adjoint de la pr\u00e9fecture du Gard ;\nVu le d\u00e9cret du 24 avril 2024 nommant  M. Yann GERARD, secr\u00e9taire g\u00e9n\u00e9ral de la pr\u00e9fecture\ndu Gard, sous-pr\u00e9fet de Nimes ;\nVu l'arr\u00eat\u00e9  pr\u00e9fectoral  n\u00b0  30-2021-06-23-00007  du  23  juin  2021  portant  organisation  en\ndirections, services et bureaux de la pr\u00e9fecture du Gard, \nVu l'arr\u00eat\u00e9 n\u00b0 30-2024-05-06-00001 du 6 mai.2024 donnant d\u00e9l\u00e9gation de signature \u00e0 M. Yann\nGERARD, secr\u00e9taire g\u00e9n\u00e9ral de la pr\u00e9fecture du Gard\nSur proposition du secr\u00e9taire g\u00e9n\u00e9ral de la pr\u00e9fecture du Gard ;\nPrefecture du Gard - 30-2024-05-06-00002 - Arr\u00eat\u00e9 donnant d\u00e9l\u00e9gation de signature \u00e0 M. Mathias NIEPS, sous-pr\u00e9fet, charg\u00e9 de\nmission aupr\u00e8s du pr\u00e9fet du Gard, secr\u00e9taire g\u00e9n\u00e9ral adjoint de la pr\u00e9fecture du Gard 31\nArr\u00eate\nArticle 1     :  D\u00e9l\u00e9gation est donn\u00e9e \u00e0 M. Mathias NIEPS,  sous-pr\u00e9fet, charge de mission aupr\u00e8s\ndu pr\u00e9fet du Gard, secr\u00e9taire g\u00e9n\u00e9ral adjoint de la pr\u00e9fecture du Gard, \u00e0 l'effet de signer : \n-les correspondances et documents se rapportant \u00e0 la coordination, \u00e0 l'animation et \u00e0 la \nmise en \u0153uvre de la politique de la ville avec ses dispositifs d'accompagnements et  \ncr\u00e9dits y aff\u00e9rents dans le d\u00e9partement du Gard ;\n-en  mati\u00e8re  financi\u00e8re,  l'engagement  des  d\u00e9penses  faites  par  cartes  d'achats  et  la  \nvalidation des devis dans la limite de l'enveloppe budg\u00e9taire allou\u00e9e au centre co\u00fbt de la \npr\u00e9fecture, pour le programme 354 \u00ab administration territoriale de l'\u00c9tat \u00bb ;\n-les d\u00e9cisions d'engagement des cr\u00e9dits se rapportant \u00e0 la politique de la ville pour le  \nprogramme  147  \u00ab politique de la ville \u00bb.\nArticle 2:  En cas d 'absence ou d'emp\u00eachement simultan\u00e9 de M. Yann GERARD, sous-pr\u00e9fet\nhors classe, secr\u00e9taire g\u00e9n\u00e9ral de la pr\u00e9fecture du Gard, et de M. Emile SOUMBO sous-pr\u00e9fet\nd'Al\u00e8s,  d\u00e9l\u00e9gation  de  signature  est  donn\u00e9e  \u00e0  M.  Mathias  NIEPS, sous-pr\u00e9fet,  charg\u00e9  de\nmission aupr\u00e8s du pr\u00e9fet du Gard, secr\u00e9taire g\u00e9n\u00e9ral adjoint de la pr\u00e9fecture du Gard, \u00e0\nl'effet de signer tous actes, arr\u00eat\u00e9s, d\u00e9cisions, circulaires, requ\u00eates juridictionnelles, rapports,\ncorrespondances, et documents relevant des attributions de l'\u00c9tat dans le d\u00e9partement du\nGard, y compris les saisines du Juge des libert\u00e9s et de la d\u00e9tention aux fins de prolongation de\nla r\u00e9tention administrative d'un \u00e9tranger ainsi que les mesures de police administrative prises\nen application de la loi n\u00b02020-856 du 9 juillet 2020 organisant la sortie de l'\u00e9tat d'urgence et\nde ses d\u00e9crets d'application, \u00e0 l'exception :\n- des r\u00e9quisitions prises en application du code de la D\u00e9fense,\n-  de  la  r\u00e9quisition  des  comptables  publics  r\u00e9gie  par  le  d\u00e9cret  n\u00b0  2012-1246  du  7\nnovembre 2012 relatif \u00e0 la gestion budg\u00e9taire et comptable publique.\n- des arr\u00eat\u00e9s de conflit.\nArticle 3     :      Demeurent r\u00e9serv\u00e9es \u00e0 la signature du pr\u00e9fet :\n- toutes correspondances adress\u00e9es aux cabinets minist\u00e9riels ainsi que celles destin\u00e9es \n   aux administrations centrales ;\n- toutes correspondances adress\u00e9es aux pr\u00e9sidents des assembl\u00e9es r\u00e9gionales et    \n d\u00e9partementales ainsi que les r\u00e9ponses aux interventions des parlementaires, des   \n conseillers d\u00e9partementaux et r\u00e9gionaux ;\n- toutes correspondances adress\u00e9es au pr\u00e9fet de r\u00e9gion et aux directeurs r\u00e9gionaux.\nArticle 4     :    En cas d'absence ou d'emp\u00eachement simultan\u00e9 de M. Gr\u00e9goire Pierre-DESSAUX ,\ndirecteur de cabinet du pr\u00e9fet, et de M. Yann GERARD, sous-pr\u00e9fet, secr\u00e9taire g\u00e9n\u00e9ral de la\npr\u00e9fecture du Gard, d\u00e9l\u00e9gation de signature est donn\u00e9e \u00e0  M. Mathias NIEPS,  sous-pr\u00e9fet,\ncharg\u00e9 de mission aupr\u00e8s du pr\u00e9fet du Gard, secr\u00e9taire g\u00e9n\u00e9ral adjoint de la pr\u00e9fecture du\nGard pour signer les d\u00e9cisions et actes relevant de la comp\u00e9tence du Cabinet et des services\nrattach\u00e9s dans le cadre des dispositions de la d\u00e9l\u00e9gation de signature dont elle est titulaire.\nPrefecture du Gard - 30-2024-05-06-00002 - Arr\u00eat\u00e9 donnant d\u00e9l\u00e9gation de signature \u00e0 M. Mathias NIEPS, sous-pr\u00e9fet, charg\u00e9 de\nmission aupr\u00e8s du pr\u00e9fet du Gard, secr\u00e9taire g\u00e9n\u00e9ral adjoint de la pr\u00e9fecture du Gard 32\nArticle 5     :   En cas d'absence ou d'emp\u00eachement de M. Mathias NIEPS, sous-pr\u00e9fet, charg\u00e9 de\nmission aupr\u00e8s du pr\u00e9fet du Gard, secr\u00e9taire g\u00e9n\u00e9ral adjoint de la pr\u00e9fecture du Gard, la\nd\u00e9l\u00e9gation de signature qui lui est conf\u00e9r\u00e9e sera exerc\u00e9e par ordre de priorit\u00e9 suivant :\n -  M. Yann GERARD, sous-pr\u00e9fet de N\u00eemes, secr\u00e9taire g\u00e9n\u00e9ral de la pr\u00e9fecture du Gard,\n  -  M. Emile SOUMBO, sous-pr\u00e9fet d'Al\u00e8s,\n          -  Mme Anne LEVASSEUR, sous-pr\u00e9f\u00e8te du Vigan,\n          -  M. Gr\u00e9goire PIERRE-DESSAUX, sous-pr\u00e9fet, directeur de cabinet du pr\u00e9fet,\nArticle 6     :   Afin de pouvoir assurer la permanence pr\u00e9fectorale qu'il est amen\u00e9 \u00e0 tenir pendant\nles jours non ouvrables (samedi, dimanche et jours f\u00e9ri\u00e9s) ou de fermeture exceptionnelle de\nla pr\u00e9fecture, M. Mathias NIEPS,  sous-pr\u00e9fet, charg\u00e9e de mission aupr\u00e8s du pr\u00e9fet du Gard,\nsecr\u00e9taire g\u00e9n\u00e9ral adjoint de la pr\u00e9fecture, d\u00e9sign\u00e9e dans le tableau hebdomadaire arr\u00eat\u00e9 par\nle pr\u00e9fet du Gard, a d\u00e9l\u00e9gation de signature pour l'ensemble du d\u00e9partement du Gard \u00e0\nl'effet de signer les documents suivants : \n\u2013 les arr\u00eat\u00e9s de suspension des permis de conduire ;\n\u2013 les arr\u00eat\u00e9s de refus de s\u00e9jour, d'invitations \u00e0 quitter le territoire, d'obligations de\nquitter le territoire, d'assignation \u00e0 r\u00e9sidence, d'interdiction de retour et de circulation,\nde r\u00e9admission ;\n\u2013 les arr\u00eat\u00e9s de placement et de maintien en r\u00e9tention administrative et les d\u00e9cisions de\nsortie ainsi que toutes les r\u00e9quisitions \u00e0 ces fins, les demandes consulaires, les saisines\ndes juges judiciaires en mati\u00e8re de prolongation de r\u00e9tention administrative ;\n\u2013 les m\u00e9moires et requ\u00eates d\u00e9pos\u00e9s devant les juridictions judiciaires et administratives ;\n\u2013 les arr\u00eat\u00e9s, d\u00e9cisions, actes, correspondances et documents en mati\u00e8re de soins \npsychiatriques sur d\u00e9cision du repr\u00e9sentant de l'\u00c9tat ;\n\u2013 les actes pris en application de la r\u00e9glementation de la circulation conform\u00e9ment\naux dispositions des articles R225 et R225-1 du Code de la route ;\n\u2013 les arr\u00eat\u00e9s d'immobilisation et de mise en fourri\u00e8re des v\u00e9hicules pour certaines\ninfractions, dans le cadre de la LOPPSI ;\n\u2013 les mesures d'opposition \u00e0 sortie du territoire.\n\u2013 les  instructions  et  r\u00e9quisitions  de  forces  de  police  et  de  gendarmerie  en  vue\nd'assurer des missions de maintien de l'ordre public ;\n\u2013 les arr\u00eat\u00e9s autorisant un transport de corps \u00e0 l'\u00e9tranger ;\n\u2013 les arr\u00eat\u00e9s autorisant une incin\u00e9ration ;\n\u2013 les  arr\u00eat\u00e9s  interdisant  une  manifestation  publique  (manifestations  a\u00e9riennes,\nconcerts, spectacles, etc.) ;\n\u2013 les  arr\u00eat\u00e9s  autorisant  ou  interdisant  une  manifestation  sportive  sur  route  ou  \u00e0\ncaract\u00e8re nautique ;\n\u2013 les mesures de police administrative prises en application de la loi n\u00b02020-856 du 9\njuillet 2020 organisant la sortie de l'\u00e9tat d'urgence et de ses d\u00e9crets d'application.\nArticle  7     :   L'arr\u00eat\u00e9  pr\u00e9fectoral  n\u00b0  30-2023-11-06-0003  du  6 novembre  2023  donnant\nd\u00e9l\u00e9gation de signature \u00e0 M. Mathias NIEPS, sous-pr\u00e9fet, charg\u00e9e de mission aupr\u00e8s du pr\u00e9fet\ndu Gard, secr\u00e9taire g\u00e9n\u00e9ral adjoint de la pr\u00e9fecture du Gard est abrog\u00e9 ;\nArticle 8     :   Le pr\u00e9sent arr\u00eat\u00e9 prend effet d\u00e8s sa publication.\nPrefecture du Gard - 30-2024-05-06-00002 - Arr\u00eat\u00e9 donnant d\u00e9l\u00e9gation de signature \u00e0 M. Mathias NIEPS, sous-pr\u00e9fet, charg\u00e9 de\nmission aupr\u00e8s du pr\u00e9fet du Gard, secr\u00e9taire g\u00e9n\u00e9ral adjoint de la pr\u00e9fecture du Gard 33\nArticle 9  :  Le sous pr\u00e9fet de N\u00eemes, secr\u00e9taire g\u00e9n\u00e9ral de la pr\u00e9fecture  ; le sous-pr\u00e9fet ,\ncharg\u00e9 de mission aupr\u00e8s du pr\u00e9fet du Gard secr\u00e9taire g\u00e9n\u00e9ral adjoint de la pr\u00e9fecture  ; le\nsous-pr\u00e9fet d'Al\u00e8s ; la sous-pr\u00e9f\u00e8te du Vigan et le sous-pr\u00e9fet directeur de cabinet du pr\u00e9fet\ndu Gard sont charg\u00e9s, chacun en ce qui le concerne, de l'ex\u00e9cution du pr\u00e9sent arr\u00eat\u00e9 qui sera\nins\u00e9r\u00e9 au recueil des actes administratifs de la pr\u00e9fecture du Gard.\nN\u00eemes, le  6 mai 2024\n    Le pr\u00e9fet,\n          sign\u00e9\n   J\u00e9r\u00f4me BONET\nPrefecture du Gard - 30-2024-05-06-00002 - Arr\u00eat\u00e9 donnant d\u00e9l\u00e9gation de signature \u00e0 M. Mathias NIEPS, sous-pr\u00e9fet, charg\u00e9 de\nmission aupr\u00e8s du pr\u00e9fet du Gard, secr\u00e9taire g\u00e9n\u00e9ral adjoint de la pr\u00e9fecture du Gard 34\nPrefecture du Gard\n30-2024-05-06-00001\nArr\u00eat\u00e9 donnant d\u00e9l\u00e9gation de signature \u00e0 M.\nYann GERARD, secr\u00e9taire g\u00e9n\u00e9ral de la\npr\u00e9fecture du Gard, sous-pr\u00e9fet de N\u00eemes\nPrefecture du Gard - 30-2024-05-06-00001 - Arr\u00eat\u00e9 donnant d\u00e9l\u00e9gation de signature \u00e0 M. Yann GERARD, secr\u00e9taire g\u00e9n\u00e9ral de la\npr\u00e9fecture du Gard, sous-pr\u00e9fet de N\u00eemes 35\nExPREFETDU GARDLibert\u00e9\u00c9galit\u00e9Fraternit\u00e9\nPr\u00e9fecture -Direction de la citoyennet\u00e9 de la l\u00e9galit\u00e9 \net de la coordination\nService de la coordination des \npolitiques publiques et \nde l'appui territorial\nArr\u00eat\u00e9 \ndonnant d\u00e9l\u00e9gation de signature \u00e0 M. Yann GERARD, \nsecr\u00e9taire g\u00e9n\u00e9ral de la pr\u00e9fecture du Gard, sous-pr\u00e9fet de N\u00eemes\nLe pr\u00e9fet du Gard\nChevalier de la L\u00e9gion d'honneur,\nChevalier de l'ordre national du M\u00e9rite \nVu la  loi  n\u00b0  82-213  du  2  mars  1982  relative  aux  droits  et  libert\u00e9s  des  communes,  des\nd\u00e9partements et des r\u00e9gions, notamment son article 34 ;\nVu la loi n\u00b02020-856 du 9 juillet 2020 organisant la sortie de l'\u00e9tat d'urgence et ses d\u00e9crets\nd'application ;\nVu le d\u00e9cret n\u00b0 97 .34 du 15 janvier 1997 modifi\u00e9 relatif \u00e0 la d\u00e9concentration des d\u00e9cisions\nadministratives individuelles ;\nVu le  d\u00e9cret  n\u00b0  2004-374  du  29  avril  2004  modifi\u00e9  relatif  aux  pouvoirs  des  pr\u00e9fets,  \u00e0\nl'organisation et \u00e0 l'action des services de l'\u00c9tat dans les r\u00e9gions et d\u00e9partements ;\nVu le d\u00e9cret n\u00b0 2008-158 du 22 f\u00e9vrier 2008 relatif \u00e0 la suppl\u00e9ance des Pr\u00e9fets de r\u00e9gion et \u00e0 la\nd\u00e9l\u00e9gation de signature des Pr\u00e9fets et des Hauts Commissaires de la R\u00e9publique en Polyn\u00e9sie\nfran\u00e7aise et en Nouvelle-Cal\u00e9donie ;\nVu le d\u00e9cret n\u00b0 2009-176 du 16 f\u00e9vrier 2009 modifiant le d\u00e9cret n\u00b0 64-805 du 29 juillet 1964\nfixant les dispositions r\u00e9glementaires applicables aux pr\u00e9fets et le d\u00e9cret n\u00b0 2004-374 du 29\navril 2004 relatif aux pouvoirs des pr\u00e9fets, \u00e0 l'organisation et \u00e0 l'action des services de l'\u00c9tat\ndans les r\u00e9gions et d\u00e9partements ;\nVu le d\u00e9cret n\u00b0 2015-510 du 7 mai 2015 portant charte de la d\u00e9concentration ;\nVu le d\u00e9cret du 21 juin 2022, nommant M. Gr\u00e9goire PIERRE-DESSAUX, sous-pr\u00e9fet, directeur\nde cabinet de la pr\u00e9f\u00e8te du Gard ;\nVu  le d\u00e9cret du 2 mars 2023, nommant  Mme Anne LEVASSEUR , inspectrice hors classe de\nl'action sanitaire et sociale, sous-pr\u00e9f\u00e8te du Vigan ;\nVu le d\u00e9cret du 13 juillet 2023 nommant M. J\u00e9r\u00f4me BONET, pr\u00e9fet du Gard ;\nVu le d\u00e9cret  22 ao\u00fbt 2023 nommant M. Emile SOUMBO, sous-pr\u00e9fet d'Al\u00e8s ; \nVu le d\u00e9cret du 25 octobre 2023 nommant M. Mathias NIEPS , sous-pr\u00e9fet charg\u00e9 de mission\naupr\u00e8s du pr\u00e9fet du Gard, secr\u00e9taire g\u00e9n\u00e9ral adjoint de la pr\u00e9fecture du Gard ;\nVu le d\u00e9cret du 24 avril 2024 nommant  M. Yann GERARD, Secr\u00e9taire g\u00e9n\u00e9ral de la pr\u00e9fecture\ndu Gard, sous-pr\u00e9fet de N\u00eemes ;\nVu l'arr\u00eat\u00e9 30-2021-06-23-00007 du 23 juin 2021 portant organisation en directions, services et\nbureaux de la pr\u00e9fecture du Gard, \nPrefecture du Gard - 30-2024-05-06-00001 - Arr\u00eat\u00e9 donnant d\u00e9l\u00e9gation de signature \u00e0 M. Yann GERARD, secr\u00e9taire g\u00e9n\u00e9ral de la\npr\u00e9fecture du Gard, sous-pr\u00e9fet de N\u00eemes 36\nArr\u00eate \nArticle 1  : D\u00e9l\u00e9gation de signature est donn\u00e9e \u00e0  M.  Yann GERARD, secr\u00e9taire g\u00e9n\u00e9ral de la\npr\u00e9fecture du Gard, \u00e0 l'effet de signer tous actes, arr\u00eat\u00e9s, d\u00e9cisions, circulaires, requ\u00eates\njuridictionnelles, rapports, correspondances, et documents relevant des attributions de l'\u00c9tat\ndans le d\u00e9partement du Gard, y compris les saisines du Juge des libert\u00e9s et de la d\u00e9tention\naux fins de prolongation de la r\u00e9tention administrative d'un \u00e9tranger ainsi que les mesures de\npolice administrative prises en application de la loi n\u00b02020-856 du 9 juillet 2020 organisant la\nsortie de l'\u00e9tat d'urgence et de ses d\u00e9crets d'application, \u00e0 l'exception :\n\uf0b7 des r\u00e9quisitions prises en application du code de la D\u00e9fense,\n\uf0b7 de  la  r\u00e9quisition  des  comptables  publics  r\u00e9gie  par  le  d\u00e9cret  n\u00b0  2012-1246  du  7\nnovembre 2012 relatif \u00e0 la gestion budg\u00e9taire et comptable publique.\n\uf0b7 des arr\u00eat\u00e9s de conflit.\nArticle  2     :   En  cas  d'absence  ou  d'emp\u00eachement  de  M.  Yann  GERARD,  la  d\u00e9l\u00e9gation  de\nsignature  qui  lui  est  accord\u00e9e  sera  exerc\u00e9e  par  M.  Mathias  NIEPS,  sous-pr\u00e9fet  secr\u00e9taire\ng\u00e9n\u00e9ral adjoint ou par M. Emile SOUMBO,  sous-pr\u00e9fet d'Al\u00e8s ou par Mme Anne LEVASSEUR ,\nsous-pr\u00e9f\u00e8te du Vigan ou par M. Gr\u00e9goire PIERRE-DESSAUX, sous-pr\u00e9fet, directeur de cabinet\ndu pr\u00e9fet du Gard.\nArticle 3     :   En cas d'absence ou d'emp\u00eachement simultan\u00e9e de M. Gr\u00e9goire PIERRE-DESSAUX,\ndirecteur de cabinet du pr\u00e9fet du Gard et de M. Mathias NIEPS, sous-pr\u00e9fet secr\u00e9taire g\u00e9n\u00e9ral\nadjoint,  d\u00e9l\u00e9gation de signature est donn\u00e9e \u00e0  M.  Yann GERARD,  secr\u00e9taire g\u00e9n\u00e9ral de la\npr\u00e9fecture, pour signer les d\u00e9cisions et actes relevant de la comp\u00e9tence du Cabinet et des\nservices rattach\u00e9s dans le cadre des dispositions de la d\u00e9l\u00e9gation de signature dont il est\ntitulaire.\nArticle 4     :   Afin de pouvoir assurer la permanence pr\u00e9fectorale qu'il est amen\u00e9 \u00e0 tenir pendant\nles jours non ouvrables (samedi, dimanche et jours f\u00e9ri\u00e9s) ou de fermeture exceptionnelle de\nla pr\u00e9fecture, M. Yann GERARD, secr\u00e9taire g\u00e9n\u00e9ral de la pr\u00e9fecture, d\u00e9sign\u00e9 dans le tableau\nhebdomadaire arr\u00eat\u00e9 par le pr\u00e9fet du Gard, a d\u00e9l\u00e9gation de signature pour l'ensemble du\nd\u00e9partement du Gard \u00e0 l'effet de signer les documents suivants : \n\u2013 les arr\u00eat\u00e9s de suspension des permis de conduire ;\n\u2013 les  arr\u00eat\u00e9s  de  refus  de  s\u00e9jour,  d'invitations  \u00e0  quitter  le  territoire,  d'obligations  de\nquitter le territoire, d'assignation \u00e0 r\u00e9sidence, d'interdiction de retour et de circulation,\nde r\u00e9admission ;\n\u2013 les arr\u00eat\u00e9s de placement et de maintien en r\u00e9tention administrative et les d\u00e9cisions de\nsortie ainsi que toutes les r\u00e9quisitions \u00e0 ces fins, les demandes consulaires, les saisines\ndes juges judiciaires en mati\u00e8re de prolongation de r\u00e9tention administrative ;\n\u2013 les m\u00e9moires et requ\u00eates d\u00e9pos\u00e9s devant les juridictions judiciaires et administratives ;\n\u2013 les arr\u00eat\u00e9s, d\u00e9cisions, actes, correspondances et documents en mati\u00e8re de soins \npsychiatriques sur d\u00e9cision du repr\u00e9sentant de l'\u00c9tat ;\n\u2013 les actes pris en application de  la r\u00e9glementation de la circulation conform\u00e9ment\naux dispositions des articles R225 et R225-1 du Code de la route ;\nPrefecture du Gard - 30-2024-05-06-00001 - Arr\u00eat\u00e9 donnant d\u00e9l\u00e9gation de signature \u00e0 M. Yann GERARD, secr\u00e9taire g\u00e9n\u00e9ral de la\npr\u00e9fecture du Gard, sous-pr\u00e9fet de N\u00eemes 37\n\u2013 les arr\u00eat\u00e9s d'immobilisation et de mise en fourri\u00e8re des v\u00e9hicules pour certaines\ninfractions, dans le cadre de la LOPPSI ;  \n\u2013 les mesures d'opposition \u00e0 sortie du territoire ;\n\u2013 les  instructions  et  r\u00e9quisitions  de  forces  de  police  et  de  gendarmerie  en  vue\nd'assurer des missions de maintien de l'ordre public ;\n\u2013 les arr\u00eat\u00e9s autorisant un transport de corps \u00e0 l'\u00e9tranger ;\n\u2013 les arr\u00eat\u00e9s autorisant une incin\u00e9ration ;\n\u2013 les  arr\u00eat\u00e9s  interdisant  une  manifestation  publique  (manifestations  a\u00e9riennes,\nconcerts, spectacles, etc.) ;\n\u2013 les  arr\u00eat\u00e9s  autorisant  ou  interdisant  une  manifestation  sportive  sur  route  ou  \u00e0\ncaract\u00e8re nautique ;\n\u2013 les mesures de police administrative prises en application de la loi n\u00b02020-856 du 9\njuillet 2020 organisant la sortie de l'\u00e9tat d'urgence et de ses d\u00e9crets d'application.\nArticle    5     :    L'arr\u00eat\u00e9 du 19 avril 2024 publi\u00e9 au recueil des actes administratifs sous le n\u00b030-\n2024-04-19-00004  portant  d\u00e9signation  et  d\u00e9l\u00e9gation  de  signature  \u00e0  M.  Mathias  NIEPS,\nsecr\u00e9taire g\u00e9n\u00e9ral de la pr\u00e9fecture du Gard par interim est abrog\u00e9.\nArticle 6     :   Le pr\u00e9sent arr\u00eat\u00e9 prend effet d\u00e8s sa publication.\nArticle 7 : Le secr\u00e9taire g\u00e9n\u00e9ral de la pr\u00e9fecture, sou-pr\u00e9fet de N\u00eemes, le sous-pr\u00e9fet charg\u00e9 de\nmission aupr\u00e8s  du pr\u00e9fet du Gard  secr\u00e9taire g\u00e9n\u00e9ral adjoint, le sous-pr\u00e9fet d'Al\u00e8s, la sous-\npr\u00e9f\u00e8te du Vigan et le sous-pr\u00e9fet directeur de cabinet du pr\u00e9fet du Gard sont charg\u00e9s,\nchacun en ce qui les concerne, de l'ex\u00e9cution du pr\u00e9sent arr\u00eat\u00e9 qui sera ins\u00e9r\u00e9 au recueil des\nactes administratifs de la pr\u00e9fecture du Gard.\nN\u00eemes, le 6 mai 2024\n          Le pr\u00e9fet,\nsign\u00e9\n          J\u00e9r\u00f4me BONET\nPrefecture du Gard - 30-2024-05-06-00001 - Arr\u00eat\u00e9 donnant d\u00e9l\u00e9gation de signature \u00e0 M. Yann GERARD, secr\u00e9taire g\u00e9n\u00e9ral de la\npr\u00e9fecture du Gard, sous-pr\u00e9fet de N\u00eemes 38\nPrefecture du Gard\n30-2024-05-06-00004\nArr\u00eat\u00e9 donnant d\u00e9l\u00e9gation de signature \u00e0 Mme\nAnne LEVASSEUR, sous-pr\u00e9f\u00e8re de\nl'arrondissement du Vigan\nPrefecture du Gard - 30-2024-05-06-00004 - Arr\u00eat\u00e9 donnant d\u00e9l\u00e9gation de signature \u00e0 Mme Anne LEVASSEUR, sous-pr\u00e9f\u00e8re de\nl'arrondissement du Vigan 39\n=PREFETDU GARDLibert\u00e9\u00c9galit\u00e9Fraternit\u00e9\nPr\u00e9fecture-Direction de la citoyennet\u00e9, \nde la l\u00e9galit\u00e9 et de la coordination\nService de la coordination \ndes politiques publiques \net de l'appui territorial\nArr\u00eat\u00e9 \ndonnant d\u00e9l\u00e9gation de signature \u00e0 Mme Anne LEVASSEUR, \nsous-pr\u00e9f\u00e8te de l'arrondissement du Vigan\nLe pr\u00e9fet du Gard\nChevalier de la L\u00e9gion d'honneur,\nChevalier de l'ordre national du M\u00e9rite \nVu la  loi  n\u00b0  82-213  du  2  mars  1982  relative  aux  droits  et  libert\u00e9s  des  communes,  des\nd\u00e9partements et des r\u00e9gions, notamment son article 34 ;\nVu la loi  n\u00b02020-856 du 9 juillet 2020 organisant la sortie de l'\u00e9tat d'urgence et ses d\u00e9crets\nd'application ;\nVu le d\u00e9cret n\u00b0 97.34 du 15 janvier 1997 modifi\u00e9 relatif \u00e0 la d\u00e9concentration des d\u00e9cisions\nadministratives individuelles ;\nVu le  d\u00e9cret  n\u00b0  2004-374  du  29  avril  2004  modifi\u00e9  relatif  aux  pouvoirs  des  pr\u00e9fets,  \u00e0\nl'organisation et \u00e0 l'action des services de l'\u00c9tat dans les r\u00e9gions et d\u00e9partements ;\nVu le d\u00e9cret n\u00b0 2008-158 du 22 f\u00e9vrier  2008 relatif \u00e0 la suppl\u00e9ance des Pr\u00e9fets de r\u00e9gion et \u00e0\nla  d\u00e9l\u00e9gation  de  signature  des  Pr\u00e9fets  et  des  Hauts  Commissaires  de  la  R\u00e9publique  en\nPolyn\u00e9sie fran\u00e7aise et en Nouvelle-Cal\u00e9donie ;\nVu le d\u00e9cret n\u00b0 2009-176 du 16 f\u00e9vrier 2009 modifiant le d\u00e9cret n\u00b0 64-805 du 29 juillet 1964\nfixant les dispositions r\u00e9glementaires applicables aux pr\u00e9fets et le d\u00e9cret n\u00b0 2004-374 du 29\navril 2004 relatif aux pouvoirs des pr\u00e9fets, \u00e0 l'organisation et \u00e0 l'action des services de l'\u00c9tat\ndans les r\u00e9gions et d\u00e9partements ;\nVu le d\u00e9cret n\u00b0 2015-510 du 7 mai 2015 portant charte de la d\u00e9concentration ;\nVu le d\u00e9cret du 21 juin 2022, nommant M. Gr\u00e9goire PIERRE-DESSAUX, sous-pr\u00e9fet, directeur\nde cabinet de la pr\u00e9f\u00e8te du Gard ;\nVu  le d\u00e9cret du 2 mars 2023, nommant  Mme Anne LEVASSEUR , inspectrice hors classe de\nl'action sanitaire et sociale, sous-pr\u00e9f\u00e8te du Vigan ;\nVu le d\u00e9cret du 13 juillet 2023 nommant M. J\u00e9r\u00f4me BONET, pr\u00e9fet du Gard ;\nVu le d\u00e9cret du 22 ao\u00fbt 2023 nommant M. Emile SOUMBO, sous-pr\u00e9fet d'Al\u00e8s ; \nVu le d\u00e9cret du 25 octobre 2023 nommant M. Mathias NIEPS, sous-pr\u00e9fet charg\u00e9 de mission\naupr\u00e8s du pr\u00e9fet du Gard, secr\u00e9taire g\u00e9n\u00e9ral adjoint de la pr\u00e9fecture du Gard  ;\nVu le d\u00e9cret du 24 avril 2024 nommant  M. Yann GERARD, secr\u00e9taire g\u00e9n\u00e9ral de la pr\u00e9fecture\ndu Gard, sous-pr\u00e9fet de N\u00eemes ;\nVu l'arr\u00eat\u00e9 30-2021-06-23-00007 du 23 juin 2021 portant organisation en directions, services\net bureaux de la pr\u00e9fecture du Gard  ;\nVu l'arr\u00eat\u00e9 n\u00b030-2024-05-06-00003 du 6 mai 2024 donn ant d\u00e9l\u00e9gation de signature \u00e0 M. Emile\nSOUMBO, sous-pr\u00e9fet d'Al\u00e8s  ;\nVu  la note du 21 ao\u00fbt 2023 portant nomination de  Mme V\u00e9ronique BOISSON , attach\u00e9e\nd'administration du Minist\u00e8re de l'Int\u00e9rieur, en qualit\u00e9 de secr\u00e9taire g\u00e9n\u00e9rale de la sous-\npr\u00e9fecture du Vigan;7\nSur proposition du secr\u00e9taire g\u00e9n\u00e9ral de la pr\u00e9fecture du Gard ;\nPrefecture du Gard - 30-2024-05-06-00004 - Arr\u00eat\u00e9 donnant d\u00e9l\u00e9gation de signature \u00e0 Mme Anne LEVASSEUR, sous-pr\u00e9f\u00e8re de\nl'arrondissement du Vigan 40\nArr\u00eate :\nTITRE I\nD\u00c9L\u00c9GATION DANS LES LIMITES DE L'ARRONDISSEMENT DU VIGAN\nArticle 1  : D\u00e9l\u00e9gation de signature est donn\u00e9e \u00e0  Mme Anne LEVASSEUR ,  sous-pr\u00e9f\u00e8te de\nl'arrondissement  du  Vigan,  dans  les  limites  de  son  arrondissement  pour  les  mati\u00e8res\nd\u00e9sign\u00e9es ci-apr\u00e8s :\nA \u2013 EN MATI\u00c8RE DE POLICE G\u00c9N\u00c9RALE ET DE POLICES SP\u00c9CIALES\n\u2013 tous les actes relatifs \u00e0 la commission d'arrondissement du Vigan pour la s\u00e9curit\u00e9 contre les\nrisques d'incendie et de panique dans les ERP ;\n\u2013 l'octroi  du  concours  de  la  force  publique  pour  l'ex\u00e9cution  des  jugements  d'expulsion\nimmobili\u00e8re ;\n\u2013 la d\u00e9livrance de toutes autorisations relatives \u00e0 la police de la voie publique, exc\u00e9dant la \ncomp\u00e9tence des autorit\u00e9s municipales ;\n\u2013 la d\u00e9livrance des cartes professionnelles pour l'exercice des professions r\u00e9glement\u00e9es et\ndes cartes de commer\u00e7ants non s\u00e9dentaires et marchands ambulants et les r\u00e9c\u00e9piss\u00e9s de\nbrocanteurs ;\n\u2013 l'octroi  des  cartes  de  commer\u00e7ants  non  s\u00e9dentaires  et  marchands  ambulants,  et  des\nr\u00e9c\u00e9piss\u00e9s de brocanteurs ;\n\u2013 les  autorisations  d'utilisation  conjointe  de  plusieurs  polices  municipales  \u00e0  l'occasion  de\nmanifestations exceptionnelles, notamment \u00e0 caract\u00e8re culturel, r\u00e9cr\u00e9atif ou sportif ; \n\u2013 le retrait provisoire du permis de conduire ;\n\u2013 les arr\u00eat\u00e9s dits \u00ab 61 \u00bb de limitation de la validit\u00e9 des permis de conduire ;\n\u2013 les d\u00e9cisions d'expulsions commerciales, de fermetures administratives de commerces pour\nvente  illicite  de  boissons  alcoolis\u00e9es,  de  tabacs,  de  trafic  de  stup\u00e9fiants,  d'emplois\nclandestins et de main d'\u0153uvre ill\u00e9gale pour une dur\u00e9e maximale de trois mois ;\n\u2013 tous actes relatifs \u00e0 la proc\u00e9dure de sanction administrative des d\u00e9bits de boissons et les     \n   d\u00e9rogations aux horaires de fermeture des d\u00e9bits de boissons,\n\u2013 les mesures de police administrative prises en application de la loi n\u00b02020-856 du 9 juillet\n2020 organisant la sortie de l'\u00e9tat d'urgence et de ses d\u00e9crets d'application ;\nB \u2013 EN MATI\u00c8RE D'ADMINISTRATION LOCALE\n\u2013 la substitution au maire dans les cas pr\u00e9vus par les articles L.2122.34 et L.2215.1 du code\ng\u00e9n\u00e9ral des collectivit\u00e9s territoriales ;\n\u2013 les lettres d'observation et recours gracieux relatifs aux actes des collectivit\u00e9s locales, y\ncompris  le  contr\u00f4le  de  l\u00e9galit\u00e9  des  actes  d'occupation  des  sols  et  des  documents\nd'urbanisme, sur proposition de la direction d\u00e9partementale des Territoires et de la Mer ;\n\u2013 l'information, \u00e0 sa demande, de l'autorit\u00e9 locale de l'intention de ne pas saisir le tribunal\nadministratif dans le cadre du contr\u00f4le administratif pr\u00e9vu par la loi du 2 mars 1982 .\nC \u2013 EN MATI\u00c8RE D'ADMINISTRATION GENERALE\n\uf0a8 Droits des personnes, associations  \n\u2013 les autorisations permettant aux associations cultuelles ou de bienfaisance de recevoir des\nsommes d\u00e9ductibles des revenus imposables des contribuables, autres que les entreprises\n(b\u00e9n\u00e9fice des dispositions des articles 200 et 238 bis du code g\u00e9n\u00e9ral des imp\u00f4ts).\nPrefecture du Gard - 30-2024-05-06-00004 - Arr\u00eat\u00e9 donnant d\u00e9l\u00e9gation de signature \u00e0 Mme Anne LEVASSEUR, sous-pr\u00e9f\u00e8re de\nl'arrondissement du Vigan 41\n\uf0a8 Environnement, salubrit\u00e9 et sant\u00e9 publique  \n- \u2013 en mati\u00e8re d'installations class\u00e9es pour la protection de l'environnement :\n1/ la d\u00e9livrance des r\u00e9c\u00e9piss\u00e9s de d\u00e9claration\n2/  tous  les  actes  concernant  l'enqu\u00eate  publique  pour  les  installations\nsoumises \u00e0 autorisation (arr\u00eat\u00e9s d'ouverture, reports\u2026)\n3/  tous  les  actes  concernant  les  consultations  publiques  pour  les\ninstallations class\u00e9es soumises \u00e0 enregistrement\n4/  les  arr\u00eat\u00e9s  de  mise  en  demeure,  de  prorogation  de  d\u00e9lai  et  de\nprescriptions\n5/ les arr\u00eat\u00e9s d'autorisation et les arr\u00eat\u00e9s compl\u00e9mentaires\n6/ les arr\u00eat\u00e9s de consignation\n7/ les courriers divers.\n\u2013 la cr\u00e9ation et le renouvellement des commissions de suivi des sites (CSS) ;\n\u2013 les proc\u00e9dures de d\u00e9claration et d'autorisation pr\u00e9vues par l'article 10 de la loi n\u00b0 92.3 du 3\njanvier 1992 sur l'eau (articles 214-1 et 214-6 du code de l'environnement) et la loi du 6\noctobre 1919 modifi\u00e9e relative \u00e0 l'utilisation de l'\u00e9nergie hydraulique ;\n\uf0a8 D\u00e9clarations d'utilit\u00e9 publique et servitudes   \n\u2013 les  proc\u00e9dures  d'expropriation  pour  cause  d'utilit\u00e9  publique  pr\u00e9vues  par  le  code  de\nl'expropriation  (arr\u00eat\u00e9s  portant  ouverture  des  enqu\u00eates  publiques,  avis  presse,  arr\u00eat\u00e9s\nportant cessibilit\u00e9, arr\u00eat\u00e9s portant d\u00e9claration d'utilit\u00e9 publique\u2026) ;\n\u2013 les proc\u00e9dures relatives \u00e0 la mise en compatibilit\u00e9 d'un plan local d'urbanisme, pr\u00e9vue \u00e0\nl'article L 123 \u2013 16 du code de l'urbanisme ;\n\u2013 la proc\u00e9dure d'int\u00e9r\u00eat g\u00e9n\u00e9ral pr\u00e9vue aux articles 175 et 176 du code rural pour les travaux\nde  d\u00e9fense  des  for\u00eats  contre  l'incendie,  la  proc\u00e9dure  de  protection  contre  les  risques\nd'inondations ;\n\u2013 la proc\u00e9dure de d\u00e9claration d'utilit\u00e9 publique des travaux d'\u00e9lectricit\u00e9 et de gaz qui ne\nn\u00e9cessitent  que  l'\u00e9tablissement  des  servitudes  ainsi  que  les  conditions  d'\u00e9tablissement\ndesdites servitudes ;\n\u2013 la proc\u00e9dure d'\u00e9tablissement des servitudes d'appui, de passage, d'\u00e9lagage et d'abattage en\nvue de la construction ou de l'extension des lignes d'\u00e9nergie \u00e9lectrique ;\n\u2013 les autorisations de p\u00e9n\u00e9trer dans les propri\u00e9t\u00e9s priv\u00e9es pour l'\u00e9tablissement et l'entretien\ndes lignes et installations \u00e9lectriques et de t\u00e9l\u00e9communications ;\n\u2013 la  proc\u00e9dure  d'\u00e9tablissement  d'une  servitude  sur  les  fonds  priv\u00e9s  pour  la  pose  de\ncanalisations publiques d'eau ou d'assainissement, pr\u00e9vue par la loi n\u00b0 62.904 du 4 ao\u00fbt\n1962 ;\n\u2013 les autorisations d'occupation temporaire des propri\u00e9t\u00e9s priv\u00e9es, pr\u00e9vues par la loi du 29\nd\u00e9cembre 1892 ;\n\uf0a8 Urbanisme  \n\u2013 les actes relatifs \u00e0 l'occupation des sols  d\u00e9livr\u00e9s au nom de l'\u00c9tat, dans les communes  non\ndot\u00e9es d'un plan local d'urbanisme, lorsqu'il y a une divergence d'avis entre le maire et le\ndirecteur d\u00e9partemental des territoires et de la mer ;\n\u2013 les d\u00e9cisions et les lettres d'observation et de recours gracieux en mati\u00e8re de :\n-  de plans locaux d'urbanisme\n- de cartes communales;\n- de zone d'am\u00e9nagement diff\u00e9r\u00e9 (Z.A.D.);\n- de plans de pr\u00e9vention des risques naturels et technologiques (P.P.R.N.T) ;\n- de p\u00e9rim\u00e8tres de restauration immobili\u00e8re (P.R.I.).\nPrefecture du Gard - 30-2024-05-06-00004 - Arr\u00eat\u00e9 donnant d\u00e9l\u00e9gation de signature \u00e0 Mme Anne LEVASSEUR, sous-pr\u00e9f\u00e8re de\nl'arrondissement du Vigan 42\n\u2013 la mise \u00e0 l'enqu\u00eate publique des zones de protection du patrimoine architectural urbain et\npaysager et p\u00e9rim\u00e8tre de r\u00e9novation immobili\u00e8re.\nD \u2013 EN MATI\u00c8RE IMMOBILI\u00c8RE\n\u2013 l'authenticit\u00e9 des actes int\u00e9ressant le domaine priv\u00e9 immobilier de l'\u00c9tat, \u00e0 l'exception de\nceux comprenant des immeubles d\u00e9pendant de plusieurs arrondissements (l'ensemble des\nminutes  de  ces  actes  continueront  d'\u00eatre  archiv\u00e9es,  apr\u00e8s  publication,  dans  les\nconservations des hypoth\u00e8ques, au chef-lieu du d\u00e9partement).\nE \u2013 EN MATI\u00c8RE \u00c9CONOMIQUE ET SOCIALE\n\u2013 les accus\u00e9s de r\u00e9ception des dossiers de demandes de subvention d'investissement, au sens\nde l'article 4 du d\u00e9cret du 16 d\u00e9cembre 1999 susvis\u00e9 ;\n\u2013 la  signature  des  arr\u00eat\u00e9s  attributifs  de  subvention  en  ce  qui  concerne  la  dotation\nd'\u00e9quipement des territoires ruraux (DETR).\nF \u2013 COMP\u00c9TENCES AFF\u00c9RENTES AU FONCTIONNEMENT DE LA SOUS-PREFECTURE\n\u2013 l'octroi des cong\u00e9s annuels des agents de la sous-pr\u00e9fecture ;\n\u2013 programmes 354 hors titre 2  : L'engagement des d\u00e9penses faites par cartes d'achats et la\nvalidation des devis dans la limite de l'enveloppe budg\u00e9taire allou\u00e9e \u00e0 la sous-pr\u00e9fecture.\nTITRE II\nD\u00c9L\u00c9GATION POUR L'ENSEMBLE DU D\u00c9PARTEMENT\nArticle 2     :   D\u00e9l\u00e9gation de signature est donn \u00e9e \u00e0  Mme Anne LEVASSEUR ,  sous-pr\u00e9f\u00e8te du\nVigan, pour l'ensemble du d\u00e9partement pour les mati\u00e8res ci-apr\u00e8s :\n\u2013 les contrats simples et d'association au titre de l'enseignement priv\u00e9 ;\n\u2013 l'indemnit\u00e9 repr\u00e9sentative de logement (IRL) ;\n\u2013 la dotation sp\u00e9ciale des instituteurs (DSI) ;\n\u2013 les associations syndicales libres pour l'ensemble du d\u00e9partement;\nArticle    3    :   Afin de pouvoir assurer la permanence pr\u00e9fectorale qu'elle est amen\u00e9e \u00e0 tenir\npendant  les  jours  non  ouvrables  (samedi,  dimanche  et  jours  f\u00e9ri\u00e9s)  ou  de  fermeture\nexceptionnelle de la pr\u00e9fecture, Mme Anne LEVASSEUR, sous-pr\u00e9f\u00e8te de l'arrondissement du\nVigan,  d\u00e9sign\u00e9e dans le tableau hebdomadaire arr\u00eat\u00e9 par le pr\u00e9fet du Gard, a d\u00e9l\u00e9gation de\nsignature  pour  l'ensemble  du  d\u00e9partement  du  Gard  \u00e0  l'effet  de  signer  les  documents\nsuivants : \n\u2013 les arr\u00eat\u00e9s de suspension des permis de conduire ;\n\u2013 les arr\u00eat\u00e9s de refus de s\u00e9jour, d'invitations \u00e0 quitter le territoire, d'obligations de\nquitter le territoire, d'assignation \u00e0 r\u00e9sidence, d'interdiction de retour et de circulation,\nde r\u00e9admission ;\n\u2013 les arr\u00eat\u00e9s de placement et de maintien en r\u00e9tention administrative et les d\u00e9cisions \nde sortie ainsi que toutes les r\u00e9quisitions \u00e0 ces fins, les demandes consulaires, les  \nsaisines des juges judiciaires en mati\u00e8re de prolongation de r\u00e9tention administrative ;\n\u2013 les m\u00e9moires et requ\u00eates d\u00e9pos\u00e9s devant les juridictions judiciaires et administratives ;\n\u2013 les arr\u00eat\u00e9s, d\u00e9cisions, actes, correspondances et documents en mati\u00e8re de soins \npsychiatriques sur d\u00e9cision du repr\u00e9sentant de l'\u00c9tat ;\nPrefecture du Gard - 30-2024-05-06-00004 - Arr\u00eat\u00e9 donnant d\u00e9l\u00e9gation de signature \u00e0 Mme Anne LEVASSEUR, sous-pr\u00e9f\u00e8re de\nl'arrondissement du Vigan 43\n\u2013 les actes pris en application de la r\u00e9glementation de la circulation conform\u00e9ment\naux dispositions des articles R225 et R225-1 du Code de la route ;\n\u2013 les arr\u00eat\u00e9s d'immobilisation et de mise en fourri\u00e8re des v\u00e9hicules pour certaines  \ninfractions, dans le cadre de la LOPPSI ;\n\u2013 les mesures d'opposition \u00e0 sortie du territoire.\n\u2013 les  instructions  et  r\u00e9quisitions  de  forces  de  police  et  de  gendarmerie  en  vue\nd'assurer des missions de maintien de l'ordre public ;\n\u2013 les arr\u00eat\u00e9s autorisant un transport de corps \u00e0 l'\u00e9tranger ;\n\u2013 les arr\u00eat\u00e9s autorisant une incin\u00e9ration ;\n\u2013 les  arr\u00eat\u00e9s  interdisant  une  manifestation  publique  (manifestations  a\u00e9riennes,\nconcerts, spectacles, etc.) ;\n\u2013 les  arr\u00eat\u00e9s  autorisant  ou  interdisant  une  manifestation  sportive  sur  route  ou  \u00e0\ncaract\u00e8re nautique ;\n\u2013 les mesures de police administrative prises en application de la loi n\u00b02020-856 du 9\njuillet 2020 organisant la sortie de l'\u00e9tat d'urgence et de ses d\u00e9crets d'application.\nTITRE III\nEXCLUSION DU CHAMP DE D\u00c9L\u00c9GATION \nArtic  le 4     :   Demeurent r\u00e9serv\u00e9es \u00e0 la signature de la pr\u00e9f\u00e8te :\n\u2013 toutes  correspondances  adress\u00e9es  aux  cabinets  minist\u00e9riels  ainsi  que  celles  \ndestin\u00e9es aux administrations centrales ;\n\u2013 toutes correspondances adress\u00e9es aux pr\u00e9sidents des assembl\u00e9es r\u00e9gionales et \n d\u00e9partementales ainsi que les r\u00e9ponses aux interventions des parlementaires, des  \nconseillers d\u00e9partementaux et r\u00e9gionaux ;\n\u2013 toutes correspondances adress\u00e9es au pr\u00e9fet de r\u00e9gion et aux directeurs r\u00e9gionaux.\nTITRE IV\nD\u00c9L\u00c9GATION EN CAS D'ABSENCE OU D'EMP\u00caCHEMENT \nArti  cle 5     :   En cas d'absence ou d'emp\u00eachement de Mme Anne LEVASSEUR , sous-pr\u00e9f\u00e8te de\nl'arrondissement du Vigan, la d\u00e9l\u00e9gation de signature qui lui est consentie \u00e0 l'article 1 du titre\nI et \u00e0 l'article 2 du titre II du pr\u00e9sent arr\u00eat\u00e9 pourra \u00eatre exerc\u00e9e par M. Emile SOUMBO, sous-\npr\u00e9fet d'Al\u00e8s qui exercera les comp\u00e9tences qui se rattachent aux fonctions de sous-pr\u00e9fet du\nVigan et b\u00e9n\u00e9ficiera des d\u00e9l\u00e9gations de signature correspondantes d\u00e9finies par le pr\u00e9sent\narr\u00eat\u00e9.\nArticle 6  : En cas d'absence ou d'emp\u00each ement de Mme Anne LEVASSEUR, sous-pr\u00e9f\u00e8te du\nVigan, Mme V\u00e9ronique BOISSON , secr\u00e9taire g\u00e9n\u00e9rale de la sous-pr\u00e9fecture du Vigan, re\u00e7oit\nd\u00e9l\u00e9gation de signature pour les actes et les mati\u00e8res faisant l'objet de l'article 1er du titre I du\npr\u00e9sent arr\u00eat\u00e9, \u00e0 l'exception des mati\u00e8res   ci-apr\u00e8s d\u00e9sign\u00e9es     :  \nA \u2013 EN MATI\u00c8RE DE POLICE G\u00c9N\u00c9RALE ET DE POLICES SPECIALES\n\u2013 l'octroi du concours de la force publique pour l'ex\u00e9cution des jugements d'expulsion ;\nPrefecture du Gard - 30-2024-05-06-00004 - Arr\u00eat\u00e9 donnant d\u00e9l\u00e9gation de signature \u00e0 Mme Anne LEVASSEUR, sous-pr\u00e9f\u00e8re de\nl'arrondissement du Vigan 44\nB \u2013 EN MATI\u00c8RE D'ADMINISTRATION LOCALE\n\u2013 la substitution au maire dans les cas pr\u00e9vus par les articles L. 2122.34 et L.2215.1 du code\ng\u00e9n\u00e9ral des collectivit\u00e9s territoriales ;\n\u2013 d\u00e9livrance des cartes de maires et adjoints ;\n\u2013 les lettres d'observation et recours gracieux relatifs aux actes des collectivit\u00e9s locales, y\ncompris  le  contr\u00f4le  de  l\u00e9galit\u00e9  des  actes  d'occupation  des  sols  et  des  documents\nd'urbanisme, sur proposition de la direction d\u00e9partementale des Territoires et de la Mer ;\n\u2013 l'information, \u00e0 la demande de l'autorit\u00e9 locale, de l'intention de ne pas saisir le tribunal\nadministratif dans le cadre du contr\u00f4le administratif pr\u00e9vu par la loi du 2 mars 1982 ;\nC \u2013 EN MATI\u00c8RE D'ADMINISTRATION G\u00c9N\u00c9RALE\n\uf0a8 Environnement, salubrit\u00e9 et sant\u00e9 publique  \n\u2013 les proc\u00e9dures de d\u00e9claration et d'autorisation pr\u00e9vues par l'article 10 de la loi n\u00b0 92.3 du 3\njanvier 1992 sur l'eau ;\n\u2013 les arr\u00eat\u00e9s de composition de la commission m\u00e9dicale d'aptitude des conducteurs et des\ncandidats au permis de conduire sur l'arrondissement du Vigan.\n\uf0a8 D\u00e9clarations d'utilit\u00e9 publique et servitudes  \n\u2013 les  proc\u00e9dures  d'expropriation  pour  cause  d'utilit\u00e9  publique  pr\u00e9vues  par  le  code  de\nl'expropriation ;\n\u2013 la proc\u00e9dure d'int\u00e9r\u00eat g\u00e9n\u00e9ral pr\u00e9vue aux articles 175 et 176 du code rural pour les travaux\nde  d\u00e9fense  des  for\u00eats  contre  l'incendie,  la  proc\u00e9dure  de  protection  contre  les  risques\nd'inondations ;\n\u2013 la proc\u00e9dure de d\u00e9claration d'utilit\u00e9 publique des travaux d'\u00e9lectricit\u00e9 et de gaz qui ne\nn\u00e9cessitent  que  l'\u00e9tablissement  des  servitudes  ainsi  que  les  conditions  d'\u00e9tablissement\ndesdites servitudes ;\n\u2013 la proc\u00e9dure d'\u00e9tablissement des servitudes d'appui, de passage, d'\u00e9lagage et d'abattage en\nvue de la construction ou de l'extension des lignes d'\u00e9nergie \u00e9lectrique ;\n\u2013 les autorisations de p\u00e9n\u00e9trer dans les propri\u00e9t\u00e9s priv\u00e9es pour l'\u00e9tablissement et l'entretien\ndes lignes et installations \u00e9lectriques et de t\u00e9l\u00e9communications ;\n\u2013 la  proc\u00e9dure  d'\u00e9tablissement  d'une  servitude  sur  les  fonds  priv\u00e9s  pour  la  pose  de\ncanalisations publiques d'eau ou d'assainissement pr\u00e9vue par la loi n\u00b0 62.904 du 4 ao\u00fbt\n1962 ;\n\u2013 les autorisations d'occupation temporaire des propri\u00e9t\u00e9s priv\u00e9es, pr\u00e9vues par la loi du 29\nd\u00e9cembre 1892.\nD \u2013 EN MATI\u00c8RE IMMOBILIERE\n\u2013 l'authenticit\u00e9 des actes int\u00e9ressant le domaine priv\u00e9 immobilier de l'\u00c9tat.\nE \u2013 EN MATI\u00c8RE \u00c9CONOMIQUE ET SOCIALE\n\u2013 la  signature  des  arr\u00eat\u00e9s  attributifs  de  subvention  en  ce  qui  concerne  la  dotation\nd'\u00e9quipement des territoires ruraux (DETR) ;\nArticle 7     :   l'arr\u00eat\u00e9 du 11 janvier 2024 publi\u00e9 au recueil des actes administratifs de la pr\u00e9fecture\ndu  Gard  sous  le  n\u00b0  30-2024-01-11-00002  donnant  d\u00e9l\u00e9gation  de  signature  \u00e0  Mme  Anne\nLEVASSEUR, sous-pr\u00e9f\u00e8te du Vigan est abrog\u00e9.\nPrefecture du Gard - 30-2024-05-06-00004 - Arr\u00eat\u00e9 donnant d\u00e9l\u00e9gation de signature \u00e0 Mme Anne LEVASSEUR, sous-pr\u00e9f\u00e8re de\nl'arrondissement du Vigan 45\nArticle 8     :   Le pr\u00e9sent arr\u00eat\u00e9 prend effet \u00e0 compter de sa publication.\nArticle 9 : La sous-pr\u00e9f\u00e8te du Vigan et  le sous-pr\u00e9fet d'Al\u00e8s sont charg\u00e9s, chacun en ce qui le\nconcerne, de l'ex\u00e9cution du pr\u00e9sent arr\u00eat\u00e9, qui sera publi\u00e9 au recueil des actes administratifs\nde la pr\u00e9fecture.\nN\u00eemes, le 6 mai 2024\nLe pr\u00e9fet,\n           sign\u00e9\n  J\u00e9r\u00f4me BONET\nPrefecture du Gard - 30-2024-05-06-00004 - Arr\u00eat\u00e9 donnant d\u00e9l\u00e9gation de signature \u00e0 Mme Anne LEVASSEUR, sous-pr\u00e9f\u00e8re de\nl'arrondissement du Vigan 46","date":"2024-05-06","first_seen_on":"2025-01-08T20:57:03+00:00","id":"2d00a4074c39301fbc1fd6761c5510c8cc0d5502e43f6509e9d7806dc1773884","name":"recueil-30-2024-071-special du 06 05 2024","pdf_creation_date":"2024-05-06T14:42:16+00:00","pdf_modification_date":null,"timezone":"CET","url":"https://www.gard.gouv.fr/contenu/telechargement/57647/431714/file/recueil-30-2024-071-special%20du%2006%2005%202024.pdf"}
