{"administration":"prefidf","administration_name":"Pr\u00e9fecture de la r\u00e9gion \u00cele-de-France","content":"PREFECTURE\nREGION ILE DE\nFRANCE\nRECUEIL DES ACTES\nADMINISTRATIFS SP\u00c9CIAL\n(NOMINATIFS)\nN\u00b0IDF-005-2025-12\nPUBLI\u00c9 LE  2 D\u00c9CEMBRE 2025\nSommaire\nAgence R\u00e9gionale de Sant\u00e9 / service r\u00e9gional des transports sanitaires\nIDF-2025-12-02-00001 - Arr\u00eat\u00e9 n\u00b0DOS-2025/4803 portant agr\u00e9ment\nde la SAS AMBULANCES MONTORGUEIL (2 pages) Page 3\nIDF-2025-12-01-00018 - Arr\u00eat\u00e9 n\u00b0DOS-2025/4804 portant transfert des\nlocaux  de la SAS AMBULANCES PROVIDENCE (2 pages) Page 6\nIDF-2025-12-01-00019 - Arr\u00eat\u00e9 n\u00b0DOS-2025/4805 portant transfert des\nlocaux de la SAS AMBULANCES SAFIR (2 pages) Page 9\n2\nAgence R\u00e9gionale de Sant\u00e9\nIDF-2025-12-02-00001\nArr\u00eat\u00e9 n\u00b0DOS-2025/4803 portant agr\u00e9ment de la\nSAS AMBULANCES MONTORGUEIL\nAgence R\u00e9gionale de Sant\u00e9 - IDF-2025-12-02-00001 - Arr\u00eat\u00e9 n\u00b0DOS-2025/4803 portant agr\u00e9ment de la SAS AMBULANCES\nMONTORGUEIL 3\nREPUBLIQUEFRANCAISELibert\u00e9Egalit\u00e9Fraternit\u00e9\ne \u00bb Agence R\u00e9gionale de Sant\u00e9Ile-de-France\n \n \n \n \n \n \n \nAGENCE R\u00c9GIONALE DE SANT\u00c9 \u00ceLE-DE-FRANCE \nARR\u00caT\u00c9 N\u00b0DOS-2025/4803 \nPortant agr\u00e9ment de la SAS AMBULANCES MONTORGUEIL \n(75020 Paris)  \n \nLE DIRECTEUR G\u00c9N\u00c9RAL DE L'AGENCE R\u00c9GIONALE DE SANT\u00c9 \u00ceLE-DE-FRANCE \n \n \nVU le Code de la Sant\u00e9 Publique et notamment ses articles L.6311-1 \u00e0 L.6311-2, L.6312-1 \u00e0 L.6312-\n5, L.6313-1, R.6312-1 \u00e0 R.6312-23, R.6312-29 \u00e0 R.6312-43, R.6313-5 \u00e0 R.6313-7-1 ;   \n \nVU la loi n\u00b0 2009-879 du 21 juillet 2009 portant r\u00e9forme de l'h\u00f4pital et relative aux patients, \u00e0 la sant\u00e9 \net aux territoires ; \n \nVU le d\u00e9cret n\u00b0 2010 -344 du 31 mars 2010 tirant les cons\u00e9quences, au niveau r\u00e8glementaire, de \nl'intervention de la loi n\u00b0 2009 -879 du 21 juillet 2009 portant r\u00e9forme de l'h\u00f4pital et relative aux \npatients, \u00e0 la sant\u00e9 et aux territoires ;  \n \nVU le d\u00e9cret du 10 avril 2024  portant nomination de Monsieur Denis ROBIN, Directeur g\u00e9n\u00e9ral de \nl'Agence r\u00e9gionale de sant\u00e9 \u00cele de France \u00e0 compter du 29 avril 2024 ; \n \nVU l'arr\u00eat\u00e9 minist\u00e9riel du 21 d\u00e9cembre 1987 modifi\u00e9 relatif \u00e0 la composition du dossier d'agr\u00e9ment \ndes personnes effectuant des transports sanitaires terrestres et au contr\u00f4le des v\u00e9hicules \naffect\u00e9s aux transports sanitaires ; \n \nVU l'arr\u00eat\u00e9 du 12 d\u00e9cembre 2017  modifi\u00e9 fixant les caract\u00e9ristiques et les installations mat\u00e9rielles \nexig\u00e9es pour les v\u00e9hicules affect\u00e9s aux transports sanitaires terrestres ; \n \nVU l'arr\u00eat\u00e9 DS N\u00b0034/2024 du Directeur g\u00e9n\u00e9ral de l'Agence r\u00e9gionale  de sant\u00e9 \u00cele de France en \ndate du 29 avril 2024, portant d\u00e9l\u00e9gation de signature \u00e0 Monsieur Arnaud CORVAISIER, \nDirecteur de l'offre de soins, et \u00e0 certains de ses collaborateurs ; \n \nVU le dossier de demande d'agr\u00e9ment pr\u00e9sent\u00e9 par  Monsieur Ahmed MAHMOUD , responsable \nl\u00e9gal de la SAS AMBULANCES MONTORGEUIL, sise 23, rue Pelleport \u00e0 Paris (75020) ; \n \nCONSIDERANT l'accord de transfert de l'autorisation de mise en service d'un v\u00e9hicule de cat\u00e9gorie C \ntype A immatricul\u00e9 GS-809-MV provenant de la soci\u00e9t\u00e9 AMBULANCES MONTAIGNE \u00e0 Paris (75020) \nd\u00e9livr\u00e9 par les services de l'ARS Ile de France le 22 septembre 2025 ; \n \nCONSIDERANT l'accord de transfert de l'autorisation de mise en service d'un v\u00e9hicule de cat\u00e9gorie C \ntype A  immatricul\u00e9 HB-733-WD provenant de la soci\u00e9t\u00e9 AMBULANCES DU FAUBOURG  \u00e0 Paris \n(75020) d\u00e9livr\u00e9 par les services de l'ARS Ile de France le 22 septembre 2025 ; \n \nCONSIDERANT la conformit\u00e9 du dossier de demande d'agr\u00e9ment, des installations mat\u00e9rielles, des \nv\u00e9hicules et des \u00e9quipages, aux dispositions du code de la sant\u00e9 publique et des arr\u00eat\u00e9s ci -dessus \nvis\u00e9s relatifs \u00e0 la composition du dossier d'agr\u00e9ment et fixant les carac t\u00e9ristiques exig\u00e9es pour les \nv\u00e9hicules et les installations mat\u00e9rielles affect\u00e9s aux transports sanitaires terrestres  ; \nAgence R\u00e9gionale de Sant\u00e9 - IDF-2025-12-02-00001 - Arr\u00eat\u00e9 n\u00b0DOS-2025/4803 portant agr\u00e9ment de la SAS AMBULANCES\nMONTORGUEIL 4\n2 \n \n \nCONSIDERANT l'attestation sur l'honneur du responsable l\u00e9gal de la soci\u00e9t\u00e9 relative \u00e0 la conformit\u00e9 \ndes installations mat\u00e9rielles, aux normes d\u00e9finies par l'arr\u00eat\u00e9 du 12 d\u00e9cembre 2017 ci-dessus vis\u00e9 ainsi \nqu'aux normes d'hygi\u00e8ne et de salubrit\u00e9 ; \n \nCONSIDERANT les attestations sur l'honneur du responsable l\u00e9gal de la soci\u00e9t\u00e9 relative \u00e0 la conformit\u00e9 \ndes v\u00e9hicules de transports sanitaires, aux normes d\u00e9finies par l'arr\u00eat\u00e9 du 12 d\u00e9cembre 2017 ci-dessus \nvis\u00e9 ; \n \n \nARR\u00caTE \n \n \nARTICLE 1er :  La SAS AMBULANCES MONTORGEUIL, sise 23, rue Pelleport \u00e0 Paris (75020) dont le \nresponsable l\u00e9gal est Monsieur Ahmed MAHMOUD est agr\u00e9\u00e9e sous le n\u00b0 ARS-IDF-TS/431 \u00e0 compter \nde la date du pr\u00e9sent arr\u00eat\u00e9. \n \n ARTICLE 2 : La liste des v\u00e9hicules et des personnels composant les \u00e9quipages est pr\u00e9cis\u00e9e en annexe \nau pr\u00e9sent arr\u00eat\u00e9. \n \nARTICLE 3  : La pr\u00e9sente d\u00e9cision peut faire l'objet d'un recours gracieux aupr\u00e8s de Monsieur le \nDirecteur g\u00e9n\u00e9ral de l'Agence r\u00e9gionale de sant\u00e9, sise 13, rue du Landy 93200 Saint-Denis. \n Un recours contentieux peut \u00e9galement \u00eatre d\u00e9pos\u00e9 aupr\u00e8s du tribunal administratif comp\u00e9tent.   \n Le d\u00e9lai de recours est de deux mois \u00e0 compter de la notification de l'arr\u00eat\u00e9 pour l'int\u00e9ress\u00e9 ou de sa \npublication pour les tiers. \n Ces recours n'ont pas pour effet de suspendre le caract\u00e8re ex\u00e9cutoire de la pr\u00e9sente d\u00e9cision.    \n \nARTICLE 4 : Le Directeur de l'offre de soins est charg\u00e9 de l'ex\u00e9cution du pr\u00e9sent arr\u00eat\u00e9, qui sera publi\u00e9 \nau Recueil des Actes Administratifs des services de l'\u00c9tat. \n \n \nFait \u00e0 Saint-Denis, le 02 d\u00e9cembre 2025                              \n \nP/Le Directeur g\u00e9n\u00e9ral \nde l'Agence r\u00e9gionale de sant\u00e9 \nIle-de-France, \nLa Responsable du Service r\u00e9gional \ndes transports sanitaires, \n \n \n \n \n \nS\u00e9verine TEISSEDRE \n \n \nSign\u00e9 \nAgence R\u00e9gionale de Sant\u00e9 - IDF-2025-12-02-00001 - Arr\u00eat\u00e9 n\u00b0DOS-2025/4803 portant agr\u00e9ment de la SAS AMBULANCES\nMONTORGUEIL 5\nAgence R\u00e9gionale de Sant\u00e9\nIDF-2025-12-01-00018\nArr\u00eat\u00e9 n\u00b0DOS-2025/4804 portant transfert des\nlocaux  de la SAS AMBULANCES PROVIDENCE\nAgence R\u00e9gionale de Sant\u00e9 - IDF-2025-12-01-00018 - Arr\u00eat\u00e9 n\u00b0DOS-2025/4804 portant transfert des locaux  de la SAS AMBULANCES\nPROVIDENCE 6\nREPUBLIQUEFRANCAISELibert\u00e9Egalit\u00e9Fraternit\u00e9\ne \u00bb Agence R\u00e9gionale de Sant\u00e9Ile-de-France\n \n \n \n \n \n \n \nAGENCE R\u00c9GIONALE DE SANT\u00c9 \u00ceLE-DE-FRANCE \nARR\u00caT\u00c9 N\u00b0DOS-2025/4804 \nportant transfert des locaux de la SAS AMBULANCES PROVIDENCE \n(91160 Saulx-les-Chartreux) \n \nLE DIRECTEUR G\u00c9N\u00c9RAL DE L'AGENCE R\u00c9GIONALE DE SANT\u00c9 \u00ceLE-DE-FRANCE \n \n \nVU le Code de la Sant\u00e9 Publique et notamment ses articles L.6311-1 \u00e0 L.6311-2, L.6312-1 \u00e0 L.6312-\n5, L.6313-1, R.6312-1 \u00e0 R.6312-23, R.6312-29 \u00e0 R.6312-43, R.6313-5 \u00e0 R.6313-7-1 ; \n \nVU la loi n\u00b0 2009-879 du 21 juillet 2009 portant r\u00e9forme de l'h\u00f4pital et relative aux patients, \u00e0 la sant\u00e9 \net aux territoires ; \n \nVU le d\u00e9cret n\u00b0 2010 -344 du 31 mars 2010 tirant les cons\u00e9quences, au niveau r\u00e8glementaire, de \nl'intervention de la loi n\u00b0 2009 -879 du 21 juillet 2009 portant r\u00e9forme de l'h\u00f4pital et relative aux \npatients, \u00e0 la sant\u00e9 et aux territoires ; \n \nVU le d\u00e9cret du 10 avril 2024  portant nomination de Monsieur Denis ROBIN, Directeur g\u00e9n\u00e9ral de \nl'Agence r\u00e9gionale d'\u00cele de France \u00e0 compter du 29 avril 2024 ; \n \nVU l'arr\u00eat\u00e9 minist\u00e9riel du 21 d\u00e9cembre 1987 modifi\u00e9 relatif \u00e0 la composition du dossier d'agr\u00e9ment \ndes personnes effectuant des transports sanitaires terrestres et au contr\u00f4le des v\u00e9hicules \naffect\u00e9s aux transports sanitaires ; \n \nVU l'arr\u00eat\u00e9 du 12 d\u00e9cembre 2017  modifi\u00e9 fixant les caract\u00e9ristiques et les installations mat\u00e9rielles \nexig\u00e9es pour les v\u00e9hicules affect\u00e9s aux transports sanitaires terrestres ; \n \nVU l'arr\u00eat\u00e9 DS N\u00b0034/2024 du Directeur g\u00e9n\u00e9ral de l'Agence r\u00e9gionale d'\u00cele de France en date du \n29 avril 2024, portant d\u00e9l\u00e9gation de signature \u00e0 Monsieur Arnaud CORVAISIER, Directeur de \nl'offre de soins, et \u00e0 certains de ses collaborateurs ; \n \nVU l'arr\u00eat\u00e9 n\u00b0 ARS 91-2014-AMB-A-45 du Directeur g\u00e9n\u00e9ral de l'Agence r\u00e9gionale de sant\u00e9 Ile de \nFrance en date du 10 juin 2014 , portant agr\u00e9ment sous  le n\u00b0  91-14-115, de la SAS \nAMBULANCES PROVIDENCE, sise 26, rue L\u00e9on Chartier \u00e0 Saulx -les-Chartreux (91160), dont \nle pr\u00e9sident est Monsieur Abdelkrim KHEIRI. ; \n \n \nCONSIDERANT l'accord de tran sfert des autorisations de mise  en service, de deux  v\u00e9hicules de \ncat\u00e9gorie C type A immatricul\u00e9s FS-621-VY et HD-732-FC, et d'un v\u00e9hicule de cat\u00e9gorie D immatricul\u00e9 \nGA-742-MP, d\u00e9livr\u00e9 par les services de l'ARS Ile-de-France le 19 d\u00e9cembre 2024 ; \n \nCONSIDERANT la demande de modification de l'agr\u00e9ment d\u00e9pos\u00e9e par le responsable l\u00e9gal de la \nsoci\u00e9t\u00e9 relative au transfert des locaux ; \n \nCONSIDERANT la conformit\u00e9 du dossier de demande de transfert des locaux aux dispositions de \nl'arr\u00eat\u00e9 du 21 d\u00e9cembre 1987 modifi\u00e9 ci-dessus vis\u00e9 ; \nAgence R\u00e9gionale de Sant\u00e9 - IDF-2025-12-01-00018 - Arr\u00eat\u00e9 n\u00b0DOS-2025/4804 portant transfert des locaux  de la SAS AMBULANCES\nPROVIDENCE 7\n2 \n \n \nCONSIDERANT l'attestation sur l'honneur relative \u00e0 la conformit\u00e9 des installations mat\u00e9rielles, aux \nnormes d\u00e9finies par l'arr\u00eat\u00e9 du 12 d\u00e9cembre 2017 ci -dessus vis\u00e9 ainsi qu'aux normes d'hygi\u00e8ne et de \nsalubrit\u00e9 ; \n \n \nARR\u00caTE \n \nARTICLE 1er : La SAS AMBULANCES PROVIDENCE est autoris\u00e9e \u00e0 transf\u00e9rer ses locaux du 26, rue \nL\u00e9on Chartier \u00e0 Saulx -les-Chartreux (91160),  au 5, r\u00e9sidence des Jonquilles \u00e0 Villebon -sur-Yvette \n(91140) \u00e0 la date du pr\u00e9sent arr\u00eat\u00e9.    \n \nARTICLE 2  : La pr\u00e9sente d\u00e9cision peut faire l'objet d'un recours gracieux aupr\u00e8s de Monsieur le \nDirecteur g\u00e9n\u00e9ral de l'Agence r\u00e9gionale de sant\u00e9, sise 13, rue du Landy 93200 Saint-Denis. \n Un recours contentieux peut \u00e9galement \u00eatre d\u00e9pos\u00e9 aupr\u00e8s du tribunal administratif comp\u00e9tent.   \n Le d\u00e9lai de recours est de deux mois \u00e0 compter de la notification de l'arr\u00eat\u00e9 pour l'int\u00e9ress\u00e9 ou de sa \npublication pour les tiers. \n Ces recours n'ont pas pour effet de suspendre le caract\u00e8re ex\u00e9cutoire de la pr\u00e9sente d\u00e9cision.    \n \nARTICLE 3 : Le Directeur de l'offre de soins est charg\u00e9 de l'ex\u00e9cution du pr\u00e9sent arr\u00eat\u00e9, qui sera publi\u00e9 \nau Recueil des Actes Administratifs des services de l'\u00c9tat.  \n \n \n \n \nFait \u00e0 Saint-Denis, le 01 d\u00e9cembre 2025          \n \nP/Le Directeur g\u00e9n\u00e9ral \nde l'Agence r\u00e9gionale de sant\u00e9 \nIle-de-France,  \nLa Responsable du service r\u00e9gional \ndes transports sanitaires, \n \n \n \n \n \nS\u00e9verine TEISSEDRE \n \nSign\u00e9 \nAgence R\u00e9gionale de Sant\u00e9 - IDF-2025-12-01-00018 - Arr\u00eat\u00e9 n\u00b0DOS-2025/4804 portant transfert des locaux  de la SAS AMBULANCES\nPROVIDENCE 8\nAgence R\u00e9gionale de Sant\u00e9\nIDF-2025-12-01-00019\nArr\u00eat\u00e9 n\u00b0DOS-2025/4805 portant transfert des\nlocaux de la SAS AMBULANCES SAFIR\nAgence R\u00e9gionale de Sant\u00e9 - IDF-2025-12-01-00019 - Arr\u00eat\u00e9 n\u00b0DOS-2025/4805 portant transfert des locaux de la SAS AMBULANCES\nSAFIR 9\nREPUBLIQUEFRANCAISELibert\u00e9Egalit\u00e9Fraternit\u00e9\ne \u00bb Agence R\u00e9gionale de Sant\u00e9Ile-de-France\n \n \n \n \n \n \n \nAGENCE R\u00c9GIONALE DE SANT\u00c9 \u00ceLE-DE-FRANCE \nARR\u00caT\u00c9 N\u00b0DOS-2025/4805 \nportant transfert des locaux et changement de responsable l\u00e9gal                                                  \nde la SAS AMBULANCES SAFIR \n(91330 Yerres) \n \nLE DIRECTEUR G\u00c9N\u00c9RAL DE L'AGENCE R\u00c9GIONALE DE SANT\u00c9 \u00ceLE-DE-FRANCE \n \n \nVU le Code de la Sant\u00e9 Publique et notamment ses articles L.6311-1 \u00e0 L.6311-2, L.6312-1 \u00e0 L.6312-\n5, L.6313-1, R.6312-1 \u00e0 R.6312-23, R.6312-29 \u00e0 R.6312-43, R.6313-5 \u00e0 R.6313-7-1 ; \n \nVU la loi n\u00b0 2009-879 du 21 juillet 2009 portant r\u00e9forme de l'h\u00f4pital et relative aux patients, \u00e0 la sant\u00e9 \net aux territoires ; \n \nVU le d\u00e9cret n\u00b0 2010 -344 du 31 mars 2010 tirant les cons\u00e9quences, au niveau r\u00e8glementaire, de \nl'intervention de la loi n\u00b0 2009 -879 du 21 juillet 2009 portant r\u00e9forme de l'h\u00f4pital et relative aux \npatients, \u00e0 la sant\u00e9 et aux territoires ; \n \nVU le d\u00e9cret du 10 avril 2024  portant nomination de Monsieur Denis ROBIN, Directeur g\u00e9n\u00e9ral de \nl'Agence r\u00e9gionale d'\u00cele de France \u00e0 compter du 29 avril 2024 ; \n \nVU l'arr\u00eat\u00e9 minist\u00e9riel du 21 d\u00e9cembre 1987 modifi\u00e9 relatif \u00e0 la composition du dossier d'agr\u00e9ment \ndes personnes effectuant des transports sanitaires terrestres et au contr\u00f4le des v\u00e9hicules \naffect\u00e9s aux transports sanitaires ; \n \nVU l'arr\u00eat\u00e9 du 12 d\u00e9cembre 2017  modifi\u00e9 fixant les caract\u00e9ristiques et les installations mat\u00e9rielles \nexig\u00e9es pour les v\u00e9hicules affect\u00e9s aux transports sanitaires terrestres ; \n \nVU l'arr\u00eat\u00e9 DS N\u00b0034/2024 du Directeur g\u00e9n\u00e9ral de l'Agence r\u00e9gionale d'\u00cele de France en date du \n29 avril 2024, portant d\u00e9l\u00e9gation de signature \u00e0 Monsieur Arnaud CORVAISIER, Directeur de \nl'offre de soins, et \u00e0 certains de ses collaborateurs ; \n \nVU l'arr\u00eat\u00e9 n\u00b0 DOS-2024/4161 du Directeur g\u00e9n\u00e9ral de l'Agence r\u00e9gionale de sant\u00e9 Ile de France en \ndate du 09 octobre 2024 , portant agr\u00e9ment sous  le n\u00b0  ARS-IDF-TS/371, de la SAS \nAMBULANCES SAFIR , sise 18, rue Henri Barbusse \u00e0 Yerres (91330)  dont la pr\u00e9sidente \nest Madame Fiona DJAOUT ; \n \n \nCONSIDERANT l'accord de transfert des autorisations de mise en service, des v\u00e9hicules de cat\u00e9gorie \nC type A immatricul\u00e9s FN-328-XA et FT-715-PQ d\u00e9livr\u00e9 par les services de l'ARS Ile-de-France le 10 \nf\u00e9vrier 2025 ; \n \nCONSIDERANT la demande de modification de l'agr\u00e9ment d\u00e9pos\u00e9e par la responsable l\u00e9gale de la \nsoci\u00e9t\u00e9 relative au transfert des locaux ; \n \nAgence R\u00e9gionale de Sant\u00e9 - IDF-2025-12-01-00019 - Arr\u00eat\u00e9 n\u00b0DOS-2025/4805 portant transfert des locaux de la SAS AMBULANCES\nSAFIR 10\n2 \n \nCONSIDERANT la conformit\u00e9 du dossier de demande de transfert des locaux  et changement de \nresponsable l\u00e9gal aux dispositions de l'arr\u00eat\u00e9 du 21 d\u00e9cembre 1987 modifi\u00e9 ci-dessus vis\u00e9 ; \n \nCONSIDERANT l'attestation sur l'honneur relative \u00e0 la conformit\u00e9 des installations mat\u00e9rielles, aux \nnormes d\u00e9finies par l'arr\u00eat\u00e9 du 12 d\u00e9cembre 2017 ci -dessus vis\u00e9 ainsi qu'aux normes d'hygi\u00e8ne et de \nsalubrit\u00e9 ; \n \n \nARR\u00caTE \n \nARTICLE 1er : La SAS AMBULANCES SAFIR  est autoris\u00e9e \u00e0 transf\u00e9rer ses locaux du 18, rue Henri \nBarbusse \u00e0 Yerres (91330) au 12, rue Ren\u00e9 Haby \u00e0 Montgeron (91230) \u00e0 la date du pr\u00e9sent arr\u00eat\u00e9.  \nMonsieur Samy DJAOUT est nomm\u00e9 Directeur g\u00e9n\u00e9ral de la SAS AMBULANCES SAFIR.    \n \nARTICLE 2  : La pr\u00e9sente d\u00e9cision peut faire l'objet d'un recours gracieux aupr\u00e8s de Monsieur le \nDirecteur g\u00e9n\u00e9ral de l'Agence r\u00e9gionale de sant\u00e9, sise 13, rue du Landy 93200 Saint-Denis. \n Un recours contentieux peut \u00e9galement \u00eatre d\u00e9pos\u00e9 aupr\u00e8s du tribunal administratif comp\u00e9tent.   \n Le d\u00e9lai de recours est de deux mois \u00e0 compter de la notification de l'arr\u00eat\u00e9 pour l'int\u00e9ress\u00e9 ou de sa \npublication pour les tiers. \n Ces recours n'ont pas pour effet de suspendre le caract\u00e8re ex\u00e9cutoire de la pr\u00e9sente d\u00e9cision.    \n \nARTICLE 3 : Le Directeur de l'offre de soins est charg\u00e9 de l'ex\u00e9cution du pr\u00e9sent arr\u00eat\u00e9, qui sera publi\u00e9 \nau Recueil des Actes Administratifs des services de l'\u00c9tat.  \n \n \n \n \nFait \u00e0 Saint-Denis, le 01 d\u00e9cembre 2025          \n \nP/Le Directeur g\u00e9n\u00e9ral \nde l'Agence r\u00e9gionale de sant\u00e9 \nIle-de-France,  \nLa Responsable du service r\u00e9gional \ndes transports sanitaires, \n \n \n \n \n \nS\u00e9verine TEISSEDRE \n \nSign\u00e9 \nAgence R\u00e9gionale de Sant\u00e9 - IDF-2025-12-01-00019 - Arr\u00eat\u00e9 n\u00b0DOS-2025/4805 portant transfert des locaux de la SAS AMBULANCES\nSAFIR 11","date":"2025-12-02","first_seen_on":"2025-12-02T19:57:39+00:00","id":"2d30f3a97cc10606ae3bd0d5241fe2ecdb8ec743dd568f26b0c7ee47ec452f48","name":"recueil-idf-005-2025-12-RAA-nominatifs du 02.12.2025","pdf_creation_date":"2025-12-02T16:06:05+00:00","pdf_modification_date":null,"timezone":"Europe/Paris","url":"https://www.prefectures-regions.gouv.fr/ile-de-france/irecontenu/telechargement/133262/977466/file/recueil-idf-005-2025-12-RAA-nominatifs%20du%2002.12.2025.pdf"}
