{"administration":"pref83","administration_name":"Pr\u00e9fecture du Var","content":"VAR\nRECUEIL DES ACTES\nADMINISTRATIFS\nN\u00b083-2026-028\nPUBLI\u00c9 LE 23 JANVIER 2026\nSommaire\nPr\u00e9fecture du VAR / Direction de la citoyennet\u00e9 et de la l\u00e9galit\u00e9\n83-2026-01-19-00018 - ARRETE PREFECTORAL N\u00b0 DCL-BFL-2026-030 et son\nannexe du 19 janvier 2026\nPortant versement pr\u00e9visionnel des\ncompensations de la r\u00e9duction\nde 50 % des valeurs locatives au titre de\nla taxe fonci\u00e8re sur les propri\u00e9t\u00e9s b\u00e2ties\net de la cotisation\nfonci\u00e8re des entreprises des locaux industriels\nau profit des communes\ndu Var et \u00e9tablissements publics de coop\u00e9ration intercommunale\n\u00e0\nfiscalit\u00e9 propre du Var - Ann\u00e9e 2026 (6 pages) Page 3\n83-2026-01-19-00020 - ARRETE PREFECTORAL N\u00b0 DCL/BFL/2026-024 et son\nannexe du 19 janvier 2026\nPortant versement de la dotation de\ncompensation\nde la r\u00e9forme de la taxe professionnelle\n(DCRTP)\nAnn\u00e9e 2026 (communes) (3 pages) Page 10\n83-2026-01-19-00019 - ARRETE PREFECTORAL N\u00b0 DCL/BFL/2026-025 du 19\njanvier 2026\nPortant versement de la dotation de compensation\nde la\nr\u00e9forme de la taxe professionnelle (DCRTP)\nAnn\u00e9e 2026 -\nD\u00e9partement (2 pages) Page 14\n83-2026-01-19-00021 - ARRETE PREFECTORAL N\u00b0 DCL/BFL/2026-026 et son\nannexe du 19 janvier 2026\nPortant versement de la dotation de\ncompensation\nde la r\u00e9forme de la taxe professionnelle\n(DCRTP)\nAnn\u00e9e 2026 (EPCI) (3 pages) Page 17\nPr\u00e9fecture du VAR / Direction des s\u00e9curit\u00e9s\n83-2026-01-23-00003 - AP\nautorisant la captation, l'enregistrement et\nla transmission\nd'images au moyen de cam\u00e9ras install\u00e9es sur des\na\u00e9ronefs (4 pages) Page 21\n2\nPr\u00e9fecture du VAR\n83-2026-01-19-00018\nARRETE PREFECTORAL N\u00b0 DCL-BFL-2026-030 et\nson annexe du 19 janvier 2026\nPortant versement pr\u00e9visionnel des\ncompensations de la r\u00e9duction\nde 50 % des valeurs locatives au titre de la taxe\nfonci\u00e8re sur les propri\u00e9t\u00e9s b\u00e2ties\net de la cotisation fonci\u00e8re des entreprises des\nlocaux industriels\nau profit des communes du Var et\n\u00e9tablissements publics de coop\u00e9ration\nintercommunale \u00e0\nfiscalit\u00e9 propre du Var - Ann\u00e9e 2026\nPr\u00e9fecture du VAR - 83-2026-01-19-00018 - ARRETE PREFECTORAL N\u00b0 DCL-BFL-2026-030 et son annexe du 19 janvier 2026\nPortant versement pr\u00e9visionnel des compensations de la r\u00e9duction\nde 50 % des valeurs locatives au titre de la taxe fonci\u00e8re sur les propri\u00e9t\u00e9s b\u00e2ties\net de la cotisation fonci\u00e8re des entreprises des locaux industriels\nau profit des communes du Var et \u00e9tablissements publics de coop\u00e9ration intercommunale \u00e0\nfiscalit\u00e9 propre du Var - Ann\u00e9e 2026\n3\nDirection de la citoyennet\u00e9 et de la l\u00e9galit\u00e9\nBureau des finances locales\nARRETE PREFECTORAL N\u00b0 DCL-BFL-2026-030 et son annexe du 19 janvier 2026\nPortant versement pr\u00e9visionnel des compensations de la r\u00e9duction\nde 50 % des valeurs locatives au titre de la taxe fonci\u00e8re sur les propri\u00e9t\u00e9s b\u00e2ties\net de la cotisation fonci\u00e8re des entreprises des locaux industriels\nau profit des communes du Var et \u00e9tablissements publics de coop\u00e9ration intercommunale \u00e0\nfiscalit\u00e9 propre du Var \u2013 Ann\u00e9e 2026\nLe pr\u00e9fet du Var,\nVu le XVIII du 8 du III de l'article 77 de la loi n\u00b0 2 009-1673 du 30 d\u00e9cembre 2009 de finances\npour 2010 ;\nVu l'article 41 de la loi n\u00b0 2017-1837 du 30 d\u00e9cembre 2017 de finances pour 2018 ;\nVu le 1\u00b0 du B du III de l'article 77 de la loi n\u00b0 2018-1317 du 28 d\u00e9cembre 2018 de finances pour\n2019 ;\nVu l'article 29 de la loi n\u00b0 2020-1721 du 29 d\u00e9cembre 2020 de finances pour 2021 ; \nVu la loi n\u00b0 2021-1900 du 30 d\u00e9cembre 2021 de finances pour 2022 ;\nVu l'article 2 de la loi n\u00b0 2025-1316 du 26 d\u00e9cembre 2025, sp\u00e9ciale, pr\u00e9vue par l'article 45 de\nla loi organique n\u00b0 2001-692 du 1er ao\u00fbt 2001 relative aux lois de finances\nVu le d\u00e9cret du Pr\u00e9sident de la R\u00e9publique du 15 mai 20 25 portant nomination de M. Simon\nBABRE en qualit\u00e9 de pr\u00e9fet du Var ;\nVu l'arr\u00eat\u00e9 pr\u00e9fectoral n\u00b0 2025/12/MCI du 2 juin 2025,  portant d\u00e9l\u00e9gation de signature \u00e0\nM. Lucien GIUDICELLI, secr\u00e9taire g\u00e9n\u00e9ral de la pr\u00e9fecture du Var ;\nSur proposition du secr\u00e9taire g\u00e9n\u00e9ral de la pr\u00e9fecture du Var,\nARRETE \nArticle  1er\n : Il est allou\u00e9 aux communes et aux \u00e9tablissements  publics de coop\u00e9ration\nintercommunale (EPCI) \u00e0 fiscalit\u00e9 propre du Var, au  titre des compensations relatives \u00e0 la\nr\u00e9duction des valeurs locatives prises en compte po ur le calcul de la taxe fonci\u00e8re sur les\npropri\u00e9t\u00e9s b\u00e2ties des \u00e9tablissements industriels et la cotisation fonci\u00e8re des entreprises, pour\nle 1er semestre 2026, une somme pr\u00e9visionnelle de 9 244 296 \u20ac (neuf millions  deux  cent\nquarante-quatre mille deux cent quatre-vingt-seize euros) qui sera vers\u00e9e selon les modalit\u00e9s\nd\u00e9finies \u00e0 l'article 2.\nPr\u00e9fecture du VAR - 83-2026-01-19-00018 - ARRETE PREFECTORAL N\u00b0 DCL-BFL-2026-030 et son annexe du 19 janvier 2026\nPortant versement pr\u00e9visionnel des compensations de la r\u00e9duction\nde 50 % des valeurs locatives au titre de la taxe fonci\u00e8re sur les propri\u00e9t\u00e9s b\u00e2ties\net de la cotisation fonci\u00e8re des entreprises des locaux industriels\nau profit des communes du Var et \u00e9tablissements publics de coop\u00e9ration intercommunale \u00e0\nfiscalit\u00e9 propre du Var - Ann\u00e9e 2026\n4\nLe tableau ci-annex\u00e9 pr\u00e9sente, pour chaque commune et chaque EPCI, le montant de\nl'allocation de compensation vers\u00e9 en 2025 ainsi qu e les montants pr\u00e9visionnels au titre du\n1er semestre 2026.\nArticle 2 : Les allocations vers\u00e9es en 2025 dont le montant \u00e9t ait inf\u00e9rieur \u00e0 1 200 \u20ac feront\nl'objet d'un versement unique courant 2026.\nLes allocations vers\u00e9es en 2025 dont le montant \u00e9ta it sup\u00e9rieur \u00e0 1 200 \u20ac feront l'objet de\nversements mensuels pour le 1\ner semestre 2026.\nLes montants d\u00e9finitifs pourront conduire \u00e0 des r\u00e9ajustements.\nArticle 3 : Ces sommes sont imput\u00e9es sur le compte 4651100000 \u2212  code CDR COL 7701000\n(non interfac\u00e9) \u00ab pr\u00e9l\u00e8vement sur les recettes de l '\u00c9tat au titre de la compensation de la\nr\u00e9duction de 50 % des valeurs locatives de TFPB et de CFE des locaux industriels\u00bb.\nArticle 4 : Le secr\u00e9taire g\u00e9n\u00e9ral de la pr\u00e9fecture et le dire cteur d\u00e9partemental des finances\npubliques du Var sont charg\u00e9s, chacun en ce qui le concerne, de l'ex\u00e9cution du pr\u00e9sent arr\u00eat\u00e9\nqui sera publi\u00e9 au recueil des actes administratifs de la pr\u00e9fecture du Var.\nToulon, le 19 janvier 2026\nPour le pr\u00e9fet et par d\u00e9l\u00e9gation,\nle secr\u00e9taire g\u00e9n\u00e9ral\nSign\u00e9\nLucien GIUDICELLI\nDans un d\u00e9lai de deux mois \u00e0 compter de la date de notification de la pr\u00e9sente d\u00e9cision, les recours suivants peuvent \u00eatre \nintroduits conform\u00e9ment aux dispositions des articles R. 421-1 et suivants du code de justice administrative :\n- un recours gracieux, adress\u00e9 \u00e0 : M. le Pr\u00e9fet du Var \u2013 Bd du 112\u00e8me r\u00e9giment d'infanterie- CS 31209 - 83070 TOULON CEDEX\nDans ce cas, le silence de l'administration vaut rejet implicite au terme d'un d\u00e9lai de deux mois.\nApr\u00e8s un recours gracieux, le d\u00e9lai du recours contentieux ne court qu'\u00e0 compter du rejet explicite ou implicite de ce recours.\n- un recours contentieux, en saisissant le Tribunal Administratif de Toulon : 5 rue Racine -BP 40510 - 83 041 TOULON CEDEX 9\nLe tribunal administratif peut \u00eatre saisi par l'application informatique \u00ab T\u00e9l\u00e9recours citoyens \u00bb accessible par le site internet \n\u00ab www.telerecours.fr \u00bb.\nPr\u00e9fecture du VAR - 83-2026-01-19-00018 - ARRETE PREFECTORAL N\u00b0 DCL-BFL-2026-030 et son annexe du 19 janvier 2026\nPortant versement pr\u00e9visionnel des compensations de la r\u00e9duction\nde 50 % des valeurs locatives au titre de la taxe fonci\u00e8re sur les propri\u00e9t\u00e9s b\u00e2ties\net de la cotisation fonci\u00e8re des entreprises des locaux industriels\nau profit des communes du Var et \u00e9tablissements publics de coop\u00e9ration intercommunale \u00e0\nfiscalit\u00e9 propre du Var - Ann\u00e9e 2026\n5\n1/4\nMontants pr\u00e9visionnels des Allocations \u00ab \u00c9tablissements Industriels \u00bb (de 50 % sur les TFPB et CFE)\nCOMMUNE\nADRETS DE L'ESTEREL 142 \u20ac 851 \u20ac\nAIGUINES\nAMPUS 0 \u20ac 0 \u20ac 0 \u20ac 0 \u20ac\nARCS SUR ARGENS (LES)\nARTIGNOSC SUR VERDON 667 \u20ac\nARTIGUES\nAUPS 0 \u20ac 0 \u20ac 0 \u20ac 0 \u20ac\nBAGNOLS EN FORET 0 \u20ac 0 \u20ac 0 \u20ac 0 \u20ac\nBANDOL 823 \u20ac\nBARGEME 0 \u20ac 0 \u20ac 0 \u20ac 0 \u20ac\nBARGEMON 0 \u20ac 0 \u20ac 0 \u20ac 0 \u20ac\nBARJOLS\nBASTIDE (LA) 0 \u20ac 0 \u20ac 0 \u20ac 0 \u20ac\nBAUDINARD SUR VERDON 414 \u20ac\nBAUDUEN\nBEAUSSET (LE) 985 \u20ac\nBELGENTIER 288 \u20ac 0 \u20ac 0 \u20ac 288 \u20ac\nBESSE SUR ISSOLE 509 \u20ac\nBORMES LES MIMOSAS\nBOURGUET (LE) 0 \u20ac 0 \u20ac 0 \u20ac 0 \u20ac\nBRAS 0 \u20ac 0 \u20ac 0 \u20ac 0 \u20ac\nBRENON 0 \u20ac 0 \u20ac 0 \u20ac 0 \u20ac\nBRIGNOLES\nBRUE AURIAC 973 \u20ac 0 \u20ac 0 \u20ac 973 \u20ac\nCABASSE 242 \u20ac\nLA CADIERE D'AZUR 154 \u20ac 924 \u20ac\nCALLAS\nCALLIAN 138 \u20ac 827 \u20ac\nCAMPS LA SOURCE 0 \u20ac 0 \u20ac 0 \u20ac 0 \u20ac\nCANNET DES MAURES (LE)\nCARCES 157 \u20ac 0 \u20ac 0 \u20ac 157 \u20ac\nCARNOULES\nCARQUEIRANNE 673 \u20ac\nCASTELLET (LE)\nCAVALAIRE SUR MER 128 \u20ac 770 \u20ac\nCELLE (LA) 237 \u20ac\nCHATEAUDOUBLE 108 \u20ac 0 \u20ac 0 \u20ac 108 \u20ac\nCHATEAUVERT 676 \u20ac\nCHATEAUVIEUX 0 \u20ac 0 \u20ac 0 \u20ac 0 \u20ac\nCLAVIERS 168 \u20ac 0 \u20ac 0 \u20ac 168 \u20ac\nCOGOLIN\nCOLLOBRIERES\nCOMPS SUR ARTUBY 509 \u20ac\nCORRENS 0 \u20ac 0 \u20ac 0 \u20ac 0 \u20ac\nCOTIGNAC 437 \u20ac\nCRAU (LA)\nCROIX VALMER (LA) 0 \u20ac 0 \u20ac 0 \u20ac 0 \u20ac\nCUERS\nCO M M UN ES : Versem ents pr\u00e9visionnels pour le 1er sem estre 2026\nMontant d\u00e9finitif \nvers\u00e9 en 2025\n(a)\nVersement mensuel \npr\u00e9visionnel 2026 de \njanvier \u00e0 juin \n(b = a/12)\nTotal pr\u00e9visionnel \n2026 de janvier \u00e0 juin\n(c= b X 6)\nVersement unique en \njuillet \n(pour commune < \u00e0 1.200 \u20ac \nen 2025)\n1 701 \u20ac\n17 702 \u20ac 1 475 \u20ac 8 851 \u20ac\n224 279 \u20ac 18 690 \u20ac 112 140 \u20ac\n8 006 \u20ac 4 003 \u20ac\n13 818 \u20ac 1 152 \u20ac 6 909 \u20ac\n9 876 \u20ac 4 938 \u20ac\n12 865 \u20ac 1 072 \u20ac 6 432 \u20ac\n4 968 \u20ac 2 484 \u20ac\n45 585 \u20ac 3 799 \u20ac 22 793 \u20ac\n11 825 \u20ac 5 913 \u20ac\n6 105 \u20ac 3 053 \u20ac\n354 378 \u20ac 29 532 \u20ac 177 189 \u20ac\n892 938 \u20ac 74 412 \u20ac 446 469 \u20ac\n2 907 \u20ac 1 454 \u20ac\n1 847 \u20ac\n15 662 \u20ac 1 305 \u20ac 7 831 \u20ac\n1 654 \u20ac\n41 781 \u20ac 3 482 \u20ac 20 891 \u20ac\n25 499 \u20ac 2 125 \u20ac 12 750 \u20ac\n8 077 \u20ac 4 039 \u20ac\n121 728 \u20ac 10 144 \u20ac 60 864 \u20ac\n1 540 \u20ac\n2 841 \u20ac 1 421 \u20ac\n8 110 \u20ac 4 055 \u20ac\n38 923 \u20ac 3 244 \u20ac 19 462 \u20ac\n12 218 \u20ac 1 018 \u20ac 6 109 \u20ac\n6 108 \u20ac 3 054 \u20ac\n5 244 \u20ac 2 622 \u20ac\n23 492 \u20ac 1 958 \u20ac 11 746 \u20ac\n25 606 \u20ac 2 134 \u20ac 12 803 \u20ac\nPr\u00e9fecture du VAR - 83-2026-01-19-00018 - ARRETE PREFECTORAL N\u00b0 DCL-BFL-2026-030 et son annexe du 19 janvier 2026\nPortant versement pr\u00e9visionnel des compensations de la r\u00e9duction\nde 50 % des valeurs locatives au titre de la taxe fonci\u00e8re sur les propri\u00e9t\u00e9s b\u00e2ties\net de la cotisation fonci\u00e8re des entreprises des locaux industriels\nau profit des communes du Var et \u00e9tablissements publics de coop\u00e9ration intercommunale \u00e0\nfiscalit\u00e9 propre du Var - Ann\u00e9e 2026\n6\n2/4\nCOMMUNE\nMontant d\u00e9finitif \nvers\u00e9 en 2025\n(a)\nVersement mensuel \npr\u00e9visionnel 2026 de \njanvier \u00e0 juin \n(b = a/12)\nTotal pr\u00e9visionnel \n2026 de janvier \u00e0 juin\n(c= b X 6)\nVersement unique en \njuillet \n(pour commune < \u00e0 1.200 \u20ac \nen 2025)\nDRAGUIGNAN\nENTRECASTEAUX 531 \u20ac 0 \u20ac 0 \u20ac 531 \u20ac\nESPARRON 499 \u20ac\nEVENOS 333 \u20ac\nFARLEDE (LA)\nFAYENCE 0 \u20ac 0 \u20ac 0 \u20ac 0 \u20ac\nFIGANIERES 265 \u20ac\nFLASSANS SUR ISSOLE 895 \u20ac\nFLAYOSC 843 \u20ac 0 \u20ac 0 \u20ac 843 \u20ac\nFORCALQUEIRET 227 \u20ac 0 \u20ac 0 \u20ac 227 \u20ac\nFOX AMPHOUX 0 \u20ac 0 \u20ac 0 \u20ac 0 \u20ac\nFREJUS\nGARDE (LA)\nGARDE FREINET (LA) 148 \u20ac 0 \u20ac 0 \u20ac 148 \u20ac\nGAREOULT 0 \u20ac 0 \u20ac 0 \u20ac 0 \u20ac\nGASSIN\nGINASSERVIS 346 \u20ac 0 \u20ac 0 \u20ac 346 \u20ac\nGONFARON 129 \u20ac 776 \u20ac\nGRIMAUD\nHYERES\nLAVANDOU (LE) 6 \u20ac 0 \u20ac 0 \u20ac 6 \u20ac\nLONDE DES MAURES (LA)\nLORGUES 341 \u20ac 0 \u20ac 0 \u20ac 341 \u20ac\nLUC (LE)\nMARTRE (LA) 0 \u20ac 0 \u20ac 0 \u20ac 0 \u20ac\nMAYONS (LES) 0 \u20ac 0 \u20ac 0 \u20ac 0 \u20ac\nMAZAUGUES 241 \u20ac\nMEOUNES LES MONTRIEUX 456 \u20ac\nMOISSAC BELLEVUE 0 \u20ac 0 \u20ac 0 \u20ac 0 \u20ac\nMOLE (LA)\nMONS 153 \u20ac 0 \u20ac 0 \u20ac 153 \u20ac\nMONTAUROUX\nMONTFERRAT 0 \u20ac 0 \u20ac 0 \u20ac 0 \u20ac\nMONTFORT SUR ARGENS 0 \u20ac 0 \u20ac 0 \u20ac 0 \u20ac\nMONTMEYAN 939 \u20ac\nMOTTE (LA)\nMUY (LE)\nNANS LES PINS 640 \u20ac\nNEOULES\nOLLIERES\nOLLIOULES\nPIERREFEU-DU-VAR\nPIGNANS 283 \u20ac 0 \u20ac 0 \u20ac 283 \u20ac\nPLAN-D'AUPS 0 \u20ac 0 \u20ac 0 \u20ac 0 \u20ac\nPLAN DE LA TOUR 122 \u20ac 732 \u20ac\nPONTEVES 19 \u20ac 0 \u20ac 0 \u20ac 19 \u20ac\nPOURCIEUX 377 \u20ac\nPOURRIERES\nPRADET (LE) 450 \u20ac\nPUGET-SUR-ARGENS\nPUGET-VILLE 361 \u20ac 0 \u20ac 0 \u20ac 361 \u20ac\nRAMATUELLE 654 \u20ac 0 \u20ac 0 \u20ac 654 \u20ac\n28 282 \u20ac 2 357 \u20ac 14 141 \u20ac\n5 989 \u20ac 2 995 \u20ac\n3 992 \u20ac 1 996 \u20ac\n194 216 \u20ac 16 185 \u20ac 97 108 \u20ac\n3 185 \u20ac 1 593 \u20ac\n10 743 \u20ac 5 372 \u20ac\n187 655 \u20ac 15 638 \u20ac 93 828 \u20ac\n666 555 \u20ac 55 546 \u20ac 333 278 \u20ac\n150 332 \u20ac 12 528 \u20ac 75 166 \u20ac\n1 552 \u20ac\n86 903 \u20ac 7 242 \u20ac 43 452 \u20ac\n106 447 \u20ac 8 871 \u20ac 53 224 \u20ac\n39 350 \u20ac 3 279 \u20ac 19 675 \u20ac\n182 990 \u20ac 15 249 \u20ac 91 495 \u20ac\n2 893 \u20ac 1 447 \u20ac\n5 471 \u20ac 2 736 \u20ac\n17 432 \u20ac 1 453 \u20ac 8 716 \u20ac\n24 263 \u20ac 2 022 \u20ac 12 132 \u20ac\n11 264 \u20ac 5 632 \u20ac\n27 908 \u20ac 2 326 \u20ac 13 954 \u20ac\n74 266 \u20ac 6 189 \u20ac 37 133 \u20ac\n7 684 \u20ac 3 842 \u20ac\n42 656 \u20ac 3 555 \u20ac 21 328 \u20ac\n47 617 \u20ac 3 968 \u20ac 23 809 \u20ac\n49 620 \u20ac 4 135 \u20ac 24 810 \u20ac\n597 324 \u20ac 49 777 \u20ac 298 662 \u20ac\n1 463 \u20ac\n4 528 \u20ac 2 264 \u20ac\n18 624 \u20ac 1 552 \u20ac 9 312 \u20ac\n5 397 \u20ac 2 699 \u20ac\n332 050 \u20ac 27 671 \u20ac 166 025 \u20ac\nPr\u00e9fecture du VAR - 83-2026-01-19-00018 - ARRETE PREFECTORAL N\u00b0 DCL-BFL-2026-030 et son annexe du 19 janvier 2026\nPortant versement pr\u00e9visionnel des compensations de la r\u00e9duction\nde 50 % des valeurs locatives au titre de la taxe fonci\u00e8re sur les propri\u00e9t\u00e9s b\u00e2ties\net de la cotisation fonci\u00e8re des entreprises des locaux industriels\nau profit des communes du Var et \u00e9tablissements publics de coop\u00e9ration intercommunale \u00e0\nfiscalit\u00e9 propre du Var - Ann\u00e9e 2026\n7\n3/4\nCOMMUNE\nMontant d\u00e9finitif \nvers\u00e9 en 2025\n(a)\nVersement mensuel \npr\u00e9visionnel 2026 de \njanvier \u00e0 juin \n(b = a/12)\nTotal pr\u00e9visionnel \n2026 de janvier \u00e0 juin\n(c= b X 6)\nVersement unique en \njuillet \n(pour commune < \u00e0 1.200 \u20ac \nen 2025)\nREGUSSE 555 \u20ac\nREVEST LES EAUX (LE)\nRIANS\nRIBOUX 0 \u20ac 0 \u20ac 0 \u20ac 0 \u20ac\nROCBARON\nROQUEBRUNE-SUR-ARGENS\nROQUEBRUSSANNE (LA) 380 \u20ac\nROQUE-ESCLAPON (LA) 0 \u20ac 0 \u20ac 0 \u20ac 0 \u20ac\nROUGIERS 360 \u20ac 0 \u20ac 0 \u20ac 360 \u20ac\nSTE ANASTASIE SUR ISSOLE 0 \u20ac 0 \u20ac 0 \u20ac 0 \u20ac\nSAINT-CYR-SUR-MER\nSAINT-JULIEN\nSAINT-MARTIN 0 \u20ac 0 \u20ac 0 \u20ac 0 \u20ac\nSAINTE MAXIME\nSAINT-MAXIMIN STE BAUME\nSAINT-PAUL-EN FORET 0 \u20ac 0 \u20ac 0 \u20ac 0 \u20ac\nSAINT-RAPHAEL\nSAINT TROPEZ 196 \u20ac\nSAINT ZACHARIE 0 \u20ac 0 \u20ac 0 \u20ac 0 \u20ac\nSALERNES\nSALLES SUR VERDON\nSANARY SUR MER 843 \u20ac 0 \u20ac 0 \u20ac 843 \u20ac\nSEILLANS 201 \u20ac\nSEILLONS SOURCE D'ARGENS 0 \u20ac 0 \u20ac 0 \u20ac 0 \u20ac\nSEYNE SUR MER (LA)\nSIGNES\nSILLANS-LA-CASCADE 0 \u20ac 0 \u20ac 0 \u20ac 0 \u20ac\nSIX-FOURS-LES-PLAGES\nSOLLIES-PONT\nSOLLIES-TOUCAS\nSOLLIES-VILLE 273 \u20ac\nTANNERON\nTARADEAU 0 \u20ac 0 \u20ac 0 \u20ac 0 \u20ac\nTAVERNES 170 \u20ac\nTHORONET (LE) 317 \u20ac\nTOULON\nTOURRETTES\nTOURTOUR 0 \u20ac 0 \u20ac 0 \u20ac 0 \u20ac\nTOURVES 637 \u20ac 0 \u20ac 0 \u20ac 637 \u20ac\nTRANS-EN-PROVENCE\nTRIGANCE 0 \u20ac 0 \u20ac 0 \u20ac 0 \u20ac\nVAL (LE)\nVALETTE (LA)\nVARAGES 342 \u20ac\nVERDIERE (LA) 189 \u20ac\nVERIGNON 0 \u20ac 0 \u20ac 0 \u20ac 0 \u20ac\nVIDAUBAN\nVILLECROZE 0 \u20ac 0 \u20ac 0 \u20ac 0 \u20ac\nVINON-SUR-VERDON\nVINS-SUR-CARAMY 700 \u20ac\nRAYOL-CANADEL (LE) 39 \u20ac 0 \u20ac 0 \u20ac 39 \u20ac\nSAINT MANDRIER 173 \u20ac\n6 657 \u20ac 3 329 \u20ac\n21 641 \u20ac 1 803 \u20ac 10 821 \u20ac\n38 462 \u20ac 3 205 \u20ac 19 231 \u20ac\n42 892 \u20ac 3 574 \u20ac 21 446 \u20ac\n92 121 \u20ac 7 677 \u20ac 46 061 \u20ac\n4 562 \u20ac 2 281 \u20ac\n21 497 \u20ac 1 791 \u20ac 10 749 \u20ac\n44 703 \u20ac 3 725 \u20ac 22 352 \u20ac\n12 641 \u20ac 1 053 \u20ac 6 321 \u20ac\n37 604 \u20ac 3 134 \u20ac 18 802 \u20ac\n63 699 \u20ac 5 308 \u20ac 31 850 \u20ac\n2 348 \u20ac 1 174 \u20ac\n29 901 \u20ac 2 492 \u20ac 14 951 \u20ac\n62 621 \u20ac 5 218 \u20ac 31 311 \u20ac\n2 406 \u20ac 1 203 \u20ac\n590 630 \u20ac 49 219 \u20ac 295 315 \u20ac\n1 031 010 \u20ac 85 918 \u20ac 515 505 \u20ac\n42 092 \u20ac 3 508 \u20ac 21 046 \u20ac\n16 687 \u20ac 1 391 \u20ac 8 343 \u20ac\n16 546 \u20ac 1 379 \u20ac 8 273 \u20ac\n3 273 \u20ac 1 637 \u20ac\n71 356 \u20ac 5 946 \u20ac 35 678 \u20ac\n2 043 \u20ac 1 022 \u20ac\n3 807 \u20ac 1 904 \u20ac\n1 174 215 \u20ac 97 851 \u20ac 587 108 \u20ac\n25 722 \u20ac 2 144 \u20ac 12 861 \u20ac\n110 929 \u20ac 9 244 \u20ac 55 465 \u20ac\n13 834 \u20ac 1 153 \u20ac 6 917 \u20ac\n65 791 \u20ac 5 483 \u20ac 32 896 \u20ac\n4 106 \u20ac 2 053 \u20ac\n2 269 \u20ac 1 135 \u20ac\n34 826 \u20ac 2 902 \u20ac 17 413 \u20ac\n171 673 \u20ac 14 306 \u20ac 85 836 \u20ac\n8 399 \u20ac 4 200 \u20ac\n2 072 \u20ac 1 036 \u20ac\nPr\u00e9fecture du VAR - 83-2026-01-19-00018 - ARRETE PREFECTORAL N\u00b0 DCL-BFL-2026-030 et son annexe du 19 janvier 2026\nPortant versement pr\u00e9visionnel des compensations de la r\u00e9duction\nde 50 % des valeurs locatives au titre de la taxe fonci\u00e8re sur les propri\u00e9t\u00e9s b\u00e2ties\net de la cotisation fonci\u00e8re des entreprises des locaux industriels\nau profit des communes du Var et \u00e9tablissements publics de coop\u00e9ration intercommunale \u00e0\nfiscalit\u00e9 propre du Var - Ann\u00e9e 2026\n8\n4/4\nCOMMUNE\nMontant d\u00e9finitif \nvers\u00e9 en 2025\n(a)\nVersement mensuel \npr\u00e9visionnel 2026 de \njanvier \u00e0 juin \n(b = a/12)\nTotal pr\u00e9visionnel \n2026 de janvier \u00e0 juin\n(c= b X 6)\nVersement unique en \njuillet \n(pour commune < \u00e0 1.200 \u20ac \nen 2025)\nSAINT ANTONIN DU VAR 120 \u20ac 720 \u20ac\nSous-total Communes\nEPCI  \nCA SUD SAINTE BAUME\nDRACENIE PROVENCE VERDON AGGLO\nESTEREL COTE D AZUR AGGLO\nCA PROVENCE VERTE\nMETROPOLE TOULON PROVENCE MEDITERRANEE\nCC LACS ET GORGES DU VERDON\nCC GOLFE DE SAINT TROPEZ\nCC PAYS DE FAYENCE\nCC MEDITERRANEE PORTE DES MAURES\nCC COEUR DU VAR\nCC VALLEE DU GAPEAU\nCC PROVENCE VERDON\nSous-total EPCI\nTotal communes + EPCI\n1 440 \u20ac\n8 769 894 \u20ac 730 205 \u20ac 4 381 230 \u20ac 7 485 \u20ac\nEPCI : Versements pr\u00e9visionnels pour le 1er semestre 2026\nMontant d\u00e9finitif \nvers\u00e9 en 2025 \n(TFPB + CFE)\n(a)\nVersement mensuel \npr\u00e9visionnel 2026 de \njanvier \u00e0 juin \n(b = a/12)\nTotal pr\u00e9visionnel \n2026 de janvier \u00e0 juin\n(c= b X 6)\n1 751 413 \u20ac 145 951 \u20ac 875 706 \u20ac\n656 505 \u20ac 54 709 \u20ac 328 254 \u20ac\n734 512 \u20ac 61 209 \u20ac 367 254 \u20ac\n1 789 873 \u20ac 149 156 \u20ac 894 936 \u20ac\n2 800 952 \u20ac 233 413 \u20ac 1 400 478 \u20ac\n158 576 \u20ac 13 215 \u20ac 79 290 \u20ac\n333 925 \u20ac 27 827 \u20ac 166 962 \u20ac\n211 120 \u20ac 17 593 \u20ac 105 558 \u20ac\n565 841 \u20ac 47 153 \u20ac 282 918 \u20ac\n360 368 \u20ac 30 031 \u20ac 180 186 \u20ac\n206 963 \u20ac 17 247 \u20ac 103 482 \u20ac\n156 079 \u20ac 13 007 \u20ac 78 042 \u20ac\n9 726 127 \u20ac 810 511 \u20ac 4 863 066 \u20ac\n1 540 716 \u20ac 9 244 296 \u20ac\nPr\u00e9fecture du VAR - 83-2026-01-19-00018 - ARRETE PREFECTORAL N\u00b0 DCL-BFL-2026-030 et son annexe du 19 janvier 2026\nPortant versement pr\u00e9visionnel des compensations de la r\u00e9duction\nde 50 % des valeurs locatives au titre de la taxe fonci\u00e8re sur les propri\u00e9t\u00e9s b\u00e2ties\net de la cotisation fonci\u00e8re des entreprises des locaux industriels\nau profit des communes du Var et \u00e9tablissements publics de coop\u00e9ration intercommunale \u00e0\nfiscalit\u00e9 propre du Var - Ann\u00e9e 2026\n9\nPr\u00e9fecture du VAR\n83-2026-01-19-00020\nARRETE PREFECTORAL N\u00b0 DCL/BFL/2026-024 et\nson annexe du 19 janvier 2026\nPortant versement de la dotation de\ncompensation\nde la r\u00e9forme de la taxe professionnelle (DCRTP)\nAnn\u00e9e 2026 (communes)\nPr\u00e9fecture du VAR - 83-2026-01-19-00020 - ARRETE PREFECTORAL N\u00b0 DCL/BFL/2026-024 et son annexe du 19 janvier 2026\nPortant versement de la dotation de compensation\nde la r\u00e9forme de la taxe professionnelle (DCRTP)\nAnn\u00e9e 2026 (communes)\n10\nDirection de la citoyennet\u00e9 et de la l\u00e9galit\u00e9 \nBureau des finances locales\nARRETE PREFECTORAL N\u00b0 DCL/BFL/2026-024 et son annexe du 19 janvier 2026 \nPortant versement de la dotation de compensation\nde la r\u00e9forme de la taxe professionnelle (DCRTP)\nAnn\u00e9e 2026 (communes)\nLe pr\u00e9fet du Var,\nVu la loi n\u00b0 2009-1673 du 30 d\u00e9cembre 2009 de finances  pour 2010 et notamment le 2 de\nl'article 78 ;\nVu l'article 2 de la loi sp\u00e9ciale n\u00b0 2025-1316 du 26 d\u00e9cembre 2025 pr\u00e9vue par l'article 45 de\nla loi organique du 1er ao\u00fbt 2001 relative aux lois de finances ;\nVu le d\u00e9cret du Pr\u00e9sident de la R\u00e9publique du 15 mai 2 025 portant nomination de\nM. Simon BABRE en qualit\u00e9 de pr\u00e9fet du Var \nVu l'arr\u00eat\u00e9 pr\u00e9fectoral n\u00b0 2025/12/MCI du 2 juin 2025,  portant d\u00e9l\u00e9gation de signature \u00e0\nM. Lucien GIUDICELLI, secr\u00e9taire g\u00e9n\u00e9ral de la pr\u00e9fecture du Var ;\nSur proposition du secr\u00e9taire g\u00e9n\u00e9ral de la pr\u00e9fecture du Var,\n  \nARRETE \n:\nARTICLE 1  er   : Il est allou\u00e9 aux communes d\u00e9sign\u00e9es en annexe, en application des dispositions\nvis\u00e9es ci-dessus et au titre de l'exercice 2026, un e somme globale de 342 457 \u20ac (trois cent\nquarante-deux  mille  quatre  cent  cinquante-sept  euros)  au  titre  de  la  dotation  de\ncompensation de la r\u00e9forme de la taxe professionnelle (communes), qui sera vers\u00e9e selon les\nmodalit\u00e9s d\u00e9finies \u00e0 l'article 3.\nARTICLE  2\n : Le tableau joint en annexe pr\u00e9sente, pour chaque  commune, le  montant\npr\u00e9visionnel de la dotation de compensation de la r\u00e9forme de la taxe professionnelle au titre\nde 2026.\n1/3\nPr\u00e9fecture du VAR - 83-2026-01-19-00020 - ARRETE PREFECTORAL N\u00b0 DCL/BFL/2026-024 et son annexe du 19 janvier 2026\nPortant versement de la dotation de compensation\nde la r\u00e9forme de la taxe professionnelle (DCRTP)\nAnn\u00e9e 2026 (communes)\n11\nARTICLE 3 :  Ces sommes seront pr\u00e9lev\u00e9es, par douzi\u00e8me, sur le compte 4651100000, code\nCDR :  COL4802000 (non interfac\u00e9e)  et vers\u00e9es sur le compte 748312 \u00ab D.C.R.T.P. \u00bb en M 57\n(748313 \u00ab Dotation de compensation de la r\u00e9forme de la taxe professionnelle \u00bb en M14).\nARTICLE 4 : Le secr\u00e9taire g\u00e9n\u00e9ral de la pr\u00e9fecture du Var et le  directeur d\u00e9partemental des\nfinances publiques du Var, sont charg\u00e9s, chacun en ce qui le concerne, de l'ex\u00e9cution du\npr\u00e9sent arr\u00eat\u00e9 qui sera publi\u00e9 au recueil des actes administratifs de la pr\u00e9fecture du Var.\nFait \u00e0 Toulon, le 19 janvier 2026,\nPour le pr\u00e9fet et par d\u00e9l\u00e9gation,\nle secr\u00e9taire g\u00e9n\u00e9ral\nSign\u00e9\nLucien GIUDICELLI\nDans un d\u00e9lai de deux mois \u00e0 compter de la date de notification de la pr\u00e9sente d\u00e9cision, les recours suivants peuvent \u00eatre introduits conform\u00e9ment aux dispositions des \narticles R. 421-1 et suivants du code de justice administrative :\n- un recours gracieux, adress\u00e9 \u00e0 : M. le Pr\u00e9fet du Var \u2013 Bd du 112\u00e8me r\u00e9giment d'infanterie- CS 31209 - 83070 TOULON CEDEX\nDans ce cas, le silence de l'administration vaut rejet implicite au terme d'un d\u00e9lai de deux mois.\nApr\u00e8s un recours gracieux, le d\u00e9lai du recours contentieux ne court qu'\u00e0 compter du rejet explicite ou implicite de ce recours.\n- un recours contentieux, en saisissant le Tribunal Administratif de Toulon : 5 rue Racine -BP 40510 - 83 041 TOULON CEDEX 9\nLe tribunal administratif peut \u00eatre saisi par l'application informatique \u00ab T\u00e9l\u00e9recours citoyens \u00bb accessible par le site internet \u00ab www.telerecours.fr \u00bb.\n2/3\nPr\u00e9fecture du VAR - 83-2026-01-19-00020 - ARRETE PREFECTORAL N\u00b0 DCL/BFL/2026-024 et son annexe du 19 janvier 2026\nPortant versement de la dotation de compensation\nde la r\u00e9forme de la taxe professionnelle (DCRTP)\nAnn\u00e9e 2026 (communes)\n12\nAnnexe \u00e0 l'Arr\u00eat\u00e9 Pr\u00e9fectoral N\u00b0 DCL/BL  F/2026-024  \nR\u00e9partition de la Dotation de Compensation de la R\u00e9forme\nde la Taxe Professionnelle (DCRTP)\nCommunes\nCode\ncommune Nom de la commune Versement  DCRTP\n83031 CANNET DES MAURES 51 926 \u20ac\n83057 FLASSANS-SUR-ISSOLE 81 843 \u20ac\n83073 LUC (LE) 168 857 \u20ac\n83127 SIGNES 16 853 \u20ac\n83138 TOURRETTES 22 978 \u20ac\nTOTAL VERSEMENT DCRTP 342 457 \u20ac\n3/3\nPr\u00e9fecture du VAR - 83-2026-01-19-00020 - ARRETE PREFECTORAL N\u00b0 DCL/BFL/2026-024 et son annexe du 19 janvier 2026\nPortant versement de la dotation de compensation\nde la r\u00e9forme de la taxe professionnelle (DCRTP)\nAnn\u00e9e 2026 (communes)\n13\nPr\u00e9fecture du VAR\n83-2026-01-19-00019\nARRETE PREFECTORAL N\u00b0 DCL/BFL/2026-025 du\n19 janvier 2026\nPortant versement de la dotation de\ncompensation\nde la r\u00e9forme de la taxe professionnelle (DCRTP)\nAnn\u00e9e 2026 - D\u00e9partement\nPr\u00e9fecture du VAR - 83-2026-01-19-00019 - ARRETE PREFECTORAL N\u00b0 DCL/BFL/2026-025 du 19 janvier 2026\nPortant versement de la dotation de compensation\nde la r\u00e9forme de la taxe professionnelle (DCRTP)\nAnn\u00e9e 2026 - D\u00e9partement\n14\nDirection de la citoyennet\u00e9 et de la l\u00e9galit\u00e9 \n   Bureau des finances locales\nARRETE PREFECTORAL N\u00b0 DCL/BFL/2026-025 du 19 janvier 2026\nPortant versement de la dotation de compensation\nde la r\u00e9forme de la taxe professionnelle (DCRTP)\nAnn\u00e9e 2026 \u2013 D\u00e9partement\nLe pr\u00e9fet du Var,\nVu la loi n\u00b0 2009-1673 du 30 d\u00e9cembre 2009 de finances  pour 2010 et notamment le 2 de\nl'article 78 ;\nVu l'article 2 de la loi sp\u00e9ciale n\u00b0 2025-1316 du 26 d\u00e9cembre 2025 pr\u00e9vue par l'article 45 de\nla loi organique du 1er ao\u00fbt 2001 relative aux lois de finances ;\nVu l e d\u00e9cret du Pr\u00e9sident de la R\u00e9publique du 15 mai 20 25 portant nomination de\nM. Simon BABRE en qualit\u00e9 de pr\u00e9fet du Var ;\nVu l'arr\u00eat\u00e9 pr\u00e9fectoral n\u00b02025/12/MCI du 2 juin 2025, portant d\u00e9l\u00e9gation de signature \u00e0\nM. Lucien GIUDICELLI, secr\u00e9taire g\u00e9n\u00e9ral de la pr\u00e9fecture du Var ;\nSur proposition du secr\u00e9taire g\u00e9n\u00e9ral de la pr\u00e9fecture du Var,\n \nARRETE \n:\nARTICLE 1  er   :  Il est allou\u00e9 au conseil d\u00e9partemental du Var, en a pplication des dispositions\nvis\u00e9es ci-dessus et au titre de l'exercice 2026, un e somme globale de 15 514 509 \u20ac (quinze\nmillions  cinq  cent  quatorze  mille  cinq-cent-neuf  euros)  au  titre  de  la  dotation  de\ncompensation de la r\u00e9forme de la taxe professionnel le,  qui sera vers\u00e9e selon les modalit\u00e9s\nd\u00e9finies \u00e0  l'article 2.\nARTICLE 2\n : Le montant pr\u00e9visionnel sera pr\u00e9lev\u00e9  par douzi\u00e8me, sur le compte 4651100000\n\u00abCompensations \u00bb, code CDR : COL 4804000 (non interfac\u00e9e) et cr\u00e9dit\u00e9 sur le compte 74832\n\u00ab D.C.R.T.P. \u00bb.\n1/2\nPr\u00e9fecture du VAR - 83-2026-01-19-00019 - ARRETE PREFECTORAL N\u00b0 DCL/BFL/2026-025 du 19 janvier 2026\nPortant versement de la dotation de compensation\nde la r\u00e9forme de la taxe professionnelle (DCRTP)\nAnn\u00e9e 2026 - D\u00e9partement\n15\nARTICLE 3 : Le secr\u00e9taire g\u00e9n\u00e9ral de la pr\u00e9fecture du Var et le  directeur d\u00e9partemental des\nfinances publiques du Var, sont charg\u00e9s, chacun en ce qui le concerne, de l'ex\u00e9cution du\npr\u00e9sent arr\u00eat\u00e9 qui sera publi\u00e9 au recueil des actes administratifs de la pr\u00e9fecture du Var.\nFait \u00e0 Toulon, le 19 janvier 2026,\nPour le pr\u00e9fet et par d\u00e9l\u00e9gation,\nle secr\u00e9taire g\u00e9n\u00e9ral\nSign\u00e9\nLucien GIUDICELLI\nDans un d\u00e9lai de deux mois \u00e0 compter de la date de notification de la pr\u00e9sente d\u00e9cision, les recours suivants peuvent \u00eatre introduits conform\u00e9ment aux dispositions des \narticles R. 421-1 et suivants du code de justice administrative :\n- un recours gracieux, adress\u00e9 \u00e0 : M. le Pr\u00e9fet du Var \u2013 Bd du 112\u00e8me r\u00e9giment d'infanterie- CS 31209 - 83070 TOULON CEDEX\nDans ce cas, le silence de l'administration vaut rejet implicite au terme d'un d\u00e9lai de deux mois.\nApr\u00e8s un recours gracieux, le d\u00e9lai du recours contentieux ne court qu'\u00e0 compter du rejet explicite ou implicite de ce recours.\n- un recours contentieux, en saisissant le Tribunal Administratif de Toulon : 5 rue Racine -BP 40510 - 83 041 TOULON CEDEX 9\nLe tribunal administratif peut \u00eatre saisi par l'application informatique \u00ab T\u00e9l\u00e9recours citoyens \u00bb accessible par le site internet \u00ab www.telerecours.fr \u00bb.\n2/2\nPr\u00e9fecture du VAR - 83-2026-01-19-00019 - ARRETE PREFECTORAL N\u00b0 DCL/BFL/2026-025 du 19 janvier 2026\nPortant versement de la dotation de compensation\nde la r\u00e9forme de la taxe professionnelle (DCRTP)\nAnn\u00e9e 2026 - D\u00e9partement\n16\nPr\u00e9fecture du VAR\n83-2026-01-19-00021\nARRETE PREFECTORAL N\u00b0 DCL/BFL/2026-026 et\nson annexe du 19 janvier 2026\nPortant versement de la dotation de\ncompensation\nde la r\u00e9forme de la taxe professionnelle (DCRTP)\nAnn\u00e9e 2026 (EPCI)\nPr\u00e9fecture du VAR - 83-2026-01-19-00021 - ARRETE PREFECTORAL N\u00b0 DCL/BFL/2026-026 et son annexe du 19 janvier 2026\nPortant versement de la dotation de compensation\nde la r\u00e9forme de la taxe professionnelle (DCRTP)\nAnn\u00e9e 2026 (EPCI)\n17\nDirection de la citoyennet\u00e9 et de la l\u00e9galit\u00e9 \nBureau des finances locales\n   \nARRETE PREFECTORAL N\u00b0 DCL/BFL/2026-026 et son annexe du 19 janvier 2026\nPortant versement de la dotation de compensation\nde la r\u00e9forme de la taxe professionnelle (DCRTP)\nAnn\u00e9e 2026 (EPCI)\nLe pr\u00e9fet du Var,\nVu la loi n\u00b0 2009-1673 du 30 d\u00e9cembre 2009 de finances  pour 2010 et notamment le 2 de\nl'article 78 ;\nVu l'article 2 de la loi sp\u00e9ciale n\u00b0 2025-1316 du 26 d\u00e9cembre 2025 pr\u00e9vue par l'article 45 de\nla loi organique du 1er ao\u00fbt 2001 relative aux lois de finances ;\nVu l e d\u00e9cret du Pr\u00e9sident de la R\u00e9publique du 15 mai 20 25 portant nomination de\nM. Simon BABRE en qualit\u00e9 de pr\u00e9fet du Var ;\nVu l'arr\u00eat\u00e9 pr\u00e9fectoral n\u00b0 n\u00b02025/12/MCI du 2 juin 202 5, portant d\u00e9l\u00e9gation de signature \u00e0\nM. Lucien GIUDICELLI, secr\u00e9taire g\u00e9n\u00e9ral de la pr\u00e9fecture du Var ;\nSur proposition du secr\u00e9taire g\u00e9n\u00e9ral de la pr\u00e9fecture du Var,\n  \nARRETE \n:\nARTICLE 1  er   : Il est allou\u00e9 aux \u00e9tablissements publics de coop\u00e9ra tion intercommunale (EPCI)\nd\u00e9sign\u00e9s en annexe, en application des dispositions  vis\u00e9es ci-dessus et au titre de l'exercice\n2026, une somme globale de 106 428 \u20ac (cent six mille quatre cent vingt-huit euros) au titre de\nla dotation de compensation de la r\u00e9forme de la taxe professionnelle (EPCI), qui sera vers\u00e9e\nselon les modalit\u00e9s d\u00e9finies \u00e0 l'article 3.\nARTICLE 2\n : Le tableau joint en annexe pr\u00e9sente, pour chaque  EPCI, le montant pr\u00e9visionnel\nde la dotation de compensation de la r\u00e9forme de la taxe professionnelle au titre de 2026.\n1/3\nPr\u00e9fecture du VAR - 83-2026-01-19-00021 - ARRETE PREFECTORAL N\u00b0 DCL/BFL/2026-026 et son annexe du 19 janvier 2026\nPortant versement de la dotation de compensation\nde la r\u00e9forme de la taxe professionnelle (DCRTP)\nAnn\u00e9e 2026 (EPCI)\n18\nARTICLE 3 :  Ces sommes seront pr\u00e9lev\u00e9es, par douzi\u00e8me, sur le compte 4651100000, code\nCDR :  COL4803000 (non interfac\u00e9e)  et vers\u00e9es sur le compte 748312 \u00ab D.C.R.T.P. \u00bb en M 57\n(748313 \u00ab Dotation de compensation de la r\u00e9forme de la taxe professionnelle \u00bb en M14).\nARTICLE 4 : Le secr\u00e9taire g\u00e9n\u00e9ral de la pr\u00e9fecture du Var et le  directeur d\u00e9partemental des\nfinances publiques du Var, sont charg\u00e9s, chacun en ce qui le concerne, de l'ex\u00e9cution du\npr\u00e9sent arr\u00eat\u00e9 qui sera publi\u00e9 au recueil des actes administratifs de la pr\u00e9fecture du Var.\nFait \u00e0 Toulon, le 19 janvier 2026,\nPour le pr\u00e9fet et par d\u00e9l\u00e9gation,\nle secr\u00e9taire g\u00e9n\u00e9ral\nSign\u00e9\nLucien GIUDICELLI\nDans un d\u00e9lai de deux mois \u00e0 compter de la date de notification de la pr\u00e9sente d\u00e9cision, les recours suivants peuvent \u00eatre introduits conform\u00e9ment aux dispositions des \narticles R. 421-1 et suivants du code de justice administrative :\n- un recours gracieux, adress\u00e9 \u00e0 : M. le Pr\u00e9fet du Var \u2013 Bd du 112\u00e8me r\u00e9giment d'infanterie- CS 31209 - 83070 TOULON CEDEX\nDans ce cas, le silence de l'administration vaut rejet implicite au terme d'un d\u00e9lai de deux mois.\nApr\u00e8s un recours gracieux, le d\u00e9lai du recours contentieux ne court qu'\u00e0 compter du rejet explicite ou implicite de ce recours.\n- un recours contentieux, en saisissant le Tribunal Administratif de Toulon : 5 rue Racine -BP 40510 - 83 041 TOULON CEDEX 9\nLe tribunal administratif peut \u00eatre saisi par l'application informatique \u00ab T\u00e9l\u00e9recours citoyens \u00bb accessible par le site internet \u00ab www.telerecours.fr \u00bb.\n2/3\nPr\u00e9fecture du VAR - 83-2026-01-19-00021 - ARRETE PREFECTORAL N\u00b0 DCL/BFL/2026-026 et son annexe du 19 janvier 2026\nPortant versement de la dotation de compensation\nde la r\u00e9forme de la taxe professionnelle (DCRTP)\nAnn\u00e9e 2026 (EPCI)\n19\nAnne  xe \u00e0 l'Arr\u00eat\u00e9 Pr\u00e9fectoral N\u00b0 DCL/BLF/2026-026  \nR\u00e9partition de la Dotation de Compensation de la R\u00e9forme\nde la Taxe Professionnelle (DCRTP)\nEPCI\nCode\ncommune Nom de la commune Versement  DCRTP\n200027100 CC M\u00c9DITERRAN\u00c9E PORTE DES MAURES 66 827 \u20ac\n248300410 CC VALL\u00c9E DU GAPEAU 33 648 \u20ac\n248300394 CA SUD SAINTE BAUME 5 953 \u20ac\nTOTAL VERSEMENT DCRTP 106 428 \u20ac\n3/3\nPr\u00e9fecture du VAR - 83-2026-01-19-00021 - ARRETE PREFECTORAL N\u00b0 DCL/BFL/2026-026 et son annexe du 19 janvier 2026\nPortant versement de la dotation de compensation\nde la r\u00e9forme de la taxe professionnelle (DCRTP)\nAnn\u00e9e 2026 (EPCI)\n20\nPr\u00e9fecture du VAR\n83-2026-01-23-00003\nAP\nautorisant la captation, l'enregistrement et la\ntransmission\nd'images au moyen de cam\u00e9ras install\u00e9es sur des\na\u00e9ronefs\nPr\u00e9fecture du VAR - 83-2026-01-23-00003 - AP\nautorisant la captation, l'enregistrement et la transmission\nd'images au moyen de cam\u00e9ras install\u00e9es sur des a\u00e9ronefs\n21\nCabinet du Pr\u00e9fet\nDirection des s\u00e9curit\u00e9s\nBureau de la s\u00e9curit\u00e9 publique\nArr\u00eat\u00e9 n\u00b0 2026-BSP-OP-17\nautorisant la captation, l'enregistrement et la transmission\nd'images au moyen de cam\u00e9ras install\u00e9es sur des a\u00e9ronefs\nLe pr\u00e9fet du Var,\nVu le code de la s\u00e9curit\u00e9 int\u00e9rieure et notamment ses articles L. 242-1 \u00e0 L. 242-8 et R. 242-8 \u00e0\nR. 242-14 ;\nVu le d\u00e9cret n\u00b0 2004-374 du 29 avril 2004 relatif aux pouvoirs des pr\u00e9fets, \u00e0 l'organisation et \u00e0\nl'action des services de l'\u00c9tat dans les r\u00e9gions et d\u00e9partements ;\nVu le d\u00e9cret du 15 mai 2025 portant nomination de Monsieur Simon BABRE, pr\u00e9fet du Var ;\nVu l'arr\u00eat\u00e9 n\u00b0 2025/75/MCI du 17 d\u00e9cembre 2025 portant d\u00e9l\u00e9gation de signature \u00e0  Madame\nJos\u00e9phine GUIGLIANO-BOUTONNET, directrice de cabinet du pr\u00e9fet du Var ;\nVu l'arr\u00eat\u00e9 du ministre de l'Int\u00e9rieur et des outre-m er, en date du 19 avril 2023 relatif au\nnombre maximal de cam\u00e9ras install\u00e9es sur des a\u00e9ronefs pouvant \u00eatre simultan\u00e9ment utilis\u00e9es\ndans chaque d\u00e9partement et collectivit\u00e9 d'outre-mer ;\nVu la demande en date du 20 janvier 2026, form\u00e9e par la direction interd\u00e9partementale de la\npolice  nationale  du  Var,  visant  \u00e0  obtenir  l'autorisation  de  capter,  d'enregistrer  et  de\ntransmettre des images au moyen de deux cam\u00e9ras ins tall\u00e9es sur deux drones, dans le cadre\nde l'op\u00e9ration de lutte contre les rod\u00e9os urbains p r\u00e9vue dans le secteur de Tourris entre Le\nRevest-les-Eaux et La Valette-du-Var, le dimanche 25 janvier 2026 de 13h00 \u00e0  17h00 ;\nConsid\u00e9rant que les dispositions susvis\u00e9es permettent aux forces de s\u00e9curit\u00e9 int\u00e9rieure, dans\nl'exercice de leurs missions de pr\u00e9vention des atteintes \u00e0 l'ordre public et de protection de la\ns\u00e9curit\u00e9 des personnes et des biens, de proc\u00e9der \u00e0 la captation, \u00e0 l'enregistrement et \u00e0 la\ntransmission d'images au moyen de cam\u00e9ras install\u00e9e s sur des a\u00e9ronefs aux fins d'assurer la\ns\u00e9curit\u00e9 des personnes et des biens et pr\u00e9venir les  troubles \u00e0 l'ordre public dans le cadre des\nop\u00e9rations de r\u00e9tablissement de l'ordre public ;  qu e notamment, le 1\u00b0 de l'article L. 242-5\nsusvis\u00e9 pr\u00e9voit que ces dispositifs peuvent \u00eatre mis en \u0153uvre aux fins de pr\u00e9venir les atteintes\n\u00e0 la s\u00e9curit\u00e9 des personnes et des biens dans les l ieux particuli\u00e8rement expos\u00e9s, en raison de\nleurs caract\u00e9ristiques ou des faits qui s'y sont d\u00e9 j\u00e0 d\u00e9roul\u00e9s, \u00e0 des risques d'agression, de vol\nou de trafic d'armes, d'\u00eatres humains ou de stup\u00e9fi ants ; que le 4\u00b0 du m\u00eame article permet\nquant \u00e0 lui la mise en \u0153uvre de ces dispositifs en vue d'assurer la r\u00e9gulation des flux de\ntransport, aux seules fins du maintien de l'ordre et de la s\u00e9curit\u00e9 publics ;\nConsid\u00e9rant qu'une recrudescence de rod\u00e9os urbains a \u00e9t\u00e9 const at\u00e9e sur la route de Tourris\nentre les communes du Revest-les-Eaux et de La Valette-du-Var ; que des risques de troubles \u00e0\nl'ordre  public  peuvent  survenir  \u00e0  l'occasion  d'un  r od\u00e9o  sur  une  zone  expos\u00e9e  \u00e0  la\nfr\u00e9quentation du public durant le week-end ; qu'au cours de l'ann\u00e9e 2025, la police nationale\n1/3\nPr\u00e9fecture du VAR - 83-2026-01-23-00003 - AP\nautorisant la captation, l'enregistrement et la transmission\nd'images au moyen de cam\u00e9ras install\u00e9es sur des a\u00e9ronefs\n22\nest intervenue \u00e0 maintes reprises pour des rod\u00e9os m otoris\u00e9s dans le secteur de Tourris\nportant une atteinte grave \u00e0 la s\u00e9curit\u00e9 des person nes et mettant en danger la vie des\npromeneurs, des riverains et des personnes impliqu\u00e9es ; que des rassemblements importants\nde personnes, de multiples infractions au code de l a route et des auteurs non identifi\u00e9s qui\nprennent la fuite \u00e0 la vue de la police ont \u00e9t\u00e9 constat\u00e9s ; \nConsid\u00e9rant qu'en effet, lors d'un contr\u00f4le par les agents de la police nationale, route de\nTourris \u00e0 La Valette-du-Var, le 27 novembre 2025, ont \u00e9t\u00e9 constat\u00e9s des v\u00e9hicules stationn\u00e9s\net plusieurs individus se trouvant autour d'une mot o cross non immatricul\u00e9e   ; que le 28\nd\u00e9cembre 2025, sur cette m\u00eame route, a \u00e9t\u00e9 constat\u00e9 par les services de la police nationale le\nrassemblement d'une vingtaine de motos et de quads circulant \u00e0 vive allure en effectuant du\nwheeling (conduite sur la roue arri\u00e8re) ; qu'\u00e0 l'oc casion de ce rassemblement, l'accident d'un\nmotocycliste a n\u00e9cessit\u00e9 l'intervention des sapeurs-pompiers et l'\u00e9vacuation du bless\u00e9 sur un\ncentre hospitalier ; qu'\u00e0 la vue de la police nationale, les autres individus, sans casque, ont pris\nla fuite en effectuant des passages r\u00e9p\u00e9t\u00e9s devant les agents de police ; que le 3 janvier 2026,\nles services de la police nationale ont d\u00e9couvert u n rassemblement de v\u00e9hicules sur la route\nde Tourris et qu'\u00e0 la vue des forces de l'ordre, les individus ont pris la fuite en direction de la\ncommune de La Valette-du-Var ;\nConsid\u00e9rant que les drones de la police permettent un suivi en  temps r\u00e9el des v\u00e9hicules en\nlimitant la prise de risque pour les auteurs mais \u00e9 galement pour les forces de l'ordre ; que le\ndispositif permet \u00e9galement une localisation pr\u00e9cis e des lieux de stockage des v\u00e9hicules\nutilis\u00e9s et une identification des auteurs de l'inf raction ; qu'au regard de la grande mobilit\u00e9\ndes protagonistes, un \u00e9largissement de la zone de s urvol est n\u00e9cessaire pour assurer le bon\nd\u00e9roul\u00e9 de l'op\u00e9ration ; que la captation et la tra nsmission d'images a\u00e9riennes permettraient\nd'am\u00e9liorer la coordination des effectifs au sol ;\nConsid\u00e9rant d'une  part,  que  les  \u00ab rod\u00e9os  urbains \u00bb,  qui  se  car act\u00e9risent  par  des\ncomportements ill\u00e9gaux et dangereux sur la voie pub lique des conducteurs de v\u00e9hicules\nmotoris\u00e9s, au m\u00e9pris des r\u00e8gles de prudence et du c ode de la route, compromettant la\ns\u00e9curit\u00e9 des usagers et des riverains, rendent n\u00e9cessaire une r\u00e9gulation des flux de transports\nen vue de pr\u00e9venir des accidents graves dont ils cr\u00e9ent directement les conditions, au sens du\n4\u00b0 du m\u00eame article ; que, d'autre part, compte tenu  des risques extr\u00eames qu'ils engendrent\npour la s\u00e9curit\u00e9 des personnes, des nuisances sonor es consid\u00e9rables qu'ils causent pour le\nvoisinage et du ph\u00e9nom\u00e8ne de privatisation agressiv e de l'espace public qu'ils impliquent, ils\ng\u00e9n\u00e8rent des tensions tr\u00e8s importantes entre riverains et exposent les lieux o\u00f9 ils se d\u00e9roulent\n\u00e0 des risques d'agression au sens des dispositions pr\u00e9cit\u00e9es du 1\u00b0 de l'article L. 242-5 du code\nde la s\u00e9curit\u00e9 int\u00e9rieure ; qu'ainsi, compte tenu d u risque s\u00e9rieux de troubles \u00e0 l'ordre public\nr\u00e9sultant d'un \u00ab rod\u00e9o urbain \u00bb, de l'ampleur de la  zone \u00e0 s\u00e9curiser en raison de la nature\nm\u00eame de cette activit\u00e9, de l'incertitude entourant les lieux envisag\u00e9s par les organisateurs et\nde la distance susceptible d'\u00eatre parcourue par les  v\u00e9hicules y participant, le recours \u00e0 des\ndispositifs de captation install\u00e9s sur des a\u00e9ronefs  pr\u00e9sente l'int\u00e9r\u00eat de permettre aux forces\nde s\u00e9curit\u00e9 de b\u00e9n\u00e9ficier d'une vision en grand ang le pour pouvoir identifier et pr\u00e9venir\nrapidement le risque d'incident tout en limitant l' engagement des forces au sol, permettant\nde prot\u00e9ger leur int\u00e9grit\u00e9 physique du risque d'alt ercation ou de refus d'obtemp\u00e9rer ; qu'il\nn'existe pas de dispositif moins intrusif permettant de parvenir aux m\u00eames fins ;\nConsid\u00e9rant que la demande porte sur l'engagement de deux cam\u00e9r as a\u00e9roport\u00e9es pendant\nla seule dur\u00e9e de l'op\u00e9ration de lutte contre les \u00ab  rod\u00e9os urbains \u00bb ; que les lieux surveill\u00e9s\nsont  strictement limit\u00e9s  au secteur d\u00e9fini par les forces de s\u00e9curit\u00e9 int\u00e9rieure pour cette\nop\u00e9ration et correspondent, au regard des pr\u00e9c\u00e9dent s \u00ab rod\u00e9os \u00bb constat\u00e9s, au p\u00e9rim\u00e8tre\ndans  lequel  sont  susceptibles  de  se commettre les  a tteintes  que l'usage des  cam\u00e9ras\n2/3\nPr\u00e9fecture du VAR - 83-2026-01-23-00003 - AP\nautorisant la captation, l'enregistrement et la transmission\nd'images au moyen de cam\u00e9ras install\u00e9es sur des a\u00e9ronefs\n23\na\u00e9roport\u00e9es vise \u00e0 pr\u00e9venir ; que la dur\u00e9e de l'aut orisation est \u00e9galement strictement limit\u00e9e\n\u00e0 la dur\u00e9e de cette op\u00e9ration ; qu'au regard des ci rconstances susmentionn\u00e9es, la demande\nn'appara\u00eet pas disproportionn\u00e9e ;\nConsid\u00e9rant qu'en vertu de l'article R. 242-13 du code de la s \u00e9curit\u00e9 int\u00e9rieure, il y a lieu de\nd\u00e9roger  au  principe  d'information  du  public  d\u00e8s  lors  que  cette  information entre  en\ncontradiction avec les finalit\u00e9s pour lesquelles le  dispositif est autoris\u00e9 ; que cependant, cet\narr\u00eat\u00e9 fera l'objet d'une publication au recueil des actes administratifs de la pr\u00e9fecture ;\nSur proposition de la sous-pr\u00e9f\u00e8te, directrice de cabinet du pr\u00e9fet du Var ;\nARR\u00caTE\nArticle  1\n \u2013   La captation, l'enregistrement et la transmission d 'images par  la direction\ninterd\u00e9partementale de la police nationale du Var, est autoris\u00e9e au titre de l'op\u00e9ration de\nlutte contre les rod\u00e9os urbains pr\u00e9vue route de Tourris, entre les communes de Le Revest-les-\nEaux et de La Valette-du-Var, le dimanche 25 janvier 2026 \u00e0 de 13h00 \u00e0 17h00 ;\nArticle 2 \u2013 Le nombre maximal de cam\u00e9ras pouvant proc\u00e9der simultan\u00e9ment aux traitements\nmentionn\u00e9s \u00e0 l'article 1er est fix\u00e9 \u00e0 deux cam\u00e9ras sur des drones de type :\n- DJI Mavic 3T ; \n- DJI Mavic 4T.\nArticle 3\n \u2013 La pr\u00e9sente autorisation est limit\u00e9e au p\u00e9rim\u00e8tre g\u00e9ographique figurant sur le plan\njoint en annexe.\nArticle 4\n \u2013  Le registre mentionn\u00e9 \u00e0 l'article L. 242-4 du code de la s\u00e9curit\u00e9 int\u00e9rieure est\ntransmis au repr\u00e9sentant de l'\u00c9tat dans le d\u00e9partement \u00e0 l'issue de l'op\u00e9ration.\nArticle 5 \u2013 Le pr\u00e9sent arr\u00eat\u00e9 est publi\u00e9 au recueil des actes a dministratifs de la pr\u00e9fecture et\npeut faire l'objet d'un recours devant le tribunal administratif de Toulon dans un d\u00e9lai de\ndeux mois \u00e0 compter de sa publication.\nArticle  6\n \u2013   La sous-pr\u00e9f\u00e8te, directrice de cabinet du pr\u00e9fet du  Var et le directeur\ninterd\u00e9partemental de la police nationale du Var sont charg\u00e9s, chacun en ce qui les concerne,\nde l'ex\u00e9cution du pr\u00e9sent arr\u00eat\u00e9.\n \nToulon, le 23 janvier 2026\nPour le pr\u00e9fet et par d\u00e9l\u00e9gation\n                      La directrice de cabinet\nSign\u00e9\n                                                         Jos\u00e9phine GUIGLIANO-BOUTONNET\n3/3\nPr\u00e9fecture du VAR - 83-2026-01-23-00003 - AP\nautorisant la captation, l'enregistrement et la transmission\nd'images au moyen de cam\u00e9ras install\u00e9es sur des a\u00e9ronefs\n24\nPr\u00e9fecture du VAR - 83-2026-01-23-00003 - AP\nautorisant la captation, l'enregistrement et la transmission\nd'images au moyen de cam\u00e9ras install\u00e9es sur des a\u00e9ronefs\n25","date":"2026-01-23","first_seen_on":"2026-01-23T16:23:06+00:00","id":"2d545b35677946ad5dcc9450a7b575f50ee650c97f1e300daece823c18d10d61","name":"RAA N\u00b0028 du 23 janvier 2026","pdf_creation_date":"2026-01-23T15:26:47+00:00","pdf_modification_date":null,"timezone":"Europe/Paris","url":"https://www.var.gouv.fr/contenu/telechargement/44587/291051/file/RAA%20N%C2%B0028%20du%2023%20janvier%202026.pdf"}
