{"administration":"prefidf","administration_name":"Pr\u00e9fecture de la r\u00e9gion \u00cele-de-France","content":"PREFECTURE\nREGION ILE DE\nFRANCE\nRECUEIL DES ACTES\nADMINISTRATIFS SP\u00c9CIAL\nN\u00b0IDF-038-2025-11\nPUBLI\u00c9 LE 24 NOVEMBRE 2025\nSommaire\nAgence R\u00e9gionale de Sant\u00e9 /\nIDF-2025-11-17-00015 - Arr\u00eat\u00e9 n\u00b0 2025-315 portant autorisation de\nmodification de capacit\u00e9 du SSIAD VYV 3 PARIS SUD sis au 12 rue\nBoyer-Barret \u00e0 Paris (75014) g\u00e9r\u00e9 par VYV 3 \u00cele-de-France\n (3 pages) Page 4\nIDF-2025-11-17-00016 - Arr\u00eat\u00e9 n\u00b0 2025-316 portant autorisation de\nr\u00e9duction de 9 places pour personnes handicap\u00e9es du  SSIAD VYV 3\nPARIS NORD \nsis au 39 rue Amelot \u00e0 Paris (75011) \ng\u00e9r\u00e9 par VYV 3\n\u00cele-de-France\n (3 pages) Page 8\nIDF-2025-11-17-00018 - Arr\u00eat\u00e9 n\u00b0 2025-317 portant autorisation de\nr\u00e9duction de 15 places pour personnes handicap\u00e9es du SSIAD\nDOMUSVI DOMICILE Montmartre sis au 59 rue Eug\u00e8ne Carri\u00e8re \u00e0 Paris\n(75018) g\u00e9r\u00e9 par la SAS DOMUSVI DOMICILE  (3 pages) Page 12\nIDF-2025-11-17-00017 - Arr\u00eat\u00e9 n\u00b0 2025-318 portant autorisation de\nr\u00e9duction de 5 places pour personnes handicap\u00e9es du SSIAD\nDOMUSVI DOMICILE Europe sis au 50 rue du Rocher \u00e0 Paris (75008)\ng\u00e9r\u00e9 par la SAS DOMUSVI DOMICILE  (3 pages) Page 16\nIDF-2025-11-17-00019 - Arr\u00eat\u00e9 n\u00b0 2025-319 portant autorisation de\nmodification de capacit\u00e9 du SSIAD DOMUSVI DOMICILE Paris 16 sis au 46\nrue Chardon Lagache (75016) g\u00e9r\u00e9 par la SAS DOMUSVI DOMICILE  (3\npages) Page 20\nIDF-2025-11-17-00020 - Arr\u00eat\u00e9 n\u00b0 2025-320 portant autorisation de\nmodification de capacit\u00e9 du SSIAD Les Lianes sis au 154 rue des\nPyr\u00e9n\u00e9es \u00e0 Paris (75020) \ng\u00e9r\u00e9 par l'association ADMR 20 \n(3 pages) Page 24\nIDF-2025-11-17-00021 - Arr\u00eat\u00e9 n\u00b0 2025-321 portant autorisation de\nmodification de capacit\u00e9 du SSIAD \u00ab Gerbier \u00bb sis au 9 rue Gerbier \u00e0\nParis (75011) g\u00e9r\u00e9 par l'Association de g\u00e9rontologie du 11\u00e8me\n(AG11) (3 pages) Page 28\nIDF-2025-11-14-00015 - Arr\u00eat\u00e9 portant r\u00e9duction de 109 \u00e0 94 places\nde l'EHPAD Cl\u00e9mentine Pitois \u00e0 Ablon-sur-Seine (3 pages) Page 32\nAgence R\u00e9gionale de Sant\u00e9 / Agence r\u00e9gionale de sant\u00e9\nd'Ile-de-France-Direction de l'Offre de Soins (DOS)\nIDF-2025-11-21-00003 - D\u00e9cision n\u00b0DOS-2025/4511 du 21/11/2025 du\nDirecteur g\u00e9n\u00e9ral de l'Agence r\u00e9gionale de sant\u00e9\nd'Ile-de-France autorisant le CENTRE HOSPITALIER L\u00c9ON BINET\nPROVINS \u00e0 exercer l'activit\u00e9 de soins de longue dur\u00e9e sur le site de\nl'USLD CENTRE HOSPITALIER L\u00c9ON BINET DE PROVINS (structure sans\nnum\u00e9ro Finess ET), Route des Grattons 77160 Provins  (4 pages) Page 36\n2\nIDF-2025-11-21-00002 - D\u00e9cision n\u00b0DOS-2025/4606 en date du\n21/11/2025 portant modification de la d\u00e9cision n\u00b0DOS-2024/2517 du\nDirecteur g\u00e9n\u00e9ral de l'Agence r\u00e9gionale de sant\u00e9 \u00cele-de-France\nen date du 07 ao\u00fbt 2024 relative \u00e0 la demande pr\u00e9sent\u00e9e par le\nCentre hospitalier Sud Seine-et-Marne sur le site Montereau du Centre\nhospitalier Sud Seine-et-Marne (4 pages) Page 41\nAgence R\u00e9gionale de Sant\u00e9 / Direction Veille et S\u00e9curit\u00e9 Sanitaires\nIDF-2025-11-21-00006 - D\u00e9cision n\u00b0 DVSS - QSPHARMBIO - 2025/106\nportant modification de l'autorisation n\u00b0 DVSS-QSPHARMBIO - 2024/084\nde la pharmacie \u00e0 usage int\u00e9rieur de l'h\u00f4pital priv\u00e9 du Vert Galant (2\npages) Page 46\nIDF-2025-11-21-00007 - D\u00e9cision n\u00b0 DVSS - QSPHARMBIO - 2025/113\nportant renouvellement de l'autorisation de la pharmacie \u00e0 usage\nint\u00e9rieur de l'Etablissement Public de Sant\u00e9 Ville Evrard (4 pages) Page 49\nIDF-2025-11-21-00004 - D\u00e9cision n\u00b0 DVSS - QSPHARMBIO - 2025/133\nportant renouvellement de l'autorisation de la pharmacie \u00e0 usage\nint\u00e9rieur de la Fondation de Rothschild - Maison de retraite et de\ng\u00e9riatrie (MRG) et unit\u00e9 de soins de suite (USS) (4 pages) Page 54\nDirection r\u00e9gionale et interd\u00e9partementale de l'h\u00e9bergement et du\nlogement / Service de l'accueil, de l'h\u00e9bergement et de l'insertion\nIDF-2025-11-20-00010 - Arr\u00eat\u00e9 fixant la dotation globale commune 2025\ndu CPOM CPH Cit\u00e9s Caritas  (3 pages) Page 59\n3\nAgence R\u00e9gionale de Sant\u00e9\nIDF-2025-11-17-00015\nArr\u00eat\u00e9 n\u00b0 2025-315 portant autorisation de\nmodification de capacit\u00e9 du SSIAD VYV 3 PARIS\nSUD sis au 12 rue Boyer-Barret \u00e0 Paris (75014) g\u00e9r\u00e9\npar VYV 3 \u00cele-de-France\nAgence R\u00e9gionale de Sant\u00e9 - IDF-2025-11-17-00015 - Arr\u00eat\u00e9 n\u00b0 2025-315 portant autorisation de modification de capacit\u00e9 du SSIAD\nVYV 3 PARIS SUD sis au 12 rue Boyer-Barret \u00e0 Paris (75014) g\u00e9r\u00e9 par VYV 3 \u00cele-de-France 4\nREPUBLIQUEFRANCAISELibert\u00e9Egalit\u00e9Fraternit\u00e9\n\u00a9 \u00bb Agence R\u00e9gionale de Sant\u00e9Ile-de-France\n \n                                                               \n  \n \n \n \nAGENCE R\u00c9GIONALE DE SANT\u00c9 \u00ceLE-DE-FRANCE \nARR\u00caT\u00c9 N\u00b0 2025 - 315 \nportant autorisation de modification de capacit\u00e9 du Service de soins infirmiers                               \n\u00e0 domicile (SSIAD) VYV 3 PARIS SUD sis au 12 rue Boyer-Barret \u00e0 Paris (75014)  \ng\u00e9r\u00e9 par VYV 3 \u00cele-de-France \n \n \nLE DIRECTEUR G\u00c9N\u00c9RAL DE L'AGENCE R\u00c9GIONALE DE SANT\u00c9 \u00ceLE-DE-FRANCE \n \n \nVU le code de l'action sociale et des familles et notamment les articles L312 -1, L313 -1, L314 -3 et \nsuivants ; \n \nVU le d\u00e9cret du 10 avril 2024 portant nomination de Monsieur Denis ROBIN, Directeur g\u00e9n\u00e9ral de \nl'Agence r\u00e9gionale de sant\u00e9 \u00cele-de-France \u00e0 compter du 29 avril 2024 ; \n \nVU l'arr\u00eat\u00e9 DS N\u00b0115/2024 du 25 septembre 2024 portant d\u00e9l\u00e9gation de signature \u00e0 Madame St\u00e9phanie \nTALBOT, Directrice de l'autonomie ; \n \nVU l'arr\u00eat\u00e9 n\u00b0 DIRNOV-2023/08 du 26 octobre 2023 de la Directrice g\u00e9n\u00e9rale de l'Agence r\u00e9gionale de \nsant\u00e9 \u00cele-de-France portant modification du cadre d'orientation strat\u00e9gique 2018 -2028 du projet \nr\u00e9gional de sant\u00e9 \u00cele-de-France ; \n \nVU l'arr\u00eat\u00e9 n\u00b0 DIRNOV-2023/09 du 26 octobre 2023 de la Directrice g\u00e9n\u00e9rale de l'Agence r\u00e9gionale de \nsant\u00e9 \u00cele-de-France portant adoption du sch\u00e9ma r\u00e9gional de sant\u00e9 2023 -2028 du projet r\u00e9gional de \nsant\u00e9 \u00cele-de-France ; \n \nVU l'arr\u00eat\u00e9 n\u00b0 2023-162 de la Directrice g\u00e9n\u00e9rale de l'Agence r\u00e9gionale de sant\u00e9 \u00cele-de-France en date \ndu 19 juin 2023 \u00e9tablissant le programme interd\u00e9partemental d'accompagnement des handicaps et \nde la perte d'autonomie (PRIAC) 2022-2026 pour la r\u00e9gion \u00cele-de-France ; \n \nVU \n \n \n \nl'arr\u00eat\u00e9 n\u00b0 2023-346 de la Directrice g\u00e9n\u00e9rale de l'Agence r\u00e9gionale de sant\u00e9 \u00cele -de-France en date \ndu 4 d\u00e9cembre 2023 \u00e9tablissant le programme interd\u00e9partemental d'accompagnement des handicaps \net de la perte d'autonomie (PRIAC) 2023-2027 pour la r\u00e9gion \u00cele-de-France ; \nVU l'arr\u00eat\u00e9 pr\u00e9fectoral n\u00b0 2006-212-3 du 31 juillet 2006 portant nouvelle r\u00e9partition de capacit\u00e9 du Service \nde soins infirmiers \u00e0 domicile \u00e0 hauteur de 89 places pour personnes \u00e2g\u00e9es et 4 places pour  \npersonnes handicap\u00e9es ; \n \nVU l'arr\u00eat\u00e9 n\u00b0 2009-123-4 du 30 avril 2009 portant sur la reprise du SSIAD par la Fondation Hospitali\u00e8re \nSainte Marie ; \n \nVU l'arr\u00eat\u00e9 n\u00b0 2012-60 modifi\u00e9 par l'arr\u00eat\u00e9 n\u00b0 2014-39 du 3 mars 2014 portant autorisation d'extension de \n10 places d'\u00e9quipe sp\u00e9cialis\u00e9e Alzheimer (ESA) du SSIAD portant sa capacit\u00e9 totale \u00e0 103 places \ndont 10 places d'ESA ; \n  \nVU  l'arr\u00eat\u00e9 n\u00b0 2016 -218 du 28 juillet 2016 portant approbation de cession d'autorisation du SSIAD au \nprofit de l'Union Soins et Service Ile-de-France ;  \n \nVU le courrier du 2 janvier 2017 portant renouvellement de l'autorisation \u00e0 compter du 3 janvier 2017 ; \n \n  \nAgence R\u00e9gionale de Sant\u00e9 - IDF-2025-11-17-00015 - Arr\u00eat\u00e9 n\u00b0 2025-315 portant autorisation de modification de capacit\u00e9 du SSIAD\nVYV 3 PARIS SUD sis au 12 rue Boyer-Barret \u00e0 Paris (75014) g\u00e9r\u00e9 par VYV 3 \u00cele-de-France 5\nCONSID\u00c9RANT  qu'il convient d'autoriser l'extension de 4 places pour personnes \u00e2g\u00e9es du SSIAD                 \nVYV 3 PARIS SUD \u00e0 compter du 1er d\u00e9cembre 2025 ; \n  \nCONSID\u00c9RANT qu'il convient d'autoriser la r\u00e9duction de 4 places pour personnes en situation de \nhandicap du SSIAD VYV 3 PARIS SUD \u00e0 compter du 1er janvier 2026 ; \n \nCONSID\u00c9RANT  que le projet satisfait aux r\u00e8gles d'organisation et de fonctionnement pr\u00e9vues par le code \nde l'action sociale et des familles ; \n \n \nARR\u00caTE \n \n \nARTICLE 1er : L'autorisation visant l'extension de 4 places pour personnes \u00e2g\u00e9es du SSIAD VYV 3 PARIS \nSUD sis au 12 rue Boyer-Barret \u00e0 Paris (75014) est accord\u00e9e \u00e0 VYV 3 \u00cele-de-France. \n  \nARTICLE 2e : L'autorisation visant la r\u00e9duction de 4 places pour personnes en situation de handicap du \nSSIAD VYV 3 PARIS SUD s is au 12 rue Boyer -Barret \u00e0 Paris (75014) est accord\u00e9e \u00e0                    \nVYV 3 \u00cele-de-France. \n \nARTICLE 3e : La capacit\u00e9 totale du SSIAD est fix\u00e9e \u00e0 103 places r\u00e9parties de la mani\u00e8re suivante : \n- 93 places pour personnes \u00e2g\u00e9es  \n- 10 places d'\u00e9quipe sp\u00e9cialis\u00e9e Alzheimer.  \nLa zone d'intervention du SSIAD couvre le 14\u00e8me arrondissement de Paris. \nARTICLE 4e : Cette structure est r\u00e9pertori\u00e9e dans le Fichier National des Etablissements Sanitaires et \nSociaux (FINESS) de la fa\u00e7on suivante : \n \nN\u00b0 FINESS \u00e9tablissement : 75 001 685 9 \nCode cat\u00e9gorie : [354] SSIAD \n \nCode discipline : [358] Soins infirmiers \u00e0 domicile \nCode fonctionnement (type d'activit\u00e9) : [16] Prestation en milieu ordinaire  \nCode client\u00e8le : [700] Personnes \u00e2g\u00e9es \nCapacit\u00e9 : 93 \n \nCode discipline : [357] Activit\u00e9 soins d'accompagnement et de r\u00e9habilitation \nCode fonctionnement (type d'activit\u00e9) : [16] Prestation en milieu ordinaire  \nCode client\u00e8le : [436] Personnes Alzheimer ou maladies apparent\u00e9es \nCapacit\u00e9 : 10 \n  \nN\u00b0 FINESS du gestionnaire : 75 005 884 4  \nCode statut : [47] Soci\u00e9t\u00e9 Mutualiste \n  \nARTICLE 5e : Le pr\u00e9sent arr\u00eat\u00e9 est sans effet concernant la dur\u00e9e d'autorisation accord\u00e9e \u00e0 \nl'\u00e9tablissement jusqu'au 3 janvier 2032 et conform\u00e9ment aux conditions pr\u00e9vues aux articles \nL.312-8 et L.313-5 du code de l'action sociale et des familles. \n  \nARTICLE 6e : Tout changement important dans l'activit\u00e9, l'installation, l'organisation, la direction ou le \nfonctionnement de l'\u00e9tablissement ou du service doit \u00eatre port\u00e9 \u00e0 la connaissance des \nautorit\u00e9s comp\u00e9tentes. \n  \nARTICLE 7e : Un recours contre le pr\u00e9sent arr\u00eat\u00e9 peut \u00eatre form\u00e9 devant le tribunal administratif \ncomp\u00e9tent dans un d\u00e9lai de deux mois \u00e0 compter de sa notification.   \n  \nAgence R\u00e9gionale de Sant\u00e9 - IDF-2025-11-17-00015 - Arr\u00eat\u00e9 n\u00b0 2025-315 portant autorisation de modification de capacit\u00e9 du SSIAD\nVYV 3 PARIS SUD sis au 12 rue Boyer-Barret \u00e0 Paris (75014) g\u00e9r\u00e9 par VYV 3 \u00cele-de-France 6\nsig\n \nARTICLE 8e : Le Directeur de la D\u00e9l\u00e9gation d\u00e9partementale de Paris de l'Agence r\u00e9gionale de sant\u00e9                  \n\u00cele-de-France est charg\u00e9 de l'ex\u00e9cution du pr\u00e9sent arr\u00eat\u00e9 qui sera notifi\u00e9 au demandeur, \npubli\u00e9 au recueil des actes administratifs de la R\u00e9gion \u00cele-de-France. \n \n \n            Fait \u00e0 Saint-Denis, le 17/11/2025 \n \n \n Pour le Directeur g\u00e9n\u00e9ral  \nde l'Agence r\u00e9gionale de sant\u00e9  \n\u00cele-de-France et par d\u00e9l\u00e9gation \n  \nSt\u00e9phanie TALBOT  \nDirectrice de l'autonomie \n \n \nAgence R\u00e9gionale de Sant\u00e9 - IDF-2025-11-17-00015 - Arr\u00eat\u00e9 n\u00b0 2025-315 portant autorisation de modification de capacit\u00e9 du SSIAD\nVYV 3 PARIS SUD sis au 12 rue Boyer-Barret \u00e0 Paris (75014) g\u00e9r\u00e9 par VYV 3 \u00cele-de-France 7\nAgence R\u00e9gionale de Sant\u00e9\nIDF-2025-11-17-00016\nArr\u00eat\u00e9 n\u00b0 2025-316 portant autorisation de\nr\u00e9duction de 9 places pour personnes\nhandicap\u00e9es du  SSIAD VYV 3 PARIS NORD \nsis au 39 rue Amelot \u00e0 Paris (75011) \ng\u00e9r\u00e9 par VYV 3 \u00cele-de-France\nAgence R\u00e9gionale de Sant\u00e9 - IDF-2025-11-17-00016 - Arr\u00eat\u00e9 n\u00b0 2025-316 portant autorisation de r\u00e9duction de 9 places pour personnes\nhandicap\u00e9es du  SSIAD VYV 3 PARIS NORD \nsis au 39 rue Amelot \u00e0 Paris (75011) \ng\u00e9r\u00e9 par VYV 3 \u00cele-de-France\n8\nREPUBLIQUEFRANCAISELibert\u00e9Egalit\u00e9Fraternit\u00e9 \u00a9 \u00bb Agence R\u00e9gionale de Sant\u00e9Ile-de-France\n \n                                                               \n  \n \n \n \nAGENCE R\u00c9GIONALE DE SANT\u00c9 \u00ceLE-DE-FRANCE \nARR\u00caT\u00c9 N\u00b0 2025 - 316 \nportant autorisation de r\u00e9duction de 9 places pour personnes handicap\u00e9es                                  \ndu Service de soins infirmiers \u00e0 domicile (SSIAD) VYV 3 PARIS NORD  \nsis au 39 rue Amelot \u00e0 Paris (75011)  \ng\u00e9r\u00e9 par VYV 3 \u00cele-de-France \n \n \nLE DIRECTEUR G\u00c9N\u00c9RAL DE L'AGENCE R\u00c9GIONALE DE SANT\u00c9 \u00ceLE-DE-FRANCE \n \n \nVU le code de l'action sociale et des familles et notamment les articles L312 -1, L313 -1, L314 -3 et \nsuivants ; \n \nVU le d\u00e9cret du 10 avril 2024 portant nomination de Monsieur Denis ROBIN, Directeur g\u00e9n\u00e9ral de \nl'Agence r\u00e9gionale de sant\u00e9 \u00cele-de-France \u00e0 compter du 29 avril 2024 ; \n \nVU l'arr\u00eat\u00e9 DS N\u00b0115/2024 du 25 septembre 2024 portant d\u00e9l\u00e9gation de signature \u00e0 Madame St\u00e9phanie \nTALBOT, Directrice de l'autonomie ; \n \nVU l'arr\u00eat\u00e9 n\u00b0 DIRNOV-2023/08 du 26 octobre 2023 de la Directrice g\u00e9n\u00e9rale de l'Agence r\u00e9gionale de \nsant\u00e9 \u00cele-de-France portant modification du cadre d'orientation strat\u00e9gique 2018 -2028 du projet \nr\u00e9gional de sant\u00e9 \u00cele-de-France ; \n \nVU l'arr\u00eat\u00e9 n\u00b0 DIRNOV-2023/09 du 26 octobre 2023 de la Directrice g\u00e9n\u00e9rale de l'Agence r\u00e9gionale de \nsant\u00e9 \u00cele-de-France portant adoption du sch\u00e9ma r\u00e9gional de sant\u00e9 2023 -2028 du projet r\u00e9gional de \nsant\u00e9 \u00cele-de-France ; \n \nVU l'arr\u00eat\u00e9 n\u00b0 2023-162 de la Directrice g\u00e9n\u00e9rale de l'Agence r\u00e9gionale de sant\u00e9 \u00cele-de-France en date \ndu 19 juin 2023 \u00e9tablissant le programme interd\u00e9partemental d'accompagnement des handicaps et \nde la perte d'autonomie (PRIAC) 2022-2026 pour la r\u00e9gion \u00cele-de-France ; \n \nVU \n \n \n \nl'arr\u00eat\u00e9 n\u00b0 2023-346 de la Directrice g\u00e9n\u00e9rale de l'Agence r\u00e9gionale de sant\u00e9 \u00cele -de-France en date \ndu 4 d\u00e9cembre 2023 \u00e9tablissant le programme interd\u00e9partemental d'accompagnement des handicaps \net de la perte d'autonomie (PRIAC) 2023-2027 pour la r\u00e9gion \u00cele-de-France ; \nVU l'arr\u00eat\u00e9 pr\u00e9fectoral n\u00b0 2009-41-4 du 10 f\u00e9vrier 2009 autorisant le fonctionnement du SSIAD \u00ab  UMC \nSocial \u00bb \u00e0 hauteur de 160 places dont 151 places affect\u00e9es \u00e0 la prise en charge des personnes \u00e2g\u00e9es \net 9 places affect\u00e9es \u00e0 la prise en charge des personnes handicap\u00e9es ; \n \nVU l'arr\u00eat\u00e9 n\u00b0 2010-255 du 31 d\u00e9cembre 2010 portant autorisation d'extension de 10 places d'ESA  ; \n  \nVU l'arr\u00eat\u00e9 n\u00b0 2017-429 du 27 d\u00e9cembre 2017 portant approbation de cession d'autorisation du SSIAD \ng\u00e9r\u00e9 par l'UMC au profit de l'Union Soins et Service Ile-de-France ; \n \nVU le courrier du 9 mars 2017 portant renouvellement d'autorisation du SSIAD SAINT SABIN \u00e0 compter \ndu 3 janvier 2017 ; \n \n \nCONSID\u00c9RANT  qu'il convient d'autoriser la r\u00e9duction de 9 places pour personnes en situation de \nhandicap du SSIAD VYV 3 PARIS NORD \u00e0 compter du 1er janvier 2026 ; \n  \nAgence R\u00e9gionale de Sant\u00e9 - IDF-2025-11-17-00016 - Arr\u00eat\u00e9 n\u00b0 2025-316 portant autorisation de r\u00e9duction de 9 places pour personnes\nhandicap\u00e9es du  SSIAD VYV 3 PARIS NORD \nsis au 39 rue Amelot \u00e0 Paris (75011) \ng\u00e9r\u00e9 par VYV 3 \u00cele-de-France\n9\nCONSID\u00c9RANT  que le projet satisfait aux r\u00e8gles d'organisation et de fonctionnement pr\u00e9vues par le code \nde l'action sociale et des familles ; \n \n \nARR\u00caTE  \n \n \nARTICLE 1er : L'autorisation visant la r\u00e9duction de 9 places pour personnes en situation de handicap du \nSSIAD VYV 3 PARIS NORD sis au 39 rue Amelot \u00e0 Paris (75011) est accord\u00e9e \u00e0 VYV 3 \n\u00cele-de-France. \n  \n \nARTICLE 2e : La capacit\u00e9 totale du SSIAD est fix\u00e9e \u00e0 161 places r\u00e9parties de la mani\u00e8re suivante : \n- 151 places pour personnes \u00e2g\u00e9es \n- 10 places d'\u00e9quipe sp\u00e9cialis\u00e9e Alzheimer. \nLa zone d'intervention du SSIAD couvre le 11\u00e8me arrondissement de Paris. \n \nARTICLE 3e : Cette structure est r\u00e9pertori\u00e9e dans le Fichier National des Etablissements Sanitaires et \nSociaux (FINESS) de la fa\u00e7on suivante : \n \nN\u00b0 FINESS \u00e9tablissement : 75 082 904 6 \nCode cat\u00e9gorie : [354] SSIAD \n \nCode discipline : [358] Soins infirmiers \u00e0 domicile \nCode fonctionnement (type d'activit\u00e9) : [16] Prestation en milieu ordinaire  \nCode client\u00e8le : [700] Personnes \u00e2g\u00e9es \nCapacit\u00e9 : 151 \n \nCode discipline : [357] Activit\u00e9 soins d'accompagnement et de r\u00e9habilitation \nCode fonctionnement (type d'activit\u00e9) : [16] Prestation en milieu ordinaire  \nCode client\u00e8le : [436] Personnes Alzheimer ou maladies apparent\u00e9es \nCapacit\u00e9 : 10 \n   \nN\u00b0 FINESS du gestionnaire : 75 005 884 4  \nCode statut : [47] Soci\u00e9t\u00e9 Mutualiste \n  \n \nARTICLE 4e : Le pr\u00e9sent arr\u00eat\u00e9 est sans effet concernant la dur\u00e9e d'autorisation accord\u00e9e \u00e0 \nl'\u00e9tablissement jusqu'au 3 janvier 2032 et conform\u00e9ment aux conditions pr\u00e9vues aux articles \nL.312-8 et L.313-5 du code de l'action sociale et des familles. \n  \n \nARTICLE 5e : Tout changement important dans l'activit\u00e9, l'installation, l'organisation, la direction ou le \nfonctionnement de l'\u00e9tablissement ou du service doit \u00eatre port\u00e9 \u00e0 la connaissance des \nautorit\u00e9s comp\u00e9tentes. \n  \n \nARTICLE 6e : Un recours contre le pr\u00e9sent arr\u00eat\u00e9 peut \u00eatre form\u00e9 devant le tribunal administratif \ncomp\u00e9tent dans un d\u00e9lai de deux mois \u00e0 compter de sa notification.   \n  \n \n \n \n \n \n \n \n \nAgence R\u00e9gionale de Sant\u00e9 - IDF-2025-11-17-00016 - Arr\u00eat\u00e9 n\u00b0 2025-316 portant autorisation de r\u00e9duction de 9 places pour personnes\nhandicap\u00e9es du  SSIAD VYV 3 PARIS NORD \nsis au 39 rue Amelot \u00e0 Paris (75011) \ng\u00e9r\u00e9 par VYV 3 \u00cele-de-France\n10\ngig\"\nARTICLE 7e : Le Directeur de la D\u00e9l\u00e9gation d\u00e9partementale de Paris de l'Agence r\u00e9gionale de sant\u00e9                    \n\u00cele-de-France est charg\u00e9e de l'ex\u00e9cution du pr\u00e9sent arr\u00eat\u00e9 qui sera notifi\u00e9 au demandeur, \npubli\u00e9 au recueil des actes administratifs de la R\u00e9gion \u00cele-de-France. \n \n \n \n            Fait \u00e0 Saint-Denis, le 17/11/2025 \n \n \n Pour le Directeur g\u00e9n\u00e9ral  \nde l'Agence r\u00e9gionale de sant\u00e9  \n\u00cele-de-France et par d\u00e9l\u00e9gation \n  \nSt\u00e9phanie TALBOT  \nDirectrice de l'autonomie \n \n \nAgence R\u00e9gionale de Sant\u00e9 - IDF-2025-11-17-00016 - Arr\u00eat\u00e9 n\u00b0 2025-316 portant autorisation de r\u00e9duction de 9 places pour personnes\nhandicap\u00e9es du  SSIAD VYV 3 PARIS NORD \nsis au 39 rue Amelot \u00e0 Paris (75011) \ng\u00e9r\u00e9 par VYV 3 \u00cele-de-France\n11\nAgence R\u00e9gionale de Sant\u00e9\nIDF-2025-11-17-00018\nArr\u00eat\u00e9 n\u00b0 2025-317 portant autorisation de\nr\u00e9duction de 15 places pour personnes\nhandicap\u00e9es du SSIAD DOMUSVI DOMICILE\nMontmartre sis au 59 rue Eug\u00e8ne Carri\u00e8re \u00e0 Paris\n(75018) g\u00e9r\u00e9 par la SAS DOMUSVI DOMICILE \nAgence R\u00e9gionale de Sant\u00e9 - IDF-2025-11-17-00018 - Arr\u00eat\u00e9 n\u00b0 2025-317 portant autorisation de r\u00e9duction de 15 places pour personnes\nhandicap\u00e9es du SSIAD DOMUSVI DOMICILE Montmartre sis au 59 rue Eug\u00e8ne Carri\u00e8re \u00e0 Paris (75018) g\u00e9r\u00e9 par la SAS DOMUSVI\nDOMICILE \n12\nREPUBLIQUEFRANCAISELibert\u00e9Egalit\u00e9Fraternit\u00e9 \u00a9 \u00bb Agence R\u00e9gionale de Sant\u00e9Ile-de-France\n \n                                                               \n  \n \n \n \nAGENCE R\u00c9GIONALE DE SANT\u00c9 \u00ceLE-DE-FRANCE \nARR\u00caT\u00c9 N\u00b0 2025 - 317 \nportant autorisation de r\u00e9duction de 15 places pour personnes handicap\u00e9es                                       \ndu Service de soins infirmiers \u00e0 domicile (SSIAD) DOMUSVI DOMICILE Montmartre                      \nsis au 59 rue Eug\u00e8ne Carri\u00e8re \u00e0 Paris (75018) g\u00e9r\u00e9 par la SAS DOMUSVI DOMICILE  \n \n \nLE DIRECTEUR G\u00c9N\u00c9RAL DE L'AGENCE R\u00c9GIONALE DE SANT\u00c9 \u00ceLE-DE-FRANCE \n \n \nVU le code de l'action sociale et des familles et notamment les articles L312 -1, L313 -1, L314 -3 et \nsuivants ; \n \nVU le d\u00e9cret du 10 avril 2024 portant nomination de Monsieur Denis ROBIN, Directeur g\u00e9n\u00e9ral de \nl'Agence r\u00e9gionale de sant\u00e9 \u00cele-de-France \u00e0 compter du 29 avril 2024 ; \n \nVU l'arr\u00eat\u00e9 DS N\u00b0115/2024 du 25 septembre 2024 portant d\u00e9l\u00e9gation de signature \u00e0 Madame St\u00e9phanie \nTALBOT, Directrice de l'autonomie ; \n \nVU l'arr\u00eat\u00e9 n\u00b0 DIRNOV-2023/08 du 26 octobre 2023 de la Directrice g\u00e9n\u00e9rale de l'Agence r\u00e9gionale de \nsant\u00e9 \u00cele-de-France portant modification du cadre d'orientation strat\u00e9gique 2018 -2028 du projet \nr\u00e9gional de sant\u00e9 \u00cele-de-France ; \n \nVU l'arr\u00eat\u00e9 n\u00b0 DIRNOV-2023/09 du 26 octobre 2023 de la Directrice g\u00e9n\u00e9rale de l'Agence r\u00e9gionale de \nsant\u00e9 \u00cele-de-France portant adoption du sch\u00e9ma r\u00e9gional de sant\u00e9 2023 -2028 du projet r\u00e9gional de \nsant\u00e9 \u00cele-de-France ; \n \nVU l'arr\u00eat\u00e9 n\u00b0 2023-162 de la Directrice g\u00e9n\u00e9rale de l'Agence r\u00e9gionale de sant\u00e9 \u00cele-de-France en date \ndu 19 juin 2023 \u00e9tablissant le programme interd\u00e9partemental d'accompagnement des handicaps et \nde la perte d'autonomie (PRIAC) 2022-2026 pour la r\u00e9gion \u00cele-de-France ; \n \nVU l'arr\u00eat\u00e9 n\u00b0 2023-346 de la Directrice g\u00e9n\u00e9rale de l'Agence r\u00e9gionale de sant\u00e9 \u00cele -de-France en date \ndu 4 d\u00e9cembre 2023 \u00e9tablissant le programme interd\u00e9partemental d'accompagnement des handicaps \net de la perte d'autonomie (PRIAC) 2023-2027 pour la r\u00e9gion \u00cele-de-France ; \n \nVU l'arr\u00eat\u00e9 n\u00b0 2007-365-7 du 31 d\u00e9cembre 2007 portant cr\u00e9ation d'un SSIAD de 70 places ; \n \nVU l'arr\u00eat\u00e9 n\u00b0 2009-324-3 du 20 novembre 2009  portant cr\u00e9ation d'un SSIAD renforc\u00e9 de 40 places \u00e0 \ntitre exp\u00e9rimental ; \n \nVU l'arr\u00eat\u00e9 n\u00b0 2010-85 du 6 ao\u00fbt 2010 portant \u00e0 150 places la capacit\u00e9 du SSIAD DOMIDOM Soins \nMontmartre ; \n \nVU l'arr\u00eat\u00e9 n\u00b0 2016-238 du 3 ao\u00fbt 2016 portant modification de la capacit\u00e9 du SSIAD DOMIDOM Soins \nMontmartre \u00e0 175 places pour personnes \u00e2g\u00e9es et 15 places pour personnes en situation de handicap \net changement de d\u00e9nomination en DOMUSVI DOMICILE SOINS Montmartre ; \n \nVU l'arr\u00eat\u00e9 n\u00b0 2019-129 en date du 15 juillet 2019 portant approbation de cession d'autorisation du SSIAD \nDOMUSVI DOMICILE SOINS Montmartre au profit de la SAS DOMUSVI DOMICILE et changement \nde d\u00e9nomination du SSIAD ;  \n \n \nAgence R\u00e9gionale de Sant\u00e9 - IDF-2025-11-17-00018 - Arr\u00eat\u00e9 n\u00b0 2025-317 portant autorisation de r\u00e9duction de 15 places pour personnes\nhandicap\u00e9es du SSIAD DOMUSVI DOMICILE Montmartre sis au 59 rue Eug\u00e8ne Carri\u00e8re \u00e0 Paris (75018) g\u00e9r\u00e9 par la SAS DOMUSVI\nDOMICILE \n13\nCONSID\u00c9RANT  qu'il convient d' autoriser la r\u00e9duction de 15 places pour personnes en situation de \nhandicap du SSIAD DOMUSVI DOMICILE Montmartre \u00e0 compter du 1er janvier 2026 ; \n  \nCONSID\u00c9RANT  que le projet satisfait aux r\u00e8gles d'organisation et de fonctionnement pr\u00e9vues par le code \nde l'action sociale et des familles ; \n \n \nARR\u00caTE \n \n \nARTICLE 1er : L'autorisation visant la r\u00e9duction de 15 places pour personnes en situation de handicap du \nSSIADDOMUSVI DOMICILE Montmartre sis au 59 rue Eug\u00e8ne Carri\u00e8re \u00e0 Paris (75018) \nest accord\u00e9e \u00e0 la SAS DOMUSVI DOMICILE. \n  \n \nARTICLE 2e : La capacit\u00e9 totale du SSIAD est fix\u00e9e \u00e0 175 places pour personnes \u00e2g\u00e9es.    \nLa zone d'intervention du SSIAD couvre le 18\u00e8me arrondissement de Paris. \nARTICLE 3e : Cette structure est r\u00e9pertori\u00e9e dans le Fichier National des Etablissements Sanitaires et \nSociaux (FINESS) de la fa\u00e7on suivante : \n \nN\u00b0 FINESS \u00e9tablissement : 75 004 043 8 \nCode cat\u00e9gorie : [354] SSIAD \n \nCode discipline : [358] Soins infirmiers \u00e0 domicile \nCode fonctionnement (type d'activit\u00e9) : [16] Prestation en milieu ordinaire  \nCode client\u00e8le : [700] Personnes \u00e2g\u00e9es \n  \nN\u00b0 FINESS du gestionnaire : 92 002 826 3 \nCode statut : [95] Soci\u00e9t\u00e9 par Actions Simplifi\u00e9e \n  \n \nARTICLE 4e : Le pr\u00e9sent arr\u00eat\u00e9 est sans effet concernant la dur\u00e9e d'autorisation accord\u00e9e \u00e0 \nl'\u00e9tablissement jusqu'au 31 d\u00e9cembre 2037 et conform\u00e9ment aux conditions pr\u00e9vues aux \narticles L.312-8 et L.313-5 du code de l'action sociale et des familles. \n  \n \nARTICLE 5e : Tout changement important dans l'activit\u00e9, l'installation, l'organisation, la direction ou le \nfonctionnement de l'\u00e9tablissement ou du service doit \u00eatre port\u00e9 \u00e0 la connaissance des \nautorit\u00e9s comp\u00e9tentes. \n  \n \nARTICLE 6e : Un recours contre le pr\u00e9sent arr\u00eat\u00e9 peut \u00eatre form\u00e9 devant le tribunal administratif \ncomp\u00e9tent dans un d\u00e9lai de deux mois \u00e0 compter de sa notification.   \n  \n \nARTICLE 7e : Le Directeur de la D\u00e9l\u00e9gation d\u00e9partementale de Paris de l'Agence r\u00e9gionale de sant\u00e9                          \n\u00cele-de-France est charg\u00e9 de l'ex\u00e9cution du pr\u00e9sent arr\u00eat\u00e9 qui sera notifi\u00e9 au demandeur, \npubli\u00e9 au recueil des actes administratifs de la R\u00e9gion \u00cele-de-France. \n \n            Fait \u00e0 Saint-Denis, le 17/11/2025 \n \n Pour le Directeur g\u00e9n\u00e9ral  \nde l'Agence r\u00e9gionale de sant\u00e9  \n\u00cele-de-France et par d\u00e9l\u00e9gation \n  \nSt\u00e9phanie TALBOT  \nDirectrice de l'autonomie \nAgence R\u00e9gionale de Sant\u00e9 - IDF-2025-11-17-00018 - Arr\u00eat\u00e9 n\u00b0 2025-317 portant autorisation de r\u00e9duction de 15 places pour personnes\nhandicap\u00e9es du SSIAD DOMUSVI DOMICILE Montmartre sis au 59 rue Eug\u00e8ne Carri\u00e8re \u00e0 Paris (75018) g\u00e9r\u00e9 par la SAS DOMUSVI\nDOMICILE \n14\n \n \nAgence R\u00e9gionale de Sant\u00e9 - IDF-2025-11-17-00018 - Arr\u00eat\u00e9 n\u00b0 2025-317 portant autorisation de r\u00e9duction de 15 places pour personnes\nhandicap\u00e9es du SSIAD DOMUSVI DOMICILE Montmartre sis au 59 rue Eug\u00e8ne Carri\u00e8re \u00e0 Paris (75018) g\u00e9r\u00e9 par la SAS DOMUSVI\nDOMICILE \n15\nAgence R\u00e9gionale de Sant\u00e9\nIDF-2025-11-17-00017\nArr\u00eat\u00e9 n\u00b0 2025-318 portant autorisation de\nr\u00e9duction de 5 places pour personnes\nhandicap\u00e9es du SSIAD DOMUSVI DOMICILE\nEurope sis au 50 rue du Rocher \u00e0 Paris (75008)\ng\u00e9r\u00e9 par la SAS DOMUSVI DOMICILE \nAgence R\u00e9gionale de Sant\u00e9 - IDF-2025-11-17-00017 - Arr\u00eat\u00e9 n\u00b0 2025-318 portant autorisation de r\u00e9duction de 5 places pour personnes\nhandicap\u00e9es du SSIAD DOMUSVI DOMICILE Europe sis au 50 rue du Rocher \u00e0 Paris (75008) g\u00e9r\u00e9 par la SAS DOMUSVI DOMICILE 16\nREPUBLIQUEFRANCAISELibert\u00e9Egalit\u00e9Fraternit\u00e9 \u00a9 \u00bb Agence R\u00e9gionale de Sant\u00e9Ile-de-France\n \n                                                               \n  \n \n \n \nAGENCE R\u00c9GIONALE DE SANT\u00c9 \u00ceLE-DE-FRANCE \nARR\u00caT\u00c9 N\u00b0 2025 - 318 \nportant autorisation de r\u00e9duction de 5 places pour personnes handicap\u00e9es                          \ndu Service de soins infirmiers \u00e0 domicile (SSIAD) DOMUSVI DOMICILE Europe                                    \nsis au 50 rue du Rocher \u00e0 Paris (75008) g\u00e9r\u00e9 par la SAS DOMUSVI DOMICILE  \n \n \nLE DIRECTEUR G\u00c9N\u00c9RAL DE L'AGENCE R\u00c9GIONALE DE SANT\u00c9 \u00ceLE-DE-FRANCE \n \n \nVU le code de l'action sociale et des familles et notamment les articles L312 -1, L313 -1, L314 -3 et \nsuivants ; \n \nVU le d\u00e9cret du 10 avril 2024 portant nomination de Monsieur Denis ROBIN, Directeur g\u00e9n\u00e9ral de \nl'Agence r\u00e9gionale de sant\u00e9 \u00cele-de-France \u00e0 compter du 29 avril 2024 ; \n \nVU l'arr\u00eat\u00e9 DS N\u00b0115/2024 du 25 septembre 2024 portant d\u00e9l\u00e9gation de signature \u00e0 Madame St\u00e9phanie \nTALBOT, Directrice de l'autonomie ; \n \nVU l'arr\u00eat\u00e9 n\u00b0 DIRNOV-2023/08 du 26 octobre 2023 de la Directrice g\u00e9n\u00e9rale de l'Agence r\u00e9gionale de \nsant\u00e9 \u00cele-de-France portant modification du cadre d'orientation strat\u00e9gique 2018 -2028 du projet \nr\u00e9gional de sant\u00e9 \u00cele-de-France ; \n \nVU l'arr\u00eat\u00e9 n\u00b0 DIRNOV-2023/09 du 26 octobre 2023 de la Directrice g\u00e9n\u00e9rale de l'Agence r\u00e9gionale de \nsant\u00e9 \u00cele-de-France portant adoption du sch\u00e9ma r\u00e9gional de sant\u00e9 2023 -2028 du projet r\u00e9gional de \nsant\u00e9 \u00cele-de-France ; \n \nVU l'arr\u00eat\u00e9 n\u00b0 2023-162 de la Directrice g\u00e9n\u00e9rale de l'Agence r\u00e9gionale de sant\u00e9 \u00cele-de-France en date \ndu 19 juin 2023 \u00e9tablissant le programme interd\u00e9partemental d'accompagnement des handicaps et \nde la perte d'autonomie (PRIAC) 2022-2026 pour la r\u00e9gion \u00cele-de-France ; \n \nVU \n \n \n \nl'arr\u00eat\u00e9 n\u00b0 2023-346 de la Directrice g\u00e9n\u00e9rale de l'Agence r\u00e9gionale de sant\u00e9 \u00cele -de-France en date \ndu 4 d\u00e9cembre 2023 \u00e9tablissant le programme interd\u00e9partemental d'accompagnement des handicaps \net de la perte d'autonomie (PRIAC) 2023-2027 pour la r\u00e9gion \u00cele-de-France ; \nVU l'arr\u00eat\u00e9 n\u00b0 2011/DT75/15 du 7 f\u00e9vrier 2011 portant sur le transfert de la gestion du SSIAD \n\u00ab Elizabeth \u00bb au SSIAD DOMIDOM Soins Europe pour une capacit\u00e9 de 60 places dont 57 places \naffect\u00e9es \u00e0 la prise en charge de personnes \u00e2g\u00e9es et 3 places affect\u00e9es \u00e0 la prise en c harge de \npersonnes handicap\u00e9es ; \n \nVU l'arr\u00eat\u00e9 n\u00b0 2016-239 du 3 ao\u00fbt 2016 portant autorisation d' extension de 2 places pour personnes \nhandicap\u00e9es du SSIAD et changement de d\u00e9nomination en DOMUSVI DOMICILE SOINS Europe ;  \n \nVU l'arr\u00eat\u00e9 n\u00b0 2019 -130 du 15 juillet 2019  portant approbation de cession d'autorisation du SSIAD \nDOMUSVI DOMICILE SOINS Europe g\u00e9r\u00e9 par la SARL DOMUSVI DOMICILE SOINS au profit de la \nSAS DOMUSVI DOMICILE et changement de d\u00e9nomination du SSIAD ;  \n \n \nCONSID\u00c9RANT  qu'il convient d'autoriser la r\u00e9duction de 5 places pour personnes en situation de \nhandicap du SSIAD DOMUSVI DOMICILE Europe \u00e0 compter du 1er janvier 2026 ; \n  \nAgence R\u00e9gionale de Sant\u00e9 - IDF-2025-11-17-00017 - Arr\u00eat\u00e9 n\u00b0 2025-318 portant autorisation de r\u00e9duction de 5 places pour personnes\nhandicap\u00e9es du SSIAD DOMUSVI DOMICILE Europe sis au 50 rue du Rocher \u00e0 Paris (75008) g\u00e9r\u00e9 par la SAS DOMUSVI DOMICILE 17\nsig\nCONSID\u00c9RANT  que le projet satisfait aux r\u00e8gles d'organisation et de fonctionnement pr\u00e9vues par le code \nde l'action sociale et des familles ; \n \n \nARR\u00caTE  \n \n \nARTICLE 1er : L'autorisation visant la r\u00e9duction de 5 places pour personnes en situation de handicap du \nSSIAD DOMUSVI DOMICILE Europe sis au 50 rue du Rocher \u00e0 Paris (75008) est accord\u00e9e \n\u00e0 la SAS DOMUSVI DOMICILE. \n  \n \nARTICLE 2e : La capacit\u00e9 totale du SSIAD est fix\u00e9e \u00e0 57 places pour personnes \u00e2g\u00e9es.                                                             \nLa zone d'intervention du SSIAD couvre le 8\u00e8me arrondissement de Paris \nARTICLE 3e : Cette structure est r\u00e9pertori\u00e9e dans le Fichier National des Etablissements Sanitaires et \nSociaux (FINESS) de la fa\u00e7on suivante : \n \nN\u00b0 FINESS \u00e9tablissement : 75 003 294 8 \nCode cat\u00e9gorie : [354] SSIAD \n \nCode discipline : [358] Soins infirmiers \u00e0 domicile \nCode fonctionnement (type d'activit\u00e9) : [16] Prestation en milieu ordinaire  \nCode client\u00e8le : [700] Personnes \u00e2g\u00e9es \n  \nN\u00b0 FINESS du gestionnaire : 92 002 826 3 \nCode statut : [95] Soci\u00e9t\u00e9 par Actions Simplifi\u00e9e \n  \n \nARTICLE 4e : Le pr\u00e9sent arr\u00eat\u00e9 est sans effet concernant la dur\u00e9e d'autorisation accord\u00e9e \u00e0 \nl'\u00e9tablissement pour 15 ans et conform\u00e9ment aux conditions pr\u00e9vues aux articles L.312 -8 \net L.313-5 du code de l'action sociale et des familles. \n  \n \nARTICLE 5e : Tout changement important dans l'activit\u00e9, l'installation, l'organisation, la direction ou le \nfonctionnement de l'\u00e9tablissement ou du service doit \u00eatre port\u00e9 \u00e0 la connaissance des \nautorit\u00e9s comp\u00e9tentes. \n  \n \nARTICLE 6e : Un recours contre le pr\u00e9sent arr\u00eat\u00e9 peut \u00eatre form\u00e9 devant le tribunal administratif \ncomp\u00e9tent dans un d\u00e9lai de deux mois \u00e0 compter de sa notification.   \n  \n \nARTICLE 7e : Le Directeur de la D\u00e9l\u00e9gation d\u00e9partementale de Paris de l'Agence r\u00e9gionale de sant\u00e9                 \n\u00cele-de-France est charg\u00e9 de l'ex\u00e9cution du pr\u00e9sent arr\u00eat\u00e9 qui sera notifi\u00e9 au demandeur, \npubli\u00e9 au recueil des actes administratifs de la R\u00e9gion \u00cele-de-France. \n \n            Fait \u00e0 Saint-Denis, le 17/11/2025 \n \n Pour le Directeur g\u00e9n\u00e9ral  \nde l'Agence r\u00e9gionale de sant\u00e9  \n\u00cele-de-France et par d\u00e9l\u00e9gation \n  \nSt\u00e9phanie TALBOT  \nDirectrice de l'autonomie \nAgence R\u00e9gionale de Sant\u00e9 - IDF-2025-11-17-00017 - Arr\u00eat\u00e9 n\u00b0 2025-318 portant autorisation de r\u00e9duction de 5 places pour personnes\nhandicap\u00e9es du SSIAD DOMUSVI DOMICILE Europe sis au 50 rue du Rocher \u00e0 Paris (75008) g\u00e9r\u00e9 par la SAS DOMUSVI DOMICILE 18\n \n \nAgence R\u00e9gionale de Sant\u00e9 - IDF-2025-11-17-00017 - Arr\u00eat\u00e9 n\u00b0 2025-318 portant autorisation de r\u00e9duction de 5 places pour personnes\nhandicap\u00e9es du SSIAD DOMUSVI DOMICILE Europe sis au 50 rue du Rocher \u00e0 Paris (75008) g\u00e9r\u00e9 par la SAS DOMUSVI DOMICILE 19\nAgence R\u00e9gionale de Sant\u00e9\nIDF-2025-11-17-00019\nArr\u00eat\u00e9 n\u00b0 2025-319 portant autorisation de\nmodification de capacit\u00e9 du SSIAD DOMUSVI\nDOMICILE Paris 16 sis au 46 rue Chardon Lagache\n(75016) g\u00e9r\u00e9 par la SAS DOMUSVI DOMICILE \nAgence R\u00e9gionale de Sant\u00e9 - IDF-2025-11-17-00019 - Arr\u00eat\u00e9 n\u00b0 2025-319 portant autorisation de modification de capacit\u00e9 du SSIAD\nDOMUSVI DOMICILE Paris 16 sis au 46 rue Chardon Lagache (75016) g\u00e9r\u00e9 par la SAS DOMUSVI DOMICILE 20\nREPUBLIQUEFRANCAISELibert\u00e9Egalit\u00e9Fraternit\u00e9 \u00a9 \u00bb Agence R\u00e9gionale de Sant\u00e9Ile-de-France\n \n                                                               \n  \n \n \n \nAGENCE R\u00c9GIONALE DE SANT\u00c9 \u00ceLE-DE-FRANCE \nARR\u00caT\u00c9 N\u00b0 2025 - 319 \nportant autorisation de modification de capacit\u00e9 du Service de soins infirmiers                        \n\u00e0 domicile (SSIAD) DOMUSVI DOMICILE Paris 16 sis au 46 rue Chardon Lagache (75016) \ng\u00e9r\u00e9 par la SAS DOMUSVI DOMICILE  \n \n \nLE DIRECTEUR G\u00c9N\u00c9RAL DE L'AGENCE R\u00c9GIONALE DE SANT\u00c9 \u00ceLE-DE-FRANCE \n \n \nVU le code de l'action sociale et des familles et notamment les articles L312 -1, L313 -1, L314 -3 et \nsuivants ; \n \nVU le d\u00e9cret du 10 avril 2024 portant nomination de Monsieur Denis ROBIN, Directeur g\u00e9n\u00e9ral de \nl'Agence r\u00e9gionale de sant\u00e9 \u00cele-de-France \u00e0 compter du 29 avril 2024 ; \n \nVU l'arr\u00eat\u00e9 DS N\u00b0115/2024 du 25 septembre 2024 portant d\u00e9l\u00e9gation de signature \u00e0 Madame St\u00e9phanie \nTALBOT, Directrice de l'autonomie ; \n \nVU l'arr\u00eat\u00e9 n\u00b0 DIRNOV-2023/08 du 26 octobre 2023 de la Directrice g\u00e9n\u00e9rale de l'Agence r\u00e9gionale de \nsant\u00e9 \u00cele-de-France portant modification du cadre d'orientation strat\u00e9gique 2018 -2028 du projet \nr\u00e9gional de sant\u00e9 \u00cele-de-France ; \n \nVU l'arr\u00eat\u00e9 n\u00b0 DIRNOV-2023/09 du 26 octobre 2023 de la Directrice g\u00e9n\u00e9rale de l'Agence r\u00e9gionale de \nsant\u00e9 \u00cele-de-France portant adoption du sch\u00e9ma r\u00e9gional de sant\u00e9 2023 -2028 du projet r\u00e9gional de \nsant\u00e9 \u00cele-de-France ; \n \nVU l'arr\u00eat\u00e9 n\u00b0 2023-162 de la Directrice g\u00e9n\u00e9rale de l'Agence r\u00e9gionale de sant\u00e9 \u00cele-de-France en date \ndu 19 juin 2023 \u00e9tablissant le programme interd\u00e9partemental d'accompagnement des handicaps et \nde la perte d'autonomie (PRIAC) 2022-2026 pour la r\u00e9gion \u00cele-de-France ; \n \nVU \n \n \n \nl'arr\u00eat\u00e9 n\u00b0 2023-346 de la Directrice g\u00e9n\u00e9rale de l'Agence r\u00e9gionale de sant\u00e9 \u00cele -de-France en date \ndu 4 d\u00e9cembre 2023 \u00e9tablissant le programme interd\u00e9partemental d'accompagnement des handicaps \net de la perte d'autonomie (PRIAC) 2023-2027 pour la r\u00e9gion \u00cele-de-France ; \nVU l'arr\u00eat\u00e9 n\u00b0 2006-33-1 du 2 f\u00e9vrier 2006 portant autorisation d'un SSIAD d'une capacit\u00e9 de 90 places \naffect\u00e9es \u00e0 la prise en charge de personnes \u00e2g\u00e9es ; \n \nVU l'arr\u00eat\u00e9 n\u00b0 2007-103-3 modifiant la capacit\u00e9 du SSIAD \u00e0 86 places affect\u00e9es \u00e0 la prise en charge de \npersonnes \u00e2g\u00e9es et 4 places affect\u00e9es \u00e0 la prise en charge des personnes handicap\u00e9es  ;  \n  \n \nCONSID\u00c9RANT  qu'il convient d'autoriser l'extension de 9 places pour personnes \u00e2g\u00e9es du SSIAD \nDOMUSVI DOMICILE Paris 16 \u00e0 compter du 1er d\u00e9cembre 2025 ; \n \nCONSID\u00c9RANT  qu'il convient d'autoriser l'extension de 11 places pour personnes en situation de \nhandicap du SSIAD DOMUSVI DOMICILE Paris 16 \u00e0 compter du 1er janvier 2026 ; \n \nCONSID\u00c9RANT  que le projet satisfait aux r\u00e8gles d'organisation et de fonctionnement pr\u00e9vues par le code \nde l'action sociale et des familles ; \n \n \nAgence R\u00e9gionale de Sant\u00e9 - IDF-2025-11-17-00019 - Arr\u00eat\u00e9 n\u00b0 2025-319 portant autorisation de modification de capacit\u00e9 du SSIAD\nDOMUSVI DOMICILE Paris 16 sis au 46 rue Chardon Lagache (75016) g\u00e9r\u00e9 par la SAS DOMUSVI DOMICILE 21\nsig\"\nARR\u00caTE \n \n \nARTICLE 1er : \n \n \n \nL'autorisation visant l 'extension de 9 places pour personnes \u00e2g\u00e9es du SSIAD DOMUSVI \nDOMICILE Paris 16 sis au 46 rue Chardon Lagache \u00e0 Paris (75016) est accord\u00e9e \u00e0 la SAS \nDOMUSVI DOMICILE. \nARTICLE 2e : \n \n \n \nL'autorisation visant l'extension de 11 places pour personnes en situation de handicap du  \nSSIAD DOMUSVI DOMICILE Paris 16 sis au 46 rue Chardon Lagache \u00e0 Paris (75016) est \naccord\u00e9e \u00e0 la SAS DOMUSVI DOMICILE. \nARTICLE 3e : \n \n \n \n \n \n \nLa capacit\u00e9 totale du SSIAD est fix\u00e9e \u00e0 110 places r\u00e9parties de la mani\u00e8re suivante : \n- 95 places pour personnes \u00e2g\u00e9es \n- 15 places pour personnes en situation de handicap. \nLa zone d'intervention du SSIAD couvre le 16\u00e8me arrondissement de Paris. \nARTICLE 4e : \n \n \n \n \n \n \n \n \n \n \n \n \n \n \n \n \nCette structure est r\u00e9pertori\u00e9e dans le Fichier National des Etablissements Sanitaires et \nSociaux (FINESS) de la fa\u00e7on suivante : \n \nN\u00b0 FINESS \u00e9tablissement : 75 002 618 9 \nCode cat\u00e9gorie : [354] SSIAD \n \nCode discipline : [358] Soins infirmiers \u00e0 domicile \nCode fonctionnement (type d'activit\u00e9) : [16] Prestation en milieu ordinaire  \nCode client\u00e8le : [700] Personnes \u00e2g\u00e9es \n \nCode discipline : [358] Soins infirmiers \u00e0 domicile \nCode fonctionnement (type d'activit\u00e9) : [16] Prestation en milieu ordinaire  \nCode client\u00e8le : [010] Personnes handicap\u00e9es \n  \nN\u00b0 FINESS du gestionnaire : 92 002 826 3 \nCode statut : [95] Soci\u00e9t\u00e9 par Actions Simplifi\u00e9e \nARTICLE 5e : \n \n \n \nLe pr\u00e9sent arr\u00eat\u00e9 est sans effet concernant la dur\u00e9e d'autorisation accord\u00e9e \u00e0 \nl'\u00e9tablissement jusqu'au 2 f\u00e9vrier 2036 et conform\u00e9ment aux conditions pr\u00e9vues aux articles \nL.312-8 et L.313-5 du code de l'action sociale et des familles. \nARTICLE 6e : \n \n \n \nTout changement important dans l'activit\u00e9, l'installation, l'organisation, la direction ou le \nfonctionnement de l'\u00e9tablissement ou du service doit \u00eatre port\u00e9 \u00e0 la connaissance des \nautorit\u00e9s comp\u00e9tentes. \nARTICLE 7e : \n \n \nUn recours contre le pr\u00e9sent arr\u00eat\u00e9 peut \u00eatre form\u00e9 devant le tribunal administratif \ncomp\u00e9tent dans un d\u00e9lai de deux mois \u00e0 compter de sa notification.   \nARTICLE 8e : Le Directeur de la D\u00e9l\u00e9gation d\u00e9partementale de Paris de l'Agence r\u00e9gionale de sant\u00e9                 \n\u00cele-de-France est charg\u00e9 de l'ex\u00e9cution du pr\u00e9sent arr\u00eat\u00e9 qui sera notifi\u00e9 au demandeur, \npubli\u00e9 au recueil des actes administratifs de la R\u00e9gion \u00cele-de-France. \n \n            Fait \u00e0 Saint-Denis, le 17/11/2025 \n \n Pour le Directeur g\u00e9n\u00e9ral  \nde l'Agence r\u00e9gionale de sant\u00e9  \n\u00cele-de-France et par d\u00e9l\u00e9gation \n  \nSt\u00e9phanie TALBOT  \nDirectrice de l'autonomie \nAgence R\u00e9gionale de Sant\u00e9 - IDF-2025-11-17-00019 - Arr\u00eat\u00e9 n\u00b0 2025-319 portant autorisation de modification de capacit\u00e9 du SSIAD\nDOMUSVI DOMICILE Paris 16 sis au 46 rue Chardon Lagache (75016) g\u00e9r\u00e9 par la SAS DOMUSVI DOMICILE 22\n \n \nAgence R\u00e9gionale de Sant\u00e9 - IDF-2025-11-17-00019 - Arr\u00eat\u00e9 n\u00b0 2025-319 portant autorisation de modification de capacit\u00e9 du SSIAD\nDOMUSVI DOMICILE Paris 16 sis au 46 rue Chardon Lagache (75016) g\u00e9r\u00e9 par la SAS DOMUSVI DOMICILE 23\nAgence R\u00e9gionale de Sant\u00e9\nIDF-2025-11-17-00020\nArr\u00eat\u00e9 n\u00b0 2025-320 portant autorisation de\nmodification de capacit\u00e9 du SSIAD Les Lianes sis\nau 154 rue des Pyr\u00e9n\u00e9es \u00e0 Paris (75020) \ng\u00e9r\u00e9 par l'association ADMR 20 \nAgence R\u00e9gionale de Sant\u00e9 - IDF-2025-11-17-00020 - Arr\u00eat\u00e9 n\u00b0 2025-320 portant autorisation de modification de capacit\u00e9 du SSIAD\nLes Lianes sis au 154 rue des Pyr\u00e9n\u00e9es \u00e0 Paris (75020) \ng\u00e9r\u00e9 par l'association ADMR 20 \n24\nREPUBLIQUEFRANCAISELibert\u00e9Egalit\u00e9Fraternit\u00e9\n\u00a9 \u00bb Agence R\u00e9gionale de Sant\u00e9Ile-de-France\n \n                                                               \n  \n \n \n \n \nAGENCE R\u00c9GIONALE DE SANT\u00c9 \u00ceLE-DE-FRANCE \nARR\u00caT\u00c9 N\u00b0 2025 - 320 \nportant autorisation de modification de capacit\u00e9 du Service de soins infirmiers                         \n\u00e0 domicile (SSIAD) Les Lianes sis au 154 rue des Pyr\u00e9n\u00e9es \u00e0 Paris (75020)  \ng\u00e9r\u00e9 par l'association ADMR 20  \n \n \nLE DIRECTEUR G\u00c9N\u00c9RAL DE L'AGENCE R\u00c9GIONALE DE SANT\u00c9 \u00ceLE-DE-FRANCE \n \n \nVU le code de l'action sociale et des familles et notamment les articles L312 -1, L313 -1, L314 -3 et \nsuivants ; \n \nVU le d\u00e9cret du 10 avril 2024 portant nomination de Monsieur Denis ROBIN, Directeur  g\u00e9n\u00e9ral de \nl'Agence r\u00e9gionale de sant\u00e9 \u00cele-de-France \u00e0 compter du 29 avril 2024 ; \n \nVU l'arr\u00eat\u00e9 DS N\u00b0115/2024 du 25 septembre 2024 portant d\u00e9l\u00e9gation de signature \u00e0 Madame St\u00e9phanie \nTALBOT, Directrice de l'autonomie ; \n \nVU l'arr\u00eat\u00e9 n\u00b0 DIRNOV-2023/08 du 26 octobre 2023 de la Directrice g\u00e9n\u00e9rale de l'Agence r\u00e9gionale de \nsant\u00e9 \u00cele-de-France portant modification du cadre d'orientation strat\u00e9gique 2018 -2028 du projet \nr\u00e9gional de sant\u00e9 \u00cele-de-France ; \n \nVU l'arr\u00eat\u00e9 n\u00b0 DIRNOV-2023/09 du 26 octobre 2023 de la Directrice g\u00e9n\u00e9rale de l'Agence r\u00e9gionale de \nsant\u00e9 \u00cele-de-France portant adoption du sch\u00e9ma r\u00e9gional de sant\u00e9 2023 -2028 du projet r\u00e9gional de \nsant\u00e9 \u00cele-de-France ; \n \nVU l'arr\u00eat\u00e9 n\u00b0 2023-162 de la Directrice g\u00e9n\u00e9rale de l'Agence r\u00e9gionale de sant\u00e9 \u00cele-de-France en date \ndu 19 juin 2023 \u00e9tablissant le programme interd\u00e9partemental d'accompagnement des handicaps et \nde la perte d'autonomie (PRIAC) 2022-2026 pour la r\u00e9gion \u00cele-de-France ; \n \nVU \n \n \n \nl'arr\u00eat\u00e9 n\u00b0 2023-346 de la Directrice g\u00e9n\u00e9rale de l'Agence r\u00e9gionale de sant\u00e9 \u00cele -de-France en date \ndu 4 d\u00e9cembre 2023 \u00e9tablissant le programme interd\u00e9partemental d'accompagnement des handicaps \net de la perte d'autonomie (PRIAC) 2023-2027 pour la r\u00e9gion \u00cele-de-France ; \nVU \n \n \n \nle compte rendu du Conseil d'administration du 8 avril 2028 approuvant le principe de la cession \nd'autorisation du SSIAD les Lianes g\u00e9r\u00e9 par l'association ADMR 20 au profit de la F\u00e9d\u00e9ration ADMR \nde Paris ;  \nVU \n \nl'arr\u00eat\u00e9 pr\u00e9fectoral n\u00b0 2006-223-3 du 11 ao\u00fbt 2006 portant autorisation du SSIAD Les Lianes ; \n \nVU l'arr\u00eat\u00e9 n\u00b0 2012 -58 du 29 mars 2012  portant autorisation d' extension de 10 places d'\u00e9quipe \nsp\u00e9cialis\u00e9es Alzheimer au SSIAD Les Lianes g\u00e9r\u00e9 par l'association ADMR 20 , portant sa capacit\u00e9 \ntotale \u00e0 110 places (96 places pour personnes \u00e2g\u00e9es, 4 places pour personnes handicap\u00e9es et 10 \nplaces d'\u00e9quipe sp\u00e9cialis\u00e9e Alzheimer) ; \n \n  \n \n \n \nAgence R\u00e9gionale de Sant\u00e9 - IDF-2025-11-17-00020 - Arr\u00eat\u00e9 n\u00b0 2025-320 portant autorisation de modification de capacit\u00e9 du SSIAD\nLes Lianes sis au 154 rue des Pyr\u00e9n\u00e9es \u00e0 Paris (75020) \ng\u00e9r\u00e9 par l'association ADMR 20 \n25\n \n \nCONSID\u00c9RANT  qu'il convient d'a utoriser l'extension de 4 places pour personnes \u00e2g\u00e9es du SSIAD Les \nLianes \u00e0 compter du 1er d\u00e9cembre 2025 ; \n \nCONSID\u00c9RANT  qu'il convient d'a utoriser la r\u00e9duction de 4 places pour personnes en situation de \nhandicap du SSIAD Les Lianes \u00e0 compter du 1er janvier 2026 ; \n \nCONSID\u00c9RANT \n \nque l'approbation de la cession d'autorisation du SSIAD au profit de la F\u00e9d\u00e9ration ADMR \n\u00e0 compter du 1er janvier 2026 fera l'objet d'un arr\u00eat\u00e9 ult\u00e9rieur ; \n \nCONSID\u00c9RANT  que le projet satisfait aux r\u00e8gles d'organisation et de fonctionnement pr\u00e9vues par le code \nde l'action sociale et des familles ; \n \n \nARR\u00caTE \n \n \nARTICLE 1er : L'autorisation visant l 'extension de 4 places pour personnes \u00e2g\u00e9es du SSIAD Les Lianes \nsis au 154 rue des Pyr\u00e9n\u00e9es \u00e0 Paris (75020) est accord\u00e9e \u00e0 l'association ADMR 20. \n \nARTICLE 2e \n \n \n \nL'autorisation visant la r\u00e9duction de 4 places pour personnes en situation de handicap du \nSSIAD Les Lianes sis au 154 rue des Pyr\u00e9n\u00e9es \u00e0 Paris (75020) est accord\u00e9e \u00e0 l'association \nADMR 20. \nARTICLE 3e : \n \n \n \n \n \nLa capacit\u00e9 totale du SSIAD est fix\u00e9e \u00e0 110 places r\u00e9parties de la mani\u00e8re suivante :   \n- 100 places pour personnes \u00e2g\u00e9es \n- 10 places d'\u00e9quipe sp\u00e9cialis\u00e9e Alzheimer (ESA).  \nLa zone d'intervention du SSIAD couvre le 20\u00e8me arrondissement de Paris. \nARTICLE 4e : \n \n \n \n \n \n \n \n \n \n \n \n \n \n \n \n \nCette structure est r\u00e9pertori\u00e9e dans le Fichier National des Etablissements Sanitaires et \nSociaux (FINESS) de la fa\u00e7on suivante : \n \nN\u00b0 FINESS \u00e9tablissement : 75 002 878 9 \nCode cat\u00e9gorie : [354] SSIAD \n \nCode discipline : [358] Soins infirmiers \u00e0 domicile \nCode fonctionnement (type d'activit\u00e9) : [16] Prestation en milieu ordinaire  \nCode client\u00e8le : [700] Personnes \u00e2g\u00e9es \n \nCode discipline : [357] Activit\u00e9 soins d'accompagnement et de r\u00e9habilitation  \nCode fonctionnement (type d'activit\u00e9) : [16] Prestation en milieu ordinaire  \nCode client\u00e8le : [436] Personnes Alzheimer ou maladies apparent\u00e9es \n  \nN\u00b0 FINESS du gestionnaire : 75 004 040 4 \nCode statut : [60] Association Loi 1901 non Reconnue d'Utilit\u00e9 Publique  \nARTICLE 5e : \n \n \n \nLe pr\u00e9sent arr\u00eat\u00e9 est sans effet concernant la dur\u00e9e d'autorisation accord\u00e9e \u00e0 \nl'\u00e9tablissement jusqu'au 11 ao\u00fbt 2036 et conform\u00e9ment aux conditions pr\u00e9vues aux articles \nL.312-8 et L.313-5 du code de l'action sociale et des familles. \nARTICLE 6e : \n \n \n \nTout changement important dans l'activit\u00e9, l'installation, l'organisation, la direction ou le \nfonctionnement de l'\u00e9tablissement ou du service doit \u00eatre port\u00e9 \u00e0 la connaissance des \nautorit\u00e9s comp\u00e9tentes. \nARTICLE 7e : \n \n \n \n \n \n \n \nUn recours contre le pr\u00e9sent arr\u00eat\u00e9 peut \u00eatre form\u00e9 devant le tribunal administratif \ncomp\u00e9tent dans un d\u00e9lai de deux mois \u00e0 compter de sa notification.   \nAgence R\u00e9gionale de Sant\u00e9 - IDF-2025-11-17-00020 - Arr\u00eat\u00e9 n\u00b0 2025-320 portant autorisation de modification de capacit\u00e9 du SSIAD\nLes Lianes sis au 154 rue des Pyr\u00e9n\u00e9es \u00e0 Paris (75020) \ng\u00e9r\u00e9 par l'association ADMR 20 \n26\nsig\n \n \nARTICLE 8e \n \nLe Directeur de la D\u00e9l\u00e9gation d\u00e9partementale de Paris de l'Agence r\u00e9gionale de sant\u00e9                  \n\u00cele-de-France est charg\u00e9 de l'ex\u00e9cution du pr\u00e9sent arr\u00eat\u00e9 qui sera notifi\u00e9 au demandeur, \npubli\u00e9 au recueil des actes administratifs de la R\u00e9gion \u00cele-de-France. \n \n \n            Fait \u00e0 Saint-Denis, le 17/11/2025 \n \n \n Pour le Directeur g\u00e9n\u00e9ral  \nde l'Agence r\u00e9gionale de sant\u00e9  \n\u00cele-de-France et par d\u00e9l\u00e9gation \n  \nSt\u00e9phanie TALBOT  \nDirectrice de l'autonomie \n \n \nAgence R\u00e9gionale de Sant\u00e9 - IDF-2025-11-17-00020 - Arr\u00eat\u00e9 n\u00b0 2025-320 portant autorisation de modification de capacit\u00e9 du SSIAD\nLes Lianes sis au 154 rue des Pyr\u00e9n\u00e9es \u00e0 Paris (75020) \ng\u00e9r\u00e9 par l'association ADMR 20 \n27\nAgence R\u00e9gionale de Sant\u00e9\nIDF-2025-11-17-00021\nArr\u00eat\u00e9 n\u00b0 2025-321 portant autorisation de\nmodification de capacit\u00e9 du SSIAD \u00ab Gerbier \u00bb\nsis au 9 rue Gerbier \u00e0 Paris (75011) g\u00e9r\u00e9 par\nl'Association de g\u00e9rontologie du 11\u00e8me (AG11)\nAgence R\u00e9gionale de Sant\u00e9 - IDF-2025-11-17-00021 - Arr\u00eat\u00e9 n\u00b0 2025-321 portant autorisation de modification de capacit\u00e9 du SSIAD \u00ab\nGerbier \u00bb sis au 9 rue Gerbier \u00e0 Paris (75011) g\u00e9r\u00e9 par l'Association de g\u00e9rontologie du 11\u00e8me (AG11) 28\nVILLE DEFRANGAISE \u00a9 D Agence R\u00e9gionale de Sant\u00e9 pA R | SLibert\u00e9 \u00cele-de-FranceEgalit\u00e9Fraternit\u00e9\n \n                                                               \n  \n \n \n \n \nAGENCE R\u00c9GIONALE DE SANT\u00c9 \u00ceLE-DE-FRANCE \nARR\u00caT\u00c9 N\u00b0 2025 - 321 \nportant autorisation de modification de capacit\u00e9 du Service de soins                                      \ninfirmiers \u00e0 domicile (SSIAD) \u00ab Gerbier \u00bb sis au 9 rue Gerbier \u00e0 Paris (75011)                                                                                 \ng\u00e9r\u00e9 par l'Association de g\u00e9rontologie du 11\u00e8me (AG11) \n    \n \nLE DIRECTEUR G\u00c9N\u00c9RAL DE L'AGENCE R\u00c9GIONALE DE SANT\u00c9 \u00ceLE-DE-FRANCE \n \n \nVU le code de l'action sociale et des familles et notamment les articles L312 -1, L313 -1, L314 -3 et \nsuivants ; \n \nVU le d\u00e9cret du 10 avril 2024 portant nomination de Monsieur Denis ROBIN, Directeur g\u00e9n\u00e9ral de \nl'Agence r\u00e9gionale de sant\u00e9 \u00cele-de-France \u00e0 compter du 29 avril 2024 ; \n \nVU l'arr\u00eat\u00e9 DS N\u00b0115/2024 du 25 septembre 2024 portant d\u00e9l\u00e9gation de signature \u00e0 Madame St\u00e9phanie \nTALBOT, Directrice de l'autonomie ; \n \nVU l'arr\u00eat\u00e9 n\u00b0 DIRNOV-2023/08 du 26 octobre 2023 de la Directrice g\u00e9n\u00e9rale de l'Agence r\u00e9gionale de \nsant\u00e9 \u00cele-de-France portant modification du cadre d'orientation strat\u00e9gique 2018 -2028 du projet \nr\u00e9gional de sant\u00e9 \u00cele-de-France ; \n \nVU l'arr\u00eat\u00e9 n\u00b0 DIRNOV-2023/09 du 26 octobre 2023 de la Directrice g\u00e9n\u00e9rale de l'Agence r\u00e9gionale de \nsant\u00e9 \u00cele-de-France portant adoption du sch\u00e9ma r\u00e9gional de sant\u00e9 2023 -2028 du projet r\u00e9gional de \nsant\u00e9 \u00cele-de-France ; \n \nVU l'arr\u00eat\u00e9 n\u00b0 2023-162 de la Directrice g\u00e9n\u00e9rale de l'Agence r\u00e9gionale de sant\u00e9 \u00cele-de-France en date \ndu 19 juin 2023 \u00e9tablissant le programme interd\u00e9partemental d'accompagnement des handicaps et \nde la perte d'autonomie (PRIAC) 2022-2026 pour la r\u00e9gion \u00cele-de-France ; \n \nVU \n \n \n \nl'arr\u00eat\u00e9 n\u00b0 2023-346 de la Directrice g\u00e9n\u00e9rale de l'Agence r\u00e9gionale de sant\u00e9 \u00cele -de-France en date \ndu 4 d\u00e9cembre 2023 \u00e9tablissant le programme interd\u00e9partemental d'accompagnement des handicaps \net de la perte d'autonomie (PRIAC) 2023-2027 pour la r\u00e9gion \u00cele-de-France ; \nVU l'arr\u00eat\u00e9 n\u00b0 2005-291-4 portant cr\u00e9ation d'un service de soins infirmiers \u00e0 domicile de 97 places dans \nle onzi\u00e8me arrondissement de Paris par l'Association de g\u00e9rontologie du 11\u00e8me (AG11) ; \n  \n  \nCONSID\u00c9RANT  qu'il convient d'a utoriser l'extension de 3 places pour personnes \u00e2g\u00e9es du SSIAD \n\u00ab Gerbier \u00bb \u00e0 compter du 1er d\u00e9cembre 2025 ; \n \nCONSID\u00c9RANT  qu'il convient d'a utoriser la r\u00e9duction de 3 places pour personnes en situation de \nhandicap du SSIAD \u00ab Gerbier \u00bb \u00e0 compter du 1er janvier 2026 ;  \n  \nCONSID\u00c9RANT  que le projet satisfait aux r\u00e8gles d'organisation et de fonctionnement pr\u00e9vues par le code \nde l'action sociale et des familles ; \n \n \n \nAgence R\u00e9gionale de Sant\u00e9 - IDF-2025-11-17-00021 - Arr\u00eat\u00e9 n\u00b0 2025-321 portant autorisation de modification de capacit\u00e9 du SSIAD \u00ab\nGerbier \u00bb sis au 9 rue Gerbier \u00e0 Paris (75011) g\u00e9r\u00e9 par l'Association de g\u00e9rontologie du 11\u00e8me (AG11) 29\nsig\nARR\u00caTE \n \n \nARTICLE 1er : \n \n \n \nL'autorisation visant l'extension de 3 places pour personnes \u00e2g\u00e9es du SSIAD \u00ab Gerbier \u00bb \nsis au 9 rue Gerbier \u00e0 Paris (75011) est accord\u00e9e \u00e0 l'Association de g\u00e9rontologie du 11 \u00e8me \n(AG11).  \nARTICLE 2e L'autorisation visant la r\u00e9duction de 3 places pour personnes en situation de handicap du \nSSIAD \u00ab Gerbier \u00bb sis au 9 rue Gerbier \u00e0 Paris (75011) est accord\u00e9e \u00e0  l'Association de \ng\u00e9rontologie du 11\u00e8me (AG11). \n \nARTICLE 3e : \n \n \n \nLa capacit\u00e9 totale du SSIAD est fix\u00e9e \u00e0 97 places pour personnes \u00e2g\u00e9es.                                                      \nLa zone d'intervention du SSIAD couvre le 11\u00e8me arrondissement de Paris. \nARTICLE 4e : \n \n \n \n \n \n \n \n \nCette structure est r\u00e9pertori\u00e9e dans le Fichier National des Etablissements Sanitaires et \nSociaux (FINESS) de la fa\u00e7on suivante : \n \nN\u00b0 FINESS \u00e9tablissement : 75 080 283 7   \nCode cat\u00e9gorie : [354] SSIAD \n \nCode discipline : [358] Soins infirmiers \u00e0 domicile \nCode fonctionnement (type d'activit\u00e9) : [16] Prestation en milieu ordinaire  \nCode client\u00e8le : [700] Personnes \u00e2g\u00e9es \n  \nN\u00b0 FINESS du gestionnaire : 75 082 066 4 \nCode statut : [60] Association Loi 1901 non Reconnue d'Utilit\u00e9 Publique  \n \nARTICLE 5e : \n \n \n \nLe pr\u00e9sent arr\u00eat\u00e9 est sans effet concernant la dur\u00e9e d'autorisation accord\u00e9e \u00e0 \nl'\u00e9tablissement jusqu'au 3 janvier 2032 et conform\u00e9ment aux conditions pr\u00e9vues aux articles \nL.312-8 et L.313-5 du code de l'action sociale et des familles. \nARTICLE 6e : \n \n \n \nTout changement important dans l'activit\u00e9, l'installation, l'organisation, la direction ou le \nfonctionnement de l'\u00e9tablissement ou du service doit \u00eatre port\u00e9 \u00e0 la connaissance des \nautorit\u00e9s comp\u00e9tentes. \nARTICLE 7e : \n \n \nUn recours contre le pr\u00e9sent arr\u00eat\u00e9 peut \u00eatre form\u00e9 devant le tribunal administratif \ncomp\u00e9tent dans un d\u00e9lai de deux mois \u00e0 compter de sa notification.   \nARTICLE 8e : Le Directeur de la D\u00e9l\u00e9gation d\u00e9partementale de Paris de l'Agence r\u00e9gionale de sant\u00e9                  \n\u00cele-de-France est charg\u00e9 de l'ex\u00e9cution du pr\u00e9sent arr\u00eat\u00e9 qui sera notifi\u00e9 au demandeur, \npubli\u00e9 au recueil des actes administratifs de la R\u00e9gion \u00cele-de-France. \n \n \n                                                                                              Fait \u00e0 Saint-Denis, le 17/11/2025 \n \nPour le Directeur g\u00e9n\u00e9ral  \nde l'Agence r\u00e9gionale de sant\u00e9  \n\u00cele-de-France et par d\u00e9l\u00e9gation \n  \nSt\u00e9phanie TALBOT  \nDirectrice de l'autonomie \n  \nAgence R\u00e9gionale de Sant\u00e9 - IDF-2025-11-17-00021 - Arr\u00eat\u00e9 n\u00b0 2025-321 portant autorisation de modification de capacit\u00e9 du SSIAD \u00ab\nGerbier \u00bb sis au 9 rue Gerbier \u00e0 Paris (75011) g\u00e9r\u00e9 par l'Association de g\u00e9rontologie du 11\u00e8me (AG11) 30\n \n \n \n     \n \n \n \nAgence R\u00e9gionale de Sant\u00e9 - IDF-2025-11-17-00021 - Arr\u00eat\u00e9 n\u00b0 2025-321 portant autorisation de modification de capacit\u00e9 du SSIAD \u00ab\nGerbier \u00bb sis au 9 rue Gerbier \u00e0 Paris (75011) g\u00e9r\u00e9 par l'Association de g\u00e9rontologie du 11\u00e8me (AG11) 31\nAgence R\u00e9gionale de Sant\u00e9\nIDF-2025-11-14-00015\nArr\u00eat\u00e9 portant r\u00e9duction de 109 \u00e0 94 places de\nl'EHPAD Cl\u00e9mentine Pitois \u00e0 Ablon-sur-Seine\nAgence R\u00e9gionale de Sant\u00e9 - IDF-2025-11-14-00015 - Arr\u00eat\u00e9 portant r\u00e9duction de 109 \u00e0 94 places de l'EHPAD Cl\u00e9mentine Pitois \u00e0\nAblon-sur-Seine 32\n| =REPUBLIQUEFRAN CAIS E \u00a9 D Agence R\u00e9gionale de Sant\u00e9 AGA? ic D\u00e9partementLibert\u00e9 \u00cele-de-France\u00c9galit\u00e9Fraternit\u00e9\n \n  \n \n \n \n \n  \nARR\u00caT\u00c9 CONJOINT N\u00b0 2025 - 313 \nportant autorisation de r\u00e9duction de capacit\u00e9 de 109 \u00e0 94 places                                                 \nde l'\u00e9tablissement d'h\u00e9bergement pour personnes \u00e2g\u00e9es d\u00e9pendantes                               \n(EHPAD) \u00ab Cl\u00e9mentine Pitois \u00bb sis 19 bis quai de la Baronnie \u00e0 Ablon-sur-Seine                   \ng\u00e9r\u00e9 par la SAS \u00ab R\u00e9sidence Henri Laire \u00bb sis 15 rue Henri Laire \u00e0 Ablon-sur-Seine (94480) \n \n    \nLE DIRECTEUR G\u00c9N\u00c9RAL DE L'AGENCE R\u00c9GIONALE DE SANT\u00c9 \u00ceLE-DE-FRANCE \nLE PR\u00c9SIDENT DU D\u00c9PARTEMENT DU VAL-DE-MARNE  \n \n \nVU le code de l'action sociale et des familles et notamment les articles L312-1, L313-1, L314-3 et suivants ; \n \nVU le code g\u00e9n\u00e9ral des collectivit\u00e9s territoriales ; \n \nVU le d\u00e9cret du 10 avril 2024 portant nomination de Monsieur Denis ROBIN, Directeur g\u00e9n\u00e9ral de l'Agence \nr\u00e9gionale de sant\u00e9 \u00cele-de-France \u00e0 compter du 29 avril 2024 ; \n \nVU la d\u00e9cision de d\u00e9l\u00e9gation de signature du Directeur G\u00e9n\u00e9ral de l'ARS IDF vers le Directeur de la \nd\u00e9l\u00e9gation d\u00e9partementale du Val-de-Marne en date du 29/04/2024 ; \n \nVU le proc\u00e8s -verbal de l'\u00e9lection du Pr\u00e9sident du Conseil d\u00e9partemental du Val -de-Marne du 1 er juillet \n2021 ;  \n \nVU l'arr\u00eat\u00e9 n\u00b0 DIRNOV -2023/08 du 26 octobre 2023 de la Directrice g\u00e9n\u00e9rale de l'Agence r\u00e9gionale de \nsant\u00e9 \u00cele-de-France portant modification du cadre d'orientation strat\u00e9gique 2018 -2028 du projet r\u00e9gional \nde sant\u00e9 \u00cele-de-France ; \n \nVU l'arr\u00eat\u00e9 n\u00b0 DIRNOV -2023/09 du 26 octobre 2023 de la Directrice g\u00e9n\u00e9rale de l'Agence r\u00e9gionale de \nsant\u00e9 \u00cele -de-France portant adoption du sch\u00e9ma r\u00e9gional de sant\u00e9 2023 -2028 du projet r\u00e9gional de \nsant\u00e9 \u00cele-de-France ; \n \nVU l'arr\u00eat\u00e9 n\u00b0 2023-162 de la Directrice g\u00e9n\u00e9rale de l'Agence r\u00e9gionale de sant\u00e9 \u00cele-de-France en date du \n19 juin 2023 \u00e9tablissant le programme interd\u00e9partemental d'accompagnement des handicaps et de la \nperte d'autonomie (PRIAC) 2022-2026 pour la r\u00e9gion \u00cele-de-France ; \n  \nVU la d\u00e9lib\u00e9ration n\u00b0 2020-7-3.2.30 du 14 d\u00e9cembre 2020 adopt\u00e9e par le Conseil d\u00e9partemental du Val -de-\nMarne et relative au sch\u00e9ma pour l'autonomie \u00e0 destination des personnes \u00e2g\u00e9es, des personnes en \nsituation de handicap et de leurs aidants (2020-2025) ;  \n \nVU la demande du groupe DOMUSVI du 17 janvier 2024, soci\u00e9t\u00e9 m\u00e8re des SAS \u00ab R\u00e9sidence Henri Laire \u00bb \net \u00ab Kremlin Bic\u00eatre  \u00bb, de cession d'autorisation de 15 places d'accueil de jour de l'EHPA D                               \n\u00ab Cl\u00e9mentine Pitois \u00bb g\u00e9r\u00e9 par la SAS \u00ab  R\u00e9sidence Henri Laire  \u00bb vers l'EHPAD \u00ab La Passerelle des \nArts \u00bb g\u00e9r\u00e9 par la SAS \u00ab Kremlin Bic\u00eatre \u00bb ; \n \nVU l'arr\u00eat\u00e9 conjoint n\u00b0 2025-180 du 1 7 juin 2025, portant changement de forme juridique de la SARL \n\u00ab Kremlin Bic\u00eatre  \u00bb en SAS, changement de localisation de l'EHPAD \u00ab  R\u00e9sidence Bic\u00eatre  \u00bb, \nchangement de nom en \u00ab  La Passerelle des Arts  \u00bb et cession d'autorisation de 15 places d'accueil de \njour de l'EHPAD \u00ab Cl\u00e9mentine Pitois \u00bb au profit de l'EHPAD \u00ab La Passerelle des Arts \u00bb ; \n \nAgence R\u00e9gionale de Sant\u00e9 - IDF-2025-11-14-00015 - Arr\u00eat\u00e9 portant r\u00e9duction de 109 \u00e0 94 places de l'EHPAD Cl\u00e9mentine Pitois \u00e0\nAblon-sur-Seine 33\nCONSID\u00c9RANT \n \n \n \n \n \nque la r\u00e9duction de 15 places d'accueil de jour de l'EHPAD \u00ab Cl\u00e9mentine Pitois \u00bb  r\u00e9sulte \nde la cession de 15 places d'accueil de jour de l'EHPAD \u00ab Cl\u00e9mentine Pitois \u00bb  vers \nl'EHPAD \u00ab La Passerelle des Arts  \u00bb, portant la capacit\u00e9 totale de l'EHPAD \u00ab Cl\u00e9mentine \nPitois \u00bb  \u00e0 94 places (89 places d'h\u00e9bergement permanent et 5 places d'h\u00e9bergement \ntemporaire) ; \nCONSID\u00c9RANT \n \n \nque la r\u00e9duction de 15 places d'accueil de jour de l'EHPAD \u00ab Cl\u00e9mentine Pitois \u00bb prend \neffet \u00e0 compter \u00e0 compter de l'ouverture de l'EHPAD \u00ab La Passerelle des Arts \u00bb ; \nCONSID\u00c9RANT \n \n \nque le projet est compatible avec les objectifs et r\u00e9pond aux besoins sociaux et m\u00e9dico -\nsociaux fix\u00e9s par le sch\u00e9ma r\u00e9gional des sant\u00e9 ; \nCONSID\u00c9RANT      \n \n             \nque le projet satisfait aux r\u00e8gles d'organisation et de fonctionnement pr\u00e9vues par le code \nde l'action sociale et des familles ; \n \nARR\u00caTENT \n \n \nARTICLE 1er : L'autorisation visant \u00e0 l a r\u00e9duction de capacit\u00e9 de 15 places d'accueil de jour de l'EHPAD  \n\u00ab Cl\u00e9mentine Pitois  \u00bb sis 19 bis , quai de la Baronnie  \u00e0 Ablon -sur-Seine (94480) est                      \naccord\u00e9e \u00e0 la SAS \u00ab R\u00e9sidence Henri Laire \u00bb sis 15 , rue Henri Laire \u00e0 Ablon -sur-Seine \n(94480). \n  \nARTICLE 2e : La capacit\u00e9 totale de l'EHPAD \u00ab Cl\u00e9mentine Pitois \u00bb est fix\u00e9e \u00e0 94 places d'h\u00e9bergement se \nr\u00e9partissant de la fa\u00e7on suivante : \n- 89 places d'h\u00e9bergement permanent \n- 5 places d'h\u00e9bergement temporaire. \n  \nARTICLE 3e : Cette structure est r\u00e9pertori\u00e9e dans le Fichier National des Etablissements Sanitaires et \nSociaux (FINESS) de la fa\u00e7on suivante : \n \nN\u00b0 FINESS de l'\u00e9tablissement : 94 002 888 9 \nCode cat\u00e9gorie : [500] EHPAD \n \nCode discipline : [924] Accueil pour Personnes \u00c2g\u00e9es  \nCode fonctionnement (type d'activit\u00e9) : [11] H\u00e9bergement Complet Internat \nCode client\u00e8le : [711] Personnes \u00c2g\u00e9es d\u00e9pendantes \nCapacit\u00e9 : 89 \n \nCode discipline : [657] Accueil temporaire pour Personnes \u00c2g\u00e9es  \nCode fonctionnement (type d'activit\u00e9) : [11] H\u00e9bergement Complet Internat  \nCode client\u00e8le : [711] Personnes \u00c2g\u00e9es d\u00e9pendantes \nCapacit\u00e9 : 5 \n \nN\u00b0 FINESS du gestionnaire : 94 000 143 1 \nCode statut : [95] SAS \n  \nARTICLE 4e : Le pr\u00e9sent arr\u00eat\u00e9 est sans effet concernant la dur\u00e9e d'autorisation accord\u00e9e \u00e0 l'\u00e9tablissement \npour 15 ans \u00e0 compter de sa date de cr\u00e9ation ou de renouvellement d'autorisation \nconform\u00e9ment aux conditions pr\u00e9vues aux articles L.312 -8 et L.313 -5 du code de l' action \nsociale et des familles. \n  \nARTICLE 5e : Tout changement important dans l'activit\u00e9, l'installation, l'organisation, la direction ou le \nfonctionnement de l'\u00e9tablissement ou du service doit \u00eatre port\u00e9 \u00e0 la connaissance des \nautorit\u00e9s comp\u00e9tentes. \n  \nARTICLE 6e : Un recours contre le pr\u00e9sent arr\u00eat\u00e9 peut \u00eatre form\u00e9 devant le tribunal administratif comp\u00e9tent \ndans un d\u00e9lai de deux mois \u00e0 compter de sa notification.   \nAgence R\u00e9gionale de Sant\u00e9 - IDF-2025-11-14-00015 - Arr\u00eat\u00e9 portant r\u00e9duction de 109 \u00e0 94 places de l'EHPAD Cl\u00e9mentine Pitois \u00e0\nAblon-sur-Seine 34\nsigsig\nARTICLE 7e : Le Directeur de la D\u00e9l\u00e9gation d\u00e9partementale du Val -de-Marne de l'Agence r\u00e9gionale de \nsant\u00e9 \u00cele-de-France et le Pr\u00e9sident du D\u00e9partement du Val -de-Marne sont charg\u00e9s, chacun en \nce qui le concerne, de l'ex\u00e9cution du pr\u00e9sent arr\u00eat\u00e9 qui sera notifi\u00e9 au demandeur, publi\u00e9 aux \nrecueils des actes administratifs de la R\u00e9gion \u00cele -de-France et du D\u00e9partement du Val -de-\nMarne. \n \n \n \n                                                                                                   Fait \u00e0 Cr\u00e9teil, le 14/11/2025 \n \nPour le Directeur g\u00e9n\u00e9ral  \nde l'Agence r\u00e9gionale de sant\u00e9 \n\u00cele-de-France et par d\u00e9l\u00e9gation, \nle Directeur de la d\u00e9l\u00e9gation \nd\u00e9partementale du Val-de-Marne \n \nEric VECHARD                                \n Pour le Pr\u00e9sident du d\u00e9partement  \ndu Val de Marne et par d\u00e9l\u00e9gation, \nLa Directrice G\u00e9n\u00e9rale Adjointe            \n \n \n \nEmmanuelle BARRE \n \nAgence R\u00e9gionale de Sant\u00e9 - IDF-2025-11-14-00015 - Arr\u00eat\u00e9 portant r\u00e9duction de 109 \u00e0 94 places de l'EHPAD Cl\u00e9mentine Pitois \u00e0\nAblon-sur-Seine 35\nAgence R\u00e9gionale de Sant\u00e9\nIDF-2025-11-21-00003\nD\u00e9cision n\u00b0DOS-2025/4511 du 21/11/2025 du\nDirecteur g\u00e9n\u00e9ral de l'Agence r\u00e9gionale de sant\u00e9\nd'Ile-de-France autorisant le CENTRE\nHOSPITALIER L\u00c9ON BINET PROVINS \u00e0 exercer\nl'activit\u00e9 de soins de longue dur\u00e9e sur le site de\nl'USLD CENTRE HOSPITALIER L\u00c9ON BINET DE\nPROVINS (structure sans num\u00e9ro Finess ET),\nRoute des Grattons 77160 Provins \nAgence R\u00e9gionale de Sant\u00e9 - IDF-2025-11-21-00003 - D\u00e9cision n\u00b0DOS-2025/4511 du 21/11/2025 du Directeur g\u00e9n\u00e9ral de l'Agence\nr\u00e9gionale de sant\u00e9 d'Ile-de-France autorisant le CENTRE HOSPITALIER L\u00c9ON BINET PROVINS \u00e0 exercer l'activit\u00e9 de soins de longue\ndur\u00e9e sur le site de l'USLD CENTRE HOSPITALIER L\u00c9ON BINET DE PROVINS (structure sans num\u00e9ro Finess ET), Route des Grattons\n77160 Provins \n36\nREPUBLIQUEFRANCAISELibert\u00e9Egalit\u00e9Fraternit\u00e9\n4@ D Agence R\u00e9gionale de Sant\u00e9Ile-de-France\n \n \n \n \n \nAGENCE R\u00c9GIONALE DE SANT\u00c9 \u00ceLE-DE-FRANCE \nD\u00c9CISION N\u00b0DOS-2025/4511 \nLE DIRECTEUR G\u00c9N\u00c9RAL DE L'AGENCE R\u00c9GIONALE DE SANT\u00c9 \u00ceLE-DE-FRANCE \n \nVU le Code de la sant\u00e9 publique et notamment ses articles L.6122-1 et suivants, L.6123-1 et  \nL.6124-1, R.6122-23 et suivants et en particulier les articles D.6121-10, R.6122-37 et  \nD.6122-38 ; \n \nVU le Code de la sant\u00e9 publique et notamment ses articles L.6114-1 et suivants ; \n \nVU l'ordonnance n\u00b02021-583 du 12 mai 2021 portant modification du r\u00e9gime des autorisations \nd'activit\u00e9s de soins et des \u00e9quipements mat\u00e9riels lourds ; \n \nVU le d\u00e9cret n\u00b02021-974 du 22 juillet 2021 relatif au r\u00e9gime des autorisations d'activit\u00e9s de soins \net des \u00e9quipements mat\u00e9riels lourds ; \n \nVU le d\u00e9cret du 10 avril 2024 portant nomination de Monsieur Denis ROBIN, Directeur g\u00e9n\u00e9ral \nde l'Agence r\u00e9gionale de sant\u00e9 d'\u00cele-de-France \u00e0 compter du 29 avril 2024 ; \n \nVU l'arr\u00eat\u00e9 n\u00b02023-171 du 27 juin 2023 de la Directrice g\u00e9n\u00e9rale de l'Agence r\u00e9gionale de sant\u00e9 \nd'\u00cele-de-France portant d\u00e9limitation des zones donnant lieu \u00e0 la r\u00e9partition des activit\u00e9s de \nsoins et des \u00e9quipements mat\u00e9riels lourds ; \n \nVU l'arr\u00eat\u00e9 n\u00b0DIRNOV-2024/02 du 12 janvier 2024 modifiant l'arr\u00eat\u00e9 N\u00b0DIRNOV-2023/09 du 26 \noctobre 2023 portant adoption du Sch\u00e9ma r\u00e9gional de sant\u00e9 du Projet r\u00e9gional de sant\u00e9 d'\u00cele-\nde-France 2023-2028 ; \n \nVU l'arr\u00eat\u00e9 n\u00b0DOS-2025/390 du 21 janvier 2025 portant modification de l'arr\u00eat\u00e9 n\u00b0DOS-\n2024/4164 du 15 octobre 2024 modifi\u00e9 du Directeur g\u00e9n\u00e9ral de l'Agence r\u00e9gionale de sant\u00e9 \nIle-de-France relatif au calendrier de d\u00e9p\u00f4t des demandes d'autorisation pr\u00e9sent\u00e9es en \napplication des articles L.6122-1 et L.6122-9 du Code de la sant\u00e9 publique pour les ann\u00e9es \n2024 et 2025 ; \n \nVU l'arr\u00eat\u00e9 n\u00b0DOS/2025-627 du 10 mars 2025 relatif au bilan quantitatif de l'offre de soins par \nzone de r\u00e9partition pour les activit\u00e9s de soins de m\u00e9decine nucl\u00e9aire, de traitement de \nl'insuffisance r\u00e9nale chronique et de soins de longue dur\u00e9e ; \n \nVU l'arr\u00eat\u00e9 n\u00b0DESCOM-2025/19 du 30 juin 2025 portant r\u00e9vision du Sch\u00e9ma r\u00e9gional de sant\u00e9 \ndu Projet r\u00e9gional de sant\u00e9 d'\u00cele-de-France 2023-2028 ; \n \nVU la circulaire N\u00b0DHOS/O2/F2/DGAS/DSS/CNSA/2007/193 du 10 mai 2007 relative \u00e0 la mise \nen \u0153uvre de l'article 46 de la loi de financement de la s\u00e9curit\u00e9 sociale pour 2006 modifi\u00e9e \nconcernant les unit\u00e9s de soins de longue dur\u00e9e ; \n \nVU la circulaire DHOS/02/F2/DGAS/2C/CNSA n\u00b02008-340 du 17 novembre 2008 relative \u00e0 la \nmise en \u0153uvre de l'article 46 de la loi de financement de la s\u00e9curit\u00e9 sociale pour 2006 \nmodifi\u00e9e concernant les unit\u00e9s de soins de longue dur\u00e9e ; \n \n \n \n \nAgence R\u00e9gionale de Sant\u00e9 - IDF-2025-11-21-00003 - D\u00e9cision n\u00b0DOS-2025/4511 du 21/11/2025 du Directeur g\u00e9n\u00e9ral de l'Agence\nr\u00e9gionale de sant\u00e9 d'Ile-de-France autorisant le CENTRE HOSPITALIER L\u00c9ON BINET PROVINS \u00e0 exercer l'activit\u00e9 de soins de longue\ndur\u00e9e sur le site de l'USLD CENTRE HOSPITALIER L\u00c9ON BINET DE PROVINS (structure sans num\u00e9ro Finess ET), Route des Grattons\n77160 Provins \n37\n2 \nVU la demande pr\u00e9sent\u00e9e par le CENTRE HOSPITALIER L\u00c9ON BINET PROVINS (n\u00b0Finess EJ : \n770110070), dont le si\u00e8ge social est situ\u00e9 Route de Chalautre 77160 Provins, en vue d'obtenir \nl'autorisation d'exercer l'activit\u00e9 de soins de longue dur\u00e9e sur le site de l'USLD CENTRE \nHOSPITALIER L\u00c9ON BINET DE PROVINS, Route des Grattons 77160 Provins (n\u00b0Finess ET \n\u00e0 cr\u00e9er) ; \n \nVU la consultation de la Commission sp\u00e9cialis\u00e9e de l'organisation des soins en date du  \n5 novembre 2025 ; \n \n \nCONSID\u00c9RANT \n \nla demande susvis\u00e9e ; \nCONSID\u00c9RANT que le groupement hospitalier de territoire (GHT) Provins Est Seine-et-Marne est \ncompos\u00e9 de cinq structures, \u00e0 savoir le Centre hospitalier L\u00e9on Binet, l'EHPAD Le \nPatio Nangis, l'EHPAD Les jardins de la Voulzie, l'EHPAD le Fil d'Argent ainsi que \nl'EPMS du Provinois ; \n \nque le Centre hospitalier L\u00e9on Binet, sp\u00e9cialis\u00e9 en m\u00e9decine, chirurgie et \nobst\u00e9trique (MCO), constitue l'\u00e9tablissement support du GHT ; \n \nque l'EHPAD Rosa Gallica et un institut de formation en soins infirmiers sont deux \nstructures annexes rattach\u00e9es au Centre hospitalier L\u00e9on Binet ; \n \nCONSID\u00c9RANT que le promoteur sollicite la cr\u00e9ation d'une unit\u00e9 de soins de longue dur\u00e9e (USLD) \nde 42 lits dont 12 lits d'Unit\u00e9 d'H\u00e9bergement Renforc\u00e9e (UHR), afin de r\u00e9pondre \u00e0 \nun besoin territorial en l'absence actuelle d'USLD et d'UHR dans le Sud-Est de la \nSeine-et-Marne ; \n \nqu'en outre, le d\u00e9veloppement de cette activit\u00e9 permettra d'am\u00e9liorer la prise en \ncharge des bed blockers et des personnes en h\u00e9bergement temporaire en sortie \nd'hospitalisation (HTSH) ; \n \nque ce projet contribuera, enfin, \u00e0 consolider la fili\u00e8re g\u00e9riatrique du GHT Provins \nEst Seine-et-Marne, en conformit\u00e9 avec les orientations de son projet m\u00e9dical en \nr\u00e9pondant au d\u00e9fi du vieillissement par une prise en charge globale des personnes \n\u00e2g\u00e9es, en coordination avec les acteurs sociaux et m\u00e9dico-sociaux du territoire ; \n \nCONSID\u00c9RANT que l'unit\u00e9 de soins de longue dur\u00e9e sera implant\u00e9e au rez-de-chauss\u00e9e de \nl'EHPAD Rosa Gallica ; \n \nque les locaux r\u00e9nov\u00e9s seront compos\u00e9s de 42 chambres individuelles d'une \nsuperficie de 20 m2, chacune \u00e9quip\u00e9e en fluides m\u00e9dicaux et d'une salle de bain ; \n \nque se trouveront \u00e9galement au sein de cette unit\u00e9 des espaces de soins communs ; \n \nque les locaux projet\u00e9s satisfont aux recommandations de la circulaire du 10 mai \n2007 relative aux USLD ; \n \nCONSID\u00c9RANT que le Pathos Moyen Pond\u00e9r\u00e9 (PMP) et le Gir Moyen Pond\u00e9r\u00e9 (GMP) vis\u00e9s \u00e0 360 \net 840 apparaissent en ad\u00e9quation avec le public attendu, notamment au regard des \ndonn\u00e9es actuelles de l'EHPAD Rosa Gallica ; \n \nCONSID\u00c9RANT que le projet m\u00e9dical pr\u00e9voit la mobilisation d'un m\u00e9decin g\u00e9riatre \u00e0 hauteur de \n1 \u00e9quivalent temps plein (ETP), r\u00e9parti entre l'USLD et l'UHR, soit 0,5 ETP pour \nchacune ; \n \nque les effectifs param\u00e9dicaux envisag\u00e9s comprennent 4 ETP d'infirmiers dipl\u00f4m\u00e9s \nd'\u00c9tat (IDE) et 9 ETP d'aides-soignants, r\u00e9partis entre l'USLD (6 ETP) et l'UHR \n(3 ETP), assurant une pr\u00e9sence continue jour et nuit ; \n \nAgence R\u00e9gionale de Sant\u00e9 - IDF-2025-11-21-00003 - D\u00e9cision n\u00b0DOS-2025/4511 du 21/11/2025 du Directeur g\u00e9n\u00e9ral de l'Agence\nr\u00e9gionale de sant\u00e9 d'Ile-de-France autorisant le CENTRE HOSPITALIER L\u00c9ON BINET PROVINS \u00e0 exercer l'activit\u00e9 de soins de longue\ndur\u00e9e sur le site de l'USLD CENTRE HOSPITALIER L\u00c9ON BINET DE PROVINS (structure sans num\u00e9ro Finess ET), Route des Grattons\n77160 Provins \n38\n3 \nque ces ressources humaines sont globalement conformes aux recommandations \nde la circulaire du 10 mai 2007 relative aux USLD, bien qu'un renforcement soit \npr\u00e9conis\u00e9 pour les aides-soignants de jour en USLD, afin d'adapter le \ndimensionnement des effectifs avec le niveau de d\u00e9pendance des patients constat\u00e9 \ndans l'unit\u00e9 ; \n \nque la permanence m\u00e9dicale est assur\u00e9e par une astreinte mutualis\u00e9e avec les \nautres services du Centre hospitalier L\u00e9on Binet, et que la continuit\u00e9 des soins est \ngarantie par la pr\u00e9sence d'IDE et d'aides-soignants 24h/24 ; \n \nCONSID\u00c9RANT que les patients de l'USLD b\u00e9n\u00e9ficieront de l'environnement m\u00e9dical et m\u00e9dico-\nsocial du GHT Provins Est Seine-et-Marne, notamment l'accessibilit\u00e9 \u00e0 l'offre en \nMCO du Centre hospitalier L\u00e9on Binet ; \n \nqu'en outre, l'USLD pourra s'appuyer sur les nombreux acteurs du territoire de \nProvins en d\u00e9veloppant des partenariats autour des parcours des personnes \u00e2g\u00e9es, \ndans une logique d'am\u00e9lioration continue de leur prise en charge ; \n \nCONSID\u00c9RANT que le promoteur projette, post\u00e9rieurement \u00e0 la notification de la pr\u00e9sente d\u00e9cision, \ndeux ann\u00e9es de travaux pour la transformation du rez-de-chauss\u00e9e de l'EHPAD \nRosa Gallica, suivies de la mise en service des lits ; \n \nCONSID\u00c9RANT que le projet de transformation structurelle, consistant en la fermeture de 60 lits au \nsein de l'EHPAD Rosa Gallica et la cr\u00e9ation de 42 places en USLD, dont 12 places \nd'UHR, dans ces locaux a re\u00e7u la validation du Conseil d\u00e9partemental de la Seine-\net-Marne, co-financeur de cette activit\u00e9, par une d\u00e9cision du 26 mai 2025 au regard \nde l'absence d'offre sur le territoire concern\u00e9 ; \n \nCONSID\u00c9RANT que la demande est compatible avec le bilan des objectifs quantitatifs de l'offre de \nsoins en r\u00e9gion \u00cele-de-France qui pr\u00e9voit deux implantations disponibles pour \nl'activit\u00e9 de soins de longue dur\u00e9e sur le d\u00e9partement de la Seine-et-Marne ; \n \nCONSID\u00c9RANT que le projet s'inscrit en coh\u00e9rence avec les objectifs du Sch\u00e9ma r\u00e9gional de sant\u00e9 \ndu Projet r\u00e9gional de sant\u00e9 (PRS3) dans son volet \u00ab Soins de longue dur\u00e9e \u00bb qui \npr\u00e9conise de garantir l'accessibilit\u00e9 de l'offre, tant financi\u00e8re que g\u00e9ographique et \nplus particuli\u00e8rement pour le d\u00e9partement de la Seine-et-Marne dont l'offre est \nmoindre compar\u00e9e \u00e0 la r\u00e9gion ; \n \nCONSID\u00c9RANT que les membres de la Commission sp\u00e9cialis\u00e9e de l'organisation des soins de la \nConf\u00e9rence r\u00e9gionale de la sant\u00e9 et de l'autonomie d'\u00cele-de-France, r\u00e9unis en \ns\u00e9ance du 5 novembre 2025, ont \u00e9mis un avis favorable \u00e0 la demande pr\u00e9sent\u00e9e ; \n \nCONSID\u00c9RANT que le capacitaire sollicit\u00e9 de 12 places d'UHR fera l'objet d'un avenant au contrat \npluriannuel d'objectifs et de moyens (CPOM) du CH L\u00e9on Binet, en coh\u00e9rence avec \nla pr\u00e9sente d\u00e9cision, l'UHR relevant du r\u00e9gime des reconnaissances contractuelles ; \n \n \n \nD\u00c9CIDE \n \n \nARTICLE 1er : Le CENTRE HOSPITALIER L\u00c9ON BINET PROVINS est autoris\u00e9 \u00e0 exercer l'activit\u00e9 \nde soins de longue dur\u00e9e sur le site de l'USLD CENTRE HOSPITALIER L\u00c9ON BINET \nDE PROVINS, Route des Grattons 77160 Provins (n\u00b0Finess ET \u00e0 cr\u00e9er). \n \nARTICLE 2 : Cette autorisation devra faire l'objet d'un commencement d'ex\u00e9cution dans un d\u00e9lai de  \n3 ans maximum \u00e0 compter de la notification de la pr\u00e9sente d\u00e9cision et devra \u00eatre \nachev\u00e9e au plus tard 4 ans apr\u00e8s cette notification.  \n \nAgence R\u00e9gionale de Sant\u00e9 - IDF-2025-11-21-00003 - D\u00e9cision n\u00b0DOS-2025/4511 du 21/11/2025 du Directeur g\u00e9n\u00e9ral de l'Agence\nr\u00e9gionale de sant\u00e9 d'Ile-de-France autorisant le CENTRE HOSPITALIER L\u00c9ON BINET PROVINS \u00e0 exercer l'activit\u00e9 de soins de longue\ndur\u00e9e sur le site de l'USLD CENTRE HOSPITALIER L\u00c9ON BINET DE PROVINS (structure sans num\u00e9ro Finess ET), Route des Grattons\n77160 Provins \n39\nsig\"\n4 \nLe titulaire devra informer sans d\u00e9lai l'Agence r\u00e9gionale de sant\u00e9 de la mise en \u0153uvre \nde l'activit\u00e9 de soins de longue dur\u00e9e conform\u00e9ment aux articles R.6122-37 et D.6122-\n38 du Code de la sant\u00e9 publique. \n \nLa dur\u00e9e de validit\u00e9 de cette autorisation est de 7 ans \u00e0 compter de la date de r\u00e9ception \nde la d\u00e9claration de mise en \u0153uvre de l'activit\u00e9 de soins par le Directeur g\u00e9n\u00e9ral de \nl'Agence r\u00e9gionale de sant\u00e9. \n \nARTICLE 3 : Le Directeur g\u00e9n\u00e9ral de l'Agence r\u00e9gionale de sant\u00e9 pourra d\u00e9cider que sera effectu\u00e9e \nune visite de conformit\u00e9 ou de contr\u00f4le dans le cadre des articles L.6122-4 ou L.6122-\n13 du Code de la sant\u00e9 publique. \n \nARTICLE 4 : Cette d\u00e9cision peut faire l'objet d'un recours hi\u00e9rarchique aupr\u00e8s de la Ministre de la \nSant\u00e9, des Familles, de l'Autonomie et des Personnes handicap\u00e9es par le demandeur \ndans un d\u00e9lai de deux mois \u00e0 compter de sa notification et par toute personne \nint\u00e9ress\u00e9e dans un d\u00e9lai de deux mois \u00e0 compter de sa publication. Ce recours \nhi\u00e9rarchique ne constitue pas un pr\u00e9alable obligatoire au recours contentieux, qui peut \n\u00eatre form\u00e9 devant le tribunal administratif comp\u00e9tent dans les deux mois suivant la \nnotification ou la publication de la pr\u00e9sente d\u00e9cision. \n \nARTICLE 5 : La pr\u00e9sente d\u00e9cision sera publi\u00e9e au recueil des actes administratifs de la pr\u00e9fecture \nde r\u00e9gion \u00cele-de-France. \n \n \n \nFait \u00e0 Saint-Denis, le 21 novembre 2025 \n \nLa Directrice g\u00e9n\u00e9rale adjointe \nde l'Agence r\u00e9gionale de sant\u00e9 \n\u00cele-de-France \n \n \n  \n \nSophie MARTINON \n \n \n \nAgence R\u00e9gionale de Sant\u00e9 - IDF-2025-11-21-00003 - D\u00e9cision n\u00b0DOS-2025/4511 du 21/11/2025 du Directeur g\u00e9n\u00e9ral de l'Agence\nr\u00e9gionale de sant\u00e9 d'Ile-de-France autorisant le CENTRE HOSPITALIER L\u00c9ON BINET PROVINS \u00e0 exercer l'activit\u00e9 de soins de longue\ndur\u00e9e sur le site de l'USLD CENTRE HOSPITALIER L\u00c9ON BINET DE PROVINS (structure sans num\u00e9ro Finess ET), Route des Grattons\n77160 Provins \n40\nAgence R\u00e9gionale de Sant\u00e9\nIDF-2025-11-21-00002\nD\u00e9cision n\u00b0DOS-2025/4606 en date du\n21/11/2025 portant modification de la d\u00e9cision\nn\u00b0DOS-2024/2517 du Directeur g\u00e9n\u00e9ral de\nl'Agence r\u00e9gionale de sant\u00e9 \u00cele-de-France en date\ndu 07 ao\u00fbt 2024 relative \u00e0 la demande pr\u00e9sent\u00e9e\npar le Centre hospitalier Sud Seine-et-Marne sur\nle site Montereau du Centre hospitalier Sud\nSeine-et-Marne\nAgence R\u00e9gionale de Sant\u00e9 - IDF-2025-11-21-00002 - D\u00e9cision n\u00b0DOS-2025/4606 en date du 21/11/2025 portant modification de la\nd\u00e9cision n\u00b0DOS-2024/2517 du Directeur g\u00e9n\u00e9ral de l'Agence r\u00e9gionale de sant\u00e9 \u00cele-de-France en date du 07 ao\u00fbt 2024 relative \u00e0 la\ndemande pr\u00e9sent\u00e9e par le Centre hospitalier Sud Seine-et-Marne sur le site Montereau du Centre hospitalier Sud Seine-et-Marne\n41\nREPUBLIQUEFRAN\u00c7AISELibert\u00e9Egalit\u00e9Fraternit\u00e9\ne \u00bb Agence R\u00e9gionale de Sant\u00e9Ile-de-France\n \n \n \n \n \nAGENCE R\u00c9GIONALE DE SANT\u00c9 \u00ceLE-DE-FRANCE \nD\u00c9CISION N\u00b0DOS-2025/4606 \nPortant modification de la d\u00e9cision n\u00b0DOS-2024/2517 du Directeur g\u00e9n\u00e9ral de l'Agence \nr\u00e9gionale de sant\u00e9 \u00cele-de-France en date du 07 ao\u00fbt 2024 \nLE DIRECTEUR G\u00c9N\u00c9RAL DE L'AGENCE R\u00c9GIONALE DE SANT\u00c9 \u00ceLE-DE-FRANCE \n \nVU le C ode de la sant\u00e9 publique notamment les articles L.6122 -1 et suivants, L.6123 -1 et  \nL.6124-1, R.6122 -23 et suivants et en particulier les articles D.6121 -10, R.6122 -37 et  \nD.6122-38 ; les articles D.6124-267 \u00e0 D.6124-290, R.6123-201 et R.6123-212 ;  \n \nVU l'ordonnance n\u00b02021 -583 du 12 mai 2021 portant modification du r\u00e9gime des autorisations \nd'activit\u00e9s de soins et des \u00e9quipements mat\u00e9riels lourds ;  \n \nVU la loi n\u00b02023-1268 du 27 d\u00e9cembre 2023 visant \u00e0 am\u00e9liorer l'acc\u00e8s aux soins par l'engagement \nterritorial des professionnels ; \n \nVU le d\u00e9cret n\u00b02022-1765 du 29 d\u00e9cembre 2022 relatif aux conditions d'implantation des activit\u00e9s \nde soins de chirurgie, de chirurgie cardiaque et de neurochirurgie ; \n \nVU le d \u00e9cret n \u00b02022-1766 du 29 d\u00e9cembre 2022 relatif aux conditions techniques de \nfonctionnement des activit\u00e9s de soins de chirurgie, de chirurgie cardiaque et de neurochirurgie ; \n \nVU le d\u00e9cret du 10 avril 2024 portant nomination de Monsieur Denis ROBIN Directeur g\u00e9n\u00e9ral de \nl'Agence r\u00e9gionale de sant\u00e9 \u00cele-de-France \u00e0 compter du 29 avril 2024 ; \n \nVU  l'arr\u00eat\u00e9 n\u00b02023-171 du 27 juin 2023 de la Directrice g\u00e9n\u00e9rale  de l'Agence r\u00e9gionale de sant\u00e9 \n\u00cele-de-France portant d\u00e9limitation des zones donnant lieu \u00e0 la r\u00e9partition des activit\u00e9s de soins \net des \u00e9quipements mat\u00e9riels lourds ; \n \nVU l'arr\u00eat\u00e9 n\u00b0DIRNOV-2024/02 du 12 janvier 2024 portant modification de l'arr\u00eat\u00e9                \nN\u00b0DIRNOV-2023/09 portant adoption du Sch\u00e9ma r\u00e9gional de sant\u00e9 2023 -2028 du Projet \nr\u00e9gional de sant\u00e9 \u00cele-de-France ; \n \nVU l'arr\u00eat\u00e9 n\u00b0DESCOM-2025/19 du 30 juin 2025 portant r\u00e9vision du Sch\u00e9ma r\u00e9gional de sant\u00e9 du \nProjet r\u00e9gional de sant\u00e9 \u00cele-de-France 2023-2028 ; \n \nVU l'instruction n\u00b0DGOS/R3/2023/125 du 1er ao\u00fbt 2023 relative \u00e0 la mise en \u0153uvre de la r\u00e9forme \ndes activit\u00e9s de soins de chirurgie, de chirurgie cardiaque et de neurochirurgie  ; \n \nVU la demande pr\u00e9sent\u00e9e par le Centre hospitalier Sud Seine-et-Marne (n\u00b0Finess EJ  : \n770021152), dont le si\u00e8ge social est situ\u00e9 55 boulevard Mar\u00e9chal Joffre 77300 Fontainebleau \nen vue d'obtenir l'autorisation d'exercer les activit\u00e9s de soins suivantes : \n- Chirurgie adulte pour les pratiques th\u00e9rapeutiques sp\u00e9cifiques (PTS) :  \no chirurgie orthop\u00e9dique et traumatologique en hospitalisation \u00e0 temps complet \net ambulatoire \no chirurgie plastique reconstructrice en hospitalisation \u00e0 temps complet et \nambulatoire \no chirurgie visc\u00e9rale et digestive en hospitalisation \u00e0 temps complet et \nambulatoire \nAgence R\u00e9gionale de Sant\u00e9 - IDF-2025-11-21-00002 - D\u00e9cision n\u00b0DOS-2025/4606 en date du 21/11/2025 portant modification de la\nd\u00e9cision n\u00b0DOS-2024/2517 du Directeur g\u00e9n\u00e9ral de l'Agence r\u00e9gionale de sant\u00e9 \u00cele-de-France en date du 07 ao\u00fbt 2024 relative \u00e0 la\ndemande pr\u00e9sent\u00e9e par le Centre hospitalier Sud Seine-et-Marne sur le site Montereau du Centre hospitalier Sud Seine-et-Marne\n42\n2 \n \no chirurgie gyn\u00e9cologie obst\u00e9trique \u00e0 l'exception des actes li\u00e9s \u00e0 l'accouchement \nr\u00e9alis\u00e9s au titre de l'activit\u00e9 de soins mentionn\u00e9e au 3\u00b0 de l'article R. 6122 -25 \nen hospitalisation \u00e0 temps complet et ambulatoire \no chirurgie ophtalmologique en hospitalisation \u00e0 temps complet et ambulatoire  \no chirurgie oto-rhino-laryngologie et cervico -faciale en hospitalisation \u00e0 temps \ncomplet et ambulatoire \no chirurgie urologie en hospitalisation \u00e0 temps complet et ambulatoire \n- Chirurgie bariatrique en hospitalisation \u00e0 temps complet et ambulatoire \n \nsur le site Montereau du Centre hospitalier Sud Seine-et-Marne (n\u00b0 Finess ET : 770000164), \n1b rue Victor Hugo 77875 Montereau-Fault-Yonne ; \n \nVU la d\u00e9cision  n\u00b0DOS-2024/2517 du Directeur g\u00e9n\u00e9ral de l'Agence r\u00e9gionale de sant\u00e9 \u00cele-de-\nFrance en date du 07 ao\u00fbt 2024 autorisant le Centre hospitalier Sud Seine-et-Marne \u00e0 exercer \nl'activit\u00e9 de  soins de  chirurgie dans les modalit\u00e9s  adulte et bariatrique  sur son site de \nMontereau ; \n \nVU la demande de modification des conditions  d'ex\u00e9cution de l'autorisation susvis\u00e9e d\u00e9pos\u00e9e en \ndate du 23 mai 2025 par le Centre hospitalier Sud Seine -et-Marne en vue de solliciter l'ajout \nde la pratique th\u00e9rapeutique sp\u00e9cifique (PTS) de \u00ab  chirurgie maxillo -faciale, stomatologie et \nchirurgie orale \u00bb \u00e0 la liste des PTS autoris\u00e9es dans le cadre de l'activit\u00e9 de chirurgie pour la \nmodalit\u00e9 adulte  sur le site d e Montereau du Centre hospitalier Sud Seine -et-Marne, 1b rue \nVictor Hugo 77875 Montereau-Fault-Yonne ;  \n \nVU la consultation de la Commission sp\u00e9cialis\u00e9e de l'organisation des soins en date du \n14 octobre 2025 ;  \n \nCONSID\u00c9RANT la demande susvis\u00e9e ; \n \nCONSID\u00c9RANT que la demande d'autorisation en chirurgie adulte pour la PTS de chirurgie maxillo-\nfaciale, stomatologie et chirurgie orale  s'inscrit dans une dynamique territoriale \nsoutenue par l'Agence r\u00e9gionale de sant\u00e9 \u00cele -de-France, visant \u00e0 am\u00e9liorer l'acc\u00e8s \naux soins somatiques pour les personnes en situation de handicap dans le sud du \nd\u00e9partement de Seine-et-Marne ; \n \nque le CH Sud 77 est signataire de la Charte Romain Jacob et d\u00e9veloppe un projet \nstructurant d'accessibilit\u00e9 aux soins, incluant l'ouverture en 2025 d'un plateau \nHandiconsult d\u00e9di\u00e9, en partenariat avec l'ARS, dont l'un des axes majeurs est la mise \nen place de soins dentaires sous anesth\u00e9sie g\u00e9n\u00e9rale pour les patients polycarieux \nen situation de handicap ; \n \nCONSID\u00c9RANT que le projet repose sur l'implication de deux chirurgiens -dentistes exp\u00e9riment\u00e9s, \nidentifi\u00e9s pour la prise en charge p\u00e9diatrique et adulte, et que l'\u00e9tablissement dispose \ndes ressources techniques et humaines n\u00e9cessaires \u00e0 la mise en \u0153uvre de cette \nactivit\u00e9 ; \n \nCONSID\u00c9RANT que la pr\u00e9sente demande d'ajout de PTS est sans incidence sur le bilan des objectifs \nquantitatifs de l'offre de soins pour la zone de proximit\u00e9 77 Sud en chirurgie adulte ;  \n \nCONSID\u00c9RANT que les \u00e9l\u00e9ments fournis dans le cadre de cette demande n'appellent pas de \nremarque particuli\u00e8re quant au respect des conditions d'implantation et conditions \ntechniques de fonctionnement sp\u00e9cifiques \u00e0 l'autorisation de chirurgie adulte ;  \n \nCONSID\u00c9RANT que le promoteur s'engage \u00e0 respecter les engagements pris lors de la d\u00e9livrance de \nl'autorisation initiale ; \n \nCONSID\u00c9RANT par cons\u00e9quent , qu'il convient de proc\u00e9der \u00e0 la modification de la d\u00e9cision \nd'autorisation n\u00b0 DOS-2024/2517 du 07 ao\u00fbt 2024 afin d'ajouter dans son annexe la \nPTS de chirurgie maxillo-faciale, stomatologie et chirurgie orale  \u00e0 la liste des PTS \nautoris\u00e9es dans le cadre de l'activit\u00e9 de soins de chirurgie adulte ;  \nAgence R\u00e9gionale de Sant\u00e9 - IDF-2025-11-21-00002 - D\u00e9cision n\u00b0DOS-2025/4606 en date du 21/11/2025 portant modification de la\nd\u00e9cision n\u00b0DOS-2024/2517 du Directeur g\u00e9n\u00e9ral de l'Agence r\u00e9gionale de sant\u00e9 \u00cele-de-France en date du 07 ao\u00fbt 2024 relative \u00e0 la\ndemande pr\u00e9sent\u00e9e par le Centre hospitalier Sud Seine-et-Marne sur le site Montereau du Centre hospitalier Sud Seine-et-Marne\n43\nfA\n3 \n \nCONSID\u00c9RANT que les membres de la Commission sp\u00e9cialis\u00e9e de l'organisation des soins (CSOS) \nde la Conf\u00e9rence r\u00e9gionale de la sant\u00e9 et de l'autonomie (CRSA) \u00cele-de-France, \nr\u00e9unis en s\u00e9ance du  14 octobre 2025, ont \u00e9mis un avis favorable \u00e0 la demande \npr\u00e9sent\u00e9e par la Centre hospitalier Sud Seine-et-Marne ; \n \n \n \nD\u00c9CIDE \n \n \nARTICLE 1 : L'annexe de la d\u00e9cision n\u00b0DOS-2024/2517 du 07 ao\u00fbt 2024 est compl\u00e9t\u00e9e par l'ajout \nde la PTS de chirurgie maxillo-faciale, stomatologie et chirurgie orale dans la modalit\u00e9 \nchirurgie adulte. \n \nARTICLE 2 : Les autres articles de la d\u00e9cision n\u00b0DOS -2024/2517 du 0 7 ao\u00fbt 2024 demeurent \ninchang\u00e9s. \n \nARTICLE 3 : Cette d\u00e9cision peut faire l'objet d'un recours hi\u00e9rarchique aupr\u00e8s de la Ministre de la \nSant\u00e9, des Familles, de l'Autonomie et des Personnes Handicap\u00e9es par le demandeur \ndans un d\u00e9lai de deux mois \u00e0 compter de sa notification et par toute personne \nint\u00e9ress\u00e9e dans un d\u00e9lai de deux mois \u00e0 compter de sa publication. Ce recours \nhi\u00e9rarchique ne constitue pas un pr\u00e9alable obligatoire au recours contentieux, qui peut \n\u00eatre form\u00e9 devant le tribunal administratif comp\u00e9tent dans les deux mois suivant la \nnotification ou la publication de la pr\u00e9sente d\u00e9cision. \n \nARTICLE 4 : La pr\u00e9sente d\u00e9cision sera publi\u00e9e a u recueil des actes administratifs de la pr\u00e9fecture \nde la r\u00e9gion \u00cele-de-France.  \n \n \nFait \u00e0 Saint-Denis, 21/11/2025 \n \nLe Directeur g\u00e9n\u00e9ral \nde l'Agence r\u00e9gionale de sant\u00e9 \n\u00cele-de-France \n \n \n \n \nSign\u00e9\nAgence R\u00e9gionale de Sant\u00e9 - IDF-2025-11-21-00002 - D\u00e9cision n\u00b0DOS-2025/4606 en date du 21/11/2025 portant modification de la\nd\u00e9cision n\u00b0DOS-2024/2517 du Directeur g\u00e9n\u00e9ral de l'Agence r\u00e9gionale de sant\u00e9 \u00cele-de-France en date du 07 ao\u00fbt 2024 relative \u00e0 la\ndemande pr\u00e9sent\u00e9e par le Centre hospitalier Sud Seine-et-Marne sur le site Montereau du Centre hospitalier Sud Seine-et-Marne\n44\nREPUBLIQUEFRAN\u00c7AISELibert\u00e9Egalit\u00e9Fraternit\u00e9\ne \u00bb Agence R\u00e9gionale de Sant\u00e9Ile-de-France\n \n \n \n \nAnnexe : liste des modalit\u00e9s et des pratiques th\u00e9rapeutiques sp\u00e9cifiques (PTS) de chirurgie sollicit\u00e9es \n \nCentre hospitalier Sud Seine-et-Marne (n\u00b0Finess EJ : 770021152) \n \nCH Sud Seine-et-Marne site Montereau (n\u00b0Finess ET : 770000164) \n \n \n \nAutorisation \naccord\u00e9e \n(OUI/NON) \nD\u00e9rogation \nPrise en charge \ndes enfants \nPosthectomies \nchez l'enfant \nCHIRURGIE ADULTE OUI   \nChirurgie maxillo-faciale, stomatologie et chirurgie orale \n\u2022 en hospitalisation \u00e0 temps complet  \n\u2022 en ambulatoire \n \nOUI \nOUI \n \nChirurgie orthop\u00e9dique et traumatologique \n\u2022 en hospitalisation \u00e0 temps complet  \n\u2022 en ambulatoire \n \nOUI \nOUI \n \nChirurgie plastique reconstructrice \n\u2022 en hospitalisation \u00e0 temps complet \n\u2022 en ambulatoire \n \nOUI \nOUI \n \nOUI \nOUI \nChirurgie visc\u00e9rale et digestive \n\u2022 en hospitalisation \u00e0 temps complet  \n\u2022 en ambulatoire \n \nOUI \nOUI \n \nChirurgie gyn\u00e9cologique et obst\u00e9trique \u00e0 l'exception des actes li\u00e9s \u00e0 \nl'accouchement r\u00e9alis\u00e9s au titre de l'activit\u00e9 de gyn\u00e9cologie-\nobst\u00e9trique \n\u2022 en hospitalisation \u00e0 temps complet  \n\u2022 en ambulatoire \n \n \n \nOUI \nOUI \n \nChirurgie ophtalmologique \n\u2022 en hospitalisation \u00e0 temps complet \n\u2022 en ambulatoire \n \nOUI \nOUI \n \nChirurgie oto-rhino-laryngologique et cervico-faciale \n\u2022 en hospitalisation \u00e0 temps complet \n\u2022 en ambulatoire \n \nOUI \nOUI \n \nChirurgie urologie \n\u2022 en hospitalisation \u00e0 temps complet \n\u2022 en ambulatoire \n \nOUI \nOUI \n \nOUI \nOUI \nCHIRURGIE BARIATRIQUE OUI   \n\u2022 en hospitalisation \u00e0 temps complet  \n\u2022 en ambulatoire   \n \nAgence R\u00e9gionale de Sant\u00e9 - IDF-2025-11-21-00002 - D\u00e9cision n\u00b0DOS-2025/4606 en date du 21/11/2025 portant modification de la\nd\u00e9cision n\u00b0DOS-2024/2517 du Directeur g\u00e9n\u00e9ral de l'Agence r\u00e9gionale de sant\u00e9 \u00cele-de-France en date du 07 ao\u00fbt 2024 relative \u00e0 la\ndemande pr\u00e9sent\u00e9e par le Centre hospitalier Sud Seine-et-Marne sur le site Montereau du Centre hospitalier Sud Seine-et-Marne\n45\nAgence R\u00e9gionale de Sant\u00e9\nIDF-2025-11-21-00006\nD\u00e9cision n\u00b0 DVSS - QSPHARMBIO - 2025/106\nportant modification de l'autorisation n\u00b0\nDVSS-QSPHARMBIO - 2024/084 de la pharmacie\n\u00e0 usage int\u00e9rieur de l'h\u00f4pital priv\u00e9 du Vert Galant\nAgence R\u00e9gionale de Sant\u00e9 - IDF-2025-11-21-00006 - D\u00e9cision n\u00b0 DVSS - QSPHARMBIO - 2025/106 portant modification de\nl'autorisation n\u00b0 DVSS-QSPHARMBIO - 2024/084 de la pharmacie \u00e0 usage int\u00e9rieur de l'h\u00f4pital priv\u00e9 du Vert Galant 46\nREPUBLIQUEFRANCAISELibert\u00e9Egalit\u00e9Fraternit\u00e9\ne \u00bb Agence R\u00e9gionale de Sant\u00e9Ile-de-France\n \n \n \n \n \n \n \nAGENCE R\u00c9GIONALE DE SANTE \u00ceLE-DE-FRANCE \nD\u00c9CISION n\u00b0 DVSS - QSPHARMBIO \u2013 2025/106 \nportant modification de l'autorisation n\u00b0 DVSS \u2013 QSPHARMBIO \u2013 2024/084 \nde la pharmacie \u00e0 usage int\u00e9rieur de l'h\u00f4pital priv\u00e9 du Vert Galant  \n \nLE DIRECTEUR G\u00c9N\u00c9RAL DE L'AGENCE R\u00c9GIONALE DE SANTE \u00ceLE-DE-FRANCE \nVU le code de la sant\u00e9 publique (CSP) et notamment les articles L.5126 -1 \u00e0 L.5126-11 ainsi que \nles articles R.5126-1 \u00e0 R.5126-49 \u00e0 62 ; \nVU l'arr\u00eat\u00e9 en date du 22 juin 2001 relatif aux bonnes pratiques de pharmacie hospitali\u00e8re ; \nVU la d\u00e9cision en date du 21 juillet 2023, prise en application des articles L.5121 -1 et L.5121-5 \ndu code de la sant\u00e9 publique, relative aux bonnes pratiques de pr\u00e9paration  ; \nVU le d\u00e9cret en date du 10 avril 2024 portant nomination de Monsieur Denis ROBIN, Directeur \ng\u00e9n\u00e9ral de l'Agence r\u00e9gionale de sant\u00e9 \u00cele-de-France \u00e0 compter du 29 avril 2024 ; \nVU l'arr\u00eat\u00e9 n\u00b0 DS 107/2024 en date du 27 juin 2024 portant d\u00e9l\u00e9gation de signature de \nMonsieur Denis ROBIN, Directeur g\u00e9n\u00e9ral de l'Agence r\u00e9gionale de sant\u00e9 Ile -de-France \u00e0 \nMadame Sophie MARTINON, Directrice g\u00e9n\u00e9rale   adjointe de l'Agence  r\u00e9gionale de sant\u00e9 \nIle-de-France ; \nVU la d\u00e9cision n\u00b0 DVSS \u2013 QSPHARMBIO \u2013 2024/084 en date du 19 ao\u00fbt 2024 ayant renouvel\u00e9 \nl'autorisation de la pharmacie \u00e0 usage int\u00e9rieur (PUI) au sein de l'h\u00f4pital priv\u00e9 du Vert Galant \nsis 38, rue du Docteur Assant \u00e0 Tremblay-en-France (93290) ; \nVU la d\u00e9cision n\u00b0 DVSS \u2013 QSPHARMBIO \u2013 2025/086 en date du 2 octobre 2025 ayant autoris\u00e9 \nla pharmacie \u00e0 usage int\u00e9rieur de l'h\u00f4pital priv\u00e9 d'Antony sis 1, rue Velpeau \u00e0 Antony (92160) \n\u00e0 r\u00e9aliser  l'activit\u00e9 de reconstitution de s m\u00e9dicaments anticanc\u00e9reux sous forme st\u00e9rile \ninjectable pour le compte de l'h\u00f4pital priv\u00e9 du Vert Galant, objet de la pr\u00e9sente d\u00e9cision ; \n \nVU la convention sign\u00e9e le 7 mars 2025  par le directeur de l'\u00e9tabliss ement, concernant la \ndemande de sous -traitance de  l'activit\u00e9 de reconstitution de s m\u00e9dicaments anticanc\u00e9reux \nsous forme st\u00e9rile injectable , par la pharmacie \u00e0 usage int\u00e9rieur de l'h\u00f4pital priv\u00e9 d'Antony  \n(HPA) ; \nCONSIDERANT que ce tte modification est non substantielle, conform\u00e9ment au  I de \nl'article R. 5126- 32 du code de la sant\u00e9 publique ;  \nCONSIDERANT  que ce tte modification permet de faire r\u00e9aliser l'activit\u00e9 de reconstitution de s \nm\u00e9dicaments anticanc\u00e9reux sous forme st\u00e9rile injectable , par la pharmacie \u00e0 \nusage int\u00e9rieur de l'h\u00f4pital priv\u00e9 d'Antony ; \n \nDECIDE \n \n \nARTICLE 1 La pharmacie \u00e0 usage int\u00e9rieur de  l'h\u00f4pital priv\u00e9 du Vert Galant , sis 38, rue du \nDocteur Assant \u00e0 Tremblay -en-France (93290) , est autoris\u00e9e \u00e0 confier la \nr\u00e9alisation de l'activit\u00e9 de reconstitution de m\u00e9dicaments anticanc\u00e9reux sous \nforme st\u00e9rile injectable , \u00e0 la  pharmacie \u00e0 usage int\u00e9rieur de l'h\u00f4pital priv\u00e9 \nd'Antony sis 1, rue Velpeau \u00e0 Antony (92160).  \nAgence R\u00e9gionale de Sant\u00e9 - IDF-2025-11-21-00006 - D\u00e9cision n\u00b0 DVSS - QSPHARMBIO - 2025/106 portant modification de\nl'autorisation n\u00b0 DVSS-QSPHARMBIO - 2024/084 de la pharmacie \u00e0 usage int\u00e9rieur de l'h\u00f4pital priv\u00e9 du Vert Galant 47\n \n \nARTICLE 2 La dur\u00e9e de cette sous -traitance est subordonn\u00e9e \u00e0 l'autorisation octroy\u00e9e \u00e0 \nl'h\u00f4pital priv\u00e9 d'Antony, pour la r\u00e9alisation de l'activit\u00e9 de reconstitution de \nsp\u00e9cialit\u00e9s pharmaceutiques st\u00e9riles, contenant des substances dangereuses \npour le personnel et l'environnement. \n \nARTICLE 3 Un recours contentieux contre la pr\u00e9sente d\u00e9cision peut \u00eatre form\u00e9 aupr\u00e8s du \nTribunal administratif comp\u00e9tent. Le d\u00e9lai de recours est de deux mois \u00e0 compter \nde la notification de la d\u00e9cision pour les int\u00e9ress\u00e9s ou de sa publication pour les \ntiers. Cette j uridiction peut notamment \u00eatre saisie via une requ\u00eate remise ou \nenvoy\u00e9e au greffe du Tribunal administratif ou aussi par l'application \n\u00ab T\u00e9l\u00e9recours \u00bb accessible \u00e0 partir du site www.telerecours.fr. \nARTICLE 4 Les directeurs de l'Agence r\u00e9gionale de sant\u00e9 \u00cele -de-France sont charg\u00e9s, \nchacun en ce qui les concerne, de l'ex\u00e9cution de la pr\u00e9sente d\u00e9cision, qui sera \npubli\u00e9e  au  recueil  des  actes  administratifs de la Pr\u00e9fecture de r\u00e9gion \u00cele -de-\nFrance. \n        \n \nFait \u00e0 Saint-Denis, le 21 novembre 2025 \n \nP/Le Directeur g\u00e9n\u00e9ral \nde l'Agence r\u00e9gionale de sant\u00e9  \n\u00cele-de-France \nLa directrice g\u00e9n\u00e9rale adjointe \nde l'Agence r\u00e9gionale de sant\u00e9 \nIle-de-France \n \nSIGNE \n \nSophie MARTINON \nAgence R\u00e9gionale de Sant\u00e9 - IDF-2025-11-21-00006 - D\u00e9cision n\u00b0 DVSS - QSPHARMBIO - 2025/106 portant modification de\nl'autorisation n\u00b0 DVSS-QSPHARMBIO - 2024/084 de la pharmacie \u00e0 usage int\u00e9rieur de l'h\u00f4pital priv\u00e9 du Vert Galant 48\nAgence R\u00e9gionale de Sant\u00e9\nIDF-2025-11-21-00007\nD\u00e9cision n\u00b0 DVSS - QSPHARMBIO - 2025/113\nportant renouvellement de l'autorisation de la\npharmacie \u00e0 usage int\u00e9rieur de l'Etablissement\nPublic de Sant\u00e9 Ville Evrard\nAgence R\u00e9gionale de Sant\u00e9 - IDF-2025-11-21-00007 - D\u00e9cision n\u00b0 DVSS - QSPHARMBIO - 2025/113 portant renouvellement de\nl'autorisation de la pharmacie \u00e0 usage int\u00e9rieur de l'Etablissement Public de Sant\u00e9 Ville Evrard 49\nEEREPUBLIQUEFRAN\u00c7AISELibert\u00e9Egalit\u00e9Fraternit\u00e9 @ D Agence R\u00e9gionale de Sant\u00e9\u00cele-de-France\n \n \n \n \n \nAGENCE R\u00c9GIONALE DE SANTE \u00ceLE-DE-FRANCE \nD\u00c9CISION N\u00b0 DVSS - QSPHARMBIO - 2025 / 113 \nportant renouvellement de l'autorisation de la pharmacie \u00e0 usage int\u00e9rieur  \nde l'Etablissement Public de Sant\u00e9 Ville Evrard  \n \nLE DIRECTEUR G\u00c9N\u00c9RAL DE L'AGENCE R\u00c9GIONALE DE SANT\u00c9 \u00ceLE-DE-FRANCE \n \nVU le code de la sant\u00e9 publique  et notamment les articles L.5126 -1 \u00e0 L.5126 -11 ainsi que les \narticles R.5126-1 \u00e0 R.5126-62 ;  \n \nVU l'ordonnance n\u00b0 2016-1729 en date du 15 d\u00e9cembre 2016 relative aux pharmacies \u00e0 usage \nint\u00e9rieur prise en application de l'article 204 de la loi n\u00b0 2016-41 en date du 26 janvier 2016 de \nmodernisation de notre syst\u00e8me de sant\u00e9 en sa version modifi\u00e9e par l'ordonnance \nn\u00b0 2020- 1407 en date du 18 novembre 2020 relative aux missions des agences r\u00e9gionales de \nsant\u00e9 ; \n \nVU le d\u00e9cret n\u00b0 2019-489 en date du 21 mai 2019 modifi\u00e9 relatif aux pharmacies \u00e0 usage int\u00e9rieur \npris en application de l'ordonnance n\u00b0 2016-1729, notamment son article 4 ;   \n \nVU  l'arr\u00eat\u00e9 en date du 22 juin 2001 relatif aux bonnes pratiques de pharmacie hospitali\u00e8re ; \n \nVU  la d\u00e9cision en date du 21 juillet 2023, prise en application des articles L.5121-1 et L.5121-5 du \ncode de la sant\u00e9 publique, relative aux bonnes pratiques de pr\u00e9paration ;  \n \nVU  le d\u00e9cret en date du 10 avril 2024 portant nomination de Monsieur Denis ROBIN, Directeur \ng\u00e9n\u00e9ral de l'Agence r\u00e9gionale de sant\u00e9 \u00cele-de-France \u00e0 compter du 29 avril 2024 ;  \n \nVU l'arr\u00eat\u00e9 n\u00b0 DS 107/2024 en date du 27 juin 2024 portant d\u00e9l\u00e9gation de signature de \nMonsieur Denis ROBIN, Directeur g\u00e9n\u00e9ral de l'Agence r\u00e9gionale de sant\u00e9 Ile -de-France \u00e0 \nMadame Sophie  MARTINON, Directrice  g\u00e9n\u00e9rale adjointe de l'Agence  r\u00e9gionale de sant\u00e9 \nIle-de-France ; \n \nVU  l'arr\u00eat\u00e9 pr\u00e9fectoral en date du 26 mai 1988 ayant autoris\u00e9 la cr\u00e9ation d'une pharmacie \u00e0 usage \nint\u00e9rieur  sous le n\u00b0 H. 29 au sein de l'Etablissement Public de Sant\u00e9  Ville Evrard, sis 202,  \navenue  Jean-Jaur\u00e8s  \u00e0  Neuilly-sur-Seine (93330) ;  \n \nVU  la demande d\u00e9pos\u00e9e le 27 mai 2025 et compl\u00e9t\u00e9e le 9 juillet 2025  par la directrice de \nl'\u00e9tablissement, Etablissement Public de Sant\u00e9 Ville Evrard, en vue du renouvellement, au titre \nde l'article 4 du d\u00e9cret  n\u00b02019-489 en date du 21 mai 2019 modifi\u00e9 relatif aux pharmacies \u00e0 \nusage int\u00e9rieur, de l'autorisation de la pharmacie \u00e0 usage int\u00e9rieur concernant  les missions \ng\u00e9n\u00e9rales ainsi que les actions de pharmacie clinique, telles que d\u00e9finies \u00e0 l'article L.5126 -1 \ndu code de la sant\u00e9 publique, afin de r\u00e9pondre aux besoins pharmaceutiques des personnes \nprises en charge ; \n \n \n \n \n \nAgence R\u00e9gionale de Sant\u00e9 - IDF-2025-11-21-00007 - D\u00e9cision n\u00b0 DVSS - QSPHARMBIO - 2025/113 portant renouvellement de\nl'autorisation de la pharmacie \u00e0 usage int\u00e9rieur de l'Etablissement Public de Sant\u00e9 Ville Evrard 50\nVU  la demande d\u00e9pos\u00e9e le 27 mai 2025 et compl\u00e9t\u00e9e le 9 juillet 2025  par la directrice de \nl'\u00e9tablissement, Etablissement Public de Sant\u00e9 Ville Evrard, en vue du renouvellement, au titre \nde l'article 4 du d\u00e9cret n\u00b0  2019-489 en date du 21 mai 2019 modifi\u00e9 relatif aux pharmacies \u00e0 \nusage int\u00e9rieur, de l'autorisation de la pharmacie \u00e0 usage int\u00e9rieur concernant  l'activit\u00e9 \nsuivante assur\u00e9e par une autre pharmacie \u00e0 usage int\u00e9rieur pour le compte de la pharmacie \u00e0 \nusage int\u00e9rieur : \n \n- r\u00e9alisation de la pr\u00e9paration des dispositifs m\u00e9dicaux st\u00e9riles ; \n \nVU  le rapport d'instruction en date du 31 juillet 2025 et la conclusion d\u00e9finitive en date du \n13 octobre 2025 \u00e9tablis par le pharmacien instructeur ;  \n \nVU  l'avis favorable du Conseil central de la section H de l'Ordre des pharmaci ens en date du \n14  novembre 2025 ; \n \nCONSID\u00c9RANT  \n \n \nles engagements pris par l'\u00e9tablissement suite au rapport d'instruction du pharmacien \ninstructeur, notamment :  \n \n- mettre en place un suivi de l'hygrom\u00e9trie au niveau du local de stockage des \ndispositifs m\u00e9dicaux st\u00e9riles ; \n- diff\u00e9rencier 4 zones distinctes  dans le local du stockage de l'oxyg\u00e8ne \nm\u00e9dicinal (bouteilles vides, bouteilles pleines, bouteilles rappel\u00e9es, et \nbouteilles d\u00e9fectueuses) ; \n- r\u00e9diger la proc\u00e9dure g\u00e9n\u00e9rale de gestion des non -conformit\u00e9s relevant du \ncircuit du m\u00e9dicament, des dispositifs m\u00e9dicaux, et des dispositifs m\u00e9dicaux \nr\u00e9utilisables st\u00e9riles,dans un d\u00e9lai raisonnable ; \n- mettre en conformit\u00e9 le stockage des produits inflammables au sein de la \npharmacie \u00e0 usage int\u00e9rieur ; \n- s'assurer (pharmacien g\u00e9rant) qu'une organisation satisfaisante est mise en \nplace pour le stockage des dispositifs m\u00e9dicaux r\u00e9utilisables st\u00e9rilis\u00e9s dans \nles services de soins ; \n \n \nCONSID\u00c9RANT que l'Etablissement Public de Sant\u00e9 Ville Evrard Ville Evrard, sous r\u00e9serve du respect \ndes engagements pris, dispose de locaux, de moyens en personnel, de moyens en \n\u00e9quipement et d'un syst\u00e8me d'information, conform\u00e9ment aux articles R.5126 -8 et \nR.5126-14 du code de la sant\u00e9 publique , lui permettant d'assurer l'ensemble des \nmissions ; \n \nDECIDE  \n \nARTICLE 1  \n \n \n \nARTICLE 2 \n \n \nLa pharmacie \u00e0 usage int\u00e9rieur d e l'EPS Ville Evrard , n\u00b0 FINESS EJ : 930140025  et \nn\u00b0 FINESS ET : 930000344, sis 202, avenue Jean-Jaur\u00e8s \u00e0 Neuilly-sur-Seine (93330)    \nest autoris\u00e9e \u00e0 exercer les missions cit\u00e9es aux articles suivants. \n \nLa pharmacie \u00e0 usage int\u00e9rieur dessert les \u00e9tablissements dont la liste est en annexe \nde cette d\u00e9cision. \nARTICLE 3 La pharmacie \u00e0 usage int\u00e9rieur assurera pour son propre compte, dans la limite du \nrespect des conditions r\u00e8glementaires fix\u00e9es pour son exercice au regard du statut de \nl'\u00e9tablissement au sein duquel elle est \u00e9tablie, les missions g\u00e9n\u00e9rales ainsi que les \nactions de pharmacie clinique, telles que d\u00e9finies \u00e0 l'article L.5126 -1 du code de la \nsant\u00e9 publique, afin de r\u00e9pondre aux besoins pharmaceutiques des personnes prises \nen charge. \n \n \n \nAgence R\u00e9gionale de Sant\u00e9 - IDF-2025-11-21-00007 - D\u00e9cision n\u00b0 DVSS - QSPHARMBIO - 2025/113 portant renouvellement de\nl'autorisation de la pharmacie \u00e0 usage int\u00e9rieur de l'Etablissement Public de Sant\u00e9 Ville Evrard 51\nARTICLE 4 \n \n \n \n \nLa pharmacie \u00e0 usage int\u00e9rieur de AP-HP - Groupement hospitalo universitaires Paris \nSeine Saint Denis site Avicenne  situ\u00e9e au 125 rue de Stalingrad, 93009 BOBIGNY \nCEDEX, assurera, pour le compte de la pharmacie \u00e0 usage int\u00e9rieur faisant l'objet de \nla pr\u00e9sente d\u00e9cision l'activit\u00e9 suivante : \n- la pr\u00e9paration des dispositifs m\u00e9dicaux st\u00e9riles. \nARTICLE 5 La pharmacie \u00e0 usage int\u00e9rieur est i mplant\u00e9e dans des locaux d'une superficie totale \nde 746,5 m\u00b2, comprenant :  \n \n- secr\u00e9tariat : 28,7 m\u00b2 ; \n- bureau n\u00b0 7 pharmacien : 16,9 m\u00b2 ; \n- bureau n\u00b0 6 pharmacien : 13,6 m\u00b2 ; \n- bureau n\u00b0 5 pharmacien : 10,4 m\u00b2 ; \n- bureau n\u00b0 4 cadre : 13,2 m\u00b2 ; \n- bureau n\u00b0 3 pharmacien : 11,8 m\u00b2 ; \n- bureau n\u00b0 2 validation pharmaceutique : 10 m\u00b2 ; \n- bureau n\u00b0 1 r\u00e9ception : 13,5 m\u00b2 ; \n- bureau gestion : 25,8 m\u00b2 ; \n- pr\u00e9paratoire : 14,8 m\u00b2 ; \n- salle de repos : 15,3 m\u00b2 ; \n- future zone robot / salle de r\u00e9unions : 29,3 m\u00b2 ; \n- stock m\u00e9dicament : 120 m\u00b2 ; \n- stockage / mat\u00e9riel logistique : 55 m\u00b2 ; \n- stock pansements : 45 m\u00b2 ; \n- zone de transit : 21,2 m\u00b2 ; \n- stock dispositifs m\u00e9dicaux : 60 m\u00b2 ; \n- zone colisage SHA, EPI et tests covid : 32,2 m\u00b2 ; \n- local stup\u00e9fiants : 11 m\u00b2 ; \n- salle d'attente : 6 m\u00b2 ; \n- local astreinte : 3,2 m\u00b2 ; \n- vestiaire : 18,5 m\u00b2 ; \n- sanitaires : 9,7 m\u00b2 ; \n- stockage ext\u00e9rieur gaz m\u00e9dicaux : 1,4 m\u00b2 ; \n- sous-sol pharmacie \u00e0 usage int\u00e9rieur archives : 160m\u00b2. \n \nARTICLE 6  Le temps de pr\u00e9sence du pharmacien charg\u00e9 de la g\u00e9rance, de dix demi-journ\u00e9es par \nsemaine, est en conformit\u00e9 avec les dispositions de l'article R.5126 -39 du code de la \nsant\u00e9 publique. \nARTICLE 7  Un recours contentieux contre la pr\u00e9sente d\u00e9cision peut \u00eatre form\u00e9 aupr\u00e8s du Tribunal \nadministratif comp\u00e9tent. Le d\u00e9lai de recours est de deux mois \u00e0 compter de la \nnotification de la d\u00e9cision pour les int\u00e9ress\u00e9s ou de sa publication pour les tiers. Cette \njuridiction peut notamment \u00eatre saisie via une requ\u00eate remise ou envoy\u00e9e au greffe du \nTribunal administratif ou aussi par l'application \u00ab  T\u00e9l\u00e9recours \u00bb accessible \u00e0 partir du \nsite www.telerecours.fr.  \n \n \n \n \n \n \nAgence R\u00e9gionale de Sant\u00e9 - IDF-2025-11-21-00007 - D\u00e9cision n\u00b0 DVSS - QSPHARMBIO - 2025/113 portant renouvellement de\nl'autorisation de la pharmacie \u00e0 usage int\u00e9rieur de l'Etablissement Public de Sant\u00e9 Ville Evrard 52\nARTICLE 8  Les Directeurs de l'Agence r\u00e9gionale de sant\u00e9 \u00cele-de-France sont charg\u00e9s, chacun en \nce qui les concerne, de l'ex\u00e9cution de la pr\u00e9sente d\u00e9cision, qui sera publi\u00e9e au recueil \ndes actes administratifs de la Pr\u00e9fecture de r\u00e9gion \u00cele-de-France. \n \nFait \u00e0 Saint-Denis le 21 novembre 2025 \n \nP/Le Directeur g\u00e9n\u00e9ral \nde l'Agence r\u00e9gionale de sant\u00e9  \n\u00cele-de-France \n \nSIGNE \n \nLa directrice g\u00e9n\u00e9rale adjointe \nde l'Agence r\u00e9gionale de sant\u00e9 \nIle-de-France \nAgence R\u00e9gionale de Sant\u00e9 - IDF-2025-11-21-00007 - D\u00e9cision n\u00b0 DVSS - QSPHARMBIO - 2025/113 portant renouvellement de\nl'autorisation de la pharmacie \u00e0 usage int\u00e9rieur de l'Etablissement Public de Sant\u00e9 Ville Evrard 53\nAgence R\u00e9gionale de Sant\u00e9\nIDF-2025-11-21-00004\nD\u00e9cision n\u00b0 DVSS - QSPHARMBIO - 2025/133\nportant renouvellement de l'autorisation de la\npharmacie \u00e0 usage int\u00e9rieur de la Fondation de\nRothschild - Maison de retraite et de g\u00e9riatrie\n(MRG) et unit\u00e9 de soins de suite (USS)\nAgence R\u00e9gionale de Sant\u00e9 - IDF-2025-11-21-00004 - D\u00e9cision n\u00b0 DVSS - QSPHARMBIO - 2025/133 portant renouvellement de\nl'autorisation de la pharmacie \u00e0 usage int\u00e9rieur de la Fondation de Rothschild - Maison de retraite et de g\u00e9riatrie (MRG) et unit\u00e9 de\nsoins de suite (USS)\n54\nREPUBLIQUEFRANCAISELibert\u00e9Egalit\u00e9Fraternit\u00e9\ne \u00bb Agence R\u00e9gionale de Sant\u00e9Ile-de-France\n \n \n1 / 4 \n \n \nAGENCE R\u00c9GIONALE DE SANTE \u00ceLE-DE-FRANCE \nD\u00c9CISION n\u00b0 DVSS - QSPHARMBIO - 2025 / 133 \nportant renouvellement de l'autorisation de la pharmacie \u00e0 usage int\u00e9rieur  \nde la Fondation de Rothschild \nMaison de retraite et de g\u00e9riatrie (MRG) et unit\u00e9 de soins de suite (USS) \n \nLE DIRECTEUR G\u00c9N\u00c9RAL DE L'AGENCE R\u00c9GIONALE DE SANT\u00c9 \u00ceLE-DE-FRANCE \n \nVU le code de la  sant\u00e9  publique et notamment les articles L.5126 -1 \u00e0 L.5126 -11 ainsi que les \narticles R.5126-1 \u00e0 R.5126-62 ;  \n \nVU l'ordonnance n\u00b0 2016-1729 en date du 15 d\u00e9cembre 2016 relative aux pharmacies \u00e0 usage \nint\u00e9rieur prise en application de l'article 204 de la loi n\u00b0  2016-41 en date du 26 janvier 2016 \nde modernisation de notre syst\u00e8me de sant\u00e9 en sa version modifi\u00e9e par l'ordonnance \nn\u00b0  2020- 1407 en date du 18 novembre 2020 relative aux missions des agences r\u00e9gionales \nde sant\u00e9 ; \n \nVU le d\u00e9cret n\u00b0 2019-489 en date du 21 mai 2019 modifi\u00e9 relatif aux pharmacies \u00e0 usage int\u00e9rieur \npris en application de l'ordonnance n\u00b02016-1729, notamment son article 4 ; \n \nVU  l'arr\u00eat\u00e9 en date du 22 juin 2001 relatif aux bonnes pratiques de pharmacie hospitali\u00e8re ; \n \nVU  la d\u00e9cision en date du 21 juillet 2023, prise en application des articles L.5121 -1 et L.5121 -5 \ndu code de la sant\u00e9 publique, relative aux bonnes pratiques de pr\u00e9paration  ; \n \nVU  le d\u00e9cret en date du 10 avril 2024 portant nomination de  Monsieur Denis ROBIN, Direct eur \ng\u00e9n\u00e9ral de l'Agence r\u00e9gionale de sant\u00e9 \u00cele-de-France \u00e0 compter du 29 avril 2024 ;  \n \nVU l'arr\u00eat\u00e9 n\u00b0 DS 107/2024 en date du 27 juin 2024 portant d\u00e9l\u00e9gation de signature de \nMonsieur   Denis ROBIN, Directeur g\u00e9n\u00e9ral de l'Agence r\u00e9gionale de sant\u00e9 Ile -de-France \u00e0 \nMadame Sophie  MARTINON, Directrice  g\u00e9n\u00e9rale adjointe de  l'Agence r\u00e9gionale de sant\u00e9  \nIle-de-France ; \n \nVU  l'arr\u00eat\u00e9 pr\u00e9fectoral en date du 7 octobre 1966  ayant autoris\u00e9 la cr\u00e9ation d'une pharmacie \u00e0 \nusage int\u00e9rieur sous le n\u00b0 H 262 au sein de la Fondation de Rothschild \u2013 Maison de retraite et \nde g\u00e9riatrie et unit\u00e9 de soins de suite sise au 76-80, rue Picpus \u00e0 Paris (75012) ;  \n  \nVU  la demande d\u00e9pos\u00e9e le 30 janvier 2025 et modifi\u00e9e le 31 janvier 2025  par la directrice de \nl'\u00e9tablissement, repr\u00e9sentant l\u00e9gal de la personne morale exploitant la Fondation de \nRothschild  Maison de retraite et de g\u00e9riatrie et unit\u00e9 de soins de suite , en vue du \nrenouvellement, au titre de  l'article 4 du d\u00e9cret n\u00b0  2019-489 en date du 21 mai 2019 modifi\u00e9 \nrelatif aux pharmacies \u00e0 usage int\u00e9rieur, de l'autorisation de la pharmacie \u00e0 usage int\u00e9rieur \nconcernant les missions g\u00e9n\u00e9rales ainsi que les actions de pharmacie clinique, telles que \nd\u00e9finies \u00e0 l'article L.5126 -1 du code de la sant\u00e9 publique, afin de r\u00e9pondre aux besoins \npharmaceutiques des personnes prises en charge ;  \n \n \n \n \n \nAgence R\u00e9gionale de Sant\u00e9 - IDF-2025-11-21-00004 - D\u00e9cision n\u00b0 DVSS - QSPHARMBIO - 2025/133 portant renouvellement de\nl'autorisation de la pharmacie \u00e0 usage int\u00e9rieur de la Fondation de Rothschild - Maison de retraite et de g\u00e9riatrie (MRG) et unit\u00e9 de\nsoins de suite (USS)\n55\n \n2 / 4 \n \nVU  la demande d\u00e9pos\u00e9e le 30 janvier 2025 et modifi\u00e9e le 31 janvier 2025  par la directrice  de \nl'\u00e9tablissement, repr\u00e9sentant l\u00e9gal de la personne morale exploitant la Fondation de \nRothschild  Maison de retraite et de g\u00e9riatrie et unit\u00e9 de soins de suite , en vue du \nrenouvellement, au titre de l'article 4  du d\u00e9cret n\u00b0  2019-489 en date du 21 mai 2019 modifi\u00e9 \nrelatif aux pharmacies \u00e0 usage int\u00e9rieur, de l'autorisation de la pharmacie \u00e0 usage int\u00e9rieur  \nconcernant l'activit\u00e9 suivante assur\u00e9e pour son propre compte :  \n \n- la pr\u00e9paration de doses \u00e0 administrer de m\u00e9dicaments mentionn\u00e9s \u00e0 \nl'article L.4211-1 du code de la sant\u00e9 publique ; \n \nVU  le rapport d'instruction en date du 22 avril 2025  et la conclusion d\u00e9finitive en date du \n5 novembre 2025 \u00e9tablis par le pharmacien inspecteur de sant\u00e9 publique ;  \n \nVU  l'avis favorable du Conseil central de la section H de l'Ordre des pharmaciens en date du \n11 mai 2025 ;  \n  \nCONSID\u00c9RANT  \n \n \nles engagements pris par l'\u00e9tablissement \u00e0 la suite du rapport d' instruction du \npharmacien inspecteur de sant\u00e9 publique notamment :  \n \n- de recruter un temps pharmaceutique suppl\u00e9mentaire pour disposer d'au \nmoins deux \u00e9quivalents temps plein pharmaciens ;  \n- de formaliser une convention de d\u00e9pannage en m\u00e9dicaments avec l'h\u00f4pital \nSaint-Antoine : la convention actuelle avec l'h\u00f4pital Rothschild AP -HP est \nincompl\u00e8te et doit \u00eatre revue ; \n- de mettre en place la s\u00e9rialisation pour l'ensemble des sp\u00e9cialit\u00e9s ; \n- de recruter un magasinier au sein de la pharmacie \u00e0 usage int\u00e9rieur ; \n- de poursuivre les travaux de r\u00e9habilitation concernant les sols de la zone de \nstockage des solut\u00e9s ; \n- de mettre en place une proc\u00e9dure sur la conduite \u00e0 tenir en cas de panne de \nl'enceinte r\u00e9frig\u00e9r\u00e9e en dehors des heures d'ouverture de la pharmacie \u00e0 \nusage int\u00e9rieur ; \n- d'assurer la s\u00e9curisation des armoires pour besoins urgents au sein des \npostes de soins ; \n- d'assurer un stockage satisfaisant des m\u00e9dicaments thermosensibles selon \nles proc\u00e9dures en vigueur au sein des postes de soins qui vont \u00eatre \nmutualis\u00e9s ; \n- de mettre en place une cartographie des risques concernant l'activit\u00e9 de \npr\u00e9parations de doses \u00e0 administrer accompagn\u00e9e d'un plan d'actions ; \n \nCONSIDERANT  \n \nqu'il est attendu la mise en \u0153uvre par l'\u00e9tablissement des mesures suivantes  : \n \n- de veiller \u00e0 disposer d'un effectif pharmaceutique et pr\u00e9parateur suffisant, et \nde remplacer les absences d\u00e8s que possible pour \u00e9viter en particulier les \nglissements de taches des pharmaciens devant effectuer le travail des \npr\u00e9parateurs et ne pouvant ainsi  pas r\u00e9aliser leurs missions notamment sur \nla pharmacie clinique ; \n- de revoir l'ergonomie et l'accessibilit\u00e9 des colonnes de stockage de \nm\u00e9dicaments au sein de la pharmacie \u00e0 usage int\u00e9rieur, suite \u00e0 un accident \ngrave du travail d'une pr\u00e9paratrice, survenu en juillet 2025 et impliquant tr\u00e8s \nprobablement la conception de ces colonnes. \n \n \nAgence R\u00e9gionale de Sant\u00e9 - IDF-2025-11-21-00004 - D\u00e9cision n\u00b0 DVSS - QSPHARMBIO - 2025/133 portant renouvellement de\nl'autorisation de la pharmacie \u00e0 usage int\u00e9rieur de la Fondation de Rothschild - Maison de retraite et de g\u00e9riatrie (MRG) et unit\u00e9 de\nsoins de suite (USS)\n56\n \n3 / 4 \n \nCONSID\u00c9RANT que la Fondation de Rothschild \u2013 Maison de retraite et de g\u00e9riatrie et unit\u00e9 de soins \nde suite, sous r\u00e9serve des engagements pris et de la mise en \u0153uvre des mesures \nattendues, dispose de locaux, de moyens en personnel, de moyens en \u00e9quipement \net d'un syst\u00e8me d'information, conform\u00e9ment aux articles R.5126 -8 et R.5126-14 du \ncode de la sant\u00e9 publique , lui permettant d'assurer l'ensemble des missions et \nl'activit\u00e9 sollicit\u00e9e ; \n  \nDECIDE  \n \nARTICLE 1 La pharmacie \u00e0 usage int\u00e9rieur implant\u00e9e au sein de la Fondation de Rothschild \u2013 \nMaison de retraite et de g\u00e9riatrie et unit\u00e9 de soins de suite n\u00b0 FINESS EJ : 750710428 \nn\u00b0 FINESS ET : 750800534, sise au 76-80, rue Picpus \u00e0 Paris (75012) est autoris\u00e9e \u00e0 \nexercer les missions et l'activit\u00e9 cit\u00e9e aux articles suivants. \n \nARTICLE 2  La pharmacie \u00e0 usage int\u00e9rieur assurera pour son propre compte, dans la limite du \nrespect des conditions r\u00e8glementaires fix\u00e9es pour leur exercice au regard du statut de \nl'\u00e9tablissement au sein duquel elle est \u00e9tablie les missions g\u00e9n\u00e9rales ainsi que les \nactions de pharmacie clinique, telles que d\u00e9finies \u00e0 l'article L.5126 -1 du code de la \nsant\u00e9 publique, afin de r\u00e9pondre aux besoins pharmaceutiques des personnes prises \nen charge. \n \nARTICLE 3 La pharmacie \u00e0 usage int\u00e9rieur assurera, pour son propre compte l'activit\u00e9 mentionn\u00e9e \n\u00e0 l'article R.5126-9 du code de la sant\u00e9 publique :  \n- la pr\u00e9paration de doses \u00e0 administrer de m\u00e9dicaments mentionn\u00e9s \u00e0 \nl'article L. 4211-1 du m\u00eame code : \n\u2981 proc\u00e9d\u00e9 de pr\u00e9paration de doses \u00e0 administrer : manuel ; \n\u2981 type de doses pr\u00e9par\u00e9es : voie orale, comprim\u00e9s et g\u00e9lules ; \n\u2981 op\u00e9rations r\u00e9alis\u00e9es : d\u00e9conditionnement, reconditionnement,  \nsur\u00e9tiquetage des blisters de m\u00e9dicaments non pr\u00e9sent\u00e9s en \nconditionnement unitaire. \n \nARTICLE 4 La pharmacie \u00e0 usage int\u00e9rieur est i mplant\u00e9e dans des locaux d'une superficie totale \nde 266 m\u00b2, comprenant :  \n \nau sous-sol du b\u00e2timent MALKA : 221 m\u00b2 : \n \n- sas : 12 m\u00b2 ; \n- pharmacie (espace principal) : 123 m\u00b2 ; \n- bureau pharmacien : 13 m\u00b2 ; \n- stockage dispositifs m\u00e9dicaux : 35 m\u00b2 ; \n- stockage solut\u00e9s : 38 m\u00b2 ; \n \nau niveau du rez de jardin : \n \n- local \u00e0 oxyg\u00e8ne : 45 m \u00b2  \n \nARTICLE 5  \n \nLe temps de pr\u00e9sence du pharmacien charg\u00e9 de la g\u00e9rance de  dix demi-journ\u00e9es par \nsemaine, est en conformit\u00e9 avec les dispositions de l'article R.5126 -39 du code de la \nsant\u00e9 publique \n  \n \n \n \n \nARTICLE 6  Un recours contentieux contre la pr\u00e9sente d\u00e9cision peut \u00eatre form\u00e9 aupr\u00e8s du Tribunal \nadministratif comp\u00e9tent. Le d\u00e9lai de recours est de deux mois \u00e0 compter de la \nAgence R\u00e9gionale de Sant\u00e9 - IDF-2025-11-21-00004 - D\u00e9cision n\u00b0 DVSS - QSPHARMBIO - 2025/133 portant renouvellement de\nl'autorisation de la pharmacie \u00e0 usage int\u00e9rieur de la Fondation de Rothschild - Maison de retraite et de g\u00e9riatrie (MRG) et unit\u00e9 de\nsoins de suite (USS)\n57\n \n4 / 4 \n \nnotification de la d\u00e9cision pour les int\u00e9ress\u00e9s ou de sa publication pour les tiers. Cette \njuridiction peut notamment \u00eatre saisie via une requ\u00eate remise ou envoy\u00e9e au greffe du \nTribunal administratif ou aussi par l'application \u00ab  T\u00e9l\u00e9recours \u00bb accessible \u00e0 partir du \nsite www.telerecours.fr.  \nARTICLE 7  Les Directeurs de l'Agence r\u00e9gionale de sant\u00e9 \u00cele-de-France sont charg\u00e9s, chacun en \nce qui les concerne, de l'ex\u00e9cution de la pr\u00e9sente d\u00e9cision, qui sera publi\u00e9e au recueil \ndes actes administratifs de la Pr\u00e9fecture de r\u00e9gion \u00cele-de-France. \n \nFait \u00e0 Saint-Denis, le 21 novembre 2025 \n \nP/Le Directeur g\u00e9n\u00e9ral \nde l'Agence r\u00e9gionale de sant\u00e9  \n\u00cele-de-France \nLa directrice g\u00e9n\u00e9rale adjointe \nDe l'Agence r\u00e9gionale de sant\u00e9 \nIle-de-France \n \nSIGNE \n \nSophie MARTINON \n \nAgence R\u00e9gionale de Sant\u00e9 - IDF-2025-11-21-00004 - D\u00e9cision n\u00b0 DVSS - QSPHARMBIO - 2025/133 portant renouvellement de\nl'autorisation de la pharmacie \u00e0 usage int\u00e9rieur de la Fondation de Rothschild - Maison de retraite et de g\u00e9riatrie (MRG) et unit\u00e9 de\nsoins de suite (USS)\n58\nDirection r\u00e9gionale et interd\u00e9partementale de\nl'h\u00e9bergement et du logement\nIDF-2025-11-20-00010\nArr\u00eat\u00e9 fixant la dotation globale commune 2025\ndu CPOM CPH Cit\u00e9s Caritas \nDirection r\u00e9gionale et interd\u00e9partementale de l'h\u00e9bergement et du logement - IDF-2025-11-20-00010 - Arr\u00eat\u00e9 fixant la dotation\nglobale commune 2025 du CPOM CPH Cit\u00e9s Caritas 59\n \n \n1\n                                               Direction R\u00e9gionale et Interd\u00e9partementale  \nde l'H\u00e9bergement et du Logement \nDRIHL \n \n \n \n \n \n \n \n \nD\nIRECTION REGIONALE ET INTERDEPARTEMENTALE \nDE L 'HEBERGEMENT ET DU LOGEMENT  \n \n \n \n \nOp\u00e9rateur : CITES CARITAS  \nN\u00b0 SIRET  Si\u00e8ge CITES CARITAS : 353 305 238 001 75  \n \nN\u00b0 EJ Chorus  : 2104630934  \n \n \n \nARR\u00caT\u00c9 n\u00b0 \n \n \n \nLE PR\u00c9FET DE LA R\u00c9GION D'\u00ceLE-DE-FRANCE  \nCOMMANDEUR DE LA L\u00c9GION D'HONNEUR  \nOFFICIER DE L'ORDRE NATIONAL DU M\u00c9RITE  \n \n \n \nVu le code de l'action sociale et des familles, notamment les articles L 312-1, L 314-1 et suivants, \nL348- 1 \u00e0 L348-4, L351-1 et suivants et dans sa par tie r\u00e9glementaire les articles R314-1 et \nsuivants, R348-1 \u00e0 R348-5, R351-1 et suivants ; \n \nVu l'arr\u00eat\u00e9 minist\u00e9riel du 19 mai 2025 fixant les dotations r\u00e9gionales limitatives relatives aux frais \nde fonctionnement des centres provisoires d'h\u00e9berge ment pour 2025, publi\u00e9 au Journal \nOfficiel du 22 mai 2025 ; \n \nVu  l'arr\u00eat\u00e9 du 25 octobre 2019 fixant le contenu du c ahier des charges du contrat pluriannuel \nd'objectifs et de moyens pr\u00e9vu \u00e0 l'article L.313-11-2 du code de l'action sociale et des familles ; \n \nVu le contrat pluriannuel d'objectifs et de moyens du 17 avril 2024 entre CITES CARITAS et l'\u00c9tat, \nen r\u00e9gion \u00cele-de-France, pour l'activit\u00e9 asile pour  la p\u00e9riode du 1er janvier 2024 au \n31 d\u00e9cembre 2028 ;  \n \n \nARR\u00caTE \n \n \nArticle 1 \ner : \n \nPour l'exercice budg\u00e9taire 2025, la dotation globalis\u00e9e commune des centres provisoires d'h\u00e9bergement (CPH) \nvalid\u00e9e pour l'association CITES CARITAS, dont le s i\u00e8ge social est situ\u00e9 au 75, Rue Orfila, France 75 020 \nParis, a \u00e9t\u00e9 fix\u00e9e \u00e0 3 803 198 \u20ac. \n \nLa dotation globalis\u00e9e commune finance 372 places de CPH. La quote-part de la dotation globalis\u00e9e commune \nr\u00e9partie par \u00e9tablissement, \u00e0 titre pr\u00e9visionnel, est annex\u00e9e au pr\u00e9sent arr\u00eat\u00e9. \n \n \n \n \n \nDirection r\u00e9gionale et interd\u00e9partementale de l'h\u00e9bergement et du logement - IDF-2025-11-20-00010 - Arr\u00eat\u00e9 fixant la dotation\nglobale commune 2025 du CPOM CPH Cit\u00e9s Caritas 60\n \n \n2\nEn application de l'article R. 314-107 du code de l'action sociale et des familles, la fraction forfaitaire \u00e9gale au \ndouzi\u00e8me de la dotation globale de financement s'\u00e9l\u00e8ve \u00e0 316 933.16 \u20ac. \n \nLe co\u00fbt journalier \u00e0 la place pour l'exercice 2025 est de 28,01 \u20ac. Ce co\u00fbt est calcul\u00e9 \u00e0 partir de la dotation \nglobalis\u00e9e commune allou\u00e9e sur un fonctionnement \u00e0 365 jours. \n \nDes cr\u00e9dits non reconductibles (CNR) seront vers\u00e9s \u00e0 hauteur de 230 000 euros pour la r\u00e9alisation de 7 projets \nd'am\u00e9lioration de l'accompagnement des personnes h\u00e9 berg\u00e9es, 2 projets d'am\u00e9lioration de la qualit\u00e9 de \nl'accueil et du cadre de vie des personnes h\u00e9berg\u00e9e s et 2 projets de r\u00e9novation de logements et locaux  \u00e0 \nusage professionnel. \n \nArticle 2 :\n \n \nCette dotation globalis\u00e9e commune est imput\u00e9e sur les cr\u00e9dits du programme 303 \u00ab Immigration et asile \u00bb du \nMinist\u00e8re de l'Int\u00e9rieur sur le centre financier \u00ab 0303-DR75-DRIH \u00bb, domaine fonctionnel \u00ab 0303-02-21 \u00bb, \nactivit\u00e9 \u00ab 0303 13 09 01 01 \u00bb, centre de co\u00fbts \u00ab IHLDR75075 \u00bb.\n \n \nL'ordonnateur de la d\u00e9pense est le Pr\u00e9fet de la R\u00e9g ion d'\u00cele-de-France \u2013 Pr\u00e9fet de Paris. Le comptable  \nassignataire est le Directeur d\u00e9partemental des finances publiques du Val-de-Marne. \n \n \n \nArticle 3 : \n \nLes recours dirig\u00e9s contre le pr\u00e9sent arr\u00eat\u00e9 doivent \u00eatre port\u00e9s devant le tribunal administratif de Versailles sis \n56, avenue de Saint Cloud 78011 Versailles, dans le d\u00e9lai d'un mois \u00e0 compter de sa publication ou, pour les \npersonnes auxquelles il sera notifi\u00e9, \u00e0 compter de sa notification. \n \n \nArticle 4 : \n \nLe pr\u00e9fet, secr\u00e9taire g\u00e9n\u00e9ral aux politiques publiques de la pr\u00e9fecture de la r\u00e9gion d'\u00cele-de-France, pr\u00e9fecture \nde Paris et le directeur et interd\u00e9partemental de l 'h\u00e9bergement et du logement d'\u00cele-de-France sont charg\u00e9s, \nchacun en ce qui le concerne, de l'ex\u00e9cution du pr\u00e9 sent arr\u00eat\u00e9 qui sera publi\u00e9 au recueil des actes \nadministratifs de la pr\u00e9fecture de la r\u00e9gion d'\u00cele-de-France, pr\u00e9fecture de Paris.  \n \n \n \n \nFait \u00e0 Paris, le  20/11/2025 \n \nPour le Pr\u00e9fet de la R\u00e9gion d'\u00cele-de-France, \nPr\u00e9fet de Paris et par d\u00e9l\u00e9gation, \nLe Directeur adjoint \nde l'H\u00e9bergement et du Logement \n \nSIGNE \n \nJacques-Bertrand de REBOUL \n \n \nDirection r\u00e9gionale et interd\u00e9partementale de l'h\u00e9bergement et du logement - IDF-2025-11-20-00010 - Arr\u00eat\u00e9 fixant la dotation\nglobale commune 2025 du CPOM CPH Cit\u00e9s Caritas 61\n \n \n3\n \nANNEXE \n\u00e0 l'arr\u00eat\u00e9 fixant la dotation globalis\u00e9e commune des centres provisoires d'h\u00e9bergement \ng\u00e9r\u00e9s par l'association CITES CARITAS \n \n \n \n \n \n \n \n \n \n \n \nDEP Etablissement \nNombre \nde \nplaces \nCo\u00fbt cible \n2025 \nNombre de journ\u00e9es \nth\u00e9oriques pour 2025 \n365 jours \nDotation globale de \nfinancement \ncommune \n78 CPH Cit\u00e9 Saint Yves 64 28,01 \u20ac 365 654 313,60 \u20ac \n91 CPH Cit\u00e9 Bethl\u00e9em 100 28,01 \u20ac 365 1 022 365,00 \u20ac \n93 CPH Le Quidam 78 28,01 \u20ac 365 797 444,70 \u20ac \n94 CPH Trajectoire 65 28,01 \u20ac 365 664 537,25 \u20ac \n95 CPH Terre de France 65 28,01 \u20ac 365 664 537,25 \u20ac \nTotaux 372 28,01 \u20ac 365 3 803 197,80 \u20ac \nCPOM CPH Cit\u00e9 Caritas 2025 \nDirection r\u00e9gionale et interd\u00e9partementale de l'h\u00e9bergement et du logement - IDF-2025-11-20-00010 - Arr\u00eat\u00e9 fixant la dotation\nglobale commune 2025 du CPOM CPH Cit\u00e9s Caritas 62","date":"2025-11-24","first_seen_on":"2025-11-24T17:58:13+00:00","id":"2d5ea3e4723a8efeb1cb0419b8bbe7c0389da9a720e73e1e2f14874c8b54e101","name":"recueil-idf-038-2025-11-recueil-des-actes-administratifs-special. du 24.11.2025","pdf_creation_date":"2025-11-24T15:47:02+00:00","pdf_modification_date":null,"timezone":"Europe/Paris","url":"https://www.prefectures-regions.gouv.fr/ile-de-france/irecontenu/telechargement/132916/975103/file/recueil-idf-038-2025-11-recueil-des-actes-administratifs-special.%20du%2024.11.2025.pdf"}
