{"administration":"pref37","administration_name":"Pr\u00e9fecture d\u2019Indre-et-Loire","content":"INDRE-ET-LOIRE\nRECUEIL DES ACTES\nADMINISTRATIFS SP\u00c9CIAL\nN\u00b037-2025-05042\nPUBLI\u00c9 LE 22 MAI 2025\nSommaire\nPr\u00e9fecture d'Indre et Loire / Service d'animation interminist\u00e9rielle des\npolitiques publiques\n37-2025-03-27-00003 - Arrete Personnes Qualifi\u00e9es ESMS 37 (2 pages) Page 3\n2\nPr\u00e9fecture d'Indre et Loire\n37-2025-03-27-00003\nArrete Personnes Qualifi\u00e9es ESMS 37\nPr\u00e9fecture d'Indre et Loire - 37-2025-03-27-00003 - Arrete Personnes Qualifi\u00e9es ESMS 37 3\nPR\u00c9FECTURE D'INDRE-ET-LOIRE\nAGENCE R\u00c9GIONALE DE SANT\u00c9 CENTRE VAL DE LOIRE\nCONSEIL D\u00c9PARTEMENTAL D'INDRE-ET-LOIRE\nARR\u00caT\u00c9\nfixant la liste des personnes qualifi\u00e9es dans le d\u00e9partement d'Indre-et-Loire\nVu le Code de l'action sociale et des familles en ses articles L 311-5, L 312-1, L 313-3, R 311-1 et\nR 311-2 ;\nVu le Code de la sant\u00e9 publique ;\nVu le Code g\u00e9n\u00e9ral des collectivit\u00e9s territoriales ;\nVu le d\u00e9cret 2010-336 du 31 mars 2010 portant cr\u00e9ation des Agences R\u00e9gionales de Sant\u00e9 (ARS) ;\nVu le d\u00e9cret du 6 novembre 2024 portant nomination de Monsieur Thomas CAMPEAUX en qualit\u00e9  \nde Pr\u00e9fet d'Indre et Loire ;\nVu le d\u00e9cret du 7 juin 2023 portant nomination de Madame Clara de BORT en tant que directrice  \ng\u00e9n\u00e9rale de l'Agence R\u00e9gionale de Sant\u00e9 Centre-Val de Loire \u00e0 compter du 12 juin 2023 ;\nVu la d\u00e9cision n\u00b0 2024-DG-DS-0002 de l'Agence R\u00e9gionale de Sant\u00e9 Centre-Val de Loire en date du  \n2 ao\u00fbt 2024 portant d\u00e9l\u00e9gation de signature ;\nVu la d\u00e9lib\u00e9ration du Conseil D\u00e9partemental prise lors de la s\u00e9ance du 18 octobre 2023 \u00e9lisant  \nMadame Nad\u00e8ge ARNAULT en tant que Pr\u00e9sidente du Conseil D\u00e9partemental de l'Indre-et-Loire ;\nSur proposition  du  secr\u00e9taire  g\u00e9n\u00e9ral  de  la  pr\u00e9fecture  d'Indre-et-Loire,  de  la  Direction  \nd\u00e9partementale de l'Agence R\u00e9gionale de Sant\u00e9 du Centre et de la directrice g\u00e9n\u00e9rale adjointe des  \nsolidarit\u00e9s ;\nARR\u00caTENT\nArticle 1er :: La liste des personnes qualifi\u00e9es pr\u00e9vue \u00e0 l'article L. 311-5 du code de l'action sociale et  \ndes familles est compos\u00e9e, pour le d\u00e9partement d'Indre-et-Loire, des personnes suivantes :\n- Mme Marianne MOUNIER, ancienne Directrice Personnes Ag\u00e9es-Personnes handicap\u00e9es au Conseil \nd\u00e9partemental de l'Indre et Loire. \n- Mme Maryline BARILLET-LEPLEY, Directrice g\u00e9n\u00e9rale adjointe de l'Association Touraine Education  \nCulture.\n- Mme Laure BLANC, ancienne Directrice de la F\u00e9d\u00e9ration ADMR d'Indre et Loire\nArticle 2 : La liste des personnes qualifi\u00e9es sera transmise aux \u00e9tablissements et services sociaux et  \nm\u00e9dico-sociaux qui devront en informer les personnes accueillies dans ces structures par voie  \nd'affichage dans l'\u00e9tablissement. Le livret d'accueil pr\u00e9vu \u00e0 l'article L311-4 du CASF devra faire  \nr\u00e9f\u00e9rence \u00e0 cet arr\u00eat\u00e9. \nArticle 3 : Les courriers et courriels destin\u00e9s \u00e0 saisir les personnes qualifi\u00e9es doivent \u00eatre adress\u00e9s \u00e0  \nla Direction d\u00e9partementale d'Indre et Loire de l'Agence R\u00e9gionale de Sant\u00e9 Centre Val de Loire ou \nau  Conseil  D\u00e9partemental  pour  saisine  de  la  personne  qualifi\u00e9e  comp\u00e9tente  pour  instruire  la \ndemande. \nArticle 4  :  Le  pr\u00e9sent  arr\u00eat\u00e9  pourra  faire  l'objet,  dans  le  d\u00e9lai  de  deux  mois  \u00e0  compter  de  la \nnotification ou de la date de publication au Recueil des actes administratifs :\n- soit d'un recours gracieux   aupr\u00e8s de la Directrice g\u00e9n\u00e9rale de l'Agence R\u00e9gionale de  \nSant\u00e9 du Centre-Val de Loire\nCit\u00e9 Coligny \u2013131 rue du faubourg Bannier BP 74409 \u2013 45044 Orl\u00e9ans Cedex 1\n- soit d'un recours contentieux   devant le Tribunal Administratif d'Orl\u00e9ans - 28 rue de la  \nBretonnerie \u2013 45057 Orl\u00e9ans Cedex 1.\nArticle 5 :  Le secr\u00e9taire g\u00e9n\u00e9ral de la pr\u00e9fecture d'Indre-et-Loire, la directrice d\u00e9partementale de  \nl'Agence  R\u00e9gionale  de  Sant\u00e9  du  Centre-Val  de  Loire  et  de  la  directrice  g\u00e9n\u00e9rale  adjointe  des \nsolidarit\u00e9s ; sont charg\u00e9s, chacun en ce qui le concerne, de l'ex\u00e9cution du pr\u00e9sent arr\u00eat\u00e9 qui sera  \npubli\u00e9 au recueil des actes administratifs du d\u00e9partement d'Indre-et-Loire.\nPr\u00e9fecture d'Indre et Loire - 37-2025-03-27-00003 - Arrete Personnes Qualifi\u00e9es ESMS 37 4\nFait \u00e0 Tours, le 27 mars 2025\nLe Pr\u00e9fet d'Indre-et-Loire\n[sign\u00e9]\nThomas CAMPEAUX\nLa Directrice g\u00e9n\u00e9rale de l'Agence R\u00e9gionale de Sant\u00e9\n[sign\u00e9]\nClara de BORT\nLa Pr\u00e9sidente du Conseil D\u00e9partemental\n[sign\u00e9]\nNad\u00e8ge ARNAULT\nPr\u00e9fecture d'Indre et Loire - 37-2025-03-27-00003 - Arrete Personnes Qualifi\u00e9es ESMS 37 5","date":"2025-05-22","first_seen_on":"2025-09-16T01:15:04+00:00","id":"2d830e8d37343144cca9f190754fcd3b619bd86bec57e8f8f45bc44dd3c821eb","name":"2025-05-22 RAA sp\u00e9cial arr\u00eat\u00e9 personnes qualifi\u00e9es ESMS","pdf_creation_date":"2025-05-22T13:58:04+00:00","pdf_modification_date":null,"timezone":"Europe/Paris","url":"https://www.indre-et-loire.gouv.fr/contenu/telechargement/45684/317219/file/2025-05-22%20RAA%20sp%C3%A9cial%20arr%C3%AAt%C3%A9%20personnes%20qualifi%C3%A9es%20ESMS.pdf"}
