{"administration":"prefidf","administration_name":"Pr\u00e9fecture de la r\u00e9gion \u00cele-de-France","content":"PREFECTURE\nREGION ILE DE\nFRANCE\nRECUEIL DES ACTES\nADMINISTRATIFS SP\u00c9CIAL\n(NOMINATIFS)\nN\u00b0IDF-062-2025-03\nPUBLI\u00c9 LE 28 MARS 2025\nSommaire\nAgence R\u00e9gionale de Sant\u00e9 / Agence r\u00e9gionale de sant\u00e9\nd'Ile-de-France-D\u00e9l\u00e9gation d\u00e9partementale de Paris\nIDF-2025-03-28-00003 - Arr\u00eat\u00e9 2025-DD75-014 Composition conseil de\nsurveillance GHU Paris Psychiatrie & neurosciences .docx (4 pages) Page 3\nAgence R\u00e9gionale de Sant\u00e9 / Agence r\u00e9gionale de sant\u00e9\nd'Ile-de-France-Direction de l'Offre de Soins (DOS)\nIDF-2025-03-24-00010 - Acte de d\u00e9claration n\u00b0 DOS - 2025 /\n1032\nportant fonctionnement du laboratoire de biologie m\u00e9dicale\nmulti-sites \u00ab BIO-VSM LAB \u00bb sis 10, rue de la Gare \u00e0 VAIRES SUR MARNE\n(77360)\n (5 pages) Page 8\nIDF-2025-03-28-00004 - Arr\u00eat\u00e9 n\u00b0 DOS - 2025/1045 portant\nmodification de l'autorisation de lieu de recherches impliquant la\npersonne humaine Groupe L'Or\u00e9al Centre de Recherche Bioclinique -\nCRB Madame le Docteur G\u00e9raldine ROLLAND (2 pages) Page 14\nAgence R\u00e9gionale de Sant\u00e9 / Direction de la D\u00e9mocratie en Sant\u00e9 et\nde la Communication-D\u00e9mocratie Sanitaire\nIDF-2025-03-24-00009 - Arr\u00eat\u00e9 conjoint n\u00b0 ARS 91-2024-DD-01 portant\nd\u00e9signation des personnes qualifi\u00e9es pr\u00e9vues \u00e0 l'article L311-5 du\nCode de l'action sociale et des familles (6 pages) Page 17\nDirection r\u00e9gionale et interd\u00e9partementale de l'\u00e9conomie, de l'emploi,\ndu travail et des solidarit\u00e9s d'\u00cele-de-France / P\u00f4le Politiques du\nTravail\nIDF-2025-03-28-00005 - D\u00e9cision n\u00b0 2025-043 du 28 mars\n2025\nportant affectation des agents de contr\u00f4le dans les unit\u00e9s de\ncontr\u00f4le et gestion des int\u00e9rims de l'unit\u00e9 d\u00e9partementale de la\nSeine-Saint-Denis de la DRIEETS d'\u00cele-de-France (4 pages) Page 24\nRectorat de l'acad\u00e9mie de Cr\u00e9teil / Affaires juridiques\nIDF-2025-03-27-00029 - Arr\u00eat\u00e9 du 27 mars 2025 de d\u00e9signation de\nmonsieur K\u00e9vin MARTIN, chef du service juridique du rectorat de\nCr\u00e9teil, en qualit\u00e9 de personne responsable de l'acc\u00e8s aux\ndocuments administratifs (PRADA) dans l'acad\u00e9mie de Cr\u00e9teil  (2\npages) Page 29\n2\nAgence R\u00e9gionale de Sant\u00e9\nIDF-2025-03-28-00003\nArr\u00eat\u00e9 2025-DD75-014 Composition conseil de\nsurveillance GHU Paris Psychiatrie &\nneurosciences .docx\nAgence R\u00e9gionale de Sant\u00e9 - IDF-2025-03-28-00003 - Arr\u00eat\u00e9 2025-DD75-014 Composition conseil de surveillance GHU Paris Psychiatrie\n& neurosciences .docx 3\nREPUBLIQUEFRANCAISELibert\u00e9Egalit\u00e9Fraternit\u00e9\n4@ D Agence R\u00e9gionale de Sant\u00e9lle-de-France\n \n \n \n \n \n \n \n \n \n \nAGENCE R\u00c9GIONALE DE SANT\u00c9 \u00ceLE-DE-FRANCE \nARR\u00caT\u00c9 N\u00b0 2025-DD75-014 \nportant modification de la composition du Conseil de surveillance du Groupe Hospitalier \nUniversitaire Paris-Psychiatrie et Neurosciences \n \n \n \nLE DIRECTEUR G\u00c9N\u00c9RAL DE L'AGENCE R\u00c9GIONALE DE SANT\u00c9  \nILE-DE-FRANCE \n \n \n \nVU Le code de la sant\u00e9 publique, notamment ses articles L. 6143-5, L. 6143-6, R. 6143-1 \u00e0 R. \n6143-4 et R. 6143-12 ; \n \nVU Le d\u00e9cret du 10 avril 2024 portant nomination de Monsieur Denis ROBIN, Directeur g\u00e9n\u00e9ral de \nl'Agence r\u00e9gionale de sant\u00e9 \u00cele-de-France \u00e0 compter du 29 avril 2024  \n \nVU \n \n \n \nVU \n \n \n \n \nVU \n \n \n \nVU  \n \n \n \n \n \nCONSIDERANT \n \n \n \n \n \n \nL'arr\u00eat\u00e9 n\u00b0 DS N\u00b0001/2025 du 22 janvier 2025, portant d\u00e9l\u00e9gation de signature du Directeur \ng\u00e9n\u00e9ral de l'Agence r\u00e9gionale de sant\u00e9 \u00cele-de-France \u00e0 Monsieur Tanguy BODIN, Directeur de \nla D\u00e9l\u00e9gation d\u00e9partementale de Paris ; \n \nL'arr\u00eat\u00e9 n\u00b02019-DD75-028 du 14 f\u00e9vrier 2019, portant cr\u00e9ation du Conseil de Surveillance du \nGroupe Hospitalier Universitaire Paris-Psychiatrie et Neurosciences, \u00c9tablissement public de \nSant\u00e9, par fusion du Centre Hospitalier Sainte-Anne, de l'Etablissement Public de Sant\u00e9 \nMaison Blanche et du Groupe Public de Sant\u00e9 Perray-Vaucluse ; \n \nLe dernier arr\u00eat\u00e9 n\u00b0 2024-DD75-029 du 10 d\u00e9cembre 2024, portant modification de la \ncomposition du Conseil de Surveillance du Groupe Hospitalier Universitaire Paris-Psychiatrie \net Neurosciences ; \n \nLe compte-rendu en date jeudi 12 d\u00e9cembre 2024, de la Commission des soins infirmiers, de \nr\u00e9\u00e9ducation et m\u00e9dico-technique, du Groupe Hospitalier Universitaire Paris-Psychiatrie et \nNeurosciences \n \n \n \nLa d\u00e9signation le 12 d\u00e9cembre 2024, en s\u00e9ance de la Commission des soins infirmiers, de \nr\u00e9\u00e9ducation et m\u00e9dico-technique, du Groupe Hospitalier Universitaire Paris-Psychiatrie et \nNeurosciences, de Madame Esther POIGNET-SOL, Cadre Sup\u00e9rieure de sant\u00e9 \u00e0 la Direction \ndes soins, pour si\u00e9ger en qualit\u00e9 de repr\u00e9sentante du personnel au conseil de surveillance de \nl'\u00e9tablissement, en remplacement de Madame Mimi MUMPUSA en raison de sa mise en \ndisponibilit\u00e9 de la fonction publique hospitali\u00e8re.  \n \n \n \n \n \nAgence R\u00e9gionale de Sant\u00e9 - IDF-2025-03-28-00003 - Arr\u00eat\u00e9 2025-DD75-014 Composition conseil de surveillance GHU Paris Psychiatrie\n& neurosciences .docx 4\n \n \n \n \n \nARRETE \n \nARTICLE 1er : \n \n \n \n \n \n \n \n \n \n \n \n \n \nLe 2\u00b0 de l'article 2 de l'arr\u00eat\u00e9 n\u00b0 2024-DD75-029 du 10 d\u00e9cembre 2024 est modifi\u00e9 \ncomme suit : \n \n\u00ab 2\u00b0 au titre des personnalit\u00e9s qualifi\u00e9es : \n Madame Esther POIGNET-SOL, cadre de sant\u00e9, repr\u00e9sentante de la \ncommission des soins infirmiers, de r\u00e9\u00e9ducation et m\u00e9dico-techniques ; \n Madame le Docteure Marina LITINETSKAIA, Chef du P\u00f4le 75G07 et \nMonsieur le Docteur Michel TRIANTAFYLLOU, Chef du P\u00f4le 5, 6 et 7, \nrepr\u00e9sentants de la Commission M\u00e9dicale d'Etablissement ; \n Madame Nathalie BASIRE et Monsieur Christophe FREYCHET, \nrepr\u00e9sentants du personnel d\u00e9sign\u00e9s par les organisations syndicales les \nplus repr\u00e9sentatives. \n \n  \n \nARTICLE 2 : \n \n \n \n \n \n \n \n \n \n \n \n \n \n \n \n \n \n \n \n \n \n \n \n \n \n \n \n \n \n \n \n \n \n \n \nARTICLE 3 : \n \n \n \n \nSuite \u00e0 ces modifications, le Conseil de Surveillance du GHU Paris Psychiatrie et \nNeurosciences, sis 1 rue Cabanis - 75014 Paris, est compos\u00e9 des membres, ayant \nvoix d\u00e9lib\u00e9rative, suivants : \n \n1\u00b0 au titre de repr\u00e9sentants des collectivit\u00e9s territoriales :  \nPour les \u00e9tablissements publics de sant\u00e9 de ressort d\u00e9partemental : \n- Madame Anne-Claire BOUX, Monsieur \u00c9ric LEJOINDRE et Madame Carine \nPETIT, repr\u00e9sentants de la Ville de Paris ; \n- Madame Aline BESSIS et Monsieur \u00c9ric PLIEZ, repr\u00e9sentants d'un \n\u00e9tablissement public de coop\u00e9ration intercommunale \u00e0 fiscalit\u00e9 propre du \nressort de l'\u00e9tablissement (M\u00e9tropole du Grand Paris) ; \n \n2\u00b0 au titre de repr\u00e9sentants du personnel m\u00e9dical et non m\u00e9dical : \n- Madame Esther POIGNET-SOL, cadre de sant\u00e9, repr\u00e9sentante de la \ncommission des soins infirmiers, de r\u00e9\u00e9ducation et m\u00e9dico-techniques ; \n- Madame le Docteure Marina LITINETSKAIA, Chef du P\u00f4le 75G07 et Monsieur \nle Docteur Michel TRIANTAFYLLOU, Chef du P\u00f4le 5, 6 et 7, repr\u00e9sentants de \nla Commission M\u00e9dicale d'Etablissement ; \n- Madame Nathalie BASIRE et Monsieur Christophe FREYCHET, repr\u00e9sentants \ndu personnel d\u00e9sign\u00e9s par les organisations syndicales les plus \nrepr\u00e9sentatives. \n \n \n3\u00b0 au titre des personnalit\u00e9s qualifi\u00e9es : \n- Monsieur le Docteur Serge BLISKO et Madame Cynthia FLEURY-PERKINS, \npersonnalit\u00e9s qualifi\u00e9es d\u00e9sign\u00e9es par le Directeur g\u00e9n\u00e9ral de l'Agence \nr\u00e9gionale de sant\u00e9 ; \n- Madame Claude FINKELSTEIN (Pr\u00e9sidente de la F\u00e9d\u00e9ration Nationale des \nAssociations d'usagers en Psychiatrie), Monsieur Hugues LAQUEILLE, \n(D\u00e9l\u00e9gu\u00e9 d\u00e9partemental de Paris de l'Union nationale des familles et amis de \npersonnes malades et/ou handicap\u00e9es psychiques) et Madame Maguy BEAU \n(Premi\u00e8re Vice-Pr\u00e9sidente du Conseil de la CPAM de Paris), personnalit\u00e9s \nqualifi\u00e9es d\u00e9sign\u00e9es par le Pr\u00e9fet de Paris, dont au moins deux sont \nrepr\u00e9sentants des usagers \u00bb. \n \n \nUn recours contre le pr\u00e9sent arr\u00eat\u00e9 peut \u00eatre form\u00e9 aupr\u00e8s du Tribunal administratif de \nMontreuil dans un d\u00e9lai de deux mois \u00e0 compter de la notification du pr\u00e9sent arr\u00eat\u00e9. A \nl'\u00e9gard des tiers, ces d\u00e9lais courent \u00e0 compter de la date de publication de la d\u00e9cision \nau recueil des actes administratifs de la pr\u00e9fecture d'\u00cele-de-France. \n \nAgence R\u00e9gionale de Sant\u00e9 - IDF-2025-03-28-00003 - Arr\u00eat\u00e9 2025-DD75-014 Composition conseil de surveillance GHU Paris Psychiatrie\n& neurosciences .docx 5\n \n \n \n \n \nARTICLE 4 : \n \n \nLe Directeur g\u00e9n\u00e9ral de l'Agence r\u00e9gionale de sant\u00e9 \u00cele-de-France et le Directeur du \nGroupe Hospitalier Universitaire Paris-Psychiatrie et Neurosciences, sont charg\u00e9s, \nchacun en ce qui le concerne, de l'ex\u00e9cution du pr\u00e9sent arr\u00eat\u00e9 qui sera publi\u00e9 au recueil \ndes actes administratifs de la pr\u00e9fecture d'Ile-de-France. \n \n \nFait \u00e0 Saint-Denis, 28 mars 2025 \n \n \nPour le Directeur g\u00e9n\u00e9ral  \nde l'Agence r\u00e9gionale de sant\u00e9 \n\u00cele-de-France \nLe Directeur de la D\u00e9l\u00e9gation \nd\u00e9partementale de Paris \n \nSIGN\u00c9 \n \nTanguy BODIN\nAgence R\u00e9gionale de Sant\u00e9 - IDF-2025-03-28-00003 - Arr\u00eat\u00e9 2025-DD75-014 Composition conseil de surveillance GHU Paris Psychiatrie\n& neurosciences .docx 6\n \n \n \nAgence R\u00e9gionale de Sant\u00e9 - IDF-2025-03-28-00003 - Arr\u00eat\u00e9 2025-DD75-014 Composition conseil de surveillance GHU Paris Psychiatrie\n& neurosciences .docx 7\nAgence R\u00e9gionale de Sant\u00e9\nIDF-2025-03-24-00010\nActe de d\u00e9claration n\u00b0 DOS - 2025 / 1032\nportant fonctionnement du laboratoire de\nbiologie m\u00e9dicale multi-sites \u00ab BIO-VSM LAB \u00bb sis\n10, rue de la Gare \u00e0 VAIRES SUR MARNE (77360)\nAgence R\u00e9gionale de Sant\u00e9 - IDF-2025-03-24-00010 - Acte de d\u00e9claration n\u00b0 DOS - 2025 / 1032\nportant fonctionnement du laboratoire de biologie m\u00e9dicale multi-sites \u00ab BIO-VSM LAB \u00bb sis 10, rue de la Gare \u00e0 VAIRES SUR MARNE\n(77360)\n8\nREPUBLIQUEFRANCAISELibert\u00e9Egalit\u00e9Fraternit\u00e9\nAr@ D Agence R\u00e9gionale de Sant\u00e9lle-de-France\n \n \n1 / 6 \n \n \n \nAGENCE R\u00c9GIONALE DE SANT\u00c9 \u00ceLE-DE-FRANCE \n \nActe de d\u00e9claration n\u00b0 DOS \u2013 2025 / 1032 \nportant fonctionnement du laboratoire de biologie m\u00e9dicale multi-sites \u00ab BIO-VSM LAB \u00bb sis \n10, rue de la Gare \u00e0 VAIRES SUR MARNE (77360) \n \nLE DIRECTEUR G\u00c9N\u00c9RAL DE L'AGENCE R\u00c9GIONALE DE SANT\u00c9 \u00ceLE-DE-FRANCE \n \nVU Le code de la sant\u00e9 publique et notamment le livre II de la sixi\u00e8me partie ; \n \nVU La loi n\u00b0 2013-442 du 30 mai 2013 portant r\u00e9forme de la biologie m\u00e9dicale et ratifiant l'ordonnance \nn\u00b0 2010-49 du 13 janvier 2010 relative \u00e0 la biologie m\u00e9dicale ; \n \nVU Le d\u00e9cret n\u00b02016-46 du 26 janvier 2016 relatif \u00e0 la biologie m\u00e9dicale ; \n \nVU \n \n \nVU \nLe d\u00e9cret n\u00b02016-44 du 26 janvier 2016 relatif aux soci\u00e9t\u00e9s exploitant un laboratoire de biologie \nm\u00e9dicale priv\u00e9 et aux soci\u00e9t\u00e9s de participation financi\u00e8res de profession de biologistes m\u00e9dicaux ; \n \nL'ordonnance n\u00b0 2023-77 du 8 f\u00e9vrier 2023 relative \u00e0 l'exercice en soci\u00e9t\u00e9 des professions lib\u00e9rales \nr\u00e9glement\u00e9es ; \n \nVU Le d\u00e9cret du 10 avril 2024 portant nomination de Monsieur Denis ROBIN, Directeur g\u00e9n\u00e9ral de l'Agence \nr\u00e9gionale de sant\u00e9 \u00cele-de-France, \u00e0 compter du 29 avril 2024 ; \n \nVU L'arr\u00eat\u00e9 DS n\u00b0 034/2024 du 29 avril 2024 portant d\u00e9l\u00e9gation de signature du Directeur g\u00e9n\u00e9ral de \nl'Agence r\u00e9gionale de sant\u00e9 d'Ile-de-France \u00e0 Monsieur Arnaud CORVAISIER, Directeur de l'offre de \nsoins, et \u00e0 diff\u00e9rents collaborateurs ; \n \nVU L'arr\u00eat\u00e9 n\u00b0 DOS-2024/3674 du 13 septembre 2024 portant autorisation de fonctionnement du \nlaboratoire de biologie m\u00e9dicale \u00ab BIO-VSM LAB \u00bb sis 10, rue de la Gare \u00e0 VAIRES SUR MARNE \n(77360) ; \n \nCONSID\u00c9RANT La demande re\u00e7ue en date du 6 mars 2025 et compl\u00e9t\u00e9e le 17 mars 2025, de Madame \nCatherine ROSTOKER et Monsieur Jean-Fran\u00e7ois AUCLAIR, biologistes-coresponsables \ndu laboratoire de biologie m\u00e9dicale \u00ab BIO-VSM LAB \u00bb, exploit\u00e9 par la Soci\u00e9t\u00e9 d'Exercice \nLib\u00e9ral par Actions Simplifi\u00e9e \u00ab BIO-VSM LAB \u00bb sise 10, rue de la Gare \u00e0 VAIRES SUR \nMARNE (77360), afin de prendre en compte : \n- Le transfert du site sis 29 rue Gambetta \u00e0 CHELLES (77500) vers le 1, rue \nGambetta, envisag\u00e9 pour le 1er septembre 2025 ; \nCONSID\u00c9RANT Le courrier du 6 mars 2025 de Madame Catherine ROSTOKER et Monsieur Jean-\nFran\u00e7ois AUCLAIR, d\u00e9crivant le contexte de la demande de transfert du site sis 29 rue \nGambetta \u00e0 CHELLES (77500), dont les locaux ont \u00e9t\u00e9 partiellement d\u00e9truits en raison \nd'un incendie survenu le 3 janvier 2025 dans un local commercial mitoyen, l'ayant rendu \ninaccessible au public depuis cette date ; \nCONSID\u00c9RANT La copie des plans des locaux du nouveau site sis 1, rue Gambetta \u00e0 CHELLES (77500) \ndans leur version d\u00e9finitive du 11 mars 2025, la liste des superficies des pi\u00e8ces dont le \nbureau d\u00e9di\u00e9 \u00e0 l'exercice du biologiste responsable mesurant 7.7 m\u00b2, ainsi que les \n\u00e9l\u00e9ments relatifs \u00e0 la signal\u00e9tique ext\u00e9rieure du site respectant les conditions pr\u00e9vues au \ndernier alin\u00e9a de l'article R.6222-3 du Code de la sant\u00e9 publique ; \nCONSIDERANT \n \nLa copie du projet de contrat de bail commercial portant sur la location des locaux situ\u00e9s 1 \nrue Gambetta \u00e0 CHELLES (77500), conclu entre la SCI \u00ab KOCTAS \u00bb (77500 CHELLES) \nAgence R\u00e9gionale de Sant\u00e9 - IDF-2025-03-24-00010 - Acte de d\u00e9claration n\u00b0 DOS - 2025 / 1032\nportant fonctionnement du laboratoire de biologie m\u00e9dicale multi-sites \u00ab BIO-VSM LAB \u00bb sis 10, rue de la Gare \u00e0 VAIRES SUR MARNE\n(77360)\n9\n2 / 5 \n \net la SELAS \u00ab BIO-VSM LAB \u00bb le 14 f\u00e9vrier 2025 ; \n \nCONSIDERANT \n \nLa liste du personnel du site sis 1, rue Gambetta \u00e0 CHELLES (77500) ;  \n \nCONSID\u00c9RANT La copie de l'extrait KBis de la SELAS \u00ab BIO-VSM LAB \u00bb en date du 12 juin 2024 ; \n \nCONSID\u00c9RANT La copie de l'attestation d'accr\u00e9ditation n\u00b0 8-3709 R\u00e9v.11 d\u00e9livr\u00e9e par le COFRAC au \nlaboratoire de biologie m\u00e9dicale \u00ab BIO-VSM LAB \u00bb, prenant effet le 19 f\u00e9vrier 2025 ; \n \nPREND ACTE DE LA DECLARATION : \n \nARTICLE 1er : Le laboratoire de biologie m\u00e9dicale \u00ab BIO-VSM LAB \u00bb dont le si\u00e8ge social est situ\u00e9 au 10, rue \nde la Gare \u00e0 VAIRES SUR MARNE (77360), codirig\u00e9 par Monsieur Jean-Fran\u00e7ois \nAUCLAIR, Madame Sabine FLAMMANG, Madame Julie TEK, Monsieur Philippe CALLIES, \nMadame Hassina LASSAL, Madame Estelle LEMOINE, Madame Corinne PASQUIOU, \nMadame Nadia BEN-YELLES, Monsieur Mahmoud GARGOURI, Monsieur Marouan \nBENNANI, Madame Viviane QUACH, Madame Catherine ROSTOKER, Monsieur Jacques \nROSTOKER, Madame Sabine SOTO et Monsieur Julien CADENET, exploit\u00e9 par la Soci\u00e9t\u00e9 \nd'Exercice Lib\u00e9ral par Actions Simplifi\u00e9e \u00ab BIO-VSM LAB \u00bb sise \u00e0 la m\u00eame adresse, \nenregistr\u00e9e dans le fichier FINESS EJ sous le n\u00b0 77 000 312 7, fonctionne sur les seize \nsites, dont un ferm\u00e9 au public, list\u00e9s ci-dessous : \n \n1. Le site \u00ab Vaires-sur-Marne \u00bb, site principal et si\u00e8ge social \n10, rue de la Gare \u00e0 VAIRES- SUR- MARNE (77360) \nOuvert au public jusqu'\u00e0 18h00 et les samedis matins \nSite pr\u00e9 et post analytique \nN\u00b0 FINESS ET en cat\u00e9gorie 611 : 77 001 834 9 \n \n2. Le site \u00ab Torcy ville \u00bb \n3 bis, rue Pierre Mend\u00e8s-France \u00e0 TORCY (77200) \nOuvert au public jusqu'\u00e0 18h00 et les samedis matins \nSite pr\u00e9 et post analytique \nN\u00b0 FINESS ET en cat\u00e9gorie 611 : 77 001 859 6 \n \n3. Le site \u00ab Bussy-Saint-Georges \u00bb \n7, rue Konrad Adenauer \u00e0 BUSSY-SAINT-GEORGES (77600) \nOuvert au public jusqu'\u00e0 18h00 et les samedis matins \nPratiquant les activit\u00e9s de biologie de la reproduction (activit\u00e9s biologiques \nd'assistance m\u00e9dicale \u00e0 la procr\u00e9ation, spermiologie diagnostique) \nN\u00b0 FINESS ET en cat\u00e9gorie 611 : 77 001 835 6 \n \n4. Le site \u00ab Noisiel \u00bb \n85, cours des Roches \u00e0 NOISIEL (77186) \nOuvert au public jusqu'\u00e0 18h00 et les samedis matins \nSite pr\u00e9 et post analytique \nN\u00b0 FINESS ET en cat\u00e9gorie 611 : 77 001 863 8 \n \n5. Le site \u00ab Neuilly-sur-Marne \u00bb \nCentre Commercial Nord du Stade des Fauvettes - 16, rue de Savoie \u00e0 NEUILLY-\nSUR-MARNE (93330) \nOuvert au public jusqu'\u00e0 18h00 et les samedis matins \nSite pr\u00e9 et post analytique \nN\u00b0 FINESS ET en cat\u00e9gorie 611 : 93 002 331 2 \n \n6. Le site \u00ab Neuilly-Plaisance RER \u00bb \n22, boulevard Galli\u00e9ni \u00e0 NEUILLY-PLAISANCE (93360) \nOuvert au public jusqu'\u00e0 18h00 et les samedis matins \nSite pr\u00e9 et post analytique \nN\u00b0 FINESS ET en cat\u00e9gorie 611 : 93 002 332 0 \nAgence R\u00e9gionale de Sant\u00e9 - IDF-2025-03-24-00010 - Acte de d\u00e9claration n\u00b0 DOS - 2025 / 1032\nportant fonctionnement du laboratoire de biologie m\u00e9dicale multi-sites \u00ab BIO-VSM LAB \u00bb sis 10, rue de la Gare \u00e0 VAIRES SUR MARNE\n(77360)\n10\n3 / 5 \n \n \n7. Le site \u00ab Neuilly-Plaisance Ville \u00bb \n26, rue du G\u00e9n\u00e9ral Leclerc \u00e0 NEUILLY-PLAISANCE (93360) \nOuvert au public jusqu'\u00e0 18h00 et les samedis matins \nSite pr\u00e9 et post analytique \nN\u00b0 FINESS ET en cat\u00e9gorie 611 : 93 002 333 8 \n \n8. Le site \u00ab Noisy-le-Grand \u00bb \n3, rue Georges Laigneau \u00e0 NOISY-LE-GRAND (93160) \nOuvert au public jusqu'\u00e0 18h00 et les samedis matins \nSite pr\u00e9 et post analytique \nN\u00b0 FINESS ET en cat\u00e9gorie 611 : 93 002 334 6 \n \n9. Le site \u00ab plateau technique de Torcy \u00bb \n12, all\u00e9e Emile Reynaud \u00e0 TORCY (77200) \nFerm\u00e9 au public \nPratiquant les activit\u00e9s de Biochimie (biochimie g\u00e9n\u00e9rale et sp\u00e9cialis\u00e9e, \npharmacologie- toxicologie), H\u00e9matologie (h\u00e9matocytologie, h\u00e9mostase, \nimmunoh\u00e9matologie), Immunologie (allergie, Auto-immunit\u00e9), Microbiologie \n(bact\u00e9riologie, parasitologie-mycologie, s\u00e9rologie infectieuse, virologie) \nN\u00b0 FINESS ET en cat\u00e9gorie 611 : 77 001 890 1 \n \n10. Le site \u00ab Saint-Germain-sur-Morin \u00bb \n20, rue de Paris \u00e0 SAINT-GERMAIN-SUR-MORIN (77860) \nOuvert au public jusqu'\u00e0 18h00 et les samedis matins \nSite pr\u00e9 et post analytique \nN\u00b0 FINESS ET en cat\u00e9gorie 611 : 77 001 916 4 \n \n11. Le site \u00ab Brie-Comte-Robert \u00bb \n4, place des Minimes \u00e0 BRIE-COMTE-ROBERT (77170) \nOuvert au public jusqu'\u00e0 18h00 et les samedis matins \nSite pr\u00e9 et post analytique \nN\u00b0 FINESS ET en cat\u00e9gorie 611 : 77 001 913 1 \n \n12. Le site \u00ab Savigny-le-Temple Manouvriers \u00bb \n3, rue des Manouvriers \u00e0 SAVIGNY-LE-TEMPLE (77176) \nOuvert au public jusqu'\u00e0 18h00 et les samedis matins \nSite pr\u00e9 et post analytique \nN\u00b0 FINESS ET en cat\u00e9gorie 611 : 77 001 914 9 \n \n13. Le site \u00ab Savigny-le-Temple Blum \u00bb \n73, avenue L\u00e9on Blum \u00e0 SAVIGNY-LE-TEMPLE (77176) \nOuvert au public jusqu'\u00e0 13h00 et les samedis matins \nSite pr\u00e9 et post analytique \nN\u00b0 FINESS ET en cat\u00e9gorie 611 : 77 001 915 6 \n \n14. Le site \u00ab Chelles Gambetta \u00bb, jusqu'au 3 janvier 2025 \n29, rue Gambetta \u00e0 CHELLES (77500) \nOuvert au public jusqu'\u00e0 18h00 et les samedis matins \nSite pr\u00e9 et post analytique \nN\u00b0 FINESS ET en cat\u00e9gorie 611 : 77 001 929 7 \n \n14. Le site \u00ab Chelles Gambetta \u00bb, \u00e0 compter du 1er septembre 2025  \n1, rue Gambetta \u00e0 CHELLES (77500) \nOuvert au public de 7h \u00e0 18h et les samedis matins \nSite pr\u00e9 et post analytique \nN FINESS ET en cat\u00e9gorie 611 : 77 001 929 7 \n \n \nAgence R\u00e9gionale de Sant\u00e9 - IDF-2025-03-24-00010 - Acte de d\u00e9claration n\u00b0 DOS - 2025 / 1032\nportant fonctionnement du laboratoire de biologie m\u00e9dicale multi-sites \u00ab BIO-VSM LAB \u00bb sis 10, rue de la Gare \u00e0 VAIRES SUR MARNE\n(77360)\n11\n4 / 5 \n \n15. Le site \u00ab Chelles Foch \u00bb \n50, avenue Foch \u00e0 CHELLES (77500) \nOuvert au public jusqu'\u00e0 13h00 et les samedis matins \nSite pr\u00e9 et post analytique \nN\u00b0 FINESS ET en cat\u00e9gorie 611 : 77 001 938 8 \n \n16. Le site \u00ab Carr\u00e9 S\u00e9nart \u00bb \n18 Trait d'Union \u2013 ZAC du Carr\u00e9 S\u00e9nart \u00e0 LIEUSAINT (77127) \nOuvert au public jusqu'\u00e0 18h30 et les samedis matins \nSite pr\u00e9 et post analytique \nN\u00b0 FINESS ET en cat\u00e9gorie 611 : 77 001 905 7 \n \nLa liste des dix-sept biologistes m\u00e9dicaux exer\u00e7ant au sein du laboratoire \u00ab BIO-VSM \nLAB \u00bb est inchang\u00e9e : \n1. Monsieur Jean-Fran\u00e7ois AUCLAIR, pharmacien, biologiste co-responsable, \nPr\u00e9sident \n2. Madame Sabine FLAMMANG, pharmacien, biologiste co-responsable \n3. Madame Julie TEK, pharmacien, biologiste co-responsable \n4. Monsieur Philippe CALLIES, pharmacien, biologiste co-responsable \n5. Madame Hassina LASSAL, m\u00e9decin, biologiste co-responsable \n6. Madame Estelle LEMOINE, m\u00e9decin, biologiste co-responsable \n7. Madame Corinne PASQUIOU, pharmacien, biologiste co-responsable \n8. Madame Nadia BEN-YELLES, m\u00e9decin, biologiste co-responsable \n9. Madame Viviane QUACH, pharmacien, biologiste co-responsable \n10. Madame Catherine ROSTOKER, pharmacien, biologiste co-responsable \n11. Monsieur Jacques ROSTOKER, pharmacien, biologiste co-responsable \n12. Madame Sabine SOTO, pharmacien, biologiste co-responsable \n13. Monsieur Julien CADENET, pharmacien, biologiste co-responsable \n14. Monsieur Mahmoud GARGOURI, pharmacien, biologiste co-responsable \n15. Monsieur Marouan BENNANI, m\u00e9decin, biologiste co-responsable \n16. Madame Laurence LOMENE, pharmacien, salari\u00e9e associ\u00e9e \n17. Madame Oumaima DAKIK, pharmacien, biologiste m\u00e9dical, salari\u00e9e associ\u00e9e \n \nLa r\u00e9partition du capital social de la SELAS \u00ab BIO-VSM LAB \u00bb est inchang\u00e9e : \nAssoci\u00e9s Actions Capital \nsocial en % \nDroits de \nvote \nDroits de \nvote en % \nJacques ROSTOKER 2 833 12,54 % 3 537 15,65 % \nHassina LASSAL 1 0,004 % 2 052 9,08 % \nSabine FLAMMANG 3 850 17,04 % 3 850 17,04 % \nPhilippe CALLIES 3 333 14,75 % 3 333 14,75 % \nSabine SOTO 188 0,82 % 1 361 6,016 % \nViviane QUACH 3 0,012 % 1 200 5,31 % \nCatherine ROSTOKER 1 0,004 % 915 4,05 % \nCorinne PASQUIOU 1 0,004 % 2 495 11,04 % \nEstelle LEMOINE 56 0,25 % 795 3,52 % \nJean-Fran\u00e7ois AUCLAIR 203 0,9 % 1 032 4,57 % \nAgence R\u00e9gionale de Sant\u00e9 - IDF-2025-03-24-00010 - Acte de d\u00e9claration n\u00b0 DOS - 2025 / 1032\nportant fonctionnement du laboratoire de biologie m\u00e9dicale multi-sites \u00ab BIO-VSM LAB \u00bb sis 10, rue de la Gare \u00e0 VAIRES SUR MARNE\n(77360)\n12\nsig\"?\n5 / 5 \n \nJulien CADENET 111 0,492 % 1 064 4,71 % \nJulie TEK 572 2,532 % 693 3,07 % \nNadia BEN-YELLES 1 0,004 % 1 0,004 % \nMahmoud GARGOURI 2 0 ,008 % 256 1,13 % \nMarouan BENNANI 3 0,012 % 3 0,012 % \nOumaima DAKIK 1 0,004 % 1 0,004 % \nLaurence LOMENE 1 0,004 % 1 0,004 % \nSPFPL \u00ab EKIDEN BIO-VSM \u00bb \nd\u00e9tenue par Mesdames Viviane \nQUACH, Catherine ROSTOKER, \nHassina LASSAL, Sabine SOTO, \nCorinne PASQUIOU, Estelle \nLEMOINE, Julie TEK et Messieurs \nJean-Fran\u00e7ois AUCLAIR, Julien \nCADENET, Jacques ROSTOKER, \nMahmoud GARGOURI \n11 440 50,62 % 11 0,04 % \nTOTAL 22 600 100,00 % 22 600 100,00 % \n \n \nARTICLE 2e : L'arr\u00eat\u00e9 n\u00b0 DOS-2024/3674 du 13 septembre 2024 portant autorisation de fonctionnement \ndu laboratoire de biologie m\u00e9dicale \u00ab BIO-VSM LAB \u00bb est abrog\u00e9, \u00e0 compter de la \nr\u00e9alisation effective des op\u00e9rations susvis\u00e9es. \n \nARTICLE 3e : Un recours contentieux contre le pr\u00e9sent acte peut \u00eatre form\u00e9 aupr\u00e8s du tribunal \nadministratif comp\u00e9tent. Le d\u00e9lai de recours est de deux mois \u00e0 compter de sa notification \npour les int\u00e9ress\u00e9s ou de sa publication pour les tiers. \n \nARTICLE 4e : Le Directeur du p\u00f4le Efficience de l'Agence r\u00e9gionale de sant\u00e9 Ile-de-France est charg\u00e9 de \nl'ex\u00e9cution du pr\u00e9sent acte qui sera publi\u00e9 au recueil des actes administratifs de la \npr\u00e9fecture de la r\u00e9gion Ile-de-France. \n \n \nFait \u00e0 Saint-Denis, le 24 mars 2025 \n  \nLe Directeur g\u00e9n\u00e9ral \nde l'Agence r\u00e9gionale de sant\u00e9 \n\u00cele-de-France \n \n                                                                                                      Par d\u00e9l\u00e9gation, \n \n Le Directeur du P\u00f4le efficience \n \n  \n \n Fabien P\u00c9RUS \n \n  \nAgence R\u00e9gionale de Sant\u00e9 - IDF-2025-03-24-00010 - Acte de d\u00e9claration n\u00b0 DOS - 2025 / 1032\nportant fonctionnement du laboratoire de biologie m\u00e9dicale multi-sites \u00ab BIO-VSM LAB \u00bb sis 10, rue de la Gare \u00e0 VAIRES SUR MARNE\n(77360)\n13\nAgence R\u00e9gionale de Sant\u00e9\nIDF-2025-03-28-00004\nArr\u00eat\u00e9 n\u00b0 DOS - 2025/1045 portant modification\nde l'autorisation de lieu de recherches\nimpliquant la personne humaine Groupe L'Or\u00e9al\nCentre de Recherche Bioclinique - CRB Madame\nle Docteur G\u00e9raldine ROLLAND\nAgence R\u00e9gionale de Sant\u00e9 - IDF-2025-03-28-00004 - Arr\u00eat\u00e9 n\u00b0 DOS - 2025/1045 portant modification de l'autorisation de lieu de\nrecherches impliquant la personne humaine Groupe L'Or\u00e9al Centre de Recherche Bioclinique - CRB Madame le Docteur G\u00e9raldine\nROLLAND\n14\n| =REPUBLIQUEFRAN CA ISE \u00a9 D Agence R\u00e9gionale de Sant\u00e9Libert\u00e9 \u00cele-de-FranceEgalit\u00e9Fraternit\u00e9\n1\nAGENCE R\u00c9GIONALE DE SANT\u00c9 \u00ceLE-DE-FRANCE\nARR\u00caT\u00c9 N\u00b0 DOS - 2025/1045\nportant modification de l'autorisation\nde lieu de recherches impliquant la personne humaine\nLE DIRECTEUR G\u00c9N\u00c9RAL DE L'AGENCE R\u00c9GIONALE DE SANT\u00c9\n\u00ceLE-DE-FRANCE\nVU le code de la sant\u00e9 publique, notamment ses articles L.1121-3 et suivants et R.1121-10 et suivants ;\nVU le d\u00e9cret du 10 avril 2024 portant nomination de Monsieur Denis ROBIN, Directeur g\u00e9n\u00e9ral de l'Agence\nr\u00e9gionale de sant\u00e9 Ile-de-France, \u00e0 compter du 29 avril 2024 ;\nVU l'arr\u00eat\u00e9 n\u00b0 DS 034/2024 du 29 avril 2024, portant d\u00e9l\u00e9gation de signature du Directeur g\u00e9n\u00e9ral de\nl'Agence r\u00e9gionale de sant\u00e9 Ile-de-France \u00e0 Monsieur Arnaud CORVAISIER, Directeur de l'offre de\nsoins, et \u00e0 diff\u00e9rents collaborateurs ;\nVU l'arr\u00eat\u00e9 du 12 mai 2009 fixant les conditions mentionn\u00e9es \u00e0 l'article R.1121-11 devant figurer dans la\ndemande d'autorisation des lieux de recherches biom\u00e9dicales pr\u00e9vues \u00e0 l'article L. 1121-13 du code de\nla sant\u00e9 publique ;\nVU la demande de modification de l'autorisation du Groupe L'Or\u00e9al concernant le lieu de recherches\nimpliquant la personne humaine intitul\u00e9 \u00ab Centre de Recherche Bioclinique - CRB \u00bb implant\u00e9 sur le site\nde l'H\u00f4pital Saint Louis \u2013 1, avenue Claude Vellefaux, 75010 Paris ;\nCONSID\u00c9RANT que cette demande de modification d'autorisation du lieu de recherches impliquant la\npersonne humaine rentre dans le champ de comp\u00e9tence du Directeur g\u00e9n\u00e9ral de l'Agence\nr\u00e9gionale de sant\u00e9 Ile-de-France. Cette modification concerne le transfert temporaire du\nCRB, durant la p\u00e9riode des travaux de r\u00e9am\u00e9nagement de ses locaux. Le CRB est accueilli\ntemporairement dans un local mis \u00e0 disposition au sein du lieu de recherche intitul\u00e9 Centre\nSabouraud ;\nCONSID\u00c9RANT que le lieu concern\u00e9 par cette demande dispose des moyens humains, mat\u00e9riels et\ntechniques adapt\u00e9s \u00e0 la recherche et compatibles avec les imp\u00e9ratifs de s\u00e9curit\u00e9 des\npersonnes qui s'y pr\u00eatent et que la demande respecte l'ensemble des conditions pr\u00e9vues\npar l'article R.1121-10 ;\nCONSID\u00c9RANT que l'avis rendu le 25 mars 2024, \u00e0 l'issue de l'enqu\u00eate est favorable ;\nAgence R\u00e9gionale de Sant\u00e9 - IDF-2025-03-28-00004 - Arr\u00eat\u00e9 n\u00b0 DOS - 2025/1045 portant modification de l'autorisation de lieu de\nrecherches impliquant la personne humaine Groupe L'Or\u00e9al Centre de Recherche Bioclinique - CRB Madame le Docteur G\u00e9raldine\nROLLAND\n15\n2\nARR\u00caTE\nARTICLE 1er : La modification d'autorisation du lieu de recherches impliquant la personne humaine\nmentionn\u00e9e \u00e0 l'article L.1121-13 du code de la sant\u00e9 publique, et aux articles\nR.1121-13 et R.1121-14 modifi\u00e9s par le d\u00e9cret n\u00b02016-1537 du 16 novembre 2016 est\naccord\u00e9e \u00e0 :\nEntit\u00e9 juridique portant l'activit\u00e9 : Groupe L'Or\u00e9al\npour le lieu de recherches suivant : Centre de Recherche Bioclinique - CRB \nPlac\u00e9 sous la responsabilit\u00e9 de : Madame le Docteur G\u00e9raldine ROLLAND\nAdresse compl\u00e8te : Site de l'H\u00f4pital Saint Louis - 1, av. Claude Vellefaux - 75010 Paris.\nARTICLE 2e: Ce lieu de recherches impliquant la personne humaine est distinct d'un lieu de soins et\ncomprend des locaux situ\u00e9s au rez-de-chauss\u00e9e de l'aile Ouest du Quadrilat\u00e8re de l'H\u00f4pital\nSt Louis. Ces locaux d'une superficie totale de 95 m\u00b2 sont consacr\u00e9s exclusivement aux\nactivit\u00e9s de recherches cliniques. \nLe lieu fonctionne du lundi au vendredi, de 8h30 \u00e0 17h30. \nLes recherches seront r\u00e9alis\u00e9es chez des volontaires adultes, sains ou malades, et\ncorrespondent \u00e0 des essais cliniques de phases I, II, III, IV, et ne comprendront aucune\npremi\u00e8re administration de m\u00e9dicament \u00e0 l'homme.\nARTICLE 3e: Selon les dispositions de l'article L. 5311-1, modifi\u00e9 par la Loi n\u00b02022-1726 du\n30 d\u00e9cembre 2022, les protocoles de recherches envisag\u00e9s auront pour th\u00e8mes :\n- Les dispositifs m\u00e9dicaux et leurs accessoires ;\n- Les produits cosm\u00e9tiques.\nARTICLE 4e: Les recherches impliquant la personne humaine concern\u00e9es par cette d\u00e9cision ne peuvent\n\u00eatre mises en \u0153uvre qu'apr\u00e8s avis favorable du comit\u00e9 de protection des personnes\nmentionn\u00e9 \u00e0 l'article L. 1123-1 et autorisation de l'autorit\u00e9 comp\u00e9tente mentionn\u00e9e \u00e0 l'article\nL. 1123-12.\nARTICLE 5e: Cette d\u00e9cision d'autorisation est d\u00e9livr\u00e9e pour la dur\u00e9e d'un an, dans l'attente de la\nr\u00e9int\u00e9gration du lieu de recherche dans ses locaux r\u00e9am\u00e9nag\u00e9s.\nTout renouvellement ou toute modification relative aux \u00e9l\u00e9ments \u00e9num\u00e9r\u00e9s \u00e0 l'article\nR.1121-10 du code de la sant\u00e9 publique modifi\u00e9 par le d\u00e9cret n\u00b0 2016-1537 devront faire\nl'objet d'une nouvelle demande d'autorisation.\nLa demande de renouvellement ou de modification de l'autorisation sera adress\u00e9e au\nDirecteur g\u00e9n\u00e9ral de l'Agence r\u00e9gionale de sant\u00e9 Ile-de-France, le d\u00e9lai d'instruction \u00e9tant\nrespectivement de quatre mois ou de deux mois.\nARTICLE 6e: Un recours contentieux contre la pr\u00e9sente d\u00e9cision peut \u00eatre form\u00e9 aupr\u00e8s du Tribunal\nadministratif comp\u00e9tent. Le d\u00e9lai de recours est de deux mois \u00e0 compter de sa notification\nou de sa publication au recueil des actes administratifs de la Pr\u00e9fecture de la R\u00e9gion\nIle-de-France pour les tiers.\nARTICLE 7e: La pr\u00e9sente d\u00e9cision sera publi\u00e9e au recueil des actes administratifs de la pr\u00e9fecture de la\nr\u00e9gion Ile-de-France.\nFait \u00e0 Saint-Denis, le \nPour le Directeur g\u00e9n\u00e9ral\nde l'Agence r\u00e9gionale de sant\u00e9\n\u00cele-de-France\nPar d\u00e9l\u00e9gation,\n \nAgence R\u00e9gionale de Sant\u00e9 - IDF-2025-03-28-00004 - Arr\u00eat\u00e9 n\u00b0 DOS - 2025/1045 portant modification de l'autorisation de lieu de\nrecherches impliquant la personne humaine Groupe L'Or\u00e9al Centre de Recherche Bioclinique - CRB Madame le Docteur G\u00e9raldine\nROLLAND\n16\nAgence R\u00e9gionale de Sant\u00e9\nIDF-2025-03-24-00009\nArr\u00eat\u00e9 conjoint n\u00b0 ARS 91-2024-DD-01 portant\nd\u00e9signation des personnes qualifi\u00e9es pr\u00e9vues \u00e0\nl'article L311-5 du Code de l'action sociale et des\nfamilles\nAgence R\u00e9gionale de Sant\u00e9 - IDF-2025-03-24-00009 - Arr\u00eat\u00e9 conjoint n\u00b0 ARS 91-2024-DD-01 portant d\u00e9signation des personnes\nqualifi\u00e9es pr\u00e9vues \u00e0 l'article L311-5 du Code de l'action sociale et des familles 17\n| | =REPUBLIQUE WWFRANGAISE @ D Agence R\u00e9gionale de Sant\u00e9 ESSO NM n EsIle-de-FranceLibert\u00e9Egalit\u00e9Fraternit\u00e9\n \n \n \n1 sur 4 \n \n \n \n \nARRETE CONJOINT n\u00b0 ARS 91-2024-DD-01 \n  \nportant d\u00e9signation des personnes qualifi\u00e9es  \npr\u00e9vues \u00e0 l'article L.311-5 du Code de l'action sociale et des familles \n \n \n \nLe directeur g\u00e9n\u00e9ral de l'Agence r\u00e9gionale de sant\u00e9 Ile-de-France \nLa Pr\u00e9f\u00e8te de l'Essonne \nLe Pr\u00e9sident du Conseil d\u00e9partemental de l'Essonne \n \n \n \nVU le Code de l'action sociale et des familles et notamment les article s L.311-5 ; L.312-1 ; \nR.311-1 et R.311-2 ; \n \nVU  la loi n\u00b0 2022-2 du 2 janvier 2002 r\u00e9novant l'action sociale et m\u00e9dico-sociale ; \n    \nVU       le d\u00e9cret du 10 avril 2024 portant nomination de Monsieur Denis ROBIN, Directeur g\u00e9n\u00e9ral \nde l'Agence r\u00e9gionale de sant\u00e9 Ile-de-France \u00e0 compter du 29 avril 2024 ; \n \nVU le d\u00e9cret n\u00b02001-654 du 19 juillet 2001 fixant les conditions et modalit\u00e9s de r\u00e8glement des \nfrais occasionn\u00e9s par les d\u00e9placements des personnels des collectivit\u00e9s locales et \n\u00e9tablissements publics mentionn\u00e9s \u00e0 l'article 2 de la loi n\u00b084 -53 du 26 janvier 1984 \nmodifi\u00e9e portant dispos itions statutaires relatives \u00e0 la fonction publique territoriale et \nabrogeant le d\u00e9cret n\u00b091-573 du 19 juin 1991 ; \n \nVU  le d\u00e9cret n\u00b02006-781 du 3 juillet 2006 fixant les conditions et modalit\u00e9s de r\u00e8glement des \nfrais occasionn\u00e9s par les d\u00e9placements temporaires des personnels civils de l'Etat ; \n \nVU l'appel \u00e0 candidature pour la d\u00e9signation des personnes qualifi\u00e9es de l'Essonne, lanc\u00e9 le \n19 d\u00e9cembre 2023 ; \n \nVU  les candidatures re\u00e7ues ; \n \n \nCONSIDERANT que toute personne prise en charge en \u00e9tablissement social ou m\u00e9dico-social, \nou son repr\u00e9sentant l\u00e9gal, peut, en vue de l'aider valoir ses dro its, faire appel \u00e0 une personne \nqualifi\u00e9e choisie sur la liste fix\u00e9e dans le pr\u00e9sent arr\u00eat\u00e9 ; \n \nSur proposition conjointe du D\u00e9l\u00e9gu\u00e9 territorial de l'Essonne de l'Agence r\u00e9gionale de sant\u00e9 \nIle-de-France, du Secr\u00e9taire g\u00e9n\u00e9ral de la Pr\u00e9fecture et du  Directeur g\u00e9n\u00e9ral des services du \nD\u00e9partement ; \n \n \n \n \n \n \n \nAgence R\u00e9gionale de Sant\u00e9 - IDF-2025-03-24-00009 - Arr\u00eat\u00e9 conjoint n\u00b0 ARS 91-2024-DD-01 portant d\u00e9signation des personnes\nqualifi\u00e9es pr\u00e9vues \u00e0 l'article L311-5 du Code de l'action sociale et des familles 18\n2 sur 4 \n \nARRETENT  \n \n \nARTICLE 1 :   La liste des personnes qualifi\u00e9es pr\u00e9vues \u00e0 l'article L.311 -5 du Code de l'action \nsociale et des familles est arr\u00eat\u00e9e pour le d\u00e9partement de l'Essonne. Elle est jointe \nen annexe au pr\u00e9sent arr\u00eat\u00e9. \n \nARTICLE 2 : La dur\u00e9e du mandat des personnes qualifi\u00e9es est de 3 ans renouvelables par tacite \nreconduction une fois. Il peut \u00eatre mis fin au mandat de mani\u00e8re anticip\u00e9e, soit \u00e0 \nla demande de la personne qualifi\u00e9e moyennant un pr\u00e9avis de deux mois, soit par \nd\u00e9cision conjointe du Directeur g\u00e9n\u00e9rale de l'Agence r\u00e9gionale de sant\u00e9 d'Ile -de-\nFrance, du Pr\u00e9fet de l'Essonne et d u Pr\u00e9sident du Conseil d\u00e9partemental de \nl'Essonne moyennant un pr\u00e9avis d'un mois, notamment en cas de manquement \u00e0 \nl'obligation de discr\u00e9tion. \n \nARTICLE 3 :  Les modalit\u00e9s d'exercice des missions de la personne qualifi\u00e9e sont pr\u00e9vues aux \narticles L.311-5 et R.311-1 du Code de l'action sociale et des familles. \n \nARTICLE 4 :  Conform\u00e9ment aux annexes jointes au pr\u00e9sent arr\u00eat\u00e9, les courriers destin\u00e9s \u00e0 \nsaisir les personnes qualifi\u00e9es doivent \u00eatre adress\u00e9s au Conseil d\u00e9partemental de \nl'Essonne, en charge de les transmettre aux \u00e9tablissements et structures dans \nlesquels le demandeur souhaite \u00eatre accompagn\u00e9.  \n \nARTICLE 5 : Les personnes qualifi\u00e9es ne peuvent conna\u00eetre des affaires concernant les \n\u00e9tablissements et services g\u00e9r\u00e9s par l'association ou la structure auxquelles elles \npeuvent \u00eatre rattach\u00e9es. De m\u00eame, elles ne peuvent conna\u00eetre des affaires \nrelevant des \u00e9tablissements ou services o\u00f9 elles ont exerc\u00e9. \n \nARTICLE 6 :   La personne morale gestionnaire s'assure de la diffusion, par affichage dans ses \n\u00e9tablissements et services, du pr\u00e9sent arr\u00eat\u00e9 aupr\u00e8s des usagers ou par toute \nautre modalit\u00e9 laiss\u00e9e \u00e0 son appr\u00e9ciation. Le livret d'accueil pr\u00e9vu \u00e0 l'article \nL.311-4 du Code de l'action sociale et des familles devra faire r\u00e9f\u00e9rence \u00e0 cet \narr\u00eat\u00e9. \n \nARTICLE 7 :    Les missions des personnes qualifi\u00e9es sont exerc\u00e9es \u00e0 titre gratuit. \n \nARTICLE 8 :    Les frais de d\u00e9placement, le cas \u00e9ch\u00e9ant, pour l'exercice de leur mission peuvent \nfaire l'objet d'un remboursement dans les conditions pr\u00e9vues \u00e0 l'article R.311-2 du \nCode de l'action sociale et des familles. \n  Le partage des frais entre le repr\u00e9sentant de l'Etat, l'Agence r\u00e9gionale de Sant\u00e9 et \nle Conseil d\u00e9partemental se fera de la mani\u00e8re suivante : \n \n  - lorsque l'intervention de la personne qualifi\u00e9e concerne un service ou un \n\u00e9tablissement relevant du seul contr\u00f4le d'une des trois autorit\u00e9s, les frais sont \nexclusivement pris en charge par celle-ci, \n \n  - lorsque plusieurs autorit\u00e9s sont concern\u00e9es, les frais sont partag\u00e9s. \n \n  Eventuellement, les frais de t\u00e9l\u00e9phone et de timbre peuvent faire \u00e9galement l'objet \nd'un remboursement. \n \nARTICLE 9 :   Le pr\u00e9sent arr\u00eat\u00e9 sera notifi\u00e9 aux personnes identifi\u00e9es en annexe, conform\u00e9ment \n\u00e0 l'article 1 du pr\u00e9sent arr\u00eat\u00e9. \n \nAgence R\u00e9gionale de Sant\u00e9 - IDF-2025-03-24-00009 - Arr\u00eat\u00e9 conjoint n\u00b0 ARS 91-2024-DD-01 portant d\u00e9signation des personnes\nqualifi\u00e9es pr\u00e9vues \u00e0 l'article L311-5 du Code de l'action sociale et des familles 19\n3 sur 4 \n \nARTICLE 10 :   Le pr\u00e9sent arr\u00eat\u00e9 peut faire l'objet dans les deux mois suivant sa notification ou sa \npublication, d'un recours gracieux devant les autorit\u00e9s comp\u00e9tentes ou d'un \nrecours contentieux devant le tribunal administratif comp\u00e9tent. \n \nARTICLE 11 : Le Directeur g\u00e9n\u00e9ral de l'Agence r\u00e9gi onale de sant\u00e9 Ile-de-France, la Pr\u00e9f\u00e8te de \nl'Essonne et le Pr\u00e9sident du Conseil d\u00e9partemental de l'Essonne, chacun en ce \nqui les concerne, sont en charge de l'ex\u00e9cution du pr\u00e9sent arr\u00eat\u00e9 qui sera notifi\u00e9 \naux personnes qualifi\u00e9es ainsi qu'aux \u00e9tablissements et services concern\u00e9s et \npubli\u00e9 au rec ueil des actes administratifs de la Pr\u00e9fecture et du d\u00e9partement de \nl'Essonne.  \n \n Fait \u00e0 Saint-Denis, le 18/12/2024 \n \n \nLe Directeur g\u00e9n\u00e9ral de La Pr\u00e9f\u00e8te de l'Essonne Le Pr\u00e9sident du Conseil  \nl'Agence r\u00e9gionale de d\u00e9partemental de l'Essonne \nsant\u00e9 Ile-de-France  \n \n \n                                                       \n \n  \nDenis ROBIN Fr\u00e9d\u00e9rique CAMILLERI   Fran\u00e7ois DUROVRAY  \n \n  \nAgence R\u00e9gionale de Sant\u00e9 - IDF-2025-03-24-00009 - Arr\u00eat\u00e9 conjoint n\u00b0 ARS 91-2024-DD-01 portant d\u00e9signation des personnes\nqualifi\u00e9es pr\u00e9vues \u00e0 l'article L311-5 du Code de l'action sociale et des familles 20\n4 sur 4 \n \nDESIGNATION DES PERSONNES QUALIFIEES DU DEPARTEMENT DE L'ESSONNE \n \n- ANNEXE 1 \u2013 \n \n \n \nNom \n \nQualification \n \nChamps de comp\u00e9tence \n \nMonsieur AIT AMRAOUI Axel \n \nEn activit\u00e9 Social \nMadame BARRET Michelle \n \nEn retraite Tous secteurs (sans pr\u00e9cision) \nMadame CORNEUX Francine \n \nEn activit\u00e9 Personnes \u00e2g\u00e9es, personnes \nhandicap\u00e9es, public en difficult\u00e9s \nsp\u00e9cifiques, enfance, social \nMme COSTANTINI Catherine \n \nEn retraite Personnes \u00e2g\u00e9es, personnes \nhandicap\u00e9es, public en difficult\u00e9s \nsp\u00e9cifiques, enfance, social \nMonsieur DE MONTGOLFIER \nThierry \nEn activit\u00e9 Personnes \u00e2g\u00e9es, personnes \nhandicap\u00e9es, public en difficult\u00e9s \nsp\u00e9cifiques \nMadame FLATRES Nicole \n \nEn retraite Personnes \u00e2g\u00e9es, public en \ndifficult\u00e9s sp\u00e9cifiques, social \nMonsieur FOUQUET Olivier \n \nEn retraite Personnes handicap\u00e9es \nMadame GIMENEZ St\u00e9phanie \n \nEn activit\u00e9 Personnes handicap\u00e9es \nMadame MORELLI Sylvie \n \nEn retraite Personnes \u00e2g\u00e9es, personnes \nhandicap\u00e9es \nMadame PLECHOT Catherine \n \nEn retraite Personnes \u00e2g\u00e9es, personnes \nhandicap\u00e9es \nMadame RABIA Eva \n \nEn activit\u00e9 Personnes \u00e2g\u00e9es, public en \ndifficult\u00e9s sp\u00e9cifiques, enfance, \nsocial \n \n- ANNEXE 2 \u2013 \n \n \nLes courriers destin\u00e9s aux personnes qualifi\u00e9es sont \u00e0 transmettre \u00e0 l'adresse suivante : \n \nConseil d\u00e9partemental de l'Essonne \nService des Etablissements et services sociaux et m\u00e9dico-sociaux \nH\u00f4tel du D\u00e9partement \nBoulevard de France \u2013 Georges Pompidou \n91012 EVRY-COURCOURONNES \n  \nAgence R\u00e9gionale de Sant\u00e9 - IDF-2025-03-24-00009 - Arr\u00eat\u00e9 conjoint n\u00b0 ARS 91-2024-DD-01 portant d\u00e9signation des personnes\nqualifi\u00e9es pr\u00e9vues \u00e0 l'article L311-5 du Code de l'action sociale et des familles 21\n5 sur 4 \n \nANNEXE 3 \nAutorit\u00e9s comp\u00e9tentes par type d'\u00e9tablissements et services \nDOMAINE \nCOMPETENCE \nPROPRE CONSEIL \nDEPARTEMENTAL \nCOMPETENCE \nPROPRE ARS \nCOMPETENCE \nCONJOINTE \nCONSEIL \nDEPARTEMENTAL \nET ARS \nCOMPETENCE \nPROPRE DDCS \nCOMPETENCE \nPROPRE \nDRIHL \nPERSONNES \nAGEES \nEtablissement \nd'h\u00e9bergement pour \npersonnes \u00e2g\u00e9es \nnon m\u00e9dicalis\u00e9s \n(foyer \nlogement/MARPA) \nService de soins \ninfirmiers \u00e0 domicile \n(SSIAD) \nEtablissement \nd'h\u00e9bergement pour \npersonnes \u00e2g\u00e9es \nd\u00e9pendantes \n(EHPAD)  \nService d'aide aux \npersonnes \u00e2g\u00e9es \n(SAAD) \n \nService Polyvalent \nd'Aide et de Soins \u00e0 \nDomicile \n(SPASAD) \nPERSONNES \nHANDICAPEES \nFoyer de vie Maison d'accueil \nsp\u00e9cialis\u00e9 (MAS) \nFoyer d'accueil \nm\u00e9dicalis\u00e9 (FAM) \n \nFoyer \nd'h\u00e9bergement \nEtablissement et \nservice d'aide par le \ntravail (ESAT) \nService \nd'accompagnement \nm\u00e9dico-social pour \nadultes handicap\u00e9s \n(SAMSAH) \nAccueil de jour \noccupationnel \nInstitut m\u00e9dico-\n\u00e9ducatif (IME) \nAccueil de jour \nm\u00e9dicalis\u00e9 \nService \nd'accompagnement \n\u00e0 la vie sociale \n(SAVS) \nInstitut \nth\u00e9rapeutique, \n\u00e9ducatif et \np\u00e9dagogique (ITEP) \nCentre d'Action \nM\u00e9dico-Sociale \nPr\u00e9coce (CAMSP) \n \nCentre m\u00e9dico-\npsychop\u00e9dagogique \n(CMPP) \n Service d'\u00e9ducation \nsp\u00e9cialis\u00e9e et de \nsoins \u00e0 domicile \n(SESSAD) \nENFANCE \n \nMaison d'enfants \u00e0 \ncaract\u00e8re social \n Foyer d'aide \u00e0 \nl'enfance \nCentre maternel \nSOCIAL \n  \nLits Halte Soins \nSant\u00e9 (LHSS) \n \nServices de \nprotection des \nmajeurs \n(sauvegarde de \njustice ou \ntutelle/curatelle) \nCentre \nd'h\u00e9bergement \net de r\u00e9insertion \nsociale (CHRS) \nCentre d'accueil et \nd'accompagnement \n\u00e0 la \nr\u00e9duction des \nrisques des usagers \nde drogues \n(CAARUD) \nServices \nmettant en \n\u0153uvre les \nmesures \njudiciaires \nd'aide \u00e0 la \ngestion du \nbudget familial \nCentre \nd'h\u00e9bergement \nd'urgence \n(CHU) \nAgence R\u00e9gionale de Sant\u00e9 - IDF-2025-03-24-00009 - Arr\u00eat\u00e9 conjoint n\u00b0 ARS 91-2024-DD-01 portant d\u00e9signation des personnes\nqualifi\u00e9es pr\u00e9vues \u00e0 l'article L311-5 du Code de l'action sociale et des familles 22\n6 sur 4 \n \nCentre de soins \nd'accompagnement \net de \npr\u00e9vention en \naddictologie \n(CSAPA) \n \nCentre \nd'adaptation \u00e0 la \nvie active \n(CAVA) \n \nFoyers de \njeunes \ntravailleurs \n(FJT) ou \nr\u00e9sidences \nsociales \njeunes \ntravailleurs \n(RSJT) \nCentres \nd'accueil pour \ndemandeurs \nd'asile (CADA) \n \n \nAgence R\u00e9gionale de Sant\u00e9 - IDF-2025-03-24-00009 - Arr\u00eat\u00e9 conjoint n\u00b0 ARS 91-2024-DD-01 portant d\u00e9signation des personnes\nqualifi\u00e9es pr\u00e9vues \u00e0 l'article L311-5 du Code de l'action sociale et des familles 23\nDirection r\u00e9gionale et interd\u00e9partementale de\nl'\u00e9conomie, de l'emploi, du travail et des\nsolidarit\u00e9s d'\u00cele-de-France\nIDF-2025-03-28-00005\nD\u00e9cision n\u00b0 2025-043 du 28 mars 2025\nportant affectation des agents de contr\u00f4le dans\nles unit\u00e9s de contr\u00f4le et gestion des int\u00e9rims de\nl'unit\u00e9 d\u00e9partementale de la Seine-Saint-Denis\nde la DRIEETS d'\u00cele-de-France\nDirection r\u00e9gionale et interd\u00e9partementale de l'\u00e9conomie, de l'emploi, du travail et des solidarit\u00e9s d'\u00cele-de-France -\nIDF-2025-03-28-00005 - D\u00e9cision n\u00b0 2025-043 du 28 mars 2025\nportant affectation des agents de contr\u00f4le dans les unit\u00e9s de contr\u00f4le et gestion des int\u00e9rims de l'unit\u00e9 d\u00e9partementale de la\nSeine-Saint-Denis de la DRIEETS d'\u00cele-de-France\n24\nMINISTEREDU TRAVAIL, DE LA SANTE,DES SOLIDARITESET DES FAMILLESLibert\u00e9\u00c9galit\u00e9Fraternit\u00e9\n \n \nDRIEETS d'\u00cele-de-France  \n21 rue Madeleine Vionnet  \n93 300 AUBERVILLIERS                                                                                                                                                                                                           \n \nDirection r\u00e9gionale et interd\u00e9partementale \nde l'\u00e9conomie, de l'emploi, \ndu travail et des solidarit\u00e9s \n  \n \n \n \n \nD\u00e9cision n\u00b0 2025-043 du 28 mars 2025 \nportant affectation des agents de contr\u00f4le dans les unit\u00e9s de contr\u00f4le  \net gestion des int\u00e9rims de l'unit\u00e9 d\u00e9partementale de la Seine-Saint-Denis \nde la DRIEETS d'\u00cele-de-France \n \n \nLe Directeur r\u00e9gional et interd\u00e9partemental de l'\u00e9conomie, de l'emploi, du travail et des solidarit\u00e9s \nd'\u00cele-de-France, \n \nVu le code du travail, notamment ses articles R 8122-1 et suivants ;  \n \nVu l'arr\u00eat\u00e9 interminist\u00e9riel du 25 mars 2021 nommant Monsieur Ga\u00ebtan RUDANT directeur r\u00e9gional \net interd\u00e9partemental de l'\u00e9conomie, de l'emploi, du travail et des solidarit\u00e9s d'Ile -de-France \u00e0 \ncompter du 1er avril 2021 ; \n \nVu l'arr\u00eat\u00e9 minist\u00e9riel du 25 mars 2024 portant r\u00e9partition des unit\u00e9s de contr \u00f4le de l'inspection \ndu travail ; \n \nVu la d\u00e9cision n\u00b0 2021 -28 du 1 er avril 2021 du directeur r\u00e9gional et interd\u00e9partemental de \nl'\u00e9conomie, de l'emploi, du travail et des solidarit\u00e9s d'Ile de France relative \u00e0 la localisation et \u00e0 la \nd\u00e9limitation des unit\u00e9s de contr\u00f4le et des sections d'inspection du travail de l'unit\u00e9 \nd\u00e9partementale de Seine-Saint-Denis ; \n \n \nD\u00c9CIDE : \n \n \nArticle 1 : Sont nomm\u00e9s comme responsables des unit\u00e9s de contr\u00f4le de l'unit\u00e9 d\u00e9partementale de \nla Seine-Saint-Denis, les agents suivants :  \n \nUnit\u00e9 de contr\u00f4le n\u00b0 1 : Madame Linda ABERKAN, directrice adjointe du travail \nUnit\u00e9 de contr\u00f4le n\u00b0 2 : Madame Elodie GIRON, directrice adjointe du travail   \nUnit\u00e9 de contr\u00f4le n\u00b0 3 : Madame Lynda KEHILA, directrice adjointe du travail, en cas d'absence \nou d'emp\u00eachement de Madame Lynda KEHILA, l'int\u00e9rim est assur\u00e9 par \nMadame Linda ABERKAN, directrice adjointe du travail \nUnit\u00e9 de contr\u00f4le n\u00b0 4 :  Madame St\u00e9phanie CARRASSET, directrice adjointe du travail \nUnit\u00e9 de contr\u00f4le n\u00b0 5 : Madame Ingrid BURGUNDER, directrice adjointe du travail \n \nSans pr\u00e9judice des attributions des agents de contr\u00f4le affect\u00e9s en section, ils exercent une mission \nde contr\u00f4le en appui \u00e0 toutes les sections d'inspection et \u00e0 titre principal aux sections de l'unit\u00e9 \ndont ils ont la responsabilit\u00e9. \n \n \nDirection r\u00e9gionale et interd\u00e9partementale de l'\u00e9conomie, de l'emploi, du travail et des solidarit\u00e9s d'\u00cele-de-France -\nIDF-2025-03-28-00005 - D\u00e9cision n\u00b0 2025-043 du 28 mars 2025\nportant affectation des agents de contr\u00f4le dans les unit\u00e9s de contr\u00f4le et gestion des int\u00e9rims de l'unit\u00e9 d\u00e9partementale de la\nSeine-Saint-Denis de la DRIEETS d'\u00cele-de-France\n25\n \n \n2 / 4 \n \nArticle 2 : Sont affect\u00e9s dans les sections d'inspection de l'unit\u00e9 d\u00e9partementale de la Seine-Saint-\nDenis, les agents de contr\u00f4le, charg\u00e9s des actions d'inspection de la l\u00e9gislation du travail dans les \nentreprises, dont les noms suivent : \n \nUnit\u00e9 de contr\u00f4le n\u00b0 1  \n \nSection 1-1 : Madame Sophie LE QUERE, inspectrice du travail \n \nSection 1-2 : Monsieur Camille DIQUAS, inspecteur du travail  \n \nSection 1-3 : Madame Julia INZOUDINE, inspectrice du travail \n \nSection 1-4 : Monsieur St\u00e9phane DUPOMMIER, inspecteur du travail  \n \nSection 1-5 : Madame Linda ABERKAN, directrice adjointe du travail  \n \nSection 1-6 : Monsieur Jonathan KLUR, inspecteur du travail \n \nSection 1-7 : Madame C\u00e9cile DRILLEAU, inspectrice du travail \n \nSection 1-8 : Madame St\u00e9phanie DESPLAN, inspectrice du travail \n \n \nUnit\u00e9 de contr\u00f4le n\u00b0 2  \n \nSection 2-1 :  Madame Amanda AMATE, inspectrice du travail \n \nSection 2-2 : Monsieur Ludovic LESCURE, inspecteur du travail \n \nSection 2-3 :  Madame Manon JOUGLET, inspectrice du travail  \n \nSection 2-4 : Madame Isabelle LAGARDE, inspectrice du travail \n \nSection 2-5 : Poste vacant, l'int\u00e9rim est assur\u00e9 par Monsieur Othman VARGAS, inspecteur du travail \n \nSection 2-6 : Monsieur Nicolas PIREZ, inspecteur du travail \n \nSection 2-7 : Madame Olivia DOLIBEAU, inspectrice du travail \n \nSection 2-8 : Monsieur Flavien CHAILLEUX, inspecteur du travail \n \nSection 2-9 : Madame Camille PERRODIN, inspectrice du travail   \n \nSection 2-10 : Monsieur Othman VARGAS, inspecteur du travail \n \nSection 2-11 : Monsieur Vincent BOUYX, inspecteur du travail  \n \nSection 2-12 : Madame Madison FLUCHER, inspectrice du travail \n \n \n \n \n \nDirection r\u00e9gionale et interd\u00e9partementale de l'\u00e9conomie, de l'emploi, du travail et des solidarit\u00e9s d'\u00cele-de-France -\nIDF-2025-03-28-00005 - D\u00e9cision n\u00b0 2025-043 du 28 mars 2025\nportant affectation des agents de contr\u00f4le dans les unit\u00e9s de contr\u00f4le et gestion des int\u00e9rims de l'unit\u00e9 d\u00e9partementale de la\nSeine-Saint-Denis de la DRIEETS d'\u00cele-de-France\n26\n \n \n3 / 4 \n \nUnit\u00e9 de contr\u00f4le n\u00b0 3 \n \nSection 3-1 : Madame L\u00e9na PERTUY, inspectrice du travail  \n \nSection 3-2 : Monsieur Mathieu MARQUET, inspecteur du travail \n \nSection 3-3 : Madame Asma\u00e2 EL JERRARI, inspectrice du travail  \n \nSection 3-4 : Madame Delphine GUYOMARCH, inspectrice du travail  \n \nSection 3-5 : Monsieur Simon CADY, inspecteur du travail \n \nSection 3-6 : Madame Lila RABESON, inspectrice du travail \n \nSection 3-7 : Madame Sandrine POUET, inspectrice du travail \n \nSection 3-8 : Monsieur Toufik DAHMANI, inspecteur du travail  \n \nSection 3-9 : Monsieur Samir ROCHDI, inspecteur du travail \n \nSection 3-10 : Monsieur Marc DE MAGALHAES, inspecteur du travail  \n \nSection 3-11 : Monsieur Pierre VILLERET, inspecteur du travail \n \n \nUnit\u00e9 de contr\u00f4le n\u00b0 4  \n \nSection 4-1 : Madame Charline MAINGUY, inspectrice du travail  \n \nSection 4-2 : Madame Julie COURT, directrice adjointe du travail \n \nSection 4-3 : Poste vacant, l'int\u00e9rim est assur\u00e9 par Monsieur Simon CADY, inspecteur du travail \n \nSection 4-4 : Monsieur Eddy TALBOT, inspecteur du travail  \n \nSection 4-5 : Madame Fatiha EL KHADDARI, directrice adjointe du travail \n \nSection 4-6 : Madame Marie GAILLARD MARTIN, inspectrice du travail  \n \nSection 4-7 : Monsieur Fran\u00e7ois LE FLOCH, inspecteur du travail  \n \nSection 4-8 : Monsieur Nabil EL KHANTACHE, inspecteur du travail  \n \nSection 4-9 : Madame Nadine TETRON, inspectrice du travail  \n \nSection 4-10 : Madame Hanaline BREL, inspectrice du travail  \n \n \n \n \n \n \n \nDirection r\u00e9gionale et interd\u00e9partementale de l'\u00e9conomie, de l'emploi, du travail et des solidarit\u00e9s d'\u00cele-de-France -\nIDF-2025-03-28-00005 - D\u00e9cision n\u00b0 2025-043 du 28 mars 2025\nportant affectation des agents de contr\u00f4le dans les unit\u00e9s de contr\u00f4le et gestion des int\u00e9rims de l'unit\u00e9 d\u00e9partementale de la\nSeine-Saint-Denis de la DRIEETS d'\u00cele-de-France\n27\n \n \n4 / 4 \n \nUnit\u00e9 de contr\u00f4le n\u00b0 5  \n \nSection 5-1 : Monsieur Fr\u00e9d\u00e9ric RAKOTONIAINA, inspecteur du travail \n \nSection 5-2 : Monsieur Jules GRENET, inspecteur du travail \n \nSection 5-3 : Monsieur Vincent BOUZRAR, directeur adjoint du travail \n \nSection 5-4 : Monsieur Jean GIRAUD, inspecteur du travail \n \nSection 5-5 : Madame Ga\u00eblle BORDAS, directrice adjointe du travail \nSection 5-6 : Madame Ingrid LEFEBVRE-LEJEUNE, inspectrice du travail \n \nSection 5-7 : Madame Laure FOGHA-YOUMSI, inspectrice du travail  \n \nSection 5-8 : Monsieur Laurent COQUEL, inspecteur du travail  \n \nSection 5-9 : Madame Ingrid BURGUNDER, directrice adjointe du travail  \n \nArticle 3  \n \nEn cas d'absence ou d'emp\u00eachement d'un agent de contr\u00f4le, l'int\u00e9rim est assur\u00e9, \u00e0 titre principal, \npar un agent de contr\u00f4le affect\u00e9 dans la m\u00eame unit\u00e9 de contr\u00f4le ou, lorsque les circonstances le \nn\u00e9cessitent, par un agent de contr\u00f4le affect\u00e9 sur l'une des autres unit\u00e9s de contr\u00f4le de la Seine -\nSaint-Denis. \n \nArticle 4  \n \nLa pr\u00e9sente d\u00e9cision prend effet \u00e0 sa date de publication. \n \nLa d\u00e9cision n\u00b0 2025-032 du 04 mars 2025 portant affectation des agents de contr\u00f4le dans les unit\u00e9s \nde contr\u00f4le et gestion des int\u00e9rims de l'unit\u00e9 d\u00e9partementale de la Seine-Saint-Denis de la DRIEETS \nd'\u00cele-de-France est abrog\u00e9e. \n \nArticle 5  \n \nLe Directeur r\u00e9gional et interd\u00e9partemental de l'\u00e9conomie, de l'emploi, du travail et des solidarit\u00e9s \nd'Ile-de-France est charg\u00e9 de l'application de la pr\u00e9sente d\u00e9cision, qui sera publi\u00e9e au recueil des \nactes administratifs de la r\u00e9gion \u00cele-de-France.  \n \n \n \n \nFait \u00e0 Aubervilliers, le 28 mars 2025  \n \nLe Directeur r\u00e9gional et interd\u00e9partemental  \nde l'\u00e9conomie, de l'emploi, du travail  \net des solidarit\u00e9s,  \n \n     SIGN\u00c9 \n \nGa\u00ebtan Rudant \n \nDirection r\u00e9gionale et interd\u00e9partementale de l'\u00e9conomie, de l'emploi, du travail et des solidarit\u00e9s d'\u00cele-de-France -\nIDF-2025-03-28-00005 - D\u00e9cision n\u00b0 2025-043 du 28 mars 2025\nportant affectation des agents de contr\u00f4le dans les unit\u00e9s de contr\u00f4le et gestion des int\u00e9rims de l'unit\u00e9 d\u00e9partementale de la\nSeine-Saint-Denis de la DRIEETS d'\u00cele-de-France\n28\nRectorat de l'acad\u00e9mie de Cr\u00e9teil\nIDF-2025-03-27-00029\nArr\u00eat\u00e9 du 27 mars 2025 de d\u00e9signation de\nmonsieur K\u00e9vin MARTIN, chef du service\njuridique du rectorat de Cr\u00e9teil, en qualit\u00e9 de\npersonne responsable de l'acc\u00e8s aux documents\nadministratifs (PRADA) dans l'acad\u00e9mie de\nCr\u00e9teil \nRectorat de l'acad\u00e9mie de Cr\u00e9teil - IDF-2025-03-27-00029 - Arr\u00eat\u00e9 du 27 mars 2025 de d\u00e9signation de monsieur K\u00e9vin MARTIN, chef\ndu service juridique du rectorat de Cr\u00e9teil, en qualit\u00e9 de personne responsable de l'acc\u00e8s aux documents administratifs (PRADA) dans\nl'acad\u00e9mie de Cr\u00e9teil \n29\nACADEMIEDE CRETEILLibert\u00e9Egalit\u00e9Fraternit\u00e9\n1 \n \n \nArr\u00eat\u00e9 du 27 mars 2025 de d\u00e9signation de monsieur K\u00e9vin MARTIN, \nchef du service juridique du rectorat de Cr\u00e9teil,  \nen qualit\u00e9 de personne responsable de l'acc\u00e8s aux documents administratifs (PRADA) \ndans l'acad\u00e9mie de Cr\u00e9teil \n \n \n \nLE RECTEUR DE L'ACADEMIE DE CRETEIL \n \n \nVU le code de l'\u00e9ducation et notamment son article D. 222-20 ; \n \nVU le code des relations entre le public et l'administration et notamment les articles L. 330-1 \u00e0 R. 330-4 ; \n \nVU le d\u00e9cret du 12 mars 2025 nommant monsieur Jean-Fran\u00e7ois CHANET recteur de l'acad\u00e9mie de Cr\u00e9teil ;  \n \nVU le contrat du 1er juillet 2022 engageant monsieur K\u00e9vin MARTIN pour une dur\u00e9e ind\u00e9termin\u00e9e en qualit\u00e9 \nd'agent contractuel au sein du service juridique ; \n \nVU l'avenant du 28 octobre 2024 nommant monsieur K\u00e9vin MARTIN en qualit\u00e9 de chef du service juridique \u00e0 \ncompter du 4 novembre 2024 ; \n \nARRETE \n \nARTICLE 1 :  \n \nMonsieur K\u00e9vin MARTIN, chef du service juridique du rectorat de l'acad\u00e9mie de Cr\u00e9teil, est d\u00e9sign\u00e9 en tant que \nresponsable de l'acc\u00e8s aux documents administratifs et des questions relatives \u00e0 la r\u00e9utilisation des informations \npubliques de l'acad\u00e9mie de Cr\u00e9teil.  \n \nSes attributions recouvrent le rectorat de l'acad\u00e9mie de Cr\u00e9teil et les directions des services d\u00e9partementaux de \nl'\u00e9ducation nationale de Seine-et-Marne, Seine-Saint-Denis et Val-de-Marne.   \n \nLes demandes d'acc\u00e8s aux documents administratifs doivent s'effectuer, dans un premier temps, aupr\u00e8s des \nservices gestionnaires des dossiers.  \n \nEn cas de difficult\u00e9 particuli\u00e8re, les demandes sont \u00e0 adresser, par courrier, avec mention \u00ab acc\u00e8s aux documents \nadministratifs \u00bb \u00e0 : service juridique \u2013 4, rue Georges Enesco \u2013 94010 Cr\u00e9teil cedex ou par message \u00e9lectronique \n\u00e0 ce.sj@ac-creteil.fr \n \nLes demandes de r\u00e9utilisation des informations publiques doivent \u00eatre transmises au service juridique, \u00e0 la m\u00eame \nadresse avec mention \u00ab r\u00e9utilisation des informations publiques \u00bb. \n \n \nARTICLE 2 :  \n \nMonsieur K\u00e9vin MARTIN rend compte de son activit\u00e9 au recteur et au secr\u00e9taire g\u00e9n\u00e9ral de l'acad\u00e9mie de Cr\u00e9teil \n\u2013 4, rue Georges Enesco \u2013 94100 Cr\u00e9teil cedex.   \n \nIl assure la liaison avec la Commission d'acc\u00e8s aux documents administratifs.  \n \nRectorat de l'acad\u00e9mie de Cr\u00e9teil - IDF-2025-03-27-00029 - Arr\u00eat\u00e9 du 27 mars 2025 de d\u00e9signation de monsieur K\u00e9vin MARTIN, chef\ndu service juridique du rectorat de Cr\u00e9teil, en qualit\u00e9 de personne responsable de l'acc\u00e8s aux documents administratifs (PRADA) dans\nl'acad\u00e9mie de Cr\u00e9teil \n30\n2 \n \n \nARTICLE 3 :  \n \nLe pr\u00e9sent arr\u00eat\u00e9 abroge l'arr\u00eat\u00e9 du 7 novembre 2024. \n \n \n \nARTICLE 4 :   \n \nLe pr\u00e9sent arr\u00eat\u00e9 sera publi\u00e9 au recueil des actes administratifs de la pr\u00e9fecture de la r\u00e9gion Ile-de-France.  \n \nUne information sera \u00e9galement effectu\u00e9e sur le site de l'acad\u00e9mie de Cr\u00e9teil : www.ac-creteil.fr. \n \n \n \n \n \n Fait \u00e0 Cr\u00e9teil, le 27 mars 2025 \n \n \n \n \n Le recteur de l'acad\u00e9mie de Cr\u00e9teil \n \n \n         Sign\u00e9 \n \n \n  Jean-Fran\u00e7ois CHANET \n \nRectorat de l'acad\u00e9mie de Cr\u00e9teil - IDF-2025-03-27-00029 - Arr\u00eat\u00e9 du 27 mars 2025 de d\u00e9signation de monsieur K\u00e9vin MARTIN, chef\ndu service juridique du rectorat de Cr\u00e9teil, en qualit\u00e9 de personne responsable de l'acc\u00e8s aux documents administratifs (PRADA) dans\nl'acad\u00e9mie de Cr\u00e9teil \n31","date":"2025-03-28","first_seen_on":"2025-03-28T17:48:12+00:00","id":"2d9d3877002ab1de5366545733dceab1c822976998ef733ded2d77daa3339e83","name":"recueil-idf-062-2025-03-RAA-nominatifs du 28.03.2025","pdf_creation_date":"2025-03-28T15:59:54+00:00","pdf_modification_date":null,"timezone":"CET","url":"https://www.prefectures-regions.gouv.fr/ile-de-france/irecontenu/telechargement/126605/935094/file/recueil-idf-062-2025-03-RAA-nominatifs%20du%2028.03.2025.pdf"}
