{"administration":"pref83","administration_name":"Pr\u00e9fecture du Var","content":"VAR\nRECUEIL DES ACTES\nADMINISTRATIFS SP\u00c9CIAL\n(NOMINATIFS)\nN\u00b083-2025-383\nPUBLI\u00c9 LE 13 NOVEMBRE 2025\nSommaire\nAgence r\u00e9gionale de sant\u00e9 du Var / Direction de l'ARS du var\n83-2025-11-07-00004 - 20251107 arrete CS CHITS (3 pages) Page 3\nDirection d\u00e9partementale de l'emploi, du travail et des solidarit\u00e9s du Var\n/ Direction de la DDETS\n83-2025-11-05-00007 - Arr\u00eat\u00e9 pr\u00e9fectoral fixant le renouvellement de\nla COMED 2025 sign\u00e9 pr RAA (6 pages) Page 7\nPr\u00e9fecture du VAR / Direction de la citoyennet\u00e9 et de la l\u00e9galit\u00e9\n83-2025-11-04-00009 - ARR\u00caT\u00c9 PR\u00c9FECTORAL n\u00b0\nDCL/BERG/2025/0219 du 4 novembre 2025 portant renouvellement de\nl'habilitation dans le domaine fun\u00e9raire\nde l'entreprise\nindividuelle de Monsieur Philippe VAKANAS d\u00e9nomm\u00e9e \u00ab\u00a0VPSF \u00bb\nsise\n5, chemin des Roches - Les Amirantes - 83110 SANARY-SUR-MER -\nHabilitation N\u00b0 25-83-0029 (2 pages) Page 14\n83-2025-11-13-00004 - ARR\u00caT\u00c9 PR\u00c9FECTORAL n\u00b0\nDCL/BERG/2025/0222 du 13 novembre 2025\nportant renouvellement\nd'habilitation dans le domaine fun\u00e9raire de la SAS\n\u00ab\u00a0ACCOMPAGNEMENT ET SERVICES FUN\u00c9RAIRES DU VAR\u00a0\u00bb sise\n1128 Routes Des Selves \u00e0 SOLLI\u00c8S-VILLE (83210) (2 pages) Page 17\n2\nAgence r\u00e9gionale de sant\u00e9 du Var\n83-2025-11-07-00004\n20251107 arrete CS CHITS\nAgence r\u00e9gionale de sant\u00e9 du Var - 83-2025-11-07-00004 - 20251107 arrete CS CHITS 3\nREPUBLIQUEFRANCAISELibert\u00e9Egalit\u00e9Fraternit\u00e9\nAl\u00a9 D Agence R\u00e9gionale de Sant\u00e9Provence-AlpesC\u00f4te d'Azur\n  \n \n \n \n \nAgence r\u00e9gionale de sant\u00e9 Provence-Alpes-C\u00f4te d'Azur - D\u00e9l\u00e9gation d\u00e9partementale du Var \u2013 Immeuble TOVA 2 - 177 boulevard du \nDocteur Charles Barnier \u2013 CS 31302 - 83076 Toulon Cedex \nT\u00e9l. : 04 13 55 89 02 / Fax : 04 13 55 80 40 / www.ars.paca.sante.fr \nPage 1 / 3 \n \n \n \n \n \nARRETE du 07 novembre 2025 \n \nfixant la composition nominative du conseil de surveillance du centre hospitalier \nintercommunal de Toulon La Seyne sur Mer situ\u00e9 \u00e0 Toulon (VAR) \n \n \n \nLE DIRECTEUR DE L'AGENCE REGIONALE DE SANTE DE PROVENCE, ALPES, COTE D'AZUR \n \n \n \nVu le code de la sant\u00e9 publique, notamment ses articles L.6143-5, L.6143-6, R.6143-1 \u00e0 R.6143-4 et \nR.6143-12 ; \n \nVu la loi n\u00b0 2009-879 du 21 juillet 2009 portant r\u00e9forme de l'h\u00f4pital et relative aux patients, \u00e0 la sant\u00e9 et \naux territoires ; \n \nVu l'ordonnance n\u00b0 2010-177 du 23 f\u00e9vrier 2010 de coordination avec la loi n\u00b02099-879 du 21 juillet 2009 \nportant r\u00e9forme de l'h\u00f4pital et relative aux patients, \u00e0 la sant\u00e9 et aux territoires ; \n \nVu le d\u00e9cret n\u00b0 2010-336 du 31 mars 2010 portant cr\u00e9ation des agences r\u00e9gionales de sant\u00e9 ; \n \nVu le d\u00e9cret n\u00b0 2010-344 du 31 mars 2010 tirant les cons\u00e9quences, au niveau r\u00e9glementaire, de \nl'intervention de la loi n\u00b0 2009-879 du 21 juillet 2009 portant r\u00e9forme de l'h\u00f4pital et relative aux patients, \n\u00e0 la sant\u00e9 et aux territoires ; \n \nVu le d\u00e9cret n\u00b02010-361 du 8 avril 2010 relatif aux conseils de surveillance des \u00e9tablissements publics \nde sant\u00e9 ; \n \nVu le d\u00e9cret du 16 juillet 2024 portant nomination de Monsieur Yann BUBIEN en qualit\u00e9 de directeur g\u00e9n\u00e9ral \nde l'Agence r\u00e9gionale de Provence -Alpes-C\u00f4te d'Azur \u00e0 compter du 18 juillet 2024 ; \n \nVu l'arr\u00eat\u00e9 du 18 juillet 2024 portant d\u00e9l\u00e9gation de signature \u00e0 Monsieur S\u00e9bastien MONI\u00c9, directeur de \nla d\u00e9l\u00e9gation d\u00e9partementale du Var de l'Agence r\u00e9gionale de sant\u00e9 Provence-Alpes-C\u00f4te d'Azur ; \n \nVu l'arr\u00eat\u00e9 ARS PACA du 25 septembre 2025 fixant la composition nominative du conseil de surveillance \ndu centre hospitalier intercommunal de Toulon La Seyne sur Mer ; \n \nVu le proc\u00e8s-verbal en date du 04 novembre 2025 \u00e9mis par la commission m\u00e9dicale d'\u00e9tablissement du \ncentre hospitalier intercommunal de Toulon La Seyne sur Mer ; \n \n \n \nARRETE \n \n \n \nArticle 1er : L'arr\u00eat\u00e9 ARS PACA du 25 septembre 2025 fixant la composition nominative du conseil de \nsurveillance du centre hospitalier intercommunal de Toulon La Seyne sur Mer est modifi\u00e9 ainsi qu'il \nsuit : \n \n \nAgence r\u00e9gionale de sant\u00e9 du Var - 83-2025-11-07-00004 - 20251107 arrete CS CHITS 4\n \nAgence r\u00e9gionale de sant\u00e9 Provence-Alpes-C\u00f4te d'Azur - D\u00e9l\u00e9gation d\u00e9partementale du Var \u2013 Immeuble TOVA 2 - 177 boulevard du \nDocteur Charles Barnier \u2013 CS 31302 - 83076 Toulon Cedex \nT\u00e9l. : 04 13 55 89 02 / Fax : 04 13 55 80 40 / www.ars.paca.sante.fr \nPage 2 / 3 \nI. Sont membres du conseil de surveillance avec voix d\u00e9lib\u00e9rative : \n \n \n2\u00b0) En qualit\u00e9 de repr\u00e9sentant du personnel : \n \n \n- Monsieur le Dr Vicent CARRET, repr\u00e9sentant de la commission m\u00e9dicale d'\u00e9tablissement en \nremplacement de Madame le Dr Catherine VELLY ; \n \n \nII. Sont membres du conseil de surveillance avec voix consultative : \n \n- Madame le Dr Patricia CARRIER, pr\u00e9sidente de la commision m\u00e9dicale d'\u00e9tablissement, \nvice-pr\u00e9sidente du directoire du centre hospitalier intercommunal de Toulon La Seyne sur Mer en \nremplacement de Monsieur le Dr Yannick KNEFATI ; \n \n \nArticle 2 : Le conseil de surveillance du centre hospitalier intercommunal de Toulon La Seyne sur Mer, \ndont le si\u00e8ge est sis 54, rue Henri Sainte-Claire Deville, 83056 Toulon Cedex, \u00e9tablissement public de \nsant\u00e9 de ressort intercommunal est compos\u00e9 des membre ci-apr\u00e8s : \n \nI. Sont membres du conseil de surveillance avec voix d\u00e9lib\u00e9rative : \n \n \n1\u00b0) En qualit\u00e9 de repr\u00e9sentant des collectivit\u00e9s territoriales : \n \n \n- Madame Jos\u00e9e MASSI, Maire de Toulon, membre de droit, repr\u00e9sentant la commune si\u00e8ge de \nl'\u00e9tablissement pricipal ; \n \n- Madame Basma BOUCHKARA, repr\u00e9sentant de la commune de La Seyne sur Mer, principale \ncommune d'origine des patients en nombre d'entr\u00e9e en hospitalisation au cours du dernier \nexercice connu, autre que celle du si\u00e8ge de l'\u00e9tablissement principal ; \n \n- Madame Dominique ANDREOTTI, conseiller communautaire, repr\u00e9sentant la communaut\u00e9 \nd'agglom\u00e9ration Toulon Provence M\u00e9diterran\u00e9e ; \n \n- Madame Brigitte GENETELLI, conseiller communautaire, repr\u00e9sentant la communaut\u00e9 \nd'agglom\u00e9ration Toulon Provence M\u00e9diterran\u00e9e ; \n \n- Monsieur Joseph MUL\u00c9, repr\u00e9sentant du pr\u00e9sident du conseil d\u00e9partemental du Var ; \n \n \n2\u00b0) En qualit\u00e9 de repr\u00e9sentant du personnel : \n \n- Madame Hafida RACHDAOUI, repr\u00e9sentant de la commission de soins infirmiers, de r\u00e9\u00e9ducation \net m\u00e9dico-techniques ; \n \n- Monsieur le Dr Vicent CARRET, repr\u00e9sentant de la commission m\u00e9dicale d'\u00e9tablissement ; \n \n- Monsieur le Dr Hadrien PEYRIERE, repr\u00e9sentant de la commission m\u00e9dicale d'\u00e9tablissement ; \n \n- Madame Jessica MICHEL, repr\u00e9sentant d\u00e9sign\u00e9 par l'organisation syndicale Force Ouvi\u00e8re ; \n \n- Monsieur Gilles MANCHON, repr\u00e9sentant d\u00e9sign\u00e9 par l'organisation syndicale Force Ouvi\u00e8re ; \n \n \n3\u00b0) En qualit\u00e9 de personnalit\u00e9 qualifi\u00e9e : \n \n- Monsieur Fran\u00e7ois DEBATS, personnalit\u00e9 qualifi\u00e9e d\u00e9sign\u00e9e par le directeur g\u00e9n\u00e9ral de l'Agence \nr\u00e9gionale de sant\u00e9 de Provence-Alpes-C\u00f4te d'Azur ; \n \nAgence r\u00e9gionale de sant\u00e9 du Var - 83-2025-11-07-00004 - 20251107 arrete CS CHITS 5\n \nAgence r\u00e9gionale de sant\u00e9 Provence-Alpes-C\u00f4te d'Azur - D\u00e9l\u00e9gation d\u00e9partementale du Var \u2013 Immeuble TOVA 2 - 177 boulevard du \nDocteur Charles Barnier \u2013 CS 31302 - 83076 Toulon Cedex \nT\u00e9l. : 04 13 55 89 02 / Fax : 04 13 55 80 40 / www.ars.paca.sante.fr \nPage 3 / 3 \n- Monsieur G\u00e9rard FIOUX, personnalit\u00e9 qualifi\u00e9e d\u00e9sign\u00e9e par le directeur g\u00e9n\u00e9ral de l'Agence \nr\u00e9gionale de sant\u00e9 de Provence-Alpes-C\u00f4te d'Azur ; \n \n- Madame Janine BELLOT, pr\u00e9sidente du comit\u00e9 du Var de la ligue contre le cancer, repr\u00e9sentant \ndes usagers d\u00e9sign\u00e9 par le pr\u00e9fet du d\u00e9partement du Var ; \n \n- Madame Jeannine GHIO, de l'union d\u00e9partementale des association familiales du Var, \nrepr\u00e9sentant des usagers d\u00e9sign\u00e9 par le pr\u00e9fet du d\u00e9partement du Var ; \n \n \n- Monsieur Alexandre MULLER, directeur g\u00e9n\u00e9ral du groupe Umane, personnalit\u00e9 qualifi\u00e9e \nd\u00e9sign\u00e9e par le pr\u00e9fet du d\u00e9partement du Var ; \n \n \nII. Sont membres du conseil de surveillance avec voix consultative : \n \n- Madame le Dr Patricia CARRIER, pr\u00e9sidente de la commision m\u00e9dicale d'\u00e9tablissement, \nvice-pr\u00e9sidente du directoire du centre hospitalier intercommunal de Toulon La Seyne sur Mer ; \n \n- Le directeur g\u00e9n\u00e9ral de l'Agence r\u00e9gionale de sant\u00e9 de Provence-Alpes-C\u00f4te d'Azur ; \n \n- Monsieur le Dr Julien MERRIEN, pr\u00e9sident de la COMETIC, repr\u00e9sentant de la structure charg\u00e9e \nde la r\u00e9flexion d'\u00e9thique au sein du centre hospitalier intercommunal de Toulon La Seyne sur \nMer ; \n \n- Le directeur de la caisse d'Assurance maladie de Toulon ; \n \n- Madame Marie-Jos\u00e9 FERRIN, repr\u00e9sentant des familles de personnes accueillies dans \nl'\u00e9tablissement  h\u00e9bergeant des personnes \u00e2g\u00e9es d\u00e9pendantes ; \n \n \nArticle 3 : La dur\u00e9e des fonctions des membres du conseil de surveillance est fix\u00e9e \u00e0 cinq ans sous \nr\u00e9serve des dispositions particuli\u00e8res pr\u00e9vues \u00e0 l'article R.6143-12 du code de la sant\u00e9 publique. \n \n \nArticle 4 : Un recours contentieux peut \u00eatre form\u00e9 aupr\u00e8s du tribunal administratif territorialement \ncomp\u00e9tent dans un d\u00e9lai franc de deux mois \u00e0 compter de la notification du pr\u00e9sent arr\u00eat\u00e9 pour les \nint\u00e9ress\u00e9s ou de sa publication pour les tiers. \n \n \nArticle 5 : Le directeur g\u00e9n\u00e9ral de l'Agence r\u00e9gionale de sant\u00e9 de Provence-Alpes-C\u00f4te d'Azur, le \ndirecteur de la d\u00e9l\u00e9gation d\u00e9partementale du Var et le directeur du centre hospitalier intercommunal de \nToulon La Seyne sur Mer sont charg\u00e9s, chacun en ce qui le concerne, de l'ex\u00e9cution du pr\u00e9sent arr\u00eat\u00e9 \nqui sera publi\u00e9 au recueil des actes administratifs de la pr\u00e9fecture de la r\u00e9gion Provence-Alpes-C\u00f4te \nd'Azur et de la pr\u00e9fecture du d\u00e9partement du Var. \n \n \n \nToulon, le 07 novembre 2025 \n \n \nPour le directeur de l'agence  \nr\u00e9gionale de sant\u00e9 PACA \nLe directeur d\u00e9partemental adjoint du Var \n \nSign\u00e9 \n \nNicolas LAMPIRE \nAgence r\u00e9gionale de sant\u00e9 du Var - 83-2025-11-07-00004 - 20251107 arrete CS CHITS 6\nDirection d\u00e9partementale de l'emploi, du travail\net des solidarit\u00e9s du Var\n83-2025-11-05-00007\nArr\u00eat\u00e9 pr\u00e9fectoral fixant le renouvellement de la\nCOMED 2025 sign\u00e9 pr RAA\nDirection d\u00e9partementale de l'emploi, du travail et des solidarit\u00e9s du Var - 83-2025-11-05-00007 - Arr\u00eat\u00e9 pr\u00e9fectoral fixant le\nrenouvellement de la COMED 2025 sign\u00e9 pr RAA 7\nPREFET Direction D\u00e9partementaleDU VAR de l'Emploi, du Travail et des Solidarit\u00e9sLibert\u00e9 Service \u00ab Acc\u00e9s au logement \u00bb\u00c9galit\u00e9 , ;Fraternit\u00e9 D\u00e9partement \u00ab Insertion par le logement \u00bbARRETE PREFECTORAL en date du 05 novembre 2025fixant la composition de la commission de m\u00e9diation du d\u00e9partement du Varrelative au droit au logement opposableLe Pr\u00e9fet du Var,Vu le Code de la Construction et de l'Habitat et notamment son article L.441-2-3 dans sar\u00e9daction issue de la loi n\u00b0 2007-290 du 5 mars 2007 instituant le droit au logement opposableet portant diverses mesures en faveur de la coh\u00e9sion sociale ;Vu les articles R 441-13 et suivants du m\u00e9me code ;Vu la loi n\u00b0 98-657 du 29juillet 1998 modifi\u00e9e relative a la lutte contre les expulsions ;Vu la loi n\u00b0 2017-86 du 27 janvier 2017 relative a l'\u00e9galit\u00e9 et \u00e0 la citoyennet\u00e9 ;Vu les articles R.441-13 et suivants du m\u00e9me code ;Vu la loi n\u00b0 2009-323 du 25 mars 2009 de mobilisation pour le logement et la lutte contrel'exclusion ;Vu la loi n\u00b0 2017-86 du 27janvier 2017 relative \u00e0 l'\u00e9galit\u00e9 et \u00e0 la citoyennet\u00e9 ;Vu le d\u00e9cret n\u00b0 2010-398 du 22 avril 2010 relatif au droit au logement opposable et modifiantles dispositions du code de la construction et de l'habitation ;Vu le d\u00e9cret n\u00b0 2010-1275 du 27 octobre 2010 relatif au droit au logement opposable ;Vu le d\u00e9cret n\u00b0 2014-116 du 11 f\u00e9vrier 2014 relatif au Droit Au Logement Opposable ;Vu le mail du Conseil d\u00e9partemental en date du 02 octobre 2025 d\u00e9signant un membretitulaire et un membre suppl\u00e9ant au titre du 2\u00b0\" coll\u00e8ge ;Vu le courrier de l'Association des Maires du Var en date du 03 octobre 2025 proposant \u00e0 lad\u00e9signation un membre titulaire et deux membres suppl\u00e9ants au titre du 2\u00b0\" coll\u00e8ge ;Vue l'absence de retour de la la Communaut\u00e9 de Communes M\u00e9diterran\u00e9e Porte des Maures ;Vu le mail de la Communaut\u00e9 de Communes de la Vall\u00e9e du Gapeau en date du 14 octobre2025 proposant \u00e0 la d\u00e9signation un membre au titre du 2\u00b0\" coll\u00e8ge ;Vue l'absence de retour de la Drac\u00e9nie Provence Verdon agglom\u00e9ration ;Vu le courrier de Est\u00e9rel C\u00f4te d'Azur Agglom\u00e9ration en date du 14 octobre 2025 proposant \u00e0la d\u00e9signation un membre au titre du 2\u00b0\"\u00b0 coll\u00e8ge ;\n1/6\n\u00a0\u00a0\u00a0\n\u00a0\n\u00a0\n\u00a0\n\u00a0\n\u00a0\n\u00a0\n\u00a0\n\u00a0\n\u00a0\n\u00a0\n\u00a0\n\u00a0\n\u00a0\u00a0\n\u00a0\n\u00a0\n\u00a0\n\u00a0\n\u00a0\n\u00a0\n\u00a0\n\u00a0\n\u00a0\n\u00a0\n\u00a0\nDirection d\u00e9partementale de l'emploi, du travail et des solidarit\u00e9s du Var - 83-2025-11-05-00007 - Arr\u00eat\u00e9 pr\u00e9fectoral fixant le\nrenouvellement de la COMED 2025 sign\u00e9 pr RAA 8\nVu le courrier de la m\u00e9tropole Toulon Provence M\u00e9diterran\u00e9e en date du 04 novembre 2025proposant a la d\u00e9signation un membre titulaire et un membre suppl\u00e9ant au titre du 2\u00b0\"coll\u00e8ge;Vu le mail de la communaut\u00e9 d'agglom\u00e9ration Provence Verte en date du 21 octobre 2025pr\u00e9cisant qu'il n'y aura pas de d\u00e9signation de candidats ;Vu le mail de la communaut\u00e9 d'agglom\u00e9ration Sud Sainte Baume en date du 06 octobre 2025proposant \u00e0 la d\u00e9signation un membre titulaire et un membre suppl\u00e9ant au titre du 2\u00b0\"coll\u00e8ge;Vu le courrier de l'association AR-HLM en date du 04 novembre 2025 d\u00e9signant un membretitulaire et un membre suppl\u00e9ant au titre du 3\u00b0\" coll\u00e8ge ;Vu les mails de l'UNAFO en date des 24 et 27 octobre 2025 d\u00e9signant un membre titulaire etun membre suppl\u00e9ant au titre du 3\u00b0\" coll\u00e8ge ;Vu le courrier de la F\u00e9d\u00e9ration des Acteurs de la Solidarit\u00e9 en date du 15 octobre 2025d\u00e9signant un membre titulaire et un membre suppl\u00e9ant au titre du 3\u00b0\" coll\u00e8ge;Vu le mail de l'association force ouvri\u00e8re consommateur en date du 17 octobre 2025proposant \u00e0 la d\u00e9signation un membre titulaire et un membre suppl\u00e9ant au titre du 4\u00b0\"coll\u00e8ge;Vu le mail d'UFC Que Choisir en date du 21 octobre 2025 proposant \u00e0 la d\u00e9signation unmembre titulaire et un membre suppl\u00e9ant au titre du 4\u00b0\" coll\u00e8ge ;Vu le mail du Comit\u00e9 National du Logement en date du 17 octobre 2025 pr\u00e9cisant qu'il n'yaura pas de d\u00e9signation de candidats ;Vu le courrier de I'UDAF en date du 06 octobre 2025 proposant \u00e0 la d\u00e9signation un membretitulaire et un membre suppl\u00e9ant au titre du 4\" coll\u00e8ge ;Vue l'absence de retour de l'Association Tut\u00e9laire du Var ;Vu le mail de l'ATMP en date du 16 octobre 2025 proposant \u00e0 la d\u00e9signation un membre autitre du 4\" coll\u00e8ge ;Vu le courrier de l'ATIAM en date du 20 octobre 2025 proposant \u00e0 la d\u00e9signation un membretitulaire et un membre suppl\u00e9ant au titre du 4\u00b0\" coll\u00e8ge ;Vu le mail de la MSA 3A en date du 17 octobre 2025 pr\u00e9cisant qu'il n'y aura pas ded\u00e9signation de candidats ;Vu le courrier de l'association En Chemin en date du 03 octobre 2025 d\u00e9signant un membretitulaire et un membre suppl\u00e9ant au titre du 4\u00b0\" coll\u00e8ge ;Vu le mail de l'Union Diaconale du Var en date du 16 octobre 2025 proposant \u00e0 la d\u00e9signationun membre au titre du 5\u00b0\" coll\u00e8ge ;Vu le mail de l'association L'il\u00f4t en date du 07 octobre 2025 proposant \u00e0 la d\u00e9signation unmembre au titre du 4\u00b0 coll\u00e8ge ;\n2/6\n\u00a0\n\u00a0\n\u00a0\n\u00a0\n\u00a0\n\u00a0\n\u00a0\n\u00a0\n\u00a0\n\u00a0\n\u00a0\n\u00a0\n\u00a0\nDirection d\u00e9partementale de l'emploi, du travail et des solidarit\u00e9s du Var - 83-2025-11-05-00007 - Arr\u00eat\u00e9 pr\u00e9fectoral fixant le\nrenouvellement de la COMED 2025 sign\u00e9 pr RAA 9\nVue l'absence de retour de l'Accueil Femina ;Vu le courrier de l'association La Respelido en date du 01\u00b0 octobre 2025 proposant \u00e0 lad\u00e9signation deux membres au titre du 4\u00b0\" coll\u00e8ge ;Vu le mail de l'association Itinova en date du 20 octobre 2025 proposant \u00e0 la d\u00e9signationdeux membres au titre du 4\" coll\u00e8ge ;Vu le courrier de l'association OVA en date du 15 octobre 2025 proposant \u00e0 la d\u00e9signationdeux membres au titre du 4\u00b0\" coll\u00e8ge ;Sur proposition de madame la directrice de la Direction d\u00e9partementale de l'Emploi, duTravail et des Solidarit\u00e9s,\nARRETE :Article 1\u00b0\" :La composition de la commission de m\u00e9diation du Var est fix\u00e9e comme suit :\nPr\u00e9sidente: Mme Martine RIQUELME, personnalit\u00e9 qualifi\u00e9e\n1\u00b0 Coll\u00e8ge : repr\u00e9sentant l'\u00c9tatM. le Pr\u00e9fet du Var ou son repr\u00e9sentantMme la directrice d\u00e9partementale de la Direction D\u00e9partementale de l'Emploi, duTravail et des Solidarit\u00e9s ou son repr\u00e9sentantM. le directeur d\u00e9partemental des Territoires et de la Mer ou son repr\u00e9sentant\n2\u00b0\"\u00b0 Coll\u00e8ge : repr\u00e9sentant les collectivit\u00e9s territorialesrepr\u00e9sentant le Conseil D\u00e9partemental :M. Robert BENEVENTI, conseiller d\u00e9partemental, Pr\u00e9sident de la commissionhabitat logement, titulaireMme Magali DEMIT, responsable du Service solidarit\u00e9s logement, suppl\u00e9anteMme Martine SINTES, contr\u00f4leuse du Service solidarit\u00e9s logement, suppl\u00e9anterepr\u00e9sentant les communes :Mme Christiane FOURNIER NERI, conseill\u00e8re municipale du Plan-de-la-Tour, titulaireMme Magali VINCENT, adjointe au maire du Pradet, suppl\u00e9anterepr\u00e9sentant les EPCI ayant conclu un accord intercommunal ou une conventionintercommunale d'attribution des logements sociaux :Mme Pauline BEAUFILS, charg\u00e9e de mission de la convention intercommunaled'attribution, titulaire\n3/6\n\u00a0\u2022\u2022\u2022\u27a2\u2022\u2022\u2022\u27a2\u2022\u2022\u27a2\u2022\nDirection d\u00e9partementale de l'emploi, du travail et des solidarit\u00e9s du Var - 83-2025-11-05-00007 - Arr\u00eat\u00e9 pr\u00e9fectoral fixant le\nrenouvellement de la COMED 2025 sign\u00e9 pr RAA 10\n4Mme Brigitte LANCINE, vice-pr\u00e9sidente en charge du logement \u00e0 Est\u00e9rel C\u00f4ted'Azur Agglom\u00e9ration, suppl\u00e9ante3\u00b0\" Coll\u00e8ge: repr\u00e9sentant les organismes bailleurs et les organismes charg\u00e9s de la gestiond'une structure d'h\u00e9bergement, d'un \u00e9tablissement ou d'un logement de transition, d'unlogement-foyer ou d'une r\u00e9sidence h\u00f4teli\u00e8re \u00e0 vocation socialerepr\u00e9sentant les organismes HLM :M. Bruno REGAZZONI, directeur de la gestion locative et sociale de Var habitat,titulaireMme Julie LEPERE, directrice g\u00e9n\u00e9rale adjointe charg\u00e9e de la gestion locative deToulon Habitat M\u00e9diterran\u00e9e, suppl\u00e9anterepr\u00e9sentant les organismes bailleurs priv\u00e9s :Mme Sandra DUCARME, directrice territoriale du Var chez ADOMA, titulaireMme Marie DELABARRE, directrice territoriale adjointe du Var chez ADOMA,suppl\u00e9anterepr\u00e9sentant les organismes de gestion de structure d'h\u00e9bergement :Mme Christelle COULOMB, conseill\u00e8re en \u00e9conomie sociale familiale \u00e0 l'AVAF,titulaireMme Catherine VALLE, conseill\u00e8re en \u00e9conomie sociale familiale \u00e0 l'AVAF,suppl\u00e9ante4\u00b0\" Coll\u00e8ge: repr\u00e9sentant les associations de locataires et des associations et organisationsdont l'un des objets est l'insertion ou le logement des personnes d\u00e9favoris\u00e9es, \u0153uvrant dansle d\u00e9partementrepr\u00e9sentant les associations de locataires :Mme Annie EVEILLEAU, pr\u00e9sidente de l'AFOC, titulaireM. Patrick CARMAGNOLLE, conseiller immobilier \u00e0 UFC Que Choisir, suppl\u00e9antrepr\u00e9sentant les associations agr\u00e9\u00e9es pour l'insertion ou le logement des personnesd\u00e9favoris\u00e9es :M. R\u00e9gis LEFEBVRE, administratif UDAF, titulaireMme Laure MALLET, cheffe de service \u00e0 l'ATIAM, suppl\u00e9anteMme Nathalie BRUNO, responsable du p\u00f4le logement et asile \u00e0 En Chemin, titulaireMme H\u00e9l\u00e8ne COTE, travailleuse sociale \u00e0 \u00ab En Chemin \u00bb, suppl\u00e9ante\n5\u00b0\" Coll\u00e8ge : repr\u00e9sentant les associations de d\u00e9fense des personnes en situation d'exclusion\u0153uvrant dans le d\u00e9partement et de repr\u00e9sentants d\u00e9sign\u00e9s par les instances mentionn\u00e9es \u00e0l'article L. 115-211 du code de l'action sociale et des famillesrepr\u00e9sentant les associations de d\u00e9fense des personnes en situation d'exclusion :Mme Sylvie BLANC, directrice de l'association OVA, titulaire\n4/6\n\u2022\u27a2\u2022\u2022\u27a2\u2022\u2022\u27a2\u2022\u2022\u27a2\u2022\u2022\u27a2\u2022\u2022\u2022\u2022\u27a2\u2022\nDirection d\u00e9partementale de l'emploi, du travail et des solidarit\u00e9s du Var - 83-2025-11-05-00007 - Arr\u00eat\u00e9 pr\u00e9fectoral fixant le\nrenouvellement de la COMED 2025 sign\u00e9 pr RAA 11\nMme Elodie NAJARIAN, cheffe de service de l'association OVA, suppl\u00e9anteMme Isabelle PALILLA, directrice du CHRS La Respelido, titulaireMme Justine NAUDET, \u00e9ducatrice sp\u00e9cialis\u00e9e au CHRS La Respelido suppl\u00e9anteMme Emmanuelle Bourhis, travailleuse sociale \u00e0 l'association Les amis de J\u00e9richo,titulaireMme Val\u00e9rie PEREZ, cheffe de service au CHRS Les Adrets du Var, suppl\u00e9anterepr\u00e9sentant d\u00e9sign\u00e9 par les instances mentionn\u00e9es \u00e0 l'article L115-261 du code del'action sociale et des familles : aucun membre d\u00e9sign\u00e9.\nLe service int\u00e9gr\u00e9 d'accueil et d'orientation (S.I.A.0.) est d\u00e9sign\u00e9 comme membre de lacommission, si\u00e9geant \u00e0 titre consultatif, dans le cadre de la sortie vers le logement autonome,et d'une meilleure lisibilit\u00e9 des parcours des m\u00e9nages en grande pr\u00e9carit\u00e9.\nArticle 2 :Les membres de la commission sont nomm\u00e9s pour une dur\u00e9e de trois ans \u00e0 compter du 04d\u00e9cembre 2025, soit jusqu'au 03 d\u00e9cembre 2028.\u00c0 la demande des instances qui y sont repr\u00e9sent\u00e9es, la composition de la commission peut\u00eatre modifi\u00e9e afin de tenir compte des changements intervenus dans ces structures.En cas d'absence, les membres titulaires sont suppl\u00e9\u00e9s par les membres d\u00e9sign\u00e9s \u00e0 cet effetdans le pr\u00e9sent arr\u00eat\u00e9.\nArticle 3 :La commission si\u00e8ge valablement \u00e0 la premi\u00e8re convocation si la moiti\u00e9 de ses membres sontpr\u00e9sents et, \u00e0 la seconde convocation, si un tiers des membres sont pr\u00e9sents.\nArticle 4 :La commission se prononce \u00e0 la majorit\u00e9 simple de ses membres pr\u00e9sents.Le pr\u00e9sident de la commission dispose d'une voix pr\u00e9pond\u00e9rante en cas de partage \u00e9gal desVOIX.\nArticle 5 :La commission \u00e9lit parmi ses membres un vice-pr\u00e9sident qui exerce les attributions dupr\u00e9sident en l'absence de ce dernier.Elle adopte un r\u00e8glement int\u00e9rieur fixant les r\u00e8gles de son organisation et de sonfonctionnement.\n5/6\n\u2022\u2022\u2022\u2022\u2022\u27a2\nDirection d\u00e9partementale de l'emploi, du travail et des solidarit\u00e9s du Var - 83-2025-11-05-00007 - Arr\u00eat\u00e9 pr\u00e9fectoral fixant le\nrenouvellement de la COMED 2025 sign\u00e9 pr RAA 12\nArticle 6:Le secr\u00e9tariat de la commission est assur\u00e9 par le Service \u00ab Acc\u00e9s au logement \u00bb de la DirectionD\u00e9partementale de l'Emploi, du Travail et des Solidarit\u00e9s du Var.\nArticle 7 :La directrice d\u00e9partementale de l'Emploi, du Travail et des Solidarit\u00e9s est charg\u00e9e del'ex\u00e9cution du pr\u00e9sent arr\u00eat\u00e9 qui sera publi\u00e9 au Recueil des Actes Administratifs de laPr\u00e9fecture du Var.\nFait \u00e0 Toulon, le 05 novembre 2025\nLe pr\u00e9fet du VarSign\u00e9Simon BABRE\n6/6\nDirection d\u00e9partementale de l'emploi, du travail et des solidarit\u00e9s du Var - 83-2025-11-05-00007 - Arr\u00eat\u00e9 pr\u00e9fectoral fixant le\nrenouvellement de la COMED 2025 sign\u00e9 pr RAA 13\nPr\u00e9fecture du VAR\n83-2025-11-04-00009\nARR\u00caT\u00c9 PR\u00c9FECTORAL n\u00b0 DCL/BERG/2025/0219\ndu 4 novembre 2025 portant renouvellement de\nl'habilitation dans le domaine fun\u00e9raire\nde l'entreprise individuelle de Monsieur Philippe\nVAKANAS d\u00e9nomm\u00e9e \u00ab\u00a0VPSF \u00bb sise\n5, chemin des Roches - Les Amirantes - 83110\nSANARY-SUR-MER - Habilitation N\u00b0 25-83-0029\nPr\u00e9fecture du VAR - 83-2025-11-04-00009 - ARR\u00caT\u00c9 PR\u00c9FECTORAL n\u00b0 DCL/BERG/2025/0219 du 4 novembre 2025 portant\nrenouvellement de l'habilitation dans le domaine fun\u00e9raire\nde l'entreprise individuelle de Monsieur Philippe VAKANAS d\u00e9nomm\u00e9e \u00ab\u00a0VPSF \u00bb sise\n5, chemin des Roches - Les Amirantes - 83110 SANARY-SUR-MER - Habilitation N\u00b0 25-83-0029\n14\n=mPREFETDU VARLibert\u00e9Egalit\u00e9Fraternit\u00e9\nDirection de la citoyennet\u00e9 et de la l\u00e9galit\u00e9\nBureau des \u00e9lections et de la r\u00e9glementation g\u00e9n\u00e9rale\nARR\u00caT\u00c9 PR\u00c9FECTORAL n\u00b0 DCL/BERG/2025/0219 du 4 novembre 2025\nportant renouvellement de l'habilitation dans le domaine fun\u00e9raire\nde l'entreprise individuelle de Monsieur Philippe VAKANAS d\u00e9nomm\u00e9e \u00ab VPSF \u00bb sise\n5, chemin des Roches - Les Amirantes - 83110 SANARY-SUR-MER\nHabilitation N\u00b0 25-83-0029\nLe Pr\u00e9fet du Var,\nVu le code g\u00e9n\u00e9ral des collectivit\u00e9s territoriales  et notamment ses articles L2223-23 et suivants  \nainsi que ses articles R2223-56 et suivants ;\nVu la loi n\u00b0 2008-1350 du 19 d\u00e9cembre 2008 relative \u00e0 la l\u00e9gislation fun\u00e9raire ;\nVu le d\u00e9cret du Pr\u00e9sident de la R\u00e9publique du 15 mai 2025, portant nomination de Monsieur  \nSimon BABRE, pr\u00e9fet du Var ;\nVu l'arr\u00eat\u00e9 pr\u00e9fectoral n\u00b0 2025/12/MCI du 2 juin 2025 portant d\u00e9l\u00e9gation de signature \u00e0 Monsieur  \nLucien GIUDICELLI, secr\u00e9taire g\u00e9n\u00e9ral de la pr\u00e9fecture du Var, sous-pr\u00e9fet de l'arrondissement de  \nToulon ;\nVu  l'arr\u00eat\u00e9  pr\u00e9fectoral  n\u00b0  2025/53/MCI  du  15  juillet  2025  portant  d\u00e9l\u00e9gation  de  signature  \u00e0 \nMonsieur Thibaut DARGON, directeur de la citoyennet\u00e9 et de la l\u00e9galit\u00e9 de la pr\u00e9fecture du Var ;\nVu l'arr\u00eat\u00e9 pr\u00e9fectoral n\u00b0 20-83-0029 du 22 d\u00e9cembre 2020, portant renouvellement d'habilitation \ndans le domaine fun\u00e9raire de l'entreprise individuelle de Monsieur Philippe VAKANAS d\u00e9nomm\u00e9e \n\u00ab VPSF \u00bb ;\nVu  la  demande  de  renouvellement  d'habilitation  dans  le  domaine  fun\u00e9raire formul\u00e9e  le  08 \nseptembre 2025 par Monsieur  Philippe VAKANAS , sous le nom commercial et sous l'enseigne  \n\u00ab VPSF \u00bb, situ\u00e9 au 5, chemin des Roches \u2013 Les Amirantes \u00e0 Sanary-sur-Mer (83110) ;\nConsid\u00e9rant la compl\u00e9tude du dossier ;\nSur proposition du secr\u00e9taire g\u00e9n\u00e9ral de la pr\u00e9fecture ;\n1/2\nPr\u00e9fecture du VAR - 83-2025-11-04-00009 - ARR\u00caT\u00c9 PR\u00c9FECTORAL n\u00b0 DCL/BERG/2025/0219 du 4 novembre 2025 portant\nrenouvellement de l'habilitation dans le domaine fun\u00e9raire\nde l'entreprise individuelle de Monsieur Philippe VAKANAS d\u00e9nomm\u00e9e \u00ab\u00a0VPSF \u00bb sise\n5, chemin des Roches - Les Amirantes - 83110 SANARY-SUR-MER - Habilitation N\u00b0 25-83-0029\n15\nARR\u00caTE\nArticle  1 :  L'entreprise  individuelle  de  Monsieur  Philippe  VAKANAS,  exploit\u00e9e  sous  le  nom \ncommercial  et  sous  l'enseigne  \u00ab VPSF \u00bb,  sise  5,  chemin  des  Roches  \u2013  Les  Amirantes  \u00e0\nSanary-sur-Mer (83110), est habilit\u00e9e pour exercer l'activit\u00e9 suivante :\n8 - Fourniture de personnels et des objets et prestations n\u00e9cessaires aux obs\u00e8ques, inhumations,  \nexhumations et cr\u00e9mations.\nArticle 2     : L'habilitation porte le num\u00e9ro 25-83-0029\nArticle 3     : La pr\u00e9sente habilitation prendra effet \u00e0 compter du 22 d\u00e9cembre 2025 pour une dur\u00e9e \nde cinq ans, soit jusqu'au 21 d\u00e9cembre 2030.\nPour solliciter le renouvellement de la pr\u00e9sente habilitation, le b\u00e9n\u00e9ficiaire devra faire parvenir sa  \ndemande en pr\u00e9fecture au plus tard deux mois avant sa date de fin de validit\u00e9.\nArticle 4     : Conform\u00e9ment aux articles L.2223-25 et R.2223-64, D.2223-87 du code g\u00e9n\u00e9ral des  \ncollectivit\u00e9s territoriales, et \u00e0 d\u00e9faut de la production, dans les meilleurs d\u00e9lais, des justificatifs de  \nconformit\u00e9 des \u00e9quipements, la pr\u00e9sente habilitation pourra \u00eatre suspendue pour une dur\u00e9e  \nmaximale d'un an ou retir\u00e9e, apr\u00e8s mise en demeure, pour les motifs suivants :\n- non-respect des conditions de sa d\u00e9livrance telles qu'elles sont d\u00e9finies par les dispositions du  \ncode g\u00e9n\u00e9ral des collectivit\u00e9s territoriales ;\n- non exercice ou cessation d'exercice des activit\u00e9s au titre desquelles elle a \u00e9t\u00e9 d\u00e9livr\u00e9e ;\n- atteinte \u00e0 l'ordre public ou danger pour la salubrit\u00e9 publique.\nDans les cas o\u00f9 le b\u00e9n\u00e9ficiaire est un d\u00e9l\u00e9gataire, le retrait d'habilitation entra\u00eene la d\u00e9ch\u00e9ance  \ndes d\u00e9l\u00e9gations.\nArticle 5     : Le secr\u00e9taire g\u00e9n\u00e9ral de la pr\u00e9fecture du Var est charg\u00e9 de l'ex\u00e9cution du pr\u00e9sent arr\u00eat\u00e9 \nqui sera publi\u00e9 au recueil des actes administratifs de la pr\u00e9fecture du Var et dont une copie sera  \nadress\u00e9e au maire de la commune de Sanary-sur-Mer pour information.\nFait \u00e0 Toulon, le 4 novembre 2025\nPour le pr\u00e9fet et par d\u00e9l\u00e9gation,\nLe directeur de la citoyennet\u00e9\net de la l\u00e9galit\u00e9\nSign\u00e9\nThibaut DARGON\nDans un d\u00e9lai de deux mois \u00e0 compter de la date de la notification ou de la publication du pr\u00e9sent arr\u00eat\u00e9 au recueil des actes administratifs de la \npr\u00e9fecture, les recours suivants peuvent \u00eatre introduits conform\u00e9ment aux dispositions des articles R. 421-1 et suivants du code de justice \nadministrative :\n- un recours gracieux, adress\u00e9 \u00e0 :\nM. le Pr\u00e9fet du Var - Boulevard du 112\u00e8me r\u00e9giment d'infanterie - CS 31209 - 83070 TOULON CEDEX\n- un recours hi\u00e9rarchique, adress\u00e9 au(x) ministre(s) concern\u00e9(s) ;\nDans ces deux cas, le silence de l'Administration vaut rejet implicite au terme d'un d\u00e9lai de deux mois.\nApr\u00e8s un recours gracieux ou hi\u00e9rarchique, le d\u00e9lai du recours contentieux ne court qu'\u00e0 compter du rejet explicite ou implicite de l'un de ces \nrecours.\n- un recours contentieux, en saisissant le Tribunal Administratif de Toulon : 5 rue Racine -BP 40510 - 83 041 TOULON CEDEX 9\nLe tribunal administratif peut \u00eatre saisi par l'application informatique \u00ab T\u00e9l\u00e9cours \u00bb accessible par le site internet www.telecours.fr.\n2/2\nPr\u00e9fecture du VAR - 83-2025-11-04-00009 - ARR\u00caT\u00c9 PR\u00c9FECTORAL n\u00b0 DCL/BERG/2025/0219 du 4 novembre 2025 portant\nrenouvellement de l'habilitation dans le domaine fun\u00e9raire\nde l'entreprise individuelle de Monsieur Philippe VAKANAS d\u00e9nomm\u00e9e \u00ab\u00a0VPSF \u00bb sise\n5, chemin des Roches - Les Amirantes - 83110 SANARY-SUR-MER - Habilitation N\u00b0 25-83-0029\n16\nPr\u00e9fecture du VAR\n83-2025-11-13-00004\nARR\u00caT\u00c9 PR\u00c9FECTORAL n\u00b0 DCL/BERG/2025/0222\ndu 13 novembre 2025\nportant renouvellement d'habilitation dans le\ndomaine fun\u00e9raire de la SAS\n\u00ab\u00a0ACCOMPAGNEMENT ET SERVICES\nFUN\u00c9RAIRES DU VAR\u00a0\u00bb sise 1128 Routes Des\nSelves \u00e0 SOLLI\u00c8S-VILLE (83210)\nPr\u00e9fecture du VAR - 83-2025-11-13-00004 - ARR\u00caT\u00c9 PR\u00c9FECTORAL n\u00b0 DCL/BERG/2025/0222 du 13 novembre 2025\nportant renouvellement d'habilitation dans le domaine fun\u00e9raire de la SAS \u00ab\u00a0ACCOMPAGNEMENT ET SERVICES FUN\u00c9RAIRES DU\nVAR\u00a0\u00bb sise 1128 Routes Des Selves \u00e0 SOLLI\u00c8S-VILLE (83210)\n17\n=mPREFETDU VARLibert\u00e9Egalit\u00e9Fraternit\u00e9\nDirection de la citoyennet\u00e9 et de la l\u00e9galit\u00e9\nBureau des \u00e9lections et de la r\u00e9glementation g\u00e9n\u00e9rale\nARR\u00caT\u00c9 PR\u00c9FECTORAL n\u00b0 DCL/BERG/2025/0222 du 13 novembre 2025\nportant renouvellement d'habilitation dans le domaine fun\u00e9raire\nde la SAS \u00ab ACCOMPAGNEMENT ET SERVICES FUNERAIRES DU VAR \u00bb\n1128 Routes Des Selves \u00e0 SOLLI\u00c8S-VILLE (83210)\nN\u00b0 25-83-0168\nLe Pr\u00e9fet du Var,\nVu le code g\u00e9n\u00e9ral des collectivit\u00e9s territoriales  et notamment ses articles L2223-23 et suivants  \nainsi que ses articles R2223-56 et suivants ;\nVu la loi n\u00b0 2008-1350 du 19 d\u00e9cembre 2008 relative \u00e0 la l\u00e9gislation fun\u00e9raire ;\nVu le d\u00e9cret du Pr\u00e9sident de la R\u00e9publique du 15 mai 2025, portant nomination de Monsieur  \nSimon BABRE, pr\u00e9fet du Var ;\nVu l'arr\u00eat\u00e9 pr\u00e9fectoral n\u00b0 2025/12/MCI du 2 juin 2025 portant d\u00e9l\u00e9gation de signature \u00e0 Monsieur  \nLucien GIUDICELLI, secr\u00e9taire g\u00e9n\u00e9ral de la pr\u00e9fecture du Var, sous-pr\u00e9fet de l'arrondissement de  \nToulon ;\nVu  l'arr\u00eat\u00e9  pr\u00e9fectoral  n\u00b0  2025/53/MCI  du  15  juillet  2025  portant  d\u00e9l\u00e9gation  de  signature  \u00e0 \nMonsieur Thibaut DARGON, directeur de la citoyennet\u00e9 et de la l\u00e9galit\u00e9 de la pr\u00e9fecture du Var ;\nVu l'arr\u00eat\u00e9 pr\u00e9fectoral n\u00b0DCL/BERG/2022/0025 du 22 janvier 2025 portant modification de  \nl'arr\u00eat\u00e9 DCL/BERG/2020/419 du 21 d\u00e9cembre 2020 relatif au  renouvellement d' habilitation \ndans le domaine fun\u00e9raire de l'auto-entreprise de Madame Anne GIRARD \u00e9pouse STOSSKOPF \nd\u00e9livr\u00e9 sous le n\u00b0 20-83-0168 ;\nVu la demande de renouvellement d'habilitation dans le domaine fun\u00e9raire formul\u00e9e le 22  \nseptembre  2025  par  Madame  Anne  GIRARD  \u00e9pouse  STOSSKOPF,  pr\u00e9sidente  de  la  SAS \n\u00ab ACCOMPAGNEMENT ET SERVICES FUNERAIRES DU VAR  \u00bb, situ\u00e9 au 1128 Route Des Selves  \n\u00e0 Solli\u00e8s-Ville (83210) ;\nConsid\u00e9rant la compl\u00e9tude du dossier ;\nSur proposition du secr\u00e9taire g\u00e9n\u00e9ral de la pr\u00e9fecture ;\n1/2\nPr\u00e9fecture du VAR - 83-2025-11-13-00004 - ARR\u00caT\u00c9 PR\u00c9FECTORAL n\u00b0 DCL/BERG/2025/0222 du 13 novembre 2025\nportant renouvellement d'habilitation dans le domaine fun\u00e9raire de la SAS \u00ab\u00a0ACCOMPAGNEMENT ET SERVICES FUN\u00c9RAIRES DU\nVAR\u00a0\u00bb sise 1128 Routes Des Selves \u00e0 SOLLI\u00c8S-VILLE (83210)\n18\nARR\u00caTE\nArticle 1 : L'\u00e9tablissement principal des pompes fun\u00e8bres exploit\u00e9 sous le nom commercial \nSAS \u00ab ACCOMPAGNEMENT ET SERVICES FUNERAIRES DU VAR \u00bb, sis 1128 route des Selves \u00e0 \nSolli\u00e8s-Ville (83210), et repr\u00e9sent\u00e9 par la pr\u00e9sidente Madame Anne GIRARD \u00e9pouse \nSTOSSKOPF, est habilit\u00e9 pour exercer l'activit\u00e9 suivante :\n8 - Fourniture de personnel et objets et prestations n\u00e9cessaires aux obs\u00e8ques, inhumations,  \nexhumations et cr\u00e9mations.\nArticle 2     : L'habilitation porte le num\u00e9ro 25-83-0168\nArticle 3     : La pr\u00e9sente habilitation prendra effet \u00e0 compter du 22 d\u00e9cembre 2025 pour une dur\u00e9e \nde cinq ans, soit jusqu'au 21 d\u00e9cembre 2030.\nPour solliciter le renouvellement de la pr\u00e9sente habilitation, le b\u00e9n\u00e9ficiaire devra faire parvenir sa  \ndemande en pr\u00e9fecture au plus tard deux mois avant sa date de fin de validit\u00e9.\nArticle 4     : Conform\u00e9ment aux articles L.2223-25 et R.2223-64, D.2223-87 du code g\u00e9n\u00e9ral des  \ncollectivit\u00e9s territoriales, et \u00e0 d\u00e9faut de la production, dans les meilleurs d\u00e9lais, des justificatifs de  \nconformit\u00e9 des \u00e9quipements, la pr\u00e9sente habilitation pourra \u00eatre suspendue pour une dur\u00e9e  \nmaximale d'un an ou retir\u00e9e, apr\u00e8s mise en demeure, pour les motifs suivants :\n- non-respect des conditions de sa d\u00e9livrance telles qu'elles sont d\u00e9finies par les dispositions du  \ncode g\u00e9n\u00e9ral des collectivit\u00e9s territoriales ;\n- non exercice ou cessation d'exercice des activit\u00e9s au titre desquelles elle a \u00e9t\u00e9 d\u00e9livr\u00e9e ;\n- atteinte \u00e0 l'ordre public ou danger pour la salubrit\u00e9 publique.\nDans les cas o\u00f9 le b\u00e9n\u00e9ficiaire est un d\u00e9l\u00e9gataire, le retrait d'habilitation entra\u00eene la d\u00e9ch\u00e9ance  \ndes d\u00e9l\u00e9gations.\nArticle 5     : Le secr\u00e9taire g\u00e9n\u00e9ral de la pr\u00e9fecture du Var est charg\u00e9 de l'ex\u00e9cution du pr\u00e9sent arr\u00eat\u00e9 \nqui sera publi\u00e9 au recueil des actes administratifs de la pr\u00e9fecture du Var et dont une copie sera  \nadress\u00e9e au maire de la commune de Solli\u00e8s-Ville pour information.\nFait \u00e0 Toulon, le 13 novembre 2025\nPour le pr\u00e9fet et par d\u00e9l\u00e9gation,\nLe directeur de la citoyennet\u00e9\net de la l\u00e9galit\u00e9\nSign\u00e9\nThibaut DARGON\nDans un d\u00e9lai de deux mois \u00e0 compter de la date de la notification ou de la publication du pr\u00e9sent arr\u00eat\u00e9 au recueil des actes administratifs de la pr\u00e9fecture, les recours \nsuivants peuvent \u00eatre introduits conform\u00e9ment aux dispositions des articles R. 421-1 et suivants du code de justice administrative :\n- un recours gracieux, adress\u00e9 \u00e0 :\nM. le Pr\u00e9fet du Var - Boulevard du 112\u00e8me r\u00e9giment d'infanterie - CS 31209 - 83070 TOULON CEDEX\n- un recours hi\u00e9rarchique, adress\u00e9 au(x) ministre(s) concern\u00e9(s) ;\nDans ces deux cas, le silence de l'Administration vaut rejet implicite au terme d'un d\u00e9lai de deux mois.\nApr\u00e8s un recours gracieux ou hi\u00e9rarchique, le d\u00e9lai du recours contentieux ne court qu'\u00e0 compter du rejet explicite ou implicite de l'un de ces recours.\n- un recours contentieux, en saisissant le Tribunal Administratif de Toulon : 5 rue Racine -BP 40510 - 83 041 TOULON CEDEX 9\nLe tribunal administratif peut \u00eatre saisi par l'application informatique \u00ab T\u00e9l\u00e9cours \u00bb accessible par le site internet www.telecours.fr.\n2/2\nPr\u00e9fecture du VAR - 83-2025-11-13-00004 - ARR\u00caT\u00c9 PR\u00c9FECTORAL n\u00b0 DCL/BERG/2025/0222 du 13 novembre 2025\nportant renouvellement d'habilitation dans le domaine fun\u00e9raire de la SAS \u00ab\u00a0ACCOMPAGNEMENT ET SERVICES FUN\u00c9RAIRES DU\nVAR\u00a0\u00bb sise 1128 Routes Des Selves \u00e0 SOLLI\u00c8S-VILLE (83210)\n19","date":"2025-11-13","first_seen_on":"2025-11-13T18:10:45+00:00","id":"2db7ddacebc34738c60de854c1c33a6e1ff2ad71d71e0cf658107311257d64a7","name":"RAA N\u00b0383 du 13 novembre 2025","pdf_creation_date":"2025-11-13T15:48:14+00:00","pdf_modification_date":null,"timezone":"Europe/Paris","url":"https://www.var.gouv.fr/contenu/telechargement/43537/284497/file/RAA%20N%C2%B0383%20du%2013%20novembre%202025%20(Actes%20nominatifs).pdf"}
