{"administration":"pref37","administration_name":"Pr\u00e9fecture d\u2019Indre-et-Loire","content":"INDRE-ET-LOIRE\nRECUEIL DES ACTES\nADMINISTRATIFS SP\u00c9CIAL\nN\u00b037-2026-02025\nPUBLI\u00c9 LE 12 F\u00c9VRIER 2026\nSommaire\nPr\u00e9fecture d'Indre et Loire / Service d'animation interminist\u00e9rielle des\npolitiques publiques\n37-2026-02-06-00005 - Arr\u00eat\u00e9 de composition de la commission de\nm\u00e9diation DALO (4 pages) Page 3\n2\nPr\u00e9fecture d'Indre et Loire\n37-2026-02-06-00005\nArr\u00eat\u00e9 de composition de la commission de\nm\u00e9diation DALO\nPr\u00e9fecture d'Indre et Loire - 37-2026-02-06-00005 - Arr\u00eat\u00e9 de composition de la commission de m\u00e9diation DALO 3\nARR\u00caT\u00c9 MODIFICATIF N\u00b03\nde l'arr\u00eat\u00e9 pr\u00e9fectoral du 20 juillet 2023 relatif \u00e0 la nomination des membres de la \ncommission de m\u00e9diation du d\u00e9partement d'Indre-et-Loire\nLe pr\u00e9fet d'Indre-et-Loire\nChevalier de la L\u00e9gion d'honneur\nOfficier de l'Ordre National du M\u00e9rite\nVu  le code de la construction et de l'habitation, et notamment son livre III \"dispositions g\u00e9n\u00e9rales  \nrelatives aux politiques de l'habitat\" et notamment son article L. 441-2-3\u00a0;\nVu le code des relations entre le public et l 'administration, notamment le second alin\u00e9a de son article  \nL.221-2\u00a0;\nVu l'arr\u00eat\u00e9 pr\u00e9fectoral du 20 juillet 2023 fixant la composition de la commission de m\u00e9diation d'Indre-\net-Loire\u00a0;\nVu l'arr\u00eat\u00e9 pr\u00e9fectoral modificatif n\u00b01 du 21 d\u00e9cembre 2023 modifiant la composition de la commission \nde m\u00e9diation d'Indre-et-Loire\u00a0;\nVu l'arr\u00eat\u00e9 pr\u00e9fectoral modificatif n\u00b02 du 25 f\u00e9vrier 2025 modifiant la composition de la commission de \nm\u00e9diation d'Indre-et-Loire\u00a0;\nVu le courriel en date du 13 octobre 2025 de la FICOSIL\u00a0;\nConsid\u00e9rant qu'il y a lieu de proc\u00e9der \u00e0 la mise \u00e0 jour de la repr\u00e9sentation des organisations des  \nmembres de la commission d\u00e9partementale de m\u00e9diation d'Indre-et-Loire ; \nSur proposition de Madame la Secr\u00e9taire G\u00e9n\u00e9rale Adjointe de la pr\u00e9fecture d'Indre-et-Loire\u00a0:\nARR\u00caTE\nArticle 1er\u00a0\n: L'article 3 de l'arr\u00eat\u00e9 du 20 juillet 2023 susvis\u00e9 est modifi\u00e9 comme suit\u00a0:\n15, rue Bernard Palissy\n37925 Tours Cedex 9\nT\u00e9l.\u00a0: 02 47 64 37 37\nM\u00e9l\u00a0: prefecture@indre-et-loire.gouv.fr\nwww.indre-et-loire.gouv.fr 1/4\nDirection d\u00e9partementale de \nL'emploi, du travail et des solidarit\u00e9s\nPr\u00e9fecture d'Indre et Loire - 37-2026-02-06-00005 - Arr\u00eat\u00e9 de composition de la commission de m\u00e9diation DALO 4\n1\u00b0) Au sein des repr\u00e9sentants de l'\u00c9tat, Madame Laure CHARPENTIER-GRUBER est nomm\u00e9e en qualit\u00e9  \nde suppl\u00e9ante pour la direction d\u00e9partementale des territoires\u00a0;\n2\u00b0) Au sein des repr\u00e9sentants des organismes bailleurs et des organismes charg\u00e9s de la gestion d 'une \nstructure d'h\u00e9bergement, d'un \u00e9tablissement ou d'un logement de transition, d'un logement-foyer ou  \nd'une r\u00e9sidence h\u00f4teli\u00e8re \u00e0 vocation sociale\u00a0:\n- Madame Claire BAUDRIT de l'association  FICOSIL est nomm\u00e9e en qualit\u00e9 de membre titulaire\u00a0;\n- Madame Audrey DUBUC de l'association  FICOSIL est nomm\u00e9e qualit\u00e9 de membre suppl\u00e9ante.\nArticle 2 \u00a0:  En cons\u00e9quence des d\u00e9signations figurant \u00e0 l'article 1, la composition de la commission  \nd\u00e9partementale de m\u00e9diation s'\u00e9tablit comme suit\u00a0:\n1 \u2013   un coll\u00e8ge compos\u00e9 de trois repr  \u00e9sentants des services d\u00e9concentr\u00e9s de l'\u00c9tat  :\nDirection D\u00e9partementale Des Territoires\nTitulaire\u00a0: Madame Ga\u00eblle DELAVIE\nSuppl\u00e9ant\u00a0: Madame Laure CHARPENTIER-GRUBER\nDirection D\u00e9partementale de l'Emploi, du Travail et des Solidarit\u00e9s\nTitulaire\u00a0: Madame Marielle FRETIER\nSuppl\u00e9ant\u00a0: Monsieur Renaud VIEILLERIBIERE\nTitulaire\u00a0: Madame C\u00e9line BLANCHET\nSuppl\u00e9ant\u00a0: Madame Audrey GAUTRON\n2 - un coll\u00e8ge compos\u00e9   de trois repr\u00e9sentants des collectivit\u00e9s   territoriales:  \nD\u00e9partement\nTitulaire\u00a0: Madame Pascale DEVALLEE \nSuppl\u00e9ant\u00a0:Madame Barbara DARNET-MALAQUIN \nCommunes\nTitulaire\u00a0: Madame Brigitte PINEAU   (Maire de Vouvray)\nSuppl\u00e9ant\u00a0: Monsieur Pierre ELHINGER  (Maire de Francueil)\nTours M\u00e9tropole Val de Loire \n15, rue Bernard Palissy\n37925 Tours Cedex 9\nT\u00e9l.\u00a0: 02 47 64 37 37\nM\u00e9l\u00a0: prefecture@indre-et-loire.gouv.fr\nwww.indre-et-loire.gouv.fr 2/4\nPr\u00e9fecture d'Indre et Loire - 37-2026-02-06-00005 - Arr\u00eat\u00e9 de composition de la commission de m\u00e9diation DALO 5\nTitulaire\u00a0: Madame Aude GOBLET (Vice-Pr\u00e9sidente d\u00e9l\u00e9gu\u00e9e \u00e0 la politique du logement et de l'habitat)\nSuppl\u00e9ant\u00a0:  Madame Dominique BOULOZ (Conseill\u00e8re m\u00e9tropolitaine et Conseill\u00e8re municipale de la  \nville de Jou\u00e9 Les Tours)\n3 - un coll\u00e8ge compos\u00e9 de trois repr\u00e9sentants   des organismes bailleurs, des organismes charg\u00e9s de la   \ngestion  d'une  structure  d'h\u00e9bergement,  d'un  \u00e9tablissement  ou  d'un  logement  de  transition,  d'un  \nlogement-foyer ou d'une r\u00e9sidence h\u00f4teli\u00e8re \u00e0 vocation sociale    et de repr\u00e9sentants des organismes   \nb\u00e9n\u00e9ficiant d'un agr\u00e9ment pour les activit\u00e9s de ma\u00eetrise d'ouvrage d'insertion ou d'interm\u00e9diation  \nlocative et de gestion locative  \u00a0  :  \nOrganismes H.L.M.\nTitulaire\u00a0: Madame Marie-Laure VIVIER  (Tours M\u00e9tropole Habitat)\nSuppl\u00e9ant\u00a0: Madame Anne-Laurence DATTEE (Val Touraine Habitat)\nFICOSIL\nTitulaire\u00a0: Madame Claire BAUDRIT\nSuppl\u00e9ant\u00a0: Madame Audrey DUBUC \nAssociation Jeunesse et Habitat\nTitulaire\u00a0: Madame Caroline JOVENEAUX\nSuppl\u00e9ant\u00a0: Monsieur Pierre LABRUNE \n4 \u2013  un coll\u00e8ge compos\u00e9 de trois repr\u00e9sentants  des associations de locataires et des associations et  \norganisations dont l'un des objets est l'insertion ou le logement des personnes d\u00e9favoris\u00e9es\u00a0:\nAssociations de locataires\nTitulaire\u00a0: Poste vacant (AFOC)\nSuppl\u00e9ant\u00a0: Monsieur Micka\u00ebl LORILLARD (CNL) \nADOMA\nTitulaire\u00a0: Madame Delphine AUTON\nSuppl\u00e9ant\u00a0: Madame Laure-Marie SOKENG-MINIERE\nEMERGENCE\nTitulaire\u00a0: Madame Nathalie BERTRAND\n15, rue Bernard Palissy\n37925 Tours Cedex 9\nT\u00e9l.\u00a0: 02 47 64 37 37\nM\u00e9l\u00a0: prefecture@indre-et-loire.gouv.fr\nwww.indre-et-loire.gouv.fr 3/4\nPr\u00e9fecture d'Indre et Loire - 37-2026-02-06-00005 - Arr\u00eat\u00e9 de composition de la commission de m\u00e9diation DALO 6\nSuppl\u00e9ant\u00a0: Monsieur S\u00e9kou BANGOURA\n5 \u2013 Un coll\u00e8ge compos\u00e9 de deux repr\u00e9sentants des associations de d\u00e9fense des personnes en situation  \nd'exclusion \u0153uvrant dans le d\u00e9partement et un repr\u00e9sentant d\u00e9sign\u00e9 par les instances mentionn\u00e9es \u00e0  \nl'article L. 115-2-1 du Code de l'action sociale et des familles.\nAssociation SECOURS CATHOLIQUE\nTitulaire:\u00a0  Madame Claire CURIS-TOURNIER\nSuppl\u00e9ant: Monsieur Fran\u00e7ois G\u00c2TEL\nAssociation UDAF 37\nTitulaire\u00a0: Monsieur Dominique GARNAUD\nSuppl\u00e9ant\u00a0: Madame Fabienne AUDOIN\nConseil r\u00e9gional des personnes accueillies (CRPA)\nTitulaire\u00a0: si\u00e8ge vacant\nSuppl\u00e9ant\u00a0: si\u00e8ge vacant\nA  titre  consultatif,  un  repr\u00e9sentant  de  la  personne  morale  g\u00e9rant  le  service  int\u00e9gr\u00e9  d'accueil  et  \nd'orientation dans le d\u00e9partement,  conform\u00e9ment \u00e0 l'article 44 de la loi ALUR du 24 mars 2014\u00a0:\nMonsieur Franck LAPEYRE\nMadame  Floriane SARRADE-LOUCHEUR\nArticle 3\u00a0: Le pr\u00e9sent arr\u00eat\u00e9 entre en vigueur imm\u00e9diatement \u00e0 compter de sa publication.\nArticle  4 \u00a0:  La  secr\u00e9taire  g\u00e9n\u00e9rale  adjointe  de  la  pr\u00e9fecture  d'Indre-et-Loire  et  la  directrice  \nd\u00e9partementale de l'emploi, du travail et des solidarit\u00e9s d'Indre-et-Loire sont charg\u00e9s, chacune en ce  \nqui la concerne, de l'ex\u00e9cution du pr\u00e9sent arr\u00eat\u00e9 qui sera publi\u00e9 au recueil des actes administratifs de la \npr\u00e9fecture d'Indre-et-Loire et notifi\u00e9 aux membres de la commission.\nTours, le 6 f\u00e9vrier 2026\nPour le pr\u00e9fet,\nLa secr\u00e9taire g\u00e9n\u00e9rale\nSign\u00e9\nFlorence GOUACHE\n15, rue Bernard Palissy\n37925 Tours Cedex 9\nT\u00e9l.\u00a0: 02 47 64 37 37\nM\u00e9l\u00a0: prefecture@indre-et-loire.gouv.fr\nwww.indre-et-loire.gouv.fr 4/4\nPr\u00e9fecture d'Indre et Loire - 37-2026-02-06-00005 - Arr\u00eat\u00e9 de composition de la commission de m\u00e9diation DALO 7","date":"2026-02-12","first_seen_on":"2026-02-12T09:18:15+00:00","id":"2df28150aa7d1d17ca3d99eececc1e012f6e1480d12232420055578e0f5f41cf","name":"2026.02.12 RAA sp\u00e9cial Arr\u00eat\u00e9 de composition de la commission de m\u00e9diation DALO.pdf","pdf_creation_date":"2026-02-12T08:32:27+00:00","pdf_modification_date":null,"timezone":"Europe/Paris","url":"https://www.indre-et-loire.gouv.fr/contenu/telechargement/49170/370519/file/2026.02.12%20RAA%20sp%C3%A9cial%20Arr%C3%AAt%C3%A9%20de%20composition%20de%20la%20commission%20de%20m%C3%A9diation%20DALO.pdf"}
