{"administration":"pref09","administration_name":"Pr\u00e9fecture de l\u2019Ari\u00e8ge","content":"ARI\u00c8GE\nRECUEIL DES ACTES\nADMINISTRATIFS\nN\u00b009-2025-052\nPUBLI\u00c9 LE 23 MAI 2025\nSommaire\n09 - DIRECTION DE LA CITOYENNETE ET DE LA LEGALITE / BUREAU DES\nCOLLECTIVITES LOCALES\n09-2025-05-22-00001 - Arr\u00eat\u00e9 pr\u00e9fectoral portant modification des\nstatuts de la communaut\u00e9 de communes de la Haute-Ari\u00e8ge (CCHA) (15\npages) Page 4\n09 - DIRECTION DE LA CITOYENNETE ET DE LA LEGALITE / BUREAU DES\nELECTIONS ET DE LA REGLEMENTATION\n09-2025-05-19-00002 - AP portant renouvellement agr\u00e9ment soci\u00e9t\u00e9\nFOTONA domiciliataire entreprises 190525 (2 pages) Page 19\n09-2025-05-19-00003 - Arr\u00eat\u00e9 Pr\u00e9fectoral modifiant l'arr\u00eat\u00e9\npr\u00e9fectoral du 020424 relatif \u00e0 la composition de la CDACI du\nd\u00e9partement de l'Ari\u00e8ge (4 pages) Page 21\n09 - DIRECTION DEPARTEMENTALE DES TERRITOIRES - SERVICE\nENVIRONNEMENT-RISQUES /\n09-2025-05-15-00001 - Arr\u00eat\u00e9 pr\u00e9fectoral du 15 mai 2025 relatif \u00e0\nl'ouverture et \u00e0 la cl\u00f4ture de la chasse pour la campagne 2025/2026\ndans le d\u00e9partement de l'Ari\u00e8ge (8 pages) Page 25\n09-2025-05-19-00006 - Arr\u00eat\u00e9 pr\u00e9fectoral du 19 mai 2025 fixant les\nfourchettes des plans de chasse aux grands gibiers pour la campagne de\nchasse 2025/2026 (3 pages) Page 33\n09-2025-05-19-00005 - Arr\u00eat\u00e9 pr\u00e9fectoral du 19 mai 2025 portant\nd\u00e9finition des secteurs o\u00f9 la pr\u00e9sence de la Loutre d'Europe est\nav\u00e9r\u00e9e dans le d\u00e9partement de l'Ari\u00e8ge pour la p\u00e9riode du 1er\njuillet 2025 au 30 juin 2026 (3 pages) Page 36\n09 - PREFECTURE - DIRECTION DU CABINET / PREFECTURE - SERVICE\nINTERMINISTERIEL DE DEFENSE ET DE PROTECTION CIVILES\n09-2025-05-15-00002 - Arr\u00eat\u00e9 pr\u00e9fectoral portant d\u00e9livrance du\ncertificat de comp\u00e9tence de formateur en                          \u00ab P\u00e9dagogie\nAppliqu\u00e9e \u00e0 l'Emploi de Formateurs aux Premiers Secours\nCitoyen\u00a0\u00bb (2 pages) Page 39\n09-2025-05-22-00002 - Renouvellement agrement SSIAP VARA\nPRODUCTION (2 pages) Page 41\n09 - PREFECTURE DE L'ARIEGE - DIRECTION DE LA\nCOORDINATION INTERMINISTERIELLE ET DE L'APPUI TERRITORIAL /\nBUREAU DE LA COORDINATION INTERMINISTERIELLE\n09-2025-05-21-00001 - Arr\u00eat\u00e9 d\u00e9partemental n\u00b02025-09-02 portant\nd\u00e9rogation aux interdictions de transport\nnaturalisation et d\u00e9tention\nde sp\u00e9cimens d'esp\u00e8ces animales prot\u00e9g\u00e9es au b\u00e9n\u00e9fice de\nla\nf\u00e9d\u00e9ration d\u00e9partementale des chasseurs d'Ari\u00e8ge (6 pages) Page 43\n2\n09 -DIRECTION DEPARTEMENTALE DE L' EMPLOI, DU TRAVAIL, DES\nSOLIDARITES ET DE LA PROTECTION DES POPULATIONS - SERVICE ACCES\nET RETOUR A L'EMPLOI /\n09-2025-05-23-00002 - Arr\u00eat\u00e9 agr\u00e9ment ESUS RESSOURCERIE DU\nHAUT SALAT (2 pages) Page 49\n09-2025-05-23-00001 - r\u00e9c\u00e9piss\u00e9 de d\u00e9claration d'organisme de\nservice \u00e0 la personne JOSEPH ESCURE (2 pages) Page 51\nDIRECTION DEPARTEMENTALE DE L' EMPLOI, DU TRAVAIL, DES\nSOLIDARITES ET DE LA PROTECTION DES POPULATIONS - SERVICE\nINCLUSION SOCIALE ET LUTTE CONTRE LA PAUVRETE /\n09-2025-05-19-00004 - Arr\u00eat\u00e9 pr\u00e9fectoral portant agr\u00e9ment en\nactivit\u00e9s d'interm\u00e9diation et de gestion locative sociale de la\nFondation Institut Protestant (2 pages) Page 53\n3\nbnPREFET .DE L'ARI\u00c8GELibert\u00e9Egalit\u00e9Fraternit\u00e9\nPR\u00c9FECTURE\nD irection de la citoyennet\u00e9 et de la l\u00e9galit\u00e9\nBureau des collectivit\u00e9s territoriales\nML\nArr\u00eat\u00e9 pr\u00e9fectoral portant modification des statuts\nde la communaut\u00e9 de communes de la Haute Ari\u00e8ge (CCHA)\nLe pr\u00e9fet de l'Ari\u00e8ge\nVu le code g\u00e9n\u00e9ral des collectivit\u00e9s territoriales (CGCT) et notamment les articles L 5211-17 et\nL 5211-20 ;\nVu l'arr\u00eat\u00e9 pr\u00e9fectoral en date du 27 septembre 2016 portant cr\u00e9ation de la communaut\u00e9 de\ncommunes de la Haute-Ari\u00e8ge modifi\u00e9 ; \nVu la d\u00e9lib\u00e9ration du conseil communautaire n\u00b0 2025 - 05 en date du 30 janvier 2025 approuvant\nles modifications des statuts de la CCHA suivantes :\n- article  4.3.1.2 Am\u00e9nagement,  gestion,  promotion  et  d\u00e9veloppement  des  stations  de  sport\nd'hiver et de montagne, y compris des services et \u00e9quipements qui y sont rattach\u00e9s, m\u00eame \u00e0 titre\naccessoire, ainsi que l'organisation et la gestion des secours, et adh\u00e9sion \u00e0 un syndicat mixte\ncr\u00e9\u00e9e \u00e0 cet effet :\najout  du  refuge  du  Chioula  (Drazet)  aux  stations  de sports  d'hiver  et  de  montagne  dans  la\nperspective d'int\u00e9grer cet \u00e9quipement au futur syndicat mixte des stations de montagne de\nl'Ari\u00e8ge \u00e0 cr\u00e9er prochainement ,\n-  article 4.3.1.3 Cr\u00e9ation,am\u00e9nagement et gestion d'activit\u00e9s de pleine nature / g) - Construction\net gestion des refuges de montagne :\nretrait du refuge du Chioula de la liste\n- article 4.3.2.1 Lutte contre l'incendie et les secours :\nrendre communautaires, les \u00e9quipements PFCI pr\u00e9vus dans le sch\u00e9ma intercommunal DFCI de la\nHaute-Ari\u00e8ge, tel qu'il r\u00e9sulte du rapport d'\u00e9tude des zones \u00e0 risques et des \u00e9quipements de\npr\u00e9vention et de lutte pour la d\u00e9fense des for\u00eats contre les incendies sur le territoire de la Haute-\nAri\u00e8ge, r\u00e9alis\u00e9 par l'ONF en 2021.\n- article 4.3.3.2 Gestion des activit\u00e9s p\u00e9riscolaires / a) Gestion des activit\u00e9s p\u00e9riscolaires et article\n4.3.6 Gestion du service de restauration collective / a) Construction, am\u00e9nagement, entretien et\ngestion :\najuster la r\u00e9daction des statuts pour les rendre conformes \u00e0 la r\u00e9alit\u00e9 des services assur\u00e9s par la\nCCHA\n- article 4.3.10.2  \u00c9tudes en vue de la d\u00e9finition d'une politique communautaire en mati\u00e8re de\nmobilit\u00e9s,  organisation  et  gestion  de  services  communautaires  de  mobilit\u00e9s  par\nconventionnement avec la R\u00e9gion Occitanie, en qualit\u00e9 d'Autorit\u00e9 Organisatrice des Mobilit\u00e9s\n(AOM) de second rang :\npermettre \u00e0 la CCHA de mettre en \u0153uvre les services de mobilit\u00e9s tels que :\n- organisation de services de transport \u00e0 la demande (TAD) sur l'ensemble du territoire de la\nHaute-Ari\u00e8ge\n- organisation de services de transport d'int\u00e9r\u00eat local (TIL) sur les Communes de Savignac, d'Ax\nles Thermes et sur les Communes du Donezan (Artigues, Carcani\u00e8res, Le Pla, Le Puch, Mijan\u00e8s,\nQu\u00e9rigut et Rouze). Pour les Communes du Donezan ci-avant list\u00e9es, un transport de colis et de\nm\u00e9dicaments est annex\u00e9 \u00e0 ce TIL.\n- toute action permettant le d\u00e9veloppement de l'utilisation de l'offre ferroviaire dans le cadre des\nmobilit\u00e9s\n- organisation de services de transport scolaire sur le territoire du Donezan (\u00e9l\u00e8ves maternelles,\nprimaires de l'\u00e9cole de Qu\u00e9rigut et coll\u00e9giens du coll\u00e8ge de Quillan)\n2 rue de la Pr\u00e9fecture - Pr\u00e9fet Claude - Erignac B.P . 40087 - 09007 Foix Cedex \u2013 T\u00e9l : 05 61 02 10 00\nSite internet : www.ariege.gouv.fr\n09 - DIRECTION DE LA CITOYENNETE ET DE LA LEGALITE - 09-2025-05-22-00001 - Arr\u00eat\u00e9 pr\u00e9fectoral portant modification des statuts\nde la communaut\u00e9 de communes de la Haute-Ari\u00e8ge (CCHA) 4\n- am\u00e9nagement d'aires de co-voiturage\n- organisation de services de mobilit\u00e9 partag\u00e9e et solidaire (co-voiturage, autopartage)\n- Annexe 2 Liste des itin\u00e9raires de randonn\u00e9es communautaires\najuster les itin\u00e9raires des sentiers de randonn\u00e9es d'int\u00e9r\u00eat communautaire figurant en annexe aux\nstatuts  de  la  CCHA,  afin  de  tenir  compte  de  l'\u00e9volution  des  usages  et  des  modifications\napport\u00e9es au Plan D\u00e9partemental des Itin\u00e9raires de Promenade et de Randonn\u00e9e (PDIPR).\nVu les d\u00e9lib\u00e9rations des communes membres ;\nConsid\u00e9rant que les conditions de d\u00e9lais et de majorit\u00e9 requises sont atteintes ;\nSur proposition du secr\u00e9taire g\u00e9n\u00e9ral de la pr\u00e9fecture de l'Ari\u00e8ge ;\nA R R \u00ca T E : \nArticle 1\n : \nLes statuts ainsi que la liste des acc\u00e8s aux sites de canyoning de la vall\u00e9e de Vicdessos, d\u00e9clar\u00e9s\ncommunautaires de la communaut\u00e9 de communes de la Haute-Ari\u00e8ge (annexe 1) et la liste des\nitin\u00e9raires de randonn\u00e9es communautaires (annexe 2), dans leur version actualis\u00e9e, sont joints au\npr\u00e9sent arr\u00eat\u00e9.\nArticle 2\n :\nLe pr\u00e9sent arr\u00eat\u00e9 peut faire l'objet d'un recours devant le tribunal administratif de Toulouse dans\nun d\u00e9lai de deux mois \u00e0 compter de sa publication au recueil des actes administratifs de la\npr\u00e9fecture de l'Ari\u00e8ge.\nArticle  \n   3    : \nLe  secr\u00e9taire  g\u00e9n\u00e9ral  de  la  pr\u00e9fecture  de  l'Ari\u00e8ge, le  directeur  d\u00e9partemental  des  finances\npubliques, le directeur d\u00e9partemental des territoires, le pr\u00e9sident de la CCHA, les maires des\ncommunes membres sont charg\u00e9s, chacun en ce qui le concerne, de l'ex\u00e9cution du pr\u00e9sent arr\u00eat\u00e9\nqui sera affich\u00e9 au si\u00e8ge de la CCHA et dans les collectivit\u00e9s membres.\nFait \u00e0 Foix, le 22 mai 2025\nPour le pr\u00e9fet et par d\u00e9l\u00e9gation,\nLe secr\u00e9taire g\u00e9n\u00e9ral,\nSign\u00e9 : Jean-Philippe DARGENT\n2\n09 - DIRECTION DE LA CITOYENNETE ET DE LA LEGALITE - 09-2025-05-22-00001 - Arr\u00eat\u00e9 pr\u00e9fectoral portant modification des statuts\nde la communaut\u00e9 de communes de la Haute-Ari\u00e8ge (CCHA) 5\n  COMMUNAUTE DE COMMUNES DE LA HAUTE-ARIEGE\n STATUTS APPROUVES PAR ARRETE PREFECTORAL DU 22 mai 2025\nARTICLE 1 : LA COMPOSITION   \nLa communaut\u00e9 de communes de la Haute Ari\u00e8ge, commu n\u00e9ment d\u00e9sign\u00e9e CCHA, est \ncompos\u00e9e des Communes membres suivantes :\nAlbi\u00e8s,  Appy,  Artigues,  Ascou,  Aston,  Aulos-Sinsat, Auzat,  Axiat,  Ax-Les-Thermes,  Bestiac,\nBouan,  Carcani\u00e8res,  Caychax  et  Senconac,Ch\u00e2teau-Ver dun,  Caussou,  Garanou,  Gesti\u00e8s,\nIgnaux,  Illier-Laramade,  Larcat,  Larnat,  Lassur,  Le rcoul,  Le  Pla,  Le  Puch,  Les  Cabannes,\nL'Hospitalet-Pr\u00e8s  l'Andorre,  Lordat,  Luzenac,  Mijan \u00e8s,  M\u00e9rens-les-Vals,  Montaillou,  Orgeix,\nOrlu, Orus, Prades, Pech, Perles-et-Castelet, Qu\u00e9ri gut,  Rouze, Savignac-les-Ormeaux, Siguer,\nSorgeat, Tignac, Unac, Urs, Val-De-Sos, Vaychis, V\u00e8 bre Verdun, Vernaux.\nARTICLE 2 : LA DUR\u00c9E \n  \nLa communaut\u00e9 de communes de la Haute Ari\u00e8ge est in stitu\u00e9e pour une dur\u00e9e \nillimit\u00e9e. \nARTICLE 3 : LE SI\u00c8GE DE LA COMMUNAUT\u00c9 DE COMMUNES \n  \nLe si\u00e8ge de la communaut\u00e9 de communes de la Haute A ri\u00e8ge est fix\u00e9 au 13, Route Nationale \n20 \u00e0 LUZENAC (09250).\nARTICLE 4 : LES COMP\u00c9TENCES \n  \nLa communaut\u00e9 de Communes de la Haute Ari\u00e8ge exerce  les comp\u00e9tences suivantes :\n4-1 - Comp\u00e9tences obligatoires \n4-1-1 - Am\u00e9nagement de l'espace pour la conduite d' actions communautaires \n4.1.1.1 - Cr\u00e9ation ou participation aux outils perm ettant la concr\u00e9tisation de tout am\u00e9nagement \nde       l'espace communautaire   \na) R\u00e9alisation d'\u00e9tudes pr\u00e9alables \u00e0 la concr\u00e9tisat ion de tout projet d'am\u00e9nagement de l'espace \ncommunautaire\nb) Sur le territoire d'Auzat et du Vicdessos, participation financi\u00e8re aux projets \nd'\u00e9quipements collectifs communautaires ou d\u00e9partem entaux r\u00e9alis\u00e9s pour la couverture des\nzones blanches de t\u00e9l\u00e9vision num\u00e9rique terrestre po ur le passage de la t\u00e9l\u00e9vision au tout \nnum\u00e9rique, pour les r\u00e9seaux li\u00e9s aux t\u00e9l\u00e9communicat ions et aux acc\u00e8s \u00e0 l'Internet ainsi que la \ngestion des voies d'acc\u00e8s \u00e0 ces structures\nc) Sur les territoires des Vall\u00e9es d'Ax et du Donezan, construction, entretien et gestion des \nrelais t\u00e9l\u00e9vision,\nd) Construction, entretien et gestion des am\u00e9nagements et des \u00e9quipements participant \u00e0\nl'am\u00e9lioration de l'acc\u00e8s aux r\u00e9seaux de t\u00e9l\u00e9commun ications num\u00e9riques et internet dans les\nzones  mal desservies et d\u00e9finies dans le cadre de p rogrammes d\u00e9partementaux, r\u00e9gionaux ou\nnationaux\n4.1.1.2- Actions favorisant les initiatives artisanales, les PME et les travailleurs ind\u00e9pendants\na) Intervention dans le d\u00e9veloppement du t\u00e9l\u00e9travai l sur le territoire d'Auzat et du Vicdessos\nb) Gestion de la station-service et de l'atelier m\u00e9 canique situ\u00e9s sur la commune de Les \nCabannes\nc) Mise en place d'ateliers relais sur le territoire du Donezan\n4.1.1.3 - Sch\u00e9ma de coh\u00e9rence territoriale\n4.1.1.4 - Plan Local d'Urbanisme Intercommunal (PLU i), valant Plan Local d'Habitat         \n4.1.1.5 - Elaboration d'une charte d'am\u00e9nagement du  territoire sur le territoire d'Auzat et du \nVicdessos\n4-1-2 - Actions de d\u00e9veloppement \u00e9conomique dans le s conditions pr\u00e9vues \u00e0 l'article L. \n4251-17 ; cr\u00e9ation, am\u00e9nagement, entretien et gesti on de zones d'activit\u00e9 industrielle, \ncommerciale, tertiaire, artisanale, touristique, po rtuaire ou a\u00e9roportuaire ; politique locale du \ncommerce et soutien aux activit\u00e9s commerciales d'in t\u00e9r\u00eat communautaire ; promotion du \ntourisme, dont la cr\u00e9ation d'offices de tourisme sa ns pr\u00e9judice de l'animation touristique qui est\nune comp\u00e9tence partag\u00e9e, au sens de l'article L. 11 11-4, avec les communes membres de \nl'\u00e9tablissement public de coop\u00e9ration intercommunal e \u00e0 fiscalit\u00e9 propre\n4.1.2.1 - Op\u00e9rations \u00e9conomiques valorisant les res sources naturelles et les Nouvelles \nTechnologies       d'Information et de Communication  \na) Am\u00e9nagement, entretien, maintenance et gestion d e la centrale hydro\u00e9lectrique du \nSabanech\n1\n09 - DIRECTION DE LA CITOYENNETE ET DE LA LEGALITE - 09-2025-05-22-00001 - Arr\u00eat\u00e9 pr\u00e9fectoral portant modification des statuts\nde la communaut\u00e9 de communes de la Haute-Ari\u00e8ge (CCHA) 6\nb) Projet d'usine d'eau \u00e0 implanter sur la Commune de M\u00e9rens, lieu-dit \u00abBorde de \nSaillens \u00bb \n- Cr\u00e9ation, entretien et gestion de biens et d'\u00e9qui pements permettant la fourniture \nde la ressource en eau, depuis le captage jusqu'au lieu d'implantation de la future usine.\n- Participation, en qualit\u00e9 d'actionnaire, \u00e0 une So ci\u00e9t\u00e9 Publique Locale constitu\u00e9e aux fins \nde contractualiser avec un ou plusieurs porteurs de  projet en vue de la concr\u00e9tisation de \nl'op\u00e9ration.\nc) Construction, entretien et gestion d'un \u00e9quipement de d\u00e9veloppement de pluriactivit\u00e9s \ntouristiques \u00e0 partir de la valorisation des eaux c haudes de Carcani\u00e8res\nd) Am\u00e9nagement, construction, entretien et gestion d'\u00e9quipements touristiques inclus dans\nle  p\u00e9rim\u00e8tre  du  projet  'Vall\u00e9es  ing\u00e9nieuses'  et  exp loitation  des  outils  et  produits  de\nd\u00e9veloppement touristique inscrits dans ce projet.\ne) Am\u00e9nagement et gestion d'activit\u00e9s touristiques valorisant les abords du lac de Noubals\n4.1.2.2 - Soutien aux entreprises et aux activit\u00e9s \u00e9 conomiques\na) Participation \u00e0 un dispositif de type \u00ab fonds de  mutation \u00bb et appui financier apport\u00e9 aux \nporteurs de projet qui s'inscrivent dans ce cadre\nb) Participation \u00e0 l'\u00e9laboration d'un projet de territoire au sein du Syndicat Mixte du P\u00f4le \nd'Equilibre des Territoires Ruraux (PETR)  de l'Ari\u00e8ge\nc)  Conseil,  expertise,  accompagnement,  appui  techni que  et  logistique  aupr\u00e8s  des  Communes\nMembres pour la recherche de subventions et aupr\u00e8s d'investisseurs et porteurs de projets\nen vue de l'implantation d'activit\u00e9s \u00e9conomiques\n4.1.2.3 - Cr\u00e9ation ou participation aux outils permettant la concr\u00e9tisation d'op\u00e9ration \u00e9conomiques et\ntouristiques \na)  R\u00e9alisation  d'\u00e9tudes  pr\u00e9alables  \u00e0  la  concr\u00e9tisat ion  de  tout  projet  de  d\u00e9veloppement  \u00e0\nvocation  \u00e9conomique  et  touristique,  y  compris  en  ce  qui  concerne  le  cadre  territorial  de\nrevitalisation \u00e9conomique et gestion OMPCA\nb) Etudes de r\u00e9habilitation de friches industrielles pour favoriser le d\u00e9veloppement \nd'activit\u00e9s \u00e9conomiques en r\u00e9f\u00e9rence au contrat ter ritorial de revitalisation \u00e9conomique\n4.1.2.4 - Cr\u00e9ation, am\u00e9nagement, entretien et gesti on des zones d'activit\u00e9s \u00e9conomiques -\nImplantation d'entreprises\nPour m\u00e9moire, comp\u00e9tence exerc\u00e9e actuellement pour :\na) ZA de Perles et Castelet.\nb) ZA d'Aulos et Sinsat.\nc) Zones industrielles et artisanales situ\u00e9es sur les emprises fonci\u00e8res laiss\u00e9es par Pechiney\nd) Cr\u00e9ation, am\u00e9nagement et gestion de locaux desti n\u00e9s \u00e0 l'accueil et \u00e0 l'installation \nd'entreprises \u00e0 Mijan\u00e8s\n4.1.2.5 - Politique locale du commerce et soutien aux activit\u00e9s commerciales communautaires    \n    \na) Etudes de diagnostic portant sur la dynamique de s activit\u00e9s commerciales du territoire en \nvue de la d\u00e9finition d'une politique communautaire du commerce et des activit\u00e9s commerciales\nb) Participation au dispositif de type 'FISAC' et a ppui financier apport\u00e9 aux porteurs de projet \nqui s'inscrivent dans ce cadre.\n4.1.2.6 - Promotion du tourisme\nD\u00e9finition d'une politique d'accueil et de promotio n touristique mise en \u0153uvre par un office \nde tourisme intercommunal\n4-1-3 - Aires d'accueil des gens du voyage \nCr\u00e9ation,  am\u00e9nagement,  entretien et  gestion des air es d'accueil des gens du voyage et des\nterrains  familiaux locatifs d\u00e9finis aux 1\u00b0 \u00e0 3\u00b0 du II de l'article 1 er  de la loi n\u00b0 2000-614 du 5\njuillet 2000 relative \u00e0 l'accueil et \u00e0 l'habitat de s gens du voyage\n4-1-4 - Elimination et valorisation des d\u00e9chets m\u00e9nagers e t assimil\u00e9s \nCollecte, traitement et valorisation des d\u00e9chets m\u00e9 nagers et assimil\u00e9s, y compris gestion \nde la d\u00e9chetterie cantonale du Donezan (Carcani\u00e8res )\n4-1-5 - Gestion des Milieux Aquatiques et Pr\u00e9vention des Inondations, dans les \nconditions       pr\u00e9vues \u00e0 l'article L 211-7 du Code de l'Environnem ent, \u00e0 compter du 1er Janvier   \n2018 : \n- 1\u00b0 Am\u00e9nagement d'un bassin ou d'une fraction de bas sin hydrographique ;\n- 2\u00b0 Entretien et am\u00e9nagement d'un cours d'eau, can al, lac ou plan d'eau, y compris les \nacc\u00e8s \u00e0 ce cours d'eau, \u00e0 ce canal, \u00e0 ce lac ou \u00e0 c e plan d'eau ;\n- 5\u00b0 D\u00e9fense contre les inondations et contre la me r ;\n- 8\u00b0 Protection et restauration des sites, des \u00e9cos yst\u00e8mes aquatiques et des zones humides \nainsi que des formations bois\u00e9es riveraines.\n2\n09 - DIRECTION DE LA CITOYENNETE ET DE LA LEGALITE - 09-2025-05-22-00001 - Arr\u00eat\u00e9 pr\u00e9fectoral portant modification des statuts\nde la communaut\u00e9 de communes de la Haute-Ari\u00e8ge (CCHA) 7\n4-2 \u2013 Comp\u00e9tences facultatives list\u00e9es par la Loi e t assorties de la \nd\u00e9finition de l'int\u00e9r\u00eat communautaire \n \n4-2-1 - Politique du logement et du cadre de vie communau taire \na) Cr\u00e9ation et gestion de 3 logements sociaux dans l'a ncien presbyt\u00e8re de Bouan et de 3 \nlogements sociaux au-dessus de la tr\u00e9sorerie d'Ax-l es-Thermes\nb) Sur les territoires des Vall\u00e9es d'Ax, du Donezan et  d'Auzat et du Vicdessos, \u00e9laboration\nd'un  diagnostic  habitat,  d\u00e9finition  des  objectifs  e t  principes  d'une  politique communautaire\nen  mati\u00e8re  d'habitat  (gestion  d'op\u00e9rations  contract ualis\u00e9es  de  type  OPAH,  PIG  et  autres\ndispositifs analogues)\nc) Sur le territoire d'Auzat et du Vicdessos, incitati ons financi\u00e8res aux propri\u00e9taires bailleurs \npour la r\u00e9novation de logements en compl\u00e9ments des partenaires institutionnels\nd) Cr\u00e9ation de lotissements r\u00e9sidentiels dans le cadre  du contrat territorial de \nrevitalisation \u00e9conomique d'Auzat et du Vicdessos\ne) Exercice  du  droit  de  pr\u00e9emption  urbaine  en  lieu  et  place  des  communes  dans  le  cadre\nd'actions r\u00e9sultant des \u00e9tudes men\u00e9es au sein du co ntrat territorial de revitalisation \u00e9conomique\nd'Auzat et du Vicdessos\n4.2.2 - Cr\u00e9ation, am\u00e9nagement et entretien de la voirie\n4.2.2.1 - Voirie d'acc\u00e8s aux zones d'activit\u00e9s \u00e9con omiques \na) ZA Perles et Castelet : de la RN20 \u00e0 la ZA y com pris les d\u00e9laiss\u00e9s\nb) ZA Aulos-Sinsat : de la RN20 \u00e0 la ZA\nc) Voirie d'acc\u00e8s aux anciens locaux de Pechiney \u00e0 Auzat\nd) Voirie d'acc\u00e8s \u00e0 l'entreprise MINCO implant\u00e9e \u00e0 Aston, du RD 522A au RD 520\ne) Voirie d'acc\u00e8s \u00e0 l'usine d'embouteillage d'eau d e M\u00e9rens : de la RN 20 \u00e0 l'ensemble \nindustriel\nf) Voirie \u00e0 l'usage de la Voie \u00e0 Mobilit\u00e9 active entre les communes d'Aulos-Sinsat et Verdun, \net les communes d'Urs et Garanou\n4.2.2.2 - Voirie des stations de ski\na) Parkings des stations du Chioula, de Beille et d 'Ascou-Pailh\u00e8res\nb) Voirie reliant la route du col de Pailh\u00e8res au p arking de la station de Mijan\u00e8s et parking de la \nstation\nc) Parking de la station de Goulier-Neige\nd) Extension de la route d'acc\u00e8s \u00e0 la station de Goulier-Neige, hors r\u00e9seau d\u00e9partemental et \ncommunal\n4.2.2.3 - Voirie d'acc\u00e8s aux sites touristiques \na) Parking des blocs d'escalade de Laramade\nb) Parking de Port de Lhers\nc) Parking du Ch\u00e2teau d'Usson\nd) Voirie d'acc\u00e8s au barrage de Laparan : de la fin du RD520 au barrage de Laparan\n4.2.2.4 - Autres voiries\na) Voirie d'acc\u00e8s \u00e0 la d\u00e9ch\u00e8terie de Carcani\u00e8res\nb) Construction de la route pastorale et touristique d'Andorre sur le territoire d'Auzat et du \nVicdessos\n4.2.3 - Actions sociales   d'int\u00e9r\u00eat communautaire\n4.2.3.1 - Cr\u00e9ation d'un centre intercommunal de l'a ction sociale (CIAS de la Haute-Ari\u00e8ge, ayant\npour       objet :   \na) La gestion de l'EHPAD \u00ab le Santoulis \u00bb \u00e0 Luzenac\nb) La gestion de l'EHPAD \u00ab Sauzeil \u00bb \u00e0 Vicdessos\nc) La gestion du complexe immobilier \u00e0 vocation m\u00e9dico-sociale \u00ab Le Santoulis \u00bb, \u00e0 Luzenac\n4.2.4 - D\u00e9veloppement et am\u00e9nagement sportif de l'e space d'int\u00e9r\u00eat \ncommunautaire    :\n4.2.4.1 - Construction et entretien du stade de foo tball (Francis Claret) \u00e0 Savignac\n4.2.5 - Participation \u00e0 une convention France Servi ces et d\u00e9finition des obligations\nde service public y aff\u00e9rentes en application de l' article 27-2 de la loi n\u00b0 2000-321 du 12 \navril 2000 relative aux droits des citoyens dans le urs relations avec les administrations    : \n4.2.5.1 \u2013 Maison France Service d'Ax les Thermes\n4.2.5.2 \u2013 Maison France Service de Val de Sos\n3\n09 - DIRECTION DE LA CITOYENNETE ET DE LA LEGALITE - 09-2025-05-22-00001 - Arr\u00eat\u00e9 pr\u00e9fectoral portant modification des statuts\nde la communaut\u00e9 de communes de la Haute-Ari\u00e8ge (CCHA) 8\n4.2.6 - Politique de la ville    : \n4.2.6.1 - Animation et coordination des dispositifs  locaux de pr\u00e9vention de la d\u00e9linquance\n4.2.7 - Protection et mise en valeur de l'environne ment\na) Pr\u00e9servation de la qualit\u00e9 des eaux dans le cadr e d'un SOCLE que la CCHA aura approuv\u00e9, \u00e0\ncompter du 1 er Janvier 2018, pour son p\u00e9rim\u00e8tre co mpris dans le Bassin versant de la rivi\u00e8re Ari\u00e8ge,\net dans le Bassin versant de la rivi\u00e8re Hers vif\nb) Etude et r\u00e9alisation de tout projet concernant l'am\u00e9nagement et l'\u00e9quipement de la vall\u00e9e et des\nmontagnes, en particulier aux plateaux de Soulcem e t du Labinas et des liaisons avec l'Andorre\net l'Espagne\nc) Participation au suivi de proc\u00e9dures environnementales et directives europ\u00e9ennes sur le territoire du \nDonezan\n4-3 \u2013 Comp\u00e9tences facultatives non list\u00e9es par la Loi \n4.3.1- Actions communautaires renfor\u00e7ant l'attracti vit\u00e9 du territoire\n4.3.1.1 - Actions \u00e0 vocation ludique \nEtudes de projets ludiques renfor\u00e7ant l'attractivit \u00e9 du territoire (territoire du Donezan)\n4.3.1.2 - Am\u00e9nagement, gestion, promotion et d\u00e9velo ppement des stations de sport d'hiver \net de montagne,       y compris       des services et \u00e9quipements qui y sont rattach\u00e9s      , m\u00eame \u00e0 titre   \naccessoire,       ainsi       que       l'organisation et la gestion des secours, et adh\u00e9si on \u00e0 un syndicat mixte   \ncr\u00e9\u00e9      e       \u00e0 cet effet  \n- Plateau de Beille\n- Domaine du Chioula, y compris le refuge du Chioula (Drazet)\n- Ascou-Pailh\u00e8res\n- Stades de neige du Donezan\n- Goulier neige\n4.3.1.3 - Cr\u00e9ation, am\u00e9nagement et gestion d'activi t\u00e9s de pleine nature\na) Am\u00e9nagement et entretien des acc\u00e8s :\n- aux sites de canyoning de la vall\u00e9e de Vicdessos.  Sont d\u00e9clar\u00e9s communautaires, \nles acc\u00e8s et itin\u00e9raires aux sites joints aux pr\u00e9se nts statuts (annexe 1). La comp\u00e9tence \ncommunautaire s'exerce uniquement pour permettre l' acc\u00e8s aux sites communautaires list\u00e9s en\nannexe : elle concerne donc l'entretien des itin\u00e9ra ires, c'est-\u00e0-dire et exclusivement les travaux \nr\u00e9guliers de d\u00e9broussaillage, d'\u00e9lagage et de balis age\n- aux sites d'escalade communautaires. Sont d\u00e9clar\u00e9 s communautaires, les sites qui \nseront inscrits au Plan Intercommunal d'Escalade (P IE).\n- Am\u00e9nagement et entretien d'un parking paysager au  d\u00e9part du site d'escalade du\nQui\u00e9 de Sinsat\nb) Entretien des voies d'escalade communautaires. Sont d\u00e9clar\u00e9s communautaires, les voies qui \nseront inscrites au Plan Intercommunal d'Escalade ( PIE). La comp\u00e9tence communautaire \ns'exerce :\n- pour les sites de blocs, les sites sportifs inscrits au PIE, dans le cadre d'une strat\u00e9gie de \nvalorisation et de promotion de la fili\u00e8re (communi cation, signalisation, gestion de l'acc\u00e8s et \ndu stationnement), et d'un plan d'entretien des voi es. \nLes autres sites du territoire non-inscrits au PIE ne rel\u00e8vent pas de la comp\u00e9tence \ncommunautaire\nc) Am\u00e9nagement et gestion de sites d'activit\u00e9s de pleine nature sur le territoire d'Auzat et \ndu Vicdessos :\n- parcours acrobatique en hauteur de Val de Sos\n- Via Ferrata \u00e0 Val de Sos, compris chemin d'acc\u00e8s \nd)  Entretien  des  itin\u00e9raires  de  randonn\u00e9es  p\u00e9destre s  et  VTT  communautaires.  Sont\nd\u00e9clar\u00e9s  communautaires, les itin\u00e9raires joints aux  pr\u00e9sents statuts (annexe 2). La comp\u00e9tence\ncommunautaire  s'exerce  uniquement  pour  permettre  la  pratique  de  la  randonn\u00e9e  sur  les\nitin\u00e9raires  communautaires  list\u00e9s  en  annexe  :  elle  concerne  donc  l'entretien  des  itin\u00e9raires,\nc'est-\u00e0-dire les travaux r\u00e9guliers de d\u00e9broussailla ge, d'\u00e9lagage et de balisage.\nLe traitement des abords (puits, fontaines, murette s, ...) le traitement des eaux pluviales et\ntous  autres  travaux  (s'ils  ne  conditionnent  pas  la  pratique  de  la  randonn\u00e9e)  ne  rel\u00e8vent\npas de la comp\u00e9tence communautaire.\ne)  Am\u00e9nagement,  entretien  et  gestion  d'espaces  contribuant  \u00e0  la  promotion  touristique  du\nterritoire :  aires d'accueil, d'observation, de d\u00e9t ente et de d\u00e9part de randonn\u00e9e : Orlu, Ascou,\n4\n09 - DIRECTION DE LA CITOYENNETE ET DE LA LEGALITE - 09-2025-05-22-00001 - Arr\u00eat\u00e9 pr\u00e9fectoral portant modification des statuts\nde la communaut\u00e9 de communes de la Haute-Ari\u00e8ge (CCHA) 9\nLordat,  Aston,  L'Hospitalet,  Unac,  Albi\u00e8s,  Laramade ,  territoire  communal  d'Auzat  (Lartigue,\nChalet  du  Montcalm,  Pla  de l'Isard, Marc, Massada),  domanial sur Auzat (Carla), et les aires\nd'accueil  que  la  Communaut\u00e9  de  Communes  r\u00e9alisera  \u00e0 l'avenir  sur  le  territoire  des  Vall\u00e9es\nd'Ax.\nf) D\u00e9veloppement de la station sport nature du Mont calm\ng) Construction et gestion des refuges de montagne\n- Refuge du Rulhe\n- Refuge des B\u00e9sines\n- Nouveau refuge \u00e0 cr\u00e9er sur le GRID sur le secteur du Plateau de Beille\n- Refuge de l'\u00e9tang Fourcat\nh) Participation financi\u00e8re \u00e0 la r\u00e9habilitation de cabanes d'int\u00e9r\u00eat touristique et /ou pastoral\ni) Cr\u00e9ation, am\u00e9nagement et gestion de centres et d e bases d'h\u00e9bergement sur le territoire \nd'Auzat et du Vicdessos\nj) Organisation et animation des activit\u00e9s li\u00e9es au tourisme sur le territoire d'Auzat et du \nVicdessos\nk) D\u00e9veloppement d'outils permettant l'\u00e9volution touristique du territoire sur le territoire \nd'Auzat et du Vicdessos\nl) Am\u00e9nagement et gestion d'une voie \u00e0 mobilit\u00e9 active entre les Communes d'Orlu et de \nSinsat\nm) Am\u00e9nagement et entretien d'espaces valorisant le  territoire des Vall\u00e9es d'Ax sur les abords\net d\u00e9laiss\u00e9s des ouvrages de raccordement du contou rnement routier d'Ax les Thermes - RN 20\n(zone aire de Perles et Castelet, zone \u00e9changeur no rd, zone \u00e9changeur sud)\n4.3.1.4 - Construction, am\u00e9nagement, entretien et g estion d'h\u00e9bergements touristiques \n- H\u00e9bergements collectifs :\n Saint Bernard et Montmija \u00e0 Ascou\n Tarb\u00e9sou \u00e0 Bonascre\n Mar c \u00e0 Auz at\n 13 appartements \u00e0 la r\u00e9sidence Les M\u00e9l\u00e8zes \u00e0 Prades\n Centre d'accueil de Vicdessos\n G\u00eetes de l'Orris \u00e0 Auzat\n Am\u00e9nagement des \u00e9coles publiques ferm\u00e9es en vue de leur \u00e9quipement en \ncolonies de vacances ou classes de neige\n Centre d'h\u00e9bergement 'Les Tilleuls' \u00e0 Ax les Termes\nAinsi que ceux que la communaut\u00e9 de communes r\u00e9alis era \u00e0 l'avenir sur le territoire des \nVall\u00e9es d'Ax. \n4.3.1.5 - Am\u00e9nagement, gestion, valorisation et animation du patrimoine culturel et historique\n- Restauration, entretien et valorisation touristiq ue\n Du site class\u00e9 monument historique : ch\u00e2teau de Lor dat\n De la Maison du Patrimoine \u00e0 Auzat\n De la Mine de Rancie \u00e0 Sem\n Des Orris \u00e0 sur la vall\u00e9e du Vicdessos\n De la maison des comtes de Foix \u00e0 Siguer\n De la Maison du patrimoine \u00e0 Rouze\n Du Ch\u00e2teau d'Usson\n Des Forges \u00e0 La Catalane \u00e0 Mijanes\n Du Pont Vauban \u00e0 Rouze\n Des Cairns du col de Pailh\u00e8res\n4.3.1.6 - Activit\u00e9s agricoles et pastorales\na) R\u00e9alisation de travaux d'animation pastorale sur  le territoire d'Auzat et du Vicdessos\nb) Aide et soutien aux projets d'installation et de  maintien d'agriculteurs, d'\u00e9leveurs ou d'acteurs\ndu monde rural sur le territoire d'Auzat et du Vicd essos\n4.3.2 - D\u00e9fense et valorisation des paysages et des  espaces naturels \npr\u00e9serv\u00e9s    \n4.3.2.1 - Lutte contre l'incendie et les secours\na) Cr\u00e9ation et entretien d'\u00e9quipements communautair es de protection de la for\u00eat contre les incendies \n(PFCI)\nLes \u00e9quipements PFCI pr\u00e9vus dans le sch\u00e9ma intercommunal DFCI de la Haute-Ari\u00e8ge, tel qu'il r\u00e9sulte\ndu rapport d'\u00e9tude des zones \u00e0 risques et des \u00e9quip ements de pr\u00e9vention et de lutte pour la d\u00e9fense de s\nfor\u00eats contre les incendies sur le territoire de la  Haute-Ari\u00e8ge, r\u00e9alis\u00e9 par l'ONF en 2021.\n5\n09 - DIRECTION DE LA CITOYENNETE ET DE LA LEGALITE - 09-2025-05-22-00001 - Arr\u00eat\u00e9 pr\u00e9fectoral portant modification des statuts\nde la communaut\u00e9 de communes de la Haute-Ari\u00e8ge (CCHA) 10\nb) Lutte contre l'incendie et secours : dans les co nditions fix\u00e9es au chapitre IV du titre II du livre IV de la\npremi\u00e8re  partie  du  Code  G\u00e9n\u00e9ral  des  Collectivit\u00e9s  Territoriales  sur  l'ensemble  du  territoire  de  la\nCommunaut\u00e9 de Communes de la Haute-Ari\u00e8ge \u00e0 compter  du 1er Janvier 2018\n4.3.2.2 - Protection et mise en valeur des massifs forestiers\na) Protection et mise en valeur des massifs foresti ers du Donezan \n4.3.3 - Activit\u00e9s scolaires et p\u00e9riscolaires    \n4.3.3.1 - Gestion du service des \u00e9coles pr\u00e9\u00e9l\u00e9menta ires et \u00e9l\u00e9mentaires\nSont concern\u00e9es les d\u00e9penses suivantes : \n- Fournitures scolaires\n- Mobilier (except\u00e9 jeux ext\u00e9rieurs et \u00e9quipements sportifs)\n- Subvention aux coop\u00e9ratives scolaires\n- Personnel : ATSEM, intervenants \u00e9ducation physique et sportive, m\u00e9nage\n- Charges li\u00e9es au fonctionnement :\n Eau - assainissement\n Energie - \u00e9lectricit\u00e9\n Combustible\n T\u00e9l\u00e9communications\n Fournitures de petits \u00e9quipements li\u00e9s au fonctionn ement de l'activit\u00e9 scolaire\n Frais d'affranchissement \nLes d\u00e9penses non list\u00e9es ci-dessus rel\u00e8vent de la c omp\u00e9tence des communes.\n4.3.3.2 - Gestion des activit\u00e9s p\u00e9riscolaires\na) Gestion des activit\u00e9s p\u00e9riscolaires\n- Cr\u00e9ation, am\u00e9nagement, entretien et gestion des A LAE et des ALSH\nb) Actions en direction des coll\u00e8ges\n- Gestion d'un internat dans le cadre de la mise en  \u0153uvre de la section sportive / nature du \ncoll\u00e8ge de Vicdessos\n4.3.4 - Gestion de services en direction de la jeun esse\nSur les territoires des Vall\u00e9es d'Ax, d'Auzat et du  Vicdessos et du Donezan :\na) Gestion d'ALSH juniors et adolescents\nb) Gestion de services aux adolescents : Information, animation, pr\u00e9vention, insertion, BIJ, \nclubs ados\n4.3.5 - Gestion du service des accueils pour la pet ite enfance\na) Construction, am\u00e9nagement, entretien et gestion des cr\u00e8ches et halte-garderies \n- Cr\u00e8che familiale \u00ab Croque-lune \u00bb \u00e0 Luzenac\n- Cr\u00e8che halte-garderie \u00ab Croque-soleil \u00bb \u00e0 Ax-les-Thermes\n- Cr\u00e8che halte-garderie \u00ab Espace enfance Germain Au thie \u00bb \u00e0 Les Cabannes \n- Cr\u00e8che Halte-garderie d'Auzat\n4.3.6 - Gestion du service de restauration collecti ve\na) Construction, am\u00e9nagement, entretien et gestion :\n- d'une unit\u00e9 centrale de production \u00e0 Luzenac\n- d'une cuisine centrale \u00e0 Auzat\n- d'un office de pr\u00e9paration des repas \u00e0 Qu\u00e9rigut\n- d'une cuisine relais \u00e0 Luzenac (Ehpad Le Santoulis)\n- d'une cuisine relais \u00e0 Val de Sos (Ehpad Sauzeil)\n- d'offices de remise en temp\u00e9rature\n Les Cabannes\n L u z e n a c\n S a v i g n a c\n M \u00e9 r e n s\n L'Hospitalet-pr\u00e8s-l'Andorre\n Orlu\n Ax  mat er nel le\n Qu\u00e9rigut\n6\n09 - DIRECTION DE LA CITOYENNETE ET DE LA LEGALITE - 09-2025-05-22-00001 - Arr\u00eat\u00e9 pr\u00e9fectoral portant modification des statuts\nde la communaut\u00e9 de communes de la Haute-Ari\u00e8ge (CCHA) 11\n Centre de loisirs d'Auzat\n Centre d'accueil \u00e0 Vicdessos\nb) Sur le territoire des Vall\u00e9es d'Ax, fourniture de r epas au b\u00e9n\u00e9fice d'organismes, d'entreprises et\nde  personnes  priv\u00e9es  dans  le  prolongement  de  la  com p\u00e9tence  exerc\u00e9e  en  mati\u00e8re  de\nrestauration collective dont elle constitue un acce ssoire\n4.3.7 - Activit\u00e9s sportives, culturelles et artisti ques\na) D\u00e9veloppement d'activit\u00e9s sportives, culturelles  et artistiques sur le territoire d'Auzat et du\nVicdessos\nb)  Sur  le  territoire  des  Vall\u00e9es  d'Ax,  soutien  financier  en  direction  des  associations\nintercommunales \u0153uvrant dans le domaine de la cultu re, du sport, des personnes \u00e2g\u00e9es, de la\njeunesse, de la protection des biens et des personn es. Seront retenues au titre de ces associations\ncelles qui d\u00e9passent  le cadre  communal  (l'associati on  devra  attester  d'un  nombre  d'adh\u00e9rents\next\u00e9rieurs \u00e0 la commune si\u00e8ge).\n4.3.8 - Equipements et services accessibles au publ ic\na) Construction d'une tr\u00e9sorerie \u00e0 Ax-les-Thermes\nb) Construction, animation et gestion du r\u00e9seau de Lecture communautaire\n- Biblioth\u00e8que centrale \u00e0 Ax-les-Thermes, Points Le cture \u00e0 Luzenac et Les Cabannes\n- Actions et animation du r\u00e9seau de Lecture sur le territoire du Donezan\n- Un point lecture sur le territoire d'Auzat et du Vicdessos\nc) Am\u00e9nagement et exploitation de l'a\u00e9rodrome d'Int \u00e9r\u00eat D\u00e9partemental de Pamiers-les-Pujols et \nautorisation d'adh\u00e9rer au syndicat mixte constitu\u00e9 \u00e0 cet effet\n4.3.9 - Autres op\u00e9rations particuli\u00e8res\n4.3.9.1- Pr\u00e9vention en mati\u00e8re de s\u00e9curit\u00e9 routi\u00e8re  dans les conditions d\u00e9finies au contrat local       de       s\u00e9curit\u00e9   \nsur le territoire des Vall\u00e9es d'Ax\n4.3.9.2 - Organisation d'\u00e9v\u00e9nementiels sur le terri toire d'Auzat et du Vicdessos\n4.3.9.3 - Elaboration d'un sch\u00e9ma d'informatisation  \u00e0 destination des administrations et des usagers \net       acquisition des \u00e9quipements n\u00e9cessaires sur le terr itoire du Donezan   \n4.3.9.4 - Services \u00e0 la personne \u2013 Solidarit\u00e9s - Sa nt\u00e9\na) Gestion d'un Centre Local d'Information et de Co ordination en G\u00e9rontologie (CLIC de la Haute \nAri\u00e8ge)\nb) Gestion d'un service de portage de repas \u00e0 domic ile\nc) Gestion de services en faveur du maintien \u00e0 domi cile\nd) Construction, am\u00e9nagement et entretien d'un cent re local d'action sociale \u00e0 Luzenac\ne) R\u00e9alisation et gestion d'infrastructures \u00e0 desti nation de projets m\u00e9dico-sociaux ou de sant\u00e9 \npluridisciplinaires \n- Maisons de sant\u00e9 Ax-les-Thermes, Vicdessos\n- Cabinet m\u00e9dical et parapharmacie \u00e0 Qu\u00e9rigut\n- Cr\u00e9ation, am\u00e9nagement et gestion de centres de sant\u00e9, y compris cr\u00e9ation et \nadh\u00e9sion \u00e0 un Groupement d'Int\u00e9r\u00eat Public (GIP), cr \u00e9\u00e9 \u00e0 cet effet\n4.3.10 \u2013 Mobilit\u00e9s \u2013 Transports\n4.3.10.1\u2013 La Communaut\u00e9 de Communes de la Haute-Ari \u00e8ge n'est pas Autorit\u00e9 Organisatrice des Mobilit\u00e9s \n(AOM). \n4.3.10.2 \u2013 Etudes en vue de la d\u00e9finition d'une pol itique communautaire en mati\u00e8re de mobilit\u00e9s, organ isation\net gestion de services communautaires de mobilit\u00e9s par conventionnement avec la R\u00e9gion Occitanie, en \nq       ualit\u00e9 d'Autorit\u00e9 Organisatrice des Mobilit\u00e9s 'AOM)  de second rang.  \nServices et actions de mobilit\u00e9 :\n- Organisation de services de transport \u00e0 la demande (TAD) sur l'ensemble du territoire de la Haute-\nAri\u00e8ge\n- Organisation de services de transport d'int\u00e9r\u00eat local (TIL) sur les Communes de Savignac, d'Ax les \nThermes et sur les Communes du Donezan (Artigues, Carcani\u00e8res, Le Pla, Le Puch, Mijan\u00e8s, Qu\u00e9rigut et \nRouze). Pour les Communes du Donezan ci-avant list\u00e9es, un transport de colis et de m\u00e9dicaments est annex\u00e9 \u00e0\nce TIL.  \n7\n09 - DIRECTION DE LA CITOYENNETE ET DE LA LEGALITE - 09-2025-05-22-00001 - Arr\u00eat\u00e9 pr\u00e9fectoral portant modification des statuts\nde la communaut\u00e9 de communes de la Haute-Ari\u00e8ge (CCHA) 12\n- Toute action permettant le d\u00e9veloppement de l'utilisation de l'offre ferroviaire dans le cadre des \nmobilit\u00e9s\n- Organisation de services de transport scolaire sur le territoire du Donezan (\u00e9l\u00e8ves maternelles, \nprimaires de l'\u00e9cole de Qu\u00e9rigut et coll\u00e9giens du coll\u00e8ge de Quillan)\n- Am\u00e9nagement d'aires de co-voiturage\n- Organisation de services de mobilit\u00e9 partag\u00e9e et solidaire\n \n4.3.10.3 - Gestion du service accompagnement transp ort scolaire\nARTICLE 5 : AUT  RES MODALIT\u00c9S D'INTERVENTIONS COMMUNAUTAIRES       \n- La communaut\u00e9 de communes peut attribuer des fond s de concours aux communes membres afin\nde  contribuer \u00e0 la r\u00e9alisation ou au fonctionnement  d'\u00e9quipements d'int\u00e9r\u00eat  commun,  dans les\nconditions fix\u00e9es dans le r\u00e8glement adopt\u00e9 \u00e0 cet ef fet.\n- En vertu des dispositions de l'article L. 5211-56  du CGCT, les prestations de services assur\u00e9es par\nla  communaut\u00e9  de  communes  pour  le  compte  de  ses  com munes  membres,  d'autres\ncollectivit\u00e9s territoriales ou d'autres EPCI seront  retrac\u00e9es dans un budget annexe.\nPour des communes non-membres cette habilitation ne  peut porter que sur des interventions \nr\u00e9alis\u00e9es en cas de carence de l'initiative priv\u00e9e.\nLes interventions r\u00e9alis\u00e9es au titre de ces prestations donneront lieu \u00e0 convention entre \nla Communaut\u00e9 de Communes et l'organisme et les tie rs concern\u00e9s.\nCe  budget  annexe  pr\u00e9sentera  les  d\u00e9penses  aff\u00e9rentes  \u00e0  ces  prestations  de  service,  et\ncomprendra les  recettes correspondant  au produit  de s  redevances  ou taxes  correspondant  au\nservice assur\u00e9, et les contributions de la collecti vit\u00e9 ou de l'\u00e9tablissement au b\u00e9n\u00e9fice duquel la\nprestation est assur\u00e9e.\nCes prestations de services pourront \u00eatre conclues pour toute op\u00e9ration d'int\u00e9r\u00eat communal, d\u00e8s \nlors qu'elles rel\u00e8vent des comp\u00e9tences de La commun aut\u00e9 de communes.\nComme le pr\u00e9voit l'article L.5211.56 pr\u00e9cit\u00e9, ces d ispositions ne s'appliquent pas \u00e0 la r\u00e9alisation\nd'un  investissement  pour  le  compte  d'une  collectivi t\u00e9  ou  d'un  autre  EPCI  qui  est  retrac\u00e9e\nbudg\u00e9tairement et comptablement comme op\u00e9ration sou s mandat.\nDans  ce  cas,  la  Communaut\u00e9  de  Communes  qui  assure  l a  r\u00e9alisation  simultan\u00e9e\nd'investissements  de  m\u00eame  nature  pour  le  compte  de  plusieurs  collectivit\u00e9s  ou  EPCI,  peut\npasser un seul march\u00e9 public dans le cadre de la lo i MOP.\n- La communaut\u00e9 de communes pourra intervenir hors p\u00e9rim\u00e8tre sous r\u00e9serve d'une convention \nde mandat.\n- La communaut\u00e9 de communes pourra intervenir pour cr\u00e9er et g\u00e9rer des groupements de commandes \navec ses Communes membres. Dans ce cas et en vertu de l'article L 52211-4-4 du CGCT, et \nind\u00e9pendamment des fonctions de coordonnateur du gr oupement de commandes et quelques soient les \ncomp\u00e9tences qui lui ont \u00e9t\u00e9 transf\u00e9r\u00e9es, la communa ut\u00e9 de communes pourra mener tout ou partie de la\nproc\u00e9dure de passation et pourra ex\u00e9cuter un ou plu sieurs march\u00e9s publics au nom et pour le compte \ndes membres du groupement.\nARTICLE 6 : LE CONSEIL COMMUNAUTAIRE \n  \nLe  conseil  se  r\u00e9unit  au  moins  une  fois  par  trimestre.  Le  pr\u00e9sident  peut  convoquer  le  conseil\nchaque fois qu'il le juge utile. Le pr\u00e9sident est o blig\u00e9 de convoquer le conseil \u00e0 la demande du\ntiers au moins des d\u00e9l\u00e9gu\u00e9s du conseil.\nLa dur\u00e9e du mandat des membres du conseil correspond \u00e0 celle du mandat municipal.\nARTICLE 7 : LE BUREAU COMMUNAUTAIRE \n  \nLe conseil \u00e9lit parmi ses membres un bureau compos\u00e9  d'un pr\u00e9sident, de vice-pr\u00e9sidents et \nde membres.\nDans le cadre de la loi, le conseil communautaire peut d\u00e9l\u00e9guer le r\u00e8glement de certaines \naffaires au bureau communautaire.\nARTICLE 8 : LE PR\u00c9SIDENT \n  \nIl est l'organe ex\u00e9cutif de l'\u00e9tablissement public de coop\u00e9ration intercommunale. Il pr\u00e9pare et \nex\u00e9cute les d\u00e9lib\u00e9rations du Conseil.\n8\n09 - DIRECTION DE LA CITOYENNETE ET DE LA LEGALITE - 09-2025-05-22-00001 - Arr\u00eat\u00e9 pr\u00e9fectoral portant modification des statuts\nde la communaut\u00e9 de communes de la Haute-Ari\u00e8ge (CCHA) 13\nIl est seul charg\u00e9 de l'administration, mais il peu t d\u00e9l\u00e9guer par arr\u00eat\u00e9, sous sa surveillance et \nsa responsabilit\u00e9, l'exercice d'une partie de ses f onctions aux vice-pr\u00e9sidents.\nDans le cadre de la loi, le conseil communautaire p eut d\u00e9l\u00e9guer le r\u00e8glement de certaines affaires\nau Pr\u00e9sident.\nARTICLE 9 : LES RESSOURCES DE LA COMMUNAUT\u00c9 DE COMMUNES \n  \nLes ressources de la communaut\u00e9 de communes de la H aute Ari\u00e8ge comprennent :\n1) les ressources fiscales per\u00e7ues directement par la communaut\u00e9 de communes,\n2) le produit des taxes, redevances et contributions d irectes qu'elle est habilit\u00e9e \u00e0 percevoir,\n3) les contributions \u00e9ventuelles des communes,\n4) le revenu des biens meubles et immeubles,\n5) les subventions,\n6) les produits des dons et legs,\n7) les sommes qu'elle re\u00e7oit des administrations, des associations et des particuliers en \n\u00e9change de services rendus.\nVu pour \u00eatre annex\u00e9 \u00e0 mon arr\u00eat\u00e9 en date de ce \njour\nFoix le : 22 mai 2025\nPour le pr\u00e9fet et par d\u00e9l\u00e9gation,\nLe secr\u00e9taire g\u00e9n\u00e9ral,\nSign\u00e9 : Jean-Philippe DARGENT\n9\n09 - DIRECTION DE LA CITOYENNETE ET DE LA LEGALITE - 09-2025-05-22-00001 - Arr\u00eat\u00e9 pr\u00e9fectoral portant modification des statuts\nde la communaut\u00e9 de communes de la Haute-Ari\u00e8ge (CCHA) 14\nAnnexe 1\nLISTE DES ACC\u00c8S AUX SITES DE CANYONING DE LA VALL\u00c9E DE VICDESSOS, D\u00c9CLAR\u00c9S\nCOMMUNAUTAIRES LES ACCES AUX SITES SUIVANTS  \nCanyon de L'Artigue amont et aval (depuis parking de l'Artigue)\nCanyon de Subra (depuis parking des chalets du Montcalm)\nCanyon de Belcaire amont et aval (depuis parking de R\u00e9moul, hameau au-dessus de L'Artigue)\nCanyon de Marc (depuis parking de Marc)\nCanyon d'Argansou amont et aval (depuis parking de Hourre)\nCanyon de Saleix (depuis parking de Saleix) \nCascade des Cabres (au bord de la RD, descend de Sem)\nCanyon de Gnioure (depuis parking de Bouychet) \nCanyon de l'Escales (depuis parking de Bouychet)\nCanyon d'Estats amont et aval (depuis le refuge du Pinet)\nRandonn\u00e9e aquatique pont de Gers\n09 - DIRECTION DE LA CITOYENNETE ET DE LA LEGALITE - 09-2025-05-22-00001 - Arr\u00eat\u00e9 pr\u00e9fectoral portant modification des statuts\nde la communaut\u00e9 de communes de la Haute-Ari\u00e8ge (CCHA) 15\nAnnexe 2\nLISTE DES ITINERAIRES DE RANDONNEE COMMUNAUTAIRES  \nTERRITOIRE DES VALLEES D'AX :\n- la portion de grande randonn\u00e9e GRID traversant le s vall\u00e9es d'Ax, r\u00e9f\u00e9renc\u00e9 dans le topoguide \n1090 de ta FFRando,\n- la portion de grande randonn\u00e9e GR107 traversant les vall\u00e9es d'Ax, avec ses variantes GR107c et \nGR107V, r\u00e9f\u00e9renc\u00e9 dans le topoguide 1097 de la FFRa ndo\n- la portion de grande randonn\u00e9e GR7 traversant les vall\u00e9es d'Ax, avec sa variante GR7B (pas \nde topoguide),\n- la portion de grande randonn\u00e9e GR Transfrontalier traversant les vall\u00e9es d'Ax, r\u00e9f\u00e9renc\u00e9 dans le\ntopoguide-1098 de la FFRando\n- la grande randonn\u00e9e de pays Tour des Montagnes d'Ax,\n- la grande randonn\u00e9e de pays Tour des P\u00e9rics\n- les itin\u00e9raires num\u00e9rot\u00e9s de 1 \u00e0 23 et r\u00e9f\u00e9renc\u00e9s dans le topoguide d'un village \u00e0 l'autre, except\u00e9 \nla mont\u00e9e 1\u00e8re Bazerque-plateau de Bonascre (r\u00e9serv \u00e9e \u00e0 la pratique VTT de descente de la station\nselon arr\u00eat\u00e9 municipal d'Ax)\n- les itin\u00e9raires intitul\u00e9s Piparlan, Toudous et sa variante, r\u00e9f\u00e9renc\u00e9s dans le topoguide d'un \nvillage \u00e0 l'autre,\n- les itin\u00e9raires num\u00e9rot\u00e9s de 24 \u00e0 43 et r\u00e9f\u00e9renc\u00e9s dans le topoguide Lacs et Torrents,\n- les itin\u00e9raires de VTT num\u00e9rot\u00e9s de 1 \u00e0 21 et r\u00e9f \u00e9renc\u00e9s dans le topoguide Espace VTT-\nFFC Vall\u00e9es d'Ax,\n- la portion de la Grande Travers\u00e9e de l'Ari\u00e8ge \u00e0 VTT traversant les Vall\u00e9es d'Ax, r\u00e9f\u00e9renc\u00e9 dans \nle topoguide Grande Travers\u00e9e Ari\u00e8ge-Pyr\u00e9n\u00e9es \u00e9diti ons Chamina,\n- l'itin\u00e9raire en rive gauche de l'Ori\u00e8ge entre le Fanguil et les Forges d'Orlu,\n- les itin\u00e9raires balis\u00e9s inscrits au Plan D\u00e9partem ental de la Randonn\u00e9e mais non r\u00e9f\u00e9renc\u00e9s \ndans des topoguides :\n- itin\u00e9raire reliant le signal du Chioula et Tignac ,\n- piste reliant le col du Chioula au signal du Chio ula,\n- itin\u00e9raire (piste foresti\u00e8re) entre Goulours et l e parking de la Dent d'Orlu (commune \nd'Ascou)\n09 - DIRECTION DE LA CITOYENNETE ET DE LA LEGALITE - 09-2025-05-22-00001 - Arr\u00eat\u00e9 pr\u00e9fectoral portant modification des statuts\nde la communaut\u00e9 de communes de la Haute-Ari\u00e8ge (CCHA) 16\nTERRITOIRE D'AUZAT ET DU VICDESSOS :\nNOM ITINERAIRE\nAuzat -Ch\u00e2teau d'Olbier - Goulier\nVicdessos-Goulier\nBoucle Auzat-Saleix\nSem Vicdessos\nSem-Vicdessos (dolmen-cascade-d\u00e9p\u00f4t munition)\nVicdessos-Orus\nVicdessos-Camplong-Illier\nVicdessos-Chapelle-Sentenac\nSentenac-Orus-Illier-Lap\u00e8ge (jusqu'\u00e0 la limite communale de Lap\u00e8ge)\nAuzat-Ensem-Ourre-Escales-Marc\nGoulier-Rizoul-Sem\nMarc-Mou nicou-Carafa\nPort de Lers-Bernadouze-Match\u00e9\nPort de Lers-La Ganioule-Suc\nMarc-Lartigue-Passerelle 1400\nParking Lartigue-Cascade-chemin Fontanal-chalet du Montcalm\nSaleix-col de la Crouzette-cr\u00eate de B\u00e8ge\nMarc-Mounicou-Prunadi\u00e8re-Arti\u00e8s-Pradi\u00e8res+acqueduc\nSem-Grail-colde Lercoul-Ste Tanoque-Lercoul\nGoulier-Rizoul-Piste Esqu\u00e9rus-Grail\nSiguer-Lercoul\u2022\nSiguer-Gesties\nGesties-Chapelle-Bois de Nayan (jusqu'\u00e0 la limite communale de Capoulet)\nGesti\u00e8s-col de Gamet\nCol de Gamel-Pla de Montcamp-col de Sasc\nGesti\u00e8s-Peyriguel\nBouychet-Passerelle la Peyre\nGoulier-Chemin horizontal-Coumasse grande\nSt\u00e8le-Fontaine Brosquet-Goulier neige\nMarc-AcqueducGR10 Bassi\u00e8s (fontaine)\nPradi\u00e8res-Chemin Izourt (Coumasse grande)\nPradi\u00e8res-Etang Izourt\nPasserelle 1400-verrou Belcaire-verrou Mespelat\nBarrage Soulcem-ruisseau Picot\nRuisseau Siour\u00e9-Laramade\nGesti\u00e8s-Pic du midi de Siguer-Brouquenat-Port de Siguer\nBouychet-Etang de Gnioure-refuge du Fourcat\nMarc-Ciraras-bois Mourillon\nPasserelle 1400-Montestaure\nSentier de la Porta del Cel entre Montestaure et le refuge du Pinet\nPasserelle 1400-Pique Rouge de Bassi\u00e8s\nBoucle refuge de Bassi\u00e8s-Pique rouge de Bassi\u00e8s par les Etangs Lavants\nBoucle Pic des 3 Seigneurs par Etang d'Arbu\nEtangs Picots\nBoucle Pics de Caraussans et de Cabayrou-Port du Rat\n  Acc\u00e8s Montcalm et Pic Estats depuis GRT\nBoucle Etang Sourd\nBoucle des Etangs de Lagardelle\n09 - DIRECTION DE LA CITOYENNETE ET DE LA LEGALITE - 09-2025-05-22-00001 - Arr\u00eat\u00e9 pr\u00e9fectoral portant modification des statuts\nde la communaut\u00e9 de communes de la Haute-Ari\u00e8ge (CCHA) 17\nNOM ITINERAIRE\nBoucle des Etang Roumazet-Etang Soucarane-Mont\u00e9e port de Roumazet-Port de Bouet par Pic de la Rouge\nBoucle M\u00e9decourbe-Port de Bouet\nLercoul-Col de Grail-Pic du Garbier-Pic Sarrasi\nPic Sarrasi-Pique d'Endron\nRefuge Fourcat-Pic de Tristagne\nRefuge Fourcat-Etangs Petsiguer\nEtangs Redouneilles\nPic Malcaras\nLa portion de grande randonn\u00e9e GR10 et ses variante s traversant le Vicdessos r\u00e9f\u00e9renc\u00e9 dans le topogui de 1090 de la \nFFR\nLa portion de grande randonn\u00e9e GR Transfrontalier traversant le Vicdessos r\u00e9f\u00e9renc\u00e9 dans le topoguide 1 098 \nFFRando\nLa grande randonn\u00e9e de Pays Tour des 3 Seigneurs\nTERRITOIRE DU DONEZAN :\nNOM ITINERAIRE RANDONNEE\nTour de Montferra nt\nFont d'Argent\nLa Bruyante\nChalet des Hares\nPlaine d'Artigues\nTour des barrages\nBoucle du ch\u00e2teau\nMas d'Amcorps-Argentinousse\nCampagna\nTour des villages\nCol de Sira\nEtang Qu\u00e9rigut - Roc de l'hermite\nPic de Tarb\u00e9sou\nEtangs de Rabassoles - Pic de Tarb\u00e9sou\nEtang du Laurenti\nEtang de Balbonne\nEtang Estagnet - Pic Llauses\nEtangs Camisette - Pic Camisette\nRoc Blanc.\nPortion de grande randonn\u00e9e GR7 traversant le Donez an avec ses variantes GR7A et GR7B (pas de topoguid e)\nLa grande randonn\u00e9e de Tour de Pays Tour du Donezan\nNOM ITINERAIRE VTT\nLes hauts plateaux\nBac d'Aude\nLa Fondue\nChemin royal\nPailh\u00e8res\nSentier botanique\n09 - DIRECTION DE LA CITOYENNETE ET DE LA LEGALITE - 09-2025-05-22-00001 - Arr\u00eat\u00e9 pr\u00e9fectoral portant modification des statuts\nde la communaut\u00e9 de communes de la Haute-Ari\u00e8ge (CCHA) 18\nEsPREFET |DE L'ARI\u00c8GELibert\u00e9Egalit\u00e9Fraternit\u00e9\nPR\u00c9FECTUREDirection de la citoyennet\u00e9 et de la l\u00e9galit\u00e9Bureau des \u00e9lections et de la r\u00e9glementationAffaire suivie par Pascale RIBATT\u00e9l : 05.61.0210.41Courriel : pref-reglementation@ariege.gouv.fr\nFoix, le 19 MAI 20254\nArr\u00eat\u00e9 pr\u00e9fectoral portant renouvellement de l'agr\u00e9ment de la soci\u00e9t\u00e9 FOTONAen qualit\u00e9 de domiciliataire d'entreprises pour sa succursale FOTONA succursale France\nVu le code de commerce, notamment ses articles L123-11-3 et suivants R123-166-1 etsuivants ;Vu le code mon\u00e9taire et financier, notamment ses articles L.561-37 \u00e0 L.561-43 ;Vu l'ordonnance n\u00b0 2009-104 du 30 janvier 2009 relative \u00e0 la pr\u00e9vention de l'utilisationdu syst\u00e8me financier aux fins de blanchiment de capitaux et de financement duterrorisme, notamment ses articles 9 et 20;Vu le d\u00e9cret n\u00b0 2009-1695 du 30 d\u00e9cembre 2009 relatif \u00e0 l'agr\u00e9ment des domiciliatairesd'entreprises soumises \u00e0 immatriculation au registre du commerce et des soci\u00e9t\u00e9sOU au r\u00e9pertoire des m\u00e9tiers ;Vu la circulaire du ministre de l'int\u00e9rieur NOR 10CA1007023C du 11 mars 2010 relativeaux conditions d'agr\u00e9ment des entreprises fournissant une domiciliation juridique \u00e0des personnes physiques ou morales immatricul\u00e9es au registre du commerce et dessoci\u00e9t\u00e9s ;Vu l'arr\u00eat\u00e9 pr\u00e9fectoral du 12 avril 2019 portant renouvellement de l'agr\u00e9ment de lasoci\u00e9t\u00e9 FOTONA en qualit\u00e9 de domiciliataire d'entreprises pour sa succursaleFOTONA succursale France ;Vu la demande pr\u00e9sent\u00e9e le 7 avril 2025 par Monsieur Santiago ERASO OSES, pr\u00e9sidentpour la succursale France, situ\u00e9e ZA Les Pign\u00e8s a Maz\u00e8res (09270) ;Consid\u00e9rant les r\u00e9sultats de l'instruction ;Sur proposition du secr\u00e9taire g\u00e9n\u00e9ral de la pr\u00e9fecture de l'Ari\u00e8ge :ARR\u00caTEArticle 1 :La soci\u00e9t\u00e9 FOTONA, repr\u00e9sent\u00e9e par M. Santiago ERASO OSES, pr\u00e9sident directeurg\u00e9n\u00e9ral, situ\u00e9e 22 rue Romana \u00e0 31390 OLITE (Espagne), est autoris\u00e9e \u00e0 exercerl'activit\u00e9 de domiciliation d'entreprises pour sa succursale fran\u00e7aise, FOTONAsuccursale France, situ\u00e9e 28 ZA les Pign\u00e8s \u00e0 Maz\u00e8res (09270).\n2 rue de la Pr\u00e9fecture - Pr\u00e9fet Claude - Erignac B.P. 40087 - 09007 Foix Cedex - T\u00e9l : 05 61 02 10 00Site internet : www.ariege.gouv.fr\n09 - DIRECTION DE LA CITOYENNETE ET DE LA LEGALITE - 09-2025-05-19-00002 - AP portant renouvellement agr\u00e9ment soci\u00e9t\u00e9\nFOTONA domiciliataire entreprises 190525 19\nArticle 2:Le pr\u00e9sent agr\u00e9ment est d\u00e9livr\u00e9 pour une dur\u00e9e de 6 ans a compter de sa notification.Article 3 :Tout changement substantiel dans l'activit\u00e9, l'organisation, les repr\u00e9sentants l\u00e9gaux dela soci\u00e9t\u00e9 sera port\u00e9 \u00e0 la connaissance du pr\u00e9fet de l'ArI\u00e8gE dans un d\u00e9lai de deuxmois.\nArticle 4:L'agr\u00e9ment peut \u00eatre suspendu pour une dur\u00e9e de six mois au plus ou retir\u00e9 par lepr\u00e9fet de l'Ari\u00e8ge d\u00e8s lors que la soci\u00e9t\u00e9 FOTONA ne remplit plus les conditionspr\u00e9vues par le code de commerce ou n'a pas effectu\u00e9 la d\u00e9claration de changementssubstantiels intervenus au sein de la collectivit\u00e9.Article 5 :Le pr\u00e9sent arr\u00eat\u00e9 peut faire l'objet d'un recours devant le tribunal administratif deToulouse dans un d\u00e9lai de deux mois \u00e0 comptsr de sa publication au recueild\u00e9partemental des actes administratifs.Article 6:Le secr\u00e9taire g\u00e9n\u00e9ral de la pr\u00e9fecture de l'Ari\u00e9ge est charg\u00e9 de l'ex\u00e9cution du pr\u00e9sentarr\u00eat\u00e9 qui fera l'objet d'une insertion au recueil des actes administratifs de lapr\u00e9fecture.\nPour le pr\u00e9fet et par d\u00e9l\u00e9gation,Le secr\u00e9taire g\u00e9n\u00e9ral,\nTan\n/(fean-Philipp\u00a5 DARGENT\n09 - DIRECTION DE LA CITOYENNETE ET DE LA LEGALITE - 09-2025-05-19-00002 - AP portant renouvellement agr\u00e9ment soci\u00e9t\u00e9\nFOTONA domiciliataire entreprises 190525 20\n| | PREFECTUREPREFET Direction de la citoyennet\u00e9 et de la l\u00e9galit\u00e9DE L'ARI\u00c8GE Bureau \u00e9lections et r\u00e9glementationLibert\u00e9 Affaire suivie par Pascale RIBATEgalit\u00e9 T\u00e9l : 05 61 02 10 41Fraternit\u00e9 Courriel : pref-cdacO9@ariege.gouv.fr\nFoix, le 19 MAI 2025Arr\u00eat\u00e9 pr\u00e9fectoral modifiant l'arr\u00e9t\u00e9 pr\u00e9fectoral du 2 avril 2024 relatif \u00e0 la composition de laCommission d\u00e9partementale d'Am\u00e9nagement Cin\u00e9matographique (CDACi)du d\u00e9partement de l'Ari\u00e8geLe pr\u00e9fet de l'Ari\u00e8ge\nVu le Code du Cin\u00e9ma et de l'Image anim\u00e9e ;Vu le Code G\u00e9n\u00e9ral des collectivit\u00e9s territoriales ;Vu la loi n\u00b0 2014-626 du 18 juin 2014 relative \u00e0 l'artisanat, au commerce et aux tr\u00e8s petitesentreprises, notamment ses articles 57 \u00e0 60;Vu le d\u00e9cret n\u00b0 2015-268 du 10 mars 2015 modifiant la partie r\u00e9glementaire du Code du cin\u00e9ma etde l'image anim\u00e9e et relatif \u00e0 l'am\u00e9nagement cin\u00e9matographique ;Vu le d\u00e9cret n\u00b0 2022-256 du 25 f\u00e9vrier 2022 modifiant la partie r\u00e9glementaire du Code du cin\u00e9maet de l'image anim\u00e9e et portant diverses mesures relatives au secteur du cin\u00e9ma et de l'imageanim\u00e9e ;Vu le d\u00e9cret du 13 juillet 2023 nommant M. Simon BERTOUX, pr\u00e9fet du d\u00e9partement de l'Ari\u00e8ge ;Vu le d\u00e9cret du 31 octobre 2023 nommant M. Jean-Philippe DARGENT, secr\u00e9taire g\u00e9n\u00e9ral de lapr\u00e9fecture de l'Ari\u00e8ge ;Vu l'arr\u00eat\u00e9 du 2 avril 2024 relatif \u00e0 la composition de la Commission d\u00e9partementaled'Am\u00e9nagement Cin\u00e9matographique (CDACi) du d\u00e9partement de l'Ari\u00e8ge ;Vu la d\u00e9cision n\u00b0 2025/P/14 du 10 f\u00e9vrier 2025 \u00e9tablissant la liste des experts pr\u00e9vue au IV del'article L.212-6-2 du Code du cin\u00e9ma et de l'image anim\u00e9e ;Vu l'accord des personnes contact\u00e9es pour si\u00e9ger au sein des coll\u00e8ges des personnalit\u00e9s qualifi\u00e9es.Consid\u00e9rant que la liste des experts pr\u00e9vue au IV de l'article L.212-6-2 du Code du cin\u00e9ma et del'image anim\u00e9e a \u00e9t\u00e9 modidi\u00e9e en date du 10 f\u00e9vrier 2025 ;Sur proposition du secr\u00e9taire g\u00e9n\u00e9ral de la pr\u00e9fecture de l'Ari\u00e8ge :\nARR\u00caTEARTICLE 1ERL'arr\u00eat\u00e9 pr\u00e9fectoral du 2 avril 2024 est modifi\u00e9 tel qu'indiqu\u00e9 ci-apr\u00e8s :\n2 rue de la Pr\u00e9fecture - Pr\u00e9fet Claude - Erignac B.P. 40087 - 09007 Foix Cedex - T\u00e9l : 05 61 02 10 00Site internet : www.ariege.gouv.fr\n09 - DIRECTION DE LA CITOYENNETE ET DE LA LEGALITE - 09-2025-05-19-00003 - Arr\u00eat\u00e9 Pr\u00e9fectoral modifiant l'arr\u00eat\u00e9 pr\u00e9fectoral du\n020424 relatif \u00e0 la composition de la CDACI du d\u00e9partement de l'Ari\u00e8ge 21\nLa commission d\u00e9partementale d'am\u00e9nagement cin\u00e9matographique de l'Ari\u00e8ge est compos\u00e9ecomme suit :\na) Cing \u00e9lus locaux :- le maire de la commune d'implantation du projet d'am\u00e9nagement cin\u00e9matographique ;* le pr\u00e9sident de l'\u00e9tablissement public de coop\u00e9ration intercommunale comp\u00e9tent enmati\u00e8re d'am\u00e9nagement de l'espace et de d\u00e9veloppement dont est membre lacommune d'implantation ou, \u00e0 d\u00e9faut, le conseiller d\u00e9partemental du cantond'implantation ;+ le maire de la commune la plus peupl\u00e9e de l'arrondissement, autre que la communed'implantation, ou son repr\u00e9sentant ;+ le pr\u00e9sident du conseil d\u00e9partemental ou son repr\u00e9sentant ;+ le pr\u00e9sident du syndicat mixte ou de l'\u00e9tablissement public de coop\u00e9rationintercommunale charg\u00e9 du sch\u00e9ma de coh\u00e9rence territoriale auquel adh\u00e8re la communed'implantation ou son repr\u00e9sentant, ou \u00e0 d\u00e9faut un adjoint au maire de la communed'implantation.Lorsque l'un des \u00e9lus d\u00e9tient plusieurs des mandats mentionn\u00e9s ci-dessus, le repr\u00e9sentant del'\u00c9tat dans le d\u00e9partement d\u00e9signe pour le remplacer un ou plusieurs maires de communessitu\u00e9es dans la zone d'influence cin\u00e9matographique concern\u00e9e.b) Trois personnalit\u00e9s qualifi\u00e9es :une personnalit\u00e9 qualifi\u00e9e en mati\u00e8re de distribution et d'exploitation cin\u00e9matographiqued\u00e9sign\u00e9e parmi les personnes suivantes propos\u00e9es par le pr\u00e9sident du Centre National du Cin\u00e9maet de l'image anim\u00e9e :- Monsieur Beno\u00eet DANARD- Madame Nicole DELAUNAY- Monsieur Claude FOREST- Madame Kira KITSOPANIDOU- Monsieur Christian LANDAIS- Monsieur Antoine TROTETune personnalit\u00e9 qualifi\u00e9e respectivement en mati\u00e8re de d\u00e9veloppement durable d\u00e9sign\u00e9e parmiles personnes suivantes :- Madame Guilaine PEPKE, Agence Locale de l'\u00c9nergie du D\u00e9partement de l'Ari\u00e8ge (ALEDA),titulaire ;- Monsieur J\u00e9r\u00e9my RINALDI, architecte DEA, suppl\u00e9ant.une personnalit\u00e9 qualifi\u00e9e en mati\u00e8re d'am\u00e9nagement du territoire d\u00e9sign\u00e9e parmi les personnessuivantes :- Monsieur Joseph PINZIO, architecte DPLG, titulaire ;- Monsieur Henri ANEL, architecte DPLG, suppl\u00e9ant.Les personnalit\u00e9s qualifi\u00e9es en mati\u00e8re de d\u00e9veloppement durable et d'am\u00e9nagement duterritoire exercent Un mandat de trois ans et ne peuvent effectuer plus de deux mandatscons\u00e9cutifs.\n09 - DIRECTION DE LA CITOYENNETE ET DE LA LEGALITE - 09-2025-05-19-00003 - Arr\u00eat\u00e9 Pr\u00e9fectoral modifiant l'arr\u00eat\u00e9 pr\u00e9fectoral du\n020424 relatif \u00e0 la composition de la CDACI du d\u00e9partement de l'Ari\u00e8ge 22\nSi elles perdent la qualit\u00e9 en vertu de laquelle elles ont \u00e9t\u00e9 d\u00e9sign\u00e9es ou en cas de d\u00e9mission, ded\u00e9c\u00e8s ou de d\u00e9m\u00e9nagement hors des fronti\u00e8res du d\u00e9partement, leur rempla\u00e7ant est d\u00e9sign\u00e9 sansd\u00e9lai, pour la dur\u00e9e du mandat restant \u00e0 courir.Le reste sans changement.\nARTICLE 2Monsieur le secr\u00e9taire g\u00e9n\u00e9ral de la pr\u00e9fecture de l'Ari\u00e8ge est charg\u00e9 de l'ex\u00e9cution du pr\u00e9sentarr\u00eat\u00e9 qui sera notifi\u00e9 \u00e0 chacun des membres de la commission et publi\u00e9 au recueil des actesadministratifs de la pr\u00e9fecture de l'Ari\u00e8ge.\nPour le pr\u00e9fet et par d\u00e9l\u00e9gation,Le secr\u00e9taire g\u00e9n\u00e9ral,\n\u00ab\nibf\u00e9 DARGENT\n09 - DIRECTION DE LA CITOYENNETE ET DE LA LEGALITE - 09-2025-05-19-00003 - Arr\u00eat\u00e9 Pr\u00e9fectoral modifiant l'arr\u00eat\u00e9 pr\u00e9fectoral du\n020424 relatif \u00e0 la composition de la CDACI du d\u00e9partement de l'Ari\u00e8ge 23\n09 - DIRECTION DE LA CITOYENNETE ET DE LA LEGALITE - 09-2025-05-19-00003 - Arr\u00eat\u00e9 Pr\u00e9fectoral modifiant l'arr\u00eat\u00e9 pr\u00e9fectoral du\n020424 relatif \u00e0 la composition de la CDACI du d\u00e9partement de l'Ari\u00e8ge 24\nEnPR\u00c9FET _DE L'ARI\u00c8GELibert\u00e9Egalit\u00e9Fraternit\u00e9\nDIRECTION D\u00c9PARTEMENTALE DES TERRITOIRES\nService environnement - risques\nArr\u00eat\u00e9 pr\u00e9fectoral relatif \u00e0 l'ouverture et \u00e0 la cl\u00f4ture de la chasse\npour la campagne 2025/2026 dans le d\u00e9partement de l'Ari\u00e8ge\nLe pr\u00e9fet de l'Ari\u00e8ge\nVu  les  dispositions  du  titre  II  (chasse)  du  livre  quatri\u00e8me  du  code  de  l'environnement  et \nnotamment les articles L. 424-2 \u00e0 L. 424-7 , L. 425-2, L. 425-14, L. 425-15, R. 424-1 \u00e0 R. 424-19 \net R. 425-18 \u00e0 R. 425-20 du code de l'environnement ;\nVu les arr\u00eat\u00e9s minist\u00e9riels du 24 mars 2006 et 19 janvier 2009 relatifs aux dates d'ouverture et  \nde fermeture de la chasse aux oiseaux de passage et au gibier d'eau ;\nVu  l'arr\u00eat\u00e9  du  1er septembre  2022  suspendant  la  chasse  du  grand  t\u00e9tras  en  France  \nm\u00e9tropolitaine pour une dur\u00e9e de cinq ans ;\nVu  l'arr\u00eat\u00e9  pr\u00e9fectoral  du  18  septembre  2018  instaurant  divers  plans  de  chasse  aux  petits \ngibiers ;\nVu l'arr\u00eat\u00e9 pr\u00e9fectoral du 20 ao\u00fbt 2019 portant les mesures de protection pour la pratique de  \nla chasse en zone \u00e0 ours ;\nVu l'arr\u00eat\u00e9 pr\u00e9fectoral du 8 juillet 2024 portant approbation du sch\u00e9ma d\u00e9partemental de  \ngestion cyn\u00e9g\u00e9tique pour le d\u00e9partement de l'Ari\u00e8ge pour la p\u00e9riode 2024-2030 ;\nVu la demande du directeur de l'agence interd\u00e9partementale de l'Office national des for\u00eats du  \n12 mars 2025 pour le renouvellement du plan de gestion du sanglier dans la r\u00e9serve du  \nValier ;\nVu l'avis de la f\u00e9d\u00e9ration d\u00e9partementale des chasseurs ;\nVu l'avis de la commission d\u00e9partementale de la chasse et de la faune sauvage en date du 10  \navril 2025 ;\nVu  les avis recueillis lors de la consultation du public au titre de l'article L. 120-1 du code de  \nl'environnement dans le cadre de la mise en \u0153uvre du principe de participation du public  \nd\u00e9fini \u00e0 l'article 7 de la Charte de l'environnement, ayant eu lieu du 17 avril au 8 mai 2025  \ninclus ;\nSur proposition du secr\u00e9taire g\u00e9n\u00e9ral de la pr\u00e9fecture de l'Ari\u00e8ge ; \nA R R \u00ca T E\nArticle 1     :\nLors de toute action de chasse, les chasseurs veillent \u00e0 la stricte mise en \u0153uvre des r\u00e8gles et  \nprincipes de s\u00e9curit\u00e9 et d'identification du gibier avant d'effectuer tout tir.\nArticle 2     :\nIl est constitu\u00e9, dans le d\u00e9partement de l'Ari\u00e8ge, deux zones de chasse, telles que d\u00e9finies en  \nannexe I.\nArticle 3     :  \nLa p\u00e9riode d'ouverture g\u00e9n\u00e9rale de la chasse \u00e0 tir est fix\u00e9e pour le d\u00e9partement de l'Ari\u00e8ge :\n- du 7 septembre 2025 au 28 f\u00e9vrier 2026 inclus en zone de plaine (ZP) ;\n- du 14 septembre 2025 au 28 f\u00e9vrier 2026 inclus en zone de montagne (ZM).\n10 rue des Salenques \u2013 BP 10102 - 09007 FOIX CEDEX\nT\u00e9l\u00e9phone : 05 61 02 47 00 / m\u00e9l : ddt@ariege.gouv.fr\nSite internet :   www.ariege.gouv.fr  \n09 - DIRECTION DEPARTEMENTALE DES TERRITOIRES - SERVICE ENVIRONNEMENT-RISQUES - 09-2025-05-15-00001 - Arr\u00eat\u00e9\npr\u00e9fectoral du 15 mai 2025 relatif \u00e0 l'ouverture et \u00e0 la cl\u00f4ture de la chasse pour la campagne 2025/2026 dans le d\u00e9partement de\nl'Ari\u00e8ge 25\nArticle 4     :  \nPar d\u00e9rogation \u00e0 l'article 3, les esp\u00e8ces de gibier, list\u00e9es dans le tableau ci-apr\u00e8s, peuvent \u00eatre  \nchass\u00e9es uniquement durant les p\u00e9riodes comprises entre les dates d'ouverture et de cl\u00f4ture  \nindiqu\u00e9es et selon les conditions sp\u00e9cifiques de chasse pr\u00e9cis\u00e9es.\nEsp\u00e8ces Dates d'ouverture Dates de cl\u00f4ture Conditions sp\u00e9cifiques de chasse\nPlaine Montagne Plaine Montagne\nBlaireau\nBelette\nCorbeau freux\nCorneille noire\n\u00c9tourneau \nsansonnet\nFouine\nGeai des ch\u00eanes\nHermine\nMartre\nPie bavarde\nPutois\nRagondin\nRat musqu\u00e9\nRenard\nOuverture g\u00e9n\u00e9rale Cl\u00f4ture g\u00e9n\u00e9rale\nAvant l'ouverture g\u00e9n\u00e9rale, le renard peut  \n\u00eatre tir\u00e9 :\n\uf0fc par  tout  titulaire  d'une  autorisation \nindividuelle  pour  la  chasse  du  \nchevreuil \u00e0 l'aff\u00fbt ou \u00e0 l'approche.\n\uf0fc \u00e0 compter du 16 ao\u00fbt 2025 en zone de  \nplaine et du 31 ao\u00fbt 2025 en zone de  \nmontagne,  au  cours  des  battues  au \nsanglier.\nLapin de \ngarenne\nOuverture g\u00e9n\u00e9rale 04/01/26\nFaisan Ouverture g\u00e9n\u00e9rale 04/01/26\nLi\u00e8vre 07/09/25 14/12/25\nUn plan de chasse l\u00e9gal au li\u00e8vre s'exerce  \nsur  l'ensemble  des  communes  cit\u00e9es  en \nannexe II.\nPerdrix rouge Ouverture g\u00e9n\u00e9rale 30/11/25\nPerdrix grise Ouverture \ng\u00e9n\u00e9rale 30/11/25\nGrand gibier non soumis \u00e0 plan de chasse\nSanglier\n16/08/25 31/08/25 28/02/26\nLa chasse en battue du sanglier ne peut se  \npratiquer  que  les  mercredis,  samedis,  \ndimanches et jours f\u00e9ri\u00e9s.\nJusqu'\u00e0  l'ouverture  g\u00e9n\u00e9rale,  les  battues \ndoivent  comprendre  au  moins  six  \npersonnes et des chiens. Le sanglier peut  \n\u00eatre  chass\u00e9  pendant  cette  p\u00e9riode  \nanticip\u00e9e \u00e0 l'aff\u00fbt ou \u00e0 l'approche tous les  \njours sauf le mardi et le vendredi.\nDispositions sp\u00e9cifiques \u00e0 la r\u00e9serve de chasse et de faune sauvage du mont Valier\n31/08/25 08/02/26\nLa chasse du sanglier est autoris\u00e9e tous les \njours dans la r\u00e9serve de chasse et de faune \nsauvage du mont Valier. Elle est o rganis\u00e9e \npar  des  agents  asserment\u00e9s  de  l'Office \nnational  des  for\u00eats  \u00e0  l'aff\u00fbt  ou  \u00e0  \nl'approche,  selon  les  modalit\u00e9s  fix\u00e9es  \u00e0 \nl'article 5.\n09 - DIRECTION DEPARTEMENTALE DES TERRITOIRES - SERVICE ENVIRONNEMENT-RISQUES - 09-2025-05-15-00001 - Arr\u00eat\u00e9\npr\u00e9fectoral du 15 mai 2025 relatif \u00e0 l'ouverture et \u00e0 la cl\u00f4ture de la chasse pour la campagne 2025/2026 dans le d\u00e9partement de\nl'Ari\u00e8ge 26\nEsp\u00e8ces\nDate d'ouverture Dates de cl\u00f4ture\nConditions sp\u00e9cifiques de chasse\nPlaine Montagne Plaine Montagne\nGrand gibier soumis \u00e0 plan de chasse\nCerf Ouverture g\u00e9n\u00e9rale 28/02/26\nLa  chasse  \u00e0  l'aff\u00fbt  ou  \u00e0  l'approche  \nindividuelle  et  sans  chien  du  cerf  pourra \ns'exercer \u00e0 partir du 1 er septembre 2025 en  \nzone de plaine et en zone de montagne dans  \nle  cadre  d'une  autorisation  pr\u00e9fectorale  \nindividuelle, jusqu'\u00e0 l'ouverture g\u00e9n\u00e9rale.\nChevreuil Ouverture g\u00e9n\u00e9rale 28/02/26\nLa  chasse  \u00e0  l'aff\u00fbt  ou  \u00e0  l'approche  \nindividuelle  et  sans  chien,  du  chevreuil \npourra s'exercer \u00e0 partir du 1er juin 2025 en \nzone de plaine et en zone de montagne,  \ndans  le  cadre  d'une  autorisation  \npr\u00e9fectorale  individuelle,  jusqu'\u00e0  \nl'ouverture g\u00e9n\u00e9rale.\nMouflon Ouverture g\u00e9n\u00e9rale 28/02/26\nLe  mouflon  ne  peut  \u00eatre  chass\u00e9  \nqu'individuellement,  \u00e0  l'approche  ou  \u00e0  \nl'aff\u00fbt et sans chien. \nLes  tirs  de  m\u00e2les  sont  interdits  sauf  les \nm\u00e2les  atypiques :  anomalie  g\u00e9n\u00e9tique  au \nniveau  de  la  robe  (robe  isabelle),  et  au \nniveau des cornes (cornes en parasol).\nSur le lot domanial M\u00e9rens n\u00b01 (rive droite  \nde l'Ari\u00e8ge), le mouflon pourra \u00eatre chass\u00e9  \ndu  1 er septembre  2025  \u00e0  l'ouverture  \ng\u00e9n\u00e9rale dans le cadre d'une autorisation  \npr\u00e9fectorale individuelle.\nDaim Ouverture g\u00e9n\u00e9rale 28/02/26\nLa  chasse  \u00e0  l'aff\u00fbt  ou  \u00e0  l'approche  \nindividuelle et sans chien, du daim pourra  \ns'exercer \u00e0 partir du 1 er juin 2025 dans le  \ncadre  d'une  autorisation  pr\u00e9fectorale  \nindividuelle, jusqu'\u00e0 l'ouverture g\u00e9n\u00e9rale.\nIsard 28/09/25 19/10/25\nDispositions  communes  \u00e0  tous  les  \nterritoires  de  chasse  b\u00e9n\u00e9ficiaires  d'un \nplan de chasse isard :\n- La chasse individuelle \u00e0 l'approche ou \u00e0  \nl'aff\u00fbt  et  sans  chien  est  autoris\u00e9e  les  \nmercredis,  samedis,  dimanches  et  jours \nf\u00e9ri\u00e9s ;\n- les cartes de pr\u00e9l\u00e8vement d\u00e9livr\u00e9es par  \nla  f\u00e9d\u00e9ration  d\u00e9partementale  des  \nchasseurs  de  l'Ari\u00e8ge  doivent  \u00eatre  \nobligatoirement retourn\u00e9es ;\nLes tirs de femelles suit\u00e9es sont interdits.\nDispositif de plan de chasse indiff\u00e9renci\u00e9 :  \nISI (isard indiff\u00e9renci\u00e9).\n09 - DIRECTION DEPARTEMENTALE DES TERRITOIRES - SERVICE ENVIRONNEMENT-RISQUES - 09-2025-05-15-00001 - Arr\u00eat\u00e9\npr\u00e9fectoral du 15 mai 2025 relatif \u00e0 l'ouverture et \u00e0 la cl\u00f4ture de la chasse pour la campagne 2025/2026 dans le d\u00e9partement de\nl'Ari\u00e8ge 27\nEsp\u00e8ces Dates d'ouverture Dates de cl\u00f4ture\nConditions sp\u00e9cifiques de chasse\nPlaine Montagne Plaine Montagne\nIsard\nDispositions sp\u00e9cifiques \u00e0 certains territoires de chasse.\n28/09/25 02/11/25\nDispositions  sp\u00e9cifiques  \u00e0  tous  les  \nterritoires  b\u00e9n\u00e9ficiaires  d'un  plan  de  \nchasse isard diff\u00e9renci\u00e9 exp\u00e9rimental :\n-  Pr\u00e9sentation  de  l'animal  ou  \nphotographies descriptives envoy\u00e9es aux \nresponsables du territoire b\u00e9n\u00e9ficiaire.\nDispositif de plan de chasse diff\u00e9renci\u00e9 :\n-  ISa  :  Isard  dont  les  cornes  sont  plus \nhautes que les oreilles dress\u00e9es.\n-  ISj  :  Isard  dont  les  cornes  sont  \u00e0  la \nhauteur  des  oreilles  dress\u00e9es  ou  en-\ndessous.\n07/09/25 30/11/25\nChasse autoris\u00e9e tous les jours.\nTerritoires domaniaux :\n\uf0a8 Lot - Montcalm n\u00b0 2 (Tignalbu)\n\uf0a8 Lot - Seix n\u00b0 2 (r\u00e9serve du mont Valier)\n\uf0a8 Lot - M\u00e9rens n\u00b0 1 (rive droite)\n\uf0a8 Lot - M\u00e9rens n\u00b0 2 (rive gauche) \n\uf0a8 Lot - M\u00e9rens n\u00b0 3 (Esteille-Sisca)\n\uf0a8 Lot - Les Hares n\u00b0 2 (r\u00e9serve du \nLaurenti)\n\uf0a8 Lot \u2013 Consulat de Foix\nChasse  guid\u00e9e  ONF  autoris\u00e9e  tous  les \njours.  Avant  l'ouverture  g\u00e9n\u00e9rale,  une  \nautorisation  pr\u00e9fectorale  individuelle  est \nobligatoire.\nPetits gibiers de montagne\nLagop\u00e8de alpin 28/09/25 19/10/25\nChasse  autoris\u00e9e  les  mercredis  et  \ndimanches.\nUn  plan  de  chasse  l\u00e9gal  s'exerce  sur  \nl'ensemble des territoires domaniaux ainsi  \nque sur le groupement forestier du Clot de \nCelles et du Seuil (Montferrier).\nLes  quotas  de  pr\u00e9l\u00e8vements  autoris\u00e9s  \nseront  d\u00e9finis  ult\u00e9rieurement  par  arr\u00eat\u00e9 \npr\u00e9fectoral sp\u00e9cifique.\nGrand t\u00e9tras Chasse suspendue\nPerdrix grise de \nmontagne 28/09/25 19/10/25\nChasse autoris\u00e9e les mercredis, samedis et  \ndimanches.\nUn  plan  de  chasse  l\u00e9gal  s'exerce  sur  le \ngroupement forestier du Clot de Celles et  \ndu Seuil (Montferrier).\n09 - DIRECTION DEPARTEMENTALE DES TERRITOIRES - SERVICE ENVIRONNEMENT-RISQUES - 09-2025-05-15-00001 - Arr\u00eat\u00e9\npr\u00e9fectoral du 15 mai 2025 relatif \u00e0 l'ouverture et \u00e0 la cl\u00f4ture de la chasse pour la campagne 2025/2026 dans le d\u00e9partement de\nl'Ari\u00e8ge 28\nArticle 5     :\nConform\u00e9ment au plan de gestion du sanglier \u00e9labor\u00e9 par la f\u00e9d\u00e9ration d\u00e9partementale des  \nchasseurs de l'Ari\u00e8ge pour la r\u00e9serve de chasse et de faune sauvage du mont Valier , les agents \nasserment\u00e9s  de  l'Office  national  des  for\u00eats  et  les  chasseurs  accompagn\u00e9s  par  des  agents \nasserment\u00e9s de l'Office national des for\u00eats sont autoris\u00e9s \u00e0 proc\u00e9der \u00e0 des pr\u00e9l\u00e8vements de  \nsangliers dans la r\u00e9serve de chasse et de faune sauvage du mont Valier par tir individuel, \u00e0  \nl'approche ou \u00e0 l'aff\u00fbt.\nL'Office  national  des  for\u00eats  adressera  \u00e0  la  direction  d\u00e9partementale  des  Territoires  et  \u00e0  la \nf\u00e9d\u00e9ration d\u00e9partementale des chasseurs, au plus tard le 31 mars 2026, un bilan des op\u00e9rations  \net des pr\u00e9l\u00e8vements r\u00e9alis\u00e9s.\nArticle 6     :\nLa p\u00e9riode et les conditions sp\u00e9cifiques de la chasse aux oiseaux de passage et au gibier d'eau  \nsont fix\u00e9es par arr\u00eat\u00e9s minist\u00e9riels.\nArticle 7     :  \nAfin de favoriser la protection et le repeuplement du gibier, la chasse \u00e0 tir est suspendue les  \nmardis et vendredis, sauf si ces jours sont f\u00e9ri\u00e9s.\nCette  mesure  ne  s'applique  pas  pour  les  oiseaux  d'eau,  gibiers  migrateurs  et  la  chasse  \u00e0 \nl'approche ou \u00e0 l'aff\u00fbt des grands gibiers soumis \u00e0 plan de chasse.\nPar exception aux dispositions pr\u00e9c\u00e9dentes, les chasses en battue suspendues en raison de la  \nd\u00e9tection  d'une  pr\u00e9sence  d'ours  av\u00e9r\u00e9e,  pourront  \u00eatre  organis\u00e9es  tous  les  jours  dans  les \nconditions fix\u00e9es par l'arr\u00eat\u00e9 pr\u00e9fectoral portant les mesures de protection pour la pratique de  \nla chasse en zone \u00e0 ours.\nArticle 8     :  \nAfin de favoriser la protection du gibier d'eau, toute chasse est interdite sur le plan d'eau de  \nMontbel (zone d'emprise de la retenue en pleine eau) ainsi que sur une bande de terre d'une  \nlargeur de 3 m\u00e8tres autour de cette zone.\nArticle 9     :  \nLa chasse en temps de neige est interdite \u00e0 l'exception de : \n\u2022 la chasse au gibier d'eau sur les fleuves, rivi\u00e8res, canaux, r\u00e9servoirs, lacs, \u00e9tangs et dans les  \nmarais non ass\u00e9ch\u00e9s ;\n\u2022 la chasse du grand gibier soumis \u00e0 plan de chasse (cerf, chevreuil, mouflon, isard, daim) ;\n\u2022 la chasse du renard ;\n\u2022 la chasse du sanglier les mercredis, samedis, dimanches et jours f\u00e9ri\u00e9s, en battues de six  \npersonnes et plus, avec chiens ;\n\u2022 la chasse du sanglier dans la r\u00e9serve du mont Valier \u00e0 l'aff\u00fbt ou \u00e0 l'approche ;\n\u2022 la chasse au pigeon ramier (ou palombe) \u00e0 l'aff\u00fbt, arme neutralis\u00e9e (d\u00e9mont\u00e9e ou d\u00e9charg\u00e9e  \net plac\u00e9e sous \u00e9tui ou housse) \u00e0 chaque d\u00e9placement.\nArticle 10     :  \nLa chasse \u00e0 courre, \u00e0 cor \u00e0 cri et la chasse au vol s'exercent selon les p\u00e9riodes d\u00e9finies par  \nl'article R.  424-4 du code de l'environnement et les arr\u00eat\u00e9s minist\u00e9riels des 26 juin 1987 et  \n28 mai 2004.\n09 - DIRECTION DEPARTEMENTALE DES TERRITOIRES - SERVICE ENVIRONNEMENT-RISQUES - 09-2025-05-15-00001 - Arr\u00eat\u00e9\npr\u00e9fectoral du 15 mai 2025 relatif \u00e0 l'ouverture et \u00e0 la cl\u00f4ture de la chasse pour la campagne 2025/2026 dans le d\u00e9partement de\nl'Ari\u00e8ge 29\nArticle 11     :  \nLa cl\u00f4ture de la v\u00e9nerie sous terre intervient au 15 janvier 2026.\nArticle 12     :  \nLe pr\u00e9sent arr\u00eat\u00e9 peut faire l'objet :\n\u2022 d'un recours contentieux devant le tribunal administratif de Toulouse dans un d\u00e9lai de deux  \nmois \u00e0 compter de la notification du pr\u00e9sent arr\u00eat\u00e9. Le tribunal peut \u00eatre saisi par l'application  \ninformatique  \u00ab  T\u00e9l\u00e9recours  citoyens  \u00bb  accessible  depuis  le  site  Internet  \nhttp://www.telerecours.fr ;\n\u2022 d'un recours gracieux aupr\u00e8s du pr\u00e9fet de l'Ari\u00e8ge ainsi que hi\u00e9rarchique aupr\u00e8s du ministre  \ncomp\u00e9tent dans le m\u00eame d\u00e9lai ; l'absence de r\u00e9ponse dans un d\u00e9lai de deux mois \u00e0 compter de \nsa r\u00e9ception par l'autorit\u00e9 administrative vaut d\u00e9cision implicite de rejet ; la d\u00e9cision implicite  \nou explicite rejetant ce recours peut alors faire l'objet d'un recours contentieux aupr\u00e8s du  \ntribunal administratif de Toulouse, selon les modalit\u00e9s cit\u00e9es ci-avant, dans un d\u00e9lai de deux  \nmois \u00e0 compter de la r\u00e9ception de la d\u00e9cision explicite ou de la date \u00e0 laquelle na\u00eet une  \nd\u00e9cision implicite.\nArticle 13     :\nLe  secr\u00e9taire  g\u00e9n\u00e9ral  de  la  pr\u00e9fecture  de  l'Ari\u00e8ge,  sous-pr\u00e9fet  de  Foix,  la  sous-pr\u00e9f\u00e8te  de \nPamiers,  la  sous-pr\u00e9f\u00e8te  de  Saint-Girons,  le  commandant  du  groupement  de  gendarmerie \nd\u00e9partementale  de  l'Ari\u00e8ge,  le  directeur  d\u00e9partemental  de  la  police  nationale,  le  chef  du \nservice  d\u00e9partemental  de  l'Office  fran\u00e7ais  de  la  biodiversit\u00e9,  le  directeur  de  l'agence \ninterd\u00e9partementale  de  l'Office  national  des  for\u00eats,  le  pr\u00e9sident  de  la  f\u00e9d\u00e9ration  \nd\u00e9partementale des chasseurs et la directrice d\u00e9partementale des Territoires sont charg\u00e9s,  \nchacun en ce qui le concerne, de l'ex\u00e9cution du pr\u00e9sent arr\u00eat\u00e9 qui sera publi\u00e9 au recueil des  \nactes administratifs de la pr\u00e9fecture de l'Ari\u00e8ge.\nFait \u00e0 Foix, le 15 mai 2025\nLe pr\u00e9fet\nsign\u00e9\nSimon BERTOUX\n09 - DIRECTION DEPARTEMENTALE DES TERRITOIRES - SERVICE ENVIRONNEMENT-RISQUES - 09-2025-05-15-00001 - Arr\u00eat\u00e9\npr\u00e9fectoral du 15 mai 2025 relatif \u00e0 l'ouverture et \u00e0 la cl\u00f4ture de la chasse pour la campagne 2025/2026 dans le d\u00e9partement de\nl'Ari\u00e8ge 30\nAnnexe I (art. 2) \nD\u00e9finition de la zone de plaine et de la zone de montagne\nLa zone de plaine (ZP) comprend les communes de :\nAigues-Juntes, Aigues-Vives, L'Aiguillon, Allieres, Arabaux, Artigat, Artix, Arvigna, Bagert, Barjac, La Bastide- \nde-Besplas, La Bastide-de-Bousignac, La Bastide-de-Lordat, La Bastide-du-Salat, La Bastide-de-S\u00e9rou, La \nBastide-sur-L'hers, Baulou, B\u00e9deille, B\u00e9lesta, Belloc, B\u00e9nagues, B\u00e9naix, Besset, Betchat, B\u00e9zac, Bonnac, Les \nBordes sur Arize, Brie, Cadarcet, Calzan, Camarade, Camon, Campagne-sur-Arize, Cant\u00e9, Carla-Bayle, \nCarla-de-Roquefort, Le Carlaret, Castelnau-Durban, Cast\u00e9ras, Castex, Caumont, Cazals-des-Bayles, \nCazavet, Cazeaux, Cerizols, Clermont, Contrazy, Cos, Coussa, Coutens, Crampagna, Dalou, Daumazan-sur-\nArize, Dreuilhe, Dun, Durban-sur-Arize, Durfort, Encourtiech, Erp, Esclagne, Escosse, Esplas-de-Saverdun, \nEsplas-de-Serou, Eycheil, Fabas, Fornex, Le Fossat, Fougax et Barrineuf, Gabre, Gajan, Gaudi\u00e9s, Gudas, \nL'Herm, Ilhat, les Issards, Justiniac, Labatut, Lacave, Lacourt, Lagarde, Lanoux, Lapenne, Larbont, Laroque-\nd'Olmes, Lasserre, Lavelanet, L\u00e9ran, Lescousse, Lescure, Lesparrou, Leychert, Lezat-sur-Leze, Lieurac, \nLimbrassac, Lissac, Lorp-Sentaraille, Loubaut, Loubens, Loubi\u00e8res, Ludi\u00e8s, Madi\u00e8re, Malegoude, Mall\u00e9on, \nManses, Le Mas-d'Azil, Mauvezin-de-Prat, Mauvezin-de-Sainte-Croix, Maz\u00e8res, M\u00e9ras, Mercenac, M\u00e9rigon, \nMirepoix, Monesple, Montardit, Montaut, Montbel, Mont\u00e9gut en Couserans, Mont\u00e9gut-Plantaurel, Montels, \nMontesquieu-Avantes, Montfa, Montgauch, Montjoie-en-Couserans, Montseron, Moulin-Neuf, Moulis, \nNalzen, Nescus, Pailh\u00e8s, Pamiers, P\u00e9reille, Le Peyrat, Pradettes, Pradieres, Prat-Bonrepaux, Les Pujols, \nRaissac, R\u00e9gat, Rieucros, Rieux-de-Pelleport, Rimont, Riverenert, Roquefixade, Roquefort-les-Cascades, \nRoumengoux, Sabarat, Saint-Amadou, Saint-Amans, Saint-Bauzeil, Sainte-Suzanne, Saint-Felix-de-Rieutord, \nSaint-Felix-de-Tournegat, Sainte-Croix-Volvestre, Saint-Girons, Saint-Jean-d'Aigues-Vives, Saint-Jean-de-\nVerges, Saint-Jean-du-Falga, Saint-Julien-de-Gras-Capou, Saint-Lizier, Saint-Martin-de-Caralp, Saint-Martin-\nd'Oydes, Saint-Michel, Saint-Quentin-la-Tour, Saint-Quirc, Saint-Victor-Rouzaud, Saint-Ybars, Le Sautel, \nSaverdun, S\u00e9gura,  Sentenac-de-S\u00e9rou, Sieuras, Soula, Suzan, Tabre, Taurignan-Castet, Taurignan-Vieux, \nTeilhet, Thouars- sur-Arize, La-Tour-du-Crieu, Tourtouse, Tourtrol, Tr\u00e9moulet, Troye-d'Ari\u00e8ge, Unzent, Vals, \nVarilhes, Ventenac, Vernajoul, Le Vernet, Verniolle, Villeneuve-d'Olmes, Villeneuve-du-Latou, Villeneuve-\ndu-Par\u00e9age, Vira, Vivi\u00e9s, Sainte-Foi. \nLa zone de montagne (ZM) comprend les communes de :\nAlbi\u00e8s, Aleu, Alliat, Alos, Alzen, Antras, Appy, Argein, Arignac, Arnave, Arrien-en-Bethmale, Arrout, \nArtigues, Ascou, Aston, Aucazein, Audressein, Augirein, Aulos-Sinsat, Aulus-les-Bains, Auzat, Axiat, Ax-les-\nThermes, Balacet, Balagu\u00e8res, B\u00e9deilhac-Aynat, B\u00e9nac, Bestiac, Bethmale, Biert, Bompas, Bonac-Irazein, Le \nBosc, Bordes-Uchentein, Bouan, Boussenac, Brassac, Burret, Buzan, Les Cabannes, Capoulet-Junac, \nCarcani\u00e8res, Castillon-en- Couserans, Caussou, Caychax, Cazenave-Serres-Allens, Celles, Cescau, Ch\u00e2teau-\nVerdun, Couflens, Engomer, Erc\u00e9, Ferri\u00e8res-sur-Ariege, Foix, Freychenet, Galey, Ganac, Garanou, G\u00e9nat, \nGesti\u00e9s, Gourbit, L'Hospitalet-Pr\u00e8s-L'Andorre, Ignaux, Illartein, Illier-Laramade, Lap\u00e8ge, Larcat, Larnat, \nLassur, Lercoul, Lordat, Luzenac, Massat, Mercus-Garrabet, M\u00e9rens-les-Vals, Miglos, Mijan\u00e8s, Montagagne, \nMontaillou, Montferrier, Montgaillard, Montoulieu, Monts\u00e9gur, Niaux, Orgeix, Orgibet, Orlu, Ornolac-Ussat-\nles-Bains, Orus, Oust, Pech, Perles-et-Castelet, Le Pla, le Port, Prades, Prayols, Le Puch, Qu\u00e9rigut, Qui\u00e9, \nRabat-les-Trois-Seigneurs, Rouze, Saint-Jean-du-Castillonnais, Saint-Lary, Saint-Paul-de-Jarrat, Saint-Pierre-\nde-Rivi\u00e8re, Salsein, Saurat, Savignac-les-Ormeaux, Seix, Senconac, Sentein, Sentenac-d'Oust, Serres-sur-\nArget, Siguer, Sinsat, Sor, Sorgeat, Soueix, Soulan, Surba, Tarascon-sur-Ari\u00e8ge, Tignac, Uchentein, Unac, \nUrs, Ussat, Ustou, Val de Sos, Vaychis, V\u00e8bre, Verdun, Vernaux, Villeneuve.\n09 - DIRECTION DEPARTEMENTALE DES TERRITOIRES - SERVICE ENVIRONNEMENT-RISQUES - 09-2025-05-15-00001 - Arr\u00eat\u00e9\npr\u00e9fectoral du 15 mai 2025 relatif \u00e0 l'ouverture et \u00e0 la cl\u00f4ture de la chasse pour la campagne 2025/2026 dans le d\u00e9partement de\nl'Ari\u00e8ge 31\nAnnexe II (art. 4)\nCommunes sur le territoire desquelles s'exerce un plan de chasse l\u00e9gal au li\u00e8vre \n\uf077 Aigues-Vives\n\uf077 L'Aiguillon\n\uf077 Artigat\n\uf077 Artix\n\uf077 Auzat\n\uf077 Bagert\n\uf077 La Bastide-sur-l'Hers\n\uf077 B\u00e9deille\n\uf077 B\u00e9lesta\n\uf077 Belloc\n\uf077 B\u00e9nagues\n\uf077 Betchat\n\uf077 B\u00e9zac\n\uf077 Les Bordes-sur-Arize\n\uf077 Camarade\n\uf077 Campagne-sur-Arize\n\uf077 Caumont\n\uf077 Cazaux\n\uf077 Cazavet\n\uf077 Clermont\n\uf077 Coussa\n\uf077 Crampagna\n\uf077 Escosse\n\uf077 Dreuilhe\n\uf077 Dun\n\uf077 Durban-sur-Arize\n\uf077 Durfort\n\uf077 Esclagne\n\uf077 Fabas\n\uf077 Le Fossat\n\uf077 Ilhat\n\uf077 Laroque-d'Olmes\n\uf077 L\u00e9ran\n\uf077 Lesparrou\n\uf077 Limbrassac\n\uf077 Lorp-Sentaraille\n\uf077 Loubens\n\uf077 Loubi\u00e8res\n\uf077 Mall\u00e9on\n\uf077 Le Mas-d'Azil\n\uf077 Mercenac\n\uf077 Montbel\n\uf077 Mont\u00e9gut-en-Couserans\n\uf077 Mont\u00e9gut-Plantaurel\n\uf077 Montgauch\n\uf077 Moulis\n\uf077 Pailh\u00e8s\n\uf077 Le Peyrat\n\uf077 Pradettes\n\uf077 Prat-Bonrepaux\n\uf077 R\u00e9gat\n\uf077 Rieux-de-Pelleport\n\uf077 Sabarat\n\uf077 Saint-Lizier\n\uf077 Saint-Jean-d'Aigues-Vives\n\uf077 Saint-Victor-Rouzaud\n\uf077 Le Sautel\n\uf077 S\u00e9gura\n\uf077 Tabre\n\uf077 Teilhet\n\uf077 Troye-d'Ari\u00e8ge\n\uf077 Ustou\n\uf077 Vals\n\uf077 Varilhes\n\uf077 Ventenac\n\uf077 Vernajoul\n\uf077 Groupement forestier du Clots de Celles  \net du Seuil (Montferrier)\n\uf077 Propri\u00e9t\u00e9s  de  l'indivision  VUILLIER  et  de \nM.Georges GIANMERTINI (Pamiers)\n\uf077 Propri\u00e9t\u00e9 de M. Denis PRAX (Pamiers)\n\uf077 Propri\u00e9t\u00e9s  de  MM.  BOUFIL,  DUPRE  et \nABESCAT sises sur la commune de Justinac \net  pour  lesquelles  l'A.C.C.A.  de  Durfort \nd\u00e9tient le droit de chasse\n\uf077 Propri\u00e9t\u00e9s  de  MM.  KRUMANAGER  et  \nM. FICHESMAN  sises  sur  la  commune  \nd'Esplas\n09 - DIRECTION DEPARTEMENTALE DES TERRITOIRES - SERVICE ENVIRONNEMENT-RISQUES - 09-2025-05-15-00001 - Arr\u00eat\u00e9\npr\u00e9fectoral du 15 mai 2025 relatif \u00e0 l'ouverture et \u00e0 la cl\u00f4ture de la chasse pour la campagne 2025/2026 dans le d\u00e9partement de\nl'Ari\u00e8ge 32\nEnPR\u00c9FET _DE L'ARI\u00c8GELibert\u00e9Egalit\u00e9Fraternit\u00e9\nDIRECTION D\u00c9PARTEMENTALE DES TERRITOIRES\nService environnement-risques\nArr\u00eat\u00e9 pr\u00e9fectoral fixant les fourchettes des plans de chasse aux grands gibiers\npour la campagne de chasse 2025/2026 \nLe pr\u00e9fet de l'Ari\u00e8ge\nVu le code de l'environnement et notamment ses articles L. 123-19-1, L. 420-1, L. 425-6 \u00e0 L. 425-\n13, R. 425-1-1, R. 425-2, R. 425-6 et R. 426-8 ;\nVu la note technique du 1 er juin 2023 relative \u00e0 l'\u00e9quilibre for\u00eat-gibier et au dialogue entre les  \nforestiers et les chasseurs ;\nVu la documentation technique du 13 f\u00e9vrier 2025 relative aux arr\u00eat\u00e9s pr\u00e9fectoraux fixant le  \nnombre minimum et maximum d'individus \u00e0 pr\u00e9lever d'esp\u00e8ces de grands gibiers soumis \u00e0  \nplan de chasse dans le cadre de l'\u00e9quilibre agro-sylvo-cyn\u00e9g\u00e9tique ;\nVu l'arr\u00eat\u00e9 pr\u00e9fectoral du 8 juillet 2024 portant approbation du sch\u00e9ma d\u00e9partemental de  \ngestion cyn\u00e9g\u00e9tique pour le d\u00e9partement de l'Ari\u00e8ge pour la p\u00e9riode 2024-2030 ;\nVu le bilan des d\u00e9g\u00e2ts de la campagne 2024/2025 r\u00e9alis\u00e9 conform\u00e9ment \u00e0 l'article R.  426-8 du \ncode de l'environnement ;\nVu l'avis de la f\u00e9d\u00e9ration d\u00e9partementale des chasseurs ;\nVu l'avis de la comm ission d\u00e9partementale de la chasse et de la faune sauvage en date du 10  \navril 2025 ;\nVu les avis recueillis lors de la consultation publique au titre de l'article L. 123-19-1 du code de  \nl'environnement dans le cadre de la mise en \u0153uvre du principe de participation du public  \nd\u00e9fini \u00e0 l'article 7 de la Charte de l'environnement, ayant eu lieu du 17 avril au 8  mai  \n2025 inclus;\nConsid\u00e9rant les d\u00e9g\u00e2ts agricoles de grands gibiers  et les constats de dommages sur parcelles  \nagricoles d'un montant de 152  891 \u20ac principalement dus aux sangliers sur du ma\u00efs grain et  \nma\u00efs ensilage ;\nConsid\u00e9rant les zones \u00e0 enjeux et \u00e0 surveiller identifi\u00e9es par le programme r\u00e9gional de la for\u00eat  \net du bois ;\nConsid\u00e9rant que le pr\u00e9fet fixe, apr\u00e8s avis de la commission d\u00e9partementale comp\u00e9tente en  \nmati\u00e8re de chasse et de faune sauvage, le nombre minimal et le nombre maximal d'animaux \n\u00e0 pr\u00e9lever annuellement dans l'ensemble du d\u00e9partement, conform\u00e9ment \u00e0 l'article L. 425-\n8 du code de l'environnement ;\nSur proposition du secr\u00e9taire g\u00e9n\u00e9ral de la pr\u00e9fecture de l'Ari\u00e8ge ;\nA R R \u00ca T E\n10 rue des Salenques \u2013 BP 10102 - 09007 FOIX CEDEX\nT\u00e9l\u00e9phone : 05 61 02 47 00 / m\u00e9l : ddt@ariege.gouv.fr\nSite internet     :www.ariege.gouv.fr  \n09 - DIRECTION DEPARTEMENTALE DES TERRITOIRES - SERVICE ENVIRONNEMENT-RISQUES - 09-2025-05-19-00006 - Arr\u00eat\u00e9\npr\u00e9fectoral du 19 mai 2025 fixant les fourchettes des plans de chasse aux grands gibiers pour la campagne de chasse 2025/202633\nArticle 1\nLes fourchettes relatives aux plans de chasse aux grands gibiers pour la campagne 2025/2026,  \nsont arr\u00eat\u00e9es comme suit :\nEsp\u00e8ces Minimum Maximum\nChevreuil\nCerf\nBiche\nCerf ind\u00e9termin\u00e9\nIsard\nMouflon\nDaim\n4000\n250\n800\n350\n0\n80\n25\n5600\n900\n1700\n900\n827\n300\n80\nArticle 2\nLa f\u00e9d\u00e9ration d\u00e9partementale des chasseurs communique avant le 1 er mai 2025 \u00e0 la directrice  \nd\u00e9partementale  des  territoires  les  plans  de  chasse  attribu\u00e9s  dans  un  format  de  tableur \nexploitable par l'administration afin de faciliter le contr\u00f4le du respect de cet arr\u00eat\u00e9.\nLa synth\u00e8se des plans de chasse attribu\u00e9s est pr\u00e9sent\u00e9e en commission d\u00e9partementale de la  \nchasse et de la faune sauvage.\nArticle 3\nD'ici le 27 mars 2026, le pr\u00e9sident de la f\u00e9d\u00e9ration d\u00e9partementale des chasseurs de l 'Ari\u00e8ge \nadresse au pr\u00e9fet et \u00e0 la directrice d\u00e9partementale des territoires, en application de l'article  \nR. 425-13 du code de l'environnement :\n- un bilan des pr\u00e9l\u00e8vements des esp\u00e8ces vis\u00e9es par le pr\u00e9sent arr\u00eat\u00e9, par sous-unit\u00e9 de gestion.  \nCe bilan pr\u00e9cise la totalit\u00e9 des pr\u00e9l\u00e8vements r\u00e9alis\u00e9s pour chacune des esp\u00e8ces soumises \u00e0 plan \nde chasse, par sous-unit\u00e9 de gestion, en distinguant les cat\u00e9gories et sexes telles que d\u00e9finies  \ndans les plans de chasse individuels ;\n-  un  bilan  des  d\u00e9g\u00e2ts  de  la  derni\u00e8re  campagne,  qui  comprend  les  donn\u00e9es  brutes  et \ncartographi\u00e9es, par esp\u00e8ce, par sous-unit\u00e9 de gestion, en volume, en valeur et en surface.\nCes documents sont pr\u00e9sent\u00e9s en commission d\u00e9partementale de la chasse et de la faune  \nsauvage.\nArticle 4\nLe pr\u00e9sent arr\u00eat\u00e9 peut faire l'objet :\n\u2022 d'un recours contentieux devant le tribunal administratif de Toulouse dans un d\u00e9lai de deux  \nmois \u00e0 compter de la notification du pr\u00e9sent arr\u00eat\u00e9. Le tribunal peut \u00eatre saisi par l'application  \ninformatique  \u00ab  T\u00e9l\u00e9recours  citoyens  \u00bb  accessible  depuis  le  site  Internet  \nhttp://www.telerecours.fr ;\n\u2022 d'un recours gracieux aupr\u00e8s du pr\u00e9fet de l'Ari\u00e8ge ainsi que hi\u00e9rarchique aupr\u00e8s du ministre  \ncomp\u00e9tent dans le m\u00eame d\u00e9lai ; l'absence de r\u00e9ponse dans un d\u00e9lai de deux mois \u00e0 compter de \nsa r\u00e9ception par l'autorit\u00e9 administrative vaut d\u00e9cision implicite de rejet  ; la d\u00e9cision implicite  \nou explicite rejetant ce recours peut alors faire l'objet d'un recours contentieux aupr\u00e8s du  \ntribunal administratif de Toulouse, selon les modalit\u00e9s cit\u00e9es ci-avant, dans un d\u00e9lai de deux  \nmois \u00e0 compter de la r\u00e9ception de la d\u00e9cision explicite ou de la date \u00e0 laquelle na\u00eet une  \nd\u00e9cision implicite.\n2\n09 - DIRECTION DEPARTEMENTALE DES TERRITOIRES - SERVICE ENVIRONNEMENT-RISQUES - 09-2025-05-19-00006 - Arr\u00eat\u00e9\npr\u00e9fectoral du 19 mai 2025 fixant les fourchettes des plans de chasse aux grands gibiers pour la campagne de chasse 2025/2026 34\nArticle 5\nLe secr\u00e9taire g\u00e9n\u00e9ral de la pr\u00e9fecture de l'Ari\u00e8ge, le pr\u00e9sident de la f\u00e9d\u00e9ration d\u00e9partementale  \ndes chasseurs et la directrice d\u00e9partementale des Territoires sont charg\u00e9s, chacun en ce qui le  \nconcerne, de l'ex\u00e9cution du pr\u00e9sent arr\u00eat\u00e9 qui sera publi\u00e9 au recueil des actes administratifs de \nla pr\u00e9fecture de l'Ari\u00e8ge.\nFait \u00e0 Foix, le 19 mai 2025\nLe pr\u00e9fet\nsign\u00e9\nSimon BERTOUX\n3\n09 - DIRECTION DEPARTEMENTALE DES TERRITOIRES - SERVICE ENVIRONNEMENT-RISQUES - 09-2025-05-19-00006 - Arr\u00eat\u00e9\npr\u00e9fectoral du 19 mai 2025 fixant les fourchettes des plans de chasse aux grands gibiers pour la campagne de chasse 2025/2026 35\nEnPR\u00c9FET _DE L'ARI\u00c8GELibert\u00e9Egalit\u00e9Fraternit\u00e9\nDIRECTION D\u00c9PARTEMENTALE DES TERRITOIRES\nService environnement et risques\nArr\u00eat\u00e9 pr\u00e9fectoral portant d\u00e9finition des secteurs o\u00f9 la pr\u00e9sence de la Loutre d'Europe\nest av\u00e9r\u00e9e dans le d\u00e9partement de l'Ari\u00e8ge pour la p\u00e9riode du 1er juillet 2025 au 30 juin 2026\nLe pr\u00e9fet de l'Ari\u00e8ge\nVu les articles L. 427-8, R. 427-6 et R. 427-13 \u00e0 427-17 du code de l'environnement ;\nVu l'arr\u00eat\u00e9 du 2 septembre 2016 relatif au contr\u00f4le par la chasse des populations de certaines  \nesp\u00e8ces  non  indig\u00e8nes  et  fixant,  en  application  de  l'article  R.  427-6  du  code  de \nl'environnement, la liste, les p\u00e9riodes et les modalit\u00e9s de destruction des esp\u00e8ces non  \nindig\u00e8nes d'animaux class\u00e9s nuisibles sur l'ensemble du territoire m\u00e9tropolitain ;\nVu  l'arr\u00eat\u00e9  minist\u00e9riel  du  29  janvier  2007  fixant  les  dispositions  relatives  au  pi\u00e9geage  des \nanimaux class\u00e9s nuisibles en application de l'article L. 427-8 du code de l'environnement ;\nVu  l'avis favorable de la commission d\u00e9par tementale de la chasse et de la faune sauvage en  \ndate du 10 avril 2025 ;\nVu  les avis recueillis lors de la consultation du public au titre de l'article L. 120-1 du code de  \nl'environnement dans le cadre de la mise en \u0153uvre du principe de participation du public  \nd\u00e9fini \u00e0 l'article 7 de la Charte de l'environnement, ayant eu lieu du 17 avril au 8 mai 2025  \ninclus ;\nConsid\u00e9rant  qu'il y a lieu de d\u00e9finir, conform\u00e9ment aux dispositions de l'article 4 de l'arr\u00eat\u00e9  \nminist\u00e9riel du 2 septembre 2016, les secteurs o\u00f9 la pr\u00e9sence de la Loutre d'Europe est  \nav\u00e9r\u00e9e afin qu'il puisse \u00eatre fait application de l'interdiction d'usage de pi\u00e8ges de cat\u00e9gories \n2 sur les abords des cours d'eaux et bras morts, marais, canaux, plans d'eaux et \u00e9tangs,  \njusqu'\u00e0 la distance de 200 m\u00e8tres de la rive, exception faite du pi\u00e8ge \u00e0 \u0153uf plac\u00e9 dans une  \nenceinte munie d'une entr\u00e9e de onze centim\u00e8tres par onze centim\u00e8tres ;\nConsid\u00e9rant  que  certains  tron\u00e7ons  des  ruisseaux  du  Crieu,  du  Rieutort,  du  Raunier  qui \ns'ass\u00e8chent,  peuvent  \u00eatre  consid\u00e9r\u00e9s  comme  des  habitats  peu  favorables  \u00e0  la  Loutre \nd'Europe.\nSur proposition du secr\u00e9taire g\u00e9n\u00e9ral de la pr\u00e9fecture ;\nA R R \u00ca T E\n10 rue des Salenques \u2013 BP 10102 - 09007 FOIX CEDEX\nT\u00e9l\u00e9phone : 05 61 02 47 00 / m\u00e9l : ddt@ariege.gouv.fr\nSite internet     :www.ariege.gouv.fr  \n09 - DIRECTION DEPARTEMENTALE DES TERRITOIRES - SERVICE ENVIRONNEMENT-RISQUES - 09-2025-05-19-00005 - Arr\u00eat\u00e9\npr\u00e9fectoral du 19 mai 2025 portant d\u00e9finition des secteurs o\u00f9 la pr\u00e9sence de la Loutre d'Europe est av\u00e9r\u00e9e dans le d\u00e9partement de\nl'Ari\u00e8ge pour la p\u00e9riode du 1er juillet 2025 au 30 juin 2026 36\nArticle 1\nPour la p\u00e9riode du 1  juillet 2025 au 30 juin 2026, la Loutre d'Europe est consid\u00e9r\u00e9e comme\u1d49\u02b3  \npr\u00e9sente sur l'ensemble du d\u00e9partement de I'Ari\u00e8ge \u00e0 l'exception des tron\u00e7ons des cours d'eau \nci-apr\u00e8s, sur lesquels aucun indice de pr\u00e9sence n'a \u00e9t\u00e9 relev\u00e9 :\n\u2022 Le  Crieu :  du  bourg  de  Saint-F\u00e9lix  de  Rieutord  jusqu'\u00e0  l'intersection  avec  la  route \nd\u00e9partementale 119 ;\n\u2022 Le Rieutort : du plan d'eau d'Arnave jusqu'\u00e0 l'intersection avec la route d\u00e9partementale  \n12 ;\n\u2022 Le Raunier : tous les cours d'eau en amont du lieu-dit \u00ab  Pic le Vieux \u00bb (ruisseau de Nouze \net affluents).\nArticle 2\nEn application de l'article 4 de l'arr\u00eat\u00e9 minist\u00e9riel du 2 septembre 2016, l'usage de pi\u00e8ges de  \ncat\u00e9gories 2 est interdit sur les abords des cours d'eaux et bras morts, marais, canaux, plans  \nd'eaux et \u00e9tangs, jusqu'\u00e0 la distance de 200 m\u00e8tres de la rive, sur l'ensemble des zones de  \npr\u00e9sence  av\u00e9r\u00e9e  de  la  Loutre  d'Europe  telles  que  d\u00e9finies  \u00e0  l'article  1  du  pr\u00e9sent  arr\u00eat\u00e9, \nexception  faite  du  pi\u00e8ge  \u00e0  \u0153uf  plac\u00e9  dans  une  enceinte  munie  d'une  entr\u00e9e  de  onze \ncentim\u00e8tres par onze centim\u00e8tres. Les foss\u00e9s ne sont pas concern\u00e9s par cette mesure.\nUne cartographie des cours d'eau est disponible sur le site internet de la pr\u00e9fecture de l'Ari\u00e8ge  \n(https://carto2.geo-ide.din.developpement-durable.gouv.fr/frontoffice/?map=0b8939d5-b010-\n40ef-a9a6-0c5f4ffc50e7).\nArticle 3\nSur les trois tron\u00e7ons list\u00e9s \u00e0 l'article 1, l'utilisation de pi\u00e8ges l\u00e9taux est autoris\u00e9e conform\u00e9ment \naux prescriptions g\u00e9n\u00e9rales pour le pi\u00e9geage fix\u00e9es par l'arr\u00eat\u00e9 minist\u00e9riel du 29 janvier 2007  \nmodifi\u00e9, sur 2 p\u00e9riodes :\n\u2022 \u00e0 la lev\u00e9e des cultures (du 15 avril au 31 mai) ;\n\u2022 \u00e0 la maturation des \u00e9pis de ma\u00efs (du 15 juillet au 31 ao\u00fbt).\nArticle 4\nEn  cas  de  capture  accidentelle  de  la  Loutre  d'Europe,  la  direction  d\u00e9partementale des  \nTerritoires de l'Ari\u00e8ge devra \u00eatre obligatoirement inform\u00e9e dans les plus brefs d\u00e9lais \u00e0 l'adresse  \nmail suivante : ddt-bio-for@ariege.gouv.fr.\nUn bilan annuel sera fourni par les pi\u00e9geurs sur la mise en \u0153uvre du pi\u00e9geage sur le s tron\u00e7ons \ndes cours d'eau faisant l'objet d'exception d\u00e9sign\u00e9s \u00e0 l'article 1. \nArticle 5\nLe pr\u00e9sent arr\u00eat\u00e9 peut faire l'objet :\n\u2022 d'un recours contentieux devant le tribunal administratif de Toulouse dans un d\u00e9lai de deux  \nmois \u00e0 compter de la notification du pr\u00e9sent arr\u00eat\u00e9. Le tribunal peut \u00eatre saisi par l'application  \ninformatique  \u00ab  T\u00e9l\u00e9recours  citoyens  \u00bb  accessible  depuis  le  site  Internet  \nhttp://www.telerecours.fr ;\n\u2022 d'un recours gracieux aupr\u00e8s du pr\u00e9fet de l'Ari\u00e8ge ainsi que hi\u00e9rarchique aupr\u00e8s du ministre  \ncomp\u00e9tent dans le m\u00eame d\u00e9lai ; l'absence de r\u00e9ponse dans un d\u00e9lai de deux mois \u00e0 compter de \nsa r\u00e9ception par l'autorit\u00e9 administrative vaut d\u00e9cision implicite de rejet ; la d\u00e9cision implicite  \nou explicite rejetant ce recours peut alors faire l'objet d'un recours contentieux aupr\u00e8s du  \ntribunal administratif de Toulouse, selon les modalit\u00e9s cit\u00e9es ci-avant, dans un d\u00e9lai de deux  \nmois \u00e0 compter de la r\u00e9ception de la d\u00e9cision explicite ou de la date \u00e0 laquelle na\u00eet une  \nd\u00e9cision implicite.\n2\n09 - DIRECTION DEPARTEMENTALE DES TERRITOIRES - SERVICE ENVIRONNEMENT-RISQUES - 09-2025-05-19-00005 - Arr\u00eat\u00e9\npr\u00e9fectoral du 19 mai 2025 portant d\u00e9finition des secteurs o\u00f9 la pr\u00e9sence de la Loutre d'Europe est av\u00e9r\u00e9e dans le d\u00e9partement de\nl'Ari\u00e8ge pour la p\u00e9riode du 1er juillet 2025 au 30 juin 2026 37\nArticle 6\nLe secr\u00e9taire g\u00e9n\u00e9ral de la pr\u00e9fecture de l'Ari\u00e8ge, le sous-pr\u00e9fet de Pamiers, la sous-pr\u00e9f\u00e8te de  \nSaint-Girons, le commandant du groupement de gendarmerie d\u00e9partementale de l'Ari\u00e8ge, le  \nchef du service d\u00e9partemental de l'Office fran\u00e7ais de la biodiversit\u00e9, le directeur de l'agence  \ninterd\u00e9partementale de l'Office national des for\u00eats, les lieutenants de louveterie, le pr\u00e9sident  \nde l'association des pi\u00e9geurs agr\u00e9\u00e9s de l'Ari\u00e8ge et la directrice d\u00e9partementale des Territoires  \nsont charg\u00e9s, chacun en ce qui le concerne, de l'ex\u00e9cution du pr\u00e9sent arr\u00eat\u00e9 qui sera publi\u00e9 au  \nrecueil des actes administratifs de la pr\u00e9fecture de l'Ari\u00e8ge.\nFait \u00e0 Foix, le 19 mai 2025\nLe Pr\u00e9fet de l'Ari\u00e8ge\nSign\u00e9\nSimon BERTOUX\n3\n09 - DIRECTION DEPARTEMENTALE DES TERRITOIRES - SERVICE ENVIRONNEMENT-RISQUES - 09-2025-05-19-00005 - Arr\u00eat\u00e9\npr\u00e9fectoral du 19 mai 2025 portant d\u00e9finition des secteurs o\u00f9 la pr\u00e9sence de la Loutre d'Europe est av\u00e9r\u00e9e dans le d\u00e9partement de\nl'Ari\u00e8ge pour la p\u00e9riode du 1er juillet 2025 au 30 juin 2026 38\nE =PR\u00c9FET |DE L'ARI\u00c8GELibert\u00e9Egalit\u00e9Fraternit\u00e9\nCABINET\nDirection des s\u00e9curit\u00e9s\nService Interminist\u00e9riel de d\u00e9fense et protection civile\nCourriel : pref-defense-protection-civile@ariege.gouv.fr\nArr\u00eat\u00e9 pr\u00e9fectoral portant composition du jury pour l'examen de certificats de comp\u00e9tence de \nformateur en \u00ab P\u00e9dagogie Appliqu\u00e9e \u00e0 l'Emploi de Formateurs aux Premiers Secours Citoyen \u00bb\nLe pr\u00e9fet de l'Ari\u00e8ge\nVu le code de la s\u00e9curit\u00e9 int\u00e9rieure et notamment ses articles R. 726-1 \u00e0 R. 726-18 ;\nVu le  d\u00e9cret  n\u00b0  2004-374  du  29  avril  2004  modifi\u00e9  relatif  aux  pouvoirs  des  pr\u00e9fets  \u00e0  \nl'organisation et \u00e0 l'action des services de l'\u00c9tat dans les r\u00e9gions et d\u00e9partements ;\nVu le d\u00e9cret du pr\u00e9sident de la R\u00e9publique du 13 juillet 2023, nommant M. Simon BERTOUX \nen qualit\u00e9 de pr\u00e9fet de l'Ari\u00e8ge ;\nVu le d\u00e9cret n\u00b02024-242 du 20 mars 2024 relatif aux formations de premiers secours ;\nVu le d\u00e9cret n\u00b02024-763 du 8 juillet 2024 relatif aux formations de premiers secours ;\nVu  l'arr\u00eat\u00e9 du 21 d\u00e9cembre 2020 portant organisation de la formation continue dans le  \ndomaine des premiers secours ;\nVu l'arr\u00eat\u00e9 minist\u00e9riel du 15 juin 2024 relatif \u00e0 la fili\u00e8re p\u00e9dagogique de s\u00e9curit\u00e9 civile ;\nVu  l'arr\u00eat\u00e9  pr\u00e9fectoral  du  16  janvier  2025  portant  d\u00e9l\u00e9gation  de  signature  de  \nMme Delphine LEMAIRE, directrice de cabinet du pr\u00e9fet de l'Ari\u00e8ge ;\nVu la demande du 7 mars 2025 de la r\u00e9gion de gendarmerie Occitanie (RGOCC) sollicitant  \nl'organisation d'un jury d'examen de certification de formateur en \u00ab P\u00e9dagogie Appliqu\u00e9e \u00e0 \nl'Emploi de Formateur en Pr\u00e9vention et Secours Citoyen \u00bb (PAE FPSC) ;\nSur proposition de la sous-pr\u00e9f\u00e8te, directrice de cabinet :\nA R R \u00ca T E\nArticle 1 :\nUn  jury  d'examen  est  constitu\u00e9  dans  le  d\u00e9partement  de  l'Ari\u00e8ge  pour  l'examen  de  \ncertification  des  comp\u00e9tences  de  formateur  en  \u00ab  P\u00e9dagogie  Appliqu\u00e9e  \u00e0  l'Emploi  de  \nFormateur en Pr\u00e9vention et Secours Citoyen \u00bb qui aura lieu mercredi 23 avril 2025 \u00e0 14h00 , \nau sein de la caserne Sarrut de la brigade de gendarmerie de Pamiers situ\u00e9e 1 avenue du  \ng\u00e9n\u00e9ral Leclerc \u00e0 Pamiers.\nCe jury est compos\u00e9 de :\n\u27a2 M. Alain CABANAC, formateur de formateurs ;\n\u27a2 M. Brice RAFFNER, formateur de formateurs ;\n\u27a2 M. Thomas DELBREIL, formateur de formateurs ;\n\u27a2 M. R\u00e9mi SUAREZ, formateur de formateurs.\n2 rue de la Pr\u00e9fecture - Pr\u00e9fet Claude - Erignac B.P . 40087 - 09007 Foix Cedex \u2013 T\u00e9l : 05 61 02 10 00\nSite internet : www.ariege.gouv.fr\n09 - PREFECTURE - DIRECTION DU CABINET - 09-2025-05-15-00002 - Arr\u00eat\u00e9 pr\u00e9fectoral portant d\u00e9livrance du certificat de\ncomp\u00e9tence de formateur en                          \u00ab P\u00e9dagogie Appliqu\u00e9e \u00e0 l'Emploi de Formateurs aux Premiers Secours Citoyen\u00a0\u00bb 39\nArticle 2     :  \nM. R\u00e9mi SUAREZ est charg\u00e9 d'assurer la pr\u00e9sidence du jury.\nArticle 3 :\nLa sous-pr\u00e9f\u00e8te, directrice de cabinet est charg\u00e9e de l'ex\u00e9cution du pr\u00e9sent arr\u00eat\u00e9, qui sera \npubli\u00e9 au recueil d\u00e9partemental des actes administratifs.\nFait \u00e0 Foix, le 14 avril 2025\nPour le pr\u00e9fet et par d\u00e9l\u00e9gation,\nla directrice de cabinet,\nSIGNE\nDelphine LEMAIRE\nDans les deux mois \u00e0 compter de la notification de la pr\u00e9sente d\u00e9cision les recours suivants peuvent \u00eatre introduits :\n\u2022 un recours gracieux, adress\u00e9 au cabinet de monsieur le Pr\u00e9fet ;\n\u2022 un recours hi\u00e9rarchique, adress\u00e9 \u00e0 M. le Ministre de l'Int\u00e9rieur \u2013 Secr\u00e9tariat g\u00e9n\u00e9ral \u2013 Place Beauvau \u2013 75800 Paris cedex \n08 ;\n\u2022 un recours contentieux, adress\u00e9 au tribunal administratif de Toulouse. Le tribunal administratif peut \u00eatre saisi par l'ap -\nplication informatique \u00ab T\u00e9l\u00e9recours citoyens \u00bb accessible par le site internet www.telerecours.fr.\nLe recours juridictionnel doit \u00eatre d\u00e9pos\u00e9 au plus tard avant l'expiration du 2e mois suivant la date de notification de la d\u00e9cision contest\u00e9e (ou \nbien du 2e mois suivant la date du rejet de votre recours gracieux ou hi\u00e9rarchique).\n2\n09 - PREFECTURE - DIRECTION DU CABINET - 09-2025-05-15-00002 - Arr\u00eat\u00e9 pr\u00e9fectoral portant d\u00e9livrance du certificat de\ncomp\u00e9tence de formateur en                          \u00ab P\u00e9dagogie Appliqu\u00e9e \u00e0 l'Emploi de Formateurs aux Premiers Secours Citoyen\u00a0\u00bb 40\nPREFET |DE L'ARI\u00c8GELibert\u00e9Egalit\u00e9Fraternit\u00e9\nCABINET\nDirection des s\u00e9curit\u00e9s\nService interminist\u00e9riel de d\u00e9fense et de protection civile\nCourriel : pref-defense-protection-civile@ariege.gouv.fr\nArr\u00eat\u00e9 pr\u00e9fectoral portant renouvellement de l'agr\u00e9ment de la Soci\u00e9t\u00e9 Vara Production \npour la formation du personnel permanent de s\u00e9curit\u00e9 incendie dans les \u00e9tablissements\nrecevant du public et les immeubles de grande hauteur\n09-SIDPC-2025\nLe pr\u00e9fet de l'Ari\u00e8ge,\nVu le d\u00e9cret n\u00b0 2004-374 du 29 avril 2004 modifi\u00e9 relatif aux pouvoirs des pr\u00e9fets, \u00e0 l'organisation et  \n\u00e0 l'action des services de l'\u00c9tat dans les r\u00e9gions et d\u00e9partements ;\nVu le d\u00e9cret du pr\u00e9sident de la R\u00e9publique du 13 juillet 2023, nommant Monsieur Simon BERTOUX  \nen qualit\u00e9 de pr\u00e9fet de l'Ari\u00e8ge ;\nVu l'arr\u00eat\u00e9 du 2 mai 2005 modifi\u00e9, relatif aux missions, \u00e0 l'emploi et \u00e0 la qualification du personnel  \npermanent  des  services  de  s\u00e9curit\u00e9  incendie  des  \u00e9tablissements  recevant  du  public  et  des \nimmeubles de grande hauteur ;\nVu  l'arr\u00eat\u00e9 pr\u00e9fectoral du 16 janvier 2025 portant d\u00e9l\u00e9gation de signature \u00e0 Madame Delphine  \nLEMAIRE, directrice de cabinet du pr\u00e9fet de l'Ari\u00e8ge ;\nVu la demande de renouvellement d'agr\u00e9ment pr\u00e9sent\u00e9e par la soci\u00e9t\u00e9 Vara Production le 31 mars  \n2025 ;\nVu l'avis favorable de Monsieur le directeur d\u00e9partemental des services d'incendie et de secours de  \nl'Ari\u00e8ge en date du 15 mai 2025 ;\nSur proposition de Madame la directrice de cabinet du pr\u00e9fet de l'Ari\u00e8ge ;\nA R R \u00ca T E\nArticle 1 :\nL'agr\u00e9ment pour assurer la formation aux dipl\u00f4mes :\n\u2022 d'agent de s\u00e9curit\u00e9 incendie et d'assistance \u00e0 personnes (SSIAP 1),\n\u2022 de chef d'\u00e9quipe de s\u00e9curit\u00e9 incendie et d'assistance \u00e0 personnes (SSIAP 2),\n\u2022 de chef de service de s\u00e9curit\u00e9 incendie et d'assistance \u00e0 personnes (SSIAP 3),\nest accord\u00e9 \u00e0 la soci\u00e9t\u00e9 Vara Production dont le si\u00e8ge social se trouve 45 avenue de la Rijole  \nPamiers 09100, pour une dur\u00e9e de cinq ans \u00e0 compter du 22 mars 2025, sous le num\u00e9ro 09-SIDPC-\n2025 qui devra figurer sur tout courrier \u00e9manant du centre agr\u00e9\u00e9.\nArticle 2     :  \nLa soci\u00e9t\u00e9 Vara Production est repr\u00e9sent\u00e9e par son g\u00e9rant Monsieur Michel BLANCO CHICOT.\n09 - PREFECTURE - DIRECTION DU CABINET - 09-2025-05-22-00002 - Renouvellement agrement SSIAP VARA PRODUCTION 41\nArticle 3     :  \nLa soci\u00e9t\u00e9 Vara Production comporte plusieurs formateurs qualifi\u00e9s SSIAP 3 :\n\u2022 Monsieur Michel BLANCO CHICOT,\n\u2022 Monsieur Daniel POUILHES,\n\u2022 Monsieur Richard BELEY, \n\u2022 Monsieur Ludovic RINGEVAL, \n\u2022 Monsieur Maxim BRETON,\nainsi que des moyens mat\u00e9riels, p\u00e9dagogiques et \u00e9quipement d'exercices de feu conformes aux  \ndispositions de l'arr\u00eat\u00e9 du 2 mai 2005 modifi\u00e9.\nArticle 4     :  \nTout changement de formateur ou de convention de mise \u00e0 disposition d'un lieu de formation ou  \nd'exercices sur feu r\u00e9el doit \u00eatre port\u00e9 \u00e0 la connaissance du pr\u00e9fet de l'Ari\u00e8ge et faire l'objet d'un  \narr\u00eat\u00e9 modificatif.\nArticle 5     :  \nEn cas de cessation d'activit\u00e9, la soci\u00e9t\u00e9 Vara Production en avise le Pr\u00e9fet de l'Ari\u00e8ge, lui transmet  \nles \u00e9l\u00e9ments permettant d'assurer la continuit\u00e9 de tra\u00e7abilit\u00e9 des dipl\u00f4mes d\u00e9livr\u00e9s et ne doit plus  \nfaire mention de son agr\u00e9ment dans les documents et correspondances qu'elle diffuse.\nArticle 6     :  \nLe  pr\u00e9fet  de  l'Ari\u00e8ge  peut,  au  cours  de  la  p\u00e9riode  d'agr\u00e9ment,  demander  \u00e0  la  soci\u00e9t\u00e9  Vara \nProduction des informations visant \u00e0 v\u00e9rifier le respect des conditions dans lesquelles elle a \u00e9t\u00e9  \nagr\u00e9\u00e9e. L'agr\u00e9ment peut \u00eatre retir\u00e9 \u00e0 tout moment par d\u00e9cision motiv\u00e9e du pr\u00e9fet de l'Ari\u00e8ge,  \nnotamment en cas de non-respect des conditions fix\u00e9es par le pr\u00e9sent arr\u00eat\u00e9, pour sa d\u00e9livrance.\nArticle 7     :  \nLe dossier de demande de renouvellement doit \u00eatre adress\u00e9 au pr\u00e9fet de l'Ari\u00e8ge deux mois, au  \nmoins, avant la date anniversaire de l'agr\u00e9ment.\nArticle 8     :  \nMadame la directrice de cabinet du pr\u00e9fet de l'Ari\u00e8ge et Monsieur le directeur d\u00e9partemental des  \nservices d'incendie et de secours sont charg\u00e9s, chacun en ce qui le concerne, de l'ex\u00e9cution du  \npr\u00e9sent arr\u00eat\u00e9, qui sera publi\u00e9 au recueil d\u00e9partemental des actes administratifs.\nFait \u00e0 Foix, le 22 mai 2025.\nPour le pr\u00e9fet et par d\u00e9l\u00e9gation,\nLa directrice de cabinet,\nSIGN\u00c9\nDelphine LEMAIRE\n09 - PREFECTURE - DIRECTION DU CABINET - 09-2025-05-22-00002 - Renouvellement agrement SSIAP VARA PRODUCTION 42\nPREFET |DE L'ARI\u00c8GELibert\u00e9\u00c9galit\u00e9Fraternit\u00e9\nDirection r\u00e9gionale de l'environnement,\nde l'am\u00e9nagement et du logement\nd'Occitanie\nArr\u00eat\u00e9 d\u00e9partemental n\u00b02025-09-02 portant d\u00e9rogation aux interdictions de transport\nnaturalisation et d\u00e9tention de sp\u00e9cimens d'esp\u00e8ces animales prot\u00e9g\u00e9es au b\u00e9n\u00e9fice de la\nf\u00e9d\u00e9ration d\u00e9partementale des chasseurs d'Ari\u00e8ge\nLE PR\u00c9FET DE L'ARIEGE,\nVu le Code de l'environnement, notamment les articles L411-1 et L411-2, et R411-1 \u00e0 R411-14\u00a0;\nvu l'arr\u00eat\u00e9  interminist\u00e9riel  du  19  f\u00e9vrier  2007  relatif  aux  conditions  de  demande  et\nd'instruction des d\u00e9rogations d\u00e9finies au 4\u00b0 de l'article L411-2 du Code de l'environnement\u00a0;\nvu le  d\u00e9cret  n\u00b0  97-34  du  15  janvier  1997  relatif  \u00e0  la  d\u00e9concentration  des  d\u00e9cisions\nadministratives individuelles et le d\u00e9cret n\u00b0 97-1204 du 19 d\u00e9cembre 1997 pris pour son\napplication\u00a0;\nvu le d\u00e9cret du 13 juillet 2023 nommant M.Simon BERTOUX pr\u00e9fet de l'Ari\u00e8ge,\nvu l'arr\u00eat\u00e9 minist\u00e9riel du 30 juin 1998 fixant les modalit\u00e9s d'application de la convention sur le\ncommerce international des esp\u00e8ces de faune et de flore sauvages menac\u00e9es d'extinction\net des r\u00e8glements (CE) n\u00b0 338/97 du Conseil europ\u00e9en et (CE) n\u00b0 939/97 de la Commission\neurop\u00e9enne\u00a0;\nvu l'arr\u00eat\u00e9 interminist\u00e9riel du 19 f\u00e9vrier 2007 modifi\u00e9, fixant les conditions de demande et\nd'instruction des d\u00e9rogations d\u00e9finies au 4\u00b0 de l'article L411-2 du Code de l'environnement\nportant sur des esp\u00e8ces de faune et de flore prot\u00e9g\u00e9es\u00a0;\nvu l'arr\u00eat\u00e9 minist\u00e9riel du 26 novembre 2013 fixant les conditions et limites dans lesquelles des\nd\u00e9rogations \u00e0 l'interdiction de naturalisation de sp\u00e9cimens d'esp\u00e8ces animales prot\u00e9g\u00e9es\npeuvent \u00eatre accord\u00e9es par les pr\u00e9fets\u00a0;\nvu l'arr\u00eat\u00e9  minist\u00e9riel  du  9  juillet  1999  fixant  la  liste  des  esp\u00e8ces  de  vert\u00e9br\u00e9s  prot\u00e9g\u00e9es\nmenac\u00e9es d'extinction en France et dont  l'aire de r\u00e9partition exc\u00e8de le territoire d'un\nd\u00e9partement,\nvu l'arr\u00eat\u00e9 minist\u00e9riel du 23 avril 2007 fixant la liste des mammif\u00e8res terrestres prot\u00e9g\u00e9s sur\nl'ensemble du territoire et les modalit\u00e9s de leur protection,\nPr\u00e9fecture de l'Ari\u00e8ge\n02 rue de la Pr\u00e9fecture Pr\u00e9fet Claude Erignac\n09007 FOIX\nwww.ariege.gouv.fr\n2025 \u2013 d\u00e9partemental d'Ari\u00e8ge 2025-09-02\np 1 / 6\n09 - PREFECTURE DE L'ARIEGE - DIRECTION DE LA COORDINATION INTERMINISTERIELLE ET DE L'APPUI TERRITORIAL -\n09-2025-05-21-00001 - Arr\u00eat\u00e9 d\u00e9partemental n\u00b02025-09-02 portant d\u00e9rogation aux interdictions de transport\nnaturalisation et d\u00e9tention de sp\u00e9cimens d'esp\u00e8ces animales prot\u00e9g\u00e9es au b\u00e9n\u00e9fice de la\nf\u00e9d\u00e9ration d\u00e9partementale des chasseurs d'Ari\u00e8ge\n43\nvu l'arr\u00eat\u00e9 minist\u00e9riel du 29 octobre 2009 fixant les listes des oiseaux prot\u00e9g\u00e9s sur l'ensemble\ndu territoire et les modalit\u00e9s de leur protection\u00a0;\nvu l'arr\u00eat\u00e9 minist\u00e9riel du 18 octobre 2019 de la ministre de la transition \u00e9cologique et solidaire\net  de  la  ministre  de  la  coh\u00e9sion  des  territoires  et  des  relations  avec  les  collectivit\u00e9s\nterritoriales, nommant Monsieur Patrick BERG, directeur r\u00e9gional de l'environnement, de\nl'am\u00e9nagement et du logement de la r\u00e9gion Occitanie \u00e0 compter du 1 d\u00e9cembre 2019,\nvu l'arr\u00eat\u00e9 du 12 novembre 2024 de la ministre de la Transition \u00e9cologique, de l'\u00e9nergie, du\nclimat et de la pr\u00e9vention des risques, renouvelant dans ses fonctions M. Patrick BERG,\ndirecteur r\u00e9gional de l'environnement, de l'am\u00e9nagement et du logement de la r\u00e9gion\nOccitanie \u00e0 compter du 1er\n d\u00e9cembre 2024\u00a0;\nvu l'arr\u00eat\u00e9 pr\u00e9fectoral en date du 23 d\u00e9cembre 2024 de la pr\u00e9fecture de l'Ari\u00e8ge donnant\nd\u00e9l\u00e9gation de signature \u00e0 Monsieur Patrick BERG, directeur r\u00e9gional de l'environnement, de\nl'am\u00e9nagement et du logement de la r\u00e9gion Occitanie\u00a0;\nvu l'arr\u00eat\u00e9 pr\u00e9fectoral n\u00b0 AS 09-2024-12-24, portant subd\u00e9l\u00e9gation de signature du directeur\naux agents de la DREAL Occitanie\u00a0;\nvu la demande pr\u00e9sent\u00e9e par Madame H\u00e9lene BOMPART Charg\u00e9e de communication au sein\nde la f\u00e9d\u00e9ration d\u00e9partementale des chasseurs d'Ari\u00e8ge le 27 f\u00e9vrier 2025 et enregistr\u00e9e\nsous le num\u00e9ro ONAGRE 2025-05-19x-00828\u00a0;\nconsid\u00e9rant que ce projet s'inscrit  dans l'int\u00e9r\u00eat  de la protection de la faune et  de la flore\nsauvages et de la conservation des habitats naturels\u00a0;\nconsid\u00e9rant l'absence d'impact ou de perturbation sur les sp\u00e9cimens concern\u00e9s\u00a0;\nconsid\u00e9rant qu'il n'existe pas d'autre solution satisfaisante pour la r\u00e9alisation de cette mission\u00a0;\nconsid\u00e9rant que la d\u00e9rogation n'est pas susceptible de porter atteinte aux esp\u00e8ces prot\u00e9g\u00e9es\nconcern\u00e9es, et est sans effet significatif sur l'environnement, elle ne requiert donc pas de\nparticipation du public pr\u00e9alable \u00e0 l'octroi de la d\u00e9rogation, en application de l'article L123-\n19-2 du Code de l'environnement\u00a0;\nconsid\u00e9rant que la d\u00e9rogation ne nuira pas au maintien de l'\u00e9tat de conservation de ces esp\u00e8ces\ndans leur aire de r\u00e9partition naturelle et qu'elle ne remet pas en cause le bon \u00e9tat de\nconservation de ces esp\u00e8ces dans la r\u00e9gion Occitanie\u00a0;\nsur proposition  du directeur r\u00e9gional de l'environnement, de l'am\u00e9nagement et du logement\nd'Occitanie\nArr\u00eate\n2025 \u2013 d\u00e9partemental d'Ari\u00e8ge 2025-09-02\np 2 / 6\n09 - PREFECTURE DE L'ARIEGE - DIRECTION DE LA COORDINATION INTERMINISTERIELLE ET DE L'APPUI TERRITORIAL -\n09-2025-05-21-00001 - Arr\u00eat\u00e9 d\u00e9partemental n\u00b02025-09-02 portant d\u00e9rogation aux interdictions de transport\nnaturalisation et d\u00e9tention de sp\u00e9cimens d'esp\u00e8ces animales prot\u00e9g\u00e9es au b\u00e9n\u00e9fice de la\nf\u00e9d\u00e9ration d\u00e9partementale des chasseurs d'Ari\u00e8ge\n44\nARTICLE 1  er\n   \u2013 Cadre de la d\u00e9rogation  \nCette d\u00e9rogation est accord\u00e9e dans le cadre des activit\u00e9s scientifiques et p\u00e9dagogiques de la\nF\u00e9d\u00e9ration d\u00e9partementale des chasseurs d'Ari\u00e8ge (FDC09) \u00e0 FOIX.\nElle  concerne  toutes  les esp\u00e8ces de vert\u00e9br\u00e9s  du  groupe  suivant\u00a0:  mammif\u00e8res  et  oiseaux  y\ncompris les esp\u00e8ces r\u00e9glement\u00e9es (CITES et esp\u00e8ces prot\u00e9g\u00e9es).\nLa F\u00e9d\u00e9ration d\u00e9partementale des chasseurs d'Ari\u00e8ge, situ\u00e9e au Couloumi\u00e9 Labarre 09000 FOIX,\nest autoris\u00e9e \u00e0\u00a0:\n- transporter apr\u00e8s accord pr\u00e9alable de la DREAL, les d\u00e9pouilles de sp\u00e9cimens, en vue de leur\npr\u00e9paration ou naturalisation, de toutes les esp\u00e8ces animales dont la mort est justifi\u00e9e comme\nnaturelle  ou  accidentelle  ainsi  que  les  parties  ou  sp\u00e9cimens  entiers  d'animaux\npr\u00e9par\u00e9s/naturalis\u00e9s, selon les conditions cit\u00e9es \u00e0 l'article 2 du pr\u00e9sent arr\u00eat\u00e9,\n- pr\u00e9parer ou naturaliser tout ou partie de sp\u00e9cimen d'animal ayant vocation \u00e0 faire partie de la\ncollection de la F\u00e9d\u00e9ration d\u00e9partementale des chasseurs d'Ari\u00e8ge apr\u00e8s accord pr\u00e9alable de la\nDREAL et selon les conditions cit\u00e9es \u00e0 l'article 2 du pr\u00e9sent arr\u00eat\u00e9,\n- utiliser les sp\u00e9cimens pr\u00e9par\u00e9s ou naturalis\u00e9s de toutes les esp\u00e8ces animales pour toutes les\nmanifestations  de  la  F\u00e9d\u00e9ration  d\u00e9partementale  des  chasseurs  d'Ari\u00e8ge  selon  les  conditions\ncit\u00e9es \u00e0 l'article 2 du pr\u00e9sent arr\u00eat\u00e9,\n- d\u00e9tenir tout ou partie d'un sp\u00e9cimen d'animal mort ou de pi\u00e8ces de sp\u00e9cimens \u00e0 pr\u00e9parer,\nnaturaliser ou d\u00e9j\u00e0 naturalis\u00e9s.\nARTICLE 2 \u2013 Conditions de la d\u00e9rogation    \n2.1 - Conditions de transport\nLe transport de sp\u00e9cimens entiers d'animaux pr\u00e9par\u00e9s, naturalis\u00e9s ou \u00e0 naturaliser est accord\u00e9\npour l'acheminement : \n- des d\u00e9pouilles jusqu'\u00e0 la F\u00e9d\u00e9ration d\u00e9partementale des chasseurs d'Ari\u00e8ge en vue de leur\nnaturalisation par un taxidermiste,\n- vers une soci\u00e9t\u00e9 d'\u00e9quarrissage en cas de sp\u00e9cimens non r\u00e9cup\u00e9rables pour une utilisation par la\nF\u00e9d\u00e9ration d\u00e9partementale des chasseurs d'Ari\u00e8ge,\n- vers un lieu d'exposition (type hors les murs) dans le d\u00e9partement d'Ari\u00e8ge, diff\u00e9rent du si\u00e8ge de\nla F\u00e9d\u00e9ration d\u00e9partementale des chasseurs d'Ari\u00e8ge mentionn\u00e9 \u00e0 l'article 1, notamment dans le\ncadre de mesures de sensibilisation du public, sous r\u00e9serve d'avoir pr\u00e9alablement inform\u00e9 la\nDREAL.\nMonsieur Jean-Luc FERNANDEZ en qualit\u00e9 de pr\u00e9sident de la F\u00e9d\u00e9ration d\u00e9partementale des\nchasseurs  d'Ari\u00e8ge  d\u00e9signe  syst\u00e9matiquement  par  lettre  de  mission  faisant  r\u00e9f\u00e9rence  \u00e0  la\npr\u00e9sente autorisation, le(s) responsable(s) des transports d\u00e9crits en article 2 du pr\u00e9sent arr\u00eat\u00e9. Il\nest responsable de la bonne tenue des registres des entr\u00e9es et des sorties de la collection de la\nF\u00e9d\u00e9ration d\u00e9partementale des chasseurs d'Ari\u00e8ge.\n2025 \u2013 d\u00e9partemental d'Ari\u00e8ge 2025-09-02\np 3 / 6\n09 - PREFECTURE DE L'ARIEGE - DIRECTION DE LA COORDINATION INTERMINISTERIELLE ET DE L'APPUI TERRITORIAL -\n09-2025-05-21-00001 - Arr\u00eat\u00e9 d\u00e9partemental n\u00b02025-09-02 portant d\u00e9rogation aux interdictions de transport\nnaturalisation et d\u00e9tention de sp\u00e9cimens d'esp\u00e8ces animales prot\u00e9g\u00e9es au b\u00e9n\u00e9fice de la\nf\u00e9d\u00e9ration d\u00e9partementale des chasseurs d'Ari\u00e8ge\n45\n2.2 \u2013 Conditions de naturalisation\nL'autorisation de naturalisation est accord\u00e9e au(x) taxidermiste(s) missionn\u00e9(s) par la F\u00e9d\u00e9ration\nd\u00e9partementale des chasseurs d'Ari\u00e8ge sous condition d'avoir pr\u00e9alablement fourni aux services\nde  la  DREAL  l'identit\u00e9  (physique  ou  morale)  et  les  coordonn\u00e9es  de  ce(s)  taxidermiste(s).  La\nv\u00e9rification des autorisations \u00e0 exercer, ainsi que le choix et suivi de la naturalisation et des\npr\u00e9parations, sont sous la responsabilit\u00e9 du pr\u00e9sident.\nTout au long des op\u00e9rations li\u00e9es \u00e0 la naturalisation, \u00e0 la restauration ou au transfert vers d'autres\n\u00e9tablissements  autoris\u00e9s,  les sp\u00e9cimens  \u00e0  naturaliser  seront  accompagn\u00e9s  d'une  copie  de la\npr\u00e9sente autorisation en compl\u00e9ment des \u00e9l\u00e9ments propres \u00e0 l'identification de chaque pi\u00e8ce.\n2.3 \u2013 Conditions d'exposition\nL'autorisation d'exposition est accord\u00e9e pour toutes les manifestations internes \u00e0 la F\u00e9d\u00e9ration\nd\u00e9partementale des chasseurs d'Ari\u00e8ge, ainsi que pour les expositions hors site (dite hors les\nmurs) de l'\u00e9tablissement notamment dans le cadre de mesures de sensibilisation du public sous\nr\u00e9serve d'avoir pr\u00e9alablement inform\u00e9 la DREAL.\nChaque sp\u00e9cimen naturalis\u00e9 est plac\u00e9 sur un socle indissociable sur lequel figurent de fa\u00e7on ap -\nparente, les noms vernaculaire et scientifique de l'esp\u00e8ce ainsi que la forme de protection juri -\ndique dont elle b\u00e9n\u00e9ficie.\nSous ce socle, doivent figurer :\n- le nom du b\u00e9n\u00e9ficiaire de la d\u00e9rogation \u00e0 l'interdiction de naturalisation et la date de la d\u00e9roga -\ntion,\n- le lieu, la date de d\u00e9couverte du sp\u00e9cimen et, si elle est connue, la cause de la mort,\n- le nom du taxidermiste ayant effectu\u00e9 la naturalisation et le num\u00e9ro d'inscription de celui-ci au\nr\u00e9pertoire des m\u00e9tiers ou au registre du commerce,\n- le num\u00e9ro d'inventaire. Ce num\u00e9ro doit \u00eatre report\u00e9 sur le registre d'inventaire des collections\ndu Mus\u00e9um, o\u00f9 doivent figurer, en face de chaque num\u00e9ro, les noms vernaculaire et scientifique\nde l'esp\u00e8ce ainsi que l'origine du sp\u00e9cimen.\nDans chaque sp\u00e9cimen naturalis\u00e9, une puce d'identification est incorpor\u00e9e pour assurer la tra\u00e7a -\nbilit\u00e9 de la collection. \nEn l'absence de socle d\u00fb \u00e0 une pr\u00e9paration ou une mise en sc\u00e8ne particuli\u00e8re du sp\u00e9cimen, (oi -\nseaux  en  vol  suspendu  du  plafond)  il  revient  \u00e0  la F\u00e9d\u00e9ration  d\u00e9partementale des  chasseurs\nd'Ari\u00e8ge de mettre en place un syst\u00e8me de tra\u00e7abilit\u00e9 fiable, accessible et compr\u00e9hensible par\ntous, pour que le sp\u00e9cimen soit reli\u00e9 \u00e0 toutes les informations indiqu\u00e9es plus haut.\n2.4 \u2013 Conditions li\u00e9es \u00e0 la r\u00e9glementation CITES\nToutes les pi\u00e8ces expos\u00e9es au public dont les sp\u00e9cimens appartiennent \u00e0 des esp\u00e8ces reprises \u00e0\nl'annexe  A  du  r\u00e8glement  338/97  et  suivants,  ne  peuvent  \u00eatre  expos\u00e9es,  \u00e9chang\u00e9es\ntemporairement ou circuler sur le territoire national ou intracommunautaire que si et seulement\nsi ces sp\u00e9cimens sont couverts par un certificat intracommunautaire dit CIC. L'instruction des\nCIC doit \u00eatre sollicit\u00e9e aupr\u00e8s du bureau local CITES de la DREAL Occitanie.\nPour les pi\u00e8ces d\u00e9tenues \u00e0 ce jour, non expos\u00e9es au public, non destin\u00e9es \u00e0 quitter les r\u00e9serves de\nl'\u00e9tablissement,  dont  les  sp\u00e9cimens  appartiennent  \u00e0  des  esp\u00e8ces  reprises  \u00e0  l'annexe  A  du\n2025 \u2013 d\u00e9partemental d'Ari\u00e8ge 2025-09-02\np 4 / 6\n09 - PREFECTURE DE L'ARIEGE - DIRECTION DE LA COORDINATION INTERMINISTERIELLE ET DE L'APPUI TERRITORIAL -\n09-2025-05-21-00001 - Arr\u00eat\u00e9 d\u00e9partemental n\u00b02025-09-02 portant d\u00e9rogation aux interdictions de transport\nnaturalisation et d\u00e9tention de sp\u00e9cimens d'esp\u00e8ces animales prot\u00e9g\u00e9es au b\u00e9n\u00e9fice de la\nf\u00e9d\u00e9ration d\u00e9partementale des chasseurs d'Ari\u00e8ge\n46\nr\u00e8glement 338/97 et suivants, peuvent \u00eatre exempt\u00e9es du certificat intracommunautaire pour\nleur  d\u00e9tention.  L'acquisition  de  nouveaux  sp\u00e9cimens  appartenant  \u00e0  des  esp\u00e8ces  reprises  \u00e0\nl'annexe A du r\u00e8glement 338/97 et suivants doivent arriver \u00e0 la F\u00e9d\u00e9ration d\u00e9partementale des\nchasseurs d'Ari\u00e8ge avec leur CIC pr\u00e9alablement obtenu par le c\u00e9dant.\n2.5 \u2013 Conditions de compte rendu\nUn compte rendu annuel d\u00e9taill\u00e9 des op\u00e9rations sera \u00e9tabli, en pr\u00e9cisant les entr\u00e9es et sorties\nainsi  que  le  devenir  des  sp\u00e9cimens,  et  annexant  copie  des  proc\u00e8s  verbaux  de  d\u00e9p\u00f4ts  des\nsp\u00e9cimens de l'ann\u00e9e, pr\u00e9par\u00e9s/naturalis\u00e9s ou non. Ce compte-rendu, ainsi que les \u00e9ventuels\narticles  aff\u00e9rents  aux  op\u00e9rations  r\u00e9alis\u00e9es,  seront  transmis  \u00e0  la  Direction  R\u00e9gionale  de\nl'Environnement, de l'Am\u00e9nagement et du Logement d'Occitanie - Direction \u00e9cologie - service\n\u00ab\u00a0esp\u00e8ces prot\u00e9g\u00e9es\u00a0\u00bb et bureau CITES, \u00e0 la Direction d\u00e9partementale des territoires d'Ari\u00e8ge et \u00e0\nla Direction de l'Eau et de la Biodiversit\u00e9 du Minist\u00e8re en charge de l'\u00c9cologie, avant le 31 mars de\nl'ann\u00e9e suivante.\nARTICLE 3 \u2013  P\u00e9riode de validit\u00e9 de la d\u00e9rogation\nLa d\u00e9rogation est accord\u00e9e jusqu'au 31 d\u00e9cembre 2029.\nARTICLE 4 \u2013 Transmission des donn\u00e9es et publication des r\u00e9sultats\nLes b\u00e9n\u00e9ficiaires de l'article 1 er\n du pr\u00e9sent arr\u00eat\u00e9 pr\u00e9cisent dans le cadre de leurs publications et\ncommunications  diverses  que  ces  activit\u00e9s  ont  \u00e9t\u00e9  r\u00e9alis\u00e9es  sous  couvert  d'une  autorisation\npr\u00e9fectorale, s'agissant d'esp\u00e8ces prot\u00e9g\u00e9es.\nARTICLE 5 \u2013 Autres accords ou autorisations\nLa pr\u00e9sente autorisation ne dispense pas d'autres accords ou autorisations qui pourraient \u00eatre\npar ailleurs n\u00e9cessaires pour la r\u00e9alisation de ces activit\u00e9s.\nARTICLE 6 \u2013 Modification de la demande - Incidents\nToute  modification  substantielle  est  port\u00e9e  \u00e0  la  connaissance  du  service  en  charge  de  la\nbiodiversit\u00e9 la DREAL Occitanie par le demandeur. Le cas \u00e9ch\u00e9ant, ces modifications peuvent\nfaire l'objet d'arr\u00eat\u00e9s modificatifs. Elles ne deviennent effectives qu'apr\u00e8s leur approbation par le\nservice en charge de la biodiversit\u00e9 la DREAL Occitanie ou la notification d'un arr\u00eat\u00e9 modificatif.\nLe b\u00e9n\u00e9ficiaire de la pr\u00e9sente d\u00e9rogation est tenu de d\u00e9clarer aux services de l'Etat mentionn\u00e9s \u00e0\nl'article 10, d\u00e8s qu'ils en ont connaissance, les accidents ou incidents survenus dans les activit\u00e9s\ndu projet faisant l'objet de la pr\u00e9sente d\u00e9rogation, qui sont de nature \u00e0 porter atteinte aux\nesp\u00e8ces prot\u00e9g\u00e9es.\nARTICLE 7 \u2013  Mesures de contr\u00f4le\nLa mise en \u0153uvre du pr\u00e9sent arr\u00eat\u00e9 peut faire l'objet de contr\u00f4le par les agents charg\u00e9s de\nconstater les infractions mentionn\u00e9es \u00e0 l'article L415-3 du Code de l'environnement.\nARTICLE 8 \u2013 Sanctions\nLe non-respect du pr\u00e9sent arr\u00eat\u00e9 est puni des sanctions d\u00e9finies \u00e0 l'article L415-3 du Code de\nl'environnement.\n2025 \u2013 d\u00e9partemental d'Ari\u00e8ge 2025-09-02\np 5 / 6\n09 - PREFECTURE DE L'ARIEGE - DIRECTION DE LA COORDINATION INTERMINISTERIELLE ET DE L'APPUI TERRITORIAL -\n09-2025-05-21-00001 - Arr\u00eat\u00e9 d\u00e9partemental n\u00b02025-09-02 portant d\u00e9rogation aux interdictions de transport\nnaturalisation et d\u00e9tention de sp\u00e9cimens d'esp\u00e8ces animales prot\u00e9g\u00e9es au b\u00e9n\u00e9fice de la\nf\u00e9d\u00e9ration d\u00e9partementale des chasseurs d'Ari\u00e8ge\n47\nARTICLE 9  \u00a0  \u2013 D\u00e9lais et voies de recours \u2013 Informations des tiers  \nLes droits des tiers sont et demeurent express\u00e9ment r\u00e9serv\u00e9s. Le pr\u00e9sent arr\u00eat\u00e9 est notifi\u00e9 au\ndemandeur et publi\u00e9 aux recueils des actes administratifs de la pr\u00e9fecture d'Ari\u00e8ge\nLa pr\u00e9sente d\u00e9cision peut faire l'objet, dans le d\u00e9lai des deux mois suivant sa publication aux\nrecueils des actes administratifs, d'un recours contentieux par courrier devant le pr\u00e9fet d'Ari\u00e8ge\nou un recours hi\u00e9rarchique devant le ministre de la transition \u00e9cologique et de la coh\u00e9sion des\nterritoires \u2013 direction g\u00e9n\u00e9rale de l'am\u00e9nagement, du logement et de la nature \u2013 tour S\u00e9quo\u00efa \u2013\n92055 La D\u00e9fense CEDEX.\nEn cas de rejet  (le silence gard\u00e9 pendant  deux  mois vaut  rejet  de la demande)  un  recours\ncontentieux  pourra  \u00eatre  introduit  dans  les  deux  mois  suivant  la  r\u00e9ponse  devant  le  tribunal\nadministratif de Toulouse.\nARTICLE 10  \u00a0  \u2013 Ex\u00e9cution  \u00a0  \nLe  directeur  r\u00e9gional  de  l'environnement,  de  l'am\u00e9nagement  et  du  logement  d'Occitanie,  le\ndirecteur d\u00e9partemental des territoires,  le commandant  du groupement de gendarmerie et le\nchef de service d\u00e9partemental de l'office fran\u00e7ais pour la biodiversit\u00e9 sont charg\u00e9s, chacun en ce\nqui le concerne, de l'ex\u00e9cution du pr\u00e9sent arr\u00eat\u00e9.\nPour le pr\u00e9fet\nLe directeur r\u00e9gional de l'environnement\nde l'am\u00e9nagement et du logement\nPar d\u00e9l\u00e9gation\nLe directeur r\u00e9gional adjoint\nMatthieu GREGORY\nLe pr\u00e9sent arr\u00eat\u00e9 s'accompagne d'annexes non publiques relatives aux annexes des collections de la\nF\u00e9d\u00e9ration d\u00e9partementale des chasseurs d'Ari\u00e8ge\n2025 \u2013 d\u00e9partemental d'Ari\u00e8ge 2025-09-02\np 6 / 6\n09 - PREFECTURE DE L'ARIEGE - DIRECTION DE LA COORDINATION INTERMINISTERIELLE ET DE L'APPUI TERRITORIAL -\n09-2025-05-21-00001 - Arr\u00eat\u00e9 d\u00e9partemental n\u00b02025-09-02 portant d\u00e9rogation aux interdictions de transport\nnaturalisation et d\u00e9tention de sp\u00e9cimens d'esp\u00e8ces animales prot\u00e9g\u00e9es au b\u00e9n\u00e9fice de la\nf\u00e9d\u00e9ration d\u00e9partementale des chasseurs d'Ari\u00e8ge\n48\nDIRECTION DEPARTEMENTALEPREFET DE L'EMPLOI, DU TRAVAIL, DES SOLIDARITES_ DE VARIEGE ET DE LA PROTECTION DES POPULATIONSLibert\u00e9 \u2014 Service Acc\u00e8s et Retour \u00e0 l'EmploiEgalit\u00e9Fraternit\u00e9 Affaire suivie par Clotilde VIRGILE SALICETIT\u00e9l : 05 61 02 43 90\nArr\u00eat\u00e9 portant renouvellement d'agr\u00e9mentd'une Entreprise Solidaire d'utilit\u00e9 Sociale (ESUS)enregistr\u00e9 sous le n\u00b0UDO9 ESUS n\u00b02025 001 N\u00b0899965081\nLe Pr\u00e9fet de l'Ari\u00e8ge et par subd\u00e9l\u00e9gation du Directeur de la DDETSPP de l'Ari\u00e8ge, la cheffe du ServiceAcc\u00e8s et Retour \u00e0 l'Emploi,Vu la loi n\u00b02014-856 du 31 juillet 2014 relative \u00e0 l'\u00c9conomie Sociale et Solidaire,Vu les articles L3332-17-1 et R3332-21-1 \u00e0 5 du code du travail,Vu le d\u00e9cret n\u00b02015-719'du 23: juin 2015 relatif \u00e0 l'agr\u00e9ment Entreprise Solidaire d'Utilit\u00e9 Sociale,Vu l'arr\u00eat\u00e9 du 5 ao\u00fbt 2015 fixant la composition du dossier de demande d'agr\u00e9ment \u00ab Entreprise Soli-daire d'Utilit\u00e9 Sociale \u00bb,Vu la d\u00e9l\u00e9gation de signature du Pr\u00e9fet de l'Ari\u00e8ge \u00e0 l'attention du Directeur de la DDETSPP del'Ari\u00e8ge, ainsi que la subd\u00e9l\u00e9gation du Directeur de la DDETSPP de l'Ari\u00e8ge, a l'attention de la cheffedu Service Acc\u00e8s et Retour \u00e0 l'Emploi de la DDETSPP de l'Ari\u00e8ge, -Vu la d\u00e9cision d'accord d'agr\u00e9ment d'une entreprise solidaire d'utilit\u00e9 sociale (ESUS) d\u00e9livr\u00e9le 31 janvier 2022 \u00e0 l'association \u00ab RESSOURCERIE DU HAUT SALAT \u00bb, sise \u00e0 OUST (09140), Les Ilousroute d'Aulus,Vu la demande de renouvellement d'agr\u00e9ment en tant qu'Entreprise Solidaire d'Utilit\u00e9 Sociale, pr\u00e9sen-t\u00e9e le 26 mars 2025 par l'association \u00ab RESSOURCERIE DU HAUT SALAT \u00bb, sise \u00e0 OUST (09140), Leslous route d'Aulus,Consid\u00e9rant que l'association susvis\u00e9e a justifi\u00e9 remplir les conditions n\u00e9cessaires \u00e0 l'obtention del'agr\u00e9ment et qu'elle a justifi\u00e9 remplir les conditions du II de l'article 1 de l'arr\u00eat\u00e9 du 5 ao\u00fbt 2015,\n9 rue du lieutenant Paul Delpech - 09000 FOIX'Site internet : www.ariege.gouv.fr\n09 -DIRECTION DEPARTEMENTALE DE L' EMPLOI, DU TRAVAIL, DES SOLIDARITES ET DE LA PROTECTION DES POPULATIONS -\nSERVICE ACCES ET RETOUR A L'EMPLOI - 09-2025-05-23-00002 - Arr\u00eat\u00e9 agr\u00e9ment ESUS RESSOURCERIE DU HAUT SALAT 49\nArr\u00e9te :\nArticle 1: L'association \u00ab RESSOURCERIE DU HAUT SALAT \u00bb, sise \u00e0 OUST (09140), Les Ilous route d'Au-lus, n\u00b0 SIRET : 899 965 081 est agr\u00e9\u00e9e en tant qu'Entreprise Solidaire d'Utilit\u00e9 Sociale au sens de l'articleL.332-17-1 du code du travail.Article 2 : Le pr\u00e9sent renouvellement d'agr\u00e9ment est accord\u00e9 pour une dur\u00e9e de cing ans \u00e0 compter desa date de notification.Article 3 : Le pr\u00e9sent arr\u00eat\u00e9 sera publi\u00e9 au recueil des actes administratifs de la pr\u00e9fecture.\net par subd\u00e9\n| i\n29 rue du lieutenant Paul Delpech - 09000 FOIXSite internet : www.ariege.gouv.fr\n09 -DIRECTION DEPARTEMENTALE DE L' EMPLOI, DU TRAVAIL, DES SOLIDARITES ET DE LA PROTECTION DES POPULATIONS -\nSERVICE ACCES ET RETOUR A L'EMPLOI - 09-2025-05-23-00002 - Arr\u00eat\u00e9 agr\u00e9ment ESUS RESSOURCERIE DU HAUT SALAT 50\n| | | | DIRECTION D\u00c9PARTEMENTALEPR\u00c9FET DE L'EMPLOI, DU TRAVAIL, DES SOLIDARITESDE L'ARI\u00c8GE | ET DE LA PROTECTION DES POPULATIONSLibert\u00e9 Service Acc\u00e8s et Retour \u00e0 l'Emploi\u00c9galit\u00e9 Affaire suivie par Chlo\u00e9 PETERFraternit\u00e9 T\u00e9l : 05 61 02 43 94Courriel : chloe.peter@ariege.gouv.fr\nR\u00e9c\u00e9piss\u00e9 de d\u00e9clarationd'un organisme de services \u00e0 la personneenregistr\u00e9 sous le N\u00b0 SAP944106426\nVu le code du travail et notamment les articles L.7231-1 \u00e0 L.7233-2, R.7232-16 \u00e0 R.7232-22, D.7231-1et D.7233-1 \u00e0 D.7233-5 ;\u00b0. Vu la demande de d\u00e9claration d\u00e9pos\u00e9e par Monsieur Joseph ESCURE, 20 ALL\u00c9E des Orchi-d\u00e9es 09200 Saint-Girons, le 13/05/25 ;\nLe pr\u00e9fet de I' Ari\u00e8geConstate :Qu'une d\u00e9claration d'activit\u00e9s de services \u00e0 la personne a \u00e9t\u00e9 d\u00e9pos\u00e9e aupr\u00e8s du serviceinstructeur de |' Ari\u00e8ge, le 13/05/25 par M. ESCURE Joseph en qualit\u00e9 de dirigeant(e), pour l'orga-nisme dont l'\u00e9tablissement principal est situ\u00e9 20 ALL\u00c9E des Orchid\u00e9es 09200 Saint-Girons et enre-gistr\u00e9 sous le N\u00b0 SAP944106426 pour les activit\u00e9s suivantes :\u00a2 Petits travaux de jardinage (mode d'intervention Prestataire)\nToute modification concernant les activit\u00e9s exerc\u00e9es devra faire l'objet d'une d\u00e9clarationmodificative pr\u00e9alable.Sous r\u00e9serve d'\u00eatre exerc\u00e9es \u00e0 titre exclusif (ou sous r\u00e9serve d'une comptabilit\u00e9 s\u00e9par\u00e9e pour lespersonnes morales dispens\u00e9es de cette condition), ces activit\u00e9s ouvrent droit au b\u00e9n\u00e9fice desdispositions des articles L. 7233-2 du code du travail et L.241-10 du code de la s\u00e9curit\u00e9 socialedans les conditions pr\u00e9vues par ces articles.Les effets de la d\u00e9claration courent \u00e0 compter du jour du d\u00e9p\u00f4t de la d\u00e9claration sous r\u00e9serve desdispositions de l'article R.7232-18 du code du travail. Le pr\u00e9sent r\u00e9c\u00e9piss\u00e9 n'est pas limit\u00e9 dans letemps. La d\u00e9claration a une port\u00e9e nationale.Le cas \u00e9ch\u00e9ant :En application des articles L.7232-1 et R.7232-1 \u00e0 R.7232-15, les activit\u00e9s n\u00e9cessitant un agr\u00e9ment(I de l'article D.7231-1 du code du travail) n'ouvrent droit \u00e0 ces dispositions que si l'organisme apr\u00e9alablement obtenu l'agr\u00e9ment ou le renouvellement de cet agr\u00e9ment dans le ou lesd\u00e9partement(s) d'exercice de ses activit\u00e9s.\n9 rue du Lieutenant Paul Delpech - 09000 Foix Cedex - T\u00e9l : 05 61 02 43 00Site internet : www.ariege.gouv.fr\n09 -DIRECTION DEPARTEMENTALE DE L' EMPLOI, DU TRAVAIL, DES SOLIDARITES ET DE LA PROTECTION DES POPULATIONS -\nSERVICE ACCES ET RETOUR A L'EMPLOI - 09-2025-05-23-00001 - r\u00e9c\u00e9piss\u00e9 de d\u00e9claration d'organisme de service \u00e0 la personne JOSEPH\nESCURE 51\nDe m\u00eame, en application de l'article D.312-6-2 du code de l'action sociale et des familles, lesactivit\u00e9s n\u00e9cessitant une autorisation n'ouvrent droit \u00e0 ces dispositions que si l'organisme apr\u00e9alablement obtenu l'autorisation ou le renouvellement de cette autorisation.L'enregistrement de la d\u00e9claration peut \u00eatre retir\u00e9 dans les conditions fix\u00e9es aux articles R.7232-20\u00e0 R.7232-22 du code du travail.Le pr\u00e9sent r\u00e9c\u00e9piss\u00e9 sera publi\u00e9 au recueil des actes administratifs de la pr\u00e9fecture.Le pr\u00e9sent r\u00e9c\u00e9piss\u00e9 peut, \u00e0 compter de sa notification, faire l'objet d'un recours gracieux aupr\u00e8sservice instructeur de |' Ari\u00e8ge ou d'un recours hi\u00e9rarchique adress\u00e9 au ministre charg\u00e9 del'\u00e9conomie - Direction g\u00e9n\u00e9rale des entreprises \u2014 sous-direction des services marchands, 61Boulevard Vincent Auriol, 75703 PARIS CEDEX 13.Il peut \u00e9galement faire l'objet d'un recours contentieux dans un d\u00e9lai de deux mois \u00e0 compter desa notification aupr\u00e9s Tribunal Administratif de Toulouse - 69 rue Raymond IV - BP 7007 - 31068TOULOUSE CEDEX 07.Le tribunal administratif peut aussi \u00eatre saisi par l'application informatique \u00ab T\u00e9l\u00e9recours citoyen \u00bbaccessible sur le site internet http://www.telerecours.fr/En cas de rejet du recours gracieux ou hi\u00e9rarchique ou en l'absence de r\u00e9ponse \u00e0 ce recours (rejetimplicite), un recours contentieux devant le tribunal administratif Tribunal Administratif deToulouse - 69 rue Raymond IV - BP 7007 - 31068 TOULOUSE CEDEX 07 peut \u00e9galement \u00eatre form\u00e9contre la d\u00e9cision initiale dans un d\u00e9lai de deux mois \u00e0 compter de ce rejet.\nFait \u00e0 FOIX, le 23/05/25Pour le Pr\u00e9fet,Par d\u00e9l\u00e9gation,Le Directeur de la DirectionD\u00e9partementale de l'Emploi,du Travail, des Solidarit\u00e9s et dela Protection des Populationsde l'Ari\u00e8ge,Par subd\u00e9l\u00e9gation,La Cheffe du Service Acc\u00e8s et\n09 -DIRECTION DEPARTEMENTALE DE L' EMPLOI, DU TRAVAIL, DES SOLIDARITES ET DE LA PROTECTION DES POPULATIONS -\nSERVICE ACCES ET RETOUR A L'EMPLOI - 09-2025-05-23-00001 - r\u00e9c\u00e9piss\u00e9 de d\u00e9claration d'organisme de service \u00e0 la personne JOSEPH\nESCURE 52\nEsPREFET _DE L'ARI\u00c8GELibert\u00e9Egalit\u00e9Fraternit\u00e9\nDIRECTION D\u00c9PARTEMENTALE\nDE LA COH\u00c9SION SOCIALE ET DE\nLA PROTECTION DES POPULATIONS\nService politiques sociales\nAffaire suivie par Virginie Bontemps\nT\u00e9l : 05 61 02 43 61\nCourriel : virginie.bontemps@ariege.gouv.fr\nArr\u00eat\u00e9 pr\u00e9fectoral portant agr\u00e9ment en activit\u00e9s d'interm\u00e9diation et de gestion locative sociale de la \nFondation Institut Protestant\nLe pr\u00e9fet de l'Ari\u00e8ge\nVu les articles L.301-1 \u00e0 L.365-7 et R.365-2 \u00e0 R.365-9 du code de la construction et de  \nl'habitation ;\nVu la loi n\u00b090-449 du 31 mai 1990 visant la mise en \u0153uvre du droit au logement ;\nVu la loi n\u00b02009-323 du 25 mars 2009 de mobilisation pour le logement et la lutte contre  \nl'exclusion ;\nVu la loi n\u00b02014-366 du 24 mars 2014 pour l'acc\u00e8s au logement et un urbanisme r\u00e9nov\u00e9 ;\nVu la loi n\u00b02018-1021 du 23 novembre 2018 portant \u00e9volution du logement, de l'am\u00e9nagement  \net du num\u00e9rique ;\nVu  le  d\u00e9cret  n\u00b02009-1684  du  30  d\u00e9cembre  2009  relatif  aux  agr\u00e9ments  des  organismes \nexer\u00e7ant  des  activit\u00e9s  en  faveur  du  logement  et  de  l'h\u00e9bergement  des  personnes \nd\u00e9favoris\u00e9es ;\nVu le dossier de demande d'agr\u00e9ment  en activit\u00e9s d'interm\u00e9diation et de gestion locative  \nsociale pr\u00e9sent\u00e9e le 18 avril 2025 par la Fondation Institut Protestant ; \nSur proposition du Directeur D\u00e9partemental de l'Emploi, du Travail, des Solidarit\u00e9s et de la  \nProtection des Populations,\nA R R \u00ca T E\nArticle 1:\nLa Fondation Institut Protestant est agr\u00e9\u00e9e pour assurer sur le territoire du d\u00e9partement de  \nl'Ari\u00e8ge, les activit\u00e9s suivantes :\nActivit\u00e9 d'interm\u00e9diation et de gestion locative sociale : \n- la location de logements aupr\u00e8s d'organismes agr\u00e9\u00e9s au titre de l'article L.365-2 du code de  \nla construction et de l'habitation ou d'organismes d'habitations \u00e0 loyer mod\u00e9r\u00e9 en vue de leur  \nsous-location \u00e0 des personnes d\u00e9favoris\u00e9es dans les conditions pr\u00e9vues par l'article L.442-8-\n1 du code de la construction et de l'habitation ;\n9 rue Lieutenant Paul Delpech - 09000 Foix Cedex \u2013 T\u00e9l : 05 61 02 43 00\nSite internet : www.ariege.gouv.fr\nDIRECTION DEPARTEMENTALE DE L' EMPLOI, DU TRAVAIL, DES SOLIDARITES ET DE LA PROTECTION DES POPULATIONS - SERVICE\nINCLUSION SOCIALE ET LUTTE CONTRE LA PAUVRETE - 09-2025-05-19-00004 - Arr\u00eat\u00e9 pr\u00e9fectoral portant agr\u00e9ment en activit\u00e9s\nd'interm\u00e9diation et de gestion locative sociale de la Fondation Institut Protestant 53\n- la location de logements \u00e0 des bailleurs autres que les organismes d'habitations \u00e0 loyer  \nmod\u00e9r\u00e9  en  vue  de  leur  sous-location  \u00e0  des  personnes  d\u00e9favoris\u00e9es  dans  les  conditions \npr\u00e9vues  aux  articles  L.321-10,  L.321-10-1  et  L.353-20 du  code  de  la  construction  et  de \nl'habitation ;\nArticle 2:\nLa Fondation Institut Protestant s'engage \u00e0 transmettre, annuellement, le bilan de son activit\u00e9  \nainsi que ses comptes financiers ;\nArticle 3     :  \nL'agr\u00e9ment est d\u00e9livr\u00e9 pour une dur\u00e9e de cinq ans.\nSur demande de l'association, cet agr\u00e9ment pourra \u00e9ventuellement \u00eatre \u00e9tendu aux autres  \ndomaines d'intervention list\u00e9s dans la circulaire du 6 septembre 2010.\nLe retrait de cet agr\u00e9ment pourra \u00eatre prononc\u00e9 en cas de manquements graves ou r\u00e9p\u00e9t\u00e9s de \nla Fondation Institut Protestant \u00e0 ses obligations et apr\u00e8s que ses dirigeants aient \u00e9t\u00e9 mis en  \ndemeure de pr\u00e9senter leurs observations ;\nArticle 4     :  \nLe pr\u00e9sent arr\u00eat\u00e9 peut faire l'objet d'un recours administratif, soit gracieux aupr\u00e8s du pr\u00e9fet de  \nl'Ari\u00e8ge, soit hi\u00e9rarchique aupr\u00e8s du Ministre des solidarit\u00e9s et de la sant\u00e9, dans les deux mois  \nsuivant  sa  notification.  Un  recours  contentieux  peut  \u00eatre  d\u00e9pos\u00e9  aupr\u00e8s  du  tribunal \nadministratif  de  Toulouse  par  courrier  mais  \u00e9galement  par  l'application  informatique \nT\u00e9l\u00e9recours (http://www.telerecours.fr ) ;\nArticle 5:\nLe secr\u00e9taire g\u00e9n\u00e9ral de la Pr\u00e9fecture de l'Ari\u00e8ge et le Directeur D\u00e9partemental de l'Emploi, du  \nTravail, des Solidarit\u00e9s et de la Protection des Populations, sont charg\u00e9s, chacun en ce qui le  \nconcerne, de l'ex\u00e9cution du pr\u00e9sent arr\u00eat\u00e9, qui sera publi\u00e9 au recueil des actes administratifs  \nde la pr\u00e9fecture de l'Ari\u00e8ge.\nFait \u00e0 Foix le  19 mai 2025\nPour le Pr\u00e9fet et par d\u00e9l\u00e9gation\n                                       Le Secr\u00e9taire G\u00e9n\u00e9ral de la Pr\u00e9fecture,\n                               \n                         sign\u00e9\n                                          Jean-Philippe DARGENT\nDIRECTION DEPARTEMENTALE DE L' EMPLOI, DU TRAVAIL, DES SOLIDARITES ET DE LA PROTECTION DES POPULATIONS - SERVICE\nINCLUSION SOCIALE ET LUTTE CONTRE LA PAUVRETE - 09-2025-05-19-00004 - Arr\u00eat\u00e9 pr\u00e9fectoral portant agr\u00e9ment en activit\u00e9s\nd'interm\u00e9diation et de gestion locative sociale de la Fondation Institut Protestant 54","date":"2025-05-23","first_seen_on":"2025-05-23T16:07:06+00:00","id":"2e242bf68d92a3e6d7c528a08c1321488863417c7505ec95b2a838c77dce370a","name":"recueil-09-2025-052-recueil-des-actes-administratifs","pdf_creation_date":"2025-05-23T15:17:35+00:00","pdf_modification_date":null,"timezone":"Europe/Paris","url":"https://www.ariege.gouv.fr/contenu/telechargement/32694/223505/file/recueil-09-2025-052-recueil-des-actes-administratifs.pdf"}
