{"administration":"pref21","administration_name":"Pr\u00e9fecture de C\u00f4te-d\u2019Or","content":"PR\u00c9FET\nDE LA C\u00d4TE-D'OR\nRECUEIL DES ACTES\nADMINISTRATIFS\nN\u00b021-2026-016\nPUBLI\u00c9 LE 16 JANVIER 2026\nSommaire\nDirection d\u00e9partementale de la protection des populations de la\nC\u00f4te-d'Or / Service Protection \u00c9conomique du Consommateur\n21----00002 - Arr\u00eat\u00e9 n\u00b071 relatif aux tarifs des courses de taxis pour\nl'ann\u00e9e 2026 (5 pages) Page 4\nDirection d\u00e9partementale de la protection des populations de la\nC\u00f4te-d'Or / Service Sant\u00e9 et Protections animales, Protection de\nl'Environnement\n21-2026-01-16-00002 - 260116 AP ZV signeRAA (6 pages) Page 10\nDirection d\u00e9partementale des territoires de la C\u00f4te-d'Or / Secr\u00e9tarait\nG\u00e9n\u00e9ral Commun\n21-2026-01-15-00001 - 2026 SGC21 DDT21  arrete collectif n\u00b0104 (3 pages) Page 17\nDirection d\u00e9partementale des territoires de la C\u00f4te-d'Or / Service\nPr\u00e9servation et Am\u00e9nagement de l'Espace (SPAE)\n21-2026-01-15-00002 - Arr\u00eat\u00e9 pr\u00e9fectoral DDT/SPAE/BCF n\u00b015-2025\ndu 15 janvier 2026 portant application et distraction du r\u00e9gime forestier\n(3 pages) Page 21\n21-2026-01-15-00003 - ARRETE PREFECTORAL du 15 janvier 2026\nportant\ndissolution de l'association fonci\u00e8re de remembrement de LUCEY (2\npages) Page 25\nDirection d\u00e9partementale des territoires de la C\u00f4te-d'Or / Service\nS\u00e9curit\u00e9 et Education Routi\u00e8re\n21-2026-01-12-00005 - AP 97 20260112 RAA A6 DiffuseurBierreLesSemur  (5\npages) Page 28\n21-2026-01-12-00006 - AP 98 20260112 RAA M274 MaintenancePr\u00e9ventive\n19-21janv (5 pages) Page 34\nDRFiP Bourgogne Franche-Comt\u00e9 /\n21-2026-01-15-00004 - DRFIP 21 - D\u00e9l\u00e9gation de signature SGC DIJON\nMETROPOLE 15 01 26 (2 pages) Page 40\nPr\u00e9fecture de la C\u00f4te-d'Or / Direction de la coordination, des politiques\npubliques et de l'appui territorial\n21-2026-01-13-00002 - ARR\u00caT\u00c9 PR\u00c9FECTORAL n\u00b0\u00a096 du 13 janvier\n2026 portant autorisation de p\u00e9n\u00e9trer dans les propri\u00e9t\u00e9s\npriv\u00e9es au b\u00e9n\u00e9fice de l'\u00e9tablissement public territorial du\nbassin Sa\u00f4ne et Doubs (EPTB S\u00e2one et Doubs) et de ses mandataires\ndans le cadre d'\u00e9tudes pr\u00e9alables \u00e0 la restauration des zones\nhumides \u00e0 Pouilly-sur-Sa\u00f4ne et \u00e0 Labergement-l\u00e8s-Seurre (4 pages) Page 43\nPr\u00e9fecture de la C\u00f4te-d'Or / Direction des s\u00e9curit\u00e9s\n21-2026-01-16-00001 - Arr\u00eat\u00e9 pr\u00e9fectoral n\u00b0 126 portant interdiction\ntemporaire de vente, cession et utilisation d'artifices de divertissement\net d'articles pyrotechniques sur le d\u00e9partement de la C\u00f4te-d'Or\n(5 pages) Page 48\n2\nSDIS de C\u00f4te-d'Or /\n21-2026-01-02-00003 - Liste d'aptitude op\u00e9rationnelle 2026 unit\u00e9\ncynotechnique (1 page) Page 54\n21-2026-01-02-00002 - Liste d'aptitude op\u00e9rationnelle 2026 unit\u00e9\nd'appareils t\u00e9l\u00e9pilot\u00e9s de lutte, d'appui et de secours (2 pages) Page 56\n21-2026-01-02-00004 - Liste d'aptitude op\u00e9rationnelle 2026 unit\u00e9 de\nlutte contre les feux de for\u00eats (13 pages) Page 59\n21-2026-01-02-00006 - Liste d'aptitude op\u00e9rationnelle 2026 unit\u00e9 de\nlutte contre les risques chimiques (4 pages) Page 73\n21-2026-01-02-00005 - Liste d'aptitude op\u00e9rationnelle 2026 unit\u00e9 de\nlutte contre les risques radiologiques (3 pages) Page 78\n21-2026-01-02-00009 - Liste d'aptitude op\u00e9rationnelle 2026 unit\u00e9 de\nsauvetage en milieu p\u00e9rilleux et montagne (2 pages) Page 82\n21-2026-01-02-00007 - Liste d'aptitude op\u00e9rationnelle 2026 unit\u00e9\nsauvetage d\u00e9blaiement (3 pages) Page 85\n21-2026-01-02-00010 - Liste d'aptitude op\u00e9rationnelle 2026 unit\u00e9\nSecours Nautique (2 pages) Page 89\n21-2026-01-02-00008 - Liste d'aptitude op\u00e9rationnelle 2026 unit\u00e9\nsyst\u00e8mes d'information et de communication (4 pages) Page 92\n3\nDirection d\u00e9partementale de la protection des\npopulations de la C\u00f4te-d'Or\nService Protection \u00c9conomique du\nConsommateur\n21----00002\nArr\u00eat\u00e9 n\u00b071 relatif aux tarifs des courses de taxis\npour l'ann\u00e9e 2026\nDirection d\u00e9partementale de la protection des populations de la C\u00f4te-d'Or - 21----00002 - Arr\u00eat\u00e9 n\u00b071 relatif aux tarifs des courses de\ntaxis pour l'ann\u00e9e 2026 4\nExPREFETDE LACOTE-D'ORLibert\u00e9Egalit\u00e9Fraternit\u00e9\nDirection d\u00e9partementale \nde la protection des populations\nService Protection \u00c9conomique des Consommateurs\nStandard DDPP : 03 80 29 44 44 \nm\u00e9l : ddpp-spec@cote-dor.gouv.fr\nArr\u00eat\u00e9 N\u00b0 71\nrelatif aux tarifs des courses de taxis pour l'ann\u00e9e 2026\nLe pr\u00e9fet de la C\u00f4te-d'Or\nVU  le code de commerce, notamment son article L.410-2 ;\nVU le code de la consommation ;\nVU le code des transports, notamment son article L.3121-1  ;\nVU le d\u00e9cret n\u00b02001-387 du 3 mai 2001 relatif au contr\u00f4le des instruments de mesure ;\nVU le d\u00e9cret n\u00b0 2015-1252 du 7 octobre 2015 relatif aux tarifs des courses de taxi ;\nVU l'arr\u00eat\u00e9 minist\u00e9riel du 3 d\u00e9cembre 1987 relatif \u00e0 l'information du consommateur sur les prix ;\nVU l'arr\u00eat\u00e9 minist\u00e9riel du 18 juillet 2001 relatif aux taxim\u00e8tres en service ;\nVU l'arr\u00eat\u00e9 minist\u00e9riel du 13 f\u00e9vrier 2009 relatif aux dispositifs r\u00e9p\u00e9titeurs lumineux de tarifs pour  \ntaxis ;\nVU l'arr\u00eat\u00e9 minist\u00e9riel du 6 novembre 2015 relatif \u00e0 l 'information du consommateur sur les tarifs  \ndes courses de taxi ;\nVU l'arr\u00eat\u00e9 minist\u00e9riel du 22 janvier 2024 relatif aux tarifs des courses de taxi ;\nVU l'arr\u00eat\u00e9 minist\u00e9riel du 24 d\u00e9cembre 2025 relatif aux tarifs des courses de taxi pour  2026 ;\nVU l'arr\u00eat\u00e9 pr\u00e9fectoral n\u00b0288 du 20 f\u00e9vrier 2025 relatif aux tarifs des courses de taxis pour l'ann\u00e9e  \n2025 dans le d\u00e9partement de la C\u00f4te-d'Or ;\nVU le d\u00e9cret du  10 octobre 2024 nommant Monsieur Paul MOURIER, pr\u00e9fet de la r\u00e9gion\nBourgogne-Franche-Comt\u00e9, pr\u00e9fet de la C\u00f4te-d'Or ;\nVU  l'avis de Monsieur le directeur d\u00e9partemental de la protection des populations  de la C\u00f4te  \nd'Or;\nDirection D\u00e9partementale de la Protection des Populations de C\u00f4te d'Or \u2013 57 rue de Mulhouse- CS 53317 \u2013 21033 DIJON CEDEX \nt\u00e9l : 03 80 29 44 44  - m\u00e8l : ddpp@cote-dor.gouv.fr\nSite internet : http://www.cote-dor.gouv.fr\nDirection d\u00e9partementale de la protection des populations de la C\u00f4te-d'Or - 21----00002 - Arr\u00eat\u00e9 n\u00b071 relatif aux tarifs des courses de\ntaxis pour l'ann\u00e9e 2026 5\nConsid\u00e9rant les consultations locales men\u00e9es par la DDPP de la C\u00f4te-d'Or avec les organisations  \nprofessionnelles  ;\nSUR proposition de Monsieur le secr\u00e9taire g\u00e9n\u00e9ral  de la pr\u00e9fecture de C\u00f4te-d'Or\nARRETE\nArticle 1er :  Dans le d\u00e9partement de la COTE D'OR, les tarifs  maximums  des taxis sont fix\u00e9s  \ncomme suit, toutes taxes comprises, \u00e0 compter de la publication du pr\u00e9sent arr\u00eat\u00e9 :\n\u2013 Valeur de la chute ou unit\u00e9 d'\u00e9chelonnement du taxim\u00e8tre                                0,10 \u20ac \n\u2013 Valeur de la prise en charge                                                                                       2,90 \u20ac\n   (somme affich\u00e9e par le taxim\u00e8tre au  d\u00e9part de la course)         \n \u2013 Heure d'attente ou de marche lente                                                                       28,54 \u20ac\n             \n\u2013 Quatre tarifs kilom\u00e9triques, ci-dessous d\u00e9finis, peuvent \u00eatre pratiqu\u00e9s :\nTypes de course Tarifs kilom\u00e9triques\nTarif A  lettre noire fond \nblanc\n1,14 \u20ac\nTarif B  lettre noire fond \norange\n1,71 \u20ac\nTarif C  lettre noire fond \nbleu\n2,28 \u20ac\nTarif D  lettre noire fond \nvert\n3,42 \u20ac\nToutefois pour les courses de petite distance, le tarif minimum, suppl\u00e9ments inclus, susceptible  \nd'\u00eatre per\u00e7u pour une course est fix\u00e9 \u00e0 8 \u20ac. \nUne affichette devra \u00eatre appos\u00e9e de fa\u00e7on visible dans le v\u00e9hicule en indiquant \u00e0 la client\u00e8le les  \nconditions d'application de la prise en charge, le tarif pratiqu\u00e9 et reprendre la formule suivante : \u00ab \nQuel que soit le montant inscrit au compteur, la somme per\u00e7ue ne peut \u00eatre inf\u00e9rieure \u00e0  8 \u20ac  \nsuppl\u00e9ments inclus \u00bb.\nArticle 2 : Les tarifs A, B, C et D sont d\u00e9finis comme suit :\nTarif A : course de jour avec retour en charge \u00e0  la station\nTarif B : course de nuit ou le dimanche ou un jour f\u00e9ri\u00e9, avec retour en charge \u00e0 la station\nTarif C : course de jour avec retour \u00e0 vide \u00e0 la station\nTarif D : course de nuit ou le dimanche ou un jour f\u00e9ri\u00e9 avec retour \u00e0 vide \u00e0 la station\nDirection D\u00e9partementale de la Protection des Populations de C\u00f4te d'Or \u2013 57 rue de Mulhouse- CS 53317 \u2013 21033 DIJON CEDEX \nt\u00e9l : 03 80 29 44 44  - m\u00e8l : ddpp@cote-dor.gouv.fr\nSite internet : http://www.cote-dor.gouv.fr\nDirection d\u00e9partementale de la protection des populations de la C\u00f4te-d'Or - 21----00002 - Arr\u00eat\u00e9 n\u00b071 relatif aux tarifs des courses de\ntaxis pour l'ann\u00e9e 2026 6\nEn cas de d\u00e9part \u00e0 vide et de retour \u00e0 vide \u00e0 la station, les conducteurs de taxis devront utiliser : \n\u2022 au d\u00e9part: tarif A de jour ou B de nuit,\n\u2022 puis, tarif C de jour ou D de nuit, soit \u00e0 partir du point de chargement du client si le taxi ne  \nrevient pas en charge \u00e0 la station, soit \u00e0 partir de la station si le taxi repasse, en charge, \u00e0  \nhauteur de celle-ci.\nLe conducteur du taxi devra placer le taxim\u00e8tre en position de fonctionnement d\u00e8s le d\u00e9but de la  \ncourse, en appliquant le tarif r\u00e9glementaire correspondant \u00e0 la course \u00e0 effectuer, et signaler au  \nclient tout changement de tarif intervenant pendant la course.\nConform\u00e9ment \u00e0 l'article L.112-3 du Code de la consommation, lorsque le prix ne peut \u00eatre  \nraisonnablement calcul\u00e9 \u00e0 l'avance du fait de la nature du bien ou du service, le professionnel  \nfournit le mode de calcul du prix et, s'il y a lieu, tous les frais suppl\u00e9mentaires de transport, de  \nlivraison ou d'affranchissement et tous les autres frais \u00e9ventuels.\nLe consommateur doit \u00eatre en mesure de conna\u00eetre, sans difficult\u00e9 et avant la prestation , soit le  \nprix total lui-m\u00eame, soit les principaux param\u00e8tres susceptibles de composer ou de d\u00e9terminer le  \nprix final (prise en charge, tarifs applicables, suppl\u00e9ments \u00e9ventuels\u2026).\nArticle 3  :  Le tarif de jour est applica ble toute l'ann\u00e9e de 7 heures \u00e0 19 heures, le  tarif de nuit\nde 19 heures \u00e0 7 heures.\nLa  pratique  du  tarif  neige-verglas  est  subordonn\u00e9e  aux  deux  conditions  suivantes  :  routes \neffectivement enneig\u00e9es ou verglac\u00e9es et utilisation d'\u00e9quipements sp\u00e9ciaux ou de pneumatiques \nantid\u00e9rapants dits \u00abpneus hiver\u00bb.\nUne information relative au tarif neige-verglas par voie d'affichette appos\u00e9e dans les v\u00e9hicules  \ndoit indiquer \u00e0 la client\u00e8 le, de mani\u00e8re visible et lisible quel que soit l'emplacement o\u00f9 elle se  \ntrouve, les conditions d'application et le tarif pratiqu\u00e9.\nCe tarif ne doit pas exc\u00e9der le tarif d'une course de nuit, correspondant au type de course  \nconcern\u00e9e.\nArticle 4 : Le transport des personnes ne pourra donner lieu \u00e0 la perception d'un prix sup\u00e9rieur au  \nprix enregistr\u00e9 au compteur. Les suppl\u00e9ments suivants pourront toutefois \u00eatre demand\u00e9s aux  \nclients :\n-sacs de voyage, valises, autres que bagages \u00e0 main gratuit\n-bagages \u00e0 main de petites dimensions gratuit\n-personne  majeure  ou  mineure  suppl\u00e9mentaire  \u00e0  partir  de  la \ncinqui\u00e8me personne\n4 \u20ac l'unit\u00e9\n- bagages qui ne peuvent \u00eatre transport\u00e9s dans le coffre ou dans  \nl'habitacle  du  v\u00e9hicule  et  n\u00e9cessitent  l'utilisation  d'un  \n\u00e9quipement ext\u00e9rieur\n- valises, ou bagages de taille \u00e9quivalente, au-del\u00e0 de trois valises,  \nou bagages de taille \u00e9quivalente, par passager\n2 \u20ac\nDirection D\u00e9partementale de la Protection des Populations de C\u00f4te d'Or \u2013 57 rue de Mulhouse- CS 53317 \u2013 21033 DIJON CEDEX \nt\u00e9l : 03 80 29 44 44  - m\u00e8l : ddpp@cote-dor.gouv.fr\nSite internet : http://www.cote-dor.gouv.fr\nDirection d\u00e9partementale de la protection des populations de la C\u00f4te-d'Or - 21----00002 - Arr\u00eat\u00e9 n\u00b071 relatif aux tarifs des courses de\ntaxis pour l'ann\u00e9e 2026 7\nIl est interdit de refuser la prise en charge des chiens guides d'aveugle ou d'assistance. De plus,  \naucun suppl\u00e9ment \u00ab animal \u00bb  ne peut \u00eatre factur\u00e9 \u00e0 l'occasion de cette prise en charge.\nArticle 5 : Lorsque l'autoroute est emprunt\u00e9e \u00e0 la demande du client, les p\u00e9ages autoroutiers aller  \net retour sont \u00e0 sa charge.\nArticle 6 :  En application de l'article 7 de l'arr\u00eat\u00e9 du 6 novembre 2015 relatif \u00e0 l'information du  \nconsommateur  sur  les  tarifs  des  courses  de  taxi,  l'ensemble  des  tarifs  devra  \u00eatre  affich\u00e9  de \nmani\u00e8re  visible  et  lisible  de  la  place  occup\u00e9e  par  le  ou  les  clients  avec  la  mention  \u00able  prix \nmaximum d\u00fb par le client est celui indiqu\u00e9 au compteur\u00bb , les suppl\u00e9ments r\u00e9clam\u00e9s au titre de  \nl'article 4 s'ajoutant \u00e9ventuellement au prix indiqu\u00e9 au compteur.\nLes conditions dans lesquelles la d\u00e9livrance d'une note est obligatoire ou facultative doivent \u00eatre  \nrappel\u00e9es \u00e0 la client\u00e8le par un affichage visible et lisible en permanence dans le v\u00e9hicule, quel que  \nsoit l'endroit o\u00f9 se trouve la client\u00e8le. Cet affichage doit, en outre, pr\u00e9ciser clairement que le  \nconsommateur peut demander que la note mentionne son nom ainsi que le lieu de d\u00e9part et le  \nlieu d'arriv\u00e9e de la course.\nL'information selon laquelle le consommateur peut r\u00e9gler la course par carte bancaire, quel que  \nsoit le montant du prix, ainsi que l'adresse \u00e0 laquelle peut \u00eatre adress\u00e9e une r\u00e9clamation, devront  \n\u00e9galement \u00eatre affich\u00e9es de mani\u00e8re visible et lisible de la place occup\u00e9e par le ou les clients.\nArticle 7 : Les notes et les factures \u00e9mises par les professionnels seront d\u00e9livr\u00e9es conform\u00e9ment  \u00e0 \nl'arr\u00eat\u00e9 minist\u00e9riel du 6 novembre 2015, \u00e0 l'arr\u00eat\u00e9 minist\u00e9riel n\u00b083-50/A  du 3 octobre 1983 relatif  \n\u00e0 la publicit\u00e9 des prix de tous les services, et \u00e0 l'article L. 441-9 du Code de Commerce relatif aux  \nr\u00e8gles de facturation.\nArticle 8 :\n1/ Les voitures de taxi doivent \u00eatre munies d'un dispositif r\u00e9p\u00e9titeur lumineux des tarifs.\nD\u00e8s  l'apparition  d'une  panne  d'une  ampoule  \u00e9clairant  les  lettres  A,  B,  C,  D,  du  r\u00e9p\u00e9titeur \nindiquant  les  diff\u00e9rents  tarifs  utilis\u00e9s,  le  conducteur  de  taxi  devra  imp\u00e9rativement  et \nimm\u00e9diatement proc\u00e9der ou faire proc\u00e9der \u00e0 son remplacement.\n2/  Les  v\u00e9hicules  qui  ne  sont  pas  en  service  doivent  obligatoirement  avoir  leur  dispositif  de \nsignalisation masqu\u00e9 par une gaine.\nArticle  9  : La  v\u00e9rification  p\u00e9riodique  et  la  surveillance  des  taxim\u00e8tres  seront  conduites \nconform\u00e9ment aux dispositions de l'arr\u00eat\u00e9 minist\u00e9riel du 18 juillet 2001 relatif aux taxim\u00e8tres en  \nservice.\nArticle 10 :  Le cas \u00e9ch\u00e9ant, la modification des taxim\u00e8t res devra intervenir dans les deux mois  \nsuivant  la  publication  du  pr\u00e9sent  arr\u00eat\u00e9  au  recueil  des  actes  administratifs.  Apr\u00e8s  la \ntransformation des taxim\u00e8tres, la lettre majuscule L  de couleur verte sera appos\u00e9e sur le cadran  \ndu taxim\u00e8tre.\nDirection D\u00e9partementale de la Protection des Populations de C\u00f4te d'Or \u2013 57 rue de Mulhouse- CS 53317 \u2013 21033 DIJON CEDEX \nt\u00e9l : 03 80 29 44 44  - m\u00e8l : ddpp@cote-dor.gouv.fr\nSite internet : http://www.cote-dor.gouv.fr\nDirection d\u00e9partementale de la protection des populations de la C\u00f4te-d'Or - 21----00002 - Arr\u00eat\u00e9 n\u00b071 relatif aux tarifs des courses de\ntaxis pour l'ann\u00e9e 2026 8\nArticle 11 :  Pendant la p\u00e9riode entre la date de publication de l'arr\u00eat\u00e9 et la modification des  \ncompteurs, il pourra \u00eatre per\u00e7u une majoration sur les tarifs anciens correspondant au montant  \ndes nouveaux tarifs de la course type, hors suppl\u00e9ment, tant que la mise \u00e0 jour des taxim\u00e8tres  \nn'aura pas \u00e9t\u00e9 effectu\u00e9e, en utilisant un tableau de concordance mis \u00e0 disposition de la client\u00e8le. \nUne fois la mise \u00e0 jour r\u00e9alis\u00e9e, seule la somme figurant effectivement au compteur pourra \u00eatre  \nr\u00e9clam\u00e9e aux clients (major\u00e9e \u00e9ventuellement des suppl\u00e9ments figurant \u00e0 l'article 4).\nArticle 12  : Le pr\u00e9sent arr\u00eat\u00e9 est susceptible de recours aupr\u00e8s du tribunal administratif de Dijon,  \nsous un d\u00e9lai de deux mois \u00e0 compter de sa publication : \n- soit par \u00e9crit adress\u00e9 au tribunal administratif \u2013 22 rue d'Assas -21000 DIJON,\n-  soit  par  l'application  informatique  \"T\u00e9l\u00e9recours  citoyens\"  accessible  par  le  site  internet \nwww.telerecours.fr\nArticle 13 : L'arr\u00eat\u00e9 pr\u00e9fectoral n\u00b0288 du 20 f\u00e9vrier 2025  est abrog\u00e9.\nArticle 14 : Monsieur le secr\u00e9taire g\u00e9n\u00e9ral de la pr\u00e9fecture de la C\u00f4te-d'Or,\nMonsieur  le  directeur  d\u00e9partemental  de  la  direction  d\u00e9partementale  de  la  protection  des \npopulations,\nMadame la directrice r\u00e9gionale des finances publiques,\nMonsieur le commandant du groupement de gendarmerie d\u00e9partementale de C\u00f4te-d'Or, \nMonsieur le directeur interd\u00e9partemental de la police nationale de C\u00f4te-d'Or ,\nMonsieur le directeur r\u00e9gional de l'\u00e9conomie, de l'emploi et du travail et des solidarit\u00e9s, \nMadame la directrice interr\u00e9gionale des douanes et des droits indirects,\nMadame la directrice d\u00e9partementale des territoires,\nsont charg\u00e9s, chacun en ce qui le concerne, de l'ex\u00e9cution du pr\u00e9sent arr\u00eat\u00e9, qui sera affich\u00e9 en  \npr\u00e9fecture, publi\u00e9 au recueil des actes administratifs de la pr\u00e9fecture  et mis en ligne sur le site  \ninternet  de  la  pr\u00e9fecture  (www.cote-dor.gouv.fr \u2013  toutes  les  d\u00e9marches  -  professionnels  - \nprofessions r\u00e9glement\u00e9es - transport public particulier de personnes T3P ) \n      \nFait \u00e0 Dijon, le 12 janvier 2026\n      \nLe pr\u00e9fet \nsign\u00e9\n      Paul MOURIER\n   \nDirection D\u00e9partementale de la Protection des Populations de C\u00f4te d'Or \u2013 57 rue de Mulhouse- CS 53317 \u2013 21033 DIJON CEDEX \nt\u00e9l : 03 80 29 44 44  - m\u00e8l : ddpp@cote-dor.gouv.fr\nSite internet : http://www.cote-dor.gouv.fr\nDirection d\u00e9partementale de la protection des populations de la C\u00f4te-d'Or - 21----00002 - Arr\u00eat\u00e9 n\u00b071 relatif aux tarifs des courses de\ntaxis pour l'ann\u00e9e 2026 9\nDirection d\u00e9partementale de la protection des\npopulations de la C\u00f4te-d'Or\nService Sant\u00e9 et Protections animales, Protection\nde l'Environnement\n21-2026-01-16-00002\n260116 AP ZV signeRAA\nDirection d\u00e9partementale de la protection des populations de la C\u00f4te-d'Or - 21-2026-01-16-00002 - 260116 AP ZV signeRAA 10\nEnPREFETDE LACOTE-D'ORLibert\u00e9Egalit\u00e9Fraternit\u00e9\nDirection d\u00e9partementale de\nla protection des populations\nService Sant\u00e9 et protection animales,\nprotection de l'environnement\nArr\u00eat\u00e9 pr\u00e9fectoral n\u00b0 114 du 16 janvier 2026\nd\u00e9terminant une zone vaccinale suite \u00e0 une d\u00e9claration d'infection de dermatose \nnodulaire contagieuse bovine\nLe pr\u00e9fet de la C\u00f4te-d'Or,\nVU le R\u00e8glement (CE) n\u00b0178/2002 du Parlement europ\u00e9en et du Conseil du 28 janvier  \n2002 \u00e9tablissant les principes g\u00e9n\u00e9raux et les prescriptions g\u00e9n\u00e9rales de la l\u00e9gislation  \nalimentaire,  instituant  l'Autorit\u00e9  europ\u00e9enne  de  s\u00e9curit\u00e9  des  aliments  et  fixant  des  \nproc\u00e9dures relatives \u00e0 la s\u00e9curit\u00e9 des denr\u00e9es alimentaires ;\nVU le R\u00e8glement (CE) n\u00b0853/2004 du Parlement europ\u00e9en et du Conseil du 29 avril  \n2004 fixant des r\u00e8gles sp\u00e9cifiques d'hygi\u00e8ne applicables aux denr\u00e9es alimentaires d'origine \nanimale ;\nVU le R\u00e8glement (CE) n\u00b01069/2009 du Parlement europ\u00e9en et du Conseil du 21 octobre  \n2009 \u00e9tablissant des r\u00e8gles sanitaires applicables aux sous-produits animaux et produits  \nd\u00e9riv\u00e9s  non  destin\u00e9s  \u00e0  la  consommation  humaine  et  abrogeant  le  r\u00e8glement  (CE)  n\u00b0 \n1774/2002 (r\u00e8glement relatif aux sous-produits animaux) ;\nVU le  R\u00e8glement  (UE)  n\u00b02016/429  du  Parlement  europ\u00e9en  et  du  Conseil  relatif  aux \nmaladies  animales  transmissibles  et  modifiant  et  abrogeant  certains  actes  dans  le  \ndomaine de la sant\u00e9 animale (\u00ab l\u00e9gislation sur la sant\u00e9 animale \u00bb) ;\nVU le  R\u00e8glement  (UE)  n\u00b02018/1882  de  la  Commission  du  3  d\u00e9cembre  2018  sur  \nl'application de certaines dispositions en mati\u00e8re de pr\u00e9vention et de lutte contre les  \nmaladies \u00e0 des cat\u00e9gories de maladies r\u00e9pertori\u00e9es et \u00e9tablissant une liste des esp\u00e8ces et  \ndes  groupes  d'esp\u00e8ces  qui  pr\u00e9sentent  un  risque  consid\u00e9rable  du  point  de  vue  de  la \npropagation de ces maladies r\u00e9pertori\u00e9es ;\nVU le R\u00e8glement d\u00e9l\u00e9gu\u00e9 (UE) n\u00b02020/687 de la Commission du 17 d\u00e9cembre 2019  \ncompl\u00e9tant le R\u00e8glement (UE) n\u00b02016/429 du Parlement europ\u00e9en et du Conseil en ce qui  \nconcerne les r\u00e8gles relatives \u00e0 la pr\u00e9vention de certaines maladies r\u00e9pertori\u00e9es et \u00e0 la lutte \ncontre celles-ci ;\nVU le  r\u00e8glement  d\u00e9l\u00e9gu\u00e9  (UE)  2023/361  de  la  Commission  du  28  novembre  2022  \ncompl\u00e9tant le r\u00e8glement (UE) 2016/429 du Parlement europ\u00e9en et du Conseil en ce qui  \nDirection d\u00e9partementale de la protection des populations - 57 rue de Mulhouse - 21 033 DIJON Cedex\nt\u00e9l : 03 80 29 43 53... -   courriel : ddpp@cote-dor.gour.fr\nSite internet : http://www.cote-dor.gouv.fr 1 / 6\nDirection d\u00e9partementale de la protection des populations de la C\u00f4te-d'Or - 21-2026-01-16-00002 - 260116 AP ZV signeRAA 11\nconcerne les r\u00e8gles applicables \u00e0 l'utilisation de certains m\u00e9dicaments v\u00e9t\u00e9rinaires pour la  \npr\u00e9vention de certaines maladies r\u00e9pertori\u00e9es et la lutte contre celles-ci ;\nVU le Code rural et de la p\u00eache maritime  ; notamment ses articles L. 223-8 et R. 228-1 \u00e0  \nR. 228-10 ;\nVU le Code de la justice administrative, notamment son article R.421-1 et suivants ;\nVU le d\u00e9cret n\u00b02004-374 du 29 avril 2004 modifi\u00e9, relatif aux pouvoirs des pr\u00e9fets, \u00e0  \nl'organisation et \u00e0 l'action des services de l'\u00c9tat dans les r\u00e9gions et les d\u00e9partements ;\nVU le d\u00e9cret n\u00b02009-1484 du 3 d\u00e9cembre 2009 relatif aux directions d\u00e9partementales  \net interminist\u00e9rielles ;\nVU le d\u00e9cret du 10 octobre 2024 portant nomination du pr\u00e9fet de la r\u00e9gion Bourgogne-\nFranche-Comt\u00e9, pr\u00e9fet de la C\u00f4te-d'Or - M. Paul MOURIER ;\nVU l'arr\u00eat\u00e9  minist\u00e9riel  du  29  d\u00e9cembre  1986  relatif  aux  modalit\u00e9s  techniques  et  \nfinanci\u00e8res de lutte contre certaines maladies animales\u00a0;\nVU l'arr\u00eat\u00e9 modifi\u00e9 du 5 juin 2000 relatif au registre d'\u00e9levage ;\nVU l'arr\u00eat\u00e9 du 30 mars 2001 modifi\u00e9 fixant les modalit\u00e9s de l'estimation des animaux  \nabattus et des denr\u00e9es et produits d\u00e9truits sur ordre de l'administration ;\nVU l'arr\u00eat\u00e9 du 24 octobre 2005 pris pour application de l'article L. 221-1 du Code rural ;\nVU l'arr\u00eat\u00e9 du 6 ao\u00fbt 2013 relatif \u00e0 l'identification des animaux de l'esp\u00e8ce bovine ;\nVU l'arr\u00eat\u00e9 du 24 avril 2024 fixant les r\u00e8gles g\u00e9n\u00e9rales de police sanitaire relatives aux  \nproduits  d'origine  d'animale  issus  d'animaux  terrestres  destin\u00e9s  \u00e0  la  consommation  \nhumaine ;\nVU l'arr\u00eat\u00e9 du 16 juillet 2025 fixant les mesures de surveillance, de pr\u00e9vention et de  \nlutte  relatives  \u00e0  la  lutte  contre  la  dermatose  nodulaire  contagieuse  sur  le  territoire  \nm\u00e9tropolitain ;\nVU l'arr\u00eat\u00e9 du 16 juillet 2025 fixant les mesures financi\u00e8res relatives \u00e0 la dermatose  \nnodulaire contagieuse ;\nVU l'arr\u00eat\u00e9 pr\u00e9fectoral portant d\u00e9claration d'infection d'un \u00e9levage bovin sis \u00e0 ECLEUX  \ndans le Jura n\u00b0 39 2025 0160 ETSPP du 12 octobre 2025\u00a0; \nVU l'arr\u00eat\u00e9 pr\u00e9fectoral portant d\u00e9claration d'infection  n\u00b0 25 DDETSPP SV SPA 2025 11 28  \n0003 du 28 novembre 2025\u00a0; \nVU l'arr\u00eat\u00e9 pr\u00e9fectoral n\u00b0 1860 du 22 d\u00e9cembre 2025 modifiant l'arr\u00eat\u00e9 pr\u00e9fectoral n\u00b0  \n1710  du  29  novembre  2025  d\u00e9terminant  une  zone  r\u00e9glement\u00e9e  suite  \u00e0  un  foyer  de \ndermatose nodulaire contagieuse bovine ;\nVU le  Code  terrestre  de  l'Organisation  mondiale  de  la  Sant\u00e9  animale  (OMSA)  en  \nparticulier le chapitre 11.9 ;\nVU la fiche technique relative \u00e0 la Dermatose nodulaire contagieuse de l'Organisation  \nmondiale de la Sant\u00e9 animale (OMSA) ;\nVU l'avis de l'ANSES datant de juin 2017, suite \u00e0 la saisine 2016 \u2013 SA \u2013 0120, intitul\u00e9  \nRisque d'introduction de la dermatose nodulaire contagieuse en France ;\nVU l'urgence en mati\u00e8re de gestion de la dermatose nodulaire contagieuse ;\nDirection d\u00e9partementale de la protection des populations - 57 rue de Mulhouse - 21 033 DIJON Cedex\nt\u00e9l : 03 80 29 43 53... -   courriel : ddpp@cote-dor.gour.fr\nSite internet : http://www.cote-dor.gouv.fr 2 / 6\nDirection d\u00e9partementale de la protection des populations de la C\u00f4te-d'Or - 21-2026-01-16-00002 - 260116 AP ZV signeRAA 12\nCONSID\u00c9RANT  que des mesures d'\u00e9radication imm\u00e9diates doivent \u00eatre prises aussit\u00f4t  \nque la maladie est suspect\u00e9e ;  \nCONSID\u00c9RANT qu'il est essentiel de d\u00e9tecter pr\u00e9cocement la pr\u00e9sence du virus au sein  \nd'autres \u00e9levages bovins afin de pr\u00e9venir sa propagation entre \u00e9tablissements ;\nCONSID\u00c9RANT la d\u00e9cision d'ex\u00e9cution (UE) 2025/1931 de la Commission du 22 septembre \n2025  modifiant  la  d\u00e9cision  d'ex\u00e9cution  (UE)  2025/1708  concernant  certaines  mesures \nd'urgence relatives \u00e0 l'infection par le virus de la dermatose nodulaire contagieuse en  \nFrance ;\nCONSID\u00c9RANT  qu'il s'est \u00e9coul\u00e9 45  jours depuis le d\u00e9peuplement et depuis la fin des  \nop\u00e9rations  pr\u00e9liminaires  de  nettoyage  et  d\u00e9sinfection  du  dernier  foyer  de  la  zone  \nr\u00e9glement\u00e9e (ZR4) d\u00e9finie en dernier lieu en C\u00f4te-d'Or par l'arr\u00eat\u00e9 pr\u00e9fectoral n\u00b0 1860 du  \n22 d\u00e9cembre 2025 modifiant l'arr\u00eat\u00e9 pr\u00e9fectoral n\u00b0 1710 du 29 novembre 2026 susvis\u00e9 ;\nCONSID\u00c9RANT la r\u00e9alisation des visites dans les \u00e9tablissements d\u00e9tenant des bovins au  \nsein de la zone r\u00e9glement\u00e9e instaur\u00e9e, permettant de conclure \u00e0 une absence de suspicion \nou de dermatose nodulaire contagieuse dans cette zone ;\nSur proposition de Monsieur le directeur d\u00e9partemental de la protection des populations  \nde la C\u00f4te-d'Or ;\nARR\u00caTE\nArticle 1er : D\u00e9finition\nUne zone vaccinale pr\u00e9vue au point 1.2. de la partie 1 du r\u00e8glement (UE) 2023/361 susvis\u00e9 \nest mise en place, comprenant le territoire des communes list\u00e9es en annexe.\nLes territoires de la zone vaccinale sont soumis aux dispositions suivantes :\nArticle 2 : Restrictions des mouvements\nSont interdits tous les mouvements \u00e0 partir d'\u00e9tablissements ou de lieux de d\u00e9tention si -\ntu\u00e9s dans la zone vaccinale vers une zone indemne, vers des zones r\u00e9glement\u00e9es ou vers  \nune autre zone vaccinale :\n\u2022 de bovins ;\n\u2022 de sperme, ovocytes et embryons de bovins ;\n\u2022 de sous-produits animaux non transform\u00e9s provenant de bovins autres que le lait, le  \ncolostrum,  les  produits  laitiers  et  les  produits  \u00e0  base  de  colostrum  destin\u00e9s  \u00e0  \nl'alimentation animale.\nArticle 3 : D\u00e9rogations aux restrictions de mouvements\nDes  d\u00e9rogations  individuelles  aux  interdictions  pr\u00e9vues  \u00e0  l'article  2  peuvent  \u00eatre  \naccord\u00e9es par le  directeur d\u00e9partemental de la protection des populations  de la C\u00f4te-\nd'Or, conform\u00e9ment \u00e0 la partie 3 de l'annexe IX du r\u00e8glement (UE) 2023/361.\nArticle 4 : Surveillance des \u00e9levages\nConform\u00e9ment aux dispositions des articles 4 et 5 de l'arr\u00eat\u00e9 du 16 juillet 2025 fixant les  \nmesures de surveillance, de pr\u00e9vention et de lutte relatives \u00e0 la lutte contre la dermatose  \nDirection d\u00e9partementale de la protection des populations - 57 rue de Mulhouse - 21 033 DIJON Cedex\nt\u00e9l : 03 80 29 43 53... -   courriel : ddpp@cote-dor.gour.fr\nSite internet : http://www.cote-dor.gouv.fr 3 / 6\nDirection d\u00e9partementale de la protection des populations de la C\u00f4te-d'Or - 21-2026-01-16-00002 - 260116 AP ZV signeRAA 13\nnodulaire contagieuse (DNC) sur le territoire m\u00e9tropolitain, tout \u00e9levage qui fera l'objet  \nd'une suspicion de DNC ou d'un lien \u00e9pid\u00e9miologique avec un foyer de DNC av\u00e9r\u00e9 fera  \nl'objet d'une mise sous surveillance, d'une enqu\u00eate approfondie et des autres mesures  \npr\u00e9vues dans cet arr\u00eat\u00e9. \nArticle 5 : Lev\u00e9e des mesures en zone vaccinale\nLa zone vaccinale est lev\u00e9e \u00e0 la fin de la p\u00e9riode de r\u00e9tablissement pr\u00e9vue dans la partie 4  \nde l'annexe IX du r\u00e8glement (UE) 2023/361.\nArticle 6 : Application\nLe pr\u00e9sent arr\u00eat\u00e9 entre en application \u00e0 compter du 17 janvier 2026.\nArticle 7 : Dispositions p\u00e9nales\nLe non-respect des dispositions du pr\u00e9sent arr\u00eat\u00e9 constitue des infractions d\u00e9finies et  \nr\u00e9prim\u00e9es par les articles R. 228-1 \u00e0 R. 228-10 du Code rural et de la p\u00eache maritime.\nArticle 8     :   Recours\nLe pr\u00e9sent arr\u00eat\u00e9 est susceptible de recours aupr\u00e8s du tribunal administratif de Dijon sous  \nun d\u00e9lai de deux mois \u00e0 compter de sa publication, conform\u00e9ment aux dispositions des  \narticles R.  421-1 et suivants du Code de justice administrative.  Ce recours contentieux doit  \n\u00eatre d\u00e9pos\u00e9 par courrier, ou via l'application T\u00e9l\u00e9recours (https://www.telerecours.fr/).\nArticle 9     :   Abrogation\nL'arr\u00eat\u00e9 pr\u00e9fectoral n\u00b0 1860 du 22 d\u00e9cembre 2025 modifiant l'arr\u00eat\u00e9 pr\u00e9fectoral n\u00b0 1710  \ndu 29 novembre 2025 d\u00e9terminant une zone r\u00e9glement\u00e9e suite \u00e0 un foyer de dermatose  \nnodulaire contagieuse bovine est abrog\u00e9.\nArticle 10 :\nLe secr\u00e9taire g\u00e9n\u00e9ral de la pr\u00e9fecture de la  C\u00f4te-d'Or,  le directeur d\u00e9partemental de la  \nprotection des populations, les maires des communes  concern\u00e9es, le commandant du  \ngroupement de gendarmerie, les v\u00e9t\u00e9rinaires sanitaires, sont responsables, chacun en ce  \nqui le concerne, de l'application du pr\u00e9sent arr\u00eat\u00e9 qui sera publi\u00e9 au recueil des actes  \nadministratifs de la Pr\u00e9fecture et affich\u00e9 dans les mairies concern\u00e9es.\nFait \u00e0 DIJON, \nLe pr\u00e9fet,\nORIGINAL SIGN\u00c9\nPaul MOURIER\nDirection d\u00e9partementale de la protection des populations - 57 rue de Mulhouse - 21 033 DIJON Cedex\nt\u00e9l : 03 80 29 43 53... -   courriel : ddpp@cote-dor.gour.fr\nSite internet : http://www.cote-dor.gouv.fr 4 / 6\nDirection d\u00e9partementale de la protection des populations de la C\u00f4te-d'Or - 21-2026-01-16-00002 - 260116 AP ZV signeRAA 14\nANNEXE : Liste des 131 communes de la C\u00f4te-d'Or situ\u00e9es en zone vaccinale\nAiserey 21005 Flammerans 21269 Poncey-l\u00e8s-Ath\u00e9e 21493\nArceau 21016 Fontaine-Fran\u00e7aise 21277 Pont 21495\nArc-sur-Tille 21021 Fontenelle 21281 Pontailler-sur-Sa\u00f4ne 21496\nArgilly 21022 Franxault 21285 Pouilly-sur-Sa\u00f4ne 21502\nAth\u00e9e 21028 Genlis 21292\nPouilly-sur-\nVingeanne 21503\nAubigny-en-Plaine 21031 Glanon 21301 Quincey 21517 \nAuvillars-sur-Sa\u00f4ne 21035 Grosbois-l\u00e8s-Tichey 21311 Remilly-sur-Tille 21521\nAuxonne 21038 Heuilley-sur-Sa\u00f4ne 21316 Ren\u00e8ve 21522\nBagnot 21042 Izeure 21319 Rouvres-en-Plaine 21532\nBeaumont-sur-Vingeanne 21053 Izier 21320 Saint-Jean-de-Losne 21554\nBeire-le-Ch\u00e2tel 21056 Jallanges 21322 Saint-L\u00e9ger-Triey 21556\nBeire-le-Fort 21057 Jancigny 21323\nSaint-Nicolas-l\u00e8s-\nC\u00eeteaux 21564\nBelleneuve 21060 Labergement-Foigney 21330 Saint-Sauveur 21571\nBessey-l\u00e8s-C\u00eeteaux 21067 Labergement-l\u00e8s-Auxonne 21331\nSaint-Seine-en-\nB\u00e2che 21572\nB\u00e8ze 21071 Labergement-l\u00e8s-Seurre 21332\nSaint-Seine-sur-\nVingeanne 21574\nB\u00e9zouotte 21072 Labruy\u00e8re 21333\nSaint-Symphorien-\nsur-Sa\u00f4ne 21575\nBilley 21074 Lamarche-sur-Sa\u00f4ne 21337 Saint-Usage 21577\nBinges 21076 Lanthes 21340 Samerey 21581\nBlagny-sur-Vingeanne 21079 Laperri\u00e8re-sur-Sa\u00f4ne 21342 Savolles 21595\nBonnencontre 21089 Lech\u00e2telet 21344 Seurre 21607\nBourberain 21094 Licey-sur-Vingeanne 21348 Soirans 21609\nBousselange 21095 Longchamp 21351 Soissons-sur-Nacey 21610\nBrazey-en-Plaine 21103 Longeault-Pluvault 21352 Talmay 21618\nBressey-sur-Tille 21105 Longecourt-en-Plaine 21353 Tanay 21619\nBroin 21112 Losne 21356 Tart-le-Bas 21622\nCessey-sur-Tille 21126 Magny-l\u00e8s-Aubigny 21366 Tart 21623\nChambeire 21130 Magny-Montarlot 21367 Tellecey 21624\nChamblanc 21131 Magny-Saint-M\u00e9dard 21369 Thorey-en-Plaine 21632\nChampagne-sur-Vingeanne 21135 Magny-sur-Tille 21370 Tichey 21637\nChampd\u00f4tre 21138 Les Maillys 21371 Tillenay 21639\nCharmes 21146 Marandeuil 21376 Tr\u00e9clun 21643\nCharrey-sur-Sa\u00f4ne 21148 Marliens 21388 Troch\u00e8res 21644\nCheuge 21167 Maxilly-sur-Sa\u00f4ne 21398 Trouhans 21645\nChivres 21172 Mirebeau-sur-B\u00e8ze 21416 Trugny 21647\nCirey-l\u00e8s-Pontailler 21175 Montagny-l\u00e8s-Seurre 21424 Varanges 21656\nCl\u00e9ry 21180\nMontigny-Mornay-\nVilleneuve-sur-Vingeanne 21433 Vielverge 21680\nCollonges-et-Premi\u00e8res 21183 Montmain 21436 Vi\u00e9vigne 21682\nCuiserey 21215 Montman\u00e7on 21437 Villebichot 21691 \nDampierre-et-Fl\u00e9e 21225 Montot 21440 Villers-les-Pots 21699\nDrambon 21233 Noiron-sur-B\u00e8ze 21459 Villers-Rotin 21701\n\u00c9chenon 21239 Oisilly 21467 Vonges 21713\n\u00c9chigey 21242 Pagny-la-Ville 21474\nEsbarres 21249 Pagny-le-Ch\u00e2teau 21475\n\u00c9tevaux 21256 Perrigny-sur-l'Ognon 21482\nFlagey-l\u00e8s-Auxonne 21268 Pluvet 21487\nDirection d\u00e9partementale de la protection des populations - 57 rue de Mulhouse - 21 033 DIJON Cedex\nt\u00e9l : 03 80 29 43 53... -   courriel : ddpp@cote-dor.gour.fr\nSite internet : http://www.cote-dor.gouv.fr 5 / 6\nDirection d\u00e9partementale de la protection des populations de la C\u00f4te-d'Or - 21-2026-01-16-00002 - 260116 AP ZV signeRAA 15\nDirection d\u00e9partementale de la protection des populations - 57 rue de Mulhouse - 21 033 DIJON Cedex\nt\u00e9l : 03 80 29 43 53... -   courriel : ddpp@cote-dor.gour.fr\nSite internet : http://www.cote-dor.gouv.fr 6 / 6\nDirection d\u00e9partementale de la protection des populations de la C\u00f4te-d'Or - 21-2026-01-16-00002 - 260116 AP ZV signeRAA 16\nDirection d\u00e9partementale des territoires de la\nC\u00f4te-d'Or\nSecr\u00e9tarait G\u00e9n\u00e9ral Commun\n21-2026-01-15-00001\n2026 SGC21 DDT21  arrete collectif n\u00b0104\nDirection d\u00e9partementale des territoires de la C\u00f4te-d'Or - 21-2026-01-15-00001 - 2026 SGC21 DDT21  arrete collectif n\u00b0104 17\nzsPREFETDELACOTE-D'ORLibert\u00e9Egalit\u00e9Fraternit\u00e9\nSecr\u00e9tariat G\u00e9n\u00e9ral Commun\nde la C\u00f4te-d'Or\nAffaire suivie par : Christelle\nTHEVENOT-BARRET\nService des Ressources Humaine\nBureau  ressources humaines de proximit\u00e9\nT\u00e9l : 03.80.29.43.02\nm\u00e9l :  christelle.thevenot@cote-dor.gouv.fr\nDijon, le  14/01/2026\nArr\u00eat\u00e9 pr\u00e9fectoral n\u00b0 104/2026 du 15/01/2026\nfixant par cat\u00e9gorie, les postes \u00e9ligibles au titre des 6\u00e8me et 7\u00e8me tranches de\nl'enveloppe DURAFOUR - nouvelles bonification indiciaires \nLe pr\u00e9fet de la r\u00e9gion Bourgogne-Franche-Comt\u00e9\nPr\u00e9fet de la C\u00f4te-d'Or\nVU la loi n\u00b0 91-73 du 18 janvier 1991 portant dispositions relatives \u00e0 la sant\u00e9 publique et\naux assurances sociales, et notamment son article 27 ,\nVU le  d\u00e9cret  n\u00b0  91-1067  du  14  octobre  1991  portant  attribution  de  la  nouvelle\nbonification  indiciaire  \u00e0  certains  personnels  du  Minist\u00e8re  de  l'Equipement,  du\nLogement, des Transports et de l'Espace modifi\u00e9 par le d\u00e9cret n\u00b0 95-1085 du 6 octobre\n1995, par le d\u00e9cret n\u00b0 2000-137 du 18 f\u00e9vrier 2000 et par le d\u00e9cret 2001-1162 du 7\nd\u00e9cembre 2001,\nVU le d\u00e9cret n\u00b0 2001-1161 du 7 d\u00e9cembre 2001 portant d\u00e9concentration de d\u00e9cisions\nrelatives  \u00e0  l'attribution  de  la  nouvelle  bonification  indiciaire  dans  les  services  du\nminist\u00e8re de l'\u00e9quipement, des transports et du logement,\nVu le d\u00e9cret n\u00b02009-1484 du 3 d\u00e9cembre 2009 relatif aus directions d\u00e9partmentales\ninterminist\u00e9rielles,\nVU l'arr\u00eat\u00e9 du 7 d\u00e9cembre 2001 portant d\u00e9l\u00e9gation de pouvoir en mati\u00e8re d'attribution\nde la nouvelle bonification indiciaire dans les services du minist\u00e8re de l'\u00e9quipement,\ndes transports et du logement  ( NOR : EQUP 0101500 A), \nVU l'arr\u00eat\u00e9 pr\u00e9fectoral n\u00b0 722 du  8 novembre 2017 fixant  par  cat\u00e9gorie, les  postes\n\u00e9ligibles au titre des 6\u00e8me et 7\u00e8me tranches de l'enveloppe DURAFOUR,\n1\nDirection d\u00e9partementale des territoires de la C\u00f4te-d'Or\n57 , rue de Mulhouse - BP 53317 - 21033 Dijon CEDEX\nT\u00e9l. : 03 80 29 44 44\nCourriel : ddt@cote-dor.gouv.fr - Site internet : \nhttp://www.cote-dor.gouv.fr\nDirection d\u00e9partementale des territoires de la C\u00f4te-d'Or - 21-2026-01-15-00001 - 2026 SGC21 DDT21  arrete collectif n\u00b0104 18\nVU l'arr\u00eat\u00e9 du 25 avril 2025 portant r\u00e9partition de l'enveloppe de nouvelle bonification\nindiciaire  dans  certains  services  d\u00e9concentr\u00e9s,  dans  certains  services  techniques  et\ndans certains services \u00e0 comp\u00e9tence nationale, du minist\u00e8re de la transition \u00e9cologique\net de la coh\u00e9sion des territoires, au titre des 6\u00e8me et 7\u00e8me tranche de la mise en\n\u0153uvre du protocole Durafour,\nVU  l'arr\u00eat\u00e9 pr\u00e9fectoral N \u00b0  507/SG du 28/03/25 donnant d \u00e9l\u00e9gation de signature  \u00e0 Mme\nManuelle  DUPUY, directrice d\u00e9partementale des territoires de C\u00f4te-d'Or.\nVU l'avis  du CSA de la Direction D\u00e9partementale des territoires de la C\u00f4te-d'Or en\ndate du 30/09/2025 et \u00e0 l'accord de la Directrice le 8/01/2026\nA R R \u00ca T E\nARTICLE 1  er     :   L'arr\u00eat\u00e9 n\u00b0 1867/2024 du 1 /12/2024 fixant par cat\u00e9gorie, les postes \u00e9ligibles\nau titre des 6\u00e8me et 7\u00e8me tranches de l'enveloppe DURAFOUR est abrog\u00e9. La nouvelle\nbonification indiciaire est fix\u00e9e comme suit \u00e0 compter du 14 janvier 2026, conform\u00e9ment\n\u00e0 l'annexe jointe au pr\u00e9sent arr\u00eat\u00e9.\nARTICLE 2     :      Madame la directrice d\u00e9partementale des territoires de la C\u00f4te-d'Or est\ncharg\u00e9e de l'ex\u00e9cution du pr\u00e9sent arr\u00eat\u00e9, qui prend effet \u00e0 compter du 15 janvier 2026,\nqui sera publi\u00e9 au recueil des actes administratifs de la pr\u00e9fecture de la C\u00f4te-d'Or.\nFait \u00e0 Dijon, le  15/01/2026                  \nLa directrice d\u00e9partementale des territoires\nPour le pr\u00e9fet et par d\u00e9l\u00e9gation,\nSIGNE\nManuelle DUPUY\n2\nDirection d\u00e9partementale des territoires de la C\u00f4te-d'Or - 21-2026-01-15-00001 - 2026 SGC21 DDT21  arrete collectif n\u00b0104 19\nNBI DDT21\nARRETE PREFECTORAL  104 /2026  (DURAFOUR) \nDESIGNATION DE L'EMPLOI SERVICE Commentaires\nA SUCAT 21/12/2024 23\nA Chef(fe) du service habitat et construction SHC 21/12/2024 23\nA Chef(fe) du bureau politique locale du logement SHC 01/01/2010 23\nA Chef(fe) du bureau des affaires juridiques SUCAT 01/12/2020 23\nTOTAL A 92\nB SUCAT 01/10/2023 15 oui\nB SHC 01/01/2021 15 oui\nB SPAE 14/01/2026 15 oui\nB Chef(fe) adjoint(e) du bureau des affaires juridiques SUCAT 01/01/2010 15 oui\nB Assistante de Direction DIR 01/01/2021 15\nTOTAL B 75\nC SSER 01/01/2021 10 oui\nTOTAL C 10\nTOTAL : 177\nNIVEAU \nD'EMPLOI\nDATE D'OUVERTURE \nDU DROIT\nNOMBRE DE \nPOINTS \nATTRIBUES \nAdjoint(e) au chef de service urbanisme, \nconnaissance et appui aux territoires\nV\nu\n \ns\nu\nr\n \nR\ne\nh\nu\nc\ni\nt\nV\nu\n \ns\nu\nr\n \nR\ne\nh\nu\nc\ni\nt\nV\nu\n \ns\nu\nr\n \nR\ne\nh\nu\nc\ni\nt\nV\nu\n \ns\nu\nr\n \nR\ne\nh\nu\nc\ni\nt\nAssistant de pr\u00e9vention \u2013 Coordinateur de la police de \nl'urbanisme, instructeur ADS\nAdjoint au chef de bureau politique territoriale de \nl'habitat et renouvellement urbain \u2013 Chef de p\u00f4le \nd'instruction mutualis\u00e9e\nAdjoint au chef du bureau Planification et pr\u00e9vention \ndes risques technologiques \nAssistante du responsable du service et du bureau \ns\u00e9curit\u00e9 routi\u00e8re et gestion de crise\nDirection d\u00e9partementale des territoires de la C\u00f4te-d'Or - 21-2026-01-15-00001 - 2026 SGC21 DDT21  arrete collectif n\u00b0104 20\nDirection d\u00e9partementale des territoires de la\nC\u00f4te-d'Or\nService Pr\u00e9servation et Am\u00e9nagement de\nl'Espace (SPAE)\n21-2026-01-15-00002\nArr\u00eat\u00e9 pr\u00e9fectoral DDT/SPAE/BCF n\u00b015-2025 du\n15 janvier 2026 portant application et distraction\ndu r\u00e9gime forestier\nDirection d\u00e9partementale des territoires de la C\u00f4te-d'Or - 21-2026-01-15-00002 - Arr\u00eat\u00e9 pr\u00e9fectoral DDT/SPAE/BCF n\u00b015-2025 du 15\njanvier 2026 portant application et distraction du r\u00e9gime forestier 21\nExPREFETDE LACOTE-D'ORLibert\u00e9Egalit\u00e9Fraternit\u00e9\nDirection d\u00e9partementale des territoires de la \nC\u00f4te-d'Or\nService pr\u00e9servation et am\u00e9nagement de l'espace\nBureau chasse-for\u00eat\nArr\u00eat\u00e9 pr\u00e9fectoral DDT/SPAE/BCF n\u00b015-2025 du 15 janvier 2026juillet 2025\nportant application et distraction du r\u00e9gime forestier\nLe pr\u00e9fet de la C\u00f4te-d'Or\nVU les articles L.214-3, R.214-2 et R.214-8 du Code forestier ;\nVU l'arr\u00eat\u00e9 pr\u00e9fectoral en date du 23 mars 2012 pronon\u00e7ant la cl\u00f4ture du remembrement des \ncommunes d'Ath\u00e9e et de Poncey-l\u00e8s-Ath\u00e9e ;\nVU  l'arr\u00eat\u00e9  pr\u00e9fectoral  n\u00b0  507/SG  du  28 mars  2025 donnant  d\u00e9l\u00e9gation  de  signature  \u00e0  Madame \nManuelle DUPUY, directrice d\u00e9partementale des territoires de la C\u00f4te-d'Or  ;\nVU l'arr\u00eat\u00e9 pr\u00e9fectoral n\u00b01333 du 28 ao\u00fbt 2025 portant d\u00e9l\u00e9gation de signature aux agents de la  \nDirection d\u00e9partementale des territoires de la C\u00f4te-d'Or ;\nVU la d\u00e9lib\u00e9ration en date du 17 janvier 2025, rendue ex\u00e9cutoire par d\u00e9p\u00f4t en pr\u00e9fecture du  \n30  janvier  2025,  par  laquelle  le  conseil  municipal  de  la  commune  d'Ath\u00e9e  sollicite  la \ndistraction et l'application du r\u00e9gime forestier pour des parcelles bois\u00e9es situ\u00e9es sur son  \nterritoire communal ;\nVU l'avis favorable de l'Office national des for\u00eats en date du 2 d\u00e9cembre 2025 ;\nCONSID\u00c9RANT que  l'op\u00e9ration  de  distraction  a  pour  objectif  la  mise  \u00e0  jour  de  la \nnum\u00e9rotation du parcellaire cadastral suite au remembrement sur les communes d'Ath\u00e9e et  \nde Poncey-l\u00e8s-Ath\u00e9e ;\nCONSID\u00c9RANT que l'op\u00e9ration de distraction n'a pas d'impact n\u00e9gatif \u00e0 la bonne gestion  \ndes parcelles concern\u00e9es ;\nSUR proposition de Madame la Directrice d\u00e9partementale des territoires de la C\u00f4te-d'Or ;\nDirection d\u00e9partementale des territoires de la C\u00f4te-d'Or\n57 , rue de Mulhouse - BP 53317 - 21033 Dijon CEDEX\nT\u00e9l. : 03 80 29 44 44\nCourriel : ddt@cote-dor.gouv.fr\n1\nDirection d\u00e9partementale des territoires de la C\u00f4te-d'Or - 21-2026-01-15-00002 - Arr\u00eat\u00e9 pr\u00e9fectoral DDT/SPAE/BCF n\u00b015-2025 du 15\njanvier 2026 portant application et distraction du r\u00e9gime forestier 22\nARR\u00caTE\nARTICLE 1  er     :    D\u00c9SIGNATION D  ES   TERRAINS CONCERNANT LA DISTRACTION DU R\u00c9GIME   \nFORESTIER\nLa distraction du  r\u00e9gime forestier est prononc\u00e9e pour des terrains d'une surface totale de  \n11,9691 hectares appartenant \u00e0 la commune d'Ath\u00e9e et ainsi cadastr\u00e9s :\nCommune de situation R\u00e9f\u00e9rence \ncadastrale *\nSurface cadastrale \ntotale (ha)\nSurface concern\u00e9e\n(ha)\nAth\u00e9e\nD 104 0,0034 0,0034\nD 118 p 14,8660 5,4847\nD 120 5,6690 5,6690\nD 839 3,4345 0,8120\nTotal 11,9691\np : pour partie\n* ancienne num\u00e9rotation avant le remembrement\nARTICLE  2     :  D\u00c9SIGNATION  DES  TERRAINS  CONCERNANT  L'APPLICATION  DU  R\u00c9GIME   \nFORESTIER\nL'application du r\u00e9gime forestier est prononc\u00e9e pour des terrains d'une surface totale de  \n14,1094 hectares appartenant \u00e0 la commune d'Ath\u00e9e et ainsi cadastr\u00e9s :\nCommune de situation R\u00e9f\u00e9rence \ncadastrale\nSurface cadastrale \ntotale (ha)\nSurface concern\u00e9e\n(ha)\nAth\u00e9e\nD 153 0,9600 0,9600\nD 848 0,5543 0,5543\nD 851 5,4449 5,4449\nZA 12 0,7350 0,7350\nZA 17 p 6,6800 1,9437\nZA 22 p 1,0788 0,2507\nZA 112 1,2691 1,2691\nZC 70 1,6339 1,6339\nZC 75 0,9977 0,9977\nZC 76 0,3201 0,3201\nTotal 14,1094\np\u00a0:\u00a0pour\u00a0partie\nDirection d\u00e9partementale des territoires de la C\u00f4te-d'Or\n57 , rue de Mulhouse - BP 53317 - 21033 Dijon CEDEX\nT\u00e9l. : 03 80 29 44 44\nCourriel : ddt@cote-dor.gouv.fr\n2\nDirection d\u00e9partementale des territoires de la C\u00f4te-d'Or - 21-2026-01-15-00002 - Arr\u00eat\u00e9 pr\u00e9fectoral DDT/SPAE/BCF n\u00b015-2025 du 15\njanvier 2026 portant application et distraction du r\u00e9gime forestier 23\nARTICLE 3     : DATE D'EFFET ET PUBLICATION  \nLa pr\u00e9sente d\u00e9cision sera affich\u00e9e en mairie et l'accomplissement de cette formalit\u00e9 sera  \ncertifi\u00e9e aupr\u00e8s de la Direction d\u00e9partementale des territoires par le maire de la commune  \nconcern\u00e9e.\nLe  pr\u00e9sent  arr\u00eat\u00e9  sera  par  ailleurs  ins\u00e9r\u00e9  dans  le  recueil  des  actes  administratifs  du \nd\u00e9partement.\nARTICLE 4     : NOTIFICATION DE L'ARR\u00caTE PR\u00c9FECTORAL  \nLa pr\u00e9sente d\u00e9cision sera notifi\u00e9e \u00e0 :\n\u2022 Monsieur le Maire de la commune d'Ath\u00e9e ;\n\u2022 Monsieur le Directeur de l'Agence Bourgogne-Est de l'Office national des for\u00eats.\nARTICLE 5     : EX\u00c9CUTION DE L'ARR\u00caTE PR\u00c9FECTORAL  \nLe maire d'Ath\u00e9e, le directeur de l'agence Bourgogne-Est de l'Office national des for\u00eats et la  \ndirectrice d\u00e9partementale des territoires sont charg\u00e9s de l'ex\u00e9cution du pr\u00e9sent arr\u00eat\u00e9.\nPour la directrice d\u00e9partementale des territoires,\nLe responsable du bureau chasse-for\u00eat,\nSIGN\u00c9\nEmeric BUSSY\nDirection d\u00e9partementale des territoires de la C\u00f4te-d'Or\n57 , rue de Mulhouse - BP 53317 - 21033 Dijon CEDEX\nT\u00e9l. : 03 80 29 44 44\nCourriel : ddt@cote-dor.gouv.fr\n3\nDirection d\u00e9partementale des territoires de la C\u00f4te-d'Or - 21-2026-01-15-00002 - Arr\u00eat\u00e9 pr\u00e9fectoral DDT/SPAE/BCF n\u00b015-2025 du 15\njanvier 2026 portant application et distraction du r\u00e9gime forestier 24\nDirection d\u00e9partementale des territoires de la\nC\u00f4te-d'Or\nService Pr\u00e9servation et Am\u00e9nagement de\nl'Espace (SPAE)\n21-2026-01-15-00003\nARRETE PREFECTORAL du 15 janvier 2026\nportant dissolution de l'association fonci\u00e8re de\nremembrement de LUCEY\nDirection d\u00e9partementale des territoires de la C\u00f4te-d'Or - 21-2026-01-15-00003 - ARRETE PREFECTORAL du 15 janvier 2026\nportant dissolution de l'association fonci\u00e8re de remembrement de LUCEY 25\nzsPREFETDELACOTE-D'ORLibert\u00e9Egalit\u00e9Fraternit\u00e9\n \nDirection d\u00e9partementale des territoires\nde la C\u00f4te-d'Or\nARRETE PREFECTORAL \ndu 15 janvier 2026\nportant dissolution de l'association fonci\u00e8re de remembrement de LUCEY\nLe pr\u00e9fet de la C\u00f4te-d'Or\nVU le code rural dans sa version d'avant le 1 er janvier 2006 et notamment ses articles R.133-5 et  \nR.133-9 ; \nVU l'ordonnance n\u00b02004-632 du 1er juillet 2004 relative aux associations syndicales de propri\u00e9taires \net notamment ses articles 41 et 42 ;\nVU le  d\u00e9cret  n\u00b02006-504  du  3  mai  2006  portant  application  de  l'ordonnance  susvis\u00e9e  et  \nnotamment son article 72 ;\nVU l'arr\u00eat\u00e9 pr\u00e9fectoral n\u00b0327 DDA du 4 juillet 1974 portant constitution de l'association fonci\u00e8re de \nremembrement (AFR) de LUCEY ;\nVU  l'arr\u00eat\u00e9 pr\u00e9fectoral du 25 juillet 2008 dernier en date portant renouvellement du bureau de  \nl'association fonci\u00e8re de remembrement de LUCEY ;\nVU  l'arr\u00eat\u00e9  pr\u00e9fectoral  du  20  septembre  2024  portant  d\u00e9signation  d'un  liquidateur  pour  \nl'association fonci\u00e8re de remembrement de LUCEY ;\nVU l'arr\u00eat\u00e9  pr\u00e9fectoral  n\u00b0  507/  SG  du  28  mars  2025  donnant  d\u00e9l\u00e9gation  de  signature  \u00e0  \nMme Manuelle DUPUY, directrice d\u00e9partementale des territoires de la C\u00f4te-d'Or ;\nVU l'arr\u00eat\u00e9 pr\u00e9fectoral n\u00b0 1333 du 28 ao\u00fbt 2025 portant d\u00e9l\u00e9gation de signature aux agents de la  \ndirection d\u00e9partementale des territoires de C\u00f4te-d'Or ;\nVU le courrier du pr\u00e9fet de la C\u00f4te-d'Or au maire de LUCEY du 23 mars 2022 relatif \u00e0 la situation de \nl'association fonci\u00e8re de remembrement de LUCEY ;\nVU la d\u00e9lib\u00e9ration du conseil municipal de LUCEY du 6 juin 2025 par laquelle la commune de LUCEY \naccepte de reprendre l'actif et le passif de l'AFR de LUCEY et autorise le maire \u00e0 effectuer toute  \nd\u00e9marche en ce sens ;\nVU  la d\u00e9lib\u00e9ration du conseil municipal de LUCEY du 26 septembre 2025 d\u00e9signant M. Damien  \nSTOLL,  premier  adjoint,  pour  repr\u00e9senter  la  commune  dans  le  cadre  de  la  signature  de  l'acte \nadministratif de cession entre l'AFR de LUCEY et la commune de LUCEY;\nVU l'acte administratif de cession du 27 octobre 2025 enregistr\u00e9 au Service de la publicit\u00e9 fonci\u00e8re \net de l'enregistrement de Dijon le 30 octobre 2025 ;\nVU la formule de publication n\u00b03265 SD de l'acte administratif de cession du 27 octobre 2025 ;\nVU l'extrait de la balance r\u00e9glementaire des comptes du grand livre relatif \u00e0 l'association fonci\u00e8re de \nLUCEY arr\u00eat\u00e9e \u00e0 la date du 31 d\u00e9cembre 2025 ;\nDirection d\u00e9partementale des territoires de la C\u00f4te-d'Or\n57 rue de Mulhouse \u2013 BP 53317 \u2013 21033 Dijon Cedex\nT\u00e9l\u00a0: 03 80 29 44 44 Courriel\u00a0: ddt@cote-dor.gouv.fr Site intenet\u00a0: http://www.cote-dor.gouv.fr\nDirection d\u00e9partementale des territoires de la C\u00f4te-d'Or - 21-2026-01-15-00003 - ARRETE PREFECTORAL du 15 janvier 2026\nportant dissolution de l'association fonci\u00e8re de remembrement de LUCEY 26\nVU l'attestation de fin des op\u00e9rations de liquidation de M. J\u00e9r\u00f4me BREGAND du 13 janvier 2026 ;\nVU l'avis favorable de la direction r\u00e9gionale des finances publiques de Bourgogne-Franche-Comt\u00e9 et \ndu d\u00e9partement de la C\u00f4te-d'Or sur la dissolution de l'AFR de LUCEY du 13 janvier 2026;\nCONSID\u00c9RANT que  les  travaux  pour  lesquels  l'association  a  \u00e9t\u00e9  constitu\u00e9e  sont  achev\u00e9s  et  \nr\u00e9ceptionn\u00e9s, qu'il y a lieu de consid\u00e9rer que son objet statutaire est \u00e9puis\u00e9 ;\nCONSID\u00c9RANT que depuis plus de trois ans l'association fonci\u00e8re de remembrement de LUCEY est \nsans activit\u00e9 r\u00e9elle en rapport avec son objet ;\nCONSID\u00c9RANT  que  l'association  fonci\u00e8re  de  remembrement  de  LUCEY  conna\u00eet  des  difficult\u00e9s \ngraves et persistantes entravant son fonctionnement ;\nCONSID\u00c9RANT  que  les  conditions  pr\u00e9alables  \u00e0  la  dissolution  de  l'association  fonci\u00e8re  de  \nremembrement de LUCEY sont r\u00e9unies, notamment au regard des conditions dans lesquelles la  \ndissolution est envisag\u00e9e et en particulier s'agissant de la d\u00e9volution de l'actif immobilis\u00e9 et du  \npassif de l'association ;\nSur proposition de Mme la directrice d\u00e9partementale des territoires de la C\u00f4te-d'Or ;\nA R R E T E :\nARTICLE 1er     :  \nL'association fonci\u00e8re de remembrement de LUCEY est d\u00e9clar\u00e9e dissoute. Cet arr\u00eat\u00e9 prend effet \u00e0  \ncompter de la date de signature du pr\u00e9sent acte.\nARTICLE 2     :  \nConform\u00e9ment aux dispositions de l'article 15 de l'ordonnance susvis\u00e9e, le pr\u00e9sent arr\u00eat\u00e9 sera : \n- publi\u00e9 au recueil des actes administratifs de la pr\u00e9fecture de la C\u00f4te-d'Or ;\n- affich\u00e9 \u00e0 la mairie de LUCEY ;\n- notifi\u00e9 au comptable public de l'association ;\nARTICLE 3 : \nCette d\u00e9cision peut faire l'objet d'un recours contentieux devant le tribunal administratif de Dijon  \ndans un d\u00e9lai de deux mois \u00e0 compter de sa notification.\nLe tribunal administratif peut \u00eatre saisi par un recours d\u00e9pos\u00e9 via l'application T\u00e9l\u00e9recours citoyens  \naccessible par le site internet \u00ab www.telerecours.fr \u00bb.\nARTICLE 4     :  \nMme la directrice d\u00e9partementale des territoires de la C\u00f4te-d'Or et M. le maire de LUCEY  sont \ncharg\u00e9s,  chacun  en  ce  qui  le  concerne,  de  l'ex\u00e9cution  du  pr\u00e9sent  arr\u00eat\u00e9  dont  une  copie  sera \nadress\u00e9e par la direction d\u00e9partementale des territoires \u00e0 : \n- la pr\u00e9fecture de la C\u00f4te-d'Or ;\n- M. le pr\u00e9sident de la chambre d'agriculture de la C\u00f4te-d'Or ;\n- Mme la directrice r\u00e9gionale des finances publiques de Bourgogne-Franche-Comt\u00e9 et du \nd\u00e9partement de la C\u00f4te-d'Or ;\n- M. le directeur des archives d\u00e9partementales de la C\u00f4te-d'Or ;\n- M. le directeur r\u00e9gional de l'INSEE Bourgogne-Franche-Comt\u00e9.\nFait \u00e0 Dijon, le 15 janvier 2026\nPour le pr\u00e9fet et par d\u00e9l\u00e9gation,\nL'adjointe \u00e0 la cheffe du service pr\u00e9servation\net am\u00e9nagement de l'espace,\nSign\u00e9 : An\u00e9lise TACONET\nDirection d\u00e9partementale des territoires de la C\u00f4te-d'Or - 21-2026-01-15-00003 - ARRETE PREFECTORAL du 15 janvier 2026\nportant dissolution de l'association fonci\u00e8re de remembrement de LUCEY 27\nDirection d\u00e9partementale des territoires de la\nC\u00f4te-d'Or\nService S\u00e9curit\u00e9 et Education Routi\u00e8re\n21-2026-01-12-00005\nAP 97 20260112 RAA A6 DiffuseurBierreLesSemur\nDirection d\u00e9partementale des territoires de la C\u00f4te-d'Or - 21-2026-01-12-00005 - AP 97 20260112 RAA A6 DiffuseurBierreLesSemur 28\nzsPREFETDELACOTE-D'ORLibert\u00e9Egalit\u00e9Fraternit\u00e9\n Direction d\u00e9partementale des territoires\nde la C\u00f4te-d'Or\nService de la S\u00e9curit\u00e9 et de l'\u00c9ducation Routi\u00e8re\nBureau de la S\u00e9curit\u00e9 Routi\u00e8re\nDijon, le 12 janvier 2026\nArr\u00eat\u00e9 N\u00b0 97\nportant r\u00e9glementation temporaire de la circulation sur l'autoroute A6 \u00e0 l'occasion de \ntravaux d'investigation n\u00e9cessaires au bilan structurel de la chauss\u00e9e sur le diffuseur de \nBierre-les-Semur sur A6 au PR 235+300.\nLe pr\u00e9fet de la C\u00f4te-d'Or\nVU le Code de la Route, notamment ses articles R411-8 et R411-25 ;\nVU l'Arr\u00eat\u00e9  Interminist\u00e9riel  du  24  novembre  1967  modifi\u00e9  relatif  \u00e0  la  signalisation  des \nroutes et autoroutes ;\nVU l'Instruction  Interminist\u00e9rielle  sur  la  signalisation  routi\u00e8re  (Livre  1,  8\u00e8me  partie, \nsignalisation  temporaire)  approuv\u00e9e  par  l'Arr\u00eat\u00e9  Interminist\u00e9riel  du  6  novembre  1992 \nmodifi\u00e9 ;\nVU la note technique du 14 avril 2016 du Minist\u00e8re de l'Environnement de l'\u00c9nergie et de la \nMer, relative \u00e0 la coordination des chantiers sur le r\u00e9seau national ;\nVU l'arr\u00eat\u00e9 pr\u00e9fectoral n\u00b0 612 du 20 ao\u00fbt 2019 portant r\u00e9glementation permanente de la  \ncirculation pour l'exploitation des chantiers courants sur les autoroutes conc\u00e9d\u00e9es \u00e0 APRR  \ndans le d\u00e9partement de la C\u00f4te-d'Or ;\nVU l'arr\u00eat\u00e9 pr\u00e9fectoral n\u00b0 507 du 28 mars 2025 donnant d\u00e9l\u00e9gation de signature \u00e0 Madame \nManuelle DUPUY, Directrice D\u00e9partementale des Territoires ;\nVU l'arr\u00eat\u00e9 pr\u00e9fectoral n\u00b0 1333 du 28 ao\u00fbt 2025 portant d\u00e9l\u00e9gation de signature aux agents \nde la Direction D\u00e9partementale des Territoires de la C\u00f4te-d'Or ;\nVU la note du 23 janvier 2025 du Minist\u00e8re de l'Am\u00e9nagement du Territoire et de la  \nD\u00e9centralisation,  Minist\u00e8re  charg\u00e9  des  Transports,  fixant  le  calendrier  des  jours  hors \nchantiers pour l'ann\u00e9e 2025 et le mois de janvier 2026 ;\nVU  la demande en date du 15 d\u00e9cembre 2025 de Monsieur le Directeur d'exploitation  \nd'APRR ;\nDirection d\u00e9partementale des territoires de la C\u00f4te-d'Or\n57 rue de Mulhouse- BP 53317 - 21033 DIJON cedex\nt\u00e9l : 03 80 29 44 44 \u2013 Courriel : ddt@cote-dor.gouv.fr\nDirection d\u00e9partementale des territoires de la C\u00f4te-d'Or - 21-2026-01-12-00005 - AP 97 20260112 RAA A6 DiffuseurBierreLesSemur 29\n2/5\nVU l'information communiqu\u00e9e au service d\u00e9partemental d'incendie et de secours de la  \nC\u00f4te-d'Or en date du 15 d\u00e9cembre 2025 ;\nVU l'avis favorable du Peloton Motoris\u00e9 de Gendarmerie de Pouilly-en-Auxois en date du 15 \nd\u00e9cembre 2025 ;\nVU l'avis  favorable  de  Monsieur  le  Sous-Directeur  de  la  gestion  du  r\u00e9seau  autoroutier \nconc\u00e9d\u00e9 des Minist\u00e8res de l'Am\u00e9nagement du Territoire et de la Transition \u00c9cologique  en \ndate du 16 d\u00e9cembre 2025 ;\nVU les avis favorables des Conseils D\u00e9partementaux de la C\u00f4te-d'Or et de l'Yonne en date  \ndu 16 d\u00e9cembre 2025 ;\nVU les avis favorables des communes de Pr\u00e9cy-sous-Thil en date du 17 d\u00e9cembre 2025,  \nArnay-le-Duc  et  Aisy-sous-Thil  en  date  du  18  d\u00e9cembre  2025,  Magny  en  date  du  19 \nd\u00e9cembre 2025, Jouey en date du 31 d\u00e9cembre 2025, La Roche-en-Brenil en date du 1 er \njanvier 2026 et Cussy-les-Forges en date du 2 janvier 2026 ;\nVU les avis r\u00e9put\u00e9s favorables des communes de Saulieu, Montlay-en-Auxois, Dompierre-\nen-Morvan, Sainte-Magnance ;\nCONSID\u00c9RANT  que  le  chantier  ne  remplit  pas  l'une  ou  plusieurs  des  conditions \ncaract\u00e9ristiques des chantiers courants au sens de la note technique du 14 avril relative \u00e0 la \ncoordination  des  chantiers  sur  le  r\u00e9seau  routier  national  et  qu'il  est  donc  class\u00e9  en \n\u00ab chantier non courant \u00bb ;\nCONSID\u00c9RANT  qu'il y a lieu d'assurer la s\u00e9curit\u00e9 et la protection des usagers, des agents  \nd'APRR et des entreprises charg\u00e9es de l'ex\u00e9cution des travaux et de r\u00e9duire, autant que  \npossible, les entraves \u00e0 la circulation provoqu\u00e9es par les travaux ;\nSUR proposition de Madame la Directrice D\u00e9partementale des Territoires de la C\u00f4te-d'Or ;\nARR\u00caTE\nArticle 1  er     :  \nLes  travaux  concernent  des  carottages  et  des  mesures  de  d\u00e9flexions  et  rayons  de \ncourbures sur toutes les bretelles et la plateforme du diffuseur de Bierre-les-Semur sur  \nl'autoroute  A6  au  PR  235+300,  dans  le  d\u00e9partement  de  C\u00f4te-d'Or,  en  vue  d'un  bilan \nstructurel de la chauss\u00e9e.\nLes mesures d'exploitation, de police et de gestion du trafic mises en \u0153uvre \u00e0 l'occasion  \nde ces travaux s'appliqueront du lundi 19 janvier 2026 \u00e0 14h00 au 20 janvier 2026 \u00e0 10h00.\nArticle 2     :  \nLe chantier est class\u00e9 en \u00ab  chantier non courant  \u00bb en raison de la d\u00e9rogation aux articles  \nde l'arr\u00eat\u00e9 permanent d'exploitation sous chantier n\u00b0 612 du 20 ao\u00fbt 2019, \u00e0 savoir :\n\uf0b7 L'inter distance entre ce chantier et un autre chantier pourra \u00eatre r\u00e9duite \u00e0  \n3 km,\nDirection d\u00e9partementale des territoires de la C\u00f4te-d'Or\n57 rue de Mulhouse- BP 53317 - 21033 DIJON cedex\nt\u00e9l : 03 80 29 44 44 \u2013 Courriel : ddt@cote-dor.gouv.fr\nDirection d\u00e9partementale des territoires de la C\u00f4te-d'Or - 21-2026-01-12-00005 - AP 97 20260112 RAA A6 DiffuseurBierreLesSemur 30\n3/5\n\uf0b7 Des d\u00e9viations seront mises en place suite \u00e0 la fermeture du diffuseur de  \nBierre les Semur.\nArticle 3     :   \nPour l'ex\u00e9cution des travaux, les mesures d'exploitation et de police suivantes seront mises \nen \u0153uvre :\n\uf0b7 Fermeture compl\u00e8te du diffuseur de Bierre-les-Semur situ\u00e9 sur l'autoroute A6 au PR  \n235+300, la nuit du lundi 19 au mardi 20 janvier 2026, de 21h \u00e0 5h,\n\uf0b7 Neutralisation de voie de droite sur l'autoroute A6 du PR 234+400 au PR 235+800,  \ndans le sens de circulation Paris vers Courtenay (sens 1), du lundi 19 janvier, 15h00 au \nmardi 20 janvier, 10h00,\n\uf0b7 Neutralisation de voie de droite sur  l'autoroute A6 du PR 236+600 au PR 234+600,  \ndans le sens de circulation Courtenay vers Paris (sens 2), du lundi 19 janvier, 14h00  \nau mardi 20 janvier, 09h00.\n \nEn cas d'al\u00e9as techniques et ou m\u00e9t\u00e9orologiques, le chantier pourra \u00eatre report\u00e9 dans la  \nnuit du 26 au 27 janvier 2026, de 21h \u00e0 5h, dans les m\u00eames conditions d'exploitation. Le  \nconcessionnaire sera alors tenu d'en informer la direction d\u00e9partementale des territoires  \nde la C\u00f4te-d'Or ainsi que les diff\u00e9rentes instances ayant \u00e9t\u00e9 consult\u00e9es pour ce dossier.\nArticle 4 :\nLes d\u00e9viations suivantes seront mises en place suite aux fermetures de : \n- Entr\u00e9e Sens 2 (direction Paris) : rejoindre le diffuseur N\u00b022 Avallon sur l'autoroute A6 via  \nles routes RD980 \u2013 RD70 \u2013 RD906 \u2013 RD606 et RD646.\n- Sortie Sens 2 (venant de Lyon) : depuis l'autoroute A6, suivre la direction A38 (Dijon) et  \nsortir au diffuseur N\u00b024 Pouilly en Auxois. Suivre la RD981 en direction d'Arnay-le-Duc puis  \nla RD906 et la RD980 en direction de Semur en Auxois. \n- Entr\u00e9e Sens 1 (direction Lyon) : m\u00eame itin\u00e9raire que sortie sens 2, dans l'autre sens. \n-  Sortie  Sens  1  (venant  de  Paris)  :  sortir  au  diffuseur  N\u00b022  Avallon,  puis  rejoindre  le \ncarrefour de raccordement avec le diffuseur N\u00b023 Bierre-les-Semur via les routes RD646 \u2013  \nRD606 \u2013 RD906 - RD70 et RD980.\nArticle 5 :\nDes mesures d'information des usagers seront prises par le canal :\n- de messages sur les Panneaux \u00e0 Messages Variables (PMV) situ\u00e9s en section courante de \nl'autoroute,\n- de messages sur PMVA situ\u00e9 en entr\u00e9e des gares de p\u00e9age,\n- de messages sur \u00ab Autoroute Info 107 .7 \u00bb,\n- du service d'information vocale autoroutier,\n- du site internet www.aprr.fr.\nDirection d\u00e9partementale des territoires de la C\u00f4te-d'Or\n57 rue de Mulhouse- BP 53317 - 21033 DIJON cedex\nt\u00e9l : 03 80 29 44 44 \u2013 Courriel : ddt@cote-dor.gouv.fr\nDirection d\u00e9partementale des territoires de la C\u00f4te-d'Or - 21-2026-01-12-00005 - AP 97 20260112 RAA A6 DiffuseurBierreLesSemur 31\n4/5\nArticle 6     :  \nLa Direction D\u00e9partementale des Territoires de la C\u00f4te-d'Or sera avertie de la mise en  \nplace ou du report et en temps r\u00e9el de la fin des mesures d'exploitation, ainsi qu'en cas  \nd'\u00e9v\u00e9nement entra\u00eenant une g\u00eane importante \u00e0 la circulation, particuli\u00e8rement en cas  \nd'application du Plan de Gestion de Trafic, et des mesures prises \u00e0 cet effet.\nArticle 7     :  \nLa signalisation des chantiers devra \u00eatre conforme aux prescriptions r\u00e9glementaires, en  \nparticulier \u00e0 celles de l'Instruction Interminist\u00e9rielle sur la  Signalisation Routi\u00e8re (8\u00e8me  \npartie - Signalisation Temporaire) ainsi qu'aux guides techniques du SETRA subs\u00e9quents :\n- Routes \u00e0 chauss\u00e9es s\u00e9par\u00e9es \u2013 Manuel du Chef de Chantier\n- Choix d'un mode d'exploitation.\nLa mise en place et le maintien de la signalisation temporaire de ces chantiers seront  \nassur\u00e9s sous le contr\u00f4le et la responsabilit\u00e9 des services d'APRR.\nLes forces de l'ordre seront pr\u00e9sentes pour accompagner les agents d'APRR afin de faire  \nrespecter  les  mesures  de  police  n\u00e9cessaires  \u00e0  la  mise  en  place  des  balisages  et \nsignalisations temporaires (ralentissement de la circulation, fermeture de section courante \nou de bretelles) ainsi qu'\u00e0 la r\u00e9alisation des travaux.\nToutefois,  dans  l'hypoth\u00e8se  o\u00f9,  une  fois  requises,  les  forces  de  l'ordre,  seraient  dans \nl'impossibilit\u00e9  d'\u00eatre  pr\u00e9sentes,  les  agents  d'APRR  seront  autoris\u00e9s  \u00e0  r\u00e9aliser  seuls  ces \nop\u00e9rations.\nArticle 8     :  \nLe pr\u00e9sent arr\u00eat\u00e9 peut faire l'objet d'un recours gracieux aupr\u00e8s du pr\u00e9fet et/ou d'un  \nrecours contentieux devant le tribunal administratif dans un d\u00e9lai de 2 mois \u00e0 compter de  \nsa notification.\nLe tribunal administratif peut \u00eatre saisi par un recours d\u00e9pos\u00e9 via l'application T\u00e9l\u00e9recours  \ncitoyens accessible par le site internet www.telerecours.fr \u00bb.\nArticle 9     :  \n- La Directrice de Cabinet du pr\u00e9fet de la C\u00f4te-d'Or,\n- Le  Commandant  de  la  R\u00e9gion  de  Gendarmerie  de  Bourgogne-Franche-Comt\u00e9,  du \nGroupement de la C\u00f4te-d'Or,\n- Le Directeur d'exploitation d'APRR,\nsont charg\u00e9s, chacun en ce qui le concerne, de l'ex\u00e9cution du pr\u00e9sent arr\u00eat\u00e9.\nLe pr\u00e9sent arr\u00eat\u00e9 sera publi\u00e9 au recueil des actes administratifs de la Pr\u00e9fecture de la C\u00f4te-\nd'Or.\nUne copie du pr\u00e9sent arr\u00eat\u00e9 sera adress\u00e9e pour information :\n- au Directeur G\u00e9n\u00e9ral des Infrastructures des Transports et de la Mer des MATTE,\n- au Directeur D\u00e9partemental des Services d'Incendie et de Secours de la C\u00f4te-  \nd'Or,\nDirection d\u00e9partementale des territoires de la C\u00f4te-d'Or\n57 rue de Mulhouse- BP 53317 - 21033 DIJON cedex\nt\u00e9l : 03 80 29 44 44 \u2013 Courriel : ddt@cote-dor.gouv.fr\nDirection d\u00e9partementale des territoires de la C\u00f4te-d'Or - 21-2026-01-12-00005 - AP 97 20260112 RAA A6 DiffuseurBierreLesSemur 32\n5/5\n- aux  communes  de  Pr\u00e9cy-sous-Thil,  Arnay-le-Duc,  Aisy-sous-Thil,  Magny,  Saulieu, \nJouey, Montlay-en-Auxois, Dompierre-en-Morvan, La Roche-en-Brenil, Sainte-Magnance et  \nCusssy-les-Forges,\n- au SAMU de Dijon.\nFait \u00e0 Dijon, le 12 janvier 2026\nLe pr\u00e9fet,\nPour le pr\u00e9fet, par d\u00e9l\u00e9gation,\nLa directrice d\u00e9partementale\ndes territoires,\nSIGN\u00c9\nManuelle DUPUY\nDirection d\u00e9partementale des territoires de la C\u00f4te-d'Or\n57 rue de Mulhouse- BP 53317 - 21033 DIJON cedex\nt\u00e9l : 03 80 29 44 44 \u2013 Courriel : ddt@cote-dor.gouv.fr\nDirection d\u00e9partementale des territoires de la C\u00f4te-d'Or - 21-2026-01-12-00005 - AP 97 20260112 RAA A6 DiffuseurBierreLesSemur 33\nDirection d\u00e9partementale des territoires de la\nC\u00f4te-d'Or\nService S\u00e9curit\u00e9 et Education Routi\u00e8re\n21-2026-01-12-00006\nAP 98 20260112 RAA M274\nMaintenancePr\u00e9ventive 19-21janv\nDirection d\u00e9partementale des territoires de la C\u00f4te-d'Or - 21-2026-01-12-00006 - AP 98 20260112 RAA M274 MaintenancePr\u00e9ventive\n19-21janv 34\nzsPREFETDELACOTE-D'ORLibert\u00e9Egalit\u00e9Fraternit\u00e9\nDirection d\u00e9partementale des territoires\nde la C\u00f4te-d'Or\nService de la S\u00e9curit\u00e9 et de l'\u00c9ducation Routi\u00e8re\nBureau de la S\u00e9curit\u00e9 Routi\u00e8re\n Dijon, le 12 janvier 2026\nArr\u00eat\u00e9 N\u00b0 98\nportant r\u00e9glementation temporaire de la circulation pour la r\u00e9alisation de travaux \nd'entretien (maintenance pr\u00e9ventive des alimentations \u00e9lectriques HT/BT du tunnel de \nTalant et de la tranch\u00e9e couverte) dans les 2 sens de circulation entre les \u00e9changeurs n\u00b034 \net 37 du PR13+200 au PR18+300 sur la M274 sur les communes de Longvic, Dijon, Ruffey-\nles-Echirey, Ahuy, Fontaine-les-Dijon, Daix, Talant, Plombi\u00e8res-les-Dijon et Saint-Apollinaire.\nLe pr\u00e9fet de la C\u00f4te-d'Or\nVU le Code de la Route ;\nVU le Code de la Voirie Routi\u00e8re ;\nVU la loi n\u00b02022-217 du 21 f\u00e9vrier 2022 relative \u00e0 la diff\u00e9renciation, la d\u00e9centralisation, la  \nd\u00e9concentration et portant diverses mesures de simplification de l'action publique locale ;\nVU le d\u00e9cret en Conseil d'\u00c9tat du 6 f\u00e9vrier 1980 d\u00e9clarant d'utilit\u00e9 publique la construction \nde la rocade Est de Dijon et lui conf\u00e9rant le statut de route express ;\nVU le d\u00e9cret 2009- 615 du 3 juin 2009 modifi\u00e9, fixant la liste des routes class\u00e9es \u00e0 grande  \ncirculation ;\nVU le d\u00e9cret n\u00b02022-459 du 30 mars 2022 fixant la liste des voies non conc\u00e9d\u00e9es du  \ndomaine  public  routier  national  qui  peuvent  \u00eatre  transf\u00e9r\u00e9es  aux  d\u00e9partements  et  \nm\u00e9tropoles ou mises \u00e0 disposition des r\u00e9gions dans les conditions pr\u00e9vues aux articles 38  \net 40 de la loi n\u00b02022-217 du 21 f\u00e9vrier 2022 ;\nVU le d\u00e9cret du 10 octobre 2024 nommant Paul MOURIER, pr\u00e9fet de la r\u00e9gion Bourgogne-\nFranche-Comt\u00e9, pr\u00e9fet de la C\u00f4te-d'Or ;\nVU  l'arr\u00eat\u00e9 interminist\u00e9riel du 24 novembre 1967 modifi\u00e9, relatif \u00e0 la signalisation des  \nroutes et autoroutes ;\nVU  l'arr\u00eat\u00e9 interminist\u00e9riel du 6 novembre 1992 modifi\u00e9, approuvant les dispositions de  \nl'instruction interminist\u00e9rielle sur la signalisation routi\u00e8re ;\nDirection d\u00e9partementale des territoires de la C\u00f4te-d'Or\n57 rue de Mulhouse- BP 53317 - 21033 DIJON cedex\nt\u00e9l : 03 80 29 44 44 \u2013 Courriel : ddt@cote-dor.gouv.fr\nDirection d\u00e9partementale des territoires de la C\u00f4te-d'Or - 21-2026-01-12-00006 - AP 98 20260112 RAA M274 MaintenancePr\u00e9ventive\n19-21janv 35\n2/5\nVU  l'arr\u00eat\u00e9  pr\u00e9fectoral  n\u00b021-2023-05-02-00002  du  2  mai  2023  relatif  au  transfert  \u00e0  la \nM\u00e9tropole de Dijon de sections de routes et autoroutes class\u00e9es dans le domaine public  \nroutier national ;\nVU  l'arr\u00eat\u00e9 pr\u00e9fectoral n\u00b0 1010 /SG du 02 juillet 2025 donnant d\u00e9l\u00e9gation de signature \u00e0  \nMadame Aur\u00e9lie CONTRECIVILE, directrice de cabinet du pr\u00e9fet de la C\u00f4te-d'Or ;\nVU la note du 23 janvier 2025 du Minist\u00e8re de l'Am\u00e9nagement du Territoire et de la  \nD\u00e9centralisation,  Minist\u00e8re  charg\u00e9  des  Transports,  fixant  le  calendrier  des  jours  hors \nchantiers pour l'ann\u00e9e 2025 et le mois de janvier 2026 ;\nVU la demande pr\u00e9sent\u00e9e par la M\u00e9tropole de Dijon - CEI de Dijon le 17 d\u00e9cembre 2025 ;\nVU l'avis  r\u00e9put\u00e9  favorable  de  l'Escadron  D\u00e9partemental  de  Contr\u00f4le  des  Flux  du  \nGroupement de Gendarmerie de la C\u00f4te-d'Or ;\nVU l'avis r\u00e9put\u00e9 favorable de la Direction Interd\u00e9partementale de la Police Nationale ;\nCONSID\u00c9RANT que  pendant  les  travaux  d'entretien  (maintenance  des  alimentations \n\u00e9lectriques HT/BT du tunnel de Talant et de la tranch\u00e9e couverte) sur la M274 il y a lieu de  \npr\u00e9ciser les conditions de circulation afin de pr\u00e9venir tout risque d'accident, de faciliter la  \nbonne ex\u00e9cution des travaux et d'assurer un \u00e9coulement satisfaisant du trafic ;\nCONSID\u00c9RANT que la section concern\u00e9e par les travaux est situ\u00e9e hors agglom\u00e9ration ;\nSUR proposition de Madame la Directrice D\u00e9partementale des Territoires de la C\u00f4te-d'Or ;\nARR\u00caTE\nArticle 1 :\nLes  travaux  d'entretien  concernent  la  M274  dans  les  2  sens  de  circulation  entre  les \n\u00e9changeurs n\u00b0 34 et 37 , du PR13+200 au PR18+300.\nLes dispositions du pr\u00e9sent arr\u00eat\u00e9 s'appliqueront les nuits de 21  h \u00e0 6 h du lundi 19 janvier  \nau mercredi 21 janvier 2026.\nArticle 2 :\nPendant l'ex\u00e9cution des travaux ci-dessus d\u00e9sign\u00e9s sur la M274, la circulation s'effectuera  \ndans les conditions suivantes :\nCoupure d'axe et fermeture de bretelles\nLa M274 sera ferm\u00e9e \u00e0 la circulation de l'\u00e9changeur n\u00b037 Ahuy (PR13+050) \u00e0 l'\u00e9changeur  \nn\u00b034 Plombi\u00e8res les Dijon (PR18+262) dans les 2 sens de circulation :\nFermetures     :   \n\u2022 \u00c9changeur n\u00b034 Plombi\u00e8res les Dijon : fermeture de la section courante au PR \n18+275 sens Paris\u2192Lyon,\n\u2022 \u00c9changeur n\u00b035 de Talant : fermeture de la section courante au PR 16+250 sens \nLyon->Paris et PR 16+225 sens Paris\u2192Lyon,\nDirection d\u00e9partementale des territoires de la C\u00f4te-d'Or\n57 rue de Mulhouse- BP 53317 - 21033 DIJON cedex\nt\u00e9l : 03 80 29 44 44 \u2013 Courriel : ddt@cote-dor.gouv.fr\nDirection d\u00e9partementale des territoires de la C\u00f4te-d'Or - 21-2026-01-12-00006 - AP 98 20260112 RAA M274 MaintenancePr\u00e9ventive\n19-21janv 36\n3/5\n\u2022 Echangeur n\u00b036 Daix : fermeture de la bretelle d'entr\u00e9e n\u00b02,\n\u2022 \u00c9changeur n\u00b037 Ahuy : fermeture de la section courante au PR 13+200 sens Lyon-\n>Paris et de la bretelle d'entr\u00e9e n\u00b02.\nDes d\u00e9viations seront mises en place \u00e0 l'attention des usagers :\nEn direction de Lyon :\n\u25e6 depuis l'\u00e9changeur n\u00b0 34 Plombi\u00e8res (PR 18+262)     :  \n\u25aa M905,\n\u25aa Bd de l'Ouest,\n\u25aa Bd de Ch\u00e8vre Morte,\n\u25aa Bd des Clomiers,\n\u25aa Bd Fran\u00e7ois Pompon,\n\u25aa Bd des Aiguillottes,\n\u25aa Bd des Allobroges,\n\u25aa Bd Mar\u00e9chal Gallieni,\n\u25aa Bd Pascal,\n\u25aa Place St Exup\u00e9ry,\n\u25aa Bd Joffre,\n\u25aa M974 (av de Langres),\n\u25aa retour sur M274 via l'\u00e9changeur n\u00b038 Pompidou (PR12+070).\n\u25e6 depuis l'\u00e9changeur n\u00b0 35 Talant (PR 16+400)     :  \n\u25aa M971 (Bd de Troyes),\n\u25aa Bd Fran\u00e7ois Pompon,\n\u25aa Bd des Aiguillottes,\n\u25aa Bd des Allobroges,\n\u25aa Bd Mar\u00e9chal Gallieni,\n\u25aa Bd Pascal,\n\u25aa Place Saint-Exup\u00e9ry,\n\u25aa Bd Joffre,\n\u25aa M974 (av de Langres),\n\u25aa retour sur M274 via l'\u00e9changeur n\u00b038 Pompidou (PR 12+070).\n\u25e6 depuis l'\u00e9changeur n\u00b036 Daix (PR 15+600)     :  \n\u25aa Rue d'Hauteville,\n\u25aa Route de Dijon,\n\u25aa M107 (rue d'Hauteville, rue de Dijon),\n\u25aa Bd des Allobroges,\n\u25aa Bd Mar\u00e9chal Gallieni,\n\u25aa Bd Pascal,\n\u25aa Place Saint-Exup\u00e9ry,\n\u25aa Bd Joffre,\n\u25aa M974 (av de Langres),\n\u25aa retour sur M274 via l'\u00e9changeur n\u00b038 Pompidou (PR 12+070).\nEn direction de Paris :\n\u25e6 depuis l'\u00e9changeur n\u00b0     37 Ahuy (PR 13+050)     :  \nDirection d\u00e9partementale des territoires de la C\u00f4te-d'Or\n57 rue de Mulhouse- BP 53317 - 21033 DIJON cedex\nt\u00e9l : 03 80 29 44 44 \u2013 Courriel : ddt@cote-dor.gouv.fr\nDirection d\u00e9partementale des territoires de la C\u00f4te-d'Or - 21-2026-01-12-00006 - AP 98 20260112 RAA M274 MaintenancePr\u00e9ventive\n19-21janv 37\n4/5\n\u25aa M274,\n\u25aa \u00c9changeur n\u00b038 Pompidou bretelle n\u00b03,\n\u25aa M974 (av de Langres/ av du Drapeau),\n\u25aa Bd Mar\u00e9chal Gallieni,\n\u25aa Bd des Allobroges,\n\u25aa Bd des Aiguillottes,\n\u25aa Bd Fran\u00e7ois Pompon,\n\u25aa Bd des Clomiers,\n\u25aa Bd de Ch\u00e8vre Morte,\n\u25aa Bd de l'Ouest,\n\u25aa M905,\n\u25aa retour sur M274 via l'\u00e9changeur n\u00b034 Plombi\u00e8res (PR18+262).\n\u25e6 depuis l'\u00e9changeur n\u00b0 35 Talant (PR 16+400)     :  \n\u25aa M971 (Bd de Troyes),\n\u25aa Bd des Clomiers,\n\u25aa Bd de Ch\u00e8vre Morte,\n\u25aa Bd de l'Ouest,\n\u25aa M905,\n\u25aa retour sur M274 via l'\u00e9changeur n\u00b034 Plombi\u00e8res (PR18+262).\nArticle 3 :\nCertaines  phases  pr\u00e9paratoires  ou  de  mise  en  place  de  la  signalisation  du  chantier \npourront  n\u00e9cessiter  des  r\u00e9ductions  momentan\u00e9es  de  chauss\u00e9e  ou  des  interruptions  \ncourtes de circulation.\nArticle 4 :\nSur le parcours des sections soumises \u00e0 ces restrictions provisoires, les conducteurs des  \nv\u00e9hicules devront le cas \u00e9ch\u00e9ant, se conformer aux indications des services de police, des \nservices de secours ou des agents du CEI de Dijon M\u00e9tropole , tant en ce qui concerne le  \ntrajet \u00e0 suivre que l'arr\u00eat s'il leur est prescrit.\nArticle 5 :\nLe passage des convois exceptionnels sera interdit sur l'itin\u00e9raire de d\u00e9viation.\nArticle 6 :\nLa signalisation r\u00e9glementaire, conforme \u00e0 l'instruction interminist\u00e9rielle (Livre I \u2013 8e partie) \napprouv\u00e9e par arr\u00eat\u00e9 interminist\u00e9riel le 6 novembre 1992 et aux manuels du chef de  \nchantier, sera fournie, mise en place et maintenue par le CEI de Dijon.\nArticle 7 :\nLes infractions au pr\u00e9sent arr\u00eat\u00e9 seront constat\u00e9es par proc\u00e8s-verbaux dress\u00e9s par les  \nforces de l'ordre.\nArticle 8 :\nLors de l'ach\u00e8vement des travaux et avant le r\u00e9tablissement normal de la circulation, la  \nchauss\u00e9e devra \u00eatre propre et satisfaire aux conditions normales de s\u00e9curit\u00e9.\nDirection d\u00e9partementale des territoires de la C\u00f4te-d'Or\n57 rue de Mulhouse- BP 53317 - 21033 DIJON cedex\nt\u00e9l : 03 80 29 44 44 \u2013 Courriel : ddt@cote-dor.gouv.fr\nDirection d\u00e9partementale des territoires de la C\u00f4te-d'Or - 21-2026-01-12-00006 - AP 98 20260112 RAA M274 MaintenancePr\u00e9ventive\n19-21janv 38\n5/5\nArticle 9 :\nLe pr\u00e9sent arr\u00eat\u00e9 sera affich\u00e9 aux abords imm\u00e9diats du chantier.\nArticle 10 :\nLe pr\u00e9sent arr\u00eat\u00e9 peut faire l'objet d'un recours gracieux aupr\u00e8s du pr\u00e9fet et/ou d'un  \nrecours contentieux devant le tribunal administratif dans un d\u00e9lai de 2 mois \u00e0 compter de  \nsa notification.\nLe tribunal administratif peut \u00eatre saisi par un recours d\u00e9pos\u00e9 via l'application T\u00e9l\u00e9recours  \ncitoyens accessible par le site internet www.telerecours.fr \u00bb.\nArticle 11 :\n- La Directrice de Cabinet du pr\u00e9fet de la C\u00f4te-d'Or,\n- Le Pr\u00e9sident de Dijon M\u00e9tropole,\n- Le Directeur Interd\u00e9partemental de la Police Nationale,\nsont charg\u00e9s, chacun en ce qui le concerne, de l'ex\u00e9cution du pr\u00e9sent arr\u00eat\u00e9.\nLe pr\u00e9sent arr\u00eat\u00e9 sera publi\u00e9 au recueil des actes administratifs de la Pr\u00e9fecture de la C\u00f4te-\nd'Or.\nUne copie du pr\u00e9sent arr\u00eat\u00e9 sera adress\u00e9e pour information :\n- au  Commandant  de  la  R\u00e9gion  de  Gendarmerie  de  Bourgogne-Franche-Comt\u00e9,  \ncommandant du groupement de la C\u00f4te-d'Or,\n- au Service D\u00e9partemental d'Incendie et de Secours de la C\u00f4te-d'Or,\n- \u00e0 la direction du SAMU de Dijon,\n- au CEI de Dijon M\u00e9tropole,\n- \u00e0 la direction de l'exploitation de Dijon M\u00e9tropole,\n- \u00e0 la direction d\u00e9partementale des territoires de la Sa\u00f4ne-et-Loire, service des transports  \nexceptionnels,\n- aux  communes  de  Longvic,  Dijon,  Ruffey-les-Echirey,  Ahuy,  Fontaine-les-Dijon,  Daix, \nTalant, Plombi\u00e8res-les-Dijon et Saint-Apollinaire.\nFait \u00e0 Dijon, le 12 janvier 2026\nLe pr\u00e9fet,\nPour le pr\u00e9fet et par d\u00e9l\u00e9gation ,\nLa directrice de cabinet,\nSIGN\u00c9\nAur\u00e9lie CONTRECIVILE\nDirection d\u00e9partementale des territoires de la C\u00f4te-d'Or\n57 rue de Mulhouse- BP 53317 - 21033 DIJON cedex\nt\u00e9l : 03 80 29 44 44 \u2013 Courriel : ddt@cote-dor.gouv.fr\nDirection d\u00e9partementale des territoires de la C\u00f4te-d'Or - 21-2026-01-12-00006 - AP 98 20260112 RAA M274 MaintenancePr\u00e9ventive\n19-21janv 39\nDRFiP Bourgogne Franche-Comt\u00e9\n21-2026-01-15-00004\nDRFIP 21 - D\u00e9l\u00e9gation de signature SGC DIJON\nMETROPOLE 15 01 26\nDRFiP Bourgogne Franche-Comt\u00e9 - 21-2026-01-15-00004 - DRFIP 21 - D\u00e9l\u00e9gation de signature SGC DIJON METROPOLE 15 01 26 40\n7\u00c0Libert\u00e9 + Egalit\u00e9 + Fraternit\u00e9R\u00c9PUBLIQUE FRAN\u00c7AISE\nak GianMINISTERE DE L'ACTIONET DES COMPTES PUBLICS\nDELEGATION DE SIGNATURE \nDU RESPONSABLE DU SERVICE DE GESTION COMPTABLE DIJON METROPOLE\nLe comptable, responsable du Service de Gestion Comptable de DIJON METROPOLE \nVu le d\u00e9cret n\u00b0 2009-707 du 16 juin 2009 relatif aux services d\u00e9concentr\u00e9s de la direction g\u00e9n\u00e9rale des\nfinances publiques ;\nVu le d\u00e9cret n\u00b0 2012-1246 du 7 novembre 2012 relatif \u00e0 la gestion budg\u00e9taire et comptable publique, et\nnotamment son article 16 ;\nVu le code g\u00e9n\u00e9ral des collectivit\u00e9s territoriales et notamment son article L1617-5 ;\nArr\u00eate     :\nArticle 1  er     \nD\u00e9l\u00e9gation g\u00e9n\u00e9rale  de signature  est donn\u00e9e \u00e0 Madame Ouafaa KAOUSSAH et \u00e0 Madame Sylvie MEREAU,\ninspectrices  des finances publiques,  adjointe, \u00e0 l'effet de signer  et effectuer en mon nom, et uniquement en mon\nabsence, tous les actes relatifs \u00e0 ma gestion et aux affaires qui s'y rattachent.\nArticle 2 \nD\u00e9l\u00e9gation sp\u00e9ciale de signature est donn\u00e9e \u00e0 l'effet de signer  et effectuer en mon nom, aux agents d\u00e9sign\u00e9s ci-\napr\u00e8s :\nDomaine Pr\u00e9nom et Nom\nGrade\nLimite des\nd\u00e9cisions\ngracieuses\nDur\u00e9e\nmaximale\ndes d\u00e9lais\nde paiement\nSomme\nmaximale \nL'ensemble des actes relatifs au\nrecouvrement,  et  notamment\nl'exercice de toutes poursuites et\nactions  en  justice  et  les\nd\u00e9clarations de cr\u00e9ances  en  cas\nde  proc\u00e9dures  collectives  et\nautres  actes  n\u00e9cessaires  au  bon\nd\u00e9roulement desdites proc\u00e9dures\nOuafaa KAOUSSAH\ninspectrice des finances publiques\nSylvie MEREAU\ninspectrice des finances publiques\nD\u00e9cisions  gracieuses  :  les\nd\u00e9cisions  relatives  aux\ndemandes de d\u00e9lai de paiement,\ndans les limites de dur\u00e9e et de\nmontant indiqu\u00e9es \nS\u00e9verine Jacquesson,\ncontr\u00f4leuse des finances publiques Sans objet 12 mois\npour laquelle un\nd\u00e9lai de paiement\npeut \u00eatre accord\u00e9\n1 500 \u20ac\nImane KHABOUZ\nagente d'administration principale\nCarine DATTA\nagente d'administration principale\nFouad EL AHNAF\nagent d'administration principal\nVincent MATHIS\nagent d'administration principal\nSans objet 6 mois\npour laquelle un\nd\u00e9lai de paiement\npeut \u00eatre accord\u00e9\n800 \u20ac\nDRFiP Bourgogne Franche-Comt\u00e9 - 21-2026-01-15-00004 - DRFIP 21 - D\u00e9l\u00e9gation de signature SGC DIJON METROPOLE 15 01 26 41\nsign'\nArticle 3 \nLe pr\u00e9sent arr\u00eat\u00e9 sera publi\u00e9 au recueil des actes administratifs du d\u00e9partement de C\u00f4te d'Or.\nA  DIJON, le 15 janvier 2026\nLe comptable, \nS\u00e9bastien PERRIN\nDRFiP Bourgogne Franche-Comt\u00e9 - 21-2026-01-15-00004 - DRFIP 21 - D\u00e9l\u00e9gation de signature SGC DIJON METROPOLE 15 01 26 42\nPr\u00e9fecture de la C\u00f4te-d'Or\nDirection de la coordination, des politiques\npubliques et de l'appui territorial\n21-2026-01-13-00002\nARR\u00caT\u00c9 PR\u00c9FECTORAL n\u00b0\u00a096 du 13 janvier 2026\nportant autorisation de p\u00e9n\u00e9trer dans les\npropri\u00e9t\u00e9s priv\u00e9es au b\u00e9n\u00e9fice de l'\u00e9tablissement\npublic territorial du bassin Sa\u00f4ne et Doubs (EPTB\nS\u00e2one et Doubs) et de ses mandataires dans le\ncadre d'\u00e9tudes pr\u00e9alables \u00e0 la restauration des\nzones humides \u00e0 Pouilly-sur-Sa\u00f4ne et \u00e0\nLabergement-l\u00e8s-Seurre\nPr\u00e9fecture de la C\u00f4te-d'Or - 21-2026-01-13-00002 - ARR\u00caT\u00c9 PR\u00c9FECTORAL n\u00b0\u00a096 du 13 janvier 2026 portant autorisation de p\u00e9n\u00e9trer\ndans les propri\u00e9t\u00e9s priv\u00e9es au b\u00e9n\u00e9fice de l'\u00e9tablissement public territorial du bassin Sa\u00f4ne et Doubs (EPTB S\u00e2one et Doubs) et de ses\nmandataires dans le cadre d'\u00e9tudes pr\u00e9alables \u00e0 la restauration des zones humides \u00e0 Pouilly-sur-Sa\u00f4ne et \u00e0 Labergement-l\u00e8s-Seurre\n43\nEnPREFETDE LACOTE-D'ORLibert\u00e9Egalit\u00e9Fraternit\u00e9\nSECR\u00c9TARIAT G\u00c9N\u00c9RAL\nDirection de la coordination des politiques publiques  \net de l'appui territorial\nP\u00f4le environnement et urbanisme\nARR\u00caT\u00c9 PR\u00c9FECTORAL n\u00b0 96 du 13 janvier 2026\nportant autorisation de p\u00e9n\u00e9trer dans les propri\u00e9t\u00e9s priv\u00e9es au b\u00e9n\u00e9fice de l'\u00e9tablissement \npublic territorial du bassin Sa\u00f4ne et Doubs (EPTB S\u00e2one et Doubs) et de ses mandataires \ndans le cadre d'\u00e9tudes pr\u00e9alables \u00e0 la restauration des zones humides \u00e0 Pouilly-sur-Sa\u00f4ne et \n\u00e0 Labergement-l\u00e8s-Seurre\nLE PR\u00c9FET DE LA C\u00d4TE-D'OR\nVu le Code de justice administrative ;\nVu le Code p\u00e9nal, notamment les articles 322-1, 322-3, 322-4 et 433-11 ;\nVu le Code de l'environnement ;\nVu le Code forestier ;\nVu la loi du 29 d\u00e9cembre 1892 modifi\u00e9e, sur les dommages caus\u00e9s \u00e0 la propri\u00e9t\u00e9 priv\u00e9e par  \nl'ex\u00e9cution des travaux publics ;\nVu la  loi  du  6  juillet  1943  modifi\u00e9e  relative  \u00e0  l'ex\u00e9cution  des  travaux  g\u00e9od\u00e9siques  et \ncadastraux et \u00e0 la conservation des signaux, bornes et rep\u00e8res, modifi\u00e9e et valid\u00e9e par la loi  \nn\u00b057-391 du 28 mars 1957 ; \nVu le  d\u00e9cret  n\u00b0 2004-374  du  29  avril  2004  modifi\u00e9  relatif  aux  pouvoirs  des  Pr\u00e9fets,  \u00e0 \nl'organisation et \u00e0 l'action des services de l'\u00c9tat dans les r\u00e9gions et les d\u00e9partements ;\nVu le d\u00e9cret du 10 octobre 2024 portant nomination du pr\u00e9fet de la r\u00e9gion Bourgogne-\nFranche-Comt\u00e9, pr\u00e9fet de la C\u00f4te-d'Or - M. MOURIER (Paul) ;\nVu le  d\u00e9cret  du  14  novembre  2024  portant  nomination  de  Monsieur  Denis  BRUEL, \nadministrateur de l'\u00c9tat du deuxi\u00e8me grade, en qualit\u00e9 de secr\u00e9taire g\u00e9n\u00e9ral de la pr\u00e9fecture  \nde la C\u00f4te-d'Or, sous-pr\u00e9fet de Dijon (groupe II) ;\nVu l'arr\u00eat\u00e9  pr\u00e9fectoral  n\u00b0  813  /  SG  du  13  juin  2025  donnant  d\u00e9l\u00e9gation  de  signature  \u00e0 \nMonsieur Denis BRUEL, Secr\u00e9taire g\u00e9n\u00e9ral de la pr\u00e9fecture de la C\u00f4te-d'Or ;\nVu la  demande  adress\u00e9e  \u00e0  la  pr\u00e9fecture  de  la  C\u00f4te-d'Or  le  30  d\u00e9cembre  2025  par \nl'\u00e9tablissement  public  territorial  du  bassin  Sa\u00f4ne  et  Doubs,  sollicitant  l'autorisation,  au \nb\u00e9n\u00e9fice de ses agents et de ceux de ses mandataires (en particulier les bureaux d'\u00e9tudes  \nsuivants : \u00ab R\u00e9alit\u00e9s Environnement \u00bb, pour l'\u00e9tude environnementale r\u00e9glementaire ; \u00ab Natura \nScop \u00bb, pour les diagnostiques de la faune ; \u00ab VEODIS-3D \u00bb, pour les lev\u00e9s de topographie), de \np\u00e9n\u00e9trer dans les propri\u00e9t\u00e9s priv\u00e9es situ\u00e9es sur les communes de Pouilly-sur-Sa\u00f4ne et de  \n- Page 1 / 4 -\nPr\u00e9fecture de la C\u00f4te-d'Or - 21-2026-01-13-00002 - ARR\u00caT\u00c9 PR\u00c9FECTORAL n\u00b0\u00a096 du 13 janvier 2026 portant autorisation de p\u00e9n\u00e9trer\ndans les propri\u00e9t\u00e9s priv\u00e9es au b\u00e9n\u00e9fice de l'\u00e9tablissement public territorial du bassin Sa\u00f4ne et Doubs (EPTB S\u00e2one et Doubs) et de ses\nmandataires dans le cadre d'\u00e9tudes pr\u00e9alables \u00e0 la restauration des zones humides \u00e0 Pouilly-sur-Sa\u00f4ne et \u00e0 Labergement-l\u00e8s-Seurre\n44\nLabergement-l\u00e8s-Seurre afin de r\u00e9aliser des \u00e9tudes pr\u00e9alables \u00e0 la restauration des zones  \nhumides situ\u00e9es dans ces deux communes ;\nConsid\u00e9rant  qu'il importe, en vue de l'ex\u00e9cution des op\u00e9rations vis\u00e9es dans la demande  \nsusvis\u00e9e, lesquelles sont n\u00e9cessaires \u00e0 la mise en \u0153uvre du projet de restauration des zones  \nhumides  concern\u00e9es,  d'autoriser  les  agents  et  les  mandataires  de  l'\u00e9tablissement  public \nterritorial du bassin Sa\u00f4ne et Doubs  \u00e0 p\u00e9n\u00e9trer sur les propri\u00e9t\u00e9s priv\u00e9es situ\u00e9es sur les  \ncommunes de Pouilly-sur-Sa\u00f4ne et de Labergement-l\u00e8s-Seurre ;\nSUR proposition du secr\u00e9taire g\u00e9n\u00e9ral de la pr\u00e9fecture de la C\u00f4te d'Or,\nARR\u00caTE\nARTICLE 1 : Intervenants, op\u00e9rations et communes concern\u00e9s\nLes agents de l'\u00e9tablissement public territorial du bassin Sa\u00f4ne et Doubs (EPTB S\u00e2one et  \nDoubs), ainsi que ceux des entreprises travaillant pour son compte, en particulier les bureaux  \nd'\u00e9tudes  \u00ab R\u00e9alit\u00e9s  Environnement \u00bb,  \u00ab Natura  Scop \u00bb  et  \u00ab VEODIS-3D \u00bb,  charg\u00e9s  de \nl'ex\u00e9cution des travaux d'\u00e9tudes, sont autoris\u00e9s, sous r\u00e9serve des droits des tiers, \u00e0 proc\u00e9der  \naux op\u00e9rations suivantes :\n\u2022 diagnostics de sols non destructifs \u00e0 la tari\u00e8re manuelle ;\n\u2022 inventaires \u00ab faune et flore \u00bb ;\n\u2022 lev\u00e9s de topographie.\n\u00c0 cet effet, ils pourront p\u00e9n\u00e9trer dans les propri\u00e9t\u00e9s priv\u00e9es, closes ou non closes (sauf \u00e0  \nl'int\u00e9rieur des maisons d'habitation) et dans les bois soumis au r\u00e9gime forestier, y planter des  \nbalises,  y  \u00e9tablir  des  jalons  et  piquets  ou  rep\u00e8res,  y  pratiquer  des  sondages,  fouilles  et \ncoupures, y faire les abattages, \u00e9lagages et \u00e9branchements n\u00e9cessaires et autoris\u00e9s par la loi,  \ny proc\u00e9der \u00e0 des relev\u00e9s topographiques ainsi qu'\u00e0 des travaux d'arpentage et de bornage, et  \nautres  travaux  ou  op\u00e9rations  que  les  \u00e9tudes  ou  la  r\u00e9alisation  des  projets  rendront \nindispensables.\nCes op\u00e9rations seront effectu\u00e9es sur le territoire des communes suivantes : \nPOUILLY-SUR-SA\u00d4NE et LABERGEMENT-L\u00c8S-SEURRE\nARTICLE 2 : Obligation des intervenants \nLes agents mentionn\u00e9s \u00e0 l'article 1 er devront \u00eatre munis d'une copie du pr\u00e9sent arr\u00eat\u00e9 qu'ils  \nseront tenus de pr\u00e9senter \u00e0 toute r\u00e9quisition.\nL'introduction de ces agents dans les propri\u00e9t\u00e9s priv\u00e9es et la r\u00e9alisation de leurs op\u00e9rations  \nne  pourront  avoir  lieu  qu'apr\u00e8s  accomplissement  des  formalit\u00e9s  prescrites  par  la  loi  du \n29 septembre 1892 susvis\u00e9e, notamment le respect du d\u00e9lai d'affichage du pr\u00e9sent arr\u00eat\u00e9 au  \nmoins  dix  jours  avant  le  d\u00e9but  des  op\u00e9rations,  la  notification  du  pr\u00e9sent  arr\u00eat\u00e9  aux \npropri\u00e9taires des propri\u00e9t\u00e9s closes au moins 5 jours avant le d\u00e9but des op\u00e9rations, ainsi que,  \nle cas \u00e9ch\u00e9ant, la r\u00e9alisation de l'accord amiable ou, \u00e0 d\u00e9faut, du constat d'\u00e9tat des lieux  \ncontradictoire pr\u00e9vus \u00e0 l'article 1er de ladite loi.\nARTICLE 3 : Indemnit\u00e9s \n- Page 2 / 4 -\nPr\u00e9fecture de la C\u00f4te-d'Or - 21-2026-01-13-00002 - ARR\u00caT\u00c9 PR\u00c9FECTORAL n\u00b0\u00a096 du 13 janvier 2026 portant autorisation de p\u00e9n\u00e9trer\ndans les propri\u00e9t\u00e9s priv\u00e9es au b\u00e9n\u00e9fice de l'\u00e9tablissement public territorial du bassin Sa\u00f4ne et Doubs (EPTB S\u00e2one et Doubs) et de ses\nmandataires dans le cadre d'\u00e9tudes pr\u00e9alables \u00e0 la restauration des zones humides \u00e0 Pouilly-sur-Sa\u00f4ne et \u00e0 Labergement-l\u00e8s-Seurre\n45\nLes indemnit\u00e9s qui pourraient \u00eatre dues pour les dommages caus\u00e9s aux propri\u00e9taires et aux  \nexploitants  ou  locataires,  \u00e0  l'occasion  de  ces  travaux  d'\u00e9tude,  seront  \u00e0  la  charge  de \nl'\u00e9tablissement public territorial du bassin Sa\u00f4ne et Doubs . \u00c0 d\u00e9faut d'entente amiable, elles  \nseront r\u00e9gl\u00e9es par le tribunal administratif de Dijon.\nARTICLE 4 : Assistance \nLes maires des communes concern\u00e9es sont invit\u00e9s \u00e0 pr\u00eater au besoin leur concours et l'appui  \nde leur autorit\u00e9 aux agents d\u00e9sign\u00e9s \u00e0 l'article 1 er. Ils prendront les dispositions n\u00e9cessaires  \npour que ces agents puissent, sans perte de temps, consulter les documents cadastraux et  \nacc\u00e9der \u00e0 la salle o\u00f9 ils sont d\u00e9pos\u00e9s. \nLes  commissaires  de  police,  les  gendarmes,  les  gardes  champ\u00eatres  ou  forestiers,  les \npropri\u00e9taires et les habitants des communes dans lesquelles les op\u00e9rations mentionn\u00e9es \u00e0  \nl'article 1er seront faites, sont \u00e9galement invit\u00e9s \u00e0 pr\u00eater aide et assistance auxdits agents.\nLe cas \u00e9ch\u00e9ant, tous prendront les mesures n\u00e9cessaires \u00e0 la conservation des balises, jalons,  \npiquets ou rep\u00e8res \u00e9tablis sur le terrain.\nARTICLE 5 : Sanctions p\u00e9nales \nIl est interdit d'apporter aux op\u00e9rations des agents vis\u00e9s \u00e0 l'article 1er un trouble ou un  \nemp\u00eachement  quelconque.  En  cas  de  difficult\u00e9  ou  de  r\u00e9sistance  \u00e9ventuelle,  ces  agents \npourront faire appel aux agents de la force publique. En vertu de l'article 6 de la loi du  \n6 juillet 1943  susvis\u00e9e,  la  destruction,  la  d\u00e9t\u00e9rioration  ou  le  d\u00e9placement  des  bornes  et \nrep\u00e8res signaux sont r\u00e9prim\u00e9s par le Code p\u00e9nal et donnent lieu au paiement des dommages-\nint\u00e9r\u00eats \u00e9ventuellement dus \u00e0 l'\u00e9tablissement public territorial du bassin Sa\u00f4ne et Doubs.\nCharg\u00e9s d'assurer la surveillance des bornes, piquets, rep\u00e8res, signaux et points g\u00e9od\u00e9siques,  \nles gendarmes de la circonscription dresseront proc\u00e8s-verbaux des infractions constat\u00e9es et  \nles  maires  des  communes  concern\u00e9es  signaleront  imm\u00e9diatement  les  d\u00e9t\u00e9riorations  \u00e0 \nl'\u00e9tablissement public territorial du bassin Sa\u00f4ne et Doubs :\n220 rue du Km 400\nCS 80217\n71017 MACON\n03 85 21 98 12\ninfo@eptb-saone-doubs.fr\nARTICLE 6 : Dur\u00e9e de l'autorisation \nLa pr\u00e9sente autorisation est valable deux ans \u00e0 compter de sa date. Elle sera p\u00e9rim\u00e9e de plein  \ndroit si elle n'est pas suivie d'ex\u00e9cution dans les six mois de sa date.\nARTICLE 7 : Publicit\u00e9 et affichage \nLe pr\u00e9sent arr\u00eat\u00e9 sera publi\u00e9 et affich\u00e9 imm\u00e9diatement, pendant une dur\u00e9e minimale d'un  \nmois, dans chacune des communes d\u00e9sign\u00e9es \u00e0 l'article 1 er ci-dessus, \u00e0 la diligence des maires  \nqui adresseront \u00e0 la pr\u00e9fecture un certificat constatant l'accomplissement de cette formalit\u00e9.\n- Page 3 / 4 -\nPr\u00e9fecture de la C\u00f4te-d'Or - 21-2026-01-13-00002 - ARR\u00caT\u00c9 PR\u00c9FECTORAL n\u00b0\u00a096 du 13 janvier 2026 portant autorisation de p\u00e9n\u00e9trer\ndans les propri\u00e9t\u00e9s priv\u00e9es au b\u00e9n\u00e9fice de l'\u00e9tablissement public territorial du bassin Sa\u00f4ne et Doubs (EPTB S\u00e2one et Doubs) et de ses\nmandataires dans le cadre d'\u00e9tudes pr\u00e9alables \u00e0 la restauration des zones humides \u00e0 Pouilly-sur-Sa\u00f4ne et \u00e0 Labergement-l\u00e8s-Seurre\n46\nIl sera ins\u00e9r\u00e9 au recueil des actes administratifs de la pr\u00e9fecture de la C\u00f4te-d'Or.\nARTICLE 8 : Recours \nLe pr\u00e9sent arr\u00eat\u00e9 peut faire l'objet d'un recours contentieux devant le Tribunal Administratif  \nde DIJON, dans un d\u00e9lai de deux mois suivant sa notification ou sa publication.\nCe recours peut \u00eatre d\u00e9pos\u00e9 via l'application \u00ab  T\u00e9l\u00e9recours citoyens \u00bb accessible par le site  \ninternet www.telerecours.fr. \nARTICLE 9 : Ex\u00e9cution \nM. le secr\u00e9taire g\u00e9n\u00e9ral de la pr\u00e9fecture de la C\u00f4te-d'Or, les maires des communes de Pouilly-\nsur-Sa\u00f4ne et de Labergement-l\u00e8s-Seurre , M. le pr\u00e9sident de l'\u00e9tablissement public territorial  \ndu bassin Sa\u00f4ne et Doubs  et M. le commandant du groupement de gendarmerie de la C\u00f4te-\nd'Or sont charg\u00e9s, chacun pour ce qui le concerne, de l'application du pr\u00e9sent arr\u00eat\u00e9, dont  \ncopie sera adress\u00e9e \u00e0 M. le sous-pr\u00e9fet de l'arrondissement de Beaune.\nFait \u00e0 Dijon, le 13/01/2026\n  \nLE PR\u00c9FET,\nPour le pr\u00e9fet et par d\u00e9l\u00e9gation,\nLe secr\u00e9taire g\u00e9n\u00e9ral\n \nOriginal sign\u00e9 : Denis BRUEL\n- Page 4 / 4 -\nPr\u00e9fecture de la C\u00f4te-d'Or - 21-2026-01-13-00002 - ARR\u00caT\u00c9 PR\u00c9FECTORAL n\u00b0\u00a096 du 13 janvier 2026 portant autorisation de p\u00e9n\u00e9trer\ndans les propri\u00e9t\u00e9s priv\u00e9es au b\u00e9n\u00e9fice de l'\u00e9tablissement public territorial du bassin Sa\u00f4ne et Doubs (EPTB S\u00e2one et Doubs) et de ses\nmandataires dans le cadre d'\u00e9tudes pr\u00e9alables \u00e0 la restauration des zones humides \u00e0 Pouilly-sur-Sa\u00f4ne et \u00e0 Labergement-l\u00e8s-Seurre\n47\nPr\u00e9fecture de la C\u00f4te-d'Or\nDirection des s\u00e9curit\u00e9s\n21-2026-01-16-00001\nArr\u00eat\u00e9 pr\u00e9fectoral n\u00b0 126 portant interdiction\ntemporaire de vente, cession et utilisation\nd'artifices de divertissement et d'articles\npyrotechniques sur le d\u00e9partement de la\nC\u00f4te-d'Or\nPr\u00e9fecture de la C\u00f4te-d'Or - 21-2026-01-16-00001 - Arr\u00eat\u00e9 pr\u00e9fectoral n\u00b0 126 portant interdiction temporaire de vente, cession et\nutilisation d'artifices de divertissement et d'articles pyrotechniques sur le d\u00e9partement de la C\u00f4te-d'Or 48\nEnPREFETDE LACOTE-D'ORLibert\u00e9Egalit\u00e9Fraternit\u00e9\nDIRECTION DES S\u00c9CURIT\u00c9S\nBureau D\u00e9fense et S\u00e9curit\u00e9\nArr\u00eat\u00e9 pr\u00e9fectoral n\u00b0 126\nportant interdiction temporaire de vente, cession et utilisation d'artifices de divertissement\net d'articles pyrotechniques sur le d\u00e9partement de la C\u00f4te-d'Or\nLe Pr\u00e9fet de la C\u00f4te-d'Or\nVU la  directive  2013/29/UE  du  Parlement  europ\u00e9en  et  du  Conseil  du  12  juin  2013  relative  \u00e0\nl'harmonisation  des  l\u00e9gislations  des  \u00c9tats  membres  concernant  la  mise  \u00e0  disposition  sur  le  march\u00e9\nd'articles pyrotechniques ;\nVU la  directive  2014/28/UE  du  Parlement  europ\u00e9en  et  du  Conseil  du  26  f\u00e9vrier  2014  relative  \u00e0\nl'harmonisation des l\u00e9gislations des \u00c9tats membres concernant la mise \u00e0 disposition sur le march\u00e9 et le\ncontr\u00f4le des explosifs \u00e0 usage civil ;\nVU le code p\u00e9nal, notamment ses articles 222-14-1 et 222-15-1 ;\nVU le code de la d\u00e9fense, notamment ses articles L.2352-1 et suivants, R.2352-1, R.2352-89 et suivants et\nR.2352-97 et suivants ;\nVU le code de l'environnement, notamment ses articles R. 557-6-1 et suivants ;\nVU le code g\u00e9n\u00e9ral des collectivit\u00e9s territoriales, notamment les articles L.2542-2 et suivants ;\nVU le code de la sant\u00e9 publique, notamment les articles L. 3131-13 et suivants et L. 3136-1 ;\nVU le code de la s\u00e9curit\u00e9 int\u00e9rieure ;\nVU le d\u00e9cret n\u00b0 2004-374 du 29 avril 2004 modifi\u00e9 relatif aux pouvoirs des pr\u00e9fets, \u00e0 l'organisation et \u00e0\nl'action des services de l'\u00c9tat dans les r\u00e9gions et d\u00e9partements ;\nVU le d\u00e9cret 2010-455 du 4 mai 2010 relatif \u00e0 la mise sur le march\u00e9 et au contr\u00f4le des produits explosifs;\nVU le d\u00e9cret 2010-580 du 31 mai 2010 modifi\u00e9 relatif \u00e0 l'acquisition, la d\u00e9tention et l'utilisation des\nartifices de divertissement et des articles pyrotechniques destin\u00e9s au th\u00e9\u00e2tre ;\nVU le d\u00e9cret 2015-799 du 1er juillet 2015 relatif aux produits et \u00e9quipements \u00e0 risques ;\nVU le d\u00e9cret du 10 octobre 2024 nommant monsieur Paul MOURIER, pr\u00e9fet de la r\u00e9gion Bourgogne-\nFranche-Comt\u00e9, pr\u00e9fet de la C\u00f4te d'Or;\nVU l'arr\u00eat\u00e9 du 31 mai 2010 modifi\u00e9, pris en application des articles 3, 4 et 6 du d\u00e9cret n\u00b0 2010 -580 du 31\nmai 2010 relatif \u00e0 l'acquisition, la d\u00e9tention et l'utilisation des artifices de divertissement et des articles\npyrotechniques destin\u00e9s au th\u00e9\u00e2tre ;\nVU l'arr\u00eat\u00e9 du 17 d\u00e9cembre 2021 portant application des articles L. 557-10-1 et R. 557-6-14-1 du code de\nl'environnement relatifs aux articles pyrotechniques destin\u00e9s au divertissement modifi\u00e9 par l'arr\u00eat\u00e9 du 4\njuillet 2025 ;\nDirection des s\u00e9curit\u00e9s\nT\u00e9l. 03.80.44.64.00\nCourriel : pref-polices-administratives@cote-dor.gouv.fr\nPr\u00e9fecture de la C\u00f4te-d'Or - 21-2026-01-16-00001 - Arr\u00eat\u00e9 pr\u00e9fectoral n\u00b0 126 portant interdiction temporaire de vente, cession et\nutilisation d'artifices de divertissement et d'articles pyrotechniques sur le d\u00e9partement de la C\u00f4te-d'Or 49\nVU l'arr\u00eat\u00e9 pr\u00e9fectoral n\u00b01010/SG du 02 juillet 2025 donnant d\u00e9l\u00e9gation de signature \u00e0 madame\nAur\u00e9lie CONTRECIVILE,  sous-pr\u00e9f\u00e8te,  directrice  de  cabinet  du  pr\u00e9fet  de  la  r\u00e9gion  Bourgogne\nFranche-Comt\u00e9, pr\u00e9fet de C\u00f4te-d'Or ;\nCONSID\u00c9RANT qu'il appartient \u00e0 l'autorit\u00e9 administrative d'appr\u00e9cier la n\u00e9cessit\u00e9 de prendre des\nmesures de pr\u00e9vention au vu des risques de troubles \u00e0 l'ordre public dont elle a connaissance et de\nveiller \u00e0 ce que ces mesures soient proportionn\u00e9es \u00e0 ces risques  ; qu'en application de l'article\nL.2215-1 du code g\u00e9n\u00e9ral des collectivit\u00e9s territoriales, le pr\u00e9fet est comp\u00e9tent pour prendre les\nmesures adapt\u00e9es et proportionn\u00e9es n\u00e9cessaires ;\nCONSID\u00c9RANT que les forces de s\u00e9curit\u00e9 int\u00e9rieure sont fortement mobilis\u00e9es sur l'ensemble du\nterritoire dans le cadre du plan Vigipirate maintenu au niveau \u00ab  Urgence attentat \u00bb ; que le niveau\ntr\u00e8s \u00e9lev\u00e9 de la menace terroriste qui continue de peser sur notre pays exige le maintien d'une\nextr\u00eame  vigilance  sur  la  protection  des  rassemblements  et  sites  o\u00f9  un  public  important  est\nconcentr\u00e9 ;\nCONSID\u00c9RANT le match de football de la Coupe d'Afrique des Nations le 18 janvier 2026 ;\nCONSID\u00c9RANT la pratique dans le d\u00e9partement de la C\u00f4te-d'Or de l'usage \u00e0 vocation festive des\nartifices de divertissement \u00e0 l'occasion des festivit\u00e9s et c\u00e9l\u00e9brations de matchs de football ;\nCONSID\u00c9RANT que  l'usage  \u00e0  vocation  festive  des  artifices  de  divertissement  \u00e0  l'occasion  de\nfestivit\u00e9s a pour cons\u00e9quence potentielle de g\u00e9n\u00e9rer des attroupements significatifs de personnes,\nque ceux-ci r\u00e9sultent de l'int\u00e9r\u00eat pr\u00e9sent\u00e9 par certains badauds pr\u00e9sents sur la voie publique ou de\nla constitution de ph\u00e9nom\u00e8nes de bandes ;\nCONSID\u00c9RANT qu'\u00e0 l'occasion de matchs de football des tirs de mortiers ont d\u00e9j\u00e0 \u00e9t\u00e9 constat\u00e9s\ndans la m\u00e9tropole de Dijon ; \nCONSID\u00c9RANT que le 15 janvier 2026 vers minuit, suite \u00e0 la qualification du Maroc en finale de la\nCAN,  plusieurs  dizaines  de  v\u00e9hicules  ont  d\u00e9ambul\u00e9  autour  de  la  place  de  la  R\u00e9publique.  Une\nmanifestation  d'agriculteurs  avait  lieu  en  m\u00eame  temps.  Les  forces  de  l'ordre  ont  bloqu\u00e9\ntemporairement la circulation pour permettre le d\u00e9part des agriculteurs et ont subi \u00e0 ce moment la\ndes jets de projectiles, n\u00e9cessitant l'utilisation des moyens de d\u00e9fense ;\nCONSID\u00c9RANT que le 27 novembre 2022, \u00e0 l'issue de la victoire du Maroc contre la Belgique, une\ncentaine de supporters marocains se rassemblaient Place de la R\u00e9publique \u00e0 Dijon, cr\u00e9ant des\ntroubles \u00e0 la circulation ; que des v\u00e9hicules particuliers \u00e9taient d\u00e9grad\u00e9s, n\u00e9cessitant l'utilisation des\nmoyens de d\u00e9fense interm\u00e9diaires ; \nCONSID\u00c9RANT que le 01 d\u00e9cembre 2022, des faits similaires se produisaient Place de la R\u00e9publique\n\u00e0 Dijon impliquant plus de 200 soutiens de l'\u00e9quipe marocaine  ; que des pierres et des tirs de\nmortiers \u00e9taient lanc\u00e9es en direction des forces de l'ordre et des automobilistes en circulation  ; que\ndes poubelles \u00e9taient incendi\u00e9es ; ces sc\u00e8nes se r\u00e9p\u00e9taient lors de chaque rencontre de l'\u00e9quipe du\nMaroc, jusqu'\u00e0 son \u00e9limination face \u00e0 la France ; \nCONSID\u00c9RANT que le 10 d\u00e9cembre 2022, lors de la rencontre face au Portugal o\u00f9 1000 supporters\nmarocains se rassemblaient Place de la R\u00e9publique, les policiers \u00e9taient pris pour cible par ces\nderniers, divers projectiles dont des mortiers, des pierres et des bouteilles de verre \u00e9taient jet\u00e9s\ndans leur direction  ; qu'une trentaine d'individus se ruait sur une patrouille de police positionn\u00e9e\naux abords de ladite place ;\nCONSID\u00c9RANT que si la totalit\u00e9 du territoire du d\u00e9partement est susceptible d'\u00eatre concern\u00e9e par\ndes risques graves de troubles \u00e0 l'ordre public et que d\u00e8s lors, les mesures \u00e0 adopter ne peuvent\n\u00eatre limit\u00e9es \u00e0 un seul p\u00e9rim\u00e8tre, il reste constant et pertinent d'observer que la survenue de\ntroubles  locaux  dans  les  communes  de  la  m\u00e9tropole  de  Dijon  est  r\u00e9currente  en  pareilles\nDirection des s\u00e9curit\u00e9s\nT\u00e9l. 03.80.44.64.00\nCourriel : pref-polices-administratives@cote-dor.gouv.fr\nPr\u00e9fecture de la C\u00f4te-d'Or - 21-2026-01-16-00001 - Arr\u00eat\u00e9 pr\u00e9fectoral n\u00b0 126 portant interdiction temporaire de vente, cession et\nutilisation d'artifices de divertissement et d'articles pyrotechniques sur le d\u00e9partement de la C\u00f4te-d'Or 50\ncirconstances, et que les pr\u00e9sentes mesures de limitations temporaires et d\u00e9limit\u00e9es s'en trouvent\njustifi\u00e9es ; \nCONSID\u00c9RANT qu'il r\u00e9sulte des circonstances locales particuli\u00e8res d\u00e9crites ci-dessus un risque \u00e9lev\u00e9 de\ntroubles graves \u00e0 l'ordre public dans les secteurs concern\u00e9s, que, dans ces circonstances la limitation\ntemporaire de l'achat, de la vente au d\u00e9tail, de l'utilisation, du port et du transport des artifices de\ndivertissement afin de pr\u00e9venir leur usage d\u00e9tourn\u00e9 appara\u00eet le moyen le plus adapt\u00e9, n\u00e9cessaire et\nproportionn\u00e9 ;\nCONSID\u00c9RANT en outre que les artifices de divertissement des cat\u00e9gories F2, F3 et F4 ainsi que les\narticles  pyrotechniques  de  cat\u00e9gorie  P1  et  P2,  de  par  leur  utilisation  d\u00e9tourn\u00e9e,  contribuent  aux\nviolences  urbaines  en  \u00e9tant  utilis\u00e9s  comme  initiateurs  d'objets  incendiaires  et  de  moyens  de\npropagation des feux dans le cadre de l'incendie de mobiliers urbains ou de v\u00e9hicules et de b\u00e2timents\npublics ;\nCONSID\u00c9RANT que  l'afflux  de  personnes  dans  les  services  hospitaliers,  bless\u00e9es  par  des  articles\npyrotechniques,  dans  le  contexte  de  forte  tension  actuellement  rencontr\u00e9  par  les  \u00e9tablissements\nhospitaliers concern\u00e9s est susceptible de grever l'acc\u00e8s aux soins des populations concern\u00e9es ;\nCONSID\u00c9RANT \u00e9galement que l'utilisation d'artifices de divertissement et d'articles pyrotechniques de\nmani\u00e8re inappropri\u00e9e sur la voie publique est de nature \u00e0 cr\u00e9er des d\u00e9sordres et mouvements de\npanique;  qu'elle  est  susceptible  de  provoquer  des  alertes  inutiles  des  forces  de  l'ordre  et  de  les\nd\u00e9tourner  ainsi  de  leurs  missions  de  s\u00e9curit\u00e9;  qu'elle  est  \u00e9galement  susceptible,  en  couvrant  les\nd\u00e9tonations d'armes \u00e0 feu, de masquer une attaque r\u00e9elle, risquant ainsi d'accro\u00eetre le nombre de\nvictimes ;\nSUR proposition de madame la directrice de cabinet du pr\u00e9fet de la r\u00e9gion Bourgogne-Franche-Comt\u00e9,\npr\u00e9fet de la C\u00f4te-d'Or ;\nARR\u00caTE\nArticle 1er     :   \nDu d imanche 18  janvier 2026 \u00e0 12h00 jusqu'au lundi 19 janvier 2026 \u00e0 08h00  sont interdits sur les\ncommunes de la m\u00e9tropole de Dijon :\n1\u00b0 L'achat et la vente en tous lieux des artifices de divertissement de cat\u00e9gories F2 et F3 figurant sur la\nliste fix\u00e9e par l'arr\u00eat\u00e9 du 17 d\u00e9cembre 2021 ;\n2\u00b0 La d\u00e9tention, le transport et l'utilisation d'artifices de divertissement de cat\u00e9gories F2 et F3 figurant\nsur la liste fix\u00e9e par l'arr\u00eat\u00e9 du 17 d\u00e9cembre 2021, sur la voie publique ou en direction de l'espace\npublic.\nArticle 2     :   Par d\u00e9rogation aux dispositions de l'article 1er sont autoris\u00e9s l'achat, la vente, la d\u00e9tention, le\ntransport et l'utilisation des artifices de divertissement des cat\u00e9gories F2 et F3 aux personnes pouvant\njustifier de leur utilisation dans le cadre d'un spectacle pyrotechnique tel que d\u00e9fini par l'article 2 du\nd\u00e9cret n\u00b02021-580 du 31 mai 2010.\nArticle 3     :   Les infractions au pr\u00e9sent arr\u00eat\u00e9 seront r\u00e9prim\u00e9es dans les conditions pr\u00e9vues aux articles\nsusvis\u00e9s du code p\u00e9nal.\nArticle 4     :    Le pr\u00e9sent arr\u00eat\u00e9 peut \u00eatre contest\u00e9 dans les deux mois suivants sa publication soit :\nDirection des s\u00e9curit\u00e9s\nT\u00e9l. 03.80.44.64.00\nCourriel : pref-polices-administratives@cote-dor.gouv.fr\nPr\u00e9fecture de la C\u00f4te-d'Or - 21-2026-01-16-00001 - Arr\u00eat\u00e9 pr\u00e9fectoral n\u00b0 126 portant interdiction temporaire de vente, cession et\nutilisation d'artifices de divertissement et d'articles pyrotechniques sur le d\u00e9partement de la C\u00f4te-d'Or 51\n- par recours gracieux adress\u00e9  \u00e0 : Pr\u00e9fecture de la C\u00f4te-d'Or \u2212 Direction des S\u00e9curit\u00e9s \u2212 Bureau de\nla d\u00e9fense et de la s\u00e9curit\u00e9 \u2212 53 rue de la Pr\u00e9fecture \u221221041 Dijon Cedex\n- par recours hi\u00e9rarchique adress\u00e9 aupr\u00e8s du ministre de l'Int\u00e9rieur et des Outre-mer -  Direction\ndes entreprises et partenariats de s\u00e9curit\u00e9 et des armes \u2013 Service central des armes et explosifs \u2013\nPlace Beauvau \u2013 75800 Paris Cedex 08 ;\n- par recours contentieux d\u00e9pos\u00e9 devant le tribunal administratif de Dijon. Le tribunal administratif\npeut \u00eatre saisi par l'application informatique \u00ab  T\u00e9l\u00e9recours citoyens \u00bb accessible par le site internet\nwww.telerecours.fr.\nArticle 5     :   La directrice de cabinet du pr\u00e9fet de la r\u00e9gion Bourgogne-Franche-Comt\u00e9, pr\u00e9fet de la\nC\u00f4te-d'Or,  le  directeur  interd\u00e9partemental  de  la  police  nationale  de  la  C\u00f4te-d'Or,  le  g\u00e9n\u00e9ral\ncommandant la r\u00e9gion de gendarmerie de Bourgogne-Franche-Comt\u00e9 commandant le groupement\nde gendarmerie d\u00e9partementale de la C\u00f4te-d'Or et les maires des communes concern\u00e9es sont\ncharg\u00e9s, chacun en ce qui le concerne, de l'ex\u00e9cution du pr\u00e9sent arr\u00eat\u00e9 qui sera publi\u00e9 au recueil\ndes actes administratifs de la pr\u00e9fecture de la C\u00f4te-d'Or, affich\u00e9 dans les mairies et dont copie sera\nadress\u00e9e au procureur de la R\u00e9publique pr\u00e8s le tribunal judiciaire de Dijon.\nFait \u00e0 Dijon, le 16 janvier 2026\nLe pr\u00e9fet,\nPour le pr\u00e9fet et par d\u00e9l\u00e9gation,\nLa sous-pr\u00e9f\u00e8te, directrice de cabinet,\nORIGANL SIGN\u00c9\n  Aur\u00e9lie CONTRECIVILE\nDirection des s\u00e9curit\u00e9s\nT\u00e9l. 03.80.44.64.00\nCourriel : pref-polices-administratives@cote-dor.gouv.fr\nPr\u00e9fecture de la C\u00f4te-d'Or - 21-2026-01-16-00001 - Arr\u00eat\u00e9 pr\u00e9fectoral n\u00b0 126 portant interdiction temporaire de vente, cession et\nutilisation d'artifices de divertissement et d'articles pyrotechniques sur le d\u00e9partement de la C\u00f4te-d'Or 52\nType d'article pyrotechnique destin\u00e9 au divertissement\nBatterie n\u00e9cessitant un support externeCombinaisonCombinaison n\u00e9cessitant un support externeP\u00e9tard a\u00e9rien \u00e0 double effet de bang sonoreP\u00e9tard \u00e0 composition flashFus\u00e9eChandelle romaineChandelle monocoupP\u00e9tard \u00e0 m\u00e8cheBatterieBatterie n\u00e9cessitant un support externeCombinaisonCombinaison n\u00e9cessitant un support externeComposition d'artificesP\u00e9tard \u00e0 poudre noireP\u00e9tard \u00e0 composition flashFus\u00e9e \u00e0 effet de bang sonorePot \u00e0 feu en mortier\nCat\u00e9gorie(s) concern\u00e9e (s)\nF2et F3F2et F3\nF2 et F3F2et F3\nF2et F3F2et F3\nANNEXE : Liste des artifices de divertissement des cat\u00e9gories F2 et F3 fix\u00e9e par l'arr\u00eat\u00e9 du 17 d\u00e9cembre\n2021 portant application des articles L. 557-10-1 et R. 557-6-14-1 du code de l'environnement relatifs aux\narticles  pyrotechniques  destin\u00e9s  au  divertissement  (NOR : INTA2112138A)  modifi\u00e9  par  l'arr\u00eat\u00e9  du  4\njuillet 2025 (NOR : INTQ2515165A),\nDirection des s\u00e9curit\u00e9s\nT\u00e9l. 03.80.44.64.00\nCourriel : pref-polices-administratives@cote-dor.gouv.fr\nPr\u00e9fecture de la C\u00f4te-d'Or - 21-2026-01-16-00001 - Arr\u00eat\u00e9 pr\u00e9fectoral n\u00b0 126 portant interdiction temporaire de vente, cession et\nutilisation d'artifices de divertissement et d'articles pyrotechniques sur le d\u00e9partement de la C\u00f4te-d'Or 53\nSDIS de C\u00f4te-d'Or\n21-2026-01-02-00003\nListe d'aptitude op\u00e9rationnelle 2026 unit\u00e9\ncynotechnique\nSDIS de C\u00f4te-d'Or - 21-2026-01-02-00003 - Liste d'aptitude op\u00e9rationnelle 2026 unit\u00e9 cynotechnique 54\nExPREFETDE LACOTE-D'ORLibert\u00e9Egalit\u00e9Fraternit\u00e9\n22 D Boulevard Winston ChurchillCS 16209 - 21 062 DIJON CedexSDIS de la C\u00f4te-d'Or\nLe pr\u00e9fet,Pour le pr\u00e9fet et par d\u00e9l\u00e9gation,La sous-pr\u00e9f\u00e8te, directrice de cabinet,Sign\u00e9Aur\u00e9lie CONTRECIVILE\nArr\u00eat\u00e9\nPortant sur la liste d'aptitude op\u00e9rationnelle\nUnit\u00e9 de secours cynotechnique\nAnn\u00e9e 2026\nLe pr\u00e9fet de la C\u00f4te-d'Or\nVu le code g\u00e9n\u00e9ral des collectivit\u00e9s territoriales et particuli\u00e8rement l'article R 1424-54 ;\nVu l'arr\u00eat\u00e9 du 22 ao\u00fbt 2019 relatif aux formations des sapeurs-pompiers professionnels et volontaires ;\nVu l'arr\u00eat\u00e9 du 15 juillet 2022 relatif \u00e0 la d\u00e9signation et aux missions des r\u00e9f\u00e9rents de sp\u00e9cialit\u00e9s mentionn\u00e9s \u00e0 l'article\nR. 722-1 du code de la s\u00e9curit\u00e9 int\u00e9rieure ;\nVu l'arr\u00eat\u00e9 pr\u00e9fectoral du 18 septembre 2020 fixant la liste des unit\u00e9s op\u00e9rationnelles ;\nVu le r\u00e8glement op\u00e9rationnel du service d\u00e9partemental d'incendie et de secours de la C\u00f4te-d'Or en date du 06 octobre\n2021 ;\nVu le SDACR approuv\u00e9 par arr\u00eat\u00e9 pr\u00e9fectoral n\u00b0 1808 du 22 d\u00e9cembre 2023 ;\nVu le guide de doctrine op\u00e9rationnelle \u00ab engagement des \u00e9quipes cynotechniques \u00bb de novembre 2022 ;\nVu la participation des agents d\u00e9sign\u00e9s aux activit\u00e9s de formation et de maintien et de perfectionnement des acquis ;\nVu le nombre de chefs d'unit\u00e9 cynotechnique (3), de conducteur cynotechnique (1) ;\nSur proposition de monsieur le directeur d\u00e9partemental des services d'incendie et de secours ;\nARR\u00caTE\nArticle 1 : La liste annuelle d'aptitude op\u00e9rationnelle de l'unit\u00e9 de secours cynotechnique du d\u00e9partement de\nla C\u00f4te-d'Or, s'\u00e9tablit comme suit :\nMAITRE-CHIEN CHIEN\nNom Pr\u00e9nom Emploi Nom N\u00b0 de tatouage ou de\npuce Race\nBOURGETEL Sylvain* Chef d'unit\u00e9\ncynotechnique Ruben Puce\nn\u00b0 250269608747639\nBerger belge\nmalinois\nGAILLARD Yann Chef d'unit\u00e9\ncynotechnique Noria Puce\nn\u00b0 250269812273075\nBorder\nCollie\nGENTILHOMME Damien Chef d'unit\u00e9\ncynotechnique Sly Puce\nn\u00b0 250268780777049\nBerger\nhollandais\nWALLET Florent Conducteur\ncynotechnique Uanna Puce\nn\u00b0 250269300274520\nBerger belge\nmalinois\n* R\u00e9f\u00e9rent de sp\u00e9cialit\u00e9 secours cynotechnique\nArticle 2 : La sous-pr\u00e9f\u00e8te, directrice de cabinet, et le directeur d\u00e9partemental des services d'incendie et de\nsecours sont charg\u00e9s, chacun en ce qui le concerne, de l'ex\u00e9cution du pr\u00e9sent arr\u00eat\u00e9 qui sera publi\u00e9 au\nrecueil des actes administratifs de la pr\u00e9fecture de la C\u00f4te-d'Or.\nDijon, le 02 janvier 2026\nLe pr\u00e9fet,\nSDIS de C\u00f4te-d'Or - 21-2026-01-02-00003 - Liste d'aptitude op\u00e9rationnelle 2026 unit\u00e9 cynotechnique 55\nSDIS de C\u00f4te-d'Or\n21-2026-01-02-00002\nListe d'aptitude op\u00e9rationnelle 2026 unit\u00e9\nd'appareils t\u00e9l\u00e9pilot\u00e9s de lutte, d'appui et de\nsecours\nSDIS de C\u00f4te-d'Or - 21-2026-01-02-00002 - Liste d'aptitude op\u00e9rationnelle 2026 unit\u00e9 d'appareils t\u00e9l\u00e9pilot\u00e9s de lutte, d'appui et de\nsecours 56\nPREFETDELACOTE-D'ORLibert\u00e9Egalit\u00e9Fraternit\u00e9 22 D Boulevard Winston ChurchillCS 16209 - 21 062 DIJON CedexSDIS de la C\u00f4te-d'Or\nArr\u00eat\u00e9\nPortant sur la liste d'aptitude op\u00e9rationnelle\nUnit\u00e9 d'appareils t\u00e9l\u00e9pilot\u00e9s de lutte, d'appui et de secours\nAnn\u00e9e 2026\nLe pr\u00e9fet de la C\u00f4te-d'Or\nVu le code g\u00e9n\u00e9ral des collectivit\u00e9s territoriales et particuli\u00e8rement l'article R 1424-54 ;\nVu l'arr\u00eat\u00e9 pr\u00e9fectoral du 18 septembre 2020 fixant la liste des unit\u00e9s op\u00e9rationnelles sp\u00e9cialis\u00e9es ;\nVu le r\u00e8glement op\u00e9rationnel du service d\u00e9partemental d'incendie et de secours de la C\u00f4te-d'Or en date du 6 octobre\n2021 ;\nVu le SDACR approuv\u00e9 par arr\u00eat\u00e9 pr\u00e9fectoral n\u00b0 1808 du 22 d\u00e9cembre 2023 ;\nVu l'arr\u00eat\u00e9 du 22 ao\u00fbt 2019 relatif aux formations des sapeurs-pompiers professionnels et volontaires ;\nVu l'arr\u00eat\u00e9 du 15 juillet 2022 relatif \u00e0 la d\u00e9signation  et aux missions des r\u00e9f\u00e9rents de sp\u00e9cialit\u00e9s mentionn\u00e9s \u00e0 l'article\nR. 722-1 du code de la s\u00e9curit\u00e9 int\u00e9rieure ;\nVu l 'article 2 du chapitre 4 de l'annexe de l'arr\u00eat\u00e9 du 3 d\u00e9cembre 2020 relatif \u00e0 la d\u00e9finition des sc\u00e9narios standard\nnationaux et fixant les conditions applicables aux missions d'a\u00e9ronefs civils sans \u00e9quipage \u00e0 bord exclues du champ\nd'application du r\u00e8glement (UE) 2018/1139 ;\nVu la note de doctrine g\u00e9n\u00e9rale relative \u00e0 l'emploi d'appareils t\u00e9l\u00e9pilot\u00e9s \u00e0 distance pour des missions de s\u00e9curit\u00e9 civile\ndu 11 juillet 2017 ;\nVu le guide de doctrine op\u00e9rationnelle \u00ab appareils t\u00e9l\u00e9pilot\u00e9s de lutte, d'appui et de secours \u00bb de septembre 2022 ;\nVu la participation des agents d\u00e9sign\u00e9s aux activit\u00e9s de formation et de maintien et de perfectionnement des acquis ;\nVu le nombre chefs de section ATLAS (2), de chefs de sections ATLAS et t\u00e9l\u00e9pilotes professionnels de drone de s\u00e9curit\u00e9\ncivile (2), de t\u00e9l\u00e9pilotes professionnels de drone de s\u00e9curit\u00e9 civile (7) ;\nSur proposition de monsieur le directeur d\u00e9partemental des services d'incendie et de secours ;\nARR\u00caTE\nArticle 1 : La  liste  annuelle  d\u00e9partementale  d'aptitude  op\u00e9rationnelle  des  sapeurs-pompiers  de  l'unit\u00e9\n\u00ab appareils t\u00e9l\u00e9pilot\u00e9s de lutte, d'appui et de secours \u00bb du d\u00e9partement de la C\u00f4te-d'Or s'\u00e9tablit comme suit :\nGrade Nom Pr\u00e9nom N\u00b0 certificat\nd'aptitude t\u00e9l\u00e9pilote Emploi(s) op\u00e9rationnel(s)\nCapitaine PARDON Christophe * Sans objet Chef de section ATLAS\nCapitaine VILBOUX Romain Sans objet Chef de section ATLAS\nLieutenant de 1re classe DECHAUME Sylvain 384923\nChef de section ATLAS\nT\u00e9l\u00e9pilote professionnel de drone \nde s\u00e9curit\u00e9 civile\nLieutenant de 2e classe GIRARDOT Fr\u00e9d\u00e9ric 531046 T\u00e9l\u00e9pilote professionnel de drone \nde s\u00e9curit\u00e9 civile\nLieutenant de 2e classe VADOT Thierry 605406\nChef de section ATLAS\nT\u00e9l\u00e9pilote professionnel de drone \nde s\u00e9curit\u00e9 civile\nLieutenant FERNANDEZ Manuel 327986 T\u00e9l\u00e9pilote professionnel de drone \nde s\u00e9curit\u00e9 civile\nSDIS de C\u00f4te-d'Or - 21-2026-01-02-00002 - Liste d'aptitude op\u00e9rationnelle 2026 unit\u00e9 d'appareils t\u00e9l\u00e9pilot\u00e9s de lutte, d'appui et de\nsecours 57\nLe pr\u00e9fet,Pour le pr\u00e9fet et par d\u00e9l\u00e9gation,La sous-pr\u00e9f\u00e8te, directrice de cabinet,Sign\u00e9Aur\u00e9lie CONTRECIVILE\nGrade Nom Pr\u00e9nom N\u00b0 certificat\nd'aptitude t\u00e9l\u00e9pilote Emploi(s) op\u00e9rationnel(s)\nAdjudant-chef MANSOTTE Jean-Marc 41218895 T\u00e9l\u00e9pilote professionnel de drone \nde s\u00e9curit\u00e9 civile\nAdjudant PETIT Maxime 349878 T\u00e9l\u00e9pilote professionnel de drone \nde s\u00e9curit\u00e9 civile\nSergent-chef COUSIN Lo\u00efc 41218887 T\u00e9l\u00e9pilote professionnel de drone \nde s\u00e9curit\u00e9 civile\nSergent-chef HENNIENE Mohamed 44085969 T\u00e9l\u00e9pilote professionnel de drone \nde s\u00e9curit\u00e9 civile\nSergent-chef TRIDON Philippe 386811964 T\u00e9l\u00e9pilote professionnel de drone \nde s\u00e9curit\u00e9 civile\n* R\u00e9f\u00e9rent de sp\u00e9cialit\u00e9 \u00ab appareils t\u00e9l\u00e9pilot\u00e9s de lutte, d'appuis et de secours \u00bb\nArticle 2 : La sous-pr\u00e9f\u00e8te, directrice de cabinet, et le directeur d\u00e9partemental des services d'incendie et de\nsecours sont charg\u00e9s, chacun en ce qui le concerne, de l'ex\u00e9cution du pr\u00e9sent arr\u00eat\u00e9 qui sera publi\u00e9 au\nrecueil des actes administratifs de la pr\u00e9fecture de la C\u00f4te-d'Or.\nDijon, le 02 janvier 2026\nLe pr\u00e9fet,\nSDIS de C\u00f4te-d'Or - 21-2026-01-02-00002 - Liste d'aptitude op\u00e9rationnelle 2026 unit\u00e9 d'appareils t\u00e9l\u00e9pilot\u00e9s de lutte, d'appui et de\nsecours 58\nSDIS de C\u00f4te-d'Or\n21-2026-01-02-00004\nListe d'aptitude op\u00e9rationnelle 2026 unit\u00e9 de\nlutte contre les feux de for\u00eats\nSDIS de C\u00f4te-d'Or - 21-2026-01-02-00004 - Liste d'aptitude op\u00e9rationnelle 2026 unit\u00e9 de lutte contre les feux de for\u00eats 59\nPREFETDELACOTE-D'ORLibert\u00e9Egalit\u00e9Fraternit\u00e9\nSs 4 D j YQ\n22 D Boulevard Winston ChurchillCS 16209 - 21 062 DIJON CedexSDIS de la C\u00f4te-d'Or\nArr\u00eat\u00e9\nPortant sur la liste d'aptitude op\u00e9rationnelle\nUnit\u00e9 de lutte contre les feux de for\u00eats\nAnn\u00e9e 2026\nLe pr\u00e9fet de la C\u00f4te-d'Or\nVu le code g\u00e9n\u00e9ral des collectivit\u00e9s territoriales et particuli\u00e8rement l'article R 1424-54 ;\nVu le code de la s\u00e9curit\u00e9 int\u00e9rieure et particuli\u00e8rement l'article L 112-2 ;\nVu  l'arr\u00eat\u00e9 du 6 mai 2000 modifi\u00e9 fixant les conditions d'aptitudes m\u00e9dicales des sapeurs-pompiers professionnels et\nvolontaires ;\nVu l'arr\u00eat\u00e9 du 22 ao\u00fbt 2019 relatif aux formations des sapeurs-pompiers professionnels et volontaires ;\nVu l'arr\u00eat\u00e9 du 15 juillet 2022 relatif \u00e0 la d\u00e9signation et aux missions des r\u00e9f\u00e9rents de sp\u00e9cialit\u00e9s mentionn\u00e9s \u00e0 l'article\nR. 722-1 du code de la s\u00e9curit\u00e9 int\u00e9rieure ;\nVu l'arr\u00eat\u00e9 pr\u00e9fectoral du 18 septembre 2020 fixant la liste des unit\u00e9s op\u00e9rationnelles ;\nVu le r\u00e8glement op\u00e9rationnel du service d\u00e9partemental d'incendie et de secours de la C\u00f4te-d'Or en date du 06 octobre\n2021 ;\nVu le SDACR approuv\u00e9 par arr\u00eat\u00e9 pr\u00e9fectoral n\u00b0 1808 du 22 d\u00e9cembre 2023 ;\nVu le guide national de r\u00e9f\u00e9rences\u00ab feux de for\u00eats \u00bb d'ao\u00fbt 1999 modifi\u00e9 ;\nVu le guide de doctrine op\u00e9rationnelle et le guide de techniques op\u00e9rationnelles \u00ab feux de for\u00eats et d'espaces naturels  \u00bb\nde f\u00e9vrier 2021 ;\nVu la participation des agents d\u00e9sign\u00e9s aux activit\u00e9s de formation de maintien et de perfectionnement des acquis ;\nVu le nombre de chefs de site (4), chefs de colonne (10), de chefs de groupe ( 26), de chefs d'agr\u00e8s (178), d'\u00e9quipiers\n(374), de cadres a\u00e9ro embarqu\u00e9 (4), de cadres HBE (1), de cadres DIS (5), de commandos FDF (16), d'investigateurs\nRCCI FDF (3) ;\nSur proposition de monsieur le directeur d\u00e9partemental des services d'incendie et de secours ;\nARR\u00caTE\nArticle 1 : La liste annuelle d\u00e9partementale d'aptitude op\u00e9rationnelle des sapeurs-pompiers de l'unit\u00e9 \u00ab  lutte\ncontre les feux de for\u00eats \u00bb du d\u00e9partement de la C\u00f4te-d'Or s'\u00e9tablit comme suit :\nNom Pr\u00e9nom Emploi et activit\u00e9 compl\u00e9mentaire Formation\nCHATILLON-OUVRARD Larry Chef de site FDF FDF 5\nGILLET Edouard Chef de site FDF FDF 5\nLEPOUTERE Bertrand Chef de site FDF FDF 5\nTHEUREL J\u00e9r\u00f4me* Chef de site FDF, cadre DIS, cadre HBE\n& cadre a\u00e9ro embarqu\u00e9 FDF 5, DIS FDF, AER 2 & AER 3\nANDREUCCETTI Philippe Chef de colonne FDF FDF 4\nBIDAU Cyril Chef de colonne FDF FDF 4\nBOLTZ Bruno Chef de colonne FDF FDF 4\nBOUFENICHE Khamel Chef de colonne FDF FDF 4\nCOULON R\u00e9mi Chef de colonne FDF & cadre a\u00e9ro embarqu\u00e9 FDF 4 & AER 3\nSDIS de C\u00f4te-d'Or - 21-2026-01-02-00004 - Liste d'aptitude op\u00e9rationnelle 2026 unit\u00e9 de lutte contre les feux de for\u00eats 60\nNom Pr\u00e9nom Emploi et activit\u00e9 compl\u00e9mentaire Formation\nDOMBEK Christophe Chef de colonne FDF & cadre a\u00e9ro embarqu\u00e9 FDF 4 & AER 3\nMARC Jean-Louis Chef de colonne FDF FDF 4\nPARDON Christophe Chef de colonne FDF FDF 4\nREGAZZONI Micka\u00ebl Chef de colonne FDF & investigateur RCCI FDF 4 & RCCI FDF\nROY Olivier Chef de colonne FDF & cadre a\u00e9ro embarqu\u00e9 FDF 4 & AER 3\nBLANDIN Pascal Chef de groupe FDF FDF 3\nBOUCHE Luca Chef de groupe FDF FDF 3\nBREUIL Christophe Chef de groupe FDF & cadre DIS FDF 3 & DIS FDF\nBUSI Wilfried Chef de groupe FDF FDF 3\nCAO-THANH Emmanuel Chef de groupe FDF FDF 3\nCRETE Laurent Chef de groupe FDF FDF 3\nDESCHAMPS Olivier Chef de groupe FDF FDF 3\nDESCLOIX Sylvain Chef de groupe FDF & cadre DIS FDF 3 & DIS FDF\nDUPONT Luc Chef de groupe FDF FDF 3\nDUVERNOIS Arnaud Chef de groupe FDF FDF 3\nEM Fr\u00e9d\u00e9ric Chef de groupe FDF FDF 3\nGARMATUK Cyril Chef de groupe FDF FDF 3\nGENELOT Eric Chef de groupe FDF FDF 3\nJEANNIN S\u00e9bastien Chef de groupe FDF FDF 3\nKRAWCZYK Nicolas Chef de groupe FDF FDF 3\nLAMBERT Jean-Robert Chef de groupe FDF FDF 3\nNOUR Yassine Chef de groupe FDF FDF 3\nPAGEOT Anthony Chef de groupe FDF FDF 3\nPERU Christophe Chef de groupe FDF FDF 3\nRENAUD Sandrine Chef de groupe FDF FDF 3\nRENAUD Thomas Chef de groupe FDF FDF 3\nROUCHE St\u00e9phane Chef de groupe FDF FDF 3\nSENOT Alexandre Chef de groupe FDF FDF 3\nVANDENSKRICK Julien Chef de groupe FDF & cadre DIS FDF 3 & DIS FDF\nVERREY Cyril Chef de groupe FDF & cadre DIS FDF 3 & DIS FDF\nVILBOUX Romain Chef de groupe FDF FDF 3\nANGEL Nicolas Chef d'agr\u00e8s FDF & commando DIS FDF 2 & DIS FDF\nANTOINE Aymeric Chef d'agr\u00e8s FDF & commando DIS FDF 2 & DIS FDF\nAUVERT Romain Chef d'agr\u00e8s FDF FDF 2\nBALLAIS Sylvain Chef d'agr\u00e8s FDF FDF 2\nBARDET Mathieu Chef d'agr\u00e8s FDF FDF 2\nBAUDROT Aur\u00e9lien Chef d'agr\u00e8s FDF FDF 2\nBAZIN Marc Chef d'agr\u00e8s FDF FDF 2\nBERNARD Philippe Chef d'agr\u00e8s FDF FDF 2\nBERNASCONI Reynald Chef d'agr\u00e8s FDF FDF 2\nBERNIER Julien Chef d'agr\u00e8s FDF FDF 2\nBIARD Herv\u00e9 Chef d'agr\u00e8s FDF FDF 2\nBILLOIR Martial Chef d'agr\u00e8s FDF FDF 2\nBLANDIN Jean-Fran\u00e7ois Chef d'agr\u00e8s FDF FDF 2\nBOLE Xavier Chef d'agr\u00e8s FDF FDF 2\nBORDET Olivier Chef d'agr\u00e8s FDF FDF 2\nBOS Fr\u00e9d\u00e9ric Chef d'agr\u00e8s FDF FDF 2\nBOUCHE Guillaume Chef d'agr\u00e8s FDF FDF 2\nBOUILLOT Olivier Chef d'agr\u00e8s FDF FDF 2\nBOUTIER Fabien Chef d'agr\u00e8s FDF FDF 2\nBOUTIER Florent Chef d'agr\u00e8s FDF FDF 2\nSDIS de C\u00f4te-d'Or - 21-2026-01-02-00004 - Liste d'aptitude op\u00e9rationnelle 2026 unit\u00e9 de lutte contre les feux de for\u00eats 61\nNom Pr\u00e9nom Emploi et activit\u00e9 compl\u00e9mentaire Formation\nBOUVIER St\u00e9phane Chef d'agr\u00e8s FDF FDF 2\nBREGAND Matthieu Chef d'agr\u00e8s FDF FDF 2\nBROSSEAU Fabrice Chef d'agr\u00e8s FDF FDF 2\nBRULEY Jean-No\u00ebl Chef d'agr\u00e8s FDF FDF 2\nCAMUS David Chef d'agr\u00e8s FDF FDF 2\nCENDRIER Nicolas Chef d'agr\u00e8s FDF & commando DIS FDF 2 & DIS FDF\nCHANUT Lilian Chef d'agr\u00e8s FDF FDF 2\nCHAPLOT Elodie Chef d'agr\u00e8s FDF FDF 2\nCHAPOVALOFF Alexis Chef d'agr\u00e8s FDF FDF 2\nCHIAOUI Mehdi Chef d'agr\u00e8s FDF FDF 2\nCHIONO J\u00e9r\u00f4me Chef d'agr\u00e8s FDF FDF 2\nCHIPEAUX C\u00e9dric Chef d'agr\u00e8s FDF FDF 2\nCHOFFLET Arnaud Chef d'agr\u00e8s FDF FDF 2\nCHRETIEN Pierre Chef d'agr\u00e8s FDF FDF 2\nCOLOMBO Jean-Christophe Chef d'agr\u00e8s FDF FDF 2\nCONTET Cyrill Chef d'agr\u00e8s FDF FDF 2\nCONVERT Cyril Chef d'agr\u00e8s FDF FDF 2\nCOQUIO Ga\u00eblle Chef d'agr\u00e8s FDF FDF 2\nCOSTER K\u00e9vin Chef d'agr\u00e8s FDF FDF 2\nCOUSIN Lo\u00efc Chef d'agr\u00e8s FDF FDF 2\nCROCHARD Vincent Chef d'agr\u00e8s FDF FDF 2\nDA ROCHA Florent Chef d'agr\u00e8s FDF FDF 2\nDAMIENS Jean-Baptiste Chef d'agr\u00e8s FDF & commando DIS FDF 2 & DIS FDF\nDESSENDRE Romain Chef d'agr\u00e8s FDF FDF 2\nDESSEREY Gilles Chef d'agr\u00e8s FDF FDF 2\nDEVAUX Antoine Chef d'agr\u00e8s FDF & commando DIS FDF 2 & DIS FDF\nDEVAUX Jean-Christophe Chef d'agr\u00e8s FDF FDF 2\nDEVILLIERS J\u00e9r\u00e9my Chef d'agr\u00e8s FDF FDF 2\nDREZET David Chef d'agr\u00e8s FDF FDF 2\nDUBOIS Alexis Chef d'agr\u00e8s FDF FDF 2\nDUC Matthieu Chef d'agr\u00e8s FDF FDF 2\nDUPIN Bruno Chef d'agr\u00e8s FDF FDF 2\nDUPREY Arnaud Chef d'agr\u00e8s FDF FDF 2\nDURAND Nicolas Chef d'agr\u00e8s FDF FDF 2\nDUTHU J\u00e9r\u00e9my Chef d'agr\u00e8s FDF FDF 2\nDUTHU Patrice Chef d'agr\u00e8s FDF FDF 2\nDUTHU Thomas Chef d'agr\u00e8s FDF FDF 2\nFANJOUX C\u00e9dric Chef d'agr\u00e8s FDF & commando DIS FDF 2 & DIS FDF\nFARGE David Chef d'agr\u00e8s FDF FDF 2\nFERNANDEZ Manuel Chef d'agr\u00e8s FDF FDF 2\nFLECHARD Julien Chef d'agr\u00e8s FDF FDF 2\nFOUTELET Jo\u00ebl Chef d'agr\u00e8s FDF FDF 2\nFURDERER Johann Chef d'agr\u00e8s FDF FDF 2\nGABORIEAU Laurent Chef d'agr\u00e8s FDF FDF 2\nGARNIER Nicolas Chef d'agr\u00e8s FDF FDF 2\nGELIN Gr\u00e9gory Chef d'agr\u00e8s FDF FDF 2\nGENETIER Bruno Chef d'agr\u00e8s FDF FDF 2\nGENTILHOMME Damien Chef d'agr\u00e8s FDF FDF 2\nGEOFFROY Antoine Chef d'agr\u00e8s FDF FDF 2\nGERMAIN Arnaud Chef d'agr\u00e8s FDF FDF 2\nGEST Sylvain Chef d'agr\u00e8s FDF FDF 2\nSDIS de C\u00f4te-d'Or - 21-2026-01-02-00004 - Liste d'aptitude op\u00e9rationnelle 2026 unit\u00e9 de lutte contre les feux de for\u00eats 62\nNom Pr\u00e9nom Emploi et activit\u00e9 compl\u00e9mentaire Formation\nGONET Ludovic Chef d'agr\u00e8s FDF FDF 2\nGUALDI Fabrice Chef d'agr\u00e8s FDF FDF 2\nGUERARD S\u00e9bastien Chef d'agr\u00e8s FDF FDF 2\nGUERIN Maxime Chef d'agr\u00e8s FDF FDF 2\nGUTKNECHT Jean-Denis Chef d'agr\u00e8s FDF FDF 2\nHEDIEUX Patrick Chef d'agr\u00e8s FDF FDF 2\nHENNIENE Mohamed Chef d'agr\u00e8s FDF FDF 2\nHOBENICHE Anthony Chef d'agr\u00e8s FDF FDF 2\nISAAC Christophe Chef d'agr\u00e8s FDF FDF 2\nISTRIA Anthony Chef d'agr\u00e8s FDF FDF 2\nJACQUES Pascal Chef d'agr\u00e8s FDF FDF 2\nJALLAT G\u00e9rard Chef d'agr\u00e8s FDF FDF 2\nJEANNE Emmanuel Chef d'agr\u00e8s FDF FDF 2\nJOUFFROY Herv\u00e9 Chef d'agr\u00e8s FDF FDF 2\nJUPILLE Thomas Chef d'agr\u00e8s FDF FDF 2\nKARROUM Hakim Chef d'agr\u00e8s FDF FDF 2\nKURKLINSKI Quentin Chef d'agr\u00e8s FDF & commando DIS FDF 2 & DIS FDF\nLAGNIER Laurent Chef d'agr\u00e8s FDF FDF 2\nLALLEMAND Mathieu Chef d'agr\u00e8s FDF FDF 2\nLAUPRETRE Mathieu Chef d'agr\u00e8s FDF FDF 2\nLAVERDAN Jean-Paul Chef d'agr\u00e8s FDF FDF 2\nLE CARO C\u00e9dric Chef d'agr\u00e8s FDF & commando DIS FDF 2 & DIS FDF\nLE GOFF Quentin Chef d'agr\u00e8s FDF FDF 2\nLEBLOND Andy Chef d'agr\u00e8s FDF FDF 2\nLEDOUX Alexis Chef d'agr\u00e8s FDF FDF 2\nLEFOL Geoffroy Chef d'agr\u00e8s FDF FDF 2\nLEFRANC Nicolas Chef d'agr\u00e8s FDF FDF 2\nLEGRAND S\u00e9bastien Chef d'agr\u00e8s FDF FDF 2\nLERAT Alexandre Chef d'agr\u00e8s FDF FDF 2\nLIORET Christophe Chef d'agr\u00e8s FDF FDF 2\nLOPES David Chef d'agr\u00e8s FDF FDF 2\nLOUIS Thierry Chef d'agr\u00e8s FDF FDF 2\nMAGNIERE J\u00e9r\u00e9my Chef d'agr\u00e8s FDF FDF 2\nMANSOTTE Jean-Marc Chef d'agr\u00e8s FDF & commando DIS FDF 2 & DIS FDF\nMARCEAU Xavier Chef d'agr\u00e8s FDF FDF 2\nMARCOS Alex Chef d'agr\u00e8s FDF FDF 2\nMARDAOUI Mouhssine Chef d'agr\u00e8s FDF FDF 2\nMARTY Yoann Chef d'agr\u00e8s FDF FDF 2\nMASSENOT Florian Chef d'agr\u00e8s FDF FDF 2\nMAUR Christophe Chef d'agr\u00e8s FDF FDF 2\nMAUROY Anthony Chef d'agr\u00e8s FDF FDF 2\nMEHAULT Ga\u00ebtan Chef d'agr\u00e8s FDF FDF 2\nMELOT Christophe Chef d'agr\u00e8s FDF FDF 2\nMENAGE Christophe Chef d'agr\u00e8s FDF FDF 2\nMENELOT Patrick Chef d'agr\u00e8s FDF FDF 2\nMESPOULHES Yann Chef d'agr\u00e8s FDF FDF 2\nMIGNON Claude Chef d'agr\u00e8s FDF FDF 2\nMIGNOT Emmanuel Chef d'agr\u00e8s FDF FDF 2\nMONTCHARMONT Thomas Chef d'agr\u00e8s FDF FDF 2\nMOREAU Franck Chef d'agr\u00e8s FDF FDF 2\nMORELOT Eric Chef d'agr\u00e8s FDF FDF 2\nSDIS de C\u00f4te-d'Or - 21-2026-01-02-00004 - Liste d'aptitude op\u00e9rationnelle 2026 unit\u00e9 de lutte contre les feux de for\u00eats 63\nNom Pr\u00e9nom Emploi et activit\u00e9 compl\u00e9mentaire Formation\nMORINEAU Damien Chef d'agr\u00e8s FDF FDF 2\nMOTUS Julien Chef d'agr\u00e8s FDF FDF 2\nNESME K\u00e9vin Chef d'agr\u00e8s FDF FDF 2\nPAINBLANC Steve Chef d'agr\u00e8s FDF FDF 2\nPALIOT Thierry Chef d'agr\u00e8s FDF FDF 2\nPARANT Fr\u00e9d\u00e9ric Chef d'agr\u00e8s FDF FDF 2\nPERRIN St\u00e9phane Chef d'agr\u00e8s FDF FDF 2\nPETIT Maxime Chef d'agr\u00e8s FDF FDF 2\nPETITOT Marc Chef d'agr\u00e8s FDF FDF 2\nPETRIGNET Laurent Chef d'agr\u00e8s FDF FDF 2\nPIATON Manuel Chef d'agr\u00e8s FDF FDF 2\nPIGNET Olivier Chef d'agr\u00e8s FDF FDF 2\nPIGNON S\u00e9bastien Chef d'agr\u00e8s FDF FDF 2\nPIRARD Vincent Chef d'agr\u00e8s FDF FDF 2\nPIVEL Alexis Chef d'agr\u00e8s FDF FDF 2\nPOUESSEL Wilfried Chef d'agr\u00e8s FDF FDF 2\nPOULLOT Maryne Chef d'agr\u00e8s FDF FDF 2\nPREIONI Christian Chef d'agr\u00e8s FDF FDF 2\nPRIN Richard Chef d'agr\u00e8s FDF FDF 2\nPRUDHON R\u00e9gis Chef d'agr\u00e8s FDF FDF 2\nRAIMBAULT Nicolas Chef d'agr\u00e8s FDF FDF 2\nREMBERT Thomas Chef d'agr\u00e8s FDF FDF 2\nREMOND Guillaume Chef d'agr\u00e8s FDF FDF 2\nRICHARD Christophe Chef d'agr\u00e8s FDF FDF 2\nRICHARD Laurent Chef d'agr\u00e8s FDF FDF 2\nRICHARD Ludovic Chef d'agr\u00e8s FDF FDF 2\nROULOT Bertrand Chef d'agr\u00e8s FDF FDF 2\nRUDE Maxime Chef d'agr\u00e8s FDF FDF 2\nSAADA Alexandre Chef d'agr\u00e8s FDF FDF 2\nSAGET Lo\u00efc Chef d'agr\u00e8s FDF FDF 2\nSALLOT Julien Chef d'agr\u00e8s FDF FDF 2\nSCHMIDT C\u00e9dric Chef d'agr\u00e8s FDF & commando DIS FDF 2 & DIS FDF\nSENSIER C\u00e9dric Chef d'agr\u00e8s FDF FDF 2\nSIERRA Mika\u00ebl Chef d'agr\u00e8s FDF FDF 2\nSILVESTRE St\u00e9phane Chef d'agr\u00e8s FDF FDF 2\nSIMON Jean-Baptiste Chef d'agr\u00e8s FDF FDF 2\nSIRANDRE Thomas Chef d'agr\u00e8s FDF FDF 2\nSOLDATENKOFF Nicolas Chef d'agr\u00e8s FDF FDF 2\nSPACZEK Rudy Chef d'agr\u00e8s FDF FDF 2\nSUCHETET Didier Chef d'agr\u00e8s FDF FDF 2\nTAUBATY Vincent Chef d'agr\u00e8s FDF FDF 2\nTHIBEAULT Laurent Chef d'agr\u00e8s FDF FDF 2\nTHOMAS Christophe Chef d'agr\u00e8s FDF FDF 2\nTHOMAS Guilhem Chef d'agr\u00e8s FDF FDF 2\nTHOMAS J\u00e9r\u00f4me Chef d'agr\u00e8s FDF FDF 2\nTRITZ Fr\u00e9d\u00e9ric Chef d'agr\u00e8s FDF FDF 2\nTRUCHOT Yoan Chef d'agr\u00e8s FDF FDF 2\nVADOT Michel Chef d'agr\u00e8s FDF FDF 2\nVAILLE Olivier Chef d'agr\u00e8s FDF FDF 2\nVAXILLAIRE Yann Chef d'agr\u00e8s FDF FDF 2\nVERSCHAEVE Ludwig Chef d'agr\u00e8s FDF FDF 2\nSDIS de C\u00f4te-d'Or - 21-2026-01-02-00004 - Liste d'aptitude op\u00e9rationnelle 2026 unit\u00e9 de lutte contre les feux de for\u00eats 64\nNom Pr\u00e9nom Emploi et activit\u00e9 compl\u00e9mentaire Formation\nVIARDOT Aur\u00e9lien Chef d'agr\u00e8s FDF FDF 2\nVILLEGAS Herv\u00e9 Chef d'agr\u00e8s FDF FDF 2\nVIVIEN Jo\u00ebl Chef d'agr\u00e8s FDF FDF 2\nVOILLEQUIN Venceslas Chef d'agr\u00e8s FDF FDF 2\nVUILLERMOT Damien Chef d'agr\u00e8s FDF FDF 2\nALIBERT Th\u00e9o Equipier FDF FDF 1\nAMBRIRIKI Chouanibou Equipier FDF FDF 1\nANNEN Florian Equipier FDF FDF 1\nARBEZ Benjamin Equipier FDF FDF 1\nAUBRY Christophe Equipier FDF FDF 1\nAUVERT Antonin Equipier FDF FDF 1\nBAILLIET Jason Equipier FDF FDF 1\nBARBE David Equipier FDF FDF 1\nBATAILLE Quentin Equipier FDF FDF 1\nBAUDEGARD Romain Equipier FDF FDF 1\nBECOUZE Pierre Equipier FDF FDF 1\nBECQUET J\u00e9r\u00e9my Equipier FDF FDF 1\nBELDILMI Gilles Equipier FDF FDF 1\nBELDJOUDI J\u00e9r\u00f4me Equipier FDF FDF 1\nBELLER Jean-Philippe Equipier FDF FDF 1\nBENREDJEM Th\u00e9o Equipier FDF FDF 1\nBERSCHEID Anthony Equipier FDF FDF 1\nBERTHELON No\u00e9mie Equipier FDF FDF 1\nBERTHENET Melvyn Equipier FDF FDF 1\nBERTHET-BONDET Anthony Equipier FDF FDF 1\nBERTRAND Lauren Equipier FDF FDF 1\nBERWICK R\u00e9mi Equipier FDF FDF 1\nBEURTON Joris Equipier FDF FDF 1\nBEUTHOT Christophe Equipier FDF FDF 1\nBIDAULT Richard Equipier FDF FDF 1\nBIEBER Corentin Equipier FDF FDF 1\nBILLARD Alexis Equipier FDF FDF 1\nBLANC Eric Equipier FDF FDF 1\nBONNARD Matthieu Equipier FDF FDF 1\nBONNARD Valentin Equipier FDF FDF 1\nBONNARDEL Xavier Equipier FDF FDF 1\nBONNASSIEUX J\u00e9r\u00e9my Equipier FDF FDF 1\nBORDELET Cyril Equipier FDF FDF 1\nBORDET Th\u00e9o Equipier FDF FDF 1\nBOUCHER Thomas Equipier FDF FDF 1\nBOUCHEROT Fabien Equipier FDF FDF 1\nBOUCHEROT Ga\u00ebtan Equipier FDF FDF 1\nBOUCHEROT Maxime Equipier FDF FDF 1\nBOUQUET J\u00e9r\u00f4me Equipier FDF FDF 1\nBOURDIER Roger Equipier FDF FDF 1\nBOURGEOIS Blandine Equipier FDF FDF 1\nBOURGEOIS Elodie Equipier FDF FDF 1\nBOURGETEL Sylvain Equipier FDF FDF 1\nBOUSSARD Anthony Equipier FDF FDF 1\nBOUTIER Charles Equipier FDF FDF 1\nBOUVIER Marina Equipier FDF FDF 1\nSDIS de C\u00f4te-d'Or - 21-2026-01-02-00004 - Liste d'aptitude op\u00e9rationnelle 2026 unit\u00e9 de lutte contre les feux de for\u00eats 65\nNom Pr\u00e9nom Emploi et activit\u00e9 compl\u00e9mentaire Formation\nBOUVOT Jayson Equipier FDF FDF 1\nBREBEL Julie Equipier FDF FDF 1\nBREGAND Math\u00e9o Equipier FDF FDF 1\nBREUIL Paul Equipier FDF & commando DIS FDF 1 & DIS FDF\nBRICHETEAU Quentin Equipier FDF FDF 1\nBRIDON Fran\u00e7ois Equipier FDF FDF 1\nBRIYS Ludovic Equipier FDF FDF 1\nBRULEY Romain Equipier FDF FDF 1\nBRUNET Charlotte Equipier FDF FDF 1\nBRUNET Morgan Equipier FDF FDF 1\nBRUNOT Baptiste Equipier FDF FDF 1\nBUATOIS Cl\u00e9ment Equipier FDF FDF 1\nBUATOIS Dylan Equipier FDF FDF 1\nBUATOIS Isabelle Equipier FDF FDF 1\nBUCZEK Alexis Equipier FDF FDF 1\nBUREAU Jean-Baptiste Equipier FDF FDF 1\nBUTHEAU Ludovic Equipier FDF FDF 1\nCABEZAS Th\u00e9o Equipier FDF FDF 1\nCALAFATO Alexandre Equipier FDF FDF 1\nCAMUSET J\u00e9r\u00f4me Equipier FDF FDF 1\nCANAL Amandine Equipier FDF FDF 1\nCARBILLET Th\u00e9o Equipier FDF FDF 1\nCARNET Julien Equipier FDF FDF 1\nCARTIER Laurent Equipier FDF FDF 1\nCASEIRO Gr\u00e9gory Equipier FDF FDF 1\nCAVARELLI Nicolas Equipier FDF FDF 1\nCAZENAVE Sandra Equipier FDF FDF 1\nCERVANTES Lo\u00efc Equipier FDF FDF 1\nCHAINARD J\u00e9r\u00e9my Equipier FDF FDF 1\nCHAKRI Tarik Equipier FDF FDF 1\nCHAMPONNOIS Cyrille Equipier FDF FDF 1\nCHAMPONNOIS Damien Equipier FDF FDF 1\nCHAUMET Emmanuel Equipier FDF FDF 1\nCHEVALIER Victor Equipier FDF FDF 1\nCHEVASSON Antoine Equipier FDF FDF 1\nCHIFFLOT Pierre Equipier FDF FDF 1\nCHODAT Florian Equipier FDF FDF 1\nCHOLLAT-NAMY Micka\u00ebl Equipier FDF FDF 1\nCIERLAK J\u00e9r\u00f4me Equipier FDF FDF 1\nCLERC Damien Equipier FDF FDF 1\nCLERC Jean-Baptiste Equipier FDF FDF 1\nCLET C\u00e9cile Equipier FDF FDF 1\nCOISPINE Romain Equipier FDF FDF 1\nCOLAS Micka\u00ebl Equipier FDF FDF 1\nCOLLIN Julien Equipier FDF FDF 1\nCOMMARET Guillaume Equipier FDF FDF 1\nCORDIER Emmanuel Equipier FDF FDF 1\nCORDON Hugo Equipier FDF FDF 1\nCORDON Maxime Equipier FDF FDF 1\nCORTOT Tony Equipier FDF FDF 1\nCOUBLE Antoine Equipier FDF FDF 1\nSDIS de C\u00f4te-d'Or - 21-2026-01-02-00004 - Liste d'aptitude op\u00e9rationnelle 2026 unit\u00e9 de lutte contre les feux de for\u00eats 66\nNom Pr\u00e9nom Emploi et activit\u00e9 compl\u00e9mentaire Formation\nCOULAND Emilien Equipier FDF FDF 1\nCOULAND Jean-Philippe Equipier FDF FDF 1\nCOURBEZ Thierry Equipier FDF FDF 1\nCOUREAULT Philippe Equipier FDF FDF 1\nCOUTACHOT S\u00e9bastien Equipier FDF FDF 1\nCOYETTE Antoine Equipier FDF FDF 1\nCOZ Paul Equipier FDF FDF 1\nCRETE-CORTOT Arthur Equipier FDF FDF 1\nCROTTI Corentin Equipier FDF FDF 1\nCURE Franck Equipier FDF FDF 1\nDA MOTA PINTO Ana\u00efs Equipier FDF FDF 1\nDACHE-THIRAUBOIS Ludivine Equipier FDF FDF 1\nDALAUDIERE Nicolas Equipier FDF FDF 1\nDARROUX Bastien Equipier FDF FDF 1\nDAUD Jean-Baptiste Equipier FDF FDF 1\nDE PIZZOL Geoffroy Equipier FDF FDF 1\nDEGUIN Gaylord Equipier FDF FDF 1\nDELBARRE Dylan Equipier FDF FDF 1\nDEMANDRE Micka\u00ebl Equipier FDF FDF 1\nDEMARCH Johann Equipier FDF FDF 1\nDENIEL Jordan Equipier FDF FDF 1\nDENIEL Yannick Equipier FDF FDF 1\nDERIVET Romain Equipier FDF FDF 1\nDERY Ludovic Equipier FDF FDF 1\nDERY Micka\u00ebl Equipier FDF FDF 1\nDESCHAMPS Titouan Equipier FDF FDF 1\nDESCLOIX Thibaut Equipier FDF FDF 1\nDILLENSEGER Cl\u00e9ment Equipier FDF FDF 1\nDOUSSOT Emilien Equipier FDF FDF 1\nDRU Guillaume Equipier FDF FDF 1\nDUBIEF Mathieu Equipier FDF FDF 1\nDUBOIS C\u00e9dric Equipier FDF FDF 1\nDUMAS C\u00e9dric Equipier FDF FDF 1\nDUMONT Cl\u00e9ment Equipier FDF FDF 1\nDUMONT Guillaume Equipier FDF FDF 1\nDUMONT Quentin Equipier FDF & commando DIS FDF 1 & DIS FDF\nDUNCAN Yann Equipier FDF FDF 1\nDUPAQUIER Sylvain Equipier FDF FDF 1\nDUPLUS Aur\u00e9lien Equipier FDF FDF 1\nDURAND Florian Equipier FDF FDF 1\nDURUPT Quentin Equipier FDF FDF 1\nDUTHU Christophe Equipier FDF FDF 1\nDUTHU Julien Equipier FDF FDF 1\nDUTHU Romain Equipier FDF FDF 1\nDUVERGER Luka Equipier FDF FDF 1\nEL YACOUBI Khalid Equipier FDF FDF 1\nESNAUX Manuel Equipier FDF FDF 1\nFABER Thomas Equipier FDF FDF 1\nFAIVRE Lucas Equipier FDF FDF 1\nFARNIER R\u00e9mi Equipier FDF FDF 1\nFEUGERE Ma\u00ebl Equipier FDF FDF 1\nSDIS de C\u00f4te-d'Or - 21-2026-01-02-00004 - Liste d'aptitude op\u00e9rationnelle 2026 unit\u00e9 de lutte contre les feux de for\u00eats 67\nNom Pr\u00e9nom Emploi et activit\u00e9 compl\u00e9mentaire Formation\nFEVRIER Pascal Equipier FDF FDF 1\nFEVRIER Thomas Equipier FDF FDF 1\nFICHOT Romain Equipier FDF FDF 1\nFIEVET Aur\u00e9lien Equipier FDF FDF 1\nFLET Am\u00e9lie Equipier FDF FDF 1\nFOISSEY Bastien Equipier FDF FDF 1\nFOND K\u00e9vin Equipier FDF FDF 1\nFOUTELET Christian Equipier FDF FDF 1\nFROIDUROT Thibaut Equipier FDF FDF 1\nGACECK Ludovic Equipier FDF FDF 1\nGAGNEPAIN Pierre-Emmanuel Equipier FDF FDF 1\nGALOIS Micka\u00ebl Equipier FDF FDF 1\nGARCIA Manuel Equipier FDF FDF 1\nGARDIEN Nicolas Equipier FDF FDF 1\nGASPARD Julien Equipier FDF FDF 1\nGATEAU Leslie Equipier FDF FDF 1\nGAUMONT Emmanuel Equipier FDF FDF 1\nGAUTHERON Gr\u00e9gory Equipier FDF FDF 1\nGAUTHEY K\u00e9vin Equipier FDF FDF 1\nGAUTHIER Alain Equipier FDF FDF 1\nGAY Ma\u00eflys Equipier FDF FDF 1\nGELINOTTE Steeve Equipier FDF FDF 1\nGEORGES Maxime Equipier FDF FDF 1\nGERARD St\u00e9phanie Equipier FDF FDF 1\nGERBER Eric Equipier FDF FDF 1\nGERMAIN Etienne Equipier FDF FDF 1\nGIGLEUX Thibault Equipier FDF FDF 1\nGILLOT Adrien Equipier FDF FDF 1\nGINDRE Fabien Equipier FDF FDF 1\nGIRARD Thibaut Equipier FDF FDF 1\nGIRARDOT Fr\u00e9d\u00e9ric Equipier FDF FDF 1\nGODDE Charles Equipier FDF FDF 1\nGONCALVES Samuel Equipier FDF & commando DIS FDF 1 & DIS FDF\nGOUJON S\u00e9bastien Equipier FDF FDF 1\nGOULLEROT Quentin Equipier FDF FDF 1\nGOUX Antonin Equipier FDF FDF 1\nGRANGER Pascal Equipier FDF FDF 1\nGRILLON Lise Equipier FDF FDF 1\nGRIMAND Renaud Equipier FDF FDF 1\nGROSGOJAT Steven Equipier FDF FDF 1\nGUERIN David Equipier FDF FDF 1\nGUYOT Baptiste Equipier FDF FDF 1\nHAETTICH Jordan Equipier FDF FDF 1\nHASELBAUER Julien Equipier FDF FDF 1\nHENAULT Baptiste Equipier FDF FDF 1\nHERMAIZE Anthony Equipier FDF FDF 1\nHERMAN Paul Equipier FDF FDF 1\nHOFFERT Edwin Equipier FDF FDF 1\nHOSTALIER Antoine Equipier FDF FDF 1\nHUDELOT Thomas Equipier FDF FDF 1\nSDIS de C\u00f4te-d'Or - 21-2026-01-02-00004 - Liste d'aptitude op\u00e9rationnelle 2026 unit\u00e9 de lutte contre les feux de for\u00eats 68\nNom Pr\u00e9nom Emploi et activit\u00e9 compl\u00e9mentaire Formation\nHUGUENIN Timoth\u00e9 Equipier FDF FDF 1\nINFANTI Eric Equipier FDF FDF 1\nINTILIA Damien Equipier FDF FDF 1\nJANVIER Jean-Yves Equipier FDF FDF 1\nJARLAUD Maxime Equipier FDF FDF 1\nJAYE Lucas Equipier FDF FDF 1\nJOMAS Eymeric Equipier FDF FDF 1\nJOUFFROY Franck Equipier FDF FDF 1\nJOUIN Mathieu Equipier FDF FDF 1\nKISSENBERGER Julien Equipier FDF FDF 1\nL'HOSTE J\u00e9r\u00f4me Equipier FDF FDF 1\nLABEAUNE Math\u00e9o Equipier FDF FDF 1\nLAGRANGE Thibaut Equipier FDF FDF 1\nLAMALLE Romain Equipier FDF FDF 1\nLAMBERT Cl\u00e9ment Equipier FDF FDF 1\nLAMY Sylvain Equipier FDF FDF 1\nLANCE Ludovic Equipier FDF FDF 1\nLANGUILLE Thomas Equipier FDF FDF 1\nLARGEOT Adrien Equipier FDF FDF 1\nLAURENT Fabien Equipier FDF FDF 1\nLAURENT Micka\u00ebl Equipier FDF FDF 1\nLAVIRON Solal Equipier FDF FDF 1\nLEBEUF Arthur Equipier FDF FDF 1\nLEBEUF Jimmy Equipier FDF FDF 1\nLEBEUF S\u00e9bastien Equipier FDF FDF 1\nLE CARO Ang\u00e9lique Equipier FDF FDF 1\nLE CARO Jordan Equipier FDF & commando DIS FDF 1 & DIS FDF\nLEDUCQ Coleen Equipier FDF FDF 1\nLEGER Florian Equipier FDF FDF 1\nLEGROS Antoine Equipier FDF FDF 1\nLELABOUSSE Enzo Equipier FDF FDF 1\nLELABOUSSE Matthiew Equipier FDF FDF 1\nLELARGE Pierre-Yves Equipier FDF FDF 1\nLERAT-JOBARD Baptiste Equipier FDF FDF 1\nLESSART Jonathan Equipier FDF FDF 1\nLODS Romain Equipier FDF FDF 1\nLONGOBUCCO Fran\u00e7ois Equipier FDF FDF 1\nLOPES Valentin Equipier FDF FDF 1\nLUCAS K\u00e9vin Equipier FDF FDF 1\nMAGGIOTTO Laurent Equipier FDF FDF 1\nMAINGAULT Corentin Equipier FDF FDF 1\nMANCINI Nicolas Equipier FDF FDF 1\nMANGEMATIN Amaury Equipier FDF FDF 1\nMANZINALI Tanguy Equipier FDF FDF 1\nMARATRAY Brandon Equipier FDF FDF 1\nMARECHAL Maxence Equipier FDF FDF 1\nMARGOT Pierre Equipier FDF FDF 1\nMARTIN Alexis Equipier FDF FDF 1\nMARZAK Amir Equipier FDF FDF 1\nMATHON Oc\u00e9ane Equipier FDF FDF 1\nMATHY Lilian Equipier FDF FDF 1\nSDIS de C\u00f4te-d'Or - 21-2026-01-02-00004 - Liste d'aptitude op\u00e9rationnelle 2026 unit\u00e9 de lutte contre les feux de for\u00eats 69\nNom Pr\u00e9nom Emploi et activit\u00e9 compl\u00e9mentaire Formation\nMAZUE Eddy Equipier FDF FDF 1\nMERMAZ Emmanuel Equipier FDF FDF 1\nMEULNET Cyril Equipier FDF FDF 1\nMICHEL K\u00e9vin Equipier FDF FDF 1\nMIELLE Cl\u00e9mence Equipier FDF FDF 1\nMIGEON Matthieu Equipier FDF FDF 1\nMIGNOT VERGEOT C\u00e9dric Equipier FDF FDF 1\nMIRESSI Nicolas Equipier FDF FDF 1\nMIRMONT Jonathan Equipier FDF FDF 1\nMISSET S\u00e9bastien Equipier FDF FDF 1\nMOLE Romuald Equipier FDF FDF 1\nMONVAILLIER Julien Equipier FDF FDF 1\nMOSSON Arnaud Equipier FDF FDF 1\nMOUCHOUX Maxime Equipier FDF FDF 1\nMOUREAUX Anthony Equipier FDF FDF 1\nMOUSSERON Sophie Equipier FDF FDF 1\nMULLER Am\u00e9lie Equipier FDF FDF 1\nMUTEL Jorys Equipier FDF FDF 1\nMUTEL Lo\u00efc Equipier FDF FDF 1\nMUTIN Ludovic Equipier FDF FDF 1\nNAVAS-LOPEZ Axel Equipier FDF FDF 1\nNECTOUX Corentin Equipier FDF FDF 1\nNICOLAS Robin Equipier FDF FDF 1\nNIETO Jean-Claude Equipier FDF FDF 1\nOPET Jonathan Equipier FDF FDF 1\nORMANCEY St\u00e9phane Equipier FDF FDF 1\nPACAUD-PEREIRA Mathieu Equipier FDF FDF 1\nPALLEGOIX Julien Equipier FDF FDF 1\nPAPEZ Julien Equipier FDF FDF 1\nPARAT C\u00e9dric Equipier FDF FDF 1\nPARIS H\u00e9l\u00e9na Equipier FDF FDF 1\nPATIN Antoine Equipier FDF FDF 1\nPATOZ Camille Equipier FDF FDF 1\nPAYEBIN Alain Equipier FDF FDF 1\nPAYSAN Augustin Equipier FDF FDF 1\nPERCHOT J\u00e9r\u00e9my Equipier FDF FDF 1\nPEROT Olivier Equipier FDF FDF 1\nPERRIN Vincent Equipier FDF FDF 1\nPERROT Yannick Equipier FDF FDF 1\nPETIT Jean-Bernard Equipier FDF FDF 1\nPETIT-PIZZOLO Anthonin Equipier FDF FDF 1\nPETITGENET Antoine Equipier FDF FDF 1\nPETITJEAN Mathieu Equipier FDF FDF 1\nPIALAT Eddy Equipier FDF FDF 1\nPICARD J\u00e9r\u00e9my Equipier FDF FDF 1\nPIQUET Stefan Equipier FDF FDF 1\nPITOISET Julien Equipier FDF FDF 1\nPLAGNIARD Hugo Equipier FDF FDF 1\nPLAISIER J\u00e9r\u00e9my Equipier FDF FDF 1\nPLOTON Jessica Equipier FDF FDF 1\nPOCHEVEUX Martial Equipier FDF FDF 1\nSDIS de C\u00f4te-d'Or - 21-2026-01-02-00004 - Liste d'aptitude op\u00e9rationnelle 2026 unit\u00e9 de lutte contre les feux de for\u00eats 70\nNom Pr\u00e9nom Emploi et activit\u00e9 compl\u00e9mentaire Formation\nPOMMIER Jean-No\u00ebl Equipier FDF FDF 1\nPORCHERAY Guillaume Equipier FDF FDF 1\nPOUILLY Mathieu Equipier FDF & commando DIS FDF 1 & DIS FDF\nPOULET L\u00e9andre Equipier FDF FDF 1\nPOUPAULT Gaylord Equipier FDF FDF 1\nPOUPON Pierre Equipier FDF FDF 1\nPRADO Micha\u00ebl Equipier FDF FDF 1\nPRUDHON J\u00e9r\u00f4me Equipier FDF FDF 1\nQUELLIER Philippe Equipier FDF FDF 1\nQUENOT S\u00e9bastien Equipier FDF FDF 1\nQUINCEY Cyril Equipier FDF FDF 1\nRABUT Laurent Equipier FDF FDF 1\nRABUT Mathis Equipier FDF FDF 1\nRAGEAUD Nathan Equipier FDF FDF 1\nRAILLARD Quentin Equipier FDF FDF 1\nRAMM Mathieu Equipier FDF FDF 1\nRAYMOND Sylvain Equipier FDF FDF 1\nREBOUL Simon Equipier FDF FDF 1\nREITHLER Arnaud Equipier FDF FDF 1\nRENAUD David Equipier FDF FDF 1\nRENAUD Sandrine Equipier FDF FDF 1\nRENGEL Teddy Equipier FDF FDF 1\nRIGOLOT Ga\u00ebl Equipier FDF FDF 1\nRIMBEAULT Thomas Equipier FDF FDF 1\nRINGENBACH Yann Equipier FDF FDF 1\nROSE Audric Equipier FDF FDF 1\nROTH DIT BETTONI Guillaume Equipier FDF FDF 1\nROUGEGREZ Thomas Equipier FDF FDF 1\nROUILLON Philippe Equipier FDF FDF 1\nROUSSILLON Mathieu Equipier FDF FDF 1\nROYER Julien Equipier FDF FDF 1\nROZOTTE Chlo\u00e9 Equipier FDF FDF 1\nSAPIN Philippe Equipier FDF FDF 1\nSARRAZIN Pauline Equipier FDF FDF 1\nSASSI Jordan Equipier FDF FDF 1\nSAUSSIER Julien Equipier FDF FDF 1\nSCHEMBRI Agathe Equipier FDF FDF 1\nSEVESTRE J\u00e9r\u00e9my Equipier FDF FDF 1\nSILLY Pierre Equipier FDF FDF 1\nSILVESTRE Ethan Equipier FDF FDF 1\nSIMONOT Chlo\u00e9 Equipier FDF FDF 1\nSIMONOT Cl\u00e9ment Equipier FDF & commando DIS FDF 1 & DIS FDF\nSIVET Florent Equipier FDF FDF 1\nSOMMET Christophe Equipier FDF FDF 1\nSTALL Paul Equipier FDF FDF 1\nSUCHETET Thomas Equipier FDF FDF 1\nSULPIZIO Bastien Equipier FDF FDF 1\nTARTERET Cindy Equipier FDF FDF 1\nTERRIER Nicolas Equipier FDF FDF 1\nTEYSSIER Anthony Equipier FDF FDF 1\nTHOMAS Nicolas Equipier FDF FDF 1\nSDIS de C\u00f4te-d'Or - 21-2026-01-02-00004 - Liste d'aptitude op\u00e9rationnelle 2026 unit\u00e9 de lutte contre les feux de for\u00eats 71\nLe pr\u00e9fet,Pour le pr\u00e9fet et par d\u00e9l\u00e9gation,La sous-pr\u00e9f\u00e8te, directrice de cabinet,Sign\u00e9Aur\u00e9lie CONTRECIVILE\nNom Pr\u00e9nom Emploi et activit\u00e9 compl\u00e9mentaire Formation\nTILLET J\u00e9r\u00f4me Equipier FDF FDF 1\nTILLIER Arthur Equipier FDF FDF 1\nTIREL Marius Equipier FDF FDF 1\nTOLLIS Anthony Equipier FDF FDF 1\nTOURDIAS Aur\u00e9lien Equipier FDF FDF 1\nTOURRIER Eva Equipier FDF FDF 1\nTRAME Romain Equipier FDF FDF 1\nTREDEZ Victor Equipier FDF FDF 1\nTROUSSARD Nicolas Equipier FDF FDF 1\nTURC Rapha\u00ebl Equipier FDF FDF 1\nTUVACHE Micka\u00ebl Equipier FDF FDF 1\nVACHEROT Fr\u00e9d\u00e9ric Equipier FDF FDF 1\nVADOT Pierre Thierry Equipier FDF FDF 1\nVADROT Martin Equipier FDF FDF 1\nVANDENSKRICK Damien Equipier FDF FDF 1\nVEFOND Sylvain Equipier FDF FDF 1\nVELLUET Ludovic Equipier FDF FDF 1\nVELTEN Tony Equipier FDF FDF 1\nVIELLARD Ana\u00efs Equipier FDF FDF 1\nVIGNEAU Anne-Claire Equipier FDF FDF 1\nVOINCHET Etienne Equipier FDF FDF 1\nWALLET Florent Equipier FDF FDF 1\nWRAZEN Lo\u00efc Equipier FDF FDF 1\nDECHAUME Sylvain Investigateur RCCI RCCI FDF\nDUVERNOIS Arnaud Investigateur RCCI RCCI FDF\n* R\u00e9f\u00e9rent de sp\u00e9cialit\u00e9 \u00ab lutte contre les feux de for\u00eats \u00bb\nArticle 2 : Seuls les sapeurs-pompiers aptes \u00e0 la constitution des colonnes mobiles de secours (CMS)\ninscrits sur la liste d\u00e9finie en article 1, sont susceptibles d'\u00eatre engag\u00e9s sur des interventions en colonnes\nmobiles de secours \u00ab feux de for\u00eats \u00bb.\nArticle 3 : La sous-pr\u00e9f\u00e8te, directrice de cabinet et le directeur d\u00e9partemental des services d'incendie et de\nsecours sont charg\u00e9s, chacun en ce qui le concerne, de l'ex\u00e9cution du pr\u00e9sent arr\u00eat\u00e9 qui sera publi\u00e9 au\nrecueil des actes administratifs de la pr\u00e9fecture de la C\u00f4te-d'Or.\nDijon, le 02 janvier 2026\nLe pr\u00e9fet,\nSDIS de C\u00f4te-d'Or - 21-2026-01-02-00004 - Liste d'aptitude op\u00e9rationnelle 2026 unit\u00e9 de lutte contre les feux de for\u00eats 72\nSDIS de C\u00f4te-d'Or\n21-2026-01-02-00006\nListe d'aptitude op\u00e9rationnelle 2026 unit\u00e9 de\nlutte contre les risques chimiques\nSDIS de C\u00f4te-d'Or - 21-2026-01-02-00006 - Liste d'aptitude op\u00e9rationnelle 2026 unit\u00e9 de lutte contre les risques chimiques 73\nPREFETDELACOTE-D'ORLibert\u00e9Egalit\u00e9Fraternit\u00e9\nVARJ\\Zz J \u00e0 j\n|\n|22 D Boulevard Winston ChurchillCS 16209 - 21 062 DIJON CedexSDIS de la C\u00f4te-d'Or\nArr\u00eat\u00e9\nPortant sur la liste d'aptitude op\u00e9rationnelle\nUnit\u00e9 de lutte face aux risques chimiques\nAnn\u00e9e 2026\nLe pr\u00e9fet de la C\u00f4te-d'Or\nVu le code g\u00e9n\u00e9ral des collectivit\u00e9s territoriales et particuli\u00e8rement l'article R 1424-54 ;\nVu  l'arr\u00eat\u00e9 du 6 mai 2000 modifi\u00e9 fixant les conditions d'aptitudes m\u00e9dicales des sapeurs-pompiers professionnels et\nvolontaires ;\nVu l'arr\u00eat\u00e9 du 22 ao\u00fbt 2019 relatif aux formations des sapeurs-pompiers professionnels et volontaires ;\nVu l'arr\u00eat\u00e9 du 15 juillet 2022 relatif \u00e0 la d\u00e9signation et aux missions des r\u00e9f\u00e9rents de sp\u00e9cialit\u00e9s mentionn\u00e9s \u00e0 l'article\nR. 722-1 du code de la s\u00e9curit\u00e9 int\u00e9rieure ;\nVu l'arr\u00eat\u00e9 pr\u00e9fectoral du 18 septembre 2020 fixant la liste des unit\u00e9s op\u00e9rationnelles sp\u00e9cialis\u00e9es ;\nVu le r\u00e8glement op\u00e9rationnel du service d\u00e9partemental d'incendie et de secours de la C\u00f4te-d'Or en date du 06 octobre\n2021 ;\nVu le SDACR approuv\u00e9 par arr\u00eat\u00e9 pr\u00e9fectoral n\u00b0 1808 du 22 d\u00e9cembre 2023 ;\nVu le guide national de r\u00e9f\u00e9rence relatif aux risques chimiques ;\nVu la participation des agents d\u00e9sign\u00e9s aux activit\u00e9s de formation de maintien et de perfectionnement des acquis ;\nVu le nombre de conseillers technique risques chimiques (3), de conseiller technique risques biologiques (1), de chefs\nde CMIC ( 13), de chefs d'\u00e9quipe/\u00e9quipiers intervention RCH ( 61), de chefs d'\u00e9quipe/\u00e9quipiers reconnaissance RCH\n(38) ;\nSur proposition de monsieur le directeur d\u00e9partemental des services d'incendie et de secours ;\nARR\u00caTE\nArticle 1 : La liste annuelle d\u00e9partementale d'aptitude op\u00e9rationnelle des sapeurs-pompiers de l'unit\u00e9 \u00ab  lutte\nface aux risques chimiques\u00bb du d\u00e9partement de la C\u00f4te-d'Or s'\u00e9tablit comme suit :\nNom Pr\u00e9nom Emploi op\u00e9rationnel Formation\nBOLTZ Bruno * Conseiller technique risques\nchimiques RCH 4\nCH\u00c2TILLON-OUVRARD Larry Conseiller technique risques\nchimiques RCH 4\nLEPOUTERE Bertrand Conseiller technique risques\nchimiques RCH 4\nCHAUSSADE Thomas Conseiller technique risques\nbiologiques /\nBIDAU Cyril Chef de CMIC RCH 3\nDENYS H\u00e9l\u00e8ne Chef de CMIC RCH 3\nDESCHAMPS Olivier Chef de CMIC RCH 3\nDOMBEK Christophe Chef de CMIC RCH 3\nSDIS de C\u00f4te-d'Or - 21-2026-01-02-00006 - Liste d'aptitude op\u00e9rationnelle 2026 unit\u00e9 de lutte contre les risques chimiques 74\nNom Pr\u00e9nom Emploi op\u00e9rationnel Formation\nDUVERNOIS Arnaud Chef de CMIC RCH 3\nLAMBERT Jean-Robert Chef de CMIC RCH 3\nMELOT Christophe Chef de CMIC RCH 3\nPREIONI Christian Chef de CMIC RCH 3\nRENAUD Sandrine Chef de CMIC RCH 3\nROUCHE St\u00e9phane Chef de CMIC RCH 3\nSAUSSERET Jean-Michel Chef de CMIC RCH 3\nSENOT Alexandre Chef de CMIC RCH 3\nVERREY Cyril Chef de CMIC RCH 3\nANGUENOT Lucas Chef d'\u00e9quipe intervention RCH RCH 2\nBALLAIS Sylvain Chef d'\u00e9quipe intervention RCH RCH 2\nBENIER C\u00e9dric Chef d'\u00e9quipe intervention RCH RCH 2\nBERNASCONI Reynald Chef d'\u00e9quipe intervention RCH RCH 2\nBOUCHE Luca Chef d'\u00e9quipe intervention RCH RCH 2\nBOUCHER Thomas Chef d'\u00e9quipe intervention RCH RCH 2\nBOURGEOIS Blandine Chef d'\u00e9quipe intervention RCH RCH 2\nBRIDON Fran\u00e7ois Chef d'\u00e9quipe intervention RCH RCH 2\nBRIYS Ludovic Chef d'\u00e9quipe intervention RCH RCH 2\nBRULEY Jean-No\u00ebl Chef d'\u00e9quipe intervention RCH RCH 2\nCALAFATO Alexandre Chef d'\u00e9quipe intervention RCH RCH 2\nCAMUS David Chef d'\u00e9quipe intervention RCH RCH 2\nCAVARELLI Nicolas Chef d'\u00e9quipe intervention RCH RCH 2\nCHAMPDAVEINE David Chef d'\u00e9quipe intervention RCH RCH 2\nCHANUT Lilian Chef d'\u00e9quipe intervention RCH RCH 2\nCHRETIEN Pierre Chef d'\u00e9quipe intervention RCH RCH 2\nCLET C\u00e9cile Chef d'\u00e9quipe intervention RCH RCH 2\nCOMBES Cl\u00e9ment Chef d'\u00e9quipe intervention RCH RCH 2\nDESSENDRE Romain Chef d'\u00e9quipe intervention RCH RCH 2\nDUMONT Quentin Chef d'\u00e9quipe intervention RCH RCH 2\nDURAND Florian Chef d'\u00e9quipe intervention RCH RCH 2\nDURAND Fr\u00e9d\u00e9ric Chef d'\u00e9quipe intervention RCH RCH 2\nDURAND Maxime Chef d'\u00e9quipe intervention RCH RCH 2\nETIENNE Christophe Chef d'\u00e9quipe intervention RCH RCH 2\nFLECHARD Julien Chef d'\u00e9quipe intervention RCH RCH 2\nFOUTELET Jo\u00ebl Chef d'\u00e9quipe intervention RCH RCH 2\nGARMATUK Cyril Chef d'\u00e9quipe intervention RCH RCH 2\nGEST Sylvain Chef d'\u00e9quipe intervention RCH RCH 2\nGILLOT Adrien Chef d'\u00e9quipe intervention RCH RCH 2\nGRAND Micka\u00ebl Chef d'\u00e9quipe intervention RCH RCH 2\nJAUDAUX David Chef d'\u00e9quipe intervention RCH RCH 2\nJEANNIN S\u00e9bastien Chef d'\u00e9quipe intervention RCH RCH 2\nJOUVELOT Olivier Chef d'\u00e9quipe intervention RCH RCH 2\nKARROUM Hakim Chef d'\u00e9quipe intervention RCH RCH 2\nSDIS de C\u00f4te-d'Or - 21-2026-01-02-00006 - Liste d'aptitude op\u00e9rationnelle 2026 unit\u00e9 de lutte contre les risques chimiques 75\nNom Pr\u00e9nom Emploi op\u00e9rationnel Formation\nLAGNIER Laurent Chef d'\u00e9quipe intervention RCH RCH 2\nLEGROS Antoine Chef d'\u00e9quipe intervention RCH RCH 2\nLEGROS C\u00e9line Chef d'\u00e9quipe intervention RCH RCH 2\nLELARGE Pierre-Yves Chef d'\u00e9quipe intervention RCH RCH 2\nMARDAOUI Mouhssine Chef d'\u00e9quipe intervention RCH RCH 2\nMENAGE Christophe Chef d'\u00e9quipe intervention RCH RCH 2\nNOUR Yassine Chef d'\u00e9quipe intervention RCH RCH 2\nPAGEOT Anthony Chef d'\u00e9quipe intervention RCH RCH 2\nPICARD J\u00e9r\u00e9my Chef d'\u00e9quipe intervention RCH RCH 2\nPIGNET Olivier Chef d'\u00e9quipe intervention RCH RCH 2\nPLAISIER J\u00e9r\u00e9my Chef d'\u00e9quipe intervention RCH RCH 2\nPOMMIER Jean-No\u00ebl Chef d'\u00e9quipe intervention RCH RCH 2\nPRADO Micha\u00ebl Chef d'\u00e9quipe intervention RCH RCH 2\nREMBERT Thomas Chef d'\u00e9quipe intervention RCH RCH 2\nREMOND Ga\u00ebtan Chef d'\u00e9quipe intervention RCH RCH 2\nRENAUD Thomas Chef d'\u00e9quipe intervention RCH RCH 2\nRICHARD Laurent Chef d'\u00e9quipe intervention RCH RCH 2\nSAAD Yassine Chef d'\u00e9quipe intervention RCH RCH 2\nSAGET Lo\u00efc Chef d'\u00e9quipe intervention RCH RCH 2\nSEURIOT Guillaume Chef d'\u00e9quipe intervention RCH RCH 2\nTHOMAS Christophe Chef d'\u00e9quipe intervention RCH RCH 2\nTHOMERE Alexandre Chef d'\u00e9quipe intervention RCH RCH 2\nTRAME Romain Chef d'\u00e9quipe intervention RCH RCH 2\nVANDENSKRICK Julien Chef d'\u00e9quipe intervention RCH RCH 2\nVAXILLAIRE Yann Chef d'\u00e9quipe intervention RCH RCH 2\nVOILLEQUIN Venceslas Chef d'\u00e9quipe intervention RCH RCH 2\nBATAILLE Quentin Equipier intervention RCH RCH 2\nBARDET Mathieu Chef d'\u00e9quipe reconnaissance RCH RCH 1\nBRUNET Morgan Chef d'\u00e9quipe reconnaissance RCH RCH 1\nCAO THANH Emmanuel Chef d'\u00e9quipe reconnaissance RCH RCH 1\nCHAKRI Tarik Chef d'\u00e9quipe reconnaissance RCH RCH 1\nCHEVALIER Victor Chef d'\u00e9quipe reconnaissance RCH RCH 1\nCONVERT Cyril Chef d'\u00e9quipe reconnaissance RCH RCH 1\nDAUD Jean-Baptiste Chef d'\u00e9quipe reconnaissance RCH RCH 1\nDUBIEF Mathieu Chef d'\u00e9quipe reconnaissance RCH RCH 1\nDUPLUS Aur\u00e9lien Chef d'\u00e9quipe reconnaissance RCH RCH 1\nFEUGERE Ma\u00ebl Chef d'\u00e9quipe reconnaissance RCH RCH 1\nFOUTELET Christian Chef d'\u00e9quipe reconnaissance RCH RCH 1\nGEORGES Maxime Chef d'\u00e9quipe reconnaissance RCH RCH 1\nHANNETON Gabin Chef d'\u00e9quipe reconnaissance RCH RCH 1\nJUPILLE Thomas Chef d'\u00e9quipe reconnaissance RCH RCH 1\nLEFOL Geoffroy Chef d'\u00e9quipe reconnaissance RCH RCH 1\nMESPOULHES Yann Chef d'\u00e9quipe reconnaissance RCH RCH 1\nSDIS de C\u00f4te-d'Or - 21-2026-01-02-00006 - Liste d'aptitude op\u00e9rationnelle 2026 unit\u00e9 de lutte contre les risques chimiques 76\nLe pr\u00e9fet,Pour le pr\u00e9fet et par d\u00e9l\u00e9gation,La sous-pr\u00e9f\u00e8te, directrice de cabinet,Sign\u00e9Aur\u00e9lie CONTRECIVILE\nNom Pr\u00e9nom Emploi op\u00e9rationnel Formation\nMORINEAU Damien Chef d'\u00e9quipe reconnaissance RCH RCH 1\nPAINBLANC Steve Chef d'\u00e9quipe reconnaissance RCH RCH 1\nPATOZ Camille Chef d'\u00e9quipe reconnaissance RCH RCH 1\nPIGNON S\u00e9bastien Chef d'\u00e9quipe reconnaissance RCH RCH 1\nPOULLOT Maryne Chef d'\u00e9quipe reconnaissance RCH RCH 1\nREBOUL Simon Chef d'\u00e9quipe reconnaissance RCH RCH 1\nRIGOLOT Ga\u00ebl Chef d'\u00e9quipe reconnaissance RCH RCH 1\nTAUBATY Vincent Chef d'\u00e9quipe reconnaissance RCH RCH 1\nTILLIER Arthur Chef d'\u00e9quipe reconnaissance RCH RCH 1\nVAILLE Olivier Chef d'\u00e9quipe reconnaissance RCH RCH 1\nBONNARD Valentin Equipier reconnaissance RCH RCH 1\nBRUNOT Baptiste Equipier reconnaissance RCH RCH 1\nCORDON Maxime Equipier reconnaissance RCH RCH 1\nCORTEVAT Carine Equipier reconnaissance RCH RCH 1\nGARCIA Manuel Equipier reconnaissance RCH RCH 1\nPACAUD PEREIRA Mathieu Equipier reconnaissance RCH RCH 1\nPLOTON Jessica Equipier reconnaissance RCH RCH 1\nSCHNOEBELEN Manon Equipier reconnaissance RCH RCH 1\nSIESKIND Paul-Hugo Equipier reconnaissance RCH RCH 1\nTHEVENET-POIFOL Benjamin Equipier reconnaissance RCH RCH 1\nVILLEGAS Baptiste Equipier reconnaissance RCH RCH 1\nWARNANT Lucien Equipier reconnaissance RCH RCH 1\n* R\u00e9f\u00e9rent de sp\u00e9cialit\u00e9 \u00ab risques chimiques \u00bb\nArticle 2 : La sous-pr\u00e9f\u00e8te, directrice de cabinet, et le directeur d\u00e9partemental des services d'incendie et de\nsecours sont charg\u00e9s, chacun en ce qui le concerne, de l'ex\u00e9cution du pr\u00e9sent arr\u00eat\u00e9 qui sera publi\u00e9 au\nrecueil des actes administratifs de la pr\u00e9fecture de la C\u00f4te-d'Or.\nDijon, le 02 janvier 2026\nLe pr\u00e9fet,\nSDIS de C\u00f4te-d'Or - 21-2026-01-02-00006 - Liste d'aptitude op\u00e9rationnelle 2026 unit\u00e9 de lutte contre les risques chimiques 77\nSDIS de C\u00f4te-d'Or\n21-2026-01-02-00005\nListe d'aptitude op\u00e9rationnelle 2026 unit\u00e9 de\nlutte contre les risques radiologiques\nSDIS de C\u00f4te-d'Or - 21-2026-01-02-00005 - Liste d'aptitude op\u00e9rationnelle 2026 unit\u00e9 de lutte contre les risques radiologiques 78\nPREFETDELACOTE-D'ORLibert\u00e9Egalit\u00e9Fraternit\u00e9\nVARJ\\Zz J \u00e0 j\n|\n|22 D Boulevard Winston ChurchillCS 16209 - 21 062 DIJON CedexSDIS de la C\u00f4te-d'Or\nArr\u00eat\u00e9\nPortant sur la liste d'aptitude op\u00e9rationnelle\nUnit\u00e9 de lutte face aux risques radioactifs\nAnn\u00e9e 2026\nLe pr\u00e9fet de la C\u00f4te-d'Or\nVu le code g\u00e9n\u00e9ral des collectivit\u00e9s territoriales et particuli\u00e8rement l'article R 1424-54 ;\nVu  l'arr\u00eat\u00e9 du 6 mai 2000 modifi\u00e9 fixant les conditions d'aptitudes m\u00e9dicales des sapeurs-pompiers professionnels et\nvolontaires ;\nVu l'arr\u00eat\u00e9 du 22 ao\u00fbt 2019 relatif aux formations des sapeurs-pompiers professionnels et volontaires ;\nVu l'arr\u00eat\u00e9 du 15 juillet 2022 relatif \u00e0 la d\u00e9signation et aux missions des r\u00e9f\u00e9rents de sp\u00e9cialit\u00e9s mentionn\u00e9s \u00e0 l'article\nR. 722-1 du code de la s\u00e9curit\u00e9 int\u00e9rieure ;\nVu l'arr\u00eat\u00e9 pr\u00e9fectoral du 18 septembre 2020 fixant la liste des unit\u00e9s op\u00e9rationnelles sp\u00e9cialis\u00e9es ;\nVu le r\u00e8glement op\u00e9rationnel du service d\u00e9partemental d'incendie et de secours de la C\u00f4te-d'Or en date du 06 octobre\n2021 ;\nVu le SDACR approuv\u00e9 par arr\u00eat\u00e9 pr\u00e9fectoral n\u00b0 1808 du 22 d\u00e9cembre 2023 ;\nVu le guide national de r\u00e9f\u00e9rence relatif aux risques radiologiques ;\nVu la participation des agents d\u00e9sign\u00e9s aux activit\u00e9s de formation de maintien et de perfectionnement des acquis ;\nVu le nombre de conseillers technique risques radiologiques (2), de chefs de CMIR ( 8), de chefs d'\u00e9quipe ou \u00e9quipiers\nintervention (34), de chefs d'\u00e9quipe reconnaissance (9) ;\nSur proposition de monsieur le directeur d\u00e9partemental des services d'incendie et de secours ;\nARR\u00caTE\nArticle 1 : La liste annuelle d\u00e9partementale d'aptitude op\u00e9rationnelle des sapeurs-pompiers de l'unit\u00e9 \u00ab  lutte\nface aux risques radiologiques \u00bb du d\u00e9partement de la C\u00f4te-d'Or s'\u00e9tablit comme suit : \nNom Pr\u00e9nom Emploi op\u00e9rationnel Formation\nDUPONT Luc* Conseiller technique risques\nradiologiques RAD 4\nDOMBEK Christophe** Conseiller technique risques\nradiologiques RAD 4\nBARDET Mathieu Chef de CMIR RAD 3\nDESCHAMPS Olivier Chef de CMIR RAD 3\nDUVERNOIS Arnaud Chef de CMIR RAD 3\nGABORIEAU Laurent Chef de CMIR RAD 3\nPREIONI Christian Chef de CMIR RAD 3\nROUCHE St\u00e9phane Chef de CMIR RAD 3\nSAUSSERET Jean-Michel Chef de CMIR RAD 3\nSDIS de C\u00f4te-d'Or - 21-2026-01-02-00005 - Liste d'aptitude op\u00e9rationnelle 2026 unit\u00e9 de lutte contre les risques radiologiques 79\nNom Pr\u00e9nom Emploi op\u00e9rationnel Formation\nTHEUREL J\u00e9r\u00f4me Chef de CMIR RAD 3\nANGUENOT Lucas Chef d'\u00e9quipe intervention RAD RAD 2\nBELDJOUDI J\u00e9r\u00f4me Chef d'\u00e9quipe intervention RAD RAD 2\nBENIER C\u00e9dric Chef d'\u00e9quipe intervention RAD RAD 2\nBERNASCONI Reynald Chef d'\u00e9quipe intervention RAD RAD 2\nBRIDON Fran\u00e7ois Chef d'\u00e9quipe intervention RAD RAD 2\nCALAFATO Alexandre Chef d'\u00e9quipe intervention RAD RAD 2\nCAMUS David Chef d'\u00e9quipe intervention RAD RAD 2\nCHAMPDAVEINE David Chef d'\u00e9quipe intervention RAD RAD 2\nCLET C\u00e9cile Chef d'\u00e9quipe intervention RAD RAD 2\nCOMBES Cl\u00e9ment Chef d'\u00e9quipe intervention RAD RAD 2\nDENYS H\u00e9l\u00e8ne Chef d'\u00e9quipe intervention RAD RAD 2\nDURAND Fr\u00e9d\u00e9ric Chef d'\u00e9quipe intervention RAD RAD 2\nGEST Sylvain Chef d'\u00e9quipe intervention RAD RAD 2\nGRAND Micka\u00ebl Chef d'\u00e9quipe intervention RAD RAD 2\nJEANNIN S\u00e9bastien Chef d'\u00e9quipe intervention RAD RAD 2\nKARROUM Hakim Chef d'\u00e9quipe intervention RAD RAD 2\nMAGGIOTTO Laurent Chef d'\u00e9quipe intervention RAD RAD 2\nMELOT Christophe Chef d'\u00e9quipe intervention RAD RAD 2\nMENAGE Christophe Chef d'\u00e9quipe intervention RAD RAD 2\nNOUR Yassine Chef d'\u00e9quipe intervention RAD RAD 2\nPICARD J\u00e9r\u00e9my Chef d'\u00e9quipe intervention RAD RAD 2\nPIGNET Olivier Chef d'\u00e9quipe intervention RAD RAD 2\nPOMMIER Jean-No\u00ebl Chef d'\u00e9quipe intervention RAD RAD 2\nPRADO Micha\u00ebl Chef d'\u00e9quipe intervention RAD RAD 2\nRICHARD Laurent Chef d'\u00e9quipe intervention RAD RAD 2\nSAGET Lo\u00efc Chef d'\u00e9quipe intervention RAD RAD 2\nSENOT Alexandre Chef d'\u00e9quipe intervention RAD RAD 2\nSEURIOT Guillaume Chef d'\u00e9quipe intervention RAD RAD 2\nTHOMERE Alexandre Chef d'\u00e9quipe intervention RAD RAD 2\nTRAME Romain Chef d'\u00e9quipe intervention RAD RAD 2\nVANDENSKRICK Julien Chef d'\u00e9quipe intervention RAD RAD 2\nVILBOUX Romain Chef d'\u00e9quipe intervention RAD RAD 2\nPACAUD-PEREIRA Mathieu Equipier intervention RAD RAD 2\nPLAISIER J\u00e9r\u00e9my Equipier intervention RAD RAD 2\nDAUD Jean-Baptiste Chef d'\u00e9quipe reconnaissance RAD RAD 1\nDUMONT Quentin Chef d'\u00e9quipe reconnaissance RAD RAD 1\nDURAND Florian Chef d'\u00e9quipe reconnaissance RAD RAD 1\nFEUGERE Ma\u00ebl Chef d'\u00e9quipe reconnaissance RAD RAD 1\nLAGNIER Laurent Chef d'\u00e9quipe reconnaissance RAD RAD 1\nREBOUL Simon Chef d'\u00e9quipe reconnaissance RAD RAD 1\nREMBERT Thomas Chef d'\u00e9quipe reconnaissance RAD RAD 1\nSAAD Yassine Chef d'\u00e9quipe reconnaissance RAD RAD 1\nSDIS de C\u00f4te-d'Or - 21-2026-01-02-00005 - Liste d'aptitude op\u00e9rationnelle 2026 unit\u00e9 de lutte contre les risques radiologiques 80\nLe pr\u00e9fet,Pour le pr\u00e9fet et par d\u00e9l\u00e9gation,La sous-pr\u00e9f\u00e9te, directrice de cabinet,Sign\u00e9Aur\u00e9lie CONTRECIVILE\nNom Pr\u00e9nom Emploi op\u00e9rationnel Formation\nTILLIER Arthur Chef d'\u00e9quipe reconnaissance RAD RAD 1\n* R\u00e9f\u00e9rent de sp\u00e9cialit\u00e9 \u00ab risques radiologiques \u00bb\n** R\u00e9f\u00e9rent de sp\u00e9cialit\u00e9 adjoint \u00ab risques radiologiques \u00bb\nArticle 2 : La sous-pr\u00e9f\u00e8te, directrice de cabinet, et le directeur d\u00e9partemental des services d'incendie et de\nsecours sont charg\u00e9s, chacun en ce qui le concerne, de l'ex\u00e9cution du pr\u00e9sent arr\u00eat\u00e9 qui sera publi\u00e9 au\nrecueil des actes administratifs de la pr\u00e9fecture de la C\u00f4te-d'Or.\nDijon, le 02 janvier 2026\nLe pr\u00e9fet,\nSDIS de C\u00f4te-d'Or - 21-2026-01-02-00005 - Liste d'aptitude op\u00e9rationnelle 2026 unit\u00e9 de lutte contre les risques radiologiques 81\nSDIS de C\u00f4te-d'Or\n21-2026-01-02-00009\nListe d'aptitude op\u00e9rationnelle 2026 unit\u00e9 de\nsauvetage en milieu p\u00e9rilleux et montagne\nSDIS de C\u00f4te-d'Or - 21-2026-01-02-00009 - Liste d'aptitude op\u00e9rationnelle 2026 unit\u00e9 de sauvetage en milieu p\u00e9rilleux et montagne 82\nPREFETDELACOTE-D'ORLibert\u00e9Egalit\u00e9Fraternit\u00e9\nVARJ\\Zz J \u00e0 j\n|\n|22 D Boulevard Winston ChurchillCS 16209 - 21 062 DIJON CedexSDIS de la C\u00f4te-d'Or\nArr\u00eat\u00e9\nPortant sur la liste d'aptitude op\u00e9rationnelle\nUnit\u00e9 secours en milieu p\u00e9rilleux et montagne\nAnn\u00e9e 2026\nLe pr\u00e9fet de la C\u00f4te-d'Or\nVu le code g\u00e9n\u00e9ral des collectivit\u00e9s territoriales et particuli\u00e8rement l'article R 1424-54 ;\nVu  l'arr\u00eat\u00e9 du 6 mai 2000 modifi\u00e9 fixant les conditions d'aptitudes m\u00e9dicales des sapeurs-pompiers professionnels et\nvolontaires ;\nVu l'arr\u00eat\u00e9 du 22 ao\u00fbt 2019 relatif aux formations des sapeurs-pompiers professionnels et volontaires ;\nVu l'arr\u00eat\u00e9 du 15 juillet 2022 relatif \u00e0 la d\u00e9signation et aux missions des r\u00e9f\u00e9rents de sp\u00e9cialit\u00e9s mentionn\u00e9s \u00e0 l'article\nR. 722-1 du code de la s\u00e9curit\u00e9 int\u00e9rieure ;\nVu l'arr\u00eat\u00e9 pr\u00e9fectoral du 18 septembre 2020 fixant la liste des unit\u00e9s op\u00e9rationnelles ;\nVu le r\u00e8glement op\u00e9rationnel du service d\u00e9partemental d'incendie et de secours de la C\u00f4te-d'Or en date du 06 octobre\n2021 ;\nVu le SDACR approuv\u00e9 par arr\u00eat\u00e9 pr\u00e9fectoral n\u00b0 1808 du 22 d\u00e9cembre 2023 ;\nVu le guide de doctrine op\u00e9rationnelle \u00ab interventions en milieux p\u00e9rilleux et montagne \u00bb de juin 2021 ;\nVu la participation des agents d\u00e9sign\u00e9s aux activit\u00e9s de formation de maintien et de perfectionnement des acquis ;\nVu le nombre de chefs d'unit\u00e9 (8), de sauveteurs (19) ;\nSur proposition de monsieur le directeur d\u00e9partemental des services d'incendie et de secours ;\nARR\u00caTE\nArticle 1 : La  liste  annuelle  d\u00e9partementale  d'aptitude  op\u00e9rationnelle  des  sapeurs-pompiers  de  l'unit\u00e9\n\u00ab secours en milieu p\u00e9rilleux et montagne \u00bb du d\u00e9partement de la C\u00f4te-d'Or s'\u00e9tablit comme suit : \nNom Pr\u00e9nom Emploi op\u00e9rationnel Mention compl\u00e9mentaire\nJALLAT G\u00e9rard * Chef d'unit\u00e9 SMPM Intervention en site souterrain\nCOLLIN Julien ** Chef d'unit\u00e9 SMPM Intervention en site souterrain\nBERNARD S\u00e9bastien Chef d'unit\u00e9 SMPM Intervention en site souterrain\nCUFF Nicolas Chef d'unit\u00e9 SMPM Intervention en site souterrain\nFARNIER R\u00e9mi Chef d'unit\u00e9 SMPM Intervention en site souterrain\nGUERARD S\u00e9bastien Chef d'unit\u00e9 SMPM Intervention en site souterrain\nLEGRAND S\u00e9bastien Chef d'unit\u00e9 SMPM Intervention en site souterrain\nVANDENSKRICK Damien Chef d'unit\u00e9 SMPM Intervention en site souterrain\nSDIS de C\u00f4te-d'Or - 21-2026-01-02-00009 - Liste d'aptitude op\u00e9rationnelle 2026 unit\u00e9 de sauvetage en milieu p\u00e9rilleux et montagne 83\nLe pr\u00e9fet,Pour le pr\u00e9fet et par d\u00e9l\u00e9gation,La sous-pr\u00e9f\u00e8te, directrice de cabinet,Sign\u00e9Aur\u00e9lie CONTRECIVILE\nNom Pr\u00e9nom Emploi op\u00e9rationnel Mention compl\u00e9mentaire\nBOUTIN L\u00e9o Sauveteur SMPM /\nCOMMARET Guillaume Sauveteur SMPM Intervention en site souterrain\nCORDIER Emmanuel Sauveteur SMPM /\nCORTOT Tony Sauveteur SMPM Intervention en site souterrain\nDAMIENS Jean-Baptiste Sauveteur SMPM Intervention en site souterrain\nDEVAUX Jean-Christophe Sauveteur SMPM Intervention en site souterrain\nDUCHESNE Bertrand Sauveteur SMPM Intervention en site souterrain\nDURUPT Quentin Sauveteur SMPM Intervention en site souterrain\nGOUJON S\u00e9bastien Sauveteur SMPM Intervention en site souterrain\nHAETTICH Jordan Sauveteur SMPM /\nHERMAIZE Anthony Sauveteur SMPM Intervention en site souterrain\nHOBENICHE Anthony Sauveteur SMPM Intervention en site souterrain\nINTILIA Damien Sauveteur SMPM /\nPALLEGOIX Julien Sauveteur SMPM Intervention en site souterrain\nPOUESSEL Wilfried Sauveteur SMPM Intervention en site souterrain\nRAPHA Anthony Sauveteur SMPM Intervention en site souterrain\nRENAUD Lucas Sauveteur SMPM /\nRESZKIEWICZ Bruno Sauveteur SMPM Intervention en site souterrain\nWRAZEN Lo\u00efc Sauveteur SMPM Intervention en site souterrain\n* R\u00e9f\u00e9rent de sp\u00e9cialit\u00e9 \u00ab secours en milieu p\u00e9rilleux et montagne \u00bb\n** R\u00e9f\u00e9rent de sp\u00e9cialit\u00e9 adjoint \u00ab secours en milieu p\u00e9rilleux et montagne \u00bb\nArticle 2 : La sous-pr\u00e9f\u00e8te, directrice de cabinet, et le directeur d\u00e9partemental des services d'incendie et de\nsecours sont charg\u00e9s, chacun en ce qui le concerne, de l'ex\u00e9cution du pr\u00e9sent arr\u00eat\u00e9 qui sera publi\u00e9 au\nrecueil des actes administratifs de la pr\u00e9fecture de la C\u00f4te-d'Or.\nDijon, le 02 janvier 2026\nLe pr\u00e9fet,\nSDIS de C\u00f4te-d'Or - 21-2026-01-02-00009 - Liste d'aptitude op\u00e9rationnelle 2026 unit\u00e9 de sauvetage en milieu p\u00e9rilleux et montagne 84\nSDIS de C\u00f4te-d'Or\n21-2026-01-02-00007\nListe d'aptitude op\u00e9rationnelle 2026 unit\u00e9\nsauvetage d\u00e9blaiement\nSDIS de C\u00f4te-d'Or - 21-2026-01-02-00007 - Liste d'aptitude op\u00e9rationnelle 2026 unit\u00e9 sauvetage d\u00e9blaiement 85\nPREFETDELACOTE-D'ORLibert\u00e9Egalit\u00e9Fraternit\u00e9 22 D Boulevard Winston ChurchillCS 16209 - 21 062 DIJON CedexSDIS de la C\u00f4te-d'Or\nArr\u00eat\u00e9\nPortant sur la liste d'aptitude op\u00e9rationnelle\nUnit\u00e9 de sauvetage d\u00e9blaiement\nAnn\u00e9e 2026\nLe pr\u00e9fet de la C\u00f4te-d'Or\nVu le code g\u00e9n\u00e9ral des collectivit\u00e9s territoriales et particuli\u00e8rement l'article R 1424-54 ;\nVu  l'arr\u00eat\u00e9 du 6 mai 2000 modifi\u00e9 fixant les conditions d'aptitudes m\u00e9dicales des sapeurs-pompiers professionnels et\nvolontaires ;\nVu l'arr\u00eat\u00e9 du 22 ao\u00fbt 2019 relatif aux formations des sapeurs-pompiers professionnels et volontaires ;\nVu l'arr\u00eat\u00e9 du 15 juillet 2022 relatif \u00e0 la d\u00e9signation et aux missions des r\u00e9f\u00e9rents de sp\u00e9cialit\u00e9s mentionn\u00e9s \u00e0 l'article\nR. 722-1 du code de la s\u00e9curit\u00e9 int\u00e9rieure ;\nVu l'arr\u00eat\u00e9 pr\u00e9fectoral du 18 septembre 2020 fixant la liste des unit\u00e9s op\u00e9rationnelles ;\nVu le r\u00e8glement op\u00e9rationnel du service d\u00e9partemental d'incendie et de secours de la C\u00f4te-d'Or en date du 06 octobre\n2021 ;\nVu le SDACR approuv\u00e9 par arr\u00eat\u00e9 pr\u00e9fectoral n\u00b0 1818 du 22 d\u00e9cembre 2023 ;\nVu le guide de doctrine op\u00e9rationnelle \u00ab interventions en milieux effondr\u00e9s ou instables \u00bb de septembre 2021 ;\nVu la participation des agents d\u00e9sign\u00e9s aux activit\u00e9s de formation de maintien et de perfectionnement des acquis ;\nVu le nombre de chef de section (1), chefs d'unit\u00e9 (14), de sauveteurs (51) ;\nSur proposition de monsieur le directeur d\u00e9partemental des services d'incendie et de secours ;\nARR\u00caTE\nArticle 1 : La  liste  annuelle  d\u00e9partementale  d'aptitude  op\u00e9rationnelle  des  sapeurs-pompiers  de  l'unit\u00e9\n\u00ab sauvetage d\u00e9blaiement \u00bb du d\u00e9partement de la C\u00f4te-d'Or s'\u00e9tablit comme suit : \nNom Pr\u00e9nom Emploi op\u00e9rationnel Niveau de formation Mention compl\u00e9mentaire\nGENELOT Eric * USAR 3 Chef de section sauveteur d\u00e9blayeur Risques b\u00e2timentaires\nALIBERT David USAR 2 Chef d'unit\u00e9 sauveteur d\u00e9blayeur /\nBAUDRAND Julien USAR 2 Chef d'unit\u00e9 sauveteur d\u00e9blayeur Risques b\u00e2timentaires\nBERNARD Philippe USAR 2 Chef d'unit\u00e9 sauveteur d\u00e9blayeur Risques b\u00e2timentaires\nBERNIER Julien USAR 2 Chef d'unit\u00e9 sauveteur d\u00e9blayeur /\nBOUCHER Herv\u00e9 USAR 2 Chef d'unit\u00e9 sauveteur d\u00e9blayeur Risques b\u00e2timentaires\nBOUILLOT Olivier USAR 2 Chef d'unit\u00e9 sauveteur d\u00e9blayeur Risques b\u00e2timentaires\nCOUSIN Lo\u00efc USAR 2 Chef d'unit\u00e9 sauveteur d\u00e9blayeur Risques b\u00e2timentaires\nGENETIER Bruno USAR 2 Chef d'unit\u00e9 sauveteur d\u00e9blayeur Risques b\u00e2timentaires\nGREBILLE Jean USAR 2 Chef d'unit\u00e9 sauveteur d\u00e9blayeur /\nJACQUES Pascal USAR 2 Chef d'unit\u00e9 sauveteur d\u00e9blayeur /\nJEANNE Emmanuel USAR 2 Chef d'unit\u00e9 sauveteur d\u00e9blayeur Risques b\u00e2timentaires\nLALLEMAND Mathieu USAR 2 Chef d'unit\u00e9 sauveteur d\u00e9blayeur Risques b\u00e2timentaires\nSDIS de C\u00f4te-d'Or - 21-2026-01-02-00007 - Liste d'aptitude op\u00e9rationnelle 2026 unit\u00e9 sauvetage d\u00e9blaiement 86\nNom Pr\u00e9nom Emploi op\u00e9rationnel Niveau de formation Mention compl\u00e9mentaire\nPAINBLANC Steve USAR 2 Chef d'unit\u00e9 sauveteur d\u00e9blayeur /\nTILLIER Herv\u00e9 USAR 2 Chef d'unit\u00e9 sauveteur d\u00e9blayeur /\nALIBERT Th\u00e9o USAR 1 Sauveteur d\u00e9blayeur /\nAUBRY Christophe USAR 1 Sauveteur d\u00e9blayeur /\nBAZIN Marc USAR 1 Sauveteur d\u00e9blayeur /\nBERTHET-BONDET Anthony USAR 1 Sauveteur d\u00e9blayeur /\nBOURDIER Roger USAR 1 Sauveteur d\u00e9blayeur /\nBOUSSARD Anthony USAR 1 Sauveteur d\u00e9blayeur /\nBOUVIER St\u00e9phane USAR 1 Sauveteur d\u00e9blayeur /\nBRICHETEAU Quentin USAR 1 Sauveteur d\u00e9blayeur /\nCABEZAS Th\u00e9o USAR 1 Sauveteur d\u00e9blayeur /\nCAMUSET J\u00e9r\u00f4me USAR 1 Sauveteur d\u00e9blayeur /\nCLERC Jean-Baptiste USAR 1 Sauveteur d\u00e9blayeur /\nCOUTACHOT S\u00e9bastien USAR 1 Sauveteur d\u00e9blayeur /\nDA SILVA Jules USAR 1 Sauveteur d\u00e9blayeur /\nDEMARCH Johann USAR 1 Sauveteur d\u00e9blayeur /\nDESSENDRE Romain USAR 1 Sauveteur d\u00e9blayeur /\nDEVAUX Antoine USAR 1 Sauveteur d\u00e9blayeur /\nDUPREY Arnaud USAR 1 Sauveteur d\u00e9blayeur /\nDURAND Florian USAR 1 Sauveteur d\u00e9blayeur /\nFABER Thomas USAR 1 Sauveteur d\u00e9blayeur /\nFAVRE Philippe USAR 1 Sauveteur d\u00e9blayeur /\nFOUQUERAND Ga\u00ebl USAR 1 Sauveteur d\u00e9blayeur /\nGAUTHEY Eric USAR 1 Sauveteur d\u00e9blayeur /\nGERMAIN Etienne USAR 1 Sauveteur d\u00e9blayeur /\nGOUX Antonin USAR 1 Sauveteur d\u00e9blayeur /\nGOUX Fr\u00e9d\u00e9ric USAR 1 Sauveteur d\u00e9blayeur /\nGOUX J\u00e9r\u00e9my USAR 1 Sauveteur d\u00e9blayeur /\nHOFFERT Edwin USAR 1 Sauveteur d\u00e9blayeur /\nKURKLINSKI Quentin USAR 1 Sauveteur d\u00e9blayeur /\nLAMBERT Cl\u00e9ment USAR 1 Sauveteur d\u00e9blayeur /\nLE GOFF Quentin USAR 1 Sauveteur d\u00e9blayeur /\nLELARGE Pierre-Yves USAR 1 Sauveteur d\u00e9blayeur /\nLESNE Gilles USAR 1 Sauveteur d\u00e9blayeur /\nLORET Fr\u00e9d\u00e9ric USAR 1 Sauveteur d\u00e9blayeur /\nMANGEMATIN Amaury USAR 1 Sauveteur d\u00e9blayeur /\nMARZAK Amir USAR 1 Sauveteur d\u00e9blayeur /\nMAZUE Eddy USAR 1 Sauveteur d\u00e9blayeur /\nMIGNON Claude USAR 1 Sauveteur d\u00e9blayeur /\nNICOLAS Michel USAR 1 Sauveteur d\u00e9blayeur /\nNICOLAS Robin USAR 1 Sauveteur d\u00e9blayeur /\nPATIN Antoine USAR 1 Sauveteur d\u00e9blayeur /\nPIATON Manuel USAR 1 Sauveteur d\u00e9blayeur /\nPLOTON Jessica USAR 1 Sauveteur d\u00e9blayeur /\nSDIS de C\u00f4te-d'Or - 21-2026-01-02-00007 - Liste d'aptitude op\u00e9rationnelle 2026 unit\u00e9 sauvetage d\u00e9blaiement 87\nLe pr\u00e9fet,Pour le pr\u00e9fet et par d\u00e9l\u00e9gation,La sous-pr\u00e9f\u00e8te, directrice de cabinet,Sign\u00e9Aur\u00e9lie CONTRECIVILE\nNom Pr\u00e9nom Emploi op\u00e9rationnel Niveau de formation Mention compl\u00e9mentaire\nRICHARD Ludovic USAR 1 Sauveteur d\u00e9blayeur /\nSCHMIDT C\u00e9dric USAR 1 Sauveteur d\u00e9blayeur /\nSERRIGNY-BAZIN Emilien USAR 1 Sauveteur d\u00e9blayeur /\nTHOMAS J\u00e9r\u00f4me USAR 1 Sauveteur d\u00e9blayeur /\nTOURNAN J\u00e9r\u00e9my USAR 1 Sauveteur d\u00e9blayeur /\nTROUSSARD Nicolas USAR 1 Sauveteur d\u00e9blayeur /\nTURC Rapha\u00ebl USAR 1 Sauveteur d\u00e9blayeur /\nVADROT Martin USAR 1 Sauveteur d\u00e9blayeur /\nVERSCHAEVE Ludwig USAR 1 Sauveteur d\u00e9blayeur /\n* R\u00e9f\u00e9rent de sp\u00e9cialit\u00e9 \u00ab sauvetage d\u00e9blaiement \u00bb\nArticle 2 : La sous-pr\u00e9f\u00e8te, directrice de cabinet et le directeur d\u00e9partemental des services d'incendie et de\nsecours sont charg\u00e9s, chacun en ce qui le concerne, de l'ex\u00e9cution du pr\u00e9sent arr\u00eat\u00e9 qui sera publi\u00e9 au\nrecueil des actes administratifs de la pr\u00e9fecture de la C\u00f4te-d'Or.\nDijon, le 02 janvier 2026\nLe pr\u00e9fet,\nSDIS de C\u00f4te-d'Or - 21-2026-01-02-00007 - Liste d'aptitude op\u00e9rationnelle 2026 unit\u00e9 sauvetage d\u00e9blaiement 88\nSDIS de C\u00f4te-d'Or\n21-2026-01-02-00010\nListe d'aptitude op\u00e9rationnelle 2026 unit\u00e9\nSecours Nautique\nSDIS de C\u00f4te-d'Or - 21-2026-01-02-00010 - Liste d'aptitude op\u00e9rationnelle 2026 unit\u00e9 Secours Nautique 89\nPREFETDELACOTE-D'ORLibert\u00e9Egalit\u00e9Fraternit\u00e9\nVARJ\\Zz J \u00e0 j\n|\n|22 D Boulevard Winston ChurchillCS 16209 - 21 062 DIJON CedexSDIS de la C\u00f4te-d'Or\nArr\u00eat\u00e9\nPortant sur la liste d'aptitude op\u00e9rationnelle\nUnit\u00e9 de secours nautique\nAnn\u00e9e 2026\nLe pr\u00e9fet de la C\u00f4te-d'Or\nVu le code g\u00e9n\u00e9ral des collectivit\u00e9s territoriales et particuli\u00e8rement l'article R 1424-54;\nVu l'arr\u00eat\u00e9 du 6 mai 2000 modifi\u00e9 fixant les conditions d'aptitudes m\u00e9dicales des sapeurs-pompiers professionnels et\nvolontaires ;\nVu l'arr\u00eat\u00e9 du 22 ao\u00fbt 2019 relatif aux formations des sapeurs-pompiers professionnels et volontaires ;\nVu l'arr\u00eat\u00e9 du 15 juillet 2022 relatif \u00e0 la d\u00e9signation et aux missions des r\u00e9f\u00e9rents de sp\u00e9cialit\u00e9s mentionn\u00e9s \u00e0 l'article\nR. 722-1 du code de la s\u00e9curit\u00e9 int\u00e9rieure ;\nVu l'arr\u00eat\u00e9 pr\u00e9fectoral du 18 septembre 2020 fixant la liste des unit\u00e9s op\u00e9rationnelles ;\nVu le r\u00e8glement op\u00e9rationnel du service d\u00e9partemental d'incendie et de secours de la C\u00f4te-d'Or en date du 06 octobre\n2021 ;\nVu le SDACR approuv\u00e9 par arr\u00eat\u00e9 pr\u00e9fectoral n\u00b0 1808 du 22 d\u00e9cembre 2023 ;\nVu le r\u00e9f\u00e9rentiel emplois, activit\u00e9s, comp\u00e9tences pour \u00ab  les interventions secours et s\u00e9curit\u00e9 en milieu aquatique et\nhyperbare \u00bb ;\nVu la participation des agents d\u00e9sign\u00e9s aux activit\u00e9s de formation et de maintien et de perfectionnement des acquis ;\nVu le nombre de conseiller technique (1), de chefs d'unit\u00e9 (5), de scaphandriers autonomes l\u00e9gers (14) ;\nSur proposition de monsieur le directeur d\u00e9partemental des services d'incendie et de secours ;\nARR\u00caTE\nArticle 1 : La  liste  annuelle  d\u00e9partementale  d'aptitude  op\u00e9rationnelle  des  sapeurs-pompiers  de  l'unit\u00e9\n\u00ab plong\u00e9e subaquatique \u00bb du d\u00e9partement de la C\u00f4te-d'Or s'\u00e9tablit comme suit :\nNom Pr\u00e9nom Emploi op\u00e9rationnel Habilitation\nprofondeur\nAptitude surface\nnon libre\nEmploi\ncompl\u00e9mentaire\nsauveteur aquatique\nBAILLY St\u00e9phane * Conseiller technique\nSAL - 50 m SNL 2 SAV 1\nBRICHETEAU Florian Chef d'unit\u00e9 SAL - 50 m SNL 2 SAV 1\nLUCAS K\u00e9vin Chef d'unit\u00e9 SAL - 50 m SNL 2 SAV 1\nMIRESSI Nicolas Chef d'unit\u00e9 SAL - 50 m SNL 2 SAV 1\nPARAT C\u00e9dric Chef d'unit\u00e9 SAL - 50 m SNL 1 SAV 1\nRUDE Maxime Chef d'unit\u00e9 SAL - 50 m SNL 1 SAV 1\nANGEL Nicolas SAL - 30 m non SAV 1\nSDIS de C\u00f4te-d'Or - 21-2026-01-02-00010 - Liste d'aptitude op\u00e9rationnelle 2026 unit\u00e9 Secours Nautique 90\nLe pr\u00e9fet,Pour le pr\u00e9fet et par d\u00e9l\u00e9gation,La sous-pr\u00e9f\u00e8te, directrice de cabinet,Sign\u00e9Aur\u00e9lie CONTRECIVILE\nNom Pr\u00e9nom Emploi op\u00e9rationnel Habilitation\nprofondeur\nAptitude surface\nnon libre\nEmploi\ncompl\u00e9mentaire\nsauveteur aquatique\nBUREAU Jean-Baptiste SAL - 50 m SNL 1 SAV 1\nCHABOT Benjamin SAL - 30 m non SAV 1\nCHOAIN Cyril SAL - 50 m SNL 1 SAV 1\nCHOLLAT-NAMY Micka\u00ebl SAL - 50 m SNL 1 SAV 1\nDA ROCHA Julie SAL - 30 m non SAV 1\nFICHOT Romain SAL - 50 m SNL 1 SAV 1\nFIEVET Aur\u00e9lien SAL - 50 m SNL 1 SAV 1\nGANDROT L\u00e9o SAL - 50 m non SAV 1\nGUIBOUX Benjamin SAL - 50 m non SAV 1\nLAVERDAN Jean-Paul SAL - 50 m SNL 1 SAV 1\nLEGER Florian SAL - 50 m non SAV 1\nRIMBEAULT Thomas SAL - 30 m non SAV 1\nSIVET Florent SAL - 50 m SNL 1 SAV 1\n* R\u00e9f\u00e9rent de sp\u00e9cialit\u00e9 \u00ab secours nautique \u00bb\nArticle 2 : La sous-pr\u00e9f\u00e8te, directrice de cabinet, et le directeur d\u00e9partemental des services d'incendie et de\nsecours sont charg\u00e9s, chacun en ce qui le concerne, de l'ex\u00e9cution du pr\u00e9sent arr\u00eat\u00e9 qui sera publi\u00e9 au\nrecueil des actes administratifs de la pr\u00e9fecture de la C\u00f4te-d'Or.\nDijon, le 02 janvier 2026\nLe pr\u00e9fet,\nSDIS de C\u00f4te-d'Or - 21-2026-01-02-00010 - Liste d'aptitude op\u00e9rationnelle 2026 unit\u00e9 Secours Nautique 91\nSDIS de C\u00f4te-d'Or\n21-2026-01-02-00008\nListe d'aptitude op\u00e9rationnelle 2026 unit\u00e9\nsyst\u00e8mes d'information et de communication\nSDIS de C\u00f4te-d'Or - 21-2026-01-02-00008 - Liste d'aptitude op\u00e9rationnelle 2026 unit\u00e9 syst\u00e8mes d'information et de communication 92\nPREFETDELACOTE-D'ORLibert\u00e9Egalit\u00e9Fraternit\u00e9 22 D Boulevard Winston ChurchillCS 16209 - 21 062 DIJON CedexSDIS de la C\u00f4te-d'Or\nArr\u00eat\u00e9\nPortant sur la liste d'aptitude op\u00e9rationnelle\nUnit\u00e9 des syst\u00e8mes d'information et de communication\nAnn\u00e9e 2026\nLe pr\u00e9fet de la C\u00f4te-d'Or\nVu le code g\u00e9n\u00e9ral des collectivit\u00e9s territoriales et particuli\u00e8rement l'article R 1424-54 ;\nVu l'arr\u00eat\u00e9 du 22 ao\u00fbt 2019 relatif aux formations des sapeurs-pompiers professionnels et volontaires ;\nVu l'arr\u00eat\u00e9 du 15 juillet 2022 relatif \u00e0 la d\u00e9signation et aux missions des r\u00e9f\u00e9rents de sp\u00e9cialit\u00e9s mentionn\u00e9s \u00e0 l'article\nR. 722-1 du code de la s\u00e9curit\u00e9 int\u00e9rieure ;\nVu l'arr\u00eat\u00e9 pr\u00e9fectoral du 18 septembre 2020 fixant la liste des unit\u00e9s op\u00e9rationnelles ;\nVu  l'arr\u00eat\u00e9  pr\u00e9fectoral de  d\u00e9cembre  2022  f ixant  l'ordre  de  base  d\u00e9partemental  des  syst\u00e8mes  d'information  et  de\ncommunication\nVu le r\u00e8glement op\u00e9rationnel du service d\u00e9partemental d'incendie et de secours de la C\u00f4te-d'Or en date du 06 octobre\n2021 ;\nVu le SDACR approuv\u00e9 par arr\u00eat\u00e9 pr\u00e9fectoral n\u00b0 1808 du 22 d\u00e9cembre 2023 ;\nVu  le r\u00e9f\u00e9rentiel emploi activit\u00e9 comp\u00e9tences (REAC) du 13 d\u00e9cembre 2016 relatif aux syst\u00e8mes d'information et de\ncommunication ;\nVu le r\u00e9f\u00e9rentiel interne de formation et le r\u00e9f\u00e9rentiel interne de certification- du 8 novembre 2018 ;\nVu la participation des agents d\u00e9sign\u00e9s aux activit\u00e9s de formation de maintien et de perfectionnement des acquis ;\nVu le  nombre  de  COMSIC  (2),  d'OFFSIC  ( 5),  d'OFFSIC  et  chef  de  salle  op\u00e9rationnelle  ( 2),  de  chefs  de  salle\nop\u00e9rationnelle (8), de chefs de salle op\u00e9rationnelle adjoint ( 8), de chefs op\u00e9rateurs de salle op\u00e9rationnelle (18),\nd'op\u00e9rateur en CTA-CODIS (1), d'op\u00e9rateurs poste de commandement tactique (35) ;\nSur proposition de monsieur le directeur d\u00e9partemental des services d'incendie et de secours ;\nARR\u00caTE\nArticle 1 : La  liste  annuelle  d\u00e9partementale  d'aptitude  op\u00e9rationnelle  des  sapeurs-pompiers  de  l'unit\u00e9\n\u00ab syst\u00e8mes d'information et de communication \u00bb du d\u00e9partement de la C\u00f4te-d'Or s'\u00e9tablit comme suit : \nNom Pr\u00e9nom Emploi op\u00e9rationnel Mention\ncompl\u00e9mentaire\nDUPONT Luc Commandant des syst\u00e8mes d'information et de\ncommunication /\nROY Olivier * Commandant des syst\u00e8mes d'information et de\ncommunication /\nANICE Jessica Officier des syst\u00e8mes d'information et de\ncommunication /\nBIDAU Cyril Officier des syst\u00e8mes d'information et de\ncommunication /\nCOQUIO Ga\u00eblle\nOfficier des syst\u00e8mes d'information et de\ncommunication\nChef de salle op\u00e9rationnelle\nCSO\nSDIS de C\u00f4te-d'Or - 21-2026-01-02-00008 - Liste d'aptitude op\u00e9rationnelle 2026 unit\u00e9 syst\u00e8mes d'information et de communication 93\nNom Pr\u00e9nom Emploi op\u00e9rationnel Mention\ncompl\u00e9mentaire\nLAMBERT Jean-Robert Officier des syst\u00e8mes d'information et de\ncommunication /\nMERME Christophe\nOfficier des syst\u00e8mes d'information et de\ncommunication\nChef de salle op\u00e9rationnelle\nCSO\nPARDON Christophe Officier des syst\u00e8mes d'information et de\ncommunication /\nVILBOUX Romain Officier des syst\u00e8mes d'information et de\ncommunication /\nBECQUET J\u00e9r\u00e9my Chef de salle op\u00e9rationnelle OTAU-OCO\nCAO-THANH Emmanuel Chef de salle op\u00e9rationnelle OTAU-OCO\nGARMATUK Cyril Chef de salle op\u00e9rationnelle OTAU-OCO\nGIRARDOT Fr\u00e9d\u00e9ric Chef de salle op\u00e9rationnelle OTAU-OCO\nGREBILLE Jean Chef de salle op\u00e9rationnelle OTAU-OCO\nHANNETON Gabin Chef de salle op\u00e9rationnelle OTAU-OCO\nJAUDAUX David Chef de salle op\u00e9rationnelle OTAU-OCO\nMESPOULHES Yann Chef de salle op\u00e9rationnelle OTAU-OCO\nBERNIER Julien Chef de salle op\u00e9rationnelle adjoint OTAU-OCO\nBOLE Xavier Chef de salle op\u00e9rationnelle adjoint OTAU-OCO\nBRUNET Morgan Chef de salle op\u00e9rationnelle adjoint OTAU-OCO\nFAUCHARD C\u00e9dric Chef de salle op\u00e9rationnelle adjoint OTAU-OCO\nISTRIA Anthony Chef de salle op\u00e9rationnelle adjoint OTAU-OCO\nPETIT Maxime Chef de salle op\u00e9rationnelle adjoint OTAU-OCO\nPIGNON S\u00e9bastien Chef de salle op\u00e9rationnelle adjoint OTAU-OCO\nRICHARD Laurent Chef de salle op\u00e9rationnelle adjoint OTAU-OCO\nBAUDEGARD Romain Chef op\u00e9rateur de salle op\u00e9rationnelle OTAU-OCO\nBELDJOUDI J\u00e9r\u00f4me Chef op\u00e9rateur de salle op\u00e9rationnelle OTAU-OCO\nBOUCHER Thomas Chef op\u00e9rateur de salle op\u00e9rationnelle OTAU-OCO\nBREGAND Matthieu Chef op\u00e9rateur de salle op\u00e9rationnelle OTAU-OCO\nDE MESQUITA Emilien Chef op\u00e9rateur de salle op\u00e9rationnelle OTAU-OCO\nDELPIT Geoffrey Chef op\u00e9rateur de salle op\u00e9rationnelle OTAU-OCO\nDOILLON Hugo Chef op\u00e9rateur de salle op\u00e9rationnelle OTAU-OCO\nDUBOIS C\u00e9dric Chef op\u00e9rateur de salle op\u00e9rationnelle OTAU-OCO\nDURAND Maxime Chef op\u00e9rateur de salle op\u00e9rationnelle OTAU-OCO\nGUTKNECHT Jean-Denis Chef op\u00e9rateur de salle op\u00e9rationnelle OTAU-OCO\nKURKLINSKI Quentin Chef op\u00e9rateur de salle op\u00e9rationnelle OTAU-OCO\nSDIS de C\u00f4te-d'Or - 21-2026-01-02-00008 - Liste d'aptitude op\u00e9rationnelle 2026 unit\u00e9 syst\u00e8mes d'information et de communication 94\nNom Pr\u00e9nom Emploi op\u00e9rationnel Mention\ncompl\u00e9mentaire\nLANNI Thomas Chef op\u00e9rateur de salle op\u00e9rationnelle OTAU-OCO\nLEGROS Antoine Chef op\u00e9rateur de salle op\u00e9rationnelle OTAU-OCO\nLEGROS C\u00e9line Chef op\u00e9rateur de salle op\u00e9rationnelle OTAU-OCO\nPIVEL Alexis Chef op\u00e9rateur de salle op\u00e9rationnelle OTAU-OCO\nPORCHERAY Guillaume Chef op\u00e9rateur de salle op\u00e9rationnelle OTAU-OCO\nRENGEL Teddy Chef op\u00e9rateur de salle op\u00e9rationnelle OTAU-OCO\nTREDEZ Victor Chef op\u00e9rateur de salle op\u00e9rationnelle OTAU-OCO\nRICHARD Isabelle Op\u00e9rateur en CTA-CODIS OTAU-OCO\nBARBE David Op\u00e9rateur de coordination op\u00e9rationnelle\nde PC tactique OCO-PCTAC\nBARROT Quentin Op\u00e9rateur de coordination op\u00e9rationnelle\nde PC tactique OCO-PCTAC\nBERNARD Jean-Marc Op\u00e9rateur de coordination op\u00e9rationnelle\nde PC tactique OCO-PCTAC\nBERTRAND Lucas Op\u00e9rateur de coordination op\u00e9rationnelle\nde PC tactique OCO-PCTAC\nBOURGEOIS Elodie Op\u00e9rateur de coordination op\u00e9rationnelle\nde PC tactique OCO-PCTAC\nBOUTIER Charles Op\u00e9rateur de coordination op\u00e9rationnelle\nde PC tactique OCO-PCTAC\nBOUVIER Lola Op\u00e9rateur de coordination op\u00e9rationnelle\nde PC tactique OCO-PCTAC\nBRUNSEAUX Jonathan Op\u00e9rateur de coordination op\u00e9rationnelle\nde PC tactique OCO-PCTAC\nCOMBALUZIER David Op\u00e9rateur de coordination op\u00e9rationnelle\nde PC tactique OCO-PCTAC\nCOUDRET David Op\u00e9rateur de coordination op\u00e9rationnelle\nde PC tactique OCO-PCTAC\nCRETE Laurent Op\u00e9rateur de coordination op\u00e9rationnelle\nde PC tactique OCO-PCTAC\nCRETE-CORTOT Arthur Op\u00e9rateur de coordination op\u00e9rationnelle\nde PC tactique OCO-PCTAC\nDARROUX Bastien Op\u00e9rateur de coordination op\u00e9rationnelle\nde PC tactique OCO-PCTAC\nDRU Guillaume Op\u00e9rateur de coordination op\u00e9rationnelle\nde PC tactique OCO-PCTAC\nDURAND Nicolas Op\u00e9rateur de coordination op\u00e9rationnelle\nde PC tactique OCO-PCTAC\nFOURNIER Jules Op\u00e9rateur de coordination op\u00e9rationnelle\nde PC tactique OCO-PCTAC\nGAUTHIER J\u00e9r\u00e9my Op\u00e9rateur de coordination op\u00e9rationnelle\nde PC tactique OCO-PCTAC\nGAUTHIER L\u00e9o Op\u00e9rateur de coordination op\u00e9rationnelle\nde PC tactique OCO-PCTAC\nGUERIN David Op\u00e9rateur de coordination op\u00e9rationnelle\nde PC tactique OCO-PCTAC\nSDIS de C\u00f4te-d'Or - 21-2026-01-02-00008 - Liste d'aptitude op\u00e9rationnelle 2026 unit\u00e9 syst\u00e8mes d'information et de communication 95\nLe pr\u00e9fet,Pour le pr\u00e9fet et par d\u00e9l\u00e9gation,La sous-pr\u00e9f\u00e8te, directrice de cabinet,Sign\u00e9Aur\u00e9lie CONTRECIVILE\nNom Pr\u00e9nom Emploi op\u00e9rationnel Mention\ncompl\u00e9mentaire\nJEANNE Emmanuel Op\u00e9rateur de coordination op\u00e9rationnelle\nde PC tactique OCO-PCTAC\nJOIE Romain Op\u00e9rateur de coordination op\u00e9rationnelle\nde PC tactique OCO-PCTAC\nJUSSEAU Alice Op\u00e9rateur de coordination op\u00e9rationnelle\nde PC tactique OCO-PCTAC\nKOHUT-NADDEF Flavien Op\u00e9rateur de coordination op\u00e9rationnelle\nde PC tactique OCO-PCTAC\nLEVEQUE S\u00e9bastien Op\u00e9rateur de coordination op\u00e9rationnelle\nde PC tactique OCO-PCTAC\nLIORET Christophe Op\u00e9rateur de coordination op\u00e9rationnelle\nde PC tactique OCO-PCTAC\nLOPES David Op\u00e9rateur de coordination op\u00e9rationnelle\nde PC tactique OCO-PCTAC\nLOPES Valentin Op\u00e9rateur de coordination op\u00e9rationnelle\nde PC tactique OCO-PCTAC\nMIGNON Claude Op\u00e9rateur de coordination op\u00e9rationnelle\nde PC tactique OCO-PCTAC\nPETRIGNET Laurent Op\u00e9rateur de coordination op\u00e9rationnelle\nde PC tactique OCO-PCTAC\nPOULLOT Laura Op\u00e9rateur de coordination op\u00e9rationnelle\nde PC tactique OCO-PCTAC\nPOULLOT Maryne Op\u00e9rateur de coordination op\u00e9rationnelle\nde PC tactique OCO-PCTAC\nPOUPAULT Gaylord Op\u00e9rateur de coordination op\u00e9rationnelle\nde PC tactique OCO-PCTAC\nROUX J\u00e9r\u00e9my Op\u00e9rateur de coordination op\u00e9rationnelle\nde PC tactique OCO-PCTAC\nROZ Camille Op\u00e9rateur de coordination op\u00e9rationnelle\nde PC tactique OCO-PCTAC\nSIMONOT Cl\u00e9ment Op\u00e9rateur de coordination op\u00e9rationnelle\nde PC tactique OCO-PCTAC\n* R\u00e9f\u00e9rent de sp\u00e9cialit\u00e9 \u00ab syst\u00e8mes d'information et de communication \u00bb\nArticle 2 : La sous-pr\u00e9f\u00e8te, directrice de cabinet, et le directeur d\u00e9partemental des services d'incendie et de\nsecours sont charg\u00e9s, chacun en ce qui le concerne, de l'ex\u00e9cution du pr\u00e9sent arr\u00eat\u00e9 qui sera publi\u00e9 au\nrecueil des actes administratifs de la pr\u00e9fecture de la C\u00f4te-d'Or.\nDijon, le 02 janvier 2026\nLe pr\u00e9fet,\nSDIS de C\u00f4te-d'Or - 21-2026-01-02-00008 - Liste d'aptitude op\u00e9rationnelle 2026 unit\u00e9 syst\u00e8mes d'information et de communication 96","date":"2026-01-16","first_seen_on":"2026-01-16T17:14:46+00:00","id":"2ea6fde615c77e46c6b890a408251cd71187864cce026aae1a8f7f01e5eaa488","name":"RAA n\u00b0 016 du 16 janvier 2026","pdf_creation_date":"2026-01-16T15:19:41+00:00","pdf_modification_date":null,"timezone":"Europe/Paris","url":"https://www.cote-dor.gouv.fr/contenu/telechargement/25430/194543/file/recueil-21-2026-016-recueil-des-actes-administratifs.pdf"}
