{"administration":"ppparis","administration_name":"Pr\u00e9fecture de police de Paris","content":"PREFECTUREDE POLICELibert\u00e9Egalit\u00e9Fraternit\u00e9\nfen:\nCABINET DU PR\u00c9FET\nParis, le 9 avril 2026\nArr\u00eat\u00e9 n\u00b02026-00405\nmodifiant provisoirement le stationnement et la circulation\ndans plusieurs voies de Paris 16\u00e8me  le 10 mai 2026, \u00e0 l'occasion de la 16\u00e8me \u00e9dition\nde la course p\u00e9destre \u00ab PARIS-SAINT-GERMAIN-EN-LAYE \u00bb\nLE PR\u00c9FET DE POLICE\nVu le code g\u00e9n\u00e9ral des collectivit\u00e9s territoriales, notamment ses articles L.2512-13 et\nL.2512-14 II ;\nVu  le  code  de  la  route,  notamment  ses  articles  L.325-1  \u00e0  L.325-3,  R.411-8  et\nR.411-25 ;\nVu l'avis de la Ville de Paris en date du 27 f\u00e9vrier 2026 ;\nConsid\u00e9rant l'organisation de la course p\u00e9destre \u00ab PARIS-SAINT-GERMAIN-EN-LAYE \u00bb\nle 10 mai 2026 ;\nConsid\u00e9rant que le nombre important de participants \u00e0 cette manifestation sportive\net l'affluence attendue \u00e0 cette occasion impliquent de prendre des mesures provisoires de\ncirculation et de stationnement n\u00e9cessaires au bon d\u00e9roulement et \u00e0 la s\u00e9curit\u00e9 de cet\n\u00e9v\u00e8nement ;\nSur proposition de pr\u00e9fet, directeur de cabinet ;\nA R R \u00ca T E\nArticle 1  er  \nLa circulation et le stationnement de tout type de v\u00e9hicule sont interdits le 10 mai\n2026 de 06h30 \u00e0 10h00 dans les voies et portions de voies suivantes \u00e0 Paris 16\u00e8me  :\n- avenue du Mahatma Gandhi, entre la route de la Porte Dauphine \u00e0 la porte\ndes Sablons et la route de la Muette \u00e0 Neuilly ;\n- route de la Porte des Sablons \u00e0 la Porte Maillot ;\n- route de la Porte Dauphine \u00e0 la Porte des Sablons, entre l'all\u00e9e de Long-\nchamp et la route de la Porte des Sablons \u00e0 la Porte Maillot.\nArticle 2\nLa circulation de tout type de v\u00e9hicule est interdite le 10 mai 2026 de 08h50 \u00e0 09h45\ndans les voies suivantes \u00e0 Paris 16\u00e8me :\n- avenue du Mahatma Gandhi, entre la route de la Muette \u00e0 Neuilly  et la\nporte de Madrid ;\n- porte de Madrid ;\n- route du Champ d'Entra\u00eenement, entre la porte de Madrid et la route de\nS\u00e8vres \u00e0 Neuilly ;\n- route de S\u00e8vres \u00e0 Neuilly, entre la route du Champ d'Entra\u00eenement et la\nroute des Moulins ;\n- route des Moulins, entre la route de S\u00e8vres \u00e0 Neuilly et la route de Sur-\nesnes ;\n- route de Suresnes, entre la route des Moulins et le pont de Suresnes ;\n- pont de Suresnes.\nArticle 3\nSans pr\u00e9judice des sanctions p\u00e9nales auxquelles s'exposent les personnes en infraction\navec les dispositions du pr\u00e9sent arr\u00eat\u00e9, les v\u00e9hicules ayant servi \u00e0 commettre ces infractions\npeuvent \u00eatre immobilis\u00e9s et mis en fourri\u00e8re dans les conditions pr\u00e9vues aux articles L.325-1 \u00e0\nL.325-3 du code de la route.\nArticle 4\nLes dispositions du pr\u00e9sent arr\u00eat\u00e9 ne sont pas applicables aux v\u00e9hicules d'int\u00e9r\u00eat\ng\u00e9n\u00e9ral prioritaires au sens des dispositions de l'article R.311-1 6.5 du code de la route.\nArticle 5\nLe directeur de l'ordre public et de la circulation, le directeur de la s\u00e9curit\u00e9 de\nproximit\u00e9 de l'agglom\u00e9ration parisienne de la Pr\u00e9fecture de Police, le directeur de la voirie et\ndes d\u00e9placements et le directeur de la police municipale et de la pr\u00e9vention de la Ville de Paris\nsont charg\u00e9s, chacun en ce qui le concerne, de l'ex\u00e9cution du pr\u00e9sent arr\u00eat\u00e9 qui sera publi\u00e9 au\nrecueil des actes administratifs de la pr\u00e9fecture de la r\u00e9gion d'\u00cele-de-France, pr\u00e9fecture de\nParis et de la pr\u00e9fecture de police et sur le site internet de la pr\u00e9fecture de police de Paris :\nwww.prefecturedepolice.interieur.gouv.fr. \nPour le pr\u00e9fet de Police,\nLe sous-pr\u00e9fet, \nDirecteur adjoint du cabinet\nCharles BARBIER\nSIGNE\n2\nA NNEXE \u00c0 L'ARR\u00caT\u00c9  N\u00b0 2026-00405                             DU   9 AVRIL 2026\nVOIES ET D\u00c9LAIS DE RECOURS\n_______________________\nSi vous estimez devoir contester la pr\u00e9sente d\u00e9cision, il vous est possible, dans un d\u00e9lai\nde deux mois \u00e0 compter de la date de son affichage :\n- soit de saisir d'un RECOURS GRACIEUX\nle pr\u00e9fet de Police\n7/9, boulevard du Palais - 75195 PARIS RP\n- ou de former un RECOURS HI\u00c9RARCHIQUE\n  aupr\u00e8s du ministre de l'Int\u00e9rieur et des Outre-mer\n  Direction des libert\u00e9s publiques et des affaires juridiques\n  place Beauvau - 75008 PARIS\nsoit de saisir d'un RECOURS CONTENTIEUX\nle tribunal administratif comp\u00e9tent\nAucune de ces voies et recours ne suspend l'application de la pr\u00e9sente d\u00e9cision.\nLes recours GRACIEUX et HI\u00c9RARCHIQUE doivent \u00eatre \u00e9crits, exposer les arguments\nou faits nouveaux et comprendre la copie de la d\u00e9cision contest\u00e9e.\nLe recours contentieux, qui vise \u00e0 contester la L\u00c9GALIT\u00c9 de la pr\u00e9sente d\u00e9cision, doit\n\u00e9galement \u00eatre \u00e9crit et exposer votre argumentation juridique.\nSi vous n'aviez pas de r\u00e9ponse \u00e0 votre recours GRACIEUX ou HI\u00c9RARCHIQUE dans un\nd\u00e9lai de deux mois \u00e0 compter de la r\u00e9ception de votre recours par l'administration, votre\ndemande devra \u00eatre consid\u00e9r\u00e9e comme rejet\u00e9e (d\u00e9cision implicite de rejet).\nEn cas de rejet des RECOURS GRACIEUX ou HI\u00c9RARCHIQU E, le tribunal administratif\npeut \u00eatre saisi d'un recours contentieux dans le d\u00e9lai de deux mois \u00e0 compter de la date de la\nd\u00e9cision de rejet.\n3","date":"2026-04-09","first_seen_on":"2026-04-09T14:04:37+00:00","id":"2ed21331641e6f651ecaf2581f05c838630a86c3e2f2a4f497e1ac4dee62de8d","name":"Arr\u00eat\u00e9 pr\u00e9fectoral n\u00b02026-00405 du 9 avril 2026 modifiant provisoirement le stationnement et la circulation dans plusieurs voies \u00e0 Paris 16\u00e8me le 10 mai 2026, \u00e0 l\u2019occasion de la 16\u00e8me \u00e9dition de la course p\u00e9destre \u00ab PARIS-SAINT-GERMAINT-EN-LAYE \u00bb","pdf_creation_date":"2026-04-09T13:36:39+00:00","pdf_modification_date":"2026-04-09T13:36:39+00:00","timezone":"Europe/Paris","url":"https://www.prefecturedepolice.interieur.gouv.fr/sites/default/files/Documents/arrete_pdf_13.pdf"}
