{"administration":"pref83","administration_name":"Pr\u00e9fecture du Var","content":"VAR\nRECUEIL DES ACTES\nADMINISTRATIFS\nN\u00b083-2024-057\nPUBLI\u00c9 LE  3 AVRIL 2024\nSommaire\nAgence r\u00e9gionale de sant\u00e9 du Var /\n83-2024-03-29-00007 - Arr\u00eat\u00e9 fixant la composition du conseil de\nsurveillance du CH Pierrefeu du Var (3 pages) Page 3\nCentre hospitalier Henri Gu\u00e9rin Pierrefeu /\n83-2024-04-29-00001 - 2024-03-81-D\u00e9cision PORTANT CONSTITUTION DU\nCOLLEGE DE L\u25a1ARTICLE L 3211-2 DU CODE DE LA SANTE PUBLIQUE (1 page) Page 7\nPr\u00e9fecture du VAR / Direction de la citoyennet\u00e9 et de la l\u00e9galit\u00e9\n83-2024-03-25-00005 - RAA 23-83-0269   AP MODIF PFG SERVICES\nFUNERAIRES OLLIOULES  (2 pages) Page 9\n83-2024-03-25-00004 - RAA ARRETE PREFECTORAL  PF DE FRANCE  (2\npages) Page 12\nPr\u00e9fecture du VAR / Direction des s\u00e9curit\u00e9s\n83-2024-04-03-00001 - Arr\u00eat\u00e9 pr\u00e9fectoral  n\u00b02024-04-001 ESC portant\nr\u00e9glementation temporaire de la circulation sur l'autoroute A8 sur le\nterritoire des communes de Fr\u00e9jus, Puget-sur-Argens,\nRoquebrune-sur-Argens, Le Muy, Les Arcs, Vidauban et Le\nCannet-des-Maures. (4 pages) Page 15\n83-2024-03-24-00001 - PV INITIAL SNSM CFITLN 24032024 (2 pages) Page 20\n83-2024-03-24-00002 - PV RECYCLAGE SNSM CFITLN 24032024 (2 pages) Page 23\nPr\u00e9fecture du VAR / Direction des titres d'identit\u00e9 et de l'immigration\n83-2024-04-02-00001 - Arr\u00eat\u00e9 portant cr\u00e9ation d'un local de r\u00e9tention\nadministrative \u00e0 La-Seyne-Sur-Mer (2 pages) Page 26\n2\nAgence r\u00e9gionale de sant\u00e9 du Var\n83-2024-03-29-00007\nArr\u00eat\u00e9 fixant la composition du conseil de\nsurveillance du CH Pierrefeu du Var\nAgence r\u00e9gionale de sant\u00e9 du Var - 83-2024-03-29-00007 - Arr\u00eat\u00e9 fixant la composition du conseil de surveillance du CH Pierrefeu du\nVar 3\nREPUBLIQUE\nFRANCAISE\nijerte'\nEgalit\u00e9\nFraternit\u00e9Al\n@ D Agence  R\u00e9gionale  de Sant\u00e9\nProvence-Alpes\nC\u00f4te d'Azur\n  \n \n \n \n \nAgence r\u00e9gionale de sant\u00e9 Provence-Alpes-C\u00f4te d'Azur - D\u00e9l\u00e9gation d\u00e9partementale du Var \u2013 Immeuble TOVA 2 - 177 boulevard du \nDocteur Charles Barnier \u2013 CS 31302 - 83076 Toulon Cedex \nT\u00e9l. : 04 13 55 89 02 / Fax : 04 13 55 80 40 / www.ars.paca.sante.fr \nPage 1 / 3 \n \n \n \nARRETE du 29 mars 2024  \n \nfixant la composition nominative du conseil de surveillance \ndu centre hospitalier Henri Gu\u00e9rin situ\u00e9 \u00e0 Pierrefeu du Var (VAR) \n \n \n \n \nLE DIRECTEUR DE L'AGENCE REGIONALE DE SANTE DE PROVENCE, ALPES, COTE D'AZUR \n \n \n \n \nVu le code de la sant\u00e9 publique, notamment ses articles L.6143-5, L.6143-6, R.6143-1 \u00e0 R.6143-4 et R.6143-\n12 ; \n \nVu la loi n\u00b0 2009-879 du 21 juillet 2009 portant r\u00e9forme de l'h\u00f4pital et relative aux patients, \u00e0 la sant\u00e9 et aux \nterritoires ; \n \nVu l'ordonnance n\u00b0 2010-177 du 23 f\u00e9vrier 2010 de coordination avec la loi n\u00b02099-879 du 21 juillet 2009 \nportant r\u00e9forme de l'h\u00f4pital et relative aux patients, \u00e0 la sant\u00e9 et aux territoires ; \n \nVu le d\u00e9cret n\u00b0 2010-336 du 31 mars 2010 portant cr\u00e9ation des agences r\u00e9gionales de sant\u00e9 ; \n \nVu le d\u00e9cret n\u00b0 2010-344 du 31 mars 2010 tirant les cons\u00e9quences, au niveau r\u00e9glementaire, de l'intervention \nde la loi n\u00b0 2009-879 du 21 juillet 2009 portant r\u00e9forme de l'h\u00f4pital et relative aux patients, \u00e0 la sant\u00e9 et aux \nterritoires ; \n \nVu le d\u00e9cret n\u00b02010-361 du 8 avril 2010 relatif aux conseils de surveillance des \u00e9tablissements publics de \nsant\u00e9 ; \n \nVu le d\u00e9cret du 14 septembre 2022 portant cessation de fonctions de Monsieur Philippe DE MESTER \u00e0 \ncompter du 14 septembre 2022 et nomination de Monsieur Denis ROBIN, directeur g\u00e9n\u00e9ral de l'Agence \nr\u00e9gionale de sant\u00e9 Provence-Alpes-C\u00f4te d'Azur \u00e0 compter du 03 octobre 2022 ; \n \nVu l'arr\u00eat\u00e9 du 28 avril 2023 portant d\u00e9l\u00e9gation de signature \u00e0 Monsieur S\u00e9bastien MONI\u00c9, directeur de la \nd\u00e9l\u00e9gation d\u00e9partementale du Var de l'Agence r\u00e9gionale de sant\u00e9 Provence-Alpes-C\u00f4te d'Azur ;  \n \nVu l'arr\u00eat\u00e9 ARS PACA du 19 f\u00e9vrier 2024 fixant la composition nominative du conseil de surveillance du centre \nhospitalier Henri Gu\u00e9rin de Pierrefeu du Var ; \n \n \n \n \nARRETE \n \n \n \nArticle 1er : L'arr\u00eat\u00e9 ARS PACA du 19 f\u00e9vrier 2024 fixant la composition nominative du conseil de \nsurveillance du centre hospitalier Henri Gu\u00e9rin de Pierrefeu du Var est modifi\u00e9 ainsi qu'il suit : \n \n \nI. Sont membres du conseil de surveillance avec voix d\u00e9lib\u00e9rative : \n \n Agence r\u00e9gionale de sant\u00e9 du Var - 83-2024-03-29-00007 - Arr\u00eat\u00e9 fixant la composition du conseil de surveillance du CH Pierrefeu du\nVar 4\n \nAgence r\u00e9gionale de sant\u00e9 Provence-Alpes-C\u00f4te d'Azur - D\u00e9l\u00e9gation d\u00e9partementale du Var \u2013 Immeuble TOVA 2 - 177 boulevard du \nDocteur Charles Barnier \u2013 CS 31302 - 83076 Toulon Cedex \nT\u00e9l. : 04 13 55 89 02 / Fax : 04 13 55 80 40 / www.ars.paca.sante.fr \nPage 2 / 3 \n3\u00b0) En qualit\u00e9 de personnalit\u00e9 qualifi\u00e9e \n \n \n-- Monsieur Jean-Claude POZZO DI BORGO, personnalit\u00e9 qualifi\u00e9e d\u00e9sign\u00e9e par le directeur g\u00e9n\u00e9ral \nde l'Agence r\u00e9gionale de sant\u00e9 de Provence-Alpes-C\u00f4te d'Azur ; \n \n \nArticle 2 : Le conseil de surveillance du centre hospitalier Henri Gu\u00e9rin sis quartier Barnenq, 83390 Pierrefeu \ndu Var (VAR), \u00e9tablissement public de sant\u00e9 de ressort d\u00e9partemental est compos\u00e9 des membres ci-apr\u00e8s : \n \n \nI. Sont membres du conseil de surveillance avec voix d\u00e9lib\u00e9rative : \n \n1\u00b0) En qualit\u00e9 de repr\u00e9sentant des collectivit\u00e9s territoriales : \n \n \n- Monsieur Patrick MARTINELLI, Maire de Pierrefeu du Var, membre de droit ; \n \n- Monsieur Jean-Bernard KISTON, conseiller communautaire, repr\u00e9sentant de la communaut\u00e9 des \ncommunes M\u00e9diterran\u00e9e Porte des Maures ;  \n \n- Madame Pricilla BRACCO, conseiller communautaire, repr\u00e9sentant de la communaut\u00e9 des \ncommunes M\u00e9diterran\u00e9e Porte des Maures ;  \n \n- Monsieur Jean-Martin GUISIANO, conseiller d\u00e9partemental, repr\u00e9sentant le pr\u00e9sident du conseil \nd\u00e9partemental du Var ; \n \n- Madame V\u00e9ronique BACCINO, conseiller d\u00e9partemental, repr\u00e9sentant le pr\u00e9sident du conseil \nd\u00e9partemental du Var ; \n \n \n2\u00b0) En qualit\u00e9 de repr\u00e9sentant du personnel \n \n \n- Monsieur Christophe REINERO, repr\u00e9sentant de la commission de soins infirmiers, de r\u00e9\u00e9ducation et \nm\u00e9dico-techniques ; \n \n- Monsieur le Dr Nizar KADOUR, repr\u00e9sentant de la commission m\u00e9dicale d'\u00e9tablissement ; \n \n- Monsieur le Dr Philippe GARCIA, repr\u00e9sentant de la commission m\u00e9dicale d'\u00e9tablissement ; \n \n- Deux membres d\u00e9sign\u00e9s par les organisations syndicales les plus repr\u00e9sentatives compte tenu des \nr\u00e9sultats obtenus lors des \u00e9lections au comit\u00e9 technique d'\u00e9tablissement ;  \u00e0 d\u00e9signer  \n \n \n3\u00b0) En qualit\u00e9 de personnalit\u00e9 qualifi\u00e9e \n \n \n- Monsieur Alain PRADIER, personnalit\u00e9 qualifi\u00e9e d\u00e9sign\u00e9e par le directeur g\u00e9n\u00e9ral de l'Agence \nr\u00e9gionale de sant\u00e9 de Provence-Alpes-C\u00f4te d'Azur ; \n \n- Monsieur Jean-Claude POZZO DI BORGO, personnalit\u00e9 qualifi\u00e9e d\u00e9sign\u00e9e par le directeur g\u00e9n\u00e9ral \nde l'Agence r\u00e9gionale de sant\u00e9 de Provence-Alpes-C\u00f4te d'Azur ; \n \n- Madame Genevi\u00e8ve AVON, personnalit\u00e9 qualifi\u00e9e d\u00e9sign\u00e9e par Monsieur le pr\u00e9fet du Var ; \n \n- Madame Christine DUMEZ, de l'Union nationale de familles et amis de personnes malades et/ou \nhandicap\u00e9es psychiques, repr\u00e9sentant des usagers d\u00e9sign\u00e9 par Monsieur le pr\u00e9fet du Var ; \n \n- Personnalit\u00e9 qualifi\u00e9e, repr\u00e9sentant des usagers d\u00e9sign\u00e9 par Monsieur le pr\u00e9fet du Var ; \u00e0 d\u00e9signer \n \n \n Agence r\u00e9gionale de sant\u00e9 du Var - 83-2024-03-29-00007 - Arr\u00eat\u00e9 fixant la composition du conseil de surveillance du CH Pierrefeu du\nVar 5\n \nAgence r\u00e9gionale de sant\u00e9 Provence-Alpes-C\u00f4te d'Azur - D\u00e9l\u00e9gation d\u00e9partementale du Var \u2013 Immeuble TOVA 2 - 177 boulevard du \nDocteur Charles Barnier \u2013 CS 31302 - 83076 Toulon Cedex \nT\u00e9l. : 04 13 55 89 02 / Fax : 04 13 55 80 40 / www.ars.paca.sante.fr \nPage 3 / 3 \nII. Sont membres du conseil de surveillance avec voix consultative : \n \n- Monsieur le Dr Herv\u00e9 De PERETTI, pr\u00e9sident de la commission m\u00e9dicale d'\u00e9tablissement, vice \npr\u00e9sident du directoire du centre hospitalier Henri Gu\u00e9rin ; \n \n- Le directeur g\u00e9n\u00e9ral de l'Agence r\u00e9gionale de sant\u00e9 de Provence-Alpes-C\u00f4te d'Azur ; \n \n- Monsieur le Dr Vincent FOURNEL, repr\u00e9sentant de la structure charg\u00e9e de la r\u00e9flexion d'\u00e9thique au \nsein du centre hospitalier Henri Gu\u00e9rin de Pierrefeu du Var ; \n \n- Le directeur de la caisse d'Assurance maladie de Toulon ; \n \n \nArticle 3 : La dur\u00e9e des fonctions des membres du conseil de surveillance est fix\u00e9e \u00e0 cinq ans sous r\u00e9serve \ndes dispositions particuli\u00e8res pr\u00e9vues \u00e0 l'article R.6143-12 du code de la sant\u00e9 publique. \n \n \nArticle 4 : Un recours contentieux peur \u00eatre form\u00e9 aupr\u00e8s du tribunal administratif territorialement comp\u00e9tent \ndans un d\u00e9lai franc de deux mois \u00e0 compter de la notification du pr\u00e9sent arr\u00eat\u00e9 pour les int\u00e9ress\u00e9s ou de sa \npublication pour les tiers. \n \n \nArticle 5 : Le directeur g\u00e9n\u00e9ral de l'Agence r\u00e9gionale de sant\u00e9 de Provence-Alpes-C\u00f4te d'Azur, le directeur \nde la d\u00e9l\u00e9gation d\u00e9partementale du Var et le directeur du centre hospitalier Henri Gu\u00e9rin de Pierrefeu du Var \nsont charg\u00e9s, chacun en ce qui le concerne, de l'ex\u00e9cution du pr\u00e9sent arr\u00eat\u00e9 qui sera publi\u00e9 au recueil des \nactes administratifs de la pr\u00e9fecture de la r\u00e9gion Provence-Alpes-C\u00f4te d'Azur et de la pr\u00e9fecture du \nd\u00e9partement du Var. \n \n \n \n \nToulon, le 29 mars 2024 \n \n \nPour le directeur de l'agence  \nr\u00e9gionale de sant\u00e9 PACA \nLe directeur d\u00e9partemental du Var \n \nSign\u00e9 \n \nS\u00e9batien MONI\u00c9 Agence r\u00e9gionale de sant\u00e9 du Var - 83-2024-03-29-00007 - Arr\u00eat\u00e9 fixant la composition du conseil de surveillance du CH Pierrefeu du\nVar 6\nCentre hospitalier Henri Gu\u00e9rin Pierrefeu\n83-2024-04-29-00001\n2024-03-81-D\u00e9cision PORTANT CONSTITUTION\nDU COLLEGE DE L\u25a1ARTICLE L 3211-2 DU CODE\nDE LA SANTE PUBLIQUE\nCentre hospitalier Henri Gu\u00e9rin Pierrefeu - 83-2024-04-29-00001 - 2024-03-81-D\u00e9cision PORTANT CONSTITUTION DU COLLEGE DE\nL\u25a1ARTICLE L 3211-2 DU CODE DE LA SANTE PUBLIQUE 7\n \n \n \nCENTRE HOSPITALIER HENRI GUERIN  \nQuartier Barnencq  \n83390 PIERREFEU DU VAR  \n \n \nDECISION N\u00b0 2024/03/ 81 \n \nPORTANT CONSTITUTION DU COLLEGE DE L'ARTICLE L 3211 -2 \nDU CODE DE LA SANTE PUBLIQUE  \n \n \nLE DIRECTEUR  \n \nVu le Code de Sant\u00e9 Publique et notamment l'article L 3 211-9, \n \nVu la Loi n\u00b02009 -879 du 21 juillet 2009 portant r\u00e9forme de l'h\u00f4pital et relative aux patients, \u00e0 \nla sant\u00e9 et aux territoires,  \n \nVu la Loi n\u00b02011 -803 du 5 juillet 2011 modifi\u00e9 e relative aux droits et \u00e0 la protection des \npersonnes faisant l'objet de s oins psychiatriques et aux modalit\u00e9s de leur prise en charge,  \n \nVu le d\u00e9cret d'application n\u00b0  2011 -847 du 18 juillet 2011 relatif aux droits et \u00e0 la protection \ndes personnes faisant l'objet de soins psychiatriques et aux modalit\u00e9s de leur prise en \ncharge,  \n \nDECIDE  \nArticle 1  : \n \nIl est constitu\u00e9 un coll\u00e8ge sur le fondement de l'article L 3211 -9 du Code de la Sant\u00e9 \nPublique.  \n \nCe coll\u00e8ge est constitu\u00e9 pour chacun des patients concern\u00e9s par son champ de comp\u00e9tence \npar : \n1\u00b0) \u2013 Monsieur  le Docteur DE PERETTI Herv\u00e9 , responsable  \u00e0 titre principal du patient dont la \nsituation sera examin\u00e9e , \n \n2\u00b0) \u2013 Monsieur CLAUDEL Jean -Louis,  repr\u00e9sentant l'\u00e9quipe pluridisciplinaire participant \u00e0 la \nprise en charge d es patient s, \n \n3\u00b0) \u2013 Monsieur le Docteur FEBEREY Jean -Yves , Pratic ien Hospitalier .  \n \nArticle 2  : \n \nLa pr\u00e9sente d\u00e9cision est \u00e0 effet imm\u00e9diat.  \n \nElle fera l'objet d'une publication par tous moyens la rendant consultable et sera notamment \npubli\u00e9e au Recueil des actes administratifs de la Pr\u00e9fecture du Var.  \n \nPierrefeu -du-Var, le Jeudi 28 Mars  2024  \n \nPour le Directeur et par PO  \nL'Attach\u00e9e d'Administration Hospitali\u00e8re  \nSign\u00e9  : BIANCHINI Sabine  Centre hospitalier Henri Gu\u00e9rin Pierrefeu - 83-2024-04-29-00001 - 2024-03-81-D\u00e9cision PORTANT CONSTITUTION DU COLLEGE DE\nL\u25a1ARTICLE L 3211-2 DU CODE DE LA SANTE PUBLIQUE 8\nPr\u00e9fecture du VAR\n83-2024-03-25-00005\nRAA 23-83-0269   AP MODIF PFG SERVICES\nFUNERAIRES OLLIOULES \nPr\u00e9fecture du VAR - 83-2024-03-25-00005 - RAA 23-83-0269   AP MODIF PFG SERVICES FUNERAIRES OLLIOULES 9\nEx\nPREFET\nDU  VAR\nL'z'berte'\nEgalit\u00e9\nFraternit\u00e9\nDirection de la citoyennet\u00e9 et de la l\u00e9galit\u00e9\nBureau des \u00e9lections et de la r\u00e9glementation g\u00e9n\u00e9rale\nARR\u00caT\u00c9 PR\u00c9FECTORAL  n\u00b0 DCL/BERG/2024/ 66 du 25 mars 2024\nportant modification de l'arr\u00eat\u00e9 DCL/BERG/2023/427  du 27 octobre 2023\nportant habilitation  dans le domaine fun\u00e9raire de l'\u00e9tablissement\n\u00ab PFG SERVICES FUNERAIRES  \u00bb\n762, Avenue Jean Monnet \u2013 83190 OLLIOULES\nHabilitation N\u00b0 23-83-0269\nLe Pr\u00e9fet du Var,\nVu le code g\u00e9n\u00e9ral des collectivit\u00e9s territoriales  ;\nVu la loi n\u00b0 2008-1350 du 19 d\u00e9cembre 2008 relative \u00e0 la l\u00e9gislation fun\u00e9raire  ;\nVu  le  d\u00e9cret  du  Pr\u00e9sident  de  la  R\u00e9publique  du  13  juillet  2023,  portant  nomination  de\nMonsieur Philippe MAHE, pr\u00e9fet du Var  ;\nVu l'arr\u00eat\u00e9 pr\u00e9fectoral n\u00b0 2023/47/MCI du 21 ao\u00fbt 2023 portant d\u00e9l\u00e9gation de signature \u00e0\nMonsieur Lucien GIUDICELLI, secr\u00e9taire g\u00e9n\u00e9ral de la pr\u00e9fecture du Var  ;\nVu l'arr\u00eat\u00e9 pr\u00e9fectoral n\u00b0 2023/26/MCI du 21 ao\u00fbt 2023 portant d\u00e9l\u00e9gation de signature \u00e0\nMonsieur Thibaut DARGON, directeur de la citoyennet\u00e9 et de la l\u00e9galit\u00e9 de la pr\u00e9fecture du\nVar ;\nVu l'arr\u00eat\u00e9 pr\u00e9fectoral n\u00b0 DCL/BERG/2023/427 du 27 octobre 2023 portant habilitation dans\nle domaine fun\u00e9raire de l'\u00e9tablissement \u00ab  PFG SERVICES FUNERAIRES  \u00bb situ\u00e9  762, Avenue\nJean Monnet \u2013 83190 OLLIOULES  ;\nVu l'arr\u00eat\u00e9  pr\u00e9fectoral n\u00b0 DCL/BERG/2023/209  du  27  juillet 2023  portant autorisation  de\ncr\u00e9ation d'une chambre fun\u00e9raire situ\u00e9e 762, Avenue Jean Monnet \u2013 83190 OLLIOULES  ;\nVu  la  demande  formul\u00e9e  par  Monsieur  Pierrick  SARTORIO,  repr\u00e9sentant  l\u00e9gal,  suite  \u00e0 la\ncr\u00e9ation d'une chambre fun\u00e9raire d'obtenir l'autorisation de g\u00e9rer et d'utiliser une chambre\nfun\u00e9raire  \u00ab  PFG  SERVICES  FUNERAIRES  \u00bb,  situ\u00e9e  762,  Avenue  Jean  Monnet  \u2013\n83190 OLLIOULES ;\nVu  le  rapport  de  v\u00e9rification  de  la  chambre  fun\u00e9raire  du  25  janvier  2024\n(r\u00e9f.  8476438/S291.656.1.R)  par  lequel  le  bureau  V\u00e9ritas  Exploitation  SAS  a  \u00e9mis  un  avis\nsatisfaisant ;\nConsid\u00e9rant la compl\u00e9tude du dossier  ;\nSur proposition du  secr\u00e9taire g\u00e9n\u00e9ral de la pr\u00e9fecture  ;\n1/2\nPr\u00e9fecture du VAR - 83-2024-03-25-00005 - RAA 23-83-0269   AP MODIF PFG SERVICES FUNERAIRES OLLIOULES 10\nARR\u00caTE\nArticle 1 : L'article 1 de l'arr\u00eat\u00e9 pr\u00e9fectoral du 27 octobre 2023 susvis\u00e9 est modifi\u00e9 comme\nsuit :\nL'\u00e9tablissement  \u00ab PFG  SERVICES  FUNERAIRES  \u00bb  situ\u00e9  762,  Avenue  Jean  Monnet  -  83190\nOLLIOULES et repr\u00e9sent\u00e9 par son repr\u00e9sentant l\u00e9gal, Monsieur Pierrick SARTORIO , est habilit\u00e9\npour exercer les activit\u00e9s suivantes  :\n1 - Transport de corps avant et apr\u00e8s mise en bi\u00e8re,\n2 - Organisation des obs\u00e8ques,\n3 - Soins de conservation en sous-traitance avec la soci\u00e9t\u00e9  :\n-  \u00ab HYGECO  PMA \u00bb,  sise  12-16  rue  Sarah  Bernhardt  \u00e0  Asni\u00e8res-sur-Seine  (92600),  sous\nle n\u00b0 20-92-0216,\n4 - Fournitures des housses, cercueils et accessoires int\u00e9rieur et ext\u00e9rieur ainsi que des urnes\ncin\u00e9raires,\n6 - Gestion et utilisation d'une chambre fun\u00e9raire,\n7 - Fourniture des corbillards et voitures de deuil,\n8 - Fourniture de personnel et objets et prestations n\u00e9cessaires aux obs\u00e8ques, inhumations,\nexhumations et cr\u00e9mations.\nArticle 2     : Le reste est sans changement.\nArticle 3     : Le secr\u00e9taire g\u00e9n\u00e9ral de la pr\u00e9fecture du Var est charg\u00e9 de l'ex\u00e9cution du pr\u00e9sent\narr\u00eat\u00e9, qui sera publi\u00e9 au recueil des actes administratifs de la pr\u00e9fecture du Var et dont une\ncopie sera adress\u00e9e au maire de la commune d'Ollioules.\nFait \u00e0 Toulon, le 25 mars 2024\nPour le pr\u00e9fet et par d\u00e9l\u00e9gation,\nLe directeur de la citoyennet\u00e9\net de la l\u00e9galit\u00e9,\nSign\u00e9\nThibaut DARGON\nDans un d\u00e9lai de deux mois \u00e0 compter de la date de la notification ou de la publication du pr\u00e9sent arr\u00eat\u00e9 au recueil des actes administratifs de la pr\u00e9fecture, les recours suivants peuvent \u00eatre introduits conform\u00e9ment aux dispositions des articles R. 421-1 et suivants du code de justice administrative :-un recours gracieux, adress\u00e9 \u00e0 :M. le Pr\u00e9fet du Var - Boulevard du 112 \u00e8me r\u00e9giment d'infanterie - CS 31209 - 83070 TOULON CEDEX-un recours hi\u00e9rarchique, adress\u00e9  au(x) ministre(s) concern\u00e9(s)  ;Dans ces deux cas, le silence de l'Administration vaut rejet implicite au terme d'un d\u00e9lai de deux mois.Apr\u00e8s un recours gracieux ou hi\u00e9rarchique, le d\u00e9lai du recours contentieux ne court qu'\u00e0 compter du rejet explicite ou implicite de l'un de ces recours.-un recours contentieux, en saisissant le Tribunal Administratif de Toulon : 5 rue Racine -BP 40510 - 83  041 TOULON CEDEX 9Le tribunal administratif peut \u00eatre saisi par l'application informatique \u00ab  T\u00e9l\u00e9cours \u00bb accessible par le site internet www.telecours.fr.\n2/2Pr\u00e9fecture du VAR - 83-2024-03-25-00005 - RAA 23-83-0269   AP MODIF PFG SERVICES FUNERAIRES OLLIOULES 11\nPr\u00e9fecture du VAR\n83-2024-03-25-00004\nRAA ARRETE PREFECTORAL  PF DE FRANCE \nPr\u00e9fecture du VAR - 83-2024-03-25-00004 - RAA ARRETE PREFECTORAL  PF DE FRANCE 12\nEx\nPREFET\nDU  VAR\nL'z'berte'\nEgalit\u00e9\nFraternit\u00e9\nDirection de la citoyennet\u00e9 et de la l\u00e9galit\u00e9\nBureau des \u00e9lections et de la r\u00e9glementation g\u00e9n\u00e9rale\nARR\u00caT\u00c9 PR\u00c9FECTORAL  n\u00b0 DCL/BERG/2024/ 50 du 25 mars 2024\nportant renouvellement de l' habilitation dans le domaine fun\u00e9raire\nde l'\u00e9tablissement \u00abPOMPES FUNEBRES DE FRANCE \u2013 POMPES FUNEBRES DELESSE  \u00bb\n6, rue Jean-Baptiste Lav\u00e8ne \u2013 83130 LA GARDE\nHabilitation N\u00b0 24-83-0047\nLe Pr\u00e9fet du Var,\nVu le code g\u00e9n\u00e9ral des collectivit\u00e9s territoriales  ;\nVu la loi n\u00b0 2008-1350 du 19 d\u00e9cembre 2008 relative \u00e0 la l\u00e9gislation fun\u00e9raire  ;\nVu  le  d\u00e9cret  du  Pr\u00e9sident  de  la  R\u00e9publique  du  13  juillet  2023,  portant  nomination  de\nMonsieur Philippe MAHE, pr\u00e9fet du Var  ;\nVu l'arr\u00eat\u00e9 pr\u00e9fectoral n\u00b02023/47/MCI du 21 ao\u00fbt 2023 portant d\u00e9l\u00e9gation de signature \u00e0\nMonsieur Lucien GIUDICELLI, secr\u00e9taire g\u00e9n\u00e9ral de la pr\u00e9fecture du Var  ;\nVu l'arr\u00eat\u00e9 pr\u00e9fectoral n\u00b0 2023/26/MCI du 21 ao\u00fbt 2023 portant d\u00e9l\u00e9gation de signature \u00e0\nMonsieur Thibaut DARGON, directeur de la citoyennet\u00e9 et de la l\u00e9galit\u00e9 de la pr\u00e9fecture du\nVar ;\nVu l'arr\u00eat\u00e9 pr\u00e9fectoral n\u00b0 18-83-03 du 25 janvier 2018, portant renouvellement d'habilitation\ndans le domaine de l'\u00e9tablissement secondaire \u00ab   LE JARDIN DE FANNY 2 \u2013 ROC ECLERC  \u00bb\nsitu\u00e9 6, rue Jean-Baptiste Lav\u00e8ne \u00e0 LA GARDE  ;\nVu l'arr\u00eat\u00e9 pr\u00e9fectoral n\u00b0 18-83-03 du 20 mai 2019, portant modification d'habilitation dans le\ndomaine fun\u00e9raire de l'\u00e9tablissement secondaire \u00ab  POMPES FUNEBRES DE FRANCE  \u00bb situ\u00e9\n6, rue Jean-Baptiste Lav\u00e8ne \u00e0 LA GARDE ;\nVu la demande de renouvellement formul\u00e9e par Monsieur Fr\u00e9d\u00e9ric DELESSE, repr\u00e9sentant\nl\u00e9gal de l'\u00e9tablissement \u00ab POMPES FUNEBRES DE FRANCE \u2013 POMPES FUNEBRES DELESSE  \u00bb,\nsitu\u00e9 6, rue Jean-Baptiste Lav\u00e8ne \u2013 83130 LA GARDE  \u00bb ;\nConsid\u00e9rant la compl\u00e9tude du dossier  ;\nSur proposition du  secr\u00e9taire g\u00e9n\u00e9ral de la pr\u00e9fecture  ;\nARR\u00caTE\nArticle 1 : L'\u00e9tablissement de pompes fun\u00e8bres exploit\u00e9 sous le nom commercial et sous\nl'enseigne \u00abPOMPES FUNEBRES DE FRANCE \u2013 POMPES FUNEBRES DELESSE , situ\u00e9 6, rue Jean-\nBaptiste  Lav\u00e8ne  \u2013 83130  LA  GARDE,  et  dont  le  repr\u00e9sentant  l\u00e9gal est  Monsieur  Fr\u00e9d\u00e9ric\nDELESSE, est habilit\u00e9 pour exercer les activit\u00e9s suivantes  :\n1 - Transport de corps avant et apr\u00e8s mise en bi\u00e8re,\n1/2\nPr\u00e9fecture du VAR - 83-2024-03-25-00004 - RAA ARRETE PREFECTORAL  PF DE FRANCE 13\n2 - Organisation des obs\u00e8ques,\n3 - Soins  de  conservation,  en  sous-traitance  avec  l'\u00e9tablissement  \u00ab  OLEA  SERVICES\nFUNERAIRES \u00bb, sis \u00e0 La Seyne-sur-Mer (Var), habilit\u00e9 sous le num\u00e9ro 22-83-0097 ,\n4 - Fourniture des housses, cercueils et accessoires int\u00e9rieur et ext\u00e9rieur ainsi que des urnes\ncin\u00e9raires,\n7 - Fourniture des corbillards et voitures de deuil,\n8 - Fourniture  de  personnels  et  des  objets  et  prestations  n\u00e9cessaires  aux  obs\u00e8ques,\ninhumations, exhumations et cr\u00e9mations.\nArticle 2     : L'habilitation porte le num\u00e9ro 24-83-0047 .\nArticle 3     : La pr\u00e9sente habilitation prendra effet \u00e0 compter de sa date de signature, pour une\ndur\u00e9e de cinq ans.\nPour  solliciter  le  renouvellement  de  la  pr\u00e9sente  habilitation,  le  b\u00e9n\u00e9ficiaire  devra  faire\nparvenir sa demande en pr\u00e9fecture au plus tard deux mois avant sa date de fin de validit\u00e9.\nArticle 4     : Conform\u00e9ment aux articles L.2223-25 et R.2223-64, D.2223-87 du code g\u00e9n\u00e9ral des\ncollectivit\u00e9s  territoriales,  et  \u00e0  d\u00e9faut  de  la  production,  dans  les  meilleurs  d\u00e9lais,  des\njustificatifs de conformit\u00e9 des \u00e9quipements, la pr\u00e9sente habilitation pourra \u00eatre suspendue\npour  une  dur\u00e9e  maximale  d'un  an  ou  retir\u00e9e,  apr\u00e8s  mise  en  demeure,  pour  les  motifs\nsuivants :\n-non-respect des conditions de sa d\u00e9livrance telles qu'elles sont d\u00e9finies par les dispositions\ndu code g\u00e9n\u00e9ral des collectivit\u00e9s territoriales  ;\n-non exercice ou cessation d'exercice des activit\u00e9s au titre desquelles elle a \u00e9t\u00e9 d\u00e9livr\u00e9e  ;\n-atteinte \u00e0 l'ordre public ou danger pour la salubrit\u00e9 publique.\nDans  les  cas  o\u00f9  le  b\u00e9n\u00e9ficiaire  est  un  d\u00e9l\u00e9gataire,  le  retrait  d'habilitation  entra\u00eene  la\nd\u00e9ch\u00e9ance des d\u00e9l\u00e9gations.\nArticle 5     : Le secr\u00e9taire g\u00e9n\u00e9ral de la pr\u00e9fecture du Var est charg\u00e9 de l'ex\u00e9cution du pr\u00e9sent\narr\u00eat\u00e9 qui sera publi\u00e9 au recueil des actes administratifs de la pr\u00e9fecture du Var et dont une\ncopie sera adress\u00e9e au maire de la commune d e La Garde pour information.\nFait \u00e0 Toulon, le 25 mars 2024\nPour le pr\u00e9fet et par d\u00e9l\u00e9gation,\nLe directeur de la citoyennet\u00e9\net de la l\u00e9galit\u00e9,\nSign\u00e9\nThibaut DARGON\nDans un d\u00e9lai de deux mois \u00e0 compter de la date de la notification ou de la publication du pr\u00e9sent arr\u00eat\u00e9 au recueil des actes administratifs de la pr\u00e9fecture, les recours suivants peuvent \u00eatre introduits conform\u00e9ment aux dispositions des articles R. 421-1 et suivants du code de justice administrative :-un recours gracieux, adress\u00e9 \u00e0 :M. le Pr\u00e9fet du Var - Boulevard du 112 \u00e8me r\u00e9giment d'infanterie - CS 31209 - 83070 TOULON CEDEX-un recours hi\u00e9rarchique, adress\u00e9  au(x) ministre(s) concern\u00e9(s)  ;Dans ces deux cas, le silence de l'Administration vaut rejet implicite au terme d'un d\u00e9lai de deux mois.Apr\u00e8s un recours gracieux ou hi\u00e9rarchique, le d\u00e9lai du recours contentieux ne court qu'\u00e0 compter du rejet explicite ou implicite de l'un de ces recours.-un recours contentieux, en saisissant le Tribunal Administratif de Toulon : 5 rue Racine -BP 40510 - 83  041 TOULON CEDEX 9Le tribunal administratif peut \u00eatre saisi par l'application informatique \u00ab  T\u00e9l\u00e9cours \u00bb accessible par le site internet www.telecours.fr.\n2/2Pr\u00e9fecture du VAR - 83-2024-03-25-00004 - RAA ARRETE PREFECTORAL  PF DE FRANCE 14\nPr\u00e9fecture du VAR\n83-2024-04-03-00001\nArr\u00eat\u00e9 pr\u00e9fectoral  n\u00b02024-04-001 ESC portant\nr\u00e9glementation temporaire de la circulation sur\nl'autoroute A8 sur le territoire des communes de\nFr\u00e9jus, Puget-sur-Argens, Roquebrune-sur-Argens,\nLe Muy, Les Arcs, Vidauban et Le\nCannet-des-Maures.\nPr\u00e9fecture du VAR - 83-2024-04-03-00001 - Arr\u00eat\u00e9 pr\u00e9fectoral  n\u00b02024-04-001 ESC portant r\u00e9glementation temporaire de la circulation\nsur l'autoroute A8 sur le territoire des communes de Fr\u00e9jus, Puget-sur-Argens, Roquebrune-sur-Argens, Le Muy, Les Arcs, Vidauban et\nLe Cannet-des-Maures.15\nEx\nPREFET\nDU  VAR\nL'z'berte'\nEgalit\u00e9\nFraternit\u00e9\nDirection des s\u00e9curit\u00e9s\nService de l'\u00e9ducation et\nde la s\u00e9curit\u00e9 routi\u00e8res\nP\u00f4le \u00e9tudes et ing\u00e9nierie\n                    ARR\u00caT\u00c9 PR\u00c9FECTORAL n\u00b0 2024-04- 001 ESC du  03 avril 202402/07/2020\nportant r\u00e9glementation temporaire de la circulation sur l'autoroute A8\nsur le territoire des communes de Fr\u00e9jus, Puget-sur-Argens, Roquebrune-sur-Argens, Le Muy,\nLes Arcs, Vidauban et Le Cannet-des-Maures \nLe Pr\u00e9fet du Var,\nVu le Code de la route  ;\nVu le Code de la voirie routi\u00e8re  ;\nVu  le d\u00e9cret du 29 novembre 1982 approuvant la convention de concession pass\u00e9e entre\nl'\u00c9tat et la soci\u00e9t\u00e9 de l'autoroute Est\u00e9rel, C\u00f4te d'Azur, Provence Alpes (ESCOTA) en vue de la\nconstruction, de l'entretien et de l'exploitation des autoroutes conc\u00e9d\u00e9es et ses avenants\nult\u00e9rieurs ;\nVu le d\u00e9cret n\u00b0 2015-1045 du 21 ao\u00fbt 2015 approuvant le transfert de la travers\u00e9e autorouti\u00e8re\nde  Toulon  entre  l'\u00c9tat  et la  soci\u00e9t\u00e9  des  autoroutes  Est\u00e9rel,  C\u00f4te  d'Azur,  Provence  Alpes\n(ESCOTA) ;\nVu  l'arr\u00eat\u00e9  interminist\u00e9riel  du  24  novembre  1967  relatif  \u00e0  la  signalisation  des  routes  et\nautoroutes et des textes subs\u00e9quents  ;\nVu l'arr\u00eat\u00e9 pr\u00e9fectoral n\u00b0 2506 en date du 28 d\u00e9cembre 2016, portant r\u00e9glementation de la\ncirculation sur l'autoroute A8  ;\nVu  l'arr\u00eat\u00e9 pr\u00e9fectoral n\u00b0 2020-12-001 BR du 16 d\u00e9cembre  2020, portant modification de\nl'arr\u00eat\u00e9 pr\u00e9fectoral n\u00b0 2523 du 20 mars 2018, portant r\u00e9glementation de la circulation des\nv\u00e9hicules de transport de bois ronds dans le d\u00e9partement du Var  ;\nVu  l'arr\u00eat\u00e9 pr\u00e9fectoral n\u00b0 2023-06-004 en date du 26 juin 2023, autorisant l'ouverture de\nchantiers d'entretien courant ou de r\u00e9paration sur les autoroutes A8, A50 et A57 dans la\ntravers\u00e9e du d\u00e9partement du Var  ;\nVu  l'arr\u00eat\u00e9 pr\u00e9fectoral n\u00b0  2024/04/MCI du 9 f\u00e9vrier 2024  portant d\u00e9l\u00e9gation de signature \u00e0\nMme Agn\u00e8s BONJEAN, sous-pr\u00e9f\u00e8te charg\u00e9e de mission, secr\u00e9taire g\u00e9n\u00e9rale adjointe, assurant\nl'int\u00e9rim du directeur de cabinet du pr\u00e9fet du Var \u00e0 compter du 12 f\u00e9vrier 2024  ;\nVu la note technique du 14 avril 2016 du Minist\u00e8re de l'Environnement, de l'\u00c9nergie et de la\nMer (DGITM/DIT) relative \u00e0 la coordination des chantiers sur le r\u00e9seau routier national (RRN)  ;\nVu le r\u00e8glement d'exploitation de la soci\u00e9t\u00e9 des autoroutes ESCOTA en date du 27 juin 2023  ;\nVu la demande de la Soci\u00e9t\u00e9 des autoroutes ESCOTA en date du 07 f\u00e9vrier 2024;\nVu  l'avis  favorable  de  la  Direction  G\u00e9n\u00e9rale  des  Infrastructures,  des  Transports  et  des\nMobilit\u00e9s sur le dossier d'exploitation sous chantier n\u00b0 2024-019 en date du 14 f\u00e9vrier 2024;\nVu l'avis favorable du conseil d\u00e9partemental du Var en date du 12 f\u00e9vrier 2024;\nArr\u00eat\u00e9 pr\u00e9fectoral n\u00b0 2024-04-001 ESC Page 1/4\nPr\u00e9fecture du VAR - 83-2024-04-03-00001 - Arr\u00eat\u00e9 pr\u00e9fectoral  n\u00b02024-04-001 ESC portant r\u00e9glementation temporaire de la circulation\nsur l'autoroute A8 sur le territoire des communes de Fr\u00e9jus, Puget-sur-Argens, Roquebrune-sur-Argens, Le Muy, Les Arcs, Vidauban et\nLe Cannet-des-Maures.16\nConsid\u00e9rant que pour assurer la s\u00e9curit\u00e9 des usagers de l'autoroute, des agents de la soci\u00e9t\u00e9\ndes  autoroutes  Est\u00e9rel,  C\u00f4te  d'Azur,  Provence  Alpes  (ESCOTA)  et  des  personnels  de\nl'entreprise  charg\u00e9s  d'effectuer  les  travaux  d'entretien  des  signalisations  horizontales,\nverticales et la r\u00e9paration des chauss\u00e9es sur l'autoroute A8, il convient de r\u00e9glementer la\ncirculation sur le territoire du d\u00e9partement du Var, sur l'autoroute A8, dans les deux sens de\ncirculation, les semaines 15 et 16/2024. Les semaines 16 et 17/2024 constituent les semaines de\nr\u00e9serve.\nSur proposition de la sous-pr\u00e9f\u00e8te charg\u00e9e de mission, secr\u00e9taire g\u00e9n\u00e9rale adjointe, assurant\nl'int\u00e9rim du directeur de cabinet du pr\u00e9fet du Var ,\nARR\u00caTE :\nArticle 1  er   : En raison des travaux d'entretien des signalisations horizontales, verticales et la\nr\u00e9paration des chauss\u00e9es sur l'autoroute A8, au niveau des bretelles d'entr\u00e9e et de sortie d es\ndiffuseurs N\u00b0 36 \u00ab  Le Muy \u00bb au PR 117 .600 et N\u00b0 37 \u00ab  Puget-sur-Argens \u00bb au PR 129.200, la\ncirculation de tous les v\u00e9hicules sera r\u00e9glement\u00e9e dans les deux sens de circulation \u00e0 raison\nde quatre nuits par semaine, de 21h00 \u00e0 05h00, du lundi 08 avril 2024 au vendredi 12 avril\n2024  et  du  lundi  15  avril  2024  au  vendredi  19  avril  2024.  Les  semaines  16  et  17/2024\nconstituent les semaines de r\u00e9serve. \nArticle 2 : Les travaux r\u00e9alis\u00e9s au niveau des bretelles d'entr\u00e9e et de sortie des diffuseurs     N\u00b0\n36 \u00ab Le Muy \u00bb au PR 117 .600 et N\u00b0 37 \u00ab  Puget-sur-Argens \u00bb au PR 129.200 sur l'autoroute A8\nn\u00e9cessitent de r\u00e9glementer la circulation comme suit  : \nFermeture des bretelles d'entr\u00e9e et de sortie du diffuseur N\u00b0 36 \u00ab  Le Muy \u00bb au PR 117 .600\nDans les deux sens de circulation\nDe 21h00 \u00e0 05h00, du lundi 08 avril 2024 au vendredi 12 avril 2024\nLa semaine 16/2024 constitue la semaine de r\u00e9serve\nItin\u00e9raires de d\u00e9viation     :   \nFermeture de la bretelle d'entr\u00e9e du diffuseur N\u00b036 \u00ab     le Muy     \u00bb dans le   sens Aix-en-Provence  \nvers Nice :\nTous  les  v\u00e9hicules  souhaitant  entrer  sur  l'autoroute  A8  au  niveau  du  diffuseur  N\u00b0  36\n\u00ab Le Muy \u00bb au PR 117 .600, emprunteront la RDN7 , en direction du diffuseur N\u00b037 \u00ab  Puget-sur-\nArgens \u00bb au PR 129.200 pour rejoindre l'autoroute A8 en direction de Nice.\nFermeture de la bretelle de sortie du diffuseur N\u00b036 \u00ab     le Muy     \u00bb dans le   sens Aix-en-Provence  \nvers Nice :\nTous les v\u00e9hicules souhaitant sortir au diffuseur N\u00b0 36 \u00ab  Le Muy \u00bb au PR 117 .600, devront\nemprunter  l'autoroute  A57  en  direction  de  Toulon  puis  sortir  au  diffuseur  N\u00b0  13\n\u00ab Le Luc /Le Cannet-des-Maures  \u00bb au PR 51.400 et suivre la RDN7 jusqu'au Muy.\nFermeture de la bretelle d'entr\u00e9e du diffuseur N\u00b036 \u00ab     le Muy     \u00bb dans le   sens Nice vers Aix-en-  \nProvence     :   \nTous  les  v\u00e9hicules  souhaitant  entrer  sur  l'autoroute  A8  au  niveau  du  diffuseur  N\u00b0  36\n\u00ab Le Muy \u00bb au PR 117 .600, prendront la RDN7 en direction du diffuseur N\u00b0 13 \u00ab  Le Luc /Le\nCannet-des-Maures  \u00bb  au  PR  51.400  et  rejoindront  l'autoroute  A8,  en  direction  d'Aix-en-\nProvence.\nFermeture de la bretelle de sortie du diffuseur N\u00b036 \u00ab     le Muy     \u00bb dans le   sens Nice vers Aix-  \nen-Provence     :   \nTous les v\u00e9hicules souhaitant sortir au diffuseur N\u00b0 36 \u00ab  Le Muy \u00bb au PR 117 .600 devront\nsortir au diffuseur N\u00b0 37 \u00ab  Puget-sur-Argens \u00bb au PR 129.200 et suivre la RDN7 jusqu'au Muy.\nArr\u00eat\u00e9 pr\u00e9fectoral n\u00b0 2024-04-001 ESC Page 2/4Pr\u00e9fecture du VAR - 83-2024-04-03-00001 - Arr\u00eat\u00e9 pr\u00e9fectoral  n\u00b02024-04-001 ESC portant r\u00e9glementation temporaire de la circulation\nsur l'autoroute A8 sur le territoire des communes de Fr\u00e9jus, Puget-sur-Argens, Roquebrune-sur-Argens, Le Muy, Les Arcs, Vidauban et\nLe Cannet-des-Maures.17\nFermeture des bretelles d'entr\u00e9e et de sortie du diffuseur N\u00b0 37 \n\u00ab Puget-sur-Argens\u00bb au PR 129.200\nDans les deux sens de circulation\nDe 21h00 \u00e0 05h00, du lundi 15 avril 2024 au vendredi 19 avril 2024\nLa semaine 17/2024 constitue la semaine de r\u00e9serve\nItin\u00e9raires de d\u00e9viation     :  \nFermeture de la bretelle d'entr\u00e9e du diffuseur N\u00b037 \u00ab     Puget-sur-Argens     \u00bb dans le   sens Aix-  \nen-Provence vers Nice  :\nTous les v\u00e9hicules souhaitant entrer sur l'autoroute A8 au niveau du diffuseur N\u00b0 37 \u00ab  Puget-\nsur-Argens \u00bb au PR 129.200, emprunteront la RDN7 , puis la RD4 en direction du diffuseur\nN\u00b0 38 \u00ab Fr\u00e9jus-Est \u00bb au PR 134.000 pour rejoindre l'autoroute A8, en direction de Nice.\nFermeture de la bretelle de sortie du diffuseur N\u00b037 \u00ab     Puget-sur-Argens     \u00bb dans le   sens Aix-  \nen-Provence vers Nice  :\nTous les v\u00e9hicules souhaitant sortir au diffuseur N\u00b0 37 \u00ab  Puget sur Argent  \u00bb au PR 129.200\nsortiront au diffuseur N\u00b0 36 \u00ab  Le Muy \u00bb au PR 117 .600 et suivront la RDN7 jusqu'\u00e0 Puget-sur-\nArgens.\nFermeture de la bretelle d'entr\u00e9e du diffuseur N\u00b037 \u00ab     Puget-sur-Argens     \u00bb dans le sens   Nice  \nvers Aix-en-Provence     :   \nTous les v\u00e9hicules souhaitant entrer sur l'autoroute A8 au niveau du diffuseur N\u00b0 37 \u00ab  Puget-\nsur-Argens \u00bb  au  PR  129.200,  emprunteront  la  RDN7 ,  en  direction  du  diffuseur  N\u00b0  36\n\u00ab Le Muy \u00bb au PR 117 .600 pour rejoindre l'autoroute A8, en direction d'Aix-en-Provence.\nFermeture de la bretelle de sortie du diffuseur N\u00b037 \u00ab     Puget-sur-Argens     \u00bb dans le sens   Nice  \nvers Aix-en-Provence     :   \nTous les v\u00e9hicules souhaitant sortir au diffuseur N\u00b0 37 \u00ab  Puget- sur-Argens  \u00bb au PR 129.200\nsortiront au diffuseur N\u00b0 38 \u00ab  Fr\u00e9jus-Est \u00bb au PR 134.000 prendront la RD4 puis la RDN7\njusqu'\u00e0 Puget-sur-Argens.\nArticle 3 : Au regard des contraintes de phasage et de la position des interruptions de terre\nplein central, l'arr\u00eat\u00e9 pr\u00e9fectoral n\u00b02023-03-004 en date du 26 juin 2023 autorisant l'ouverture\nde chantiers d'entretien courant ou de r\u00e9paration sur les autoroutes A8, A50 et A57 dans la\ntravers\u00e9e du d\u00e9partement du Var est d\u00e9rog\u00e9, comme suit du lundi 08 avril 2024 jusqu'au\nvendredi 26 avril 2024, dans les deux sens de circulation  :\nL'inter-distance  de  jour  comme  de  nuit  avec  tout  chantier  n\u00e9cessaire  \u00e0  l'entretien  de\nl'autoroute A8 est ramen\u00e9e \u00e0 z\u00e9ro (0) kilom\u00e8tre pendant la dur\u00e9e de ces travaux .\nArticle  4 :  Une  information  concernant  l'avancement  des  travaux  ainsi  que  le  planning\npr\u00e9visionnel des fermetures est transmise hebdomadairement le vendredi, avant 09h00, aux\ndestinataires suivants  :\n\uf0b7Pr\u00e9fecture du Var (pref-derogations-routes@var.gouv.fr)\n\uf0b7Conseil d\u00e9partemental du Var (bce@var.fr)\n\uf0b7Direction d\u00e9partementale des territoires et de la mer du Var\n\uf0b7Radio Vinci-Autoroutes (107 .7)\nArr\u00eat\u00e9 pr\u00e9fectoral n\u00b0 2024-04-001 ESC Page 3/4Pr\u00e9fecture du VAR - 83-2024-04-03-00001 - Arr\u00eat\u00e9 pr\u00e9fectoral  n\u00b02024-04-001 ESC portant r\u00e9glementation temporaire de la circulation\nsur l'autoroute A8 sur le territoire des communes de Fr\u00e9jus, Puget-sur-Argens, Roquebrune-sur-Argens, Le Muy, Les Arcs, Vidauban et\nLe Cannet-des-Maures.18\nArticle  5 : Les  signalisations  temporaires  et  l'information  des  usagers,  r\u00e9pondant  \u00e0  la\ndescription du pr\u00e9sent arr\u00eat\u00e9, seront mises en place, entretenues et surveill\u00e9es par les services\nd'exploitation de la soci\u00e9t\u00e9 des autoroutes Est\u00e9rel, C\u00f4te d'Azur, Provence Alpes (ESCOTA)\npendant toute la p\u00e9riode des travaux.\nLes usagers seront inform\u00e9s des travaux par l'affichage de messages sur Panneau \u00e0 Messages\nVariables (PMV) sur les autoroutes A8 et par la diffusion de messages Radio Vinci Autoroutes\n(107 .7).\nArticle 6 : La sous-pr\u00e9f\u00e8te charg\u00e9e de mission, secr\u00e9taire g\u00e9n\u00e9rale adjointe, assurant l'int\u00e9rim\ndu directeur de cabinet du pr\u00e9fet du Var , le pr\u00e9sident du conseil d\u00e9partemental du Var, le\ncommandant du groupement de  gendarmerie  d\u00e9partementale  du Var,  le  directeur  de  la\ndirection interd\u00e9partementale de la police nationale du Var, le directeur d\u00e9partemental des\nservices d'incendie et de secours du Var, les maires des communes de  Fr\u00e9jus, Puget-sur-Argens,\nRoquebrune-sur-Argens, Le Muy, Les Arcs, Vidauban, Le Cannet-des-Maures et  le directeur de\nla soci\u00e9t\u00e9 des autoroutes Est\u00e9rel, C\u00f4te d'Azur, Provence Alpes, sont charg\u00e9s, chacun en ce qui\nle  concerne,  de  l'ex\u00e9cution  du  pr\u00e9sent  arr\u00eat\u00e9  qui  sera  publi\u00e9  au  recueil  des  actes\nadministratifs de la pr\u00e9fecture du Var.\nFait \u00e0 Toulon, le 03 avril 2024\n                                                              Pour le Pr\u00e9fet et par d\u00e9l\u00e9gation, \n                                                           La cheffe du service \n                                                           de l'\u00e9ducation et de la s\u00e9curit\u00e9 routi\u00e8res\n                                                          sign\u00e9 :  Sophie BARASTIER\nConform\u00e9ment aux dispositions de l'article R. 421-1 et suivants du code de justice administrative, le pr\u00e9sent arr\u00eat\u00e9\npeut faire l'objet dans un d\u00e9lai de deux mois \u00e0 compter de sa parution  :\n\u2013  d'un recours administratif (recours gracieux aupr\u00e8s du pr\u00e9fet du Var ou recours hi\u00e9rarchique aupr\u00e8s du ministre de\nl'int\u00e9rieur)\n\u2013 d'un recours contentieux devant le tribunal administratif de Toulon. Le tribunal administratif peut \u00eatre saisi par\nl'application informatique \u00ab  T\u00e9l\u00e9recours citoyens \u00bb accessible par le site Internet www.telerecours.fr\nArr\u00eat\u00e9 pr\u00e9fectoral n\u00b0 2024-04-001 ESC Page 4/4Pr\u00e9fecture du VAR - 83-2024-04-03-00001 - Arr\u00eat\u00e9 pr\u00e9fectoral  n\u00b02024-04-001 ESC portant r\u00e9glementation temporaire de la circulation\nsur l'autoroute A8 sur le territoire des communes de Fr\u00e9jus, Puget-sur-Argens, Roquebrune-sur-Argens, Le Muy, Les Arcs, Vidauban et\nLe Cannet-des-Maures.19\nPr\u00e9fecture du VAR\n83-2024-03-24-00001\nPV INITIAL SNSM CFITLN 24032024\nPr\u00e9fecture du VAR - 83-2024-03-24-00001 - PV INITIAL SNSM CFITLN 24032024 20\nBREVET  NATIONAL  DE SECURITE\nET DE SAUVETAGE  AQUATIQUE\n(BN.S.S.A)Exn\nPR\u00c9FET\nDU  VAR\nLibert\u00e9\n\u00c9galit\u00e9\nFraternit\u00e9\nPROC\u00c8S  VERBAL  D'EXAMEN\nL'an deux  mille  vingt  (2024),  le 24 mars  \u00e0 12h00\nLe jury,  constitu\u00e9  en application  des dispositions  du d\u00e9cret  n\u00b091-834  du 30 ao\u00fbt  1991  modifi\u00e9  et\nde l'arr\u00eat\u00e9  du 23 janvier  1979  modifi\u00e9,  fixant  les modalit\u00e9s  de d\u00e9livrance  du brevet  national  de\ns\u00e9curit\u00e9  et sauvetage  aquatique,  sous  la pr\u00e9sidence  de DUBOIS  Dominique,  directeur  du CFi\nSNSM  Toulon-Var  s'est  r\u00e9uni  \u00e0 la piscine  Jaur\u00e9guiberry  de la commune  de TOULON  pour  proc\u00e9der\naux  d\u00e9lib\u00e9rations.\nParticipait  aux  travaux  du jury  :\nNom-Pr\u00e9nom  Qualification  Organisme  d'appartenance\nDubois  Dominique  Pr\u00e9sident  CF! SNSM  TOULON\nMercier  Emmanuel  BEESAN  CFI SNSM  TOULON\nDellerm  Guillaume  BPJEPS  AAN  / PAE FPS CFI SNSM  TOULON\nBringard  Jean  BNSSA  CFI SNSM  TOULON\nPellois  Florent  BNSSA  / SSA  CFI SNSM  TOULON\n\u00c0 l'issue  de cet examen,  sont  d\u00e9clar\u00e9s  admis  les personnes  figurant  sur le tableau  joint  en annexe\n1 ayant  satisfait  aux 4 \u00e9preuves  et dont  le nom  est suivi  de la mention  \u00ab admis  \u00bb.\nEn application  de l'article  10 bis de l'arr\u00eat\u00e9  du 23 janvier  1979,modifi\u00e9,  la liste  des candidats  re\u00e7us\n\u00e0 l'examen  du brevet  national  de s\u00e9curit\u00e9  et de sauvetage  aquatique  est publi\u00e9e  au recueil  des\nactes  administratifs  de la pr\u00e9fecture  de d\u00e9partement.\nLes membres  gu jury,\nP EtLo)  fi(dw,,\\[\u2014  /Le pr\u00e9sident,\nmm  (o2 \u00cbbv\u00e6v\u00ef\n/\u2014':\"'p\n(\\orcec  \u00c6npiwruv{/\nVet et (Bufjfi%fiz)fi%%fi%flg  W (Zk%7\u00a2f~\u2014\nPr\u00e9fecture du VAR - 83-2024-03-24-00001 - PV INITIAL SNSM CFITLN 24032024 21\nAnnexe  1 - Liste  des candidats  admis  au\nBREVET  NATIONAL  DE SECURITE  ET DE SAUVETAGE  AQUATIQUE\nSession  du 24 mars  2024  a Jaur\u00e9guiberry\nNOM PRENOM  (ADMIS, l':\u00e4\u00ee\u00ef\u00e4\u00e6;  ABSENT)\nANDRE  Valentine  Moy  Avais\nCASTROMIL  Franco  Manuel  Annis\nDIAS Melvyn  Mok _ fianis\nDURAND  Hugo  ADAIS\nFERRAT  Amaury  ABAiS\nHADJ-ABDELHAFID  Yman,Naomi  As As\nMAGERAND  Marie-Lou  \u00c0d $\nMATZ  Clarence  Mew  Ac Ns\nOTHABURU  Thomas  Now  Abais\nPINABEL  Simon  As nis\nYARIEV  Alicher  Ay\nLe pr\u00e9sident,\nDo @re \u00e9):\\mw/uc\n| mn \u00a3,(\\_\u2014'__//_\\{'/-\u2014:\u2014\u2014:k\"'fi\nflpw:zr  \u00e9m m\"\"'[\n-\n- f-_\n&\u2014\n\u00c6fl  _\u2014\nA \u2014\n.//\"\n\u2014Les membres  du jury,\nPRIWEARYD  F\nPECLOy  [ \u00e9n\nLe %\u00cb(\u00c7PEc ERu  6.\nPr\u00e9fecture du VAR - 83-2024-03-24-00001 - PV INITIAL SNSM CFITLN 24032024 22\nPr\u00e9fecture du VAR\n83-2024-03-24-00002\nPV RECYCLAGE SNSM CFITLN 24032024\nPr\u00e9fecture du VAR - 83-2024-03-24-00002 - PV RECYCLAGE SNSM CFITLN 24032024 23\nPREFET\nDU VAR\nLibert\u00e9\nEgalit\u00e9\nFraternit\u00e9\nEXAMEN  DE CONTR\u00d4LE  DU BREVET  NATIONAL\nDE S\u00c9CURIT\u00c9  ET DE SAUVETAGE  AQUATIQUE\n(B.N.S.S.A)\nPROC\u00c8S  VERBAL  D'EXAMEN\n'an deux  mille  vingt  quatre  (2024),  le 24 mars  \u00e0 12h00\nLe jury, constitu\u00e9  en application  des dispositions  du d\u00e9cret  n\u00b091-834  du 30 ao\u00fbt 1991 modifi\u00e9  et\nde l'arr\u00eat\u00e9  du 23 janvier  1979 modifi\u00e9,  fixant  les modalit\u00e9s  de d\u00e9livrance  du brevet  national  de\ns\u00e9curit\u00e9  et sauvetage  aquatique,  sous la pr\u00e9sidence  de DUBOIS  Dominique,  directeur  CFI SNSM\nTOULON-VAR  s'est r\u00e9uni  \u00e0 la piscine  Jaureguiberry  de la commune  de TOULON  pour proc\u00e9der  aux\nd\u00e9lib\u00e9rations.\nParticipait  aux travaux  du jury  :\nNom-Pr\u00e9nom  Qualification  Organisme  d'appartenance\nDubois  Dominique  Pr\u00e9sident  CFI SNSM  TOULON\nDellerm  Guillaume  BPJEPS  AAN/PAE  FPS CFI SNSM  TOULON\nMercier  Emmanuel  BEESAN  CFI SNSM  TOULON\nBringard  Jean BNSSA  CFI SNSM  TOULON\nPellois  Florent  BNSSA  CFI SNSM  TOULON\n\u00c0 l'issue  de cet examen,  sont d\u00e9clar\u00e9s  admis  les personnes  figurant  sur le tableau  joint en annexe\n1 ayant  satisfait  aux 2 \u00e9preuves  et dont le nom est suivi de la mention  \u00ab admis  \u00bb.\nEn application  de l'article  10 bis de l'arr\u00eat\u00e9  du 23 janvier  1979,  modifi\u00e9,  la liste des candidats  re\u00e7us\n3 l'examen  du brevet  national  de s\u00e9curit\u00e9  et de sauvetage  aquatique  est publi\u00e9e  au recueil  des\nactes  administratifs  de la pr\u00e9fecture  de d\u00e9partement.\nLe pr\u00e9sident,\n[\u00cb*\u00caJ\u00c6Q\u00cbS\u00cf\\'%\u00bb;  u /W\nLes membres  du jury,\nBRI EARD Tax \u00a5 7/\neELLod  /)\nPELERU  Gullo+r  gmww(\nz.-\u2014'\nPr\u00e9fecture du VAR - 83-2024-03-24-00002 - PV RECYCLAGE SNSM CFITLN 24032024 24\nAnnexe  1 - Liste des candidats  admis  \u00e0 'EXAMEN  DE CONTROLE  DU BREVET  NATIONAL\nDE SECURITE  ET DE SAUVETAGE  AQUATIQUE\nSession  du 24/03/2024  \u00e0 Jaur\u00e9guiberry\nRESULTAT\nNOM PR\u00cbNOM  (ADMIS, NON ADMIS, ABSENT, )\nCHAUVEAU  J\u00e9r\u00e9my  pADAIS\nGEORGES  Mathieu  Asars\nPERIGAUD  Chlo\u00e9  Ats Nes\nLe pr\u00e9sident,\nLes membres  du jury, |\nLGRV GARD  S 7 Qarner  mmn\nPeltos  E ot\nWfl/ffim  \u00c9\u00e8\n_\nPr\u00e9fecture du VAR - 83-2024-03-24-00002 - PV RECYCLAGE SNSM CFITLN 24032024 25\nPr\u00e9fecture du VAR\n83-2024-04-02-00001\nArr\u00eat\u00e9 portant cr\u00e9ation d'un local de r\u00e9tention\nadministrative \u00e0 La-Seyne-Sur-Mer\nPr\u00e9fecture du VAR - 83-2024-04-02-00001 - Arr\u00eat\u00e9 portant cr\u00e9ation d'un local de r\u00e9tention administrative \u00e0 La-Seyne-Sur-Mer 26\nEx\nPREFET\nDU  VAR\nLibert\u00e9\nEgalit\u00e9\nFraternit\u00e9\nArr\u00eat\u00e9 n\u00b083-2024-04-02-00001 du 02 avril 2024\nportant cr\u00e9ation d'un local de r\u00e9tention administrative (LRA)\nLe pr\u00e9fet du Var\nVu le titre IV du livre VII du code de l'entr\u00e9e et du s\u00e9jour des \u00e9trangers et du droit\nd'asile (CESEDA) ;\nVu le  d\u00e9cret  n\u00b0  2004-374  du  29  avril  2004  relatif  aux  pouvoirs  des  pr\u00e9fets,  \u00e0\nl'organisation et \u00e0 l'action des services de l'\u00c9tat dans les r\u00e9gions et d\u00e9partements \u00a0;\nVu le d\u00e9cret du pr\u00e9sident de la R\u00e9publique du 13 juillet 2023 portant nomination de\nM. Philippe MAHE en qualit\u00e9 de pr\u00e9fet du Var  ;\nConsid\u00e9rant qu'en application des textes susvis\u00e9s, les \u00e9trangers qui ne peuvent \u00eatre\nimm\u00e9diatement \u00e9loign\u00e9s doivent \u00eatre maintenus dans des locaux ne relevant pas de\nl'administration p\u00e9nitentiaire en vue de leur reconduite \u00e0 la fronti\u00e8re \u00a0;\nConsid\u00e9rant la n\u00e9cessit\u00e9 qu'il existe \u00e0 cr\u00e9er un local de r\u00e9tention administrative afin\nd'y maintenir les ressortissants \u00e9trangers faisant l'objet d'une mesure d'\u00e9loignement\nen  raison  de  circonstances,  notamment  l'absence  de  centre  de  r\u00e9tention\nadministrative dans le d\u00e9partement du Var et la saturation des centres de r\u00e9tention\nadministrative de la Zone SUD, r\u00e9pondant \u00e0 l'article R. 744-8 du CESEDA \u00a0;\nSur la proposition du secr\u00e9taire g\u00e9n\u00e9ral de la pr\u00e9fecture du Var  ;\nARR\u00caTE\nArticle 1\u00a0:  Un local permanent de r\u00e9tention administrative est institu\u00e9 \u00e0 l'adresse\nsuivante\u00a0: \nCommissariat de la Seyne-sur-Mer\nChemin Joseph Santeri\n83500 LA SEYNE-SUR-MER\nPr\u00e9fecture du VAR - 83-2024-04-02-00001 - Arr\u00eat\u00e9 portant cr\u00e9ation d'un local de r\u00e9tention administrative \u00e0 La-Seyne-Sur-Mer 27\nArticle  2  \u00a0  :   La  capacit\u00e9  d'accueil  maximale  du  local  est  de  deux  personnes,  sans\nmixit\u00e9.\nArticle  3  :  Les  fonctionnaires  de  police  plac\u00e9s  sous  l'autorit\u00e9  du  directeur\ninterd\u00e9partemental  de  la  police  nationale  du  Var  assurent  la  garde  du  local  de\nr\u00e9tention cr\u00e9\u00e9.\nArticle 4 : Le pr\u00e9sent arr\u00eat\u00e9 entre en vigueur apr\u00e8s publication au recueil des actes\nadministratifs des services de l'\u00c9tat.\nArticle  5\u00a0:  Le  secr\u00e9taire  g\u00e9n\u00e9ral  de  la  pr\u00e9fecture  du  Var  et  le  directeur\ninterd\u00e9partemental de la police nationale du Var sont charg\u00e9s, chacun en ce qui les\nconcerne, de l'ex\u00e9cution du pr\u00e9sent arr\u00eat\u00e9.\nArticle 6\u00a0: Le pr\u00e9sent arr\u00eat\u00e9 est notifi\u00e9 ce jour au procureur de la R\u00e9publique et au\ncontr\u00f4leur g\u00e9n\u00e9ral des lieux de privation de libert\u00e9. \nArticle  7\u00a0:  La  pr\u00e9sente  d\u00e9cision  est  susceptible  de  faire  l'objet  d'un  recours\ncontentieux devant le tribunal administratif de Toulon dans un d\u00e9lai de deux mois \u00e0\ncompter de sa publication. \nFait \u00e0 TOULON, le 02 avril 2024.\nLe pr\u00e9fet\nSIGN\u00c9\nPhilippe MAH\u00c9Pr\u00e9fecture du VAR - 83-2024-04-02-00001 - Arr\u00eat\u00e9 portant cr\u00e9ation d'un local de r\u00e9tention administrative \u00e0 La-Seyne-Sur-Mer 28","date":"2024-04-03","first_seen_on":"2024-05-12T18:42:53+00:00","id":"2f08353cd165c70718592ca1b645294cf2779d6f9fa3db37ad38c9f1f2fd560a","name":"RAA N\u00b0057 du 3 avril 2024","pdf_creation_date":"2024-04-03T14:07:52+00:00","pdf_modification_date":null,"timezone":"Europe/Paris","url":"https://www.var.gouv.fr/contenu/telechargement/33934/226120/file/RAA%20N%C2%B0057%20du%203%20avril%202024%20non%20nomminatif.pdf"}
