{"administration":"pref80","administration_name":"Pr\u00e9fecture de la Somme","content":"PR\u00c9FECTURE\nDE LA SOMME\nRECUEIL DES ACTES\nADMINISTRATIFS SP\u00c9CIAL\nN\u00b02024-001\nPUBLI\u00c9 LE  2 JANVIER 2024\nSommaire\nDirection D\u00e9partementale des Territoires et de la Mer / service\nenvironnement et littoral\n80-2024-01-02-00003 - Arr\u00eat\u00e9 fixant la r\u00e9glementation de la p\u00eache en eau\ndouce dans le d\u00e9partement de la Somme pour l'ann\u00e9e 2024 (8 pages) Page 4\n80-2023-12-29-00002 - Arr\u00eat\u00e9 portant abrogation de l'arr\u00eat\u00e9 du 19 juillet\n2023 prescrivant les mesures de limitation provisoires des usages de l'eau\nautour du captage de Caix III (2 pages) Page 13\n80-2023-12-29-00003 - Arr\u00eat\u00e9 portant abrogation de l'arr\u00eat\u00e9 du 28 ao\u00fbt\n2023 prescrivant les mesures coordonn\u00e9es de surveillance, de limitation et\nd'interdiction des usages de l'eau (2 pages) Page 16\n80-2024-01-02-00004 - Arr\u00eat\u00e9 portant fixation des prescriptions sp\u00e9cifiques\n\u00e0 d\u00e9claration pr\u00e9alable dans le cadre du projet d'abattage d'arbres portant\natteinte \u00e0 un alignement d'arbres situ\u00e9 sur le boulevard du Port et le\nboulevard Faidherbe sur la commune d'Amiens (5 pages) Page 19\nDirection interd\u00e9partementale des routes Nord-Ouest / P\u00f4le juridique\n80-2024-01-02-00001 - Arr\u00eat\u00e9 n\u00b0 2024-11 portant subd\u00e9l\u00e9gation de signature\nen mati\u00e8re de gestion du domaine public et de police de la circulation pour\nle d\u00e9partement de la Somme (2 pages) Page 25\nDirection Interr\u00e9gionale des Douanes /\n80-2024-01-01-00004 - D\u00e9cisions administratives individuelles (DAI) -\nD\u00e9cision de M. M. LACHAUX, directeur r\u00e9gional des douanes et droits\nindirects d'Amiens du 1er janvier 2024 (1 page) Page 28\n80-2024-01-01-00002 - D\u00e9cisions administratives individuelles (DAI) -\nD\u00e9cision de M. P. RICHARD, directeur interr\u00e9gional des douanes et droits\nindirects des Hauts-de-France du 1er janvier 2024 pour la recette\ninterr\u00e9gionale et les services des directions r\u00e9gionales (2 pages) Page 30\n80-2024-01-01-00003 - D\u00e9cisions administratives individuelles (DAI) -\nD\u00e9cision de M. P. RICHARD, directeur interr\u00e9gional des douanes et droits\nindirects des Hauts-de-France du 1er janvier 2024 pour le CISD (1 page) Page 33\n80-2024-01-02-00002 - Direction interr\u00e9gionale des douanes et droits\nindirects des Hauts-de-France - Arr\u00eat\u00e9 de M. P. RICHARD, directeur\ninterr\u00e9gional, du 2 janvier 2024 relatif \u00e0 l'ordonnancement secondaire des\nrecettes et des d\u00e9penses imput\u00e9es sur le budget de l'Etat (2 pages) Page 35\n80-2024-01-01-00001 - Direction interr\u00e9gionale des douanes et droits\nindirects des Hauts-de-France - D\u00e9cision de M. P. RICHARD, directeur\ninterr\u00e9gional, du 1er janvier 2024 en mati\u00e8re de gestion et fonctionnement\ncourant des services (2 pages) Page 38\n2\n80-2024-01-01-00005 - Direction interr\u00e9gionale des douanes et droits\nindirects des Hauts-de-France - D\u00e9cision de M. P. RICHARD, directeur\ninterr\u00e9gional, du 1er janvier 2024 en mati\u00e8re de repr\u00e9sentation en justice (2\npages) Page 41\nPr\u00e9fecture de la Somme - Direction de la Citoyennet\u00e9 et de la L\u00e9galit\u00e9 /\nDirection de la Citoyennet\u00e9 et de la L\u00e9galit\u00e9\n80-2023-12-18-00012 - Arr\u00eat\u00e9 interd\u00e9partemental du 18 d\u00e9cembre 2023\nportant extension du p\u00e9rim\u00e8tre du syndicat mixte de production et\nd'adduction d'eau potable du Bois Saint-Pierre. (4 pages) Page 44\n80-2023-12-18-00011 - Arr\u00eat\u00e9 interd\u00e9partemental du 18 d\u00e9cembre 2023\nportant r\u00e9duction du p\u00e9rim\u00e8tre du syndicat mixte de production et\nd'adduction d'eau potable du Bois Saint-Pierre. (3 pages) Page 49\nPr\u00e9fecture de la Somme - Sous-pr\u00e9fecture de P\u00e9ronne / Sous-pr\u00e9fecture de\nP\u00e9ronne\n80-2023-12-22-00005 - Arr\u00eat\u00e9 portant dissolution du Groupement de\nCoop\u00e9ration Sociale et M\u00e9dico-sociale (GCSMS) \"Aide \u00e0 la personne du\ncanton d'Albert\" (2 pages) Page 53\n3\nDirection D\u00e9partementale des Territoires et de\nla Mer\n80-2024-01-02-00003\nArr\u00eat\u00e9 fixant la r\u00e9glementation de la p\u00eache en\neau douce dans le d\u00e9partement de la Somme\npour l'ann\u00e9e 2024\nDirection D\u00e9partementale des Territoires et de la Mer - 80-2024-01-02-00003 - Arr\u00eat\u00e9 fixant la r\u00e9glementation de la p\u00eache en eau\ndouce dans le d\u00e9partement de la Somme pour l'ann\u00e9e 2024 4\nEx  \"RANCE\nPR\u00c9FET  Direction  d\u00e9partementale  \u00cbT'ON\nDE _LA SOMME  _ des territoires  et de la mer Q%\u00cbJ\u00cb...!  ;\nLibert\u00e9\n\u00c9galit\u00e9  \u2014 de  |la Somme\nFnateratt\u00e9\nARR\u00caT\u00c9\nFixant  la r\u00e9glementation  de la p\u00eache  en eau douce  dans  le d\u00e9partement  de la\nSomme  pour  l'ann\u00e9e  2024\nLE PR\u00c9FET  DE LA SOMME\nCHEVALIER  DE LA L\u00c9GION  D'HONNEUR\nVu le code  de l'environnement  et notamment  ses articles  L.435-1,  L436-4,  5, 10 et 11, R.436-3  \u00e0\nR.436-69  ;\nVu le d\u00e9cret  n\u00b0 2004-374  du 29 avril  2004  modifi\u00e9,  relatif  aux pouvoirs  des pr\u00e9fets,  \u00e0\nl'organisation  et \u00e0 I'action  des services  de l'Etat,  dans  les r\u00e9gions  et les d\u00e9partements  ;\nVu le d\u00e9cret  du 23 avril  2019  modifiant  diverses  dispositions  du code  de l'environnement\nrelatives  \u00e0 la p\u00eache  en eau  douce  ;\nVu le d\u00e9cret  30 juillet  2021  portant  diverses  dispositions  d'application  de la loi d'acc\u00e9l\u00e9ration\net de simplification  de l'action  publique  et de simplification  en mati\u00e8re  d'environnement  ;\nVu le d\u00e9cret  du 13 juillet  2023  portant  nomination  du pr\u00e9fet  de la Somme,  M. Rollon\nMOUCHEL-BLAISOT  ;\nVu l'arr\u00e9t\u00e9  du 26 novembre  1987  modifi\u00e9  fixant  la liste  des cours  d'eau  ou parties  de cours\nd'eau  class\u00e9s  comme  cours  d'eau  \u00e0 truite  de mer  ;\nVu l'arr\u00e9t\u00e9  du 22 octobre  2010  relatif  aux obligations  de d\u00e9claration  des captures  d'anguille\neurop\u00e9enne  (Anguilla  anguilla)  par les p\u00eacheurs  en eau  douce  ;\nVu l'arr\u00e9t\u00e9  du 5 f\u00e9vrier  2016  relatif  aux p\u00e9riodes  de p\u00eache  de l'anguille  europ\u00e9enne  (Anguilla\nanguilla)  aux stades  d'anguille  jaune  et d'anguille  argent\u00e9e  ;\nVu l'arr\u00eat\u00e9  pr\u00e9fectoral  du 17 d\u00e9cembre  2021  d\u00e9finissant  le total  admissible  de capture  de\nsaumon  atlantique  sur les cours  d'eau  du Bassin  Artois  Picardie  ;\nVu l'arr\u00eat\u00e9  pr\u00e9fectoral  du 7 f\u00e9vrier  2022  pr\u00e9cisant  les dispositions  d'encadrement  de la p\u00e9che\ndes poissons  migrateurs  du Bassin  Seine-Normandie  pour  la p\u00e9riode  2022-2023  ;\nVu l''arr\u00eat\u00e9  du 18 d\u00e9cembre  2023  portant  protection  de la ressource  piscicole  (carpes)  ;\nVu l'arr\u00eat\u00e9  du 18 d\u00e9cembre  2023  portant  protection  de la ressource  piscicole  (brochets)  ;\nVu l'arr\u00eat\u00e9  du 18 d\u00e9cembre  2023  portant  protection  de la ressource  piscicole  en amont  et en\naval  des  \u00e9cluses  de Froissy  et de Sailly-Laurette  ;\nVu l'arr\u00eat\u00e9  du 18 d\u00e9cembre  2023  portant  protection  de la ressource  piscicole  en amont  et en\naval  du barrage  de Dominois  ;\nVu l'arr\u00e9t\u00e9  du 18 d\u00e9cembre  2023  portant  protection  de la ressource  piscicole  en aval du\nbarrage  de Vitz-sur-Authie  ;\nVu le plan  de gestion  des poissons  migrateurs  du bassin  Artois  Picardie  2022-2027  ;\nVu le plan  de gestion  des poissons  migrateurs  du bassin  Seine-Normandie  2022-2027  ;\nDirection D\u00e9partementale des Territoires et de la Mer - 80-2024-01-02-00003 - Arr\u00eat\u00e9 fixant la r\u00e9glementation de la p\u00eache en eau\ndouce dans le d\u00e9partement de la Somme pour l'ann\u00e9e 2024 5\nVu l'avis  de la f\u00e9d\u00e9ration  de la Somme  pour  la p\u00eache  et la protection  du milieu  aquatique  du\n22 novembre  2023;\nVu l'avis  de I'Office  francais  de la biodiversit\u00e9  du 24 novembre  2023  ;\nVu la consultation  publique  qui s'est  tenue  du 27 novembre  2023  au 18 d\u00e9cembre  2023  inclus  ;\nConsid\u00e9rant  la n\u00e9cessit\u00e9  de pr\u00e9server  certaines  esp\u00e8ces  piscicoles,  notamment  en limitant\nleur  capture  et en interdisant  certaines  techniques  de p\u00e9che  particuli\u00e8rement\ndommageables  ;\nConsid\u00e9rant  le tr\u00e8s  faible  effectif  des populations  d'\u00e9crevisses  autochtones  qu'il  convient\ndonc  de prot\u00e9ger  ;\nConsid\u00e9rant  la n\u00e9cessit\u00e9  de prot\u00e9ger  le brochet  imm\u00e9diatement  apres  le frai ;\nConsid\u00e9rant  la n\u00e9cessit\u00e9  de prot\u00e9ger  le sandre  plus  fragile  pendant  le frai ;\nConsid\u00e9rant  la n\u00e9cessit\u00e9  de limiter  les pr\u00e9l\u00e8vements  de truite  pour  en prot\u00e9ger  l'effectif  ;\nConsid\u00e9rant  la n\u00e9cessit\u00e9  de pr\u00e9server  le saumon  atlantique,  notamment  en limitant  sa\ncapture  ;\nConsid\u00e9rant  que l'\u00e9tat  actuel  de connaissances  des populations  de truites  de mer  n\u00e9cessite\ndes mesures  de protection  renforc\u00e9es,  passant  notamment  par le rehaussement  de la taille\nminimale  de capture  pour  am\u00e9liorer  le taux  de reproduction  de l'esp\u00e8ce  ;\nConsid\u00e9rant  la n\u00e9cessit\u00e9  d'harmoniser  les conditions  de la p\u00eache  du saumon  dans  l'Authie  et\nla Bresle  ;\nConsid\u00e9rant  que le plan  fran\u00e7ais  de gestion  de l'anguille,  tel qu'il  a \u00e9t\u00e9 d\u00e9clar\u00e9  recevable  par la\nCommission  europ\u00e9enne  le 29 mai 2009,  demande  que  la p\u00eache  active  de l'anguille  soit\ninterdite  de nuit  et que  la p\u00eache  amateur  de I'anguille  jaune  soit encadr\u00e9e  par une  saison  de\np\u00eache  dont  les dates  d'ouverture  et de fermeture  sont  fix\u00e9es  par I'arr\u00e9t\u00e9  minist\u00e9riel  du 5\nf\u00e9vrier  2016  ;\nConsid\u00e9rant  la n\u00e9cessit\u00e9  de limiter  le transport  de carpes  vivantes  par les p\u00e9cheurs  amateurs  ;\nConsid\u00e9rant  que  les Gobies  \u00e0 taches  noires,  demi-lunes  et de Kessler  sont  des esp\u00e8ces  non\nrepr\u00e9sent\u00e9es  pouvant  avoir  des cons\u00e9quences  sur la faune  piscicole  end\u00e9mique,  notamment\npar la pr\u00e9dation  des  \u0153ufs  ;\nConsid\u00e9rant  les donn\u00e9es  biologiques  des grenouilles  vertes  et rousses,  ainsi  que  les conditions\nm\u00e9t\u00e9orologiques  et notamment  les gel\u00e9es  tardives  ;\nSur proposition  de la directrice  d\u00e9partementale  des territoires  et de la mer  de la Somme  ;\nARR\u00caTE\nArticle  1er.  - Ouverture  g\u00e9n\u00e9rale\n1.1/ Cours  d'eau  de premi\u00e8re  cat\u00e9gorie  : tous  les cours  d'eau  ou portions  de cours  d'eau  non\nclass\u00e9s  en 2\u00e8me  cat\u00e9gorie.\nDans  les cours  d'eau  de premi\u00e8re  cat\u00e9gorie,  la p\u00eache  est ouverte  du deuxi\u00e8me  samedi  de mars\nau troisi\u00e8me  dimanche  de septembre  inclus.\n1.2/ Plans  d'eau  et Cours  d'eau  de deuxi\u00e8me  cat\u00e9gorie  : La Somme,  l'Avre,  les canaux  (y\ncompris  ceux  de dess\u00e8chement  mais  \u00e0 I'exclusion  du Canal  de Raye-sur-Authie  \u00e0 Douriez  et du\nCanal  de la Maye  ou Canal  de Favi\u00e8res),  les foss\u00e9s  des marais  et les \u00e9tangs  communiquant  avec\nles cours  d'eau  de 1\u00e8re  et 2\u00e8me  cat\u00e9gorie\nDans  tous  les cours  d'eau,  canaux  et plans  d'eau  non class\u00e9s  en premi\u00e8re  cat\u00e9gorie,  la p\u00eache\nest ouverte  toute  l'ann\u00e9e.\nDirection D\u00e9partementale des Territoires et de la Mer - 80-2024-01-02-00003 - Arr\u00eat\u00e9 fixant la r\u00e9glementation de la p\u00eache en eau\ndouce dans le d\u00e9partement de la Somme pour l'ann\u00e9e 2024 6\nArticle  2. - Ouvertures  sp\u00e9cifiques\n2.1/  Ouvertures  sp\u00e9cifiques  en premi\u00e9re  cat\u00e9gorie\nCette  ouverture  est r\u00e9gie  par les articles  R.436-6,  R.436-11,  R.436-45  et R.436-55  du code  de\nl'environnement,  ainsi  que  par le plan  de gestion  des poissons  migrateurs  des bassins  Artois\nPicardie  et Seine-Normandie  (Plagepomi)  et l'arr\u00eat\u00e9  du 5 f\u00e9vrier  2016.  Les dispositions\nsp\u00e9cifiques  concernent  les esp\u00e8ces  suivantes  :\nD\u00c9SIGNATION  DES  ; ;\n/ ereESPECES  COURS  D'EAU  DE 1\u00a2\u00a2 CATEGORIE\nBrochet  et sandre  du dernier  samedi  d'avril  au troisi\u00e8me  dimanche  de septembre\nOmbre  commun  \u00cf du troisi\u00e8me  samedi  de mai au troisi\u00e8me  dimanche  de septembre\nGrenouilles  verte  etrousse  pendant  10 mois  maximum,  p\u00e9riode  fix\u00e9e  par le pr\u00e9fet  (R436-11)\ndu dernier  samedi  d'avril  au dernier  dimanche  d'octobreSaumon  atlantique  (Plagepomi)\ndu dernier  samedi  d'avril  au dernier  dimanche  d'octobre  \\Truite  de mer  (Plagepomi)\nAnguille  jaune  du deuxi\u00e8me  samedi  de mars  au 15 juillet  (arr\u00eat\u00e9  du 5 f\u00e9vrier  2016)\n2.2/  Ouvertures  sp\u00e9cifiques  en deuxi\u00e8me  cat\u00e9gorie\nCette  ouverture  est r\u00e9gie  par l'article  R436-7  et I'arr\u00e9t\u00e9  du 5 f\u00e9vrier  2016.  Elle concerne  les\nesp\u00e8ces  suivantes  :\n\u2014\nDESIGNA  ' \u00c9SIGNATION  DES COURS  D'EAU  DE 2\u00e8me  CAT\u00c9GORIE\nESP\u00c8CES\nOmble  ou saumon  de du deuxi\u00e8me  samedi  de mars  au troisi\u00e8me  dimanche  de\nfontaine  septembre  inclus\nOmbre  commun  du troisi\u00e8me  samedi  de mai au 31 d\u00e9cembre  inclus\nBrochet,  sandre  et black-  | du 1 janvier  au dernier  dimanche  de janvier  et du dernier  samedi\nbass  | d'avril  au 31 d\u00e9cembre  inclus\nAnguille  jaune  | du 15 f\u00e9vrier  au 15 juillet  (arr\u00eat\u00e9  du 5 f\u00e9vrier  2016)\nGrenouilles  verte  et\nrousse| pendant  10 mois  maximum,  p\u00e9riode  fix\u00e9e  par le pr\u00e9fet  (R436-11)\nDirection D\u00e9partementale des Territoires et de la Mer - 80-2024-01-02-00003 - Arr\u00eat\u00e9 fixant la r\u00e9glementation de la p\u00eache en eau\ndouce dans le d\u00e9partement de la Somme pour l'ann\u00e9e 2024 7\n2.3/  Dates  calendaires\nEn application  des dispositions  pr\u00e9cit\u00e9es,  les dates  d'ouverture  sp\u00e9cifiques  de la p\u00eache  sur le\nd\u00e9partement  de la Somme  pour  l'ann\u00e9e  2024  s'\u00e9tablissent  comme  suit  :\nD\u00c9SIGNATION  DES\nESP\u00c8CESCOURS  D'EAU  DE T\u00e8re\nCAT\u00c9GORIECOURS  D'EAU  DE 2\u00e8me\nCAT\u00c9GORIE\nTruite  de mer du 27 avril  au 27 octobre  2024\nSaumon  atlantique  (sur  l'Authie\net sur la Bresle)Du 27 avril  au 27 octobre  2024\nOmbre  commun du 18 mai  au 15 septembre  2024 du 18 mai  au 31 d\u00e9cembre  2024\nBrochet,  sandre  et black-bassdu 27 avril  au 15 septembre\n2024du 1:'janvier  au 28 janvier  2024\net\ndu 27 avril  au 31 d\u00e9cembre\n2024\nAnguille  jaune du 9 mars  au 15 juillet  2024 du 15 f\u00e9vrier  au 15 juillet  2024\nAnguille  d'avalaison  argent\u00e9e  INTERDIT\nCivelles,  aloses,  lamproies  INTERDIT\nEcrevisses  (pattes  blanches,  INTERDIT\npattes  rouges,  pattes  gr\u00eales)\nGrenouilles  verte  et rousse du 1\"\" juillet  au 30 septembre  2024\nArticle  3. - Heures  d'ouverture\n3.1/  Dispositions  g\u00e9n\u00e9rales\nLa p\u00e9che  ne peut  s'exercer  plus  d'une  demi-heure  avant  le lever  du soleil,  ni plus  d'une  demi-\nheure  apr\u00e8s  son coucher  (sauf  carpe  de nuit).  Cette  interdiction  concerne  \u00e9galement  l'anguille.\n3.2/  Prolongation  cr\u00e9pusculaire  (horaires  sp\u00e9cifiques)\nConform\u00e9ment  \u00e0 l'article  R.436-14  du code  de l'environnement,  la p\u00e9che  de la truite  de mer\nest autoris\u00e9e  depuis  une demi-heure  avant  le lever  du soleil  jusqu'\u00e0  deux  heures  apr\u00e8s  son\ncoucher  dans  les cours  d'eau  figurant  comme  cours  d'eau  \u00e0 truite  de mer  sur la liste  \u00e9tablie\npar le ministre  charg\u00e9  de la p\u00eache  en eau douce,  soit sur l'Authie,  la Somme  et la Bresle,  dans\nles limites  d\u00e9finies  \u00e0 l'article  8.\n3.3/  P\u00eache  \u00e0 la carpe  de nuit\nEn application  de l'article  R.436-14,  la p\u00eache  \u00e0 la carpe  de nuit  est autoris\u00e9e  toute  l'ann\u00e9e  sur\nles plans  d'eau  d\u00e9sign\u00e9s  par arr\u00eat\u00e9  pr\u00e9fectoral.  Toute  carpe  captur\u00e9e  depuis  une demi-heure\napr\u00e8s  le coucher  du soleil  jusqu'\u00e0  une demi-heure  avant  son lever  doit  \u00eatre  remise  \u00e0 l'eau\nimm\u00e9diatement.  Le sac de capture  est interdit.\nSeuls  les esches  et les app\u00e2ts  v\u00e9g\u00e9taux  sont  autoris\u00e9s  pour  la p\u00eache  \u00e0 la carpe  de nuit.\nArticle  4. - Tailles  minimales  des  captures\nLa longueur  des poissons  est mesur\u00e9e  du bout  du museau  \u00e0 l'extr\u00e9mit\u00e9  de la queue  d\u00e9ploy\u00e9e.\nLa longueur  du corps  d'une  grenouille  est mesur\u00e9e  du bout  du museau  au cloaque.  Les tailles  \u00e0\nrespecter  sont  fix\u00e9es  par les articles  R.436-18,  R.436-19  et R.436-62  du code  de\nl'environnement.\nDirection D\u00e9partementale des Territoires et de la Mer - 80-2024-01-02-00003 - Arr\u00eat\u00e9 fixant la r\u00e9glementation de la p\u00eache en eau\ndouce dans le d\u00e9partement de la Somme pour l'ann\u00e9e 2024 8\nLes poissons  et grenouilles  doivent  \u00eatre  remis  \u00e0 l'eau  imm\u00e9diatement  apr\u00e8s  leur capture  si leur\nlongueur  est inf\u00e9rieure  \u00e0 :\nD\u00c9SIGNATION  DES COURS  D'EAU  DE 1\u00a2\u00a2 | COURS  D'EAU  DE 2\u00e8me\nESP\u00c8CES  CAT\u00c9GORIE  CAT\u00c9GORIE\nBrochet  50 cm 60 cm\nSandre  50 cm\nOmbre  commun  35 cm\nTruites  autres  que  la truite  de mer,\nl''omble  ou saumon  de fontaine  et l'omble  25 cm\nchevalier\nBlack-bass  30 cm\nTruite  de mer\n- sur l'Authie  60 cm\n- sur la Somme  60 cm\n- sur la Bresle  50 cm\nSaumon  50 cm\nGrenouilles  dont  les esp\u00e8ces  sont\nmentionn\u00e9es  \u00e0 l'article  R. 436-11 8 cm\nArticle  5. - Modes  de p\u00eache  autoris\u00e9s\nLes modes  de p\u00eache  sont  d\u00e9finis  \u00e0 l'article  R.436-23  du code  de l'environnement  comme  suit :\n- en premi\u00e8re  cat\u00e9gorie  : une  ligne\n- en deuxi\u00e8me  cat\u00e9gorie  : quatre  lignes  au plus\nArticle  6. - Nombre  de captures  autoris\u00e9es\n6.1/  Salmonid\u00e9s\nLe nombre  de captures  de salmonid\u00e9s  (autres  que le saumon  et la truite  de mer)  autoris\u00e9es  est\nfix\u00e9  \u00e0 six (6) par jour  et par  p\u00e9cheur.\nLe nombre  de captures  de truites  de mer autoris\u00e9es  est fix\u00e9 \u00e0 deux  (2) par jour et par p\u00e9cheur.\nUn total  autoris\u00e9  de capture  (TAC)  du saumon  atlantique  est fix\u00e9 par ann\u00e9e  sur les fleuves  de\nla Bresle  et de l'Authie  dans  le but de limiter  le pr\u00e9l\u00e8vement  total  exerc\u00e9  par l'ensemble  des\np\u00eacheurs  sur le stock  de l'esp\u00e8ce.  |l ne s'agit  pas d'une  limitation  individuelle  du nombre  de\ncaptures.\nSur la Bresle  (limites  de p\u00eache  vis\u00e9es  \u00e0 l'article  8) : Le nombre  de saumons  est fix\u00e9 par |'arr\u00e9t\u00e9\nd\u00e9finissant  le TAC  sur les cours  d'eau  du bassin  Seine-Normandie.\nSur l'Authie  (limites  de p\u00eache  vis\u00e9es  \u00e0 l'article  8) : Le nombre  de saumons  est fix\u00e9 par l'arr\u00e9t\u00e9\nd\u00e9finissant  le TAC  sur les cours  d'eau  du bassin  Artois  Picardie.\n6.2/  Carnassiers\nLe nombre  de captures  de carnassiers  dans  les eaux  de 1\u00b0\u00b0 et de 2\u00b0 cat\u00e9gorie  est d\u00e9fini  par\nl'article  R436-21  du code  de l'environnement  et limit\u00e9  \u00e0 trois  (3) par jour et par p\u00eacheur,  dont\ndeux  (2) brochets.\nDirection D\u00e9partementale des Territoires et de la Mer - 80-2024-01-02-00003 - Arr\u00eat\u00e9 fixant la r\u00e9glementation de la p\u00eache en eau\ndouce dans le d\u00e9partement de la Somme pour l'ann\u00e9e 2024 9\nArticle  7. - Interdiction  de p\u00e9che  et de captures\n71/ Saumon  atlantique\nLe pr\u00e9l\u00e8vement  du saumon  n'est  autoris\u00e9  que  sur :\n- l'Authie  dans  le respect  du TAC  du bassin  Artois  Picardie  en vigueur  (cf. article  6) et des\nlimites  de p\u00eache  (cf. article  8),\n- la Bresle  dans  le respect  du TAC  du bassin  Seine-Normandie  en vigueur  (cf. article  6) et des\nlimites  de p\u00eache  (cf. article  8).\nEn dehors  de ces cours  d'eau  ou parties  de cours  d'eau,  la p\u00eache  du saumon  atlantique  est\ninterdite.  Toute  capture  accidentelle  de saumon  atlantique  devra  faire  l'objet  d'une  remise  \u00e0\nl'eau  imm\u00e9diate.\n7.2/  Truite  de mer\nLe pr\u00e9l\u00e8vement  de la truite  de mer  n'est  autoris\u00e9  que  sur l'Authie,  la Somme  et la Bresle  dans\nles limites  d\u00e9finies  \u00e0 l'article  8.\nEn dehors  de ces cours  d'eau  ou parties  de cours  d'eau,  la p\u00eache  de la truite  de mer  est\ninterdite.  Toute  capture  accidentelle  de truite  de mer  devra  faire  l'objet  d'une  remise  \u00e0 l'eau\nimm\u00e9diate.\nArticle  8. - Limites  de p\u00eache  pour  le saumon  et la truite  de mer\nLes limites  sont  d\u00e9termin\u00e9es  comme  suit  :\nv le fleuve  Somme\nLimite  de p\u00eache  truite  de mer  (saumon  interdit)  : en aval  de son confluent  avec  l'Avre  (Camon)\njusqu'\u00e0  l'\u00e9cluse  inf\u00e9rieure  de Saint-Val\u00e9ry  sur Somme.\n\u0178 le fleuve  Bresle\nLimite  de p\u00eache  saumon  et truite  de mer  : en aval  du pont  de la D 25 \u00e0 S\u00e9narpont  jusqu'a  la\nlimite  de la Seine  Maritime.\nv le fleuve  Authie\nLimite  de p\u00eache  saumon  et truite  de mer  : en aval  du pont  de la RN 25 \u00e0 Doullens  jusqu'au\nlieu-dit  Pont  \u00e0 Cailloux,  commune  de Quend.\nArticle  9. - Dispositions  particuli\u00e9res\n9.1/  Dispositions  g\u00e9n\u00e9rales\nLa p\u00eache  au ver est interdite  :\n- du 27 avril  au 27 octobre  2024  : depuis  une demi-heure  apr\u00e8s  le coucher  du soleil  jusque\n2 heures  apr\u00e8s  le coucher  du soleil.\n- dans  un objectif  de protection  des grands  salmonid\u00e9s  en p\u00e9riode  de migration,  du 18\nseptembre  au 27 octobre  2024.\nLa p\u00eache  des \u00e9crevisses  \u00e0 pattes  gr\u00eales,  des \u00e9crevisses  \u00e0 pieds  blancs,  des aloses  et des\nlamproies  est interdite.\nLe port  et usage  de la gaffe  sont  interdits.\nIl est interdit  de remettre  \u00e0 l'eau,  d\u00e9placer  vivants  ou utiliser  en app\u00e2ts  les sous-esp\u00e8ces  de\ngobies  captur\u00e9es  (gobie  \u00e0 t\u00e2ches  noires  (N\u00e9ogobius  melanostumus),  gobie  demi-lunes\n(Proterorhinus  semilunaris)  et gobie  de Kessler  (Ponticola  kessleri)).  Toute  pr\u00e9sence  de cette\nesp\u00e8ce  devra  faire  l'objet  d'un  signalement  \u00e0 la F\u00e9d\u00e9ration  d\u00e9partementale  pour  la p\u00eache  et la\nprotection  des  milieux  aquatiques.\nDirection D\u00e9partementale des Territoires et de la Mer - 80-2024-01-02-00003 - Arr\u00eat\u00e9 fixant la r\u00e9glementation de la p\u00eache en eau\ndouce dans le d\u00e9partement de la Somme pour l'ann\u00e9e 2024 10\n9.2/  R\u00e9serves  temporaires\nUne  r\u00e9serve  temporaire  de p\u00eache  est mise  en place  sur l'ensemble  du canal  maritime  entre  les\nvilles  d'Eu  et du Tr\u00e9port.  L'exercice  de toute  p\u00eache  est interdite  sur cette  r\u00e9serve.\nEn vue de pr\u00e9server  les esp\u00e8ces  migratrices  bloqu\u00e9es  au niveau  des ouvrages  hydrauliques,\ntoute  p\u00eache  est interdite  sur une distance  de 50 m\u00e8tres  \u00e0 l'aval  pour  les ouvrages  suivants  :\n- Rivi\u00e8re  Authie  \u2014 Barrage  de Dominois  \u00e0 Dominois  - code  ROE  10494.\n- Rivi\u00e8re  Authie  \u2014 Barrage  du moulin  \u00e0 huile  \u00e0 Vitz-sur-Authie  \u2014- code  ROE  10529.\n9.3/  Protection  de la ressource  piscicole\nTout  poisson  captur\u00e9  devra  \u00eatre  remis  \u00e0 l'eau  imm\u00e9diatement  sur un lin\u00e9aire  de 200  m\u00e8tres\nen amont  et 200  m\u00e8tres  en aval  des  ouvrages  suivants  :\n- \u00e9cluse  de Sailly-Laurette,\n- \u00e9cluse  de Froissy.\nL'utilisation  des bourriches  ou tout  autre  r\u00e9servoir  \u00e0 poissons  est interdite.\nEn vue de prot\u00e9ger  l'esp\u00e8ce  brochet  sur le canal  de la Somme,  les brochets  doivent  \u00eatre  remis\n\u00e0 l'eau  sur les secteurs  suivants  :\n- entre  le pont  SNCF  de Lamotte-Brebi\u00e9re  et le pont  Ren\u00e9  Gambier  de Camon,\n- entre  l'\u00e9cluse  d'Ailly-sur-Somme  et l'\u00e9cluse  de Picquigny.\nEn vue de prot\u00e9ger  l'esp\u00e8ce  carpe,  les carpes  doivent  \u00eatre  remises  \u00e0 l'eau  sur le bief  de Frise.\n9.4/ Mat\u00e9riels  autoris\u00e9s  pendant  la p\u00e9riode  d'interdiction  sp\u00e9cifique  de la p\u00eache  au brochet P P P q p\nPour  l'application  de l'article  R. 436-33  du code  de l'environnement,  dans  les eaux  class\u00e9es  en\n2e cat\u00e9gorie,  pendant  la p\u00e9riode  d'interdiction  de la p\u00eache  au brochet  (du 29 janvier  2024  au\n26 avril  2024  en 2\u00b0\"\u00b0  cat\u00e9gorie),  la p\u00eache  des carnassiers  ne peut  se pratiquer  qu'avec  les\nappats  suivants  :\n- les leurres  de type  insecte  de petite  taille,\n- les larves  et vers  dont  la taille  est inf\u00e9rieure  \u00e0 13 cm,\n- les imitations  de larves  et vers  dont  la taille  est inf\u00e9rieure  \u00e0 13 cm,\n- |es mouches,\n-les  app\u00e2ts  naturels  de type  viande,  \u00e0 condition  qu'ils  soient  pos\u00e9s  sur le fond.\nTout  brochet,  sandre  ou black  bass  p\u00each\u00e9  accidentellement  pendant  la p\u00e9riode  d'interdiction\ndoit  \u00eatre  remis  \u00e0 |'eau.\nArticle  10. - Dispositions  particuli\u00e8res  pour  l''anguille\nLa p\u00eache  de l'anguille  argent\u00e9e  (arr\u00eat\u00e9  5 f\u00e9vrier  2016)  et de la civelle  (R436-65-3)  est interdite\ndans  le d\u00e9partement  de la Somme.\nArticle  11. - Recommandations  relatives  \u00e0 la consommation  du poisson\nEn application  de l'arr\u00eat\u00e9  inter-pr\u00e9fectoral  du 1 ao\u00fbt  2018,  il est d\u00e9conseill\u00e9  de consommer\ntoute  esp\u00e8ce  de poisson  fortement  ou faiblement  bio-accumulatrice  qui serait  p\u00each\u00e9e  dans\nl'Avre  et les Trois  Doms.\nArticle  12. - Voies  et d\u00e9lais  de recours\nLa pr\u00e9sente  d\u00e9cision  est susceptible  de faire  l'objet  d'un  recours  contentieux  devant  le\ntribunal  administratif  d'Amiens  - 14, rue Lemerchier  \u2014 80011  Amiens  cedex  1 - dans  un d\u00e9lai  de\ndeux  mois  \u00e0 compter  de sa publication.  Le tribunal  administratif  peut  \u00e9galement  \u00eatre  saisi,\ndans  le m\u00eame  d\u00e9lai,  par l'interm\u00e9diaire  de l'application  \u00ab t\u00e9l\u00e9recours  citoyen  \u00bb accessible  sur\nle site  www.telerecours.fr.\nDirection D\u00e9partementale des Territoires et de la Mer - 80-2024-01-02-00003 - Arr\u00eat\u00e9 fixant la r\u00e9glementation de la p\u00eache en eau\ndouce dans le d\u00e9partement de la Somme pour l'ann\u00e9e 2024 11\nArticle  13. - Ex\u00e9cution\nLe secr\u00e9taire  g\u00e9n\u00e9ral  de la pr\u00e9fecture  de la Somme,  la sous-pr\u00e9f\u00e8te  d'Abbeville,  la sous-pr\u00e9f\u00e8te\nde P\u00e9ronne,  le sous-pr\u00e9fet  de Montdidier,  les maires  des communes  de la Somme,  la directrice\nd\u00e9partementale  des territoires  et de la mer  de la Somme,  le chef  du service  de la navigation,\nle chef  du service  d\u00e9partemental  de l'Office  fran\u00e7ais  pour  la biodiversit\u00e9,  le commandant  du\ngroupement  de gendarmerie  d\u00e9partementale  de la Somme,  sont  charg\u00e9s,  chacun  en ce qui le\nconcerne,  de l'ex\u00e9cution  du pr\u00e9sent  arr\u00eat\u00e9  qui sera  publi\u00e9  au recueil  des actes  administratifs\nde la pr\u00e9fecture  de la Somme.\nAmiens,  le Z24anv\u00ebsr  2020\nLe pr\u00e9fet\nRollo  -BLAISOT\nDirection D\u00e9partementale des Territoires et de la Mer - 80-2024-01-02-00003 - Arr\u00eat\u00e9 fixant la r\u00e9glementation de la p\u00eache en eau\ndouce dans le d\u00e9partement de la Somme pour l'ann\u00e9e 2024 12\nDirection D\u00e9partementale des Territoires et de\nla Mer\n80-2023-12-29-00002\nArr\u00eat\u00e9 portant abrogation de l'arr\u00eat\u00e9 du 19 juillet\n2023 prescrivant les mesures de limitation\nprovisoires des usages de l'eau autour du\ncaptage de Caix III\nDirection D\u00e9partementale des Territoires et de la Mer - 80-2023-12-29-00002 - Arr\u00eat\u00e9 portant abrogation de l'arr\u00eat\u00e9 du 19 juillet 2023\nprescrivant les mesures de limitation provisoires des usages de l'eau autour du captage de Caix III 13\nPREFET  Direction  d\u00e9partementale\nDbE \u00e9l-A SOMME  des  territoires  et de la mer\nLibert\u00c9galit\u00e9  de la Somme\nFraternit\u00e9\nARR\u00caT\u00c9\nportant  abrogation  de l'arr\u00eat\u00e9  du 19 juillet  2023  prescrivant  les mesures  de limitation\nprovisoires  des  usages  de l'eau  autour  du captage  de Caix  III\nLE PR\u00c9FET  DE LA SOMME\nCHEVALIER  DE LA LEGION  D'HONNEUR\nVU le code  de l'environnement,  et notamment  ses articles  L.211-1,  L.211-3,  R.211-66  \u00e0 R.216-9  ;\nVU le code  de la sant\u00e9  publique  ;\nVU la loi n\u00b0 2000-321  du 12 avril  2000  et le code  des relations  entre  le public  et I'administration  ;\nVU le d\u00e9cret  n\u00b0 2004-374  du 29 avril  2004  modifi\u00e9  relatif  aux pouvoirs  des pr\u00e9fets,  \u00e0 l'organisation  et \u00e0\nl'action  des services  et organismes  de l'\u00c9tat  dans  les r\u00e9gions  et d\u00e9partements  ;\nVU le d\u00e9cret  n\u00b0 2021-795  du 23 juin 2021  relatif  \u00e0 la gestion  quantitative  de la ressource  en eau et \u00e0 la\ngestion  des  situations  de crise  li\u00e9es  \u00e0 la s\u00e9cheresse  ;\nVU le d\u00e9cret  du 13 juillet  2023  portant  nomination  du pr\u00e9fet  de la Somme,  M. Rollon  MOUCHEL-\nBLAISOT  ;\nVU l'arr\u00eat\u00e9  du 21 mars  2022  portant  approbation  du sch\u00e9ma  directeur  d'am\u00e9nagement  et de gestion\ndes  eaux  du bassin  Artois-Picardie  2022-2027  ;\nVU l'arr\u00e9t\u00e9  d'orientations  pour  la mise  en \u0153uvre  coordonn\u00e9e  des mesures  de limitation  ou de\nsuspension  provisoire  des usages  de l'eau  en p\u00e9riode  de s\u00e9cheresse  sur le bassin  Artois-Picardie  ;\nVU l'arr\u00e9t\u00e9-cadre  du pr\u00e9fet  de la Somme  du 25 octobre  2022  d\u00e9limitant  les zones  hydrographiques\nhomog\u00e8nes  sur le d\u00e9partement  de la Somme  en d\u00e9finissant  les seuils  en cas de s\u00e9cheresse  et la nature\ndes  mesures  coordonn\u00e9es  de gestion  de l'eau  ;\nVU l'arr\u00eat\u00e9  du 19 juillet  2023  constatant  la baisse  des niveaux  de nappes  et la baisse  de productivit\u00e9  du\ncaptage  de Caix  IIl et prescrivant  les mesures  de limitation  provisoires  des usages  de l'eau  autour  du\ncaptage  de Caix  III ;\nCONSID\u00c9RANT  les conditions  hydrologiques,  pi\u00e9zom\u00e9triques  et m\u00e9t\u00e9orologiques  dans  le d\u00e9partement\nde la Somme  ;\nCONSID\u00c9RANT  que cette  situation,  et au vu des pr\u00e9visions  m\u00e9t\u00e9orologiques,  ne justifie  plus  de mesures\nde limitation  provisoire  des usages  de l'eau  autour  du captage  de Caix  HI ;\nSur proposition  de la directrice  d\u00e9partementale  des territoires  et de la mer  de la Somme.\nDirection D\u00e9partementale des Territoires et de la Mer - 80-2023-12-29-00002 - Arr\u00eat\u00e9 portant abrogation de l'arr\u00eat\u00e9 du 19 juillet 2023\nprescrivant les mesures de limitation provisoires des usages de l'eau autour du captage de Caix III 14\nARRETE\nArticle  ler.  -\nL'arr\u00eat\u00e9  du 19 juillet  2023  susvis\u00e9  est abrog\u00e9.\nArticle  2. -\nLe pr\u00e9sent  arr\u00e9t\u00e9  peut  faire  l'objet  d'un  recours  contentieux  devant  le tribunal  administratif,  14 rue\nLermerchier,  CS8114,  80011  AMIENS  cedex  01, dans  un d\u00e9lai  de deux  mois  \u00e0 compter  de sa publication\nau recueil  des  actes  administratifs  de la pr\u00e9fecture  de la Somme.\nArticle  3.-\nLe secr\u00e9taire  g\u00e9n\u00e9ral  de la pr\u00e9fecture  de la Somme,  la sous-pr\u00e9f\u00e8te  d'Abbeville,  le sous-pr\u00e9fet  de\nMontdidier,  la sous-pr\u00e9f\u00e8te  de P\u00e9ronne,  le colonel  commandant  de gendarmerie  de la Somme,  le\ndirecteur  d\u00e9partemental  de la s\u00e9curit\u00e9  publique  de la Somme,  le directeur  r\u00e9gional  de l'environnement,\nde l'am\u00e9nagement  et du logement  des Hauts-de-France,  la directrice  d\u00e9partementale  des territoires  et\nde la mer de la Somme,  la directrice  d\u00e9partementale  de la protection  des populations  de la Somme,  le\ndirecteur  de l'agence  r\u00e9gionale  de sant\u00e9,  le chef  du service  d\u00e9partemental  de l'Office  fran\u00e7ais  pour  la\nbiodiversit\u00e9  et les maires  des communes  concern\u00e9es,  sont  charg\u00e9s  d'assurer,  chacun  en ce qui le\nconcerne,  l'ex\u00e9cution  du pr\u00e9sent  arr\u00eat\u00e9  qui sera  publi\u00e9  au recueil  des actes  administratifs  de la\npr\u00e9fecture  de la Somme  et sur le site des services  de I'Etat  dans  la Somme  durant  une p\u00e9riode  de\n3mois,  \u00e0 l'adresse  suivante:  https://www.somme.gouv.fr/Actions-de-l-Etat/Environnement/Eau-\nassainissement-et-milieux-aquatiques/Gestion-de-la-ressource-en-eau/Secheresse-et-irrigation\nUne  copie  du pr\u00e9sent  arr\u00eat\u00e9  sera  \u00e9galement  adress\u00e9e  au directeur  de l'eau  et de la biodiversit\u00e9  du\nminist\u00e8re  de la transition  \u00e9cologique  et solidaire  et au pr\u00e9fet  de la r\u00e9gion  Hauts-de-France,\ncoordonnateur  de bassin  Artois-Picardie.\nAmiens,le  29  DEC,  2023\nRo UCHEL-BLAISOT\nDirection D\u00e9partementale des Territoires et de la Mer - 80-2023-12-29-00002 - Arr\u00eat\u00e9 portant abrogation de l'arr\u00eat\u00e9 du 19 juillet 2023\nprescrivant les mesures de limitation provisoires des usages de l'eau autour du captage de Caix III 15\nDirection D\u00e9partementale des Territoires et de\nla Mer\n80-2023-12-29-00003\nArr\u00eat\u00e9 portant abrogation de l'arr\u00eat\u00e9 du 28 ao\u00fbt\n2023 prescrivant les mesures coordonn\u00e9es de\nsurveillance, de limitation et d'interdiction des\nusages de l'eau\nDirection D\u00e9partementale des Territoires et de la Mer - 80-2023-12-29-00003 - Arr\u00eat\u00e9 portant abrogation de l'arr\u00eat\u00e9 du 28 ao\u00fbt 2023\nprescrivant les mesures coordonn\u00e9es de surveillance, de limitation et d'interdiction des usages de l'eau 16\nPREFET  Direction  d\u00e9partementale\nDbE LA SOMME  des  territoires  et de la mer\nLibert\u00e9\u00c9ga[i\u00ee\u00e9_  de la Somme\nFraternit\u00e9\nARR\u00caT\u00c9\nportant  abrogation  de l'arr\u00eat\u00e9  du 28 ao\u00fbt  2023  prescrivant  les mesures  coordonn\u00e9es\nde surveillance,  de limitation  et d'interdiction  des usages  de l'eau\nLE PR\u00c9FET  DE LA SOMME\nCHEVALIER  DE LA LEGION  D'HONNEUR\nVU le code  de l'environnement,  et notamment  ses articles  L.211-1,  L.211-3,  R.211-66  \u00e0 R.216-9  ;\nVU le code  de la sant\u00e9  publique  ;\nVU la loi n\u00b0 2000-321  du 12 avril  2000  et le code  des relations  entre  le public  et l'administration  ;\nVU le d\u00e9cret  n\u00b0 2004-374  du 29 avril  2004  modifi\u00e9  relatif  aux pouvoirs  des pr\u00e9fets,  \u00e0 l'organisation  et \u00e0\nl'action  des  services  de l'\u00c9tat  dans  les r\u00e9gions  et d\u00e9partements  ;\nVU le d\u00e9cret  n\u00b0 2021-795  du 23 juin 2021  relatif  \u00e0 la gestion  quantitative  de la ressource  en eau et \u00e0 la\ngestion  des  situations  de crise  li\u00e9es  \u00e0 la s\u00e9cheresse  ;\nVU le d\u00e9cret  du 13 juillet  2023  portant  nomination  du pr\u00e9fet  de la Somme,  M. Rollon  MOUCHEL-\nBLAISOT  ;\nVU l'arr\u00eat\u00e9  du 21 mars  2022  portant  approbation  du sch\u00e9ma  directeur  d'am\u00e9nagement  et de gestion\ndes  eaux  du bassin  Artois-Picardie  2022-2027  ;\nVU l'arr\u00e9t\u00e9  d'orientations  pour  la mise  en \u0153uvre  coordonn\u00e9e  des mesures  de limitation  ou de\nsuspension  provisoire  des usages  de l'eau  en p\u00e9riode  de s\u00e9cheresse  sur le bassin  Artois-Picardie  ;\nVU l'arr\u00eat\u00e9-cadre  du pr\u00e9fet  de la Somme  du 25 octobre  2022  prescrivant  des mesures  coordonn\u00e9es  de\ngestion  de |'eau  sur le r\u00e9seau  hydrographique  du d\u00e9partement  de la Somme  en p\u00e9riode  de s\u00e9cheresse\net d\u00e9finissant  des seuils  entra\u00eenant  des mesures  coordonn\u00e9es  de limitation  provisoire  des usages  de\nl'eau  ;\nVU l'arr\u00eat\u00e9  du 28 ao\u00fbt  2023  constatant  le franchissement  du seuil  d'alerte  pour  les eaux  superficielles\nde la zone  d'alerte  Avre  et le seuil  de vigilance  renforc\u00e9e  pour  les eaux  superficielles  de la zone  d'alerte\nSomme  amont  et prescrivant  les mesures  coordonn\u00e9es  de surveillance,  de limitation  et d'interdiction\nprovisoire  des  usages  de l'eau  ;- -\nCONSID\u00c9RANT  les conditions  hydrologiques,  pi\u00e9zom\u00e9triques  et m\u00e9t\u00e9orologiques  dans  le d\u00e9partement\nde la Somme  ;\nCONSID\u00c9RANT  que  cette  situation,  et au vu des pr\u00e9visions  m\u00e9t\u00e9orologiques,  ne justifie  plus  de mesures\nde restriction  pour  pr\u00e9server  la sant\u00e9,  la salubrit\u00e9  publique,  l'alimentation  en eau potable,  les milieux\naquatiques  et la ressource  en eau  ;\nSur proposition  de la directrice  d\u00e9partementale  des territoires  et de la mer  de la Somme  ;\nDirection D\u00e9partementale des Territoires et de la Mer - 80-2023-12-29-00003 - Arr\u00eat\u00e9 portant abrogation de l'arr\u00eat\u00e9 du 28 ao\u00fbt 2023\nprescrivant les mesures coordonn\u00e9es de surveillance, de limitation et d'interdiction des usages de l'eau 17\nARRETE\nArticle  1er.  \u2014\nL'arr\u00eat\u00e9  du 28 ao\u00fbt  2023  susvis\u00e9  est abrog\u00e9.\nArticle  2.\u2014\nLe pr\u00e9sent  arr\u00eat\u00e9  peut  faire  l'objet  d'un  recours  contentieux  devant  le tribunal  administratif,  14 rue\nLermerchier,  CS8114,  80011  AMIENS  cedex  01, dans  un d\u00e9lai  de deux  mois  \u00e0 compter  de sa publication\nau recueil  des actes  administratifs  de la pr\u00e9fecture  de la Somme.\nArticle  3. -\nLe secr\u00e9taire  g\u00e9n\u00e9ral  de la pr\u00e9fecture  de la Somme,  la sous-pr\u00e9f\u00e8te  d'Abbeville,  le sous-pr\u00e9fet  de\nMontdidier,  la sous-pr\u00e9f\u00e8te  de P\u00e9ronne,  le colonel  commandant  de gendarmerie  de la Somme,  le\ndirecteur  d\u00e9partemental  de la s\u00e9curit\u00e9  publique  de la Somme,  le directeur  r\u00e9gional  de l'environnement,\nde l'am\u00e9nagement  et du logement  des Hauts-de-France,  la directrice  d\u00e9partementale  des territoires  et\nde la mer  de la Somme,  la directrice  d\u00e9partementale  de la protection  des populations  de la Somme,  le\ndirecteur  de l'agence  r\u00e9gionale  de sant\u00e9,  le chef  du service  d\u00e9partemental  de l'Office  fran\u00e7ais  pour  la\nbiodiversit\u00e9  et les maires  des communes  concern\u00e9es,  sont  charg\u00e9s  d'assurer,  chacun  en ce qui le\nconcerne,  l'ex\u00e9cution  du pr\u00e9sent  arr\u00eat\u00e9  qui sera  publi\u00e9  au recueil  des actes  administratifs  de la\npr\u00e9fecture  de la Somme  et sur le site des services  de l'\u00c9tat  dans  la Somme  durant  une p\u00e9riode  de\n3mois,  \u00e0 l'adresse  suivante:  https://www.somme.gouv.fr/Actions-de-l-Etat/Environnement/Eau-\nassainissement-et-milieux-aquatiques/Gestion-de-la-ressource-en-eau/Secheresse-et-irrigation\nUne copie  du pr\u00e9sent  arr\u00eat\u00e9  sera \u00e9galement  adress\u00e9e  au directeur  de l'eau  et de la biodiversit\u00e9  du\nminist\u00e8re  de la transition  \u00e9cologique  et solidaire  et au pr\u00e9fet  de la r\u00e9gion  Hauts-de-France,\ncoordonnateur  de bassin  Artois-Picardie.\nAmiens,  le 29 DEC.  2\"23\nLe pr\u00e9fet\nRollon  MOUCHEL-BLAISOT\nDirection D\u00e9partementale des Territoires et de la Mer - 80-2023-12-29-00003 - Arr\u00eat\u00e9 portant abrogation de l'arr\u00eat\u00e9 du 28 ao\u00fbt 2023\nprescrivant les mesures coordonn\u00e9es de surveillance, de limitation et d'interdiction des usages de l'eau 18\nDirection D\u00e9partementale des Territoires et de\nla Mer\n80-2024-01-02-00004\nArr\u00eat\u00e9 portant fixation des prescriptions\nsp\u00e9cifiques \u00e0 d\u00e9claration pr\u00e9alable dans le cadre\ndu projet d'abattage d'arbres portant atteinte \u00e0\nun alignement d'arbres situ\u00e9 sur le boulevard du\nPort et le boulevard Faidherbe sur la commune\nd'Amiens\nDirection D\u00e9partementale des Territoires et de la Mer - 80-2024-01-02-00004 - Arr\u00eat\u00e9 portant fixation des prescriptions sp\u00e9cifiques \u00e0\nd\u00e9claration pr\u00e9alable dans le cadre du projet d'abattage d'arbres portant atteinte \u00e0 un alignement d'arbres situ\u00e9 sur le boulevard du\nPort et le boulevard Faidherbe sur la commune d'Amiens19\nE | RANCEPR\u00c9FET  Direction  d\u00e9partementale  NDE LA SOMME  _ des territoires  et de la mer E R\u00cf%\n5,.,,,,,  de la Somme  eFrateran\u00e9\nARR\u00caT\u00c9\nPortant  fixation  des prescriptions  sp\u00e9cifiques  \u00e0 d\u00e9claration  pr\u00e9alable  dans  le\ncadre  du projet  d'abattage  d'arbres  portant  atteinte  \u00e0 un alignement  d'arbres\nsitu\u00e9  sur le boulevard  du Port  et le boulevard  Faidherbe  sur la commune\nd'Amiens\nLE PR\u00c9FET  DE LA SOMME\nCHEVALIER  DE LA LEGION  D'HONNEUR\nVu le code  de l''environnement,  et notamment  ses articles  L.350-3  et suivants  ;\nVu le d\u00e9cret  n\u00b0 2004-374  du 29 avril  2004  modifi\u00e9  relatif  aux pouvoirs  des pr\u00e9fets,  \u00e0\nl'organisation  et \u00e0 l'action  des services  de l'\u00c9tat  dans  les r\u00e9gions  et d\u00e9partements  ;\nVu le d\u00e9cret  n\u00b0 2023-384  du 19 mai 2023  relatif  au r\u00e9gime  de protection  des all\u00e9es  d'arbres  et\nalignements  d'arbres  bordant  les voies  ouvertes  \u00e0 la circulation  publique  ;\nVu le d\u00e9cret  du 13 juillet  2023  portant  nomination  du pr\u00e9fet  de la Somme,  M. Rollon\nMOUCHEL-BLAISOT  ;\nVu la d\u00e9claration  pr\u00e9alable  d\u00e9pos\u00e9e  le 2 octobre  2023  par Amiens  M\u00e9tropole  relative  aux\ntravaux  d'abattage  d'arbres  portant  atteinte  \u00e0 Un alignement  d'arbres  situ\u00e9  sur les boulevards\ndu Port  et Faidherbe  sur la commune  d'Amiens  ;\nVu la demande  de compl\u00e9ments  du 12 octobre  2023  ;\nVu les compl\u00e9ments  re\u00e7us  le 1% d\u00e9cembre  2023  ;\nConsid\u00e9rant  que  19 fr\u00eanes  int\u00e9gr\u00e9s  dans  |'alignement  d'arbres  situ\u00e9  sur les boulevards  du Port\net Faidherbe  sur la commune  d'Amiens  souffrent  de la chalarose  ;\nConsid\u00e9rant  que 2 tilleuls  int\u00e9gr\u00e9s  dans  l'alignement  d'arbres  situ\u00e9  sur les boulevards-du  Port\net Fatdherbe  sur la commune  d'Amiens  montrent  des signes  de fragilit\u00e9  avec  une  descente  de\nC|me\nConsid\u00e9rant  que  l'\u00e9tat  sanitaire  ou m\u00e9canique  desdits  arbres  pr\u00e9sente  \u00e0 terme  un danger  pour\nla s\u00e9curit\u00e9  des  personnes  ou des  biens  ;\nConsid\u00e9rant  que  l'alignement  pr\u00e9sente  actuellement  des disparit\u00e9s  dans  sa continuit\u00e9  ;\nConsid\u00e9rant  les mesures  d'\u00e9vitement,  de r\u00e9duction  et de compensation  des atteintes  port\u00e9es\n\u00e0 l'alignement  d'arbres  pr\u00e9sent\u00e9es  dans  le dossier  compl\u00e9t\u00e9  ;\nConsid\u00e9rant  que les mesures  de compensation  pr\u00e9sent\u00e9es  dans  le dossier  complete  pr\u00e9voit  la\nplantation  de 104  arbres  ;\nConsid\u00e9rant  que ce projet  d'abattage  et de replantation  accompagnera  \u00e0 terme  un projet  de\ncr\u00e9ation  de piste  cyclable  port\u00e9  par la communaut\u00e9  d'agglom\u00e9ration  d'Amiens  M\u00e9tropole  ;\nSur proposition  de la directrice  d\u00e9partementale  des territoires  et de la mer  de la Somme  ;\nDirection D\u00e9partementale des Territoires et de la Mer - 80-2024-01-02-00004 - Arr\u00eat\u00e9 portant fixation des prescriptions sp\u00e9cifiques \u00e0\nd\u00e9claration pr\u00e9alable dans le cadre du projet d'abattage d'arbres portant atteinte \u00e0 un alignement d'arbres situ\u00e9 sur le boulevard du\nPort et le boulevard Faidherbe sur la commune d'Amiens20\nARRETE\nArticle  1er.  - Objet  et b\u00e9n\u00e9ficiaire\nLa communaut\u00e9  d'agglom\u00e9ration  d'Amiens  M\u00e9tropole,  dont  le 5|ege  social  est situ\u00e9  place  de\nl'H\u00f4tel  de Ville  \u2014- BP 2720  \u2014- 80 027  AMIENS  Cedex  1, d\u00e9nomm\u00e9  ci-apr\u00e8s  le b\u00e9n\u00e9ficiaire  est\nautoris\u00e9  \u00e0 entreprendre  les travaux  d'abattage  de 21 arbres  d'alignement,  soit 19 fr\u00e9nes  et 2\ntilleuls.  Ces  arbres  sont  situ\u00e9s  sur le boulevard  du Port  et boulevard  Faidherbe,  sur le tron\u00e7on\nallant  de la rue Fr\u00e9d\u00e9ric  Petit  au boulevard  du Port  d'Aval,  sur la commune  d'Amiens.  L'annexe\ndu -pr\u00e9sent  'arr\u00eat\u00e9  fournit  un plan  de localisation  g\u00e9n\u00e9rale  et un plan  de recensement  du\npatrimoine  arbor\u00e9  existant  sur les deux  boulevards.\nArticle  2. - Localisation\nLes travaux  d'abattage  sont  r\u00e9alis\u00e9s  conform\u00e9ment  au dossier  de d\u00e9claration  pr\u00e9alable\nd'abattage  d'arbres  d'alignement,  au titre  de l'article  L.350-3  du code  de l'environnement,  et\nses compl\u00e9ments  et annexes,  sous  r\u00e9serve  du respect  des prescriptions  particuli\u00e8res  d\u00e9finies\ndans  le pr\u00e9sent  arr\u00eat\u00e9.\nArticle  3.  - Phase  travaux\nLes arbres  \u00e0 abattre  seront  pr\u00e9alablement  marqu\u00e9s.\nLes travaux  d'abattage  seront  r\u00e9alis\u00e9s  hors  p\u00e9riode  de nld:flcatlon  soit  avant  le 15 mars  2024.\nLes arbres  sains  conserv\u00e9s  seront  prot\u00e9g\u00e9s  lors de l'abattage  des arbres  vis\u00e9s  par les travaux.\nArticle  4.-  Mesures  de compensation  et choix  des  essences\n\u00c0 titre  de compensation,  104 arbres  seront  plant\u00e9s  en double  alignement  sur ce tron\u00e7on  selon\nle plan  fourni  dans  les compl\u00e9ments  au dossier  de d\u00e9claration  pr\u00e9alable.\nLes travaux  de plantation  seront  r\u00e9alis\u00e9s  en p\u00e9riode  hivernale,  soit  avant  le 1\u00b0\" mars  2025.\nUn panache  d'essence  diff\u00e9rente  sera  mis place  :\n- association  de Ginkgo  biloba  'blagon'  et Acer  campestre  gran  colum  300/350  motte  mis en\nplace  au niveau  des  intersections  et carrefours  le long  de I'axe,\n- association  de Quercus  dentata./  Ginkgo  biloba  / Carpinus  betulus  rockhampton  red / Larix\nkaempferi  18/20  tige mg mis en place  sur les alignements  nouvellement  form\u00e9s.\nLe plan  des  plantations  est int\u00e9gr\u00e9  au dossier  compl\u00e9t\u00e9.\nPour  les arbres  plant\u00e9s  en bord  direct  de chauss\u00e9e,  la fosse  de plantation  aura  un volume  de\n15 m* avec  un remplissage  d'un  m\u00e9lange  de terre  et de pierres.  '\nPour  les arbres  plant\u00e9s  en second  alignement,  la fosse  de plantation  aura  un volume  de 15 m?\navec  un remplissage  de terre.\nUne  cuvette  v\u00e9g\u00e9talis\u00e9e  en pied  d'arbre  permettra  de favoriser  l'\u00e9coulement  des eaux  vers  le\nsyst\u00e8me  racinaire.  Le volume  et la fr\u00e9quence  d'arrosage  seront  adapt\u00e9s  en fonction  de\nI'interpr\u00e9tation  des r\u00e9sultats  des sondes  tensiom\u00e9triques  install\u00e9es  lors de la plantation.\nArticle  5. - Compte-rendu  de travaux\n\u00c0 lissue  des travaux,  un compte  rendu  est r\u00e9alis\u00e9  par le b\u00e9n\u00e9ficiaire  et sera adress\u00e9  \u00e0 la\ndirection  d\u00e9partementale  des  territoires  et de la mer  de la Somme.\nDirection D\u00e9partementale des Territoires et de la Mer - 80-2024-01-02-00004 - Arr\u00eat\u00e9 portant fixation des prescriptions sp\u00e9cifiques \u00e0\nd\u00e9claration pr\u00e9alable dans le cadre du projet d'abattage d'arbres portant atteinte \u00e0 un alignement d'arbres situ\u00e9 sur le boulevard du\nPort et le boulevard Faidherbe sur la commune d'Amiens21\nArticle  6. - Suivi\nLe b\u00e9n\u00e9ficiaire  r\u00e9alise  un suivi  N+1  et N+2  consistant  \u00e0 v\u00e9rifier  la bonne  reprise  des arbres\nplant\u00e9s  et le bon  \u00e9tat  des arbres  maintenus.  Le compte  rendu  annuel  sera  adress\u00e9  \u00e0 la\ndirection  d\u00e9partementale  des territoires  et de la mer  de la Somme.  Si I'\u00e9tat  de sant\u00e9  des\narbres  plant\u00e9s  n'est  pas  satisfaisant,  ils devront  \u00eatre  remplac\u00e9s.\nArticle  7. - Autres  r\u00e9glementations\nCet arr\u00eat\u00e9  ne dispense  pas des autorisations  rendues  n\u00e9cessaires  par d'autres  r\u00e9glementations.\nArticle  8. - Voies  et d\u00e9lais  de recours\nLa pr\u00e9sente  d\u00e9cision  est susceptible  de faire  l'objet  d'un  recours  contentieux  devant  le\ntribunal  administratif  d'Amiens  - 14, rue Lemerchier  \u2014- 80011  Amiens  cedex  1 \u2014 dans  un d\u00e9lai  de\ndeux  mois.  Le tribunal  administratif  peut  \u00e9galement  \u00eatre  saisi,  dans  le m\u00eame  d\u00e9lai,  par\nl'interm\u00e9diaire  de l'application  \u00ab t\u00e9l\u00e9recours  citoyen  \u00bb accessible  sur le site www.telerecours.fr.\nArticle  9. - Ex\u00e9cution  _\nLe secr\u00e9taire  g\u00e9n\u00e9ral  de la pr\u00e9fecture  de la Somme  et la directrice  d\u00e9partementale  des\nterritoires  et de la mer  sont  charg\u00e9s  de l'ex\u00e9cution  du pr\u00e9sent  arr\u00e9t\u00e9  qui sera  notifi\u00e9  au\nb\u00e9n\u00e9ficiaire,  publi\u00e9  au recueil  des actes  administratifs  de la pr\u00e9fecture  de la Somme  et dont\ncopie  sera  adr\u00e9ss\u00e9e  \u00e0 la mairie  d'Amiens.\nAmiens,  le '2\u2014 e  ZOZC(\nLe pr\u00e9fet\nRol OUCHEL-BLAISOT\nDirection D\u00e9partementale des Territoires et de la Mer - 80-2024-01-02-00004 - Arr\u00eat\u00e9 portant fixation des prescriptions sp\u00e9cifiques \u00e0\nd\u00e9claration pr\u00e9alable dans le cadre du projet d'abattage d'arbres portant atteinte \u00e0 un alignement d'arbres situ\u00e9 sur le boulevard du\nPort et le boulevard Faidherbe sur la commune d'Amiens22\n\\g ;\n__ Faubourg  de Hem\\\\ ZTR  A\n\\ S T\nSE  | e =\nf \\ v/ \\\n(N  x e m\nPSS  Saint-Maurice\nHenriville\nBoulevard  Faidherbe\nRecensement  du patrimoine\narbor\u00e9  existant\n16 'FRAXINUS  EXCELSIOR  SP\"\n1 'TILIA  X INTERMEDIA'\n3 'TILIA  X INTERMEDIA\"\nAnnexes\nPlan de localisation du tron\u00e7on\nBoulevard du Port\nBoulevard Faidherbe\nDirection D\u00e9partementale des Territoires et de la Mer - 80-2024-01-02-00004 - Arr\u00eat\u00e9 portant fixation des prescriptions sp\u00e9cifiques \u00e0\nd\u00e9claration pr\u00e9alable dans le cadre du projet d'abattage d'arbres portant atteinte \u00e0 un alignement d'arbres situ\u00e9 sur le boulevard du\nPort et le boulevard Faidherbe sur la commune d'Amiens23\nBoulevard  du Port\nRecensement  du patrimoine\narbor\u00e9  existant1 TILIA  X INTERMEDIA\ns\u00e9nescent\n9 TILIA  X INTERMEDIA\n1 TILIA  X INTERMEDIA\ns\u00e9nescent\n1 FRAXINUS\nEXCELSIOR  SP 1 TILIA  X INTERMEDIA\n2 FRAXINUS\nEXCELSIOR  SP\nA TILIA  X INTERMEDIA\n6 TILIA  X INTERMEDIA\nDirection D\u00e9partementale des Territoires et de la Mer - 80-2024-01-02-00004 - Arr\u00eat\u00e9 portant fixation des prescriptions sp\u00e9cifiques \u00e0\nd\u00e9claration pr\u00e9alable dans le cadre du projet d'abattage d'arbres portant atteinte \u00e0 un alignement d'arbres situ\u00e9 sur le boulevard du\nPort et le boulevard Faidherbe sur la commune d'Amiens24\nDirection interd\u00e9partementale des routes\nNord-Ouest\n80-2024-01-02-00001\nArr\u00eat\u00e9 n\u00b0 2024-11 portant subd\u00e9l\u00e9gation de\nsignature en mati\u00e8re de gestion du domaine\npublic et de police de la circulation pour le\nd\u00e9partement de la Somme\nDirection interd\u00e9partementale des routes Nord-Ouest - 80-2024-01-02-00001 - Arr\u00eat\u00e9 n\u00b0 2024-11 portant subd\u00e9l\u00e9gation de signature\nen mati\u00e8re de gestion du domaine public et de police de la circulation pour le d\u00e9partement de la Somme 25\nEx  Direction  interd\u00e9partementale\nMINISTERE  des  routes  Nord-Ouest\nDE LA TRANSITION\nECOLOGIQUE\nET DE LA COHESION\nDES  TERRITOIRES\nLibert\u00e9\nEgalit\u00e9\nFraternit\u00e9\nArr\u00eat\u00e9  n\u00b0 2024-11  portant  subd\u00e9l\u00e9gation  de signature\nen mati\u00e8re  de gestion  du domaine  public  et de police  de la circulation\npour  le d\u00e9partement  de la Somme\nLe directeur  interd\u00e9partemental  des  routes  Nord-Ouest\n\u2014 le code  g\u00e9n\u00e9ral  des  collectivit\u00e9s  territoriales  ;\n\u2014 le code  g\u00e9n\u00e9ral  de la propri\u00e9t\u00e9  des personnes  publiques  ;\n\u2014 le code  de la route  ;\n\u2014 le code  de la voirie  routi\u00e8re  ;\n\u2014 e code  de la justice  administrative  ;\n\u2014 la loi n\u00b082-213  du 2 mars  1982  modifi\u00e9e  relative  aux droits  et libert\u00e9s  des communes,  des\nd\u00e9partements  et des r\u00e9gions  ;\n\u2014 le d\u00e9cret  n\u00b02015-510  du 7 mai 2015  portant  charte  de la d\u00e9concentration  ;\n\u2014 le d\u00e9cret  n\u00b02004-374  du 29 avril  2004  modifi\u00e9  relatif  aux pouvoirs  des pr\u00e9fets,  \u00e0 l'organisation  et \u00e0\nI'action  des services  de l'Etat  dans  les r\u00e9gions  et d\u00e9partements  ;\n\u2014 l'arr\u00eat\u00e9  de la ministre  de la transition  \u00e9cologique  et de la coh\u00e9sion  des territoires  en date  du 22 juin\n2022  portant  nomination  de M. Pascal  GABET,  ing\u00e9nieur  en chef  des ponts,  des eaux  et des for\u00e9ts,\ndirecteur  interd\u00e9partemental  des routes  Nord-Ouest  \u00e0 compter  du 1er ao\u00fbt  2022  ;\n\u2014 l'arr\u00e9t\u00e9  du pr\u00e9fet  de la r\u00e9gion  Haute-Normandie,  pr\u00e9fet  de la Seine-Maritime,  pr\u00e9fet  coordonnateur  des\nitin\u00e9raires  routiers  en date  du 21 juin 2006  fixant  'organisation  de la direction  interd\u00e9partementale  des\nroutes  Nord-Ouest  et l'arr\u00eat\u00e9  en date  du 10 mars  2022  portant  r\u00e9organisation  de la direction\ninterd\u00e9partementale  des  routes  Nord-Ouest  ;\n\u2014 l'arr\u00eat\u00e9  du pr\u00e9fet  de la Somme,  M. Rollon  MOUCHEL-BLAISOT  en date  du 24 juillet  2023  portant\nd\u00e9l\u00e9gation  de signature  \u00e0 M. Pascal  GABET,  directeur  interd\u00e9partemental  des routes  Nord-Ouest  ;\n\u2014 le code  des relations  entre  le public  et I'administration,  notamment  son article  L.221-2  ;\n\u2014 l'organigramme  du service  ;\nImmeuble  Abaquesne\n97, boulevard  de l'Europe  \u2014 CS 61141  \u2014 76175  ROUEN  Cedex  1\nT\u00e9l : 33(0)2  76 00 03 31\nwww.dir.nord-ouest.developpement-durable.gouv.fr\nMINIST\u00c8RE\nDE LA TRANSITION\n\u00c9COLOGIQUE\nET DE LA COHESION\nDES TERRITOIRESDirection interd\u00e9partementale\ndes routes Nord-Ouest\niibertt\n\u00c9sslitt\nfraternit\u00e9\nArr\u00eat\u00e9 n\u00b0 2024-11 portant subd\u00e9l\u00e9gation de signature\nen mati\u00e8re de gestion du domaine public et de police de la circulation\npour le d\u00e9partement de la Somme\nLe directeur interd\u00e9partemental des routes Nord-Ouest\nvu:\nle code g\u00e9n\u00e9ral des collectivit\u00e9s territoriales ;\nle code g\u00e9n\u00e9ral de la propri\u00e9t\u00e9 des personnes publiques ;\nle code de la route ;\nle code de la voirie routi\u00e8re ;\nle code de la justice administrative ;\nla loi n\u00b082-213 du 2 mars 1982 modifi\u00e9e relative aux droits et libert\u00e9s des communes, des\nd\u00e9partements et des r\u00e9gions ;\nle d\u00e9cret n\u00b02015-510 du 7 mai 2015 portant charte de la d\u00e9concentration ;\nle d\u00e9cret n\u00b02004-374 du 29 avril 2004 modifi\u00e9 relatif aux pouvoirs des pr\u00e9fets, \u00e0 l'organisation et \u00e0\nl'action des services de l'\u00c9tat dans les r\u00e9gions et d\u00e9partements ;\nl'arr\u00eat\u00e9 de la ministre de la transition \u00e9cologique et de la coh\u00e9sion des territoires en date du 22 juin\n2022 portant nomination de M. Pascal GABET, ing\u00e9nieur en chef des ponts, des eaux et des for\u00eats,\ndirecteur interd\u00e9partemental des routes Nord-Ouest \u00e0 compter du 1er ao\u00fbt 2022 ;\nl'arr\u00eat\u00e9 du pr\u00e9fet de la r\u00e9gion Haute-Normandie, pr\u00e9fet de la Seine-Maritime, pr\u00e9fet coordonnateur des\nitin\u00e9raires routiers en date du 21 juin 2006 fixant l'organisation de la direction interd\u00e9partementale des\nroutes Nord-Ouest et l'arr\u00eat\u00e9 en date du 10 mars 2022 portant r\u00e9organisation de la direction\ninterd\u00e9partementale des routes Nord-Ouest ;\nl'arr\u00eat\u00e9 du pr\u00e9fet de la Somme, M. Rollon MOUCHEL-BLAISOT en date du 24 juillet 2023 portant\ndelegation de signature \u00e0 M. Pascal GABET, directeur interd\u00e9partemental des routes Nord-Ouest ;\nle code des relations entre le public et l'administration, notamment son article L.221-2 ;\nl'organigramme du service ;\nImmeuble Abaquesne\n97, boulevard de l'Europe - CS 61141 - 76175 ROUEN Cedex l\nTel : 33(0)2 76 00 03 31\nwww.dir.nord-ouest.develoopement-durable.gouv.fr\n1 /?Direction interd\u00e9partementale des routes Nord-Ouest - 80-2024-01-02-00001 - Arr\u00eat\u00e9 n\u00b0 2024-11 portant subd\u00e9l\u00e9gation de signature\nen mati\u00e8re de gestion du domaine public et de police de la circulation pour le d\u00e9partement de la Somme 26\nImmeuble  AbaquesneARRETE\nArticle  1er :\nEn cas  d'absence  ou d'emp\u00eachement  de M. Pascal  GABET,  directeur  interd\u00e9partemental  des  routes\nNord-Ouest,  subd\u00e9l\u00e9gation  de signature  est donn\u00e9e  a M. Michael  LANGLET,  ICTPE,  directeur  adjoint\nexploitation  et \u00e0 M. Arnaud  LE COGUIC,  ICTPE,  directeur  adjoint  ing\u00e9nierie.\nArticle  2 :\nSubd\u00e9l\u00e9gation  est donn\u00e9e  dans  la limite  de leurs  attributions  \u00e0 :\nNelson  GONCALVES,  ICTPE,  chef  du service  des  politiques  et des  techniques,  \u00e0 I'effet  de signer  les\nd\u00e9cisions  vis\u00e9es  aux  points  1.1 \u00e0 1.11  - 2.1 \u00e0 2.13  de l'arr\u00eat\u00e9  pr\u00e9fectoral  susvis\u00e9\nH\u00e9l\u00e8ne  BUHOT,  IDIM,  adjointe  au chef  du service  des politiques  et des techniques,  \u00e0 l'effet  de signer\nles d\u00e9cisions  vis\u00e9es  aux points  1.1 \u00e0 1.11  - 2.1 \u00e0 2.13  de l'arr\u00eat\u00e9  pr\u00e9fectoral  susvis\u00e9\nSt\u00e9phane  SANCHEZ,  ITPEHC,  secr\u00e9taire  g\u00e9n\u00e9ral,  \u00e0 l'effet  d'exercer  les comp\u00e9tences  pr\u00e9vues  aux\npoints  3.1 et 3.2 de l'arr\u00eat\u00e9  pr\u00e9fectoral  susvis\u00e9  et de signer  les actes  relatifs  \u00e0 la proc\u00e9dure  vis\u00e9e  au\n1.12  de l'arr\u00eat\u00e9  pr\u00e9fectoral  susvis\u00e9\nFranck  GOUEL,  IDTPE  secr\u00e9taire  g\u00e9n\u00e9ral  adjoint,  \u00e0 I'effet  d'exercer  les comp\u00e9tences  pr\u00e9vues  aux\npoints  3.1 et 3.2 de l'arr\u00e9t\u00e9  pr\u00e9fectoral  susvis\u00e9  et de signer  les actes  relatifs  \u00e0 la proc\u00e9dure  vis\u00e9e  au\n1.12  de l'arr\u00eat\u00e9  pr\u00e9fectoral  susvis\u00e9\nOph\u00e9lie  MOTTIER,  ICTPE,  chefffe  du district  de Rouen,  \u00e0 l'effet  de signer  les d\u00e9cisions  vis\u00e9es  aux\npoints  1.1 - 1.2 - 1.4 \u00e0 1.10  - 2.11  et 3.2 de l'arr\u00eat\u00e9  pr\u00e9fectoral  susvis\u00e9\nGuillaume  BIARD,  ITPE,  adjoint  \u00e0 la cheffe  du district  de Rouen,  \u00e0 l'effet  de signer  les d\u00e9cisions\nvis\u00e9es  aux  points  1.1 - 1.2 - 1.4 \u00e0 1.10  - 2.11  et 3.2 de l'arr\u00eat\u00e9  pr\u00e9fectoral  susvis\u00e9\nLudovic  JOIN,  TSCDD,  adjoint  \u00e0 la cheffe  du district  de Rouen  en charge  de I'exploitation,  \u00e0 l'effet  de\nsigner  les d\u00e9cisions  vis\u00e9es  aux  points  1.1 - 1.2 - 1.4 \u00e0 1.10  - 2.11  de I'arr\u00e9t\u00e9  pr\u00e9fectoral  susvis\u00e9\nFlora  BERTIAUX,  Contractuelle  A, cheffe  du p\u00f4le  juridique  par int\u00e9rim,  \u00e0 l'effet  d'exercer  la\ncomp\u00e9tence  pr\u00e9vue  au point  4.1 de l'arr\u00e9t\u00e9  pr\u00e9fectoral  susvis\u00e9  et \u00e0 signer  les actes  relatifs  \u00e0 la\nproc\u00e9dure  vis\u00e9e  au 1.12  de l'arr\u00eat\u00e9  pr\u00e9fectoral  susvis\u00e9\nAna-Maria  OLIVEIRA,  SACDDCS,  adjointe  \u00e0 la cheffe  du p\u00f4le  juridique,  \u00e0 I'effet  de signer  les actes\nrelatifs  \u00e0 la proc\u00e9dure  vis\u00e9e  au 1.12  de 'arr\u00e9t\u00e9  pr\u00e9fectoral  susvis\u00e9\nArticle  3 :\nLe pr\u00e9sent  arr\u00eat\u00e9  peut  faire  l'objet  d'un  recours  devant  le tribunal  administratif  d'Amiens,  dans  un d\u00e9lai\nde deux  mois,  \u00e0 compter  de sa publication.\nArticle  4 :\nLe directeur  interd\u00e9partemental  des  routes  Nord-Ouest  est charg\u00e9  de I'ex\u00e9cution  du pr\u00e9sent  arr\u00eat\u00e9  \u00e0\ncompter  de sa publication  au recueil  des  actes  administratifs  de la pr\u00e9fecture  de la Somme.\nRouen,  le 02/01/2024\nPour  le pr\u00e9fet  de la Somme\net par d\u00e9l\u00e9gation,\nLe directeur  interd\u00e9partemental  des  routes  Nord-Ouest\n97, boulevard  de l'Europe  \u2014 CS 61141  - 76175  ROUEN  Cedex  1\nT\u00e9l : 33(0)2  76 00 03 31\nwww.dir.nord-ouest.developpement-durable.gouv.fr\nARRETE\nArticle 1er :\nEn cas d'absence ou d'emp\u00eachement de M. Pascal GABET, directeur interd\u00e9partemental des routes\nNord-Ouest, subd\u00e9l\u00e9gation de signature est donn\u00e9e \u00e0 M. Michael LANGLET, ICTPE, directeur adjoint\nexploitation et \u00e0 M. Arnaud LE COGUIC, ICTPE, directeur adjoint ing\u00e9nierie.\nArticle 2 :\nSubd\u00e9l\u00e9gation est donn\u00e9e dans la limite de leurs attributions \u00e0 :\nNelson GONCALVES, ICTPE, chef du service des politiques et des techniques, \u00e0 l'effet de signer les\nd\u00e9cisions vis\u00e9es aux points 1.1 \u00e0 1.11 -2.1 \u00e0 2.13 de l'arr\u00eat\u00e9 pr\u00e9fectoral susvis\u00e9\nH\u00e9l\u00e8ne BUHOT, IDIM, adjointe au chef du service des politiques et des techniques, \u00e0 l'effet de signer\nles d\u00e9cisions vis\u00e9es aux points 1.1 \u00e0 1.11 -2.1 \u00e0 2.13 de l'arr\u00eat\u00e9 pr\u00e9fectoral susvis\u00e9\nSt\u00e9phane SANCHEZ, ITPEhlC, secr\u00e9taire g\u00e9n\u00e9ral, \u00e0 l'effet d'exercer les comp\u00e9tences pr\u00e9vues aux\npoints 3.1 et 3.2 de l'arr\u00eat\u00e9 pr\u00e9fectoral susvis\u00e9 et de signer les actes relatifs \u00e0 la proc\u00e9dure vis\u00e9e au\n1.12 de l'arr\u00eat\u00e9 pr\u00e9fectoral susvis\u00e9\nFranck GOUEL, IDTPE secr\u00e9taire g\u00e9n\u00e9ral adjoint, \u00e0 l'effet d'exercer les comp\u00e9tences pr\u00e9vues aux\npoints 3.1 et 3.2 de l'arr\u00eat\u00e9 pr\u00e9fectoral susvis\u00e9 et de signer les actes relatifs \u00e0 la proc\u00e9dure vis\u00e9e au\n1.12 de l'arr\u00eat\u00e9 pr\u00e9fectoral susvis\u00e9\nOph\u00e9lie MOTTIER, ICTPE, chefffe du district de Rouen, \u00e0 l'effet de signer les d\u00e9cisions vis\u00e9es aux\npoints 1.1 -1.2 -1.4 \u00e0 1.10-2.11 et 3.2 de l'arr\u00eat\u00e9 pr\u00e9fectoral susvis\u00e9\nGuillaume BIARD, ITPE, adjoint \u00e0 la cheffe du district de Rouen, \u00e0 l'effet de signer les d\u00e9cisions\nvis\u00e9es aux points 1.1 -1.2-1.4 \u00e0 1.10- 2.11 et 3.2 de ['arr\u00eat\u00e9 pr\u00e9fectoral susvis\u00e9\nLudovic JOIN, TSCDD, adjoint \u00e0 la cheffe du district de Rouen en charge de I'exploitation, \u00e0 l'effet de\nsigner les d\u00e9cisions vis\u00e9es aux points 1.1 -1.2-1.4 \u00e0 1.10 - 2.11 de l'arr\u00eat\u00e9 pr\u00e9fectoral susvis\u00e9\nFlora BERTIAUX, Contractuelle A, cheffe du p\u00f4le juridique par int\u00e9rim, \u00e0 l'effet d'exercer la\ncompetence pr\u00e9vue au point 4.1 de l'arr\u00eat\u00e9 pr\u00e9fectoral susvis\u00e9 et \u00e0 signer les actes relatifs \u00e0 la\nproc\u00e9dure vis\u00e9e au 1.12 de l'arr\u00eat\u00e9 pr\u00e9fectoral susvis\u00e9\nAna-Maria OLIVEIRA, SACDDCS, adjointe \u00e0 la cheffe du p\u00f4le juridique, \u00e0 l'effet de signer les actes\nrelatifs \u00e0 la proc\u00e9dure vis\u00e9e au 1.12 de l'arr\u00eat\u00e9 pr\u00e9fectoral susvis\u00e9\nArticle 3 :\nLe pr\u00e9sent arr\u00eat\u00e9 peut faire l'objet d'un recours devant le tribunal administratif d'Amiens, dans un d\u00e9lai\nde deux mois, \u00e0 compter de sa publication.\nArticle 4 :\nLe directeur interd\u00e9partemental des routes Nord-Ouest est charg\u00e9 de l'ex\u00e9cution du pr\u00e9sent arr\u00eat\u00e9 \u00e0\ncompter de sa publication au recueil des actes administratifs de la pr\u00e9fecture de la Somme.\nRouen, le 02/01/2024\nPour le pr\u00e9fet de la Somme\net par d\u00e9l\u00e9gation,\nLe directeur interd\u00e9partemental des routes Nord-Ojjgst\nT a\nImmeuble Abaquesne\n97, boulevard de l'Europe - CS 61141 - 76175 ROUEN Cedex l\nTel : 33(0)2 76 00 03 31\nwww.dir.nord-ouest.develoDDement-durable.gouv.fr\n2/2Direction interd\u00e9partementale des routes Nord-Ouest - 80-2024-01-02-00001 - Arr\u00eat\u00e9 n\u00b0 2024-11 portant subd\u00e9l\u00e9gation de signature\nen mati\u00e8re de gestion du domaine public et de police de la circulation pour le d\u00e9partement de la Somme 27\nDirection Interr\u00e9gionale des Douanes\n80-2024-01-01-00004\nD\u00e9cisions administratives individuelles (DAI) -\nD\u00e9cision de M. M. LACHAUX, directeur r\u00e9gional\ndes douanes et droits indirects d'Amiens du 1er\njanvier 2024\nDirection Interr\u00e9gionale des Douanes - 80-2024-01-01-00004 - D\u00e9cisions administratives individuelles (DAI) - D\u00e9cision de M. M.\nLACHAUX, directeur r\u00e9gional des douanes et droits indirects d'Amiens du 1er janvier 2024 28\nANNEXE  C\nDECISION  DU DIRECTEUR  REGIONAL  DES  DOUANES  ET DROITS  INDIRECTS\nD'AMIENS\nPORTANT  D\u00c9L\u00c9GATION  DE SIGNATURE  ! \u00a2\nVU  le code  g\u00e9n\u00e9ral  des imp\u00f4ts,  notamment  l'article  410  de l'annexe  II ;\nVU  le livre  des proc\u00e9dures  fiscales  ;\nVU la d\u00e9cision  de la directrice  g\u00e9n\u00e9rale  des douanes  et droits  indirects  du 21 septembre  2022;\nArticle  1\u00b0*\u2014  Re\u00e7oivent  d\u00e9l\u00e9gation  permanente  \u00e0 l'effet  de signer  en mon  nom,  et dans  la limite  de leurs  attributions,\nles agents  du poste  comptable  dont  les nom,  pr\u00e9nom  et grade  sont  repris  en annexe  I-A de la pr\u00e9sente  d\u00e9cision,  pour\nles d\u00e9cisions  administratives  individuelles  reprises  dans  cette  annexe  dans  la ligne  o\u00f9 les nom,  pr\u00e9nom  et grade  de\nces agents  sont  indiqu\u00e9s.\nArticle  2 \u2014 Re\u00e7oivent  d\u00e9l\u00e9gation  permanente  \u00e0 l'effet  de signer  en mon  nom,  et dans  la limite  de leurs  attributions\nles agents  des services  de direction  dont  les nom,  pr\u00e9nom  et grade  sont  repris  en annexe  I-B de la pr\u00e9sente  d\u00e9cision,\npour  les d\u00e9cisions  administratives  individuelles  1epnses  dans  ces annexes  dans  la ligne  o\u00f9 les nom,  pr\u00e9nom  et grade\nde ces agents  sont  indiqu\u00e9s.\nArticle  3 \u2014 Re\u00e7oivent  d\u00e9l\u00e9gation  permanente  \u00e0 l'effet  de signer  en mon  nom,  et dans  la limite  de leurs  attributions,\nles agents  de la division  d'Amiens  dont  les nom,  pr\u00e9nom  et grade  sont  repris  en annexe  I-C de la pr\u00e9sente  d\u00e9cision,\npour  les d\u00e9cisions  administratives  individuelles  reprises  dans  ces annexes  dans  la ligne  ou les nom,  pr\u00e9nom  et grade\nde ces agents  sont  indiqu\u00e9s.\nArticle  4 \u2014 Re\u00e7oivent  d\u00e9l\u00e9gation  permanente  \u00e0 l'effet  de signer  en mon  nom,  et dans  la limite  de leurs  attributions,\nles agents  des bureaux  de douane  d'Amiens,  de Compi\u00e8gne  et de Saint-Quentin  dont  les nom,  pr\u00e9nom  et grade  sont\nrepris  en annexe  I-D1  \u00e0 I-D3  de la pr\u00e9sente  d\u00e9cision,  pour  les d\u00e9cisions  administratives  individuelles  reprises  dans\nces annexes  dans  la ligne  o\u00f9 les nom,  pr\u00e9nom  et grade  de ces agents  sont  indiqu\u00e9s.\nArticle  5 \u2014 Re\u00e7oivent  d\u00e9l\u00e9gation  permanente  \u00e0 l'effet  de signer  en mon  nom,  et dans  la limite  de leurs  attributions,\nles agents  des unit\u00e9s  de surveillance  d'Amiens  BSI,  de Laon  BSI  et de Nogent-sur-Oise  BSI  dont  les nom,  pr\u00e9nom\net grade  sont  repris  en annexe  I-El  \u00e0 I-F3  de la pr\u00e9sente  d\u00e9cision,  pour  les d\u00e9cisions  administratives  individuelles\nreprises  dans  ces annexes  dans  la ligne  o\u00f9 les nom,  pr\u00e9nom  et grade  de ces agents  sont  indiqu\u00e9s.\nArticle  6 \u2014 La pr\u00e9sente  d\u00e9cision  et les annexes  concern\u00e9es,  sont  affich\u00e9es/mises  \u00e0 disposition  des usagers,  dans  la\npartie  des locaux  administratifs  accessible  au public.\nQ 1 JAN, 2024'Fait  A Amiens,  le\nMicha\u00ebl  LACHAUX\nDate  de l'affichage  :\n| Il s'agit  ici des d\u00e9l\u00e9gations  de signature  aff\u00e9rentes  aux d\u00e9cisions  administratives  individuelles  que  la loi, en l'\u00e9tat  actuel  des\ntextes,  attribue  encore  directement  aux directeurs  r\u00e9gionaux  des douanes  et droits  indirects  (voir  les articles  302  H ter, 302\nH quater  et 319  du CGI,  d'une  part,  et l'article  L29  du LPF,  d'autre  part).  Pour  la d\u00e9l\u00e9gation  de signature,  il est possible  de\nrecourir  aux annexes  pr\u00e9vues  pour  les directeurs  r\u00e9gionaux  de Guyane,  de Guadeloupe,  de La R\u00e9union  et de Mayotte,  les\nannexes  I-A-B-C-D-E  reprennent  la liste  des d\u00e9cisions  administratives  individuelles  objet  de la pr\u00e9sente  d\u00e9l\u00e9gation,  pour  :\nA. Le poste  comptable  ;\nB. La direction  r\u00e9gionale  ;\nC. Les  divisions  ;\nD. Les  bureaux  de douane  ;\nE. Les unit\u00e9s  de suveillance.\nDirection Interr\u00e9gionale des Douanes - 80-2024-01-01-00004 - D\u00e9cisions administratives individuelles (DAI) - D\u00e9cision de M. M.\nLACHAUX, directeur r\u00e9gional des douanes et droits indirects d'Amiens du 1er janvier 2024 29\nDirection Interr\u00e9gionale des Douanes\n80-2024-01-01-00002\nD\u00e9cisions administratives individuelles (DAI) -\nD\u00e9cision de M. P. RICHARD, directeur\ninterr\u00e9gional des douanes et droits indirects des\nHauts-de-France du 1er janvier 2024 pour la\nrecette interr\u00e9gionale et les services des\ndirections r\u00e9gionales\nDirection Interr\u00e9gionale des Douanes - 80-2024-01-01-00002 - D\u00e9cisions administratives individuelles (DAI) - D\u00e9cision de M. P.\nRICHARD, directeur interr\u00e9gional des douanes et droits indirects des Hauts-de-France du 1er janvier 2024 pour la recette\ninterr\u00e9gionale et les services des directions r\u00e9gionales30\nANNEXE  A\nD\u00c9CISION  DU DIRECTEUR  INTERREGIONAL  DES  DOUANES  ET DROITS  INDIRECTS\nDES  HAUTS-DE-FRANCE\nPORTANT  D\u00c9L\u00c9GATION  DE SIGNATURE  !\nVU  le code  des douanes  de l'Union,  le r\u00e8glement  d\u00e9l\u00e9gu\u00e9  n\u00b0 2015/2446  de la Commission  du 28 juillet  2015\net le r\u00e8glement  d'ex\u00e9cution  n\u00b0 2015/2447  de la Commission  du 24 novembre  2015  ;\nVU  le code  des douanes  ;\nVU le code  g\u00e9n\u00e9ral  des imp\u00f4ts,  notamment  ses annexes  [, 1, 1I et IV ;\nVU le livre  des proc\u00e9dures  fiscales  ;\nVU le d\u00e9cret  n\u00b0 97-1195  du 24 d\u00e9cembre  1997  modifi\u00e9  pris  pour  l'application  du second  alin\u00e9a  de l'article  2\ndu d\u00e9cret  n\u00b0 97-34  du 15 janvier  1997  relatif  \u00e0 la d\u00e9concentration  des d\u00e9cisions  administratives  individuelles\n(ministr\u00e9  de l'\u00e9conomie  et des finances  et ministre  de l'action  et des comptes  publics),  notamment  son article\nE ; ' '\nVU le d\u00e9cret  n\u00b0 2006-742  du 27  juin  2006  modifi\u00e9  portant  cr\u00e9ation  d'une  aide  \u00e0 la s\u00e9curit\u00e9  des d\u00e9bits  de tabac  et\nmodifiant  l'article  281 de l'annexe  II au code  g\u00e9n\u00e9ral  des imp\u00f4ts  ;\nVU le dec\u0153t  n\u00b0 2007-1665  du 26 novembne  2007  modifi\u00e9  relatif  \u00e0 l'or gamsatlon  des services  d\u00e9concentr\u00e9s  de l\u00e0\ndirection  g\u00e9n\u00e9rale  des douanes  et droits  indirects  ; :\nVU le d\u00e9cret  n\u00b0 2010-720  du 28 juin  2010  relatif  \u00e0 l'exercice  du monopole  de la vente  au d\u00e9tail  des tabacs\nmanufactur\u00e9s  ;\nVU les d\u00e9cisions  de la directrice  g\u00e9n\u00e9rale  des douanes  et droits  indirects  du 21 septembre  2022  et du 4 juillet\n2023  ;\nArticle  1 \u2014 Re\u00e7oit  d\u00e9l\u00e9gation  permanente  \u00e0 l'effet  de signer  en mon  nom,  et dans  la limite  de ses attributions,\nl'adjoint  en poste  \u00e0 la direction  interr\u00e9gionale  des douanes  et droits  indirects  dont  les nom,  pr\u00e9nom  et grade\nsont  repris  en annexe  I-F de la pr\u00e9sente  d\u00e9cision,  pour  les d\u00e9cisions  administratives  individuelles  reprises\ndans  cette  annexe  dans  la ligne  o\u00f9 les nom,  pr\u00e9nom  et grade  de cet adjoint  sont  indiqu\u00e9s.\nArticle  2 \u2014 Re\u00e7oivent  d\u00e9l\u00e9gation  permanente  \u00e0 l'effet  de signer  en mon  nom,  et dans  la limite  de leurs\nattributions,  les agents  du poste  comptable  de la direction  interr\u00e9gionale  des douanes  et droits  indirects  des\nHauts-de-France  dont les nom,  pr\u00e9nom  et grade  sont repris  en annexe  I-A de la pr\u00e9sente  d\u00e9cision,  pour  les\nd\u00e9cisions  administratives  individuelles  reprises  dans  cette  annexe  dans  la ligne  o\u00f9 les nom,  pr\u00e9nom  et grade\nde ces agents  sont  indiqu\u00e9s.\nArticle  3 - Re\u00e7oivent  d\u00e9l\u00e9gation  permanente  \u00e0 l'effet  de signer  en mon  nom,  et dans  la limite  de leurs\nattributions,  les agents  des services  de direction  des directions  r\u00e9gionales  des douanes  et droits  indirects  de\n! Pour  la d\u00e9l\u00e9gation'de  signature  des directeurs  interr\u00e9gionaux,  les annexes  I-A-B-C-D-E  reprennent  la liste  des d\u00e9cisions\nadministratives  individuelles  objet  de la pr\u00e9sente  d\u00e9l\u00e9gation,  pour  :\n\u00c0. Les  postes  comptables  ;\nB. Les  directions  r\u00e9gionales  ;\nC. Les divisions\nD. Les  bureaux  de douane\nE. Les unit\u00e9s  de surveillance.\nDirection Interr\u00e9gionale des Douanes - 80-2024-01-01-00002 - D\u00e9cisions administratives individuelles (DAI) - D\u00e9cision de M. P.\nRICHARD, directeur interr\u00e9gional des douanes et droits indirects des Hauts-de-France du 1er janvier 2024 pour la recette\ninterr\u00e9gionale et les services des directions r\u00e9gionales31\nLille,  Dunkerque  et Amiens  dont  les nom,  pr\u00e9nom  et grade  sont  repris  en annexe  I-B1  \u00e0 I-B3  de la pr\u00e9sente\nd\u00e9cision,  pour  les d\u00e9cisions  administratives  individuelles  reprises  dans  cette  annexe  dans  la ligne  ou les nom,\npr\u00e9nom  et grade  de ces agents  sont  indiqu\u00e9s.\nArticle  4 \u2014 Re\u00e7oivent  d\u00e9l\u00e9gation  permanente  \u00e0 l'effet  de signer  en mon  nom,  et dans  la limite  de leurs\nattributions,  les agents  des divisions  des directions  r\u00e9gionales  des douanes  et droits  indirects  de Lille,\nDunkerque  et Amiens  dont  les nom,  pr\u00e9nom  et grade  sont  repris  en annexe  I-C1  \u00e0 I-C7  de la pr\u00e9sente\nd\u00e9cision,  pour  les d\u00e9cisions  administratives  individuelles  reprises  dans  ces annexes  dans  la ligne  o\u00f9 les nom,\npr\u00e9nom  et grade  de ces agents  sont  indiqu\u00e9s.\nArticle  5 \u2014 Regoivent  d\u00e9l\u00e9gation  permanente  \u00e0 l'effet  de signer  en mon  nom,  et dans  la limite  de leurs\nattributions,  les agents  des bureaux  de douane  des directions  r\u00e9gionales  des douanes  et droits  indirects  de\nLille,  Dunkerque  et Amiens  dont  les nom,  pr\u00e9nom  et grade  sont  repris  en annexe  I-D1  \u00e0 I-D13  de la pr\u00e9sente\nd\u00e9cision,  pour  les d\u00e9cisions  administratives  individuelles  reprises  dans  ces annexes  dans  la ligne  o\u00f9 les nom,\npr\u00e9nom  et grade  de ces agents  sont  indiqu\u00e9s.  '\nArticle  6 \u2014 Re\u00e7oivent  d\u00e9l\u00e9gation  permanente  \u00e0 l'effet  de signer  en mon  nom,  et dans  la limite  de leurs\nattributions,  les agents  des unit\u00e9s  de surveillance  des directions  r\u00e9gionales  des douanes  et droits  indirects  de\nLille,  Dunkerque  et Amiens  dont  les nom,  pr\u00e9nom  et grade  sont  repris  en annexe  [-E1  \u00e0 I-F22  de la pr\u00e9sente\nd\u00e9cision,  pour  les d\u00e9cisions  administratives  individuelles  reprises  dans  ces annexes  dans  la ligne  o\u00f9 les nom,\npr\u00e9nom  et grade  de ces agents  sont  indiqu\u00e9s.\n- Article  7 \u2014 La pr\u00e9sente  d\u00e9cision  et les annexes  concern\u00e9es,  sont  affich\u00e9es/mises  \u00e0 disposition  des usagers,\ndans  la partie  des locaux  administratifs  accessible  au public.\nFait  \u00e0 Lille,  le 1er janvier  2024\nPhilippe  RICHARD\nDate  de l'affichage  :\nDirection Interr\u00e9gionale des Douanes - 80-2024-01-01-00002 - D\u00e9cisions administratives individuelles (DAI) - D\u00e9cision de M. P.\nRICHARD, directeur interr\u00e9gional des douanes et droits indirects des Hauts-de-France du 1er janvier 2024 pour la recette\ninterr\u00e9gionale et les services des directions r\u00e9gionales32\nDirection Interr\u00e9gionale des Douanes\n80-2024-01-01-00003\nD\u00e9cisions administratives individuelles (DAI) -\nD\u00e9cision de M. P. RICHARD, directeur\ninterr\u00e9gional des douanes et droits indirects des\nHauts-de-France du 1er janvier 2024 pour le CISD\nDirection Interr\u00e9gionale des Douanes - 80-2024-01-01-00003 - D\u00e9cisions administratives individuelles (DAI) - D\u00e9cision de M. P.\nRICHARD, directeur interr\u00e9gional des douanes et droits indirects des Hauts-de-France du 1er janvier 2024 pour le CISD 33\nANNEXE  A\nDECISION  DU DIRECTEUR  INTERREGIONAL  DES  DOUANES  ET DROITS  INDIRECTS\nDES HAUTS-DE-FRANCE  '\nPORTANT  D\u00c9L\u00c9GATION  DE SIGNATURE\nVU le code des douanes  de l'Union,  le r\u00e8glement  d\u00e9l\u00e9gu\u00e9  n\u00b0 2015/2446  de la Commission  du 28 juillet  2015\net le r\u00e8glement  d'ex\u00e9cution  n\u00b0 2015/2447  de la Commission  du 24 novembre  2015  ;\nVU  le code  des douanes  ;\nVU le code  g\u00e9n\u00e9ral  des imp\u00f4ts,  notamment  ses annexes  I, II, III et IV ;\nVU le livre  des proc\u00e9dures  fiscales  ;\nVU  le d\u00e9cret  n\u00b0 97-1195  du 24 d\u00e9cembre  1997  modifi\u00e9  pris  pour  l'application  du second  alin\u00e9a  de l'article  2\ndu d\u00e9cret  n\u00b0 97-34  du 15 janvier  1997  relatif  \u00e0 la d\u00e9concentration  des d\u00e9cisions  administratives  individuelles\n(ministre  de l'\u00e9conomie  et des finances  et ministre  de l'action  et des comptes  publics),  notamment  son article\nJL\nVU le d\u00e9cret  n\u00b0 2006-742  du 27 juin  2006  modifi\u00e9  portant  cr\u00e9ation  d'une  aide  \u00e0 la s\u00e9curit\u00e9  des d\u00e9bits  de tabac  et\nmodifiant  l'article  281 de l'annexe  II au code  g\u00e9n\u00e9ral  des imp\u00f4ts  ;\nVU le d\u00e9cret  n\u00b0 2007-1665  du 26 novembre  2007  modifi\u00e9  relatif  \u00e0 l'organisation  des services  d\u00e9concentr\u00e9s  de la\ndirection  g\u00e9n\u00e9rale  des douanes  et droits  indirects  ;\nVU le d\u00e9cret  n\u00b0 2010-720  du 28 juin 2010  relatif  \u00e0 l'exercice  du monopole  de la vente  au d\u00e9tail  des tabacs\nmanufactur\u00e9s  ;\n/\nVU les d\u00e9cisions  de la directrice  g\u00e9n\u00e9rale  des douanes  et droits  indirects  des 21 septembre  2022  et 4 juillet\n2023;\nArticle  1\u00b0\" \u2014 Re\u00e7oivent  d\u00e9l\u00e9gation  permanente  \u00e0 l'effet  de signer  en mon  nom,  et dans  la limite  de ses\nattributions,  les agents  du CISD  de Lille  dont  les nom,  pr\u00e9nom  et grade  sont  repris  en annexe  I-G de la\npr\u00e9sente  d\u00e9cision,  pour  les d\u00e9cisions  administratives  individuelles  reprises  dans  cette  annexe  dans  la ligne  o\u00f9\nles nom,  pr\u00e9nom  et grade  de ces agents  sont  indiqu\u00e9s.\nArticle  2 \u2014 La pr\u00e9sente  d\u00e9cision  et les annexes  concern\u00e9es,  sont  affich\u00e9es/mis\u00e8s  \u00e0 disposition  des usagers,\ndans  la partie  des locaux  administratifs  accessible  au public.\nDate  de l'affichage  :\nDirection Interr\u00e9gionale des Douanes - 80-2024-01-01-00003 - D\u00e9cisions administratives individuelles (DAI) - D\u00e9cision de M. P.\nRICHARD, directeur interr\u00e9gional des douanes et droits indirects des Hauts-de-France du 1er janvier 2024 pour le CISD 34\nDirection Interr\u00e9gionale des Douanes\n80-2024-01-02-00002\nDirection interr\u00e9gionale des douanes et droits\nindirects des Hauts-de-France - Arr\u00eat\u00e9 de M. P.\nRICHARD, directeur interr\u00e9gional, du 2 janvier\n2024 relatif \u00e0 l'ordonnancement secondaire des\nrecettes et des d\u00e9penses imput\u00e9es sur le budget\nde l'Etat\nDirection Interr\u00e9gionale des Douanes - 80-2024-01-02-00002 - Direction interr\u00e9gionale des douanes et droits indirects des\nHauts-de-France - Arr\u00eat\u00e9 de M. P. RICHARD, directeur interr\u00e9gional, du 2 janvier 2024 relatif \u00e0 l'ordonnancement secondaire des\nrecettes et des d\u00e9penses imput\u00e9es sur le budget de l'Etat35\nREPUBLIQUE  | Direction  g\u00e9n\u00e9rale  des douaneset  droits\nFRAN\u00c7AISE  indirects\nLibert\u00e9\n\u00c9galit\u00e9\nFraternit\u00e9\nArr\u00eat\u00e9  du 2 janvier  2024  portant  d\u00e9l\u00e9gation  de signature  aux  collaborateurs\nde Monsieur  Philippe  RICHARD,\nDirecteur  interr\u00e9gional  des  douanes  et droits  indirects  des  Hauts-de-France\nVu la loi n\u00b0 82-213  du 2 mars  1982  modifi\u00e9e,  relative  aux droits  et libert\u00e9s  des communes,  des d\u00e9partements\net des r\u00e9gions  ;\nVu le d\u00e9cret  n\u00b0 2004-374  du 29 avril  2004  relatif  aux  pouvoirs  des  Pr\u00e9fets,  \u00e0 l'organisation  et \u00e0 l'action  des\nservices  de l'Etat  dans  les r\u00e9gions  et les d\u00e9partements  ;\nVu le d\u00e9cret  n\u00b0 2006-975  du 1\" ao\u00fbt  2006  portant  code  des  march\u00e9s  ; |\nVu le d\u00e9cret  n\u00b0 2012-1246  du 7 novembre  2012  relatif  \u00e0 la gestion  budg\u00e9taire  et comptable  publique  ;\nVu le d\u00e9cret  du 30 juin  2021  portant  nomination  de Monsieur  Georges-Fran\u00e7ois  LECLERC  en qualit\u00e9  de Pr\u00e9fet\nde la r\u00e9gion  Hauts-de-France,  Pr\u00e9fet  de la zone  de d\u00e9fense  et de s\u00e9curit\u00e9  Nord,  Pr\u00e9fet  du Nord  ;\nVu l'arr\u00eat\u00e9  minist\u00e9riel  du 9 juin  2023  portant  nomination  de Monsieur  Philippe  RICHARD  en tant  que\ndirecteur  interr\u00e9gional  des  douanes  et droits  indirects  des  Hauts-de-France,  \u00e0 compter  du 1\" octobre  2023  ;\nVu l'arr\u00eat\u00e9  du 29 septembre  2023  du Pr\u00e9fet  de la r\u00e9gion  des  Hauts-de-France  portant  d\u00e9l\u00e9gation  de signature\n\u00e0 Monsieur  Philippe  RICHARD,  directeur  interr\u00e9gional  des  douanes  de Lille  ;\nARR\u00caTE  |\nArticle  1er \u2014 D\u00e9l\u00e9gation  de signature  \u00e0 effet  de signer,  dans  la limite  de ses attributions  et comp\u00e9tences,  tout\n. document,  acte,  d\u00e9cision,  contrat,  conclusion,  m\u00e9moire,  et, d'une  fa\u00e7on  plus  g\u00e9n\u00e9rale,  tous  les actes  se\ntraduisant  par  l'ordonnancement  de d\u00e9penses  ou de recettes  se rapportant  au fonctionnement  ou \u00e0\nl'\u00e9quipement  de la direction  interr\u00e9gionale  des  Hauts-de-France  est donn\u00e9e  \u00e0 :\n\u2014 Madame  Laure  SALAUN,  Administratrice,  Directrice  interr\u00e9gionale  adjointe;\n\u2014 Madame  Catherine  PADOVANI,  Directrice  des  services  douaniers  de 2\u00e8me  classe,  Cheffe  du p\u00f4le\nlogistique  et informatique;\n\u2014 Madame  B\u00e9n\u00e9dicte  MOREL,  Directrice  des  services  douaniers  de 2\u00e8me  classe,  Cheffe  du p\u00f4le  FRHL  ;\n\u2014 Monsieur  Andr\u00e9  DEMAREY,  Inspecteur  r\u00e9gional  des douanes  de 3\u00e8me  classe,  secr\u00e9taire  g\u00e9n\u00e9ral\ninterr\u00e9gional  ;\n\u2014 Monsieur  Macaire  KOUKOUI,  Inspecteur  r\u00e9gional  des  douanes  de 1\u00e8re  classe,  p\u00f4le  Logistique  \u2014 service\nimmobilier  ;\n\u2014 Madame  Laetitia  VANDESOMPEL,  Inspectrice  des  douanes,  p\u00f4le  Logistique  \u2014 service  immobilier  ;\n\u2014 Monsieur  Nicolas  ROSEAU,  Inspecteur  des  douanes,  p\u00f4le  Logistique  \u2014 service  immobilier  ;\nDirection  interr\u00e9gionale  des  douanes  des  Hauts-de-France\nSecr\u00e9tariat  g\u00e9n\u00e9ral\n5 rue de Courtrai  CS 10683\n59033  LILLE  Cedex\nSite  Internet  : www.douane.gouv.fr\nAffaire  suivie  par : Amandine  SERRA\nT\u00e9l.  : 09 702  71 272\nCourriel  : amandine.serra@douane.finances.gouv.fr\nR\u00e9f.  : SGDI  24 - 20001\nDirection Interr\u00e9gionale des Douanes - 80-2024-01-02-00002 - Direction interr\u00e9gionale des douanes et droits indirects des\nHauts-de-France - Arr\u00eat\u00e9 de M. P. RICHARD, directeur interr\u00e9gional, du 2 janvier 2024 relatif \u00e0 l'ordonnancement secondaire des\nrecettes et des d\u00e9penses imput\u00e9es sur le budget de l'Etat36\nMonsieur  Xavier  LACROIX,  Inspecteur  des  douanes,  p\u00f4le  Logistique  \u2014 service  budget  ;\nMonsieur  Sylvain  THOREZ,  Inspecteur  des  douanes,  p\u00f4le  Logistique  \u2014 service  budget  ;\nMadame  Marina  ROUSSET-BOCQUILLON,  Inspectrice  des  douanes,  p\u00f4le  Logistique  \u2014 Inspectrice\nm\u00e9canicien  automobile  ; __\nMadame  Brigitte  VILGRAIN,  contr\u00f4leuse  des douanes  de 2\u00e8me  classe  \u2014 p\u00f4le Logistique  cellule  TICPE\n(pour  ce qui  concerne  le programme  200)  ;\nMadame  H\u00e9l\u00e8ne  LIBERSE,  contr\u00f4leuse  principale  des douanes  \u2014 p\u00f4le  Logistique  cellule  TICPE  (pour  ce\nqui  concerne  le programme  200)  ;\nMonsieur  Nicolas  BULCKAEN,  Inspecteur  r\u00e9gional  des  douanes  de 2\u00e8me  classe,  p\u00f4le  FRHL  ;\nMonsieur  Franck  DEBRICQ,  Inspecteur  r\u00e9gional  des  douanes  de 3\u00e8me  classe,  p\u00f4le  FRHL  ;\nMadame  Fabienne  MINGUET,  contr\u00f4leuse  des  douanes  de 2\u00e8me  classe,  p\u00f4le  FRHL  ;\nMadame  Brigiette  DEMOULIN,  contr\u00f4leuse  des  douanes  de 2\u00e8me  classe,  p\u00f4le  FRHL  ;\nMonsieur  Jean-Fran\u00e7ois  DESRUMAUX,  agent  de constatation  principal  de 1\u00e8re  classe,  p\u00f4le  FRHL.\nArticle  2 - D\u00e9l\u00e9gation  de signature  \u00e0 effet  d'exercer  les attributions  du pouvoir  adjudicateur  en mati\u00e8re  de\nmarch\u00e9s  publics  et accords-cadre,  dans  la limite  de ses attributions  \u00e0 :\nMadame  Laure  SALAUN,  Administratrice,  Directrice  interr\u00e9gionale  adjointe;\nMadame  Catherine  PADOVANI,  Directrice  des services  douaniers  de 2\u00e8me  classe,  Cheffe  du p\u00f4le\nlogistique  et informatique;\nMadame  B\u00e9n\u00e9dicte  MOREL,  Directrice  des  services  douaniers  de 2\u00e8me  classe,  Cheffe  du p\u00f4le  FRHL  ;\nMonsieur  Andr\u00e9  DEMAREY,  Inspecteur  r\u00e9gional  des  douanes  de 3\u00e8me  classe,  secr\u00e9taire  g\u00e9n\u00e9ral\ninterr\u00e9gional  ;\nMonsieur  Macaire  KOUKOUI,  Inspecteur  r\u00e9gional  des  douanes  de 1\u00e8re  classe,  p\u00f4le  Logistique  \u2014 service\nimmobilier  ;\nMadame  Laetitia.VANDESOMPEL,  Inspectrice  des  douanes,  p\u00f4le  Logistique  \u2014 service  immobilier  ;\nMonsieur  Nicolas  ROSEAU,  Inspecteur  des  douanes,  p\u00f4le  Logistique  - service  immobilier  ;\nMonsieur  Xavier  LACROIX,  Inspecteur  des  douanes,  p\u00f4le  Logistique  \u2014 service  budget  ;\nMonsieur  Sylvain  THOREZ,  Inspecteur  des  douanes,  p\u00f4le  Logistique  \u2014 service  budget  ;\nMadame  Marina  ROUSSET-BOCQUILLON,  Inspectrice  des douanes,  p\u00f4le  Logistique  \u2014 Inspectrice\nm\u00e9canicien  automobile  ;\nMonsieur  Nicolas  BULCKAEN,  Inspecteur  r\u00e9gional  des douanes  de 2\u00e8me  classe,  p\u00f4le  FRHL  ;\nMonsieur  Franck  DEBRICQ,  Inspecteur  r\u00e9gional  des  douanes  de 3\u00e8me  classe,  p\u00f4le  FRHL.\nArticle  3 \u2014 La liste  des  signatures  manuscrites  des  agents  repris  aux  articles  1 et 2 est annex\u00e9e  au pr\u00e9sent\narr\u00eat\u00e9.\nArticle  4 - Le pr\u00e9sent  arr\u00eat\u00e9  annule  et remplace  celui  du 2 octobre  2023.\nArticle  5 \u2014 Le directeur  interr\u00e9gional  des  douanes  et droits  indirects  des  Hauts-de-France  est charg\u00e9  de\nl'ex\u00e9cution  du pr\u00e9sent  arr\u00eat\u00e9  qui sera  publi\u00e9  au recueil  des  actes  administratifs  de la Pr\u00e9fecture  de r\u00e9gion.\nFait  \u00e0 Lille,  le 2 janvier  2024\nL'Administrateur  g\u00e9n\u00e9ral  des  douanes,\nDirecteur  lnterre  |onal  \u00e0 Lille\npe RICHARD\n212\nDirection Interr\u00e9gionale des Douanes - 80-2024-01-02-00002 - Direction interr\u00e9gionale des douanes et droits indirects des\nHauts-de-France - Arr\u00eat\u00e9 de M. P. RICHARD, directeur interr\u00e9gional, du 2 janvier 2024 relatif \u00e0 l'ordonnancement secondaire des\nrecettes et des d\u00e9penses imput\u00e9es sur le budget de l'Etat37\nDirection Interr\u00e9gionale des Douanes\n80-2024-01-01-00001\nDirection interr\u00e9gionale des douanes et droits\nindirects des Hauts-de-France - D\u00e9cision de M. P.\nRICHARD, directeur interr\u00e9gional, du 1er janvier\n2024 en mati\u00e8re de gestion et fonctionnement\ncourant des services\nDirection Interr\u00e9gionale des Douanes - 80-2024-01-01-00001 - Direction interr\u00e9gionale des douanes et droits indirects des\nHauts-de-France - D\u00e9cision de M. P. RICHARD, directeur interr\u00e9gional, du 1er janvier 2024 en mati\u00e8re de gestion et fonctionnement\ncourant des services38\nREPUBLIQUE  Direction  g\u00e9n\u00e9rale  des douanes\nF:'AN\u00c7NSE  et droits  indirects\nLibert\u00e9  '\nEgalit\u00e9\nFraternit\u00e9\nD\u00e9cision  du 1er janvier  2024  portant  d\u00e9l\u00e9gation  de signature  aux  collaborateurs\nde Monsieur  Philippe  RICHARD,\nDirecteur  interr\u00e9gional  des  douanes  et droits  indirects  des  Hauts-de-France\nJe soussign\u00e9  Philippe  RICHARD,  Directeur  interr\u00e9gional  des  douanes  et droits  indirects  des  Hauts-de-\nFrance,\nVu le d\u00e9cret  n\u00b0 2004-374  du 29 avril  2004  modifi\u00e9,  relatif  aux  pouvoirs  des  Pr\u00e9fets,  \u00e0 l'organisation  et \u00e0\nl'action  des services  de l'\u00c9tat  dans  les r\u00e9gions  et dans  les d\u00e9partements,  notamment  les articles  38, 43\net 44, '\nVu l'arr\u00eat\u00e9  du 29 septembre  2023  de Monsieur  le Pr\u00e9fet  de la r\u00e9gi\u00f4n  Hauts-de-France,  Pr\u00e9fet  de la zone\nde d\u00e9fense  et de s\u00e9curit\u00e9  Nord,  Pr\u00e9fet  du Nord,  me conf\u00e9rant  d\u00e9l\u00e9gation  pour  signer  tous  les actes\nrelatifs  \u00e0 la gestion  et au fonctionnement  des  services  sur lesquels  j'ai autorit\u00e9,\nEt conform\u00e9ment  aux  modalit\u00e9s  pr\u00e9vues  en matiere  de subd\u00e9l\u00e9gations  de signature  r\u00e9sultant  de\nl'application  du d\u00e9cret  n\u00b0 2008-158  du 22 f\u00e9vrier  2008  relatif  \u00e0 la suppl\u00e9ance  des  Pr\u00e9fets  de r\u00e9gion  et \u00e0\nla d\u00e9l\u00e9gation  de signature  des  Pr\u00e9fets  et des  Hauts-commissaires  de la R\u00e9publique,\nDECIDE\nArticle  1er - Dans  le cadre  de leurs  attributions  \u00e0 la t\u00eate  des  cwconscnptuons  douani\u00e8res  r\u00e9gionales  des\nHauts-de-France,  d\u00e9l\u00e9gation  de signature  est donn\u00e9e  respectlvement\n\u2014 pour  la Direction  r\u00e9gionale  des douanes  et droits  indirects  de Lille,  qui couvre  les arrondissements\nde Lille,  Valenciennes,  Douai,  Cambrai  et Avesnes-sur-Helpe  dans  le d\u00e9partement  du Nord  et les\narrondissements  d'Arras,  Lens et B\u00e9thune  dans le d\u00e9partement  du Pas-de-Calais,  \u00e0 M. Franck\nLACROIX,  Directeur  r\u00e9gional  des  douanes  et, en cas  d'absence  ou d'emp\u00eachement  de sa part,  \u00e0\nMme  Aline  BUISSART,  MM  Laurent  DUPUIS  et Jean-Philippe  CHIKH,  respectivement  Directrice  des\nservices  douaniers  de 2\u00e8me  classe,  Cheffe  du p\u00f4le  orientation  des  contr\u00f4les,  Inspecteur  principal\nde T\u00e8re  classe,  Chef  du p\u00f4le  orientation  des  contr\u00f4les  par int\u00e9rim  et Inspecteur  r\u00e9gional  de 1\u00e8re\nclasse,  Chef  du secr\u00e9tariat  g\u00e9n\u00e9ral  r\u00e9gional.  '\n\u2014- pour  la Direction  r\u00e9gionale  des  douanes  et droits  indirects  de Dunkerque,  qui couvre\nl'arrondissement  de Dunkerque  dans  le d\u00e9partement  du Nord  et les arrondissements  de Boulogne-\nDirection  interr\u00e9gionale  des  douanes  des  Hauts  de-France\nSecr\u00e9tariat  g\u00e9n\u00e9ral\n5 rue de Courtrai  CS 10683\n59033  LILLE  Cedex\nSite  Internet  : www.douane.gouv.fr\nAffaire  suivie  par : Amandine  SERRA\nT\u00e9l.  : 09 702  71 272\nCourriel  : amandine.serra@douane.finances.gouv.fr\nR\u00e9f.  : SGDI  24 \u2014 20008\nDirection Interr\u00e9gionale des Douanes - 80-2024-01-01-00001 - Direction interr\u00e9gionale des douanes et droits indirects des\nHauts-de-France - D\u00e9cision de M. P. RICHARD, directeur interr\u00e9gional, du 1er janvier 2024 en mati\u00e8re de gestion et fonctionnement\ncourant des services39\nsur-Mer,  Montreuil,  Saint-Omer  et Calais  dans  le d\u00e9partement  du Pas-de-Calais,  \u00e0 Mme  Fr\u00e9d\u00e9rique\nDURAND,  Directrice  r\u00e9gionale  des  douanes  et, en cas d'absence  ou d'emp\u00eachement  de sa part,  \u00e0\nMM  Jean-Claude  GUELL,  Jean-Baptiste  KIMMEL  et Mme  Val\u00e9rie  BROUSSART,  respectivement\nDirecteur  principal  des  services  douaniers,  Chef  du p\u00f4le  orientation  des  contr\u00f4les,  Inspecteur\nprincipal  de 2\u00e8me  classe,  Chef  du p\u00f4le  action  \u00e9conomique  et Attach\u00e9e  principale,  Cheffe  du\nsecr\u00e9tariat  g\u00e9n\u00e9ral  r\u00e9gional.\npour  la Direction  r\u00e9gionale  des dQuanes  et droits  indirects  de Picardie,  \u00e0 Monsieur  Micha\u00ebl\nLACHAUX,  Directeur  r\u00e9gional  des  douanes  et, en cas  d'absence  ou d'emp\u00e9chement  de sa part,  a\nMmes  Anne  LADURE-ROUSSEL  et Aurore  CHAILLOU,  respectivemient  Cheffe  de service\nadministratif  de 2\u00e8me  classe,  Cheffe  du p\u00f4le  action  \u00e9conomique  et Inspectrice  r\u00e9gionale  de 3\u00e8me\nclasse,  Cheffe  du secr\u00e9tariat  g\u00e9n\u00e9ral  r\u00e9gional.\nArticle  2 - Pour  la Direction  interr\u00e9gionale  des  douanes  et droits  indirects  des  Hauts-de-France,  dont  la\ncomp\u00e9tence  territoriale  s'\u00e9tend  \u00e0 l'ensemble  de la r\u00e9gion  Hauts-de-France,  en cas d'absence  ou\nd'emp\u00e9chement  de ma part,  la d\u00e9l\u00e9gation  de signature  qui m'a  \u00e9t\u00e9 accord\u00e9e  sera  exerc\u00e9e,  dans  le\ncadre  de leurs  attributions,  respectivement  par  :\nMadame  Laure  SALAUN,  Administratrice,  Directrice  interr\u00e9gionale  adjointe\nMadame  B\u00e9n\u00e9dicte  MOREL,  Directrice  des  services  douaniers  de 2\u00e8me  classe,  Cheffe  du p\u00f4le\ngestion  des  ressources  humaines  ;\nMadame  Catherine  PADOVANI,  Directrice  des  services  douaniers  de 2\u00e8me  classe,  Cheffe  du p\u00f4le\nlogistique  et i\u00f1formatique  ;\nMonsieur  Andr\u00e9  DEMAREY,  Inspecteur  r\u00e9gional  de 3\u00e8me  classe,  secr\u00e9taire  g\u00e9n\u00e9ral  interr\u00e9gional  ;\nMonsieur  J\u00e9r\u00f4me  JIMENEZ,  Inspecteur  principal  de 2\u00e8me  classe,  Chef  du p\u00f4le  performance,\npilotage  et contr\u00f4les  internes  ; /\nMadame  Christine  BAUVOIS,  Inspectrice  r\u00e9gionale  de 1\u00e8re  classe,  Cheffe  de la Recette\nInterr\u00e9gionale  par  int\u00e9rim.\nArticle  3 - La pr\u00e9sente  d\u00e9cision  sera  notifi\u00e9e  aux  int\u00e9ress\u00e9s,  transmise  au Pr\u00e9fet  et publi\u00e9e  au Recueil\ndes actes  administratifs  (RAA)  de la Pr\u00e9fecture  du Nord.\nArticle  4 - La pr\u00e9sente  d\u00e9cision  annule  et remplace  la d\u00e9cision  du 5\" d\u00e9cembre  2023.\nFait  \u00e0 Lille,  le 1er janvier  2024\nL'Administrateur  g\u00e9n\u00e9ral  des  douanes,\nDirecteur  interr\u00e9gional  a Lille\n| M .\n' /P ilippe  RICHARD\n4\n2/2\nDirection Interr\u00e9gionale des Douanes - 80-2024-01-01-00001 - Direction interr\u00e9gionale des douanes et droits indirects des\nHauts-de-France - D\u00e9cision de M. P. RICHARD, directeur interr\u00e9gional, du 1er janvier 2024 en mati\u00e8re de gestion et fonctionnement\ncourant des services40\nDirection Interr\u00e9gionale des Douanes\n80-2024-01-01-00005\nDirection interr\u00e9gionale des douanes et droits\nindirects des Hauts-de-France - D\u00e9cision de M. P.\nRICHARD, directeur interr\u00e9gional, du 1er janvier\n2024 en mati\u00e8re de repr\u00e9sentation en justice\nDirection Interr\u00e9gionale des Douanes - 80-2024-01-01-00005 - Direction interr\u00e9gionale des douanes et droits indirects des\nHauts-de-France - D\u00e9cision de M. P. RICHARD, directeur interr\u00e9gional, du 1er janvier 2024 en mati\u00e8re de repr\u00e9sentation en justice 41\nREPUBLIQUE  Ct  c\u00c2EFRAN\u00c7AISE  Direction  g\u00e9n\u00e9rale  des  douanes\nLibent  et droits  indirects\ngalit\u00e9\nFraternit\u00e9\nLille,  le 1er janvier  2024\nPOUVOIR\nVu le code  des douanes  et notamment  ses articles  343 et 377 bis ;\nVu le livre  des  proc\u00e9dures  fiscales  et notamment  ses articles  L.235,  R 2351  ;\nVu le code  g\u00e9n\u00e9ral  des  imp\u00f4ts  et notamment  son  article  1804  B ;\nVu le d\u00e9cret  n\u00b02007-1665  du 26 novembre  2007  relatif  \u00e0 l'organisation  des services  d\u00e9concentr\u00e9s  de la\ndirection  g\u00e9n\u00e9rale  des  douanes  et droits  indirects,  modifi\u00e9  ;\nVu le d\u00e9cret  n\u00b02012-586  du 26 avril  2012  relatif  aux  emplois  de la direction  de la direction  g\u00e9n\u00e9rale  des\ndouanes  et droits  indirects  et notamment  ses articles  2 et 3 ;\nD\u00e9cide\nArticle  1* \u2014 Re\u00e7oivent  d\u00e9l\u00e9gation  permanente  \u00e0 l'effet  de signer,  en mon  nom,  les pouvoirs  g\u00e9n\u00e9raux  de\nrepr\u00e9sentation  en justice  devant  les juridictions  r\u00e9pressives  en mati\u00e8re  de douane  et de contributions\nindirectes,  les agents  de cat\u00e9gorie  A plac\u00e9s  sous  mon  autorit\u00e9  dont  les nom,  pr\u00e9nom  et grade  sont\nrepris  en annexe  de la pr\u00e9sente  d\u00e9cision.\nArticle  2 \u2014 La pr\u00e9sente:d\u00e9cision  et son annexe  sont  publi\u00e9es  au recueil  des actes  administratif  du\nd\u00e9partement  du si\u00e8ge  de la direction  interr\u00e9gionale  et au recueil  des  actes  administratifs  du\nd\u00e9partement  de chacune  des  directions  r\u00e9gionales  concern\u00e9es.\nLe directeur  interr\u00e9gional,\nPhilippe  RICHARD\nDirection  interr\u00e9gionale  des  douanes  des  Hauts-de-France\nSecr\u00e9tariat  g\u00e9n\u00e9ral\n5 rue de Courtrai  CS 10683\n59033  LILLE  Cedex\nSite  Internet  : www.douane.gouv.fr\nAffaire  suivie  par  : Amandine  SERRA\nT\u00e9l.  : 09 702  71 272\nCourriel  : amandine.serra@douane.finances.gouv.fr\nR\u00e9f.  : SGDI  24 - 20002\nDirection Interr\u00e9gionale des Douanes - 80-2024-01-01-00005 - Direction interr\u00e9gionale des douanes et droits indirects des\nHauts-de-France - D\u00e9cision de M. P. RICHARD, directeur interr\u00e9gional, du 1er janvier 2024 en mati\u00e8re de repr\u00e9sentation en justice 42\nRepr\u00e9sentation  en justice  \u2014 Autorit\u00e9  comp\u00e9tente  pour  d\u00e9signer  les agents\nhabilit\u00e9s  \u00e0 repr\u00e9senter  l''administration  en justice  et accomplir  les actes  li\u00e9s \u00e0\nl'exercice  des  voies  de recours  devant  les juridictions  r\u00e9pressives.\nAnnexe  \u00e0 la d\u00e9cision  de M. Richard,  directeur  interr\u00e9gional  des douanes  et droits\nindirects  \u00e0 Lille,  n\u00b0 24 - 20002  en date  du 1er janvier  2024\nAgents  de cat\u00e9gorie  A recevant  d\u00e9l\u00e9gation  permanente  \u00e0 l'effet  de signer  les pouvoirs  g\u00e9n\u00e9raux  de\nrepr\u00e9sentation  en justice  devant  les juridictions  r\u00e9pressives  en mati\u00e8re  de douane  et de\ncontributions  indirectes  :\nPour  la direction  r\u00e9gionale  des douanes  et droits  indirects  de Dunkerque\nDURAND  Fr\u00e9d\u00e9rique,  administratrice  sup\u00e9rieure  des  douanes,  Directrice  r\u00e9gionale  des  douanes  et\ndroits  indirects  a Dunkerque\nGUELL  Jean-Claude,  directeur  principal  des  services  dovaniers,  Chef  du P\u00f4le  Orientation  des\nContr\u00f4les  (POC)\nPour  la direction  r\u00e9gionale  des  douanes  et droits  indirects  de Lille\nLACROIX  Franck,  admmistrateur  sup\u00e9rieur  des  douanes,  Directeur  r\u00e9gional  des  douanes  et droits\nindirects  a Lille\nBUISSART  Aline,  directrice  des  services  douaniers  de 2\u00e8me  classse,  Cheffe  du P\u00f4le  Orientation  des\nContr\u00f4les  (POC)\nDUPUIS  Laurent,  inspecteur  principal  de 1\u00e8re  classe,  Parls  -sp\u00e9cial,  Chef  du P\u00f4le  Orientation  des\nContr\u00f4les  (POC)  par  int\u00e9rim\nPour  la direction  r\u00e9gionale  des  douanes  et droits  Endirects  d'Amiens\nLACHAUX  Micha\u00ebl,  administrateur  des  douanes  Directeur  reg:onal  des  douanes  et droits  indirects  \u00e0\nAmiens\nDirection Interr\u00e9gionale des Douanes - 80-2024-01-01-00005 - Direction interr\u00e9gionale des douanes et droits indirects des\nHauts-de-France - D\u00e9cision de M. P. RICHARD, directeur interr\u00e9gional, du 1er janvier 2024 en mati\u00e8re de repr\u00e9sentation en justice 43\nPr\u00e9fecture de la Somme - Direction de la\nCitoyennet\u00e9 et de la L\u00e9galit\u00e9\n80-2023-12-18-00012\nArr\u00eat\u00e9 interd\u00e9partemental du 18 d\u00e9cembre 2023\nportant extension du p\u00e9rim\u00e8tre du syndicat\nmixte de production et d'adduction d'eau\npotable du Bois Saint-Pierre.\nPr\u00e9fecture de la Somme - Direction de la Citoyennet\u00e9 et de la L\u00e9galit\u00e9 - 80-2023-12-18-00012 - Arr\u00eat\u00e9 interd\u00e9partemental du 18\nd\u00e9cembre 2023 portant extension du p\u00e9rim\u00e8tre du syndicat mixte de production et d'adduction d'eau potable du Bois Saint-Pierre. 44\nPREFET  PREFET\nDU PAS-DE-CALAIS  DE LA SOMME\nFrar;rm't\u00e9  Fraternit\u00e9\nPR\u00c9FET  DE LA SOMME\nPR\u00c9FET  DU PAS-DE-CALAIS\nArras,  le 18 BEE  2023Direction  de la Citoyennet\u00e9  et de la L\u00e9galit\u00e9\nBureau  des Institutions  Locales  et de l'Intercommunalit\u00e9\nARR\u00caT\u00c9  INTERD\u00c9PARTEMENTAL  PORTANT  EXTENSION  DU P\u00c9RIM\u00c8TRE  DU SYNDICAT\nMIXTE  DE PRODUCTION  ET D'ADDUCTION  D'EAU  POTABLE  DU  BOIS  SAINT-PIERRE\nVu le Code  G\u00e9n\u00e9ral  des Collectivit\u00e9s  Territoriales  ;\nVu la loi n\u00b082-213  du 2 mars  1982  relative  aux  droits  et libert\u00e9s  des communes,  des d\u00e9partements  et des\nr\u00e9gions  ;\nVu la loi n\u00b088-13  du 5 janvier  1988  portant  am\u00e9lioration  de la d\u00e9centralisation  et notamment  son  titre\nIV relatif  \u00e0 la coop\u00e9ration  intercommunale  ;\nVu la loi n\u00b099-586  du 12 juillet  1999  relative  au renforcement  et \u00e0 la simplification  de la coop\u00e9ration\nintercommunale  ;\nVu la loi n\u00b02004-809  du 13 ao\u00fbt  2004  relative  aux  libert\u00e9s  et responsabilit\u00e9s  locales  ;\nVu la loi n\u00b02010-1563  du 16 d\u00e9cembre  2010  modifi\u00e9e  de r\u00e9forme  des collectivit\u00e9s  territoriales  ;\nVu la loi n\u00b02015-991  du 7 ao\u00fbt  2015  portant  nouvelle  organisation  territoriale  de la R\u00e9publique  ;\nVu la loi n\u00b0 2019-1461  du 27 d\u00e9cembre  2019  relative  \u00e0 l'engagement  dans  la vie locale  et \u00e0 la proximit\u00e9\nde l'action  publique  ;\nVu la loi n\u00b02022-217  du 21 f\u00e9vrier  2022  relative  \u00e0 la diff\u00e9renciation,  la d\u00e9centralisation,  la\nd\u00e9concentration  et portant  diverses  mesures  de simplification  de l'action  publique  locale  ;\nVu le d\u00e9cret  n\u00b02004-374  du 29 avril  2004  modifi\u00e9  relatif  aux  pouvoirs  des pr\u00e9fets,  \u00e0 l'organisation  et \u00e0\nl'action  des services  de l'Etat  dans  les r\u00e9gions  et d\u00e9partements  ;\nVu le d\u00e9cret  du 20 juillet  2022  portant  nomination  de M. Jacques  BILLANT  en qualit\u00e9  de pr\u00e9fet  du\nPas-de-Calais  (hors  classe)  ;\nVu le d\u00e9cret  du 13 juillet  2023  portant  nomination  de M. Rollon  MOUCHEL-BLAISOT  en qualit\u00e9  de\npr\u00e9fet  de la Somme  ;\nRue  Ferdinand  Buisson\n62020  ARRAS  Cedex  9\nT\u00e9l : 03 21 21 20 00\nPr\u00e9fecture de la Somme - Direction de la Citoyennet\u00e9 et de la L\u00e9galit\u00e9 - 80-2023-12-18-00012 - Arr\u00eat\u00e9 interd\u00e9partemental du 18\nd\u00e9cembre 2023 portant extension du p\u00e9rim\u00e8tre du syndicat mixte de production et d'adduction d'eau potable du Bois Saint-Pierre. 45\nVu le d\u00e9cret  du 9 mai  2023  portant  nomination  de M. Christophe  MARX  en qualit\u00e9  de secr\u00e9taire\ng\u00e9n\u00e9ral  de la pr\u00e9fecture  du Pas-de-Calais,  sous-pr\u00e9fet  d' Arras  ;\nVu le d\u00e9cret  du 21 juillet  2023  portant  nomination  de M. Emmanuel  MOULARD  en qualit\u00e9  de\nsecr\u00e9taire  g\u00e9n\u00e9ral  de la pr\u00e9fecture  de la Somme,  sous-pr\u00e9fet  d'Amiens  ;\nVu l'arr\u00eat\u00e9  interd\u00e9partemental  modifi\u00e9  des 17 et 24 juillet  2000  portant  cr\u00e9ation  du Syndicat  mixte  de la\nproduction  et d'adduction  d'eau  potable  du Bois  Saint-Pierre  ;\nVu l'arr\u00eat\u00e9  pr\u00e9fectoral  du 31 juillet  2023  donnant  d\u00e9l\u00e9gation  de signature  \u00e0 M. Emmanuel  MOULARD,\nsecr\u00e9taire  g\u00e9n\u00e9ral  de la pr\u00e9fecture  de la Somme  ;\nVu l'arr\u00eat\u00e9  pr\u00e9fectoral  n\u00b0 2023-10-57  du 4 septembre  2023  donnant  d\u00e9l\u00e9gation  de signature  \u00e0\nM. Christophe  MARX,  secr\u00e9taire  g\u00e9n\u00e9ral  de la Pr\u00e9fecture  du Pas-de-Calais  ;\nVu l'arr\u00eat\u00e9  pr\u00e9fectoral  de ce jour  autorisant  l'adh\u00e9sion  de la commune  d'Hannescamps  au Syndicat\nintercommunal  des Eaux  des Vall\u00e9es  du Gy et de la Scarpe  \u00e0 compter  du 1 janvier  2024  ;\nVu la d\u00e9lib\u00e9ration  du comit\u00e9  syndical  du Syndicat  des Eaux  des Vall\u00e9es  du Gy et de la Scarpe  du 8 juin\n2023  demandant  son  adh\u00e9sion  au Syndicat  mixte  de production  et d'adduction  d'eau  potable  du Bois\nSaint-Pierre  pour  la commune  d'Hannescamps  \u00e0 la date  du ler janvier  2024  ;\nVu les d\u00e9lib\u00e9rations  des conseils  municipaux  des communes  membres  du Syndicat  des Eaux  des\nVall\u00e9es  du Gy et de la Scarpe  donnant  leur  accord  dans  les conditions  de majorit\u00e9  qualifi\u00e9e  ;\nVu la d\u00e9lib\u00e9ration  du comit\u00e9  syndical  du Syndicat  mixte  de production  et d'adduction  d'eau  potable  du\nBois  Saint-Pierre  du 27 septembre  2023  acceptant  cette  adh\u00e9sion:\nVu les d\u00e9lib\u00e9rations  des organes  d\u00e9lib\u00e9rants  des membres  du syndicat  :\nConsid\u00e9rant  que  l'ensemble  des organes  d\u00e9lib\u00e9rants  a \u00e9mis  un avis  favorable  :\nSur  proposition  des  secr\u00e9taires  g\u00e9n\u00e9raux  de la Somme  et du Pas-de-Calais  :\nArr\u00eate\nArticle  1\u00b0\" : Est autoris\u00e9e  l'adh\u00e9sion  du Syndicat  des Eaux  des Vall\u00e9es  du Gy et de la Scarpe  pour  la\ncommune  d'Hannescamps  au Syndicat  mixte  de production  et d'adduction  d'eau  potable  du Bois\nSaint-Pierre  \u00e0 la date  du 1\" janvier  2024.\nArticle  2 : Conform\u00e9ment  \u00e0 l'article  R. 421-1  du code  de justice  administrative,  le pr\u00e9sent  arr\u00eat\u00e9  peut\nfaire  l'objet  d'un  recours  contentieux  devant  le Tribunal  administratif  de Lille  (5 rue Geoffroy\nSaint-Hilaire  CS 62039  59014  Lille  Cedex)  dans  un d\u00e9lai  de deux  mois  \u00e0 compter  de sa notification  ou\nde sa publication.\nLe tribunal  administratif  peut  \u00eatre  saisi  par l'application  T\u00e9l\u00e9recours  citoyen  accessible  par le site\ninternet  www.telerecours.fr  .\nPr\u00e9fecture de la Somme - Direction de la Citoyennet\u00e9 et de la L\u00e9galit\u00e9 - 80-2023-12-18-00012 - Arr\u00eat\u00e9 interd\u00e9partemental du 18\nd\u00e9cembre 2023 portant extension du p\u00e9rim\u00e8tre du syndicat mixte de production et d'adduction d'eau potable du Bois Saint-Pierre. 46\nArticle  3: Les  Secr\u00e9taires  G\u00e9n\u00e9raux  de la Somme  et du Pas-de-Calais,  le pr\u00e9sident  du Syndicat  mixte\nde production  et d'adduction  d'eau  potable  du Bois  Saint-Pierre,  les maires  des communes  concern\u00e9es,\nles pr\u00e9sidents  des syndicats  concern\u00e9s  et de la communaut\u00e9  de communes  concern\u00e9e  sont  charg\u00e9s,\nchacun  en ce qui le concerne,  de l'ex\u00e9cution  du pr\u00e9sent  arr\u00eat\u00e9  qui sera  publi\u00e9  aux  recueils  des actes\nadministratifs  des pr\u00e9fectures  du Pas-de-Calais  et de la Somme.\nPour  le Pr\u00e9fet  de la Somme,\nLe Secr\u00e9tdire  G\u00e9n\u00e9ral\nEmmanuel  MOULARD\nPr\u00e9fecture de la Somme - Direction de la Citoyennet\u00e9 et de la L\u00e9galit\u00e9 - 80-2023-12-18-00012 - Arr\u00eat\u00e9 interd\u00e9partemental du 18\nd\u00e9cembre 2023 portant extension du p\u00e9rim\u00e8tre du syndicat mixte de production et d'adduction d'eau potable du Bois Saint-Pierre. 47\nListe  des  destinataires\nle Pr\u00e9sident  du Syndicat  mixte  de production  et d'adduction  d'eau  potable  du Bois  Saint-Pierre\nle Maire  de Berles-au-Bois\nle Maire  de Saulty\nla Maire  de Souastre\nle Pr\u00e9sident  du SI des eaux  de Bavincourt-La  Herli\u00e8re\nle Pr\u00e9sident  du SI d'adduction  d'eau  de Coullemont-Humbercourt\nle Pr\u00e9sident  du SIADEP  de r\u00e9gion  de Pas-en-Artois\nle Pr\u00e9sident  du SI de distribution  d'eau  de la Quilienne\nle Pr\u00e9sident  de la Communaut\u00e9  de Communes  du Pays  du Coquelicot\nle Pr\u00e9sident  du Syndicat  des Eaux  des Vall\u00e9es  du Gy et de la Scarpe\nle directeur  d\u00e9partemental  des finances  publiques  du Pas-de-Calais\nle directeur  d\u00e9partemental  des territoires  et de la mer  du Pas-de-Calais\nle pr\u00e9sident  de la chambre  r\u00e9gionale  des comptes  Hauts-de-France\nla directrice  d\u00e9partementale  des finances  publiques  de la Somme\nla directrice  d\u00e9partementale  des territoires  et de la mer  de la Somme\nPr\u00e9fecture de la Somme - Direction de la Citoyennet\u00e9 et de la L\u00e9galit\u00e9 - 80-2023-12-18-00012 - Arr\u00eat\u00e9 interd\u00e9partemental du 18\nd\u00e9cembre 2023 portant extension du p\u00e9rim\u00e8tre du syndicat mixte de production et d'adduction d'eau potable du Bois Saint-Pierre. 48\nPr\u00e9fecture de la Somme - Direction de la\nCitoyennet\u00e9 et de la L\u00e9galit\u00e9\n80-2023-12-18-00011\nArr\u00eat\u00e9 interd\u00e9partemental du 18 d\u00e9cembre 2023\nportant r\u00e9duction du p\u00e9rim\u00e8tre du syndicat\nmixte de production et d'adduction d'eau\npotable du Bois Saint-Pierre.\nPr\u00e9fecture de la Somme - Direction de la Citoyennet\u00e9 et de la L\u00e9galit\u00e9 - 80-2023-12-18-00011 - Arr\u00eat\u00e9 interd\u00e9partemental du 18\nd\u00e9cembre 2023 portant r\u00e9duction du p\u00e9rim\u00e8tre du syndicat mixte de production et d'adduction d'eau potable du Bois Saint-Pierre. 49\nPREFET  PREFET\nDU PAS-DE-CALAIS  DE LA SOMME\nL:'ber_t\u00e9  \u00cb\"\u00cf!\u0152'\n\u00eef:t!;\u00ee\u00eex't\u00eb  F\u00e4mfl:\u00fc\u00e4\nPREFET  DE LA SOMME\nPREFET  DU PAS-DE-CALAIS\nDirection  de la Citoyennet\u00e9  et de la L\u00e9galit\u00e9  Arras,le  \u2014 1 B DEC.  2023\nBureau  des Institutions  Locales  et de l'Intercommunalit\u00e9\nARRETE  INTERDEPARTEMENTAL  PORTANT  R\u00c9DUCTION  DU PERIMETRE  DU SYNDICAT\nMIXTE  DE PRODUCTION  ET D'ADDUCTION  D'EAU  POTABLE  DU  BOIS  SAINT-PIERRE\nVu le Code  G\u00e9n\u00e9ral  des Collectivit\u00e9s  Territoriales  ;\nVu la loi n\u00b082-213  du 2 mars  1982  relative  aux  droits  et libert\u00e9s  des communes,  des d\u00e9partements  et des\nr\u00e9gions  ;\nVu la loi n\u00b088-13  du 5 janvier  1988  portant  am\u00e9lioration  de la d\u00e9centralisation  et notamment  son  titre\nIV relatif  \u00e0 la coop\u00e9ration  intercommunale  ;\nVu la loi n\u00b099-586  du 12 juillet  1999  relative  au renforcement  et \u00e0 la simplification  de la coop\u00e9ration\nintercommunale  ;\nVu la loi n\u00b02004-809  du 13 ao\u00fbt  2004  relative  aux  libert\u00e9s  et responsabilit\u00e9s  locales  ;\nVu la loi n\u00b02010-1563  du 16 d\u00e9cembre  2010  modifi\u00e9e  de r\u00e9forme  des collectivit\u00e9s  territoriales  :\nVu la loi n\u00b02015-991  du 7 ao\u00fbt  2015  portant  nouvelle  organisation  territoriale  de la R\u00e9publique  ;\nVu la loi n\u00b0 2019-1461  du 27 d\u00e9cembre  2019  relative  \u00e0 l'engagement  dans  la vie locale  et \u00e0 la proximit\u00e9\nde l'action  publique  ;\nVu la loi n\u00b02022-217  du 21 f\u00e9vrier  2022  relative  \u00e0 la diff\u00e9renciation,  la d\u00e9centralisation,  la\nd\u00e9concentration  et portant  diverses  mesures  de simplification  de l'action  publique  locale  ;\nVu le d\u00e9cret  n\u00b02004-374  du 29 avril  2004  modifi\u00e9  relatif  aux  pouvoirs  des pr\u00e9fets,  \u00e0 l'organisation  et \u00e0\nl'action  des services  de l'Etat  dans  les r\u00e9gions  et d\u00e9partements  ;\nVu le d\u00e9cret  du 20 juillet  2022  portant  nomination  de M. Jacques  BILLANT  en qualit\u00e9  de pr\u00e9fet  du\nPas-de-Calais  (hors  classe)  ;\nVu le d\u00e9cret  du 13 juillet  2023  portant  nomination  de M. Rollon  MOUCHEL-BLAISOT  en qualit\u00e9  de\npr\u00e9fet  de la Somme  ;\nRue  Ferdinand  Buisson\n62020  ARRAS  Cedex  9\nT\u00e9l : 03 21 21 20 00\nPr\u00e9fecture de la Somme - Direction de la Citoyennet\u00e9 et de la L\u00e9galit\u00e9 - 80-2023-12-18-00011 - Arr\u00eat\u00e9 interd\u00e9partemental du 18\nd\u00e9cembre 2023 portant r\u00e9duction du p\u00e9rim\u00e8tre du syndicat mixte de production et d'adduction d'eau potable du Bois Saint-Pierre. 50\nVu le d\u00e9cret  du 9 mai  2023  portant  nomination  de M. Christophe  MARX  en qualit\u00e9  de secr\u00e9taire\ng\u00e9n\u00e9ral  de la pr\u00e9fecture  du Pas-de-Calais,  sous-pr\u00e9fet  d'Arras  ;\nVu le d\u00e9cret  du 21 juillet  2023  portant  nomination  de M. Emmanuel  MOULARD  en qualit\u00e9  de\nsecr\u00e9taire  g\u00e9n\u00e9ral  de la pr\u00e9fecture  de la Somme,  sous-pr\u00e9fet  d'Amiens  ;\nVu l'arr\u00eat\u00e9  interd\u00e9partemental  modifi\u00e9  des 17 et 24 juillet  2000  portant  cr\u00e9ation  du Syndicat  mixte  de la\nproduction  et d'adduction  d'eau  potable  du Bois  Saint-Pierre  ;\nVu l'arr\u00eat\u00e9  pr\u00e9fectoral  du 31 juillet  2023  donnant  d\u00e9l\u00e9gation  de signature  \u00e0 M. Emmanuel  MOULARD,\nsecr\u00e9taire  g\u00e9n\u00e9ral  de la pr\u00e9fecture  de la Somme  ;\nVu l'arr\u00eat\u00e9  pr\u00e9fectoral  n\u00b0 2023-10-57  du 4 septembre  2023  donnant  d\u00e9l\u00e9gation  de signature  \u00e0\nM. Christophe  MARX,  secr\u00e9taire  g\u00e9n\u00e9ral  de la Pr\u00e9fecture  du Pas-de-Calais  :\nVu la d\u00e9lib\u00e9ration  du conseil  municipal  de la commune  d'Hannescamps  du 12 avril  2023  demandant\nson retrait  du Syndicat  mixte  de production  et d'adduction  d'eau  potable  du Bois  Saint-Pierre  \u00e0 la date\ndu 31 d\u00e9cembre  2023  ;\nVu la d\u00e9lib\u00e9ration  du comit\u00e9  syndical  du Syndicat  mixte  de production  et d'adduction  d'eau  potable  du\nBois  Saint-Pierre  du 27 septembre  2023  acceptant  ce retrait  :\nVu l'ensemble  des d\u00e9lib\u00e9rations  des organes  d\u00e9lib\u00e9rants  des membres  du syndicat  ;\nConsid\u00e9rant  l'avis  favorable  \u00e9mis  par l'ensemble  des organes  d\u00e9lib\u00e9rants  des membres  du syndicat  :\nSur  proposition  des secr\u00e9taires  g\u00e9n\u00e9raux  de la Somme  et du Pas-de-Calais  ;\nArr\u00eate\nArticle  1\u00b0\" : Est autoris\u00e9  le retrait  de la commune  d'Hannescamps  du Syndicat  mixte  de production  et\nd'adduction  d'eau  potable  du Bois  Saint-Pierre  \u00e0 la date  du 31 d\u00e9cembre  2023.\nArticle  2 : Conform\u00e9ment  \u00e0 l'article  R. 421-1  du code  de justice  administrative,  le pr\u00e9sent  arr\u00eat\u00e9  peut\nfaire  l'objet  d'un  recours  contentieux  devant  le Tribunal  administratif  de Lille  (5 rue Geoffroy\nSaint-Hilaire  CS 62039  59014  Lille  Cedex)  dans  un d\u00e9lai  de deux  mois  \u00e0 compter  de sa notification  ou\nde sa publication.\nLe tribunal  administratif  peut  \u00eatre  saisi  par l'application  T\u00e9l\u00e9recours  citoyen  accessible  par le site\ninternet  www.telerecours.fr  .\nArticle  3: Les  Secr\u00e9taires  G\u00e9n\u00e9raux  de la Somme  et du Pas-de-Calais,  le pr\u00e9sident  du Syndicat  mixte\nde production  et d'adduction  d'eau  potable  du Bois  Saint-Pierre,  les maires  des communes  concern\u00e9es,\nles pr\u00e9sidents  des syndicats  concern\u00e9s  et de la communaut\u00e9  de communes  concern\u00e9e  sont  charg\u00e9s,\nchacun  en ce qui le concerne,  de l'ex\u00e9cution  du pr\u00e9sent  arr\u00eat\u00e9  qui sera  publi\u00e9  aux  recueils  des actes\nadministratifs  des pr\u00e9fectures  du Pas-de-Calais  et de la Somme.\nPour  le Pt\u00e9fet  de la Somme,  Pour  le Pr\u00e9f\u00e8t  du Pas-de-Calais,\nLe Secr\u00e9t\u00e4ire  G\u00e9n\u00e9ral\n[ W\nEmmanuel  MOULARD\nPr\u00e9fecture de la Somme - Direction de la Citoyennet\u00e9 et de la L\u00e9galit\u00e9 - 80-2023-12-18-00011 - Arr\u00eat\u00e9 interd\u00e9partemental du 18\nd\u00e9cembre 2023 portant r\u00e9duction du p\u00e9rim\u00e8tre du syndicat mixte de production et d'adduction d'eau potable du Bois Saint-Pierre. 51\nListe  des  destinataires\nle Pr\u00e9sident  du Syndicat  mixte  de production  et d'adduction  d'eau  potable  du Bois  Saint-Pierre\nle Maire  de Berles-au-Bois\nle Maire  d'Hannescamps\nle Maire  de Saulty\nla Maire  de Souastre\nle Pr\u00e9sident  du SI des eaux  de Bavincourt-La  Herli\u00e8re\nle Pr\u00e9sident  du SI d'adduction  d'eau  de Coullemont-Humbercourt\nle Pr\u00e9sident  du SIADEP  de r\u00e9gion  de Pas-en-Artois\nle Pr\u00e9sident  du SI de distribution  d'eau  de la Quilienne\nle Pr\u00e9sident  de la Communaut\u00e9  de Communes  du Pays  du Coquelicot\nle directeur  d\u00e9partemental  des finances  publiques  du Pas-de-Calais\nle directeur  d\u00e9partemental  des territoires  et de la mer  du Pas-de-Calais\nle pr\u00e9sident  de la chambre  r\u00e9gionale  des comptes  Hauts-de-France\nla directrice  d\u00e9partementale  des finances  publiques  de la Somme\nla directrice  d\u00e9partementale  des territoires  et de la mer  de la Somme\nPr\u00e9fecture de la Somme - Direction de la Citoyennet\u00e9 et de la L\u00e9galit\u00e9 - 80-2023-12-18-00011 - Arr\u00eat\u00e9 interd\u00e9partemental du 18\nd\u00e9cembre 2023 portant r\u00e9duction du p\u00e9rim\u00e8tre du syndicat mixte de production et d'adduction d'eau potable du Bois Saint-Pierre. 52\nPr\u00e9fecture de la Somme - Sous-pr\u00e9fecture de\nP\u00e9ronne\n80-2023-12-22-00005\nArr\u00eat\u00e9 portant dissolution du Groupement de\nCoop\u00e9ration Sociale et M\u00e9dico-sociale (GCSMS)\n\"Aide \u00e0 la personne du canton d'Albert\"\nPr\u00e9fecture de la Somme - Sous-pr\u00e9fecture de P\u00e9ronne - 80-2023-12-22-00005 - Arr\u00eat\u00e9 portant dissolution du Groupement de\nCoop\u00e9ration Sociale et M\u00e9dico-sociale (GCSMS) \"Aide \u00e0 la personne du canton d'Albert\" 53\nEx  ; ;\nPR\u00c9FET  Sous-pr\u00e9fecture  de P\u00e9ronne\nDE LA SOMME\nLibert\u00e9\n\u00c9galit\u00e9\nFraternit\u00e9\nARR\u00caT\u00c9\nPortant  dissolution  du Groupement  de Coop\u00e9ration  Sociale  et M\u00e9dico-Sociale\n(GCSMS)\n\u00ab aide  \u00e0 la personne  du canton  d'Albert  \u00bb\nLe pr\u00e9fet  de la Somme\nChevalier  de la L\u00e9gion  d'honneur\nVu le code  de l'action  sociale  et des familles  et notamment  ses articles  L. 312-7  et R. 312-194-1  et\nsuivants  ;\nVu le d\u00e9cret  n\u00b0 2004-374  du 29 avril  2004  modifi\u00e9  relatif  aux pouvoirs  des pr\u00e9fets,  \u00e0 l'organisation  et \u00e0\nl'action  des services  de l'\u00c9tat  dans  les r\u00e9gions  et d\u00e9partements  ;\nVu le d\u00e9cret  du 4 novembre  2022  portant  nomination  de Madame  Laurence  LECOUSTRE,  sous-pr\u00e9f\u00e9te\nde P\u00e9ronne  ;\nVu le d\u00e9cret  du 13 juillet  2023  portant  nomination  du pr\u00e9fet  de la Somme,  M. Rollon  MOUCHEL-BLAISOT\n\u00e0 compter  du 24 juillet  2023  ;\nVu l'arr\u00eat\u00e9  pr\u00e9fectoral  du 28 d\u00e9cembre  2018  portant  approbation  de la convention  constitutive  du\nGCSMSM  aide  \u00e0 la personne  du canton  d'Albert;\nVu l'arr\u00eat\u00e9  pr\u00e9fectoral  du 31 juillet  2023  portant  d\u00e9l\u00e9gation  de signature  \u00e0 Madame  Laurence\nLECOUSTRE,  sous-pr\u00e9f\u00e8te  de P\u00e9ronne  ; '\nVu les d\u00e9lib\u00e9rations  du SIVOM  d'Albert  et du CCAS  d'Albert  constituant  le GCSMS  aide  \u00e0 la personne\ndu canton  d'Albert  \u00ab Bien  vieillir  au Coquelicot  \u00bb sollicitant  sa dissolution  ;\nVu les d\u00e9lib\u00e9rations  favorables  des conseils  municipaux  des communes  membres  du SIVOM  d'Albert  ;\nVu la d\u00e9lib\u00e9ration  du GCSMS  aide  \u00e0 la personne  du canton  d'Albert  \u00ab Bien  vieillir  au Coquelicot  \u00bb du 30\noctobre  2023  d\u00e9clarant  sa dissolution  ;\nConsid\u00e9rant  que les conditions  de dissolution  par le consentement  des adh\u00e9rents  sont  r\u00e9unies  ;\nSur proposition  du secr\u00e9taire  g\u00e9n\u00e9ral  de la sous-pr\u00e9fecture  ;\nARRETE\nArticle  1er. - Le groupement  de coop\u00e9ration  sociale  et m\u00e9dico-sociale  - aide  \u00e0 domicile  d'Albert  \u00ab Bien\nvieillir  au Coquelicot  \u00bb est dissous  a compter  du 31/12/2023.\nArticle  2. - Les op\u00e9rations  de dissolution  et de liquidation  sont  r\u00e9alis\u00e9es  conform\u00e9ment  \u00e0 I'article  R.\n312-194-25  du code  de l'action  sociale  et des  familles.\n1/2\nPr\u00e9fecture de la Somme - Sous-pr\u00e9fecture de P\u00e9ronne - 80-2023-12-22-00005 - Arr\u00eat\u00e9 portant dissolution du Groupement de\nCoop\u00e9ration Sociale et M\u00e9dico-sociale (GCSMS) \"Aide \u00e0 la personne du canton d'Albert\" 54\nArticle  3.\u2014- \u2014 Le pr\u00e9sent  arr\u00eat\u00e9  peut  faire  l'objet  d'un  recours  devant  le tribunal  administratif  d'Amiens,\ndans  un d\u00e9lai  de deux  mois  \u00e0 compter  de sa publication.  Le tribunal  administratif  peut  \u00eatre  saisi  par\nl'application  informatique  \"T\u00e9l\u00e9recours  Citoyens\"  accessible  par le site internet  www.telerecours.fr.\nArticle4.-  ... La sous-pr\u00e9f\u00e8te  de P\u00e9ronne,  l'administrateur  du groupement  de coop\u00e9ration  sociale  et\nm\u00e9dico-sociale  \u00ab aide  \u00e0 domicile  d'Albert  \u00bb, le pr\u00e9sident  du Syndicat  Intercommunal  \u00e0 Vocation\nMultiple  d'aide  \u00e0 domicile  du canton  d'Albert  et les maires  des communes  concern\u00e9es  sont  charg\u00e9s,\nchacun  en ce qui le concerne,  de l'ex\u00e9cution  du pr\u00e9sent  arr\u00eat\u00e9  qui sera  publi\u00e9  au Recueil  des Actes\nAdministratifs  de la pr\u00e9fecture  de la Somme.\nP\u00e9ronne,  le 22 d\u00e9cembre  2023\nd\u00e9l\u00e9gation,\nronne\nLaurehce  LECOUSTRE\n2/2\nPr\u00e9fecture de la Somme - Sous-pr\u00e9fecture de P\u00e9ronne - 80-2023-12-22-00005 - Arr\u00eat\u00e9 portant dissolution du Groupement de\nCoop\u00e9ration Sociale et M\u00e9dico-sociale (GCSMS) \"Aide \u00e0 la personne du canton d'Albert\" 55","date":"2024-01-02","first_seen_on":"2024-08-24T23:12:08+00:00","id":"2fe4e93a30ba64901ebae1f2708a66e93619b58777fae102483747e841e5be4f","name":"RAA n\u00b01 sp\u00e9cial du 2 janvier 2024","pdf_creation_date":"2024-01-02T15:26:24+00:00","pdf_modification_date":null,"timezone":"Europe/Paris","url":"https://www.somme.gouv.fr/contenu/telechargement/46135/309708/file/recueil-2024-001-recueil-des-actes-administratifs-special.pdf"}
