{"administration":"pref30","administration_name":"Pr\u00e9fecture du Gard","content":"PR\u00c9FET\nDU GARD\nRECUEIL DES ACTES\nADMINISTRATIFS SP\u00c9CIAL\nN\u00b030-2025-177\nPUBLI\u00c9 LE  8 OCTOBRE 2025\nSommaire\nPrefecture du Gard /\n30-2025-10-08-00001 - Arr\u00eat\u00e9 donnant d\u00e9l\u00e9gation de signature \u00e0 M.\nJean-Louis BIOU, directeur de la citoyennet\u00e9, de la l\u00e9galit\u00e9 et de la\ncoordination \u00e0 la pr\u00e9fecture du Gard (4 pages) Page 3\nPrefecture du Gard / SAPSI\n30-2025-10-07-00004 - Arr\u00eat\u00e9 N\u00b030-2025-10-07-00004 portant mise en\ndemeure aux citoyens fran\u00e7ais itin\u00e9rants stationn\u00e9s, sans droit ni titre,\nsitu\u00e9s sur le parking appartenant la Chambre de Commerce et\nd'Industrie du Gard all\u00e9e Graham Bell \u00e0 N\u00eemes (4 pages) Page 8\n2\nPrefecture du Gard\n30-2025-10-08-00001\nArr\u00eat\u00e9 donnant d\u00e9l\u00e9gation de signature \u00e0 M.\nJean-Louis BIOU, directeur de la citoyennet\u00e9, de\nla l\u00e9galit\u00e9 et de la coordination \u00e0 la pr\u00e9fecture\ndu Gard\nPrefecture du Gard - 30-2025-10-08-00001 - Arr\u00eat\u00e9 donnant d\u00e9l\u00e9gation de signature \u00e0 M. Jean-Louis BIOU, directeur de la citoyennet\u00e9,\nde la l\u00e9galit\u00e9 et de la coordination \u00e0 la pr\u00e9fecture du Gard 3\nExPREFETDU GARDLibert\u00e9Egalit\u00e9Fraternit\u00e9\nDirection de la citoyennet\u00e9, de la l\u00e9galit\u00e9 et de la coordination\nService de la coordination des politiques publiques et de l'appui territorial\nArr\u00eat\u00e9\ndonnant d\u00e9l\u00e9gation de signature \u00e0 M. Jean-Louis BIOU,\ndirecteur de la citoyennet\u00e9, de la l\u00e9galit\u00e9 et de la coordination\n\u00e0 la pr\u00e9fecture du Gard\nLe pr\u00e9fet du Gard \n\u00a0Chevalier de la L\u00e9gion d'honneur \nOfficier de l'ordre national du M\u00e9rite \nVu la  loi  n\u00b0  82-213  du  2  mars  1982  relative  aux  droits  et  libert\u00e9s  des  communes,  des \nd\u00e9partements et des r\u00e9gions, notamment son article 34,\nVu le d\u00e9cret n\u00b0 97-34 du 15 janvier 1997 modifi\u00e9 relatif \u00e0 la d\u00e9concentration des d\u00e9cisions  \nadministratives individuelles,\nVu l e  d\u00e9cret  n\u00b0  2004-374  du  29  avril  2004  modifi\u00e9  relatif  aux  pouvoirs  des  pr\u00e9fets,  \u00e0 \nl'organisation et \u00e0 l'action des services de l'Etat dans les r\u00e9gions et d\u00e9partements,\nVu le d\u00e9cret n\u00b0 2008-158 du 22 f\u00e9vrier  2008 relatif \u00e0 la suppl\u00e9ance des pr\u00e9fets de r\u00e9gion et \u00e0  \nla  d\u00e9l\u00e9gation  de  signature  des  pr\u00e9fets  et  des  hauts  commissaires  de  la  R\u00e9publique  en \nPolyn\u00e9sie fran\u00e7aise et en Nouvelle-Cal\u00e9donie, \nVu le d\u00e9cret n\u00b0 2009-176 du 16 f\u00e9vrier 2009 modifiant le d\u00e9cret n\u00b0 64-805 du 29 juillet 1964  \nfixant les dispositions r\u00e9glementaires applicables aux pr\u00e9fets,\nVu le d\u00e9cret n\u00b0 2015-510 du 7 mai 2015 portant charte de la d\u00e9concentration\u00a0;\nVu le d\u00e9cret du 13 juillet 2023 nommant M. J\u00e9r\u00f4me BONET, pr\u00e9fet du Gard\u00a0;\nVu l'arr\u00eat\u00e9 30-2024-08-28-00003 du 28 ao\u00fbt 2024 portant organisation en directions, services  \net bureaux de la pr\u00e9fecture du Gard\u00a0;\nVu l'arr\u00eat\u00e9 du ministre de l'int\u00e9rieur du 27 juillet 2023 portant affectation de M.\u00a0Jean-Louis \nBIOU, conseiller d'administration de l'int\u00e9rieur et de l'outre-mer, \u00e0 la pr\u00e9fecture du Gard -  \nsecr\u00e9tariat g\u00e9n\u00e9ral - direction de la citoyennet\u00e9 et de la coordination, \u00e0 compter du 1 er \nseptembre 2023\u00a0; \nVu la note de service du pr\u00e9fet du Gard du 4 septembre 2023 portant affectation de M. Jean-\nLouis BIOU  en qualit\u00e9 de  directeur de la citoyennet\u00e9, de la l\u00e9galit\u00e9  et de la coordination  \n(DCLC), \u00e0 la pr\u00e9fecture du Gard ;\nSur proposition du secr\u00e9taire g\u00e9n\u00e9ral de la pr\u00e9fecture du Gard ;\nPrefecture du Gard - 30-2025-10-08-00001 - Arr\u00eat\u00e9 donnant d\u00e9l\u00e9gation de signature \u00e0 M. Jean-Louis BIOU, directeur de la citoyennet\u00e9,\nde la l\u00e9galit\u00e9 et de la coordination \u00e0 la pr\u00e9fecture du Gard 4\nArr\u00eate\u00a0\nArticle  1er\u00a0: D\u00e9l\u00e9gation  de  signature  est  donn\u00e9e  \u00e0 M.  Jean-Louis  BIOU,  directeur  de  la \ncitoyennet\u00e9, de la l\u00e9galit\u00e9 et de la coordination  \u00e0 l'effet de signer toutes d\u00e9cisions relevant  \ndes attributions de la direction, \u00e0 l'exception des documents suivants :\n\u2022 convocations des \u00e9lecteurs,\n\u2022 arr\u00eat\u00e9s en mati\u00e8re d'annonces l\u00e9gales,\n\u2022 arr\u00eat\u00e9s portant composition des jurys d'assises\n\u2022 arr\u00eat\u00e9s attributifs de diverses dotations et subventions,\n\u2022 arr\u00eat\u00e9s modifiant les circonscriptions territoriales des communes,\n\u2022 arr\u00eat\u00e9s portant cr\u00e9ation, modification et dissolution des \u00e9tablissements publics de  \ncoop\u00e9ration intercommunale et syndicats mixtes,\n\u2022 arr\u00eat\u00e9s de d\u00e9claration d'utilit\u00e9 publique et de cessibilit\u00e9,\n\u2022 saisines de la chambre r\u00e9gionale des comptes,\n\u2022 r\u00e9f\u00e9r\u00e9s et d\u00e9f\u00e9r\u00e9s (m\u00e9moires introductifs) devant le tribunal administratif et la cour  \nadministrative d'appel,\n\u2022 arr\u00eat\u00e9s  portant  cr\u00e9ation,  constitution  ou  renouvellement  des  commissions  \nr\u00e9glementaires,\n\u2022 arr\u00eat\u00e9s autorisant les installations class\u00e9es pour la protection de l'environnement.\nArticle 2: En mati\u00e8re financi\u00e8re, d\u00e9l\u00e9gation est donn\u00e9e \u00e0  M. Jean-Louis BIOU pour signer les  \nactes relatifs \u00e0 l'engagement, la liquidation et l'ordonnancement ainsi que les expressions de  \nbesoin et constatations des services faits pour les programmes suivants\u00a0:\n\u2022 Programme  112  \u00abImpulsion  et  coordination  de  la  politique  d'am\u00e9nagement  du \nterritoire\u00bb -\u00a0FNADT,\n\u2022 Programme  119 \u00abConcours  financiers  aux  collectivit\u00e9s  territoriales  et  \u00e0  leurs  \ngroupements\u00bb\u00a0: soutien aux projets des communes et groupements de communes,  \ndotation d'\u00e9quipement des territoires ruraux,\n\u2022 Programme 122  \u00abConcours sp\u00e9cifiques et administration\u00bb \u00a0: aides exceptionnelles aux  \ncollectivit\u00e9s  territoriales,  calamit\u00e9s  publiques,  subventions  pour  travaux  divers  \nd'int\u00e9r\u00eat local,\n\u2022 Programme  176 \u00ab \u00a0Police  Nationale\u00a0\u00bb  -  action  2 \u00ab \u00a0s\u00e9curit\u00e9  et  paix  publiques\u00a0\u00bb\u00a0: \nindemnisation des gardiens de fourri\u00e8re,\n\u2022 Programme 212 \u00abSoutien de la politique de la d\u00e9fense\u00bb - FRED,\n\u2022 Programme 216 \u00abConduite et pilotage des politiques de l'int\u00e9rieur\u00bb - action 6\u00a0\u00ab\u00a0Affaires \njuridiques et contentieuses\u00a0\u00bb,\n\u2022 Programme 232 \u00abVie politique, cultuelle et associative\u00bb - \u00e9lections,\nPrefecture du Gard - 30-2025-10-08-00001 - Arr\u00eat\u00e9 donnant d\u00e9l\u00e9gation de signature \u00e0 M. Jean-Louis BIOU, directeur de la citoyennet\u00e9,\nde la l\u00e9galit\u00e9 et de la coordination \u00e0 la pr\u00e9fecture du Gard 5\n\u2022 Programme 363 \" Plan de relance-Volet comp\u00e9titivit\u00e9\"\n\u2022 Programme 380 \u00abFonds d'acc\u00e9l\u00e9ration de la transition \u00e9cologique dans les territoires\u00bb,\n\u2022 Programme  754 \u00ab \u00a0Contribution  \u00e0  l'\u00e9quipement  des  collectivit\u00e9s  territoriales  pour \nl'am\u00e9lioration des transports en commun, de la s\u00e9curit\u00e9 et de la circulation routi\u00e8re \u00a0\u00bb\u00a0: \namendes de police.\nArticle  3\u00a0:  En  cas  d'absence  ou  d'emp\u00eachement  de  M.  Jean-Louis  BIOU, d\u00e9l\u00e9gation  de \nsignature, pour toutes d\u00e9cisions relevant des attributions des services, ci-apr\u00e8s d\u00e9finis, est  \ndonn\u00e9e \u00e0 :\n\uf0d8  Mme  B\u00e9reng\u00e8re SOULAGES-PIONCHON,  attach\u00e9e principale,  chef du service des  \n\u00e9lections, de la r\u00e9glementation g\u00e9n\u00e9rale et de l'environnement et, en son absence ou \nen cas d'emp\u00eachement, M. Eric LANSADE, attach\u00e9 d'administration de l'Etat chef du \nbureau de la r\u00e9glementation g\u00e9n\u00e9rale et de l'environnement ou Mme Laurence PEZET, \nsecr\u00e9taire administrative de classe exceptionnelle, cheffe du bureau des \u00e9lections ; \n\uf0d8 Mme Karine PRAT , attach\u00e9e principale, cheffe du service des collectivit\u00e9s et des \nfinances locales et de l'intercommunalit\u00e9 par interim, cheffe du bureau du contr\u00f4le \nde l\u00e9galit\u00e9 et en son absence ou en cas d'emp\u00eachement, Mme  Isabelle   BALAGUE,  \nsecr\u00e9taire administrative de classe exceptionnelle, cheffe du bureau des finances  \nlocales et de l'intercommunalit\u00e9 ;\n\uf0d8   Mme Victoria RICHEBOURG , attach\u00e9e d'administration, cheffe du service de la  \ncoordination des politiques publiques et de l'appui territorial et en son absence ou  \nen cas d'emp\u00eachement  Mme  Laurence RAGOIN ,  attach\u00e9e d'administration de l'Etat  \ncharg\u00e9e de mission politiques publiques prioritaires,  Mme Agn\u00e8s TEXIER , attach\u00e9e  \nprincipale  d'administration de l'Etat  charg\u00e9e de mission solidarit\u00e9s, sites et culture,  \nMme  Nathalie  BRICHLER-CHICHIGNOUD ,  attach\u00e9e  d'administration  de  l'Etat  \ncharg\u00e9e de mission des territoires, Mme Sylvie QUINTIN, attach\u00e9e d'administration  \nde l'Etat charg\u00e9e de mission d\u00e9veloppement \u00e9conomique et num\u00e9rique, Mme  Anne  \nFILALI,  secr\u00e9taire  administrative  de  classe  sup\u00e9rieure,  cheffe  de  la  section  \ncoordination administrative interne.\npour signer, dans la limite des attributions relevant de leur service respectif, tous documents,  \nhors les exceptions vis\u00e9es \u00e0 l'article 1er.\nArticle 4\u00a0: En cas d'absence ou d'emp\u00eachement de M. Jean-Louis BIOU et de l'un de ses chefs  \nde service de la direction, les autres chefs de bureaux d\u00e9l\u00e9gataires pr\u00e9sents ou les charg\u00e9s de  \nmission ont d\u00e9l\u00e9gation pour signer en lieu et place du directeur et dudit chef de service  \nconcern\u00e9.\nArticle 5\u00a0: En mati\u00e8re budg\u00e9taire, d\u00e9l\u00e9gation de signature est donn\u00e9e \u00e0 :\nPrefecture du Gard - 30-2025-10-08-00001 - Arr\u00eat\u00e9 donnant d\u00e9l\u00e9gation de signature \u00e0 M. Jean-Louis BIOU, directeur de la citoyennet\u00e9,\nde la l\u00e9galit\u00e9 et de la coordination \u00e0 la pr\u00e9fecture du Gard 6\nObjet de la \nd\u00e9l\u00e9gation\nProgramme B\u00e9n\u00e9ficiaire en  tant qu'op\u00e9rateur CHORUS\n-Saisie des \nengagements \njuridiques\n-Constatation \ndu service \nfait\n176 ; 232 ; 216 \n(6)\nMme B\u00e9reng\u00e8re Soulages-Pionchon ; M. Eric Lansade ; Mme \nLaurence Pezet ; M. Tarik Agouram, Mme H\u00e9l\u00e8ne Lambert ; \nMme Florence Teissier\n112 ; 119 ;122 ; \n216 (6) ; 754\nMme Karine PRAT; Mme Isabelle Ballagu\u00e9 ; Mme Cristel \nGaubiac, Mme Agn\u00e8s Mateo, M. Laurent Rouvi\u00e8re \n112 ; 119, 122, \n212 ; 363 ; 380\nMme Victoria Richebourg ; Mme Laurence Ragoin ; Mme \nNathalie Brichler-Chichignoud ; Mme Agn\u00e8s Texier ; Mme \nSylvie Quintin ; M. Marc Compan ; Mme B\u00e9n\u00e9dicte Chevron \nArticle 6 \u00a0:  En mati\u00e8re budg\u00e9taire, d\u00e9l\u00e9gation de signature est donn\u00e9e \u00e0  M. Laurent JULITA,  \nsecr\u00e9taire administratif de classe sup\u00e9rieure, pour la saisie dans Chorus des engagements  \njuridiques  et  la  constation  du  service  fait  pour  les  dossiers  relevant  du  Programme  216 \n\u00abConduite  et  pilotage  des  politiques  de  l'int\u00e9rieur\u00bb -  action  6\u00a0\u00ab\u00a0Affaires  juridiques  et \ncontentieuses\u00a0\u00bb, instruits et transmis par le service des migrations et de l'int\u00e9gration ; apr\u00e8s  \nvalidation de M. Jean-Louis BIOU.\nArticle 7:  L'arr\u00eat\u00e9 n\u00b0 30-2025-04-28-00002 du 28 avril 2025 donnant d\u00e9l\u00e9gation de signature  \n\u00e0 \u00a0M. Jean-Louis BIOU ,  directeur de la citoyennet\u00e9, de la l\u00e9galit\u00e9  et de la coordination, \u00e0  la \npr\u00e9fecture du Gard est abrog\u00e9.\nArticle 8\u00a0: Le pr\u00e9sent arr\u00eat\u00e9 prend effet \u00e0 compter de sa publication. \nArticle 9 : Le secr\u00e9taire g\u00e9n\u00e9ral de la pr\u00e9fecture du Gard est charg\u00e9 de l'ex\u00e9cution du pr\u00e9sent \narr\u00eat\u00e9 qui sera publi\u00e9 au recueil des actes administratifs de la pr\u00e9fecture.\nN\u00eemes, le 8 octobre 2025\n   Le pr\u00e9fet     \n  \n              sign\u00e9\n  J\u00e9r\u00f4me BONET\nPrefecture du Gard - 30-2025-10-08-00001 - Arr\u00eat\u00e9 donnant d\u00e9l\u00e9gation de signature \u00e0 M. Jean-Louis BIOU, directeur de la citoyennet\u00e9,\nde la l\u00e9galit\u00e9 et de la coordination \u00e0 la pr\u00e9fecture du Gard 7\nPrefecture du Gard\n30-2025-10-07-00004\nArr\u00eat\u00e9 N\u00b030-2025-10-07-00004 portant mise en\ndemeure aux citoyens fran\u00e7ais itin\u00e9rants\nstationn\u00e9s, sans droit ni titre, situ\u00e9s sur le parking\nappartenant la Chambre de Commerce et\nd'Industrie du Gard all\u00e9e Graham Bell \u00e0 N\u00eemes\nPrefecture du Gard - 30-2025-10-07-00004 - Arr\u00eat\u00e9 N\u00b030-2025-10-07-00004 portant mise en demeure aux citoyens fran\u00e7ais itin\u00e9rants\nstationn\u00e9s, sans droit ni titre, situ\u00e9s sur le parking appartenant la Chambre de Commerce et d'Industrie du Gard all\u00e9e Graham Bell \u00e0\nN\u00eemes\n8\nCabinetE i Direction des s\u00e9curit\u00e9sPREFET Service d'animation des politiques de s\u00e9curit\u00e9 int\u00e9rieureDU GARD | |Libert\u00e9Parti Ot | me\" Nimes, le 0-7 OCT, 2025Arr\u00eat\u00e9 N\u00b030-2025-10 \u2014 ot ~ 00004portant mise en demeure aux citoyens frangais itin\u00e9rants stationn\u00e9s, sans droit ni titre,situ\u00e9s sur le parking appartenant la Chambre de Commerce et d'Industrie du Gard all\u00e9eGraham Bell \u00e0 NimesLe Pr\u00e9fet,Chevalier de la L\u00e9gion d'Honneur,Officier de l'Ordre national du M\u00e9rite,Vu la loi n\u00b02000-614 du 5juillet 2000 modifi\u00e9e relative \u00e0 l'accueil et \u00e0 l'habitat des gens duvoyage et notamment ses articles 9 et 9-1;Vu le d\u00e9cret n\u00b02007-690 du 3 mai 2007 relatif \u00e0 l'agr\u00e9ment pr\u00e9vu \u00e0 l'article 9 de la loi du5 juillet 2000 relative \u00e0 l'accueil et \u00e0 l'habitat des gens du voyage ;Vu le d\u00e9cret n\u00b02004-374 du 29 avril 2004 modifi\u00e9 relatif aux pouvoirs des pr\u00e9fets, \u00e0l'organisation et \u00e0 l'action des services de l'\u00c9tat dans les r\u00e9gions et d\u00e9partements ;Vu le d\u00e9cret du Pr\u00e9sident de la R\u00e9publique du 13 juillet 2023, nommant MonsieurJ\u00e9r\u00f4me BONET, pr\u00e9fet du Gard;Vu l'arr\u00eat\u00e9 pr\u00e9fectoral n\u00b030-2024-10-18-00005 du 18 octobre 2024 donnant d\u00e9l\u00e9gation designature \u00e0 Monsieur Yann GERARD, secr\u00e9taire g\u00e9n\u00e9ral de la pr\u00e9fecture du Gard,sous-pr\u00e9fet de Nimes ;Vu l'arr\u00eat\u00e9 pr\u00e9fectoral n\u00b030-2024-10-18-00006 du 18 octobre 2024 donnant d\u00e9l\u00e9gation designature \u00e0 Monsieur Mathias NIEPS, sous-pr\u00e9fet, charg\u00e9 de mission aupr\u00e8s du pr\u00e9fet duGard, secr\u00e9taire g\u00e9n\u00e9ral adjoint de la pr\u00e9fecturedu Gard;Vu l'arr\u00eat\u00e9 pr\u00e9fectoral n\u00b030-2024-10-18-00009 du 18 octobre 2024 donnant d\u00e9l\u00e9gation designature \u00e0 Madame Marie-Charlotte EUVRARD, sous-pr\u00e9f\u00e8te, directrice de cabinet dupr\u00e9fet du Gard; |Vu l'arr\u00eat\u00e9 pr\u00e9fectoral n\u00b030-2019-07-19-004 du 19 juillet 2019 portant r\u00e9vision du sch\u00e9mad\u00e9partemental pour l'accueil et l'habitat des gens du voyage du B\u00c9PATEMENE du Gardpour la p\u00e9riode 2019-2024;Vu le d\u00e9p\u00f4t de plainte d\u00e9pos\u00e9 par Monsieur Gr\u00e9goire-Pierre DESSAUX Directeur G\u00e9n\u00e9raldes services de la Chambre de Commerce et d' Industrie du Gard;Vu la requ\u00e9te de Monsieur le Directeur g\u00e9n\u00e9ral des services de la Chambre de Commerceet d'Industrie du Gard adress\u00e9e \u00e0 Monsieur le pr\u00e9fet du Gard en date du 07 octobre 2025,sollicitant de mettre un terme \u00e0 l'occupation de citoyens fran\u00e7ais itin\u00e9rants, sans droit nititre, install\u00e9s depuis le 04 octobre 2025 sur un parking utilis\u00e9 par du Groupe Phytocontrol,locataire des lieux situ\u00e9s all\u00e9e Grahams Bell \u00e0 Nimes parcelle cadastr\u00e9e HL 196 et HL 199 ;\nPrefecture du Gard - 30-2025-10-07-00004 - Arr\u00eat\u00e9 N\u00b030-2025-10-07-00004 portant mise en demeure aux citoyens fran\u00e7ais itin\u00e9rants\nstationn\u00e9s, sans droit ni titre, situ\u00e9s sur le parking appartenant la Chambre de Commerce et d'Industrie du Gard all\u00e9e Graham Bell \u00e0\nN\u00eemes\n9\nVu l'arr\u00eat\u00e9 la convention d'autorisation d'occupation pr\u00e9caire pour l'occupation du terrainentre la Chambre de Commerce et d'Industrie et la Groupe Phytocontrol ;Vu le risque de pollution du site;Consid\u00e9rant que le parking occup\u00e9 sans droit ni titre par les citoyens fran\u00e7ais itin\u00e9rant esta destination des employ\u00e9s du Groupe Phytocontrol ;Consid\u00e9rant que cette installation a \u00e9t\u00e9 r\u00e9alis\u00e9e sans le consentement du propri\u00e9taire nidu locataire du terrain ; qu'elle doit donc \u00eatre regard\u00e9e comme illicite ;Consid\u00e9rant qu'un proc\u00e8s verbal de constat d'un Commissaire de Justice membre de laSELARL RMS et associ\u00e9s en date du 06 octobre 2025 atteste du stationnement illicite de10 caravanes, 03 v\u00e9hicules particuliers et 03 v\u00e9hicules de type utilitaire sur le site susvis\u00e9 ;Consid\u00e9rant que la parcelle occup\u00e9e n'est ni \u00e9quip\u00e9e de sanitaires ni d'un quelconquer\u00e9seau d'eaux us\u00e9es et d'eau potable ;Consid\u00e9rant que les caravanes ne sont raccord\u00e9es \u00e0 aucune installation d'assainissementpermettant de collecter et traiter leurs effluents ;Consid\u00e9rant que des branchements d'eau non autoris\u00e9s ont \u00e9t\u00e9 effectu\u00e9s sur ledit terrain ;Consid\u00e9rant que le domaine d'activit\u00e9 du Groupe Phytocontrol est la s\u00e9curit\u00e9 sanitaire desaliments et de l'environnement et que cette occupation peut entra\u00eener la pollution dusite ; :Consid\u00e9rant que les laboratoires jouxtant le parking contiennent des mati\u00e8res chimiquesdangereuses ainsi que des cuves \u00e0 d\u00e9chets contenant des produits chimiques etradioactifs ; | |Consid\u00e9rant que la pr\u00e9sence de mati\u00e8res chimiques \u00e0 proximit\u00e9 des citoyens fran\u00e7aisitin\u00e9rant occupant les lieux sans droit ni titre, peut \u00eatre dangereuse ;Consid\u00e9rant que le b\u00e2timent du Groupe Phytocontrol comporte des produits chimiquesdont certains sont dangereux pour l'environnement, ainsi que des bouteilles de gazexplosifs;Consid\u00e9rant que l'occupation illicite sans droit ni titre des citoyens fran\u00e7ais itin\u00e9rant meten danger la s\u00e9curit\u00e9 des biens et des personnes de part leurs m\u00e9connaissances desrisques li\u00e9s \u00e0 la pr\u00e9sence de produits dangereux;Consid\u00e9rant que les premi\u00e8res constatations font d\u00e9j\u00e0 \u00e9tat de d\u00e9gradations sur les deuxportails d'acc\u00e8s au site ;Consid\u00e9rant que des travaux de construction se trouvent \u00e0 proximit\u00e9 imm\u00e9diate duparking, que ce nouveau site n'est pas pourvu d'installation de surveillance vid\u00e9o ;Consid\u00e9rant que dans ces conditions, l'entretien du site n'est plus possible; que lesconditions d'hygi\u00e8ne et de salubrit\u00e9 des lieux ne peuvent \u00eatre pr\u00e9serv\u00e9es; qu'il existe unrisque de pollution volontaire (abandon de d\u00e9chets, de d\u00e9jections, etc); qu'en outre, lesbranchements hydrauliques illicites, effectu\u00e9s par les occupants, ne permettent pas degarantir la conformit\u00e9 en mati\u00e8re de s\u00e9curit\u00e9, cette situation pr\u00e9sentant un risque detrouble \u00e0 l'ordre public ;\nPrefecture du Gard - 30-2025-10-07-00004 - Arr\u00eat\u00e9 N\u00b030-2025-10-07-00004 portant mise en demeure aux citoyens fran\u00e7ais itin\u00e9rants\nstationn\u00e9s, sans droit ni titre, situ\u00e9s sur le parking appartenant la Chambre de Commerce et d'Industrie du Gard all\u00e9e Graham Bell \u00e0\nN\u00eemes\n10\nConsid\u00e9rant qu'il r\u00e9sulte de ce qui pr\u00e9c\u00e8de que l'installation illicite et prolong\u00e9e desoccupants sans droit ni titre \u00e0 cet endroit est de nature \u00e0 porter atteinte \u00e0 la salubrit\u00e9, \u00e0 las\u00e9curit\u00e9 et \u00e0 l'ordre public ;Sur proposition de Madame la directrice de cabinet de Monsieur le pr\u00e9fet du Gard:ARRETE |Article 1- Les citoyens fran\u00e7ais itin\u00e9rants, install\u00e9s sans droit ni titre, depuis le samedi 04octobre 2025 au sein du parking appartenant la Chambre de Commerce et d'Industrie duGard, sont mis en demeure de quitter les lieux \u00e0 compter du vendredi 10 octobre 2025 a08h00.Article 2 - \u00c0 l'issue du d\u00e9lai fix\u00e9 \u00e0 l'article 1, si la mise en demeure n'est pas suivie d'effet, il. sera proc\u00e9d\u00e9 \u00e0 l'\u00e9vacuation forc\u00e9e des r\u00e9sidences mobiles par les forces de l'ordre.Article 3 - Le pr\u00e9sent arr\u00eat\u00e9 sera publi\u00e9 au recueil des actes administratifs de la pr\u00e9fecture_ du Gard et notifi\u00e9 aux occupants illicites du parking situ\u00e9 all\u00e9e Graham Bell au sein de laville de Nimes ainsi qu'au Directeur g\u00e9n\u00e9ral de la Chambre de Commerce et d'Industrie.Article 4- Le pr\u00e9sent arr\u00eat\u00e9 peut faire l'objet d'un recours administratif aupr\u00e8s deMonsieur le pr\u00e9fet du Gard (Pr\u00e9fecture du Gard 30 045 N\u00eemes Cedex 9), d'un recourshi\u00e9rarchique adress\u00e9 \u00e0 Monsieur le ministre de l'Int\u00e9rieur \u2014 place Beauvau 75 008 Paris ou \u00a9d'un recours contentieux devant le tribunal administratif de N\u00eemes, dans un d\u00e9lai de deuxmois suivant sa publication. Le tribunal administratif peut aussi \u00eatre saisi par l'applicationinformatique \u00ab Telerecours Citoyens \u00bb accessible par le site internet www.telerecours.fr.Article 5- Madame la directrice de cabinet du pr\u00e9fet du Gard, Monsieur le DirecteurInterd\u00e9partemental de la Police Nationale du Gard, Monsieur le Directeur g\u00e9n\u00e9ral de laChambre de Commerce et d'Industrie,sont charg\u00e9s, chacun en qui les concerne del'ex\u00e9cution du pr\u00e9sent arr\u00eat\u00e9 qui sera affich\u00e9 sur le site.\nLe pr\u00e9fet,\n>our le pr\u00e9fet,# sous-pr\u00e9fet,secr\u00e9taire g\u00e9n\u00e9ral adjointCl\u00e9\nPrefecture du Gard - 30-2025-10-07-00004 - Arr\u00eat\u00e9 N\u00b030-2025-10-07-00004 portant mise en demeure aux citoyens fran\u00e7ais itin\u00e9rants\nstationn\u00e9s, sans droit ni titre, situ\u00e9s sur le parking appartenant la Chambre de Commerce et d'Industrie du Gard all\u00e9e Graham Bell \u00e0\nN\u00eemes\n11\nPrefecture du Gard - 30-2025-10-07-00004 - Arr\u00eat\u00e9 N\u00b030-2025-10-07-00004 portant mise en demeure aux citoyens fran\u00e7ais itin\u00e9rants\nstationn\u00e9s, sans droit ni titre, situ\u00e9s sur le parking appartenant la Chambre de Commerce et d'Industrie du Gard all\u00e9e Graham Bell \u00e0\nN\u00eemes\n12","date":"2025-10-08","first_seen_on":"2025-10-08T16:16:47+00:00","id":"2feea0662da5e6e5bc15d1ee6f376df2cfd99f66571c16ff4bdff1c94996b6a2","name":"recueil-30-2025-177-special du 08 10 2025","pdf_creation_date":"2025-10-08T14:16:15+00:00","pdf_modification_date":null,"timezone":"Europe/Paris","url":"https://www.gard.gouv.fr/contenu/telechargement/65627/482834/file/recueil-30-2025-177-special%20du%2008%2010%202025.pdf"}
