{"administration":"pref83","administration_name":"Pr\u00e9fecture du Var","content":"VAR\nRECUEIL DES ACTES\nADMINISTRATIFS SP\u00c9CIAL\n(NOMINATIFS)\nN\u00b083-2026-129\nPUBLI\u00c9 LE 16 AVRIL 2026\nSommaire\nDirection d\u00e9partementale de l'emploi, du travail et des solidarit\u00e9s du Var\n/ Direction de la DDETS\n83-2026-04-07-00011 - 350-2026-recepisse-GIORDANAN BENJAMIN  (1 page) Page 3\n83-2026-03-31-00003 - 354-2026-recepisse-FLORIAN REBUFFEL 310326 (1\npage) Page 5\n83-2026-02-13-00013 - 357-2026-recepisse-AUXILIAIREDEVIECAROLINE\n130226 (2 pages) Page 7\n83-2026-02-16-00005 - 359-2026-recepisse-n\u00b0937882603 CARTIER FANNY\ndocx (1 page) Page 10\n83-2026-04-02-00010 - 366-2026-recepisse-BERTRANS PHILLEBEAUX (1 page) Page 12\n83-2026-03-31-00004 - 367-2026-recepisse-BULTEL CORALIE 310326 (2\npages) Page 14\n83-2026-03-30-00013 - R\u00e9c\u00e9piss\u00e9 de d\u00e9claration\nd'un organisme\nde services \u00e0 la personne\nenregistr\u00e9 sous le N\u00b0 SAP101785939 (1\npage) Page 17\nPr\u00e9fecture du VAR / Direction de la citoyennet\u00e9 et de la l\u00e9galit\u00e9\n83-2026-04-14-00006 - ARR\u00caT\u00c9 PR\u00c9FECTORAL n\u00b0 DCL/BERG/2026/86\ndu 14 avril 2026 portant renouvellement d'agr\u00e9ment du centre de\nformation \u00ab\u00a0FNTI FORMATION TAXI\u00a0\u00bb, habilit\u00e9 \u00e0 dispenser la\nformation initiale et continue des conducteurs de taxi, ainsi que la\nformation \u00e0 la mobilit\u00e9 dans le d\u00e9partement du Var. (4 pages) Page 19\nSecr\u00e9tariat g\u00e9n\u00e9ral commun d\u00e9partemental / Direction du SGCD\n83-2026-04-14-00005 - Arr\u00eat\u00e9 n\u00b0SGC/2026/12 portant\nsubd\u00e9l\u00e9gation de signature et d'ordonnancement secondaire aux\ncadres du SGCD du Var (12 pages) Page 24\n83-2026-04-15-00005 - Arr\u00eat\u00e9 n\u00b0SGC/2026/13 fixant la nouvelle\nd\u00e9signation des membres de la FS du CSA de la DDETS du Var (3 pages) Page 37\n83-2026-04-07-00012 - Avenant de r\u00e9siliation  CDU 083-2021-0011 (2\npages) Page 41\n2\nDirection d\u00e9partementale de l'emploi, du travail\net des solidarit\u00e9s du Var\n83-2026-04-07-00011\n350-2026-recepisse-GIORDANAN BENJAMIN \nDirection d\u00e9partementale de l'emploi, du travail et des solidarit\u00e9s du Var - 83-2026-04-07-00011 - 350-2026-recepisse-GIORDANAN\nBENJAMIN 3\nEX FFTT4Libert\u00e9 + \u00c9galit\u00e9 + Fraternit\u00e9REPUBLIQUE FRANCAISE\nR\u00e9c\u00e9piss\u00e9 de d\u00e9claration\nd'un organisme de services \u00e0 la personne\nenregistr\u00e9 sous le N\u00b0 SAP935200451\nVu le code du travail et notamment les articles L.7231-1 \u00e0 L.7233-2, R.7232-16 \u00e0 R.7232-22, D.7231-1 et \nD.7233-1 \u00e0 D.7233-5 ; \nVu la demande de d\u00e9claration d\u00e9pos\u00e9e par l'organisme , 80 impasse Lou Casaou 83340 LE  \nCANNET-DES-MAURES, le 07/04/26 ;\nLe pr\u00e9fet du Var\nConstate : \nQu'une d\u00e9claration d'activit\u00e9s de services \u00e0 la personne a \u00e9t\u00e9 d\u00e9pos\u00e9e aupr\u00e8s du service instructeur  \ndu Var , le 07/04/26 par M. GIORDANA Benjamin en qualit\u00e9 de dirigeant(e), pour l'organisme  dont  \nl'\u00e9tablissement  principal  est  situ\u00e9  80  impasse  Lou  Casaou  83340  LE  CANNET-DES-MAURES  et  \nenregistr\u00e9 sous le N\u00b0 SAP935200451 pour les activit\u00e9s suivantes :\n  \u2022   Petits travaux de jardinage (mode d'intervention Prestataire)\n  \u2022   Travaux de petit bricolage (mode d'intervention Prestataire)\nToute  modification  concernant  les  activit\u00e9s  exerc\u00e9es  devra  faire  l'objet  d'une  d\u00e9claration  \nmodificative pr\u00e9alable.\nSous r\u00e9serve d'\u00eatre exerc\u00e9es \u00e0 titre exclusif (ou sous r\u00e9serve d'une comptabilit\u00e9 s\u00e9par\u00e9e pour les  \npersonnes  morales  dispens\u00e9es  de  cette  condition),  ces  activit\u00e9s  ouvrent  droit  au  b\u00e9n\u00e9fice  des  \ndispositions des articles L. 7233-2 du code du travail et L.241-10 du code de la s\u00e9curit\u00e9 sociale dans  \nles conditions pr\u00e9vues par ces articles.\nLes effets de la d\u00e9claration courent \u00e0 compter du jour du d\u00e9p\u00f4t de la d\u00e9claration sous r\u00e9serve des  \ndispositions de l'article R.7232-18 du code du travail. Le pr\u00e9sent r\u00e9c\u00e9piss\u00e9 n'est pas limit\u00e9 dans le  \ntemps. La d\u00e9claration a une port\u00e9e nationale.\nL'enregistrement de la d\u00e9claration peut \u00eatre retir\u00e9 dans les conditions fix\u00e9es aux articles R.7232-\n20 \u00e0 R.7232-22 du code du travail.\nLe pr\u00e9sent r\u00e9c\u00e9piss\u00e9 sera publi\u00e9 au recueil des actes administratifs de la pr\u00e9fecture.\nLe pr\u00e9sent r\u00e9c\u00e9piss\u00e9 peut, \u00e0 compter de sa notification, faire l'objet d'un recours gracieux aupr\u00e8s  \nservice instructeur du Var ou d'un recours hi\u00e9rarchique adress\u00e9 au ministre charg\u00e9 de l'\u00e9conomie -  \nDirection g\u00e9n\u00e9rale des entreprises \u2013 sous-direction des services marchands, 61 Boulevard Vincent  \nAuriol, 75703 PARIS CEDEX 13.\nIl peut \u00e9galement faire l'objet d'un recours contentieux dans un d\u00e9lai de deux mois \u00e0 compter de sa  \nnotification aupr\u00e8s du tribunal administratif de Toulon.\nLe tribunal administratif peut aussi \u00eatre saisi par l'application informatique \u00ab T\u00e9l\u00e9recours citoyen \u00bb  \naccessible sur le site internet  http://www.telerecours.fr/\nEn cas de rejet du recours gracieux ou hi\u00e9rarchique ou en l'absence de r\u00e9ponse \u00e0 ce recours (rejet  \nimplicite), un recours contentieux devant le tribunal administratif de Toulon peut \u00e9galement \u00eatre  \nform\u00e9 contre la d\u00e9cision initiale dans un d\u00e9lai de deux mois \u00e0 compter de ce rejet. \nPour le Pr\u00e9fet et par d\u00e9l\u00e9gation\nPour la Directrice d\u00e9partementale de l'emploi, \ndu travail et des solidarit\u00e9s du Var \nLa cheffe du service accompagnement \ndes entreprises et d\u00e9veloppement des territoires\nSign\u00e9 : S\u00e9verine LARDERET \nFait \u00e0 CS 31209 - 83070 TOULON Cedex, le 07/04/26 \nDDETS du Var \nDirection d\u00e9partementale de l'emploi, du travail et des solidarit\u00e9s du Var - 83-2026-04-07-00011 - 350-2026-recepisse-GIORDANAN\nBENJAMIN 4\nDirection d\u00e9partementale de l'emploi, du travail\net des solidarit\u00e9s du Var\n83-2026-03-31-00003\n354-2026-recepisse-FLORIAN REBUFFEL 310326\nDirection d\u00e9partementale de l'emploi, du travail et des solidarit\u00e9s du Var - 83-2026-03-31-00003 - 354-2026-recepisse-FLORIAN\nREBUFFEL 310326 5\nPF4Libert\u00e9 + \u00c9galit\u00e9 + Fraternit\u00e9R\u00c9PUBLIQUE FRAN\u00c7AISE\nR\u00e9c\u00e9piss\u00e9 de d\u00e9claration\nd'un organisme de services \u00e0 la personne\nenregistr\u00e9 sous le N\u00b0 SAP100790567\nVu le code du travail et notamment les articles L.7231-1 \u00e0 L.7233-2, R.7232-16 \u00e0 R.7232-22, D.7231-1 et \nD.7233-1 \u00e0 D.7233-5 ; \nVu la demande de d\u00e9claration d\u00e9pos\u00e9e par l'organisme Green Vision, 272 Rue ANCIENNE VOIE  \nFERREE 83440 FAYENCE, le 31/03/26 ;\nLe pr\u00e9fet du Var\nConstate : \nQu'une d\u00e9claration d'activit\u00e9s de services \u00e0 la personne a \u00e9t\u00e9 d\u00e9pos\u00e9e aupr\u00e8s du service instructeur  \ndu Var , le 31/03/26 par M. REBUFFEL FLORIAN en qualit\u00e9 de dirigeant(e), pour l'organisme Green  \nVision dont l'\u00e9tablissement principal est situ\u00e9 272 Rue ANCIENNE VOIE FERREE 83440 FAYENCE et  \nenregistr\u00e9 sous le N\u00b0 SAP100790567 pour les activit\u00e9s suivantes :\n  \u2022   Petits travaux de jardinage (mode d'intervention Prestataire)\nToute  modification  concernant  les  activit\u00e9s  exerc\u00e9es  devra  faire  l'objet  d'une  d\u00e9claration  \nmodificative pr\u00e9alable.\nSous r\u00e9serve d'\u00eatre exerc\u00e9es \u00e0 titre exclusif (ou sous r\u00e9serve d'une comptabilit\u00e9 s\u00e9par\u00e9e pour les  \npersonnes  morales  dispens\u00e9es  de  cette  condition),  ces  activit\u00e9s  ouvrent  droit  au  b\u00e9n\u00e9fice  des  \ndispositions des articles L. 7233-2 du code du travail et L.241-10 du code de la s\u00e9curit\u00e9 sociale dans  \nles conditions pr\u00e9vues par ces articles.\nLes effets de la d\u00e9claration courent \u00e0 compter du jour du d\u00e9p\u00f4t de la d\u00e9claration sous r\u00e9serve des  \ndispositions de l'article R.7232-18 du code du travail. Le pr\u00e9sent r\u00e9c\u00e9piss\u00e9 n'est pas limit\u00e9 dans le  \ntemps. La d\u00e9claration a une port\u00e9e nationale.\nL'enregistrement de la d\u00e9claration peut \u00eatre retir\u00e9 dans les conditions fix\u00e9es aux articles R.7232-\n20 \u00e0 R.7232-22 du code du travail.\nLe pr\u00e9sent r\u00e9c\u00e9piss\u00e9 sera publi\u00e9 au recueil des actes administratifs de la pr\u00e9fecture.\nLe pr\u00e9sent r\u00e9c\u00e9piss\u00e9 peut, \u00e0 compter de sa notification, faire l'objet d'un recours gracieux aupr\u00e8s  \nservice instructeur du Var ou d'un recours hi\u00e9rarchique adress\u00e9 au ministre charg\u00e9 de l'\u00e9conomie -  \nDirection g\u00e9n\u00e9rale des entreprises \u2013 sous-direction des services marchands, 61 Boulevard Vincent  \nAuriol, 75703 PARIS CEDEX 13.\nIl peut \u00e9galement faire l'objet d'un recours contentieux dans un d\u00e9lai de deux mois \u00e0 compter de sa  \nnotification aupr\u00e8s du tribunal administratif de Toulon.\nLe tribunal administratif peut aussi \u00eatre saisi par l'application informatique \u00ab T\u00e9l\u00e9recours citoyen \u00bb  \naccessible sur le site internet  http://www.telerecours.fr/\nEn cas de rejet du recours gracieux ou hi\u00e9rarchique ou en l'absence de r\u00e9ponse \u00e0 ce recours (rejet  \nimplicite), un recours contentieux devant le tribunal administratif de Toulon peut \u00e9galement \u00eatre  \nform\u00e9 contre la d\u00e9cision initiale dans un d\u00e9lai de deux mois \u00e0 compter de ce rejet. \nPour le Pr\u00e9fet et par d\u00e9l\u00e9gation\nPour la Directrice d\u00e9partementale de l'emploi, \ndu travail et des solidarit\u00e9s du Var \nLa cheffe du service accompagnement \ndes entreprises et d\u00e9veloppement des territoires\nSign\u00e9 : S\u00e9verine LARDERET \nFait \u00e0 CS 31209 - 83070 TOULON Cedex, le 31/03/26 \nDDETS du Var \nDirection d\u00e9partementale de l'emploi, du travail et des solidarit\u00e9s du Var - 83-2026-03-31-00003 - 354-2026-recepisse-FLORIAN\nREBUFFEL 310326 6\nDirection d\u00e9partementale de l'emploi, du travail\net des solidarit\u00e9s du Var\n83-2026-02-13-00013\n357-2026-recepisse-AUXILIAIREDEVIECAROLINE\n130226\nDirection d\u00e9partementale de l'emploi, du travail et des solidarit\u00e9s du Var - 83-2026-02-13-00013 -\n357-2026-recepisse-AUXILIAIREDEVIECAROLINE 130226 7\nPF4Libert\u00e9 + \u00c9galit\u00e9 + Fraternit\u00e9R\u00c9PUBLIQUE FRAN\u00c7AISE\nR\u00e9c\u00e9piss\u00e9 de d\u00e9claration\nd'un organisme de services \u00e0 la personne\nenregistr\u00e9 sous le N\u00b0 SAP530198928\nVu le code du travail et notamment les articles L.7231-1 \u00e0 L.7233-2, R.7232-16 \u00e0 R.7232-22, D.7231-1 et \nD.7233-1 \u00e0 D.7233-5 ; \nVu la demande de d\u00e9claration d\u00e9pos\u00e9e par l'organisme Auxiliairedeviecaroline, 64 All\u00e9e Maurin  \ndes Maures 83480 PUGET-SUR-ARGENS, le 13/02/26 ;\nLe pr\u00e9fet du Var\nConstate : \nQu'une d\u00e9claration d'activit\u00e9s de services \u00e0 la personne a \u00e9t\u00e9 d\u00e9pos\u00e9e aupr\u00e8s du service instructeur  \ndu  Var  ,  le  13/02/26  par  Mme.  VILLANI  CAROLINE  en  qualit\u00e9  de  dirigeant(e),  pour  l'organisme  \nAuxiliairedeviecaroline dont l'\u00e9tablissement principal est situ\u00e9 64 All\u00e9e Maurin des Maures 83480  \nPUGET-SUR-ARGENS et enregistr\u00e9 sous le N\u00b0 SAP530198928 pour les activit\u00e9s suivantes :\n  \u2022   Entretien de la maison et travaux m\u00e9nagers (mode d'intervention Prestataire)\n  \u2022   Petits travaux de jardinage (mode d'intervention Prestataire)\n  \u2022   Travaux de petit bricolage (mode d'intervention Prestataire)\n  \u2022   Pr\u00e9paration de repas \u00e0 domicile (mode d'intervention Prestataire)\n  \u2022   Livraison de repas \u00e0 domicile (mode d'intervention Prestataire)\n  \u2022   Collecte et livraison \u00e0 domicile de linge repass\u00e9 (mode d'intervention Prestataire)\n  \u2022   Livraison de courses \u00e0 domicile (mode d'intervention Prestataire)\n  \u2022   Maintenance, entretien et vigilance temporaires \u00e0 domicile (mode d'intervention Prestataire)\n  \u2022   Assistance administrative \u00e0 domicile (mode d'intervention Prestataire)\n  \u2022   Soins et promenade(s) d'animaux pour personnes d\u00e9pendantes (mode d'intervention Prestataire)\n  \u2022   Conduite du v\u00e9hicule des personnes en cas d'invalidit\u00e9 temporaire (mode d'intervention \nPrestataire)\n  \u2022   Accompagnement des personnes pr\u00e9sentant une invalidit\u00e9 temporaire (mode d'intervention \nPrestataire)\n  \u2022   Assistance aux personnes ayant besoin d'une aide temporaire \u00e0 leur domicile (mode \nd'intervention Prestataire)\nToute  modification  concernant  les  activit\u00e9s  exerc\u00e9es  devra  faire  l'objet  d'une  d\u00e9claration  \nmodificative pr\u00e9alable.\nSous r\u00e9serve d'\u00eatre exerc\u00e9es \u00e0 titre exclusif (ou sous r\u00e9serve d'une comptabilit\u00e9 s\u00e9par\u00e9e pour les  \npersonnes  morales  dispens\u00e9es  de  cette  condition),  ces  activit\u00e9s  ouvrent  droit  au  b\u00e9n\u00e9fice  des  \ndispositions des articles L. 7233-2 du code du travail et L.241-10 du code de la s\u00e9curit\u00e9 sociale dans  \nles conditions pr\u00e9vues par ces articles.\nLes effets de la d\u00e9claration courent \u00e0 compter du jour du d\u00e9p\u00f4t de la d\u00e9claration sous r\u00e9serve des  \ndispositions de l'article R.7232-18 du code du travail. Le pr\u00e9sent r\u00e9c\u00e9piss\u00e9 n'est pas limit\u00e9 dans le  \ntemps. La d\u00e9claration a une port\u00e9e nationale.\nL'enregistrement de la d\u00e9claration peut \u00eatre retir\u00e9 dans les conditions fix\u00e9es aux articles R.7232-\n20 \u00e0 R.7232-22 du code du travail.\nLe pr\u00e9sent r\u00e9c\u00e9piss\u00e9 sera publi\u00e9 au recueil des actes administratifs de la pr\u00e9fecture.\nLe pr\u00e9sent r\u00e9c\u00e9piss\u00e9 peut, \u00e0 compter de sa notification, faire l'objet d'un recours gracieux aupr\u00e8s  \nservice instructeur du Var ou d'un recours hi\u00e9rarchique adress\u00e9 au ministre charg\u00e9 de l'\u00e9conomie -  \nDirection g\u00e9n\u00e9rale des entreprises \u2013 sous-direction des services marchands, 61 Boulevard Vincent  \nAuriol, 75703 PARIS CEDEX 13.\nIl peut \u00e9galement faire l'objet d'un recours contentieux dans un d\u00e9lai de deux mois \u00e0 compter de sa  \nnotification aupr\u00e8s du tribunal administratif de Toulon.\nDirection d\u00e9partementale de l'emploi, du travail et des solidarit\u00e9s du Var - 83-2026-02-13-00013 -\n357-2026-recepisse-AUXILIAIREDEVIECAROLINE 130226 8\nLe tribunal administratif peut aussi \u00eatre saisi par l'application informatique \u00ab T\u00e9l\u00e9recours citoyen \u00bb  \naccessible sur le site internet  http://www.telerecours.fr/\nEn cas de rejet du recours gracieux ou hi\u00e9rarchique ou en l'absence de r\u00e9ponse \u00e0 ce recours (rejet  \nimplicite), un recours contentieux devant le tribunal administratif de Toulon peut \u00e9galement \u00eatre  \nform\u00e9 contre la d\u00e9cision initiale dans un d\u00e9lai de deux mois \u00e0 compter de ce rejet. \nPour le Pr\u00e9fet et par d\u00e9l\u00e9gation\nPour la Directrice d\u00e9partementale de l'emploi, \ndu travail et des solidarit\u00e9s du Var \nLa cheffe du service accompagnement \ndes entreprises et d\u00e9veloppement des territoires\nSign\u00e9 : S\u00e9verine LARDERET \nFait \u00e0 CS 31209 - 83070 TOULON Cedex, le 13/02/26 \nDDETS du Var \nDirection d\u00e9partementale de l'emploi, du travail et des solidarit\u00e9s du Var - 83-2026-02-13-00013 -\n357-2026-recepisse-AUXILIAIREDEVIECAROLINE 130226 9\nDirection d\u00e9partementale de l'emploi, du travail\net des solidarit\u00e9s du Var\n83-2026-02-16-00005\n359-2026-recepisse-n\u00b0937882603 CARTIER\nFANNY docx\nDirection d\u00e9partementale de l'emploi, du travail et des solidarit\u00e9s du Var - 83-2026-02-16-00005 - 359-2026-recepisse-n\u00b0937882603\nCARTIER FANNY docx 10\nPF4Libert\u00e9 + \u00c9galit\u00e9 + Fraternit\u00e9R\u00c9PUBLIQUE FRAN\u00c7AISE\nR\u00e9c\u00e9piss\u00e9 de d\u00e9claration\nd'un organisme de services \u00e0 la personne\nenregistr\u00e9 sous le N\u00b0 SAP937882603\nVu le code du travail et notamment les articles L.7231-1 \u00e0 L.7233-2, R.7232-16 \u00e0 R.7232-22, D.7231-1 et \nD.7233-1 \u00e0 D.7233-5 ; \nVu la demande de d\u00e9claration d\u00e9pos\u00e9e par l'organisme , 8 rue alphonse daudet 83310 COGOLIN, le \n16/02/26 ;\nLe pr\u00e9fet du Var\nConstate : \nQu'une d\u00e9claration d'activit\u00e9s de services \u00e0 la personne a \u00e9t\u00e9 d\u00e9pos\u00e9e aupr\u00e8s du service instructeur  \ndu  Var  ,  le  16/02/26  par  Mme.  cartier  fanny  en  qualit\u00e9  de  dirigeant(e),  pour  l'organisme  dont  \nl'\u00e9tablissement principal est situ\u00e9 8 rue alphonse daudet 83310 COGOLIN et enregistr\u00e9 sous le N\u00b0  \nSAP937882603 pour les activit\u00e9s suivantes :\n  \u2022   Entretien de la maison et travaux m\u00e9nagers (mode d'intervention Prestataire)\nToute  modification  concernant  les  activit\u00e9s  exerc\u00e9es  devra  faire  l'objet  d'une  d\u00e9claration  \nmodificative pr\u00e9alable.\nSous r\u00e9serve d'\u00eatre exerc\u00e9es \u00e0 titre exclusif (ou sous r\u00e9serve d'une comptabilit\u00e9 s\u00e9par\u00e9e pour les  \npersonnes  morales  dispens\u00e9es  de  cette  condition),  ces  activit\u00e9s  ouvrent  droit  au  b\u00e9n\u00e9fice  des  \ndispositions des articles L. 7233-2 du code du travail et L.241-10 du code de la s\u00e9curit\u00e9 sociale dans  \nles conditions pr\u00e9vues par ces articles.\nLes effets de la d\u00e9claration courent \u00e0 compter du jour du d\u00e9p\u00f4t de la d\u00e9claration sous r\u00e9serve des  \ndispositions de l'article R.7232-18 du code du travail. Le pr\u00e9sent r\u00e9c\u00e9piss\u00e9 n'est pas limit\u00e9 dans le  \ntemps. La d\u00e9claration a une port\u00e9e nationale.\nL'enregistrement de la d\u00e9claration peut \u00eatre retir\u00e9 dans les conditions fix\u00e9es aux articles R.7232-\n20 \u00e0 R.7232-22 du code du travail.\nLe pr\u00e9sent r\u00e9c\u00e9piss\u00e9 sera publi\u00e9 au recueil des actes administratifs de la pr\u00e9fecture.\nLe pr\u00e9sent r\u00e9c\u00e9piss\u00e9 peut, \u00e0 compter de sa notification, faire l'objet d'un recours gracieux aupr\u00e8s  \nservice instructeur du Var ou d'un recours hi\u00e9rarchique adress\u00e9 au ministre charg\u00e9 de l'\u00e9conomie -  \nDirection g\u00e9n\u00e9rale des entreprises \u2013 sous-direction des services marchands, 61 Boulevard Vincent  \nAuriol, 75703 PARIS CEDEX 13.\nIl peut \u00e9galement faire l'objet d'un recours contentieux dans un d\u00e9lai de deux mois \u00e0 compter de sa  \nnotification aupr\u00e8s du tribunal administratif de Toulon.\nLe tribunal administratif peut aussi \u00eatre saisi par l'application informatique \u00ab T\u00e9l\u00e9recours citoyen \u00bb  \naccessible sur le site internet  http://www.telerecours.fr/\nEn cas de rejet du recours gracieux ou hi\u00e9rarchique ou en l'absence de r\u00e9ponse \u00e0 ce recours (rejet  \nimplicite), un recours contentieux devant le tribunal administratif de Toulon peut \u00e9galement \u00eatre  \nform\u00e9 contre la d\u00e9cision initiale dans un d\u00e9lai de deux mois \u00e0 compter de ce rejet. \nPour le Pr\u00e9fet et par d\u00e9l\u00e9gation\nPour la Directrice d\u00e9partementale de l'emploi, \ndu travail et des solidarit\u00e9s du Var \nLa cheffe du service accompagnement \ndes entreprises et d\u00e9veloppement des territoires\nSign\u00e9 : S\u00e9verine LARDERET \nFait \u00e0 CS 31209 - 83070 TOULON Cedex, le 16/02/26 \nDDETS du Var \nDirection d\u00e9partementale de l'emploi, du travail et des solidarit\u00e9s du Var - 83-2026-02-16-00005 - 359-2026-recepisse-n\u00b0937882603\nCARTIER FANNY docx 11\nDirection d\u00e9partementale de l'emploi, du travail\net des solidarit\u00e9s du Var\n83-2026-04-02-00010\n366-2026-recepisse-BERTRANS PHILLEBEAUX\nDirection d\u00e9partementale de l'emploi, du travail et des solidarit\u00e9s du Var - 83-2026-04-02-00010 - 366-2026-recepisse-BERTRANS\nPHILLEBEAUX 12\nPF4Libert\u00e9 + \u00c9galit\u00e9 + Fraternit\u00e9R\u00c9PUBLIQUE FRAN\u00c7AISE\nR\u00e9c\u00e9piss\u00e9 de d\u00e9claration\nd'un organisme de services \u00e0 la personne\nenregistr\u00e9 sous le N\u00b0 SAP881487086\nVu le code du travail et notamment les articles L.7231-1 \u00e0 L.7233-2, R.7232-16 \u00e0 R.7232-22, D.7231-1 et \nD.7233-1 \u00e0 D.7233-5 ; \nVu  la  demande  de  d\u00e9claration  d\u00e9pos\u00e9e  par  l'organisme  ,  415  Chemin  Des  costes  83670  \nPontev\u00e8s, le 02/04/26 ;\nLe pr\u00e9fet du Var\nConstate : \nQu'une d\u00e9claration d'activit\u00e9s de services \u00e0 la personne a \u00e9t\u00e9 d\u00e9pos\u00e9e aupr\u00e8s du service instructeur  \ndu Var , le 02/04/26 par M. PHILLEBEAUX Bertrand en qualit\u00e9 de dirigeant(e), pour l'organisme  dont  \nl'\u00e9tablissement principal est situ\u00e9 415 Chemin Des costes 83670 Pontev\u00e8s et enregistr\u00e9 sous le N\u00b0  \nSAP881487086 pour les activit\u00e9s suivantes :\n  \u2022   Entretien de la maison et travaux m\u00e9nagers (mode d'intervention Prestataire)\n  \u2022   Petits travaux de jardinage (mode d'intervention Prestataire)\n  \u2022   Travaux de petit bricolage (mode d'intervention Prestataire)\n  \u2022   Maintenance, entretien et vigilance temporaires \u00e0 domicile (mode d'intervention Prestataire)\nToute  modification  concernant  les  activit\u00e9s  exerc\u00e9es  devra  faire  l'objet  d'une  d\u00e9claration  \nmodificative pr\u00e9alable.\nSous r\u00e9serve d'\u00eatre exerc\u00e9es \u00e0 titre exclusif (ou sous r\u00e9serve d'une comptabilit\u00e9 s\u00e9par\u00e9e pour les  \npersonnes  morales  dispens\u00e9es  de  cette  condition),  ces  activit\u00e9s  ouvrent  droit  au  b\u00e9n\u00e9fice  des  \ndispositions des articles L. 7233-2 du code du travail et L.241-10 du code de la s\u00e9curit\u00e9 sociale dans  \nles conditions pr\u00e9vues par ces articles.\nLes effets de la d\u00e9claration courent \u00e0 compter du jour du d\u00e9p\u00f4t de la d\u00e9claration sous r\u00e9serve des  \ndispositions de l'article R.7232-18 du code du travail. Le pr\u00e9sent r\u00e9c\u00e9piss\u00e9 n'est pas limit\u00e9 dans le  \ntemps. La d\u00e9claration a une port\u00e9e nationale.\nL'enregistrement de la d\u00e9claration peut \u00eatre retir\u00e9 dans les conditions fix\u00e9es aux articles R.7232-\n20 \u00e0 R.7232-22 du code du travail.\nLe pr\u00e9sent r\u00e9c\u00e9piss\u00e9 sera publi\u00e9 au recueil des actes administratifs de la pr\u00e9fecture.\nLe pr\u00e9sent r\u00e9c\u00e9piss\u00e9 peut, \u00e0 compter de sa notification, faire l'objet d'un recours gracieux aupr\u00e8s  \nservice instructeur du Var ou d'un recours hi\u00e9rarchique adress\u00e9 au ministre charg\u00e9 de l'\u00e9conomie -  \nDirection g\u00e9n\u00e9rale des entreprises \u2013 sous-direction des services marchands, 61 Boulevard Vincent  \nAuriol, 75703 PARIS CEDEX 13.\nIl peut \u00e9galement faire l'objet d'un recours contentieux dans un d\u00e9lai de deux mois \u00e0 compter de sa  \nnotification aupr\u00e8s du tribunal administratif de Toulon.\nLe tribunal administratif peut aussi \u00eatre saisi par l'application informatique \u00ab T\u00e9l\u00e9recours citoyen \u00bb  \naccessible sur le site internet  http://www.telerecours.fr/\nEn cas de rejet du recours gracieux ou hi\u00e9rarchique ou en l'absence de r\u00e9ponse \u00e0 ce recours (rejet  \nimplicite), un recours contentieux devant le tribunal administratif de Toulon peut \u00e9galement \u00eatre  \nform\u00e9 contre la d\u00e9cision initiale dans un d\u00e9lai de deux mois \u00e0 compter de ce rejet. \nPour le Pr\u00e9fet et par d\u00e9l\u00e9gation\nPour la Directrice d\u00e9partementale de l'emploi, \ndu travail et des solidarit\u00e9s du Var \nLa cheffe du service accompagnement \ndes entreprises et d\u00e9veloppement des territoires\nSign\u00e9 : S\u00e9verine LARDERET \nFait \u00e0 CS 31209 - 83070 TOULON Cedex, le 02/04/26 \nDDETS du Var \nDirection d\u00e9partementale de l'emploi, du travail et des solidarit\u00e9s du Var - 83-2026-04-02-00010 - 366-2026-recepisse-BERTRANS\nPHILLEBEAUX 13\nDirection d\u00e9partementale de l'emploi, du travail\net des solidarit\u00e9s du Var\n83-2026-03-31-00004\n367-2026-recepisse-BULTEL CORALIE 310326\nDirection d\u00e9partementale de l'emploi, du travail et des solidarit\u00e9s du Var - 83-2026-03-31-00004 - 367-2026-recepisse-BULTEL CORALIE\n310326 14\nPF4Libert\u00e9 + \u00c9galit\u00e9 + Fraternit\u00e9R\u00c9PUBLIQUE FRAN\u00c7AISE\nR\u00e9c\u00e9piss\u00e9 de d\u00e9claration\nd'un organisme de services \u00e0 la personne\nenregistr\u00e9 sous le N\u00b0 SAP101864767\nVu le code du travail et notamment les articles L.7231-1 \u00e0 L.7233-2, R.7232-16 \u00e0 R.7232-22, D.7231-1 et \nD.7233-1 \u00e0 D.7233-5 ; \nVu la demande de d\u00e9claration d\u00e9pos\u00e9e par l'organisme , 231 Chemin Du Gourg 83110 Sanary-\nsur-Mer, le 31/03/26 ;\nLe pr\u00e9fet du Var\nConstate : \nQu'une d\u00e9claration d'activit\u00e9s de services \u00e0 la personne a \u00e9t\u00e9 d\u00e9pos\u00e9e aupr\u00e8s du service instructeur  \ndu  Var  ,  le  31/03/26  par  Mme.  Bultel  Coralie  en  qualit\u00e9  de  dirigeant(e),  pour  l'organisme  dont  \nl'\u00e9tablissement principal est situ\u00e9 231 Chemin Du Gourg - 83110 Sanary-sur-Mer et enregistr\u00e9 sous le  \nN\u00b0 SAP101864767 pour les activit\u00e9s suivantes :\n  \u2022   Entretien de la maison et travaux m\u00e9nagers (mode d'intervention Prestataire)\n  \u2022   Petits travaux de jardinage (mode d'intervention Prestataire)\n  \u2022   Travaux de petit bricolage (mode d'intervention Prestataire)\n  \u2022   Pr\u00e9paration de repas \u00e0 domicile (mode d'intervention Prestataire)\n  \u2022   Livraison de repas \u00e0 domicile (mode d'intervention Prestataire)\n  \u2022   Collecte et livraison \u00e0 domicile de linge repass\u00e9 (mode d'intervention Prestataire)\n  \u2022   Livraison de courses \u00e0 domicile (mode d'intervention Prestataire)\n  \u2022   Maintenance, entretien et vigilance temporaires \u00e0 domicile (mode d'intervention Prestataire)\n  \u2022   Assistance informatique \u00e0 domicile (mode d'intervention Prestataire)\n  \u2022   Assistance administrative \u00e0 domicile (mode d'intervention Prestataire)\n  \u2022   Soins d'esth\u00e9tique \u00e0 domicile pour personnes d\u00e9pendantes (mode d'intervention Prestataire)\n  \u2022   Soins et promenade(s) d'animaux pour personnes d\u00e9pendantes (mode d'intervention Prestataire)\n  \u2022   Conduite du v\u00e9hicule des personnes en cas d'invalidit\u00e9 temporaire (mode d'intervention \nPrestataire)\n  \u2022   Accompagnement des personnes pr\u00e9sentant une invalidit\u00e9 temporaire (mode d'intervention \nPrestataire)\n  \u2022   Assistance aux personnes ayant besoin d'une aide temporaire \u00e0 leur domicile (mode \nd'intervention Prestataire)\nToute  modification  concernant  les  activit\u00e9s  exerc\u00e9es  devra  faire  l'objet  d'une  d\u00e9claration  \nmodificative pr\u00e9alable.\nSous r\u00e9serve d'\u00eatre exerc\u00e9es \u00e0 titre exclusif (ou sous r\u00e9serve d'une comptabilit\u00e9 s\u00e9par\u00e9e pour les  \npersonnes  morales  dispens\u00e9es  de  cette  condition),  ces  activit\u00e9s  ouvrent  droit  au  b\u00e9n\u00e9fice  des  \ndispositions des articles L. 7233-2 du code du travail et L.241-10 du code de la s\u00e9curit\u00e9 sociale dans  \nles conditions pr\u00e9vues par ces articles.\nLes effets de la d\u00e9claration courent \u00e0 compter du jour du d\u00e9p\u00f4t de la d\u00e9claration sous r\u00e9serve des  \ndispositions de l'article R.7232-18 du code du travail. Le pr\u00e9sent r\u00e9c\u00e9piss\u00e9 n'est pas limit\u00e9 dans le  \ntemps. La d\u00e9claration a une port\u00e9e nationale.\nL'enregistrement de la d\u00e9claration peut \u00eatre retir\u00e9 dans les conditions fix\u00e9es aux articles R.7232-\n20 \u00e0 R.7232-22 du code du travail.\nLe pr\u00e9sent r\u00e9c\u00e9piss\u00e9 sera publi\u00e9 au recueil des actes administratifs de la pr\u00e9fecture.\nLe pr\u00e9sent r\u00e9c\u00e9piss\u00e9 peut, \u00e0 compter de sa notification, faire l'objet d'un recours gracieux aupr\u00e8s  \nservice instructeur du Var ou d'un recours hi\u00e9rarchique adress\u00e9 au ministre charg\u00e9 de l'\u00e9conomie -  \nDirection g\u00e9n\u00e9rale des entreprises \u2013 sous-direction des services marchands, 61 Boulevard Vincent  \nAuriol, 75703 PARIS CEDEX 13.\nIl peut \u00e9galement faire l'objet d'un recours contentieux dans un d\u00e9lai de deux mois \u00e0 compter de sa  \nnotification aupr\u00e8s du tribunal administratif de Toulon.\nDirection d\u00e9partementale de l'emploi, du travail et des solidarit\u00e9s du Var - 83-2026-03-31-00004 - 367-2026-recepisse-BULTEL CORALIE\n310326 15\nLe tribunal administratif peut aussi \u00eatre saisi par l'application informatique \u00ab T\u00e9l\u00e9recours citoyen \u00bb  \naccessible sur le site internet  http://www.telerecours.fr/\nEn cas de rejet du recours gracieux ou hi\u00e9rarchique ou en l'absence de r\u00e9ponse \u00e0 ce recours (rejet  \nimplicite), un recours contentieux devant le tribunal administratif de Toulon peut \u00e9galement \u00eatre  \nform\u00e9 contre la d\u00e9cision initiale dans un d\u00e9lai de deux mois \u00e0 compter de ce rejet. \nPour le Pr\u00e9fet et par d\u00e9l\u00e9gation\nPour la Directrice d\u00e9partementale de l'emploi, \ndu travail et des solidarit\u00e9s du Var \nLa cheffe du service accompagnement \ndes entreprises et d\u00e9veloppement des territoires\nSign\u00e9 : S\u00e9verine LARDERET \nFait \u00e0 CS 31209 - 83070 TOULON Cedex, le 31/03/26 \nDDETS du Var \nDirection d\u00e9partementale de l'emploi, du travail et des solidarit\u00e9s du Var - 83-2026-03-31-00004 - 367-2026-recepisse-BULTEL CORALIE\n310326 16\nDirection d\u00e9partementale de l'emploi, du travail\net des solidarit\u00e9s du Var\n83-2026-03-30-00013\nR\u00e9c\u00e9piss\u00e9 de d\u00e9claration\nd'un organisme de services \u00e0 la personne\nenregistr\u00e9 sous le N\u00b0 SAP101785939\nDirection d\u00e9partementale de l'emploi, du travail et des solidarit\u00e9s du Var - 83-2026-03-30-00013 - R\u00e9c\u00e9piss\u00e9 de d\u00e9claration\nd'un organisme de services \u00e0 la personne\nenregistr\u00e9 sous le N\u00b0 SAP101785939\n17\nEX=\u00c0Libert\u00e9 + \u00c9galit\u00e9 + Fraternit\u00e9R\u00c9PUBLIQUE FRAN\u00c7AISE\nR\u00e9c\u00e9piss\u00e9 de d\u00e9claration\nd'un organisme de services \u00e0 la personne\nenregistr\u00e9 sous le N\u00b0 SAP101785939\nVu le code du travail et notamment les articles L.7231-1 \u00e0 L.7233-2, R.7232-16 \u00e0 R.7232-22, D.7231-1 et \nD.7233-1 \u00e0 D.7233-5 ; \nVu la demande de d\u00e9claration d\u00e9pos\u00e9e par l'organisme, 248 boulevard de Beauregard 83490 LE MUY, \nle 30/03/26 ;\nLe pr\u00e9fet du Var\nConstate : \nQu'une d\u00e9claration d'activit\u00e9s de services \u00e0 la personne a \u00e9t\u00e9 d\u00e9pos\u00e9e aupr\u00e8s du service instructeur  \ndu  Var  ,  le  30/03/26  par  Mme.  MARTIN  Mina  en  qualit\u00e9  de  dirigeant(e),  pour  l'organisme  dont \nl'\u00e9tablissement principal est situ\u00e9 248 boulevard de Beauregard 83490 LE MUY et enregistr\u00e9 sous le  \nN\u00b0 SAP101785939 pour les activit\u00e9s suivantes :\n  \u2022   Garde d'enfants de plus de 3 ans \u00e0 domicile (mode d'intervention Prestataire)\nToute  modification  concernant  les  activit\u00e9s  exerc\u00e9es  devra  faire  l'objet  d'une  d\u00e9claration  \nmodificative pr\u00e9alable.\nSous r\u00e9serve d'\u00eatre exerc\u00e9es \u00e0 titre exclusif (ou sous r\u00e9serve d'une comptabilit\u00e9 s\u00e9par\u00e9e pour les  \npersonnes  morales  dispens\u00e9es  de  cette  condition),  ces  activit\u00e9s  ouvrent  droit  au  b\u00e9n\u00e9fice  des  \ndispositions des articles L. 7233-2 du code du travail et L.241-10 du code de la s\u00e9curit\u00e9 sociale dans  \nles conditions pr\u00e9vues par ces articles.\nLes effets de la d\u00e9claration courent \u00e0 compter du jour du d\u00e9p\u00f4t de la d\u00e9claration sous r\u00e9serve des  \ndispositions de l'article R.7232-18 du code du travail. Le pr\u00e9sent r\u00e9c\u00e9piss\u00e9 n'est pas limit\u00e9 dans le  \ntemps. La d\u00e9claration a une port\u00e9e nationale.\nL'enregistrement de la d\u00e9claration peut \u00eatre retir\u00e9 dans les conditions fix\u00e9es aux articles R.7232-\n20 \u00e0 R.7232-22 du code du travail.\nLe pr\u00e9sent r\u00e9c\u00e9piss\u00e9 sera publi\u00e9 au recueil des actes administratifs de la pr\u00e9fecture.\nLe pr\u00e9sent r\u00e9c\u00e9piss\u00e9 peut, \u00e0 compter de sa notification, faire l'objet d'un recours gracieux aupr\u00e8s  \nservice instructeur du Var ou d'un recours hi\u00e9rarchique adress\u00e9 au ministre charg\u00e9 de l'\u00e9conomie -  \nDirection g\u00e9n\u00e9rale des entreprises \u2013 sous-direction des services marchands, 61 Boulevard Vincent  \nAuriol, 75703 PARIS CEDEX 13.\nIl peut \u00e9galement faire l'objet d'un recours contentieux dans un d\u00e9lai de deux mois \u00e0 compter de sa  \nnotification aupr\u00e8s du tribunal administratif de Toulon.\nLe tribunal administratif peut aussi \u00eatre saisi par l'application informatique \u00ab T\u00e9l\u00e9recours citoyen \u00bb  \naccessible sur le site internet  http://www.telerecours.fr/\nEn cas de rejet du recours gracieux ou hi\u00e9rarchique ou en l'absence de r\u00e9ponse \u00e0 ce recours (rejet  \nimplicite), un recours contentieux devant le tribunal administratif de Toulon peut \u00e9galement \u00eatre  \nform\u00e9 contre la d\u00e9cision initiale dans un d\u00e9lai de deux mois \u00e0 compter de ce rejet. \nPour le Pr\u00e9fet et par d\u00e9l\u00e9gation\nPour la Directrice d\u00e9partementale de l'emploi, \ndu travail et des solidarit\u00e9s du Var \nLa cheffe du service accompagnement \ndes entreprises et d\u00e9veloppement des territoires\nSign\u00e9 : S\u00e9verine LARDERET\nFait \u00e0 CS 31209 - 83070 TOULON Cedex, le 30/03/26 \nDDETS du Var \nDirection d\u00e9partementale de l'emploi, du travail et des solidarit\u00e9s du Var - 83-2026-03-30-00013 - R\u00e9c\u00e9piss\u00e9 de d\u00e9claration\nd'un organisme de services \u00e0 la personne\nenregistr\u00e9 sous le N\u00b0 SAP101785939\n18\nPr\u00e9fecture du VAR\n83-2026-04-14-00006\nARR\u00caT\u00c9 PR\u00c9FECTORAL n\u00b0 DCL/BERG/2026/86 du\n14 avril 2026 portant renouvellement d'agr\u00e9ment\ndu centre de formation \u00ab\u00a0FNTI FORMATION\nTAXI\u00a0\u00bb, habilit\u00e9 \u00e0 dispenser la formation initiale\net continue des conducteurs de taxi, ainsi que la\nformation \u00e0 la mobilit\u00e9 dans le d\u00e9partement du\nVar.\nPr\u00e9fecture du VAR - 83-2026-04-14-00006 - ARR\u00caT\u00c9 PR\u00c9FECTORAL n\u00b0 DCL/BERG/2026/86 du 14 avril 2026 portant renouvellement\nd'agr\u00e9ment du centre de formation \u00ab\u00a0FNTI FORMATION TAXI\u00a0\u00bb, habilit\u00e9 \u00e0 dispenser la formation initiale et continue des conducteurs\nde taxi, ainsi que la formation \u00e0 la mobilit\u00e9 dans le d\u00e9partement du Var.\n19\n=mPREFETDU VARLibert\u00e9Egalit\u00e9Fraternit\u00e9\nDirection de la citoyennet\u00e9 et de la l\u00e9galit\u00e9\nBureau des \u00e9lections et de la r\u00e9glementation g\u00e9n\u00e9rale\nARR\u00caT\u00c9 PR\u00c9FECTORAL n\u00b0 DCL/BERG/2026/86 du 14 avril 2026\nportant renouvellement d'agr\u00e9ment du centre de formation \u00ab FNTI FORMATION TAXI \u00bb, \nhabilit\u00e9 \u00e0 dispenser la formation initiale et continue des conducteurs de taxi, ainsi que la \nformation \u00e0 la mobilit\u00e9 dans le d\u00e9partement du Var.\nLe Pr\u00e9fet du Var,\nVu le code des transports, et notamment ses articles R. 3120-8-2 et R. 3120-9 ;\nVu le d\u00e9cret du Pr\u00e9sident de la R\u00e9publique du 15 mai 2025 portant nomination de Monsieur  \nSimon BABRE, pr\u00e9fet du Var ;\nVu l'arr\u00eat\u00e9 du 6 avril 2017 relatif aux programmes et \u00e0 l'\u00e9valuation des \u00e9preuves des examens  \nd'acc\u00e8s aux professions de conducteur de taxi et de conducteur de voiture de transport avec  \nchauffeur ;\nVu l'arr\u00eat\u00e9 du 11 ao\u00fbt 2017 relatif \u00e0 l'agr\u00e9ment des centres de formation habilit\u00e9s \u00e0 dispenser  \nla formation initiale et continue des conducteurs de taxi et des conducteurs de voiture de  \ntransport avec chauffeur ;\nVu l'arr\u00eat\u00e9 du 11 ao\u00fbt 2017 relatif \u00e0 la formation continue des conducteurs de taxi et des  \nconducteurs de voiture de transport avec chauffeur et \u00e0 la mobilit\u00e9 des conducteurs de taxi ;\nVu l'arr\u00eat\u00e9 pr\u00e9fectoral n\u00b0 DCL/BERG/2021/47 du 29 janvier 2021 modifi\u00e9 par arr\u00eat\u00e9 pr\u00e9fectoral \nn\u00b0 DCL/BERG/2024/37 du 16 f\u00e9vrier 2024 portant renouvellement de l'agr\u00e9ment du centre de  \nformation  d\u00e9nomm\u00e9  \u00ab  FORMATION  NATIONALE  DES  TAXIS  IND\u00c9PENDANTS  \u2013  FNTI  \nFORMATION \u00bb, habilit\u00e9 \u00e0 dispenser la formation initiale et continue des conducteurs de taxi,  \nainsi que leur formation \u00e0 la mobilit\u00e9 dans le d\u00e9partement du Var.\nVu l'arr\u00eat\u00e9 pr\u00e9fectoral n\u00b0 2025/12/MCI du 02 juin 2025 portant d\u00e9l\u00e9gation de signature \u00e0  \nMonsieur  Lucien  GIUDICELLI,  secr\u00e9taire  g\u00e9n\u00e9ral  de  la  pr\u00e9fecture  du  Var,  sous-pr\u00e9fet  de  \nl'arrondissement de Toulon ;\nVu l'arr\u00eat\u00e9 n\u00b0 2026/10/MCI du 02 f\u00e9vrier 2026 portant d\u00e9l\u00e9gation de signature \u00e0 Madame  \nIsabelle CATHERINEAU, directrice de la citoyennet\u00e9 et de la l\u00e9galit\u00e9 de la pr\u00e9fecture du Var ;\nVu  la  demande,  re\u00e7ue  le  24  novembre  2025,  par  laquelle  Madame  B\u00e9n\u00e9dicte  GOSTOLI,  \npr\u00e9sidente de l'association FNTI FORMATION TAXI, sollicite le renouvellement de l'agr\u00e9ment  \ndu centre de formation dont le si\u00e8ge social est situ\u00e9 141 rue Baraban \u00e0 Lyon (69003), afin de  \ndispenser la formation initiale et continue des conducteurs de taxi, ainsi que la formation \u00e0 la  \nmobilit\u00e9 dans le d\u00e9partement du Var ;\n1/3\nPr\u00e9fecture du VAR - 83-2026-04-14-00006 - ARR\u00caT\u00c9 PR\u00c9FECTORAL n\u00b0 DCL/BERG/2026/86 du 14 avril 2026 portant renouvellement\nd'agr\u00e9ment du centre de formation \u00ab\u00a0FNTI FORMATION TAXI\u00a0\u00bb, habilit\u00e9 \u00e0 dispenser la formation initiale et continue des conducteurs\nde taxi, ainsi que la formation \u00e0 la mobilit\u00e9 dans le d\u00e9partement du Var.\n20\nConsid\u00e9rant  que  ledit  centre  de  formation  justifie  des  conditions  requises  par  la  \nr\u00e9glementation afin d'assurer la formation initiale et continue des conducteurs de taxi, ainsi  \nque la formation \u00e0 la mobilit\u00e9 dans le d\u00e9partement du Var ;\nSur proposition du secr\u00e9taire g\u00e9n\u00e9ral de la pr\u00e9fecture,\nARR\u00caTE\nArticle 1 : Le centre de formation FNTI FORMATION TAXI, dont le si\u00e8ge social est situ\u00e9 141 rue \nBaraban  \u00e0  Lyon  (69003),  repr\u00e9sent\u00e9  par  Madame  B\u00e9n\u00e9dicte  GOSTOLI,  est  agr\u00e9\u00e9  afin  de  \ndispenser la formation initiale et continue des conducteurs de taxi, ainsi que la formation \u00e0 la  \nmobilit\u00e9 dans le d\u00e9partement du Var.\nLa liste des formateurs est list\u00e9e en annexe du pr\u00e9sent arr\u00eat\u00e9.\nLes formations se d\u00e9rouleront dans les lieux suivants :\n- \u00e0 l'h\u00f4tel Ibis Toulon-La Seyne situ\u00e9 80 chemin de la Capellane \u00e0 La Seyne-sur-Mer (83500) ;\n- \u00e0 l'h\u00f4tel Ibis Style Toulon Centre Port situ\u00e9 place Besagne \u00e0 Toulon (83000) ;\n- \u00e0 l'h\u00f4tel le Col de l'Ange situ\u00e9 1308 avenue de Tuttlingen \u00e0 Draguignan (83300).\nArticle 2  : Cet agr\u00e9ment est accord\u00e9 pour une dur\u00e9e de  cinq ans, \u00e0 compter de la date de  \nnotification du pr\u00e9sent arr\u00eat\u00e9. L'agr\u00e9ment porte le num\u00e9ro 26-003.\nLa  demande  de  renouvellement  devra  \u00eatre  formul\u00e9e  trois  mois  avant  l'\u00e9ch\u00e9ance  de  cet \nagr\u00e9ment.\nArticle 3 : Le dirigeant de l'organisme de formation est tenu :\n1\u00b0 d'afficher dans les locaux de mani\u00e8re visible le num\u00e9ro d'agr\u00e9ment et le programme des  \nformations ; \n2\u00b0  de  faire  figurer  le  num\u00e9ro  d'agr\u00e9ment  sur  toute  correspondance  et  tout  document  \ncommercial ; \n3\u00b0 d'informer le public sur les prix dans les conditions pr\u00e9vues par l'article L. 112-1 du code de  \nla consommation et de ses textes d'application.\nArticle 4  : Le dirigeant de l'organisme de formation adresse au pr\u00e9fet, un rapport annuel sur  \nl'activit\u00e9 de son organisme de formation en mentionnant :\n- le nombre de personnes ayant suivi les formations pr\u00e9paratoires \u00e0 l'examen et les taux de  \nr\u00e9ussite \u00e0 l'examen d'acc\u00e8s \u00e0 la profession de conducteur de taxi ;\n- le nombre et l'identit\u00e9 des conducteurs ayant suivi les stages de formation continue ;\n- le nombre et l'identit\u00e9 des conducteurs ayant suivi les stages de formation \u00e0 la mobilit\u00e9.\nArticle   5   : Le  dirigeant de l'organisme informe le pr\u00e9fet  de tout changement intervenant  \npendant l'exploitation de l'agr\u00e9ment.\nArticle   6   : En application de l'article R. 3120-9 du code des transports, l'agr\u00e9ment peut \u00eatre  \nsuspendu pour une dur\u00e9e maximale de six mois, ou retir\u00e9 par le pr\u00e9fet qui l'a d\u00e9livr\u00e9 lorsque  \nl'une des conditions auxquelles sa d\u00e9livrance est subordonn\u00e9e cesse d'\u00eatre remplie. \n2/3\nPr\u00e9fecture du VAR - 83-2026-04-14-00006 - ARR\u00caT\u00c9 PR\u00c9FECTORAL n\u00b0 DCL/BERG/2026/86 du 14 avril 2026 portant renouvellement\nd'agr\u00e9ment du centre de formation \u00ab\u00a0FNTI FORMATION TAXI\u00a0\u00bb, habilit\u00e9 \u00e0 dispenser la formation initiale et continue des conducteurs\nde taxi, ainsi que la formation \u00e0 la mobilit\u00e9 dans le d\u00e9partement du Var.\n21\nArticle 7  : Le secr\u00e9taire g\u00e9n\u00e9ral de la pr\u00e9fecture est charg\u00e9 de l'ex\u00e9cution du pr\u00e9sent arr\u00eat\u00e9  \nqui sera publi\u00e9 au recueil des actes administratifs de la pr\u00e9fecture du Var.\nFait \u00e0 Toulon, le 14 avril 2026\nPour le Pr\u00e9fet et par d\u00e9l\u00e9gation,\nla Directrice\nSign\u00e9 : Isabelle CATHERINEAU\nDans un d\u00e9lai de deux mois \u00e0 compter de la date de notification du pr\u00e9sent arr\u00eat\u00e9, les recours suivants peuvent \u00eatre introduits conform\u00e9ment  \naux dispositions des articles R. 421-1 et suivants du code de justice administrative :\n- un recours gracieux, adress\u00e9 \u00e0 : M. le pr\u00e9fet du Var \u2013 Bd du 112\u00e8me r\u00e9giment d'infanterie- CS 31209 - 83070 TOULON CEDEX\nDans ce cas, le silence de l'administration vaut rejet implicite au terme d'un d\u00e9lai de deux mois.\nApr\u00e8s un recours gracieux ou hi\u00e9rarchique, le d\u00e9lai du recours contentieux ne court qu'\u00e0 compter du rejet explicite ou implicite de l'un des  \nrecours.\n- un recours contentieux, en saisissant le Tribunal Administratif de Toulon : 5 rue Racine -BP 40510 - 83 041 TOULON CEDEX 9\nLe  tribunal  administratif  peut  \u00eatre  saisi  par  l'application  informatique  \u00ab  T\u00e9l\u00e9recours  citoyens  \u00bb  accessible  par  le  site  internet  \n\u00ab www.telerecours.fr \u00bb.\n3/3\nPr\u00e9fecture du VAR - 83-2026-04-14-00006 - ARR\u00caT\u00c9 PR\u00c9FECTORAL n\u00b0 DCL/BERG/2026/86 du 14 avril 2026 portant renouvellement\nd'agr\u00e9ment du centre de formation \u00ab\u00a0FNTI FORMATION TAXI\u00a0\u00bb, habilit\u00e9 \u00e0 dispenser la formation initiale et continue des conducteurs\nde taxi, ainsi que la formation \u00e0 la mobilit\u00e9 dans le d\u00e9partement du Var.\n22\nAnnexe \u00e0 l'arr\u00eat\u00e9 n\u00b0 DCL/BERG/2026/86 du 14 avril 2026\nportant renouvellement d'agr\u00e9ment du centre de formation \u00ab FNTI FORMATION TAXI \u00bb, \nhabilit\u00e9 \u00e0 dispenser la formation initiale et continue des conducteurs de taxi, ainsi que la \nformation \u00e0 la mobilit\u00e9 dans le d\u00e9partement du Var.\nListe des formateurs\nMati\u00e8res enseign\u00e9es Nom et Pr\u00e9nom\nR\u00e9glementation T3P Viviane BANVILLE, B\u00e9n\u00e9dicte GOSTOLI, Jean AGIUS, Alain \nRENAUD, Christian IACONO, Gilles ESQUIER, Jean Louis \nTAXI\nS\u00e9curit\u00e9 routi\u00e8re Viviane BANVILLE, B\u00e9n\u00e9dicte GOSTOLI, Jean AGIUS, Alain \nRENAUD, Christian IACONO, Gilles ESQUIER, Jean Louis \nTAXI\nConduite pratique Viviane BANVILLE, B\u00e9n\u00e9dicte GOSTOLI, Jean AGIUS, Alain \nRENAUD, Christian IACONO\nR\u00e9glementation nationale de \nl'activit\u00e9 de taxi\nViviane BANVILLE, B\u00e9n\u00e9dicte GOSTOLI, Jean AGIUS, Alain \nRENAUD, Christian IACONO, Gilles ESQUIER, Jean Louis \nTAXI\nGestion, r\u00e8gles g\u00e9n\u00e9rales \nEt sp\u00e9cifiques aux activit\u00e9s de \ntaxi et VTC\nViviane BANVILLE, Christian IACONO\nExpression et compr\u00e9hension en \nlangue fran\u00e7aise\nB\u00e9n\u00e9dicte GOSTOLI, Christian IACONO\nExpression et compr\u00e9hension en \nlangue anglaise\nViviane BANVILLE, Christian IACONO\nConnaissance du territoire et la \nr\u00e9glementation locale de \nl'activit\u00e9 de taxi\nViviane BANVILLE, B\u00e9n\u00e9dicte GOSTOLI, Jean AGIUS, Alain \nRENAUD, Christian IACONO, Gilles ESQUIER, Jean Louis \nTAXI\nPr\u00e9fecture du VAR - 83-2026-04-14-00006 - ARR\u00caT\u00c9 PR\u00c9FECTORAL n\u00b0 DCL/BERG/2026/86 du 14 avril 2026 portant renouvellement\nd'agr\u00e9ment du centre de formation \u00ab\u00a0FNTI FORMATION TAXI\u00a0\u00bb, habilit\u00e9 \u00e0 dispenser la formation initiale et continue des conducteurs\nde taxi, ainsi que la formation \u00e0 la mobilit\u00e9 dans le d\u00e9partement du Var.\n23\nSecr\u00e9tariat g\u00e9n\u00e9ral commun d\u00e9partemental\n83-2026-04-14-00005\nArr\u00eat\u00e9 n\u00b0SGC/2026/12 portant subd\u00e9l\u00e9gation de\nsignature et d'ordonnancement secondaire aux\ncadres du SGCD du Var\nSecr\u00e9tariat g\u00e9n\u00e9ral commun d\u00e9partemental - 83-2026-04-14-00005 - Arr\u00eat\u00e9 n\u00b0SGC/2026/12 portant subd\u00e9l\u00e9gation de signature et\nd'ordonnancement secondaire aux cadres du SGCD du Var 24\n=mPREFETDU VARLibert\u00e9Egalit\u00e9Fraternit\u00e9\nARR\u00caT\u00c9 n\u00b0 SGC/2026/12 \u2013 du 14 avril 2026\nPortant subd\u00e9l\u00e9gation de signature et d'ordonnancement secondaire aux cadres \ndu secr\u00e9tariat g\u00e9n\u00e9ral commun d\u00e9partemental du Var\nLe Pr\u00e9fet du Var,\nChevalier de la L\u00e9gion d'Honneur,\nChevalier de l'Ordre National du M\u00e9rite,\nVu la loi organique n\u00b0\u00a02001-692 du 1er ao\u00fbt 2001 modifi\u00e9e, relative aux lois de finances\u00a0;\nVu la loi d'orientation n\u00b0\u00a092-125 du 6 f\u00e9vrier 1992 modifi\u00e9e, relative \u00e0 l'administration\nterritoriale de la R\u00e9publique\u00a0;\nVu le d\u00e9cret n\u00b082-453 du 28 mai 1982 relatif \u00e0 l'hygi\u00e8ne et \u00e0 la s\u00e9curit\u00e9 du travail ainsi  \nqu'\u00e0 la pr\u00e9vention m\u00e9dicale dans la fonction publique\u00a0;\nVu le d\u00e9cret n\u00b0 \u00a02004-374 du 29 avril 2004 modifi\u00e9, relatif aux pouvoirs des pr\u00e9fets, \u00e0\nl'organisation et \u00e0 l'action des services de l'\u00c9tat dans les r\u00e9gions et d\u00e9partements\u00a0;\nVu le d\u00e9cret n\u00b0\u00a02006-1780 du 23 d\u00e9cembre 2006 modifi\u00e9, portant d\u00e9l\u00e9gation de pouvoir  \nen mati\u00e8re de recrutement et de gestion de certains personnels relevant du minist\u00e8re de \nl'Int\u00e9rieur\u00a0;\nVu  le  d\u00e9cret  n\u00b0 \u00a02009-1484  du  3  d\u00e9cembre  2009  modifi\u00e9,  relatif  aux  directions  \nd\u00e9partementales interminist\u00e9rielles\u00a0;\nVu le d\u00e9cret n\u00b0\u00a02012-1246 du 7 novembre 2012 modifi\u00e9, relatif \u00e0 la gestion budg\u00e9taire et  \ncomptable publique\u00a0;\nVu le d\u00e9cret n\u00b0\u00a02015-510 du 7 mai 2015 modifi\u00e9, portant charte de la d\u00e9concentration\u00a0;\nVu le d\u00e9cret n\u00b0\u00a02019-1594 du 31 d\u00e9cembre 2019 modifi\u00e9, relatif aux emplois de direction  \nde l'\u00c9tat, notamment les articles 34 et suivants\u00a0;\nVu le d\u00e9cret n\u00b0 \u00a02020-99 du 7 f\u00e9vrier 2020 relatif \u00e0 l'organisation et aux missions des  \nsecr\u00e9tariats g\u00e9n\u00e9raux communs d\u00e9partementaux\u00a0;\n                                                                                                                                                                        1/12\nSecr\u00e9tariat g\u00e9n\u00e9ral commun d\u00e9partemental\nSecr\u00e9tariat g\u00e9n\u00e9ral commun d\u00e9partemental - 83-2026-04-14-00005 - Arr\u00eat\u00e9 n\u00b0SGC/2026/12 portant subd\u00e9l\u00e9gation de signature et\nd'ordonnancement secondaire aux cadres du SGCD du Var 25\nVu le d\u00e9cret du Pr\u00e9sident de la R\u00e9publique du 15 mai 2025 portant nomination de M.  \nSimon BABRE, pr\u00e9fet du Var\u00a0;\nVu l'arr\u00eat\u00e9 du Premier Ministre du 31 mars 2011 modifi\u00e9, portant d\u00e9concentration des  \nd\u00e9cisions relatives \u00e0 la situation individuelle des fonctionnaires et agents non titulaires  \nexer\u00e7ant leurs fonctions dans les directions d\u00e9partementales interminist\u00e9rielles\u00a0;\nVu l'arr\u00eat\u00e9 du Ministre d'\u00c9tat, ministre de l'int\u00e9rieur, du 28 d\u00e9cembre 2017 modifi\u00e9,  \nportant d\u00e9l\u00e9gation de pouvoir en mati\u00e8re de recrutement et de gestion des personnels  \nadministratifs du minist\u00e8re de l'Int\u00e9rieur\u00a0;\nVu la circulaire n\u00b0\u00a06104/SG du 2 ao\u00fbt 2019 du Premier ministre relative \u00e0 la constitution  \nde secr\u00e9tariats g\u00e9n\u00e9raux communs aux pr\u00e9fectures et aux directions d\u00e9partementales  \ninterminist\u00e9rielles\u00a0;\nVu l'arr\u00eat\u00e9 n\u00b02020/96/MCI du 29 d\u00e9cembre 2020 portant cr\u00e9ation et organisation du  \nsecr\u00e9tariat g\u00e9n\u00e9ral commun d\u00e9partemental du Var, modifi\u00e9 par l'arr\u00eat\u00e9 n\u00b02022/18/MCI  \ndu 10 juin 2022 et par l'arr\u00eat\u00e9 n\u00b02022/45/MCI du 7 novembre 2022\u00a0;\nVu l'arr\u00eat\u00e9 du Premier ministre et du ministre de l'Int\u00e9rieur du 3 octobre 2024, portant  \nnomination de M. S\u00e9bastien ODDONE, attach\u00e9 d'administration de l'Etat hors classe,  \ndirecteur du secr\u00e9tariat g\u00e9n\u00e9ral commun d\u00e9partemental du Var\u00a0; \nVu l'arr\u00eat\u00e9 pr\u00e9fectoral n\u00b02025/53/MCI du 8 juillet 2025, po rtant d\u00e9l\u00e9gation de signature  \net  d'ordonnancement  secondaire  des  recettes  et  d\u00e9penses  de  l'\u00c9tat  au  titre  des  \nprogrammes ex\u00e9cut\u00e9s par le SGCD du Var \u00e0 M. S\u00e9bastien ODDONE,\nDirecteur du secr\u00e9tariat g\u00e9n\u00e9ral commun d\u00e9partemental du Var\u00a0;\nVu  l'arr\u00eat\u00e9  n\u00b0  SGC/2026  \u2013 du  3  f\u00e9vrier  2026  portant  subd\u00e9l\u00e9gation  de  signature  et \nd'ordonnancement  secondaire  aux  cadres  du  secr\u00e9tariat  g\u00e9n\u00e9ral  commun  \nd\u00e9partemental du Var\u00a0;\nSur proposition du directeur du secr\u00e9tariat g\u00e9n\u00e9ral commun d\u00e9partemental\u00a0;\nARR\u00caTE\nArticle 1 \u00a0: La d\u00e9l\u00e9gation de signature donn\u00e9e \u00e0 M. S\u00e9bastien ODDONE directeur du  \nsecr\u00e9tariat  g\u00e9n\u00e9ral  commun  d\u00e9partemental  du  Var,  par  l'arr\u00eat\u00e9  pr\u00e9fectoral  \nn\u00b02025/53/MCI du 8 juillet 2025 est subd\u00e9l\u00e9gu\u00e9e \u00e0\u00a0:\nM. Alexandre PROUD, attach\u00e9 Hors classe d'administration de l'\u00c9tat, directeur adjoint  \ndu secr\u00e9tariat g\u00e9n\u00e9ral commun d\u00e9partemental \u00e0 compter du 15 janvier 2025.\n                                                                                                                                                                        2/12\nSecr\u00e9tariat g\u00e9n\u00e9ral commun d\u00e9partemental - 83-2026-04-14-00005 - Arr\u00eat\u00e9 n\u00b0SGC/2026/12 portant subd\u00e9l\u00e9gation de signature et\nd'ordonnancement secondaire aux cadres du SGCD du Var 26\nMme  Caroline  HEURGUIER,  attach\u00e9e  principale  d'administration  de  l'\u00c9tat,  directrice \nadjointe  du  secr\u00e9tariat  g\u00e9n\u00e9ral  commun  d\u00e9partemental  \u00e0  compter  du  1er\n novembre  \n2025.\nCette  subd\u00e9l\u00e9gation  porte  sur  toutes  les  mati\u00e8res  d\u00e9finies  \u00e0  l'arr\u00eat\u00e9  pr\u00e9fectoral  \nn\u00b02025/53/MCI du 8 juillet 2025 susvis\u00e9, aux fins de signer tous actes, documents ou  \nd\u00e9cisions se traduisant par l'ordonnancement secondaire des recettes et des d\u00e9penses  \nde l'\u00c9tat, relevant des attributions et du fonctionnement du SGCD, imput\u00e9es sur les  \nprogrammes suivants et dans la limite de 100\u00a0000\u00a0\u20ac\u00a0:\n\u2022 124  \u00ab\u00a0Conduite  et  soutien  des  politiques  sanitaires,  sociales,  du  sport,  de  la  \njeunesse  et  de  la  vie  associative \u00a0\u00bb,  en  ce  qu'elles  concernent  les  d\u00e9pense s \nm\u00e9dicales et d'action sociale\u00a0\u00bb\u00a0;\n\u2022 134 \u00ab\u00a0d\u00e9veloppement des entreprises \u00a0\u00bb, en ce qu'elles concernent les d\u00e9penses  \nm\u00e9dicales et d'action sociale\u00a0;\n\u2022 148 \u00ab\u00a0fonction publique\u00a0\u00bb\u00a0;\n\u2022 155 \u00ab\u00a0Conception, gestion et \u00e9valuation des politiques de l'emploi et du travail , \nen ce qu'elles concernent les d\u00e9penses m\u00e9dicales et d'action sociale\u00a0;\n\u2022 176 \u00ab\u00a0police nationale\u00a0\u00bb, en ce qu'elles concernent les commissions de secours et \nl'action sociale\u00a0; \n\u2022 206 \u00ab\u00a0s\u00e9curit\u00e9 et qualit\u00e9 sanitaires de l'alimentation \u00a0\u00bb, en ce qu'elles concernent \nles d\u00e9penses  m\u00e9dicales et d'action sociale\u00a0;\n\u2022 207 \u00ab\u00a0S\u00e9curit\u00e9 et \u00e9ducation routi\u00e8res\u00a0\u00bb\n\u2022 215  \u00ab\u00a0conduite  et  pilotage  des  politiques  de  l'agriculture \u00a0\u00bb,  en  ce  qu'elles  \nconcernent les d\u00e9penses  m\u00e9dicales et d'action sociale\u00a0;\n\u2022 216  \u00ab \u00a0conduite  et  pilotage  des  politiques  de  l'Int\u00e9rieur \u00a0\u00bb,  en  ce  qu'elles  \nconcernent  les  d\u00e9penses  d'action  sociale \u00a0et  l'action  6  affaires  juridiques  et  \ncontentieuses\u00a0;\n\u2022 217 \u00ab\u00a0conduite et pilotage des politiques de l'\u00e9cologie, du d\u00e9veloppement et de  \nla  mobilit\u00e9  durables \u00a0\u00bb,  en  ce  qu'elles  concernent  les  d\u00e9penses  m\u00e9dicales,  \nd'action sociale, de d\u00e9placements et de mission ;\n\u2022 232 \u00ab\u00a0Vie politique\u00a0\u00bb en ce qu'elles concernent les d\u00e9penses des \u00e9lections\u00a0; \n\u2022 348  \u00ab\u00a0r\u00e9novation  des  cit\u00e9s  administratives  et  autres  sites  domaniaux  multi-\noccupants\u00a0\u00bb\u00a0;\n\u2022 349 \u00ab\u00a0fonds pour la transformation de l'action publique\u00a0\u00bb ;\n\u2022 354 \u00ab\u00a0administration territoriale de l'\u00c9tat\u00a0\u00bb\u00a0;\n\u2022 362 \u00ab\u00a0\u00e9cologie\u00a0\u00bb\u00a0;\n\u2022 363 \u00ab\u00a0comp\u00e9titivit\u00e9\u00a0\u00bb\u00a0;\n\u2022 723 \u00ab\u00a0op\u00e9rations immobili\u00e8res et entretien des b\u00e2timents de l'\u00c9tat\u00a0\u00bb.\nArticle 2\u00a0: D\u00e9l\u00e9gation de signature est donn\u00e9e, \u00e0 l'effet de signer les actes et documents  \nrelevant de la comp\u00e9tence de leur service interminist\u00e9riel \u00e0 \u00a0:\n\u2022 M. Franck MAINAS,  attach\u00e9 principal  d'administration de l'\u00c9tat,  chef du service  \ninterminist\u00e9riel des ressources humaines;\n                                                                                                                                                                        3/12\nSecr\u00e9tariat g\u00e9n\u00e9ral commun d\u00e9partemental - 83-2026-04-14-00005 - Arr\u00eat\u00e9 n\u00b0SGC/2026/12 portant subd\u00e9l\u00e9gation de signature et\nd'ordonnancement secondaire aux cadres du SGCD du Var 27\n\u2022 Mme Nathalie TOURET,  attach\u00e9e d 'administration de l'\u00c9tat, cheffe du service  \ninterminist\u00e9riel du budget et des achats\u00a0;\n\u2022 Mme Pascale GRAPPIN, ing\u00e9nieur principal des Services Techniques, cheffe du  \nservice  interminist\u00e9riel  de  l'immobilier,  de  la  logistique,  du  courrier,  et  de  \nl'accueil ;\n\u2022 M.  Herv\u00e9  MARCY,  ing\u00e9nieur  principal  des  syst\u00e8mes  d'information  et  de  \ncommunication,  chef  du  service  interminist\u00e9riel  d\u00e9partemental  des  syst\u00e8mes  \nd'information et de communication\u00a0;\nArticle 3 \u00a0: D\u00e9l\u00e9gation de signature est donn\u00e9e \u00e0 M. Franck MAINAS, chef du  service \ninterminist\u00e9riel des ressources humaines, pour signer les actes et documents relevant du \nservice  interminist\u00e9riel  des  ressources  humaines,  \u00e0  savoir  la  gestion  des  carri\u00e8res,  le \ntemps partiel, le suivi des effectifs, la formation, l'action sociale et le dialogue social, se \ntraduisant par l'ordonnancement secondaire des recettes et des d\u00e9penses de l'\u00c9tat,  \nrelevant des attributions et du fonctionnement du SGCD, imput\u00e9es sur les programmes  \nsuivants et \u00e0 concurrence de 5\u00a0000\u00a0\u20ac\u00a0:\n\u25aa 124  \u00ab\u00a0conduite  et  soutien  des  politiques  sanitaires,  sociales,  du  sport,  de  la \njeunesse  et  de  la  vie  associative \u00a0\u00bb,  en  ce  qu'elles  concernent  les  d\u00e9penses  \nm\u00e9dicales et d'action sociale\u00a0\u00bb\u00a0;\n\u25aa 134 \u00ab\u00a0d\u00e9veloppement des entreprises\u00a0\u00bb, en ce qu'elles concernent les d\u00e9penses  \nm\u00e9dicales et d'action sociale\u00a0;\n\u25aa 155 \u00ab\u00a0conception, gestion et \u00e9valuation des politiques de l'emploi et du travail , \nen ce qu'elles concernent les d\u00e9penses m\u00e9dicales et d'action sociale\u00a0;\n\u25aa 176 \u00ab\u00a0police nationale\u00a0\u00bb, en ce qu'elles concernent les commissions de secours et \nl'action sociale\u00a0; \n\u25aa 206 \u00ab\u00a0s\u00e9curit\u00e9 et qualit\u00e9 sanitaires de l'alimentation\u00a0\u00bb, en ce qu'elles concernent \nles d\u00e9penses m\u00e9dicales et d'action sociale\u00a0;\n\u25aa 215  \u00ab\u00a0conduite  et  pilotage  des  politiques  de  l'agriculture \u00a0\u00bb,  en  ce  qu'elles  \nconcernent les d\u00e9penses m\u00e9dicales et d'action sociale\u00a0;\n\u25aa 216  \u00ab \u00a0conduite  et  pilotage  des  politiques  de  l'Int\u00e9rieur \u00a0\u00bb,  en  ce  qu'elles  \nconcernent les d\u00e9penses m\u00e9dicales et d'action sociale\u00a0;\n\u25aa 217 \u00ab\u00a0conduite et pilotage des politiques de l'\u00e9cologie, du d\u00e9veloppement et de  \nla  mobilit\u00e9  durables\u00a0\u00bb,  en  ce  qu'elles  concernent  les  d\u00e9penses  m\u00e9dicales  et \nd'action sociale\u00a0;\n\u25aa 354  \u00ab \u00a0administration  territoriale  de  l'Etat \u00a0\u00bb,  en  ce  qu'elles  concernent  les  \nd\u00e9penses d'action sociale, de formation et le titre 2.\nEn cas d'absence ou d'emp\u00eachement de M. Franck MAINAS, d\u00e9l\u00e9gation est donn\u00e9e dans \nles m\u00eames conditions et sous son contr\u00f4le \u00e0\u00a0:\n\u2022 Mme Vanessa GEBELLIN, attach\u00e9e d'administration de l'Etat, adjointe au chef du  \nSIRH,  pour  les  actes  et  documents  relevant  du  service  interminist\u00e9riel  des  \nressources humaines pr\u00e9cit\u00e9s se traduisant par l'ordonnancement secondaire des \nrecettes  et  des  d\u00e9penses  de  l'\u00c9tat,  relevant  des  attributions  et  du  \nfonctionnement  du  SGCD,  imput\u00e9es  sur  les  programmes  pr\u00e9c\u00e9dents  et  \u00e0 \nconcurrence de 5\u00a0000\u00a0\u20ac\u00a0;\n                                                                                                                                                                        4/12\nSecr\u00e9tariat g\u00e9n\u00e9ral commun d\u00e9partemental - 83-2026-04-14-00005 - Arr\u00eat\u00e9 n\u00b0SGC/2026/12 portant subd\u00e9l\u00e9gation de signature et\nd'ordonnancement secondaire aux cadres du SGCD du Var 28\n\u2022 Mme Anne-Ga\u00ebl RAGNEAU, secr\u00e9taire administrative de classe sup\u00e9rieure, cheffe  \ndu p\u00f4le du minist\u00e8re de l'int\u00e9rieur, pour les actes et documents relevant de la  \ngestion courante des carri\u00e8res du personnel du minist\u00e8re de l'int\u00e9rieur\u00a0;\n\u2022 Mme  Caroline  MEZIERES,  attach\u00e9e  d'administration  de  l'\u00c9tat,  cheffe  de  p\u00f4le, \npour les actes et documents relevant de la gestio n courante des carri\u00e8res du  \npersonnel  des  minist\u00e8res  Transition  \u00e9cologique,  Am\u00e9nagement  du  territoire,  \nTransports, Ville et Logement et du minist\u00e8re de l'\u00e9conomie, des finances;\n\u2022 Mme Karine DEON, attach\u00e9e d'administration de l'\u00c9tat, cheffe de p\u00f4le, pour les  \nactes et documents relevant de la gestion courante des carri\u00e8res du personnel du \nminist\u00e8re de l'agriculture, de l'agro-alimentaire et de la souverainet\u00e9 alimentaire  \net du personnel relevant du minist\u00e8re du travail et des solidarit\u00e9s ; \n\u2022 Mme  Marie-Pierre  NOVELLA,  attach\u00e9e  principale  d'administration  de  l'\u00c9tat,  \ncheffe du p\u00f4le action sociale \u00e0 compter du 1 er\n f\u00e9vrier 2026, \u00e0 l'effet de signer les  \nd\u00e9cisions  de  d\u00e9penses  rentrant  dans  le  champ  d'actions  de  son  p\u00f4le,  \u00e0  \nconcurrence d'un montant de 5\u00a0000\u00a0\u20ac\u00a0;\n\u2022 D\u00e9l\u00e9gation  de  signature  est  \u00e9galement  donn\u00e9e  \u00e0  Mme  Catherine  BUARD,  \nsecr\u00e9taire administrative de classe normale, et \u00e0 Mme Astrid DORNEL, secr\u00e9taire  \nadministrative,  gestionnaires  des  prestations  sociales,  pour  tous  les  actes  de  \ngestion dans Chorus Formulaires pour les d\u00e9penses en mati\u00e8re de RH\u00a0;\n\u2022 D\u00e9l\u00e9gation  de  signature  est  \u00e9galement  donn\u00e9e  \u00e0  Mme  Isabelle  COLPAERT,  \nsecr\u00e9taire  administrative  de  classe  sup\u00e9rieure,  gestionnaire  des  prestations  \nsociales, pour tous les actes de gestion dans Chorus Coeur et Chorus Formulaires  \npour les d\u00e9penses en mati\u00e8re de RH\u00a0;\n\u2022 D\u00e9l\u00e9gation  de  signature  est  \u00e9galement  donn\u00e9e  \u00e0  Mme  Sophie  NAWROCKI,  \nsecr\u00e9taire administrative de classe sup\u00e9rieure pour tous les actes de gestion dans  \nChorus Formulaires pour les d\u00e9penses et les recettes en mati\u00e8re de RH\u00a0;\nArticle   4  \u00a0: D\u00e9l\u00e9gation  de  signature  est  donn\u00e9e  \u00e0  Mme  Nathalie  TOURET,  cheffe  du  \nservice  interminist\u00e9riel  du  budget  et  des  achats,  aux  fins  de  signer  tous  actes,  \ndocuments ou d\u00e9cisions se traduisant par l'ordonnancement secondaire des recettes et  \ndes d\u00e9penses de l'\u00c9tat, relevant des attributions et du fonctionnement du SGCD et  \nimput\u00e9es sur les programmes suivants, \u00e0 concurrence de 30\u00a0000\u00a0\u20ac\u00a0:\n\u25aa 124  \u00ab\u00a0conduite  et  soutien  des  politiques  sanitaires,  sociales,  du  sport,  de  la \njeunesse  et  de  la  vie  associative \u00a0\u00bb,  en  ce  qu'elles  concernent  les  d\u00e9penses  \nd'action sociale\u00a0\u00bb\u00a0;\n\u25aa 134 \u00ab\u00a0d\u00e9veloppement des entreprises\u00a0\u00bb, en ce qu'elles concernent les d\u00e9penses  \nd'action sociale\u00a0;\n\u25aa 148 \u00ab\u00a0fonction publique\u00a0\u00bb\u00a0;\n\u25aa 155 \u00ab\u00a0conception, gestion et \u00e9valuation des politiques de l'emploi et du travail , \nen ce qu'elles concernent les d\u00e9penses d'action sociale\u00a0;\n\u25aa 176 \u00ab\u00a0police nationale\u00a0\u00bb, en ce qu'elles concernent l'action sociale\u00a0; \n                                                                                                                                                                        5/12\nSecr\u00e9tariat g\u00e9n\u00e9ral commun d\u00e9partemental - 83-2026-04-14-00005 - Arr\u00eat\u00e9 n\u00b0SGC/2026/12 portant subd\u00e9l\u00e9gation de signature et\nd'ordonnancement secondaire aux cadres du SGCD du Var 29\n\u25aa 206 \u00ab\u00a0s\u00e9curit\u00e9 et qualit\u00e9 sanitaires de l'alimentation\u00a0\u00bb, en ce qu'elles concernent \nles d\u00e9penses d'action sociale\u00a0;\n\u25aa 207 \u00ab\u00a0S\u00e9curit\u00e9 et \u00e9ducation routi\u00e8res\u00a0\u00bb\n\u25aa 215  \u00ab\u00a0conduite  et  pilotage  des  politiques  de  l'agriculture \u00a0\u00bb,  en  ce  qu'elles  \nconcernent les d\u00e9penses d'action sociale\u00a0;\n\u25aa 216  \u00ab \u00a0conduite  et  pilotage  des  politiques  de  l'Int\u00e9rieur \u00a0\u00bb,  en  ce  qu'elles  \nconcernent  les  d\u00e9penses  d'action  sociale \u00a0et  l'action  6  affaires  juridiques  et  \ncontentieuses\u00a0;\n\u25aa 217 \u00ab\u00a0conduite et pilotage des politiques de l'\u00e9cologie, du d\u00e9veloppement et de  \nla mobilit\u00e9 durables\u00a0\u00bb, en ce qu'elles concernent les d\u00e9penses d'action sociale,  \nm\u00e9dicales et frais de d\u00e9placements et de mission\u00a0;\n\u25aa 232 \u00ab\u00a0Vie politique\u00a0\u00bb en ce qu'elles concernent les d\u00e9penses des \u00e9lections\u00a0; \n\u25aa 348  \u00ab\u00a0r\u00e9novation  des  cit\u00e9s  administratives  et  autres  sites  domaniaux  multi-\noccupants\u00a0\u00bb\u00a0;\n\u25aa 349  \u00ab\u00a0fonds  pour  la  transformation  de  l'action  publique\u00a0\u00bb  pour  la  saisie  des \nexpressions de besoin et la certification du service fait dans Chorus formulaires  \ndes actes juridiques \u00e9ligibles au fonds de transformation de l'action publique\u00a0;\n\u25aa 354 \u00ab\u00a0administration territoriale de l'\u00c9tat\u00a0\u00bb, hors titre 2\u00a0;\n\u25aa 362 \u00ab\u00a0\u00e9cologie\u00a0\u00bb\u00a0;\n\u25aa 363 \u00ab\u00a0comp\u00e9titivit\u00e9\u00a0\u00bb\u00a0;\n\u25aa 723 \u00ab\u00a0op\u00e9rations immobili\u00e8res et entretien des b\u00e2timents de l'\u00c9tat\u00a0\u00bb.\nAinsi que\u00a0:\n\u2022 la validation des demandes d'achat et la  certification d es services faits dans les  \napplications Chorus formulaires et Chorus DT et la consultation dans Chorus  \nCoeur\u00a0;\n\u2022 les actes et documents relevant des march\u00e9s publics;\n\u2022 toutes  les  pi\u00e8ces  relatives  \u00e0  la  programmation  et  au  pilotage  de  l'unit\u00e9  \nop\u00e9rationnelle (UO) 83 des programmes de la r\u00e9gion Provence-Alpes-C\u00f4te d'Azur  \ng\u00e9r\u00e9es par le secr\u00e9tariat g\u00e9n\u00e9ral commun d\u00e9partemental\u00a0;\n\u2022 tous  documents  comptables  n\u00e9cessaires  \u00e0  la  gestion  des  cartes  achats  des  \nporteurs de cartes achats au titre des programmes suivants\u00a0:\n\u25aa 149 \u00ab\u00a0for\u00eat\u00a0\u00bb\u00a0;\n\u25aa 205 \u00ab\u00a0s\u00e9curit\u00e9 et affaires maritimes, p\u00eache et aquaculture\u00a0\u00bb.\n\u25aa 206 \u00ab\u00a0s\u00e9curit\u00e9 et qualit\u00e9 sanitaires de l'alimentation\u00a0\u00bb\u00a0;\n\u25aa 207 \u00ab\u00a0frais de d\u00e9placements et de mission\u00a0\u00bb\n\u25aa 232 \u00ab\u00a0Vie politique\u00a0\u00bb en ce qu'elles concernent les d\u00e9penses des \u00e9lections\u00a0; \n\u25aa 354 \u00ab\u00a0administration territoriale de l'\u00c9tat\u00a0\u00bb\u00a0;\nEn cas d'absence ou d'emp\u00eachement de Mme Nathalie TOURET d\u00e9l\u00e9gation est donn\u00e9e,  \ndans les m\u00eames conditions et sous son contr\u00f4le, \u00e0\u00a0:\nMme Anne RANCEZE, attach\u00e9e d'administration de l'\u00c9tat, adjointe \u00e0 la cheffe du  \nservice  interminist\u00e9riel  du  budget  et  des  achats,  aux  fins  de  signer  tous  actes,  \ndocuments ou d\u00e9cisions se traduisant par l'ordonnancement secondaire des recettes et  \n                                                                                                                                                                        6/12\nSecr\u00e9tariat g\u00e9n\u00e9ral commun d\u00e9partemental - 83-2026-04-14-00005 - Arr\u00eat\u00e9 n\u00b0SGC/2026/12 portant subd\u00e9l\u00e9gation de signature et\nd'ordonnancement secondaire aux cadres du SGCD du Var 30\ndes d\u00e9penses de l'\u00c9tat, relevant des attributions et du fonctionnement du SGCD et  \nimput\u00e9es sur les programmes suivants, \u00e0 concurrence de 30\u00a0000\u00a0\u20ac\u00a0;\n\u25aa 124  \u00ab\u00a0conduite  et  soutien  des  politiques  sanitaires,  sociales,  du  sport,  de  la \njeunesse  et  de  la  vie  associative \u00a0\u00bb,  en  ce  qu'elles  concernent  les  d\u00e9penses  \nd'action sociale\u00a0\u00bb\u00a0;\n\u25aa 134 \u00ab\u00a0d\u00e9veloppement des entreprises\u00a0\u00bb, en ce qu'elles concernent les d\u00e9penses  \nd'action sociale\u00a0;\n\u25aa 148 \u00ab\u00a0fonction publique\u00a0\u00bb\u00a0;\n\u25aa 155 \u00ab\u00a0conception, gestion et \u00e9valuation des politiques de l'emploi et du travail , \nen ce qu'elles concernent les d\u00e9penses d'action sociale\u00a0;\n\u25aa 176 \u00ab\u00a0police nationale\u00a0\u00bb, en ce qu'elles concernent l'action sociale\u00a0; \n\u25aa 206 \u00ab\u00a0s\u00e9curit\u00e9 et qualit\u00e9 sanitaires de l'alimentation\u00a0\u00bb, en ce qu'elles concernent \nles d\u00e9penses d'action sociale\u00a0;\n\u25aa 207 \u00ab\u00a0S\u00e9curit\u00e9 et \u00e9ducation routi\u00e8res\u00a0\u00bb\n\u25aa 215  \u00ab\u00a0conduite  et  pilotage  des  politiques  de  l'agriculture \u00a0\u00bb,  en  ce  qu'elles  \nconcernent les d\u00e9penses d'action sociale\u00a0;\n\u25aa 216  \u00ab \u00a0conduite  et  pilotage  des  politiques  de  l'Int\u00e9rieur \u00a0\u00bb,  en  ce  qu'elles  \nconcernent  les  d\u00e9penses  d'action  sociale \u00a0et  l'action  6  affaires  juridiques  et  \ncontentieuses\u00a0;\n\u25aa 217 \u00ab\u00a0conduite et pilotage des politiques de l'\u00e9cologie, du d\u00e9veloppement et de  \nla mobilit\u00e9 durables\u00a0\u00bb, en ce qu'elles concernent les d\u00e9penses d'action sociale,  \nm\u00e9dicales et frais de d\u00e9placements et de mission\u00a0;\n\u25aa 232 \u00ab\u00a0Vie politique\u00a0\u00bb en ce qu'elles concernent les d\u00e9penses des \u00e9lections\u00a0; \n\u25aa 348  \u00ab\u00a0r\u00e9novation  des  cit\u00e9s  administratives  et  autres  sites  domaniaux  multi-\noccupants\u00a0\u00bb\u00a0;\n\u25aa 349  \u00ab\u00a0fonds  pour  la  transformation  de  l'action  publique\u00a0\u00bb  pour  la  saisie  des \nexpressions de besoin et la certification du service fait dans Chorus formulaires  \ndes actes juridiques \u00e9ligibles au fonds de transformation de l'action publique\u00a0;\n\u25aa 354 \u00ab\u00a0administration territoriale de l'\u00c9tat\u00a0\u00bb, hors titre 2\u00a0;\n\u25aa 362 \u00ab\u00a0\u00e9cologie\u00a0\u00bb\u00a0;\n\u25aa 363 \u00ab\u00a0comp\u00e9titivit\u00e9\u00a0\u00bb\u00a0;\n\u25aa 723 \u00ab\u00a0op\u00e9rations immobili\u00e8res et entretien des b\u00e2timents de l'\u00c9tat\u00a0\u00bb.\nAinsi que\u00a0:\n\u2022 la validation des demandes d'achat et la certification des services faits dans les  \napplications Chorus formulaires et Chorus DT  et la consultation dans Chorus  \nCoeur\u00a0\u00a0;\n\u2022 les actes et documents relevant des march\u00e9s publics;\n\u2022 toutes  les  pi\u00e8ces  relatives  \u00e0  la  programmation  et  au  pilotage  de  l'unit\u00e9  \nop\u00e9rationnelle (UO) 83 des programmes de la r\u00e9gion Provence-Alpes-C\u00f4te d'Azur  \ng\u00e9r\u00e9es par le secr\u00e9tariat g\u00e9n\u00e9ral commun d\u00e9partemental\u00a0;\n\u2022 tous  documents  comptables  n\u00e9cessaires  \u00e0  la  gestion  des  cartes  achats  des  \nporteurs de cartes achats au titre des programmes suivants\u00a0:\n\u25aa 149 \u00ab\u00a0for\u00eat\u00a0\u00bb\u00a0;\n\u25aa 205 \u00ab\u00a0s\u00e9curit\u00e9 et affaires maritimes, p\u00eache et aquaculture\u00a0\u00bb.\n                                                                                                                                                                        7/12\nSecr\u00e9tariat g\u00e9n\u00e9ral commun d\u00e9partemental - 83-2026-04-14-00005 - Arr\u00eat\u00e9 n\u00b0SGC/2026/12 portant subd\u00e9l\u00e9gation de signature et\nd'ordonnancement secondaire aux cadres du SGCD du Var 31\n\u25aa 206 \u00ab\u00a0s\u00e9curit\u00e9 et qualit\u00e9 sanitaires de l'alimentation\u00a0\u00bb\u00a0;\n\u25aa 207 \u00ab\u00a0frais de d\u00e9placements et de mission\u00a0\u00bb\n\u25aa 232 \u00ab\u00a0Vie politique\u00a0\u00bb en ce qu'elles concernent les d\u00e9penses des \u00e9lections\u00a0; \n\u25aa 354 \u00ab\u00a0administration territoriale de l'\u00c9tat\u00a0\u00bb\u00a0;\n\u2022 Mme Audrey HORNBURG,  secr\u00e9taire administrative de classe sup\u00e9rieure , cheffe \ndu p\u00f4le \u00ab\u00a0March\u00e9s et Immobilier\u00a0\u00bb, pour\u00a0:\n\u25aa tous les actes de gestion dans Chorus Coeur, Chorus Formulaires et Chorus DT\n\u25aa tous les actes de gestion (sauf pilotage et programmation) relatifs aux d\u00e9penses\n  immobili\u00e8res sur les programmes suivants\u00a0:\n\u25aa 348  \"r\u00e9novation  des  cit\u00e9s  administratives  et  autres  sites  domaniaux  multi-\noccupants\"\n\u25aa 349 \"fonds pour la transformation de l'action publique\" \n\u25aa 354 \"administration territoriale de l'\u00c9tat\"\n\u25aa 723 \"op\u00e9rations immobili\u00e8res et entretien des b\u00e2timents de l'\u00c9tat\"\net pour les actes et documents relevant des march\u00e9s publics, \u00e0 concurrence de  \n5\u00a0000\u00a0\u20ac\u00a0;\n\u2022 M.  Franck  BOUISSOU,  attach\u00e9  d'administration  de  l'Etat,  chef  du  p\u00f4le  \n\u00ab\u00a0Fonctionnement \u00bb pour:\n\u25e6 tous les actes de gestion dans Chorus C\u0153ur, Chorus Formulaires et Chorus DT, \n\u00e0 concurrence de 5\u00a0000\u00a0\u20ac\u00a0;\n\u25e6 tous  documents comptables n\u00e9cessaires \u00e0 la gestion des cartes achats des  \nporteurs de cartes achats au titre des programmes suivants\u00a0:\n\u2022 124 \u00ab \u00a0conduite et soutien des politiques sanitaires, sociales, du sport, de la  \njeunesse  et  de  la  vie  associative\u00a0\u00bb,  en  ce  qu'elles  concernent  les  d\u00e9penses \nd'action sociale\u00a0\u00bb\u00a0;\n\u2022 149 \u00ab\u00a0for\u00eat\u00a0\u00bb\u00a0;\n\u2022 155 \u00ab\u00a0conception, gestion et \u00e9valuation des politiques de l'emploi et du travail, \nen ce qu'elles concernent les d\u00e9penses d'action sociale\u00a0;\n\u2022 205 \u00ab\u00a0s\u00e9curit\u00e9 et affaires maritimes, p\u00eache et aquaculture\u00a0\u00bb\u00a0;\n\u2022 206 \u00ab\u00a0s\u00e9curit\u00e9 et qualit\u00e9 sanitaires de l'alimentation\u00a0\u00bb\u00a0;\n\u2022 207 \u00ab\u00a0frais de d\u00e9placements et de mission\u00a0\u00bb\n\u2022 215  \u00ab\u00a0conduite  et  pilotage  des  politiques  de  l'agriculture \u00a0\u00bb,  en  ce  qu'elles \nconcernent les d\u00e9penses d'action sociale\u00a0;\n\u2022 216 \u00ab\u00a0conduite et pilotage des politiques de l'int\u00e9rieur\u00a0\u00bb\n\u2022 217 \u00ab\u00a0conduite et pilotage des politiques de l'\u00e9cologie, du d\u00e9veloppement et  \nde  la  mobilit\u00e9  durables\u00a0\u00bb,  en  ce  qu'elles  concernent  les  d\u00e9penses  d'action \nsociale, m\u00e9dicales et frais de d\u00e9placements et de mission\u00a0;\n\u2022 232 \u00ab Vie politique \u00bb en ce qu'elles concernent les d\u00e9penses des \u00e9lections ;\n\u2022 348 \u00ab \u00a0r\u00e9novation des cit\u00e9s administratives et autres sites domaniaux multi-\noccupants\u00a0\u00bb\u00a0;\n\u2022 349 \u00ab \u00a0fonds pour la transformation de l'action publique \u00a0\u00bb pour la saisie des  \nexpressions  de  besoin  et  la  certification  du  service  fait  dans  Chorus  \nformulaires  des  actes  juridiques  \u00e9ligibles  au  fonds  de  transformation  de  \nl'action publique\u00a0;\n                                                                                                                                                                        8/12\nSecr\u00e9tariat g\u00e9n\u00e9ral commun d\u00e9partemental - 83-2026-04-14-00005 - Arr\u00eat\u00e9 n\u00b0SGC/2026/12 portant subd\u00e9l\u00e9gation de signature et\nd'ordonnancement secondaire aux cadres du SGCD du Var 32\n\u2022 354 \u00ab\u00a0administration territoriale de l'\u00c9tat\u00a0\u00bb\u00a0;\n\u2022 723 \u00ab\u00a0op\u00e9rations immobili\u00e8res et entretien des b\u00e2timents de l'\u00c9tat\u00a0\u00bb\n\u2022 Mme Line PEYSSELIER, secr\u00e9taire administrative de classe sup\u00e9rieure; Mme Tania  \nGIANATI-KOULINSKY, secr\u00e9taire administrative de classe normale \u00a0; Mmes Muriel \nGATTI, Mich\u00e8le RAKOTOZAFY, Val\u00e9rie WEISS, et M. St\u00e9phane DENIAU, adjoints  \nadministratifs  principaux;  et  Mmes  Elodie  MIETTE  et  Yolaine  MONI  adjointes  \nadministratives,  pour  tous  les  actes  de  gestion  dans  Chorus  Coeur,  Chorus  \nFormulaires et Chorus DT.\nArticle     5  \u00a0:  D\u00e9l\u00e9gation  de  signature  est  donn\u00e9e  \u00e0  Mme  Pascale  GRAPPIN,  cheffe  du \nservice interminist\u00e9riel de l' \u00a0immobilier, de la logistique, du courrier, et de l'accueil, aux \nfins de signer tous actes, documents ou d\u00e9cisions portant sur la gestion immobili\u00e8re et  \nlogistique des sites de la pr\u00e9fecture et des DDI et sur la gestion du parc automobile, sur  \nla  gestion  du  courrier  et  de  l'accueil,  imput\u00e9es  sur  les  programmes  suivants,  et  \u00e0  \nconcurrence de 5\u00a0000\u00a0\u20ac\u00a0 ainsi que la constatation des services faits:\n\u25aa 148 \"fonction publique\"\n\u25aa 348  \"r\u00e9novation  des  cit\u00e9s  administratives  et  autres  sites  domaniaux  multi-\noccupants\"\n\u25aa 349 \"fonds pour la transformation de l'action publique\" \n\u25aa 354 \"administration territoriale de l'\u00c9tat\"\n\u25aa 362 \u00ab\u00a0\u00e9cologie\u00a0\u00bb\u00a0;\n\u25aa 723  \"op\u00e9rations  immobili\u00e8res  et  entretien  des  b\u00e2timents  de  l'\u00c9tat\"\nEn cas d'absence ou d'emp\u00eachement de Mme Pascale GRAPPIN, d\u00e9l\u00e9gation est donn\u00e9e,  \ndans les m\u00eames conditions et sous son contr\u00f4le \u00e0\u00a0:\n\u2022 M. Jean-Paul CURT, ouvrier des parcs et ateliers - technicien niveau 3, chef de  \nservice adjoint, pour les actes, documents et d\u00e9penses relevant de son service, \u00e0  \nconcurrence de 5\u00a0000\u00a0\u20ac\u00a0 et pour la constatation des services faits ;\n\u2022 M.  Jean-Guy  CHRISTOPHE,  contr\u00f4leur  des  services  techniques  de  classe  \nsup\u00e9rieure,  chef  du  P\u00f4le  Logistique,  pour  les  actes,  documents  et  d\u00e9penses  \nrelevant  de  son  unit\u00e9,  \u00e0  concurrence  de  2\u00a0500\u00a0\u20ac  et  pour  la  constatation  des \nservices faits ;\n\u2022 M. Julien MARCELLE, contr\u00f4leur des services techniques de classe sup\u00e9rieure, chef \nde  p\u00f4le  Logistique  adjoint,  responsable  du  Parc  Automobile,  pour  les  actes,  \ndocuments et d\u00e9penses relevant de son unit\u00e9, \u00e0 concurrence de 2 \u00a0500\u00a0\u20ac\u00a0 et pour \nla constatation des services faits ;\n\u2022 M. Laurent GUISEPPI, contr\u00f4leur des services techniques de classe normale, chef  \nde site Toulon-Brignoles, pour les actes, documents et d\u00e9penses relevant de son  \nunit\u00e9, \u00e0 concurrence de 2\u00a0500\u00a0\u20ac et pour la constatation des services faits\u00a0;\n\u2022 Mme  Fr\u00e9d\u00e9rique  NAUDOU,  adjointe  administrative  principale  de  2\u00e8me   classe,  \nresponsable du p\u00f4le Courrier-Accueil de tout le p\u00e9rim\u00e8tre de l'ATE dans le Var,  \npour les actes, documents et d\u00e9penses relevant de son p\u00f4le, \u00e0 concurrence de \n                                                                                                                                                                        9/12\nSecr\u00e9tariat g\u00e9n\u00e9ral commun d\u00e9partemental - 83-2026-04-14-00005 - Arr\u00eat\u00e9 n\u00b0SGC/2026/12 portant subd\u00e9l\u00e9gation de signature et\nd'ordonnancement secondaire aux cadres du SGCD du Var 33\n2\u00a0500\u00a0\u20ac\u00a0et pour la constatation des services faits\u00a0;\n\u2022 M. Fabrice VALERE, contr\u00f4leur des services techniques de classe normale, chef de \nsite Draguignan-Saint Tropez, pour les actes, documents et d\u00e9penses relevant de  \nson unit\u00e9, \u00e0 concurrence de 2\u00a0500\u00a0\u20ac et pour la constatation des services faits\u00a0;\n\u2022 Mme Sophie BERANGER, secr\u00e9taire administrative de classe sup\u00e9rieure, charg\u00e9e  \nde mission immobilier, s'agissant de la constatation des \u00ab \u00a0services faits \u00bb par les  \nentreprises prestataires ext\u00e9rieures\u00a0;\n\u2022 M.  Fabrice  ALLEGRINI,  contr\u00f4leur  des  services  techniques  de  classe  \nexceptionnelle, charg\u00e9 de mission immobilier, s'agissant de la constatation des  \n\u00ab\u00a0services faits\u00bb par les entreprises prestataires ext\u00e9rieures\u00a0;\n\u2022 M. Georges JOLO, adjoint technique principal de 2 \u00e8me classe, agent technique du  \nsite de la pr\u00e9fecture et des sous-pr\u00e9fectures, s'agissant de la constatation des  \n\u00ab\u00a0services faits\u00bb par les entreprises prestataires ext\u00e9rieures \u00a0dans son p\u00e9rim\u00e8tre  \nd'intervention ;\n\u2022 M.  Gerald  VANDENBROEK,  adjoint  technique  principal  de  2 \u00e8me classe,  agent  \ntechnique  du  site  de  la  pr\u00e9fecture  et  des  sous-pr\u00e9fectures,  s'agissant  de  la  \nconstatation des \u00ab\u00a0services faits\u00bb par les entreprises prestataires ext\u00e9rieures \u00a0dans \nson p\u00e9rim\u00e8tre d'intervention ;\n\u2022 Mme Coralie FERNANDO, contr\u00f4leur des services techniques de classe normale,  \nagent technique du site de la DDTM de Toulon, s'agissant de la constatation des  \n\u00ab\u00a0services faits \u00bb par les entreprises prestataires ext\u00e9rieures \u00a0dans son p\u00e9rim\u00e8tre  \nd'intervention ;\n\u2022 M. Said LARABI, adjoint technique principal de 1 \u00e8re classe, agent technique du site \nDDI DDTM Draguignan, s'agissant de la constatation des \u00ab \u00a0services faits\u00bb par les  \nentreprises prestataires ext\u00e9rieures\u00a0dans son p\u00e9rim\u00e8tre d'intervention ;\nArticle   6  \u00a0: D\u00e9l\u00e9gation est donn\u00e9e \u00e0 M. Herv\u00e9 MARCY, chef du service interminist\u00e9riel  \nd\u00e9partemental des syst\u00e8mes d'information et de communication (SIDSIC) \u00a0, aux fins de  \nsigner tous actes, contrats, documents ou d\u00e9cisions pour l'ordonnancement secondaire  \ndes d\u00e9penses relevant de l'exercice des attributions de cette unit\u00e9, dans la limite de  \n30\u00a0000\u00a0\u20ac et imput\u00e9es sur les programmes suivants\u00a0:\n\u2022 216 \u00ab\u00a0conduite et pilotage des politiques de l'Int\u00e9rieur\u00a0\u00bb\u00a0;\n\u2022 348  \u00ab\u00a0r\u00e9novation  des  cit\u00e9s  administratives  et  autres  sites  domaniaux  multi-\noccupants\u00a0\u00bb\u00a0pour les d\u00e9penses propres au domaine des syst\u00e8mes d'information  \net de communication, toutes entit\u00e9s confondues\u00a0;\n\u2022 349 \u00ab\u00a0fonds pour la transformation de l'action publique\u00a0\u00bb\u00a0;\n\u2022 354 \u00ab\u00a0administration territoriale de l'\u00c9tat\u00a0\u00bb pour les d\u00e9penses propres au domaine \ndes syst\u00e8mes d'information et de communication, toutes entit\u00e9s confondues\u00a0;\n\u2022 363 \u00ab\u00a0comp\u00e9titivit\u00e9\u00a0\u00bb\u00a0;\n                                                                                                                                                                        10/12\nSecr\u00e9tariat g\u00e9n\u00e9ral commun d\u00e9partemental - 83-2026-04-14-00005 - Arr\u00eat\u00e9 n\u00b0SGC/2026/12 portant subd\u00e9l\u00e9gation de signature et\nd'ordonnancement secondaire aux cadres du SGCD du Var 34\n\u2022 723 \u00ab \u00a0contribution aux d\u00e9penses immobili\u00e8res \u00a0\u00bb pour les d\u00e9penses de travaux  \npropres au domaine des syst\u00e8mes d'information et de communication.\nEn cas d'absence ou d'emp\u00eachement de M. Herv\u00e9 MARCY, la d\u00e9l\u00e9gation de signature qui \nlui est accord\u00e9e au titre du pr\u00e9sent article est exerc\u00e9e par M. Omar HAMEL, ing\u00e9nieur  \ndes  syst\u00e8mes  d'information  et  de  communication,  adjoint  au  chef  de  service  \ninterminist\u00e9riel dans la limite de 5\u00a0000\u00a0\u20ac.\nEn cas d'absence de MM. Herv\u00e9 MARCY et Omar HAMEL, d\u00e9l\u00e9gation est donn\u00e9e, dans  \nles m\u00eames conditions, \u00e0 Mme Alexandra POLI, ing\u00e9nieure des syst\u00e8mes d'information et  \nde communication, dans la limite de 5\u00a0000\u00a0\u20ac.\nArticle 7\u00a0: M. S\u00e9bastien ODDONE attribue une carte d'achat nominative aux porteurs de \ncarte d'achat list\u00e9s dans le tableau en annexe 1 du pr\u00e9sent arr\u00eat\u00e9, afin de l'utiliser dans  \nle cadre de leurs attributions, comp\u00e9tences et dans la limite fix\u00e9e.\nArticle 8  \u00a0  :   Toute disposition ant\u00e9rieure contraire \u00e0 celles du pr\u00e9sent arr\u00eat\u00e9, est abrog\u00e9e \u00e0 \ncompter de sa publication. \nL'arr\u00eat\u00e9 pr\u00e9fectoral n\u00b0 SGC/2026 \u2013 du 3 f\u00e9vrier 2026 portant subd\u00e9l\u00e9gation de signature  \net  d'ordonnancement  secondaire  aux  cadres  du  secr\u00e9tariat  g\u00e9n\u00e9ral  commun  \nd\u00e9partemental du Var est abrog\u00e9.\nArticle     9  \u00a0: Le directeur du secr\u00e9tariat g\u00e9n\u00e9ral commun d\u00e9partemental est charg\u00e9 de  \nl'ex\u00e9cution du pr\u00e9sent arr\u00eat\u00e9, qui sera publi\u00e9 au recueil des actes administratifs de la  \npr\u00e9fecture.\n  Fait \u00e0 Toulon, le 14 avril 2026\nPour Le Pr\u00e9fet et par d\u00e9l\u00e9gation\nLe directeur du secr\u00e9tariat\ng\u00e9n\u00e9ral commun d\u00e9partemental\nsign\u00e9\n  S\u00e9bastien ODDONE\n                                                                                                                                                                        11/12\nSecr\u00e9tariat g\u00e9n\u00e9ral commun d\u00e9partemental - 83-2026-04-14-00005 - Arr\u00eat\u00e9 n\u00b0SGC/2026/12 portant subd\u00e9l\u00e9gation de signature et\nd'ordonnancement secondaire aux cadres du SGCD du Var 35\nANNEXE 1\nListe nominative des porteurs de carte achat du secr\u00e9tariat g\u00e9n\u00e9ral commun\u00a0\nd\u00e9partemental du Var\nCHRISTOPHE\u00a0\u00a0\u00a0\u00a0\u00a0\u00a0\u00a0\u00a0\u00a0\u00a0\u00a0\u00a0\u00a0\u00a0\u00a0\u00a0\u00a0\u00a0\u00a0\u00a0 JEAN-GUY\u00a0\nCURT\u00a0\u00a0\u00a0\u00a0\u00a0\u00a0\u00a0\u00a0\u00a0\u00a0\u00a0\u00a0\u00a0\u00a0\u00a0\u00a0\u00a0\u00a0\u00a0\u00a0\u00a0\u00a0\u00a0\u00a0\u00a0\u00a0 JEAN\u00a0PAUL\u00a0\nVALERE\u00a0\u00a0\u00a0\u00a0\u00a0\u00a0\u00a0\u00a0\u00a0\u00a0\u00a0\u00a0\u00a0\u00a0\u00a0\u00a0\u00a0\u00a0\u00a0\u00a0\u00a0\u00a0\u00a0\u00a0 FABRICE\u00a0\nWEISS\u00a0\u00a0\u00a0\u00a0\u00a0\u00a0\u00a0\u00a0\u00a0\u00a0\u00a0\u00a0\u00a0\u00a0\u00a0\u00a0\u00a0\u00a0\u00a0\u00a0\u00a0\u00a0\u00a0\u00a0\u00a0 VALERIE\u00a0\nMARCY\u00a0\u00a0\u00a0\u00a0\u00a0\u00a0\u00a0\u00a0\u00a0\u00a0\u00a0\u00a0\u00a0\u00a0\u00a0\u00a0\u00a0\u00a0\u00a0\u00a0\u00a0\u00a0\u00a0 HERVE\u00a0\n                                                                                                                                                                        12/12\nSecr\u00e9tariat g\u00e9n\u00e9ral commun d\u00e9partemental - 83-2026-04-14-00005 - Arr\u00eat\u00e9 n\u00b0SGC/2026/12 portant subd\u00e9l\u00e9gation de signature et\nd'ordonnancement secondaire aux cadres du SGCD du Var 36\nSecr\u00e9tariat g\u00e9n\u00e9ral commun d\u00e9partemental\n83-2026-04-15-00005\nArr\u00eat\u00e9 n\u00b0SGC/2026/13 fixant la nouvelle\nd\u00e9signation des membres de la FS du CSA de la\nDDETS du Var\nSecr\u00e9tariat g\u00e9n\u00e9ral commun d\u00e9partemental - 83-2026-04-15-00005 - Arr\u00eat\u00e9 n\u00b0SGC/2026/13 fixant la nouvelle d\u00e9signation des\nmembres de la FS du CSA de la DDETS du Var 37\nPREFETDU VARLibert\u00e9Egalit\u00e9Fraternit\u00e9\nSecr\u00e9tariat g\u00e9n\u00e9ral commun d\u00e9partemental\nARR\u00caTE N\u00b0SGC/2026/13\nFixant la nouvelle d\u00e9signation des membres de la formation sp\u00e9cialis\u00e9e (FS) du comit\u00e9 social \nd'administration (CSA) de la Direction D\u00e9partementale de l'Emploi, du Travail et des Solidarit\u00e9s \n(DDETS) du Var\nLe pr\u00e9fet du Var,\nVu le code g\u00e9n\u00e9ral de la fonction publique ;\nVu le  d\u00e9cret  n\u00b0  2009-1484  du  3  d\u00e9cembre  2009  relatif  aux  directions  d\u00e9partementales  \ninterminist\u00e9rielles\u00a0;\nVu le d\u00e9cret n\u00b02020-1427 du 20 novembre 2020 relatif aux comit\u00e9s sociaux d'administration  \ndans les administrations et les \u00e9tablissements publics de l'\u00c9tat\u00a0;\nVu l'arr\u00eat\u00e9 du 3 juin 2022 instituant des comit\u00e9s sociaux d'administration au sein du minist\u00e8re  \nde l'int\u00e9rieur et des outre-mer ;\nVu l'arr\u00eat\u00e9 du 6 octobre 2022 relatif aux modalit\u00e9s d'organisation du vote \u00e9lectronique par  \ninternet pour l'\u00e9lection des repr\u00e9sentants du personnel au sein des instances de repr\u00e9sentation  \ndu minist\u00e8re de l'int\u00e9rieur et des outre-mer ;\nVu l'arr\u00eat\u00e9  NOR  TFPX2234445A  du  30  novembre  2022  modifiant  l'arr\u00eat\u00e9  du  9  mars  2022  \nportant d\u00e9rogation \u00e0 l'utilisation du vote \u00e9lectronique en vue du prochain renouvellement  \ng\u00e9n\u00e9ral des instances de dialogue social dans la fonction publique de l'\u00c9tat ;\nVu le proc\u00e8s-verbal de d\u00e9pouillement et de proclamation des r\u00e9sultats du 8 d\u00e9cembre 2022 ;\nVu l'arr\u00eat\u00e9 pr\u00e9fectoral n\u00b02026/11 du 25 mars 2026 fixant la nouvelle d\u00e9signation des membres  \nde  la  formation  sp\u00e9cialis\u00e9e  (FS)  du  comit\u00e9  social  d'administration  (CSA)  de  la  Direction  \nD\u00e9partementale de l'Emploi, du Travail et des Solidarit\u00e9s (DDETS) du Var ;\nConsid\u00e9rant la  perte  de  la  qualit\u00e9  de  repr\u00e9sentante  titulaire  au  titre  du  syndicat  FO  de  \nMadame\u00a0Brigitte  GLANZBERG-PIRIOU  \u00e0  la  formation  sp\u00e9cialis\u00e9e  (FS)  du  comit\u00e9  social  \nd'administration (CSA) de la Direction D\u00e9partementale de l'Emploi, du Travail et des Solidarit\u00e9s  \n(DDETS) du Var, au motif qu'elle ne remplit plus les conditions d'\u00e9ligibilit\u00e9 fix\u00e9es \u00e0 l'article\u00a0\nR-211-19 du code g\u00e9n\u00e9ral de la fonction publique, suite \u00e0 son d\u00e9part \u00e0 la retraite le 20 f\u00e9vrier  \n2026\u00a0; \nSecr\u00e9tariat g\u00e9n\u00e9ral commun d\u00e9partemental - 83-2026-04-15-00005 - Arr\u00eat\u00e9 n\u00b0SGC/2026/13 fixant la nouvelle d\u00e9signation des\nmembres de la FS du CSA de la DDETS du Var 38\nConsid\u00e9rant le mail de Mme Corinne CESARI, secr\u00e9taire d\u00e9partementale FO/DDETS83 en date  \ndu  07  avril  2026,  d\u00e9signant  Mesdames  Brigitte  COGNARD  et  Val\u00e9rie  FRANCIOSA  comme  \nrepr\u00e9sentantes titulaires et Monsieur Max GUILLAUME comme repr\u00e9sentant suppl\u00e9ant au titre  \ndu syndicat FO  \u00e0 la formation sp\u00e9cialis\u00e9e (FS) du comit\u00e9 social d'administration (CSA) de la  \nDirection D\u00e9partementale de l'Emploi, du Travail et des Solidarit\u00e9s (DDETS) du Var ;\nSur proposition de la directrice d\u00e9partementale de l'emploi, du travail et des solidarit\u00e9s du  \nVar\u00a0;\nARR\u00caTE\nArticle 1er\n: L'arr\u00eat\u00e9 pr\u00e9fectoral n\u00b02026/11 du 25 mars 2026 portant d\u00e9signation des membres  \nde  la  formation  sp\u00e9cialis\u00e9e  (FS)  du  comit\u00e9  social  d'administration  (CSA)  de  la  Direction  \nD\u00e9partementale de l'Emploi, du Travail et des Solidarit\u00e9s (DDETS) du Var est abrog\u00e9.\nArticle 2: La nouvelle composition de la formation sp\u00e9cialis\u00e9e est \u00e9tablie comme suit\u00a0: \nMembres titulaires Membres suppl\u00e9ants\nAu titre de la CFDT\nDI PLACIDO Mireille BOITEL J\u00e9r\u00f4me\nSENNAVOINE Sidonie MONNE Myriam\nAu titre de FO\nCOGNARD Brigitte GUILLAUME Max\nFRANCIOSA Val\u00e9rie\nAu titre de UFSE-CGT Solidaires\nDE FARIA Vivien -\nArticle 3 : Le pr\u00e9sent arr\u00eat\u00e9 sera notifi\u00e9 aux membres du CSA FS de la DDETS du Var.\nArticle 4 : La directrice de la DDETS est charg\u00e9e de l'ex\u00e9cution du pr\u00e9sent arr\u00eat\u00e9.\nArticle 5 : En vertu des articles R 421-1 \u00e0 R 421-5 du code de justice administrative, le pr\u00e9sent  \nacte peut faire l'objet d'un recours pour exc\u00e8s de pouvoir devant le tribunal administratif de  \nToulon \u2014 5 rue Racine - CS 40510 - 83041 Toulon Cedex 9 - dans un d\u00e9lai de deux mois \u00e0  \ncompter  de  sa  notification.  Le  tribunal  administratif  peut  \u00eatre  saisi  par  l'application  \ninformatique \"T\u00e9l\u00e9recours citoyens\" accessible par le site internet www.telerecours.fr.\n Fait \u00e0 Toulon, le 15 avril 2026\nLa\u00a0directrice\u00a0d\u00e9partementale\n\u00a0\u00a0\u00a0\u00a0de\u00a0l'emploi,\u00a0du\u00a0travail\n\u00a0\u00a0\u00a0\u00a0\u00a0et\u00a0des\u00a0solidarit\u00e9s\u00a0du\u00a0Var\n\u00a0\u00a0\u00a0\u00a0\u00a0\u00a0\u00a0\u00a0\u00a0\u00a0\u00a0\u00a0\u00a0\u00a0\u00a0sign\u00e9\nSandrine\u00a0POLYCHRONOPOULOS\nSecr\u00e9tariat g\u00e9n\u00e9ral commun d\u00e9partemental - 83-2026-04-15-00005 - Arr\u00eat\u00e9 n\u00b0SGC/2026/13 fixant la nouvelle d\u00e9signation des\nmembres de la FS du CSA de la DDETS du Var 39\nSecr\u00e9tariat g\u00e9n\u00e9ral commun d\u00e9partemental - 83-2026-04-15-00005 - Arr\u00eat\u00e9 n\u00b0SGC/2026/13 fixant la nouvelle d\u00e9signation des\nmembres de la FS du CSA de la DDETS du Var 40\nSecr\u00e9tariat g\u00e9n\u00e9ral commun d\u00e9partemental\n83-2026-04-07-00012\nAvenant de r\u00e9siliation  CDU 083-2021-0011\nSecr\u00e9tariat g\u00e9n\u00e9ral commun d\u00e9partemental - 83-2026-04-07-00012 - Avenant de r\u00e9siliation  CDU 083-2021-0011 41\nREPUBLIQUEFRANCAISELibert\u00e9Egalit\u00e9Fraternit\u00e9\nPR\u00c9FECTURE DU VAR\n-:-\u00a0:-\u00a0:-\nAVENANT\u00a0DE\u00a0R\u00c9SILIATION\nCONVENTION\u00a0D'UTILISATION\n\u00a0N\u00b0083-2021-0011\n-:-\u00a0:-\u00a0:-\nToulon, le 7 avril 2026\nLes soussign\u00e9s :\n1\u00b0- L'administration charg\u00e9e des domaines, repr\u00e9sent\u00e9e par Monsieur Jean-Michel BLANCHARD,  \nDirecteur D\u00e9partemental des Finances Publiques du Var, dont les bureaux sont \u00e0 Toulon, Centre  \nMayol, Place Besagne, CS 91409, stipulant en vertu de la d\u00e9l\u00e9gation de signature du pr\u00e9fet qui lui a  \n\u00e9t\u00e9 consentie par arr\u00eat\u00e9 n\u00b02025/21/MCI du 2 juin 2025, ci-apr\u00e8s d\u00e9nomm\u00e9e le propri\u00e9taire,\nD'une part,\n2\u00b0-  La Direction d\u00e9partementale de la protection des populations, dont les bureaux sont \u00e0 Toulon  \n(83000),  98  rue  de  Montebello,  Cit\u00e9  administrative  Les  Lices,  repr\u00e9sent\u00e9e  par  Mme  Nathalie \nGUERSON, Directrice de la protection des populations du Var, ci-apr\u00e8s d\u00e9nomm\u00e9e l'utilisateur,\nD'autre part,\nse sont pr\u00e9sent\u00e9s devant nous, Pr\u00e9fet du d\u00e9partement du Var, et sont convenus du dispositif suivant :\nSecr\u00e9tariat g\u00e9n\u00e9ral commun d\u00e9partemental - 83-2026-04-07-00012 - Avenant de r\u00e9siliation  CDU 083-2021-0011 42\nObjet\u00a0\nConform\u00e9ment aux articles R.2313-1 \u00e0 R.2313-5 du Code G\u00e9n\u00e9ral de la Propri\u00e9t\u00e9 des Personnes  \nPubliques et \u00e0 la suite du regroupement en 2025 de l'ensemble des services de la DDPP au sein de  \nla cit\u00e9 administrative des Lices, 98 rue Montebello,83000 Toulon, il est mis fin \u00e0 la convention  \nd'utilisation n\u00b0083-2021-0011, sign\u00e9e le 3 ao\u00fbt 2021.\nArticle\u00a0unique\nLa pr\u00e9sente convention prend fin de plein droit \u00e0 la date du 24 f\u00e9vrier 2025.\nUn exemplaire du pr\u00e9sent acte est conserv\u00e9 \u00e0 la pr\u00e9fecture. \nSignataires \nLe repr\u00e9sentant de l'Administration charg\u00e9e du Domaine\nSign\u00e9\nLe DDFIP du Var\nService Local du Domaine\nPar d\u00e9l\u00e9gation,\nL'Inspectrice Divisionnaire\nMarie-Christine BELLUOT\nLe repr\u00e9sentant du service utilisateur \nSign\u00e9\nLe directeur d\u00e9partemental adjoint\nde la protection des populations,\nJean-Fran\u00e7ois CARRI\u00c9\nLe Pr\u00e9fet du Var\nSign\u00e9\nPour le Pr\u00e9fet et par d\u00e9l\u00e9gation\nLe secr\u00e9taire g\u00e9n\u00e9ral\nLucien GIUDICELLI\nSecr\u00e9tariat g\u00e9n\u00e9ral commun d\u00e9partemental - 83-2026-04-07-00012 - Avenant de r\u00e9siliation  CDU 083-2021-0011 43","date":"2026-04-16","first_seen_on":"2026-04-16T19:06:26+00:00","id":"300090bf71c9a20dc48ad6209c1ab9da6ea1c5079d7f607acea61ed6fd84de95","name":"RAA N\u00b0129 du 16 avril 2026","pdf_creation_date":"2026-04-16T15:42:00+00:00","pdf_modification_date":null,"timezone":"Europe/Paris","url":"https://www.var.gouv.fr/contenu/telechargement/46068/300137/file/RAA%20N%C2%B0129%20du%2016%20avril%202026%20NOMITATIF%20.pdf"}
