{"administration":"pref50","administration_name":"Pr\u00e9fecture de la Manche","content":"1\nRECUEIL DES ACTES\nADMINISTRATIFS\n\uf0bf \uf0bf \uf0bf\nDELEGATIONS DE SIGNATURE\ndonn\u00e9es par\nM. Xavier BRUNETIERE\nPr\u00e9fet de la Manche\nChevalier de l'Ordre National du M\u00e9rite\n\uf0bf \uf0bf \uf0bf\nArr\u00eat\u00e9 du 11 septembre 2023\nsign\u00e9s par le Pr\u00e9fet de la Manche :\nM. Xavier BRUNETIERE\nNUM\u00c9RO SP\u00c9CIAL N\u00b0 7\n\uf0bf \uf0bf \uf0bf\nLE CONTENU INT\u00c9GRAL DES TEXTES ET/OU LES DOCUMENTS ET PLANS ANNEX\u00c9S\npeut \u00eatre consult\u00e9 aupr\u00e8s du service sous le timbre duquel la publication est r\u00e9alis\u00e9e et sur le site Internet de la pr\u00e9fecture :\nhttp ://www.manche.gouv.fr\nRUBRIQUE : PUBLICATION - ANNONCES ET AVIS - RECUEIL DES ACTES ADMINISTRATIFS\n\n2\nS O M M A I R E\nI \u2013 DELEGATIONS DE SIGNATURE................................................................................................................................................................................2\nDIRECTION D\u00c9PARTEMENTALE DES FINANCES PUBLIQUES.....................................................................................................................................................2\nArr\u00eat\u00e9 n\u00b0 2023 \u2013 90 \u2013 VN du 11 septembre 2023 portant d\u00e9l\u00e9gation de signature des actes relevant du pouvoir adjudicateur.................................2\n\uf0bf\nI \u2013 DELEGATIONS DE SIGNATURE\nC - SERVICES DECONCENTRES DE L'ETAT\n\uf0bf\nDirection D\u00e9partementale des Finances Publiques \nArr\u00eat\u00e9 n\u00b0 2023 \u2013 90 \u2013 VN du 11 septembre 2023 portant d\u00e9l\u00e9gation de signature des actes relevant du pouvoir adjudicateur\nVu le code des march\u00e9s publics ;\nVu la loi n\u00b0 82-213 du 2 mars 1982 relative aux droits et libert\u00e9s des communes, des d\u00e9partements et des r\u00e9gions ;\nVu la loi d'orientation n\u00b0 92-125 du 6 f\u00e9vrier 1992 relative \u00e0 l'administration territoriale de la R\u00e9publique ;\nVu le d\u00e9cret n\u00b0 2015-510 du 7 mai 2015 portant charte de la d\u00e9concentration ;\nVu le d\u00e9cret n\u00b0 2004-374 du 29 avril 2004 modifi\u00e9 relatif aux pouvoirs des pr\u00e9fets, \u00e0 l'organisation et \u00e0 l'action des services de l'\u00c9tat dans les\nr\u00e9gions et les d\u00e9partements ;\nVu le d\u00e9cret n\u00b0 2009-208 du 20 f\u00e9vrier 2009 relatif au statut particulier des administrateurs des finances publiques ;\nVu le d\u00e9cret n\u00b0 2009-707 du 16 juin 2009 modifi\u00e9 relatif aux services d\u00e9concentr\u00e9s de la direction g\u00e9n\u00e9rale des finances publiques ;\nVu le d\u00e9cret n\u00b0 2012-1246 du 7 novembre 2012 modifi\u00e9 relatif \u00e0 la gestion budg\u00e9taire et comptable publique ;\nVu le d\u00e9cret du 13 juillet 2023 portant nomination de M. Xavier BRUNETIERE, pr\u00e9fet de la Manche ;\nVu le d\u00e9cret en date du 13 f\u00e9vrier 2021 portant promotion, nomination, affectation et renouvellement de d\u00e9tachement d'administrateurs g\u00e9n\u00e9raux\ndes finances publiques et nommant M. Herv\u00e9 BRABANT, administrateur g\u00e9n\u00e9ral des finances publiques de classe normale, directeur d\u00e9partemental\ndes finances publiques ;\nVu le d\u00e9cret du 17 juillet 2023 portant int\u00e9gration de M. Herv\u00e9 BRABANT, dans le corps des administrateurs de l'\u00c9tat \u00e0 compter du 1er janvier\n2023 ;\nVu l'arr\u00eat\u00e9 du 28 juin 2021 portant r\u00e9int\u00e9gration de M. Emmanuel BAZIN, administrateur des finances publiques adjoint au sein de la direction\ng\u00e9n\u00e9rale des finances publiques, et l'affectant \u00e0 la direction d\u00e9partementale des finances publiques de la Manche en qualit\u00e9 de responsable du p\u00f4le\n\u00ab Ressources humaines et moyens \u00bb au 1er septembre 2021 ;\nVu  l'arr\u00eat\u00e9  pr\u00e9fectoral  du  23  ao\u00fbt  2023  portant  d\u00e9l\u00e9gation  de  signature  en  mati\u00e8re d'ordonnancement  secondaire  \u00e0 M.  Emmanuel  BAZIN,\nadministrateur des finances  publiques  adjoint,  responsable du p\u00f4le \u00ab  Ressources humaines et moyens  \u00bb de la direction d\u00e9partementale des\nfinances publiques de la Manche ;\nConsid\u00e9rant l'erreur mat\u00e9rielle dans l'arr\u00eat\u00e9 pr\u00e9fectoral du 23 ao\u00fbt 2023 ;\nArt. 1 : D\u00e9l\u00e9gation est donn\u00e9e \u00e0 M. Herv\u00e9 BRABANT, directeur d\u00e9partemental des finances publiques, \u00e0 l'effet de signer, dans la mesure o\u00f9 ils\nrel\u00e8vent de ses attributions, dans la limite l\u00e9gale des march\u00e9s pass\u00e9s, les actes relevant du pouvoir adjudicateur, \u00e0 l'exception de ceux portant\nengagement, liquidation et ordonnancement au sens du d\u00e9cret n\u00b0 2012-1246 du 7 novembre 2012 modifi\u00e9 relatif \u00e0 la gestion budg\u00e9taire et\ncomptable publique.\nArt. 2  : D\u00e9l\u00e9gation est donn\u00e9e \u00e0 M. Emmanuel BAZIN, responsable du p\u00f4le \u00ab  Ressources humaines et moyens  \u00bb, \u00e0 l'effet de signer, dans la\nmesure o\u00f9 ils rel\u00e8vent de ses attributions, dans la limite l\u00e9gale des march\u00e9s pass\u00e9s, les actes d'ordonnancement secondaire, dans les limites de\nl'arr\u00eat\u00e9 pr\u00e9fectoral du 23 ao\u00fbt 2023, et relevant du pouvoir adjudicateur.\nArt. 3: Toute disposition ant\u00e9rieure est abrog\u00e9e.\nSign\u00e9 : Le Pr\u00e9fet : Xavier BRUNETIERE\n\uf0bf\nD\u00e9partement de la Manche - Imprimerie administrative\nDirecteur de la publication : Mme la Secr\u00e9taire g\u00e9n\u00e9rale de la pr\u00e9fecture","date":"2023-09-13","first_seen_on":"2025-07-18T12:34:30+00:00","id":"304dd5abbd2985c734300118365b6e30300ec748e97411f7f1ca0f60a9252b54","name":"RAA sp\u00e9cial d\u00e9l\u00e9gations de signature n\u00b0 7","pdf_creation_date":"2023-09-13T10:52:30+00:00","pdf_modification_date":null,"timezone":"Europe/Paris","url":"https://www.manche.gouv.fr/contenu/telechargement/57766/448292/file/RAA%20sp%C3%A9cial%20d%C3%A9l%C3%A9gation%20de%20signature%20n%C2%B07.pdf"}
