{"administration":"pref13","administration_name":"Pr\u00e9fecture des Bouches-du-Rh\u00f4ne","content":"BOUCHES-DU-\nRH\u00d4NE\nRECUEIL DES ACTES\nADMINISTRATIFS SP\u00c9CIAL\n(NOMINATIFS)\nN\u00b013-2026-059\nPUBLI\u00c9 LE 24 F\u00c9VRIER 2026\nSommaire\nDirection d\u00e9partementale de la protection des populations 13 /\n13-2026-02-23-00018 - Arr\u00eat\u00e9 pr\u00e9fectoral du 13 f\u00e9vrier 2026, levee ZI\nFS - Etang de Taute (2 pages) Page 3\n2\nDirection d\u00e9partementale de la protection des\npopulations 13\n13-2026-02-23-00018\nArr\u00eat\u00e9 pr\u00e9fectoral du 13 f\u00e9vrier 2026, levee ZI FS\n- Etang de Taute\nDirection d\u00e9partementale de la protection des populations 13 - 13-2026-02-23-00018 - Arr\u00eat\u00e9 pr\u00e9fectoral du 13 f\u00e9vrier 2026, levee ZI\nFS - Etang de Taute 3\nEsPREFETDES BOUCHES-DU-RHONELibert\u00e9Egalit\u00e9Fraternit\u00e9\nArr\u00eat\u00e9 pr\u00e9fectoral du 13 f\u00e9vrier 2026\nabrogeant un arr\u00eat\u00e9 pr\u00e9fectoral d\u00e9finissant une zone d'application de mesures suppl\u00e9mentaires \nde pr\u00e9vention du risque de propagation du virus de l'influenza aviaire hautement pathog\u00e8ne dans \nl'avifaune sauvage et d'introduction du virus dans les \u00e9tablissements d\u00e9tenant des volailles et \noiseaux captifs\nLe Pr\u00e9fet de la r\u00e9gion Provence-Alpes-C\u00f4te-d'Azur, \nPr\u00e9fet de la Zone de D\u00e9fense et S\u00e9curit\u00e9 Sud, \nPr\u00e9fet des Bouches-Du-Rh\u00f4ne, \nVU le r\u00e8glement (UE) 2016/429 du Parlement Europ\u00e9en et du Conseil du 9 mars 2016 relatif aux \nmaladies animales transmissibles et modifiant et abrogeant certains actes dans le domaine  \nde la sant\u00e9 animale (\u00ab\u00a0l\u00e9gislation sur la sant\u00e9 animale\u00a0\u00bb)\u00a0;\nVU le  r\u00e8glement  d'ex\u00e9cution  (UE)  2018/1882  de  la  Commission  du  3  d\u00e9cembre  2018  sur  \nl'application de certaines dispositions en mati\u00e8re de pr\u00e9vention et de lutte contre les  \nmaladies \u00e0 des cat\u00e9gories de maladies r\u00e9pertori\u00e9es et \u00e9tablissant une liste des esp\u00e8ces et  \ndes  groupes  d'esp\u00e8ces  qui  pr\u00e9sentent  un  risque  consid\u00e9rable  du  point  de  vue  de  la  \npropagation de ces maladies r\u00e9pertori\u00e9es\u00a0;\nVU le r\u00e8glement d\u00e9l\u00e9gu\u00e9 (UE) 2020/687 de la Commission du 17 d\u00e9cembre 2019 compl\u00e9tant le  \nr\u00e8glement (UE) 2016/429 du Parlement europ\u00e9en et du Conseil en ce qui concerne les  \nr\u00e8gles relatives \u00e0 la pr\u00e9vention de certaines maladies r\u00e9pertori\u00e9es et \u00e0 la lutte contre celles-\nci, notamment ses articles 63, 64 et 65\u00a0; \nVU le code rural et de la p\u00eache maritime, notamment ses articles L. 223-8, L. 234-1, R. 226-12 et \nR. 228-1 \u00e0 R. 228-10 ;\nVU  le code de la justice administrative, notamment son article R. 421-1 et suivants\u00a0;\nVU le  d\u00e9cret  n\u00b02004-374  du  29  avril  2004  modifi\u00e9,  relatif  aux  pouvoirs  des  pr\u00e9fets,  \u00e0  \nl'organisation et \u00e0 l'action des services de l'\u00c9tat dans les r\u00e9gions et les d\u00e9partements\u00a0;\nVU le d\u00e9cret n\u00b02009-1484 modifi\u00e9 du 3 d\u00e9cembre 2009 relatif aux directions d\u00e9partementales  \ninterminist\u00e9rielles\u00a0;\nVU le d\u00e9cret du Pr\u00e9sident de la R\u00e9publique du 19 novembre 2025 portant nomination de  \nMonsieur  Jacques  WITKOWSKI en  qualit\u00e9  de  Pr\u00e9fet  de  la  r\u00e9gion  Provence-Alpes-C\u00f4te  \nd'Azur, Pr\u00e9fet de la zone de d\u00e9fense et s\u00e9curit\u00e9 Sud, Pr\u00e9fet des Bouches-du-Rh\u00f4ne\u00a0;\nVU l'arr\u00eat\u00e9 modifi\u00e9 du 5 juin 2000 relatif au registre d'\u00e9levage\u00a0;\nVU l'arr\u00eat\u00e9 modifi\u00e9 du 29 septembre 2021 relatif aux mesures de bios\u00e9curit\u00e9 applicables par  \nles op\u00e9rateurs et les professionnels li\u00e9s aux animaux dans les \u00e9tablissements d\u00e9tenant des \nvolailles  ou  des  oiseaux  captifs  dans  le  cadre  de  la  pr\u00e9vention  des  maladies  animales \ntransmissibles aux animaux ou aux \u00eatres humains\u00a0;\nVU l'arr\u00eat\u00e9  minist\u00e9riel  du  25  septembre  2023  relatif  aux  mesures  de  surveillance,  de  \npr\u00e9vention, de lutte et de vaccination contre l'influenza aviaire hautement pathog\u00e8ne  \n(IAHP), notamment ses articles 42 et 43\u00a0;\n1 / 2\nDirection d\u00e9partementale de la protection des populations 13 - 13-2026-02-23-00018 - Arr\u00eat\u00e9 pr\u00e9fectoral du 13 f\u00e9vrier 2026, levee ZI\nFS - Etang de Taute 4\nVU l'arr\u00eat\u00e9 minist\u00e9riel du 21 octobre 2025 qualifiant le niveau de risque en mati\u00e8re d'influenza  \naviaire hautement pathog\u00e8ne ;\nCONSIDERANT la d\u00e9couverte le 15/01/2026 de plusieurs de cadavres de cygnes, collect\u00e9s sur \nl'\u00e9tang de Taute, commune des Saintes Marie de la Mer\u00a0;\nCONSIDERANT  les r\u00e9sultats positifs virologiques en influenza aviaire hautement pathog\u00e8ne H5  \nhautement pathog\u00e8ne obtenus par le laboratoire agr\u00e9\u00e9 du Gard le 20/01/2025\u00a0; concernant \nles comm\u00e9moratifs SAGIR n\u00b0143211 et 159590;\nCONSIDERANT la d\u00e9couverte simultan\u00e9e le 15/01/2026 de plusieurs de cadavres de cygnes sur  \nl'\u00e9tang du Paty de la Trinit\u00e9 (Arles) \u00e0 proximit\u00e9 des cas n\u00b0 143211 et 159590, et pour lesquels \nles pr\u00e9l\u00e8vements \u00e9taient mat\u00e9riellement impossibles\u00a0;\nCONSIDERANT  l'\u00e9volution  favorable  durant  les  21  jours  de  la  situation  \u00e9pid\u00e9miologique  en  \nmati\u00e8re de circulation virale dans le compartiment sauvage de la zone d\u00e9finie dans l'arr\u00eat\u00e9  \npr\u00e9fectoral n\u00b013-2026-01-21-00006 du 21 janvier 2026\u00a0;\nSUR PROPOSITION du directeur d\u00e9partemental de la protection des populations\u00a0;\nARR\u00caTE\nArticle 1er\n\u00a0: D\u00e9finition\nL'arr\u00eat\u00e9 pr\u00e9fectoral n\u00b0 13-2026-01-21-00006 du 21 janvier 2026  d\u00e9finissant une zone d'application  \nde mesures suppl\u00e9mentaires de pr\u00e9vention du risque de propagation du virus de l'influenza aviaire \nhautement pathog\u00e8ne dans l'avifaune sauvage et d'introduction du virus dans les \u00e9tablissements  \nd\u00e9tenant des volailles et oiseaux captifs est abrog\u00e9.\nArticle 10\u00a0: Recours\nLe pr\u00e9sent arr\u00eat\u00e9 est susceptible, dans un d\u00e9lai de deux mois \u00e0 compter de sa notification, de faire \nl'objet\u00a0:\n\uf0b7 d'un recours gracieux aupr\u00e8s du pr\u00e9fet des Bouches-du-Rh\u00f4ne\u00a0;\n\uf0b7 d'un recours hi\u00e9rarchique aupr\u00e8s du ministre de l'agriculture, de l'agro-alimentaire et de la  \nsouverainet\u00e9 alimentaire\u00a0;\n\uf0b7 d'un recours contentieux aupr\u00e8s du tribunal administratif territorialement comp\u00e9tent  par  \nvoie postale ou par voie d\u00e9mat\u00e9rialis\u00e9e via \u00ab \u00a0t\u00e9l\u00e9recours \u00bb accessible sur le site internet  \nhttps://www.telerecours.fr/\nArticle 11\u00a0: Dispositions finales\nLe secr\u00e9taire g\u00e9n\u00e9ral de la pr\u00e9fecture des Bouches-du-Rh\u00f4ne, le directeur d\u00e9partemental de la  \nprotection  des  populations,  le  chef  du  service  d\u00e9partemental  de  l'Office  Fran\u00e7ais  de  la  \nBiodiversit\u00e9, les maires des communes concern\u00e9es, le colonel commandant du groupement de  \ngendarmerie, les d\u00e9tenteurs de volailles et d'oiseaux captifs sont responsables, chacun en ce qui le \nconcerne, de l'application du pr\u00e9sent arr\u00eat\u00e9 qui sera publi\u00e9 au recueil des actes administratifs de  \nla Pr\u00e9fecture et affich\u00e9 dans les mairies concern\u00e9es.\nFait \u00e0 Marseille, le 23 f\u00e9vrier 2026\nLe pr\u00e9fet,\nSign\u00e9\nJacques WITKOWSKI\n2 / 2\nDirection d\u00e9partementale de la protection des populations 13 - 13-2026-02-23-00018 - Arr\u00eat\u00e9 pr\u00e9fectoral du 13 f\u00e9vrier 2026, levee ZI\nFS - Etang de Taute 5","date":"2026-02-24","first_seen_on":"2026-02-24T15:07:59+00:00","id":"30bee0e759a525246d7d2b7cf0cc7716d5b7162af9dad5caf013c8973cf33fb4","name":"recueil-13-2026-059-recueil-des-actes-administratifs-nominatifs du 24 f\u00e9vrier 2026","pdf_creation_date":"2026-02-24T14:36:34+00:00","pdf_modification_date":null,"timezone":"Europe/Paris","url":"https://www.bouches-du-rhone.gouv.fr/contenu/telechargement/63138/443195/file/recueil-13-2026-059-recueil-des-actes-administratifs-nominatifs%20du%2024%20f%C3%A9vrier%202026.pdf"}
