{"administration":"pref09","administration_name":"Pr\u00e9fecture de l\u2019Ari\u00e8ge","content":"ARI\u00c8GE\nRECUEIL DES ACTES\nADMINISTRATIFS\nN\u00b009-2024-116\nPUBLI\u00c9 LE  6 NOVEMBRE 2024\nSommaire\n09 - PREFECTURE - DIRECTION DU CABINET / PREFECTURE - SERVICE\nINTERMINISTERIEL DE DEFENSE ET DE PROTECTION CIVILES\n09-2024-10-31-00001 - Arr\u00eat\u00e9 pr\u00e9fectoral portant d\u00e9signation\nd'un fonctionnaire habilit\u00e9 \u00e0 pr\u00e9sider la commission des\narrondissements de Pamiers et Saint-Girons contre les risques d'incendie\net de panique dans les \u00e9tablissements recevant du public (2 pages) Page 3\n09-2024-10-31-00002 - Arr\u00eat\u00e9 pr\u00e9fectoral portant d\u00e9signation\nd'un fonctionnaire habilit\u00e9 \u00e0 pr\u00e9sider la commission\nd'arrondissement de Foix contre les risques d'incendie et de panique\ndans les \u00e9tablissements recevant du public (2 pages) Page 5\n09 - PREFECTURE DE L'ARIEGE - DIRECTION DE LA\nCOORDINATION INTERMINISTERIELLE ET DE L'APPUI TERRITORIAL /\nBUREAU DE LA COORDINATION INTERMINISTERIELLE\n09-2024-10-28-00002 - Arrete portant composition commission titres de\nsejour (1 page) Page 7\n2\nEs\nPREFET  _\nDE L'ARI\u00c8GE\nLibert\u00e9\nEgalit\u00e9\nFraternit\u00e9\nCabinet\nDirection des s\u00e9curit\u00e9s\nService interminist\u00e9riel de d\u00e9fense et de protection civile\nCourriel\u00a0:\u00a0pref-defense-protection-civile@ariege.gouv.fr\nArr\u00eat\u00e9\u00a0pr\u00e9fectoral \u00a0portant\u00a0d\u00e9signation \u00a0d'un\u00a0fonctionnaire \u00a0habilit\u00e9\u00a0\u00e0\u00a0pr\u00e9sider\u00a0la\u00a0commission \u00a0des\u00a0\narrondissements \u00a0de\u00a0Pamiers\u00a0et\u00a0Saint-Girons \u00a0contre\u00a0les\u00a0risques\u00a0d'incendie \u00a0et\u00a0de\u00a0panique\u00a0dans\u00a0les\u00a0\n\u00e9tablissements \u00a0recevant\u00a0du\u00a0public\nLe pr\u00e9fet de l'Ari\u00e8ge\nVu\u00a0le\u00a0code\u00a0g\u00e9n\u00e9ral\u00a0des\u00a0collectivit\u00e9s \u00a0territoriales\u00a0;\nVu\u00a0le\u00a0code\u00a0de\u00a0la\u00a0construction \u00a0et\u00a0de\u00a0l'habitation\u00a0;\nVu\u00a0le\u00a0code\u00a0de\u00a0l'urbanisme\u00a0;\nVu\u00a0le\u00a0d\u00e9cret\u00a0n\u00b0\u00a095.260\u00a0du\u00a08\u00a0mars\u00a01995\u00a0modifi\u00e9,\u00a0relatif\u00a0\u00e0\u00a0la\u00a0commission \u00a0consultative \u00a0d\u00e9partementale \u00a0de\u00a0\ns\u00e9curit\u00e9\u00a0et\u00a0d'accessibilit\u00e9\u00a0;\nVu\u00a0le\u00a0d\u00e9cret\u00a0n\u00b0\u00a097.645\u00a0du\u00a031\u00a0mai\u00a01997\u00a0modifiant \u00a0le\u00a0d\u00e9cret\u00a0susvis\u00e9\u00a0;\nVu\u00a0le\u00a0d\u00e9cret\u00a0n\u00b0\u00a02004.160\u00a0du\u00a017\u00a0f\u00e9vrier\u00a02004\u00a0modifiant \u00a0le\u00a0d\u00e9cret\u00a0n\u00b0\u00a095.260\u00a0du\u00a08\u00a0mars\u00a01995\u00a0relatif\u00a0\u00e0\u00a0la\u00a0\ncommission \u00a0consultative \u00a0d\u00e9partementale \u00a0de\u00a0s\u00e9curit\u00e9\u00a0et\u00a0d'accessibilit\u00e9\u00a0;\nVu le\u00a0d\u00e9cret\u00a0du\u00a0Pr\u00e9sident \u00a0de\u00a0la\u00a0R\u00e9publique \u00a0du\u00a013\u00a0juillet\u00a02023,\u00a0nommant \u00a0Monsieur \u00a0Simon\u00a0BERTOUX\u00a0en\u00a0\nqualit\u00e9\u00a0de\u00a0pr\u00e9fet\u00a0de\u00a0l'Ari\u00e8ge\u00a0;\nVu\u00a0l'arr\u00eat\u00e9\u00a0pr\u00e9fectoral \u00a0du\u00a015\u00a0juin\u00a02023\u00a0relatif\u00a0\u00e0\u00a0la\u00a0commission \u00a0consultative \u00a0d\u00e9partementale \u00a0de\u00a0la\u00a0\ns\u00e9curit\u00e9\u00a0et\u00a0d'accessibilit\u00e9, \u00a0\u00e0\u00a0ses\u00a0sous-commissions \u00a0sp\u00e9cialis\u00e9es \u00a0et\u00a0aux\u00a0commissions \u00a0d'arrondissement\u00a0;\nVu l'arr\u00eat\u00e9\u00a0pr\u00e9fectoral \u00a0du\u00a021\u00a0juin\u00a02024\u00a0portant\u00a0d\u00e9l\u00e9gation \u00a0de\u00a0signature \u00a0\u00e0\u00a0Monsieur \u00a0Jean-Philippe\u00a0\nDARGENT, \u00a0secr\u00e9taire \u00a0g\u00e9n\u00e9ral\u00a0de\u00a0la\u00a0pr\u00e9fecture \u00a0de\u00a0l'Ari\u00e8ge\u00a0;\nSur\u00a0proposition \u00a0de\u00a0la\u00a0sous-pr\u00e9f\u00e8te, \u00a0directrice \u00a0de\u00a0cabinet\u00a0;\nA\u00a0R\u00a0R\u00a0\u00ca\u00a0T\u00a0E\nArticle\u00a01\u00a0:\u00a0\nEn\u00a0cas\u00a0d'absence \u00a0ou\u00a0d'emp\u00eachement \u00a0simultan\u00e9 \u00a0du\u00a0sous-pr\u00e9fet \u00a0de\u00a0l'arrondissement \u00a0de\u00a0Pamiers,\u00a0des\u00a0\nautres\u00a0membres \u00a0du\u00a0corps\u00a0pr\u00e9fectoral, \u00a0ainsi\u00a0que\u00a0des\u00a0personnels \u00a0habilit\u00e9s\u00a0sur\u00a0cet\u00a0arrondissement, \u00a0la\u00a0\npr\u00e9sidence \u00a0de\u00a0la\u00a0commission \u00a0d'arrondissement \u00a0de\u00a0Pamiers\u00a0pour\u00a0la\u00a0s\u00e9curit\u00e9\u00a0contre\u00a0les\u00a0risques\u00a0\nd'incendie \u00a0et\u00a0de\u00a0panique\u00a0dans\u00a0les\u00a0ERP\u00a0est\u00a0assur\u00e9e\u00a0par\u00a0la\u00a0directrice \u00a0adjointe\u00a0de\u00a0cabinet,\u00a0directrice \u00a0des\u00a0\ns\u00e9curit\u00e9s, \u00a0Madame\u00a0Yumi\u00a0USSON,\u00a0attach\u00e9e\u00a0;\u00a0par\u00a0le\u00a0chef\u00a0du\u00a0SIDPC,\u00a0Monsieur \u00a0Boris\u00a0GLINKOWSKI,\u00a0\nattach\u00e9\u00a0;\u00a0ou\u00a0par\u00a0l'adjointe \u00a0au\u00a0chef\u00a0de\u00a0SIDPC,\u00a0Madame \u00a0Pauline\u00a0DESCAZAUX, \u00a0contractuelle \u00a0de\u00a0\ncat\u00e9gorie \u00a0A.09 - PREFECTURE - DIRECTION DU CABINET - 09-2024-10-31-00001 - Arr\u00eat\u00e9 pr\u00e9fectoral portant d\u00e9signation d'un fonctionnaire habilit\u00e9\n\u00e0 pr\u00e9sider la commission des arrondissements de Pamiers et Saint-Girons contre les risques d'incendie et de panique dans les\n\u00e9tablissements recevant du public3\nArticle\u00a02\u00a0:\u00a0\nEn\u00a0cas\u00a0d'absence \u00a0ou\u00a0d'emp\u00eachement \u00a0simultan\u00e9 \u00a0de\u00a0la\u00a0sous-pr\u00e9f\u00e8te \u00a0de\u00a0l'arrondissement \u00a0de\u00a0Saint-Girons,\u00a0\ndes\u00a0autres\u00a0membres \u00a0du\u00a0corps\u00a0pr\u00e9fectoral, \u00a0ainsi\u00a0que\u00a0des\u00a0personnels \u00a0habilit\u00e9s\u00a0sur\u00a0cet\u00a0arrondissement, \u00a0la\u00a0\npr\u00e9sidence \u00a0de\u00a0la\u00a0commission \u00a0d'arrondissement \u00a0de\u00a0Saint-Girons \u00a0pour\u00a0la\u00a0s\u00e9curit\u00e9\u00a0contre\u00a0les\u00a0risques\u00a0\nd'incendie \u00a0et\u00a0de\u00a0panique\u00a0dans\u00a0les\u00a0ERP\u00a0est\u00a0assur\u00e9e\u00a0par\u00a0la\u00a0directrice \u00a0adjointe\u00a0de\u00a0cabinet,\u00a0directrice \u00a0des\u00a0\ns\u00e9curit\u00e9s, \u00a0Madame\u00a0Yumi\u00a0USSON,\u00a0attach\u00e9e\u00a0;\u00a0par\u00a0le\u00a0chef\u00a0du\u00a0SIDPC,\u00a0Monsieur \u00a0Boris\u00a0GLINKOWSKI,\u00a0\nattach\u00e9\u00a0;\u00a0ou\u00a0par\u00a0l'adjointe \u00a0au\u00a0chef\u00a0de\u00a0SIDPC,\u00a0Madame \u00a0Pauline\u00a0DESCAZAUX, \u00a0contractuelle \u00a0de\u00a0\ncat\u00e9gorie \u00a0A.\nArticle\u00a03\u00a0:\u00a0\nLa\u00a0directrice \u00a0de\u00a0cabinet\u00a0de\u00a0la\u00a0pr\u00e9fecture \u00a0de\u00a0l'Ari\u00e8ge\u00a0et\u00a0les\u00a0sous-pr\u00e9fets \u00a0des\u00a0arrondissements \u00a0de\u00a0Pamiers\u00a0\net\u00a0de\u00a0Saint-Girons \u00a0sont\u00a0charg\u00e9s\u00a0chacun\u00a0en\u00a0ce\u00a0qui\u00a0le\u00a0concerne, \u00a0de\u00a0l'ex\u00e9cution \u00a0du\u00a0pr\u00e9sent\u00a0arr\u00eat\u00e9\u00a0qui\u00a0sera\u00a0\npubli\u00e9\u00a0au\u00a0recueil\u00a0des\u00a0actes\u00a0administratifs \u00a0de\u00a0la\u00a0pr\u00e9fecture.\nFait\u00a0\u00e0\u00a0Foix,\u00a0le\u00a031\u00a0octobre\u00a02024\nPour\u00a0le\u00a0pr\u00e9fet\u00a0et\u00a0par\u00a0d\u00e9l\u00e9gation,\n\u00a0\u00a0\u00a0\u00a0\u00a0\u00a0\u00a0\u00a0le\u00a0secr\u00e9taire \u00a0g\u00e9n\u00e9ral,\n\u00a0\u00a0\u00a0\u00a0\u00a0\u00a0\u00a0\u00a0\u00a0\u00a0\u00a0\u00a0\u00a0\u00a0\u00a0\u00a0\u00a0\u00a0  Sign\u00e9\n\u00a0\u00a0\u00a0\u00a0\u00a0\u00a0Jean-Philippe \u00a0DARGENT09 - PREFECTURE - DIRECTION DU CABINET - 09-2024-10-31-00001 - Arr\u00eat\u00e9 pr\u00e9fectoral portant d\u00e9signation d'un fonctionnaire habilit\u00e9\n\u00e0 pr\u00e9sider la commission des arrondissements de Pamiers et Saint-Girons contre les risques d'incendie et de panique dans les\n\u00e9tablissements recevant du public4\nEs\nPREFET  _\nDE L'ARI\u00c8GE\nLibert\u00e9\nEgalit\u00e9\nFraternit\u00e9\nCabinet\nDirection des s\u00e9curit\u00e9s\nService interminist\u00e9riel de d\u00e9fense et de protection civile\nCourriel\u00a0:\u00a0pref-defense-protection-civile@ariege.gouv.fr\nArr\u00eat\u00e9\u00a0pr\u00e9fectoral \u00a0portant\u00a0d\u00e9signation \u00a0d'un\u00a0fonctionnaire \u00a0habilit\u00e9\u00a0\u00e0\u00a0pr\u00e9sider\u00a0la\u00a0commission\u00a0\nd'arrondissement \u00a0de\u00a0Foix\u00a0contre\u00a0les\u00a0risques\u00a0d'incendie \u00a0et\u00a0de\u00a0panique\u00a0dans\u00a0les\u00a0\u00e9tablissements \u00a0recevant\u00a0\ndu\u00a0public\nLe pr\u00e9fet de l'Ari\u00e8ge\nVu\u00a0le\u00a0code\u00a0g\u00e9n\u00e9ral\u00a0des\u00a0collectivit\u00e9s \u00a0territoriales\u00a0;\nVu\u00a0le\u00a0code\u00a0de\u00a0la\u00a0construction \u00a0et\u00a0de\u00a0l'habitation\u00a0;\nVu\u00a0le\u00a0code\u00a0de\u00a0l'urbanisme\u00a0;\nVu\u00a0le\u00a0d\u00e9cret\u00a0n\u00b0\u00a095.260\u00a0du\u00a08\u00a0mars\u00a01995\u00a0modifi\u00e9, \u00a0relatif\u00a0\u00e0\u00a0la\u00a0commission \u00a0consultative \u00a0d\u00e9partementale \u00a0de\u00a0\ns\u00e9curit\u00e9\u00a0et\u00a0d'accessibilit\u00e9\u00a0;\nVu\u00a0le\u00a0d\u00e9cret\u00a0n\u00b0\u00a097.645\u00a0du\u00a031\u00a0mai\u00a01997\u00a0modifiant \u00a0le\u00a0d\u00e9cret\u00a0susvis\u00e9\u00a0;\nVu\u00a0le\u00a0d\u00e9cret\u00a0n\u00b0\u00a02004.160 \u00a0du\u00a017\u00a0f\u00e9vrier\u00a02004\u00a0modifiant \u00a0le\u00a0d\u00e9cret\u00a0n\u00b0\u00a095.260\u00a0du\u00a08\u00a0mars\u00a01995\u00a0relatif\u00a0\u00e0\u00a0la\u00a0\ncommission \u00a0consultative \u00a0d\u00e9partementale \u00a0de\u00a0s\u00e9curit\u00e9\u00a0et\u00a0d'accessibilit\u00e9\u00a0;\nVu le\u00a0d\u00e9cret\u00a0du\u00a0Pr\u00e9sident \u00a0de\u00a0la\u00a0R\u00e9publique \u00a0du\u00a013\u00a0juillet\u00a02023,\u00a0nommant \u00a0Monsieur \u00a0Simon\u00a0BERTOUX\u00a0en\u00a0\nqualit\u00e9\u00a0de\u00a0pr\u00e9fet\u00a0de\u00a0l'Ari\u00e8ge\u00a0;\nVu\u00a0l'arr\u00eat\u00e9\u00a0pr\u00e9fectoral \u00a0du\u00a015\u00a0juin\u00a02023\u00a0relatif\u00a0\u00e0\u00a0la\u00a0commission \u00a0consultative \u00a0d\u00e9partementale \u00a0de\u00a0la\u00a0\ns\u00e9curit\u00e9\u00a0et\u00a0d'accessibilit\u00e9, \u00a0\u00e0\u00a0ses\u00a0sous-commissions \u00a0sp\u00e9cialis\u00e9es \u00a0et\u00a0aux\u00a0commissions \u00a0d'arrondissement\u00a0;\nVu l'arr\u00eat\u00e9\u00a0pr\u00e9fectoral \u00a0du\u00a021\u00a0juin\u00a02024\u00a0portant\u00a0d\u00e9l\u00e9gation \u00a0de\u00a0signature \u00a0\u00e0\u00a0Monsieur \u00a0Jean-Philippe\u00a0\nDARGENT, \u00a0secr\u00e9taire \u00a0g\u00e9n\u00e9ral\u00a0de\u00a0la\u00a0pr\u00e9fecture \u00a0de\u00a0l'Ari\u00e8ge\u00a0;\nSur\u00a0proposition \u00a0de\u00a0la\u00a0sous-pr\u00e9f\u00e8te, \u00a0directrice \u00a0de\u00a0cabinet\u00a0;\nA\u00a0R\u00a0R\u00a0\u00ca\u00a0T\u00a0E\nArticle\u00a01\u00a0:\u00a0\nEn\u00a0cas\u00a0d'absence \u00a0ou\u00a0d'emp\u00eachement \u00a0simultan\u00e9 \u00a0de\u00a0Monsieur \u00a0le\u00a0sous-pr\u00e9fet \u00a0de\u00a0l'arrondissement \u00a0de\u00a0Foix,\u00a0\nainsi\u00a0que\u00a0des\u00a0autres\u00a0membres \u00a0du\u00a0corps\u00a0pr\u00e9fectoral, \u00a0la\u00a0pr\u00e9sidence \u00a0de\u00a0la\u00a0commission \u00a0d'arrondissement\u00a0\nde\u00a0Foix\u00a0pour\u00a0la\u00a0s\u00e9curit\u00e9\u00a0contre\u00a0les\u00a0risques\u00a0d'incendie \u00a0et\u00a0de\u00a0panique \u00a0dans\u00a0les\u00a0ERP\u00a0est\u00a0assur\u00e9e\u00a0par\u00a0la\u00a0\ndirectrice \u00a0adjointe \u00a0de\u00a0cabinet,\u00a0directrice \u00a0des\u00a0s\u00e9curit\u00e9s, \u00a0Madame \u00a0Yumi\u00a0USSON,\u00a0attach\u00e9e\u00a0;\u00a0par\u00a0le\u00a0chef\u00a0du\u00a0\nSIDPC,\u00a0Monsieur \u00a0Boris\u00a0GLINKOWSKI, \u00a0attach\u00e9\u00a0;\u00a0par\u00a0l'adjointe \u00a0au\u00a0chef\u00a0de\u00a0SIDPC,\u00a0Madame \u00a0Pauline\u00a0\nDESCAZAUX, \u00a0contractuelle \u00a0de\u00a0cat\u00e9gorie \u00a0A\u00a0;\u00a0ou\u00a0par\u00a0Madame \u00a0Aurore\u00a0BOURNOVILLE, \u00a0charg\u00e9e\u00a0de\u00a0mission\u00a0\nexercice \u00a0et\u00a0planification \u00a0au\u00a0SIDPC,\u00a0contractuelle \u00a0de\u00a0cat\u00e9gorie \u00a0A.09 - PREFECTURE - DIRECTION DU CABINET - 09-2024-10-31-00002 - Arr\u00eat\u00e9 pr\u00e9fectoral portant d\u00e9signation d'un fonctionnaire habilit\u00e9\n\u00e0 pr\u00e9sider la commission d'arrondissement de Foix contre les risques d'incendie et de panique dans les \u00e9tablissements recevant du\npublic5\nArticle\u00a02\u00a0:\u00a0\nLa\u00a0directrice \u00a0de\u00a0cabinet\u00a0de\u00a0la\u00a0pr\u00e9fecture \u00a0de\u00a0l'Ari\u00e8ge\u00a0et\u00a0le\u00a0sous-pr\u00e9fet \u00a0de\u00a0l'arrondissement \u00a0de\u00a0Foix\u00a0sont\u00a0\ncharg\u00e9s\u00a0chacun\u00a0en\u00a0ce\u00a0qui\u00a0le\u00a0concerne, \u00a0de\u00a0l'ex\u00e9cution \u00a0du\u00a0pr\u00e9sent\u00a0arr\u00eat\u00e9\u00a0qui\u00a0sera\u00a0publi\u00e9\u00a0au\u00a0recueil\u00a0des\u00a0\nactes\u00a0administratifs \u00a0de\u00a0la\u00a0pr\u00e9fecture.\nFait\u00a0\u00e0\u00a0Foix,\u00a0le\u00a031\u00a0octobre\u00a02024\nPour\u00a0le\u00a0pr\u00e9fet\u00a0et\u00a0par\u00a0d\u00e9l\u00e9gation,\n\u00a0\u00a0\u00a0\u00a0\u00a0\u00a0\u00a0\u00a0le\u00a0secr\u00e9taire \u00a0g\u00e9n\u00e9ral,\n\u00a0\u00a0\u00a0\u00a0\u00a0\u00a0\u00a0\u00a0\u00a0\u00a0\u00a0\u00a0\u00a0\u00a0\u00a0\u00a0    Sign\u00e9\n\u00a0\u00a0\u00a0\u00a0\u00a0Jean-Philippe \u00a0DARGENT09 - PREFECTURE - DIRECTION DU CABINET - 09-2024-10-31-00002 - Arr\u00eat\u00e9 pr\u00e9fectoral portant d\u00e9signation d'un fonctionnaire habilit\u00e9\n\u00e0 pr\u00e9sider la commission d'arrondissement de Foix contre les risques d'incendie et de panique dans les \u00e9tablissements recevant du\npublic6\nz | PR\u00c9FECTURE\nPREFET  \u00e0 Direction  de la citoyennet\u00e9  et de la l\u00e9galit\u00e9DE VARIEGE  shai ae Ba\"\n\u2014  Bureau  des  migrations  et de l'int\u00e9grationLibert\u00e9\n\u00c9galit\u00e9\nFraternit\u00e9\nFoix,  le 28 octobre  2024\nLe pr\u00e9fet  de l'Ari\u00e8ge\nVu le code  de l'entr\u00e9e  et du s\u00e9jour  des  \u00e9trangers  et du droit  d'asile,  et notamment  les articles  L. 432-14  et\nR. 432-6\nVu la d\u00e9signation  d'un  maire  et de son  suppl\u00e9ant  par le pr\u00e9sident  de l'association  des  maires  du\nd\u00e9partement  de l'Ari\u00e8ge  ;\nARR\u00caTE\nArticle  1 : La commission  du titre  de s\u00e9jour  du d\u00e9partement  de l'Ari\u00e8ge  est compos\u00e9e  des  membres\nsuivants  :\n* Monsieur  Jean-Jacques  MICHAU,  s\u00e9nateur,  conseiller  municipal  de la commune  de Moulin-\nNeuf  (suppl\u00e9ant  : Monsieur  Jean-Fran\u00e7ois  SANS,  maire  du Carla-Bayle)  ;\n\u00a2 Monsieur  Henri  PORTET,  pr\u00e9sident  de l'association  Le L\u00e9o  ;\n\u00a2 Une  personnalit\u00e9  qualifi\u00e9e  d\u00e9sign\u00e9e  par  la pr\u00e9sidente  du conseil  d\u00e9partemental  de l'Ari\u00e8ge  ;\nArticle  2 : Monsieur  Henri  PORTET  est d\u00e9sign\u00e9  pr\u00e9sident  de la commission  du titre  de s\u00e9jour.\nArticle  3 : L'arr\u00eat\u00e9  pr\u00e9fectoral  portant  composition  de la commission  d\u00e9partementale  du titre de s\u00e9jour\nde l'Ari\u00e8ge  du 29 octobre  2021  est abrog\u00e9.\nArticle  4 : Le secr\u00e9taire  g\u00e9n\u00e9ral  de la pr\u00e9fecture  de l'Ari\u00e8ge  est charg\u00e9  de l'ex\u00e9cution  du pr\u00e9sent  arr\u00eat\u00e9\nqui sera  publi\u00e9  au recueil  des  actes  administratifs  de la pr\u00e9fecture.\nLe pr\u00e9fet,\nL\nimon  BERTOUX\n2 rue de la Pr\u00e9fecture  - Pr\u00e9fet  Claude  - Erignac  B.P. 40087  - 09007  Foix  Cedex  - T\u00e9l : 05 61 02 10 00\nSite  internet  : www.ariege.gouv.fr\n09 - PREFECTURE DE L'ARIEGE - DIRECTION DE LA COORDINATION INTERMINISTERIELLE ET DE L'APPUI TERRITORIAL -\n09-2024-10-28-00002 - Arrete portant composition commission titres de sejour 7","date":"2024-11-06","first_seen_on":"2024-11-06T13:10:56+00:00","id":"30db1b90d914770e2e67280c545f04d827d7317e4e9eb59a068d949ac0576cc0","name":"recueil-09-2024-116-recueil-des-actes-administratifs-1","pdf_creation_date":"2024-11-06T11:57:50+00:00","pdf_modification_date":"2024-11-06T11:58:52+00:00","timezone":"Europe/Paris","url":"https://www.ariege.gouv.fr/contenu/telechargement/31543/216247/file/recueil-09-2024-116-recueil-des-actes-administratifs-1.pdf"}
