{"administration":"pref21","administration_name":"Pr\u00e9fecture de C\u00f4te-d\u2019Or","content":"PR\u00c9FET\nDE LA C\u00d4TE-D'OR\nRECUEIL DES ACTES\nADMINISTRATIFS SP\u00c9CIAL\nN\u00b021-2025-156\nPUBLI\u00c9 LE  5 NOVEMBRE 2025\nSommaire\nPr\u00e9fecture de la C\u00f4te-d'Or / Direction des s\u00e9curit\u00e9s\n21-2025-11-05-00001 - Arr\u00eat\u00e9 pr\u00e9fectoral N\u00b0 1623 Portant abrogation\nde l'arr\u00eat\u00e9 pr\u00e9fectoral n\u00b0 1598 autorisant la captation,\nl'enregistrement et la transmission d'images\nau moyen de\ncam\u00e9ras install\u00e9es sur des a\u00e9ronefs (1 page) Page 3\n2\nPr\u00e9fecture de la C\u00f4te-d'Or\nDirection des s\u00e9curit\u00e9s\n21-2025-11-05-00001\nArr\u00eat\u00e9 pr\u00e9fectoral N\u00b0 1623 Portant abrogation\nde l'arr\u00eat\u00e9 pr\u00e9fectoral n\u00b0 1598 autorisant la\ncaptation, l'enregistrement et la transmission\nd'images\nau moyen de cam\u00e9ras install\u00e9es sur des a\u00e9ronefs\nPr\u00e9fecture de la C\u00f4te-d'Or - 21-2025-11-05-00001 - Arr\u00eat\u00e9 pr\u00e9fectoral N\u00b0 1623 Portant abrogation de l'arr\u00eat\u00e9 pr\u00e9fectoral n\u00b0 1598\nautorisant la captation, l'enregistrement et la transmission d'images\nau moyen de cam\u00e9ras install\u00e9es sur des a\u00e9ronefs\n3\nEnPREFETDE LACOTE-D'ORLibert\u00e9Egalit\u00e9Fraternit\u00e9\nDirection des s\u00e9curit\u00e9s\nArr\u00eat\u00e9 pr\u00e9fectoral N\u00b0 1623\nPortant abrogation de l'arr\u00eat\u00e9 pr\u00e9fectoral n\u00b0 1598 autorisant \nla captation, l'enregistrement et la transmission d'images\nau moyen de cam\u00e9ras install\u00e9es sur des a\u00e9ronefs\nLe pr\u00e9fet de la C\u00f4te-d'Or\nVU le code de la s\u00e9curit\u00e9 int\u00e9rieure et notamment ses articles L. 242-1 \u00e0 L. 242-8 et R. 242-8 \u00e0 R. 242-\n14 ;\nVU  le code des relations entre le public et l'administration et notamment ses articles L. 243-1 et\nsuivants ;\nVU le d\u00e9cret n\u00b0 2004-374 du 29 avril 2004 relatif aux pouvoirs des pr\u00e9fets, \u00e0 l'organisation et \u00e0\nl'action des services de l'\u00c9tat dans les r\u00e9gions et d\u00e9partements ;\nVU le d\u00e9cret du Pr\u00e9sident de la R\u00e9publique du 10 octobre 2024, nommant monsieur Paul MOURIER,\npr\u00e9fet de Bourgogne Franche-Comt\u00e9 ; pr\u00e9fet de C\u00f4te d'Or ;\nVU l'arr\u00eat\u00e9 pr\u00e9fectoral n\u00b0 813/SG du 13 juin 2025 donnant d\u00e9l\u00e9gation de signature \u00e0 monsieur Denis\nBRUEL, secr\u00e9taire g\u00e9n\u00e9ral de la pr\u00e9fecture de la C\u00f4te-d'Or ;\nARR\u00caTE\nArticle  1er  :  L'arr\u00eat\u00e9  pr\u00e9fectoral  N\u00b0  1598  du  3  novembre  2025  autorisant  la  captation,\nl'enregistrement et la transmission d'images au moyen de cam\u00e9ras install\u00e9es sur des a\u00e9ronefs est\nabrog\u00e9 ;\nArticle 2  : La directrice de cabinet du pr\u00e9fet de la r\u00e9gion Bourgogne-Franche-Comt\u00e9, pr\u00e9fet de la\nC\u00f4te-d'Or, le secr\u00e9taire g\u00e9n\u00e9ral de la pr\u00e9fecture de la C\u00f4te-d'Or et le directeur interd\u00e9partemental\nde la police nationale de la C\u00f4te-d'Or sont charg\u00e9s, chacun en ce qui le concerne, de l'ex\u00e9cution du\npr\u00e9sent arr\u00eat\u00e9 qui sera adress\u00e9 pour copie \u00e0 monsieur le procureur de la R\u00e9publique pr\u00e8s le tribunal\njudiciaire de Dijon.\nFait \u00e0 Dijon, le 5 novembre 2025\nLe pr\u00e9fet,\nPour le pr\u00e9fet et par d\u00e9l\u00e9gation, \nLe secr\u00e9taire g\u00e9n\u00e9ral\nORIGNAL SIGN\u00c9\nDenis BRUEL\nPr\u00e9fecture de la C\u00f4te-d'Or - 21-2025-11-05-00001 - Arr\u00eat\u00e9 pr\u00e9fectoral N\u00b0 1623 Portant abrogation de l'arr\u00eat\u00e9 pr\u00e9fectoral n\u00b0 1598\nautorisant la captation, l'enregistrement et la transmission d'images\nau moyen de cam\u00e9ras install\u00e9es sur des a\u00e9ronefs\n4","date":"2025-11-05","first_seen_on":"2025-11-05T17:18:25+00:00","id":"30e24a4b874062530692151830e0aea93615cc702f93dc64a1767fe9e6aa627d","name":"RAA n\u00b0 156 du 05 novembre 2025","pdf_creation_date":"2025-11-05T15:41:59+00:00","pdf_modification_date":null,"timezone":"Europe/Paris","url":"https://www.cote-dor.gouv.fr/contenu/telechargement/24656/188034/file/recueil-21-2025-156-recueil-des-actes-administratifs-special-1.pdf"}
