{"administration":"prefidf","administration_name":"Pr\u00e9fecture de la r\u00e9gion \u00cele-de-France","content":"PREFECTURE\nREGION ILE DE\nFRANCE\nRECUEIL DES ACTES\nADMINISTRATIFS SP\u00c9CIAL\n(NOMINATIFS)\nN\u00b0IDF-033-2025-10\nPUBLI\u00c9 LE 15 OCTOBRE 2025\nSommaire\nAgence R\u00e9gionale de Sant\u00e9 / Direction de la D\u00e9mocratie en Sant\u00e9 et\nde la Communication-D\u00e9mocratie Sanitaire\nIDF-2025-10-15-00002 - Arr\u00eat\u00e9 n\u00b02025/29 modifiant la composition de\nla commission sp\u00e9cialis\u00e9e \u00ab Pr\u00e9vention \u00bb de la\nConf\u00e9rence\nR\u00e9gionale de la Sant\u00e9 et de l'Autonomie de la r\u00e9gion\n\u00cele-de-France (7 pages) Page 3\nDirection r\u00e9gionale et interd\u00e9partementale de l'\u00e9conomie, de l'emploi,\ndu travail et des solidarit\u00e9s d'\u00cele-de-France / P\u00f4le Politiques du\nTravail\nIDF-2025-09-30-00229 - D\u00e9cision n\u00b0 2025 - 190 du 30 septembre 2025\nportant affectation des agents de contr\u00f4le dans les unit\u00e9s de contr\u00f4le\net gestion des int\u00e9rims de l'unit\u00e9 d\u00e9partementale de Paris de la\nDRIEETS d'Ile-de-France (8 pages) Page 11\nIDF-2025-09-30-00230 - D\u00e9cision n\u00b0 2025- 185 du 30 septembre\n2025\nportant affectation des agents de contr\u00f4le dans les unit\u00e9s de\ncontr\u00f4le et gestion des int\u00e9rims au sein de la direction\nd\u00e9partementale de l'emploi, du travail et des solidarit\u00e9s des Yvelines\n(3 pages) Page 20\nIDF-2025-09-30-00227 - D\u00e9cision n\u00b0 2025-186 du 30 septembre\n2025\nportant affectation des agents de contr\u00f4le dans les unit\u00e9s de\ncontr\u00f4le et gestion des int\u00e9rims de l'Unit\u00e9 d\u00e9partementale des\nHauts-de-Seine de la DRIEETS d'Ile-de-France (6 pages) Page 24\nIDF-2025-09-30-00228 - D\u00e9cision n\u00b0 2025-187 du 30 septembre\n2025\nportant affectation des agents de contr\u00f4le dans les unit\u00e9s de\ncontr\u00f4le et gestion des int\u00e9rims de l'unit\u00e9 d\u00e9partementale de la\nSeine-Saint-Denis de la DRIEETS d'\u00cele-de-France (5 pages) Page 31\n2\nAgence R\u00e9gionale de Sant\u00e9\nIDF-2025-10-15-00002\nArr\u00eat\u00e9 n\u00b02025/29 modifiant la composition de la\ncommission sp\u00e9cialis\u00e9e \u00ab Pr\u00e9vention \u00bb de la\nConf\u00e9rence R\u00e9gionale de la Sant\u00e9 et de\nl'Autonomie de la r\u00e9gion \u00cele-de-France\nAgence R\u00e9gionale de Sant\u00e9 - IDF-2025-10-15-00002 - Arr\u00eat\u00e9 n\u00b02025/29 modifiant la composition de la commission sp\u00e9cialis\u00e9e \u00ab\nPr\u00e9vention \u00bb de la\nConf\u00e9rence R\u00e9gionale de la Sant\u00e9 et de l'Autonomie de la r\u00e9gion \u00cele-de-France\n3\nREPUBLIQUEFRANCAISELibert\u00e9Egalit\u00e9Fraternit\u00e9\ne \u00bb Agence R\u00e9gionale de Sant\u00e9Ile-de-France\n \n \n1 \n \n \n \n \n \n \n \nAGENCE R\u00c9GIONALE DE SANT\u00c9 \u00ceLE-DE-FRANCE \nARR\u00caT\u00c9 N\u00b02025/29 \nArr\u00eat\u00e9 modifiant la composition de la commission sp\u00e9cialis\u00e9e \u00ab Pr\u00e9vention \u00bb de la \nConf\u00e9rence R\u00e9gionale de la Sant\u00e9 et de l'Autonomie de la r\u00e9gion \u00cele-de-France \n \nLE DIRECTEUR G\u00c9N\u00c9RAL DE L'AGENCE R\u00c9GIONALE DE SANT\u00c9 \u00ceLE-DE-FRANCE \n \n \nVU La loi n\u00b0 2009-879 du 21 juillet 2009 portant r\u00e9forme de l'h\u00f4pital et relative aux patients, \u00e0 la \nsant\u00e9 et aux territoires ; \nVU Le code de la sant\u00e9 publique et notamment les articles L.1432-4, D.1432-28 \u00e0 D.1432-53 ; \nVU Le d\u00e9cret du 10 avril 2024 portant nomination de Monsieur Denis ROBIN, Directeur g\u00e9n\u00e9ral \nde l'Agence r\u00e9gionale de sant\u00e9 d'\u00cele-de-France, \u00e0 compter du 29 avril 2024 ; \nVU  \nL'arr\u00eat\u00e9 DS n\u00b0104/2024 du 18 juin 2024 portant d\u00e9l\u00e9gation \u00e0 Madame Marion \nBOUGEARD, Directrice de la d\u00e9mocratie en sant\u00e9 et de la communication de l'Agence \nR\u00e9gionale de Sant\u00e9 \u00cele-de-France ; \n \nVU L'arr\u00eat\u00e9 modifi\u00e9 n\u00b02024/05 du 23 janvier 2024 relatif \u00e0 la composition des membres de la   \nCommission sp\u00e9cialis\u00e9e Pr\u00e9vention de la Conf\u00e9rence R\u00e9gionale de la Sant\u00e9 et de \nl'Autonomie d'\u00cele-de-France ;  \nVU L'arr\u00eat\u00e9 n\u00b0 2025-34 du 7 octobre 2025 modifiant  la liste des membres de la Conf\u00e9rence \nR\u00e9gionale de la Sant\u00e9 et de l'Autonomie d'\u00cele-de-France ; \n \n \nARRET\u00c9 \n \nARTICLE 1er : La composition de la commission sp\u00e9cialis\u00e9e \u00ab  pr\u00e9vention \u00bb de la conf\u00e9rence \nr\u00e9gionale de la sant\u00e9 et de l'autonomie d' \u00cele-de-France est fix\u00e9e de la mani\u00e8re \nfigurant en annexe. \n \nARTICLE 2 : Un recours contre le pr\u00e9sent arr\u00eat\u00e9 peut \u00eatre form\u00e9 aupr\u00e8s du tribunal administratif \nde Paris dans un d\u00e9lai de deux mois \u00e0 compter de sa notification. A l'\u00e9gard des \ntiers, ces d\u00e9lais courent \u00e0 compter de la date de publication de la d\u00e9cision au \nrecueil des actes administratifs de la pr\u00e9fecture de la r\u00e9gion d'\u00cele-de-France  \nAgence R\u00e9gionale de Sant\u00e9 - IDF-2025-10-15-00002 - Arr\u00eat\u00e9 n\u00b02025/29 modifiant la composition de la commission sp\u00e9cialis\u00e9e \u00ab\nPr\u00e9vention \u00bb de la\nConf\u00e9rence R\u00e9gionale de la Sant\u00e9 et de l'Autonomie de la r\u00e9gion \u00cele-de-France\n4\nsigh\"\n \n2 \n \n \nARTICLE 3 : Le Directeur g\u00e9n\u00e9ral est charg\u00e9 de l'ex\u00e9cution du pr\u00e9sent arr\u00eat\u00e9, qui sera publi\u00e9 au \nRecueil des actes administratifs de la pr\u00e9fecture de r\u00e9gion. \n \nFait \u00e0 Saint-Denis, le 15 octobre 2025 \n \nLe Directeur g\u00e9n\u00e9ral \nde l'Agence r\u00e9gionale  \nde sant\u00e9 \u00cele-de-France \nDenis ROBIN, \n \nPar d\u00e9l\u00e9gation, \n \nCorentine NEPPEL  \nDirectrice adjointe en charge de la \nd\u00e9mocratie en sant\u00e9  \nDirection de la d\u00e9mocratie en sant\u00e9 et \nde la communication - DESCOM  \n \n \n \n \n \n \n \n \n \n \n  \n \n \n \n \n \n \n  \nAgence R\u00e9gionale de Sant\u00e9 - IDF-2025-10-15-00002 - Arr\u00eat\u00e9 n\u00b02025/29 modifiant la composition de la commission sp\u00e9cialis\u00e9e \u00ab\nPr\u00e9vention \u00bb de la\nConf\u00e9rence R\u00e9gionale de la Sant\u00e9 et de l'Autonomie de la r\u00e9gion \u00cele-de-France\n5\n \n3 \n \nANNEXE \n \nComposition de la Commission Sp\u00e9cialis\u00e9e \u00ab Pr\u00e9vention \u00bb \nConf\u00e9rence r\u00e9gionale de la Sant\u00e9 et de l'Autonomie d'\u00cele-de-France \n \n \n1) Un repr\u00e9sentant du Conseil R\u00e9gional :  \nTitulaires Suppl\u00e9ants \nEn attente de d\u00e9signation En attente de d\u00e9signation \n \n2) Deux repr\u00e9sentants des Conseils d\u00e9partementaux :  \nTitulaires Suppl\u00e9ants \nMonsieur le Pr\u00e9sident du Conseil D\u00e9partemental des \nYvelines \nOu son repr\u00e9sentant titulaire \nMadame Marie-H\u00e9l\u00e8ne AUBERT, vice-pr\u00e9sidente du \nConseil d\u00e9partemental des Yvelines d\u00e9l\u00e9gu\u00e9e \u00e0 \nl'Autonomie et \u00e0 la Coop\u00e9ration d\u00e9centralis\u00e9e  \nMonsieur Marc HERZ, conseiller d\u00e9partemental des \nYvelines. \nMonsieur le Pr\u00e9sident du Conseil D\u00e9partemental des \nHauts-de-Seine \nOu son repr\u00e9sentant titulaire : Madame Alexandra  \nFOURCADE, conseill\u00e8re d\u00e9partementale d\u00e9l\u00e9gu\u00e9e \naux S\u00e9niors, \u00e0 l'Autonomie et \u00e0 la Sant\u00e9 \nMadame Rita DEMBLON-POLLET, conseill\u00e8re \nd\u00e9partementale des Hauts-de-Seine d\u00e9l\u00e9gu\u00e9e \u00e0 la \nFamille  \nEn attente de d\u00e9signation \n \n3) Un repr\u00e9sentant des groupements de communes :  \nTitulaires Suppl\u00e9ants \nEn attente de d\u00e9signation En attente de d\u00e9signation \n \n4) Un repr\u00e9sentant des communes :  \nTitulaire Suppl\u00e9ant \n \nEn attente de d\u00e9signation En attente de d\u00e9signation \n \n  \nAgence R\u00e9gionale de Sant\u00e9 - IDF-2025-10-15-00002 - Arr\u00eat\u00e9 n\u00b02025/29 modifiant la composition de la commission sp\u00e9cialis\u00e9e \u00ab\nPr\u00e9vention \u00bb de la\nConf\u00e9rence R\u00e9gionale de la Sant\u00e9 et de l'Autonomie de la r\u00e9gion \u00cele-de-France\n6\n \n4 \n \n \n5) Quatre repr\u00e9sentants des associations agr\u00e9\u00e9es au titre de l'article L.1114 -1 : \nTitulaires Suppl\u00e9ants \nMadame Dominique LAMARCHE \u2013 Association \nfran\u00e7aise des h\u00e9mophiles \n \nMonsieur Thomas SANNIE \u2013 Association fran\u00e7aise \ndes h\u00e9mophiles \nMadame Christine NOEL \u2013 Association fran\u00e7aise \ndes h\u00e9mophiles \nMadame Catherine BROUTIN PIOLOT - UNAFAM \nMonsieur Michel BEVE \u2013 UNAFAM \nMonsieur Jean-Louis RADET \u2013 ARGOS 2001 \nMadame Fran\u00e7oise PERROT  \u2013 France Alzheimer \nParis \nMonsieur Jean-Pierre BESNARD - VMEH \nEn attente de d\u00e9signation \nMonsieur Jean WILS \u2013 ALMA Paris \nMadame Karine SCHWAIGHO FER \u2013Comit\u00e9 de la \nligue contre le cancer 93  \nMadame Christiane CHEVILLARD \u2013 Comit\u00e9 de la \nligue contre le cancer 78  \n \n6) Un repr\u00e9sentant des associations de retrait\u00e9s et personnes \u00e2g\u00e9es :  \nTitulaires Suppl\u00e9ants \nMonsieur G\u00e9rard PERRIER - CDCA 93 \nMonsieur Philippe PINGLIN - CDCA 93 \nMonsieur Alain GAVILLET - CDCA 95 \n \n7) Un repr\u00e9sentant des associations de personnes handicap\u00e9es : \nTitulaires Suppl\u00e9ants \nMonsieur Daniel CHAZARAIN - CDCA 78 Monsieur Patrick FIZET - CDCA 93 \n \n8) Un repr\u00e9sentant des conseils territoriaux de sant\u00e9 : \nTitulaires Suppl\u00e9ants \nMonsieur Jean-Pierre AQUINO - CTS 78 En attente de d\u00e9signation \n \n  \nAgence R\u00e9gionale de Sant\u00e9 - IDF-2025-10-15-00002 - Arr\u00eat\u00e9 n\u00b02025/29 modifiant la composition de la commission sp\u00e9cialis\u00e9e \u00ab\nPr\u00e9vention \u00bb de la\nConf\u00e9rence R\u00e9gionale de la Sant\u00e9 et de l'Autonomie de la r\u00e9gion \u00cele-de-France\n7\n \n5 \n \n9) Un repr\u00e9sentant des organisations syndicales de salari\u00e9s : \nTitulaires Suppl\u00e9ants \nMonsieur Jos\u00e9 ALVAREZ - CFE CGC \nMadame Marie-Laurence BONMARCHAND \nMadame Bettina KEMPF \n \n10) Un repr\u00e9sentant des organisations syndicales d'employeurs : \nTitulaires Suppl\u00e9ants \nMadame Martine GUIBERT - CPME \nMadame H\u00e9l\u00e8ne REQUI \nMadame Evelyne GUFFENS \n \n11) Un repr\u00e9sentant des organisations syndicales des artisans, des commer\u00e7ants et des \nprofessions lib\u00e9rales :  \nTitulaires Suppl\u00e9ants \nEn attente de d\u00e9signation  En attente de d\u00e9signation \n \n12) Un repr\u00e9sentant au titre des associations \u0153uvrant dans le champ de la lutte contre la \npr\u00e9carit\u00e9 :  \nTitulaires Suppl\u00e9ants \nMonsieur Pascal BOUCART - URIOPSS IDF \nMonsieur Simon BURRUNI - URIOPSS IDF \nMadame Judith OLLE \u2013 URIOPSS IDF \n \n13) Un repr\u00e9sentant de la branche retraite et de la branche des accidents du travail : \nTitulaires Suppl\u00e9ants \nMonsieur Noel MOURE - CRAMIF En attente de d\u00e9signation \n \n  \nAgence R\u00e9gionale de Sant\u00e9 - IDF-2025-10-15-00002 - Arr\u00eat\u00e9 n\u00b02025/29 modifiant la composition de la commission sp\u00e9cialis\u00e9e \u00ab\nPr\u00e9vention \u00bb de la\nConf\u00e9rence R\u00e9gionale de la Sant\u00e9 et de l'Autonomie de la r\u00e9gion \u00cele-de-France\n8\n \n6 \n \n14) Un repr\u00e9sentant des caisses d'allocations familiales : \nTitulaires Suppl\u00e9ants \nMonsieur Moulay TAHIRI, Vice-pr\u00e9sident de la  \nCAF (94)  \nMadame Dolor\u00e8s DAMBRIN, Administratrice de la \nCAF (75) \nMadame Marinette SOLER -KERRIEN, Pr\u00e9sidente \nde la CAF (93) \n \n15) Un repr\u00e9sentant de la Mutualit\u00e9 Fran\u00e7aise : \nTitulaires Suppl\u00e9ants \nMonsieur Aldino IZZI   - Membre du bureau Mutualit\u00e9 \nFran\u00e7aise) \nMonsieur Philippe HEDIN, Pr\u00e9sident de l'Union \ndes Mutuelles co-g\u00e9r\u00e9es-social  \nMadame Carole DECHAMPS - Mutualit\u00e9 \nFran\u00e7aise \n \n16) Un repr\u00e9sentant des services de sant\u00e9 scolaire et universitaire : \nTitulaires Suppl\u00e9ants \nEn attente de d\u00e9signation \n \nEn attente de d\u00e9signation  \n \n \n17) Un repr\u00e9sentant des services de sant\u00e9 au travail : \nTitulaires Suppl\u00e9ants \nDocteur Karine FERRAND - AMETIF 95 \nMonsieur Olivier VAN HAUWAERT - CMIE 75 \nDocteur Michel KLERLEIN - SST AIR France 95 \n \n18) Un repr\u00e9sentant des services d\u00e9partementaux de PMI : \nTitulaires Suppl\u00e9ants \nEn attente de d\u00e9signation Docteur Claudette BUISSON - PMI 91 \n \n  \nAgence R\u00e9gionale de Sant\u00e9 - IDF-2025-10-15-00002 - Arr\u00eat\u00e9 n\u00b02025/29 modifiant la composition de la commission sp\u00e9cialis\u00e9e \u00ab\nPr\u00e9vention \u00bb de la\nConf\u00e9rence R\u00e9gionale de la Sant\u00e9 et de l'Autonomie de la r\u00e9gion \u00cele-de-France\n9\n \n7 \n \n19) Un repr\u00e9sentant des organismes \u0153uvrant dans le champ de la promotion de la sant\u00e9, la \npr\u00e9vention ou l'\u00e9ducation pour la sant\u00e9 :  \nTitulaires Suppl\u00e9ants \nMadame Isabelle GREMY, Personnalit\u00e9 Qualifi\u00e9e, \nHaut conseil de la sant\u00e9 publique \nDocteur Philippe CARETTE - Institut Renaudot \nMonsieur Jean NORMAND - Association \nAddictions \n \n20) Un repr\u00e9sentant au titre des organismes \u0153uvrant dans le domaine de l'observation de la \nsant\u00e9 : \nTitulaires Suppl\u00e9ants \nMadame Nathalie BELTZER - ORS IDF Madame Lydie GIBEY - CREAI \u00cele-de-France \n \n21) Un repr\u00e9sentant des associations de protection de l'environnement agr\u00e9\u00e9es : \nTitulaires Suppl\u00e9ants \nMadame Agn\u00e8s BAUCHE (FNE) \nMadame Marion PEPIN (FNE \nMonsieur Jean-Pierre PARISOT (FNE) \n \n22) Quatre repr\u00e9sentants des offreurs des services de sant\u00e9 : \nTitulaires Suppl\u00e9ants \nDocteur Mardoche SEBBAG - URPS m\u00e9decins \nDocteur Arnaud SAADA \nDocteur Bernard ELGHOZI \nMonsieur Yvan TOURJANSKY  - URPS masseurs \nkin\u00e9sith\u00e9rapeutes \nMadame Anne-Sophie HADELER \nDocteur Eric DOURIEZ \nEn attente de d\u00e9signation  \n \nEn attente de d\u00e9signation  \n \nMadame Claire PARDOEN \u2013 URIOPSS IDF \nMadame Charlotte LEBRUN - URIOPSS IDF \nMadame Brigitte VIGROUX - URIOPSS IDF \n \n \nAgence R\u00e9gionale de Sant\u00e9 - IDF-2025-10-15-00002 - Arr\u00eat\u00e9 n\u00b02025/29 modifiant la composition de la commission sp\u00e9cialis\u00e9e \u00ab\nPr\u00e9vention \u00bb de la\nConf\u00e9rence R\u00e9gionale de la Sant\u00e9 et de l'Autonomie de la r\u00e9gion \u00cele-de-France\n10\nDirection r\u00e9gionale et interd\u00e9partementale de\nl'\u00e9conomie, de l'emploi, du travail et des\nsolidarit\u00e9s d'\u00cele-de-France\nIDF-2025-09-30-00229\nD\u00e9cision n\u00b0 2025 - 190 du 30 septembre 2025\nportant affectation des agents de contr\u00f4le dans\nles unit\u00e9s de contr\u00f4le et gestion des int\u00e9rims de\nl'unit\u00e9 d\u00e9partementale de Paris de la DRIEETS\nd'Ile-de-France\nDirection r\u00e9gionale et interd\u00e9partementale de l'\u00e9conomie, de l'emploi, du travail et des solidarit\u00e9s d'\u00cele-de-France -\nIDF-2025-09-30-00229 - D\u00e9cision n\u00b0 2025 - 190 du 30 septembre 2025 portant affectation des agents de contr\u00f4le dans les unit\u00e9s de\ncontr\u00f4le et gestion des int\u00e9rims de l'unit\u00e9 d\u00e9partementale de Paris de la DRIEETS d'Ile-de-France\n11\nMINISTEREDU TRAVAIL, DE LA SANTE,DES SOLIDARITESET DES FAMILLESLibert\u00e9\u00c9galit\u00e9Fraternit\u00e9\n \nDirection r\u00e9gionale et interd\u00e9partementale \nde l'\u00e9conomie, de l'emploi, \ndu travail et des solidarit\u00e9s \n \n \n \nDRIEETS Ile de France                                                                                                                                                                                                                                   \n21 rue Madeleine Vionnet \n93300 Aubervilliers \n \nD\u00e9cision n\u00b0 2025 \u2013 190 du 30 septembre 2025 \nportant affectation des agents de contr\u00f4le dans les unit\u00e9s de contr\u00f4le et gestion des int\u00e9rims \n de l'unit\u00e9 d\u00e9partementale de Paris de la DRIEETS d'Ile-de-France \n \nLe directeur r\u00e9gional de l'\u00e9conomie, de l'emploi, du travail et des solidarit\u00e9s de la r\u00e9gion d'Ile-de-France,  \n \nVu le code du travail, notamment ses articles R 8122-1 et suivants,  \n \nVu l'arr\u00eat\u00e9 interminist\u00e9riel du 12 ao\u00fbt 2025 nommant M.  Fabrice MASI directeur r\u00e9gional et \ninterd\u00e9partemental de l'\u00e9conomie, de l'emploi, du travail et  des solidarit\u00e9s d'\u00cele-de-France, \u00e0 compter du \n25 ao\u00fbt 2025, \n \nVu l'arr\u00eat\u00e9 minist\u00e9riel du 25 mars 2024 portant cr\u00e9ation et r\u00e9partition des unit\u00e9s de contr\u00f4le de \nl'inspection du travail,  \n \nVu la d\u00e9cision n\u00b0 2025 -021 du 6 f\u00e9vrier 2025 du directeur r\u00e9gional et interd\u00e9partemental de l'\u00e9conomie, \nde l'emploi, du travail et des solidarit\u00e9s d'Ile de France relative \u00e0 la localisation et \u00e0 la d\u00e9limitation des \nunit\u00e9s de contr\u00f4le et des sections d'inspection du travail de l'unit\u00e9 d\u00e9partementale de Paris, \n \n \nD\u00c9CIDE \n \nArticle 1 : Les inspecteurs et contr\u00f4leurs du travail sont charg\u00e9s des actions d'inspection de la l\u00e9gislation \ndu travail dans les entreprises relevant des sections d'inspection du travail composant les unit\u00e9s de \ncontr\u00f4le du d\u00e9partement de Paris,  tel que d\u00e9fini dans le  tableau des affectations, d'int\u00e9rims et de \nsuppl\u00e9ances des sections, r\u00e9f\u00e9renc\u00e9s dans la colonne A de l'annexe en vigueur.  \n \nArticle 2  : les agents du corps de l'inspection du travail sont charg\u00e9s de l'int\u00e9rim des postes soit non \npourvus, soit vacants en raison de l'absence de longue dur\u00e9e de leur titulaire, tel que d\u00e9fini dans le tableau \ndes affectations, d'int\u00e9rims et de suppl\u00e9ances des sections, r\u00e9f\u00e9renc\u00e9s dan s la colonne B de l'annexe en \nvigueur. \n \nArticle 3  : Conform\u00e9ment aux dispositions de l'article R.8122 -11-1\u00b0 du code du travail, les pouvoirs de \nd\u00e9cision administrative relevant de la comp\u00e9tence exclusive d'un inspecteur du travail sont confi\u00e9s aux \ninspecteurs du travail mentionn\u00e9 tel que d\u00e9fini dans le tab leau des affectations, d'int\u00e9rims et de \nsuppl\u00e9ances des sections, r\u00e9f\u00e9renc\u00e9s dans la colonne C de l'annexe en vigueur.  \n \nEn cas d'absence ou d'emp\u00eachement d'un inspecteur mentionn\u00e9 \u00e0 l'annexe en vigueur, le pouvoir de \nd\u00e9cision est assur\u00e9 par l'inspecteur charg\u00e9 d'assurer l'int\u00e9rim de celui -ci en application de l'article 5. \n \nArticle 4 : Conform\u00e9ment aux dispositions de l'article R.8122 -11-2\u00b0 du code du travail, le contr\u00f4le de tout \nou partie des \u00e9tablissements d'au moins cinquante salari\u00e9s qui ne serait pas assur\u00e9 par les contr\u00f4leurs du \ntravail est confi\u00e9 aux inspecteurs du travail tel que d\u00e9fini dans le tableau des affectations, d'int\u00e9rims et de \nsuppl\u00e9ances des sections, r\u00e9f\u00e9renc\u00e9s dans la colonne D et E de l'annexe en vigueur.  \n \nDirection r\u00e9gionale et interd\u00e9partementale de l'\u00e9conomie, de l'emploi, du travail et des solidarit\u00e9s d'\u00cele-de-France -\nIDF-2025-09-30-00229 - D\u00e9cision n\u00b0 2025 - 190 du 30 septembre 2025 portant affectation des agents de contr\u00f4le dans les unit\u00e9s de\ncontr\u00f4le et gestion des int\u00e9rims de l'unit\u00e9 d\u00e9partementale de Paris de la DRIEETS d'Ile-de-France\n12\n  \n                                                                                                                                                                                                                              2 / 8 \n \n \nArticle 5 : En cas de vacance de poste, d'absence ou d'emp\u00eachement pour une dur\u00e9e inf\u00e9rieure \u00e0 un mois \nd'un ou plusieurs agents de contr\u00f4le d\u00e9sign\u00e9s \u00e0 l'article 1 ci-dessus, l'int\u00e9rim est organis\u00e9 selon les modalit\u00e9s \nci-apr\u00e8s : \n \nUnit\u00e9 de contr\u00f4le des 1er et 2\u00e8 arrondissements : UC 01-02 \n \nL'int\u00e9rim du responsable de l'unit\u00e9 de contr\u00f4le est assur\u00e9 par l'un des responsables des unit\u00e9s de contr\u00f4le \ndes 3 \u00e8, 4 \u00e8 et 11 \u00e8 arrondissements, du 9 \u00e8arrondissement, des 10 \u00e8 et 18 \u00e8 arrondissements, du 12 \u00e8 \narrondissement, du 17\u00e8, des 19\u00e8 et 20\u00e8 arrondissements ou des transports. \n \n \nL'int\u00e9rim des inspecteurs du travail est assur\u00e9 par l'un des inspecteurs de l'unit\u00e9 de contr\u00f4le des 1 er et 2\u00e8 \narrondissements ou en cas de vacance temporaire, d'absence ou d'emp\u00eachement simultan\u00e9s, par un des \ninspecteurs du travail de l'unit\u00e9 de contr\u00f4le des 3\u00e8, 4\u00e8 et 11\u00e8 arrondissements, du 12\u00e8 arrondissement ou de \nl'unit\u00e9 de contr\u00f4le des 19\u00e8 et 20\u00e8 arrondissements, ou par le responsable de l'unit\u00e9 de contr\u00f4le.  \n \nUnit\u00e9 de contr\u00f4le des 3\u00e8, 4\u00e8 et 11\u00e8 arrondissements : UC 03-04-11 \n \nL'int\u00e9rim du responsable de l'unit\u00e9 de contr\u00f4le est assur\u00e9 par l'un des responsables des unit\u00e9s de contr\u00f4le \ndes 1er et 2\u00e8 arrondissements, du 9\u00e8 arrondissement, des 10\u00e8 et 18\u00e8 arrondissements, du 12\u00e8 arrondissement, \ndu 17\u00e8, des 19\u00e8 et 20\u00e8 arrondissements ou des transports. \n \nL'int\u00e9rim des inspecteurs du travail est assur\u00e9 par l'un des inspecteurs de l'unit\u00e9 de contr\u00f4le des 3 \u00e8, 4\u00e8 et \n11\u00e8 arrondissements ou en cas de vacance temporaire, d'absence ou d'emp\u00eachement simultan\u00e9s, par un \ndes inspecteurs du travail des unit\u00e9s de contr\u00f4le 1 er et 2\u00e8 arrondissements, du 12 \u00e8 arrondissement ou des \n19\u00e8 et 20\u00e8 arrondissements, ou par le responsable de l'unit\u00e9 de contr\u00f4le.  \n \nL'int\u00e9rim du contr\u00f4leur du travail est assur\u00e9 par l'un des agents de contr\u00f4le de l'unit\u00e9 de contr\u00f4le des 3 \u00e8, \n4\u00e8 et 11\u00e8 arrondissements ou en cas de vacance temporaire, d'absence ou d'emp\u00eachement simultan\u00e9s, par \nun des agents de contr\u00f4le des unit\u00e9s de contr\u00f4le des 1 er et 2\u00e8 arrondissements, du 12\u00e8 arrondissement ou \ndes 19\u00e8 et 20\u00e8 arrondissements. \n \nUnit\u00e9 de contr\u00f4le des 5\u00e8s, 6\u00e8 et 7\u00e8 arrondissements : UC 05-06-07 \n \nL'int\u00e9rim du responsable de l'unit\u00e9 de contr\u00f4le est assur\u00e9 par l'un des responsables des unit\u00e9s de contr\u00f4le \ndu 8 \u00e8 arrondissement, des 13\u00e8 et  14\u00e8 arrondissements, du 15\u00e8 ou 16-\u00e8 arrondissement.  \n \nL'int\u00e9rim des inspecteurs du travail est assur\u00e9 par l'un des inspecteurs de l'unit\u00e9 de contr\u00f4le des 5 \u00e8, 6\u00e8 et \n7\u00e8 arrondissements ou en cas de vacance temporaire, d'absence ou d'emp\u00eachement simultan\u00e9s, par un \ndes inspecteurs du travail des unit\u00e9s de contr\u00f4le des 10\u00e8 et 18\u00e8 arrondissements, du 17\u00e8 arrondissement ou \ndes transports, ou par le responsable de l'unit\u00e9 de contr\u00f4le. \n \nUnit\u00e9 de contr\u00f4le du 8\u00e8 arrondissement : UC 08 \n \nL'int\u00e9rim du responsable de l'unit\u00e9 de contr\u00f4le est assur\u00e9 par l'un des responsables des unit\u00e9s de contr\u00f4le \ndes 5\u00e8, 6\u00e8 et 7\u00e8 arrondissements, des 13\u00e8 et 14\u00e8 arrondissements, du 15\u00e8 ou 16\u00e8 arrondissement. \n \nL'int\u00e9rim des inspecteurs du travail est assur\u00e9 par l'un des inspecteurs de l'unit\u00e9 de contr\u00f4le du 8 \u00e8 \narrondissement ou en cas de vacance temporaire, d'absence ou d'emp\u00eachement simultan\u00e9s, par un des \ninspecteurs du travail de l'unit\u00e9 de contr\u00f4le du 9 \u00e8 arrondissement, ou par le responsable de l'unit\u00e9 de \ncontr\u00f4le. \n \nDirection r\u00e9gionale et interd\u00e9partementale de l'\u00e9conomie, de l'emploi, du travail et des solidarit\u00e9s d'\u00cele-de-France -\nIDF-2025-09-30-00229 - D\u00e9cision n\u00b0 2025 - 190 du 30 septembre 2025 portant affectation des agents de contr\u00f4le dans les unit\u00e9s de\ncontr\u00f4le et gestion des int\u00e9rims de l'unit\u00e9 d\u00e9partementale de Paris de la DRIEETS d'Ile-de-France\n13\n  \n                                                                                                                                                                                                                              3 / 8 \n \n \nL'int\u00e9rim du contr\u00f4leur du travail est assur\u00e9 par l'un des agents de contr\u00f4le de l'unit\u00e9 de contr\u00f4le du 8 \u00e8 \narrondissement ou en cas de vacance temporaire, d'absence ou d'emp\u00eachement simultan\u00e9s, par un des \nagents de contr\u00f4le de l'unit\u00e9 de contr\u00f4le du 9\u00e8 arrondissement. \n \nUnit\u00e9 de contr\u00f4le du 9\u00e8 arrondissement : UC 09 \n \nL'int\u00e9rim du responsable de l'unit\u00e9 de contr\u00f4le est assur\u00e9 par l'un des responsables des unit\u00e9s de contr\u00f4le \ndes 1er et 2\u00e8 arrondissements, des 10\u00e8 et 18\u00e8 arrondissements, du 12\u00e8 arrondissement, du 17\u00e8, des 19\u00e8 et 20\u00e8 \narrondissements ou des transports. \nL'int\u00e9rim des inspecteurs du travail est assur\u00e9 par l'un des inspecteurs de l'unit\u00e9 de contr\u00f4le du 9 \u00e8 \narrondissement ou en cas de vacance temporaire, d'absence ou d'emp\u00eachement simultan\u00e9s, par un des \ninspecteurs du travail de l'unit\u00e9 de contr\u00f4le du 8 \u00e8 arrondissement, ou par le responsable de l'unit\u00e9 de \ncontr\u00f4le. \n \nL'int\u00e9rim du contr\u00f4leur du travail est assur\u00e9 par l'un des agents de contr\u00f4le de l'unit\u00e9 de contr\u00f4le du 9 \u00e8 \narrondissement ou en cas de vacance temporaire, d'absence ou d'emp\u00eachement simultan\u00e9s, par un des \nagents de contr\u00f4le de l'unit\u00e9 de contr\u00f4le du 8\u00e8 arrondissement. \n \n \n \n \nUnit\u00e9 de contr\u00f4le des 10\u00e8 et 18\u00e8 arrondissements : UC 10-18 \n \nL'int\u00e9rim du responsable de l'unit\u00e9 de contr\u00f4le est assur\u00e9 par l'un des responsables des unit\u00e9s de contr\u00f4le \ndes 1 er et 2 \u00e8 arrondissements, des 3 \u00e8, 4 \u00e8 et 11 \u00e8 arrondissements, du 9 \u00e8 arrondissement, du 12 \u00e8 \narrondissement, du 17\u00e8, des 19\u00e8 et 20\u00e8 arrondissements ou des transports. \n \nL'int\u00e9rim des inspecteurs du travail est assur\u00e9 par l'un des inspecteurs de l'unit\u00e9 de contr\u00f4le des 10 \u00e8 et 18\u00e8 \narrondissements ou en cas de vacance temporaire, d'absence ou d'emp\u00eachement simultan\u00e9s, par un des \ninspecteurs du travail des unit\u00e9s de contr\u00f4le du 9 \u00e8 arrondissement, du 17 \u00e8 arrondissement ou des \ntransports, ou par le responsable de l'unit\u00e9 de contr\u00f4le. \n \nUnit\u00e9 de contr\u00f4le du 12\u00e8 arrondissement : UC 12 \n \nL'int\u00e9rim du responsable de l'unit\u00e9 de contr\u00f4le est assur\u00e9 par l'un des responsables des unit\u00e9s de contr\u00f4le \ndes 1 er et 2 \u00e8 arrondissements, des 3 \u00e8, 4 \u00e8 et 11 \u00e8 arrondissements, du 9 \u00e8 arrondissement, des 10 \u00e8 et 18 \u00e8 \narrondissements, du 17\u00e8, des 19\u00e8 et 20\u00e8 arrondissements ou des transports. \n \nL'int\u00e9rim des inspecteurs du travail est assur\u00e9 par l'un des inspecteurs de l'unit\u00e9 de contr\u00f4le du 12 \u00e8 \narrondissement ou en cas de vacance temporaire, d'absence ou d'emp\u00eachement simultan\u00e9s, par un des \ninspecteurs du travail des unit\u00e9s de contr\u00f4le des 1ers et 2\u00e8 arrondissements, des 3\u00e8, 4\u00e8 et 11\u00e8 arrondissements, \ndes 10\u00e8 et 18 \u00e8 et 17\u00e8, 19\u00e8 et 20\u00e8 arrondissements, ou par le responsable de l'unit\u00e9 de contr\u00f4le.  \n \nUnit\u00e9 de contr\u00f4le des 13\u00e8 et 14\u00e8 arrondissements : UC 13-14 \n \nL'int\u00e9rim du responsable de l'unit\u00e9 de contr\u00f4le est assur\u00e9 par l'un des responsables des unit\u00e9s de contr\u00f4le \ndu 15\u00e8, du 16\u00e8 arrondissement, du 8\u00e8 arrondissement ou des 5\u00e8, 6\u00e8 et 7\u00e8 arrondissements, ou par la directrice \ndu secteur sud. \n \nL'int\u00e9rim des inspecteurs du travail est assur\u00e9 par l'un des inspecteurs de l'unit\u00e9 de contr\u00f4le du 13 \u00e8 et 14\u00e8 \narrondissement ou en cas de vacance temporaire, d'absence ou d'emp\u00eachement simultan\u00e9s, par un des \ninspecteurs du travail des unit\u00e9s de contr\u00f4le du 15\u00e8 arrondissement, ou du 16\u00e8 arrondissement.  \n \nDirection r\u00e9gionale et interd\u00e9partementale de l'\u00e9conomie, de l'emploi, du travail et des solidarit\u00e9s d'\u00cele-de-France -\nIDF-2025-09-30-00229 - D\u00e9cision n\u00b0 2025 - 190 du 30 septembre 2025 portant affectation des agents de contr\u00f4le dans les unit\u00e9s de\ncontr\u00f4le et gestion des int\u00e9rims de l'unit\u00e9 d\u00e9partementale de Paris de la DRIEETS d'Ile-de-France\n14\n  \n                                                                                                                                                                                                                              4 / 8 \n \n \nUnit\u00e9 de contr\u00f4le du 15\u00e8 arrondissement : UC 15 \n \nL'int\u00e9rim du responsable de l'unit\u00e9 de contr\u00f4le est assur\u00e9 par l'un des responsables des unit\u00e9s de contr\u00f4le, \ndes 13 \u00e8 et 14 \u00e8 arrondissements, du 16 \u00e8 arrondissement, du 8 \u00e8 arrondissement ou des 5 \u00e8, 6 \u00e8 et 7 \u00e8 \narrondissements  \n \nL'int\u00e9rim des inspecteurs du travail est assur\u00e9 par l'un des inspecteurs de l'unit\u00e9 de contr\u00f4le du 15 \u00e8 \narrondissement ou en cas de vacance temporaire, d'absence ou d'emp\u00eachement simultan\u00e9s, par un des \ninspecteurs du travail des unit\u00e9s de contr\u00f4le des 13 \u00e8 et 14\u00e8 arrondissements, ou du 16\u00e8 arrondissement, ou \npar le responsable de l'unit\u00e9 de contr\u00f4le. \n \nUnit\u00e9 de contr\u00f4le du 16\u00e8 arrondissement : UC 16 \n \nL'int\u00e9rim du responsable de l'unit\u00e9 de contr\u00f4le est assur\u00e9 par l'un des responsables des unit\u00e9s de contr\u00f4le \ndes 13 \u00e8 et 14 \u00e8 arrondissements, du 15 \u00e8 arrondissement, du 8 \u00e8 arrondissement ou des 5 \u00e8, 6 \u00e8 et 7 \u00e8 \narrondissements. \n \nL'int\u00e9rim des inspecteurs du travail est assur\u00e9 par l'un des inspecteurs de l'unit\u00e9 de contr\u00f4le du 16 \u00e8 \narrondissement ou en cas de vacance temporaire, d'absence ou d'emp\u00eachement simultan\u00e9s, par un des \ninspecteurs du travail des unit\u00e9s de contr\u00f4le des 13 \u00e8 et 14\u00e8 arrondissements, ou du 15\u00e8 arrondissement, ou \npar le responsable de l'unit\u00e9 de contr\u00f4le. \n \nUnit\u00e9 de contr\u00f4le du 17\u00e8 arrondissement : UC 17 \n \nL'int\u00e9rim du responsable de l'unit\u00e9 de contr\u00f4le est assur\u00e9 par l'un des responsables des unit\u00e9s de contr\u00f4le \ndes 1 er et 2 \u00e8 arrondissements, des 3 \u00e8, 4 \u00e8 et 11 \u00e8 arrondissements, du 9 \u00e8arrondissement, des 10 \u00e8 et 18 \u00e8 \narrondissements, du 12\u00e8 ; des 19\u00e8 et 20\u00e8 arrondissements ou des transports. \n \nL'int\u00e9rim des inspecteurs du travail est assur\u00e9 par l'un des inspecteurs de l'unit\u00e9 de contr\u00f4le du 17 \u00e8 \narrondissement ou en cas de vacance temporaire, d'absence ou d'emp\u00eachement simultan\u00e9s, par un des \ninspecteurs du travail des unit\u00e9s de contr\u00f4le du 9 \u00e8 arrondissement, des 10 \u00e8 et 18\u00e8 ; du 12\u00e8 ; des 19 \u00e8 et 20\u00e8 \narrondissement ou des transports, ou par le responsable de l'unit\u00e9 de contr\u00f4le.  \n \nUnit\u00e9 de contr\u00f4le des 19\u00e8 et 20\u00e8 arrondissements : UC 19-20 \n \nL'int\u00e9rim du responsable de l'unit\u00e9 de contr\u00f4le est assur\u00e9 par l'un des responsables des unit\u00e9s de contr\u00f4le \ndes 1 er et 2 \u00e8 arrondissements, des 3 \u00e8, 4 \u00e8 et 11 \u00e8 arrondissements, du 9 \u00e8 arrondissement, des 10 \u00e8 et 18 \u00e8 \narrondissements, du 12\u00e8 arrondissement, du 17\u00e8 arrondissement ou des transports. \n \nL'int\u00e9rim des inspecteurs du travail est assur\u00e9 par l'un des inspecteurs de l'unit\u00e9 de contr\u00f4le des 19 \u00e8 et 20\u00e8 \narrondissements ou en cas de vacance temporaire, d'absence ou d'emp\u00eachement simultan\u00e9s, par un des \ninspecteurs du travail des unit\u00e9s de contr\u00f4le des 1er et 2\u00e8 arrondissements, des 3\u00e8, 4\u00e8 et 11\u00e8 arrondissements \nou du 12\u00e8 arrondissement, ou par le responsable de l'unit\u00e9 de contr\u00f4le.  \n \nL'int\u00e9rim du contr\u00f4leur du travail est assur\u00e9 par l'un des agents de contr\u00f4le de l'unit\u00e9 de contr\u00f4le des 19 \u00e8 \net 20\u00e8 arrondissements ou en cas de vacance temporaire, d'absence ou d'emp\u00eachement simultan\u00e9s, par \nun des agents de contr\u00f4le des unit\u00e9s de contr\u00f4le des 1er et 2\u00e8 arrondissements, 3\u00e8, 4\u00e8 et 11\u00e8 arrondissements \nou du 12\u00e8 arrondissement. \n \n \n \n \n \nDirection r\u00e9gionale et interd\u00e9partementale de l'\u00e9conomie, de l'emploi, du travail et des solidarit\u00e9s d'\u00cele-de-France -\nIDF-2025-09-30-00229 - D\u00e9cision n\u00b0 2025 - 190 du 30 septembre 2025 portant affectation des agents de contr\u00f4le dans les unit\u00e9s de\ncontr\u00f4le et gestion des int\u00e9rims de l'unit\u00e9 d\u00e9partementale de Paris de la DRIEETS d'Ile-de-France\n15\n  \n                                                                                                                                                                                                                              5 / 8 \n \n \nUnit\u00e9 de contr\u00f4le Transport : UC TR \n \nL'int\u00e9rim du responsable de l'unit\u00e9 de contr\u00f4le est assur\u00e9 par l'un des responsables des unit\u00e9s de contr\u00f4le \ndes 1 er et 2 \u00e8 arrondissements, des 3 \u00e8, 4 \u00e8 et 11 \u00e8 arrondissements, du 9 \u00e8arrondissement, des 10 \u00e8 et 18 \u00e8 \narrondissements, du 12\u00e8 arrondissement, du 17\u00e8 arrondissement ou des 19\u00e8 et 20\u00e8 arrondissements. \n \nL'int\u00e9rim des inspecteurs du travail est assur\u00e9 par l'un des inspecteurs de l'unit\u00e9 de contr\u00f4le transport du \nd\u00e9partement ou en cas de vacance temporaire, d'absence ou d'emp\u00eachement simultan\u00e9s, par un des \ninspecteurs du travail des unit\u00e9s de contr\u00f4le du 9 \u00e8 arrondissement, des 10 \u00e8 et 18\u00e8 arrondissements ou du \n17\u00e8 arrondissement, ou par le responsable de l'unit\u00e9 de contr\u00f4le.  \n \nArticle 6 : Conform\u00e9ment aux dispositions de l'article R. 8122-10 du Code du travail, les agents mentionn\u00e9s \n\u00e0 l'article 1 participent lorsque l'action le rend n\u00e9cessaire aux actions d'inspection de la l\u00e9gislation du travail \nsur le territoire de l'unit\u00e9 d\u00e9partementale de Paris. \n \nArticle 7 : La pr\u00e9sente d\u00e9cision prend effet \u00e0 la date de sa publication et abroge la d\u00e9cision n\u00b0 2025-171 \u2013 \n03 septembre 2025. \n \n \nArticle 8 : Le directeur r\u00e9gional et interd\u00e9partemental de l'\u00e9conomie, de l'emploi, du travail et des \nsolidarit\u00e9s d'Ile-de-France est charg\u00e9 de l'application de la pr\u00e9sente d\u00e9cision, qui sera publi\u00e9e au recueil \ndes actes administratifs de la r\u00e9gion d'\u00cele-de-France.  \n \n \n \nFait \u00e0 Aubervilliers, le 30 septembre 2025 \n \nLe Directeur r\u00e9gional et interd\u00e9partemental de l'\u00e9conomie, \nde l'emploi, du travail et des solidarit\u00e9s par int\u00e9rim, \n \nSIGN\u00c9 \n \nFabrice MASI \n  \nDirection r\u00e9gionale et interd\u00e9partementale de l'\u00e9conomie, de l'emploi, du travail et des solidarit\u00e9s d'\u00cele-de-France -\nIDF-2025-09-30-00229 - D\u00e9cision n\u00b0 2025 - 190 du 30 septembre 2025 portant affectation des agents de contr\u00f4le dans les unit\u00e9s de\ncontr\u00f4le et gestion des int\u00e9rims de l'unit\u00e9 d\u00e9partementale de Paris de la DRIEETS d'Ile-de-France\n16\n  \n                                                                                                                                                                                                                              6 / 8 \n \n \nAnnexe : \nTableau des affectations des agents de contr\u00f4le dans les unit\u00e9s de contr\u00f4le des services d'inspection du \nTravail de l'UD de Paris. Gestion des int\u00e9rims et de la suppl\u00e9ance. Annex\u00e9 \u00e0 la d\u00e9cision. \n \n \n \n \nUC Section Ardt NOM et Pr\u00e9nom Grade\nUC / Section\nInterim\n > 1 mois\nd\u00e9cisions\nadministratives\nArt. R.8122-11-1\u00b0\n\u00e9ts. de \n \u2265 de 50 salari\u00e9s\nArt. R.8122-11-2\u00b0\n\u00e9ts. de \n+ de 300 salari\u00e9s\nArt. R.8122-11-2\u00b0\nUC 01-02 RUC 1-2 PEYRON Patrice DAT\nUC 01-02 1-1 1 MATHIEU Loic IT  \nUC 01-02 1-2 1 GIP Fanny IT\nUC 01-02 1-3 1 MORISSEAU No\u00e9mie IT\nUC 01-02 1-4 1 CREANTOR Ars\u00e8ne IT\nUC 01-02 1-5 1 Int\u00e9rimaire IT MORISSEAU No\u00e9mie\nUC 01-02 1-6 2 Int\u00e9rimaire IT Samia SAHEL \nUC 01-02 1-7 2 BLANCHO Marco IT\nUC 01-02 1-8 2 SAHEL Samia IT\nUC 01-02 1-9 2 JACQUEMIN Fatim IT\nUC 01-02 1-10 2 Int\u00e9rimaire IT MATHIEU Loic\nUC 01-02 1-11 2 CADIOU Benjamin IT\nUC 03-04-11 RUC 3-4-11  CARPENTIER J\u00e9r\u00e9mie DAT\nUC 03-04-11 3-1 3  HOFFMAN Mathilde IT\nUC 03-04-11 3-2 3  CHRISTELLE GLEMET IT   \nUC 03-04-11 3-3 3 GRUNHARD Tom IT\nUC 03-04-11 3-4 4 Int\u00e9rimaire DAT RAMBAUD Fran\u00e7oise\nUC 03-04-11 3-5 4 RAMBAUD Fran\u00e7oise DAT\nUC 03-04-11 3-6 11 PICHERY Maud IT\nUC 03-04-11 3-7 11 EL HABBAD Farida CT/IT MATHILDE HOFFMANN MATHILDE HOFFMANN MATHILDE HOFFMANN\nUC 03-04-11 3-8 11  LE HERICY DURAND Edouard IT  \nUC 03-04-11 3-9 11 LAGARDE St\u00e9phane IT\nUC 03-04-11 3-10 11  int\u00e9rimaire IT JEREMIE CARPENTIER\nUC 03-04-11 3-11 11 DUSSEUX Elise IT\nUC 05-06-07 RUC 5-6-7 TREMEL Pierre DAT\nUC 05-06-07 5-1 5 FUSINA Marc DAT\nUC 05-06-07 5-2 5 ALLARD JOLY Maud IT\nUC 05-06-07 5-3 5 Int\u00e9rimaire Pierre TR\u00c9MEL\nUC 05-06-07 5-4 6 GOMES Lionel IT\nUC 05-06-07 5-5 6 MARVALIN Val\u00e9rie IT\nUC 05-06-07 5-6 6 LABSSI Mornia IT\nUC 05-06-07 5-7 7 ZEROUALI Samira IT\nUC 05-06-07 5-8 7 DELOCHE Damien IT\nUC 05-06-07 5-9 7 MEDJOUDJ-MEZHAR Noura IT\nUC 08 RUC 8 Gianni DINOCCA DAT\nUC 8 8-1 8 int\u00e9rimaire IT LAVABRE Virginie\nUC 8 8-2 8 BOURJOLLY Nathalie IT\nUC 8 8-3 8 Ismehen ROJBI IT\nUC 8 8-4 8 PENELA Catarina IT\nUC 8 8-5 8 BELOVA Eug\u00e9nie IT\nUC 8 8-6 8 MORTREUIL Florence CT/IT SAVEAN Micheline LAVABRE Virginie  LAVABRE Virginie LAVABRE Virginie  \nUC 8 8-7 8 PONCE-KAHOUL Sarah IT\nUC 8 8-8 8 TISBA Nad\u00e8ge  \nUC 8 8-9 8 SCHORSCH M\u00e9lissa IT  \nUC 8 8-10 8 SAVEAN Micheline CT/IT PENELA Catarina\nUC 8 8-11 8 Int\u00e9rimaire IT PENELA Catarina\nUC 8 8-12 8 Jacques PETITIER IT\nUC 8 8-13 8 FREDERIC Caroline IT\nUC 8 8-14 8 Int\u00e9rimaire IT FREDERIC Caroline\nUC 8 8-15 8 LAVABRE Virginie IT\nUC 8 8-16 8 Int\u00e9rimaire IT LAVABRE Virginie\nDirection r\u00e9gionale et interd\u00e9partementale de l'\u00e9conomie, de l'emploi, du travail et des solidarit\u00e9s d'\u00cele-de-France -\nIDF-2025-09-30-00229 - D\u00e9cision n\u00b0 2025 - 190 du 30 septembre 2025 portant affectation des agents de contr\u00f4le dans les unit\u00e9s de\ncontr\u00f4le et gestion des int\u00e9rims de l'unit\u00e9 d\u00e9partementale de Paris de la DRIEETS d'Ile-de-France\n17\n  \n                                                                                                                                                                                                                              7 / 8 \n \n \n \n \nUC 09 RUC 9 Int\u00e9rim DAT AYMEN DE LAGEARD Lucile\nUC 09 9-1 9 VIDAL Roselyne IT\nUC 09 9-2 9 BLETTNER Honorine IT\nUC 09 9-3 9 PEREIRA C\u00e9line IT\nUC 09 9-4 9 HERER C\u00e9cile IT\nUC 09 9-5 9 HUMBERT James IT\nUC 09 9-6 9 GEAGEA Hanane IT\nUC 09 9-7 9 MORIO Caroline IT\nUC 09 9-8 9 AINSEBA Djamila IT\nUC 09 9-9 9 DEROO BLANQUART Laetitia DAT\nUC 09 9-10 9 JAKUBOWSKI Pierre CT / IT PEREIRA C\u00e9line PEREIRA C\u00e9line PEREIRA C\u00e9line\nUC 09 9-11 9 DELADREC Aurore IT\nUC 10-18 RUC 10-18 L'HOSTIS Ism\u00e9rie\nUC 10-18 10-1 10 MANIER Christelle IT\nUC 10-18 10-2 10 MALLEVRE Philippe IT\nUC 10-18 10-3 10 GOY S\u00e9bastien IT\nUC 10-18 10-4 10 OU-RABAH Samuel IT\nUC 10-18 10-5 10 WATERNAUX Marion IT\nUC 10-18 10-6 10 KAPUSCINSKI Chlo\u00e9 IT\nUC 10-18 10-7 10 GOUT Philippe IT\nUC 10-18 10-8 10 int\u00e9rimaire IT L'HOSTIS Ism\u00e9rie\nUC 10-18 10-9 18 BOUR Abdehadi IT\nUC 10-18 10-10 18 int\u00e9rimaire IT WATERNAUX Marion\nUC 10-18 10-11 18 int\u00e9rimaire IT GOUT Philippe\nUC 10-18 10-12 18 RULLE Betty IT   \nUC 12 RUC 12 BRESSON Elo\u00efse DAT\nUC 12 12-1 12 RAMBAUD Louis IT\nUC 12 12-2 12 ANDRIEU David IT\nUC 12 12-3 12 CANGOU-MINOS Eliane IT GARCIA Jean-Michel\nUC 12 12-4 12 THOMASSET C\u00e9cile IT\nUC 12 12-5 12 JEAN-LOUIS Manuel IT\nUC 12 12-6 12 GARCIA Jean-Michel IT\nUC 12 12-7 12 EL-AIDOUI Ilhem IT\nUC 12 12-8 12 BRESSON Elo\u00efse DAT\nUC 13-14 RUC 13-14 LUGUET Emmanuel DAT\nUC 13-14 13-1 13 Int\u00e9rimaire IT LUGUET Emmanuel\nUC 13-14 13-2 13 ABDELGHANI Mourad IT\nUC 13-14 13-3 13 MARTEL Thierry IT\nUC 13-14 13-4 13 DOS SANTOS OLIVEIRA Carlos IT\nUC 13-14 13-5 13 MOUALHI Nisar IT\nUC 13-14 13-6 13 CHEVREAU Barbara IT\nUC 13-14 13-7 14 LANG Samira IT\nUC 13-14 13-8 14 SOK Angkeavattey IT\nUC 13-14 13-9 14 FULCHIGNONI Aurelia IT\nUC 13-14 13-10 14 MALBOIS Estelle IT\nUC 13-14 13-11 14 LOPES-PEREIRA Julia \u00a0\u00a0\u00a0\u00a0\u00a0\u00a0\u00a0\u00a0\u00a0\u00a0\u00a0\u00a0\u00a0\u00a0\u00a0\u00a0 IT\nUC 15 RUC 15 TRAN VAN TI Maximilien DAT\nUC 15 15-1 15 MUNIER Delphine IT\nUC 15 15-2 15 DUPONT Vanessa IT TRAN VAN TI Maximilien\nUC 15 15-3 15 LE NAOUR Marc IT\nUC 15 15-4 15 NOUCK Alice IT\nUC 15 15-5 15 MAILLET Christ\u00e8le IT\nUC 15 15-6 15 TOUNKARA Fatimata IT\nUC 15 15-7 15 ZERGOUG Same IT\nUC 15 15-8 15 BOLORE Benoit IT\nUC 15 15-9 15 JULIEN Jean-Christophe IT\nUC 16 RUC 16 BERTRAND Michel DAT\nUC 16 16-1 16 MAROTAUX Nathalie IT\nUC 16 16-2 16 HAUVILLE Anthony IT\nUC 16 16-3 16 DURAND Flora IT\nUC 16 16-4 16 SCHWOB Jean-Bernard IT / DAT BERTRAND Michel\nUC 16 16-5 16 LAVA Nathalie IT\nUC 16 16-6 16 BLANCHET Barbara IT\nUC 16 16-7 16 RAUBER Olivier IT\nUC 16 16-8 16 CAZEAUD Julie IT\nDirection r\u00e9gionale et interd\u00e9partementale de l'\u00e9conomie, de l'emploi, du travail et des solidarit\u00e9s d'\u00cele-de-France -\nIDF-2025-09-30-00229 - D\u00e9cision n\u00b0 2025 - 190 du 30 septembre 2025 portant affectation des agents de contr\u00f4le dans les unit\u00e9s de\ncontr\u00f4le et gestion des int\u00e9rims de l'unit\u00e9 d\u00e9partementale de Paris de la DRIEETS d'Ile-de-France\n18\n  \n                                                                                                                                                                                                                              8 / 8 \n \n \n \n \n \n \n \n \n \n \n \n \n \n \n \n \n \n \n \n \n \n \n \n \n \n \n \n \nUC 17 RUC 17 HAMPARTZOUMIAN St\u00e9phane DAT\nUC 17 17-1 17 FABRONI Nicole IT  \nUC 17 17-2 17 CLAIRFAYT Marine IT\nUC 17 17-3 17 NIELZ Emilie IT\nUC 17 17-4 17  WESQUY Hugo IT\nUC 17 17-5 17 CHARCOSSET Aude IT\nUC 17 17-6 17 COHADE Marie IT\nUC 17 17-7 17 LESAINT Andr\u00e9a IT\nUC 19-20 RUC 19-20 AYMEN DE LAGEARD Lucile DAT\nUC 19-20 19-1 19 COHADE Marie IT\nUC 19-20 19-2 19 JORRO Elise IT\nUC 19-20 19-3 19 BRIAND Eric IT    \nUC 19-20 19-4 19 Int\u00e9rimaire IT COHADE Marie\nUC 19-20 19-5 19 REYNAUD Valentine IT\nUC 19-20 19-6 20 ARNUEL Herv\u00e9 CT/IT AYMEN DE LAGEARD Lucile AYMEN DE LAGEARD Lucile AYMEN DE LAGEARD Lucile\nUC 19-20 19-7 20 COUPE Claire IT\nUC 19-20 19-8 20 CHEURFA Loun\u00e8s IT\nUC 19-20 19-9 20 PEZ Marine IT\nUC TR RUC LOISET St\u00e9phane DAT\nUC TR TR-1  HUBERT Marie IT\nUC TR TR-2 BEAUD Arthur IT\nUC TR TR-3 AMOROSI L\u00e9a IT\nUC TR TR-4 BRIANTAIS Emeline IT\nUC TR TR-5 BURDIN Yann IT\nUC TR TR-6 Int\u00e9rimaire IT BURDIN Yann\nDirection r\u00e9gionale et interd\u00e9partementale de l'\u00e9conomie, de l'emploi, du travail et des solidarit\u00e9s d'\u00cele-de-France -\nIDF-2025-09-30-00229 - D\u00e9cision n\u00b0 2025 - 190 du 30 septembre 2025 portant affectation des agents de contr\u00f4le dans les unit\u00e9s de\ncontr\u00f4le et gestion des int\u00e9rims de l'unit\u00e9 d\u00e9partementale de Paris de la DRIEETS d'Ile-de-France\n19\nDirection r\u00e9gionale et interd\u00e9partementale de\nl'\u00e9conomie, de l'emploi, du travail et des\nsolidarit\u00e9s d'\u00cele-de-France\nIDF-2025-09-30-00230\nD\u00e9cision n\u00b0 2025- 185 du 30 septembre 2025\nportant affectation des agents de contr\u00f4le dans\nles unit\u00e9s de contr\u00f4le et gestion des int\u00e9rims au\nsein de la direction d\u00e9partementale de l'emploi,\ndu travail et des solidarit\u00e9s des Yvelines\nDirection r\u00e9gionale et interd\u00e9partementale de l'\u00e9conomie, de l'emploi, du travail et des solidarit\u00e9s d'\u00cele-de-France -\nIDF-2025-09-30-00230 - D\u00e9cision n\u00b0 2025- 185 du 30 septembre 2025\nportant affectation des agents de contr\u00f4le dans les unit\u00e9s de contr\u00f4le et gestion des int\u00e9rims au sein de la direction d\u00e9partementale\nde l'emploi, du travail et des solidarit\u00e9s des Yvelines\n20\nMINISTERE |DU TRAVAIL, DE LA SANT\u00c9,DES SOLIDARIT\u00c9SET DES FAMILLESLibert\u00e9Egalit\u00e9Fraternit\u00e9\nDirection r\u00e9gionale et interd\u00e9partementale\nde l'\u00e9conomie, de l'emploi,\ndu travail et des solidarit\u00e9s\nd'Ile de France\nD\u00e9cision n\u00b0 2025- 185 du 30 septembre 2025\nportant affectation des agents de contr\u00f4le dans les unit\u00e9s de contr\u00f4le et gestion des int\u00e9rims\nau sein de la direction d\u00e9partementale de l'emploi, du travail et des solidarit\u00e9s des Yvelines\nLe directeur r\u00e9gional et interd\u00e9partemental de l'\u00e9conomie, de l'emploi, du travail et des solidarit\u00e9s de la  \nr\u00e9gion Ile-de-France,\nVu le code du travail, notamment ses articles R. 8122-1 et suivants,\nVu  le d\u00e9cret n\u00b0 2020-1545 du 9 d\u00e9cembre 2020 relatif \u00e0 l'organisation et aux missions des directions  \nr\u00e9gionales de l'\u00e9conomie, de l'emploi, du travail et des solidarit\u00e9s, des directions d\u00e9partementales de  \nl'emploi,  du  travail  et  des  solidarit\u00e9s  et  des  directions  d\u00e9partementales  de l'emploi,  du  travail,  des  \nsolidarit\u00e9s et de la protection des populations,\nVu  l'arr\u00eat\u00e9  interminist\u00e9riel  du  12  ao\u00fbt  2025  nommant  Fabrice  MASI  directeur  r\u00e9gional  et  \ninterd\u00e9partemental de l'\u00e9conomie, de l'emploi, du travail et des solidarit\u00e9s d'\u00cele-de-France, \u00e0 compter du  \n25 ao\u00fbt 2025,\nVu  l'arr\u00eat\u00e9 minist\u00e9riel du  25 mars 2024  portant r\u00e9partition des unit\u00e9s de contr\u00f4le de l'inspection du  \ntravail,\nVu la d\u00e9cision n\u00b0 2025-046 du 28 mars 2025 du directeur r\u00e9gional et interd\u00e9partemental de l'\u00e9conomie,  \nde l'emploi, du travail et des solidarit\u00e9s d'Ile-de-France relative \u00e0 la localisation et \u00e0 la d\u00e9limitation des  \nunit\u00e9s de contr\u00f4le et des sections d'inspection du travail de la direction d\u00e9partementale de l'emploi, du  \ntravail et des solidarit\u00e9s des Yvelines,\nD\u00c9CIDE\nArticle  1 :  Sont  nomm\u00e9s  responsables  d'unit\u00e9s  de  contr\u00f4le  d'inspection  du  travail  de  la  direction  \nd\u00e9partementale de l'emploi, du travail et des solidarit\u00e9s des Yvelines les agents suivants :\n\uf0b7 Unit\u00e9 de contr\u00f4le n\u00b01 : Madame Agn\u00e8s DAVID, Directrice Adjointe du Travail\u00a0;\n\uf0b7 Unit\u00e9 de contr\u00f4le n\u00b02 : Monsieur Jacques POM, Directeur Adjoint du Travail\u00a0;\n\uf0b7 Unit\u00e9 de contr\u00f4le n\u00b03 : Madame Laila EL-MAAKOUL, Directrice Adjointe du Travail\u00a0;  \n\uf0b7 Unit\u00e9 de contr\u00f4le n\u00b04\u00a0: poste vacant, l'int\u00e9rim est assur\u00e9 par Madame Laila EL-MAAKOUL, Directrice  \nAdjointe du Travail.\nArticle 2  : Sans pr\u00e9judice des dispositions de l'article R. 8122-10 1\u00b0 du code du travail et conform\u00e9ment  \naux dispositions de l'article R. 8122-11 du code du travail, sont affect\u00e9s dans les sections d'inspection du  \ntravail de la direction d\u00e9partementale de l'emploi, du travail et des solidarit\u00e9s des Yvelines les agents  \nsuivants :\n1. Unit\u00e9 de contr\u00f4le n\u00b01  \u00a0:\nDRIEETS Ile-de-France\n21 rue Madeleine Vionnet\n93\u00a0300 AUBERVILLIERS \nDirection r\u00e9gionale et interd\u00e9partementale de l'\u00e9conomie, de l'emploi, du travail et des solidarit\u00e9s d'\u00cele-de-France -\nIDF-2025-09-30-00230 - D\u00e9cision n\u00b0 2025- 185 du 30 septembre 2025\nportant affectation des agents de contr\u00f4le dans les unit\u00e9s de contr\u00f4le et gestion des int\u00e9rims au sein de la direction d\u00e9partementale\nde l'emploi, du travail et des solidarit\u00e9s des Yvelines\n21\n\uf0b7 Section 1  \u00a0: Madame Evelle SIROT, Inspectrice du Travail\u00a0;\n\uf0b7 Section 2  \u00a0: Madame Annie ANGER, Inspectrice du Travail\u00a0;\n\uf0b7 Section 3  \u00a0: Madame Sandrine BERTINO, Inspectrice du Travail\u00a0;\n\uf0b7 Section 4  \u00a0: Madame Marie-Michelle ALGAIN, Inspectrice du Travail\u00a0;\n\uf0b7 Section 5  \u00a0: Madame Anne-Laure MERELLE, Inspectrice du Travail\u00a0;\n\uf0b7 Section 6  \u00a0: Madame Nolwenn MAUROT, Inspectrice du Travail, et Madame Agn\u00e8s DAVID, Directrice \nAdjointe du Travail pour l'\u00e9tablissement STANNIS, sis 1 IMPASSE CHARLES TELLIER 78520 Limay\u00a0;\n\uf0b7 Section 7  \u00a0: Madame Nathalie DE CARVALHO, Inspectrice du Travail\u00a0;\n\uf0b7 Section 8  \u00a0: section vacante, l'int\u00e9rim est assur\u00e9 par\u00a0:\n\uf0a7 Madame Sandrine BERTINO, Inspectrice du Travail, sur la commune d'Ach\u00e8res\n\uf0a7 Madame Capucine GAMBA, Inspectrice du Travail, sur la commune d'Andr\u00e9sy\n\uf0a7 Madame Nathalie DE CARVALHO, Inspectrice du Travail, sur la commune de Poissy\u00a0;\n\uf0b7 Section 9  \u00a0: Madame Ana\u00efs FERKELI, Inspectrice du Travail\u00a0;\n\uf0b7 Section 10  \u00a0: Madame Capucine GAMBA, Inspectrice du Travail\u00a0;\n\uf0b7 Section 11  \u00a0: Madame Lucie TELBOIS, Inspectrice du Travail\u00a0;\n2. Unit\u00e9 de contr\u00f4le n\u00b02  \u00a0:\n\uf0b7 Section 1   : Monsieur Florian TABUTEAU, Inspecteur du travail\u00a0;\n\uf0a7 Section 2   : section vacante\u00a0; l'int\u00e9rim est assur\u00e9 par Monsieur Frank GALEA, Inspecteur du Travail\u00a0;\n\uf0b7 Section 3   : Madame Catherine PAGAN, Inspectrice du travail\u00a0;\n\uf0b7 Section 4  \u00a0: Madame Aurore GIRARD-WASKIW, Inspectrice du Travail\u00a0;\n\uf0b7 Section 5   : Monsieur Frank GALEA, Inspecteur du Travail\u00a0;\n\uf0b7 Section 6  \u00a0: Madame Karine TURQUER, Inspectrice du Travail ;\n\uf0b7 Section  7  \u00a0:  section  vacante\u00a0;  l'int\u00e9rim  est  assur\u00e9 par  Madame Karine  TURQUER,  Inspectrice du  \ntravail\u00a0;\n\uf0b7 Section 8  \u00a0: Monsieur El Hadji Alce SECK, Inspecteur du Travail\u00a0;\n3. Unit\u00e9 de contr\u00f4le n\u00b03  \u00a0:\n\uf0b7 Section 1   : Madame Chlo\u00e9 MARIE, Inspectrice du Travail ;\n\uf0b7 Section 2   : Madame Nabila GUENDOUZ, Inspectrice du Travail ;\n\uf0b7 Section 3   : Monsieur Ronel CHOUT, Inspecteur du Travail\u00a0;\n\uf0b7 Section 4  \u00a0: Madame Catherine BOUGIE, Directrice Adjointe du Travail (\u00e0 l'exception des chantiers  \ndu BTP)\u00a0;\nMadame Christine COLLON, Inspectrice du Travail, pour toute activit\u00e9 exerc\u00e9e sur l'emprise d'un  \nchantier du BTP\u00a0;\n\uf0b7 Section 5  \u00a0: Madame Christine COLLON, Inspectrice du Travail ;\n\uf0b7 Section 6  \u00a0: Monsieur Sylvain QUEVAL, Inspecteur du Travail\u00a0;\n\uf0b7 Section 7  \u00a0: Monsieur Guillaume LETERREUX, Inspecteur du Travail\u00a0;\n\uf0b7 Section 8  \u00a0  : Madame Marina BARBIER, Inspectrice du Travail\u00a0;\n\uf0b7 Section 9  \u00a0: Madame Virginie PETIT, Inspectrice du Travail\u00a0;\n4. Unit\u00e9 de contr\u00f4le n\u00b04  \u00a0:\n\uf0b7 Section 1   : Monsieur Adrien LECOMPERE, Inspecteur du Travail\u00a0;\n\uf0a7 Section 2   : section vacante, l'int\u00e9rim est assur\u00e9 par Monsieur Adrien LECOMPERE,  Inspecteur du  \nTravail jusqu'au 31 ao\u00fbt 2025.\nA  compter  du  1 er septembre  2025,  Monsieur  DECROIX  S\u00e9bastien  sera  affect\u00e9  en  qualit\u00e9  \nd'Inspecteur du Travail sur la section.\n\uf0a7 Section 3   : Madame Brigitte BENOIT, Contr\u00f4leur du Travail\u00a0;\nMadame Isabelle GAULTIER, Inspectrice du Travail, est habilit\u00e9e \u00e0 prendre les d\u00e9cisions relevant de  \nla  comp\u00e9tence  exclusive  de  l'Inspecteur  du  Travail  en  vertu  de  dispositions  l\u00e9gislatives  ou  \nr\u00e9glementaires ;\n\uf0b7 Section 4  \u00a0: Monsieur Said HAMDI, Inspecteur du Travail\u00a0;\n2/3\nDirection r\u00e9gionale et interd\u00e9partementale de l'\u00e9conomie, de l'emploi, du travail et des solidarit\u00e9s d'\u00cele-de-France -\nIDF-2025-09-30-00230 - D\u00e9cision n\u00b0 2025- 185 du 30 septembre 2025\nportant affectation des agents de contr\u00f4le dans les unit\u00e9s de contr\u00f4le et gestion des int\u00e9rims au sein de la direction d\u00e9partementale\nde l'emploi, du travail et des solidarit\u00e9s des Yvelines\n22\n\uf0b7 Section 5  \u00a0: Monsieur Amine BELKIRI, Inspecteur du Travail\u00a0;\n\uf0b7 Section 6  \u00a0: Monsieur Hugues POULAIN, Inspecteur du Travail\u00a0;\n\uf0b7 Section 7  \u00a0: Madame Isabelle GAULTIER, Inspectrice du Travail\u00a0;\n\uf0b7 Section 8  \u00a0: Madame Camille AHOUANTO, Inspectrice du Travail\u00a0;\n\uf0b7 Section 9  \u00a0: Madame Armelle COLLIGNON, Inspectrice du Travail\u00a0;\n\uf0b7 Section 10  \u00a0: section vacante, l'int\u00e9rim est assur\u00e9 par\n\uf0a7 Du 1er ao\u00fbt au 30 novembre 2025, Madame Camille AHOUANTO, Inspectrice du Travail,\n\uf0a7 Du 1er d\u00e9cembre au 28 f\u00e9vrier 2026, Monsieur Hugues POULAIN, Inspecteur du Travail\u00a0;\nArticle 3 : En cas d'absence ou d'emp\u00eachement d'un ou plusieurs agents de contr\u00f4le d\u00e9sign\u00e9s \u00e0 l'article 2  \nci-dessus, l'int\u00e9rim est organis\u00e9 selon les modalit\u00e9s ci-apr\u00e8s :\n\uf0b7 Unit\u00e9 de contr\u00f4le n\u00b01\u00a0:\n- Int\u00e9rim des Inspecteurs du Travail :\nL'int\u00e9rim d'un Inspecteur du Travail de l'unit\u00e9 de contr\u00f4le n\u00b01 absent ou emp\u00each\u00e9 peut \u00eatre assur\u00e9 par un \nautre inspecteur de l'unit\u00e9 de contr\u00f4le n\u00b01 ou \u00e0 d\u00e9faut par le responsable de l'unit\u00e9 de contr\u00f4le de l'UC1  \net le cas \u00e9ch\u00e9ant par un contr\u00f4leur de l'unit\u00e9 de contr\u00f4le n\u00b01 pour les \u00e9tablissements de moins de 50  \nsalari\u00e9s.\n- Int\u00e9rim des Contr\u00f4leurs du Travail :\nL'int\u00e9rim d'un Contr\u00f4leur du Travail de l'unit\u00e9 de contr\u00f4le n\u00b01 absent ou emp\u00each\u00e9 sera assur\u00e9 par un  \nautre contr\u00f4leur de l'unit\u00e9 de contr\u00f4le n\u00b01 et le cas \u00e9ch\u00e9ant par un inspecteur de l'unit\u00e9 de contr\u00f4le n\u00b01.\n\uf0b7 Unit\u00e9 de contr\u00f4le n\u00b0 2, 3 et 4\u00a0:\n- Int\u00e9rim des Inspecteurs du Travail :\nL'int\u00e9rim  d'un  Inspecteur  du  Travail  des  unit\u00e9s  de  contr\u00f4le  2,  3  ou  4  absent  ou  emp\u00each\u00e9  sera  \nprioritairement assur\u00e9 par un autre inspecteur de la m\u00eame unit\u00e9 de contr\u00f4le, \u00e0 d\u00e9faut par un inspecteur  \nde l'une des deux autres unit\u00e9s de contr\u00f4le ou par l'un des responsables des unit\u00e9s de contr\u00f4le des UC 2,  \nUC3 ou UC4 et le cas \u00e9ch\u00e9ant par un Contr\u00f4leur du Travail de la m\u00eame unit\u00e9 de contr\u00f4le ou de l'une des  \ndeux autres unit\u00e9s de contr\u00f4le pour les \u00e9tablissements de moins de 50 salari\u00e9s.\n- Int\u00e9rim des Contr\u00f4leurs du Travail :\nL'int\u00e9rim  d'un  Contr\u00f4leur  du  Travail  des  unit\u00e9s  de  contr\u00f4le  2  ;  3  ou  4  absent  ou  emp\u00each\u00e9  sera  \nprioritairement assur\u00e9 par un autre contr\u00f4leur de la m\u00eame unit\u00e9 de contr\u00f4le, \u00e0 d\u00e9faut par un contr\u00f4leur  \nde l'une des deux autres unit\u00e9s de contr\u00f4le et le cas \u00e9ch\u00e9ant par un Inspecteur du Travail de la m\u00eame  \nunit\u00e9 de contr\u00f4le ou de l'une des deux autres unit\u00e9s de contr\u00f4le.\nArticle 4 :  En cas d'absence ou d'emp\u00eachement d'un des responsables d'unit\u00e9 de contr\u00f4le d\u00e9sign\u00e9s aux  \narticles 1 et 2 ci-dessus, l'int\u00e9rim sera assur\u00e9 par l'un des trois autres responsables d'Unit\u00e9 de Contr\u00f4le de  \nla direction d\u00e9partementale de l'emploi du travail et des solidarit\u00e9s des Yvelines.\nArticle 5\u00a0: La pr\u00e9sente d\u00e9cision prend effet le  1er octobre 2025 et abroge la d\u00e9cision n\u00b0 2025-176 du 03  \nseptembre 2025 portant affectation des agents de contr\u00f4le dans les unit\u00e9s de contr\u00f4le et gestion des  \nint\u00e9rims de la direction d\u00e9partementale de l'emploi, du travail et des solidarit\u00e9s des Yvelines.\nArticle 6  : Le directeur r\u00e9gional et interd\u00e9partemental de l'\u00e9conomie, de l'emploi, du travail et des  \nsolidarit\u00e9s d'Ile-de-France est charg\u00e9 de l'application de la pr\u00e9sente d\u00e9cision, qui sera publi\u00e9e au recueil  \ndes actes administratifs de la r\u00e9gion Ile-de-France.\nFait \u00e0 Aubervilliers, le  30 septembre 2025\nLe Directeur r\u00e9gional et interd\u00e9partemental de l'\u00e9conomie, de \nl'emploi, du travail et des solidarit\u00e9s, \nSIGN\u00c9\nFabrice MASI\n3/3\nDirection r\u00e9gionale et interd\u00e9partementale de l'\u00e9conomie, de l'emploi, du travail et des solidarit\u00e9s d'\u00cele-de-France -\nIDF-2025-09-30-00230 - D\u00e9cision n\u00b0 2025- 185 du 30 septembre 2025\nportant affectation des agents de contr\u00f4le dans les unit\u00e9s de contr\u00f4le et gestion des int\u00e9rims au sein de la direction d\u00e9partementale\nde l'emploi, du travail et des solidarit\u00e9s des Yvelines\n23\nDirection r\u00e9gionale et interd\u00e9partementale de\nl'\u00e9conomie, de l'emploi, du travail et des\nsolidarit\u00e9s d'\u00cele-de-France\nIDF-2025-09-30-00227\nD\u00e9cision n\u00b0 2025-186 du 30 septembre 2025\nportant affectation des agents de contr\u00f4le dans\nles unit\u00e9s de contr\u00f4le et gestion des int\u00e9rims de\nl'Unit\u00e9 d\u00e9partementale des Hauts-de-Seine de la\nDRIEETS d'Ile-de-France\nDirection r\u00e9gionale et interd\u00e9partementale de l'\u00e9conomie, de l'emploi, du travail et des solidarit\u00e9s d'\u00cele-de-France -\nIDF-2025-09-30-00227 - D\u00e9cision n\u00b0 2025-186 du 30 septembre 2025\nportant affectation des agents de contr\u00f4le dans les unit\u00e9s de contr\u00f4le et gestion des int\u00e9rims de l'Unit\u00e9 d\u00e9partementale des\nHauts-de-Seine de la DRIEETS d'Ile-de-France\n24\nMINISTEREDU TRAVAIL, DE LA SANTE,DES SOLIDARITESET DES FAMILLESLibert\u00e9\u00c9galit\u00e9Fraternit\u00e9\n \nDRIEETS Ile-de-France  \n19/21 rue Madeleine Vionnet  \n93300 AUBERVILLIERS                                                                                                                                                                                                                         \n  \nDirection r\u00e9gionale et interd\u00e9partementale \nde l'\u00e9conomie, de l'emploi, \ndu travail et des solidarit\u00e9s  \nd'Ile de France \n \n \n \n \n \nD\u00e9cision n\u00b0 2025-186 du 30 septembre 2025 \nportant affectation des agents de contr\u00f4le dans les unit\u00e9s de contr\u00f4le et gestion des int\u00e9rims \nde l'Unit\u00e9 d\u00e9partementale des Hauts-de-Seine de la DRIEETS d'Ile-de-France \n \n \nLe Directeur r\u00e9gional et interd\u00e9partemental de l'\u00e9conomie, de l'emploi, du travail et des solidarit\u00e9s d'Ile-\nde-France par int\u00e9rim, \n \nVu le code du travail, notamment ses articles R 8122-1 et suivants.  \n \nVu l'arr\u00eat\u00e9 interminist\u00e9riel du 12 ao\u00fbt  2025 nommant Fabrice MASI directeur r\u00e9gional et \ninterd\u00e9partemental de l'\u00e9conomie, de l'emploi, du travail et des solidarit\u00e9s d'\u00cele -de-France \u00e0 compter du \n25 ao\u00fbt 2025, \n \nVu l'arr\u00eat\u00e9 minist\u00e9riel du 25 mars 2024 portant cr\u00e9ation et r\u00e9partition des unit\u00e9s de contr\u00f4le de \nl'inspection du travail,  \n \nVu la d\u00e9cision n\u00b0 2021 -25 du 1er avril 2021 du directeur r\u00e9gional et interd\u00e9partemental de l'\u00e9conomie, de \nl'emploi, du travail et des solidarit\u00e9s d'Ile de France relative \u00e0 la localisation et \u00e0 la d\u00e9limitation des unit\u00e9s \nde contr\u00f4le et des sections d'inspection du travail de l'unit\u00e9 d\u00e9partementale des Hauts-de-Seine. \n \nD\u00c9CIDE : \n \nARTICLE 1er  \n \nSont nomm\u00e9s comme responsables des unit\u00e9s de contr\u00f4le de l' unit\u00e9 d\u00e9partementale des Hauts-de-Seine \nles agents suivants : \n \n- Unit\u00e9 de contr\u00f4le n\u00b0 1 : Madame Adeline GAZZOLA, directrice adjointe du travail. \n \n- Unit\u00e9 de contr\u00f4le n\u00b0 2 : Monsieur William WYTS, directeur adjoint du travail. \n \n- Unit\u00e9 de contr\u00f4le n\u00b0 3 : Madame Sylvie GUINOT, directrice adjointe du travail.  \n \n- Unit\u00e9 de contr\u00f4le n\u00b0 4 : Madame Samya KAMALI, directrice adjoint du travail. \n \n- Unit\u00e9 de contr\u00f4le n\u00b0 5 : Madame Nathalie NAMPON, directrice adjointe du travail. \n \n- Unit\u00e9 de contr\u00f4le n\u00b0 6 : Madame Lydia SAOULI, directrice adjointe du travail. \n \n- Unit\u00e9 de contr\u00f4le n\u00b0 7 : Madame Nathalie NAMPON, directrice adjointe du travail, par int\u00e9rim.  \n \n \nARTICLE 2  \nDirection r\u00e9gionale et interd\u00e9partementale de l'\u00e9conomie, de l'emploi, du travail et des solidarit\u00e9s d'\u00cele-de-France -\nIDF-2025-09-30-00227 - D\u00e9cision n\u00b0 2025-186 du 30 septembre 2025\nportant affectation des agents de contr\u00f4le dans les unit\u00e9s de contr\u00f4le et gestion des int\u00e9rims de l'Unit\u00e9 d\u00e9partementale des\nHauts-de-Seine de la DRIEETS d'Ile-de-France\n25\n \n2 / 6 \n \nSans pr\u00e9judice des dispositions de l'article R.8122-10-I du code du travail et conform\u00e9ment aux dispositions \nde l'article R.8122-11 du code du travail encadrant la r\u00e9partition organisationnelle des contr\u00f4les et juridique \nrelative aux d\u00e9cisions administratives et pouvoirs relevant de la comp\u00e9tence exclusive des inspecteurs du \ntravail dans les sections confi\u00e9es \u00e0 un contr\u00f4leur du travail, sont affect\u00e9s dans les sections d'inspection de \nl'unit\u00e9 d\u00e9partementale des Hauts-de-Seine les agents suivants : \n \nUnit\u00e9 de contr\u00f4le n\u00b0 1 \n \nSection 1-1 : Madame Val\u00e9rie LABATUT, inspectrice du travail.  \n \nSection 1-2 : Madame Delphine SARRASIN, inspectrice du travail. \n \nSection 1-3 : Madame Leslie SALATA, inspectrice du travail. \n \nSection 1- 4 : Monsieur Virigile GARSMEUR, inspecteur du travail.   \n \nSection 1-5 : Madame Christine ONNEE, inspectrice du travail. \n \nSection 1-6 : Madame Lisa ROUZIER, inspectrice du travail. \n \nSection 1-7 : Madame Suzanne BRUNELLI, inspectrice du travail, par int\u00e9rim.  \n \nSection 1-8 : Madame Suzanne BRUNELLI, inspectrice du travail. \n \nUnit\u00e9 de contr\u00f4le n\u00b0 2 \n \nSection 2-1 : Madame Caroline COLIN, inspectrice du travail. \n \nMadame Caroline COLIN  est \u00e9galement comp\u00e9tente pour le contr\u00f4le des \u00e9tablissements de transports \nroutiers situ\u00e9s 26, quai Charles Pasqua \u00e0 Levallois-Perret. \n \nSection 2-2 : Monsieur Timoth\u00e9e MASSON, inspecteur du travail. \n \nSection 2-3 : Monsieur Th\u00e9o NUGUES-SCHONFELD, inspecteur du travail. \n \nSection 2-4 : Monsieur Farouk DJEBARA, inspecteur du travail. \n \nSection 2-5 : Madame Manon DEMIGNE, inspectrice du travail. \n \nSection 2-6 : Monsieur Nolit DASYLVA, inspecteur du travail.  \n \nSection 2-7 : Monsieur William WYTS, Directeur adjoint du travail, par int\u00e9rim. \n \nSection 2-8 : Madame Marie-Agn\u00e8s YAPO, inspectrice du travail. \n \nSection 2 -9 : Madame Marjorie CARO , inspectr ice du travail.  En cas d'emp\u00eachement, M onsieur Th\u00e9o \nNUGUES-SCHONFELD, inspecteur du travail. \n \nSection 2-10 : Monsieur Nosr-Eddine SEGHILI, inspecteur du travail, par int\u00e9rim. \n \nSection 2-11 : Monsieur Nosr-Eddine SEGHILI, inspecteur du travail. \n \nDirection r\u00e9gionale et interd\u00e9partementale de l'\u00e9conomie, de l'emploi, du travail et des solidarit\u00e9s d'\u00cele-de-France -\nIDF-2025-09-30-00227 - D\u00e9cision n\u00b0 2025-186 du 30 septembre 2025\nportant affectation des agents de contr\u00f4le dans les unit\u00e9s de contr\u00f4le et gestion des int\u00e9rims de l'Unit\u00e9 d\u00e9partementale des\nHauts-de-Seine de la DRIEETS d'Ile-de-France\n26\n \n3 / 6 \nSection 2-12 : Monsieur Youssef CHEHADY, inspecteur du travail. \n \nUnit\u00e9 de contr\u00f4le n\u00b0 3 \n \nSection 3-1 : Madame St\u00e9phanie QUECHON, inspectrice du travail. \n \nSection 3-2 : Madame Ouarda SAOULA, inspectrice du travail. \n \nSection 3-3 : Monsieur Ronan LE VERGE, inspecteur du travail. \n \nSection 3-4 : Monsieur Guillaume THENOZ, inspecteur du travail. \n \nSection 3-5 : Monsieur Simon MAES, inspecteur du travail. \n \nSection 3-6 : Madame Sylvie BOBIN, inspectrice du travail.  \n \nSection 3-7 : Madame St\u00e9phanie HUDE, inspectrice du travail.  \n \nSection 3-8 : Monsieur Fr\u00e9d\u00e9ric PICARD, inspecteur du travail. \n \nSection 3-9 : Monsieur Philippe GARNEAU, contr\u00f4leur du travail. \n \nMonsieur Simon MAES , inspecteur du travail, est charg\u00e9 du contr\u00f4le des \u00e9tablissements d'au moins 50 \nsalari\u00e9s. \nIl est en outre comp\u00e9tent sur cette section pour prendre les d\u00e9cisions relevant de la comp\u00e9tence exclusive \nde l'inspecteur du travail en vertu de dispositions l\u00e9gislatives ou r\u00e9glementaires.  \n \nSection 3-10 : Monsieur Gaspard CHEVRIER, inspecteur du travail. \n \nSection 3-11 : Monsieur Philippe GARNEAU, contr\u00f4leur du travail, par int\u00e9rim. \n \nMonsieur Gaspard CHEVRIER, inspecteur du travail, est charg\u00e9 du contr\u00f4le des \u00e9tablissements d'au moins \n50 salari\u00e9s. \nIl est en outre comp\u00e9tent sur cette section pour prendre les d\u00e9cisions relevant de la comp\u00e9tence exclusive \nde l'inspecteur du travail en vertu de dispositions l\u00e9gislatives ou r\u00e9glementaires.  \n \n \nSection 3-12 : Madame Sylvie GUINOT, Directrice adjointe du travail, par int\u00e9rim. \n \nUnit\u00e9 de contr\u00f4le n\u00b0 4 \n \nSection 4-1 : Madame Martine JULAUD, inspectrice du travail, par int\u00e9rim.  \n \nSection 4-2 : Madame B\u00e9n\u00e9dicte MALAVASI, inspectrice du travail. \n \nSection 4-3 : Monsieur Mathieu DUCELIER, inspecteur du travail. \n \nSection 4-4 : Madame B\u00e9n\u00e9dicte MALAVASI, inspectrice du travail, par int\u00e9rim. \n \nSection 4-5 : Madame Martine JULAUD, inspectrice du travail.  \n \nSection 4-6 : Madame In\u00e8s WERTHEIMER, inspectrice du travail, par int\u00e9rim. \n \nDirection r\u00e9gionale et interd\u00e9partementale de l'\u00e9conomie, de l'emploi, du travail et des solidarit\u00e9s d'\u00cele-de-France -\nIDF-2025-09-30-00227 - D\u00e9cision n\u00b0 2025-186 du 30 septembre 2025\nportant affectation des agents de contr\u00f4le dans les unit\u00e9s de contr\u00f4le et gestion des int\u00e9rims de l'Unit\u00e9 d\u00e9partementale des\nHauts-de-Seine de la DRIEETS d'Ile-de-France\n27\n \n4 / 6 \nSection 4-7 : Monsieur Simon MAUGER, inspecteur du travail, par int\u00e9rim. \n \nSection 4-8 : Monsieur Simon MAUGER, inspecteur du travail. \n \nSection 4-9 : Madame In\u00e8s WERTHEIMER, inspectrice du travail. \n \nSection 4-10 : Monsieur Beno\u00eet GOUEL, inspecteur du travail.  \n \nSection 4-11 : Madame Aur\u00e9lie LEHOUX, inspectrice du travail. \n \nSection 4-12 : Monsieur Richard BOUDET, inspecteur du travail. \n \nSection 4-13 : Monsieur Richard BOUDET, inspecteur du travail, par int\u00e9rim. \n \nUnit\u00e9 de contr\u00f4le n\u00b0 5 \n \nSection 5-1 : Monsieur St\u00e9phane GRIMALDI, inspecteur du travail. En cas d'emp\u00eachement, Monsieur Beno\u00eet \nCHOPPIN, inspecteur du travail. \n \nSection 5-2 : Monsieur Benoit CHOPPIN, inspecteur du travail.  \n \nSection 5-3 : Madame Anne BOULANGER, inspectrice du travail.  \n \nSection 5-4 : Madame Alexia JOUZEL, inspectrice du travail. \n \nSection 5-5 : Monsieur David BLOYS, contr\u00f4leur du travail. \n \nMadame Alexia JOUZEL, inspectrice du travail, est charg\u00e9 e du contr\u00f4le des \u00e9tablissements d'au moins 50 \nsalari\u00e9s. \nElle est en outre comp\u00e9tent e sur cette section pour prendre les d\u00e9cisions relevant de la comp\u00e9tence \nexclusive de l'inspecteur du travail en vertu de dispositions l\u00e9gislatives ou r\u00e9glementaires, par int\u00e9rim.  \n \nSection 5-6 : Monsieur David BLOYS contr\u00f4leur du travail, par int\u00e9rim.  \n \nMadame Camille LARBANET -MONTUSCLAT, inspectrice du travail, est charg\u00e9e du contr\u00f4le des \n\u00e9tablissements d'au moins 50 salari\u00e9s. \nElle est en outre comp\u00e9tente sur cette section pour prendre les d\u00e9cisions relevant de la comp\u00e9tence \nexclusive de l'inspecteur du travail en vertu de dispositions l\u00e9gislatives ou r\u00e9glementaires, par int\u00e9rim.  \n \n \nSection 5-7 : Madame Audrey RAMASAWMY, contr\u00f4leur du travail. Madame Audrey RAMASAWMY est en \noutre comp\u00e9tente pour les chantiers de la section 5-1. \n \nMadame Anne-V\u00e9ronique PENSEREAU, inspectrice du travail, est charg\u00e9e du contr\u00f4le des \u00e9tablissements \nd'au moins 50 salari\u00e9s. \nElle est en outre comp\u00e9tente sur cette section pour prendre, les d\u00e9cisions relevant de la comp\u00e9tence \nexclusive de l'inspecteur du travail en vertu de dispositions l\u00e9gislatives ou r\u00e9glementaires.  \n \nSection 5-8 : Madame Anne-V\u00e9ronique PENSEREAU, inspectrice du travail. \n \nSection 5-9 : Madame Francine LAURENT, inspectrice du travail. \n \nSection 5-10 : Madame Camille LARBANET-MONTUSCLAT, inspectrice du travail. \nDirection r\u00e9gionale et interd\u00e9partementale de l'\u00e9conomie, de l'emploi, du travail et des solidarit\u00e9s d'\u00cele-de-France -\nIDF-2025-09-30-00227 - D\u00e9cision n\u00b0 2025-186 du 30 septembre 2025\nportant affectation des agents de contr\u00f4le dans les unit\u00e9s de contr\u00f4le et gestion des int\u00e9rims de l'Unit\u00e9 d\u00e9partementale des\nHauts-de-Seine de la DRIEETS d'Ile-de-France\n28\n \n5 / 6 \n \nSection 5-11 : Monsieur Gwendal HELARY, inspecteur du travail. \n \n \nUnit\u00e9 de contr\u00f4le n\u00b0 6 \n \nSection 6-1 : Monsieur Joris MONIER, inspecteur du travail. \n \nSection 6-2 : Madame Audrey COLLOBERT-MASSA, inspectrice du travail. \n \nSection 6-3 : Madame Laure BONDUELLE, inspectrice du travail. \n \nSection 6-4 : Monsieur Jean-Fran\u00e7ois GOS, inspecteur du travail, par int\u00e9rim.  \n \nSection 6-5 : Madame Laurence LEPROVOST, inspectrice du travail. \n \nSection 6-6 : Monsieur William RICHETON, inspecteur du travail. \n \nSection 6-7 : Monsieur Farid OUNISSI, inspecteur du travail. \n \nSection 6-8 : Monsieur Gilles FERNANDES, inspecteur du travail. \n \nSection 6-9 : Monsieur Hubert GOURDET , inspecteur du travail . En cas d'emp\u00eachement, M onsieur Farid \nOUNISSI, inspecteur du travail. \n \nUnit\u00e9 de contr\u00f4le n\u00b0 7 \n \nSection 7-1 : Madame Soizic DUPIRE, inspectrice du travail.  \n \nSection 7-2 : Madame Lise FRIQUET, inspectrice du travail. \n \nSection 7 -3 : Madame Anne Charlotte BONNEFONT, inspectrice du travail.  En cas d'emp\u00eachement, \nMadame Sophie ALGALARRONDO. \n \nSection 7-4 : Madame Oc\u00e9ane DELATTRE, inspectrice du travail. \n \nSection 7-5 : Monsieur Jean-Fran\u00e7ois GOS, inspecteur du travail. \n \nSection 7-6 : Madame Sophie ALGALARRONDO, inspectrice du travail. \n \nSection 7-7 : Monsieur Ludovic FOLY, inspecteur du travail. \n \nSection 7-8 : Monsieur Norbert MAHON, inspecteur du travail.  \n \nSection 7-9 : Madame M\u00e9lina SIERRA, inspectrice du travail.  \n \nARTICLE 3 \n \nEn cas d'absence ou d'emp\u00eachement d'un directeur adjoint du travail, d'un inspecteur ou contr\u00f4leur du \ntravail charg\u00e9 des actions d'inspection de la l\u00e9gislation du travail dans les sections d'inspection du travail \nen application de l'article 2, l'int\u00e9rim est organis\u00e9 selon les modalit\u00e9s ci-apr\u00e8s : \n \n- Int\u00e9rim des directeurs-adjoints du travail et des inspecteurs du travail : \nDirection r\u00e9gionale et interd\u00e9partementale de l'\u00e9conomie, de l'emploi, du travail et des solidarit\u00e9s d'\u00cele-de-France -\nIDF-2025-09-30-00227 - D\u00e9cision n\u00b0 2025-186 du 30 septembre 2025\nportant affectation des agents de contr\u00f4le dans les unit\u00e9s de contr\u00f4le et gestion des int\u00e9rims de l'Unit\u00e9 d\u00e9partementale des\nHauts-de-Seine de la DRIEETS d'Ile-de-France\n29\n \n6 / 6 \n \nL'int\u00e9rim d'un directeur -adjoint du travail ou d'un inspecteur du travail absent ou emp\u00each\u00e9 sera \nprioritairement assur\u00e9 par un inspecteur du travail charg\u00e9 des actions d'inspection de la l\u00e9gislation du \ntravail dans les sections d'inspection du travail, en application de l'article 2, \u00e0 d\u00e9faut par un responsable \nd'unit\u00e9 de contr\u00f4le d\u00e9sign\u00e9 \u00e0 l'article 1 et le cas \u00e9ch\u00e9ant par un contr\u00f4leur du travail, tous deux charg\u00e9s \ndes actions d'inspection de la l\u00e9gislation du travail dans les sections d'inspection du travail, en application \nde l'article 2 pour les \u00e9tablissements de moins de 50 salari\u00e9s. \n \n \n- Int\u00e9rim des contr\u00f4leurs du travail : \n \nL'int\u00e9rim d'un contr\u00f4leur du travail absent ou emp\u00each\u00e9 sera assur\u00e9 par un inspecteur du travail ou un \ncontr\u00f4leur du travail charg\u00e9 des actions d'inspection de la l\u00e9gislation du travail dans les sections \nd'inspection du travail, en application de l'article 2. Lorsque l'int\u00e9rim est assur\u00e9 par un contr\u00f4leur du travail, \nles pouvoirs de d\u00e9cision administrative relevant de la comp\u00e9tence exclusive d'un inspecteur du travail sont \nconfi\u00e9s \u00e0 un inspecteur du travail charg\u00e9 des actions d'inspection de la l\u00e9gislation d u travail dans les \nsections d'inspection du travail en application de l'article 2 ou \u00e0 un responsable d'unit\u00e9 de contr\u00f4le d\u00e9sign\u00e9 \n\u00e0 l'article 1, auxquels le contr\u00f4le des \u00e9tablissements de plus de 50 salari\u00e9s peut \u00eatre confi\u00e9.  \n \nARTICLE 4  \n \nEn cas d'absence ou d'emp\u00eachement d'un des responsables d'unit\u00e9 de contr\u00f4le d\u00e9sign\u00e9s \u00e0 l'article 1, \nl'int\u00e9rim est confi\u00e9 prioritairement \u00e0 un autre responsable d'unit\u00e9 de contr\u00f4le d\u00e9sign\u00e9s \u00e0 l'article 1, \u00e0 d\u00e9faut \n\u00e0 Monsieur J\u00e9r\u00f4me SAJOT, directeur du travail. \n \nARTICLE 5  \n \nConform\u00e9ment aux dispositions de l'article R.8122-10 du code du travail, les agents mentionn\u00e9s aux articles \n1 et 2 participent, lorsque l'action le rend n\u00e9cessaire, aux actions d'inspection de la l\u00e9gislation du travail \nsur le territoire de l'Unit\u00e9 d\u00e9partem entale de la DRIEETS \u00e0 laquelle est rattach\u00e9e l'unit\u00e9 de contr\u00f4le o\u00f9 ils \nsont affect\u00e9s. \n \nARTICLE 6 \n \nLa pr\u00e9sente d\u00e9cision prend effet \u00e0 la date de sa publication  et abroge la d\u00e9cision n\u00b0 2025- 177 du 3 \nseptembre 2025 portant affectation des agents de contr\u00f4le dans les unit\u00e9s de contr\u00f4le et gestion des \nint\u00e9rims de l'unit\u00e9 d\u00e9partementale des Hauts-de-Seine de la DRIEETS d'Ile-de-France. \n \nARTICLE 7 \n \nLe Directeur r\u00e9gional et interd\u00e9partemental de l'\u00e9conomie, de l'emploi, du travail et des solidarit\u00e9s d'Ile -\nde-France par int\u00e9rim est charg\u00e9 de l'application de la pr\u00e9sente d\u00e9cision, qui sera publi\u00e9e au recueil des \nactes administratifs de la r\u00e9gion Ile-de-France.  \n \n \n \nFait \u00e0 Aubervilliers, le 30 septembre 2025 \n \nLe directeur r\u00e9gional et interd\u00e9partemental de \nl'\u00e9conomie, de l'emploi, du travail et des solidarit\u00e9s, \n \nSIGN\u00c9 \nFabrice Masi \nDirection r\u00e9gionale et interd\u00e9partementale de l'\u00e9conomie, de l'emploi, du travail et des solidarit\u00e9s d'\u00cele-de-France -\nIDF-2025-09-30-00227 - D\u00e9cision n\u00b0 2025-186 du 30 septembre 2025\nportant affectation des agents de contr\u00f4le dans les unit\u00e9s de contr\u00f4le et gestion des int\u00e9rims de l'Unit\u00e9 d\u00e9partementale des\nHauts-de-Seine de la DRIEETS d'Ile-de-France\n30\nDirection r\u00e9gionale et interd\u00e9partementale de\nl'\u00e9conomie, de l'emploi, du travail et des\nsolidarit\u00e9s d'\u00cele-de-France\nIDF-2025-09-30-00228\nD\u00e9cision n\u00b0 2025-187 du 30 septembre 2025\nportant affectation des agents de contr\u00f4le dans\nles unit\u00e9s de contr\u00f4le et gestion des int\u00e9rims de\nl'unit\u00e9 d\u00e9partementale de la Seine-Saint-Denis\nde la DRIEETS d'\u00cele-de-France\nDirection r\u00e9gionale et interd\u00e9partementale de l'\u00e9conomie, de l'emploi, du travail et des solidarit\u00e9s d'\u00cele-de-France -\nIDF-2025-09-30-00228 - D\u00e9cision n\u00b0 2025-187 du 30 septembre 2025\nportant affectation des agents de contr\u00f4le dans les unit\u00e9s de contr\u00f4le et gestion des int\u00e9rims de l'unit\u00e9 d\u00e9partementale de la\nSeine-Saint-Denis de la DRIEETS d'\u00cele-de-France\n31\nMINISTEREDU TRAVAIL, DE LA SANTE,DES SOLIDARITESET DES FAMILLESLibert\u00e9\u00c9galit\u00e9Fraternit\u00e9\n \n \nDRIEETS d'\u00cele-de-France  \n21 rue Madeleine Vionnet  \n93 300 AUBERVILLIERS                                                                                                                                                                                                           \n \nDirection r\u00e9gionale et interd\u00e9partementale \nde l'\u00e9conomie, de l'emploi, \ndu travail et des solidarit\u00e9s \n  \n \n \n \n \nD\u00e9cision n\u00b0 2025-187 du 30 septembre 2025 \nportant affectation des agents de contr\u00f4le dans les unit\u00e9s de contr\u00f4le  \net gestion des int\u00e9rims de l'unit\u00e9 d\u00e9partementale de la Seine-Saint-Denis \nde la DRIEETS d'\u00cele-de-France \n \n \nLe Directeur r\u00e9gional et interd\u00e9partemental de l'\u00e9conomie, de l'emploi, du travail et des solidarit\u00e9s \nd'\u00cele-de-France, \n \nVu le code du travail, notamment ses articles R 8122-1 et suivants ;  \n \nVu l'arr\u00eat\u00e9 interminist\u00e9riel du 12 ao\u00fbt 2025 nommant Monsieur Fabrice MASI directeur r\u00e9gional et \ninterd\u00e9partemental de l'\u00e9conomie, de l'emploi, du travail et des solidarit\u00e9s d'Ile -de-France \u00e0 \ncompter du 25 aout 2025 ; \n \nVu l'arr\u00eat\u00e9 minist\u00e9riel du 25 mars 2024 portant r\u00e9partition des unit\u00e9s de contr \u00f4le de l'inspection \ndu travail ; \n \nVu la d\u00e9cision n\u00b0 2021 -28 du 1 er avril 2021 du directeur r\u00e9gional et interd\u00e9partemental de \nl'\u00e9conomie, de l'emploi, du travail et des solidarit\u00e9s d'Ile de France relative \u00e0 la localisation et \u00e0 la \nd\u00e9limitation des unit\u00e9s de contr\u00f4le et des sections d'inspection du travail de l'unit\u00e9 \nd\u00e9partementale de Seine-Saint-Denis ; \n \n \nD\u00c9CIDE : \n \n \nArticle 1 : Sont nomm\u00e9s comme responsables des unit\u00e9s de contr\u00f4le de l'unit\u00e9 d\u00e9partementale de \nla Seine-Saint-Denis, les agents suivants :  \n \nUnit\u00e9 de contr\u00f4le n\u00b0 1 : Madame Linda ABERKAN, directrice adjointe du travail \nUnit\u00e9 de contr\u00f4le n\u00b0 2 : Madame Elodie GIRON, directrice adjointe du travail   \nUnit\u00e9 de contr\u00f4le n\u00b0 3 : Madame Lynda KEHILA, directrice adjointe du travail \nUnit\u00e9 de contr\u00f4le n\u00b0 4 :  Madame St\u00e9phanie CARRASSET, directrice adjointe du travail \nUnit\u00e9 de contr\u00f4le n\u00b0 5 : Madame Ingrid BURGUNDER, directrice adjointe du travail \n \nSans pr\u00e9judice des attributions des agents de contr\u00f4le affect\u00e9s en section, ils exercent une mission \nde contr\u00f4le en appui \u00e0 toutes les sections d'inspection et \u00e0 titre principal aux sections de l'unit\u00e9 \ndont ils ont la responsabilit\u00e9. \n \n \nArticle 2 : Sont affect\u00e9s dans les sections d'inspection de l'unit\u00e9 d\u00e9partementale de la Seine-Saint-\nDenis, les agents de contr\u00f4le, charg\u00e9s des actions d'inspection de la l\u00e9gislation du travail dans les \nentreprises, dont les noms suivent : \n \nDirection r\u00e9gionale et interd\u00e9partementale de l'\u00e9conomie, de l'emploi, du travail et des solidarit\u00e9s d'\u00cele-de-France -\nIDF-2025-09-30-00228 - D\u00e9cision n\u00b0 2025-187 du 30 septembre 2025\nportant affectation des agents de contr\u00f4le dans les unit\u00e9s de contr\u00f4le et gestion des int\u00e9rims de l'unit\u00e9 d\u00e9partementale de la\nSeine-Saint-Denis de la DRIEETS d'\u00cele-de-France\n32\n \n \n2 / 5 \n \n \nUnit\u00e9 de contr\u00f4le n\u00b0 1  \n \nSection 1-1 : Madame Sophie LE QUERE, inspectrice du travail \n \nSection 1-2 : Monsieur Camille DIQUAS, inspecteur du travail  \n \nSection 1-3 : Madame Julia INZOUDINE, inspectrice du travail \n \nSection 1-4 : Monsieur St\u00e9phane DUPOMMIER, inspecteur du travail  \n \nSection 1-5 : Madame Linda ABERKAN, directrice adjointe du travail  \n \nSection 1-6 : Monsieur Jonathan KLUR, inspecteur du travail \n \nSection 1-7 : Madame C\u00e9cile DRILLEAU, inspectrice du travail \n \nSection 1-8 : Madame St\u00e9phanie DESPLAN, inspectrice du travail \n \n \nUnit\u00e9 de contr\u00f4le n\u00b0 2  \n \nSection 2-1 :  Madame Amanda AMATE, directrice adjointe du travail \n \nSection 2-2 : Poste vacant, l'int\u00e9rim est assur\u00e9 par Madame Olivia DOLIBEAU, inspectrice du travail \n\u00e0 l'exception des \u00e9tablissements BERGERAT MONNOYEUR (Siret 380 231 316 00015) et BERGERAT \nMONNOYEUR SERVICES (Siret 383 933 942 00013)  pour lesquels la comp\u00e9tence est attribu\u00e9e \u00e0 \nMonsieur Othman VARGAS, inspecteur du travail \n \nSection 2-3 :  Madame Manon JOUGLET, inspectrice du travail  \n \nSection 2-4 : Madame Isabelle LAGARDE, inspectrice du travail \n \nSection 2-5 : Poste vacant, l'int\u00e9rim est assur\u00e9 par Madame Camille PERRODIN, inspectrice du \ntravail \u00e0 l'exception des \u00e9tablissements ADEF RESIDENCES - ADEF LA MAISON DU POMMIER \nPOURPRE (Siret 323 649 525 00504 ) et ADEF RESIDENCES - ADEF RESIDENCES LA MAISON DU \nLAURIER NOBLE  (Siret 323  649 525 00306)  pour lesquels la comp\u00e9tence est attribu\u00e9e \u00e0 Madame \nManon JOUGLET, inspectrice du travail \n \nSection 2-6 : Monsieur Nicolas PIREZ, inspecteur du travail \n \nSection 2-7 : Madame Olivia DOLIBEAU, inspectrice du travail \n \nSection 2-8 : Monsieur Flavien CHAILLEUX, inspecteur du travail \n \nSection 2-9 : Madame Camille PERRODIN, inspectrice du travail   \n \nSection 2-10 : Monsieur Othman VARGAS, inspecteur du travail \n \nSection 2-11 : Monsieur Vincent BOUYX, inspecteur du travail  \n \nSection 2-12 : Madame Madison FLUCHER, inspectrice du travail \n \nDirection r\u00e9gionale et interd\u00e9partementale de l'\u00e9conomie, de l'emploi, du travail et des solidarit\u00e9s d'\u00cele-de-France -\nIDF-2025-09-30-00228 - D\u00e9cision n\u00b0 2025-187 du 30 septembre 2025\nportant affectation des agents de contr\u00f4le dans les unit\u00e9s de contr\u00f4le et gestion des int\u00e9rims de l'unit\u00e9 d\u00e9partementale de la\nSeine-Saint-Denis de la DRIEETS d'\u00cele-de-France\n33\n \n \n3 / 5 \n \nUnit\u00e9 de contr\u00f4le n\u00b0 3 \n \nSection 3-1 : Madame L\u00e9na PERTUY, inspectrice du travail  \n \nSection 3-2 : Monsieur Mathieu MARQUET,  inspecteur du travail , en cas d'absence ou \nd'emp\u00eachement de Monsieur Mathieu MARQUET, l'int\u00e9rim est assur\u00e9 par Monsieur Pierre VILLERET, \ninspecteur du travail \n \nSection 3-3 : Madame Asma\u00e2 EL JERRARI, inspectrice du travail  \n \nSection 3-4 : Madame Delphine GUYOMARCH, inspectrice du travail  \n \nSection 3-5 : Monsieur Simon CADY, inspecteur du travail \n \nSection 3-6 : Madame Lila RABESON, inspectrice du travail \n \nSection 3-7 : Madame Sandrine POUET, inspectrice du travail \n \nSection 3-8 : Monsieur Toufik DAHMANI, inspecteur du travail  \n \nSection 3-9 : Monsieur Samir ROCHDI, inspecteur du travail \n \nSection 3-10 : Monsieur Marc DE MAGALHAES, inspecteur du travail  \n \nSection 3-11 : Monsieur Pierre VILLERET, inspecteur du travail \n \n \nUnit\u00e9 de contr\u00f4le n\u00b0 4  \n \nSection 4-1 : Madame Charline MAINGUY, inspectrice du travail  \n \nSection 4-2 : Madame Julie COURT, directrice adjointe du travail \n \nSection 4-3 : Monsieur Eddy TALBOT, inspecteur du travail  \n \nSection 4-4 : Poste vacant, l'int\u00e9rim est assur\u00e9 par Madame Julie COURT, directrice adjointe du \ntravail, \u00e0 l'exception des \u00e9tablissements CAISSE D'ALLOCATIONS FAMILIALES DE SEINE -SAINT-\nDENIS (Siret 380 980 300 000 95 ) et B5 GROUP (Siret 980 666 226 000 17 ) pour lesquels la \ncomp\u00e9tence est attribu\u00e9e \u00e0 Monsieur Eddy TALBOT, inspecteur du travail \n \nSection 4-5 : Poste vacant, l'int\u00e9rim est assur\u00e9 par Monsieur Nabil EL KHANTACHE, inspecteur du \ntravail  \n \nSection 4-6 : Madame Marie GAILLARD MARTIN, inspectrice du travail  \n \nSection 4-7 : Monsieur Fran\u00e7ois LE FLOCH, inspecteur du travail  \n \nSection 4-8 : Monsieur Nabil EL KHANTACHE, inspecteur du travail  \n \nSection 4-9 : Madame Nadine TETRON, inspectrice du travail  \n \nSection 4-10 : Madame Hanaline BREL, inspectrice du travail  \n \nDirection r\u00e9gionale et interd\u00e9partementale de l'\u00e9conomie, de l'emploi, du travail et des solidarit\u00e9s d'\u00cele-de-France -\nIDF-2025-09-30-00228 - D\u00e9cision n\u00b0 2025-187 du 30 septembre 2025\nportant affectation des agents de contr\u00f4le dans les unit\u00e9s de contr\u00f4le et gestion des int\u00e9rims de l'unit\u00e9 d\u00e9partementale de la\nSeine-Saint-Denis de la DRIEETS d'\u00cele-de-France\n34\n \n \n4 / 5 \n \n \nUnit\u00e9 de contr\u00f4le n\u00b0 5  \n \nSection 5-1 : Monsieur Fr\u00e9d\u00e9ric RAKOTONIAINA, inspecteur du travail \n \nSection 5-2 : Monsieur Jules GRENET, inspecteur du travail \n \nSection 5-3 : Monsieur Vincent BOUZRAR, directeur adjoint du travail \n \nSection 5-4 : Monsieur Jean GIRAUD, inspecteur du travail \n \nSection 5-5 : Madame Ga\u00eblle BORDAS, directrice adjointe du travail \n \nSection 5-6 : Madame Ingrid LEFEBVRE-LEJEUNE, inspectrice du travail \n \nSection 5-7 : Madame Laure FOGHA-YOUMSI, inspectrice du travail  \n \nSection 5-8 : Monsieur Laurent COQUEL, inspecteur du travail  \n \nSection 5-9 : Madame Ingrid BURGUNDER, directrice adjointe du travail  \n \n \nArticle 3  \n \nEn cas d'absence ou d'emp\u00eachement d'un agent de contr\u00f4le, l'int\u00e9rim est assur\u00e9, \u00e0 titre principal, \npar un agent de contr\u00f4le affect\u00e9 dans la m\u00eame unit\u00e9 de contr\u00f4le ou, lorsque les circonstances le \nn\u00e9cessitent, par un agent de contr\u00f4le affect\u00e9 sur l'une des autres unit\u00e9s de contr\u00f4le de la Seine -\nSaint-Denis. \n \n \nArticle 4  \n \nLa pr\u00e9sente d\u00e9cision prend effet \u00e0 sa date de publication. \n \nLa d\u00e9cision n\u00b0 2025-174 du 03 septembre 2025 portant affectation des agents de contr\u00f4le dans les \nunit\u00e9s de contr\u00f4le et gestion des int\u00e9rims de l' unit\u00e9 d\u00e9partementale de la Seine -Saint-Denis de la \nDRIEETS d'\u00cele-de-France est abrog\u00e9e. \n \n \nArticle 5  \n \nLe Directeur r\u00e9gional et interd\u00e9partemental de l'\u00e9conomie, de l'emploi, du travail et des solidarit\u00e9s \nd'Ile-de-France est charg\u00e9 de l'application de la pr\u00e9sente d\u00e9cision, qui sera publi\u00e9e au recueil des \nactes administratifs de la r\u00e9gion \u00cele-de-France.  \n \nFait \u00e0 Aubervilliers, le   30 septembre 2025 \n \nLe Directeur r\u00e9gional et interd\u00e9partemental  \nde l'\u00e9conomie, de l'emploi, du travail et des solidarit\u00e9s,  \n       \n                                   SIGN\u00c9 \n \nFabrice MASI \nDirection r\u00e9gionale et interd\u00e9partementale de l'\u00e9conomie, de l'emploi, du travail et des solidarit\u00e9s d'\u00cele-de-France -\nIDF-2025-09-30-00228 - D\u00e9cision n\u00b0 2025-187 du 30 septembre 2025\nportant affectation des agents de contr\u00f4le dans les unit\u00e9s de contr\u00f4le et gestion des int\u00e9rims de l'unit\u00e9 d\u00e9partementale de la\nSeine-Saint-Denis de la DRIEETS d'\u00cele-de-France\n35\n \n \n5 / 5 \n \n \nDirection r\u00e9gionale et interd\u00e9partementale de l'\u00e9conomie, de l'emploi, du travail et des solidarit\u00e9s d'\u00cele-de-France -\nIDF-2025-09-30-00228 - D\u00e9cision n\u00b0 2025-187 du 30 septembre 2025\nportant affectation des agents de contr\u00f4le dans les unit\u00e9s de contr\u00f4le et gestion des int\u00e9rims de l'unit\u00e9 d\u00e9partementale de la\nSeine-Saint-Denis de la DRIEETS d'\u00cele-de-France\n36","date":"2025-10-15","first_seen_on":"2025-10-15T15:21:46+00:00","id":"313137cdd724225b529ad28c35b79205d44276909c7339bb162f3e07be8e5806","name":"recueil-idf-033-2025-10-RAA-nominatifs du 15.10.2025","pdf_creation_date":"2025-10-15T14:48:29+00:00","pdf_modification_date":null,"timezone":"Europe/Paris","url":"https://www.prefectures-regions.gouv.fr/ile-de-france/irecontenu/telechargement/131826/967924/file/recueil-idf-033-2025-10-RAA-nominatifs%20du%2015.10.2025.pdf"}
